{"id":3546,"date":"2025-11-18T06:59:07","date_gmt":"2025-11-18T06:59:07","guid":{"rendered":"https:\/\/www.markus-schall.de\/?p=3546"},"modified":"2026-03-24T18:24:25","modified_gmt":"2026-03-24T18:24:25","slug":"dieter-bohlen-srozumitelne-o-tom-proc-nemecko-selhava-kvuli-vlastni-byrokracii","status":"publish","type":"post","link":"https:\/\/www.markus-schall.de\/cs\/2025\/11\/dieter-bohlen-srozumitelne-o-tom-proc-nemecko-selhava-kvuli-vlastni-byrokracii\/","title":{"rendered":"Dieter Bohlen srozumiteln\u011b: Pro\u010d N\u011bmecko selh\u00e1v\u00e1 kv\u016fli vlastn\u00ed byrokracii"},"content":{"rendered":"<p>Tento \u010dl\u00e1nek upozor\u0148uje na ned\u00e1vn\u00fd, pozoruhodn\u011b up\u0159\u00edmn\u00fd rozhovor mezi Dieterem Bohlenem - dlouholet\u00fdm hudebn\u00edm producentem, podnikatelem a jednou z nejzn\u00e1m\u011bj\u0161\u00edch tv\u00e1\u0159\u00ed n\u011bmeck\u00e9 popkultury - a Dominikem Kettnerem, odborn\u00edkem na drah\u00e9 kovy, youtuberem a finan\u010dn\u00edm podnikatelem, kter\u00fd se ji\u017e l\u00e9ta zab\u00fdv\u00e1 ochranou majetku a ekonomick\u00fdmi trendy.<\/p>\n<p>Na prvn\u00ed pohled se setk\u00e1n\u00ed obou zd\u00e1 b\u00fdt neobvykl\u00e9: zde bavi\u010d s des\u00edtkami let mezin\u00e1rodn\u00edch zku\u0161enost\u00ed, zde finan\u010dn\u00ed analytik, kter\u00fd oslovuje p\u0159edev\u0161\u00edm st\u0159adatele a podnikatele, kte\u0159\u00ed dbaj\u00ed na bezpe\u010dnost. Ale pr\u00e1v\u011b tato sm\u011bs \u010din\u00ed rozhovor tak vzru\u0161uj\u00edc\u00edm. Bohlen mluv\u00ed otev\u0159en\u011b, bez PR filtru, zat\u00edmco Kettner se do slo\u017eit\u00e9ho v\u00fdvoje pono\u0159uje a \u010din\u00ed ho hmatateln\u00fdm. Spole\u010dn\u011b vytv\u00e1\u0159ej\u00ed prostor, v n\u011bm\u017e se prol\u00edn\u00e1 ne\u017e\u00e1douc\u00ed politick\u00fd v\u00fdvoj, ekonomick\u00e1 rizika a osobn\u00ed zku\u0161enosti - jasn\u011b, p\u0159\u00edmo a bez vyt\u00e1\u010dek.<!--more--><\/p>\n<hr \/>\n\n\t\t\t<div class=\"display-post-types\">\n\n\t\t\t\t\t\t\t<style type=\"text\/css\">\n\t\t\t#dpt-wrapper-916 { --dpt-text-align: left;--dpt-image-crop: center;--dpt-border-radius: 5px;--dpt-h-gutter: 10px;--dpt-v-gutter: 9px; }\t\t\t<\/style>\n\t\t\t<style type=\"text\/css\">#dpt-wrapper-916 { --dpt-title-font-style:normal;--dpt-title-font-weight:600;--dpt-title-line-height:1.5;--dpt-title-text-decoration:none;--dpt-title-text-transform:none;--dpt-excerpt-font-style:normal;--dpt-excerpt-font-weight:400;--dpt-excerpt-line-height:1.5;--dpt-excerpt-text-decoration:none;--dpt-excerpt-text-transform:none;--dpt-meta1-font-style:normal;--dpt-meta1-font-weight:400;--dpt-meta1-line-height:1.9;--dpt-meta1-text-decoration:none;--dpt-meta1-text-transform:none;--dpt-meta2-font-style:normal;--dpt-meta2-font-weight:400;--dpt-meta2-line-height:1.9;--dpt-meta2-text-decoration:none;--dpt-meta2-text-transform:none; }<\/style><div class=\"dpt-main-header\">\n\t\t\t\t\t\t<div class=\"dpt-main-title\">\n\t\t\t\t\t\t\t<span class=\"dpt-main-title-text\">Soci\u00e1ln\u00ed ot\u00e1zky sou\u010dasnosti<\/span>\n\t\t\t\t\t\t<\/div>\n\t\t\t\t\t\t\n\t\t\t\t\t\t\n\t\t\t\t\t\t\n\t\t\t\t\t\t<\/div>\t\t\t\n\t\t\t\t<div id=\"dpt-wrapper-916\" class=\"dpt-wrapper dpt-mag1 land1 dpt-cropped dpt-flex-wrap\" >\n\n\t\t\t\t\t\t\t\t\t\t\t<div class=\"dpt-entry has-thumbnail\" data-title=\"der digitale euro kommt \u2013 was er bedeutet, was er nicht darf, und was er k\u00f6nnte\" data-id=\"3345\"  data-category=\"allgemein apple iphone &amp; ipad gesellschaft\" data-post_tag=\"datenschutz eu-gesetze europa ratgeber\">\n\t\t\t\t\t\t\t<div class=\"dpt-entry-wrapper\"><div class=\"dpt-featured-content\"><div class=\"dpt-permalink\"><a href=\"https:\/\/www.markus-schall.de\/cs\/2025\/11\/digitalni-euro-prichazi-co-to-znamena-co-nesmi-delat-a-co-by-mohlo-delat\/\" class=\"dpt-permalink\"><span class=\"screen-reader-text\">Digit\u00e1ln\u00ed euro p\u0159ich\u00e1z\u00ed - co znamen\u00e1, co nesm\u00ed d\u011blat a co by mohlo d\u011blat<\/span><\/a><\/div><div class=\"dpt-thumbnail\"><div class=\"dpt-thumbnail-inner\"><img width=\"1024\" height=\"683\" class=\"attachment-full size-full\" alt=\"Digit\u00e1ln\u00ed euro p\u0159ich\u00e1z\u00ed\" context=\"dpt\" data-dpt-src=\"https:\/\/www.markus-schall.de\/wp-content\/uploads\/Digitaler-Euro.jpg\" data-dpt-sizes=\"(max-width: 1024px) 100vw, 1024px\" data-dpt-srcset=\"https:\/\/www.markus-schall.de\/wp-content\/uploads\/Digitaler-Euro.jpg 1024w, https:\/\/www.markus-schall.de\/wp-content\/uploads\/Digitaler-Euro-300x200.jpg 300w, https:\/\/www.markus-schall.de\/wp-content\/uploads\/Digitaler-Euro-768x512.jpg 768w, https:\/\/www.markus-schall.de\/wp-content\/uploads\/Digitaler-Euro-18x12.jpg 18w\" \/><\/div><span class=\"dpt-thumbnail-aspect-ratio\" style=\"padding-top: 75%\"><\/span><\/div><\/div><div class=\"sub-entry\"><h3 class=\"dpt-title\"><a class=\"dpt-title-link\" href=\"https:\/\/www.markus-schall.de\/cs\/2025\/11\/digitalni-euro-prichazi-co-to-znamena-co-nesmi-delat-a-co-by-mohlo-delat\/\" rel=\"bookmark\">Digit\u00e1ln\u00ed euro p\u0159ich\u00e1z\u00ed - co znamen\u00e1, co nesm\u00ed d\u011blat a co by mohlo d\u011blat<\/a><\/h3><\/div><\/div>\n\t\t\t\t\t\t<\/div><!-- .dpt-entry -->\n\t\t\t\t\t\t\t\t\t\t\t\t<div class=\"dpt-entry has-thumbnail\" data-title=\"die elektronische patientenakte (epa) im faktencheck: risiken, rechte und widerspruch\" data-id=\"3412\"  data-category=\"gesellschaft gesundheit tipps &amp; anleitungen\" data-post_tag=\"datenschutz eu-gesetze gesundheit prozesse ratgeber\">\n\t\t\t\t\t\t\t<div class=\"dpt-entry-wrapper\"><div class=\"dpt-featured-content\"><div class=\"dpt-permalink\"><a href=\"https:\/\/www.markus-schall.de\/cs\/2025\/11\/elektronicky-zaznam-pacienta-epa-kontrola-rizik-prava-a-namitky\/\" class=\"dpt-permalink\"><span class=\"screen-reader-text\">Kontrola fakt\u016f o elektronick\u00e9 dokumentaci pacienta (EPR): rizika, pr\u00e1va a n\u00e1mitky<\/span><\/a><\/div><div class=\"dpt-thumbnail\"><div class=\"dpt-thumbnail-inner\"><img width=\"1024\" height=\"683\" class=\"attachment-full size-full\" alt=\"V\u0161echna fakta o elektronick\u00e9 dokumentaci pacienta\" context=\"dpt\" data-dpt-src=\"https:\/\/www.markus-schall.de\/wp-content\/uploads\/Elektronische-Patientenakte.jpg\" data-dpt-sizes=\"(max-width: 1024px) 100vw, 1024px\" data-dpt-srcset=\"https:\/\/www.markus-schall.de\/wp-content\/uploads\/Elektronische-Patientenakte.jpg 1024w, https:\/\/www.markus-schall.de\/wp-content\/uploads\/Elektronische-Patientenakte-300x200.jpg 300w, https:\/\/www.markus-schall.de\/wp-content\/uploads\/Elektronische-Patientenakte-768x512.jpg 768w, https:\/\/www.markus-schall.de\/wp-content\/uploads\/Elektronische-Patientenakte-18x12.jpg 18w\" \/><\/div><span class=\"dpt-thumbnail-aspect-ratio\" style=\"padding-top: 75%\"><\/span><\/div><\/div><div class=\"sub-entry\"><h3 class=\"dpt-title\"><a class=\"dpt-title-link\" href=\"https:\/\/www.markus-schall.de\/cs\/2025\/11\/elektronicky-zaznam-pacienta-epa-kontrola-rizik-prava-a-namitky\/\" rel=\"bookmark\">Kontrola fakt\u016f o elektronick\u00e9 dokumentaci pacienta (EPR): rizika, pr\u00e1va a n\u00e1mitky<\/a><\/h3><\/div><\/div>\n\t\t\t\t\t\t<\/div><!-- .dpt-entry -->\n\t\t\t\t\t\t\t\t\t\t\t\t<div class=\"dpt-entry has-thumbnail\" data-title=\"elektroauto, hybrid und e-roller: eine realistische betrachtung jenseits der ideologie\" data-id=\"4255\"  data-category=\"allgemein gesellschaft tipps &amp; anleitungen\" data-post_tag=\"energiepolitik erfahrungen prozesse ratgeber\">\n\t\t\t\t\t\t\t<div class=\"dpt-entry-wrapper\"><div class=\"dpt-featured-content\"><div class=\"dpt-permalink\"><a href=\"https:\/\/www.markus-schall.de\/cs\/2026\/01\/elektromobil-hybrid-a-skutr-e-realisticky-pohled-za-hranice-ideologie\/\" class=\"dpt-permalink\"><span class=\"screen-reader-text\">Elektromobil, hybrid a e-sk\u00fatr: realistick\u00fd pohled mimo ideologii<\/span><\/a><\/div><div class=\"dpt-thumbnail\"><div class=\"dpt-thumbnail-inner\"><img width=\"1024\" height=\"683\" class=\"attachment-full size-full\" alt=\"Elektromobilita - e-sk\u00fatr\/kolob\u011b\u017eka, hybrid, elektromobil\" context=\"dpt\" data-dpt-src=\"https:\/\/www.markus-schall.de\/wp-content\/uploads\/Elektromobilitaet-Titel.jpg\" data-dpt-sizes=\"(max-width: 1024px) 100vw, 1024px\" data-dpt-srcset=\"https:\/\/www.markus-schall.de\/wp-content\/uploads\/Elektromobilitaet-Titel.jpg 1024w, https:\/\/www.markus-schall.de\/wp-content\/uploads\/Elektromobilitaet-Titel-300x200.jpg 300w, https:\/\/www.markus-schall.de\/wp-content\/uploads\/Elektromobilitaet-Titel-768x512.jpg 768w, https:\/\/www.markus-schall.de\/wp-content\/uploads\/Elektromobilitaet-Titel-18x12.jpg 18w\" \/><\/div><span class=\"dpt-thumbnail-aspect-ratio\" style=\"padding-top: 75%\"><\/span><\/div><\/div><div class=\"sub-entry\"><h3 class=\"dpt-title\"><a class=\"dpt-title-link\" href=\"https:\/\/www.markus-schall.de\/cs\/2026\/01\/elektromobil-hybrid-a-skutr-e-realisticky-pohled-za-hranice-ideologie\/\" rel=\"bookmark\">Elektromobil, hybrid a e-sk\u00fatr: realistick\u00fd pohled mimo ideologii<\/a><\/h3><\/div><\/div>\n\t\t\t\t\t\t<\/div><!-- .dpt-entry -->\n\t\t\t\t\t\t\t\t\t\t\t\t<div class=\"dpt-entry has-thumbnail\" data-title=\"die neuen eu-zensurgesetze: was chatcontrol, dsa, emfa und der ai act bedeuten\" data-id=\"3586\"  data-category=\"allgemein gesellschaft ki-systeme\" data-post_tag=\"datenschutz digitales eigentum eu-gesetze europa k\u00fcnstliche intelligenz llm meinungsfreiheit spieltheorie sprachmodell\">\n\t\t\t\t\t\t\t<div class=\"dpt-entry-wrapper\"><div class=\"dpt-featured-content\"><div class=\"dpt-permalink\"><a href=\"https:\/\/www.markus-schall.de\/cs\/2025\/11\/nove-zakony-eu-o-cenzure-co-znamena-chatcontrol-dsa-emfa-a-zakon-o-ai\/\" class=\"dpt-permalink\"><span class=\"screen-reader-text\">Nov\u00e9 z\u00e1kony EU o cenzu\u0159e: Co znamenaj\u00ed z\u00e1kony Chatcontrol, DSA, EMFA a AI Act?<\/span><\/a><\/div><div class=\"dpt-thumbnail\"><div class=\"dpt-thumbnail-inner\"><img width=\"1024\" height=\"683\" class=\"attachment-full size-full\" alt=\"Cenzurn\u00ed z\u00e1kony EU\" context=\"dpt\" data-dpt-src=\"https:\/\/www.markus-schall.de\/wp-content\/uploads\/eu-zensurgesetze.jpg\" data-dpt-sizes=\"(max-width: 1024px) 100vw, 1024px\" data-dpt-srcset=\"https:\/\/www.markus-schall.de\/wp-content\/uploads\/eu-zensurgesetze.jpg 1024w, https:\/\/www.markus-schall.de\/wp-content\/uploads\/eu-zensurgesetze-300x200.jpg 300w, https:\/\/www.markus-schall.de\/wp-content\/uploads\/eu-zensurgesetze-768x512.jpg 768w, https:\/\/www.markus-schall.de\/wp-content\/uploads\/eu-zensurgesetze-18x12.jpg 18w\" \/><\/div><span class=\"dpt-thumbnail-aspect-ratio\" style=\"padding-top: 75%\"><\/span><\/div><\/div><div class=\"sub-entry\"><h3 class=\"dpt-title\"><a class=\"dpt-title-link\" href=\"https:\/\/www.markus-schall.de\/cs\/2025\/11\/nove-zakony-eu-o-cenzure-co-znamena-chatcontrol-dsa-emfa-a-zakon-o-ai\/\" rel=\"bookmark\">Nov\u00e9 z\u00e1kony EU o cenzu\u0159e: Co znamenaj\u00ed z\u00e1kony Chatcontrol, DSA, EMFA a AI Act?<\/a><\/h3><\/div><\/div>\n\t\t\t\t\t\t<\/div><!-- .dpt-entry -->\n\t\t\t\t\t\t\n\t\t\t\t<\/div>\n\t\t\t\t\t\t<\/div>\n\t\t\t\n<hr \/>\n<h2>Novinky o Dieteru Bohlenovi<\/h2>\n<p><strong>24.03.2026<\/strong>: Dva pl\u00e1novan\u00e9 koncerty Dietera Bohlena <a href=\"https:\/\/www.n-tv.de\/leute\/Konzerte-von-Dieter-Bohlen-in-Litauen-abgesagt-id30503441.html\" target=\"_blank\" rel=\"noopener\"><strong>v Litv\u011b byly v kr\u00e1tk\u00e9 dob\u011b zru\u0161eny<\/strong><\/a> byly zru\u0161eny. Vystoupen\u00ed ve Vilniusu a Kaunasu byla zru\u0161ena pouh\u00fd den pot\u00e9, co byla ohl\u00e1\u0161ena, a to po masivn\u00ed kritice hudebn\u00edkov\u00fdch d\u0159\u00edv\u011bj\u0161\u00edch prohl\u00e1\u0161en\u00ed. Tu vyvolal rozhovor z listopadu 2025, v n\u011bm\u017e Bohlen kritizoval n\u011bkdej\u0161\u00ed ekonomick\u00e9 vztahy mezi N\u011bmeckem a Ruskem jako <em>\u201eT\u00fdm sn\u016f\u201c<\/em> ozna\u010dil. Tato prohl\u00e1\u0161en\u00ed byla v Litv\u011b, kter\u00e1 je jedn\u00edm z nejv\u011brn\u011bj\u0161\u00edch podporovatel\u016f Ukrajiny, vn\u00edm\u00e1na jako problematick\u00e1 a vyvolala bou\u0159i na soci\u00e1ln\u00edch s\u00edt\u00edch. Pod rostouc\u00edm tlakem ve\u0159ejnosti se organiz\u00e1to\u0159i nakonec rozhodli koncerty nepo\u0159\u00e1dat. S\u00e1m Bohlen zat\u00edm ofici\u00e1ln\u00ed prohl\u00e1\u0161en\u00ed nevydal. Incident ukazuje, jak siln\u011b mohou politick\u00e1 prohl\u00e1\u0161en\u00ed um\u011blc\u016f v sou\u010dasnosti ovlivnit mezin\u00e1rodn\u00ed vystoupen\u00ed.<\/p>\n<p><strong>Aktualizace<\/strong>: <a href=\"https:\/\/www.berliner-zeitung.de\/panorama\/dieter-bohlen-wegen-prorussischer-aeusserungen-gecancelt-poptitan-widerspricht-deutschen-medien-li.10026553?utm_campaign=mrf-facebook-berlinerzeitung&amp;mrfcid=2026032469bfa183793f935293a85891&amp;fbclid=IwY2xjawQvtMJleHRuA2FlbQIxMQBicmlkETBYejQ5d0FNdGdSbDJMbloxc3J0YwZhcHBfaWQQMjIyMDM5MTc4ODIwMDg5MgABHlXjQnxT_pbDHTQItf9_O3qgBoNBr72n5-SkUC-KyAYH1ak0KvRzVTBrhLJm_aem_ik_oGj-9_S0FsqyGiOMlVA\" target=\"_blank\" rel=\"noopener\"><strong>Bohlen vyvrac\u00ed zpr\u00e1vy<\/strong><\/a> o zru\u0161en\u00fdch koncertech: Dieter Bohlen nyn\u00ed jasn\u011b pop\u0159el zpr\u00e1vy o \u00fadajn\u011b zru\u0161en\u00fdch koncertech v Litv\u011b. Ve videozpr\u00e1v\u011b hudebn\u00edk vysv\u011btlil, \u017ee se tyto koncerty nikdy neuskute\u010dnily. Nebyla podeps\u00e1na \u017e\u00e1dn\u00e1 smlouva ani neexistovaly \u017e\u00e1dn\u00e9 konkr\u00e9tn\u00ed pl\u00e1ny. Nic tedy nemohlo b\u00fdt zru\u0161eno. D\u0159\u00edve \u0161\u00ed\u0159en\u00e9 zpr\u00e1vy o tom, \u017ee koncerty byly zru\u0161eny kv\u016fli jeho v\u00fdrok\u016fm o Rusku, jsou tedy p\u0159inejmen\u0161\u00edm \u010d\u00e1ste\u010dn\u011b nejasn\u00e9 nebo nedostate\u010dn\u011b prozkouman\u00e9.<\/p>\n<p>N\u011bkolik m\u00e9di\u00ed toti\u017e shodn\u011b informovalo o \u00fadajn\u00fdch zru\u0161en\u00edch, \u010d\u00e1ste\u010dn\u011b na z\u00e1klad\u011b informac\u00ed z port\u00e1l\u016f s letenkami nebo od po\u0159adatel\u016f. P\u0159\u00edpad ukazuje, jak rychle mohou zpr\u00e1vy v souh\u0159e m\u00e9di\u00ed, soci\u00e1ln\u00edch s\u00edt\u00ed a politick\u00e9ho kontextu nab\u00fdt vlastn\u00ed podoby - a jak obt\u00ed\u017en\u00e9 z\u016fst\u00e1v\u00e1 jejich spolehliv\u00e1 kategorizace v re\u00e1ln\u00e9m \u010dase.<\/p>\n<p><strong>08.03.2026<\/strong>: V nov\u00e9m rozhovoru s obchodn\u00edkem s drah\u00fdmi kovy <span class=\"hover:entity-accent entity-underline inline cursor-pointer align-baseline\"><span class=\"whitespace-normal\">Dominik Kettner<\/span><\/span> hl\u00e1s\u00ed <span class=\"hover:entity-accent entity-underline inline cursor-pointer align-baseline\"><span class=\"whitespace-normal\">Dieter Bohlen<\/span><\/span> op\u011bt pronesl siln\u00e1 slova k sou\u010dasn\u00e9 politick\u00e9 a hospod\u00e1\u0159sk\u00e9 situaci. Bohlen mimo jin\u00e9 informuje o ztr\u00e1t\u00e1ch hodnoty sv\u00fdch nemovitost\u00ed, zat\u00edmco investice do zlata si podle n\u011bj vedly v\u00fdrazn\u011b l\u00e9pe.<\/p>\n<div class=\"lyte-wrapper\" style=\"width:640px;max-width:100%;margin:5px;\"><div class=\"lyMe\" id=\"WYL_BoVUhZh5vCA\"><div id=\"lyte_BoVUhZh5vCA\" data-src=\"https:\/\/www.markus-schall.de\/wp-content\/plugins\/wp-youtube-lyte\/lyteCache.php?origThumbUrl=%2F%2Fi.ytimg.com%2Fvi%2FBoVUhZh5vCA%2Fhqdefault.jpg\" class=\"pL\"><div class=\"tC\"><div class=\"tT\"><\/div><\/div><div class=\"play\"><\/div><div class=\"ctrl\"><div class=\"Lctrl\"><\/div><div class=\"Rctrl\"><\/div><\/div><\/div><noscript><a href=\"https:\/\/youtu.be\/BoVUhZh5vCA\" rel=\"nofollow noopener\" target=\"_blank\"><img loading=\"lazy\" decoding=\"async\" src=\"https:\/\/www.markus-schall.de\/wp-content\/plugins\/wp-youtube-lyte\/lyteCache.php?origThumbUrl=https%3A%2F%2Fi.ytimg.com%2Fvi%2FBoVUhZh5vCA%2F0.jpg\" alt=\"Miniatura videa na YouTube\" width=\"640\" height=\"340\" \/><br \/>Pod\u00edvejte se na toto video na YouTube<\/a><\/noscript><\/div><\/div><div class=\"lL\" style=\"max-width:100%;width:640px;margin:5px;\"><\/div><br \/>\nDieter Bohlen o Merzovi, v\u00e1lce, krachu nemovitost\u00ed, zlat\u011b a Rusku! | <a href=\"https:\/\/www.youtube.com\/@KettnerEdelmetalle\" target=\"_blank\" rel=\"nofollow noopener\">Kettner drah\u00e9 kovy<\/a><\/p>\n<p>Z\u00e1rove\u0148 kritizuje politick\u00e1 rozhodnut\u00ed v N\u011bmecku, hovo\u0159\u00ed o mo\u017en\u00fdch ekonomick\u00fdch d\u016fsledc\u00edch zv\u00fd\u0161en\u00e9 zbrojn\u00ed v\u00fdroby a po\u017eaduje repatriaci n\u011bmeck\u00fdch zlat\u00fdch rezerv z USA. Rozhovor navazuje na jeho d\u0159\u00edve hojn\u011b diskutovan\u00fd rozhovor s Kettnerem a pravd\u011bpodobn\u011b znovu vzbud\u00ed pozornost.<\/p>\n<p><strong>09.12.2025<\/strong>Jak se <a href=\"https:\/\/www.berliner-kurier.de\/show\/bohlen-hat-merz-kritisiert-jetzt-musste-er-seinen-live-talk-in-berlin-absagen-li.10009323\" target=\"_blank\" rel=\"noopener\"><strong><em data-start=\"1151\" data-end=\"1169\">Berl\u00ednsk\u00fd kur\u00fdr<\/em><\/strong><\/a> pl\u00e1novan\u00e1 panelov\u00e1 diskuse s Dieterem Bohlenem a publicistou Hendrikem Kettnerem v Berl\u00edn\u011b byla narychlo zru\u0161ena. P\u016fvodn\u011b se p\u0159edpokl\u00e1dalo, \u017ee d\u016fvodem je pomal\u00fd prodej vstupenek - podle Kettnerova pr\u00e1vn\u00edka je v\u0161ak p\u0159\u00ed\u010dina jinde: oba protagonist\u00e9 jsou od spole\u010dn\u00e9ho rozhovoru p\u0159edm\u011btem masivn\u00edho nep\u0159\u00e1telstv\u00ed a ve\u0159ejn\u00fdch \u00fatok\u016f. Aby se situace d\u00e1le nevyhrocovala, dohodli se na zru\u0161en\u00ed koncertu.<\/p>\n<hr \/>\n<h2>Kdy\u017e se z bavi\u010de n\u00e1hle stane realista<\/h2>\n<p><a href=\"https:\/\/dieter-bohlen.net\" target=\"_blank\" rel=\"noopener\"><strong>Dieter Bohlen<\/strong><\/a> nen\u00ed zn\u00e1m\u00fd t\u00edm, \u017ee by se schov\u00e1val za diplomatick\u00e9 formulace. M\u00e1lokdy v\u0161ak mluvil o ne\u017e\u00e1douc\u00edm politick\u00e9m v\u00fdvoji tak otev\u0159en\u011b jako v tomto rozhovoru. Jeho t\u00f3n je p\u0159\u00edm\u00fd, n\u011bkdy ostr\u00fd - a pr\u00e1v\u011b proto je pozoruhodn\u00fd. Ne proto, \u017ee by si st\u011b\u017eovala n\u011bjak\u00e1 celebrita, ale proto, \u017ee jeho post\u0159ehy vych\u00e1zej\u00ed z ka\u017edodenn\u00edho \u017eivota: ze setk\u00e1n\u00ed s lidmi v zahrani\u010d\u00ed, ze zku\u0161enost\u00ed podnikatele a ze st\u0159\u00edzliv\u00e9ho pohledu \u010dlov\u011bka, kter\u00fd kdysi poznal N\u011bmecko jako zemi p\u0159\u00edle\u017eitost\u00ed.<\/p>\n<p>Kapitoly rozhovoru vykresluj\u00ed obraz, kter\u00fd mnoz\u00ed ob\u010dan\u00e9 intuitivn\u011b c\u00edt\u00ed, ale m\u00e1lokdo ho vyslov\u00ed ve\u0159ejn\u011b: N\u011bmecko ztratilo svou n\u011bkdej\u0161\u00ed dynamiku a ti, kdo nesou odpov\u011bdnost, se zdaj\u00ed b\u00fdt blok\u00e1tory, nikoliv tv\u016frci.<\/p>\n<div class=\"lyte-wrapper\" style=\"width:640px;max-width:100%;margin:5px;\"><div class=\"lyMe\" id=\"WYL_FVV7sOmqhAQ\"><div id=\"lyte_FVV7sOmqhAQ\" data-src=\"https:\/\/www.markus-schall.de\/wp-content\/plugins\/wp-youtube-lyte\/lyteCache.php?origThumbUrl=%2F%2Fi.ytimg.com%2Fvi%2FFVV7sOmqhAQ%2Fhqdefault.jpg\" class=\"pL\"><div class=\"tC\"><div class=\"tT\"><\/div><\/div><div class=\"play\"><\/div><div class=\"ctrl\"><div class=\"Lctrl\"><\/div><div class=\"Rctrl\"><\/div><\/div><\/div><noscript><a href=\"https:\/\/youtu.be\/FVV7sOmqhAQ\" rel=\"nofollow noopener\" target=\"_blank\"><img loading=\"lazy\" decoding=\"async\" src=\"https:\/\/www.markus-schall.de\/wp-content\/plugins\/wp-youtube-lyte\/lyteCache.php?origThumbUrl=https%3A%2F%2Fi.ytimg.com%2Fvi%2FFVV7sOmqhAQ%2F0.jpg\" alt=\"Miniatura videa na YouTube\" width=\"640\" height=\"340\" \/><br \/>Pod\u00edvejte se na toto video na YouTube<\/a><\/noscript><\/div><\/div><div class=\"lL\" style=\"max-width:100%;width:640px;margin:5px;\"><\/div><br \/>\nDieter Bohlen o vl\u00e1d\u011b, firewallu, vyvlast\u0148ov\u00e1n\u00ed a ochran\u011b majetku<\/p>\n<h3>Dobrosrde\u010dn\u00e9 chov\u00e1n\u00ed a politick\u00e9 selh\u00e1n\u00ed<\/h3>\n<p>Bohlen za\u010d\u00edn\u00e1 \u00fatokem, kter\u00fd je dnes v N\u011bmecku t\u00e9m\u011b\u0159 tabu: kritizuje \u201edobrotiv\u00fd p\u0159\u00edstup\u201c, kter\u00fd zakr\u00fdv\u00e1 politick\u00e1 rozhodnut\u00ed jako z\u00e1voj. Pro n\u011bj to znamen\u00e1 mor\u00e1ln\u00ed sebeprosazen\u00ed bez realistick\u00e9ho posouzen\u00ed d\u016fsledk\u016f.<\/p>\n<p>Popisuje, \u017ee politick\u00e1 rozhodnut\u00ed dnes \u010dasto vypadaj\u00ed sp\u00ed\u0161e jako symbolick\u00e1 gesta ne\u017e jako promy\u0161len\u00e1 opat\u0159en\u00ed. C\u00edlem je zavd\u011b\u010dit se v\u0161em, ale to vytv\u00e1\u0159\u00ed atmosf\u00e9ru, ve kter\u00e9 se tv\u00e1\u0159\u00edte dob\u0159e, ale nedos\u00e1hnete \u017e\u00e1dn\u00e9ho pokroku. Pro podnikatele a ob\u010dany to znamen\u00e1 vysok\u00e9 n\u00e1klady, mal\u00fd p\u0159\u00ednos a neust\u00e1lou nejistotu v ka\u017edodenn\u00edm \u017eivot\u011b.<\/p>\n<h3>N\u011bmecko ji\u017e nen\u00ed v zahrani\u010d\u00ed respektov\u00e1no<\/h3>\n<p>Jednou z nejp\u016fsobiv\u011bj\u0161\u00edch pas\u00e1\u017e\u00ed jsou podle Bohlena jeho zahrani\u010dn\u00ed zku\u0161enosti. Po desetilet\u00ed znamenalo ozna\u010den\u00ed \u201eMade in Germany\u201c kvalitu, spolehlivost a technick\u00e9 znalosti. Dnes v\u0161ak, jak \u0159\u00edk\u00e1, sly\u0161\u00ed od mezin\u00e1rodn\u00edch obchodn\u00edch partner\u016f sp\u00ed\u0161e pochybnosti ne\u017e obdiv.<\/p>\n<p>N\u011bmecko \u201eu\u017e nen\u00ed modern\u00ed\u201c - toto tvrzen\u00ed je ve sv\u00e9 jednoduchosti znepokojiv\u011bj\u0161\u00ed ne\u017e jak\u00e1koli studie. Kdy\u017e si kosmopolita jako Bohlen uv\u011bdom\u00ed, \u017ee N\u011bmecko ztr\u00e1c\u00ed na p\u0159ita\u017elivosti, je to v\u00edc ne\u017e jen vn\u00edman\u00e1 n\u00e1lada. Je to trend.<\/p>\n<h3>Made in Germany - od hospod\u00e1\u0159sk\u00e9ho z\u00e1zraku k permanentn\u00ed krizi<\/h3>\n<p>Zvl\u00e1\u0161t\u011b emotivn\u00ed je Bohlen, kdy\u017e popisuje, jak N\u011bmecko promarnilo sv\u00e9 v\u00fdjime\u010dn\u00e9 hospod\u00e1\u0159sk\u00e9 postaven\u00ed. Vzpom\u00edn\u00e1 na dobu, kdy bylo mo\u017en\u00e9 kupovat n\u011bmeck\u00e9 v\u00fdrobky t\u00e9m\u011b\u0159 naslepo, proto\u017ee kvalita byla pova\u017eov\u00e1na za samoz\u0159ejmost. Tato d\u016fv\u011bra se ji\u017e l\u00e9ta rozpad\u00e1 - a za to \u010d\u00e1ste\u010dn\u011b odpov\u00edd\u00e1 politick\u00e1 linie posledn\u00edch desetilet\u00ed.<\/p>\n<p>Zat\u00edmco ostatn\u00ed zem\u011b uva\u017euj\u00ed pragmaticky, N\u011bmecko se ztr\u00e1c\u00ed v mor\u00e1ln\u00edch debat\u00e1ch, byrokracii a pochybnostech. Hospod\u00e1\u0159sk\u00fd z\u00e1zrak je d\u00e1vno pry\u010d, ale lid\u00e9 se st\u00e1le chovaj\u00ed, jako by star\u00e1 pov\u011bst mohla v\u0161echno napravit. Pro podniky to znamen\u00e1 rostouc\u00ed n\u00e1klady, klesaj\u00edc\u00ed konkurenceschopnost a st\u00e1le v\u00edce pravidel, kter\u00e1 paralyzuj\u00ed ka\u017edodenn\u00ed \u017eivot.<\/p>\n<h3>Friedrich Merz a ignorovan\u00e1 nab\u00eddka poradenstv\u00ed<\/h3>\n<p>Bohlen n\u00e1m s \u00fasm\u011bvem na tv\u00e1\u0159i \u0159\u00edk\u00e1, \u017ee se ho Friedrich Merz kdysi pokusil z\u00edskat jako poradce, co\u017e odm\u00edtl. B\u011bhem rozhovoru v\u0161ak vyjde najevo, \u017ee jeho odm\u00edtnut\u00ed nebylo ani tak nam\u00ed\u0159eno proti Merzovi, jako sp\u00ed\u0161e v\u00fdrazem jeho postoje: Bohlen u\u017e nev\u011b\u0159\u00ed ve schopnost politick\u00e9 t\u0159\u00eddy reformovat se.<\/p>\n<p>Vykresluje obraz politik\u016f, kte\u0159\u00ed neposlouchaj\u00ed, nekonaj\u00ed a neuv\u011bdomuj\u00ed si, jak v\u00e1\u017en\u00e1 situace je. Jeho dojem: mnoz\u00ed \u017eij\u00ed v paraleln\u00edm sv\u011bt\u011b stranick\u00e9 taktiky a ideologie, zat\u00edmco realita venku u\u017e d\u00e1vno mluv\u00ed jinou \u0159e\u010d\u00ed.<\/p>\n<hr \/>\n<div class='bootstrap-yop yop-poll-mc'>\n\t\t\t\t\t\t\t<div class=\"basic-yop-poll-container\" style=\"background-color:#ffffff; border:0px; border-style:solid; border-color:#000000; border-radius:5px; padding:0px 5px;\" data-id=\"1\" data-temp=\"basic-pretty\" data-skin=\"square\" data-cscheme=\"blue\" data-cap=\"0\" data-access=\"guest\" data-tid=\"\" data-uid=\"d0fbfaa3be9545f4a9f0a44345b12ff2\" data-pid=\"3586\" data-resdet=\"votes-number,percentages\" data-show-results-to=\"guest\" data-show-results-moment=\"after-vote\" data-show-results-only=\"false\" data-show-message=\"true\" data-show-results-as=\"bar\" data-sort-results-by=\"as-defined\" data-sort-results-rule=\"asc\"data-is-ended=\"0\" data-percentages-decimals=\"2\" data-gdpr=\"no\" data-gdpr-sol=\"consent\" data-css=\"\" data-counter=\"0\" data-load-with=\"1\" data-notification-section=\"top\"><div class=\"row\"><div class=\"col-md-12\"><div class=\"basic-inner\"><div class=\"basic-message hide\" style=\"border-left: 10px solid #008000; padding: 0px 10px;\" data-error=\"#ff0000\" data-success=\"#008000\"><p class=\"basic-message-text\" style=\"color:#000000; font-size:14px; font-weight:normal;\"><\/p><\/div><div class=\"basic-overlay hide\"><div class=\"basic-vote-options\"><\/div><div class=\"basic-preloader\"><div class=\"basic-windows8\"><div class=\"basic-wBall basic-wBall_1\"><div class=\"basic-wInnerBall\"><\/div><\/div><div class=\"basic-wBall basic-wBall_2\"><div class=\"basic-wInnerBall\"><\/div><\/div><div class=\"basic-wBall basic-wBall_3\"><div class=\"basic-wInnerBall\"><\/div><\/div><div class=\"basic-wBall basic-wBall_4\"><div class=\"basic-wInnerBall\"><\/div><\/div><div class=\"basic-wBall basic-wBall_5\"><div class=\"basic-wInnerBall\"><\/div><\/div><\/div><\/div><\/div><form class=\"basic-form\" action=\"\"><input type=\"hidden\" name=\"_token\" value=\"d325a4aa39\" autocomplete=\"off\"><div class=\"basic-elements\"><div class=\"basic-element basic-question basic-question-text-vertical\" data-id=\"1\" data-uid=\"4b2590fba82b1c09afffee2b2f9813c1\" data-type=\"question\" data-question-type=\"text\" data-required=\"yes\" data-allow-multiple=\"no\" data-min=\"1\" data-max=\"1\" data-display=\"vertical\" data-colnum=\"\" data-display-others=\"no\" data-others-color=\"\" data-others=\"\" data-others-max-chars=\"0\"><div class=\"basic-question-title\"><h5 style=\"color:#000000; font-size:16px; font-weight:normal; text-align:left;\">Jakou d\u016fv\u011bru m\u00e1te v politiku a m\u00e9dia v N\u011bmecku?<\/h5><\/div><ul class=\"basic-answers\"><li class=\"basic-answer\" style=\"padding:0px 0px;\" data-id=\"1\" data-type=\"text\" data-vn=\"10\" data-color=\"#000000\" data-make-link=\"no\" data-link=\"\"><div class=\"basic-answer-content basic-text-vertical\"><label for=\"answer[1]\" class=\"basic-answer-label\"><input type=\"radio\" id=\"answer[1]\" name=\"answer[1]\" value=\"1\"><span class=\"basic-text\" style=\"color: #000000; font-size: 14px; font-weight: normal;\">Velmi vysok\u00e1 - pln\u011b d\u016fv\u011b\u0159uji ofici\u00e1ln\u00edm org\u00e1n\u016fm<\/span><\/label><\/div><\/li><li class=\"basic-answer\" style=\"padding:0px 0px;\" data-id=\"2\" data-type=\"text\" data-vn=\"22\" data-color=\"#000000\" data-make-link=\"no\" data-link=\"\"><div class=\"basic-answer-content basic-text-vertical\"><label for=\"answer[2]\" class=\"basic-answer-label\"><input type=\"radio\" id=\"answer[2]\" name=\"answer[1]\" value=\"2\"><span class=\"basic-text\" style=\"color: #000000; font-size: 14px; font-weight: normal;\">St\u0159edn\u00ed - Jsem opatrn\u00fd, ale ne z\u00e1sadn\u011b podez\u0159\u00edvav\u00fd.<\/span><\/label><\/div><\/li><li class=\"basic-answer\" style=\"padding:0px 0px;\" data-id=\"3\" data-type=\"text\" data-vn=\"53\" data-color=\"#000000\" data-make-link=\"no\" data-link=\"\"><div class=\"basic-answer-content basic-text-vertical\"><label for=\"answer[3]\" class=\"basic-answer-label\"><input type=\"radio\" id=\"answer[3]\" name=\"answer[1]\" value=\"3\"><span class=\"basic-text\" style=\"color: #000000; font-size: 14px; font-weight: normal;\">N\u00edzk\u00e1 - mnoho v\u011bc\u00ed si kontroluji s\u00e1m<\/span><\/label><\/div><\/li><li class=\"basic-answer\" style=\"padding:0px 0px;\" data-id=\"4\" data-type=\"text\" data-vn=\"250\" data-color=\"#000000\" data-make-link=\"no\" data-link=\"\"><div class=\"basic-answer-content basic-text-vertical\"><label for=\"answer[4]\" class=\"basic-answer-label\"><input type=\"radio\" id=\"answer[4]\" name=\"answer[1]\" value=\"4\"><span class=\"basic-text\" style=\"color: #000000; font-size: 14px; font-weight: normal;\">T\u00e9m\u011b\u0159 neexistuj\u00edc\u00ed - domn\u00edv\u00e1m se, \u017ee mnoh\u00e9 je zast\u0159en\u00e9 nebo zinscenovan\u00e9.<\/span><\/label><\/div><\/li><\/ul><\/div><div class=\"clearfix\"><\/div><\/div><div class=\"basic-vote\"><a href=\"#\" class=\"button basic-vote-button\" role=\"button\" style=\"background:#027bb8; border:0px; border-style: solid; border-color:#1636f0; border-radius:5px; padding:10px 10px; color:#ffffff; font-size:14px; font-weight:normal;\">Hlasujte na<\/a><\/div><input type=\"hidden\" name=\"trp-form-language\" value=\"cs\"\/><\/form><\/div><\/div><\/div><\/div>\n\t\t\t\t\t\t<\/div>\n<hr \/>\n<h3>Politika br\u00e1ny firewall a porozum\u011bn\u00ed demokracii<\/h3>\n<p>V dal\u0161\u00ed kapitole kritizuje koncept \u201efirewallu\u201c, kter\u00fd se v N\u011bmecku stal politick\u00fdm v\u00fdk\u0159ikem. Podle Bohlena je projevem slabosti, pokud jsou debaty nahrazov\u00e1ny mor\u00e1ln\u00edm vymezov\u00e1n\u00edm. Demokracie podle n\u011bj vzkv\u00e9t\u00e1 na v\u00fdm\u011bn\u011b, nikoli na rozd\u011blov\u00e1n\u00ed.<\/p>\n<p>Jeho v\u00fdrok je jasn\u00fd: tato logika firewallu rozd\u011bluje spole\u010dnost a br\u00e1n\u00ed otev\u0159en\u00e9mu \u0159e\u0161en\u00ed probl\u00e9m\u016f. M\u00edsto \u0159e\u0161en\u00ed se vytv\u00e1\u0159ej\u00ed jen t\u00e1bory, co\u017e je situace, kter\u00e1 \u0161kod\u00ed ka\u017ed\u00e9 rozumn\u00e9 zemi.<\/p>\n<h3>Ekonomick\u00fd rozum vs. mor\u00e1lka - z\u00e1kladn\u00ed konflikt v N\u011bmecku<\/h3>\n<p>Bohlen popisuje konflikt, kter\u00fd se prol\u00edn\u00e1 prakticky v\u0161emi politick\u00fdmi ot\u00e1zkami: V N\u011bmecku mor\u00e1ln\u00ed sebeprezentace vytla\u010dila ekonomick\u00fd rozum. A\u0165 u\u017e se jedn\u00e1 o energetickou politiku, ruskou strategii nebo byrokracii - rozhodnut\u00ed se p\u0159ij\u00edmaj\u00ed sp\u00ed\u0161e na z\u00e1klad\u011b mor\u00e1ln\u00ed presti\u017ee ne\u017e pragmatick\u00e9 logiky.<\/p>\n<p>Klade jednoduchou ot\u00e1zku, kter\u00e1 se d\u0159\u00edve pova\u017eovala za samoz\u0159ejmost:<\/p>\n<blockquote><p><em>Co to znamen\u00e1 pro lidi, kte\u0159\u00ed zde mus\u00ed \u017e\u00edt a pracovat?<\/em><\/p><\/blockquote>\n<p>A pr\u00e1v\u011b v tom, jak kritizuje, ztratila politika a m\u00e9dia kontakt s ob\u010dany.<\/p>\n<h3>Mobilizace \u00faspor - hrozba vyvlastn\u011bn\u00ed zadn\u00edmi vr\u00e1tky<\/h3>\n<p>Zvl\u00e1\u0161t\u011b kontroverzn\u00edm t\u00e9matem rozhovoru je my\u0161lenka \u201eaktivace\u201c soukrom\u00fdch \u00faspor za \u00fa\u010delem stimulace investic. Bohlen p\u0159ech\u00e1z\u00ed p\u0159\u00edmo k v\u011bci: pro n\u011bj to zn\u00ed jako tich\u00e9 vyvlastn\u011bn\u00ed.<\/p>\n<p>Upozor\u0148uje, \u017ee takov\u00e1 opat\u0159en\u00ed by nikdy nebyla otev\u0159en\u011b ozna\u010dena za vyvlastn\u011bn\u00ed - ale p\u0159esn\u011b tak funguj\u00ed. Kdy\u017e ob\u010dan\u00e9 st\u00e1le v\u00edce poci\u0165uj\u00ed, \u017ee jejich \u00faspory ji\u017e nejsou v bezpe\u010d\u00ed, \u00fast\u0159edn\u00ed pil\u00ed\u0159 ka\u017ed\u00e9 stabiln\u00ed spole\u010dnosti za\u010d\u00edn\u00e1 sl\u00e1bnout.<\/p>\n<hr \/>\n\n\t\t\t<div class=\"display-post-types\">\n\n\t\t\t\t\t\t\t<style type=\"text\/css\">\n\t\t\t#dpt-wrapper-917 { --dpt-text-align: left;--dpt-image-crop: center;--dpt-border-radius: 5px;--dpt-small-grid-column: 33.33%;--dpt-large-grid-column: 33.3333333333%;--dpt-h-gutter: 10px;--dpt-v-gutter: 10px; }\t\t\t<\/style>\n\t\t\t<style type=\"text\/css\">#dpt-wrapper-917 { --dpt-title-font-style:normal;--dpt-title-font-weight:600;--dpt-title-line-height:1.5;--dpt-title-text-decoration:none;--dpt-title-text-transform:none;--dpt-excerpt-font-style:normal;--dpt-excerpt-font-weight:400;--dpt-excerpt-line-height:1.5;--dpt-excerpt-text-decoration:none;--dpt-excerpt-text-transform:none;--dpt-meta1-font-style:normal;--dpt-meta1-font-weight:400;--dpt-meta1-line-height:1.9;--dpt-meta1-text-decoration:none;--dpt-meta1-text-transform:none;--dpt-meta2-font-style:normal;--dpt-meta2-font-weight:400;--dpt-meta2-line-height:1.9;--dpt-meta2-text-decoration:none;--dpt-meta2-text-transform:none; }<\/style><div class=\"dpt-main-header\">\n\t\t\t\t\t\t<div class=\"dpt-main-title\">\n\t\t\t\t\t\t\t<span class=\"dpt-main-title-text\">Aktu\u00e1ln\u00ed t\u00e9mata um\u011bl\u00e9 inteligence<\/span>\n\t\t\t\t\t\t<\/div>\n\t\t\t\t\t\t\n\t\t\t\t\t\t\n\t\t\t\t\t\t\n\t\t\t\t\t\t<\/div>\t\t\t\n\t\t\t\t<div id=\"dpt-wrapper-917\" class=\"dpt-wrapper dpt-grid1 multi-col dpt-mason-wrap\" >\n\n\t\t\t\t\t\t\t\t\t\t\t<div class=\"dpt-entry has-thumbnail\" data-title=\"rag mit ollama und qdrant als universelle suchmaschine f\u00fcr eigene daten\" data-id=\"2764\"  data-category=\"filemaker &amp; erp ki-systeme\" data-post_tag=\"datenbanken docker k\u00fcnstliche intelligenz llama llm mistral ollama qdrant vektordatenbank\">\n\t\t\t\t\t\t\t<div class=\"dpt-entry-wrapper\"><div class=\"dpt-featured-content\"><div class=\"dpt-permalink\"><a href=\"https:\/\/www.markus-schall.de\/cs\/2025\/08\/rag-s-ollama-a-qdrant-jako-univerzalni-vyhledavac-vlastnich-dat\/\" class=\"dpt-permalink\"><span class=\"screen-reader-text\">RAG s Ollama a Qdrant jako univerz\u00e1ln\u00ed vyhled\u00e1va\u010d vlastn\u00edch dat<\/span><\/a><\/div><div class=\"dpt-thumbnail\"><div class=\"dpt-thumbnail-inner\"><img width=\"1920\" height=\"640\" class=\"attachment-full size-full\" alt=\"Roz\u0161\u00ed\u0159en\u00ed m\u00edstn\u00ed um\u011bl\u00e9 inteligence o datab\u00e1ze pomoc\u00ed RAG, Ollama a Qdrant\" context=\"dpt\" data-dpt-src=\"https:\/\/www.markus-schall.de\/wp-content\/uploads\/lokale-ki-rag-ollama-qdrant.jpg\" data-dpt-sizes=\"(max-width: 1920px) 100vw, 1920px\" data-dpt-srcset=\"https:\/\/www.markus-schall.de\/wp-content\/uploads\/lokale-ki-rag-ollama-qdrant.jpg 1920w, https:\/\/www.markus-schall.de\/wp-content\/uploads\/lokale-ki-rag-ollama-qdrant-300x100.jpg 300w, https:\/\/www.markus-schall.de\/wp-content\/uploads\/lokale-ki-rag-ollama-qdrant-1024x341.jpg 1024w, https:\/\/www.markus-schall.de\/wp-content\/uploads\/lokale-ki-rag-ollama-qdrant-768x256.jpg 768w, https:\/\/www.markus-schall.de\/wp-content\/uploads\/lokale-ki-rag-ollama-qdrant-1536x512.jpg 1536w, https:\/\/www.markus-schall.de\/wp-content\/uploads\/lokale-ki-rag-ollama-qdrant-18x6.jpg 18w\" \/><\/div><span class=\"dpt-thumbnail-aspect-ratio\" style=\"padding-top: 33%\"><\/span><\/div><\/div><div class=\"sub-entry\"><h3 class=\"dpt-title\"><a class=\"dpt-title-link\" href=\"https:\/\/www.markus-schall.de\/cs\/2025\/08\/rag-s-ollama-a-qdrant-jako-univerzalni-vyhledavac-vlastnich-dat\/\" rel=\"bookmark\">RAG s Ollama a Qdrant jako univerz\u00e1ln\u00ed vyhled\u00e1va\u010d vlastn\u00edch dat<\/a><\/h3><\/div><\/div>\n\t\t\t\t\t\t<\/div><!-- .dpt-entry -->\n\t\t\t\t\t\t\t\t\t\t\t\t<div class=\"dpt-entry has-thumbnail\" data-title=\"k\u00fcnstliche intelligenz: welche jobs in gefahr sind, und wie wir uns jetzt wappnen k\u00f6nnen\" data-id=\"2940\"  data-category=\"allgemein b\u00fccher gesellschaft ki-systeme\" data-post_tag=\"buch k\u00fcnstliche intelligenz llama llm mistral mlx ollama ratgeber sprachmodell\">\n\t\t\t\t\t\t\t<div class=\"dpt-entry-wrapper\"><div class=\"dpt-featured-content\"><div class=\"dpt-permalink\"><a href=\"https:\/\/www.markus-schall.de\/cs\/2025\/09\/umela-inteligence-ktera-pracovni-mista-jsou-ohrozena-a-jak-se-muzeme-vyzbrojit\/\" class=\"dpt-permalink\"><span class=\"screen-reader-text\">Um\u011bl\u00e1 inteligence: kter\u00e1 pracovn\u00ed m\u00edsta jsou ohro\u017eena a jak se m\u016f\u017eeme vyzbrojit hned te\u010f<\/span><\/a><\/div><div class=\"dpt-thumbnail\"><div class=\"dpt-thumbnail-inner\"><img width=\"1024\" height=\"683\" class=\"attachment-full size-full\" alt=\"Kter\u00e1 pracovn\u00ed m\u00edsta budou v budoucnu zru\u0161ena um\u011blou inteligenc\u00ed?\" context=\"dpt\" data-dpt-src=\"https:\/\/www.markus-schall.de\/wp-content\/uploads\/welche-jobs-fallen-durch-ki-weg.jpg\" data-dpt-sizes=\"(max-width: 1024px) 100vw, 1024px\" data-dpt-srcset=\"https:\/\/www.markus-schall.de\/wp-content\/uploads\/welche-jobs-fallen-durch-ki-weg.jpg 1024w, https:\/\/www.markus-schall.de\/wp-content\/uploads\/welche-jobs-fallen-durch-ki-weg-300x200.jpg 300w, https:\/\/www.markus-schall.de\/wp-content\/uploads\/welche-jobs-fallen-durch-ki-weg-768x512.jpg 768w, https:\/\/www.markus-schall.de\/wp-content\/uploads\/welche-jobs-fallen-durch-ki-weg-18x12.jpg 18w\" \/><\/div><span class=\"dpt-thumbnail-aspect-ratio\" style=\"padding-top: 67%\"><\/span><\/div><\/div><div class=\"sub-entry\"><h3 class=\"dpt-title\"><a class=\"dpt-title-link\" href=\"https:\/\/www.markus-schall.de\/cs\/2025\/09\/umela-inteligence-ktera-pracovni-mista-jsou-ohrozena-a-jak-se-muzeme-vyzbrojit\/\" rel=\"bookmark\">Um\u011bl\u00e1 inteligence: kter\u00e1 pracovn\u00ed m\u00edsta jsou ohro\u017eena a jak se m\u016f\u017eeme vyzbrojit hned te\u010f<\/a><\/h3><\/div><\/div>\n\t\t\t\t\t\t<\/div><!-- .dpt-entry -->\n\t\t\t\t\t\t\t\t\t\t\t\t<div class=\"dpt-entry has-thumbnail\" data-title=\"mit ki dialogisch denken lernen: warum gute fragen wichtiger sind als gute modelle\" data-id=\"4700\"  data-category=\"allgemein ki-systeme tipps &amp; anleitungen\" data-post_tag=\"denkmodelle k\u00fcnstliche intelligenz lernen llm prozesse ratgeber sprachmodell\">\n\t\t\t\t\t\t\t<div class=\"dpt-entry-wrapper\"><div class=\"dpt-featured-content\"><div class=\"dpt-permalink\"><a href=\"https:\/\/www.markus-schall.de\/cs\/2026\/02\/naucit-se-myslet-v-dialogu-s-ki-proc-jsou-dobre-otazky-dulezitejsi-nez-dobre-modely\/\" class=\"dpt-permalink\"><span class=\"screen-reader-text\">Nau\u010dit se myslet v dialogu s um\u011blou inteligenc\u00ed: Pro\u010d jsou dobr\u00e9 ot\u00e1zky d\u016fle\u017eit\u011bj\u0161\u00ed ne\u017e dobr\u00e9 modely<\/span><\/a><\/div><div class=\"dpt-thumbnail\"><div class=\"dpt-thumbnail-inner\"><img width=\"1024\" height=\"683\" class=\"attachment-full size-full\" alt=\"Nau\u010dit se myslet v dialogu s um\u011blou inteligenc\u00ed\" context=\"dpt\" data-dpt-src=\"https:\/\/www.markus-schall.de\/wp-content\/uploads\/Denken-lernen-mit-KI.jpg\" data-dpt-sizes=\"(max-width: 1024px) 100vw, 1024px\" data-dpt-srcset=\"https:\/\/www.markus-schall.de\/wp-content\/uploads\/Denken-lernen-mit-KI.jpg 1024w, https:\/\/www.markus-schall.de\/wp-content\/uploads\/Denken-lernen-mit-KI-300x200.jpg 300w, https:\/\/www.markus-schall.de\/wp-content\/uploads\/Denken-lernen-mit-KI-768x512.jpg 768w, https:\/\/www.markus-schall.de\/wp-content\/uploads\/Denken-lernen-mit-KI-18x12.jpg 18w\" \/><\/div><span class=\"dpt-thumbnail-aspect-ratio\" style=\"padding-top: 67%\"><\/span><\/div><\/div><div class=\"sub-entry\"><h3 class=\"dpt-title\"><a class=\"dpt-title-link\" href=\"https:\/\/www.markus-schall.de\/cs\/2026\/02\/naucit-se-myslet-v-dialogu-s-ki-proc-jsou-dobre-otazky-dulezitejsi-nez-dobre-modely\/\" rel=\"bookmark\">Nau\u010dit se myslet v dialogu s um\u011blou inteligenc\u00ed: Pro\u010d jsou dobr\u00e9 ot\u00e1zky d\u016fle\u017eit\u011bj\u0161\u00ed ne\u017e dobr\u00e9 modely<\/a><\/h3><\/div><\/div>\n\t\t\t\t\t\t<\/div><!-- .dpt-entry -->\n\t\t\t\t\t\t\n\t\t\t\t<\/div>\n\t\t\t\t\t\t<\/div>\n\t\t\t\n<hr \/>\n<h3>Da\u0148 z nemovitosti: \u201ePak budu za \u0161est hodin pry\u010d\u201c<\/h3>\n<p>Kdy\u017e p\u0159ijde \u0159e\u010d na da\u0148 z majetku, Bohlen reaguje t\u00e9m\u011b\u0159 instinktivn\u011b: kdyby se tato da\u0148 znovu zavedla, byl by \u201edo \u0161esti hodin pry\u010d\u201c. Jeho volba slov je sice drastick\u00e1, ale d\u00e1v\u00e1 jasn\u011b najevo, \u017ee mnoho \u00fasp\u011b\u0161n\u00fdch lid\u00ed, podnikatel\u016f a investor\u016f nyn\u00ed pova\u017euje N\u011bmecko za nep\u0159edv\u00eddateln\u00e9.<\/p>\n<p>Tuto v\u011btu m\u016f\u017eete odm\u00edtnout jako nads\u00e1zku - nebo v n\u00ed m\u016f\u017eete rozpoznat varovn\u00fd sign\u00e1l, kter\u00fd sd\u00edl\u00ed mnoho podnikatel\u016f. Zem\u011b, kter\u00e1 vyh\u00e1n\u00ed \u0161pi\u010dkov\u00e9 pracovn\u00edky, ztr\u00e1c\u00ed svou budoucnost.<\/p>\n<h3>Budoucnost d\u011bt\u00ed - st\u0159\u00edzliv\u00fd, t\u00e9m\u011b\u0159 smutn\u00fd pohled<\/h3>\n<p>V jedn\u00e9 z posledn\u00edch kapitol se Bohlen v\u011bnuje t\u00e9matu, kter\u00e9 se t\u00fdk\u00e1 v\u0161ech: budoucnosti mlad\u00e9 generace. A pr\u00e1v\u011b tady za\u010d\u00edn\u00e1 b\u00fdt obzvl\u00e1\u0161\u0165 v\u00e1\u017en\u00fd. Pochybuje, \u017ee d\u011bti v N\u011bmecku maj\u00ed st\u00e1le stejn\u00e9 mo\u017enosti jako p\u0159edchoz\u00ed generace.<\/p>\n<p>Hovo\u0159\u00ed o nedostatku vzd\u011bl\u00e1n\u00ed, byrokracii, zastaral\u00fdch struktur\u00e1ch a neschopnosti politik\u016f p\u0159ij\u00edmat odv\u00e1\u017en\u00e1 rozhodnut\u00ed. Jedno je podle n\u011bj jist\u00e9: pokud bude N\u011bmecko takto pokra\u010dovat, svou dal\u0161\u00ed generaci nepos\u00edl\u00ed, ale oslab\u00ed.<\/p>\n<h3>Pro\u010d je Dieter Bohlen v m\u00e9 knize p\u0159\u00edkladem vnit\u0159n\u00ed zralosti?<\/h3>\n<figure id=\"attachment_2437\" aria-describedby=\"caption-attachment-2437\" style=\"width: 210px\" class=\"wp-caption alignright\"><a href=\"https:\/\/schall-verlag.de\/buch-krisen.php\" target=\"_blank\" rel=\"noopener\"><img loading=\"lazy\" decoding=\"async\" class=\"wp-image-2437\" src=\"https:\/\/www.markus-schall.de\/wp-content\/uploads\/Krisen-Cover-Front-DEjpg-715x1024.jpg\" alt=\"Kniha &quot;Krize jako bod obratu - u\u010dit se, r\u016fst, formovat\" width=\"220\" height=\"315\" srcset=\"https:\/\/www.markus-schall.de\/wp-content\/uploads\/Krisen-Cover-Front-DEjpg-715x1024.jpg 715w, https:\/\/www.markus-schall.de\/wp-content\/uploads\/Krisen-Cover-Front-DEjpg-210x300.jpg 210w, https:\/\/www.markus-schall.de\/wp-content\/uploads\/Krisen-Cover-Front-DEjpg-768x1100.jpg 768w, https:\/\/www.markus-schall.de\/wp-content\/uploads\/Krisen-Cover-Front-DEjpg-8x12.jpg 8w, https:\/\/www.markus-schall.de\/wp-content\/uploads\/Krisen-Cover-Front-DEjpg.jpg 838w\" sizes=\"auto, (max-width: 220px) 100vw, 220px\" \/><\/a><figcaption id=\"caption-attachment-2437\" class=\"wp-caption-text\">Krize jako bod obratu<\/figcaption><\/figure>\n<p>V m\u00e9 knize <a href=\"https:\/\/schall-verlag.de\/buch-krisen.php\" target=\"_blank\" rel=\"noopener\"><strong><em>\u201eKrize jako bod obratu - u\u010den\u00ed, r\u016fst, formov\u00e1n\u00ed\u201c<\/em><\/strong><\/a> Z\u00e1m\u011brn\u011b jsem uvedl Dietera Bohlena jako p\u0159\u00edklad \u201evnit\u0159n\u00ed zralosti z hlediska osobn\u00ed odpov\u011bdnosti\u201c. Ne kv\u016fli jeho sl\u00e1v\u011b nebo ve\u0159ejn\u00e9mu vystupov\u00e1n\u00ed, ale kv\u016fli postoji, kter\u00fd je dnes ji\u017e vz\u00e1cn\u00fd: p\u0159eb\u00edr\u00e1 odpov\u011bdnost za sv\u016fj \u017eivot, rozhoduje se bez v\u00fdmluv a z\u016fst\u00e1v\u00e1 st\u0159\u00edzliv\u00fd, pragmatick\u00fd a sebekritick\u00fd.<\/p>\n<p>Pr\u00e1v\u011b v kriz\u00edch se projevuje charakter - a Bohlen u\u017e des\u00edtky let dokazuje, \u017ee osobn\u00ed odpov\u011bdnost nemus\u00ed p\u016fsobit tvrd\u011b nebo chladn\u011b, ale naopak osvobozuj\u00edc\u00edm dojmem. Tento postoj rezonuje i v tomto rozhovoru: Bohlen analyzuje st\u00ed\u017enosti nikoli z pohodlnosti, ale s v\u011bdom\u00edm, \u017ee \u010dlov\u011bk m\u00e1 v\u017edy pod\u00edl na \u00fasp\u011bchu \u010di ne\u00fasp\u011bchu. Pr\u00e1v\u011b tento pohled \u010din\u00ed jeho v\u00fdroky hmatateln\u00fdmi a cenn\u00fdmi pro mnoho lid\u00ed.<\/p>\n<h3>Zrcadlo, kter\u00e9 by nem\u011blo b\u00fdt ignorov\u00e1no<\/h3>\n<p>A\u0165 u\u017e m\u00e1te Dietera Bohlena r\u00e1di, nebo ne - tento rozhovor nastavuje N\u011bmecku zrcadlo. P\u0159\u00edm\u00e9, nep\u0159ikr\u00e1\u0161len\u00e9, n\u011bkdy drsn\u00e9. Ale pr\u00e1v\u011b proto je d\u016fle\u017eit\u00fd. \u0158\u00edk\u00e1 to, co si mnoho lid\u00ed mysl\u00ed, ale neodv\u00e1\u017e\u00ed se to \u0159\u00edct ve\u0159ejn\u011b.<\/p>\n<p>N\u011bmecko \u017eilo po cel\u00e1 desetilet\u00ed ze sv\u00e9 podstaty, zat\u00edmco ostatn\u00ed zem\u011b se modernizovaly. Kritika nen\u00ed zalo\u017eena na ideologii, ale na zku\u0161enostech. A p\u0159ipom\u00edn\u00e1, jak d\u016fle\u017eit\u00e9 je nejen \u0159\u00eddit, ale i utv\u00e1\u0159et. V jin\u00e9m rozhovoru v l\u00e9t\u011b Bohlen <a href=\"https:\/\/www.bild.de\/unterhaltung\/stars-und-leute\/dieter-bohlen-ueber-finanzen-wenn-hier-alles-kaese-ist-bin-ich-in-6-stunden-weg-685d02ae54352c1fc4b2d12d\" target=\"_blank\" rel=\"noopener\"><strong>ji\u017e zd\u016fraznil<\/strong><\/a>, v p\u0159\u00edpad\u011b pochybnost\u00ed opustit zemi.<\/p>\n<p>Mo\u017en\u00e1 pr\u00e1v\u011b v tom je skute\u010dn\u00e1 s\u00edla tohoto rozhovoru: Vyz\u00fdv\u00e1 k tomu, aby se odpov\u011bdnost op\u011bt brala v\u00e1\u017en\u011b - ne jako mor\u00e1ln\u00ed p\u00f3za, ale jako povinnost v\u016f\u010di budouc\u00edm generac\u00edm.<\/p>\n<p>Na sam\u00e9m konci - na <strong><a href=\"https:\/\/www.kettner-edelmetalle.de\" target=\"_blank\" rel=\"noopener\">Kettners<\/a><\/strong> Na ot\u00e1zku, jak dlouho chce v N\u011bmecku z\u016fstat, \u0159ekl Bohlen asi nejd\u016fle\u017eit\u011bj\u0161\u00ed v\u011btu ve\u010dera:<\/p>\n<blockquote><p>\"<em>Nevzd\u00e1v\u00e1m se nad\u011bje.\u201c<\/em><\/p><\/blockquote>\n\n\t\t\t<div class=\"display-post-types\">\n\n\t\t\t\t\t\t\t<style type=\"text\/css\">\n\t\t\t#dpt-wrapper-918 { --dpt-text-align: left;--dpt-image-crop: center;--dpt-border-radius: 5px;--dpt-h-gutter: 10px;--dpt-v-gutter: 10px; }\t\t\t<\/style>\n\t\t\t<style type=\"text\/css\">#dpt-wrapper-918 { --dpt-title-font-style:normal;--dpt-title-font-weight:600;--dpt-title-line-height:1.5;--dpt-title-text-decoration:none;--dpt-title-text-transform:none;--dpt-excerpt-font-style:normal;--dpt-excerpt-font-weight:400;--dpt-excerpt-line-height:1.5;--dpt-excerpt-text-decoration:none;--dpt-excerpt-text-transform:none;--dpt-meta1-font-style:normal;--dpt-meta1-font-weight:400;--dpt-meta1-line-height:1.9;--dpt-meta1-text-decoration:none;--dpt-meta1-text-transform:none;--dpt-meta2-font-style:normal;--dpt-meta2-font-weight:400;--dpt-meta2-line-height:1.9;--dpt-meta2-text-decoration:none;--dpt-meta2-text-transform:none; }<\/style><div class=\"dpt-main-header\">\n\t\t\t\t\t\t<div class=\"dpt-main-title\">\n\t\t\t\t\t\t\t<span class=\"dpt-main-title-text\">Aktu\u00e1ln\u00ed \u010dl\u00e1nky o um\u011bl\u00e9 inteligenci<\/span>\n\t\t\t\t\t\t<\/div>\n\t\t\t\t\t\t\n\t\t\t\t\t\t\n\t\t\t\t\t\t\n\t\t\t\t\t\t<\/div>\t\t\t\n\t\t\t\t<div id=\"dpt-wrapper-918\" class=\"dpt-wrapper dpt-mag1 land1 dpt-cropped dpt-flex-wrap\" >\n\n\t\t\t\t\t\t\t\t\t\t\t<div class=\"dpt-entry has-thumbnail\" data-title=\"vom content zur substanz: wie digitale systeme entstehen, die nicht kopierbar sind\" data-id=\"5899\"  data-category=\"allgemein b\u00fccher gesellschaft tipps &amp; anleitungen\" data-post_tag=\"buch datenlogik denkmodelle digitales eigentum erfahrungen k\u00fcnstliche intelligenz prozesse publishing ratgeber\">\n\t\t\t\t\t\t\t<div class=\"dpt-entry-wrapper\"><div class=\"dpt-featured-content\"><div class=\"dpt-permalink\"><a href=\"https:\/\/www.markus-schall.de\/cs\/2026\/04\/od-obsahu-k-podstate-jak-se-vytvareji-digitalni-systemy-ktere-nelze-kopirovat\/\" class=\"dpt-permalink\"><span class=\"screen-reader-text\">Od obsahu k podstat\u011b: jak vznikaj\u00ed digit\u00e1ln\u00ed syst\u00e9my, kter\u00e9 nelze kop\u00edrovat<\/span><\/a><\/div><div class=\"dpt-thumbnail\"><div class=\"dpt-thumbnail-inner\"><img width=\"1024\" height=\"682\" class=\"attachment-full size-full\" alt=\"Syst\u00e9m m\u00edsto individu\u00e1ln\u00edho obsahu\" context=\"dpt\" data-dpt-src=\"https:\/\/www.markus-schall.de\/wp-content\/uploads\/Organische-Reichweite.jpg\" data-dpt-sizes=\"(max-width: 1024px) 100vw, 1024px\" data-dpt-srcset=\"https:\/\/www.markus-schall.de\/wp-content\/uploads\/Organische-Reichweite.jpg 1024w, https:\/\/www.markus-schall.de\/wp-content\/uploads\/Organische-Reichweite-300x200.jpg 300w, https:\/\/www.markus-schall.de\/wp-content\/uploads\/Organische-Reichweite-768x512.jpg 768w, https:\/\/www.markus-schall.de\/wp-content\/uploads\/Organische-Reichweite-18x12.jpg 18w\" \/><\/div><span class=\"dpt-thumbnail-aspect-ratio\" style=\"padding-top: 75%\"><\/span><\/div><\/div><div class=\"sub-entry\"><h3 class=\"dpt-title\"><a class=\"dpt-title-link\" href=\"https:\/\/www.markus-schall.de\/cs\/2026\/04\/od-obsahu-k-podstate-jak-se-vytvareji-digitalni-systemy-ktere-nelze-kopirovat\/\" rel=\"bookmark\">Od obsahu k podstat\u011b: jak vznikaj\u00ed digit\u00e1ln\u00ed syst\u00e9my, kter\u00e9 nelze kop\u00edrovat<\/a><\/h3><\/div><\/div>\n\t\t\t\t\t\t<\/div><!-- .dpt-entry -->\n\t\t\t\t\t\t\t\t\t\t\t\t<div class=\"dpt-entry has-thumbnail\" data-title=\"vom chatgpt-datenexport zur eigenen wissens-ki: schritt-f\u00fcr-schritt mit ollama und qdrant\" data-id=\"5306\"  data-category=\"apple macos ki-systeme tipps &amp; anleitungen\" data-post_tag=\"datenbanken denkmodelle digitales eigentum docker k\u00fcnstliche intelligenz llama llm mlx ollama prozesse sprachmodell\">\n\t\t\t\t\t\t\t<div class=\"dpt-entry-wrapper\"><div class=\"dpt-featured-content\"><div class=\"dpt-permalink\"><a href=\"https:\/\/www.markus-schall.de\/cs\/2026\/03\/od-exportu-dat-chatgpt-do-vlastnich-znalosti-ki-krok-za-krokem-s-ollama-a-qdrant\/\" class=\"dpt-permalink\"><span class=\"screen-reader-text\">Od exportu dat ChatGPT k vlastn\u00ed znalostn\u00ed AI: krok za krokem s Ollama a Qdrant<\/span><\/a><\/div><div class=\"dpt-thumbnail\"><div class=\"dpt-thumbnail-inner\"><img width=\"1024\" height=\"683\" class=\"attachment-full size-full\" alt=\"Cesta k vlastn\u00ed pam\u011bti um\u011bl\u00e9 inteligence\" context=\"dpt\" data-dpt-src=\"https:\/\/www.markus-schall.de\/wp-content\/uploads\/ChatGPT-Datenexport-Computerhirn.jpg\" data-dpt-sizes=\"(max-width: 1024px) 100vw, 1024px\" data-dpt-srcset=\"https:\/\/www.markus-schall.de\/wp-content\/uploads\/ChatGPT-Datenexport-Computerhirn.jpg 1024w, https:\/\/www.markus-schall.de\/wp-content\/uploads\/ChatGPT-Datenexport-Computerhirn-300x200.jpg 300w, https:\/\/www.markus-schall.de\/wp-content\/uploads\/ChatGPT-Datenexport-Computerhirn-768x512.jpg 768w, https:\/\/www.markus-schall.de\/wp-content\/uploads\/ChatGPT-Datenexport-Computerhirn-18x12.jpg 18w\" \/><\/div><span class=\"dpt-thumbnail-aspect-ratio\" style=\"padding-top: 75%\"><\/span><\/div><\/div><div class=\"sub-entry\"><h3 class=\"dpt-title\"><a class=\"dpt-title-link\" href=\"https:\/\/www.markus-schall.de\/cs\/2026\/03\/od-exportu-dat-chatgpt-do-vlastnich-znalosti-ki-krok-za-krokem-s-ollama-a-qdrant\/\" rel=\"bookmark\">Od exportu dat ChatGPT k vlastn\u00ed znalostn\u00ed AI: krok za krokem s Ollama a Qdrant<\/a><\/h3><\/div><\/div>\n\t\t\t\t\t\t<\/div><!-- .dpt-entry -->\n\t\t\t\t\t\t\t\t\t\t\t\t<div class=\"dpt-entry has-thumbnail\" data-title=\"chatgpt-datenexport erkl\u00e4rt: wie deine ki-chats zu einem pers\u00f6nlichen wissenssystem werden\" data-id=\"5259\"  data-category=\"featured ki-systeme tipps &amp; anleitungen\" data-post_tag=\"apple datenbanken datenschutz digitales eigentum k\u00fcnstliche intelligenz llama llm mac mlx ollama sprachmodell\">\n\t\t\t\t\t\t\t<div class=\"dpt-entry-wrapper\"><div class=\"dpt-featured-content\"><div class=\"dpt-permalink\"><a href=\"https:\/\/www.markus-schall.de\/cs\/2026\/03\/export-dat-chatgpt-vysvetluje-jak-se-vase-chaty-ki-stavaji-osobnim-znalostnim-systemem\/\" class=\"dpt-permalink\"><span class=\"screen-reader-text\">Vysv\u011btlen\u00ed exportu dat ChatGPT: Jak se z va\u0161ich chat\u016f s um\u011blou inteligenc\u00ed stane osobn\u00ed znalostn\u00ed syst\u00e9m<\/span><\/a><\/div><div class=\"dpt-thumbnail\"><div class=\"dpt-thumbnail-inner\"><img width=\"1024\" height=\"683\" class=\"attachment-full size-full\" alt=\"Export dat ChatGPT\" context=\"dpt\" data-dpt-src=\"https:\/\/www.markus-schall.de\/wp-content\/uploads\/ChatGPT-Datenexport.jpg\" data-dpt-sizes=\"(max-width: 1024px) 100vw, 1024px\" data-dpt-srcset=\"https:\/\/www.markus-schall.de\/wp-content\/uploads\/ChatGPT-Datenexport.jpg 1024w, https:\/\/www.markus-schall.de\/wp-content\/uploads\/ChatGPT-Datenexport-300x200.jpg 300w, https:\/\/www.markus-schall.de\/wp-content\/uploads\/ChatGPT-Datenexport-768x512.jpg 768w, https:\/\/www.markus-schall.de\/wp-content\/uploads\/ChatGPT-Datenexport-18x12.jpg 18w\" \/><\/div><span class=\"dpt-thumbnail-aspect-ratio\" style=\"padding-top: 75%\"><\/span><\/div><\/div><div class=\"sub-entry\"><h3 class=\"dpt-title\"><a class=\"dpt-title-link\" href=\"https:\/\/www.markus-schall.de\/cs\/2026\/03\/export-dat-chatgpt-vysvetluje-jak-se-vase-chaty-ki-stavaji-osobnim-znalostnim-systemem\/\" rel=\"bookmark\">Vysv\u011btlen\u00ed exportu dat ChatGPT: Jak se z va\u0161ich chat\u016f s um\u011blou inteligenc\u00ed stane osobn\u00ed znalostn\u00ed syst\u00e9m<\/a><\/h3><\/div><\/div>\n\t\t\t\t\t\t<\/div><!-- .dpt-entry -->\n\t\t\t\t\t\t\t\t\t\t\t\t<div class=\"dpt-entry has-thumbnail\" data-title=\"der iran\u2013israel-konflikt: warum diese eskalation der strategische albtraum des westens ist\" data-id=\"5212\"  data-category=\"allgemein gesellschaft\" data-post_tag=\"denkmodelle energiepolitik europa geopolitik krisen k\u00fcnstliche intelligenz meinungsfreiheit sicherheitspolitik spieltheorie\">\n\t\t\t\t\t\t\t<div class=\"dpt-entry-wrapper\"><div class=\"dpt-featured-content\"><div class=\"dpt-permalink\"><a href=\"https:\/\/www.markus-schall.de\/cs\/2026\/03\/iransko-izraelsky-konflikt-proc-je-eskalace-konfliktu-strategickou-nocni-murou-zapadu\/\" class=\"dpt-permalink\"><span class=\"screen-reader-text\">\u00cdr\u00e1nsko-izraelsk\u00fd konflikt: Pro\u010d je eskalace konfliktu strategickou no\u010dn\u00ed m\u016frou Z\u00e1padu?<\/span><\/a><\/div><div class=\"dpt-thumbnail\"><div class=\"dpt-thumbnail-inner\"><img width=\"1024\" height=\"683\" class=\"attachment-full size-full\" alt=\"Izrael-Ir\u00e1n - strategick\u00e1 no\u010dn\u00ed m\u016fra\" context=\"dpt\" data-dpt-src=\"https:\/\/www.markus-schall.de\/wp-content\/uploads\/Israel-Iran-Strategischer-Albtraum.jpg\" data-dpt-sizes=\"(max-width: 1024px) 100vw, 1024px\" data-dpt-srcset=\"https:\/\/www.markus-schall.de\/wp-content\/uploads\/Israel-Iran-Strategischer-Albtraum.jpg 1024w, https:\/\/www.markus-schall.de\/wp-content\/uploads\/Israel-Iran-Strategischer-Albtraum-300x200.jpg 300w, https:\/\/www.markus-schall.de\/wp-content\/uploads\/Israel-Iran-Strategischer-Albtraum-768x512.jpg 768w, https:\/\/www.markus-schall.de\/wp-content\/uploads\/Israel-Iran-Strategischer-Albtraum-18x12.jpg 18w\" \/><\/div><span class=\"dpt-thumbnail-aspect-ratio\" style=\"padding-top: 75%\"><\/span><\/div><\/div><div class=\"sub-entry\"><h3 class=\"dpt-title\"><a class=\"dpt-title-link\" href=\"https:\/\/www.markus-schall.de\/cs\/2026\/03\/iransko-izraelsky-konflikt-proc-je-eskalace-konfliktu-strategickou-nocni-murou-zapadu\/\" rel=\"bookmark\">\u00cdr\u00e1nsko-izraelsk\u00fd konflikt: Pro\u010d je eskalace konfliktu strategickou no\u010dn\u00ed m\u016frou Z\u00e1padu?<\/a><\/h3><\/div><\/div>\n\t\t\t\t\t\t<\/div><!-- .dpt-entry -->\n\t\t\t\t\t\t\n\t\t\t\t<\/div>\n\t\t\t\t\t\t<\/div>\n\t\t\t\n<hr \/>\n<h2>Ot\u00e1zky a odpov\u011bdi k \u010dl\u00e1nku<\/h2>\n<ol>\n<li><strong>Pro\u010d je tento rozhovor s Dieterem Bohlenem tak politicky v\u00fdznamn\u00fd?<\/strong><br \/>\nProto\u017ee v\u00fdznamn\u00fd um\u011blec bez stranick\u00e9ho politick\u00e9ho programu jasn\u011b vyjad\u0159uje to, co mnoz\u00ed ob\u010dan\u00e9 ti\u0161e c\u00edt\u00ed. Jeho kritika nep\u016fsob\u00ed jako p\u0159edvolebn\u00ed kampa\u0148, ale jako osobn\u00ed bilancov\u00e1n\u00ed. To dod\u00e1v\u00e1 jeho v\u00fdrok\u016fm v\u00e1hu.<\/li>\n<li><strong>Co Bohlen mysl\u00ed \u201edobro\u010dinn\u00fdm chov\u00e1n\u00edm\u201c?<\/strong><br \/>\nPopisuje tak politickou kulturu, kter\u00e1 up\u0159ednost\u0148uje mor\u00e1ln\u00ed exaltovanost, zat\u00edmco praktick\u00e1 \u0159e\u0161en\u00ed chyb\u00ed. V\u00fdsledkem je, \u017ee rozhodnut\u00ed se \u010dasto jev\u00ed jako symbolick\u00e1, ale nikoliv realistick\u00e1.<\/li>\n<li><strong>Pro\u010d Bohlen \u0159\u00edk\u00e1, \u017ee N\u011bmecko v zahrani\u010d\u00ed \u201eu\u017e nen\u00ed modern\u00ed\u201c?<\/strong><br \/>\nVych\u00e1z\u00ed z osobn\u00edch zku\u0161enost\u00ed a diskus\u00ed v mezin\u00e1rodn\u00edm prost\u0159ed\u00ed. N\u011bmecko b\u00fdvalo vn\u00edm\u00e1no jako \u0159e\u0161itel probl\u00e9m\u016f s kvalitn\u00edmi standardy. Dnes si mnoho partner\u016f spojuje tuto zemi s byrokraci\u00ed, ideologi\u00ed a ekonomickou slabost\u00ed.<\/li>\n<li><strong>Jak Bohlen vysv\u011btluje \u00fapadek zna\u010dky \u201eMade in Germany\u201c?<\/strong><br \/>\nD\u016fvodem jsou podle n\u011bj desetilet\u00ed samolibosti, \u0161patn\u00e1 politick\u00e1 rozhodnut\u00ed a rostouc\u00ed odcizen\u00ed od ekonomick\u00e9 reality. N\u011bkdej\u0161\u00ed p\u0159\u00edslib kvality ztratil svou s\u00edlu v d\u016fsledku nadm\u011brn\u00e9 regulace a nedostate\u010dn\u00e9ho pl\u00e1nov\u00e1n\u00ed.<\/li>\n<li><strong>Co kritizuje na takzvan\u00e9m \u201efirewallu\u201c?<\/strong><br \/>\nPova\u017euje ji za ideologick\u00fd symbol, kter\u00fd br\u00e1n\u00ed otev\u0159en\u00e9 diskusi. Demokracii se da\u0159\u00ed na z\u00e1klad\u011b v\u00fdm\u011bny n\u00e1zor\u016f, nikoliv na z\u00e1klad\u011b vylou\u010den\u00ed cel\u00fdch oblast\u00ed my\u0161len\u00ed. Firewall podle n\u011bj ukazuje politickou slabost.<\/li>\n<li><strong>T\u00fdk\u00e1 se rozhovor stranick\u00e9 politiky, nebo z\u00e1sadn\u00edho v\u00fdvoje?<\/strong><br \/>\nBohlen se vyh\u00fdb\u00e1 stranicko-politick\u00e9 ideologii. M\u00edsto toho kritizuje mentalitu: mor\u00e1ln\u00ed sebeprezentaci nam\u00edsto pragmatick\u00e9 odpov\u011bdnosti. Je to kritika syst\u00e9mu - nikoli kritika strany.<\/li>\n<li><strong>Pro\u010d n\u011bkte\u0159\u00ed lid\u00e9 v rozhovoru hovo\u0159\u00ed o hrozb\u011b \u201evyvlastn\u011bn\u00ed zadn\u00edmi vr\u00e1tky\u201c?<\/strong><br \/>\nProto\u017ee politick\u00e9 n\u00e1vrhy na \u201emobilizaci\u201c soukrom\u00fdch \u00faspor by mohly v\u00e9st k tomu, \u017ee ob\u010dan\u00e9 budou nep\u0159\u00edmo nuceni investovat sv\u00e9 \u00faspory do vl\u00e1dou definovan\u00fdch projekt\u016f. Pro mnoh\u00e9 je to alarmuj\u00edc\u00ed sign\u00e1l.<\/li>\n<li><strong>Pro\u010d Bohlen tak ost\u0159e reaguje na my\u0161lenku dan\u011b z majetku?<\/strong><br \/>\nPova\u017euje to za sign\u00e1l, \u017ee \u0161pi\u010dkov\u00ed pracovn\u00edci a podnikatel\u00e9 jsou v N\u011bmecku st\u00e1le v\u00edce pova\u017eov\u00e1ni za probl\u00e9m ne\u017e za p\u0159\u00ednos. Jeho prohl\u00e1\u0161en\u00ed, \u017ee \u201edo \u0161esti hodin bude pry\u010d\u201c, sv\u011bd\u010d\u00ed o hlubok\u00e9 frustraci z politick\u00e9 nejistoty.<\/li>\n<li><strong>Jak\u00e9 obavy m\u00e1 Bohlen z mlad\u00e9 generace?<\/strong><br \/>\nPochybuje, \u017ee dne\u0161n\u00ed d\u011bti maj\u00ed st\u00e1le stejn\u00e9 mo\u017enosti jako p\u0159edchoz\u00ed generace. Kritizuje zastaral\u00e9 struktury, slabou vzd\u011bl\u00e1vac\u00ed politiku a nedostatek odvahy k prov\u00e1d\u011bn\u00ed z\u00e1sadn\u00edch reforem.<\/li>\n<li><strong>Jak\u00e9 hlavn\u00ed poselstv\u00ed bychom si z rozhovoru m\u011bli odn\u00e9st?<\/strong><br \/>\n\u017de zem\u011b ne\u017eije z mor\u00e1ln\u00edch fr\u00e1z\u00ed, ale ze schopnosti p\u0159evz\u00edt odpov\u011bdnost, poctiv\u011b pojmenovat probl\u00e9my a spojit ekonomick\u00fd rozum s lidsk\u00fdm \u00fasudkem. Bohlen p\u0159ipom\u00edn\u00e1, \u017ee l\u00e1tka se v ur\u010dit\u00e9m okam\u017eiku vy\u010derp\u00e1 - a \u017ee je t\u0159eba jednat v\u010das, ne\u017e se prop\u00e1sne bod zvratu.<\/li>\n<\/ol>\n<hr \/>\n\n\t\t\t<div class=\"display-post-types\">\n\n\t\t\t\t\t\t\t<style type=\"text\/css\">\n\t\t\t#dpt-wrapper-919 { --dpt-text-align: left;--dpt-image-crop: center;--dpt-border-radius: 5px;--dpt-h-gutter: 10px;--dpt-v-gutter: 9px; }\t\t\t<\/style>\n\t\t\t<style type=\"text\/css\">#dpt-wrapper-919 { --dpt-title-font-style:normal;--dpt-title-font-weight:600;--dpt-title-line-height:1.5;--dpt-title-text-decoration:none;--dpt-title-text-transform:none;--dpt-excerpt-font-style:normal;--dpt-excerpt-font-weight:400;--dpt-excerpt-line-height:1.5;--dpt-excerpt-text-decoration:none;--dpt-excerpt-text-transform:none;--dpt-meta1-font-style:normal;--dpt-meta1-font-weight:400;--dpt-meta1-line-height:1.9;--dpt-meta1-text-decoration:none;--dpt-meta1-text-transform:none;--dpt-meta2-font-style:normal;--dpt-meta2-font-weight:400;--dpt-meta2-line-height:1.9;--dpt-meta2-text-decoration:none;--dpt-meta2-text-transform:none; }<\/style><div class=\"dpt-main-header\">\n\t\t\t\t\t\t<div class=\"dpt-main-title\">\n\t\t\t\t\t\t\t<span class=\"dpt-main-title-text\">Aktu\u00e1ln\u00ed \u010dl\u00e1nky o um\u011bn\u00ed a kultu\u0159e<\/span>\n\t\t\t\t\t\t<\/div>\n\t\t\t\t\t\t\n\t\t\t\t\t\t\n\t\t\t\t\t\t\n\t\t\t\t\t\t<\/div>\t\t\t\n\t\t\t\t<div id=\"dpt-wrapper-919\" class=\"dpt-wrapper dpt-mag1 land1 dpt-cropped dpt-flex-wrap\" >\n\n\t\t\t\t\t\t\t\t\t\t\t<div class=\"dpt-entry has-thumbnail\" data-title=\"dieter bohlen im klartext: warum deutschland an der eigenen b\u00fcrokratie scheitert\" data-id=\"3546\"  data-category=\"allgemein b\u00fccher gesellschaft kunst &amp; kultur\" data-post_tag=\"buch deutschland erfahrungen krisen meinungsfreiheit musik\">\n\t\t\t\t\t\t\t<div class=\"dpt-entry-wrapper\"><div class=\"dpt-featured-content\"><div class=\"dpt-permalink\"><a href=\"https:\/\/www.markus-schall.de\/cs\/2025\/11\/dieter-bohlen-srozumitelne-o-tom-proc-nemecko-selhava-kvuli-vlastni-byrokracii\/\" class=\"dpt-permalink\"><span class=\"screen-reader-text\">Dieter Bohlen srozumiteln\u011b: Pro\u010d N\u011bmecko selh\u00e1v\u00e1 kv\u016fli vlastn\u00ed byrokracii<\/span><\/a><\/div><div class=\"dpt-thumbnail\"><div class=\"dpt-thumbnail-inner\"><img width=\"1536\" height=\"1024\" class=\"attachment-full size-full\" alt=\"Dieter Bohlen v rozhovoru s Dominikem Kettnerem\" context=\"dpt\" data-dpt-src=\"https:\/\/www.markus-schall.de\/wp-content\/uploads\/bohlen-kettner-germany.jpg\" data-dpt-sizes=\"(max-width: 1536px) 100vw, 1536px\" data-dpt-srcset=\"https:\/\/www.markus-schall.de\/wp-content\/uploads\/bohlen-kettner-germany.jpg 1536w, https:\/\/www.markus-schall.de\/wp-content\/uploads\/bohlen-kettner-germany-300x200.jpg 300w, https:\/\/www.markus-schall.de\/wp-content\/uploads\/bohlen-kettner-germany-1024x683.jpg 1024w, https:\/\/www.markus-schall.de\/wp-content\/uploads\/bohlen-kettner-germany-768x512.jpg 768w, https:\/\/www.markus-schall.de\/wp-content\/uploads\/bohlen-kettner-germany-18x12.jpg 18w\" \/><\/div><span class=\"dpt-thumbnail-aspect-ratio\" style=\"padding-top: 75%\"><\/span><\/div><\/div><div class=\"sub-entry\"><h3 class=\"dpt-title\"><a class=\"dpt-title-link\" href=\"https:\/\/www.markus-schall.de\/cs\/2025\/11\/dieter-bohlen-srozumitelne-o-tom-proc-nemecko-selhava-kvuli-vlastni-byrokracii\/\" rel=\"bookmark\">Dieter Bohlen srozumiteln\u011b: Pro\u010d N\u011bmecko selh\u00e1v\u00e1 kv\u016fli vlastn\u00ed byrokracii<\/a><\/h3><\/div><\/div>\n\t\t\t\t\t\t<\/div><!-- .dpt-entry -->\n\t\t\t\t\t\t\t\t\t\t\t\t<div class=\"dpt-entry has-thumbnail\" data-title=\"spieltheorie erkl\u00e4rt 25 jahre geopolitik: wie europa seine strategische rolle verlor\" data-id=\"3850\"  data-category=\"allgemein gesellschaft kunst &amp; kultur\" data-post_tag=\"denkmodelle deutschland energiepolitik eu-gesetze europa geopolitik krisen sicherheitspolitik spieltheorie\">\n\t\t\t\t\t\t\t<div class=\"dpt-entry-wrapper\"><div class=\"dpt-featured-content\"><div class=\"dpt-permalink\"><a href=\"https:\/\/www.markus-schall.de\/cs\/2025\/12\/teorie-her-vysvetluje-25-let-geopolitiky-jak-evropa-ztratila-svou-strategickou-roli\/\" class=\"dpt-permalink\"><span class=\"screen-reader-text\">Teorie her vysv\u011btluje 25 let geopolitiky: Jak Evropa ztratila svou strategickou roli<\/span><\/a><\/div><div class=\"dpt-thumbnail\"><div class=\"dpt-thumbnail-inner\"><img width=\"1024\" height=\"765\" class=\"attachment-full size-full\" alt=\"Teorie her vysv\u011btluje 25 let geopolitiky\" context=\"dpt\" data-dpt-src=\"https:\/\/www.markus-schall.de\/wp-content\/uploads\/europa-russland-spieltheorie.jpg\" data-dpt-sizes=\"(max-width: 1024px) 100vw, 1024px\" data-dpt-srcset=\"https:\/\/www.markus-schall.de\/wp-content\/uploads\/europa-russland-spieltheorie.jpg 1024w, https:\/\/www.markus-schall.de\/wp-content\/uploads\/europa-russland-spieltheorie-300x224.jpg 300w, https:\/\/www.markus-schall.de\/wp-content\/uploads\/europa-russland-spieltheorie-768x574.jpg 768w, https:\/\/www.markus-schall.de\/wp-content\/uploads\/europa-russland-spieltheorie-16x12.jpg 16w\" \/><\/div><span class=\"dpt-thumbnail-aspect-ratio\" style=\"padding-top: 75%\"><\/span><\/div><\/div><div class=\"sub-entry\"><h3 class=\"dpt-title\"><a class=\"dpt-title-link\" href=\"https:\/\/www.markus-schall.de\/cs\/2025\/12\/teorie-her-vysvetluje-25-let-geopolitiky-jak-evropa-ztratila-svou-strategickou-roli\/\" rel=\"bookmark\">Teorie her vysv\u011btluje 25 let geopolitiky: Jak Evropa ztratila svou strategickou roli<\/a><\/h3><\/div><\/div>\n\t\t\t\t\t\t<\/div><!-- .dpt-entry -->\n\t\t\t\t\t\t\t\t\t\t\t\t<div class=\"dpt-entry has-thumbnail\" data-title=\"johann sebastian bach \u2013 ordnung, haltung und das fundament unserer musik\" data-id=\"5033\"  data-category=\"allgemein gesellschaft kunst &amp; kultur\" data-post_tag=\"deutschland musik portrait\">\n\t\t\t\t\t\t\t<div class=\"dpt-entry-wrapper\"><div class=\"dpt-featured-content\"><div class=\"dpt-permalink\"><a href=\"https:\/\/www.markus-schall.de\/cs\/2026\/02\/johann-sebastian-bach-order-postoj-a-zaklad-nasi-hudby\/\" class=\"dpt-permalink\"><span class=\"screen-reader-text\">Johann Sebastian Bach - \u0159\u00e1d, postoj a z\u00e1klad na\u0161\u00ed hudby<\/span><\/a><\/div><div class=\"dpt-thumbnail\"><div class=\"dpt-thumbnail-inner\"><img width=\"1024\" height=\"683\" class=\"attachment-full size-full\" alt=\"Johann Sebastian Bach Portr\u00e9t\" context=\"dpt\" data-dpt-src=\"https:\/\/www.markus-schall.de\/wp-content\/uploads\/Johann-Sebastian-Bach-Portrait.jpg\" data-dpt-sizes=\"(max-width: 1024px) 100vw, 1024px\" data-dpt-srcset=\"https:\/\/www.markus-schall.de\/wp-content\/uploads\/Johann-Sebastian-Bach-Portrait.jpg 1024w, https:\/\/www.markus-schall.de\/wp-content\/uploads\/Johann-Sebastian-Bach-Portrait-300x200.jpg 300w, https:\/\/www.markus-schall.de\/wp-content\/uploads\/Johann-Sebastian-Bach-Portrait-768x512.jpg 768w, https:\/\/www.markus-schall.de\/wp-content\/uploads\/Johann-Sebastian-Bach-Portrait-18x12.jpg 18w\" \/><\/div><span class=\"dpt-thumbnail-aspect-ratio\" style=\"padding-top: 75%\"><\/span><\/div><\/div><div class=\"sub-entry\"><h3 class=\"dpt-title\"><a class=\"dpt-title-link\" href=\"https:\/\/www.markus-schall.de\/cs\/2026\/02\/johann-sebastian-bach-order-postoj-a-zaklad-nasi-hudby\/\" rel=\"bookmark\">Johann Sebastian Bach - \u0159\u00e1d, postoj a z\u00e1klad na\u0161\u00ed hudby<\/a><\/h3><\/div><\/div>\n\t\t\t\t\t\t<\/div><!-- .dpt-entry -->\n\t\t\t\t\t\t\t\t\t\t\t\t<div class=\"dpt-entry has-thumbnail\" data-title=\"apple im wandel: fr\u00fche ger\u00e4te, eigene erfahrungen und eine ausstellung im ocm\" data-id=\"5480\"  data-category=\"allgemein apple iphone &amp; ipad apple macos hardware kunst &amp; kultur stories &amp; humor\" data-post_tag=\"apple erfahrungen filemaker mac prozesse publishing\">\n\t\t\t\t\t\t\t<div class=\"dpt-entry-wrapper\"><div class=\"dpt-featured-content\"><div class=\"dpt-permalink\"><a href=\"https:\/\/www.markus-schall.de\/cs\/2026\/03\/jablko-v-prechodu-early-devices-vlastni-zkusenosti-a-vystava-na-ocm\/\" class=\"dpt-permalink\"><span class=\"screen-reader-text\">Apple v p\u0159echodu: ran\u00e1 za\u0159\u00edzen\u00ed, osobn\u00ed zku\u0161enosti a v\u00fdstava v OCM<\/span><\/a><\/div><div class=\"dpt-thumbnail\"><div class=\"dpt-thumbnail-inner\"><img width=\"1024\" height=\"683\" class=\"attachment-full size-full\" alt=\"Apple Macintosh Classic a Colour Classic\" context=\"dpt\" data-dpt-src=\"https:\/\/www.markus-schall.de\/wp-content\/uploads\/Apple-OCM-Titel.jpg\" data-dpt-sizes=\"(max-width: 1024px) 100vw, 1024px\" data-dpt-srcset=\"https:\/\/www.markus-schall.de\/wp-content\/uploads\/Apple-OCM-Titel.jpg 1024w, https:\/\/www.markus-schall.de\/wp-content\/uploads\/Apple-OCM-Titel-300x200.jpg 300w, https:\/\/www.markus-schall.de\/wp-content\/uploads\/Apple-OCM-Titel-768x512.jpg 768w, https:\/\/www.markus-schall.de\/wp-content\/uploads\/Apple-OCM-Titel-18x12.jpg 18w\" \/><\/div><span class=\"dpt-thumbnail-aspect-ratio\" style=\"padding-top: 75%\"><\/span><\/div><\/div><div class=\"sub-entry\"><h3 class=\"dpt-title\"><a class=\"dpt-title-link\" href=\"https:\/\/www.markus-schall.de\/cs\/2026\/03\/jablko-v-prechodu-early-devices-vlastni-zkusenosti-a-vystava-na-ocm\/\" rel=\"bookmark\">Apple v p\u0159echodu: ran\u00e1 za\u0159\u00edzen\u00ed, osobn\u00ed zku\u0161enosti a v\u00fdstava v OCM<\/a><\/h3><\/div><\/div>\n\t\t\t\t\t\t<\/div><!-- .dpt-entry -->\n\t\t\t\t\t\t\n\t\t\t\t<\/div>\n\t\t\t\t\t\t<\/div>\n\t\t\t\n<hr \/>","protected":false},"excerpt":{"rendered":"<p>Tento \u010dl\u00e1nek upozor\u0148uje na ned\u00e1vn\u00fd, pozoruhodn\u011b otev\u0159en\u00fd rozhovor mezi Dieterem Bohlenem - dlouholet\u00fdm hudebn\u00edm producentem, podnikatelem a jednou z nejzn\u00e1m\u011bj\u0161\u00edch tv\u00e1\u0159\u00ed n\u011bmeck\u00e9 popkultury - a Dominikem Kettnerem, odborn\u00edkem na drah\u00e9 kovy, youtuberem a finan\u010dn\u00edm podnikatelem, kter\u00fd se ji\u017e l\u00e9ta zab\u00fdv\u00e1 ochranou majetku a ekonomick\u00fdmi trendy. Na prvn\u00ed pohled se setk\u00e1n\u00ed t\u011bchto dvou jev\u00ed jako neobvykl\u00e9: zde se toti\u017e jedn\u00e1 o ... <a title=\"Apple v p\u0159echodu: ran\u00e1 za\u0159\u00edzen\u00ed, osobn\u00ed zku\u0161enosti a v\u00fdstava v OCM\" class=\"read-more\" href=\"https:\/\/www.markus-schall.de\/cs\/2026\/03\/jablko-v-prechodu-early-devices-vlastni-zkusenosti-a-vystava-na-ocm\/\" aria-label=\"\u010c\u00edst v\u00edce o Apple v p\u0159echodu: ran\u00e1 za\u0159\u00edzen\u00ed, osobn\u00ed zku\u0161enosti a v\u00fdstava v OCM\">\u010c\u00edst d\u00e1l<\/a><\/p>","protected":false},"author":1,"featured_media":3550,"comment_status":"open","ping_status":"open","sticky":false,"template":"","format":"standard","meta":{"iawp_total_views":522,"footnotes":""},"categories":[1,424,466,472],"tags":[425,480,458,426,476,483],"class_list":["post-3546","post","type-post","status-publish","format-standard","has-post-thumbnail","hentry","category-allgemein","category-buecher","category-gesellschaft","category-kunst-kultur","tag-buch","tag-deutschland","tag-erfahrungen","tag-krisen","tag-meinungsfreiheit","tag-musik"],"_links":{"self":[{"href":"https:\/\/www.markus-schall.de\/cs\/wp-json\/wp\/v2\/posts\/3546","targetHints":{"allow":["GET"]}}],"collection":[{"href":"https:\/\/www.markus-schall.de\/cs\/wp-json\/wp\/v2\/posts"}],"about":[{"href":"https:\/\/www.markus-schall.de\/cs\/wp-json\/wp\/v2\/types\/post"}],"author":[{"embeddable":true,"href":"https:\/\/www.markus-schall.de\/cs\/wp-json\/wp\/v2\/users\/1"}],"replies":[{"embeddable":true,"href":"https:\/\/www.markus-schall.de\/cs\/wp-json\/wp\/v2\/comments?post=3546"}],"version-history":[{"count":21,"href":"https:\/\/www.markus-schall.de\/cs\/wp-json\/wp\/v2\/posts\/3546\/revisions"}],"predecessor-version":[{"id":5474,"href":"https:\/\/www.markus-schall.de\/cs\/wp-json\/wp\/v2\/posts\/3546\/revisions\/5474"}],"wp:featuredmedia":[{"embeddable":true,"href":"https:\/\/www.markus-schall.de\/cs\/wp-json\/wp\/v2\/media\/3550"}],"wp:attachment":[{"href":"https:\/\/www.markus-schall.de\/cs\/wp-json\/wp\/v2\/media?parent=3546"}],"wp:term":[{"taxonomy":"category","embeddable":true,"href":"https:\/\/www.markus-schall.de\/cs\/wp-json\/wp\/v2\/categories?post=3546"},{"taxonomy":"post_tag","embeddable":true,"href":"https:\/\/www.markus-schall.de\/cs\/wp-json\/wp\/v2\/tags?post=3546"}],"curies":[{"name":"wp","href":"https:\/\/api.w.org\/{rel}","templated":true}]}}