{"id":3546,"date":"2025-11-18T06:59:07","date_gmt":"2025-11-18T06:59:07","guid":{"rendered":"https:\/\/www.markus-schall.de\/?p=3546"},"modified":"2026-06-23T07:38:28","modified_gmt":"2026-06-23T07:38:28","slug":"dieter-bohlen-srozumitelne-o-tom-proc-nemecko-selhava-kvuli-vlastni-byrokracii","status":"publish","type":"post","link":"https:\/\/www.markus-schall.de\/cs\/2025\/11\/dieter-bohlen-im-klartext-warum-deutschland-an-der-eigenen-buerokratie-scheitert\/","title":{"rendered":"Dieter Bohlen srozumiteln\u011b: Pro\u010d N\u011bmecko selh\u00e1v\u00e1 kv\u016fli vlastn\u00ed byrokracii"},"content":{"rendered":"<p>Dieser Artikel beleuchtet ein aktuelles, bemerkenswert offenes Gespr\u00e4ch zwischen Dieter Bohlen &#8211; dem langj\u00e4hrigen Musikproduzenten, Unternehmer und einem der bekanntesten Gesichter der deutschen Popkultur &#8211; und Dominik Kettner, einem Edelmetallexperten, YouTuber und Finanzunternehmer, der sich seit Jahren mit Verm\u00f6gensschutz und wirtschaftlichen Trends besch\u00e4ftigt.<\/p>\n<p>Die Begegnung der beiden wirkt auf den ersten Blick ungew\u00f6hnlich: hier der Unterhaltungsk\u00fcnstler mit jahrzehntelanger internationaler Erfahrung, dort der Finanzanalyst, der sich vor allem an sicherheitsbewusste Sparer und Unternehmer richtet. Doch genau diese Mischung macht das Gespr\u00e4ch spannend. Bohlen spricht frei heraus, ohne PR-Filter, w\u00e4hrend Kettner gezielt nachbohrt und komplexe Entwicklungen greifbar macht. Gemeinsam schaffen sie einen Raum, in dem politische Fehlentwicklungen, wirtschaftliche Risiken und pers\u00f6nliche Erfahrungen miteinander verwoben werden &#8211; klar, direkt und ohne Ausfl\u00fcchte.<!--more--><\/p>\n<hr \/>\n\n\t\t\t<div class=\"display-post-types\">\n\n\t\t\t\t\t\t\t<style type=\"text\/css\">\n\t\t\t#dpt-wrapper-732 { --dpt-text-align: left;--dpt-image-crop: center;--dpt-border-radius: 5px;--dpt-h-gutter: 10px;--dpt-v-gutter: 9px; }\t\t\t<\/style>\n\t\t\t<style type=\"text\/css\">#dpt-wrapper-732 { --dpt-title-font-style:normal;--dpt-title-font-weight:600;--dpt-title-line-height:1.5;--dpt-title-text-decoration:none;--dpt-title-text-transform:none;--dpt-excerpt-font-style:normal;--dpt-excerpt-font-weight:400;--dpt-excerpt-line-height:1.5;--dpt-excerpt-text-decoration:none;--dpt-excerpt-text-transform:none;--dpt-meta1-font-style:normal;--dpt-meta1-font-weight:400;--dpt-meta1-line-height:1.9;--dpt-meta1-text-decoration:none;--dpt-meta1-text-transform:none;--dpt-meta2-font-style:normal;--dpt-meta2-font-weight:400;--dpt-meta2-line-height:1.9;--dpt-meta2-text-decoration:none;--dpt-meta2-text-transform:none; }<\/style><div class=\" dpt-main-header\">\n\t\t\t\t\t\t<div class=\"dpt-main-title\">\n\t\t\t\t\t\t\t<span class=\"dpt-main-title-text\">Gesellschaftsthemen der Gegenwart<\/span>\n\t\t\t\t\t\t<\/div>\n\t\t\t\t\t\t\n\t\t\t\t\t\t\n\t\t\t\t\t\t\n\t\t\t\t\t\t<\/div>\t\t\t\n\t\t\t\t<div id=\"dpt-wrapper-732\" class=\"dpt-wrapper dpt-mag1 land1 dpt-cropped dpt-flex-wrap\" >\n\n\t\t\t\t\t\t\t\t\t\t\t<div class=\"dpt-entry has-thumbnail\" data-title=\"mehr als punk: nina hagen, cosma shiva und die kunst, sich nicht vereinnahmen zu lassen\" data-id=\"4521\"  data-category=\"allgemein gesellschaft kunst &amp; kultur\" data-post_tag=\"auswandern deutschland erfahrungen europa krisen meinungsfreiheit musik portrait\">\n\t\t\t\t\t\t\t<div class=\"dpt-entry-wrapper\"><div class=\" dpt-featured-content\"><div class=\" dpt-permalink\"><a href=\"https:\/\/www.markus-schall.de\/cs\/2026\/01\/mehr-als-punk-nina-hagen-cosma-shiva-und-die-kunst-sich-nicht-vereinnahmen-zu-lassen\/\" class=\"dpt-permalink\"><span class=\"screen-reader-text\">Mehr als Punk: Nina Hagen, Cosma Shiva und die Kunst, sich nicht vereinnahmen zu lassen<\/span><\/a><\/div><div class=\" dpt-thumbnail\"><div class=\"dpt-thumbnail-inner\"><img width=\"1024\" height=\"683\" class=\"attachment-full size-full\" alt=\"Nina und Cosma Shiva Hagen im Portrait\" context=\"dpt\" data-dpt-src=\"https:\/\/www.markus-schall.de\/wp-content\/uploads\/Nina-Cosma-Shiva-Hagen-Titel.jpg\" data-dpt-sizes=\"(max-width: 1024px) 100vw, 1024px\" data-dpt-srcset=\"https:\/\/www.markus-schall.de\/wp-content\/uploads\/Nina-Cosma-Shiva-Hagen-Titel.jpg 1024w, https:\/\/www.markus-schall.de\/wp-content\/uploads\/Nina-Cosma-Shiva-Hagen-Titel-300x200.jpg 300w, https:\/\/www.markus-schall.de\/wp-content\/uploads\/Nina-Cosma-Shiva-Hagen-Titel-768x512.jpg 768w, https:\/\/www.markus-schall.de\/wp-content\/uploads\/Nina-Cosma-Shiva-Hagen-Titel-18x12.jpg 18w\" \/><\/div><span class=\"dpt-thumbnail-aspect-ratio\" style=\"padding-top: 75%\"><\/span><\/div><\/div><div class=\" sub-entry\"><h3 class=\" dpt-title\"><a class=\"dpt-title-link\" href=\"https:\/\/www.markus-schall.de\/cs\/2026\/01\/mehr-als-punk-nina-hagen-cosma-shiva-und-die-kunst-sich-nicht-vereinnahmen-zu-lassen\/\" rel=\"bookmark\">Mehr als Punk: Nina Hagen, Cosma Shiva und die Kunst, sich nicht vereinnahmen zu lassen<\/a><\/h3><\/div><\/div>\n\t\t\t\t\t\t<\/div><!-- .dpt-entry -->\n\t\t\t\t\t\t\t\t\t\t\t\t<div class=\"dpt-entry has-thumbnail\" data-title=\"donald trump im system usa &#8211; herkunft, macht, medien und wirkung\" data-id=\"4271\"  data-category=\"allgemein gesellschaft\" data-post_tag=\"deutschland digitales eigentum energiepolitik europa geopolitik krisen meinungsfreiheit portrait sicherheitspolitik spieltheorie\">\n\t\t\t\t\t\t\t<div class=\"dpt-entry-wrapper\"><div class=\" dpt-featured-content\"><div class=\" dpt-permalink\"><a href=\"https:\/\/www.markus-schall.de\/cs\/2026\/05\/donald-trump-im-system-usa-herkunft-macht-medien-und-wirkung\/\" class=\"dpt-permalink\"><span class=\"screen-reader-text\">Donald Trump im System USA &#8211; Herkunft, Macht, Medien und Wirkung<\/span><\/a><\/div><div class=\" dpt-thumbnail\"><div class=\"dpt-thumbnail-inner\"><img width=\"1024\" height=\"561\" class=\"attachment-full size-full\" alt=\"Donald Trump im System USA\" context=\"dpt\" data-dpt-src=\"https:\/\/www.markus-schall.de\/wp-content\/uploads\/Donald-Trump-im-System-USA.jpg\" data-dpt-sizes=\"(max-width: 1024px) 100vw, 1024px\" data-dpt-srcset=\"https:\/\/www.markus-schall.de\/wp-content\/uploads\/Donald-Trump-im-System-USA.jpg 1024w, https:\/\/www.markus-schall.de\/wp-content\/uploads\/Donald-Trump-im-System-USA-300x164.jpg 300w, https:\/\/www.markus-schall.de\/wp-content\/uploads\/Donald-Trump-im-System-USA-768x421.jpg 768w, https:\/\/www.markus-schall.de\/wp-content\/uploads\/Donald-Trump-im-System-USA-18x10.jpg 18w\" \/><\/div><span class=\"dpt-thumbnail-aspect-ratio\" style=\"padding-top: 75%\"><\/span><\/div><\/div><div class=\" sub-entry\"><h3 class=\" dpt-title\"><a class=\"dpt-title-link\" href=\"https:\/\/www.markus-schall.de\/cs\/2026\/05\/donald-trump-im-system-usa-herkunft-macht-medien-und-wirkung\/\" rel=\"bookmark\">Donald Trump im System USA &#8211; Herkunft, Macht, Medien und Wirkung<\/a><\/h3><\/div><\/div>\n\t\t\t\t\t\t<\/div><!-- .dpt-entry -->\n\t\t\t\t\t\t\t\t\t\t\t\t<div class=\"dpt-entry has-thumbnail\" data-title=\"wie die pandemie \u00d6konomen in bezug auf inflation, wachstum und wirtschaftliche erholung eines besseren belehrte\" data-id=\"5882\"  data-category=\"allgemein gesellschaft\" data-post_tag=\"denkmodelle deutschland energiepolitik europa geopolitik krisen\">\n\t\t\t\t\t\t\t<div class=\"dpt-entry-wrapper\"><div class=\" dpt-featured-content\"><div class=\" dpt-permalink\"><a href=\"https:\/\/www.markus-schall.de\/cs\/2026\/05\/wie-die-pandemie-oekonomen-in-bezug-auf-inflation-wachstum-und-wirtschaftliche-erholung-eines-besseren-belehrte\/\" class=\"dpt-permalink\"><span class=\"screen-reader-text\">Wie die Pandemie \u00d6konomen in Bezug auf Inflation, Wachstum und wirtschaftliche Erholung eines Besseren belehrte<\/span><\/a><\/div><div class=\" dpt-thumbnail\"><div class=\"dpt-thumbnail-inner\"><img width=\"1024\" height=\"682\" class=\"attachment-full size-full\" alt=\"Annahmen von \u00d6konomen w\u00e4hrend der Pandemie\" context=\"dpt\" data-dpt-src=\"https:\/\/www.markus-schall.de\/wp-content\/uploads\/Pandemie-Oekonomen.jpg\" data-dpt-sizes=\"(max-width: 1024px) 100vw, 1024px\" data-dpt-srcset=\"https:\/\/www.markus-schall.de\/wp-content\/uploads\/Pandemie-Oekonomen.jpg 1024w, https:\/\/www.markus-schall.de\/wp-content\/uploads\/Pandemie-Oekonomen-300x200.jpg 300w, https:\/\/www.markus-schall.de\/wp-content\/uploads\/Pandemie-Oekonomen-768x512.jpg 768w, https:\/\/www.markus-schall.de\/wp-content\/uploads\/Pandemie-Oekonomen-18x12.jpg 18w\" \/><\/div><span class=\"dpt-thumbnail-aspect-ratio\" style=\"padding-top: 75%\"><\/span><\/div><\/div><div class=\" sub-entry\"><h3 class=\" dpt-title\"><a class=\"dpt-title-link\" href=\"https:\/\/www.markus-schall.de\/cs\/2026\/05\/wie-die-pandemie-oekonomen-in-bezug-auf-inflation-wachstum-und-wirtschaftliche-erholung-eines-besseren-belehrte\/\" rel=\"bookmark\">Wie die Pandemie \u00d6konomen in Bezug auf Inflation, Wachstum und wirtschaftliche Erholung eines Besseren belehrte<\/a><\/h3><\/div><\/div>\n\t\t\t\t\t\t<\/div><!-- .dpt-entry -->\n\t\t\t\t\t\t\t\t\t\t\t\t<div class=\"dpt-entry has-thumbnail\" data-title=\"was bedeutet der spannungsfall in deutschland &#8211; und welche folgen h\u00e4tte er konkret?\" data-id=\"2997\"  data-category=\"allgemein b\u00fccher gesellschaft tipps &amp; anleitungen\" data-post_tag=\"buch deutschland geopolitik gesundheit krisen pers\u00f6nlichkeitsentwicklung ratgeber sicherheitspolitik\">\n\t\t\t\t\t\t\t<div class=\"dpt-entry-wrapper\"><div class=\" dpt-featured-content\"><div class=\" dpt-permalink\"><a href=\"https:\/\/www.markus-schall.de\/cs\/2025\/10\/was-bedeutet-der-spannungsfall-in-deutschland-und-welche-folgen-haette-er-konkret\/\" class=\"dpt-permalink\"><span class=\"screen-reader-text\">Was bedeutet der Spannungsfall in Deutschland &#8211; und welche Folgen h\u00e4tte er konkret?<\/span><\/a><\/div><div class=\" dpt-thumbnail\"><div class=\"dpt-thumbnail-inner\"><img width=\"1024\" height=\"683\" class=\"attachment-full size-full\" alt=\"Spannungsfall-Deutschland-2025\" context=\"dpt\" data-dpt-src=\"https:\/\/www.markus-schall.de\/wp-content\/uploads\/Spannungsfall-Deutschland-2025.jpg\" data-dpt-sizes=\"(max-width: 1024px) 100vw, 1024px\" data-dpt-srcset=\"https:\/\/www.markus-schall.de\/wp-content\/uploads\/Spannungsfall-Deutschland-2025.jpg 1024w, https:\/\/www.markus-schall.de\/wp-content\/uploads\/Spannungsfall-Deutschland-2025-300x200.jpg 300w, https:\/\/www.markus-schall.de\/wp-content\/uploads\/Spannungsfall-Deutschland-2025-768x512.jpg 768w, https:\/\/www.markus-schall.de\/wp-content\/uploads\/Spannungsfall-Deutschland-2025-18x12.jpg 18w\" \/><\/div><span class=\"dpt-thumbnail-aspect-ratio\" style=\"padding-top: 75%\"><\/span><\/div><\/div><div class=\" sub-entry\"><h3 class=\" dpt-title\"><a class=\"dpt-title-link\" href=\"https:\/\/www.markus-schall.de\/cs\/2025\/10\/was-bedeutet-der-spannungsfall-in-deutschland-und-welche-folgen-haette-er-konkret\/\" rel=\"bookmark\">Was bedeutet der Spannungsfall in Deutschland &#8211; und welche Folgen h\u00e4tte er konkret?<\/a><\/h3><\/div><\/div>\n\t\t\t\t\t\t<\/div><!-- .dpt-entry -->\n\t\t\t\t\t\t\n\t\t\t\t<\/div>\n\t\t\t\t\t\t<\/div>\n\t\t\t\n<hr \/>\n<h2>Neuigkeiten zu Dieter Bohlen<\/h2>\n<p><strong>23.06.2026<\/strong>: Das <a href=\"https:\/\/www.berliner-zeitung.de\/article\/das-waere-ja-der-worst-case-dieter-bohlen-hat-angst-vor-einem-sieg-der-ukraine-10117063\" target=\"_blank\" rel=\"noopener\"><strong>viel beachtete Gespr\u00e4ch<\/strong><\/a> von Dieter Bohlen mit Dominik Kettner und Philip Hopf sorgt auch Tage nach der Ver\u00f6ffentlichung weiterhin f\u00fcr Diskussionen. Im Mittelpunkt standen diesmal weniger Musik und Unterhaltung als politische und wirtschaftliche Themen. Bohlen \u00e4u\u00dferte sich unter anderem kritisch zur deutschen Politik, zur Verm\u00f6gensbesteuerung, zur Meinungsfreiheit sowie zum Ukraine-Krieg. Besonders seine Aussage, ein milit\u00e4rischer Sieg der Ukraine k\u00f6nne im schlimmsten Fall zu einer weiteren Eskalation bis hin zu einem gr\u00f6\u00dferen Krieg f\u00fchren, wurde von zahlreichen Medien aufgegriffen und kontrovers diskutiert.<\/p>\n<div class=\"lyte-wrapper\" style=\"width:640px;max-width:100%;margin:5px;\"><div class=\"lyMe\" id=\"WYL_ldBMBh3ccE8\"><div id=\"lyte_ldBMBh3ccE8\" data-src=\"https:\/\/www.markus-schall.de\/wp-content\/plugins\/wp-youtube-lyte\/lyteCache.php?origThumbUrl=%2F%2Fi.ytimg.com%2Fvi%2FldBMBh3ccE8%2Fhqdefault.jpg\" class=\"pL\"><div class=\"tC\"><div class=\"tT\"><\/div><\/div><div class=\"play\"><\/div><div class=\"ctrl\"><div class=\"Lctrl\"><\/div><div class=\"Rctrl\"><\/div><\/div><\/div><noscript><a href=\"https:\/\/youtu.be\/ldBMBh3ccE8\" rel=\"nofollow noopener\" target=\"_blank\"><img loading=\"lazy\" decoding=\"async\" src=\"https:\/\/www.markus-schall.de\/wp-content\/plugins\/wp-youtube-lyte\/lyteCache.php?origThumbUrl=https%3A%2F%2Fi.ytimg.com%2Fvi%2FldBMBh3ccE8%2F0.jpg\" alt=\"YouTube video thumbnail\" width=\"640\" height=\"340\" \/><br \/>Watch this video on YouTube<\/a><\/noscript><\/div><\/div><div class=\"lL\" style=\"max-width:100%;width:640px;margin:5px;\"><\/div><br \/>\nBohlen &amp; Kettner rechnen ab: \u201eDie B\u00fcrger sind denen schei\u00dfegal!&#8220; (Interview des Jahres) | <a href=\"https:\/\/www.youtube.com\/@KettnerEdelmetalle\" target=\"_blank\" rel=\"nofollow noopener\">Kettner Edelmetalle<\/a><\/p>\n<p>Inzwischen erschien ein weiteres Video zum Gespr\u00e4ch, das die Debatte erneut anheizt und zus\u00e4tzliche Reaktionen aus Politik, Medien und sozialen Netzwerken ausgel\u00f6st hat. Unabh\u00e4ngig von der eigenen Haltung zeigt der Vorgang, dass Dieter Bohlen l\u00e4ngst nicht mehr nur als Pop-Produzent wahrgenommen wird, sondern zunehmend auch als gesellschaftlicher Kommentator.<\/p>\n<p><strong>24.03.2026<\/strong>: Zwei geplante Konzerte von Dieter Bohlen <a href=\"https:\/\/www.n-tv.de\/leute\/Konzerte-von-Dieter-Bohlen-in-Litauen-abgesagt-id30503441.html\" target=\"_blank\" rel=\"noopener\"><strong>in Litauen sind kurzfristig abgesagt<\/strong><\/a> worden. Die Auftritte in Vilnius und Kaunas wurden nur einen Tag nach ihrer Ank\u00fcndigung gestrichen, nachdem es massive Kritik an fr\u00fcheren Aussagen des Musikers gegeben hatte. Ausl\u00f6ser war ein Interview aus dem November 2025, in dem Bohlen das fr\u00fchere wirtschaftliche Verh\u00e4ltnis zwischen Deutschland und Russland als <em>\u201eDream-Team\u201c<\/em> bezeichnet hatte. Diese Aussagen wurden in Litauen &#8211; einem der entschiedensten Unterst\u00fctzer der Ukraine &#8211; als problematisch wahrgenommen und l\u00f6sten einen Shitstorm in sozialen Netzwerken aus. Unter dem wachsenden \u00f6ffentlichen Druck entschieden sich die Veranstalter schlie\u00dflich gegen die Durchf\u00fchrung der Konzerte. Eine offizielle Stellungnahme von Bohlen selbst liegt bislang nicht vor. Der Vorfall zeigt, wie stark politische Aussagen von K\u00fcnstlern inzwischen internationale Auftritte beeinflussen k\u00f6nnen.<\/p>\n<p><strong>Update<\/strong>: <a href=\"https:\/\/www.berliner-zeitung.de\/panorama\/dieter-bohlen-wegen-prorussischer-aeusserungen-gecancelt-poptitan-widerspricht-deutschen-medien-li.10026553?utm_campaign=mrf-facebook-berlinerzeitung&amp;mrfcid=2026032469bfa183793f935293a85891&amp;fbclid=IwY2xjawQvtMJleHRuA2FlbQIxMQBicmlkETBYejQ5d0FNdGdSbDJMbloxc3J0YwZhcHBfaWQQMjIyMDM5MTc4ODIwMDg5MgABHlXjQnxT_pbDHTQItf9_O3qgBoNBr72n5-SkUC-KyAYH1ak0KvRzVTBrhLJm_aem_ik_oGj-9_S0FsqyGiOMlVA\" target=\"_blank\" rel=\"noopener\"><strong>Bohlen widerspricht Berichten<\/strong><\/a> \u00fcber abgesagte Konzerte: Dieter Bohlen hat den Berichten \u00fcber angeblich abgesagte Konzerte in Litauen inzwischen deutlich widersprochen. In einer Videobotschaft erkl\u00e4rte der Musiker, dass es diese Auftritte nie gegeben habe. Es sei weder ein Vertrag unterschrieben worden noch habe eine konkrete Planung bestanden. Entsprechend k\u00f6nne auch nichts abgesagt worden sein. Die zuvor verbreiteten Meldungen, wonach Konzerte aufgrund seiner Aussagen zu Russland gestrichen worden seien, stellen sich damit zumindest teilweise als unklar oder unzureichend recherchiert dar.<\/p>\n<p>Tats\u00e4chlich hatten mehrere Medien \u00fcbereinstimmend \u00fcber angebliche Absagen berichtet, teils gest\u00fctzt auf Hinweise aus Ticketportalen oder Veranstalterumfeldern. Der Fall zeigt, wie schnell sich Meldungen im Zusammenspiel aus Medien, sozialen Netzwerken und politischem Kontext verselbstst\u00e4ndigen k\u00f6nnen &#8211; und wie schwierig eine verl\u00e4ssliche Einordnung in Echtzeit bleibt.<\/p>\n<p><strong>08.03.2026<\/strong>: In einem neuen Gespr\u00e4ch mit dem Edelmetallh\u00e4ndler <span class=\"hover:entity-accent entity-underline inline cursor-pointer align-baseline\"><span class=\"whitespace-normal\">Dominik Kettner<\/span><\/span> meldet sich <span class=\"hover:entity-accent entity-underline inline cursor-pointer align-baseline\"><span class=\"whitespace-normal\">Dieter Bohlen<\/span><\/span> erneut mit deutlichen Worten zur aktuellen politischen und wirtschaftlichen Lage zu Wort. Bohlen berichtet darin unter anderem von Wertverlusten bei seinen Immobilien, w\u00e4hrend Investitionen in Gold aus seiner Sicht deutlich besser abgeschnitten h\u00e4tten.<\/p>\n<div class=\"lyte-wrapper\" style=\"width:640px;max-width:100%;margin:5px;\"><div class=\"lyMe\" id=\"WYL_BoVUhZh5vCA\"><div id=\"lyte_BoVUhZh5vCA\" data-src=\"https:\/\/www.markus-schall.de\/wp-content\/plugins\/wp-youtube-lyte\/lyteCache.php?origThumbUrl=%2F%2Fi.ytimg.com%2Fvi%2FBoVUhZh5vCA%2Fhqdefault.jpg\" class=\"pL\"><div class=\"tC\"><div class=\"tT\"><\/div><\/div><div class=\"play\"><\/div><div class=\"ctrl\"><div class=\"Lctrl\"><\/div><div class=\"Rctrl\"><\/div><\/div><\/div><noscript><a href=\"https:\/\/youtu.be\/BoVUhZh5vCA\" rel=\"nofollow noopener\" target=\"_blank\"><img loading=\"lazy\" decoding=\"async\" src=\"https:\/\/www.markus-schall.de\/wp-content\/plugins\/wp-youtube-lyte\/lyteCache.php?origThumbUrl=https%3A%2F%2Fi.ytimg.com%2Fvi%2FBoVUhZh5vCA%2F0.jpg\" alt=\"YouTube video thumbnail\" width=\"640\" height=\"340\" \/><br \/>Watch this video on YouTube<\/a><\/noscript><\/div><\/div><div class=\"lL\" style=\"max-width:100%;width:640px;margin:5px;\"><\/div><br \/>\nDieter Bohlen \u00fcber Merz, Krieg, Immobilien-Crash, Gold, Russland! | <a href=\"https:\/\/www.youtube.com\/@KettnerEdelmetalle\" target=\"_blank\" rel=\"nofollow noopener\">Kettner Edelmetalle<\/a><\/p>\n<p>Zugleich \u00e4u\u00dfert er Kritik an politischen Entscheidungen in Deutschland, spricht \u00fcber m\u00f6gliche wirtschaftliche Folgen einer st\u00e4rkeren R\u00fcstungsproduktion und fordert, die deutschen Goldreserven aus den USA zur\u00fcckzuf\u00fchren. Das Interview kn\u00fcpft damit an sein bereits zuvor viel diskutiertes Gespr\u00e4ch mit Kettner an und d\u00fcrfte erneut f\u00fcr Aufmerksamkeit sorgen.<\/p>\n<p><strong>09.12.2025<\/strong>: Wie der <a href=\"https:\/\/www.berliner-kurier.de\/show\/bohlen-hat-merz-kritisiert-jetzt-musste-er-seinen-live-talk-in-berlin-absagen-li.10009323\" target=\"_blank\" rel=\"noopener\"><strong><em data-start=\"1151\" data-end=\"1169\">Berliner Kurier<\/em><\/strong><\/a> berichtet, wurde eine geplante Podiumsdiskussion mit Dieter Bohlen und dem Publizisten Hendrik Kettner in Berlin kurzfristig abgesagt. Zun\u00e4chst war vermutet worden, dass der schleppende Kartenverkauf der Grund sei &#8211; laut Kettners Anwalt liegt die Ursache jedoch woanders: Beide Protagonisten seien seit dem gemeinsamen Interview massiv angefeindet und \u00f6ffentlich attackiert worden. Um die Lage nicht weiter eskalieren zu lassen, habe man sich auf eine Absage verst\u00e4ndigt.<\/p>\n<hr \/>\n<h2>Wenn der Unterhaltungsk\u00fcnstler pl\u00f6tzlich der Realist ist<\/h2>\n<p><a href=\"https:\/\/dieter-bohlen.net\" target=\"_blank\" rel=\"noopener\"><strong>Dieter Bohlen<\/strong><\/a> ist nicht daf\u00fcr bekannt, sich hinter diplomatischen Formulierungen zu verstecken. Doch selten sprach er so offen \u00fcber politische Fehlentwicklungen wie in diesem Interview. Sein Ton ist direkt, manchmal scharf &#8211; und gerade deshalb bemerkenswert. Nicht, weil ein Prominenter meckert, sondern weil seine Beobachtungen aus dem Alltag kommen: aus Begegnungen mit Menschen im Ausland, aus Erfahrungen als Unternehmer und aus dem n\u00fcchternen Blick eines Mannes, der Deutschland einst als Land der Chancen kannte.<\/p>\n<p>Die Kapitel des Gespr\u00e4chs zeichnen ein Bild, das viele B\u00fcrger intuitiv sp\u00fcren, aber kaum jemand \u00f6ffentlich ausspricht: Deutschland hat seine fr\u00fchere Dynamik verloren, und ausgerechnet jene, die Verantwortung tragen, wirken wie Blockierer statt Gestalter.<\/p>\n<div class=\"lyte-wrapper\" style=\"width:640px;max-width:100%;margin:5px;\"><div class=\"lyMe\" id=\"WYL_FVV7sOmqhAQ\"><div id=\"lyte_FVV7sOmqhAQ\" data-src=\"https:\/\/www.markus-schall.de\/wp-content\/plugins\/wp-youtube-lyte\/lyteCache.php?origThumbUrl=%2F%2Fi.ytimg.com%2Fvi%2FFVV7sOmqhAQ%2Fhqdefault.jpg\" class=\"pL\"><div class=\"tC\"><div class=\"tT\"><\/div><\/div><div class=\"play\"><\/div><div class=\"ctrl\"><div class=\"Lctrl\"><\/div><div class=\"Rctrl\"><\/div><\/div><\/div><noscript><a href=\"https:\/\/youtu.be\/FVV7sOmqhAQ\" rel=\"nofollow noopener\" target=\"_blank\"><img loading=\"lazy\" decoding=\"async\" src=\"https:\/\/www.markus-schall.de\/wp-content\/plugins\/wp-youtube-lyte\/lyteCache.php?origThumbUrl=https%3A%2F%2Fi.ytimg.com%2Fvi%2FFVV7sOmqhAQ%2F0.jpg\" alt=\"YouTube video thumbnail\" width=\"640\" height=\"340\" \/><br \/>Watch this video on YouTube<\/a><\/noscript><\/div><\/div><div class=\"lL\" style=\"max-width:100%;width:640px;margin:5px;\"><\/div><br \/>\nDieter Bohlen \u00fcber die Regierung, Brandmauer, Enteignungen, Verm\u00f6gensschutz<\/p>\n<h3>Gutmenschgetue und politisches Versagen<\/h3>\n<p>Bohlen beginnt mit einem Angriff, der in Deutschland mittlerweile fast tabu ist: Er kritisiert das \u201eGutmenschgetue\u201c, das sich wie ein Schleier \u00fcber politische Entscheidungen gelegt habe. F\u00fcr ihn bedeutet das: moralische Selbst\u00fcberh\u00f6hung ohne realistische Folgenabsch\u00e4tzung.<\/p>\n<p>Er beschreibt, wie politische Entscheidungen heute h\u00e4ufig wirken wie symbolische Gesten statt wie durchdachte Ma\u00dfnahmen. Man wolle es allen recht machen, aber schaffe damit eine Atmosph\u00e4re, in der man zwar gut dasteht, aber nichts voranbringt. F\u00fcr Unternehmer und B\u00fcrger bedeutet das im Alltag: hohe Kosten, wenig Nutzen und st\u00e4ndige Unsicherheit.<\/p>\n<h3>Deutschland im Ausland nicht mehr angesehen<\/h3>\n<p>Eine der eindr\u00fccklichsten Passagen ist Bohlen zufolge seine Erfahrung im Ausland. Jahrzehntelang stand \u201eMade in Germany\u201c f\u00fcr Qualit\u00e4t, Verl\u00e4sslichkeit und technisches K\u00f6nnen. Doch heute, so schildert er, h\u00f6re er von internationalen Gesch\u00e4ftspartnern eher Zweifel als Bewunderung.<\/p>\n<p>Deutschland sei \u201enicht mehr angesagt\u201c &#8211; eine Aussage, die in ihrer Schlichtheit alarmierender ist als jede Studie. Wenn ein Weltb\u00fcrger wie Bohlen merkt, dass Deutschland an Strahlkraft verliert, ist das mehr als gef\u00fchlte Stimmung. Es ist ein Trend.<\/p>\n<h3>Made in Germany &#8211; vom Wirtschaftswunder zur Dauerkrise<\/h3>\n<p>Besonders emotional wird Bohlen, wenn er beschreibt, wie Deutschland seine wirtschaftliche Ausnahmestellung verspielt hat. Er erinnert an eine Zeit, in der man deutsche Produkte nahezu blind kaufen konnte, weil Qualit\u00e4t selbstverst\u00e4ndlich war. Dieses Vertrauen br\u00f6ckelt seit Jahren &#8211; und er macht die politische Linie der letzten Jahrzehnte mitverantwortlich.<\/p>\n<p>W\u00e4hrend andere L\u00e4nder pragmatisch denken, verliere Deutschland sich in Moraldebatten, B\u00fcrokratie und Bedenkentr\u00e4gerei. Das Wirtschaftswunder sei l\u00e4ngst Geschichte, aber man tue noch immer so, als k\u00f6nne der alte Ruf alles richten. F\u00fcr Betriebe hei\u00dft das: steigende Kosten, sinkende Wettbewerbsf\u00e4higkeit und immer mehr Regeln, die den Alltag l\u00e4hmen.<\/p>\n<h3>Friedrich Merz und das ignorierte Beratungsangebot<\/h3>\n<p>Mit einem Seitenhieb auf die Politik erz\u00e4hlt Bohlen, dass Friedrich Merz einst versuchte, ihn als Berater zu gewinnen &#8211; ein Angebot, das er ausschlug. Doch im Gespr\u00e4ch wird deutlich, dass seine Absage weniger gegen Merz gerichtet war, sondern eher Ausdruck einer Haltung: Bohlen glaubt nicht mehr an die Reformf\u00e4higkeit der politischen Klasse.<\/p>\n<p>Er zeichnet ein Bild von Politikern, die nicht zuh\u00f6ren, nicht handeln und nicht erkennen, wie ernst die Lage ist. Sein Eindruck: Viele leben in einer Parallelwelt aus Parteitaktik und Ideologie, w\u00e4hrend drau\u00dfen die Realit\u00e4t l\u00e4ngst eine andere Sprache spricht.<\/p>\n<hr \/>\n<div class='bootstrap-yop yop-poll-mc'>\n\t\t\t\t\t\t\t<div class=\"basic-yop-poll-container\" style=\"background-color:#ffffff; border:0px; border-style:solid; border-color:#000000; border-radius:5px; padding:0px 5px;\" data-id=\"1\" data-temp=\"basic-pretty\" data-skin=\"square\" data-cscheme=\"blue\" data-cap=\"0\" data-access=\"guest\" data-tid=\"\" data-uid=\"e00781f84de43fec4662efc54dc85009\" data-pid=\"2997\" data-resdet=\"votes-number,percentages\" data-show-results-to=\"guest\" data-show-results-moment=\"after-vote\" data-show-results-only=\"false\" data-show-message=\"true\" data-show-results-as=\"bar\" data-sort-results-by=\"as-defined\" data-sort-results-rule=\"asc\"data-is-ended=\"0\" data-percentages-decimals=\"2\" data-gdpr=\"no\" data-gdpr-sol=\"consent\" data-css=\"\" data-counter=\"0\" data-load-with=\"1\" data-notification-section=\"top\"><div class=\"row\"><div class=\"col-md-12\"><div class=\"basic-inner\"><div class=\"basic-message hide\" style=\"border-left: 10px solid #008000; padding: 0px 10px;\" data-error=\"#ff0000\" data-success=\"#008000\"><p class=\"basic-message-text\" style=\"color:#000000; font-size:14px; font-weight:normal;\"><\/p><\/div><div class=\"basic-overlay hide\"><div class=\"basic-vote-options\"><\/div><div class=\"basic-preloader\"><div class=\"basic-windows8\"><div class=\"basic-wBall basic-wBall_1\"><div class=\"basic-wInnerBall\"><\/div><\/div><div class=\"basic-wBall basic-wBall_2\"><div class=\"basic-wInnerBall\"><\/div><\/div><div class=\"basic-wBall basic-wBall_3\"><div class=\"basic-wInnerBall\"><\/div><\/div><div class=\"basic-wBall basic-wBall_4\"><div class=\"basic-wInnerBall\"><\/div><\/div><div class=\"basic-wBall basic-wBall_5\"><div class=\"basic-wInnerBall\"><\/div><\/div><\/div><\/div><\/div><form class=\"basic-form\"><input type=\"hidden\" name=\"_token\" value=\"98c4488f64\" autocomplete=\"off\"><div class=\"basic-elements\"><div class=\"basic-element basic-question basic-question-text-vertical\" data-id=\"1\" data-uid=\"83aad4eb88c846bcf1bca2337b798311\" data-type=\"question\" data-question-type=\"text\" data-required=\"yes\" data-allow-multiple=\"no\" data-min=\"1\" data-max=\"1\" data-display=\"vertical\" data-colnum=\"\" data-display-others=\"no\" data-others-color=\"\" data-others=\"\" data-others-max-chars=\"0\"><div class=\"basic-question-title\"><h5 style=\"color:#000000; font-size:16px; font-weight:normal; text-align:left;\">Wie gro\u00df ist Dein Vertrauen in Politik und Medien in Deutschland?<\/h5><\/div><ul class=\"basic-answers\"><li class=\"basic-answer\" style=\"padding:0px 0px;\" data-id=\"1\" data-type=\"text\" data-vn=\"13\" data-color=\"#000000\" data-make-link=\"no\" data-link=\"\"><div class=\"basic-answer-content basic-text-vertical\"><label for=\"answer[1]\" class=\"basic-answer-label\"><input type=\"radio\" id=\"answer[1]\" name=\"answer[1]\" value=\"1\"><span class=\"basic-text\" style=\"color: #000000; font-size: 14px; font-weight: normal;\">Sehr hoch \u2013 Ich vertraue den offiziellen Stellen uneingeschr\u00e4nkt<\/span><\/label><\/div><\/li><li class=\"basic-answer\" style=\"padding:0px 0px;\" data-id=\"2\" data-type=\"text\" data-vn=\"35\" data-color=\"#000000\" data-make-link=\"no\" data-link=\"\"><div class=\"basic-answer-content basic-text-vertical\"><label for=\"answer[2]\" class=\"basic-answer-label\"><input type=\"radio\" id=\"answer[2]\" name=\"answer[1]\" value=\"2\"><span class=\"basic-text\" style=\"color: #000000; font-size: 14px; font-weight: normal;\">Mittel \u2013 Ich bin vorsichtig, aber nicht grunds\u00e4tzlich misstrauisch<\/span><\/label><\/div><\/li><li class=\"basic-answer\" style=\"padding:0px 0px;\" data-id=\"3\" data-type=\"text\" data-vn=\"65\" data-color=\"#000000\" data-make-link=\"no\" data-link=\"\"><div class=\"basic-answer-content basic-text-vertical\"><label for=\"answer[3]\" class=\"basic-answer-label\"><input type=\"radio\" id=\"answer[3]\" name=\"answer[1]\" value=\"3\"><span class=\"basic-text\" style=\"color: #000000; font-size: 14px; font-weight: normal;\">Gering \u2013 Ich \u00fcberpr\u00fcfe vieles selbst<\/span><\/label><\/div><\/li><li class=\"basic-answer\" style=\"padding:0px 0px;\" data-id=\"4\" data-type=\"text\" data-vn=\"276\" data-color=\"#000000\" data-make-link=\"no\" data-link=\"\"><div class=\"basic-answer-content basic-text-vertical\"><label for=\"answer[4]\" class=\"basic-answer-label\"><input type=\"radio\" id=\"answer[4]\" name=\"answer[1]\" value=\"4\"><span class=\"basic-text\" style=\"color: #000000; font-size: 14px; font-weight: normal;\">Kaum vorhanden \u2013 Ich glaube, dass vieles verschleiert oder inszeniert ist<\/span><\/label><\/div><\/li><\/ul><\/div><div class=\"clearfix\"><\/div><\/div><div class=\"basic-vote\"><a href=\"#\" class=\"button basic-vote-button\" role=\"button\" style=\"background:#027bb8; border:0px; border-style: solid; border-color:#1636f0; border-radius:5px; padding:10px 10px; color:#ffffff; font-size:14px; font-weight:normal;\">Abstimmen<\/a><\/div><\/form><\/div><\/div><\/div><\/div>\n\t\t\t\t\t\t<\/div>\n<hr \/>\n<h3>Brandmauer-Politik und Demokratieverst\u00e4ndnis<\/h3>\n<p>In einem weiteren Kapitel kritisiert er das Konzept der \u201eBrandmauer\u201c, das in Deutschland zum politischen Kampfbegriff geworden ist. F\u00fcr Bohlen ist es ein Zeichen von Schw\u00e4che, wenn man Debatten durch moralische Abgrenzung ersetzt. Demokratie, sagt er sinngem\u00e4\u00df, lebt vom Austausch, nicht vom Abschotten.<\/p>\n<p>Seine Aussage ist deutlich: Diese Brandmauer-Logik spalte die Gesellschaft und verhindere, dass Probleme offen angesprochen werden. Statt L\u00f6sungen gebe es nur noch Lagerbildung &#8211; ein Zustand, der jedem vern\u00fcnftigen Land schadet.<\/p>\n<h3>Wirtschaftliche Vernunft vs. Moral &#8211; Deutschlands Grundkonflikt<\/h3>\n<p>Bohlen beschreibt einen Konflikt, der sich durch praktisch jedes politische Thema zieht: In Deutschland habe moralische Selbstinszenierung die wirtschaftliche Vernunft verdr\u00e4ngt. Ob Energiepolitik, Russland-Strategie oder B\u00fcrokratie &#8211; Entscheidungen w\u00fcrden mehr aus moralischem Prestigedenken heraus getroffen als aus pragmatischer Logik.<\/p>\n<p>Er stellt die einfache Frage, die fr\u00fcher selbstverst\u00e4ndlich war:<\/p>\n<blockquote><p><em>Was bringt das f\u00fcr die Menschen, die hier leben und arbeiten m\u00fcssen?<\/em><\/p><\/blockquote>\n<p>Und genau da, so seine Kritik, h\u00e4tten Politik und Medien den Bezug zu den B\u00fcrgern verloren.<\/p>\n<h3>Sparguthaben mobilisieren &#8211; drohende Enteignung durch die Hintert\u00fcr<\/h3>\n<p>Ein besonders brisantes Thema im Interview ist die Idee, private Sparguthaben zu \u201eaktivieren\u201c, um Investitionen anzuschieben. Bohlen bringt es ohne Umschweife auf den Punkt: F\u00fcr ihn klingt das nach einer stillen Enteignung.<\/p>\n<p>Er warnt, dass solche Ma\u00dfnahmen niemals offen als Enteignung bezeichnet w\u00fcrden &#8211; aber genau so wirkten. Wenn B\u00fcrger zunehmend das Gef\u00fchl haben, dass ihr Erspartes nicht mehr sicher ist, ger\u00e4t ein zentraler Grundpfeiler jeder stabilen Gesellschaft ins Wanken.<\/p>\n<hr \/>\n\n\t\t\t<div class=\"display-post-types\">\n\n\t\t\t\t\t\t\t<style type=\"text\/css\">\n\t\t\t#dpt-wrapper-733 { --dpt-text-align: left;--dpt-image-crop: center;--dpt-border-radius: 5px;--dpt-small-grid-column: 33.33%;--dpt-large-grid-column: 33.3333333333%;--dpt-h-gutter: 10px;--dpt-v-gutter: 10px; }\t\t\t<\/style>\n\t\t\t<style type=\"text\/css\">#dpt-wrapper-733 { --dpt-title-font-style:normal;--dpt-title-font-weight:600;--dpt-title-line-height:1.5;--dpt-title-text-decoration:none;--dpt-title-text-transform:none;--dpt-excerpt-font-style:normal;--dpt-excerpt-font-weight:400;--dpt-excerpt-line-height:1.5;--dpt-excerpt-text-decoration:none;--dpt-excerpt-text-transform:none;--dpt-meta1-font-style:normal;--dpt-meta1-font-weight:400;--dpt-meta1-line-height:1.9;--dpt-meta1-text-decoration:none;--dpt-meta1-text-transform:none;--dpt-meta2-font-style:normal;--dpt-meta2-font-weight:400;--dpt-meta2-line-height:1.9;--dpt-meta2-text-decoration:none;--dpt-meta2-text-transform:none; }<\/style><div class=\" dpt-main-header\">\n\t\t\t\t\t\t<div class=\"dpt-main-title\">\n\t\t\t\t\t\t\t<span class=\"dpt-main-title-text\">Aktuelle Themen zu K\u00fcnstlicher Intelligenz<\/span>\n\t\t\t\t\t\t<\/div>\n\t\t\t\t\t\t\n\t\t\t\t\t\t\n\t\t\t\t\t\t\n\t\t\t\t\t\t<\/div>\t\t\t\n\t\t\t\t<div id=\"dpt-wrapper-733\" class=\"dpt-wrapper dpt-grid1 multi-col dpt-mason-wrap\" >\n\n\t\t\t\t\t\t\t\t\t\t\t<div class=\"dpt-entry has-thumbnail\" data-title=\"k\u00fcnstliche intelligenz ohne hype: warum weniger ki-tools oft bessere arbeit bedeuten\" data-id=\"4402\"  data-category=\"apple macos hardware ki-systeme tipps &amp; anleitungen\" data-post_tag=\"denkmodelle erfahrungen k\u00fcnstliche intelligenz llm mac mlx ollama prozesse sprachmodell\">\n\t\t\t\t\t\t\t<div class=\"dpt-entry-wrapper\"><div class=\" dpt-featured-content\"><div class=\" dpt-permalink\"><a href=\"https:\/\/www.markus-schall.de\/cs\/2026\/01\/kuenstliche-intelligenz-ohne-hype-warum-weniger-ki-tools-oft-bessere-arbeit-bedeuten\/\" class=\"dpt-permalink\"><span class=\"screen-reader-text\">K\u00fcnstliche Intelligenz ohne Hype: Warum weniger KI-Tools oft bessere Arbeit bedeuten<\/span><\/a><\/div><div class=\" dpt-thumbnail\"><div class=\"dpt-thumbnail-inner\"><img width=\"1024\" height=\"683\" class=\"attachment-full size-full\" alt=\"K\u00fcnstliche Intelligenz ohne Hype\" context=\"dpt\" data-dpt-src=\"https:\/\/www.markus-schall.de\/wp-content\/uploads\/KI-ohne-Hype-Titel.jpg\" data-dpt-sizes=\"(max-width: 1024px) 100vw, 1024px\" data-dpt-srcset=\"https:\/\/www.markus-schall.de\/wp-content\/uploads\/KI-ohne-Hype-Titel.jpg 1024w, https:\/\/www.markus-schall.de\/wp-content\/uploads\/KI-ohne-Hype-Titel-300x200.jpg 300w, https:\/\/www.markus-schall.de\/wp-content\/uploads\/KI-ohne-Hype-Titel-768x512.jpg 768w, https:\/\/www.markus-schall.de\/wp-content\/uploads\/KI-ohne-Hype-Titel-18x12.jpg 18w\" \/><\/div><span class=\"dpt-thumbnail-aspect-ratio\" style=\"padding-top: 67%\"><\/span><\/div><\/div><div class=\" sub-entry\"><h3 class=\" dpt-title\"><a class=\"dpt-title-link\" href=\"https:\/\/www.markus-schall.de\/cs\/2026\/01\/kuenstliche-intelligenz-ohne-hype-warum-weniger-ki-tools-oft-bessere-arbeit-bedeuten\/\" rel=\"bookmark\">K\u00fcnstliche Intelligenz ohne Hype: Warum weniger KI-Tools oft bessere Arbeit bedeuten<\/a><\/h3><\/div><\/div>\n\t\t\t\t\t\t<\/div><!-- .dpt-entry -->\n\t\t\t\t\t\t\t\t\t\t\t\t<div class=\"dpt-entry has-thumbnail\" data-title=\"lokale ki auf dem mac: so installieren sie ein sprachmodell mit ollama\" data-id=\"2442\"  data-category=\"ki-systeme tipps &amp; anleitungen\" data-post_tag=\"datenschutz k\u00fcnstliche intelligenz llama llm mac mistral ollama sprachmodell\">\n\t\t\t\t\t\t\t<div class=\"dpt-entry-wrapper\"><div class=\" dpt-featured-content\"><div class=\" dpt-permalink\"><a href=\"https:\/\/www.markus-schall.de\/cs\/2025\/08\/lokale-ki-auf-dem-mac-so-installieren-sie-ein-sprachmodell-mit-ollama\/\" class=\"dpt-permalink\"><span class=\"screen-reader-text\">Lokale KI auf dem Mac: So installieren Sie ein Sprachmodell mit Ollama<\/span><\/a><\/div><div class=\" dpt-thumbnail\"><div class=\"dpt-thumbnail-inner\"><img width=\"1024\" height=\"683\" class=\"attachment-full size-full\" alt=\"Lokale KI installieren mit Ollama auf dem Mac\" context=\"dpt\" data-dpt-src=\"https:\/\/www.markus-schall.de\/wp-content\/uploads\/Lokale-KI-auf-Apple-Mac.jpg\" data-dpt-sizes=\"(max-width: 1024px) 100vw, 1024px\" data-dpt-srcset=\"https:\/\/www.markus-schall.de\/wp-content\/uploads\/Lokale-KI-auf-Apple-Mac.jpg 1024w, https:\/\/www.markus-schall.de\/wp-content\/uploads\/Lokale-KI-auf-Apple-Mac-300x200.jpg 300w, https:\/\/www.markus-schall.de\/wp-content\/uploads\/Lokale-KI-auf-Apple-Mac-768x512.jpg 768w, https:\/\/www.markus-schall.de\/wp-content\/uploads\/Lokale-KI-auf-Apple-Mac-18x12.jpg 18w\" \/><\/div><span class=\"dpt-thumbnail-aspect-ratio\" style=\"padding-top: 67%\"><\/span><\/div><\/div><div class=\" sub-entry\"><h3 class=\" dpt-title\"><a class=\"dpt-title-link\" href=\"https:\/\/www.markus-schall.de\/cs\/2025\/08\/lokale-ki-auf-dem-mac-so-installieren-sie-ein-sprachmodell-mit-ollama\/\" rel=\"bookmark\">Lokale KI auf dem Mac: So installieren Sie ein Sprachmodell mit Ollama<\/a><\/h3><\/div><\/div>\n\t\t\t\t\t\t<\/div><!-- .dpt-entry -->\n\t\t\t\t\t\t\t\t\t\t\t\t<div class=\"dpt-entry has-thumbnail\" data-title=\"wenn der mac zuh\u00f6rt: was apples integrierte ki mit gemini und siri k\u00fcnftig f\u00fcr nutzer bedeutet\" data-id=\"4813\"  data-category=\"apple iphone &amp; ipad apple macos ki-systeme\" data-post_tag=\"apple datenlogik datenschutz k\u00fcnstliche intelligenz llm mac prozesse sprachmodell\">\n\t\t\t\t\t\t\t<div class=\"dpt-entry-wrapper\"><div class=\" dpt-featured-content\"><div class=\" dpt-permalink\"><a href=\"https:\/\/www.markus-schall.de\/cs\/2026\/02\/wenn-der-mac-zuhoert-was-apples-integrierte-ki-mit-gemini-und-siri-kuenftig-fuer-nutzer-bedeutet\/\" class=\"dpt-permalink\"><span class=\"screen-reader-text\">Wenn der Mac zuh\u00f6rt: Was Apples integrierte KI mit Gemini und Siri k\u00fcnftig f\u00fcr Nutzer bedeutet<\/span><\/a><\/div><div class=\" dpt-thumbnail\"><div class=\"dpt-thumbnail-inner\"><img width=\"1024\" height=\"683\" class=\"attachment-full size-full\" alt=\"Apple, Siri und Gemini\" context=\"dpt\" data-dpt-src=\"https:\/\/www.markus-schall.de\/wp-content\/uploads\/Apple-Siri-Gemini.jpg\" data-dpt-sizes=\"(max-width: 1024px) 100vw, 1024px\" data-dpt-srcset=\"https:\/\/www.markus-schall.de\/wp-content\/uploads\/Apple-Siri-Gemini.jpg 1024w, https:\/\/www.markus-schall.de\/wp-content\/uploads\/Apple-Siri-Gemini-300x200.jpg 300w, https:\/\/www.markus-schall.de\/wp-content\/uploads\/Apple-Siri-Gemini-768x512.jpg 768w, https:\/\/www.markus-schall.de\/wp-content\/uploads\/Apple-Siri-Gemini-18x12.jpg 18w\" \/><\/div><span class=\"dpt-thumbnail-aspect-ratio\" style=\"padding-top: 67%\"><\/span><\/div><\/div><div class=\" sub-entry\"><h3 class=\" dpt-title\"><a class=\"dpt-title-link\" href=\"https:\/\/www.markus-schall.de\/cs\/2026\/02\/wenn-der-mac-zuhoert-was-apples-integrierte-ki-mit-gemini-und-siri-kuenftig-fuer-nutzer-bedeutet\/\" rel=\"bookmark\">Wenn der Mac zuh\u00f6rt: Was Apples integrierte KI mit Gemini und Siri k\u00fcnftig f\u00fcr Nutzer bedeutet<\/a><\/h3><\/div><\/div>\n\t\t\t\t\t\t<\/div><!-- .dpt-entry -->\n\t\t\t\t\t\t\n\t\t\t\t<\/div>\n\t\t\t\t\t\t<\/div>\n\t\t\t\n<hr \/>\n<h3>Verm\u00f6genssteuer: \u201eDann bin ich in sechs Stunden weg\u201c<\/h3>\n<p>Als das Thema Verm\u00f6genssteuer aufkommt, reagiert Bohlen fast schon instinktiv: Sollte diese Steuer wieder eingef\u00fchrt werden, w\u00e4re er \u201ein sechs Stunden weg\u201c. Seine Wortwahl ist drastisch, aber sie verdeutlicht: Viele erfolgreiche Menschen, Unternehmer und Investoren empfinden Deutschland inzwischen als unberechenbar.<\/p>\n<p>Man kann den Satz als \u00dcbertreibung abtun &#8211; oder man erkennt darin ein Warnsignal, das viele Unternehmer teilen. Ein Land, das Leistungstr\u00e4ger vertreibt, verliert Zukunft.<\/p>\n<h3>Die Zukunft der Kinder &#8211; ein n\u00fcchterner, fast trauriger Blick<\/h3>\n<p>In einem der letzten Kapitel wendet Bohlen sich an das Thema, das jeden betrifft: die Zukunft der jungen Generation. Und hier wird er besonders ernst. Er zweifelt daran, dass Kinder in Deutschland noch dieselben Chancen haben wie fr\u00fchere Generationen.<\/p>\n<p>Er spricht \u00fcber fehlende Bildung, B\u00fcrokratie, veraltete Strukturen und die politische Unf\u00e4higkeit, mutige Entscheidungen zu treffen. F\u00fcr ihn steht fest: Wenn Deutschland so weitermacht, wird es seine n\u00e4chste Generation nicht st\u00e4rken, sondern schw\u00e4chen.<\/p>\n<h3>Warum Dieter Bohlen in meinem Buch ein Beispiel f\u00fcr innere Reife ist<\/h3>\n<figure id=\"attachment_2437\" aria-describedby=\"caption-attachment-2437\" style=\"width: 210px\" class=\"wp-caption alignright\"><a href=\"https:\/\/schall-verlag.de\/buch-krisen.php\" target=\"_blank\" rel=\"noopener\"><img loading=\"lazy\" decoding=\"async\" class=\"wp-image-2437\" src=\"https:\/\/www.markus-schall.de\/wp-content\/uploads\/Krisen-Cover-Front-DEjpg-715x1024.jpg\" alt=\"Buch 'Krisen als Wendepunkte - lernen, wachsen, gestalten'\" width=\"220\" height=\"315\" srcset=\"https:\/\/www.markus-schall.de\/wp-content\/uploads\/Krisen-Cover-Front-DEjpg-715x1024.jpg 715w, https:\/\/www.markus-schall.de\/wp-content\/uploads\/Krisen-Cover-Front-DEjpg-210x300.jpg 210w, https:\/\/www.markus-schall.de\/wp-content\/uploads\/Krisen-Cover-Front-DEjpg-768x1100.jpg 768w, https:\/\/www.markus-schall.de\/wp-content\/uploads\/Krisen-Cover-Front-DEjpg-8x12.jpg 8w, https:\/\/www.markus-schall.de\/wp-content\/uploads\/Krisen-Cover-Front-DEjpg.jpg 838w\" sizes=\"auto, (max-width: 220px) 100vw, 220px\" \/><\/a><figcaption id=\"caption-attachment-2437\" class=\"wp-caption-text\">Krisen als Wendepunkte<\/figcaption><\/figure>\n<p>In meinem Buch <a href=\"https:\/\/schall-verlag.de\/buch-krisen.php\" target=\"_blank\" rel=\"noopener\"><strong><em>\u201eKrisen als Wendepunkte &#8211; Lernen, Wachsen, Gestalten\u201c<\/em><\/strong><\/a> habe ich Dieter Bohlen bewusst als Beispiel f\u00fcr \u201einnere Reife in Bezug auf Eigenverantwortung\u201c genannt. Nicht wegen seines Ruhms oder seiner \u00f6ffentlichen Pr\u00e4senz, sondern wegen einer Haltung, die heute selten geworden ist: Er \u00fcbernimmt Verantwortung f\u00fcr sein Leben, trifft Entscheidungen ohne Ausreden und bleibt dabei n\u00fcchtern, pragmatisch und selbstkritisch.<\/p>\n<p>Gerade in Krisen zeigt sich Charakter &#8211; und Bohlen demonstriert seit Jahrzehnten, dass Eigenverantwortung nicht hart oder kalt wirken muss, sondern befreiend. Diese Haltung schwingt auch in diesem Interview mit: Er analysiert Missst\u00e4nde nicht aus Bequemlichkeit, sondern aus dem Bewusstsein heraus, dass man selbst immer Anteil am Gelingen oder Scheitern hat. Genau dieser Blick macht seine Aussagen f\u00fcr viele Menschen greifbar und wertvoll.<\/p>\n<h3>Ein Spiegel, den man nicht ignorieren sollte<\/h3>\n<p>Ob man Dieter Bohlen mag oder nicht &#8211; dieses Interview h\u00e4lt Deutschland einen Spiegel vor. Direkt, ungesch\u00f6nt, manchmal hart. Aber gerade deshalb wichtig. Er spricht aus, was viele denken, sich aber nicht \u00f6ffentlich trauen zu sagen.<\/p>\n<p>Deutschland hat jahrzehntelang von seiner Substanz gelebt, w\u00e4hrend andere L\u00e4nder modernisiert haben. Die Kritik kommt nicht aus Ideologie, sondern aus Erfahrung. Und sie erinnert daran, wie wichtig es ist, nicht nur zu verwalten, sondern zu gestalten. In einem anderen Interview im Sommer hat Bohlen <a href=\"https:\/\/www.bild.de\/unterhaltung\/stars-und-leute\/dieter-bohlen-ueber-finanzen-wenn-hier-alles-kaese-ist-bin-ich-in-6-stunden-weg-685d02ae54352c1fc4b2d12d\" target=\"_blank\" rel=\"noopener\"><strong>bereits betont<\/strong><\/a>, im Zweifelsfall auch das Land zu verlassen.<\/p>\n<p>Vielleicht liegt darin die eigentliche Kraft dieses Interviews: Es ruft dazu auf, Verantwortung wieder ernst zu nehmen &#8211; nicht als moralische Pose, sondern als Aufgabe gegen\u00fcber kommenden Generationen.<\/p>\n<p>Ganz am Schluss &#8211; auf <strong><a href=\"https:\/\/www.kettner-edelmetalle.de\" target=\"_blank\" rel=\"noopener\">Kettners<\/a><\/strong> Frage, wie lange er noch in Deutschland bleiben wolle, sagte Bohlen den vielleicht wichtigsten Satz des Abends:<\/p>\n<blockquote><p>\u201e<em>Ich gebe die Hoffnung nicht auf.\u201c<\/em><\/p><\/blockquote>\n\n\t\t\t<div class=\"display-post-types\">\n\n\t\t\t\t\t\t\t<style type=\"text\/css\">\n\t\t\t#dpt-wrapper-734 { --dpt-text-align: left;--dpt-image-crop: center;--dpt-border-radius: 5px;--dpt-h-gutter: 10px;--dpt-v-gutter: 10px; }\t\t\t<\/style>\n\t\t\t<style type=\"text\/css\">#dpt-wrapper-734 { --dpt-title-font-style:normal;--dpt-title-font-weight:600;--dpt-title-line-height:1.5;--dpt-title-text-decoration:none;--dpt-title-text-transform:none;--dpt-excerpt-font-style:normal;--dpt-excerpt-font-weight:400;--dpt-excerpt-line-height:1.5;--dpt-excerpt-text-decoration:none;--dpt-excerpt-text-transform:none;--dpt-meta1-font-style:normal;--dpt-meta1-font-weight:400;--dpt-meta1-line-height:1.9;--dpt-meta1-text-decoration:none;--dpt-meta1-text-transform:none;--dpt-meta2-font-style:normal;--dpt-meta2-font-weight:400;--dpt-meta2-line-height:1.9;--dpt-meta2-text-decoration:none;--dpt-meta2-text-transform:none; }<\/style><div class=\" dpt-main-header\">\n\t\t\t\t\t\t<div class=\"dpt-main-title\">\n\t\t\t\t\t\t\t<span class=\"dpt-main-title-text\">Aktuelle Beitr\u00e4ge zu K\u00fcnstlicher Intelligenz<\/span>\n\t\t\t\t\t\t<\/div>\n\t\t\t\t\t\t\n\t\t\t\t\t\t\n\t\t\t\t\t\t\n\t\t\t\t\t\t<\/div>\t\t\t\n\t\t\t\t<div id=\"dpt-wrapper-734\" class=\"dpt-wrapper dpt-mag1 land1 dpt-cropped dpt-flex-wrap\" >\n\n\t\t\t\t\t\t\t\t\t\t\t<div class=\"dpt-entry has-thumbnail\" data-title=\"llms.txt f\u00fcr wordpress: website mit einem kostenlosen plugin auf ki-systeme vorbereiten\" data-id=\"6316\"  data-category=\"ki-systeme tipps &amp; anleitungen\" data-post_tag=\"datenlogik k\u00fcnstliche intelligenz llm ratgeber sprachmodell wordpress\">\n\t\t\t\t\t\t\t<div class=\"dpt-entry-wrapper\"><div class=\" dpt-featured-content\"><div class=\" dpt-permalink\"><a href=\"https:\/\/www.markus-schall.de\/cs\/2026\/08\/llms-txt-fuer-wordpress-website-mit-einem-kostenlosen-plugin-auf-ki-systeme-vorbereiten\/\" class=\"dpt-permalink\"><span class=\"screen-reader-text\">LLMS.txt f\u00fcr WordPress: Website mit einem kostenlosen Plugin auf KI-Systeme vorbereiten<\/span><\/a><\/div><div class=\" dpt-thumbnail\"><div class=\"dpt-thumbnail-inner\"><img width=\"1200\" height=\"685\" class=\"attachment-full size-full\" alt=\"llms.txt Wordpress-Plugin\" context=\"dpt\" data-dpt-src=\"https:\/\/www.markus-schall.de\/wp-content\/uploads\/llms.txt-Wordpress-Plugin.jpg\" data-dpt-sizes=\"(max-width: 1200px) 100vw, 1200px\" data-dpt-srcset=\"https:\/\/www.markus-schall.de\/wp-content\/uploads\/llms.txt-Wordpress-Plugin.jpg 1200w, https:\/\/www.markus-schall.de\/wp-content\/uploads\/llms.txt-Wordpress-Plugin-300x171.jpg 300w, https:\/\/www.markus-schall.de\/wp-content\/uploads\/llms.txt-Wordpress-Plugin-1024x585.jpg 1024w, https:\/\/www.markus-schall.de\/wp-content\/uploads\/llms.txt-Wordpress-Plugin-768x438.jpg 768w, https:\/\/www.markus-schall.de\/wp-content\/uploads\/llms.txt-Wordpress-Plugin-18x10.jpg 18w\" \/><\/div><span class=\"dpt-thumbnail-aspect-ratio\" style=\"padding-top: 75%\"><\/span><\/div><\/div><div class=\" sub-entry\"><h3 class=\" dpt-title\"><a class=\"dpt-title-link\" href=\"https:\/\/www.markus-schall.de\/cs\/2026\/08\/llms-txt-fuer-wordpress-website-mit-einem-kostenlosen-plugin-auf-ki-systeme-vorbereiten\/\" rel=\"bookmark\">LLMS.txt f\u00fcr WordPress: Website mit einem kostenlosen Plugin auf KI-Systeme vorbereiten<\/a><\/h3><\/div><\/div>\n\t\t\t\t\t\t<\/div><!-- .dpt-entry -->\n\t\t\t\t\t\t\t\t\t\t\t\t<div class=\"dpt-entry has-thumbnail\" data-title=\"von filemaker zur cloud: wie schallos business-software mit ki, runtime und updates verbindet\" data-id=\"6278\"  data-category=\"apple iphone &amp; ipad apple macos featured filemaker &amp; erp ki-systeme\" data-post_tag=\"datenbanken datenlogik datenschutz docker erp-software filemaker gfm-business k\u00fcnstliche intelligenz llm ollama prozesse sprachmodell\">\n\t\t\t\t\t\t\t<div class=\"dpt-entry-wrapper\"><div class=\" dpt-featured-content\"><div class=\" dpt-permalink\"><a href=\"https:\/\/www.markus-schall.de\/cs\/2026\/07\/von-filemaker-zur-cloud-wie-schallos-business-software-mit-ki-runtime-und-updates-verbindet\/\" class=\"dpt-permalink\"><span class=\"screen-reader-text\">Von FileMaker zur Cloud: Wie SchallOS Business-Software mit KI, Runtime und Updates verbindet<\/span><\/a><\/div><div class=\" dpt-thumbnail\"><div class=\"dpt-thumbnail-inner\"><img width=\"1260\" height=\"840\" class=\"attachment-full size-full\" alt=\"SchallOS - Intelligent Application Platform\" context=\"dpt\" data-dpt-src=\"https:\/\/www.markus-schall.de\/wp-content\/uploads\/SchallOS-Intelligent-Application-Platform.jpg\" data-dpt-sizes=\"(max-width: 1260px) 100vw, 1260px\" data-dpt-srcset=\"https:\/\/www.markus-schall.de\/wp-content\/uploads\/SchallOS-Intelligent-Application-Platform.jpg 1260w, https:\/\/www.markus-schall.de\/wp-content\/uploads\/SchallOS-Intelligent-Application-Platform-300x200.jpg 300w, https:\/\/www.markus-schall.de\/wp-content\/uploads\/SchallOS-Intelligent-Application-Platform-1024x683.jpg 1024w, https:\/\/www.markus-schall.de\/wp-content\/uploads\/SchallOS-Intelligent-Application-Platform-768x512.jpg 768w, https:\/\/www.markus-schall.de\/wp-content\/uploads\/SchallOS-Intelligent-Application-Platform-18x12.jpg 18w\" \/><\/div><span class=\"dpt-thumbnail-aspect-ratio\" style=\"padding-top: 75%\"><\/span><\/div><\/div><div class=\" sub-entry\"><h3 class=\" dpt-title\"><a class=\"dpt-title-link\" href=\"https:\/\/www.markus-schall.de\/cs\/2026\/07\/von-filemaker-zur-cloud-wie-schallos-business-software-mit-ki-runtime-und-updates-verbindet\/\" rel=\"bookmark\">Von FileMaker zur Cloud: Wie SchallOS Business-Software mit KI, Runtime und Updates verbindet<\/a><\/h3><\/div><\/div>\n\t\t\t\t\t\t<\/div><!-- .dpt-entry -->\n\t\t\t\t\t\t\t\t\t\t\t\t<div class=\"dpt-entry has-thumbnail\" data-title=\"software entwickeln mit codex, chatgpt und ki: praxisleitfaden f\u00fcr entwickler\" data-id=\"6224\"  data-category=\"apple iphone &amp; ipad apple macos featured filemaker &amp; erp ki-systeme tipps &amp; anleitungen\" data-post_tag=\"datenbanken datenlogik digitales eigentum erfahrungen erp-software filemaker k\u00fcnstliche intelligenz lernen llm prozesse sprachmodell\">\n\t\t\t\t\t\t\t<div class=\"dpt-entry-wrapper\"><div class=\" dpt-featured-content\"><div class=\" dpt-permalink\"><a href=\"https:\/\/www.markus-schall.de\/cs\/2026\/06\/software-entwickeln-mit-codex-chatgpt-und-ki-praxisleitfaden-fuer-entwickler\/\" class=\"dpt-permalink\"><span class=\"screen-reader-text\">Software entwickeln mit Codex, ChatGPT und KI: Praxisleitfaden f\u00fcr Entwickler<\/span><\/a><\/div><div class=\" dpt-thumbnail\"><div class=\"dpt-thumbnail-inner\"><img width=\"1024\" height=\"583\" class=\"attachment-full size-full\" alt=\"Softwareentwicklung mit KI\" context=\"dpt\" data-dpt-src=\"https:\/\/www.markus-schall.de\/wp-content\/uploads\/Softwareentwicklung-mit-KI.jpg\" data-dpt-sizes=\"(max-width: 1024px) 100vw, 1024px\" data-dpt-srcset=\"https:\/\/www.markus-schall.de\/wp-content\/uploads\/Softwareentwicklung-mit-KI.jpg 1024w, https:\/\/www.markus-schall.de\/wp-content\/uploads\/Softwareentwicklung-mit-KI-300x171.jpg 300w, https:\/\/www.markus-schall.de\/wp-content\/uploads\/Softwareentwicklung-mit-KI-768x437.jpg 768w, https:\/\/www.markus-schall.de\/wp-content\/uploads\/Softwareentwicklung-mit-KI-18x10.jpg 18w\" \/><\/div><span class=\"dpt-thumbnail-aspect-ratio\" style=\"padding-top: 75%\"><\/span><\/div><\/div><div class=\" sub-entry\"><h3 class=\" dpt-title\"><a class=\"dpt-title-link\" href=\"https:\/\/www.markus-schall.de\/cs\/2026\/06\/software-entwickeln-mit-codex-chatgpt-und-ki-praxisleitfaden-fuer-entwickler\/\" rel=\"bookmark\">Software entwickeln mit Codex, ChatGPT und KI: Praxisleitfaden f\u00fcr Entwickler<\/a><\/h3><\/div><\/div>\n\t\t\t\t\t\t<\/div><!-- .dpt-entry -->\n\t\t\t\t\t\t\t\t\t\t\t\t<div class=\"dpt-entry has-thumbnail\" data-title=\"was ist der sinn des lebens? religionen, philosophen und helmut thielicke im vergleich\" data-id=\"6071\"  data-category=\"allgemein gesellschaft ki-systeme kunst &amp; kultur stories &amp; humor\" data-post_tag=\"denkmodelle erfahrungen gesundheit krisen k\u00fcnstliche intelligenz meinungsfreiheit pers\u00f6nlichkeitsentwicklung portrait\">\n\t\t\t\t\t\t\t<div class=\"dpt-entry-wrapper\"><div class=\" dpt-featured-content\"><div class=\" dpt-permalink\"><a href=\"https:\/\/www.markus-schall.de\/cs\/2026\/05\/was-ist-der-sinn-des-lebens-religionen-philosophen-und-helmut-thielicke-im-vergleich\/\" class=\"dpt-permalink\"><span class=\"screen-reader-text\">Was ist der Sinn des Lebens? Religionen, Philosophen und Helmut Thielicke im Vergleich<\/span><\/a><\/div><div class=\" dpt-thumbnail\"><div class=\"dpt-thumbnail-inner\"><img width=\"1024\" height=\"682\" class=\"attachment-full size-full\" alt=\"Die Frage nach dem Sinn des Lebens\" context=\"dpt\" data-dpt-src=\"https:\/\/www.markus-schall.de\/wp-content\/uploads\/Sinn-des-Lebens.jpg\" data-dpt-sizes=\"(max-width: 1024px) 100vw, 1024px\" data-dpt-srcset=\"https:\/\/www.markus-schall.de\/wp-content\/uploads\/Sinn-des-Lebens.jpg 1024w, https:\/\/www.markus-schall.de\/wp-content\/uploads\/Sinn-des-Lebens-300x200.jpg 300w, https:\/\/www.markus-schall.de\/wp-content\/uploads\/Sinn-des-Lebens-768x512.jpg 768w, https:\/\/www.markus-schall.de\/wp-content\/uploads\/Sinn-des-Lebens-18x12.jpg 18w\" \/><\/div><span class=\"dpt-thumbnail-aspect-ratio\" style=\"padding-top: 75%\"><\/span><\/div><\/div><div class=\" sub-entry\"><h3 class=\" dpt-title\"><a class=\"dpt-title-link\" href=\"https:\/\/www.markus-schall.de\/cs\/2026\/05\/was-ist-der-sinn-des-lebens-religionen-philosophen-und-helmut-thielicke-im-vergleich\/\" rel=\"bookmark\">Was ist der Sinn des Lebens? Religionen, Philosophen und Helmut Thielicke im Vergleich<\/a><\/h3><\/div><\/div>\n\t\t\t\t\t\t<\/div><!-- .dpt-entry -->\n\t\t\t\t\t\t\n\t\t\t\t<\/div>\n\t\t\t\t\t\t<\/div>\n\t\t\t\n<hr \/>\n<h2>Fragen und Antworten zum Artikel<\/h2>\n<ol>\n<li><strong>Warum ist dieses Interview mit Dieter Bohlen politisch so bedeutsam?<\/strong><br \/>\nWeil ein prominenter K\u00fcnstler ohne parteipolitische Agenda klar benennt, was viele B\u00fcrger im Stillen empfinden. Seine Kritik wirkt nicht wie Wahlkampf, sondern wie eine pers\u00f6nliche Bestandsaufnahme. Das gibt seinen Aussagen Gewicht.<\/li>\n<li><strong>Was meint Bohlen mit \u201eGutmenschgetue\u201c?<\/strong><br \/>\nEr beschreibt damit eine politische Kultur, die sich in moralischer \u00dcberh\u00f6hung gef\u00e4llt, w\u00e4hrend praktische L\u00f6sungen fehlen. Entscheidungen wirken dadurch oft symbolisch, aber nicht realit\u00e4tsnah.<\/li>\n<li><strong>Warum sagt Bohlen, Deutschland sei im Ausland \u201enicht mehr angesagt\u201c?<\/strong><br \/>\nEr st\u00fctzt sich auf pers\u00f6nliche Erfahrungen und Gespr\u00e4che im internationalen Umfeld. Fr\u00fcher galt Deutschland als Probleml\u00f6ser mit Qualit\u00e4tsanspruch. Heute verbinden viele Partner das Land mit B\u00fcrokratie, Ideologie und wirtschaftlicher Schw\u00e4che.<\/li>\n<li><strong>Wie erkl\u00e4rt Bohlen den Niedergang von \u201eMade in Germany\u201c?<\/strong><br \/>\nEr f\u00fchrt ihn auf jahrzehntelange Selbstzufriedenheit, politische Fehlentscheidungen und eine wachsende Entfremdung von wirtschaftlichen Realit\u00e4ten zur\u00fcck. Das fr\u00fchere Qualit\u00e4tsversprechen habe durch \u00dcberregulierung und Planlosigkeit an Kraft verloren.<\/li>\n<li><strong>Was kritisiert er an der sogenannten \u201eBrandmauer\u201c?<\/strong><br \/>\nEr empfindet sie als ideologisches Symbol, das offene Debatten verhindert. Demokratie lebe vom Austausch, nicht vom Ausschlie\u00dfen ganzer Denkbereiche. Eine Brandmauer zeige aus seiner Sicht politische Schw\u00e4che.<\/li>\n<li><strong>Geht es im Interview um Parteipolitik oder um grunds\u00e4tzliche Entwicklungen?<\/strong><br \/>\nBohlen vermeidet parteipolitische Ideologie. Er kritisiert stattdessen eine Mentalit\u00e4t: moralische Selbstinszenierung statt pragmatischer Verantwortung. Es ist eine Systemkritik &#8211; keine Parteikritik.<\/li>\n<li><strong>Weshalb sprechen manche im Interview von drohender \u201eEnteignung durch die Hintert\u00fcr\u201c?<\/strong><br \/>\nWeil politische Vorschl\u00e4ge, private Sparguthaben zu \u201emobilisieren\u201c, darauf hinauslaufen k\u00f6nnten, dass B\u00fcrger indirekt gezwungen werden, ihr Erspartes in staatlich definierte Projekte zu investieren. F\u00fcr viele ist das ein Alarmzeichen.<\/li>\n<li><strong>Warum reagiert Bohlen so scharf auf die Idee einer Verm\u00f6genssteuer?<\/strong><br \/>\nEr sieht darin ein Signal, dass Leistungstr\u00e4ger und Unternehmer in Deutschland zunehmend als Problem statt als Beitrag betrachtet werden. Seine Aussage, er w\u00e4re \u201ein sechs Stunden weg\u201c, zeigt eine tiefe Frustration \u00fcber politische Unsicherheit.<\/li>\n<li><strong>Welche Sorge \u00e4u\u00dfert Bohlen hinsichtlich der jungen Generation?<\/strong><br \/>\nEr zweifelt daran, dass Kinder heute noch dieselben Chancen haben wie fr\u00fchere Generationen. Er kritisiert veraltete Strukturen, schwache Bildungspolitik und fehlenden Mut zu grundlegenden Reformen.<\/li>\n<li><strong>Welche zentrale Botschaft sollte man aus dem Interview mitnehmen?<\/strong><br \/>\nDass ein Land nicht von moralischen Phrasen lebt, sondern von der F\u00e4higkeit, Verantwortung zu \u00fcbernehmen, Probleme ehrlich zu benennen und wirtschaftliche Vernunft mit menschlichem Ma\u00df zu verbinden. Bohlen erinnert daran, dass Substanz irgendwann verbraucht ist &#8211; und dass man rechtzeitig handeln muss, bevor ein Wendepunkt verpasst wird.<\/li>\n<\/ol>\n<hr \/>\n\n\t\t\t<div class=\"display-post-types\">\n\n\t\t\t\t\t\t\t<style type=\"text\/css\">\n\t\t\t#dpt-wrapper-735 { --dpt-text-align: left;--dpt-image-crop: center;--dpt-border-radius: 5px;--dpt-h-gutter: 10px;--dpt-v-gutter: 9px; }\t\t\t<\/style>\n\t\t\t<style type=\"text\/css\">#dpt-wrapper-735 { --dpt-title-font-style:normal;--dpt-title-font-weight:600;--dpt-title-line-height:1.5;--dpt-title-text-decoration:none;--dpt-title-text-transform:none;--dpt-excerpt-font-style:normal;--dpt-excerpt-font-weight:400;--dpt-excerpt-line-height:1.5;--dpt-excerpt-text-decoration:none;--dpt-excerpt-text-transform:none;--dpt-meta1-font-style:normal;--dpt-meta1-font-weight:400;--dpt-meta1-line-height:1.9;--dpt-meta1-text-decoration:none;--dpt-meta1-text-transform:none;--dpt-meta2-font-style:normal;--dpt-meta2-font-weight:400;--dpt-meta2-line-height:1.9;--dpt-meta2-text-decoration:none;--dpt-meta2-text-transform:none; }<\/style><div class=\" dpt-main-header\">\n\t\t\t\t\t\t<div class=\"dpt-main-title\">\n\t\t\t\t\t\t\t<span class=\"dpt-main-title-text\">Aktuelle Beitr\u00e4ge zu Kunst &amp; Kultur<\/span>\n\t\t\t\t\t\t<\/div>\n\t\t\t\t\t\t\n\t\t\t\t\t\t\n\t\t\t\t\t\t\n\t\t\t\t\t\t<\/div>\t\t\t\n\t\t\t\t<div id=\"dpt-wrapper-735\" class=\"dpt-wrapper dpt-mag1 land1 dpt-cropped dpt-flex-wrap\" >\n\n\t\t\t\t\t\t\t\t\t\t\t<div class=\"dpt-entry has-thumbnail\" data-title=\"dieter hallervorden &#8211; mehr als didi: portr\u00e4t eines unbequemen freigeists\" data-id=\"4347\"  data-category=\"gesellschaft kunst &amp; kultur stories &amp; humor\" data-post_tag=\"erfahrungen meinungsfreiheit musik portrait\">\n\t\t\t\t\t\t\t<div class=\"dpt-entry-wrapper\"><div class=\" dpt-featured-content\"><div class=\" dpt-permalink\"><a href=\"https:\/\/www.markus-schall.de\/cs\/2026\/01\/dieter-hallervorden-mehr-als-didi-portraet-eines-unbequemen-freigeists\/\" class=\"dpt-permalink\"><span class=\"screen-reader-text\">Dieter Hallervorden &#8211; Mehr als Didi: Portr\u00e4t eines unbequemen Freigeists<\/span><\/a><\/div><div class=\" dpt-thumbnail\"><div class=\"dpt-thumbnail-inner\"><img width=\"1024\" height=\"683\" class=\"attachment-full size-full\" alt=\"Dieter Hallervorden und die W\u00fchlm\u00e4use in Berlin\" context=\"dpt\" data-dpt-src=\"https:\/\/www.markus-schall.de\/wp-content\/uploads\/Dieter-Hallvervorden-Wuehlmaeuse.jpg\" data-dpt-sizes=\"(max-width: 1024px) 100vw, 1024px\" data-dpt-srcset=\"https:\/\/www.markus-schall.de\/wp-content\/uploads\/Dieter-Hallvervorden-Wuehlmaeuse.jpg 1024w, https:\/\/www.markus-schall.de\/wp-content\/uploads\/Dieter-Hallvervorden-Wuehlmaeuse-300x200.jpg 300w, https:\/\/www.markus-schall.de\/wp-content\/uploads\/Dieter-Hallvervorden-Wuehlmaeuse-768x512.jpg 768w, https:\/\/www.markus-schall.de\/wp-content\/uploads\/Dieter-Hallvervorden-Wuehlmaeuse-18x12.jpg 18w\" \/><\/div><span class=\"dpt-thumbnail-aspect-ratio\" style=\"padding-top: 75%\"><\/span><\/div><\/div><div class=\" sub-entry\"><h3 class=\" dpt-title\"><a class=\"dpt-title-link\" href=\"https:\/\/www.markus-schall.de\/cs\/2026\/01\/dieter-hallervorden-mehr-als-didi-portraet-eines-unbequemen-freigeists\/\" rel=\"bookmark\">Dieter Hallervorden &#8211; Mehr als Didi: Portr\u00e4t eines unbequemen Freigeists<\/a><\/h3><\/div><\/div>\n\t\t\t\t\t\t<\/div><!-- .dpt-entry -->\n\t\t\t\t\t\t\t\t\t\t\t\t<div class=\"dpt-entry has-thumbnail\" data-title=\"die krimtataren &#8211; geschichte, herkunft und gegenwart eines vergessenen volkes\" data-id=\"4154\"  data-category=\"allgemein gesellschaft kunst &amp; kultur\" data-post_tag=\"europa geopolitik krisen meinungsfreiheit\">\n\t\t\t\t\t\t\t<div class=\"dpt-entry-wrapper\"><div class=\" dpt-featured-content\"><div class=\" dpt-permalink\"><a href=\"https:\/\/www.markus-schall.de\/cs\/2025\/12\/die-krimtataren-geschichte-herkunft-und-gegenwart-eines-vergessenen-volkes\/\" class=\"dpt-permalink\"><span class=\"screen-reader-text\">Die Krimtataren &#8211; Geschichte, Herkunft und Gegenwart eines vergessenen Volkes<\/span><\/a><\/div><div class=\" dpt-thumbnail\"><div class=\"dpt-thumbnail-inner\"><img width=\"1024\" height=\"683\" class=\"attachment-full size-full\" alt=\"Krimtartaren-Steppe\" context=\"dpt\" data-dpt-src=\"https:\/\/www.markus-schall.de\/wp-content\/uploads\/Krimtartaren-Steppe.jpg\" data-dpt-sizes=\"(max-width: 1024px) 100vw, 1024px\" data-dpt-srcset=\"https:\/\/www.markus-schall.de\/wp-content\/uploads\/Krimtartaren-Steppe.jpg 1024w, https:\/\/www.markus-schall.de\/wp-content\/uploads\/Krimtartaren-Steppe-300x200.jpg 300w, https:\/\/www.markus-schall.de\/wp-content\/uploads\/Krimtartaren-Steppe-768x512.jpg 768w, https:\/\/www.markus-schall.de\/wp-content\/uploads\/Krimtartaren-Steppe-18x12.jpg 18w\" \/><\/div><span class=\"dpt-thumbnail-aspect-ratio\" style=\"padding-top: 75%\"><\/span><\/div><\/div><div class=\" sub-entry\"><h3 class=\" dpt-title\"><a class=\"dpt-title-link\" href=\"https:\/\/www.markus-schall.de\/cs\/2025\/12\/die-krimtataren-geschichte-herkunft-und-gegenwart-eines-vergessenen-volkes\/\" rel=\"bookmark\">Die Krimtataren &#8211; Geschichte, Herkunft und Gegenwart eines vergessenen Volkes<\/a><\/h3><\/div><\/div>\n\t\t\t\t\t\t<\/div><!-- .dpt-entry -->\n\t\t\t\t\t\t\t\t\t\t\t\t<div class=\"dpt-entry has-thumbnail\" data-title=\"warum dieter bohlen spricht, wenn andere schweigen: ein portr\u00e4t \u00fcber flei\u00df und klarheit\" data-id=\"3744\"  data-category=\"allgemein gesellschaft kunst &amp; kultur\" data-post_tag=\"auswandern deutschland erfahrungen krisen meinungsfreiheit musik portrait\">\n\t\t\t\t\t\t\t<div class=\"dpt-entry-wrapper\"><div class=\" dpt-featured-content\"><div class=\" dpt-permalink\"><a href=\"https:\/\/www.markus-schall.de\/cs\/2025\/12\/warum-dieter-bohlen-spricht-wenn-andere-schweigen-ein-portraet-ueber-fleiss-und-klarheit\/\" class=\"dpt-permalink\"><span class=\"screen-reader-text\">Warum Dieter Bohlen spricht, wenn andere schweigen: Ein Portr\u00e4t \u00fcber Flei\u00df und Klarheit<\/span><\/a><\/div><div class=\" dpt-thumbnail\"><div class=\"dpt-thumbnail-inner\"><img width=\"1024\" height=\"683\" class=\"attachment-full size-full\" alt=\"\" context=\"dpt\" data-dpt-src=\"https:\/\/www.markus-schall.de\/wp-content\/uploads\/Dieter-Bohlen-Portrait.jpg\" data-dpt-sizes=\"(max-width: 1024px) 100vw, 1024px\" data-dpt-srcset=\"https:\/\/www.markus-schall.de\/wp-content\/uploads\/Dieter-Bohlen-Portrait.jpg 1024w, https:\/\/www.markus-schall.de\/wp-content\/uploads\/Dieter-Bohlen-Portrait-300x200.jpg 300w, https:\/\/www.markus-schall.de\/wp-content\/uploads\/Dieter-Bohlen-Portrait-768x512.jpg 768w, https:\/\/www.markus-schall.de\/wp-content\/uploads\/Dieter-Bohlen-Portrait-18x12.jpg 18w\" \/><\/div><span class=\"dpt-thumbnail-aspect-ratio\" style=\"padding-top: 75%\"><\/span><\/div><\/div><div class=\" sub-entry\"><h3 class=\" dpt-title\"><a class=\"dpt-title-link\" href=\"https:\/\/www.markus-schall.de\/cs\/2025\/12\/warum-dieter-bohlen-spricht-wenn-andere-schweigen-ein-portraet-ueber-fleiss-und-klarheit\/\" rel=\"bookmark\">Warum Dieter Bohlen spricht, wenn andere schweigen: Ein Portr\u00e4t \u00fcber Flei\u00df und Klarheit<\/a><\/h3><\/div><\/div>\n\t\t\t\t\t\t<\/div><!-- .dpt-entry -->\n\t\t\t\t\t\t\t\t\t\t\t\t<div class=\"dpt-entry has-thumbnail\" data-title=\"gr\u00f6nland, trump und die frage der zugeh\u00f6rigkeit: geschichte, recht und realit\u00e4t\" data-id=\"4325\"  data-category=\"allgemein gesellschaft kunst &amp; kultur\" data-post_tag=\"europa geopolitik krisen meinungsfreiheit sicherheitspolitik spieltheorie\">\n\t\t\t\t\t\t\t<div class=\"dpt-entry-wrapper\"><div class=\" dpt-featured-content\"><div class=\" dpt-permalink\"><a href=\"https:\/\/www.markus-schall.de\/cs\/2026\/01\/groenland-trump-und-die-frage-der-zugehoerigkeit-geschichte-recht-und-realitaet\/\" class=\"dpt-permalink\"><span class=\"screen-reader-text\">Gr\u00f6nland, Trump und die Frage der Zugeh\u00f6rigkeit: Geschichte, Recht und Realit\u00e4t<\/span><\/a><\/div><div class=\" dpt-thumbnail\"><div class=\"dpt-thumbnail-inner\"><img width=\"1024\" height=\"683\" class=\"attachment-full size-full\" alt=\"Gr\u00f6nland im Fadenkreuz: USA und Trump\" context=\"dpt\" data-dpt-src=\"https:\/\/www.markus-schall.de\/wp-content\/uploads\/Groenland-USA-Trump-Titel.jpg\" data-dpt-sizes=\"(max-width: 1024px) 100vw, 1024px\" data-dpt-srcset=\"https:\/\/www.markus-schall.de\/wp-content\/uploads\/Groenland-USA-Trump-Titel.jpg 1024w, https:\/\/www.markus-schall.de\/wp-content\/uploads\/Groenland-USA-Trump-Titel-300x200.jpg 300w, https:\/\/www.markus-schall.de\/wp-content\/uploads\/Groenland-USA-Trump-Titel-768x512.jpg 768w, https:\/\/www.markus-schall.de\/wp-content\/uploads\/Groenland-USA-Trump-Titel-18x12.jpg 18w\" \/><\/div><span class=\"dpt-thumbnail-aspect-ratio\" style=\"padding-top: 75%\"><\/span><\/div><\/div><div class=\" sub-entry\"><h3 class=\" dpt-title\"><a class=\"dpt-title-link\" href=\"https:\/\/www.markus-schall.de\/cs\/2026\/01\/groenland-trump-und-die-frage-der-zugehoerigkeit-geschichte-recht-und-realitaet\/\" rel=\"bookmark\">Gr\u00f6nland, Trump und die Frage der Zugeh\u00f6rigkeit: Geschichte, Recht und Realit\u00e4t<\/a><\/h3><\/div><\/div>\n\t\t\t\t\t\t<\/div><!-- .dpt-entry -->\n\t\t\t\t\t\t\n\t\t\t\t<\/div>\n\t\t\t\t\t\t<\/div>\n\t\t\t\n<hr \/>\n","protected":false},"excerpt":{"rendered":"<p>Tento \u010dl\u00e1nek p\u0159in\u00e1\u0161\u00ed aktu\u00e1ln\u00ed, pozoruhodn\u011b otev\u0159en\u00fd rozhovor mezi Dieterem Bohlenem \u2013 dlouholet\u00fdm hudebn\u00edm producentem, podnikatelem a jednou z nejzn\u00e1m\u011bj\u0161\u00edch tv\u00e1\u0159\u00ed n\u011bmeck\u00e9 popkultury \u2013 a Dominikem Kettnerem, odborn\u00edkem na drah\u00e9 kovy, YouTuberem a finan\u010dn\u00edm podnikatelem, kter\u00fd se ji\u017e \u0159adu let zab\u00fdv\u00e1 ochranou majetku a ekonomick\u00fdmi trendy. Setk\u00e1n\u00ed t\u011bchto dvou osobnost\u00ed p\u016fsob\u00ed na prvn\u00ed pohled neobvykle: na jedn\u00e9 stran\u011b \u2026 <a title=\"Gr\u00f3nsko, Trump a ot\u00e1zka soun\u00e1le\u017eitosti: historie, pr\u00e1vo a realita\" class=\"read-more\" href=\"https:\/\/www.markus-schall.de\/cs\/2026\/01\/groenland-trump-und-die-frage-der-zugehoerigkeit-geschichte-recht-und-realitaet\/\" aria-label=\"\u010c\u00edst v\u00edce o Gr\u00f3nsku, Trumpovi a ot\u00e1zce soun\u00e1le\u017eitosti: historie, pr\u00e1vo a realita\">\u010c\u00edst d\u00e1l<\/a><\/p>","protected":false},"author":1,"featured_media":3550,"comment_status":"open","ping_status":"open","sticky":false,"template":"","format":"standard","meta":{"iawp_total_views":604,"footnotes":""},"categories":[1,424,466,472],"tags":[425,480,458,426,476,483],"class_list":["post-3546","post","type-post","status-publish","format-standard","has-post-thumbnail","hentry","category-allgemein","category-buecher","category-gesellschaft","category-kunst-kultur","tag-buch","tag-deutschland","tag-erfahrungen","tag-krisen","tag-meinungsfreiheit","tag-musik"],"_links":{"self":[{"href":"https:\/\/www.markus-schall.de\/cs\/wp-json\/wp\/v2\/posts\/3546","targetHints":{"allow":["GET"]}}],"collection":[{"href":"https:\/\/www.markus-schall.de\/cs\/wp-json\/wp\/v2\/posts"}],"about":[{"href":"https:\/\/www.markus-schall.de\/cs\/wp-json\/wp\/v2\/types\/post"}],"author":[{"embeddable":true,"href":"https:\/\/www.markus-schall.de\/cs\/wp-json\/wp\/v2\/users\/1"}],"replies":[{"embeddable":true,"href":"https:\/\/www.markus-schall.de\/cs\/wp-json\/wp\/v2\/comments?post=3546"}],"version-history":[{"count":22,"href":"https:\/\/www.markus-schall.de\/cs\/wp-json\/wp\/v2\/posts\/3546\/revisions"}],"predecessor-version":[{"id":6249,"href":"https:\/\/www.markus-schall.de\/cs\/wp-json\/wp\/v2\/posts\/3546\/revisions\/6249"}],"wp:featuredmedia":[{"embeddable":true,"href":"https:\/\/www.markus-schall.de\/cs\/wp-json\/wp\/v2\/media\/3550"}],"wp:attachment":[{"href":"https:\/\/www.markus-schall.de\/cs\/wp-json\/wp\/v2\/media?parent=3546"}],"wp:term":[{"taxonomy":"category","embeddable":true,"href":"https:\/\/www.markus-schall.de\/cs\/wp-json\/wp\/v2\/categories?post=3546"},{"taxonomy":"post_tag","embeddable":true,"href":"https:\/\/www.markus-schall.de\/cs\/wp-json\/wp\/v2\/tags?post=3546"}],"curies":[{"name":"wp","href":"https:\/\/api.w.org\/{rel}","templated":true}]}}