{"id":3675,"date":"2025-11-25T14:55:57","date_gmt":"2025-11-25T14:55:57","guid":{"rendered":"https:\/\/www.markus-schall.de\/?p=3675"},"modified":"2025-12-07T13:48:46","modified_gmt":"2025-12-07T13:48:46","slug":"graficky-balik-affinity-se-stava-zdarma-co-by-meli-profesionalni-uzivatele-vedet-nyni","status":"publish","type":"post","link":"https:\/\/www.markus-schall.de\/cs\/2025\/11\/graficky-balik-affinity-se-stava-zdarma-co-by-meli-profesionalni-uzivatele-vedet-nyni\/","title":{"rendered":"Grafick\u00e1 sada Affinity je zdarma: Co by m\u011bli profesion\u00e1ln\u00ed u\u017eivatel\u00e9 v\u011bd\u011bt nyn\u00ed"},"content":{"rendered":"<p>Pokud stejn\u011b jako j\u00e1 pracujete s programy pro sazbu a rozvr\u017een\u00ed textu ji\u017e des\u00edtky let, obvykle si takov\u00fdch zm\u011bn v\u0161imnete l\u00e9pe ne\u017e ti, kte\u0159\u00ed do tohoto sv\u011bta vstoupili teprve ned\u00e1vno. V pr\u016fb\u011bhu let jsem vid\u011bl mnoho v\u011bc\u00ed, kter\u00e9 p\u0159ich\u00e1zely a odch\u00e1zely: Na za\u010d\u00e1tku devades\u00e1t\u00fdch let jsem pracoval s Calamusem SL na Atari ST a pozd\u011bji pod Windows s CorelDraw! Pozd\u011bji p\u0159i\u0161el QuarkXPress, pak iCalamus, Adobe InDesign - a nakonec p\u0159ed n\u011bkolika lety Affinity Publisher. Od t\u00e9 doby m\u011b sada Affinity prov\u00e1z\u00ed t\u00e9m\u011b\u0159 v\u0161emi m\u00fdmi kni\u017en\u00edmi projekty. Po cel\u00e1 l\u00e9ta byl spolehliv\u00fdm n\u00e1strojem, p\u0159\u00edjemn\u011b p\u0159\u00edmo\u010dar\u00fdm, p\u0159ehledn\u00fdm a bez balastu, kter\u00fd si v pr\u016fb\u011bhu let p\u0159idaly mnoh\u00e9 velk\u00e9 softwarov\u00e9 domy.<!--more--><\/p>\n<p>O to v\u011bt\u0161\u00ed je zm\u011bna, kterou nyn\u00ed za\u017e\u00edv\u00e1me: Serif, britsk\u00e1 spole\u010dnost stoj\u00edc\u00ed za Affinity, byla v roce 2024 koupena spole\u010dnost\u00ed Canva a \u201eAffinity by Canva\u201c je ji\u017e n\u011bkolik t\u00fddn\u016f k dispozici ve zcela nov\u00e9 podob\u011b - zdarma, \u201enav\u017edy zdarma\u201c, jak se \u0159\u00edk\u00e1. T\u0159i samostatn\u00e9 programy Designer, Photo a Publisher ji\u017e v t\u00e9to podob\u011b neexistuj\u00ed; v\u0161e je nyn\u00ed v jedin\u00e9 aplikaci. Pro masy to zn\u00ed jako d\u00e1rek. Pro dlouholet\u00e9 u\u017eivatele, jako jsem j\u00e1, je to zm\u011bna, kter\u00e1 si zaslou\u017e\u00ed pozornost. Proto\u017ee kdy\u017e n\u00e1stroj, na kter\u00fd se l\u00e9ta spol\u00e9h\u00e1te, najednou zm\u011bn\u00ed svou z\u00e1kladn\u00ed strukturu, tradi\u010dn\u011b se na n\u011bj pod\u00edv\u00e1te bl\u00ed\u017ee. Tak se to d\u011bl\u00e1valo d\u0159\u00edve - a obvykle v\u00e1s to uchr\u00e1nilo p\u0159ed nep\u0159\u00edjemn\u00fdmi p\u0159ekvapen\u00edmi.<\/p>\n<hr \/>\n\n\t\t\t<div class=\"display-post-types\">\n\n\t\t\t\t\t\t\t<style type=\"text\/css\">\n\t\t\t#dpt-wrapper-809 { --dpt-text-align: left;--dpt-image-crop: center;--dpt-border-radius: 5px;--dpt-h-gutter: 10px;--dpt-v-gutter: 9px; }\t\t\t<\/style>\n\t\t\t<style type=\"text\/css\">#dpt-wrapper-809 { --dpt-title-font-style:normal;--dpt-title-font-weight:600;--dpt-title-line-height:1.5;--dpt-title-text-decoration:none;--dpt-title-text-transform:none;--dpt-excerpt-font-style:normal;--dpt-excerpt-font-weight:400;--dpt-excerpt-line-height:1.5;--dpt-excerpt-text-decoration:none;--dpt-excerpt-text-transform:none;--dpt-meta1-font-style:normal;--dpt-meta1-font-weight:400;--dpt-meta1-line-height:1.9;--dpt-meta1-text-decoration:none;--dpt-meta1-text-transform:none;--dpt-meta2-font-style:normal;--dpt-meta2-font-weight:400;--dpt-meta2-line-height:1.9;--dpt-meta2-text-decoration:none;--dpt-meta2-text-transform:none; }<\/style><div class=\"dpt-main-header\">\n\t\t\t\t\t\t<div class=\"dpt-main-title\">\n\t\t\t\t\t\t\t<span class=\"dpt-main-title-text\">Soci\u00e1ln\u00ed ot\u00e1zky sou\u010dasnosti<\/span>\n\t\t\t\t\t\t<\/div>\n\t\t\t\t\t\t\n\t\t\t\t\t\t\n\t\t\t\t\t\t\n\t\t\t\t\t\t<\/div>\t\t\t\n\t\t\t\t<div id=\"dpt-wrapper-809\" class=\"dpt-wrapper dpt-mag1 land1 dpt-cropped dpt-flex-wrap\" >\n\n\t\t\t\t\t\t\t\t\t\t\t<div class=\"dpt-entry has-thumbnail\" data-title=\"die neuen eu-zensurgesetze: was chatcontrol, dsa, emfa und der ai act bedeuten\" data-id=\"3586\"  data-category=\"allgemein gesellschaft ki-systeme\" data-post_tag=\"datenschutz digitales eigentum eu-gesetze europa k\u00fcnstliche intelligenz llm meinungsfreiheit spieltheorie sprachmodell\">\n\t\t\t\t\t\t\t<div class=\"dpt-entry-wrapper\"><div class=\"dpt-featured-content\"><div class=\"dpt-permalink\"><a href=\"https:\/\/www.markus-schall.de\/cs\/2025\/11\/nove-zakony-eu-o-cenzure-co-znamena-chatcontrol-dsa-emfa-a-zakon-o-ai\/\" class=\"dpt-permalink\"><span class=\"screen-reader-text\">Nov\u00e9 z\u00e1kony EU o cenzu\u0159e: Co znamenaj\u00ed z\u00e1kony Chatcontrol, DSA, EMFA a AI Act?<\/span><\/a><\/div><div class=\"dpt-thumbnail\"><div class=\"dpt-thumbnail-inner\"><img width=\"1024\" height=\"683\" class=\"attachment-full size-full\" alt=\"Cenzurn\u00ed z\u00e1kony EU\" context=\"dpt\" data-dpt-src=\"https:\/\/www.markus-schall.de\/wp-content\/uploads\/eu-zensurgesetze.jpg\" data-dpt-sizes=\"(max-width: 1024px) 100vw, 1024px\" data-dpt-srcset=\"https:\/\/www.markus-schall.de\/wp-content\/uploads\/eu-zensurgesetze.jpg 1024w, https:\/\/www.markus-schall.de\/wp-content\/uploads\/eu-zensurgesetze-300x200.jpg 300w, https:\/\/www.markus-schall.de\/wp-content\/uploads\/eu-zensurgesetze-768x512.jpg 768w, https:\/\/www.markus-schall.de\/wp-content\/uploads\/eu-zensurgesetze-18x12.jpg 18w\" \/><\/div><span class=\"dpt-thumbnail-aspect-ratio\" style=\"padding-top: 75%\"><\/span><\/div><\/div><div class=\"sub-entry\"><h3 class=\"dpt-title\"><a class=\"dpt-title-link\" href=\"https:\/\/www.markus-schall.de\/cs\/2025\/11\/nove-zakony-eu-o-cenzure-co-znamena-chatcontrol-dsa-emfa-a-zakon-o-ai\/\" rel=\"bookmark\">Nov\u00e9 z\u00e1kony EU o cenzu\u0159e: Co znamenaj\u00ed z\u00e1kony Chatcontrol, DSA, EMFA a AI Act?<\/a><\/h3><\/div><\/div>\n\t\t\t\t\t\t<\/div><!-- .dpt-entry -->\n\t\t\t\t\t\t\t\t\t\t\t\t<div class=\"dpt-entry has-thumbnail\" data-title=\"regelbasierte weltordnung und v\u00f6lkerrecht: zwischen anspruch, realit\u00e4t und rechtsbruch\" data-id=\"4275\"  data-category=\"allgemein gesellschaft\" data-post_tag=\"denkmodelle eu-gesetze europa geopolitik krisen sicherheitspolitik\">\n\t\t\t\t\t\t\t<div class=\"dpt-entry-wrapper\"><div class=\"dpt-featured-content\"><div class=\"dpt-permalink\"><a href=\"https:\/\/www.markus-schall.de\/cs\/2026\/01\/svetovy-rad-zalozeny-na-pravidlech-a-mezinarodni-pravo-mezi-realitou-a-porusovanim-prava\/\" class=\"dpt-permalink\"><span class=\"screen-reader-text\">Sv\u011btov\u00fd \u0159\u00e1d zalo\u017een\u00fd na pravidlech a mezin\u00e1rodn\u00ed pr\u00e1vo: mezi tvrzen\u00edm, skute\u010dnost\u00ed a poru\u0161en\u00edm pr\u00e1va<\/span><\/a><\/div><div class=\"dpt-thumbnail\"><div class=\"dpt-thumbnail-inner\"><img width=\"1024\" height=\"683\" class=\"attachment-full size-full\" alt=\"Mezin\u00e1rodn\u00ed pr\u00e1vo a sv\u011btov\u00fd \u0159\u00e1d zalo\u017een\u00fd na pravidlech\" context=\"dpt\" data-dpt-src=\"https:\/\/www.markus-schall.de\/wp-content\/uploads\/voelkerrecht-weltordnung-titel.jpg\" data-dpt-sizes=\"(max-width: 1024px) 100vw, 1024px\" data-dpt-srcset=\"https:\/\/www.markus-schall.de\/wp-content\/uploads\/voelkerrecht-weltordnung-titel.jpg 1024w, https:\/\/www.markus-schall.de\/wp-content\/uploads\/voelkerrecht-weltordnung-titel-300x200.jpg 300w, https:\/\/www.markus-schall.de\/wp-content\/uploads\/voelkerrecht-weltordnung-titel-768x512.jpg 768w, https:\/\/www.markus-schall.de\/wp-content\/uploads\/voelkerrecht-weltordnung-titel-18x12.jpg 18w\" \/><\/div><span class=\"dpt-thumbnail-aspect-ratio\" style=\"padding-top: 75%\"><\/span><\/div><\/div><div class=\"sub-entry\"><h3 class=\"dpt-title\"><a class=\"dpt-title-link\" href=\"https:\/\/www.markus-schall.de\/cs\/2026\/01\/svetovy-rad-zalozeny-na-pravidlech-a-mezinarodni-pravo-mezi-realitou-a-porusovanim-prava\/\" rel=\"bookmark\">Sv\u011btov\u00fd \u0159\u00e1d zalo\u017een\u00fd na pravidlech a mezin\u00e1rodn\u00ed pr\u00e1vo: mezi tvrzen\u00edm, skute\u010dnost\u00ed a poru\u0161en\u00edm pr\u00e1va<\/a><\/h3><\/div><\/div>\n\t\t\t\t\t\t<\/div><!-- .dpt-entry -->\n\t\t\t\t\t\t\t\t\t\t\t\t<div class=\"dpt-entry has-thumbnail\" data-title=\"zahngesundheit und cmd \u2013 mehr als ein bisschen. was bringt die zukunft?\" data-id=\"2736\"  data-category=\"b\u00fccher gesellschaft gesundheit\" data-post_tag=\"cmd gesundheit ratgeber\">\n\t\t\t\t\t\t\t<div class=\"dpt-entry-wrapper\"><div class=\"dpt-featured-content\"><div class=\"dpt-permalink\"><a href=\"https:\/\/www.markus-schall.de\/cs\/2025\/08\/zubni-zdravi-a-cmd-vice-nez-jen-trochu-o-tom-co-prinese-budoucnost\/\" class=\"dpt-permalink\"><span class=\"screen-reader-text\">Zdrav\u00ed zub\u016f a CMD - v\u00edce ne\u017e jen trochu. Co n\u00e1s \u010dek\u00e1 v budoucnosti?<\/span><\/a><\/div><div class=\"dpt-thumbnail\"><div class=\"dpt-thumbnail-inner\"><img width=\"1920\" height=\"1280\" class=\"attachment-full size-full\" alt=\"CMD, zubn\u00ed zdrav\u00ed a technologie budoucnosti\" context=\"dpt\" data-dpt-src=\"https:\/\/www.markus-schall.de\/wp-content\/uploads\/cmd-zahngesundheit-zukunft-.jpg\" data-dpt-sizes=\"(max-width: 1920px) 100vw, 1920px\" data-dpt-srcset=\"https:\/\/www.markus-schall.de\/wp-content\/uploads\/cmd-zahngesundheit-zukunft-.jpg 1920w, https:\/\/www.markus-schall.de\/wp-content\/uploads\/cmd-zahngesundheit-zukunft--300x200.jpg 300w, https:\/\/www.markus-schall.de\/wp-content\/uploads\/cmd-zahngesundheit-zukunft--1024x683.jpg 1024w, https:\/\/www.markus-schall.de\/wp-content\/uploads\/cmd-zahngesundheit-zukunft--768x512.jpg 768w, https:\/\/www.markus-schall.de\/wp-content\/uploads\/cmd-zahngesundheit-zukunft--1536x1024.jpg 1536w, https:\/\/www.markus-schall.de\/wp-content\/uploads\/cmd-zahngesundheit-zukunft--18x12.jpg 18w\" \/><\/div><span class=\"dpt-thumbnail-aspect-ratio\" style=\"padding-top: 75%\"><\/span><\/div><\/div><div class=\"sub-entry\"><h3 class=\"dpt-title\"><a class=\"dpt-title-link\" href=\"https:\/\/www.markus-schall.de\/cs\/2025\/08\/zubni-zdravi-a-cmd-vice-nez-jen-trochu-o-tom-co-prinese-budoucnost\/\" rel=\"bookmark\">Zdrav\u00ed zub\u016f a CMD - v\u00edce ne\u017e jen trochu. Co n\u00e1s \u010dek\u00e1 v budoucnosti?<\/a><\/h3><\/div><\/div>\n\t\t\t\t\t\t<\/div><!-- .dpt-entry -->\n\t\t\t\t\t\t\t\t\t\t\t\t<div class=\"dpt-entry has-thumbnail\" data-title=\"dieter hallervorden \u2013 mehr als didi: portr\u00e4t eines unbequemen freigeists\" data-id=\"4347\"  data-category=\"gesellschaft kunst &amp; kultur stories &amp; humor\" data-post_tag=\"erfahrungen meinungsfreiheit musik portrait\">\n\t\t\t\t\t\t\t<div class=\"dpt-entry-wrapper\"><div class=\"dpt-featured-content\"><div class=\"dpt-permalink\"><a href=\"https:\/\/www.markus-schall.de\/cs\/2026\/01\/dieter-hallervorden-vice-nez-didi-portret-nepohodlneho-svobodneho-ducha\/\" class=\"dpt-permalink\"><span class=\"screen-reader-text\">Dieter Hallervorden - V\u00edce ne\u017e Didi: Portr\u00e9t nepohodln\u00e9ho svobodn\u00e9ho ducha<\/span><\/a><\/div><div class=\"dpt-thumbnail\"><div class=\"dpt-thumbnail-inner\"><img width=\"1024\" height=\"683\" class=\"attachment-full size-full\" alt=\"Dieter Hallervorden a W\u00fchlm\u00e4use v Berl\u00edn\u011b\" context=\"dpt\" data-dpt-src=\"https:\/\/www.markus-schall.de\/wp-content\/uploads\/Dieter-Hallvervorden-Wuehlmaeuse.jpg\" data-dpt-sizes=\"(max-width: 1024px) 100vw, 1024px\" data-dpt-srcset=\"https:\/\/www.markus-schall.de\/wp-content\/uploads\/Dieter-Hallvervorden-Wuehlmaeuse.jpg 1024w, https:\/\/www.markus-schall.de\/wp-content\/uploads\/Dieter-Hallvervorden-Wuehlmaeuse-300x200.jpg 300w, https:\/\/www.markus-schall.de\/wp-content\/uploads\/Dieter-Hallvervorden-Wuehlmaeuse-768x512.jpg 768w, https:\/\/www.markus-schall.de\/wp-content\/uploads\/Dieter-Hallvervorden-Wuehlmaeuse-18x12.jpg 18w\" \/><\/div><span class=\"dpt-thumbnail-aspect-ratio\" style=\"padding-top: 75%\"><\/span><\/div><\/div><div class=\"sub-entry\"><h3 class=\"dpt-title\"><a class=\"dpt-title-link\" href=\"https:\/\/www.markus-schall.de\/cs\/2026\/01\/dieter-hallervorden-vice-nez-didi-portret-nepohodlneho-svobodneho-ducha\/\" rel=\"bookmark\">Dieter Hallervorden - V\u00edce ne\u017e Didi: Portr\u00e9t nepohodln\u00e9ho svobodn\u00e9ho ducha<\/a><\/h3><\/div><\/div>\n\t\t\t\t\t\t<\/div><!-- .dpt-entry -->\n\t\t\t\t\t\t\n\t\t\t\t<\/div>\n\t\t\t\t\t\t<\/div>\n\t\t\t\n<hr \/>\n<h2>Pro\u010d tento krok mnoh\u00e9 p\u0159ekvapuje<\/h2>\n<p>Spole\u010dnost Affinity byla dlouh\u00e1 l\u00e9ta protikladem spole\u010dnosti <a href=\"https:\/\/www.adobe.com\/de\/\" target=\"_blank\" rel=\"noopener\">Adobe<\/a>. Zat\u00edmco spole\u010dnost Adobe nad\u00e1le roz\u0161i\u0159ovala sv\u016fj model p\u0159edplatn\u00e9ho, Serif z\u016fstal u jednor\u00e1zov\u00fdch n\u00e1kup\u016f: koupit, vlastnit, pou\u017e\u00edvat - bez m\u011bs\u00ed\u010dn\u00edch poplatk\u016f. Pro mnoho kreativc\u016f, v\u010detn\u011b m\u011b, to byl jeden z hlavn\u00edch d\u016fvod\u016f, pro\u010d p\u0159ej\u00edt na Affinity. V\u011bd\u011bli jste, na \u010dem jste. \u017d\u00e1dn\u00e9 experimenty, \u017e\u00e1dn\u00e9 skryt\u00e9 pasti, \u017e\u00e1dn\u00fd z\u00e1vazek k ekosyst\u00e9mu, kter\u00fd mo\u017en\u00e1 ani nechcete. N\u00e1stroj, za kter\u00fd jednou zaplat\u00edte a pak u\u017e jen funguje. Tato spolehlivost se dnes zd\u00e1 b\u00fdt t\u00e9m\u011b\u0159 starom\u00f3dn\u00ed - ale mnoh\u00fdm z n\u00e1s z\u016fstala po cel\u00e1 l\u00e9ta.<\/p>\n<p>O to p\u0159ekvapiv\u011bj\u0161\u00ed je nov\u00fd sm\u011br, kter\u00fdm se Canva vydala: <a href=\"https:\/\/www.affinity.studio\/de_de\" target=\"_blank\" rel=\"noopener\"><strong>Affinity se st\u00e1v\u00e1 zdarma<\/strong><\/a>, P\u0159edchoz\u00ed struktura produkt\u016f byla zru\u0161ena a m\u00edsto n\u00ed byl zaveden model freemium. To samo o sob\u011b nen\u00ed \u0161patn\u011b, ale vyvol\u00e1v\u00e1 to obavy. Kdy\u017e se software, kter\u00fd se v\u017edy py\u0161nil t\u00edm, \u017ee se nespol\u00e9h\u00e1 na p\u0159edplatn\u00e9, najednou stane sou\u010d\u00e1st\u00ed ekosyst\u00e9mu glob\u00e1ln\u00ed platformy, nevyhnuteln\u011b vyvstanou ot\u00e1zky. Chcete pochopit, co tento krok znamen\u00e1 z dlouhodob\u00e9ho hlediska - pro software, pro u\u017eivatele a pro pracovn\u00ed postupy, kter\u00e9 jste si za l\u00e9ta vybudovali.<\/p>\n<p>Pro m\u011b osobn\u011b je tato zm\u011bna bodem, kdy se na ni v\u011bdom\u011b pod\u00edv\u00e1m bl\u00ed\u017ee. Affinity Publisher pou\u017e\u00edv\u00e1m pro sv\u00e9 knihy ka\u017ed\u00fd den a u\u017e l\u00e9ta ho doporu\u010duji sv\u00fdm \u010dten\u00e1\u0159\u016fm a koleg\u016fm autor\u016fm. V souladu s t\u00edm chci pochopit, zda tato zm\u011bna kurzu skute\u010dn\u011b p\u0159in\u00e1\u0161\u00ed to, co slibuje. N\u011bkdy se za velk\u00fdmi sliby skr\u00fdv\u00e1 sp\u00ed\u0161e marketing ne\u017e tradice. A pr\u00e1v\u011b proto stoj\u00ed za to v\u011bnovat dal\u0161\u00edm kapitol\u00e1m tohoto \u010dl\u00e1nku pozornost, kterou si zaslou\u017e\u00ed.<\/p>\n<div style=\"width: 1200px;\" class=\"wp-video\"><!--[if lt IE 9]><script>document.createElement('video');<\/script><![endif]-->\n<video class=\"wp-video-shortcode\" id=\"video-4347-1\" width=\"1200\" height=\"675\" preload=\"metadata\" controls=\"controls\"><source type=\"video\/mp4\" src=\"https:\/\/www.markus-schall.de\/wp-content\/uploads\/AFFI25003_Affinity_LOLP_Layout_Desktop_H264.mp4?_=1\" \/><a href=\"https:\/\/www.markus-schall.de\/wp-content\/uploads\/AFFI25003_Affinity_LOLP_Layout_Desktop_H264.mp4\">https:\/\/www.markus-schall.de\/wp-content\/uploads\/AFFI25003_Affinity_LOLP_Layout_Desktop_H264.mp4<\/a><\/video><\/div>\n<p>&nbsp;<\/p>\n<h2>Co vlastn\u011b bezplatn\u00e1 verze Affinity nab\u00edz\u00ed<\/h2>\n<p>Nov\u00fd sm\u011br \u201eAffinity by Canva\u201c nevyhnuteln\u011b vyvol\u00e1v\u00e1 ot\u00e1zku, co tento software skute\u010dn\u011b dok\u00e1\u017ee ve voln\u00e9m re\u017eimu - a kde jsou jeho limity. Na prvn\u00ed pohled se model zd\u00e1 velkorys\u00fd: z\u00edsk\u00e1te plnohodnotnou aplikaci, kter\u00e1 pod jednou st\u0159echou kombinuje vektorovou grafiku, rozvr\u017een\u00ed a \u00fapravu obr\u00e1zk\u016f. Mnoho klasick\u00fdch funkc\u00ed star\u00e9 sady Affinity je st\u00e1le obsa\u017eeno. Pat\u0159\u00ed mezi n\u011b p\u0159esn\u00e1 spr\u00e1va typografie, profesion\u00e1ln\u00ed export do PDF, podpora CMYK, funkce vrstev a masek a tak\u00e9 zn\u00e1m\u00e1 p\u0159ehlednost ovl\u00e1d\u00e1n\u00ed. Pro za\u010d\u00e1te\u010dn\u00edky, hobby grafiky a mnoh\u00e9 freelancery to m\u016f\u017ee b\u00fdt zcela dosta\u010duj\u00edc\u00ed.<\/p>\n<p>Jak u\u017e to ale b\u00fdv\u00e1, pravda se skr\u00fdv\u00e1 v detailech. N\u011bkter\u00e9 roz\u0161\u00ed\u0159en\u00e9 funkce - zejm\u00e9na n\u00e1stroje um\u011bl\u00e9 inteligence, automatizace, speci\u00e1ln\u00ed varianty exportu nebo hlubok\u00e1 integrace s online slu\u017ebami - jsou nyn\u00ed vyhrazeny pro pr\u00e9miovou oblast. Canva tak s\u00e1z\u00ed na princip freemium, kter\u00fd je zku\u0161en\u00fdm u\u017eivatel\u016fm d\u016fv\u011brn\u011b zn\u00e1m\u00fd: z\u00e1klady z\u016fst\u00e1vaj\u00ed otev\u0159en\u00e9, speci\u00e1ln\u00ed funkce jsou zpoplatn\u011bn\u00e9. Na tom nen\u00ed nic z\u00e1sadn\u011b \u0161patn\u00e9ho, pokud z\u00e1klad z\u016fstane stabiln\u00ed a profesion\u00e1ln\u00ed z\u00e1kladn\u00ed funkce nebudou postupn\u011b zten\u010dov\u00e1ny nebo p\u0159esouv\u00e1ny za placenou ze\u010f.<\/p>\n<p>P\u0159i sazb\u011b knih hraje stabilita v\u011bt\u0161\u00ed roli ne\u017e p\u0159i mnoha jin\u00fdch tv\u016fr\u010d\u00edch \u010dinnostech. Ka\u017ed\u00fd, kdo klade 300str\u00e1nkovou knihu literatury faktu nebo rom\u00e1n, se mus\u00ed spolehnout na to, \u017ee spr\u00e1va barev, export do PDF\/X a typografick\u00e9 dolad\u011bn\u00ed budou fungovat p\u0159esn\u011b podle jeho po\u017eadavk\u016f. Tyto oblasti jsou tradi\u010dn\u011b silnou str\u00e1nkou Affinity. A pr\u00e1v\u011b proto se dlouholet\u00fdm u\u017eivatel\u016fm vyplat\u00ed pod\u00edvat se na novou verzi zbl\u00edzka. Zdarma je hezk\u00e9 slovo - ale pro profesion\u00e1ln\u00ed v\u00fdrobn\u00ed procesy je nejd\u016fle\u017eit\u011bj\u0161\u00ed spolehlivost.<\/p>\n<p><img loading=\"lazy\" decoding=\"async\" class=\"alignnone size-full wp-image-3684\" src=\"https:\/\/www.markus-schall.de\/wp-content\/uploads\/affinity-canva-kostenlos.jpg\" alt=\"Affinity by Canva zdarma\" width=\"1200\" height=\"649\" srcset=\"https:\/\/www.markus-schall.de\/wp-content\/uploads\/affinity-canva-kostenlos.jpg 1200w, https:\/\/www.markus-schall.de\/wp-content\/uploads\/affinity-canva-kostenlos-300x162.jpg 300w, https:\/\/www.markus-schall.de\/wp-content\/uploads\/affinity-canva-kostenlos-1024x554.jpg 1024w, https:\/\/www.markus-schall.de\/wp-content\/uploads\/affinity-canva-kostenlos-768x415.jpg 768w, https:\/\/www.markus-schall.de\/wp-content\/uploads\/affinity-canva-kostenlos-18x10.jpg 18w\" sizes=\"auto, (max-width: 1200px) 100vw, 1200px\" \/><\/p>\n<div style=\"overflow-x: auto;\">\n<table>\n<thead>\n<tr style=\"background: #f2f2f2;\">\n<th>Rozsah<\/th>\n<th>Affinity Suite (Serif, verze pro n\u00e1kup)<\/th>\n<th>Affinity by Canva (nov\u00fd model)<\/th>\n<\/tr>\n<\/thead>\n<tbody>\n<tr>\n<td><strong>Licen\u010dn\u00ed model<\/strong><\/td>\n<td>Jednor\u00e1zov\u00fd n\u00e1kup (trval\u00e1 licence), \u017e\u00e1dn\u00e9 pr\u016fb\u011b\u017en\u00e9 poplatky, klasick\u00e9 verzov\u00e1n\u00ed (V1, V2 ...)<\/td>\n<td>\u201eNav\u017edy zdarma\u201c pro z\u00e1kladn\u00ed funkce, model freemium s voliteln\u00fdmi zpoplatn\u011bn\u00fdmi roz\u0161\u00ed\u0159en\u00edmi<\/td>\n<\/tr>\n<tr>\n<td><strong>Struktura program\u016f<\/strong><\/td>\n<td>T\u0159i samostatn\u00e9 aplikace: Affinity Designer, Affinity Photo, Affinity Publisher.<\/td>\n<td>Integrovan\u00e1 aplikace, kter\u00e1 kombinuje vektorovou grafiku, \u00fapravu obr\u00e1zk\u016f a rozvr\u017een\u00ed.<\/td>\n<\/tr>\n<tr>\n<td><strong>Stanoven\u00ed cen<\/strong><\/td>\n<td>Jednor\u00e1zov\u00fd n\u00e1kup za aplikaci nebo sadu, ob\u010dasn\u00e9 slevov\u00e9 akce, ale \u017e\u00e1dn\u00e1 pln\u00e1 verze zdarma.<\/td>\n<td>Z\u00e1kladn\u00ed verze zdarma, dal\u0161\u00ed funkce (nap\u0159. um\u011bl\u00e1 inteligence, roz\u0161\u00ed\u0159en\u00e9 funkce, integrace s cloudem) jako pr\u00e9miov\u00e1 mo\u017enost.<\/td>\n<\/tr>\n<tr>\n<td><strong>Aktualizace a dal\u0161\u00ed v\u00fdvoj<\/strong><\/td>\n<td>Aktualizace v r\u00e1mci zakoupen\u00e9 hlavn\u00ed verze, v\u011bt\u0161\u00ed skoky (nap\u0159. V1 \u2192 V2) zpoplatn\u011bn\u00e9<\/td>\n<td>Dal\u0161\u00ed v\u00fdvoj v r\u00e1mci ekosyst\u00e9mu Canva, pravd\u011bpodobn\u011b se zam\u011b\u0159en\u00edm na \u0161ir\u0161\u00ed c\u00edlovou skupinu.<\/td>\n<\/tr>\n<tr>\n<td><strong>C\u00edlov\u00e1 skupina<\/strong><\/td>\n<td>Profesion\u00e1ln\u00ed design\u00e9\u0159i, fotografov\u00e9, vydavatel\u00e9 a ambici\u00f3zn\u00ed hobby u\u017eivatel\u00e9 se zam\u011b\u0159en\u00edm na klasick\u00e9 pracovn\u00ed postupy na po\u010d\u00edta\u010di.<\/td>\n<td>\u0160ir\u0161\u00ed skupina u\u017eivatel\u016f Canvy, za\u010d\u00e1te\u010dn\u00edci, samopublikuj\u00edc\u00ed - a st\u00e1vaj\u00edc\u00ed profesion\u00e1ln\u00ed u\u017eivatel\u00e9, kte\u0159\u00ed si osvoj\u00ed nov\u00e9 funkce.<\/td>\n<\/tr>\n<tr>\n<td><strong>Funkce cloudu a um\u011bl\u00e9 inteligence<\/strong><\/td>\n<td>V\u00edce lok\u00e1ln\u011b orientovan\u00e9, bez hlub\u0161\u00edho propojen\u00ed s velk\u00fdm online ekosyst\u00e9mem, UI sp\u00ed\u0161e omezen\u00e1 nebo v\u016fbec ne centralizovan\u00e1.<\/td>\n<td>V\u00fdznamn\u00e9 roz\u0161\u00ed\u0159en\u00ed n\u00e1stroj\u016f um\u011bl\u00e9 inteligence a online funkc\u00ed, n\u011bkter\u00e9 s pr\u00e9miov\u00fdm charakterem a u\u017e\u0161\u00ed integrace se slu\u017ebou Canva.<\/td>\n<\/tr>\n<tr>\n<td><strong>Pou\u017eit\u00ed offline<\/strong><\/td>\n<td>Mo\u017enost \u00fapln\u00e9ho offline pou\u017eit\u00ed, klasick\u00fd desktopov\u00fd software bez nutnosti p\u0159ipojen\u00ed ke cloudu<\/td>\n<td>Z\u00e1kladn\u00ed funkce lze st\u00e1le pou\u017e\u00edvat lok\u00e1ln\u011b, ale o\u010dek\u00e1v\u00e1 se, \u017ee online funkce a integrace s cloudem budou st\u00e1le d\u016fle\u017eit\u011bj\u0161\u00ed.<\/td>\n<\/tr>\n<tr>\n<td><strong>V\u00fdroba knih (tisk)<\/strong><\/td>\n<td>Osv\u011bd\u010den\u00e9 pracovn\u00ed postupy pro PDF\/X, CMYK, typografick\u00e9 dolad\u011bn\u00ed, stabiln\u00ed pou\u017eit\u00ed v klasick\u00e9 sazb\u011b knih<\/td>\n<td>V z\u00e1sad\u011b srovnateln\u00e9 funkce, ale v r\u00e1mci nov\u00e9ho pl\u00e1nu - dlouhodob\u00e1 priorita profesion\u00e1ln\u00ed sazby se teprve uk\u00e1\u017ee.<\/td>\n<\/tr>\n<tr>\n<td><strong>E-kniha \/ EPUB-Export<\/strong><\/td>\n<td>Export do EPUB je sp\u00ed\u0161e z\u00e1kladn\u00ed nebo m\u00e1 prostor pro zlep\u0161en\u00ed, \u010dasto jsou nutn\u00e9 dal\u0161\u00ed pracovn\u00ed postupy.<\/td>\n<td>Potenci\u00e1l pro zlep\u0161en\u00ed d\u00edky nov\u00e9mu zam\u011b\u0159en\u00ed v\u00fdvoje, ale v sou\u010dasn\u00e9 dob\u011b nelze p\u0159edpokl\u00e1dat jasn\u00fd \u201erajsk\u00fd stav EPUB\u201c.<\/td>\n<\/tr>\n<tr>\n<td><strong>Integrace do jin\u00fdch syst\u00e9m\u016f<\/strong><\/td>\n<td>P\u0159ev\u00e1\u017en\u011b samostatn\u00e1 desktopov\u00e1 aplikace, integrace prost\u0159ednictv\u00edm standardn\u00edch form\u00e1t\u016f (PDF, PSD, SVG atd.)<\/td>\n<td>Siln\u011bj\u0161\u00ed propojen\u00ed s platformou Canva, zjednodu\u0161en\u00fd p\u0159echod mezi online designem a projektem Affinity.<\/td>\n<\/tr>\n<tr>\n<td><strong>Transparentnost a p\u0159edv\u00eddatelnost<\/strong><\/td>\n<td>Jasn\u00e1 verze n\u00e1kupu, relativn\u011b srozumiteln\u00fd cyklus aktualizac\u00ed, snadn\u00e9 pl\u00e1nov\u00e1n\u00ed dlouhodob\u00fdch pracovn\u00edch postup\u016f<\/td>\n<td>V\u011bt\u0161\u00ed dynamika d\u00edky strategii freemium a platform\u011b; ve st\u0159edn\u011bdob\u00e9m horizontu nen\u00ed jist\u00e9, kter\u00e9 funkce z\u016fstanou trvale bezplatn\u00e9.<\/td>\n<\/tr>\n<tr>\n<td><strong>Strategick\u00e1 orientace<\/strong><\/td>\n<td>Zam\u011b\u0159en\u00ed na nez\u00e1visl\u00fd profesion\u00e1ln\u00ed software jako alternativu ke spole\u010dnosti Adobe, siln\u011b zam\u011b\u0159en\u00fd na stoln\u00ed po\u010d\u00edta\u010de.<\/td>\n<td>Slad\u011bn\u00ed v r\u00e1mci glob\u00e1ln\u00edho ekosyst\u00e9mu designu se zam\u011b\u0159en\u00edm na dosah, r\u016fst a p\u0159\u00edjmy z freemium.<\/td>\n<\/tr>\n<\/tbody>\n<\/table>\n<\/div>\n<h2>V\u00fdznam pro profesion\u00e1ln\u00ed kni\u017en\u00ed produkci<\/h2>\n<p>Affinity Publisher pou\u017e\u00edv\u00e1m pro sv\u00e9 knihy ji\u017e mnoho let - a s velmi dobr\u00fdmi v\u00fdsledky. D\u00edky p\u0159ehledn\u00e9 struktu\u0159e, \u010dist\u00e9 typografii, spolehliv\u00e9mu exportu do PDF a mo\u017enosti pracovat na velk\u00fdch projektech bez znateln\u00fdch nedostatk\u016f je pro m\u011b Affinity spolehliv\u00fdm partnerem. Pr\u00e1v\u011b proto tento software ji\u017e dlouho doporu\u010duji, a to i ve sv\u00fdch vlastn\u00edch publikac\u00edch. Dokonce i sada \u0161ablon, kter\u00e1 je sou\u010d\u00e1st\u00ed m\u00e9 knihy \u201e<a href=\"https:\/\/schall-verlag.de\/buch-ki-autor.php\" target=\"_blank\" rel=\"noopener\"><strong>Psan\u00ed knih 2.0<\/strong><\/a>\u201c z\u00e1m\u011brn\u011b obsahuje \u0161ablony rozvr\u017een\u00ed pro Affinity Publisher. Ne proto, \u017ee by \u0161lo o m\u00f3dn\u00ed n\u00e1stroj, ale proto, \u017ee se l\u00e9ty osv\u011bd\u010dil.<\/p>\n<p>Proto se m\u011b osobn\u011b tato zm\u011bna t\u00fdk\u00e1 v\u00edce ne\u017e mnoha jin\u00fdch u\u017eivatel\u016f. Pravideln\u011b vytv\u00e1\u0159\u00edm knihy - literaturu faktu, osobn\u00ed rozvoj, odbornou literaturu, zdravotn\u00ed p\u0159\u00edru\u010dky - a pot\u0159ebuji n\u00e1stroje, kter\u00e9 nejen dob\u0159e vypadaj\u00ed, ale tak\u00e9 spolehliv\u011b funguj\u00ed. Kdy\u017e se n\u00e1stroj, kter\u00e9ho si l\u00e9ta cen\u00edte, najednou stane sou\u010d\u00e1st\u00ed modelu freemium a p\u0159ejde do jin\u00e9ho ekosyst\u00e9mu, nevyhnuteln\u011b si kladete ot\u00e1zky. Ne ze strachu, ale z odpov\u011bdnosti za vlastn\u00ed projekty. Zji\u0161\u0165ujete, zda f\u00e1ze p\u0159edtiskov\u00e9 p\u0159\u00edpravy z\u016fst\u00e1v\u00e1 stabiln\u00ed. Zkontrolujete, zda jsou spr\u00e1vn\u011b integrov\u00e1ny barevn\u00e9 profily. Kontrolujete, zda se m\u011bn\u00ed pracovn\u00ed postupy, kter\u00e9 d\u0159\u00edve b\u011b\u017eely jako hodinky.<\/p>\n<p>Pro nov\u00e9 autory m\u016f\u017ee b\u00fdt bezplatn\u00e1 verze velkou v\u00fdhodou, proto\u017ee mohou za\u010d\u00edt okam\u017eit\u011b a bez po\u010d\u00e1te\u010dn\u00edch n\u00e1klad\u016f. Na druhou stranu pro ty z n\u00e1s, kte\u0159\u00ed s n\u00ed pracuj\u00ed profesion\u00e1ln\u011b, je \u010das se na ni pod\u00edvat bl\u00ed\u017ee. Nespol\u00e9hejte se slep\u011b na sliby, ale v\u011bnujte \u010das ov\u011b\u0159en\u00ed, zda nov\u00e1 verze spl\u0148uje to, co ta star\u00e1 tolik let. Tak se to d\u011blalo d\u0159\u00edve a fungovalo to. A pr\u00e1v\u011b proto se tento st\u0159\u00edzliv\u00fd, tradice si v\u011bdom\u00fd p\u0159\u00edstup dnes vyplat\u00ed v\u00edce ne\u017e kdy jindy.<\/p>\n<hr \/>\n<h3>Aktu\u00e1ln\u00ed pr\u016fzkum pro zainteresovan\u00e9 autory<\/h3>\n<div class='bootstrap-yop yop-poll-mc'>\n\t\t\t\t\t\t\t<div class=\"basic-yop-poll-container\" style=\"background-color:#ffffff; border:0px; border-style:solid; border-color:#000000; border-radius:5px; padding:0px 5px;\" data-id=\"8\" data-temp=\"basic-pretty\" data-skin=\"square\" data-cscheme=\"blue\" data-cap=\"0\" data-access=\"guest\" data-tid=\"\" data-uid=\"c69a104415091419a579710eadcc1f16\" data-pid=\"4347\" data-resdet=\"votes-number,percentages\" data-show-results-to=\"guest\" data-show-results-moment=\"after-vote\" data-show-results-only=\"false\" data-show-message=\"true\" data-show-results-as=\"bar\" data-sort-results-by=\"as-defined\" data-sort-results-rule=\"asc\"data-is-ended=\"0\" data-percentages-decimals=\"2\" data-gdpr=\"no\" data-gdpr-sol=\"consent\" data-css=\".basic-yop-poll-container[data-uid] .basic-vote {\t\t\t\t\t\t\t\t\ttext-align: center;\t\t\t\t\t\t\t\t}\" data-counter=\"0\" data-load-with=\"1\" data-notification-section=\"top\"><div class=\"row\"><div class=\"col-md-12\"><div class=\"basic-inner\"><div class=\"basic-message hide\" style=\"border-left: 10px solid #008000; padding: 0px 10px;\" data-error=\"#ff0000\" data-success=\"#008000\"><p class=\"basic-message-text\" style=\"color:#000000; font-size:14px; font-weight:normal;\"><\/p><\/div><div class=\"basic-overlay hide\"><div class=\"basic-vote-options\"><\/div><div class=\"basic-preloader\"><div class=\"basic-windows8\"><div class=\"basic-wBall basic-wBall_1\"><div class=\"basic-wInnerBall\"><\/div><\/div><div class=\"basic-wBall basic-wBall_2\"><div class=\"basic-wInnerBall\"><\/div><\/div><div class=\"basic-wBall basic-wBall_3\"><div class=\"basic-wInnerBall\"><\/div><\/div><div class=\"basic-wBall basic-wBall_4\"><div class=\"basic-wInnerBall\"><\/div><\/div><div class=\"basic-wBall basic-wBall_5\"><div class=\"basic-wInnerBall\"><\/div><\/div><\/div><\/div><\/div><form class=\"basic-form\" action=\"\"><input type=\"hidden\" name=\"_token\" value=\"fab193448a\" autocomplete=\"off\"><div class=\"basic-elements\"><div class=\"basic-element basic-question basic-question-text-vertical\" data-id=\"8\" data-uid=\"0b16bc28e52356a6c98533a012b6c946\" data-type=\"question\" data-question-type=\"text\" data-required=\"yes\" data-allow-multiple=\"no\" data-min=\"1\" data-max=\"7\" data-display=\"vertical\" data-colnum=\"\" data-display-others=\"no\" data-others-color=\"\" data-others=\"\" data-others-max-chars=\"0\"><div class=\"basic-question-title\"><h5 style=\"color:#000000; font-size:16px; font-weight:normal; text-align:left;\">Co by pro v\u00e1s bylo hlavn\u00edm d\u016fvodem k naps\u00e1n\u00ed vlastn\u00ed knihy?<\/h5><\/div><ul class=\"basic-answers\"><li class=\"basic-answer\" style=\"padding:0px 0px;\" data-id=\"38\" data-type=\"text\" data-vn=\"5\" data-color=\"#000000\" data-make-link=\"no\" data-link=\"\"><div class=\"basic-answer-content basic-text-vertical\"><label for=\"answer[38]\" class=\"basic-answer-label\"><input type=\"radio\" id=\"answer[38]\" name=\"answer[8]\" value=\"38\"><span class=\"basic-text\" style=\"color: #000000; font-size: 14px; font-weight: normal;\">R\u00e1d bych p\u0159edal sv\u00e9 zku\u0161enosti<\/span><\/label><\/div><\/li><li class=\"basic-answer\" style=\"padding:0px 0px;\" data-id=\"39\" data-type=\"text\" data-vn=\"0\" data-color=\"#000000\" data-make-link=\"no\" data-link=\"\"><div class=\"basic-answer-content basic-text-vertical\"><label for=\"answer[39]\" class=\"basic-answer-label\"><input type=\"radio\" id=\"answer[39]\" name=\"answer[8]\" value=\"39\"><span class=\"basic-text\" style=\"color: #000000; font-size: 14px; font-weight: normal;\">Chci zdokumentovat sv\u00e9 odborn\u00e9 znalosti<\/span><\/label><\/div><\/li><li class=\"basic-answer\" style=\"padding:0px 0px;\" data-id=\"40\" data-type=\"text\" data-vn=\"6\" data-color=\"#000000\" data-make-link=\"no\" data-link=\"\"><div class=\"basic-answer-content basic-text-vertical\"><label for=\"answer[40]\" class=\"basic-answer-label\"><input type=\"radio\" id=\"answer[40]\" name=\"answer[8]\" value=\"40\"><span class=\"basic-text\" style=\"color: #000000; font-size: 14px; font-weight: normal;\">Hled\u00e1m tv\u016fr\u010d\u00ed rovnov\u00e1hu<\/span><\/label><\/div><\/li><li class=\"basic-answer\" style=\"padding:0px 0px;\" data-id=\"41\" data-type=\"text\" data-vn=\"2\" data-color=\"#000000\" data-make-link=\"no\" data-link=\"\"><div class=\"basic-answer-content basic-text-vertical\"><label for=\"answer[41]\" class=\"basic-answer-label\"><input type=\"radio\" id=\"answer[41]\" name=\"answer[8]\" value=\"41\"><span class=\"basic-text\" style=\"color: #000000; font-size: 14px; font-weight: normal;\">Douf\u00e1m, \u017ee si s n\u00edm vyd\u011bl\u00e1m<\/span><\/label><\/div><\/li><li class=\"basic-answer\" style=\"padding:0px 0px;\" data-id=\"42\" data-type=\"text\" data-vn=\"2\" data-color=\"#000000\" data-make-link=\"no\" data-link=\"\"><div class=\"basic-answer-content basic-text-vertical\"><label for=\"answer[42]\" class=\"basic-answer-label\"><input type=\"radio\" id=\"answer[42]\" name=\"answer[8]\" value=\"42\"><span class=\"basic-text\" style=\"color: #000000; font-size: 14px; font-weight: normal;\">U\u017e jsem napsal knihu<\/span><\/label><\/div><\/li><li class=\"basic-answer\" style=\"padding:0px 0px;\" data-id=\"44\" data-type=\"text\" data-vn=\"3\" data-color=\"#000000\" data-make-link=\"no\" data-link=\"\"><div class=\"basic-answer-content basic-text-vertical\"><label for=\"answer[44]\" class=\"basic-answer-label\"><input type=\"radio\" id=\"answer[44]\" name=\"answer[8]\" value=\"44\"><span class=\"basic-text\" style=\"color: #000000; font-size: 14px; font-weight: normal;\">Nem\u00e1m z\u00e1jem ps\u00e1t<\/span><\/label><\/div><\/li><\/ul><\/div><div class=\"clearfix\"><\/div><\/div><div class=\"basic-vote\"><a href=\"#\" class=\"button basic-vote-button\" role=\"button\" style=\"background:#027bb8; border:0px; border-style: solid; border-color:#000000; border-radius:5px; padding:10px 10px; color:#ffffff; font-size:14px; font-weight:normal;\">Hlasujte na<\/a><\/div><input type=\"hidden\" name=\"trp-form-language\" value=\"cs\"\/><\/form><\/div><\/div><\/div><\/div>\n\t\t\t\t\t\t<\/div>\n<hr \/>\n<h3>P\u0159\u00edle\u017eitosti: Kde nov\u00e1 verze Affinity skute\u010dn\u011b boduje<\/h3>\n<p>A\u010dkoli se m\u016f\u017eete zpo\u010d\u00e1tku mra\u010dit, kdy\u017e vid\u00edte velk\u00e9 zm\u011bny, stoj\u00ed za to st\u0159\u00edzliv\u011b si uv\u011bdomit jejich pozitivn\u00ed aspekty. Asi nejv\u011bt\u0161\u00ed v\u00fdhoda je z\u0159ejm\u00e1: Affinity je mnohem p\u0159\u00edstupn\u011bj\u0161\u00ed pro za\u010d\u00e1te\u010dn\u00edky a za\u010d\u00ednaj\u00edc\u00ed autory. Ka\u017ed\u00fd, koho d\u0159\u00edve odrazovala cena nebo dlouho odkl\u00e1dal jeho koupi, m\u016f\u017ee nyn\u00ed za\u010d\u00edt hned. Historicky je tato ni\u017e\u0161\u00ed vstupn\u00ed bari\u00e9ra \u010dasto momentem, kdy si nov\u00ed tv\u016frci najdou cestu k profesion\u00e1ln\u00edm n\u00e1stroj\u016fm jako prvn\u00ed.<\/p>\n<p>Existuje tak\u00e9 hmatateln\u00e1 praktick\u00e1 v\u00fdhoda: kombinace aplikac\u00ed Designer, Photo a Publisher v jedn\u00e9 aplikaci vytv\u00e1\u0159\u00ed p\u0159\u00edjemn\u011b standardizovan\u00e9 pracovn\u00ed prost\u0159ed\u00ed. U\u017e nemus\u00edte p\u0159ep\u00ednat mezi t\u0159emi programy, sledovat t\u0159i samostatn\u00e9 aktualizace nebo si pamatovat r\u016fzn\u00e9 logiky ovl\u00e1d\u00e1n\u00ed. Pro mnoho pracovn\u00edch postup\u016f to jednodu\u0161e znamen\u00e1 m\u00e9n\u011b t\u0159en\u00ed a v\u011bt\u0161\u00ed p\u0159ehlednost - n\u011bco, co m\u011blo v kreativn\u00edch procesech v\u017edy cenu zlata.<\/p>\n<p>Nov\u00fd model m\u016f\u017ee tak\u00e9 otev\u0159\u00edt velk\u00e9 p\u0159\u00edle\u017eitosti pro samonakladatele. Mnoho hobby autor\u016f, kte\u0159\u00ed cht\u011bj\u00ed poprv\u00e9 vydat knihu, neusp\u011bje proto, \u017ee by neum\u011bli ps\u00e1t, ale proto, \u017ee nemaj\u00ed p\u0159\u00edstup k dobr\u00fdm n\u00e1stroj\u016fm pro sazbu. Kdy\u017e je takov\u00fd n\u00e1stroj najednou zdarma, vznik\u00e1 zcela nov\u00e1 dynamika: v\u00edce autor\u016f se odv\u00e1\u017e\u00ed pustit do vlastn\u00edch kni\u017en\u00edch projekt\u016f a ti, kte\u0159\u00ed cht\u011bj\u00ed, jim nyn\u00ed mohou Affinity velmi snadno doporu\u010dit, ani\u017e by se museli ohl\u00ed\u017eet na svou finan\u010dn\u00ed situaci. Zvl\u00e1\u0161t\u011b pokud - stejn\u011b jako j\u00e1 - poskytujete \u0161ablony a pracovn\u00ed postupy, bude tato hranice v budoucnu mnohem ni\u017e\u0161\u00ed.<\/p>\n<p>A v neposledn\u00ed \u0159ad\u011b z\u016fst\u00e1v\u00e1 Affinity v\u00e1\u017enou alternativou ke spole\u010dnosti Adobe. Odv\u011btv\u00ed pot\u0159ebuje alternativy a ka\u017ed\u00fd bezplatn\u00fd a kvalitn\u00ed n\u00e1stroj zaji\u0161\u0165uje, \u017ee se trh nep\u0159iklon\u00ed zcela na jednu stranu. Z tohoto pohledu m\u00e1 tento v\u00fdvoj jist\u011b potenci\u00e1l dlouhodob\u011b prosp\u011bt - i kdy\u017e se na n\u011bj pohl\u00ed\u017e\u00ed s nezbytnou m\u00edrou opatrnosti.<\/p>\n<h3>Rizika: Pro\u010d by se profesion\u00e1ln\u00ed u\u017eivatel\u00e9 m\u011bli pod\u00edvat bl\u00ed\u017ee<\/h3>\n<p>Ale jakkoli to zn\u00ed hezky, ka\u017ed\u00fd, kdo l\u00e9ta pracuje s profesion\u00e1ln\u00edmi n\u00e1stroji, v\u00ed, \u017ee ka\u017ed\u00e1 v\u011bt\u0161\u00ed zm\u011bna v sob\u011b skr\u00fdv\u00e1 tak\u00e9 rizika. Za\u010d\u00edn\u00e1 to ot\u00e1zkou, nakolik je nov\u00fd model udr\u017eiteln\u00fd. \u201eNav\u017edy zdarma\u201c zn\u00ed l\u00e1kav\u011b, ale podobn\u00e9 sliby jsme ve sv\u011bt\u011b softwaru sl\u00fdchali \u010dasto. Rozhoduj\u00edc\u00ed je, kter\u00e9 funkce z\u016fstanou dlouhodob\u011b zdarma - a kter\u00e9 mohou postupn\u011b sklouznout do pr\u00e9miov\u00e9ho sektoru. Zejm\u00e9na pokud jde o profesion\u00e1ln\u00ed funkce, jako je p\u0159edtiskov\u00e1 p\u0159\u00edprava, spr\u00e1va barev nebo speci\u00e1ln\u00ed export, m\u011bli byste z\u016fstat ostra\u017eit\u00ed.<\/p>\n<p>Druh\u00fd bod se t\u00fdk\u00e1 nov\u00e9ho strategick\u00e9ho sm\u011b\u0159ov\u00e1n\u00ed. Canva je obrovsk\u00fd ekosyst\u00e9m, optimalizovan\u00fd pro jednoduch\u00e9, masov\u011b roz\u0161\u00ed\u0159en\u00e9 designov\u00e9 procesy. Naproti tomu Affinity byla po mnoho let n\u00e1strojem pro ty, kte\u0159\u00ed cht\u011bli j\u00edt z\u00e1m\u011brn\u011b do hloubky - grafiky, fotografy, nakladatele, saze\u010de knih. Nyn\u00ed jsou oba n\u00e1stroje pod jednou st\u0159echou. To m\u016f\u017ee fungovat dob\u0159e, ale m\u016f\u017ee to tak\u00e9 znamenat, \u017ee Affinity bude dlouhodob\u011b t\u011bsn\u011bji propojeno s vesm\u00edrem Canva, ne\u017e by si \u010dlov\u011bk z profesion\u00e1ln\u00edho hlediska p\u0159\u00e1l. Ti, kdo pracuj\u00ed tradi\u010dn\u011b a cen\u00ed si \u00fapln\u00e9 m\u00edstn\u00ed kontroly, by zde m\u011bli z\u016fstat ostra\u017eit\u00ed.<\/p>\n<p>Svou roli hraje tak\u00e9 politika aktualizac\u00ed. Kdy\u017e se aplikace stane bezplatnou, obvykle se zm\u011bn\u00ed i tlak na rychl\u00e9 poskytov\u00e1n\u00ed nov\u00fdch funkc\u00ed - \u010dasto sp\u00ed\u0161e pro \u0161irokou ve\u0159ejnost ne\u017e pro profesion\u00e1ly. To m\u016f\u017ee v\u00e9st k tomu, \u017ee klasick\u00e9 publika\u010dn\u00ed funkce ji\u017e nemaj\u00ed takovou prioritu jako d\u0159\u00edve. A ka\u017ed\u00fd, kdo pravideln\u011b vytv\u00e1\u0159\u00ed knihy, v\u00ed, \u017ee jedin\u00e1 mal\u00e1 chyba ve v\u00fdstupn\u00edm modulu PDF\/X m\u016f\u017ee zni\u010dit stovky stran pr\u00e1ce.<\/p>\n<p>A kone\u010dn\u011b je tu ot\u00e1zka stability: budou do syst\u00e9mu zabudov\u00e1ny dal\u0161\u00ed funkce um\u011bl\u00e9 inteligence, kter\u00e9 jej zat\u00ed\u017e\u00ed? Posouv\u00e1 se rovnov\u00e1ha mezi profesionalitou a \u0161\u00ed\u0159\u00ed trhu? Z\u016fstane u\u017eivatelsk\u00e9 rozhran\u00ed konzistentn\u00ed, nebo se postupn\u011b posune sm\u011brem k online integraci?<\/p>\n<p>Nic z toho neznamen\u00e1, \u017ee mus\u00edme b\u00fdt pesimisti\u010dt\u00ed. Naopak: s \u010distou hlavou a zdravou d\u00e1vkou tradice m\u016f\u017eete tyto zm\u011bny dob\u0159e doprov\u00e1zet. Profesion\u00e1ln\u00ed u\u017eivatel\u00e9 v\u0161ak v\u011bd\u00ed sv\u00e9: D\u016fv\u011bru si nevybudujete p\u0159es noc. Kontrolujete, testujete, pracujete krok za krokem - p\u0159esn\u011b tak, jak jste to d\u011blali v\u017edycky. A z tohoto pohledu m\u00e1 smysl nov\u00fd p\u0159\u00edstup spole\u010dnosti Affinity bedliv\u011b sledovat.<\/p>\n<h2>Jak se vypo\u0159\u00e1d\u00e1v\u00e1m s nov\u00fdm zarovn\u00e1n\u00edm Affinity<\/h2>\n<p>Jako \u010dlov\u011bk, kter\u00fd pravideln\u011b vyd\u00e1v\u00e1 knihy a p\u0159ehledn\u011b strukturuje sv\u00e9 projekty, se na zm\u011bnu v Affinity d\u00edv\u00e1m dv\u011bma pohledy. Na jedn\u00e9 stran\u011b si uv\u011bdomuji potenci\u00e1l, kter\u00fd bezplatn\u00fd profesion\u00e1ln\u00ed program p\u0159in\u00e1\u0161\u00ed nov\u00fdm autor\u016fm. Mnoz\u00ed lid\u00e9, kte\u0159\u00ed t\u0159eba l\u00e9ta snili o tom, \u017ee vytvo\u0159\u00ed vlastn\u00ed knihu, nyn\u00ed ji\u017e nemaj\u00ed finan\u010dn\u00ed p\u0159ek\u00e1\u017eku - a to je nepochybn\u011b p\u0159\u00ednos. Je to u\u017eite\u010dn\u00e9 i pro m\u011b jako nakladatele, proto\u017ee to usnad\u0148uje pr\u00e1ci autor\u016fm, kte\u0159\u00ed si cht\u011bj\u00ed poprv\u00e9 sami zhruba rozvrhnout sv\u016fj rukopis nebo p\u0159ipravit grafiku.<\/p>\n<p>Na druhou stranu z\u016fst\u00e1v\u00e1m opatrn\u00fd, pokud jde o m\u00e9 vlastn\u00ed pracovn\u00ed postupy. Pracuji profesion\u00e1ln\u011b, nastavuji knihy nejen pro sebe, ale i pro sv\u00e9 nakladatelstv\u00ed - a jsem z\u00e1visl\u00fd na stabiln\u00edch, spolehliv\u00fdch exportn\u00edch procesech. Zejm\u00e9na pokud jde o PDF\/X, vykreslov\u00e1n\u00ed CMYK a typografickou p\u0159esnost, mus\u00ed n\u00e1stroj fungovat jako dob\u0159e namazan\u00fd hodinov\u00fd strojek po cel\u00e1 l\u00e9ta. Affinity to zat\u00edm zvl\u00e1d\u00e1 velmi spolehliv\u011b, a pr\u00e1v\u011b proto ho pou\u017e\u00edv\u00e1m u\u017e tolik let - od prvn\u00edho kreativn\u00edho n\u00e1vrhu a\u017e po fin\u00e1ln\u00ed tiskov\u00e9 PDF.<\/p>\n<p>Do budoucna bych si p\u0159\u00e1l p\u0159edev\u0161\u00edm jednu v\u011bc: opravdu kvalitn\u00ed a \u010dist\u00fd export do EPUB. To je oblast, ve kter\u00e9 m\u00e1 Affinity zat\u00edm nejv\u011bt\u0161\u00ed prostor pro zlep\u0161en\u00ed. Pokud Canva a nov\u00fd t\u00fdm Affinity vezmou tento bod v\u00e1\u017en\u011b a budou d\u016fsledn\u011b zav\u00e1d\u011bt vylep\u0161en\u00ed, pak by n\u00e1stroj pro tvorbu e-knih mohl dos\u00e1hnout dal\u0161\u00edch v\u00fdrazn\u00fdch \u00fasp\u011bch\u016f. Zejm\u00e9na modern\u00ed vydavatel\u00e9 pot\u0159ebuj\u00ed flexibiln\u00ed exportn\u00ed kan\u00e1ly - a ka\u017ed\u00fd, kdo vytv\u00e1\u0159\u00ed ti\u0161t\u011bn\u00e1 i digit\u00e1ln\u00ed vyd\u00e1n\u00ed, je z\u00e1visl\u00fd na spolehliv\u00e9m modulu EPUB. Podle m\u00e9ho n\u00e1zoru se pr\u00e1v\u011b zde skr\u00fdv\u00e1 nejv\u011bt\u0161\u00ed p\u0159\u00edle\u017eitost nov\u00e9 \u00e9ry affinity.<\/p>\n<p>Do t\u00e9 doby se budu i nad\u00e1le \u0159\u00eddit tradi\u010dn\u00edm p\u0159\u00edstupem: Budu pou\u017e\u00edvat svou st\u00e1vaj\u00edc\u00ed funk\u010dn\u00ed verzi, paraleln\u011b testovat novou verzi a nesp\u011bchat s pozorov\u00e1n\u00edm v\u00fdvoje softwaru. Postupn\u011b - tak, jak se to d\u011blalo d\u0159\u00edve a jak se to osv\u011bd\u010dilo v praxi.<\/p>\n<h2>\u201ePsan\u00ed knih 2.0\u201c - praktick\u00fd pr\u016fvodce pro autory ve v\u011bku um\u011bl\u00e9 inteligence<\/h2>\n<p><a href=\"https:\/\/schall-verlag.de\/buch-ki-autor.php\" target=\"_blank\" rel=\"noopener\"><img loading=\"lazy\" decoding=\"async\" class=\"alignright wp-image-2702\" src=\"https:\/\/www.markus-schall.de\/wp-content\/uploads\/Cover-Buecher-schreiben-front-722x1024.jpg\" alt=\"Ob\u00e1lka: Psan\u00ed knih 2.0 - praktick\u00fd pr\u016fvodce pro autory ve v\u011bku um\u011bl\u00e9 inteligence\" width=\"220\" height=\"312\" srcset=\"https:\/\/www.markus-schall.de\/wp-content\/uploads\/Cover-Buecher-schreiben-front-722x1024.jpg 722w, https:\/\/www.markus-schall.de\/wp-content\/uploads\/Cover-Buecher-schreiben-front-211x300.jpg 211w, https:\/\/www.markus-schall.de\/wp-content\/uploads\/Cover-Buecher-schreiben-front-768x1090.jpg 768w, https:\/\/www.markus-schall.de\/wp-content\/uploads\/Cover-Buecher-schreiben-front-1082x1536.jpg 1082w, https:\/\/www.markus-schall.de\/wp-content\/uploads\/Cover-Buecher-schreiben-front-1443x2048.jpg 1443w, https:\/\/www.markus-schall.de\/wp-content\/uploads\/Cover-Buecher-schreiben-front-8x12.jpg 8w, https:\/\/www.markus-schall.de\/wp-content\/uploads\/Cover-Buecher-schreiben-front.jpg 1604w\" sizes=\"auto, (max-width: 220px) 100vw, 220px\" \/><\/a>Ka\u017ed\u00fd, kdo snad poprv\u00e9 uva\u017euje o naps\u00e1n\u00ed knihy v d\u016fsledku nov\u00e9ho v\u00fdvoje kolem Affinity, najde v m\u00e9 vlastn\u00ed pr\u00e1ci n\u00e1sleduj\u00edc\u00ed informace. <em><strong>\"<a href=\"https:\/\/schall-verlag.de\/buch-ki-autor.php\" target=\"_blank\" rel=\"noopener\">Psan\u00ed knih 2.0 - praktick\u00fd pr\u016fvodce pro autory ve v\u011bku um\u011bl\u00e9 inteligence<\/a>\"<\/strong><\/em> srozumiteln\u00fd a praktick\u00fd \u00favod. Kniha ukazuje, jak jednoduch\u00fd a fascinuj\u00edc\u00ed je dnes tento proces. Kombinuje osv\u011bd\u010den\u00e9 techniky psan\u00ed s nejnov\u011bj\u0161\u00edmi mo\u017enostmi um\u011bl\u00e9 inteligence a provede v\u00e1s krok za krokem od prvotn\u00edho n\u00e1padu a\u017e po hotovou ob\u00e1lku knihy.<\/p>\n<p>Dozv\u00edte se, jak c\u00edlen\u011b vyu\u017e\u00edvat modern\u00ed DTP programy - samoz\u0159ejm\u011b v\u010detn\u011b Affinity Publisheru -, jak v\u00e1m n\u00e1stroje um\u011bl\u00e9 inteligence mohou pomoci s tvorbou z\u00e1pletky, re\u0161er\u0161\u00ed, strukturov\u00e1n\u00edm a dokonce i formulac\u00ed, a jak nakonec vydat profesion\u00e1ln\u00ed knihu. Hlavn\u00ed z\u00e1sada knihy zn\u00ed: psan\u00ed knih je\u0161t\u011b nikdy nebylo tak snadn\u00e9 a tak vzru\u0161uj\u00edc\u00ed. Pr\u00e1v\u011b to d\u011bl\u00e1 z praktick\u00e9 p\u0159\u00edru\u010dky cenn\u00e9ho spole\u010dn\u00edka - a\u0165 u\u017e pl\u00e1nujete svou prvn\u00ed knihu, nebo chcete optimalizovat sv\u00e9 st\u00e1vaj\u00edc\u00ed postupy.<\/p>\n<hr \/>\n\n\t\t\t<div class=\"display-post-types\">\n\n\t\t\t\t\t\t\t<style type=\"text\/css\">\n\t\t\t#dpt-wrapper-810 { --dpt-text-align: left;--dpt-image-crop: center;--dpt-border-radius: 5px;--dpt-small-grid-column: 33.33%;--dpt-large-grid-column: 33.3333333333%;--dpt-h-gutter: 10px;--dpt-v-gutter: 10px; }\t\t\t<\/style>\n\t\t\t<style type=\"text\/css\">#dpt-wrapper-810 { --dpt-title-font-style:normal;--dpt-title-font-weight:600;--dpt-title-line-height:1.5;--dpt-title-text-decoration:none;--dpt-title-text-transform:none;--dpt-excerpt-font-style:normal;--dpt-excerpt-font-weight:400;--dpt-excerpt-line-height:1.5;--dpt-excerpt-text-decoration:none;--dpt-excerpt-text-transform:none;--dpt-meta1-font-style:normal;--dpt-meta1-font-weight:400;--dpt-meta1-line-height:1.9;--dpt-meta1-text-decoration:none;--dpt-meta1-text-transform:none;--dpt-meta2-font-style:normal;--dpt-meta2-font-weight:400;--dpt-meta2-line-height:1.9;--dpt-meta2-text-decoration:none;--dpt-meta2-text-transform:none; }<\/style><div class=\"dpt-main-header\">\n\t\t\t\t\t\t<div class=\"dpt-main-title\">\n\t\t\t\t\t\t\t<span class=\"dpt-main-title-text\">Aktu\u00e1ln\u00ed t\u00e9mata um\u011bl\u00e9 inteligence<\/span>\n\t\t\t\t\t\t<\/div>\n\t\t\t\t\t\t\n\t\t\t\t\t\t\n\t\t\t\t\t\t\n\t\t\t\t\t\t<\/div>\t\t\t\n\t\t\t\t<div id=\"dpt-wrapper-810\" class=\"dpt-wrapper dpt-grid1 multi-col dpt-mason-wrap\" >\n\n\t\t\t\t\t\t\t\t\t\t\t<div class=\"dpt-entry has-thumbnail\" data-title=\"ki-studio 2025: welche hardware wirklich lohnt \u2013 vom mac studio bis zur rtx 3090\" data-id=\"3704\"  data-category=\"apple macos featured hardware ki-systeme\" data-post_tag=\"apple digitales eigentum k\u00fcnstliche intelligenz llm mlx neo4j sprachmodell\">\n\t\t\t\t\t\t\t<div class=\"dpt-entry-wrapper\"><div class=\"dpt-featured-content\"><div class=\"dpt-permalink\"><a href=\"https:\/\/www.markus-schall.de\/cs\/2025\/11\/ki-studio-2025-ktery-hardware-se-opravdu-vyplati-z-mac-studia-na-rtx-3090\/\" class=\"dpt-permalink\"><span class=\"screen-reader-text\">AI Studio 2025: Kter\u00fd hardware se opravdu vyplat\u00ed - od Mac Studia po RTX 3090<\/span><\/a><\/div><div class=\"dpt-thumbnail\"><div class=\"dpt-thumbnail-inner\"><img width=\"1024\" height=\"683\" class=\"attachment-full size-full\" alt=\"Hardware 2025 pro studio AI\" context=\"dpt\" data-dpt-src=\"https:\/\/www.markus-schall.de\/wp-content\/uploads\/KI-Studio-Hardware-2025.jpg\" data-dpt-sizes=\"(max-width: 1024px) 100vw, 1024px\" data-dpt-srcset=\"https:\/\/www.markus-schall.de\/wp-content\/uploads\/KI-Studio-Hardware-2025.jpg 1024w, https:\/\/www.markus-schall.de\/wp-content\/uploads\/KI-Studio-Hardware-2025-300x200.jpg 300w, https:\/\/www.markus-schall.de\/wp-content\/uploads\/KI-Studio-Hardware-2025-768x512.jpg 768w, https:\/\/www.markus-schall.de\/wp-content\/uploads\/KI-Studio-Hardware-2025-18x12.jpg 18w\" \/><\/div><span class=\"dpt-thumbnail-aspect-ratio\" style=\"padding-top: 67%\"><\/span><\/div><\/div><div class=\"sub-entry\"><h3 class=\"dpt-title\"><a class=\"dpt-title-link\" href=\"https:\/\/www.markus-schall.de\/cs\/2025\/11\/ki-studio-2025-ktery-hardware-se-opravdu-vyplati-z-mac-studia-na-rtx-3090\/\" rel=\"bookmark\">AI Studio 2025: Kter\u00fd hardware se opravdu vyplat\u00ed - od Mac Studia po RTX 3090<\/a><\/h3><\/div><\/div>\n\t\t\t\t\t\t<\/div><!-- .dpt-entry -->\n\t\t\t\t\t\t\t\t\t\t\t\t<div class=\"dpt-entry has-thumbnail\" data-title=\"wie tiere zeit wahrnehmen \u2013 und was das f\u00fcr die zukunft der ki bedeutet\" data-id=\"4918\"  data-category=\"allgemein gesellschaft ki-systeme\" data-post_tag=\"denkmodelle erfahrungen k\u00fcnstliche intelligenz llm portrait prozesse sprachmodell\">\n\t\t\t\t\t\t\t<div class=\"dpt-entry-wrapper\"><div class=\"dpt-featured-content\"><div class=\"dpt-permalink\"><a href=\"https:\/\/www.markus-schall.de\/cs\/2026\/02\/jak-zvirata-vnimaji-cas-a-co-to-znamena-pro-budoucnost-ki\/\" class=\"dpt-permalink\"><span class=\"screen-reader-text\">Jak zv\u00ed\u0159ata vn\u00edmaj\u00ed \u010das - a co to znamen\u00e1 pro budoucnost um\u011bl\u00e9 inteligence<\/span><\/a><\/div><div class=\"dpt-thumbnail\"><div class=\"dpt-thumbnail-inner\"><img width=\"1024\" height=\"683\" class=\"attachment-full size-full\" alt=\"Zv\u00ed\u0159ata, um\u011bl\u00e1 inteligence a vn\u00edm\u00e1n\u00ed \u010dasu\" context=\"dpt\" data-dpt-src=\"https:\/\/www.markus-schall.de\/wp-content\/uploads\/Tiere-KI-Zeitwahrnehmung.jpg\" data-dpt-sizes=\"(max-width: 1024px) 100vw, 1024px\" data-dpt-srcset=\"https:\/\/www.markus-schall.de\/wp-content\/uploads\/Tiere-KI-Zeitwahrnehmung.jpg 1024w, https:\/\/www.markus-schall.de\/wp-content\/uploads\/Tiere-KI-Zeitwahrnehmung-300x200.jpg 300w, https:\/\/www.markus-schall.de\/wp-content\/uploads\/Tiere-KI-Zeitwahrnehmung-768x512.jpg 768w, https:\/\/www.markus-schall.de\/wp-content\/uploads\/Tiere-KI-Zeitwahrnehmung-18x12.jpg 18w\" \/><\/div><span class=\"dpt-thumbnail-aspect-ratio\" style=\"padding-top: 67%\"><\/span><\/div><\/div><div class=\"sub-entry\"><h3 class=\"dpt-title\"><a class=\"dpt-title-link\" href=\"https:\/\/www.markus-schall.de\/cs\/2026\/02\/jak-zvirata-vnimaji-cas-a-co-to-znamena-pro-budoucnost-ki\/\" rel=\"bookmark\">Jak zv\u00ed\u0159ata vn\u00edmaj\u00ed \u010das - a co to znamen\u00e1 pro budoucnost um\u011bl\u00e9 inteligence<\/a><\/h3><\/div><\/div>\n\t\t\t\t\t\t<\/div><!-- .dpt-entry -->\n\t\t\t\t\t\t\t\t\t\t\t\t<div class=\"dpt-entry has-thumbnail\" data-title=\"lora-training: wie filemaker 2025 das feintuning gro\u00dfer sprachmodelle vereinfacht\" data-id=\"3220\"  data-category=\"filemaker &amp; erp ki-systeme\" data-post_tag=\"datenbanken filemaker k\u00fcnstliche intelligenz llm mlx sprachmodell\">\n\t\t\t\t\t\t\t<div class=\"dpt-entry-wrapper\"><div class=\"dpt-featured-content\"><div class=\"dpt-permalink\"><a href=\"https:\/\/www.markus-schall.de\/cs\/2025\/10\/skoleni-lora-jak-filemaker-2025-zjednodusuje-jemne-ladeni-rozsahlych-jazykovych-modelu\/\" class=\"dpt-permalink\"><span class=\"screen-reader-text\">Tr\u00e9nink LoRA: Jak FileMaker 2025 zjednodu\u0161uje lad\u011bn\u00ed velk\u00fdch jazykov\u00fdch model\u016f<\/span><\/a><\/div><div class=\"dpt-thumbnail\"><div class=\"dpt-thumbnail-inner\"><img width=\"1024\" height=\"683\" class=\"attachment-full size-full\" alt=\"Jemn\u00e9 lad\u011bn\u00ed LoRA - FileMaker 2025\" context=\"dpt\" data-dpt-src=\"https:\/\/www.markus-schall.de\/wp-content\/uploads\/lora-finetuning-filemaker.jpg\" data-dpt-sizes=\"(max-width: 1024px) 100vw, 1024px\" data-dpt-srcset=\"https:\/\/www.markus-schall.de\/wp-content\/uploads\/lora-finetuning-filemaker.jpg 1024w, https:\/\/www.markus-schall.de\/wp-content\/uploads\/lora-finetuning-filemaker-300x200.jpg 300w, https:\/\/www.markus-schall.de\/wp-content\/uploads\/lora-finetuning-filemaker-768x512.jpg 768w, https:\/\/www.markus-schall.de\/wp-content\/uploads\/lora-finetuning-filemaker-18x12.jpg 18w\" \/><\/div><span class=\"dpt-thumbnail-aspect-ratio\" style=\"padding-top: 67%\"><\/span><\/div><\/div><div class=\"sub-entry\"><h3 class=\"dpt-title\"><a class=\"dpt-title-link\" href=\"https:\/\/www.markus-schall.de\/cs\/2025\/10\/skoleni-lora-jak-filemaker-2025-zjednodusuje-jemne-ladeni-rozsahlych-jazykovych-modelu\/\" rel=\"bookmark\">Tr\u00e9nink LoRA: Jak FileMaker 2025 zjednodu\u0161uje lad\u011bn\u00ed velk\u00fdch jazykov\u00fdch model\u016f<\/a><\/h3><\/div><\/div>\n\t\t\t\t\t\t<\/div><!-- .dpt-entry -->\n\t\t\t\t\t\t\n\t\t\t\t<\/div>\n\t\t\t\t\t\t<\/div>\n\t\t\t\n<hr \/>\n<h2>\u010casto kladen\u00e9 ot\u00e1zky<\/h2>\n<ol>\n<li><strong>Pro\u010d je Affinity najednou nab\u00edzeno zdarma, p\u0159esto\u017ee software m\u011bl po l\u00e9ta klasick\u00fd model n\u00e1kupu?<\/strong><br \/>\nSkupina Canva sleduje jasnou strategii r\u016fstu: d\u00edky bezplatn\u00e9mu vstupu sni\u017euje pr\u00e1h pro miliony nov\u00fdch u\u017eivatel\u016f. \u010c\u00edm v\u00edce lid\u00ed bude Affinity pou\u017e\u00edvat, t\u00edm v\u011bt\u0161\u00ed bude potenci\u00e1l pro pozd\u011bj\u0161\u00ed pr\u00e9miov\u00e9 funkce, p\u0159ipojen\u00ed ke cloudu nebo vylep\u0161en\u00ed um\u011bl\u00e9 inteligence. Tradi\u010dn\u00ed model Serif s jednor\u00e1zov\u00fdm n\u00e1kupem byl sice obl\u00edben\u00fd, ale ekonomicky omezen\u00fd. Canva se naopak zam\u011b\u0159uje na \u0161\u00ed\u0159i a dlouhodobou monetizaci - co\u017e je p\u0159\u00edstup, kter\u00fd se stal b\u011b\u017en\u00fdm na mnoha softwarov\u00fdch trz\u00edch.<\/li>\n<li><strong>Jakou roli v tomto v\u00fdvoji hraje p\u0159evzet\u00ed spole\u010dnosti Canva?<\/strong><br \/>\nP\u0159evzet\u00ed bylo rozhoduj\u00edc\u00edm zlomem. Serif byla pom\u011brn\u011b mal\u00e1 spole\u010dnost se silnou, ale specializovanou u\u017eivatelskou z\u00e1kladnou. Naproti tomu Canva je glob\u00e1ln\u00ed hr\u00e1\u010d, kter\u00fd uva\u017euje v ekosyst\u00e9mech. Spojen\u00ed produkt\u016f do freemium strategie se \u0159\u00edd\u00ed pr\u00e1v\u011b touto logikou: otev\u0159\u00edt velkou br\u00e1nu, generovat \u0161irok\u00e9 vyu\u017eit\u00ed, pos\u00edlit platformu. Bez spole\u010dnosti Canva by bezplatn\u00fd model pravd\u011bpodobn\u011b nevznikl.<\/li>\n<li><strong>Co znamen\u00e1 zru\u0161en\u00ed t\u0159\u00ed samostatn\u00fdch program\u016f (Designer, Photo, Publisher)?<\/strong><br \/>\nPro u\u017eivatele, kte\u0159\u00ed d\u0159\u00edve museli p\u0159ep\u00ednat mezi t\u0159emi aplikacemi, p\u0159in\u00e1\u0161\u00ed nov\u00e1 struktura v\u00fdrazn\u00e9 zjednodu\u0161en\u00ed. \u017d\u00e1dn\u00e9 samostatn\u00e9 aktualizace, \u017e\u00e1dn\u00e9 p\u0159ehodnocov\u00e1n\u00ed p\u0159i p\u0159ep\u00edn\u00e1n\u00ed mezi rozvr\u017een\u00edm, grafikou a \u00fapravou obr\u00e1zk\u016f. Pro dlouholet\u00e9 profesion\u00e1ly to v\u0161ak znamen\u00e1 tak\u00e9 zm\u011bnu - proto\u017ee p\u0159esn\u00e1 specializace byla d\u0159\u00edve silnou str\u00e1nkou. Nyn\u00ed je v\u0161e k dispozici v jednom bal\u00edku, kter\u00fd je t\u0159eba vyzkou\u0161et a vyhodnotit.<\/li>\n<li><strong>Jak stabiln\u00ed je nov\u00e1 verze pro profesion\u00e1ln\u00ed v\u00fdrobu knih?<\/strong><br \/>\nZ\u00e1klad je v sou\u010dasn\u00e9 dob\u011b dostate\u010dn\u011b stabiln\u00ed, aby mohl b\u00fdt propojen se st\u00e1vaj\u00edc\u00edmi pracovn\u00edmi postupy. Barevn\u00e9 profily, export do PDF\/X a typografick\u00e9 jemnosti funguj\u00ed i nad\u00e1le. P\u0159esto se vyplat\u00ed z\u016fstat ostra\u017eit\u00fd, proto\u017ee zam\u011b\u0159en\u00ed spole\u010dnosti se zm\u011bnilo. Neexistuje \u017e\u00e1dn\u00e1 z\u00e1ruka, \u017ee si profesion\u00e1ln\u00ed funkce zachovaj\u00ed stejnou prioritu i v dlouhodob\u00e9m horizontu. U rozs\u00e1hl\u00fdch kni\u017en\u00edch projekt\u016f je proto vhodn\u00e9 novou verzi nejprve vyzkou\u0161et v men\u0161\u00edch testovac\u00edch sc\u00e9n\u00e1\u0159\u00edch.<\/li>\n<li><strong>Pro\u010d by m\u011bli profesion\u00e1ln\u00ed u\u017eivatel\u00e9 tento krok kriticky sledovat?<\/strong><br \/>\nProto\u017ee voln\u00e9 modely jdou \u010dasto ruku v ruce se strategick\u00fdmi zm\u011bnami. V budoucnu se dal\u0161\u00ed v\u00fdvoj m\u016f\u017ee v\u00edce zam\u011b\u0159it na \u0161irokou z\u00e1kladnu u\u017eivatel\u016f Canvy, nikoli nutn\u011b na po\u017eadavky na vysoce p\u0159esn\u00e9 publikov\u00e1n\u00ed. Pr\u00e9miov\u00e9 funkce by se tak\u00e9 mohly rozr\u016fstat z hlediska obsahu, zat\u00edmco bezplatn\u00e9 oblasti jsou omezen\u00e9. Ti, kdo pracuj\u00ed profesion\u00e1ln\u011b, si zakl\u00e1daj\u00ed na stabilit\u011b - a pr\u00e1v\u011b ta se mus\u00ed v nov\u00e9m modelu nejprve znovu osv\u011bd\u010dit.<\/li>\n<li><strong>Je voln\u00fd p\u0159\u00edstup sp\u00ed\u0161e p\u0159\u00edle\u017eitost\u00ed, nebo rizikem?<\/strong><br \/>\nOboj\u00ed. Pro za\u010d\u00e1te\u010dn\u00edky je to obrovsk\u00e1 p\u0159\u00edle\u017eitost, proto\u017ee mohou pracovat s profesion\u00e1ln\u00edm n\u00e1strojem bez po\u010d\u00e1te\u010dn\u00edch n\u00e1klad\u016f. Pro profesion\u00e1ly je to riziko, proto\u017ee bezplatnost obvykle znamen\u00e1, \u017ee obchodn\u00ed model je jinde. Affinity se nyn\u00ed pohybuje v tomto rozmez\u00ed, a pr\u00e1v\u011b proto stoj\u00ed za to se na n\u011bj d\u00edvat opatrn\u011b, nikoliv v p\u0159\u00edli\u0161n\u00e9 euforii.<\/li>\n<li><strong>Jak\u00e9 jsou v\u00fdhody pro samovydavatele?<\/strong><br \/>\nSamonakladatel\u00e9 z toho maj\u00ed obrovsk\u00fd prosp\u011bch. Mohou si okam\u017eit\u011b vytvo\u0159it vlastn\u00ed ob\u00e1lky, rozvr\u017een\u00ed knihy nebo grafiku bez jak\u00fdchkoli investic. Zejm\u00e9na v kombinaci se \u0161ablonami - jako je nap\u0159\u00edklad va\u0161e vlastn\u00ed pro knihu \u201eB\u00fccher schreiben 2.0\u201c (Psan\u00ed knih 2.0) - z\u00edsk\u00e1te p\u0159\u00edm\u00fd praktick\u00fd start. Mnoz\u00ed auto\u0159i, kte\u0159\u00ed se nikdy necht\u011bli dotknout programu pro sazbu, k n\u011bmu nyn\u00ed budou m\u00edt p\u0159\u00edstup poprv\u00e9.<\/li>\n<li><strong>Jakou roli hraje export do form\u00e1tu EPUB p\u0159i hodnocen\u00ed softwaru?<\/strong><br \/>\nEPUB je pro modern\u00ed vydavatele a autory z\u00e1sadn\u00ed. Affinity v t\u00e9to oblasti nikdy nebyla p\u0159\u00edli\u0161 siln\u00e1. Nov\u00e1 verze nab\u00edz\u00ed spole\u010dnosti Canva p\u0159\u00edle\u017eitost vz\u00edt toto t\u00e9ma v\u00e1\u017en\u011bji a roz\u0161\u00ed\u0159it ho. Pokud vznikne kvalitn\u00ed a typograficky stabiln\u00ed export do EPUB, bude to obrovsk\u00fd krok vp\u0159ed. V sou\u010dasn\u00e9 dob\u011b v\u0161ak tento bod z\u016fst\u00e1v\u00e1 staveni\u0161t\u011bm - ale z\u00e1rove\u0148 nejv\u011bt\u0161\u00edm potenci\u00e1lem.<\/li>\n<li><strong>Bude nov\u00e1 verze dlouhodob\u011b vhodn\u00e1 pro velk\u00e9 kni\u017en\u00ed projekty?<\/strong><br \/>\nTo zat\u00edm nelze s jistotou \u0159\u00edci. Z\u00e1kladn\u00ed funkce hovo\u0159\u00ed za v\u0161e, ale strategick\u00e1 orientace by mohla v\u00e9st k tomu, \u017ee se Canva ve st\u0159edn\u011bdob\u00e9m horizontu optimalizuje sm\u011brem k online designu, trhu \u0161ablon a funkc\u00edm um\u011bl\u00e9 inteligence. Velk\u00e9 projekty pot\u0159ebuj\u00ed stabilitu, spolehlivou typografii a p\u0159esn\u00e9 ovl\u00e1d\u00e1n\u00ed. Proto: testujte paraleln\u011b, ale nep\u0159ep\u00ednejte naslepo.<\/li>\n<li><strong>Co se stane s p\u0159edchoz\u00edmi verzemi n\u00e1kupu?<\/strong><br \/>\nSt\u00e1vaj\u00edc\u00ed licence si zachovaj\u00ed svou funkci a budou nad\u00e1le fungovat. Pravd\u011bpodobn\u011b v\u0161ak budou vyv\u00edjeny m\u00e9n\u011b aktivn\u011b a v ur\u010dit\u00e9m okam\u017eiku budou pouze opravov\u00e1ny chyby - pokud v\u016fbec. Pro mnoh\u00e9 z\u016fstane star\u00e1 verze jak\u00fdmsi \u201estabiln\u00edm ostrovem\u201c, zat\u00edmco nov\u00e1 verze se bude d\u00e1le vyv\u00edjet. Pr\u00e1v\u011b to je jeden z d\u016fvod\u016f, pro\u010d by profesion\u00e1lov\u00e9 m\u011bli udr\u017eovat dva paraleln\u00ed syst\u00e9my.<\/li>\n<li><strong>Jak se zm\u011bn\u00ed pracovn\u00ed postup pro design\u00e9ry, kte\u0159\u00ed d\u0159\u00edve pou\u017e\u00edvali v\u0161echny t\u0159i programy Affinity?<\/strong><br \/>\nPracovn\u00ed postup se m\u016f\u017ee zjednodu\u0161it, proto\u017ee nov\u00e1 verze sdru\u017euje v\u0161e do jedn\u00e9 aplikace. Zm\u011bnu v\u0161ak mus\u00edte prov\u00e9st i ve sv\u00e9 hlav\u011b: Kdo byl zvykl\u00fd prov\u00e1d\u011bt n\u011bkter\u00e9 \u00fakoly v\u00fdhradn\u011b v aplikaci Designer nebo Photo, bude se muset p\u0159eorientovat. Ot\u00e1zkou je, zda bude integrace elegantn\u00ed - nebo zda se software stane t\u011b\u017e\u0161\u00edm a nep\u0159ehledn\u011bj\u0161\u00edm. To se li\u0161\u00ed v z\u00e1vislosti na p\u0159\u00edpadu pou\u017eit\u00ed.<\/li>\n<li><strong>Jak\u00fd je konkr\u00e9tn\u00ed dopad \u201emy\u0161lenky Canva\u201c na profesion\u00e1ln\u00ed trh?<\/strong><br \/>\nCanva se sna\u017e\u00ed zp\u0159\u00edstupnit design v\u0161em, nejen profesion\u00e1l\u016fm. To nevyhnuteln\u011b ovliv\u0148uje priority v\u00fdvoje. Funkce, kter\u00e9 jsou relevantn\u00ed pro miliony u\u017eivatel\u016f, p\u0159ijdou rychleji. Niche profesion\u00e1ln\u00ed funkce mohou naopak r\u016fst pomaleji. Kni\u017en\u00ed profesion\u00e1lov\u00e9 by proto m\u011bli bedliv\u011b sledovat, nakolik se Canva skute\u010dn\u011b zam\u011b\u0159uje na p\u0159esnost v p\u0159edtiskov\u00e9 p\u0159\u00edprav\u011b.<\/li>\n<li><strong>M\u016f\u017ee bezplatn\u00e1 verze skute\u010dn\u011b konkurovat spole\u010dnosti Adobe?<\/strong><br \/>\nPro mnoho hobby design\u00e9r\u016f a grafik\u016f soci\u00e1ln\u00edch m\u00e9di\u00ed: ano. Pro profesion\u00e1ln\u00ed layout a tiskov\u00e9 procesy: jen \u010d\u00e1ste\u010dn\u011b. Spole\u010dnost Adobe z\u016fst\u00e1v\u00e1 standardem ve \u0161pi\u010dkov\u00e9m sektoru, zejm\u00e9na d\u00edky vysp\u011bl\u00fdm pracovn\u00edm postup\u016fm EPUB a XML v aplikaci InDesign. Pokud si v\u0161ak Affinity zachov\u00e1 sv\u00e9 siln\u00e9 str\u00e1nky v oblasti sazby knih, PDF\/X a typografie a z\u00e1rove\u0148 zlep\u0161\u00ed oblast EPUB, m\u016f\u017ee se pom\u011br sil znateln\u011b zm\u011bnit.<\/li>\n<li><strong>M\u011bli byste na novou verzi p\u0159ej\u00edt \u00fapln\u011b?<\/strong><br \/>\nV tuto chv\u00edli ne. M\u00e1 smysl pracovat paraleln\u011b: stabiln\u00ed verze pro n\u00e1kup pro produktivn\u00ed kni\u017en\u00ed projekty, nov\u00e1 verze pro testov\u00e1n\u00ed a zkoum\u00e1n\u00ed. T\u00edmto zp\u016fsobem z\u00edsk\u00e1te v\u00fdhody obou sv\u011bt\u016f a ochr\u00e1n\u00edte sv\u00e9 produk\u010dn\u00ed procesy p\u0159ed neo\u010dek\u00e1van\u00fdm naru\u0161en\u00edm. To odpov\u00edd\u00e1 i klasick\u00e9mu p\u0159\u00edstupu mnoha profesion\u00e1l\u016f.<\/li>\n<li><strong>Jak\u00e1 rizika skr\u00fdv\u00e1 rostouc\u00ed vyu\u017e\u00edv\u00e1n\u00ed um\u011bl\u00e9 inteligence v Affinity?<\/strong><br \/>\nUm\u011bl\u00e1 inteligence m\u016f\u017ee v\u00fdrazn\u011b usnadnit pr\u00e1ci, ale p\u0159in\u00e1\u0161\u00ed s sebou tak\u00e9 slo\u017eitost. \u010c\u00edm v\u00edce funkc\u00ed AI je integrov\u00e1no, t\u00edm v\u011bt\u0161\u00ed je riziko, \u017ee syst\u00e9m bude t\u011b\u017ekop\u00e1dn\u011bj\u0161\u00ed nebo bude generovat chyby, kter\u00fdch si v\u0161imneme a\u017e v pozdn\u00ed f\u00e1zi tiskov\u00e9ho procesu. N\u011bkter\u00e9 funkce AI by nav\u00edc mohly b\u00fdt v budoucnu zpoplatn\u011bny. Pro profesion\u00e1ln\u00ed v\u00fdrobu knih je st\u00e1le d\u016fle\u017eit\u00e1 p\u0159esnost - a ta obvykle poch\u00e1z\u00ed z tradi\u010dn\u00edch n\u00e1stroj\u016f, nikoli z kouzel AI.<\/li>\n<li><strong>Jak d\u016fle\u017eit\u00e9 je pou\u017e\u00edv\u00e1n\u00ed offline?<\/strong><br \/>\nVelmi d\u016fle\u017eit\u00e9. Mnoho vydavatel\u016f z\u00e1m\u011brn\u011b pracuje offline, aby zajistili bezpe\u010dnost produkce a suverenitu dat. Dokud Affinity zachov\u00e1 z\u00e1kladn\u00ed funkce pou\u017eiteln\u00e9 offline, z\u016fst\u00e1v\u00e1 tento software atraktivn\u00ed. Pokud by v\u0161ak Canva v budoucnu integrovala v\u00edce cloudov\u00fdch nutnost\u00ed, bylo by to pro profesion\u00e1ln\u00ed u\u017eivatele problematick\u00e9. To je dal\u0161\u00ed d\u016fvod, pro\u010d je vhodn\u00e9 m\u00edt se na pozoru.<\/li>\n<li><strong>Jak\u00e1 dlouhodob\u00e1 doporu\u010den\u00ed lze d\u00e1t autor\u016fm, design\u00e9r\u016fm a vydavatel\u016fm?<\/strong><br \/>\nVyu\u017e\u00edvejte bezplatn\u00e9 mo\u017enosti - ale nespol\u00e9hejte se na n\u011b slep\u011b. Pro kritick\u00e9 projekty pracujte se stabiln\u00edmi verzemi a sledujte, jak se Affinity pod hlavi\u010dkou Canvy vyv\u00edj\u00ed. Pokud se pos\u00edl\u00ed export do EPUB a zachov\u00e1 se typografick\u00e1 p\u0159esnost, m\u016f\u017ee b\u00fdt Affinity v dlouhodob\u00e9m horizontu dokonce siln\u011bj\u0161\u00ed ne\u017e d\u0159\u00edve. Do t\u00e9 doby plat\u00ed star\u00e9 pravidlo: d\u016fkladn\u011b testujte, spol\u00e9hejte na osv\u011bd\u010den\u00e9 a sledujte nov\u00e9 mo\u017enosti.<\/li>\n<\/ol>\n<hr \/>\n\n\t\t\t<div class=\"display-post-types\">\n\n\t\t\t\t\t\t\t<style type=\"text\/css\">\n\t\t\t#dpt-wrapper-811 { --dpt-text-align: left;--dpt-image-crop: center;--dpt-border-radius: 5px;--dpt-h-gutter: 10px;--dpt-v-gutter: 9px; }\t\t\t<\/style>\n\t\t\t<style type=\"text\/css\">#dpt-wrapper-811 { --dpt-title-font-style:normal;--dpt-title-font-weight:600;--dpt-title-line-height:1.5;--dpt-title-text-decoration:none;--dpt-title-text-transform:none;--dpt-excerpt-font-style:normal;--dpt-excerpt-font-weight:400;--dpt-excerpt-line-height:1.5;--dpt-excerpt-text-decoration:none;--dpt-excerpt-text-transform:none;--dpt-meta1-font-style:normal;--dpt-meta1-font-weight:400;--dpt-meta1-line-height:1.9;--dpt-meta1-text-decoration:none;--dpt-meta1-text-transform:none;--dpt-meta2-font-style:normal;--dpt-meta2-font-weight:400;--dpt-meta2-line-height:1.9;--dpt-meta2-text-decoration:none;--dpt-meta2-text-transform:none; }<\/style><div class=\"dpt-main-header\">\n\t\t\t\t\t\t<div class=\"dpt-main-title\">\n\t\t\t\t\t\t\t<span class=\"dpt-main-title-text\">Soci\u00e1ln\u00ed ot\u00e1zky sou\u010dasnosti<\/span>\n\t\t\t\t\t\t<\/div>\n\t\t\t\t\t\t\n\t\t\t\t\t\t\n\t\t\t\t\t\t\n\t\t\t\t\t\t<\/div>\t\t\t\n\t\t\t\t<div id=\"dpt-wrapper-811\" class=\"dpt-wrapper dpt-mag1 land1 dpt-cropped dpt-flex-wrap\" >\n\n\t\t\t\t\t\t\t\t\t\t\t<div class=\"dpt-entry has-thumbnail\" data-title=\"stress ist keine naturgewalt \u2013 wie man sich freir\u00e4ume zur\u00fcckholt, schritt f\u00fcr schritt\" data-id=\"3152\"  data-category=\"allgemein gesellschaft gesundheit tipps &amp; anleitungen\" data-post_tag=\"cmd erfahrungen gesundheit krisen pers\u00f6nlichkeitsentwicklung prozesse ratgeber\">\n\t\t\t\t\t\t\t<div class=\"dpt-entry-wrapper\"><div class=\"dpt-featured-content\"><div class=\"dpt-permalink\"><a href=\"https:\/\/www.markus-schall.de\/cs\/2025\/10\/stres-neni-prirodni-sila-jak-ziskat-zpet-svou-svobodu-krok-za-krokem\/\" class=\"dpt-permalink\"><span class=\"screen-reader-text\">Stres nen\u00ed p\u0159\u00edrodn\u00ed s\u00edla - Jak z\u00edskat zp\u011bt svou svobodu krok za krokem<\/span><\/a><\/div><div class=\"dpt-thumbnail\"><div class=\"dpt-thumbnail-inner\"><img width=\"1024\" height=\"683\" class=\"attachment-full size-full\" alt=\"Stres nen\u00ed p\u0159\u00edrodn\u00ed s\u00edla\" context=\"dpt\" data-dpt-src=\"https:\/\/www.markus-schall.de\/wp-content\/uploads\/stress-naturgewalt-titel.jpg\" data-dpt-sizes=\"(max-width: 1024px) 100vw, 1024px\" data-dpt-srcset=\"https:\/\/www.markus-schall.de\/wp-content\/uploads\/stress-naturgewalt-titel.jpg 1024w, https:\/\/www.markus-schall.de\/wp-content\/uploads\/stress-naturgewalt-titel-300x200.jpg 300w, https:\/\/www.markus-schall.de\/wp-content\/uploads\/stress-naturgewalt-titel-768x512.jpg 768w, https:\/\/www.markus-schall.de\/wp-content\/uploads\/stress-naturgewalt-titel-18x12.jpg 18w\" \/><\/div><span class=\"dpt-thumbnail-aspect-ratio\" style=\"padding-top: 75%\"><\/span><\/div><\/div><div class=\"sub-entry\"><h3 class=\"dpt-title\"><a class=\"dpt-title-link\" href=\"https:\/\/www.markus-schall.de\/cs\/2025\/10\/stres-neni-prirodni-sila-jak-ziskat-zpet-svou-svobodu-krok-za-krokem\/\" rel=\"bookmark\">Stres nen\u00ed p\u0159\u00edrodn\u00ed s\u00edla - Jak z\u00edskat zp\u011bt svou svobodu krok za krokem<\/a><\/h3><\/div><\/div>\n\t\t\t\t\t\t<\/div><!-- .dpt-entry -->\n\t\t\t\t\t\t\t\t\t\t\t\t<div class=\"dpt-entry has-thumbnail\" data-title=\"k\u00fcnstliche intelligenz: welche jobs in gefahr sind, und wie wir uns jetzt wappnen k\u00f6nnen\" data-id=\"2940\"  data-category=\"allgemein b\u00fccher gesellschaft ki-systeme\" data-post_tag=\"buch k\u00fcnstliche intelligenz llama llm mistral mlx ollama ratgeber sprachmodell\">\n\t\t\t\t\t\t\t<div class=\"dpt-entry-wrapper\"><div class=\"dpt-featured-content\"><div class=\"dpt-permalink\"><a href=\"https:\/\/www.markus-schall.de\/cs\/2025\/09\/umela-inteligence-ktera-pracovni-mista-jsou-ohrozena-a-jak-se-muzeme-vyzbrojit\/\" class=\"dpt-permalink\"><span class=\"screen-reader-text\">Um\u011bl\u00e1 inteligence: kter\u00e1 pracovn\u00ed m\u00edsta jsou ohro\u017eena a jak se m\u016f\u017eeme vyzbrojit hned te\u010f<\/span><\/a><\/div><div class=\"dpt-thumbnail\"><div class=\"dpt-thumbnail-inner\"><img width=\"1024\" height=\"683\" class=\"attachment-full size-full\" alt=\"Kter\u00e1 pracovn\u00ed m\u00edsta budou v budoucnu zru\u0161ena um\u011blou inteligenc\u00ed?\" context=\"dpt\" data-dpt-src=\"https:\/\/www.markus-schall.de\/wp-content\/uploads\/welche-jobs-fallen-durch-ki-weg.jpg\" data-dpt-sizes=\"(max-width: 1024px) 100vw, 1024px\" data-dpt-srcset=\"https:\/\/www.markus-schall.de\/wp-content\/uploads\/welche-jobs-fallen-durch-ki-weg.jpg 1024w, https:\/\/www.markus-schall.de\/wp-content\/uploads\/welche-jobs-fallen-durch-ki-weg-300x200.jpg 300w, https:\/\/www.markus-schall.de\/wp-content\/uploads\/welche-jobs-fallen-durch-ki-weg-768x512.jpg 768w, https:\/\/www.markus-schall.de\/wp-content\/uploads\/welche-jobs-fallen-durch-ki-weg-18x12.jpg 18w\" \/><\/div><span class=\"dpt-thumbnail-aspect-ratio\" style=\"padding-top: 75%\"><\/span><\/div><\/div><div class=\"sub-entry\"><h3 class=\"dpt-title\"><a class=\"dpt-title-link\" href=\"https:\/\/www.markus-schall.de\/cs\/2025\/09\/umela-inteligence-ktera-pracovni-mista-jsou-ohrozena-a-jak-se-muzeme-vyzbrojit\/\" rel=\"bookmark\">Um\u011bl\u00e1 inteligence: kter\u00e1 pracovn\u00ed m\u00edsta jsou ohro\u017eena a jak se m\u016f\u017eeme vyzbrojit hned te\u010f<\/a><\/h3><\/div><\/div>\n\t\t\t\t\t\t<\/div><!-- .dpt-entry -->\n\t\t\t\t\t\t\t\t\t\t\t\t<div class=\"dpt-entry has-thumbnail\" data-title=\"die neuen eu-zensurgesetze: was chatcontrol, dsa, emfa und der ai act bedeuten\" data-id=\"3586\"  data-category=\"allgemein gesellschaft ki-systeme\" data-post_tag=\"datenschutz digitales eigentum eu-gesetze europa k\u00fcnstliche intelligenz llm meinungsfreiheit spieltheorie sprachmodell\">\n\t\t\t\t\t\t\t<div class=\"dpt-entry-wrapper\"><div class=\"dpt-featured-content\"><div class=\"dpt-permalink\"><a href=\"https:\/\/www.markus-schall.de\/cs\/2025\/11\/nove-zakony-eu-o-cenzure-co-znamena-chatcontrol-dsa-emfa-a-zakon-o-ai\/\" class=\"dpt-permalink\"><span class=\"screen-reader-text\">Nov\u00e9 z\u00e1kony EU o cenzu\u0159e: Co znamenaj\u00ed z\u00e1kony Chatcontrol, DSA, EMFA a AI Act?<\/span><\/a><\/div><div class=\"dpt-thumbnail\"><div class=\"dpt-thumbnail-inner\"><img width=\"1024\" height=\"683\" class=\"attachment-full size-full\" alt=\"Cenzurn\u00ed z\u00e1kony EU\" context=\"dpt\" data-dpt-src=\"https:\/\/www.markus-schall.de\/wp-content\/uploads\/eu-zensurgesetze.jpg\" data-dpt-sizes=\"(max-width: 1024px) 100vw, 1024px\" data-dpt-srcset=\"https:\/\/www.markus-schall.de\/wp-content\/uploads\/eu-zensurgesetze.jpg 1024w, https:\/\/www.markus-schall.de\/wp-content\/uploads\/eu-zensurgesetze-300x200.jpg 300w, https:\/\/www.markus-schall.de\/wp-content\/uploads\/eu-zensurgesetze-768x512.jpg 768w, https:\/\/www.markus-schall.de\/wp-content\/uploads\/eu-zensurgesetze-18x12.jpg 18w\" \/><\/div><span class=\"dpt-thumbnail-aspect-ratio\" style=\"padding-top: 75%\"><\/span><\/div><\/div><div class=\"sub-entry\"><h3 class=\"dpt-title\"><a class=\"dpt-title-link\" href=\"https:\/\/www.markus-schall.de\/cs\/2025\/11\/nove-zakony-eu-o-cenzure-co-znamena-chatcontrol-dsa-emfa-a-zakon-o-ai\/\" rel=\"bookmark\">Nov\u00e9 z\u00e1kony EU o cenzu\u0159e: Co znamenaj\u00ed z\u00e1kony Chatcontrol, DSA, EMFA a AI Act?<\/a><\/h3><\/div><\/div>\n\t\t\t\t\t\t<\/div><!-- .dpt-entry -->\n\t\t\t\t\t\t\t\t\t\t\t\t<div class=\"dpt-entry has-thumbnail\" data-title=\"b\u00fccher mit tiefgang zu medizin, pers\u00f6nlichkeit und technik beim m. schall verlag\" data-id=\"2401\"  data-category=\"allgemein b\u00fccher gesellschaft gesundheit\" data-post_tag=\"buch cmd datenbanken krisen pers\u00f6nlichkeitsentwicklung verlag\">\n\t\t\t\t\t\t\t<div class=\"dpt-entry-wrapper\"><div class=\"dpt-featured-content\"><div class=\"dpt-permalink\"><a href=\"https:\/\/www.markus-schall.de\/cs\/2025\/07\/hloubkove-knihy-o-lekarske-osobnosti-a-technice-v-nakladatelstvi-m-schall-verlag\/\" class=\"dpt-permalink\"><span class=\"screen-reader-text\">Podrobn\u00e9 knihy o medic\u00edn\u011b, osobnosti a technice z nakladatelstv\u00ed M. Schall Verlag<\/span><\/a><\/div><div class=\"dpt-thumbnail\"><div class=\"dpt-thumbnail-inner\"><img width=\"2400\" height=\"1260\" class=\"attachment-full size-full\" alt=\"Schall Verlag - Knihy s obsahem\" context=\"dpt\" data-dpt-src=\"https:\/\/www.markus-schall.de\/wp-content\/uploads\/image-sv.jpg\" data-dpt-sizes=\"(max-width: 2400px) 100vw, 2400px\" data-dpt-srcset=\"https:\/\/www.markus-schall.de\/wp-content\/uploads\/image-sv.jpg 2400w, https:\/\/www.markus-schall.de\/wp-content\/uploads\/image-sv-300x158.jpg 300w, https:\/\/www.markus-schall.de\/wp-content\/uploads\/image-sv-1024x538.jpg 1024w, https:\/\/www.markus-schall.de\/wp-content\/uploads\/image-sv-768x403.jpg 768w, https:\/\/www.markus-schall.de\/wp-content\/uploads\/image-sv-1536x806.jpg 1536w, https:\/\/www.markus-schall.de\/wp-content\/uploads\/image-sv-2048x1075.jpg 2048w, https:\/\/www.markus-schall.de\/wp-content\/uploads\/image-sv-18x9.jpg 18w\" \/><\/div><span class=\"dpt-thumbnail-aspect-ratio\" style=\"padding-top: 75%\"><\/span><\/div><\/div><div class=\"sub-entry\"><h3 class=\"dpt-title\"><a class=\"dpt-title-link\" href=\"https:\/\/www.markus-schall.de\/cs\/2025\/07\/hloubkove-knihy-o-lekarske-osobnosti-a-technice-v-nakladatelstvi-m-schall-verlag\/\" rel=\"bookmark\">Podrobn\u00e9 knihy o medic\u00edn\u011b, osobnosti a technice z nakladatelstv\u00ed M. Schall Verlag<\/a><\/h3><\/div><\/div>\n\t\t\t\t\t\t<\/div><!-- .dpt-entry -->\n\t\t\t\t\t\t\n\t\t\t\t<\/div>\n\t\t\t\t\t\t<\/div>\n\t\t\t\n<hr \/>","protected":false},"excerpt":{"rendered":"<p>Pokud stejn\u011b jako j\u00e1 pracujete s programy pro sazbu a rozvr\u017een\u00ed textu ji\u017e des\u00edtky let, obvykle si takov\u00fdch zm\u011bn v\u0161imnete l\u00e9pe ne\u017e ti, kte\u0159\u00ed do tohoto sv\u011bta vstoupili teprve ned\u00e1vno. V pr\u016fb\u011bhu let jsem vid\u011bl mnoho v\u011bc\u00ed, kter\u00e9 p\u0159ich\u00e1zely a odch\u00e1zely: Na za\u010d\u00e1tku devades\u00e1t\u00fdch let jsem pracoval na Atari ST s Calamusem SL a pozd\u011bji, pod Windows, ... <a title=\"Podrobn\u00e9 knihy o medic\u00edn\u011b, osobnosti a technice z nakladatelstv\u00ed M. Schall Verlag\" class=\"read-more\" href=\"https:\/\/www.markus-schall.de\/cs\/2025\/07\/hloubkove-knihy-o-lekarske-osobnosti-a-technice-v-nakladatelstvi-m-schall-verlag\/\" aria-label=\"\u010c\u00edst v\u00edce o Knihy o medic\u00edn\u011b, osobnosti a technice v nakladatelstv\u00ed M. Schall Verlag\">\u010c\u00edst d\u00e1l<\/a><\/p>","protected":false},"author":1,"featured_media":3697,"comment_status":"open","ping_status":"open","sticky":false,"template":"","format":"standard","meta":{"iawp_total_views":568,"footnotes":""},"categories":[424,15,472,4],"tags":[425,11,442,460,441],"class_list":["post-3675","post","type-post","status-publish","format-standard","has-post-thumbnail","hentry","category-buecher","category-apple-macos","category-kunst-kultur","category-tipps-anleitungen","tag-buch","tag-mac","tag-prozesse","tag-publishing","tag-verlag"],"_links":{"self":[{"href":"https:\/\/www.markus-schall.de\/cs\/wp-json\/wp\/v2\/posts\/3675","targetHints":{"allow":["GET"]}}],"collection":[{"href":"https:\/\/www.markus-schall.de\/cs\/wp-json\/wp\/v2\/posts"}],"about":[{"href":"https:\/\/www.markus-schall.de\/cs\/wp-json\/wp\/v2\/types\/post"}],"author":[{"embeddable":true,"href":"https:\/\/www.markus-schall.de\/cs\/wp-json\/wp\/v2\/users\/1"}],"replies":[{"embeddable":true,"href":"https:\/\/www.markus-schall.de\/cs\/wp-json\/wp\/v2\/comments?post=3675"}],"version-history":[{"count":18,"href":"https:\/\/www.markus-schall.de\/cs\/wp-json\/wp\/v2\/posts\/3675\/revisions"}],"predecessor-version":[{"id":3701,"href":"https:\/\/www.markus-schall.de\/cs\/wp-json\/wp\/v2\/posts\/3675\/revisions\/3701"}],"wp:featuredmedia":[{"embeddable":true,"href":"https:\/\/www.markus-schall.de\/cs\/wp-json\/wp\/v2\/media\/3697"}],"wp:attachment":[{"href":"https:\/\/www.markus-schall.de\/cs\/wp-json\/wp\/v2\/media?parent=3675"}],"wp:term":[{"taxonomy":"category","embeddable":true,"href":"https:\/\/www.markus-schall.de\/cs\/wp-json\/wp\/v2\/categories?post=3675"},{"taxonomy":"post_tag","embeddable":true,"href":"https:\/\/www.markus-schall.de\/cs\/wp-json\/wp\/v2\/tags?post=3675"}],"curies":[{"name":"wp","href":"https:\/\/api.w.org\/{rel}","templated":true}]}}