{"id":3744,"date":"2025-12-02T07:02:53","date_gmt":"2025-12-02T07:02:53","guid":{"rendered":"https:\/\/www.markus-schall.de\/?p=3744"},"modified":"2026-04-17T16:13:26","modified_gmt":"2026-04-17T16:13:26","slug":"proc-dieter-bohlen-mluvi-kdyz-ostatni-mlci-portret-pile-a-jasnosti","status":"publish","type":"post","link":"https:\/\/www.markus-schall.de\/cs\/2025\/12\/proc-dieter-bohlen-mluvi-kdyz-ostatni-mlci-portret-pile-a-jasnosti\/","title":{"rendered":"Pro\u010d Dieter Bohlen mluv\u00ed, kdy\u017e ostatn\u00ed ml\u010d\u00ed: Portr\u00e9t pracovitosti a jasnosti"},"content":{"rendered":"<p>Jsou osobnosti, kter\u00e9 skute\u010dn\u011b pochop\u00edte, a\u017e kdy\u017e se odpout\u00e1te od jejich ve\u0159ejn\u00e9ho obrazu. Dieter Bohlen pat\u0159\u00ed p\u0159esn\u011b do t\u00e9to kategorie. S\u00e1m nejsem po hudebn\u00ed str\u00e1nce velk\u00fdm p\u0159\u00edznivcem jeho plytk\u00fdch, \u010dasto velmi jednoduch\u00fdch melodi\u00ed - a p\u0159esto, abych byl spravedliv\u00fd, je t\u0159eba \u0159\u00edci, \u017ee to, co vytvo\u0159il v 80. letech, bylo nesm\u00edrn\u011b precizn\u00ed, zam\u011b\u0159en\u00e9 na c\u00edlovou skupinu a jasn\u011b strukturovan\u00e9. Bohlen nikdy nebyl velk\u00fdm um\u011blcem v romantick\u00e9m slova smyslu. Byl v\u0161ak vynikaj\u00edc\u00edm obchodn\u00edkem, pracovit\u00fdm \u010dlov\u011bkem a n\u011bk\u00fdm, kdo rozum\u011bl sv\u00e9mu \u0159emeslu tak, jako dnes m\u00e1lokdo.<\/p>\n<p>Pro m\u011b nen\u00ed zaj\u00edmav\u00fd ani tak svou hudbou, ale t\u00edm, \u017ee z\u016fstal \u00fasp\u011b\u0161n\u00fd po cel\u00e1 desetilet\u00ed, zat\u00edmco kolem n\u011bj se vyst\u0159\u00eddaly cel\u00e9 generace um\u011blc\u016f. \u017de nav\u0161t\u011bvoval stejnou obchodn\u00ed \u0161kolu v Oldenburgu jako j\u00e1. A \u017ee dnes - po mnoha letech ml\u010den\u00ed - najednou zauj\u00edm\u00e1 jasn\u00fd postoj k soci\u00e1ln\u00edm ot\u00e1zk\u00e1m. To je d\u016fvod, pro\u010d stoj\u00ed za to pod\u00edvat se na Dietera Bohlena jako na \u010dlov\u011bka mimo obvykl\u00fd medi\u00e1ln\u00ed obraz: ne jako na popov\u00e9ho tit\u00e1na, ne jako na televizn\u00edho mudrce, ale jako na \u0159emesln\u00edka, podnikatele a zrcadlo doby, kter\u00e1 si st\u00e1le m\u00e9n\u011b rozum\u00ed.<!--more--><\/p>\n<hr \/>\n\n\t\t\t<div class=\"display-post-types\">\n\n\t\t\t\t\t\t\t<style type=\"text\/css\">\n\t\t\t#dpt-wrapper-813 { --dpt-text-align: left;--dpt-image-crop: center;--dpt-border-radius: 5px;--dpt-h-gutter: 10px;--dpt-v-gutter: 9px; }\t\t\t<\/style>\n\t\t\t<style type=\"text\/css\">#dpt-wrapper-813 { --dpt-title-font-style:normal;--dpt-title-font-weight:600;--dpt-title-line-height:1.5;--dpt-title-text-decoration:none;--dpt-title-text-transform:none;--dpt-excerpt-font-style:normal;--dpt-excerpt-font-weight:400;--dpt-excerpt-line-height:1.5;--dpt-excerpt-text-decoration:none;--dpt-excerpt-text-transform:none;--dpt-meta1-font-style:normal;--dpt-meta1-font-weight:400;--dpt-meta1-line-height:1.9;--dpt-meta1-text-decoration:none;--dpt-meta1-text-transform:none;--dpt-meta2-font-style:normal;--dpt-meta2-font-weight:400;--dpt-meta2-line-height:1.9;--dpt-meta2-text-decoration:none;--dpt-meta2-text-transform:none; }<\/style><div class=\"dpt-main-header\">\n\t\t\t\t\t\t<div class=\"dpt-main-title\">\n\t\t\t\t\t\t\t<span class=\"dpt-main-title-text\">Soci\u00e1ln\u00ed ot\u00e1zky sou\u010dasnosti<\/span>\n\t\t\t\t\t\t<\/div>\n\t\t\t\t\t\t\n\t\t\t\t\t\t\n\t\t\t\t\t\t\n\t\t\t\t\t\t<\/div>\t\t\t\n\t\t\t\t<div id=\"dpt-wrapper-813\" class=\"dpt-wrapper dpt-mag1 land1 dpt-cropped dpt-flex-wrap\" >\n\n\t\t\t\t\t\t\t\t\t\t\t<div class=\"dpt-entry has-thumbnail\" data-title=\"die stille gefahr von wearables: wenn bequemlichkeit zur \u00dcberwachung wird\" data-id=\"3560\"  data-category=\"allgemein apple iphone &amp; ipad gesellschaft gesundheit hardware\" data-post_tag=\"apple datenschutz gesundheit ratgeber\">\n\t\t\t\t\t\t\t<div class=\"dpt-entry-wrapper\"><div class=\"dpt-featured-content\"><div class=\"dpt-permalink\"><a href=\"https:\/\/www.markus-schall.de\/cs\/2025\/11\/tiche-nebezpeci-nositelnych-zarizeni-kdy-se-z-pohodli-stava-dohled\/\" class=\"dpt-permalink\"><span class=\"screen-reader-text\">Tich\u00e9 nebezpe\u010d\u00ed nositeln\u00fdch za\u0159\u00edzen\u00ed: kdy\u017e se z pohodl\u00ed stane sledov\u00e1n\u00ed<\/span><\/a><\/div><div class=\"dpt-thumbnail\"><div class=\"dpt-thumbnail-inner\"><img width=\"1024\" height=\"683\" class=\"attachment-full size-full\" alt=\"Nositeln\u00e1 elektronika, chytr\u00e9 hodinky, sluch\u00e1tka do u\u0161\u00ed\" context=\"dpt\" data-dpt-src=\"https:\/\/www.markus-schall.de\/wp-content\/uploads\/wearables-smartwatch-daten.jpg\" data-dpt-sizes=\"(max-width: 1024px) 100vw, 1024px\" data-dpt-srcset=\"https:\/\/www.markus-schall.de\/wp-content\/uploads\/wearables-smartwatch-daten.jpg 1024w, https:\/\/www.markus-schall.de\/wp-content\/uploads\/wearables-smartwatch-daten-300x200.jpg 300w, https:\/\/www.markus-schall.de\/wp-content\/uploads\/wearables-smartwatch-daten-768x512.jpg 768w, https:\/\/www.markus-schall.de\/wp-content\/uploads\/wearables-smartwatch-daten-18x12.jpg 18w\" \/><\/div><span class=\"dpt-thumbnail-aspect-ratio\" style=\"padding-top: 75%\"><\/span><\/div><\/div><div class=\"sub-entry\"><h3 class=\"dpt-title\"><a class=\"dpt-title-link\" href=\"https:\/\/www.markus-schall.de\/cs\/2025\/11\/tiche-nebezpeci-nositelnych-zarizeni-kdy-se-z-pohodli-stava-dohled\/\" rel=\"bookmark\">Tich\u00e9 nebezpe\u010d\u00ed nositeln\u00fdch za\u0159\u00edzen\u00ed: kdy\u017e se z pohodl\u00ed stane sledov\u00e1n\u00ed<\/a><\/h3><\/div><\/div>\n\t\t\t\t\t\t<\/div><!-- .dpt-entry -->\n\t\t\t\t\t\t\t\t\t\t\t\t<div class=\"dpt-entry has-thumbnail\" data-title=\"beruf, weltbild, zukunft: entscheidungen im schatten des umbruchs\" data-id=\"3197\"  data-category=\"allgemein gesellschaft kunst &amp; kultur tipps &amp; anleitungen\" data-post_tag=\"erfahrungen krisen pers\u00f6nlichkeitsentwicklung ratgeber\">\n\t\t\t\t\t\t\t<div class=\"dpt-entry-wrapper\"><div class=\"dpt-featured-content\"><div class=\"dpt-permalink\"><a href=\"https:\/\/www.markus-schall.de\/cs\/2025\/10\/karierni-svet-pohled-na-budouci-rozhodnuti-ve-stinu-otresu\/\" class=\"dpt-permalink\"><span class=\"screen-reader-text\">Kari\u00e9ra, pohled na sv\u011bt, budoucnost: rozhodov\u00e1n\u00ed ve st\u00ednu zm\u011bn<\/span><\/a><\/div><div class=\"dpt-thumbnail\"><div class=\"dpt-thumbnail-inner\"><img width=\"1024\" height=\"683\" class=\"attachment-full size-full\" alt=\"Rozhodnut\u00ed ve st\u00ednu ot\u0159es\u016f\" context=\"dpt\" data-dpt-src=\"https:\/\/www.markus-schall.de\/wp-content\/uploads\/Entscheidungen-im-Schatten-Umbruch.jpg\" data-dpt-sizes=\"(max-width: 1024px) 100vw, 1024px\" data-dpt-srcset=\"https:\/\/www.markus-schall.de\/wp-content\/uploads\/Entscheidungen-im-Schatten-Umbruch.jpg 1024w, https:\/\/www.markus-schall.de\/wp-content\/uploads\/Entscheidungen-im-Schatten-Umbruch-300x200.jpg 300w, https:\/\/www.markus-schall.de\/wp-content\/uploads\/Entscheidungen-im-Schatten-Umbruch-768x512.jpg 768w, https:\/\/www.markus-schall.de\/wp-content\/uploads\/Entscheidungen-im-Schatten-Umbruch-18x12.jpg 18w\" \/><\/div><span class=\"dpt-thumbnail-aspect-ratio\" style=\"padding-top: 75%\"><\/span><\/div><\/div><div class=\"sub-entry\"><h3 class=\"dpt-title\"><a class=\"dpt-title-link\" href=\"https:\/\/www.markus-schall.de\/cs\/2025\/10\/karierni-svet-pohled-na-budouci-rozhodnuti-ve-stinu-otresu\/\" rel=\"bookmark\">Kari\u00e9ra, pohled na sv\u011bt, budoucnost: rozhodov\u00e1n\u00ed ve st\u00ednu zm\u011bn<\/a><\/h3><\/div><\/div>\n\t\t\t\t\t\t<\/div><!-- .dpt-entry -->\n\t\t\t\t\t\t\t\t\t\t\t\t<div class=\"dpt-entry has-thumbnail\" data-title=\"helge schneider: haltung, humor und die freiheit, sich nicht erkl\u00e4ren zu m\u00fcssen\" data-id=\"4756\"  data-category=\"allgemein gesellschaft kunst &amp; kultur\" data-post_tag=\"deutschland erfahrungen meinungsfreiheit musik portrait\">\n\t\t\t\t\t\t\t<div class=\"dpt-entry-wrapper\"><div class=\"dpt-featured-content\"><div class=\"dpt-permalink\"><a href=\"https:\/\/www.markus-schall.de\/cs\/2026\/02\/helge-schneider-postoj-humor-a-svoboda-nemuset-vysvetlovat-sam-sebe\/\" class=\"dpt-permalink\"><span class=\"screen-reader-text\">Helge Schneider: P\u0159\u00edstup, humor a svoboda nemuset se vysv\u011btlovat<\/span><\/a><\/div><div class=\"dpt-thumbnail\"><div class=\"dpt-thumbnail-inner\"><img width=\"1024\" height=\"683\" class=\"attachment-full size-full\" alt=\"Helge Schneider Portr\u00e9t\" context=\"dpt\" data-dpt-src=\"https:\/\/www.markus-schall.de\/wp-content\/uploads\/Helge-Schneider.jpg\" data-dpt-sizes=\"(max-width: 1024px) 100vw, 1024px\" data-dpt-srcset=\"https:\/\/www.markus-schall.de\/wp-content\/uploads\/Helge-Schneider.jpg 1024w, https:\/\/www.markus-schall.de\/wp-content\/uploads\/Helge-Schneider-300x200.jpg 300w, https:\/\/www.markus-schall.de\/wp-content\/uploads\/Helge-Schneider-768x512.jpg 768w, https:\/\/www.markus-schall.de\/wp-content\/uploads\/Helge-Schneider-18x12.jpg 18w\" \/><\/div><span class=\"dpt-thumbnail-aspect-ratio\" style=\"padding-top: 75%\"><\/span><\/div><\/div><div class=\"sub-entry\"><h3 class=\"dpt-title\"><a class=\"dpt-title-link\" href=\"https:\/\/www.markus-schall.de\/cs\/2026\/02\/helge-schneider-postoj-humor-a-svoboda-nemuset-vysvetlovat-sam-sebe\/\" rel=\"bookmark\">Helge Schneider: P\u0159\u00edstup, humor a svoboda nemuset se vysv\u011btlovat<\/a><\/h3><\/div><\/div>\n\t\t\t\t\t\t<\/div><!-- .dpt-entry -->\n\t\t\t\t\t\t\t\t\t\t\t\t<div class=\"dpt-entry has-thumbnail\" data-title=\"die krimtataren \u2013 geschichte, herkunft und gegenwart eines vergessenen volkes\" data-id=\"4154\"  data-category=\"allgemein gesellschaft kunst &amp; kultur\" data-post_tag=\"europa geopolitik krisen meinungsfreiheit\">\n\t\t\t\t\t\t\t<div class=\"dpt-entry-wrapper\"><div class=\"dpt-featured-content\"><div class=\"dpt-permalink\"><a href=\"https:\/\/www.markus-schall.de\/cs\/2025\/12\/krymsti-tatari-historie-puvod-a-soucasnost-zapomenuteho-naroda\/\" class=\"dpt-permalink\"><span class=\"screen-reader-text\">Krym\u0161t\u00ed Tata\u0159i - historie, p\u016fvod a sou\u010dasnost zapomenut\u00e9ho n\u00e1roda<\/span><\/a><\/div><div class=\"dpt-thumbnail\"><div class=\"dpt-thumbnail-inner\"><img width=\"1024\" height=\"683\" class=\"attachment-full size-full\" alt=\"Krymsko-tatarsk\u00e1 step\" context=\"dpt\" data-dpt-src=\"https:\/\/www.markus-schall.de\/wp-content\/uploads\/Krimtartaren-Steppe.jpg\" data-dpt-sizes=\"(max-width: 1024px) 100vw, 1024px\" data-dpt-srcset=\"https:\/\/www.markus-schall.de\/wp-content\/uploads\/Krimtartaren-Steppe.jpg 1024w, https:\/\/www.markus-schall.de\/wp-content\/uploads\/Krimtartaren-Steppe-300x200.jpg 300w, https:\/\/www.markus-schall.de\/wp-content\/uploads\/Krimtartaren-Steppe-768x512.jpg 768w, https:\/\/www.markus-schall.de\/wp-content\/uploads\/Krimtartaren-Steppe-18x12.jpg 18w\" \/><\/div><span class=\"dpt-thumbnail-aspect-ratio\" style=\"padding-top: 75%\"><\/span><\/div><\/div><div class=\"sub-entry\"><h3 class=\"dpt-title\"><a class=\"dpt-title-link\" href=\"https:\/\/www.markus-schall.de\/cs\/2025\/12\/krymsti-tatari-historie-puvod-a-soucasnost-zapomenuteho-naroda\/\" rel=\"bookmark\">Krym\u0161t\u00ed Tata\u0159i - historie, p\u016fvod a sou\u010dasnost zapomenut\u00e9ho n\u00e1roda<\/a><\/h3><\/div><\/div>\n\t\t\t\t\t\t<\/div><!-- .dpt-entry -->\n\t\t\t\t\t\t\n\t\t\t\t<\/div>\n\t\t\t\t\t\t<\/div>\n\t\t\t\n<hr \/>\n<h2>Dieter Bohlen mezi kli\u0161\u00e9 a realitou<\/h2>\n<p>Vn\u00edm\u00e1n\u00ed ve\u0159ejnosti <a href=\"https:\/\/de.wikipedia.org\/wiki\/Dieter_Bohlen\" target=\"_blank\" rel=\"noopener\">Dieter Bohlen<\/a> \u010dasto jako um\u011bl\u00e1 postava: hlasit\u00fd, p\u0159\u00edm\u00fd, n\u011bkdy trochu hrub\u00fd, \u010dasto p\u0159ehnan\u00fd - a v\u017edy s mrknut\u00edm oka. Form\u00e1ty jako Deutschland sucht den Superstar upevnily image, kter\u00e1 ho pro mnoho lid\u00ed redukuje jen na n\u011bkolik charakteristik: slogany, sm\u00edch, z\u00e1bava.<\/p>\n<p>Tento televizn\u00ed obraz je v\u0161ak jen fas\u00e1dou. Skr\u00fdv\u00e1 se za n\u00ed \u010dlov\u011bk, kter\u00fd m\u00e1 jen m\u00e1lo spole\u010dn\u00e9ho s typick\u00fdm romantick\u00fdm obrazem um\u011blce. Bohlen nikdy nebyl \u010dlov\u011bkem, kter\u00fd by se ztr\u00e1cel v tv\u016fr\u010d\u00edch dramatech nebo \u010dekal na velk\u00e9 inspirace. V\u017edy pracoval st\u0159\u00edzliv\u011b, svou hudbu strukturoval, texty stav\u011bl podle osv\u011bd\u010den\u00fdch vzorc\u016f - a to v\u0161e s p\u0159ehledem, kter\u00fd zn\u00e1me sp\u00ed\u0161e z tradi\u010dn\u00edch \u0159emesel.<\/p>\n<h3>Ran\u00e1 l\u00e9ta: Od skromn\u00fdch za\u010d\u00e1tk\u016f k prvn\u00ed hudebn\u00ed jisk\u0159e<\/h3>\n<p>Dieter Bohlen vyrostl v severn\u00edm N\u011bmecku - nejprve na statku v regionu Wesermarsch, pozd\u011bji v n\u011bmeck\u00e9m <a href=\"https:\/\/www.oldenburg.de\" target=\"_blank\" rel=\"noopener\">Oldenburg<\/a>. Jeho rodina byla p\u0159\u00edzemn\u00ed, vyzna\u010dovala se \u0159emeslnou zru\u010dnost\u00ed a podnikavost\u00ed: jeho otec nejprve pracoval na stavb\u011b silnic a pozd\u011bji vedl vlastn\u00ed stavebn\u00ed firmu. Tento sv\u011bt pragmatick\u00e9 pr\u00e1ce, \u010dasn\u00e9ho vst\u00e1v\u00e1n\u00ed a praktick\u00e9ho my\u0161len\u00ed formoval Bohlena v\u00edce, ne\u017e si dnes mnoz\u00ed mysl\u00ed. Hudba ho inspirovala u\u017e od ml\u00e1d\u00ed, ale ne\u010dekal ho \u017e\u00e1dn\u00fd oslniv\u00fd za\u010d\u00e1tek, \u017e\u00e1dn\u00e9 p\u00f3dium - jen v\u016fle vytvo\u0159it n\u011bco vlastn\u00edho.<\/p>\n<h3>Studium, \u010d\u00e1ste\u010dn\u00e9 \u00favazky a po\u010d\u00e1te\u010dn\u00ed ne\u00fasp\u011bchy - nic nedostal darem.<\/h3>\n<p>Na p\u0159\u00e1n\u00ed rodi\u010d\u016f vystudoval Bohlen v G\u00f6ttingenu obchodn\u00ed administrativu a z\u00edskal titul z obchodn\u00ed administrativy. Sou\u010dasn\u011b v\u0161ak psal p\u00edsn\u011b, zakl\u00e1dal mal\u00e9 kapely, op\u011bt neusp\u011bl, vstal, zkusil to znovu. Vyd\u00e1val singly pod pseudonymem, pracoval pro hudebn\u00ed vydavatelstv\u00ed, u\u010dil se mechanice hudebn\u00edho pr\u016fmyslu - \u010dasto bez \u00fasp\u011bchu a bez potlesku. Pr\u00e1v\u011b tato f\u00e1ze ukazuje, jak m\u00e1lo byl Bohlen \u201eproduktem n\u00e1hody\u201c. Jeho cesta nebyla raketov\u00fdm startem, ale kombinac\u00ed discipl\u00edny, hou\u017eevnatosti a schopnosti pokra\u010dovat i po ne\u00fasp\u011b\u0161\u00edch.<\/p>\n<h3>Pr\u016flom: \u00fasp\u011bch jako v\u00fdsledek vytrvalosti, ne \u0161t\u011bst\u00ed<\/h3>\n<p>Od roku 1984 <a href=\"https:\/\/de.wikipedia.org\/wiki\/Modern_Talking\" target=\"_blank\" rel=\"noopener\">Modern\u00ed mluven\u00ed<\/a> nebyl z\u00e1zrak, ale v\u00fdsledek dlouholet\u00e9 tvrd\u00e9 pr\u00e1ce v z\u00e1kulis\u00ed. V t\u00e9 dob\u011b u\u017e m\u011bl Bohlen vybudovan\u00e9 pevn\u00e9 z\u00e1klady - hudebn\u00ed, ekonomick\u00e9 i \u0159emesln\u00e9. Velk\u00fd \u00fasp\u011bch se dostavil proto, \u017ee se n\u011bkdo ze skromn\u00fdch za\u010d\u00e1tk\u016f vypracoval krok za krokem, bez zkratek a bez man\u00e9vrovac\u00edho prostoru.<\/p>\n<p>Pr\u00e1v\u011b tato minulost vysv\u011btluje, pro\u010d je Bohlen dodnes tak jasn\u00fd, p\u0159\u00edm\u00fd a neok\u00e1zal\u00fd: v\u00ed, co znamen\u00e1 v\u0161echno si postavit s\u00e1m.<\/p>\n<h3>\u201eNepova\u017euji se za velk\u00e9ho um\u011blce\u201c - v showbyznysu vz\u00e1cn\u00e1 v\u011bta.<\/h3>\n<p>V jednom ze sv\u00fdch nejslavn\u011bj\u0161\u00edch rozhovor\u016f byl Bohlen dot\u00e1z\u00e1n, zda se pova\u017euje za um\u011blce. Jeho odpov\u011b\u010f p\u0159i\u0161la bez zav\u00e1h\u00e1n\u00ed:<\/p>\n<blockquote><p><em>\u201eNevn\u00edm\u00e1m se ani tak jako um\u011blec. Sp\u00ed\u0161 jako \u0159emesln\u00edk a obchodn\u00edk.\u201c<\/em><\/p><\/blockquote>\n<p>Tato v\u011bta ho vystihuje p\u0159esn\u011bji ne\u017e jak\u00fdkoli um\u011blc\u016fv \u017eivotopis. Zat\u00edmco mnoz\u00ed hudebn\u00edci maj\u00ed tendenci zveli\u010dovat svou pr\u00e1ci velk\u00fdmi slovy nebo p\u0159\u00edb\u011bhy o duchovn\u00ed inspiraci, Bohlen svou vlastn\u00ed tvorbu z\u00e1m\u011brn\u011b demytizuje. Hudbu nevn\u00edm\u00e1 jako bo\u017eskou inspiraci, ale jako pr\u00e1ci: sled krok\u016f, kter\u00e9 se lze nau\u010dit, procvi\u010dovat a zdokonalovat. V dob\u011b, kdy se mnoho lid\u00ed schov\u00e1v\u00e1 za pojem \u201eum\u011bn\u00ed\u201c, p\u016fsob\u00ed tento postoj a\u017e osvobozuj\u00edc\u00edm zp\u016fsobem up\u0159\u00edmn\u011b - a z\u00e1rove\u0148 p\u0159\u00edjemn\u011b starom\u00f3dn\u011b.<\/p>\n<h3>Pe\u010dlivost m\u00edsto m\u00fdt\u016f - Bohlen\u016fv princip<\/h3>\n<p>Bohlen je \u010dlov\u011bk, kter\u00fd rad\u011bji v noci oprav\u00ed dal\u0161\u00ed \u0159\u00e1dek, ne\u017e aby \u010dekal, a\u017e ho pol\u00edb\u00ed m\u00faza. Jeho zp\u016fsob pr\u00e1ce je pragmatick\u00fd, opakovateln\u00fd, jasn\u011b strukturovan\u00fd a p\u0159ekvapiv\u011b neromantick\u00fd. S\u00e1m kdysi \u0159ekl:<\/p>\n<blockquote><p><em>\u201eNakonec prost\u011b mus\u00edte d\u011blat to, na co jsou ostatn\u00ed l\u00edn\u00ed.\u201c<\/em><\/p><\/blockquote>\n<p>Tato v\u011bta by mohla poch\u00e1zet z doby, kdy mist\u0159i je\u0161t\u011b napom\u00ednali sv\u00e9 u\u010dn\u011b. A pozoruhodn\u00e9 je, \u017ee pr\u00e1v\u011b tato z\u00e1sada ho prov\u00e1z\u00ed cel\u00e1 \u010dty\u0159i desetilet\u00ed.<\/p>\n<p>Nen\u00ed n\u00e1hodou, \u017ee Bohlen je tu dodnes, zat\u00edmco mnoz\u00ed \u201eskute\u010dn\u00ed um\u011blci\u201c kolem n\u011bj u\u017e d\u00e1vno zmizeli. Byl prost\u011b d\u016fsledn\u011bj\u0161\u00ed, pracovit\u011bj\u0161\u00ed a d\u016fsledn\u011bj\u0161\u00ed ne\u017e ostatn\u00ed. Tento d\u011blnick\u00fd p\u0159\u00edstup - st\u0159\u00edzliv\u00fd, neafektovan\u00fd, praktick\u00fd - vysv\u011btluje jeho \u00fasp\u011bch l\u00e9pe ne\u017e jak\u00fdkoli um\u011bleck\u00fd m\u00fdtus.<\/p>\n<div class=\"lyte-wrapper\" style=\"width:640px;max-width:100%;margin:5px;\"><div class=\"lyMe\" id=\"WYL_SwEMikWI6iY\"><div id=\"lyte_SwEMikWI6iY\" data-src=\"https:\/\/www.markus-schall.de\/wp-content\/plugins\/wp-youtube-lyte\/lyteCache.php?origThumbUrl=%2F%2Fi.ytimg.com%2Fvi%2FSwEMikWI6iY%2Fhqdefault.jpg\" class=\"pL\"><div class=\"tC\"><div class=\"tT\"><\/div><\/div><div class=\"play\"><\/div><div class=\"ctrl\"><div class=\"Lctrl\"><\/div><div class=\"Rctrl\"><\/div><\/div><\/div><noscript><a href=\"https:\/\/youtu.be\/SwEMikWI6iY\" rel=\"nofollow noopener\" target=\"_blank\"><img loading=\"lazy\" decoding=\"async\" src=\"https:\/\/www.markus-schall.de\/wp-content\/plugins\/wp-youtube-lyte\/lyteCache.php?origThumbUrl=https%3A%2F%2Fi.ytimg.com%2Fvi%2FSwEMikWI6iY%2F0.jpg\" alt=\"Miniatura videa na YouTube\" width=\"640\" height=\"340\" \/><br \/>Pod\u00edvejte se na toto video na YouTube<\/a><\/noscript><\/div><\/div><div class=\"lL\" style=\"max-width:100%;width:640px;margin:5px;\"><\/div><br \/>\nPopov\u00fd tit\u00e1n Dieter Bohlen o sv\u00e9m prvn\u00edm Ferrari, DSDS a akc\u00edch | <a href=\"https:\/\/www.youtube.com\/@EntrepreneurUniversity\" target=\"_blank\" rel=\"noopener\">Podnikatelsk\u00e1 univerzita<\/a><\/p>\n<h2>Pro\u010d je Bohlen nepochopen<\/h2>\n<p>Medi\u00e1ln\u00ed Bohlen - hlasit\u00fd, p\u0159\u00edm\u00fd, provokativn\u00ed - je z\u00e1bavn\u00fd produkt. Soukrom\u00fd Bohlen je v\u0161ak mnohem st\u0159\u00edzliv\u011bj\u0161\u00ed, klidn\u011bj\u0161\u00ed a pragmati\u010dt\u011bj\u0161\u00ed, ne\u017e si mnoz\u00ed mysl\u00ed. A pr\u00e1v\u011b tento kontrast zp\u016fsobuje, \u017ee je \u010dasto podce\u0148ov\u00e1n. Zat\u00edmco ve\u0159ejnost se d\u00edv\u00e1 na jeho televizn\u00ed slogany, p\u0159ehl\u00ed\u017e\u00ed pracovn\u00edka, kter\u00fd se za nimi skr\u00fdv\u00e1: obchodn\u00edka, skladatele, praktika, kter\u00fd se nikdy neost\u00fdchal postavit jednoduch\u00e9 melodie, pokud fungovaly.<\/p>\n<h3>Mu\u017e, kter\u00fd nic nep\u0159edst\u00edr\u00e1<\/h3>\n<p>Je zaj\u00edmav\u00e9, \u017ee Bohlen nikdy nic nep\u0159edst\u00edral - ani v hudb\u011b, ani v \u017eivot\u011b. Nikdy se nesna\u017eil p\u016fsobit intelektu\u00e1ln\u011bji, ne\u017e je. Nikdy nep\u0159edst\u00edral, \u017ee je nepochopen\u00fd um\u011blec. M\u00edsto toho \u0159\u00edkal, co si mysl\u00ed, pracoval, jak uznal za vhodn\u00e9, a bral \u00fasp\u011bch tak, jak p\u0159i\u0161el.<\/p>\n<p>D\u00edky t\u00e9to pr\u016fzra\u010dnosti - n\u011bkdy tvrd\u00e9, n\u011bkdy humorn\u00e9, n\u011bkdy nep\u0159\u00edjemn\u00e9 - je osobnost\u00ed, kter\u00e1 nezapad\u00e1 do modern\u00edho obrazu \u201euhlazen\u00e9ho medi\u00e1ln\u00edho \u010dlov\u011bka\u201c. A pr\u00e1v\u011b to vysv\u011btluje, pro\u010d dnes, kdy mnoh\u00e9 celebrity ml\u010d\u00ed, najednou op\u011bt p\u0159itahuje pozornost:<\/p>\n<p>\u0158\u00edk\u00e1 prost\u011b to, co vid\u00ed - bez patosu, bez dramatizace, ale s p\u0159\u00edmo\u010darost\u00ed, na jakou jsme u\u017e sotva zvykl\u00ed.<\/p>\n<h3>Bezprecedentn\u00ed rekord: 66 zlat\u00fdch desek, v\u00edce ne\u017e 120 milion\u016f prodan\u00fdch nosi\u010d\u016f<\/h3>\n<p>Pokud se na Dietera Bohlena pod\u00edv\u00e1te st\u0159\u00edzliv\u011b, je objem jeho d\u00edla t\u00e9m\u011b\u0159 absurdn\u00ed. V\u00edce ne\u017e 100 ocen\u011bn\u00fdch p\u00edsn\u00ed, nespo\u010det produkc\u00ed, tituly vydan\u00e9 po cel\u00e9m sv\u011bt\u011b, v\u00edce ne\u017e 100 zlat\u00fdch a platinov\u00fdch ocen\u011bn\u00ed - to nen\u00ed oby\u010dejn\u00e1 bilance. Je to \u017eivotn\u00ed d\u00edlo, jak\u00e9 se v N\u011bmecku vid\u00ed jen jednou nebo dvakr\u00e1t za stolet\u00ed. A \u00fa\u017easn\u00e9 na tom je, \u017ee:<\/p>\n<ul>\n<li>Bohlen nikdy nebyl \u201eg\u00e9nius\u201c v klasick\u00e9m slova smyslu.<\/li>\n<li>Nikdy netvrdil, \u017ee m\u00e1 zvl\u00e1\u0161tn\u00ed inspiraci.<\/li>\n<li><strong>Prost\u011b pracoval.<\/strong><\/li>\n<\/ul>\n<p>Ka\u017ed\u00fd den, po cel\u00e1 l\u00e9ta, s discipl\u00ednou a \u010distotou, jakou byste b\u011b\u017en\u011b na\u0161li u tradi\u010dn\u00edho \u0159emesln\u00edka, kter\u00fd chod\u00ed do sv\u00e9 d\u00edlny ka\u017ed\u00fd den, bez dramatu, bez sebemrska\u010dstv\u00ed.<\/p>\n<h3>Psan\u00ed p\u00edsn\u00ed jako proces - ne jako inspirace<\/h3>\n<p>Bohlen si brzy uv\u011bdomil, \u017ee popov\u00e1 hudba funguje podle pravidel. Ne podle m\u00fdt\u016f, ne podle magie. P\u00edse\u0148 pot\u0159ebuje:<\/p>\n<ul>\n<li>rozpoznatelnou strukturu,<\/li>\n<li>jasnou melodii,<\/li>\n<li>Opakovatelnost,<\/li>\n<li>Porozum\u011bn\u00ed c\u00edlov\u00fdm skupin\u00e1m<\/li>\n<li>a odvahu zachovat jednoduchost.<\/li>\n<\/ul>\n<p>Mnoho hudebn\u00edk\u016f selh\u00e1v\u00e1, proto\u017ee cht\u011bj\u00ed b\u00fdt v\u017edy \u201ekreativn\u011bj\u0161\u00ed\u201c, ne\u017e si \u017e\u00e1d\u00e1 trh. Bohlen to tak nikdy nevid\u011bl. Ptal se s\u00e1m sebe:<\/p>\n<blockquote><p><em>\u201eCo funguje - a jak to mohu spolehliv\u011b vyrobit?\u201c<\/em><\/p><\/blockquote>\n<p>Pr\u00e1v\u011b d\u00edky tomuto pragmatick\u00e9mu p\u0159\u00edstupu byl tak produktivn\u00ed. Ne\u010dekal na inspiraci - sedl si a pracoval jako truhl\u00e1\u0159, kter\u00fd stav\u00ed kus n\u00e1bytku.<\/p>\n<h3>Popov\u00fd \u0159emesln\u00edk s nejsiln\u011bj\u0161\u00ed pracovn\u00ed mor\u00e1lkou v oboru<\/h3>\n<p>Zat\u00edmco mnoz\u00ed hudebn\u00edci vydaj\u00ed za sv\u016fj \u017eivot jedno nebo dv\u011b alba, Bohlen je vyd\u00e1v\u00e1 soustavn\u011b po cel\u00e1 desetilet\u00ed - a to tempem, kter\u00e9 je v N\u011bmecku jedine\u010dn\u00e9. N\u011bkdy produkoval i n\u011bkolik p\u00edsn\u00ed t\u00fddn\u011b, vedle toho dohl\u00ed\u017eel na DSDS, psal knihy a realizoval vlastn\u00ed projekty. Zvl\u00e1\u0161tn\u00ed nen\u00ed jen kvantita, ale i soustavnost:<\/p>\n<ul>\n<li>Od modern\u00edho mluven\u00ed k modr\u00e9mu syst\u00e9mu,<\/li>\n<li>nespo\u010det produkc\u00ed pro jin\u00e9 um\u011blce,<\/li>\n<li>a\u017e po jeho produkci DSDS za posledn\u00edch 20 let.<\/li>\n<\/ul>\n<p>Bohlen zanechal svou hudebn\u00ed stopu v n\u011bkolika generac\u00edch - ne d\u00edky inovac\u00edm, ale d\u00edky spolehlivosti. Vytvo\u0159il n\u011bco, co se v hudebn\u00edm pr\u016fmyslu vid\u00ed jen z\u0159\u00eddka: stabiln\u00ed, ru\u010dn\u011b vyr\u00e1b\u011bnou estetiku, kter\u00e1 funguje po cel\u00e1 desetilet\u00ed.<\/p>\n<h3>Pro\u010d jeho \u00fasp\u011bch nen\u00ed n\u00e1hoda<\/h3>\n<p>Kdo se opakovan\u011b dost\u00e1v\u00e1 do \u017eeb\u0159\u00ed\u010dk\u016f po 40 let, nem\u00e1 jen \u0161t\u011bst\u00ed. M\u00e1 jasnou pracovn\u00ed mor\u00e1lku. A s\u00e1m Bohlen ji \u010dasto popisuje takto: prost\u011b d\u011bl\u00e1 to, na co je v\u011bt\u0161ina ostatn\u00edch p\u0159\u00edli\u0161 l\u00edn\u00e1. Je pozoruhodn\u00e9, jak nesentiment\u00e1ln\u011b o sv\u00e9m \u00fasp\u011bchu mluv\u00ed. \u017d\u00e1dn\u00fd patos, \u017e\u00e1dn\u00fd m\u00fdtus, \u017e\u00e1dn\u00fd \u201evelk\u00fd um\u011blec\u201c. Prost\u011b jen pr\u00e1ce.<\/p>\n<p>A pr\u00e1v\u011b tento p\u0159\u00edstup vysv\u011btluje, pro\u010d je st\u00e1le na\u017eivu, zat\u00edmco mnoho jeho sou\u010dasn\u00edk\u016f u\u017e d\u00e1vno zmizelo.<\/p>\n<hr \/>\n<h3>Aktu\u00e1ln\u00ed pr\u016fzkum d\u016fv\u011bry v politiku<\/h3>\n<div class='bootstrap-yop yop-poll-mc'>\n\t\t\t\t\t\t\t<div class=\"basic-yop-poll-container\" style=\"background-color:#ffffff; border:0px; border-style:solid; border-color:#000000; border-radius:5px; padding:0px 5px;\" data-id=\"1\" data-temp=\"basic-pretty\" data-skin=\"square\" data-cscheme=\"blue\" data-cap=\"0\" data-access=\"guest\" data-tid=\"\" data-uid=\"473aafeb0cbfc45e677f9a040e4dd498\" data-pid=\"4154\" data-resdet=\"votes-number,percentages\" data-show-results-to=\"guest\" data-show-results-moment=\"after-vote\" data-show-results-only=\"false\" data-show-message=\"true\" data-show-results-as=\"bar\" data-sort-results-by=\"as-defined\" data-sort-results-rule=\"asc\"data-is-ended=\"0\" data-percentages-decimals=\"2\" data-gdpr=\"no\" data-gdpr-sol=\"consent\" data-css=\"\" data-counter=\"0\" data-load-with=\"1\" data-notification-section=\"top\"><div class=\"row\"><div class=\"col-md-12\"><div class=\"basic-inner\"><div class=\"basic-message hide\" style=\"border-left: 10px solid #008000; padding: 0px 10px;\" data-error=\"#ff0000\" data-success=\"#008000\"><p class=\"basic-message-text\" style=\"color:#000000; font-size:14px; font-weight:normal;\"><\/p><\/div><div class=\"basic-overlay hide\"><div class=\"basic-vote-options\"><\/div><div class=\"basic-preloader\"><div class=\"basic-windows8\"><div class=\"basic-wBall basic-wBall_1\"><div class=\"basic-wInnerBall\"><\/div><\/div><div class=\"basic-wBall basic-wBall_2\"><div class=\"basic-wInnerBall\"><\/div><\/div><div class=\"basic-wBall basic-wBall_3\"><div class=\"basic-wInnerBall\"><\/div><\/div><div class=\"basic-wBall basic-wBall_4\"><div class=\"basic-wInnerBall\"><\/div><\/div><div class=\"basic-wBall basic-wBall_5\"><div class=\"basic-wInnerBall\"><\/div><\/div><\/div><\/div><\/div><form class=\"basic-form\" action=\"\"><input type=\"hidden\" name=\"_token\" value=\"7f7f0cc800\" autocomplete=\"off\"><div class=\"basic-elements\"><div class=\"basic-element basic-question basic-question-text-vertical\" data-id=\"1\" data-uid=\"b59067626ed35368a442b152629f31ef\" data-type=\"question\" data-question-type=\"text\" data-required=\"yes\" data-allow-multiple=\"no\" data-min=\"1\" data-max=\"1\" data-display=\"vertical\" data-colnum=\"\" data-display-others=\"no\" data-others-color=\"\" data-others=\"\" data-others-max-chars=\"0\"><div class=\"basic-question-title\"><h5 style=\"color:#000000; font-size:16px; font-weight:normal; text-align:left;\">Jakou d\u016fv\u011bru m\u00e1te v politiku a m\u00e9dia v N\u011bmecku?<\/h5><\/div><ul class=\"basic-answers\"><li class=\"basic-answer\" style=\"padding:0px 0px;\" data-id=\"1\" data-type=\"text\" data-vn=\"10\" data-color=\"#000000\" data-make-link=\"no\" data-link=\"\"><div class=\"basic-answer-content basic-text-vertical\"><label for=\"answer[1]\" class=\"basic-answer-label\"><input type=\"radio\" id=\"answer[1]\" name=\"answer[1]\" value=\"1\"><span class=\"basic-text\" style=\"color: #000000; font-size: 14px; font-weight: normal;\">Velmi vysok\u00e1 - pln\u011b d\u016fv\u011b\u0159uji ofici\u00e1ln\u00edm org\u00e1n\u016fm<\/span><\/label><\/div><\/li><li class=\"basic-answer\" style=\"padding:0px 0px;\" data-id=\"2\" data-type=\"text\" data-vn=\"22\" data-color=\"#000000\" data-make-link=\"no\" data-link=\"\"><div class=\"basic-answer-content basic-text-vertical\"><label for=\"answer[2]\" class=\"basic-answer-label\"><input type=\"radio\" id=\"answer[2]\" name=\"answer[1]\" value=\"2\"><span class=\"basic-text\" style=\"color: #000000; font-size: 14px; font-weight: normal;\">St\u0159edn\u00ed - Jsem opatrn\u00fd, ale ne z\u00e1sadn\u011b podez\u0159\u00edvav\u00fd.<\/span><\/label><\/div><\/li><li class=\"basic-answer\" style=\"padding:0px 0px;\" data-id=\"3\" data-type=\"text\" data-vn=\"53\" data-color=\"#000000\" data-make-link=\"no\" data-link=\"\"><div class=\"basic-answer-content basic-text-vertical\"><label for=\"answer[3]\" class=\"basic-answer-label\"><input type=\"radio\" id=\"answer[3]\" name=\"answer[1]\" value=\"3\"><span class=\"basic-text\" style=\"color: #000000; font-size: 14px; font-weight: normal;\">N\u00edzk\u00e1 - mnoho v\u011bc\u00ed si kontroluji s\u00e1m<\/span><\/label><\/div><\/li><li class=\"basic-answer\" style=\"padding:0px 0px;\" data-id=\"4\" data-type=\"text\" data-vn=\"250\" data-color=\"#000000\" data-make-link=\"no\" data-link=\"\"><div class=\"basic-answer-content basic-text-vertical\"><label for=\"answer[4]\" class=\"basic-answer-label\"><input type=\"radio\" id=\"answer[4]\" name=\"answer[1]\" value=\"4\"><span class=\"basic-text\" style=\"color: #000000; font-size: 14px; font-weight: normal;\">T\u00e9m\u011b\u0159 neexistuj\u00edc\u00ed - domn\u00edv\u00e1m se, \u017ee mnoh\u00e9 je zast\u0159en\u00e9 nebo zinscenovan\u00e9.<\/span><\/label><\/div><\/li><\/ul><\/div><div class=\"clearfix\"><\/div><\/div><div class=\"basic-vote\"><a href=\"#\" class=\"button basic-vote-button\" role=\"button\" style=\"background:#027bb8; border:0px; border-style: solid; border-color:#1636f0; border-radius:5px; padding:10px 10px; color:#ffffff; font-size:14px; font-weight:normal;\">Hlasujte na<\/a><\/div><input type=\"hidden\" name=\"trp-form-language\" value=\"cs\"\/><\/form><\/div><\/div><\/div><\/div>\n\t\t\t\t\t\t<\/div>\n<hr \/>\n<h2>Bohlen jako soci\u00e1ln\u00ed zrcadlo - popov\u00fd tit\u00e1n, kter\u00fd najednou mluv\u00ed jasnou \u0159e\u010d\u00ed<\/h2>\n<p>Po mnoho let se Bohlen do spole\u010densk\u00fdch a politick\u00fdch debat p\u0159\u00edli\u0161 nezapojoval. Zat\u00edmco jin\u00e9 osobnosti vyjad\u0159ovaly sv\u00e9 postoje - a\u0165 u\u017e se pod\u0159izovaly syst\u00e9mu, nebo se proti n\u011bmu bou\u0159ily - Bohlenov\u00e1 zaryt\u011b ml\u010dela. V bran\u017ei, kde jsou ve\u0159ejn\u00e1 prohl\u00e1\u0161en\u00ed \u010dasto sou\u010d\u00e1st\u00ed byznysu, p\u016fsobilo toto ml\u010den\u00ed t\u00e9m\u011b\u0159 konzervativn\u011b. A pr\u00e1v\u011b t\u00edm bylo zaj\u00edmav\u00e9.<\/p>\n<p>Bylo to ticho \u010dlov\u011bka, kter\u00fd toho hodn\u011b vid\u011bl, ale jen z\u0159\u00eddkakdy c\u00edtil pot\u0159ebu zas\u00e1hnout.<\/p>\n<h3>Okam\u017eik, kdy se ticho st\u00e1v\u00e1 \u0159e\u010d\u00ed<\/h3>\n<p>V ur\u010dit\u00e9m okam\u017eiku se tento obraz zm\u011bnil. V rozhovorech v posledn\u00edch m\u011bs\u00edc\u00edch za\u010dal Bohlen otev\u0159en\u011b mluvit o v\u011bcech, o kter\u00fdch mnoz\u00ed jin\u00ed rad\u011bji ml\u010d\u00ed:<\/p>\n<ul>\n<li>st\u00e1t N\u011bmecko,<\/li>\n<li>hospod\u00e1\u0159sk\u00fd rozvoj,<\/li>\n<li>byrokracie,<\/li>\n<li>nadm\u011brn\u00e1 regulace,<\/li>\n<li>politick\u00e1 malichernost,<\/li>\n<li>soci\u00e1ln\u00ed podr\u00e1\u017ed\u011bn\u00ed,<\/li>\n<li>a st\u00e1le v\u011bt\u0161\u00ed zu\u017eov\u00e1n\u00ed jazyka a my\u0161len\u00ed.<\/li>\n<\/ul>\n<p>Ned\u011blal to agresivn\u011b, rozho\u0159\u010den\u011b ani ideologicky. D\u011blal to stejn\u00fdm zp\u016fsobem, jak\u00fdm mluv\u00ed o hudb\u011b: st\u0159\u00edzliv\u011b, pragmaticky, bez p\u0159\u00edkras. Pr\u00e1v\u011b proto jsou tato prohl\u00e1\u0161en\u00ed tak pozoruhodn\u00e1. Nejsou komponovan\u00e9, nejsou p\u0159ipraven\u00e9, nejsou \u201epoliticky vybrou\u0161en\u00e9\u201c - ale jsou prost\u011b jasnou n\u011bmeckou v\u011btou:<\/p>\n<blockquote><p><em>\u201eTakhle to d\u00e1l nejde.\u201c<\/em><\/p><\/blockquote>\n<h3>Pro\u010d se Bohlen stal jednou z prvn\u00edch celebrit, kter\u00e9 se staly jasn\u011bj\u0161\u00edmi?<\/h3>\n<p>Mnoho um\u011blc\u016f je p\u0159\u00edmo \u010di nep\u0159\u00edmo z\u00e1visl\u00fdch na financov\u00e1n\u00ed, na ve\u0159ejnopr\u00e1vn\u00edch struktur\u00e1ch, na politick\u00fdch s\u00edt\u00edch nebo na pr\u016fmyslu, kter\u00fd r\u00e1d moralizuje, ale m\u00e1lokdy riskuje. Bohlen je naproti tomu nez\u00e1visl\u00fd. M\u00e1 za sebou celo\u017eivotn\u00ed d\u00edlo. Je ekonomicky svobodn\u00fd. A m\u00e1 zna\u010dku, kterou nelze po\u0161kodit, proto\u017ee je stejn\u011b zalo\u017eena na p\u0159\u00edmo\u010darosti.<\/p>\n<p>Kdy\u017e n\u011bkdo jako on promluv\u00ed, nen\u00ed to proto, \u017ee by pot\u0159eboval pozornost - je to proto, \u017ee u\u017e dlouho n\u011bco pozoruje a dos\u00e1hl bodu, kdy u\u017e nechcete ml\u010det.<\/p>\n<h3>Srovn\u00e1n\u00ed s jin\u00fdmi celebritami - odhaluj\u00edc\u00ed spektrum<\/h3>\n<p>Jeho chov\u00e1n\u00ed se zd\u00e1 b\u00fdt obzvl\u00e1\u0161\u0165 jasn\u00e9, kdy\u017e ho porovn\u00e1te s postoji jin\u00fdch osobnost\u00ed:<\/p>\n<ul>\n<li><a href=\"https:\/\/de.wikipedia.org\/wiki\/Nena\" target=\"_blank\" rel=\"noopener\"><strong>Nena<\/strong><\/a>: vzpurn\u00fd, odoln\u00fd, dokonce i proti velk\u00fdm o\u010dek\u00e1v\u00e1n\u00edm; konzistentn\u00ed dodnes.<\/li>\n<li><a href=\"https:\/\/de.wikipedia.org\/wiki\/Wolfgang_Grupp\" target=\"_blank\" rel=\"noopener\"><strong>Wolfgang Grupp<\/strong><\/a>: v posledn\u00edch letech opakovan\u011b varoval p\u0159ed ekonomikou a odpov\u011bdnost\u00ed.<\/li>\n<li><a href=\"https:\/\/de.wikipedia.org\/wiki\/Jan_Josef_Liefers\" target=\"_blank\" rel=\"noopener\"><strong>Jan Josef Liefers<\/strong><\/a>kritick\u00fd, ostra\u017eit\u00fd, s klidnou, t\u00e9m\u011b\u0159 liter\u00e1rn\u00ed skeps\u00ed; nikdy neustoupil.<\/li>\n<\/ul>\n<p>Bohlen je p\u0159esn\u011b mezi nimi: Nen\u00ed rebelem, ale ani obh\u00e1jcem syst\u00e9mu. Je to prost\u011b pragmatick\u00fd pozorovatel, kter\u00fd si v ur\u010dit\u00e9m okam\u017eiku \u0159ekne:<\/p>\n<blockquote><p><em>\u201eU\u017e to tak nefunguje.\u201c<\/em><\/p><\/blockquote>\n<h3>\u0158emesln\u00edk, kter\u00fd mluv\u00ed otev\u0159en\u011b - a pro\u010d je to dnes tak patrn\u00e9<\/h3>\n<p>Ve spole\u010dnosti, kde se mnoh\u00e9 v\u011bci p\u0159\u00edli\u0161 dramatizuj\u00ed a z\u00e1rove\u0148 zaml\u010duj\u00ed, se tento st\u0159\u00edzliv\u00fd postoj zd\u00e1 b\u00fdt t\u00e9m\u011b\u0159 starom\u00f3dn\u00ed. Ale pr\u00e1v\u011b proto je sly\u0161et. Bohlen mluv\u00ed tak, jak pracuje: jasn\u011b, p\u0159\u00edmo, bez nads\u00e1zky, bez metaforick\u00e9ho divadla.<\/p>\n<p>A pr\u00e1v\u011b to je odrazem n\u011bmeck\u00e9 mentality, kterou mnoho lid\u00ed chov\u00e1, ale m\u00e1lokdy ji ve\u0159ejn\u011b vyjad\u0159uje.<\/p>\n<h3>Sm\u00ed\u0161en\u00e9 reakce na rozhovor s Kettnerem: Mezi st\u0159\u00edzlivou kategorizac\u00ed a ostrou kritikou<\/h3>\n<p><a href=\"https:\/\/www.markus-schall.de\/cs\/2025\/11\/dieter-bohlen-srozumitelne-o-tom-proc-nemecko-selhava-kvuli-vlastni-byrokracii\/\"><img loading=\"lazy\" decoding=\"async\" class=\"alignright wp-image-3550\" src=\"https:\/\/www.markus-schall.de\/wp-content\/uploads\/bohlen-kettner-germany.jpg\" alt=\"Dieter Bohlen v rozhovoru s Dominikem Kettnerem\" width=\"360\" height=\"240\" srcset=\"https:\/\/www.markus-schall.de\/wp-content\/uploads\/bohlen-kettner-germany.jpg 1536w, https:\/\/www.markus-schall.de\/wp-content\/uploads\/bohlen-kettner-germany-300x200.jpg 300w, https:\/\/www.markus-schall.de\/wp-content\/uploads\/bohlen-kettner-germany-1024x683.jpg 1024w, https:\/\/www.markus-schall.de\/wp-content\/uploads\/bohlen-kettner-germany-768x512.jpg 768w, https:\/\/www.markus-schall.de\/wp-content\/uploads\/bohlen-kettner-germany-18x12.jpg 18w\" sizes=\"auto, (max-width: 360px) 100vw, 360px\" \/><\/a>Po <a href=\"https:\/\/www.markus-schall.de\/cs\/2025\/11\/dieter-bohlen-srozumitelne-o-tom-proc-nemecko-selhava-kvuli-vlastni-byrokracii\/\"><strong>Rozhovor mezi Dieterem Bohlenem a Dominikem Kettnerem<\/strong><\/a> byla zve\u0159ejn\u011bna, byly reakce pozoruhodn\u011b r\u016fznorod\u00e9. V mnoha alternativn\u00edch nebo podnikatelsky orientovan\u00fdch m\u00e9di\u00edch byl rozhovor p\u0159evzat st\u0159\u00edzliv\u011b - v\u011bt\u0161inou se zam\u011b\u0159en\u00edm na Bohlenovy zku\u0161enosti mezin\u00e1rodn\u011b \u010dinn\u00e9ho podnikatele a jeho jasn\u011b formulovan\u00fd pohled na hospod\u00e1\u0159skou situaci N\u011bmecka. Naproti tomu reakce v hlavn\u00edch p\u0159edn\u00edch m\u00e9di\u00edch byla mnohem kriti\u010dt\u011bj\u0161\u00ed. V n\u011bkter\u00fdch p\u0159\u00edpadech byl Kettner ozna\u010den za \u201ekonspira\u010dn\u00edho teoretika\u201c a bylo nazna\u010dov\u00e1no, \u017ee rozhovor se odehr\u00e1l v politicky vypjat\u00e9m prost\u0159ed\u00ed, a\u010dkoli rozhovor samotn\u00fd nebyl zam\u011b\u0159en na stranickou reklamu nebo geopolitick\u00e9 narativy. P\u0159esto n\u011bkolik v\u00fdznamn\u00fdch m\u00e9di\u00ed reagovalo na rozhovor kriticky, \u010dasto s p\u0159ehnan\u00fdmi titulky, kter\u00e9 jen \u010d\u00e1ste\u010dn\u011b odr\u00e1\u017eely t\u00f3n rozhovoru.<\/p>\n<p>Tento rozpor ukazuje p\u0159edev\u0161\u00edm jednu v\u011bc: rozhovor se stal ho\u0159\u00edc\u00edm sklem, kter\u00e9 jasn\u011b uk\u00e1zalo rozd\u00edln\u00e1 o\u010dek\u00e1v\u00e1n\u00ed a interpreta\u010dn\u00ed r\u00e1mce r\u016fzn\u00fdch medi\u00e1ln\u00edch krajin.<\/p>\n<p>Dieter Bohlen z\u016fst\u00e1v\u00e1 neochv\u011bjn\u00fd: Jak <a href=\"https:\/\/www.welt.de\/vermischtes\/prominente\/article6935854c15b159d12238ae41\/dieter-bohlen-im-ausland-schuetteln-alle-ueber-deutschland-den-kopf.html\" target=\"_blank\" rel=\"noopener\"><strong>Zpr\u00e1vy spole\u010dnosti WELT<\/strong><\/a>, zopakoval sv\u00e9 n\u00e1zory v rozhovoru pro den\u00edk Bild a jasn\u011b je vyj\u00e1d\u0159il:<\/p>\n<blockquote><p><em>\u201eV zahrani\u010d\u00ed nad N\u011bmeckem v\u0161ichni krout\u00ed hlavou.\u201c<\/em><\/p><\/blockquote>\n<h2>Celebrity mezi ml\u010den\u00edm, konformitou a rozporem<\/h2>\n<p>Celebrity maj\u00ed v modern\u00ed spole\u010dnosti zvl\u00e1\u0161tn\u00ed dvoj\u00ed roli: na jedn\u00e9 stran\u011b jsou bavi\u010di, zp\u011bv\u00e1ci, herci a porotci v z\u00e1bavn\u00fdch po\u0159adech. Na druh\u00e9 stran\u011b jsou st\u00e1le v\u00edce vn\u00edm\u00e1ny jako mor\u00e1ln\u00ed hlasy a politi\u010dt\u00ed koment\u00e1to\u0159i - a\u0165 se jim to l\u00edb\u00ed, nebo ne. Mnoz\u00ed z nich reaguj\u00ed na krize, politick\u00e1 rozhodnut\u00ed a spole\u010densk\u00e9 nap\u011bt\u00ed r\u016fzn\u011b. N\u011bkte\u0159\u00ed demonstrativn\u011b podporuj\u00ed vl\u00e1dn\u00ed linii, jin\u00ed z\u016fst\u00e1vaj\u00ed d\u016fsledn\u011b neutr\u00e1ln\u00ed, zat\u00edmco dal\u0161\u00ed riskuj\u00ed svou pov\u011bst t\u00edm, \u017ee j\u00ed nahlas odporuj\u00ed.<\/p>\n<p>Dieter Bohlen pat\u0159\u00ed k pom\u011brn\u011b vz\u00e1cn\u00e9 skupin\u011b: dlouho ml\u010del, nikdy se politicky neprosazoval - a do ve\u0159ejn\u00e9 debaty vstoupil a\u017e velmi pozd\u011b, ale pozoruhodn\u011b jasn\u011b.<\/p>\n<h3>Dieter Bohlen: Pozdn\u00ed vstup, ale jasn\u00e1 slova<\/h3>\n<p>V ned\u00e1vn\u00fdch rozhovorech se Bohlen vyj\u00e1d\u0159il k \u0159ad\u011b ot\u00e1zek, kter\u00e9 mnoho lid\u00ed v zemi c\u00edt\u00ed, ale m\u00e1lokdy je vyjad\u0159uje tak otev\u0159en\u011b. Kritizuje nap\u0159:<\/p>\n<ul>\n<li>co pova\u017euje za nadm\u011brnou byrokracii,<\/li>\n<li>soci\u00e1ln\u00ed syst\u00e9m, kter\u00fd se vymkl kontrole,<\/li>\n<li>st\u00e1le v\u011bt\u0161\u00ed z\u00e1t\u011b\u017e pro \u0161pi\u010dkov\u00e9 pracovn\u00edky,<\/li>\n<li>politicky postavenou \u201efirewall\u201c a zach\u00e1zen\u00ed s voli\u010di AfD,<\/li>\n<li>rostouc\u00ed vzd\u00e1lenost mezi politickou t\u0159\u00eddou a ekonomickou realitou.<\/li>\n<\/ul>\n<p>Mluv\u00ed o soci\u00e1ln\u00edm st\u00e1tu, kter\u00fd je \u201emimo dobro a zlo\u201c, podivuje se nad t\u00edm, \u017ee n\u011bkter\u00e9 strany jsou navzdory vysok\u00fdm volebn\u00edm v\u00fdsledk\u016fm fakticky vylou\u010deny z \u00fa\u010dasti na vl\u00e1d\u011b, a otev\u0159en\u011b prohla\u0161uje, \u017ee hodl\u00e1 opustit N\u011bmecko a mo\u017en\u00e1 i vstoupit do vl\u00e1dy. <a href=\"https:\/\/www.markus-schall.de\/cs\/2025\/10\/emigrace-do-ceske-republiky-moje-cesta-moje-duvody-moje-plany\/\">emigrovat<\/a>, pokud bude zavedena dodate\u010dn\u00e1 da\u0148 z majetku. Nen\u00ed d\u016fle\u017eit\u00e9, zda souhlas\u00edte s ka\u017ed\u00fdm z jeho bod\u016f. Zaj\u00edmav\u00e9 je, jakou roli hraje:<\/p>\n<ul>\n<li>Nen\u00ed to klasick\u00fd intelektu\u00e1l.<\/li>\n<li>Nen\u00ed aktivista.<\/li>\n<li>Nen\u00ed profesion\u00e1ln\u00edm politikem.<\/li>\n<\/ul>\n<p>Je to hudebn\u00ed producent a televizn\u00ed osobnost, kter\u00fd cel\u00fd \u017eivot pracoval, platil dan\u011b a nyn\u00ed m\u00e1 pocit, \u017ee v t\u00e9to zemi nen\u00ed n\u011bco v rovnov\u00e1ze. Pr\u00e1v\u011b proto jsou jeho v\u00fdroky pro mnoh\u00e9 tak hmatateln\u00e9: Nejsou to doktr\u00edny, ale post\u0159ehy \u0159emesln\u00edka, kter\u00fd c\u00edt\u00ed, \u017ee byznys u\u017e nefunguje hladce.<\/p>\n<hr \/>\n\n\t\t\t<div class=\"display-post-types\">\n\n\t\t\t\t\t\t\t<style type=\"text\/css\">\n\t\t\t#dpt-wrapper-814 { --dpt-text-align: left;--dpt-image-crop: center;--dpt-border-radius: 5px;--dpt-h-gutter: 10px;--dpt-v-gutter: 10px; }\t\t\t<\/style>\n\t\t\t<style type=\"text\/css\">#dpt-wrapper-814 { --dpt-title-font-style:normal;--dpt-title-font-weight:600;--dpt-title-line-height:1.5;--dpt-title-text-decoration:none;--dpt-title-text-transform:none;--dpt-excerpt-font-style:normal;--dpt-excerpt-font-weight:400;--dpt-excerpt-line-height:1.5;--dpt-excerpt-text-decoration:none;--dpt-excerpt-text-transform:none;--dpt-meta1-font-style:normal;--dpt-meta1-font-weight:400;--dpt-meta1-line-height:1.9;--dpt-meta1-text-decoration:none;--dpt-meta1-text-transform:none;--dpt-meta2-font-style:normal;--dpt-meta2-font-weight:400;--dpt-meta2-line-height:1.9;--dpt-meta2-text-decoration:none;--dpt-meta2-text-transform:none; }<\/style><div class=\"dpt-main-header\">\n\t\t\t\t\t\t<div class=\"dpt-main-title\">\n\t\t\t\t\t\t\t<span class=\"dpt-main-title-text\">Portr\u00e9ty lid\u00ed s postojem<\/span>\n\t\t\t\t\t\t<\/div>\n\t\t\t\t\t\t\n\t\t\t\t\t\t\n\t\t\t\t\t\t\n\t\t\t\t\t\t<\/div>\t\t\t\n\t\t\t\t<div id=\"dpt-wrapper-814\" class=\"dpt-wrapper dpt-mag1 land1 dpt-cropped dpt-flex-wrap\" >\n\n\t\t\t\t\t\t\t\t\t\t\t<div class=\"dpt-entry has-thumbnail\" data-title=\"warum dieter bohlen spricht, wenn andere schweigen: ein portr\u00e4t \u00fcber flei\u00df und klarheit\" data-id=\"3744\"  data-category=\"allgemein gesellschaft kunst &amp; kultur\" data-post_tag=\"auswandern deutschland erfahrungen krisen meinungsfreiheit musik portrait\">\n\t\t\t\t\t\t\t<div class=\"dpt-entry-wrapper\"><div class=\"dpt-featured-content\"><div class=\"dpt-permalink\"><a href=\"https:\/\/www.markus-schall.de\/cs\/2025\/12\/proc-dieter-bohlen-mluvi-kdyz-ostatni-mlci-portret-pile-a-jasnosti\/\" class=\"dpt-permalink\"><span class=\"screen-reader-text\">Pro\u010d Dieter Bohlen mluv\u00ed, kdy\u017e ostatn\u00ed ml\u010d\u00ed: Portr\u00e9t pracovitosti a jasnosti<\/span><\/a><\/div><div class=\"dpt-thumbnail\"><div class=\"dpt-thumbnail-inner\"><img width=\"1024\" height=\"683\" class=\"attachment-full size-full\" alt=\"\" context=\"dpt\" data-dpt-src=\"https:\/\/www.markus-schall.de\/wp-content\/uploads\/Dieter-Bohlen-Portrait.jpg\" data-dpt-sizes=\"(max-width: 1024px) 100vw, 1024px\" data-dpt-srcset=\"https:\/\/www.markus-schall.de\/wp-content\/uploads\/Dieter-Bohlen-Portrait.jpg 1024w, https:\/\/www.markus-schall.de\/wp-content\/uploads\/Dieter-Bohlen-Portrait-300x200.jpg 300w, https:\/\/www.markus-schall.de\/wp-content\/uploads\/Dieter-Bohlen-Portrait-768x512.jpg 768w, https:\/\/www.markus-schall.de\/wp-content\/uploads\/Dieter-Bohlen-Portrait-18x12.jpg 18w\" \/><\/div><span class=\"dpt-thumbnail-aspect-ratio\" style=\"padding-top: 75%\"><\/span><\/div><\/div><div class=\"sub-entry\"><h3 class=\"dpt-title\"><a class=\"dpt-title-link\" href=\"https:\/\/www.markus-schall.de\/cs\/2025\/12\/proc-dieter-bohlen-mluvi-kdyz-ostatni-mlci-portret-pile-a-jasnosti\/\" rel=\"bookmark\">Pro\u010d Dieter Bohlen mluv\u00ed, kdy\u017e ostatn\u00ed ml\u010d\u00ed: Portr\u00e9t pracovitosti a jasnosti<\/a><\/h3><\/div><\/div>\n\t\t\t\t\t\t<\/div><!-- .dpt-entry -->\n\t\t\t\t\t\t\t\t\t\t\t\t<div class=\"dpt-entry has-thumbnail\" data-title=\"jan-josef liefers: ein portr\u00e4t \u00fcber haltung, herkunft und k\u00fcnstlerische freiheit\" data-id=\"3854\"  data-category=\"allgemein gesellschaft kunst &amp; kultur\" data-post_tag=\"deutschland erfahrungen krisen lernen meinungsfreiheit musik pers\u00f6nlichkeitsentwicklung portrait\">\n\t\t\t\t\t\t\t<div class=\"dpt-entry-wrapper\"><div class=\"dpt-featured-content\"><div class=\"dpt-permalink\"><a href=\"https:\/\/www.markus-schall.de\/cs\/2025\/12\/jan-josef-liefers-portret-postoje-puvodu-a-umelecke-svobody\/\" class=\"dpt-permalink\"><span class=\"screen-reader-text\">Jan-Josef Liefers: Portr\u00e9t postoje, p\u016fvodu a um\u011bleck\u00e9 svobody<\/span><\/a><\/div><div class=\"dpt-thumbnail\"><div class=\"dpt-thumbnail-inner\"><img width=\"1024\" height=\"683\" class=\"attachment-full size-full\" alt=\"Jan-Josef Liefers\" context=\"dpt\" data-dpt-src=\"https:\/\/www.markus-schall.de\/wp-content\/uploads\/jan-josef-liefers-silhouette.jpg\" data-dpt-sizes=\"(max-width: 1024px) 100vw, 1024px\" data-dpt-srcset=\"https:\/\/www.markus-schall.de\/wp-content\/uploads\/jan-josef-liefers-silhouette.jpg 1024w, https:\/\/www.markus-schall.de\/wp-content\/uploads\/jan-josef-liefers-silhouette-300x200.jpg 300w, https:\/\/www.markus-schall.de\/wp-content\/uploads\/jan-josef-liefers-silhouette-768x512.jpg 768w, https:\/\/www.markus-schall.de\/wp-content\/uploads\/jan-josef-liefers-silhouette-18x12.jpg 18w\" \/><\/div><span class=\"dpt-thumbnail-aspect-ratio\" style=\"padding-top: 75%\"><\/span><\/div><\/div><div class=\"sub-entry\"><h3 class=\"dpt-title\"><a class=\"dpt-title-link\" href=\"https:\/\/www.markus-schall.de\/cs\/2025\/12\/jan-josef-liefers-portret-postoje-puvodu-a-umelecke-svobody\/\" rel=\"bookmark\">Jan-Josef Liefers: Portr\u00e9t postoje, p\u016fvodu a um\u011bleck\u00e9 svobody<\/a><\/h3><\/div><\/div>\n\t\t\t\t\t\t<\/div><!-- .dpt-entry -->\n\t\t\t\t\t\t\t\t\t\t\t\t<div class=\"dpt-entry has-thumbnail\" data-title=\"wie tiere zeit wahrnehmen \u2013 und was das f\u00fcr die zukunft der ki bedeutet\" data-id=\"4918\"  data-category=\"allgemein gesellschaft ki-systeme\" data-post_tag=\"denkmodelle erfahrungen k\u00fcnstliche intelligenz llm portrait prozesse sprachmodell\">\n\t\t\t\t\t\t\t<div class=\"dpt-entry-wrapper\"><div class=\"dpt-featured-content\"><div class=\"dpt-permalink\"><a href=\"https:\/\/www.markus-schall.de\/cs\/2026\/02\/jak-zvirata-vnimaji-cas-a-co-to-znamena-pro-budoucnost-ki\/\" class=\"dpt-permalink\"><span class=\"screen-reader-text\">Jak zv\u00ed\u0159ata vn\u00edmaj\u00ed \u010das - a co to znamen\u00e1 pro budoucnost um\u011bl\u00e9 inteligence<\/span><\/a><\/div><div class=\"dpt-thumbnail\"><div class=\"dpt-thumbnail-inner\"><img width=\"1024\" height=\"683\" class=\"attachment-full size-full\" alt=\"Zv\u00ed\u0159ata, um\u011bl\u00e1 inteligence a vn\u00edm\u00e1n\u00ed \u010dasu\" context=\"dpt\" data-dpt-src=\"https:\/\/www.markus-schall.de\/wp-content\/uploads\/Tiere-KI-Zeitwahrnehmung.jpg\" data-dpt-sizes=\"(max-width: 1024px) 100vw, 1024px\" data-dpt-srcset=\"https:\/\/www.markus-schall.de\/wp-content\/uploads\/Tiere-KI-Zeitwahrnehmung.jpg 1024w, https:\/\/www.markus-schall.de\/wp-content\/uploads\/Tiere-KI-Zeitwahrnehmung-300x200.jpg 300w, https:\/\/www.markus-schall.de\/wp-content\/uploads\/Tiere-KI-Zeitwahrnehmung-768x512.jpg 768w, https:\/\/www.markus-schall.de\/wp-content\/uploads\/Tiere-KI-Zeitwahrnehmung-18x12.jpg 18w\" \/><\/div><span class=\"dpt-thumbnail-aspect-ratio\" style=\"padding-top: 75%\"><\/span><\/div><\/div><div class=\"sub-entry\"><h3 class=\"dpt-title\"><a class=\"dpt-title-link\" href=\"https:\/\/www.markus-schall.de\/cs\/2026\/02\/jak-zvirata-vnimaji-cas-a-co-to-znamena-pro-budoucnost-ki\/\" rel=\"bookmark\">Jak zv\u00ed\u0159ata vn\u00edmaj\u00ed \u010das - a co to znamen\u00e1 pro budoucnost um\u011bl\u00e9 inteligence<\/a><\/h3><\/div><\/div>\n\t\t\t\t\t\t<\/div><!-- .dpt-entry -->\n\t\t\t\t\t\t\t\t\t\t\t\t<div class=\"dpt-entry has-thumbnail\" data-title=\"ulrike gu\u00e9rot: eine europ\u00e4erin zwischen idee, universit\u00e4t und \u00f6ffentlichem diskurs\" data-id=\"4039\"  data-category=\"allgemein gesellschaft kunst &amp; kultur\" data-post_tag=\"denkmodelle deutschland europa geopolitik krisen meinungsfreiheit portrait sicherheitspolitik spieltheorie\">\n\t\t\t\t\t\t\t<div class=\"dpt-entry-wrapper\"><div class=\"dpt-featured-content\"><div class=\"dpt-permalink\"><a href=\"https:\/\/www.markus-schall.de\/cs\/2025\/12\/ulrike-guerot-evropsky-mezi-ideou-univerzity-a-verejnym-diskurzem\/\" class=\"dpt-permalink\"><span class=\"screen-reader-text\">Ulrike Gu\u00e9rot: Evropanka mezi my\u0161lenkou, univerzitou a ve\u0159ejn\u00fdm diskurzem<\/span><\/a><\/div><div class=\"dpt-thumbnail\"><div class=\"dpt-thumbnail-inner\"><img width=\"1024\" height=\"683\" class=\"attachment-full size-full\" alt=\"Ulrike Gu\u00e9rot a Evropa\" context=\"dpt\" data-dpt-src=\"https:\/\/www.markus-schall.de\/wp-content\/uploads\/ulrike-guerot-portrait.jpg\" data-dpt-sizes=\"(max-width: 1024px) 100vw, 1024px\" data-dpt-srcset=\"https:\/\/www.markus-schall.de\/wp-content\/uploads\/ulrike-guerot-portrait.jpg 1024w, https:\/\/www.markus-schall.de\/wp-content\/uploads\/ulrike-guerot-portrait-300x200.jpg 300w, https:\/\/www.markus-schall.de\/wp-content\/uploads\/ulrike-guerot-portrait-768x512.jpg 768w, https:\/\/www.markus-schall.de\/wp-content\/uploads\/ulrike-guerot-portrait-18x12.jpg 18w\" \/><\/div><span class=\"dpt-thumbnail-aspect-ratio\" style=\"padding-top: 75%\"><\/span><\/div><\/div><div class=\"sub-entry\"><h3 class=\"dpt-title\"><a class=\"dpt-title-link\" href=\"https:\/\/www.markus-schall.de\/cs\/2025\/12\/ulrike-guerot-evropsky-mezi-ideou-univerzity-a-verejnym-diskurzem\/\" rel=\"bookmark\">Ulrike Gu\u00e9rot: Evropanka mezi my\u0161lenkou, univerzitou a ve\u0159ejn\u00fdm diskurzem<\/a><\/h3><\/div><\/div>\n\t\t\t\t\t\t<\/div><!-- .dpt-entry -->\n\t\t\t\t\t\t\n\t\t\t\t<\/div>\n\t\t\t\t\t\t<\/div>\n\t\t\t\n<hr \/>\n<h3>Jan Josef Liefers a #allesdichtmachen: Rozporupln\u00e1 st\u0159edn\u00ed cesta<\/h3>\n<p>Jan Josef Liefers je obzvl\u00e1\u0161t\u011b zaj\u00edmav\u00fd p\u0159\u00edpad. S kampan\u00ed #allesdichtmachen se v dubnu 2021 zapojil do debaty o koronavirech - satirick\u00fdmi videi, kter\u00e1 kritizovala jednostrannost m\u00e9di\u00ed a politiky. Reakce byly prudk\u00e9:<\/p>\n<ul>\n<li>M\u00e9dia obvinila kampa\u0148 z cynismu,<\/li>\n<li>N\u011bkter\u00e9 \u010d\u00e1sti tisku p\u0159irovn\u00e1valy z\u00fa\u010dastn\u011bn\u00e9 k \u201elater\u00e1ln\u00edm myslitel\u016fm\u201c,<\/li>\n<li>Byl na to vyv\u00edjen masivn\u00ed tlak ve\u0159ejnosti,<\/li>\n<li>N\u011bkte\u0159\u00ed ze z\u00fa\u010dastn\u011bn\u00fdch herc\u016f sv\u00e1 videa st\u00e1hli.<\/li>\n<\/ul>\n<p>Liefers si v\u0161ak st\u00e1l za sv\u00fdm, pozd\u011bji kritizoval tvrdost reakc\u00ed a \u0159ekl, \u017ee v N\u011bmecku m\u016f\u017eete teoreticky \u0159\u00edkat cokoli, ale ne bez n\u00e1sledk\u016f. Stoj\u00ed tedy mezi ob\u011bma t\u00e1bory, ale ne radik\u00e1ln\u011b, n\u00fdbr\u017e skepticky, promy\u0161len\u011b a se zku\u0161enostmi z NDR v pozad\u00ed.<\/p>\n<p>V samostatn\u00e9m \u010dl\u00e1nku uv\u00e1d\u00edm <a href=\"https:\/\/www.markus-schall.de\/cs\/2025\/12\/jan-josef-liefers-portret-postoje-puvodu-a-umelecke-svobody\/\"><strong>Jan-Josef Liefers<\/strong><\/a>, jeho kari\u00e9ru, postoje a \u00fasp\u011bchy v osobn\u00edm portr\u00e9tu.<\/p>\n<h3>Celebrity jako seismografy - ne jako svat\u00ed<\/h3>\n<p>Pokud tyto \u010dty\u0159i postavy postav\u00edte vedle sebe - Bohlen, Nena, Liefers, Grupp - vzniknou zaj\u00edmav\u00e9 linie:<\/p>\n<ul>\n<li><strong>Nena<\/strong>rebelsk\u00e1 povaha, ne\u0161et\u0159\u00ed slovy, kdy\u017e vid\u00ed, \u017ee jsou ohro\u017eeny osobn\u00ed svobody.<\/li>\n<li><strong>Deliverers<\/strong>skeptick\u00fd pozorovatel, kter\u00fd upozor\u0148uje na zaujatost m\u00e9di\u00ed a plat\u00ed za to vysokou cenu.<\/li>\n<li><strong>Wolfgang Grupp<\/strong>: P\u0159ipom\u00edn\u00e1 n\u00e1m to u\u017e l\u00e9ta z ka\u017edodenn\u00ed praxe sv\u00e9 st\u0159edn\u011b velk\u00e9 firmy.<\/li>\n<li><strong>Prkna<\/strong>: pozd\u011b, ale jasn\u011b - ekonomicky nez\u00e1visl\u00fd \u0159emesln\u00edk, kter\u00fd jednodu\u0161e kritizuje stav zem\u011b.<\/li>\n<\/ul>\n<p>\u017d\u00e1dn\u00fd z t\u011bchto postoj\u016f nen\u00ed \u201epravdou\u201c. V\u0161echny \u010dty\u0159i v\u0161ak funguj\u00ed jako seismografy: ukazuj\u00ed, kde le\u017e\u00ed nap\u011bt\u00ed. Ukazuj\u00ed, co lze \u0159\u00edci - a co nikoli. Ukazuj\u00ed, jak se m\u00e9dia a ve\u0159ejnost vyrovn\u00e1vaj\u00ed s odchylkami. A Dieter Bohlen je v t\u00e9to oblasti zvl\u00e1\u0161tn\u00ed postavou:<\/p>\n<p>Nen\u00ed politick\u00fdm aktivistou ani mor\u00e1ln\u00edm kazatelem, ale \u010dlov\u011bkem, kter\u00fd cel\u00fd \u017eivot tvrd\u011b pracoval a nyn\u00ed si uv\u011bdomuje, \u017ee r\u00e1mcov\u00e9 podm\u00ednky se st\u00e1vaj\u00ed k\u0159ehk\u00fdmi. Skute\u010dnost, \u017ee pr\u00e1v\u011b popov\u00fd producent se k tomu vyj\u00e1d\u0159il tak jasn\u011b, vypov\u00edd\u00e1 mnoh\u00e9 o stavu republiky - a o pr\u00e1zdnot\u011b, kterou po sob\u011b v tuto chv\u00edli zanechali klasi\u010dt\u00ed intelektu\u00e1lov\u00e9.<\/p>\n<hr \/>\n<h3>Aktu\u00e1ln\u00ed pr\u016fzkum digitalizace v ka\u017edodenn\u00edm \u017eivot\u011b<\/h3>\n<div class='bootstrap-yop yop-poll-mc'>\n\t\t\t\t\t\t\t<div class=\"basic-yop-poll-container\" style=\"background-color:#ffffff; border:0px; border-style:solid; border-color:#000000; border-radius:5px; padding:0px 5px;\" data-id=\"2\" data-temp=\"basic-pretty\" data-skin=\"square\" data-cscheme=\"blue\" data-cap=\"0\" data-access=\"guest\" data-tid=\"\" data-uid=\"47bbb9694d1ca96085f2a8e50a8b43c7\" data-pid=\"4039\" data-resdet=\"votes-number,percentages\" data-show-results-to=\"guest\" data-show-results-moment=\"after-vote\" data-show-results-only=\"false\" data-show-message=\"true\" data-show-results-as=\"bar\" data-sort-results-by=\"as-defined\" data-sort-results-rule=\"asc\"data-is-ended=\"0\" data-percentages-decimals=\"2\" data-gdpr=\"no\" data-gdpr-sol=\"consent\" data-css=\"\" data-counter=\"0\" data-load-with=\"1\" data-notification-section=\"top\"><div class=\"row\"><div class=\"col-md-12\"><div class=\"basic-inner\"><div class=\"basic-message hide\" style=\"border-left: 10px solid #008000; padding: 0px 10px;\" data-error=\"#ff0000\" data-success=\"#008000\"><p class=\"basic-message-text\" style=\"color:#000000; font-size:14px; font-weight:normal;\"><\/p><\/div><div class=\"basic-overlay hide\"><div class=\"basic-vote-options\"><\/div><div class=\"basic-preloader\"><div class=\"basic-windows8\"><div class=\"basic-wBall basic-wBall_1\"><div class=\"basic-wInnerBall\"><\/div><\/div><div class=\"basic-wBall basic-wBall_2\"><div class=\"basic-wInnerBall\"><\/div><\/div><div class=\"basic-wBall basic-wBall_3\"><div class=\"basic-wInnerBall\"><\/div><\/div><div class=\"basic-wBall basic-wBall_4\"><div class=\"basic-wInnerBall\"><\/div><\/div><div class=\"basic-wBall basic-wBall_5\"><div class=\"basic-wInnerBall\"><\/div><\/div><\/div><\/div><\/div><form class=\"basic-form\" action=\"\"><input type=\"hidden\" name=\"_token\" value=\"91caaf3175\" autocomplete=\"off\"><div class=\"basic-elements\"><div class=\"basic-element basic-question basic-question-text-vertical\" data-id=\"2\" data-uid=\"b24037e2370923182d8816e4c31f8506\" data-type=\"question\" data-question-type=\"text\" data-required=\"yes\" data-allow-multiple=\"no\" data-min=\"1\" data-max=\"1\" data-display=\"vertical\" data-colnum=\"\" data-display-others=\"no\" data-others-color=\"\" data-others=\"\" data-others-max-chars=\"0\"><div class=\"basic-question-title\"><h5 style=\"color:#000000; font-size:16px; font-weight:normal; text-align:left;\">Jak hodnot\u00edte vliv digitalizace na v\u00e1\u0161 ka\u017edodenn\u00ed \u017eivot?<\/h5><\/div><ul class=\"basic-answers\"><li class=\"basic-answer\" style=\"padding:0px 0px;\" data-id=\"5\" data-type=\"text\" data-vn=\"14\" data-color=\"#000000\" data-make-link=\"no\" data-link=\"\"><div class=\"basic-answer-content basic-text-vertical\"><label for=\"answer[5]\" class=\"basic-answer-label\"><input type=\"radio\" id=\"answer[5]\" name=\"answer[2]\" value=\"5\"><span class=\"basic-text\" style=\"color: #000000; font-size: 14px; font-weight: normal;\">Velmi pozitivn\u00ed - vyu\u017e\u00edv\u00e1m ji ka\u017ed\u00fd den<\/span><\/label><\/div><\/li><li class=\"basic-answer\" style=\"padding:0px 0px;\" data-id=\"6\" data-type=\"text\" data-vn=\"13\" data-color=\"#000000\" data-make-link=\"no\" data-link=\"\"><div class=\"basic-answer-content basic-text-vertical\"><label for=\"answer[6]\" class=\"basic-answer-label\"><input type=\"radio\" id=\"answer[6]\" name=\"answer[2]\" value=\"6\"><span class=\"basic-text\" style=\"color: #000000; font-size: 14px; font-weight: normal;\">Sp\u00ed\u0161e pozitivn\u00ed - n\u011bkter\u00e9 v\u011bci se staly jednodu\u0161\u0161\u00edmi<\/span><\/label><\/div><\/li><li class=\"basic-answer\" style=\"padding:0px 0px;\" data-id=\"7\" data-type=\"text\" data-vn=\"29\" data-color=\"#000000\" data-make-link=\"no\" data-link=\"\"><div class=\"basic-answer-content basic-text-vertical\"><label for=\"answer[7]\" class=\"basic-answer-label\"><input type=\"radio\" id=\"answer[7]\" name=\"answer[2]\" value=\"7\"><span class=\"basic-text\" style=\"color: #000000; font-size: 14px; font-weight: normal;\">Sm\u00ed\u0161en\u00e9 - p\u0159in\u00e1\u0161\u00ed v\u00fdhody, ale tak\u00e9 ztr\u00e1tu kontroly.<\/span><\/label><\/div><\/li><li class=\"basic-answer\" style=\"padding:0px 0px;\" data-id=\"8\" data-type=\"text\" data-vn=\"5\" data-color=\"#000000\" data-make-link=\"no\" data-link=\"\"><div class=\"basic-answer-content basic-text-vertical\"><label for=\"answer[8]\" class=\"basic-answer-label\"><input type=\"radio\" id=\"answer[8]\" name=\"answer[2]\" value=\"8\"><span class=\"basic-text\" style=\"color: #000000; font-size: 14px; font-weight: normal;\">Sp\u00ed\u0161e negativn\u00ed - \u010dasto se c\u00edt\u00edm zahlcen\u00fd nebo pozorovan\u00fd.<\/span><\/label><\/div><\/li><li class=\"basic-answer\" style=\"padding:0px 0px;\" data-id=\"9\" data-type=\"text\" data-vn=\"9\" data-color=\"#000000\" data-make-link=\"no\" data-link=\"\"><div class=\"basic-answer-content basic-text-vertical\"><label for=\"answer[9]\" class=\"basic-answer-label\"><input type=\"radio\" id=\"answer[9]\" name=\"answer[2]\" value=\"9\"><span class=\"basic-text\" style=\"color: #000000; font-size: 14px; font-weight: normal;\">Velmi negativn\u00ed - digit\u00e1ln\u00ed syst\u00e9my z velk\u00e9 \u010d\u00e1sti odm\u00edt\u00e1m<\/span><\/label><\/div><\/li><\/ul><\/div><div class=\"clearfix\"><\/div><\/div><div class=\"basic-vote\"><a href=\"#\" class=\"button basic-vote-button\" role=\"button\" style=\"background:#027bb8; border:0px; border-style: solid; border-color:#000000; border-radius:5px; padding:10px 10px; color:#ffffff; font-size:14px; font-weight:normal;\">Hlasujte na<\/a><\/div><input type=\"hidden\" name=\"trp-form-language\" value=\"cs\"\/><\/form><\/div><\/div><\/div><\/div>\n\t\t\t\t\t\t<\/div>\n<hr \/>\n<h2>Co se m\u016f\u017eeme nau\u010dit od Dietera Bohlena - pe\u010dlivost, jasnost a nez\u00e1vislost<\/h2>\n<p>Dieter Bohlen jasn\u011b ukazuje, \u017ee \u00fasp\u011bch m\u00e1 m\u00e1lokdy co do \u010din\u011bn\u00ed s \u201egenialitou\u201c - a hodn\u011b s d\u016fslednou, \u010dasto neok\u00e1zalou prac\u00ed. Nikdy o sob\u011b netvrdil, \u017ee je velk\u00fd um\u011blec. Naopak: s\u00e1m sebe ozna\u010duje za \u0159emesln\u00edka a obchodn\u00edka. To je postoj, kter\u00fd dnes mnoha lidem chyb\u00ed. M\u00edsto \u010dek\u00e1n\u00ed na inspiraci bychom si mohli vz\u00edt p\u0159\u00edklad z Bohlenovy knihy:<\/p>\n<ul>\n<li>ka\u017ed\u00fd den trochu pracovat,<\/li>\n<li>Zjednodu\u0161ujte v\u011bci, m\u00edsto abyste je komplikovali,<\/li>\n<li>p\u0159ij\u00edmat jasn\u00e1 rozhodnut\u00ed,<\/li>\n<li>P\u0159evezm\u011bte odpov\u011bdnost za sv\u00e9 \u010diny.<\/li>\n<\/ul>\n<p>Pro spole\u010dnost, kter\u00e1 se \u010dasto ut\u00e1p\u00ed v abstraktn\u00edch my\u0161lenk\u00e1ch, je to p\u0159ekvapiv\u011b modern\u00ed poselstv\u00ed - pr\u00e1v\u011b proto, \u017ee je tak tradi\u010dn\u00ed.<\/p>\n<h3>Nez\u00e1vislost je tich\u00e1, ale obrovsk\u00e1 hodnota.<\/h3>\n<p>Bohlen na sv\u00e9 nez\u00e1vislosti tvrd\u011b pracoval. Je ekonomicky svobodn\u00fd, nen\u00ed z\u00e1visl\u00fd na financov\u00e1n\u00ed ani na p\u0159\u00edzni v\u00fdbor\u016f \u010di instituc\u00ed. Pr\u00e1v\u011b proto dnes m\u016f\u017ee \u0159\u00edkat v\u011bci, kter\u00fdm se mnoz\u00ed jin\u00ed vyh\u00fdbaj\u00ed. A\u0165 u\u017e s jeho v\u00fdroky souhlas\u00edte, nebo ne:<\/p>\n<p>Jeho nez\u00e1vislost je p\u0159\u00edkladem toho, jak se dlouhodob\u00e1 tvrd\u00e1 pr\u00e1ce nakonec vyplat\u00ed - nejen v pen\u011bz\u00edch, ale i ve svobod\u011b vyjad\u0159ovat vlastn\u00ed post\u0159ehy.<\/p>\n<h3>Jasnost m\u00edsto postoje<\/h3>\n<p>V dob\u011b, kdy se mnoho ve\u0159ejn\u00fdch \u010dinitel\u016f skr\u00fdv\u00e1 za slo\u017eit\u00e9 formulace, PR fr\u00e1ze a mor\u00e1ln\u00ed fr\u00e1ze, je Bohlenova p\u0159\u00edmo\u010darost t\u00e9m\u011b\u0159 osvobozuj\u00edc\u00ed. Nemluv\u00ed v odborn\u00fdch term\u00ednech, v politick\u00e9m k\u00f3du ani v \u201ep\u00f3z\u00e1ch\u201c, kter\u00e9 za n\u011bj n\u011bkdo napsal. Popisuje to, co vid\u00ed - n\u011bkdy drsn\u011b, n\u011bkdy ost\u0159e, ale v\u017edy jazykem, kter\u00e9mu ka\u017ed\u00fd rozum\u00ed.<\/p>\n<p>To m\u016f\u017eete kritizovat. M\u016f\u017eete s n\u00edm nesouhlasit. Ale t\u011b\u017eko ho m\u016f\u017eete kritizovat za to, \u017ee p\u0159edst\u00edr\u00e1.<\/p>\n<h3>Mezi p\u0159izp\u016fsoben\u00edm a vzpourou: pragmatick\u00e1 st\u0159edn\u00ed cesta<\/h3>\n<p>Bohlen nen\u00ed rebel ani symbolick\u00e1 postava odporu. Nen\u00ed ani mluv\u010d\u00edm syst\u00e9mu. Je n\u011bkde uprost\u0159ed - a pr\u00e1v\u011b proto je zaj\u00edmav\u00fd. Jeho postoj je postojem \u010dlov\u011bka, kter\u00fd dlouho pozoruje, dlouho pracuje, dlouho se \u00fa\u010dastn\u00ed - a v ur\u010dit\u00e9m okam\u017eiku si uv\u011bdom\u00ed, \u017ee propast za\u010d\u00edn\u00e1 b\u00fdt p\u0159\u00edli\u0161 velk\u00e1.<\/p>\n<p>Je tedy p\u0159\u00edkladem ml\u010d\u00edc\u00ed v\u011bt\u0161iny, kter\u00e1 se m\u00e1lokdy vyjad\u0159uje, ale c\u00edt\u00ed, \u017ee se n\u011bco m\u011bn\u00ed.<\/p>\n<h3>Co z\u016fst\u00e1v\u00e1 - tich\u00e1 lekce z hlasit\u00e9ho \u017eivota<\/h3>\n<p>Dieter Bohlen nakonec nen\u00ed tak vzru\u0161uj\u00edc\u00ed jako \u201epopov\u00fd tit\u00e1n\u201c, ale jako archetyp d\u011bln\u00edka, kter\u00fd pochopil svou roli:<\/p>\n<ul>\n<li>S\u00e1m sebe nevn\u00edm\u00e1 jako g\u00e9nia.<\/li>\n<li>Sv\u00e9 um\u011bn\u00ed nep\u0159ece\u0148uje.<\/li>\n<li>V\u00ed, \u017ee \u00fasp\u011bch je pom\u00edjiv\u00fd.<\/li>\n<\/ul>\n<p>Z\u00e1rove\u0148 v\u0161ak v\u00ed, \u017ee pe\u010dlivost, \u0159emesln\u00e1 zru\u010dnost a obchodn\u00ed srozumitelnost z\u016fst\u00e1vaj\u00ed v\u017edy zachov\u00e1ny.<\/p>\n<p>Pr\u00e1v\u011b proto stoj\u00ed za to se na n\u011bj d\u00edvat nejen jako na z\u00e1bavnou postavu, ale jako na zrcadlo:<\/p>\n<ul>\n<li>pro n\u00e1\u0161 p\u0159\u00edstup k pr\u00e1ci,<\/li>\n<li>pro n\u00e1\u0161 p\u0159\u00edstup k \u00fasp\u011bchu,<\/li>\n<li>za na\u0161i neochotu mluvit jasn\u011b,<\/li>\n<\/ul>\n<p>a za stav spole\u010dnosti, v n\u00ed\u017e je z\u00e1bava \u010dasto up\u0159\u00edmn\u011bj\u0161\u00ed ne\u017e politika.<\/p>\n<h3>Dieter Bohlen jako nep\u0159\u00edjemn\u011b up\u0159\u00edmn\u00fd prub\u00ed\u0159sk\u00fd k\u00e1men<\/h3>\n<p>Jeho hudba se v\u00e1m nemus\u00ed l\u00edbit. Nemus\u00edte souhlasit s jeho v\u00fdroky. Nemus\u00ed se v\u00e1m l\u00edbit jeho styl. Ale od Dietera Bohlena se m\u016f\u017eete hodn\u011b nau\u010dit:<\/p>\n<ul>\n<li>\u017de pr\u00e1ce je d\u016fle\u017eit\u011bj\u0161\u00ed ne\u017e p\u0159\u00edstup.<\/li>\n<li>Tato nez\u00e1vislost je tichou, ale obrovskou hodnotou.<\/li>\n<li>\u017de jasn\u00e1 slova jsou n\u011bkdy pot\u0159ebn\u011bj\u0161\u00ed ne\u017e dokonal\u00e9 formulace.<\/li>\n<\/ul>\n<p>A \u017ee \u010dlov\u011bk, kter\u00fd se pova\u017euje za \u0159emesln\u00edka a obchodn\u00edka, m\u016f\u017ee b\u00fdt v dob\u011b pln\u00e9 um\u011bl\u00e9 produkce \u00fa\u017easn\u011b poctivou osobnost\u00ed. Mo\u017en\u00e1 pr\u00e1v\u011b v tom spo\u010d\u00edv\u00e1 jeho skute\u010dn\u00fd v\u00fdznam:<\/p>\n<p>Ne v hitech, ne v titulc\u00edch, ne v castingov\u00fdch po\u0159adech - ale v nep\u0159\u00edjemn\u00e9 ot\u00e1zce, kterou n\u00e1m klade:<\/p>\n<blockquote><p><em>Kolik z toho, co d\u011bl\u00e1me, je skute\u010dn\u011b \u0159emesln\u00e1 pr\u00e1ce - a kolik je jen fas\u00e1da?<\/em><\/p><\/blockquote>\n<p><strong>P\u0159e\u010dt\u011bte si tak\u00e9:<\/strong> <a href=\"https:\/\/www.markus-schall.de\/cs\/2025\/12\/stav-nemecke-ekonomiky-2025-pet-let-krize-cisla-trendy-a-vyhled\/\"><strong>Stav n\u011bmeck\u00e9ho hospod\u00e1\u0159stv\u00ed v roce 2025: p\u011bt let krize, \u010d\u00edsla, trendy a v\u00fdhled<\/strong><\/a><\/p>\n<hr \/>\n\n\t\t\t<div class=\"display-post-types\">\n\n\t\t\t\t\t\t\t<style type=\"text\/css\">\n\t\t\t#dpt-wrapper-815 { --dpt-text-align: left;--dpt-image-crop: center;--dpt-border-radius: 5px;--dpt-h-gutter: 10px;--dpt-v-gutter: 10px; }\t\t\t<\/style>\n\t\t\t<style type=\"text\/css\">#dpt-wrapper-815 { --dpt-title-font-style:normal;--dpt-title-font-weight:600;--dpt-title-line-height:1.5;--dpt-title-text-decoration:none;--dpt-title-text-transform:none;--dpt-excerpt-font-style:normal;--dpt-excerpt-font-weight:400;--dpt-excerpt-line-height:1.5;--dpt-excerpt-text-decoration:none;--dpt-excerpt-text-transform:none;--dpt-meta1-font-style:normal;--dpt-meta1-font-weight:400;--dpt-meta1-line-height:1.9;--dpt-meta1-text-decoration:none;--dpt-meta1-text-transform:none;--dpt-meta2-font-style:normal;--dpt-meta2-font-weight:400;--dpt-meta2-line-height:1.9;--dpt-meta2-text-decoration:none;--dpt-meta2-text-transform:none; }<\/style><div class=\"dpt-main-header\">\n\t\t\t\t\t\t<div class=\"dpt-main-title\">\n\t\t\t\t\t\t\t<span class=\"dpt-main-title-text\">Aktu\u00e1ln\u00ed t\u00e9mata o knih\u00e1ch<\/span>\n\t\t\t\t\t\t<\/div>\n\t\t\t\t\t\t\n\t\t\t\t\t\t\n\t\t\t\t\t\t\n\t\t\t\t\t\t<\/div>\t\t\t\n\t\t\t\t<div id=\"dpt-wrapper-815\" class=\"dpt-wrapper dpt-mag1 land1 dpt-cropped dpt-flex-wrap\" >\n\n\t\t\t\t\t\t\t\t\t\t\t<div class=\"dpt-entry has-thumbnail\" data-title=\"dieter bohlen im klartext: warum deutschland an der eigenen b\u00fcrokratie scheitert\" data-id=\"3546\"  data-category=\"allgemein b\u00fccher gesellschaft kunst &amp; kultur\" data-post_tag=\"buch deutschland erfahrungen krisen meinungsfreiheit musik\">\n\t\t\t\t\t\t\t<div class=\"dpt-entry-wrapper\"><div class=\"dpt-featured-content\"><div class=\"dpt-permalink\"><a href=\"https:\/\/www.markus-schall.de\/cs\/2025\/11\/dieter-bohlen-srozumitelne-o-tom-proc-nemecko-selhava-kvuli-vlastni-byrokracii\/\" class=\"dpt-permalink\"><span class=\"screen-reader-text\">Dieter Bohlen srozumiteln\u011b: Pro\u010d N\u011bmecko selh\u00e1v\u00e1 kv\u016fli vlastn\u00ed byrokracii<\/span><\/a><\/div><div class=\"dpt-thumbnail\"><div class=\"dpt-thumbnail-inner\"><img width=\"1536\" height=\"1024\" class=\"attachment-full size-full\" alt=\"Dieter Bohlen v rozhovoru s Dominikem Kettnerem\" context=\"dpt\" data-dpt-src=\"https:\/\/www.markus-schall.de\/wp-content\/uploads\/bohlen-kettner-germany.jpg\" data-dpt-sizes=\"(max-width: 1536px) 100vw, 1536px\" data-dpt-srcset=\"https:\/\/www.markus-schall.de\/wp-content\/uploads\/bohlen-kettner-germany.jpg 1536w, https:\/\/www.markus-schall.de\/wp-content\/uploads\/bohlen-kettner-germany-300x200.jpg 300w, https:\/\/www.markus-schall.de\/wp-content\/uploads\/bohlen-kettner-germany-1024x683.jpg 1024w, https:\/\/www.markus-schall.de\/wp-content\/uploads\/bohlen-kettner-germany-768x512.jpg 768w, https:\/\/www.markus-schall.de\/wp-content\/uploads\/bohlen-kettner-germany-18x12.jpg 18w\" \/><\/div><span class=\"dpt-thumbnail-aspect-ratio\" style=\"padding-top: 75%\"><\/span><\/div><\/div><div class=\"sub-entry\"><h3 class=\"dpt-title\"><a class=\"dpt-title-link\" href=\"https:\/\/www.markus-schall.de\/cs\/2025\/11\/dieter-bohlen-srozumitelne-o-tom-proc-nemecko-selhava-kvuli-vlastni-byrokracii\/\" rel=\"bookmark\">Dieter Bohlen srozumiteln\u011b: Pro\u010d N\u011bmecko selh\u00e1v\u00e1 kv\u016fli vlastn\u00ed byrokracii<\/a><\/h3><\/div><\/div>\n\t\t\t\t\t\t<\/div><!-- .dpt-entry -->\n\t\t\t\t\t\t\t\t\t\t\t\t<div class=\"dpt-entry has-thumbnail\" data-title=\"was bedeutet der spannungsfall in deutschland \u2013 und welche folgen h\u00e4tte er konkret?\" data-id=\"2997\"  data-category=\"allgemein b\u00fccher gesellschaft tipps &amp; anleitungen\" data-post_tag=\"buch deutschland geopolitik gesundheit krisen pers\u00f6nlichkeitsentwicklung ratgeber sicherheitspolitik\">\n\t\t\t\t\t\t\t<div class=\"dpt-entry-wrapper\"><div class=\"dpt-featured-content\"><div class=\"dpt-permalink\"><a href=\"https:\/\/www.markus-schall.de\/cs\/2025\/10\/co-znamena-pokles-napeti-v-nemecku-a-jake-konkretni-dusledky-by-to-melo\/\" class=\"dpt-permalink\"><span class=\"screen-reader-text\">Co znamen\u00e1 pokles nap\u011bt\u00ed v N\u011bmecku - a jak\u00e9 by to m\u011blo konkr\u00e9tn\u00ed d\u016fsledky?<\/span><\/a><\/div><div class=\"dpt-thumbnail\"><div class=\"dpt-thumbnail-inner\"><img width=\"1024\" height=\"683\" class=\"attachment-full size-full\" alt=\"Nap\u00ednac\u00ed sk\u0159\u00ed\u0148 - N\u011bmecko-2025\" context=\"dpt\" data-dpt-src=\"https:\/\/www.markus-schall.de\/wp-content\/uploads\/Spannungsfall-Deutschland-2025.jpg\" data-dpt-sizes=\"(max-width: 1024px) 100vw, 1024px\" data-dpt-srcset=\"https:\/\/www.markus-schall.de\/wp-content\/uploads\/Spannungsfall-Deutschland-2025.jpg 1024w, https:\/\/www.markus-schall.de\/wp-content\/uploads\/Spannungsfall-Deutschland-2025-300x200.jpg 300w, https:\/\/www.markus-schall.de\/wp-content\/uploads\/Spannungsfall-Deutschland-2025-768x512.jpg 768w, https:\/\/www.markus-schall.de\/wp-content\/uploads\/Spannungsfall-Deutschland-2025-18x12.jpg 18w\" \/><\/div><span class=\"dpt-thumbnail-aspect-ratio\" style=\"padding-top: 75%\"><\/span><\/div><\/div><div class=\"sub-entry\"><h3 class=\"dpt-title\"><a class=\"dpt-title-link\" href=\"https:\/\/www.markus-schall.de\/cs\/2025\/10\/co-znamena-pokles-napeti-v-nemecku-a-jake-konkretni-dusledky-by-to-melo\/\" rel=\"bookmark\">Co znamen\u00e1 pokles nap\u011bt\u00ed v N\u011bmecku - a jak\u00e9 by to m\u011blo konkr\u00e9tn\u00ed d\u016fsledky?<\/a><\/h3><\/div><\/div>\n\t\t\t\t\t\t<\/div><!-- .dpt-entry -->\n\t\t\t\t\t\t\t\t\t\t\t\t<div class=\"dpt-entry has-thumbnail\" data-title=\"cmd \u2013 das vergessene problem der modernen medizin\" data-id=\"2493\"  data-category=\"b\u00fccher gesundheit\" data-post_tag=\"buch cmd gesundheit ratgeber verlag\">\n\t\t\t\t\t\t\t<div class=\"dpt-entry-wrapper\"><div class=\"dpt-featured-content\"><div class=\"dpt-permalink\"><a href=\"https:\/\/www.markus-schall.de\/cs\/2025\/08\/cmd-zapomenuty-problem-moderni-mediciny\/\" class=\"dpt-permalink\"><span class=\"screen-reader-text\">CMD - zapomenut\u00fd probl\u00e9m modern\u00ed medic\u00edny<\/span><\/a><\/div><div class=\"dpt-thumbnail\"><div class=\"dpt-thumbnail-inner\"><img width=\"1280\" height=\"1812\" class=\"attachment-full size-full\" alt=\"Kniha: CMD - zapomenut\u00fd probl\u00e9m modern\u00ed medic\u00edny\" context=\"dpt\" data-dpt-src=\"https:\/\/www.markus-schall.de\/wp-content\/uploads\/Cover-Front.jpg\" data-dpt-sizes=\"(max-width: 1280px) 100vw, 1280px\" data-dpt-srcset=\"https:\/\/www.markus-schall.de\/wp-content\/uploads\/Cover-Front.jpg 1280w, https:\/\/www.markus-schall.de\/wp-content\/uploads\/Cover-Front-212x300.jpg 212w, https:\/\/www.markus-schall.de\/wp-content\/uploads\/Cover-Front-723x1024.jpg 723w, https:\/\/www.markus-schall.de\/wp-content\/uploads\/Cover-Front-768x1087.jpg 768w, https:\/\/www.markus-schall.de\/wp-content\/uploads\/Cover-Front-1085x1536.jpg 1085w, https:\/\/www.markus-schall.de\/wp-content\/uploads\/Cover-Front-8x12.jpg 8w\" \/><\/div><span class=\"dpt-thumbnail-aspect-ratio\" style=\"padding-top: 75%\"><\/span><\/div><\/div><div class=\"sub-entry\"><h3 class=\"dpt-title\"><a class=\"dpt-title-link\" href=\"https:\/\/www.markus-schall.de\/cs\/2025\/08\/cmd-zapomenuty-problem-moderni-mediciny\/\" rel=\"bookmark\">CMD - zapomenut\u00fd probl\u00e9m modern\u00ed medic\u00edny<\/a><\/h3><\/div><\/div>\n\t\t\t\t\t\t<\/div><!-- .dpt-entry -->\n\t\t\t\t\t\t\t\t\t\t\t\t<div class=\"dpt-entry has-thumbnail\" data-title=\"mit klarheit durch die krise: wie ki neue perspektiven er\u00f6ffnet\" data-id=\"2436\"  data-category=\"b\u00fccher\" data-post_tag=\"buch krisen k\u00fcnstliche intelligenz lernen pers\u00f6nlichkeitsentwicklung ratgeber\">\n\t\t\t\t\t\t\t<div class=\"dpt-entry-wrapper\"><div class=\"dpt-featured-content\"><div class=\"dpt-permalink\"><a href=\"https:\/\/www.markus-schall.de\/cs\/2025\/08\/srozumitelne-projit-krizi-jak-ki-otevira-nove-perspektivy\/\" class=\"dpt-permalink\"><span class=\"screen-reader-text\">Jasn\u00e9 p\u0159ekon\u00e1n\u00ed krize: jak um\u011bl\u00e1 inteligence otev\u00edr\u00e1 nov\u00e9 perspektivy<\/span><\/a><\/div><div class=\"dpt-thumbnail\"><div class=\"dpt-thumbnail-inner\"><img width=\"838\" height=\"1200\" class=\"attachment-full size-full\" alt=\"Kniha &quot;Krize jako bod obratu - u\u010dit se, r\u016fst, formovat\" context=\"dpt\" data-dpt-src=\"https:\/\/www.markus-schall.de\/wp-content\/uploads\/Krisen-Cover-Front-DEjpg.jpg\" data-dpt-sizes=\"(max-width: 838px) 100vw, 838px\" data-dpt-srcset=\"https:\/\/www.markus-schall.de\/wp-content\/uploads\/Krisen-Cover-Front-DEjpg.jpg 838w, https:\/\/www.markus-schall.de\/wp-content\/uploads\/Krisen-Cover-Front-DEjpg-210x300.jpg 210w, https:\/\/www.markus-schall.de\/wp-content\/uploads\/Krisen-Cover-Front-DEjpg-715x1024.jpg 715w, https:\/\/www.markus-schall.de\/wp-content\/uploads\/Krisen-Cover-Front-DEjpg-768x1100.jpg 768w, https:\/\/www.markus-schall.de\/wp-content\/uploads\/Krisen-Cover-Front-DEjpg-8x12.jpg 8w\" \/><\/div><span class=\"dpt-thumbnail-aspect-ratio\" style=\"padding-top: 75%\"><\/span><\/div><\/div><div class=\"sub-entry\"><h3 class=\"dpt-title\"><a class=\"dpt-title-link\" href=\"https:\/\/www.markus-schall.de\/cs\/2025\/08\/srozumitelne-projit-krizi-jak-ki-otevira-nove-perspektivy\/\" rel=\"bookmark\">Jasn\u00e9 p\u0159ekon\u00e1n\u00ed krize: jak um\u011bl\u00e1 inteligence otev\u00edr\u00e1 nov\u00e9 perspektivy<\/a><\/h3><\/div><\/div>\n\t\t\t\t\t\t<\/div><!-- .dpt-entry -->\n\t\t\t\t\t\t\n\t\t\t\t<\/div>\n\t\t\t\t\t\t<\/div>\n\t\t\t\n<hr \/>\n<h2>\u010casto kladen\u00e9 ot\u00e1zky<\/h2>\n<ol>\n<li><strong>Pro\u010d v\u016fbec stoj\u00ed za to zab\u00fdvat se Dieterem Bohlenem nad r\u00e1mec jeho popov\u00e9 image?<\/strong><br \/>\nProto\u017ee Bohlen se v o\u010d\u00edch ve\u0159ejnosti \u010dasto omezuje na sv\u00e9 televizn\u00ed slogany, je za n\u00edm osobnost, kter\u00e1 m\u00e1 s obvykl\u00fdm um\u011bleck\u00fdm kli\u0161\u00e9 pram\u00e1lo spole\u010dn\u00e9ho. Ka\u017ed\u00fd, kdo se na n\u011bj pod\u00edv\u00e1 st\u0159\u00edzliv\u00fdm pohledem, v n\u011bm rozpozn\u00e1 d\u016fsledn\u011b pracovit\u00e9ho \u0159emesln\u00edka, kter\u00fd pod\u00e1v\u00e1 soustavn\u00e9 v\u00fdkony ji\u017e des\u00edtky let. Pr\u00e1v\u011b tento rozpor z n\u011bj d\u011bl\u00e1 vzru\u0161uj\u00edc\u00ed osobnost, proto\u017ee m\u00e1 jen m\u00e1lo spole\u010dn\u00e9ho s ok\u00e1zal\u00fdm medi\u00e1ln\u00edm obrazem a hodn\u011b spole\u010dn\u00e9ho s tradi\u010dn\u00edmi ctnostmi, jako je p\u00edle, discipl\u00edna a \u010distota.<\/li>\n<li><strong>\u010c\u00edm se Dieter Bohlen li\u0161\u00ed od mnoha jin\u00fdch um\u011blc\u016f sv\u00e9 generace?<\/strong><br \/>\nNeprezentuje se jako \u201eum\u011blec\u201c, ale jako d\u011bln\u00edk. Zat\u00edmco mnoz\u00ed hudebn\u00edci poukazuj\u00ed na velk\u00e9 inspirace, Bohlen v\u017edy d\u00e1val najevo, \u017ee jeho hudba je p\u0159edev\u0161\u00edm v\u00fdsledkem strukturovan\u00e9ho \u0159emesla: melodie, opakov\u00e1n\u00ed, pochopen\u00ed c\u00edlov\u00fdch skupin. Tento v\u011bcn\u00fd p\u0159\u00edstup je vz\u00e1cn\u00fd a vysv\u011btluje, pro\u010d z\u016fst\u00e1v\u00e1 nep\u0159etr\u017eit\u011b \u00fasp\u011b\u0161n\u00fd po tolik desetilet\u00ed.<\/li>\n<li><strong>Pro\u010d se Bohlen rad\u011bji ozna\u010duje za \u0159emesln\u00edka a obchodn\u00edka ne\u017e za um\u011blce?<\/strong><br \/>\nProto\u017ee hudbu vn\u00edm\u00e1 jako pr\u00e1ci - ne jako mystickou tvorbu. Dobr\u00e1 popov\u00e1 p\u00edse\u0148 se pro n\u011bj skl\u00e1d\u00e1 z jasn\u00fdch pravidel, vhledu do psychologie poslucha\u010de a opakovateln\u00fdch vzorc\u016f. Tato otev\u0159enost ohledn\u011b toho, jak popov\u00e1 hudba skute\u010dn\u011b funguje, demystifikuje obraz um\u011blce, ale z\u00e1rove\u0148 \u010din\u00ed jeho tvorbu srozumitelnou a lidskou.<\/li>\n<li><strong>Nen\u00ed hanliv\u00e9 ozna\u010dovat jeho hudbu za \u201epovrchn\u00ed\u201c?<\/strong><br \/>\nNe - naopak. Bohlen s\u00e1m nikdy netvrdil, \u017ee vytv\u00e1\u0159\u00ed hlubok\u00e9 um\u011bn\u00ed. Jeho p\u00edsn\u011b byly z\u00e1m\u011brn\u011b jednoduch\u00e9, proto\u017ee m\u011bly fungovat. Na osmdes\u00e1t\u00e1 l\u00e9ta za nimi st\u00e1lo p\u016fsobiv\u011b precizn\u00ed \u0159emeslo. Ka\u017ed\u00fd, kdo se na jeho hudbu d\u00edv\u00e1 kriticky, ale spravedliv\u011b, rozpozn\u00e1 v jej\u00ed jednoduchosti kvalitu. A to ho odli\u0161uje od mnoha um\u011blc\u016f, kte\u0159\u00ed se p\u0159ece\u0148uj\u00ed.<\/li>\n<li><strong>Jak si vysv\u011btlujete obrovskou produktivitu v\u00edce ne\u017e 3 000 skladeb?<\/strong><br \/>\nProst\u0159ednictv\u00edm pracovn\u00edch postup\u016f, jasn\u00fdch proces\u016f a discipl\u00edny. Bohlen \u010dasto pracoval ka\u017ed\u00fd den, n\u011bkdy i v noci, n\u011bkdy cel\u00e9 t\u00fddny. Opakoval postupy, zdokonaloval \u00fasp\u011b\u0161n\u00e9 vzorce a spol\u00e9hal sp\u00ed\u0161e na zku\u0161enosti ne\u017e na inspiraci. To nen\u00ed ani tak um\u011bleck\u00e1 genialita, jako sp\u00ed\u0161e sm\u011bs cti\u017e\u00e1dosti, hou\u017eevnatosti a opakov\u00e1n\u00ed - klasick\u00fdch \u0159emeslnick\u00fdch ctnost\u00ed.<\/li>\n<li><strong>Pro\u010d Bohlen hudebn\u011b p\u016fsob\u00ed ji\u017e des\u00edtky let?<\/strong><br \/>\nProto\u017ee ned\u011blal geni\u00e1ln\u00ed divadlo. Vytvo\u0159il melodie, kter\u00fdm lid\u00e9 okam\u017eit\u011b rozum\u00ed, a napsal texty, kter\u00e9 jsou snadno p\u0159\u00edstupn\u00e9. D\u016fslednost, s jakou tuto lehkost opakovan\u011b vytv\u00e1\u0159el, je to, co je opravdu p\u016fsobiv\u00e9: Nevynalezl pop music, ale vytvo\u0159il ji efektivn\u011b - a d\u016fsledn\u011b po n\u011bkolik generac\u00ed.<\/li>\n<li><strong>Pro\u010d je jeho sou\u010dasn\u00e1 soci\u00e1ln\u00ed anga\u017eovanost tak pozoruhodn\u00e1?<\/strong><br \/>\nProto\u017ee p\u0159edt\u00edm dlouho ml\u010del. Bohlen nikdy nepat\u0159il k lidem, kte\u0159\u00ed by se politicky vymezovali nebo r\u00e1di moralizovali. Kdy\u017e se n\u011bkdo jako on najednou zab\u00fdv\u00e1 spole\u010densk\u00fdmi st\u00ed\u017enostmi, nen\u00ed to z vypo\u010d\u00edtavosti, ale proto, \u017ee dos\u00e1hl vnit\u0159n\u00edho bodu. Pr\u00e1v\u011b toto zpo\u017ed\u011bn\u00ed dod\u00e1v\u00e1 jeho dne\u0161n\u00edm prohl\u00e1\u0161en\u00edm v\u00e1hu. Nevypad\u00e1 to jako inscenace - ale jako up\u0159\u00edmn\u00e9 podr\u00e1\u017ed\u011bn\u00ed.<\/li>\n<li><strong>Kter\u00fdm t\u00e9mat\u016fm se Bohlen a dal\u0161\u00ed v\u00fdznamn\u00ed kritici v sou\u010dasnosti v\u011bnuj\u00ed nej\u010dast\u011bji?<\/strong><br \/>\n\u010casto jde o byrokracii, ekonomickou z\u00e1t\u011b\u017e, neefektivn\u00ed politick\u00e9 procesy a dojem, \u017ee poskytovatel\u00e9 slu\u017eeb jsou st\u00e1le v\u00edce frustrovan\u00ed. Tato kritika nen\u00ed ideologick\u00e1, ale pragmatick\u00e1. Obvykle poch\u00e1z\u00ed od lid\u00ed, kte\u0159\u00ed tvrd\u011b pracovali, hodn\u011b dos\u00e1hli a maj\u00ed pocit, \u017ee soci\u00e1ln\u00ed r\u00e1mec je st\u00e1le k\u0159eh\u010d\u00ed.<\/li>\n<li><strong>Pro\u010d je dnes Bohlen sly\u0161et \u010dast\u011bji ne\u017e n\u011bkte\u0159\u00ed ve\u0159ejnopr\u00e1vn\u00ed vys\u00edlatel\u00e9?<\/strong><br \/>\nProto\u017ee nem\u00e1 \u017e\u00e1dn\u00fd program. Nemluv\u00ed jm\u00e9nem vys\u00edl\u00e1n\u00ed, jm\u00e9nem politick\u00e9ho t\u00e1bora ani jako mor\u00e1ln\u00ed hlas. Mluv\u00ed jako soukrom\u00e1 osoba s des\u00edtkami let pracovn\u00edch zku\u0161enost\u00ed. Lid\u00e9 tuto nez\u00e1vislost vn\u00edmaj\u00ed. A d\u00edky tomu berou jeho slova v\u00e1\u017en\u011bji, i kdy\u017e nemus\u00ed nutn\u011b souhlasit s ka\u017ed\u00fdm jeho n\u00e1zorem.<\/li>\n<li><strong>Jak se Bohlen li\u0161\u00ed od v\u00fdznamn\u00fdch kritik\u016f syst\u00e9mu, jako je Nena nebo Jan Josef Liefers?<\/strong><br \/>\nNena zaujala jasn\u00e9 stanovisko ji\u017e na po\u010d\u00e1tku, Liefers byl skepti\u010dt\u011bj\u0161\u00ed a liter\u00e1rn\u011bj\u0161\u00ed. Bohlen naproti tomu nen\u00ed ani idealista, ani rebel. Vych\u00e1z\u00ed z d\u011blnick\u00e9 tradice: mluv\u00ed, jen kdy\u017e se mu to zd\u00e1 nezbytn\u00e9. To z n\u011bj d\u011bl\u00e1 hlas ml\u010d\u00edc\u00ed v\u011bt\u0161iny - t\u011bch lid\u00ed, kte\u0159\u00ed dlouho v\u0161e ti\u0161e p\u0159ij\u00edmaj\u00ed, ale v ur\u010dit\u00e9m okam\u017eiku si uv\u011bdom\u00ed, \u017ee n\u011bco nen\u00ed v rovnov\u00e1ze.<\/li>\n<li><strong>Jakou roli hraj\u00ed celebrity ve spole\u010densk\u00fdch debat\u00e1ch?<\/strong><br \/>\nCelebrity st\u00e1le \u010dast\u011bji funguj\u00ed jako seismografy. Ukazuj\u00ed, kde panuje nap\u011bt\u00ed. Nejsou neutr\u00e1ln\u00edmi odborn\u00edky, ale jejich reakce prozrazuj\u00ed mnoh\u00e9 o tom, co se m\u016f\u017ee \u0159\u00edkat, kde le\u017e\u00ed tabu a jak m\u00e9dia nakl\u00e1daj\u00ed s nesouhlasn\u00fdmi hlasy. V tomto smyslu jsou m\u00e9n\u011b mor\u00e1ln\u00edmi v\u016fdci a v\u00edce indik\u00e1tory spole\u010densk\u00e9 nervozity.<\/li>\n<li><strong>Pro\u010d jsou n\u011bkter\u00e9 v\u00fdznamn\u00e9 hlasy tvrd\u011b napad\u00e1ny, zat\u00edmco jin\u00e9 jsou oslavov\u00e1ny?<\/strong><br \/>\nProto\u017ee celebrity nejsou ve skute\u010dnosti posuzov\u00e1ny podle obsahu, ale podle sv\u00e9ho postaven\u00ed v kulturn\u00ed mocensk\u00e9 struktu\u0159e. V\u00fdroky bl\u00edzk\u00e9 syst\u00e9mu jsou odm\u011b\u0148ov\u00e1ny, zat\u00edmco kritick\u00e9 hlasy jsou \u010dasto pova\u017eov\u00e1ny za hrozbu. To bylo velmi z\u0159eteln\u011b vid\u011bt na #allesdichtmachen. Toto nerovn\u00e9 zach\u00e1zen\u00ed \u010din\u00ed t\u011bch n\u011bkolik m\u00e1lo nez\u00e1visl\u00fdch hlas\u016f je\u0161t\u011b cenn\u011bj\u0161\u00edmi.<\/li>\n<li><strong>Je Dieter Bohlen politik?<\/strong><br \/>\nNe - alespo\u0148 ne v klasick\u00e9m smyslu. Nen\u00ed ani ideologick\u00fd, ani programov\u00fd. Je to ekonomicky nez\u00e1visl\u00fd pragmatik, kter\u00fd se vyjad\u0159uje k v\u011bcem, kter\u00e9 pozoruje a kter\u00e9 se mu zdaj\u00ed nelogick\u00e9. Pr\u00e1v\u011b tato neideologi\u010dnost \u010din\u00ed jeho v\u00fdroky pro mnoho lid\u00ed d\u016fv\u011bryhodn\u00fdmi.<\/li>\n<li><strong>Pro\u010d tak siln\u011b polarizuje, i kdy\u017e je vlastn\u011b apolitick\u00fd?<\/strong><br \/>\nProto\u017ee p\u0159\u00edmost je dnes v N\u011bmecku rychle interpretov\u00e1na jako provokace. Bohlen se vyjad\u0159uje jednodu\u0161e, ani\u017e by jeho slova proch\u00e1zela PR filtry. Tato up\u0159\u00edmnost se dnes zd\u00e1 b\u00fdt neobvykl\u00e1 - a rychle se m\u011bn\u00ed v polarizaci. Ale on nen\u00ed agresivn\u00ed, jen jasn\u00fd. A jasnost se ve ve\u0159ejn\u00e9m prostoru stala vz\u00e1cnost\u00ed.<\/li>\n<li><strong>Co se mohou \u010dten\u00e1\u0159i z jeho \u017eivota nau\u010dit?<\/strong><br \/>\nP\u0159edev\u0161\u00edm si uv\u011bdomit, \u017ee \u00fasp\u011bch se skl\u00e1d\u00e1 z mnoha mal\u00fdch krok\u016f, kter\u00e9 se d\u011blaj\u00ed soustavn\u011b v pr\u016fb\u011bhu let. Spole\u010dnost Bohlen se vyzna\u010duje p\u0159\u00edstupem, kter\u00fd klade d\u016fraz na tradi\u010dn\u00ed hodnoty, jako je pe\u010dlivost, p\u0159esnost, strukturovan\u00e9 procesy a opakovatelnost. V\u011bci, kter\u00e9 dlouho nebyly v m\u00f3d\u011b - ale v dob\u011b digitalizace nab\u00fdvaj\u00ed op\u011bt obrovsk\u00e9ho v\u00fdznamu.<\/li>\n<li><strong>Je jeho zp\u016fsob pr\u00e1ce v modern\u00edm sv\u011bt\u011b st\u00e1le aktu\u00e1ln\u00ed?<\/strong><br \/>\nV\u00edce ne\u017e kdy jindy. V dob\u011b, kdy v\u0161ude dominuje povrchn\u00ed v\u00fdkon a rychl\u00e9 efekty, n\u00e1m lid\u00e9 jako Bohlen p\u0159ipom\u00ednaj\u00ed, \u017ee stabiln\u00ed v\u00fdsledky t\u00e9m\u011b\u0159 v\u017edy vych\u00e1zej\u00ed z dlouhodob\u00e9 pr\u00e1ce. Jeho \u0159emeslo - ne jeho hudba - je to, co je vlastn\u011b nad\u010dasov\u00e9. Je jak\u00fdmsi protimodelem dne\u0161n\u00ed ekonomiky pozornosti.<\/li>\n<li><strong>Pro\u010d je Bohlen zaj\u00edmav\u00fd tak\u00e9 jako soci\u00e1ln\u00ed zrcadlo?<\/strong><br \/>\nProto\u017ee se na v\u011bci d\u00edv\u00e1 z nedramatick\u00e9 perspektivy. Nep\u0159eh\u00e1n\u00ed, nemoralizuje, neztr\u00e1c\u00ed se v intelektualismu. M\u00edsto toho pojmenov\u00e1v\u00e1 v\u00fdvoj, kter\u00fd mnoz\u00ed lid\u00e9 tak\u00e9 poci\u0165uj\u00ed. To z n\u011bj \u010din\u00ed zrcadlo pro \u0161irokou \u010d\u00e1st spole\u010dnosti, kter\u00e1 se jen z\u0159\u00eddkakdy artikuluje, ale je siln\u011b zasa\u017eena.<\/li>\n<li><strong>Jak\u00fd dlouhodob\u00fd \u00fa\u010dinek m\u016f\u017ee m\u00edt jeho postoj?<\/strong><br \/>\nKdy\u017e lid\u00e9 jako Bohlen \u0159\u00edkaj\u00ed ve\u0159ejn\u011b to, co si mnoz\u00ed mysl\u00ed v soukrom\u00ed, \u010dasto doch\u00e1z\u00ed k posunu v debat\u011b. Tyto posuny jsou pomal\u00e9, ale znateln\u00e9. Otev\u00edraj\u00ed prostor pro dal\u0161\u00ed hlasy, kter\u00e9 se d\u0159\u00edve neodv\u00e1\u017eily promluvit. A ukazuj\u00ed: Jasnost nen\u00ed zlo\u010din - ale forma odpov\u011bdnosti.<\/li>\n<\/ol>\n<hr \/>\n\n\t\t\t<div class=\"display-post-types\">\n\n\t\t\t\t\t\t\t<style type=\"text\/css\">\n\t\t\t#dpt-wrapper-816 { --dpt-text-align: left;--dpt-image-crop: center;--dpt-border-radius: 5px;--dpt-h-gutter: 10px;--dpt-v-gutter: 9px; }\t\t\t<\/style>\n\t\t\t<style type=\"text\/css\">#dpt-wrapper-816 { --dpt-title-font-style:normal;--dpt-title-font-weight:600;--dpt-title-line-height:1.5;--dpt-title-text-decoration:none;--dpt-title-text-transform:none;--dpt-excerpt-font-style:normal;--dpt-excerpt-font-weight:400;--dpt-excerpt-line-height:1.5;--dpt-excerpt-text-decoration:none;--dpt-excerpt-text-transform:none;--dpt-meta1-font-style:normal;--dpt-meta1-font-weight:400;--dpt-meta1-line-height:1.9;--dpt-meta1-text-decoration:none;--dpt-meta1-text-transform:none;--dpt-meta2-font-style:normal;--dpt-meta2-font-weight:400;--dpt-meta2-line-height:1.9;--dpt-meta2-text-decoration:none;--dpt-meta2-text-transform:none; }<\/style><div class=\"dpt-main-header\">\n\t\t\t\t\t\t<div class=\"dpt-main-title\">\n\t\t\t\t\t\t\t<span class=\"dpt-main-title-text\">Aktu\u00e1ln\u00ed \u010dl\u00e1nky o um\u011bn\u00ed a kultu\u0159e<\/span>\n\t\t\t\t\t\t<\/div>\n\t\t\t\t\t\t\n\t\t\t\t\t\t\n\t\t\t\t\t\t\n\t\t\t\t\t\t<\/div>\t\t\t\n\t\t\t\t<div id=\"dpt-wrapper-816\" class=\"dpt-wrapper dpt-mag1 land1 dpt-cropped dpt-flex-wrap\" >\n\n\t\t\t\t\t\t\t\t\t\t\t<div class=\"dpt-entry has-thumbnail\" data-title=\"die krimtataren \u2013 geschichte, herkunft und gegenwart eines vergessenen volkes\" data-id=\"4154\"  data-category=\"allgemein gesellschaft kunst &amp; kultur\" data-post_tag=\"europa geopolitik krisen meinungsfreiheit\">\n\t\t\t\t\t\t\t<div class=\"dpt-entry-wrapper\"><div class=\"dpt-featured-content\"><div class=\"dpt-permalink\"><a href=\"https:\/\/www.markus-schall.de\/cs\/2025\/12\/krymsti-tatari-historie-puvod-a-soucasnost-zapomenuteho-naroda\/\" class=\"dpt-permalink\"><span class=\"screen-reader-text\">Krym\u0161t\u00ed Tata\u0159i - historie, p\u016fvod a sou\u010dasnost zapomenut\u00e9ho n\u00e1roda<\/span><\/a><\/div><div class=\"dpt-thumbnail\"><div class=\"dpt-thumbnail-inner\"><img width=\"1024\" height=\"683\" class=\"attachment-full size-full\" alt=\"Krymsko-tatarsk\u00e1 step\" context=\"dpt\" data-dpt-src=\"https:\/\/www.markus-schall.de\/wp-content\/uploads\/Krimtartaren-Steppe.jpg\" data-dpt-sizes=\"(max-width: 1024px) 100vw, 1024px\" data-dpt-srcset=\"https:\/\/www.markus-schall.de\/wp-content\/uploads\/Krimtartaren-Steppe.jpg 1024w, https:\/\/www.markus-schall.de\/wp-content\/uploads\/Krimtartaren-Steppe-300x200.jpg 300w, https:\/\/www.markus-schall.de\/wp-content\/uploads\/Krimtartaren-Steppe-768x512.jpg 768w, https:\/\/www.markus-schall.de\/wp-content\/uploads\/Krimtartaren-Steppe-18x12.jpg 18w\" \/><\/div><span class=\"dpt-thumbnail-aspect-ratio\" style=\"padding-top: 75%\"><\/span><\/div><\/div><div class=\"sub-entry\"><h3 class=\"dpt-title\"><a class=\"dpt-title-link\" href=\"https:\/\/www.markus-schall.de\/cs\/2025\/12\/krymsti-tatari-historie-puvod-a-soucasnost-zapomenuteho-naroda\/\" rel=\"bookmark\">Krym\u0161t\u00ed Tata\u0159i - historie, p\u016fvod a sou\u010dasnost zapomenut\u00e9ho n\u00e1roda<\/a><\/h3><\/div><\/div>\n\t\t\t\t\t\t<\/div><!-- .dpt-entry -->\n\t\t\t\t\t\t\t\t\t\t\t\t<div class=\"dpt-entry has-thumbnail\" data-title=\"dieter hallervorden \u2013 mehr als didi: portr\u00e4t eines unbequemen freigeists\" data-id=\"4347\"  data-category=\"gesellschaft kunst &amp; kultur stories &amp; humor\" data-post_tag=\"erfahrungen meinungsfreiheit musik portrait\">\n\t\t\t\t\t\t\t<div class=\"dpt-entry-wrapper\"><div class=\"dpt-featured-content\"><div class=\"dpt-permalink\"><a href=\"https:\/\/www.markus-schall.de\/cs\/2026\/01\/dieter-hallervorden-vice-nez-didi-portret-nepohodlneho-svobodneho-ducha\/\" class=\"dpt-permalink\"><span class=\"screen-reader-text\">Dieter Hallervorden - V\u00edce ne\u017e Didi: Portr\u00e9t nepohodln\u00e9ho svobodn\u00e9ho ducha<\/span><\/a><\/div><div class=\"dpt-thumbnail\"><div class=\"dpt-thumbnail-inner\"><img width=\"1024\" height=\"683\" class=\"attachment-full size-full\" alt=\"Dieter Hallervorden a W\u00fchlm\u00e4use v Berl\u00edn\u011b\" context=\"dpt\" data-dpt-src=\"https:\/\/www.markus-schall.de\/wp-content\/uploads\/Dieter-Hallvervorden-Wuehlmaeuse.jpg\" data-dpt-sizes=\"(max-width: 1024px) 100vw, 1024px\" data-dpt-srcset=\"https:\/\/www.markus-schall.de\/wp-content\/uploads\/Dieter-Hallvervorden-Wuehlmaeuse.jpg 1024w, https:\/\/www.markus-schall.de\/wp-content\/uploads\/Dieter-Hallvervorden-Wuehlmaeuse-300x200.jpg 300w, https:\/\/www.markus-schall.de\/wp-content\/uploads\/Dieter-Hallvervorden-Wuehlmaeuse-768x512.jpg 768w, https:\/\/www.markus-schall.de\/wp-content\/uploads\/Dieter-Hallvervorden-Wuehlmaeuse-18x12.jpg 18w\" \/><\/div><span class=\"dpt-thumbnail-aspect-ratio\" style=\"padding-top: 75%\"><\/span><\/div><\/div><div class=\"sub-entry\"><h3 class=\"dpt-title\"><a class=\"dpt-title-link\" href=\"https:\/\/www.markus-schall.de\/cs\/2026\/01\/dieter-hallervorden-vice-nez-didi-portret-nepohodlneho-svobodneho-ducha\/\" rel=\"bookmark\">Dieter Hallervorden - V\u00edce ne\u017e Didi: Portr\u00e9t nepohodln\u00e9ho svobodn\u00e9ho ducha<\/a><\/h3><\/div><\/div>\n\t\t\t\t\t\t<\/div><!-- .dpt-entry -->\n\t\t\t\t\t\t\t\t\t\t\t\t<div class=\"dpt-entry has-thumbnail\" data-title=\"zukunft mit ladeger\u00e4t \u2013 herr von l&#8217;oreot kauft einen e-scooter\" data-id=\"3229\"  data-category=\"allgemein gesellschaft kunst &amp; kultur stories &amp; humor\" data-post_tag=\"erfahrungen\">\n\t\t\t\t\t\t\t<div class=\"dpt-entry-wrapper\"><div class=\"dpt-featured-content\"><div class=\"dpt-permalink\"><a href=\"https:\/\/www.markus-schall.de\/cs\/2025\/10\/budoucnost-s-nabijeckou-pan-von-loreot-si-koupi-elektronicky-skutr\/\" class=\"dpt-permalink\"><span class=\"screen-reader-text\">Budoucnost s nab\u00edje\u010dkou - pan von L'oreot kupuje e-kolob\u011b\u017eku<\/span><\/a><\/div><div class=\"dpt-thumbnail\"><div class=\"dpt-thumbnail-inner\"><img width=\"1024\" height=\"747\" class=\"attachment-full size-full\" alt=\"\" context=\"dpt\" data-dpt-src=\"https:\/\/www.markus-schall.de\/wp-content\/uploads\/loereot-e-scooter-1.jpg\" data-dpt-sizes=\"(max-width: 1024px) 100vw, 1024px\" data-dpt-srcset=\"https:\/\/www.markus-schall.de\/wp-content\/uploads\/loereot-e-scooter-1.jpg 1024w, https:\/\/www.markus-schall.de\/wp-content\/uploads\/loereot-e-scooter-1-300x219.jpg 300w, https:\/\/www.markus-schall.de\/wp-content\/uploads\/loereot-e-scooter-1-768x560.jpg 768w, https:\/\/www.markus-schall.de\/wp-content\/uploads\/loereot-e-scooter-1-16x12.jpg 16w\" \/><\/div><span class=\"dpt-thumbnail-aspect-ratio\" style=\"padding-top: 75%\"><\/span><\/div><\/div><div class=\"sub-entry\"><h3 class=\"dpt-title\"><a class=\"dpt-title-link\" href=\"https:\/\/www.markus-schall.de\/cs\/2025\/10\/budoucnost-s-nabijeckou-pan-von-loreot-si-koupi-elektronicky-skutr\/\" rel=\"bookmark\">Budoucnost s nab\u00edje\u010dkou - pan von L'oreot kupuje e-kolob\u011b\u017eku<\/a><\/h3><\/div><\/div>\n\t\t\t\t\t\t<\/div><!-- .dpt-entry -->\n\t\t\t\t\t\t\t\t\t\t\t\t<div class=\"dpt-entry has-thumbnail\" data-title=\"spieltheorie erkl\u00e4rt 25 jahre geopolitik: wie europa seine strategische rolle verlor\" data-id=\"3850\"  data-category=\"allgemein gesellschaft kunst &amp; kultur\" data-post_tag=\"denkmodelle deutschland energiepolitik eu-gesetze europa geopolitik krisen sicherheitspolitik spieltheorie\">\n\t\t\t\t\t\t\t<div class=\"dpt-entry-wrapper\"><div class=\"dpt-featured-content\"><div class=\"dpt-permalink\"><a href=\"https:\/\/www.markus-schall.de\/cs\/2025\/12\/teorie-her-vysvetluje-25-let-geopolitiky-jak-evropa-ztratila-svou-strategickou-roli\/\" class=\"dpt-permalink\"><span class=\"screen-reader-text\">Teorie her vysv\u011btluje 25 let geopolitiky: Jak Evropa ztratila svou strategickou roli<\/span><\/a><\/div><div class=\"dpt-thumbnail\"><div class=\"dpt-thumbnail-inner\"><img width=\"1024\" height=\"765\" class=\"attachment-full size-full\" alt=\"Teorie her vysv\u011btluje 25 let geopolitiky\" context=\"dpt\" data-dpt-src=\"https:\/\/www.markus-schall.de\/wp-content\/uploads\/europa-russland-spieltheorie.jpg\" data-dpt-sizes=\"(max-width: 1024px) 100vw, 1024px\" data-dpt-srcset=\"https:\/\/www.markus-schall.de\/wp-content\/uploads\/europa-russland-spieltheorie.jpg 1024w, https:\/\/www.markus-schall.de\/wp-content\/uploads\/europa-russland-spieltheorie-300x224.jpg 300w, https:\/\/www.markus-schall.de\/wp-content\/uploads\/europa-russland-spieltheorie-768x574.jpg 768w, https:\/\/www.markus-schall.de\/wp-content\/uploads\/europa-russland-spieltheorie-16x12.jpg 16w\" \/><\/div><span class=\"dpt-thumbnail-aspect-ratio\" style=\"padding-top: 75%\"><\/span><\/div><\/div><div class=\"sub-entry\"><h3 class=\"dpt-title\"><a class=\"dpt-title-link\" href=\"https:\/\/www.markus-schall.de\/cs\/2025\/12\/teorie-her-vysvetluje-25-let-geopolitiky-jak-evropa-ztratila-svou-strategickou-roli\/\" rel=\"bookmark\">Teorie her vysv\u011btluje 25 let geopolitiky: Jak Evropa ztratila svou strategickou roli<\/a><\/h3><\/div><\/div>\n\t\t\t\t\t\t<\/div><!-- .dpt-entry -->\n\t\t\t\t\t\t\n\t\t\t\t<\/div>\n\t\t\t\t\t\t<\/div>\n\t\t\t\n<hr \/>","protected":false},"excerpt":{"rendered":"<p>Jsou osobnosti, kter\u00e9 skute\u010dn\u011b pochop\u00edte, a\u017e kdy\u017e se odpout\u00e1te od jejich ve\u0159ejn\u00e9ho obrazu. Dieter Bohlen pat\u0159\u00ed p\u0159esn\u011b do t\u00e9to kategorie. Po hudebn\u00ed str\u00e1nce s\u00e1m nejsem velk\u00fdm p\u0159\u00edznivcem jeho plytk\u00fdch, \u010dasto velmi jednoduch\u00fdch melodi\u00ed - a p\u0159esto, abych byl spravedliv\u00fd, je t\u0159eba \u0159\u00edci, \u017ee na osmdes\u00e1t\u00e1 l\u00e9ta to, co vytvo\u0159il, bylo ... <a title=\"Teorie her vysv\u011btluje 25 let geopolitiky: Jak Evropa ztratila svou strategickou roli\" class=\"read-more\" href=\"https:\/\/www.markus-schall.de\/cs\/2025\/12\/teorie-her-vysvetluje-25-let-geopolitiky-jak-evropa-ztratila-svou-strategickou-roli\/\" aria-label=\"\u010c\u00edst v\u00edce o Teorie her vysv\u011btluje 25 let geopolitiky: Jak Evropa ztratila svou strategickou roli\">\u010c\u00edst d\u00e1l<\/a><\/p>","protected":false},"author":1,"featured_media":3785,"comment_status":"open","ping_status":"open","sticky":false,"template":"","format":"standard","meta":{"iawp_total_views":190,"footnotes":""},"categories":[1,466,472],"tags":[467,480,458,426,476,483,477],"class_list":["post-3744","post","type-post","status-publish","format-standard","has-post-thumbnail","hentry","category-allgemein","category-gesellschaft","category-kunst-kultur","tag-auswandern","tag-deutschland","tag-erfahrungen","tag-krisen","tag-meinungsfreiheit","tag-musik","tag-portrait"],"_links":{"self":[{"href":"https:\/\/www.markus-schall.de\/cs\/wp-json\/wp\/v2\/posts\/3744","targetHints":{"allow":["GET"]}}],"collection":[{"href":"https:\/\/www.markus-schall.de\/cs\/wp-json\/wp\/v2\/posts"}],"about":[{"href":"https:\/\/www.markus-schall.de\/cs\/wp-json\/wp\/v2\/types\/post"}],"author":[{"embeddable":true,"href":"https:\/\/www.markus-schall.de\/cs\/wp-json\/wp\/v2\/users\/1"}],"replies":[{"embeddable":true,"href":"https:\/\/www.markus-schall.de\/cs\/wp-json\/wp\/v2\/comments?post=3744"}],"version-history":[{"count":28,"href":"https:\/\/www.markus-schall.de\/cs\/wp-json\/wp\/v2\/posts\/3744\/revisions"}],"predecessor-version":[{"id":5759,"href":"https:\/\/www.markus-schall.de\/cs\/wp-json\/wp\/v2\/posts\/3744\/revisions\/5759"}],"wp:featuredmedia":[{"embeddable":true,"href":"https:\/\/www.markus-schall.de\/cs\/wp-json\/wp\/v2\/media\/3785"}],"wp:attachment":[{"href":"https:\/\/www.markus-schall.de\/cs\/wp-json\/wp\/v2\/media?parent=3744"}],"wp:term":[{"taxonomy":"category","embeddable":true,"href":"https:\/\/www.markus-schall.de\/cs\/wp-json\/wp\/v2\/categories?post=3744"},{"taxonomy":"post_tag","embeddable":true,"href":"https:\/\/www.markus-schall.de\/cs\/wp-json\/wp\/v2\/tags?post=3744"}],"curies":[{"name":"wp","href":"https:\/\/api.w.org\/{rel}","templated":true}]}}