{"id":3744,"date":"2025-12-02T07:02:53","date_gmt":"2025-12-02T07:02:53","guid":{"rendered":"https:\/\/www.markus-schall.de\/?p=3744"},"modified":"2026-04-17T16:13:26","modified_gmt":"2026-04-17T16:13:26","slug":"proc-dieter-bohlen-mluvi-kdyz-ostatni-mlci-portret-pile-a-jasnosti","status":"publish","type":"post","link":"https:\/\/www.markus-schall.de\/cs\/2025\/12\/warum-dieter-bohlen-spricht-wenn-andere-schweigen-ein-portraet-ueber-fleiss-und-klarheit\/","title":{"rendered":"Pro\u010d Dieter Bohlen mluv\u00ed, kdy\u017e ostatn\u00ed ml\u010d\u00ed: Portr\u00e9t pracovitosti a jasnosti"},"content":{"rendered":"<p>Es gibt Pers\u00f6nlichkeiten, die man erst dann richtig versteht, wenn man sich von ihrem \u00f6ffentlichen Image l\u00f6st. Dieter Bohlen geh\u00f6rt genau in diese Kategorie. Musikalisch bin ich selbst kein gro\u00dfer Fan seiner seichten, oft sehr einfachen Melodien &#8211; und doch muss man der Fairness halber sagen: F\u00fcr die 1980er-Jahre war das, was er geschaffen hat, handwerklich ausgesprochen pr\u00e4zise, zielgruppenorientiert und klar strukturiert. Bohlen war nie der gro\u00dfe K\u00fcnstler im romantischen Sinne. Aber er war ein hervorragender Kaufmann, ein flei\u00dfiger Arbeiter und jemand, der sein Handwerk verstand, wie es heute nur noch wenige tun.<\/p>\n<p>Was ihn interessant macht, ist f\u00fcr mich nicht so sehr seine Musik &#8211; sondern die Tatsache, dass er \u00fcber Jahrzehnte hinweg erfolgreich blieb, w\u00e4hrend um ihn herum ganze Generationen von K\u00fcnstlern kamen und gingen. Dass er in Oldenburg die gleiche Handelsschule besucht hat wie ich. Und dass er heute &#8211; nach langen Jahren des Schweigens &#8211; pl\u00f6tzlich zu gesellschaftlichen Fragen klar Stellung bezieht. Das ist der Grund, warum es sich lohnt, die Person Dieter Bohlen einmal jenseits des \u00fcblichen Medienbildes zu betrachten: nicht als Pop-Titan, nicht als TV-Spr\u00fccheklopfer, sondern als Handwerker, Kaufmann und Spiegel einer Zeit, die sich selbst immer weniger versteht.<!--more--><\/p>\n<hr \/>\n\n\t\t\t<div class=\"display-post-types\">\n\n\t\t\t\t\t\t\t<style type=\"text\/css\">\n\t\t\t#dpt-wrapper-388 { --dpt-text-align: left;--dpt-image-crop: center;--dpt-border-radius: 5px;--dpt-h-gutter: 10px;--dpt-v-gutter: 9px; }\t\t\t<\/style>\n\t\t\t<style type=\"text\/css\">#dpt-wrapper-388 { --dpt-title-font-style:normal;--dpt-title-font-weight:600;--dpt-title-line-height:1.5;--dpt-title-text-decoration:none;--dpt-title-text-transform:none;--dpt-excerpt-font-style:normal;--dpt-excerpt-font-weight:400;--dpt-excerpt-line-height:1.5;--dpt-excerpt-text-decoration:none;--dpt-excerpt-text-transform:none;--dpt-meta1-font-style:normal;--dpt-meta1-font-weight:400;--dpt-meta1-line-height:1.9;--dpt-meta1-text-decoration:none;--dpt-meta1-text-transform:none;--dpt-meta2-font-style:normal;--dpt-meta2-font-weight:400;--dpt-meta2-line-height:1.9;--dpt-meta2-text-decoration:none;--dpt-meta2-text-transform:none; }<\/style><div class=\" dpt-main-header\">\n\t\t\t\t\t\t<div class=\"dpt-main-title\">\n\t\t\t\t\t\t\t<span class=\"dpt-main-title-text\">Gesellschaftsthemen der Gegenwart<\/span>\n\t\t\t\t\t\t<\/div>\n\t\t\t\t\t\t\n\t\t\t\t\t\t\n\t\t\t\t\t\t\n\t\t\t\t\t\t<\/div>\t\t\t\n\t\t\t\t<div id=\"dpt-wrapper-388\" class=\"dpt-wrapper dpt-mag1 land1 dpt-cropped dpt-flex-wrap\" >\n\n\t\t\t\t\t\t\t\t\t\t\t<div class=\"dpt-entry has-thumbnail\" data-title=\"stress ist keine naturgewalt &#8211; wie man sich freir\u00e4ume zur\u00fcckholt, schritt f\u00fcr schritt\" data-id=\"3152\"  data-category=\"allgemein gesellschaft gesundheit tipps &amp; anleitungen\" data-post_tag=\"cmd erfahrungen gesundheit krisen pers\u00f6nlichkeitsentwicklung prozesse ratgeber\">\n\t\t\t\t\t\t\t<div class=\"dpt-entry-wrapper\"><div class=\" dpt-featured-content\"><div class=\" dpt-permalink\"><a href=\"https:\/\/www.markus-schall.de\/cs\/2025\/10\/stress-ist-keine-naturgewalt-wie-man-sich-freiraeume-zurueckholt-schritt-fuer-schritt\/\" class=\"dpt-permalink\"><span class=\"screen-reader-text\">Stress ist keine Naturgewalt &#8211; Wie man sich Freir\u00e4ume zur\u00fcckholt, Schritt f\u00fcr Schritt<\/span><\/a><\/div><div class=\" dpt-thumbnail\"><div class=\"dpt-thumbnail-inner\"><img width=\"1024\" height=\"683\" class=\"attachment-full size-full\" alt=\"Stress ist keine Naturgewalt\" context=\"dpt\" data-dpt-src=\"https:\/\/www.markus-schall.de\/wp-content\/uploads\/stress-naturgewalt-titel.jpg\" data-dpt-sizes=\"(max-width: 1024px) 100vw, 1024px\" data-dpt-srcset=\"https:\/\/www.markus-schall.de\/wp-content\/uploads\/stress-naturgewalt-titel.jpg 1024w, https:\/\/www.markus-schall.de\/wp-content\/uploads\/stress-naturgewalt-titel-300x200.jpg 300w, https:\/\/www.markus-schall.de\/wp-content\/uploads\/stress-naturgewalt-titel-768x512.jpg 768w, https:\/\/www.markus-schall.de\/wp-content\/uploads\/stress-naturgewalt-titel-18x12.jpg 18w\" \/><\/div><span class=\"dpt-thumbnail-aspect-ratio\" style=\"padding-top: 75%\"><\/span><\/div><\/div><div class=\" sub-entry\"><h3 class=\" dpt-title\"><a class=\"dpt-title-link\" href=\"https:\/\/www.markus-schall.de\/cs\/2025\/10\/stress-ist-keine-naturgewalt-wie-man-sich-freiraeume-zurueckholt-schritt-fuer-schritt\/\" rel=\"bookmark\">Stress ist keine Naturgewalt &#8211; Wie man sich Freir\u00e4ume zur\u00fcckholt, Schritt f\u00fcr Schritt<\/a><\/h3><\/div><\/div>\n\t\t\t\t\t\t<\/div><!-- .dpt-entry -->\n\t\t\t\t\t\t\t\t\t\t\t\t<div class=\"dpt-entry has-thumbnail\" data-title=\"elektroauto, hybrid und e-roller: eine realistische betrachtung jenseits der ideologie\" data-id=\"4255\"  data-category=\"allgemein gesellschaft tipps &amp; anleitungen\" data-post_tag=\"energiepolitik erfahrungen prozesse ratgeber\">\n\t\t\t\t\t\t\t<div class=\"dpt-entry-wrapper\"><div class=\" dpt-featured-content\"><div class=\" dpt-permalink\"><a href=\"https:\/\/www.markus-schall.de\/cs\/2026\/01\/elektroauto-hybrid-und-e-roller-eine-realistische-betrachtung-jenseits-der-ideologie\/\" class=\"dpt-permalink\"><span class=\"screen-reader-text\">Elektroauto, Hybrid und E-Roller: Eine realistische Betrachtung jenseits der Ideologie<\/span><\/a><\/div><div class=\" dpt-thumbnail\"><div class=\"dpt-thumbnail-inner\"><img width=\"1024\" height=\"683\" class=\"attachment-full size-full\" alt=\"Elektromobilit\u00e4t - E-Scooter\/Roller, Hybrid, Elektroauto\" context=\"dpt\" data-dpt-src=\"https:\/\/www.markus-schall.de\/wp-content\/uploads\/Elektromobilitaet-Titel.jpg\" data-dpt-sizes=\"(max-width: 1024px) 100vw, 1024px\" data-dpt-srcset=\"https:\/\/www.markus-schall.de\/wp-content\/uploads\/Elektromobilitaet-Titel.jpg 1024w, https:\/\/www.markus-schall.de\/wp-content\/uploads\/Elektromobilitaet-Titel-300x200.jpg 300w, https:\/\/www.markus-schall.de\/wp-content\/uploads\/Elektromobilitaet-Titel-768x512.jpg 768w, https:\/\/www.markus-schall.de\/wp-content\/uploads\/Elektromobilitaet-Titel-18x12.jpg 18w\" \/><\/div><span class=\"dpt-thumbnail-aspect-ratio\" style=\"padding-top: 75%\"><\/span><\/div><\/div><div class=\" sub-entry\"><h3 class=\" dpt-title\"><a class=\"dpt-title-link\" href=\"https:\/\/www.markus-schall.de\/cs\/2026\/01\/elektroauto-hybrid-und-e-roller-eine-realistische-betrachtung-jenseits-der-ideologie\/\" rel=\"bookmark\">Elektroauto, Hybrid und E-Roller: Eine realistische Betrachtung jenseits der Ideologie<\/a><\/h3><\/div><\/div>\n\t\t\t\t\t\t<\/div><!-- .dpt-entry -->\n\t\t\t\t\t\t\t\t\t\t\t\t<div class=\"dpt-entry has-thumbnail\" data-title=\"die elektronische patientenakte (epa) im faktencheck: risiken, rechte und widerspruch\" data-id=\"3412\"  data-category=\"gesellschaft gesundheit tipps &amp; anleitungen\" data-post_tag=\"datenschutz eu-gesetze gesundheit prozesse ratgeber\">\n\t\t\t\t\t\t\t<div class=\"dpt-entry-wrapper\"><div class=\" dpt-featured-content\"><div class=\" dpt-permalink\"><a href=\"https:\/\/www.markus-schall.de\/cs\/2025\/11\/die-elektronische-patientenakte-epa-im-faktencheck-risiken-rechte-und-widerspruch\/\" class=\"dpt-permalink\"><span class=\"screen-reader-text\">Die elektronische Patientenakte (ePA) im Faktencheck: Risiken, Rechte und Widerspruch<\/span><\/a><\/div><div class=\" dpt-thumbnail\"><div class=\"dpt-thumbnail-inner\"><img width=\"1024\" height=\"683\" class=\"attachment-full size-full\" alt=\"Alle Fakten zur elektronischen Patientenakte\" context=\"dpt\" data-dpt-src=\"https:\/\/www.markus-schall.de\/wp-content\/uploads\/Elektronische-Patientenakte.jpg\" data-dpt-sizes=\"(max-width: 1024px) 100vw, 1024px\" data-dpt-srcset=\"https:\/\/www.markus-schall.de\/wp-content\/uploads\/Elektronische-Patientenakte.jpg 1024w, https:\/\/www.markus-schall.de\/wp-content\/uploads\/Elektronische-Patientenakte-300x200.jpg 300w, https:\/\/www.markus-schall.de\/wp-content\/uploads\/Elektronische-Patientenakte-768x512.jpg 768w, https:\/\/www.markus-schall.de\/wp-content\/uploads\/Elektronische-Patientenakte-18x12.jpg 18w\" \/><\/div><span class=\"dpt-thumbnail-aspect-ratio\" style=\"padding-top: 75%\"><\/span><\/div><\/div><div class=\" sub-entry\"><h3 class=\" dpt-title\"><a class=\"dpt-title-link\" href=\"https:\/\/www.markus-schall.de\/cs\/2025\/11\/die-elektronische-patientenakte-epa-im-faktencheck-risiken-rechte-und-widerspruch\/\" rel=\"bookmark\">Die elektronische Patientenakte (ePA) im Faktencheck: Risiken, Rechte und Widerspruch<\/a><\/h3><\/div><\/div>\n\t\t\t\t\t\t<\/div><!-- .dpt-entry -->\n\t\t\t\t\t\t\t\t\t\t\t\t<div class=\"dpt-entry has-thumbnail\" data-title=\"der iran-israel-konflikt: warum diese eskalation der strategische albtraum des westens ist\" data-id=\"5212\"  data-category=\"allgemein gesellschaft\" data-post_tag=\"denkmodelle energiepolitik europa geopolitik krisen k\u00fcnstliche intelligenz meinungsfreiheit sicherheitspolitik spieltheorie\">\n\t\t\t\t\t\t\t<div class=\"dpt-entry-wrapper\"><div class=\" dpt-featured-content\"><div class=\" dpt-permalink\"><a href=\"https:\/\/www.markus-schall.de\/cs\/2026\/03\/der-iran-israel-konflikt-warum-diese-eskalation-der-strategische-albtraum-des-westens-ist\/\" class=\"dpt-permalink\"><span class=\"screen-reader-text\">Der Iran-Israel-Konflikt: Warum diese Eskalation der strategische Albtraum des Westens ist<\/span><\/a><\/div><div class=\" dpt-thumbnail\"><div class=\"dpt-thumbnail-inner\"><img width=\"1024\" height=\"683\" class=\"attachment-full size-full\" alt=\"Israel-Iran - Strategischer Albtraum\" context=\"dpt\" data-dpt-src=\"https:\/\/www.markus-schall.de\/wp-content\/uploads\/Israel-Iran-Strategischer-Albtraum.jpg\" data-dpt-sizes=\"(max-width: 1024px) 100vw, 1024px\" data-dpt-srcset=\"https:\/\/www.markus-schall.de\/wp-content\/uploads\/Israel-Iran-Strategischer-Albtraum.jpg 1024w, https:\/\/www.markus-schall.de\/wp-content\/uploads\/Israel-Iran-Strategischer-Albtraum-300x200.jpg 300w, https:\/\/www.markus-schall.de\/wp-content\/uploads\/Israel-Iran-Strategischer-Albtraum-768x512.jpg 768w, https:\/\/www.markus-schall.de\/wp-content\/uploads\/Israel-Iran-Strategischer-Albtraum-18x12.jpg 18w\" \/><\/div><span class=\"dpt-thumbnail-aspect-ratio\" style=\"padding-top: 75%\"><\/span><\/div><\/div><div class=\" sub-entry\"><h3 class=\" dpt-title\"><a class=\"dpt-title-link\" href=\"https:\/\/www.markus-schall.de\/cs\/2026\/03\/der-iran-israel-konflikt-warum-diese-eskalation-der-strategische-albtraum-des-westens-ist\/\" rel=\"bookmark\">Der Iran-Israel-Konflikt: Warum diese Eskalation der strategische Albtraum des Westens ist<\/a><\/h3><\/div><\/div>\n\t\t\t\t\t\t<\/div><!-- .dpt-entry -->\n\t\t\t\t\t\t\n\t\t\t\t<\/div>\n\t\t\t\t\t\t<\/div>\n\t\t\t\n<hr \/>\n<h2>Dieter Bohlen zwischen Klischee und Wirklichkeit<\/h2>\n<p>In der \u00f6ffentlichen Wahrnehmung wirkt <a href=\"https:\/\/de.wikipedia.org\/wiki\/Dieter_Bohlen\" target=\"_blank\" rel=\"noopener\">Dieter Bohlen<\/a> oft wie eine Kunstfigur: laut, direkt, manchmal etwas ruppig, h\u00e4ufig \u00fcberspitzt &#8211; und stets mit einem Augenzwinkern. Durch Formate wie Deutschland sucht den Superstar hat sich ein Image verfestigt, das ihn f\u00fcr viele Menschen auf wenige Eigenschaften reduziert: Spr\u00fcche, Lacher, Unterhaltung.<\/p>\n<p>Doch dieses Fernsehbild ist nur eine Fassade. Dahinter steckt ein Mensch, der mit dem typischen romantischen K\u00fcnstlerbild nur wenig zu tun hat. Bohlen war nie jemand, der sich in Kreativdramen verloren hat oder auf gro\u00dfe Eingebungen wartete. Er hat immer n\u00fcchtern gearbeitet, seine Musik strukturiert, seine Texte nach bew\u00e4hrten Mustern gebaut &#8211; und das alles mit einer Klarheit, die man eher aus traditionellen Handwerksberufen kennt.<\/p>\n<h3>Fr\u00fche Jahre: Aus einfachen Verh\u00e4ltnissen zum ersten Funken Musik<\/h3>\n<p>Dieter Bohlen wuchs im norddeutschen Raum auf &#8211; zuerst auf einem Bauernhof in der Wesermarsch, sp\u00e4ter in <a href=\"https:\/\/www.oldenburg.de\" target=\"_blank\" rel=\"noopener\">Oldenburg<\/a>. Seine Familie war bodenst\u00e4ndig, gepr\u00e4gt von Handwerk und Unternehmertum: Der Vater arbeitete erst im Stra\u00dfenbauamt, sp\u00e4ter f\u00fchrte er eine eigene Tiefbaufirma. Diese Welt aus pragmatischer Arbeit, fr\u00fchem Aufstehen und Anpackmentalit\u00e4t formte Bohlen st\u00e4rker, als viele heute glauben. Musik begeisterte ihn schon in jungen Jahren, aber es gab keinen glamour\u00f6sen Start, keine B\u00fchne, die auf ihn wartete &#8211; nur den Willen, etwas Eigenes zu schaffen.<\/p>\n<h3>Studium, Nebenjobs und erste R\u00fcckschl\u00e4ge &#8211; nichts wurde ihm geschenkt<\/h3>\n<p>Auf Wunsch seiner Eltern studierte Bohlen Betriebswirtschaft in G\u00f6ttingen und schloss als Diplom-Kaufmann ab. Doch parallel dazu schrieb er Songs, gr\u00fcndete kleine Bands, scheiterte wieder, stand auf, versuchte es erneut. Unter Pseudonym ver\u00f6ffentlichte er Singles, arbeitete f\u00fcr Musikverlage, lernte die Mechanik der Branche &#8211; oft ohne Erfolg und ohne Applaus. Genau diese Phase zeigt, wie wenig Bohlen \u201eZufallsprodukt\u201c war. Sein Weg war kein Raketenstart, sondern eine Kombination aus Disziplin, Hartn\u00e4ckigkeit und der F\u00e4higkeit, auch nach R\u00fcckschl\u00e4gen weiterzumachen.<\/p>\n<h3>Der Durchbruch: Erfolg als Ergebnis von Ausdauer, nicht von Gl\u00fcck<\/h3>\n<p>Als 1984 <a href=\"https:\/\/de.wikipedia.org\/wiki\/Modern_Talking\" target=\"_blank\" rel=\"noopener\">Modern Talking<\/a> entstand, war das kein Wunder, sondern das Ergebnis jahrelanger Kleinarbeit hinter den Kulissen. Bohlen hatte sich zu diesem Zeitpunkt bereits ein solides Fundament erarbeitet &#8211; musikalisch, wirtschaftlich und handwerklich. Der gro\u00dfe Erfolg kam, weil jemand aus einfachen Verh\u00e4ltnissen sich Schritt f\u00fcr Schritt nach oben gearbeitet hatte, ohne Abk\u00fcrzungen und ohne Schonraum.<\/p>\n<p>Genau dieser Hintergrund erkl\u00e4rt bis heute, warum Bohlen so klar, direkt und unbeeindruckt auftritt: Er wei\u00df, was es hei\u00dft, sich alles selbst aufzubauen.<\/p>\n<h3>\u201eIch sehe mich nicht so sehr als K\u00fcnstler\u201c &#8211; ein seltener Satz im Showgesch\u00e4ft<\/h3>\n<p>In einem seiner bekannteren Interviews wurde Bohlen gefragt, ob er sich selbst als K\u00fcnstler sehe. Seine Antwort kam ohne Z\u00f6gern:<\/p>\n<blockquote><p><em>\u201eIch sehe mich nicht so sehr als K\u00fcnstler. Eher als Handwerker und Kaufmann.\u201c<\/em><\/p><\/blockquote>\n<p>Dieser Satz beschreibt ihn pr\u00e4ziser als jede K\u00fcnstlerbiografie. W\u00e4hrend viele Musiker dazu neigen, ihr Wirken mit gro\u00dfen Worten oder spirituellen Inspirationsgeschichten zu \u00fcberh\u00f6hen, entzaubert Bohlen sein eigenes Schaffen bewusst. Er sieht Musik nicht als g\u00f6ttliche Eingebung, sondern als Arbeit: eine Abfolge von Schritten, die man lernen, \u00fcben und perfektionieren kann. In einer Zeit, in der sich viele Menschen hinter dem Begriff \u201eKunst\u201c verstecken, wirkt diese Haltung fast befreiend ehrlich &#8211; und gleichzeitig wohltuend altmodisch.<\/p>\n<h3>Flei\u00df statt Mythos &#8211; das Prinzip Bohlen<\/h3>\n<p>Bohlen ist jemand, der lieber nachts noch eine Zeile korrigiert, als darauf zu warten, dass die Muse ihn k\u00fcsst. Seine Art zu arbeiten ist pragmatisch, wiederholbar, klar gegliedert und erstaunlich unromantisch. Er selbst hat einmal sinngem\u00e4\u00df gesagt:<\/p>\n<blockquote><p><em>\u201eAm Ende musst du einfach das machen, wof\u00fcr andere zu faul sind.\u201c<\/em><\/p><\/blockquote>\n<p>Dieser Satz k\u00f6nnte aus einer Zeit stammen, in der Handwerksmeister noch ihre Lehrlinge ermahnt haben. Und bemerkenswert ist: Genau dieses Prinzip hat ihn durch vier Jahrzehnte getragen.<\/p>\n<p>Es ist kein Zufall, dass Bohlen bis heute pr\u00e4sent ist, w\u00e4hrend um ihn herum viele \u201eechte K\u00fcnstler\u201c l\u00e4ngst verschwunden sind. Er war einfach best\u00e4ndiger, flei\u00dfiger und konsequenter als andere. Diese handwerkliche Haltung &#8211; n\u00fcchtern, ungek\u00fcnstelt, praktisch &#8211; erkl\u00e4rt seinen Erfolg besser als jeder k\u00fcnstlerische Mythos.<\/p>\n<div class=\"lyte-wrapper\" style=\"width:640px;max-width:100%;margin:5px;\"><div class=\"lyMe\" id=\"WYL_SwEMikWI6iY\"><div id=\"lyte_SwEMikWI6iY\" data-src=\"https:\/\/www.markus-schall.de\/wp-content\/plugins\/wp-youtube-lyte\/lyteCache.php?origThumbUrl=%2F%2Fi.ytimg.com%2Fvi%2FSwEMikWI6iY%2Fhqdefault.jpg\" class=\"pL\"><div class=\"tC\"><div class=\"tT\"><\/div><\/div><div class=\"play\"><\/div><div class=\"ctrl\"><div class=\"Lctrl\"><\/div><div class=\"Rctrl\"><\/div><\/div><\/div><noscript><a href=\"https:\/\/youtu.be\/SwEMikWI6iY\" rel=\"nofollow noopener\" target=\"_blank\"><img loading=\"lazy\" decoding=\"async\" src=\"https:\/\/www.markus-schall.de\/wp-content\/plugins\/wp-youtube-lyte\/lyteCache.php?origThumbUrl=https%3A%2F%2Fi.ytimg.com%2Fvi%2FSwEMikWI6iY%2F0.jpg\" alt=\"YouTube video thumbnail\" width=\"640\" height=\"340\" \/><br \/>Watch this video on YouTube<\/a><\/noscript><\/div><\/div><div class=\"lL\" style=\"max-width:100%;width:640px;margin:5px;\"><\/div><br \/>\nPoptitan Dieter Bohlen \u00fcber seinen ersten Ferrari, DSDS und Aktien | <a href=\"https:\/\/www.youtube.com\/@EntrepreneurUniversity\" target=\"_blank\" rel=\"noopener\">Entrepreneur University<\/a><\/p>\n<h2>Warum Bohlen missverstanden wird<\/h2>\n<p>Der mediale Bohlen &#8211; laut, direkt, provokant &#8211; ist ein Entertainmentprodukt. Doch der private Bohlen ist weit n\u00fcchterner, ruhiger und pragmatischer, als viele glauben. Und gerade dieser Kontrast f\u00fchrt dazu, dass er h\u00e4ufig untersch\u00e4tzt wird. W\u00e4hrend die \u00d6ffentlichkeit auf seine TV-Spr\u00fcche schaut, \u00fcbersieht sie den Arbeiter dahinter: den Gesch\u00e4ftsmann, den Songschreiber, den Praktiker, der sich nie zu fein war, einfache Melodien zu bauen, wenn sie funktionierten.<\/p>\n<h3>Ein Mann, der sich nicht verstellt<\/h3>\n<p>Interessant ist, dass Bohlen sich nie verstellt hat &#8211; weder in der Musik noch im Leben. Er hat nie versucht, intellektueller zu wirken, als er ist. Er hat nie so getan, als sei er ein missverstandener K\u00fcnstler. Stattdessen hat er gesagt, was er denkt, gearbeitet, wie er es f\u00fcr richtig h\u00e4lt, und den Erfolg genommen, wie er kam.<\/p>\n<p>Diese Klarheit &#8211; manchmal hart, manchmal humorvoll, manchmal unbequem &#8211; macht ihn zu einer Figur, die sich nicht in das moderne Bild des \u201epolierten Medienmenschen\u201c einf\u00fcgt. Und genau das erkl\u00e4rt, warum er heute, wo viele Prominente schweigen, pl\u00f6tzlich wieder auff\u00e4llt:<\/p>\n<p>Er sagt einfach, was er sieht &#8211; ohne Pathos, ohne Dramatisierung, aber mit einer Direktheit, die man kaum noch gewohnt ist.<\/p>\n<h3>Eine beispiellose Bilanz: 66 Goldene Schallplatten, \u00fcber 120 Millionen verkaufte Tontr\u00e4ger<\/h3>\n<p>Wenn man Dieter Bohlen n\u00fcchtern betrachtet, dann ist die schiere Menge seines Schaffens fast schon absurd. \u00dcber 100 ausgezeichnete Songs, unz\u00e4hlige Produktionen, weltweit ver\u00f6ffentlichte Titel, mehr als 100 Gold- und Platinauszeichnungen &#8211; das ist keine normale Bilanz. Das ist ein Lebenswerk, wie man es in Deutschland h\u00f6chstens ein-, zweimal pro Jahrhundert sieht. Und das Erstaunliche:<\/p>\n<ul>\n<li>Bohlen war dabei nie ein \u201eGenie\u201c im klassischen Sinne.<\/li>\n<li>Er hat nie behauptet, \u00fcber besondere Eingebungen zu verf\u00fcgen.<\/li>\n<li><strong>Er hat einfach gearbeitet.<\/strong><\/li>\n<\/ul>\n<p>T\u00e4glich, jahrelang, mit Disziplin und mit einer Klarheit, die man sonst eher bei einem traditionellen Handwerker findet, der jeden Tag in seine Werkstatt geht, ohne Drama, ohne Selbstinszenierung.<\/p>\n<h3>Songwriting als Prozess &#8211; nicht als Inspiration<\/h3>\n<p>Bohlen hat fr\u00fch begriffen, dass Popmusik nach Regeln funktioniert. Nicht nach Mythos, nicht nach Magie. Ein Song braucht:<\/p>\n<ul>\n<li>eine erkennbare Struktur,<\/li>\n<li>eine klare Melodie,<\/li>\n<li>Wiederholbarkeit,<\/li>\n<li>Zielgruppenverst\u00e4ndnis<\/li>\n<li>und den Mut, Dinge einfach zu halten.<\/li>\n<\/ul>\n<p>Viele Musiker scheitern daran, weil sie immer \u201ekreativer\u201c sein wollen als der Markt verlangt. Bohlen hat das nie so gesehen. Er hat sich gefragt:<\/p>\n<blockquote><p><em>\u201eWas funktioniert &#8211; und wie kann ich es zuverl\u00e4ssig herstellen?\u201c<\/em><\/p><\/blockquote>\n<p>Diese pragmatische Betrachtungsweise ist exakt das, was ihn so produktiv gemacht hat. Er hat nicht auf Inspiration gewartet &#8211; er hat sich rangesetzt und gearbeitet, wie ein Schreiner, der ein M\u00f6belst\u00fcck baut.<\/p>\n<h3>Der Pop-Handwerker mit der robustesten Arbeitsmoral der Branche<\/h3>\n<p>W\u00e4hrend viele Musiker ein bis zwei Alben in ihrem Leben ver\u00f6ffentlichen, hat Bohlen \u00fcber Jahrzehnte konstant geliefert &#8211; und das mit einem Tempo, das in Deutschland einzigartig ist. Er hat teilweise mehrere Songs pro Woche produziert, nebenbei DSDS betreut, B\u00fccher geschrieben und eigene Projekte umgesetzt. Das Besondere ist nicht nur die Menge, sondern die Best\u00e4ndigkeit:<\/p>\n<ul>\n<li>Von Modern Talking \u00fcber Blue System,<\/li>\n<li>\u00fcber unz\u00e4hlige Produktionen f\u00fcr andere K\u00fcnstler,<\/li>\n<li>bis hin zu seinen DSDS-Produktionen der letzten 20 Jahre.<\/li>\n<\/ul>\n<p>Bohlen hat mehrere Generationen musikalisch gepr\u00e4gt &#8211; nicht durch Innovation, sondern durch Zuverl\u00e4ssigkeit. Er hat etwas geschaffen, das man in der Musikbranche nur selten sieht: eine stabile handwerkliche \u00c4sthetik, die \u00fcber Jahrzehnte funktioniert hat.<\/p>\n<h3>Warum sein Erfolg kein Zufall ist<\/h3>\n<p>Wer 40 Jahre lang immer wieder die Charts erreicht, hat nicht einfach Gl\u00fcck. Der hat eine klare Arbeitshaltung. Und Bohlen selbst hat das oft so beschrieben: einfach das zu machen, wof\u00fcr die meisten anderen zu faul sind. Es ist bemerkenswert, wie unsentimental er \u00fcber seinen eigenen Erfolg spricht. Kein Pathos, kein Mythos, kein \u201egro\u00dfer K\u00fcnstler\u201c. Einfach Arbeit.<\/p>\n<p>Und genau diese Haltung erkl\u00e4rt, warum er immer noch pr\u00e4sent ist, w\u00e4hrend so viele andere seiner Zeitgenossen l\u00e4ngst verschwunden sind.<\/p>\n<hr \/>\n<h3>Aktuelle Umfrage zum Vertrauen in die Politik<\/h3>\n<div class='bootstrap-yop yop-poll-mc'>\n\t\t\t\t\t\t\t<div class=\"basic-yop-poll-container\" style=\"background-color:#ffffff; border:0px; border-style:solid; border-color:#000000; border-radius:5px; padding:0px 5px;\" data-id=\"1\" data-temp=\"basic-pretty\" data-skin=\"square\" data-cscheme=\"blue\" data-cap=\"0\" data-access=\"guest\" data-tid=\"\" data-uid=\"1b9ded1c9e56e26537e91a652c8fde0d\" data-pid=\"5212\" data-resdet=\"votes-number,percentages\" data-show-results-to=\"guest\" data-show-results-moment=\"after-vote\" data-show-results-only=\"false\" data-show-message=\"true\" data-show-results-as=\"bar\" data-sort-results-by=\"as-defined\" data-sort-results-rule=\"asc\"data-is-ended=\"0\" data-percentages-decimals=\"2\" data-gdpr=\"no\" data-gdpr-sol=\"consent\" data-css=\"\" data-counter=\"0\" data-load-with=\"1\" data-notification-section=\"top\"><div class=\"row\"><div class=\"col-md-12\"><div class=\"basic-inner\"><div class=\"basic-message hide\" style=\"border-left: 10px solid #008000; padding: 0px 10px;\" data-error=\"#ff0000\" data-success=\"#008000\"><p class=\"basic-message-text\" style=\"color:#000000; font-size:14px; font-weight:normal;\"><\/p><\/div><div class=\"basic-overlay hide\"><div class=\"basic-vote-options\"><\/div><div class=\"basic-preloader\"><div class=\"basic-windows8\"><div class=\"basic-wBall basic-wBall_1\"><div class=\"basic-wInnerBall\"><\/div><\/div><div class=\"basic-wBall basic-wBall_2\"><div class=\"basic-wInnerBall\"><\/div><\/div><div class=\"basic-wBall basic-wBall_3\"><div class=\"basic-wInnerBall\"><\/div><\/div><div class=\"basic-wBall basic-wBall_4\"><div class=\"basic-wInnerBall\"><\/div><\/div><div class=\"basic-wBall basic-wBall_5\"><div class=\"basic-wInnerBall\"><\/div><\/div><\/div><\/div><\/div><form class=\"basic-form\"><input type=\"hidden\" name=\"_token\" value=\"2b122e4f9f\" autocomplete=\"off\"><div class=\"basic-elements\"><div class=\"basic-element basic-question basic-question-text-vertical\" data-id=\"1\" data-uid=\"9a4c2ab66e09940ae008f8de0d890638\" data-type=\"question\" data-question-type=\"text\" data-required=\"yes\" data-allow-multiple=\"no\" data-min=\"1\" data-max=\"1\" data-display=\"vertical\" data-colnum=\"\" data-display-others=\"no\" data-others-color=\"\" data-others=\"\" data-others-max-chars=\"0\"><div class=\"basic-question-title\"><h5 style=\"color:#000000; font-size:16px; font-weight:normal; text-align:left;\">Wie gro\u00df ist Dein Vertrauen in Politik und Medien in Deutschland?<\/h5><\/div><ul class=\"basic-answers\"><li class=\"basic-answer\" style=\"padding:0px 0px;\" data-id=\"1\" data-type=\"text\" data-vn=\"13\" data-color=\"#000000\" data-make-link=\"no\" data-link=\"\"><div class=\"basic-answer-content basic-text-vertical\"><label for=\"answer[1]\" class=\"basic-answer-label\"><input type=\"radio\" id=\"answer[1]\" name=\"answer[1]\" value=\"1\"><span class=\"basic-text\" style=\"color: #000000; font-size: 14px; font-weight: normal;\">Sehr hoch \u2013 Ich vertraue den offiziellen Stellen uneingeschr\u00e4nkt<\/span><\/label><\/div><\/li><li class=\"basic-answer\" style=\"padding:0px 0px;\" data-id=\"2\" data-type=\"text\" data-vn=\"35\" data-color=\"#000000\" data-make-link=\"no\" data-link=\"\"><div class=\"basic-answer-content basic-text-vertical\"><label for=\"answer[2]\" class=\"basic-answer-label\"><input type=\"radio\" id=\"answer[2]\" name=\"answer[1]\" value=\"2\"><span class=\"basic-text\" style=\"color: #000000; font-size: 14px; font-weight: normal;\">Mittel \u2013 Ich bin vorsichtig, aber nicht grunds\u00e4tzlich misstrauisch<\/span><\/label><\/div><\/li><li class=\"basic-answer\" style=\"padding:0px 0px;\" data-id=\"3\" data-type=\"text\" data-vn=\"65\" data-color=\"#000000\" data-make-link=\"no\" data-link=\"\"><div class=\"basic-answer-content basic-text-vertical\"><label for=\"answer[3]\" class=\"basic-answer-label\"><input type=\"radio\" id=\"answer[3]\" name=\"answer[1]\" value=\"3\"><span class=\"basic-text\" style=\"color: #000000; font-size: 14px; font-weight: normal;\">Gering \u2013 Ich \u00fcberpr\u00fcfe vieles selbst<\/span><\/label><\/div><\/li><li class=\"basic-answer\" style=\"padding:0px 0px;\" data-id=\"4\" data-type=\"text\" data-vn=\"276\" data-color=\"#000000\" data-make-link=\"no\" data-link=\"\"><div class=\"basic-answer-content basic-text-vertical\"><label for=\"answer[4]\" class=\"basic-answer-label\"><input type=\"radio\" id=\"answer[4]\" name=\"answer[1]\" value=\"4\"><span class=\"basic-text\" style=\"color: #000000; font-size: 14px; font-weight: normal;\">Kaum vorhanden \u2013 Ich glaube, dass vieles verschleiert oder inszeniert ist<\/span><\/label><\/div><\/li><\/ul><\/div><div class=\"clearfix\"><\/div><\/div><div class=\"basic-vote\"><a href=\"#\" class=\"button basic-vote-button\" role=\"button\" style=\"background:#027bb8; border:0px; border-style: solid; border-color:#1636f0; border-radius:5px; padding:10px 10px; color:#ffffff; font-size:14px; font-weight:normal;\">Abstimmen<\/a><\/div><\/form><\/div><\/div><\/div><\/div>\n\t\t\t\t\t\t<\/div>\n<hr \/>\n<h2>Bohlen als gesellschaftlicher Spiegel &#8211; ein Pop-Titan, der pl\u00f6tzlich Klartext spricht<\/h2>\n<p>\u00dcber viele Jahre hielt sich Bohlen weitgehend aus gesellschaftlichen und politischen Debatten heraus. W\u00e4hrend andere Prominente lautstark ihre Positionen vertreten haben &#8211; ob systemkonform oder rebellisch -, blieb Bohlen auff\u00e4llig still. In einer Branche, in der \u00f6ffentliche Statements oft Teil des Gesch\u00e4fts sind, wirkte dieses Schweigen fast konservativ. Und genau das machte es interessant.<\/p>\n<p>Es war das Schweigen eines Menschen, der zwar viel gesehen hatte, aber selten das Bed\u00fcrfnis versp\u00fcrte, sich einzumischen.<\/p>\n<h3>Der Moment, in dem Schweigen zu Reden wird<\/h3>\n<p>Irgendwann kippte dieses Bild. In Interviews der letzten Monate begann Bohlen offen \u00fcber Dinge zu sprechen, \u00fcber die viele andere lieber schweigen:<\/p>\n<ul>\n<li>den Zustand Deutschlands,<\/li>\n<li>die wirtschaftliche Entwicklung,<\/li>\n<li>die B\u00fcrokratie,<\/li>\n<li>die \u00dcberregulierung,<\/li>\n<li>die politische Gereiztheit,<\/li>\n<li>die gesellschaftliche Gereiztheit,<\/li>\n<li>und die zunehmende Sprach- und Denkverengung.<\/li>\n<\/ul>\n<p>Er tat das nicht aggressiv, nicht verbittert und nicht ideologisch. Er tat es auf die gleiche Weise, wie er auch \u00fcber Musik spricht: n\u00fcchtern, pragmatisch, ungeschminkt. Gerade das macht diese Aussagen so bemerkenswert. Sie sind nicht gefasst, nicht vorbereitet, nicht \u201epolitisch poliert\u201c &#8211; sondern einfach ein klarer deutscher Satz:<\/p>\n<blockquote><p><em>\u201eSo kann\u2019s ja nicht weitergehen.\u201c<\/em><\/p><\/blockquote>\n<h3>Warum ausgerechnet Bohlen als einer der ersten Prominenten deutlicher wurde<\/h3>\n<p>Viele K\u00fcnstler h\u00e4ngen direkt oder indirekt an F\u00f6rderungen, an \u00f6ffentlich-rechtlichen Strukturen, an politischen Netzwerken oder an einer Branche, die gerne moralisiert, aber selten risikiert. Bohlen hingegen ist unabh\u00e4ngig. Er hat ein Lebenswerk hinter sich. Er ist wirtschaftlich frei. Und er hat eine Marke, die nicht besch\u00e4digt werden kann, weil sie ohnehin auf Direktheit basiert.<\/p>\n<p>Wenn jemand wie er spricht, dann tut er das nicht, weil er Aufmerksamkeit braucht &#8211; sondern weil er etwas lange beobachtet hat und der Punkt erreicht ist, an dem man nicht mehr schweigen m\u00f6chte.<\/p>\n<h3>Vergleich mit anderen Prominenten &#8211; ein aufschlussreiches Spektrum<\/h3>\n<p>Sein Verhalten wirkt besonders klar, wenn man es mit der Haltung anderer Pers\u00f6nlichkeiten vergleicht:<\/p>\n<ul>\n<li><a href=\"https:\/\/de.wikipedia.org\/wiki\/Nena\" target=\"_blank\" rel=\"noopener\"><strong>Nena<\/strong><\/a>: rebellisch, widerst\u00e4ndig, auch gegen gro\u00dfe Erwartungshaltungen; bis heute konsequent.<\/li>\n<li><a href=\"https:\/\/de.wikipedia.org\/wiki\/Wolfgang_Grupp\" target=\"_blank\" rel=\"noopener\"><strong>Wolfgang Grupp<\/strong><\/a>: bereits in den letzten Jahren immer wieder mahnend in Bezug auf Wirtschaft und Verantwortung.<\/li>\n<li><a href=\"https:\/\/de.wikipedia.org\/wiki\/Jan_Josef_Liefers\" target=\"_blank\" rel=\"noopener\"><strong>Jan Josef Liefers<\/strong><\/a>: kritisch, wach, mit einer ruhigen, fast literarischen Skepsis; hat nie zur\u00fcckgerudert.<\/li>\n<\/ul>\n<p>Bohlen steht genau dazwischen: Er ist kein Rebell, aber auch kein Systemverteidiger. Er ist einfach ein pragmatischer Beobachter, der irgendwann sagt:<\/p>\n<blockquote><p><em>\u201eDas funktioniert so nicht mehr.\u201c<\/em><\/p><\/blockquote>\n<h3>Der Handwerker, der Klartext spricht &#8211; und warum das heute so auff\u00e4llt<\/h3>\n<p>In einer Gesellschaft, in der vieles \u00fcberdramatisiert und gleichzeitig verschwiegen wird, wirkt diese n\u00fcchterne Haltung fast altmodisch. Doch gerade deshalb wird sie geh\u00f6rt. Bohlen spricht, wie er arbeitet: klar, direkt, ohne \u00dcberh\u00f6hung, ohne Metapherntheater.<\/p>\n<p>Und genau das macht ihn zum Spiegel einer deutschen Mentalit\u00e4t, die viele Menschen in sich tragen, aber kaum noch \u00f6ffentlich aussprechen.<\/p>\n<h3>Geteilte Reaktionen auf das Kettner-Interview: Zwischen n\u00fcchterner Einordnung und scharfer Kritik<\/h3>\n<p><a href=\"https:\/\/www.markus-schall.de\/2025\/11\/dieter-bohlen-im-klartext-warum-deutschland-an-der-eigenen-buerokratie-scheitert\/\"><img loading=\"lazy\" decoding=\"async\" class=\"alignright wp-image-3550\" src=\"https:\/\/www.markus-schall.de\/wp-content\/uploads\/bohlen-kettner-germany.jpg\" alt=\"Dieter Bohlen im Gespr\u00e4ch mit Dominik Kettner\" width=\"360\" height=\"240\" srcset=\"https:\/\/www.markus-schall.de\/wp-content\/uploads\/bohlen-kettner-germany.jpg 1536w, https:\/\/www.markus-schall.de\/wp-content\/uploads\/bohlen-kettner-germany-300x200.jpg 300w, https:\/\/www.markus-schall.de\/wp-content\/uploads\/bohlen-kettner-germany-1024x683.jpg 1024w, https:\/\/www.markus-schall.de\/wp-content\/uploads\/bohlen-kettner-germany-768x512.jpg 768w, https:\/\/www.markus-schall.de\/wp-content\/uploads\/bohlen-kettner-germany-18x12.jpg 18w\" sizes=\"auto, (max-width: 360px) 100vw, 360px\" \/><\/a>Nachdem das <a href=\"https:\/\/www.markus-schall.de\/2025\/11\/dieter-bohlen-im-klartext-warum-deutschland-an-der-eigenen-buerokratie-scheitert\/\"><strong>Gespr\u00e4ch zwischen Dieter Bohlen und Dominik Kettner<\/strong><\/a> ver\u00f6ffentlicht wurde, zeigten sich die Reaktionen bemerkenswert unterschiedlich. In vielen alternativen oder wirtschaftsnahen Medien wurde das Interview n\u00fcchtern aufgegriffen &#8211; meist mit dem Fokus auf Bohlens Erfahrungen als international t\u00e4tiger Unternehmer und seinen klar formulierten Blick auf die wirtschaftliche Lage Deutschlands. In gro\u00dfen Leitmedien fiel die Resonanz hingegen deutlich kritischer aus. Teilweise wurde Kettner dort als \u201eVerschw\u00f6rungstheoretiker\u201c bezeichnet, und es wurde suggeriert, das Gespr\u00e4ch bewege sich in einem politisch aufgeladenen Umfeld, obwohl im Interview selbst weder Parteiwerbung noch geopolitische Narrative im Vordergrund standen. Trotzdem reagierten auf das Interview mehrere gro\u00dfe Medien mit Kritik, oft mit zugespitzten Schlagzeilen, die den Ton des Interviews nur teilweise widerspiegelten.<\/p>\n<p>Diese Diskrepanz macht vor allem eines sichtbar: Das Interview wurde zu einem Brennglas, das die unterschiedlichen Erwartungshaltungen und Deutungsrahmen verschiedener Medienlandschaften deutlich hervortreten lie\u00df.<\/p>\n<p>Dieter Bohlen bleibt dabei standhaft: Wie <a href=\"https:\/\/www.welt.de\/vermischtes\/prominente\/article6935854c15b159d12238ae41\/dieter-bohlen-im-ausland-schuetteln-alle-ueber-deutschland-den-kopf.html\" target=\"_blank\" rel=\"noopener\"><strong>WELT berichtet<\/strong><\/a>, hat er in einem Interview der Bild-Zeitung seine Standpunkte wiederholt und dabei deutlich gemacht:<\/p>\n<blockquote><p><em>\u201eIm Ausland sch\u00fctteln alle \u00fcber Deutschland den Kopf.\u201c<\/em><\/p><\/blockquote>\n<h2>Prominente zwischen Schweigen, Anpassung und Widerspruch<\/h2>\n<p>Prominente haben in modernen Gesellschaften eine merkw\u00fcrdige Doppelrolle: Einerseits sind sie Unterhalter, S\u00e4nger, Schauspieler, Juroren in Unterhaltungsshows. Andererseits werden sie zunehmend als moralische Stimmen und politische Kommentatoren wahrgenommen &#8211; ob sie das wollen oder nicht. Viele von ihnen reagieren unterschiedlich auf Krisen, politische Entscheidungen und gesellschaftliche Spannungen. Manche stellen sich demonstrativ hinter die Regierungslinie, andere bleiben konsequent neutral, wieder andere riskieren ihren Ruf, indem sie laut widersprechen.<\/p>\n<p>Dieter Bohlen geh\u00f6rt dabei zu einer relativ seltenen Gruppe: Er hat lange geschwiegen, politisch nie missioniert &#8211; und ist erst sehr sp\u00e4t, daf\u00fcr aber bemerkenswert klar, in die \u00f6ffentliche Debatte eingestiegen.<\/p>\n<h3>Dieter Bohlen: Sp\u00e4ter Einstieg, daf\u00fcr klare Worte<\/h3>\n<p>In Interviews der letzten Zeit hat Bohlen eine Reihe von Punkten angesprochen, die viele Menschen im Land zwar sp\u00fcren, aber selten so offen aussprechen. Er kritisiert:<\/p>\n<ul>\n<li>eine aus seiner Sicht \u00fcberbordende B\u00fcrokratie,<\/li>\n<li>ein aus dem Ruder gelaufenes Sozialsystem,<\/li>\n<li>eine immer st\u00e4rkere Belastung der Leistungstr\u00e4ger,<\/li>\n<li>die politisch errichtete \u201eBrandmauer\u201c und den Umgang mit AfD-W\u00e4hlern,<\/li>\n<li>die wachsende Distanz zwischen politischer Klasse und wirtschaftlicher Realit\u00e4t.<\/li>\n<\/ul>\n<p>Er spricht von einem Sozialstaat, der \u201ejenseits von Gut und B\u00f6se\u201c sei, wundert sich dar\u00fcber, dass bestimmte Parteien trotz hoher Umfragewerte von Regierungsbeteiligung faktisch ausgeschlossen werden, und k\u00fcndigt offen an, Deutschland zu verlassen und eventuell sogar <a href=\"https:\/\/www.markus-schall.de\/2025\/10\/auswandern-nach-tschechien-mein-weg-meine-gruende-meine-plaene\/\">auszuwandern<\/a>, falls eine zus\u00e4tzliche Verm\u00f6genssteuer kommt. Entscheidend ist dabei nicht, ob man inhaltlich jeden seiner Punkte teilt. Interessant ist die Rolle, die er einnimmt:<\/p>\n<ul>\n<li>Er ist kein klassischer Intellektueller.<\/li>\n<li>Er ist kein Aktivist.<\/li>\n<li>Er ist kein Berufspolitiker.<\/li>\n<\/ul>\n<p>Er ist ein Musikproduzent und Fernsehmensch, der sein Leben lang gearbeitet hat, Steuern gezahlt hat und nun das Gef\u00fchl hat, dass in diesem Land etwas aus dem Gleichgewicht geraten ist. Genau das macht seine Aussagen f\u00fcr viele so greifbar: Es sind keine Lehrs\u00e4tze, sondern Beobachtungen eines Handwerkers, der sp\u00fcrt, dass der Betrieb nicht mehr rundl\u00e4uft.<\/p>\n<hr \/>\n\n\t\t\t<div class=\"display-post-types\">\n\n\t\t\t\t\t\t\t<style type=\"text\/css\">\n\t\t\t#dpt-wrapper-389 { --dpt-text-align: left;--dpt-image-crop: center;--dpt-border-radius: 5px;--dpt-h-gutter: 10px;--dpt-v-gutter: 10px; }\t\t\t<\/style>\n\t\t\t<style type=\"text\/css\">#dpt-wrapper-389 { --dpt-title-font-style:normal;--dpt-title-font-weight:600;--dpt-title-line-height:1.5;--dpt-title-text-decoration:none;--dpt-title-text-transform:none;--dpt-excerpt-font-style:normal;--dpt-excerpt-font-weight:400;--dpt-excerpt-line-height:1.5;--dpt-excerpt-text-decoration:none;--dpt-excerpt-text-transform:none;--dpt-meta1-font-style:normal;--dpt-meta1-font-weight:400;--dpt-meta1-line-height:1.9;--dpt-meta1-text-decoration:none;--dpt-meta1-text-transform:none;--dpt-meta2-font-style:normal;--dpt-meta2-font-weight:400;--dpt-meta2-line-height:1.9;--dpt-meta2-text-decoration:none;--dpt-meta2-text-transform:none; }<\/style><div class=\" dpt-main-header\">\n\t\t\t\t\t\t<div class=\"dpt-main-title\">\n\t\t\t\t\t\t\t<span class=\"dpt-main-title-text\">Portraits von Menschen mit Haltung<\/span>\n\t\t\t\t\t\t<\/div>\n\t\t\t\t\t\t\n\t\t\t\t\t\t\n\t\t\t\t\t\t\n\t\t\t\t\t\t<\/div>\t\t\t\n\t\t\t\t<div id=\"dpt-wrapper-389\" class=\"dpt-wrapper dpt-mag1 land1 dpt-cropped dpt-flex-wrap\" >\n\n\t\t\t\t\t\t\t\t\t\t\t<div class=\"dpt-entry has-thumbnail\" data-title=\"dieter hallervorden &#8211; mehr als didi: portr\u00e4t eines unbequemen freigeists\" data-id=\"4347\"  data-category=\"gesellschaft kunst &amp; kultur stories &amp; humor\" data-post_tag=\"erfahrungen meinungsfreiheit musik portrait\">\n\t\t\t\t\t\t\t<div class=\"dpt-entry-wrapper\"><div class=\" dpt-featured-content\"><div class=\" dpt-permalink\"><a href=\"https:\/\/www.markus-schall.de\/cs\/2026\/01\/dieter-hallervorden-mehr-als-didi-portraet-eines-unbequemen-freigeists\/\" class=\"dpt-permalink\"><span class=\"screen-reader-text\">Dieter Hallervorden &#8211; Mehr als Didi: Portr\u00e4t eines unbequemen Freigeists<\/span><\/a><\/div><div class=\" dpt-thumbnail\"><div class=\"dpt-thumbnail-inner\"><img width=\"1024\" height=\"683\" class=\"attachment-full size-full\" alt=\"Dieter Hallervorden und die W\u00fchlm\u00e4use in Berlin\" context=\"dpt\" data-dpt-src=\"https:\/\/www.markus-schall.de\/wp-content\/uploads\/Dieter-Hallvervorden-Wuehlmaeuse.jpg\" data-dpt-sizes=\"(max-width: 1024px) 100vw, 1024px\" data-dpt-srcset=\"https:\/\/www.markus-schall.de\/wp-content\/uploads\/Dieter-Hallvervorden-Wuehlmaeuse.jpg 1024w, https:\/\/www.markus-schall.de\/wp-content\/uploads\/Dieter-Hallvervorden-Wuehlmaeuse-300x200.jpg 300w, https:\/\/www.markus-schall.de\/wp-content\/uploads\/Dieter-Hallvervorden-Wuehlmaeuse-768x512.jpg 768w, https:\/\/www.markus-schall.de\/wp-content\/uploads\/Dieter-Hallvervorden-Wuehlmaeuse-18x12.jpg 18w\" \/><\/div><span class=\"dpt-thumbnail-aspect-ratio\" style=\"padding-top: 75%\"><\/span><\/div><\/div><div class=\" sub-entry\"><h3 class=\" dpt-title\"><a class=\"dpt-title-link\" href=\"https:\/\/www.markus-schall.de\/cs\/2026\/01\/dieter-hallervorden-mehr-als-didi-portraet-eines-unbequemen-freigeists\/\" rel=\"bookmark\">Dieter Hallervorden &#8211; Mehr als Didi: Portr\u00e4t eines unbequemen Freigeists<\/a><\/h3><\/div><\/div>\n\t\t\t\t\t\t<\/div><!-- .dpt-entry -->\n\t\t\t\t\t\t\t\t\t\t\t\t<div class=\"dpt-entry has-thumbnail\" data-title=\"johann sebastian bach &#8211; ordnung, haltung und das fundament unserer musik\" data-id=\"5033\"  data-category=\"allgemein gesellschaft kunst &amp; kultur\" data-post_tag=\"deutschland musik portrait\">\n\t\t\t\t\t\t\t<div class=\"dpt-entry-wrapper\"><div class=\" dpt-featured-content\"><div class=\" dpt-permalink\"><a href=\"https:\/\/www.markus-schall.de\/cs\/2026\/02\/johann-sebastian-bach-ordnung-haltung-und-das-fundament-unserer-musik\/\" class=\"dpt-permalink\"><span class=\"screen-reader-text\">Johann Sebastian Bach &#8211; Ordnung, Haltung und das Fundament unserer Musik<\/span><\/a><\/div><div class=\" dpt-thumbnail\"><div class=\"dpt-thumbnail-inner\"><img width=\"1024\" height=\"683\" class=\"attachment-full size-full\" alt=\"Johann Sebastian Bach Portrait\" context=\"dpt\" data-dpt-src=\"https:\/\/www.markus-schall.de\/wp-content\/uploads\/Johann-Sebastian-Bach-Portrait.jpg\" data-dpt-sizes=\"(max-width: 1024px) 100vw, 1024px\" data-dpt-srcset=\"https:\/\/www.markus-schall.de\/wp-content\/uploads\/Johann-Sebastian-Bach-Portrait.jpg 1024w, https:\/\/www.markus-schall.de\/wp-content\/uploads\/Johann-Sebastian-Bach-Portrait-300x200.jpg 300w, https:\/\/www.markus-schall.de\/wp-content\/uploads\/Johann-Sebastian-Bach-Portrait-768x512.jpg 768w, https:\/\/www.markus-schall.de\/wp-content\/uploads\/Johann-Sebastian-Bach-Portrait-18x12.jpg 18w\" \/><\/div><span class=\"dpt-thumbnail-aspect-ratio\" style=\"padding-top: 75%\"><\/span><\/div><\/div><div class=\" sub-entry\"><h3 class=\" dpt-title\"><a class=\"dpt-title-link\" href=\"https:\/\/www.markus-schall.de\/cs\/2026\/02\/johann-sebastian-bach-ordnung-haltung-und-das-fundament-unserer-musik\/\" rel=\"bookmark\">Johann Sebastian Bach &#8211; Ordnung, Haltung und das Fundament unserer Musik<\/a><\/h3><\/div><\/div>\n\t\t\t\t\t\t<\/div><!-- .dpt-entry -->\n\t\t\t\t\t\t\t\t\t\t\t\t<div class=\"dpt-entry has-thumbnail\" data-title=\"was ist der sinn des lebens? religionen, philosophen und helmut thielicke im vergleich\" data-id=\"6071\"  data-category=\"allgemein gesellschaft ki-systeme kunst &amp; kultur stories &amp; humor\" data-post_tag=\"denkmodelle erfahrungen gesundheit krisen k\u00fcnstliche intelligenz meinungsfreiheit pers\u00f6nlichkeitsentwicklung portrait\">\n\t\t\t\t\t\t\t<div class=\"dpt-entry-wrapper\"><div class=\" dpt-featured-content\"><div class=\" dpt-permalink\"><a href=\"https:\/\/www.markus-schall.de\/cs\/2026\/05\/was-ist-der-sinn-des-lebens-religionen-philosophen-und-helmut-thielicke-im-vergleich\/\" class=\"dpt-permalink\"><span class=\"screen-reader-text\">Was ist der Sinn des Lebens? Religionen, Philosophen und Helmut Thielicke im Vergleich<\/span><\/a><\/div><div class=\" dpt-thumbnail\"><div class=\"dpt-thumbnail-inner\"><img width=\"1024\" height=\"682\" class=\"attachment-full size-full\" alt=\"Die Frage nach dem Sinn des Lebens\" context=\"dpt\" data-dpt-src=\"https:\/\/www.markus-schall.de\/wp-content\/uploads\/Sinn-des-Lebens.jpg\" data-dpt-sizes=\"(max-width: 1024px) 100vw, 1024px\" data-dpt-srcset=\"https:\/\/www.markus-schall.de\/wp-content\/uploads\/Sinn-des-Lebens.jpg 1024w, https:\/\/www.markus-schall.de\/wp-content\/uploads\/Sinn-des-Lebens-300x200.jpg 300w, https:\/\/www.markus-schall.de\/wp-content\/uploads\/Sinn-des-Lebens-768x512.jpg 768w, https:\/\/www.markus-schall.de\/wp-content\/uploads\/Sinn-des-Lebens-18x12.jpg 18w\" \/><\/div><span class=\"dpt-thumbnail-aspect-ratio\" style=\"padding-top: 75%\"><\/span><\/div><\/div><div class=\" sub-entry\"><h3 class=\" dpt-title\"><a class=\"dpt-title-link\" href=\"https:\/\/www.markus-schall.de\/cs\/2026\/05\/was-ist-der-sinn-des-lebens-religionen-philosophen-und-helmut-thielicke-im-vergleich\/\" rel=\"bookmark\">Was ist der Sinn des Lebens? Religionen, Philosophen und Helmut Thielicke im Vergleich<\/a><\/h3><\/div><\/div>\n\t\t\t\t\t\t<\/div><!-- .dpt-entry -->\n\t\t\t\t\t\t\t\t\t\t\t\t<div class=\"dpt-entry has-thumbnail\" data-title=\"wie tiere zeit wahrnehmen &#8211; und was das f\u00fcr die zukunft der ki bedeutet\" data-id=\"4918\"  data-category=\"allgemein gesellschaft ki-systeme\" data-post_tag=\"denkmodelle erfahrungen k\u00fcnstliche intelligenz llm portrait prozesse sprachmodell\">\n\t\t\t\t\t\t\t<div class=\"dpt-entry-wrapper\"><div class=\" dpt-featured-content\"><div class=\" dpt-permalink\"><a href=\"https:\/\/www.markus-schall.de\/cs\/2026\/02\/wie-tiere-zeit-wahrnehmen-und-was-das-fuer-die-zukunft-der-ki-bedeutet\/\" class=\"dpt-permalink\"><span class=\"screen-reader-text\">Wie Tiere Zeit wahrnehmen &#8211; und was das f\u00fcr die Zukunft der KI bedeutet<\/span><\/a><\/div><div class=\" dpt-thumbnail\"><div class=\"dpt-thumbnail-inner\"><img width=\"1024\" height=\"683\" class=\"attachment-full size-full\" alt=\"Tiere, KI und Zeitwahrnehmung\" context=\"dpt\" data-dpt-src=\"https:\/\/www.markus-schall.de\/wp-content\/uploads\/Tiere-KI-Zeitwahrnehmung.jpg\" data-dpt-sizes=\"(max-width: 1024px) 100vw, 1024px\" data-dpt-srcset=\"https:\/\/www.markus-schall.de\/wp-content\/uploads\/Tiere-KI-Zeitwahrnehmung.jpg 1024w, https:\/\/www.markus-schall.de\/wp-content\/uploads\/Tiere-KI-Zeitwahrnehmung-300x200.jpg 300w, https:\/\/www.markus-schall.de\/wp-content\/uploads\/Tiere-KI-Zeitwahrnehmung-768x512.jpg 768w, https:\/\/www.markus-schall.de\/wp-content\/uploads\/Tiere-KI-Zeitwahrnehmung-18x12.jpg 18w\" \/><\/div><span class=\"dpt-thumbnail-aspect-ratio\" style=\"padding-top: 75%\"><\/span><\/div><\/div><div class=\" sub-entry\"><h3 class=\" dpt-title\"><a class=\"dpt-title-link\" href=\"https:\/\/www.markus-schall.de\/cs\/2026\/02\/wie-tiere-zeit-wahrnehmen-und-was-das-fuer-die-zukunft-der-ki-bedeutet\/\" rel=\"bookmark\">Wie Tiere Zeit wahrnehmen &#8211; und was das f\u00fcr die Zukunft der KI bedeutet<\/a><\/h3><\/div><\/div>\n\t\t\t\t\t\t<\/div><!-- .dpt-entry -->\n\t\t\t\t\t\t\n\t\t\t\t<\/div>\n\t\t\t\t\t\t<\/div>\n\t\t\t\n<hr \/>\n<h3>Jan Josef Liefers und #allesdichtmachen: Der konfliktreiche Mittelweg<\/h3>\n<p>Ein besonders spannender Fall ist Jan Josef Liefers. Mit der Aktion #allesdichtmachen im April 2021 mischte er sich in die Corona-Debatte ein &#8211; mit satirischen Videos, die die mediale und politische Einseitigkeit kritisierten. Die Reaktionen waren heftig:<\/p>\n<ul>\n<li>Medien warfen der Aktion Zynismus vor,<\/li>\n<li>Teile der Presse r\u00fcckten die Beteiligten in die N\u00e4he von \u201eQuerdenkern\u201c,<\/li>\n<li>es gab massiven \u00f6ffentlichen Druck,<\/li>\n<li>einige beteiligte Schauspieler zogen ihre Videos wieder zur\u00fcck.<\/li>\n<\/ul>\n<p>Liefers blieb jedoch bei seiner Position, kritisierte sp\u00e4ter die H\u00e4rte der Reaktionen und sprach davon, dass man in Deutschland zwar theoretisch alles sagen k\u00f6nne &#8211; aber nicht ohne Konsequenzen. Er steht damit zwischen den Lagern, aber auch nicht radikal, sondern skeptisch, nachdenklich und mit DDR-Erfahrung im Hintergrund.<\/p>\n<p>In einem separaten Artikel stelle ich <a href=\"https:\/\/www.markus-schall.de\/2025\/12\/jan-josef-liefers-ein-portraet-ueber-haltung-herkunft-und-kuenstlerische-freiheit\/\"><strong>Jan-Josef Liefers<\/strong><\/a>, seinen Werdegang, seine Haltung und seine Erfolge im Rahmen eines pers\u00f6nlichen Portraits vor.<\/p>\n<h3>Prominente als Seismografen &#8211; nicht als Heilige<\/h3>\n<p>Wenn man diese vier Figuren nebeneinander stellt &#8211; Bohlen, Nena, Liefers, Grupp -, ergeben sich interessante Linien:<\/p>\n<ul>\n<li><strong>Nena<\/strong>: rebellische Art, nimmt kein Blatt vor den Mund, wenn sie pers\u00f6nliche Freiheiten in Gefahr sieht.<\/li>\n<li><strong>Liefers<\/strong>: skeptischer Beobachter, der auf mediale Einseitigkeit hinweist und daf\u00fcr einen hohen Preis zahlt.<\/li>\n<li><strong>Wolfgang Grupp<\/strong>: Mahnt schon seit Jahren aus \u00a0t\u00e4glicher Erfahrung seines mittelst\u00e4ndischen Betriebs heraus.<\/li>\n<li><strong>Bohlen<\/strong>: sp\u00e4t, aber klar &#8211; ein wirtschaftlich unabh\u00e4ngiger Handwerker, der den Zustand des Landes mit einfachen Worten kritisiert.<\/li>\n<\/ul>\n<p>Keine dieser Positionen ist \u201edie Wahrheit\u201c. Aber alle vier wirken wie Seismografen: Sie zeigen, wo Spannungen liegen. Sie zeigen, was sagbar ist &#8211; und was nicht. Sie zeigen, wie Medien und \u00d6ffentlichkeit mit Abweichungen umgehen. Und in diesem Feld ist Dieter Bohlen eine besondere Figur:<\/p>\n<p>Er ist weder politischer Aktivist noch moralischer Prediger, sondern jemand, der sein Leben lang hart gearbeitet hat und jetzt feststellt, dass die Rahmenbedingungen br\u00fcchig werden. Dass ausgerechnet ein Pop-Produzent diesen Punkt so deutlich benennt, sagt viel \u00fcber den Zustand der Republik &#8211; und \u00fcber die Leerstelle, die klassische Intellektuelle an dieser Stelle hinterlassen haben.<\/p>\n<hr \/>\n<h3>Aktuelle Umfrage zur Digitalisierung im Alltag<\/h3>\n<div class='bootstrap-yop yop-poll-mc'>\n\t\t\t\t\t\t\t<div class=\"basic-yop-poll-container\" style=\"background-color:#ffffff; border:0px; border-style:solid; border-color:#000000; border-radius:5px; padding:0px 5px;\" data-id=\"2\" data-temp=\"basic-pretty\" data-skin=\"square\" data-cscheme=\"blue\" data-cap=\"0\" data-access=\"guest\" data-tid=\"\" data-uid=\"2455385e5a134fdf0049b56aa6d3da68\" data-pid=\"4918\" data-resdet=\"votes-number,percentages\" data-show-results-to=\"guest\" data-show-results-moment=\"after-vote\" data-show-results-only=\"false\" data-show-message=\"true\" data-show-results-as=\"bar\" data-sort-results-by=\"as-defined\" data-sort-results-rule=\"asc\"data-is-ended=\"0\" data-percentages-decimals=\"2\" data-gdpr=\"no\" data-gdpr-sol=\"consent\" data-css=\"\" data-counter=\"0\" data-load-with=\"1\" data-notification-section=\"top\"><div class=\"row\"><div class=\"col-md-12\"><div class=\"basic-inner\"><div class=\"basic-message hide\" style=\"border-left: 10px solid #008000; padding: 0px 10px;\" data-error=\"#ff0000\" data-success=\"#008000\"><p class=\"basic-message-text\" style=\"color:#000000; font-size:14px; font-weight:normal;\"><\/p><\/div><div class=\"basic-overlay hide\"><div class=\"basic-vote-options\"><\/div><div class=\"basic-preloader\"><div class=\"basic-windows8\"><div class=\"basic-wBall basic-wBall_1\"><div class=\"basic-wInnerBall\"><\/div><\/div><div class=\"basic-wBall basic-wBall_2\"><div class=\"basic-wInnerBall\"><\/div><\/div><div class=\"basic-wBall basic-wBall_3\"><div class=\"basic-wInnerBall\"><\/div><\/div><div class=\"basic-wBall basic-wBall_4\"><div class=\"basic-wInnerBall\"><\/div><\/div><div class=\"basic-wBall basic-wBall_5\"><div class=\"basic-wInnerBall\"><\/div><\/div><\/div><\/div><\/div><form class=\"basic-form\"><input type=\"hidden\" name=\"_token\" value=\"c89d940cdf\" autocomplete=\"off\"><div class=\"basic-elements\"><div class=\"basic-element basic-question basic-question-text-vertical\" data-id=\"2\" data-uid=\"d7956de60119d0e81e37b791abc43208\" data-type=\"question\" data-question-type=\"text\" data-required=\"yes\" data-allow-multiple=\"no\" data-min=\"1\" data-max=\"1\" data-display=\"vertical\" data-colnum=\"\" data-display-others=\"no\" data-others-color=\"\" data-others=\"\" data-others-max-chars=\"0\"><div class=\"basic-question-title\"><h5 style=\"color:#000000; font-size:16px; font-weight:normal; text-align:left;\">Wie bewertest Du den Einfluss der Digitalisierung auf Deinen Alltag?<\/h5><\/div><ul class=\"basic-answers\"><li class=\"basic-answer\" style=\"padding:0px 0px;\" data-id=\"5\" data-type=\"text\" data-vn=\"17\" data-color=\"#000000\" data-make-link=\"no\" data-link=\"\"><div class=\"basic-answer-content basic-text-vertical\"><label for=\"answer[5]\" class=\"basic-answer-label\"><input type=\"radio\" id=\"answer[5]\" name=\"answer[2]\" value=\"5\"><span class=\"basic-text\" style=\"color: #000000; font-size: 14px; font-weight: normal;\">Sehr positiv \u2013 Ich profitiere t\u00e4glich davon<\/span><\/label><\/div><\/li><li class=\"basic-answer\" style=\"padding:0px 0px;\" data-id=\"6\" data-type=\"text\" data-vn=\"14\" data-color=\"#000000\" data-make-link=\"no\" data-link=\"\"><div class=\"basic-answer-content basic-text-vertical\"><label for=\"answer[6]\" class=\"basic-answer-label\"><input type=\"radio\" id=\"answer[6]\" name=\"answer[2]\" value=\"6\"><span class=\"basic-text\" style=\"color: #000000; font-size: 14px; font-weight: normal;\">Eher positiv \u2013 Einige Dinge sind einfacher geworden<\/span><\/label><\/div><\/li><li class=\"basic-answer\" style=\"padding:0px 0px;\" data-id=\"7\" data-type=\"text\" data-vn=\"36\" data-color=\"#000000\" data-make-link=\"no\" data-link=\"\"><div class=\"basic-answer-content basic-text-vertical\"><label for=\"answer[7]\" class=\"basic-answer-label\"><input type=\"radio\" id=\"answer[7]\" name=\"answer[2]\" value=\"7\"><span class=\"basic-text\" style=\"color: #000000; font-size: 14px; font-weight: normal;\">Gemischt \u2013 Es bringt Vorteile, aber auch Kontrollverlust<\/span><\/label><\/div><\/li><li class=\"basic-answer\" style=\"padding:0px 0px;\" data-id=\"8\" data-type=\"text\" data-vn=\"6\" data-color=\"#000000\" data-make-link=\"no\" data-link=\"\"><div class=\"basic-answer-content basic-text-vertical\"><label for=\"answer[8]\" class=\"basic-answer-label\"><input type=\"radio\" id=\"answer[8]\" name=\"answer[2]\" value=\"8\"><span class=\"basic-text\" style=\"color: #000000; font-size: 14px; font-weight: normal;\">Eher negativ \u2013 Ich f\u00fchle mich oft \u00fcberfordert oder beobachtet<\/span><\/label><\/div><\/li><li class=\"basic-answer\" style=\"padding:0px 0px;\" data-id=\"9\" data-type=\"text\" data-vn=\"10\" data-color=\"#000000\" data-make-link=\"no\" data-link=\"\"><div class=\"basic-answer-content basic-text-vertical\"><label for=\"answer[9]\" class=\"basic-answer-label\"><input type=\"radio\" id=\"answer[9]\" name=\"answer[2]\" value=\"9\"><span class=\"basic-text\" style=\"color: #000000; font-size: 14px; font-weight: normal;\">Sehr negativ \u2013 Ich lehne digitale Systeme weitgehend ab<\/span><\/label><\/div><\/li><\/ul><\/div><div class=\"clearfix\"><\/div><\/div><div class=\"basic-vote\"><a href=\"#\" class=\"button basic-vote-button\" role=\"button\" style=\"background:#027bb8; border:0px; border-style: solid; border-color:#000000; border-radius:5px; padding:10px 10px; color:#ffffff; font-size:14px; font-weight:normal;\">Abstimmen<\/a><\/div><\/form><\/div><\/div><\/div><\/div>\n\t\t\t\t\t\t<\/div>\n<hr \/>\n<h2>Was wir von Dieter Bohlen lernen k\u00f6nnen &#8211; Flei\u00df, Klarheit und Unabh\u00e4ngigkeit<\/h2>\n<p>Dieter Bohlen zeigt in aller Deutlichkeit, dass Erfolg selten etwas mit \u201eGenialit\u00e4t\u201c zu tun hat &#8211; und sehr viel mit konsequenter, oft unspektakul\u00e4rer Arbeit. Er hat nie behauptet, ein gro\u00dfer K\u00fcnstler zu sein. Im Gegenteil: Er bezeichnet sich selbst als Handwerker und Kaufmann. Das ist eine Haltung, die vielen Menschen heute fehlt. Statt auf Inspiration zu warten, k\u00f6nnte man sich an Bohlen orientieren:<\/p>\n<ul>\n<li>jeden Tag ein St\u00fcck arbeiten,<\/li>\n<li>Dinge vereinfachen statt verkomplizieren,<\/li>\n<li>klare Entscheidungen treffen,<\/li>\n<li>Verantwortung f\u00fcr das eigene Tun \u00fcbernehmen.<\/li>\n<\/ul>\n<p>F\u00fcr eine Gesellschaft, die oft im Abstrakten h\u00e4ngenbleibt, ist das eine erstaunlich moderne Botschaft &#8211; gerade weil sie so traditionell ist.<\/p>\n<h3>Unabh\u00e4ngigkeit ist ein stiller, aber enormer Wert<\/h3>\n<p>Bohlen hat sich seine Unabh\u00e4ngigkeit hart erarbeitet. Er ist wirtschaftlich frei, h\u00e4ngt nicht an F\u00f6rdergeldern, nicht am Wohlwollen von Gremien oder Anstalten. Genau deshalb kann er heute Dinge aussprechen, vor denen viele andere zur\u00fcckschrecken. Ob man seine Aussagen teilt oder nicht:<\/p>\n<p>Seine Unabh\u00e4ngigkeit ist ein Beispiel daf\u00fcr, dass sich langfristige Flei\u00dfarbeit am Ende auszahlt &#8211; nicht nur in Geld, sondern in Freiheit, die eigenen Beobachtungen \u00fcberhaupt \u00e4u\u00dfern zu k\u00f6nnen.<\/p>\n<h3>Klarheit statt Attit\u00fcde<\/h3>\n<p>In einer Zeit, in der viele \u00f6ffentliche Figuren sich hinter komplizierten Formulierungen, PR-Floskeln und moralischen Phrasen verstecken, wirkt Bohlens Direktheit fast befreiend. Er redet nicht in Fachbegriffen, nicht in politischem Code, nicht in \u201eHaltungss\u00e4tzen\u201c, die jemand f\u00fcr ihn geschrieben hat. Er beschreibt, was er sieht &#8211; manchmal hart, manchmal zugespitzt, aber immer in einer Sprache, die jeder versteht.<\/p>\n<p>Das kann man kritisieren. Man kann ihm widersprechen. Aber man kann ihm schwer vorwerfen, dass er sich verstellt.<\/p>\n<h3>Zwischen Anpassung und Rebellion: der pragmatische Mittelweg<\/h3>\n<p>Bohlen ist weder Rebell noch Symbolfigur des Widerstands. Er ist auch kein Sprachrohr des Systems. Er steht irgendwo dazwischen &#8211; und gerade deshalb ist er interessant. Seine Haltung ist die eines Menschen, der lange beobachtet, lange arbeitet, lange mitmacht &#8211; und irgendwann feststellt, dass das Gef\u00e4lle zu gro\u00df wird.<\/p>\n<p>Er ist damit ein Beispiel f\u00fcr jene stille Mehrheit, die sich selten artikuliert, aber sp\u00fcrt, dass sich etwas verschiebt.<\/p>\n<h3>Was bleibt &#8211; eine leise Lehre aus einem lauten Leben<\/h3>\n<p>Am Ende ist Dieter Bohlen weniger spannend als \u201ePop-Titan\u201c, als vielmehr als Archetyp eines Arbeiters, der seine Rolle verstanden hat:<\/p>\n<ul>\n<li>Er nimmt sich selbst nicht als Genie wahr.<\/li>\n<li>Er \u00fcberh\u00f6ht seine Kunst nicht.<\/li>\n<li>Er wei\u00df, dass Erfolg verg\u00e4nglich ist.<\/li>\n<\/ul>\n<p>Er wei\u00df aber auch, dass Flei\u00df, Handwerk und kaufm\u00e4nnische Klarheit immer bleiben.<\/p>\n<p>Gerade deshalb lohnt es sich, ihn nicht nur als Unterhaltungsfigur zu betrachten, sondern als Spiegel:<\/p>\n<ul>\n<li>f\u00fcr unsere Haltung zur Arbeit,<\/li>\n<li>f\u00fcr unseren Umgang mit Erfolg,<\/li>\n<li>f\u00fcr unsere Scheu vor klaren Worten,<\/li>\n<\/ul>\n<p>und f\u00fcr den Zustand einer Gesellschaft, in der Unterhaltung oft ehrlicher ist als Politik.<\/p>\n<h3>Dieter Bohlen als unangenehm ehrlicher Pr\u00fcfstein<\/h3>\n<p>Man muss seine Musik nicht m\u00f6gen. Man muss seine Aussagen nicht teilen. Man muss seinen Stil nicht sympathisch finden. Aber man kann an Dieter Bohlen eine Menge lernen:<\/p>\n<ul>\n<li>Dass Arbeit wichtiger ist als Attit\u00fcde.<\/li>\n<li>Dass Unabh\u00e4ngigkeit ein stiller, aber enormer Wert ist.<\/li>\n<li>Dass klare Worte manchmal n\u00f6tiger sind als perfekte Formulierungen.<\/li>\n<\/ul>\n<p>Und dass ein Mensch, der sich selbst als Handwerker und Kaufmann sieht, in einer Zeit voller k\u00fcnstlicher Inszenierungen eine erstaunlich ehrliche Figur sein kann. Vielleicht liegt genau darin seine eigentliche Bedeutung:<\/p>\n<p>Nicht in den Hits, nicht in den Schlagzeilen, nicht in den Casting-Shows &#8211; sondern in der unbequemen Frage, die er uns stellt:<\/p>\n<blockquote><p><em>Wie viel von dem, was wir tun, ist wirklich Handwerk &#8211; und wie viel ist nur Fassade?<\/em><\/p><\/blockquote>\n<p><strong>Lesen Sie auch:<\/strong> <a href=\"https:\/\/www.markus-schall.de\/2025\/12\/zustand-der-deutschen-wirtschaft-2025-fuenf-jahre-krise-zahlen-trends-und-ausblick\/\"><strong>Zustand der deutschen Wirtschaft 2025: F\u00fcnf Jahre Krise, Zahlen, Trends und Ausblick<\/strong><\/a><\/p>\n<hr \/>\n\n\t\t\t<div class=\"display-post-types\">\n\n\t\t\t\t\t\t\t<style type=\"text\/css\">\n\t\t\t#dpt-wrapper-390 { --dpt-text-align: left;--dpt-image-crop: center;--dpt-border-radius: 5px;--dpt-h-gutter: 10px;--dpt-v-gutter: 10px; }\t\t\t<\/style>\n\t\t\t<style type=\"text\/css\">#dpt-wrapper-390 { --dpt-title-font-style:normal;--dpt-title-font-weight:600;--dpt-title-line-height:1.5;--dpt-title-text-decoration:none;--dpt-title-text-transform:none;--dpt-excerpt-font-style:normal;--dpt-excerpt-font-weight:400;--dpt-excerpt-line-height:1.5;--dpt-excerpt-text-decoration:none;--dpt-excerpt-text-transform:none;--dpt-meta1-font-style:normal;--dpt-meta1-font-weight:400;--dpt-meta1-line-height:1.9;--dpt-meta1-text-decoration:none;--dpt-meta1-text-transform:none;--dpt-meta2-font-style:normal;--dpt-meta2-font-weight:400;--dpt-meta2-line-height:1.9;--dpt-meta2-text-decoration:none;--dpt-meta2-text-transform:none; }<\/style><div class=\" dpt-main-header\">\n\t\t\t\t\t\t<div class=\"dpt-main-title\">\n\t\t\t\t\t\t\t<span class=\"dpt-main-title-text\">Aktuelle Themen zu B\u00fcchern<\/span>\n\t\t\t\t\t\t<\/div>\n\t\t\t\t\t\t\n\t\t\t\t\t\t\n\t\t\t\t\t\t\n\t\t\t\t\t\t<\/div>\t\t\t\n\t\t\t\t<div id=\"dpt-wrapper-390\" class=\"dpt-wrapper dpt-mag1 land1 dpt-cropped dpt-flex-wrap\" >\n\n\t\t\t\t\t\t\t\t\t\t\t<div class=\"dpt-entry has-thumbnail\" data-title=\"cmd verstehen: warum wissen der erste schritt zur heilung ist\" data-id=\"3419\"  data-category=\"b\u00fccher gesundheit\" data-post_tag=\"buch cmd erfahrungen gesundheit ratgeber\">\n\t\t\t\t\t\t\t<div class=\"dpt-entry-wrapper\"><div class=\" dpt-featured-content\"><div class=\" dpt-permalink\"><a href=\"https:\/\/www.markus-schall.de\/cs\/2025\/11\/cmd-verstehen-warum-wissen-der-erste-schritt-zur-heilung-ist\/\" class=\"dpt-permalink\"><span class=\"screen-reader-text\">CMD verstehen: Warum Wissen der erste Schritt zur Heilung ist<\/span><\/a><\/div><div class=\" dpt-thumbnail\"><div class=\"dpt-thumbnail-inner\"><img width=\"1024\" height=\"683\" class=\"attachment-full size-full\" alt=\"CMD verstehen ist der erste Schritt zur Heilung\" context=\"dpt\" data-dpt-src=\"https:\/\/www.markus-schall.de\/wp-content\/uploads\/CMD-verstehen-wissen.jpg\" data-dpt-sizes=\"(max-width: 1024px) 100vw, 1024px\" data-dpt-srcset=\"https:\/\/www.markus-schall.de\/wp-content\/uploads\/CMD-verstehen-wissen.jpg 1024w, https:\/\/www.markus-schall.de\/wp-content\/uploads\/CMD-verstehen-wissen-300x200.jpg 300w, https:\/\/www.markus-schall.de\/wp-content\/uploads\/CMD-verstehen-wissen-768x512.jpg 768w, https:\/\/www.markus-schall.de\/wp-content\/uploads\/CMD-verstehen-wissen-18x12.jpg 18w\" \/><\/div><span class=\"dpt-thumbnail-aspect-ratio\" style=\"padding-top: 75%\"><\/span><\/div><\/div><div class=\" sub-entry\"><h3 class=\" dpt-title\"><a class=\"dpt-title-link\" href=\"https:\/\/www.markus-schall.de\/cs\/2025\/11\/cmd-verstehen-warum-wissen-der-erste-schritt-zur-heilung-ist\/\" rel=\"bookmark\">CMD verstehen: Warum Wissen der erste Schritt zur Heilung ist<\/a><\/h3><\/div><\/div>\n\t\t\t\t\t\t<\/div><!-- .dpt-entry -->\n\t\t\t\t\t\t\t\t\t\t\t\t<div class=\"dpt-entry has-thumbnail\" data-title=\"meine pers\u00f6nlichen erfahrungen mit mucokehl\u2011d3 bei h\u00e4morrhoiden\" data-id=\"2720\"  data-category=\"b\u00fccher gesundheit\" data-post_tag=\"buch erfahrungen gesundheit h\u00e4morrhoiden\">\n\t\t\t\t\t\t\t<div class=\"dpt-entry-wrapper\"><div class=\" dpt-featured-content\"><div class=\" dpt-permalink\"><a href=\"https:\/\/www.markus-schall.de\/cs\/2025\/08\/meine-persoenlichen-erfahrungen-mit-mucokehl%e2%80%91d3-bei-haemorrhoiden\/\" class=\"dpt-permalink\"><span class=\"screen-reader-text\">Meine pers\u00f6nlichen Erfahrungen mit MUCOKEHL\u2011D3 bei H\u00e4morrhoiden<\/span><\/a><\/div><div class=\" dpt-thumbnail\"><div class=\"dpt-thumbnail-inner\"><img width=\"1024\" height=\"1024\" class=\"attachment-full size-full\" alt=\"MUCOKEHL D3 Salbe\" context=\"dpt\" data-dpt-src=\"https:\/\/www.markus-schall.de\/wp-content\/uploads\/mucokehl-d3-salbe.jpg\" data-dpt-sizes=\"(max-width: 1024px) 100vw, 1024px\" data-dpt-srcset=\"https:\/\/www.markus-schall.de\/wp-content\/uploads\/mucokehl-d3-salbe.jpg 1024w, https:\/\/www.markus-schall.de\/wp-content\/uploads\/mucokehl-d3-salbe-300x300.jpg 300w, https:\/\/www.markus-schall.de\/wp-content\/uploads\/mucokehl-d3-salbe-150x150.jpg 150w, https:\/\/www.markus-schall.de\/wp-content\/uploads\/mucokehl-d3-salbe-768x768.jpg 768w, https:\/\/www.markus-schall.de\/wp-content\/uploads\/mucokehl-d3-salbe-12x12.jpg 12w\" \/><\/div><span class=\"dpt-thumbnail-aspect-ratio\" style=\"padding-top: 75%\"><\/span><\/div><\/div><div class=\" sub-entry\"><h3 class=\" dpt-title\"><a class=\"dpt-title-link\" href=\"https:\/\/www.markus-schall.de\/cs\/2025\/08\/meine-persoenlichen-erfahrungen-mit-mucokehl%e2%80%91d3-bei-haemorrhoiden\/\" rel=\"bookmark\">Meine pers\u00f6nlichen Erfahrungen mit MUCOKEHL\u2011D3 bei H\u00e4morrhoiden<\/a><\/h3><\/div><\/div>\n\t\t\t\t\t\t<\/div><!-- .dpt-entry -->\n\t\t\t\t\t\t\t\t\t\t\t\t<div class=\"dpt-entry has-thumbnail\" data-title=\"ki als sparringspartner nutzen: wie denken im dialog produktiver wird\" data-id=\"4121\"  data-category=\"b\u00fccher ki-systeme tipps &amp; anleitungen\" data-post_tag=\"buch datenlogik denkmodelle k\u00fcnstliche intelligenz lernen llm ratgeber sprachmodell\">\n\t\t\t\t\t\t\t<div class=\"dpt-entry-wrapper\"><div class=\" dpt-featured-content\"><div class=\" dpt-permalink\"><a href=\"https:\/\/www.markus-schall.de\/cs\/2025\/12\/ki-als-sparringspartner-nutzen-wie-denken-im-dialog-produktiver-wird\/\" class=\"dpt-permalink\"><span class=\"screen-reader-text\">KI als Sparringspartner nutzen: Wie Denken im Dialog produktiver wird<\/span><\/a><\/div><div class=\" dpt-thumbnail\"><div class=\"dpt-thumbnail-inner\"><img width=\"1024\" height=\"683\" class=\"attachment-full size-full\" alt=\"KI als Sparrungspartner\" context=\"dpt\" data-dpt-src=\"https:\/\/www.markus-schall.de\/wp-content\/uploads\/ki-als-sparringspartner-laptop.jpg\" data-dpt-sizes=\"(max-width: 1024px) 100vw, 1024px\" data-dpt-srcset=\"https:\/\/www.markus-schall.de\/wp-content\/uploads\/ki-als-sparringspartner-laptop.jpg 1024w, https:\/\/www.markus-schall.de\/wp-content\/uploads\/ki-als-sparringspartner-laptop-300x200.jpg 300w, https:\/\/www.markus-schall.de\/wp-content\/uploads\/ki-als-sparringspartner-laptop-768x512.jpg 768w, https:\/\/www.markus-schall.de\/wp-content\/uploads\/ki-als-sparringspartner-laptop-18x12.jpg 18w\" \/><\/div><span class=\"dpt-thumbnail-aspect-ratio\" style=\"padding-top: 75%\"><\/span><\/div><\/div><div class=\" sub-entry\"><h3 class=\" dpt-title\"><a class=\"dpt-title-link\" href=\"https:\/\/www.markus-schall.de\/cs\/2025\/12\/ki-als-sparringspartner-nutzen-wie-denken-im-dialog-produktiver-wird\/\" rel=\"bookmark\">KI als Sparringspartner nutzen: Wie Denken im Dialog produktiver wird<\/a><\/h3><\/div><\/div>\n\t\t\t\t\t\t<\/div><!-- .dpt-entry -->\n\t\t\t\t\t\t\t\t\t\t\t\t<div class=\"dpt-entry has-thumbnail\" data-title=\"dieter bohlen im klartext: warum deutschland an der eigenen b\u00fcrokratie scheitert\" data-id=\"3546\"  data-category=\"allgemein b\u00fccher gesellschaft kunst &amp; kultur\" data-post_tag=\"buch deutschland erfahrungen krisen meinungsfreiheit musik\">\n\t\t\t\t\t\t\t<div class=\"dpt-entry-wrapper\"><div class=\" dpt-featured-content\"><div class=\" dpt-permalink\"><a href=\"https:\/\/www.markus-schall.de\/cs\/2025\/11\/dieter-bohlen-im-klartext-warum-deutschland-an-der-eigenen-buerokratie-scheitert\/\" class=\"dpt-permalink\"><span class=\"screen-reader-text\">Dieter Bohlen im Klartext: Warum Deutschland an der eigenen B\u00fcrokratie scheitert<\/span><\/a><\/div><div class=\" dpt-thumbnail\"><div class=\"dpt-thumbnail-inner\"><img width=\"1536\" height=\"1024\" class=\"attachment-full size-full\" alt=\"Dieter Bohlen im Gespr\u00e4ch mit Dominik Kettner\" context=\"dpt\" data-dpt-src=\"https:\/\/www.markus-schall.de\/wp-content\/uploads\/bohlen-kettner-germany.jpg\" data-dpt-sizes=\"(max-width: 1536px) 100vw, 1536px\" data-dpt-srcset=\"https:\/\/www.markus-schall.de\/wp-content\/uploads\/bohlen-kettner-germany.jpg 1536w, https:\/\/www.markus-schall.de\/wp-content\/uploads\/bohlen-kettner-germany-300x200.jpg 300w, https:\/\/www.markus-schall.de\/wp-content\/uploads\/bohlen-kettner-germany-1024x683.jpg 1024w, https:\/\/www.markus-schall.de\/wp-content\/uploads\/bohlen-kettner-germany-768x512.jpg 768w, https:\/\/www.markus-schall.de\/wp-content\/uploads\/bohlen-kettner-germany-18x12.jpg 18w\" \/><\/div><span class=\"dpt-thumbnail-aspect-ratio\" style=\"padding-top: 75%\"><\/span><\/div><\/div><div class=\" sub-entry\"><h3 class=\" dpt-title\"><a class=\"dpt-title-link\" href=\"https:\/\/www.markus-schall.de\/cs\/2025\/11\/dieter-bohlen-im-klartext-warum-deutschland-an-der-eigenen-buerokratie-scheitert\/\" rel=\"bookmark\">Dieter Bohlen im Klartext: Warum Deutschland an der eigenen B\u00fcrokratie scheitert<\/a><\/h3><\/div><\/div>\n\t\t\t\t\t\t<\/div><!-- .dpt-entry -->\n\t\t\t\t\t\t\n\t\t\t\t<\/div>\n\t\t\t\t\t\t<\/div>\n\t\t\t\n<hr \/>\n<h2>H\u00e4ufig gestellte Fragen<\/h2>\n<ol>\n<li><strong>Warum lohnt es sich \u00fcberhaupt, Dieter Bohlen jenseits seines Pop-Images zu betrachten?<\/strong><br \/>\nWeil Bohlen in der \u00d6ffentlichkeit oft auf seine TV-Spr\u00fcche reduziert wird, dabei aber eine Pers\u00f6nlichkeit dahintersteht, die mit dem \u00fcblichen K\u00fcnstlerklischee wenig zu tun hat. Wer ihn n\u00fcchtern betrachtet, erkennt einen konsequent arbeitenden Handwerker, der \u00fcber Jahrzehnte konstant Leistung gebracht hat. Gerade diese Diskrepanz macht ihn zu einer spannenden Figur, weil sie wenig mit dem grellen Medienbild zu tun hat und viel mit traditionellen Tugenden wie Flei\u00df, Disziplin und Klarheit.<\/li>\n<li><strong>Was unterscheidet Dieter Bohlen von vielen anderen K\u00fcnstlern seiner Generation?<\/strong><br \/>\nEr inszeniert sich nicht als \u201eK\u00fcnstler\u201c, sondern als Arbeiter. W\u00e4hrend viele Musiker auf gro\u00dfe Inspirationen verweisen, hat Bohlen immer klargemacht, dass seine Musik vor allem das Ergebnis von strukturiertem Handwerk ist: Melodie, Wiederholung, Zielgruppenverst\u00e4ndnis. Diese n\u00fcchterne Haltung ist selten und erkl\u00e4rt, warum er \u00fcber so viele Jahrzehnte kontinuierlich erfolgreich geblieben ist.<\/li>\n<li><strong>Warum nennt sich Bohlen selbst lieber Handwerker und Kaufmann als K\u00fcnstler?<\/strong><br \/>\nWeil er Musik als Arbeit begreift &#8211; nicht als mystisches Schaffen. F\u00fcr ihn besteht ein guter Popsong aus klaren Regeln, aus Erkenntnissen \u00fcber H\u00f6rerpsychologie und aus wiederholbaren Mustern. Diese Offenheit dar\u00fcber, wie Popmusik wirklich funktioniert, entzaubert das K\u00fcnstlerbild, macht seine Arbeit aber gleichzeitig nachvollziehbar und menschlich.<\/li>\n<li><strong>Ist es nicht abwertend, wenn man seine Musik als \u201eseicht\u201c bezeichnet?<\/strong><br \/>\nNein &#8211; im Gegenteil. Bohlen selbst hat nie den Anspruch erhoben, tiefgr\u00fcndige Kunst zu erschaffen. Seine Songs sind bewusst einfach gehalten, weil sie funktionieren sollen. F\u00fcr die 1980er-Jahre war das Handwerk dahinter beeindruckend pr\u00e4zise. Wer seine Musik kritisch, aber fair betrachtet, erkennt die Qualit\u00e4t im Einfachen. Und das unterscheidet ihn von vielen K\u00fcnstlern, die sich selbst \u00fcbersch\u00e4tzen.<\/li>\n<li><strong>Wie erkl\u00e4rt sich die enorme Produktivit\u00e4t von \u00fcber 3.000 Songs?<\/strong><br \/>\nDurch Arbeitsroutinen, klare Abl\u00e4ufe und Disziplin. Bohlen arbeitete oft t\u00e4glich, manchmal nachts, manchmal \u00fcber Wochen. Er wiederholt Prozesse, verfeinert Erfolgsformeln und baut auf Erfahrung statt Eingebung. Das ist weniger k\u00fcnstlerisches Genie als vielmehr eine Mischung aus Ehrgeiz, Belastbarkeit und Wiederholungsf\u00e4higkeit &#8211; klassische Handwerkstugenden.<\/li>\n<li><strong>Warum hat Bohlen \u00fcber Jahrzehnte hinweg musikalisch funktioniert?<\/strong><br \/>\nWeil er kein Genie-Theater betrieben hat. Er hat Melodien gebaut, die Menschen sofort verstehen, und Texte geschrieben, die einfach zug\u00e4nglich sind. Die Konsequenz, mit der er diese Leichtigkeit immer wieder hergestellt hat, ist das eigentlich Beeindruckende: Er hat Popmusik nicht neu erfunden, aber er hat sie effizient produziert &#8211; und das konstant \u00fcber mehrere Generationen hinweg.<\/li>\n<li><strong>Weshalb ist sein aktuelles gesellschaftliches Engagement so bemerkenswert?<\/strong><br \/>\nWeil er zuvor lange geschwiegen hat. Bohlen war nie jemand, der sich politisch positioniert hat oder gerne moralisiert. Wenn jemand wie er pl\u00f6tzlich gesellschaftliche Missst\u00e4nde anspricht, passiert das nicht aus Kalk\u00fcl, sondern weil ein innerer Punkt erreicht ist. Gerade diese Verz\u00f6gerung verleiht seinen Aussagen heute Gewicht. Es wirkt nicht inszeniert &#8211; sondern ehrlich irritiert.<\/li>\n<li><strong>Welche Themen sprechen Bohlen und andere prominente Kritiker aktuell am h\u00e4ufigsten an?<\/strong><br \/>\nEs geht oft um B\u00fcrokratie, wirtschaftliche Belastungen, ineffiziente politische Prozesse und den Eindruck, dass Leistungstr\u00e4ger zunehmend frustriert sind. Diese Kritik ist nicht ideologisch, sondern pragmatisch. Sie stammt meistens von Menschen, die viel gearbeitet haben, viel erreicht haben und das Gef\u00fchl haben, dass der gesellschaftliche Rahmen zunehmend br\u00fcchig wird.<\/li>\n<li><strong>Wieso wird Bohlen heute h\u00e4ufiger geh\u00f6rt als manche \u00f6ffentlich-rechtlichen Stimmen?<\/strong><br \/>\nWeil er keine Agenda hat. Er spricht nicht im Auftrag eines Senders, nicht im Namen eines politischen Lagers und nicht als Moralstimme. Er redet als Privatmann mit jahrzehntelanger Arbeitsbiografie. Die Menschen sp\u00fcren diese Unabh\u00e4ngigkeit. Und sie nehmen seine Worte deshalb ernster, auch wenn man nicht jeden Punkt teilen muss.<\/li>\n<li><strong>Wie unterscheidet sich Bohlen von prominenten Systemkritikern wie Nena oder Jan Josef Liefers?<\/strong><br \/>\nNena hat fr\u00fch und deutlich Stellung bezogen, Liefers skeptisch und literarisch verklausulierter. Bohlen dagegen ist kein Idealist und kein Rebell. Er kommt aus der Arbeitertradition: Er spricht erst, wenn es notwendig scheint. Das macht ihn zu einer Stimme der stillen Mehrheit &#8211; jener Menschen, die lange alles still akzeptieren, aber irgendwann merken, dass etwas aus dem Gleichgewicht geraten ist.<\/li>\n<li><strong>Welche Rolle spielen Prominente \u00fcberhaupt noch in gesellschaftlichen Debatten?<\/strong><br \/>\nProminente funktionieren immer mehr als Seismografen. Sie zeigen an, wo Spannungen existieren. Sie sind keine neutralen Experten, aber ihre Reaktionen verraten viel dar\u00fcber, was sagbar ist, wo Tabus liegen und wie Medien mit abweichenden Stimmen umgehen. In diesem Sinne sind sie weniger moralische F\u00fchrer und mehr Indikatoren gesellschaftlicher Nervosit\u00e4t.<\/li>\n<li><strong>Warum werden manche prominenten Stimmen hart angegriffen, w\u00e4hrend andere gefeiert werden?<\/strong><br \/>\nWeil Prominente nicht wirklich nach ihren Inhalten beurteilt werden, sondern nach ihrer Position im kulturellen Machtgef\u00fcge. Systemnahe Aussagen werden belohnt, kritische Stimmen dagegen oft als Gefahr behandelt. Das war bei #allesdichtmachen sehr deutlich zu sehen. Diese Ungleichbehandlung macht die wenigen unabh\u00e4ngigen Stimmen umso wertvoller.<\/li>\n<li><strong>Ist Dieter Bohlen politisch?<\/strong><br \/>\nNein &#8211; zumindest nicht im klassischen Sinne. Er ist weder ideologisch noch programmatisch. Er ist ein wirtschaftlich unabh\u00e4ngiger Pragmatiker, der Dinge ausspricht, die er beobachtet und die ihm unlogisch erscheinen. Gerade diese Unideologisierung ist es, die seine Aussagen f\u00fcr viele Menschen glaubw\u00fcrdig macht.<\/li>\n<li><strong>Warum polarisiert er so stark, obwohl er eigentlich unpolitisch ist?<\/strong><br \/>\nWeil Direktheit in Deutschland heute schnell als Provokation interpretiert wird. Bohlen formuliert einfach, ohne dass seine Worte durch PR-Filter laufen. Diese Ehrlichkeit wirkt heute ungewohnt &#8211; und wird schnell in Polarisierung verwandelt. Dabei ist er nicht aggressiv, sondern lediglich klar. Und Klarheit ist im \u00f6ffentlichen Raum zu einer Seltenheit geworden.<\/li>\n<li><strong>Was k\u00f6nnen Leser aus seinem Lebensweg f\u00fcr sich selbst lernen?<\/strong><br \/>\nVor allem die Erkenntnis, dass Erfolg aus vielen kleinen Schritten besteht, die \u00fcber Jahre hinweg konsequent gegangen werden. Bohlen steht f\u00fcr eine Haltung, die traditionelle Werte wie Flei\u00df, P\u00fcnktlichkeit, strukturierte Abl\u00e4ufe und Wiederholbarkeit betont. Dinge, die lange aus der Mode waren &#8211; aber in Zeiten der Digitalisierung wieder enorm an Bedeutung gewinnen.<\/li>\n<li><strong>Ist seine Arbeitsweise in der modernen Welt \u00fcberhaupt noch relevant?<\/strong><br \/>\nMehr denn je. In einer Zeit, in der \u00fcberall Oberfl\u00e4chenleistung und schnelle Effekte dominieren, erinnern Menschen wie Bohlen daran, dass stabile Ergebnisse fast immer aus langfristiger Arbeit stammen. Sein Handwerk &#8211; nicht seine Musik &#8211; ist das eigentlich Zeitlose. Es ist eine Art Gegenmodell zur heutigen Aufmerksamkeits\u00f6konomie.<\/li>\n<li><strong>Warum ist Bohlen auch als gesellschaftlicher Spiegel interessant?<\/strong><br \/>\nWeil er die Dinge aus einer undramatischen Perspektive betrachtet. Er \u00fcbertreibt nicht, er moralisiert nicht, er verliert sich nicht im Intellektuellen. Stattdessen benennt er Entwicklungen, die viele Menschen ebenfalls sp\u00fcren. Dadurch wird er zum Spiegel f\u00fcr eine breite Schicht, die sich selten artikuliert, aber stark betroffen ist.<\/li>\n<li><strong>Welche langfristige Wirkung k\u00f6nnte seine Haltung haben?<\/strong><br \/>\nWenn Menschen wie Bohlen \u00f6ffentlich aussprechen, was viele privat denken, entsteht oft eine Verschiebung der Debatte. Diese Verschiebungen sind langsam, aber sp\u00fcrbar. Sie \u00f6ffnen R\u00e4ume f\u00fcr andere Stimmen, die sich bisher nicht getraut haben. Und sie zeigen: Klarheit ist kein Verbrechen &#8211; sondern eine Form von Verantwortung.<\/li>\n<\/ol>\n<hr \/>\n\n\t\t\t<div class=\"display-post-types\">\n\n\t\t\t\t\t\t\t<style type=\"text\/css\">\n\t\t\t#dpt-wrapper-391 { --dpt-text-align: left;--dpt-image-crop: center;--dpt-border-radius: 5px;--dpt-h-gutter: 10px;--dpt-v-gutter: 9px; }\t\t\t<\/style>\n\t\t\t<style type=\"text\/css\">#dpt-wrapper-391 { --dpt-title-font-style:normal;--dpt-title-font-weight:600;--dpt-title-line-height:1.5;--dpt-title-text-decoration:none;--dpt-title-text-transform:none;--dpt-excerpt-font-style:normal;--dpt-excerpt-font-weight:400;--dpt-excerpt-line-height:1.5;--dpt-excerpt-text-decoration:none;--dpt-excerpt-text-transform:none;--dpt-meta1-font-style:normal;--dpt-meta1-font-weight:400;--dpt-meta1-line-height:1.9;--dpt-meta1-text-decoration:none;--dpt-meta1-text-transform:none;--dpt-meta2-font-style:normal;--dpt-meta2-font-weight:400;--dpt-meta2-line-height:1.9;--dpt-meta2-text-decoration:none;--dpt-meta2-text-transform:none; }<\/style><div class=\" dpt-main-header\">\n\t\t\t\t\t\t<div class=\"dpt-main-title\">\n\t\t\t\t\t\t\t<span class=\"dpt-main-title-text\">Aktuelle Beitr\u00e4ge zu Kunst &amp; Kultur<\/span>\n\t\t\t\t\t\t<\/div>\n\t\t\t\t\t\t\n\t\t\t\t\t\t\n\t\t\t\t\t\t\n\t\t\t\t\t\t<\/div>\t\t\t\n\t\t\t\t<div id=\"dpt-wrapper-391\" class=\"dpt-wrapper dpt-mag1 land1 dpt-cropped dpt-flex-wrap\" >\n\n\t\t\t\t\t\t\t\t\t\t\t<div class=\"dpt-entry has-thumbnail\" data-title=\"warum dieter bohlen spricht, wenn andere schweigen: ein portr\u00e4t \u00fcber flei\u00df und klarheit\" data-id=\"3744\"  data-category=\"allgemein gesellschaft kunst &amp; kultur\" data-post_tag=\"auswandern deutschland erfahrungen krisen meinungsfreiheit musik portrait\">\n\t\t\t\t\t\t\t<div class=\"dpt-entry-wrapper\"><div class=\" dpt-featured-content\"><div class=\" dpt-permalink\"><a href=\"https:\/\/www.markus-schall.de\/cs\/2025\/12\/warum-dieter-bohlen-spricht-wenn-andere-schweigen-ein-portraet-ueber-fleiss-und-klarheit\/\" class=\"dpt-permalink\"><span class=\"screen-reader-text\">Warum Dieter Bohlen spricht, wenn andere schweigen: Ein Portr\u00e4t \u00fcber Flei\u00df und Klarheit<\/span><\/a><\/div><div class=\" dpt-thumbnail\"><div class=\"dpt-thumbnail-inner\"><img width=\"1024\" height=\"683\" class=\"attachment-full size-full\" alt=\"\" context=\"dpt\" data-dpt-src=\"https:\/\/www.markus-schall.de\/wp-content\/uploads\/Dieter-Bohlen-Portrait.jpg\" data-dpt-sizes=\"(max-width: 1024px) 100vw, 1024px\" data-dpt-srcset=\"https:\/\/www.markus-schall.de\/wp-content\/uploads\/Dieter-Bohlen-Portrait.jpg 1024w, https:\/\/www.markus-schall.de\/wp-content\/uploads\/Dieter-Bohlen-Portrait-300x200.jpg 300w, https:\/\/www.markus-schall.de\/wp-content\/uploads\/Dieter-Bohlen-Portrait-768x512.jpg 768w, https:\/\/www.markus-schall.de\/wp-content\/uploads\/Dieter-Bohlen-Portrait-18x12.jpg 18w\" \/><\/div><span class=\"dpt-thumbnail-aspect-ratio\" style=\"padding-top: 75%\"><\/span><\/div><\/div><div class=\" sub-entry\"><h3 class=\" dpt-title\"><a class=\"dpt-title-link\" href=\"https:\/\/www.markus-schall.de\/cs\/2025\/12\/warum-dieter-bohlen-spricht-wenn-andere-schweigen-ein-portraet-ueber-fleiss-und-klarheit\/\" rel=\"bookmark\">Warum Dieter Bohlen spricht, wenn andere schweigen: Ein Portr\u00e4t \u00fcber Flei\u00df und Klarheit<\/a><\/h3><\/div><\/div>\n\t\t\t\t\t\t<\/div><!-- .dpt-entry -->\n\t\t\t\t\t\t\t\t\t\t\t\t<div class=\"dpt-entry has-thumbnail\" data-title=\"spieltheorie erkl\u00e4rt 25 jahre geopolitik: wie europa seine strategische rolle verlor\" data-id=\"3850\"  data-category=\"allgemein gesellschaft kunst &amp; kultur\" data-post_tag=\"denkmodelle deutschland energiepolitik eu-gesetze europa geopolitik krisen sicherheitspolitik spieltheorie\">\n\t\t\t\t\t\t\t<div class=\"dpt-entry-wrapper\"><div class=\" dpt-featured-content\"><div class=\" dpt-permalink\"><a href=\"https:\/\/www.markus-schall.de\/cs\/2025\/12\/spieltheorie-erklaert-25-jahre-geopolitik-wie-europa-seine-strategische-rolle-verlor\/\" class=\"dpt-permalink\"><span class=\"screen-reader-text\">Spieltheorie erkl\u00e4rt 25 Jahre Geopolitik: Wie Europa seine strategische Rolle verlor<\/span><\/a><\/div><div class=\" dpt-thumbnail\"><div class=\"dpt-thumbnail-inner\"><img width=\"1024\" height=\"765\" class=\"attachment-full size-full\" alt=\"Spieltheorie erkl\u00e4rt 25 Jahre Geopolitik\" context=\"dpt\" data-dpt-src=\"https:\/\/www.markus-schall.de\/wp-content\/uploads\/europa-russland-spieltheorie.jpg\" data-dpt-sizes=\"(max-width: 1024px) 100vw, 1024px\" data-dpt-srcset=\"https:\/\/www.markus-schall.de\/wp-content\/uploads\/europa-russland-spieltheorie.jpg 1024w, https:\/\/www.markus-schall.de\/wp-content\/uploads\/europa-russland-spieltheorie-300x224.jpg 300w, https:\/\/www.markus-schall.de\/wp-content\/uploads\/europa-russland-spieltheorie-768x574.jpg 768w, https:\/\/www.markus-schall.de\/wp-content\/uploads\/europa-russland-spieltheorie-16x12.jpg 16w\" \/><\/div><span class=\"dpt-thumbnail-aspect-ratio\" style=\"padding-top: 75%\"><\/span><\/div><\/div><div class=\" sub-entry\"><h3 class=\" dpt-title\"><a class=\"dpt-title-link\" href=\"https:\/\/www.markus-schall.de\/cs\/2025\/12\/spieltheorie-erklaert-25-jahre-geopolitik-wie-europa-seine-strategische-rolle-verlor\/\" rel=\"bookmark\">Spieltheorie erkl\u00e4rt 25 Jahre Geopolitik: Wie Europa seine strategische Rolle verlor<\/a><\/h3><\/div><\/div>\n\t\t\t\t\t\t<\/div><!-- .dpt-entry -->\n\t\t\t\t\t\t\t\t\t\t\t\t<div class=\"dpt-entry has-thumbnail\" data-title=\"cancel culture im westen: sport, universit\u00e4ten, milit\u00e4r und eu-sanktionen analysiert\" data-id=\"5009\"  data-category=\"allgemein gesellschaft kunst &amp; kultur\" data-post_tag=\"denkmodelle deutschland europa geopolitik krisen meinungsfreiheit sicherheitspolitik spieltheorie\">\n\t\t\t\t\t\t\t<div class=\"dpt-entry-wrapper\"><div class=\" dpt-featured-content\"><div class=\" dpt-permalink\"><a href=\"https:\/\/www.markus-schall.de\/cs\/2026\/02\/cancel-culture-im-westen-sport-universitaeten-militaer-und-eu-sanktionen-analysiert\/\" class=\"dpt-permalink\"><span class=\"screen-reader-text\">Cancel Culture im Westen: Sport, Universit\u00e4ten, Milit\u00e4r und EU-Sanktionen analysiert<\/span><\/a><\/div><div class=\" dpt-thumbnail\"><div class=\"dpt-thumbnail-inner\"><img width=\"1024\" height=\"683\" class=\"attachment-full size-full\" alt=\"Cancel Culture im Westen\" context=\"dpt\" data-dpt-src=\"https:\/\/www.markus-schall.de\/wp-content\/uploads\/Cancel-Culture-Westen.jpg\" data-dpt-sizes=\"(max-width: 1024px) 100vw, 1024px\" data-dpt-srcset=\"https:\/\/www.markus-schall.de\/wp-content\/uploads\/Cancel-Culture-Westen.jpg 1024w, https:\/\/www.markus-schall.de\/wp-content\/uploads\/Cancel-Culture-Westen-300x200.jpg 300w, https:\/\/www.markus-schall.de\/wp-content\/uploads\/Cancel-Culture-Westen-768x512.jpg 768w, https:\/\/www.markus-schall.de\/wp-content\/uploads\/Cancel-Culture-Westen-18x12.jpg 18w\" \/><\/div><span class=\"dpt-thumbnail-aspect-ratio\" style=\"padding-top: 75%\"><\/span><\/div><\/div><div class=\" sub-entry\"><h3 class=\" dpt-title\"><a class=\"dpt-title-link\" href=\"https:\/\/www.markus-schall.de\/cs\/2026\/02\/cancel-culture-im-westen-sport-universitaeten-militaer-und-eu-sanktionen-analysiert\/\" rel=\"bookmark\">Cancel Culture im Westen: Sport, Universit\u00e4ten, Milit\u00e4r und EU-Sanktionen analysiert<\/a><\/h3><\/div><\/div>\n\t\t\t\t\t\t<\/div><!-- .dpt-entry -->\n\t\t\t\t\t\t\t\t\t\t\t\t<div class=\"dpt-entry has-thumbnail\" data-title=\"mehr als punk: nina hagen, cosma shiva und die kunst, sich nicht vereinnahmen zu lassen\" data-id=\"4521\"  data-category=\"allgemein gesellschaft kunst &amp; kultur\" data-post_tag=\"auswandern deutschland erfahrungen europa krisen meinungsfreiheit musik portrait\">\n\t\t\t\t\t\t\t<div class=\"dpt-entry-wrapper\"><div class=\" dpt-featured-content\"><div class=\" dpt-permalink\"><a href=\"https:\/\/www.markus-schall.de\/cs\/2026\/01\/mehr-als-punk-nina-hagen-cosma-shiva-und-die-kunst-sich-nicht-vereinnahmen-zu-lassen\/\" class=\"dpt-permalink\"><span class=\"screen-reader-text\">Mehr als Punk: Nina Hagen, Cosma Shiva und die Kunst, sich nicht vereinnahmen zu lassen<\/span><\/a><\/div><div class=\" dpt-thumbnail\"><div class=\"dpt-thumbnail-inner\"><img width=\"1024\" height=\"683\" class=\"attachment-full size-full\" alt=\"Nina und Cosma Shiva Hagen im Portrait\" context=\"dpt\" data-dpt-src=\"https:\/\/www.markus-schall.de\/wp-content\/uploads\/Nina-Cosma-Shiva-Hagen-Titel.jpg\" data-dpt-sizes=\"(max-width: 1024px) 100vw, 1024px\" data-dpt-srcset=\"https:\/\/www.markus-schall.de\/wp-content\/uploads\/Nina-Cosma-Shiva-Hagen-Titel.jpg 1024w, https:\/\/www.markus-schall.de\/wp-content\/uploads\/Nina-Cosma-Shiva-Hagen-Titel-300x200.jpg 300w, https:\/\/www.markus-schall.de\/wp-content\/uploads\/Nina-Cosma-Shiva-Hagen-Titel-768x512.jpg 768w, https:\/\/www.markus-schall.de\/wp-content\/uploads\/Nina-Cosma-Shiva-Hagen-Titel-18x12.jpg 18w\" \/><\/div><span class=\"dpt-thumbnail-aspect-ratio\" style=\"padding-top: 75%\"><\/span><\/div><\/div><div class=\" sub-entry\"><h3 class=\" dpt-title\"><a class=\"dpt-title-link\" href=\"https:\/\/www.markus-schall.de\/cs\/2026\/01\/mehr-als-punk-nina-hagen-cosma-shiva-und-die-kunst-sich-nicht-vereinnahmen-zu-lassen\/\" rel=\"bookmark\">Mehr als Punk: Nina Hagen, Cosma Shiva und die Kunst, sich nicht vereinnahmen zu lassen<\/a><\/h3><\/div><\/div>\n\t\t\t\t\t\t<\/div><!-- .dpt-entry -->\n\t\t\t\t\t\t\n\t\t\t\t<\/div>\n\t\t\t\t\t\t<\/div>\n\t\t\t\n<hr \/>\n","protected":false},"excerpt":{"rendered":"<p>Existuj\u00ed osobnosti, kter\u00fdm \u010dlov\u011bk porozum\u00ed a\u017e tehdy, kdy\u017e se odpout\u00e1 od jejich ve\u0159ejn\u00e9ho obrazu. Dieter Bohlen pat\u0159\u00ed p\u0159esn\u011b do t\u00e9to kategorie. Z hudebn\u00edho hlediska nejsem s\u00e1m velk\u00fdm fanou\u0161kem jeho povrchn\u00edch, \u010dasto velmi jednoduch\u00fdch melodi\u00ed \u2013 a p\u0159esto je t\u0159eba spravedliv\u011b p\u0159iznat: pro 80. l\u00e9ta bylo to, co vytvo\u0159il, \u2026 <a title=\"V\u00edce ne\u017e punk: Nina Hagen, Cosma Shiva a um\u011bn\u00ed nenechat se strhnout\" class=\"read-more\" href=\"https:\/\/www.markus-schall.de\/cs\/2026\/01\/mehr-als-punk-nina-hagen-cosma-shiva-und-die-kunst-sich-nicht-vereinnahmen-zu-lassen\/\" aria-label=\"\u010c\u00edst v\u00edce o More than punk: Nina Hagen, Cosma Shiva and the art of not letting yourself in\">\u010c\u00edst d\u00e1l<\/a><\/p>","protected":false},"author":1,"featured_media":3785,"comment_status":"open","ping_status":"open","sticky":false,"template":"","format":"standard","meta":{"iawp_total_views":277,"footnotes":""},"categories":[1,466,472],"tags":[467,480,458,426,476,483,477],"class_list":["post-3744","post","type-post","status-publish","format-standard","has-post-thumbnail","hentry","category-allgemein","category-gesellschaft","category-kunst-kultur","tag-auswandern","tag-deutschland","tag-erfahrungen","tag-krisen","tag-meinungsfreiheit","tag-musik","tag-portrait"],"_links":{"self":[{"href":"https:\/\/www.markus-schall.de\/cs\/wp-json\/wp\/v2\/posts\/3744","targetHints":{"allow":["GET"]}}],"collection":[{"href":"https:\/\/www.markus-schall.de\/cs\/wp-json\/wp\/v2\/posts"}],"about":[{"href":"https:\/\/www.markus-schall.de\/cs\/wp-json\/wp\/v2\/types\/post"}],"author":[{"embeddable":true,"href":"https:\/\/www.markus-schall.de\/cs\/wp-json\/wp\/v2\/users\/1"}],"replies":[{"embeddable":true,"href":"https:\/\/www.markus-schall.de\/cs\/wp-json\/wp\/v2\/comments?post=3744"}],"version-history":[{"count":28,"href":"https:\/\/www.markus-schall.de\/cs\/wp-json\/wp\/v2\/posts\/3744\/revisions"}],"predecessor-version":[{"id":5759,"href":"https:\/\/www.markus-schall.de\/cs\/wp-json\/wp\/v2\/posts\/3744\/revisions\/5759"}],"wp:featuredmedia":[{"embeddable":true,"href":"https:\/\/www.markus-schall.de\/cs\/wp-json\/wp\/v2\/media\/3785"}],"wp:attachment":[{"href":"https:\/\/www.markus-schall.de\/cs\/wp-json\/wp\/v2\/media?parent=3744"}],"wp:term":[{"taxonomy":"category","embeddable":true,"href":"https:\/\/www.markus-schall.de\/cs\/wp-json\/wp\/v2\/categories?post=3744"},{"taxonomy":"post_tag","embeddable":true,"href":"https:\/\/www.markus-schall.de\/cs\/wp-json\/wp\/v2\/tags?post=3744"}],"curies":[{"name":"wp","href":"https:\/\/api.w.org\/{rel}","templated":true}]}}