{"id":4355,"date":"2026-01-16T07:00:48","date_gmt":"2026-01-16T07:00:48","guid":{"rendered":"https:\/\/www.markus-schall.de\/?p=4355"},"modified":"2026-04-22T15:45:14","modified_gmt":"2026-04-22T15:45:14","slug":"pochopeni-proc-jsou-drzeni-tela-a-statika-casto-dulezitejsi-nez-se-ocekava","status":"publish","type":"post","link":"https:\/\/www.markus-schall.de\/cs\/2026\/01\/pochopeni-proc-jsou-drzeni-tela-a-statika-casto-dulezitejsi-nez-se-ocekava\/","title":{"rendered":"Porozum\u011bn\u00ed k\u00fdle: Pro\u010d je dr\u017een\u00ed t\u011bla a statika \u010dasto d\u016fle\u017eit\u011bj\u0161\u00ed, ne\u017e se o\u010dek\u00e1v\u00e1?"},"content":{"rendered":"<p>S k\u00fdlou se pot\u00fdk\u00e1m od roku 2020. Kdy\u017e se ohl\u00e9dnu zp\u011bt, neza\u010dalo to dramatickou nehodou, ale sp\u00ed\u0161e okam\u017eikem, kdy t\u011blo n\u00e1hle vyslalo jasn\u00fd sign\u00e1l: N\u011bco je jinak. K\u00fdla se m\u016f\u017ee ohl\u00e1sit p\u0159ekvapiv\u011b nen\u00e1padn\u00fdm zp\u016fsobem - a\u017e do chv\u00edle, kdy u\u017e ji nem\u016f\u017eete ignorovat. U m\u011b to p\u0159i\u0161lo pom\u011brn\u011b n\u00e1hle.<\/p>\n<p>Prvn\u00ed operace n\u00e1sledovala o n\u011bkolik m\u011bs\u00edc\u016f pozd\u011bji, ale cesta nebyla \u201edokon\u010dena\u201c. Pr\u00e1v\u011b proto se vyplat\u00ed nejprve toto t\u00e9ma spr\u00e1vn\u011b pochopit - tak, jak je medic\u00ednsky zam\u00fd\u0161leno, a z\u00e1rove\u0148 s nadhledem sledovat v\u011bci, kter\u00e9 \u010dasto z\u016fst\u00e1vaj\u00ed stranou.<!--more--><\/p>\n<hr \/>\n\n\t\t\t<div class=\"display-post-types\">\n\n\t\t\t\t\t\t\t<style type=\"text\/css\">\n\t\t\t#dpt-wrapper-349 { --dpt-text-align: left;--dpt-image-crop: center;--dpt-border-radius: 5px;--dpt-h-gutter: 10px;--dpt-v-gutter: 9px; }\t\t\t<\/style>\n\t\t\t<style type=\"text\/css\">#dpt-wrapper-349 { --dpt-title-font-style:normal;--dpt-title-font-weight:600;--dpt-title-line-height:1.5;--dpt-title-text-decoration:none;--dpt-title-text-transform:none;--dpt-excerpt-font-style:normal;--dpt-excerpt-font-weight:400;--dpt-excerpt-line-height:1.5;--dpt-excerpt-text-decoration:none;--dpt-excerpt-text-transform:none;--dpt-meta1-font-style:normal;--dpt-meta1-font-weight:400;--dpt-meta1-line-height:1.9;--dpt-meta1-text-decoration:none;--dpt-meta1-text-transform:none;--dpt-meta2-font-style:normal;--dpt-meta2-font-weight:400;--dpt-meta2-line-height:1.9;--dpt-meta2-text-decoration:none;--dpt-meta2-text-transform:none; }<\/style><div class=\"dpt-main-header\">\n\t\t\t\t\t\t<div class=\"dpt-main-title\">\n\t\t\t\t\t\t\t<span class=\"dpt-main-title-text\">Aktu\u00e1ln\u00ed zdravotn\u00ed t\u00e9mata<\/span>\n\t\t\t\t\t\t<\/div>\n\t\t\t\t\t\t\n\t\t\t\t\t\t\n\t\t\t\t\t\t\n\t\t\t\t\t\t<\/div>\t\t\t\n\t\t\t\t<div id=\"dpt-wrapper-349\" class=\"dpt-wrapper dpt-mag1 land1 dpt-cropped dpt-flex-wrap\" >\n\n\t\t\t\t\t\t\t\t\t\t\t<div class=\"dpt-entry has-thumbnail\" data-title=\"sympathikus, parasympathikus und cortisol \u2013 wie stress unseren k\u00f6rper steuert\" data-id=\"5255\"  data-category=\"allgemein gesundheit\" data-post_tag=\"cmd gesundheit hypersensibilit\u00e4t krisen mcs ratgeber\">\n\t\t\t\t\t\t\t<div class=\"dpt-entry-wrapper\"><div class=\"dpt-featured-content\"><div class=\"dpt-permalink\"><a href=\"https:\/\/www.markus-schall.de\/cs\/2026\/03\/sympaticky-nervovy-system-parasympaticky-nervovy-system-a-kortizol-jak-stres-ovlada-nase-telo\/\" class=\"dpt-permalink\"><span class=\"screen-reader-text\">Sympatick\u00fd nervov\u00fd syst\u00e9m, parasympatick\u00fd nervov\u00fd syst\u00e9m a kortizol - jak stres ovl\u00e1d\u00e1 na\u0161e t\u011blo<\/span><\/a><\/div><div class=\"dpt-thumbnail\"><div class=\"dpt-thumbnail-inner\"><img width=\"1024\" height=\"683\" class=\"attachment-full size-full\" alt=\"Kortizol, sympatick\u00fd nervov\u00fd syst\u00e9m a stres\" context=\"dpt\" data-dpt-src=\"https:\/\/www.markus-schall.de\/wp-content\/uploads\/Sympathikus-Cortisol-Stress.jpg\" data-dpt-sizes=\"(max-width: 1024px) 100vw, 1024px\" data-dpt-srcset=\"https:\/\/www.markus-schall.de\/wp-content\/uploads\/Sympathikus-Cortisol-Stress.jpg 1024w, https:\/\/www.markus-schall.de\/wp-content\/uploads\/Sympathikus-Cortisol-Stress-300x200.jpg 300w, https:\/\/www.markus-schall.de\/wp-content\/uploads\/Sympathikus-Cortisol-Stress-768x512.jpg 768w, https:\/\/www.markus-schall.de\/wp-content\/uploads\/Sympathikus-Cortisol-Stress-18x12.jpg 18w\" \/><\/div><span class=\"dpt-thumbnail-aspect-ratio\" style=\"padding-top: 75%\"><\/span><\/div><\/div><div class=\"sub-entry\"><h3 class=\"dpt-title\"><a class=\"dpt-title-link\" href=\"https:\/\/www.markus-schall.de\/cs\/2026\/03\/sympaticky-nervovy-system-parasympaticky-nervovy-system-a-kortizol-jak-stres-ovlada-nase-telo\/\" rel=\"bookmark\">Sympatick\u00fd nervov\u00fd syst\u00e9m, parasympatick\u00fd nervov\u00fd syst\u00e9m a kortizol - jak stres ovl\u00e1d\u00e1 na\u0161e t\u011blo<\/a><\/h3><\/div><\/div>\n\t\t\t\t\t\t<\/div><!-- .dpt-entry -->\n\t\t\t\t\t\t\t\t\t\t\t\t<div class=\"dpt-entry has-thumbnail\" data-title=\"lithium: das vergessene spurenelement? eine betrachtung zur mikrodosierung\" data-id=\"2908\"  data-category=\"allgemein b\u00fccher gesundheit tipps &amp; anleitungen\" data-post_tag=\"buch cmd erfahrungen gesundheit hypersensibilit\u00e4t\">\n\t\t\t\t\t\t\t<div class=\"dpt-entry-wrapper\"><div class=\"dpt-featured-content\"><div class=\"dpt-permalink\"><a href=\"https:\/\/www.markus-schall.de\/cs\/2025\/09\/lithium-zapomenuty-stopovy-prvek-pohled-na-mikrodavkovani\/\" class=\"dpt-permalink\"><span class=\"screen-reader-text\">Lithium: zapomenut\u00fd stopov\u00fd prvek? Pohled na mikrod\u00e1vkov\u00e1n\u00ed<\/span><\/a><\/div><div class=\"dpt-thumbnail\"><div class=\"dpt-thumbnail-inner\"><img width=\"1024\" height=\"683\" class=\"attachment-full size-full\" alt=\"Orot\u00e1t lithn\u00fd v mikrod\u00e1vk\u00e1ch\" context=\"dpt\" data-dpt-src=\"https:\/\/www.markus-schall.de\/wp-content\/uploads\/Lithium-Orotat-Mikrodosierung.jpg\" data-dpt-sizes=\"(max-width: 1024px) 100vw, 1024px\" data-dpt-srcset=\"https:\/\/www.markus-schall.de\/wp-content\/uploads\/Lithium-Orotat-Mikrodosierung.jpg 1024w, https:\/\/www.markus-schall.de\/wp-content\/uploads\/Lithium-Orotat-Mikrodosierung-300x200.jpg 300w, https:\/\/www.markus-schall.de\/wp-content\/uploads\/Lithium-Orotat-Mikrodosierung-768x512.jpg 768w, https:\/\/www.markus-schall.de\/wp-content\/uploads\/Lithium-Orotat-Mikrodosierung-18x12.jpg 18w\" \/><\/div><span class=\"dpt-thumbnail-aspect-ratio\" style=\"padding-top: 75%\"><\/span><\/div><\/div><div class=\"sub-entry\"><h3 class=\"dpt-title\"><a class=\"dpt-title-link\" href=\"https:\/\/www.markus-schall.de\/cs\/2025\/09\/lithium-zapomenuty-stopovy-prvek-pohled-na-mikrodavkovani\/\" rel=\"bookmark\">Lithium: zapomenut\u00fd stopov\u00fd prvek? Pohled na mikrod\u00e1vkov\u00e1n\u00ed<\/a><\/h3><\/div><\/div>\n\t\t\t\t\t\t<\/div><!-- .dpt-entry -->\n\t\t\t\t\t\t\t\t\t\t\t\t<div class=\"dpt-entry has-thumbnail\" data-title=\"b\u00fccher mit tiefgang zu medizin, pers\u00f6nlichkeit und technik beim m. schall verlag\" data-id=\"2401\"  data-category=\"allgemein b\u00fccher gesellschaft gesundheit\" data-post_tag=\"buch cmd datenbanken krisen pers\u00f6nlichkeitsentwicklung verlag\">\n\t\t\t\t\t\t\t<div class=\"dpt-entry-wrapper\"><div class=\"dpt-featured-content\"><div class=\"dpt-permalink\"><a href=\"https:\/\/www.markus-schall.de\/cs\/2025\/07\/hloubkove-knihy-o-lekarske-osobnosti-a-technice-v-nakladatelstvi-m-schall-verlag\/\" class=\"dpt-permalink\"><span class=\"screen-reader-text\">Podrobn\u00e9 knihy o medic\u00edn\u011b, osobnosti a technice z nakladatelstv\u00ed M. Schall Verlag<\/span><\/a><\/div><div class=\"dpt-thumbnail\"><div class=\"dpt-thumbnail-inner\"><img width=\"2400\" height=\"1260\" class=\"attachment-full size-full\" alt=\"Schall Verlag - Knihy s obsahem\" context=\"dpt\" data-dpt-src=\"https:\/\/www.markus-schall.de\/wp-content\/uploads\/image-sv.jpg\" data-dpt-sizes=\"(max-width: 2400px) 100vw, 2400px\" data-dpt-srcset=\"https:\/\/www.markus-schall.de\/wp-content\/uploads\/image-sv.jpg 2400w, https:\/\/www.markus-schall.de\/wp-content\/uploads\/image-sv-300x158.jpg 300w, https:\/\/www.markus-schall.de\/wp-content\/uploads\/image-sv-1024x538.jpg 1024w, https:\/\/www.markus-schall.de\/wp-content\/uploads\/image-sv-768x403.jpg 768w, https:\/\/www.markus-schall.de\/wp-content\/uploads\/image-sv-1536x806.jpg 1536w, https:\/\/www.markus-schall.de\/wp-content\/uploads\/image-sv-2048x1075.jpg 2048w, https:\/\/www.markus-schall.de\/wp-content\/uploads\/image-sv-18x9.jpg 18w\" \/><\/div><span class=\"dpt-thumbnail-aspect-ratio\" style=\"padding-top: 75%\"><\/span><\/div><\/div><div class=\"sub-entry\"><h3 class=\"dpt-title\"><a class=\"dpt-title-link\" href=\"https:\/\/www.markus-schall.de\/cs\/2025\/07\/hloubkove-knihy-o-lekarske-osobnosti-a-technice-v-nakladatelstvi-m-schall-verlag\/\" rel=\"bookmark\">Podrobn\u00e9 knihy o medic\u00edn\u011b, osobnosti a technice z nakladatelstv\u00ed M. Schall Verlag<\/a><\/h3><\/div><\/div>\n\t\t\t\t\t\t<\/div><!-- .dpt-entry -->\n\t\t\t\t\t\t\t\t\t\t\t\t<div class=\"dpt-entry has-thumbnail\" data-title=\"cmd und neue zahnkrone: wie eine minimale fehlh\u00f6he den k\u00f6rper beeinflusst\" data-id=\"5047\"  data-category=\"allgemein gesundheit\" data-post_tag=\"cmd erfahrungen gesundheit hypersensibilit\u00e4t krisen ratgeber\">\n\t\t\t\t\t\t\t<div class=\"dpt-entry-wrapper\"><div class=\"dpt-featured-content\"><div class=\"dpt-permalink\"><a href=\"https:\/\/www.markus-schall.de\/cs\/2026\/02\/cmd-a-nove-zubni-korunky-jak-minimalni-posun-ovlivnuje-telo\/\" class=\"dpt-permalink\"><span class=\"screen-reader-text\">CMD a nov\u00e9 zubn\u00ed korunky: Jak minim\u00e1ln\u00ed posunut\u00ed ovliv\u0148uje organismus<\/span><\/a><\/div><div class=\"dpt-thumbnail\"><div class=\"dpt-thumbnail-inner\"><img width=\"1024\" height=\"683\" class=\"attachment-full size-full\" alt=\"CMD a nov\u00e1 zubn\u00ed korunka\" context=\"dpt\" data-dpt-src=\"https:\/\/www.markus-schall.de\/wp-content\/uploads\/CMD-Schiene-Symptome.jpg\" data-dpt-sizes=\"(max-width: 1024px) 100vw, 1024px\" data-dpt-srcset=\"https:\/\/www.markus-schall.de\/wp-content\/uploads\/CMD-Schiene-Symptome.jpg 1024w, https:\/\/www.markus-schall.de\/wp-content\/uploads\/CMD-Schiene-Symptome-300x200.jpg 300w, https:\/\/www.markus-schall.de\/wp-content\/uploads\/CMD-Schiene-Symptome-768x512.jpg 768w, https:\/\/www.markus-schall.de\/wp-content\/uploads\/CMD-Schiene-Symptome-18x12.jpg 18w\" \/><\/div><span class=\"dpt-thumbnail-aspect-ratio\" style=\"padding-top: 75%\"><\/span><\/div><\/div><div class=\"sub-entry\"><h3 class=\"dpt-title\"><a class=\"dpt-title-link\" href=\"https:\/\/www.markus-schall.de\/cs\/2026\/02\/cmd-a-nove-zubni-korunky-jak-minimalni-posun-ovlivnuje-telo\/\" rel=\"bookmark\">CMD a nov\u00e9 zubn\u00ed korunky: Jak minim\u00e1ln\u00ed posunut\u00ed ovliv\u0148uje organismus<\/a><\/h3><\/div><\/div>\n\t\t\t\t\t\t<\/div><!-- .dpt-entry -->\n\t\t\t\t\t\t\n\t\t\t\t<\/div>\n\t\t\t\t\t\t<\/div>\n\t\t\t\n<hr \/>\n<h2>Co je to vlastn\u011b k\u00fdla?<\/h2>\n<p>K\u00fdla (z l\u00e9ka\u0159sk\u00e9ho hlediska: <strong><a href=\"https:\/\/flexikon.doccheck.com\/de\/Leistenhernie\" target=\"_blank\" rel=\"noopener\">T\u0159\u00edseln\u00e1 k\u00fdla<\/a><\/strong>) nen\u00ed v podstat\u011b \u201er\u00e1na\u201c, ale jak\u00e9si slab\u00e9 m\u00edsto v oblasti t\u0159\u00edsel. P\u0159esn\u011bji \u0159e\u010deno se jedn\u00e1 o m\u00edsto v b\u0159i\u0161n\u00ed st\u011bn\u011b, kde tk\u00e1\u0148 ustupuje. Touto mezerou m\u016f\u017ee vyklenout pob\u0159i\u0161nice - n\u011bkdy i s \u010d\u00e1stmi tukov\u00e9 tk\u00e1n\u011b nebo st\u0159eva. Zn\u00ed to dramati\u010dt\u011bji, ne\u017e se \u010dasto zd\u00e1 v b\u011b\u017en\u00e9m \u017eivot\u011b: mnoho lid\u00ed si zpo\u010d\u00e1tku v\u0161imne pouze mal\u00e9ho v\u00fdstupku, pocitu tah\u00e1n\u00ed, tlaku nebo \u201edivn\u00e9ho\u201c pocitu p\u0159i n\u00e1maze.<\/p>\n<p><strong>Co je d\u016fle\u017eit\u00e9<\/strong>K\u00fdla nen\u00ed jen \u201ed\u00edra\u201c, kter\u00e1 se n\u00e1hle objev\u00ed z ni\u010deho nic. Je to sp\u00ed\u0161e d\u016fsledek nap\u011bt\u00ed a slab\u00e9ho m\u00edsta - a tato kombinace m\u016f\u017ee vznikat postupn\u011b, i kdy\u017e se viditeln\u00fd okam\u017eik jev\u00ed jako \u201en\u00e1hl\u00fd\u201c.<\/p>\n<h3>Typick\u00e9 p\u0159\u00edznaky: Od \u201ejen legra\u010dn\u00ed\u201c a\u017e po jasn\u00e9<\/h3>\n<p>Mnoho nemocn\u00fdch uv\u00e1d\u00ed podobn\u00e9 vzorce, i kdy\u017e se detaily li\u0161\u00ed:<\/p>\n<ul>\n<li><strong>V\u00fdstupek v t\u0159\u00edslech<\/strong>, kter\u00e1 se zv\u00fdrazn\u00ed, kdy\u017e stoj\u00edte nebo tla\u010d\u00edte.<\/li>\n<li><strong>Vytahov\u00e1n\u00ed nebo p\u00e1len\u00ed<\/strong>, zejm\u00e9na p\u0159i zved\u00e1n\u00ed, p\u0159en\u00e1\u0161en\u00ed nebo ka\u0161li.<\/li>\n<li><strong>Pocit tlaku<\/strong>, jako by \u201en\u011bco u\u017e nebylo zcela stabiln\u00ed\u201c.\u201c<\/li>\n<li>N\u011bkdy tak\u00e9 bolest, <strong>n\u011bkdy p\u0159ekvapiv\u011b mal\u00e1 bolest<\/strong> - co m\u016f\u017ee b\u00fdt klamav\u00e9<\/li>\n<\/ul>\n<p>Pr\u00e1v\u011b tato nejasnost zp\u016fsobuje, \u017ee mnoho lid\u00ed zpo\u010d\u00e1tku v\u00e1h\u00e1: nechcete to p\u0159ece\u0148ovat, douf\u00e1te, \u017ee to p\u0159ejde, p\u00e1r dn\u00ed se \u0161et\u0159\u00edte. To je lidsk\u00e9 - ale v p\u0159\u00edpad\u011b k\u00fdly m\u00e1 \u201epo\u010dkat a uvid\u00edme\u201c smysl pouze tehdy, pokud si z\u00e1rove\u0148 skute\u010dn\u011b ujasn\u00edte, co se d\u011bje.<\/p>\n<h3>Pro\u010d to z l\u00e9ka\u0159sk\u00e9ho hlediska vznik\u00e1?<\/h3>\n<p>Klasick\u00fd l\u00e9ka\u0159sk\u00fd model je v podstat\u011b srozumiteln\u00fd: V b\u0159i\u0161e je tlak. Tento tlak se zvy\u0161uje v\u0161\u00edm, co d\u011bl\u00e1te a co \u201etla\u010d\u00ed\u201c - zved\u00e1n\u00edm, no\u0161en\u00edm, obt\u00ed\u017en\u00fdm vst\u00e1v\u00e1n\u00edm, ka\u0161l\u00e1n\u00edm, k\u00fdch\u00e1n\u00edm, z\u00e1cpou, intenzivn\u00edm tr\u00e9ninkem, n\u011bkdy prost\u011b trvale vysok\u00fdm z\u00e1kladn\u00edm nap\u011bt\u00edm.<\/p>\n<p>Pokud je v oblasti t\u0159\u00edsel slab\u00e1 tk\u00e1\u0148, m\u016f\u017ee se tam tlak \u201eprotla\u010dit\u201c. Tato slabost m\u016f\u017ee b\u00fdt vrozen\u00e1, m\u016f\u017ee se zv\u011bt\u0161ovat s v\u011bkem nebo m\u016f\u017ee b\u00fdt zhor\u0161ena stresem. Probl\u00e9m je obzvl\u00e1\u0161t\u011b \u010dast\u00fd u mu\u017e\u016f, proto\u017ee v tomto m\u00edst\u011b jsou anatomick\u00e9 struktury, kter\u00e9 d\u011blaj\u00ed b\u0159i\u0161n\u00ed st\u011bnu \u201eslo\u017eit\u011bj\u0161\u00ed\u201c. (Nejedn\u00e1 se o \u017e\u00e1dn\u00fd posudek, ale o \u010distou konstrukci).<\/p>\n<p>Z\u00e1sadn\u00ed na tomto pohledu je, \u017ee je mechanick\u00fd. A mechanick\u00fd m\u00e1 v medic\u00edn\u011b \u010dasto smysl p\u0159edev\u0161\u00edm proto, \u017ee \u010din\u00ed v\u011bci hmatateln\u00fdmi, m\u011b\u0159iteln\u00fdmi a chirurgicky \u0159e\u0161iteln\u00fdmi.<\/p>\n<h3>P\u0159\u00edm\u00e1 a nep\u0159\u00edm\u00e1 t\u0159\u00edseln\u00e1 k\u00fdla: dv\u011b varianty, stejn\u00e9 m\u00edsto stavby<\/h3>\n<p>Z l\u00e9ka\u0159sk\u00e9ho hlediska se \u010dasto rozli\u0161uje mezi<\/p>\n<ul>\n<li><strong>Nep\u0159\u00edm\u00e1 k\u00fdla<\/strong>Zlomenina m\u00e1 tendenci j\u00edt \u201ep\u0159irozenou cestou\u201c (p\u0159es struktury, kter\u00e9 jsou tam anatomicky um\u00edst\u011bny).<\/li>\n<li><strong>P\u0159\u00edm\u00e1 k\u00fdla<\/strong>Je pravd\u011bpodobn\u011bj\u0161\u00ed, \u017ee k\u00fdla projde slab\u00fdm m\u00edstem v samotn\u00e9 b\u0159i\u0161n\u00ed st\u011bn\u011b.<\/li>\n<\/ul>\n<p>Pro ka\u017edodenn\u00ed \u017eivot je tento rozd\u00edl m\u00e9n\u011b d\u016fle\u017eit\u00fd ne\u017e d\u016fsledek: v obou p\u0159\u00edpadech jde o stabilitu v p\u0159echodov\u00e9 oblasti mezi b\u0159i\u0161n\u00ed dutinou a t\u0159\u00edslem. A v obou p\u0159\u00edpadech, jakmile je zde opakovan\u011b vyv\u00edjen nep\u0159\u00edzniv\u00fd tlak, t\u011blo nakonec najde sv\u00e9 nejslab\u0161\u00ed m\u00edsto.<\/p>\n<h3>Pro\u010d se operace prov\u00e1d\u00ed tak \u010dasto?<\/h3>\n<p>Up\u0159\u00edmn\u00e1 odpov\u011b\u010f: Proto\u017ee je to v mnoha p\u0159\u00edpadech nejrozumn\u011bj\u0161\u00ed \u0159e\u0161en\u00ed. K\u00fdla obvykle jednodu\u0161e \u201enezar\u016fst\u00e1\u201c stabiln\u00edm zp\u016fsobem. Z\u016fst\u00e1v\u00e1 slab\u00fdm m\u00edstem. A pokud dojde k zachycen\u00ed \u010d\u00e1sti st\u0159eva, m\u016f\u017ee se st\u00e1t nal\u00e9hav\u00fdm probl\u00e9mem. L\u00e9ka\u0159sk\u00e1 logika je tedy jasn\u00e1: pokud byla k\u00fdla diagnostikov\u00e1na a zp\u016fsobuje p\u0159\u00edznaky - nebo je rozpoznateln\u00e9 riziko -, pak je operace \u010dasto pragmatickou volbou. To je tak\u00e9 klasick\u00fd, osv\u011bd\u010den\u00fd zp\u016fsob uva\u017eov\u00e1n\u00ed:<\/p>\n<ul>\n<li>Pokud je n\u011bco konstruk\u010dn\u011b nestabiln\u00ed, stabilizujte konstrukci.<\/li>\n<li>Bu\u010f pro\u0161it\u00edm, vyztu\u017een\u00edm nebo s\u00edt\u00ed.<\/li>\n<\/ul>\n<p>P\u0159esto je na m\u00edst\u011b skeptick\u00e1, ale spravedliv\u00e1 \u00favaha: operace m\u00edsto oprav\u00ed - ale neodpov\u00ed automaticky na ot\u00e1zku, pro\u010d tam tlak v\u016fbec dopadl tak nep\u0159\u00edzniv\u011b.<\/p>\n<h3>Pro\u010d mechanick\u00fd model \u010dasto selh\u00e1v\u00e1<\/h3>\n<p>Zde za\u010d\u00edn\u00e1 \u010d\u00e1st, kter\u00e1 v mainstreamu \u010dasto chyb\u00ed - a kter\u00e1 bude d\u016fle\u017eit\u00e1 pozd\u011bji v m\u00e9m \u010dl\u00e1nku. Proto\u017ee i kdy\u017e uzn\u00e1te, \u017ee operace \u010dasto d\u00e1v\u00e1 smysl, ot\u00e1zky z\u016fst\u00e1vaj\u00ed nezodpov\u011bzen\u00e9:<\/p>\n<ul>\n<li>Pro\u010d n\u011bkte\u0159\u00ed lid\u00e9 dostanou k\u00fdlu, i kdy\u017e neud\u011blali \u201enic zvl\u00e1\u0161tn\u00edho\u201c?<\/li>\n<li>Pro\u010d se k\u00fdla v n\u011bkter\u00fdch p\u0159\u00edpadech po kr\u00e1tk\u00e9 dob\u011b vrac\u00ed?<\/li>\n<li>Pro\u010d se n\u011bkte\u0159\u00ed lid\u00e9 c\u00edt\u00ed po operaci rychle stabiln\u00ed, zat\u00edmco jin\u00fdm to trv\u00e1 dlouho?<\/li>\n<li>Pro\u010d je n\u011bkdy v\u00fdlisek jen \u201ekoncem \u0159et\u011bzu\u201c?<\/li>\n<\/ul>\n<p>Up\u0159\u00edmn\u011b \u0159e\u010deno, medic\u00edna zde \u010dasto pracuje se zkratkou:<\/p>\n<blockquote><p>\u201eSlab\u00e9 m\u00edsto + tlak = zlom.\u201c<\/p><\/blockquote>\n<p>To je pravda - ale je to jen polovina p\u0159\u00edb\u011bhu. Druhou polovinou je ot\u00e1zka:<\/p>\n<blockquote><p>Pro\u010d je tlak takov\u00fd, jak\u00fd je?<\/p><\/blockquote>\n<p>A co je d\u016fle\u017eit\u011bj\u0161\u00ed, pro\u010d je distribuov\u00e1n t\u00edmto zp\u016fsobem? T\u011blo nen\u00ed stroj s jedinou vadnou \u010d\u00e1st\u00ed. Je to napjat\u00fd a statick\u00fd syst\u00e9m. Tlak nen\u00ed zp\u016fsoben pouze \u201ev\u00e1hou\u201c, ale tak\u00e9 dr\u017een\u00edm t\u011bla, d\u00fdch\u00e1n\u00edm, svalov\u00fdm tonusem, stresov\u00fdmi vzorci a pohybov\u00fdmi n\u00e1vyky. To v\u0161e m\u016f\u017eete ignorovat a p\u0159esto \u00fasp\u011b\u0161n\u011b fungovat. Pokud v\u0161ak chcete pochopit, pro\u010d jsou n\u011bkter\u00e9 procesy komplikovan\u00e9, t\u011b\u017eko m\u016f\u017eete tyto faktory ignorovat.<\/p>\n<h3>T\u0159\u00edsla jako p\u0159echodov\u00fd bod: anatomie se setk\u00e1v\u00e1 s ka\u017edodenn\u00edm \u017eivotem<\/h3>\n<p>T\u0159\u00edsla nejsou izolovan\u00fdm m\u00edstem. Le\u017e\u00ed na jak\u00e9si k\u0159i\u017eovatce:<\/p>\n<ul>\n<li>Nad b\u0159i\u0161n\u00ed dutinou s jej\u00edm tlakov\u00fdm syst\u00e9mem<\/li>\n<li>P\u00e1nev a ky\u010dle nesou z\u00e1t\u011b\u017e v doln\u00ed \u010d\u00e1sti t\u011bla<\/li>\n<li>Bo\u010dn\u00ed svaly a fascie, kter\u00e9 rozd\u011bluj\u00ed nap\u011bt\u00ed.<\/li>\n<li>uvnit\u0159 struktur, kter\u00e9 se li\u0161\u00ed pro mu\u017ee a \u017eeny.<\/li>\n<\/ul>\n<p>Pr\u00e1v\u011b takov\u00e9 p\u0159echody v t\u011ble jsou \u010dasto citliv\u011bj\u0161\u00ed ne\u017e \u201ehladk\u00e9 povrchy\u201c. To zn\u00e1me i z \u0159emesln\u00e9 v\u00fdroby: tam, kde doch\u00e1z\u00ed k p\u0159esm\u011brov\u00e1n\u00ed sil, tam, kde jsou materi\u00e1lov\u00e9 p\u0159echody, tam, kde se konstrukce st\u00e1vaj\u00ed slo\u017eit\u00fdmi - tam se poprv\u00e9 projev\u00ed slabiny.<\/p>\n<p>Ka\u017ed\u00fd, kdo toto p\u0159irovn\u00e1n\u00ed p\u0159ijme, okam\u017eit\u011b pochop\u00ed: je logick\u00e9, \u017ee se to m\u016f\u017ee \u201est\u00e1t\u201c v baru. Stejn\u011b logick\u00e9 je ale pt\u00e1t se, pro\u010d se to n\u011bkomu stane a jin\u00e9mu ne.<\/p>\n<p>C\u00edlem t\u00e9to prvn\u00ed kapitoly nen\u00ed vnutit teorii, ale polo\u017eit z\u00e1klady:<\/p>\n<ul>\n<li>T\u0159\u00edselnou k\u00fdlu lze dob\u0159e l\u00e9ka\u0159sky vysv\u011btlit a \u010dasto ji lze rozumn\u011b operovat.<\/li>\n<li>Mechanick\u00fd model je spr\u00e1vn\u00fd - ale \u010dasto ne\u00fapln\u00fd.<\/li>\n<li>Ty\u010d je p\u0159echodov\u00fdm bodem ve v\u011bt\u0161\u00edm syst\u00e9mu tlaku, tahu a statiky.<\/li>\n<\/ul>\n<p>Ka\u017ed\u00fd, kdo za\u017e\u00edv\u00e1 recidivy, dlouh\u00e1 obdob\u00ed rehabilitace nebo podivn\u00e9 pocity tlaku, m\u00e1 \u010dasto d\u016fvod pod\u00edvat se nejen na t\u0159\u00edsla, ale tak\u00e9 na \u201eokol\u00ed\u201c. V dal\u0161\u00ed kapitole se proto budu v\u011bnovat vlastn\u00edmu p\u0159\u00edb\u011bhu: dv\u011bma operac\u00edm, dv\u011bma metod\u00e1m, dv\u011bma velmi rozd\u00edln\u00fdm zku\u0161enostem - a ot\u00e1zce, co to v\u0161echno m\u00e1 spole\u010dn\u00e9ho se stabilitou, kterou je t\u0159eba nejen \u201eza\u0161\u00edt\u201c, ale tak\u00e9 pro\u017e\u00edt.<\/p>\n<div class=\"lyte-wrapper\" style=\"width:640px;max-width:100%;margin:5px;\"><div class=\"lyMe\" id=\"WYL_mfXF_KGqNf4\"><div id=\"lyte_mfXF_KGqNf4\" data-src=\"https:\/\/www.markus-schall.de\/wp-content\/plugins\/wp-youtube-lyte\/lyteCache.php?origThumbUrl=%2F%2Fi.ytimg.com%2Fvi%2FmfXF_KGqNf4%2Fhqdefault.jpg\" class=\"pL\"><div class=\"tC\"><div class=\"tT\"><\/div><\/div><div class=\"play\"><\/div><div class=\"ctrl\"><div class=\"Lctrl\"><\/div><div class=\"Rctrl\"><\/div><\/div><\/div><noscript><a href=\"https:\/\/youtu.be\/mfXF_KGqNf4\" rel=\"nofollow noopener\" target=\"_blank\"><img loading=\"lazy\" decoding=\"async\" src=\"https:\/\/www.markus-schall.de\/wp-content\/plugins\/wp-youtube-lyte\/lyteCache.php?origThumbUrl=https%3A%2F%2Fi.ytimg.com%2Fvi%2FmfXF_KGqNf4%2F0.jpg\" alt=\"Miniatura videa na YouTube\" width=\"640\" height=\"340\" \/><br \/>Pod\u00edvejte se na toto video na YouTube<\/a><\/noscript><\/div><\/div><div class=\"lL\" style=\"max-width:100%;width:640px;margin:5px;\"><\/div><br \/>\nT\u0159\u00edseln\u00e1 k\u00fdla: rozpozn\u00e1n\u00ed varovn\u00fdch p\u0159\u00edznak\u016f - P\u0159\u00ed\u010diny a l\u00e9\u010dba t\u0159\u00edseln\u00e9 k\u00fdly | <a href=\"https:\/\/www.youtube.com\/@DoktorWeigl1\" target=\"_blank\" rel=\"nofollow noopener\">DoctorWeigl<\/a><\/p>\n<h2>Dv\u011b operace, dv\u011b cesty - a pro\u010d zde hraje roli d\u016fv\u011bra<\/h2>\n<p>Po prvn\u00ed kapitole zn\u00ed spousta v\u011bc\u00ed zpo\u010d\u00e1tku logicky: slab\u00e9 m\u00edsto, tlak, chirurgick\u00e1 stabilizace. Takhle si to p\u0159edstavujete, takhle se to vysv\u011btluje, takhle se to d\u011bl\u00e1 - a v mnoha p\u0159\u00edpadech to funguje. Jakmile jste v\u0161ak posti\u017eeni sami, je tu druh\u00e1 rovina, kter\u00e1 v p\u0159\u00edru\u010dk\u00e1ch \u010dasto chyb\u00ed. Nejde jen o zdravotn\u00ed probl\u00e9m, ale tak\u00e9 o probl\u00e9m se sebev\u011bdom\u00edm. Proto\u017ee pokud operace nem\u00e1 po\u017eadovan\u00fd \u00fa\u010dinek, n\u011bco se t\u00edm zm\u011bn\u00ed. Lid\u00e9 se st\u00e1vaj\u00ed opatrn\u011bj\u0161\u00edmi. Jsou skepti\u010dt\u011bj\u0161\u00ed. A z\u00e1rove\u0148 nuceni pod\u00edvat se na v\u011bc zbl\u00edzka.<\/p>\n<p>M\u016fj vlastn\u00ed p\u0159\u00edb\u011bh s k\u00fdlou tedy nen\u00ed jen \u201ep\u0159\u00edb\u011bhem o operaci\u201c. Je to tak\u00e9 p\u0159\u00edb\u011bh o tom, jak po ne\u00fasp\u011bchu p\u0159ehodnot\u00edte, \u010demu je\u0161t\u011b m\u016f\u017eete v\u011b\u0159it, \u017ee va\u0161e t\u011blo - a syst\u00e9m - zvl\u00e1dne.<\/p>\n<h3>2020: Prvn\u00ed operace - oboustrann\u00e1, laparoskopick\u00e1 \u201ep\u0159es b\u0159icho\u201c<\/h3>\n<p>Prvn\u00ed operace prob\u011bhla v roce 2020, a to na obou stran\u00e1ch. Laparoskopicky. Jin\u00fdmi slovy to, co je dnes \u010dasto pova\u017eov\u00e1no za modern\u00ed standard: minim\u00e1ln\u011b invazivn\u00ed, mal\u00e9 \u0159ezy, kamerov\u00e1 technologie, p\u0159\u00edstup p\u0159es dutinu b\u0159i\u0161n\u00ed. Pokud si p\u0159e\u010dtete pouze teorii, zn\u00ed to velmi p\u0159esv\u011bd\u010div\u011b. Men\u0161\u00ed plocha r\u00e1ny, rychlej\u0161\u00ed rekonvalescence, technicky elegantn\u00ed, \u010dasto popisovan\u00e1 jako \u201e\u0161etrn\u011bj\u0161\u00ed\u201c.<\/p>\n<p>A ano, mnoho lid\u00ed s n\u00edm vych\u00e1z\u00ed dob\u0159e. Chci to \u0159\u00edct v\u00fdslovn\u011b, proto\u017ee nechci sd\u011blit, \u017ee tato metoda je od z\u00e1kladu \u0161patn\u00e1. Ale pro m\u011b osobn\u011b byla tato operace mnohem nep\u0159\u00edjemn\u011bj\u0161\u00ed, ne\u017e jsem o\u010dek\u00e1val. Ne ve smyslu \u201edrama\u201c, ale ve smyslu: Prost\u011b mi nep\u0159ipadala takov\u00e1, jakou jsem si ji p\u0159edstavovala jako \u201ejemnou\u201c.<\/p>\n<p>Toto je bod, kter\u00fd je t\u0159eba zd\u016fraznit: \u201eminim\u00e1ln\u011b invazivn\u00ed\u201c neznamen\u00e1 automaticky \u201eminim\u00e1ln\u011b invazivn\u00ed\u201c. Znamen\u00e1 to pouze m\u00e9n\u011b \u0159ez\u016f zven\u010d\u00ed. T\u011blo si st\u00e1le v\u0161\u00edm\u00e1 toho, co se d\u011bje uvnit\u0159.<\/p>\n<h3>Pro\u010d \u201emodern\u00ed\u201c neznamen\u00e1 automaticky \u201elep\u0161\u00ed\u201c?<\/h3>\n<p>V medic\u00edn\u011b - stejn\u011b jako v technice - existuje p\u0159irozen\u00e1 tendence: nov\u011bj\u0161\u00ed postupy jsou \u010dasto vn\u00edm\u00e1ny jako pokrok, mimo jin\u00e9 proto, \u017ee mohou m\u00edt objektivn\u011b mnoho v\u00fdhod. Pokrok v\u0161ak nikdy nen\u00ed jen \u201elep\u0161\u00ed\u201c. \u010casto je: jin\u00fd. A \u201ejin\u00fd\u201c m\u016f\u017ee b\u00fdt pro konkr\u00e9tn\u00edho pacienta lep\u0161\u00ed nebo hor\u0161\u00ed.<\/p>\n<p>P\u0159i laparoskopick\u00e9 operaci t\u0159\u00edsel se p\u0159\u00edstup z\u00edsk\u00e1v\u00e1 p\u0159es dutinu b\u0159i\u0161n\u00ed. T\u00edm jsou zasa\u017eeny oblasti, o kter\u00fdch by pacient jinak ani nev\u011bd\u011bl. M\u016f\u017eete to poc\u00edtit na tom, jak va\u0161e t\u011blo n\u00e1sledn\u011b reaguje: B\u0159icho, pocit tlaku, pohyby, n\u011bkdy tak\u00e9 zcela obecn\u00fd pocit, \u017ee se \u201euvnit\u0159 n\u011bco stalo\u201c. T\u011b\u017eko se to popisuje, ale mnoho pacient\u016f okam\u017eit\u011b pochop\u00ed, o co jde.<\/p>\n<p>A pr\u00e1v\u011b zde za\u010d\u00edn\u00e1 prvn\u00ed d\u016fle\u017eit\u00e1 zku\u0161enost: ne ka\u017ed\u00e1 metoda je stejn\u00e1, jak nazna\u010duje bro\u017eura.<\/p>\n<h3>Recidiva: k\u00fdla se vr\u00e1tila po t\u0159ech m\u011bs\u00edc\u00edch<\/h3>\n<p>A pak p\u0159i\u0161el okam\u017eik, kter\u00fd v\u0161echno zm\u011bnil: Asi po t\u0159ech m\u011bs\u00edc\u00edch se k\u00fdla vr\u00e1tila. To nen\u00ed jen l\u00e9ka\u0159sk\u00fd fakt - je to psychologick\u00fd zlom. Proto\u017ee jako pacient si zpo\u010d\u00e1tku mysl\u00edte: <em>\u201eDob\u0159e, to u\u017e je opraveno. Te\u010f si to m\u016f\u017eu od\u0161krtnout.\u201c<\/em> Kdy\u017e se to tak rychle vr\u00e1t\u00ed, prvn\u00ed reflex \u010dasto zn\u00ed: Co je tady \u0161patn\u011b?<\/p>\n<p><strong>D\u016fle\u017eit\u00e9 je, \u017ee<\/strong>Relaps m\u016f\u017ee m\u00edt mnoho p\u0159\u00ed\u010din. Nemus\u00ed to nutn\u011b znamenat, \u017ee byla provedena \u201e\u0161patn\u00e1 operace\u201c. M\u016f\u017ee j\u00edt o nep\u0159\u00edznivou reakci tk\u00e1n\u011b. M\u016f\u017ee se st\u00e1t, \u017ee z\u00e1t\u011b\u017e p\u0159i\u0161la p\u0159\u00edli\u0161 brzy, ani\u017e byste m\u011bli pocit, \u017ee je \u201ep\u0159\u00edli\u0161 brzy\u201c. M\u016f\u017ee se st\u00e1t, \u017ee p\u016fvodn\u00ed slab\u00e9 m\u00edsto bylo v\u011bt\u0161\u00ed nebo komplikovan\u011bj\u0161\u00ed, ne\u017e se o\u010dek\u00e1valo. Nebo existuj\u00ed faktory, kter\u00e9 se ve standardn\u00edm modelu t\u00e9m\u011b\u0159 neobjevuj\u00ed: Postava, rozlo\u017een\u00ed tlaku, chronick\u00e9 nap\u011bt\u00ed, poloha p\u00e1nve, d\u00fdch\u00e1n\u00ed.<\/p>\n<p>A\u0165 u\u017e v\u0161ak byla p\u0159\u00ed\u010dina jak\u00e1koli, v tu chv\u00edli se stala jedna v\u011bc - d\u016fv\u011bra byla ztracena. A to je lidsk\u00e1 p\u0159irozenost. \u010clov\u011bk se st\u00e1v\u00e1 opatrn\u00fdm. Naslouch\u00e1te sami sob\u011b. Za\u010dnete hodnotit ka\u017ed\u00e9 zaka\u0161l\u00e1n\u00ed, ka\u017ed\u00fd pohyb, ka\u017ed\u00e9 p\u0159en\u00e1\u0161en\u00ed. A najednou u\u017e nelze br\u00e1t ka\u017edodenn\u00ed \u017eivot jako samoz\u0159ejmost.<\/p>\n<h3>T\u0159i roky \u201eb\u011bh\u00e1n\u00ed s n\u00edm\u201c: Ne z tvrdohlavosti, ale z nejistoty.<\/h3>\n<p>Po tomto z\u00e1\u017eitku jsem t\u0159i roky chodil s po\u0161kozen\u00fdm t\u0159\u00edslem. Ne proto, \u017ee bych cht\u011bl b\u00fdt hrdina, a ne proto, \u017ee bych byl \u201eproti operaci\u201c. Ale proto, \u017ee jsem byl nejist\u00fd. Jakmile n\u011bco nefungovalo, automaticky si kladete ot\u00e1zky, kter\u00e9 p\u0159edt\u00edm nehr\u00e1ly roli:<\/p>\n<ul>\n<li>Co kdy\u017e se to stane znovu?<\/li>\n<li>Co kdy\u017e p\u0159\u00ed\u010dina v\u016fbec neexistuje?<\/li>\n<li>Co kdy\u017e budu opravovat st\u00e1le stejn\u00e9 m\u00edsto, ani\u017e bych pochopil z\u00e1kladn\u00ed probl\u00e9m?<\/li>\n<li>Co kdy\u017e se mi t\u011blo sna\u017e\u00ed \u0159\u00edct n\u011bco o m\u00e9m stresu, dr\u017een\u00ed t\u011bla nebo nap\u011bt\u00ed - a j\u00e1 ho neposlouch\u00e1m?<\/li>\n<\/ul>\n<p>To nejsou esoterick\u00e9 my\u0161lenky. Je to prost\u011b zdrav\u00fd rozum: pokud \u0159e\u0161en\u00ed neobstoj\u00ed, za\u010dnete se na probl\u00e9m d\u00edvat jinak. A to je d\u016fle\u017eit\u00fd bod, kter\u00fd mnoho lid\u00ed podce\u0148uje: Nejv\u011bt\u0161\u00edm probl\u00e9mem \u010dasto nen\u00ed bolest, ale neust\u00e1l\u00e1 nejistota. Omezujete se, vyh\u00fdb\u00e1te se pohybu, vytv\u00e1\u0159\u00edte si jak\u00fdsi vnit\u0159n\u00ed ochrann\u00fd program. To m\u016f\u017ee b\u00fdt u\u017eite\u010dn\u00e9 - ale tak\u00e9 to stoj\u00ed kvalitu \u017eivota.<\/p>\n<h3>2023: Druh\u00e1 operace - vlevo, klasicky, \u201epostaru\u201c<\/h3>\n<p>V l\u00e9t\u011b 2023 jsem se rozhodl pro druhou operaci. Tentokr\u00e1t pouze vlevo - a tentokr\u00e1t konven\u010dn\u00ed metodou (otev\u0159en\u00e1 metoda podle l\u00e9ka\u0159\u016f). <a href=\"https:\/\/flexikon.doccheck.com\/de\/Operation_nach_Lichtenstein\" target=\"_blank\" rel=\"noopener\">Lichtenstein<\/a>), tj. s p\u0159\u00edm\u00fdm \u0159ezem. P\u0159esn\u011b ta metoda, u kter\u00e9 mnoho lid\u00ed \u0159\u00edk\u00e1: \u201eJe to t\u011b\u017e\u0161\u00ed, je to v\u011bt\u0161\u00ed, je to v\u00edce stresuj\u00edc\u00ed.\u201c A to je pr\u00e1v\u011b ta metoda, u kter\u00e9 je to t\u011b\u017e\u0161\u00ed. P\u0159esn\u011b to mi bylo \u0159e\u010deno: \u017ee klasick\u00e1 metoda je \u010dasov\u011b n\u00e1ro\u010dn\u011bj\u0161\u00ed.<\/p>\n<p>A te\u010f p\u0159ijde n\u011bco, co m\u011b p\u0159ekvapilo: tato druh\u00e1 operace mi byla mnohem m\u00e9n\u011b nep\u0159\u00edjemn\u00e1 ne\u017e prvn\u00ed laparoskopick\u00e1. Samoz\u0159ejm\u011b je to subjektivn\u00ed - ale pr\u00e1v\u011b proto je tak cenn\u00e9 o tom mluvit. Proto\u017ee to ukazuje: \u017ee l\u00e9ka\u0159sk\u00e9 hodnocen\u00ed (\u201eobt\u00ed\u017en\u011bj\u0161\u00ed\u201c) a zku\u0161enost pacienta (\u201enep\u0159\u00edjemn\u011bj\u0161\u00ed\u201c) se nemus\u00ed shodovat.<\/p>\n<p>Tato operace byla skute\u010dn\u011b \u00fasp\u011b\u0161n\u00e1. Plat\u00ed. A to je z\u00e1sadn\u00ed bod: ne proto, \u017ee bych byl nyn\u00ed \u201eproti modern\u011b\u201c, ale proto, \u017ee to ukazuje, \u017ee klasick\u00e1, osv\u011bd\u010den\u00e1 metoda m\u00e1 sv\u00e9 dobr\u00e9 d\u016fvody. Existuj\u00ed postupy, kter\u00e9 se pou\u017e\u00edvaj\u00ed des\u00edtky let, proto\u017ee funguj\u00ed - ne proto, \u017ee by neexistovaly lep\u0161\u00ed n\u00e1pady, ale proto\u017ee jsou v re\u00e1ln\u00e9m \u017eivot\u011b robustn\u00ed.<\/p>\n<h3>\u201eTlust\u00e1\u201c p\u0159est\u00e1vka: kdy\u017e u\u017e probl\u00e9m nen\u00ed mal\u00fd<\/h3>\n<p>Dal\u0161\u00ed aspekt: m\u011bl jsem opravdu velkou k\u00fdlu na lev\u00e9 stran\u011b. To nen\u00ed jen vedlej\u0161\u00ed pozn\u00e1mka, ale d\u016fle\u017eit\u00e9 pozad\u00ed. Proto\u017ee mal\u00e1, za\u010d\u00ednaj\u00edc\u00ed k\u00fdla se c\u00edt\u00ed jinak ne\u017e \u00fapln\u00e1 k\u00fdla. A rozhodnut\u00ed podstoupit operaci je tak\u00e9 jin\u00e9.<\/p>\n<p>Kdy\u017e si uv\u011bdom\u00edte, \u017ee u\u017e nejde o \u201etrochu tah\u00e1n\u00ed\u201c, ale o jasnou nestabilitu, v\u00fdhody operace se stanou d\u016fle\u017eit\u011bj\u0161\u00edmi. Sou\u010dasn\u011b v\u0161ak vzr\u016fstaj\u00ed i obavy: <em>\u201eKdy\u017e se te\u010f vr\u00e1t\u00ed, co pak?\u201c<\/em><\/p>\n<p>Takov\u00e9 my\u0161lenky jsou norm\u00e1ln\u00ed. A pat\u0159\u00ed do up\u0159\u00edmn\u00e9ho \u010dl\u00e1nku - proto\u017ee mnoho \u010dten\u00e1\u0159\u016f je ti\u0161e zn\u00e1, ale m\u00e1lokdo je vyjad\u0159uje otev\u0159en\u011b.<\/p>\n<h3>Po druh\u00e9 operaci: \u00fasp\u011bch - ale ne okam\u017eit\u011b \u201ev\u0161e jako p\u0159edt\u00edm\u201c<\/h3>\n<p>Ani po druh\u00e9 \u00fasp\u011b\u0161n\u00e9 operaci nebylo v\u0161e r\u00e1zem vy\u0159e\u0161eno. V prvn\u00edch letech jsem m\u011bl st\u00e1le pravideln\u00e9 probl\u00e9my. No\u0161en\u00ed bylo obt\u00ed\u017en\u00e9. Nosit v\u00e1hu bylo slo\u017eit\u00e9. A netrvalo to jen p\u00e1r t\u00fddn\u016f nebo m\u011bs\u00edc\u016f, ale sp\u00ed\u0161e jeden a\u017e dva roky - mo\u017en\u00e1 i d\u00e9le, kdy\u017e se na to pod\u00edv\u00e1te poctiv\u011b.<\/p>\n<p>To je bod, kter\u00fd v mnoha kr\u00e1tk\u00fdch textech chyb\u00ed: \u010dasto se do\u010dtete \u201en\u00e1vrat k pln\u00e9 s\u00edle po X t\u00fddnech\u201c, a pak jsou posti\u017een\u00ed p\u0159ekvapeni, kdy\u017e to t\u011blo nedodr\u017e\u00ed. Ale t\u011blo nen\u00ed kontroln\u00ed seznam. Struktura a funkce se nevyv\u00edjej\u00ed v\u017edy stejn\u00fdm tempem.<\/p>\n<p>M\u016f\u017ee se st\u00e1t, \u017ee operace je stabiln\u00ed, ale zbytek t\u011bla - svaly, fascie, pohybov\u00e9 vzorce - je st\u00e1le v ochrann\u00e9m re\u017eimu. Jinak se pohybujete, jinak dr\u017e\u00edte, jinak se podv\u011bdom\u011b nap\u00edn\u00e1te. A dokud tyto vzorce p\u0159etrv\u00e1vaj\u00ed, existuje zbytkov\u00e9 riziko, \u017ee tlak bude m\u00edt op\u011bt nep\u0159\u00edzniv\u00fd \u00fa\u010dinek nebo \u017ee p\u0159\u00edznaky budou p\u0159etrv\u00e1vat, i kdy\u017e \u201ev\u0161e bylo vlastn\u011b napraveno\u201c.<\/p>\n<p>Kdybych m\u011bl tuto kapitolu shrnout do jednoho kl\u00ed\u010dov\u00e9ho bodu, bylo by to toto:<\/p>\n<ul>\n<li>Chirurgick\u00fd z\u00e1krok m\u016f\u017ee b\u00fdt u\u017eite\u010dn\u00fd a nezbytn\u00fd.<\/li>\n<li>M\u016f\u017ee doj\u00edt k recidiv\u011b - ani\u017e byste museli hned hledat vin\u00edka.<\/li>\n<li>Recidiva v\u0161ak m\u011bn\u00ed perspektivu: hled\u00e1te p\u0159\u00ed\u010diny hloub\u011bji.<\/li>\n<li>Tradi\u010dn\u00ed metody nejsou zastaral\u00e9, ale \u010dasto jen osv\u011bd\u010den\u00e9.<\/li>\n<li>\u00dasp\u011bch automaticky neznamen\u00e1, \u017ee t\u011blo okam\u017eit\u011b op\u011bt funguje \u201enorm\u00e1ln\u011b\u201c.<\/li>\n<\/ul>\n<p>A p\u0159edev\u0161\u00edm: po dvou operac\u00edch mi z\u016fstala jedna ot\u00e1zka, kter\u00e1 ve mn\u011b dlouho z\u016fst\u00e1vala a kter\u00e1 bude hr\u00e1t hlavn\u00ed roli i pozd\u011bji v tomto \u010dl\u00e1nku:<\/p>\n<p>Pokud bylo slab\u00fdm m\u00edstem t\u0159\u00edslo - pro\u010d se tam tlak v\u016fbec dostal?<\/p>\n<p>Pr\u00e1v\u011b zde p\u0159ich\u00e1z\u00ed na \u0159adu dal\u0161\u00ed kapitola. Proto\u017ee po \u00fasp\u011b\u0161n\u00e9 druh\u00e9 operaci za\u010d\u00edn\u00e1 skute\u010dn\u011b zaj\u00edmav\u00e1 f\u00e1ze: \u017eivot po n\u00ed - a uv\u011bdom\u011bn\u00ed si, \u017ee stabilita nen\u00ed jen \u201e\u0161it\u00e1\u201c, ale souvis\u00ed tak\u00e9 se statikou, dr\u017een\u00edm t\u011bla a rozlo\u017een\u00edm tlaku.<\/p>\n<p>N\u00e1sleduj\u00edc\u00ed obr\u00e1zek ukazuje srovn\u00e1n\u00ed laparoskopick\u00e9 operace \u201ep\u0159es b\u0159icho\u201c (vlevo) a klasick\u00e9 otev\u0159en\u00e9 operace (Lichtensteinova metoda):<\/p>\n<p><img loading=\"lazy\" decoding=\"async\" class=\"alignnone wp-image-4386 size-large\" src=\"https:\/\/www.markus-schall.de\/wp-content\/uploads\/Leistenbruch-OP-Verfahren.jpg\" alt=\"Chirurgick\u00fd z\u00e1krok u t\u0159\u00edseln\u00e9 k\u00fdly\" width=\"1024\" height=\"683\" srcset=\"https:\/\/www.markus-schall.de\/wp-content\/uploads\/Leistenbruch-OP-Verfahren.jpg 1024w, https:\/\/www.markus-schall.de\/wp-content\/uploads\/Leistenbruch-OP-Verfahren-300x200.jpg 300w, https:\/\/www.markus-schall.de\/wp-content\/uploads\/Leistenbruch-OP-Verfahren-768x512.jpg 768w, https:\/\/www.markus-schall.de\/wp-content\/uploads\/Leistenbruch-OP-Verfahren-18x12.jpg 18w\" sizes=\"auto, (max-width: 1024px) 100vw, 1024px\" \/><\/p>\n<h2>Kdy\u017e se operace poda\u0159\u00ed, ale t\u011blo je\u0161t\u011b pot\u0159ebuje \u010das.<\/h2>\n<p>Po druh\u00e9 operaci se mi ulevilo. Velk\u00e1 lev\u00e1 t\u0159\u00edseln\u00e1 k\u00fdla byla odstran\u011bna, r\u00e1na se zahojila a z l\u00e9ka\u0159sk\u00e9ho hlediska bylo v\u0161e v po\u0159\u00e1dku. A p\u0159esto se pom\u011brn\u011b rychle objevil pocit, kter\u00fd mnoz\u00ed trp\u00edc\u00ed znaj\u00ed, ale m\u00e1lokdy o n\u011bm mluv\u00ed: Struktura byla stabiln\u00ed, ale d\u016fv\u011bra ve vlastn\u00ed t\u011blo se je\u0161t\u011b nevr\u00e1tila.<\/p>\n<p>\u017dijete d\u00e1l, fungujete, d\u011bl\u00e1te v\u011bci - ale v pozad\u00ed neust\u00e1le prob\u00edh\u00e1 vnit\u0159n\u00ed srovn\u00e1v\u00e1n\u00ed: Dok\u00e1\u017eu to zvednout? M\u011bl bych se takhle oto\u010dit? Nebylo to u\u017e moc? Tato f\u00e1ze nen\u00ed nijak spektakul\u00e1rn\u00ed, ale m\u00e1 v\u011bt\u0161\u00ed dopad na ka\u017edodenn\u00ed \u017eivot ne\u017e jak\u00e1koli akutn\u00ed epizoda bolesti.<\/p>\n<h3>Doba po operaci: opatrnost m\u00edsto lehkosti<\/h3>\n<p>V m\u011bs\u00edc\u00edch n\u00e1sleduj\u00edc\u00edch po druh\u00e9 operaci jsem si uv\u011bdomil, \u017ee \u201e\u00fasp\u011b\u0161n\u011b operovan\u00fd\u201c neznamen\u00e1 \u201eschopn\u00fd op\u011bt nosit v\u00e1hu jako d\u0159\u00edve\u201c. No\u0161en\u00ed z\u016fstalo obt\u00ed\u017en\u00e9. Ne ve smyslu bezprost\u0159edn\u00ed bolesti, ale sp\u00ed\u0161e jako podprahov\u00e9 varov\u00e1n\u00ed t\u011bla. Byl to takov\u00fd neur\u010dit\u00fd pocit, \u017ee je lep\u0161\u00ed b\u00fdt opatrn\u00fd - i kdy\u017e objektivn\u011b s n\u00edm nebylo nic v nepo\u0159\u00e1dku.<\/p>\n<p>Kdy\u017e se ohl\u00e9dnu zp\u011bt, nebyla to slabost, ale forma sebeobrany. T\u011blo se nau\u010dilo, \u017ee t\u0159\u00edsla jsou citliv\u00e1 oblast. A toto u\u010den\u00ed nezmiz\u00ed jen proto, \u017ee prob\u011bhl chirurgick\u00fd z\u00e1krok. Svaly, fascie a pohybov\u00e9 vzorce pot\u0159ebuj\u00ed \u010das, aby se znovu uspo\u0159\u00e1daly.<\/p>\n<h3>Pro\u010d je n\u00e1sledn\u00e1 p\u00e9\u010de \u010dasto jen polovinou \u00fasp\u011bchu<\/h3>\n<p>L\u00e9ka\u0159sk\u00e1 n\u00e1sledn\u00e1 p\u00e9\u010de se obecn\u011b zam\u011b\u0159uje na jasn\u00e9 parametry: Hojen\u00ed r\u00e1ny, stabilita, \u017e\u00e1dn\u00e9 komplikace. To je rozumn\u00e9 a nezbytn\u00e9. \u010casto v\u0161ak chyb\u00ed pohled na funk\u010dn\u00ed interakci. Jak se \u010dlov\u011bk po operaci pohybuje? Jak je rozlo\u017eeno nap\u011bt\u00ed p\u0159i vst\u00e1v\u00e1n\u00ed, ka\u0161li, no\u0161en\u00ed? Kter\u00e9 polohy se vloudily?<\/p>\n<p>Tyto ot\u00e1zky se kladou z\u0159\u00eddka, proto\u017ee je obt\u00ed\u017en\u00e9 je m\u011b\u0159it. Nelze se jimi zab\u00fdvat b\u011bhem kr\u00e1tk\u00e9 prohl\u00eddky. A p\u0159esto rozhoduj\u00ed o tom, zda se n\u011bkdo po n\u011bkolika m\u011bs\u00edc\u00edch znovu p\u0159est\u011bhuje jako samoz\u0159ejmost - nebo z\u016fstane dlouhodob\u011b opatrn\u00fd.<\/p>\n<p>Pro m\u011b tato f\u00e1ze trvala d\u00e9le, ne\u017e bych \u010dekal. Ne t\u00fddny, ale sp\u00ed\u0161e roky. Dva, mo\u017en\u00e1 dokonce t\u0159i roky, kdy jsem se v\u011bdom\u011b vyh\u00fdbal mnoha v\u011bcem. T\u011b\u017ek\u00fdm n\u00e1kup\u016fm, ne\u0161ikovn\u00fdm pohyb\u016fm, v\u0161emu, co bylo \u201etrhav\u00e9\u201c. Nem\u011blo to nic spole\u010dn\u00e9ho s panikou, ale se zku\u0161enost\u00ed. Jakmile jednou za\u017eijete, jak rychle se k\u00fdla m\u016f\u017ee vr\u00e1tit, nestane se z v\u00e1s lehkomysln\u00fd \u010dlov\u011bk.<\/p>\n<p>Z\u00e1rove\u0148 se v\u0161ak nejedn\u00e1 o stav, kter\u00fd by bylo mo\u017en\u00e9 udr\u017eet nav\u017edy. Trval\u00e1 opatrnost toti\u017e t\u011blo m\u011bn\u00ed. Vyrovn\u00e1v\u00e1te se. Nap\u00edn\u00e1te se jinak. P\u0159esouv\u00e1te stres do jin\u00fdch oblast\u00ed. A tady za\u010d\u00edn\u00e1 tich\u00fd kolob\u011bh, kter\u00e9ho si mnoho lid\u00ed nev\u0161imne: P\u016fvodn\u00ed slab\u00e9 m\u00edsto je opraveno, ale celkov\u00fd syst\u00e9m z\u016fst\u00e1v\u00e1 nevyv\u00e1\u017een\u00fd.<\/p>\n<h3>Struktura je opravena - funkce mus\u00ed b\u00fdt nalezena znovu.<\/h3>\n<p>D\u016fle\u017eit\u00e1 my\u0161lenka, kterou jsem si uv\u011bdomil a\u017e \u010dasem: Operace opravuje strukturu, ne automaticky funkci. Struktura znamen\u00e1: tk\u00e1\u0148 dr\u017e\u00ed, s\u00ed\u0165ka sed\u00ed, steh je stabiln\u00ed. Funkce znamen\u00e1: jak se s\u00edly pohybuj\u00ed t\u011blem v ka\u017edodenn\u00edm \u017eivot\u011b.<\/p>\n<p>Pokud se funkce a struktura op\u011bt nespoj\u00ed, vznik\u00e1 jak\u00e9si vnit\u0159n\u00ed nap\u011bt\u00ed. T\u011blo se chov\u00e1, jako by nebezpe\u010d\u00ed st\u00e1le existovalo, i kdy\u017e bylo objektivn\u011b odstran\u011bno. Nejedn\u00e1 se o psychologick\u00fd probl\u00e9m v u\u017e\u0161\u00edm slova smyslu, ale o hluboce zako\u0159en\u011bn\u00fd ochrann\u00fd mechanismus. T\u011blo si \u201epamatuje\u201c stres - a reaguje na n\u011bj s pat\u0159i\u010dnou opatrnost\u00ed.<\/p>\n<h3>\u00daloha n\u00e1vyk\u016f a podv\u011bdom\u00e9ho nap\u011bt\u00ed<\/h3>\n<p>B\u011bhem t\u00e9to doby jsem si uv\u011bdomil, jak moc jsou ka\u017edodenn\u00ed postoje a zvyky podce\u0148ov\u00e1ny. Jak si stoj\u00edte. Jak sed\u00edte. Jak se postavit. Jak rozlo\u017eit z\u00e1t\u011b\u017e. Mnoh\u00e9 z toho je automatick\u00e9. Po operaci je v\u0161ak tento automatismus \u010dasto naru\u0161en. Podv\u011bdom\u011b si pevn\u011bji dr\u017e\u00edte b\u0159icho. Vyh\u00fdb\u00e1te se n\u011bkter\u00fdm pohyb\u016fm. Nap\u00edn\u00e1te se tam, kde byste m\u011bli ve skute\u010dnosti povolit.<\/p>\n<p>Probl\u00e9mem je, \u017ee trval\u00e9 nap\u011bt\u00ed op\u011bt vytv\u00e1\u0159\u00ed tlak. Ne v\u017edy tam, kde ho c\u00edt\u00edte, ale \u010dasto na p\u0159echodech. A pr\u00e1v\u011b tyto p\u0159echody - nap\u0159\u00edklad t\u0159\u00edsla - citliv\u011b reaguj\u00ed na nep\u0159\u00edzniv\u00e9 tlakov\u00e9 pom\u011bry.<\/p>\n<h3>Pro\u010d \u010das s\u00e1m o sob\u011b v\u0161echno nevy\u0159e\u0161\u00ed<\/h3>\n<p>Je roz\u0161\u00ed\u0159en\u00e1 my\u0161lenka: \u201e\u010casem se to zlep\u0161\u00ed.\u201c A ano, \u010das je d\u016fle\u017eit\u00fd. Ale \u010das s\u00e1m o sob\u011b v\u017edy nesta\u010d\u00ed. Pokud se nep\u0159\u00edzniv\u00e9 vzorce zako\u0159en\u00ed, m\u016f\u017ee je \u010das dokonce stabilizovat. T\u011blo se pak nenau\u010d\u00ed \u201euvoln\u011bn\u00ed\u201c, ale \u201etrval\u00e9mu nap\u011bt\u00ed jako norm\u00e1ln\u00edmu stavu\u201c.<\/p>\n<p>Dlouho jsem m\u011bl pocit, \u017ee n\u011bco z\u00e1sadn\u00edho je\u0161t\u011b nen\u00ed v po\u0159\u00e1dku - ani\u017e bych to dok\u00e1zal pojmenovat. T\u0159\u00edsla se dr\u017eela. Ale nep\u0159ipadalo mi to p\u0159irozen\u00e9. A pr\u00e1v\u011b tento pocit byste m\u011bli br\u00e1t v\u00e1\u017en\u011b, m\u00edsto abyste ho od sebe odh\u00e1n\u011bli.<\/p>\n<p>Tato kapitola p\u0159edstavuje zlom v ch\u00e1p\u00e1n\u00ed. U\u017e nejde o to, zda se operace m\u011bla prov\u00e1d\u011bt nebo jak se prov\u00e1d\u011bla. Jde o n\u00e1sledky. Je o prostoru mezi l\u00e9ka\u0159sk\u00fdm \u00fasp\u011bchem a fyzickou zp\u016fsobilost\u00ed pro ka\u017edodenn\u00ed \u017eivot. M\u00fdm nejd\u016fle\u017eit\u011bj\u0161\u00edm poznatkem z t\u00e9to f\u00e1ze bylo<\/p>\n<ul>\n<li>Stabilita se vytv\u00e1\u0159\u00ed nejen opravou, ale tak\u00e9 funguj\u00edc\u00ed interakc\u00ed.<\/li>\n<li>Opatrnost m\u00e1 smysl, ale z dlouhodob\u00e9ho hlediska m\u016f\u017ee zp\u016fsobit nov\u00e9 probl\u00e9my.<\/li>\n<li>T\u011blo pot\u0159ebuje nejen \u010das, ale tak\u00e9 p\u0159\u00edle\u017eitost, aby se mohlo znovu nastavit.<\/li>\n<\/ul>\n<p>Pr\u00e1v\u011b zde za\u010d\u00edn\u00e1 dal\u0161\u00ed krok: ot\u00e1zka, co se vlastn\u011b v t\u011ble zm\u011bn\u00ed, kdy\u017e zas\u00e1hnete na zd\u00e1nliv\u011b zcela jin\u00e9m m\u00edst\u011b. V m\u00e9m p\u0159\u00edpad\u011b se jednalo o <a href=\"https:\/\/www.markus-schall.de\/cs\/2025\/12\/cmd-a-skusove-dlahy-osobni-zkusenostni-zprava-s-jasnym-prehledem\/\"><strong>CMD dlaha<\/strong><\/a> - a s n\u00edm i zm\u011bna statiky, kter\u00e1 dalece p\u0159es\u00e1hla \u010delist.<\/p>\n<p><img loading=\"lazy\" decoding=\"async\" class=\"alignnone wp-image-4387 size-large\" src=\"https:\/\/www.markus-schall.de\/wp-content\/uploads\/Leistenbruch-Gewicht-tragen.jpg\" alt=\"P\u0159en\u00e1\u0161en\u00ed v\u00e1hy po operaci t\u0159\u00edseln\u00e9 k\u00fdly\" width=\"1024\" height=\"683\" srcset=\"https:\/\/www.markus-schall.de\/wp-content\/uploads\/Leistenbruch-Gewicht-tragen.jpg 1024w, https:\/\/www.markus-schall.de\/wp-content\/uploads\/Leistenbruch-Gewicht-tragen-300x200.jpg 300w, https:\/\/www.markus-schall.de\/wp-content\/uploads\/Leistenbruch-Gewicht-tragen-768x512.jpg 768w, https:\/\/www.markus-schall.de\/wp-content\/uploads\/Leistenbruch-Gewicht-tragen-18x12.jpg 18w\" sizes=\"auto, (max-width: 1024px) 100vw, 1024px\" \/><\/p>\n<h2>CMD dlaha, statika a t\u011blo jako celek<\/h2>\n<p>Pokud nos\u00edte dlahu CMD \u010dty\u0159i roky, nau\u010d\u00edte se n\u011bco, \u010demu byste d\u0159\u00edve jen st\u011b\u017e\u00ed uv\u011b\u0159ili: T\u011blo nen\u00ed stavebnice, ve kter\u00e9 vym\u011bn\u00edte jednu \u010d\u00e1st a zbytek z\u016fstane stejn\u00fd. V\u0161e samoz\u0159ejm\u011b za\u010d\u00edn\u00e1 v \u00fastech - u postaven\u00ed skusu, \u010delistn\u00edho kloubu a sval\u016f. Ale \u010d\u00edm d\u00e9le tento druh terapie trv\u00e1, t\u00edm je to jasn\u011bj\u0161\u00ed: \u010celist nen\u00ed jen \u010delist. Je sou\u010d\u00e1st\u00ed syst\u00e9mu, kter\u00fd proch\u00e1z\u00ed cel\u00fdm t\u011blem.<\/p>\n<p>A pr\u00e1v\u011b tady to pro m\u011b za\u010dalo b\u00fdt vzru\u0161uj\u00edc\u00ed. Proto\u017ee i kdy\u017e jsem p\u016fvodn\u011b nosil dlahu \u201ejen\u201c kv\u016fli CMD, v pr\u016fb\u011bhu let jsem si st\u00e1le jasn\u011bji uv\u011bdomoval, \u017ee se v m\u00e9 statice n\u011bco z\u00e1sadn\u00edho zm\u011bnilo. Ne rychle, ne ok\u00e1zale - sp\u00ed\u0161 jako kdy\u017e se d\u016fm minim\u00e1ln\u011b usad\u00ed, kdy\u017e se zm\u011bn\u00ed nosn\u00fd prvek. Teprve postupn\u011b si uv\u011bdom\u00edte, \u017ee v\u00e1hy jsou jin\u00e9.<\/p>\n<h3>Co vlastn\u011b d\u011bl\u00e1 dlaha CMD - jednodu\u0161e \u0159e\u010deno<\/h3>\n<p>CMD dlaha je \u010dasto popisov\u00e1na takto: odleh\u010duje \u010delist, vede doln\u00ed \u010delist do p\u0159\u00edzniv\u011bj\u0161\u00ed polohy, zklid\u0148uje svaly a chr\u00e1n\u00ed zuby. To v\u0161e je pravda. Tento popis v\u0161ak vyvol\u00e1v\u00e1 dojem, \u017ee dlaha je lok\u00e1ln\u00ed pom\u016fcka - jako n\u00e1plast na k\u016f\u017ei.<\/p>\n<p>Ve skute\u010dnosti zasahuje do n\u011b\u010deho mnohem hlub\u0161\u00edho: do polohy skusu. A pozice skusu nen\u00ed detail. Je to referen\u010dn\u00ed bod, podle kter\u00e9ho se t\u011blo orientuje. Hlava toti\u017e nen\u00ed jednodu\u0161e \u201enaho\u0159e\u201c. Hlava je t\u011b\u017ek\u00e9, pohybliv\u00e9 z\u00e1va\u017e\u00ed - a t\u011blo ji mus\u00ed neust\u00e1le udr\u017eovat v rovnov\u00e1ze. Kdy\u017e se zm\u011bn\u00ed poloha \u010delisti, \u010dasto se zm\u011bn\u00ed tak\u00e9:<\/p>\n<ul>\n<li>jak hlava sed\u00ed na kr\u010dn\u00ed p\u00e1te\u0159i.<\/li>\n<li>jak funguj\u00ed kr\u010dn\u00ed svaly<\/li>\n<li>Jak udr\u017eet nap\u011bt\u00ed v ramenou a hrudn\u00edku<\/li>\n<li>jak je t\u011blo celkov\u011b \u201epostaveno\u201c<\/li>\n<\/ul>\n<p>Nic z toho se ned\u011bje s t\u0159eskem. D\u011bje se to pomalu. A pr\u00e1v\u011b proto se \u010dasto podce\u0148uje.<\/p>\n<h3>T\u011blo funguje v \u0159et\u011bzc\u00edch, ne v jednotliv\u00fdch \u010d\u00e1stech.<\/h3>\n<p>D\u016fle\u017eit\u00e1 my\u0161lenka, kterou jsem si uv\u011bdomil a\u017e \u010dasem: T\u011blo funguje v \u0159et\u011bzc\u00edch nap\u011bt\u00ed. To znamen\u00e1, \u017ee kdy\u017e se n\u011bco zm\u011bn\u00ed naho\u0159e, reaguj\u00ed na to i oblasti dole. A pokud je n\u011bco \u0161patn\u011b dole, horn\u00ed oblast to kompenzuje.<\/p>\n<p>Nejedn\u00e1 se o exotickou my\u0161lenku. Je to vlastn\u011b nejstar\u0161\u00ed p\u0159\u00edstup ze v\u0161ech: pokud jste v minulosti m\u011bli k\u0159iv\u00e9 dve\u0159e, ne\u0159e\u0161ili jste kliku, ale pod\u00edvali jste se, zda nen\u00ed pok\u0159iven\u00fd r\u00e1m. Lidsk\u00e9 t\u011blo funguje podobn\u011b. Pokud se n\u011bjak\u00fd syst\u00e9m vych\u00fdl\u00ed z rovnov\u00e1hy, sna\u017e\u00ed se v\u0161ude naj\u00edt rovnov\u00e1hu.<\/p>\n<p>A pr\u00e1v\u011b proto je pravd\u011bpodobn\u00e9, \u017ee dlaha - pokud dlouhodob\u011b m\u011bn\u00ed postaven\u00ed skusu - nejen \u201echr\u00e1n\u00ed zuby\u201c, ale m\u016f\u017ee tak\u00e9 v pr\u016fb\u011bhu let podpo\u0159it novou statiku.<\/p>\n<h3>Pro\u010d jsou zm\u011bny \u010dasto viditeln\u00e9 a\u017e po letech<\/h3>\n<p>Mnoho lid\u00ed o\u010dek\u00e1v\u00e1 od terapi\u00ed jasn\u00fd \u00fa\u010dinek: p\u0159ed\/po. Ale zejm\u00e9na statika je \u010dasto dlouhodob\u00fd proces. Stejn\u00e9 to bylo i u m\u011b. Po t\u0159ech t\u00fddnech jsem si ne\u0159ekla: \u201eTe\u010f m\u00e1m p\u00e1nev v jin\u00e9 poloze.\u201c Ale po t\u0159ech t\u00fddnech jsem si \u0159ekla: \"Te\u010f m\u00e1m p\u00e1nev v jin\u00e9 poloze\". Takhle to nefunguje. Je to sp\u00ed\u0161e jako lo\u010f, kter\u00e1 je minim\u00e1ln\u011b nastavena na nov\u00fd kurz: odchylka se projev\u00ed a\u017e po mnoha kilometrech.<\/p>\n<p>U dlahy CMD mus\u00ed t\u011blo nejen p\u0159ijmout novou polohu, ale tak\u00e9 ji stabilizovat. To je pr\u00e1ce. Svaly, fascie a pohybov\u00e9 vzorce se mus\u00ed p\u0159eorganizovat. A tato reorganizace m\u016f\u017ee m\u00edt za n\u00e1sledek i nov\u00e9 pocity po del\u0161\u00ed dobu: Na n\u011bkter\u00fdch m\u00edstech se to zlep\u0161\u00ed, na jin\u00fdch do\u010dasn\u011b c\u00edt\u00edte v\u00edce.<\/p>\n<p>To je jeden z d\u016fvod\u016f, pro\u010d z\u016fst\u00e1v\u00e1m k t\u011bmto t\u00e9mat\u016fm skeptick\u00fd: je velmi snadn\u00e9 d\u011blat \u201ez\u00e1v\u011bry\u201c p\u0159\u00edli\u0161 brzy. Ale v pr\u016fb\u011bhu \u010dty\u0159 let je st\u00e1le obt\u00ed\u017en\u011bj\u0161\u00ed odm\u00edtnout v\u0161e jako pouhou n\u00e1hodu.<\/p>\n<p>V samostatn\u00e9m \u010dl\u00e1nku jsem shrnul, jak se<a href=\"https:\/\/www.markus-schall.de\/cs\/2025\/08\/dlahova-terapie-pro-cmd-moje-osobni-cesta-posledni-fazi\/\"><strong> z\u00e1v\u011bre\u010dn\u00e1 f\u00e1ze l\u00e9\u010dby CMD<\/strong><\/a> s funk\u010dn\u00ed dlahou.<\/p>\n<h3>Hlava, \u010delist, p\u00e1te\u0159: horn\u00ed \u010d\u00e1st t\u00e1hne doln\u00ed \u010d\u00e1st dol\u016f<\/h3>\n<p>\u010celist je funk\u010dn\u011b spojena s kr\u010dn\u00ed p\u00e1te\u0159\u00ed. Ka\u017ed\u00fd, kdo n\u011bkdy za\u017eil nap\u011bt\u00ed v krku a tlak v \u010delisti, to poc\u00edtil. Pokud hlava nen\u00ed dob\u0159e vyv\u00e1\u017een\u00e1, svaly to mus\u00ed trvale kompenzovat. Trval\u00e1 kompenzace vytv\u00e1\u0159\u00ed nap\u011bt\u00ed. Nap\u011bt\u00ed pokra\u010duje sm\u011brem dol\u016f. To m\u016f\u017ee pokra\u010dovat sm\u011brem dol\u016f:<\/p>\n<ul>\n<li>Ramenn\u00ed p\u00e1s<\/li>\n<li>Hrudn\u00edk<\/li>\n<li>Oblast br\u00e1nice<\/li>\n<li>Bedern\u00ed p\u00e1te\u0159<\/li>\n<li>Povod\u00ed<\/li>\n<\/ul>\n<p>Nejedn\u00e1 se o magick\u00e9 linie v t\u011ble, ale o skute\u010dn\u00e9 funk\u010dn\u00ed vztahy. A pokud je naho\u0159e skute\u010dn\u011b \u00faleva, m\u016f\u017ee n\u011bco \u201en\u00e1sledovat\u201c dole. P\u00e1nev je zde obzvl\u00e1\u0161t\u011b zaj\u00edmav\u00e1, proto\u017ee - stejn\u011b jako t\u0159\u00edsla - je p\u0159echodov\u00fdm bodem. Zde se setk\u00e1vaj\u00ed s\u00edly shora a zdola.<\/p>\n<hr \/>\n<h3>Aktu\u00e1ln\u00ed pr\u016fzkum p\u0159\u00edznak\u016f CMD<\/h3>\n<div class='bootstrap-yop yop-poll-mc'>\n\t\t\t\t\t\t\t<div class=\"basic-yop-poll-container\" style=\"background-color:#ffffff; border:0px; border-style:solid; border-color:#000000; border-radius:5px; padding:0px 5px;\" data-id=\"5\" data-temp=\"basic-pretty\" data-skin=\"square\" data-cscheme=\"blue\" data-cap=\"0\" data-access=\"guest\" data-tid=\"\" data-uid=\"9511c61b9b98f7f471eff31406d56fa7\" data-pid=\"5047\" data-resdet=\"votes-number,percentages\" data-show-results-to=\"guest\" data-show-results-moment=\"after-vote\" data-show-results-only=\"false\" data-show-message=\"true\" data-show-results-as=\"bar\" data-sort-results-by=\"as-defined\" data-sort-results-rule=\"asc\"data-is-ended=\"0\" data-percentages-decimals=\"2\" data-gdpr=\"no\" data-gdpr-sol=\"consent\" data-css=\".basic-yop-poll-container[data-uid] .basic-vote {\t\t\t\t\t\t\t\t\ttext-align: center;\t\t\t\t\t\t\t\t}\" data-counter=\"0\" data-load-with=\"1\" data-notification-section=\"top\"><div class=\"row\"><div class=\"col-md-12\"><div class=\"basic-inner\"><div class=\"basic-message hide\" style=\"border-left: 10px solid #008000; padding: 0px 10px;\" data-error=\"#ff0000\" data-success=\"#008000\"><p class=\"basic-message-text\" style=\"color:#000000; font-size:14px; font-weight:normal;\"><\/p><\/div><div class=\"basic-overlay hide\"><div class=\"basic-vote-options\"><\/div><div class=\"basic-preloader\"><div class=\"basic-windows8\"><div class=\"basic-wBall basic-wBall_1\"><div class=\"basic-wInnerBall\"><\/div><\/div><div class=\"basic-wBall basic-wBall_2\"><div class=\"basic-wInnerBall\"><\/div><\/div><div class=\"basic-wBall basic-wBall_3\"><div class=\"basic-wInnerBall\"><\/div><\/div><div class=\"basic-wBall basic-wBall_4\"><div class=\"basic-wInnerBall\"><\/div><\/div><div class=\"basic-wBall basic-wBall_5\"><div class=\"basic-wInnerBall\"><\/div><\/div><\/div><\/div><\/div><form class=\"basic-form\" action=\"\"><input type=\"hidden\" name=\"_token\" value=\"b786255d13\" autocomplete=\"off\"><div class=\"basic-elements\"><div class=\"basic-element basic-question basic-question-text-vertical\" data-id=\"5\" data-uid=\"6a657ebb0ee6d33b6b2820db60d2eb94\" data-type=\"question\" data-question-type=\"text\" data-required=\"yes\" data-allow-multiple=\"yes\" data-min=\"1\" data-max=\"7\" data-display=\"vertical\" data-colnum=\"\" data-display-others=\"no\" data-others-color=\"\" data-others=\"\" data-others-max-chars=\"0\"><div class=\"basic-question-title\"><h5 style=\"color:#000000; font-size:16px; font-weight:normal; text-align:left;\">Pokud m\u00e1te CMD, jak\u00e9 p\u0159\u00edznaky jste zaznamenali?<\/h5><\/div><ul class=\"basic-answers\"><li class=\"basic-answer\" style=\"padding:0px 0px;\" data-id=\"17\" data-type=\"text\" data-vn=\"41\" data-color=\"#000000\" data-make-link=\"no\" data-link=\"\"><div class=\"basic-answer-content basic-text-vertical\"><label for=\"answer[17]\" class=\"basic-answer-label\"><input type=\"checkbox\" id=\"answer[17]\" name=\"answer[5]\" value=\"17\"><span class=\"basic-text\" style=\"color: #000000; font-size: 14px; font-weight: normal;\">Prask\u00e1n\u00ed \u010delist\u00ed<\/span><\/label><\/div><\/li><li class=\"basic-answer\" style=\"padding:0px 0px;\" data-id=\"18\" data-type=\"text\" data-vn=\"46\" data-color=\"#000000\" data-make-link=\"no\" data-link=\"\"><div class=\"basic-answer-content basic-text-vertical\"><label for=\"answer[18]\" class=\"basic-answer-label\"><input type=\"checkbox\" id=\"answer[18]\" name=\"answer[5]\" value=\"18\"><span class=\"basic-text\" style=\"color: #000000; font-size: 14px; font-weight: normal;\">Brou\u0161en\u00ed zub\u016f<\/span><\/label><\/div><\/li><li class=\"basic-answer\" style=\"padding:0px 0px;\" data-id=\"19\" data-type=\"text\" data-vn=\"75\" data-color=\"#000000\" data-make-link=\"no\" data-link=\"\"><div class=\"basic-answer-content basic-text-vertical\"><label for=\"answer[19]\" class=\"basic-answer-label\"><input type=\"checkbox\" id=\"answer[19]\" name=\"answer[5]\" value=\"19\"><span class=\"basic-text\" style=\"color: #000000; font-size: 14px; font-weight: normal;\">Svalov\u00e9 nap\u011bt\u00ed<\/span><\/label><\/div><\/li><li class=\"basic-answer\" style=\"padding:0px 0px;\" data-id=\"20\" data-type=\"text\" data-vn=\"56\" data-color=\"#000000\" data-make-link=\"no\" data-link=\"\"><div class=\"basic-answer-content basic-text-vertical\"><label for=\"answer[20]\" class=\"basic-answer-label\"><input type=\"checkbox\" id=\"answer[20]\" name=\"answer[5]\" value=\"20\"><span class=\"basic-text\" style=\"color: #000000; font-size: 14px; font-weight: normal;\">Tinnitus, zvon\u011bn\u00ed v u\u0161\u00edch<\/span><\/label><\/div><\/li><li class=\"basic-answer\" style=\"padding:0px 0px;\" data-id=\"21\" data-type=\"text\" data-vn=\"35\" data-color=\"#000000\" data-make-link=\"no\" data-link=\"\"><div class=\"basic-answer-content basic-text-vertical\"><label for=\"answer[21]\" class=\"basic-answer-label\"><input type=\"checkbox\" id=\"answer[21]\" name=\"answer[5]\" value=\"21\"><span class=\"basic-text\" style=\"color: #000000; font-size: 14px; font-weight: normal;\">Z\u00e1v\u011bre\u010dn\u00e1 citlivost<\/span><\/label><\/div><\/li><li class=\"basic-answer\" style=\"padding:0px 0px;\" data-id=\"22\" data-type=\"text\" data-vn=\"43\" data-color=\"#000000\" data-make-link=\"no\" data-link=\"\"><div class=\"basic-answer-content basic-text-vertical\"><label for=\"answer[22]\" class=\"basic-answer-label\"><input type=\"checkbox\" id=\"answer[22]\" name=\"answer[5]\" value=\"22\"><span class=\"basic-text\" style=\"color: #000000; font-size: 14px; font-weight: normal;\">Bolest obli\u010deje<\/span><\/label><\/div><\/li><li class=\"basic-answer\" style=\"padding:0px 0px;\" data-id=\"23\" data-type=\"text\" data-vn=\"62\" data-color=\"#000000\" data-make-link=\"no\" data-link=\"\"><div class=\"basic-answer-content basic-text-vertical\"><label for=\"answer[23]\" class=\"basic-answer-label\"><input type=\"checkbox\" id=\"answer[23]\" name=\"answer[5]\" value=\"23\"><span class=\"basic-text\" style=\"color: #000000; font-size: 14px; font-weight: normal;\">\u0160patn\u00e9 dr\u017een\u00ed t\u011bla<\/span><\/label><\/div><\/li><\/ul><\/div><div class=\"clearfix\"><\/div><\/div><div class=\"basic-vote\"><a href=\"#\" class=\"button basic-vote-button\" role=\"button\" style=\"background:#027bb8; border:0px; border-style: solid; border-color:#000000; border-radius:5px; padding:10px 10px; color:#ffffff; font-size:14px; font-weight:normal;\">Hlasujte na<\/a><\/div><input type=\"hidden\" name=\"trp-form-language\" value=\"cs\"\/><\/form><\/div><\/div><\/div><\/div>\n\t\t\t\t\t\t<\/div>\n<hr \/>\n<h3>Baz\u00e9n jako t\u011b\u017ei\u0161t\u011b<\/h3>\n<p>P\u00e1nev je d\u016fle\u017eit\u00e1 zejm\u00e9na v souvislosti s probl\u00e9my s t\u0159\u00edsly. T\u0159\u00edsla se toti\u017e nach\u00e1zej\u00ed p\u0159esn\u011b v m\u00edst\u011b, kde je b\u0159i\u0161n\u00ed dutina spojena s p\u00e1nevn\u00edm a ky\u010deln\u00edm syst\u00e9mem. Pokud se zm\u011bn\u00ed poloha p\u00e1nve, zm\u011bn\u00ed se i t\u0159\u00edslo:<\/p>\n<ul>\n<li>nap\u011bt\u00ed v podb\u0159i\u0161ku<\/li>\n<li>sm\u011br tlaku p\u0159i ka\u0161li, tla\u010den\u00ed nebo p\u0159en\u00e1\u0161en\u00ed.<\/li>\n<li>zp\u016fsob \u201epr\u016fchodu\u201c n\u00e1kladu\u201c<\/li>\n<li>pocit stability v oblasti t\u0159\u00edsel.<\/li>\n<\/ul>\n<p>A tady p\u0159ich\u00e1zej\u00ed ke slovu m\u00e9 vlastn\u00ed post\u0159ehy: V pr\u016fb\u011bhu let l\u00e9\u010dby dlahou jsem m\u011bl st\u00e1le \u010dast\u011bji dojem, \u017ee se moje postaven\u00ed p\u00e1nve m\u011bn\u00ed. Ne jako teorii, ale jako pocit v ka\u017edodenn\u00edm \u017eivot\u011b: jak stoj\u00edm, jak chod\u00edm, jak p\u0159en\u00e1\u0161\u00edm v\u00e1hu.<\/p>\n<p>Chci to formulovat z\u00e1m\u011brn\u011b opatrn\u011b: To nen\u00ed v\u011bdeck\u00e9 tvrzen\u00ed ve smyslu \u201ekolejnice posune p\u00e1nev o X stup\u0148\u016f\u201c. Je to v\u0161ak dlouhodob\u00fd, opakovan\u00fd vjem, kter\u00fd zapad\u00e1 do jin\u00fdch pozorov\u00e1n\u00ed - a kter\u00fd nelze jednodu\u0161e set\u0159\u00edt.<\/p>\n<h3>Pro\u010d to sotva hraje roli v konven\u010dn\u00ed medic\u00edn\u011b<\/h3>\n<p>Tady to za\u010d\u00edn\u00e1 b\u00fdt zaj\u00edmav\u00e9 - a tak\u00e9 trochu nep\u0159\u00edjemn\u00e9. V tradi\u010dn\u00ed medic\u00edn\u011b toti\u017e lid\u00e9 \u010dasto uva\u017euj\u00ed v kategori\u00edch odpov\u011bdnosti: Zuba\u0159 d\u011bl\u00e1 \u010delist. Ortoped se star\u00e1 o z\u00e1da. Chirurg se star\u00e1 o t\u0159\u00edsla. Ka\u017ed\u00fd d\u011bl\u00e1 svou \u010d\u00e1st - a to je pochopiteln\u00e9, proto\u017ee jinak by bylo t\u00e9m\u011b\u0159 nemo\u017en\u00e9 medic\u00ednu organizovat.<\/p>\n<p>Pr\u00e1v\u011b tento syst\u00e9m m\u00e1 v\u0161ak slabinu: \u010dasto nevid\u00ed, co se d\u011bje mezi jednotliv\u00fdmi oblastmi. \u201eMeziprostor\u201c se st\u00e1v\u00e1 slepou skvrnou. A chronick\u00e9 probl\u00e9my, jako je CMD, statick\u00e9 probl\u00e9my nebo opakovan\u00e9 st\u00ed\u017enosti na tlak, \u010dasto \u017eij\u00ed pr\u00e1v\u011b v tomto meziprostoru.<\/p>\n<p>To neznamen\u00e1, \u017ee je medic\u00edna \u201e\u0161patn\u00e1\u201c. Znamen\u00e1 to jen, \u017ee je siln\u00e1 v akutn\u00ed p\u00e9\u010di a struktur\u00e1ln\u00edch oprav\u00e1ch - a \u010dasto m\u00e9n\u011b siln\u00e1, pokud jde o dlouhodob\u00e9 funk\u010dn\u00ed vztahy.<\/p>\n<h3>D\u016fle\u017eit\u00e9 up\u0159esn\u011bn\u00ed: Nejedn\u00e1 se o p\u0159\u00edslib vyl\u00e9\u010den\u00ed.<\/h3>\n<p>Je d\u016fle\u017eit\u00e9, abych na tomto m\u00edst\u011b n\u011bco objasnil: dlaha CMD nen\u00ed \u201eterapie k\u00fdly\u201c. To netvrd\u00edm: <em>\u201eNoste dlahu, pak to zmiz\u00ed.\u201c<\/em> T\u011blo nen\u00ed tak jednoduch\u00e9.<\/p>\n<p>Mohu v\u0161ak \u0159\u00edci, \u017ee pokud se v pr\u016fb\u011bhu let zm\u011bn\u00ed statika t\u011blesa - bez ohledu na to, co je toho p\u0159\u00ed\u010dinou - m\u016f\u017ee se zm\u011bnit i rozlo\u017een\u00ed tlaku. A pokud se rozlo\u017een\u00ed tlaku zm\u011bn\u00ed, pak to m\u016f\u017ee vysv\u011btlit, pro\u010d se n\u011bkter\u00e9 st\u00ed\u017enosti posunou nebo sn\u00ed\u017e\u00ed. Tato logika je st\u0159\u00edzliv\u00e1, klasick\u00e1 a srozumiteln\u00e1:<\/p>\n<ul>\n<li>S\u00edly nep\u016fsob\u00ed v t\u011ble n\u00e1hodn\u011b.<\/li>\n<li>Tlak hled\u00e1 zp\u016fsoby.<\/li>\n<li>Slab\u00e1 m\u00edsta jsou tam, kde tlak p\u016fsob\u00ed nep\u0159\u00edzniv\u011b.<\/li>\n<li>Kdy\u017e se cesty zm\u011bn\u00ed, zm\u011bn\u00ed se i slab\u00e1 m\u00edsta.<\/li>\n<\/ul>\n<p>Tato kapitola je jak\u00fdmsi mostem mezi \u201eslabinami\u201c a \u201ecelkov\u00fdm syst\u00e9mem\u201c. Proto\u017ee odtud je jasn\u00e9, pro\u010d dnes o sv\u00fdch probl\u00e9mech s t\u0159\u00edsly p\u0159em\u00fd\u0161l\u00edm jinak ne\u017e v roce 2020 - ne proto, \u017ee bych najednou pot\u0159eboval nov\u00e9 p\u0159esv\u011bd\u010den\u00ed, ale proto, \u017ee se \u010dasem uk\u00e1zalo jist\u00e9 pozorov\u00e1n\u00ed:<\/p>\n<p>S dlahou se nem\u011bn\u00ed jen skus. Postupem \u010dasu se m\u011bn\u00ed cel\u00e9 t\u011blo - a tedy i to, kde je vyv\u00edjen tlak a jak je vn\u00edm\u00e1na stabilita. Dal\u0161\u00ed kapitola se velmi konkr\u00e9tn\u011b zab\u00fdv\u00e1 mal\u00fdm, ale p\u0159ekvapiv\u011b v\u00fdznamn\u00fdm detailem: ka\u0161lem. Ten toti\u017e n\u011bkdy jasn\u011bji ne\u017e jak\u00e1koli teorie ukazuje, kam t\u011blo skute\u010dn\u011b sm\u011b\u0159uje tlak - a jak se tento tlakov\u00fd bod m\u016f\u017ee v pr\u016fb\u011bhu let m\u011bnit.<\/p>\n<h2>Kdy\u017e se tlak m\u011bn\u00ed - pro\u010d statika \u010dasto vysv\u011btluje v\u00edce ne\u017e p\u0159\u00edznaky<\/h2>\n<p>N\u011bkdy v\u00e1m nepomohou m\u011b\u0159en\u00ed, sn\u00edmky nebo diagn\u00f3zy, ale prost\u00e1 ka\u017edodenn\u00ed pozorov\u00e1n\u00ed. Pro m\u011b byl jedn\u00edm z nich ka\u0161el. N\u011bco tak ban\u00e1ln\u00edho, \u017ee tomu b\u011b\u017en\u011b nev\u011bnujete pozornost. A p\u0159esto mi pr\u00e1v\u011b tento okam\u017eik \u010dasem zviditelnil n\u011bco, co by mi \u017e\u00e1dn\u00e9 vy\u0161et\u0159en\u00ed tak jasn\u011b neuk\u00e1zalo: Tlakov\u00fd bod v m\u00e9m t\u011ble se zm\u011bnil.<\/p>\n<p>Takov\u00e9 zm\u011bny nejsou d\u016fkazem ve v\u011bdeck\u00e9m smyslu. Jsou to v\u0161ak indicie. A ty je t\u0159eba br\u00e1t v\u00e1\u017en\u011b - zejm\u00e9na pokud pot\u00ed\u017ee p\u0159etrv\u00e1vaj\u00ed roky nebo se opakovan\u011b opakuj\u00ed.<\/p>\n<h3>Ka\u0161el jako \u201etlakov\u00fd test\u201c t\u011bla<\/h3>\n<p>P\u0159i ka\u0161li vznik\u00e1 kr\u00e1tkodob\u011b vysok\u00fd tlak v b\u0159i\u0161e. Jedn\u00e1 se o zcela p\u0159irozen\u00fd mechanismus. T\u011blo mus\u00ed tento tlak absorbovat a rozlo\u017eit. A pr\u00e1v\u011b zde se nach\u00e1z\u00ed nap\u011bt\u00ed a slab\u00e1 m\u00edsta.<\/p>\n<p>P\u0159ed n\u011bkolika lety - dlouho po m\u00e9 druh\u00e9 operaci t\u0159\u00edsel - byl tento tlak v m\u00e9m t\u0159\u00edsle velmi z\u0159eteln\u00fd, kdy\u017e jsem ka\u0161lal. Ne bolest v prav\u00e9m slova smyslu, ale jasn\u00e9 zam\u011b\u0159en\u00ed: t\u011blo sm\u011b\u0159ovalo tlak pr\u00e1v\u011b tam. To odpov\u00eddalo m\u00fdm tehdej\u0161\u00edm zku\u0161enostem: a\u010dkoli byla t\u0159\u00edsla operov\u00e1na, st\u00e1le se jednalo o funk\u010dn\u011b citlivou oblast.<\/p>\n<p>Dnes je to jinak. Kdy\u017e ka\u0161lu, c\u00edt\u00edm tlak sp\u00ed\u0161e uprost\u0159ed b\u0159icha, zhruba pod pupkem. V t\u0159\u00edslech je to st\u00e1le m\u00e9n\u011b patrn\u00e9. A pr\u00e1v\u011b tento posun je zaj\u00edmav\u00fd - ne sice velkolep\u00fd, ale v\u00fdznamn\u00fd.<\/p>\n<p><img loading=\"lazy\" decoding=\"async\" class=\"alignnone wp-image-4388 size-large\" src=\"https:\/\/www.markus-schall.de\/wp-content\/uploads\/Leistenbruch-Husten.jpg\" alt=\"Tlak a ka\u0161el v oblasti t\u0159\u00edsel\" width=\"1024\" height=\"683\" srcset=\"https:\/\/www.markus-schall.de\/wp-content\/uploads\/Leistenbruch-Husten.jpg 1024w, https:\/\/www.markus-schall.de\/wp-content\/uploads\/Leistenbruch-Husten-300x200.jpg 300w, https:\/\/www.markus-schall.de\/wp-content\/uploads\/Leistenbruch-Husten-768x512.jpg 768w, https:\/\/www.markus-schall.de\/wp-content\/uploads\/Leistenbruch-Husten-18x12.jpg 18w\" sizes=\"auto, (max-width: 1024px) 100vw, 1024px\" \/><\/p>\n<h3>Tlak nezmiz\u00ed - najde si cestu<\/h3>\n<p>To je hlavn\u00ed my\u0161lenka, kterou si mus\u00edte neust\u00e1le p\u0159ipom\u00ednat: Tlak v t\u011ble jednodu\u0161e nezmiz\u00ed. Je p\u0159esm\u011brov\u00e1n. Kdy\u017e se n\u011bkter\u00e1 oblast stabilizuje nebo je l\u00e9pe integrovan\u00e1, tlak si hled\u00e1 jinou cestu. To nen\u00ed chyba, ale zn\u00e1mka toho, \u017ee syst\u00e9m funguje. Pokud toto pochop\u00edte, mnoh\u00e9 st\u00ed\u017enosti se stanou sn\u00e1ze pochopiteln\u00fdmi:<\/p>\n<ul>\n<li>Pro\u010d probl\u00e9my \u201emigruj\u00ed\u201c<\/li>\n<li>Pro\u010d p\u0159\u00edznaky miz\u00ed, ale nov\u00e9 se objevuj\u00ed jinde<\/li>\n<li>Pro\u010d se zd\u00e1, \u017ee n\u011bkter\u00e9 terapie pom\u00e1haj\u00ed, ale ne trvale<\/li>\n<\/ul>\n<p>T\u011blo nen\u00ed statick\u00fd objekt. Je to dynamick\u00e1 struktura nap\u011bt\u00ed. A pr\u00e1v\u011b proto je tak d\u016fle\u017eit\u00e9 neo\u0161et\u0159ovat pouze jednotliv\u00e9 oblasti, ale sledovat vz\u00e1jemn\u00e9 p\u016fsoben\u00ed.<\/p>\n<h3>T\u0159\u00edsla, p\u00e1nev, b\u0159icho: citliv\u00fd troj\u00faheln\u00edk<\/h3>\n<p>Oblast t\u0159\u00edsel je obzvl\u00e1\u0161t\u011b citliv\u00e1. Spojuje b\u0159i\u0161n\u00ed dutinu s p\u00e1nv\u00ed a nohama. Setk\u00e1v\u00e1 se zde tlak shora, tlak zdola a nap\u011bt\u00ed ze strany. Pokud se v tomto troj\u00faheln\u00edku n\u011bco vych\u00fdl\u00ed z rovnov\u00e1hy, \u010dasto se to projev\u00ed pr\u00e1v\u011b zde.<\/p>\n<p>To se net\u00fdk\u00e1 pouze k\u00fdly. Tak\u00e9 <a href=\"https:\/\/www.markus-schall.de\/cs\/2025\/11\/porozumeni-hemeroidum-proc-jsou-postava-a-statika-casto-skutecnymi-pricinami\/\"><strong>Hemoroidy<\/strong><\/a>, opakuj\u00edc\u00ed se nep\u0159\u00edjemn\u00e9 pocity v podb\u0159i\u0161ku nebo st\u00e1l\u00fd pocit tlaku v p\u00e1nevn\u00ed oblasti mohou b\u00fdt projevem stejn\u00e9ho probl\u00e9mu: Tlak je rozlo\u017een nep\u0159\u00edzniv\u011b.<\/p>\n<p>A to je bod, kdy byste se m\u011bli p\u0159estat d\u00edvat jen na p\u0159\u00edznak. Pokud se toti\u017e n\u011bco opakuje, stoj\u00ed za to se zeptat, pro\u010d t\u011blo pos\u00edl\u00e1 tlak pr\u00e1v\u011b tam.<\/p>\n<h3>Pro\u010d statika nen\u00ed exotick\u00fd pojem<\/h3>\n<p>Pro mnoho lid\u00ed zn\u00ed pojem \u201estatika\u201c jako stavba nebo architektura, nikoliv jako medic\u00edna. Ve skute\u010dnosti je v\u0161ak velmi p\u0159\u00edzemn\u00ed. Statika nepopisuje nic jin\u00e9ho ne\u017e vztah mezi silami v syst\u00e9mu. A lidsk\u00fd organismus takov\u00fdm syst\u00e9mem je - jen je mnohem slo\u017eit\u011bj\u0161\u00ed ne\u017e budova. Pokud je statika spr\u00e1vn\u00e1:<\/p>\n<ul>\n<li>zat\u00ed\u017een\u00ed je rozlo\u017eeno rovnom\u011brn\u011bji<\/li>\n<li>jednotliv\u00e9 oblasti mus\u00ed kompenzovat m\u00e9n\u011b<\/li>\n<li>pohyby jsou p\u0159irozen\u011bj\u0161\u00ed<\/li>\n<\/ul>\n<p>Pokud nen\u00ed statika v po\u0159\u00e1dku:<\/p>\n<ul>\n<li>doch\u00e1z\u00ed k m\u00edstn\u00edmu p\u0159et\u00ed\u017een\u00ed<\/li>\n<li>p\u0159echodov\u00e9 body se dost\u00e1vaj\u00ed pod tlak<\/li>\n<li>P\u0159\u00edznaky se \u010dasto objevuj\u00ed tam, kde je nejm\u00e9n\u011b \u010dek\u00e1te.<\/li>\n<\/ul>\n<p>Nejedn\u00e1 se o alternativn\u00ed, ale o klasickou my\u0161lenku. V minulosti byly tyto souvislosti \u010dasto ch\u00e1p\u00e1ny sp\u00ed\u0161e intuitivn\u011b, proto\u017ee lid\u00e9 v\u011bnovali v\u00edce pozornosti dr\u017een\u00ed t\u011bla, pohybu a stresu v ka\u017edodenn\u00edm \u017eivot\u011b.<\/p>\n<h3>Opakuj\u00edc\u00ed se st\u00ed\u017enosti jsou zn\u00e1mkou, nikoli selh\u00e1n\u00edm.<\/h3>\n<p>D\u016fle\u017eit\u00fd bod, kter\u00fd na mnoho posti\u017een\u00fdch vyv\u00edj\u00ed tlak: kdy\u017e se probl\u00e9m vr\u00e1t\u00ed, rychle se c\u00edt\u00ed jako osobn\u00ed selh\u00e1n\u00ed. <em>\u201eAsi jsem ud\u011blal n\u011bco \u0161patn\u011b.\u201c \u201eNebyl jsem dost m\u00edrn\u00fd.\u201c \u201eNed\u00e1val jsem pozor.\u201c<\/em><\/p>\n<p>To je nedostate\u010dn\u00e9. V mnoha p\u0159\u00edpadech nejsou opakovan\u00e9 st\u00ed\u017enosti zn\u00e1mkou nek\u00e1zn\u011b, ale ukazatelem toho, \u017ee p\u0159\u00ed\u010dina je\u0161t\u011b nebyla pln\u011b pochopena. T\u011blo nehl\u00e1s\u00ed p\u0159\u00edznaky proto, aby v\u00e1s obt\u011b\u017eovalo, ale aby n\u011bco nazna\u010dilo.<\/p>\n<p>Zejm\u00e9na u probl\u00e9m\u016f, jako jsou k\u00fdly nebo hemoroidy, kter\u00e9 maj\u00ed mnoho spole\u010dn\u00e9ho s tlakem, stoj\u00ed za to br\u00e1t toto poselstv\u00ed v\u00e1\u017en\u011b - ani\u017e bychom propadali strachu nebo akcionismu.<\/p>\n<h3>Pro\u010d m\u016f\u017ee b\u00fdt u\u017eite\u010dn\u00e9 z\u00edskat podporu<\/h3>\n<p>Zde p\u0159ich\u00e1z\u00ed na \u0159adu velmi praktick\u00e9 doporu\u010den\u00ed. Pokud se pot\u00ed\u017ee opakuj\u00ed nebo se zlep\u0161uj\u00ed jen \u010d\u00e1ste\u010dn\u011b, m\u016f\u017ee b\u00fdt velmi u\u017eite\u010dn\u00e9 nav\u0161t\u00edvit n\u011bkoho, kdo se na t\u011blo d\u00edv\u00e1 jako na celek. M\u016f\u017ee to b\u00fdt nap\u0159:<\/p>\n<ul>\n<li>zku\u0161en\u00fd osteopat<\/li>\n<li>terapeut s hlubok\u00fdmi znalostmi statiky t\u011bla.<\/li>\n<li>ortoped, kter\u00fd nejen \u010dte sn\u00edmky, ale tak\u00e9 pozoruje pohyb.<\/li>\n<\/ul>\n<p>N\u00e1zev nen\u00ed tak d\u016fle\u017eit\u00fd jako p\u0159\u00edstup. Rozhoduj\u00edc\u00ed je, zda je n\u011bkdo p\u0159ipraven kl\u00e1st ot\u00e1zky, jako nap\u0159:<\/p>\n<ul>\n<li>Jak\u00fd je v\u00e1\u0161 postoj?<\/li>\n<li>Jak se pohybujete?<\/li>\n<li>Jak se v\u00e1m d\u00fdch\u00e1 ve stresu?<\/li>\n<li>Kde c\u00edt\u00edte nap\u011bt\u00ed, i kdy\u017e to nebol\u00ed?<\/li>\n<\/ul>\n<p>Takov\u00e9 rozhovory mohou b\u00fdt nezn\u00e1m\u00e9, zejm\u00e9na pokud poch\u00e1z\u00edte z velmi technick\u00e9ho l\u00e9ka\u0159sk\u00e9ho prost\u0159ed\u00ed. \u010casto v\u0161ak otev\u00edraj\u00ed nov\u00e9 perspektivy - ne jako n\u00e1hrada, ale jako dopln\u011bk.<\/p>\n<h3>\u017d\u00e1dn\u00e1 rychl\u00e1 \u0159e\u0161en\u00ed, ale nov\u00e1 jasnost<\/h3>\n<p>Op\u011bt se nejedn\u00e1 o p\u0159\u00edslib rychl\u00e9ho vyl\u00e9\u010den\u00ed. Statika se ned\u00e1 \u201eopravit\u201c jako sou\u010d\u00e1stka. M\u011bn\u00ed se v pr\u016fb\u011bhu \u010dasu - uv\u011bdom\u011bn\u00edm, drobn\u00fdmi \u00fapravami, nov\u00fdmi pohybov\u00fdmi vzorci. To vy\u017eaduje trp\u011blivost. P\u0159in\u00e1\u0161\u00ed v\u0161ak n\u011bco, co mnoha lidem chyb\u00ed: Pochopen\u00ed.<\/p>\n<p>Ti, kte\u0159\u00ed ch\u00e1pou, pro\u010d jejich t\u011blo reaguje, \u010dasto ztr\u00e1cej\u00ed velkou \u010d\u00e1st sv\u00e9 \u00fazkosti. A ti, kte\u0159\u00ed maj\u00ed m\u00e9n\u011b \u00fazkosti, se m\u00e9n\u011b \u010dasto nap\u00ednaj\u00ed. U\u017e to samo o sob\u011b m\u016f\u017ee m\u00edt v\u00fdznam.<\/p>\n<p>Tato kapitola shrnuje p\u0159edchoz\u00ed my\u0161lenky a p\u0159id\u00e1v\u00e1 praktick\u00fd d\u016fsledek:<\/p>\n<ul>\n<li>T\u0159\u00edseln\u00e1 k\u00fdla a hemoroidy jsou \u010dasto d\u016fsledkem probl\u00e9m\u016f s tlakem.<\/li>\n<li>Probl\u00e9my s tlakem \u010dasto souvisej\u00ed se statikou.<\/li>\n<li>Statika nem\u016f\u017ee b\u00fdt posuzov\u00e1na izolovan\u011b.<\/li>\n<li>Ti, kte\u0159\u00ed l\u00e9\u010d\u00ed pouze p\u0159\u00edznaky, mohou p\u0159ehl\u00e9dnout z\u00e1kladn\u00ed vzorec.<\/li>\n<\/ul>\n<p>Zab\u00fdvat se statikou vlastn\u00edho t\u011bla neznamen\u00e1 odvr\u00e1tit se od medic\u00edny. Znamen\u00e1 to doplnit ji - o pohled, kter\u00fd byl d\u0159\u00edve samoz\u0159ejm\u00fd a dnes se \u010dasto ztr\u00e1c\u00ed.<\/p>\n<p>Z\u00e1v\u011bre\u010dn\u00e1 kapitola se proto zab\u00fdv\u00e1 kategorizac\u00ed t\u011bchto poznatk\u016f: bez slibov\u00e1n\u00ed l\u00e9\u010dby, bez ur\u010dov\u00e1n\u00ed viny, ale s ot\u00e1zkou, co se m\u016f\u017eete z k\u00fdly obecn\u011b nau\u010dit - pro sv\u00e9 vlastn\u00ed t\u011blo a pro zach\u00e1zen\u00ed se zdrav\u00edm obecn\u011b.<\/p>\n<div class=\"lyte-wrapper\" style=\"width:640px;max-width:100%;margin:5px;\"><div class=\"lyMe\" id=\"WYL_wtcMA6AUF04\"><div id=\"lyte_wtcMA6AUF04\" data-src=\"https:\/\/www.markus-schall.de\/wp-content\/plugins\/wp-youtube-lyte\/lyteCache.php?origThumbUrl=%2F%2Fi.ytimg.com%2Fvi%2FwtcMA6AUF04%2Fhqdefault.jpg\" class=\"pL\"><div class=\"tC\"><div class=\"tT\"><\/div><\/div><div class=\"play\"><\/div><div class=\"ctrl\"><div class=\"Lctrl\"><\/div><div class=\"Rctrl\"><\/div><\/div><\/div><noscript><a href=\"https:\/\/youtu.be\/wtcMA6AUF04\" rel=\"nofollow noopener\" target=\"_blank\"><img loading=\"lazy\" decoding=\"async\" src=\"https:\/\/www.markus-schall.de\/wp-content\/plugins\/wp-youtube-lyte\/lyteCache.php?origThumbUrl=https%3A%2F%2Fi.ytimg.com%2Fvi%2FwtcMA6AUF04%2F0.jpg\" alt=\"Miniatura videa na YouTube\" width=\"640\" height=\"340\" \/><br \/>Pod\u00edvejte se na toto video na YouTube<\/a><\/noscript><\/div><\/div><div class=\"lL\" style=\"max-width:100%;width:640px;margin:5px;\"><\/div><br \/>\nBolest v t\u0159\u00edslech nebo dokonce k\u00fdla? Na tom z\u00e1le\u017e\u00ed | <a href=\"https:\/\/www.youtube.com\/@DeineFaszien\" target=\"_blank\" rel=\"noopener\">Va\u0161e fascie<\/a><\/p>\n<h2>Co se m\u016f\u017eete nau\u010dit z k\u00fdly<\/h2>\n<p>Existuj\u00ed zdravotn\u00ed probl\u00e9my, kter\u00e9 zm\u011bn\u00ed nejen va\u0161e t\u011blo, ale tak\u00e9 v\u00e1\u0161 pohled na \u017eivot. K\u00fdla je pro mnoho lid\u00ed jedn\u00edm z nich - ne proto, \u017ee je v\u017edy dramatick\u00e1, ale proto, \u017ee m\u016f\u017ee b\u00fdt velmi \u00faporn\u00e1. Zvl\u00e1\u0161t\u011b kdy\u017e se vr\u00e1t\u00ed, kdy\u017e jsou operace technicky \u00fasp\u011b\u0161n\u00e9, ale vy se dlouho nec\u00edt\u00edte bezpe\u010dn\u011b v ka\u017edodenn\u00edm \u017eivot\u011b, rychle se objev\u00ed my\u0161lenka, kterou sotva n\u011bkomu \u0159eknete:<\/p>\n<blockquote><p><em>\u201eMo\u017en\u00e1 se toho nikdy nezbav\u00edm.\u201c<\/em><\/p><\/blockquote>\n<p>Tak\u00e9 m\u011b to ob\u010das napadlo. Ne jako paniku, sp\u00ed\u0161 jako st\u0159\u00edzlivou obavu. Proto\u017ee jsem za\u017eil, jak rychle m\u016f\u017ee doj\u00edt k recidiv\u011b, a proto\u017ee jsem l\u00e9ta c\u00edtil, \u017ee t\u0159\u00edsla z\u016fst\u00e1vaj\u00ed citliv\u00fdm m\u00edstem. O to pozoruhodn\u011bj\u0161\u00ed je, \u017ee se nyn\u00ed obraz zm\u011bnil - ne n\u00e1hle, ne d\u00edky \u201ez\u00e1zra\u010dn\u00e9mu vyl\u00e9\u010den\u00ed\u201c, ale d\u00edky v\u00fdvoji, kter\u00fd bych p\u0159edem ne\u010dekal.<\/p>\n<h3>Nejd\u016fle\u017eit\u011bj\u0161\u00ed poznatek: symptomy jsou \u010dasto jen viditelnou \u0161pi\u010dkou<\/h3>\n<p>Kdy\u017e se dnes ohl\u00e9dnu zp\u011bt, uv\u011bdomuji si, \u017ee k\u00fdla byla lok\u00e1ln\u00ed p\u0159\u00edhoda - ale probl\u00e9my s t\u0159\u00edsly byly pravd\u011bpodobn\u011b sou\u010d\u00e1st\u00ed v\u011bt\u0161\u00edho vzorce. T\u0159\u00edsla byla m\u00edstem, kde se to projevilo. Ale p\u0159\u00ed\u010dina tam b\u00fdt nemusela.<\/p>\n<p>To je na prvn\u00ed pohled nezn\u00e1m\u00e1 my\u0161lenka, proto\u017ee v ka\u017edodenn\u00edm \u017eivot\u011b r\u00e1di jasn\u011b rozli\u0161ujeme: Zde je probl\u00e9m, zde je \u0159e\u0161en\u00ed. Ale t\u011blo takto nefunguje. Kompenzuje to. Rozd\u011bluje z\u00e1t\u011b\u017e. Vyh\u00fdb\u00e1 se. A pokud je syst\u00e9m dlouhodob\u011b v nerovnov\u00e1ze, slabost se \u010dasto projev\u00ed tam, kde je tlak nejnep\u0159\u00edzniv\u011bj\u0161\u00ed.<\/p>\n<p>To neznamen\u00e1, \u017ee ka\u017ed\u00e1 t\u0159\u00edseln\u00e1 k\u00fdla je automaticky \u201estatick\u00e1\u201c. Znamen\u00e1 to jen, \u017ee pokud se n\u011bco opakuje nebo m\u00e1 dlouhodob\u00fd \u00fa\u010dinek, stoj\u00ed za to pod\u00edvat se d\u00e1l ne\u017e na lokalizovan\u00e9 m\u00edsto.<\/p>\n<h3>Operace nejsou chybou - \u010dasto jsou nezbytn\u00fdm krokem.<\/h3>\n<p>Je pro m\u011b d\u016fle\u017eit\u00e9, aby bylo jasn\u00e9, \u017ee operace nepova\u017euji za \u201eselh\u00e1n\u00ed\u201c nebo za n\u011bco, \u010demu je t\u0159eba se za ka\u017edou cenu vyhnout. Naopak: v mnoha p\u0159\u00edpadech jsou u\u017eite\u010dn\u00e9, n\u011bkdy nevyhnuteln\u00e9 a zachra\u0148uj\u00ed kvalitu \u017eivota. M\u00e1lokdy je moudr\u00e9 nestabiln\u00ed t\u0159\u00edslo jednodu\u0161e ignorovat.<\/p>\n<p>Moje druh\u00e1 operace byla tak\u00e9 \u00fasp\u011b\u0161n\u00e1. Dr\u017e\u00ed. To je dobr\u00fd, pevn\u00fd z\u00e1klad. A p\u0159esn\u011b tak byste se na to m\u011bli d\u00edvat: Operace m\u016f\u017ee strukturu op\u011bt stabilizovat. V prvn\u00ed \u0159ad\u011b vytvo\u0159\u00ed podm\u00ednky pro to, aby se t\u011blo mohlo funk\u010dn\u011b obnovit. Probl\u00e9m \u010dasto nastane, a\u017e kdy\u017e si mysl\u00edte, \u017ee nastane: <em>\u201eTo byla operace, te\u010f u\u017e je v\u0161echno hotovo.\u201c<\/em><\/p>\n<p>N\u011bkdy je to pravda. N\u011bkdy v\u0161ak t\u011blo pot\u0159ebuje i druh\u00fd krok: funk\u010dn\u00ed reorganizaci.<\/p>\n<h3>Neo\u010dek\u00e1van\u00e1 \u010d\u00e1st: \u017ee se v\u011bci p\u0159ece jen n\u011bkdy vy\u0159e\u0161\u00ed.<\/h3>\n<p>Nejv\u00edce m\u011b p\u0159ekvapilo, \u017ee probl\u00e9my s t\u0159\u00edsly se znateln\u011b zlep\u0161ily a\u017e v dob\u011b, kdy u\u017e jsem to ne\u010dekal. U\u017e d\u00e1vno jsem si uv\u011bdomil, \u017ee t\u0159\u00edsla \u201ez\u016fstanou staveni\u0161t\u011bm\u201c, na kter\u00e9 jsem v ka\u017edodenn\u00edm \u017eivot\u011b neust\u00e1le myslel.<\/p>\n<p>A pak l\u00e9\u010dba dlahou CMD - zejm\u00e9na v druh\u00e9 polovin\u011b l\u00e9\u010dby - uvedla do pohybu n\u011bco, co jsem nepl\u00e1noval: Uv\u011bdomil jsem si, jak se statika st\u00e1le m\u011bn\u00ed, jak se t\u011blo p\u0159izp\u016fsobuje, jak se m\u011bn\u00ed postaven\u00ed p\u00e1nve, rovnov\u00e1ha a pocit tlaku.<\/p>\n<p>Nejsem l\u00e9ka\u0159. Nem\u00e1m k dispozici \u017e\u00e1dn\u00e9 laboratorn\u00ed \u00fadaje, \u017e\u00e1dn\u00e9 s\u00e9rie m\u011b\u0159en\u00ed. M\u00e1m jen n\u011bco, co je v ka\u017edodenn\u00edm \u017eivot\u011b n\u011bkdy cenn\u011bj\u0161\u00ed ne\u017e jak\u00e1koli teorie: dlouhodob\u00e9 pozorov\u00e1n\u00ed vlastn\u00edho t\u011bla. A toto pozorov\u00e1n\u00ed zn\u00ed: \u010d\u00edm v\u00edce se celkov\u00e1 statika stabilizuje, t\u00edm m\u00e9n\u011b se t\u0159\u00edsla hl\u00e1s\u00ed.<\/p>\n<h3>Pro\u010d je tato nad\u011bje d\u016fle\u017eit\u00e1 - zejm\u00e9na u chronick\u00fdch probl\u00e9m\u016f<\/h3>\n<p>Mnoho lid\u00ed hled\u00e1 pro dlouhodob\u00e9 pot\u00ed\u017ee jak\u00fdsi \u201ekone\u010dn\u00fd bod\u201c: jasnou diagn\u00f3zu, jasn\u00e9 opat\u0159en\u00ed, jasn\u00e9 vyl\u00e9\u010den\u00ed. To je pochopiteln\u00e9. Ale zejm\u00e9na u probl\u00e9m\u016f se statickou elekt\u0159inou a nap\u011bt\u00edm je cesta \u010dasto jin\u00e1. Je postupn\u00e1. A n\u011bkdy ke zlep\u0161en\u00ed nedoch\u00e1z\u00ed tam, kde ho o\u010dek\u00e1v\u00e1te.<\/p>\n<p>To m\u016f\u017ee b\u00fdt nep\u0159\u00edjemn\u00e9 - ale je to tak\u00e9 dobr\u00e1 zpr\u00e1va. Znamen\u00e1 to toti\u017e, \u017ee pokud se n\u011bco dlouho nezlep\u0161uje, neznamen\u00e1 to automaticky, \u017ee neexistuje \u0159e\u0161en\u00ed. M\u016f\u017ee to tak\u00e9 znamenat, \u017ee jste jen hledali na \u0161patn\u00e9m m\u00edst\u011b.<\/p>\n<p>A pr\u00e1v\u011b v tomto bod\u011b se pohled znovu otev\u00edr\u00e1: Pry\u010d od ot\u00e1zky <em>\u201eCo je rozbit\u00e9?\u201c<\/em> na ot\u00e1zku <em>\u201eCo s \u010d\u00edm souvis\u00ed?\u201c<\/em>.<\/p>\n<h3>Praktick\u00fd n\u00e1pad: Kontrola statiky m\u00edsto pouh\u00e9ho \u0159e\u0161en\u00ed p\u0159\u00edznak\u016f<\/h3>\n<p>Pokud chcete z m\u00e9ho p\u0159\u00edb\u011bhu n\u011bco vyvodit, pak je to velmi p\u0159\u00edzemn\u00ed my\u0161lenka:<\/p>\n<p>Ka\u017ed\u00fd, kdo m\u00e1 opakovan\u00e9 probl\u00e9my v oblasti podb\u0159i\u0161ku, b\u0159icha a p\u00e1nve - a\u0165 u\u017e se jedn\u00e1 o k\u00fdlu, hemoroidy nebo jin\u00e9 tlakov\u00e9 probl\u00e9my - m\u016f\u017ee m\u00edt prosp\u011bch z toho, kdy\u017e se v\u00e1\u017en\u011b pod\u00edv\u00e1 na svou statiku. Ne jako n\u00e1hrada za operaci nebo diagnostiku, ale jako dopln\u011bk. To m\u016f\u017ee znamenat<\/p>\n<ul>\n<li>Pozorovat pohybov\u00e9 vzorce<\/li>\n<li>Porozum\u011bn\u00ed poloze p\u00e1nve, nap\u011bt\u00ed trupu a d\u00fdch\u00e1n\u00ed<\/li>\n<li>zjistit, kde t\u011blo trvale kompenzuje.<\/li>\n<li>obra\u0165te se na zku\u0161en\u00e9ho osteopata nebo ortopeda se z\u00e1libou ve statice.<\/li>\n<\/ul>\n<p>Ne ka\u017ed\u00fd terapeut je k tomu vhodn\u00fd a ne ka\u017ed\u00e1 metoda je automaticky u\u017eite\u010dn\u00e1. Ale samotn\u00fd pohled na v\u011bc m\u016f\u017ee mnoh\u00e9 zm\u011bnit: Pokud pochop\u00edte, \u017ee t\u011blo p\u0159esm\u011brov\u00e1v\u00e1 s\u00edly, p\u0159estanete vn\u00edmat st\u00ed\u017enosti jako n\u00e1hodu, ale jako sign\u00e1l.<\/p>\n<h3>Co bych dnes ud\u011blal jinak - ani\u017e bych byl v\u0161ezn\u00e1lek<\/h3>\n<p>Kdy\u017e se na rok 2020 d\u00edv\u00e1m s dne\u0161n\u00edmi znalostmi, p\u0159istupoval bych k n\u011bkter\u00fdm v\u011bcem klidn\u011bji. Ne ve smyslu \u201em\u011bl jsem se t\u00e9 operaci vyhnout\u201c, ale ve smyslu: Ale sp\u00ed\u0161e bych se d\u0159\u00edve sm\u00ed\u0159il s t\u00edm, \u017ee t\u0159\u00edsla mo\u017en\u00e1 nebyla p\u0159\u00ed\u010dinou, ale \u201epopla\u0161nou zpr\u00e1vou\u201c. D\u0159\u00edve bych si polo\u017eil ot\u00e1zku:<\/p>\n<ul>\n<li>Odkud poch\u00e1z\u00ed z\u00e1kladn\u00ed nap\u011bt\u00ed?<\/li>\n<li>Jak je moje n\u00e1dr\u017e um\u00edst\u011bna?<\/li>\n<li>Jak prob\u00edh\u00e1 moje tlakov\u00e9 potrub\u00ed p\u0159i zat\u00ed\u017een\u00ed?<\/li>\n<li>Jak se mi d\u00fdch\u00e1 p\u0159i p\u0159en\u00e1\u0161en\u00ed, ka\u0161li nebo stresu?<\/li>\n<\/ul>\n<p>A j\u00e1 bych si d\u0159\u00edve dovolil hledat nejen nejrychlej\u0161\u00ed l\u00e9ka\u0159sk\u00e9 \u0159e\u0161en\u00ed, ale tak\u00e9 to nejudr\u017eiteln\u011bj\u0161\u00ed.<br \/>\nTo nen\u00ed kritika l\u00e9ka\u0159\u016f. Je to jen snaha br\u00e1t vlastn\u00ed t\u011blo v\u00e1\u017en\u011b - i tam, kde syst\u00e9m p\u0159irozen\u011b nem\u016f\u017ee pokr\u00fdt v\u0161e.<\/p>\n<h3>Z\u00e1v\u011br: Zdrav\u00ed je \u010dasto cesta, ne p\u0159ep\u00edna\u010d<\/h3>\n<p>Pokud bych m\u011bl tuto kapitolu - a tedy i cel\u00fd \u010dl\u00e1nek - zakon\u010dit pozitivn\u011b, bylo by to toto:<\/p>\n<p>Ano, k\u00fdly mohou b\u00fdt tvrdohlav\u00e9. Ano, mohou b\u00fdt znepokojiv\u00e9. A ano, n\u011bkdy si m\u016f\u017eete myslet, \u017ee se j\u00ed nikdy nezbav\u00edte. Ale moje zku\u0161enost ukazuje, \u017ee \u010dasto existuj\u00ed \u0159e\u0161en\u00ed - n\u011bkdy i tam, kde jste je nehledali.<\/p>\n<p>Pro m\u011b to nebyl jeden dokonal\u00fd okam\u017eik, ani jedno \u201ez\u00e1zra\u010dn\u00e9 opat\u0159en\u00ed\u201c, ale v\u00fdvoj v \u010dase: operace jako struktur\u00e1ln\u00ed z\u00e1klad, pak trp\u011blivost, pak - ne\u010dekan\u011b - znateln\u00e9 zlep\u0161en\u00ed d\u00edky zm\u011bn\u011b celkov\u00e9 statiky v r\u00e1mci l\u00e9\u010dby CMD. To je pro m\u011b dnes skute\u010dn\u00e9 poselstv\u00ed:<\/p>\n<p>Abyste dos\u00e1hli pokroku, nemus\u00edte hned v\u0161emu rozum\u011bt. M\u011bli byste v\u0161ak b\u00fdt p\u0159ipraveni p\u0159em\u00fd\u0161let nad r\u00e1mec toho, co je z\u0159ejm\u00e9. T\u011blo je syst\u00e9m. A pokud se na n\u011bj op\u011bt pod\u00edv\u00e1te jako na syst\u00e9m, \u010dasto se v\u00e1m otev\u0159ou nov\u00e9 cesty - n\u011bkdy nen\u00e1padn\u011b, n\u011bkdy pomalu, ale nakonec znateln\u011b.<\/p>\n<p>A v tom spo\u010d\u00edv\u00e1 uklid\u0148uj\u00edc\u00ed, t\u00e9m\u011b\u0159 starom\u00f3dn\u00ed my\u0161lenka:<\/p>\n<p>T\u011blo m\u00e1 \u00fa\u017easnou schopnost samo se reorganizovat - pokud mu poskytnete \u010das, porozum\u011bn\u00ed a spr\u00e1vn\u00e9 podn\u011bty.<\/p>\n<hr \/>\n\n\t\t\t<div class=\"display-post-types\">\n\n\t\t\t\t\t\t\t<style type=\"text\/css\">\n\t\t\t#dpt-wrapper-350 { --dpt-text-align: left;--dpt-image-crop: center;--dpt-border-radius: 5px;--dpt-h-gutter: 10px;--dpt-v-gutter: 9px; }\t\t\t<\/style>\n\t\t\t<style type=\"text\/css\">#dpt-wrapper-350 { --dpt-title-font-style:normal;--dpt-title-font-weight:600;--dpt-title-line-height:1.5;--dpt-title-text-decoration:none;--dpt-title-text-transform:none;--dpt-excerpt-font-style:normal;--dpt-excerpt-font-weight:400;--dpt-excerpt-line-height:1.5;--dpt-excerpt-text-decoration:none;--dpt-excerpt-text-transform:none;--dpt-meta1-font-style:normal;--dpt-meta1-font-weight:400;--dpt-meta1-line-height:1.9;--dpt-meta1-text-decoration:none;--dpt-meta1-text-transform:none;--dpt-meta2-font-style:normal;--dpt-meta2-font-weight:400;--dpt-meta2-line-height:1.9;--dpt-meta2-text-decoration:none;--dpt-meta2-text-transform:none; }<\/style><div class=\"dpt-main-header\">\n\t\t\t\t\t\t<div class=\"dpt-main-title\">\n\t\t\t\t\t\t\t<span class=\"dpt-main-title-text\">Aktu\u00e1ln\u00ed \u010dl\u00e1nky o um\u011bn\u00ed a kultu\u0159e<\/span>\n\t\t\t\t\t\t<\/div>\n\t\t\t\t\t\t\n\t\t\t\t\t\t\n\t\t\t\t\t\t\n\t\t\t\t\t\t<\/div>\t\t\t\n\t\t\t\t<div id=\"dpt-wrapper-350\" class=\"dpt-wrapper dpt-mag1 land1 dpt-cropped dpt-flex-wrap\" >\n\n\t\t\t\t\t\t\t\t\t\t\t<div class=\"dpt-entry has-thumbnail\" data-title=\"warum dieter bohlen spricht, wenn andere schweigen: ein portr\u00e4t \u00fcber flei\u00df und klarheit\" data-id=\"3744\"  data-category=\"allgemein gesellschaft kunst &amp; kultur\" data-post_tag=\"auswandern deutschland erfahrungen krisen meinungsfreiheit musik portrait\">\n\t\t\t\t\t\t\t<div class=\"dpt-entry-wrapper\"><div class=\"dpt-featured-content\"><div class=\"dpt-permalink\"><a href=\"https:\/\/www.markus-schall.de\/cs\/2025\/12\/proc-dieter-bohlen-mluvi-kdyz-ostatni-mlci-portret-pile-a-jasnosti\/\" class=\"dpt-permalink\"><span class=\"screen-reader-text\">Pro\u010d Dieter Bohlen mluv\u00ed, kdy\u017e ostatn\u00ed ml\u010d\u00ed: Portr\u00e9t pracovitosti a jasnosti<\/span><\/a><\/div><div class=\"dpt-thumbnail\"><div class=\"dpt-thumbnail-inner\"><img width=\"1024\" height=\"683\" class=\"attachment-full size-full\" alt=\"\" context=\"dpt\" data-dpt-src=\"https:\/\/www.markus-schall.de\/wp-content\/uploads\/Dieter-Bohlen-Portrait.jpg\" data-dpt-sizes=\"(max-width: 1024px) 100vw, 1024px\" data-dpt-srcset=\"https:\/\/www.markus-schall.de\/wp-content\/uploads\/Dieter-Bohlen-Portrait.jpg 1024w, https:\/\/www.markus-schall.de\/wp-content\/uploads\/Dieter-Bohlen-Portrait-300x200.jpg 300w, https:\/\/www.markus-schall.de\/wp-content\/uploads\/Dieter-Bohlen-Portrait-768x512.jpg 768w, https:\/\/www.markus-schall.de\/wp-content\/uploads\/Dieter-Bohlen-Portrait-18x12.jpg 18w\" \/><\/div><span class=\"dpt-thumbnail-aspect-ratio\" style=\"padding-top: 75%\"><\/span><\/div><\/div><div class=\"sub-entry\"><h3 class=\"dpt-title\"><a class=\"dpt-title-link\" href=\"https:\/\/www.markus-schall.de\/cs\/2025\/12\/proc-dieter-bohlen-mluvi-kdyz-ostatni-mlci-portret-pile-a-jasnosti\/\" rel=\"bookmark\">Pro\u010d Dieter Bohlen mluv\u00ed, kdy\u017e ostatn\u00ed ml\u010d\u00ed: Portr\u00e9t pracovitosti a jasnosti<\/a><\/h3><\/div><\/div>\n\t\t\t\t\t\t<\/div><!-- .dpt-entry -->\n\t\t\t\t\t\t\t\t\t\t\t\t<div class=\"dpt-entry has-thumbnail\" data-title=\"wenn pflicht wieder pflicht wird. eine art essay von herrn von l&#8217;oreot.\" data-id=\"3010\"  data-category=\"allgemein gesellschaft kunst &amp; kultur stories &amp; humor\" data-post_tag=\"deutschland erfahrungen geopolitik krisen pers\u00f6nlichkeitsentwicklung sicherheitspolitik\">\n\t\t\t\t\t\t\t<div class=\"dpt-entry-wrapper\"><div class=\"dpt-featured-content\"><div class=\"dpt-permalink\"><a href=\"https:\/\/www.markus-schall.de\/cs\/2025\/10\/kdyz-se-povinnost-opet-stava-povinnosti-druh-eseje-pana-von-loreota\/\" class=\"dpt-permalink\"><span class=\"screen-reader-text\">Kdy\u017e se povinnost op\u011bt stane povinnost\u00ed. Jak\u00e1si esej pana von L'oreota.<\/span><\/a><\/div><div class=\"dpt-thumbnail\"><div class=\"dpt-thumbnail-inner\"><img width=\"1024\" height=\"683\" class=\"attachment-full size-full\" alt=\"Ne\u010dekan\u00fd telefon\u00e1t\" context=\"dpt\" data-dpt-src=\"https:\/\/www.markus-schall.de\/wp-content\/uploads\/loreot-pflicht-anruf.jpg\" data-dpt-sizes=\"(max-width: 1024px) 100vw, 1024px\" data-dpt-srcset=\"https:\/\/www.markus-schall.de\/wp-content\/uploads\/loreot-pflicht-anruf.jpg 1024w, https:\/\/www.markus-schall.de\/wp-content\/uploads\/loreot-pflicht-anruf-300x200.jpg 300w, https:\/\/www.markus-schall.de\/wp-content\/uploads\/loreot-pflicht-anruf-768x512.jpg 768w, https:\/\/www.markus-schall.de\/wp-content\/uploads\/loreot-pflicht-anruf-18x12.jpg 18w\" \/><\/div><span class=\"dpt-thumbnail-aspect-ratio\" style=\"padding-top: 75%\"><\/span><\/div><\/div><div class=\"sub-entry\"><h3 class=\"dpt-title\"><a class=\"dpt-title-link\" href=\"https:\/\/www.markus-schall.de\/cs\/2025\/10\/kdyz-se-povinnost-opet-stava-povinnosti-druh-eseje-pana-von-loreota\/\" rel=\"bookmark\">Kdy\u017e se povinnost op\u011bt stane povinnost\u00ed. Jak\u00e1si esej pana von L'oreota.<\/a><\/h3><\/div><\/div>\n\t\t\t\t\t\t<\/div><!-- .dpt-entry -->\n\t\t\t\t\t\t\t\t\t\t\t\t<div class=\"dpt-entry has-thumbnail\" data-title=\"jan-josef liefers: ein portr\u00e4t \u00fcber haltung, herkunft und k\u00fcnstlerische freiheit\" data-id=\"3854\"  data-category=\"allgemein gesellschaft kunst &amp; kultur\" data-post_tag=\"deutschland erfahrungen krisen lernen meinungsfreiheit musik pers\u00f6nlichkeitsentwicklung portrait\">\n\t\t\t\t\t\t\t<div class=\"dpt-entry-wrapper\"><div class=\"dpt-featured-content\"><div class=\"dpt-permalink\"><a href=\"https:\/\/www.markus-schall.de\/cs\/2025\/12\/jan-josef-liefers-portret-postoje-puvodu-a-umelecke-svobody\/\" class=\"dpt-permalink\"><span class=\"screen-reader-text\">Jan-Josef Liefers: Portr\u00e9t postoje, p\u016fvodu a um\u011bleck\u00e9 svobody<\/span><\/a><\/div><div class=\"dpt-thumbnail\"><div class=\"dpt-thumbnail-inner\"><img width=\"1024\" height=\"683\" class=\"attachment-full size-full\" alt=\"Jan-Josef Liefers\" context=\"dpt\" data-dpt-src=\"https:\/\/www.markus-schall.de\/wp-content\/uploads\/jan-josef-liefers-silhouette.jpg\" data-dpt-sizes=\"(max-width: 1024px) 100vw, 1024px\" data-dpt-srcset=\"https:\/\/www.markus-schall.de\/wp-content\/uploads\/jan-josef-liefers-silhouette.jpg 1024w, https:\/\/www.markus-schall.de\/wp-content\/uploads\/jan-josef-liefers-silhouette-300x200.jpg 300w, https:\/\/www.markus-schall.de\/wp-content\/uploads\/jan-josef-liefers-silhouette-768x512.jpg 768w, https:\/\/www.markus-schall.de\/wp-content\/uploads\/jan-josef-liefers-silhouette-18x12.jpg 18w\" \/><\/div><span class=\"dpt-thumbnail-aspect-ratio\" style=\"padding-top: 75%\"><\/span><\/div><\/div><div class=\"sub-entry\"><h3 class=\"dpt-title\"><a class=\"dpt-title-link\" href=\"https:\/\/www.markus-schall.de\/cs\/2025\/12\/jan-josef-liefers-portret-postoje-puvodu-a-umelecke-svobody\/\" rel=\"bookmark\">Jan-Josef Liefers: Portr\u00e9t postoje, p\u016fvodu a um\u011bleck\u00e9 svobody<\/a><\/h3><\/div><\/div>\n\t\t\t\t\t\t<\/div><!-- .dpt-entry -->\n\t\t\t\t\t\t\t\t\t\t\t\t<div class=\"dpt-entry has-thumbnail\" data-title=\"vicco von b\u00fclow alias loriot \u2013 ordnung, form und der leise widerstand des humors\" data-id=\"4169\"  data-category=\"allgemein gesellschaft kunst &amp; kultur stories &amp; humor\" data-post_tag=\"deutschland erfahrungen pers\u00f6nlichkeitsentwicklung portrait\">\n\t\t\t\t\t\t\t<div class=\"dpt-entry-wrapper\"><div class=\"dpt-featured-content\"><div class=\"dpt-permalink\"><a href=\"https:\/\/www.markus-schall.de\/cs\/2025\/12\/vicco-von-buelow-alias-loriot-objednavkovy-formular-a-tichy-odpor-humoru\/\" class=\"dpt-permalink\"><span class=\"screen-reader-text\">Vicco von B\u00fclow alias Loriot - \u0159\u00e1d, forma a tich\u00fd odpor humoru<\/span><\/a><\/div><div class=\"dpt-thumbnail\"><div class=\"dpt-thumbnail-inner\"><img width=\"1024\" height=\"747\" class=\"attachment-full size-full\" alt=\"\" context=\"dpt\" data-dpt-src=\"https:\/\/www.markus-schall.de\/wp-content\/uploads\/Loriot-Titel.jpg\" data-dpt-sizes=\"(max-width: 1024px) 100vw, 1024px\" data-dpt-srcset=\"https:\/\/www.markus-schall.de\/wp-content\/uploads\/Loriot-Titel.jpg 1024w, https:\/\/www.markus-schall.de\/wp-content\/uploads\/Loriot-Titel-300x219.jpg 300w, https:\/\/www.markus-schall.de\/wp-content\/uploads\/Loriot-Titel-768x560.jpg 768w, https:\/\/www.markus-schall.de\/wp-content\/uploads\/Loriot-Titel-16x12.jpg 16w\" \/><\/div><span class=\"dpt-thumbnail-aspect-ratio\" style=\"padding-top: 75%\"><\/span><\/div><\/div><div class=\"sub-entry\"><h3 class=\"dpt-title\"><a class=\"dpt-title-link\" href=\"https:\/\/www.markus-schall.de\/cs\/2025\/12\/vicco-von-buelow-alias-loriot-objednavkovy-formular-a-tichy-odpor-humoru\/\" rel=\"bookmark\">Vicco von B\u00fclow alias Loriot - \u0159\u00e1d, forma a tich\u00fd odpor humoru<\/a><\/h3><\/div><\/div>\n\t\t\t\t\t\t<\/div><!-- .dpt-entry -->\n\t\t\t\t\t\t\n\t\t\t\t<\/div>\n\t\t\t\t\t\t<\/div>\n\t\t\t\n<hr \/>\n<h2>\u010casto kladen\u00e9 ot\u00e1zky o k\u00fdle<\/h2>\n<ol>\n<li><strong>Co p\u0159esn\u011b je k\u00fdla?<\/strong><br \/>\nT\u0159\u00edseln\u00e1 k\u00fdla nen\u00ed otev\u0159en\u00e1 r\u00e1na, ale slab\u00e9 m\u00edsto v b\u0159i\u0161n\u00ed st\u011bn\u011b v oblasti t\u0159\u00edsel. Toto slab\u00e9 m\u00edsto m\u016f\u017ee zp\u016fsobit vyklenut\u00ed pob\u0159i\u0161nice, tukov\u00e9 tk\u00e1n\u011b nebo v nep\u0159\u00edzniv\u00fdch p\u0159\u00edpadech st\u0159ev. P\u0159\u00ed\u010dinou je obvykle kombinace tlaku v dutin\u011b b\u0159i\u0161n\u00ed a struktur\u00e1ln\u00ed nebo funk\u010dn\u00ed slabosti v tomto m\u00edst\u011b.<\/li>\n<li><strong>Vznik\u00e1 k\u00fdla opravdu \u201en\u00e1hle\u201c?<\/strong><br \/>\n\u010casto se zd\u00e1, \u017ee p\u0159ich\u00e1z\u00ed n\u00e1hle. V mnoha p\u0159\u00edpadech v\u0161ak slabost nar\u016fst\u00e1 v pr\u016fb\u011bhu \u010dasu. Okam\u017eik, kdy si j\u00ed v\u0161imnete, je \u010dasto pr\u00e1v\u011b t\u00edm okam\u017eikem, kdy t\u011blo ji\u017e nedok\u00e1\u017ee kompenzovat z\u00e1t\u011b\u017e a vy\u0161le viditeln\u00fd nebo hmatateln\u00fd sign\u00e1l.<\/li>\n<li><strong>Je operace t\u0159\u00edseln\u00e9 k\u00fdly v\u017edy nutn\u00e1?<\/strong><br \/>\nVe v\u011bt\u0161in\u011b p\u0159\u00edpad\u016f ano, alespo\u0148 z dlouhodob\u00e9ho hlediska. St\u00e1vaj\u00edc\u00ed k\u00fdla se obvykle sama neuzav\u0159e. Operace slou\u017e\u00ed k op\u011btovn\u00e9 stabilizaci struktury a zamezen\u00ed komplikac\u00ed. \u010cl\u00e1nek nezpochyb\u0148uje operaci, ale p\u0159id\u00e1v\u00e1 funk\u010dn\u00ed pohled.<\/li>\n<li><strong>Pro\u010d se m\u016f\u017ee k\u00fdla po operaci vr\u00e1tit?<\/strong><br \/>\nRelaps m\u016f\u017ee m\u00edt r\u016fzn\u00e9 p\u0159\u00ed\u010diny. Pat\u0159\u00ed mezi n\u011b kvalita tk\u00e1n\u011b, proces hojen\u00ed, stres po operaci, ale tak\u00e9 nep\u0159\u00edzniv\u00e9 tlakov\u00e9 a nap\u011b\u0165ov\u00e9 pom\u011bry v t\u011ble. Pokud tlak nad\u00e1le p\u016fsob\u00ed na stejnou oblast, m\u016f\u017ee doj\u00edt k op\u011btovn\u00e9mu nam\u00e1h\u00e1n\u00ed i opraven\u00e9 struktury.<\/li>\n<li><strong>Jsou modern\u00ed laparoskopick\u00e9 operace z\u00e1sadn\u011b lep\u0161\u00ed ne\u017e tradi\u010dn\u00ed postupy?<\/strong><br \/>\nNe nutn\u011b. Modern\u00ed postupy maj\u00ed mnoho v\u00fdhod, ale ne pro ka\u017ed\u00e9ho pacienta jsou subjektivn\u011b pohodln\u011bj\u0161\u00ed. N\u011bkte\u0159\u00ed lid\u00e9 l\u00e9pe sn\u00e1\u0161ej\u00ed klasick\u00e9, otev\u0159en\u00e9 opera\u010dn\u00ed metody. Rozhoduj\u00edc\u00ed je nejen technika, ale tak\u00e9 to, jak na ni t\u011blo reaguje.<\/li>\n<li><strong>Pro\u010d se lid\u00e9 po \u00fasp\u011b\u0161n\u00e9 operaci \u010dasto je\u0161t\u011b dlouho c\u00edt\u00ed nejist\u011b?<\/strong><br \/>\nOperace sice oprav\u00ed strukturu, ale neobnov\u00ed automaticky pohybov\u00e9 vzorce, nap\u011bt\u00ed a jistotu. T\u011blo si \u201epamatuje\u201c slab\u00e9 m\u00edsto a \u010dasto dlouho pracuje s opatrnost\u00ed. Jedn\u00e1 se o p\u0159irozen\u00fd ochrann\u00fd mechanismus.<\/li>\n<li><strong>Co v tomto kontextu znamen\u00e1 pojem statika t\u011blesa?<\/strong><br \/>\nStatika t\u011blesa popisuje rozlo\u017een\u00ed sil, tlaku a nap\u011bt\u00ed v t\u011blese. Pokud je toto rozlo\u017een\u00ed nep\u0159\u00edzniv\u00e9, doch\u00e1z\u00ed k p\u0159et\u00ed\u017een\u00ed v p\u0159echodov\u00fdch bodech, jako jsou t\u0159\u00edsla, p\u00e1nev nebo b\u0159i\u0161n\u00ed dno. Statika nen\u00ed specializovan\u00e9 t\u00e9ma, ale z\u00e1kladn\u00ed princip zat\u00ed\u017een\u00ed a stability.<\/li>\n<li><strong>Jakou roli hraje p\u00e1nev p\u0159i probl\u00e9mech s t\u0159\u00edsly?<\/strong><br \/>\nP\u00e1nev je \u00fast\u0159edn\u00edm p\u0159ep\u00ednac\u00edm bodem mezi horn\u00ed \u010d\u00e1st\u00ed t\u011bla a nohama. Zm\u011bny v poloze p\u00e1nve mohou ovlivnit, kam je veden tlak p\u0159i n\u00e1maze, ka\u0161li nebo no\u0161en\u00ed. Nep\u0159\u00edzniv\u00e1 statika p\u00e1nve m\u016f\u017ee zp\u016fsobit trval\u00e9 nap\u011bt\u00ed v t\u0159\u00edslech.<\/li>\n<li><strong>Co m\u00e1 ka\u0161el spole\u010dn\u00e9ho s k\u00fdlou nebo statikou?<\/strong><br \/>\nP\u0159i ka\u0161li vznik\u00e1 kr\u00e1tkodob\u011b vysok\u00fd tlak v b\u0159i\u0161e. M\u00edsto, kde je tento tlak c\u00edtit, vypov\u00edd\u00e1 o rozlo\u017een\u00ed nap\u011bt\u00ed v t\u011ble. Pokud je tlak z\u0159eteln\u011b c\u00edtit v t\u0159\u00edslech, m\u016f\u017ee to znamenat funk\u010dn\u00ed slabost nebo nep\u0159\u00edznivou statiku.<\/li>\n<li><strong>Pro\u010d se st\u00ed\u017enosti mohou v pr\u016fb\u011bhu \u010dasu m\u011bnit?<\/strong><br \/>\nTlak v t\u011ble nezmiz\u00ed, je p\u0159esm\u011brov\u00e1n. Pokud se zm\u011bn\u00ed statika nebo nap\u011bt\u00ed, m\u016f\u017ee se zm\u011bnit i um\u00edst\u011bn\u00ed pot\u00ed\u017e\u00ed. To neznamen\u00e1, \u017ee se probl\u00e9m \u201ep\u0159esune\u201c, ale \u017ee t\u011blo kompenzuje jinak.<\/li>\n<li><strong>Co maj\u00ed spole\u010dn\u00e9ho hemoroidy a k\u00fdla?<\/strong><br \/>\nOba probl\u00e9my jsou \u010dasto spojeny se zv\u00fd\u0161en\u00fdm tlakem v oblasti podb\u0159i\u0161ku a p\u00e1nve. Pokud je tento tlak trvale nep\u0159\u00edzniv\u011b rozlo\u017een, mohou se objevit r\u016fzn\u00e9 p\u0159\u00edznaky. P\u0159\u00ed\u010dinou \u010dasto nen\u00ed samotn\u00fd p\u0159\u00edznak, ale rozlo\u017een\u00ed tlaku.<\/li>\n<li><strong>M\u016f\u017ee m\u00edt dlaha CMD skute\u010dn\u011b vliv na zbytek t\u011bla?<\/strong><br \/>\nDlaha CMD m\u011bn\u00ed postaven\u00ed skusu, a t\u00edm i postaven\u00ed doln\u00ed \u010delisti. Proto\u017ee hlava je centr\u00e1ln\u00ed v\u00e1hou v t\u011blesn\u00e9m syst\u00e9mu, m\u016f\u017ee se v pr\u016fb\u011bhu \u010dasu zm\u011bnit i dr\u017een\u00ed p\u00e1te\u0159e, p\u00e1nve a cel\u00e9ho t\u011bla. Nejedn\u00e1 se o rychl\u00fd efekt, ale o dlouhodob\u00fd proces.<\/li>\n<li><strong>Znamen\u00e1 to, \u017ee dlaha CMD m\u016f\u017ee \u201evyl\u00e9\u010dit\u201c probl\u00e9my s t\u0159\u00edsly?<\/strong><br \/>\nNe, dlaha CMD nen\u00ed l\u00e9\u010dbou k\u00fdly. M\u016f\u017ee v\u0161ak m\u00edt nep\u0159\u00edm\u00fd vliv na statiku a tahov\u00e9 vzorce. \u010cl\u00e1nek nepopisuje vyl\u00e9\u010den\u00ed prost\u0159ednictv\u00edm dlahy, ale dlouhodobou zm\u011bnu tlakov\u00fdch pom\u011br\u016f.<\/li>\n<li><strong>Pro\u010d hraje d\u00fdch\u00e1n\u00ed v t\u011bchto t\u00e9matech roli?<\/strong><br \/>\nD\u00fdch\u00e1n\u00ed ovliv\u0148uje tlak v b\u0159i\u0161n\u00ed dutin\u011b a pr\u00e1ci br\u00e1nice. M\u011blk\u00e9, napjat\u00e9 d\u00fdch\u00e1n\u00ed m\u016f\u017ee sm\u011b\u0159ovat tlak dol\u016f a vytv\u00e1\u0159et tlak na citliv\u00e9 oblasti. Funk\u010dn\u00ed d\u00fdch\u00e1n\u00ed m\u016f\u017ee pomoci rovnom\u011brn\u011bji rozlo\u017eit tlak.<\/li>\n<li><strong>Kdy byste se m\u011bli krom\u011b l\u00e9ka\u0159\u016f poradit i s dal\u0161\u00edmi specialisty?<\/strong><br \/>\nPokud se p\u0159\u00edznaky st\u00e1le opakuj\u00ed nebo i p\u0159es \u00fasp\u011b\u0161nou operaci zcela nezmiz\u00ed, m\u016f\u017ee b\u00fdt vhodn\u00e9 poradit se s n\u011bk\u00fdm, kdo se zab\u00fdv\u00e1 celostn\u00edm pohledem na t\u011blo. Mohl by to b\u00fdt zku\u0161en\u00fd osteopat nebo ortoped se statick\u00fdm zam\u011b\u0159en\u00edm.<\/li>\n<li><strong>Je to kritika konven\u010dn\u00ed medic\u00edny?<\/strong><br \/>\nNe. \u010cl\u00e1nek je v\u00fdslovn\u011b zam\u00fd\u0161len jako dopln\u011bk, nikoli jako protin\u00e1vrh. Konven\u010dn\u00ed medic\u00edna je siln\u00e1 v diagnostice a struktur\u00e1ln\u00ed n\u00e1prav\u011b. Funk\u010dn\u00ed korelace v dlouh\u00e9m \u010dasov\u00e9m obdob\u00ed se v\u0161ak p\u0159irozen\u011b berou v \u00favahu m\u00e9n\u011b \u010dasto.<\/li>\n<li><strong>Jak\u00fd je nejd\u016fle\u017eit\u011bj\u0161\u00ed poznatek z tohoto osobn\u00edho p\u0159\u00edb\u011bhu?<\/strong><br \/>\n\u017de p\u0159\u00edznaky jsou \u010dasto vod\u00edtkem, nikoliv izolovanou vadou. K\u00fdla m\u016f\u017ee b\u00fdt bodem, kdy se projev\u00ed z\u00e1sadn\u00ed nerovnov\u00e1ha. Pokud jste ochotni hledat d\u00e1l, \u010dasto najdete nov\u00e9 p\u0159\u00edstupy, kter\u00e9 p\u0159esahuj\u00ed pouhou l\u00e9\u010dbu p\u0159\u00edznak\u016f.<\/li>\n<li><strong>\u010c\u00edm je tento \u010dl\u00e1nek pro posti\u017een\u00e9 obzvl\u00e1\u0161t\u011b cenn\u00fd?<\/strong><br \/>\nSpojuje l\u00e9ka\u0159skou realitu s osobn\u00edmi dlouhodob\u00fdmi zku\u0161enostmi, ani\u017e by sliboval vyl\u00e9\u010den\u00ed nebo svaloval vinu. Ukazuje, \u017ee i po ne\u00fasp\u011b\u0161\u00edch m\u016f\u017ee existovat cesta vp\u0159ed - n\u011bkdy pomaleji, n\u011bkdy ne\u010dekan\u011b, ale \u010dasto trvaleji, ne\u017e se o\u010dek\u00e1valo.<\/li>\n<\/ol>\n<hr \/>\n\n\t\t\t<div class=\"display-post-types\">\n\n\t\t\t\t\t\t\t<style type=\"text\/css\">\n\t\t\t#dpt-wrapper-351 { --dpt-text-align: left;--dpt-image-crop: center;--dpt-border-radius: 5px;--dpt-h-gutter: 10px;--dpt-v-gutter: 9px; }\t\t\t<\/style>\n\t\t\t<style type=\"text\/css\">#dpt-wrapper-351 { --dpt-title-font-style:normal;--dpt-title-font-weight:600;--dpt-title-line-height:1.5;--dpt-title-text-decoration:none;--dpt-title-text-transform:none;--dpt-excerpt-font-style:normal;--dpt-excerpt-font-weight:400;--dpt-excerpt-line-height:1.5;--dpt-excerpt-text-decoration:none;--dpt-excerpt-text-transform:none;--dpt-meta1-font-style:normal;--dpt-meta1-font-weight:400;--dpt-meta1-line-height:1.9;--dpt-meta1-text-decoration:none;--dpt-meta1-text-transform:none;--dpt-meta2-font-style:normal;--dpt-meta2-font-weight:400;--dpt-meta2-line-height:1.9;--dpt-meta2-text-decoration:none;--dpt-meta2-text-transform:none; }<\/style><div class=\"dpt-main-header\">\n\t\t\t\t\t\t<div class=\"dpt-main-title\">\n\t\t\t\t\t\t\t<span class=\"dpt-main-title-text\">Soci\u00e1ln\u00ed ot\u00e1zky sou\u010dasnosti<\/span>\n\t\t\t\t\t\t<\/div>\n\t\t\t\t\t\t\n\t\t\t\t\t\t\n\t\t\t\t\t\t\n\t\t\t\t\t\t<\/div>\t\t\t\n\t\t\t\t<div id=\"dpt-wrapper-351\" class=\"dpt-wrapper dpt-mag1 land1 dpt-cropped dpt-flex-wrap\" >\n\n\t\t\t\t\t\t\t\t\t\t\t<div class=\"dpt-entry has-thumbnail\" data-title=\"kriegst\u00fcchtigkeit, wehrpflicht &#038; verweigerung: was im ernstfall zu tun ist\" data-id=\"2966\"  data-category=\"allgemein b\u00fccher gesellschaft tipps &amp; anleitungen\" data-post_tag=\"buch deutschland geopolitik gesundheit krisen pers\u00f6nlichkeitsentwicklung ratgeber sicherheitspolitik\">\n\t\t\t\t\t\t\t<div class=\"dpt-entry-wrapper\"><div class=\"dpt-featured-content\"><div class=\"dpt-permalink\"><a href=\"https:\/\/www.markus-schall.de\/cs\/2025\/09\/vyhrada-svedomi-vuci-vojenske-sluzbe-co-delat-v-pripade-nouze\/\" class=\"dpt-permalink\"><span class=\"screen-reader-text\">V\u00e1le\u010dn\u00e1 zp\u016fsobilost, odvody a odm\u00edtnut\u00ed: co d\u011blat v p\u0159\u00edpad\u011b nouze<\/span><\/a><\/div><div class=\"dpt-thumbnail\"><div class=\"dpt-thumbnail-inner\"><img width=\"1536\" height=\"1024\" class=\"attachment-full size-full\" alt=\"Brann\u00e1 povinnost: odm\u00edtnut\u00ed vojensk\u00e9 slu\u017eby\" context=\"dpt\" data-dpt-src=\"https:\/\/www.markus-schall.de\/wp-content\/uploads\/wehrpflicht-kriegsdienst-verweigern.jpg\" data-dpt-sizes=\"(max-width: 1536px) 100vw, 1536px\" data-dpt-srcset=\"https:\/\/www.markus-schall.de\/wp-content\/uploads\/wehrpflicht-kriegsdienst-verweigern.jpg 1536w, https:\/\/www.markus-schall.de\/wp-content\/uploads\/wehrpflicht-kriegsdienst-verweigern-300x200.jpg 300w, https:\/\/www.markus-schall.de\/wp-content\/uploads\/wehrpflicht-kriegsdienst-verweigern-1024x683.jpg 1024w, https:\/\/www.markus-schall.de\/wp-content\/uploads\/wehrpflicht-kriegsdienst-verweigern-768x512.jpg 768w, https:\/\/www.markus-schall.de\/wp-content\/uploads\/wehrpflicht-kriegsdienst-verweigern-18x12.jpg 18w\" \/><\/div><span class=\"dpt-thumbnail-aspect-ratio\" style=\"padding-top: 75%\"><\/span><\/div><\/div><div class=\"sub-entry\"><h3 class=\"dpt-title\"><a class=\"dpt-title-link\" href=\"https:\/\/www.markus-schall.de\/cs\/2025\/09\/vyhrada-svedomi-vuci-vojenske-sluzbe-co-delat-v-pripade-nouze\/\" rel=\"bookmark\">V\u00e1le\u010dn\u00e1 zp\u016fsobilost, odvody a odm\u00edtnut\u00ed: co d\u011blat v p\u0159\u00edpad\u011b nouze<\/a><\/h3><\/div><\/div>\n\t\t\t\t\t\t<\/div><!-- .dpt-entry -->\n\t\t\t\t\t\t\t\t\t\t\t\t<div class=\"dpt-entry has-thumbnail\" data-title=\"stress ist keine naturgewalt \u2013 wie man sich freir\u00e4ume zur\u00fcckholt, schritt f\u00fcr schritt\" data-id=\"3152\"  data-category=\"allgemein gesellschaft gesundheit tipps &amp; anleitungen\" data-post_tag=\"cmd erfahrungen gesundheit krisen pers\u00f6nlichkeitsentwicklung prozesse ratgeber\">\n\t\t\t\t\t\t\t<div class=\"dpt-entry-wrapper\"><div class=\"dpt-featured-content\"><div class=\"dpt-permalink\"><a href=\"https:\/\/www.markus-schall.de\/cs\/2025\/10\/stres-neni-prirodni-sila-jak-ziskat-zpet-svou-svobodu-krok-za-krokem\/\" class=\"dpt-permalink\"><span class=\"screen-reader-text\">Stres nen\u00ed p\u0159\u00edrodn\u00ed s\u00edla - Jak z\u00edskat zp\u011bt svou svobodu krok za krokem<\/span><\/a><\/div><div class=\"dpt-thumbnail\"><div class=\"dpt-thumbnail-inner\"><img width=\"1024\" height=\"683\" class=\"attachment-full size-full\" alt=\"Stres nen\u00ed p\u0159\u00edrodn\u00ed s\u00edla\" context=\"dpt\" data-dpt-src=\"https:\/\/www.markus-schall.de\/wp-content\/uploads\/stress-naturgewalt-titel.jpg\" data-dpt-sizes=\"(max-width: 1024px) 100vw, 1024px\" data-dpt-srcset=\"https:\/\/www.markus-schall.de\/wp-content\/uploads\/stress-naturgewalt-titel.jpg 1024w, https:\/\/www.markus-schall.de\/wp-content\/uploads\/stress-naturgewalt-titel-300x200.jpg 300w, https:\/\/www.markus-schall.de\/wp-content\/uploads\/stress-naturgewalt-titel-768x512.jpg 768w, https:\/\/www.markus-schall.de\/wp-content\/uploads\/stress-naturgewalt-titel-18x12.jpg 18w\" \/><\/div><span class=\"dpt-thumbnail-aspect-ratio\" style=\"padding-top: 75%\"><\/span><\/div><\/div><div class=\"sub-entry\"><h3 class=\"dpt-title\"><a class=\"dpt-title-link\" href=\"https:\/\/www.markus-schall.de\/cs\/2025\/10\/stres-neni-prirodni-sila-jak-ziskat-zpet-svou-svobodu-krok-za-krokem\/\" rel=\"bookmark\">Stres nen\u00ed p\u0159\u00edrodn\u00ed s\u00edla - Jak z\u00edskat zp\u011bt svou svobodu krok za krokem<\/a><\/h3><\/div><\/div>\n\t\t\t\t\t\t<\/div><!-- .dpt-entry -->\n\t\t\t\t\t\t\t\t\t\t\t\t<div class=\"dpt-entry has-thumbnail\" data-title=\"digitales eigentum erkl\u00e4rt \u2013 so entstehen nachhaltige online-verm\u00f6genswerte\" data-id=\"4766\"  data-category=\"allgemein b\u00fccher featured gesellschaft ki-systeme\" data-post_tag=\"buch datenbanken denkmodelle digitales eigentum erp-software k\u00fcnstliche intelligenz prozesse publishing\">\n\t\t\t\t\t\t\t<div class=\"dpt-entry-wrapper\"><div class=\"dpt-featured-content\"><div class=\"dpt-permalink\"><a href=\"https:\/\/www.markus-schall.de\/cs\/2026\/02\/digitalni-majetek-vysvetlil-jak-se-vytvareji-udrzitelne-online-aktiva\/\" class=\"dpt-permalink\"><span class=\"screen-reader-text\">Vysv\u011btlen\u00ed digit\u00e1ln\u00edho vlastnictv\u00ed - Jak se vytv\u00e1\u0159ej\u00ed udr\u017eiteln\u00e9 online aktiva<\/span><\/a><\/div><div class=\"dpt-thumbnail\"><div class=\"dpt-thumbnail-inner\"><img width=\"1024\" height=\"683\" class=\"attachment-full size-full\" alt=\"Co je digit\u00e1ln\u00ed vlastnictv\u00ed\" context=\"dpt\" data-dpt-src=\"https:\/\/www.markus-schall.de\/wp-content\/uploads\/Digitales-Eigentum.jpg\" data-dpt-sizes=\"(max-width: 1024px) 100vw, 1024px\" data-dpt-srcset=\"https:\/\/www.markus-schall.de\/wp-content\/uploads\/Digitales-Eigentum.jpg 1024w, https:\/\/www.markus-schall.de\/wp-content\/uploads\/Digitales-Eigentum-300x200.jpg 300w, https:\/\/www.markus-schall.de\/wp-content\/uploads\/Digitales-Eigentum-768x512.jpg 768w, https:\/\/www.markus-schall.de\/wp-content\/uploads\/Digitales-Eigentum-18x12.jpg 18w\" \/><\/div><span class=\"dpt-thumbnail-aspect-ratio\" style=\"padding-top: 75%\"><\/span><\/div><\/div><div class=\"sub-entry\"><h3 class=\"dpt-title\"><a class=\"dpt-title-link\" href=\"https:\/\/www.markus-schall.de\/cs\/2026\/02\/digitalni-majetek-vysvetlil-jak-se-vytvareji-udrzitelne-online-aktiva\/\" rel=\"bookmark\">Vysv\u011btlen\u00ed digit\u00e1ln\u00edho vlastnictv\u00ed - Jak se vytv\u00e1\u0159ej\u00ed udr\u017eiteln\u00e9 online aktiva<\/a><\/h3><\/div><\/div>\n\t\t\t\t\t\t<\/div><!-- .dpt-entry -->\n\t\t\t\t\t\t\t\t\t\t\t\t<div class=\"dpt-entry has-thumbnail\" data-title=\"europa zwischen meinungsfreiheit und regulierung: neues us-infoportal wirft fragen auf\" data-id=\"5102\"  data-category=\"allgemein gesellschaft\" data-post_tag=\"denkmodelle deutschland eu-gesetze europa geopolitik krisen meinungsfreiheit spieltheorie\">\n\t\t\t\t\t\t\t<div class=\"dpt-entry-wrapper\"><div class=\"dpt-featured-content\"><div class=\"dpt-permalink\"><a href=\"https:\/\/www.markus-schall.de\/cs\/2026\/03\/evropa-mezi-svobodou-projevu-a-regulaci-novy-informacni-portal-usa-vyvolava-otazky\/\" class=\"dpt-permalink\"><span class=\"screen-reader-text\">Evropa mezi svobodou projevu a regulac\u00ed: Nov\u00fd informa\u010dn\u00ed port\u00e1l USA vyvol\u00e1v\u00e1 ot\u00e1zky<\/span><\/a><\/div><div class=\"dpt-thumbnail\"><div class=\"dpt-thumbnail-inner\"><img width=\"1024\" height=\"683\" class=\"attachment-full size-full\" alt=\"Cenzura EU, nen\u00e1vistn\u00e9 projevy a nov\u00fd port\u00e1l USA\" context=\"dpt\" data-dpt-src=\"https:\/\/www.markus-schall.de\/wp-content\/uploads\/EU-Hatespeech-US-Portal.jpg\" data-dpt-sizes=\"(max-width: 1024px) 100vw, 1024px\" data-dpt-srcset=\"https:\/\/www.markus-schall.de\/wp-content\/uploads\/EU-Hatespeech-US-Portal.jpg 1024w, https:\/\/www.markus-schall.de\/wp-content\/uploads\/EU-Hatespeech-US-Portal-300x200.jpg 300w, https:\/\/www.markus-schall.de\/wp-content\/uploads\/EU-Hatespeech-US-Portal-768x512.jpg 768w, https:\/\/www.markus-schall.de\/wp-content\/uploads\/EU-Hatespeech-US-Portal-18x12.jpg 18w\" \/><\/div><span class=\"dpt-thumbnail-aspect-ratio\" style=\"padding-top: 75%\"><\/span><\/div><\/div><div class=\"sub-entry\"><h3 class=\"dpt-title\"><a class=\"dpt-title-link\" href=\"https:\/\/www.markus-schall.de\/cs\/2026\/03\/evropa-mezi-svobodou-projevu-a-regulaci-novy-informacni-portal-usa-vyvolava-otazky\/\" rel=\"bookmark\">Evropa mezi svobodou projevu a regulac\u00ed: Nov\u00fd informa\u010dn\u00ed port\u00e1l USA vyvol\u00e1v\u00e1 ot\u00e1zky<\/a><\/h3><\/div><\/div>\n\t\t\t\t\t\t<\/div><!-- .dpt-entry -->\n\t\t\t\t\t\t\n\t\t\t\t<\/div>\n\t\t\t\t\t\t<\/div>\n\t\t\t\n<hr \/>","protected":false},"excerpt":{"rendered":"<p>S k\u00fdlou se pot\u00fdk\u00e1m od roku 2020. Kdy\u017e se ohl\u00e9dnu zp\u011bt, neza\u010dalo to dramatickou nehodou, ale sp\u00ed\u0161e okam\u017eikem, kdy t\u011blo n\u00e1hle vyslalo jasn\u00fd sign\u00e1l: N\u011bco je jinak. K\u00fdla se m\u016f\u017ee ohl\u00e1sit p\u0159ekvapiv\u011b nen\u00e1padn\u00fdm zp\u016fsobem - a\u017e do chv\u00edle, kdy u\u017e ji nem\u016f\u017eete ignorovat. U m\u011b to p\u0159i\u0161lo ... <a title=\"Evropa mezi svobodou projevu a regulac\u00ed: Nov\u00fd informa\u010dn\u00ed port\u00e1l USA vyvol\u00e1v\u00e1 ot\u00e1zky\" class=\"read-more\" href=\"https:\/\/www.markus-schall.de\/cs\/2026\/03\/evropa-mezi-svobodou-projevu-a-regulaci-novy-informacni-portal-usa-vyvolava-otazky\/\" aria-label=\"\u010c\u00edst v\u00edce o Evropa mezi svobodou projevu a regulac\u00ed: Nov\u00fd informa\u010dn\u00ed port\u00e1l USA vyvol\u00e1v\u00e1 ot\u00e1zky\">\u010c\u00edst d\u00e1l<\/a><\/p>","protected":false},"author":1,"featured_media":4385,"comment_status":"open","ping_status":"open","sticky":false,"template":"","format":"standard","meta":{"iawp_total_views":186,"footnotes":""},"categories":[1,456,4],"tags":[425,439,458,447,459,426,448],"class_list":["post-4355","post","type-post","status-publish","format-standard","has-post-thumbnail","hentry","category-allgemein","category-gesundheit","category-tipps-anleitungen","tag-buch","tag-cmd","tag-erfahrungen","tag-gesundheit","tag-haemorrhoiden","tag-krisen","tag-ratgeber"],"_links":{"self":[{"href":"https:\/\/www.markus-schall.de\/cs\/wp-json\/wp\/v2\/posts\/4355","targetHints":{"allow":["GET"]}}],"collection":[{"href":"https:\/\/www.markus-schall.de\/cs\/wp-json\/wp\/v2\/posts"}],"about":[{"href":"https:\/\/www.markus-schall.de\/cs\/wp-json\/wp\/v2\/types\/post"}],"author":[{"embeddable":true,"href":"https:\/\/www.markus-schall.de\/cs\/wp-json\/wp\/v2\/users\/1"}],"replies":[{"embeddable":true,"href":"https:\/\/www.markus-schall.de\/cs\/wp-json\/wp\/v2\/comments?post=4355"}],"version-history":[{"count":10,"href":"https:\/\/www.markus-schall.de\/cs\/wp-json\/wp\/v2\/posts\/4355\/revisions"}],"predecessor-version":[{"id":5831,"href":"https:\/\/www.markus-schall.de\/cs\/wp-json\/wp\/v2\/posts\/4355\/revisions\/5831"}],"wp:featuredmedia":[{"embeddable":true,"href":"https:\/\/www.markus-schall.de\/cs\/wp-json\/wp\/v2\/media\/4385"}],"wp:attachment":[{"href":"https:\/\/www.markus-schall.de\/cs\/wp-json\/wp\/v2\/media?parent=4355"}],"wp:term":[{"taxonomy":"category","embeddable":true,"href":"https:\/\/www.markus-schall.de\/cs\/wp-json\/wp\/v2\/categories?post=4355"},{"taxonomy":"post_tag","embeddable":true,"href":"https:\/\/www.markus-schall.de\/cs\/wp-json\/wp\/v2\/tags?post=4355"}],"curies":[{"name":"wp","href":"https:\/\/api.w.org\/{rel}","templated":true}]}}