{"id":4402,"date":"2026-01-14T06:35:57","date_gmt":"2026-01-14T06:35:57","guid":{"rendered":"https:\/\/www.markus-schall.de\/?p=4402"},"modified":"2026-09-01T07:13:29","modified_gmt":"2026-09-01T07:13:29","slug":"umela-inteligence-bez-humbuku-proc-mene-nastroju-ki-casto-znamena-lepsi-praci","status":"publish","type":"post","link":"https:\/\/www.markus-schall.de\/cs\/2026\/01\/kuenstliche-intelligenz-ohne-hype-warum-weniger-ki-tools-oft-bessere-arbeit-bedeuten\/","title":{"rendered":"Um\u011bl\u00e1 inteligence bez humbuku: pro\u010d m\u00e9n\u011b n\u00e1stroj\u016f AI \u010dasto znamen\u00e1 lep\u0161\u00ed pr\u00e1ci"},"content":{"rendered":"<p>Wer sich heute mit dem Thema k\u00fcnstliche Intelligenz besch\u00e4ftigt, st\u00f6\u00dft fast zwangsl\u00e4ufig auf ein merkw\u00fcrdiges Gef\u00fchl: st\u00e4ndige Unruhe. Kaum hat man sich an ein Werkzeug gew\u00f6hnt, tauchen schon die n\u00e4chsten zehn auf. Auf YouTube jagt ein Video das n\u00e4chste: <em>\u201eDieses KI-Tool ver\u00e4ndert alles\u201c<\/em>, <em>\u201eDas musst du jetzt unbedingt nutzen\u201c<\/em>, <em>\u201eWer das verpasst, bleibt zur\u00fcck\u201c<\/em>. Und jedes Mal schwingt unterschwellig dieselbe Botschaft mit: Du bist zu sp\u00e4t. Die anderen sind weiter. Du musst aufholen.<\/p>\n<p>Das betrifft l\u00e4ngst nicht nur IT-Leute. Auch Selbstst\u00e4ndige, Kreative, Unternehmer oder ganz normale Angestellte sp\u00fcren diesen Druck. Viele wissen gar nicht genau, was diese Tools eigentlich machen &#8211; aber sie haben das Gef\u00fchl, dass sie etwas verpassen k\u00f6nnten. Und genau das erzeugt Stress.<!--more--><\/p>\n<hr \/>\n\n\t\t\t<div class=\"display-post-types\">\n\n\t\t\t\t\t\t\t<style type=\"text\/css\">\n\t\t\t#dpt-wrapper-836 { --dpt-text-align: left;--dpt-image-crop: center;--dpt-border-radius: 5px;--dpt-h-gutter: 10px;--dpt-v-gutter: 9px; }\t\t\t<\/style>\n\t\t\t<style type=\"text\/css\">#dpt-wrapper-836 { --dpt-title-font-style:normal;--dpt-title-font-weight:600;--dpt-title-line-height:1.5;--dpt-title-text-decoration:none;--dpt-title-text-transform:none;--dpt-excerpt-font-style:normal;--dpt-excerpt-font-weight:400;--dpt-excerpt-line-height:1.5;--dpt-excerpt-text-decoration:none;--dpt-excerpt-text-transform:none;--dpt-meta1-font-style:normal;--dpt-meta1-font-weight:400;--dpt-meta1-line-height:1.9;--dpt-meta1-text-decoration:none;--dpt-meta1-text-transform:none;--dpt-meta2-font-style:normal;--dpt-meta2-font-weight:400;--dpt-meta2-line-height:1.9;--dpt-meta2-text-decoration:none;--dpt-meta2-text-transform:none; }<\/style><div class=\" dpt-main-header\">\n\t\t\t\t\t\t<div class=\"dpt-main-title\">\n\t\t\t\t\t\t\t<span class=\"dpt-main-title-text\">Aktuelle Beitr\u00e4ge zu K\u00fcnstlicher Intelligenz<\/span>\n\t\t\t\t\t\t<\/div>\n\t\t\t\t\t\t\n\t\t\t\t\t\t\n\t\t\t\t\t\t\n\t\t\t\t\t\t<\/div>\t\t\t\n\t\t\t\t<div id=\"dpt-wrapper-836\" class=\"dpt-wrapper dpt-mag1 land1 dpt-cropped dpt-flex-wrap\" >\n\n\t\t\t\t\t\t\t\t\t\t\t<div class=\"dpt-entry has-thumbnail\" data-title=\"die neuen eu-zensurgesetze: was chatcontrol, dsa, emfa und der ai act bedeuten\" data-id=\"3586\"  data-category=\"allgemein gesellschaft ki-systeme\" data-post_tag=\"datenschutz digitales eigentum eu-gesetze europa k\u00fcnstliche intelligenz llm meinungsfreiheit spieltheorie sprachmodell\">\n\t\t\t\t\t\t\t<div class=\"dpt-entry-wrapper\"><div class=\" dpt-featured-content\"><div class=\" dpt-permalink\"><a href=\"https:\/\/www.markus-schall.de\/cs\/2025\/11\/die-neuen-eu-zensurgesetze-was-chatcontrol-dsa-emfa-und-der-ai-act-bedeuten\/\" class=\"dpt-permalink\"><span class=\"screen-reader-text\">Die neuen EU-Zensurgesetze: Was Chatcontrol, DSA, EMFA und der AI Act bedeuten<\/span><\/a><\/div><div class=\" dpt-thumbnail\"><div class=\"dpt-thumbnail-inner\"><img width=\"1024\" height=\"683\" class=\"attachment-full size-full\" alt=\"EU Zensurgesetze\" context=\"dpt\" data-dpt-src=\"https:\/\/www.markus-schall.de\/wp-content\/uploads\/eu-zensurgesetze.jpg\" data-dpt-sizes=\"(max-width: 1024px) 100vw, 1024px\" data-dpt-srcset=\"https:\/\/www.markus-schall.de\/wp-content\/uploads\/eu-zensurgesetze.jpg 1024w, https:\/\/www.markus-schall.de\/wp-content\/uploads\/eu-zensurgesetze-300x200.jpg 300w, https:\/\/www.markus-schall.de\/wp-content\/uploads\/eu-zensurgesetze-768x512.jpg 768w, https:\/\/www.markus-schall.de\/wp-content\/uploads\/eu-zensurgesetze-18x12.jpg 18w\" \/><\/div><span class=\"dpt-thumbnail-aspect-ratio\" style=\"padding-top: 75%\"><\/span><\/div><\/div><div class=\" sub-entry\"><h3 class=\" dpt-title\"><a class=\"dpt-title-link\" href=\"https:\/\/www.markus-schall.de\/cs\/2025\/11\/die-neuen-eu-zensurgesetze-was-chatcontrol-dsa-emfa-und-der-ai-act-bedeuten\/\" rel=\"bookmark\">Die neuen EU-Zensurgesetze: Was Chatcontrol, DSA, EMFA und der AI Act bedeuten<\/a><\/h3><\/div><\/div>\n\t\t\t\t\t\t<\/div><!-- .dpt-entry -->\n\t\t\t\t\t\t\t\t\t\t\t\t<div class=\"dpt-entry has-thumbnail\" data-title=\"rag mit ollama und qdrant als universelle suchmaschine f\u00fcr eigene daten\" data-id=\"2764\"  data-category=\"filemaker &amp; erp ki-systeme\" data-post_tag=\"datenbanken docker k\u00fcnstliche intelligenz llama llm mistral ollama qdrant vektordatenbank\">\n\t\t\t\t\t\t\t<div class=\"dpt-entry-wrapper\"><div class=\" dpt-featured-content\"><div class=\" dpt-permalink\"><a href=\"https:\/\/www.markus-schall.de\/cs\/2025\/08\/rag-mit-ollama-und-qdrant-als-universelle-suchmaschine-fuer-eigene-daten\/\" class=\"dpt-permalink\"><span class=\"screen-reader-text\">RAG mit Ollama und Qdrant als universelle Suchmaschine f\u00fcr eigene Daten<\/span><\/a><\/div><div class=\" dpt-thumbnail\"><div class=\"dpt-thumbnail-inner\"><img width=\"1920\" height=\"640\" class=\"attachment-full size-full\" alt=\"Lokale KI um Datenbanken erweitern mit RAG, Ollama und Qdrant\" context=\"dpt\" data-dpt-src=\"https:\/\/www.markus-schall.de\/wp-content\/uploads\/lokale-ki-rag-ollama-qdrant.jpg\" data-dpt-sizes=\"(max-width: 1920px) 100vw, 1920px\" data-dpt-srcset=\"https:\/\/www.markus-schall.de\/wp-content\/uploads\/lokale-ki-rag-ollama-qdrant.jpg 1920w, https:\/\/www.markus-schall.de\/wp-content\/uploads\/lokale-ki-rag-ollama-qdrant-300x100.jpg 300w, https:\/\/www.markus-schall.de\/wp-content\/uploads\/lokale-ki-rag-ollama-qdrant-1024x341.jpg 1024w, https:\/\/www.markus-schall.de\/wp-content\/uploads\/lokale-ki-rag-ollama-qdrant-768x256.jpg 768w, https:\/\/www.markus-schall.de\/wp-content\/uploads\/lokale-ki-rag-ollama-qdrant-1536x512.jpg 1536w, https:\/\/www.markus-schall.de\/wp-content\/uploads\/lokale-ki-rag-ollama-qdrant-18x6.jpg 18w\" \/><\/div><span class=\"dpt-thumbnail-aspect-ratio\" style=\"padding-top: 75%\"><\/span><\/div><\/div><div class=\" sub-entry\"><h3 class=\" dpt-title\"><a class=\"dpt-title-link\" href=\"https:\/\/www.markus-schall.de\/cs\/2025\/08\/rag-mit-ollama-und-qdrant-als-universelle-suchmaschine-fuer-eigene-daten\/\" rel=\"bookmark\">RAG mit Ollama und Qdrant als universelle Suchmaschine f\u00fcr eigene Daten<\/a><\/h3><\/div><\/div>\n\t\t\t\t\t\t<\/div><!-- .dpt-entry -->\n\t\t\t\t\t\t\t\t\t\t\t\t<div class=\"dpt-entry has-thumbnail\" data-title=\"mlx auf apple silicon als lokale ki im vergleich mit ollama &#038; co.\" data-id=\"2857\"  data-category=\"apple macos ki-systeme\" data-post_tag=\"datenschutz k\u00fcnstliche intelligenz llama llm mistral mlx ollama sprachmodell\">\n\t\t\t\t\t\t\t<div class=\"dpt-entry-wrapper\"><div class=\" dpt-featured-content\"><div class=\" dpt-permalink\"><a href=\"https:\/\/www.markus-schall.de\/cs\/2025\/09\/mlx-auf-apple-silicon-als-lokale-ki-im-vergleich-mit-ollama-co\/\" class=\"dpt-permalink\"><span class=\"screen-reader-text\">MLX auf Apple Silicon als lokale KI im Vergleich mit Ollama &#038; Co.<\/span><\/a><\/div><div class=\" dpt-thumbnail\"><div class=\"dpt-thumbnail-inner\"><img width=\"1024\" height=\"576\" class=\"attachment-full size-full\" alt=\"Lokale KI auf dem Mac mit MLX\" context=\"dpt\" data-dpt-src=\"https:\/\/www.markus-schall.de\/wp-content\/uploads\/mlx-lokale-ki-apple-silicon.jpg\" data-dpt-sizes=\"(max-width: 1024px) 100vw, 1024px\" data-dpt-srcset=\"https:\/\/www.markus-schall.de\/wp-content\/uploads\/mlx-lokale-ki-apple-silicon.jpg 1024w, https:\/\/www.markus-schall.de\/wp-content\/uploads\/mlx-lokale-ki-apple-silicon-300x169.jpg 300w, https:\/\/www.markus-schall.de\/wp-content\/uploads\/mlx-lokale-ki-apple-silicon-768x432.jpg 768w, https:\/\/www.markus-schall.de\/wp-content\/uploads\/mlx-lokale-ki-apple-silicon-18x10.jpg 18w\" \/><\/div><span class=\"dpt-thumbnail-aspect-ratio\" style=\"padding-top: 75%\"><\/span><\/div><\/div><div class=\" sub-entry\"><h3 class=\" dpt-title\"><a class=\"dpt-title-link\" href=\"https:\/\/www.markus-schall.de\/cs\/2025\/09\/mlx-auf-apple-silicon-als-lokale-ki-im-vergleich-mit-ollama-co\/\" rel=\"bookmark\">MLX auf Apple Silicon als lokale KI im Vergleich mit Ollama &#038; Co.<\/a><\/h3><\/div><\/div>\n\t\t\t\t\t\t<\/div><!-- .dpt-entry -->\n\t\t\t\t\t\t\t\t\t\t\t\t<div class=\"dpt-entry has-thumbnail\" data-title=\"mit klarheit durch die krise: wie ki neue perspektiven er\u00f6ffnet\" data-id=\"2436\"  data-category=\"b\u00fccher\" data-post_tag=\"buch krisen k\u00fcnstliche intelligenz lernen pers\u00f6nlichkeitsentwicklung ratgeber\">\n\t\t\t\t\t\t\t<div class=\"dpt-entry-wrapper\"><div class=\" dpt-featured-content\"><div class=\" dpt-permalink\"><a href=\"https:\/\/www.markus-schall.de\/cs\/2025\/08\/mit-klarheit-durch-die-krise-wie-ki-neue-perspektiven-eroeffnet\/\" class=\"dpt-permalink\"><span class=\"screen-reader-text\">Mit Klarheit durch die Krise: Wie KI neue Perspektiven er\u00f6ffnet<\/span><\/a><\/div><div class=\" dpt-thumbnail\"><div class=\"dpt-thumbnail-inner\"><img width=\"838\" height=\"1200\" class=\"attachment-full size-full\" alt=\"Buch &#039;Krisen als Wendepunkte - lernen, wachsen, gestalten&#039;\" context=\"dpt\" data-dpt-src=\"https:\/\/www.markus-schall.de\/wp-content\/uploads\/Krisen-Cover-Front-DEjpg.jpg\" data-dpt-sizes=\"(max-width: 838px) 100vw, 838px\" data-dpt-srcset=\"https:\/\/www.markus-schall.de\/wp-content\/uploads\/Krisen-Cover-Front-DEjpg.jpg 838w, https:\/\/www.markus-schall.de\/wp-content\/uploads\/Krisen-Cover-Front-DEjpg-210x300.jpg 210w, https:\/\/www.markus-schall.de\/wp-content\/uploads\/Krisen-Cover-Front-DEjpg-715x1024.jpg 715w, https:\/\/www.markus-schall.de\/wp-content\/uploads\/Krisen-Cover-Front-DEjpg-768x1100.jpg 768w, https:\/\/www.markus-schall.de\/wp-content\/uploads\/Krisen-Cover-Front-DEjpg-8x12.jpg 8w\" \/><\/div><span class=\"dpt-thumbnail-aspect-ratio\" style=\"padding-top: 75%\"><\/span><\/div><\/div><div class=\" sub-entry\"><h3 class=\" dpt-title\"><a class=\"dpt-title-link\" href=\"https:\/\/www.markus-schall.de\/cs\/2025\/08\/mit-klarheit-durch-die-krise-wie-ki-neue-perspektiven-eroeffnet\/\" rel=\"bookmark\">Mit Klarheit durch die Krise: Wie KI neue Perspektiven er\u00f6ffnet<\/a><\/h3><\/div><\/div>\n\t\t\t\t\t\t<\/div><!-- .dpt-entry -->\n\t\t\t\t\t\t\n\t\t\t\t<\/div>\n\t\t\t\t\t\t<\/div>\n\t\t\t\n<hr \/>\n<h2>Aktuelle Meldungen zum Thema<\/h2>\n<p><strong>09.05.2026<\/strong>: Der neue Vortrag von Tech-Analyst Philipp \u201ePip\u201c Kl\u00f6ckner auf der OMR zeigt eindrucksvoll, wie weit sich die KI-Branche inzwischen von reinem Hype entfernt hat. Statt futuristischer Wunschbilder geht es zunehmend um harte Realit\u00e4t: gigantische Milliardeninvestitionen in Rechenzentren, den steigenden Energiebedarf von KI-Systemen und die Frage, welche Gesch\u00e4ftsmodelle langfristig \u00fcberhaupt tragf\u00e4hig bleiben. Besonders spannend ist Kl\u00f6ckners Einsch\u00e4tzung, dass sich der Markt gerade vom H\u00f6hepunkt des KI-Hypes in eine deutlich kritischere Phase bewegt. W\u00e4hrend OpenAI, Anthropic, Google und andere Konzerne um Marktanteile k\u00e4mpfen, geraten zugleich viele klassische Wissens- und Verwaltungsjobs unter Druck.<\/p>\n<div class=\"lyte-wrapper\" style=\"width:640px;max-width:100%;margin:5px;\"><div class=\"lyMe\" id=\"WYL_YNavwk7qk24\"><div id=\"lyte_YNavwk7qk24\" data-src=\"https:\/\/www.markus-schall.de\/wp-content\/plugins\/wp-youtube-lyte\/lyteCache.php?origThumbUrl=%2F%2Fi.ytimg.com%2Fvi%2FYNavwk7qk24%2Fhqdefault.jpg\" class=\"pL\"><div class=\"tC\"><div class=\"tT\"><\/div><\/div><div class=\"play\"><\/div><div class=\"ctrl\"><div class=\"Lctrl\"><\/div><div class=\"Rctrl\"><\/div><\/div><\/div><noscript><a href=\"https:\/\/youtu.be\/YNavwk7qk24\" rel=\"nofollow noopener\" target=\"_blank\"><img loading=\"lazy\" decoding=\"async\" src=\"https:\/\/www.markus-schall.de\/wp-content\/plugins\/wp-youtube-lyte\/lyteCache.php?origThumbUrl=https%3A%2F%2Fi.ytimg.com%2Fvi%2FYNavwk7qk24%2F0.jpg\" alt=\"YouTube video thumbnail\" width=\"640\" height=\"340\" \/><br \/>Watch this video on YouTube<\/a><\/noscript><\/div><\/div><div class=\"lL\" style=\"max-width:100%;width:640px;margin:5px;\"><\/div><br \/>\nBeyond the AI hype: Wo wir wirklich stehen und was uns erwartet | <a href=\"https:\/\/www.youtube.com\/@officially_omr\" target=\"_blank\" rel=\"nofollow noopener\">OMR<\/a><\/p>\n<p>Gleichzeitig wird deutlich, dass Europa im internationalen KI-Wettlauf vor allem bei Energie, Infrastruktur und Regulierung an Grenzen st\u00f6\u00dft. Der Vortrag liefert damit einen ungew\u00f6hnlich n\u00fcchternen Blick auf die aktuelle Lage der KI-Branche &#8211; ohne Panikmache, aber auch ohne die \u00fcbertriebene Euphorie vieler Marketing-Pr\u00e4sentationen.<\/p>\n<hr \/>\n<p>Interessant ist: Selbst dort, wo sich Menschen beruflich mit Software besch\u00e4ftigen, ist die Verunsicherung gro\u00df. Auf Konferenzen, in Gespr\u00e4chen, in Pausen h\u00f6rt man immer wieder dieselben S\u00e4tze: <em>\u201eDas geht alles so schnell\u201c<\/em>, <em>\u201eDa kommt man ja gar nicht mehr hinterher\u201c<\/em>, <em>\u201eEigentlich m\u00fcsste man sich damit besch\u00e4ftigen, aber\u2026\u201c<\/em>. Manche springen hektisch auf jeden Zug auf. Andere resignieren still und machen erst einmal gar nichts.<\/p>\n<p>Beides ist verst\u00e4ndlich. Denn das Tempo ist tats\u00e4chlich hoch. Und ja: Es gibt beeindruckende Entwicklungen. Aber die entscheidende Frage wird dabei erstaunlich selten gestellt: Brauche ich das wirklich &#8211; f\u00fcr meine Arbeit, meinen Alltag, meine Art zu denken?<\/p>\n<p>Stattdessen entsteht eine Art Dauerrauschen. Neue Tools, neue Oberfl\u00e4chen, neue Versprechen. Und wer versucht, alles im Blick zu behalten, merkt schnell: Das eigentliche Problem ist nicht fehlende Technik, sondern fehlende Orientierung. Fr\u00fcher fragte man sich:<\/p>\n<blockquote><p>Wie arbeite ich gut?<\/p><\/blockquote>\n<p>Heute fragen viele zuerst:<\/p>\n<blockquote><p>Welches Tool brauche ich?<\/p><\/blockquote>\n<p>Genau hier beginnt das Missverst\u00e4ndnis.<\/p>\n<p><img loading=\"lazy\" decoding=\"async\" class=\"alignnone wp-image-4404 size-large\" src=\"https:\/\/www.markus-schall.de\/wp-content\/uploads\/KI-ohne-Hype-Toolauswahl.jpg\" alt=\"Viele KI-Tools zur Auswahl\" width=\"1024\" height=\"683\" srcset=\"https:\/\/www.markus-schall.de\/wp-content\/uploads\/KI-ohne-Hype-Toolauswahl.jpg 1024w, https:\/\/www.markus-schall.de\/wp-content\/uploads\/KI-ohne-Hype-Toolauswahl-300x200.jpg 300w, https:\/\/www.markus-schall.de\/wp-content\/uploads\/KI-ohne-Hype-Toolauswahl-768x512.jpg 768w, https:\/\/www.markus-schall.de\/wp-content\/uploads\/KI-ohne-Hype-Toolauswahl-18x12.jpg 18w\" sizes=\"auto, (max-width: 1024px) 100vw, 1024px\" \/><\/p>\n<h2>Werkzeuge ersetzen keine Arbeitsweise &#8211; sie verst\u00e4rken sie nur<\/h2>\n<p>Ein Werkzeug ist nie neutral. Es verst\u00e4rkt das, was bereits da ist. Wer klar arbeitet, arbeitet mit einem guten Werkzeug klarer. Wer unstrukturiert arbeitet, wird mit leistungsf\u00e4higen Tools nur schneller unstrukturiert. Das war schon immer so. Ein leistungsf\u00e4higer Texteditor macht niemanden automatisch zu einem guten Autor. Eine professionelle Kamera ersetzt kein Gesp\u00fcr f\u00fcr Bildaufbau. Und eine Tabellenkalkulation f\u00fchrt nicht von selbst zu sauberen Entscheidungen. Werkzeuge sind Verst\u00e4rker, keine Heilsbringer.<\/p>\n<p>Bei KI ist das nicht anders &#8211; im Gegenteil. KI kann Denkfehler beschleunigen, Unsicherheiten kaschieren und fehlende Klarheit elegant \u00fcberdecken. Wer nicht wei\u00df, was er eigentlich will, bekommt zwar Antworten, aber keine Richtung. Wer seinen eigenen Prozess nicht kennt, verliert sich schnell im Ausprobieren.<\/p>\n<p>Dazu kommt ein weiterer Punkt, den viele untersch\u00e4tzen: Jedes neue Tool verlangt Aufmerksamkeit. Man muss es verstehen, einrichten, testen. Irgendetwas funktioniert nicht wie erwartet. Irgendetwas passt nicht ganz zum eigenen Ablauf. Dann beginnt das Anpassen, Umstellen, Nachjustieren. Das alles kostet Zeit &#8211; und vor allem Fokus.<\/p>\n<p>Fr\u00fcher war es selbstverst\u00e4ndlich, dass man sich zuerst eine Arbeitsweise erarbeitet hat. Man wusste, wie man denkt, plant, schreibt oder entscheidet. Die Werkzeuge wurden diesem Prozess untergeordnet. Heute l\u00e4uft es oft umgekehrt: Der Prozess wird dem Tool angepasst. Nicht, weil es besser ist &#8211; sondern weil es gerade da ist.<\/p>\n<p>Genau hier liegt der Kern des Problems. Nicht zu wenig KI, sondern zu wenig Klarheit dar\u00fcber, wie man eigentlich arbeiten will. KI kann dabei helfen, Gedanken zu strukturieren, Ideen zu pr\u00fcfen oder Texte zu verfeinern. Aber sie kann keine innere Ordnung ersetzen. Und sie kann auch keine Verantwortung abnehmen.<\/p>\n<p>Wer das akzeptiert, kommt automatisch zu einer ruhigeren Haltung. Dann muss man nicht jedes neue Werkzeug testen. Dann darf man Dinge bewusst liegen lassen. Dann wird aus technischer Hektik wieder ein Werkzeugkasten &#8211; mit wenigen, aber vertrauten Werkzeugen.<br \/>\nUnd genau deshalb brauche ich keine 20 KI-Tools. Nicht, weil sie schlecht w\u00e4ren. Sondern weil gute Arbeit selten aus Menge entsteht, sondern aus Passung.<\/p>\n<div class=\"lyte-wrapper\" style=\"width:640px;max-width:100%;margin:5px;\"><div class=\"lyMe\" id=\"WYL_2ObdIUfjdpA\"><div id=\"lyte_2ObdIUfjdpA\" data-src=\"https:\/\/www.markus-schall.de\/wp-content\/plugins\/wp-youtube-lyte\/lyteCache.php?origThumbUrl=%2F%2Fi.ytimg.com%2Fvi%2F2ObdIUfjdpA%2Fhqdefault.jpg\" class=\"pL\"><div class=\"tC\"><div class=\"tT\"><\/div><\/div><div class=\"play\"><\/div><div class=\"ctrl\"><div class=\"Lctrl\"><\/div><div class=\"Rctrl\"><\/div><\/div><\/div><noscript><a href=\"https:\/\/youtu.be\/2ObdIUfjdpA\" rel=\"nofollow noopener\" target=\"_blank\"><img loading=\"lazy\" decoding=\"async\" src=\"https:\/\/www.markus-schall.de\/wp-content\/plugins\/wp-youtube-lyte\/lyteCache.php?origThumbUrl=https%3A%2F%2Fi.ytimg.com%2Fvi%2F2ObdIUfjdpA%2F0.jpg\" alt=\"YouTube video thumbnail\" width=\"640\" height=\"340\" \/><br \/>Watch this video on YouTube<\/a><\/noscript><\/div><\/div><div class=\"lL\" style=\"max-width:100%;width:640px;margin:5px;\"><\/div><br \/>\nPodcast: KI und LLMs kritisch betrachtet mit Lucas Dohmen | <a href=\"https:\/\/www.youtube.com\/@EberhardWolff\/\" target=\"_blank\" rel=\"nofollow noopener\">Eberhard Wolff<\/a><\/p>\n<h2>Meine Realit\u00e4t: Wenige Werkzeuge, klarer Zweck<\/h2>\n<p>Wenn ich \u00fcber KI spreche, dann nicht aus einer theoretischen Perspektive heraus, sondern aus dem ganz normalen Arbeitsalltag. Ich sitze nicht den ganzen Tag da und teste neue Tools. Ich sammle auch keine Screenshots von Oberfl\u00e4chen, nur um sagen zu k\u00f6nnen, dass ich \u201ealles gesehen habe\u201c. Ich arbeite &#8211; und ich frage mich bei jedem Werkzeug ziemlich n\u00fcchtern:<\/p>\n<blockquote><p>Hilft mir das gerade oder h\u00e4lt es mich auf?<\/p><\/blockquote>\n<p>Tats\u00e4chlich nutze ich nur sehr wenige KI-Werkzeuge regelm\u00e4\u00dfig. Nicht aus Prinzip, sondern aus Erfahrung. Ein zentrales Werkzeug ist f\u00fcr mich ChatGPT. Nicht als Orakel, nicht als Ersatz f\u00fcr Denken, sondern als Sparringspartner. Ich nutze es, um Gedanken zu sortieren, Texte zu strukturieren, Gegenargumente zu pr\u00fcfen oder einen Schritt zur\u00fcckzutreten, wenn ich selbst zu tief im Thema stecke. Es ersetzt keine Entscheidung, aber es hilft, Entscheidungen klarer zu sehen.<\/p>\n<p>Dazu kommt eine Bild-KI aus dem Adobe-Umfeld. Nicht, weil sie \u201edie beste\u201c w\u00e4re oder weil sie alles kann, sondern weil sie gut in meinen bestehenden Arbeitsprozess passt. Referenzbilder, kontrollierbare Ergebnisse, eine Umgebung, die mir vertraut ist. Auch hier gilt: Ich erwarte keine Wunder. Ich erwarte Verl\u00e4sslichkeit. Wenn ein Werkzeug genau das liefert, reicht das oft vollkommen aus.<\/p>\n<h3>Lokale KI als unabh\u00e4ngige Option<\/h3>\n<p>Und dann gibt es noch das Thema lokale KI. Das ist f\u00fcr mich kein Dogma und kein Statussymbol. Es ist eine Option. Eine M\u00f6glichkeit, unabh\u00e4ngig zu arbeiten, Dinge auszuprobieren, ohne st\u00e4ndig \u00fcber Cloud-Dienste oder Gesch\u00e4ftsmodelle nachdenken zu m\u00fcssen. Aber auch hier gilt: Ich nutze es dort, wo es sinnvoll ist &#8211; nicht, weil es technisch reizvoll w\u00e4re.<\/p>\n<p>Was all diese Werkzeuge gemeinsam haben: Sie ordnen sich meiner Arbeitsweise unter. Nicht umgekehrt. Ich passe mein Denken nicht an ein Tool an. Ich passe das Tool an meine Art zu arbeiten an. Und genau deshalb brauche ich nicht viele davon. Ein Werkzeug, das ich gut kenne, ist mir lieber als f\u00fcnf, die theoretisch mehr k\u00f6nnen, praktisch aber st\u00e4ndig Aufmerksamkeit verlangen.<\/p>\n<h3>Auch im Unternehmen ist weniger KI manchmal die bessere Entscheidung<\/h3>\n<p><a href=\"https:\/\/www.markus-schall.de\/ki-beratung\/\"><img loading=\"lazy\" decoding=\"async\" class=\"alignright size-medium wp-image-6402\" src=\"https:\/\/www.markus-schall.de\/wp-content\/uploads\/KI-Beratung-Mittelstand-300x169.jpg\" alt=\"KI-Beratung, Unternehmensberatung,. ERP-Software, Magazin und Redaktion\" width=\"300\" height=\"169\" srcset=\"https:\/\/www.markus-schall.de\/wp-content\/uploads\/KI-Beratung-Mittelstand-300x169.jpg 300w, https:\/\/www.markus-schall.de\/wp-content\/uploads\/KI-Beratung-Mittelstand-1024x576.jpg 1024w, https:\/\/www.markus-schall.de\/wp-content\/uploads\/KI-Beratung-Mittelstand-768x432.jpg 768w, https:\/\/www.markus-schall.de\/wp-content\/uploads\/KI-Beratung-Mittelstand-18x10.jpg 18w, https:\/\/www.markus-schall.de\/wp-content\/uploads\/KI-Beratung-Mittelstand.jpg 1200w\" sizes=\"auto, (max-width: 300px) 100vw, 300px\" \/><\/a>Der Drang, m\u00f6glichst viele KI-Werkzeuge auszuprobieren, l\u00e4sst sich inzwischen auch in Unternehmen beobachten. F\u00fcr jede Aufgabe gibt es neue Plattformen, Agenten, Assistenten und Automatisierungsdienste. Doch zus\u00e4tzliche Technik schafft nicht automatisch zus\u00e4tzlichen Nutzen. H\u00e4ufig ist es sinnvoller, zun\u00e4chst wenige konkrete Probleme zu identifizieren und daf\u00fcr eine m\u00f6glichst einfache L\u00f6sung zu finden. Genau diesem Grundsatz folgt meine <a href=\"https:\/\/www.markus-schall.de\/ki-beratung\/\"><strong>KI-Beratung f\u00fcr mittelst\u00e4ndische Unternehmen<\/strong><\/a>.<\/p>\n<p>Statt mit einem bestimmten Anbieter oder einer m\u00f6glichst umfangreichen KI-Architektur zu beginnen, werden vorhandene Daten, Gesch\u00e4ftsprozesse und m\u00f6gliche Anwendungen betrachtet. Daraus entstehen drei priorisierte Einsatzfelder und eine begr\u00fcndete Empfehlung f\u00fcr den technischen Weg \u2013 von lokaler KI \u00fcber Cloudmodelle bis zur klassischen Automatisierung ohne Sprachmodell. Eine gute KI-Strategie zeigt deshalb nicht nur, was ein Unternehmen mit k\u00fcnstlicher Intelligenz machen k\u00f6nnte. Sie sollte ebenso deutlich sagen, was es besser nicht macht.<\/p>\n<h2>Warum ich bewusst auf vieles verzichte<\/h2>\n<p>Nat\u00fcrlich bekomme ich mit, was es alles gibt. Claude zum Beispiel gilt als extrem stark, gerade wenn es um Programmierung oder komplexe Analysen geht. Das mag alles stimmen. Und wahrscheinlich ist es auch ein sehr gutes Werkzeug. Aber ein Werkzeug ist nicht allein deshalb sinnvoll, weil es leistungsf\u00e4hig ist. Es muss in den eigenen Alltag passen.<\/p>\n<p>Zeit ist begrenzt. Aufmerksamkeit ist begrenzt. Und jede neue Software bringt eine Lernkurve mit sich &#8211; selbst dann, wenn sie gut gemacht ist. Ich muss mich einarbeiten, vergleichen, ausprobieren. Ich muss herausfinden, wo die St\u00e4rken liegen und wo die Grenzen sind. Das ist nichts Negatives, aber es ist ein Aufwand. Und dieser Aufwand steht nicht immer im Verh\u00e4ltnis zum Nutzen.<\/p>\n<p>\u00c4hnlich ist es bei vielen Video- und Bild-KI-Systemen. Die Ergebnisse sind teilweise beeindruckend, keine Frage. Man sieht Dinge, die vor wenigen Jahren undenkbar gewesen w\u00e4ren. Aber auch hier stelle ich mir eine einfache Frage: Brauche ich das f\u00fcr das, was ich gerade tue? In meinem Fall lautet die Antwort oft: nicht wirklich. Nicht, weil es schlecht w\u00e4re &#8211; sondern weil es nicht mein Schwerpunkt ist.<\/p>\n<p>Ich halte es f\u00fcr einen Fehler, sich zu weit aus dem Fenster zu lehnen und \u00fcber Dinge zu urteilen, die man selbst nicht intensiv nutzt. Deshalb sage ich ganz bewusst: Viele dieser Werkzeuge haben ihre Berechtigung. F\u00fcr andere Arbeitsweisen, andere Berufe, andere Ziele. Aber sie sind nicht automatisch sinnvoll f\u00fcr jeden.<\/p>\n<p>Fr\u00fcher war es normal, sich zu spezialisieren. Man konnte nicht alles gleichzeitig gut machen. Heute suggeriert die Tool-Landschaft, dass man alles gleichzeitig bedienen m\u00fcsse. Doch genau das f\u00fchrt dazu, dass viele zwar besch\u00e4ftigt sind, aber nicht wirklich vorankommen.<br \/>\nIch verzichte nicht aus Ablehnung. Ich verzichte aus Klarheit. Und diese Klarheit kommt nicht aus Technik, sondern aus Erfahrung. Aus dem Wissen, wie ich arbeite &#8211; und wie nicht. Alles andere ist letztlich nur L\u00e4rm.<\/p>\n<p><img loading=\"lazy\" decoding=\"async\" class=\"alignnone wp-image-4406 size-large\" src=\"https:\/\/www.markus-schall.de\/wp-content\/uploads\/KI-ohne-Hype-Ein-Werkzeug.jpg\" alt=\"Eins oder wenige Werkzeuge nutzen\" width=\"1024\" height=\"683\" srcset=\"https:\/\/www.markus-schall.de\/wp-content\/uploads\/KI-ohne-Hype-Ein-Werkzeug.jpg 1024w, https:\/\/www.markus-schall.de\/wp-content\/uploads\/KI-ohne-Hype-Ein-Werkzeug-300x200.jpg 300w, https:\/\/www.markus-schall.de\/wp-content\/uploads\/KI-ohne-Hype-Ein-Werkzeug-768x512.jpg 768w, https:\/\/www.markus-schall.de\/wp-content\/uploads\/KI-ohne-Hype-Ein-Werkzeug-18x12.jpg 18w\" sizes=\"auto, (max-width: 1024px) 100vw, 1024px\" \/><\/p>\n<h2>Die eigentliche Knappheit ist nicht Technik, sondern Fokus<\/h2>\n<p>Wenn man all die neuen KI-Werkzeuge betrachtet, k\u00f6nnte man meinen, das gr\u00f6\u00dfte Problem unserer Zeit sei ein Mangel an M\u00f6glichkeiten. Tats\u00e4chlich ist das Gegenteil der Fall. Wir haben mehr M\u00f6glichkeiten als je zuvor &#8211; und genau das ist das Problem.<\/p>\n<p>Zeit ist begrenzt. Aufmerksamkeit erst recht. Jeder neue Dienst, jedes neue Tool, jede neue Oberfl\u00e4che fordert ein kleines St\u00fcck davon ein. Man muss sich anmelden, sich orientieren, verstehen, ausprobieren. Selbst wenn alles gut gemacht ist, bleibt eines immer gleich: Der Kopf ist wieder woanders.<\/p>\n<p>Fr\u00fcher war Konzentration ein stiller Zustand. Man setzte sich an eine Aufgabe und arbeitete sie ab. Heute ist Konzentration etwas, das aktiv verteidigt werden muss. Gegen Benachrichtigungen, gegen Neuigkeiten &#8211; und eben auch gegen die permanente Verlockung, noch ein weiteres Werkzeug auszuprobieren, das angeblich alles einfacher machen soll.<\/p>\n<p>KI versch\u00e4rft dieses Problem, wenn man nicht aufpasst. Denn KI ist nicht nur ein Werkzeug, sie ist ein Versprechen. Sie suggeriert, dass man schneller, besser, effizienter arbeiten k\u00f6nnte &#8211; wenn man nur das richtige System nutzt. Doch dieses \u201ewenn\u201c wird selten eingel\u00f6st. Stattdessen entsteht ein Kreislauf aus Ausprobieren, Vergleichen und Verwerfen.<\/p>\n<p>Die Wahrheit ist unbequemer: Produktivit\u00e4t entsteht nicht durch maximale Tool-Nutzung, sondern durch minimale Reibung. Je weniger man \u00fcber Werkzeuge nachdenken muss, desto mehr Energie bleibt f\u00fcr Inhalte, Entscheidungen und echte Arbeit. Wer seinen Fokus st\u00e4ndig neu ausrichten muss, verliert ihn irgendwann ganz.<\/p>\n<p>Deshalb ist f\u00fcr mich die entscheidende Frage nicht: Was kann dieses Tool?<\/p>\n<p>Sondern: Was kostet es mich an Aufmerksamkeit?<\/p>\n<hr \/>\n<h3>Aktuelle Umfrage zur Nutzung lokaler KI<\/h3>\n<div class='bootstrap-yop yop-poll-mc'>\n\t\t\t\t\t\t\t<div class=\"basic-yop-poll-container\" style=\"background-color:#ffffff; border:0px; border-style:solid; border-color:#000000; border-radius:5px; padding:0px 5px;\" data-id=\"9\" data-temp=\"basic-pretty\" data-skin=\"square\" data-cscheme=\"blue\" data-cap=\"0\" data-access=\"guest\" data-tid=\"\" data-uid=\"a2cfbe94d76b73bb394e324ed0c76bc9\" data-pid=\"2436\" data-resdet=\"votes-number,percentages\" data-show-results-to=\"guest\" data-show-results-moment=\"after-vote\" data-show-results-only=\"false\" data-show-message=\"true\" data-show-results-as=\"bar\" data-sort-results-by=\"as-defined\" data-sort-results-rule=\"asc\"data-is-ended=\"0\" data-percentages-decimals=\"2\" data-gdpr=\"no\" data-gdpr-sol=\"consent\" data-css=\".basic-yop-poll-container[data-uid] .basic-vote {\n\t\t\t\t\t\t\t\t\ttext-align: center;\n\t\t\t\t\t\t\t\t}\" data-counter=\"0\" data-load-with=\"1\" data-notification-section=\"top\"><div class=\"row\"><div class=\"col-md-12\"><div class=\"basic-inner\"><div class=\"basic-message hide\" style=\"border-left: 10px solid #008000; padding: 0px 10px;\" data-error=\"#ff0000\" data-success=\"#008000\"><p class=\"basic-message-text\" style=\"color:#000000; font-size:14px; font-weight:normal;\"><\/p><\/div><div class=\"basic-overlay hide\"><div class=\"basic-vote-options\"><\/div><div class=\"basic-preloader\"><div class=\"basic-windows8\"><div class=\"basic-wBall basic-wBall_1\"><div class=\"basic-wInnerBall\"><\/div><\/div><div class=\"basic-wBall basic-wBall_2\"><div class=\"basic-wInnerBall\"><\/div><\/div><div class=\"basic-wBall basic-wBall_3\"><div class=\"basic-wInnerBall\"><\/div><\/div><div class=\"basic-wBall basic-wBall_4\"><div class=\"basic-wInnerBall\"><\/div><\/div><div class=\"basic-wBall basic-wBall_5\"><div class=\"basic-wInnerBall\"><\/div><\/div><\/div><\/div><\/div><form class=\"basic-form\"><input type=\"hidden\" name=\"_token\" value=\"5ec0774873\" autocomplete=\"off\"><div class=\"basic-elements\"><div class=\"basic-element basic-question basic-question-text-vertical\" data-id=\"9\" data-uid=\"114b9e44e39d2533af598b7d44415a97\" data-type=\"question\" data-question-type=\"text\" data-required=\"yes\" data-allow-multiple=\"no\" data-min=\"1\" data-max=\"7\" data-display=\"vertical\" data-colnum=\"\" data-display-others=\"no\" data-others-color=\"\" data-others=\"\" data-others-max-chars=\"0\"><div class=\"basic-question-title\"><h5 style=\"color:#000000; font-size:16px; font-weight:normal; text-align:left;\">Wie stehst Du zu lokal laufender KI-Software wie MLX oder Ollama?<\/h5><\/div><ul class=\"basic-answers\"><li class=\"basic-answer\" style=\"padding:0px 0px;\" data-id=\"45\" data-type=\"text\" data-vn=\"191\" data-color=\"#000000\" data-make-link=\"no\" data-link=\"\"><div class=\"basic-answer-content basic-text-vertical\"><label for=\"answer[45]\" class=\"basic-answer-label\"><input type=\"radio\" id=\"answer[45]\" name=\"answer[9]\" value=\"45\"><span class=\"basic-text\" style=\"color: #000000; font-size: 14px; font-weight: normal;\">Genial \u2013 endlich unabh\u00e4ngig von der Cloud<\/span><\/label><\/div><\/li><li class=\"basic-answer\" style=\"padding:0px 0px;\" data-id=\"46\" data-type=\"text\" data-vn=\"36\" data-color=\"#000000\" data-make-link=\"no\" data-link=\"\"><div class=\"basic-answer-content basic-text-vertical\"><label for=\"answer[46]\" class=\"basic-answer-label\"><input type=\"radio\" id=\"answer[46]\" name=\"answer[9]\" value=\"46\"><span class=\"basic-text\" style=\"color: #000000; font-size: 14px; font-weight: normal;\">Interessant, aber (noch) zu kompliziert<\/span><\/label><\/div><\/li><li class=\"basic-answer\" style=\"padding:0px 0px;\" data-id=\"47\" data-type=\"text\" data-vn=\"41\" data-color=\"#000000\" data-make-link=\"no\" data-link=\"\"><div class=\"basic-answer-content basic-text-vertical\"><label for=\"answer[47]\" class=\"basic-answer-label\"><input type=\"radio\" id=\"answer[47]\" name=\"answer[9]\" value=\"47\"><span class=\"basic-text\" style=\"color: #000000; font-size: 14px; font-weight: normal;\">Werde ich bald ausprobieren<\/span><\/label><\/div><\/li><li class=\"basic-answer\" style=\"padding:0px 0px;\" data-id=\"48\" data-type=\"text\" data-vn=\"6\" data-color=\"#000000\" data-make-link=\"no\" data-link=\"\"><div class=\"basic-answer-content basic-text-vertical\"><label for=\"answer[48]\" class=\"basic-answer-label\"><input type=\"radio\" id=\"answer[48]\" name=\"answer[9]\" value=\"48\"><span class=\"basic-text\" style=\"color: #000000; font-size: 14px; font-weight: normal;\">Brauche ich nicht \u2013 Cloud reicht mir<\/span><\/label><\/div><\/li><li class=\"basic-answer\" style=\"padding:0px 0px;\" data-id=\"49\" data-type=\"text\" data-vn=\"8\" data-color=\"#000000\" data-make-link=\"no\" data-link=\"\"><div class=\"basic-answer-content basic-text-vertical\"><label for=\"answer[49]\" class=\"basic-answer-label\"><input type=\"radio\" id=\"answer[49]\" name=\"answer[9]\" value=\"49\"><span class=\"basic-text\" style=\"color: #000000; font-size: 14px; font-weight: normal;\">Wei\u00df ich nicht genau, worum es da geht<\/span><\/label><\/div><\/li><\/ul><\/div><div class=\"clearfix\"><\/div><\/div><div class=\"basic-vote\"><a href=\"#\" class=\"button basic-vote-button\" role=\"button\" style=\"background:#027bb8; border:0px; border-style: solid; border-color:#000000; border-radius:5px; padding:10px 10px; color:#ffffff; font-size:14px; font-weight:normal;\">Abstimmen<\/a><\/div><\/form><\/div><\/div><\/div><\/div>\n\t\t\t\t\t\t<\/div>\n<hr \/>\n<h2>Lokale KI: Unabh\u00e4ngigkeit statt Dauerbeschallung<\/h2>\n<p>Lokale KI spielt in diesem Zusammenhang eine besondere Rolle. Nicht, weil sie \u201ebesser\u201c w\u00e4re als Cloud-L\u00f6sungen oder weil sie technisch \u00fcberlegen ist, sondern weil sie ein anderes Arbeiten erm\u00f6glicht. Ruhiger. Kontrollierter. Ohne st\u00e4ndiges Hintergrundrauschen.<\/p>\n<h3>Arbeiten ohne fremde Interessen<\/h3>\n<p>Wer mit lokaler KI arbeitet, merkt schnell einen Unterschied: Da ist kein Konto, das optimiert werden will. Keine Plattform, die Nutzungsdaten auswertet. Kein subtiler Druck, bestimmte Funktionen h\u00e4ufiger zu verwenden. Man startet ein Modell, arbeitet damit &#8211; und schaltet es wieder aus. Fertig.<\/p>\n<p>Das klingt banal, ist es aber nicht. Denn es ver\u00e4ndert das Gef\u00fchl beim Arbeiten. KI wird wieder zu dem, was sie eigentlich sein sollte: ein Werkzeug. Kein Service, kein \u00d6kosystem, kein Dauerangebot. Sondern etwas, das man bewusst einsetzt &#8211; oder eben nicht. Diese Haltung passt gut zu einer Arbeitsweise, die auf Klarheit und Selbstverantwortung setzt. Man entscheidet selbst, wann man Unterst\u00fctzung braucht. Und man entscheidet auch, wann nicht.<\/p>\n<h3>Lokale KI auf dem eigenen Rechner: Einstieg statt Dogma<\/h3>\n<p>Der Einstieg in lokale KI muss dabei kein Gro\u00dfprojekt sein. Wer neugierig ist, kann bereits mit \u00fcberschaubarem Aufwand erste Erfahrungen sammeln. Gerade auf dem Mac ist das inzwischen erstaunlich unkompliziert. In einem eigenen Artikel habe ich beschrieben, wie sich <a href=\"https:\/\/www.markus-schall.de\/2025\/08\/lokale-ki-auf-dem-mac-so-installieren-sie-ein-sprachmodell-mit-ollama\/\"><strong>Ollama lokal auf dem Mac installieren<\/strong><\/a> und nutzen l\u00e4sst &#8211; ohne tief in technische Details einzusteigen.<\/p>\n<p>Wichtig ist mir dabei: Das ist kein Aufruf, sofort alles umzustellen. Es ist eine Einladung, sich unabh\u00e4ngig auszuprobieren. Ohne Verpflichtung. Ohne Abo. Ohne Erwartungsdruck. Wer merkt, dass es zum eigenen Arbeiten passt, bleibt dabei. Wer nicht, hat zumindest Klarheit gewonnen.<\/p>\n<h3>Wenn man tiefer einsteigen will: Hardware bewusst w\u00e4hlen<\/h3>\n<p>F\u00fcr manche geht der Weg weiter. Wer regelm\u00e4\u00dfig mit lokalen Modellen arbeitet, gr\u00f6\u00dfere Kontexte verarbeitet oder einfach verstehen m\u00f6chte, was technisch m\u00f6glich ist, kommt irgendwann zur Hardware-Frage. Auch hier gilt: nicht alles auf einmal, nicht blind dem Hype folgen.<\/p>\n<p>In meinem Artikel <a href=\"https:\/\/www.markus-schall.de\/2025\/11\/ki-studio-2025-welche-hardware-wirklich-lohnt-vom-mac-studio-bis-zur-rtx-3090\/\"><strong>\u201eKI-Studio 2025 &#8211; welche Hardware wirklich lohnt\u201c<\/strong><\/a> habe ich genau das eingeordnet: Was ist sinnvoll, was ist \u00fcbertrieben, und f\u00fcr wen lohnt sich welcher Ansatz &#8211; vom Mac Studio bis zur dedizierten GPU. Nicht als Kaufempfehlung, sondern als Orientierungshilfe.<\/p>\n<p>Denn auch bei Hardware gilt derselbe Grundsatz wie bei Software: Mehr Leistung ersetzt keine klare Zielsetzung. Wer wei\u00df, wof\u00fcr er ein System nutzt, trifft bessere Entscheidungen &#8211; und spart am Ende Zeit, Geld und Nerven.<\/p>\n<p>Lokale KI ist kein Glaubensbekenntnis. Sie ist eine M\u00f6glichkeit, Arbeit wieder zu entkoppeln von Dauerl\u00e4rm und Fremdlogik. F\u00fcr manche ist das ein entscheidender Vorteil. F\u00fcr andere nicht. Beides ist in Ordnung. Wichtig ist nur, dass man bewusst entscheidet &#8211; statt sich treiben zu lassen.<\/p>\n<h2>F\u00fcr wen viele KI-Tools sinnvoll sein k\u00f6nnen<\/h2>\n<p>Bei all dem Gesagten ist eines wichtig: Das hier ist kein Pl\u00e4doyer gegen Vielfalt. Es ist auch keine Abwertung all jener, die mit vielen KI-Werkzeugen arbeiten. Im Gegenteil. Es gibt Arbeitsweisen und Berufe, f\u00fcr die ein breites Tool-Set nicht nur sinnvoll, sondern notwendig ist.<\/p>\n<p>Wer entwickelt, programmiert, audiovisuelle Inhalte in hoher Taktung produziert oder in Agenturstrukturen arbeitet, hat andere Anforderungen als jemand, der schreibt, konzipiert oder strategisch denkt. In solchen Kontexten k\u00f6nnen spezialisierte KI-Tools echte Produktivit\u00e4tsgewinne bringen. Dort lohnt sich Einarbeitung. Dort amortisiert sich Komplexit\u00e4t.<\/p>\n<p>Auch Neugier ist kein Fehler. Dinge auszuprobieren geh\u00f6rt dazu &#8211; gerade in einer Phase, in der sich Technologien so schnell entwickeln. Wer Spa\u00df daran hat, neue Systeme zu testen, wird dadurch nicht automatisch oberfl\u00e4chlich. Entscheidend ist nur, warum man es tut.<\/p>\n<p>Problematisch wird es erst dann, wenn Vielfalt zum Selbstzweck wird. Wenn man Tools sammelt, ohne sie wirklich zu nutzen. Wenn man mehr Zeit damit verbringt, Arbeitsweisen zu vergleichen, als tats\u00e4chlich zu arbeiten. Oder wenn man das Gef\u00fchl hat, st\u00e4ndig hinterherzulaufen &#8211; obwohl man objektiv l\u00e4ngst gut aufgestellt ist.<\/p>\n<p>Deshalb geht es nicht um richtig oder falsch, sondern um Passung. Um die ehrliche Frage: Hilft mir das gerade? Nicht theoretisch. Nicht irgendwann. Sondern jetzt, in meinem Alltag.<\/p>\n<p>Wer diese Frage ernst nimmt, trifft oft \u00fcberraschend klare Entscheidungen.<\/p>\n<p><img loading=\"lazy\" decoding=\"async\" class=\"alignnone wp-image-4405 size-large\" src=\"https:\/\/www.markus-schall.de\/wp-content\/uploads\/KI-ohne-Hype-Toolvielfalt.jpg\" alt=\"Viele KI-Tools nutzen bei Bedarf\" width=\"1024\" height=\"683\" srcset=\"https:\/\/www.markus-schall.de\/wp-content\/uploads\/KI-ohne-Hype-Toolvielfalt.jpg 1024w, https:\/\/www.markus-schall.de\/wp-content\/uploads\/KI-ohne-Hype-Toolvielfalt-300x200.jpg 300w, https:\/\/www.markus-schall.de\/wp-content\/uploads\/KI-ohne-Hype-Toolvielfalt-768x512.jpg 768w, https:\/\/www.markus-schall.de\/wp-content\/uploads\/KI-ohne-Hype-Toolvielfalt-18x12.jpg 18w\" sizes=\"auto, (max-width: 1024px) 100vw, 1024px\" \/><\/p>\n<h2>Weniger Werkzeuge, mehr Ruhe &#8211; und trotzdem offen bleiben<\/h2>\n<p>Am Ende l\u00e4uft alles auf einen einfachen Gedanken hinaus: Offenheit und Zur\u00fcckhaltung schlie\u00dfen sich nicht aus. Man kann neugierig bleiben, ohne jedem Trend hinterherzulaufen. Man kann neue Werkzeuge ernst nehmen, ohne sie sofort zu \u00fcbernehmen. Und man darf sich bewusst dagegen entscheiden, etwas zu nutzen &#8211; ohne sich rechtfertigen zu m\u00fcssen.<\/p>\n<p>KI wird bleiben. Sie wird besser werden, allgegenw\u00e4rtiger, selbstverst\u00e4ndlicher. Genau deshalb lohnt es sich, fr\u00fch eine eigene Haltung zu entwickeln. Nicht in Abwehr, sondern in Klarheit. Wer wei\u00df, wie er arbeitet, wird neue Werkzeuge leichter einordnen k\u00f6nnen. Wer seinen Fokus kennt, verliert ihn nicht so schnell.<\/p>\n<p>Vielleicht brauchen wir also gar nicht st\u00e4ndig neue Tools. Vielleicht reicht es, die vorhandenen besser zu verstehen. Tiefer zu nutzen. Ruhiger einzusetzen. Gute Arbeit ist selten das Ergebnis maximaler Ausstattung. Sie entsteht dort, wo Denken, Erfahrung und Werkzeug sinnvoll zusammenspielen.<\/p>\n<p>Offen bleiben &#8211; ja. Sich verzetteln &#8211; nein.<\/p>\n<p>Und vielleicht ist genau das der eigentliche Fortschritt: nicht alles zu k\u00f6nnen, sondern zu wissen, was man wirklich braucht.<\/p>\n<h3>Einladung zum Mitmachen: Wie nutzt Du KI im Alltag?<\/h3>\n<p>K\u00fcnstliche Intelligenz wird von jedem anders genutzt &#8211; und genau das macht das Thema spannend. Manche arbeiten mit wenigen, gut vertrauten Werkzeugen, andere setzen bewusst auf viele spezialisierte KI-Tools. Beides kann sinnvoll sein, je nach Arbeitsweise, Beruf und pers\u00f6nlichem Fokus. Wenn Du magst, teile gerne in den <a href=\"https:\/\/www.markus-schall.de\/2026\/01\/kuenstliche-intelligenz-ohne-hype-warum-weniger-ki-tools-oft-bessere-arbeit-bedeuten\/#respond\"><strong>Kommentaren<\/strong><\/a>, wie Du KI einsetzt: Nutzt Du viele Tools oder ganz bewusst nur wenige? Was hat sich f\u00fcr Dich bew\u00e4hrt &#8211; und was eher nicht? Der Austausch unterschiedlicher Perspektiven hilft oft mehr als jede Tool-Empfehlung.<\/p>\n<hr \/>\n\n\t\t\t<div class=\"display-post-types\">\n\n\t\t\t\t\t\t\t<style type=\"text\/css\">\n\t\t\t#dpt-wrapper-837 { --dpt-text-align: left;--dpt-image-crop: center;--dpt-border-radius: 5px;--dpt-h-gutter: 10px;--dpt-v-gutter: 9px; }\t\t\t<\/style>\n\t\t\t<style type=\"text\/css\">#dpt-wrapper-837 { --dpt-title-font-style:normal;--dpt-title-font-weight:600;--dpt-title-line-height:1.5;--dpt-title-text-decoration:none;--dpt-title-text-transform:none;--dpt-excerpt-font-style:normal;--dpt-excerpt-font-weight:400;--dpt-excerpt-line-height:1.5;--dpt-excerpt-text-decoration:none;--dpt-excerpt-text-transform:none;--dpt-meta1-font-style:normal;--dpt-meta1-font-weight:400;--dpt-meta1-line-height:1.9;--dpt-meta1-text-decoration:none;--dpt-meta1-text-transform:none;--dpt-meta2-font-style:normal;--dpt-meta2-font-weight:400;--dpt-meta2-line-height:1.9;--dpt-meta2-text-decoration:none;--dpt-meta2-text-transform:none; }<\/style><div class=\" dpt-main-header\">\n\t\t\t\t\t\t<div class=\"dpt-main-title\">\n\t\t\t\t\t\t\t<span class=\"dpt-main-title-text\">Gesellschaftsthemen der Gegenwart<\/span>\n\t\t\t\t\t\t<\/div>\n\t\t\t\t\t\t\n\t\t\t\t\t\t\n\t\t\t\t\t\t\n\t\t\t\t\t\t<\/div>\t\t\t\n\t\t\t\t<div id=\"dpt-wrapper-837\" class=\"dpt-wrapper dpt-mag1 land1 dpt-cropped dpt-flex-wrap\" >\n\n\t\t\t\t\t\t\t\t\t\t\t<div class=\"dpt-entry has-thumbnail\" data-title=\"wie tiere zeit wahrnehmen &#8211; und was das f\u00fcr die zukunft der ki bedeutet\" data-id=\"4918\"  data-category=\"allgemein gesellschaft ki-systeme\" data-post_tag=\"denkmodelle erfahrungen k\u00fcnstliche intelligenz llm portrait prozesse sprachmodell\">\n\t\t\t\t\t\t\t<div class=\"dpt-entry-wrapper\"><div class=\" dpt-featured-content\"><div class=\" dpt-permalink\"><a href=\"https:\/\/www.markus-schall.de\/cs\/2026\/02\/wie-tiere-zeit-wahrnehmen-und-was-das-fuer-die-zukunft-der-ki-bedeutet\/\" class=\"dpt-permalink\"><span class=\"screen-reader-text\">Wie Tiere Zeit wahrnehmen &#8211; und was das f\u00fcr die Zukunft der KI bedeutet<\/span><\/a><\/div><div class=\" dpt-thumbnail\"><div class=\"dpt-thumbnail-inner\"><img width=\"1024\" height=\"683\" class=\"attachment-full size-full\" alt=\"Tiere, KI und Zeitwahrnehmung\" context=\"dpt\" data-dpt-src=\"https:\/\/www.markus-schall.de\/wp-content\/uploads\/Tiere-KI-Zeitwahrnehmung.jpg\" data-dpt-sizes=\"(max-width: 1024px) 100vw, 1024px\" data-dpt-srcset=\"https:\/\/www.markus-schall.de\/wp-content\/uploads\/Tiere-KI-Zeitwahrnehmung.jpg 1024w, https:\/\/www.markus-schall.de\/wp-content\/uploads\/Tiere-KI-Zeitwahrnehmung-300x200.jpg 300w, https:\/\/www.markus-schall.de\/wp-content\/uploads\/Tiere-KI-Zeitwahrnehmung-768x512.jpg 768w, https:\/\/www.markus-schall.de\/wp-content\/uploads\/Tiere-KI-Zeitwahrnehmung-18x12.jpg 18w\" \/><\/div><span class=\"dpt-thumbnail-aspect-ratio\" style=\"padding-top: 75%\"><\/span><\/div><\/div><div class=\" sub-entry\"><h3 class=\" dpt-title\"><a class=\"dpt-title-link\" href=\"https:\/\/www.markus-schall.de\/cs\/2026\/02\/wie-tiere-zeit-wahrnehmen-und-was-das-fuer-die-zukunft-der-ki-bedeutet\/\" rel=\"bookmark\">Wie Tiere Zeit wahrnehmen &#8211; und was das f\u00fcr die Zukunft der KI bedeutet<\/a><\/h3><\/div><\/div>\n\t\t\t\t\t\t<\/div><!-- .dpt-entry -->\n\t\t\t\t\t\t\t\t\t\t\t\t<div class=\"dpt-entry has-thumbnail\" data-title=\"stress ist keine naturgewalt &#8211; wie man sich freir\u00e4ume zur\u00fcckholt, schritt f\u00fcr schritt\" data-id=\"3152\"  data-category=\"allgemein gesellschaft gesundheit tipps &amp; anleitungen\" data-post_tag=\"cmd erfahrungen gesundheit krisen pers\u00f6nlichkeitsentwicklung prozesse ratgeber\">\n\t\t\t\t\t\t\t<div class=\"dpt-entry-wrapper\"><div class=\" dpt-featured-content\"><div class=\" dpt-permalink\"><a href=\"https:\/\/www.markus-schall.de\/cs\/2025\/10\/stress-ist-keine-naturgewalt-wie-man-sich-freiraeume-zurueckholt-schritt-fuer-schritt\/\" class=\"dpt-permalink\"><span class=\"screen-reader-text\">Stress ist keine Naturgewalt &#8211; Wie man sich Freir\u00e4ume zur\u00fcckholt, Schritt f\u00fcr Schritt<\/span><\/a><\/div><div class=\" dpt-thumbnail\"><div class=\"dpt-thumbnail-inner\"><img width=\"1024\" height=\"683\" class=\"attachment-full size-full\" alt=\"Stress ist keine Naturgewalt\" context=\"dpt\" data-dpt-src=\"https:\/\/www.markus-schall.de\/wp-content\/uploads\/stress-naturgewalt-titel.jpg\" data-dpt-sizes=\"(max-width: 1024px) 100vw, 1024px\" data-dpt-srcset=\"https:\/\/www.markus-schall.de\/wp-content\/uploads\/stress-naturgewalt-titel.jpg 1024w, https:\/\/www.markus-schall.de\/wp-content\/uploads\/stress-naturgewalt-titel-300x200.jpg 300w, https:\/\/www.markus-schall.de\/wp-content\/uploads\/stress-naturgewalt-titel-768x512.jpg 768w, https:\/\/www.markus-schall.de\/wp-content\/uploads\/stress-naturgewalt-titel-18x12.jpg 18w\" \/><\/div><span class=\"dpt-thumbnail-aspect-ratio\" style=\"padding-top: 75%\"><\/span><\/div><\/div><div class=\" sub-entry\"><h3 class=\" dpt-title\"><a class=\"dpt-title-link\" href=\"https:\/\/www.markus-schall.de\/cs\/2025\/10\/stress-ist-keine-naturgewalt-wie-man-sich-freiraeume-zurueckholt-schritt-fuer-schritt\/\" rel=\"bookmark\">Stress ist keine Naturgewalt &#8211; Wie man sich Freir\u00e4ume zur\u00fcckholt, Schritt f\u00fcr Schritt<\/a><\/h3><\/div><\/div>\n\t\t\t\t\t\t<\/div><!-- .dpt-entry -->\n\t\t\t\t\t\t\t\t\t\t\t\t<div class=\"dpt-entry has-thumbnail\" data-title=\"woher stammt sars-cov-2? ein sachlicher \u00dcberblick \u00fcber alle corona-theorien\" data-id=\"3521\"  data-category=\"allgemein gesellschaft gesundheit\" data-post_tag=\"deutschland gesundheit krisen sicherheitspolitik\">\n\t\t\t\t\t\t\t<div class=\"dpt-entry-wrapper\"><div class=\" dpt-featured-content\"><div class=\" dpt-permalink\"><a href=\"https:\/\/www.markus-schall.de\/cs\/2025\/11\/woher-stammt-sars-cov-2-ein-sachlicher-ueberblick-ueber-alle-corona-theorien\/\" class=\"dpt-permalink\"><span class=\"screen-reader-text\">Woher stammt SARS-CoV-2? Ein sachlicher \u00dcberblick \u00fcber alle Corona-Theorien<\/span><\/a><\/div><div class=\" dpt-thumbnail\"><div class=\"dpt-thumbnail-inner\"><img width=\"1024\" height=\"728\" class=\"attachment-full size-full\" alt=\"SARS-CoV-2 - Corona\" context=\"dpt\" data-dpt-src=\"https:\/\/www.markus-schall.de\/wp-content\/uploads\/sars-covii-corona.jpg\" data-dpt-sizes=\"(max-width: 1024px) 100vw, 1024px\" data-dpt-srcset=\"https:\/\/www.markus-schall.de\/wp-content\/uploads\/sars-covii-corona.jpg 1024w, https:\/\/www.markus-schall.de\/wp-content\/uploads\/sars-covii-corona-300x213.jpg 300w, https:\/\/www.markus-schall.de\/wp-content\/uploads\/sars-covii-corona-768x546.jpg 768w, https:\/\/www.markus-schall.de\/wp-content\/uploads\/sars-covii-corona-18x12.jpg 18w\" \/><\/div><span class=\"dpt-thumbnail-aspect-ratio\" style=\"padding-top: 75%\"><\/span><\/div><\/div><div class=\" sub-entry\"><h3 class=\" dpt-title\"><a class=\"dpt-title-link\" href=\"https:\/\/www.markus-schall.de\/cs\/2025\/11\/woher-stammt-sars-cov-2-ein-sachlicher-ueberblick-ueber-alle-corona-theorien\/\" rel=\"bookmark\">Woher stammt SARS-CoV-2? Ein sachlicher \u00dcberblick \u00fcber alle Corona-Theorien<\/a><\/h3><\/div><\/div>\n\t\t\t\t\t\t<\/div><!-- .dpt-entry -->\n\t\t\t\t\t\t\t\t\t\t\t\t<div class=\"dpt-entry has-thumbnail\" data-title=\"russland, nato und die angst vor dem krieg: was sich belegen l\u00e4sst &#8211; und was nicht\" data-id=\"4801\"  data-category=\"allgemein gesellschaft\" data-post_tag=\"deutschland energiepolitik eu-gesetze europa geopolitik krisen meinungsfreiheit sicherheitspolitik\">\n\t\t\t\t\t\t\t<div class=\"dpt-entry-wrapper\"><div class=\" dpt-featured-content\"><div class=\" dpt-permalink\"><a href=\"https:\/\/www.markus-schall.de\/cs\/2026\/02\/russland-nato-und-die-angst-vor-dem-krieg-was-sich-belegen-laesst-und-was-nicht\/\" class=\"dpt-permalink\"><span class=\"screen-reader-text\">Russland, NATO und die Angst vor dem Krieg: Was sich belegen l\u00e4sst &#8211; und was nicht<\/span><\/a><\/div><div class=\" dpt-thumbnail\"><div class=\"dpt-thumbnail-inner\"><img width=\"1024\" height=\"683\" class=\"attachment-full size-full\" alt=\"NATO, Russland und die Angst vor einem Krieg\" context=\"dpt\" data-dpt-src=\"https:\/\/www.markus-schall.de\/wp-content\/uploads\/NATO-Russland.jpg\" data-dpt-sizes=\"(max-width: 1024px) 100vw, 1024px\" data-dpt-srcset=\"https:\/\/www.markus-schall.de\/wp-content\/uploads\/NATO-Russland.jpg 1024w, https:\/\/www.markus-schall.de\/wp-content\/uploads\/NATO-Russland-300x200.jpg 300w, https:\/\/www.markus-schall.de\/wp-content\/uploads\/NATO-Russland-768x512.jpg 768w, https:\/\/www.markus-schall.de\/wp-content\/uploads\/NATO-Russland-18x12.jpg 18w\" \/><\/div><span class=\"dpt-thumbnail-aspect-ratio\" style=\"padding-top: 75%\"><\/span><\/div><\/div><div class=\" sub-entry\"><h3 class=\" dpt-title\"><a class=\"dpt-title-link\" href=\"https:\/\/www.markus-schall.de\/cs\/2026\/02\/russland-nato-und-die-angst-vor-dem-krieg-was-sich-belegen-laesst-und-was-nicht\/\" rel=\"bookmark\">Russland, NATO und die Angst vor dem Krieg: Was sich belegen l\u00e4sst &#8211; und was nicht<\/a><\/h3><\/div><\/div>\n\t\t\t\t\t\t<\/div><!-- .dpt-entry -->\n\t\t\t\t\t\t\n\t\t\t\t<\/div>\n\t\t\t\t\t\t<\/div>\n\t\t\t\n<hr \/>\n<h2>H\u00e4ufig gestellte Fragen<\/h2>\n<ol>\n<li><strong>Brauche ich wirklich keine vielen KI-Tools, um heute produktiv zu arbeiten?<\/strong><br \/>\nNein. Produktivit\u00e4t entsteht nicht durch die Anzahl der eingesetzten Werkzeuge, sondern durch Klarheit im eigenen Arbeiten. Viele Menschen arbeiten seit Jahren erfolgreich mit wenigen, gut verstandenen Tools. KI kann diese Arbeitsweise unterst\u00fctzen &#8211; sie ersetzt sie aber nicht. Wer versucht, jedes neue Tool zu integrieren, verliert oft mehr Zeit, als er gewinnt.<\/li>\n<li><strong>Verpasse ich etwas, wenn ich nicht jeden KI-Trend mitmache?<\/strong><br \/>\nIn der Regel nicht. Trends erzeugen vor allem Aufmerksamkeit und Druck. Der tats\u00e4chliche Nutzen zeigt sich oft erst sp\u00e4ter &#8211; und meist nur bei bestimmten Anwendungsf\u00e4llen. Wer ruhig beobachtet und erst dann handelt, wenn ein Werkzeug wirklich passt, trifft langfristig oft die besseren Entscheidungen.<\/li>\n<li><strong>Warum f\u00fchlt sich das Thema KI f\u00fcr viele so stressig an?<\/strong><br \/>\nWeil es nicht nur um Technik geht, sondern um das Gef\u00fchl, mithalten zu m\u00fcssen. St\u00e4ndig neue Begriffe, neue Tools und neue Versprechen erzeugen Unruhe. Der Stress entsteht weniger durch KI selbst, sondern durch die Erwartung, sofort reagieren zu m\u00fcssen. Diese Erwartung ist meist unbegr\u00fcndet.<\/li>\n<li><strong>Kann KI meine Arbeitsweise verbessern, auch wenn ich kein Technikprofi bin?<\/strong><br \/>\nJa &#8211; wenn KI als Unterst\u00fctzung genutzt wird, nicht als Ersatz f\u00fcr Denken. Gerade f\u00fcr Struktur, Texte, Planung oder Reflexion kann KI sehr hilfreich sein. Entscheidend ist, dass man sie bewusst einsetzt und nicht erwartet, dass sie automatisch bessere Ergebnisse liefert.<\/li>\n<li><strong>Warum ist es problematisch, seine Arbeitsweise an Tools anzupassen?<\/strong><br \/>\nWeil Werkzeuge kommen und gehen, eine gute Arbeitsweise aber bleibt. Wer seinen Prozess st\u00e4ndig umstellt, verliert Orientierung. Besser ist es, zuerst zu wissen, wie man arbeitet &#8211; und dann gezielt Werkzeuge zu w\u00e4hlen, die diesen Prozess unterst\u00fctzen.<\/li>\n<li><strong>Ist es nicht sinnvoll, m\u00f6glichst viele KI-Tools auszuprobieren, um den \u00dcberblick zu behalten?<\/strong><br \/>\nNeugier ist sinnvoll, Dauer-Testen selten. Ein grober \u00dcberblick reicht meist aus. Tiefe entsteht nicht durch Ausprobieren, sondern durch Nutzung. Wer ein Werkzeug wirklich in den Alltag integriert, gewinnt mehr als jemand, der zehn Tools oberfl\u00e4chlich kennt.<\/li>\n<li><strong>Warum spielt Fokus im Zusammenhang mit KI eine so gro\u00dfe Rolle?<\/strong><br \/>\nWeil KI Aufmerksamkeit bindet. Jedes neue Tool bringt neue Optionen, Einstellungen und M\u00f6glichkeiten mit sich. Ohne klaren Fokus wird KI schnell zur Ablenkung. Gute Arbeit entsteht dort, wo m\u00f6glichst wenig Reibung herrscht &#8211; nicht dort, wo st\u00e4ndig umgeschaltet wird.<\/li>\n<li><strong>Ist lokale KI wirklich sinnvoll oder nur ein Technik-Spielzeug?<\/strong><br \/>\nLokale KI kann sinnvoll sein, wenn Unabh\u00e4ngigkeit, Ruhe und Kontrolle wichtig sind. Sie ist kein Muss, aber eine Alternative. Wer ohne Cloud-Zwang arbeiten m\u00f6chte oder Daten bewusst lokal halten will, findet darin einen echten Mehrwert.<\/li>\n<li><strong>Muss ich mich technisch tief einarbeiten, um lokale KI zu nutzen?<\/strong><br \/>\nNein. Der Einstieg kann sehr einfach sein. Es geht nicht darum, alles zu verstehen, sondern das Werkzeug sinnvoll zu nutzen. Wer merkt, dass lokale KI zum eigenen Arbeiten passt, kann sich sp\u00e4ter immer noch vertiefen.<\/li>\n<li><strong>Warum wird im Artikel bewusst auf Tool-Empfehlungslisten verzichtet?<\/strong><br \/>\nWeil solche Listen selten helfen. Sie suggerieren Objektivit\u00e4t, obwohl jedes Werkzeug nur im Kontext sinnvoll ist. Was f\u00fcr den einen perfekt funktioniert, ist f\u00fcr den anderen \u00fcberfl\u00fcssig. Der Artikel setzt deshalb auf Haltung statt auf Empfehlungen.<\/li>\n<li><strong>Ist es nicht riskant, sich auf nur wenige Tools zu verlassen?<\/strong><br \/>\nNein, solange diese Tools stabil sind und zur eigenen Arbeit passen. Wenige, vertraute Werkzeuge reduzieren Komplexit\u00e4t und Fehlerquellen. Flexibilit\u00e4t entsteht nicht durch Menge, sondern durch Verst\u00e4ndnis.<\/li>\n<li><strong>F\u00fcr wen sind viele spezialisierte KI-Tools trotzdem sinnvoll?<\/strong><br \/>\nF\u00fcr Entwickler, Agenturen, Kreative mit hohem Output oder sehr speziellen Anforderungen. Dort rechnet sich der Aufwand f\u00fcr Einarbeitung und Pflege. Der Artikel richtet sich jedoch an Menschen, die fokussiert arbeiten wollen &#8211; nicht an Tool-Sammler.<\/li>\n<li><strong>Warum f\u00e4llt es vielen schwer, bewusst auf Tools zu verzichten?<\/strong><br \/>\nWeil Verzicht heute oft als R\u00fcckschritt wahrgenommen wird. Dabei ist bewusste Auswahl ein Zeichen von Reife. Nicht alles, was m\u00f6glich ist, ist sinnvoll &#8211; und nicht alles, was neu ist, bringt echten Fortschritt.<\/li>\n<li><strong>Kann KI auch Denkfaulheit f\u00f6rdern?<\/strong><br \/>\nJa, wenn man sie unreflektiert nutzt. Wer KI Antworten liefern l\u00e4sst, ohne selbst zu pr\u00fcfen oder zu denken, verliert langfristig an Tiefe. KI ist am wertvollsten dort, wo sie Denken unterst\u00fctzt, nicht ersetzt.<\/li>\n<li><strong>Wie finde ich heraus, welche KI-Werkzeuge f\u00fcr mich sinnvoll sind?<\/strong><br \/>\nIndem man vom eigenen Alltag ausgeht. Welche Aufgaben kosten Zeit? Wo fehlt Struktur? Wo wiederholt sich Arbeit? Erst danach lohnt sich die Suche nach einem Werkzeug. Nicht umgekehrt.<\/li>\n<li><strong>Ist es problematisch, wenn ich bisher noch gar nichts mit KI gemacht habe?<\/strong><br \/>\nNein. KI ist kein Pflichtprogramm. Wer heute einsteigt, ist nicht zu sp\u00e4t. Vieles ist noch im Fluss. Ein ruhiger Einstieg mit klarer Zielsetzung ist oft besser als hektisches Nachholen.<\/li>\n<li><strong>Was bedeutet \u201eein eigenes \u00d6kosystem\u201c im Zusammenhang mit KI?<\/strong><br \/>\nEin eigenes \u00d6kosystem besteht aus Werkzeugen, Inhalten und Systemen, die zusammenpassen: Software, Wissen, Prozesse. KI ist darin ein Baustein &#8211; nicht das Zentrum. Ziel ist Unabh\u00e4ngigkeit und Koh\u00e4renz, nicht maximale Automatisierung.<\/li>\n<li><strong>Was ist die wichtigste Botschaft des Artikels in einem Satz?<\/strong><br \/>\nDu brauchst nicht mehr KI &#8211; sondern mehr Klarheit dar\u00fcber, wie Du arbeiten willst.<\/li>\n<\/ol>\n<hr \/>\n\n\t\t\t<div class=\"display-post-types\">\n\n\t\t\t\t\t\t\t<style type=\"text\/css\">\n\t\t\t#dpt-wrapper-838 { --dpt-text-align: left;--dpt-image-crop: center;--dpt-border-radius: 5px;--dpt-h-gutter: 10px;--dpt-v-gutter: 9px; }\t\t\t<\/style>\n\t\t\t<style type=\"text\/css\">#dpt-wrapper-838 { --dpt-title-font-style:normal;--dpt-title-font-weight:600;--dpt-title-line-height:1.5;--dpt-title-text-decoration:none;--dpt-title-text-transform:none;--dpt-excerpt-font-style:normal;--dpt-excerpt-font-weight:400;--dpt-excerpt-line-height:1.5;--dpt-excerpt-text-decoration:none;--dpt-excerpt-text-transform:none;--dpt-meta1-font-style:normal;--dpt-meta1-font-weight:400;--dpt-meta1-line-height:1.9;--dpt-meta1-text-decoration:none;--dpt-meta1-text-transform:none;--dpt-meta2-font-style:normal;--dpt-meta2-font-weight:400;--dpt-meta2-line-height:1.9;--dpt-meta2-text-decoration:none;--dpt-meta2-text-transform:none; }<\/style><div class=\" dpt-main-header\">\n\t\t\t\t\t\t<div class=\"dpt-main-title\">\n\t\t\t\t\t\t\t<span class=\"dpt-main-title-text\">Aktuelle Beitr\u00e4ge zu Kunst &amp; Kultur<\/span>\n\t\t\t\t\t\t<\/div>\n\t\t\t\t\t\t\n\t\t\t\t\t\t\n\t\t\t\t\t\t\n\t\t\t\t\t\t<\/div>\t\t\t\n\t\t\t\t<div id=\"dpt-wrapper-838\" class=\"dpt-wrapper dpt-mag1 land1 dpt-cropped dpt-flex-wrap\" >\n\n\t\t\t\t\t\t\t\t\t\t\t<div class=\"dpt-entry has-thumbnail\" data-title=\"beruf, weltbild, zukunft: entscheidungen im schatten des umbruchs\" data-id=\"3197\"  data-category=\"allgemein gesellschaft kunst &amp; kultur tipps &amp; anleitungen\" data-post_tag=\"erfahrungen krisen pers\u00f6nlichkeitsentwicklung ratgeber\">\n\t\t\t\t\t\t\t<div class=\"dpt-entry-wrapper\"><div class=\" dpt-featured-content\"><div class=\" dpt-permalink\"><a href=\"https:\/\/www.markus-schall.de\/cs\/2025\/10\/beruf-weltbild-zukunft-entscheidungen-im-schatten-des-umbruchs\/\" class=\"dpt-permalink\"><span class=\"screen-reader-text\">Beruf, Weltbild, Zukunft: Entscheidungen im Schatten des Umbruchs<\/span><\/a><\/div><div class=\" dpt-thumbnail\"><div class=\"dpt-thumbnail-inner\"><img width=\"1024\" height=\"683\" class=\"attachment-full size-full\" alt=\"Entscheidungen im Schatten des Umbruchs\" context=\"dpt\" data-dpt-src=\"https:\/\/www.markus-schall.de\/wp-content\/uploads\/Entscheidungen-im-Schatten-Umbruch.jpg\" data-dpt-sizes=\"(max-width: 1024px) 100vw, 1024px\" data-dpt-srcset=\"https:\/\/www.markus-schall.de\/wp-content\/uploads\/Entscheidungen-im-Schatten-Umbruch.jpg 1024w, https:\/\/www.markus-schall.de\/wp-content\/uploads\/Entscheidungen-im-Schatten-Umbruch-300x200.jpg 300w, https:\/\/www.markus-schall.de\/wp-content\/uploads\/Entscheidungen-im-Schatten-Umbruch-768x512.jpg 768w, https:\/\/www.markus-schall.de\/wp-content\/uploads\/Entscheidungen-im-Schatten-Umbruch-18x12.jpg 18w\" \/><\/div><span class=\"dpt-thumbnail-aspect-ratio\" style=\"padding-top: 75%\"><\/span><\/div><\/div><div class=\" sub-entry\"><h3 class=\" dpt-title\"><a class=\"dpt-title-link\" href=\"https:\/\/www.markus-schall.de\/cs\/2025\/10\/beruf-weltbild-zukunft-entscheidungen-im-schatten-des-umbruchs\/\" rel=\"bookmark\">Beruf, Weltbild, Zukunft: Entscheidungen im Schatten des Umbruchs<\/a><\/h3><\/div><\/div>\n\t\t\t\t\t\t<\/div><!-- .dpt-entry -->\n\t\t\t\t\t\t\t\t\t\t\t\t<div class=\"dpt-entry has-thumbnail\" data-title=\"was ist der sinn des lebens? religionen, philosophen und helmut thielicke im vergleich\" data-id=\"6071\"  data-category=\"allgemein gesellschaft ki-systeme kunst &amp; kultur stories &amp; humor\" data-post_tag=\"denkmodelle erfahrungen gesundheit krisen k\u00fcnstliche intelligenz meinungsfreiheit pers\u00f6nlichkeitsentwicklung portrait\">\n\t\t\t\t\t\t\t<div class=\"dpt-entry-wrapper\"><div class=\" dpt-featured-content\"><div class=\" dpt-permalink\"><a href=\"https:\/\/www.markus-schall.de\/cs\/2026\/05\/was-ist-der-sinn-des-lebens-religionen-philosophen-und-helmut-thielicke-im-vergleich\/\" class=\"dpt-permalink\"><span class=\"screen-reader-text\">Was ist der Sinn des Lebens? Religionen, Philosophen und Helmut Thielicke im Vergleich<\/span><\/a><\/div><div class=\" dpt-thumbnail\"><div class=\"dpt-thumbnail-inner\"><img width=\"1024\" height=\"682\" class=\"attachment-full size-full\" alt=\"Die Frage nach dem Sinn des Lebens\" context=\"dpt\" data-dpt-src=\"https:\/\/www.markus-schall.de\/wp-content\/uploads\/Sinn-des-Lebens.jpg\" data-dpt-sizes=\"(max-width: 1024px) 100vw, 1024px\" data-dpt-srcset=\"https:\/\/www.markus-schall.de\/wp-content\/uploads\/Sinn-des-Lebens.jpg 1024w, https:\/\/www.markus-schall.de\/wp-content\/uploads\/Sinn-des-Lebens-300x200.jpg 300w, https:\/\/www.markus-schall.de\/wp-content\/uploads\/Sinn-des-Lebens-768x512.jpg 768w, https:\/\/www.markus-schall.de\/wp-content\/uploads\/Sinn-des-Lebens-18x12.jpg 18w\" \/><\/div><span class=\"dpt-thumbnail-aspect-ratio\" style=\"padding-top: 75%\"><\/span><\/div><\/div><div class=\" sub-entry\"><h3 class=\" dpt-title\"><a class=\"dpt-title-link\" href=\"https:\/\/www.markus-schall.de\/cs\/2026\/05\/was-ist-der-sinn-des-lebens-religionen-philosophen-und-helmut-thielicke-im-vergleich\/\" rel=\"bookmark\">Was ist der Sinn des Lebens? Religionen, Philosophen und Helmut Thielicke im Vergleich<\/a><\/h3><\/div><\/div>\n\t\t\t\t\t\t<\/div><!-- .dpt-entry -->\n\t\t\t\t\t\t\t\t\t\t\t\t<div class=\"dpt-entry has-thumbnail\" data-title=\"dieter bohlen im klartext: warum deutschland an der eigenen b\u00fcrokratie scheitert\" data-id=\"3546\"  data-category=\"allgemein b\u00fccher gesellschaft kunst &amp; kultur\" data-post_tag=\"buch deutschland erfahrungen krisen meinungsfreiheit musik\">\n\t\t\t\t\t\t\t<div class=\"dpt-entry-wrapper\"><div class=\" dpt-featured-content\"><div class=\" dpt-permalink\"><a href=\"https:\/\/www.markus-schall.de\/cs\/2025\/11\/dieter-bohlen-im-klartext-warum-deutschland-an-der-eigenen-buerokratie-scheitert\/\" class=\"dpt-permalink\"><span class=\"screen-reader-text\">Dieter Bohlen im Klartext: Warum Deutschland an der eigenen B\u00fcrokratie scheitert<\/span><\/a><\/div><div class=\" dpt-thumbnail\"><div class=\"dpt-thumbnail-inner\"><img width=\"1536\" height=\"1024\" class=\"attachment-full size-full\" alt=\"Dieter Bohlen im Gespr\u00e4ch mit Dominik Kettner\" context=\"dpt\" data-dpt-src=\"https:\/\/www.markus-schall.de\/wp-content\/uploads\/bohlen-kettner-germany.jpg\" data-dpt-sizes=\"(max-width: 1536px) 100vw, 1536px\" data-dpt-srcset=\"https:\/\/www.markus-schall.de\/wp-content\/uploads\/bohlen-kettner-germany.jpg 1536w, https:\/\/www.markus-schall.de\/wp-content\/uploads\/bohlen-kettner-germany-300x200.jpg 300w, https:\/\/www.markus-schall.de\/wp-content\/uploads\/bohlen-kettner-germany-1024x683.jpg 1024w, https:\/\/www.markus-schall.de\/wp-content\/uploads\/bohlen-kettner-germany-768x512.jpg 768w, https:\/\/www.markus-schall.de\/wp-content\/uploads\/bohlen-kettner-germany-18x12.jpg 18w\" \/><\/div><span class=\"dpt-thumbnail-aspect-ratio\" style=\"padding-top: 75%\"><\/span><\/div><\/div><div class=\" sub-entry\"><h3 class=\" dpt-title\"><a class=\"dpt-title-link\" href=\"https:\/\/www.markus-schall.de\/cs\/2025\/11\/dieter-bohlen-im-klartext-warum-deutschland-an-der-eigenen-buerokratie-scheitert\/\" rel=\"bookmark\">Dieter Bohlen im Klartext: Warum Deutschland an der eigenen B\u00fcrokratie scheitert<\/a><\/h3><\/div><\/div>\n\t\t\t\t\t\t<\/div><!-- .dpt-entry -->\n\t\t\t\t\t\t\t\t\t\t\t\t<div class=\"dpt-entry has-thumbnail\" data-title=\"warum dieter bohlen spricht, wenn andere schweigen: ein portr\u00e4t \u00fcber flei\u00df und klarheit\" data-id=\"3744\"  data-category=\"allgemein gesellschaft kunst &amp; kultur\" data-post_tag=\"auswandern deutschland erfahrungen krisen meinungsfreiheit musik portrait\">\n\t\t\t\t\t\t\t<div class=\"dpt-entry-wrapper\"><div class=\" dpt-featured-content\"><div class=\" dpt-permalink\"><a href=\"https:\/\/www.markus-schall.de\/cs\/2025\/12\/warum-dieter-bohlen-spricht-wenn-andere-schweigen-ein-portraet-ueber-fleiss-und-klarheit\/\" class=\"dpt-permalink\"><span class=\"screen-reader-text\">Warum Dieter Bohlen spricht, wenn andere schweigen: Ein Portr\u00e4t \u00fcber Flei\u00df und Klarheit<\/span><\/a><\/div><div class=\" dpt-thumbnail\"><div class=\"dpt-thumbnail-inner\"><img width=\"1024\" height=\"683\" class=\"attachment-full size-full\" alt=\"\" context=\"dpt\" data-dpt-src=\"https:\/\/www.markus-schall.de\/wp-content\/uploads\/Dieter-Bohlen-Portrait.jpg\" data-dpt-sizes=\"(max-width: 1024px) 100vw, 1024px\" data-dpt-srcset=\"https:\/\/www.markus-schall.de\/wp-content\/uploads\/Dieter-Bohlen-Portrait.jpg 1024w, https:\/\/www.markus-schall.de\/wp-content\/uploads\/Dieter-Bohlen-Portrait-300x200.jpg 300w, https:\/\/www.markus-schall.de\/wp-content\/uploads\/Dieter-Bohlen-Portrait-768x512.jpg 768w, https:\/\/www.markus-schall.de\/wp-content\/uploads\/Dieter-Bohlen-Portrait-18x12.jpg 18w\" \/><\/div><span class=\"dpt-thumbnail-aspect-ratio\" style=\"padding-top: 75%\"><\/span><\/div><\/div><div class=\" sub-entry\"><h3 class=\" dpt-title\"><a class=\"dpt-title-link\" href=\"https:\/\/www.markus-schall.de\/cs\/2025\/12\/warum-dieter-bohlen-spricht-wenn-andere-schweigen-ein-portraet-ueber-fleiss-und-klarheit\/\" rel=\"bookmark\">Warum Dieter Bohlen spricht, wenn andere schweigen: Ein Portr\u00e4t \u00fcber Flei\u00df und Klarheit<\/a><\/h3><\/div><\/div>\n\t\t\t\t\t\t<\/div><!-- .dpt-entry -->\n\t\t\t\t\t\t\n\t\t\t\t<\/div>\n\t\t\t\t\t\t<\/div>\n\t\t\t\n<hr \/>\n","protected":false},"excerpt":{"rendered":"<p>Ka\u017ed\u00fd, kdo se dnes zab\u00fdv\u00e1 t\u00e9matem um\u011bl\u00e9 inteligence, se t\u00e9m\u011b\u0159 nevyhnuteln\u011b setk\u00e1v\u00e1 se zvl\u00e1\u0161tn\u00edm pocitem: neust\u00e1l\u00fdm neklidem. Sotva si zvyknete na jeden n\u00e1stroj, objev\u00ed se deset dal\u0161\u00edch. Na YouTube n\u00e1sleduje jedno video za druh\u00fdm: \u201eTento n\u00e1stroj um\u011bl\u00e9 inteligence zm\u011bn\u00ed v\u0161echno\u201c, \u201eTohle mus\u00edte bezpodm\u00edne\u010dn\u011b pou\u017e\u00edvat hned\u201c, \u201ePokud to pro\u0161vihnete, z\u016fstanete pozadu\u201c. A ... <a title=\"Pro\u010d Dieter Bohlen mluv\u00ed, kdy\u017e ostatn\u00ed ml\u010d\u00ed: Portr\u00e9t pracovitosti a jasnosti\" class=\"read-more\" href=\"https:\/\/www.markus-schall.de\/cs\/2025\/12\/warum-dieter-bohlen-spricht-wenn-andere-schweigen-ein-portraet-ueber-fleiss-und-klarheit\/\" aria-label=\"\u010c\u00edst v\u00edce o Pro\u010d Dieter Bohlen mluv\u00ed, kdy\u017e ostatn\u00ed ml\u010d\u00ed: Portr\u00e9t pracovitosti a jasnosti\">\u010c\u00edst d\u00e1l<\/a><\/p>","protected":false},"author":1,"featured_media":4403,"comment_status":"open","ping_status":"open","sticky":false,"template":"","format":"standard","meta":{"iawp_total_views":128,"footnotes":""},"categories":[15,147,431,4],"tags":[444,458,471,433,11,465,432,442,434],"class_list":["post-4402","post","type-post","status-publish","format-standard","has-post-thumbnail","hentry","category-apple-macos","category-hardware","category-ki-systeme","category-tipps-anleitungen","tag-denkmodelle","tag-erfahrungen","tag-kuenstliche-intelligenz","tag-llm","tag-mac","tag-mlx","tag-ollama","tag-prozesse","tag-sprachmodell"],"_links":{"self":[{"href":"https:\/\/www.markus-schall.de\/cs\/wp-json\/wp\/v2\/posts\/4402","targetHints":{"allow":["GET"]}}],"collection":[{"href":"https:\/\/www.markus-schall.de\/cs\/wp-json\/wp\/v2\/posts"}],"about":[{"href":"https:\/\/www.markus-schall.de\/cs\/wp-json\/wp\/v2\/types\/post"}],"author":[{"embeddable":true,"href":"https:\/\/www.markus-schall.de\/cs\/wp-json\/wp\/v2\/users\/1"}],"replies":[{"embeddable":true,"href":"https:\/\/www.markus-schall.de\/cs\/wp-json\/wp\/v2\/comments?post=4402"}],"version-history":[{"count":9,"href":"https:\/\/www.markus-schall.de\/cs\/wp-json\/wp\/v2\/posts\/4402\/revisions"}],"predecessor-version":[{"id":6461,"href":"https:\/\/www.markus-schall.de\/cs\/wp-json\/wp\/v2\/posts\/4402\/revisions\/6461"}],"wp:featuredmedia":[{"embeddable":true,"href":"https:\/\/www.markus-schall.de\/cs\/wp-json\/wp\/v2\/media\/4403"}],"wp:attachment":[{"href":"https:\/\/www.markus-schall.de\/cs\/wp-json\/wp\/v2\/media?parent=4402"}],"wp:term":[{"taxonomy":"category","embeddable":true,"href":"https:\/\/www.markus-schall.de\/cs\/wp-json\/wp\/v2\/categories?post=4402"},{"taxonomy":"post_tag","embeddable":true,"href":"https:\/\/www.markus-schall.de\/cs\/wp-json\/wp\/v2\/tags?post=4402"}],"curies":[{"name":"wp","href":"https:\/\/api.w.org\/{rel}","templated":true}]}}