{"id":4435,"date":"2026-01-22T06:12:42","date_gmt":"2026-01-22T06:12:42","guid":{"rendered":"https:\/\/www.markus-schall.de\/?p=4435"},"modified":"2026-04-22T15:42:32","modified_gmt":"2026-04-22T15:42:32","slug":"proc-vzdalenost-neni-ustup-a-jak-zmrazeni-vytvari-orientaci","status":"publish","type":"post","link":"https:\/\/www.markus-schall.de\/cs\/2026\/01\/proc-vzdalenost-neni-ustup-a-jak-zmrazeni-vytvari-orientaci\/","title":{"rendered":"Pro\u010d vzd\u00e1lenost nen\u00ed \u00fastup - a jak zmrazen\u00ed vytv\u00e1\u0159\u00ed orientaci"},"content":{"rendered":"<p>Kdy\u017e jste uprost\u0159ed krize, v\u0161echno se zd\u00e1 b\u00fdt nal\u00e9hav\u00e9. M\u00e1te pocit, \u017ee mus\u00edte okam\u017eit\u011b jednat, okam\u017eit\u011b mluvit, okam\u017eit\u011b se rozhodnout. A \u010dasto se k tomu p\u0159id\u00e1v\u00e1 je\u0161t\u011b druh\u00fd pocit: Pokud se do toho nepust\u00edte hned, v\u0161echno v\u00e1m ute\u010de. To je pochopiteln\u00e9. Je to tak\u00e9 lidsk\u00e9. Ale pr\u00e1v\u011b tady \u010dasto za\u010d\u00edn\u00e1 chyba.<\/p>\n<p>Proto\u017ee bl\u00edzkost nen\u00ed automaticky jasnost. Bl\u00edzkost m\u016f\u017ee tak\u00e9 znamenat, \u017ee jste p\u0159\u00edli\u0161 bl\u00edzko, abyste vid\u011bli, co se skute\u010dn\u011b d\u011bje. Stejn\u011b jako nepozn\u00e1te obraz, kdy\u017e m\u00e1te nos p\u0159ilepen\u00fd k pl\u00e1tnu. Pak vid\u00edte jen jednotliv\u00e9 tahy \u0161t\u011btcem - a mysl\u00edte si, \u017ee jsou cel\u00fdm obrazem.<\/p>\n<p>Spr\u00e1vn\u011b ch\u00e1pan\u00fd freeze-out nen\u00ed nic jin\u00e9ho ne\u017e krok zp\u011bt. Ne proto, abyste utekli, ale proto, abyste znovu vid\u011bli.<!--more--><\/p>\n<hr \/>\n\n\t\t\t<div class=\"display-post-types\">\n\n\t\t\t\t\t\t\t<style type=\"text\/css\">\n\t\t\t#dpt-wrapper-874 { --dpt-text-align: left;--dpt-image-crop: center;--dpt-border-radius: 5px;--dpt-h-gutter: 10px;--dpt-v-gutter: 10px; }\t\t\t<\/style>\n\t\t\t<style type=\"text\/css\">#dpt-wrapper-874 { --dpt-title-font-style:normal;--dpt-title-font-weight:600;--dpt-title-line-height:1.5;--dpt-title-text-decoration:none;--dpt-title-text-transform:none;--dpt-excerpt-font-style:normal;--dpt-excerpt-font-weight:400;--dpt-excerpt-line-height:1.5;--dpt-excerpt-text-decoration:none;--dpt-excerpt-text-transform:none;--dpt-meta1-font-style:normal;--dpt-meta1-font-weight:400;--dpt-meta1-line-height:1.9;--dpt-meta1-text-decoration:none;--dpt-meta1-text-transform:none;--dpt-meta2-font-style:normal;--dpt-meta2-font-weight:400;--dpt-meta2-line-height:1.9;--dpt-meta2-text-decoration:none;--dpt-meta2-text-transform:none; }<\/style><div class=\"dpt-main-header\">\n\t\t\t\t\t\t<div class=\"dpt-main-title\">\n\t\t\t\t\t\t\t<span class=\"dpt-main-title-text\">Aktu\u00e1ln\u00ed \u010dl\u00e1nky o um\u011bl\u00e9 inteligenci<\/span>\n\t\t\t\t\t\t<\/div>\n\t\t\t\t\t\t\n\t\t\t\t\t\t\n\t\t\t\t\t\t\n\t\t\t\t\t\t<\/div>\t\t\t\n\t\t\t\t<div id=\"dpt-wrapper-874\" class=\"dpt-wrapper dpt-mag1 land1 dpt-cropped dpt-flex-wrap\" >\n\n\t\t\t\t\t\t\t\t\t\t\t<div class=\"dpt-entry has-thumbnail\" data-title=\"vom chatgpt-datenexport zur eigenen wissens-ki: schritt-f\u00fcr-schritt mit ollama und qdrant\" data-id=\"5306\"  data-category=\"apple macos ki-systeme tipps &amp; anleitungen\" data-post_tag=\"datenbanken denkmodelle digitales eigentum docker k\u00fcnstliche intelligenz llama llm mlx ollama prozesse sprachmodell\">\n\t\t\t\t\t\t\t<div class=\"dpt-entry-wrapper\"><div class=\"dpt-featured-content\"><div class=\"dpt-permalink\"><a href=\"https:\/\/www.markus-schall.de\/cs\/2026\/03\/od-exportu-dat-chatgpt-do-vlastnich-znalosti-ki-krok-za-krokem-s-ollama-a-qdrant\/\" class=\"dpt-permalink\"><span class=\"screen-reader-text\">Od exportu dat ChatGPT k vlastn\u00ed znalostn\u00ed AI: krok za krokem s Ollama a Qdrant<\/span><\/a><\/div><div class=\"dpt-thumbnail\"><div class=\"dpt-thumbnail-inner\"><img width=\"1024\" height=\"683\" class=\"attachment-full size-full\" alt=\"Cesta k vlastn\u00ed pam\u011bti um\u011bl\u00e9 inteligence\" context=\"dpt\" data-dpt-src=\"https:\/\/www.markus-schall.de\/wp-content\/uploads\/ChatGPT-Datenexport-Computerhirn.jpg\" data-dpt-sizes=\"(max-width: 1024px) 100vw, 1024px\" data-dpt-srcset=\"https:\/\/www.markus-schall.de\/wp-content\/uploads\/ChatGPT-Datenexport-Computerhirn.jpg 1024w, https:\/\/www.markus-schall.de\/wp-content\/uploads\/ChatGPT-Datenexport-Computerhirn-300x200.jpg 300w, https:\/\/www.markus-schall.de\/wp-content\/uploads\/ChatGPT-Datenexport-Computerhirn-768x512.jpg 768w, https:\/\/www.markus-schall.de\/wp-content\/uploads\/ChatGPT-Datenexport-Computerhirn-18x12.jpg 18w\" \/><\/div><span class=\"dpt-thumbnail-aspect-ratio\" style=\"padding-top: 75%\"><\/span><\/div><\/div><div class=\"sub-entry\"><h3 class=\"dpt-title\"><a class=\"dpt-title-link\" href=\"https:\/\/www.markus-schall.de\/cs\/2026\/03\/od-exportu-dat-chatgpt-do-vlastnich-znalosti-ki-krok-za-krokem-s-ollama-a-qdrant\/\" rel=\"bookmark\">Od exportu dat ChatGPT k vlastn\u00ed znalostn\u00ed AI: krok za krokem s Ollama a Qdrant<\/a><\/h3><\/div><\/div>\n\t\t\t\t\t\t<\/div><!-- .dpt-entry -->\n\t\t\t\t\t\t\t\t\t\t\t\t<div class=\"dpt-entry has-thumbnail\" data-title=\"chatgpt-datenexport erkl\u00e4rt: wie deine ki-chats zu einem pers\u00f6nlichen wissenssystem werden\" data-id=\"5259\"  data-category=\"ki-systeme tipps &amp; anleitungen\" data-post_tag=\"apple datenbanken datenschutz digitales eigentum k\u00fcnstliche intelligenz llama llm mac mlx ollama sprachmodell\">\n\t\t\t\t\t\t\t<div class=\"dpt-entry-wrapper\"><div class=\"dpt-featured-content\"><div class=\"dpt-permalink\"><a href=\"https:\/\/www.markus-schall.de\/cs\/2026\/03\/export-dat-chatgpt-vysvetluje-jak-se-vase-chaty-ki-stavaji-osobnim-znalostnim-systemem\/\" class=\"dpt-permalink\"><span class=\"screen-reader-text\">Vysv\u011btlen\u00ed exportu dat ChatGPT: Jak se z va\u0161ich chat\u016f s um\u011blou inteligenc\u00ed stane osobn\u00ed znalostn\u00ed syst\u00e9m<\/span><\/a><\/div><div class=\"dpt-thumbnail\"><div class=\"dpt-thumbnail-inner\"><img width=\"1024\" height=\"683\" class=\"attachment-full size-full\" alt=\"Export dat ChatGPT\" context=\"dpt\" data-dpt-src=\"https:\/\/www.markus-schall.de\/wp-content\/uploads\/ChatGPT-Datenexport.jpg\" data-dpt-sizes=\"(max-width: 1024px) 100vw, 1024px\" data-dpt-srcset=\"https:\/\/www.markus-schall.de\/wp-content\/uploads\/ChatGPT-Datenexport.jpg 1024w, https:\/\/www.markus-schall.de\/wp-content\/uploads\/ChatGPT-Datenexport-300x200.jpg 300w, https:\/\/www.markus-schall.de\/wp-content\/uploads\/ChatGPT-Datenexport-768x512.jpg 768w, https:\/\/www.markus-schall.de\/wp-content\/uploads\/ChatGPT-Datenexport-18x12.jpg 18w\" \/><\/div><span class=\"dpt-thumbnail-aspect-ratio\" style=\"padding-top: 75%\"><\/span><\/div><\/div><div class=\"sub-entry\"><h3 class=\"dpt-title\"><a class=\"dpt-title-link\" href=\"https:\/\/www.markus-schall.de\/cs\/2026\/03\/export-dat-chatgpt-vysvetluje-jak-se-vase-chaty-ki-stavaji-osobnim-znalostnim-systemem\/\" rel=\"bookmark\">Vysv\u011btlen\u00ed exportu dat ChatGPT: Jak se z va\u0161ich chat\u016f s um\u011blou inteligenc\u00ed stane osobn\u00ed znalostn\u00ed syst\u00e9m<\/a><\/h3><\/div><\/div>\n\t\t\t\t\t\t<\/div><!-- .dpt-entry -->\n\t\t\t\t\t\t\t\t\t\t\t\t<div class=\"dpt-entry has-thumbnail\" data-title=\"der iran\u2013israel-konflikt: warum diese eskalation der strategische albtraum des westens ist\" data-id=\"5212\"  data-category=\"allgemein featured gesellschaft\" data-post_tag=\"denkmodelle energiepolitik europa geopolitik krisen k\u00fcnstliche intelligenz meinungsfreiheit sicherheitspolitik spieltheorie\">\n\t\t\t\t\t\t\t<div class=\"dpt-entry-wrapper\"><div class=\"dpt-featured-content\"><div class=\"dpt-permalink\"><a href=\"https:\/\/www.markus-schall.de\/cs\/2026\/03\/iransko-izraelsky-konflikt-proc-je-eskalace-konfliktu-strategickou-nocni-murou-zapadu\/\" class=\"dpt-permalink\"><span class=\"screen-reader-text\">\u00cdr\u00e1nsko-izraelsk\u00fd konflikt: Pro\u010d je eskalace konfliktu strategickou no\u010dn\u00ed m\u016frou Z\u00e1padu?<\/span><\/a><\/div><div class=\"dpt-thumbnail\"><div class=\"dpt-thumbnail-inner\"><img width=\"1024\" height=\"683\" class=\"attachment-full size-full\" alt=\"Izrael-Ir\u00e1n - strategick\u00e1 no\u010dn\u00ed m\u016fra\" context=\"dpt\" data-dpt-src=\"https:\/\/www.markus-schall.de\/wp-content\/uploads\/Israel-Iran-Strategischer-Albtraum.jpg\" data-dpt-sizes=\"(max-width: 1024px) 100vw, 1024px\" data-dpt-srcset=\"https:\/\/www.markus-schall.de\/wp-content\/uploads\/Israel-Iran-Strategischer-Albtraum.jpg 1024w, https:\/\/www.markus-schall.de\/wp-content\/uploads\/Israel-Iran-Strategischer-Albtraum-300x200.jpg 300w, https:\/\/www.markus-schall.de\/wp-content\/uploads\/Israel-Iran-Strategischer-Albtraum-768x512.jpg 768w, https:\/\/www.markus-schall.de\/wp-content\/uploads\/Israel-Iran-Strategischer-Albtraum-18x12.jpg 18w\" \/><\/div><span class=\"dpt-thumbnail-aspect-ratio\" style=\"padding-top: 75%\"><\/span><\/div><\/div><div class=\"sub-entry\"><h3 class=\"dpt-title\"><a class=\"dpt-title-link\" href=\"https:\/\/www.markus-schall.de\/cs\/2026\/03\/iransko-izraelsky-konflikt-proc-je-eskalace-konfliktu-strategickou-nocni-murou-zapadu\/\" rel=\"bookmark\">\u00cdr\u00e1nsko-izraelsk\u00fd konflikt: Pro\u010d je eskalace konfliktu strategickou no\u010dn\u00ed m\u016frou Z\u00e1padu?<\/a><\/h3><\/div><\/div>\n\t\t\t\t\t\t<\/div><!-- .dpt-entry -->\n\t\t\t\t\t\t\t\t\t\t\t\t<div class=\"dpt-entry has-thumbnail\" data-title=\"als ich mit einem roboter telefonierte \u2013 wie ki das telefon erobert und wie man sie erkennt\" data-id=\"5130\"  data-category=\"allgemein gesellschaft ki-systeme stories &amp; humor\" data-post_tag=\"datenschutz erfahrungen k\u00fcnstliche intelligenz prozesse\">\n\t\t\t\t\t\t\t<div class=\"dpt-entry-wrapper\"><div class=\"dpt-featured-content\"><div class=\"dpt-permalink\"><a href=\"https:\/\/www.markus-schall.de\/cs\/2026\/03\/kdyz-jsem-telefonoval-s-robotem-jak-ki-ovlada-telefon-a-jak-ho-rozpoznat\/\" class=\"dpt-permalink\"><span class=\"screen-reader-text\">Kdy\u017e jsem telefonoval s robotem - jak um\u011bl\u00e1 inteligence dob\u00fdv\u00e1 telefon a jak ji rozpoznat<\/span><\/a><\/div><div class=\"dpt-thumbnail\"><div class=\"dpt-thumbnail-inner\"><img width=\"1024\" height=\"683\" class=\"attachment-full size-full\" alt=\"Telefonn\u00ed rozhovor s robotem s um\u011blou inteligenc\u00ed\" context=\"dpt\" data-dpt-src=\"https:\/\/www.markus-schall.de\/wp-content\/uploads\/Telefonanrufe-KI-Werbung.jpg\" data-dpt-sizes=\"(max-width: 1024px) 100vw, 1024px\" data-dpt-srcset=\"https:\/\/www.markus-schall.de\/wp-content\/uploads\/Telefonanrufe-KI-Werbung.jpg 1024w, https:\/\/www.markus-schall.de\/wp-content\/uploads\/Telefonanrufe-KI-Werbung-300x200.jpg 300w, https:\/\/www.markus-schall.de\/wp-content\/uploads\/Telefonanrufe-KI-Werbung-768x512.jpg 768w, https:\/\/www.markus-schall.de\/wp-content\/uploads\/Telefonanrufe-KI-Werbung-18x12.jpg 18w\" \/><\/div><span class=\"dpt-thumbnail-aspect-ratio\" style=\"padding-top: 75%\"><\/span><\/div><\/div><div class=\"sub-entry\"><h3 class=\"dpt-title\"><a class=\"dpt-title-link\" href=\"https:\/\/www.markus-schall.de\/cs\/2026\/03\/kdyz-jsem-telefonoval-s-robotem-jak-ki-ovlada-telefon-a-jak-ho-rozpoznat\/\" rel=\"bookmark\">Kdy\u017e jsem telefonoval s robotem - jak um\u011bl\u00e1 inteligence dob\u00fdv\u00e1 telefon a jak ji rozpoznat<\/a><\/h3><\/div><\/div>\n\t\t\t\t\t\t<\/div><!-- .dpt-entry -->\n\t\t\t\t\t\t\n\t\t\t\t<\/div>\n\t\t\t\t\t\t<\/div>\n\t\t\t\n<hr \/>\n<h2>\u201eFreeze-out\u201c - vyp\u016fj\u010den\u00fd term\u00edn<\/h2>\n<p>Term\u00edn <em>\u201eFreeze-out\u201c<\/em> zn\u00ed to tvrd\u011b. Zn\u00ed to jako chlad, jako kontrola, jako technika pou\u017e\u00edvan\u00e1 k potrest\u00e1n\u00ed nebo manipulaci. A ano - existuje. Lid\u00e9 mohou p\u0159eru\u0161it kontakt, aby si vytvo\u0159ili tlak, demonstrovali moc nebo vyvolali v druh\u00e9 osob\u011b pocit nejistoty. To je ale jin\u00e9 t\u00e9ma a o tom tady nemluv\u00edme.<\/p>\n<p>Kdy\u017e zde mluv\u00edme o zmrazen\u00ed, nem\u00e1me na mysli <em>\u201eZbavuji t\u011b bl\u00edzkosti, abys mohl fungovat.\u201c<\/em>. Mysl\u00edme si to: <em>\u201eZbavuji se neust\u00e1l\u00fdch podn\u011bt\u016f, abych mohl znovu p\u0159em\u00fd\u0161let.\u201c<\/em> To je z\u00e1sadn\u00ed rozd\u00edl.<\/p>\n<p>Up\u0159\u00edmn\u00e9 zmrazen\u00ed nen\u00ed metodou, jak zm\u011bnit druhou osobu. Je to zp\u016fsob, jak se znovu vypo\u0159\u00e1dat s\u00e1m se sebou. A pr\u00e1v\u011b proto je tak cenn\u00fd - proto\u017ee se nezam\u011b\u0159uje na vn\u011bj\u0161\u00ed dopad, ale na vnit\u0159n\u00ed orientaci.<\/p>\n<h3>Klasifikace pojmu \u201efreeze-out\u201c<\/h3>\n<p>Term\u00edn \u201efreeze-out\u201c p\u016fvodn\u011b poch\u00e1z\u00ed z tzv. <a href=\"https:\/\/www.pickupforum.de\" target=\"_blank\" rel=\"noopener\">Vyzvednut\u00ed<\/a>- a seznamovac\u00ed sc\u00e9n\u011b. \u010casto se tam popisuje jako technika vyvol\u00e1n\u00ed ur\u010dit\u00fdch reakc\u00ed nebo zm\u011bn v chov\u00e1n\u00ed druh\u00e9 osoby z\u00e1m\u011brn\u00fdm p\u0159eru\u0161en\u00edm kontaktu. V tomto kontextu je freeze-out prost\u0159edkem uplat\u0148ov\u00e1n\u00ed vlivu - zam\u011b\u0159en\u00fdm sm\u011brem ven, pou\u017e\u00edvan\u00fdm strategicky a \u010dasto z\u00e1m\u011brn\u011b manipulativn\u00edm. Pr\u00e1v\u011b od toho se tento \u010dl\u00e1nek v\u00fdslovn\u011b distancuje.<\/p>\n<p>Zde popsan\u00e9 zmrazen\u00ed m\u00e1 zcela jin\u00fd c\u00edl: nen\u00ed zam\u011b\u0159eno na druh\u00e9ho \u010dlov\u011bka, ale na sebe. Nejde o to, abyste n\u011bkoho k n\u011b\u010demu p\u0159im\u011bli, ale o to, abyste znovu objevili sv\u00e9 vlastn\u00ed vn\u00edm\u00e1n\u00ed, z\u00edskali vnit\u0159n\u00ed jasnost a u\u017e se nerozhodovali pod tlakem, ale ze stabiln\u00edho vnit\u0159n\u00edho stanoviska.<\/p>\n<h3>Freeze-out jako z\u00e1m\u011brn\u00e9 p\u0159eru\u0161en\u00ed<\/h3>\n<p>D\u00e1 se to \u0159\u00edct jednodu\u0161e: \u201efreeze-out\u201c je p\u0159est\u00e1vka. P\u0159eru\u0161en\u00ed. Do\u010dasn\u00e9 p\u0159eru\u0161en\u00ed kontaktu, kter\u00e9 nen\u00ed zp\u016fsobeno lhostejnost\u00ed, ale zcela jasnou pot\u0159ebou: odstupem. A tento odstup nen\u00ed luxus. V n\u011bkter\u00fdch situac\u00edch je nezbytn\u00fdm p\u0159edpokladem k tomu, abyste se op\u011bt stali \"sebou\".<\/p>\n<p>V krizov\u00fdch situac\u00edch toti\u017e lid\u00e9 \u010dasto ztr\u00e1cej\u00ed n\u011bco, co obvykle pova\u017euj\u00ed za samoz\u0159ejmost: klidn\u00fd vnit\u0159n\u00ed postoj. \u010clov\u011bk pouze reaguje. Sk\u00e1\u010dete z my\u0161lenky na my\u0161lenku. Hled\u00e1te vysv\u011btlen\u00ed. Chcete z\u00edskat zp\u011bt kontrolu. A \u010d\u00edm v\u00edce se sna\u017e\u00edte z\u00edskat kontrolu zp\u011bt, t\u00edm v\u00edce sklouz\u00e1v\u00e1te do tunelu.<\/p>\n<p>Tento tunel p\u0159eru\u0161\u00ed p\u0159est\u00e1vka. D\u016fle\u017eit\u00e9 je, \u017ee p\u0159est\u00e1vka nen\u00ed automaticky zbab\u011bl\u00e1. Nen\u00ed automaticky nezral\u00e1. A tak\u00e9 nen\u00ed automaticky \u201eodm\u00edtnut\u00edm\u201c. Naopak, m\u016f\u017ee to b\u00fdt velmi zral\u00fd krok. Takov\u00fd, kter\u00fd \u0159\u00edk\u00e1: <em>\u201eTe\u010f u\u017e se nerozhoduji v mlze. Rozhodnu se, a\u017e budu zase vid\u011bt.\u201c<\/em><\/p>\n<h3>Pro\u010d je to tak obt\u00ed\u017en\u00e9<\/h3>\n<p>Mnoho lid\u00ed m\u00e1 pocit, \u017ee si mus\u00ed udr\u017eovat odstup - a p\u0159esto to ned\u011blaj\u00ed. Ne proto, \u017ee by byli hloup\u00ed. Ale proto, \u017ee to odporuje n\u011bkolika vnit\u0159n\u00edm program\u016fm, kter\u00e9 se t\u00e9m\u011b\u0159 v\u0161ichni nau\u010dili.<\/p>\n<ul>\n<li>Nap\u0159\u00edklad smysl pro povinnost: <em>\u201eTe\u010f u\u017e nesm\u00edm odej\u00edt.\u201c<\/em><\/li>\n<li>To je ta my\u0161lenka: <em>\u201eKdy\u017e si te\u010f budu udr\u017eovat odstup, bude se to stup\u0148ovat.\u201c<\/em><\/li>\n<li>A v tom je ten strach: <em>\u201eKdy\u017e se st\u00e1hnu, ztrat\u00edm toho \u010dlov\u011bka nebo situaci nadobro.\u201c<\/em><\/li>\n<\/ul>\n<p>Tento strach nen\u00ed \u010dasto neopodstatn\u011bn\u00fd. Vede v\u0161ak k paradoxn\u00ed dynamice: z\u016fst\u00e1v\u00e1te v n\u011bm, i kdy\u017e si uv\u011bdomujete, \u017ee se v n\u011bm zhor\u0161ujete. Z\u016fst\u00e1v\u00e1te v n\u00ed, i kdy\u017e si uv\u011bdomujete, \u017ee ztr\u00e1c\u00edte sami sebe. Z\u016fst\u00e1v\u00e1te v n\u00ed, proto\u017ee v\u011b\u0159\u00edte, \u017ee je zodpov\u011bdn\u00e1 - a p\u0159ehl\u00ed\u017e\u00edte, \u017ee zodpov\u011bdnost n\u011bkdy znamen\u00e1 prav\u00fd opak: ud\u011blat krok zp\u011bt.<\/p>\n<p>Mus\u00edte si to p\u0159edstavit jako p\u0159eh\u0159\u00e1t\u00fd motor. Nem\u016f\u017eete jen \u0161lapat na plyn a doufat, \u017ee se to zlep\u0161\u00ed. Mus\u00edte ho vyndat, nechat vychladnout a zkontrolovat. Cokoli jin\u00e9ho v ur\u010dit\u00e9m okam\u017eiku skon\u010d\u00ed tot\u00e1ln\u00edm selh\u00e1n\u00edm.<\/p>\n<h3>Vymezen\u00ed: p\u0159eru\u0161en\u00ed nen\u00ed \u201ezru\u0161en\u00ed\u201c<\/h3>\n<p>Odml\u010den\u00ed nen\u00ed odlou\u010den\u00ed pomoc\u00ed r\u00e1diov\u00e9ho ticha. Nejedn\u00e1 se ani o <em>\u201eBudu pry\u010d, dokud se nep\u0159evl\u00e9kne\u0161.\u201c<\/em>. Pokud n\u011bco takov\u00e9ho ud\u011bl\u00e1te, je to hra o moc - a hra o moc je nejjist\u011bj\u0161\u00ed zp\u016fsob, jak v krizi situaci zhor\u0161it. V ide\u00e1ln\u00edm p\u0159\u00edpad\u011b je zmrazen\u00ed jasn\u011b omezen\u00e9 a vnit\u0159n\u011b \u010dist\u00e9:<\/p>\n<ul>\n<li>Ud\u011bl\u00e1te krok zp\u011bt, abyste si mohli znovu ud\u011blat jasno.<\/li>\n<li>Udr\u017eujte si odstup, abyste nejednali v z\u00e1palu boje.<\/li>\n<li>Ud\u011blejte krok zp\u011bt a zjist\u011bte, v \u010dem je skute\u010dn\u00fd probl\u00e9m.<\/li>\n<\/ul>\n<p>To m\u016f\u017ee znamenat, \u017ee n\u011bkolik dn\u00ed nebudete ps\u00e1t. Nebo \u017ee z\u00e1m\u011brn\u011b str\u00e1v\u00edte v\u00edkend o samot\u011b. Nebo \u017ee se vy\u0159ad\u00edte z prob\u00edhaj\u00edc\u00ed komunikace, kter\u00e1 se skl\u00e1d\u00e1 jen z ospravedl\u0148ov\u00e1n\u00ed a nedorozum\u011bn\u00ed.<\/p>\n<p>Nejde o formu. Jde o funkci: vytv\u00e1\u0159\u00edte prostor, ve kter\u00e9m m\u016f\u017eete znovu p\u0159em\u00fd\u0161let, ani\u017e by k v\u00e1m neust\u00e1le p\u0159ich\u00e1zely nov\u00e9 podn\u011bty.<\/p>\n<h3>Pro\u010d je \u201eokam\u017eit\u00e9 vyjasn\u011bn\u00ed\u201c \u010dasto \u0161patn\u00fdm \u0159e\u0161en\u00edm?<\/h3>\n<p>Je roz\u0161\u00ed\u0159eno p\u0159esv\u011bd\u010den\u00ed, \u017ee probl\u00e9my lze vy\u0159e\u0161it, sta\u010d\u00ed o nich dostate\u010dn\u011b dlouho mluvit. A ano - v mnoha situac\u00edch je to pravda. Pokud jsou ob\u011b strany klidn\u00e9. Pokud existuje dostate\u010dn\u00e1 d\u016fv\u011bra. Kdy\u017e si lid\u00e9 skute\u010dn\u011b naslouchaj\u00ed. Kdy\u017e nen\u00ed ka\u017ed\u00e9 prohl\u00e1\u0161en\u00ed br\u00e1no jako \u00fatok.<\/p>\n<p>V p\u0159\u00edpad\u011b skute\u010dn\u00fdch kriz\u00ed tomu tak \u010dasto nen\u00ed. Situace je ji\u017e tak nabit\u00e1, \u017ee ka\u017ed\u00fd rozhovor okam\u017eit\u011b spadne do star\u00fdch smy\u010dek. Vysv\u011btlujete se - a jedin\u00e9, co druh\u00e1 osoba sly\u0161\u00ed, je ospravedln\u011bn\u00ed. Druh\u00e1 osoba se vysv\u011btluje - a vy sly\u0161\u00edte jen obvin\u011bn\u00ed. A nakonec z rozhovoru nevych\u00e1z\u00edte moud\u0159ej\u0161\u00ed, ale zmaten\u011bj\u0161\u00ed. Ne klidn\u011bj\u0161\u00ed, ale vy\u010derpan\u011bj\u0161\u00ed. Ne bl\u00ed\u017ee k \u0159e\u0161en\u00ed, ale hloub\u011bji v mlze.<\/p>\n<p>M\u016f\u017eete se na to d\u00edvat velmi st\u0159\u00edzliv\u011b: Komunikace pot\u0159ebuje \u0161\u00ed\u0159ku p\u00e1sma. Pokud je va\u0161e vnit\u0159n\u00ed \u0161\u00ed\u0159ka p\u00e1sma blokov\u00e1na stresem, \u00fazkost\u00ed, tlakem nebo neust\u00e1l\u00fdm vyp\u011bt\u00edm, pak v\u00e1m komunikace nen\u00ed k ni\u010demu - je\u0161t\u011b v\u00edce v\u00e1s p\u0159et\u011b\u017euje.<\/p>\n<p>A pr\u00e1v\u011b v tomto p\u0159\u00edpad\u011b m\u016f\u017ee b\u00fdt odstup skute\u010dn\u011b zodpov\u011bdn\u00fdm krokem: p\u0159esta\u0148te mluvit, dokud se znovu neusly\u0161\u00edte.<\/p>\n<h3>Tich\u00fd rozd\u00edl mezi reakc\u00ed a rozhodnut\u00edm<\/h3>\n<p>Krize v\u00e1s \u010dasto nut\u00ed reagovat. Reagujete na zpr\u00e1vy. Reagujete na t\u00f3n hlasu. Reagujete na o\u010dek\u00e1v\u00e1n\u00ed. Reagujete na vnit\u0159n\u00ed zmatek.<\/p>\n<p>Zmrazen\u00ed je pokus o vystoupen\u00ed z reak\u010dn\u00edho re\u017eimu. Proto\u017ee rozhodnut\u00ed, kter\u00e1 d\u011bl\u00e1te v reak\u010dn\u00edm re\u017eimu, jsou m\u00e1lokdy dobr\u00e1. T\u00e9m\u011b\u0159 v\u017edy se jedn\u00e1 o zkratov\u00e1 rozhodnut\u00ed:<\/p>\n<ul>\n<li>Hlavn\u00ed je, \u017ee tlak polev\u00ed. Hlavn\u00ed je, aby se n\u011bco stalo.<\/li>\n<li>Hlavn\u00ed je, \u017ee u\u017e ten pocit nemus\u00edm sn\u00e1\u0161et.<\/li>\n<\/ul>\n<p>To je pochopiteln\u00e9, ale nebezpe\u010dn\u00e9. Zastaven\u00ed v\u00e1m d\u00e1v\u00e1 p\u0159\u00edle\u017eitost vr\u00e1tit se do stavu, kdy se m\u016f\u017eete rozhodnout, a ne jen reagovat. Je to rozd\u00edl jako den a noc. A jakmile to jednou za\u017eijete, pochop\u00edte, pro\u010d mnoho lid\u00ed zp\u011btn\u011b \u0159\u00edk\u00e1:<\/p>\n<blockquote><p><em>\u201eKdybych si jen d\u0159\u00edve udr\u017eoval odstup.\u201c<\/em><\/p><\/blockquote>\n<h3>Co si m\u016f\u017eete dovolit<\/h3>\n<p>Mo\u017en\u00e1 je to nejd\u016fle\u017eit\u011bj\u0161\u00ed v\u011bta v t\u00e9to kapitole: M\u016f\u017eete si dovolit odstup.<\/p>\n<p>Ne jako v\u00fdmluvu. Ne jako \u00fanik. Ale jako n\u00e1stroj k tomu, abychom se znovu stali jasn\u00fdmi. Nen\u00ed to zn\u00e1mka slabosti, kdy\u017e \u0159eknete:<\/p>\n<blockquote><p><em>\u201eZat\u00edm pot\u0159ebuji prostor.\u201c<\/em><\/p><\/blockquote>\n<p>\u010casto je to znamen\u00ed s\u00edly, proto\u017ee to znamen\u00e1, \u017ee nechcete v\u011bci zhor\u0161ovat z popudu. \u017de nebudete d\u00e1l slep\u011b ut\u00edkat jen proto, \u017ee v\u00e1m pohyb p\u0159ipad\u00e1 lep\u0161\u00ed ne\u017e st\u00e1t na m\u00edst\u011b.<\/p>\n<p>D\u0159\u00edve se tomu \u0159\u00edkalo prost\u011b \u201eshroma\u017e\u010fov\u00e1n\u00ed\u201c. Dnes se to \u010dasto zam\u011b\u0148uje za \u201evyh\u00fdb\u00e1n\u00ed se\u201c. Mezi vyh\u00fdb\u00e1n\u00edm a sb\u011brem je v\u0161ak rozd\u00edl: vyh\u00fdb\u00e1n\u00ed se nechce hledat. Shroma\u017e\u010fov\u00e1n\u00ed chce nejprve znovu vid\u011bt.<\/p>\n<h3>Zmrazen\u00ed nen\u00ed c\u00edl - je to p\u0159echod.<\/h3>\n<p>Nem\u011bli byste romantizovat zamrznut\u00ed. Nen\u00ed to l\u00e9k. Nen\u00ed z\u00e1rukou dobr\u00e9ho \u0159e\u0161en\u00ed. Nen\u00ed to trik, kter\u00fd d\u00e1 v\u0161e okam\u017eit\u011b do po\u0159\u00e1dku. \u010casto je v\u0161ak p\u0159echodem od chaosu k jasnosti.<\/p>\n<p>A to je n\u011bco, co je v modern\u00edch kriz\u00edch p\u0159ekvapiv\u011b vz\u00e1cn\u00e9: v\u011bdom\u00e9 p\u0159eru\u0161en\u00ed p\u0159edt\u00edm, ne\u017e se zaseknete.<br \/>\nDal\u0161\u00ed kapitoly se budou zab\u00fdvat pr\u00e1v\u011b t\u00edmto: pro\u010d v krizov\u00fdch situac\u00edch tak snadno bojujeme se \u0161patn\u00fdm probl\u00e9mem, pro\u010d je tak t\u011b\u017ek\u00e9 rozpoznat tunelov\u00e9 vid\u011bn\u00ed - a jak lze velmi prakticky pracovat s odstupem, ani\u017e by se z toho stalo drama.<\/p>\n<p>Proto\u017ee n\u011bkdy nen\u00ed nejlep\u0161\u00ed dal\u0161\u00ed rozhovor, dal\u0161\u00ed anal\u00fdza a dal\u0161\u00ed pokus o okam\u017eitou n\u00e1pravu. N\u011bkdy je nejlep\u0161\u00ed ud\u011blat prost\u011b krok zp\u011bt.<\/p>\n<hr \/>\n<h3>Aktu\u00e1ln\u00ed pr\u016fzkum e-mobility<\/h3>\n<div class='bootstrap-yop yop-poll-mc'>\n\t\t\t\t\t\t\t<div class=\"basic-yop-poll-container\" style=\"background-color:#ffffff; border:0px; border-style:solid; border-color:#000000; border-radius:5px; padding:0px 5px;\" data-id=\"11\" data-temp=\"basic-pretty\" data-skin=\"square\" data-cscheme=\"blue\" data-cap=\"0\" data-access=\"guest\" data-tid=\"\" data-uid=\"00fbb8c02d7eadfdba68ae515913e993\" data-pid=\"5130\" data-resdet=\"votes-number,percentages\" data-show-results-to=\"guest\" data-show-results-moment=\"after-vote\" data-show-results-only=\"false\" data-show-message=\"true\" data-show-results-as=\"bar\" data-sort-results-by=\"as-defined\" data-sort-results-rule=\"asc\"data-is-ended=\"0\" data-percentages-decimals=\"2\" data-gdpr=\"no\" data-gdpr-sol=\"consent\" data-css=\".basic-yop-poll-container[data-uid] .basic-vote {\t\t\t\t\t\t\t\t\ttext-align: center;\t\t\t\t\t\t\t\t}\" data-counter=\"0\" data-load-with=\"1\" data-notification-section=\"top\"><div class=\"row\"><div class=\"col-md-12\"><div class=\"basic-inner\"><div class=\"basic-message hide\" style=\"border-left: 10px solid #008000; padding: 0px 10px;\" data-error=\"#ff0000\" data-success=\"#008000\"><p class=\"basic-message-text\" style=\"color:#000000; font-size:14px; font-weight:normal;\"><\/p><\/div><div class=\"basic-overlay hide\"><div class=\"basic-vote-options\"><\/div><div class=\"basic-preloader\"><div class=\"basic-windows8\"><div class=\"basic-wBall basic-wBall_1\"><div class=\"basic-wInnerBall\"><\/div><\/div><div class=\"basic-wBall basic-wBall_2\"><div class=\"basic-wInnerBall\"><\/div><\/div><div class=\"basic-wBall basic-wBall_3\"><div class=\"basic-wInnerBall\"><\/div><\/div><div class=\"basic-wBall basic-wBall_4\"><div class=\"basic-wInnerBall\"><\/div><\/div><div class=\"basic-wBall basic-wBall_5\"><div class=\"basic-wInnerBall\"><\/div><\/div><\/div><\/div><\/div><form class=\"basic-form\" action=\"\"><input type=\"hidden\" name=\"_token\" value=\"13c4b3cf97\" autocomplete=\"off\"><div class=\"basic-elements\"><div class=\"basic-element basic-question basic-question-text-vertical\" data-id=\"11\" data-uid=\"4f4e38d98f6edc294c5194a39ba030a0\" data-type=\"question\" data-question-type=\"text\" data-required=\"yes\" data-allow-multiple=\"yes\" data-min=\"1\" data-max=\"6\" data-display=\"vertical\" data-colnum=\"\" data-display-others=\"no\" data-others-color=\"\" data-others=\"\" data-others-max-chars=\"0\"><div class=\"basic-question-title\"><h5 style=\"color:#000000; font-size:16px; font-weight:normal; text-align:left;\">S jak\u00fdmi elektromobily ji\u017e m\u00e1te zku\u0161enosti?<\/h5><\/div><ul class=\"basic-answers\"><li class=\"basic-answer\" style=\"padding:0px 0px;\" data-id=\"60\" data-type=\"text\" data-vn=\"2\" data-color=\"#000000\" data-make-link=\"no\" data-link=\"\"><div class=\"basic-answer-content basic-text-vertical\"><label for=\"answer[60]\" class=\"basic-answer-label\"><input type=\"checkbox\" id=\"answer[60]\" name=\"answer[11]\" value=\"60\"><span class=\"basic-text\" style=\"color: #000000; font-size: 14px; font-weight: normal;\">Elektrosk\u00fatry<\/span><\/label><\/div><\/li><li class=\"basic-answer\" style=\"padding:0px 0px;\" data-id=\"61\" data-type=\"text\" data-vn=\"2\" data-color=\"#000000\" data-make-link=\"no\" data-link=\"\"><div class=\"basic-answer-content basic-text-vertical\"><label for=\"answer[61]\" class=\"basic-answer-label\"><input type=\"checkbox\" id=\"answer[61]\" name=\"answer[11]\" value=\"61\"><span class=\"basic-text\" style=\"color: #000000; font-size: 14px; font-weight: normal;\">Elektrick\u00fd sk\u00fatr<\/span><\/label><\/div><\/li><li class=\"basic-answer\" style=\"padding:0px 0px;\" data-id=\"62\" data-type=\"text\" data-vn=\"1\" data-color=\"#000000\" data-make-link=\"no\" data-link=\"\"><div class=\"basic-answer-content basic-text-vertical\"><label for=\"answer[62]\" class=\"basic-answer-label\"><input type=\"checkbox\" id=\"answer[62]\" name=\"answer[11]\" value=\"62\"><span class=\"basic-text\" style=\"color: #000000; font-size: 14px; font-weight: normal;\">Pln\u00fd hybrid\/m\u00edrn\u00fd hybrid<\/span><\/label><\/div><\/li><li class=\"basic-answer\" style=\"padding:0px 0px;\" data-id=\"63\" data-type=\"text\" data-vn=\"1\" data-color=\"#000000\" data-make-link=\"no\" data-link=\"\"><div class=\"basic-answer-content basic-text-vertical\"><label for=\"answer[63]\" class=\"basic-answer-label\"><input type=\"checkbox\" id=\"answer[63]\" name=\"answer[11]\" value=\"63\"><span class=\"basic-text\" style=\"color: #000000; font-size: 14px; font-weight: normal;\">Plug-in hybrid<\/span><\/label><\/div><\/li><li class=\"basic-answer\" style=\"padding:0px 0px;\" data-id=\"64\" data-type=\"text\" data-vn=\"2\" data-color=\"#000000\" data-make-link=\"no\" data-link=\"\"><div class=\"basic-answer-content basic-text-vertical\"><label for=\"answer[64]\" class=\"basic-answer-label\"><input type=\"checkbox\" id=\"answer[64]\" name=\"answer[11]\" value=\"64\"><span class=\"basic-text\" style=\"color: #000000; font-size: 14px; font-weight: normal;\">Elektromobil<\/span><\/label><\/div><\/li><li class=\"basic-answer\" style=\"padding:0px 0px;\" data-id=\"67\" data-type=\"text\" data-vn=\"6\" data-color=\"#000000\" data-make-link=\"no\" data-link=\"\"><div class=\"basic-answer-content basic-text-vertical\"><label for=\"answer[67]\" class=\"basic-answer-label\"><input type=\"checkbox\" id=\"answer[67]\" name=\"answer[11]\" value=\"67\"><span class=\"basic-text\" style=\"color: #000000; font-size: 14px; font-weight: normal;\">Zat\u00edm bez zku\u0161enost\u00ed<\/span><\/label><\/div><\/li><\/ul><\/div><div class=\"clearfix\"><\/div><\/div><div class=\"basic-vote\"><a href=\"#\" class=\"button basic-vote-button\" role=\"button\" style=\"background:#027bb8; border:0px; border-style: solid; border-color:#000000; border-radius:5px; padding:10px 10px; color:#ffffff; font-size:14px; font-weight:normal;\">Hlasujte na<\/a><\/div><input type=\"hidden\" name=\"trp-form-language\" value=\"cs\"\/><\/form><\/div><\/div><\/div><\/div>\n\t\t\t\t\t\t<\/div>\n<hr \/>\n<h2>Boj se \u0161patn\u00fdm probl\u00e9mem<\/h2>\n<p>V krizi lid\u00e9 hledaj\u00ed p\u0159\u00ed\u010diny. Ne ze zv\u011bdavosti, ale z nutnosti. Pocit ztr\u00e1ty kontroly je nep\u0159\u00edjemn\u00fd, n\u011bkdy t\u00e9m\u011b\u0159 nesnesiteln\u00fd, a tak instinktivn\u011b sah\u00e1me po dal\u0161\u00edm nejlep\u0161\u00edm vysv\u011btlen\u00ed. N\u011bco mus\u00ed b\u00fdt \u201ep\u0159\u00ed\u010dinou\u201c. N\u011bco hmatateln\u00e9ho, pojmenovateln\u00e9ho, co nejkonkr\u00e9tn\u011bj\u0161\u00edho.<\/p>\n<p>\u010casto se jedn\u00e1 o partnerstv\u00ed. Nebo ur\u010dit\u00fd konflikt v pr\u00e1ci. Nebo jedno rozhodnut\u00ed, kter\u00e9 zp\u011btn\u011b ozna\u010d\u00edte za chybu. Tato vysv\u011btlen\u00ed se zdaj\u00ed b\u00fdt logick\u00e1, proto\u017ee jsou bl\u00edzk\u00e1. Jsou emocion\u00e1ln\u011b p\u0159\u00edtomn\u00e9. A maj\u00ed jednu velkou v\u00fdhodu: m\u016f\u017eete s nimi pracovat.<\/p>\n<p>Jedin\u00fd probl\u00e9m spo\u010d\u00edv\u00e1 v tom, \u017ee bl\u00edzkost nen\u00ed krit\u00e9riem pravdy. To, \u017ee je n\u011bco v pop\u0159ed\u00ed, je\u0161t\u011b neznamen\u00e1, \u017ee je to p\u0159\u00ed\u010dinou. V mnoha kriz\u00edch je to, co vystupuje do pop\u0159ed\u00ed jako prvn\u00ed, pouh\u00fdm symptomem - nikoliv j\u00e1drem.<\/p>\n<h3>Projekce jako strategie p\u0159e\u017eit\u00ed<\/h3>\n<p>Z psychologick\u00e9ho hlediska to nen\u00ed nic neobvykl\u00e9ho. Kdy\u017e se vnit\u0159n\u00ed tlak zvy\u0161uje, zu\u017euje se v\u00fdhled. Slo\u017eit\u00e9 vztahy se zjednodu\u0161uj\u00ed a rozpt\u00fdlen\u00e1 nespokojenost se prom\u00edt\u00e1 do konkr\u00e9tn\u00edch lid\u00ed nebo situac\u00ed. Nejde o zl\u00fd \u00famysl, ale o strategii p\u0159e\u017eit\u00ed: mozek se sna\u017e\u00ed vytvo\u0159it \u0159\u00e1d t\u00edm, \u017ee sni\u017euje slo\u017eitost.<\/p>\n<p>To se projevuje zejm\u00e9na ve vztaz\u00edch. Partner je citov\u011b bl\u00edzk\u00fd, neust\u00e1le p\u0159\u00edtomn\u00fd, a proto je ide\u00e1ln\u00edm c\u00edlem pro projekce. To, co se za l\u00e9ta nahromadilo - nadm\u011brn\u00e9 n\u00e1roky v pr\u00e1ci, vnit\u0159n\u00ed pr\u00e1zdnota, nedostatek perspektivy, \u017eivotn\u00ed pl\u00e1n, kter\u00fd u\u017e nefunguje - se pak vyb\u00edj\u00ed ve zd\u00e1nliv\u011b \u201evztahov\u011b typick\u00fdch\u201c konfliktech.<\/p>\n<p>H\u00e1d\u00e1te se kv\u016fli mali\u010dkostem. O t\u00f3n hlasu. O o\u010dek\u00e1v\u00e1n\u00edch. O v\u011bcech, kter\u00e9 v minulosti t\u00e9m\u011b\u0159 nehr\u00e1ly roli. A mysl\u00edte si, \u017ee pr\u00e1v\u011b v tom je probl\u00e9m.<\/p>\n<p>\u010casto je to pr\u00e1v\u011b m\u00edsto, kde n\u011bco vypukne.<\/p>\n<h3>Okam\u017eik p\u0159eru\u0161en\u00ed<\/h3>\n<p>Pr\u00e1v\u011b zde m\u016f\u017ee m\u00edt zmrazen\u00ed rozhoduj\u00edc\u00ed vliv. Ne proto, \u017ee poskytuje okam\u017eit\u00e9 odpov\u011bdi, ale proto, \u017ee p\u0159eru\u0161\u00ed neust\u00e1l\u00e9 podn\u011bty. Kdy\u017e ustane ka\u017edodenn\u00ed dialog, kdy\u017e se zastav\u00ed neust\u00e1l\u00e1 emocion\u00e1ln\u00ed zp\u011btn\u00e1 vazba, stane se n\u011bco zaj\u00edmav\u00e9ho: pozornost se obr\u00e1t\u00ed dovnit\u0159.<\/p>\n<p>V m\u00e9m p\u0159\u00edpad\u011b to bylo \u00fapln\u011b stejn\u00e9. Kontakt byl zastaven, zpo\u010d\u00e1tku s p\u0159edpokladem, \u017ee probl\u00e9mem je samotn\u00fd vztah. To nen\u00ed neobvykl\u00e1 my\u0161lenka, ale t\u00e9m\u011b\u0159 norma. Kdy\u017e dojde k rozkolu mezi dv\u011bma lidmi, je z\u0159ejm\u00fd z\u00e1v\u011br, \u017ee \u201eto prost\u011b nen\u00ed v po\u0159\u00e1dku\u201c.<\/p>\n<p>Ale u\u017e po n\u011bkolika dnech pobytu se uk\u00e1zalo n\u011bco jin\u00e9ho. Vnit\u0159n\u00ed neklid nezmizel. Du\u0161evn\u00ed smy\u010dky se nesoust\u0159edily na vztah, ale na n\u011bco mnohem z\u00e1sadn\u011bj\u0161\u00edho: na vlastn\u00ed \u017eivotn\u00ed cestu. Nebyl to n\u00e1hl\u00fd z\u00e1blesk inspirace, ani dramatick\u00e9 uv\u011bdom\u011bn\u00ed. Sp\u00ed\u0161e tich\u00fd, ale vytrval\u00fd pocit: tohle jde hloub\u011bji. Souvis\u00ed to s t\u00edm, jak \u017eiji - nejen s k\u00fdm.<\/p>\n<p><img loading=\"lazy\" decoding=\"async\" class=\"alignnone wp-image-4468 size-large\" src=\"https:\/\/www.markus-schall.de\/wp-content\/uploads\/Freezeout-Spiegel.jpg\" alt=\"Zrcadlo zmrazen\u00ed\" width=\"1024\" height=\"683\" srcset=\"https:\/\/www.markus-schall.de\/wp-content\/uploads\/Freezeout-Spiegel.jpg 1024w, https:\/\/www.markus-schall.de\/wp-content\/uploads\/Freezeout-Spiegel-300x200.jpg 300w, https:\/\/www.markus-schall.de\/wp-content\/uploads\/Freezeout-Spiegel-768x512.jpg 768w, https:\/\/www.markus-schall.de\/wp-content\/uploads\/Freezeout-Spiegel-18x12.jpg 18w\" sizes=\"auto, (max-width: 1024px) 100vw, 1024px\" \/><\/p>\n<h3>Kdy\u017e se zvedne mlha<\/h3>\n<p>Tento okam\u017eik je \u010dasto nen\u00e1padn\u00fd, ale z\u00e1sadn\u00ed. Kdy\u017e vn\u011bj\u0161\u00ed spou\u0161t\u011b\u010d zmiz\u00ed a vnit\u0159n\u00ed nepohodl\u00ed z\u016fstane, je jasn\u00e9, \u017ee jste bojovali se \u0161patn\u00fdm probl\u00e9mem. P\u0159\u00ed\u010dinou nebyl vztah, ale zrcadlo. Zviditelnil n\u011bco, co bylo v syst\u00e9mu u\u017e dlouho.<\/p>\n<p>To je nep\u0159\u00edjemn\u00e9. Znamen\u00e1 to toti\u017e, \u017ee se u\u017e nem\u016f\u017eete schov\u00e1vat za konflikt. U\u017e nem\u016f\u017eete \u0159\u00edkat: <em>\u201eA\u017e se to vy\u0159e\u0161\u00ed, bude v\u0161echno zase v po\u0159\u00e1dku.\u201c<\/em> Nam\u00edsto toho vyvst\u00e1v\u00e1 d\u016fle\u017eit\u011bj\u0161\u00ed ot\u00e1zka:<\/p>\n<blockquote><p>Co je \u0161patn\u011b na m\u00e9m p\u0159edchoz\u00edm \u017eivotn\u00edm modelu?<\/p><\/blockquote>\n<p>Na tuto ot\u00e1zku je obt\u00ed\u017en\u011bj\u0161\u00ed odpov\u011bd\u011bt ne\u017e na jakoukoli jinou vztahovou ot\u00e1zku. Nelze ji vy\u0159e\u0161it b\u011bhem jednoho rozhovoru. Vy\u017eaduje \u010das. A vy\u017eaduje up\u0159\u00edmnost v\u016f\u010di sob\u011b sam\u00e9mu.<\/p>\n<h3>Nebezpe\u010dn\u00e1 logika vytrvalosti<\/h3>\n<p>Mnoho lid\u00ed se dostane do tohoto bodu - a p\u0159esto se neposunou d\u00e1l. Uv\u011bdomuj\u00ed si, \u017ee n\u011bco u\u017e nen\u00ed v po\u0159\u00e1dku, ale rozhodnou se \u201ezat\u00edm\u201c pokra\u010dovat. Z pocitu povinnosti. Ze strachu ze zm\u011bny. Nebo proto, \u017ee doufaj\u00ed, \u017ee se probl\u00e9m vy\u0159e\u0161\u00ed s\u00e1m, kdy\u017e jen dostate\u010dn\u011b dlouho vytrvaj\u00ed.<\/p>\n<p>Tato logika je o\u0161idn\u00e1. Vytrvalost nen\u00ed ctnost sama o sob\u011b. M\u016f\u017ee b\u00fdt u\u017eite\u010dn\u00e1, pokud v\u00edte, pro\u010d vytrvat. St\u00e1v\u00e1 se nebezpe\u010dnou, pokud vytrv\u00e1te, ani\u017e byste se ptali na sv\u016fj sm\u011br.<\/p>\n<p>V takov\u00fdch f\u00e1z\u00edch si \u010dasto \u0159\u00edk\u00e1te, \u017ee je to jen do\u010dasn\u00e9 obdob\u00ed sucha. \u017de prost\u011b mus\u00edte investovat je\u0161t\u011b v\u00edce. Je\u0161t\u011b v\u00edce energie, je\u0161t\u011b v\u00edce \u010dasu, je\u0161t\u011b v\u00edce p\u0159izp\u016fsoben\u00ed. A neuv\u011bdomujete si, \u017ee se sami sob\u011b st\u00e1le v\u00edce vzdalujete.<\/p>\n<p>Zmrazen\u00ed se zde chov\u00e1 jako stopka. P\u0159eru\u0161\u00ed automatick\u00fd pohyb vp\u0159ed a donut\u00ed v\u00e1s zastavit. Ne proto, abyste v\u0161e okam\u017eit\u011b p\u0159evr\u00e1tili, ale abyste zkontrolovali, zda je cesta st\u00e1le spr\u00e1vn\u00e1.<\/p>\n<h3>Vd\u011b\u010dnost m\u00edsto obvi\u0148ov\u00e1n\u00ed<\/h3>\n<p>D\u016fle\u017eit\u00fdm bodem v t\u00e9to souvislosti je ot\u00e1zka viny. Pokud se uk\u00e1\u017ee, \u017ee skute\u010dn\u00fd probl\u00e9m nebyl ve vztahu, ale ve va\u0161em vlastn\u00edm \u017eivotn\u00edm pl\u00e1nu, zm\u011bn\u00ed to v\u00e1\u0161 pohled na druhou osobu.<\/p>\n<p>V m\u00e9m p\u0159\u00edpad\u011b to nebyla \u017e\u00e1dn\u00e1 ho\u0159kost, ale naopak jist\u00e1 forma vd\u011b\u010dnosti. Bez tohoto vztahu, bez tohoto specifick\u00e9ho konfliktu, by z\u00e1sadn\u00ed nerovnov\u00e1ha mohla z\u016fstat dlouho neodhalena. Vn\u011bj\u0161\u00ed p\u0159\u00ed\u010dina byla spou\u0161t\u011b\u010dem - nikoliv p\u0159\u00ed\u010dinou.<\/p>\n<p>Toto rozli\u0161en\u00ed je d\u016fle\u017eit\u00e9. Zabr\u00e1n\u00ed v\u00e1m, abyste si pozd\u011bji p\u0159isuzovali vinu nebo se nechali un\u00e9st vypr\u00e1v\u011bn\u00edm o ob\u011bti. M\u00edsto toho si uv\u011bdomte, \u017ee n\u011bkter\u00e1 setk\u00e1n\u00ed jsou znamen\u00edmi. Ukazuj\u00ed na n\u011bco, co bylo t\u0159eba vid\u011bt tak jako tak.<\/p>\n<h3>Kdy\u017e se jasnost st\u00e1v\u00e1 nepohodlnou<\/h3>\n<p>Jasnost nen\u00ed p\u0159\u00edjemn\u00fd stav. M\u00e1lokdy se dostav\u00ed pocit \u00falevy, alespo\u0148 ne okam\u017eit\u011b. \u010casto jde ruku v ruce s nejistotou, s pocitem, \u017ee stoj\u00edte na rozcest\u00ed, ani\u017e byste p\u0159esn\u011b v\u011bd\u011bli, kudy nov\u00e1 cesta povede.<\/p>\n<p>Jasnost m\u00e1 v\u0161ak rozhoduj\u00edc\u00ed v\u00fdhodu: je up\u0159\u00edmn\u00e1. A up\u0159\u00edmnost je p\u0159edpokladem ka\u017ed\u00e9ho \u017eivotaschopn\u00e9ho rozhodnut\u00ed. Bez odstupu od zmrazen\u00ed by tato jasnost byla st\u011b\u017e\u00ed mo\u017en\u00e1. Bl\u00edzkost by v\u011bci je\u0161t\u011b v\u00edce zaml\u017eila, dynamika by se vyost\u0159ila a skute\u010dn\u00fd probl\u00e9m by zmizel pod n\u00e1nosy ka\u017edodenn\u00edch konflikt\u016f.<\/p>\n<h3>Pro\u010d se mnoz\u00ed tomuto kroku vyh\u00fdbaj\u00ed<\/h3>\n<p>Je pochopiteln\u00e9, \u017ee se mnoho lid\u00ed tomuto kroku vyh\u00fdb\u00e1. Pokud bojujete se \u0161patn\u00fdm probl\u00e9mem, m\u016f\u017eete b\u00fdt alespo\u0148 aktivn\u00ed. Ka\u017ed\u00fd, kdo pozn\u00e1, \u017ee skute\u010dn\u00fd probl\u00e9m le\u017e\u00ed hloub\u011bji, zpo\u010d\u00e1tku z\u016fstane st\u00e1t na m\u00edst\u011b. A st\u00e1t na m\u00edst\u011b p\u016fsob\u00ed hroziv\u011b, zejm\u00e9na ve spole\u010dnosti, kter\u00e1 si plete pohyb s pokrokem.<\/p>\n<p>Ale pr\u00e1v\u011b toto zastaven\u00ed je \u010dasto zlomov\u00fdm bodem. Ne jako trval\u00fd stav, ale jako p\u0159echod. Jako okam\u017eik, kdy p\u0159estanete reflexivn\u011b reagovat a za\u010dnete si kl\u00e1st spr\u00e1vn\u00e9 ot\u00e1zky.<\/p>\n<p>V dal\u0161\u00ed kapitole se pod\u00edv\u00e1me na to, pro\u010d je tak t\u011b\u017ek\u00e9 rozpoznat tunelov\u00e9 vid\u011bn\u00ed - a pro\u010d si ho t\u00e9m\u011b\u0159 v\u017edy v\u0161imnete, a\u017e kdy\u017e v n\u011bm uv\u00edznete na del\u0161\u00ed dobu.<\/p>\n<h2>Tunelov\u00e9 vid\u011bn\u00ed: pro\u010d si ho t\u00e9m\u011b\u0159 nikdy nev\u0161imnete v\u010das<\/h2>\n<p>Tunelov\u00e9 vid\u011bn\u00ed se z\u0159\u00eddkakdy objev\u00ed n\u00e1hle. Nen\u00ed to dramatick\u00fd zlom, nen\u00ed to jasn\u011b rozpoznateln\u00fd okam\u017eik, kdy byste mohli \u0159\u00edct: Od t\u00e9to chv\u00edle budu myslet omezen\u011bji. Naopak. Tunelov\u00e9 vid\u011bn\u00ed se vyv\u00edj\u00ed postupn\u011b. Nar\u016fst\u00e1 s ka\u017edou dal\u0161\u00ed odpov\u011bdnost\u00ed, s ka\u017ed\u00fdm dal\u0161\u00edm kompromisem, s ka\u017ed\u00fdm krokem, kter\u00fd ud\u011bl\u00e1te, p\u0159esto\u017ee u\u017e d\u00e1vno uvnit\u0159 c\u00edt\u00edte, \u017ee n\u011bco u\u017e nen\u00ed v po\u0159\u00e1dku.<\/p>\n<p>Mnoho lid\u00ed \u017eije po l\u00e9ta ve stavu neust\u00e1l\u00e9ho nap\u011bt\u00ed, ani\u017e by si to uv\u011bdomovali. Stres se st\u00e1v\u00e1 zvykem. Vy\u010derp\u00e1n\u00ed se st\u00e1v\u00e1 hlukem v pozad\u00ed. Nespokojenost je relativizov\u00e1na, proto\u017ee \u201eostatn\u00ed na tom nejsou l\u00e9pe\u201c. A v tom spo\u010d\u00edv\u00e1 nebezpe\u010d\u00ed: co je trval\u00e9, p\u0159est\u00e1v\u00e1 b\u00fdt patrn\u00e9.<\/p>\n<p>Vy pracujete. \u00dakoly jsou spln\u011bny. Pln\u00edte o\u010dek\u00e1v\u00e1n\u00ed. A proto\u017ee to v\u0161echno vypad\u00e1 navenek stabiln\u011b, v\u011b\u0159\u00edte, \u017ee jste stabiln\u00ed i uvnit\u0159. Ale u\u017e d\u00e1vno jste se p\u0159izp\u016fsobili stavu, kter\u00fd by ve skute\u010dnosti byl varovn\u00fdm sign\u00e1lem.<\/p>\n<h3>Ztr\u00e1ta vnit\u0159n\u00edho referen\u010dn\u00edho bodu<\/h3>\n<p>Tunelov\u00e9 vid\u011bn\u00ed neznamen\u00e1, \u017ee p\u0159estanete p\u0159em\u00fd\u0161let. Naopak: mnoho lid\u00ed v tunelu p\u0159em\u00fd\u0161l\u00ed nep\u0159etr\u017eit\u011b. Analyzuj\u00ed, pl\u00e1nuj\u00ed, optimalizuj\u00ed a zd\u016fvod\u0148uj\u00ed. To, co jim chyb\u00ed, nen\u00ed aktivita, ale vnit\u0159n\u00ed referen\u010dn\u00ed bod.<\/p>\n<p>Tento referen\u010dn\u00ed bod je pocitem, zda je n\u011bco v z\u00e1sad\u011b spr\u00e1vn\u00e9. Zda je cesta, kterou jste si vybrali, st\u00e1le \u017eivotaschopn\u00e1. Zda va\u0161e vlastn\u00ed energie proud\u00ed sm\u011brem, kter\u00fd m\u00e1 z dlouhodob\u00e9ho hlediska smysl. Pokud tento vnit\u0159n\u00ed kompas dlouhodob\u011b ignorujete, neumlkne okam\u017eit\u011b - ale zti\u0161\u00ed se. A v ur\u010dit\u00e9m okam\u017eiku ho u\u017e t\u00e9m\u011b\u0159 nesly\u0161\u00edte.<\/p>\n<p>M\u00edsto toho se orientujeme na vn\u011bj\u0161\u00ed faktory: term\u00edny, povinnosti, \u010d\u00edsla, o\u010dek\u00e1v\u00e1n\u00ed. \u017divot se st\u00e1v\u00e1 reaktivn\u00edm. Reagujete na po\u017eadavky, m\u00edsto abyste ur\u010dovali sv\u016fj vlastn\u00ed sm\u011br. A proto\u017ee jste neust\u00e1le zanepr\u00e1zdn\u011bni, neuv\u011bdomujete si, jak moc se va\u0161e vlastn\u00ed obzory z\u00fa\u017eily.<\/p>\n<h3>Tunelov\u00e9 vid\u011bn\u00ed je \u010dasto racion\u00e1ln\u00ed<\/h3>\n<p>Jedn\u00edm z obzvl\u00e1\u0161t\u011b z\u00e1ke\u0159n\u00fdch aspekt\u016f tunelov\u00e9ho vid\u011bn\u00ed je to, \u017ee se \u010dasto zd\u00e1 b\u00fdt rozumn\u00e9. Koneckonc\u016f k tomu m\u00e1te dobr\u00e9 d\u016fvody. M\u016f\u017eete vysv\u011btlit, pro\u010d jedn\u00e1te tak, jak jedn\u00e1te. Ka\u017ed\u00e9 rozhodnut\u00ed dok\u00e1\u017eete logicky zd\u016fvodnit. A pr\u00e1v\u011b proto je tak t\u011b\u017ek\u00e9 tunel jako takov\u00fd rozpoznat. \u0158\u00edk\u00e1te si:<\/p>\n<ul>\n<li><em>Te\u010f nen\u00ed ten spr\u00e1vn\u00fd \u010das.<\/em><\/li>\n<li>Nebo: <em>St\u00e1le to mus\u00edm podstoupit<\/em><\/li>\n<li>Nebo: <em>To by v tuto chv\u00edli bylo nezodpov\u011bdn\u00e9.<\/em><\/li>\n<\/ul>\n<p>Tyto v\u011bty nejsou \u0161patn\u00e9. Jsou jen ne\u00fapln\u00e9. Je to proto, \u017ee obvykle berou v \u00favahu pouze kr\u00e1tkodobou logiku - nikoliv dlouhodob\u00fd efekt. Tunelov\u00e9 vid\u011bn\u00ed je m\u00e1lokdy iracion\u00e1ln\u00ed. \u010casto je nadm\u011brn\u011b racion\u00e1ln\u00ed, ale vnit\u0159n\u011b odd\u011blen\u00e9.<\/p>\n<h3>Zku\u0161enosti z krize: Kdy\u017e se z\u00fa\u017e\u00ed v\u00fdhled<\/h3>\n<p>P\u0159i pohledu zp\u011bt lze \u010dasto jasn\u011b rozpoznat f\u00e1ze tunelov\u00e9ho vid\u011bn\u00ed. Zat\u00edmco vy jste uprost\u0159ed n\u00ed, t\u00e9m\u011b\u0159 nikdy. To plat\u00ed i pro v\u00e1\u017en\u00e9 krize, jako je nap\u0159\u00edklad insolvence. Tam je tunel z\u0159ejm\u00fd: finan\u010dn\u00ed starosti, vn\u011bj\u0161\u00ed tlak, existen\u010dn\u00ed ot\u00e1zky. V\u0161e se to\u010d\u00ed kolem jednoho \u00fast\u0159edn\u00edho probl\u00e9mu a v\u0161e ostatn\u00ed ustupuje do pozad\u00ed.<\/p>\n<p>M\u00e9n\u011b z\u0159ejm\u00e9 je, \u017ee nov\u00fd tunel m\u016f\u017ee vznikat i dlouho po takov\u00fdch kriz\u00edch - nen\u00e1padn\u011bj\u0161\u00ed, ti\u0161\u0161\u00ed, ale nem\u00e9n\u011b \u00fa\u010dinn\u00fd. Lid\u00e9 se st\u00e1vaj\u00ed opatrn\u011bj\u0161\u00edmi, mo\u017en\u00e1 i moud\u0159ej\u0161\u00edmi. Lid\u00e9 se vyh\u00fdbaj\u00ed riziku. \u010clov\u011bk si buduje bezpe\u010d\u00ed. A v ur\u010dit\u00e9m okam\u017eiku si ji\u017e neuv\u011bdomujete, \u017ee tyto jistoty se samy staly omezen\u00edm.<\/p>\n<p>Zku\u0161enosti z p\u0159edchoz\u00edch kriz\u00ed mohou b\u00fdt dvojse\u010dn\u00e9. Chr\u00e1n\u00ed p\u0159ed lehkomyslnost\u00ed, ale m\u016f\u017ee tak\u00e9 v\u00e9st k tomu, \u017ee lid\u00e9 p\u0159\u00edli\u0161 dlouho setrv\u00e1vaj\u00ed ve struktur\u00e1ch, kter\u00e9 jim ji\u017e nevyhovuj\u00ed. Ze strachu, \u017ee se znovu propadnou do propasti, lid\u00e9 rad\u011bji z\u016fst\u00e1vaj\u00ed ve zn\u00e1m\u00e9m \u00fazk\u00e9m koridoru - i kdy\u017e u\u017e nenab\u00edz\u00ed \u017e\u00e1dn\u00e9 perspektivy.<\/p>\n<p><img loading=\"lazy\" decoding=\"async\" class=\"alignnone wp-image-4469 size-large\" src=\"https:\/\/www.markus-schall.de\/wp-content\/uploads\/Freezeout-Tunnelblick.jpg\" alt=\"Tunelov\u00e9 vid\u011bn\u00ed v krizi\" width=\"1024\" height=\"683\" srcset=\"https:\/\/www.markus-schall.de\/wp-content\/uploads\/Freezeout-Tunnelblick.jpg 1024w, https:\/\/www.markus-schall.de\/wp-content\/uploads\/Freezeout-Tunnelblick-300x200.jpg 300w, https:\/\/www.markus-schall.de\/wp-content\/uploads\/Freezeout-Tunnelblick-768x512.jpg 768w, https:\/\/www.markus-schall.de\/wp-content\/uploads\/Freezeout-Tunnelblick-18x12.jpg 18w\" sizes=\"auto, (max-width: 1024px) 100vw, 1024px\" \/><\/p>\n<h3>Pro\u010d d\u011bl\u00e1te v tunelu \u0161patn\u00e1 rozhodnut\u00ed<\/h3>\n<p>Rozhodnut\u00ed v tunelu jsou m\u00e1lokdy zcela chybn\u00e1. Jsou funk\u010dn\u00ed. Udr\u017euj\u00ed syst\u00e9m v chodu. \u010casto v\u0161ak nejsou udr\u017eiteln\u00e1. Jsou zam\u011b\u0159ena na omezov\u00e1n\u00ed \u0161kod, nikoli na rozvoj.<\/p>\n<p>Pro rozhodov\u00e1n\u00ed v tunelu je typick\u00fd v\u00fdrazn\u011b zkr\u00e1cen\u00fd \u010dasov\u00fd horizont. U\u017e se nekladou \u017e\u00e1dn\u00e9 dal\u0161\u00ed ot\u00e1zky:<\/p>\n<p><em>Kde chci b\u00fdt za p\u011bt nebo deset let?<\/em><\/p>\n<p>Sta\u010d\u00ed se zeptat: <em>Jak zvl\u00e1dnu p\u0159\u00ed\u0161t\u00edch n\u011bkolik t\u00fddn\u016f?<\/em><\/p>\n<p>Tato logika m\u00e1 smysl v p\u0159\u00edpad\u011b akutn\u00edch mimo\u0159\u00e1dn\u00fdch ud\u00e1lost\u00ed. Problematickou se st\u00e1v\u00e1, kdy\u017e se stane trvalou. Pak postupn\u011b ob\u011btujete dlouhodobou soudr\u017enost ve prosp\u011bch kr\u00e1tkodob\u00e9 \u00falevy. P\u0159ij\u00edm\u00e1te z\u00e1t\u011b\u017e, kterou byste v minulosti nep\u0159ijali. Sni\u017eujete sv\u00e9 vlastn\u00ed standardy - ne v\u011bdom\u011b, ale z vy\u010derp\u00e1n\u00ed.<\/p>\n<h3>Iluze kontroly<\/h3>\n<p>Dal\u0161\u00edm d\u016fsledkem tunelov\u00e9ho vid\u011bn\u00ed je iluze kontroly. M\u00e1te pocit, \u017ee m\u00e1te v\u0161echno pod kontrolou, proto\u017ee neust\u00e1le zasahujete. Monitorujete, korigujete a reagujete. St\u00e1t v klidu v\u00e1m p\u0159ipad\u00e1 nebezpe\u010dn\u00e9, proto\u017ee se zd\u00e1, \u017ee v\u00e1s zbavuje kontroly.<\/p>\n<p>Ve skute\u010dnosti je to \u010dasto naopak. \u010c\u00edm u\u017e\u0161\u00ed je tunel, t\u00edm men\u0161\u00ed je skute\u010dn\u00e1 kontrola. \u0158\u00edd\u00edme se vn\u011bj\u0161\u00edmi okolnostmi, vnit\u0159n\u00edmi tlaky a vlastn\u00edmi povinnostmi. Neust\u00e1l\u00e1 aktivita nenahrad\u00ed nedostatek orientace - pouze ho maskuje.<\/p>\n<p>Zmrazen\u00ed m\u00e1 za n\u00e1sledek do\u010dasnou ztr\u00e1tu kontroly. A pr\u00e1v\u011b proto je pro mnoho lid\u00ed tak obt\u00ed\u017en\u00e9. Ti, kte\u0159\u00ed jsou zvykl\u00ed na tunel, zpo\u010d\u00e1tku vn\u00edmaj\u00ed vystoupen\u00ed jako hrozbu. Teprve s odstupem je jasn\u00e9, \u017ee ne\u0161lo o kapitulaci, ale o nutnou korekci kurzu.<\/p>\n<h3>Pro\u010d cizinci vid\u00ed tunel d\u0159\u00edve<\/h3>\n<p>Zaj\u00edmav\u00e9 je, \u017ee lid\u00e9 zven\u010d\u00ed \u010dasto rozpoznaj\u00ed tunelov\u00e9 vid\u011bn\u00ed d\u0159\u00edve ne\u017e posti\u017een\u00ed sami. V\u0161imnou si, \u017ee je n\u011bkdo podr\u00e1\u017ed\u011bn\u011bj\u0161\u00ed, m\u00e9n\u011b flexibiln\u00ed, m\u00e9n\u011b otev\u0159en\u00fd nov\u00fdm n\u00e1pad\u016fm. Vn\u00edmaj\u00ed, \u017ee se rozhovory to\u010d\u00ed v kruhu, \u017ee ka\u017ed\u00e1 alternativa je okam\u017eit\u011b odm\u00edtnuta.<\/p>\n<p>Nar\u00e1\u017eky zven\u010d\u00ed se v\u0161ak \u010dasto odr\u00e1\u017eej\u00ed. Ne z tvrdohlavosti, ale proto, \u017ee nezapadaj\u00ed do vnit\u0159n\u00edho sou\u0159adnicov\u00e9ho syst\u00e9mu. Pokud jste uv\u00edzli v tunelu, poslouch\u00e1te jen to, co zapad\u00e1 do aktu\u00e1ln\u00ed logiky. V\u0161e ostatn\u00ed se zd\u00e1 nere\u00e1ln\u00e9, naivn\u00ed nebo nezodpov\u011bdn\u00e9.<\/p>\n<p>Teprve kdy\u017e \u00farove\u0148 podn\u011bt\u016f klesne - nap\u0159\u00edklad d\u00edky vzd\u00e1lenosti, odpo\u010dinku nebo v\u011bdom\u00e9mu p\u0159eru\u0161en\u00ed ka\u017edodenn\u00edho \u017eivota - vznik\u00e1 prostor pro jin\u00e9 perspektivy. A pr\u00e1v\u011b zde za\u010d\u00edn\u00e1 skute\u010dn\u00fd p\u0159\u00ednos \"zmrazen\u00ed\".<\/p>\n<h3>Prvn\u00ed pohled p\u0159es okraj tunelu<\/h3>\n<p>Okam\u017eik, kdy tunel rozpozn\u00e1te jako tunel, je vz\u00e1cn\u011b velkolep\u00fd. Nen\u00ed to velk\u00fd aha moment, sp\u00ed\u0161e tich\u00fd \u0161ok. Uv\u011bdom\u00edte si: takhle \u00fazce jsem uva\u017eoval. Ne z hlouposti. Ale z p\u0159et\u00ed\u017een\u00ed.<\/p>\n<p>Tento okam\u017eik je cenn\u00fd, i kdy\u017e je nep\u0159\u00edjemn\u00fd. Ukazuje toti\u017e, \u017ee se v\u00e1\u0161 vnit\u0159n\u00ed zrak op\u011bt roz\u0161\u00ed\u0159il. \u017de za\u010d\u00edn\u00e1te vid\u011bt souvislosti, kter\u00e9 byly d\u0159\u00edve skryt\u00e9. \u017de op\u011bt vid\u00edte alternativy - i kdy\u017e je zat\u00edm nedok\u00e1\u017eete pochopit.<\/p>\n<p>Zmrazen\u00ed nen\u00ed \u0159e\u0161en\u00edm. \u010casto je v\u0161ak prvn\u00edm krokem z tunelu. Ne proto, \u017ee poskytuje odpov\u011bdi, ale proto, \u017ee vytv\u00e1\u0159\u00ed podm\u00ednky pro op\u011btovn\u00e9 kladen\u00ed ot\u00e1zek, kter\u00e9 p\u0159esahuj\u00ed r\u00e1mec okam\u017eit\u00e9ho fungov\u00e1n\u00ed.<\/p>\n<p>V dal\u0161\u00ed kapitole se pod\u00edv\u00e1me na to, pro\u010d je v dne\u0161n\u00ed kultu\u0159e tak obt\u00ed\u017en\u00e9 udr\u017eet si soci\u00e1ln\u00ed odstup - a pro\u010d je p\u0159esto jednou z nejstar\u0161\u00edch a nejspolehliv\u011bj\u0161\u00edch forem sebeodpov\u011bdnosti.<\/p>\n<h2>Vzd\u00e1lenost nen\u00ed \u00fanik<\/h2>\n<p>\u017dijeme v dob\u011b, kdy se dostupnost t\u00e9m\u011b\u0159 rovn\u00e1 spolehlivosti. Ti, kdo reaguj\u00ed rychle, jsou pova\u017eov\u00e1ni za anga\u017eovan\u00e9. Ti, kdo reaguj\u00ed okam\u017eit\u011b, jsou pova\u017eov\u00e1ni za zodpov\u011bdn\u00e9. Ti, kte\u0159\u00ed se vyh\u00fdbaj\u00ed kontaktu, mus\u00ed vysv\u011btlovat, ospravedl\u0148ovat a uv\u00e1d\u011bt d\u016fvody. Vzd\u00e1lenost se stala pot\u0159ebou vysv\u011btlen\u00ed.<\/p>\n<p>Toto o\u010dek\u00e1v\u00e1n\u00ed se net\u00fdk\u00e1 pouze profesn\u00edho kontextu, ale zasahuje i do soukrom\u00e9 sf\u00e9ry. Vztahy, p\u0159\u00e1telstv\u00ed, a dokonce i rodinn\u00e9 vazby jsou pod nevysloven\u00fdm tlakem b\u00fdt neust\u00e1le k dispozici - a to jak emocion\u00e1ln\u011b, tak komunika\u010dn\u011b. Ka\u017ed\u00fd, kdo se st\u00e1hne, by\u0165 jen do\u010dasn\u011b, riskuje nedorozum\u011bn\u00ed. Nebo je\u0161t\u011b h\u016f\u0159e: mor\u00e1ln\u00ed odsouzen\u00ed.<\/p>\n<p>Z historick\u00e9ho hlediska je tato trval\u00e1 bl\u00edzkost sp\u00ed\u0161e v\u00fdjimkou ne\u017e pravidlem.<\/p>\n<p>Je\u0161t\u011b p\u0159ed n\u011bkolika generacemi bylo sta\u017een\u00ed se z trhu zcela norm\u00e1ln\u00ed. Ne demonstrativn\u011b, ne dramaticky, ale prost\u011b jako sou\u010d\u00e1st zdrav\u00e9ho \u017eivotn\u00edho rytmu. \u010clov\u011bk \u0161el \u201edo sebe\u201c. Dali jste si na \u010das. Chv\u00edli jste byli nedostupn\u00ed - ani\u017e by se to hned vykl\u00e1dalo jako probl\u00e9m.<\/p>\n<p>Tento \u00fastup nem\u011bl nic spole\u010dn\u00e9ho s \u00fat\u011bkem. Byl to v\u00fdraz pocitu odpov\u011bdnosti. Ka\u017ed\u00fd, kdo si uv\u011bdomil, \u017ee ztr\u00e1c\u00ed nadhled, se st\u00e1hl do \u00fastran\u00ed, sebral se a dal si my\u0161lenky do po\u0159\u00e1dku. Teprve pak promluvili, rozhodli se a jednali.<\/p>\n<p>Dnes se toto chov\u00e1n\u00ed zd\u00e1 mnoha lidem t\u00e9m\u011b\u0159 ciz\u00ed. Jako byste se museli ospravedl\u0148ovat, pokud nereagujete okam\u017eit\u011b. Jako by udr\u017eov\u00e1n\u00ed odstupu bylo samo o sob\u011b zn\u00e1mkou slabosti nebo nedostatku odhodl\u00e1n\u00ed.<\/p>\n<h3>Modern\u00ed myln\u00e1 p\u0159edstava: pohyb je v\u017edy lep\u0161\u00ed ne\u017e st\u00e1n\u00ed na m\u00edst\u011b<\/h3>\n<p>\u00dast\u0159edn\u00edm kulturn\u00edm omylem na\u0161\u00ed doby je ztoto\u017en\u011bn\u00ed pohybu s pokrokem. Ti, kdo jednaj\u00ed, jsou pova\u017eov\u00e1ni za aktivn\u00ed. Ti, kdo se zastav\u00ed, jsou pasivn\u00ed. Ti, kte\u0159\u00ed st\u00e1le mluv\u00ed, jsou pova\u017eov\u00e1ni za ty, kte\u0159\u00ed hledaj\u00ed \u0159e\u0161en\u00ed. Ti, kdo ml\u010d\u00ed, jsou pova\u017eov\u00e1ni za problematick\u00e9. P\u0159itom se p\u0159ehl\u00ed\u017e\u00ed n\u011bco podstatn\u00e9ho: ne ka\u017ed\u00fd pohyb vede vp\u0159ed. M\u016f\u017eete se tak\u00e9 velmi rychle to\u010dit v kruhu. Nebo se dostat hloub\u011bji a hloub\u011bji do slep\u00e9 uli\u010dky.<\/p>\n<p>Tato myln\u00e1 p\u0159edstava se v krizov\u00fdch situac\u00edch je\u0161t\u011b posiluje. St\u00e1n\u00ed na m\u00edst\u011b je vn\u00edm\u00e1no jako hrozba, jako ztr\u00e1ta kontroly. Proto st\u00e1le mluv\u00edte, vysv\u011btlujete, reagujete - i kdy\u017e jste si u\u017e d\u00e1vno uv\u011bdomili, \u017ee se st\u00e1le v\u00edce vzdalujete od jasnosti.<\/p>\n<p>V tomto kontextu je zmrazen\u00ed jako poru\u0161en\u00ed pravidel. Je v rozporu s o\u010dek\u00e1v\u00e1n\u00edm neust\u00e1l\u00e9 p\u0159\u00edtomnosti. A pr\u00e1v\u011b proto je tak \u010dasto \u0161patn\u011b ch\u00e1p\u00e1no.<\/p>\n<h3>Pro\u010d se dnes vzd\u00e1lenost zd\u00e1 b\u00fdt t\u00e9m\u011b\u0159 podez\u0159el\u00e1<\/h3>\n<p>Vzd\u00e1lenost m\u00e1 v na\u0161\u00ed kultu\u0159e probl\u00e9m s image. Rychle se ztoto\u017e\u0148uje s nez\u00e1jmem, znehodnocen\u00edm nebo citov\u00fdm chladem. Zejm\u00e9na ve vztaz\u00edch vznik\u00e1 obava, \u017ee kdy\u017e si te\u010f budu udr\u017eovat odstup, vy\u0161lu \u0161patn\u00fd sign\u00e1l.<\/p>\n<p>Tato obava nen\u00ed neopodstatn\u011bn\u00e1, proto\u017ee komunikace je dnes tak zhu\u0161t\u011bn\u00e1, \u017ee ka\u017ed\u00e1 mezera je okam\u017eit\u011b interpretov\u00e1na. Ml\u010den\u00ed nen\u00ed ch\u00e1p\u00e1no jako prostor, ale jako sd\u011blen\u00ed. A ten, kdo nic ne\u0159\u00edk\u00e1, u\u017e \u00fadajn\u011b \u0159\u00edk\u00e1 v\u0161echno. To vede k paradoxn\u00ed situaci: lid\u00e9 z\u016fst\u00e1vaj\u00ed v rozhovorech, i kdy\u017e jsou uvnit\u0159 pr\u00e1zdn\u00ed. Diskutuj\u00ed, i kdy\u017e u\u017e nic nevn\u00edmaj\u00ed. Vysv\u011btluj\u00ed, i kdy\u017e u\u017e nerozum\u011bj\u00ed sami sob\u011b. A to v\u0161e jen proto, aby nevyslali \u0161patn\u00fd sign\u00e1l.<\/p>\n<p>Skute\u010dn\u00fdm \u0161patn\u00fdm znamen\u00edm je v\u0161ak \u010dasto pr\u00e1v\u011b toto: pokra\u010dovat, i kdy\u017e jste uvnit\u0159 u\u017e d\u00e1vno ztratili p\u016fdu pod nohama.<\/p>\n<p><img loading=\"lazy\" decoding=\"async\" class=\"alignnone wp-image-4470 size-large\" src=\"https:\/\/www.markus-schall.de\/wp-content\/uploads\/Freezeout-Selbstreflexion.jpg\" alt=\"Odstup a sebereflexe\" width=\"1024\" height=\"683\" srcset=\"https:\/\/www.markus-schall.de\/wp-content\/uploads\/Freezeout-Selbstreflexion.jpg 1024w, https:\/\/www.markus-schall.de\/wp-content\/uploads\/Freezeout-Selbstreflexion-300x200.jpg 300w, https:\/\/www.markus-schall.de\/wp-content\/uploads\/Freezeout-Selbstreflexion-768x512.jpg 768w, https:\/\/www.markus-schall.de\/wp-content\/uploads\/Freezeout-Selbstreflexion-18x12.jpg 18w\" sizes=\"auto, (max-width: 1024px) 100vw, 1024px\" \/><\/p>\n<h3>Vzd\u00e1lenost jako forma odpov\u011bdnosti<\/h3>\n<p>Odstup neznamen\u00e1 vyh\u00fdb\u00e1n\u00ed se odpov\u011bdnosti. Naopak: m\u016f\u017ee b\u00fdt v\u00fdrazem hlub\u0161\u00ed odpov\u011bdnosti. Odpov\u011bdnost nikoli ve smyslu <em>\u201eVydr\u017e\u00edm v\u0161echno\u201c<\/em>, ale ve smyslu<\/p>\n<blockquote><p><em>\u201eNejedn\u00e1m, pokud si nev\u011b\u0159\u00edm.\u201c<\/em>.<\/p><\/blockquote>\n<p>To je jemn\u00fd, ale z\u00e1sadn\u00ed rozd\u00edl.<\/p>\n<p>Ti, kdo se i nad\u00e1le rozhoduj\u00ed uprost\u0159ed vnit\u0159n\u00edho chaosu, nep\u0159ij\u00edmaj\u00ed odpov\u011bdnost - \u0161\u00ed\u0159\u00ed rizika. P\u0159esouvaj\u00ed nejistotu navenek. Zavazuj\u00ed ostatn\u00ed lidi k situaci, kterou si sami nevyjasnili.<\/p>\n<p>M\u00edsto toho se \u0159\u00edk\u00e1 \"freeze-out\": Vydr\u017e\u00edm tento stav po kr\u00e1tkou dobu, abych mohl pozd\u011bji jednat \u010dist\u011b. To nen\u00ed slabost. Je to sebeovl\u00e1d\u00e1n\u00ed.<\/p>\n<h3>Strach z ne\u010dinnosti<\/h3>\n<p>Dal\u0161\u00edm d\u016fvodem, pro\u010d je vzd\u00e1lenost tak obt\u00ed\u017en\u00e1, je strach z ne\u010dinnosti. V tichu se vyno\u0159uj\u00ed ot\u00e1zky, kter\u00e9 byly v ka\u017edodenn\u00edm \u017eivot\u011b \u00fasp\u011b\u0161n\u011b zakr\u00fdv\u00e1ny. Pochybnosti, kter\u00e9 nem\u011bly m\u00edsto. My\u0161lenky, kter\u00e9 jsou nep\u0159\u00edjemn\u00e9.<\/p>\n<p>P\u0159ed t\u011bmito ot\u00e1zkami chr\u00e1n\u00ed st\u00e1l\u00e1 v\u00fdm\u011bna. Udr\u017euje vysokou hladinu vnit\u0159n\u00edho hluku. Vzd\u00e1lenost ji naopak sni\u017euje. A najednou sly\u0161\u00edte v\u011bci, kter\u00e9 jste dlouho sly\u0161et necht\u011bli.<\/p>\n<p>Mnoho lid\u00ed se tomuto okam\u017eiku vyh\u00fdb\u00e1 - ne ze zbab\u011blosti, ale proto, \u017ee jsou p\u0159et\u00ed\u017eeni. Jakmile se toti\u017e na chv\u00edli opravdu zastav\u00edte, nem\u016f\u017eete zaru\u010dit, \u017ee v\u0161e bude pokra\u010dovat jako p\u0159edt\u00edm. A pr\u00e1v\u011b v tom spo\u010d\u00edv\u00e1 skute\u010dn\u00e1 v\u00fdbu\u0161n\u00e1 s\u00edla odstupu: umo\u017e\u0148uje zm\u011bnu, ani\u017e byste ji museli vynucovat.<\/p>\n<h3>\u017d\u00e1dn\u00fd \u00fastup nav\u017edy<\/h3>\n<p>Na tomto m\u00edst\u011b je d\u016fle\u017eit\u00e9 prov\u00e9st jasnou kategorizaci: odstup nen\u00ed trval\u00fd stav. Zastaven\u00ed nen\u00ed zp\u016fsob \u017eivota. Je to f\u00e1ze, nikoli c\u00edl. Ti, kdo se trvale distancuj\u00ed, ztr\u00e1cej\u00ed kontakt - s druh\u00fdmi a v ur\u010dit\u00e9m okam\u017eiku i sami se sebou. Hodnota soci\u00e1ln\u00edho odstupu spo\u010d\u00edv\u00e1 v jeho omezen\u00edch. Ve v\u011bdom\u00e9m rozhodnut\u00ed nereagovat, neobjas\u0148ovat, nefungovat po ur\u010ditou dobu.<\/p>\n<p>A pak - s v\u011bt\u0161\u00edm vnit\u0159n\u00edm \u0159\u00e1dem - znovu vstoupit do vztahu. Nebo u\u010dinit rozhodnut\u00ed, kter\u00e9 p\u0159edt\u00edm nebylo mo\u017en\u00e9.<\/p>\n<h3>Vzd\u00e1lenost jako kulturn\u00ed protipohyb<\/h3>\n<p>V dob\u011b, kter\u00e1 up\u0159ednost\u0148uje st\u00e1lou p\u0159\u00edtomnost, je odstup t\u00e9m\u011b\u0159 protipohybem. Ne z protestu, ale z nutnosti. Je to p\u0159ipom\u00ednka, \u017ee jasnost nevych\u00e1z\u00ed z rychlosti, ale z hloubky.<\/p>\n<p>Mo\u017en\u00e1 je to jeden z d\u016fvod\u016f, pro\u010d se dnes spole\u010densk\u00fd odstup zd\u00e1 tak neobvykl\u00fd: vy\u017eaduje n\u011bco, co u\u017e t\u00e9m\u011b\u0159 nepraktikujeme - trp\u011blivost se sebou sam\u00fdm. A odvahu chv\u00edli nic ned\u011blat, abychom pozd\u011bji mohli ud\u011blat spr\u00e1vnou v\u011bc.<\/p>\n<p>V dal\u0161\u00ed kapitole se pod\u00edv\u00e1me na to, jak m\u016f\u017ee distancov\u00e1n\u00ed vypadat v praxi - bez dramatizace, bez velk\u00fdch gest, bez mechaniky poradenstv\u00ed. M\u00edsto toho jde o jednoduchou, realizovatelnou praxi, kter\u00e1 v mysli vytv\u00e1\u0159\u00ed prostor nam\u00edsto nov\u00fdch po\u017eadavk\u016f.<\/p>\n<h3>Z\u00edskejte odstup - najd\u011bte jasnost<\/h3>\n<p>Toto video je o n\u011b\u010dem, co se v ka\u017edodenn\u00edm \u017eivot\u011b \u010dasto podce\u0148uje: o v\u011bdom\u00e9m odstupu. Uk\u00e1\u017eeme v\u00e1m, pro\u010d odstup nemus\u00ed b\u00fdt \u00fastupem, ale m\u016f\u017ee b\u00fdt p\u0159edpokladem pro znovunabyt\u00ed vnit\u0159n\u00edho klidu, jasnosti a rovnov\u00e1hy.<\/p>\n<div class=\"lyte-wrapper\" style=\"width:640px;max-width:100%;margin:5px;\"><div class=\"lyMe\" id=\"WYL_YIwZJOQUsHE\"><div id=\"lyte_YIwZJOQUsHE\" data-src=\"https:\/\/www.markus-schall.de\/wp-content\/plugins\/wp-youtube-lyte\/lyteCache.php?origThumbUrl=%2F%2Fi.ytimg.com%2Fvi%2FYIwZJOQUsHE%2Fhqdefault.jpg\" class=\"pL\"><div class=\"tC\"><div class=\"tT\"><\/div><\/div><div class=\"play\"><\/div><div class=\"ctrl\"><div class=\"Lctrl\"><\/div><div class=\"Rctrl\"><\/div><\/div><\/div><noscript><a href=\"https:\/\/youtu.be\/YIwZJOQUsHE\" rel=\"nofollow noopener\" target=\"_blank\"><img loading=\"lazy\" decoding=\"async\" src=\"https:\/\/www.markus-schall.de\/wp-content\/plugins\/wp-youtube-lyte\/lyteCache.php?origThumbUrl=https%3A%2F%2Fi.ytimg.com%2Fvi%2FYIwZJOQUsHE%2F0.jpg\" alt=\"Miniatura videa na YouTube\" width=\"640\" height=\"340\" \/><br \/>Pod\u00edvejte se na toto video na YouTube<\/a><\/noscript><\/div><\/div><div class=\"lL\" style=\"max-width:100%;width:640px;margin:5px;\"><\/div><br \/>\nM\u016f\u017eete tak z\u00edskat odstup a vzd\u00e1lenost <a href=\"https:\/\/www.youtube.com\/@LukasRick\" target=\"_blank\" rel=\"nofollow noopener\">Psychoterapie Lukas Rick<\/a><\/p>\n<p>Pomoc\u00ed praktick\u00fdch p\u0159\u00edklad\u016f a klidn\u00fdch podn\u011bt\u016f je c\u00edlem do\u010dasn\u011b se odpoutat od stresov\u00fdch situac\u00ed, my\u0161lenek nebo dynamiky a znovu poc\u00edtit vlastn\u00ed \u00fahel pohledu. Video dopl\u0148uje \u010dl\u00e1nek t\u00edm, \u017ee ukazuje konkr\u00e9tn\u00ed zp\u016fsoby, jak v\u00e1m zdrav\u00e9 hranice, sebereflexe a v\u0161\u00edmavost mohou pomoci uspo\u0159\u00e1dat si \u017eivot v\u011bdom\u011bji a \u010dinit udr\u017eiteln\u00e1 rozhodnut\u00ed pro vlastn\u00ed pohodu.<\/p>\n<h2>Praktick\u00e1 vzd\u00e1lenost - Jak m\u016f\u017ee vypadat zmrazen\u00ed v praxi<\/h2>\n<p>Kdy\u017e mluv\u00edme o distancov\u00e1n\u00ed, mnoho lid\u00ed si okam\u017eit\u011b vybav\u00ed radik\u00e1ln\u00ed kroky. Odlou\u010den\u00ed, n\u011bkolikam\u011bs\u00ed\u010dn\u00ed volno, \u00fapln\u00e9 p\u0159eru\u0161en\u00ed kontaktu. To je odrazuj\u00edc\u00ed - a vede k tomu, \u017ee lid\u00e9 rad\u011bji nem\u011bn\u00ed v\u016fbec nic. Skute\u010dn\u00e1 hodnota odml\u010den\u00ed v\u0161ak \u010dasto spo\u010d\u00edv\u00e1 v jeho jednoduchosti.<\/p>\n<p>Vzd\u00e1lenost nemus\u00ed b\u00fdt velkolep\u00e1. Nemus\u00ed b\u00fdt ohl\u00e1\u0161ena jako \u017eivotn\u00ed zlom. V mnoha p\u0159\u00edpadech sta\u010d\u00ed mal\u00e9, ale z\u0159eteln\u00e9 p\u0159eru\u0161en\u00ed zn\u00e1m\u00e9ho, abychom se nadechli \u010derstv\u00e9ho vzduchu. Rozhoduj\u00edc\u00ed nen\u00ed velikost kroku, ale jeho d\u016fsledek.<\/p>\n<p>Freeze-out nen\u00ed \u00fa\u010dinn\u00fd proto, \u017ee je dramatick\u00fd, ale proto, \u017ee d\u016fsledn\u011b vytv\u00e1\u0159\u00ed prostor.<\/p>\n<h3>Kr\u00e1tk\u00e9 p\u0159est\u00e1vky - a pro\u010d n\u011bkdy sta\u010d\u00ed<\/h3>\n<p>N\u011bkdy sta\u010d\u00ed velmi kr\u00e1tk\u00e9 p\u0159eru\u0161en\u00ed. Hodina bez dialogu. Ve\u010der bez rozhovoru. Proch\u00e1zka bez hudby, bez podcastu, bez rozpt\u00fdlen\u00ed. Takov\u00e9 minip\u0159est\u00e1vky jsou \u010dasto podce\u0148ov\u00e1ny, ale v akutn\u00edch situac\u00edch mohou b\u00fdt p\u0159ekvapiv\u011b \u00fa\u010dinn\u00e9.<\/p>\n<p>Zejm\u00e9na lid\u00e9, kte\u0159\u00ed jsou jinak neust\u00e1le pod tlakem, si v takov\u00fdch chv\u00edl\u00edch poprv\u00e9 uv\u011bdom\u00ed, jak vysok\u00e1 je vlastn\u011b jejich vnit\u0159n\u00ed hladina hluku. Teprve kdy\u017e se sn\u00ed\u017e\u00ed, uv\u011bdom\u00edte si, jak moc jste se nechali strhnout reak\u010dn\u00edm re\u017eimem.<\/p>\n<p>Tyto kr\u00e1tk\u00e9 p\u0159est\u00e1vky nenahrad\u00ed v\u011bt\u0161\u00ed vzd\u00e1lenost, ale mohou b\u00fdt prvn\u00ed zkou\u0161kou. Opatrn\u00fd p\u0159\u00edstup ke zku\u0161enosti, jak\u00e9 to je, kdy\u017e nemus\u00edte okam\u017eit\u011b reagovat.<\/p>\n<h3>Kdy\u017e v\u00edkend p\u0159in\u00e1\u0161\u00ed v\u00edce ne\u017e sto rozhovor\u016f.<\/h3>\n<p>V ostatn\u00edch p\u0159\u00edpadech jedna hodina nesta\u010d\u00ed. C\u00edt\u00edte, \u017ee se v\u00e1m st\u00e1le to\u010d\u00ed hlava, \u017ee se va\u0161e my\u0161lenky neuklid\u0148uj\u00ed. Pak m\u016f\u017ee m\u00edt smysl ud\u011blat si del\u0161\u00ed p\u0159est\u00e1vku - nap\u0159\u00edklad o samot\u011b o v\u00edkendu.<\/p>\n<p>Zm\u011bna lokality zde \u010dasto d\u011bl\u00e1 divy. Ne proto, \u017ee by \u0159e\u0161ila probl\u00e9my, ale proto\u017ee p\u0159eru\u0161\u00ed zn\u00e1m\u00e9 podn\u011bty. Jin\u00e9 prost\u0159ed\u00ed, jin\u00e9 zvuky, jin\u00e1 rutina. Mal\u00e9 Airbnb, penzion, m\u00edsto, kde nemus\u00edte nikomu nic vysv\u011btlovat.<\/p>\n<p>M\u00edsto nen\u00ed tak d\u016fle\u017eit\u00e9 jako p\u0159\u00edstup: tento v\u00edkend nen\u00ed dovolen\u00e1, ale ani sebeoptimaliza\u010dn\u00ed opat\u0159en\u00ed. Nejde o vytv\u00e1\u0159en\u00ed pl\u00e1n\u016f nebo vnucov\u00e1n\u00ed \u0159e\u0161en\u00ed. Jde o vytvo\u0159en\u00ed prostoru.<\/p>\n<p>Mnoho lid\u00ed je p\u0159ekvapeno, jak rychle se vnit\u0159n\u00ed tlak sn\u00ed\u017e\u00ed, kdy\u017e se odstran\u00ed ka\u017edodenn\u00ed dynamika. Ne v\u0161echno se vyjasn\u00ed - ale n\u011bkter\u00e9 v\u011bci se zklidn\u00ed. A to je \u010dasto prvn\u00ed krok k jasnosti.<\/p>\n<h3>\u010ceho byste se m\u011bli v tomto obdob\u00ed v\u011bdom\u011b vyvarovat<\/h3>\n<p>Zmrazen\u00ed nen\u00ed projekt. Nepot\u0159ebuje program ani pl\u00e1n. Naopak: \u010d\u00edm v\u00edce se ho sna\u017e\u00edte \u201evyu\u017e\u00edt\u201c, t\u00edm rychleji ztr\u00e1c\u00ed sv\u016fj \u00fa\u010dinek. Existuje n\u011bkolik v\u011bc\u00ed, kter\u00fdch byste se m\u011bli b\u011bhem t\u00e9to f\u00e1ze v\u011bdom\u011b zdr\u017eet:<\/p>\n<ul>\n<li>\u017d\u00e1dn\u00e1 z\u00e1sadn\u00ed rozhodnut\u00ed<\/li>\n<li>\u017d\u00e1dn\u00e9 dlouh\u00e9 intern\u00ed debaty<\/li>\n<li>\u017d\u00e1dn\u00e9 ment\u00e1ln\u00ed ospravedl\u0148ov\u00e1n\u00ed druh\u00fdch<\/li>\n<li>\u017d\u00e1dn\u00e9 ment\u00e1ln\u00ed zku\u0161ebn\u00ed pohovory<\/li>\n<\/ul>\n<p>To v\u0161e udr\u017euje star\u00fd re\u017eim p\u0159i \u017eivot\u011b. Vnit\u0159n\u011b z\u016fst\u00e1v\u00e1te ve vztahu, v konfliktu, v probl\u00e9mu - i kdy\u017e jste se navenek distancovali.<\/p>\n<p>\u00da\u010delem zmrazen\u00ed nen\u00ed p\u0159em\u00fd\u0161let o situaci, ale uv\u011bdomit si sv\u016fj vlastn\u00ed stav.<\/p>\n<h3>Vn\u00edm\u00e1n\u00ed m\u00edsto anal\u00fdzy<\/h3>\n<p>Mnoho lid\u00ed je zvykl\u00fdch p\u0159istupovat k probl\u00e9m\u016fm analyticky. To je siln\u00e1 str\u00e1nka - ve stabiln\u00edch f\u00e1z\u00edch. V krizov\u00fdch situac\u00edch se to m\u016f\u017ee st\u00e1t past\u00ed. Anal\u00fdza bez vnit\u0159n\u00edho klidu toti\u017e m\u00e1lokdy vede k proz\u0159en\u00ed. Obvykle pouze vytv\u00e1\u0159\u00ed dal\u0161\u00ed my\u0161lenkov\u00e9 smy\u010dky. F\u00e1ze odstupu je tedy o n\u011b\u010dem jin\u00e9m: o vn\u00edm\u00e1n\u00ed.<\/p>\n<ul>\n<li>Jak se t\u011blo c\u00edt\u00ed, kdy\u017e nedoch\u00e1z\u00ed k v\u00fdm\u011bn\u011b?<\/li>\n<li>Je vnit\u0159n\u00edho neklidu m\u00e9n\u011b nebo v\u00edce?<\/li>\n<li>Objevuj\u00ed se n\u011bkter\u00e9 my\u0161lenky znovu - nebo naopak miz\u00ed?<\/li>\n<\/ul>\n<p>Tato pozorov\u00e1n\u00ed jsou \u010dasto v\u00fdznamn\u011bj\u0161\u00ed ne\u017e jak\u00e1koli anal\u00fdza. Ukazuj\u00ed, v \u010dem spo\u010d\u00edv\u00e1 skute\u010dn\u00e9 nap\u011bt\u00ed. Ne logicky, ale hmatateln\u011b.<\/p>\n<h3>Nevynucujte si okam\u017eit\u00e9 objasn\u011bn\u00ed<\/h3>\n<p>\u010castou chybou je ch\u00e1pat zmrazen\u00ed jako p\u0159\u00edpravu na \u201evelk\u00fd objas\u0148uj\u00edc\u00ed rozhovor\u201c. To vytv\u00e1\u0159\u00ed tlak - a vrac\u00ed dynamiku zp\u011bt p\u0159\u00edli\u0161 brzy. Vyjasn\u011bn\u00ed nep\u0159ich\u00e1z\u00ed na povel. \u010casto vznik\u00e1 nep\u0159\u00edmo. Najednou si uv\u011bdom\u00edte, \u017ee n\u011bkter\u00e1 t\u00e9mata ztr\u00e1cej\u00ed na d\u016fle\u017eitosti. Nebo \u017ee se do pop\u0159ed\u00ed dost\u00e1vaj\u00ed jin\u00e9 probl\u00e9my, kter\u00e9 byly p\u0159edt\u00edm sotva viditeln\u00e9.<\/p>\n<p>Tento posun je t\u0159eba br\u00e1t v\u00e1\u017en\u011b. Nen\u00ed to zn\u00e1mka represe, ale reorganizace. Pokud ji p\u0159ekryjete p\u0159\u00edli\u0161 brzk\u00fdm rozhovorem, riskujete, \u017ee se vr\u00e1t\u00edte ke star\u00fdm vzorc\u016fm.<\/p>\n<h3>Spr\u00e1vn\u00fd \u010das na n\u00e1vrat<\/h3>\n<p>Vzd\u00e1lenost automaticky nekon\u010d\u00ed po ur\u010dit\u00e9 dob\u011b. Neexistuje \u017e\u00e1dn\u00e1 pevn\u00e1 m\u00edra. Spr\u00e1vn\u00fd \u010das pro n\u00e1vrat na v\u00fdm\u011bnu lze \u010dasto poznat podle toho, \u017ee u\u017e nemus\u00edte, ale m\u016f\u017eete.<\/p>\n<p>M\u00e1te pocit, \u017ee m\u016f\u017eete znovu naslouchat, ani\u017e byste se ztratili. \u017de m\u016f\u017eete mluvit, ani\u017e byste se museli ospravedl\u0148ovat. \u017de m\u016f\u017eete kl\u00e1st ot\u00e1zky, ani\u017e byste okam\u017eit\u011b pot\u0159ebovali odpov\u011bdi.<\/p>\n<p>Tento stav nen\u00ed dokonal\u00fd. Je v\u0161ak dostate\u010dn\u011b stabiln\u00ed na to, abyste mohli znovu vstoupit do vztahu - a\u0165 u\u017e formou rozhovoru, rozhodnut\u00ed nebo dokonce rozchodu, kter\u00fd se pak neuskute\u010d\u0148uje na z\u00e1klad\u011b emoc\u00ed.<\/p>\n<h3>Vzd\u00e1lenost jako opakovateln\u00e1 praxe<\/h3>\n<p>Zmrazen\u00ed nen\u00ed jednor\u00e1zov\u00fd n\u00e1stroj. M\u016f\u017ee se st\u00e1t sou\u010d\u00e1st\u00ed v\u011bdom\u011bj\u0161\u00edho zp\u016fsobu \u0159e\u0161en\u00ed kriz\u00ed. Ne automaticky, ale jako jedna z mo\u017enost\u00ed. Jako mo\u017enost, kterou si uv\u011bdomujete a kterou m\u016f\u017eete pou\u017e\u00edt, kdy\u017e si uv\u011bdom\u00edte, \u017ee se v\u00e1\u0161 v\u00fdhled op\u011bt zu\u017euje.<\/p>\n<p>P\u0159i zp\u011btn\u00e9m pohledu mnoho lid\u00ed uv\u00e1d\u00ed, \u017ee si p\u0159ej\u00ed, aby tento krok u\u010dinili d\u0159\u00edve. Ne proto, \u017ee by to v\u0161echno vy\u0159e\u0161ilo, ale proto, \u017ee by to zabr\u00e1nilo tomu, aby se ztratili na del\u0161\u00ed dobu.<\/p>\n<p><img loading=\"lazy\" decoding=\"async\" class=\"alignnone wp-image-4204 size-large\" src=\"https:\/\/www.markus-schall.de\/wp-content\/uploads\/KI-fuer-Einsteiger-Smartphone.jpg\" alt=\"\" width=\"1024\" height=\"683\" srcset=\"https:\/\/www.markus-schall.de\/wp-content\/uploads\/KI-fuer-Einsteiger-Smartphone.jpg 1024w, https:\/\/www.markus-schall.de\/wp-content\/uploads\/KI-fuer-Einsteiger-Smartphone-300x200.jpg 300w, https:\/\/www.markus-schall.de\/wp-content\/uploads\/KI-fuer-Einsteiger-Smartphone-768x512.jpg 768w, https:\/\/www.markus-schall.de\/wp-content\/uploads\/KI-fuer-Einsteiger-Smartphone-18x12.jpg 18w\" sizes=\"auto, (max-width: 1024px) 100vw, 1024px\" \/><\/p>\n<h2>Sebereflexe s um\u011blou inteligenc\u00ed - modern\u00ed prostor pro my\u0161len\u00ed ve freeze-outu<\/h2>\n<p>Zmrazen\u00ed neznamen\u00e1, \u017ee jste zcela odk\u00e1z\u00e1ni sami na sebe. Odstup od lid\u00ed nemus\u00ed nutn\u011b znamenat odstup od reflexe. Zvl\u00e1\u0161t\u011b kdy\u017e jste sami, m\u016f\u017ee b\u00fdt u\u017eite\u010dn\u00e9 strukturovat sv\u016fj vnit\u0159n\u00ed dialog - nikoliv prost\u0159ednictv\u00edm rozpt\u00fdlen\u00ed, ale prost\u0159ednictv\u00edm prot\u011bj\u0161ku, kter\u00fd naslouch\u00e1, ani\u017e by reagoval, soudil nebo m\u011bl o\u010dek\u00e1v\u00e1n\u00ed.<\/p>\n<p>Spr\u00e1vn\u011b pou\u017eit\u00e1 um\u011bl\u00e1 inteligence zde m\u016f\u017ee hr\u00e1t \u00fa\u017easn\u011b u\u017eite\u010dnou roli. Ne jako poradce, ne jako n\u00e1hrada va\u0161ich vlastn\u00edch rozhodnut\u00ed, ale jako zrcadlo. Jako n\u00e1stroj pro uspo\u0159\u00e1d\u00e1n\u00ed my\u0161lenek, zviditeln\u011bn\u00ed slep\u00fdch m\u00edst a rozpozn\u00e1n\u00ed souvislost\u00ed rychleji, ne\u017e to \u010dasto dok\u00e1\u017eete v klidn\u00e9m zamy\u0161len\u00ed.<\/p>\n<h3>Pro\u010d se mluven\u00ed se sebou sam\u00fdm v hlav\u011b \u010dasto to\u010d\u00ed v kruhu<\/h3>\n<p>Mnoho lid\u00ed vyu\u017e\u00edv\u00e1 vzd\u00e1lenost k \u201ep\u0159em\u00fd\u0161len\u00ed\u201c. \u010casto v\u0161ak d\u011blaj\u00ed n\u011bco jin\u00e9ho: opakuj\u00ed stejn\u00e9 my\u0161lenkov\u00e9 smy\u010dky. Stejn\u00e9 argumenty, stejn\u00e1 zd\u016fvodn\u011bn\u00ed, stejn\u00e9 starosti st\u00e1le dokola. To nen\u00ed skute\u010dn\u00e9 p\u0159em\u00fd\u0161len\u00ed, ale du\u0161evn\u00ed sebest\u0159ednost.<\/p>\n<p>D\u016fvod je jednoduch\u00fd: va\u0161e vlastn\u00ed mysl si jen z\u0159\u00eddkakdy klade nov\u00e9 ot\u00e1zky. Potvrzuje to, co u\u017e v\u00ed. Zejm\u00e9na v krizov\u00fdch situac\u00edch jsme vnit\u0159n\u011b zaujat\u00ed ve prosp\u011bch ur\u010dit\u00fdch vysv\u011btlen\u00ed a proti jin\u00fdm. Um\u011bl\u00e1 inteligence zde m\u016f\u017ee zaplnit mezeru, ne proto, \u017ee by byla chyt\u0159ej\u0161\u00ed, ale proto, \u017ee klade jin\u00e9 ot\u00e1zky.<\/p>\n<h3>UI jako partner pro strukturovan\u00fd dialog<\/h3>\n<p>Velk\u00e1 v\u00fdhoda um\u011bl\u00e9 inteligence ve f\u00e1zi zmrazen\u00ed spo\u010d\u00edv\u00e1 v jej\u00ed neutralit\u011b. Nen\u00ed emocion\u00e1ln\u011b anga\u017eovan\u00e1. Nec\u00edt\u00ed se b\u00fdt napadena. Nereaguje defenzivn\u011b. A je k dispozici po celou dobu, ani\u017e by vzn\u00e1\u0161ela po\u017eadavky.<\/p>\n<p>Kdy\u017e za\u010dnete um\u011bl\u00e9 inteligenci popisovat svou vlastn\u00ed situaci - klidn\u011b, objektivn\u011b, bez dramatizace - \u010dasto se rychle objev\u00ed n\u011bco, \u010deho byste jen v hlav\u011b t\u011b\u017eko dos\u00e1hli: struktura. My\u0161lenky, kter\u00e9 byly d\u0159\u00edve nejasn\u00e9, se st\u00e1vaj\u00ed hmatateln\u011bj\u0161\u00edmi. Rozpory se st\u00e1vaj\u00ed viditeln\u00fdmi. A n\u011bkdy si najednou uv\u011bdom\u00edte, \u017ee v\u00e1m u\u017e t\u00fddny b\u011b\u017e\u00ed hlavou ot\u00e1zka, kterou jste nikdy jasn\u011b neformulovali.<\/p>\n<h3>Rychleji k j\u00e1dru - bez zkratek<\/h3>\n<p>\u010cast\u00e1 n\u00e1mitka zn\u00ed: \u201eMus\u00edte si to vy\u0159e\u0161it sami.\u201c To je pravda - ale vyjasnit si v\u011bci neznamen\u00e1 zjistit si v\u0161echno s\u00e1m. Um\u011bl\u00e1 inteligence v\u00e1s nezbavuje rozhodov\u00e1n\u00ed. Nenahrazuje odpov\u011bdnost. M\u016f\u017ee v\u00e1m v\u0161ak pomoci rychleji se dostat k j\u00e1dru v\u011bci.<\/p>\n<p>To se projevuje zejm\u00e9na v profesn\u00ed sf\u00e9\u0159e. Mnoho lid\u00ed se c\u00edt\u00ed nespokojeno, ale nedok\u00e1\u017eou p\u0159ij\u00edt na p\u0159\u00ed\u010dinu. Je to kv\u016fli pr\u00e1ci? Struktura? Zodpov\u011bdnost? Nebo jejich vlastn\u00ed \u00farove\u0148 o\u010dek\u00e1v\u00e1n\u00ed? Dob\u0159e veden\u00fd dialog o um\u011bl\u00e9 inteligenci m\u016f\u017ee tyto \u00farovn\u011b odd\u011blit a zviditelnit to, co by se jinak rozmazalo.<\/p>\n<p>Tot\u00e9\u017e plat\u00ed i v soukrom\u00e9 sf\u00e9\u0159e. M\u00edsto toho, abyste uva\u017eovali obecn\u011b, \u017ee \u201ev\u0161echno u\u017e se nehod\u00ed\u201c, m\u016f\u017eete s pomoc\u00ed um\u011bl\u00e9 inteligence rozli\u0161ovat: Co p\u0159esn\u011b se c\u00edt\u00ed \u0161patn\u011b? Od kdy? V jak\u00fdch konkr\u00e9tn\u00edch situac\u00edch? Takov\u00e9 ot\u00e1zky jsou nep\u0159\u00edjemn\u00e9 - ale p\u0159in\u00e1\u0161ej\u00ed pohyb do zako\u0159en\u011bn\u00fdch my\u0161lenkov\u00fdch struktur.<\/p>\n<h3>Nen\u00ed to terapie, ale \u00fa\u010dinn\u00fd n\u00e1stroj<\/h3>\n<p>Je d\u016fle\u017eit\u00e9 prov\u00e9st jasnou kategorizaci: um\u011bl\u00e1 inteligence nen\u00ed terapie. Nenahrazuje odbornou pomoc ani lidsk\u00fd dialog, pokud je to nezbytn\u00e9. Je v\u0161ak n\u00e1strojem, kter\u00fd m\u016f\u017ee b\u00fdt podce\u0148ov\u00e1n, pokud je pou\u017e\u00edv\u00e1n pouze jako zdroj informac\u00ed.<\/p>\n<p>Spr\u00e1vn\u011b pou\u017eit\u00e1 um\u011bl\u00e1 inteligence m\u016f\u017ee pomoci urychlit intern\u00ed procesy, ani\u017e by je zkracovala. Vynucuje si formulaci. A ka\u017ed\u00fd, kdo n\u011bco formuluje, mus\u00ed m\u00edt alespo\u0148 z\u00e1kladn\u00ed znalosti. Mnoho poznatk\u016f nez\u00edsk\u00e1te prost\u0159ednictv\u00edm odpov\u011bd\u00ed, ale polo\u017een\u00edm spr\u00e1vn\u00e9 ot\u00e1zky.<\/p>\n<hr \/>\n<h3>Aktu\u00e1ln\u00ed pr\u016fzkum pou\u017e\u00edv\u00e1n\u00ed m\u00edstn\u00edch syst\u00e9m\u016f um\u011bl\u00e9 inteligence<\/h3>\n<div class='bootstrap-yop yop-poll-mc'>\n\t\t\t\t\t\t\t<div class=\"basic-yop-poll-container\" style=\"background-color:#ffffff; border:0px; border-style:solid; border-color:#000000; border-radius:5px; padding:0px 5px;\" data-id=\"9\" data-temp=\"basic-pretty\" data-skin=\"square\" data-cscheme=\"blue\" data-cap=\"0\" data-access=\"guest\" data-tid=\"\" data-uid=\"a68570ad8ce69a97d71381585fe3a279\" data-pid=\"5130\" data-resdet=\"votes-number,percentages\" data-show-results-to=\"guest\" data-show-results-moment=\"after-vote\" data-show-results-only=\"false\" data-show-message=\"true\" data-show-results-as=\"bar\" data-sort-results-by=\"as-defined\" data-sort-results-rule=\"asc\"data-is-ended=\"0\" data-percentages-decimals=\"2\" data-gdpr=\"no\" data-gdpr-sol=\"consent\" data-css=\".basic-yop-poll-container[data-uid] .basic-vote {\t\t\t\t\t\t\t\t\ttext-align: center;\t\t\t\t\t\t\t\t}\" data-counter=\"0\" data-load-with=\"1\" data-notification-section=\"top\"><div class=\"row\"><div class=\"col-md-12\"><div class=\"basic-inner\"><div class=\"basic-message hide\" style=\"border-left: 10px solid #008000; padding: 0px 10px;\" data-error=\"#ff0000\" data-success=\"#008000\"><p class=\"basic-message-text\" style=\"color:#000000; font-size:14px; font-weight:normal;\"><\/p><\/div><div class=\"basic-overlay hide\"><div class=\"basic-vote-options\"><\/div><div class=\"basic-preloader\"><div class=\"basic-windows8\"><div class=\"basic-wBall basic-wBall_1\"><div class=\"basic-wInnerBall\"><\/div><\/div><div class=\"basic-wBall basic-wBall_2\"><div class=\"basic-wInnerBall\"><\/div><\/div><div class=\"basic-wBall basic-wBall_3\"><div class=\"basic-wInnerBall\"><\/div><\/div><div class=\"basic-wBall basic-wBall_4\"><div class=\"basic-wInnerBall\"><\/div><\/div><div class=\"basic-wBall basic-wBall_5\"><div class=\"basic-wInnerBall\"><\/div><\/div><\/div><\/div><\/div><form class=\"basic-form\" action=\"\"><input type=\"hidden\" name=\"_token\" value=\"09992dda19\" autocomplete=\"off\"><div class=\"basic-elements\"><div class=\"basic-element basic-question basic-question-text-vertical\" data-id=\"9\" data-uid=\"a0d4019af58f8de17833efd23befc8e0\" data-type=\"question\" data-question-type=\"text\" data-required=\"yes\" data-allow-multiple=\"no\" data-min=\"1\" data-max=\"7\" data-display=\"vertical\" data-colnum=\"\" data-display-others=\"no\" data-others-color=\"\" data-others=\"\" data-others-max-chars=\"0\"><div class=\"basic-question-title\"><h5 style=\"color:#000000; font-size:16px; font-weight:normal; text-align:left;\">Co si mysl\u00edte o lok\u00e1ln\u011b provozovan\u00e9m softwaru AI, jako je MLX nebo Ollama?<\/h5><\/div><ul class=\"basic-answers\"><li class=\"basic-answer\" style=\"padding:0px 0px;\" data-id=\"45\" data-type=\"text\" data-vn=\"136\" data-color=\"#000000\" data-make-link=\"no\" data-link=\"\"><div class=\"basic-answer-content basic-text-vertical\"><label for=\"answer[45]\" class=\"basic-answer-label\"><input type=\"radio\" id=\"answer[45]\" name=\"answer[9]\" value=\"45\"><span class=\"basic-text\" style=\"color: #000000; font-size: 14px; font-weight: normal;\">D\u016fmysln\u00e9 - kone\u010dn\u011b nez\u00e1visl\u00e9 na cloudu<\/span><\/label><\/div><\/li><li class=\"basic-answer\" style=\"padding:0px 0px;\" data-id=\"46\" data-type=\"text\" data-vn=\"25\" data-color=\"#000000\" data-make-link=\"no\" data-link=\"\"><div class=\"basic-answer-content basic-text-vertical\"><label for=\"answer[46]\" class=\"basic-answer-label\"><input type=\"radio\" id=\"answer[46]\" name=\"answer[9]\" value=\"46\"><span class=\"basic-text\" style=\"color: #000000; font-size: 14px; font-weight: normal;\">Zaj\u00edmav\u00e9, ale (st\u00e1le) p\u0159\u00edli\u0161 slo\u017eit\u00e9<\/span><\/label><\/div><\/li><li class=\"basic-answer\" style=\"padding:0px 0px;\" data-id=\"47\" data-type=\"text\" data-vn=\"27\" data-color=\"#000000\" data-make-link=\"no\" data-link=\"\"><div class=\"basic-answer-content basic-text-vertical\"><label for=\"answer[47]\" class=\"basic-answer-label\"><input type=\"radio\" id=\"answer[47]\" name=\"answer[9]\" value=\"47\"><span class=\"basic-text\" style=\"color: #000000; font-size: 14px; font-weight: normal;\">Brzy to vyzkou\u0161\u00edm<\/span><\/label><\/div><\/li><li class=\"basic-answer\" style=\"padding:0px 0px;\" data-id=\"48\" data-type=\"text\" data-vn=\"5\" data-color=\"#000000\" data-make-link=\"no\" data-link=\"\"><div class=\"basic-answer-content basic-text-vertical\"><label for=\"answer[48]\" class=\"basic-answer-label\"><input type=\"radio\" id=\"answer[48]\" name=\"answer[9]\" value=\"48\"><span class=\"basic-text\" style=\"color: #000000; font-size: 14px; font-weight: normal;\">Nepot\u0159ebuji ho - cloud mi sta\u010d\u00ed.<\/span><\/label><\/div><\/li><li class=\"basic-answer\" style=\"padding:0px 0px;\" data-id=\"49\" data-type=\"text\" data-vn=\"3\" data-color=\"#000000\" data-make-link=\"no\" data-link=\"\"><div class=\"basic-answer-content basic-text-vertical\"><label for=\"answer[49]\" class=\"basic-answer-label\"><input type=\"radio\" id=\"answer[49]\" name=\"answer[9]\" value=\"49\"><span class=\"basic-text\" style=\"color: #000000; font-size: 14px; font-weight: normal;\">Nev\u00edm p\u0159esn\u011b, o \u010dem to je.<\/span><\/label><\/div><\/li><\/ul><\/div><div class=\"clearfix\"><\/div><\/div><div class=\"basic-vote\"><a href=\"#\" class=\"button basic-vote-button\" role=\"button\" style=\"background:#027bb8; border:0px; border-style: solid; border-color:#000000; border-radius:5px; padding:10px 10px; color:#ffffff; font-size:14px; font-weight:normal;\">Hlasujte na<\/a><\/div><input type=\"hidden\" name=\"trp-form-language\" value=\"cs\"\/><\/form><\/div><\/div><\/div><\/div>\n\t\t\t\t\t\t<\/div>\n<hr \/>\n<h3>P\u0159\u00edstup ur\u010duje p\u0159\u00ednos<\/h3>\n<p>To, zda je um\u011bl\u00e1 inteligence ve f\u00e1zi zmrazen\u00ed u\u017eite\u010dn\u00e1, nez\u00e1vis\u00ed ani tak na n\u00e1stroji, jako sp\u00ed\u0161e na p\u0159\u00edstupu. Ti, kte\u0159\u00ed pou\u017e\u00edvaj\u00ed um\u011blou inteligenci k z\u00edsk\u00e1n\u00ed rychl\u00e9ho potvrzen\u00ed, z\u00edskaj\u00ed jen m\u00e1lo. Ti, kte\u0159\u00ed ji pou\u017e\u00edvaj\u00ed k umo\u017en\u011bn\u00ed nep\u0159\u00edjemn\u00fdch ot\u00e1zek, mohou doj\u00edt p\u0159ekvapiv\u011b daleko.<\/p>\n<p>Je u\u017eite\u010dn\u00e9 neza\u010d\u00ednat s n\u011bjak\u00fdm c\u00edlem, ale s otev\u0159enou mysl\u00ed. Ned\u011blejte to: <em>\u201e\u0158ekni mi, co m\u00e1m d\u011blat.\u201c<\/em><\/p>\n<p>Ale sp\u00ed\u0161e: <em>\u201ePomozte mi pochopit, o co tu vlastn\u011b jde.\u201c<\/em><\/p>\n<p>Tento p\u0159\u00edstup dob\u0159e koresponduje se samotn\u00fdm zmrazen\u00edm. Oboj\u00ed nen\u00ed \u00fat\u011bk vp\u0159ed, ale pohyb dovnit\u0159 - podpo\u0159en\u00fd sp\u00ed\u0161e strukturou ne\u017e rozpt\u00fdlen\u00edm.<\/p>\n<h3>Modern\u00ed, klidn\u00fd prostor pro p\u0159em\u00fd\u0161len\u00ed<\/h3>\n<p>V minulosti jste mo\u017en\u00e1 hledali mentora, psali si den\u00edk nebo chodili na dlouh\u00e9 proch\u00e1zky. To v\u0161e m\u00e1 st\u00e1le svou hodnotu. Um\u011bl\u00e1 inteligence tyto formy dopl\u0148uje, ale nenahrazuje je. Nab\u00edz\u00ed klidn\u00fd prostor k p\u0159em\u00fd\u0161len\u00ed, kter\u00fd je k dispozici kdykoli, bez soci\u00e1ln\u00ed dynamiky a o\u010dek\u00e1v\u00e1n\u00ed.<\/p>\n<p>To m\u016f\u017ee b\u00fdt obzvl\u00e1\u0161t\u011b \u00falevn\u00e9 v obdob\u00ed vzd\u00e1lenosti. M\u016f\u017eete si vyzkou\u0161et my\u0161lenky, zavrhnout je, p\u0159eformulovat - bez n\u00e1sledk\u016f. A n\u011bkdy je to pr\u00e1v\u011b tato svoboda, kter\u00e1 v\u00e1m umo\u017en\u00ed b\u00fdt k sob\u011b up\u0159\u00edmn\u011bj\u0161\u00ed, ne\u017e byste mohli b\u00fdt p\u0159i rozhovoru s druh\u00fdmi.<\/p>\n<p>V tomto smyslu nen\u00ed um\u011bl\u00e1 inteligence cizorod\u00fdm t\u011blesem ve zmrazen\u00ed, ale sou\u010dasn\u00fdm roz\u0161\u00ed\u0159en\u00edm: n\u00e1strojem, kter\u00fd nejen pom\u00e1h\u00e1 udr\u017eovat odstup, ale tak\u00e9 jej rozumn\u011b vyu\u017e\u00edvat.<\/p>\n<h2>Co je mo\u017en\u00e9 po zmrazen\u00ed<\/h2>\n<p>Jasnost se m\u00e1lokdy ohla\u0161uje velk\u00fdmi slovy. Nep\u0159ich\u00e1z\u00ed jako n\u00e1hl\u00e9 proz\u0159en\u00ed, jako dokon\u010den\u00fd pl\u00e1n a u\u017e v\u016fbec ne jako euforick\u00fd pocit. Obvykle je tich\u00e1. Neok\u00e1zal\u00e1. T\u00e9m\u011b\u0159 nen\u00e1padn\u00e1. \u010clov\u011bk si ho v\u0161imne sp\u00ed\u0161e tehdy, kdy\u017e n\u011bco zmiz\u00ed, ne\u017e kdy\u017e se objev\u00ed n\u011bco nov\u00e9ho.<\/p>\n<p>My\u0161lenky, kter\u00e9 d\u0159\u00edve krou\u017eily, neust\u00e1le ztr\u00e1cej\u00ed na nal\u00e9havosti. Konflikty, kter\u00e9 se zd\u00e1ly v\u0161e zast\u00ednit, se st\u00e1vaj\u00ed re\u00e1ln\u011bj\u0161\u00edmi. A rozhodnut\u00ed, kter\u00e1 d\u0159\u00edve vypadala jako nep\u0159ekonateln\u00e9 p\u0159ek\u00e1\u017eky, se najednou zdaj\u00ed b\u00fdt zvl\u00e1dnuteln\u00e1 - ne proto, \u017ee jsou snadn\u00e1, ale proto, \u017ee si op\u011bt d\u016fv\u011b\u0159ujete. Tato forma jasnosti nen\u00ed c\u00edlem, ale stavem. A t\u00e9m\u011b\u0159 v\u017edy k n\u00ed doch\u00e1z\u00ed nep\u0159\u00edmo.<\/p>\n<p>Aby bylo zmrazen\u00ed \u00fa\u010dinn\u00e9, nemus\u00ed b\u00fdt kr\u00e1tk\u00e9. V m\u00e9m p\u0159\u00edpad\u011b trval mnohem d\u00e9le, ne\u017e by mnoz\u00ed pravd\u011bpodobn\u011b pova\u017eovali za \u201evhodn\u00e9\u201c. Dva a\u017e t\u0159i m\u011bs\u00edce. \u017d\u00e1dn\u00fd neust\u00e1l\u00fd kontakt, \u017e\u00e1dn\u00e9 polovi\u010dat\u00e9 \u201epod\u00edvej se\u201c, ale d\u016fsledn\u00fd odstup, kter\u00fd ponech\u00e1val prostor - vnit\u0159n\u00ed i vn\u011bj\u0161\u00ed.<\/p>\n<p>P\u0159i zp\u011btn\u00e9m pohledu je pr\u00e1v\u011b tato doba rozhoduj\u00edc\u00ed. Ne proto, \u017ee by lid\u00e9 b\u011bhem t\u00e9to doby neust\u00e1le p\u0159em\u00fd\u0161leli nebo analyzovali, ale proto, \u017ee vrstvy, kter\u00e9 se na sebe l\u00e9ta vrstv\u00ed, se mohou odd\u011blit. Zvyky. P\u0159edstavy o sob\u011b sam\u00e9m. O\u010dek\u00e1v\u00e1n\u00ed, kter\u00e1 nebyla nikdy v\u011bdom\u011b zvolena, ale p\u0159esto byla napln\u011bna.<\/p>\n<p>Teprve po t\u00e9to dob\u011b se uk\u00e1zalo, kolik ka\u017edodenn\u00edch rozhodnut\u00ed je zalo\u017eeno na automatismech - a jak m\u00e1lo z nich je skute\u010dn\u011b reflektov\u00e1no. V n\u00e1sleduj\u00edc\u00edm textu popisuji z\u00e1\u017eitky, kter\u00e9 jsem m\u011bl po sv\u00e9m posledn\u00edm zmrazen\u00ed.<\/p>\n<h3>Poznejte znovu sami sebe<\/h3>\n<p>V t\u00e9to f\u00e1zi se nejednalo ani tak o p\u0159eorientov\u00e1n\u00ed, jako sp\u00ed\u0161e o nov\u00e9 setk\u00e1n\u00ed. Se sebou sam\u00fdm, ale tak\u00e9 s vlastn\u00edm prost\u0159ed\u00edm. Rodina, d\u016fv\u011brn\u011b zn\u00e1m\u00e9 vztahy, profesn\u00ed kontext - to v\u0161e nebylo p\u0159ehodnoceno ve smyslu \u201edobr\u00e9 nebo \u0161patn\u00e9\u201c, ale vid\u011bno nov\u011b.<\/p>\n<p>Najednou rozpozn\u00e1te vzory. Sv\u00e9 vlastn\u00ed i ciz\u00ed. Ch\u00e1pete, pro\u010d se ur\u010dit\u00e1 dynamika opakuje. Pro\u010d na ur\u010dit\u00e9 podn\u011bty reagujete tak, jak reagujete. A pro\u010d n\u011bkter\u00e9 v\u011bci mo\u017en\u00e1 fungovaly v p\u0159edchoz\u00edm \u017eivotn\u00edm modelu, ale u\u017e nebyly vnit\u0159n\u011b podporov\u00e1ny.<\/p>\n<p>Takov\u00e9 uv\u011bdom\u011bn\u00ed si nelze vynutit. Vznikne pouze tehdy, kdy\u017e z\u016fstanete v klidu dostate\u010dn\u011b dlouho, abyste si ho uv\u011bdomili.<\/p>\n<h3>Rozhodnut\u00ed bez vnit\u0159n\u00edho protitlaku<\/h3>\n<p>Asi nejv\u011bt\u0161\u00ed rozd\u00edl po del\u0161\u00edm zmrazen\u00ed je ve zp\u016fsobu rozhodov\u00e1n\u00ed. Ne rychleji. Ne jednodu\u0161\u0161\u00ed. Ale klidn\u011bj\u0161\u00ed. Bez vnit\u0159n\u00edho protitlaku, kter\u00fd d\u0159\u00edve prov\u00e1zel ka\u017edou \u00favahu. Uv\u011bdom\u00edte si, \u017ee rozhodnut\u00ed u\u017e nemus\u00edte obhajovat - ani p\u0159ed ostatn\u00edmi, ani p\u0159ed sebou. Prost\u011b je tu. Ne jako dokonal\u00e9 \u0159e\u0161en\u00ed, ale jako ucelen\u00fd dal\u0161\u00ed krok.<\/p>\n<p>Tuto soudr\u017enost je t\u011b\u017ek\u00e9 popsat, ale snadno ji pozn\u00e1te, jakmile ji za\u017eijete. Nem\u00e1 nic spole\u010dn\u00e9ho s eufori\u00ed. Sp\u00ed\u0161e s vnit\u0159n\u00edm klidem. S pocitem, \u017ee u\u017e nepracujete sami proti sob\u011b.<\/p>\n<h3>Vd\u011b\u010dnost m\u00edsto idealizace<\/h3>\n<p>Dal\u0161\u00edm d\u016fsledkem tohoto vyjasn\u011bn\u00ed je zm\u011bna postoje k vlastn\u00ed historii. V\u011bci, kter\u00e9 se d\u0159\u00edve jevily jako ne\u00fasp\u011bchy, ztr\u00e1cej\u00ed svou ostrost. Vztahy, kter\u00e9 nevydr\u017eely, u\u017e nen\u00ed t\u0159eba romantizovat nebo znehodnocovat. Dost\u00e1vaj\u00ed sv\u00e9 m\u00edsto v celkov\u00e9m obrazu.<\/p>\n<p>P\u0159i zp\u011btn\u00e9m pohledu se samotn\u00e9 zmrazen\u00ed nejev\u00ed jako stav nouze, ale jako nezbytn\u00e1 f\u00e1ze. Ne jako p\u0159eru\u0161en\u00ed, ale jako p\u0159echod. A pr\u00e1v\u011b tak by m\u011blo b\u00fdt ch\u00e1p\u00e1no: jako doba, kter\u00e1 umo\u017enila n\u011bco, co p\u0159edt\u00edm mo\u017en\u00e9 nebylo.<\/p>\n<p>Vd\u011b\u010dnost nevznik\u00e1 z romantiky, ale z porozum\u011bn\u00ed.<\/p>\n<p><img loading=\"lazy\" decoding=\"async\" class=\"alignnone wp-image-4471 size-large\" src=\"https:\/\/www.markus-schall.de\/wp-content\/uploads\/Freezeout-Ergebnis.jpg\" alt=\"Mo\u017enosti po zmrazen\u00ed\" width=\"1024\" height=\"683\" srcset=\"https:\/\/www.markus-schall.de\/wp-content\/uploads\/Freezeout-Ergebnis.jpg 1024w, https:\/\/www.markus-schall.de\/wp-content\/uploads\/Freezeout-Ergebnis-300x200.jpg 300w, https:\/\/www.markus-schall.de\/wp-content\/uploads\/Freezeout-Ergebnis-768x512.jpg 768w, https:\/\/www.markus-schall.de\/wp-content\/uploads\/Freezeout-Ergebnis-18x12.jpg 18w\" sizes=\"auto, (max-width: 1024px) 100vw, 1024px\" \/><\/p>\n<h3>P\u0159ehodnocen\u00ed odpov\u011bdnosti<\/h3>\n<p>Po zmrazen\u00ed se \u010dasto m\u011bn\u00ed ch\u00e1p\u00e1n\u00ed odpov\u011bdnosti. Zodpov\u011bdnost pak ji\u017e neznamen\u00e1, \u017ee se se v\u0161\u00edm sm\u00ed\u0159\u00edte nebo se v\u0161\u00edm projdete. Znamen\u00e1 to d\u011blat v\u011bdom\u00e1 rozhodnut\u00ed - i kdy\u017e jsou nep\u0159\u00edjemn\u00e1.<\/p>\n<p>Uv\u011bdom\u00edte si, \u017ee dlouhodob\u00e1 odpov\u011bdnost n\u011bkdy znamen\u00e1 na chv\u00edli se zastavit. \u017de jasnost je cenn\u011bj\u0161\u00ed ne\u017e rychlost. A \u017ee rozhodnut\u00ed u\u010din\u011bn\u00e1 na z\u00e1klad\u011b vnit\u0159n\u00edho \u0159\u00e1du jsou trvalej\u0161\u00ed ne\u017e rozhodnut\u00ed u\u010din\u011bn\u00e1 pod tlakem.<\/p>\n<p>Tento postoj ovliv\u0148uje v\u0161echny oblasti \u017eivota. O vztaz\u00edch. Na kari\u00e9ru. Na to, jak jedn\u00e1te sami se sebou.<\/p>\n<p>Zmrazen\u00ed nen\u00ed v\u0161el\u00e9k. Nic nezaru\u010duje. Nenahrazuje dialog a rozhodov\u00e1n\u00ed. Vytv\u00e1\u0159\u00ed v\u0161ak podm\u00ednky pro smyslupln\u00fd dialog a \u010destn\u00e1 rozhodnut\u00ed.<\/p>\n<p>Ne ka\u017ed\u00fd pot\u0159ebuje m\u011bs\u00edce. Ne ka\u017ed\u00e1 krize vy\u017eaduje stejnou vzd\u00e1lenost. Ale ochota v\u011bnovat \u010das je \u010dasto rozhoduj\u00edc\u00edm rozd\u00edlem mezi reakc\u00ed a organizac\u00ed.<\/p>\n<h3>Tip na \u010dten\u00ed: Krize jako bod obratu - u\u010dit se, r\u016fst, formovat se<\/h3>\n<figure id=\"attachment_2437\" aria-describedby=\"caption-attachment-2437\" style=\"width: 210px\" class=\"wp-caption alignright\"><a href=\"https:\/\/schall-verlag.de\/buch-krisen.php\" target=\"_blank\" rel=\"noopener\"><img loading=\"lazy\" decoding=\"async\" class=\"wp-image-2437\" src=\"https:\/\/www.markus-schall.de\/wp-content\/uploads\/Krisen-Cover-Front-DEjpg.jpg\" alt=\"Kniha &quot;Krize jako bod obratu - u\u010dit se, r\u016fst, formovat\" width=\"220\" height=\"315\" srcset=\"https:\/\/www.markus-schall.de\/wp-content\/uploads\/Krisen-Cover-Front-DEjpg.jpg 838w, https:\/\/www.markus-schall.de\/wp-content\/uploads\/Krisen-Cover-Front-DEjpg-210x300.jpg 210w, https:\/\/www.markus-schall.de\/wp-content\/uploads\/Krisen-Cover-Front-DEjpg-715x1024.jpg 715w, https:\/\/www.markus-schall.de\/wp-content\/uploads\/Krisen-Cover-Front-DEjpg-768x1100.jpg 768w, https:\/\/www.markus-schall.de\/wp-content\/uploads\/Krisen-Cover-Front-DEjpg-8x12.jpg 8w\" sizes=\"auto, (max-width: 220px) 100vw, 220px\" \/><\/a><figcaption id=\"caption-attachment-2437\" class=\"wp-caption-text\">Krize jako bod obratu<\/figcaption><\/figure>\n<p>Pokud byste se cht\u011bli my\u0161lenk\u00e1m v tomto \u010dl\u00e1nku v\u011bnovat hloub\u011bji, najdete v knize n\u00e1sleduj\u00edc\u00ed informace <a href=\"https:\/\/schall-verlag.de\/buch-krisen.php\" target=\"_blank\" rel=\"noopener\"><em><strong>Krize jako bod obratu - u\u010den\u00ed, r\u016fst, formov\u00e1n\u00ed<\/strong><\/em><\/a> d\u016fsledn\u00e9 pokra\u010dov\u00e1n\u00ed. Kniha za\u010d\u00edn\u00e1 tam, kde zamrznut\u00ed za\u010d\u00edn\u00e1: poctivou sebereflex\u00ed, p\u0159esahuj\u00edc\u00ed ak\u010dnost a vytrvalostn\u00ed hesla. Kombinuje osobn\u00ed zku\u0161enosti s jasn\u00fdmi my\u0161lenkov\u00fdmi modely a ukazuje, jak se krize mohou st\u00e1t skute\u010dn\u00fdm rozhodnut\u00edm o sm\u011b\u0159ov\u00e1n\u00ed.<\/p>\n<p>Samostatn\u00fd d\u016fraz je kladen na modern\u00ed sebereflexi s um\u011blou inteligenc\u00ed - nikoli jako n\u00e1hradu vlastn\u00edho my\u0161len\u00ed, ale jako strukturovan\u00fd n\u00e1stroj, kter\u00fd v\u00e1m pom\u016f\u017ee rychleji proniknout k j\u00e1dru v\u011bci a p\u0159ij\u00edmat udr\u017eiteln\u00e1 rozhodnut\u00ed pro dal\u0161\u00ed etapu \u017eivota.<\/p>\n<h3>Tich\u00fd, ale trval\u00fd ot\u0159es<\/h3>\n<p>Nejd\u016fle\u017eit\u011bj\u0161\u00edm bodem na konci je asi toto: nejv\u011bt\u0161\u00ed ot\u0159esy v \u017eivot\u011b jsou \u010dasto ty nejti\u0161\u0161\u00ed. Ned\u011bj\u00ed se ve chv\u00edl\u00edch maxim\u00e1ln\u00ed aktivity, ale ve f\u00e1z\u00edch \u00fastupu. Ne tehdy, kdy\u017e si mysl\u00edte, \u017ee m\u00e1te v\u0161echno pod kontrolou, ale kdy\u017e jste p\u0159ipraveni na chv\u00edli se kontroly vzd\u00e1t.<\/p>\n<p>Pro m\u011b bylo zmrazen\u00ed pr\u00e1v\u011b takovou radik\u00e1ln\u00ed zm\u011bnou. Ne dramatick\u00e1, ne hlasit\u00e1 - ale trval\u00e1. Nevy\u0159e\u0161ilo to v\u0161echno. Ale otev\u0159elo n\u00e1m to o\u010di. A to \u010dasto sta\u010d\u00ed k tomu, abychom ud\u011blali dal\u0161\u00ed krok spr\u00e1vn\u00fdm sm\u011brem.<\/p>\n<p>N\u011bkdy vzd\u00e1lenost neznamen\u00e1 \u00fastup. Je to za\u010d\u00e1tek orientace.<\/p>\n<hr \/>\n\n\t\t\t<div class=\"display-post-types\">\n\n\t\t\t\t\t\t\t<style type=\"text\/css\">\n\t\t\t#dpt-wrapper-875 { --dpt-text-align: left;--dpt-image-crop: center;--dpt-border-radius: 5px;--dpt-h-gutter: 10px;--dpt-v-gutter: 9px; }\t\t\t<\/style>\n\t\t\t<style type=\"text\/css\">#dpt-wrapper-875 { --dpt-title-font-style:normal;--dpt-title-font-weight:600;--dpt-title-line-height:1.5;--dpt-title-text-decoration:none;--dpt-title-text-transform:none;--dpt-excerpt-font-style:normal;--dpt-excerpt-font-weight:400;--dpt-excerpt-line-height:1.5;--dpt-excerpt-text-decoration:none;--dpt-excerpt-text-transform:none;--dpt-meta1-font-style:normal;--dpt-meta1-font-weight:400;--dpt-meta1-line-height:1.9;--dpt-meta1-text-decoration:none;--dpt-meta1-text-transform:none;--dpt-meta2-font-style:normal;--dpt-meta2-font-weight:400;--dpt-meta2-line-height:1.9;--dpt-meta2-text-decoration:none;--dpt-meta2-text-transform:none; }<\/style><div class=\"dpt-main-header\">\n\t\t\t\t\t\t<div class=\"dpt-main-title\">\n\t\t\t\t\t\t\t<span class=\"dpt-main-title-text\">Soci\u00e1ln\u00ed ot\u00e1zky sou\u010dasnosti<\/span>\n\t\t\t\t\t\t<\/div>\n\t\t\t\t\t\t\n\t\t\t\t\t\t\n\t\t\t\t\t\t\n\t\t\t\t\t\t<\/div>\t\t\t\n\t\t\t\t<div id=\"dpt-wrapper-875\" class=\"dpt-wrapper dpt-mag1 land1 dpt-cropped dpt-flex-wrap\" >\n\n\t\t\t\t\t\t\t\t\t\t\t<div class=\"dpt-entry has-thumbnail\" data-title=\"die neuen eu-zensurgesetze: was chatcontrol, dsa, emfa und der ai act bedeuten\" data-id=\"3586\"  data-category=\"allgemein gesellschaft ki-systeme\" data-post_tag=\"datenschutz digitales eigentum eu-gesetze europa k\u00fcnstliche intelligenz llm meinungsfreiheit spieltheorie sprachmodell\">\n\t\t\t\t\t\t\t<div class=\"dpt-entry-wrapper\"><div class=\"dpt-featured-content\"><div class=\"dpt-permalink\"><a href=\"https:\/\/www.markus-schall.de\/cs\/2025\/11\/nove-zakony-eu-o-cenzure-co-znamena-chatcontrol-dsa-emfa-a-zakon-o-ai\/\" class=\"dpt-permalink\"><span class=\"screen-reader-text\">Nov\u00e9 z\u00e1kony EU o cenzu\u0159e: Co znamenaj\u00ed z\u00e1kony Chatcontrol, DSA, EMFA a AI Act?<\/span><\/a><\/div><div class=\"dpt-thumbnail\"><div class=\"dpt-thumbnail-inner\"><img width=\"1024\" height=\"683\" class=\"attachment-full size-full\" alt=\"Cenzurn\u00ed z\u00e1kony EU\" context=\"dpt\" data-dpt-src=\"https:\/\/www.markus-schall.de\/wp-content\/uploads\/eu-zensurgesetze.jpg\" data-dpt-sizes=\"(max-width: 1024px) 100vw, 1024px\" data-dpt-srcset=\"https:\/\/www.markus-schall.de\/wp-content\/uploads\/eu-zensurgesetze.jpg 1024w, https:\/\/www.markus-schall.de\/wp-content\/uploads\/eu-zensurgesetze-300x200.jpg 300w, https:\/\/www.markus-schall.de\/wp-content\/uploads\/eu-zensurgesetze-768x512.jpg 768w, https:\/\/www.markus-schall.de\/wp-content\/uploads\/eu-zensurgesetze-18x12.jpg 18w\" \/><\/div><span class=\"dpt-thumbnail-aspect-ratio\" style=\"padding-top: 75%\"><\/span><\/div><\/div><div class=\"sub-entry\"><h3 class=\"dpt-title\"><a class=\"dpt-title-link\" href=\"https:\/\/www.markus-schall.de\/cs\/2025\/11\/nove-zakony-eu-o-cenzure-co-znamena-chatcontrol-dsa-emfa-a-zakon-o-ai\/\" rel=\"bookmark\">Nov\u00e9 z\u00e1kony EU o cenzu\u0159e: Co znamenaj\u00ed z\u00e1kony Chatcontrol, DSA, EMFA a AI Act?<\/a><\/h3><\/div><\/div>\n\t\t\t\t\t\t<\/div><!-- .dpt-entry -->\n\t\t\t\t\t\t\t\t\t\t\t\t<div class=\"dpt-entry has-thumbnail\" data-title=\"die krimtataren \u2013 geschichte, herkunft und gegenwart eines vergessenen volkes\" data-id=\"4154\"  data-category=\"allgemein gesellschaft kunst &amp; kultur\" data-post_tag=\"europa geopolitik krisen meinungsfreiheit\">\n\t\t\t\t\t\t\t<div class=\"dpt-entry-wrapper\"><div class=\"dpt-featured-content\"><div class=\"dpt-permalink\"><a href=\"https:\/\/www.markus-schall.de\/cs\/2025\/12\/krymsti-tatari-historie-puvod-a-soucasnost-zapomenuteho-naroda\/\" class=\"dpt-permalink\"><span class=\"screen-reader-text\">Krym\u0161t\u00ed Tata\u0159i - historie, p\u016fvod a sou\u010dasnost zapomenut\u00e9ho n\u00e1roda<\/span><\/a><\/div><div class=\"dpt-thumbnail\"><div class=\"dpt-thumbnail-inner\"><img width=\"1024\" height=\"683\" class=\"attachment-full size-full\" alt=\"Krymsko-tatarsk\u00e1 step\" context=\"dpt\" data-dpt-src=\"https:\/\/www.markus-schall.de\/wp-content\/uploads\/Krimtartaren-Steppe.jpg\" data-dpt-sizes=\"(max-width: 1024px) 100vw, 1024px\" data-dpt-srcset=\"https:\/\/www.markus-schall.de\/wp-content\/uploads\/Krimtartaren-Steppe.jpg 1024w, https:\/\/www.markus-schall.de\/wp-content\/uploads\/Krimtartaren-Steppe-300x200.jpg 300w, https:\/\/www.markus-schall.de\/wp-content\/uploads\/Krimtartaren-Steppe-768x512.jpg 768w, https:\/\/www.markus-schall.de\/wp-content\/uploads\/Krimtartaren-Steppe-18x12.jpg 18w\" \/><\/div><span class=\"dpt-thumbnail-aspect-ratio\" style=\"padding-top: 75%\"><\/span><\/div><\/div><div class=\"sub-entry\"><h3 class=\"dpt-title\"><a class=\"dpt-title-link\" href=\"https:\/\/www.markus-schall.de\/cs\/2025\/12\/krymsti-tatari-historie-puvod-a-soucasnost-zapomenuteho-naroda\/\" rel=\"bookmark\">Krym\u0161t\u00ed Tata\u0159i - historie, p\u016fvod a sou\u010dasnost zapomenut\u00e9ho n\u00e1roda<\/a><\/h3><\/div><\/div>\n\t\t\t\t\t\t<\/div><!-- .dpt-entry -->\n\t\t\t\t\t\t\t\t\t\t\t\t<div class=\"dpt-entry has-thumbnail\" data-title=\"klimaschutz mit tunnelblick \u2013 elektromobilit\u00e4t, lobbyarbeit und die verdr\u00e4ngten kosten\" data-id=\"4729\"  data-category=\"allgemein gesellschaft\" data-post_tag=\"deutschland energiepolitik erfahrungen eu-gesetze europa\">\n\t\t\t\t\t\t\t<div class=\"dpt-entry-wrapper\"><div class=\"dpt-featured-content\"><div class=\"dpt-permalink\"><a href=\"https:\/\/www.markus-schall.de\/cs\/2026\/02\/ochrana-klimatu-s-tunelovym-videnim-lobbovani-za-elektromobilitu-a-skryte-naklady\/\" class=\"dpt-permalink\"><span class=\"screen-reader-text\">Ochrana klimatu s tunelov\u00fdm vid\u011bn\u00edm - elektromobilita, lobbing a potla\u010den\u00e9 n\u00e1klady<\/span><\/a><\/div><div class=\"dpt-thumbnail\"><div class=\"dpt-thumbnail-inner\"><img width=\"1024\" height=\"683\" class=\"attachment-full size-full\" alt=\"Elektromobilita bez ideologie\" context=\"dpt\" data-dpt-src=\"https:\/\/www.markus-schall.de\/wp-content\/uploads\/Elektromobilitaet-ohne-Ideologie.jpg\" data-dpt-sizes=\"(max-width: 1024px) 100vw, 1024px\" data-dpt-srcset=\"https:\/\/www.markus-schall.de\/wp-content\/uploads\/Elektromobilitaet-ohne-Ideologie.jpg 1024w, https:\/\/www.markus-schall.de\/wp-content\/uploads\/Elektromobilitaet-ohne-Ideologie-300x200.jpg 300w, https:\/\/www.markus-schall.de\/wp-content\/uploads\/Elektromobilitaet-ohne-Ideologie-768x512.jpg 768w, https:\/\/www.markus-schall.de\/wp-content\/uploads\/Elektromobilitaet-ohne-Ideologie-18x12.jpg 18w\" \/><\/div><span class=\"dpt-thumbnail-aspect-ratio\" style=\"padding-top: 75%\"><\/span><\/div><\/div><div class=\"sub-entry\"><h3 class=\"dpt-title\"><a class=\"dpt-title-link\" href=\"https:\/\/www.markus-schall.de\/cs\/2026\/02\/ochrana-klimatu-s-tunelovym-videnim-lobbovani-za-elektromobilitu-a-skryte-naklady\/\" rel=\"bookmark\">Ochrana klimatu s tunelov\u00fdm vid\u011bn\u00edm - elektromobilita, lobbing a potla\u010den\u00e9 n\u00e1klady<\/a><\/h3><\/div><\/div>\n\t\t\t\t\t\t<\/div><!-- .dpt-entry -->\n\t\t\t\t\t\t\t\t\t\t\t\t<div class=\"dpt-entry has-thumbnail\" data-title=\"spieltheorie erkl\u00e4rt 25 jahre geopolitik: wie europa seine strategische rolle verlor\" data-id=\"3850\"  data-category=\"allgemein gesellschaft kunst &amp; kultur\" data-post_tag=\"denkmodelle deutschland energiepolitik eu-gesetze europa geopolitik krisen sicherheitspolitik spieltheorie\">\n\t\t\t\t\t\t\t<div class=\"dpt-entry-wrapper\"><div class=\"dpt-featured-content\"><div class=\"dpt-permalink\"><a href=\"https:\/\/www.markus-schall.de\/cs\/2025\/12\/teorie-her-vysvetluje-25-let-geopolitiky-jak-evropa-ztratila-svou-strategickou-roli\/\" class=\"dpt-permalink\"><span class=\"screen-reader-text\">Teorie her vysv\u011btluje 25 let geopolitiky: Jak Evropa ztratila svou strategickou roli<\/span><\/a><\/div><div class=\"dpt-thumbnail\"><div class=\"dpt-thumbnail-inner\"><img width=\"1024\" height=\"765\" class=\"attachment-full size-full\" alt=\"Teorie her vysv\u011btluje 25 let geopolitiky\" context=\"dpt\" data-dpt-src=\"https:\/\/www.markus-schall.de\/wp-content\/uploads\/europa-russland-spieltheorie.jpg\" data-dpt-sizes=\"(max-width: 1024px) 100vw, 1024px\" data-dpt-srcset=\"https:\/\/www.markus-schall.de\/wp-content\/uploads\/europa-russland-spieltheorie.jpg 1024w, https:\/\/www.markus-schall.de\/wp-content\/uploads\/europa-russland-spieltheorie-300x224.jpg 300w, https:\/\/www.markus-schall.de\/wp-content\/uploads\/europa-russland-spieltheorie-768x574.jpg 768w, https:\/\/www.markus-schall.de\/wp-content\/uploads\/europa-russland-spieltheorie-16x12.jpg 16w\" \/><\/div><span class=\"dpt-thumbnail-aspect-ratio\" style=\"padding-top: 75%\"><\/span><\/div><\/div><div class=\"sub-entry\"><h3 class=\"dpt-title\"><a class=\"dpt-title-link\" href=\"https:\/\/www.markus-schall.de\/cs\/2025\/12\/teorie-her-vysvetluje-25-let-geopolitiky-jak-evropa-ztratila-svou-strategickou-roli\/\" rel=\"bookmark\">Teorie her vysv\u011btluje 25 let geopolitiky: Jak Evropa ztratila svou strategickou roli<\/a><\/h3><\/div><\/div>\n\t\t\t\t\t\t<\/div><!-- .dpt-entry -->\n\t\t\t\t\t\t\n\t\t\t\t<\/div>\n\t\t\t\t\t\t<\/div>\n\t\t\t\n<hr \/>\n<h2>\u010casto kladen\u00e9 ot\u00e1zky<\/h2>\n<ol>\n<li><strong>Co p\u0159esn\u011b m\u00e1te na mysli pod pojmem \u201ezmrazen\u00ed\u201c - a jak se li\u0161\u00ed od p\u0159eru\u0161en\u00ed kontaktu nebo odlou\u010den\u00ed?<\/strong><br \/>\nZmrazen\u00ed nen\u00ed ukon\u010den\u00ed nebo rozchod, ale v\u011bdom\u00e9, do\u010dasn\u00e9 p\u0159eru\u0161en\u00ed kontaktu nebo dynamiky. Jeho c\u00edlem nen\u00ed vyv\u00edjet na druhou osobu n\u00e1tlak nebo ji m\u011bnit, ale znovu z\u00edskat jasnost. Rozhoduj\u00edc\u00ed rozd\u00edl spo\u010d\u00edv\u00e1 v postoji: \"freeze-out\" je zam\u011b\u0159en dovnit\u0159, nikoli ven. Je to prostor pro p\u0159em\u00fd\u0161len\u00ed a vn\u00edm\u00e1n\u00ed, nikoli n\u00e1stroj moci.<\/li>\n<li><strong>Nen\u00ed \"freeze-out\" jen \u00fat\u011bk p\u0159ed probl\u00e9my?<\/strong><br \/>\nM\u016f\u017ee b\u00fdt - pokud vych\u00e1z\u00ed ze strachu. Ve zde popsan\u00e9m smyslu je to v\u0161ak naopak. Je to pauza, aby bylo mo\u017en\u00e9 probl\u00e9my v\u016fbec spr\u00e1vn\u011b rozpoznat. Ti, kdo nad\u00e1le jednaj\u00ed ve vnit\u0159n\u00ed mlze, se \u010dasto dost\u00e1vaj\u00ed hloub\u011bji do krize. Odstup m\u016f\u017ee b\u00fdt t\u00edm zodpov\u011bdn\u011bj\u0161\u00edm krokem, proto\u017ee zabra\u0148uje rozhodov\u00e1n\u00ed z p\u0159\u00edli\u0161n\u00fdch n\u00e1rok\u016f.<\/li>\n<li><strong>Kdy je spr\u00e1vn\u00fd \u010das na zmrazen\u00ed?<\/strong><br \/>\nTypicky tehdy, kdy\u017e se rozhovory to\u010d\u00ed jen v kruhu, kdy\u017e ka\u017ed\u00e1 komunikace vyvol\u00e1v\u00e1 nov\u00e9 nap\u011bt\u00ed nebo kdy\u017e si uv\u011bdom\u00edte, \u017ee m\u00edsto rozhodov\u00e1n\u00ed jen reagujete. Dal\u0161\u00edm p\u0159\u00edznakem je pocit, \u017ee se u\u017e nedok\u00e1\u017eete po\u0159\u00e1dn\u011b sly\u0161et. Zamrznut\u00ed nen\u00ed ani tak ot\u00e1zkou na\u010dasov\u00e1n\u00ed, jako sp\u00ed\u0161e vnit\u0159n\u00edho vn\u00edm\u00e1n\u00ed: kdy\u017e chyb\u00ed jasnost, m\u00e1 odstup \u010dasto smysl.<\/li>\n<li><strong>Jak dlouho by m\u011blo zmrazen\u00ed trvat?<\/strong><br \/>\nDoba trv\u00e1n\u00ed nen\u00ed pevn\u011b stanovena. N\u011bkomu sta\u010d\u00ed hodiny nebo dny, jin\u00e9mu t\u00fddny nebo m\u011bs\u00edce. Rozhoduj\u00edc\u00edm faktorem nen\u00ed d\u00e9lka, ale kvalita intervalu. \u010cl\u00e1nek z\u00e1m\u011brn\u011b ukazuje, \u017ee u\u017eite\u010dn\u00fd m\u016f\u017ee b\u00fdt i del\u0161\u00ed freeze-out - p\u0159ibli\u017en\u011b dva a\u017e t\u0159i m\u011bs\u00edce - pokud umo\u017en\u00ed vnit\u0159n\u00ed procesy, kter\u00e9 by jinak nedostaly prostor.<\/li>\n<li><strong>M\u016f\u017ee zmrazen\u00ed zni\u010dit vztah?<\/strong><br \/>\nM\u016f\u017ee - pokud je pou\u017e\u00edv\u00e1na jako n\u00e1stroj moci nebo nen\u00ed spr\u00e1vn\u011b komunikov\u00e1na. Spr\u00e1vn\u011b pochopen\u00e1 v\u0161ak zvy\u0161uje \u0161anci na \u010destn\u00e1 rozhodnut\u00ed. Vztahy se m\u00e1lokdy rozpadaj\u00ed kv\u016fli vzd\u00e1lenosti, ale kv\u016fli nevy\u0159e\u0161en\u00e9 vnit\u0159n\u00ed nejednozna\u010dnosti. Zamrznut\u00ed jasn\u011b ukazuje, zda je vztah udr\u017eiteln\u00fd, nebo zda ho dr\u017e\u00ed pohromad\u011b jen zvyk.<\/li>\n<li><strong>Co kdy\u017e se druh\u00e1 osoba s odstupem nesm\u00ed\u0159\u00ed?<\/strong><br \/>\nTo je skute\u010dn\u00fd probl\u00e9m. Freeze-out nen\u00ed smlouva, ale osobn\u00ed rozhodnut\u00ed. M\u016f\u017eete vysv\u011btlit, pro\u010d pot\u0159ebujete odstup, ale nem\u016f\u017eete si ho \u201evynutit\u201c. D\u016fle\u017eit\u00e9 je nenechat se strhnout k ospravedl\u0148ov\u00e1n\u00ed. Pokud pot\u0159ebujete odstup z d\u016fvod\u016f jasnosti, m\u016f\u017eete si ho dovolit - i kdy\u017e v\u00e1m to zp\u016fsob\u00ed nepohodl\u00ed.<\/li>\n<li><strong>Pro\u010d se probl\u00e9my ve vztaz\u00edch \u010dasto zdaj\u00ed b\u00fdt v\u011bt\u0161\u00ed, ne\u017e ve skute\u010dnosti jsou?<\/strong><br \/>\nProto\u017ee vztahy jsou \u010dasto projek\u010dn\u00ed plochy. Jsou emocion\u00e1ln\u011b bl\u00edzk\u00e9, a proto ide\u00e1ln\u00ed pro odhalen\u00ed skryt\u00e9 nespokojenosti. \u010cl\u00e1nek ukazuje, \u017ee konflikty ve vztaz\u00edch jsou \u010dasto symptomy - n\u00e1znaky \u017eivotn\u00edho modelu, kter\u00fd ji\u017e nen\u00ed udr\u017eiteln\u00fd.<\/li>\n<li><strong>Co vlastn\u011b znamen\u00e1 tunelov\u00e9 vid\u011bn\u00ed v ka\u017edodenn\u00edm \u017eivot\u011b?<\/strong><br \/>\nTunelov\u00e9 vid\u011bn\u00ed je charakterizov\u00e1no zkr\u00e1cenou \u010dasovou perspektivou, neust\u00e1l\u00fdmi reakcemi, vnit\u0159n\u00ed st\u00edsn\u011bnost\u00ed a pocitem, \u017ee nem\u00e1me \u017e\u00e1dn\u00e9 alternativy. Hodn\u011b p\u0159em\u00fd\u0161l\u00edte, ale m\u00e1lo vid\u00edte. Rozhodnut\u00ed jsou pak p\u0159ij\u00edm\u00e1na p\u0159edev\u0161\u00edm pro kr\u00e1tkodobou \u00falevu, nikoliv pro dlouhodobou soudr\u017enost.<\/li>\n<li><strong>Pro\u010d si \u010dasto tunelov\u00e9ho vid\u011bn\u00ed ani nev\u0161imneme?<\/strong><br \/>\nProto\u017ee je to racion\u00e1ln\u00ed. M\u00e1te d\u016fvody, vysv\u011btlen\u00ed, argumenty. Pr\u00e1v\u011b tato zd\u00e1nliv\u00e1 racionalita je d\u016fvodem, pro\u010d je tak t\u011b\u017ek\u00e9 ji rozpoznat. Teprve s odstupem si uv\u011bdom\u00edte, jak z\u00fa\u017een\u00fd je ve skute\u010dnosti v\u00e1\u0161 vlastn\u00ed pohled.<\/li>\n<li><strong>Pro\u010d je v na\u0161\u00ed spole\u010dnosti soci\u00e1ln\u00ed distancov\u00e1n\u00ed tak obt\u00ed\u017en\u00e9?<\/strong><br \/>\nProto\u017ee st\u00e1l\u00e1 dostupnost se zam\u011b\u0148uje s odpov\u011bdnost\u00ed. Odstup je rychle vn\u00edm\u00e1n jako nez\u00e1jem nebo slabost. Z historick\u00e9ho hlediska je to novinka. V minulosti byl odstup p\u0159irozenou sou\u010d\u00e1st\u00ed orientace a rozhodov\u00e1n\u00ed.<\/li>\n<li><strong>\u010ceho byste se m\u011bli v\u011bdom\u011b vyvarovat b\u011bhem zmrazen\u00ed?<\/strong><br \/>\nD\u016fle\u017eit\u00e9 je ned\u011blat ukvapen\u00e1 rozhodnut\u00ed, nev\u00e9st ment\u00e1ln\u00ed dialogy ospravedl\u0148ov\u00e1n\u00ed a nevytv\u00e1\u0159et vnit\u0159n\u00ed tlak na v\u00fdkon. Freeze-out nen\u00ed projektem, kter\u00fd je t\u0159eba optimalizovat, ale prostorem, kter\u00fd je umo\u017en\u011bn k pr\u00e1ci.<\/li>\n<li><strong>Co konkr\u00e9tn\u011b znamen\u00e1 \u201evn\u00edmat m\u00edsto analyzovat\u201c?<\/strong><br \/>\nZnamen\u00e1 to p\u0159esunout pozornost od vysv\u011btlov\u00e1n\u00ed k pocit\u016fm. Jak t\u011blo reaguje na vzd\u00e1lenost? Sni\u017euje se vnit\u0159n\u00ed neklid? Kter\u00e9 my\u0161lenky se st\u00e1le znovu objevuj\u00ed - a kter\u00e9 miz\u00ed? Tato pozorov\u00e1n\u00ed jsou \u010dasto up\u0159\u00edmn\u011bj\u0161\u00ed ne\u017e jak\u00e1koli anal\u00fdza.<\/li>\n<li><strong>Jak m\u016f\u017ee um\u011bl\u00e1 inteligence pomoci se sebereflex\u00ed, ani\u017e by diktovala rozhodnut\u00ed?<\/strong><br \/>\nUm\u011bl\u00e1 inteligence m\u016f\u017ee slou\u017eit jako neutr\u00e1ln\u00ed partner v dialogu, kter\u00fd vn\u00e1\u0161\u00ed do my\u0161lenek strukturu, klade ot\u00e1zky a zviditel\u0148uje rozpory. Nep\u0159ij\u00edm\u00e1 \u017e\u00e1dn\u00e1 rozhodnut\u00ed, ale urychluje porozum\u011bn\u00ed. To m\u016f\u017ee b\u00fdt velmi u\u017eite\u010dn\u00e9, zejm\u00e9na v tichu zamrznut\u00ed.<\/li>\n<li><strong>Nen\u00ed AI pro takov\u00e9 procesy p\u0159\u00edli\u0161 technick\u00e1 nebo neosobn\u00ed?<\/strong><br \/>\nTo z\u00e1le\u017e\u00ed na zp\u016fsobu pou\u017eit\u00ed. UI nenahrad\u00ed vztah ani terapii, ale m\u016f\u017ee nab\u00eddnout klidn\u00fd prostor k p\u0159em\u00fd\u0161len\u00ed, v n\u011bm\u017e lze formulovat, odhazovat a p\u0159eorganizov\u00e1vat my\u0161lenky - bez soci\u00e1ln\u00ed dynamiky nebo tlaku o\u010dek\u00e1v\u00e1n\u00ed.<\/li>\n<li><strong>Jak pozn\u00e1te, \u017ee zmrazen\u00ed \u201ezabralo\u201c?<\/strong><br \/>\nNe proto, \u017ee je v\u0161echno jasn\u00e9, ale proto, \u017ee vnit\u0159n\u00ed tlak je sn\u00ed\u017een\u00fd. Rozhodov\u00e1n\u00ed je klidn\u011bj\u0161\u00ed. Rozhovory se st\u00e1vaj\u00ed op\u011bt mo\u017en\u00fdmi, ani\u017e by okam\u017eit\u011b upadly do star\u00fdch vzorc\u016f. U\u017e nemus\u00edte reagovat, m\u016f\u017eete si vybrat.<\/li>\n<li><strong>Co se stane, kdy\u017e si po zmrazen\u00ed uv\u011bdom\u00edte, \u017ee je t\u0159eba n\u011bco z\u00e1sadn\u00edho zm\u011bnit?<\/strong><br \/>\nPak se nejedn\u00e1 o selh\u00e1n\u00ed, ale o v\u00fdsledek. Vyjasn\u011bn\u00ed m\u016f\u017ee tak\u00e9 znamenat opu\u0161t\u011bn\u00ed \u017eivotn\u00edch pl\u00e1n\u016f, rol\u00ed nebo vztah\u016f, kter\u00e9 ji\u017e nevyhovuj\u00ed. Zmrazen\u00ed nep\u0159in\u00e1\u0161\u00ed odpov\u011bdi, ale umo\u017e\u0148uje poctiv\u00e9 rozhodov\u00e1n\u00ed.<\/li>\n<li><strong>Pro\u010d zd\u016fraz\u0148ujete vd\u011b\u010dnost m\u00edsto obvi\u0148ov\u00e1n\u00ed?<\/strong><br \/>\nProto\u017ee vina m\u00e1lokdy n\u011bkam vede. Kdy\u017e si uv\u011bdom\u00edte, \u017ee konflikt pouk\u00e1zal na n\u011bco hlub\u0161\u00edho, m\u016f\u017ee se objevit vd\u011b\u010dnost - ne z idealizace, ale z pochopen\u00ed. N\u011bkter\u00e9 situace jsou ukazatelem, nikoliv chybou.<\/li>\n<li><strong>Jakou nejd\u016fle\u017eit\u011bj\u0161\u00ed my\u0161lenku bych si m\u011bl z \u010dl\u00e1nku odn\u00e9st?<\/strong><br \/>\nTento odstup nemus\u00ed b\u00fdt \u00fastupem, ale krokem k v\u011bt\u0161\u00ed odpov\u011bdnosti. Pokud chcete znovu sly\u0161et sami sebe, mus\u00edte se n\u011bkdy zti\u0161it. Zastaven\u00ed nen\u00ed c\u00edlem, ale p\u0159echodem - \u010dasto v\u0161ak rozhoduj\u00edc\u00edm.<\/li>\n<\/ol>\n<hr \/>\n\n\t\t\t<div class=\"display-post-types\">\n\n\t\t\t\t\t\t\t<style type=\"text\/css\">\n\t\t\t#dpt-wrapper-876 { --dpt-text-align: left;--dpt-image-crop: center;--dpt-border-radius: 5px;--dpt-h-gutter: 10px;--dpt-v-gutter: 9px; }\t\t\t<\/style>\n\t\t\t<style type=\"text\/css\">#dpt-wrapper-876 { --dpt-title-font-style:normal;--dpt-title-font-weight:600;--dpt-title-line-height:1.5;--dpt-title-text-decoration:none;--dpt-title-text-transform:none;--dpt-excerpt-font-style:normal;--dpt-excerpt-font-weight:400;--dpt-excerpt-line-height:1.5;--dpt-excerpt-text-decoration:none;--dpt-excerpt-text-transform:none;--dpt-meta1-font-style:normal;--dpt-meta1-font-weight:400;--dpt-meta1-line-height:1.9;--dpt-meta1-text-decoration:none;--dpt-meta1-text-transform:none;--dpt-meta2-font-style:normal;--dpt-meta2-font-weight:400;--dpt-meta2-line-height:1.9;--dpt-meta2-text-decoration:none;--dpt-meta2-text-transform:none; }<\/style><div class=\"dpt-main-header\">\n\t\t\t\t\t\t<div class=\"dpt-main-title\">\n\t\t\t\t\t\t\t<span class=\"dpt-main-title-text\">Aktu\u00e1ln\u00ed \u010dl\u00e1nky o um\u011bn\u00ed a kultu\u0159e<\/span>\n\t\t\t\t\t\t<\/div>\n\t\t\t\t\t\t\n\t\t\t\t\t\t\n\t\t\t\t\t\t\n\t\t\t\t\t\t<\/div>\t\t\t\n\t\t\t\t<div id=\"dpt-wrapper-876\" class=\"dpt-wrapper dpt-mag1 land1 dpt-cropped dpt-flex-wrap\" >\n\n\t\t\t\t\t\t\t\t\t\t\t<div class=\"dpt-entry has-thumbnail\" data-title=\"mehr als punk: nina hagen, cosma shiva und die kunst, sich nicht vereinnahmen zu lassen\" data-id=\"4521\"  data-category=\"allgemein gesellschaft kunst &amp; kultur\" data-post_tag=\"auswandern deutschland erfahrungen europa krisen meinungsfreiheit musik portrait\">\n\t\t\t\t\t\t\t<div class=\"dpt-entry-wrapper\"><div class=\"dpt-featured-content\"><div class=\"dpt-permalink\"><a href=\"https:\/\/www.markus-schall.de\/cs\/2026\/01\/more-than-punk-nina-hagen-cosma-shiva-a-umeni-nenechat-se-strhnout\/\" class=\"dpt-permalink\"><span class=\"screen-reader-text\">V\u00edce ne\u017e punk: Nina Hagen, Cosma Shiva a um\u011bn\u00ed nenechat se strhnout<\/span><\/a><\/div><div class=\"dpt-thumbnail\"><div class=\"dpt-thumbnail-inner\"><img width=\"1024\" height=\"683\" class=\"attachment-full size-full\" alt=\"Portr\u00e9t Niny a Cosmy Shiva Hagenov\u00fdch\" context=\"dpt\" data-dpt-src=\"https:\/\/www.markus-schall.de\/wp-content\/uploads\/Nina-Cosma-Shiva-Hagen-Titel.jpg\" data-dpt-sizes=\"(max-width: 1024px) 100vw, 1024px\" data-dpt-srcset=\"https:\/\/www.markus-schall.de\/wp-content\/uploads\/Nina-Cosma-Shiva-Hagen-Titel.jpg 1024w, https:\/\/www.markus-schall.de\/wp-content\/uploads\/Nina-Cosma-Shiva-Hagen-Titel-300x200.jpg 300w, https:\/\/www.markus-schall.de\/wp-content\/uploads\/Nina-Cosma-Shiva-Hagen-Titel-768x512.jpg 768w, https:\/\/www.markus-schall.de\/wp-content\/uploads\/Nina-Cosma-Shiva-Hagen-Titel-18x12.jpg 18w\" \/><\/div><span class=\"dpt-thumbnail-aspect-ratio\" style=\"padding-top: 75%\"><\/span><\/div><\/div><div class=\"sub-entry\"><h3 class=\"dpt-title\"><a class=\"dpt-title-link\" href=\"https:\/\/www.markus-schall.de\/cs\/2026\/01\/more-than-punk-nina-hagen-cosma-shiva-a-umeni-nenechat-se-strhnout\/\" rel=\"bookmark\">V\u00edce ne\u017e punk: Nina Hagen, Cosma Shiva a um\u011bn\u00ed nenechat se strhnout<\/a><\/h3><\/div><\/div>\n\t\t\t\t\t\t<\/div><!-- .dpt-entry -->\n\t\t\t\t\t\t\t\t\t\t\t\t<div class=\"dpt-entry has-thumbnail\" data-title=\"propaganda: geschichte, methoden, moderne formen und wie man sie erkennt\" data-id=\"4229\"  data-category=\"allgemein gesellschaft kunst &amp; kultur\" data-post_tag=\"denkmodelle energiepolitik europa geopolitik krisen meinungsfreiheit pers\u00f6nlichkeitsentwicklung sicherheitspolitik spieltheorie\">\n\t\t\t\t\t\t\t<div class=\"dpt-entry-wrapper\"><div class=\"dpt-featured-content\"><div class=\"dpt-permalink\"><a href=\"https:\/\/www.markus-schall.de\/cs\/2026\/01\/metody-propagandy-historie-moderni-formy-a-jak-je-rozpoznat\/\" class=\"dpt-permalink\"><span class=\"screen-reader-text\">Propaganda: historie, metody, modern\u00ed formy a jak je rozpoznat<\/span><\/a><\/div><div class=\"dpt-thumbnail\"><div class=\"dpt-thumbnail-inner\"><img width=\"1024\" height=\"683\" class=\"attachment-full size-full\" alt=\"Co je to propaganda?\" context=\"dpt\" data-dpt-src=\"https:\/\/www.markus-schall.de\/wp-content\/uploads\/Propaganda-titel.jpg\" data-dpt-sizes=\"(max-width: 1024px) 100vw, 1024px\" data-dpt-srcset=\"https:\/\/www.markus-schall.de\/wp-content\/uploads\/Propaganda-titel.jpg 1024w, https:\/\/www.markus-schall.de\/wp-content\/uploads\/Propaganda-titel-300x200.jpg 300w, https:\/\/www.markus-schall.de\/wp-content\/uploads\/Propaganda-titel-768x512.jpg 768w, https:\/\/www.markus-schall.de\/wp-content\/uploads\/Propaganda-titel-18x12.jpg 18w\" \/><\/div><span class=\"dpt-thumbnail-aspect-ratio\" style=\"padding-top: 75%\"><\/span><\/div><\/div><div class=\"sub-entry\"><h3 class=\"dpt-title\"><a class=\"dpt-title-link\" href=\"https:\/\/www.markus-schall.de\/cs\/2026\/01\/metody-propagandy-historie-moderni-formy-a-jak-je-rozpoznat\/\" rel=\"bookmark\">Propaganda: historie, metody, modern\u00ed formy a jak je rozpoznat<\/a><\/h3><\/div><\/div>\n\t\t\t\t\t\t<\/div><!-- .dpt-entry -->\n\t\t\t\t\t\t\t\t\t\t\t\t<div class=\"dpt-entry has-thumbnail\" data-title=\"iran verstehen: alltag, proteste und interessen jenseits der schlagzeilen\" data-id=\"4462\"  data-category=\"allgemein gesellschaft kunst &amp; kultur\" data-post_tag=\"erfahrungen europa geopolitik krisen meinungsfreiheit sicherheitspolitik spieltheorie\">\n\t\t\t\t\t\t\t<div class=\"dpt-entry-wrapper\"><div class=\"dpt-featured-content\"><div class=\"dpt-permalink\"><a href=\"https:\/\/www.markus-schall.de\/cs\/2026\/01\/porozumeni-iranskemu-kazdodennimu-zivotu-protesty-a-zajmy-mimo-titulky-novin\/\" class=\"dpt-permalink\"><span class=\"screen-reader-text\">Porozum\u011bn\u00ed \u00cdr\u00e1nu: V\u0161edn\u00ed \u017eivot, protesty a z\u00e1jmy mimo titulky novin.<\/span><\/a><\/div><div class=\"dpt-thumbnail\"><div class=\"dpt-thumbnail-inner\"><img width=\"1024\" height=\"683\" class=\"attachment-full size-full\" alt=\"Porozum\u011bn\u00ed \u00cdr\u00e1nu\" context=\"dpt\" data-dpt-src=\"https:\/\/www.markus-schall.de\/wp-content\/uploads\/Iran-Titel.jpg\" data-dpt-sizes=\"(max-width: 1024px) 100vw, 1024px\" data-dpt-srcset=\"https:\/\/www.markus-schall.de\/wp-content\/uploads\/Iran-Titel.jpg 1024w, https:\/\/www.markus-schall.de\/wp-content\/uploads\/Iran-Titel-300x200.jpg 300w, https:\/\/www.markus-schall.de\/wp-content\/uploads\/Iran-Titel-768x512.jpg 768w, https:\/\/www.markus-schall.de\/wp-content\/uploads\/Iran-Titel-18x12.jpg 18w\" \/><\/div><span class=\"dpt-thumbnail-aspect-ratio\" style=\"padding-top: 75%\"><\/span><\/div><\/div><div class=\"sub-entry\"><h3 class=\"dpt-title\"><a class=\"dpt-title-link\" href=\"https:\/\/www.markus-schall.de\/cs\/2026\/01\/porozumeni-iranskemu-kazdodennimu-zivotu-protesty-a-zajmy-mimo-titulky-novin\/\" rel=\"bookmark\">Porozum\u011bn\u00ed \u00cdr\u00e1nu: V\u0161edn\u00ed \u017eivot, protesty a z\u00e1jmy mimo titulky novin.<\/a><\/h3><\/div><\/div>\n\t\t\t\t\t\t<\/div><!-- .dpt-entry -->\n\t\t\t\t\t\t\t\t\t\t\t\t<div class=\"dpt-entry has-thumbnail\" data-title=\"zukunft mit ladeger\u00e4t \u2013 herr von l&#8217;oreot kauft einen e-scooter\" data-id=\"3229\"  data-category=\"allgemein gesellschaft kunst &amp; kultur stories &amp; humor\" data-post_tag=\"erfahrungen\">\n\t\t\t\t\t\t\t<div class=\"dpt-entry-wrapper\"><div class=\"dpt-featured-content\"><div class=\"dpt-permalink\"><a href=\"https:\/\/www.markus-schall.de\/cs\/2025\/10\/budoucnost-s-nabijeckou-pan-von-loreot-si-koupi-elektronicky-skutr\/\" class=\"dpt-permalink\"><span class=\"screen-reader-text\">Budoucnost s nab\u00edje\u010dkou - pan von L'oreot kupuje e-kolob\u011b\u017eku<\/span><\/a><\/div><div class=\"dpt-thumbnail\"><div class=\"dpt-thumbnail-inner\"><img width=\"1024\" height=\"747\" class=\"attachment-full size-full\" alt=\"\" context=\"dpt\" data-dpt-src=\"https:\/\/www.markus-schall.de\/wp-content\/uploads\/loereot-e-scooter-1.jpg\" data-dpt-sizes=\"(max-width: 1024px) 100vw, 1024px\" data-dpt-srcset=\"https:\/\/www.markus-schall.de\/wp-content\/uploads\/loereot-e-scooter-1.jpg 1024w, https:\/\/www.markus-schall.de\/wp-content\/uploads\/loereot-e-scooter-1-300x219.jpg 300w, https:\/\/www.markus-schall.de\/wp-content\/uploads\/loereot-e-scooter-1-768x560.jpg 768w, https:\/\/www.markus-schall.de\/wp-content\/uploads\/loereot-e-scooter-1-16x12.jpg 16w\" \/><\/div><span class=\"dpt-thumbnail-aspect-ratio\" style=\"padding-top: 75%\"><\/span><\/div><\/div><div class=\"sub-entry\"><h3 class=\"dpt-title\"><a class=\"dpt-title-link\" href=\"https:\/\/www.markus-schall.de\/cs\/2025\/10\/budoucnost-s-nabijeckou-pan-von-loreot-si-koupi-elektronicky-skutr\/\" rel=\"bookmark\">Budoucnost s nab\u00edje\u010dkou - pan von L'oreot kupuje e-kolob\u011b\u017eku<\/a><\/h3><\/div><\/div>\n\t\t\t\t\t\t<\/div><!-- .dpt-entry -->\n\t\t\t\t\t\t\n\t\t\t\t<\/div>\n\t\t\t\t\t\t<\/div>\n\t\t\t\n<hr \/>","protected":false},"excerpt":{"rendered":"<p>Kdy\u017e jste uprost\u0159ed krize, v\u0161echno se zd\u00e1 b\u00fdt nal\u00e9hav\u00e9. M\u00e1te pocit, \u017ee mus\u00edte okam\u017eit\u011b jednat, okam\u017eit\u011b mluvit, okam\u017eit\u011b se rozhodnout. A \u010dasto se k tomu p\u0159id\u00e1v\u00e1 je\u0161t\u011b druh\u00fd pocit: Pokud se do toho nepust\u00edte hned, v\u0161echno v\u00e1m ute\u010de. To je pochopiteln\u00e9. Je to tak\u00e9 lidsk\u00e9. Ale pr\u00e1v\u011b v tomto okam\u017eiku ... <a title=\"Budoucnost s nab\u00edje\u010dkou - pan von L&#039;oreot kupuje e-kolob\u011b\u017eku\" class=\"read-more\" href=\"https:\/\/www.markus-schall.de\/cs\/2025\/10\/budoucnost-s-nabijeckou-pan-von-loreot-si-koupi-elektronicky-skutr\/\" aria-label=\"\u010c\u00edst v\u00edce o budoucnosti s nab\u00edje\u010dkou - pan z L&#039;oreot si koupil e-sk\u00fatr\">\u010c\u00edst d\u00e1l<\/a><\/p>","protected":false},"author":1,"featured_media":4467,"comment_status":"open","ping_status":"open","sticky":false,"template":"","format":"standard","meta":{"iawp_total_views":197,"footnotes":""},"categories":[1,424,466,456,4],"tags":[425,444,458,447,426,428,429,448],"class_list":["post-4435","post","type-post","status-publish","format-standard","has-post-thumbnail","hentry","category-allgemein","category-buecher","category-gesellschaft","category-gesundheit","category-tipps-anleitungen","tag-buch","tag-denkmodelle","tag-erfahrungen","tag-gesundheit","tag-krisen","tag-lernen","tag-persoenlichkeitsentwicklung","tag-ratgeber"],"_links":{"self":[{"href":"https:\/\/www.markus-schall.de\/cs\/wp-json\/wp\/v2\/posts\/4435","targetHints":{"allow":["GET"]}}],"collection":[{"href":"https:\/\/www.markus-schall.de\/cs\/wp-json\/wp\/v2\/posts"}],"about":[{"href":"https:\/\/www.markus-schall.de\/cs\/wp-json\/wp\/v2\/types\/post"}],"author":[{"embeddable":true,"href":"https:\/\/www.markus-schall.de\/cs\/wp-json\/wp\/v2\/users\/1"}],"replies":[{"embeddable":true,"href":"https:\/\/www.markus-schall.de\/cs\/wp-json\/wp\/v2\/comments?post=4435"}],"version-history":[{"count":16,"href":"https:\/\/www.markus-schall.de\/cs\/wp-json\/wp\/v2\/posts\/4435\/revisions"}],"predecessor-version":[{"id":5828,"href":"https:\/\/www.markus-schall.de\/cs\/wp-json\/wp\/v2\/posts\/4435\/revisions\/5828"}],"wp:featuredmedia":[{"embeddable":true,"href":"https:\/\/www.markus-schall.de\/cs\/wp-json\/wp\/v2\/media\/4467"}],"wp:attachment":[{"href":"https:\/\/www.markus-schall.de\/cs\/wp-json\/wp\/v2\/media?parent=4435"}],"wp:term":[{"taxonomy":"category","embeddable":true,"href":"https:\/\/www.markus-schall.de\/cs\/wp-json\/wp\/v2\/categories?post=4435"},{"taxonomy":"post_tag","embeddable":true,"href":"https:\/\/www.markus-schall.de\/cs\/wp-json\/wp\/v2\/tags?post=4435"}],"curies":[{"name":"wp","href":"https:\/\/api.w.org\/{rel}","templated":true}]}}