{"id":4441,"date":"2026-01-17T07:26:26","date_gmt":"2026-01-17T07:26:26","guid":{"rendered":"https:\/\/www.markus-schall.de\/?p=4441"},"modified":"2026-06-15T14:04:26","modified_gmt":"2026-06-15T14:04:26","slug":"severni-proud-odstrelovani-sabotazni-politika-moci-a-neprijemne-otevrene-otazky","status":"publish","type":"post","link":"https:\/\/www.markus-schall.de\/cs\/2026\/01\/nord-stream-sprengung-sabotage-machtpolitik-und-die-unbequemen-offenen-fragen\/","title":{"rendered":"Demolice Nord Streamu: sabot\u00e1\u017e, mocensk\u00e1 politika a nep\u0159\u00edjemn\u00e9 nezodpov\u011bzen\u00e9 ot\u00e1zky"},"content":{"rendered":"<p>Wenn Menschen \u00fcber Energie reden, denken viele zuerst an Strom &#8211; an Licht, an Steckdosen, an Kraftwerke. In der Realit\u00e4t h\u00e4ngt Europas Alltag jedoch an einem stilleren Fundament: an W\u00e4rme und Prozessenergie. Erdgas ist dabei \u00fcber Jahrzehnte zu einer Art unsichtbarem R\u00fcckgrat geworden. Nicht, weil es besonders \u201esch\u00f6n\u201c w\u00e4re, sondern weil es praktisch ist: Es l\u00e4sst sich gut transportieren, relativ flexibel einsetzen und in gro\u00dfen Mengen zuverl\u00e4ssig bereitstellen. F\u00fcr Privathaushalte bedeutet das Heizung und warmes Wasser. F\u00fcr die Industrie bedeutet es vor allem eines: planbare Produktion.<\/p>\n<p>Gerade in Branchen wie Chemie, Glas, Stahl, Papier, Keramik oder D\u00fcngemittel ist Energie nicht einfach ein Kostenfaktor, den man \u201eoptimiert\u201c. Energie ist dort ein Bestandteil des Prozesses. F\u00e4llt sie aus oder wird unzuverl\u00e4ssig, steht nicht nur eine Maschine still &#8211; dann steht oft ein gesamtes Werk, manchmal eine ganze Lieferkette. Das ist der Punkt, an dem \u201eEnergiepolitik\u201c aufh\u00f6rt, ein abstraktes Streitthema zu sein, und anf\u00e4ngt, ganz konkret \u00fcber Arbeitspl\u00e4tze, Preise, Verf\u00fcgbarkeit und Stabilit\u00e4t zu entscheiden. Wer das verstanden hat, versteht auch, warum Nord Stream f\u00fcr Europa weit mehr war als ein Infrastrukturprojekt am Meeresboden.<!--more--><\/p>\n<hr \/>\n\n\t\t\t<div class=\"display-post-types\">\n\n\t\t\t\t\t\t\t<style type=\"text\/css\">\n\t\t\t#dpt-wrapper-150 { --dpt-text-align: left;--dpt-image-crop: center;--dpt-border-radius: 5px;--dpt-h-gutter: 10px;--dpt-v-gutter: 9px; }\t\t\t<\/style>\n\t\t\t<style type=\"text\/css\">#dpt-wrapper-150 { --dpt-title-font-style:normal;--dpt-title-font-weight:600;--dpt-title-line-height:1.5;--dpt-title-text-decoration:none;--dpt-title-text-transform:none;--dpt-excerpt-font-style:normal;--dpt-excerpt-font-weight:400;--dpt-excerpt-line-height:1.5;--dpt-excerpt-text-decoration:none;--dpt-excerpt-text-transform:none;--dpt-meta1-font-style:normal;--dpt-meta1-font-weight:400;--dpt-meta1-line-height:1.9;--dpt-meta1-text-decoration:none;--dpt-meta1-text-transform:none;--dpt-meta2-font-style:normal;--dpt-meta2-font-weight:400;--dpt-meta2-line-height:1.9;--dpt-meta2-text-decoration:none;--dpt-meta2-text-transform:none; }<\/style><div class=\" dpt-main-header\">\n\t\t\t\t\t\t<div class=\"dpt-main-title\">\n\t\t\t\t\t\t\t<span class=\"dpt-main-title-text\">Aktuelle Beitr\u00e4ge zu Kunst &amp; Kultur<\/span>\n\t\t\t\t\t\t<\/div>\n\t\t\t\t\t\t\n\t\t\t\t\t\t\n\t\t\t\t\t\t\n\t\t\t\t\t\t<\/div>\t\t\t\n\t\t\t\t<div id=\"dpt-wrapper-150\" class=\"dpt-wrapper dpt-mag1 land1 dpt-cropped dpt-flex-wrap\" >\n\n\t\t\t\t\t\t\t\t\t\t\t<div class=\"dpt-entry has-thumbnail\" data-title=\"johann sebastian bach &#8211; ordnung, haltung und das fundament unserer musik\" data-id=\"5033\"  data-category=\"allgemein gesellschaft kunst &amp; kultur\" data-post_tag=\"deutschland musik portrait\">\n\t\t\t\t\t\t\t<div class=\"dpt-entry-wrapper\"><div class=\" dpt-featured-content\"><div class=\" dpt-permalink\"><a href=\"https:\/\/www.markus-schall.de\/cs\/2026\/02\/johann-sebastian-bach-ordnung-haltung-und-das-fundament-unserer-musik\/\" class=\"dpt-permalink\"><span class=\"screen-reader-text\">Johann Sebastian Bach &#8211; Ordnung, Haltung und das Fundament unserer Musik<\/span><\/a><\/div><div class=\" dpt-thumbnail\"><div class=\"dpt-thumbnail-inner\"><img width=\"1024\" height=\"683\" class=\"attachment-full size-full\" alt=\"Johann Sebastian Bach Portrait\" context=\"dpt\" data-dpt-src=\"https:\/\/www.markus-schall.de\/wp-content\/uploads\/Johann-Sebastian-Bach-Portrait.jpg\" data-dpt-sizes=\"(max-width: 1024px) 100vw, 1024px\" data-dpt-srcset=\"https:\/\/www.markus-schall.de\/wp-content\/uploads\/Johann-Sebastian-Bach-Portrait.jpg 1024w, https:\/\/www.markus-schall.de\/wp-content\/uploads\/Johann-Sebastian-Bach-Portrait-300x200.jpg 300w, https:\/\/www.markus-schall.de\/wp-content\/uploads\/Johann-Sebastian-Bach-Portrait-768x512.jpg 768w, https:\/\/www.markus-schall.de\/wp-content\/uploads\/Johann-Sebastian-Bach-Portrait-18x12.jpg 18w\" \/><\/div><span class=\"dpt-thumbnail-aspect-ratio\" style=\"padding-top: 75%\"><\/span><\/div><\/div><div class=\" sub-entry\"><h3 class=\" dpt-title\"><a class=\"dpt-title-link\" href=\"https:\/\/www.markus-schall.de\/cs\/2026\/02\/johann-sebastian-bach-ordnung-haltung-und-das-fundament-unserer-musik\/\" rel=\"bookmark\">Johann Sebastian Bach &#8211; Ordnung, Haltung und das Fundament unserer Musik<\/a><\/h3><\/div><\/div>\n\t\t\t\t\t\t<\/div><!-- .dpt-entry -->\n\t\t\t\t\t\t\t\t\t\t\t\t<div class=\"dpt-entry has-thumbnail\" data-title=\"vicco von b\u00fclow alias loriot &#8211; ordnung, form und der leise widerstand des humors\" data-id=\"4169\"  data-category=\"allgemein gesellschaft kunst &amp; kultur stories &amp; humor\" data-post_tag=\"deutschland erfahrungen pers\u00f6nlichkeitsentwicklung portrait\">\n\t\t\t\t\t\t\t<div class=\"dpt-entry-wrapper\"><div class=\" dpt-featured-content\"><div class=\" dpt-permalink\"><a href=\"https:\/\/www.markus-schall.de\/cs\/2025\/12\/vicco-von-buelow-alias-loriot-ordnung-form-und-der-leise-widerstand-des-humors\/\" class=\"dpt-permalink\"><span class=\"screen-reader-text\">Vicco von B\u00fclow alias Loriot &#8211; Ordnung, Form und der leise Widerstand des Humors<\/span><\/a><\/div><div class=\" dpt-thumbnail\"><div class=\"dpt-thumbnail-inner\"><img width=\"1024\" height=\"747\" class=\"attachment-full size-full\" alt=\"\" context=\"dpt\" data-dpt-src=\"https:\/\/www.markus-schall.de\/wp-content\/uploads\/Loriot-Titel.jpg\" data-dpt-sizes=\"(max-width: 1024px) 100vw, 1024px\" data-dpt-srcset=\"https:\/\/www.markus-schall.de\/wp-content\/uploads\/Loriot-Titel.jpg 1024w, https:\/\/www.markus-schall.de\/wp-content\/uploads\/Loriot-Titel-300x219.jpg 300w, https:\/\/www.markus-schall.de\/wp-content\/uploads\/Loriot-Titel-768x560.jpg 768w, https:\/\/www.markus-schall.de\/wp-content\/uploads\/Loriot-Titel-16x12.jpg 16w\" \/><\/div><span class=\"dpt-thumbnail-aspect-ratio\" style=\"padding-top: 75%\"><\/span><\/div><\/div><div class=\" sub-entry\"><h3 class=\" dpt-title\"><a class=\"dpt-title-link\" href=\"https:\/\/www.markus-schall.de\/cs\/2025\/12\/vicco-von-buelow-alias-loriot-ordnung-form-und-der-leise-widerstand-des-humors\/\" rel=\"bookmark\">Vicco von B\u00fclow alias Loriot &#8211; Ordnung, Form und der leise Widerstand des Humors<\/a><\/h3><\/div><\/div>\n\t\t\t\t\t\t<\/div><!-- .dpt-entry -->\n\t\t\t\t\t\t\t\t\t\t\t\t<div class=\"dpt-entry has-thumbnail\" data-title=\"helge schneider: haltung, humor und die freiheit, sich nicht erkl\u00e4ren zu m\u00fcssen\" data-id=\"4756\"  data-category=\"allgemein gesellschaft kunst &amp; kultur\" data-post_tag=\"deutschland erfahrungen meinungsfreiheit musik portrait\">\n\t\t\t\t\t\t\t<div class=\"dpt-entry-wrapper\"><div class=\" dpt-featured-content\"><div class=\" dpt-permalink\"><a href=\"https:\/\/www.markus-schall.de\/cs\/2026\/02\/helge-schneider-haltung-humor-und-die-freiheit-sich-nicht-erklaeren-zu-muessen\/\" class=\"dpt-permalink\"><span class=\"screen-reader-text\">Helge Schneider: Haltung, Humor und die Freiheit, sich nicht erkl\u00e4ren zu m\u00fcssen<\/span><\/a><\/div><div class=\" dpt-thumbnail\"><div class=\"dpt-thumbnail-inner\"><img width=\"1024\" height=\"683\" class=\"attachment-full size-full\" alt=\"Helge Schneider Portrait\" context=\"dpt\" data-dpt-src=\"https:\/\/www.markus-schall.de\/wp-content\/uploads\/Helge-Schneider.jpg\" data-dpt-sizes=\"(max-width: 1024px) 100vw, 1024px\" data-dpt-srcset=\"https:\/\/www.markus-schall.de\/wp-content\/uploads\/Helge-Schneider.jpg 1024w, https:\/\/www.markus-schall.de\/wp-content\/uploads\/Helge-Schneider-300x200.jpg 300w, https:\/\/www.markus-schall.de\/wp-content\/uploads\/Helge-Schneider-768x512.jpg 768w, https:\/\/www.markus-schall.de\/wp-content\/uploads\/Helge-Schneider-18x12.jpg 18w\" \/><\/div><span class=\"dpt-thumbnail-aspect-ratio\" style=\"padding-top: 75%\"><\/span><\/div><\/div><div class=\" sub-entry\"><h3 class=\" dpt-title\"><a class=\"dpt-title-link\" href=\"https:\/\/www.markus-schall.de\/cs\/2026\/02\/helge-schneider-haltung-humor-und-die-freiheit-sich-nicht-erklaeren-zu-muessen\/\" rel=\"bookmark\">Helge Schneider: Haltung, Humor und die Freiheit, sich nicht erkl\u00e4ren zu m\u00fcssen<\/a><\/h3><\/div><\/div>\n\t\t\t\t\t\t<\/div><!-- .dpt-entry -->\n\t\t\t\t\t\t\t\t\t\t\t\t<div class=\"dpt-entry has-thumbnail\" data-title=\"die affinity grafik-suite wird kostenlos: was profi-anwender jetzt wissen m\u00fcssen\" data-id=\"3675\"  data-category=\"apple macos b\u00fccher kunst &amp; kultur tipps &amp; anleitungen\" data-post_tag=\"buch mac prozesse publishing verlag\">\n\t\t\t\t\t\t\t<div class=\"dpt-entry-wrapper\"><div class=\" dpt-featured-content\"><div class=\" dpt-permalink\"><a href=\"https:\/\/www.markus-schall.de\/cs\/2025\/11\/die-affinity-grafik-suite-wird-kostenlos-was-profi-anwender-jetzt-wissen-muessen\/\" class=\"dpt-permalink\"><span class=\"screen-reader-text\">Die Affinity Grafik-Suite wird kostenlos: Was Profi-Anwender jetzt wissen m\u00fcssen<\/span><\/a><\/div><div class=\" dpt-thumbnail\"><div class=\"dpt-thumbnail-inner\"><img width=\"1024\" height=\"683\" class=\"attachment-full size-full\" alt=\"Affinity Grafiksuite kostenlos\" context=\"dpt\" data-dpt-src=\"https:\/\/www.markus-schall.de\/wp-content\/uploads\/affinity-grafiksuite-kostenlos.jpg\" data-dpt-sizes=\"(max-width: 1024px) 100vw, 1024px\" data-dpt-srcset=\"https:\/\/www.markus-schall.de\/wp-content\/uploads\/affinity-grafiksuite-kostenlos.jpg 1024w, https:\/\/www.markus-schall.de\/wp-content\/uploads\/affinity-grafiksuite-kostenlos-300x200.jpg 300w, https:\/\/www.markus-schall.de\/wp-content\/uploads\/affinity-grafiksuite-kostenlos-768x512.jpg 768w, https:\/\/www.markus-schall.de\/wp-content\/uploads\/affinity-grafiksuite-kostenlos-18x12.jpg 18w\" \/><\/div><span class=\"dpt-thumbnail-aspect-ratio\" style=\"padding-top: 75%\"><\/span><\/div><\/div><div class=\" sub-entry\"><h3 class=\" dpt-title\"><a class=\"dpt-title-link\" href=\"https:\/\/www.markus-schall.de\/cs\/2025\/11\/die-affinity-grafik-suite-wird-kostenlos-was-profi-anwender-jetzt-wissen-muessen\/\" rel=\"bookmark\">Die Affinity Grafik-Suite wird kostenlos: Was Profi-Anwender jetzt wissen m\u00fcssen<\/a><\/h3><\/div><\/div>\n\t\t\t\t\t\t<\/div><!-- .dpt-entry -->\n\t\t\t\t\t\t\n\t\t\t\t<\/div>\n\t\t\t\t\t\t<\/div>\n\t\t\t\n<hr \/>\n<h2>Aktuelle Nachrichten zur Nord Stream Pipeline<\/h2>\n<p><strong>15.06.2026<\/strong>: Der Betreiber von Nord Stream 2 geht <a href=\"https:\/\/www.berliner-zeitung.de\/article\/nord-stream-2-jetzt-verklagt-betreiber-den-eu-ausstieg-aus-russischem-gas-10096778\" target=\"_blank\" rel=\"noopener\"><strong>juristisch gegen die Energiepolitik der Europ\u00e4ischen Union vor<\/strong><\/a>. Hintergrund ist der beschlossene EU-Ausstieg aus russischem Gas bis sp\u00e4testens 2027. Nach Ansicht der Nord Stream 2 AG entzieht die EU der bereits fertiggestellten Pipeline damit faktisch jede wirtschaftliche Grundlage. Das Unternehmen argumentiert, dass Milliardeninvestitionen entwertet w\u00fcrden und die neuen Regelungen einer indirekten Enteignung gleichk\u00e4men. Bereits in der Vergangenheit gab es mehrere rechtliche Auseinandersetzungen zwischen Nord Stream 2 und europ\u00e4ischen Institutionen, nun richtet sich der Streit gegen die neuen Ma\u00dfnahmen zum vollst\u00e4ndigen Ausstieg aus russischen Gasimporten. Die EU begr\u00fcndet ihren Kurs mit energiepolitischer Unabh\u00e4ngigkeit, Versorgungssicherheit und der Verringerung finanzieller Zufl\u00fcsse nach Russland. Kritiker weisen hingegen auf m\u00f6gliche wirtschaftliche Folgen f\u00fcr Europa sowie auf den Verlust bestehender Infrastruktur hin. Der Fall d\u00fcrfte \u00fcber Jahre hinweg Gerichte und Schiedsstellen besch\u00e4ftigen und k\u00f6nnte zu einem wichtigen Pr\u00e4zedenzfall werden, wenn es um Investitionsschutz, Energiesicherheit und die politische Steuerung von Energiem\u00e4rkten geht.<\/p>\n<p><strong>05.06.2026<\/strong>: Russlands Pr\u00e4sident Wladimir Putin hat erneut die M\u00f6glichkeit einer Wiederinbetriebnahme von Nord Stream 2 ins Gespr\u00e4ch gebracht. Bei einem Treffen mit internationalen Journalisten erkl\u00e4rte er, dass einer der beiden Str\u00e4nge der Pipeline weiterhin technisch einsatzbereit sei. Sollte Deutschland eine politische Entscheidung treffen und bestehende Hindernisse aus dem Weg r\u00e4umen, k\u00f6nne die Gaslieferung kurzfristig wieder aufgenommen werden. Putin verwies dabei insbesondere auf bestehende US-Sanktionen, die einer Nutzung derzeit entgegenstehen. Nach seinen Angaben k\u00f6nnte Russland \u00fcber die verbliebene Leitung j\u00e4hrlich bis zu 28 Milliarden Kubikmeter Erdgas liefern. Andernfalls werde man die verf\u00fcgbaren Mengen an andere M\u00e4rkte verkaufen. Die \u00c4u\u00dferungen fallen in eine Zeit, in der die Debatte \u00fcber Energiepreise, Versorgungssicherheit und die wirtschaftlichen Folgen der Energiepolitik erneut an Fahrt gewinnt. Nord Stream 2 war vor dem Ukrainekrieg fertiggestellt worden, ging jedoch nie regul\u00e4r in Betrieb. Die Aussagen Putins d\u00fcrften die Diskussion \u00fcber Deutschlands k\u00fcnftige Energieversorgung und die geopolitische Rolle der Pipeline weiter befeuern.<\/p>\n<div class=\"lyte-wrapper\" style=\"width:640px;max-width:100%;margin:5px;\"><div class=\"lyMe\" id=\"WYL_zMESMYmLBsc\"><div id=\"lyte_zMESMYmLBsc\" data-src=\"https:\/\/www.markus-schall.de\/wp-content\/plugins\/wp-youtube-lyte\/lyteCache.php?origThumbUrl=%2F%2Fi.ytimg.com%2Fvi%2FzMESMYmLBsc%2Fhqdefault.jpg\" class=\"pL\"><div class=\"tC\"><div class=\"tT\"><\/div><\/div><div class=\"play\"><\/div><div class=\"ctrl\"><div class=\"Lctrl\"><\/div><div class=\"Rctrl\"><\/div><\/div><\/div><noscript><a href=\"https:\/\/youtu.be\/zMESMYmLBsc\" rel=\"nofollow noopener\" target=\"_blank\"><img loading=\"lazy\" decoding=\"async\" src=\"https:\/\/www.markus-schall.de\/wp-content\/plugins\/wp-youtube-lyte\/lyteCache.php?origThumbUrl=https%3A%2F%2Fi.ytimg.com%2Fvi%2FzMESMYmLBsc%2F0.jpg\" alt=\"YouTube video thumbnail\" width=\"640\" height=\"340\" \/><br \/>Watch this video on YouTube<\/a><\/noscript><\/div><\/div><div class=\"lL\" style=\"max-width:100%;width:640px;margin:5px;\"><\/div><br \/>\nWichtig! Wer hat Nordstream gesprengt? | <a href=\"https:\/\/www.youtube.com\/@Kontrafunkradio\" target=\"_blank\" rel=\"nofollow noopener\">Kontrafunk<\/a><\/p>\n<p>Fast vier Jahre nach den Explosionen in der Ostsee bleiben zahlreiche Fragen rund um die Nord-Stream-Sprengungen offen. Das Interview mit dem Journalisten Dirk Pohlmann beleuchtet verschiedene Hypothesen, m\u00f6gliche Interessenlagen und die Entwicklung der \u00f6ffentlichen Debatte seit 2022. Unabh\u00e4ngig davon, welcher Erkl\u00e4rung man letztlich folgt, zeigt der Fall exemplarisch, wie eng Energiepolitik, Geopolitik, wirtschaftliche Interessen und internationale Sicherheitsfragen miteinander verflochten sind. Gerade deshalb bleibt Nord Stream eines der meistdiskutierten Themen der j\u00fcngeren europ\u00e4ischen Zeitgeschichte und besch\u00e4ftigt bis heute Journalisten, Ermittler und politische Beobachter gleicherma\u00dfen.<\/p>\n<p><strong>25.05.2026<\/strong>: Im Deutschen Bundestag wurde am 21. Mai 2026 erneut \u00fcber den Anschlag auf die Nord-Stream-Pipelines diskutiert. Anlass war die Debatte zur Einsetzung eines Untersuchungsausschusses (UA), der die Hintergr\u00fcnde, m\u00f6glichen Verantwortlichkeiten und politischen Folgen der Sprengung n\u00e4her beleuchten soll. Der Antrag zur Einsetzung eines solchen Ausschusses wurde von der AfD-Fraktion eingebracht, nachdem das Thema in den vergangenen Monaten zunehmend wieder \u00f6ffentliche Aufmerksamkeit erhalten hatte.<\/p>\n<div class=\"lyte-wrapper\" style=\"width:640px;max-width:100%;margin:5px;\"><div class=\"lyMe\" id=\"WYL_1XADh94NuYA\"><div id=\"lyte_1XADh94NuYA\" data-src=\"https:\/\/www.markus-schall.de\/wp-content\/plugins\/wp-youtube-lyte\/lyteCache.php?origThumbUrl=%2F%2Fi.ytimg.com%2Fvi%2F1XADh94NuYA%2Fhqdefault.jpg\" class=\"pL\"><div class=\"tC\"><div class=\"tT\"><\/div><\/div><div class=\"play\"><\/div><div class=\"ctrl\"><div class=\"Lctrl\"><\/div><div class=\"Rctrl\"><\/div><\/div><\/div><noscript><a href=\"https:\/\/youtu.be\/1XADh94NuYA\" rel=\"nofollow noopener\" target=\"_blank\"><img loading=\"lazy\" decoding=\"async\" src=\"https:\/\/www.markus-schall.de\/wp-content\/plugins\/wp-youtube-lyte\/lyteCache.php?origThumbUrl=https%3A%2F%2Fi.ytimg.com%2Fvi%2F1XADh94NuYA%2F0.jpg\" alt=\"YouTube video thumbnail\" width=\"640\" height=\"340\" \/><br \/>Watch this video on YouTube<\/a><\/noscript><\/div><\/div><div class=\"lL\" style=\"max-width:100%;width:640px;margin:5px;\"><\/div><br \/>\nBundestagsdebatte zur Einsetzung eines UA: Angriff auf die Nordstream-Pipelines | <a href=\"https:\/\/www.youtube.com\/@phoenix\" target=\"_blank\" rel=\"noopener\">phoenix<\/a><\/p>\n<p>Die Debatte zeigt, dass viele Fragen rund um den Anschlag weiterhin offen sind. Bis heute gibt es keine allgemein akzeptierte und abschlie\u00dfende Aufkl\u00e4rung dar\u00fcber, wer hinter der Zerst\u00f6rung der Pipelines steckt und welche geopolitischen Interessen dabei eine Rolle gespielt haben k\u00f6nnten. Parallel dazu finden inzwischen auch weitere Expertenveranstaltungen und Analysen statt, bei denen technische, politische und wirtschaftliche Aspekte des Falls diskutiert werden. Das folgende Video dokumentiert die Bundestagsdebatte zur m\u00f6glichen Einsetzung eines Untersuchungsausschusses und zeigt, wie kontrovers das Thema weiterhin bewertet wird.<\/p>\n<p><strong>23.04.2026<\/strong>: Ein <a href=\"https:\/\/overton-magazin.de\/top-story\/warum-unterstuetzte-deutschland-die-ukraine-obgleich-die-anschlaege-auf-nord-stream-im-staatlichen-auftrag-geschahen\/\" target=\"_blank\" rel=\"noopener\"><strong>Beitrag im Overton Magazin<\/strong><\/a> vom Mitgr\u00fcnder und ehemaligen Chefredakteur des Magazins <a href=\"https:\/\/www.telepolis.de\" target=\"_blank\" rel=\"noopener\">Telepolis<\/a> stellt eine provokante Frage in den Raum: Warum unterst\u00fctzt Deutschland die Ukraine weiterhin so klar, obwohl die Anschl\u00e4ge auf die Nord-Stream-Pipelines bis heute nicht abschlie\u00dfend aufgekl\u00e4rt sind und teils sogar Hinweise auf staatliche Beteiligung diskutiert werden? Der Artikel argumentiert, dass politische Entscheidungen offenbar unabh\u00e4ngig von der vollst\u00e4ndigen Kl\u00e4rung dieser Ereignisse getroffen wurden und kritisiert eine aus seiner Sicht einseitige \u00f6ffentliche Debatte. Tats\u00e4chlich ist die Urheberschaft der Sabotage weiterhin nicht eindeutig gekl\u00e4rt, w\u00e4hrend unterschiedliche Narrative nebeneinander stehen. Vor diesem Hintergrund hinterfragt der Beitrag die strategische Ausrichtung der deutschen Politik und stellt die Frage, ob geopolitische Interessen und B\u00fcndnislogiken st\u00e4rker gewichtet werden als wirtschaftliche Eigeninteressen. Unabh\u00e4ngig von der Bewertung zeigt der Artikel vor allem eines: Wie gro\u00df die Spannungen zwischen offizieller Darstellung und kritischer Gegenperspektive sind &#8211; und wie wenig abschlie\u00dfend viele zentrale Fragen bislang beantwortet wurden.<\/p>\n<p><strong>21.03.2026<\/strong>: Trotz des geplanten Importverbots f\u00fcr russisches Gas ab 2027 zeigt sich, wie widerspr\u00fcchlich Europas Energiepolitik aktuell ist: Im Februar gingen <a href=\"https:\/\/www.berliner-zeitung.de\/wirtschaft-verantwortung\/lng-eu-importiert-100-prozent-der-russischen-ladungen-aus-yamal-trotz-verbot-ab-2027-li.10025694\" target=\"_blank\" rel=\"noopener\"><strong>100 Prozent der LNG-Lieferungen aus der russischen Anlage<\/strong><\/a> Yamal in die EU &#8211; insgesamt rund 1,54 Millionen Tonnen. Damit blieb Europa weiterhin ein zentraler Absatzmarkt f\u00fcr russisches Gas, w\u00e4hrend alternative Abnehmer wie China in diesem Zeitraum gar nicht beliefert wurden. Bereits 2025 stammten \u00fcber drei Viertel der Yamal-Exporte aus Lieferungen in die EU und brachten Russland Milliarden-Einnahmen. Im Kontext der zerst\u00f6rten Nord-Stream-Pipelines wirkt diese Entwicklung besonders widerspr\u00fcchlich: Pipeline-Gas wurde politisch beendet, w\u00e4hrend russisches LNG \u00fcber Umwege weiterhin in gro\u00dfem Umfang importiert wird &#8211; oft teurer, aber strukturell kaum weniger abh\u00e4ngig.<\/p>\n<p><strong>24.02.2026<\/strong>: Ist Nord Stream eine der gr\u00f6\u00dften L\u00fcgen der Biden-\u00c4ra? Ein Meinungsbeitrag bei <a href=\"https:\/\/thehill.com\/opinion\/international\/5625986-a-german-court-just-shattered-one-of-the-biden-eras-biggest-lies\/\" target=\"_blank\" rel=\"noopener\"><strong>The Hill<\/strong><\/a> greift eine aktuelle Entwicklung aus Deutschland auf und verbindet sie mit brisanten Fragen zur Rolle der damaligen US-Regierung. Hintergrund ist ein deutscher Haftbefehl gegen einen mutma\u00dflich an der Nord-Stream-Sabotage beteiligten Ukrainer. Der Autor argumentiert, dass bereits zuvor ver\u00f6ffentlichte Geheimdienstdokumente nahelegten, US-Dienste &#8211; und damit indirekt die Biden-Administration &#8211; h\u00e4tten fr\u00fchzeitig Hinweise auf ukrainische Sabotagepl\u00e4ne gehabt. Sollte sich best\u00e4tigen, dass entsprechende Informationen vorlagen und weitergegeben wurden, ohne die \u00d6ffentlichkeit dar\u00fcber zu informieren, w\u00fcrde das nicht nur die T\u00e4terfrage neu gewichten, sondern auch die politische Kommunikation der damaligen US-Regierung in einem anderen Licht erscheinen lassen. Offizielle Stellungnahmen aus Washington zu diesen Vorw\u00fcrfen liegen bislang nicht vor.<\/p>\n<hr \/>\n<h2>Versorgungssicherheit: Der Unterschied zwischen Theorie und Alltag<\/h2>\n<p>In politischen Diskussionen wird Energie oft so behandelt, als sei sie beliebig austauschbar: Heute Gas, morgen etwas anderes &#8211; Hauptsache, man will es nur genug. So funktioniert es im realen System nicht. Eine Volkswirtschaft l\u00e4sst sich nicht wie eine App umstellen. Netze, Kraftwerke, Industrieanlagen, Heizungen, Speicher, Vertr\u00e4ge und Logistik &#8211; all das ist auf Jahre und Jahrzehnte ausgelegt. Deshalb war f\u00fcr Europa ein Prinzip lange zentral: Versorgungssicherheit. Nicht im Sinne von \u201eBillig um jeden Preis\u201c, sondern im Sinne von \u201eplanbar und stabil\u201c.<\/p>\n<p>Hier kommt ein Punkt ins Spiel, den Au\u00dfenstehende leicht untersch\u00e4tzen: Energie ist f\u00fcr eine moderne Industriegesellschaft nicht nur ein Produkt, sondern eine Taktung. Eine stabile Versorgung ist wie ein gleichm\u00e4\u00dfiger Herzschlag. Man merkt ihn nicht, solange er da ist. Aber wenn er unruhig wird, merkt man pl\u00f6tzlich, wie viel daran h\u00e4ngt &#8211; und wie wenig man kurzfristig reparieren kann. Genau deshalb war die Frage, wie Europa &#8211; und insbesondere Deutschland &#8211; an gro\u00dfe Mengen Gas kommt, \u00fcber viele Jahre keine Nebensache, sondern eine strategische Kernfrage.<\/p>\n<h3>Deutschlands Sonderrolle: Industrie, W\u00e4rme und die Logik langfristiger Planung<\/h3>\n<p>Deutschland ist in Europa ein Sonderfall, und zwar aus einem einfachen Grund: Es ist stark industrialisiert und zugleich dicht besiedelt. Das bedeutet hohe Energiebedarfe auf engem Raum &#8211; nicht nur in Fabriken, sondern auch in St\u00e4dten, in Wohngebieten, in kommunalen Versorgungsstrukturen. Erdgas spielte dabei lange eine doppelte Rolle: als Heizenergie und als Industrieenergie. Diese Doppelrolle macht Abh\u00e4ngigkeiten stabil &#8211; aber auch empfindlich.<\/p>\n<p>Hinzu kommt: Die deutsche Wirtschaftslogik war traditionell auf verl\u00e4ssliche Rahmenbedingungen ausgelegt. Das zeigte sich auch im Energiemarkt. W\u00e4hrend der kurzfristige Spotmarkt in der \u00f6ffentlichen Debatte oft wie ein modernes Ideal wirkt (\u201eflexibel\u201c, \u201emarktnah\u201c), lebt industrielle Planung eher von langfristigen Liefervertr\u00e4gen, festen Mengen, klar kalkulierbaren Preisen. Das ist nicht romantisch, sondern bodenst\u00e4ndig: Ein Chemiewerk, das st\u00e4ndig mit unberechenbaren Energiepreisen rechnen muss, kann nicht so investieren, wie es m\u00fcsste. Und wer nicht investiert, verliert mittelfristig Wettbewerbsf\u00e4higkeit &#8211; ganz unabh\u00e4ngig davon, welche politischen Ziele man verfolgt.<\/p>\n<p>Vor diesem Hintergrund war Nord Stream f\u00fcr Deutschland nicht einfach ein \u201eProjekt\u201c. Es war ein Baustein in einer langfristigen Versorgungsarchitektur: gro\u00dfe Mengen, direkte Lieferung, wenig Transitrisko, kalkulierbare Bedingungen. Das kann man m\u00f6gen oder nicht &#8211; aber man sollte es zuerst verstehen, bevor man urteilt.<\/p>\n<h3>Nord Stream als Idee: Direkte Verbindung statt politischer Umwege<\/h3>\n<p>Nord Stream war im Kern eine direkte Verbindung zwischen Produzent und Abnehmer \u00fcber die Ostsee. Solche Direktverbindungen haben aus Versorgungssicht einen offensichtlichen Reiz: Sie reduzieren die Zahl der Zwischenstationen und damit die Zahl der potenziellen St\u00f6rfaktoren. In der klassischen Logik von Infrastrukturplanung klingt das zun\u00e4chst einmal vern\u00fcnftig. Je weniger Engstellen, je weniger politische Konfliktzonen, je weniger \u201eDritte\u201c, desto geringer das Risiko, dass ein Streit irgendwo auf dem Weg zu einem Versorgungsproblem wird.<\/p>\n<p>Genau hier liegt aber auch die politische Sprengkraft. Denn Transitl\u00e4nder verlieren durch so eine Umgehung nicht nur Geb\u00fchreneinnahmen, sondern Einfluss. Wer Transit kontrolliert, kontrolliert Hebel. Und wer Hebel verliert, wehrt sich &#8211; offen oder verdeckt. Nord Stream war damit von Anfang an ein Projekt, das nicht nur \u00f6konomische Interessen ber\u00fchrte, sondern Machtverh\u00e4ltnisse. Die Pipeline war also nicht erst ab dem Tag der Explosionen politisch. Sie war politisch, seit der erste Plan auf dem Tisch lag.<\/p>\n<h3>Warum das Thema so aufgeladen ist: Energie ist immer auch Geopolitik<\/h3>\n<p>Im R\u00fcckblick wirkt es fast naiv, zu glauben, Nord Stream k\u00f6nne jemals \u201eneutral\u201c betrachtet werden. Energie ist seit jeher ein geopolitisches Instrument &#8211; nicht zwingend als b\u00f6se Absicht, sondern als Realit\u00e4t. Wer Energie liefert, hat Einfluss. Wer Energie braucht, ist verwundbar. Dazwischen liegen Vertr\u00e4ge, Interessen, Abh\u00e4ngigkeiten, Sicherheitsfragen. Man kann das moralisch bewerten. Aber man kann es nicht wegdiskutieren.<\/p>\n<p>F\u00fcr Europa kam noch ein weiterer Faktor hinzu: Die europ\u00e4ische Einigung ist auch eine Einigung \u00fcber Stabilit\u00e4t. Und Stabilit\u00e4t hei\u00dft: keine pl\u00f6tzlichen Br\u00fcche. Keine dauernden Versorgungsunsicherheiten. Keine abrupte Deindustrialisierung durch Energieknappheit. In diesem Sinne war Nord Stream &#8211; unabh\u00e4ngig von der politischen Kontroverse &#8211; f\u00fcr viele Jahre ein Symbol daf\u00fcr, dass man Versorgung planbar halten kann. Gerade deshalb war der Schock so gro\u00df, als die Pipelines besch\u00e4digt wurden. Es ging nicht nur um Gas. Es ging um das Signal: Selbst zentrale Infrastruktur kann pl\u00f6tzlich weg sein.<\/p>\n<h3>Der eigentliche Kern: Warum die Sabotage mehr ist als ein Kriminalfall<\/h3>\n<p>Wenn eine Pipeline in dieser Gr\u00f6\u00dfenordnung zerst\u00f6rt wird, ist das nicht nur ein Sachschaden. Es ist eine Z\u00e4sur. Selbst wenn sp\u00e4ter repariert w\u00fcrde (was bereits technisch, politisch und wirtschaftlich eine eigene Geschichte w\u00e4re), bleibt eine Botschaft: Eine solche Verbindung kann gekappt werden &#8211; und die \u00d6ffentlichkeit bekommt vielleicht nie eine vollst\u00e4ndige Erkl\u00e4rung. Das ver\u00e4ndert Entscheidungen. Unternehmen werden vorsichtiger. Staaten werden misstrauischer. B\u00fcrger verlieren Vertrauen. M\u00e4rkte reagieren nerv\u00f6ser. Und politische Lager nutzen die Deutung, um ihre eigenen Erz\u00e4hlungen zu st\u00e4rken.<\/p>\n<h3>Einstieg in den Deutungsraum: Was Leser jetzt erwarten d\u00fcrfen<\/h3>\n<p>Wer hier einsteigt, sollte eines mitnehmen: Nord Stream war f\u00fcr Europa wichtig, weil es um planbare Energie ging &#8211; und damit um Planbarkeit des gesamten Wirtschafts- und Alltagslebens. Wer das verstanden hat, versteht auch, warum die Sprengung nicht nur eine Nachricht war, sondern ein Einschnitt. Ab hier wird es zwangsl\u00e4ufig kontrovers, weil unterschiedliche Interessen unterschiedliche Erkl\u00e4rungen beg\u00fcnstigen.<\/p>\n<p>Im n\u00e4chsten Schritt schauen wir deshalb n\u00fcchtern auf das, was man als gesichert ansehen kann &#8211; und dann auf die konkurrierenden Theorien. Nicht alle verdienen denselben Platz. Aber alle m\u00fcssen erst einmal sauber dargestellt werden. Und genau danach wird man sehen, warum die Darstellung von Seymour Hersh &#8211; ob man sie am Ende teilt oder nicht &#8211; in sich geschlossener wirkt als vieles, was sonst durch die Debatte geistert.<\/p>\n<p><img loading=\"lazy\" decoding=\"async\" class=\"alignnone wp-image-4114 size-large\" src=\"https:\/\/www.markus-schall.de\/wp-content\/uploads\/energiepreise-gaspreise-deutschland.jpg\" alt=\"Gaspreise in Deutschland\" width=\"1024\" height=\"683\" srcset=\"https:\/\/www.markus-schall.de\/wp-content\/uploads\/energiepreise-gaspreise-deutschland.jpg 1024w, https:\/\/www.markus-schall.de\/wp-content\/uploads\/energiepreise-gaspreise-deutschland-300x200.jpg 300w, https:\/\/www.markus-schall.de\/wp-content\/uploads\/energiepreise-gaspreise-deutschland-768x512.jpg 768w, https:\/\/www.markus-schall.de\/wp-content\/uploads\/energiepreise-gaspreise-deutschland-18x12.jpg 18w\" sizes=\"auto, (max-width: 1024px) 100vw, 1024px\" \/><\/p>\n<h2>Wie Nord Stream technisch funktioniert<\/h2>\n<p>Wenn von <a href=\"https:\/\/de.wikipedia.org\/wiki\/Pipeline\" target=\"_blank\" rel=\"noopener\">Pipelines<\/a> die Rede ist, entsteht schnell ein falsches Bild: ein langer Schlauch, irgendwo verlegt, durch den Gas flie\u00dft. In Wirklichkeit handelt es sich bei einer Hochdruck-Gaspipeline wie Nord Stream um ein hochkomplexes technisches System, das mit Alltagsvorstellungen nur wenig zu tun hat. Schon allein die Dimensionen machen klar, warum einfache Erkl\u00e4rungen hier nicht ausreichen. Die Rohre haben einen Durchmesser von \u00fcber einem Meter, bestehen aus dickwandigem Stahl und sind zus\u00e4tzlich mit einer schweren Betonummantelung versehen. Diese Ummantelung dient nicht nur dem Schutz, sondern auch der Stabilit\u00e4t &#8211; sie sorgt daf\u00fcr, dass die Pipeline sicher auf dem Meeresboden liegt und nicht durch Str\u00f6mungen oder \u00e4u\u00dfere Einwirkungen verrutscht.<\/p>\n<p>Das transportierte Gas steht dabei unter hohem Druck. Dieser Druck ist notwendig, um gro\u00dfe Mengen \u00fcber weite Strecken effizient zu bewegen. Gleichzeitig bedeutet er aber auch: Jede Besch\u00e4digung ist kein schleichendes Leck, sondern ein massiver Eingriff ins System. Genau deshalb unterscheidet sich eine solche Pipeline grundlegend von den Leitungen, die man aus dem st\u00e4dtischen Umfeld kennt. Wer das technische Grundprinzip verstanden hat, versteht auch, warum ein Schaden an Nord Stream kein triviales Ereignis sein kann.<\/p>\n<h3>Der Verlauf unter der Ostsee: Warum der Ort eine Rolle spielt<\/h3>\n<p>Die Ostsee wirkt auf den ersten Blick wie ein ruhiges, kontrollierbares Binnenmeer. Tats\u00e4chlich ist sie aber ein sensibler und strategisch bedeutender Raum. Nord Stream verl\u00e4uft \u00fcber Hunderte Kilometer am Meeresboden, durch unterschiedliche Tiefenbereiche und Zonen mit sehr verschiedenen Bedingungen. An manchen Stellen ist das Wasser vergleichsweise flach, an anderen erreicht es Tiefen, bei denen menschliches Tauchen praktisch keine Rolle mehr spielt. Technische Arbeiten dort unten sind nur mit Spezialausr\u00fcstung m\u00f6glich &#8211; mit ferngesteuerten Unterwasserfahrzeugen, Druckkammern oder milit\u00e4rischer Ausr\u00fcstung.<\/p>\n<p>Diese Tiefe ist kein Nebenaspekt. Sie entscheidet dar\u00fcber, wer \u00fcberhaupt in der Lage ist, gezielt zu operieren. Je tiefer und abgelegener der Ort, desto gr\u00f6\u00dfer der technische und logistische Aufwand. Und desto kleiner wird der Kreis der Akteure, die realistisch infrage kommen. Das ist einer der Gr\u00fcnde, warum die Frage nach der technischen Machbarkeit so wichtig ist &#8211; und warum einfache Erkl\u00e4rungen oft mehr verdecken als erkl\u00e4ren.<\/p>\n<h3>Schutzmechanismen: Warum Pipelines nicht schutzlos sind<\/h3>\n<p>Hochwertige Unterwasserpipelines werden nicht einfach \u201everlegt und vergessen\u201c. Schon der Bau ist ein pr\u00e4zise \u00fcberwachter Prozess. Sp\u00e4ter kommen weitere Schutzmechanismen hinzu: regelm\u00e4\u00dfige Inspektionen, \u00dcberwachung durch Sensorik, maritime Beobachtung, teilweise auch milit\u00e4rische Aufmerksamkeit. Nord Stream verlief zudem durch ein Gebiet, das keineswegs ein blinder Fleck war. Die Ostsee ist stark befahren, intensiv \u00fcberwacht und seit Jahrzehnten milit\u00e4risch relevant.<\/p>\n<p>Das bedeutet nicht, dass Sabotage unm\u00f6glich ist. Aber es bedeutet sehr wohl, dass sie nicht unbemerkt und nicht beil\u00e4ufig geschieht. Wer eine solche Pipeline gezielt besch\u00e4digen will, muss nicht nur wissen, wo sie liegt, sondern auch, wann und wie man unauff\u00e4llig genug agieren kann. Das setzt Planung voraus, Koordination, Zugriff auf Spezialtechnik &#8211; und vor allem Zeit. Genau hier beginnt sich das Bild zu verdichten: Ein zuf\u00e4lliger Akteur, der spontan handelt, passt schlecht in diese Gleichung.<\/p>\n<h3>Unfall oder Sabotage? Warum diese Frage schnell gekl\u00e4rt war<\/h3>\n<p>In den ersten Stunden nach den Explosionen wurde \u00f6ffentlich noch vorsichtig formuliert. Doch technisch war relativ schnell klar: Ein Unfall dieser Art ist extrem unwahrscheinlich. Pipelines wie Nord Stream sind auf innere Druckschwankungen, Materialerm\u00fcdung und \u00e4u\u00dfere Einwirkungen ausgelegt. Kleinere Sch\u00e4den entwickeln sich in der Regel langsam, mit messbaren Vorzeichen. Ein pl\u00f6tzliches, massives Versagen an mehreren Stellen gleichzeitig passt nicht in dieses Muster.<\/p>\n<p>Hinzu kommt die r\u00e4umliche Verteilung der Sch\u00e4den. Mehrere Explosionen an verschiedenen Punkten deuten nicht auf einen systemischen Defekt hin, sondern auf gezielte Eingriffe. In der Technik gilt oft ein einfacher Grundsatz: Je komplexer ein System, desto vorhersehbarer sind echte Fehler &#8211; und desto auff\u00e4lliger sind k\u00fcnstlich herbeigef\u00fchrte. Genau deshalb wurde relativ fr\u00fch von Sabotage gesprochen, auch wenn man sich mit Schuldzuweisungen zur\u00fcckhielt.<\/p>\n<h3>Warum \u201eeinfach mal tauchen\u201c keine realistische Vorstellung ist<\/h3>\n<p>In vielen Diskussionen taucht unterschwellig die Vorstellung auf, jemand k\u00f6nne mit \u00fcberschaubarem Aufwand eine solche Pipeline besch\u00e4digt haben &#8211; vielleicht mit Tauchern, vielleicht von einem zivilen Schiff aus. Technisch betrachtet ist das naiv. Arbeiten in gr\u00f6\u00dferen Tiefen erfordern entweder S\u00e4ttigungstauchen mit erheblichem logistischem Aufwand oder den Einsatz von spezialisierten Unterwasserfahrzeugen. Beides ist teuer, auff\u00e4llig und nicht spontan organisierbar.<\/p>\n<p>Dazu kommt: Es reicht nicht, irgendwo am Rohr etwas anzubringen. Um eine Pipeline dieser Bauart effektiv zu zerst\u00f6ren, braucht es pr\u00e4zise platzierte Sprengladungen, ausreichend Energie und ein Verst\u00e4ndnis daf\u00fcr, wie Material, Druck und Umgebung zusammenwirken. Wer hier dilettantisch vorgeht, riskiert wirkungslose Sch\u00e4den oder eine vorzeitige Entdeckung. Auch das spricht gegen einfache Erkl\u00e4rungen und f\u00fcr Akteure mit Erfahrung und Ressourcen.<\/p>\n<h3>Technik als Filter: Wer \u00fcberhaupt infrage kommt<\/h3>\n<p>Wenn man all diese Faktoren zusammennimmt &#8211; Tiefe, Bauweise, \u00dcberwachung, notwendige Technik -, wirkt die technische Seite pl\u00f6tzlich wie ein Filter. Sie schlie\u00dft nicht jeden aus, aber sie schr\u00e4nkt den Kreis stark ein. \u00dcbrig bleiben Akteure, die Zugriff auf maritime Spezialtechnik haben, \u00fcber Erfahrung mit Unterwasseroperationen verf\u00fcgen und in der Lage sind, solche Aktivit\u00e4ten \u00fcber l\u00e4ngere Zeit zu planen, ohne Aufmerksamkeit zu erregen.<\/p>\n<p>Das ist ein unbequemer Gedanke, weil er automatisch in Richtung staatlicher oder staatsnaher Strukturen weist. Nicht, weil Staaten per se \u201eb\u00f6se\u201c w\u00e4ren, sondern weil nur sie in der Regel \u00fcber genau diese Kombination aus F\u00e4higkeiten, Ressourcen und Deckungsm\u00f6glichkeiten verf\u00fcgen. Diese Erkenntnis allein beantwortet noch keine Schuldfrage. Aber sie hilft, die Debatte vom Spekulativen zur\u00fcck ins Realistische zu holen.<\/p>\n<h3>Warum Technik hier kein Nebenschauplatz ist<\/h3>\n<p>Oft wird Technik in politischen Debatten als Detail behandelt, als etwas f\u00fcr Experten. Im Fall von Nord Stream ist sie das Gegenteil: Sie ist der Schl\u00fcssel zum Verst\u00e4ndnis. Wer die technischen Rahmenbedingungen ignoriert, \u00f6ffnet die T\u00fcr f\u00fcr Erz\u00e4hlungen, die zwar politisch bequem sind, aber physikalisch kaum Bestand haben. Umgekehrt zwingt ein n\u00fcchterner Blick auf die Technik dazu, manche Thesen kritisch zu hinterfragen &#8211; auch dann, wenn sie gut ins gew\u00fcnschte Narrativ passen.<\/p>\n<p>Dieses Kapitel erf\u00fcllt deshalb eine wichtige Funktion: Es schafft einen gemeinsamen Boden. Egal, welche Theorie man sp\u00e4ter f\u00fcr plausibel h\u00e4lt &#8211; sie muss sich an den technischen Realit\u00e4ten messen lassen.<\/p>\n<p>Und genau das wird im weiteren Verlauf entscheidend sein, wenn wir uns den verschiedenen Erkl\u00e4rungen f\u00fcr die Sabotage zuwenden. Denn nicht jede Geschichte, die sich gut erz\u00e4hlen l\u00e4sst, ist auch technisch tragf\u00e4hig.<\/p>\n<p><img loading=\"lazy\" decoding=\"async\" class=\"alignnone wp-image-4446 size-large\" src=\"https:\/\/www.markus-schall.de\/wp-content\/uploads\/nordstream-pipeline.jpg\" alt=\"Nord Stream Pipeline\" width=\"1024\" height=\"683\" srcset=\"https:\/\/www.markus-schall.de\/wp-content\/uploads\/nordstream-pipeline.jpg 1024w, https:\/\/www.markus-schall.de\/wp-content\/uploads\/nordstream-pipeline-300x200.jpg 300w, https:\/\/www.markus-schall.de\/wp-content\/uploads\/nordstream-pipeline-768x512.jpg 768w, https:\/\/www.markus-schall.de\/wp-content\/uploads\/nordstream-pipeline-18x12.jpg 18w\" sizes=\"auto, (max-width: 1024px) 100vw, 1024px\" \/><\/p>\n<h2>Der 26. September 2022: Was wir sicher wissen<\/h2>\n<p>Der 26. September 2022 ist eines dieser Daten, die zun\u00e4chst unscheinbar wirken und sich erst im R\u00fcckblick als Z\u00e4sur entpuppen. Es war kein politischer Gipfel, kein angek\u00fcndigtes Ereignis, kein Tag mit besonderer Symbolik im Kalender. Und genau das macht ihn so bemerkenswert. Mitten in einer ohnehin angespannten Lage &#8211; Energiekrise, Krieg in der Ukraine, nerv\u00f6se M\u00e4rkte &#8211; geschah etwas, das sich nicht mehr zur\u00fcckdrehen lie\u00df: Nord Stream 1 und sp\u00e4ter auch Nord Stream 2 wurden besch\u00e4digt.<\/p>\n<p>Nicht theoretisch, nicht politisch, sondern physisch. Das System war pl\u00f6tzlich nicht mehr verf\u00fcgbar.<\/p>\n<p>Was diesen Tag von vielen anderen Krisenmomenten unterscheidet, ist die Klarheit des Einschnitts. Diskussionen \u00fcber Liefermengen, Sanktionen oder politische Entscheidungen lassen sich grunds\u00e4tzlich revidieren oder neu verhandeln. Eine zerst\u00f6rte Pipeline hingegen ist eine Tatsache. Sie markiert eine Grenze zwischen \u201evorher\u201c und \u201enachher\u201c. Und genau deshalb lohnt es sich, sehr genau hinzuschauen, was an diesem Tag tats\u00e4chlich bekannt wurde &#8211; und was nicht.<\/p>\n<h3>Die ersten Signale: Messdaten, Druckabf\u00e4lle, Explosionen<\/h3>\n<p>Am 26. September registrierten verschiedene Messstationen ungew\u00f6hnliche Vorg\u00e4nge in der Ostsee. Seismologische Dienste verzeichneten Ersch\u00fctterungen, die nicht zu nat\u00fcrlichen Ereignissen passten. Parallel dazu meldeten die Betreiber der Pipelines pl\u00f6tzliche Druckabf\u00e4lle. F\u00fcr Laien klingt das zun\u00e4chst abstrakt, f\u00fcr Fachleute ist es ein Alarmsignal. Ein Druckabfall in dieser Gr\u00f6\u00dfenordnung entsteht nicht durch kleine Lecks oder Materialerm\u00fcdung, sondern durch massive Sch\u00e4den.<\/p>\n<p>Kurz darauf wurden Gasblasen an der Wasseroberfl\u00e4che sichtbar. Bilder davon verbreiteten sich rasch &#8211; zun\u00e4chst z\u00f6gerlich, dann weltweit. Sp\u00e4testens hier war klar: Es handelt sich nicht um ein theoretisches Risiko, sondern um eine reale, physische Zerst\u00f6rung. Mehrere Leckstellen an unterschiedlichen Punkten machten schnell deutlich, dass ein einzelnes, zuf\u00e4lliges Ereignis als Erkl\u00e4rung nicht ausreichte. Die Wahrscheinlichkeit, dass mehrere unabh\u00e4ngige Sch\u00e4den gleichzeitig auftreten, ist bei einem System wie Nord Stream verschwindend gering.<\/p>\n<h3>Erste politische Reaktionen: Vorsicht, aber keine Zweifel<\/h3>\n<p>Auff\u00e4llig an den ersten Stellungnahmen politischer Akteure war weniger das, was gesagt wurde, sondern wie es gesagt wurde. Die Wortwahl war zur\u00fcckhaltend, fast n\u00fcchtern. Begriffe wie \u201eSabotage\u201c tauchten fr\u00fch auf, allerdings ohne direkte Schuldzuweisungen. Das ist kein Zufall. In der internationalen Politik gilt es als klug, Fakten zu benennen, ohne vorschnell Verantwortung zuzuschreiben &#8211; vor allem dann, wenn die Konsequenzen weitreichend sein k\u00f6nnten.<\/p>\n<p>Gleichzeitig war bemerkenswert, dass die Unfallthese kaum ernsthaft verfolgt wurde. Anders als bei vielen anderen technischen St\u00f6rungen gab es hier kein l\u00e4ngeres Z\u00f6gern, kein \u00f6ffentliches Abw\u00e4gen verschiedener Ursachen. Die Annahme gezielter Eingriffe setzte sich sehr schnell durch. Das allein sagt schon viel \u00fcber die Einsch\u00e4tzung der Fachleute im Hintergrund. Offiziell blieb man vorsichtig, inoffiziell war der Rahmen offenbar klar.<\/p>\n<h3>Sabotage als Feststellung &#8211; nicht als Spekulation<\/h3>\n<p>Es ist wichtig, diesen Punkt sauber zu trennen. \u201eSabotage\u201c wurde nicht als politische Anschuldigung benutzt, sondern als technische Beschreibung. Jemand hatte absichtlich eingegriffen. Mehr nicht &#8211; aber auch nicht weniger. Diese Feststellung war der kleinste gemeinsame Nenner, auf den sich alle Beteiligten relativ rasch einigen konnten. Und genau das macht sie so bedeutsam. In einer Situation, in der politische Interessen weit auseinanderliegen, ist eine solche \u00dcbereinstimmung selten.<\/p>\n<p>Dass trotzdem kaum Details folgten, erzeugte fr\u00fch ein Spannungsfeld. Einerseits war klar, dass etwas Au\u00dfergew\u00f6hnliches geschehen war. Andererseits blieb unklar, wer verantwortlich war und warum. Dieses Spannungsfeld ist bis heute nicht aufgel\u00f6st. Es bildet den Hintergrund f\u00fcr all die Theorien, Narrative und Deutungen, die in den folgenden Monaten entstanden sind.<\/p>\n<h3>Die unmittelbaren Folgen: Ein System f\u00e4llt aus<\/h3>\n<p>Unabh\u00e4ngig von der Schuldfrage hatte der 26. September unmittelbare Konsequenzen. Nord Stream war faktisch au\u00dfer Betrieb. Selbst wenn einzelne Leitungsabschnitte theoretisch reparierbar gewesen w\u00e4ren, war klar, dass kurzfristig nichts mehr zu holen war. Der Schaden war nicht nur technisch, sondern auch psychologisch. Vertrauen in die Verf\u00fcgbarkeit zentraler Infrastruktur war ersch\u00fcttert. F\u00fcr M\u00e4rkte, Unternehmen und politische Entscheider bedeutete das: Die bisherige Annahme von Stabilit\u00e4t war nicht mehr g\u00fcltig.<\/p>\n<p>Interessant ist dabei, dass diese Konsequenzen fast kommentarlos hingenommen wurden. Es gab keine gro\u00dfen Ank\u00fcndigungen, keine klaren politischen Reaktionen, die dem Ereignis angemessen schienen. Stattdessen setzte eine Art stilles Umdenken ein. Alternativen wurden beschleunigt gesucht, Notfallpl\u00e4ne angepasst, neue Abh\u00e4ngigkeiten in Kauf genommen. Der Bruch war vollzogen, auch ohne gro\u00dfe Reden.<\/p>\n<p>R\u00fcckblickend l\u00e4sst sich sagen: Der 26. September war weniger ein Tag der Information als ein Tag der Erkenntnis. Die Erkenntnis, dass selbst hochentwickelte, international bedeutende Infrastruktur verwundbar ist. Und dass diese Verwundbarkeit nicht zwangsl\u00e4ufig zu Transparenz f\u00fchrt. Im Gegenteil: Je gr\u00f6\u00dfer die Tragweite, desto vorsichtiger, teilweise schweigsamer wurden die \u00f6ffentlichen Reaktionen.<\/p>\n<p>Das Ereignis sendete ein Signal &#8211; nicht nur an Europa, sondern global. Es zeigte, dass wirtschaftliche Verflechtung keinen automatischen Schutz bietet. Dass Vertr\u00e4ge, Investitionen und jahrzehntelange Zusammenarbeit im Ernstfall keine Garantie sind. Diese Signalwirkung ist es, die den Vorfall \u00fcber den konkreten Schaden hinaus relevant macht. Sie erkl\u00e4rt auch, warum das Interesse an der Aufkl\u00e4rung so gro\u00df ist &#8211; und die Frustration \u00fcber das Ausbleiben klarer Antworten ebenso.<\/p>\n<h3>Ein unsichtbarer Schaden: Methan statt Rauchwolke<\/h3>\n<p>W\u00e4hrend Explosionen an Land sofort Bilder von Feuer, Rauch und Zerst\u00f6rung erzeugen, blieb die \u00f6kologische Dimension der Nord-Stream-Sabotage lange abstrakt. Das lag nicht daran, dass der Schaden gering war &#8211; sondern daran, dass er gr\u00f6\u00dftenteils unsichtbar blieb. Erdgas besteht zu einem sehr gro\u00dfen Teil aus Methan, einem farb- und geruchlosen Gas. Als die Leitungen besch\u00e4digt wurden, str\u00f6mten \u00fcber Tage hinweg enorme Mengen davon ungehindert aus dem Meeresboden in die Ostsee und von dort in die Atmosph\u00e4re.<\/p>\n<p>Was man auf Satellitenbildern sah &#8211; kreisf\u00f6rmige Blasenfelder an der Wasseroberfl\u00e4che &#8211; war nur der letzte Abschnitt eines Prozesses, der sich \u00fcberwiegend unter Wasser und schlie\u00dflich in der Luft abspielte. Anders als bei \u00d6lunf\u00e4llen, die sichtbare Verschmutzungen hinterlassen, wirkt ein Methanaustritt leise, fast harmlos. Genau das macht ihn so tr\u00fcgerisch.<\/p>\n<p>Klimatisch ist Methan besonders problematisch. Zwar verbleibt es k\u00fcrzer in der Atmosph\u00e4re als Kohlendioxid, wirkt in diesem Zeitraum aber um ein Vielfaches st\u00e4rker. Je nach Betrachtungszeitraum wird Methan eine 25- bis \u00fcber 80-fach st\u00e4rkere Treibhauswirkung zugeschrieben als CO\u2082. Das bedeutet: Gro\u00dfe Mengen, die in kurzer Zeit freigesetzt werden, haben einen erheblichen Klimaeffekt &#8211; selbst wenn sie sich sp\u00e4ter abbauen.<\/p>\n<p>Sch\u00e4tzungen zum Nord-Stream-Austritt variieren, bewegen sich aber in einer Gr\u00f6\u00dfenordnung, die man nicht mehr als \u201eRandereignis\u201c abtun kann. Umgerechnet auf CO\u2082-\u00c4quivalente entsprach der Aussto\u00df nach groben Berechnungen den j\u00e4hrlichen Emissionen einer mittleren Gro\u00dfstadt oder dem, was Millionen von Autos in einem Jahr verursachen. F\u00fcr ein einzelnes Ereignis ist das au\u00dfergew\u00f6hnlich &#8211; zumal es nicht durch industrielle Produktion, sondern durch die Zerst\u00f6rung bestehender Infrastruktur entstand.<\/p>\n<h3>Auswirkungen auf das marine \u00d6kosystem<\/h3>\n<p>Auch f\u00fcr das unmittelbare Umfeld unter Wasser blieb der Vorfall nicht folgenlos. Gro\u00dfe Gasblasen ver\u00e4ndern lokal den Sauerstoffgehalt, die Druckverh\u00e4ltnisse und die physikalische Struktur der Wassers\u00e4ule. In der Ostsee, die ohnehin als empfindliches und vergleichsweise schlecht durchmischtes Gew\u00e4sser gilt, k\u00f6nnen solche St\u00f6rungen kurzfristig Stress f\u00fcr Organismen bedeuten &#8211; insbesondere f\u00fcr bodennahe Fauna, Muschelb\u00e4nke und Mikroorganismen.<\/p>\n<p>Zwar wurde \u00f6ffentlich betont, dass sich die Ostsee relativ schnell \u201eerholen\u201c werde, doch diese Aussagen blieben vage. Systematische, breit kommunizierte Untersuchungen zu langfristigen \u00f6kologischen Folgen sind kaum bekannt. Auch hier zeigt sich ein Muster: W\u00e4hrend politische und sicherheitstechnische Aspekte intensiv diskutiert wurden, geriet die \u00f6kologische Dimension rasch in den Hintergrund &#8211; obwohl sie messbar und relevant war.<\/p>\n<p>Besonders auff\u00e4llig ist, wie wenig Raum dieser massive Methanaussto\u00df im \u00f6ffentlichen Klimadiskurs einnahm. In einer Zeit, in der Emissionen bis auf die zweite Nachkommastelle bilanziert werden, blieb eines der gr\u00f6\u00dften einzelnen Methanereignisse der j\u00fcngeren europ\u00e4ischen Geschichte erstaunlich randst\u00e4ndig. Es gab keine monatelangen Debatten, keine Sonderberichte, keine dauerhafte mediale Pr\u00e4senz.<\/p>\n<p>Dieses Schweigen wirft Fragen auf. Nicht unbedingt nach Absicht, aber nach Priorit\u00e4ten. Offenbar ist Klimaschaden nicht gleich Klimaschaden &#8211; je nachdem, ob er politisch gut einzuordnen ist oder nicht. Der Nord-Stream-Austritt passte schlecht in einfache Erz\u00e4hlungen von individueller Verantwortung oder industrieller Fahrl\u00e4ssigkeit. Er war das Ergebnis eines geopolitischen Ereignisses. Und genau dort wird es unbequem.<\/p>\n<h3>Umweltfolgen als Teil des Gesamtbildes<\/h3>\n<p>Die \u00f6kologischen Auswirkungen der Sabotage sind deshalb mehr als ein Randthema. Sie erweitern den Blick auf das Ereignis. Nord Stream war nicht nur ein wirtschaftlicher und politischer Einschnitt, sondern auch ein \u00f6kologischer. Dass dieser Aspekt so schnell verblasste, sagt viel dar\u00fcber aus, wie selektiv Aufmerksamkeit verteilt wird &#8211; selbst bei Themen, die sonst als zentral gelten.<\/p>\n<p>Gerade im R\u00fcckblick verst\u00e4rkt dieser Punkt den Eindruck, dass der 26. September 2022 kein gew\u00f6hnlicher Krisentag war. Er vereinte infrastrukturelle Zerst\u00f6rung, geopolitische Verschiebung und einen erheblichen Umweltschaden in einem einzigen Ereignis &#8211; und dennoch blieb vieles davon erstaunlich folgenlos im \u00f6ffentlichen Diskurs. Auch das geh\u00f6rt zu dem, was man \u201ewissen\u201c sollte, wenn man versucht, diesen Tag und seine Bedeutung wirklich zu verstehen.<\/p>\n<p>Mit dem 26. September endet der Bereich dessen, was man als weitgehend gesichert betrachten kann. Ab diesem Punkt beginnt der Raum der Interpretation. Wer hatte ein Motiv? Wer verf\u00fcgte \u00fcber die Mittel? Wem n\u00fctzte der Ausfall? Diese Fragen sind legitim, aber sie f\u00fchren zwangsl\u00e4ufig in politisches Gel\u00e4nde. Genau dort verzweigt sich die Debatte &#8211; in konkurrierende Theorien, mediale Narrative und strategische Schwebezust\u00e4nde.<\/p>\n<h3>Umweltaspekte am LNG-Terminal Wilhelmshaven: Chlor und Biozide in der Jade<\/h3>\n<p>Mit dem Ausfall von Nord Stream setzt Deutschland nun zunehmend auf LNG. Ein technischer Aspekt der konkurrierenden LNG-Importinfrastruktur, der bislang weniger in der \u00fcberregionalen Debatte stand, sind <a href=\"https:\/\/hooksiel-life.de\/hooksiel\/lng-frachter-hoeegh-esperanza-leitet-schon-biozide-in-die-jade-ein\/\" target=\"_blank\" rel=\"noopener\"><strong>\u00f6kologische Begleitfragen<\/strong><\/a> am deutschen LNG-Terminal in Wilhelmshaven. Das an der Jade stationierte FSRU-Schiff \u201eH\u00f6egh Esperanza\u201c wird teilweise im sogenannten \u201eClosed Loop\u201c betrieben, bei dem Seewasser durch Rohrleitungen zur Erw\u00e4rmung des verfl\u00fcssigten Erdgases geleitet wird.<\/p>\n<p>Um die Bildung von Bewuchs durch Muscheln oder Seepocken zu verhindern, wird dabei chlorhaltiges Sp\u00fclwasser in die Jade eingeleitet \u2014 ein Verfahren, das von Umweltverb\u00e4nden wie der Deutschen Umwelthilfe kritisiert wird. Kritiker bef\u00fcrchten m\u00f6gliche Auswirkungen auf Flora und Fauna im Nationalpark Nieders\u00e4chsisches Wattenmeer, w\u00e4hrend Betreiber und Beh\u00f6rden betonen, dass die Einleitungen im Rahmen der wasserrechtlichen Genehmigung und unter \u00dcberwachung der Grenzwerte stattfinden.<\/p>\n<h3>Betriebstechnik und Alternativen: Ultraschall statt Chlor<\/h3>\n<p>Die Diskussion um Biozide ist auch technisch relevant: Chlor wirkt zwar effektiv gegen Bewuchs, ist aber aus Sicht vieler Umweltsch\u00fctzer nicht mehr Stand der Technik. Alternativen wie ein Ultraschall-Antifoulingverfahren werden seit l\u00e4ngerem gepr\u00fcft und gelten als umweltvertr\u00e4glichere Option, werden aber noch nicht fl\u00e4chendeckend eingesetzt. Die Betreiberseite verweist darauf, dass \u00c4nderungen sicher und praktikabel umgesetzt werden m\u00fcssen, ohne den laufenden Betrieb der Regasifizierung zu gef\u00e4hrden. Die Debatte zeigt: Bei der Errichtung der LNG-Importinfrastruktur spielen nicht nur energiewirtschaftliche, sondern auch \u00f6kologische und technikbezogene Fragen eine Rolle, die \u00fcber die reine Verf\u00fcgbarkeit von Gas hinausgehen.<\/p>\n<p><img loading=\"lazy\" decoding=\"async\" class=\"alignnone wp-image-4447 size-large\" src=\"https:\/\/www.markus-schall.de\/wp-content\/uploads\/nordstream-schweigen-eisberg.jpg\" alt=\"Schweigen und verborgene Auswirkungen\" width=\"1024\" height=\"683\" srcset=\"https:\/\/www.markus-schall.de\/wp-content\/uploads\/nordstream-schweigen-eisberg.jpg 1024w, https:\/\/www.markus-schall.de\/wp-content\/uploads\/nordstream-schweigen-eisberg-300x200.jpg 300w, https:\/\/www.markus-schall.de\/wp-content\/uploads\/nordstream-schweigen-eisberg-768x512.jpg 768w, https:\/\/www.markus-schall.de\/wp-content\/uploads\/nordstream-schweigen-eisberg-18x12.jpg 18w\" sizes=\"auto, (max-width: 1024px) 100vw, 1024px\" \/><\/p>\n<h2>Ermittlungen ohne \u00d6ffentlichkeit<\/h2>\n<p>Nach den Explosionen begann offiziell das, was in solchen F\u00e4llen vorgesehen ist: Ermittlungen. Zust\u00e4ndig waren zun\u00e4chst jene Staaten, in deren Hoheits- oder Wirtschaftszonen die Sch\u00e4den festgestellt wurden &#8211; vor allem Deutschland, D\u00e4nemark und Schweden. Das klingt klar, ist es in der Praxis aber nicht. Denn Nord Stream ist ein internationales Projekt, die Ostsee ein geteilter Raum, und die betroffenen Infrastrukturen ber\u00fchren sicherheitspolitische Interessen weit \u00fcber nationale Grenzen hinaus.<\/p>\n<p>Statt einer gemeinsamen, transparenten Untersuchung entstand ein Geflecht paralleler Ermittlungen. Jeder Staat arbeitete f\u00fcr sich, mit eigenen Beh\u00f6rden, eigenen Priorit\u00e4ten und eigenen Geheimhaltungsregeln. Was auf dem Papier nach Souver\u00e4nit\u00e4t klingt, f\u00fchrte faktisch zu Fragmentierung. Informationen wurden nicht geb\u00fcndelt, sondern segmentiert. Ergebnisse wurden nicht gemeinsam pr\u00e4sentiert, sondern &#8211; wenn \u00fcberhaupt &#8211; selektiv kommuniziert. F\u00fcr die \u00d6ffentlichkeit entstand so fr\u00fch ein Bild von Aktivit\u00e4t, aber nicht von Erkenntnis.<\/p>\n<h3>Geheimhaltung als Normalzustand<\/h3>\n<p>Relativ schnell wurde klar, dass gro\u00dfe Teile der Ermittlungen unter Geheimschutz stehen w\u00fcrden. Das wurde mit Verweis auf nationale Sicherheit, laufende Untersuchungen und sensible Erkenntnisse begr\u00fcndet. Formal ist das nachvollziehbar. In der Praxis bedeutet es jedoch, dass zentrale Fragen der \u00f6ffentlichen Kontrolle entzogen wurden. Was genau untersucht wurde, welche Spuren gefunden wurden, welche Hypothesen verworfen oder weiterverfolgt wurden &#8211; all das blieb weitgehend im Dunkeln.<\/p>\n<p>Diese Form der Geheimhaltung ist nicht ungew\u00f6hnlich, wenn es um milit\u00e4rische oder nachrichtendienstliche Aspekte geht. Ungew\u00f6hnlich ist jedoch ihr Umfang und ihre Dauer. Monate vergingen, ohne dass substanzielle Zwischenergebnisse \u00f6ffentlich gemacht wurden. Selbst grundlegende Informationen &#8211; etwa zur Art der eingesetzten Sprengmittel oder zur genauen Abfolge der Sch\u00e4den &#8211; wurden nur bruchst\u00fcckhaft best\u00e4tigt. F\u00fcr ein Ereignis dieser Tragweite ist das bemerkenswert.<\/p>\n<h3>Transparenzversprechen ohne Substanz<\/h3>\n<p>In den ersten Stellungnahmen wurde immer wieder betont, dass man \u201etransparent aufkl\u00e4ren\u201c wolle. Dieses Versprechen blieb jedoch vage. Transparenz wurde nicht als aktive Information verstanden, sondern als abstraktes Ziel. Solange Ermittlungen liefen, k\u00f6nne man nichts sagen. Und solange nichts gesagt wurde, blieb Transparenz ein zuk\u00fcnftiges Versprechen &#8211; eines, das sich mit jeder Woche weiter entfernte.<\/p>\n<p>Dabei ist Transparenz kein Alles-oder-nichts-Prinzip. Auch ohne operative Details preiszugeben, lassen sich Rahmenbedingungen erkl\u00e4ren, methodische Schritte offenlegen oder zumindest klar benennen, welche Fragen als gekl\u00e4rt gelten und welche nicht. Dass selbst diese Ebene weitgehend ausgespart blieb, verst\u00e4rkte den Eindruck, dass hier weniger um Kommunikation als um Kontrolle des Deutungsraums ging.<\/p>\n<h3>Unterschiedliche Interessen, unterschiedliche Stille<\/h3>\n<p>Ein weiterer Punkt, der selten offen angesprochen wird, sind die unterschiedlichen Interessen der beteiligten Staaten. F\u00fcr manche war Nord Stream ein zentrales wirtschaftliches Projekt, f\u00fcr andere ein politisches \u00c4rgernis, f\u00fcr wieder andere ein Sicherheitsrisiko. Diese Unterschiede verschwinden nicht mit dem Beginn einer Ermittlung. Sie wirken im Hintergrund weiter &#8211; auch wenn offiziell Neutralit\u00e4t betont wird.<\/p>\n<p>Das erkl\u00e4rt, warum es nie zu einer gemeinsamen, klaren Linie kam. Jeder Staat hatte gute Gr\u00fcnde, bestimmte Aspekte zu betonen oder zu relativieren. Und jeder hatte ebenso gute Gr\u00fcnde, sich mit \u00f6ffentlichen Aussagen zur\u00fcckzuhalten. Das Ergebnis war eine Art institutionelles Schweigen, das weniger auf Absprache als auf gegenseitige Vorsicht zur\u00fcckzuf\u00fchren ist. Niemand wollte sich festlegen &#8211; und niemand wollte riskieren, etwas preiszugeben, das sp\u00e4ter politisch problematisch werden k\u00f6nnte.<\/p>\n<hr \/>\n<h3>Aktuelle Umfrage zum Vertrauen in die Polititk<\/h3>\n<div class='bootstrap-yop yop-poll-mc'>\n\t\t\t\t\t\t\t<div class=\"basic-yop-poll-container\" style=\"background-color:#ffffff; border:0px; border-style:solid; border-color:#000000; border-radius:5px; padding:0px 5px;\" data-id=\"1\" data-temp=\"basic-pretty\" data-skin=\"square\" data-cscheme=\"blue\" data-cap=\"0\" data-access=\"guest\" data-tid=\"\" data-uid=\"2ed90a5e2e252da08f830c544d877e84\" data-pid=\"3675\" data-resdet=\"votes-number,percentages\" data-show-results-to=\"guest\" data-show-results-moment=\"after-vote\" data-show-results-only=\"false\" data-show-message=\"true\" data-show-results-as=\"bar\" data-sort-results-by=\"as-defined\" data-sort-results-rule=\"asc\"data-is-ended=\"0\" data-percentages-decimals=\"2\" data-gdpr=\"no\" data-gdpr-sol=\"consent\" data-css=\"\" data-counter=\"0\" data-load-with=\"1\" data-notification-section=\"top\"><div class=\"row\"><div class=\"col-md-12\"><div class=\"basic-inner\"><div class=\"basic-message hide\" style=\"border-left: 10px solid #008000; padding: 0px 10px;\" data-error=\"#ff0000\" data-success=\"#008000\"><p class=\"basic-message-text\" style=\"color:#000000; font-size:14px; font-weight:normal;\"><\/p><\/div><div class=\"basic-overlay hide\"><div class=\"basic-vote-options\"><\/div><div class=\"basic-preloader\"><div class=\"basic-windows8\"><div class=\"basic-wBall basic-wBall_1\"><div class=\"basic-wInnerBall\"><\/div><\/div><div class=\"basic-wBall basic-wBall_2\"><div class=\"basic-wInnerBall\"><\/div><\/div><div class=\"basic-wBall basic-wBall_3\"><div class=\"basic-wInnerBall\"><\/div><\/div><div class=\"basic-wBall basic-wBall_4\"><div class=\"basic-wInnerBall\"><\/div><\/div><div class=\"basic-wBall basic-wBall_5\"><div class=\"basic-wInnerBall\"><\/div><\/div><\/div><\/div><\/div><form class=\"basic-form\"><input type=\"hidden\" name=\"_token\" value=\"0cfff5bae6\" autocomplete=\"off\"><div class=\"basic-elements\"><div class=\"basic-element basic-question basic-question-text-vertical\" data-id=\"1\" data-uid=\"e0d98f021ec3c78ebb8039b050d2a99a\" data-type=\"question\" data-question-type=\"text\" data-required=\"yes\" data-allow-multiple=\"no\" data-min=\"1\" data-max=\"1\" data-display=\"vertical\" data-colnum=\"\" data-display-others=\"no\" data-others-color=\"\" data-others=\"\" data-others-max-chars=\"0\"><div class=\"basic-question-title\"><h5 style=\"color:#000000; font-size:16px; font-weight:normal; text-align:left;\">Wie gro\u00df ist Dein Vertrauen in Politik und Medien in Deutschland?<\/h5><\/div><ul class=\"basic-answers\"><li class=\"basic-answer\" style=\"padding:0px 0px;\" data-id=\"1\" data-type=\"text\" data-vn=\"13\" data-color=\"#000000\" data-make-link=\"no\" data-link=\"\"><div class=\"basic-answer-content basic-text-vertical\"><label for=\"answer[1]\" class=\"basic-answer-label\"><input type=\"radio\" id=\"answer[1]\" name=\"answer[1]\" value=\"1\"><span class=\"basic-text\" style=\"color: #000000; font-size: 14px; font-weight: normal;\">Sehr hoch \u2013 Ich vertraue den offiziellen Stellen uneingeschr\u00e4nkt<\/span><\/label><\/div><\/li><li class=\"basic-answer\" style=\"padding:0px 0px;\" data-id=\"2\" data-type=\"text\" data-vn=\"35\" data-color=\"#000000\" data-make-link=\"no\" data-link=\"\"><div class=\"basic-answer-content basic-text-vertical\"><label for=\"answer[2]\" class=\"basic-answer-label\"><input type=\"radio\" id=\"answer[2]\" name=\"answer[1]\" value=\"2\"><span class=\"basic-text\" style=\"color: #000000; font-size: 14px; font-weight: normal;\">Mittel \u2013 Ich bin vorsichtig, aber nicht grunds\u00e4tzlich misstrauisch<\/span><\/label><\/div><\/li><li class=\"basic-answer\" style=\"padding:0px 0px;\" data-id=\"3\" data-type=\"text\" data-vn=\"65\" data-color=\"#000000\" data-make-link=\"no\" data-link=\"\"><div class=\"basic-answer-content basic-text-vertical\"><label for=\"answer[3]\" class=\"basic-answer-label\"><input type=\"radio\" id=\"answer[3]\" name=\"answer[1]\" value=\"3\"><span class=\"basic-text\" style=\"color: #000000; font-size: 14px; font-weight: normal;\">Gering \u2013 Ich \u00fcberpr\u00fcfe vieles selbst<\/span><\/label><\/div><\/li><li class=\"basic-answer\" style=\"padding:0px 0px;\" data-id=\"4\" data-type=\"text\" data-vn=\"276\" data-color=\"#000000\" data-make-link=\"no\" data-link=\"\"><div class=\"basic-answer-content basic-text-vertical\"><label for=\"answer[4]\" class=\"basic-answer-label\"><input type=\"radio\" id=\"answer[4]\" name=\"answer[1]\" value=\"4\"><span class=\"basic-text\" style=\"color: #000000; font-size: 14px; font-weight: normal;\">Kaum vorhanden \u2013 Ich glaube, dass vieles verschleiert oder inszeniert ist<\/span><\/label><\/div><\/li><\/ul><\/div><div class=\"clearfix\"><\/div><\/div><div class=\"basic-vote\"><a href=\"#\" class=\"button basic-vote-button\" role=\"button\" style=\"background:#027bb8; border:0px; border-style: solid; border-color:#1636f0; border-radius:5px; padding:10px 10px; color:#ffffff; font-size:14px; font-weight:normal;\">Abstimmen<\/a><\/div><\/form><\/div><\/div><\/div><\/div>\n\t\t\t\t\t\t<\/div>\n<hr \/>\n<h3>Die Rolle der Parlamente: Informiert, aber nicht eingebunden<\/h3>\n<p>In parlamentarischen Demokratien stellt sich bei solchen Ereignissen zwangsl\u00e4ufig die Frage nach der Kontrolle durch gew\u00e4hlte Vertreter. Auch hier blieb das Bild ambivalent. Zwar wurden einzelne Aussch\u00fcsse informiert, allerdings meist in nicht-\u00f6ffentlichen Sitzungen. Inhalte solcher Briefings drangen kaum nach au\u00dfen. Abgeordnete konnten Fragen stellen, aber die Antworten unterlagen ebenfalls Geheimhaltung.<\/p>\n<p>F\u00fcr die \u00d6ffentlichkeit bedeutet das: Selbst dort, wo demokratische Kontrolle formal stattfindet, bleibt sie faktisch unsichtbar. Das mag rechtlich korrekt sein, hinterl\u00e4sst aber ein Spannungsgef\u00fchl. Denn je gr\u00f6\u00dfer die Tragweite eines Ereignisses, desto st\u00e4rker w\u00e4chst das Bed\u00fcrfnis nach nachvollziehbarer Aufkl\u00e4rung. Bleibt diese aus, entsteht ein Vakuum &#8211; und dieses Vakuum f\u00fcllt sich zwangsl\u00e4ufig mit Spekulationen.<\/p>\n<p>Mit zunehmender Dauer nahm der Eindruck zu, dass die Ermittlungen selbst zu einem Zustand geworden waren. Sie liefen, aber sie f\u00fchrten zu keinem \u00f6ffentlich greifbaren Ergebnis. Dieses \u201eDazwischen\u201c ist politisch nicht neutral. Es stabilisiert bestehende Narrative, verhindert neue Debatten und erlaubt es, unbequeme Fragen aufzuschieben. Solange nichts abschlie\u00dfend gekl\u00e4rt ist, bleibt alles offen &#8211; und gleichzeitig blockiert.<\/p>\n<p>Das ist kein Vorwurf an einzelne Ermittler oder Beh\u00f6rden. Es ist vielmehr eine strukturelle Beobachtung. In komplexen geopolitischen F\u00e4llen kann Nicht-Aufkl\u00e4rung funktional sein. Sie verhindert Eskalation, sch\u00fctzt Beziehungen und bewahrt Handlungsspielr\u00e4ume. Der Preis daf\u00fcr ist jedoch hoch: Vertrauen. Vertrauen in Institutionen, in Transparenzversprechen und in die Idee, dass zentrale Ereignisse irgendwann nachvollziehbar erkl\u00e4rt werden.<\/p>\n<h3>Warum fehlende Ergebnisse selbst ein Ergebnis sind<\/h3>\n<p>Je l\u00e4nger die Ermittlungen ohne sichtbare Resultate blieben, desto deutlicher wurde ein paradoxer Effekt: Die Abwesenheit von Informationen begann selbst Aussagekraft zu entwickeln. Nicht im Sinne eines Beweises, sondern im Sinne eines Musters. Offenbar gab es Erkenntnisse, die nicht kommuniziert werden sollten &#8211; aus welchen Gr\u00fcnden auch immer. Und offenbar \u00fcberwogen diese Gr\u00fcnde das Interesse an \u00f6ffentlicher Klarheit.<\/p>\n<p>F\u00fcr eine offene Gesellschaft ist das ein heikler Befund. Er bedeutet nicht zwangsl\u00e4ufig, dass etwas \u201evertuscht\u201c wird. Aber er bedeutet, dass politische Stabilit\u00e4t und strategische R\u00fccksichtnahme h\u00f6her gewichtet wurden als umfassende Transparenz. Das kann man akzeptieren. Man sollte es aber benennen. Denn nur dann l\u00e4sst sich verstehen, warum der Fall Nord Stream bis heute so viele offene Fragen aufwirft &#8211; und warum diese Fragen nicht einfach verschwinden werden.<\/p>\n<p>Mit diesem Kapitel endet der Bereich der formalen Aufkl\u00e4rung. Ab hier beginnt der Raum der Erkl\u00e4rungen, Hypothesen und Narrative. Wenn staatliche Ermittlungen keine klaren Antworten liefern &#8211; oder sie zumindest nicht teilen -, entsteht ein Deutungswettbewerb. Medien, Experten, Analysten und investigative Journalisten treten an die Stelle offizieller Berichte.<\/p>\n<p>Das ist kein Zeichen von Chaos, sondern eine logische Folge. Wo Transparenz fehlt, wird interpretiert. Und genau an diesem Punkt setzt das n\u00e4chste Kapitel an: bei den verschiedenen Theorien dar\u00fcber, wer hinter der Sabotage stecken k\u00f6nnte &#8211; und warum manche davon schneller akzeptiert wurden als andere.<\/p>\n<h3>Recherche unter Verschluss: Journalismus zwischen Aufkl\u00e4rung und politischem Druck<\/h3>\n<p>Das folgende Video vom NDR beleuchtet die Nord-Stream-Sabotage aus der Perspektive jener, die eigentlich f\u00fcr Aufkl\u00e4rung sorgen sollen: investigativer Journalistinnen und Journalisten. Es zeigt, wie schwierig Recherche wird, wenn Ermittlungen unter strikter Geheimhaltung laufen, politische Sensibilit\u00e4ten jede Nachfrage belasten und selbst erfahrene Reporter von ungew\u00f6hnlichem Widerstand berichten.<\/p>\n<div class=\"lyte-wrapper\" style=\"width:640px;max-width:100%;margin:5px;\"><div class=\"lyMe\" id=\"WYL_fqeshYMR-Hk\"><div id=\"lyte_fqeshYMR-Hk\" data-src=\"https:\/\/www.markus-schall.de\/wp-content\/plugins\/wp-youtube-lyte\/lyteCache.php?origThumbUrl=%2F%2Fi.ytimg.com%2Fvi%2FfqeshYMR-Hk%2Fhqdefault.jpg\" class=\"pL\"><div class=\"tC\"><div class=\"tT\"><\/div><\/div><div class=\"play\"><\/div><div class=\"ctrl\"><div class=\"Lctrl\"><\/div><div class=\"Rctrl\"><\/div><\/div><\/div><noscript><a href=\"https:\/\/youtu.be\/fqeshYMR-Hk\" rel=\"nofollow noopener\" target=\"_blank\"><img loading=\"lazy\" decoding=\"async\" src=\"https:\/\/www.markus-schall.de\/wp-content\/plugins\/wp-youtube-lyte\/lyteCache.php?origThumbUrl=https%3A%2F%2Fi.ytimg.com%2Fvi%2FfqeshYMR-Hk%2F0.jpg\" alt=\"YouTube video thumbnail\" width=\"640\" height=\"340\" \/><br \/>Watch this video on YouTube<\/a><\/noscript><\/div><\/div><div class=\"lL\" style=\"max-width:100%;width:640px;margin:5px;\"><\/div><br \/>\nDer Fall Nord Stream: Wird die Aufkl\u00e4rung blockiert? | <a href=\"https:\/\/www.youtube.com\/@ZAPP\" target=\"_blank\" rel=\"nofollow noopener\">ZAPP &#8211; NDR<\/a><\/p>\n<p>Der Film macht deutlich, dass der Fall Nord Stream nicht nur eine Frage der T\u00e4terschaft ist, sondern auch ein Lehrst\u00fcck \u00fcber die Grenzen journalistischer Arbeit in geopolitisch hoch aufgeladenen Situationen. Besonders aufschlussreich ist dabei der Blick auf konkurrierende Spuren, den Umgang mit unbequemen Hinweisen &#8211; und die Frage, ob und wie \u00d6ffentlichkeit unter solchen Bedingungen \u00fcberhaupt noch hergestellt werden kann.<\/p>\n<h2>Die konkurrierenden Theorien zur Sabotage<\/h2>\n<p>Je l\u00e4nger offizielle Ermittlungen ohne \u00f6ffentlich greifbares Ergebnis bleiben, desto st\u00e4rker verlagert sich die Debatte in einen anderen Raum. Er ist weniger formal, weniger kontrolliert, aber nicht zwangsl\u00e4ufig unseri\u00f6s: der Raum der Hypothesen. Genau das war nach der Sabotage von Nord Stream zu beobachten. Innerhalb weniger Tage entstanden unterschiedliche Erkl\u00e4rungsans\u00e4tze, die sich rasch verfestigten &#8211; nicht unbedingt, weil sie gut belegt waren, sondern weil sie politisch, medial oder psychologisch anschlussf\u00e4hig erschienen.<\/p>\n<p>Wichtig ist dabei eine klare Unterscheidung: Eine Theorie ist zun\u00e4chst nichts weiter als ein Erkl\u00e4rungsversuch. Sie gewinnt an Gewicht nicht durch Wiederholung, sondern durch Plausibilit\u00e4t, innere Logik und \u00dcbereinstimmung mit bekannten Fakten. Genau an diesen Ma\u00dfst\u00e4ben m\u00fcssen sich alle konkurrierenden Erz\u00e4hlungen messen lassen &#8211; unabh\u00e4ngig davon, wie oft sie zitiert oder wie entschieden sie verteidigt werden.<\/p>\n<h3>Theorie 1: Russland als T\u00e4ter &#8211; das naheliegende Feindbild<\/h3>\n<p>Die fr\u00fcheste und medial am schnellsten verbreitete Erkl\u00e4rung war die Annahme, Russland habe seine eigene Pipeline sabotiert. Auf den ersten Blick wirkt diese These einfach: Russland als aggressiver Akteur, Russland als Energielieferant, Russland als geopolitischer Gegner &#8211; das Bild f\u00fcgt sich scheinbar nahtlos in die damalige Gesamtlage ein. Gerade deshalb wurde diese Erkl\u00e4rung selten vertieft hinterfragt.<\/p>\n<p>Bei n\u00e4herer Betrachtung tauchen jedoch erhebliche Probleme auf. Nord Stream war f\u00fcr Russland kein kurzfristiges Druckmittel, sondern eine langfristige Investition &#8211; wirtschaftlich wie politisch. Die Zerst\u00f6rung der Pipeline h\u00e4tte bedeutet, ein eigenes strategisches Instrument unwiederbringlich aus der Hand zu geben. Selbst wenn man argumentiert, Russland habe Nord Stream ohnehin nicht mehr genutzt, bleibt die Frage:<\/p>\n<blockquote><p>Warum ein Asset zerst\u00f6ren, das jederzeit als Verhandlungsmasse h\u00e4tte dienen k\u00f6nnen?<\/p><\/blockquote>\n<p>Hinzu kommt ein praktischer Aspekt: Russland h\u00e4tte keinerlei Notwendigkeit gehabt, eine spektakul\u00e4re Sabotage durchzuf\u00fchren, um Lieferungen zu stoppen. Ventile und Vertr\u00e4ge h\u00e4tten daf\u00fcr ausgereicht. Eine Explosion unter Wasser erzeugt Aufmerksamkeit, erh\u00f6ht Eskalationsrisiken und schr\u00e4nkt zuk\u00fcnftige Optionen ein. Aus strategischer Sicht wirkt dieses Vorgehen widerspr\u00fcchlich.<\/p>\n<h3>Theorie 2: Eine \u201epro-ukrainische Gruppe\u201c &#8211; die bequeme Erkl\u00e4rung<\/h3>\n<p>Monate nach dem Ereignis tauchte eine weitere Erkl\u00e4rung auf, die in vielen Medien rasch Verbreitung fand: Eine kleine, pro-ukrainische Gruppe habe die Sabotage durchgef\u00fchrt, m\u00f6glicherweise mit begrenzten Ressourcen, m\u00f6glicherweise ohne direkte staatliche Steuerung. Diese These hatte einen entscheidenden Vorteil: Sie entlastete Staaten von direkter Verantwortung und passte zugleich in das moralische Raster der Zeit.<\/p>\n<p>Doch gerade diese Bequemlichkeit macht sie problematisch. Technisch betrachtet wirft die Vorstellung erhebliche Fragen auf. Der Aufwand, die notwendige Ausr\u00fcstung, die Planung, die Ortskenntnis und die Durchf\u00fchrung sprechen gegen eine kleine, lose organisierte Gruppe. Auch die Logistik &#8211; etwa Transport, Tarnung und Koordination &#8211; passt nur schwer zu einem Szenario, das ohne staatliche Unterst\u00fctzung auskommen soll.<\/p>\n<p>Auff\u00e4llig ist zudem, dass diese Erkl\u00e4rung h\u00e4ufig behauptet, aber selten pr\u00e4zise ausgearbeitet wurde. Konkrete Namen, belastbare Beweise oder nachvollziehbare Abl\u00e4ufe blieben weitgehend aus. Stattdessen entstand der Eindruck einer Erz\u00e4hlung, die mehr dazu diente, einen Deutungsraum zu schlie\u00dfen, als ihn wirklich zu \u00f6ffnen.<\/p>\n<h3>Theorie 3: Unbekannte Drittakteure &#8211; das Nebelargument<\/h3>\n<p>Eine weitere Kategorie von Erkl\u00e4rungen spricht von \u201eunbekannten Akteuren\u201c, von privaten S\u00f6ldnern, wirtschaftlichen Interessen oder diffusen Geheimdienstoperationen ohne klare staatliche Zuordnung. Diese Theorie hat den Vorteil maximaler Unsch\u00e4rfe. Sie l\u00e4sst alles offen &#8211; und erkl\u00e4rt damit letztlich nichts.<\/p>\n<p>Nat\u00fcrlich ist es theoretisch denkbar, dass nichtstaatliche Akteure beteiligt waren. Doch auch hier gilt: Die technische und logistische Komplexit\u00e4t der Sabotage setzt F\u00e4higkeiten voraus, die in der Regel nur staatlichen oder staatsnahen Strukturen zur Verf\u00fcgung stehen. Je diffuser der T\u00e4terkreis beschrieben wird, desto weniger \u00fcberpr\u00fcfbar wird die These. Sie dient dann eher als Platzhalter denn als ernsthafte Erkl\u00e4rung.<\/p>\n<p>Solche Nebelargumente erf\u00fcllen oft eine kommunikative Funktion: Sie verhindern klare Zuschreibungen, ohne eine alternative Erkl\u00e4rung liefern zu m\u00fcssen. F\u00fcr eine sachliche Analyse sind sie jedoch wenig hilfreich, weil sie sich jeder konkreten \u00dcberpr\u00fcfung entziehen.<\/p>\n<h3>Cui bono? &#8211; Wem n\u00fctzt der Schaden?<\/h3>\n<p>Ein klassischer Ansatz in der Analyse politischer Ereignisse ist die Frage nach dem Nutzen. Auch im Fall Nord Stream wurde sie h\u00e4ufig gestellt &#8211; und ebenso h\u00e4ufig vorschnell beantwortet. Tats\u00e4chlich ist der Nutzen vielschichtig. Kurzfristig profitierten Akteure, die ein Interesse an einer dauerhaften Entkopplung Europas von russischem Gas hatten. Langfristig jedoch entstanden neue Abh\u00e4ngigkeiten, h\u00f6here Preise und eine strukturelle Schw\u00e4chung der europ\u00e4ischen Industrie.<\/p>\n<p>Das macht die Nutzenanalyse kompliziert. Es gibt keinen eindeutigen Gewinner, sondern nur Akteure, die bestimmte Ziele n\u00e4her r\u00fcckten, w\u00e4hrend andere Nachteile in Kauf nahmen. Genau deshalb ist Vorsicht geboten, wenn eine Theorie allein mit \u201eNutzen\u201c begr\u00fcndet wird. Nutzen kann ein Indiz sein &#8211; aber niemals ein Beweis.<\/p>\n<h3>Gleichwertigkeit als Trugschluss<\/h3>\n<p>Ein verbreiteter Fehler in der \u00f6ffentlichen Debatte besteht darin, alle Theorien als gleichwertig darzustellen. Das wirkt fair, ist aber analytisch problematisch. Nicht jede Erkl\u00e4rung verdient denselben Raum. Plausibilit\u00e4t entsteht durch \u00dcbereinstimmung mit bekannten Fakten, technische Machbarkeit, strategische Logik und Konsistenz. Wenn man diese Ma\u00dfst\u00e4be anlegt, fallen einige Erz\u00e4hlungen schnell zur\u00fcck.<\/p>\n<p>Das bedeutet nicht, dass alternative Theorien \u201everboten\u201c oder l\u00e4cherlich sind. Es bedeutet lediglich, dass sie unterschiedlich belastbar sind. Genau diese Unterscheidung ging in vielen medialen Darstellungen verloren. Stattdessen entstand ein Gleichgewicht der Behauptungen &#8211; nicht der Argumente.<\/p>\n<p>An diesem Punkt der Debatte wird deutlich: Keine der bisher vorgestellten Theorien erkl\u00e4rt alle Aspekte der Sabotage \u00fcberzeugend. Entweder bleiben technische Fragen offen, strategische Motive unklar oder die Darstellung wirkt zu vage, um ernsthaft \u00fcberpr\u00fcft zu werden. Das ist der Grund, warum eine andere Darstellung in den folgenden Monaten zunehmend Aufmerksamkeit erhielt &#8211; nicht weil sie bequem war, sondern weil sie viele dieser offenen Punkte adressierte.<\/p>\n<p>Diese Darstellung stammt von einem Journalisten, der seit Jahrzehnten genau f\u00fcr solche F\u00e4lle bekannt ist: f\u00fcr unbequeme Recherchen, die nicht in einfache Narrative passen. Im n\u00e4chsten Kapitel geht es deshalb um die Rolle der Medien und die Frage, warum manche Erkl\u00e4rungen verst\u00e4rkt und andere marginalisiert wurden &#8211; bevor wir uns anschlie\u00dfend ausf\u00fchrlich der Recherche von Seymour Hersh widmen, die bis heute die geschlossenste alternative Erkl\u00e4rung liefert.<\/p>\n<h3>\u00dcbersicht bisheriger Theorien zum Anschlag auf Nord Stream<\/h3>\n<div style=\"overflow-x: auto;\">\n<table>\n<thead>\n<tr style=\"background-color: #f2f2f2;\">\n<th>Theorie \/ Akteur<\/th>\n<th>Was daf\u00fcr sprechen k\u00f6nnte<\/th>\n<th>Was dagegen spricht<\/th>\n<\/tr>\n<\/thead>\n<tbody>\n<tr>\n<td><strong>Russland als T\u00e4ter<\/strong><\/td>\n<td>Russland verf\u00fcgt grunds\u00e4tzlich \u00fcber maritime F\u00e4higkeiten und Kenntnisse der Pipeline. Die These passt in das g\u00e4ngige Feindbild vieler westlicher Narrative und wurde daher fr\u00fch aufgegriffen.<\/td>\n<td>Russland h\u00e4tte mit Nord Stream ein eigenes strategisches und wirtschaftliches Asset zerst\u00f6rt. Lieferstopps w\u00e4ren ohne Sabotage m\u00f6glich gewesen. Die Aktion h\u00e4tte Russlands eigene Verhandlungsposition dauerhaft geschw\u00e4cht.<\/td>\n<\/tr>\n<tr>\n<td><strong>Pro-ukrainische Gruppe (nichtstaatlich)<\/strong><\/td>\n<td>Politisch bequeme Erkl\u00e4rung, da sie staatliche Verantwortung vermeidet. Passt in ein moralisches Deutungsmuster des Konflikts.<\/td>\n<td>Enorme technische, logistische und operative Anforderungen sprechen gegen eine kleine, lose organisierte Gruppe. Fehlende belastbare Beweise, unklare Finanzierung und unrealistische Durchf\u00fchrung.<\/td>\n<\/tr>\n<tr>\n<td><strong>Ukraine (staatlich)<\/strong><\/td>\n<td>Kurzfristiges strategisches Interesse an der dauerhaften Unterbrechung russischer Gaslieferungen nach Europa.<\/td>\n<td>Fehlende maritime F\u00e4higkeiten in der erforderlichen Tiefe. Hohes politisches Risiko gegen\u00fcber westlichen Unterst\u00fctzern. Keine bekannten Belege f\u00fcr operative Durchf\u00fchrung.<\/td>\n<\/tr>\n<tr>\n<td><strong>USA (staatlich)<\/strong><\/td>\n<td>Klare politische Zielsetzung: dauerhafte energetische Entkopplung Europas von Russland. Verf\u00fcgbarkeit milit\u00e4rischer und technischer Mittel. Fr\u00fchere politische Aussagen gegen Nord Stream.<\/td>\n<td>Enormes diplomatisches Risiko bei Aufdeckung. Offizielle Dementis. Politisch hochbrisante Konsequenzen innerhalb westlicher B\u00fcndnisse.<\/td>\n<\/tr>\n<tr>\n<td><strong>USA &amp; Verb\u00fcndete (z. B. Norwegen)<\/strong><\/td>\n<td>Kombination aus regionaler Pr\u00e4senz, technischer Expertise und strategischem Interesse. Nutzung milit\u00e4rischer \u00dcbungen als plausible operative Umgebung. Wird detailliert in investigativen Recherchen beschrieben.<\/td>\n<td>Abh\u00e4ngigkeit von anonymen Quellen. Keine offizielle Best\u00e4tigung. Politisch schwer vorstellbar, offen zuzugeben.<\/td>\n<\/tr>\n<tr>\n<td><strong>Private Akteure \/ S\u00f6ldner<\/strong><\/td>\n<td>Theoretisch denkbar, um staatliche Verantwortung zu verschleiern.<\/td>\n<td>Fehlende Motivation, enorme Kosten, kein realistischer Zugang zu Technik und Logistik. Kein nachvollziehbares Gesch\u00e4fts- oder Machtinteresse.<\/td>\n<\/tr>\n<tr>\n<td><strong>Unbekannte Drittakteure<\/strong><\/td>\n<td>Maximale Offenheit der Erkl\u00e4rung, vermeidet klare Zuschreibungen.<\/td>\n<td>Analytisch schwach, da nicht \u00fcberpr\u00fcfbar. Erkl\u00e4rt weder Motiv noch technische Durchf\u00fchrung. Dient eher der Vernebelung als der Aufkl\u00e4rung.<\/td>\n<\/tr>\n<tr>\n<td><strong>Unfall \/ technischer Defekt<\/strong><\/td>\n<td>Wird gelegentlich als theoretische M\u00f6glichkeit erw\u00e4hnt.<\/td>\n<td>Mehrere Explosionen an unterschiedlichen Stellen schlie\u00dfen einen Unfall praktisch aus. Technisch extrem unwahrscheinlich.<\/td>\n<\/tr>\n<tr>\n<td><strong>Seymour-Hersh-Rekonstruktion<\/strong> (staatliche Operation)<\/td>\n<td>Geschlossene Darstellung von Motiv, Planung, Technik und Durchf\u00fchrung. Hohe technische Plausibilit\u00e4t. Erkl\u00e4rt Schweigen und fehlende Transparenz im Nachgang.<\/td>\n<td>Anonyme Quellen.<br \/>\nKeine offizielle Best\u00e4tigung.<br \/>\nPolitisch extrem brisant.<\/td>\n<\/tr>\n<\/tbody>\n<\/table>\n<\/div>\n<h2>Medien, Narrative und das, was nicht gesagt wird<\/h2>\n<p>Die mediale Begleitung der Nord-Stream-Sabotage folgte von Beginn an einem auff\u00e4lligen Muster: Sie war pr\u00e4sent, aber vorsichtig. Es wurde berichtet, aber selten vertieft. Es wurden Stimmen zitiert, aber kaum Argumente entfaltet. Auff\u00e4llig war weniger eine klare Linie als eine gewisse Zur\u00fcckhaltung, die sich wie ein Grundrauschen durch viele Berichte zog. Formulierungen wie \u201enach aktuellem Kenntnisstand\u201c, \u201elaut Ermittlern\u201c oder \u201ees gibt Hinweise, aber keine Beweise\u201c dominierten die Darstellung &#8211; auch Monate nach dem Ereignis.<\/p>\n<p>Diese Vorsicht ist auf den ersten Blick verst\u00e4ndlich. Medien wollen nicht spekulieren, sie wollen sich nicht angreifbar machen, sie wollen keine falschen Anschuldigungen verbreiten. Doch genau hier entsteht ein Spannungsfeld: Wenn Vorsicht zur dauerhaften Haltung wird, ersetzt sie irgendwann Analyse. Berichterstattung wird dann zur Verwaltung von Ungewissheit, nicht zu deren Aufkl\u00e4rung.<\/p>\n<h3>Framing: Wie Deutungsr\u00e4ume entstehen<\/h3>\n<p>Ein zentrales Element moderner Medienarbeit ist Framing &#8211; also die Einbettung von Informationen in einen bestimmten Deutungsrahmen. Dieser Rahmen entscheidet oft dar\u00fcber, welche Fragen gestellt werden und welche nicht. Im Fall von Nord Stream zeigte sich fr\u00fch ein enger Rahmen: Sabotage ja, aber T\u00e4ter unklar; Ermittlungen laufen; Spekulationen seien unseri\u00f6s.<\/p>\n<p>Dieser Rahmen hatte eine beruhigende Wirkung. Er signalisierte Kontrolle, Sachlichkeit, Professionalit\u00e4t. Gleichzeitig schloss er bestimmte Gedankeng\u00e4nge implizit aus. Fragen nach staatlicher Verantwortung westlicher Akteure wurden selten offen formuliert. Wenn doch, dann meist nur, um sie rasch als unwahrscheinlich oder \u201eumstritten\u201c einzuordnen. Das ist kein offener Ausschluss, sondern ein subtiler: Wer solche Fragen stellt, bewegt sich schnell au\u00dferhalb des akzeptierten Diskursraums.<\/p>\n<h3>Die Wiederholung als Ersatz f\u00fcr Tiefe<\/h3>\n<p>Ein weiteres Merkmal der Berichterstattung war die starke Wiederholung weniger Kernbotschaften. Immer wieder wurden dieselben Aspekte hervorgehoben: laufende Ermittlungen, fehlende Beweise, komplexe Lage. Diese Wiederholung erzeugt Vertrautheit &#8211; aber keine neuen Erkenntnisse. Sie stabilisiert den Eindruck, informiert zu sein, ohne tats\u00e4chlich mehr zu wissen.<\/p>\n<p>Gerade bei langanhaltenden Ereignissen entsteht so ein paradoxes Gef\u00fchl: Man liest viel, aber versteht wenig mehr als zu Beginn. Der Diskurs dreht sich im Kreis, w\u00e4hrend zentrale Fragen unangetastet bleiben. Das ist kein Zufall, sondern eine typische Folge von Themen, bei denen Informationen entweder fehlen oder bewusst zur\u00fcckgehalten werden.<\/p>\n<h3>Das Ungesagte: Welche Fragen auff\u00e4llig fehlen<\/h3>\n<p>Besonders aufschlussreich ist oft nicht das, was gesagt wird, sondern das, was dauerhaft nicht thematisiert wird. Im Fall Nord Stream betrifft das vor allem strukturelle Fragen:<\/p>\n<ul>\n<li>Wer h\u00e4tte technisch und logistisch \u00fcberhaupt die M\u00f6glichkeit gehabt, eine solche Sabotage durchzuf\u00fchren?<\/li>\n<li>Welche milit\u00e4rischen oder geheimdienstlichen Aktivit\u00e4ten fanden in dem Gebiet zuvor statt?<\/li>\n<li>Welche Interessen wurden durch den dauerhaften Ausfall der Pipeline konkret gest\u00e4rkt?<\/li>\n<\/ul>\n<p>Diese Fragen tauchten vereinzelt auf, wurden aber selten verfolgt. Stattdessen verlagerte sich die Aufmerksamkeit auf Nebenaspekte oder auf Erkl\u00e4rungen, die wenig Konfliktpotenzial boten. Das Ergebnis ist ein Diskurs mit klaren Grenzen &#8211; nicht durch Zensur, sondern durch implizite Selbstbegrenzung.<\/p>\n<h3>Selbstzensur oder redaktionelle Vorsicht?<\/h3>\n<p>Ob man dieses Ph\u00e4nomen als Selbstzensur oder als redaktionelle Vorsicht bezeichnet, ist letztlich eine Frage der Perspektive. Wahrscheinlich ist es eine Mischung aus beidem. Journalisten arbeiten in einem Umfeld, in dem bestimmte Themen sensibel sind, in dem Quellen gesch\u00fctzt werden m\u00fcssen und in dem Fehltritte reale Konsequenzen haben k\u00f6nnen. Gleichzeitig gibt es \u00f6konomischen Druck, Zeitdruck und den Wunsch, nicht aus dem Konsens zu fallen.<\/p>\n<p>Das f\u00fchrt nicht zwangsl\u00e4ufig zu bewusster Unterdr\u00fcckung von Informationen, wohl aber zu einer gewissen Vorsicht im Denken. Bestimmte Hypothesen werden gar nicht erst ernsthaft gepr\u00fcft, weil sie als \u201ezu heikel\u201c gelten. Andere werden bevorzugt, weil sie weniger Reibung erzeugen. Das Ergebnis ist ein medialer Mainstream, der nicht zwingend falsch ist, aber unvollst\u00e4ndig.<\/p>\n<hr \/>\n\n\t\t\t<div class=\"display-post-types\">\n\n\t\t\t\t\t\t\t<style type=\"text\/css\">\n\t\t\t#dpt-wrapper-151 { --dpt-text-align: left;--dpt-image-crop: center;--dpt-border-radius: 5px;--dpt-h-gutter: 10px;--dpt-v-gutter: 10px; }\t\t\t<\/style>\n\t\t\t<style type=\"text\/css\">#dpt-wrapper-151 { --dpt-title-font-style:normal;--dpt-title-font-weight:600;--dpt-title-line-height:1.5;--dpt-title-text-decoration:none;--dpt-title-text-transform:none;--dpt-excerpt-font-style:normal;--dpt-excerpt-font-weight:400;--dpt-excerpt-line-height:1.5;--dpt-excerpt-text-decoration:none;--dpt-excerpt-text-transform:none;--dpt-meta1-font-style:normal;--dpt-meta1-font-weight:400;--dpt-meta1-line-height:1.9;--dpt-meta1-text-decoration:none;--dpt-meta1-text-transform:none;--dpt-meta2-font-style:normal;--dpt-meta2-font-weight:400;--dpt-meta2-line-height:1.9;--dpt-meta2-text-decoration:none;--dpt-meta2-text-transform:none; }<\/style><div class=\" dpt-main-header\">\n\t\t\t\t\t\t<div class=\"dpt-main-title\">\n\t\t\t\t\t\t\t<span class=\"dpt-main-title-text\">Aktuelle Beitr\u00e4ge zu Deutschland<\/span>\n\t\t\t\t\t\t<\/div>\n\t\t\t\t\t\t\n\t\t\t\t\t\t\n\t\t\t\t\t\t\n\t\t\t\t\t\t<\/div>\t\t\t\n\t\t\t\t<div id=\"dpt-wrapper-151\" class=\"dpt-wrapper dpt-list2 land1 dpt-cropped dpt-flex-wrap\" >\n\n\t\t\t\t\t\t\t\t\t\t\t<div class=\"dpt-entry has-thumbnail\" data-title=\"energie, macht und abh\u00e4ngigkeit: europas weg vom exportweltmeister zum nachfrager\" data-id=\"4945\"  data-category=\"allgemein gesellschaft\" data-post_tag=\"denkmodelle deutschland energiepolitik eu-gesetze europa geopolitik krisen meinungsfreiheit sicherheitspolitik\">\n\t\t\t\t\t\t\t<div class=\"dpt-entry-wrapper\"><div class=\" dpt-featured-content\"><div class=\" dpt-permalink\"><a href=\"https:\/\/www.markus-schall.de\/cs\/2026\/02\/energie-macht-und-abhaengigkeit-europas-weg-vom-exportweltmeister-zum-nachfrager\/\" class=\"dpt-permalink\"><span class=\"screen-reader-text\">Energie, Macht und Abh\u00e4ngigkeit: Europas Weg vom Exportweltmeister zum Nachfrager<\/span><\/a><\/div><div class=\" dpt-thumbnail\"><div class=\"dpt-thumbnail-inner\"><img width=\"1024\" height=\"683\" class=\"attachment-full size-full\" alt=\"Europa und Energie\" context=\"dpt\" data-dpt-src=\"https:\/\/www.markus-schall.de\/wp-content\/uploads\/Europa-Energie.jpg\" data-dpt-sizes=\"(max-width: 1024px) 100vw, 1024px\" data-dpt-srcset=\"https:\/\/www.markus-schall.de\/wp-content\/uploads\/Europa-Energie.jpg 1024w, https:\/\/www.markus-schall.de\/wp-content\/uploads\/Europa-Energie-300x200.jpg 300w, https:\/\/www.markus-schall.de\/wp-content\/uploads\/Europa-Energie-768x512.jpg 768w, https:\/\/www.markus-schall.de\/wp-content\/uploads\/Europa-Energie-18x12.jpg 18w\" \/><\/div><span class=\"dpt-thumbnail-aspect-ratio\" style=\"padding-top: 75%\"><\/span><\/div><\/div><div class=\" sub-entry\"><h3 class=\" dpt-title\"><a class=\"dpt-title-link\" href=\"https:\/\/www.markus-schall.de\/cs\/2026\/02\/energie-macht-und-abhaengigkeit-europas-weg-vom-exportweltmeister-zum-nachfrager\/\" rel=\"bookmark\">Energie, Macht und Abh\u00e4ngigkeit: Europas Weg vom Exportweltmeister zum Nachfrager<\/a><\/h3><\/div><\/div>\n\t\t\t\t\t\t<\/div><!-- .dpt-entry -->\n\t\t\t\t\t\t\t\t\t\t\t\t<div class=\"dpt-entry has-thumbnail\" data-title=\"klimaschutz mit tunnelblick &#8211; elektromobilit\u00e4t, lobbyarbeit und die verdr\u00e4ngten kosten\" data-id=\"4729\"  data-category=\"allgemein gesellschaft\" data-post_tag=\"deutschland energiepolitik erfahrungen eu-gesetze europa\">\n\t\t\t\t\t\t\t<div class=\"dpt-entry-wrapper\"><div class=\" dpt-featured-content\"><div class=\" dpt-permalink\"><a href=\"https:\/\/www.markus-schall.de\/cs\/2026\/02\/klimaschutz-mit-tunnelblick-elektromobilitaet-lobbyarbeit-und-die-verdraengten-kosten\/\" class=\"dpt-permalink\"><span class=\"screen-reader-text\">Klimaschutz mit Tunnelblick &#8211; Elektromobilit\u00e4t, Lobbyarbeit und die verdr\u00e4ngten Kosten<\/span><\/a><\/div><div class=\" dpt-thumbnail\"><div class=\"dpt-thumbnail-inner\"><img width=\"1024\" height=\"683\" class=\"attachment-full size-full\" alt=\"Elektromobilit\u00e4t ohne Ideologie\" context=\"dpt\" data-dpt-src=\"https:\/\/www.markus-schall.de\/wp-content\/uploads\/Elektromobilitaet-ohne-Ideologie.jpg\" data-dpt-sizes=\"(max-width: 1024px) 100vw, 1024px\" data-dpt-srcset=\"https:\/\/www.markus-schall.de\/wp-content\/uploads\/Elektromobilitaet-ohne-Ideologie.jpg 1024w, https:\/\/www.markus-schall.de\/wp-content\/uploads\/Elektromobilitaet-ohne-Ideologie-300x200.jpg 300w, https:\/\/www.markus-schall.de\/wp-content\/uploads\/Elektromobilitaet-ohne-Ideologie-768x512.jpg 768w, https:\/\/www.markus-schall.de\/wp-content\/uploads\/Elektromobilitaet-ohne-Ideologie-18x12.jpg 18w\" \/><\/div><span class=\"dpt-thumbnail-aspect-ratio\" style=\"padding-top: 75%\"><\/span><\/div><\/div><div class=\" sub-entry\"><h3 class=\" dpt-title\"><a class=\"dpt-title-link\" href=\"https:\/\/www.markus-schall.de\/cs\/2026\/02\/klimaschutz-mit-tunnelblick-elektromobilitaet-lobbyarbeit-und-die-verdraengten-kosten\/\" rel=\"bookmark\">Klimaschutz mit Tunnelblick &#8211; Elektromobilit\u00e4t, Lobbyarbeit und die verdr\u00e4ngten Kosten<\/a><\/h3><\/div><\/div>\n\t\t\t\t\t\t<\/div><!-- .dpt-entry -->\n\t\t\t\t\t\t\t\t\t\t\t\t<div class=\"dpt-entry has-thumbnail\" data-title=\"wie die pandemie \u00d6konomen in bezug auf inflation, wachstum und wirtschaftliche erholung eines besseren belehrte\" data-id=\"5882\"  data-category=\"allgemein gesellschaft\" data-post_tag=\"denkmodelle deutschland energiepolitik europa geopolitik krisen\">\n\t\t\t\t\t\t\t<div class=\"dpt-entry-wrapper\"><div class=\" dpt-featured-content\"><div class=\" dpt-permalink\"><a href=\"https:\/\/www.markus-schall.de\/cs\/2026\/05\/wie-die-pandemie-oekonomen-in-bezug-auf-inflation-wachstum-und-wirtschaftliche-erholung-eines-besseren-belehrte\/\" class=\"dpt-permalink\"><span class=\"screen-reader-text\">Wie die Pandemie \u00d6konomen in Bezug auf Inflation, Wachstum und wirtschaftliche Erholung eines Besseren belehrte<\/span><\/a><\/div><div class=\" dpt-thumbnail\"><div class=\"dpt-thumbnail-inner\"><img width=\"1024\" height=\"682\" class=\"attachment-full size-full\" alt=\"Annahmen von \u00d6konomen w\u00e4hrend der Pandemie\" context=\"dpt\" data-dpt-src=\"https:\/\/www.markus-schall.de\/wp-content\/uploads\/Pandemie-Oekonomen.jpg\" data-dpt-sizes=\"(max-width: 1024px) 100vw, 1024px\" data-dpt-srcset=\"https:\/\/www.markus-schall.de\/wp-content\/uploads\/Pandemie-Oekonomen.jpg 1024w, https:\/\/www.markus-schall.de\/wp-content\/uploads\/Pandemie-Oekonomen-300x200.jpg 300w, https:\/\/www.markus-schall.de\/wp-content\/uploads\/Pandemie-Oekonomen-768x512.jpg 768w, https:\/\/www.markus-schall.de\/wp-content\/uploads\/Pandemie-Oekonomen-18x12.jpg 18w\" \/><\/div><span class=\"dpt-thumbnail-aspect-ratio\" style=\"padding-top: 75%\"><\/span><\/div><\/div><div class=\" sub-entry\"><h3 class=\" dpt-title\"><a class=\"dpt-title-link\" href=\"https:\/\/www.markus-schall.de\/cs\/2026\/05\/wie-die-pandemie-oekonomen-in-bezug-auf-inflation-wachstum-und-wirtschaftliche-erholung-eines-besseren-belehrte\/\" rel=\"bookmark\">Wie die Pandemie \u00d6konomen in Bezug auf Inflation, Wachstum und wirtschaftliche Erholung eines Besseren belehrte<\/a><\/h3><\/div><\/div>\n\t\t\t\t\t\t<\/div><!-- .dpt-entry -->\n\t\t\t\t\t\t\t\t\t\t\t\t<div class=\"dpt-entry has-thumbnail\" data-title=\"42 jahre wahlprogramme: wie sich deutschlands parteien ver\u00e4ndert haben\" data-id=\"6354\"  data-category=\"allgemein gesellschaft\" data-post_tag=\"deutschland energiepolitik eu-gesetze europa geopolitik meinungsfreiheit sicherheitspolitik spieltheorie\">\n\t\t\t\t\t\t\t<div class=\"dpt-entry-wrapper\"><div class=\" dpt-featured-content\"><div class=\" dpt-permalink\"><a href=\"https:\/\/www.markus-schall.de\/cs\/2026\/08\/42-jahre-wahlprogramme-wie-sich-deutschlands-parteien-veraendert-haben\/\" class=\"dpt-permalink\"><span class=\"screen-reader-text\">42 Jahre Wahlprogramme: Wie sich Deutschlands Parteien ver\u00e4ndert haben<\/span><\/a><\/div><div class=\" dpt-thumbnail\"><div class=\"dpt-thumbnail-inner\"><img width=\"1200\" height=\"675\" class=\"attachment-full size-full\" alt=\"42 Jahre Wahlprogramme deutscher Parteien im Vergleich\" context=\"dpt\" data-dpt-src=\"https:\/\/www.markus-schall.de\/wp-content\/uploads\/Wahlprogramme-Parteien-Vergleich.jpg\" data-dpt-sizes=\"(max-width: 1200px) 100vw, 1200px\" data-dpt-srcset=\"https:\/\/www.markus-schall.de\/wp-content\/uploads\/Wahlprogramme-Parteien-Vergleich.jpg 1200w, https:\/\/www.markus-schall.de\/wp-content\/uploads\/Wahlprogramme-Parteien-Vergleich-300x169.jpg 300w, https:\/\/www.markus-schall.de\/wp-content\/uploads\/Wahlprogramme-Parteien-Vergleich-1024x576.jpg 1024w, https:\/\/www.markus-schall.de\/wp-content\/uploads\/Wahlprogramme-Parteien-Vergleich-768x432.jpg 768w, https:\/\/www.markus-schall.de\/wp-content\/uploads\/Wahlprogramme-Parteien-Vergleich-18x10.jpg 18w\" \/><\/div><span class=\"dpt-thumbnail-aspect-ratio\" style=\"padding-top: 75%\"><\/span><\/div><\/div><div class=\" sub-entry\"><h3 class=\" dpt-title\"><a class=\"dpt-title-link\" href=\"https:\/\/www.markus-schall.de\/cs\/2026\/08\/42-jahre-wahlprogramme-wie-sich-deutschlands-parteien-veraendert-haben\/\" rel=\"bookmark\">42 Jahre Wahlprogramme: Wie sich Deutschlands Parteien ver\u00e4ndert haben<\/a><\/h3><\/div><\/div>\n\t\t\t\t\t\t<\/div><!-- .dpt-entry -->\n\t\t\t\t\t\t\n\t\t\t\t<\/div>\n\t\t\t\t\t\t<\/div>\n\t\t\t\n<hr \/>\n<h3>Der Unterschied zwischen Skepsis und Misstrauen<\/h3>\n<p>In diesem Umfeld wird Skepsis schnell mit Misstrauen verwechselt. Wer Fragen stellt, gilt rasch als jemand, der \u201eZweifel s\u00e4t\u201c. Dabei ist Skepsis ein Grundprinzip journalistischer und wissenschaftlicher Arbeit. Sie richtet sich nicht gegen Institutionen, sondern gegen unbelegte Behauptungen &#8211; unabh\u00e4ngig davon, von wem sie stammen.<\/p>\n<p>Gerade im Fall Nord Stream w\u00e4re Skepsis besonders angebracht gewesen. Nicht, weil man automatisch von dunklen Machenschaften ausgehen sollte, sondern weil die Kombination aus enormer Tragweite und geringer Transparenz eine sorgf\u00e4ltige, kritische Begleitung erfordert h\u00e4tte. Stattdessen entstand oft der Eindruck, dass Zweifel zwar erlaubt sind &#8211; solange sie keine konkreten Richtungen einschlagen.<\/p>\n<h3>Vorw\u00fcrfe aus Moskau &#8211; Ist der britische Geheimdienst an den Sprengungen beteiligt?<\/h3>\n<p>Wie die <a href=\"https:\/\/www.berliner-zeitung.de\/politik-gesellschaft\/geopolitik\/russland-beschuldigt-britischen-geheimdienst-der-nord-stream-sabotage-li.10001927\" target=\"_blank\" rel=\"noopener\"><strong>Berliner Zeitung berichtet<\/strong><\/a>, hat der russische Geheimdienstchef Sergej Naryschkin den britischen Nachrichtendiensten eine direkte Beteiligung an den Explosionen der Nord-Stream-Pipelines vorgeworfen. Gro\u00dfbritannien habe mit der Sabotage im September 2022 \u201eneue Grenzen des Erlaubten\u201c getestet und bereite weitere maritime Sabotageaktionen vor, so Naryschkin bei einem Treffen der Sicherheitschefs der GUS-Staaten. Die Nord-Stream-Sprengung sieht er als Teil einer langfristigen westlichen Strategie zur wirtschaftlichen und sicherheitspolitischen Schw\u00e4chung Russlands.<\/p>\n<p>Offizielle Reaktionen aus London oder anderen westlichen Hauptst\u00e4dten blieben bislang aus. Parallel dazu geraten die europ\u00e4ischen Ermittlungen weiter ins Stocken. Damit bleibt der Nord-Stream-Fall auch mehr als drei Jahre nach der Sabotage ungekl\u00e4rt.<\/p>\n<h3>Narrative als Stabilit\u00e4tsinstrument<\/h3>\n<p>Narrative erf\u00fcllen in Krisenzeiten eine wichtige Funktion: Sie schaffen Ordnung. Sie geben Ereignissen einen Sinn, auch wenn dieser Sinn vorl\u00e4ufig ist. Im Fall Nord Stream bestand dieses Narrativ lange aus einer Mischung aus Unklarheit und Beruhigung. Man wusste angeblich nicht genug, um Schlussfolgerungen zu ziehen &#8211; und genau das wurde zur zentralen Botschaft.<\/p>\n<p>Diese Form der Stabilisierung ist politisch verst\u00e4ndlich. Sie verhindert Eskalation, sie d\u00e4mpft Emotionen, sie h\u00e4lt Optionen offen. Doch sie hat einen Preis. Je l\u00e4nger ein Narrativ aufrechterhalten wird, das keine Fortschritte verspricht, desto st\u00e4rker w\u00e4chst das Gef\u00fchl, dass wesentliche Informationen fehlen. Und genau hier beginnt der Raum f\u00fcr alternative Erkl\u00e4rungen &#8211; nicht aus Sensationslust, sondern aus dem Bed\u00fcrfnis nach Koh\u00e4renz.<\/p>\n<p>Wer mehr \u00fcber Narrative und deren Wirkung erfahren m\u00f6chte, findet hier vertiefende Informationen:<\/p>\n<p><a href=\"https:\/\/www.markus-schall.de\/2026\/01\/propaganda-geschichte-methoden-moderne-formen-und-wie-man-sie-erkennt\/\"><em><strong>\u201ePropaganda: Geschichte, Methoden, moderne Formen und wie man sie erkennt\u201c<\/strong><\/em><\/a><\/p>\n<p>Am Ende dieses Kapitels bleibt eine zentrale Erkenntnis: Die mediale Begleitung der Nord-Stream-Sabotage war gepr\u00e4gt von Vorsicht, Wiederholung und impliziten Grenzen. Sie hat informiert, aber selten erhellt. Das ist kein moralisches Urteil, sondern eine Beschreibung eines Musters, das sich bei geopolitisch sensiblen Themen immer wieder beobachten l\u00e4sst.<\/p>\n<p>Vor diesem Hintergrund erkl\u00e4rt sich, warum eine andere Form der Auseinandersetzung Aufmerksamkeit gewann &#8211; eine, die nicht auf t\u00e4gliche Aktualisierung, sondern auf langfristige Recherche setzte. Im n\u00e4chsten Kapitel geht es deshalb um diese Recherche und ihren Urheber: um Seymour Hersh und seine Darstellung der Ereignisse, die nicht deshalb relevant ist, weil sie unbequem ist, sondern weil sie viele der offenen Fragen \u00fcberhaupt erst klar benennt.<\/p>\n<h3>Spieltheorie statt Schlagzeile: Ein analytischer Blick von Christian Rieck<\/h3>\n<p>In dem folgenden Video n\u00e4hert sich Christian Rieck dem Nord-Stream-Komplex aus einer ungewohnten, aber aufschlussreichen Perspektive: der Spieltheorie. Statt moralischer Zuschreibungen oder politischer Reflexe fragt er n\u00fcchtern, welche Akteure welche Handlungsoptionen hatten, welche Kosten und Risiken damit verbunden waren &#8211; und welche Z\u00fcge unter rationalen Annahmen \u00fcberhaupt Sinn ergeben. Dieser Blick von au\u00dfen ersetzt keine Ermittlungen, hilft aber, emotionale Narrative auszublenden und das Geschehen als strategisches Entscheidungsproblem zu betrachten. Gerade deshalb ist das Video eine sinnvolle Erg\u00e4nzung zur bisherigen Analyse.<\/p>\n<p>Christian Rieck hat zum Zeitpunkt dieses Artikels insgesamt drei Videos zu den Nord Stream Pipelines ver\u00f6ffentlicht. Im folgenden wird das aktuellste Video zu diesem Thema angezeigt:<\/p>\n<div class=\"lyte-wrapper\" style=\"width:640px;max-width:100%;margin:5px;\"><div class=\"lyMe\" id=\"WYL_Cj4d0Kq2LVk\"><div id=\"lyte_Cj4d0Kq2LVk\" data-src=\"https:\/\/www.markus-schall.de\/wp-content\/plugins\/wp-youtube-lyte\/lyteCache.php?origThumbUrl=%2F%2Fi.ytimg.com%2Fvi%2FCj4d0Kq2LVk%2Fhqdefault.jpg\" class=\"pL\"><div class=\"tC\"><div class=\"tT\"><\/div><\/div><div class=\"play\"><\/div><div class=\"ctrl\"><div class=\"Lctrl\"><\/div><div class=\"Rctrl\"><\/div><\/div><\/div><noscript><a href=\"https:\/\/youtu.be\/Cj4d0Kq2LVk\" rel=\"nofollow noopener\" target=\"_blank\"><img loading=\"lazy\" decoding=\"async\" src=\"https:\/\/www.markus-schall.de\/wp-content\/plugins\/wp-youtube-lyte\/lyteCache.php?origThumbUrl=https%3A%2F%2Fi.ytimg.com%2Fvi%2FCj4d0Kq2LVk%2F0.jpg\" alt=\"YouTube video thumbnail\" width=\"640\" height=\"340\" \/><br \/>Watch this video on YouTube<\/a><\/noscript><\/div><\/div><div class=\"lL\" style=\"max-width:100%;width:640px;margin:5px;\"><\/div><br \/>\nNordstream Pipeline endlich aufgekl\u00e4rt! Oder? | <a href=\"https:\/\/www.youtube.com\/@ProfRieck\" target=\"_blank\" rel=\"nofollow noopener\">Prof. Dr. Christian Rieck<\/a><\/p>\n<h2>Die Recherche von Seymour Hersh: Eine unbequeme, aber geschlossene Erkl\u00e4rung<\/h2>\n<p>Bevor man sich mit den Inhalten seiner Recherche befasst, ist ein Schritt notwendig, der heute erstaunlich oft \u00fcbersprungen wird: die Einordnung der Quelle. Seymour Hersh ist kein Blogger, kein Aktivist und kein Kommentator am Rand des Diskurses. Er ist ein Journalist, der seine Karriere genau mit jener Art von Recherchen aufgebaut hat, die dort beginnen, wo offizielle Darstellungen enden. Seine Arbeit ist seit Jahrzehnten gepr\u00e4gt von einem einfachen Prinzip: Macht produziert Geheimnisse, und Geheimnisse verdienen Aufkl\u00e4rung.<\/p>\n<p><strong>Vollst\u00e4ndige Recherche von Seymour Hersh:<\/strong><br \/>\n<a href=\"https:\/\/seymourhersh.substack.com\/p\/how-america-took-out-the-nord-stream\" target=\"_blank\" rel=\"noopener\"><strong>How America Took Out The Nord Stream Pipeline<\/strong><\/a><\/p>\n<p>Hersh wurde bekannt durch Enth\u00fcllungen, die zun\u00e4chst ebenfalls als \u201eunglaubw\u00fcrdig\u201c, \u201eumstritten\u201c oder \u201enicht belegbar\u201c galten &#8211; bis sie es waren.<\/p>\n<p>My Lai, Abu Ghraib, verdeckte Operationen, geheimdienstliche Programme: In vielen F\u00e4llen folgte dem anf\u00e4nglichen Zweifel sp\u00e4ter die Best\u00e4tigung. Das macht seine Aussagen nicht automatisch wahr, aber es macht sie pr\u00fcfenswert. Wer Hersh pauschal als \u201ediskreditiert\u201c abtut, ohne sich mit seiner Argumentation zu besch\u00e4ftigen, verl\u00e4sst den Bereich der Analyse und betritt den der Abwehr.<\/p>\n<h3>Der Ansatz seiner Recherche: Langsamkeit statt Aktualit\u00e4t<\/h3>\n<p>Hershs Nord-Stream-Text unterschied sich von Beginn an deutlich von der \u00fcblichen Berichterstattung. Keine Eilmeldung, keine Schlagzeile, keine anonyme \u201eQuelle aus Regierungskreisen\u201c mit vagen Andeutungen. Stattdessen eine zusammenh\u00e4ngende Darstellung, die einen zeitlichen Bogen spannt, Akteure benennt, Abl\u00e4ufe beschreibt und technische Details einordnet. Genau diese Geschlossenheit machte den Text so auff\u00e4llig &#8211; und so angreifbar.<\/p>\n<p>Der Kern seines Ansatzes war klassisch investigativ: Gespr\u00e4che mit Personen, die direkten oder indirekten Einblick in Planungen und Abl\u00e4ufe hatten, kombiniert mit einer Rekonstruktion milit\u00e4rischer und politischer Entscheidungen. Dass dabei anonyme Quellen eine Rolle spielten, ist kein Makel, sondern Standard in genau jenen Bereichen, in denen offene Aussagen berufliche oder rechtliche Konsequenzen h\u00e4tten. Entscheidend ist nicht die Anonymit\u00e4t, sondern die innere Logik der Darstellung.<\/p>\n<h3>Die Kernaussage: Eine staatlich geplante Operation<\/h3>\n<p>Im Zentrum von Hershs Recherche steht die Behauptung, dass die Sabotage von Nord Stream das Ergebnis einer staatlich geplanten und durchgef\u00fchrten Operation seitens der USA war. Nach seiner Darstellung sei die Entscheidung dazu bereits Monate vor der Explosion gefallen &#8211; nicht als spontane Reaktion, sondern als strategische Weichenstellung. Ziel sei es gewesen, eine dauerhafte energetische Entkopplung Deutschlands und Europas von Russland herbeizuf\u00fchren.<\/p>\n<p>Hersh beschreibt einen mehrstufigen Prozess: politische Entscheidungsfindung, milit\u00e4rische Planung, operative Vorbereitung und schlie\u00dflich die Durchf\u00fchrung im Rahmen eines regul\u00e4ren milit\u00e4rischen Man\u00f6vers. Diese Einbettung ist zentral. Sie erkl\u00e4rt, warum Aktivit\u00e4ten in der Ostsee nicht auff\u00e4llig waren, warum Technik und Personal verf\u00fcgbar waren und warum der Zeitpunkt der Explosionen erst sp\u00e4ter gew\u00e4hlt wurde. Die Sabotage selbst erscheint so nicht als isolierter Akt, sondern als letzter Schritt einer l\u00e4ngeren Kette.<\/p>\n<h3>Die Rolle milit\u00e4rischer \u00dcbungen<\/h3>\n<p>Ein besonders wichtiger Punkt in Hershs Darstellung ist die Nutzung bestehender milit\u00e4rischer \u00dcbungen als Deckmantel. Milit\u00e4rman\u00f6ver bieten einen legitimen Rahmen f\u00fcr Pr\u00e4senz, Bewegung und technische Aktivit\u00e4ten. Ger\u00e4te, Schiffe, Taucher, Unterwasserfahrzeuge &#8211; all das ist dort nicht nur erlaubt, sondern erwartet. Wer in diesem Kontext operiert, bewegt sich nicht im Schatten, sondern im offenen Raum.<\/p>\n<p>Hersh argumentiert, dass genau diese Struktur genutzt worden sei, um Sprengladungen an den Pipelines anzubringen, ohne Aufmerksamkeit zu erregen. Die eigentliche Detonation sei dann zeitversetzt erfolgt, ausgel\u00f6st durch ein Signal, das die zuvor angebrachte Technik aktivierte. Diese zeitliche Trennung zwischen Vorbereitung und Ausf\u00fchrung ist ein entscheidender Aspekt, weil sie viele offene Fragen erkl\u00e4rt &#8211; etwa warum es keine unmittelbaren Hinweise auf verd\u00e4chtige Aktivit\u00e4ten kurz vor den Explosionen gab.<\/p>\n<h3>Technische Plausibilit\u00e4t statt Spektakel<\/h3>\n<p>Ein h\u00e4ufig vorgebrachter Einwand gegen Hershs Darstellung lautet, sie sei \u201ezu kompliziert\u201c. Doch gerade das Gegenteil ist der Fall. Technisch betrachtet ist seine Version erstaunlich n\u00fcchtern. Sie verzichtet auf spektakul\u00e4re Einzelaktionen und setzt stattdessen auf bew\u00e4hrte milit\u00e4rische Verfahren: Planung, Tarnung durch Routine, Nutzung vorhandener Infrastruktur.<\/p>\n<p>Im Lichte der technischen Rahmenbedingungen, die in den vorherigen Kapiteln beschrieben wurden, wirkt diese Vorgehensweise plausibel. Staaten mit maritimen Spezialkr\u00e4ften verf\u00fcgen seit Jahrzehnten \u00fcber genau jene F\u00e4higkeiten, die f\u00fcr Unterwasseroperationen notwendig sind. Die Ostsee ist kein unbekanntes Terrain. Die Vorstellung, dass eine solche Operation grunds\u00e4tzlich unm\u00f6glich oder unrealistisch sei, h\u00e4lt einer n\u00fcchternen Betrachtung kaum stand.<\/p>\n<h3>Die Reaktionen auf Hersh: Kritik ohne Gegenentwurf<\/h3>\n<p>Bemerkenswert ist weniger, dass Hershs Recherche kritisiert wurde, sondern wie sie kritisiert wurde. Der h\u00e4ufigste Vorwurf lautete, er st\u00fctze sich auf anonyme Quellen. Dieser Vorwurf greift zu kurz. In sicherheits- und geheimdienstnahen Themen ist Anonymit\u00e4t die Regel, nicht die Ausnahme. Entscheidend w\u00e4re gewesen, die dargestellten Abl\u00e4ufe sachlich zu widerlegen &#8211; etwa durch den Nachweis technischer Unm\u00f6glichkeit oder durch widersprechende, belegte Fakten.<\/p>\n<p>Stattdessen verlagerte sich die Kritik h\u00e4ufig auf die Person Hersh selbst. Sein Alter, fr\u00fchere Kontroversen, seine angebliche N\u00e4he zu bestimmten politischen Positionen &#8211; all das wurde thematisiert, w\u00e4hrend der Kern seiner Argumentation weitgehend unangetastet blieb. Auch offizielle Dementis blieben auff\u00e4llig allgemein. Sie widersprachen, aber sie erkl\u00e4rten nicht. Sie sagten \u201enicht zutreffend\u201c, ohne darzulegen, was stattdessen zutreffen soll.<\/p>\n<h3>Warum diese Darstellung herausragt<\/h3>\n<p>Der eigentliche Grund, warum Hershs Recherche so viel Aufmerksamkeit erhielt, liegt nicht in ihrer Provokation, sondern in ihrer Koh\u00e4renz. Sie verbindet politische Motive, milit\u00e4rische F\u00e4higkeiten und technische Abl\u00e4ufe zu einem Gesamtbild, das ohne innere Br\u00fcche auskommt. Sie erkl\u00e4rt, warum Nord Stream zerst\u00f6rt wurde, warum es m\u00f6glich war, warum es unauff\u00e4llig geschehen konnte &#8211; und warum die Aufkl\u00e4rung anschlie\u00dfend stockte.<\/p>\n<p>Das bedeutet nicht, dass jedes Detail zwingend korrekt sein muss. Aber es bedeutet, dass diese Darstellung eine analytische Qualit\u00e4t besitzt, die vielen anderen Erkl\u00e4rungen fehlt. Sie ist \u00fcberpr\u00fcfbar, zumindest in Teilen. Sie stellt konkrete Behauptungen auf. Und genau das macht sie angreifbar &#8211; im positiven Sinne. Eine These, die man pr\u00fcfen kann, ist wertvoller als eine, die sich hinter Unsch\u00e4rfe versteckt.<\/p>\n<p>Wer ernsthaft verstehen will, was am 26. September 2022 geschehen sein k\u00f6nnte, kommt an dieser Recherche nicht vorbei. Sie zwingt dazu, unbequeme Fragen zu stellen &#8211; \u00fcber Macht, Interessen und die Grenzen \u00f6ffentlicher Aufkl\u00e4rung.<\/p>\n<p>Gerade in einer Zeit, in der komplexe Ereignisse oft auf einfache Schlagworte reduziert werden, ist das eine St\u00e4rke. Hersh liefert keine endg\u00fcltige Wahrheit. Aber er liefert einen Rahmen, in dem sich die bekannten Fakten sinnvoll anordnen lassen. Und genau das ist mehr, als viele offizielle Stellungnahmen bis heute geleistet haben.<\/p>\n<p>Nach diesem Kapitel bleibt keine Gewissheit &#8211; aber ein klareres Bild der M\u00f6glichkeiten. Die Sabotage von Nord Stream erscheint weniger als r\u00e4tselhaftes Einzelereignis, sondern als Teil eines gr\u00f6\u00dferen geopolitischen Zusammenhangs.\u00a0Im letzten Kapitel geht es deshalb nicht um neue Theorien, sondern um die offenen Fragen, die bleiben &#8211; und um die Konsequenzen, die sich daraus f\u00fcr Politik, \u00d6ffentlichkeit und Vertrauen ergeben.<\/p>\n<h3>Die Hersh-Recherche im Originalkontext: Einordnung durch die NachDenkSeiten<\/h3>\n<p>Im folgenden Video ordnen die NachDenkSeiten die Recherche von Seymour Hersh in ihren urspr\u00fcnglichen politischen und medialen Kontext ein. Dabei geht es weniger um Zuspitzung als um Rekonstruktion: Welche Indizien waren fr\u00fch bekannt, warum blieb die \u00f6ffentliche Debatte dennoch auffallend leise &#8211; und weshalb stellt Hershs Ver\u00f6ffentlichung einen Bruch mit diesem Schweigen dar?<\/p>\n<p>Das Video hilft, die Tragweite der Reportage einzuordnen und zeigt, dass viele der von Hersh aufgegriffenen Aspekte bereits lange vor seiner Ver\u00f6ffentlichung diskutiert wurden, jedoch kaum Resonanz im Mainstream fanden. Als Erg\u00e4nzung zum Artikel liefert es zus\u00e4tzliche Perspektiven auf Motive, Mittel und das auff\u00e4llige kommunikative Umfeld nach der Sabotage.<\/p>\n<div class=\"lyte-wrapper\" style=\"width:640px;max-width:100%;margin:5px;\"><div class=\"lyMe\" id=\"WYL_FRvJyq9DjTo\"><div id=\"lyte_FRvJyq9DjTo\" data-src=\"https:\/\/www.markus-schall.de\/wp-content\/plugins\/wp-youtube-lyte\/lyteCache.php?origThumbUrl=%2F%2Fi.ytimg.com%2Fvi%2FFRvJyq9DjTo%2Fhqdefault.jpg\" class=\"pL\"><div class=\"tC\"><div class=\"tT\"><\/div><\/div><div class=\"play\"><\/div><div class=\"ctrl\"><div class=\"Lctrl\"><\/div><div class=\"Rctrl\"><\/div><\/div><\/div><noscript><a href=\"https:\/\/youtu.be\/FRvJyq9DjTo\" rel=\"nofollow noopener\" target=\"_blank\"><img loading=\"lazy\" decoding=\"async\" src=\"https:\/\/www.markus-schall.de\/wp-content\/plugins\/wp-youtube-lyte\/lyteCache.php?origThumbUrl=https%3A%2F%2Fi.ytimg.com%2Fvi%2FFRvJyq9DjTo%2F0.jpg\" alt=\"YouTube video thumbnail\" width=\"640\" height=\"340\" \/><br \/>Watch this video on YouTube<\/a><\/noscript><\/div><\/div><div class=\"lL\" style=\"max-width:100%;width:640px;margin:5px;\"><\/div><br \/>\nSeymour Hersh macht USA &amp; Norwegen f\u00fcr Nord-Stream Sprengung verantwortlich | <a href=\"https:\/\/www.youtube.com\/@nachdenkseiten745\" target=\"_blank\" rel=\"nofollow noopener\">NDS<\/a><\/p>\n<h3>Neue Perspektiven auf die Nord-Stream-Sabotage &#8211; Tiefere Wasser, tiefere Fragen<\/h3>\n<p>In einem <a href=\"https:\/\/www.nachdenkseiten.de\/?p=129811\" target=\"_blank\" rel=\"noopener\"><strong>weiteren Beitrag der NachDenkSeiten<\/strong><\/a> geht es um aktuelle Rechercheergebnisse, die die r\u00e4tselhaften Umst\u00e4nde rund um die Sabotage der Nord-Stream-Pipelines aus einem etwas anderen Blickwinkel beleuchten. Ausgangspunkt ist die Frage, warum die Explosionen gerade in den tiefen Bereichen des Bornholm-Beckens stattfanden &#8211; in Zonen, die sich erheblich vom umliegenden Seegebiet unterscheiden. Dort ist das Wasser zum Teil \u00fcber drei- bis viermal so tief wie in den nahegelegenen flacheren Bereichen, und genau diese Tiefen sind f\u00fcr Unterwasseroperationsszenarien wie jene mit U-Booten und spezialisierten Minenlegersystemen besonders geeignet.<\/p>\n<p>Der Artikel verweist darauf, dass diese tiefen Stellen zugleich als \u00dcbungsr\u00e4ume f\u00fcr NATO-Man\u00f6ver ausgewiesen waren und bindet diese Beobachtung in die bestehende Debatte \u00fcber m\u00f6gliche T\u00e4ter und Vorgehensweisen ein. Dabei wird deutlich, dass trotz vieler Theorien und offener Fragen &#8211; nicht zuletzt wegen der anhaltenden Geheimhaltung offizieller Ermittlungen &#8211; weiterhin ein gro\u00dfer Teil des tats\u00e4chlichen \u201eUnter dem Eisberg liegenden\u201c Sachverhalts im Dunkeln bleibt.<\/p>\n<h2>Offene Fragen, Verantwortung und ein n\u00fcchterner Blick nach vorn<\/h2>\n<p>Trotz monatelanger Ermittlungen, zahlreicher Berichte und unz\u00e4hliger Stellungnahmen bleibt der Kern des Nord-Stream-Falls erstaunlich unscharf. Nicht, weil es keine Informationen g\u00e4be, sondern weil entscheidende Informationen nicht \u00f6ffentlich gemacht wurden. Wer die Sabotage konkret geplant, vorbereitet und durchgef\u00fchrt hat, ist bis heute offiziell nicht benannt. Ebenso fehlen belastbare Darstellungen dazu, welche Spuren gefunden, welche Hypothesen verworfen und welche weiterverfolgt wurden.<\/p>\n<p>Diese Unklarheit ist kein kleines Detail. Sie betrifft ein Ereignis von enormer Tragweite &#8211; wirtschaftlich, politisch und \u00f6kologisch. In einer solchen Lage w\u00fcrde man erwarten, dass zumindest der Stand der Erkenntnisse transparent gemacht wird, selbst wenn nicht alles gesagt werden kann. Dass genau das ausbleibt, ist einer der zentralen Befunde dieses gesamten Komplexes.<\/p>\n<h3>Verantwortung ohne Benennung<\/h3>\n<p>Verantwortung ist ein heikler Begriff. Er impliziert Schuld, aber auch Zust\u00e4ndigkeit. Im Fall Nord Stream scheint Verantwortung auf mehrere Ebenen verteilt &#8211; und gerade dadurch schwer greifbar. Ermittlungsbeh\u00f6rden verweisen auf Geheimhaltung. Regierungen verweisen auf laufende Verfahren. Medien verweisen auf fehlende Beweise. Jeder einzelne Verweis ist f\u00fcr sich genommen nachvollziehbar. Zusammengenommen erzeugen sie jedoch einen Zustand, in dem Verantwortung faktisch verdunstet.<\/p>\n<p>Das bedeutet nicht zwangsl\u00e4ufig, dass Verantwortung bewusst verschleiert wird. Es bedeutet aber, dass niemand ein echtes Interesse daran zu haben scheint, sie \u00f6ffentlich zu kl\u00e4ren. Diese Form der Verantwortungslosigkeit ist strukturell &#8211; nicht individuell. Sie entsteht dort, wo politische Stabilit\u00e4t, B\u00fcndnisr\u00fccksichten und strategische Zur\u00fcckhaltung schwerer wiegen als der Anspruch auf vollst\u00e4ndige Aufkl\u00e4rung.<\/p>\n<h3>Warum Schweigen selbst eine Aussage ist<\/h3>\n<p>In der politischen Analyse gilt ein alter Grundsatz: Auch Schweigen kommuniziert. Gerade wenn viel auf dem Spiel steht, ist Nicht-Sagen oft genauso bedeutungsvoll wie ein klares Statement. Im Fall Nord Stream ist das Schweigen auff\u00e4llig konsistent. Es gibt keine widerspr\u00fcchlichen Leaks, keine konkurrierenden offiziellen Versionen, keine ernsthaften \u00f6ffentlichen Debatten auf Regierungsebene. Stattdessen herrscht eine bemerkenswerte Ruhe.<\/p>\n<p>Diese Ruhe kann man als Zeichen von Verantwortung interpretieren &#8211; als Versuch, Eskalation zu vermeiden. Man kann sie aber auch als Hinweis darauf verstehen, dass bestimmte Erkenntnisse politisch nicht anschlussf\u00e4hig sind. In beiden F\u00e4llen bleibt ein bitterer Beigeschmack: Die \u00d6ffentlichkeit soll offenbar mit dem Wissen leben, dass etwas geschehen ist, ohne zu erfahren, was genau.<\/p>\n<h3>Nord Stream als Z\u00e4sur f\u00fcr Infrastruktur und Vertrauen<\/h3>\n<p>Unabh\u00e4ngig von der T\u00e4terfrage markiert die Sabotage von Nord Stream einen Wendepunkt. Sie hat gezeigt, wie verletzlich selbst zentrale, milliardenschwere Infrastruktur ist. Und sie hat gezeigt, dass diese Verletzlichkeit nicht automatisch zu Transparenz f\u00fchrt. F\u00fcr zuk\u00fcnftige Projekte &#8211; sei es im Energiebereich, in der digitalen Infrastruktur oder bei globalen Lieferketten &#8211; ist das eine ern\u00fcchternde Erkenntnis.<\/p>\n<p>Vertrauen ist dabei der entscheidende Faktor. Vertrauen in Versorgungssicherheit, in politische Verl\u00e4sslichkeit, in die Idee, dass gro\u00dfe Systeme berechenbar sind. Dieses Vertrauen wurde besch\u00e4digt. Nicht nur durch die Explosionen selbst, sondern durch den Umgang mit ihnen. Wenn zentrale Fragen offenbleiben, wird Vorsicht zur neuen Normalit\u00e4t &#8211; f\u00fcr Staaten ebenso wie f\u00fcr Unternehmen.<\/p>\n<h3>Die Rolle der \u00d6ffentlichkeit: Zwischen Akzeptanz und Skepsis<\/h3>\n<p>F\u00fcr die \u00d6ffentlichkeit bleibt damit eine unbequeme Aufgabe. Sie besteht darin, Unsicherheit auszuhalten, ohne in Zynismus oder einfache Schuldzuweisungen zu verfallen. Skepsis ist in diesem Kontext kein Zeichen von Misstrauen, sondern von M\u00fcndigkeit. Sie richtet sich nicht gegen einzelne Akteure, sondern gegen allzu glatte Erz\u00e4hlungen, die komplexe Vorg\u00e4nge auf einfache Antworten reduzieren wollen.<\/p>\n<p>Gerade deshalb ist es wichtig, unterschiedliche Erkl\u00e4rungsans\u00e4tze zu kennen, ihre St\u00e4rken und Schw\u00e4chen zu verstehen und sie gegeneinander abzuw\u00e4gen. Nicht jede unbequeme Frage ist eine Verschw\u00f6rungstheorie. Und nicht jede offizielle Zur\u00fcckhaltung ist automatisch redlich. Zwischen diesen Polen bewegt sich eine aufgekl\u00e4rte \u00d6ffentlichkeit.<\/p>\n<h3>Ein n\u00fcchterner Blick nach vorn<\/h3>\n<p>Am Ende bleibt die Erkenntnis, dass Nord Stream weniger ein abgeschlossenes Kapitel ist als ein Lehrst\u00fcck. Ein Lehrst\u00fcck dar\u00fcber, wie moderne Machtpolitik funktioniert. Wie Infrastruktur zu einem geopolitischen Faktor wird. Wie Aufkl\u00e4rung an Grenzen st\u00f6\u00dft, die nicht technischer, sondern politischer Natur sind.<\/p>\n<p>Dieser Artikel kann keine endg\u00fcltigen Antworten liefern &#8211; und er beansprucht das auch nicht. Sein Ziel ist ein anderes: Ordnung in ein komplexes Geschehen zu bringen, Ma\u00dfst\u00e4be f\u00fcr Plausibilit\u00e4t zu setzen und den Raum f\u00fcr eigenes Denken zu \u00f6ffnen. In einer Zeit, in der Gewissheiten oft lauter sind als Argumente, ist das vielleicht der wichtigste Beitrag, den man leisten kann.<\/p>\n<p>Nord Stream zeigt, wie fragil die vermeintlichen Selbstverst\u00e4ndlichkeiten unserer Ordnung geworden sind. Wer daraus nur einen Einzelfall macht, verkennt die Tragweite. Wer jedoch bereit ist, genau hinzuschauen, erkennt darin ein Signal &#8211; nicht zur Panik, sondern zur N\u00fcchternheit. Und vielleicht ist genau das der erste Schritt zu verantwortungsvolleren Entscheidungen in einer zunehmend un\u00fcbersichtlichen Welt.<\/p>\n<h3>Nord Stream und die Energiepreise: Ein Puzzleteil mit gro\u00dfer Wirkung<\/h3>\n<p><a href=\"https:\/\/www.markus-schall.de\/2025\/12\/hohe-energiepreise-in-deutschland-verstehen-gas-strom-und-benzin-einfach-erklaert\/\"><img loading=\"lazy\" decoding=\"async\" class=\"alignleft wp-image-4112 size-medium\" src=\"https:\/\/www.markus-schall.de\/wp-content\/uploads\/energiepreise-deutschland-300x200.jpg\" alt=\"Energiepreise in Deutschland\" width=\"300\" height=\"200\" srcset=\"https:\/\/www.markus-schall.de\/wp-content\/uploads\/energiepreise-deutschland-300x200.jpg 300w, https:\/\/www.markus-schall.de\/wp-content\/uploads\/energiepreise-deutschland-768x512.jpg 768w, https:\/\/www.markus-schall.de\/wp-content\/uploads\/energiepreise-deutschland-18x12.jpg 18w, https:\/\/www.markus-schall.de\/wp-content\/uploads\/energiepreise-deutschland.jpg 1024w\" sizes=\"auto, (max-width: 300px) 100vw, 300px\" \/><\/a>Die Sabotage von Nord Stream war nicht die alleinige Ursache f\u00fcr die hohen Energiepreise in Deutschland &#8211; sie war aber ein entscheidender Verst\u00e4rker. Mit dem dauerhaften Wegfall einer zentralen, kalkulierbaren Gasinfrastruktur verschob sich das gesamte Preisgef\u00fcge: Beschaffung wurde unsicherer, M\u00e4rkte nerv\u00f6ser, Alternativen teurer. Wer verstehen will, warum Gas, Strom und letztlich auch Benzin heute so teuer sind, muss diesen Zusammenhang mitdenken. In dem separaten Artikel <a href=\"https:\/\/www.markus-schall.de\/2025\/12\/hohe-energiepreise-in-deutschland-verstehen-gas-strom-und-benzin-einfach-erklaert\/\"><em><strong>\u201eHohe Energiepreise in Deutschland verstehen: Gas, Strom und Benzin einfach erkl\u00e4rt\u201c<\/strong><\/em><\/a> wird deshalb detailliert aufgezeigt, wie sich politische Entscheidungen, Marktmechanismen und Infrastrukturbr\u00fcche &#8211; wie Nord Stream &#8211; \u00fcberlagern und langfristig auf die Preise wirken. Der Beitrag erg\u00e4nzt die Nord-Stream-Analyse um die \u00f6konomische Perspektive und hilft, die Folgen dieses Einschnitts im Alltag einzuordnen.<\/p>\n<h3>Gasspeicher als fehlendes Bindeglied in der Nord-Stream-Debatte<\/h3>\n<p><a href=\"https:\/\/www.markus-schall.de\/2026\/01\/sinkende-gasspeicher-in-deutschland-technik-grenzen-und-politische-konsequenzen\/\"><img loading=\"lazy\" decoding=\"async\" class=\"alignright wp-image-4586 size-medium\" src=\"https:\/\/www.markus-schall.de\/wp-content\/uploads\/Gasspeicher-Deutschland-300x200.jpg\" alt=\"Gasspeicher in Deutschland\" width=\"300\" height=\"200\" srcset=\"https:\/\/www.markus-schall.de\/wp-content\/uploads\/Gasspeicher-Deutschland-300x200.jpg 300w, https:\/\/www.markus-schall.de\/wp-content\/uploads\/Gasspeicher-Deutschland-768x512.jpg 768w, https:\/\/www.markus-schall.de\/wp-content\/uploads\/Gasspeicher-Deutschland-18x12.jpg 18w, https:\/\/www.markus-schall.de\/wp-content\/uploads\/Gasspeicher-Deutschland.jpg 1024w\" sizes=\"auto, (max-width: 300px) 100vw, 300px\" \/><\/a>Die Diskussion um Nord Stream wird h\u00e4ufig auf geopolitische Fragen, Abh\u00e4ngigkeiten und politische Entscheidungen reduziert. Der aktuelle Hintergrundartikel zu <a href=\"https:\/\/www.markus-schall.de\/2026\/01\/sinkende-gasspeicher-in-deutschland-technik-grenzen-und-politische-konsequenzen\/\"><strong>Deutschlands Gasspeichern<\/strong><\/a> erg\u00e4nzt diese Perspektive um eine zentrale technische Ebene: Speicher sind das operative Bindeglied zwischen Lieferquelle und realer Versorgungssicherheit. Er zeigt, warum der Wegfall von Pipelinegas nicht nur Lieferstr\u00f6me ver\u00e4ndert hat, sondern auch die Rolle, Belastung und Grenzen der Speicher deutlich versch\u00e4rft. Wer verstehen will, welche praktischen Folgen energiepolitische Entscheidungen haben, findet im Gasspeicher-Artikel die notwendige technische und systemische Einordnung &#8211; jenseits von Schlagworten und Prozentwerten.<\/p>\n<h3>Energiepolitik im Schatten geopolitischer Konflikte<\/h3>\n<p><a href=\"https:\/\/www.markus-schall.de\/2026\/04\/fracking-lng-und-energiepolitik-eine-nuechterne-analyse-von-risiken-chancen-und-realitaet\/\"><img loading=\"lazy\" decoding=\"async\" class=\"alignleft size-medium wp-image-5621\" src=\"https:\/\/www.markus-schall.de\/wp-content\/uploads\/Fracking-Energiepolitik-300x200.jpg\" alt=\"Erdgas-Fracking und Energiepolitik\" width=\"300\" height=\"200\" srcset=\"https:\/\/www.markus-schall.de\/wp-content\/uploads\/Fracking-Energiepolitik-300x200.jpg 300w, https:\/\/www.markus-schall.de\/wp-content\/uploads\/Fracking-Energiepolitik-768x512.jpg 768w, https:\/\/www.markus-schall.de\/wp-content\/uploads\/Fracking-Energiepolitik-18x12.jpg 18w, https:\/\/www.markus-schall.de\/wp-content\/uploads\/Fracking-Energiepolitik.jpg 1024w\" sizes=\"auto, (max-width: 300px) 100vw, 300px\" \/><\/a>Die Sprengung von Nord Stream hat gezeigt, wie verletzlich zentrale Infrastrukturen sein k\u00f6nnen und wie stark Energiepolitik von geopolitischen Interessen beeinflusst wird. In einer Situation, in der bestehende Versorgungswege pl\u00f6tzlich infrage stehen, r\u00fcckt zwangsl\u00e4ufig auch die Frage nach Alternativen in den Fokus. Der Artikel zu <a href=\"https:\/\/www.markus-schall.de\/2026\/04\/fracking-lng-und-energiepolitik-eine-nuechterne-analyse-von-risiken-chancen-und-realitaet\/\"><strong>Fracking in Deutschland<\/strong> <\/a>greift genau diesen Punkt auf und untersucht, welche Rolle heimische Gasreserven in einem solchen Szenario spielen k\u00f6nnten. Dabei geht es nicht um einfache Antworten, sondern um eine Einordnung m\u00f6glicher Optionen unter ver\u00e4nderten Rahmenbedingungen. Gerade vor dem Hintergrund geopolitischer Spannungen wird deutlich, dass Energieversorgung nicht nur eine wirtschaftliche, sondern auch eine sicherheitspolitische Dimension hat &#8211; und dass Entscheidungen in diesem Bereich langfristige Auswirkungen haben.<\/p>\n<hr \/>\n\n\t\t\t<div class=\"display-post-types\">\n\n\t\t\t\t\t\t\t<style type=\"text\/css\">\n\t\t\t#dpt-wrapper-152 { --dpt-text-align: left;--dpt-image-crop: center;--dpt-border-radius: 5px;--dpt-h-gutter: 10px;--dpt-v-gutter: 9px; }\t\t\t<\/style>\n\t\t\t<style type=\"text\/css\">#dpt-wrapper-152 { --dpt-title-font-style:normal;--dpt-title-font-weight:600;--dpt-title-line-height:1.5;--dpt-title-text-decoration:none;--dpt-title-text-transform:none;--dpt-excerpt-font-style:normal;--dpt-excerpt-font-weight:400;--dpt-excerpt-line-height:1.5;--dpt-excerpt-text-decoration:none;--dpt-excerpt-text-transform:none;--dpt-meta1-font-style:normal;--dpt-meta1-font-weight:400;--dpt-meta1-line-height:1.9;--dpt-meta1-text-decoration:none;--dpt-meta1-text-transform:none;--dpt-meta2-font-style:normal;--dpt-meta2-font-weight:400;--dpt-meta2-line-height:1.9;--dpt-meta2-text-decoration:none;--dpt-meta2-text-transform:none; }<\/style><div class=\" dpt-main-header\">\n\t\t\t\t\t\t<div class=\"dpt-main-title\">\n\t\t\t\t\t\t\t<span class=\"dpt-main-title-text\">Gesellschaftsthemen der Gegenwart<\/span>\n\t\t\t\t\t\t<\/div>\n\t\t\t\t\t\t\n\t\t\t\t\t\t\n\t\t\t\t\t\t\n\t\t\t\t\t\t<\/div>\t\t\t\n\t\t\t\t<div id=\"dpt-wrapper-152\" class=\"dpt-wrapper dpt-mag1 land1 dpt-cropped dpt-flex-wrap\" >\n\n\t\t\t\t\t\t\t\t\t\t\t<div class=\"dpt-entry has-thumbnail\" data-title=\"dauerkrise als normalzustand: wie narrative unsere wahrnehmung verzerren\" data-id=\"3840\"  data-category=\"allgemein b\u00fccher gesellschaft\" data-post_tag=\"buch deutschland energiepolitik erfahrungen europa krisen meinungsfreiheit pers\u00f6nlichkeitsentwicklung\">\n\t\t\t\t\t\t\t<div class=\"dpt-entry-wrapper\"><div class=\" dpt-featured-content\"><div class=\" dpt-permalink\"><a href=\"https:\/\/www.markus-schall.de\/cs\/2025\/12\/dauerkrise-als-normalzustand-wie-narrative-unsere-wahrnehmung-verzerren\/\" class=\"dpt-permalink\"><span class=\"screen-reader-text\">Dauerkrise als Normalzustand: Wie Narrative unsere Wahrnehmung verzerren<\/span><\/a><\/div><div class=\" dpt-thumbnail\"><div class=\"dpt-thumbnail-inner\"><img width=\"1024\" height=\"683\" class=\"attachment-full size-full\" alt=\"Dauerkrise, Narrative\" context=\"dpt\" data-dpt-src=\"https:\/\/www.markus-schall.de\/wp-content\/uploads\/dauerkrise-narrative.jpg\" data-dpt-sizes=\"(max-width: 1024px) 100vw, 1024px\" data-dpt-srcset=\"https:\/\/www.markus-schall.de\/wp-content\/uploads\/dauerkrise-narrative.jpg 1024w, https:\/\/www.markus-schall.de\/wp-content\/uploads\/dauerkrise-narrative-300x200.jpg 300w, https:\/\/www.markus-schall.de\/wp-content\/uploads\/dauerkrise-narrative-768x512.jpg 768w, https:\/\/www.markus-schall.de\/wp-content\/uploads\/dauerkrise-narrative-18x12.jpg 18w\" \/><\/div><span class=\"dpt-thumbnail-aspect-ratio\" style=\"padding-top: 75%\"><\/span><\/div><\/div><div class=\" sub-entry\"><h3 class=\" dpt-title\"><a class=\"dpt-title-link\" href=\"https:\/\/www.markus-schall.de\/cs\/2025\/12\/dauerkrise-als-normalzustand-wie-narrative-unsere-wahrnehmung-verzerren\/\" rel=\"bookmark\">Dauerkrise als Normalzustand: Wie Narrative unsere Wahrnehmung verzerren<\/a><\/h3><\/div><\/div>\n\t\t\t\t\t\t<\/div><!-- .dpt-entry -->\n\t\t\t\t\t\t\t\t\t\t\t\t<div class=\"dpt-entry has-thumbnail\" data-title=\"dieter hallervorden &#8211; mehr als didi: portr\u00e4t eines unbequemen freigeists\" data-id=\"4347\"  data-category=\"gesellschaft kunst &amp; kultur stories &amp; humor\" data-post_tag=\"erfahrungen meinungsfreiheit musik portrait\">\n\t\t\t\t\t\t\t<div class=\"dpt-entry-wrapper\"><div class=\" dpt-featured-content\"><div class=\" dpt-permalink\"><a href=\"https:\/\/www.markus-schall.de\/cs\/2026\/01\/dieter-hallervorden-mehr-als-didi-portraet-eines-unbequemen-freigeists\/\" class=\"dpt-permalink\"><span class=\"screen-reader-text\">Dieter Hallervorden &#8211; Mehr als Didi: Portr\u00e4t eines unbequemen Freigeists<\/span><\/a><\/div><div class=\" dpt-thumbnail\"><div class=\"dpt-thumbnail-inner\"><img width=\"1024\" height=\"683\" class=\"attachment-full size-full\" alt=\"Dieter Hallervorden und die W\u00fchlm\u00e4use in Berlin\" context=\"dpt\" data-dpt-src=\"https:\/\/www.markus-schall.de\/wp-content\/uploads\/Dieter-Hallvervorden-Wuehlmaeuse.jpg\" data-dpt-sizes=\"(max-width: 1024px) 100vw, 1024px\" data-dpt-srcset=\"https:\/\/www.markus-schall.de\/wp-content\/uploads\/Dieter-Hallvervorden-Wuehlmaeuse.jpg 1024w, https:\/\/www.markus-schall.de\/wp-content\/uploads\/Dieter-Hallvervorden-Wuehlmaeuse-300x200.jpg 300w, https:\/\/www.markus-schall.de\/wp-content\/uploads\/Dieter-Hallvervorden-Wuehlmaeuse-768x512.jpg 768w, https:\/\/www.markus-schall.de\/wp-content\/uploads\/Dieter-Hallvervorden-Wuehlmaeuse-18x12.jpg 18w\" \/><\/div><span class=\"dpt-thumbnail-aspect-ratio\" style=\"padding-top: 75%\"><\/span><\/div><\/div><div class=\" sub-entry\"><h3 class=\" dpt-title\"><a class=\"dpt-title-link\" href=\"https:\/\/www.markus-schall.de\/cs\/2026\/01\/dieter-hallervorden-mehr-als-didi-portraet-eines-unbequemen-freigeists\/\" rel=\"bookmark\">Dieter Hallervorden &#8211; Mehr als Didi: Portr\u00e4t eines unbequemen Freigeists<\/a><\/h3><\/div><\/div>\n\t\t\t\t\t\t<\/div><!-- .dpt-entry -->\n\t\t\t\t\t\t\t\t\t\t\t\t<div class=\"dpt-entry has-thumbnail\" data-title=\"wie tiere zeit wahrnehmen &#8211; und was das f\u00fcr die zukunft der ki bedeutet\" data-id=\"4918\"  data-category=\"allgemein gesellschaft ki-systeme\" data-post_tag=\"denkmodelle erfahrungen k\u00fcnstliche intelligenz llm portrait prozesse sprachmodell\">\n\t\t\t\t\t\t\t<div class=\"dpt-entry-wrapper\"><div class=\" dpt-featured-content\"><div class=\" dpt-permalink\"><a href=\"https:\/\/www.markus-schall.de\/cs\/2026\/02\/wie-tiere-zeit-wahrnehmen-und-was-das-fuer-die-zukunft-der-ki-bedeutet\/\" class=\"dpt-permalink\"><span class=\"screen-reader-text\">Wie Tiere Zeit wahrnehmen &#8211; und was das f\u00fcr die Zukunft der KI bedeutet<\/span><\/a><\/div><div class=\" dpt-thumbnail\"><div class=\"dpt-thumbnail-inner\"><img width=\"1024\" height=\"683\" class=\"attachment-full size-full\" alt=\"Tiere, KI und Zeitwahrnehmung\" context=\"dpt\" data-dpt-src=\"https:\/\/www.markus-schall.de\/wp-content\/uploads\/Tiere-KI-Zeitwahrnehmung.jpg\" data-dpt-sizes=\"(max-width: 1024px) 100vw, 1024px\" data-dpt-srcset=\"https:\/\/www.markus-schall.de\/wp-content\/uploads\/Tiere-KI-Zeitwahrnehmung.jpg 1024w, https:\/\/www.markus-schall.de\/wp-content\/uploads\/Tiere-KI-Zeitwahrnehmung-300x200.jpg 300w, https:\/\/www.markus-schall.de\/wp-content\/uploads\/Tiere-KI-Zeitwahrnehmung-768x512.jpg 768w, https:\/\/www.markus-schall.de\/wp-content\/uploads\/Tiere-KI-Zeitwahrnehmung-18x12.jpg 18w\" \/><\/div><span class=\"dpt-thumbnail-aspect-ratio\" style=\"padding-top: 75%\"><\/span><\/div><\/div><div class=\" sub-entry\"><h3 class=\" dpt-title\"><a class=\"dpt-title-link\" href=\"https:\/\/www.markus-schall.de\/cs\/2026\/02\/wie-tiere-zeit-wahrnehmen-und-was-das-fuer-die-zukunft-der-ki-bedeutet\/\" rel=\"bookmark\">Wie Tiere Zeit wahrnehmen &#8211; und was das f\u00fcr die Zukunft der KI bedeutet<\/a><\/h3><\/div><\/div>\n\t\t\t\t\t\t<\/div><!-- .dpt-entry -->\n\t\t\t\t\t\t\t\t\t\t\t\t<div class=\"dpt-entry has-thumbnail\" data-title=\"propaganda: geschichte, methoden, moderne formen und wie man sie erkennt\" data-id=\"4229\"  data-category=\"allgemein gesellschaft kunst &amp; kultur\" data-post_tag=\"denkmodelle energiepolitik europa geopolitik krisen meinungsfreiheit pers\u00f6nlichkeitsentwicklung sicherheitspolitik spieltheorie\">\n\t\t\t\t\t\t\t<div class=\"dpt-entry-wrapper\"><div class=\" dpt-featured-content\"><div class=\" dpt-permalink\"><a href=\"https:\/\/www.markus-schall.de\/cs\/2026\/01\/propaganda-geschichte-methoden-moderne-formen-und-wie-man-sie-erkennt\/\" class=\"dpt-permalink\"><span class=\"screen-reader-text\">Propaganda: Geschichte, Methoden, moderne Formen und wie man sie erkennt<\/span><\/a><\/div><div class=\" dpt-thumbnail\"><div class=\"dpt-thumbnail-inner\"><img width=\"1024\" height=\"683\" class=\"attachment-full size-full\" alt=\"Was ist Propaganda?\" context=\"dpt\" data-dpt-src=\"https:\/\/www.markus-schall.de\/wp-content\/uploads\/Propaganda-titel.jpg\" data-dpt-sizes=\"(max-width: 1024px) 100vw, 1024px\" data-dpt-srcset=\"https:\/\/www.markus-schall.de\/wp-content\/uploads\/Propaganda-titel.jpg 1024w, https:\/\/www.markus-schall.de\/wp-content\/uploads\/Propaganda-titel-300x200.jpg 300w, https:\/\/www.markus-schall.de\/wp-content\/uploads\/Propaganda-titel-768x512.jpg 768w, https:\/\/www.markus-schall.de\/wp-content\/uploads\/Propaganda-titel-18x12.jpg 18w\" \/><\/div><span class=\"dpt-thumbnail-aspect-ratio\" style=\"padding-top: 75%\"><\/span><\/div><\/div><div class=\" sub-entry\"><h3 class=\" dpt-title\"><a class=\"dpt-title-link\" href=\"https:\/\/www.markus-schall.de\/cs\/2026\/01\/propaganda-geschichte-methoden-moderne-formen-und-wie-man-sie-erkennt\/\" rel=\"bookmark\">Propaganda: Geschichte, Methoden, moderne Formen und wie man sie erkennt<\/a><\/h3><\/div><\/div>\n\t\t\t\t\t\t<\/div><!-- .dpt-entry -->\n\t\t\t\t\t\t\n\t\t\t\t<\/div>\n\t\t\t\t\t\t<\/div>\n\t\t\t\n<hr \/>\n<h2>H\u00e4ufig gestellte Fragen zu Nord Stream<\/h2>\n<ol>\n<li><strong>Warum war Nord Stream f\u00fcr Europa \u00fcberhaupt so wichtig?<\/strong><br \/>\nNord Stream war f\u00fcr Europa &#8211; insbesondere f\u00fcr Deutschland &#8211; ein zentrales Element langfristiger Energieplanung. Die Pipeline erm\u00f6glichte gro\u00dfe, kontinuierliche Gaslieferungen zu stabilen Bedingungen und bildete damit eine Grundlage f\u00fcr Industrie, W\u00e4rmeversorgung und wirtschaftliche Planbarkeit. Ihre Bedeutung lag weniger im tagesaktuellen Gasfluss als in der strategischen Sicherheit, jederzeit darauf zugreifen zu k\u00f6nnen.<\/li>\n<li><strong>Warum spricht man so schnell von Sabotage und nicht von einem Unfall?<\/strong><br \/>\nDie Art der Sch\u00e4den, ihre gleichzeitige Entstehung an mehreren Stellen und die technischen Eigenschaften der Pipeline schlie\u00dfen einen gew\u00f6hnlichen Unfall nahezu aus. Hochdruck-Gaspipelines sind auf Materialerm\u00fcdung und innere Defekte ausgelegt. Mehrere massive Explosionen passen nicht in dieses Fehlerbild, weshalb fr\u00fch von gezielten Eingriffen ausgegangen wurde.<\/li>\n<li><strong>Wie schwierig ist es technisch, eine Pipeline wie Nord Stream zu sabotieren?<\/strong><br \/>\nDer technische Aufwand ist erheblich. Er erfordert spezialisierte maritime Ausr\u00fcstung, genaue Ortskenntnis, Erfahrung mit Unterwasseroperationen und eine sorgf\u00e4ltige Planung. Spontane oder improvisierte Aktionen sind unter diesen Bedingungen \u00e4u\u00dferst unwahrscheinlich, was den Kreis m\u00f6glicher Akteure stark einschr\u00e4nkt.<\/li>\n<li><strong>Warum wurden die Ermittlungen nicht offen und transparent gef\u00fchrt?<\/strong><br \/>\nOffiziell wird dies mit nationaler Sicherheit und laufenden Ermittlungen begr\u00fcndet. In der Praxis bedeutet es jedoch, dass politische R\u00fccksichten, B\u00fcndnisfragen und strategische Stabilit\u00e4t offenbar h\u00f6her gewichtet wurden als umfassende \u00f6ffentliche Aufkl\u00e4rung. Transparenz wurde versprochen, aber nur sehr begrenzt eingel\u00f6st.<\/li>\n<li><strong>Warum gibt es bis heute keinen offiziellen T\u00e4ter?<\/strong><br \/>\nWeil eine klare Benennung politisch weitreichende Folgen h\u00e4tte. Eine solche Festlegung k\u00f6nnte diplomatische Beziehungen belasten, B\u00fcndnisse infrage stellen oder Eskalationen ausl\u00f6sen. In solchen F\u00e4llen ist Nicht-Benennung oft die politisch bequemste Option &#8211; auch wenn sie f\u00fcr die \u00d6ffentlichkeit unbefriedigend ist.<\/li>\n<li><strong>Ist die Theorie plausibel, dass Russland seine eigene Pipeline zerst\u00f6rt hat?<\/strong><br \/>\nBei genauer Betrachtung wirkt diese These widerspr\u00fcchlich. Nord Stream war f\u00fcr Russland ein strategisches Instrument und ein wirtschaftliches Asset. Es h\u00e4tte wenig Sinn ergeben, dieses dauerhaft zu zerst\u00f6ren, zumal Lieferstopps auch ohne Sabotage m\u00f6glich gewesen w\u00e4ren. Der strategische Nutzen ist schwer erkennbar.<\/li>\n<li><strong>Was hat es mit der Theorie einer \u201epro-ukrainischen Gruppe\u201c auf sich?<\/strong><br \/>\nDiese Erkl\u00e4rung entlastet staatliche Akteure, wirft jedoch erhebliche technische und logistische Fragen auf. Die F\u00e4higkeiten, Ressourcen und der organisatorische Aufwand passen nur bedingt zu einer kleinen, nichtstaatlichen Gruppe. Konkrete Belege f\u00fcr diese These wurden bisher kaum \u00f6ffentlich vorgelegt.<\/li>\n<li><strong>Warum spielt die technische Machbarkeit eine so gro\u00dfe Rolle?<\/strong><br \/>\nWeil politische Motive allein keine Erkl\u00e4rung liefern. Jede Theorie muss sich an der Frage messen lassen, ob sie technisch realistisch umsetzbar ist. Wer die technischen Rahmenbedingungen ignoriert, riskiert Erkl\u00e4rungen, die gut klingen, aber physikalisch oder logistisch nicht tragf\u00e4hig sind.<\/li>\n<li><strong>Welche Umweltsch\u00e4den sind durch die Sabotage entstanden?<\/strong><br \/>\nDurch den Austritt gro\u00dfer Mengen Methan kam es zu einem erheblichen Klimaschaden. Methan wirkt kurzfristig deutlich st\u00e4rker als CO\u2082. Zus\u00e4tzlich wurden lokale marine \u00d6kosysteme belastet, etwa durch ver\u00e4nderte Druck- und Sauerstoffverh\u00e4ltnisse. Diese Aspekte wurden \u00f6ffentlich vergleichsweise wenig diskutiert.<\/li>\n<li><strong>Warum spielte der Methanaussto\u00df im Klimadiskurs kaum eine Rolle?<\/strong><br \/>\nWeil er politisch schwer einzuordnen war. Der Aussto\u00df passte nicht in g\u00e4ngige Narrative von individueller Verantwortung oder industrieller Emission. Zudem h\u00e4tte eine intensive Diskussion die Aufmerksamkeit auf ein geopolitisch heikles Ereignis gelenkt, dessen Ursachen offiziell ungekl\u00e4rt bleiben sollten.<\/li>\n<li><strong>Welche Rolle spielen Medien bei der Deutung des Ereignisses?<\/strong><br \/>\nMedien haben \u00fcberwiegend vorsichtig berichtet, aber selten tiefgehend analysiert. Viele Fragen wurden angedeutet, aber nicht verfolgt. Das f\u00fchrte zu einem engen Deutungsrahmen, in dem bestimmte Erkl\u00e4rungen bevorzugt und andere marginalisiert wurden &#8211; meist ohne offene Zensur, sondern durch implizite Grenzen.<\/li>\n<li><strong>Was bedeutet \u201eNarrativ\u201c im Zusammenhang mit Nord Stream?<\/strong><br \/>\nEin Narrativ ist ein Deutungsrahmen, der Ordnung in komplexe Ereignisse bringt. Im Fall Nord Stream bestand dieses Narrativ lange aus Unklarheit, Zur\u00fcckhaltung und dem Hinweis auf laufende Ermittlungen. Es stabilisierte die Situation, verhinderte aber zugleich echte Aufkl\u00e4rung.<\/li>\n<li><strong>Warum wurde die Recherche von Seymour Hersh so kontrovers diskutiert?<\/strong><br \/>\nWeil sie konkrete Akteure, Abl\u00e4ufe und Motive benennt und damit den bestehenden Deutungsrahmen sprengt. Hershs Darstellung ist nicht bequem, aber in sich geschlossen. Sie wurde weniger sachlich widerlegt als vielmehr durch Verweise auf anonyme Quellen oder pers\u00f6nliche Angriffe relativiert.<\/li>\n<li><strong>Ist Hershs Darstellung bewiesen?<\/strong><br \/>\nNein. Sie ist eine investigative Rekonstruktion, keine gerichtsfeste Feststellung. Ihr Wert liegt in ihrer inneren Logik, technischen Plausibilit\u00e4t und der Tatsache, dass sie viele offene Fragen beantwortet, die andere Erkl\u00e4rungen ausklammern.<\/li>\n<li><strong>Warum verdienen Hershs Recherchen trotzdem so viel Raum?<\/strong><br \/>\nWeil sie \u00fcberpr\u00fcfbar sind. Sie stellen konkrete Behauptungen auf, die man pr\u00fcfen, kritisieren oder widerlegen k\u00f6nnte. Das unterscheidet sie von vagen Erkl\u00e4rungen, die sich jeder \u00dcberpr\u00fcfung entziehen und dennoch medial verbreitet werden.<\/li>\n<li><strong>Was sagt das anhaltende Schweigen der Regierungen aus?<\/strong><br \/>\nSchweigen ist in der Politik oft eine bewusste Entscheidung. Es kann bedeuten, dass Erkenntnisse vorliegen, deren Ver\u00f6ffentlichung als politisch riskant gilt. In diesem Sinne ist das Schweigen selbst Teil der Kommunikation &#8211; auch wenn es keine Antworten liefert.<\/li>\n<li><strong>Warum ist Nord Stream mehr als ein einzelner Sabotagefall?<\/strong><br \/>\nWeil der Vorfall zeigt, wie verwundbar zentrale Infrastruktur ist und wie begrenzt die Bereitschaft zur Aufkl\u00e4rung sein kann. Er ist ein Lehrst\u00fcck \u00fcber Machtpolitik, Abh\u00e4ngigkeiten und die Grenzen \u00f6ffentlicher Transparenz in geopolitischen Konflikten.<\/li>\n<li><strong>Welche Folgen hat der Vorfall f\u00fcr Europas Energiepolitik?<\/strong><br \/>\nEr hat die Abh\u00e4ngigkeiten nicht beendet, sondern verlagert. Europa ist heute st\u00e4rker auf andere Lieferanten angewiesen, oft zu h\u00f6heren Preisen und mit neuen politischen Risiken. Gleichzeitig ist das Vertrauen in langfristige Energieinfrastruktur nachhaltig besch\u00e4digt.<\/li>\n<li><strong>Was bedeutet der Fall f\u00fcr das Vertrauen der B\u00fcrger?<\/strong><br \/>\nWenn ein Ereignis dieser Gr\u00f6\u00dfenordnung nicht nachvollziehbar aufgekl\u00e4rt wird, leidet das Vertrauen in Institutionen. Nicht zwingend aus Misstrauen, sondern aus dem Gef\u00fchl, dass wesentliche Informationen bewusst zur\u00fcckgehalten werden.<\/li>\n<li><strong>Was bleibt als Fazit f\u00fcr den Leser?<\/strong><br \/>\nDass Nord Stream kein Fall f\u00fcr einfache Antworten ist. Wer ihn verstehen will, muss bereit sein, Unsicherheit auszuhalten, verschiedene Erkl\u00e4rungen zu pr\u00fcfen und zwischen Plausibilit\u00e4t und Bequemlichkeit zu unterscheiden. Genau darin liegt heute ein zentraler Bestandteil m\u00fcndiger Urteilsbildung.<\/li>\n<\/ol>\n<hr \/>\n<h2>\u00c4ltere \u00a0Nachrichten zur Nord Stream Pipeline<\/h2>\n<p><strong>20.02.2026<\/strong>: Einem neuen <a href=\"https:\/\/www.berliner-zeitung.de\/politik-gesellschaft\/geopolitik\/geheime-verhandlungen-kommt-nord-stream-unter-us-kontrolle-zurueck-li.10018586\" target=\"_blank\" rel=\"noopener\"><strong>Bericht der Berliner Zeitung<\/strong><\/a> zufolge laufen hinter den Kulissen informelle Gespr\u00e4che zwischen Washington und Moskau, die ein \u00fcberraschendes Comeback der zerst\u00f6rten Nord-Stream-Pipelines andeuten &#8211; allerdings unter neuer Regie. Offiziell gilt die Ostsee-Infrastruktur als politisch erledigt, doch mehrere Quellen berichten von geheimen Verhandlungskan\u00e4len und einer m\u00f6glichen Rolle der USA, die das russische Gas nach Europa wieder nutzbar machen k\u00f6nnten. Diese Gespr\u00e4che reichen nach Angaben des Artikels bis in informelle Diplomatie-Netzwerke zwischen US-Pr\u00e4sident Donald Trump und Wladimir Putin hinein, in denen auch Energiepolitik und Sanktionen verhandelt werden. Europa bleibe bislang Zuschauer, w\u00e4hrend politische Spannungen, Sanktionen und wirtschaftliche Interessen eine komplexe Gemengelage um Nord Stream schaffen.<\/p>\n<p><strong>19.02.2026<\/strong>: Laut einem aktuellen <a href=\"https:\/\/www.fr.de\/kultur\/gesellschaft\/cia-wusste-frueh-von-ukrainischen-plaenen-zur-nord-stream-sabotage-94177870.html\" target=\"_blank\" rel=\"noopener\"><strong>Bericht der Frankfurter Rundschau<\/strong><\/a> sollen US-Geheimdienstdokumente zeigen, dass die Central Intelligence Agency (CIA) bereits im Juni 2022, also etwa drei Monate vor der Sabotage der Nord-Stream-Pipelines, von einem angeblichen Plan ukrainischer Akteure wusste, die Gasleitungen zu zerst\u00f6ren. Demnach hatten europ\u00e4ische Dienste die CIA dar\u00fcber informiert, dass ein Team aus sechs Spezialtauchern, gef\u00fchrt von Angeh\u00f6rigen der ukrainischen Eliteeinheiten, eine Unterwasseraktion gegen die Pipelines plante &#8211; mit Sauerstoff- und Heliumtanks f\u00fcr tiefe Tauchg\u00e4nge. Die Dokumente sollen detaillierte Angaben enthalten, die in mehreren Punkten mit dem tats\u00e4chlichen Ablauf der Explosionen im September 2022 \u00fcbereinstimmen. Die CIA habe diese Informationen auch an Deutschland und andere Verb\u00fcndete weitergegeben, hei\u00dft es in dem Bericht. Eine offizielle Best\u00e4tigung durch die US-Beh\u00f6rden liegt bislang jedoch nicht vor.<\/p>\n<p><strong>25.01.2026<\/strong>: Ein aktueller Bericht der Berliner Zeitung zeigt, wie Deutschlands Energiepolitik nach der Sabotage von Nord Stream weiterhin an einem strategischen Defizit leidet. Noch bevor der Ukraine-Krieg begann, hatte Deutschland nie die operative Kontrolle \u00fcber zentrale Energieinfrastruktur &#8211; weder bei Nord Stream noch bei Gasspeichern. Der jetzt abgeschlossene Verkauf des deutschen Tanklager- und Pipelinebetreibers <a href=\"https:\/\/www.berliner-zeitung.de\/wirtschaft-verantwortung\/nach-nord-stream-zeigt-der-tanquid-deal-deutschland-fehlt-eine-energie-strategie-li.10015799\" target=\"_blank\" rel=\"noopener\"><strong>TanQuid an den US-Konzern Sunoco<\/strong><\/a> manifestiert laut Bericht diese strukturelle Schw\u00e4che erneut. Kritische Infrastruktur, die f\u00fcr Treibstoff- und Kraftstoffversorgung sowie milit\u00e4rische Logistik relevant ist, wechselt in ausl\u00e4ndische H\u00e4nde, ohne dass eine deutlich erkennbare nationale Strategie erkennbar w\u00e4re. Der Artikel kritisiert, dass Deutschland aus den Lehren nach Nord Stream keine nachhaltige Energie-Strategie entwickelt hat &#8211; und dass die wiederkehrende Abh\u00e4ngigkeit von externen Akteuren die nationale Resilienz weiter schw\u00e4cht.<\/p>\n<p><strong>19.01.2026<\/strong>: Wie <a href=\"https:\/\/www.telepolis.de\/article\/Nord-Stream-BGH-erklaert-Sabotage-zum-Angriff-auf-deutsche-Souveraenitaet-11145264.html\" target=\"_blank\" rel=\"noopener\"><strong>Telepolis berichtet<\/strong><\/a>, hat der Bundesgerichtshof (BGH) die Sabotage der Nord-Stream-Pipelines in einer grundlegenden Entscheidung juristisch neu eingeordnet. Nach Ansicht des h\u00f6chsten deutschen Strafgerichts handelt es sich bei der Zerst\u00f6rung der Leitungen nicht nur um einen kriminellen Akt, sondern um einen Angriff auf die staatlichen Interessen und die Souver\u00e4nit\u00e4t der Bundesrepublik Deutschland. Dabei betonte der Senat, dass die Pipelines sowohl mit politischer Unterst\u00fctzung Deutschlands errichtet worden seien als auch im Ergebnis auf deutschem Staatsgebiet erheblich in die Energieversorgung eingegriffen h\u00e4tten &#8211; was eine direkte Gef\u00e4hrdung der Grundversorgung bedeutet. Die Karlsruher Richter wiesen zudem Argumente zur\u00fcck, wonach der mutma\u00dfliche T\u00e4ter aufgrund seiner milit\u00e4rischen Funktion Immunit\u00e4t genie\u00dfe, und stellten klar, dass dieser Schutz bei geheimdienstlich gesteuerten Gewaltakten nicht greife. Diese rechtliche Neubewertung steht im Gegensatz zu fr\u00fcheren Einsch\u00e4tzungen, wonach die Tat v\u00f6lkerrechtlich eher geringe Konsequenzen haben sollte.<\/p>\n<hr \/>\n\n\t\t\t<div class=\"display-post-types\">\n\n\t\t\t\t\t\t\t<style type=\"text\/css\">\n\t\t\t#dpt-wrapper-153 { --dpt-text-align: left;--dpt-image-crop: center;--dpt-border-radius: 5px;--dpt-small-grid-column: 33.33%;--dpt-large-grid-column: 33.3333333333%;--dpt-h-gutter: 10px;--dpt-v-gutter: 10px; }\t\t\t<\/style>\n\t\t\t<style type=\"text\/css\">#dpt-wrapper-153 { --dpt-title-font-style:normal;--dpt-title-font-weight:600;--dpt-title-line-height:1.5;--dpt-title-text-decoration:none;--dpt-title-text-transform:none;--dpt-excerpt-font-style:normal;--dpt-excerpt-font-weight:400;--dpt-excerpt-line-height:1.5;--dpt-excerpt-text-decoration:none;--dpt-excerpt-text-transform:none;--dpt-meta1-font-style:normal;--dpt-meta1-font-weight:400;--dpt-meta1-line-height:1.9;--dpt-meta1-text-decoration:none;--dpt-meta1-text-transform:none;--dpt-meta2-font-style:normal;--dpt-meta2-font-weight:400;--dpt-meta2-line-height:1.9;--dpt-meta2-text-decoration:none;--dpt-meta2-text-transform:none; }<\/style><div class=\" dpt-main-header\">\n\t\t\t\t\t\t<div class=\"dpt-main-title\">\n\t\t\t\t\t\t\t<span class=\"dpt-main-title-text\">Aktuelle Beitr\u00e4ge zu EU-Gesetzen<\/span>\n\t\t\t\t\t\t<\/div>\n\t\t\t\t\t\t\n\t\t\t\t\t\t\n\t\t\t\t\t\t\n\t\t\t\t\t\t<\/div>\t\t\t\n\t\t\t\t<div id=\"dpt-wrapper-153\" class=\"dpt-wrapper dpt-grid1 multi-col dpt-mason-wrap\" >\n\n\t\t\t\t\t\t\t\t\t\t\t<div class=\"dpt-entry has-thumbnail\" data-title=\"spieltheorie erkl\u00e4rt 25 jahre geopolitik: wie europa seine strategische rolle verlor\" data-id=\"3850\"  data-category=\"allgemein gesellschaft kunst &amp; kultur\" data-post_tag=\"denkmodelle deutschland energiepolitik eu-gesetze europa geopolitik krisen sicherheitspolitik spieltheorie\">\n\t\t\t\t\t\t\t<div class=\"dpt-entry-wrapper\"><div class=\" dpt-featured-content\"><div class=\" dpt-permalink\"><a href=\"https:\/\/www.markus-schall.de\/cs\/2025\/12\/spieltheorie-erklaert-25-jahre-geopolitik-wie-europa-seine-strategische-rolle-verlor\/\" class=\"dpt-permalink\"><span class=\"screen-reader-text\">Spieltheorie erkl\u00e4rt 25 Jahre Geopolitik: Wie Europa seine strategische Rolle verlor<\/span><\/a><\/div><div class=\" dpt-thumbnail\"><div class=\"dpt-thumbnail-inner\"><img width=\"1024\" height=\"765\" class=\"attachment-full size-full\" alt=\"Spieltheorie erkl\u00e4rt 25 Jahre Geopolitik\" context=\"dpt\" data-dpt-src=\"https:\/\/www.markus-schall.de\/wp-content\/uploads\/europa-russland-spieltheorie.jpg\" data-dpt-sizes=\"(max-width: 1024px) 100vw, 1024px\" data-dpt-srcset=\"https:\/\/www.markus-schall.de\/wp-content\/uploads\/europa-russland-spieltheorie.jpg 1024w, https:\/\/www.markus-schall.de\/wp-content\/uploads\/europa-russland-spieltheorie-300x224.jpg 300w, https:\/\/www.markus-schall.de\/wp-content\/uploads\/europa-russland-spieltheorie-768x574.jpg 768w, https:\/\/www.markus-schall.de\/wp-content\/uploads\/europa-russland-spieltheorie-16x12.jpg 16w\" \/><\/div><span class=\"dpt-thumbnail-aspect-ratio\" style=\"padding-top: 75%\"><\/span><\/div><\/div><div class=\" sub-entry\"><h3 class=\" dpt-title\"><a class=\"dpt-title-link\" href=\"https:\/\/www.markus-schall.de\/cs\/2025\/12\/spieltheorie-erklaert-25-jahre-geopolitik-wie-europa-seine-strategische-rolle-verlor\/\" rel=\"bookmark\">Spieltheorie erkl\u00e4rt 25 Jahre Geopolitik: Wie Europa seine strategische Rolle verlor<\/a><\/h3><\/div><\/div>\n\t\t\t\t\t\t<\/div><!-- .dpt-entry -->\n\t\t\t\t\t\t\t\t\t\t\t\t<div class=\"dpt-entry has-thumbnail\" data-title=\"42 jahre wahlprogramme: wie sich deutschlands parteien ver\u00e4ndert haben\" data-id=\"6354\"  data-category=\"allgemein gesellschaft\" data-post_tag=\"deutschland energiepolitik eu-gesetze europa geopolitik meinungsfreiheit sicherheitspolitik spieltheorie\">\n\t\t\t\t\t\t\t<div class=\"dpt-entry-wrapper\"><div class=\" dpt-featured-content\"><div class=\" dpt-permalink\"><a href=\"https:\/\/www.markus-schall.de\/cs\/2026\/08\/42-jahre-wahlprogramme-wie-sich-deutschlands-parteien-veraendert-haben\/\" class=\"dpt-permalink\"><span class=\"screen-reader-text\">42 Jahre Wahlprogramme: Wie sich Deutschlands Parteien ver\u00e4ndert haben<\/span><\/a><\/div><div class=\" dpt-thumbnail\"><div class=\"dpt-thumbnail-inner\"><img width=\"1200\" height=\"675\" class=\"attachment-full size-full\" alt=\"42 Jahre Wahlprogramme deutscher Parteien im Vergleich\" context=\"dpt\" data-dpt-src=\"https:\/\/www.markus-schall.de\/wp-content\/uploads\/Wahlprogramme-Parteien-Vergleich.jpg\" data-dpt-sizes=\"(max-width: 1200px) 100vw, 1200px\" data-dpt-srcset=\"https:\/\/www.markus-schall.de\/wp-content\/uploads\/Wahlprogramme-Parteien-Vergleich.jpg 1200w, https:\/\/www.markus-schall.de\/wp-content\/uploads\/Wahlprogramme-Parteien-Vergleich-300x169.jpg 300w, https:\/\/www.markus-schall.de\/wp-content\/uploads\/Wahlprogramme-Parteien-Vergleich-1024x576.jpg 1024w, https:\/\/www.markus-schall.de\/wp-content\/uploads\/Wahlprogramme-Parteien-Vergleich-768x432.jpg 768w, https:\/\/www.markus-schall.de\/wp-content\/uploads\/Wahlprogramme-Parteien-Vergleich-18x10.jpg 18w\" \/><\/div><span class=\"dpt-thumbnail-aspect-ratio\" style=\"padding-top: 56%\"><\/span><\/div><\/div><div class=\" sub-entry\"><h3 class=\" dpt-title\"><a class=\"dpt-title-link\" href=\"https:\/\/www.markus-schall.de\/cs\/2026\/08\/42-jahre-wahlprogramme-wie-sich-deutschlands-parteien-veraendert-haben\/\" rel=\"bookmark\">42 Jahre Wahlprogramme: Wie sich Deutschlands Parteien ver\u00e4ndert haben<\/a><\/h3><\/div><\/div>\n\t\t\t\t\t\t<\/div><!-- .dpt-entry -->\n\t\t\t\t\t\t\t\t\t\t\t\t<div class=\"dpt-entry has-thumbnail\" data-title=\"europa zwischen meinungsfreiheit und regulierung: neues us-infoportal wirft fragen auf\" data-id=\"5102\"  data-category=\"allgemein gesellschaft\" data-post_tag=\"denkmodelle deutschland eu-gesetze europa geopolitik krisen meinungsfreiheit spieltheorie\">\n\t\t\t\t\t\t\t<div class=\"dpt-entry-wrapper\"><div class=\" dpt-featured-content\"><div class=\" dpt-permalink\"><a href=\"https:\/\/www.markus-schall.de\/cs\/2026\/03\/europa-zwischen-meinungsfreiheit-und-regulierung-neues-us-infoportal-wirft-fragen-auf\/\" class=\"dpt-permalink\"><span class=\"screen-reader-text\">Europa zwischen Meinungsfreiheit und Regulierung: Neues US-Infoportal wirft Fragen auf<\/span><\/a><\/div><div class=\" dpt-thumbnail\"><div class=\"dpt-thumbnail-inner\"><img width=\"1024\" height=\"683\" class=\"attachment-full size-full\" alt=\"EU-Zensur, Hatespeech und das neue US-Portal\" context=\"dpt\" data-dpt-src=\"https:\/\/www.markus-schall.de\/wp-content\/uploads\/EU-Hatespeech-US-Portal.jpg\" data-dpt-sizes=\"(max-width: 1024px) 100vw, 1024px\" data-dpt-srcset=\"https:\/\/www.markus-schall.de\/wp-content\/uploads\/EU-Hatespeech-US-Portal.jpg 1024w, https:\/\/www.markus-schall.de\/wp-content\/uploads\/EU-Hatespeech-US-Portal-300x200.jpg 300w, https:\/\/www.markus-schall.de\/wp-content\/uploads\/EU-Hatespeech-US-Portal-768x512.jpg 768w, https:\/\/www.markus-schall.de\/wp-content\/uploads\/EU-Hatespeech-US-Portal-18x12.jpg 18w\" \/><\/div><span class=\"dpt-thumbnail-aspect-ratio\" style=\"padding-top: 67%\"><\/span><\/div><\/div><div class=\" sub-entry\"><h3 class=\" dpt-title\"><a class=\"dpt-title-link\" href=\"https:\/\/www.markus-schall.de\/cs\/2026\/03\/europa-zwischen-meinungsfreiheit-und-regulierung-neues-us-infoportal-wirft-fragen-auf\/\" rel=\"bookmark\">Europa zwischen Meinungsfreiheit und Regulierung: Neues US-Infoportal wirft Fragen auf<\/a><\/h3><\/div><\/div>\n\t\t\t\t\t\t<\/div><!-- .dpt-entry -->\n\t\t\t\t\t\t\t\t\t\t\t\t<div class=\"dpt-entry has-thumbnail\" data-title=\"energie, macht und abh\u00e4ngigkeit: europas weg vom exportweltmeister zum nachfrager\" data-id=\"4945\"  data-category=\"allgemein gesellschaft\" data-post_tag=\"denkmodelle deutschland energiepolitik eu-gesetze europa geopolitik krisen meinungsfreiheit sicherheitspolitik\">\n\t\t\t\t\t\t\t<div class=\"dpt-entry-wrapper\"><div class=\" dpt-featured-content\"><div class=\" dpt-permalink\"><a href=\"https:\/\/www.markus-schall.de\/cs\/2026\/02\/energie-macht-und-abhaengigkeit-europas-weg-vom-exportweltmeister-zum-nachfrager\/\" class=\"dpt-permalink\"><span class=\"screen-reader-text\">Energie, Macht und Abh\u00e4ngigkeit: Europas Weg vom Exportweltmeister zum Nachfrager<\/span><\/a><\/div><div class=\" dpt-thumbnail\"><div class=\"dpt-thumbnail-inner\"><img width=\"1024\" height=\"683\" class=\"attachment-full size-full\" alt=\"Europa und Energie\" context=\"dpt\" data-dpt-src=\"https:\/\/www.markus-schall.de\/wp-content\/uploads\/Europa-Energie.jpg\" data-dpt-sizes=\"(max-width: 1024px) 100vw, 1024px\" data-dpt-srcset=\"https:\/\/www.markus-schall.de\/wp-content\/uploads\/Europa-Energie.jpg 1024w, https:\/\/www.markus-schall.de\/wp-content\/uploads\/Europa-Energie-300x200.jpg 300w, https:\/\/www.markus-schall.de\/wp-content\/uploads\/Europa-Energie-768x512.jpg 768w, https:\/\/www.markus-schall.de\/wp-content\/uploads\/Europa-Energie-18x12.jpg 18w\" \/><\/div><span class=\"dpt-thumbnail-aspect-ratio\" style=\"padding-top: 67%\"><\/span><\/div><\/div><div class=\" sub-entry\"><h3 class=\" dpt-title\"><a class=\"dpt-title-link\" href=\"https:\/\/www.markus-schall.de\/cs\/2026\/02\/energie-macht-und-abhaengigkeit-europas-weg-vom-exportweltmeister-zum-nachfrager\/\" rel=\"bookmark\">Energie, Macht und Abh\u00e4ngigkeit: Europas Weg vom Exportweltmeister zum Nachfrager<\/a><\/h3><\/div><\/div>\n\t\t\t\t\t\t<\/div><!-- .dpt-entry -->\n\t\t\t\t\t\t\t\t\t\t\t\t<div class=\"dpt-entry has-thumbnail\" data-title=\"klimaschutz mit tunnelblick &#8211; elektromobilit\u00e4t, lobbyarbeit und die verdr\u00e4ngten kosten\" data-id=\"4729\"  data-category=\"allgemein gesellschaft\" data-post_tag=\"deutschland energiepolitik erfahrungen eu-gesetze europa\">\n\t\t\t\t\t\t\t<div class=\"dpt-entry-wrapper\"><div class=\" dpt-featured-content\"><div class=\" dpt-permalink\"><a href=\"https:\/\/www.markus-schall.de\/cs\/2026\/02\/klimaschutz-mit-tunnelblick-elektromobilitaet-lobbyarbeit-und-die-verdraengten-kosten\/\" class=\"dpt-permalink\"><span class=\"screen-reader-text\">Klimaschutz mit Tunnelblick &#8211; Elektromobilit\u00e4t, Lobbyarbeit und die verdr\u00e4ngten Kosten<\/span><\/a><\/div><div class=\" dpt-thumbnail\"><div class=\"dpt-thumbnail-inner\"><img width=\"1024\" height=\"683\" class=\"attachment-full size-full\" alt=\"Elektromobilit\u00e4t ohne Ideologie\" context=\"dpt\" data-dpt-src=\"https:\/\/www.markus-schall.de\/wp-content\/uploads\/Elektromobilitaet-ohne-Ideologie.jpg\" data-dpt-sizes=\"(max-width: 1024px) 100vw, 1024px\" data-dpt-srcset=\"https:\/\/www.markus-schall.de\/wp-content\/uploads\/Elektromobilitaet-ohne-Ideologie.jpg 1024w, https:\/\/www.markus-schall.de\/wp-content\/uploads\/Elektromobilitaet-ohne-Ideologie-300x200.jpg 300w, https:\/\/www.markus-schall.de\/wp-content\/uploads\/Elektromobilitaet-ohne-Ideologie-768x512.jpg 768w, https:\/\/www.markus-schall.de\/wp-content\/uploads\/Elektromobilitaet-ohne-Ideologie-18x12.jpg 18w\" \/><\/div><span class=\"dpt-thumbnail-aspect-ratio\" style=\"padding-top: 67%\"><\/span><\/div><\/div><div class=\" sub-entry\"><h3 class=\" dpt-title\"><a class=\"dpt-title-link\" href=\"https:\/\/www.markus-schall.de\/cs\/2026\/02\/klimaschutz-mit-tunnelblick-elektromobilitaet-lobbyarbeit-und-die-verdraengten-kosten\/\" rel=\"bookmark\">Klimaschutz mit Tunnelblick &#8211; Elektromobilit\u00e4t, Lobbyarbeit und die verdr\u00e4ngten Kosten<\/a><\/h3><\/div><\/div>\n\t\t\t\t\t\t<\/div><!-- .dpt-entry -->\n\t\t\t\t\t\t\t\t\t\t\t\t<div class=\"dpt-entry has-thumbnail\" data-title=\"digitales geld verstehen: bitcoin, stablecoins und cbdcs einfach erkl\u00e4rt\" data-id=\"4211\"  data-category=\"allgemein gesellschaft\" data-post_tag=\"datenschutz digitales eigentum eu-gesetze europa geopolitik spieltheorie\">\n\t\t\t\t\t\t\t<div class=\"dpt-entry-wrapper\"><div class=\" dpt-featured-content\"><div class=\" dpt-permalink\"><a href=\"https:\/\/www.markus-schall.de\/cs\/2026\/01\/digitales-geld-verstehen-bitcoin-stablecoins-und-cbdcs-einfach-erklaert\/\" class=\"dpt-permalink\"><span class=\"screen-reader-text\">Digitales Geld verstehen: Bitcoin, Stablecoins und CBDCs einfach erkl\u00e4rt<\/span><\/a><\/div><div class=\" dpt-thumbnail\"><div class=\"dpt-thumbnail-inner\"><img width=\"1024\" height=\"558\" class=\"attachment-full size-full\" alt=\"CBDCs, Kryptow\u00e4hrungen und Stablecoins\" context=\"dpt\" data-dpt-src=\"https:\/\/www.markus-schall.de\/wp-content\/uploads\/cbcd-kryptos-coins-tokens.jpg\" data-dpt-sizes=\"(max-width: 1024px) 100vw, 1024px\" data-dpt-srcset=\"https:\/\/www.markus-schall.de\/wp-content\/uploads\/cbcd-kryptos-coins-tokens.jpg 1024w, https:\/\/www.markus-schall.de\/wp-content\/uploads\/cbcd-kryptos-coins-tokens-300x163.jpg 300w, https:\/\/www.markus-schall.de\/wp-content\/uploads\/cbcd-kryptos-coins-tokens-768x419.jpg 768w, https:\/\/www.markus-schall.de\/wp-content\/uploads\/cbcd-kryptos-coins-tokens-18x10.jpg 18w\" \/><\/div><span class=\"dpt-thumbnail-aspect-ratio\" style=\"padding-top: 54%\"><\/span><\/div><\/div><div class=\" sub-entry\"><h3 class=\" dpt-title\"><a class=\"dpt-title-link\" href=\"https:\/\/www.markus-schall.de\/cs\/2026\/01\/digitales-geld-verstehen-bitcoin-stablecoins-und-cbdcs-einfach-erklaert\/\" rel=\"bookmark\">Digitales Geld verstehen: Bitcoin, Stablecoins und CBDCs einfach erkl\u00e4rt<\/a><\/h3><\/div><\/div>\n\t\t\t\t\t\t<\/div><!-- .dpt-entry -->\n\t\t\t\t\t\t\n\t\t\t\t<\/div>\n\t\t\t\t\t\t<\/div>\n\t\t\t\n<hr \/>\n","protected":false},"excerpt":{"rendered":"<p>Kdy\u017e se mluv\u00ed o energii, mnoho lid\u00ed si nejprve vybav\u00ed elekt\u0159inu \u2013 sv\u011btlo, z\u00e1suvky, elektr\u00e1rny. Ve skute\u010dnosti v\u0161ak ka\u017edodenn\u00ed \u017eivot v Evrop\u011b stoj\u00ed na ti\u0161\u0161\u00edm z\u00e1kladu: na teple a procesn\u00ed energii. Zemn\u00ed plyn se p\u0159itom b\u011bhem desetilet\u00ed stal jakousi neviditelnou p\u00e1te\u0159\u00ed. Ne proto, \u017ee by byl n\u011bjak zvl\u00e1\u0161\u0165 \u201ekr\u00e1sn\u00fd\u201c, ale proto, \u017ee je praktick\u00fd: Je \u2026 <a title=\"Porozum\u011bn\u00ed digit\u00e1ln\u00edm pen\u011bz\u016fm: Bitcoin, stablecoiny a CBDC vysv\u011btleny jednodu\u0161e\" class=\"read-more\" href=\"https:\/\/www.markus-schall.de\/cs\/2026\/01\/digitales-geld-verstehen-bitcoin-stablecoins-und-cbdcs-einfach-erklaert\/\" aria-label=\"\u010c\u00edst v\u00edce o Porozum\u011bn\u00ed digit\u00e1ln\u00edm pen\u011bz\u016fm: Jak jednodu\u0161e vysv\u011btlit bitcoin, stablecoiny a CBDC?\">\u010c\u00edst d\u00e1l<\/a><\/p>","protected":false},"author":1,"featured_media":4445,"comment_status":"open","ping_status":"open","sticky":false,"template":"","format":"standard","meta":{"iawp_total_views":392,"footnotes":""},"categories":[1,466],"tags":[480,481,475,482,426,476,484,478],"class_list":["post-4441","post","type-post","status-publish","format-standard","has-post-thumbnail","hentry","category-allgemein","category-gesellschaft","tag-deutschland","tag-energiepolitik","tag-europa","tag-geopolitik","tag-krisen","tag-meinungsfreiheit","tag-sicherheitspolitik","tag-spieltheorie"],"_links":{"self":[{"href":"https:\/\/www.markus-schall.de\/cs\/wp-json\/wp\/v2\/posts\/4441","targetHints":{"allow":["GET"]}}],"collection":[{"href":"https:\/\/www.markus-schall.de\/cs\/wp-json\/wp\/v2\/posts"}],"about":[{"href":"https:\/\/www.markus-schall.de\/cs\/wp-json\/wp\/v2\/types\/post"}],"author":[{"embeddable":true,"href":"https:\/\/www.markus-schall.de\/cs\/wp-json\/wp\/v2\/users\/1"}],"replies":[{"embeddable":true,"href":"https:\/\/www.markus-schall.de\/cs\/wp-json\/wp\/v2\/comments?post=4441"}],"version-history":[{"count":37,"href":"https:\/\/www.markus-schall.de\/cs\/wp-json\/wp\/v2\/posts\/4441\/revisions"}],"predecessor-version":[{"id":6247,"href":"https:\/\/www.markus-schall.de\/cs\/wp-json\/wp\/v2\/posts\/4441\/revisions\/6247"}],"wp:featuredmedia":[{"embeddable":true,"href":"https:\/\/www.markus-schall.de\/cs\/wp-json\/wp\/v2\/media\/4445"}],"wp:attachment":[{"href":"https:\/\/www.markus-schall.de\/cs\/wp-json\/wp\/v2\/media?parent=4441"}],"wp:term":[{"taxonomy":"category","embeddable":true,"href":"https:\/\/www.markus-schall.de\/cs\/wp-json\/wp\/v2\/categories?post=4441"},{"taxonomy":"post_tag","embeddable":true,"href":"https:\/\/www.markus-schall.de\/cs\/wp-json\/wp\/v2\/tags?post=4441"}],"curies":[{"name":"wp","href":"https:\/\/api.w.org\/{rel}","templated":true}]}}