{"id":4476,"date":"2026-01-19T07:15:37","date_gmt":"2026-01-19T07:15:37","guid":{"rendered":"https:\/\/www.markus-schall.de\/?p=4476"},"modified":"2026-08-07T13:36:52","modified_gmt":"2026-08-07T13:36:52","slug":"proc-je-dnes-firemni-casopis-dulezitejsi-nez-reklama","status":"publish","type":"post","link":"https:\/\/www.markus-schall.de\/cs\/2026\/01\/warum-ein-eigenes-magazin-fuer-unternehmen-heute-wichtiger-ist-als-werbung\/","title":{"rendered":"Pro\u010d je dnes pro firmy d\u016fle\u017eit\u011bj\u0161\u00ed m\u00edt vlastn\u00ed \u010dasopis ne\u017e reklamu?"},"content":{"rendered":"<p>Wenn man heute mit Unternehmern \u00fcber Sichtbarkeit spricht, dann geht es fast immer um Reichweite. Man spricht \u00fcber Auffindbarkeit bei Google, \u00fcber Social Media, \u00fcber bezahlte Anzeigen bei Google oder auf anderen Plattformen, Klickzahlen, Follower und Interaktionen. Sichtbarkeit gilt als Voraussetzung f\u00fcr wirtschaftlichen Erfolg, und in vielen Branchen stimmt das auch.<\/p>\n<p>Was dabei selten thematisiert wird, ist eine leise, aber entscheidende Verschiebung: Die meisten Unternehmen sind heute sichtbar &#8211; aber auf Fl\u00e4chen, die ihnen nicht geh\u00f6ren. Diese Entwicklung ist nicht dramatisch verlaufen. Sie war bequem, schrittweise und scheinbar logisch. Genau deshalb wird sie kaum hinterfragt.<!--more--><\/p>\n<hr \/>\n\n\t\t\t<div class=\"display-post-types\">\n\n\t\t\t\t\t\t\t<style type=\"text\/css\">\n\t\t\t#dpt-wrapper-671 { --dpt-text-align: left;--dpt-image-crop: center;--dpt-border-radius: 5px;--dpt-h-gutter: 10px;--dpt-v-gutter: 9px; }\t\t\t<\/style>\n\t\t\t<style type=\"text\/css\">#dpt-wrapper-671 { --dpt-title-font-style:normal;--dpt-title-font-weight:600;--dpt-title-line-height:1.5;--dpt-title-text-decoration:none;--dpt-title-text-transform:none;--dpt-excerpt-font-style:normal;--dpt-excerpt-font-weight:400;--dpt-excerpt-line-height:1.5;--dpt-excerpt-text-decoration:none;--dpt-excerpt-text-transform:none;--dpt-meta1-font-style:normal;--dpt-meta1-font-weight:400;--dpt-meta1-line-height:1.9;--dpt-meta1-text-decoration:none;--dpt-meta1-text-transform:none;--dpt-meta2-font-style:normal;--dpt-meta2-font-weight:400;--dpt-meta2-line-height:1.9;--dpt-meta2-text-decoration:none;--dpt-meta2-text-transform:none; }<\/style><div class=\" dpt-main-header\">\n\t\t\t\t\t\t<div class=\"dpt-main-title\">\n\t\t\t\t\t\t\t<span class=\"dpt-main-title-text\">Aktuelle Beitr\u00e4ge zu K\u00fcnstlicher Intelligenz<\/span>\n\t\t\t\t\t\t<\/div>\n\t\t\t\t\t\t\n\t\t\t\t\t\t\n\t\t\t\t\t\t\n\t\t\t\t\t\t<\/div>\t\t\t\n\t\t\t\t<div id=\"dpt-wrapper-671\" class=\"dpt-wrapper dpt-mag1 land1 dpt-cropped dpt-flex-wrap\" >\n\n\t\t\t\t\t\t\t\t\t\t\t<div class=\"dpt-entry has-thumbnail\" data-title=\"digitales eigentum erkl\u00e4rt &#8211; so entstehen nachhaltige online-verm\u00f6genswerte\" data-id=\"4766\"  data-category=\"allgemein b\u00fccher gesellschaft ki-systeme\" data-post_tag=\"buch datenbanken denkmodelle digitales eigentum erp-software k\u00fcnstliche intelligenz prozesse publishing wordpress\">\n\t\t\t\t\t\t\t<div class=\"dpt-entry-wrapper\"><div class=\" dpt-featured-content\"><div class=\" dpt-permalink\"><a href=\"https:\/\/www.markus-schall.de\/cs\/2026\/02\/digitales-eigentum-erklaert-so-entstehen-nachhaltige-online-vermoegenswerte\/\" class=\"dpt-permalink\"><span class=\"screen-reader-text\">Digitales Eigentum erkl\u00e4rt &#8211; So entstehen nachhaltige Online-Verm\u00f6genswerte<\/span><\/a><\/div><div class=\" dpt-thumbnail\"><div class=\"dpt-thumbnail-inner\"><img width=\"1024\" height=\"683\" class=\"attachment-full size-full\" alt=\"Was ist Digitales Eigentum\" context=\"dpt\" data-dpt-src=\"https:\/\/www.markus-schall.de\/wp-content\/uploads\/Digitales-Eigentum.jpg\" data-dpt-sizes=\"(max-width: 1024px) 100vw, 1024px\" data-dpt-srcset=\"https:\/\/www.markus-schall.de\/wp-content\/uploads\/Digitales-Eigentum.jpg 1024w, https:\/\/www.markus-schall.de\/wp-content\/uploads\/Digitales-Eigentum-300x200.jpg 300w, https:\/\/www.markus-schall.de\/wp-content\/uploads\/Digitales-Eigentum-768x512.jpg 768w, https:\/\/www.markus-schall.de\/wp-content\/uploads\/Digitales-Eigentum-18x12.jpg 18w\" \/><\/div><span class=\"dpt-thumbnail-aspect-ratio\" style=\"padding-top: 75%\"><\/span><\/div><\/div><div class=\" sub-entry\"><h3 class=\" dpt-title\"><a class=\"dpt-title-link\" href=\"https:\/\/www.markus-schall.de\/cs\/2026\/02\/digitales-eigentum-erklaert-so-entstehen-nachhaltige-online-vermoegenswerte\/\" rel=\"bookmark\">Digitales Eigentum erkl\u00e4rt &#8211; So entstehen nachhaltige Online-Verm\u00f6genswerte<\/a><\/h3><\/div><\/div>\n\t\t\t\t\t\t<\/div><!-- .dpt-entry -->\n\t\t\t\t\t\t\t\t\t\t\t\t<div class=\"dpt-entry has-thumbnail\" data-title=\"wie man heute schon ki-spezialisten ausbilden kann &#8211; chancen f\u00fcr unternehmen und azubis\" data-id=\"3120\"  data-category=\"allgemein b\u00fccher ki-systeme tipps &amp; anleitungen\" data-post_tag=\"buch datenbanken datenlogik denkmodelle k\u00fcnstliche intelligenz llm sprachmodell\">\n\t\t\t\t\t\t\t<div class=\"dpt-entry-wrapper\"><div class=\" dpt-featured-content\"><div class=\" dpt-permalink\"><a href=\"https:\/\/www.markus-schall.de\/cs\/2025\/10\/wie-man-heute-schon-ki-spezialisten-ausbilden-kann-chancen-fuer-unternehmen-und-azubis\/\" class=\"dpt-permalink\"><span class=\"screen-reader-text\">Wie man heute schon KI-Spezialisten ausbilden kann &#8211; Chancen f\u00fcr Unternehmen und Azubis<\/span><\/a><\/div><div class=\" dpt-thumbnail\"><div class=\"dpt-thumbnail-inner\"><img width=\"1024\" height=\"683\" class=\"attachment-full size-full\" alt=\"KI-Spezialist ausbilden\" context=\"dpt\" data-dpt-src=\"https:\/\/www.markus-schall.de\/wp-content\/uploads\/ki-spezialist-ausbildung.jpg\" data-dpt-sizes=\"(max-width: 1024px) 100vw, 1024px\" data-dpt-srcset=\"https:\/\/www.markus-schall.de\/wp-content\/uploads\/ki-spezialist-ausbildung.jpg 1024w, https:\/\/www.markus-schall.de\/wp-content\/uploads\/ki-spezialist-ausbildung-300x200.jpg 300w, https:\/\/www.markus-schall.de\/wp-content\/uploads\/ki-spezialist-ausbildung-768x512.jpg 768w, https:\/\/www.markus-schall.de\/wp-content\/uploads\/ki-spezialist-ausbildung-18x12.jpg 18w\" \/><\/div><span class=\"dpt-thumbnail-aspect-ratio\" style=\"padding-top: 75%\"><\/span><\/div><\/div><div class=\" sub-entry\"><h3 class=\" dpt-title\"><a class=\"dpt-title-link\" href=\"https:\/\/www.markus-schall.de\/cs\/2025\/10\/wie-man-heute-schon-ki-spezialisten-ausbilden-kann-chancen-fuer-unternehmen-und-azubis\/\" rel=\"bookmark\">Wie man heute schon KI-Spezialisten ausbilden kann &#8211; Chancen f\u00fcr Unternehmen und Azubis<\/a><\/h3><\/div><\/div>\n\t\t\t\t\t\t<\/div><!-- .dpt-entry -->\n\t\t\t\t\t\t\t\t\t\t\t\t<div class=\"dpt-entry has-thumbnail\" data-title=\"von filemaker zur cloud: wie schallos business-software mit ki, runtime und updates verbindet\" data-id=\"6278\"  data-category=\"apple iphone &amp; ipad apple macos featured filemaker &amp; erp ki-systeme\" data-post_tag=\"datenbanken datenlogik datenschutz docker erp-software filemaker gfm-business k\u00fcnstliche intelligenz llm ollama prozesse sprachmodell\">\n\t\t\t\t\t\t\t<div class=\"dpt-entry-wrapper\"><div class=\" dpt-featured-content\"><div class=\" dpt-permalink\"><a href=\"https:\/\/www.markus-schall.de\/cs\/2026\/07\/von-filemaker-zur-cloud-wie-schallos-business-software-mit-ki-runtime-und-updates-verbindet\/\" class=\"dpt-permalink\"><span class=\"screen-reader-text\">Von FileMaker zur Cloud: Wie SchallOS Business-Software mit KI, Runtime und Updates verbindet<\/span><\/a><\/div><div class=\" dpt-thumbnail\"><div class=\"dpt-thumbnail-inner\"><img width=\"1260\" height=\"840\" class=\"attachment-full size-full\" alt=\"SchallOS - Intelligent Application Platform\" context=\"dpt\" data-dpt-src=\"https:\/\/www.markus-schall.de\/wp-content\/uploads\/SchallOS-Intelligent-Application-Platform.jpg\" data-dpt-sizes=\"(max-width: 1260px) 100vw, 1260px\" data-dpt-srcset=\"https:\/\/www.markus-schall.de\/wp-content\/uploads\/SchallOS-Intelligent-Application-Platform.jpg 1260w, https:\/\/www.markus-schall.de\/wp-content\/uploads\/SchallOS-Intelligent-Application-Platform-300x200.jpg 300w, https:\/\/www.markus-schall.de\/wp-content\/uploads\/SchallOS-Intelligent-Application-Platform-1024x683.jpg 1024w, https:\/\/www.markus-schall.de\/wp-content\/uploads\/SchallOS-Intelligent-Application-Platform-768x512.jpg 768w, https:\/\/www.markus-schall.de\/wp-content\/uploads\/SchallOS-Intelligent-Application-Platform-18x12.jpg 18w\" \/><\/div><span class=\"dpt-thumbnail-aspect-ratio\" style=\"padding-top: 75%\"><\/span><\/div><\/div><div class=\" sub-entry\"><h3 class=\" dpt-title\"><a class=\"dpt-title-link\" href=\"https:\/\/www.markus-schall.de\/cs\/2026\/07\/von-filemaker-zur-cloud-wie-schallos-business-software-mit-ki-runtime-und-updates-verbindet\/\" rel=\"bookmark\">Von FileMaker zur Cloud: Wie SchallOS Business-Software mit KI, Runtime und Updates verbindet<\/a><\/h3><\/div><\/div>\n\t\t\t\t\t\t<\/div><!-- .dpt-entry -->\n\t\t\t\t\t\t\t\t\t\t\t\t<div class=\"dpt-entry has-thumbnail\" data-title=\"mit klarheit durch die krise: wie ki neue perspektiven er\u00f6ffnet\" data-id=\"2436\"  data-category=\"b\u00fccher\" data-post_tag=\"buch krisen k\u00fcnstliche intelligenz lernen pers\u00f6nlichkeitsentwicklung ratgeber\">\n\t\t\t\t\t\t\t<div class=\"dpt-entry-wrapper\"><div class=\" dpt-featured-content\"><div class=\" dpt-permalink\"><a href=\"https:\/\/www.markus-schall.de\/cs\/2025\/08\/mit-klarheit-durch-die-krise-wie-ki-neue-perspektiven-eroeffnet\/\" class=\"dpt-permalink\"><span class=\"screen-reader-text\">Mit Klarheit durch die Krise: Wie KI neue Perspektiven er\u00f6ffnet<\/span><\/a><\/div><div class=\" dpt-thumbnail\"><div class=\"dpt-thumbnail-inner\"><img width=\"838\" height=\"1200\" class=\"attachment-full size-full\" alt=\"Buch &#039;Krisen als Wendepunkte - lernen, wachsen, gestalten&#039;\" context=\"dpt\" data-dpt-src=\"https:\/\/www.markus-schall.de\/wp-content\/uploads\/Krisen-Cover-Front-DEjpg.jpg\" data-dpt-sizes=\"(max-width: 838px) 100vw, 838px\" data-dpt-srcset=\"https:\/\/www.markus-schall.de\/wp-content\/uploads\/Krisen-Cover-Front-DEjpg.jpg 838w, https:\/\/www.markus-schall.de\/wp-content\/uploads\/Krisen-Cover-Front-DEjpg-210x300.jpg 210w, https:\/\/www.markus-schall.de\/wp-content\/uploads\/Krisen-Cover-Front-DEjpg-715x1024.jpg 715w, https:\/\/www.markus-schall.de\/wp-content\/uploads\/Krisen-Cover-Front-DEjpg-768x1100.jpg 768w, https:\/\/www.markus-schall.de\/wp-content\/uploads\/Krisen-Cover-Front-DEjpg-8x12.jpg 8w\" \/><\/div><span class=\"dpt-thumbnail-aspect-ratio\" style=\"padding-top: 75%\"><\/span><\/div><\/div><div class=\" sub-entry\"><h3 class=\" dpt-title\"><a class=\"dpt-title-link\" href=\"https:\/\/www.markus-schall.de\/cs\/2025\/08\/mit-klarheit-durch-die-krise-wie-ki-neue-perspektiven-eroeffnet\/\" rel=\"bookmark\">Mit Klarheit durch die Krise: Wie KI neue Perspektiven er\u00f6ffnet<\/a><\/h3><\/div><\/div>\n\t\t\t\t\t\t<\/div><!-- .dpt-entry -->\n\t\t\t\t\t\t\n\t\t\t\t<\/div>\n\t\t\t\t\t\t<\/div>\n\t\t\t\n<hr \/>\n<h2>Was Sichtbarkeit heute praktisch bedeutet<\/h2>\n<p>In der Praxis bedeutet Sichtbarkeit heute meist, dass ein Unternehmen in Suchmaschinen erscheint, dass Beitr\u00e4ge in sozialen Netzwerken ausgespielt werden oder dass Inhalte \u00fcber Plattformen verbreitet werden, die eine gro\u00dfe <a href=\"https:\/\/de.wikipedia.org\/wiki\/Medienreichweite\" target=\"_blank\" rel=\"noopener\">Medienreichweite<\/a> versprechen. All das funktioniert &#8211; oft sogar erstaunlich gut.<\/p>\n<p>Doch diese Sichtbarkeit folgt einer klaren Logik: Sie entsteht nicht aus Besitz, sondern aus Teilnahme. Wer mitspielt, wird gezeigt. Wer pausiert, verschwindet.<\/p>\n<p>Das ist kein Vorwurf an einzelne Plattformen, sondern eine strukturelle Eigenschaft. Sichtbarkeit ist heute fast immer zeitlich, bedingt und widerrufbar.<\/p>\n<h3>Der Unterschied zwischen Pr\u00e4senz und Eigentum<\/h3>\n<p>Viele Unternehmen setzen Pr\u00e4senz mit Besitz gleich. Wer sichtbar ist, f\u00fchlt sich etabliert. Wer Reichweite hat, glaubt, etwas aufgebaut zu haben. Doch hier lohnt ein genauer Blick.<\/p>\n<p>Eigentum bedeutet, dass etwas bleibt, auch wenn man einen Schritt zur\u00fccktritt. Eine eigene Immobilie steht auch dann noch, wenn man einen Monat nicht renoviert. Eine gemietete Fl\u00e4che hingegen ist immer an Bedingungen gekn\u00fcpft.<\/p>\n<p>Digitale Sichtbarkeit auf Plattformen verh\u00e4lt sich \u00e4hnlich. Sie ist an Regeln gebunden, an Algorithmen, an Gesch\u00e4ftsmodelle Dritter. Sie kann wachsen &#8211; und sie kann ebenso schnell schrumpfen, ohne dass das betroffene Unternehmen darauf Einfluss hat.<\/p>\n<h3>Warum dieses Modell so lange akzeptiert wurde<\/h3>\n<p>Dass sich dieses System etabliert hat, ist nachvollziehbar. Plattformen haben den Zugang zur \u00d6ffentlichkeit vereinfacht. Werbung wurde pr\u00e4ziser messbar. Inhalte lie\u00dfen sich schneller verbreiten als je zuvor. F\u00fcr viele Jahre war das ein Gewinn. Die Kosten waren \u00fcberschaubar, die Effekte deutlich sichtbar. Kaum jemand hatte Anlass, das Grundprinzip zu hinterfragen.<\/p>\n<p>Erst heute, mit steigenden Budgets, sinkender organischer Reichweite und wachsender Abh\u00e4ngigkeit, wird langsam sp\u00fcrbar, dass hier etwas fehlt: ein eigener, stabiler Kern.<\/p>\n<h3>Sichtbarkeit ohne Bestand<\/h3>\n<p>Ein Gedanke lohnt sich an dieser Stelle: Was bleibt eigentlich \u00fcbrig, wenn ein Unternehmen f\u00fcr einige Wochen oder Monate keine Anzeigen mehr schaltet, keine Beitr\u00e4ge ver\u00f6ffentlicht und keine Plattformen bespielt?<\/p>\n<p>In vielen F\u00e4llen lautet die ehrliche Antwort: nicht viel.<\/p>\n<p>Die Sichtbarkeit verschwindet, die Reichweite bricht ein, die Pr\u00e4senz l\u00f6st sich auf. Das liegt nicht an mangelnder Qualit\u00e4t, sondern an der Struktur des Systems.<\/p>\n<p>Sichtbarkeit wurde konsumiert &#8211; nicht aufgebaut.<\/p>\n<h3>Ein Blick zur\u00fcck, der erstaunlich aktuell wirkt<\/h3>\n<p>Fr\u00fcher hatten Unternehmen ganz selbstverst\u00e4ndlich eigene Medien. Kundenzeitschriften, Informationsbrosch\u00fcren, regelm\u00e4\u00dfige Publikationen. Nicht aus Imagegr\u00fcnden, sondern aus einem klaren Verst\u00e4ndnis heraus: Eigene Inhalte schaffen Vertrauen und Best\u00e4ndigkeit.<\/p>\n<p>Diese Denkweise ist nicht \u00fcberholt. Sie wurde lediglich von Plattformlogiken \u00fcberdeckt, die Schnelligkeit und Reichweite in den Vordergrund gestellt haben.<\/p>\n<p>Heute zeigt sich, dass Geschwindigkeit allein kein Fundament ersetzt.<\/p>\n<h3>Warum dieses Thema jetzt relevant wird<\/h3>\n<p>Viele Unternehmer sp\u00fcren inzwischen eine gewisse Erm\u00fcdung. Die Ma\u00dfnahmen werden mehr, die Wirkung weniger berechenbar. Formate \u00e4ndern sich, Regeln verschieben sich, Abh\u00e4ngigkeiten wachsen.<\/p>\n<p>Gleichzeitig entsteht der Wunsch nach etwas, das bleibt. Nach Klarheit. Nach einem Ort, an dem Inhalte nicht im Strom untergehen, sondern sich sammeln d\u00fcrfen. Genau hier setzt dieser Artikel an.<\/p>\n<p>Es geht nicht darum, Werbung oder Plattformen abzulehnen. Es geht darum, sie richtig einzuordnen. Als Werkzeuge &#8211; nicht als Fundament.<\/p>\n<p>In den folgenden Kapiteln schauen wir uns deshalb n\u00fcchtern an, wo Unternehmen heute Geld investieren, ohne dauerhaften Wert aufzubauen, warum Plattformabh\u00e4ngigkeit ein echtes unternehmerisches Risiko darstellt und wie ein eigenes Unternehmensmagazin diesen Zustand grundlegend ver\u00e4ndern kann.<\/p>\n<p>Nicht als Trend, und auch nicht als Marketingma\u00dfnahme, sondern als R\u00fcckkehr zu einem Prinzip, das schon immer funktioniert hat:<\/p>\n<p>Eigentum schafft Stabilit\u00e4t.<\/p>\n<p><img loading=\"lazy\" decoding=\"async\" class=\"alignnone wp-image-4484 size-large\" src=\"https:\/\/www.markus-schall.de\/wp-content\/uploads\/Eigenes-Magazin-Reichweite-gemietet.jpg\" alt=\"Gemietete Reichweite auf Plattformen\" width=\"1024\" height=\"683\" srcset=\"https:\/\/www.markus-schall.de\/wp-content\/uploads\/Eigenes-Magazin-Reichweite-gemietet.jpg 1024w, https:\/\/www.markus-schall.de\/wp-content\/uploads\/Eigenes-Magazin-Reichweite-gemietet-300x200.jpg 300w, https:\/\/www.markus-schall.de\/wp-content\/uploads\/Eigenes-Magazin-Reichweite-gemietet-768x512.jpg 768w, https:\/\/www.markus-schall.de\/wp-content\/uploads\/Eigenes-Magazin-Reichweite-gemietet-18x12.jpg 18w\" sizes=\"auto, (max-width: 1024px) 100vw, 1024px\" \/><\/p>\n<h2>Wo Unternehmen heute systematisch Geld verlieren<\/h2>\n<p>Wenn von \u201eGeld verbrennen\u201c die Rede ist, klingt das schnell nach Vorwurf. Genau darum geht es hier nicht. Die meisten Unternehmen handeln nachvollziehbar, oft sogar sehr diszipliniert. Budgets werden geplant, Ma\u00dfnahmen bewertet, Ergebnisse gemessen. Auf dem Papier wirkt vieles sinnvoll.<\/p>\n<p>Das Problem liegt nicht in einzelnen Entscheidungen, sondern im Grundmuster, das sich \u00fcber Jahre etabliert hat. Marketing wird heute fast ausschlie\u00dflich danach beurteilt, ob es kurzfristig sichtbar ist. Was sich nicht sofort messen oder zeigen l\u00e4sst, gilt als schwer vermittelbar &#8211; und wird deshalb seltener verfolgt.<\/p>\n<h3>Bezahlte Werbung: Wirkung ohne Erinnerung<\/h3>\n<p>Ein gro\u00dfer Teil der Marketingausgaben flie\u00dft in bezahlte Werbung. Suchmaschinenanzeigen, Display-Werbung, gesponserte Beitr\u00e4ge. Diese Ma\u00dfnahmen funktionieren. Sie erzeugen Reichweite, Klicks und in manchen F\u00e4llen auch Umsatz.<\/p>\n<p>Doch sie hinterlassen keine Spuren.<\/p>\n<p>Sobald ein Unternehmen aufh\u00f6rt zu zahlen, endet die Sichtbarkeit. Es bleibt kein Archiv, kein wachsender Bestand, kein inhaltlicher K\u00f6rper, der sich weiterentwickelt. Jeder neue Euro erzeugt Wirkung nur f\u00fcr den Moment. Danach ist er verbraucht.<\/p>\n<p>\u00dcber Jahre betrachtet entsteht so eine paradoxe Situation: Unternehmen investieren erhebliche Summen &#8211; und stehen trotzdem immer wieder am selben Ausgangspunkt.<\/p>\n<h3>Aktivit\u00e4t ersetzt kein Fundament<\/h3>\n<p>Parallel zur Werbung wird viel Energie in laufende Aktivit\u00e4t gesteckt. Inhalte werden produziert, Beitr\u00e4ge ver\u00f6ffentlicht, Kan\u00e4le gepflegt. Das vermittelt Dynamik und Pr\u00e4senz. Nach au\u00dfen wirkt es, als sei das Unternehmen st\u00e4ndig sichtbar. Doch diese Aktivit\u00e4t ist fl\u00fcchtig.<\/p>\n<p>In sozialen Netzwerken verschwindet ein Beitrag oft schon nach wenigen Tagen aus der Wahrnehmung. Inhalte werden nicht systematisch auffindbar, nicht miteinander verkn\u00fcpft, nicht langfristig erschlossen. Wissen l\u00f6st sich im Strom auf.<\/p>\n<p>Was bleibt, ist Aufwand &#8211; ohne Verdichtung.<\/p>\n<h3>Warum das so lange funktioniert hat<\/h3>\n<p>\u00dcber viele Jahre war dieses Modell ausreichend. Reichweite war g\u00fcnstig, Konkurrenz \u00fcberschaubar, Aufmerksamkeit leichter zu gewinnen. Unternehmen konnten mit \u00fcberschaubarem Einsatz sichtbar sein, ohne tiefer \u00fcber Nachhaltigkeit nachzudenken.<\/p>\n<p>Heute haben sich die Bedingungen ge\u00e4ndert. Die Budgets steigen, die Aufmerksamkeit sinkt, die Kan\u00e4le werden dichter. Gleichzeitig erwarten Plattformen immer mehr kontinuierliche Aktivit\u00e4t, um Sichtbarkeit aufrechtzuerhalten.<\/p>\n<p>Was fr\u00fcher als Verst\u00e4rker gedacht war, ist zum Dauerbetrieb geworden.<\/p>\n<p><img loading=\"lazy\" decoding=\"async\" class=\"alignnone wp-image-4418 size-large\" src=\"https:\/\/www.markus-schall.de\/wp-content\/uploads\/Reichweite-Eigenes-Magazin.jpg\" alt=\"Reichweite als Eigentum mit eigenem Magazin\" width=\"1024\" height=\"481\" srcset=\"https:\/\/www.markus-schall.de\/wp-content\/uploads\/Reichweite-Eigenes-Magazin.jpg 1024w, https:\/\/www.markus-schall.de\/wp-content\/uploads\/Reichweite-Eigenes-Magazin-300x141.jpg 300w, https:\/\/www.markus-schall.de\/wp-content\/uploads\/Reichweite-Eigenes-Magazin-768x361.jpg 768w, https:\/\/www.markus-schall.de\/wp-content\/uploads\/Reichweite-Eigenes-Magazin-18x8.jpg 18w\" sizes=\"auto, (max-width: 1024px) 100vw, 1024px\" \/><\/p>\n<h3>Marketing als Verbrauch statt als Aufbau<\/h3>\n<p>In kaum einem anderen Unternehmensbereich wird so wenig \u00fcber Bestand gesprochen wie im Marketing. Maschinen werden angeschafft, Software wird implementiert, Prozesse werden dokumentiert. Marketing hingegen wird h\u00e4ufig wie ein laufender Kostenpunkt behandelt.<\/p>\n<ul>\n<li>Geld hinein, Wirkung hinaus.<\/li>\n<li>Und am n\u00e4chsten Monat beginnt alles von vorn.<\/li>\n<\/ul>\n<p>Diese Logik ist nicht falsch &#8211; aber sie ist unvollst\u00e4ndig. Sie blendet aus, dass Kommunikation ebenfalls Infrastruktur sein kann. Dass Inhalte wachsen, reifen und an Wert gewinnen k\u00f6nnen, wenn man ihnen einen festen Ort gibt.<\/p>\n<h3>Fragmentierung statt Richtung<\/h3>\n<p>Ein weiterer Effekt dieser Entwicklung ist die Zersplitterung. Unternehmen bedienen viele Kan\u00e4le gleichzeitig, oft ohne klaren Mittelpunkt. Ein bisschen hier, ein bisschen dort. Jede Ma\u00dfnahme f\u00fcr sich ist begr\u00fcndbar, doch gemeinsam ergeben sie kein geschlossenes Bild.<\/p>\n<p>Es fehlt ein Zentrum, von dem aus alles andere sinnvoll erg\u00e4nzt wird. Stattdessen entsteht das Gef\u00fchl permanenter Bewegung ohne echte Richtung. Marketing wird zum Reagieren, nicht zum Gestalten.<\/p>\n<p>Kurzfristige Kennzahlen vermitteln Kontrolle. Klickzahlen, Reichweiten, Interaktionen lassen sich schnell darstellen. Sie geben das Gef\u00fchl, etwas im Griff zu haben.<\/p>\n<p>Was sie nicht zeigen, ist der langfristige Effekt. Sie sagen nichts dar\u00fcber aus, ob ein Unternehmen in f\u00fcnf Jahren noch auffindbar ist, ob Inhalte weiterhin wirken oder ob Wissen verloren gegangen ist. Das, was langfristig z\u00e4hlt, l\u00e4sst sich oft schlechter messen &#8211; und wird deshalb verdr\u00e4ngt.<\/p>\n<h3>Wenn Effizienz zum Bumerang wird<\/h3>\n<p>Viele der heutigen Ma\u00dfnahmen sind effizient im engeren Sinne. Sie erzeugen mit wenig Aufwand sichtbare Ergebnisse. Doch diese Effizienz hat einen Preis: Sie verhindert Aufbau.<\/p>\n<p>Was kurzfristig effizient erscheint, kann langfristig teuer werden, weil es keine Substanz schafft. Unternehmen bleiben abh\u00e4ngig von stetigem Einsatz &#8211; und verlieren die M\u00f6glichkeit, sich schrittweise freier zu machen.<\/p>\n<p>Nach all dem dr\u00e4ngt sich eine einfache, aber unbequeme Frage auf: Was besitzt Ihr Unternehmen heute an medialer Substanz, die auch dann noch existiert, wenn Budgets gek\u00fcrzt, Kampagnen beendet oder Plattformen ver\u00e4ndert werden?<\/p>\n<p>Wenn die Antwort vage bleibt, liegt das nicht an mangelnder Kompetenz. Es ist die logische Folge eines Systems, das Sichtbarkeit belohnt &#8211; aber Eigentum nicht vorsieht.<\/p>\n<p>Im n\u00e4chsten Kapitel geht es deshalb um die Kehrseite dieses Modells: die Risiken, die entstehen, wenn Unternehmen sich dauerhaft auf fremde Plattformen verlassen &#8211; und warum diese Abh\u00e4ngigkeit weit mehr ist als ein Marketingproblem.<\/p>\n<hr \/>\n<h3>Aktuelle Umfrage zur Digitalisierung im Alltag<\/h3>\n<div class='bootstrap-yop yop-poll-mc'>\n\t\t\t\t\t\t\t<div class=\"basic-yop-poll-container\" style=\"background-color:#ffffff; border:0px; border-style:solid; border-color:#000000; border-radius:5px; padding:0px 5px;\" data-id=\"2\" data-temp=\"basic-pretty\" data-skin=\"square\" data-cscheme=\"blue\" data-cap=\"0\" data-access=\"guest\" data-tid=\"\" data-uid=\"6b1980b2462308db155a56b22cf20112\" data-pid=\"2436\" data-resdet=\"votes-number,percentages\" data-show-results-to=\"guest\" data-show-results-moment=\"after-vote\" data-show-results-only=\"false\" data-show-message=\"true\" data-show-results-as=\"bar\" data-sort-results-by=\"as-defined\" data-sort-results-rule=\"asc\"data-is-ended=\"0\" data-percentages-decimals=\"2\" data-gdpr=\"no\" data-gdpr-sol=\"consent\" data-css=\"\" data-counter=\"0\" data-load-with=\"1\" data-notification-section=\"top\"><div class=\"row\"><div class=\"col-md-12\"><div class=\"basic-inner\"><div class=\"basic-message hide\" style=\"border-left: 10px solid #008000; padding: 0px 10px;\" data-error=\"#ff0000\" data-success=\"#008000\"><p class=\"basic-message-text\" style=\"color:#000000; font-size:14px; font-weight:normal;\"><\/p><\/div><div class=\"basic-overlay hide\"><div class=\"basic-vote-options\"><\/div><div class=\"basic-preloader\"><div class=\"basic-windows8\"><div class=\"basic-wBall basic-wBall_1\"><div class=\"basic-wInnerBall\"><\/div><\/div><div class=\"basic-wBall basic-wBall_2\"><div class=\"basic-wInnerBall\"><\/div><\/div><div class=\"basic-wBall basic-wBall_3\"><div class=\"basic-wInnerBall\"><\/div><\/div><div class=\"basic-wBall basic-wBall_4\"><div class=\"basic-wInnerBall\"><\/div><\/div><div class=\"basic-wBall basic-wBall_5\"><div class=\"basic-wInnerBall\"><\/div><\/div><\/div><\/div><\/div><form class=\"basic-form\"><input type=\"hidden\" name=\"_token\" value=\"cc66d90d08\" autocomplete=\"off\"><div class=\"basic-elements\"><div class=\"basic-element basic-question basic-question-text-vertical\" data-id=\"2\" data-uid=\"585f4f20287be2c76c3a93c28ca321e5\" data-type=\"question\" data-question-type=\"text\" data-required=\"yes\" data-allow-multiple=\"no\" data-min=\"1\" data-max=\"1\" data-display=\"vertical\" data-colnum=\"\" data-display-others=\"no\" data-others-color=\"\" data-others=\"\" data-others-max-chars=\"0\"><div class=\"basic-question-title\"><h5 style=\"color:#000000; font-size:16px; font-weight:normal; text-align:left;\">Wie bewertest Du den Einfluss der Digitalisierung auf Deinen Alltag?<\/h5><\/div><ul class=\"basic-answers\"><li class=\"basic-answer\" style=\"padding:0px 0px;\" data-id=\"5\" data-type=\"text\" data-vn=\"17\" data-color=\"#000000\" data-make-link=\"no\" data-link=\"\"><div class=\"basic-answer-content basic-text-vertical\"><label for=\"answer[5]\" class=\"basic-answer-label\"><input type=\"radio\" id=\"answer[5]\" name=\"answer[2]\" value=\"5\"><span class=\"basic-text\" style=\"color: #000000; font-size: 14px; font-weight: normal;\">Sehr positiv \u2013 Ich profitiere t\u00e4glich davon<\/span><\/label><\/div><\/li><li class=\"basic-answer\" style=\"padding:0px 0px;\" data-id=\"6\" data-type=\"text\" data-vn=\"14\" data-color=\"#000000\" data-make-link=\"no\" data-link=\"\"><div class=\"basic-answer-content basic-text-vertical\"><label for=\"answer[6]\" class=\"basic-answer-label\"><input type=\"radio\" id=\"answer[6]\" name=\"answer[2]\" value=\"6\"><span class=\"basic-text\" style=\"color: #000000; font-size: 14px; font-weight: normal;\">Eher positiv \u2013 Einige Dinge sind einfacher geworden<\/span><\/label><\/div><\/li><li class=\"basic-answer\" style=\"padding:0px 0px;\" data-id=\"7\" data-type=\"text\" data-vn=\"36\" data-color=\"#000000\" data-make-link=\"no\" data-link=\"\"><div class=\"basic-answer-content basic-text-vertical\"><label for=\"answer[7]\" class=\"basic-answer-label\"><input type=\"radio\" id=\"answer[7]\" name=\"answer[2]\" value=\"7\"><span class=\"basic-text\" style=\"color: #000000; font-size: 14px; font-weight: normal;\">Gemischt \u2013 Es bringt Vorteile, aber auch Kontrollverlust<\/span><\/label><\/div><\/li><li class=\"basic-answer\" style=\"padding:0px 0px;\" data-id=\"8\" data-type=\"text\" data-vn=\"6\" data-color=\"#000000\" data-make-link=\"no\" data-link=\"\"><div class=\"basic-answer-content basic-text-vertical\"><label for=\"answer[8]\" class=\"basic-answer-label\"><input type=\"radio\" id=\"answer[8]\" name=\"answer[2]\" value=\"8\"><span class=\"basic-text\" style=\"color: #000000; font-size: 14px; font-weight: normal;\">Eher negativ \u2013 Ich f\u00fchle mich oft \u00fcberfordert oder beobachtet<\/span><\/label><\/div><\/li><li class=\"basic-answer\" style=\"padding:0px 0px;\" data-id=\"9\" data-type=\"text\" data-vn=\"10\" data-color=\"#000000\" data-make-link=\"no\" data-link=\"\"><div class=\"basic-answer-content basic-text-vertical\"><label for=\"answer[9]\" class=\"basic-answer-label\"><input type=\"radio\" id=\"answer[9]\" name=\"answer[2]\" value=\"9\"><span class=\"basic-text\" style=\"color: #000000; font-size: 14px; font-weight: normal;\">Sehr negativ \u2013 Ich lehne digitale Systeme weitgehend ab<\/span><\/label><\/div><\/li><\/ul><\/div><div class=\"clearfix\"><\/div><\/div><div class=\"basic-vote\"><a href=\"#\" class=\"button basic-vote-button\" role=\"button\" style=\"background:#027bb8; border:0px; border-style: solid; border-color:#000000; border-radius:5px; padding:10px 10px; color:#ffffff; font-size:14px; font-weight:normal;\">Abstimmen<\/a><\/div><\/form><\/div><\/div><\/div><\/div>\n\t\t\t\t\t\t<\/div>\n<hr \/>\n<h2>Plattformabh\u00e4ngigkeit als unternehmerisches Risiko<\/h2>\n<p>Plattformabh\u00e4ngigkeit f\u00fchlt sich selten wie ein Risiko an. Sie entsteht nicht durch eine einzelne Entscheidung, sondern durch viele kleine, scheinbar vern\u00fcnftige Schritte. Ein zus\u00e4tzlicher Kanal hier, ein neues Format dort, ein weiteres Budget, um sichtbar zu bleiben. Jede Ma\u00dfnahme f\u00fcr sich wirkt nachvollziehbar, fast alternativlos.<\/p>\n<p>Gerade deshalb wird diese Abh\u00e4ngigkeit lange nicht als solche wahrgenommen. Solange Reichweite vorhanden ist und die Zahlen stimmen, scheint alles stabil. Erst wenn sich etwas \u00e4ndert, wird sichtbar, wie wenig Kontrolle tats\u00e4chlich vorhanden ist.<\/p>\n<h3>Wenn Regeln von au\u00dfen gemacht werden<\/h3>\n<p>Digitale Plattformen sind keine neutralen Infrastrukturen. Sie sind wirtschaftliche Systeme mit eigenen Interessen, eigenen Priorit\u00e4ten und eigenen Zielen. Diese Ziele k\u00f6nnen sich \u00e4ndern &#8211; und sie tun es regelm\u00e4\u00dfig.<\/p>\n<p>Was gestern noch Reichweite brachte, kann morgen an Bedeutung verlieren. Formate werden bevorzugt oder zur\u00fcckgestuft, Sichtbarkeit wird neu gewichtet, organische Reichweite eingeschr\u00e4nkt. Diese Ver\u00e4nderungen betreffen nicht einzelne Unternehmen, sondern ganze M\u00e4rkte &#8211; und entziehen sich jeder individuellen Einflussnahme. Unternehmen passen sich an, weil sie m\u00fcssen. Nicht, weil sie wollen.<\/p>\n<p>Ein zentrales unternehmerisches Prinzip lautet: Wer von einem Faktor abh\u00e4ngig ist, den er nicht kontrolliert, tr\u00e4gt ein Risiko. Genau das trifft auf Plattformreichweite zu. Es gibt keine Garantie auf Sichtbarkeit. Keine vertraglich gesicherte Mindestreichweite. Keine Planungssicherheit \u00fcber Monate oder Jahre hinweg. Selbst jahrelang aufgebaute Pr\u00e4senzen k\u00f6nnen innerhalb kurzer Zeit an Wirkung verlieren.<\/p>\n<p>Das macht Plattformreichweite zu einem instabilen Fundament &#8211; besonders dann, wenn sie der einzige oder wichtigste Kommunikationskanal ist.<\/p>\n<h3>Die tr\u00fcgerische N\u00e4he zur Zielgruppe<\/h3>\n<p>Plattformen vermitteln das Gef\u00fchl direkter N\u00e4he. Kommentare, Likes und Nachrichten erzeugen Interaktion. Doch diese N\u00e4he ist vermittelt. Sie findet innerhalb eines Systems statt, das jederzeit Regeln \u00e4ndern kann.<\/p>\n<p>Der Kontakt zur Zielgruppe ist nicht direkt, sondern gefiltert. Inhalte erreichen Menschen nicht, weil sie relevant sind, sondern weil sie in ein bestimmtes Raster passen. Dieses Raster ist nicht transparent und nicht verhandelbar.<\/p>\n<p>Was wie Beziehung wirkt, ist in Wahrheit Zugang auf Zeit.<\/p>\n<h3>Wenn der Kanal selbst zum Engpass wird<\/h3>\n<p>Viele Unternehmen erleben irgendwann, dass ihre Inhalte weniger Wirkung entfalten. Reichweiten stagnieren, Interaktionen gehen zur\u00fcck, selbst gut gemachte Beitr\u00e4ge verschwinden im Hintergrund. Die Reaktion darauf ist meist hektisch.<\/p>\n<p>Neue Formate werden ausprobiert, neue Plattformen erschlossen, Strategien angepasst. Was dabei verloren geht, ist Ruhe und Kontinuit\u00e4t. Kommunikation wird reaktiv statt vorausschauend.<\/p>\n<p>Das Unternehmen folgt den Plattformen &#8211; statt eine eigene Richtung vorzugeben.<\/p>\n<h3>Aufmerksamkeit als Fremdkapital<\/h3>\n<p>In klassischen Gesch\u00e4ftsmodellen gilt Fremdkapital als sinnvoll, solange es gezielt eingesetzt wird. Gef\u00e4hrlich wird es, wenn das gesamte System davon abh\u00e4ngt. Bei Plattformen ist Aufmerksamkeit dieses Fremdkapital.<\/p>\n<p>Wenn Kundenkontakte, Markenwahrnehmung und Informationsvermittlung fast ausschlie\u00dflich \u00fcber fremde Systeme laufen, besitzt das Unternehmen keinen eigenen Kommunikationsraum. Es hat keinen Ort, an dem es unabh\u00e4ngig sprechen kann. Das ist kein theoretisches Risiko, sondern ein praktisches. Es zeigt sich immer dann, wenn Rahmenbedingungen sich \u00e4ndern.<\/p>\n<p>Ein weiterer Aspekt wird selten offen angesprochen: Unsicherheit. Plattformen arbeiten mit automatisierten Pr\u00fcfungen, Richtlinien und Filtern. Fehler, Missverst\u00e4ndnisse oder pauschale Bewertungen lassen sich kaum kl\u00e4ren. Im Zweifel steht ein Unternehmen nicht vor einem Ansprechpartner, sondern vor einem Formular. Entscheidungen sind oft nicht nachvollziehbar, Korrekturen langwierig oder unm\u00f6glich.<\/p>\n<p>Diese Unsicherheit l\u00e4sst sich nicht absichern. Man kann sie nur vermeiden &#8211; indem man sich unabh\u00e4ngiger macht.<\/p>\n<h3>Wachstum ohne Fundament bleibt fragil<\/h3>\n<p>Plattformen eignen sich hervorragend, um Reichweite schnell zu erh\u00f6hen. Sie sind Verst\u00e4rker. Doch Verst\u00e4rker ersetzen kein Fundament. Wenn das Wachstum ausschlie\u00dflich auf ihnen beruht, bleibt es anf\u00e4llig.<\/p>\n<p>Sobald der Verst\u00e4rker schw\u00e4cher wird, f\u00e4llt alles in sich zusammen. Sichtbarkeit, Wahrnehmung, Kontakt. Was fehlt, ist etwas, das tr\u00e4gt, auch wenn es leiser wird.<\/p>\n<p>All das bedeutet nicht, dass Plattformen grunds\u00e4tzlich problematisch sind. Sie erf\u00fcllen eine wichtige Funktion. Sie k\u00f6nnen Aufmerksamkeit lenken, Inhalte verbreiten, neue Kontakte erm\u00f6glichen.<\/p>\n<p>Problematisch wird es erst dann, wenn sie zur Basis werden. Wenn Unternehmen beginnen, ihre gesamte Kommunikation an fremde Regeln zu binden und dabei auf eigenes Eigentum verzichten.<\/p>\n<h3>Plattformen sollten Zubringer sein, nicht Wohnraum.<\/h3>\n<p>Wenn Reichweite schwankt, Regeln sich \u00e4ndern und Sichtbarkeit fremdbestimmt ist, entsteht zwangsl\u00e4ufig der Wunsch nach etwas Eigenem. Nach einem Ort, der nicht abh\u00e4ngig ist von Trends, Algorithmen oder Gesch\u00e4ftsentscheidungen Dritter.<\/p>\n<p>Genau hier beginnt der Gedanke des digitalen Eigentums. Nicht als Marketingidee, sondern als unternehmerische Notwendigkeit. Im n\u00e4chsten Kapitel geht es deshalb um die Frage, was ein Unternehmensmagazin in diesem Zusammenhang wirklich ist &#8211; nicht als weiterer Kanal, sondern als Infrastruktur, die Kontrolle und Ruhe zur\u00fcck ins System bringt.<\/p>\n<p><img loading=\"lazy\" decoding=\"async\" class=\"alignnone wp-image-4485 size-large\" src=\"https:\/\/www.markus-schall.de\/wp-content\/uploads\/Eigenes-Magazin-Plattformabhaengigkeit.jpg\" alt=\"Plattformabh\u00e4ngigkeit als unternehmerisches Risiko\" width=\"1024\" height=\"683\" srcset=\"https:\/\/www.markus-schall.de\/wp-content\/uploads\/Eigenes-Magazin-Plattformabhaengigkeit.jpg 1024w, https:\/\/www.markus-schall.de\/wp-content\/uploads\/Eigenes-Magazin-Plattformabhaengigkeit-300x200.jpg 300w, https:\/\/www.markus-schall.de\/wp-content\/uploads\/Eigenes-Magazin-Plattformabhaengigkeit-768x512.jpg 768w, https:\/\/www.markus-schall.de\/wp-content\/uploads\/Eigenes-Magazin-Plattformabhaengigkeit-18x12.jpg 18w\" sizes=\"auto, (max-width: 1024px) 100vw, 1024px\" \/><\/p>\n<h2>Das Unternehmensmagazin als digitales Eigentum<\/h2>\n<p>Bis hierhin ging es vor allem um das, was fehlt: Stabilit\u00e4t, Kontrolle, Bestand. An diesem Punkt lohnt ein bewusster Perspektivwechsel. Ein Unternehmensmagazin ist kein zus\u00e4tzlicher Marketingkanal, den man \u201eauch noch\u201c bedienen muss.<\/p>\n<p>Richtig verstanden ist es etwas v\u00f6llig anderes. Ein Unternehmensmagazin ist Infrastruktur.<\/p>\n<p>So wie ein Unternehmen Produktionsmittel, IT-Systeme oder organisatorische Strukturen aufbaut, schafft ein Magazin einen eigenen medialen Raum. Einen Ort, an dem Inhalte nicht nur erscheinen, sondern bleiben. Einen Ort, der nicht auf kurzfristige Aufmerksamkeit angewiesen ist, sondern auf langfristige Wirkung ausgelegt ist.<\/p>\n<h3>Eigentum beginnt mit Kontrolle<\/h3>\n<p>Der entscheidende Unterschied zwischen gemieteter Sichtbarkeit und digitalem Eigentum liegt nicht im Design, nicht im Textstil und nicht in der Reichweite. Er liegt in der Kontrolle. Ein Magazin ist nur dann echtes Eigentum, wenn das Unternehmen selbst bestimmt:<\/p>\n<ul>\n<li>wo es l\u00e4uft<\/li>\n<li>wie es strukturiert ist<\/li>\n<li>was mit den Inhalten geschieht<\/li>\n<\/ul>\n<p>Das bedeutet ganz konkret: Das Magazin muss auf eigener Infrastruktur betrieben werden. Auf einem eigenen Server oder zumindest in einer Umgebung, die vollst\u00e4ndig unter eigener Kontrolle steht.<\/p>\n<p>Alles andere bleibt eine Form der Miete.<\/p>\n<h3>Warum der eigene Server mehr ist als ein technisches Detail<\/h3>\n<p>Der eigene Server wirkt auf den ersten Blick wie eine technische Frage. In Wahrheit ist er eine unternehmerische Entscheidung. Wer Inhalte auf eigener Infrastruktur betreibt, entscheidet selbst \u00fcber Verf\u00fcgbarkeit, Archivierung und Weiterentwicklung.<\/p>\n<p>Niemand kann Inhalte herabstufen, einschr\u00e4nken oder entfernen, weil sich Gesch\u00e4ftsmodelle \u00e4ndern oder Regeln angepasst werden. Niemand entscheidet \u00fcber Sichtbarkeit, au\u00dfer das Unternehmen selbst.<\/p>\n<p>Diese Form der Kontrolle schafft Ruhe. Und Ruhe ist eine untersch\u00e4tzte Ressource in der heutigen Kommunikation.<\/p>\n<h3>Systeme gibt es genug &#8211; entscheidend ist ihre Nutzung<\/h3>\n<p>Heute mangelt es nicht an geeigneten Content-Management-Systemen. Es gibt ausgereifte, stabile Werkzeuge, mit denen sich Magazine langfristig betreiben lassen. Entscheidend ist nicht, welches System genutzt wird, sondern wie es genutzt wird.<\/p>\n<p>Ein System, das auf dem eigenen Server l\u00e4uft, offen ist und den Export der Inhalte erm\u00f6glicht, schafft Unabh\u00e4ngigkeit. Eine L\u00f6sung, die bequem ist, aber Inhalte in einer fremden Cloud einschlie\u00dft, schafft neue Abh\u00e4ngigkeiten.<\/p>\n<p>Bequemlichkeit zahlt sich kurzfristig aus. Eigentum zahlt sich langfristig aus.<\/p>\n<p>Ein Unternehmensmagazin ist kein Ort, an dem man um Aufmerksamkeit konkurriert. Es ist ein Ort, an dem Inhalte einen Zusammenhang haben d\u00fcrfen. Artikel stehen nicht isoliert nebeneinander, sondern bauen aufeinander auf. Gedanken k\u00f6nnen vertieft, erg\u00e4nzt und aktualisiert werden.<\/p>\n<h3>Das Magazin wird zur Heimat der eigenen Inhalte<\/h3>\n<p>W\u00e4hrend Plattformen auf Geschwindigkeit und Reaktion setzen, erlaubt das Magazin Einordnung und Tiefe. Es zwingt nicht zur permanenten Aktivit\u00e4t, sondern belohnt Klarheit und Kontinuit\u00e4t.<\/p>\n<p>Es gibt heute eine gro\u00dfe Auswahl ausgereifter Content-Management-Systeme, die genau f\u00fcr diesen Zweck geeignet sind.<\/p>\n<p>An erster Stelle steht f\u00fcr viele Unternehmen <a href=\"https:\/\/de.wordpress.org\/\" target=\"_blank\" rel=\"noopener\"><strong>WordPress<\/strong><\/a> &#8211; nicht aus Zufall, sondern weil:<\/p>\n<ul>\n<li>es offen<\/li>\n<li>weit verbreitet<\/li>\n<li>langfristig gepflegt<\/li>\n<li>und flexibel erweiterbar ist<\/li>\n<\/ul>\n<p>Wichtig ist dabei die Unterscheidung:<\/p>\n<ul>\n<li>WordPress auf dem eigenen Server<\/li>\n<li>nicht eine gehostete Plattforml\u00f6sung<\/li>\n<\/ul>\n<p>Daneben existieren weitere Systeme wie:<\/p>\n<ul>\n<li><a href=\"https:\/\/new.drupal.org\/\" target=\"_blank\" rel=\"noopener\"><strong>Drupal<\/strong><\/a><\/li>\n<li><a href=\"https:\/\/www.joomla.de\" target=\"_blank\" rel=\"noopener\"><strong>Joomla<\/strong><\/a><\/li>\n<\/ul>\n<p>Auch diese Systeme erm\u00f6glichen vollst\u00e4ndige Kontrolle, sofern sie selbst betrieben werden.<\/p>\n<h3>WordPress selbst installieren &#8211; Schritt f\u00fcr Schritt erkl\u00e4rt<\/h3>\n<p>WordPress zu installieren ist heute deutlich einfacher, als viele denken. In diesem Video wird Schritt f\u00fcr Schritt gezeigt, wie man WordPress selbst einrichtet &#8211; ruhig, nachvollziehbar und ohne technisches Vorwissen vorauszusetzen. Die Installation erfolgt im Beispiel bei ALL-INKL, das Vorgehen l\u00e4sst sich aber problemlos auf andere Hoster wie Strato oder 1&amp;1 \u00fcbertragen.<\/p>\n<div class=\"lyte-wrapper\" style=\"width:640px;max-width:100%;margin:5px;\"><div class=\"lyMe\" id=\"WYL_X0Tn5uJlAck\"><div id=\"lyte_X0Tn5uJlAck\" data-src=\"https:\/\/www.markus-schall.de\/wp-content\/plugins\/wp-youtube-lyte\/lyteCache.php?origThumbUrl=%2F%2Fi.ytimg.com%2Fvi%2FX0Tn5uJlAck%2Fhqdefault.jpg\" class=\"pL\"><div class=\"tC\"><div class=\"tT\"><\/div><\/div><div class=\"play\"><\/div><div class=\"ctrl\"><div class=\"Lctrl\"><\/div><div class=\"Rctrl\"><\/div><\/div><\/div><noscript><a href=\"https:\/\/youtu.be\/X0Tn5uJlAck\" rel=\"nofollow noopener\" target=\"_blank\"><img loading=\"lazy\" decoding=\"async\" src=\"https:\/\/www.markus-schall.de\/wp-content\/plugins\/wp-youtube-lyte\/lyteCache.php?origThumbUrl=https%3A%2F%2Fi.ytimg.com%2Fvi%2FX0Tn5uJlAck%2F0.jpg\" alt=\"YouTube video thumbnail\" width=\"640\" height=\"340\" \/><br \/>Watch this video on YouTube<\/a><\/noscript><\/div><\/div><div class=\"lL\" style=\"max-width:100%;width:640px;margin:5px;\"><\/div><br \/>\n\u25b6\ufe0e WordPress installieren 2025 [in nur 6 Minuten] | <a href=\"https:\/\/www.youtube.com\/@kopfundstiftblog4604\" target=\"_blank\" rel=\"nofollow noopener\">KopfundStift Blog<\/a><\/p>\n<p>Im Video bekommt man ein Gef\u00fchl daf\u00fcr, was wirklich wichtig ist, wo typische Stolperfallen liegen und warum es sinnvoll ist, WordPress auf der eigenen Hosting-Umgebung zu betreiben. Ideal, wenn man die Kontrolle behalten und seine Website von Anfang an sauber aufsetzen m\u00f6chte.<\/p>\n<h3>Inhalte d\u00fcrfen altern &#8211; und gewinnen dabei<\/h3>\n<p>Ein weiterer Unterschied zeigt sich mit der Zeit. Inhalte in sozialen Netzwerken altern schlecht. Sie verlieren schnell an Sichtbarkeit und verschwinden im Strom. Inhalte in einem Magazin altern anders.<\/p>\n<p>Sie werden gefunden, zitiert, verlinkt. Sie lassen sich aktualisieren, erweitern, in neue Zusammenh\u00e4nge stellen. Ein guter Artikel wird mit der Zeit wertvoller, nicht wertloser.<\/p>\n<p>Das Magazin wird so zu einem wachsenden Bestand, nicht zu einer Abfolge von Momenten.<\/p>\n<p>Ein eigenes Magazin ver\u00e4ndert auch die Art, wie Inhalte entstehen. Statt st\u00e4ndig reagieren zu m\u00fcssen, kann ein Unternehmen Themen planen. Schwerpunkte setzen. Zusammenh\u00e4nge aufbauen. Die Kommunikation wird langsamer &#8211; aber klarer. Weniger laut, aber nachhaltiger. Statt Dauerfeuer entsteht Struktur.<\/p>\n<p>F\u00fcr Leser bedeutet das Orientierung. F\u00fcr Unternehmen bedeutet es Souver\u00e4nit\u00e4t.<\/p>\n<h3>Suchmaschinen als Verst\u00e4rker, nicht als Risiko<\/h3>\n<p>Oft wird bef\u00fcrchtet, ein eigenes Magazin mache abh\u00e4ngig von Suchmaschinen. Tats\u00e4chlich ist das Gegenteil der Fall.<\/p>\n<p>Suchmaschinen funktionieren am besten dort, wo Inhalte dauerhaft verf\u00fcgbar, sauber strukturiert und thematisch klar sind.<br \/>\nEin Magazin auf eigener Infrastruktur liefert genau diese Voraussetzungen. Suchmaschinen werden damit nicht zum Gatekeeper, sondern zum Verst\u00e4rker dessen, was ohnehin vorhanden ist.<\/p>\n<p>Sichtbarkeit entsteht nicht durch Tricks, sondern durch Bestand.<\/p>\n<h3>Das Magazin als ruhiges Zentrum<\/h3>\n<p>In einer Zeit permanenter Reiz\u00fcberflutung wirkt ein Unternehmensmagazin fast altmodisch. Und genau darin liegt seine St\u00e4rke. Es ist kein Ort f\u00fcr Eile, sondern f\u00fcr Einordnung. Kein Ort f\u00fcr Trends, sondern f\u00fcr Haltung.<\/p>\n<p>F\u00fcr Unternehmen bedeutet das: weniger Druck, mehr Klarheit. Kommunikation wird wieder gestaltbar, statt getrieben.<br \/>\nDas Magazin wird zum ruhigen Zentrum, um das sich alles andere sinnvoll anordnen l\u00e4sst.<\/p>\n<p>Bis hierher zeigt sich: Ein Unternehmensmagazin schafft digitales Eigentum, weil es auf Kontrolle, Struktur und Bestand beruht. Was lange dagegen sprach, war der Aufwand. Zeit, Kosten, Personal.<\/p>\n<p>Genau an diesem Punkt setzt eine Entwicklung an, die alles ver\u00e4ndert hat. Im n\u00e4chsten Kapitel geht es deshalb um die Rolle k\u00fcnstlicher Intelligenz &#8211; nicht als Modeerscheinung, sondern als Wendepunkt, der den Aufbau eigener Inhalte erstmals realistisch und wirtschaftlich macht.<\/p>\n<h2>Warum KI den entscheidenden Wendepunkt markiert<\/h2>\n<p>\u00dcber viele Jahre gab es einen ganz praktischen Grund, warum Unternehmen trotz aller Einsicht kein eigenes Magazin aufgebaut haben: Es war schlicht zu aufwendig. Gute Inhalte entstanden nicht nebenbei. Sie erforderten Zeit, Erfahrung, Abstimmung und oft auch externe Unterst\u00fctzung.<\/p>\n<p>Ein fundierter Artikel bedeutete fr\u00fcher mehrere Arbeitstage. Themen mussten vorbereitet, Texte geschrieben, Korrekturen abgestimmt werden. F\u00fcr gro\u00dfe Unternehmen war das darstellbar, f\u00fcr kleinere oft nicht. Der Wunsch nach eigenen Inhalten war da, die Realit\u00e4t sah anders aus.<\/p>\n<p>Dieser Engpass hat sich in den letzten Jahren grundlegend verschoben.<\/p>\n<h3>KI ver\u00e4ndert nicht den Anspruch, sondern die Machbarkeit<\/h3>\n<p>K\u00fcnstliche Intelligenz wird h\u00e4ufig missverstanden. Nicht als Werkzeug, sondern als Ersatz. Genau das ist sie nicht. KI ersetzt keine unternehmerische Haltung, kein Fachwissen und keine Verantwortung. Sie ersetzt aber etwas anderes, das lange Zeit den Aufbau eigener Inhalte blockiert hat: Reibung.<\/p>\n<p>Viele Schritte, die fr\u00fcher Zeit und Konzentration gebunden haben, lassen sich heute strukturieren, vorbereiten und beschleunigen. Gedanken k\u00f6nnen geordnet, Rohfassungen erstellt, Zusammenh\u00e4nge sauber ausgearbeitet werden. Nicht automatisch gut &#8211; aber gut vorbereitbar.<\/p>\n<p>Damit ver\u00e4ndert sich die Machbarkeit grundlegend.<\/p>\n<h3>Vom Ausnahmeprojekt zur planbaren Aufgabe<\/h3>\n<p>Was fr\u00fcher ein Sonderprojekt war, wird heute zu einer planbaren Aufgabe. Inhalte entstehen nicht mehr nur dann, wenn gerade Kapazit\u00e4t frei ist, sondern als Teil eines Prozesses. Themen k\u00f6nnen vorbereitet, in Etappen ausgearbeitet und \u00fcber l\u00e4ngere Zeitr\u00e4ume hinweg entwickelt werden.<\/p>\n<p>Das ist ein entscheidender Unterschied. Ein Unternehmensmagazin lebt nicht von einzelnen Glanzst\u00fccken, sondern von Kontinuit\u00e4t. KI macht genau diese Kontinuit\u00e4t realistisch, ohne den Anspruch abzusenken. Nicht schneller um jeden Preis, sondern gleichm\u00e4\u00dfiger.<\/p>\n<p>Ein h\u00e4ufiger Einwand lautet, dass KI Inhalte oberfl\u00e4chlich mache. Diese Sorge ist nachvollziehbar &#8211; aber sie greift zu kurz. Oberfl\u00e4chlichkeit entsteht nicht durch Werkzeuge, sondern durch Haltung.<\/p>\n<p>Richtig eingesetzt, erm\u00f6glicht KI das Gegenteil: Sie schafft Raum f\u00fcr Tiefe. Weil weniger Energie in Formulierung und Strukturierung flie\u00dft, bleibt mehr Aufmerksamkeit f\u00fcr Inhalt, Argumentation und Perspektive. Das Denken wird nicht ersetzt, sondern entlastet.<\/p>\n<hr \/>\n<h3>Aktuelle Umfrage zur Nutzung lokaler KI-Systeme<\/h3>\n<div class='bootstrap-yop yop-poll-mc'>\n\t\t\t\t\t\t\t<div class=\"basic-yop-poll-container\" style=\"background-color:#ffffff; border:0px; border-style:solid; border-color:#000000; border-radius:5px; padding:0px 5px;\" data-id=\"9\" data-temp=\"basic-pretty\" data-skin=\"square\" data-cscheme=\"blue\" data-cap=\"0\" data-access=\"guest\" data-tid=\"\" data-uid=\"c9fa419b1cbcdfcc33ccff86afce6222\" data-pid=\"2436\" data-resdet=\"votes-number,percentages\" data-show-results-to=\"guest\" data-show-results-moment=\"after-vote\" data-show-results-only=\"false\" data-show-message=\"true\" data-show-results-as=\"bar\" data-sort-results-by=\"as-defined\" data-sort-results-rule=\"asc\"data-is-ended=\"0\" data-percentages-decimals=\"2\" data-gdpr=\"no\" data-gdpr-sol=\"consent\" data-css=\".basic-yop-poll-container[data-uid] .basic-vote {\n\t\t\t\t\t\t\t\t\ttext-align: center;\n\t\t\t\t\t\t\t\t}\" data-counter=\"0\" data-load-with=\"1\" data-notification-section=\"top\"><div class=\"row\"><div class=\"col-md-12\"><div class=\"basic-inner\"><div class=\"basic-message hide\" style=\"border-left: 10px solid #008000; padding: 0px 10px;\" data-error=\"#ff0000\" data-success=\"#008000\"><p class=\"basic-message-text\" style=\"color:#000000; font-size:14px; font-weight:normal;\"><\/p><\/div><div class=\"basic-overlay hide\"><div class=\"basic-vote-options\"><\/div><div class=\"basic-preloader\"><div class=\"basic-windows8\"><div class=\"basic-wBall basic-wBall_1\"><div class=\"basic-wInnerBall\"><\/div><\/div><div class=\"basic-wBall basic-wBall_2\"><div class=\"basic-wInnerBall\"><\/div><\/div><div class=\"basic-wBall basic-wBall_3\"><div class=\"basic-wInnerBall\"><\/div><\/div><div class=\"basic-wBall basic-wBall_4\"><div class=\"basic-wInnerBall\"><\/div><\/div><div class=\"basic-wBall basic-wBall_5\"><div class=\"basic-wInnerBall\"><\/div><\/div><\/div><\/div><\/div><form class=\"basic-form\"><input type=\"hidden\" name=\"_token\" value=\"70797356f3\" autocomplete=\"off\"><div class=\"basic-elements\"><div class=\"basic-element basic-question basic-question-text-vertical\" data-id=\"9\" data-uid=\"57d6c3156b07aec0edf1e36c1194ba78\" data-type=\"question\" data-question-type=\"text\" data-required=\"yes\" data-allow-multiple=\"no\" data-min=\"1\" data-max=\"7\" data-display=\"vertical\" data-colnum=\"\" data-display-others=\"no\" data-others-color=\"\" data-others=\"\" data-others-max-chars=\"0\"><div class=\"basic-question-title\"><h5 style=\"color:#000000; font-size:16px; font-weight:normal; text-align:left;\">Wie stehst Du zu lokal laufender KI-Software wie MLX oder Ollama?<\/h5><\/div><ul class=\"basic-answers\"><li class=\"basic-answer\" style=\"padding:0px 0px;\" data-id=\"45\" data-type=\"text\" data-vn=\"191\" data-color=\"#000000\" data-make-link=\"no\" data-link=\"\"><div class=\"basic-answer-content basic-text-vertical\"><label for=\"answer[45]\" class=\"basic-answer-label\"><input type=\"radio\" id=\"answer[45]\" name=\"answer[9]\" value=\"45\"><span class=\"basic-text\" style=\"color: #000000; font-size: 14px; font-weight: normal;\">Genial \u2013 endlich unabh\u00e4ngig von der Cloud<\/span><\/label><\/div><\/li><li class=\"basic-answer\" style=\"padding:0px 0px;\" data-id=\"46\" data-type=\"text\" data-vn=\"36\" data-color=\"#000000\" data-make-link=\"no\" data-link=\"\"><div class=\"basic-answer-content basic-text-vertical\"><label for=\"answer[46]\" class=\"basic-answer-label\"><input type=\"radio\" id=\"answer[46]\" name=\"answer[9]\" value=\"46\"><span class=\"basic-text\" style=\"color: #000000; font-size: 14px; font-weight: normal;\">Interessant, aber (noch) zu kompliziert<\/span><\/label><\/div><\/li><li class=\"basic-answer\" style=\"padding:0px 0px;\" data-id=\"47\" data-type=\"text\" data-vn=\"41\" data-color=\"#000000\" data-make-link=\"no\" data-link=\"\"><div class=\"basic-answer-content basic-text-vertical\"><label for=\"answer[47]\" class=\"basic-answer-label\"><input type=\"radio\" id=\"answer[47]\" name=\"answer[9]\" value=\"47\"><span class=\"basic-text\" style=\"color: #000000; font-size: 14px; font-weight: normal;\">Werde ich bald ausprobieren<\/span><\/label><\/div><\/li><li class=\"basic-answer\" style=\"padding:0px 0px;\" data-id=\"48\" data-type=\"text\" data-vn=\"6\" data-color=\"#000000\" data-make-link=\"no\" data-link=\"\"><div class=\"basic-answer-content basic-text-vertical\"><label for=\"answer[48]\" class=\"basic-answer-label\"><input type=\"radio\" id=\"answer[48]\" name=\"answer[9]\" value=\"48\"><span class=\"basic-text\" style=\"color: #000000; font-size: 14px; font-weight: normal;\">Brauche ich nicht \u2013 Cloud reicht mir<\/span><\/label><\/div><\/li><li class=\"basic-answer\" style=\"padding:0px 0px;\" data-id=\"49\" data-type=\"text\" data-vn=\"8\" data-color=\"#000000\" data-make-link=\"no\" data-link=\"\"><div class=\"basic-answer-content basic-text-vertical\"><label for=\"answer[49]\" class=\"basic-answer-label\"><input type=\"radio\" id=\"answer[49]\" name=\"answer[9]\" value=\"49\"><span class=\"basic-text\" style=\"color: #000000; font-size: 14px; font-weight: normal;\">Wei\u00df ich nicht genau, worum es da geht<\/span><\/label><\/div><\/li><\/ul><\/div><div class=\"clearfix\"><\/div><\/div><div class=\"basic-vote\"><a href=\"#\" class=\"button basic-vote-button\" role=\"button\" style=\"background:#027bb8; border:0px; border-style: solid; border-color:#000000; border-radius:5px; padding:10px 10px; color:#ffffff; font-size:14px; font-weight:normal;\">Abstimmen<\/a><\/div><\/form><\/div><\/div><\/div><\/div>\n\t\t\t\t\t\t<\/div>\n<hr \/>\n<h3>Inhalte r\u00fccken wieder n\u00e4her an die F\u00fchrungsebene<\/h3>\n<p>Ein interessanter Nebeneffekt dieser Entwicklung ist, dass Inhalte wieder n\u00e4her an die unternehmerische Entscheidungsebene r\u00fccken. Wo fr\u00fcher ausgelagert, delegiert und zerlegt wurde, kann heute direkter gearbeitet werden.<\/p>\n<p>Nicht, weil Gesch\u00e4ftsf\u00fchrer Texte selbst schreiben m\u00fcssen, sondern weil sie Themen, Ton und Richtung klarer vorgeben k\u00f6nnen. KI \u00fcbersetzt diese Vorgaben in Text &#8211; ohne den Umweg \u00fcber lange Abstimmungsprozesse.<\/p>\n<p>Das Magazin wird dadurch weniger Marketinginstrument und mehr Ausdruck der unternehmerischen Perspektive.<\/p>\n<h3>Skalierung ohne Kontrollverlust<\/h3>\n<p>Ein weiterer Wendepunkt liegt in der Skalierbarkeit. Fr\u00fcher bedeutete mehr Inhalte automatisch mehr Personal, mehr Koordination und mehr Kosten. Heute bedeutet es vor allem bessere Planung. Ein einmal definierter Stil, eine klare thematische Struktur und ein konsistenter Ton lassen sich fortf\u00fchren, ohne dass jedes neue St\u00fcck von Grund auf neu gedacht werden muss. Qualit\u00e4t entsteht nicht mehr durch Einzelk\u00e4mpfe, sondern durch Systematik.<\/p>\n<p>Das macht langfristige Medienarbeit kalkulierbar &#8211; und damit unternehmerisch tragf\u00e4hig.<\/p>\n<h3>Sichtbar machen, was l\u00e4ngst vorhanden ist<\/h3>\n<p>Viele Unternehmen verf\u00fcgen \u00fcber enormes Wissen. Erfahrung aus Projekten, Entscheidungsprozesse, Hintergr\u00fcnde, Einsch\u00e4tzungen. Dieses Wissen existiert &#8211; wird aber selten sichtbar gemacht. Nicht aus Geheimhaltung, sondern weil der Weg zur Ver\u00f6ffentlichung zu aufwendig war.<\/p>\n<p>KI hilft, dieses vorhandene Wissen zu strukturieren und zug\u00e4nglich zu machen. Nicht als Selbstdarstellung, sondern als Einordnung. Das Magazin wird so zum Ort, an dem Kompetenz nicht behauptet, sondern erkl\u00e4rt wird.<\/p>\n<p>Entscheidend ist dabei ein Punkt: KI wirkt nur dann sinnvoll, wenn sie gef\u00fchrt wird. Inhalte gewinnen nicht dadurch an Wert, dass sie automatisch entstehen, sondern dadurch, dass sie bewusst gestaltet werden.<\/p>\n<p>Ein Magazin, das KI als Werkzeug nutzt, bleibt menschlich. Es tr\u00e4gt Haltung, Erfahrung und Verantwortung. KI sorgt daf\u00fcr, dass diese Haltung effizient transportiert werden kann. Der Unterschied ist subtil &#8211; aber entscheidend.<\/p>\n<h3>Der wirtschaftliche Kipppunkt<\/h3>\n<p>All diese Aspekte f\u00fchren zu einem klaren Ergebnis: Der wirtschaftliche Kipppunkt hat sich verschoben. Was fr\u00fcher nur mit gro\u00dfen Budgets m\u00f6glich war, ist heute auch mit \u00fcberschaubarem Aufwand realisierbar.<\/p>\n<p>Ein eigenes Magazin ist kein Prestigeprojekt mehr. Es ist ein realistisch kalkulierbares Vorhaben &#8211; selbst f\u00fcr kleinere Unternehmen. Damit entf\u00e4llt das letzte Argument gegen den Aufbau eigener medialer Substanz.<\/p>\n<p>Wenn Plattformen instabil sind, Werbung verg\u00e4nglich bleibt und Inhalte dank KI planbar werden, dann ergibt sich eine logische Konsequenz. Unternehmen k\u00f6nnen wieder beginnen, etwas Eigenes aufzubauen &#8211; ohne sich zu \u00fcberfordern.<br \/>\nIm letzten Kapitel geht es deshalb darum, diesen Gedanken zusammenzuf\u00fchren. Nicht als Technikthema, sondern als unternehmerische Entscheidung. Und um die Frage, was bleibt, wenn Reichweite vergeht &#8211; und Eigentum beginnt.<\/p>\n<p><img loading=\"lazy\" decoding=\"async\" class=\"alignnone wp-image-4486 size-large\" src=\"https:\/\/www.markus-schall.de\/wp-content\/uploads\/Eigenes-Magazin-KI-Unterstuetzung.jpg\" alt=\"Eigenes Magazin mit KI-Unterst\u00fctzung\" width=\"1024\" height=\"683\" srcset=\"https:\/\/www.markus-schall.de\/wp-content\/uploads\/Eigenes-Magazin-KI-Unterstuetzung.jpg 1024w, https:\/\/www.markus-schall.de\/wp-content\/uploads\/Eigenes-Magazin-KI-Unterstuetzung-300x200.jpg 300w, https:\/\/www.markus-schall.de\/wp-content\/uploads\/Eigenes-Magazin-KI-Unterstuetzung-768x512.jpg 768w, https:\/\/www.markus-schall.de\/wp-content\/uploads\/Eigenes-Magazin-KI-Unterstuetzung-18x12.jpg 18w\" sizes=\"auto, (max-width: 1024px) 100vw, 1024px\" \/><\/p>\n<h2>Schlussfolgerung: Reichweite ist kein Eigentum<\/h2>\n<p>Wenn man die vorherigen Kapitel zusammen betrachtet, zieht sich ein Gedanke wie ein roter Faden durch den gesamten Text:<\/p>\n<p>Sichtbarkeit allein reicht nicht aus. Sie kann helfen, sie kann beschleunigen, sie kann verst\u00e4rken &#8211; aber sie ersetzt kein Fundament.<\/p>\n<p>Viele Unternehmen haben gelernt, Reichweite zu erzeugen. Wenige haben gelernt, etwas Eigenes aufzubauen, das unabh\u00e4ngig davon Bestand hat. Genau hier liegt der Kern dieses Artikels.<\/p>\n<h3>Reichweite f\u00fchlt sich wie Besitz an &#8211; ist es aber nicht<\/h3>\n<p>Followerzahlen, Klicks, Abonnenten und Views erzeugen ein Gef\u00fchl von Fortschritt. Sie sind sichtbar, vergleichbar und scheinbar greifbar. Doch sie geh\u00f6ren nicht dem Unternehmen. Sie existieren innerhalb fremder Systeme und unterliegen fremden Regeln.<\/p>\n<p>Was heute Reichweite ist, kann morgen verschwinden. Nicht aus Willk\u00fcr, sondern weil sich Priorit\u00e4ten \u00e4ndern, Algorithmen angepasst werden oder Gesch\u00e4ftsmodelle sich verschieben.<\/p>\n<p>Reichweite ist geliehen. Eigentum ist etwas anderes.<\/p>\n<h3>Der Gedanke hinter \u201eReichweite ist kein Eigentum\u201c<\/h3>\n<p>Der Artikel <a href=\"https:\/\/www.markus-schall.de\/2025\/12\/reichweite-ist-kein-eigentum-warum-sichtbarkeit-heute-nicht-mehr-ausreicht\/\"><em><strong>\u201eReichweite ist kein Eigentum\u201c<\/strong><\/em><\/a> greift diesen Punkt bereits auf und betrachtet ihn vor allem im Kontext sozialer Medien. Die Kernaussage ist einfach, aber weitreichend: Wer ausschlie\u00dflich auf fremden Plattformen kommuniziert, baut kein eigenes Verm\u00f6gen auf &#8211; weder medial noch strategisch.<\/p>\n<p>Dieser Text geht einen Schritt weiter. Er zeigt, dass diese Erkenntnis nicht nur f\u00fcr Social Media gilt, sondern f\u00fcr die gesamte Unternehmenskommunikation. \u00dcberall dort, wo Sichtbarkeit gemietet wird, fehlt langfristig Substanz.<\/p>\n<h3>Das Unternehmensmagazin als Antwort, nicht als Versprechen<\/h3>\n<p>Ein eigenes Magazin ist keine Garantie f\u00fcr Erfolg. Es ist auch kein schneller Weg zu Reichweite. Und genau das macht es wertvoll. Es ist eine Antwort auf die Frage, wie Unternehmen wieder Kontrolle gewinnen k\u00f6nnen &#8211; nicht \u00fcber Lautst\u00e4rke, sondern \u00fcber Struktur.<\/p>\n<p>Ein Magazin schafft einen Ort, an dem Inhalte bleiben d\u00fcrfen. An dem Gedanken ausgef\u00fchrt werden k\u00f6nnen. An dem Wissen nicht im Strom verschwindet, sondern sich sammelt. Es ersetzt andere Kan\u00e4le nicht, sondern gibt ihnen Richtung.<br \/>\nPlattformen lenken Aufmerksamkeit. Das Magazin h\u00e4lt sie.<\/p>\n<h3>Eigentum ver\u00e4ndert den Blick auf Kommunikation<\/h3>\n<p>Sobald Inhalte als Eigentum verstanden werden, ver\u00e4ndert sich die Perspektive. Kommunikation wird weniger hektisch, weniger reaktiv. Sie orientiert sich nicht mehr an kurzfristigen Effekten, sondern an langfristiger Wirkung.<\/p>\n<p>Fragen verschieben sich. Es geht nicht mehr darum, was heute am lautesten funktioniert, sondern darum, was in einem Jahr noch Bestand hat. Nicht mehr um Trends, sondern um Haltung.<\/p>\n<p>Diese Verschiebung ist leise, aber grundlegend.<\/p>\n<h3>Warum dieser Weg heute realistisch ist<\/h3>\n<p>Lange sprach vieles gegen den Aufbau eigener Medien: Zeitmangel, Kosten, Komplexit\u00e4t. Diese Argumente verlieren an Gewicht. Technische H\u00fcrden sind gesunken, Werkzeuge ausgereift, Prozesse planbar. K\u00fcnstliche Intelligenz hat dabei nicht die Rolle des Autors \u00fcbernommen, sondern die des Erm\u00f6glichers.<\/p>\n<p>Der Aufbau eines eigenen Magazins ist heute keine Frage von Gr\u00f6\u00dfe oder Budget mehr, sondern eine Frage der Entscheidung.<\/p>\n<h3>Eine Einladung zur ehrlichen Bestandsaufnahme<\/h3>\n<p>Zum Abschluss lohnt eine einfache, aber ehrliche Frage: Was w\u00fcrde von Ihrer Unternehmenskommunikation \u00fcbrig bleiben, wenn Sie f\u00fcr einige Zeit keine Werbung schalten, keine Plattformen bespielen und keine Kampagnen fahren w\u00fcrden?<\/p>\n<p>Wenn die Antwort ern\u00fcchternd ausf\u00e4llt, ist das kein Makel. Es ist der Normalzustand vieler Unternehmen. Genau deshalb ist dieses Thema relevant.<\/p>\n<p>Ein eigenes Magazin ist eine M\u00f6glichkeit, diesen Zustand zu ver\u00e4ndern. Nicht \u00fcber Nacht, nicht spektakul\u00e4r &#8211; aber dauerhaft.<\/p>\n<h3>Fertiges Magazin erwerben und direkt starten<\/h3>\n<p><a href=\"https:\/\/www.markus-schall.de\/ihr-internationales-magazin\/\"><img loading=\"lazy\" decoding=\"async\" class=\"alignright wp-image-3823 size-medium\" src=\"https:\/\/www.markus-schall.de\/wp-content\/uploads\/magazin-gastbeitraege-300x200.jpg\" alt=\"Magazin als Eigentum\" width=\"300\" height=\"200\" srcset=\"https:\/\/www.markus-schall.de\/wp-content\/uploads\/magazin-gastbeitraege-300x200.jpg 300w, https:\/\/www.markus-schall.de\/wp-content\/uploads\/magazin-gastbeitraege-768x512.jpg 768w, https:\/\/www.markus-schall.de\/wp-content\/uploads\/magazin-gastbeitraege-18x12.jpg 18w, https:\/\/www.markus-schall.de\/wp-content\/uploads\/magazin-gastbeitraege.jpg 1024w\" sizes=\"auto, (max-width: 300px) 100vw, 300px\" \/><\/a>Wenn Sie beim Lesen dieses Artikels das Gef\u00fchl hatten, dass klassische Werbung f\u00fcr viele Unternehmen zunehmend wie ein Fass ohne Boden wirkt, dann sind Sie mit diesem Eindruck nicht allein. Immer mehr Unternehmer stellen fest, dass Reichweite zwar teuer eingekauft werden kann &#8211; aber selten dauerhaft bleibt. Genau deshalb gibt es inzwischen die M\u00f6glichkeit, ein technisch fertig vorbereitetes Unternehmensmagazin als professionelle Basis zu erwerben und direkt produktiv zu nutzen.<\/p>\n<p>Die Infrastruktur steht bereits: sauber aufgebaut, international erweiterbar, suchmaschinenfreundlich, KI-unterst\u00fctzt und darauf ausgelegt, \u00fcber Jahre hinweg echten digitalen Bestand aufzubauen. Statt st\u00e4ndig neue Werbebudgets zu verbrennen, entsteht Schritt f\u00fcr Schritt ein wachsendes System aus Inhalten, Sichtbarkeit und Vertrauen.<\/p>\n<p>Das Entscheidende dabei: Die Inhalte geh\u00f6ren Ihrem Unternehmen selbst. Keine gemietete Reichweite, keine vollst\u00e4ndige Plattformabh\u00e4ngigkeit, sondern ein eigenes Fundament, das langfristig wachsen kann. Wer heute beginnt, mediales Eigentum aufzubauen, verschafft sich in vielen Branchen einen Vorsprung, der in einigen Jahren kaum noch aufzuholen sein d\u00fcrfte.<\/p>\n<p><a href=\"https:\/\/www.markus-schall.de\/ihr-internationales-magazin\/\"><strong>Weitere Informationen zum fertigen Unternehmensmagazin<\/strong><\/a><\/p>\n<h2>Was bleibt<\/h2>\n<p>Reichweite kommt und geht. Plattformen \u00e4ndern sich. Formate veralten.<\/p>\n<p>Was bleibt, ist das, was Sie selbst aufbauen.<\/p>\n<p>Ein Unternehmensmagazin ist kein Trend. Es ist eine R\u00fcckkehr zu einem unternehmerischen Prinzip, das nie aufgeh\u00f6rt hat zu funktionieren: Eigentum schafft Stabilit\u00e4t.<\/p>\n<p>Und Stabilit\u00e4t ist eine gute Grundlage f\u00fcr alles, was folgen soll.<\/p>\n<h3>Alte SEO-Regeln, neue Medienwelt: Warum Inhalte heute wichtiger sind als klassische Werbung<\/h3>\n<p><a href=\"https:\/\/www.markus-schall.de\/2011\/02\/erkennen-wie-gut-ihre-website-fur-suchmaschinen-optimiert-ist\/\"><img loading=\"lazy\" decoding=\"async\" class=\"alignright size-medium wp-image-2376\" src=\"https:\/\/www.markus-schall.de\/wp-content\/uploads\/network-3148727_1920-300x200.jpg\" alt=\"\" width=\"300\" height=\"200\" srcset=\"https:\/\/www.markus-schall.de\/wp-content\/uploads\/network-3148727_1920-300x200.jpg 300w, https:\/\/www.markus-schall.de\/wp-content\/uploads\/network-3148727_1920-768x512.jpg 768w, https:\/\/www.markus-schall.de\/wp-content\/uploads\/network-3148727_1920-18x12.jpg 18w, https:\/\/www.markus-schall.de\/wp-content\/uploads\/network-3148727_1920.jpg 1024w\" sizes=\"auto, (max-width: 300px) 100vw, 300px\" \/><\/a>Ein interessanter Aspekt moderner Magazin- und Sichtbarkeitsstrategien zeigt sich oft erst im R\u00fcckblick. Bereits 2011 erschien auf diesem Magazin ein ausf\u00fchrlicher Artikel dar\u00fcber, <a href=\"https:\/\/www.markus-schall.de\/2011\/02\/erkennen-wie-gut-ihre-website-fur-suchmaschinen-optimiert-ist\/\"><strong>wie Websites f\u00fcr Suchmaschinen optimiert<\/strong><\/a> werden k\u00f6nnen &#8211; mit Themen wie Keyword-Recherche, Linkstruktur, Seitentiteln, verst\u00e4ndlichen Inhalten und langfristiger Auffindbarkeit. Bemerkenswert ist dabei vor allem, wie viele dieser Grundprinzipien bis heute gelten. Zwar haben sich Suchmaschinen, KI-Systeme und Nutzerverhalten massiv ver\u00e4ndert, doch die eigentliche Grundlage bleibt dieselbe: Sichtbarkeit entsteht langfristig vor allem durch Inhalte mit Substanz.<\/p>\n<p>Genau deshalb werden Magazine, Wissensplattformen und thematisch starke Artikel heute f\u00fcr viele Unternehmen wichtiger als klassische Werbung. W\u00e4hrend Anzeigen verschwinden, bleibt ein gut geschriebener Fachartikel oft \u00fcber Jahre sichtbar, wird von Suchmaschinen, KI-Systemen und sozialen Netzwerken aufgegriffen und entwickelt sich damit zu digitalem Eigentum statt kurzfristiger Aufmerksamkeit. Der alte SEO-Artikel zeigt r\u00fcckblickend erstaunlich gut, wie fr\u00fch viele dieser Entwicklungen bereits angelegt waren.<\/p>\n<hr \/>\n\n\t\t\t<div class=\"display-post-types\">\n\n\t\t\t\t\t\t\t<style type=\"text\/css\">\n\t\t\t#dpt-wrapper-672 { --dpt-text-align: left;--dpt-image-crop: center;--dpt-border-radius: 5px;--dpt-h-gutter: 10px;--dpt-v-gutter: 9px; }\t\t\t<\/style>\n\t\t\t<style type=\"text\/css\">#dpt-wrapper-672 { --dpt-title-font-style:normal;--dpt-title-font-weight:600;--dpt-title-line-height:1.5;--dpt-title-text-decoration:none;--dpt-title-text-transform:none;--dpt-excerpt-font-style:normal;--dpt-excerpt-font-weight:400;--dpt-excerpt-line-height:1.5;--dpt-excerpt-text-decoration:none;--dpt-excerpt-text-transform:none;--dpt-meta1-font-style:normal;--dpt-meta1-font-weight:400;--dpt-meta1-line-height:1.9;--dpt-meta1-text-decoration:none;--dpt-meta1-text-transform:none;--dpt-meta2-font-style:normal;--dpt-meta2-font-weight:400;--dpt-meta2-line-height:1.9;--dpt-meta2-text-decoration:none;--dpt-meta2-text-transform:none; }<\/style><div class=\" dpt-main-header\">\n\t\t\t\t\t\t<div class=\"dpt-main-title\">\n\t\t\t\t\t\t\t<span class=\"dpt-main-title-text\">Gesellschaftsthemen der Gegenwart<\/span>\n\t\t\t\t\t\t<\/div>\n\t\t\t\t\t\t\n\t\t\t\t\t\t\n\t\t\t\t\t\t\n\t\t\t\t\t\t<\/div>\t\t\t\n\t\t\t\t<div id=\"dpt-wrapper-672\" class=\"dpt-wrapper dpt-mag1 land1 dpt-cropped dpt-flex-wrap\" >\n\n\t\t\t\t\t\t\t\t\t\t\t<div class=\"dpt-entry has-thumbnail\" data-title=\"kriegst\u00fcchtigkeit, wehrpflicht &#038; verweigerung: was im ernstfall zu tun ist\" data-id=\"2966\"  data-category=\"allgemein b\u00fccher gesellschaft tipps &amp; anleitungen\" data-post_tag=\"buch deutschland geopolitik gesundheit krisen pers\u00f6nlichkeitsentwicklung ratgeber sicherheitspolitik\">\n\t\t\t\t\t\t\t<div class=\"dpt-entry-wrapper\"><div class=\" dpt-featured-content\"><div class=\" dpt-permalink\"><a href=\"https:\/\/www.markus-schall.de\/cs\/2025\/09\/kriegstuechtigkeit-wehrpflicht-verweigerung-was-im-ernstfall-zu-tun-ist\/\" class=\"dpt-permalink\"><span class=\"screen-reader-text\">Kriegst\u00fcchtigkeit, Wehrpflicht &#038; Verweigerung: Was im Ernstfall zu tun ist<\/span><\/a><\/div><div class=\" dpt-thumbnail\"><div class=\"dpt-thumbnail-inner\"><img width=\"1536\" height=\"1024\" class=\"attachment-full size-full\" alt=\"Wehrpflicht: Kriegsdienst verweigern\" context=\"dpt\" data-dpt-src=\"https:\/\/www.markus-schall.de\/wp-content\/uploads\/wehrpflicht-kriegsdienst-verweigern.jpg\" data-dpt-sizes=\"(max-width: 1536px) 100vw, 1536px\" data-dpt-srcset=\"https:\/\/www.markus-schall.de\/wp-content\/uploads\/wehrpflicht-kriegsdienst-verweigern.jpg 1536w, https:\/\/www.markus-schall.de\/wp-content\/uploads\/wehrpflicht-kriegsdienst-verweigern-300x200.jpg 300w, https:\/\/www.markus-schall.de\/wp-content\/uploads\/wehrpflicht-kriegsdienst-verweigern-1024x683.jpg 1024w, https:\/\/www.markus-schall.de\/wp-content\/uploads\/wehrpflicht-kriegsdienst-verweigern-768x512.jpg 768w, https:\/\/www.markus-schall.de\/wp-content\/uploads\/wehrpflicht-kriegsdienst-verweigern-18x12.jpg 18w\" \/><\/div><span class=\"dpt-thumbnail-aspect-ratio\" style=\"padding-top: 75%\"><\/span><\/div><\/div><div class=\" sub-entry\"><h3 class=\" dpt-title\"><a class=\"dpt-title-link\" href=\"https:\/\/www.markus-schall.de\/cs\/2025\/09\/kriegstuechtigkeit-wehrpflicht-verweigerung-was-im-ernstfall-zu-tun-ist\/\" rel=\"bookmark\">Kriegst\u00fcchtigkeit, Wehrpflicht &#038; Verweigerung: Was im Ernstfall zu tun ist<\/a><\/h3><\/div><\/div>\n\t\t\t\t\t\t<\/div><!-- .dpt-entry -->\n\t\t\t\t\t\t\t\t\t\t\t\t<div class=\"dpt-entry has-thumbnail\" data-title=\"regelbasierte weltordnung und v\u00f6lkerrecht: zwischen anspruch, realit\u00e4t und rechtsbruch\" data-id=\"4275\"  data-category=\"allgemein gesellschaft\" data-post_tag=\"denkmodelle eu-gesetze europa geopolitik krisen sicherheitspolitik\">\n\t\t\t\t\t\t\t<div class=\"dpt-entry-wrapper\"><div class=\" dpt-featured-content\"><div class=\" dpt-permalink\"><a href=\"https:\/\/www.markus-schall.de\/cs\/2026\/01\/regelbasierte-weltordnung-und-voelkerrecht-zwischen-anspruch-realitaet-und-rechtsbruch\/\" class=\"dpt-permalink\"><span class=\"screen-reader-text\">Regelbasierte Weltordnung und V\u00f6lkerrecht: Zwischen Anspruch, Realit\u00e4t und Rechtsbruch<\/span><\/a><\/div><div class=\" dpt-thumbnail\"><div class=\"dpt-thumbnail-inner\"><img width=\"1024\" height=\"683\" class=\"attachment-full size-full\" alt=\"V\u00f6lkerrecht und Regelbasierte Weltordnung\" context=\"dpt\" data-dpt-src=\"https:\/\/www.markus-schall.de\/wp-content\/uploads\/voelkerrecht-weltordnung-titel.jpg\" data-dpt-sizes=\"(max-width: 1024px) 100vw, 1024px\" data-dpt-srcset=\"https:\/\/www.markus-schall.de\/wp-content\/uploads\/voelkerrecht-weltordnung-titel.jpg 1024w, https:\/\/www.markus-schall.de\/wp-content\/uploads\/voelkerrecht-weltordnung-titel-300x200.jpg 300w, https:\/\/www.markus-schall.de\/wp-content\/uploads\/voelkerrecht-weltordnung-titel-768x512.jpg 768w, https:\/\/www.markus-schall.de\/wp-content\/uploads\/voelkerrecht-weltordnung-titel-18x12.jpg 18w\" \/><\/div><span class=\"dpt-thumbnail-aspect-ratio\" style=\"padding-top: 75%\"><\/span><\/div><\/div><div class=\" sub-entry\"><h3 class=\" dpt-title\"><a class=\"dpt-title-link\" href=\"https:\/\/www.markus-schall.de\/cs\/2026\/01\/regelbasierte-weltordnung-und-voelkerrecht-zwischen-anspruch-realitaet-und-rechtsbruch\/\" rel=\"bookmark\">Regelbasierte Weltordnung und V\u00f6lkerrecht: Zwischen Anspruch, Realit\u00e4t und Rechtsbruch<\/a><\/h3><\/div><\/div>\n\t\t\t\t\t\t<\/div><!-- .dpt-entry -->\n\t\t\t\t\t\t\t\t\t\t\t\t<div class=\"dpt-entry has-thumbnail\" data-title=\"wer ist eigentlich j. d. vance? ein portrait zu herkunft, karriere, widerspr\u00fcchen und zukunft\" data-id=\"5395\"  data-category=\"allgemein gesellschaft\" data-post_tag=\"energiepolitik erfahrungen europa geopolitik krisen meinungsfreiheit portrait sicherheitspolitik\">\n\t\t\t\t\t\t\t<div class=\"dpt-entry-wrapper\"><div class=\" dpt-featured-content\"><div class=\" dpt-permalink\"><a href=\"https:\/\/www.markus-schall.de\/cs\/2026\/03\/wer-ist-eigentlich-j-d-vance-ein-portrait-zu-herkunft-karriere-widerspruechen-und-zukunft\/\" class=\"dpt-permalink\"><span class=\"screen-reader-text\">Wer ist eigentlich J. D. Vance? Ein Portrait zu Herkunft, Karriere, Widerspr\u00fcchen und Zukunft<\/span><\/a><\/div><div class=\" dpt-thumbnail\"><div class=\"dpt-thumbnail-inner\"><img width=\"1024\" height=\"683\" class=\"attachment-full size-full\" alt=\"Wer ist J. D. Vance?\" context=\"dpt\" data-dpt-src=\"https:\/\/www.markus-schall.de\/wp-content\/uploads\/JD-Vance-Portrait.jpg\" data-dpt-sizes=\"(max-width: 1024px) 100vw, 1024px\" data-dpt-srcset=\"https:\/\/www.markus-schall.de\/wp-content\/uploads\/JD-Vance-Portrait.jpg 1024w, https:\/\/www.markus-schall.de\/wp-content\/uploads\/JD-Vance-Portrait-300x200.jpg 300w, https:\/\/www.markus-schall.de\/wp-content\/uploads\/JD-Vance-Portrait-768x512.jpg 768w, https:\/\/www.markus-schall.de\/wp-content\/uploads\/JD-Vance-Portrait-18x12.jpg 18w\" \/><\/div><span class=\"dpt-thumbnail-aspect-ratio\" style=\"padding-top: 75%\"><\/span><\/div><\/div><div class=\" sub-entry\"><h3 class=\" dpt-title\"><a class=\"dpt-title-link\" href=\"https:\/\/www.markus-schall.de\/cs\/2026\/03\/wer-ist-eigentlich-j-d-vance-ein-portrait-zu-herkunft-karriere-widerspruechen-und-zukunft\/\" rel=\"bookmark\">Wer ist eigentlich J. D. Vance? Ein Portrait zu Herkunft, Karriere, Widerspr\u00fcchen und Zukunft<\/a><\/h3><\/div><\/div>\n\t\t\t\t\t\t<\/div><!-- .dpt-entry -->\n\t\t\t\t\t\t\t\t\t\t\t\t<div class=\"dpt-entry has-thumbnail\" data-title=\"taiwan verstehen: geschichte, statusfrage und die risiken einer vernetzten welt\" data-id=\"4314\"  data-category=\"allgemein gesellschaft hardware\" data-post_tag=\"europa geopolitik krisen prozesse sicherheitspolitik spieltheorie\">\n\t\t\t\t\t\t\t<div class=\"dpt-entry-wrapper\"><div class=\" dpt-featured-content\"><div class=\" dpt-permalink\"><a href=\"https:\/\/www.markus-schall.de\/cs\/2026\/01\/taiwan-verstehen-geschichte-statusfrage-und-die-risiken-einer-vernetzten-welt\/\" class=\"dpt-permalink\"><span class=\"screen-reader-text\">Taiwan verstehen: Geschichte, Statusfrage und die Risiken einer vernetzten Welt<\/span><\/a><\/div><div class=\" dpt-thumbnail\"><div class=\"dpt-thumbnail-inner\"><img width=\"1024\" height=\"683\" class=\"attachment-full size-full\" alt=\"Taiwan als Kipppunkt\" context=\"dpt\" data-dpt-src=\"https:\/\/www.markus-schall.de\/wp-content\/uploads\/Taiwan-Kippunkt-Titel.jpg\" data-dpt-sizes=\"(max-width: 1024px) 100vw, 1024px\" data-dpt-srcset=\"https:\/\/www.markus-schall.de\/wp-content\/uploads\/Taiwan-Kippunkt-Titel.jpg 1024w, https:\/\/www.markus-schall.de\/wp-content\/uploads\/Taiwan-Kippunkt-Titel-300x200.jpg 300w, https:\/\/www.markus-schall.de\/wp-content\/uploads\/Taiwan-Kippunkt-Titel-768x512.jpg 768w, https:\/\/www.markus-schall.de\/wp-content\/uploads\/Taiwan-Kippunkt-Titel-18x12.jpg 18w\" \/><\/div><span class=\"dpt-thumbnail-aspect-ratio\" style=\"padding-top: 75%\"><\/span><\/div><\/div><div class=\" sub-entry\"><h3 class=\" dpt-title\"><a class=\"dpt-title-link\" href=\"https:\/\/www.markus-schall.de\/cs\/2026\/01\/taiwan-verstehen-geschichte-statusfrage-und-die-risiken-einer-vernetzten-welt\/\" rel=\"bookmark\">Taiwan verstehen: Geschichte, Statusfrage und die Risiken einer vernetzten Welt<\/a><\/h3><\/div><\/div>\n\t\t\t\t\t\t<\/div><!-- .dpt-entry -->\n\t\t\t\t\t\t\n\t\t\t\t<\/div>\n\t\t\t\t\t\t<\/div>\n\t\t\t\n<hr \/>\n<h2>H\u00e4ufig gestellte Fragen<\/h2>\n<ol>\n<li><strong>Was ist mit \u201egemieteter Sichtbarkeit\u201c konkret gemeint?<\/strong><br \/>\nMit gemieteter Sichtbarkeit ist gemeint, dass ein Unternehmen zwar Reichweite bekommt, diese Reichweite aber nicht dauerhaft besitzt. Typisch ist das bei bezahlter Werbung oder bei Plattformen, die Inhalte nur so lange stark ausspielen, wie man permanent nachliefert oder bezahlt. Sobald Budgets auslaufen oder die Aktivit\u00e4t sinkt, sinkt auch die Sichtbarkeit. Das Unternehmen hat dann keine bleibende Substanz aufgebaut, sondern Aufmerksamkeit gekauft oder geliehen.<\/li>\n<li><strong>Warum ist Reichweite allein kein nachhaltiger Unternehmenswert?<\/strong><br \/>\nReichweite wirkt verf\u00fchrerisch, weil sie messbar ist und sich wie Fortschritt anf\u00fchlt. Nachhaltig wird sie jedoch erst, wenn sie an etwas gekoppelt ist, das bleibt: an Inhalte, die dauerhaft auffindbar sind, an ein Archiv, an eine strukturierte Wissensbasis und an einen Ort, den das Unternehmen kontrolliert. Reichweite kann ein Verst\u00e4rker sein, aber sie ist kein Verm\u00f6genswert, wenn sie ohne Eigentum entsteht.<\/li>\n<li><strong>Hei\u00dft das, man sollte Werbung und Social Media komplett lassen?<\/strong><br \/>\nNein. Der Punkt ist nicht Verzicht, sondern Einordnung. Werbung und Social Media sind gute Zubringer, wenn sie auf eine eigene Basis einzahlen. Problematisch wird es, wenn sie das Fundament ersetzen. Dann entsteht eine dauerhafte Abh\u00e4ngigkeit, und das Unternehmen muss st\u00e4ndig nachlegen, um \u00fcberhaupt sichtbar zu bleiben.<\/li>\n<li><strong>Was ist der Unterschied zwischen einem Unternehmensmagazin und einem normalen Blog?<\/strong><br \/>\nEin Blog ist oft eine lose Sammlung von Beitr\u00e4gen, die eher nach Anlass entstehen. Ein Unternehmensmagazin ist strukturierter, thematisch geplant und langfristig gedacht. Es geht nicht nur darum, etwas zu ver\u00f6ffentlichen, sondern darum, Wissen aufzubauen, Inhalte miteinander zu verkn\u00fcpfen und \u00fcber Zeit Vertrauen zu entwickeln. Das Magazin ist damit weniger \u201eKanal\u201c und mehr Infrastruktur.<\/li>\n<li><strong>F\u00fcr welche Unternehmen lohnt sich ein eigenes Magazin besonders?<\/strong><br \/>\nBesonders sinnvoll ist ein Magazin f\u00fcr Unternehmen, die erkl\u00e4rungsbed\u00fcrftige Leistungen anbieten, Vertrauen aufbauen m\u00fcssen oder in einem Markt arbeiten, in dem Kompetenz und Einordnung entscheidend sind. Das sind h\u00e4ufig Dienstleister, Beratungen, Handwerksbetriebe mit Spezialisierung, IT-Firmen, Gesundheitsanbieter oder Branchen mit hoher Vergleichbarkeit. Grunds\u00e4tzlich profitieren aber auch kleinere Unternehmen, wenn sie eine klare Position aufbauen und unabh\u00e4ngiger kommunizieren wollen.<\/li>\n<li><strong>Ist so ein Magazin nicht extrem zeitaufwendig?<\/strong><br \/>\nEs kann zeitaufwendig sein, wenn man ohne Struktur arbeitet oder sich in Perfektion verliert. Mit klarer Themenplanung und einem sinnvollen Prozess ist der Aufwand gut beherrschbar. Vor allem hat sich die Lage durch KI ver\u00e4ndert: Inhalte lassen sich heute wesentlich schneller vorbereiten und ausarbeiten, ohne dass man an Qualit\u00e4t verlieren muss. Entscheidend ist Regelm\u00e4\u00dfigkeit im passenden Ma\u00df, nicht ein st\u00e4ndiger Ver\u00f6ffentlichungsdruck.<\/li>\n<li><strong>Welche Rolle spielt KI dabei ganz konkret?<\/strong><br \/>\nKI hilft dabei, Gedanken zu ordnen, Gliederungen zu entwickeln, Rohfassungen zu formulieren, Varianten zu erstellen und Texte sprachlich sauber zu machen. Sie ersetzt nicht die Verantwortung des Unternehmens, sondern nimmt mechanische Arbeit ab. Der Inhalt bleibt menschlich, aber der Weg dorthin wird deutlich effizienter. Dadurch wird kontinuierliche Inhaltsarbeit auch f\u00fcr kleine Teams realistisch.<\/li>\n<li><strong>Besteht nicht die Gefahr, dass KI-Texte beliebig oder austauschbar wirken?<\/strong><br \/>\nDiese Gefahr besteht, wenn KI ohne F\u00fchrung genutzt wird. Ein guter Text entsteht nicht durch ein Tool, sondern durch eine klare Perspektive, Erfahrung und eine saubere Themenwahl. Wenn das Unternehmen vorgibt, wof\u00fcr es steht, welche Haltung es hat und welche Inhalte wirklich relevant sind, kann KI dabei helfen, diese Substanz effizient in eine verst\u00e4ndliche Form zu bringen. Beliebigkeit entsteht dort, wo Haltung fehlt, nicht dort, wo KI eingesetzt wird.<\/li>\n<li><strong>Warum ist es so wichtig, dass das Magazin auf einem eigenen Server l\u00e4uft?<\/strong><br \/>\nWeil Kontrolle der Kern des Eigentums ist. Ein eigener Server bedeutet Datenhoheit, Unabh\u00e4ngigkeit und Bestand. Inhalte k\u00f6nnen nicht einfach herabgestuft oder entfernt werden, weil ein Plattformanbieter Regeln \u00e4ndert oder ein Gesch\u00e4ftsmodell wechselt. Au\u00dferdem lassen sich Inhalte sichern, exportieren und langfristig weiterentwickeln. Wer auf fremder Infrastruktur ver\u00f6ffentlicht, hat zwar eine Oberfl\u00e4che, aber kein wirkliches Eigentum.<\/li>\n<li><strong>Reicht nicht eine gehostete L\u00f6sung wie WordPress.com oder eine andere Plattform?<\/strong><br \/>\nF\u00fcr einen schnellen Einstieg kann das funktionieren. F\u00fcr langfristige Unabh\u00e4ngigkeit ist es jedoch riskant, weil man sich wieder in eine Abh\u00e4ngigkeit begibt. Gehostete Plattformen k\u00f6nnen Preise, Bedingungen und Funktionen \u00e4ndern. Im schlimmsten Fall wird die eigene Pr\u00e4senz eingeschr\u00e4nkt, ohne dass man echte Handhabe hat. Wenn es um Eigentum geht, sollte die Infrastruktur dem Unternehmen geh\u00f6ren, nicht einem Anbieter.<\/li>\n<li><strong>Welche Content-Management-Systeme kommen daf\u00fcr in Frage?<\/strong><br \/>\nPraktisch entscheidend ist weniger der Name des Systems als die Frage, ob es selbst betrieben wird und langfristig gepflegt ist. WordPress ist f\u00fcr viele Unternehmen attraktiv, weil es verbreitet, flexibel und gut erweiterbar ist. Es gibt aber auch andere etablierte Systeme, die sich f\u00fcr eigene Infrastrukturen eignen. Wichtig ist vor allem, dass Inhalte nicht in einer geschlossenen Cloud gefangen sind und dass das Unternehmen jederzeit die Kontrolle beh\u00e4lt.<\/li>\n<li><strong>Muss ein Unternehmensmagazin st\u00e4ndig aktualisiert werden, um zu wirken?<\/strong><br \/>\nEin Magazin wirkt anders als Social Media. Es braucht nicht t\u00e4glich neue Beitr\u00e4ge. Es braucht Kontinuit\u00e4t und Struktur. Ein guter, fundierter Artikel kann \u00fcber Jahre wirken, wenn er sauber aufgebaut ist und thematisch passt. Aktualisierungen sind sinnvoll, aber eher als Pflege eines Bestands, nicht als hektischer Produktionszwang.<\/li>\n<li><strong>Wie lange dauert es, bis ein Magazin messbar Ergebnisse bringt?<\/strong><br \/>\nDas h\u00e4ngt von Branche, Themen und Ausgangslage ab. Oft sp\u00fcrt man erste Effekte nach einigen Monaten, wenn Inhalte sich in Suchmaschinen etablieren und verlinkt werden. Die volle St\u00e4rke zeigt sich meist \u00fcber l\u00e4ngere Zeitr\u00e4ume, weil das Magazin als Bestand w\u00e4chst. Der entscheidende Punkt ist: Ein Magazin wird im Laufe der Zeit st\u00e4rker, w\u00e4hrend kurzfristige Werbema\u00dfnahmen nach dem Ende sofort an Wirkung verlieren.<\/li>\n<li><strong>Welche Inhalte eignen sich f\u00fcr ein Unternehmensmagazin am besten?<\/strong><br \/>\nAm besten eignen sich Inhalte, die Kompetenz sichtbar machen und Orientierung geben. Das k\u00f6nnen Erkl\u00e4rartikel, Hintergr\u00fcnde, Fallbeispiele, Einordnungen, Entscheidungsgrundlagen oder typische Fragen aus der Praxis sein. Je klarer ein Unternehmen seine Themenfelder definiert, desto einfacher wird es, einen Bestand aufzubauen, der wirklich tr\u00e4gt.<\/li>\n<li><strong>Ist das am Ende nicht einfach nur Content-Marketing unter neuem Namen?<\/strong><br \/>\nDie N\u00e4he ist da, aber der Schwerpunkt ist ein anderer. Klassisches Content-Marketing ist h\u00e4ufig kampagnengetrieben und stark auf kurzfristige Kennzahlen ausgerichtet. Das Unternehmensmagazin in diesem Ansatz denkt in Eigentum, Archiv, Struktur und langfristiger Wirkung. Es ist weniger \u201eTaktik\u201c und mehr \u201eInfrastruktur\u201c. Das macht es ruhiger, aber auch nachhaltiger.<\/li>\n<li><strong>Was hat Suchmaschinenoptimierung damit zu tun?<\/strong><br \/>\nSuchmaschinen funktionieren besonders gut dort, wo Inhalte dauerhaft verf\u00fcgbar sind, sauber strukturiert sind und thematisch zusammenh\u00e4ngen. Ein Magazin schafft genau diese Voraussetzungen. SEO wird dadurch weniger zu einem Spiel aus Tricks, sondern zu einem Nebenprodukt guter, stabiler Inhalte. Wenn das Fundament stimmt, entstehen viele Effekte fast automatisch.<\/li>\n<li><strong>Welche typischen Fehler machen Unternehmen beim Aufbau eines Magazins?<\/strong><br \/>\nDer h\u00e4ufigste Fehler ist, zu schnell zu viel zu wollen. Dann entsteht Druck, und das Magazin wird zum Stressfaktor. Ein weiterer Fehler ist, ohne Struktur zu starten, sodass Inhalte nebeneinander stehen, aber kein System bilden. Und viele untersch\u00e4tzen die Bedeutung der eigenen Infrastruktur, indem sie sich wieder an Plattformen binden. Ein Magazin funktioniert am besten, wenn es klein beginnt, klar geplant ist und konsequent auf Eigentum setzt.<\/li>\n<li><strong>Wie kann man Social Media sinnvoll mit dem Magazin verbinden?<\/strong><br \/>\nSocial Media eignet sich hervorragend, um Aufmerksamkeit zu lenken. Das Magazin ist der Ort, an dem diese Aufmerksamkeit ankommt und Bestand bekommt. Sinnvoll ist eine klare Rollenverteilung: Social Media liefert Impulse, teasert an, verweist weiter. Das Magazin liefert Tiefe, Kontext und dauerhafte Auffindbarkeit. So entsteht aus Reichweite Substanz.<\/li>\n<li><strong>Kann man so ein Magazin auch als fertiges Basissystem bei Ihnen kaufen?<\/strong><br \/>\nJa, das ist m\u00f6glich. Es gibt die Option, ein Unternehmensmagazin als saubere Basis zu erwerben, auf eigener Infrastruktur aufgesetzt und so strukturiert, dass Inhalte langfristig aufgebaut werden k\u00f6nnen.<\/li>\n<li><strong>Was ist der erste Schritt, wenn man so etwas ernsthaft angehen will?<\/strong><br \/>\nDer erste Schritt ist eine n\u00fcchterne Bestandsaufnahme: Welche Themen sind wirklich relevant, welches Wissen ist bereits vorhanden, und welche Zielgruppe soll damit erreicht werden? Danach lohnt sich eine klare Struktur, die nicht auf Masse, sondern auf sinnvolle Schwerpunkte setzt. Wenn diese Grundlage steht, ist die technische Umsetzung nur noch ein Werkzeug &#8211; und nicht mehr die eigentliche H\u00fcrde.<\/li>\n<\/ol>\n<hr \/>\n\n\t\t\t<div class=\"display-post-types\">\n\n\t\t\t\t\t\t\t<style type=\"text\/css\">\n\t\t\t#dpt-wrapper-673 { --dpt-text-align: left;--dpt-image-crop: center;--dpt-border-radius: 5px;--dpt-h-gutter: 10px;--dpt-v-gutter: 9px; }\t\t\t<\/style>\n\t\t\t<style type=\"text\/css\">#dpt-wrapper-673 { --dpt-title-font-style:normal;--dpt-title-font-weight:600;--dpt-title-line-height:1.5;--dpt-title-text-decoration:none;--dpt-title-text-transform:none;--dpt-excerpt-font-style:normal;--dpt-excerpt-font-weight:400;--dpt-excerpt-line-height:1.5;--dpt-excerpt-text-decoration:none;--dpt-excerpt-text-transform:none;--dpt-meta1-font-style:normal;--dpt-meta1-font-weight:400;--dpt-meta1-line-height:1.9;--dpt-meta1-text-decoration:none;--dpt-meta1-text-transform:none;--dpt-meta2-font-style:normal;--dpt-meta2-font-weight:400;--dpt-meta2-line-height:1.9;--dpt-meta2-text-decoration:none;--dpt-meta2-text-transform:none; }<\/style><div class=\" dpt-main-header\">\n\t\t\t\t\t\t<div class=\"dpt-main-title\">\n\t\t\t\t\t\t\t<span class=\"dpt-main-title-text\">Aktuelle Beitr\u00e4ge zu Kunst &amp; Kultur<\/span>\n\t\t\t\t\t\t<\/div>\n\t\t\t\t\t\t\n\t\t\t\t\t\t\n\t\t\t\t\t\t\n\t\t\t\t\t\t<\/div>\t\t\t\n\t\t\t\t<div id=\"dpt-wrapper-673\" class=\"dpt-wrapper dpt-mag1 land1 dpt-cropped dpt-flex-wrap\" >\n\n\t\t\t\t\t\t\t\t\t\t\t<div class=\"dpt-entry has-thumbnail\" data-title=\"die affinity grafik-suite wird kostenlos: was profi-anwender jetzt wissen m\u00fcssen\" data-id=\"3675\"  data-category=\"apple macos b\u00fccher kunst &amp; kultur tipps &amp; anleitungen\" data-post_tag=\"buch mac prozesse publishing verlag\">\n\t\t\t\t\t\t\t<div class=\"dpt-entry-wrapper\"><div class=\" dpt-featured-content\"><div class=\" dpt-permalink\"><a href=\"https:\/\/www.markus-schall.de\/cs\/2025\/11\/die-affinity-grafik-suite-wird-kostenlos-was-profi-anwender-jetzt-wissen-muessen\/\" class=\"dpt-permalink\"><span class=\"screen-reader-text\">Die Affinity Grafik-Suite wird kostenlos: Was Profi-Anwender jetzt wissen m\u00fcssen<\/span><\/a><\/div><div class=\" dpt-thumbnail\"><div class=\"dpt-thumbnail-inner\"><img width=\"1024\" height=\"683\" class=\"attachment-full size-full\" alt=\"Affinity Grafiksuite kostenlos\" context=\"dpt\" data-dpt-src=\"https:\/\/www.markus-schall.de\/wp-content\/uploads\/affinity-grafiksuite-kostenlos.jpg\" data-dpt-sizes=\"(max-width: 1024px) 100vw, 1024px\" data-dpt-srcset=\"https:\/\/www.markus-schall.de\/wp-content\/uploads\/affinity-grafiksuite-kostenlos.jpg 1024w, https:\/\/www.markus-schall.de\/wp-content\/uploads\/affinity-grafiksuite-kostenlos-300x200.jpg 300w, https:\/\/www.markus-schall.de\/wp-content\/uploads\/affinity-grafiksuite-kostenlos-768x512.jpg 768w, https:\/\/www.markus-schall.de\/wp-content\/uploads\/affinity-grafiksuite-kostenlos-18x12.jpg 18w\" \/><\/div><span class=\"dpt-thumbnail-aspect-ratio\" style=\"padding-top: 75%\"><\/span><\/div><\/div><div class=\" sub-entry\"><h3 class=\" dpt-title\"><a class=\"dpt-title-link\" href=\"https:\/\/www.markus-schall.de\/cs\/2025\/11\/die-affinity-grafik-suite-wird-kostenlos-was-profi-anwender-jetzt-wissen-muessen\/\" rel=\"bookmark\">Die Affinity Grafik-Suite wird kostenlos: Was Profi-Anwender jetzt wissen m\u00fcssen<\/a><\/h3><\/div><\/div>\n\t\t\t\t\t\t<\/div><!-- .dpt-entry -->\n\t\t\t\t\t\t\t\t\t\t\t\t<div class=\"dpt-entry has-thumbnail\" data-title=\"wie war syrien vor dem krieg? wer regiert heute? was bedeutet das f\u00fcr gefl\u00fcchtete in deutschland?\" data-id=\"4628\"  data-category=\"allgemein gesellschaft kunst &amp; kultur\" data-post_tag=\"deutschland europa geopolitik krisen meinungsfreiheit sicherheitspolitik\">\n\t\t\t\t\t\t\t<div class=\"dpt-entry-wrapper\"><div class=\" dpt-featured-content\"><div class=\" dpt-permalink\"><a href=\"https:\/\/www.markus-schall.de\/cs\/2026\/01\/wie-war-syrien-vor-dem-krieg-wer-regiert-heute-was-bedeutet-das-fuer-gefluechtete-in-deutschland\/\" class=\"dpt-permalink\"><span class=\"screen-reader-text\">Wie war Syrien vor dem Krieg? Wer regiert heute? Was bedeutet das f\u00fcr Gefl\u00fcchtete in Deutschland?<\/span><\/a><\/div><div class=\" dpt-thumbnail\"><div class=\"dpt-thumbnail-inner\"><img width=\"1024\" height=\"683\" class=\"attachment-full size-full\" alt=\"Syrien und Damaskus\" context=\"dpt\" data-dpt-src=\"https:\/\/www.markus-schall.de\/wp-content\/uploads\/Syrien-Damaskus.jpg\" data-dpt-sizes=\"(max-width: 1024px) 100vw, 1024px\" data-dpt-srcset=\"https:\/\/www.markus-schall.de\/wp-content\/uploads\/Syrien-Damaskus.jpg 1024w, https:\/\/www.markus-schall.de\/wp-content\/uploads\/Syrien-Damaskus-300x200.jpg 300w, https:\/\/www.markus-schall.de\/wp-content\/uploads\/Syrien-Damaskus-768x512.jpg 768w, https:\/\/www.markus-schall.de\/wp-content\/uploads\/Syrien-Damaskus-18x12.jpg 18w\" \/><\/div><span class=\"dpt-thumbnail-aspect-ratio\" style=\"padding-top: 75%\"><\/span><\/div><\/div><div class=\" sub-entry\"><h3 class=\" dpt-title\"><a class=\"dpt-title-link\" href=\"https:\/\/www.markus-schall.de\/cs\/2026\/01\/wie-war-syrien-vor-dem-krieg-wer-regiert-heute-was-bedeutet-das-fuer-gefluechtete-in-deutschland\/\" rel=\"bookmark\">Wie war Syrien vor dem Krieg? Wer regiert heute? Was bedeutet das f\u00fcr Gefl\u00fcchtete in Deutschland?<\/a><\/h3><\/div><\/div>\n\t\t\t\t\t\t<\/div><!-- .dpt-entry -->\n\t\t\t\t\t\t\t\t\t\t\t\t<div class=\"dpt-entry has-thumbnail\" data-title=\"dieter bohlen im klartext: warum deutschland an der eigenen b\u00fcrokratie scheitert\" data-id=\"3546\"  data-category=\"allgemein b\u00fccher gesellschaft kunst &amp; kultur\" data-post_tag=\"buch deutschland erfahrungen krisen meinungsfreiheit musik\">\n\t\t\t\t\t\t\t<div class=\"dpt-entry-wrapper\"><div class=\" dpt-featured-content\"><div class=\" dpt-permalink\"><a href=\"https:\/\/www.markus-schall.de\/cs\/2025\/11\/dieter-bohlen-im-klartext-warum-deutschland-an-der-eigenen-buerokratie-scheitert\/\" class=\"dpt-permalink\"><span class=\"screen-reader-text\">Dieter Bohlen im Klartext: Warum Deutschland an der eigenen B\u00fcrokratie scheitert<\/span><\/a><\/div><div class=\" dpt-thumbnail\"><div class=\"dpt-thumbnail-inner\"><img width=\"1536\" height=\"1024\" class=\"attachment-full size-full\" alt=\"Dieter Bohlen im Gespr\u00e4ch mit Dominik Kettner\" context=\"dpt\" data-dpt-src=\"https:\/\/www.markus-schall.de\/wp-content\/uploads\/bohlen-kettner-germany.jpg\" data-dpt-sizes=\"(max-width: 1536px) 100vw, 1536px\" data-dpt-srcset=\"https:\/\/www.markus-schall.de\/wp-content\/uploads\/bohlen-kettner-germany.jpg 1536w, https:\/\/www.markus-schall.de\/wp-content\/uploads\/bohlen-kettner-germany-300x200.jpg 300w, https:\/\/www.markus-schall.de\/wp-content\/uploads\/bohlen-kettner-germany-1024x683.jpg 1024w, https:\/\/www.markus-schall.de\/wp-content\/uploads\/bohlen-kettner-germany-768x512.jpg 768w, https:\/\/www.markus-schall.de\/wp-content\/uploads\/bohlen-kettner-germany-18x12.jpg 18w\" \/><\/div><span class=\"dpt-thumbnail-aspect-ratio\" style=\"padding-top: 75%\"><\/span><\/div><\/div><div class=\" sub-entry\"><h3 class=\" dpt-title\"><a class=\"dpt-title-link\" href=\"https:\/\/www.markus-schall.de\/cs\/2025\/11\/dieter-bohlen-im-klartext-warum-deutschland-an-der-eigenen-buerokratie-scheitert\/\" rel=\"bookmark\">Dieter Bohlen im Klartext: Warum Deutschland an der eigenen B\u00fcrokratie scheitert<\/a><\/h3><\/div><\/div>\n\t\t\t\t\t\t<\/div><!-- .dpt-entry -->\n\t\t\t\t\t\t\t\t\t\t\t\t<div class=\"dpt-entry has-thumbnail\" data-title=\"cancel culture im westen: sport, universit\u00e4ten, milit\u00e4r und eu-sanktionen analysiert\" data-id=\"5009\"  data-category=\"allgemein gesellschaft kunst &amp; kultur\" data-post_tag=\"denkmodelle deutschland europa geopolitik krisen meinungsfreiheit sicherheitspolitik spieltheorie\">\n\t\t\t\t\t\t\t<div class=\"dpt-entry-wrapper\"><div class=\" dpt-featured-content\"><div class=\" dpt-permalink\"><a href=\"https:\/\/www.markus-schall.de\/cs\/2026\/02\/cancel-culture-im-westen-sport-universitaeten-militaer-und-eu-sanktionen-analysiert\/\" class=\"dpt-permalink\"><span class=\"screen-reader-text\">Cancel Culture im Westen: Sport, Universit\u00e4ten, Milit\u00e4r und EU-Sanktionen analysiert<\/span><\/a><\/div><div class=\" dpt-thumbnail\"><div class=\"dpt-thumbnail-inner\"><img width=\"1024\" height=\"683\" class=\"attachment-full size-full\" alt=\"Cancel Culture im Westen\" context=\"dpt\" data-dpt-src=\"https:\/\/www.markus-schall.de\/wp-content\/uploads\/Cancel-Culture-Westen.jpg\" data-dpt-sizes=\"(max-width: 1024px) 100vw, 1024px\" data-dpt-srcset=\"https:\/\/www.markus-schall.de\/wp-content\/uploads\/Cancel-Culture-Westen.jpg 1024w, https:\/\/www.markus-schall.de\/wp-content\/uploads\/Cancel-Culture-Westen-300x200.jpg 300w, https:\/\/www.markus-schall.de\/wp-content\/uploads\/Cancel-Culture-Westen-768x512.jpg 768w, https:\/\/www.markus-schall.de\/wp-content\/uploads\/Cancel-Culture-Westen-18x12.jpg 18w\" \/><\/div><span class=\"dpt-thumbnail-aspect-ratio\" style=\"padding-top: 75%\"><\/span><\/div><\/div><div class=\" sub-entry\"><h3 class=\" dpt-title\"><a class=\"dpt-title-link\" href=\"https:\/\/www.markus-schall.de\/cs\/2026\/02\/cancel-culture-im-westen-sport-universitaeten-militaer-und-eu-sanktionen-analysiert\/\" rel=\"bookmark\">Cancel Culture im Westen: Sport, Universit\u00e4ten, Milit\u00e4r und EU-Sanktionen analysiert<\/a><\/h3><\/div><\/div>\n\t\t\t\t\t\t<\/div><!-- .dpt-entry -->\n\t\t\t\t\t\t\n\t\t\t\t<\/div>\n\t\t\t\t\t\t<\/div>\n\t\t\t\n<hr \/>\n","protected":false},"excerpt":{"rendered":"<p>Kdy\u017e dnes mluv\u00edte s podnikateli o zviditeln\u011bn\u00ed, t\u00e9m\u011b\u0159 v\u017edy jde o dosah. Lid\u00e9 mluv\u00ed o nalezitelnosti na Googlu, soci\u00e1ln\u00edch s\u00edt\u00edch, placen\u00fdch reklam\u00e1ch na Googlu nebo jin\u00fdch platform\u00e1ch, po\u010dtu kliknut\u00ed, sleduj\u00edc\u00edch a interakc\u00edch. Viditelnost je pova\u017eov\u00e1na za p\u0159edpoklad obchodn\u00edho \u00fasp\u011bchu a v mnoha odv\u011btv\u00edch je to pravda. M\u00e1lokdy se v\u0161ak hovo\u0159\u00ed o tom, \u017ee ... <a title=\"Zru\u0161it kulturu na Z\u00e1pad\u011b: anal\u00fdza sportu, univerzit, arm\u00e1dy a sankc\u00ed EU\" class=\"read-more\" href=\"https:\/\/www.markus-schall.de\/cs\/2026\/02\/cancel-culture-im-westen-sport-universitaeten-militaer-und-eu-sanktionen-analysiert\/\" aria-label=\"\u010c\u00edst v\u00edce o Zru\u0161it Kultura na Z\u00e1pad\u011b: Anal\u00fdza sportu, univerzit, arm\u00e1dy a sankc\u00ed EU\">\u010c\u00edst d\u00e1l<\/a><\/p>","protected":false},"author":1,"featured_media":3823,"comment_status":"open","ping_status":"open","sticky":false,"template":"","format":"standard","meta":{"iawp_total_views":68,"footnotes":""},"categories":[466,431,4],"tags":[443,469,473,471,448,485],"class_list":["post-4476","post","type-post","status-publish","format-standard","has-post-thumbnail","hentry","category-gesellschaft","category-ki-systeme","category-tipps-anleitungen","tag-datenlogik","tag-datenschutz","tag-digitales-eigentum","tag-kuenstliche-intelligenz","tag-ratgeber","tag-wordpress"],"_links":{"self":[{"href":"https:\/\/www.markus-schall.de\/cs\/wp-json\/wp\/v2\/posts\/4476","targetHints":{"allow":["GET"]}}],"collection":[{"href":"https:\/\/www.markus-schall.de\/cs\/wp-json\/wp\/v2\/posts"}],"about":[{"href":"https:\/\/www.markus-schall.de\/cs\/wp-json\/wp\/v2\/types\/post"}],"author":[{"embeddable":true,"href":"https:\/\/www.markus-schall.de\/cs\/wp-json\/wp\/v2\/users\/1"}],"replies":[{"embeddable":true,"href":"https:\/\/www.markus-schall.de\/cs\/wp-json\/wp\/v2\/comments?post=4476"}],"version-history":[{"count":19,"href":"https:\/\/www.markus-schall.de\/cs\/wp-json\/wp\/v2\/posts\/4476\/revisions"}],"predecessor-version":[{"id":6154,"href":"https:\/\/www.markus-schall.de\/cs\/wp-json\/wp\/v2\/posts\/4476\/revisions\/6154"}],"wp:featuredmedia":[{"embeddable":true,"href":"https:\/\/www.markus-schall.de\/cs\/wp-json\/wp\/v2\/media\/3823"}],"wp:attachment":[{"href":"https:\/\/www.markus-schall.de\/cs\/wp-json\/wp\/v2\/media?parent=4476"}],"wp:term":[{"taxonomy":"category","embeddable":true,"href":"https:\/\/www.markus-schall.de\/cs\/wp-json\/wp\/v2\/categories?post=4476"},{"taxonomy":"post_tag","embeddable":true,"href":"https:\/\/www.markus-schall.de\/cs\/wp-json\/wp\/v2\/tags?post=4476"}],"curies":[{"name":"wp","href":"https:\/\/api.w.org\/{rel}","templated":true}]}}