{"id":4581,"date":"2026-01-25T06:00:14","date_gmt":"2026-01-25T06:00:14","guid":{"rendered":"https:\/\/www.markus-schall.de\/?p=4581"},"modified":"2026-04-22T15:12:35","modified_gmt":"2026-04-22T15:12:35","slug":"klesajici-skladovani-plynu-v-nemecku-technicke-limity-a-politicke-dusledky","status":"publish","type":"post","link":"https:\/\/www.markus-schall.de\/cs\/2026\/01\/klesajici-skladovani-plynu-v-nemecku-technicke-limity-a-politicke-dusledky\/","title":{"rendered":"Pot\u00e1p\u011bc\u00ed z\u00e1sobn\u00edky plynu v N\u011bmecku: technologie, limity a politick\u00e9 d\u016fsledky"},"content":{"rendered":"<p>Kdy\u017e ve zpr\u00e1v\u00e1ch o <em>\u201e40procentn\u00ed napln\u011bn\u00ed z\u00e1sobn\u00edk\u016f plynu\u201c<\/em> Kdy\u017e mluv\u00edme o procentech, zn\u00ed to na prvn\u00ed pohled abstraktn\u011b. Procenta se zdaj\u00ed b\u00fdt technick\u00e1, vzd\u00e1len\u00e1 ka\u017edodenn\u00edmu \u017eivotu. A p\u0159esto se za n\u00edm skr\u00fdv\u00e1 n\u011bco velmi konkr\u00e9tn\u00edho: ot\u00e1zka, jak stabiln\u00ed jsou na\u0161e dod\u00e1vky energie - nikoliv teoreticky, ale v ka\u017edodenn\u00ed praxi.<\/p>\n<p>Plyn se v N\u011bmecku nepou\u017e\u00edv\u00e1 pouze v pr\u016fmyslov\u00fdch z\u00e1vodech nebo elektr\u00e1rn\u00e1ch. Vyt\u00e1p\u00ed dom\u00e1cnosti, dod\u00e1v\u00e1 teplou vodu, poh\u00e1n\u00ed s\u00edt\u011b d\u00e1lkov\u00e9ho vyt\u00e1p\u011bn\u00ed a v mnoha regionech je st\u00e1le hlavn\u00ed p\u00e1te\u0159\u00ed dod\u00e1vek energie. Na rozd\u00edl od elekt\u0159iny v\u0161ak plyn nelze vyr\u00e1b\u011bt podle libosti \u201estisknut\u00edm tla\u010d\u00edtka\u201c. Mus\u00ed se t\u011b\u017eit, p\u0159epravovat - a p\u0159edev\u0161\u00edm skladovat.<\/p>\n<p>Pr\u00e1v\u011b zde p\u0159ich\u00e1zej\u00ed ke slovu z\u00e1sobn\u00edky plynu. Jsou jako skladi\u0161t\u011b zem\u011b. Dokud je dob\u0159e napln\u011bn\u00e1, m\u00e1lokdo se nad n\u00ed pozastavuje. Pokud se viditeln\u011b vypr\u00e1zdn\u00ed, vyvstanou ot\u00e1zky: Vydr\u017e\u00ed to? Na jak dlouho? A co se stane, kdy\u017e to s n\u00ed p\u016fjde d\u00e1l z kopce?<!--more--><\/p>\n<hr \/>\n\n\t\t\t<div class=\"display-post-types\">\n\n\t\t\t\t\t\t\t<style type=\"text\/css\">\n\t\t\t#dpt-wrapper-429 { --dpt-text-align: left;--dpt-image-crop: center;--dpt-border-radius: 5px;--dpt-h-gutter: 10px;--dpt-v-gutter: 9px; }\t\t\t<\/style>\n\t\t\t<style type=\"text\/css\">#dpt-wrapper-429 { --dpt-title-font-style:normal;--dpt-title-font-weight:600;--dpt-title-line-height:1.5;--dpt-title-text-decoration:none;--dpt-title-text-transform:none;--dpt-excerpt-font-style:normal;--dpt-excerpt-font-weight:400;--dpt-excerpt-line-height:1.5;--dpt-excerpt-text-decoration:none;--dpt-excerpt-text-transform:none;--dpt-meta1-font-style:normal;--dpt-meta1-font-weight:400;--dpt-meta1-line-height:1.9;--dpt-meta1-text-decoration:none;--dpt-meta1-text-transform:none;--dpt-meta2-font-style:normal;--dpt-meta2-font-weight:400;--dpt-meta2-line-height:1.9;--dpt-meta2-text-decoration:none;--dpt-meta2-text-transform:none; }<\/style><div class=\"dpt-main-header\">\n\t\t\t\t\t\t<div class=\"dpt-main-title\">\n\t\t\t\t\t\t\t<span class=\"dpt-main-title-text\">Aktu\u00e1ln\u00ed \u010dl\u00e1nky o um\u011bn\u00ed a kultu\u0159e<\/span>\n\t\t\t\t\t\t<\/div>\n\t\t\t\t\t\t\n\t\t\t\t\t\t\n\t\t\t\t\t\t\n\t\t\t\t\t\t<\/div>\t\t\t\n\t\t\t\t<div id=\"dpt-wrapper-429\" class=\"dpt-wrapper dpt-mag1 land1 dpt-cropped dpt-flex-wrap\" >\n\n\t\t\t\t\t\t\t\t\t\t\t<div class=\"dpt-entry has-thumbnail\" data-title=\"wie war syrien vor dem krieg? wer regiert heute? was bedeutet das f\u00fcr gefl\u00fcchtete in deutschland?\" data-id=\"4628\"  data-category=\"allgemein gesellschaft kunst &amp; kultur\" data-post_tag=\"deutschland europa geopolitik krisen meinungsfreiheit sicherheitspolitik\">\n\t\t\t\t\t\t\t<div class=\"dpt-entry-wrapper\"><div class=\"dpt-featured-content\"><div class=\"dpt-permalink\"><a href=\"https:\/\/www.markus-schall.de\/cs\/2026\/01\/jak-vypadala-syrie-pred-valkou-kdo-dnes-vladne-co-to-znamena-pro-uprchliky-v-nemecku\/\" class=\"dpt-permalink\"><span class=\"screen-reader-text\">Jak\u00e1 byla S\u00fdrie p\u0159ed v\u00e1lkou? Kdo vl\u00e1dne dnes? Co to znamen\u00e1 pro uprchl\u00edky v N\u011bmecku?<\/span><\/a><\/div><div class=\"dpt-thumbnail\"><div class=\"dpt-thumbnail-inner\"><img width=\"1024\" height=\"683\" class=\"attachment-full size-full\" alt=\"S\u00fdrie a Dama\u0161ek\" context=\"dpt\" data-dpt-src=\"https:\/\/www.markus-schall.de\/wp-content\/uploads\/Syrien-Damaskus.jpg\" data-dpt-sizes=\"(max-width: 1024px) 100vw, 1024px\" data-dpt-srcset=\"https:\/\/www.markus-schall.de\/wp-content\/uploads\/Syrien-Damaskus.jpg 1024w, https:\/\/www.markus-schall.de\/wp-content\/uploads\/Syrien-Damaskus-300x200.jpg 300w, https:\/\/www.markus-schall.de\/wp-content\/uploads\/Syrien-Damaskus-768x512.jpg 768w, https:\/\/www.markus-schall.de\/wp-content\/uploads\/Syrien-Damaskus-18x12.jpg 18w\" \/><\/div><span class=\"dpt-thumbnail-aspect-ratio\" style=\"padding-top: 75%\"><\/span><\/div><\/div><div class=\"sub-entry\"><h3 class=\"dpt-title\"><a class=\"dpt-title-link\" href=\"https:\/\/www.markus-schall.de\/cs\/2026\/01\/jak-vypadala-syrie-pred-valkou-kdo-dnes-vladne-co-to-znamena-pro-uprchliky-v-nemecku\/\" rel=\"bookmark\">Jak\u00e1 byla S\u00fdrie p\u0159ed v\u00e1lkou? Kdo vl\u00e1dne dnes? Co to znamen\u00e1 pro uprchl\u00edky v N\u011bmecku?<\/a><\/h3><\/div><\/div>\n\t\t\t\t\t\t<\/div><!-- .dpt-entry -->\n\t\t\t\t\t\t\t\t\t\t\t\t<div class=\"dpt-entry has-thumbnail\" data-title=\"wenn pflicht wieder pflicht wird. eine art essay von herrn von l&#8217;oreot.\" data-id=\"3010\"  data-category=\"allgemein gesellschaft kunst &amp; kultur stories &amp; humor\" data-post_tag=\"deutschland erfahrungen geopolitik krisen pers\u00f6nlichkeitsentwicklung sicherheitspolitik\">\n\t\t\t\t\t\t\t<div class=\"dpt-entry-wrapper\"><div class=\"dpt-featured-content\"><div class=\"dpt-permalink\"><a href=\"https:\/\/www.markus-schall.de\/cs\/2025\/10\/kdyz-se-povinnost-opet-stava-povinnosti-druh-eseje-pana-von-loreota\/\" class=\"dpt-permalink\"><span class=\"screen-reader-text\">Kdy\u017e se povinnost op\u011bt stane povinnost\u00ed. Jak\u00e1si esej pana von L'oreota.<\/span><\/a><\/div><div class=\"dpt-thumbnail\"><div class=\"dpt-thumbnail-inner\"><img width=\"1024\" height=\"683\" class=\"attachment-full size-full\" alt=\"Ne\u010dekan\u00fd telefon\u00e1t\" context=\"dpt\" data-dpt-src=\"https:\/\/www.markus-schall.de\/wp-content\/uploads\/loreot-pflicht-anruf.jpg\" data-dpt-sizes=\"(max-width: 1024px) 100vw, 1024px\" data-dpt-srcset=\"https:\/\/www.markus-schall.de\/wp-content\/uploads\/loreot-pflicht-anruf.jpg 1024w, https:\/\/www.markus-schall.de\/wp-content\/uploads\/loreot-pflicht-anruf-300x200.jpg 300w, https:\/\/www.markus-schall.de\/wp-content\/uploads\/loreot-pflicht-anruf-768x512.jpg 768w, https:\/\/www.markus-schall.de\/wp-content\/uploads\/loreot-pflicht-anruf-18x12.jpg 18w\" \/><\/div><span class=\"dpt-thumbnail-aspect-ratio\" style=\"padding-top: 75%\"><\/span><\/div><\/div><div class=\"sub-entry\"><h3 class=\"dpt-title\"><a class=\"dpt-title-link\" href=\"https:\/\/www.markus-schall.de\/cs\/2025\/10\/kdyz-se-povinnost-opet-stava-povinnosti-druh-eseje-pana-von-loreota\/\" rel=\"bookmark\">Kdy\u017e se povinnost op\u011bt stane povinnost\u00ed. Jak\u00e1si esej pana von L'oreota.<\/a><\/h3><\/div><\/div>\n\t\t\t\t\t\t<\/div><!-- .dpt-entry -->\n\t\t\t\t\t\t\t\t\t\t\t\t<div class=\"dpt-entry has-thumbnail\" data-title=\"jan-josef liefers: ein portr\u00e4t \u00fcber haltung, herkunft und k\u00fcnstlerische freiheit\" data-id=\"3854\"  data-category=\"allgemein gesellschaft kunst &amp; kultur\" data-post_tag=\"deutschland erfahrungen krisen lernen meinungsfreiheit musik pers\u00f6nlichkeitsentwicklung portrait\">\n\t\t\t\t\t\t\t<div class=\"dpt-entry-wrapper\"><div class=\"dpt-featured-content\"><div class=\"dpt-permalink\"><a href=\"https:\/\/www.markus-schall.de\/cs\/2025\/12\/jan-josef-liefers-portret-postoje-puvodu-a-umelecke-svobody\/\" class=\"dpt-permalink\"><span class=\"screen-reader-text\">Jan-Josef Liefers: Portr\u00e9t postoje, p\u016fvodu a um\u011bleck\u00e9 svobody<\/span><\/a><\/div><div class=\"dpt-thumbnail\"><div class=\"dpt-thumbnail-inner\"><img width=\"1024\" height=\"683\" class=\"attachment-full size-full\" alt=\"Jan-Josef Liefers\" context=\"dpt\" data-dpt-src=\"https:\/\/www.markus-schall.de\/wp-content\/uploads\/jan-josef-liefers-silhouette.jpg\" data-dpt-sizes=\"(max-width: 1024px) 100vw, 1024px\" data-dpt-srcset=\"https:\/\/www.markus-schall.de\/wp-content\/uploads\/jan-josef-liefers-silhouette.jpg 1024w, https:\/\/www.markus-schall.de\/wp-content\/uploads\/jan-josef-liefers-silhouette-300x200.jpg 300w, https:\/\/www.markus-schall.de\/wp-content\/uploads\/jan-josef-liefers-silhouette-768x512.jpg 768w, https:\/\/www.markus-schall.de\/wp-content\/uploads\/jan-josef-liefers-silhouette-18x12.jpg 18w\" \/><\/div><span class=\"dpt-thumbnail-aspect-ratio\" style=\"padding-top: 75%\"><\/span><\/div><\/div><div class=\"sub-entry\"><h3 class=\"dpt-title\"><a class=\"dpt-title-link\" href=\"https:\/\/www.markus-schall.de\/cs\/2025\/12\/jan-josef-liefers-portret-postoje-puvodu-a-umelecke-svobody\/\" rel=\"bookmark\">Jan-Josef Liefers: Portr\u00e9t postoje, p\u016fvodu a um\u011bleck\u00e9 svobody<\/a><\/h3><\/div><\/div>\n\t\t\t\t\t\t<\/div><!-- .dpt-entry -->\n\t\t\t\t\t\t\t\t\t\t\t\t<div class=\"dpt-entry has-thumbnail\" data-title=\"mehr als punk: nina hagen, cosma shiva und die kunst, sich nicht vereinnahmen zu lassen\" data-id=\"4521\"  data-category=\"allgemein gesellschaft kunst &amp; kultur\" data-post_tag=\"auswandern deutschland erfahrungen europa krisen meinungsfreiheit musik portrait\">\n\t\t\t\t\t\t\t<div class=\"dpt-entry-wrapper\"><div class=\"dpt-featured-content\"><div class=\"dpt-permalink\"><a href=\"https:\/\/www.markus-schall.de\/cs\/2026\/01\/more-than-punk-nina-hagen-cosma-shiva-a-umeni-nenechat-se-strhnout\/\" class=\"dpt-permalink\"><span class=\"screen-reader-text\">V\u00edce ne\u017e punk: Nina Hagen, Cosma Shiva a um\u011bn\u00ed nenechat se strhnout<\/span><\/a><\/div><div class=\"dpt-thumbnail\"><div class=\"dpt-thumbnail-inner\"><img width=\"1024\" height=\"683\" class=\"attachment-full size-full\" alt=\"Portr\u00e9t Niny a Cosmy Shiva Hagenov\u00fdch\" context=\"dpt\" data-dpt-src=\"https:\/\/www.markus-schall.de\/wp-content\/uploads\/Nina-Cosma-Shiva-Hagen-Titel.jpg\" data-dpt-sizes=\"(max-width: 1024px) 100vw, 1024px\" data-dpt-srcset=\"https:\/\/www.markus-schall.de\/wp-content\/uploads\/Nina-Cosma-Shiva-Hagen-Titel.jpg 1024w, https:\/\/www.markus-schall.de\/wp-content\/uploads\/Nina-Cosma-Shiva-Hagen-Titel-300x200.jpg 300w, https:\/\/www.markus-schall.de\/wp-content\/uploads\/Nina-Cosma-Shiva-Hagen-Titel-768x512.jpg 768w, https:\/\/www.markus-schall.de\/wp-content\/uploads\/Nina-Cosma-Shiva-Hagen-Titel-18x12.jpg 18w\" \/><\/div><span class=\"dpt-thumbnail-aspect-ratio\" style=\"padding-top: 75%\"><\/span><\/div><\/div><div class=\"sub-entry\"><h3 class=\"dpt-title\"><a class=\"dpt-title-link\" href=\"https:\/\/www.markus-schall.de\/cs\/2026\/01\/more-than-punk-nina-hagen-cosma-shiva-a-umeni-nenechat-se-strhnout\/\" rel=\"bookmark\">V\u00edce ne\u017e punk: Nina Hagen, Cosma Shiva a um\u011bn\u00ed nenechat se strhnout<\/a><\/h3><\/div><\/div>\n\t\t\t\t\t\t<\/div><!-- .dpt-entry -->\n\t\t\t\t\t\t\n\t\t\t\t<\/div>\n\t\t\t\t\t\t<\/div>\n\t\t\t\n<hr \/>\n<h2>Nejnov\u011bj\u0161\u00ed zpr\u00e1vy o dod\u00e1vk\u00e1ch plynu v N\u011bmecku<\/h2>\n<p><strong>16.04.2026<\/strong>: N\u011bmeck\u00fd svaz energetick\u00e9ho a vodohospod\u00e1\u0159sk\u00e9ho pr\u016fmyslu (BDEW) p\u0159edpokl\u00e1d\u00e1, \u017ee konflikt v \u00cdr\u00e1nu bude m\u00edt negativn\u00ed dopad na trh s energi\u00ed. <a href=\"https:\/\/www.bdew.de\/energie\/iran-krieg-gas-energiepreise-versorgungssicherheit\/\" target=\"_blank\" rel=\"noopener\"><strong>v\u00fdznamn\u00fd dopad na ceny energi\u00ed<\/strong><\/a> ale bezpe\u010dnost dod\u00e1vek v N\u011bmecku nen\u00ed v sou\u010dasn\u00e9 dob\u011b ohro\u017eena. D\u016fvodem je skute\u010dnost, \u017ee N\u011bmecko z\u00edsk\u00e1v\u00e1 v\u011bt\u0161inu plynu z evropsk\u00fdch zdroj\u016f, jako je Norsko, Nizozemsko a Belgie, a na dod\u00e1vk\u00e1ch z Bl\u00edzk\u00e9ho v\u00fdchodu je p\u0159\u00edmo z\u00e1visl\u00e9 pouze v omezen\u00e9 m\u00ed\u0159e. Nicm\u00e9n\u011b geopolitick\u00e1 rizika - zejm\u00e9na mo\u017en\u00e9 naru\u0161en\u00ed d\u016fle\u017eit\u00fdch obchodn\u00edch tras, jako je Hormuzsk\u00fd pr\u016fliv - zp\u016fsobuj\u00ed na trz\u00edch zna\u010dnou nejistotu a citeln\u011b zvy\u0161uj\u00ed ceny ropy a plynu. V kr\u00e1tkodob\u00e9m horizontu se to ji\u017e odr\u00e1\u017e\u00ed v r\u016fstu cen na spotov\u00e9m trhu a zv\u00fd\u0161en\u00e9 volatilit\u011b.<\/p>\n<div class=\"lyte-wrapper\" style=\"width:640px;max-width:100%;margin:5px;\"><div class=\"lyMe\" id=\"WYL_Crh1ydAzwXc\"><div id=\"lyte_Crh1ydAzwXc\" data-src=\"https:\/\/www.markus-schall.de\/wp-content\/plugins\/wp-youtube-lyte\/lyteCache.php?origThumbUrl=%2F%2Fi.ytimg.com%2Fvi%2FCrh1ydAzwXc%2Fhqdefault.jpg\" class=\"pL\"><div class=\"tC\"><div class=\"tT\"><\/div><\/div><div class=\"play\"><\/div><div class=\"ctrl\"><div class=\"Lctrl\"><\/div><div class=\"Rctrl\"><\/div><\/div><\/div><noscript><a href=\"https:\/\/youtu.be\/Crh1ydAzwXc\" rel=\"nofollow noopener\" target=\"_blank\"><img loading=\"lazy\" decoding=\"async\" src=\"https:\/\/www.markus-schall.de\/wp-content\/plugins\/wp-youtube-lyte\/lyteCache.php?origThumbUrl=https%3A%2F%2Fi.ytimg.com%2Fvi%2FCrh1ydAzwXc%2F0.jpg\" alt=\"Miniatura videa na YouTube\" width=\"640\" height=\"340\" \/><br \/>Pod\u00edvejte se na toto video na YouTube<\/a><\/noscript><\/div><\/div><div class=\"lL\" style=\"max-width:100%;width:640px;margin:5px;\"><\/div><br \/>\nNedostatek ropy a zemn\u00edho plynu: bude se situace je\u0161t\u011b zhor\u0161ovat? | <a href=\"https:\/\/www.youtube.com\/@tagesschau\" target=\"_blank\" rel=\"nofollow noopener\">rozhovor s mu\u017ei<\/a><\/p>\n<p>Z dlouhodob\u00e9ho hlediska bude dal\u0161\u00ed v\u00fdvoj do zna\u010dn\u00e9 m\u00edry z\u00e1viset na d\u00e9lce trv\u00e1n\u00ed a eskalaci konfliktu. Zat\u00edmco fyzick\u00e1 nab\u00eddka z\u016fstane stabiln\u00ed, spole\u010dnosti a spot\u0159ebitele by mohly zat\u00ed\u017eit p\u0159edev\u0161\u00edm rostouc\u00ed n\u00e1klady a zvy\u0161uj\u00edc\u00ed se nejistota na trhu.<\/p>\n<p><strong>05.04.2026<\/strong>: <a href=\"https:\/\/logistik-heute.de\/news\/hoffnung-fuer-europas-gaskrise-lng-aus-afrika-256777.html\" target=\"_blank\" rel=\"noopener\"><strong>Afrika nab\u00fdv\u00e1 na v\u00fdznamu<\/strong><\/a> pro evropsk\u00e9 dod\u00e1vky energie, zejm\u00e9na v oblasti zkapaln\u011bn\u00e9ho zemn\u00edho plynu (LNG). D\u016fvodem je geopolitick\u00e9 nap\u011bt\u00ed a pokra\u010duj\u00edc\u00ed snaha Evropy o sn\u00ed\u017een\u00ed z\u00e1vislosti na st\u00e1vaj\u00edc\u00edch dodavatel\u00edch. Afrika ji\u017e nyn\u00ed pokr\u00fdv\u00e1 v\u00fdznamnou \u010d\u00e1st evropsk\u00fdch pot\u0159eb LNG a tento trend m\u00e1 rostouc\u00ed tendenci. Nov\u00e9 projekty, nap\u0159\u00edklad u pob\u0159e\u017e\u00ed z\u00e1padn\u00ed Afriky nebo v zem\u00edch, jako je Mosambik a Angola, maj\u00ed d\u00e1le roz\u0161\u00ed\u0159it v\u00fdrobn\u00ed kapacity. D\u016fle\u017eitou roli zde hraj\u00ed modern\u00ed technologie, jako jsou plovouc\u00ed za\u0159\u00edzen\u00ed na v\u00fdrobu LNG, proto\u017ee je lze rychleji nasadit a umo\u017e\u0148uj\u00ed flexibiln\u00ed dod\u00e1vky.<\/p>\n<div class=\"lyte-wrapper\" style=\"width:640px;max-width:100%;margin:5px;\"><div class=\"lyMe\" id=\"WYL_VXDwHK7bSe8\"><div id=\"lyte_VXDwHK7bSe8\" data-src=\"https:\/\/www.markus-schall.de\/wp-content\/plugins\/wp-youtube-lyte\/lyteCache.php?origThumbUrl=%2F%2Fi.ytimg.com%2Fvi%2FVXDwHK7bSe8%2Fhqdefault.jpg\" class=\"pL\"><div class=\"tC\"><div class=\"tT\"><\/div><\/div><div class=\"play\"><\/div><div class=\"ctrl\"><div class=\"Lctrl\"><\/div><div class=\"Rctrl\"><\/div><\/div><\/div><noscript><a href=\"https:\/\/youtu.be\/VXDwHK7bSe8\" rel=\"nofollow noopener\" target=\"_blank\"><img loading=\"lazy\" decoding=\"async\" src=\"https:\/\/www.markus-schall.de\/wp-content\/plugins\/wp-youtube-lyte\/lyteCache.php?origThumbUrl=https%3A%2F%2Fi.ytimg.com%2Fvi%2FVXDwHK7bSe8%2F0.jpg\" alt=\"Miniatura videa na YouTube\" width=\"640\" height=\"340\" \/><br \/>Pod\u00edvejte se na toto video na YouTube<\/a><\/noscript><\/div><\/div><div class=\"lL\" style=\"max-width:100%;width:640px;margin:5px;\"><\/div><br \/>\nDokument\u00e1rn\u00ed film: Plyn z Afriky - nov\u00fd zdroj energie pro Evropu? | <a href=\"https:\/\/www.youtube.com\/@nzz_format\" target=\"_blank\" rel=\"nofollow noopener\">Form\u00e1t NZZ<\/a><\/p>\n<p>Hlavn\u00ed v\u00fdhodou africk\u00fdch dod\u00e1vek je jejich geografick\u00e1 bl\u00edzkost k Evrop\u011b, kter\u00e1 m\u016f\u017ee zkr\u00e1tit dobu p\u0159epravy a zv\u00fd\u0161it bezpe\u010dnost dod\u00e1vek. Z\u00e1rove\u0148 v\u0161ak existuj\u00ed zna\u010dn\u00e1 rizika: politick\u00e1 nestabilita, nedostate\u010dn\u00e1 infrastruktura a zpo\u017ed\u011bn\u00ed velk\u00fdch projekt\u016f zpomaluj\u00ed rozvoj. Odborn\u00edci nicm\u00e9n\u011b vid\u00ed velk\u00fd potenci\u00e1l v dlouhodob\u00e9m horizontu. Afrika by se mohla st\u00e1t \u00fast\u0159edn\u00edm prvkem evropsk\u00fdch dod\u00e1vek energie - ale pouze za p\u0159edpokladu, \u017ee investice a politick\u00e9 r\u00e1mcov\u00e9 podm\u00ednky z\u016fstanou stabiln\u00ed.<\/p>\n<p><strong>31.03.2026<\/strong>Evropa po ztr\u00e1t\u011b dod\u00e1vek z rusk\u00fdch plynovod\u016f p\u0159e\u0161la ve velk\u00e9 m\u00ed\u0159e na zkapaln\u011bn\u00fd zemn\u00ed plyn (LNG) - ale pr\u00e1v\u011b tato strategie <a href=\"https:\/\/www.berliner-zeitung.de\/wirtschaft-verantwortung\/lng-ploetzlich-zu-teuer-hat-sich-europa-beim-fluessigerdgas-verrechnet-li.10027611\" target=\"_blank\" rel=\"noopener\"><strong>se nyn\u00ed dost\u00e1v\u00e1 pod tlak<\/strong><\/a>. Geopolitick\u00e9 nap\u011bt\u00ed na Bl\u00edzk\u00e9m v\u00fdchod\u011b, zejm\u00e9na kolem Hormuzsk\u00e9ho pr\u016flivu, zp\u016fsobuje rozs\u00e1hl\u00e9 naru\u0161en\u00ed celosv\u011btov\u00e9ho obchodu s LNG. Zna\u010dn\u00e1 \u010d\u00e1st dod\u00e1vek je ru\u0161ena nebo p\u0159esm\u011brov\u00e1na na lukrativn\u011bj\u0161\u00ed trhy. Z\u00e1rove\u0148 je LNG v\u00fdrazn\u011b dra\u017e\u0161\u00ed ne\u017e p\u0159edchoz\u00ed plyn dod\u00e1van\u00fd plynovody, co\u017e d\u00e1le zvy\u0161uje n\u00e1klady pro Evropu. Odborn\u00edci st\u00e1le \u010dast\u011bji kritizuj\u00ed kalkulaci: Evropa mus\u00ed platit v\u00edce, ale m\u00e1 men\u0161\u00ed jistotu pl\u00e1nov\u00e1n\u00ed. Krom\u011b toho se zost\u0159uje konkurence s Asi\u00ed o dostupn\u00e9 objemy dod\u00e1vek. V\u00fdsledkem jsou rostouc\u00ed ceny a rostouc\u00ed rizika pro napln\u011bn\u00ed z\u00e1sobn\u00edk\u016f plynu p\u0159ed p\u0159\u00ed\u0161t\u00ed zimou. Evropsk\u00e1 energetick\u00e1 politika tak op\u011bt \u010del\u00ed t\u011b\u017ek\u00e9 zkou\u0161ce.<\/p>\n<p><strong>19.03.2026<\/strong>\u00datok na hlavn\u00ed energetickou infrastrukturu Kataru p\u0159edstavuje novou \u00farove\u0148 eskalace konfliktu mezi \u00cdr\u00e1nem, Izraelem a USA. V centru pozornosti je pr\u016fmyslov\u00fd z\u00e1vod Ras Laffan, kter\u00fd zpracov\u00e1v\u00e1 v\u00fdznamnou \u010d\u00e1st sv\u011btov\u00e9 produkce zkapaln\u011bn\u00e9ho zemn\u00edho plynu - poch\u00e1z\u00ed odtud p\u0159ibli\u017en\u011b 20 % sv\u011btov\u00e9 produkce zkapaln\u011bn\u00e9ho zemn\u00edho plynu a t\u0159etina dod\u00e1vek helia. \u00datok byl z\u0159ejm\u011b proveden v reakci na p\u0159edchoz\u00ed \u00fadery proti \u00edr\u00e1nsk\u00e9mu plynov\u00e9mu poli South Pars a zas\u00e1hl tak citliv\u00fd nerv v oblasti glob\u00e1ln\u00edch dod\u00e1vek energie.<\/p>\n<div class=\"lyte-wrapper\" style=\"width:640px;max-width:100%;margin:5px;\"><div class=\"lyMe\" id=\"WYL_77giSceFcN4\"><div id=\"lyte_77giSceFcN4\" data-src=\"https:\/\/www.markus-schall.de\/wp-content\/plugins\/wp-youtube-lyte\/lyteCache.php?origThumbUrl=%2F%2Fi.ytimg.com%2Fvi%2F77giSceFcN4%2Fhqdefault.jpg\" class=\"pL\"><div class=\"tC\"><div class=\"tT\"><\/div><\/div><div class=\"play\"><\/div><div class=\"ctrl\"><div class=\"Lctrl\"><\/div><div class=\"Rctrl\"><\/div><\/div><\/div><noscript><a href=\"https:\/\/youtu.be\/77giSceFcN4\" rel=\"nofollow noopener\" target=\"_blank\"><img loading=\"lazy\" decoding=\"async\" src=\"https:\/\/www.markus-schall.de\/wp-content\/plugins\/wp-youtube-lyte\/lyteCache.php?origThumbUrl=https%3A%2F%2Fi.ytimg.com%2Fvi%2F77giSceFcN4%2F0.jpg\" alt=\"Miniatura videa na YouTube\" width=\"640\" height=\"340\" \/><br \/>Pod\u00edvejte se na toto video na YouTube<\/a><\/noscript><\/div><\/div><div class=\"lL\" style=\"max-width:100%;width:640px;margin:5px;\"><\/div><br \/>\nIzrael ost\u0159eluje \u00edr\u00e1nsk\u00e9 plynov\u00e9 pole, \u00cdr\u00e1n odpov\u00edd\u00e1 \u00fatoky na Katar a Sa\u00fadskou Ar\u00e1bii <a href=\"https:\/\/www.youtube.com\/@zeit\" target=\"_blank\" rel=\"nofollow noopener\">\u010cAS<\/a><\/p>\n<p>Hospod\u00e1\u0159sk\u00e9 d\u016fsledky by mohly daleko p\u0159es\u00e1hnout trh s energi\u00ed. <a href=\"https:\/\/www.wiwo.de\/politik\/ausland\/angriff-auf-katar-was-der-ausfall-von-ras-laffan-fuer-oelpreis-und-chipindustrie-bedeutet\/100209786.html\" target=\"_blank\" rel=\"noopener\"><strong>Odborn\u00edci varuj\u00ed p\u0159ed dlouhodob\u00fdm nedostatkem nab\u00eddky<\/strong><\/a>, co\u017e se m\u016f\u017ee prot\u00e1hnout na m\u011bs\u00edce nebo dokonce roky. R\u016fst cen ropy a zemn\u00edho plynu se ji\u017e pova\u017euje za pravd\u011bpodobn\u00fd - s p\u0159\u00edm\u00fdm dopadem na pr\u016fmysl a inflaci. Obzvl\u00e1\u0161t\u011b posti\u017een\u00fd je \u010dipov\u00fd pr\u016fmysl, kter\u00fd je z\u00e1visl\u00fd na stabiln\u00edch dod\u00e1vk\u00e1ch energie a helia. Eskalace se tedy net\u00fdk\u00e1 pouze regionu, ale i kl\u00ed\u010dov\u00fdch struktur sv\u011btov\u00e9 ekonomiky.<\/p>\n<p><strong>14.03.2026<\/strong>: Z ned\u00e1vn\u00e9 zpr\u00e1vy v Berliner Zeitung vypl\u00fdv\u00e1, \u017ee p\u0159echod Evropy na dod\u00e1vky plynu po rusk\u00e9m embargu \u010del\u00ed velk\u00e9 v\u00fdzv\u011b. <a href=\"https:\/\/www.berliner-zeitung.de\/wirtschaft-verantwortung\/russland-verbot-und-lng-knappheit-europas-gas-wird-teurer-und-riskanter-li.10022541\" target=\"_blank\" rel=\"noopener\"><strong>struktur\u00e1ln\u00ed v\u00fdzva<\/strong><\/a>. Po rozhodnut\u00ed EU zcela se vzd\u00e1t rusk\u00e9ho plynu do roku 2027 se mnohem v\u00edce prosazuje LNG (zkapaln\u011bn\u00fd zemn\u00ed plyn) - pod\u00edl dovozu LNG na dod\u00e1vk\u00e1ch plynu do EU ned\u00e1vno vzrostl na v\u00edce ne\u017e 43 %. LNG je v\u0161ak obecn\u011b dra\u017e\u0161\u00ed a volatiln\u011bj\u0161\u00ed ne\u017e rusk\u00fd potrubn\u00ed plyn a geopolitick\u00e9 nap\u011bt\u00ed, jako je \u00edr\u00e1nsk\u00e1 krize, situaci je\u0161t\u011b zhor\u0161uje. V\u00fdsledkem jsou rostouc\u00ed ceny energi\u00ed, nejist\u00e1 \u00farove\u0148 skladov\u00e1n\u00ed a st\u00e1le riskantn\u011bj\u0161\u00ed obchodov\u00e1n\u00ed s plynem p\u0159i celosv\u011btov\u00e9 konkurenci o omezen\u00e9 dod\u00e1vky LNG.<\/p>\n<p><strong>09.03.2026<\/strong>Podle <a href=\"https:\/\/www.berliner-zeitung.de\/wirtschaft-verantwortung\/europa-kaempft-um-knappes-lng-gasspeicher-befuellung-kostet-117-milliarden-euro-mehr-li.10022752\" target=\"_blank\" rel=\"noopener\"><strong>Zpr\u00e1va v Berliner Zeitung<\/strong><\/a> dopl\u0148ov\u00e1n\u00ed evropsk\u00fdch z\u00e1sobn\u00edk\u016f plynu na nadch\u00e1zej\u00edc\u00ed zimu by mohlo b\u00fdt v\u00fdrazn\u011b dra\u017e\u0161\u00ed, ne\u017e se dosud p\u0159edpokl\u00e1dalo. D\u016fvodem je zv\u00fd\u0161en\u00e1 konkurence v oblasti celosv\u011btov\u011b dostupn\u00fdch dod\u00e1vek LNG a geopolitick\u00e9 nap\u011bt\u00ed, kter\u00e9 vytv\u00e1\u0159\u00ed dal\u0161\u00ed tlak na trh s plynem. Odborn\u00edci p\u0159edpokl\u00e1daj\u00ed, \u017ee Evropa bude muset obstarat p\u0159ibli\u017en\u011b 700 n\u00e1klad\u016f LNG, aby do p\u0159\u00ed\u0161t\u00ed zimy dostate\u010dn\u011b naplnila sv\u00e1 skladovac\u00ed za\u0159\u00edzen\u00ed. Vzhledem ke zv\u00fd\u0161en\u00fdm cen\u00e1m by celkov\u00e9 napln\u011bn\u00ed mohlo \u010dinit zhruba <strong>N\u00e1klady o 11,7 miliardy eur vy\u0161\u0161\u00ed<\/strong> ne\u017e v p\u0159edchoz\u00edm roce. Tato situace ukazuje, jak moc jsou nyn\u00ed dod\u00e1vky energie do Evropy z\u00e1visl\u00e9 na sv\u011btov\u00fdch trz\u00edch s LNG a jak citliv\u00fd je tento syst\u00e9m na mezin\u00e1rodn\u00ed krize.<\/p>\n<p><strong>05.03.2026<\/strong>: Rusk\u00fd prezident Vladimir Putin v sou\u010dasn\u00e9 dob\u011b p\u0159ezkoum\u00e1v\u00e1 (<a href=\"https:\/\/www.spiegel.de\/wirtschaft\/unternehmen\/gas-aus-russland-wladimir-putin-erwaegt-sofortigen-stopp-der-lieferungen-in-die-eu-a-3eddf265-fd65-4646-9cb3-bdd52525f096\" target=\"_blank\" rel=\"noopener\"><strong>Spiegel Online<\/strong><\/a>, <a href=\"https:\/\/www.reuters.com\/business\/energy\/putin-suggests-russia-could-stop-supplying-gas-european-markets-now-2026-03-04\/\" target=\"_blank\" rel=\"noopener\"><strong>Reuters<\/strong><\/a>), zda by m\u011bly b\u00fdt dod\u00e1vky plynu do Evropsk\u00e9 unie okam\u017eit\u011b zastaveny, a to je\u0161t\u011b p\u0159edt\u00edm, ne\u017e bude pln\u011b realizov\u00e1n ji\u017e schv\u00e1len\u00fd pl\u00e1n EU na postupn\u00e9 ukon\u010den\u00ed dod\u00e1vek rusk\u00e9ho plynu. Podle rusk\u00fdch m\u00e9di\u00ed Putin zva\u017euje, \u017ee dod\u00e1vky zru\u0161\u00ed a m\u00edsto toho se spolehne na jin\u00e9, \u201cspolehliv\u011bj\u0161\u00ed\u201d exportn\u00ed trhy, proto\u017ee EU chce dovoz zcela ukon\u010dit nejpozd\u011bji do roku 2027. Tato hrozba p\u0159ich\u00e1z\u00ed v dob\u011b glob\u00e1ln\u00ed energetick\u00e9 nejistoty, kdy se projevuje i geopolitick\u00e9 nap\u011bt\u00ed na trhu s plynem. Pokud by Moskva dod\u00e1vky skute\u010dn\u011b pozastavila, bylo by v l\u00e9t\u011b mnohem obt\u00ed\u017en\u011bj\u0161\u00ed naplnit evropsk\u00e9 z\u00e1sobn\u00edky plynu a vznikl by dal\u0161\u00ed tlak na energetick\u00e9 trhy, proto\u017ee alternativn\u00ed dodavatelsk\u00e9 kapacity, jako je LNG nebo dovozn\u00ed plynovodn\u00ed s\u00edt\u011b, by pak byly je\u0161t\u011b v\u00edce \u017e\u00e1dan\u00e9.<\/p>\n<p>Aktu\u00e1ln\u00ed stav z\u00e1sobn\u00edk\u016f plynu v N\u011bmecku je k dispozici na adrese <a href=\"https:\/\/www.bundesnetzagentur.de\/DE\/Gasversorgung\/aktuelle_gasversorgung\/_svg\/Gasspeicher_Fuellstand\/Speicherfuellstand.html\" target=\"_blank\" rel=\"noopener\"><strong>Feder\u00e1ln\u00ed s\u00ed\u0165ov\u00e1 agentura<\/strong><\/a> lze zobrazit se zpo\u017ed\u011bn\u00edm n\u011bkolika dn\u016f na aktu\u00e1ln\u00ed den. \u00dadaje o v\u0161ech z\u00e1sobn\u00edc\u00edch plynu v N\u011bmecku a Evrop\u011b jsou k dispozici v re\u00e1ln\u00e9m \u010dase. <strong><a href=\"https:\/\/agsi.gie.eu\" target=\"_blank\" rel=\"noopener\">k dispozici na webov\u00fdch str\u00e1nk\u00e1ch AGSI<\/a><\/strong>.<\/p>\n<hr \/>\n<h2>Spot\u0159eba plynu nen\u00ed rovnom\u011brn\u00e1 - a to je pr\u00e1v\u011b ten probl\u00e9m.<\/h2>\n<p>Ve ve\u0159ejn\u00e9 diskusi se \u010dasto podce\u0148uje jeden kl\u00ed\u010dov\u00fd bod: spot\u0159eba plynu velmi kol\u00eds\u00e1. A ne jen trochu, ale masivn\u011b. V l\u00e9t\u011b je spot\u0159eba pom\u011brn\u011b n\u00edzk\u00e1. Topn\u00e9 syst\u00e9my t\u00e9m\u011b\u0159 neb\u011b\u017e\u00ed, tepl\u00e1 voda se pou\u017e\u00edv\u00e1 \u00fasporn\u011bji a mnoho pr\u016fmyslov\u00fdch proces\u016f lze pl\u00e1novat d\u016fsledn\u011bji. V zim\u011b naopak popt\u00e1vka prudce stoup\u00e1 - v z\u00e1vislosti na teplot\u011b, pov\u011btrnostn\u00edch podm\u00ednk\u00e1ch a hospod\u00e1\u0159sk\u00e9 aktivit\u011b.<\/p>\n<p>Plyn se v\u0161ak net\u011b\u017e\u00ed \u201ena sklad\u201c jako uhl\u00ed nebo ropa. Plynuje pr\u016fb\u011b\u017en\u011b potrub\u00edm nebo je vykl\u00e1d\u00e1n jako zkapaln\u011bn\u00fd zemn\u00ed plyn. Tyto toky dod\u00e1vek jsou relativn\u011b konstantn\u00ed, ale spot\u0159eba nikoli. Pr\u00e1v\u011b zde vznik\u00e1 struktur\u00e1ln\u00ed mezera:<\/p>\n<ul>\n<li>V <strong>L\u00e9to<\/strong> do zem\u011b vstupuje v\u00edce plynu, ne\u017e se spot\u0159ebuje.<\/li>\n<li>V <strong>Zimn\u00ed<\/strong> spot\u0159ebuje se podstatn\u011b v\u00edce plynu, ne\u017e je mo\u017en\u00e9 kr\u00e1tkodob\u011b dodat.<\/li>\n<\/ul>\n<p>Tento syst\u00e9m by bez skladov\u00e1n\u00ed nefungoval. V l\u00e9t\u011b by byly p\u0159ebytky a v zim\u011b nedostatek - bez ohledu na spolehlivost dodavatel\u016f.<\/p>\n<h3>Za\u0159\u00edzen\u00ed na skladov\u00e1n\u00ed plynu proto nejsou luxusem, ale technickou nutnost\u00ed.<\/h3>\n<p>Z\u00e1sobn\u00edky plynu nenahrazuj\u00ed dod\u00e1vky - jsou \u010dasovou rezervou. D\u016fle\u017eitou chybou v my\u0161len\u00ed je pova\u017eovat z\u00e1sobn\u00edky plynu za \u201erezervu pro p\u0159\u00edpad nouze\u201c. To skute\u010dn\u011b jsou - ale p\u0159edev\u0161\u00edm jsou n\u011b\u010d\u00edm jin\u00fdm: vyrovn\u00e1vac\u00edm mechanismem.<\/p>\n<p>M\u016f\u017eete si to p\u0159edstavit jako n\u00e1dr\u017e na vodu, kter\u00e1 se nach\u00e1z\u00ed mezi st\u00e1lou dod\u00e1vkou a siln\u011b kol\u00edsaj\u00edc\u00ed spot\u0159ebou. N\u00e1dr\u017e sama o sob\u011b nic nevyr\u00e1b\u00ed. Pouze zaji\u0161\u0165uje, \u017ee nab\u00eddka a popt\u00e1vka mohou b\u00fdt v pr\u016fb\u011bhu \u010dasu odd\u011bleny. To tak\u00e9 znamen\u00e1, \u017ee z\u00e1sobn\u00edky plynu nenahrazuj\u00ed pr\u016fb\u011b\u017en\u00e9 dod\u00e1vky. Mohou pouze doplnit, zm\u00edrnit a p\u0159eklenout mezeru. Pokud se po del\u0161\u00ed dobu odeb\u00edr\u00e1 v\u00edce plynu, ne\u017e se skladuje, hladina n\u00e1pln\u011b nevyhnuteln\u011b klesne - bez ohledu na to, jak velk\u00fd byl p\u016fvodn\u011b z\u00e1sobn\u00edk.<\/p>\n<p>Toto zji\u0161t\u011bn\u00ed je d\u016fle\u017eit\u00e9 pro spr\u00e1vnou klasifikaci procent. Skladovac\u00ed n\u00e1dr\u017e s napln\u011bn\u00edm 40 % m\u016f\u017ee b\u00fdt zcela nekritick\u00e1 v situaci stabiln\u00edho z\u00e1sobov\u00e1n\u00ed - nebo naopak v\u010dasn\u00fdm varovn\u00fdm sign\u00e1lem v napjat\u00e9 situaci. Samotn\u00e9 \u010d\u00edslo vypov\u00edd\u00e1 jen m\u00e1lo. Rozhoduj\u00edc\u00ed je kontext.<\/p>\n<h3>Pro\u010d je N\u011bmecko obzvl\u00e1\u0161t\u011b z\u00e1visl\u00e9 na skladov\u00e1n\u00ed<\/h3>\n<p>N\u011bmecko po desetilet\u00ed budovalo plyn\u00e1renskou infrastrukturu, kter\u00e1 byla navr\u017eena pro plynul\u00e9 dod\u00e1vky a vysokou spolehlivost. Dlouhou dobu p\u0159itom hr\u00e1l \u00fast\u0159edn\u00ed roli potrubn\u00ed plyn z n\u011bkolika snadno pl\u00e1novateln\u00fdch zdroj\u016f. Ned\u00edlnou sou\u010d\u00e1st\u00ed tohoto syst\u00e9mu byly z\u00e1sobn\u00edky - nikoli jako v\u00fdjimka, ale jako norma.<\/p>\n<p>N\u011bmecko nav\u00edc nen\u00ed tradi\u010dn\u00ed producentskou zem\u00ed. V\u011bt\u0161ina zemn\u00edho plynu byla a je dov\u00e1\u017eena. To automaticky zvy\u0161uje v\u00fdznam skladovac\u00edch za\u0159\u00edzen\u00ed, proto\u017ee nab\u00edzej\u00ed:<\/p>\n<ul>\n<li>\u010casov\u00e1 flexibilita<\/li>\n<li>Bezpe\u010dnost dod\u00e1vek v p\u0159\u00edpad\u011b p\u0159eru\u0161en\u00ed dod\u00e1vek<\/li>\n<li>Stabilita v extr\u00e9mn\u00edch pov\u011btrnostn\u00edch podm\u00ednk\u00e1ch<\/li>\n<li>\u00daleva pro s\u00edt\u011b v dob\u011b odb\u011brov\u00fdch \u0161pi\u010dek<\/li>\n<\/ul>\n<p>Stru\u010dn\u011b \u0159e\u010deno: bez skladov\u00e1n\u00ed by n\u011bmeck\u00e1 plyn\u00e1rensk\u00e1 s\u00ed\u0165 byla struktur\u00e1ln\u011b nestabiln\u00ed.<\/p>\n<h3>Hladina napln\u011bn\u00ed se nerovn\u00e1 dostupnosti<\/h3>\n<p>Jeden bod, kter\u00fd bude hr\u00e1t hlavn\u00ed roli ve zbytku \u010dl\u00e1nku, by m\u011bl b\u00fdt zm\u00edn\u011bn ji\u017e zde: Vysok\u00e1 \u00farove\u0148 pln\u011bn\u00ed neznamen\u00e1 automaticky vysok\u00fd v\u00fdkon. Z\u00e1sobn\u00edky plynu funguj\u00ed fyzik\u00e1ln\u011b prost\u0159ednictv\u00edm tlaku. \u010c\u00edm jsou pln\u011bj\u0161\u00ed, t\u00edm snadn\u011bji se z nich plyn vyt\u011b\u017e\u00ed. Pokud hladina napln\u011bn\u00ed kles\u00e1, kles\u00e1 i tlak - a s n\u00edm i maxim\u00e1ln\u00ed mo\u017en\u00e9 mno\u017estv\u00ed odb\u011bru za den.<\/p>\n<p>Je to srovnateln\u00e9 s lahv\u00ed na vodu: dokud je pln\u00e1, voda snadno te\u010de. \u010c\u00edm je pr\u00e1zdn\u011bj\u0161\u00ed, t\u00edm v\u00edc ji mus\u00edte vykl\u00e1p\u011bt, prot\u0159ep\u00e1vat a pom\u00e1hat si. V ur\u010dit\u00e9m okam\u017eiku st\u00e1le n\u011bjak\u00e1 vyt\u00e9k\u00e1 - ale ne v mno\u017estv\u00ed, kter\u00e9 byste mohli pot\u0159ebovat.<\/p>\n<p>Z hlediska dod\u00e1vek to znamen\u00e1, \u017ee existuje nejen \u201epr\u00e1zdn\u00e1\u201c hranice, ale tak\u00e9 funk\u010dn\u00ed prahov\u00e9 hodnoty, p\u0159i jejich\u017e p\u0159ekro\u010den\u00ed z\u00e1sobn\u00edky je\u0161t\u011b obsahuj\u00ed plyn, ale ji\u017e nemohou dod\u00e1vat dostate\u010dnou kapacitu. Toto rozli\u0161en\u00ed je z\u00e1sadn\u00ed - a bude podrobn\u011bji vysv\u011btleno pozd\u011bji.<\/p>\n<p>Procenta maj\u00ed psychologick\u00fd \u00fa\u010dinek. 40 procent zn\u00ed jako \u201eje\u0161t\u011b nen\u00ed kritick\u00e9\u201c, 80 procent jako \u201ebezpe\u010dn\u00e9\u201c, 10 procent jako \u201ealarm\u201c. V technick\u00fdch syst\u00e9mech jsou v\u0161ak takov\u00e9 line\u00e1rn\u00ed interpretace \u010dasto chybn\u00e9.<\/p>\n<p>Z\u00e1sobn\u00edk nen\u00ed line\u00e1rn\u00ed n\u00e1doba, kter\u00e1 funguje rovnom\u011brn\u011b od 100 do 0. Jej\u00ed chov\u00e1n\u00ed se sp\u00ed\u0161e m\u011bn\u00ed s klesaj\u00edc\u00ed hladinou n\u00e1pln\u011b. Existuj\u00ed i dal\u0161\u00ed faktory:<\/p>\n<ul>\n<li>Typ pam\u011bti<\/li>\n<li>N\u00e1vrh syst\u00e9mu<\/li>\n<li>Sou\u010dasn\u00e1 m\u00edra sta\u017een\u00ed<\/li>\n<li>Situace v s\u00edti<\/li>\n<li>Pov\u011btrnostn\u00ed podm\u00ednky<\/li>\n<\/ul>\n<p>Dob\u0159e napln\u011bn\u00e1 n\u00e1dr\u017e na podzim m\u00e1 zcela jin\u00fd v\u00fdznam ne\u017e stejn\u00e1 hladina v \u00fanoru, kdy je je\u0161t\u011b zima. Ti, kte\u0159\u00ed se d\u00edvaj\u00ed pouze na procenta, tyto korelace p\u0159ehl\u00ed\u017eej\u00ed.<\/p>\n<p>Pr\u00e1v\u011b proto se vyplat\u00ed pod\u00edvat se na toto t\u00e9ma strukturovan\u011b - ne v titulc\u00edch, ale v souvislostech.<\/p>\n<h3>St\u0159\u00edzliv\u00fd pohled nam\u00edsto popla\u0161n\u00e9 zpr\u00e1vy<\/h3>\n<p>Tato kapitola - a cel\u00fd \u010dl\u00e1nek - z\u00e1m\u011brn\u011b nezast\u00e1v\u00e1 alarmistick\u00fd p\u0159\u00edstup. Panika nikomu nepom\u016f\u017ee. Ale nepom\u00e1h\u00e1 ani zleh\u010dov\u00e1n\u00ed nebo opom\u00edjen\u00ed nep\u0159\u00edjemn\u00fdch technick\u00fdch skute\u010dnost\u00ed. Z\u00e1sobn\u00edky plynu nejsou ani v\u0161el\u00e9kem, ani tikaj\u00edc\u00ed \u010dasovanou bombou. Jsou velmi slo\u017eit\u00fdm n\u00e1strojem pro stabilizaci dod\u00e1vek energie, kter\u00fd se osv\u011bd\u010dil v pr\u016fb\u011bhu desetilet\u00ed. Znalost jejich limit\u016f nen\u00ed projevem strachu, ale pochopen\u00ed.<\/p>\n<p>V n\u00e1sleduj\u00edc\u00ed kapitole se proto konkr\u00e9tn\u011b pod\u00edv\u00e1me na to, jak je n\u011bmeck\u00e9 prost\u0159ed\u00ed skladov\u00e1n\u00ed plynu strukturov\u00e1no: jak\u00e9 jsou typy skladovac\u00edch za\u0159\u00edzen\u00ed, kde se nach\u00e1zej\u00ed, jak jsou velk\u00e1 - a pro\u010d je jejich konstrukce rozhoduj\u00edc\u00ed pro to, jak se budou chovat v kritick\u00fdch f\u00e1z\u00edch. Abstraktn\u00ed \u00fadaj \u201e40 %\u201c se tak prom\u011bn\u00ed ve srozumiteln\u00fd obraz.<\/p>\n<h2>Skladov\u00e1n\u00ed plynu v N\u011bmecku: lokality, typy a kapacity<\/h2>\n<p>Kdo si p\u0159edstavuje n\u011bmeck\u00e9 z\u00e1sobn\u00edky plynu jako jednu velkou centralizovanou n\u00e1dr\u017e, m\u00fdl\u00ed se. Ve skute\u010dnosti se jedn\u00e1 o hust\u011b rozlo\u017eenou s\u00ed\u0165 mnoha jednotliv\u00fdch z\u00e1sobn\u00edk\u016f, kter\u00e9 historicky vznikaly tam, kde tomu odpov\u00eddala geologie, infrastruktura a popt\u00e1vka. Tato decentralizace nen\u00ed n\u00e1hoda, ale faktor stability: umo\u017e\u0148uje region\u00e1ln\u00ed vyrovn\u00e1vac\u00ed pohyby, zkracuje p\u0159epravn\u00ed trasy a sni\u017euje z\u00e1vislost na jednotliv\u00fdch uzlech.<\/p>\n<p>V N\u011bmecku se nach\u00e1z\u00ed celkem asi 40 podzemn\u00edch z\u00e1sobn\u00edk\u016f plynu (v z\u00e1vislosti na tom, jak jsou jednotliv\u00e9 jeskyn\u011b spo\u010d\u00edt\u00e1ny a shrnuty). To znamen\u00e1, \u017ee N\u011bmecko ji\u017e n\u011bkolik desetilet\u00ed pat\u0159\u00ed k zem\u00edm s nejv\u011bt\u0161\u00ed skladovac\u00ed kapacitou v Evrop\u011b. Tato za\u0159\u00edzen\u00ed jsou soust\u0159ed\u011bna p\u0159edev\u0161\u00edm v severn\u00edm a z\u00e1padn\u00edm N\u011bmecku, dal\u0161\u00ed shluky se nach\u00e1zej\u00ed v ji\u017en\u00edm N\u011bmecku.<\/p>\n<p><img loading=\"lazy\" decoding=\"async\" class=\"alignnone wp-image-4587 size-large\" src=\"https:\/\/www.markus-schall.de\/wp-content\/uploads\/Gasspeicher-Deutschland-Standorte.jpg\" alt=\"Um\u00edst\u011bn\u00ed z\u00e1sobn\u00edk\u016f plynu v N\u011bmecku\" width=\"1024\" height=\"683\" srcset=\"https:\/\/www.markus-schall.de\/wp-content\/uploads\/Gasspeicher-Deutschland-Standorte.jpg 1024w, https:\/\/www.markus-schall.de\/wp-content\/uploads\/Gasspeicher-Deutschland-Standorte-300x200.jpg 300w, https:\/\/www.markus-schall.de\/wp-content\/uploads\/Gasspeicher-Deutschland-Standorte-768x512.jpg 768w, https:\/\/www.markus-schall.de\/wp-content\/uploads\/Gasspeicher-Deutschland-Standorte-18x12.jpg 18w\" sizes=\"auto, (max-width: 1024px) 100vw, 1024px\" \/><\/p>\n<h3>Pro\u010d jsou z\u00e1sobn\u00edky plynu um\u00edst\u011bny tam, kde jsou<\/h3>\n<p>Um\u00edst\u011bn\u00ed z\u00e1sobn\u00edku plynu nen\u00ed politick\u00fdm p\u0159\u00e1n\u00edm, ale geologick\u00fdm. Rozhoduj\u00edc\u00ed jsou dv\u011b podm\u00ednky:<\/p>\n<ol>\n<li><strong>Vhodn\u00e9 podzemn\u00ed formace<\/strong>Ne ka\u017ed\u00e9 podlo\u017e\u00ed je vhodn\u00e9 pro skladov\u00e1n\u00ed velk\u00e9ho mno\u017estv\u00ed plynu. Zvl\u00e1\u0161t\u011b \u017e\u00e1dan\u00e9 jsou soln\u00e9 d\u00f3my (pro skladov\u00e1n\u00ed v jeskyn\u00edch) nebo por\u00e9zn\u00ed horninov\u00e9 vrstvy b\u00fdval\u00fdch plynov\u00fdch nebo ropn\u00fdch pol\u00ed.<\/li>\n<li><strong>P\u0159ipojen\u00ed k plynov\u00e9 s\u00edti<\/strong>Skladovac\u00ed za\u0159\u00edzen\u00ed je m\u00e1lo u\u017eite\u010dn\u00e9, pokud nen\u00ed \u00fa\u010dinn\u011b integrov\u00e1no do p\u0159enosov\u00e9 soustavy. Mnoho n\u011bmeck\u00fdch z\u00e1sobn\u00edk\u016f se proto nach\u00e1z\u00ed v bl\u00edzkosti historicky rostl\u00fdch tranzitn\u00edch os a center spot\u0159eby.<\/li>\n<\/ol>\n<p>Tato kombinace vysv\u011btluje, pro\u010d se velk\u00e9 sklady nach\u00e1zej\u00ed p\u0159edev\u0161\u00edm v Doln\u00edm Sasku, Severn\u00edm Por\u00fdn\u00ed-Vestf\u00e1lsku, Sasku-Anhaltsku, Bavorsku a B\u00e1densku-W\u00fcrttembersku.<\/p>\n<h3>Dva z\u00e1kladn\u00ed typy: Dutinov\u00e9 \u00falo\u017ei\u0161t\u011b a p\u00f3rov\u00e9 \u00falo\u017ei\u0161t\u011b<\/h3>\n<p>Skladovac\u00ed prost\u0159ed\u00ed v N\u011bmecku lze technicky omezit na dva hlavn\u00ed typy. Oba pln\u00ed stejn\u00fd \u00fakol, ale v\u00fdrazn\u011b se li\u0161\u00ed sv\u00fdm chov\u00e1n\u00edm.<\/p>\n<p><strong>Kavernov\u00e9 \u00falo\u017ei\u0161t\u011b - rychl\u00e9, flexibiln\u00ed, v\u00fdkonn\u00e9<\/strong><\/p>\n<p>Jeskynn\u00ed \u00falo\u017ei\u0161t\u011b jsou vytvo\u0159ena um\u011ble. Z hlubok\u00fdch soln\u00fdch \u00fatvar\u016f se vyplavuj\u00ed velk\u00e9 dutiny, kter\u00e9 se n\u00e1sledn\u011b zapln\u00ed plynem. S\u016fl je pro tento \u00fa\u010del ide\u00e1ln\u00ed: je hust\u00e1, stabiln\u00ed a samouzav\u00edrac\u00ed. Typick\u00e9 vlastnosti:<\/p>\n<ul>\n<li>Velmi vysok\u00e1 kapacita ukl\u00e1d\u00e1n\u00ed a vyhled\u00e1v\u00e1n\u00ed<\/li>\n<li>Vhodn\u00e9 zejm\u00e9na pro kr\u00e1tkodob\u00e9 \u0161pi\u010dky (nap\u0159. chladn\u00e1 obdob\u00ed).<\/li>\n<li>Pom\u011brn\u011b mal\u00fd objem \u00falo\u017ei\u0161t\u011b, ale vysok\u00e1 dynamika<\/li>\n<\/ul>\n<p>Jeskynn\u00ed z\u00e1soby lze ozna\u010dit za \u201esprintov\u00e9 rezervy\u201c syst\u00e9mu. Nejsou prim\u00e1rn\u011b ur\u010deny k nep\u0159etr\u017eit\u00e9mu \u010derp\u00e1n\u00ed v pr\u016fb\u011bhu m\u011bs\u00edc\u016f, ale k rychl\u00e9 reakci na v\u00fdkyvy v popt\u00e1vce.<\/p>\n<p><strong>Skladov\u00e1n\u00ed v p\u00f3rech - velkoobjemov\u00e9, inertn\u00ed, vyrovn\u00e1vac\u00ed<\/strong><\/p>\n<p>P\u00f3rov\u00e1 \u00falo\u017ei\u0161t\u011b vyu\u017e\u00edvaj\u00ed b\u00fdval\u00e1 lo\u017eiska zemn\u00edho plynu nebo ropy nebo vrstvy hornin s p\u0159irozen\u00fdm obsahem vody. Plyn se ukl\u00e1d\u00e1 v p\u00f3rech horniny - podobn\u011b jako voda v houb\u011b. Typick\u00e9 vlastnosti:<\/p>\n<ul>\n<li>Velmi velk\u00e1 \u00falo\u017en\u00e1 kapacita<\/li>\n<li>Ni\u017e\u0161\u00ed kapacita skladov\u00e1n\u00ed a vyhled\u00e1v\u00e1n\u00ed<\/li>\n<li>Ide\u00e1ln\u00ed pro sez\u00f3nn\u00ed vyrovn\u00e1v\u00e1n\u00ed (l\u00e9to \u2192 zima)<\/li>\n<\/ul>\n<p>Syst\u00e9my pro skladov\u00e1n\u00ed v p\u00f3rech jsou \u201eb\u011b\u017eci na dlouh\u00e9 vzd\u00e1lenosti\u201c p\u0159i dod\u00e1vk\u00e1ch plynu. Dod\u00e1vaj\u00ed plyn nep\u0159etr\u017eit\u011b po dlouh\u00e1 \u010dasov\u00e1 obdob\u00ed, ale m\u00e9n\u011b pru\u017en\u011b reaguj\u00ed na kr\u00e1tkodob\u00e9 \u0161pi\u010dkov\u00e9 zat\u00ed\u017een\u00ed.<\/p>\n<h3>Pracovn\u00ed plyn, pol\u0161t\u00e1\u0159ov\u00fd plyn - a pro\u010d kapacita nen\u00ed tot\u00e9\u017e co vyu\u017eiteln\u00e9 mno\u017estv\u00ed<\/h3>\n<p>Kdy\u017e se mluv\u00ed o \u201ekapacit\u011b\u201c n\u011bmeck\u00fdch z\u00e1sobn\u00edk\u016f plynu, t\u00e9m\u011b\u0159 v\u017edy se t\u00edm mysl\u00ed pracovn\u00ed objem plynu. To je \u010d\u00e1st plynu, kterou lze skute\u010dn\u011b vtla\u010dit a odebrat b\u011bhem b\u011b\u017en\u00e9ho provozu. To je t\u0159eba odli\u0161ovat od pol\u0161t\u00e1\u0159ov\u00e9ho plynu:<\/p>\n<ul>\n<li>Z\u016fst\u00e1v\u00e1 trvale v pam\u011bti<\/li>\n<li>Zaji\u0161\u0165uje pot\u0159ebn\u00fd minim\u00e1ln\u00ed tlak<\/li>\n<li>Bez plynov\u00e9ho pol\u0161t\u00e1\u0159e by z\u00e1sobn\u00edk nebyl technicky provozuschopn\u00fd.<\/li>\n<\/ul>\n<p>V z\u00e1vislosti na typu skladovac\u00ed n\u00e1dr\u017ee m\u016f\u017ee b\u00fdt obsah plynu v pol\u0161t\u00e1\u0159i zna\u010dn\u00fd. V p\u00f3rov\u00fdch z\u00e1sobn\u00edc\u00edch je obecn\u011b vy\u0161\u0161\u00ed ne\u017e v jeskyn\u00edch. To znamen\u00e1, \u017ee<br \/>\nZ\u00e1sobn\u00edk se m\u016f\u017ee jevit jako \u201epln\u00fd\u201c, i kdy\u017e zna\u010dn\u00e1 \u010d\u00e1st plynu nem\u016f\u017ee b\u00fdt nikdy pou\u017eita pro z\u00e1sobov\u00e1n\u00ed.<\/p>\n<p>To je d\u016fle\u017eit\u00e9 pro vn\u00edm\u00e1n\u00ed ve\u0159ejnosti, proto\u017ee celkov\u00e9 objemy jsou \u010dasto uv\u00e1d\u011bny bez vysv\u011btlen\u00ed tohoto rozd\u00edlu. Pokud chcete spr\u00e1vn\u011b pochopit kapacity, mus\u00edte se v\u017edy pt\u00e1t: Kolik z toho je skute\u010dn\u011b provozn\u00ed plyn?<\/p>\n<h3>\u0158\u00e1dov\u011b: Kolik plynu m\u016f\u017ee N\u011bmecko uskladnit?<\/h3>\n<p>Celkov\u00e1 provozn\u00ed kapacita n\u011bmeck\u00fdch z\u00e1sobn\u00edk\u016f plynu \u010din\u00ed p\u0159ibli\u017en\u011b 23 a\u017e 24 miliard metr\u016f krychlov\u00fdch, co\u017e odpov\u00edd\u00e1 p\u0159ibli\u017en\u011b 240 a\u017e 250 terawatthodin\u00e1m energie. To zn\u00ed jako hodn\u011b - a tak\u00e9 je. V\u00fdznam tohoto \u010d\u00edsla se v\u0161ak odv\u00edj\u00ed pouze v pom\u011bru:<\/p>\n<ul>\n<li>To zhruba odpov\u00edd\u00e1 dv\u011bma a\u017e dv\u011bma a p\u016fl pr\u016fm\u011brn\u00fdm zimn\u00edm m\u011bs\u00edc\u016fm spot\u0159eby plynu.<\/li>\n<li>Nesta\u010d\u00ed p\u0159eklenout cel\u00e9 topn\u00e9 obdob\u00ed bez pr\u016fb\u011b\u017en\u00fdch dovoz\u016f.<\/li>\n<li>Sta\u010d\u00ed zm\u00edrnit v\u00fdpadky dod\u00e1vek, nikoliv je trvale nahradit.<\/li>\n<\/ul>\n<p>Jedn\u00e1 se o b\u011b\u017en\u00fd omyl: z\u00e1sobn\u00edky plynu nejsou sob\u011bsta\u010dn\u00fdm syst\u00e9mem dod\u00e1vek, ale n\u00e1razn\u00edkem v r\u00e1mci prob\u00edhaj\u00edc\u00edho trhu.<\/p>\n<h3>Struktura provozovatele: soukrom\u00e9 z\u00e1vody se syst\u00e9mov\u00fdm v\u00fdznamem<\/h3>\n<p>Dal\u0161\u00ed bod, kter\u00fd je \u010dasto \u0161patn\u011b ch\u00e1p\u00e1n: V\u011bt\u0161inu z\u00e1sobn\u00edk\u016f plynu v N\u011bmecku vlastn\u00ed soukrom\u00ed nebo polosoukrom\u00ed provozovatel\u00e9. Nejedn\u00e1 se o st\u00e1tn\u00ed nouzov\u00e9 z\u00e1sobn\u00edky v tradi\u010dn\u00edm smyslu.<\/p>\n<p>Mnoho provozovatel\u016f z cel\u00e9ho odv\u011btv\u00ed je sdru\u017eeno v N\u011bmeck\u00e9m svazu pro skladov\u00e1n\u00ed energie (Verband Energien Speichern e.V.), kter\u00fd sdru\u017euje z\u00e1jmy plyn\u00e1rensk\u00fdch spole\u010dnost\u00ed a spole\u010dnost\u00ed zab\u00fdvaj\u00edc\u00edch se skladov\u00e1n\u00edm energie. Skladovac\u00ed za\u0159\u00edzen\u00ed jsou vyu\u017e\u00edv\u00e1na na tr\u017en\u00edm z\u00e1klad\u011b - tj. v z\u00e1vislosti na cen\u00e1ch, smlouv\u00e1ch a ekonomick\u00fdch o\u010dek\u00e1v\u00e1n\u00edch.<\/p>\n<p>Pouze ve v\u00fdjime\u010dn\u00fdch situac\u00edch st\u00e1t zasahuje do regulace, nap\u0159\u00edklad prost\u0159ednictv\u00edm z\u00e1konn\u00fdch po\u017eadavk\u016f na \u00farove\u0148 pln\u011bn\u00ed nebo v r\u00e1mci pl\u00e1nu pro stav nouze v plyn\u00e1renstv\u00ed. To tak\u00e9 vysv\u011btluje, pro\u010d by \u00farovn\u011b skladov\u00e1n\u00ed nem\u011bly b\u00fdt posuzov\u00e1ny izolovan\u011b: V\u017edy jsou tak\u00e9 v\u00fdsledkem tr\u017en\u00edch rozhodnut\u00ed.<\/p>\n<h3>Region\u00e1ln\u00ed rozd\u00edly a jejich v\u00fdznam<\/h3>\n<p>Ne ka\u017ed\u00e9 skladovac\u00ed za\u0159\u00edzen\u00ed je stejn\u011b d\u016fle\u017eit\u00e9. N\u011bkter\u00e1 za\u0159\u00edzen\u00ed z\u00e1sobuj\u00ed p\u0159edev\u0161\u00edm region\u00e1ln\u00ed s\u00edt\u011b, zat\u00edmco jin\u00e1 maj\u00ed syst\u00e9mov\u00fd v\u00fdznam pro celou p\u0159enosovou soustavu. Velk\u00e1 p\u00f3rov\u00e1 \u00falo\u017ei\u0161t\u011b mohou z\u00e1sobovat z\u00e1kladn\u00ed zat\u00ed\u017een\u00ed po cel\u00e9 t\u00fddny, zat\u00edmco jeskyn\u011b mohou poskytnout obrovsk\u00e9 mno\u017estv\u00ed b\u011bhem n\u011bkolika dn\u00ed - a stejn\u011b rychle se mohou op\u011bt vypr\u00e1zdnit.<\/p>\n<p>Pro celkovou stabilitu tedy nen\u00ed d\u016fle\u017eit\u00fd jen sou\u010det v\u0161ech \u00falo\u017en\u00fdch jednotek, ale tak\u00e9 sou\u010det v\u0161ech \u00falo\u017en\u00fdch jednotek:<\/p>\n<ul>\n<li>jejich zem\u011bpisn\u00e9 roz\u0161\u00ed\u0159en\u00ed<\/li>\n<li>jejich technick\u00e9 proveden\u00ed<\/li>\n<li>jejich za\u010dlen\u011bn\u00ed do s\u00edt\u011b<\/li>\n<\/ul>\n<p>\u00dazk\u00e9 m\u00edsto v jednom regionu nelze v\u017edy snadno kompenzovat skladov\u00e1n\u00edm na druh\u00e9m konci zem\u011b.<\/p>\n<p>Z toho je z\u0159ejm\u00e9, \u017ee n\u011bmeck\u00e9 skladov\u00e1n\u00ed plynu je slo\u017eit\u00e9, efektivn\u00ed a omezen\u00e9. Nefunguje podle jednoduch\u00e9 procentu\u00e1ln\u00ed logiky, ale podle fyzik\u00e1ln\u00edch a technick\u00fdch pravidel.<\/p>\n<p>V dal\u0161\u00ed kapitole se proto pod\u00edv\u00e1me o krok hloub\u011bji: Co se stane z technick\u00e9ho hlediska, kdy\u017e se skladovac\u00ed n\u00e1dr\u017ee vypr\u00e1zdn\u00ed? Pro\u010d se sni\u017euje nejen mno\u017estv\u00ed, ale tak\u00e9 rychlost odb\u011bru - a pro\u010d pojmy jako \u201e15 % zb\u00fdvaj\u00edc\u00ed hladiny\u201c znamenaj\u00ed v\u00edce ne\u017e jen symbolickou zna\u010dku. Teprve pak je jasn\u00e9, kdy se skladovac\u00ed n\u00e1dr\u017e st\u00e1v\u00e1 skute\u010dn\u011b kritickou - a pro\u010d k tomu \u010dasto doch\u00e1z\u00ed d\u0159\u00edve, ne\u017e mnoz\u00ed o\u010dek\u00e1vaj\u00ed.<\/p>\n<h3>P\u0159ehled dostupn\u00fdch typ\u016f pam\u011bti<\/h3>\n<div style=\"overflow: auto;\">\n<table>\n<thead>\n<tr style=\"background: #f2f2f2;\">\n<th>Typ pam\u011bti<\/th>\n<th>Technick\u00fd princip<\/th>\n<th>Siln\u00e9 str\u00e1nky v provozu<\/th>\n<th>Typick\u00e1 role v syst\u00e9mu<\/th>\n<th>Vlastnosti<\/th>\n<\/tr>\n<\/thead>\n<tbody>\n<tr>\n<td><strong>Jeskynn\u00ed \u00falo\u017ei\u0161t\u011b<\/strong> (s\u016fl)<\/td>\n<td>Um\u011ble proplachovan\u00e9 dutiny v soln\u00fdch \u00fatvarech.<\/td>\n<td>Vysok\u00e1 kapacita skladov\u00e1n\u00ed\/vyu\u017eit\u00ed, rychl\u00e1 reakce na \u0161pi\u010dkovou popt\u00e1vku.<\/td>\n<td>\u201eSprintov\u00e1 rezerva\u201c pro kr\u00e1tkodob\u00e9 \u0161pi\u010dky zat\u00ed\u017een\u00ed (nap\u0159. chladn\u00e1 obdob\u00ed).<\/td>\n<td>M\u016f\u017ee rychle dodat hodn\u011b, ale m\u016f\u017ee tak\u00e9 rychleji \u201edynamicky\u201c klesat.<\/td>\n<\/tr>\n<tr>\n<td><strong>Skladov\u00e1n\u00ed v p\u00f3rech<\/strong> (b\u00fdval\u00e1 plynov\u00e1\/ropn\u00e1 pole)<\/td>\n<td>P\u0159i skladov\u00e1n\u00ed v por\u00e9zn\u00edch hornin\u00e1ch je plyn rozpt\u00fdlen v \u00fatvaru.<\/td>\n<td>Velmi velk\u00e1 kapacita, vhodn\u00e1 pro del\u0161\u00ed dobu v\u00fdb\u011bru.<\/td>\n<td>\u201eD\u00e1lkov\u00e1 rezerva\u201c pro sez\u00f3nn\u00ed vyrovn\u00e1n\u00ed (l\u00e9to \u2192 zima).<\/td>\n<td>V\u00fdkon m\u016f\u017ee b\u00fdt pomalej\u0161\u00ed; samotn\u00e1 kapacita o denn\u00edm mno\u017estv\u00ed vypov\u00edd\u00e1 jen m\u00e1lo.<\/td>\n<\/tr>\n<tr>\n<td><strong>Ukl\u00e1d\u00e1n\u00ed do vodonosn\u00e9 vrstvy<\/strong> (vodonosn\u00e9)<\/td>\n<td>Skladov\u00e1n\u00ed ve vrstv\u00e1ch hornin obsahuj\u00edc\u00edch vodu (technicky n\u00e1ro\u010dn\u00e9).<\/td>\n<td>M\u016f\u017ee poskytnout dal\u0161\u00ed kapacitu, pokud je to geologicky vhodn\u00e9.<\/td>\n<td>Dopl\u0148kov\u00e9 skladov\u00e1n\u00ed tam, kde chyb\u00ed jin\u00e9 struktury.<\/td>\n<td>Slo\u017eit\u011bj\u0161\u00ed v z\u00e1vislosti na syst\u00e9mu; prohl\u00e1\u0161en\u00ed o v\u00fdkonnosti jsou velmi z\u00e1visl\u00e1 na m\u00edst\u011b.<\/td>\n<\/tr>\n<\/tbody>\n<\/table>\n<\/div>\n<h2>\u010c\u00e1st, kterou mnoz\u00ed p\u0159ehl\u00ed\u017eej\u00ed: Pol\u0161t\u00e1\u0159ov\u00fd plyn, tlak a rychlost ods\u00e1v\u00e1n\u00ed<\/h2>\n<p>Kdy\u017e se mluv\u00ed o n\u00e1dr\u017e\u00edch na plyn, rychle se vyno\u0159\u00ed p\u0159edstava rovnom\u011brn\u011b se vyprazd\u0148uj\u00edc\u00ed n\u00e1dr\u017ee: naho\u0159e pln\u00e1, dole pr\u00e1zdn\u00e1, mezi nimi jednoduch\u00e1 stupnice. Tato p\u0159edstava je intuitivn\u00ed - ale technicky nespr\u00e1vn\u00e1. Z\u00e1sobn\u00edk plynu nen\u00ed pasivn\u00ed n\u00e1doba, ale syst\u00e9m z\u00e1visl\u00fd na tlaku. A pr\u00e1v\u011b tento bod je ve ve\u0159ejn\u00e9 diskusi t\u00e9m\u011b\u0159 v\u017edy p\u0159ehl\u00ed\u017een.<\/p>\n<p>Z\u00e1sobn\u00edk dod\u00e1v\u00e1 plyn nikoli proto, \u017ee v n\u011bm st\u00e1le \u201en\u011bco je\u201c, ale proto, \u017ee je v n\u011bm dostate\u010dn\u00fd tlak na to, aby se plyn uvol\u0148oval do s\u00edt\u011b dostate\u010dnou rychlost\u00ed. Pokud tlak klesne, kles\u00e1 nejen mno\u017estv\u00ed, ale p\u0159edev\u0161\u00edm v\u00fdkon z\u00e1sobn\u00edku. To je j\u00e1dro t\u00e9to kapitoly.<\/p>\n<h3>Plynov\u00fd pol\u0161t\u00e1\u0159: neviditeln\u00e1 z\u00e1kladna z\u00e1sobov\u00e1n\u00ed<\/h3>\n<p>Ka\u017ed\u00e9 podzemn\u00ed z\u00e1sobn\u00edk plynu vy\u017eaduje minim\u00e1ln\u00ed mno\u017estv\u00ed plynu, kter\u00e9 v n\u011bm trvale z\u016fst\u00e1v\u00e1. Tomuto plynu se \u0159\u00edk\u00e1 z\u00e1sobn\u00ed plyn. Pln\u00ed \u010dist\u011b technickou funkci:<\/p>\n<ul>\n<li>Vytv\u00e1\u0159en\u00ed a udr\u017eov\u00e1n\u00ed pot\u0159ebn\u00e9 \u00farovn\u011b tlaku<\/li>\n<li>Stabilizace geologick\u00e9 struktury<\/li>\n<li>Zaji\u0161t\u011bn\u00ed t\u011b\u017eebn\u00ed schopnosti pracovn\u00edho plynu<\/li>\n<\/ul>\n<p>Bez plynov\u00e9ho pol\u0161t\u00e1\u0159e by skladovac\u00ed za\u0159\u00edzen\u00ed jednodu\u0161e nebylo provozuschopn\u00e9. Nejedn\u00e1 se o \u201erezervn\u00ed plyn\u201c pro hor\u0161\u00ed \u010dasy, ale o z\u00e1kladn\u00ed p\u0159edpoklad pro to, aby bylo mo\u017en\u00e9 plyn v\u016fbec odeb\u00edrat. Z\u00e1sadn\u00ed bod:<\/p>\n<p>Plynov\u00fd pol\u0161t\u00e1\u0159 nen\u00ed sou\u010d\u00e1st\u00ed dostupn\u00fdch z\u00e1sob. Nelze jej pou\u017e\u00edt, ani\u017e by do\u0161lo k ohro\u017een\u00ed samotn\u00e9 skladovac\u00ed n\u00e1dr\u017ee nebo k jej\u00edmu znefunk\u010dn\u011bn\u00ed. V z\u00e1vislosti na typu skladovac\u00ed n\u00e1dr\u017ee se pod\u00edl plynu na vyrovn\u00e1vac\u00ed n\u00e1dr\u017ei pohybuje zhruba mezi:<\/p>\n<ul>\n<li>cca 20-40 % pro jeskynn\u00ed skladovac\u00ed syst\u00e9my<\/li>\n<li>\u010d\u00e1ste\u010dn\u011b v\u00fdrazn\u011b vy\u0161\u0161\u00ed u por\u00e9zn\u00edch skladovac\u00edch n\u00e1dr\u017e\u00ed.<\/li>\n<\/ul>\n<p>Tyto \u00fadaje nejsou p\u0159esn\u00fdmi mezn\u00edmi hodnotami, ale \u0159\u00e1dov\u00fdmi hodnotami. Je z nich v\u0161ak z\u0159ejm\u00e9, pro\u010d tvrzen\u00ed \u201ez\u00e1sobn\u00edk je st\u00e1le pln\u00fd z X %\u201c nem\u00e1 bez kontextu velk\u00fd v\u00fdznam.<\/p>\n<h3>Pracovn\u00ed plyn nen\u00ed okam\u017eit\u011b pou\u017eiteln\u00fd - alespo\u0148 ne v\u017edy.<\/h3>\n<p>Plyn nad pol\u0161t\u00e1\u0159ov\u00fdm plynem se ozna\u010duje jako pracovn\u00ed plyn. Je to \u010d\u00e1st, kter\u00e1 je teoreticky k dispozici pro z\u00e1sobov\u00e1n\u00ed. I zde v\u0161ak plat\u00ed n\u00e1sleduj\u00edc\u00ed: \u201ek dispozici\u201c neznamen\u00e1 automaticky \u201em\u016f\u017ee b\u00fdt vyvol\u00e1n dle libosti\u201c. Pracovn\u00ed plyn lze efektivn\u011b odeb\u00edrat pouze tehdy, pokud:<\/p>\n<ul>\n<li>tlak je dostate\u010dn\u011b vysok\u00fd<\/li>\n<li>syst\u00e9m ukl\u00e1d\u00e1n\u00ed je pro to navr\u017een<\/li>\n<li>p\u0159ipojen\u00e1 s\u00ed\u0165 m\u016f\u017ee absorbovat mno\u017estv\u00ed<\/li>\n<\/ul>\n<p>\u010c\u00edm v\u00edce kles\u00e1 hladina n\u00e1pln\u011b, t\u00edm v\u00edce se syst\u00e9m p\u0159ibli\u017euje oblasti, ve kter\u00e9 je pracovn\u00ed plyn st\u00e1le p\u0159\u00edtomen, ale lze jej ods\u00e1vat jen pomalu nebo v omezen\u00e9 m\u00ed\u0159e.<\/p>\n<p>To nen\u00ed politick\u00fd probl\u00e9m, ale \u010dist\u011b fyzik\u00e1ln\u00ed.<\/p>\n<h3>Tlak: rozhoduj\u00edc\u00ed faktor v\u0161ech procentn\u00edch \u00fadaj\u016f<\/h3>\n<p>Plyn neproud\u00ed s\u00e1m od sebe. \u0158\u00edd\u00ed se tlakov\u00fdmi rozd\u00edly. V z\u00e1sobn\u00edku to znamen\u00e1, \u017ee \u010d\u00edm je z\u00e1sobn\u00edk pln\u011bj\u0161\u00ed, t\u00edm vy\u0161\u0161\u00ed je tlak - a t\u00edm snaz\u0161\u00ed je plyn vyt\u011b\u017eit.<\/p>\n<p>Na za\u010d\u00e1tku vyprazd\u0148ov\u00e1n\u00ed se z\u00e1sobn\u00edky pohybuj\u00ed v tzv. plato rozsahu. V tomto rozsahu lze po del\u0161\u00ed dobu dod\u00e1vat t\u00e9m\u011b\u0159 konstantn\u00ed odb\u011brn\u00e9 mno\u017estv\u00ed. Pr\u00e1v\u011b zde se syst\u00e9my c\u00edt\u00ed \u201estabiln\u00ed\u201c. Pokud hladina napln\u011bn\u00ed d\u00e1le kles\u00e1, doch\u00e1z\u00ed k n\u00e1sleduj\u00edc\u00edmu:<\/p>\n<ul>\n<li>tlak kles\u00e1<\/li>\n<li>maxim\u00e1ln\u00ed mo\u017en\u00fd denn\u00ed v\u00fdb\u011br se sni\u017euje<\/li>\n<li>Syst\u00e9m skladov\u00e1n\u00ed reaguje na \u0161pi\u010dky v popt\u00e1vce pomaleji.<\/li>\n<\/ul>\n<p>V ur\u010dit\u00e9m okam\u017eiku z\u00e1sobn\u00edk opust\u00ed oblast plo\u0161iny. Od tohoto okam\u017eiku ji\u017e nen\u00ed limituj\u00edc\u00edm faktorem mno\u017estv\u00ed uskladn\u011bn\u00e9ho plynu, ale rychlost odb\u011bru. To je okam\u017eik, kdy \u00farove\u0148 skladov\u00e1n\u00ed m\u016f\u017ee je\u0161t\u011b p\u016fsobit uklid\u0148uj\u00edc\u00edm psychologick\u00fdm dojmem, ale z technick\u00e9ho hlediska ji\u017e za\u010d\u00edn\u00e1 b\u00fdt kritick\u00e1.<\/p>\n<hr \/>\n<h3>Aktu\u00e1ln\u00ed pr\u016fzkum d\u016fv\u011bry v politiku<\/h3>\n<div class='bootstrap-yop yop-poll-mc'>\n\t\t\t\t\t\t\t<div class=\"basic-yop-poll-container\" style=\"background-color:#ffffff; border:0px; border-style:solid; border-color:#000000; border-radius:5px; padding:0px 5px;\" data-id=\"1\" data-temp=\"basic-pretty\" data-skin=\"square\" data-cscheme=\"blue\" data-cap=\"0\" data-access=\"guest\" data-tid=\"\" data-uid=\"20958f6d7e692f03b8e1f85049a3bf98\" data-pid=\"4521\" data-resdet=\"votes-number,percentages\" data-show-results-to=\"guest\" data-show-results-moment=\"after-vote\" data-show-results-only=\"false\" data-show-message=\"true\" data-show-results-as=\"bar\" data-sort-results-by=\"as-defined\" data-sort-results-rule=\"asc\"data-is-ended=\"0\" data-percentages-decimals=\"2\" data-gdpr=\"no\" data-gdpr-sol=\"consent\" data-css=\"\" data-counter=\"0\" data-load-with=\"1\" data-notification-section=\"top\"><div class=\"row\"><div class=\"col-md-12\"><div class=\"basic-inner\"><div class=\"basic-message hide\" style=\"border-left: 10px solid #008000; padding: 0px 10px;\" data-error=\"#ff0000\" data-success=\"#008000\"><p class=\"basic-message-text\" style=\"color:#000000; font-size:14px; font-weight:normal;\"><\/p><\/div><div class=\"basic-overlay hide\"><div class=\"basic-vote-options\"><\/div><div class=\"basic-preloader\"><div class=\"basic-windows8\"><div class=\"basic-wBall basic-wBall_1\"><div class=\"basic-wInnerBall\"><\/div><\/div><div class=\"basic-wBall basic-wBall_2\"><div class=\"basic-wInnerBall\"><\/div><\/div><div class=\"basic-wBall basic-wBall_3\"><div class=\"basic-wInnerBall\"><\/div><\/div><div class=\"basic-wBall basic-wBall_4\"><div class=\"basic-wInnerBall\"><\/div><\/div><div class=\"basic-wBall basic-wBall_5\"><div class=\"basic-wInnerBall\"><\/div><\/div><\/div><\/div><\/div><form class=\"basic-form\" action=\"\"><input type=\"hidden\" name=\"_token\" value=\"913c75d9bd\" autocomplete=\"off\"><div class=\"basic-elements\"><div class=\"basic-element basic-question basic-question-text-vertical\" data-id=\"1\" data-uid=\"87edd449160498a5d7dfb654b0f132a4\" data-type=\"question\" data-question-type=\"text\" data-required=\"yes\" data-allow-multiple=\"no\" data-min=\"1\" data-max=\"1\" data-display=\"vertical\" data-colnum=\"\" data-display-others=\"no\" data-others-color=\"\" data-others=\"\" data-others-max-chars=\"0\"><div class=\"basic-question-title\"><h5 style=\"color:#000000; font-size:16px; font-weight:normal; text-align:left;\">Jakou d\u016fv\u011bru m\u00e1te v politiku a m\u00e9dia v N\u011bmecku?<\/h5><\/div><ul class=\"basic-answers\"><li class=\"basic-answer\" style=\"padding:0px 0px;\" data-id=\"1\" data-type=\"text\" data-vn=\"10\" data-color=\"#000000\" data-make-link=\"no\" data-link=\"\"><div class=\"basic-answer-content basic-text-vertical\"><label for=\"answer[1]\" class=\"basic-answer-label\"><input type=\"radio\" id=\"answer[1]\" name=\"answer[1]\" value=\"1\"><span class=\"basic-text\" style=\"color: #000000; font-size: 14px; font-weight: normal;\">Velmi vysok\u00e1 - pln\u011b d\u016fv\u011b\u0159uji ofici\u00e1ln\u00edm org\u00e1n\u016fm<\/span><\/label><\/div><\/li><li class=\"basic-answer\" style=\"padding:0px 0px;\" data-id=\"2\" data-type=\"text\" data-vn=\"22\" data-color=\"#000000\" data-make-link=\"no\" data-link=\"\"><div class=\"basic-answer-content basic-text-vertical\"><label for=\"answer[2]\" class=\"basic-answer-label\"><input type=\"radio\" id=\"answer[2]\" name=\"answer[1]\" value=\"2\"><span class=\"basic-text\" style=\"color: #000000; font-size: 14px; font-weight: normal;\">St\u0159edn\u00ed - Jsem opatrn\u00fd, ale ne z\u00e1sadn\u011b podez\u0159\u00edvav\u00fd.<\/span><\/label><\/div><\/li><li class=\"basic-answer\" style=\"padding:0px 0px;\" data-id=\"3\" data-type=\"text\" data-vn=\"53\" data-color=\"#000000\" data-make-link=\"no\" data-link=\"\"><div class=\"basic-answer-content basic-text-vertical\"><label for=\"answer[3]\" class=\"basic-answer-label\"><input type=\"radio\" id=\"answer[3]\" name=\"answer[1]\" value=\"3\"><span class=\"basic-text\" style=\"color: #000000; font-size: 14px; font-weight: normal;\">N\u00edzk\u00e1 - mnoho v\u011bc\u00ed si kontroluji s\u00e1m<\/span><\/label><\/div><\/li><li class=\"basic-answer\" style=\"padding:0px 0px;\" data-id=\"4\" data-type=\"text\" data-vn=\"251\" data-color=\"#000000\" data-make-link=\"no\" data-link=\"\"><div class=\"basic-answer-content basic-text-vertical\"><label for=\"answer[4]\" class=\"basic-answer-label\"><input type=\"radio\" id=\"answer[4]\" name=\"answer[1]\" value=\"4\"><span class=\"basic-text\" style=\"color: #000000; font-size: 14px; font-weight: normal;\">T\u00e9m\u011b\u0159 neexistuj\u00edc\u00ed - domn\u00edv\u00e1m se, \u017ee mnoh\u00e9 je zast\u0159en\u00e9 nebo zinscenovan\u00e9.<\/span><\/label><\/div><\/li><\/ul><\/div><div class=\"clearfix\"><\/div><\/div><div class=\"basic-vote\"><a href=\"#\" class=\"button basic-vote-button\" role=\"button\" style=\"background:#027bb8; border:0px; border-style: solid; border-color:#1636f0; border-radius:5px; padding:10px 10px; color:#ffffff; font-size:14px; font-weight:normal;\">Hlasujte na<\/a><\/div><input type=\"hidden\" name=\"trp-form-language\" value=\"cs\"\/><\/form><\/div><\/div><\/div><\/div>\n\t\t\t\t\t\t<\/div>\n<hr \/>\n<h3>M\u00edra stahov\u00e1n\u00ed: Pro\u010d \u201eplynu je st\u00e1le dost\u201c nesta\u010d\u00ed<\/h3>\n<p>Rozhoduj\u00edc\u00edm faktorem pro dod\u00e1vky nen\u00ed to, kolik plynu je je\u0161t\u011b v z\u00e1sobn\u00edku, ale kolik plynu lze denn\u011b vyt\u011b\u017eit. Zjednodu\u0161en\u00fd p\u0159\u00edklad:<\/p>\n<ul>\n<li>V z\u00e1sobn\u00edku je st\u00e1le dostatek plynu na n\u011bkolik t\u00fddn\u016f.<\/li>\n<li>Sou\u010dasn\u011b maxim\u00e1ln\u00ed denn\u00ed odb\u011br ji\u017e nesta\u010d\u00ed k pokryt\u00ed b\u011b\u017en\u00e9 spot\u0159eby.<\/li>\n<\/ul>\n<p>V takov\u00e9m p\u0159\u00edpad\u011b vznik\u00e1 probl\u00e9m se z\u00e1sobov\u00e1n\u00edm, i kdy\u017e z\u00e1sobn\u00edk nen\u00ed \u201epr\u00e1zdn\u00fd\u201c. Syst\u00e9m neselh\u00e1v\u00e1 kv\u016fli mno\u017estv\u00ed, ale kv\u016fli kapacit\u011b. To je pr\u00e1v\u011b druh\u00fd, \u010dasto p\u0159ehl\u00ed\u017een\u00fd pr\u00e1h syst\u00e9m\u016f skladov\u00e1n\u00ed plynu:<\/p>\n<p>Na str\u00e1nk\u00e1ch <strong>Prahov\u00e1 hodnota v\u00fdkonu<\/strong>, ne pr\u00e1zdn\u00fd limit. Tato hranice nen\u00ed stanovena na konkr\u00e9tn\u00ed procentu\u00e1ln\u00ed hodnotu. Z\u00e1vis\u00ed na:<\/p>\n<ul>\n<li>Typ pam\u011bti<\/li>\n<li>N\u00e1vrh syst\u00e9mu<\/li>\n<li>Situace v s\u00edti<\/li>\n<li>spot\u0159eba proudu<\/li>\n<\/ul>\n<p>Proto obecn\u00e1 tvrzen\u00ed typu \u201epod 15 % se st\u00e1v\u00e1 kritick\u00fdm\u201c nejsou zcela zcestn\u00e1, ale jsou p\u0159\u00edli\u0161 hrub\u00e1 na to, aby mohla slou\u017eit jako pevn\u00e1 hranice.<\/p>\n<h3>Pro\u010d jsou n\u00edzk\u00e9 hladiny syst\u00e9mov\u011b citliv\u011bj\u0161\u00ed ne\u017e vysok\u00e9 hladiny<\/h3>\n<p>Skladovac\u00ed n\u00e1dr\u017ee jsou pom\u011brn\u011b robustn\u00ed ve vysok\u00e9m rozsahu pln\u011bn\u00ed. Mal\u00e9 v\u00fdkyvy lze technicky dob\u0159e absorbovat. \u010c\u00edm n\u00ed\u017ee kles\u00e1 hladina pln\u011bn\u00ed, t\u00edm je syst\u00e9m citliv\u011bj\u0161\u00ed:<\/p>\n<ul>\n<li>Mal\u00e9 zv\u00fd\u0161en\u00ed spot\u0159eby m\u00e1 v\u011bt\u0161\u00ed dopad<\/li>\n<li>Chladn\u00e1 kouzla zasahuj\u00ed rychleji<\/li>\n<li>Technick\u00e9 rezervy se zmen\u0161uj\u00ed<\/li>\n<\/ul>\n<p>M\u016f\u017eete to p\u0159irovnat k autu, jeho\u017e palivom\u011br se bl\u00ed\u017e\u00ed k \u010derven\u00e9mu p\u00e1smu. Ne proto, \u017ee by se auto okam\u017eit\u011b zastavilo, ale proto, \u017ee ka\u017ed\u00e9 dal\u0161\u00ed zat\u00ed\u017een\u00ed se najednou st\u00e1v\u00e1 relevantn\u00edm. V oblasti z\u00e1sobov\u00e1n\u00ed plynem nefunguj\u00ed z\u00e1sobn\u00edky izolovan\u011b. Jsou sou\u010d\u00e1st\u00ed s\u00edt\u011b. Pokud jejich kapacita klesne, mus\u00ed nastoupit jin\u00e9 zdroje - nap\u0159\u00edklad dovoz, vykl\u00e1dky LNG nebo jin\u00e1 skladovac\u00ed za\u0159\u00edzen\u00ed. Pokud to nefunguje dostate\u010dn\u011b, vznik\u00e1 struktur\u00e1ln\u00ed p\u0159ek\u00e1\u017eka.<\/p>\n<h3>Psychologick\u00e1 past procentu\u00e1ln\u00edch hodnot<\/h3>\n<p>Procenta nazna\u010duj\u00ed linearitu: 50 % zn\u00ed jako \u201epolovina pln\u00e1\u201c, 25 % jako \u201ezb\u00fdv\u00e1 \u010dtvrtina\u201c. Z technick\u00e9ho hlediska je tento pohled zav\u00e1d\u011bj\u00edc\u00ed. Pam\u011b\u0165 na 25 % m\u016f\u017ee:<\/p>\n<ul>\n<li>st\u00e1le relativn\u011b dob\u0159e - nebo<\/li>\n<li>b\u00fdt ji\u017e v\u00fdrazn\u011b omezena.<\/li>\n<\/ul>\n<p>Oboj\u00ed je mo\u017en\u00e9. Rozhoduj\u00edc\u00ed nen\u00ed procentu\u00e1ln\u00ed hodnota, ale to, kde se akumul\u00e1tor nach\u00e1z\u00ed na sv\u00e9 tlakov\u00e9 a v\u00fdkonov\u00e9 k\u0159ivce.<br \/>\nTo tak\u00e9 vysv\u011btluje, pro\u010d odborn\u00edci \u010dasto reaguj\u00ed na klesaj\u00edc\u00ed \u00farove\u0148 skladov\u00e1n\u00ed nerv\u00f3zn\u011bji ne\u017e \u0161irok\u00e1 ve\u0159ejnost. Vid\u00ed nejen mno\u017estv\u00ed, ale tak\u00e9 z\u00e1kladn\u00ed fyzik\u00e1ln\u00ed limity.<\/p>\n<h3>Hodnocen\u00ed: Varov\u00e1n\u00ed p\u0159ed zastaven\u00edm pr\u016fmyslov\u00e9 v\u00fdroby a hospod\u00e1\u0159sk\u00fdmi d\u016fsledky<\/h3>\n<p>Energetick\u00fd expert Fritz Vahrenholt v rozhovoru pro Apollo News varuje p\u0159ed op\u011btovn\u00fdm zhor\u0161en\u00edm situace v oblasti plynu. Vzhledem k v\u00fdrazn\u011b klesaj\u00edc\u00edm z\u00e1sob\u00e1m se domn\u00edv\u00e1, \u017ee jsou mo\u017en\u00e9 odst\u00e1vky v odv\u011btv\u00ed, a vid\u00ed zna\u010dn\u00e1 rizika pro hospod\u00e1\u0159sk\u00fd v\u00fdvoj. Kriticky se vyjad\u0159uje zejm\u00e9na k sou\u010dasn\u00e9 energetick\u00e9 politice n\u011bmeck\u00e9 vl\u00e1dy, kterou obvi\u0148uje z p\u0159\u00edli\u0161 dlouh\u00e9ho ignorov\u00e1n\u00ed struktur\u00e1ln\u00edch probl\u00e9m\u016f. V rozhovoru klasifikuje sou\u010dasnou situaci jako v\u00edce ne\u017e kr\u00e1tkodob\u00fd v\u00fdkyv a zam\u011b\u0159uje se na ot\u00e1zku, jak odoln\u00e9 jsou ve skute\u010dnosti dod\u00e1vky plynu p\u0159i trval\u00e9 spot\u0159eb\u011b a omezen\u00fdch z\u00e1sob\u00e1ch.<\/p>\n<div class=\"lyte-wrapper\" style=\"width:640px;max-width:100%;margin:5px;\"><div class=\"lyMe\" id=\"WYL_QzM4lUqAhfg\"><div id=\"lyte_QzM4lUqAhfg\" data-src=\"https:\/\/www.markus-schall.de\/wp-content\/plugins\/wp-youtube-lyte\/lyteCache.php?origThumbUrl=%2F%2Fi.ytimg.com%2Fvi%2FQzM4lUqAhfg%2Fhqdefault.jpg\" class=\"pL\"><div class=\"tC\"><div class=\"tT\"><\/div><\/div><div class=\"play\"><\/div><div class=\"ctrl\"><div class=\"Lctrl\"><\/div><div class=\"Rctrl\"><\/div><\/div><\/div><noscript><a href=\"https:\/\/youtu.be\/QzM4lUqAhfg\" rel=\"nofollow noopener\" target=\"_blank\"><img loading=\"lazy\" decoding=\"async\" src=\"https:\/\/www.markus-schall.de\/wp-content\/plugins\/wp-youtube-lyte\/lyteCache.php?origThumbUrl=https%3A%2F%2Fi.ytimg.com%2Fvi%2FQzM4lUqAhfg%2F0.jpg\" alt=\"Miniatura videa na YouTube\" width=\"640\" height=\"340\" \/><br \/>Pod\u00edvejte se na toto video na YouTube<\/a><\/noscript><\/div><\/div><div class=\"lL\" style=\"max-width:100%;width:640px;margin:5px;\"><\/div><br \/>\n\u201ePak dojde k vypnut\u00ed\u201c - Rozhovor s Fritzem Vahrenholtem | <a href=\"https:\/\/www.youtube.com\/@apollonewsnet\" target=\"_blank\" rel=\"nofollow noopener\">Apollo News<\/a><\/p>\n<h3>Pro\u010d jsou tyto souvislosti z\u0159\u00eddkakdy otev\u0159en\u011b vysv\u011btleny<\/h3>\n<p>Existuje n\u011bkolik d\u016fvod\u016f, pro\u010d se v komunikaci s ve\u0159ejnost\u00ed jen z\u0159\u00eddka zmi\u0148uj\u00ed pol\u0161t\u00e1\u0159ov\u00fd plyn, tlakov\u00e1n\u00ed a odb\u011bry:<\/p>\n<ul>\n<li>Vztahy jsou technick\u00e9 a obt\u00ed\u017en\u011b se zjednodu\u0161uj\u00ed<\/li>\n<li>Procenta se sn\u00e1ze sd\u011bluj\u00ed<\/li>\n<li>Z politick\u00e9ho hlediska jsou jednoduch\u00e1 sd\u011blen\u00ed \u010dasto atraktivn\u011bj\u0161\u00ed<\/li>\n<\/ul>\n<p>V\u00fdsledkem je debata, kter\u00e1 se zam\u011b\u0159uje na viditeln\u00e9 hodnoty a ignoruje neviditeln\u00e9, ale rozhoduj\u00edc\u00ed faktory. Nemus\u00ed j\u00edt nutn\u011b o zl\u00fd \u00famysl, ale vede to k chybn\u00fdm \u00fasudk\u016fm. St\u0159\u00edzliv\u00fd pohled na technologie proto nen\u00ed alarmismem, ale p\u0159edpokladem realistick\u00e9 kategorizace.<\/p>\n<p>V tomto okam\u017eiku je z\u0159ejm\u00e9, \u017ee z\u00e1sobn\u00edk plynu m\u016f\u017ee dos\u00e1hnout sv\u00fdch funk\u010dn\u00edch limit\u016f dlouho p\u0159edt\u00edm, ne\u017e je pr\u00e1zdn\u00fd. Ne proto, \u017ee by plyn \u201edo\u0161el\u201c, ale proto, \u017ee ji\u017e nen\u00ed dostate\u010dn\u011b rychle k dispozici.<\/p>\n<p>Dal\u0161\u00ed kapitola se proto zab\u00fdv\u00e1 praktick\u00fdmi d\u016fsledky tohoto zji\u0161t\u011bn\u00ed: Co se stane, pokud bude skladov\u00e1n\u00ed nad\u00e1le klesat? Jak\u00e1 konkr\u00e9tn\u00ed rizika vznikaj\u00ed - a pro\u010d m\u016f\u017ee doj\u00edt k probl\u00e9m\u016fm, p\u0159esto\u017ee statisticky jsou st\u00e1le k dispozici zna\u010dn\u00e1 mno\u017estv\u00ed? Zde se technologie st\u00e1v\u00e1 skute\u010dnost\u00ed.<\/p>\n<h3>Slo\u017eky a faktory ovliv\u0148uj\u00edc\u00ed t\u011b\u017ebu plynu<\/h3>\n<div style=\"overflow: auto;\">\n<table>\n<thead>\n<tr style=\"background: #f2f2f2;\">\n<th>Stavebn\u00ed blok<\/th>\n<th>Co to znamen\u00e1<\/th>\n<th>Pro\u010d je to d\u016fle\u017eit\u00e9<\/th>\n<th>Typick\u00e1 nedorozum\u011bn\u00ed<\/th>\n<\/tr>\n<\/thead>\n<tbody>\n<tr>\n<td><strong>Pracovn\u00ed plyn<\/strong><\/td>\n<td>Pod\u00edl z\u00e1sobn\u00ed n\u00e1dr\u017ee, kter\u00fd lze pravideln\u011b vst\u0159ikovat a odeb\u00edrat.<\/td>\n<td>Popisuje \u201epou\u017eiteln\u00e9\u201c mno\u017estv\u00ed z\u00e1soby.<\/td>\n<td>Je nespr\u00e1vn\u011b ztoto\u017e\u0148ov\u00e1n s \u201ecelkov\u00fdm mno\u017estv\u00edm plynu v z\u00e1sobn\u00edku\u201c.<\/td>\n<\/tr>\n<tr>\n<td><strong>Plynov\u00e9 pol\u0161t\u00e1\u0159e<\/strong><\/td>\n<td>Plyn, kter\u00fd z\u016fst\u00e1v\u00e1 trvale v z\u00e1sobn\u00edku, aby byl zaji\u0161t\u011bn minim\u00e1ln\u00ed tlak a stabilita.<\/td>\n<td>Vysv\u011btluje, pro\u010d nelze pam\u011b\u0165 nikdy vypr\u00e1zdnit \u201ea\u017e do 0 %\u201c.<\/td>\n<td>\u010casto je myln\u011b ch\u00e1p\u00e1na jako \u201erezerva\u201c, kterou lze jednodu\u0161e pou\u017e\u00edt v p\u0159\u00edpad\u011b nouze.<\/td>\n<\/tr>\n<tr>\n<td><strong>\u00darove\u0148 tlaku<\/strong><\/td>\n<td>Fyzik\u00e1ln\u00ed z\u00e1klad pro schopnost odstran\u011bn\u00ed (\u010d\u00edm vy\u0161\u0161\u00ed, t\u00edm snaz\u0161\u00ed odstran\u011bn\u00ed).<\/td>\n<td>Ukazuje, pro\u010d se v\u00fdstup sni\u017euje s klesaj\u00edc\u00ed \u00farovn\u00ed napln\u011bn\u00ed.<\/td>\n<td>\u201eProcenta\u201c jsou interpretov\u00e1na jako line\u00e1rn\u00ed stupnice, a\u010dkoli v\u00fdkon nen\u00ed line\u00e1rn\u00ed.<\/td>\n<\/tr>\n<tr>\n<td><strong>M\u00edra sta\u017een\u00ed<\/strong><\/td>\n<td>Maxim\u00e1ln\u00ed mo\u017en\u00e1 denn\u00ed dod\u00e1vka plynu ze z\u00e1sobn\u00edku.<\/td>\n<td>Rozhoduj\u00edc\u00ed pro z\u00e1sobov\u00e1n\u00ed v chladn\u00fdch f\u00e1z\u00edch a p\u0159i \u0161pi\u010dkov\u00e9m zat\u00ed\u017een\u00ed.<\/td>\n<td>\u201eSt\u00e1le dostatek plynu\u201c se zam\u011b\u0148uje s \u201est\u00e1le dostatek denn\u00edho v\u00fdkonu\u201c.<\/td>\n<\/tr>\n<tr>\n<td><strong>F\u00e1ze n\u00e1horn\u00ed plo\u0161iny<\/strong><\/td>\n<td>Rozsah, ve kter\u00e9m mohou skladovac\u00ed n\u00e1dr\u017ee dod\u00e1vat relativn\u011b konstantn\u00ed vysok\u00e9 denn\u00ed objemy po del\u0161\u00ed dobu.<\/td>\n<td>To vysv\u011btluje, pro\u010d se dlouho jev\u00ed jako \u201estabiln\u00ed\u201c - a pak se m\u016f\u017ee n\u00e1hle p\u0159evr\u00e1tit.<\/td>\n<td>P\u0159edpokl\u00e1d\u00e1 se, \u017ee v\u00fdkon z\u016fst\u00e1v\u00e1 konstantn\u00ed a\u017e do doby kr\u00e1tce p\u0159ed vypr\u00e1zdn\u011bn\u00edm.<\/td>\n<\/tr>\n<tr>\n<td><strong>Prahov\u00e1 hodnota v\u00fdkonu<\/strong><\/td>\n<td>Bod, kdy se t\u011b\u017eebn\u00ed schopnost v\u00fdrazn\u011b sni\u017euje, p\u0159esto\u017ee je plyn st\u00e1le p\u0159\u00edtomen.<\/td>\n<td>D\u016fle\u017eit\u00e9 pro pochopen\u00ed pojmu \u201ekritick\u00fd p\u0159ed pr\u00e1zdn\u00fdm\u201c.<\/td>\n<td>Je zam\u011b\u0148ov\u00e1n s pevn\u00fdm procentn\u00edm limitem (nap\u0159. 15 %).<\/td>\n<\/tr>\n<\/tbody>\n<\/table>\n<\/div>\n<h3>LNG termin\u00e1ly v zim\u011b: Pro\u010d se jmenovit\u00e1 kapacita nerovn\u00e1 dostupnosti<\/h3>\n<p>Ofici\u00e1ln\u011b uv\u00e1d\u011bn\u00e9 kapacity n\u011bmeck\u00fdch termin\u00e1l\u016f LNG vych\u00e1zej\u00ed p\u0159ev\u00e1\u017en\u011b z optim\u00e1ln\u00edch provozn\u00edch podm\u00ednek, kter\u00e9 nast\u00e1vaj\u00ed p\u0159edev\u0161\u00edm v letn\u00edch m\u011bs\u00edc\u00edch. Z technick\u00e9ho hlediska se jedn\u00e1 o tzv. provoz v otev\u0159en\u00e9 smy\u010dce, kdy se k op\u011btovn\u00e9mu zply\u0148ov\u00e1n\u00ed kryogenn\u00edho LNG pou\u017e\u00edv\u00e1 relativn\u011b tepl\u00e1 mo\u0159sk\u00e1 voda.<\/p>\n<p>Pokud v\u0161ak teplota vody klesne - nap\u0159\u00edklad v zim\u011b pod 4 a\u017e 5 stup\u0148\u016f Celsia -, tato operace ji\u017e nen\u00ed mo\u017en\u00e1. Syst\u00e9my pak mus\u00ed p\u0159ej\u00edt do re\u017eimu uzav\u0159en\u00e9 smy\u010dky, kdy se voda oh\u0159\u00edv\u00e1 na palub\u011b pomoc\u00ed plynov\u00fdch ho\u0159\u00e1k\u016f. Z fyzik\u00e1ln\u00edch d\u016fvod\u016f vede toto p\u0159epnut\u00ed ke znateln\u00e9mu sn\u00ed\u017een\u00ed p\u0159\u00edkonu a z\u00e1rove\u0148 zvy\u0161uje vlastn\u00ed spot\u0159ebu plynu. Skute\u010dn\u00e9 mno\u017estv\u00ed LNG, kter\u00e9 je v zim\u011b k dispozici, je proto v\u00fdrazn\u011b ni\u017e\u0161\u00ed ne\u017e \u010dasto uv\u00e1d\u011bn\u00e9 \u0161pi\u010dkov\u00e9 hodnoty.<\/p>\n<h3>Logistika a fyzika jako omezuj\u00edc\u00ed faktory dod\u00e1vek LNG<\/h3>\n<p>Krom\u011b sn\u00ed\u017een\u00e9 kapacity pro znovuzply\u0148ov\u00e1n\u00ed hraje kl\u00ed\u010dovou roli tak\u00e9 logistika. Aby bylo mo\u017en\u00e9 udr\u017eet re\u00e1ln\u00fd objem dod\u00e1vek i v zim\u011b, je zapot\u0159eb\u00ed t\u00e9m\u011b\u0159 nep\u0159etr\u017eit\u00e9 z\u00e1sobov\u00e1n\u00ed tankery LNG. Jak\u00e1koli odst\u00e1vka z d\u016fvodu po\u010das\u00ed, technick\u00fdch probl\u00e9m\u016f nebo zpo\u017ed\u011bn\u00ed m\u00e1 p\u0159\u00edm\u00fd dopad na mno\u017estv\u00ed dostupn\u00e9ho plynu.<\/p>\n<p>Termin\u00e1ly LNG tedy nejsou autonomn\u00edm syst\u00e9mem dod\u00e1vek, ale sou\u010d\u00e1st\u00ed citliv\u00e9ho \u0159et\u011bzce glob\u00e1ln\u00ed dopravy, p\u0159\u00edstavn\u00edch operac\u00ed a technick\u00e9 konverze. Stejn\u011b jako v p\u0159\u00edpad\u011b z\u00e1sobn\u00edk\u016f plynu je to patrn\u00e9 i zde: Bezpe\u010dnost dod\u00e1vek nevypl\u00fdv\u00e1 z teoretick\u00fdch maxim\u00e1ln\u00edch hodnot, ale z ot\u00e1zky, jakou kapacitu lze v re\u00e1ln\u00fdch zimn\u00edch podm\u00ednk\u00e1ch trvale vyu\u017e\u00edt.<\/p>\n<h3>Aktu\u00e1ln\u00ed prohl\u00e1\u0161en\u00ed v \u0161ir\u0161\u00edm kontextu bezpe\u010dnostn\u00ed politiky<\/h3>\n<p><a href=\"https:\/\/www.markus-schall.de\/cs\/2026\/02\/rusko-nato-a-strach-z-valky-co-lze-a-nelze-dokazat\/\"><img loading=\"lazy\" decoding=\"async\" class=\"alignright size-medium wp-image-4894\" src=\"https:\/\/www.markus-schall.de\/wp-content\/uploads\/NATO-Russland-300x200.jpg\" alt=\"NATO, Rusko a strach z v\u00e1lky\" width=\"300\" height=\"200\" srcset=\"https:\/\/www.markus-schall.de\/wp-content\/uploads\/NATO-Russland-300x200.jpg 300w, https:\/\/www.markus-schall.de\/wp-content\/uploads\/NATO-Russland-768x512.jpg 768w, https:\/\/www.markus-schall.de\/wp-content\/uploads\/NATO-Russland-18x12.jpg 18w, https:\/\/www.markus-schall.de\/wp-content\/uploads\/NATO-Russland.jpg 1024w\" sizes=\"auto, (max-width: 300px) 100vw, 300px\" \/><\/a>Rusk\u00fd prezident v posledn\u00edch letech n\u011bkolikr\u00e1t ve\u0159ejn\u011b prohl\u00e1sil, \u017ee plyn by mohl b\u00fdt i nad\u00e1le dod\u00e1v\u00e1n do N\u011bmecka zb\u00fdvaj\u00edc\u00edm plynovodem Nord Stream 2, pokud k tomu dostane politickou zelenou. Tato prohl\u00e1\u0161en\u00ed v\u0161ak nikdy nejsou izolovan\u00e1, ale jsou sou\u010d\u00e1st\u00ed \u0161ir\u0161\u00edho bezpe\u010dnostn\u00edho a geopolitick\u00e9ho kontextu, kter\u00fd dalece p\u0159esahuje energetick\u00e9 ot\u00e1zky. Pokud chcete pochopit, jak jsou tyto nab\u00eddky kategorizov\u00e1ny a kter\u00e9 argumenty hraj\u00ed v sou\u010dasn\u00e9 debat\u011b roli, m\u016f\u017eete v\u00edce informac\u00ed naj\u00edt v \u010dl\u00e1nku <a href=\"https:\/\/www.markus-schall.de\/cs\/2026\/02\/rusko-nato-a-strach-z-valky-co-lze-a-nelze-dokazat\/\"><strong>\u010cl\u00e1nek o NATO a Rusku<\/strong><\/a> systematickou anal\u00fdzu z\u00e1jm\u016f, rizik, vn\u00edm\u00e1n\u00ed a politick\u00fdch z\u00e1v\u011br\u016f.<\/p>\n<hr \/>\n\n\t\t\t<div class=\"display-post-types\">\n\n\t\t\t\t\t\t\t<style type=\"text\/css\">\n\t\t\t#dpt-wrapper-430 { --dpt-text-align: left;--dpt-image-crop: center;--dpt-border-radius: 5px;--dpt-h-gutter: 10px;--dpt-v-gutter: 10px; }\t\t\t<\/style>\n\t\t\t<style type=\"text\/css\">#dpt-wrapper-430 { --dpt-title-font-style:normal;--dpt-title-font-weight:600;--dpt-title-line-height:1.5;--dpt-title-text-decoration:none;--dpt-title-text-transform:none;--dpt-excerpt-font-style:normal;--dpt-excerpt-font-weight:400;--dpt-excerpt-line-height:1.5;--dpt-excerpt-text-decoration:none;--dpt-excerpt-text-transform:none;--dpt-meta1-font-style:normal;--dpt-meta1-font-weight:400;--dpt-meta1-line-height:1.9;--dpt-meta1-text-decoration:none;--dpt-meta1-text-transform:none;--dpt-meta2-font-style:normal;--dpt-meta2-font-weight:400;--dpt-meta2-line-height:1.9;--dpt-meta2-text-decoration:none;--dpt-meta2-text-transform:none; }<\/style><div class=\"dpt-main-header\">\n\t\t\t\t\t\t<div class=\"dpt-main-title\">\n\t\t\t\t\t\t\t<span class=\"dpt-main-title-text\">Aktu\u00e1ln\u00ed \u010dl\u00e1nky o N\u011bmecku<\/span>\n\t\t\t\t\t\t<\/div>\n\t\t\t\t\t\t\n\t\t\t\t\t\t\n\t\t\t\t\t\t\n\t\t\t\t\t\t<\/div>\t\t\t\n\t\t\t\t<div id=\"dpt-wrapper-430\" class=\"dpt-wrapper dpt-list2 land1 dpt-cropped dpt-flex-wrap\" >\n\n\t\t\t\t\t\t\t\t\t\t\t<div class=\"dpt-entry has-thumbnail\" data-title=\"wenn pflicht wieder pflicht wird. eine art essay von herrn von l&#8217;oreot.\" data-id=\"3010\"  data-category=\"allgemein gesellschaft kunst &amp; kultur stories &amp; humor\" data-post_tag=\"deutschland erfahrungen geopolitik krisen pers\u00f6nlichkeitsentwicklung sicherheitspolitik\">\n\t\t\t\t\t\t\t<div class=\"dpt-entry-wrapper\"><div class=\"dpt-featured-content\"><div class=\"dpt-permalink\"><a href=\"https:\/\/www.markus-schall.de\/cs\/2025\/10\/kdyz-se-povinnost-opet-stava-povinnosti-druh-eseje-pana-von-loreota\/\" class=\"dpt-permalink\"><span class=\"screen-reader-text\">Kdy\u017e se povinnost op\u011bt stane povinnost\u00ed. Jak\u00e1si esej pana von L'oreota.<\/span><\/a><\/div><div class=\"dpt-thumbnail\"><div class=\"dpt-thumbnail-inner\"><img width=\"1024\" height=\"683\" class=\"attachment-full size-full\" alt=\"Ne\u010dekan\u00fd telefon\u00e1t\" context=\"dpt\" data-dpt-src=\"https:\/\/www.markus-schall.de\/wp-content\/uploads\/loreot-pflicht-anruf.jpg\" data-dpt-sizes=\"(max-width: 1024px) 100vw, 1024px\" data-dpt-srcset=\"https:\/\/www.markus-schall.de\/wp-content\/uploads\/loreot-pflicht-anruf.jpg 1024w, https:\/\/www.markus-schall.de\/wp-content\/uploads\/loreot-pflicht-anruf-300x200.jpg 300w, https:\/\/www.markus-schall.de\/wp-content\/uploads\/loreot-pflicht-anruf-768x512.jpg 768w, https:\/\/www.markus-schall.de\/wp-content\/uploads\/loreot-pflicht-anruf-18x12.jpg 18w\" \/><\/div><span class=\"dpt-thumbnail-aspect-ratio\" style=\"padding-top: 75%\"><\/span><\/div><\/div><div class=\"sub-entry\"><h3 class=\"dpt-title\"><a class=\"dpt-title-link\" href=\"https:\/\/www.markus-schall.de\/cs\/2025\/10\/kdyz-se-povinnost-opet-stava-povinnosti-druh-eseje-pana-von-loreota\/\" rel=\"bookmark\">Kdy\u017e se povinnost op\u011bt stane povinnost\u00ed. Jak\u00e1si esej pana von L'oreota.<\/a><\/h3><\/div><\/div>\n\t\t\t\t\t\t<\/div><!-- .dpt-entry -->\n\t\t\t\t\t\t\t\t\t\t\t\t<div class=\"dpt-entry has-thumbnail\" data-title=\"vom ende der wehrpflicht bis zu schulstreiks: die neue debatte \u00fcber bundeswehr und bildung\" data-id=\"5147\"  data-category=\"allgemein gesellschaft\" data-post_tag=\"deutschland europa geopolitik krisen meinungsfreiheit sicherheitspolitik\">\n\t\t\t\t\t\t\t<div class=\"dpt-entry-wrapper\"><div class=\"dpt-featured-content\"><div class=\"dpt-permalink\"><a href=\"https:\/\/www.markus-schall.de\/cs\/2026\/03\/od-ukonceni-povinne-vojenske-sluzby-ke-skolnim-stavkam-nova-debata-o-nemeckych-ozbrojenych-silach-a-vzdelavani\/\" class=\"dpt-permalink\"><span class=\"screen-reader-text\">Od ukon\u010den\u00ed povinn\u00e9 vojensk\u00e9 slu\u017eby ke st\u00e1vk\u00e1m ve \u0161kol\u00e1ch: nov\u00e1 debata o Bundeswehru a vzd\u011bl\u00e1v\u00e1n\u00ed<\/span><\/a><\/div><div class=\"dpt-thumbnail\"><div class=\"dpt-thumbnail-inner\"><img width=\"1024\" height=\"683\" class=\"attachment-full size-full\" alt=\"St\u00e1vky \u0161kol proti povinn\u00e9 vojensk\u00e9 slu\u017eb\u011b a Bundeswehru ve \u0161kol\u00e1ch\" context=\"dpt\" data-dpt-src=\"https:\/\/www.markus-schall.de\/wp-content\/uploads\/Wehrpflicht-Schulstreiks.jpg\" data-dpt-sizes=\"(max-width: 1024px) 100vw, 1024px\" data-dpt-srcset=\"https:\/\/www.markus-schall.de\/wp-content\/uploads\/Wehrpflicht-Schulstreiks.jpg 1024w, https:\/\/www.markus-schall.de\/wp-content\/uploads\/Wehrpflicht-Schulstreiks-300x200.jpg 300w, https:\/\/www.markus-schall.de\/wp-content\/uploads\/Wehrpflicht-Schulstreiks-768x512.jpg 768w, https:\/\/www.markus-schall.de\/wp-content\/uploads\/Wehrpflicht-Schulstreiks-18x12.jpg 18w\" \/><\/div><span class=\"dpt-thumbnail-aspect-ratio\" style=\"padding-top: 75%\"><\/span><\/div><\/div><div class=\"sub-entry\"><h3 class=\"dpt-title\"><a class=\"dpt-title-link\" href=\"https:\/\/www.markus-schall.de\/cs\/2026\/03\/od-ukonceni-povinne-vojenske-sluzby-ke-skolnim-stavkam-nova-debata-o-nemeckych-ozbrojenych-silach-a-vzdelavani\/\" rel=\"bookmark\">Od ukon\u010den\u00ed povinn\u00e9 vojensk\u00e9 slu\u017eby ke st\u00e1vk\u00e1m ve \u0161kol\u00e1ch: nov\u00e1 debata o Bundeswehru a vzd\u011bl\u00e1v\u00e1n\u00ed<\/a><\/h3><\/div><\/div>\n\t\t\t\t\t\t<\/div><!-- .dpt-entry -->\n\t\t\t\t\t\t\t\t\t\t\t\t<div class=\"dpt-entry has-thumbnail\" data-title=\"fracking, lng und energiepolitik: eine n\u00fcchterne analyse von risiken, chancen und realit\u00e4t\" data-id=\"5579\"  data-category=\"allgemein gesellschaft gesundheit\" data-post_tag=\"deutschland energiepolitik europa geopolitik krisen\">\n\t\t\t\t\t\t\t<div class=\"dpt-entry-wrapper\"><div class=\"dpt-featured-content\"><div class=\"dpt-permalink\"><a href=\"https:\/\/www.markus-schall.de\/cs\/2026\/04\/fracking-lng-a-energeticka-politika-strizliva-analyza-rizik-prilezitosti-a-reality\/\" class=\"dpt-permalink\"><span class=\"screen-reader-text\">Fracking, LNG a energetick\u00e1 politika: st\u0159\u00edzliv\u00e1 anal\u00fdza rizik, p\u0159\u00edle\u017eitost\u00ed a reality<\/span><\/a><\/div><div class=\"dpt-thumbnail\"><div class=\"dpt-thumbnail-inner\"><img width=\"1024\" height=\"683\" class=\"attachment-full size-full\" alt=\"\u0160t\u011bpen\u00ed zemn\u00edho plynu a energetick\u00e1 politika\" context=\"dpt\" data-dpt-src=\"https:\/\/www.markus-schall.de\/wp-content\/uploads\/Fracking-Energiepolitik.jpg\" data-dpt-sizes=\"(max-width: 1024px) 100vw, 1024px\" data-dpt-srcset=\"https:\/\/www.markus-schall.de\/wp-content\/uploads\/Fracking-Energiepolitik.jpg 1024w, https:\/\/www.markus-schall.de\/wp-content\/uploads\/Fracking-Energiepolitik-300x200.jpg 300w, https:\/\/www.markus-schall.de\/wp-content\/uploads\/Fracking-Energiepolitik-768x512.jpg 768w, https:\/\/www.markus-schall.de\/wp-content\/uploads\/Fracking-Energiepolitik-18x12.jpg 18w\" \/><\/div><span class=\"dpt-thumbnail-aspect-ratio\" style=\"padding-top: 75%\"><\/span><\/div><\/div><div class=\"sub-entry\"><h3 class=\"dpt-title\"><a class=\"dpt-title-link\" href=\"https:\/\/www.markus-schall.de\/cs\/2026\/04\/fracking-lng-a-energeticka-politika-strizliva-analyza-rizik-prilezitosti-a-reality\/\" rel=\"bookmark\">Fracking, LNG a energetick\u00e1 politika: st\u0159\u00edzliv\u00e1 anal\u00fdza rizik, p\u0159\u00edle\u017eitost\u00ed a reality<\/a><\/h3><\/div><\/div>\n\t\t\t\t\t\t<\/div><!-- .dpt-entry -->\n\t\t\t\t\t\t\t\t\t\t\t\t<div class=\"dpt-entry has-thumbnail\" data-title=\"jan-josef liefers: ein portr\u00e4t \u00fcber haltung, herkunft und k\u00fcnstlerische freiheit\" data-id=\"3854\"  data-category=\"allgemein gesellschaft kunst &amp; kultur\" data-post_tag=\"deutschland erfahrungen krisen lernen meinungsfreiheit musik pers\u00f6nlichkeitsentwicklung portrait\">\n\t\t\t\t\t\t\t<div class=\"dpt-entry-wrapper\"><div class=\"dpt-featured-content\"><div class=\"dpt-permalink\"><a href=\"https:\/\/www.markus-schall.de\/cs\/2025\/12\/jan-josef-liefers-portret-postoje-puvodu-a-umelecke-svobody\/\" class=\"dpt-permalink\"><span class=\"screen-reader-text\">Jan-Josef Liefers: Portr\u00e9t postoje, p\u016fvodu a um\u011bleck\u00e9 svobody<\/span><\/a><\/div><div class=\"dpt-thumbnail\"><div class=\"dpt-thumbnail-inner\"><img width=\"1024\" height=\"683\" class=\"attachment-full size-full\" alt=\"Jan-Josef Liefers\" context=\"dpt\" data-dpt-src=\"https:\/\/www.markus-schall.de\/wp-content\/uploads\/jan-josef-liefers-silhouette.jpg\" data-dpt-sizes=\"(max-width: 1024px) 100vw, 1024px\" data-dpt-srcset=\"https:\/\/www.markus-schall.de\/wp-content\/uploads\/jan-josef-liefers-silhouette.jpg 1024w, https:\/\/www.markus-schall.de\/wp-content\/uploads\/jan-josef-liefers-silhouette-300x200.jpg 300w, https:\/\/www.markus-schall.de\/wp-content\/uploads\/jan-josef-liefers-silhouette-768x512.jpg 768w, https:\/\/www.markus-schall.de\/wp-content\/uploads\/jan-josef-liefers-silhouette-18x12.jpg 18w\" \/><\/div><span class=\"dpt-thumbnail-aspect-ratio\" style=\"padding-top: 75%\"><\/span><\/div><\/div><div class=\"sub-entry\"><h3 class=\"dpt-title\"><a class=\"dpt-title-link\" href=\"https:\/\/www.markus-schall.de\/cs\/2025\/12\/jan-josef-liefers-portret-postoje-puvodu-a-umelecke-svobody\/\" rel=\"bookmark\">Jan-Josef Liefers: Portr\u00e9t postoje, p\u016fvodu a um\u011bleck\u00e9 svobody<\/a><\/h3><\/div><\/div>\n\t\t\t\t\t\t<\/div><!-- .dpt-entry -->\n\t\t\t\t\t\t\n\t\t\t\t<\/div>\n\t\t\t\t\t\t<\/div>\n\t\t\t\n<hr \/>\n<h2>Co se stane, pokud budou z\u00e1soby plynu nad\u00e1le klesat?<\/h2>\n<p>Klesaj\u00edc\u00ed \u00farove\u0148 pam\u011bti je zpo\u010d\u00e1tku statistick\u00fdm zji\u0161t\u011bn\u00edm. V ur\u010dit\u00e9m okam\u017eiku se v\u0161ak tyto statistick\u00e9 \u00fadaje zm\u011bn\u00ed v opera\u010dn\u00ed v\u00fdzvu. Pak u\u017e nejde o progn\u00f3zy nebo grafy, ale o zcela konkr\u00e9tn\u00ed ot\u00e1zky: Je denn\u00ed mno\u017estv\u00ed odebran\u00fdch d\u00e1vek st\u00e1le dostate\u010dn\u00e9? Lze zm\u00edrnit \u0161pi\u010dky zat\u00ed\u017een\u00ed? A jak stabiln\u00ed z\u016fstane celkov\u00e1 soustava p\u0159i dodate\u010dn\u00e9m zat\u00ed\u017een\u00ed?<\/p>\n<p>Tato kapitola nepopisuje extr\u00e9mn\u00ed p\u0159\u00edpad, ale p\u0159echodnou oblast - p\u0159esn\u011b tu, kde je nab\u00eddka st\u00e1le form\u00e1ln\u011b zaru\u010dena, ale bezpe\u010dnostn\u00ed rozp\u011bt\u00ed se znateln\u011b zmen\u0161uje.<\/p>\n<h3>Prvn\u00ed krok: Rezerva v\u00fdkonu se za\u010d\u00edn\u00e1 vytr\u00e1cet<\/h3>\n<p>Jak bylo pops\u00e1no v p\u0159edchoz\u00ed kapitole, z\u00e1sobn\u00edky ztr\u00e1cej\u00ed kapacitu p\u0159edev\u0161\u00edm p\u0159i poklesu hladiny n\u00e1pln\u011b. Dokud se syst\u00e9m pohybuje v tzv. plato, nen\u00ed to t\u00e9m\u011b\u0159 patrn\u00e9. Jakmile v\u0161ak tento rozsah opust\u00ed, celkov\u00e9 podm\u00ednky se zm\u011bn\u00ed:<\/p>\n<ul>\n<li>Z\u00e1sobn\u00edky mohou denn\u011b dodat m\u00e9n\u011b plynu<\/li>\n<li>Flexibilita pro kr\u00e1tkodob\u00e9 \u0161pi\u010dky spot\u0159eby se sni\u017euje<\/li>\n<li>Rezervy na neo\u010dek\u00e1van\u00e9 ud\u00e1losti se zmen\u0161uj\u00ed<\/li>\n<\/ul>\n<p>Pro dom\u00e1cnosti to zpo\u010d\u00e1tku nen\u00ed viditeln\u00e1 zm\u011bna. Pr\u016fmysl, provozovatel\u00e9 s\u00edt\u00ed a velc\u00ed spot\u0159ebitel\u00e9 si v\u0161ak t\u00e9to zm\u011bny v\u0161imnou mnohem d\u0159\u00edve, proto\u017ee jsou z\u00e1visl\u00ed na p\u0159edv\u00eddateln\u00fdch, vysok\u00fdch denn\u00edch objemech.<\/p>\n<h3>Druh\u00fd krok: po\u010das\u00ed a spot\u0159eba n\u00e1hle nab\u00fdvaj\u00ed na v\u00fdznamu<\/h3>\n<p>Ve f\u00e1z\u00edch vysok\u00fdch \u00farovn\u00ed skladov\u00e1n\u00ed lze chladn\u00e9 dny pom\u011brn\u011b snadno zm\u00edrnit. Sni\u017euj\u00edc\u00ed se \u00farove\u0148 skladov\u00e1n\u00ed tuto rovnici m\u011bn\u00ed. Jak\u00e9koli dal\u0161\u00ed chladn\u00e9 obdob\u00ed m\u00e1 pak ne\u00fam\u011brn\u011b siln\u00fd \u00fa\u010dinek. O n\u011bkolik stup\u0148\u016f ni\u017e\u0161\u00ed venkovn\u00ed teplota znamen\u00e1<\/p>\n<ul>\n<li>v\u00fdrazn\u011b vy\u0161\u0161\u00ed n\u00e1roky na vyt\u00e1p\u011bn\u00ed<\/li>\n<li>Zv\u00fd\u0161en\u00e1 t\u011b\u017eba plynu b\u011bhem n\u011bkolika dn\u00ed<\/li>\n<li>v\u011bt\u0161\u00ed pokles tlaku ve skladovac\u00edch n\u00e1dr\u017e\u00edch<\/li>\n<\/ul>\n<p>D\u0159\u00edve b\u011b\u017en\u00fd zimn\u00ed den se nyn\u00ed st\u00e1v\u00e1 zat\u011b\u017ek\u00e1vac\u00ed zkou\u0161kou. Z\u00e1sobov\u00e1n\u00ed se okam\u017eit\u011b nezhrout\u00ed, ale st\u00e1v\u00e1 se citliv\u011bj\u0161\u00edm na v\u00fdkyvy.<\/p>\n<h3>T\u0159et\u00ed krok: S\u00ed\u0165 se st\u00e1v\u00e1 \u00fazk\u00fdm hrdlem<\/h3>\n<p>Z\u00e1sobn\u00edky plynu jsou v\u017edy sou\u010d\u00e1st\u00ed s\u00edt\u011b. Pokud jejich kapacita klesne, mus\u00ed nastoupit jin\u00e9 zdroje - nap\u0159\u00edklad dovoz, termin\u00e1ly LNG nebo alternativn\u00ed skladovac\u00ed m\u00edsta. Ale i samotn\u00e1 s\u00ed\u0165 m\u00e1 sv\u00e9 limity:<\/p>\n<ul>\n<li>P\u0159epravn\u00ed kapacity nejsou nekone\u010dn\u011b \u0161k\u00e1lovateln\u00e9.<\/li>\n<li>Region\u00e1ln\u00ed \u00fazk\u00e1 m\u00edsta nelze vyrovnat okam\u017eit\u011b<\/li>\n<li>Odklony stoj\u00ed \u010das a \u00fasil\u00ed p\u0159i kontrole<\/li>\n<\/ul>\n<p>V t\u00e9to f\u00e1zi je z\u0159ejm\u00e9, pro\u010d jsou skladovac\u00ed za\u0159\u00edzen\u00ed rozm\u00edst\u011bna region\u00e1ln\u011b - a pro\u010d toto rozm\u00edst\u011bn\u00ed p\u0159esto nezaru\u010duje plynul\u00fd vyrovn\u00e1vac\u00ed pohyb.<\/p>\n<h3>\u010ctvrt\u00fd krok: Pr\u016fmysl a velc\u00ed spot\u0159ebitel\u00e9 se dostanou pod tlak jako prvn\u00ed<\/h3>\n<p>D\u016fle\u017eit\u00fd a \u010dasto nepochopen\u00fd bod: probl\u00e9my se z\u00e1sobov\u00e1n\u00edm neza\u010d\u00ednaj\u00ed v dom\u00e1cnostech. Za\u010d\u00ednaj\u00ed v odv\u011btv\u00edch, kter\u00e1 mohou - nebo mus\u00ed - pru\u017en\u011b reagovat. Pr\u016fmysl a velc\u00ed komer\u010dn\u00ed spot\u0159ebitel\u00e9:<\/p>\n<ul>\n<li>vy\u017eaduj\u00ed vysok\u00e9, konstantn\u00ed denn\u00ed mno\u017estv\u00ed<\/li>\n<li>jsou technicky l\u00e9pe kontrolovateln\u00e9<\/li>\n<li>nejsou pova\u017eov\u00e1ny za \u201echr\u00e1n\u011bn\u00e9 z\u00e1kazn\u00edky\u201c.\u201c<\/li>\n<\/ul>\n<p>Pokud se mno\u017estv\u00ed plynu, kter\u00e9 je denn\u011b k dispozici, sn\u00ed\u017e\u00ed, je nutn\u00e9 prov\u00e9st \u00fapravy nejprve zde. M\u016f\u017ee j\u00edt o r\u016fzn\u00e9 zp\u016fsoby, od dobrovoln\u00e9ho sn\u00ed\u017een\u00ed zat\u00ed\u017een\u00ed a omezen\u00ed v\u00fdroby a\u017e po smluvn\u011b regulovan\u00e9 odst\u00e1vky.<\/p>\n<p>To je racion\u00e1ln\u00ed pro celkovou nab\u00eddku. Pro posti\u017een\u00e9 spole\u010dnosti je to ekonomicky bolestiv\u00e9 - a ekonomicky znateln\u00e9.<\/p>\n<h3>P\u00e1t\u00fd krok: Psychologick\u00e1 stabilita se st\u00e1v\u00e1 faktorem<\/h3>\n<p>Dokud je plyn spolehliv\u011b dostupn\u00fd, d\u016fv\u011bra t\u00e9m\u011b\u0159 nehraje roli. Teprve p\u0159i poklesu z\u00e1sob se uk\u00e1\u017ee, jak d\u016fle\u017eit\u00e1 jsou o\u010dek\u00e1v\u00e1n\u00ed.<\/p>\n<ul>\n<li>Spole\u010dnosti se chr\u00e1n\u00ed opatrn\u011bji<\/li>\n<li>\u00da\u010dastn\u00edci trhu reaguj\u00ed citliv\u011bji na zpr\u00e1vy<\/li>\n<li>Ceny rychleji reaguj\u00ed na nejistoty<\/li>\n<\/ul>\n<p>Vypr\u00e1zdn\u011bn\u00fd obchod m\u00e1 nejen fyzick\u00fd, ale tak\u00e9 psychologick\u00fd \u00fa\u010dinek. M\u011bn\u00ed rozhodnut\u00ed - n\u011bkdy rychleji, ne\u017e by to od\u016fvod\u0148ovala skute\u010dn\u00e1 situace v z\u00e1sobov\u00e1n\u00ed.<\/p>\n<p>Tento efekt se s\u00e1m posiluje: Opatrnost vyvol\u00e1v\u00e1 dodate\u010dnou popt\u00e1vku po zaji\u0161t\u011bn\u00ed, co\u017e zase zat\u011b\u017euje syst\u00e9m.<\/p>\n<h3>\u0160est\u00fd krok: Mal\u00e1 naru\u0161en\u00ed maj\u00ed z\u00e1va\u017en\u00e9 d\u016fsledky<\/h3>\n<p>V dob\u0159e bufferovan\u00fdch syst\u00e9mech z\u016fst\u00e1vaj\u00ed drobn\u00e9 z\u00e1vady \u010dasto nepov\u0161imnuty. U n\u00edzk\u00fdch \u00farovn\u00ed pam\u011bti je tomu naopak:<\/p>\n<ul>\n<li>Technick\u00e1 \u00fadr\u017eba je st\u00e1le d\u016fle\u017eit\u011bj\u0161\u00ed<\/li>\n<li>Zpo\u017ed\u011bn\u00ed dovozu m\u00e1 bezprost\u0159edn\u011bj\u0161\u00ed dopady<\/li>\n<li>Nepl\u00e1novan\u00e9 absence se h\u016f\u0159e nahrazuj\u00ed.<\/li>\n<\/ul>\n<p>Syst\u00e9m ztr\u00e1c\u00ed odolnost proti chyb\u00e1m. Ne proto, \u017ee by byl \u0161patn\u011b navr\u017een, ale proto, \u017ee se jeho vyrovn\u00e1vac\u00ed pam\u011b\u0165 z\u00e1m\u011brn\u011b zmen\u0161uje.<\/p>\n<h3>Co se ned\u011bje automaticky<\/h3>\n<p>Je tak\u00e9 d\u016fle\u017eit\u00e9 jasn\u011b uv\u00e9st, co se nestane automaticky, pokud bude skladov\u00e1n\u00ed nad\u00e1le klesat:<\/p>\n<ul>\n<li>Dom\u00e1cnosti nejsou n\u00e1hle vypnuty<\/li>\n<li>Nedoch\u00e1z\u00ed k okam\u017eit\u00e9mu kolapsu dod\u00e1vek<\/li>\n<li>syst\u00e9m z\u016fst\u00e1v\u00e1 ovladateln\u00fd<\/li>\n<\/ul>\n<p>Z\u00e1sobn\u00edky plynu nejsou bin\u00e1rn\u00ed syst\u00e9m. Neexistuje \u017e\u00e1dn\u00fd p\u0159ep\u00edna\u010d z re\u017eimu \u201ev\u0161e v po\u0159\u00e1dku\u201c na re\u017eim \u201ev\u0161e vypnuto\u201c. M\u00edsto toho se rizikov\u00e9 z\u00f3ny posouvaj\u00ed - pomalu, ale znateln\u011b.<\/p>\n<h3>Pro\u010d je tato p\u0159echodov\u00e1 oblast politicky citliv\u00e1<\/h3>\n<p>Zejm\u00e9na tato f\u00e1ze je obt\u00ed\u017en\u00e1 z hlediska komunikace. Ofici\u00e1ln\u011b je z\u00e1sobov\u00e1n\u00ed st\u00e1le zaji\u0161t\u011bno, ale technicky se rozhodnut\u00ed zp\u0159\u00eds\u0148uj\u00ed. Varov\u00e1n\u00ed se rychle jev\u00ed jako alarmuj\u00edc\u00ed, uji\u0161\u0165ov\u00e1n\u00ed jako naivn\u00ed.<\/p>\n<p>Nav\u00edc opat\u0159en\u00ed, kter\u00e1 maj\u00ed syst\u00e9m stabilizovat, jako je sn\u00ed\u017een\u00ed z\u00e1t\u011b\u017ee v pr\u016fmyslu, jsou viditeln\u00e1 a hmatateln\u00e1, i kdy\u017e maj\u00ed zabr\u00e1nit hor\u0161\u00edm v\u011bcem. Klesaj\u00edc\u00ed \u00farove\u0148 skladov\u00e1n\u00ed se tak st\u00e1v\u00e1 probl\u00e9mem, kter\u00fd nesouvis\u00ed ani tak s panikou, jako sp\u00ed\u0161e s v\u010dasn\u00fdm a st\u0159\u00edzliv\u00fdm \u0159\u00edzen\u00edm.<\/p>\n<p>Pokud budou skladovac\u00ed n\u00e1dr\u017ee i nad\u00e1le klesat, pozornost se p\u0159esune z technologie na organizaci. Pak u\u017e nep\u016fjde jen o tlak a rychlost odb\u011bru, ale o pravidla, povinnosti a priority.<\/p>\n<p>V n\u00e1sleduj\u00edc\u00ed kapitole proto objasn\u00edme: Kdy st\u00e1t zasahuje - a jak p\u0159esn\u011b? Kdy je vyhl\u00e1\u0161en nedostatek plynu, kdo o n\u011bm rozhoduje a podle jak\u00fdch krit\u00e9ri\u00ed se rozd\u011bluje? Teprve pot\u00e9 bude jasn\u00e9, jak se technick\u00fd nedostatek st\u00e1v\u00e1 form\u00e1ln\u00edm krizov\u00fdm mechanismem - a co to konkr\u00e9tn\u011b znamen\u00e1.<\/p>\n<h3>Dokumentace: Energetick\u00e1 z\u00e1vislost, obrat a hled\u00e1n\u00ed stability<\/h3>\n<p>Dokument\u00e1rn\u00ed film stanice Bayerischer Rundfunk se zab\u00fdv\u00e1 \u00fast\u0159edn\u00ed ot\u00e1zkou energetick\u00e9 politiky posledn\u00edch let: Jak zraniteln\u00e9 jsou n\u011bmeck\u00e9 dod\u00e1vky energie a jak lze tuto zranitelnost sn\u00ed\u017eit? V\u00e1lka na Ukrajin\u011b n\u00e1hle zd\u016fraznila z\u00e1vislost N\u011bmecka na rusk\u00e9m uhl\u00ed, rop\u011b a plynu. N\u011bmeck\u00e1 vl\u00e1da reagovala s c\u00edlem tyto dovozy co nejrychleji eliminovat, roz\u0161\u00ed\u0159it obnoviteln\u00e9 zdroje energie a v\u00fdrazn\u011b sn\u00ed\u017eit spot\u0159ebu energie. Sou\u010dasn\u011b rostou obavy z omezen\u00ed dod\u00e1vek a r\u016fstu cen. Dokument analyzuje toto nap\u011bt\u00ed a st\u0159\u00edzliv\u011b se pt\u00e1, jak lze v re\u00e1ln\u00fdch podm\u00ednk\u00e1ch dos\u00e1hnout bezpe\u010dn\u00e9ho a udr\u017eiteln\u00e9ho energetick\u00e9ho mixu.<\/p>\n<div class=\"lyte-wrapper\" style=\"width:640px;max-width:100%;margin:5px;\"><div class=\"lyMe\" id=\"WYL_XfLMG8H5eOA\"><div id=\"lyte_XfLMG8H5eOA\" data-src=\"https:\/\/www.markus-schall.de\/wp-content\/plugins\/wp-youtube-lyte\/lyteCache.php?origThumbUrl=%2F%2Fi.ytimg.com%2Fvi%2FXfLMG8H5eOA%2Fhqdefault.jpg\" class=\"pL\"><div class=\"tC\"><div class=\"tT\"><\/div><\/div><div class=\"play\"><\/div><div class=\"ctrl\"><div class=\"Lctrl\"><\/div><div class=\"Rctrl\"><\/div><\/div><\/div><noscript><a href=\"https:\/\/youtu.be\/XfLMG8H5eOA\" rel=\"nofollow noopener\" target=\"_blank\"><img loading=\"lazy\" decoding=\"async\" src=\"https:\/\/www.markus-schall.de\/wp-content\/plugins\/wp-youtube-lyte\/lyteCache.php?origThumbUrl=https%3A%2F%2Fi.ytimg.com%2Fvi%2FXfLMG8H5eOA%2F0.jpg\" alt=\"Miniatura videa na YouTube\" width=\"640\" height=\"340\" \/><br \/>Pod\u00edvejte se na toto video na YouTube<\/a><\/noscript><\/div><\/div><div class=\"lL\" style=\"max-width:100%;width:640px;margin:5px;\"><\/div><br \/>\nDilema s energi\u00ed: Jak zajistit jej\u00ed dod\u00e1vky? | Dokument\u00e1rn\u00ed film <a href=\"https:\/\/www.youtube.com\/@bayerischerrundfunk\" target=\"_blank\" rel=\"nofollow noopener\">P\u0159\u00edb\u011bh BR<\/a><\/p>\n<h2>Pr\u00e1vn\u00ed situace a krizov\u00e1 mechanika: Kdy zasahuje st\u00e1t<\/h2>\n<p>Klesaj\u00edc\u00ed \u00farove\u0148 skladov\u00e1n\u00ed a omezen\u00e1 m\u00edra \u010derp\u00e1n\u00ed je\u0161t\u011b neznamenaj\u00ed pr\u00e1vn\u00ed krizi. Z\u00e1sobov\u00e1n\u00ed plynem v N\u011bmecku je organizov\u00e1no tak, \u017ee technick\u00e9 nedostatky jsou zpo\u010d\u00e1tku tlumeny trhem a provozem. Teprve kdy\u017e tyto mechanismy p\u0159estanou sta\u010dit, nastupuje jasn\u011b definovan\u00fd st\u00e1tn\u00ed r\u00e1mec.<\/p>\n<p>Tento r\u00e1mec nen\u00ed improvizovan\u00fdm n\u00e1strojem, ale je p\u0159ipravov\u00e1n ji\u017e l\u00e9ta: pl\u00e1n pro p\u0159\u00edpad hav\u00e1rie plynu. V n\u011bm je definov\u00e1no, kdy, jak a kdo m\u00e1 zas\u00e1hnout - a p\u0159edev\u0161\u00edm v jak\u00e9m po\u0159ad\u00ed.<\/p>\n<p>Pr\u00e1v\u011b proto, \u017ee se o t\u011bchto pravidlech m\u00e1lokdy ve\u0159ejn\u011b diskutuje, vznik\u00e1 ve vypjat\u00fdch f\u00e1z\u00edch mnoho nedorozum\u011bn\u00ed. Tato kapitola si proto klade za c\u00edl poskytnout st\u0159\u00edzliv\u00e9 vysv\u011btlen\u00ed toho, co se vlastn\u011b pr\u00e1vn\u011b d\u011bje - a co ne.<\/p>\n<h3>Pl\u00e1n pro p\u0159\u00edpad hav\u00e1rie plynu: t\u0159i f\u00e1ze, jasn\u00e1 eskalace<\/h3>\n<p>Pr\u00e1vn\u00edm z\u00e1kladem n\u011bmeck\u00e9ho krizov\u00e9ho mechanismu je pl\u00e1n pro stav nouze v plyn\u00e1renstv\u00ed, kter\u00fd je zakotven v evropsk\u00fdch sm\u011brnic\u00edch. Rozli\u0161uje t\u0159i \u00farovn\u011b eskalace, kter\u00e9 jsou od sebe z\u00e1m\u011brn\u011b odd\u011bleny.<\/p>\n<p><strong>1. stupe\u0148 v\u010dasn\u00e9ho varov\u00e1n\u00ed - zv\u00fd\u0161en\u00e1 pozornost<\/strong><\/p>\n<p>Stupe\u0148 v\u010dasn\u00e9ho varov\u00e1n\u00ed se vyhla\u0161uje, pokud existuj\u00ed zn\u00e1mky konkr\u00e9tn\u00edho zhor\u0161en\u00ed situace v z\u00e1sobov\u00e1n\u00ed, nap\u0159\u00edklad v d\u016fsledku:<\/p>\n<ul>\n<li>geopolitick\u00e9 nap\u011bt\u00ed<\/li>\n<li>Technick\u00e9 probl\u00e9my s dodavateli<\/li>\n<li>Neobvykle vysok\u00e1 popt\u00e1vka<\/li>\n<\/ul>\n<p>D\u016fle\u017eit\u00e9: V t\u00e9to f\u00e1zi je\u0161t\u011b neexistuje st\u00e1tn\u00ed n\u00e1tlak. Nad\u00e1le funguj\u00ed tr\u017en\u00ed mechanismy, vyu\u017e\u00edvaj\u00ed se skladovac\u00ed za\u0159\u00edzen\u00ed a upravuj\u00ed se toky dod\u00e1vek. F\u00e1ze v\u010dasn\u00e9ho varov\u00e1n\u00ed je p\u0159edev\u0161\u00edm sign\u00e1lem: pro \u00fa\u010dastn\u00edky trhu, provozovatele s\u00edt\u00ed a ve\u0159ejnost.<\/p>\n<p><strong>2. stupe\u0148 poplachu - trh se dost\u00e1v\u00e1 pod tlak<\/strong><\/p>\n<p>Stupe\u0148 v\u00fdstrahy ozna\u010duje okam\u017eik, kdy se situace st\u00e1v\u00e1 v\u00e1\u017en\u011bj\u0161\u00ed. Z\u00e1sobov\u00e1n\u00ed je st\u00e1le mo\u017en\u00e9, ale ji\u017e nen\u00ed stabiln\u00ed. Typick\u00e9 charakteristiky:<\/p>\n<ul>\n<li>P\u0159etrv\u00e1vaj\u00edc\u00ed vysok\u00fd po\u010det sta\u017een\u00ed<\/li>\n<li>Omezen\u00e1 flexibilita dod\u00e1vek<\/li>\n<li>Rostouc\u00ed ceny<\/li>\n<li>Zv\u00fd\u0161en\u00e9 po\u017eadavky na koordinaci<\/li>\n<\/ul>\n<p>I v tomto p\u0159\u00edpad\u011b st\u00e1t monitoruje, koordinuje a komunikuje, ale plyn zat\u00edm aktivn\u011b nedistribuuje. Spole\u010dnosti jsou st\u00e1le zodpov\u011bdn\u00e9 za pln\u011bn\u00ed sv\u00fdch smluv a zaji\u0161t\u011bn\u00ed. Zejm\u00e9na tato f\u00e1ze je politicky citliv\u00e1, proto\u017ee ji \u010dasto prov\u00e1zej\u00ed v\u00fdznamn\u00e9 ekonomick\u00e9 d\u016fsledky, ani\u017e by se form\u00e1ln\u011b hovo\u0159ilo o \u201estavu nouze\u201c.<\/p>\n<p><strong>3. nouzov\u00e1 f\u00e1ze: kdy\u017e tr\u017en\u00ed mechanismy p\u0159est\u00e1vaj\u00ed sta\u010dit.<\/strong><\/p>\n<p>Syst\u00e9m se z\u00e1sadn\u011b m\u011bn\u00ed pouze s \u00farovn\u00ed nouzov\u00e9ho stavu. Ta je vyhl\u00e1\u0161ena, kdy\u017e:<\/p>\n<ul>\n<li>trh ji\u017e nem\u016f\u017ee zaru\u010dit nab\u00eddku<\/li>\n<li>technick\u00e1 a ekonomick\u00e1 opat\u0159en\u00ed byla vy\u010derp\u00e1na<\/li>\n<li>existuje v\u00fdznamn\u00e9 riziko pro dod\u00e1vky plynu<\/li>\n<\/ul>\n<p>Od tohoto okam\u017eiku p\u0159eb\u00edr\u00e1 aktivn\u00ed roli st\u00e1t. Odpov\u011bdnost pak nese Spolkov\u00e1 agentura pro s\u00edt\u011b, kter\u00e1 funguje jako feder\u00e1ln\u00ed distributor z\u00e1t\u011b\u017ee.<br \/>\nJedn\u00e1 se o p\u0159echod od tr\u017en\u00ed kontroly k suver\u00e9nn\u00edmu p\u0159id\u011blov\u00e1n\u00ed.<\/p>\n<h3>Feder\u00e1ln\u00ed distributor n\u00e1kladu: Co to konkr\u00e9tn\u011b znamen\u00e1<\/h3>\n<p>Feder\u00e1ln\u00ed agentura pro s\u00edt\u011b jako feder\u00e1ln\u00ed distributor z\u00e1t\u011b\u017ee nerozhoduje abstraktn\u011b, ale operativn\u011b. Ur\u010duje:<\/p>\n<ul>\n<li>kter\u00e9 budou spot\u0159ebitel\u016fm i nad\u00e1le dod\u00e1v\u00e1ny<\/li>\n<li>kde se sni\u017euje zat\u00ed\u017een\u00ed<\/li>\n<li>kter\u00e9 odst\u00e1vky jsou vy\u017eadov\u00e1ny<\/li>\n<\/ul>\n<p>Ne\u0159\u00edd\u00ed se politick\u00fdmi n\u00e1ladami, ale z\u00e1konem stanoven\u00fdmi prioritami. C\u00edlem nen\u00ed ekonomick\u00e1 optimalizace, ale zaji\u0161t\u011bn\u00ed \u017eivotn\u011b d\u016fle\u017eit\u00fdch dod\u00e1vek.<\/p>\n<h3>Chr\u00e1n\u011bn\u00ed z\u00e1kazn\u00edci: Kdo m\u00e1 p\u0159ednost - a pro\u010d<\/h3>\n<p>\u00dast\u0159edn\u00edm pojmem krizov\u00e9ho mechanismu je pojem chr\u00e1n\u011bn\u00fdch z\u00e1kazn\u00edk\u016f. Mezi n\u011b pat\u0159\u00ed zejm\u00e9na<\/p>\n<ul>\n<li>soukrom\u00e9 dom\u00e1cnosti<\/li>\n<li>Soci\u00e1ln\u00ed instituce, jako jsou nemocnice<\/li>\n<li>n\u011bkter\u00e9 syst\u00e9my d\u00e1lkov\u00e9ho vyt\u00e1p\u011bn\u00ed, kter\u00e9 z\u00e1sobuj\u00ed dom\u00e1cnosti<\/li>\n<\/ul>\n<p>Tyto skupiny maj\u00ed p\u0159ednost. Jejich z\u00e1sobov\u00e1n\u00ed by m\u011blo b\u00fdt zachov\u00e1no co nejd\u00e9le - i kdyby ostatn\u00ed spot\u0159ebitel\u00e9 museli p\u0159ijmout omezen\u00ed.<\/p>\n<p>To neznamen\u00e1, \u017ee dom\u00e1cnosti jsou \u201enedotknuteln\u00e9\u201c. Jsou v\u0161ak na konci interven\u010dn\u00edho \u0159et\u011bzce, nikoli na jeho za\u010d\u00e1tku.<\/p>\n<h3>Pr\u016fmysl a obchod: pro\u010d jsou posti\u017eeny jako prvn\u00ed<\/h3>\n<p>Pr\u016fmysl a velc\u00ed komer\u010dn\u00ed spot\u0159ebitel\u00e9 nejsou pova\u017eov\u00e1ni za chr\u00e1n\u011bn\u00e9 z\u00e1kazn\u00edky. To m\u00e1 n\u011bkolik d\u016fvod\u016f:<\/p>\n<ul>\n<li>spot\u0159ebov\u00e1vaj\u00ed velk\u00e9, kontrolovateln\u00e9 mno\u017estv\u00ed<\/li>\n<li>Procesy m\u016f\u017eete p\u0159i\u0161krtit nebo p\u0159epnout<\/li>\n<li>jejich dod\u00e1vky je technicky snaz\u0161\u00ed p\u0159eru\u0161it<\/li>\n<\/ul>\n<p>V nouzov\u00e9 situaci je proto racion\u00e1ln\u00ed za\u010d\u00edt nejprve zde. To m\u016f\u017ee znamenat<\/p>\n<ul>\n<li>Smluvn\u011b regulovan\u00e9 odst\u00e1vky<\/li>\n<li>Do\u010dasn\u00e9 zastaven\u00ed v\u00fdroby<\/li>\n<li>C\u00edlen\u00e9 sn\u00ed\u017een\u00ed zat\u00ed\u017een\u00ed<\/li>\n<\/ul>\n<p>Tato opat\u0159en\u00ed nejsou projevem sv\u00e9vole, ale sou\u010d\u00e1st\u00ed z\u00e1m\u011brn\u00e9 koncepce omezov\u00e1n\u00ed \u0161kod.<\/p>\n<h3>Region\u00e1ln\u00ed prov\u00e1d\u011bn\u00ed: krize nen\u00ed v\u0161ude stejn\u00e1<\/h3>\n<p>Ani v nouzov\u00e9 f\u00e1zi nedoch\u00e1z\u00ed k \u201ejednotn\u00e9mu celost\u00e1tn\u00edmu vypnut\u00ed\u201c. Z\u00e1sobov\u00e1n\u00ed plynem je organizov\u00e1no region\u00e1ln\u011b a k v\u00fdpadk\u016fm \u010dasto doch\u00e1z\u00ed lok\u00e1ln\u011b nebo na b\u00e1zi s\u00edt\u011b. To znamen\u00e1, \u017ee<\/p>\n<ul>\n<li>n\u011bkter\u00e9 regiony mohou b\u00fdt posti\u017eeny d\u0159\u00edve<\/li>\n<li>ostatn\u00ed oblasti z\u016fst\u00e1vaj\u00ed stabiln\u00ed po del\u0161\u00ed dobu<\/li>\n<li>Opat\u0159en\u00ed maj\u00ed r\u016fznou intenzitu<\/li>\n<\/ul>\n<p>To se \u010dasto zd\u00e1 b\u00fdt v\u016f\u010di posti\u017een\u00fdm nespravedliv\u00e9. Z technick\u00e9ho hlediska se v\u0161ak jedn\u00e1 o d\u016fsledek struktury s\u00edt\u011b, nikoliv o politick\u00e9 rozhodnut\u00ed.<\/p>\n<h3>Pro\u010d nejsou stanoveny \u017e\u00e1dn\u00e9 pevn\u00e9 procentn\u00ed limity<\/h3>\n<p>\u010cast\u00e1 chyba: p\u0159edpoklad, \u017ee nedostatek plynu je automaticky vyhl\u00e1\u0161en p\u0159i ur\u010dit\u00e9 \u00farovni skladov\u00e1n\u00ed. Nen\u00ed tomu tak. Vyhl\u00e1\u0161en\u00ed nouzov\u00e9 \u00farovn\u011b z\u00e1vis\u00ed na:<\/p>\n<ul>\n<li>dostupn\u00fd denn\u00ed v\u00fdkon<\/li>\n<li>Stabilita s\u00edt\u011b<\/li>\n<li>Mo\u017enosti importu<\/li>\n<li>V\u00fdvoj po\u010das\u00ed<\/li>\n<li>Reakce trhu<\/li>\n<\/ul>\n<p>\u00darove\u0148 ulo\u017een\u00ed 20 % m\u016f\u017ee b\u00fdt zvl\u00e1dnuteln\u00e1 - nebo kritick\u00e1. Naopak vy\u0161\u0161\u00ed \u00farove\u0148 m\u016f\u017ee b\u00fdt tak\u00e9 problematick\u00e1, pokud je m\u00edra odb\u011bru nedostate\u010dn\u00e1.<\/p>\n<p>Z pr\u00e1vn\u00edho hlediska nez\u00e1le\u017e\u00ed na procentu\u00e1ln\u00edm pod\u00edlu, ale na schopnosti poskytovat.<\/p>\n<h3>Komunikace mezi bezpe\u010dnost\u00ed a vyh\u00fdb\u00e1n\u00edm se panice<\/h3>\n<p>Podce\u0148ovan\u00fdm aspektem krizov\u00e9ho mechanismu je komunikace. St\u00e1t m\u00e1 dvoj\u00ed odpov\u011bdnost:<\/p>\n<ul>\n<li>V\u010dasn\u00e9 varov\u00e1n\u00ed<\/li>\n<li>Vyhn\u011bte se zbyte\u010dn\u00e9 panice<\/li>\n<\/ul>\n<p>P\u0159\u00edli\u0161 brzk\u00e9 varov\u00e1n\u00ed m\u016f\u017ee destabilizovat trhy. P\u0159\u00edli\u0161 pozdn\u00ed reakce m\u016f\u017ee zni\u010dit d\u016fv\u011bru. Proto ofici\u00e1ln\u00ed prohl\u00e1\u0161en\u00ed \u010dasto vyzn\u00edvaj\u00ed opatrn\u011b, n\u011bkdy a\u017e sm\u00ed\u0159liv\u011b. To nen\u00ed zn\u00e1mkou nedostatku transparentnosti, ale projevem jemn\u00e9ho vyva\u017eov\u00e1n\u00ed.<\/p>\n<p>Pr\u00e1vn\u00ed n\u00e1stroje jsou jasn\u011b definov\u00e1ny. Nab\u00fdvaj\u00ed \u00fa\u010dinnosti pozd\u011b, c\u00edlen\u011b a podle pevn\u011b stanoven\u00fdch pravidel. Rozhoduj\u00edc\u00ed v\u0161ak je, jak brzy je syst\u00e9m \u0159\u00edzen, aby tyto n\u00e1stroje nebyly v\u016fbec nutn\u00e9.<\/p>\n<p>Z\u00e1v\u011bre\u010dn\u00e1 kapitola se proto zab\u00fdv\u00e1 zast\u0159e\u0161uj\u00edc\u00ed ot\u00e1zkou: Co se z t\u00e9to struktury dozv\u00edd\u00e1me - a co to re\u00e1ln\u011b znamen\u00e1 pro politiku, ekonomiku a spole\u010dnost? Ne jako katalog po\u017eadavk\u016f, ale jako st\u0159\u00edzlivou klasifikaci toho, \u010deho mohou - a nemohou - z\u00e1sobn\u00edky plynu dos\u00e1hnout.<\/p>\n<h3>P\u0159ehled havarijn\u00edho pl\u00e1nu pro plyn<\/h3>\n<div style=\"overflow: auto;\">\n<table>\n<thead>\n<tr style=\"background: #f2f2f2;\">\n<th>\u00darove\u0148<\/th>\n<th>Co signalizuje<\/th>\n<th>Reakce trhu<\/th>\n<th>Co se m\u016f\u017ee zm\u011bnit<\/th>\n<th>Koho se to t\u00fdk\u00e1 nejd\u0159\u00edve<\/th>\n<\/tr>\n<\/thead>\n<tbody>\n<tr>\n<td><strong>\u00darove\u0148 v\u010dasn\u00e9ho varov\u00e1n\u00ed<\/strong><\/td>\n<td>Existuj\u00ed n\u00e1znaky zhor\u0161en\u00ed situace v z\u00e1sobov\u00e1n\u00ed.<\/td>\n<td>Tr\u017en\u00ed mechanismy pokra\u010duj\u00ed, skladov\u00e1n\u00ed\/dovoz se upravuje.<\/td>\n<td>V\u00edce monitorov\u00e1n\u00ed, v\u00edce koordinace, po\u010d\u00e1te\u010dn\u00ed preventivn\u00ed opat\u0159en\u00ed.<\/td>\n<td>Zpravidla nikdo okam\u017eit\u011b - sp\u00ed\u0161e zv\u00fd\u0161en\u00e1 ostra\u017eitost.<\/td>\n<\/tr>\n<tr>\n<td><strong>\u00darove\u0148 alarmu<\/strong><\/td>\n<td>Situace je napjat\u00e1, dod\u00e1vky jsou st\u00e1le mo\u017en\u00e9, ale m\u00e9n\u011b stabiln\u00ed.<\/td>\n<td>Trh st\u00e1le funguje, ale s v\u011bt\u0161\u00edm tlakem (ceny, z\u00e1sobov\u00e1n\u00ed, riziko).<\/td>\n<td>Sn\u00ed\u017een\u00ed z\u00e1t\u011b\u017ee se m\u016f\u017ee zv\u00fd\u0161it, spole\u010dnosti reaguj\u00ed opatrn\u011bji.<\/td>\n<td>\u010casto pr\u016fmysl\/velc\u00ed spot\u0159ebitel\u00e9 dobrovoln\u011b nebo smluvn\u011b prost\u0159ednictv\u00edm flexibiln\u00edch opat\u0159en\u00ed.<\/td>\n<\/tr>\n<tr>\n<td><strong>Nouzov\u00e1 \u00farove\u0148<\/strong><\/td>\n<td>Tr\u017en\u00ed mechanismy ji\u017e nesta\u010d\u00ed, je nutn\u00e1 st\u00e1tn\u00ed distribuce.<\/td>\n<td>Trh ustupuje do pozad\u00ed, je mo\u017en\u00e9 z\u00edskat suver\u00e9nn\u00ed kontrolu.<\/td>\n<td>Feder\u00e1ln\u00ed distributor zat\u00ed\u017een\u00ed m\u00e1 prioritu; p\u0159id\u011blov\u00e1n\u00ed\/vyp\u00edn\u00e1n\u00ed je na\u0159\u00edzeno.<\/td>\n<td>Nechr\u00e1n\u011bn\u00ed z\u00e1kazn\u00edci na prvn\u00edm m\u00edst\u011b: velk\u00e1 \u010d\u00e1st pr\u016fmyslu a obchodu.<\/td>\n<\/tr>\n<\/tbody>\n<\/table>\n<p>Dal\u0161\u00ed informace v <a href=\"https:\/\/www.bundesnetzagentur.de\/DE\/Gasversorgung\/FAQ\/start.html\" target=\"_blank\" rel=\"noopener\"><strong>\u010casto kladen\u00e9 dotazy Spolkov\u00e9 agentury pro s\u00edt\u011b<\/strong><\/a><\/p>\n<\/div>\n<h2>Z\u00edskan\u00e9 poznatky: Bezpe\u010dnost dod\u00e1vek je ot\u00e1zkou rovnov\u00e1hy<\/h2>\n<p>Z\u00e1sobn\u00edky plynu jsou \u00fast\u0159edn\u00edm stabiliza\u010dn\u00edm prvkem dod\u00e1vek energie. Vyrovn\u00e1vaj\u00ed \u010dasov\u00e9 v\u00fdkyvy, vyrovn\u00e1vaj\u00ed \u0161pi\u010dkov\u00e9 zat\u00ed\u017een\u00ed a poskytuj\u00ed syst\u00e9mu man\u00e9vrovac\u00ed prostor. Tato interakce se osv\u011bd\u010dila v pr\u016fb\u011bhu desetilet\u00ed. P\u0159edchoz\u00ed kapitoly z\u00e1rove\u0148 jasn\u011b ukazuj\u00ed, \u017ee z\u00e1sobn\u00edky plynu nenahrazuj\u00ed spolehliv\u00e9 struktury dod\u00e1vek. Z\u00edsk\u00e1vaj\u00ed \u010das, ale nevytv\u00e1\u0159ej\u00ed energii.<\/p>\n<p>Klesaj\u00edc\u00ed \u00farove\u0148 skladov\u00e1n\u00ed proto nen\u00ed ani tak ojedin\u011bl\u00fdm probl\u00e9mem, jako sp\u00ed\u0161e indik\u00e1torem. Nazna\u010duj\u00ed, \u017ee \u010derp\u00e1n\u00ed a vtl\u00e1\u010den\u00ed, popt\u00e1vka, po\u010das\u00ed a toky dod\u00e1vek ji\u017e nejsou v rovnov\u00e1ze. Kdo se zab\u00fdv\u00e1 pouze z\u00e1sobn\u00edky, nerozpozn\u00e1 skute\u010dn\u00e9 j\u00e1dro probl\u00e9mu: strukturu z\u00e1sobov\u00e1n\u00ed.<\/p>\n<h3>P\u016fvodn\u00ed realizace: vyhnout se z\u00e1vislostem<\/h3>\n<p>N\u011bmecko se dlouho \u0159\u00eddilo pom\u011brn\u011b st\u0159\u00edzlivou energetickou politikou: neb\u00fdt z\u00e1visl\u00fd na jedin\u00e9m dodavateli. Toto pozn\u00e1n\u00ed nevych\u00e1zelo z ideologie, ale ze zku\u0161enost\u00ed. Bezpe\u010dnost dod\u00e1vek je zalo\u017eena na diverzifikaci - geografick\u00e9, technick\u00e9 i smluvn\u00ed.<\/p>\n<p>Tato logika platila bez ohledu na to, ze kter\u00e9 zem\u011b plyn poch\u00e1zel. Nebyla zam\u011b\u0159ena na konkr\u00e9tn\u00edho dodavatele, ale na princip diverzifikace rizika. Plynovody z r\u016fzn\u00fdch sm\u011br\u016f, z\u00e1sobn\u00edky jako rezerva, flexibiln\u00ed obchodn\u00ed struktury - to v\u0161e bylo sou\u010d\u00e1st\u00ed syst\u00e9mu navr\u017een\u00e9ho pro robustnost.<\/p>\n<h3>Od jedn\u00e9 z\u00e1vislosti k druh\u00e9?<\/h3>\n<p>\u00dapln\u00fdm z\u0159eknut\u00edm se rusk\u00e9ho plynu z plynovod\u016f do\u0161lo k politicky od\u016fvodn\u011bn\u00e9mu a komunika\u010dn\u011b velmi nabit\u00e9mu zlomu. Bez ohledu na hodnocen\u00ed tohoto rozhodnut\u00ed vyvst\u00e1v\u00e1 dnes v\u011bcn\u00e1 ot\u00e1zka: je nov\u00e1 struktura skute\u010dn\u011b m\u00e9n\u011b z\u00e1visl\u00e1 - nebo jen jinak z\u00e1visl\u00e1? Sou\u010dasn\u00e9 zam\u011b\u0159en\u00ed na LNG z\u00e1sadn\u011b m\u011bn\u00ed strukturu z\u00e1vislosti:<\/p>\n<ul>\n<li>S plynem se obchoduje celosv\u011btov\u011b, \u010dasto v kr\u00e1tk\u00e9m \u010dase a za volatiln\u011bj\u0161\u00ed ceny.<\/li>\n<li>Dodavatelsk\u00e9 \u0159et\u011bzce jsou del\u0161\u00ed a n\u00e1chyln\u011bj\u0161\u00ed k naru\u0161en\u00ed.<\/li>\n<li>Infrastruktura, jako jsou termin\u00e1ly, doprava a znovuzply\u0148ov\u00e1n\u00ed, nab\u00fdv\u00e1 na v\u00fdznamu.<\/li>\n<\/ul>\n<p>LNG nab\u00edz\u00ed flexibilitu, ale nenahrazuje dlouhodob\u00e9 stabiln\u00ed vztahy v oblasti dod\u00e1vek. Ti, kte\u0159\u00ed se t\u00e9m\u011b\u0159 v\u00fdhradn\u011b spol\u00e9haj\u00ed na LNG, jsou v\u00edce vystaveni dynamice glob\u00e1ln\u00edho trhu - v\u010detn\u011b konkurence o n\u00e1klad, cenov\u00fdch \u0161pi\u010dek a geopolitick\u00fdch ud\u00e1lost\u00ed mimo Evropu.<\/p>\n<h3>Nord Stream, bezpe\u010dnost dod\u00e1vek a ot\u00e1zka z\u00e1vislosti<\/h3>\n<p><a href=\"https:\/\/www.markus-schall.de\/cs\/2026\/01\/severni-proud-odstrelovani-sabotazni-politika-moci-a-neprijemne-otevrene-otazky\/\"><img loading=\"lazy\" decoding=\"async\" class=\"wp-image-4445 size-medium alignleft\" src=\"https:\/\/www.markus-schall.de\/wp-content\/uploads\/nordstream-sprengung-300x200.jpg\" alt=\"Odst\u0159el plynovodu Nord Stream\" width=\"300\" height=\"200\" srcset=\"https:\/\/www.markus-schall.de\/wp-content\/uploads\/nordstream-sprengung-300x200.jpg 300w, https:\/\/www.markus-schall.de\/wp-content\/uploads\/nordstream-sprengung-768x512.jpg 768w, https:\/\/www.markus-schall.de\/wp-content\/uploads\/nordstream-sprengung-18x12.jpg 18w, https:\/\/www.markus-schall.de\/wp-content\/uploads\/nordstream-sprengung.jpg 1024w\" sizes=\"auto, (max-width: 300px) 100vw, 300px\" \/><\/a>Diskuse o skladov\u00e1n\u00ed plynu nevyhnuteln\u011b vede k z\u00e1sadn\u011bj\u0161\u00ed ot\u00e1zce: Jak se N\u011bmecko do t\u00e9to situace se z\u00e1sobov\u00e1n\u00edm v\u016fbec dostalo? Ve sv\u00e9m \u010dl\u00e1nku o Nord Streamu jsem se zab\u00fdval pr\u00e1v\u011b touto ot\u00e1zkou - nikoli polemicky, ale analyticky. Zab\u00fdv\u00e1 se rozhodnut\u00edmi o infrastruktu\u0159e, politick\u00fdmi rozhodnut\u00edmi a \u010dasto zkratkovit\u00fdm l\u00ed\u010den\u00edm \u201ez\u00e1vislosti\u201c. V souvislosti se z\u00e1sobn\u00edky plynu je z\u0159ejm\u00e9, \u017ee rozhodnut\u00ed vzd\u00e1t se rusk\u00e9ho plynu z plynovod\u016f nezm\u011bnilo pouze toky dod\u00e1vek, ale tak\u00e9 fungov\u00e1n\u00ed cel\u00e9ho syst\u00e9mu z\u00e1sobov\u00e1n\u00ed. Bez tohoto kontextu lze jen st\u011b\u017e\u00ed smyslupln\u011b posoudit \u00farove\u0148 z\u00e1sobn\u00edk\u016f, dovoz LNG a volatilitu cen. Na str\u00e1nk\u00e1ch <a href=\"https:\/\/www.markus-schall.de\/cs\/2026\/01\/severni-proud-odstrelovani-sabotazni-politika-moci-a-neprijemne-otevrene-otazky\/\"><strong>\u010cl\u00e1nek o projektu Nord Stream<\/strong><\/a> proto poskytuje nezbytn\u00fd historick\u00fd a struktur\u00e1ln\u00ed kontext pro pochopen\u00ed sou\u010dasn\u00e9 situace nikoli izolovan\u011b, ale jako v\u00fdsledku n\u00e1sledn\u00fdch rozhodnut\u00ed.<\/p>\n<h3>Zabezpe\u010den\u00ed dod\u00e1vek nen\u00ed ot\u00e1zkou \"bu\u010f a nebo\".<\/h3>\n<p>Skute\u010dn\u00fdm pou\u010den\u00edm z debaty o skladov\u00e1n\u00ed je proto ned\u00e9monizovat nebo neidealizovat ur\u010dit\u00fd zdroj. Je to n\u00e1sleduj\u00edc\u00ed:<\/p>\n<p>Bezpe\u010dnost dod\u00e1vek je zaji\u0161t\u011bna rozmanitost\u00ed, nikoli vylou\u010den\u00edm. Odoln\u00fd syst\u00e9m se vyzna\u010duje t\u00edm, \u017ee:<\/p>\n<ul>\n<li>soub\u011b\u017en\u011b je k dispozici n\u011bkolik zdroj\u016f dod\u00e1vek<\/li>\n<li>existuj\u00ed r\u016fzn\u00e9 dopravn\u00ed trasy<\/li>\n<li>Strategick\u00e9 vyu\u017eit\u00ed \u00falo\u017ei\u0161\u0165<\/li>\n<li>Z\u00e1vislosti jsou omezen\u00e9 a distribuovan\u00e9<\/li>\n<\/ul>\n<p>To v\u00fdslovn\u011b zahrnuje LNG. Existuje v\u0161ak argument proti tomu, aby se dominantn\u00edm pil\u00ed\u0159em stala jedin\u00e1 logika dod\u00e1vek - bez ohledu na to, jak opodstatn\u011bn\u00e1 se v dan\u00e9m politick\u00e9m okam\u017eiku m\u016f\u017ee zd\u00e1t.<\/p>\n<h3>Skladov\u00e1n\u00ed jako seismograf, ne jako vin\u00edk<\/h3>\n<p>Ve ve\u0159ejn\u00e9 diskusi jsou skladovac\u00ed za\u0159\u00edzen\u00ed plynu snadno ozna\u010dov\u00e1na za p\u0159\u00ed\u010dinu probl\u00e9mu. Ve skute\u010dnosti jsou sp\u00ed\u0161e seismografem. Ukazuj\u00ed, jak dob\u0159e \u010di \u0161patn\u011b je v sou\u010dasnosti celkov\u00fd syst\u00e9m vyv\u00e1\u017een.<\/p>\n<p>Vysok\u00e9 hladiny signalizuj\u00ed uvoln\u011bn\u00ed, klesaj\u00edc\u00ed hladiny ukazuj\u00ed na struktur\u00e1ln\u00ed nap\u011bt\u00ed. Samotn\u00e9 skladovac\u00ed n\u00e1dr\u017ee nejsou probl\u00e9mem, ale odhaluj\u00ed, kde se syst\u00e9m dost\u00e1v\u00e1 pod tlak. Pokud z n\u00edzk\u00fdch hladin vyvod\u00edte nespr\u00e1vn\u00e9 z\u00e1v\u011bry, riskujete, \u017ee budete pracovat s p\u0159\u00edznaky m\u00edsto s p\u0159\u00ed\u010dinami.<\/p>\n<p>Pr\u00e1v\u011b proto by m\u011blo smysl revidovat n\u011bmeckou plynovou strategii st\u0159\u00edzliv\u011b a bez symbolick\u00e9ho p\u0159eh\u00e1n\u011bn\u00ed. Ne s c\u00edlem zvr\u00e1tit minul\u00e1 rozhodnut\u00ed, ale br\u00e1t v\u00e1\u017en\u011b p\u016fvodn\u00ed logiku diverzifikace. To zahrnuje<\/p>\n<ul>\n<li>Hodnotit zdroje dod\u00e1vek sp\u00ed\u0161e funk\u010dn\u011b ne\u017e ideologicky.<\/li>\n<li>transparentn\u011b pojmenov\u00e1vat z\u00e1vislosti - v\u010detn\u011b nov\u00fdch<\/li>\n<li>pochopit, co jsou syst\u00e9my skladov\u00e1n\u00ed za\u010d: Buffery, ne z\u00e1chrann\u00e9 lano<\/li>\n<\/ul>\n<p>Takov\u00e9 p\u0159ehodnocen\u00ed neznamen\u00e1 opu\u0161t\u011bn\u00ed politick\u00fdch postoj\u016f. Znamen\u00e1 to znovu sbl\u00ed\u017eit technickou realitu a strategickou racionalitu.<\/p>\n<h3>Zodpov\u011bdnost tak\u00e9 znamen\u00e1 m\u00edt otev\u0159en\u00e9 mo\u017enosti<\/h3>\n<p>Energetick\u00e1 politika je v\u017edy politikou nejistoty. Nikdo nem\u00e1 k\u0159i\u0161\u0165\u00e1lovou kouli. Pr\u00e1v\u011b proto je moudr\u00e9 neuzav\u00edrat mo\u017enosti p\u0159ed\u010dasn\u011b. Syst\u00e9m, kter\u00fd zn\u00e1 pouze jeden sm\u011br, nen\u00ed robustn\u00ed, ale k\u0159ehk\u00fd - i kdy\u017e tento sm\u011br kr\u00e1tkodob\u011b dob\u0159e funguje.<\/p>\n<p>N\u011bmecko m\u00e1 technick\u00e9 znalosti, infrastrukturu a zku\u0161enosti pro provozov\u00e1n\u00ed diverzifikovan\u00e9ho syst\u00e9mu dod\u00e1vek. Sou\u010d\u00e1st\u00ed tohoto syst\u00e9mu jsou i z\u00e1sobn\u00edky plynu. LNG m\u016f\u017ee b\u00fdt jeho sou\u010d\u00e1st\u00ed. Plynovody mohou b\u00fdt - v z\u00e1sad\u011b - tak\u00e9 jeho sou\u010d\u00e1st\u00ed. Rozhoduj\u00edc\u00edm faktorem nejsou jednotliv\u00e9 zdroje, ale rovnov\u00e1ha mezi nimi.<\/p>\n<p>Klesaj\u00edc\u00ed \u00farove\u0148 pam\u011bti nen\u00ed d\u016fvodem k panice. Jsou v\u0161ak d\u016fvodem k zamy\u0161len\u00ed. Jsou p\u0159ipom\u00ednkou toho, \u017ee bezpe\u010dnost dod\u00e1vek nevych\u00e1z\u00ed z politick\u00fdch hesel, ale z technick\u00e9 reality, strategick\u00e9 rozvahy a dlouhodob\u00e9ho uva\u017eov\u00e1n\u00ed.<\/p>\n<p>Mo\u017en\u00e1 pr\u00e1v\u011b zde spo\u010d\u00edv\u00e1 nejd\u016fle\u017eit\u011bj\u0161\u00ed pou\u010den\u00ed: Nenahrazujte v\u017edy nov\u00e9 z\u00e1vislosti star\u00fdmi, ale dr\u017ete se toho, co jste jednou uznali za spr\u00e1vn\u00e9.<\/p>\n<h3>Debata o frackingu: Ot\u00e1zka, kter\u00e1 se skr\u00fdv\u00e1 za za\u0159\u00edzen\u00edmi na skladov\u00e1n\u00ed plynu<\/h3>\n<p style=\"text-align: left;\"><a href=\"https:\/\/www.markus-schall.de\/cs\/2026\/04\/fracking-lng-a-energeticka-politika-strizliva-analyza-rizik-prilezitosti-a-reality\/\"><img loading=\"lazy\" decoding=\"async\" class=\"alignleft size-medium wp-image-5621\" src=\"https:\/\/www.markus-schall.de\/wp-content\/uploads\/Fracking-Energiepolitik-300x200.jpg\" alt=\"\u0160t\u011bpen\u00ed zemn\u00edho plynu a energetick\u00e1 politika\" width=\"300\" height=\"200\" srcset=\"https:\/\/www.markus-schall.de\/wp-content\/uploads\/Fracking-Energiepolitik-300x200.jpg 300w, https:\/\/www.markus-schall.de\/wp-content\/uploads\/Fracking-Energiepolitik-768x512.jpg 768w, https:\/\/www.markus-schall.de\/wp-content\/uploads\/Fracking-Energiepolitik-18x12.jpg 18w, https:\/\/www.markus-schall.de\/wp-content\/uploads\/Fracking-Energiepolitik.jpg 1024w\" sizes=\"auto, (max-width: 300px) 100vw, 300px\" \/><\/a>Diskuse o n\u011bmeck\u00fdch z\u00e1sobn\u00edc\u00edch plynu se obvykle soust\u0159ed\u00ed na \u00farove\u0148 napln\u011bn\u00ed, zimn\u00ed opat\u0159en\u00ed a kr\u00e1tkodobou stabilitu. Nep\u0159\u00edmo se v\u0161ak dot\u00fdk\u00e1 z\u00e1sadn\u011bj\u0161\u00ed ot\u00e1zky: odkud se bude tento plyn v dlouhodob\u00e9m horizontu vlastn\u011b br\u00e1t? Pr\u00e1v\u011b v t\u00e9to oblasti se <a href=\"https:\/\/www.markus-schall.de\/cs\/2026\/04\/fracking-lng-a-energeticka-politika-strizliva-analyza-rizik-prilezitosti-a-reality\/\"><strong>\u010cl\u00e1nek o frakov\u00e1n\u00ed v N\u011bmecku<\/strong><\/a> na. Roz\u0161i\u0159uje pohled od skladov\u00e1n\u00ed k p\u016fvodu - a t\u00edm i ke skute\u010dn\u00e9mu strategick\u00e9mu rozhodnut\u00ed. Koneckonc\u016f dob\u0159e napln\u011bn\u00e9 sklady probl\u00e9m z\u00e1vislosti ne\u0159e\u0161\u00ed, ale odkl\u00e1daj\u00ed. \u010cl\u00e1nek o frackingu ukazuje, jak\u00e9 mo\u017enosti by N\u011bmecko teoreticky m\u011blo, jak\u00e1 rizika jsou s t\u00edm spojena a pro\u010d se t\u00e9to ot\u00e1zce dosud politicky vyh\u00fdbalo. V souvislosti s debatou o skladov\u00e1n\u00ed se ukazuje, \u017ee nejde jen o to, kolik plynu je k dispozici, ale jak udr\u017eiteln\u011b a nez\u00e1visle lze organizovat jeho dod\u00e1vky.<\/p>\n<h3>Do hloubky: Jak skute\u010dn\u011b vznikaj\u00ed ceny energi\u00ed - mimo titulky novin<\/h3>\n<p><a href=\"https:\/\/www.markus-schall.de\/cs\/2025\/12\/vysvetleni-vysokych-cen-energii-v-nemecku-plyn-elektrina-a-benzin-jednoduse\/\"><img loading=\"lazy\" decoding=\"async\" class=\"alignright wp-image-4112 size-medium\" src=\"https:\/\/www.markus-schall.de\/wp-content\/uploads\/energiepreise-deutschland-300x200.jpg\" alt=\"Ceny energi\u00ed v N\u011bmecku\" width=\"300\" height=\"200\" srcset=\"https:\/\/www.markus-schall.de\/wp-content\/uploads\/energiepreise-deutschland-300x200.jpg 300w, https:\/\/www.markus-schall.de\/wp-content\/uploads\/energiepreise-deutschland-768x512.jpg 768w, https:\/\/www.markus-schall.de\/wp-content\/uploads\/energiepreise-deutschland-18x12.jpg 18w, https:\/\/www.markus-schall.de\/wp-content\/uploads\/energiepreise-deutschland.jpg 1024w\" sizes=\"auto, (max-width: 300px) 100vw, 300px\" \/><\/a>Pokud chcete pochopit, pro\u010d klesaj\u00edc\u00ed nebo rostouc\u00ed z\u00e1soby plynu v\u016fbec hraj\u00ed tak d\u016fle\u017eitou roli, nelze obej\u00edt mechanismy tvorby cen energi\u00ed. V m\u00e9m podrobn\u00e9m <a href=\"https:\/\/www.markus-schall.de\/cs\/2025\/12\/vysvetleni-vysokych-cen-energii-v-nemecku-plyn-elektrina-a-benzin-jednoduse\/\"><strong>\u010cl\u00e1nky o cen\u00e1ch energi\u00ed<\/strong><\/a> Pr\u00e1v\u011b tuto ot\u00e1zku zkoum\u00e1m: Jak se vlastn\u011b tvo\u0159\u00ed ceny plynu, elekt\u0159iny a benz\u00ednu? Jakou roli hraj\u00ed n\u00e1klady na n\u00e1kup, s\u00ed\u0165ov\u00e9 poplatky, dan\u011b, odvody a tr\u017en\u00ed logika - a kde doch\u00e1z\u00ed k nejv\u011bt\u0161\u00edm deformac\u00edm mezi skute\u010dn\u00fdm nedostatkem a vn\u00edm\u00e1n\u00edm ve\u0159ejnosti? \u010cl\u00e1nek p\u0159id\u00e1v\u00e1 z\u00e1sadn\u00ed pohled na anal\u00fdzu skladov\u00e1n\u00ed plynu: ceny \u010dasto reaguj\u00ed d\u0159\u00edve a siln\u011bji ne\u017e fyzick\u00e1 situace v z\u00e1sobov\u00e1n\u00ed. Ka\u017ed\u00fd, kdo rozum\u00ed cen\u00e1m, dok\u00e1\u017ee mnohem l\u00e9pe kategorizovat politick\u00e1 rozhodnut\u00ed, reakce trhu a individu\u00e1ln\u00ed z\u00e1t\u011b\u017e - ani\u017e by se \u0159\u00eddil zjednodu\u0161en\u00fdmi vysv\u011btlen\u00edmi.<\/p>\n<hr \/>\n\n\t\t\t<div class=\"display-post-types\">\n\n\t\t\t\t\t\t\t<style type=\"text\/css\">\n\t\t\t#dpt-wrapper-431 { --dpt-text-align: left;--dpt-image-crop: center;--dpt-border-radius: 5px;--dpt-h-gutter: 10px;--dpt-v-gutter: 9px; }\t\t\t<\/style>\n\t\t\t<style type=\"text\/css\">#dpt-wrapper-431 { --dpt-title-font-style:normal;--dpt-title-font-weight:600;--dpt-title-line-height:1.5;--dpt-title-text-decoration:none;--dpt-title-text-transform:none;--dpt-excerpt-font-style:normal;--dpt-excerpt-font-weight:400;--dpt-excerpt-line-height:1.5;--dpt-excerpt-text-decoration:none;--dpt-excerpt-text-transform:none;--dpt-meta1-font-style:normal;--dpt-meta1-font-weight:400;--dpt-meta1-line-height:1.9;--dpt-meta1-text-decoration:none;--dpt-meta1-text-transform:none;--dpt-meta2-font-style:normal;--dpt-meta2-font-weight:400;--dpt-meta2-line-height:1.9;--dpt-meta2-text-decoration:none;--dpt-meta2-text-transform:none; }<\/style><div class=\"dpt-main-header\">\n\t\t\t\t\t\t<div class=\"dpt-main-title\">\n\t\t\t\t\t\t\t<span class=\"dpt-main-title-text\">Soci\u00e1ln\u00ed ot\u00e1zky sou\u010dasnosti<\/span>\n\t\t\t\t\t\t<\/div>\n\t\t\t\t\t\t\n\t\t\t\t\t\t\n\t\t\t\t\t\t\n\t\t\t\t\t\t<\/div>\t\t\t\n\t\t\t\t<div id=\"dpt-wrapper-431\" class=\"dpt-wrapper dpt-mag1 land1 dpt-cropped dpt-flex-wrap\" >\n\n\t\t\t\t\t\t\t\t\t\t\t<div class=\"dpt-entry has-thumbnail\" data-title=\"dauerkrise als normalzustand: wie narrative unsere wahrnehmung verzerren\" data-id=\"3840\"  data-category=\"allgemein b\u00fccher gesellschaft\" data-post_tag=\"buch deutschland energiepolitik erfahrungen europa krisen meinungsfreiheit pers\u00f6nlichkeitsentwicklung\">\n\t\t\t\t\t\t\t<div class=\"dpt-entry-wrapper\"><div class=\"dpt-featured-content\"><div class=\"dpt-permalink\"><a href=\"https:\/\/www.markus-schall.de\/cs\/2025\/12\/permanentni-krize-jako-normalni-stav-jak-narativy-zkresluji-nase-vnimani\/\" class=\"dpt-permalink\"><span class=\"screen-reader-text\">Permanentn\u00ed krize jako norm\u00e1ln\u00ed stav: Jak narativy zkresluj\u00ed na\u0161e vn\u00edm\u00e1n\u00ed<\/span><\/a><\/div><div class=\"dpt-thumbnail\"><div class=\"dpt-thumbnail-inner\"><img width=\"1024\" height=\"683\" class=\"attachment-full size-full\" alt=\"Permanentn\u00ed krize, vypr\u00e1v\u011bn\u00ed\" context=\"dpt\" data-dpt-src=\"https:\/\/www.markus-schall.de\/wp-content\/uploads\/dauerkrise-narrative.jpg\" data-dpt-sizes=\"(max-width: 1024px) 100vw, 1024px\" data-dpt-srcset=\"https:\/\/www.markus-schall.de\/wp-content\/uploads\/dauerkrise-narrative.jpg 1024w, https:\/\/www.markus-schall.de\/wp-content\/uploads\/dauerkrise-narrative-300x200.jpg 300w, https:\/\/www.markus-schall.de\/wp-content\/uploads\/dauerkrise-narrative-768x512.jpg 768w, https:\/\/www.markus-schall.de\/wp-content\/uploads\/dauerkrise-narrative-18x12.jpg 18w\" \/><\/div><span class=\"dpt-thumbnail-aspect-ratio\" style=\"padding-top: 75%\"><\/span><\/div><\/div><div class=\"sub-entry\"><h3 class=\"dpt-title\"><a class=\"dpt-title-link\" href=\"https:\/\/www.markus-schall.de\/cs\/2025\/12\/permanentni-krize-jako-normalni-stav-jak-narativy-zkresluji-nase-vnimani\/\" rel=\"bookmark\">Permanentn\u00ed krize jako norm\u00e1ln\u00ed stav: Jak narativy zkresluj\u00ed na\u0161e vn\u00edm\u00e1n\u00ed<\/a><\/h3><\/div><\/div>\n\t\t\t\t\t\t<\/div><!-- .dpt-entry -->\n\t\t\t\t\t\t\t\t\t\t\t\t<div class=\"dpt-entry has-thumbnail\" data-title=\"kriegst\u00fcchtigkeit, wehrpflicht &#038; verweigerung: was im ernstfall zu tun ist\" data-id=\"2966\"  data-category=\"allgemein b\u00fccher gesellschaft tipps &amp; anleitungen\" data-post_tag=\"buch deutschland geopolitik gesundheit krisen pers\u00f6nlichkeitsentwicklung ratgeber sicherheitspolitik\">\n\t\t\t\t\t\t\t<div class=\"dpt-entry-wrapper\"><div class=\"dpt-featured-content\"><div class=\"dpt-permalink\"><a href=\"https:\/\/www.markus-schall.de\/cs\/2025\/09\/vyhrada-svedomi-vuci-vojenske-sluzbe-co-delat-v-pripade-nouze\/\" class=\"dpt-permalink\"><span class=\"screen-reader-text\">V\u00e1le\u010dn\u00e1 zp\u016fsobilost, odvody a odm\u00edtnut\u00ed: co d\u011blat v p\u0159\u00edpad\u011b nouze<\/span><\/a><\/div><div class=\"dpt-thumbnail\"><div class=\"dpt-thumbnail-inner\"><img width=\"1536\" height=\"1024\" class=\"attachment-full size-full\" alt=\"Brann\u00e1 povinnost: odm\u00edtnut\u00ed vojensk\u00e9 slu\u017eby\" context=\"dpt\" data-dpt-src=\"https:\/\/www.markus-schall.de\/wp-content\/uploads\/wehrpflicht-kriegsdienst-verweigern.jpg\" data-dpt-sizes=\"(max-width: 1536px) 100vw, 1536px\" data-dpt-srcset=\"https:\/\/www.markus-schall.de\/wp-content\/uploads\/wehrpflicht-kriegsdienst-verweigern.jpg 1536w, https:\/\/www.markus-schall.de\/wp-content\/uploads\/wehrpflicht-kriegsdienst-verweigern-300x200.jpg 300w, https:\/\/www.markus-schall.de\/wp-content\/uploads\/wehrpflicht-kriegsdienst-verweigern-1024x683.jpg 1024w, https:\/\/www.markus-schall.de\/wp-content\/uploads\/wehrpflicht-kriegsdienst-verweigern-768x512.jpg 768w, https:\/\/www.markus-schall.de\/wp-content\/uploads\/wehrpflicht-kriegsdienst-verweigern-18x12.jpg 18w\" \/><\/div><span class=\"dpt-thumbnail-aspect-ratio\" style=\"padding-top: 75%\"><\/span><\/div><\/div><div class=\"sub-entry\"><h3 class=\"dpt-title\"><a class=\"dpt-title-link\" href=\"https:\/\/www.markus-schall.de\/cs\/2025\/09\/vyhrada-svedomi-vuci-vojenske-sluzbe-co-delat-v-pripade-nouze\/\" rel=\"bookmark\">V\u00e1le\u010dn\u00e1 zp\u016fsobilost, odvody a odm\u00edtnut\u00ed: co d\u011blat v p\u0159\u00edpad\u011b nouze<\/a><\/h3><\/div><\/div>\n\t\t\t\t\t\t<\/div><!-- .dpt-entry -->\n\t\t\t\t\t\t\t\t\t\t\t\t<div class=\"dpt-entry has-thumbnail\" data-title=\"wie war syrien vor dem krieg? wer regiert heute? was bedeutet das f\u00fcr gefl\u00fcchtete in deutschland?\" data-id=\"4628\"  data-category=\"allgemein gesellschaft kunst &amp; kultur\" data-post_tag=\"deutschland europa geopolitik krisen meinungsfreiheit sicherheitspolitik\">\n\t\t\t\t\t\t\t<div class=\"dpt-entry-wrapper\"><div class=\"dpt-featured-content\"><div class=\"dpt-permalink\"><a href=\"https:\/\/www.markus-schall.de\/cs\/2026\/01\/jak-vypadala-syrie-pred-valkou-kdo-dnes-vladne-co-to-znamena-pro-uprchliky-v-nemecku\/\" class=\"dpt-permalink\"><span class=\"screen-reader-text\">Jak\u00e1 byla S\u00fdrie p\u0159ed v\u00e1lkou? Kdo vl\u00e1dne dnes? Co to znamen\u00e1 pro uprchl\u00edky v N\u011bmecku?<\/span><\/a><\/div><div class=\"dpt-thumbnail\"><div class=\"dpt-thumbnail-inner\"><img width=\"1024\" height=\"683\" class=\"attachment-full size-full\" alt=\"S\u00fdrie a Dama\u0161ek\" context=\"dpt\" data-dpt-src=\"https:\/\/www.markus-schall.de\/wp-content\/uploads\/Syrien-Damaskus.jpg\" data-dpt-sizes=\"(max-width: 1024px) 100vw, 1024px\" data-dpt-srcset=\"https:\/\/www.markus-schall.de\/wp-content\/uploads\/Syrien-Damaskus.jpg 1024w, https:\/\/www.markus-schall.de\/wp-content\/uploads\/Syrien-Damaskus-300x200.jpg 300w, https:\/\/www.markus-schall.de\/wp-content\/uploads\/Syrien-Damaskus-768x512.jpg 768w, https:\/\/www.markus-schall.de\/wp-content\/uploads\/Syrien-Damaskus-18x12.jpg 18w\" \/><\/div><span class=\"dpt-thumbnail-aspect-ratio\" style=\"padding-top: 75%\"><\/span><\/div><\/div><div class=\"sub-entry\"><h3 class=\"dpt-title\"><a class=\"dpt-title-link\" href=\"https:\/\/www.markus-schall.de\/cs\/2026\/01\/jak-vypadala-syrie-pred-valkou-kdo-dnes-vladne-co-to-znamena-pro-uprchliky-v-nemecku\/\" rel=\"bookmark\">Jak\u00e1 byla S\u00fdrie p\u0159ed v\u00e1lkou? Kdo vl\u00e1dne dnes? Co to znamen\u00e1 pro uprchl\u00edky v N\u011bmecku?<\/a><\/h3><\/div><\/div>\n\t\t\t\t\t\t<\/div><!-- .dpt-entry -->\n\t\t\t\t\t\t\t\t\t\t\t\t<div class=\"dpt-entry has-thumbnail\" data-title=\"beruf, weltbild, zukunft: entscheidungen im schatten des umbruchs\" data-id=\"3197\"  data-category=\"allgemein gesellschaft kunst &amp; kultur tipps &amp; anleitungen\" data-post_tag=\"erfahrungen krisen pers\u00f6nlichkeitsentwicklung ratgeber\">\n\t\t\t\t\t\t\t<div class=\"dpt-entry-wrapper\"><div class=\"dpt-featured-content\"><div class=\"dpt-permalink\"><a href=\"https:\/\/www.markus-schall.de\/cs\/2025\/10\/karierni-svet-pohled-na-budouci-rozhodnuti-ve-stinu-otresu\/\" class=\"dpt-permalink\"><span class=\"screen-reader-text\">Kari\u00e9ra, pohled na sv\u011bt, budoucnost: rozhodov\u00e1n\u00ed ve st\u00ednu zm\u011bn<\/span><\/a><\/div><div class=\"dpt-thumbnail\"><div class=\"dpt-thumbnail-inner\"><img width=\"1024\" height=\"683\" class=\"attachment-full size-full\" alt=\"Rozhodnut\u00ed ve st\u00ednu ot\u0159es\u016f\" context=\"dpt\" data-dpt-src=\"https:\/\/www.markus-schall.de\/wp-content\/uploads\/Entscheidungen-im-Schatten-Umbruch.jpg\" data-dpt-sizes=\"(max-width: 1024px) 100vw, 1024px\" data-dpt-srcset=\"https:\/\/www.markus-schall.de\/wp-content\/uploads\/Entscheidungen-im-Schatten-Umbruch.jpg 1024w, https:\/\/www.markus-schall.de\/wp-content\/uploads\/Entscheidungen-im-Schatten-Umbruch-300x200.jpg 300w, https:\/\/www.markus-schall.de\/wp-content\/uploads\/Entscheidungen-im-Schatten-Umbruch-768x512.jpg 768w, https:\/\/www.markus-schall.de\/wp-content\/uploads\/Entscheidungen-im-Schatten-Umbruch-18x12.jpg 18w\" \/><\/div><span class=\"dpt-thumbnail-aspect-ratio\" style=\"padding-top: 75%\"><\/span><\/div><\/div><div class=\"sub-entry\"><h3 class=\"dpt-title\"><a class=\"dpt-title-link\" href=\"https:\/\/www.markus-schall.de\/cs\/2025\/10\/karierni-svet-pohled-na-budouci-rozhodnuti-ve-stinu-otresu\/\" rel=\"bookmark\">Kari\u00e9ra, pohled na sv\u011bt, budoucnost: rozhodov\u00e1n\u00ed ve st\u00ednu zm\u011bn<\/a><\/h3><\/div><\/div>\n\t\t\t\t\t\t<\/div><!-- .dpt-entry -->\n\t\t\t\t\t\t\n\t\t\t\t<\/div>\n\t\t\t\t\t\t<\/div>\n\t\t\t\n<hr \/>\n<h2>\u010casto kladen\u00e9 ot\u00e1zky<\/h2>\n<ol>\n<li><strong>Pro\u010d jsou z\u00e1sobn\u00edky plynu tak d\u016fle\u017eit\u00e9 pro z\u00e1sobov\u00e1n\u00ed, kdy\u017e dod\u00e1vky plynu st\u00e1le prob\u00edhaj\u00ed?<\/strong><br \/>\nSkladov\u00e1n\u00ed plynu vyrovn\u00e1v\u00e1 z\u00e1sadn\u00ed rozpor mezi relativn\u011b rovnom\u011brn\u00fdmi toky dod\u00e1vek a siln\u011b kol\u00edsaj\u00edc\u00ed spot\u0159ebou. Zat\u00edmco plyn se dov\u00e1\u017e\u00ed po cel\u00fd rok, v zim\u011b popt\u00e1vka masivn\u011b roste. \u00dakolem z\u00e1sobn\u00edk\u016f je zajistit, aby p\u0159ebytky z l\u00e9ta byly k dispozici na zimu. Bez nich by byl syst\u00e9m nestabiln\u00ed, a to i v p\u0159\u00edpad\u011b spolehliv\u00fdch dodavatel\u016f.<\/li>\n<li><strong>Co vlastn\u011b znamen\u00e1 \u00farove\u0148 skladov\u00e1n\u00ed kolem 40 %?<\/strong><br \/>\nHladina napln\u011bn\u00ed 40 % je zpo\u010d\u00e1tku pouze orienta\u010dn\u00ed, nikoliv p\u0159\u00edm\u00fd \u00fadaj o bezpe\u010dnosti nebo nebezpe\u010d\u00ed. Rozhoduj\u00edc\u00ed je, kdy je t\u00e9to \u00farovn\u011b dosa\u017eeno, jak vysok\u00e1 je sou\u010dasn\u00e1 spot\u0159eba, jak\u00e9 rychlosti odb\u011bru jsou mo\u017en\u00e9 a jak\u00e9 z\u00e1sobovac\u00ed proudy b\u011b\u017e\u00ed paraleln\u011b. Na podzim nemus\u00ed b\u00fdt takov\u00e1 hodnota kritick\u00e1, ale na konci zimy m\u016f\u017ee b\u00fdt varovn\u00fdm sign\u00e1lem.<\/li>\n<li><strong>Pro\u010d nesta\u010d\u00ed jen sledovat procenta?<\/strong><br \/>\nProcenta nazna\u010duj\u00ed line\u00e1rn\u00ed logiku, kter\u00e1 u z\u00e1sobn\u00edk\u016f plynu neexistuje. S klesaj\u00edc\u00ed hladinou n\u00e1pln\u011b se sni\u017euje nejen ulo\u017een\u00e9 mno\u017estv\u00ed, ale tak\u00e9 kapacita z\u00e1sobn\u00edku. Rozhoduj\u00edc\u00edm faktorem je tedy nejen to, kolik plynu je je\u0161t\u011b k dispozici, ale tak\u00e9 to, jak rychle jej lze odebrat.<\/li>\n<li><strong>Co je to vlastn\u011b pol\u0161t\u00e1\u0159ov\u00fd plyn a pro\u010d jej nelze pou\u017e\u00edt?<\/strong><br \/>\nPlynov\u00fd pol\u0161t\u00e1\u0159 je mno\u017estv\u00ed plynu, kter\u00e9 z\u016fst\u00e1v\u00e1 trvale v z\u00e1sobn\u00edku, aby se udr\u017eel pot\u0159ebn\u00fd tlak. Bez tohoto plynu by z\u00e1sobn\u00edk nefungoval technicky nebo by se po\u0161kodil. Nen\u00ed proto sou\u010d\u00e1st\u00ed dostupn\u00e9 dod\u00e1vky, i kdy\u017e je matematicky \u201eve skladovac\u00ed n\u00e1dr\u017ei\u201c.<\/li>\n<li><strong>Pro\u010d kles\u00e1 m\u00edra odb\u011bru, kdy\u017e se z\u00e1sobn\u00edky vypr\u00e1zdn\u00ed?<\/strong><br \/>\nPlyn se p\u0159en\u00e1\u0161\u00ed pomoc\u00ed tlakov\u00fdch rozd\u00edl\u016f. \u010c\u00edm je z\u00e1sobn\u00edk pln\u011bj\u0161\u00ed, t\u00edm vy\u0161\u0161\u00ed je tlak a t\u00edm snaz\u0161\u00ed je odeb\u00edrat plyn. Pokud hladina napln\u011bn\u00ed klesne, tlak se sn\u00ed\u017e\u00ed - a s n\u00edm i maxim\u00e1ln\u00ed mo\u017en\u00fd denn\u00ed odb\u011br. V ur\u010dit\u00e9m okam\u017eiku se \u00fazk\u00fdm m\u00edstem nest\u00e1v\u00e1 mno\u017estv\u00ed, ale kapacita.<\/li>\n<li><strong>Co znamen\u00e1 \u010dasto zmi\u0148ovan\u00e1 hranice kolem 15 % napln\u011bn\u00ed?<\/strong><br \/>\nTento \u00fadaj nen\u00ed pevn\u00fdm technick\u00fdm limitem, ale hrub\u00fdm vod\u00edtkem. Popisuje rozsah, ve kter\u00e9m mnoho z\u00e1sobn\u00edk\u016f opustilo stabiln\u00ed f\u00e1zi extrakce a jejich v\u00fdkon prudce kles\u00e1. V z\u00e1vislosti na typu skladovac\u00ed n\u00e1dr\u017ee m\u016f\u017ee b\u00fdt tohoto kritick\u00e9ho rozsahu dosa\u017eeno d\u0159\u00edve nebo pozd\u011bji.<\/li>\n<li><strong>M\u016f\u017ee b\u00fdt pam\u011b\u0165 st\u00e1le \u201epolopln\u00e1\u201c a p\u0159esto zp\u016fsobovat probl\u00e9my?<\/strong><br \/>\nAno, skladovac\u00ed za\u0159\u00edzen\u00ed m\u016f\u017ee matematicky st\u00e1le obsahovat velk\u00e9 mno\u017estv\u00ed plynu, ale ji\u017e nedod\u00e1v\u00e1 denn\u011b tolik plynu, aby pokrylo aktu\u00e1ln\u00ed popt\u00e1vku. V takov\u00e9m p\u0159\u00edpad\u011b vznik\u00e1 probl\u00e9m s dod\u00e1vkami, i kdy\u017e z\u00e1sobn\u00edk nen\u00ed pr\u00e1zdn\u00fd.<\/li>\n<li><strong>Jakou roli hraje po\u010das\u00ed p\u0159i poklesu \u00farovn\u011b pam\u011bti?<\/strong><br \/>\nS klesaj\u00edc\u00ed \u00farovn\u00ed skladov\u00e1n\u00ed reaguj\u00ed syst\u00e9my citliv\u011bji na chladn\u00e1 obdob\u00ed. Ka\u017ed\u00fd dal\u0161\u00ed stupe\u0148 chladu v\u00fdrazn\u011b zvy\u0161uje spot\u0159ebu. Zat\u00edmco vysok\u00e1 \u00farove\u0148 skladov\u00e1n\u00ed m\u016f\u017ee tyto \u0161pi\u010dky zm\u00edrnit, n\u00edzk\u00e1 \u00farove\u0148 m\u00e1 okam\u017eit\u00fd negativn\u00ed dopad na m\u00edru odb\u011bru a s\u00edt\u011b.<\/li>\n<li><strong>Pro\u010d jsou pr\u016fmysl a velc\u00ed spot\u0159ebitel\u00e9 posti\u017eeni jako prvn\u00ed?<\/strong><br \/>\nPr\u016fmysl a velk\u00e9 obchodn\u00ed podniky nejsou ze z\u00e1kona pova\u017eov\u00e1ny za chr\u00e1n\u011bn\u00e9 z\u00e1kazn\u00edky. Spot\u0159ebov\u00e1vaj\u00ed velk\u00e9, kontrolovateln\u00e9 mno\u017estv\u00ed a je technicky snadn\u011bj\u0161\u00ed je omezit nebo vypnout. Proto syst\u00e9m za\u010d\u00edn\u00e1 nejd\u0159\u00edve tam, aby co nejd\u00e9le chr\u00e1nil dom\u00e1cnosti.<\/li>\n<li><strong>Co p\u0159esn\u011b jsou \u201echr\u00e1n\u011bn\u00ed z\u00e1kazn\u00edci\u201c?<\/strong><br \/>\nMezi chr\u00e1n\u011bn\u00e9 z\u00e1kazn\u00edky pat\u0159\u00ed p\u0159edev\u0161\u00edm dom\u00e1cnosti, nemocnice a n\u011bkter\u00e9 soci\u00e1ln\u00ed instituce, jako\u017e i syst\u00e9my d\u00e1lkov\u00e9ho vyt\u00e1p\u011bn\u00ed, kter\u00e9 z\u00e1sobuj\u00ed dom\u00e1cnosti. Jejich dod\u00e1vky maj\u00ed v p\u0159\u00edpad\u011b plynov\u00e9 krize p\u0159ednost p\u0159ed ostatn\u00edmi spot\u0159ebiteli.<\/li>\n<li><strong>Kdy st\u00e1t skute\u010dn\u011b zasahuje do distribuce plynu?<\/strong><br \/>\nPouze v tzv. havarijn\u00ed f\u00e1zi pl\u00e1nu pro p\u0159\u00edpad hav\u00e1rie plynu. Dokud funguj\u00ed tr\u017en\u00ed mechanismy, st\u00e1t p\u0159\u00edmo nezasahuje. Teprve kdy\u017e ji\u017e nelze dod\u00e1vky zajistit jin\u00fdm zp\u016fsobem, p\u0159eb\u00edr\u00e1 kontrolu Spolkov\u00e1 agentura pro s\u00edt\u011b jako spolkov\u00fd distributor z\u00e1t\u011b\u017ee.<\/li>\n<li><strong>Existuj\u00ed pevn\u011b stanoven\u00e9 \u00farovn\u011b skladov\u00e1n\u00ed, od kter\u00fdch se automaticky spou\u0161t\u00ed situace nedostatku plynu?<\/strong><br \/>\nNe. Nejsou stanoveny \u017e\u00e1dn\u00e9 pevn\u00e9 procentn\u00ed limity. Rozhoduj\u00edc\u00edmi faktory jsou m\u00edra odb\u011bru, stabilita s\u00edt\u011b, po\u010das\u00ed, mo\u017enosti dovozu a celkov\u00e1 situace. Ur\u010dit\u00e1 \u00farove\u0148 skladov\u00e1n\u00ed sama o sob\u011b nevyvol\u00e1v\u00e1 z\u00e1konnou eskalaci.<\/li>\n<li><strong>Pro\u010d se ofici\u00e1ln\u00ed komunikace \u010dasto jev\u00ed jako \u00fastupn\u00e1?<\/strong><br \/>\nProto\u017ee samotn\u00e1 komunikace je sou\u010d\u00e1st\u00ed krizov\u00e9ho \u0159\u00edzen\u00ed. P\u0159\u00edli\u0161 brzk\u00e1 nebo p\u0159\u00edli\u0161 drastick\u00e1 varov\u00e1n\u00ed mohou destabilizovat trhy a vyvolat paniku. Z\u00e1rove\u0148 je d\u016fle\u017eit\u00e9 nereagovat p\u0159\u00edli\u0161 pozd\u011b. Toto vyva\u017eov\u00e1n\u00ed \u010dasto vede k opatrn\u00e9mu, technick\u00e9mu vyjad\u0159ov\u00e1n\u00ed.<\/li>\n<li><strong>Mohou za r\u016fst cen energi\u00ed z\u00e1sobn\u00edky plynu?<\/strong><br \/>\nNe. Z\u00e1sobn\u00edky plynu reaguj\u00ed na tr\u017en\u00ed podm\u00ednky, nejsou jejich p\u0159\u00ed\u010dinou. Ceny vznikaj\u00ed na z\u00e1klad\u011b nab\u00eddky, popt\u00e1vky, n\u00e1klad\u016f na n\u00e1kup, s\u00ed\u0165ov\u00fdch poplatk\u016f a politick\u00fdch r\u00e1mcov\u00fdch podm\u00ednek. Hladiny z\u00e1sobn\u00edk\u016f p\u016fsob\u00ed sp\u00ed\u0161e jako zesilova\u010d n\u00e1lady na trhu.<\/li>\n<li><strong>Pro\u010d ceny energie st\u00e1le hraj\u00ed v ot\u00e1zce skladov\u00e1n\u00ed v\u00fdznamnou roli?<\/strong><br \/>\nCeny toti\u017e \u010dasto reaguj\u00ed rychleji ne\u017e fyzick\u00e1 nab\u00eddka. R\u016fst cen m\u016f\u017ee nastat, i kdy\u017e je st\u00e1le k dispozici dostatek plynu - nap\u0159\u00edklad pokud existuje nejistota ohledn\u011b budouc\u00ed m\u00edry odb\u011bru nebo toku dod\u00e1vek. Pokud chcete porozum\u011bt cen\u00e1m, mus\u00edte se na skladov\u00e1n\u00ed, trhy a o\u010dek\u00e1v\u00e1n\u00ed d\u00edvat spole\u010dn\u011b.<\/li>\n<li><strong>Co m\u00e1 Nord Stream spole\u010dn\u00e9ho s dne\u0161n\u00ed \u00farovn\u00ed pam\u011bti?<\/strong><br \/>\nZtr\u00e1ta plynu z Ruska z\u00e1sadn\u011b zm\u011bnila strukturu dod\u00e1vek plynu. Vztah mezi z\u00e1sobn\u00edky, dovozem LNG a kol\u00eds\u00e1n\u00edm cen je dnes jin\u00fd ne\u017e d\u0159\u00edve. Z\u00e1sobn\u00edky mus\u00ed plnit v\u00edce \u00fakol\u016f, proto\u017ee toky dod\u00e1vek jsou m\u00e9n\u011b st\u00e1l\u00e9.<\/li>\n<li><strong>Je LNG bezpe\u010dnou alternativou k plynu z plynovod\u016f?<\/strong><br \/>\nLNG nab\u00edz\u00ed flexibilitu a diverzifikaci, ale je v\u00edce z\u00e1visl\u00fd na glob\u00e1ln\u00edm trhu. Ceny jsou volatiln\u011bj\u0161\u00ed, dodavatelsk\u00e9 \u0159et\u011bzce jsou del\u0161\u00ed a konkurence o n\u00e1klad je v\u011bt\u0161\u00ed. LNG m\u016f\u017ee doplnit plyn dod\u00e1van\u00fd potrub\u00edm, ale nenahrad\u00ed stabiln\u00ed dlouhodob\u00e9 dodavatelsk\u00e9 vztahy.<\/li>\n<li><strong>Jak\u00e9 je nejd\u016fle\u017eit\u011bj\u0161\u00ed pou\u010den\u00ed z cel\u00e9 debaty o skladov\u00e1n\u00ed plynu?<\/strong><br \/>\nBezpe\u010dnost dod\u00e1vek nen\u00ed zaji\u0161t\u011bna vylou\u010den\u00edm, ale rovnov\u00e1hou. Z\u00e1sobn\u00edky plynu jsou n\u00e1razn\u00edky, nikoliv \u0159e\u0161en\u00edm sam\u00fdm o sob\u011b. Rozhoduj\u00edc\u00edm faktorem je diverzifikovan\u00e1 struktura sest\u00e1vaj\u00edc\u00ed z r\u016fzn\u00fdch zdroj\u016f dod\u00e1vek, p\u0159epravn\u00edch tras a skladovac\u00edch za\u0159\u00edzen\u00ed - p\u0159esn\u011b to, co si N\u011bmecko samo p\u016fvodn\u011b formulovalo jako c\u00edl.<\/li>\n<\/ol>\n<hr \/>\n<h2>Star\u0161\u00ed zpr\u00e1vy o \u010dl\u00e1nku<\/h2>\n<p><strong>20.02.2026<\/strong>: Podle T-Online jsou n\u011bmeck\u00e9 z\u00e1sobn\u00edky plynu v sou\u010dasn\u00e9 dob\u011b pouze <a href=\"https:\/\/www.t-online.de\/heim-garten\/aktuelles\/id_101134782\/gasspeicher-fuellstand-sinkt-weiter-im-fruehjahr-drohen-neue-probleme.html\" target=\"_blank\" rel=\"noopener\"><strong>asi z jedn\u00e9 p\u011btiny pln\u00e1<\/strong><\/a>, co\u017e je v\u00fdrazn\u011b pod historick\u00fdmi pr\u016fm\u011bry a na ja\u0159e m\u016f\u017ee skr\u00fdvat nov\u00e1 rizika. Simulace odborn\u00edk\u016f ukazuj\u00ed, \u017ee za norm\u00e1ln\u00edch pov\u011btrnostn\u00edch podm\u00ednek by mohla \u00farove\u0148 z\u00e1sob klesnout do konce b\u0159ezna na p\u0159ibli\u017en\u011b 16 %, ne\u017e se projev\u00ed m\u00edrn\u00fd n\u00e1r\u016fst. V p\u0159\u00edpad\u011b extr\u00e9mn\u011b chladn\u00e9ho sc\u00e9n\u00e1\u0159e by bylo mo\u017en\u00e9 dokonce dos\u00e1hnout \u00farovn\u011b pod 10 %, i kdy\u017e to odborn\u00edci pova\u017euj\u00ed za nepravd\u011bpodobn\u00e9. A\u010dkoli modely a \u00fa\u0159ady v sou\u010dasn\u00e9 dob\u011b nep\u0159edpokl\u00e1daj\u00ed \u00fapln\u00fd nedostatek z\u00e1sob, dal\u0161\u00ed v\u00fdvoj z\u016fst\u00e1v\u00e1 \u00fazce spjat s po\u010das\u00edm, popt\u00e1vkou a dovozn\u00edmi toky.<\/p>\n<p><strong>17.02.2026<\/strong>: V ned\u00e1vn\u00e9m videu, kter\u00e9 nato\u010dila s CDU sp\u0159\u00edzn\u011bn\u00e1 strana <a href=\"https:\/\/www.unionstiftung.de\" target=\"_blank\" rel=\"noopener\">Nadace Union<\/a> analyzuje situaci v oblasti dod\u00e1vek plynu v N\u011bmecku s v\u00fdhledem na zimu 2026. Rozeb\u00edr\u00e1 n\u00edzkou \u00farove\u0148 z\u00e1sobn\u00edk\u016f, rostouc\u00ed z\u00e1vislost na dovozu LNG z USA, Norska a Kataru a konkr\u00e9tn\u00ed situaci v ji\u017en\u00edm N\u011bmecku, zejm\u00e9na v Bavorsku. Vysv\u011btlena je rovn\u011b\u017e souvislost mezi cenami plynu a elekt\u0159iny, nebo\u0165 rostouc\u00ed ceny plynu maj\u00ed p\u0159\u00edm\u00fd dopad na trh s elekt\u0159inou prost\u0159ednictv\u00edm merit orderu. Jako dal\u0161\u00ed zat\u011b\u017euj\u00edc\u00ed faktor je klasifikov\u00e1na tak\u00e9 rostouc\u00ed popt\u00e1vka po energii v d\u016fsledku datov\u00fdch center um\u011bl\u00e9 inteligence a nov\u00fdch plynov\u00fdch elektr\u00e1ren po cel\u00e9m sv\u011bt\u011b.<\/p>\n<div class=\"lyte-wrapper\" style=\"width:640px;max-width:100%;margin:5px;\"><div class=\"lyMe\" id=\"WYL_N5_Klb4AuIc\"><div id=\"lyte_N5_Klb4AuIc\" data-src=\"https:\/\/www.markus-schall.de\/wp-content\/plugins\/wp-youtube-lyte\/lyteCache.php?origThumbUrl=%2F%2Fi.ytimg.com%2Fvi%2FN5_Klb4AuIc%2Fhqdefault.jpg\" class=\"pL\"><div class=\"tC\"><div class=\"tT\"><\/div><\/div><div class=\"play\"><\/div><div class=\"ctrl\"><div class=\"Lctrl\"><\/div><div class=\"Rctrl\"><\/div><\/div><\/div><noscript><a href=\"https:\/\/youtu.be\/N5_Klb4AuIc\" rel=\"nofollow noopener\" target=\"_blank\"><img loading=\"lazy\" decoding=\"async\" src=\"https:\/\/www.markus-schall.de\/wp-content\/plugins\/wp-youtube-lyte\/lyteCache.php?origThumbUrl=https%3A%2F%2Fi.ytimg.com%2Fvi%2FN5_Klb4AuIc%2F0.jpg\" alt=\"Miniatura videa na YouTube\" width=\"640\" height=\"340\" \/><br \/>Pod\u00edvejte se na toto video na YouTube<\/a><\/noscript><\/div><\/div><div class=\"lL\" style=\"max-width:100%;width:640px;margin:5px;\"><\/div><br \/>\nRostouc\u00ed ceny plynu, rostouc\u00ed n\u00e1klady na elekt\u0159inu - co n\u00e1s \u010dek\u00e1? | <a href=\"https:\/\/www.youtube.com\/@UnionStiftung\" target=\"_blank\" rel=\"nofollow noopener\">Nadace Union<\/a><\/p>\n<p><strong>16.02.2026<\/strong>Podle informac\u00ed z <a href=\"https:\/\/apollo-news.net\/eisbrecher-fllt-aus-gaslieferung-per-lng-tanker-gestoppt\/\" target=\"_blank\" rel=\"noopener\"><strong>Apollo News<\/strong><\/a> jsou n\u011bmeck\u00e9 <strong>Dovoz LNG v posledn\u00ed dob\u011b v\u00fdrazn\u011b poklesl<\/strong> - na nejni\u017e\u0161\u00ed \u00farove\u0148 v t\u00e9to zim\u011b. Jedn\u00edm z d\u016fvod\u016f je, \u017ee led u ostrova Ruj\u00e1na zt\u00ed\u017eil p\u0159\u00edstup k termin\u00e1lu LNG v Mukranu, proto\u017ee vozidla, jako jsou ledoborce, nebyla schopna proj\u00ed\u017ed\u011bt v dostate\u010dn\u00e9m po\u010dtu nebo bez technick\u00fdch probl\u00e9m\u016f. To zpo\u017e\u010fuje vykl\u00e1dku tanker\u016f s LNG, co\u017e p\u0159edstavuje dal\u0161\u00ed z\u00e1t\u011b\u017e na dovozn\u00ed trase. N\u011bmeck\u00e1 vl\u00e1da se p\u0159i zaji\u0161\u0165ov\u00e1n\u00ed dod\u00e1vek nad\u00e1le spol\u00e9h\u00e1 na infrastrukturu LNG, ale tyto logistick\u00e9 probl\u00e9my ukazuj\u00ed, jak citliv\u011b mohou tyto z\u00e1sobovac\u00ed trasy reagovat na sez\u00f3nn\u00ed pov\u011btrnostn\u00ed podm\u00ednky.<\/p>\n<p><strong>11.02.2026<\/strong>: Podle finan\u010dn\u00ed publikace <a href=\"https:\/\/www.deraktionaer.de\/artikel\/gold-rohstoffe\/gas-notfallplan-dieser-verdoppler-kandidat-muss-ins-depot-20395110.html\" target=\"_blank\" rel=\"noopener\"><strong>AKCION\u00c1\u0158<\/strong><\/a> sou\u010dasn\u00e1 napjat\u00e1 situace n\u011bmeck\u00fdch z\u00e1sobn\u00edk\u016f plynu je d\u016fvodem pro nov\u00e9 finan\u010dn\u00ed odhady. V aktu\u00e1ln\u00ed zpr\u00e1v\u011b s n\u00e1zvem <strong><em>\u201eHavarijn\u00ed pl\u00e1n pro plyn\u201c<\/em><\/strong> zd\u016fraz\u0148uje, \u017ee \u00farove\u0148 skladov\u00e1n\u00ed klesla pod kritickou \u00farove\u0148 p\u0159ibli\u017en\u011b 30 % a mohla by d\u00e1le klesat. Odborn\u00edci varuj\u00ed, \u017ee dal\u0161\u00ed sn\u00ed\u017een\u00ed pod 20 % by mohlo v\u00e9st k mimo\u0159\u00e1dn\u00fdm z\u00e1konn\u00fdm opat\u0159en\u00edm, jako je omezen\u00ed dod\u00e1vek plynu do pr\u016fmyslu za \u00fa\u010delem ochrany dom\u00e1cnost\u00ed a kritick\u00fdch za\u0159\u00edzen\u00ed. V t\u00e9to souvislosti zpr\u00e1va vid\u00ed v sou\u010dasn\u00e9m tr\u017en\u00edm prost\u0159ed\u00ed potenci\u00e1ln\u00ed p\u0159\u00edle\u017eitosti pro investory do n\u011bkter\u00fdch akci\u00ed energetick\u00e9ho a plyn\u00e1rensk\u00e9ho pr\u016fmyslu - zejm\u00e9na s ohledem na dlouhodob\u00e1 rizika v oblasti dod\u00e1vek.<\/p>\n<p><strong>10.02.2026<\/strong>Jak ukazuj\u00ed r\u016fzn\u00e9 aktu\u00e1ln\u00ed v\u00fdpo\u010dty, dal\u0161\u00ed v\u00fdvoj skladov\u00e1n\u00ed plynu do zna\u010dn\u00e9 m\u00edry z\u00e1vis\u00ed na po\u010das\u00ed v nadch\u00e1zej\u00edc\u00edch t\u00fddnech. Informuje o tom zpravodajsk\u00fd server Apollo News ve zpr\u00e1v\u011b <a href=\"https:\/\/apollo-news.net\/zwei-grad-weniger-dann-sind-alle-gasspeicher-im-april-leer\/\" target=\"_blank\" rel=\"noopener\"><strong>aktu\u00e1ln\u00ed p\u0159\u00edsp\u011bvek<\/strong><\/a>. V anal\u00fdze sc\u00e9n\u00e1\u0159\u016f, o n\u00ed\u017e ned\u00e1vno informovala i m\u00e9dia, dosp\u011blo pr\u016fmyslov\u00e9 sdru\u017een\u00ed DVGW k z\u00e1v\u011bru, \u017ee i relativn\u011b mal\u00e9 teplotn\u00ed odchylky mohou m\u00edt v\u00fdznamn\u00fd dopad na spot\u0159ebu a zb\u00fdvaj\u00edc\u00ed z\u00e1soby. Pokud by se uk\u00e1zalo, \u017ee je v pr\u016fm\u011bru jen o n\u011bkolik stup\u0148\u016f chladn\u011bji, z\u00e1sobn\u00edky by se vypr\u00e1zdnily mnohem rychleji, ne\u017e se dosud p\u0159edpokl\u00e1dalo, a za ur\u010dit\u00fdch okolnost\u00ed by se <strong>bude v dubnu zcela vypr\u00e1zdn\u011bn<\/strong>. Odborn\u00edci z\u00e1rove\u0148 zd\u016fraz\u0148uj\u00ed, \u017ee se jedn\u00e1 o modelov\u00e9 v\u00fdpo\u010dty zalo\u017een\u00e9 na ur\u010dit\u00fdch p\u0159edpokladech, nikoli o konkr\u00e9tn\u00ed progn\u00f3zu. Nicm\u00e9n\u011b tyto sc\u00e9n\u00e1\u0159e ilustruj\u00ed, jak citliv\u011b syst\u00e9m reaguje na zm\u011bny popt\u00e1vky, objemu dovozu a po\u010das\u00ed.<\/p>\n<p><strong>07.02.2026<\/strong>Podle <a href=\"https:\/\/www.capital.de\/wirtschaft-politik\/gasspeicher-leer--bayern-wird-zum-sorgenfall-bei-der-gasversorgung-37109514.html\" target=\"_blank\" rel=\"noopener\"><strong>Zpr\u00e1va z hlavn\u00edho m\u011bsta<\/strong><\/a> N\u011bmeck\u00e9 z\u00e1sobn\u00edky plynu se op\u011bt dost\u00e1vaj\u00ed do centra pozornosti: zat\u00edmco \u00fa\u0159ady pova\u017euj\u00ed situaci v z\u00e1sobov\u00e1n\u00ed za bezpe\u010dnou, aktu\u00e1ln\u00ed \u00fadaje na jihu zem\u011b <strong>Zvl\u00e1\u0161t\u011b n\u00edzk\u00e9 \u00farovn\u011b napln\u011bn\u00ed<\/strong>. V Bavorsku jsou z\u00e1soby v n\u011bkter\u00fdch p\u0159\u00edpadech v\u00fdrazn\u011b pod celost\u00e1tn\u00edm pr\u016fm\u011brem, co\u017e z\u00e1stupci odv\u011btv\u00ed ozna\u010duj\u00ed za zvl\u00e1\u0161tn\u00ed v\u00fdzvu pro plyn\u00e1renskou s\u00ed\u0165, proto\u017ee plyn mus\u00ed b\u00fdt p\u0159epravov\u00e1n ze severn\u00edho N\u011bmecka a prost\u0159ednictv\u00edm dovozu LNG na jih. Navzdory ofici\u00e1ln\u011b dostate\u010dn\u00fdm dod\u00e1vk\u00e1m roste v odv\u011btv\u00ed nap\u011bt\u00ed, zejm\u00e9na proto, \u017ee z\u00e1sobn\u00edky v Bavorsku jsou v\u00fdrazn\u011b m\u00e9n\u011b pln\u00e9 ne\u017e v p\u0159edchoz\u00edch letech. Kapital uv\u00e1d\u00ed, \u017ee ekonomick\u00e1 motivace pro skladov\u00e1n\u00ed je v sou\u010dasn\u00e9 dob\u011b n\u00edzk\u00e1, co\u017e znamen\u00e1, \u017ee skladovac\u00ed kapacity nejsou vyu\u017e\u00edv\u00e1ny tak, jak je obvykl\u00e9.<\/p>\n<p><strong>05.02.2026<\/strong>V n\u00e1sleduj\u00edc\u00edm rozhovoru pro Apollo News varuje energetick\u00fd expert Fritz Vahrenholt p\u0159ed napjatou situac\u00ed v oblasti plynu. Hovo\u0159\u00ed o rostouc\u00edch cen\u00e1ch, mo\u017en\u00fdch odst\u00e1vk\u00e1ch pr\u016fmyslu a vid\u00ed, \u017ee dod\u00e1vky jsou st\u00e1le v\u00edce z\u00e1visl\u00e9 na po\u010das\u00ed. Z\u00e1rove\u0148 kritizuje rozhodnut\u00ed v oblasti energetick\u00e9 politiky a vyz\u00fdv\u00e1 k realisti\u010dt\u011bj\u0161\u00edmu hodnocen\u00ed sou\u010dasn\u00e9 situace v oblasti skladov\u00e1n\u00ed a trhu. Hodnocen\u00ed tohoto druhu ukazuj\u00ed, \u017ee debata o bezpe\u010dnosti dod\u00e1vek se v sou\u010dasnosti odehr\u00e1v\u00e1 sp\u00ed\u0161e v odborn\u00fdch a individu\u00e1ln\u00edch rozhovorech, zat\u00edmco \u0161ir\u0161\u00ed ve\u0159ejn\u00e1 diskuse je zat\u00edm patrn\u00e1 jen v omezen\u00e9 m\u00ed\u0159e.<\/p>\n<div class=\"lyte-wrapper\" style=\"width:640px;max-width:100%;margin:5px;\"><div class=\"lyMe\" id=\"WYL_Qx45h_G45Pk\"><div id=\"lyte_Qx45h_G45Pk\" data-src=\"https:\/\/www.markus-schall.de\/wp-content\/plugins\/wp-youtube-lyte\/lyteCache.php?origThumbUrl=%2F%2Fi.ytimg.com%2Fvi%2FQx45h_G45Pk%2Fhqdefault.jpg\" class=\"pL\"><div class=\"tC\"><div class=\"tT\"><\/div><\/div><div class=\"play\"><\/div><div class=\"ctrl\"><div class=\"Lctrl\"><\/div><div class=\"Rctrl\"><\/div><\/div><\/div><noscript><a href=\"https:\/\/youtu.be\/Qx45h_G45Pk\" rel=\"nofollow noopener\" target=\"_blank\"><img loading=\"lazy\" decoding=\"async\" src=\"https:\/\/www.markus-schall.de\/wp-content\/plugins\/wp-youtube-lyte\/lyteCache.php?origThumbUrl=https%3A%2F%2Fi.ytimg.com%2Fvi%2FQx45h_G45Pk%2F0.jpg\" alt=\"Miniatura videa na YouTube\" width=\"640\" height=\"340\" \/><br \/>Pod\u00edvejte se na toto video na YouTube<\/a><\/noscript><\/div><\/div><div class=\"lL\" style=\"max-width:100%;width:640px;margin:5px;\"><\/div><\/p>\n<p>\u201eNezb\u00fdv\u00e1 ne\u017e doufat v po\u010das\u00ed\u201c - Fritz Vahrenholt | <a href=\"https:\/\/www.youtube.com\/@apollonewsnet\" target=\"_blank\" rel=\"nofollow noopener\">Apollo News<\/a><\/p>\n<p><strong>03.02.2026<\/strong>: Hlasit\u011b <a href=\"https:\/\/www.berliner-zeitung.de\/wirtschaft-verantwortung\/gasspeicher-auf-tiefstand-jetzt-will-deutschland-eu-vorgaben-neu-ordnen-li.10017030\" target=\"_blank\" rel=\"noopener\"><strong>Berliner Zeitung<\/strong><\/a> N\u011bmeck\u00e9 z\u00e1sobn\u00edky plynu jsou v sou\u010dasn\u00e9 dob\u011b na historicky nejni\u017e\u0161\u00ed \u00farovni: 1. \u00fanora 2026 byly napln\u011bny pouze na p\u0159ibli\u017en\u011b 32 % - co\u017e je <strong>v\u00fdrazn\u011b pod sez\u00f3nn\u00edmi sm\u011brn\u00fdmi hodnotami EU.<\/strong>, kter\u00e9 v t\u00e9to dob\u011b zaji\u0161\u0165uj\u00ed vy\u0161\u0161\u00ed \u00farove\u0148 pln\u011bn\u00ed. Tento v\u00fdvoj vytv\u00e1\u0159\u00ed politick\u00fd tlak na jedn\u00e1n\u00ed. Podle zpr\u00e1v z m\u00e9di\u00ed n\u011bmeck\u00e1 vl\u00e1da zkoum\u00e1 mo\u017enost zaveden\u00ed nov\u00e9ho na\u0159\u00edzen\u00ed o skladov\u00e1n\u00ed pot\u00e9, co v roce 2027 vypr\u0161\u00ed platnost pravidel EU pro skladov\u00e1n\u00ed. <strong>P\u0159eskupen\u00ed z\u00e1vazk\u016f<\/strong>, nap\u0159\u00edklad kladen\u00edm v\u011bt\u0161\u00edho d\u016frazu na n\u00e1rodn\u00ed strategick\u00e9 rezervy nam\u00edsto povinn\u00fdch minim\u00e1ln\u00edch c\u00edl\u016f EU pro v\u0161echny provozovatele skladovac\u00edch syst\u00e9m\u016f. V pozad\u00ed stoj\u00ed ot\u00e1zka, jak by m\u011bla b\u00fdt organizov\u00e1na bezpe\u010dnost dod\u00e1vek v budoucnu, pokud budou z\u00e1vazn\u00e9 c\u00edle EU zru\u0161eny.<\/p>\n<p><strong>01.02.2026<\/strong>Dal\u0161\u00edm aspektem sou\u010dasn\u00e9 situace v oblasti plynu jsou p\u0159eshrani\u010dn\u00ed toky plynu v r\u00e1mci Evropy. \u00dadaje z platformy evropsk\u00fdch provozovatel\u016f s\u00edt\u00ed <a href=\"https:\/\/transparency.entsog.eu\" target=\"_blank\" rel=\"noopener\"><strong>ENTSO-G<\/strong><\/a> ukazuj\u00ed, \u017ee N\u011bmecko p\u0159\u00edle\u017eitostn\u011b vyv\u00e1\u017e\u00ed zna\u010dn\u00e9 mno\u017estv\u00ed plynu na v\u00fdchod, v\u010detn\u011b Polska. D\u011bje se tak navzdory skute\u010dnosti, \u017ee samotn\u00e1 n\u011bmeck\u00e1 za\u0159\u00edzen\u00ed na skladov\u00e1n\u00ed plynu jsou pom\u011brn\u011b n\u00edzk\u00e1. D\u016fvodem je integrovan\u00e1 evropsk\u00e1 plyn\u00e1rensk\u00e1 s\u00ed\u0165, v n\u00ed\u017e hraj\u00ed roli z\u00e1vazky dod\u00e1vek, stabilita s\u00edt\u011b a region\u00e1ln\u00ed \u00fazk\u00e1 m\u00edsta. Zejm\u00e9na od ned\u00e1vn\u00e9 <a href=\"https:\/\/www.heute.at\/s\/russland-greift-erneut-kritische-infrastruktur-in-uk-120154277\" target=\"_blank\" rel=\"noopener\"><strong>\u00datoky na energetickou infrastrukturu<\/strong><\/a> na Ukrajin\u011b vzrostl v\u00fdznam z\u00e1padov\u00fdchodn\u00edch sm\u011br\u016f proud\u011bn\u00ed. A\u010dkoli z toho nelze jednozna\u010dn\u011b vyvodit p\u0159\u00edmou kauzalitu, z \u00fadaj\u016f je z\u0159ejm\u00e9, \u017ee situace v z\u00e1sobov\u00e1n\u00ed N\u011bmecka je st\u00e1le v\u00edce charakterizov\u00e1na evropsk\u00fdmi vyrovn\u00e1vac\u00edmi mechanismy.<\/p>\n<p><strong>29.01.2026<\/strong>Podle informac\u00ed z <a href=\"https:\/\/www.telepolis.de\/article\/Reicht-das-Gas-bis-zum-Fruehjahr-Speicher-leeren-sich-bedrohlich-schnell-11158500.html\" target=\"_blank\" rel=\"noopener\"><strong>Telepolis<\/strong><\/a> N\u011bmeck\u00e9 z\u00e1sobn\u00edky plynu jsou v sou\u010dasn\u00e9 dob\u011b <strong>rychleji, ne\u017e se o\u010dek\u00e1valo<\/strong> a mohl by ji\u017e <strong>kriticky n\u00edzk\u00e1 za n\u011bkolik t\u00fddn\u016f<\/strong> pokud bude tento trend pokra\u010dovat. \u00darove\u0148 pln\u011bn\u00ed v posledn\u00ed dob\u011b klesla na p\u0159ibli\u017en\u011b 35 1TP22 tun, co\u017e je v\u00fdrazn\u011b m\u00e9n\u011b ne\u017e v p\u0159edchoz\u00edch letech. Navzdory tomuto v\u00fdvoji z\u016fst\u00e1v\u00e1 Spolkov\u00e1 s\u00ed\u0165ov\u00e1 agentura zat\u00edm klidn\u00e1 a v\u011b\u0159\u00ed, \u017ee dod\u00e1vky z dovozu LNG a dal\u0161\u00edch zdroj\u016f jsou st\u00e1le zaji\u0161t\u011bny. Odborn\u00edci v\u0161ak vid\u00ed v syst\u00e9mu slabiny a varuj\u00ed, \u017ee nedostate\u010dn\u00e9 napln\u011bn\u00ed p\u0159ed zimou 2025\/26 by mohlo ohrozit dod\u00e1vky LNG. <strong>skr\u00fdv\u00e1 dlouhodob\u00e1 rizika<\/strong>. Nav\u00edc cena plynu na velkoobchodn\u00edm trhu b\u011bhem t\u00fddne v\u00fdrazn\u011b vzrostla, i kdy\u017e se to zat\u00edm p\u0159\u00edmo nedotklo koncov\u00fdch z\u00e1kazn\u00edk\u016f.<\/p>\n<p><strong>27.01.2026<\/strong>: V <a href=\"https:\/\/www.fnp.de\/frankfurt\/sich-rasant-mangellage-wird-wahrscheinlicher-die-gasspeicher-leeren-94132080.html\" target=\"_blank\" rel=\"noopener\"><strong>Hl\u00e1\u0161en\u00ed<\/strong><\/a> Den\u00edk Frankfurter Neue Presse upozor\u0148uje, \u017ee situace s plynem v N\u011bmecku se st\u00e1le zhor\u0161uje. Z\u00e1sobn\u00edky plynu se v sou\u010dasn\u00e9 dob\u011b vyprazd\u0148uj\u00ed mnohem rychleji ne\u017e v p\u0159edchoz\u00edm roce, co\u017e m\u00e1 za n\u00e1sledek <strong>Nedostatek plynu je st\u00e1le pravd\u011bpodobn\u011bj\u0161\u00ed<\/strong> v\u016fle. Sou\u010dasn\u011b reaguj\u00ed trhy: velkoobchodn\u00ed ceny plynu ji\u017e znateln\u011b rostou, co\u017e sv\u011bd\u010d\u00ed o rostouc\u00ed nejistot\u011b ohledn\u011b budouc\u00edch dod\u00e1vek. Odborn\u00edci poukazuj\u00ed na to, \u017ee kritick\u00e9 hranice by mohlo b\u00fdt dosa\u017eeno rychleji, ne\u017e se dosud o\u010dek\u00e1valo, pokud bude spot\u0159eba pokra\u010dovat a po\u010das\u00ed z\u016fstane chladn\u00e9. Tento v\u00fdvoj ukazuje, jak citliv\u011b jsou nyn\u00ed propojeny \u00farovn\u011b skladov\u00e1n\u00ed, tr\u017en\u00ed ceny a o\u010dek\u00e1v\u00e1n\u00ed dod\u00e1vek.<\/p>\n<p><strong>25.01.2026<\/strong>: V ned\u00e1vn\u00e9m <a href=\"https:\/\/www.youtube.com\/watch?v=zvlZNXe2EOs\" target=\"_blank\" rel=\"nofollow noopener\"><strong>Kr\u00e1tk\u00e1 zpr\u00e1va z BR24<\/strong><\/a> je v\u00fdvoj, kter\u00fd p\u0159itahuje st\u00e1le v\u011bt\u0161\u00ed pozornost: V N\u011bmecku jsou z\u00e1sobn\u00edky plynu napln\u011bny podstatn\u011b m\u00e9n\u011b ne\u017e p\u0159ed rokem, v Bavorsku jsou v n\u011bkter\u00fdch p\u0159\u00edpadech napln\u011bny jen asi ze \u010dtvrtiny. Z\u00e1rove\u0148 byla zima neobvykle chladn\u00e1, co\u017e zv\u00fd\u0161ilo denn\u00ed spot\u0159ebu plynu. A\u010dkoli Spolkov\u00e1 agentura pro s\u00edt\u011b st\u00e1le zd\u016fraz\u0148uje, \u017ee dod\u00e1vky jsou zaji\u0161t\u011bny, odborn\u00edci a hlasy z pr\u016fmyslu vyjad\u0159uj\u00ed pochybnosti, zda toto hodnocen\u00ed dostate\u010dn\u011b zohled\u0148uje skute\u010dn\u00e9 technick\u00e9 rezervy. Ze zpr\u00e1vy jasn\u011b vypl\u00fdv\u00e1, \u017ee m\u016f\u017ee doch\u00e1zet k rostouc\u00edmu rozporu mezi form\u00e1ln\u00edm zabezpe\u010den\u00edm dod\u00e1vek a skute\u010dn\u00fdmi limity zat\u00ed\u017een\u00ed soustavy.<\/p>\n<hr \/>\n\n\t\t\t<div class=\"display-post-types\">\n\n\t\t\t\t\t\t\t<style type=\"text\/css\">\n\t\t\t#dpt-wrapper-432 { --dpt-text-align: left;--dpt-image-crop: center;--dpt-border-radius: 5px;--dpt-h-gutter: 10px;--dpt-v-gutter: 9px; }\t\t\t<\/style>\n\t\t\t<style type=\"text\/css\">#dpt-wrapper-432 { --dpt-title-font-style:normal;--dpt-title-font-weight:600;--dpt-title-line-height:1.5;--dpt-title-text-decoration:none;--dpt-title-text-transform:none;--dpt-excerpt-font-style:normal;--dpt-excerpt-font-weight:400;--dpt-excerpt-line-height:1.5;--dpt-excerpt-text-decoration:none;--dpt-excerpt-text-transform:none;--dpt-meta1-font-style:normal;--dpt-meta1-font-weight:400;--dpt-meta1-line-height:1.9;--dpt-meta1-text-decoration:none;--dpt-meta1-text-transform:none;--dpt-meta2-font-style:normal;--dpt-meta2-font-weight:400;--dpt-meta2-line-height:1.9;--dpt-meta2-text-decoration:none;--dpt-meta2-text-transform:none; }<\/style><div class=\"dpt-main-header\">\n\t\t\t\t\t\t<div class=\"dpt-main-title\">\n\t\t\t\t\t\t\t<span class=\"dpt-main-title-text\">Aktu\u00e1ln\u00ed \u010dl\u00e1nky o um\u011bl\u00e9 inteligenci<\/span>\n\t\t\t\t\t\t<\/div>\n\t\t\t\t\t\t\n\t\t\t\t\t\t\n\t\t\t\t\t\t\n\t\t\t\t\t\t<\/div>\t\t\t\n\t\t\t\t<div id=\"dpt-wrapper-432\" class=\"dpt-wrapper dpt-mag1 land1 dpt-cropped dpt-flex-wrap\" >\n\n\t\t\t\t\t\t\t\t\t\t\t<div class=\"dpt-entry has-thumbnail\" data-title=\"mit klarheit durch die krise: wie ki neue perspektiven er\u00f6ffnet\" data-id=\"2436\"  data-category=\"b\u00fccher\" data-post_tag=\"buch krisen k\u00fcnstliche intelligenz lernen pers\u00f6nlichkeitsentwicklung ratgeber\">\n\t\t\t\t\t\t\t<div class=\"dpt-entry-wrapper\"><div class=\"dpt-featured-content\"><div class=\"dpt-permalink\"><a href=\"https:\/\/www.markus-schall.de\/cs\/2025\/08\/srozumitelne-projit-krizi-jak-ki-otevira-nove-perspektivy\/\" class=\"dpt-permalink\"><span class=\"screen-reader-text\">Jasn\u00e9 p\u0159ekon\u00e1n\u00ed krize: jak um\u011bl\u00e1 inteligence otev\u00edr\u00e1 nov\u00e9 perspektivy<\/span><\/a><\/div><div class=\"dpt-thumbnail\"><div class=\"dpt-thumbnail-inner\"><img width=\"838\" height=\"1200\" class=\"attachment-full size-full\" alt=\"Kniha &quot;Krize jako bod obratu - u\u010dit se, r\u016fst, formovat\" context=\"dpt\" data-dpt-src=\"https:\/\/www.markus-schall.de\/wp-content\/uploads\/Krisen-Cover-Front-DEjpg.jpg\" data-dpt-sizes=\"(max-width: 838px) 100vw, 838px\" data-dpt-srcset=\"https:\/\/www.markus-schall.de\/wp-content\/uploads\/Krisen-Cover-Front-DEjpg.jpg 838w, https:\/\/www.markus-schall.de\/wp-content\/uploads\/Krisen-Cover-Front-DEjpg-210x300.jpg 210w, https:\/\/www.markus-schall.de\/wp-content\/uploads\/Krisen-Cover-Front-DEjpg-715x1024.jpg 715w, https:\/\/www.markus-schall.de\/wp-content\/uploads\/Krisen-Cover-Front-DEjpg-768x1100.jpg 768w, https:\/\/www.markus-schall.de\/wp-content\/uploads\/Krisen-Cover-Front-DEjpg-8x12.jpg 8w\" \/><\/div><span class=\"dpt-thumbnail-aspect-ratio\" style=\"padding-top: 75%\"><\/span><\/div><\/div><div class=\"sub-entry\"><h3 class=\"dpt-title\"><a class=\"dpt-title-link\" href=\"https:\/\/www.markus-schall.de\/cs\/2025\/08\/srozumitelne-projit-krizi-jak-ki-otevira-nove-perspektivy\/\" rel=\"bookmark\">Jasn\u00e9 p\u0159ekon\u00e1n\u00ed krize: jak um\u011bl\u00e1 inteligence otev\u00edr\u00e1 nov\u00e9 perspektivy<\/a><\/h3><\/div><\/div>\n\t\t\t\t\t\t<\/div><!-- .dpt-entry -->\n\t\t\t\t\t\t\t\t\t\t\t\t<div class=\"dpt-entry has-thumbnail\" data-title=\"rag mit ollama und qdrant als universelle suchmaschine f\u00fcr eigene daten\" data-id=\"2764\"  data-category=\"filemaker &amp; erp ki-systeme\" data-post_tag=\"datenbanken docker k\u00fcnstliche intelligenz llama llm mistral ollama qdrant vektordatenbank\">\n\t\t\t\t\t\t\t<div class=\"dpt-entry-wrapper\"><div class=\"dpt-featured-content\"><div class=\"dpt-permalink\"><a href=\"https:\/\/www.markus-schall.de\/cs\/2025\/08\/rag-s-ollama-a-qdrant-jako-univerzalni-vyhledavac-vlastnich-dat\/\" class=\"dpt-permalink\"><span class=\"screen-reader-text\">RAG s Ollama a Qdrant jako univerz\u00e1ln\u00ed vyhled\u00e1va\u010d vlastn\u00edch dat<\/span><\/a><\/div><div class=\"dpt-thumbnail\"><div class=\"dpt-thumbnail-inner\"><img width=\"1920\" height=\"640\" class=\"attachment-full size-full\" alt=\"Roz\u0161\u00ed\u0159en\u00ed m\u00edstn\u00ed um\u011bl\u00e9 inteligence o datab\u00e1ze pomoc\u00ed RAG, Ollama a Qdrant\" context=\"dpt\" data-dpt-src=\"https:\/\/www.markus-schall.de\/wp-content\/uploads\/lokale-ki-rag-ollama-qdrant.jpg\" data-dpt-sizes=\"(max-width: 1920px) 100vw, 1920px\" data-dpt-srcset=\"https:\/\/www.markus-schall.de\/wp-content\/uploads\/lokale-ki-rag-ollama-qdrant.jpg 1920w, https:\/\/www.markus-schall.de\/wp-content\/uploads\/lokale-ki-rag-ollama-qdrant-300x100.jpg 300w, https:\/\/www.markus-schall.de\/wp-content\/uploads\/lokale-ki-rag-ollama-qdrant-1024x341.jpg 1024w, https:\/\/www.markus-schall.de\/wp-content\/uploads\/lokale-ki-rag-ollama-qdrant-768x256.jpg 768w, https:\/\/www.markus-schall.de\/wp-content\/uploads\/lokale-ki-rag-ollama-qdrant-1536x512.jpg 1536w, https:\/\/www.markus-schall.de\/wp-content\/uploads\/lokale-ki-rag-ollama-qdrant-18x6.jpg 18w\" \/><\/div><span class=\"dpt-thumbnail-aspect-ratio\" style=\"padding-top: 75%\"><\/span><\/div><\/div><div class=\"sub-entry\"><h3 class=\"dpt-title\"><a class=\"dpt-title-link\" href=\"https:\/\/www.markus-schall.de\/cs\/2025\/08\/rag-s-ollama-a-qdrant-jako-univerzalni-vyhledavac-vlastnich-dat\/\" rel=\"bookmark\">RAG s Ollama a Qdrant jako univerz\u00e1ln\u00ed vyhled\u00e1va\u010d vlastn\u00edch dat<\/a><\/h3><\/div><\/div>\n\t\t\t\t\t\t<\/div><!-- .dpt-entry -->\n\t\t\t\t\t\t\t\t\t\t\t\t<div class=\"dpt-entry has-thumbnail\" data-title=\"ki als sparringspartner nutzen: wie denken im dialog produktiver wird\" data-id=\"4121\"  data-category=\"b\u00fccher ki-systeme tipps &amp; anleitungen\" data-post_tag=\"buch datenlogik denkmodelle k\u00fcnstliche intelligenz lernen llm ratgeber sprachmodell\">\n\t\t\t\t\t\t\t<div class=\"dpt-entry-wrapper\"><div class=\"dpt-featured-content\"><div class=\"dpt-permalink\"><a href=\"https:\/\/www.markus-schall.de\/cs\/2025\/12\/pouziti-ki-jako-sparingpartnera-jak-se-mysleni-v-dialogu-stava-produktivnejsim\/\" class=\"dpt-permalink\"><span class=\"screen-reader-text\">Pou\u017eit\u00ed um\u011bl\u00e9 inteligence jako sparingpartnera: Jak se my\u0161len\u00ed v dialogu st\u00e1v\u00e1 produktivn\u011bj\u0161\u00edm<\/span><\/a><\/div><div class=\"dpt-thumbnail\"><div class=\"dpt-thumbnail-inner\"><img width=\"1024\" height=\"683\" class=\"attachment-full size-full\" alt=\"AI jako partner pro \u00faspory\" context=\"dpt\" data-dpt-src=\"https:\/\/www.markus-schall.de\/wp-content\/uploads\/ki-als-sparringspartner-laptop.jpg\" data-dpt-sizes=\"(max-width: 1024px) 100vw, 1024px\" data-dpt-srcset=\"https:\/\/www.markus-schall.de\/wp-content\/uploads\/ki-als-sparringspartner-laptop.jpg 1024w, https:\/\/www.markus-schall.de\/wp-content\/uploads\/ki-als-sparringspartner-laptop-300x200.jpg 300w, https:\/\/www.markus-schall.de\/wp-content\/uploads\/ki-als-sparringspartner-laptop-768x512.jpg 768w, https:\/\/www.markus-schall.de\/wp-content\/uploads\/ki-als-sparringspartner-laptop-18x12.jpg 18w\" \/><\/div><span class=\"dpt-thumbnail-aspect-ratio\" style=\"padding-top: 75%\"><\/span><\/div><\/div><div class=\"sub-entry\"><h3 class=\"dpt-title\"><a class=\"dpt-title-link\" href=\"https:\/\/www.markus-schall.de\/cs\/2025\/12\/pouziti-ki-jako-sparingpartnera-jak-se-mysleni-v-dialogu-stava-produktivnejsim\/\" rel=\"bookmark\">Pou\u017eit\u00ed um\u011bl\u00e9 inteligence jako sparingpartnera: Jak se my\u0161len\u00ed v dialogu st\u00e1v\u00e1 produktivn\u011bj\u0161\u00edm<\/a><\/h3><\/div><\/div>\n\t\t\t\t\t\t<\/div><!-- .dpt-entry -->\n\t\t\t\t\t\t\t\t\t\t\t\t<div class=\"dpt-entry has-thumbnail\" data-title=\"filemaker-konferenz 2025: ki, community und ein unerwarteter vorfall\" data-id=\"2898\"  data-category=\"allgemein filemaker &amp; erp ki-systeme stories &amp; humor\" data-post_tag=\"datenbanken erp-software filemaker gfm-business k\u00fcnstliche intelligenz\">\n\t\t\t\t\t\t\t<div class=\"dpt-entry-wrapper\"><div class=\"dpt-featured-content\"><div class=\"dpt-permalink\"><a href=\"https:\/\/www.markus-schall.de\/cs\/2025\/09\/filemaker-konference-2025-ki-komunita-a-necekana-udalost\/\" class=\"dpt-permalink\"><span class=\"screen-reader-text\">Konference FileMaker 2025: Um\u011bl\u00e1 inteligence, komunita a ne\u010dekan\u00e1 ud\u00e1lost<\/span><\/a><\/div><div class=\"dpt-thumbnail\"><div class=\"dpt-thumbnail-inner\"><img width=\"1024\" height=\"512\" class=\"attachment-full size-full\" alt=\"FileMaker Konference 2025: Po\u017e\u00e1rn\u00ed poplach s hasi\u010di\" context=\"dpt\" data-dpt-src=\"https:\/\/www.markus-schall.de\/wp-content\/uploads\/FMK2025-Feueralarm-1.jpg\" data-dpt-sizes=\"(max-width: 1024px) 100vw, 1024px\" data-dpt-srcset=\"https:\/\/www.markus-schall.de\/wp-content\/uploads\/FMK2025-Feueralarm-1.jpg 1024w, https:\/\/www.markus-schall.de\/wp-content\/uploads\/FMK2025-Feueralarm-1-300x150.jpg 300w, https:\/\/www.markus-schall.de\/wp-content\/uploads\/FMK2025-Feueralarm-1-768x384.jpg 768w, https:\/\/www.markus-schall.de\/wp-content\/uploads\/FMK2025-Feueralarm-1-18x9.jpg 18w\" \/><\/div><span class=\"dpt-thumbnail-aspect-ratio\" style=\"padding-top: 75%\"><\/span><\/div><\/div><div class=\"sub-entry\"><h3 class=\"dpt-title\"><a class=\"dpt-title-link\" href=\"https:\/\/www.markus-schall.de\/cs\/2025\/09\/filemaker-konference-2025-ki-komunita-a-necekana-udalost\/\" rel=\"bookmark\">Konference FileMaker 2025: Um\u011bl\u00e1 inteligence, komunita a ne\u010dekan\u00e1 ud\u00e1lost<\/a><\/h3><\/div><\/div>\n\t\t\t\t\t\t<\/div><!-- .dpt-entry -->\n\t\t\t\t\t\t\n\t\t\t\t<\/div>\n\t\t\t\t\t\t<\/div>\n\t\t\t\n<hr \/>","protected":false},"excerpt":{"rendered":"<p>Kdy\u017e se ve zpr\u00e1v\u00e1ch mluv\u00ed o \u201e40procentn\u00edm napln\u011bn\u00ed z\u00e1sobn\u00edk\u016f plynu\u201c, zn\u00ed to na prvn\u00ed pohled abstraktn\u011b. Procenta se zdaj\u00ed b\u00fdt technick\u00e1, vzd\u00e1len\u00e1 ka\u017edodenn\u00edmu \u017eivotu. A p\u0159esto se za t\u00edm skr\u00fdv\u00e1 n\u011bco velmi konkr\u00e9tn\u00edho: ot\u00e1zka, jak stabiln\u00ed jsou na\u0161e dod\u00e1vky energie - nikoliv teoreticky, ale v ka\u017edodenn\u00ed praxi. V N\u011bmecku se plyn nepou\u017e\u00edv\u00e1 pouze pro pr\u016fmyslov\u00e9 z\u00e1vody, ale tak\u00e9 pro ... <a title=\"Konference FileMaker 2025: Um\u011bl\u00e1 inteligence, komunita a ne\u010dekan\u00e1 ud\u00e1lost\" class=\"read-more\" href=\"https:\/\/www.markus-schall.de\/cs\/2025\/09\/filemaker-konference-2025-ki-komunita-a-necekana-udalost\/\" aria-label=\"\u010c\u00edst v\u00edce o FileMaker Konference 2025: AI, komunita a ne\u010dekan\u00e1 ud\u00e1lost\">\u010c\u00edst d\u00e1l<\/a><\/p>","protected":false},"author":1,"featured_media":4586,"comment_status":"open","ping_status":"open","sticky":false,"template":"","format":"standard","meta":{"iawp_total_views":3882,"footnotes":""},"categories":[1,466],"tags":[480,481,475,426,448],"class_list":["post-4581","post","type-post","status-publish","format-standard","has-post-thumbnail","hentry","category-allgemein","category-gesellschaft","tag-deutschland","tag-energiepolitik","tag-europa","tag-krisen","tag-ratgeber"],"_links":{"self":[{"href":"https:\/\/www.markus-schall.de\/cs\/wp-json\/wp\/v2\/posts\/4581","targetHints":{"allow":["GET"]}}],"collection":[{"href":"https:\/\/www.markus-schall.de\/cs\/wp-json\/wp\/v2\/posts"}],"about":[{"href":"https:\/\/www.markus-schall.de\/cs\/wp-json\/wp\/v2\/types\/post"}],"author":[{"embeddable":true,"href":"https:\/\/www.markus-schall.de\/cs\/wp-json\/wp\/v2\/users\/1"}],"replies":[{"embeddable":true,"href":"https:\/\/www.markus-schall.de\/cs\/wp-json\/wp\/v2\/comments?post=4581"}],"version-history":[{"count":64,"href":"https:\/\/www.markus-schall.de\/cs\/wp-json\/wp\/v2\/posts\/4581\/revisions"}],"predecessor-version":[{"id":5813,"href":"https:\/\/www.markus-schall.de\/cs\/wp-json\/wp\/v2\/posts\/4581\/revisions\/5813"}],"wp:featuredmedia":[{"embeddable":true,"href":"https:\/\/www.markus-schall.de\/cs\/wp-json\/wp\/v2\/media\/4586"}],"wp:attachment":[{"href":"https:\/\/www.markus-schall.de\/cs\/wp-json\/wp\/v2\/media?parent=4581"}],"wp:term":[{"taxonomy":"category","embeddable":true,"href":"https:\/\/www.markus-schall.de\/cs\/wp-json\/wp\/v2\/categories?post=4581"},{"taxonomy":"post_tag","embeddable":true,"href":"https:\/\/www.markus-schall.de\/cs\/wp-json\/wp\/v2\/tags?post=4581"}],"curies":[{"name":"wp","href":"https:\/\/api.w.org\/{rel}","templated":true}]}}