{"id":5212,"date":"2026-03-12T05:25:40","date_gmt":"2026-03-12T05:25:40","guid":{"rendered":"https:\/\/www.markus-schall.de\/?p=5212"},"modified":"2026-04-27T07:15:41","modified_gmt":"2026-04-27T07:15:41","slug":"iransko-izraelsky-konflikt-proc-je-eskalace-konfliktu-strategickou-nocni-murou-zapadu","status":"publish","type":"post","link":"https:\/\/www.markus-schall.de\/cs\/2026\/03\/iransko-izraelsky-konflikt-proc-je-eskalace-konfliktu-strategickou-nocni-murou-zapadu\/","title":{"rendered":"\u00cdr\u00e1nsko-izraelsk\u00fd konflikt: Pro\u010d je eskalace konfliktu strategickou no\u010dn\u00ed m\u016frou Z\u00e1padu?"},"content":{"rendered":"<p>V n\u011bkter\u00fdch momentech p\u0159\u00edb\u011bhu c\u00edt\u00edte, \u017ee se n\u011bco m\u011bn\u00ed. Ne n\u00e1hle, ne jedin\u00fdm rozhodnut\u00edm, ale jako linie, kter\u00e1 pomalu, ale ne\u00faprosn\u011b proch\u00e1z\u00ed prachem star\u00fdch jistot. N\u011bkolik posledn\u00edch dn\u00ed bylo takov\u00fdmi okam\u017eiky. Dlouho jsem p\u0159em\u00fd\u0161lel, jestli m\u00e1m tento \u00favodn\u00edk opravdu ps\u00e1t - koneckonc\u016f jsem se \u00cdr\u00e1nem u\u017e jednou podrobn\u011b zab\u00fdval a jasn\u011b jsem \u0159ekl, \u017ee tuto zemi a jej\u00ed mocensk\u00e9 struktury pochop\u00edte, jen kdy\u017e se pod\u00edv\u00e1te na des\u00edtky let star\u00e9 linie. Ale pr\u00e1v\u011b tyto linie se nyn\u00ed znovu zviditelnily, a to jasn\u011bji ne\u017e kdykoli p\u0159edt\u00edm.<\/p>\n<p>To, co m\u011b nut\u00ed zpozorn\u011bt, nejsou jen tvrd\u00e1 fakta: no\u010dn\u00ed \u00fadery, p\u0159et\u00ed\u017een\u00ed izraelsk\u00e9 protiraketov\u00e9 obrany, r\u00e9torika politick\u00fdch v\u016fdc\u016f, rostouc\u00ed p\u0159esun moci v pozad\u00ed. Je to z\u00e1kladn\u00ed vzorec - pocit, \u017ee zde konflikt vstupuje do f\u00e1ze, kter\u00e1 bude no\u010dn\u00ed m\u016frou pro ka\u017ed\u00e9ho strat\u00e9ga. A pr\u00e1v\u011b proto p\u00ed\u0161u tento \u010dl\u00e1nek: proto\u017ee mnoz\u00ed vid\u00ed povrch, ale m\u00e1lokdo ch\u00e1pe, co se pod n\u00edm odehr\u00e1v\u00e1.<!--more--><\/p>\n<p>A proto\u017ee v\u011b\u0159\u00edm, \u017ee \u017eijeme v dob\u011b, kdy se ob\u010dan\u00e9 mus\u00ed znovu nau\u010dit myslet s otev\u0159en\u00fdma o\u010dima. Ne panicky nebo poddajn\u011b, ale st\u0159\u00edzliv\u011b. P\u0159esn\u011b o to se sna\u017e\u00edm t\u00edmto \u010dl\u00e1nkem: Poskytnout orientaci, ani\u017e bychom ji vyb\u00edlili, a uk\u00e1zat, pro\u010d tento konflikt dos\u00e1hl nov\u00e9 kvality, kterou Z\u00e1pad v t\u00e9to podob\u011b u\u017e dlouho neza\u017eil.<\/p>\n<hr \/>\n\n\t\t\t<div class=\"display-post-types\">\n\n\t\t\t\t\t\t\t<style type=\"text\/css\">\n\t\t\t#dpt-wrapper-936 { --dpt-text-align: left;--dpt-image-crop: center;--dpt-border-radius: 5px;--dpt-h-gutter: 10px;--dpt-v-gutter: 9px; }\t\t\t<\/style>\n\t\t\t<style type=\"text\/css\">#dpt-wrapper-936 { --dpt-title-font-style:normal;--dpt-title-font-weight:600;--dpt-title-line-height:1.5;--dpt-title-text-decoration:none;--dpt-title-text-transform:none;--dpt-excerpt-font-style:normal;--dpt-excerpt-font-weight:400;--dpt-excerpt-line-height:1.5;--dpt-excerpt-text-decoration:none;--dpt-excerpt-text-transform:none;--dpt-meta1-font-style:normal;--dpt-meta1-font-weight:400;--dpt-meta1-line-height:1.9;--dpt-meta1-text-decoration:none;--dpt-meta1-text-transform:none;--dpt-meta2-font-style:normal;--dpt-meta2-font-weight:400;--dpt-meta2-line-height:1.9;--dpt-meta2-text-decoration:none;--dpt-meta2-text-transform:none; }<\/style><div class=\"dpt-main-header\">\n\t\t\t\t\t\t<div class=\"dpt-main-title\">\n\t\t\t\t\t\t\t<span class=\"dpt-main-title-text\">Aktu\u00e1ln\u00ed \u010dl\u00e1nky o um\u011bn\u00ed a kultu\u0159e<\/span>\n\t\t\t\t\t\t<\/div>\n\t\t\t\t\t\t\n\t\t\t\t\t\t\n\t\t\t\t\t\t\n\t\t\t\t\t\t<\/div>\t\t\t\n\t\t\t\t<div id=\"dpt-wrapper-936\" class=\"dpt-wrapper dpt-mag1 land1 dpt-cropped dpt-flex-wrap\" >\n\n\t\t\t\t\t\t\t\t\t\t\t<div class=\"dpt-entry has-thumbnail\" data-title=\"die krimtataren \u2013 geschichte, herkunft und gegenwart eines vergessenen volkes\" data-id=\"4154\"  data-category=\"allgemein gesellschaft kunst &amp; kultur\" data-post_tag=\"europa geopolitik krisen meinungsfreiheit\">\n\t\t\t\t\t\t\t<div class=\"dpt-entry-wrapper\"><div class=\"dpt-featured-content\"><div class=\"dpt-permalink\"><a href=\"https:\/\/www.markus-schall.de\/cs\/2025\/12\/krymsti-tatari-historie-puvod-a-soucasnost-zapomenuteho-naroda\/\" class=\"dpt-permalink\"><span class=\"screen-reader-text\">Krym\u0161t\u00ed Tata\u0159i - historie, p\u016fvod a sou\u010dasnost zapomenut\u00e9ho n\u00e1roda<\/span><\/a><\/div><div class=\"dpt-thumbnail\"><div class=\"dpt-thumbnail-inner\"><img width=\"1024\" height=\"683\" class=\"attachment-full size-full\" alt=\"Krymsko-tatarsk\u00e1 step\" context=\"dpt\" data-dpt-src=\"https:\/\/www.markus-schall.de\/wp-content\/uploads\/Krimtartaren-Steppe.jpg\" data-dpt-sizes=\"(max-width: 1024px) 100vw, 1024px\" data-dpt-srcset=\"https:\/\/www.markus-schall.de\/wp-content\/uploads\/Krimtartaren-Steppe.jpg 1024w, https:\/\/www.markus-schall.de\/wp-content\/uploads\/Krimtartaren-Steppe-300x200.jpg 300w, https:\/\/www.markus-schall.de\/wp-content\/uploads\/Krimtartaren-Steppe-768x512.jpg 768w, https:\/\/www.markus-schall.de\/wp-content\/uploads\/Krimtartaren-Steppe-18x12.jpg 18w\" \/><\/div><span class=\"dpt-thumbnail-aspect-ratio\" style=\"padding-top: 75%\"><\/span><\/div><\/div><div class=\"sub-entry\"><h3 class=\"dpt-title\"><a class=\"dpt-title-link\" href=\"https:\/\/www.markus-schall.de\/cs\/2025\/12\/krymsti-tatari-historie-puvod-a-soucasnost-zapomenuteho-naroda\/\" rel=\"bookmark\">Krym\u0161t\u00ed Tata\u0159i - historie, p\u016fvod a sou\u010dasnost zapomenut\u00e9ho n\u00e1roda<\/a><\/h3><\/div><\/div>\n\t\t\t\t\t\t<\/div><!-- .dpt-entry -->\n\t\t\t\t\t\t\t\t\t\t\t\t<div class=\"dpt-entry has-thumbnail\" data-title=\"mehr als punk: nina hagen, cosma shiva und die kunst, sich nicht vereinnahmen zu lassen\" data-id=\"4521\"  data-category=\"allgemein gesellschaft kunst &amp; kultur\" data-post_tag=\"auswandern deutschland erfahrungen europa krisen meinungsfreiheit musik portrait\">\n\t\t\t\t\t\t\t<div class=\"dpt-entry-wrapper\"><div class=\"dpt-featured-content\"><div class=\"dpt-permalink\"><a href=\"https:\/\/www.markus-schall.de\/cs\/2026\/01\/more-than-punk-nina-hagen-cosma-shiva-a-umeni-nenechat-se-strhnout\/\" class=\"dpt-permalink\"><span class=\"screen-reader-text\">V\u00edce ne\u017e punk: Nina Hagen, Cosma Shiva a um\u011bn\u00ed nenechat se strhnout<\/span><\/a><\/div><div class=\"dpt-thumbnail\"><div class=\"dpt-thumbnail-inner\"><img width=\"1024\" height=\"683\" class=\"attachment-full size-full\" alt=\"Portr\u00e9t Niny a Cosmy Shiva Hagenov\u00fdch\" context=\"dpt\" data-dpt-src=\"https:\/\/www.markus-schall.de\/wp-content\/uploads\/Nina-Cosma-Shiva-Hagen-Titel.jpg\" data-dpt-sizes=\"(max-width: 1024px) 100vw, 1024px\" data-dpt-srcset=\"https:\/\/www.markus-schall.de\/wp-content\/uploads\/Nina-Cosma-Shiva-Hagen-Titel.jpg 1024w, https:\/\/www.markus-schall.de\/wp-content\/uploads\/Nina-Cosma-Shiva-Hagen-Titel-300x200.jpg 300w, https:\/\/www.markus-schall.de\/wp-content\/uploads\/Nina-Cosma-Shiva-Hagen-Titel-768x512.jpg 768w, https:\/\/www.markus-schall.de\/wp-content\/uploads\/Nina-Cosma-Shiva-Hagen-Titel-18x12.jpg 18w\" \/><\/div><span class=\"dpt-thumbnail-aspect-ratio\" style=\"padding-top: 75%\"><\/span><\/div><\/div><div class=\"sub-entry\"><h3 class=\"dpt-title\"><a class=\"dpt-title-link\" href=\"https:\/\/www.markus-schall.de\/cs\/2026\/01\/more-than-punk-nina-hagen-cosma-shiva-a-umeni-nenechat-se-strhnout\/\" rel=\"bookmark\">V\u00edce ne\u017e punk: Nina Hagen, Cosma Shiva a um\u011bn\u00ed nenechat se strhnout<\/a><\/h3><\/div><\/div>\n\t\t\t\t\t\t<\/div><!-- .dpt-entry -->\n\t\t\t\t\t\t\t\t\t\t\t\t<div class=\"dpt-entry has-thumbnail\" data-title=\"zukunft mit ladeger\u00e4t \u2013 herr von l&#8217;oreot kauft einen e-scooter\" data-id=\"3229\"  data-category=\"allgemein gesellschaft kunst &amp; kultur stories &amp; humor\" data-post_tag=\"erfahrungen\">\n\t\t\t\t\t\t\t<div class=\"dpt-entry-wrapper\"><div class=\"dpt-featured-content\"><div class=\"dpt-permalink\"><a href=\"https:\/\/www.markus-schall.de\/cs\/2025\/10\/budoucnost-s-nabijeckou-pan-von-loreot-si-koupi-elektronicky-skutr\/\" class=\"dpt-permalink\"><span class=\"screen-reader-text\">Budoucnost s nab\u00edje\u010dkou - pan von L'oreot kupuje e-kolob\u011b\u017eku<\/span><\/a><\/div><div class=\"dpt-thumbnail\"><div class=\"dpt-thumbnail-inner\"><img width=\"1024\" height=\"747\" class=\"attachment-full size-full\" alt=\"\" context=\"dpt\" data-dpt-src=\"https:\/\/www.markus-schall.de\/wp-content\/uploads\/loereot-e-scooter-1.jpg\" data-dpt-sizes=\"(max-width: 1024px) 100vw, 1024px\" data-dpt-srcset=\"https:\/\/www.markus-schall.de\/wp-content\/uploads\/loereot-e-scooter-1.jpg 1024w, https:\/\/www.markus-schall.de\/wp-content\/uploads\/loereot-e-scooter-1-300x219.jpg 300w, https:\/\/www.markus-schall.de\/wp-content\/uploads\/loereot-e-scooter-1-768x560.jpg 768w, https:\/\/www.markus-schall.de\/wp-content\/uploads\/loereot-e-scooter-1-16x12.jpg 16w\" \/><\/div><span class=\"dpt-thumbnail-aspect-ratio\" style=\"padding-top: 75%\"><\/span><\/div><\/div><div class=\"sub-entry\"><h3 class=\"dpt-title\"><a class=\"dpt-title-link\" href=\"https:\/\/www.markus-schall.de\/cs\/2025\/10\/budoucnost-s-nabijeckou-pan-von-loreot-si-koupi-elektronicky-skutr\/\" rel=\"bookmark\">Budoucnost s nab\u00edje\u010dkou - pan von L'oreot kupuje e-kolob\u011b\u017eku<\/a><\/h3><\/div><\/div>\n\t\t\t\t\t\t<\/div><!-- .dpt-entry -->\n\t\t\t\t\t\t\t\t\t\t\t\t<div class=\"dpt-entry has-thumbnail\" data-title=\"dieter bohlen im klartext: warum deutschland an der eigenen b\u00fcrokratie scheitert\" data-id=\"3546\"  data-category=\"allgemein b\u00fccher gesellschaft kunst &amp; kultur\" data-post_tag=\"buch deutschland erfahrungen krisen meinungsfreiheit musik\">\n\t\t\t\t\t\t\t<div class=\"dpt-entry-wrapper\"><div class=\"dpt-featured-content\"><div class=\"dpt-permalink\"><a href=\"https:\/\/www.markus-schall.de\/cs\/2025\/11\/dieter-bohlen-srozumitelne-o-tom-proc-nemecko-selhava-kvuli-vlastni-byrokracii\/\" class=\"dpt-permalink\"><span class=\"screen-reader-text\">Dieter Bohlen srozumiteln\u011b: Pro\u010d N\u011bmecko selh\u00e1v\u00e1 kv\u016fli vlastn\u00ed byrokracii<\/span><\/a><\/div><div class=\"dpt-thumbnail\"><div class=\"dpt-thumbnail-inner\"><img width=\"1536\" height=\"1024\" class=\"attachment-full size-full\" alt=\"Dieter Bohlen v rozhovoru s Dominikem Kettnerem\" context=\"dpt\" data-dpt-src=\"https:\/\/www.markus-schall.de\/wp-content\/uploads\/bohlen-kettner-germany.jpg\" data-dpt-sizes=\"(max-width: 1536px) 100vw, 1536px\" data-dpt-srcset=\"https:\/\/www.markus-schall.de\/wp-content\/uploads\/bohlen-kettner-germany.jpg 1536w, https:\/\/www.markus-schall.de\/wp-content\/uploads\/bohlen-kettner-germany-300x200.jpg 300w, https:\/\/www.markus-schall.de\/wp-content\/uploads\/bohlen-kettner-germany-1024x683.jpg 1024w, https:\/\/www.markus-schall.de\/wp-content\/uploads\/bohlen-kettner-germany-768x512.jpg 768w, https:\/\/www.markus-schall.de\/wp-content\/uploads\/bohlen-kettner-germany-18x12.jpg 18w\" \/><\/div><span class=\"dpt-thumbnail-aspect-ratio\" style=\"padding-top: 75%\"><\/span><\/div><\/div><div class=\"sub-entry\"><h3 class=\"dpt-title\"><a class=\"dpt-title-link\" href=\"https:\/\/www.markus-schall.de\/cs\/2025\/11\/dieter-bohlen-srozumitelne-o-tom-proc-nemecko-selhava-kvuli-vlastni-byrokracii\/\" rel=\"bookmark\">Dieter Bohlen srozumiteln\u011b: Pro\u010d N\u011bmecko selh\u00e1v\u00e1 kv\u016fli vlastn\u00ed byrokracii<\/a><\/h3><\/div><\/div>\n\t\t\t\t\t\t<\/div><!-- .dpt-entry -->\n\t\t\t\t\t\t\n\t\t\t\t<\/div>\n\t\t\t\t\t\t<\/div>\n\t\t\t\n<hr \/>\n<h2>Nejnov\u011bj\u0161\u00ed zpr\u00e1vy o izraelsko-\u00edr\u00e1nsk\u00e9m konfliktu<\/h2>\n<p><strong>13.04.2026<\/strong>: Po ne\u00fasp\u011bchu jedn\u00e1n\u00ed mezi USA a \u00cdr\u00e1nem na\u0159\u00eddil americk\u00fd prezident Donald Trump n\u00e1mo\u0159n\u00ed blok\u00e1du Hormuzsk\u00e9ho pr\u016flivu. C\u00edlem opat\u0159en\u00ed je zabr\u00e1nit zejm\u00e9na v\u00fdvozu \u00edr\u00e1nsk\u00e9 ropy a v\u00fdrazn\u011b tak zv\u00fd\u0161it hospod\u00e1\u0159sk\u00fd tlak na Teher\u00e1n. Posti\u017eeny jsou zejm\u00e9na lod\u011b pluj\u00edc\u00ed do \u00edr\u00e1nsk\u00fdch p\u0159\u00edstav\u016f nebo z nich, zat\u00edmco dod\u00e1vky z ostatn\u00edch st\u00e1t\u016f Persk\u00e9ho z\u00e1livu nemaj\u00ed b\u00fdt ofici\u00e1ln\u011b zastaveny. USA z\u00e1rove\u0148 ozn\u00e1mily, \u017ee odstran\u00ed \u00edr\u00e1nsk\u00e9 n\u00e1mo\u0159n\u00ed miny a v p\u0159\u00edpad\u011b pot\u0159eby podniknou vojensk\u00e9 kroky proti hrozb\u00e1m. Na str\u00e1nk\u00e1ch . <a href=\"https:\/\/www.tagesschau.de\/ausland\/asien\/seeblockade-persischer-golf-strasse-hormus-usa-iran-100.html\" target=\"_blank\" rel=\"noopener\"><strong>Denn\u00ed zpravodajstv\u00ed<\/strong><\/a> v \u010dl\u00e1nku objas\u0148uje, pro\u010d tato n\u00e1mo\u0159n\u00ed blok\u00e1da nen\u00ed bez rizika.<\/p>\n<div class=\"lyte-wrapper\" style=\"width:640px;max-width:100%;margin:5px;\"><div class=\"lyMe\" id=\"WYL_J65_3WCdiGg\"><div id=\"lyte_J65_3WCdiGg\" data-src=\"https:\/\/www.markus-schall.de\/wp-content\/plugins\/wp-youtube-lyte\/lyteCache.php?origThumbUrl=%2F%2Fi.ytimg.com%2Fvi%2FJ65_3WCdiGg%2Fhqdefault.jpg\" class=\"pL\"><div class=\"tC\"><div class=\"tT\"><\/div><\/div><div class=\"play\"><\/div><div class=\"ctrl\"><div class=\"Lctrl\"><\/div><div class=\"Rctrl\"><\/div><\/div><\/div><noscript><a href=\"https:\/\/youtu.be\/J65_3WCdiGg\" rel=\"nofollow noopener\" target=\"_blank\"><img loading=\"lazy\" decoding=\"async\" src=\"https:\/\/www.markus-schall.de\/wp-content\/plugins\/wp-youtube-lyte\/lyteCache.php?origThumbUrl=https%3A%2F%2Fi.ytimg.com%2Fvi%2FJ65_3WCdiGg%2F0.jpg\" alt=\"Miniatura videa na YouTube\" width=\"640\" height=\"340\" \/><br \/>Pod\u00edvejte se na toto video na YouTube<\/a><\/noscript><\/div><\/div><div class=\"lL\" style=\"max-width:100%;width:640px;margin:5px;\"><\/div><br \/>\nHormuzsk\u00fd pr\u016fliv: Pro\u010d Trump nyn\u00ed blokuje pr\u016fliv | <a href=\"https:\/\/www.youtube.com\/@ZDFheute\" target=\"_blank\" rel=\"nofollow noopener\">ZDFtoday news<\/a><\/p>\n<p>Hormuzsk\u00fd pr\u016fliv je jednou z nejd\u016fle\u017eit\u011bj\u0161\u00edch energetick\u00fdch tras na sv\u011bt\u011b, kterou proch\u00e1z\u00ed p\u0159ibli\u017en\u011b p\u011btina sv\u011btov\u00e9ho obchodu s ropou. Potenci\u00e1ln\u00ed dopad je tedy odpov\u00eddaj\u00edc\u00edm zp\u016fsobem vysok\u00fd: Kr\u00e1tce po ozn\u00e1men\u00ed v\u00fdrazn\u011b vzrostly ceny ropy a v Persk\u00e9m z\u00e1livu uv\u00edzlo mnoho obchodn\u00edch lod\u00ed. Pozorovatel\u00e9 varuj\u00ed p\u0159ed dal\u0161\u00ed eskalac\u00ed, nebo\u0165 \u00cdr\u00e1n ozn\u00e1mil protiopat\u0159en\u00ed a situace se st\u00e1v\u00e1 vojensky i ekonomicky st\u00e1le napjat\u011bj\u0161\u00ed.<\/p>\n<p><strong>12.04.2026<\/strong>M\u00edrov\u00e9 rozhovory mezi USA a \u00cdr\u00e1nem skon\u010dily po zhruba 21 hodin\u00e1ch jedn\u00e1n\u00ed v P\u00e1kist\u00e1nu bez v\u00fdsledku. Viceprezident USA J. D. Vance vysv\u011btlil, \u017ee pr\u016flomu zabr\u00e1nilo zejm\u00e9na odm\u00edtnut\u00ed Teher\u00e1nu z\u00e1vazn\u011b se vzd\u00e1t programu jadern\u00fdch zbran\u00ed. \u00cdr\u00e1nsk\u00e1 strana z\u00e1rove\u0148 dala najevo, \u017ee po\u017eadavky USA pova\u017euje za p\u0159\u00edli\u0161 dalekos\u00e1hl\u00e9 a \u017ee z\u00e1sadn\u00ed rozd\u00edly p\u0159etrv\u00e1vaj\u00ed. N\u00e1sleduje \u017eiv\u00e9 shrnut\u00ed z ZDFheute:<\/p>\n<div class=\"lyte-wrapper\" style=\"width:640px;max-width:100%;margin:5px;\"><div class=\"lyMe\" id=\"WYL_rcQiDYNZR78\"><div id=\"lyte_rcQiDYNZR78\" data-src=\"https:\/\/www.markus-schall.de\/wp-content\/plugins\/wp-youtube-lyte\/lyteCache.php?origThumbUrl=%2F%2Fi.ytimg.com%2Fvi%2FrcQiDYNZR78%2Fhqdefault.jpg\" class=\"pL\"><div class=\"tC\"><div class=\"tT\"><\/div><\/div><div class=\"play\"><\/div><div class=\"ctrl\"><div class=\"Lctrl\"><\/div><div class=\"Rctrl\"><\/div><\/div><\/div><noscript><a href=\"https:\/\/youtu.be\/rcQiDYNZR78\" rel=\"nofollow noopener\" target=\"_blank\"><img loading=\"lazy\" decoding=\"async\" src=\"https:\/\/www.markus-schall.de\/wp-content\/plugins\/wp-youtube-lyte\/lyteCache.php?origThumbUrl=https%3A%2F%2Fi.ytimg.com%2Fvi%2FrcQiDYNZR78%2F0.jpg\" alt=\"Miniatura videa na YouTube\" width=\"640\" height=\"340\" \/><br \/>Pod\u00edvejte se na toto video na YouTube<\/a><\/noscript><\/div><\/div><div class=\"lL\" style=\"max-width:100%;width:640px;margin:5px;\"><\/div><br \/>\nVance: \u017d\u00e1dn\u00e1 dohoda, \u00cdr\u00e1n kritizuje USA, Hormuzsk\u00fd pr\u016fliv st\u00e1le zablokov\u00e1n | <a href=\"https:\/\/www.youtube.com\/@ZDFheute\" target=\"_blank\" rel=\"nofollow noopener\">ZDFtoday \u017eiv\u011b<\/a><\/p>\n<p>Rozhovory byly pova\u017eov\u00e1ny za prvn\u00ed p\u0159\u00edmou v\u00fdm\u011bnu n\u00e1zor\u016f na t\u00e9to \u00farovni po mnoha letech a prob\u00edhaly v kontextu k\u0159ehk\u00e9ho p\u0159\u00edm\u011b\u0159\u00ed. Po p\u0159edb\u011b\u017en\u00e9m ne\u00fasp\u011bchu se do pop\u0159ed\u00ed op\u011bt dost\u00e1v\u00e1 ot\u00e1zka, zda je diplomacie za t\u011bchto podm\u00ednek v\u016fbec \u017eivotaschopn\u00e1 - nebo zda se konflikt bude d\u00e1le vyhrocovat. V <a href=\"https:\/\/www.markus-schall.de\/cs\/2026\/03\/kdo-je-j-d-vance-portret-jeho-puvodu-kariery-rozporu-a-budoucnosti\/\"><strong>Portr\u00e9tn\u00ed \u010dl\u00e1nek o J. D. Vanceovi<\/strong><\/a> jeho p\u0159\u00edjezd do P\u00e1kist\u00e1nu na tyto rozhovory byl projedn\u00e1n.<\/p>\n<p><strong>10.04.2026<\/strong>Rozhovor s b\u00fdval\u00fdm gener\u00e1lem Rolandem Katherem p\u0159in\u00e1\u0161\u00ed z\u00e1sadn\u00ed ot\u00e1zku t\u00fdkaj\u00edc\u00ed se sou\u010dasn\u00e9ho \u00edr\u00e1nsk\u00e9ho konfliktu:<\/p>\n<blockquote><p><em>Co je vlastn\u011b po v\u00e1lce lep\u0161\u00ed ne\u017e p\u0159ed n\u00ed?<\/em><\/p><\/blockquote>\n<p>Kather dosp\u011bje k st\u0159\u00edzliv\u00e9mu hodnocen\u00ed. \u017d\u00e1dn\u00fdch strategick\u00fdch c\u00edl\u016f nebylo dosa\u017eeno a situace se dlouhodob\u011b nestabilizovala. Naopak: \u00cdr\u00e1n je i nad\u00e1le vojensky akceschopn\u00fd, nad\u00e1le vyr\u00e1b\u00ed bezpilotn\u00ed letouny a disponuje raketami, Hormuzsk\u00fd pr\u016fliv je zablokov\u00e1n a p\u0159\u00edm\u011b\u0159\u00ed je pova\u017eov\u00e1no za k\u0159ehk\u00e9. Kather\u00e1n neuzn\u00e1v\u00e1 ani \u017e\u00e1dn\u00fd geopolitick\u00fd pokrok - naopak z n\u011bj mohou nep\u0159\u00edmo t\u011b\u017eit jin\u00ed hr\u00e1\u010di, nap\u0159\u00edklad Rusko.<\/p>\n<div class=\"lyte-wrapper\" style=\"width:640px;max-width:100%;margin:5px;\"><div class=\"lyMe\" id=\"WYL_Izh-_xFQJ5E\"><div id=\"lyte_Izh-_xFQJ5E\" data-src=\"https:\/\/www.markus-schall.de\/wp-content\/plugins\/wp-youtube-lyte\/lyteCache.php?origThumbUrl=%2F%2Fi.ytimg.com%2Fvi%2FIzh-_xFQJ5E%2Fhqdefault.jpg\" class=\"pL\"><div class=\"tC\"><div class=\"tT\"><\/div><\/div><div class=\"play\"><\/div><div class=\"ctrl\"><div class=\"Lctrl\"><\/div><div class=\"Rctrl\"><\/div><\/div><\/div><noscript><a href=\"https:\/\/youtu.be\/Izh-_xFQJ5E\" rel=\"nofollow noopener\" target=\"_blank\"><img loading=\"lazy\" decoding=\"async\" src=\"https:\/\/www.markus-schall.de\/wp-content\/plugins\/wp-youtube-lyte\/lyteCache.php?origThumbUrl=https%3A%2F%2Fi.ytimg.com%2Fvi%2FIzh-_xFQJ5E%2F0.jpg\" alt=\"Miniatura videa na YouTube\" width=\"640\" height=\"340\" \/><br \/>Pod\u00edvejte se na toto video na YouTube<\/a><\/noscript><\/div><\/div><div class=\"lL\" style=\"max-width:100%;width:640px;margin:5px;\"><\/div><br \/>\nIR\u00c1NSK\u00c1 V\u00c1LKA: \u201eJe to jedna z klasick\u00fdch chyb, kter\u00fdch se USA dopustily!\u201c Katherino z\u00fa\u010dtov\u00e1n\u00ed | <a href=\"https:\/\/www.youtube.com\/@WELTVideoTV\" target=\"_blank\" rel=\"nofollow noopener\">Zpravodajsk\u00fd kan\u00e1l WELT<\/a><\/p>\n<p>Jeho anal\u00fdza tak klade z\u00e1sadn\u00ed ot\u00e1zku, kter\u00e1 m\u00e1 v\u00fdznam i mimo tento konflikt: Vede vojensk\u00e1 intervence skute\u010dn\u011b ke zlep\u0161en\u00ed v\u00fdchoz\u00ed situace - nebo jen prohlubuje st\u00e1vaj\u00edc\u00ed probl\u00e9my? Pr\u00e1v\u011b tato \u00favaha znovu nab\u00fdv\u00e1 na v\u00fdznamu ve sv\u011btle sou\u010dasn\u00e9ho v\u00fdvoje.<\/p>\n<p><strong>09.04.2026<\/strong>: Mezin\u00e1rodn\u00ed kritika ned\u00e1vn\u00e9ho<a href=\"https:\/\/www.reuters.com\/world\/middle-east\/un-condemns-israeli-strikes-lebanon-calls-casualty-reports-appalling-2026-04-08\/\" target=\"_blank\" rel=\"noopener\"><strong> Izraelsk\u00e9 \u00fatoky v Libanonu navzdory dohodnut\u00e9mu p\u0159\u00edm\u011b\u0159\u00ed<\/strong><\/a> v\u00fdrazn\u011b roste. Podle OSN byly n\u00e1lety ozna\u010deny za \u201e\u0161okuj\u00edc\u00ed\u201c a vysok\u00fd po\u010det civiln\u00edch ob\u011bt\u00ed za \u201enep\u0159ijateln\u00fd\u201c, p\u0159i\u010dem\u017e se po\u017eaduje nez\u00e1visl\u00e9 vy\u0161et\u0159ov\u00e1n\u00ed mo\u017en\u00e9ho poru\u0161en\u00ed mezin\u00e1rodn\u00edho pr\u00e1va.<\/p>\n<p>Sou\u010dasn\u011b se zost\u0159uje i t\u00f3n v Evrop\u011b: \u0161pan\u011blsk\u00fd p\u0159edseda vl\u00e1dy <a href=\"https:\/\/x.com\/sanchezcastejon\/status\/2041934569503346697\" target=\"_blank\" rel=\"nofollow noopener\"><strong>Pedro S\u00e1nchez odsoudil<\/strong><\/a> EU \u00fatoky d\u016frazn\u011b odsoudila a hovo\u0159ila o \u201enep\u0159ijateln\u00e9m\u201c zach\u00e1zen\u00ed s lidsk\u00fdm \u017eivotem a mezin\u00e1rodn\u00edm pr\u00e1vem. Ve ve\u0159ejn\u00e9m prohl\u00e1\u0161en\u00ed vyzval k v\u00fdslovn\u00e9mu zapojen\u00ed Libanonu do p\u0159\u00edm\u011b\u0159\u00ed, k mezin\u00e1rodn\u00edmu odsouzen\u00ed \u00fatok\u016f a k pozastaven\u00ed platnosti dohody o p\u0159idru\u017een\u00ed EU s Izraelem. Celkov\u011b to ukazuje na rostouc\u00ed diplomatickou frontu proti roz\u0161i\u0159ov\u00e1n\u00ed konfliktu, zejm\u00e9na s ohledem na humanit\u00e1rn\u00ed d\u016fsledky a riziko dal\u0161\u00ed region\u00e1ln\u00ed eskalace.<\/p>\n<p><strong>08.04.2026<\/strong>Situace v \u00edr\u00e1nsk\u00e9m konfliktu se na posledn\u00ed chv\u00edli p\u0159ekvapiv\u011b uklidnila: jen asi 90 minut p\u0159ed vypr\u0161en\u00edm ultim\u00e1ta, kter\u00e9 stanovil americk\u00fd prezident Donald Trump, se USA a \u00cdr\u00e1n dohodly na <a href=\"https:\/\/www.sueddeutsche.de\/politik\/die-lage-im-ueberblick-usa-und-iran-einigen-sich-auf-eine-waffenruhe-dpa.urn-newsml-dpa-com-20090101-260407-930-916831\" target=\"_blank\" rel=\"noopener\"><strong>po\u010d\u00e1te\u010dn\u00ed dvout\u00fddenn\u00ed p\u0159\u00edm\u011b\u0159\u00ed<\/strong><\/a>. T\u00edm se prozat\u00edm poda\u0159ilo odvr\u00e1tit hroz\u00edc\u00ed rozs\u00e1hlou vojenskou akci, a\u010dkoli p\u0159edt\u00edm zazn\u011bly drastick\u00e9 hrozby. Obrat z\u0159ejm\u011b vyvolala diplomatick\u00e1 zprost\u0159edkovatelsk\u00e1 iniciativa, mimo jin\u00e9 ze strany P\u00e1kist\u00e1nu, kter\u00e1 ob\u011b strany p\u0159esv\u011bd\u010dila, aby zah\u00e1jily rozhovory. Sou\u010d\u00e1st\u00ed dohody je do\u010dasn\u00e9 otev\u0159en\u00ed strategicky d\u016fle\u017eit\u00e9ho Hormuzsk\u00e9ho pr\u016flivu, co\u017e m\u011blo okam\u017eit\u00fd pozitivn\u00ed dopad na ceny ropy a finan\u010dn\u00ed trhy. Situace nicm\u00e9n\u011b z\u016fst\u00e1v\u00e1 k\u0159ehk\u00e1: p\u0159\u00edm\u011b\u0159\u00ed je pova\u017eov\u00e1no za do\u010dasn\u00e9 a podm\u00edn\u011bn\u00e9, zat\u00edmco dal\u0161\u00ed jedn\u00e1n\u00ed o trval\u00e9m \u0159e\u0161en\u00ed mus\u00ed teprve za\u010d\u00edt.<\/p>\n<p><strong>07.04.2026<\/strong>Eskalace konfliktu s \u00cdr\u00e1nem dos\u00e1hla nov\u00e9 r\u00e9torick\u00e9 \u00farovn\u011b: podle ned\u00e1vn\u00e9ho \u017eiv\u00e9ho blogu den\u00edku S\u00fcddeutsche Zeitung americk\u00fd prezident Donald Trump otev\u0159en\u011b vyhro\u017euje \u00edr\u00e1nsk\u00e9mu veden\u00ed \u00fapln\u00fdm zni\u010den\u00edm zem\u011b, pokud nebude reagovat na jeho po\u017eadavky. Trump doslova ozn\u00e1mil, \u017ee <a href=\"https:\/\/www.sueddeutsche.de\/politik\/iran-krieg-liveblog-news-oelkrise-iea-birol-li.3458356\" target=\"_blank\" rel=\"noopener\"><em><strong>\u201ednes v noci zem\u0159e cel\u00e1 civilizace\u201c<\/strong><\/em><\/a> pokud nedojde k dohod\u011b. Z\u00e1rove\u0148 vyv\u00edj\u00ed na Teher\u00e1n \u010dasov\u00fd tlak, zejm\u00e9na v souvislosti s blok\u00e1dou Hormuzsk\u00e9ho pr\u016flivu. Z\u00e1rove\u0148 se konkretizuj\u00ed vojensk\u00e9 hrozby: Kl\u00ed\u010dov\u00e1 infrastruktura, jako jsou elektr\u00e1rny a mosty, m\u016f\u017ee b\u00fdt b\u011bhem n\u011bkolika hodin zcela zni\u010dena.<\/p>\n<p><a href=\"https:\/\/truthsocial.com\/@realDonaldTrump\/posts\/116363336033995961\" target=\"_blank\" rel=\"noopener\"><img loading=\"lazy\" decoding=\"async\" class=\"alignnone wp-image-5645\" src=\"https:\/\/www.markus-schall.de\/wp-content\/uploads\/Donald-Trump-Iran-Civilization.jpg\" alt=\"\" width=\"528\" height=\"307\" srcset=\"https:\/\/www.markus-schall.de\/wp-content\/uploads\/Donald-Trump-Iran-Civilization.jpg 1056w, https:\/\/www.markus-schall.de\/wp-content\/uploads\/Donald-Trump-Iran-Civilization-300x174.jpg 300w, https:\/\/www.markus-schall.de\/wp-content\/uploads\/Donald-Trump-Iran-Civilization-1024x595.jpg 1024w, https:\/\/www.markus-schall.de\/wp-content\/uploads\/Donald-Trump-Iran-Civilization-768x447.jpg 768w, https:\/\/www.markus-schall.de\/wp-content\/uploads\/Donald-Trump-Iran-Civilization-18x10.jpg 18w\" sizes=\"auto, (max-width: 528px) 100vw, 528px\" \/><\/a><\/p>\n<p>Mezin\u00e1rodn\u00ed pozorovatel\u00e9 reaguj\u00ed se znepokojen\u00edm a varuj\u00ed p\u0159ed dal\u0161\u00ed eskalac\u00ed, kter\u00e1 by mohla p\u0159es\u00e1hnout hranice Bl\u00edzk\u00e9ho v\u00fdchodu. Energetick\u00e1 krize se ji\u017e tak\u00e9 v\u00fdrazn\u011b prohlubuje. Celkov\u011b to p\u016fsob\u00ed dojmem vysoce rizikov\u00e9 dynamiky, v n\u00ed\u017e jsou politick\u00e1 ultim\u00e1ta a vojensk\u00e9 mo\u017enosti \u00fazce propojeny.<\/p>\n<div class=\"lyte-wrapper\" style=\"width:640px;max-width:100%;margin:5px;\"><div class=\"lyMe\" id=\"WYL_guEVPUmLHro\"><div id=\"lyte_guEVPUmLHro\" data-src=\"https:\/\/www.markus-schall.de\/wp-content\/plugins\/wp-youtube-lyte\/lyteCache.php?origThumbUrl=%2F%2Fi.ytimg.com%2Fvi%2FguEVPUmLHro%2Fhqdefault.jpg\" class=\"pL\"><div class=\"tC\"><div class=\"tT\"><\/div><\/div><div class=\"play\"><\/div><div class=\"ctrl\"><div class=\"Lctrl\"><\/div><div class=\"Rctrl\"><\/div><\/div><\/div><noscript><a href=\"https:\/\/youtu.be\/guEVPUmLHro\" rel=\"nofollow noopener\" target=\"_blank\"><img loading=\"lazy\" decoding=\"async\" src=\"https:\/\/www.markus-schall.de\/wp-content\/plugins\/wp-youtube-lyte\/lyteCache.php?origThumbUrl=https%3A%2F%2Fi.ytimg.com%2Fvi%2FguEVPUmLHro%2F0.jpg\" alt=\"Miniatura videa na YouTube\" width=\"640\" height=\"340\" \/><br \/>Pod\u00edvejte se na toto video na YouTube<\/a><\/noscript><\/div><\/div><div class=\"lL\" style=\"max-width:100%;width:640px;margin:5px;\"><\/div><br \/>\nTrump zopakoval ultim\u00e1tum \u00cdr\u00e1nu a pohrozil zni\u010den\u00edm <a href=\"https:\/\/www.youtube.com\/@faz\" target=\"_blank\" rel=\"nofollow noopener\">faz<\/a><\/p>\n<p><strong>04.04.2026<\/strong>N\u011bmecko by v sou\u010dasn\u00e9m \u00edr\u00e1nsk\u00e9m konfliktu mohlo hr\u00e1t mnohem d\u016fle\u017eit\u011bj\u0161\u00ed roli, ne\u017e se na prvn\u00ed pohled zd\u00e1. <a href=\"https:\/\/www.t-online.de\/nachrichten\/deutschland\/militaer-verteidigung\/id_101196894\/iran-krieg-deutschland-koennte-trumps-krieg-empfindlich-stoeren.html\" target=\"_blank\" rel=\"noopener\"><strong>Zpr\u00e1va ukazuje<\/strong><\/a>, \u017ee centr\u00e1ln\u00ed vojensk\u00e1 infrastruktura na n\u011bmeck\u00e9m \u00fazem\u00ed - v\u010detn\u011b d\u016fle\u017eit\u00fdch americk\u00fdch z\u00e1kladen, jako je Ramstein - m\u00e1 kl\u00ed\u010dovou funkci pro americk\u00e9 operace na Bl\u00edzk\u00e9m v\u00fdchod\u011b. Bez logistick\u00e9 podpory, zpracov\u00e1n\u00ed dat a koordinace prost\u0159ednictv\u00edm t\u011bchto za\u0159\u00edzen\u00ed by bylo mnohem obt\u00ed\u017en\u011bj\u0161\u00ed realizovat mnoho operac\u00ed. Z\u00e1rove\u0148 to vytv\u00e1\u0159\u00ed oblast politick\u00e9ho nap\u011bt\u00ed: pokud by n\u011bmeck\u00e1 vl\u00e1da omezila vyu\u017e\u00edv\u00e1n\u00ed t\u00e9to infrastruktury, mohlo by to m\u00edt v\u00fdznamn\u00fd dopad na man\u00e9vrovac\u00ed prostor USA. N\u011bmecko se zat\u00edm ofici\u00e1ln\u011b dr\u017e\u00ed zp\u00e1tky s odkazem na alian\u010dn\u00ed z\u00e1vazky, ale z pr\u00e1vn\u00edho a politick\u00e9ho hlediska by byl z\u00e1sah p\u0159inejmen\u0161\u00edm mysliteln\u00fd. N\u011bmecko se tak dost\u00e1v\u00e1 do centra geopolitick\u00e9 dynamiky v\u00edce, ne\u017e se dosud zd\u00e1lo z ve\u0159ejn\u00e9 debaty. Konflikt tak znovu ukazuje, jak \u00fazce spolu souvis\u00ed vojensk\u00e1 infrastruktura, politick\u00e1 rozhodnut\u00ed a mezin\u00e1rodn\u00ed z\u00e1vislosti.<\/p>\n<div class=\"lyte-wrapper\" style=\"width:640px;max-width:100%;margin:5px;\"><div class=\"lyMe\" id=\"WYL_dAIHCKGsolw\"><div id=\"lyte_dAIHCKGsolw\" data-src=\"https:\/\/www.markus-schall.de\/wp-content\/plugins\/wp-youtube-lyte\/lyteCache.php?origThumbUrl=%2F%2Fi.ytimg.com%2Fvi%2FdAIHCKGsolw%2Fhqdefault.jpg\" class=\"pL\"><div class=\"tC\"><div class=\"tT\"><\/div><\/div><div class=\"play\"><\/div><div class=\"ctrl\"><div class=\"Lctrl\"><\/div><div class=\"Rctrl\"><\/div><\/div><\/div><noscript><a href=\"https:\/\/youtu.be\/dAIHCKGsolw\" rel=\"nofollow noopener\" target=\"_blank\"><img loading=\"lazy\" decoding=\"async\" src=\"https:\/\/www.markus-schall.de\/wp-content\/plugins\/wp-youtube-lyte\/lyteCache.php?origThumbUrl=https%3A%2F%2Fi.ytimg.com%2Fvi%2FdAIHCKGsolw%2F0.jpg\" alt=\"Miniatura videa na YouTube\" width=\"640\" height=\"340\" \/><br \/>Pod\u00edvejte se na toto video na YouTube<\/a><\/noscript><\/div><\/div><div class=\"lL\" style=\"max-width:100%;width:640px;margin:5px;\"><\/div><br \/>\nLeteck\u00e1 z\u00e1kladna Ramstein: Jakou roli hraje N\u011bmecko ve v\u00e1lce USA proti \u00cdr\u00e1nu? | <a href=\"https:\/\/www.youtube.com\/@dwnews\" target=\"_blank\" rel=\"nofollow noopener\">DW News<\/a><\/p>\n<p>Toto video osv\u011btluje roli leteck\u00e9 z\u00e1kladny Ramstein v sou\u010dasn\u00e9m konfliktu v \u00cdr\u00e1nu a ukazuje, jak z\u00e1sadn\u00ed roli hraje N\u011bmecko v americk\u00fdch vojensk\u00fdch operac\u00edch na Bl\u00edzk\u00e9m v\u00fdchod\u011b. Z Ramsteinu se koordinuj\u00ed operace, zpracov\u00e1vaj\u00ed data a \u0159\u00edd\u00ed logistick\u00e9 procesy. Z\u00e1rove\u0148 je z\u0159ejm\u00e9, \u017ee p\u0159\u00edtomnost americk\u00fdch ozbrojen\u00fdch sil je pro region ekonomicky d\u016fle\u017eit\u00e1, zat\u00edmco politicky z\u016fst\u00e1v\u00e1 st\u00e1le kontroverzn\u011bj\u0161\u00ed. Odborn\u00edci analyzuj\u00ed strategick\u00fd v\u00fdznam z\u00e1kladny pro NATO a USA - a ot\u00e1zky, kter\u00e9 z toho vypl\u00fdvaj\u00ed pro N\u011bmecko.<\/p>\n<hr \/>\n<h2>Noc n\u00e1raz\u016f v b\u0159eznu 2026<\/h2>\n<p>Kdy\u017e se pod\u00edv\u00e1te na to, co v posledn\u00edch noc\u00edch postihlo Izrael, okam\u017eit\u011b si uv\u011bdom\u00edte, \u017ee konflikt p\u0159ekro\u010dil hranice obvykl\u00fdch zvyklost\u00ed. Ano, Bl\u00edzk\u00fd v\u00fdchod je sudem st\u0159eln\u00e9ho prachu u\u017e des\u00edtky let - ale takov\u00e1 intenzita, takov\u00e1 masa kulek, kter\u00e9 v kr\u00e1tk\u00fdch intervalech pr\u0161\u00ed na izraelsk\u00e9 \u00fazem\u00ed, je n\u011bco jin\u00e9ho. Je to, jako by se cel\u00fd syst\u00e9m bezpe\u010dnostn\u00ed architektury najednou za\u010dal zadrh\u00e1vat.<\/p>\n<p>Zvl\u00e1\u0161t\u011b pozoruhodn\u00e9 je, \u017ee slavn\u00e1 \u017delezn\u00e1 kopule, kter\u00e1 je v z\u00e1padn\u00edch zpravodajsk\u00fdch relac\u00edch t\u00e9m\u011b\u0159 m\u00fdticky romantizov\u00e1na, nebyla v t\u011bchto hodin\u00e1ch t\u00e9m\u011b\u0159 vid\u011bt. M\u00e1lo z\u00e1chytn\u00fdch st\u0159el, sotva n\u011bjak\u00e9 tras\u00edrky, ale o to v\u00edce n\u00e1raz\u016f. Kdy\u017e obrann\u00fd syst\u00e9m, kter\u00fd byl po l\u00e9ta pova\u017eov\u00e1n za t\u00e9m\u011b\u0159 neomyln\u00fd, najednou vypad\u00e1 jako p\u0159et\u00ed\u017een\u00fd, nen\u00ed to jen vojensk\u00fd detail - je to geopolitick\u00fd sign\u00e1l.<\/p>\n<p>Tyto sn\u00edmky - nep\u0159ikr\u00e1\u0161len\u00e9, neupraven\u00e9, syrov\u00e9 - ve zpr\u00e1v\u00e1ch neuvid\u00edte. Ale utv\u00e1\u0159ej\u00ed pocit s\u00edly zem\u011b. A utv\u00e1\u0159ej\u00ed tak\u00e9 pocity t\u011bch, kte\u0159\u00ed je sleduj\u00ed. Je to druh vizu\u00e1ln\u00edho materi\u00e1lu, kter\u00fd zneklid\u0148uje cel\u00e9 spole\u010dnosti. Ne proto, \u017ee je nov\u00fd, ale proto, \u017ee byl dlouho potla\u010dov\u00e1n.<\/p>\n<h3>Pro\u010d je tato eskalace tak nebezpe\u010dn\u00e1<\/h3>\n<p>V minulosti samoz\u0159ejm\u011b doch\u00e1zelo k n\u00e1silnostem mezi Izraelem a \u00cdr\u00e1nem nebo skupinami ovl\u00e1dan\u00fdmi \u00cdr\u00e1nem. To nen\u00ed nic nov\u00e9ho. Co je v\u0161ak nyn\u00ed jin\u00e9, je kombinace t\u0159\u00ed faktor\u016f:<\/p>\n<ol>\n<li><strong>\u00cdr\u00e1n z\u00e1m\u011brn\u011b testuje hranice odolnosti Izraele<\/strong>. Ne selektivn\u011b, ale strategicky, v pr\u016fb\u011bhu t\u00fddn\u016f a m\u011bs\u00edc\u016f.<\/li>\n<li><strong>Izrael se nach\u00e1z\u00ed ve vnitropolitick\u00e9 krizi<\/strong>. Rozd\u011blen\u00e1 spole\u010dnost reaguje na vn\u011bj\u0161\u00ed hrozby st\u00e1le nep\u0159edv\u00eddateln\u011bji.<\/li>\n<li><strong>Mezin\u00e1rodn\u00ed ochrann\u00e9 mechanismy jsou slab\u0161\u00ed ne\u017e kdy d\u0159\u00edve<\/strong>. USA jsou sice vojensky p\u0159\u00edtomn\u00e9, ale politicky ochromen\u00e9. Evropa je stejn\u011b rozpt\u00fdlen\u00e1 a bezmocn\u00e1. \u010c\u00edna a Rusko sleduj\u00ed sv\u00e9 vlastn\u00ed programy.<\/li>\n<\/ol>\n<p>Kdy\u017e si tyto t\u0159i body spoj\u00edte dohromady, uv\u011bdom\u00edte si hloubku probl\u00e9mu: tento konflikt nen\u00ed pouh\u00fdm sporem mezi dv\u011bma st\u00e1ty. Jde o propojen\u00ed glob\u00e1ln\u00edch mocensk\u00fdch zm\u011bn.<\/p>\n<h3>Pro\u010d obvykl\u00e9 hl\u00e1\u0161en\u00ed selh\u00e1v\u00e1<\/h3>\n<p>V na\u0161ich m\u00e9di\u00edch se tento konflikt \u010dasto jev\u00ed jako vzd\u00e1len\u00fd, mo\u017en\u00e1 tragick\u00fd, ale jaksi \u201e\u0159\u00edzen\u00fd\u201c konflikt. Jako sou\u010d\u00e1st ve\u010dern\u00edch zpr\u00e1v, vlo\u017een\u00e1 mezi ekonomick\u00e9 zpr\u00e1vy a mapy po\u010das\u00ed. Drastick\u00e9 z\u00e1b\u011bry koluj\u00edc\u00ed po soci\u00e1ln\u00edch s\u00edt\u00edch se v nich neobjevuj\u00ed. No\u010dn\u00ed n\u00e1razy, ot\u0159esy, viditeln\u00e9 selh\u00e1n\u00ed obrany - to v\u0161e je zm\u00edrn\u011bno.<\/p>\n<ul>\n<li>Mo\u017en\u00e1 proto, \u017ee necht\u011bj\u00ed vyvol\u00e1vat paniku.<\/li>\n<li>Mo\u017en\u00e1 proto, \u017ee se m\u00e1 za to, \u017ee obyvatelstvo nen\u00ed dostate\u010dn\u011b odoln\u00e9.<\/li>\n<li>Ale mo\u017en\u00e1 je to tak\u00e9 proto, \u017ee vy sami podce\u0148ujete v\u00e1\u017enost situace.<\/li>\n<\/ul>\n<p>Nedostatek informac\u00ed nen\u00ed n\u00e1hoda. Je to riziko. Spole\u010dnosti, kter\u00e9 jsou informov\u00e1ny bez re\u00e1ln\u00e9ho z\u00e1kladu, instinktivn\u011b p\u0159ij\u00edmaj\u00ed \u0161patn\u00e1 politick\u00e1 rozhodnut\u00ed. A to je p\u0159esn\u011b to, co v sou\u010dasnosti za\u017e\u00edv\u00e1me: rostouc\u00ed neklid bez n\u00e1stroj\u016f, jak mu porozum\u011bt.<\/p>\n<h3>No\u010dn\u00ed \u00fatok, kter\u00fd zviditel\u0148uje zranitelnost<\/h3>\n<p>Toto video p\u016fsobiv\u011b ukazuje, jak prudce se m\u016f\u017ee situace na Bl\u00edzk\u00e9m v\u00fdchod\u011b vyhrotit. Mohutn\u00e1 raketov\u00e1 palba na Tel Aviv, doprov\u00e1zen\u00e1 kv\u00edlen\u00edm sir\u00e9n a v\u00fdbuchy na obloze, jasn\u011b ukazuje strategickou zranitelnost regionu. N\u011bkter\u00e9 z \u00fatok\u016f byly sice zachyceny, ale do m\u011bstsk\u00e9 oblasti dopadl dostatek projektil\u016f, kter\u00e9 zp\u016fsobily ob\u011bti na \u017eivotech a zna\u010dn\u00e9 \u0161kody.<\/p>\n<div class=\"lyte-wrapper\" style=\"width:640px;max-width:100%;margin:5px;\"><div class=\"lyMe\" id=\"WYL_rIeSkaYaPzA\"><div id=\"lyte_rIeSkaYaPzA\" data-src=\"https:\/\/www.markus-schall.de\/wp-content\/plugins\/wp-youtube-lyte\/lyteCache.php?origThumbUrl=%2F%2Fi.ytimg.com%2Fvi%2FrIeSkaYaPzA%2Fhqdefault.jpg\" class=\"pL\"><div class=\"tC\"><div class=\"tT\"><\/div><\/div><div class=\"play\"><\/div><div class=\"ctrl\"><div class=\"Lctrl\"><\/div><div class=\"Rctrl\"><\/div><\/div><\/div><noscript><a href=\"https:\/\/youtu.be\/rIeSkaYaPzA\" rel=\"nofollow noopener\" target=\"_blank\"><img loading=\"lazy\" decoding=\"async\" src=\"https:\/\/www.markus-schall.de\/wp-content\/plugins\/wp-youtube-lyte\/lyteCache.php?origThumbUrl=https%3A%2F%2Fi.ytimg.com%2Fvi%2FrIeSkaYaPzA%2F0.jpg\" alt=\"Miniatura videa na YouTube\" width=\"640\" height=\"340\" \/><br \/>Pod\u00edvejte se na toto video na YouTube<\/a><\/noscript><\/div><\/div><div class=\"lL\" style=\"max-width:100%;width:640px;margin:5px;\"><\/div><br \/>\nTel Avivem ot\u0159\u00e1s\u00e1 krupobit\u00ed \u00edr\u00e1nsk\u00fdch raket, sir\u00e9ny a v\u00fdbuchy | <a href=\"https:\/\/www.youtube.com\/@tribuntimur\" target=\"_blank\" rel=\"nofollow noopener\">Tribuna Timur<\/a><\/p>\n<p>Stejn\u00e9 sc\u00e9ny se ve videu n\u011bkolikr\u00e1t opakuj\u00ed. V tomto ohledu se nemus\u00ed nutn\u011b vyplatit sledovat cel\u00e9 video, ale i jeho \u010d\u00e1st poskytuje dojem ze situace na m\u00edst\u011b. B\u011bhem n\u011bkolika minut si miliony lid\u00ed uv\u011bdomily, jak tenk\u00e1 je bezpe\u010dnostn\u00ed linie. Pr\u00e1v\u011b tato sm\u011bs technick\u00e9ho p\u0159et\u00ed\u017een\u00ed a vysok\u00e9ho politick\u00e9ho tlaku vystihuje logiku eskalace na\u0161\u00ed doby.<\/p>\n<h3>N\u00e1vrat historie<\/h3>\n<p>Co m\u011b obzvl\u00e1\u0161\u0165 znepokojuje: V sou\u010dasn\u00e9 dob\u011b za\u017e\u00edv\u00e1me n\u00e1vrat konfliktu, o kter\u00e9m jsme si v Evrop\u011b mysleli, \u017ee jsme ho p\u0159ekonali. St\u00e1ty, kter\u00e9 si otev\u0159en\u011b vyhro\u017euj\u00ed. Jadern\u00e9 mocnosti, kter\u00e9 se navz\u00e1jem testuj\u00ed. Region\u00e1ln\u00ed mocnosti, kter\u00e9 napadaj\u00ed Z\u00e1pad na jeho nejcitliv\u011bj\u0161\u00edch m\u00edstech. To, \u010deho jsme sv\u011bdky, nen\u00ed n\u00e1hodn\u00fd v\u00fdbuch n\u00e1sil\u00ed - je to sou\u010d\u00e1st dlouhodob\u00e9 strategie, kter\u00e1 ji\u017e nehraje podle pravidel Z\u00e1padu.<\/p>\n<p>Historie se vrac\u00ed. A to s d\u016fslednost\u00ed, kterou mnoz\u00ed ne\u010dekali.<\/p>\n<p>V n\u011bkolika n\u00e1sleduj\u00edc\u00edch kapitol\u00e1ch bych v\u00e1m r\u00e1d uk\u00e1zal, co je na t\u00e9to eskalaci skute\u010dn\u011b nov\u00e9ho. Pro\u010d je Z\u00e1pad sotva schopen tento konflikt \u0159\u00eddit. Pro\u010d se Izrael a \u00cdr\u00e1n ocitly ve strategick\u00fdch kle\u0161t\u00edch, z nich\u017e se jim bude t\u011b\u017eko unikat. A pro\u010d medi\u00e1ln\u00ed vn\u00edm\u00e1n\u00ed situace neodr\u00e1\u017e\u00ed to, co se skute\u010dn\u011b d\u011bje.<\/p>\n<p>Pokud chcete pochopit, pro\u010d by tato krize mohla b\u00fdt p\u0159elomov\u00e1 - geopoliticky, z hlediska bezpe\u010dnostn\u00ed politiky a tak\u00e9 z hlediska m\u00e9di\u00ed - pak v\u00e1m n\u00e1sleduj\u00edc\u00ed kapitoly poslou\u017e\u00ed jako pom\u016fcka. Ne proto, \u017ee poskytuj\u00ed jednoduch\u00e9 odpov\u011bdi, ale proto, \u017ee zasazuj\u00ed v\u011bci do historick\u00e9ho kontextu. Nyn\u00ed se pono\u0159\u00edme do struktur, kter\u00e9 jsou z\u00e1kladem tohoto konfliktu. A uvid\u00edme, pro\u010d jsou tak nebezpe\u010dn\u00e9.<\/p>\n<h2>80 let z\u00e1padn\u00ed bezpe\u010dnostn\u00ed politiky a jej\u00ed eroze<\/h2>\n<p>Pokud chcete pochopit, pro\u010d je sou\u010dasn\u00fd konflikt mezi Izraelem a \u00cdr\u00e1nem ze strategick\u00e9ho hlediska tak v\u00fdbu\u0161n\u00fd, mus\u00edte si uv\u011bdomit jednu v\u011bc: Nevznikl n\u00e1hle. Je v\u00fdsledkem z\u00e1padn\u00ed bezpe\u010dnostn\u00ed politiky, kter\u00e1 se od roku 1945 st\u00e1le v\u00edce vzdaluje realit\u011b. A pr\u00e1v\u011b proto, \u017ee z\u00e1kladn\u00ed p\u0159edpoklady Z\u00e1padu jsou nyn\u00ed poprv\u00e9 po desetilet\u00edch otev\u0159en\u011b zpochyb\u0148ov\u00e1ny, stoj\u00ed za to se jasn\u011b pod\u00edvat do minulosti - nikoli nostalgicky, ale objas\u0148uj\u00edc\u00edm zp\u016fsobem.<\/p>\n<p>Mnoh\u00e1 dne\u0161n\u00ed chybn\u00e1 rozhodnut\u00ed jsou pochopiteln\u00e1 pouze tehdy, kdy\u017e si uv\u011bdom\u00edte, jak se po desetilet\u00ed vytv\u00e1\u0159el r\u00e1mec iluz\u00ed. A tento r\u00e1mec vznikl po druh\u00e9 sv\u011btov\u00e9 v\u00e1lce, ve sv\u011bt\u011b, kter\u00fd byl struktur\u00e1ln\u011b odli\u0161n\u00fd, ale kter\u00fd m\u00e1 st\u00e1le p\u0159ekvapiv\u011b mnoho intelektu\u00e1ln\u00edch paralel s dne\u0161kem.<\/p>\n<h3>Iluze stabiln\u00edho pov\u00e1le\u010dn\u00e9ho uspo\u0159\u00e1d\u00e1n\u00ed<\/h3>\n<p>Po roce 1945 vzniklo na Z\u00e1pad\u011b p\u0159esv\u011bd\u010den\u00ed, \u017ee stabiln\u00ed a p\u0159edv\u00eddateln\u00fd sv\u011bt lze vytvo\u0159it kombinac\u00ed ekonomick\u00e9 s\u00edly, vojensk\u00e9ho odstra\u0161en\u00ed a mor\u00e1ln\u00edch norem. USA - tehdy je\u0161t\u011b v roli nesporn\u00e9 supervelmoci - se ujaly role glob\u00e1ln\u00edho arbitra. Evropa se p\u0159izp\u016fsobila a byla r\u00e1da, \u017ee \u201e\u0161pinavou pr\u00e1ci\u201c v oblasti bezpe\u010dnosti d\u011bl\u00e1 n\u011bkdo jin\u00fd.<\/p>\n<p>Tento model fungoval \u00fa\u017easn\u011b dob\u0159e po cel\u00e1 desetilet\u00ed:<\/p>\n<ul>\n<li>Sov\u011btsk\u00fd svaz byl dr\u017een na uzd\u011b odstra\u0161en\u00edm.<\/li>\n<li>Arabsk\u00fd sv\u011bt z\u016fstal rozt\u0159\u00ed\u0161t\u011bn\u00fd.<\/li>\n<li>\u00cdr\u00e1n byl a\u017e do roku 1979 v z\u00e1padn\u00edm t\u00e1bo\u0159e.<\/li>\n<\/ul>\n<p>Pl\u00e1n byl jednoduch\u00fd: pokud budeme dostate\u010dn\u011b siln\u00ed, ostatn\u00ed z\u016fstanou p\u0159edv\u00eddateln\u00ed. Ale fungovalo to jen proto, \u017ee sv\u011bt tehdy nebyl tak propojen\u00fd jako dnes. A proto\u017ee Z\u00e1pad podce\u0148oval sv\u00e9 protivn\u00edky - co\u017e je tradice, kter\u00e1 p\u0159etrv\u00e1v\u00e1 dodnes.<\/p>\n<h3>Zlomov\u00e9 body: \u00cdr\u00e1n 1979 a nov\u00e1 realita<\/h3>\n<p>V\u0161e se zm\u011bnilo s isl\u00e1mskou revoluc\u00ed. \u00cdr\u00e1n se vymanil z vlivu Z\u00e1padu a za\u010dal budovat vlastn\u00ed \u0159\u00e1d - n\u00e1bo\u017eensk\u00fd, ideologick\u00fd i strategick\u00fd. Zat\u00edmco Evropa a USA doufaly, \u017ee se jedn\u00e1 o p\u0159echodnou f\u00e1zi, \u00cdr\u00e1n zah\u00e1jil svou desetilet\u00ed trvaj\u00edc\u00ed politiku \u201estrategick\u00e9 trp\u011blivosti\u201c, kter\u00e1 je dnes c\u00edtit v\u0161ude. Teprve zde se ukazuje, pro\u010d z\u00e1padn\u00ed perspektiva tak \u010dasto selh\u00e1v\u00e1:<\/p>\n<ul>\n<li>Pl\u00e1ny Z\u00e1padu v legislativn\u00edch obdob\u00edch.<\/li>\n<li>\u00cdr\u00e1n pl\u00e1nuje na generace.<\/li>\n<\/ul>\n<p>T\u00edm vznikla prvn\u00ed struktur\u00e1ln\u00ed nerovnov\u00e1ha, kter\u00e1 dnes hraje v konfliktu hlavn\u00ed roli.<\/p>\n<h3>Desetilet\u00ed p\u0159\u00edli\u0161n\u00e9 expanze: Ir\u00e1k, Afgh\u00e1nist\u00e1n, Libye, S\u00fdrie<\/h3>\n<p>Dal\u0161\u00ed velkou chybou bylo p\u0159esv\u011bd\u010den\u00ed, \u017ee geopolitick\u00e9 syst\u00e9my lze stabilizovat intervenc\u00ed. Pod\u00edvejte se na posledn\u00edch 30 let z\u00e1padn\u00ed zahrani\u010dn\u00ed politiky a pozn\u00e1te ur\u010dit\u00fd vzorec:<\/p>\n<ul>\n<li><strong>Afgh\u00e1nist\u00e1n<\/strong>20 let fungov\u00e1n\u00ed a T\u00e1lib\u00e1n se b\u011bhem n\u011bkolika dn\u00ed zmocn\u00ed zem\u011b.<\/li>\n<li><strong>Ir\u00e1k<\/strong>Re\u017eim byl svr\u017een, ale cel\u00e1 zem\u011b se pono\u0159ila do chaosu.<\/li>\n<li><strong>Libye<\/strong>\u201eHumanit\u00e1rn\u00ed intervence\u201c, kter\u00e1 destabilizovala severn\u00ed Afriku.<\/li>\n<li><strong>S\u00fdrie<\/strong>Z\u00e1stupn\u00e1 v\u00e1lka bez v\u00edt\u011bz\u016f - krom\u011b t\u011bch, kte\u0159\u00ed cht\u011bj\u00ed oslabit Z\u00e1pad.<\/li>\n<\/ul>\n<p>Ve v\u0161ech t\u011bchto p\u0159\u00edpadech si Z\u00e1pad myslel: \u201eMy v\u00edme, jak vytvo\u0159it stabilitu.\u201c A poka\u017ed\u00e9 se uk\u00e1zalo, \u017ee opak je pravdou. Dne\u0161n\u00ed ne\u0161t\u011bst\u00ed s \u00cdr\u00e1nem a Izraelem od toho nen\u00ed odtr\u017eeno. Je to souhrn t\u011bchto chyb, kter\u00fd se nyn\u00ed napl\u0148uje.<\/p>\n<h3>Pro\u010d se Z\u00e1pad p\u0159ece\u0148uje<\/h3>\n<p>To je d\u016fle\u017eit\u00fd bod, kter\u00fd se v klasick\u00fdch politick\u00fdch anal\u00fdz\u00e1ch t\u00e9m\u011b\u0159 neobjevuje: Z\u00e1pad dlouho pova\u017eoval sv\u00e9 vlastn\u00ed hodnoty za univerz\u00e1ln\u00ed. Demokracie, liberalismus, sekularismus - p\u0159edpokl\u00e1dalo se, \u017ee tyto pojmy by m\u011bly b\u00fdt celosv\u011btov\u011b samoz\u0159ejm\u00e9. A jen m\u00e1lo hlas\u016f upozor\u0148ovalo, \u017ee jin\u00e9 kultury maj\u00ed na moc, n\u00e1bo\u017eenstv\u00ed a st\u00e1t zcela odli\u0161n\u00fd pohled.<\/p>\n<p>\u00cdr\u00e1n je jednou ze zem\u00ed, kter\u00e1 to dokazuje nejz\u0159eteln\u011bji. Tamn\u00ed re\u017eim nen\u00ed iracion\u00e1ln\u00ed - je racion\u00e1ln\u00ed v r\u00e1mci sv\u00e9 vlastn\u00ed historick\u00e9 a n\u00e1bo\u017eensk\u00e9 logiky. A pr\u00e1v\u011b tuto racionalitu Z\u00e1pad nikdy po\u0159\u00e1dn\u011b nepochopil, proto\u017ee nezapadala do jeho vid\u011bn\u00ed sv\u011bta.<\/p>\n<p>K tomu se p\u0159idala v\u00edra v technologickou p\u0159evahu: bezpilotn\u00ed letouny, protiraketov\u00e1 obrana, kybernetick\u00e1 v\u00e1lka, sledovac\u00ed syst\u00e9my. V\u0161e se zd\u00e1lo b\u00fdt kontrolovateln\u00e9 - dokud se nep\u0159\u00edtel nenau\u010dil syst\u00e9my p\u0159et\u00ed\u017eit nebo obej\u00edt. No\u010dn\u00ed \u00fadery, kter\u00e9 vid\u00edme dnes, nejsou jen vojenskou akc\u00ed. Symbolizuj\u00ed skute\u010dnost, \u017ee z\u00e1padn\u00ed logika nad\u0159azenosti se hrout\u00ed.<\/p>\n<h3>D\u016fsledky: \u0158\u00e1d, kter\u00fd existuje pouze na pap\u00ed\u0159e<\/h3>\n<p>Sou\u010dasn\u00fd konflikt odhaluje t\u0159i z\u00e1kladn\u00ed slabiny z\u00e1padn\u00ed bezpe\u010dnostn\u00ed architektury:<\/p>\n<ul>\n<li><strong>Z\u00e1pad ji\u017e nedok\u00e1\u017ee zvl\u00e1dat konflikty<\/strong>. Dokonce i USA se sna\u017e\u00ed zastavit eskalaci, ani\u017e by se do n\u00ed samy nechaly zat\u00e1hnout.<\/li>\n<li><strong>Evropa byla z hlediska bezpe\u010dnostn\u00ed politiky vy\u0159azena z evidence.<\/strong>. Krom\u011b odvol\u00e1n\u00ed nep\u0159ich\u00e1z\u00ed nic. A v\u0161ichni hr\u00e1\u010di to v\u011bd\u00ed.<\/li>\n<li><strong>Nov\u00e9 s\u00edly se objevuj\u00ed s d\u016fv\u011brou<\/strong> - a u\u017e se nestaraj\u00ed o o\u010dek\u00e1v\u00e1n\u00ed Z\u00e1padu. To se t\u00fdk\u00e1 nejen \u010c\u00edny a Ruska, ale i region\u00e1ln\u00edch hr\u00e1\u010d\u016f, kte\u0159\u00ed by se d\u0159\u00edve neodv\u00e1\u017eili otev\u0159en\u011b provokovat.<\/li>\n<\/ul>\n<p>Stru\u010dn\u011b \u0159e\u010deno: star\u00fd \u0159\u00e1d existuje pouze v r\u00e9torice. Ve skute\u010dnosti nem\u00e1 t\u00e9m\u011b\u0159 \u017e\u00e1dnou v\u00e1hu.<\/p>\n<h3>Pro\u010d je toto historick\u00e9 pozad\u00ed z\u00e1sadn\u00ed<\/h3>\n<p>Pokud chcete pochopit drama sou\u010dasn\u00e9ho konfliktu, mus\u00edte si uv\u011bdomit, jak hluboko sah\u00e1 eroze z\u00e1padn\u00ed bezpe\u010dnostn\u00ed politiky. Bez tohoto pohledu v\u0161e vypad\u00e1 jako spont\u00e1nn\u00ed eskalace, ne\u0161\u0165astn\u00e1 shoda p\u0159ekvapiv\u00fdch ud\u00e1lost\u00ed. Ve skute\u010dnosti jde o logick\u00fd d\u016fsledek desetilet\u00ed chybn\u00fdch \u00fasudk\u016f.<\/p>\n<p>Konflikt mezi Izraelem a \u00cdr\u00e1nem je tak nebezpe\u010dn\u00fd, proto\u017ee je postaven na z\u00e1kladech, kter\u00e9 jsou ji\u017e popraskan\u00e9. A proto\u017ee mechanismy, kter\u00e9 d\u0159\u00edve zabra\u0148ovaly eskalaci, dnes t\u00e9m\u011b\u0159 nefunguj\u00ed.<\/p>\n<p>Pr\u00e1v\u011b tyto mechanismy budeme v n\u00e1sleduj\u00edc\u00edch kapitol\u00e1ch d\u00e1le rozeb\u00edrat - krok za krokem, abyste jasn\u011b pochopili, pro\u010d je tato krize v\u00edce ne\u017e jen region\u00e1ln\u00edm sporem. Je to testovac\u00ed p\u0159\u00edpad pro ot\u00e1zku, zda si Z\u00e1pad m\u016f\u017ee udr\u017eet svou roli ve sv\u011bt\u011b - nebo zda jsme ji\u017e vstoupili do nov\u00e9 \u00e9ry.<\/p>\n<p><img loading=\"lazy\" decoding=\"async\" class=\"alignnone wp-image-5218 size-large\" src=\"https:\/\/www.markus-schall.de\/wp-content\/uploads\/Israel-Iran-Strategischer-Albtraum-Erosion.jpg\" alt=\"Strategick\u00e1 eroze Z\u00e1padu\" width=\"1024\" height=\"683\" srcset=\"https:\/\/www.markus-schall.de\/wp-content\/uploads\/Israel-Iran-Strategischer-Albtraum-Erosion.jpg 1024w, https:\/\/www.markus-schall.de\/wp-content\/uploads\/Israel-Iran-Strategischer-Albtraum-Erosion-300x200.jpg 300w, https:\/\/www.markus-schall.de\/wp-content\/uploads\/Israel-Iran-Strategischer-Albtraum-Erosion-768x512.jpg 768w, https:\/\/www.markus-schall.de\/wp-content\/uploads\/Israel-Iran-Strategischer-Albtraum-Erosion-18x12.jpg 18w\" sizes=\"auto, (max-width: 1024px) 100vw, 1024px\" \/><\/p>\n<h2>\u00cdr\u00e1nsk\u00e1 logika moci: racionalita bez z\u00e1padn\u00ed racionality<\/h2>\n<p>Pokud chcete pochopit dne\u0161n\u00ed konflikt, mus\u00edte si nejprve uv\u011bdomit jednu v\u011bc: Veden\u00ed \u00cdr\u00e1nu nen\u00ed iracion\u00e1ln\u00ed. Pouze jedn\u00e1 v souladu s logikou, kterou na Z\u00e1pad\u011b m\u00e1lokdo ovl\u00e1d\u00e1 nebo je dokonce schopen rozpoznat. Re\u017eim neuva\u017euje v kategori\u00edch volebn\u00edch cykl\u016f, PR strategi\u00ed nebo kr\u00e1tkodob\u00fdch \u00fasp\u011bch\u016f. Uva\u017euje v dlouh\u00fdch lini\u00edch. Desetilet\u00ed, n\u011bkdy dokonce generace.<\/p>\n<p>Tato dlouhodob\u00e1 perspektiva je d\u016fvodem, pro\u010d je syst\u00e9m od roku 1979 stabiln\u00ed - navzdory sankc\u00edm, navzdory mezin\u00e1rodn\u00ed izolaci, navzdory ob\u010dasn\u00fdm protest\u016fm. Z\u00e1pad si stabilitu \u010dasto vykl\u00e1d\u00e1 jako tvrdohlavost nebo zaostalost. Ve skute\u010dnosti je to strategick\u00e1 trp\u011blivost. Osv\u011bd\u010den\u00fd princip vl\u00e1dnut\u00ed, kter\u00fd je hluboce zako\u0159en\u011bn v historick\u00e9m sebepojet\u00ed \u00edr\u00e1nsk\u00e9 elity.<\/p>\n<p>\u00cdr\u00e1nsk\u00e9 veden\u00ed nevyu\u017e\u00edv\u00e1 geopolitick\u00fdch zm\u011bn impulzivn\u011b, ale postupn\u011b. Ka\u017ed\u00e1 provokace je zasazena do \u0161ir\u0161\u00edho spektra c\u00edl\u016f: region\u00e1ln\u00ed dominance, ideologick\u00e1 stabilita, odstra\u0161en\u00ed od vn\u011bj\u0161\u00edch nep\u0159\u00e1tel a jasn\u00fd vzkaz vlastn\u00edmu obyvatelstvu. Pr\u00e1v\u011b tato sm\u011bs \u010din\u00ed re\u017eim pro z\u00e1padn\u00ed analytiky obt\u00ed\u017en\u011b vypo\u010ditateln\u00fdm, ale z vlastn\u00edho pohledu p\u0159ekvapiv\u011b stabiln\u00edm.<\/p>\n<h3>Re\u017eim a jeho obyvatel\u00e9: pro\u010d nepokoje nevedou k tomu, co Z\u00e1pad o\u010dek\u00e1v\u00e1<\/h3>\n<p>Jedn\u00edm z nejv\u011bt\u0161\u00edch omyl\u016f v z\u00e1padn\u00edm my\u0161len\u00ed je p\u0159edpokl\u00e1dat, \u017ee jak\u00e1koli viditeln\u00e1 nespokojenost v \u00cdr\u00e1nu mus\u00ed nevyhnuteln\u011b skon\u010dit zm\u011bnou re\u017eimu. Protesty v\u0161ak automaticky neznamenaj\u00ed revoluci. A dokonce ani revoluce - jak ukazuje historie - \u010dasto nekon\u010d\u00ed tam, kde by si Z\u00e1pad p\u0159\u00e1l.<\/p>\n<p>\u00cdr\u00e1n je zem\u011b s tis\u00edciletou kulturn\u00ed, n\u00e1bo\u017eenskou a n\u00e1rodn\u00ed zku\u0161enost\u00ed. Je to hlubok\u00fd p\u0159\u00edb\u011bh heteronomie, hrdosti a sebepotvrzen\u00ed. Mnoho \u00cdr\u00e1nc\u016f je sice nespokojeno s veden\u00edm zem\u011b, ale p\u0159ij\u00edmaj\u00ed realitu, v n\u00ed\u017e \u017eij\u00ed - \u010d\u00e1ste\u010dn\u011b proto, \u017ee alternativu vn\u00edmaj\u00ed jako m\u00e9n\u011b bezpe\u010dnou, chaoti\u010dt\u011bj\u0161\u00ed nebo nebezpe\u010dn\u011bj\u0161\u00ed.<\/p>\n<p>Pr\u00e1v\u011b to mnoz\u00ed z\u00e1padn\u00ed politici a m\u00e9dia podce\u0148uj\u00ed. \u00cdr\u00e1n nen\u00ed spole\u010dnost, kter\u00e1 \u010dek\u00e1 na \u201eosvobozen\u00ed\u201c zven\u010d\u00ed. Je to spole\u010dnost, kter\u00e1 prov\u00e1d\u00ed sv\u00e9 konflikty podle vlastn\u00ed logiky - n\u011bkdy eruptivn\u011b, \u010dasto potla\u010dovan\u011b, ale t\u00e9m\u011b\u0159 v\u017edy bez touhy orientovat se na z\u00e1padn\u00ed modely.<\/p>\n<p>Pokud se pak Z\u00e1pad sna\u017e\u00ed re\u017eim oslabit i p\u0159es absenci organick\u00fdch hnut\u00ed, \u010dasto dos\u00e1hne prav\u00e9ho opaku: syst\u00e9m uzav\u0159e sv\u00e9 \u0159ady, odvol\u00e1v\u00e1 se na n\u00e1rodn\u00ed d\u016fstojnost a m\u016f\u017ee vyu\u017e\u00edt vn\u011bj\u0161\u00ed hrozby jako zdroj legitimizace. Mechanismus, kter\u00fd spolehliv\u011b funguje od roku 1979. A pr\u00e1v\u011b proto je p\u0159\u00edm\u00e1 vn\u011bj\u0161\u00ed intervence kontraproduktivn\u00ed.<\/p>\n<h3>\u00cdr\u00e1n jako region\u00e1ln\u00ed mocnost s dlouhou \u0159adou<\/h3>\n<p>Pro interpretaci dne\u0161n\u00edho konfliktu je t\u0159eba pochopit, \u017ee \u00cdr\u00e1n u\u017e nen\u00ed jen jedn\u00edm z mnoha st\u00e1t\u016f. Je to region\u00e1ln\u00ed mocnost - politick\u00e1, vojensk\u00e1 i ideologick\u00e1. T\u00e9to role nedos\u00e1hl d\u00edky ekonomick\u00e9 s\u00edle, ale d\u00edky dlouhodob\u00e9 s\u00edti z\u00e1stupc\u016f a z\u00f3n vlivu.<\/p>\n<p>V Ir\u00e1ku, S\u00fdrii, Libanonu, Jemenu a dal\u0161\u00edch zem\u00edch \u00cdr\u00e1n p\u016fsob\u00ed prost\u0159ednictv\u00edm milic\u00ed, politick\u00fdch stran, n\u00e1bo\u017eensk\u00fdch instituc\u00ed a hospod\u00e1\u0159sk\u00fdch s\u00edt\u00ed. Tyto struktury pln\u00ed n\u011bkolik funkc\u00ed:<\/p>\n<ul>\n<li><strong>Odstra\u0161en\u00ed<\/strong>Izrael nebo USA v\u011bd\u00ed, \u017ee \u00fatok proti \u00cdr\u00e1nu by mohl vyvolat proti\u00fatok v n\u011bkolika zem\u00edch.<\/li>\n<li><strong>Projekce vlivu<\/strong>\u00cdr\u00e1n m\u016f\u017ee roz\u0161\u00ed\u0159it svou moc, ani\u017e by musel v\u00e9st otev\u0159enou v\u00e1lku.<\/li>\n<li><strong>Minimalizace n\u00e1klad\u016f<\/strong>Z\u00e1stupn\u00e9 boje jsou levn\u011bj\u0161\u00ed a politicky m\u00e9n\u011b riskantn\u00ed ne\u017e p\u0159\u00edm\u00e9 konflikty.<\/li>\n<\/ul>\n<p>Tato s\u00ed\u0165 zaji\u0161\u0165uje, \u017ee \u00cdr\u00e1n z\u016fst\u00e1v\u00e1 hr\u00e1\u010dem, kter\u00e9ho je t\u0159eba br\u00e1t v\u00e1\u017en\u011b, bez ohledu na jeho vlastn\u00ed hospod\u00e1\u0159skou situaci. Z\u00e1padn\u00ed pozorovatel\u00e9 to mohou pova\u017eovat za \u201edestabilizaci\u201c - pro Teher\u00e1n je to prost\u011b strategie p\u0159e\u017eit\u00ed.<\/p>\n<p>A pr\u00e1v\u011b v tom spo\u010d\u00edv\u00e1 nepochopen\u00ed z\u00e1padn\u00ed anal\u00fdzy: o\u010dek\u00e1v\u00e1 se, \u017ee hospod\u00e1\u0159sky slab\u00e1 zem\u011b je automaticky vojensky slab\u00e1. Region\u00e1ln\u00ed mocnost v\u0161ak nedefinuje svou s\u00edlu prost\u0159ednictv\u00edm prosperity, ale prost\u0159ednictv\u00edm geopolitick\u00e9ho vlivu. A \u00cdr\u00e1n tyto p\u00e1ky zdokonalil.<\/p>\n<h3>\u00cdr\u00e1n mimo titulky novin - pohled na ka\u017edodenn\u00ed \u017eivot a spole\u010dnost<\/h3>\n<p><a href=\"https:\/\/www.markus-schall.de\/cs\/2026\/01\/porozumeni-iranskemu-kazdodennimu-zivotu-protesty-a-zajmy-mimo-titulky-novin\/\"><img loading=\"lazy\" decoding=\"async\" class=\"alignright size-medium wp-image-4498\" src=\"https:\/\/www.markus-schall.de\/wp-content\/uploads\/Iran-Titel-300x200.jpg\" alt=\"Porozum\u011bn\u00ed \u00cdr\u00e1nu\" width=\"300\" height=\"200\" srcset=\"https:\/\/www.markus-schall.de\/wp-content\/uploads\/Iran-Titel-300x200.jpg 300w, https:\/\/www.markus-schall.de\/wp-content\/uploads\/Iran-Titel-768x512.jpg 768w, https:\/\/www.markus-schall.de\/wp-content\/uploads\/Iran-Titel-18x12.jpg 18w, https:\/\/www.markus-schall.de\/wp-content\/uploads\/Iran-Titel.jpg 1024w\" sizes=\"auto, (max-width: 300px) 100vw, 300px\" \/><\/a>Pokud chcete pochopit, pro\u010d je konflikt kolem \u00cdr\u00e1nu tak slo\u017eit\u00fd, m\u011bli byste nejprve ud\u011blat krok zp\u011bt a pod\u00edvat se bl\u00ed\u017ee na samotnou zemi. V m\u00e9m podrobn\u00e9m \u010dl\u00e1nku o pozad\u00ed <a href=\"https:\/\/www.markus-schall.de\/cs\/2026\/01\/porozumeni-iranskemu-kazdodennimu-zivotu-protesty-a-zajmy-mimo-titulky-novin\/\"><em><strong>\u201ePorozum\u011bn\u00ed \u00cdr\u00e1nu: \u201cJak poznat \u00cdr\u00e1n: ka\u017edodenn\u00ed \u017eivot, protesty a z\u00e1jmy mimo titulky novin\"<\/strong><\/em><\/a> je pr\u00e1v\u011b o tom: ne o raket\u00e1ch, jadern\u00fdch programech nebo geopolitick\u00fdch strategi\u00edch, ale o \u00cdr\u00e1nu jako spole\u010dnosti. Proto\u017ee m\u00e1lokter\u00e1 jin\u00e1 zem\u011b je tak siln\u011b charakterizov\u00e1na utkv\u011bl\u00fdmi p\u0159edstavami - obrazy n\u00e1bo\u017eensk\u00e9 vl\u00e1dy, protest\u016f a konflikt\u016f -, p\u0159esto\u017ee mnoho lid\u00ed tuto zemi nikdy na vlastn\u00ed k\u016f\u017ei neza\u017eilo. \u010cl\u00e1nek ukazuje, jak siln\u011b je vn\u00edm\u00e1n\u00ed charakterizov\u00e1no narativy a pro\u010d jsou ka\u017edodenn\u00ed \u017eivot, politick\u00e9 nap\u011bt\u00ed a mezin\u00e1rodn\u00ed z\u00e1jmy v \u00cdr\u00e1nu \u010dasto mnohem rozporupln\u011bj\u0161\u00ed, ne\u017e by se mohlo zd\u00e1t z prost\u00fdch titulk\u016f.<\/p>\n<h3>Z\u00e1pad nikdy nepochopil \u00edr\u00e1nskou strategii.<\/h3>\n<p>Hlavn\u00ed chybou z\u00e1padn\u00ed politiky v\u017edy bylo interpretovat \u00edr\u00e1nsk\u00e1 rozhodnut\u00ed z\u00e1padn\u00ed racionalitou. Veden\u00ed v Teher\u00e1nu se v\u0161ak \u0159\u00edd\u00ed zcela odli\u0161n\u00fdmi prioritami:<\/p>\n<ul>\n<li><strong>Zachov\u00e1n\u00ed re\u017eimu nade v\u0161e<\/strong>V\u0161e - opravdu v\u0161e - se m\u011b\u0159\u00ed podle toho, zda to posiluje nebo oslabuje stabilitu syst\u00e9mu.<\/li>\n<li><strong>Ideologick\u00e1 konzistence<\/strong>\u00cdr\u00e1n nem\u016f\u017ee ustoupit ve vnit\u0159n\u00ed politice, ani\u017e by po\u0161kodil sv\u016fj n\u00e1bo\u017eensk\u00fd a politick\u00fd obraz.<\/li>\n<li><strong>Dlouhodob\u00fd odstra\u0161uj\u00edc\u00ed \u00fa\u010dinek<\/strong>Re\u017eim, kter\u00fd se c\u00edt\u00ed b\u00fdt ohro\u017een Z\u00e1padem, mus\u00ed zv\u00fd\u0161it svou neohrozitelnost, nikoliv vyjedn\u00e1vat.<br \/>\nStrategick\u00e1 trp\u011blivost<\/li>\n<\/ul>\n<p>Zat\u00edmco z\u00e1padn\u00ed politici uva\u017euj\u00ed ve \u010dty\u0159let\u00fdch cyklech, \u00cdr\u00e1n pracuje na stejn\u00fdch c\u00edlech cel\u00e1 desetilet\u00ed. Tato struktura je opakem toho, co d\u011bl\u00e1 Evropa nebo USA. A to je d\u016fvod, pro\u010d se oba syst\u00e9my pravideln\u011b st\u0159et\u00e1vaj\u00ed, ani\u017e by si navz\u00e1jem rozum\u011bly.<\/p>\n<p>Sou\u010dasn\u00e1 eskalace mezi \u00cdr\u00e1nem a Izraelem nen\u00ed v\u00fdsledkem impulzivn\u00edho jedn\u00e1n\u00ed vl\u00e1dy. Je zakotvena ve strategick\u00e9 linii, kterou \u00cdr\u00e1n sleduje ji\u017e des\u00edtky let: roz\u0161i\u0159ov\u00e1n\u00ed vlivu v regionu, zvy\u0161ov\u00e1n\u00ed odstra\u0161uj\u00edc\u00edho \u00fa\u010dinku, vyv\u00edjen\u00ed tlaku na Izrael a vytla\u010dov\u00e1n\u00ed USA z regionu.<\/p>\n<p>V takov\u00e9 logice nen\u00ed t\u00e9m\u011b\u0159 \u017e\u00e1dn\u00fd prostor pro regresi. Pokud \u00cdr\u00e1n nyn\u00ed masivn\u011b rozmis\u0165uje rakety, nen\u00ed to proto, \u017ee by \u201eztr\u00e1cel nervy\u201c, ale proto, \u017ee chce upevnit sv\u00e9 postaven\u00ed - v regionu, v\u016f\u010di Z\u00e1padu i v\u016f\u010di vlastn\u00edmu obyvatelstvu. Pr\u00e1v\u011b to \u010din\u00ed tento konflikt tak nebezpe\u010dn\u00fdm: nen\u00ed improvizovan\u00fd. Je sou\u010d\u00e1st\u00ed strategick\u00e9ho pl\u00e1nu, kter\u00fd prob\u00edh\u00e1 ji\u017e n\u011bkolik let. A pr\u00e1v\u011b proto jej nelze jednodu\u0161e \u201evyjednat\u201c, \u201ezmrazit\u201c nebo \u201eukon\u010dit\u201c, jak by si p\u0159\u00e1ly z\u00e1padn\u00ed hlavn\u00ed m\u011bsta.<\/p>\n<p><img loading=\"lazy\" decoding=\"async\" class=\"alignnone size-large wp-image-5220\" src=\"https:\/\/www.markus-schall.de\/wp-content\/uploads\/Israel-Iran-Strategischer-Albtraum-Tel-Aviv.jpg\" alt=\"30 let alarmismu\" width=\"1024\" height=\"683\" srcset=\"https:\/\/www.markus-schall.de\/wp-content\/uploads\/Israel-Iran-Strategischer-Albtraum-Tel-Aviv.jpg 1024w, https:\/\/www.markus-schall.de\/wp-content\/uploads\/Israel-Iran-Strategischer-Albtraum-Tel-Aviv-300x200.jpg 300w, https:\/\/www.markus-schall.de\/wp-content\/uploads\/Israel-Iran-Strategischer-Albtraum-Tel-Aviv-768x512.jpg 768w, https:\/\/www.markus-schall.de\/wp-content\/uploads\/Israel-Iran-Strategischer-Albtraum-Tel-Aviv-18x12.jpg 18w\" sizes=\"auto, (max-width: 1024px) 100vw, 1024px\" \/><\/p>\n<h2>Netanjahu a 30 let alarmismu - Historie trval\u00e9ho varov\u00e1n\u00ed<\/h2>\n<p>Kdy\u017e se na to dnes pod\u00edv\u00e1me zp\u011btn\u011b, zd\u00e1 se to t\u00e9m\u011b\u0159 neskute\u010dn\u00e9: Benjamin Netanjahu od po\u010d\u00e1tku 90. let opakovan\u011b varoval p\u0159ed stejn\u00fdm nebezpe\u010d\u00edm - \u017ee \u00cdr\u00e1n je \u201ena pokraji\u201c v\u00fdroby jadern\u00e9 bomby. A poka\u017ed\u00e9 s dramatick\u00fdm podtextem, s grafy, s diagramy, v\u017edy se stejn\u00fdm poselstv\u00edm:<\/p>\n<blockquote><p><em>\u201eU\u017e je skoro \u010das, mus\u00edme jednat.\u201c<\/em><\/p><\/blockquote>\n<p>Tato varov\u00e1n\u00ed formovala celou izraelskou bezpe\u010dnostn\u00ed doktr\u00ednu. Ovlivnila politiku USA, evropskou diplomacii a mezin\u00e1rodn\u00ed vn\u00edm\u00e1n\u00ed \u00cdr\u00e1nu. Pozoruhodn\u00e9 v\u0161ak je, \u017ee tato varov\u00e1n\u00ed se opakovala po cel\u00e1 desetilet\u00ed - a rozhoduj\u00edc\u00ed okam\u017eik nikdy nenastal.<\/p>\n<p>To neznamen\u00e1, \u017ee \u00cdr\u00e1n je ne\u0161kodn\u00fd nebo neambici\u00f3zn\u00ed. Ale skute\u010dnost, \u017ee se stejn\u00e1 r\u00e9torika pou\u017e\u00edv\u00e1 ji\u017e 30 let, m\u00e1 strategick\u00fd vedlej\u0161\u00ed \u00fa\u010dinek: opot\u0159ebov\u00e1v\u00e1 se. P\u0159\u00edli\u0161 \u010dasto vyhla\u0161ovan\u00fd poplach ztr\u00e1c\u00ed sv\u016fj \u00fa\u010dinek. A to je pr\u00e1v\u011b jeden z d\u016fvod\u016f, pro\u010d je sou\u010dasn\u00e1 situace tak choulostiv\u00e1. Proto\u017ee pr\u00e1v\u011b ve chv\u00edli, kdy by se situace mohla poprv\u00e9 skute\u010dn\u011b vymknout kontrole, je d\u016fv\u011bryhodnost star\u00fdch popla\u0161n\u00fdch v\u00fdzev po\u0161kozena.<\/p>\n<p>Tato des\u00edtky let trvaj\u00edc\u00ed varovn\u00e1 politika nav\u00edc vedla k tomu, \u017ee Izrael st\u00e1le hloub\u011bji upad\u00e1 do logiky, v n\u00ed\u017e u\u017e nem\u016f\u017ee couvnout, ani\u017e by ztratil strategickou tv\u00e1\u0159. Kdo po desetilet\u00ed tvrd\u00ed: \u201eNep\u0159\u00edtel je na pokraji existen\u010dn\u00edho ohro\u017een\u00ed\u201c, nem\u016f\u017ee pozd\u011bji jednodu\u0161e zaujmout m\u00e9n\u011b konfronta\u010dn\u00ed postoj, ani\u017e by zpochybnil svou vlastn\u00ed politiku.<\/p>\n<div class=\"lyte-wrapper\" style=\"width:640px;max-width:100%;margin:5px;\"><div class=\"lyMe\" id=\"WYL_Mzmtdwsef8s\"><div id=\"lyte_Mzmtdwsef8s\" data-src=\"https:\/\/www.markus-schall.de\/wp-content\/plugins\/wp-youtube-lyte\/lyteCache.php?origThumbUrl=%2F%2Fi.ytimg.com%2Fvi%2FMzmtdwsef8s%2Fhqdefault.jpg\" class=\"pL\"><div class=\"tC\"><div class=\"tT\"><\/div><\/div><div class=\"play\"><\/div><div class=\"ctrl\"><div class=\"Lctrl\"><\/div><div class=\"Rctrl\"><\/div><\/div><\/div><noscript><a href=\"https:\/\/youtu.be\/Mzmtdwsef8s\" rel=\"nofollow noopener\" target=\"_blank\"><img loading=\"lazy\" decoding=\"async\" src=\"https:\/\/www.markus-schall.de\/wp-content\/plugins\/wp-youtube-lyte\/lyteCache.php?origThumbUrl=https%3A%2F%2Fi.ytimg.com%2Fvi%2FMzmtdwsef8s%2F0.jpg\" alt=\"Miniatura videa na YouTube\" width=\"640\" height=\"340\" \/><br \/>Pod\u00edvejte se na toto video na YouTube<\/a><\/noscript><\/div><\/div><div class=\"lL\" style=\"max-width:100%;width:640px;margin:5px;\"><\/div><br \/>\n33 let varov\u00e1n\u00ed Benjamina Netanjahua p\u0159ed \u00edr\u00e1nsk\u00fdm jadern\u00fdm programem | <a href=\"https:\/\/www.youtube.com\/@aljazeeraenglish\" target=\"_blank\" rel=\"nofollow noopener\">Al Jazeera English<\/a><\/p>\n<h3>Pro\u010d se tento alarmismus strategicky zvr\u00e1til<\/h3>\n<p>Alarmismus m\u016f\u017ee kr\u00e1tkodob\u011b p\u0159in\u00e9st politick\u00e9 v\u00fdhody. Vytv\u00e1\u0159\u00ed dom\u00e1c\u00ed politick\u00fd tlak, z\u00edsk\u00e1v\u00e1 podporu a ospravedl\u0148uje tvrd\u00e1 opat\u0159en\u00ed. Z dlouhodob\u00e9ho hlediska v\u0161ak vznik\u00e1 dal\u0161\u00ed probl\u00e9m: v ur\u010dit\u00e9m okam\u017eiku sv\u011bt p\u0159estane \u0159\u00e1dn\u011b naslouchat. V samotn\u00e9m Izraeli se alarmismus stal p\u0159\u00edmo institucionalizovan\u00fdm. Ale mimo zemi je jeho \u00fa\u010dinek st\u00e1le men\u0161\u00ed a men\u0161\u00ed.<\/p>\n<p>Hlavn\u00ed roli p\u0159itom hr\u00e1ly dva v\u00fdvojov\u00e9 trendy:<\/p>\n<ol>\n<li><strong>Z\u00e1pad se unavil<\/strong>V pr\u016fb\u011bhu let reagovalo mezin\u00e1rodn\u00ed spole\u010denstv\u00ed - p\u0159edev\u0161\u00edm USA a Evropa - na varov\u00e1n\u00ed st\u00e1le rutinn\u011bji: \u201e\u00cdr\u00e1n je na pokraji bomby\u201c se stalo prohl\u00e1\u0161en\u00edm, kter\u00e9 bylo br\u00e1no v\u00e1\u017en\u011b, ale ji\u017e nebylo klasifikov\u00e1no jako akutn\u00ed stav nouze. Vznikla tak situace, kdy Izrael o\u010dek\u00e1val n\u00e1tlak, ale Z\u00e1pad d\u00e1val p\u0159ednost diplomatick\u00e9mu d\u00e9tente.<\/li>\n<li><strong>\u00cdr\u00e1n se nau\u010dil \u017e\u00edt s alarmismem<\/strong>\u00cdr\u00e1nsk\u00fd re\u017eim se nenechal zastra\u0161it a dokonce za\u010dal varov\u00e1n\u00ed vyu\u017e\u00edvat. Pomohly \u00cdr\u00e1nu prezentovat se jako ob\u011b\u0165 z\u00e1padn\u00edho vm\u011b\u0161ov\u00e1n\u00ed. A motivovaly re\u017eim k roz\u0161i\u0159ov\u00e1n\u00ed sv\u00fdch region\u00e1ln\u00edch s\u00edt\u00ed - pr\u00e1v\u011b proto, aby zabr\u00e1nil Izraeli nebo USA v ur\u010dit\u00e9m okam\u017eiku skute\u010dn\u011b vojensky ude\u0159it.<\/li>\n<\/ol>\n<p>Alarmismus m\u011bl tedy paradoxn\u00ed \u00fa\u010dinek: nakonec pos\u00edlil ty, kter\u00e9 m\u011bl oslabit. Je\u0161t\u011b z\u00e1va\u017en\u011bj\u0161\u00ed je v\u0161ak n\u011bco jin\u00e9ho: neust\u00e1l\u00fdm opakov\u00e1n\u00edm ztratil Z\u00e1pad smysl pro skute\u010dn\u00e9 sign\u00e1ly eskalace. A pr\u00e1v\u011b to se mu nyn\u00ed vymstilo, kdy\u017e poprv\u00e9 po velmi dlouh\u00e9 dob\u011b nastala situace, kdy je hrozba skute\u010dn\u011b re\u00e1ln\u00e1, dynamick\u00e1 a akutn\u00ed.<\/p>\n<h3>Cena za 30 let politiky \u201ebomba p\u0159ijde brzy\u201c<\/h3>\n<p>Desetilet\u00ed r\u00e9toriky zp\u016fsobila dal\u0161\u00ed strategick\u00e9 \u0161kody: V\u00e1zala izraelskou politiku na linii, kter\u00e1 ponech\u00e1vala st\u00e1le men\u0161\u00ed man\u00e9vrovac\u00ed prostor. Pokud po desetilet\u00ed uji\u0161\u0165ujete lidi, \u017ee zabr\u00e1n\u00edte \u00cdr\u00e1nu, aby se stal schopn\u00fdm jadern\u00e9ho programu, pak v ur\u010dit\u00e9m okam\u017eiku existuj\u00ed pouze dv\u011b mo\u017enosti:<\/p>\n<ol>\n<li>Doraz\u00edte do c\u00edle.<\/li>\n<li>Jinak ztrat\u00edte svou odstra\u0161uj\u00edc\u00ed schopnost.<\/li>\n<\/ol>\n<p>Pr\u00e1v\u011b tato obt\u00ed\u017en\u00e1 situace charakterizuje dne\u0161n\u00ed eskalaci.<\/p>\n<h3>Zp\u0159\u00edsn\u011bn\u00ed dom\u00e1c\u00ed politiky<\/h3>\n<p>Netanjahu si b\u011bhem let vybudoval politickou kulturu, v n\u00ed\u017e byl jak\u00fdkoli n\u00e1znak uvoln\u011bn\u00ed vykl\u00e1d\u00e1n jako slabost. To vytvo\u0159ilo v Izraeli vnitropolitick\u00fd tlak o\u010dek\u00e1v\u00e1n\u00ed, kter\u00fd ponech\u00e1v\u00e1 jen mal\u00fd prostor pro diplomatick\u00e1 \u0159e\u0161en\u00ed. Spole\u010dnost byla postupn\u011b podm\u00edn\u011bna postojem, v n\u011bm\u017e je nekompromisn\u00ed s\u00edla pova\u017eov\u00e1na za jedin\u00e9 v\u00fdchodisko.<\/p>\n<p>Kv\u016fli trval\u00e9mu varov\u00e1n\u00ed se Izrael nyn\u00ed nach\u00e1z\u00ed v situaci, kdy je skute\u010dn\u00fd \u00edr\u00e1nsk\u00fd \u00fatok - k n\u011bmu\u017e nyn\u00ed doch\u00e1z\u00ed - automaticky pova\u017eov\u00e1n za potvrzen\u00ed des\u00edtky let star\u00e9ho p\u0159\u00edb\u011bhu. Ustoupit se zd\u00e1 b\u00fdt prakticky nemo\u017en\u00e9, proto\u017ee by to podkopalo cel\u00fd historick\u00fd argument. Izrael tak dnes stoj\u00ed p\u0159ed dilematem:<\/p>\n<ul>\n<li>Pokud jedn\u00e1 p\u0159\u00edli\u0161 v\u00e1hav\u011b, ztr\u00e1c\u00ed odstra\u0161uj\u00edc\u00ed \u00fa\u010dinek.<\/li>\n<li>Pokud jedn\u00e1 p\u0159\u00edli\u0161 tvrd\u011b, situace se vyost\u0159uje mimo kontrolu.<\/li>\n<\/ul>\n<p>Pr\u00e1v\u011b proto je sou\u010dasn\u00fd konflikt tak nebezpe\u010dn\u00fd: u\u017e nen\u00ed jen reakc\u00ed na \u00edr\u00e1nsk\u00e9 chov\u00e1n\u00ed. Je to v\u00fdsledek desetilet\u00ed trvaj\u00edc\u00edho sebeobvi\u0148ov\u00e1n\u00ed.<\/p>\n<h3>Mezin\u00e1rodn\u00ed \u00fanava<\/h3>\n<p>A pak je tu Z\u00e1pad. USA jsou politicky vy\u010derpan\u00e9, Evropa je z hlediska bezpe\u010dnostn\u00ed politiky paralyzovan\u00e1. Varov\u00e1n\u00ed Izraele jsou sice sly\u0161et, ale jeho schopnost je vysly\u0161et je omezen\u00e1. To znamen\u00e1, \u017ee i kdyby Izrael cht\u011bl eskalovat, nem\u016f\u017ee si ji\u017e b\u00fdt jist\u00fd, \u017ee Z\u00e1pad p\u0159ijme d\u016fsledky.<\/p>\n<p>To vede k tomu, \u017ee Izrael bude pravd\u011bpodobn\u011b reagovat tvrd\u011bji, ne\u017e by si Z\u00e1pad p\u0159\u00e1l - a z\u00e1rove\u0148 se mu dostane men\u0161\u00ed podpory, ne\u017e Izrael o\u010dek\u00e1v\u00e1. Strategick\u00e1 no\u010dn\u00ed m\u016fra pro ob\u011b strany.<\/p>\n<p>Anal\u00fdza Netanjahuova t\u0159icetilet\u00e9ho alarmismu nen\u00ed jen historickou odbo\u010dkou. M\u00e1 z\u00e1sadn\u00ed v\u00fdznam pro pochopen\u00ed dne\u0161n\u00ed dynamiky. Izrael se nach\u00e1z\u00ed v situaci, kdy nejedn\u00e1 pouze reaktivn\u011b, ale reaktivn\u011b v podm\u00ednk\u00e1ch, kter\u00e9 s\u00e1m po desetilet\u00ed vytv\u00e1\u0159el. \u00cdr\u00e1n to zase v\u00ed - a vyu\u017e\u00edv\u00e1 toho.<\/p>\n<p>Tato kapitola proto tvo\u0159\u00ed most k dal\u0161\u00edm \u010d\u00e1stem \u010dl\u00e1nku: jadern\u00e9 riziko, strategick\u00e1 slep\u00e1 uli\u010dka a ot\u00e1zka, jak se konflikt m\u016f\u017ee dostat do f\u00e1ze, kdy ani jasn\u00e1 rozhodnut\u00ed ji\u017e nezaru\u010duj\u00ed jasn\u00fd v\u00fdsledek.<\/p>\n<p><img loading=\"lazy\" decoding=\"async\" class=\"alignnone wp-image-5219 size-full\" src=\"https:\/\/www.markus-schall.de\/wp-content\/uploads\/Israel-Iran-Strategischer-Albtraum-Schach.jpg\" alt=\"Konflikt je no\u010dn\u00ed m\u016frou ka\u017ed\u00e9ho strat\u00e9ga\" width=\"1024\" height=\"683\" srcset=\"https:\/\/www.markus-schall.de\/wp-content\/uploads\/Israel-Iran-Strategischer-Albtraum-Schach.jpg 1024w, https:\/\/www.markus-schall.de\/wp-content\/uploads\/Israel-Iran-Strategischer-Albtraum-Schach-300x200.jpg 300w, https:\/\/www.markus-schall.de\/wp-content\/uploads\/Israel-Iran-Strategischer-Albtraum-Schach-768x512.jpg 768w, https:\/\/www.markus-schall.de\/wp-content\/uploads\/Israel-Iran-Strategischer-Albtraum-Schach-18x12.jpg 18w\" sizes=\"auto, (max-width: 1024px) 100vw, 1024px\" \/><\/p>\n<h2>Pro\u010d je tento konflikt no\u010dn\u00ed m\u016frou ka\u017ed\u00e9ho strat\u00e9ga?<\/h2>\n<p>Pokud se na sou\u010dasnou situaci pod\u00edv\u00e1te st\u0159\u00edzliv\u011b, rychle zjist\u00edte, \u017ee se Izrael ocitl v pasti bezpe\u010dnostn\u00ed politiky, kter\u00e1 se v modern\u00ed historii t\u00e9m\u011b\u0159 neopakovala. Ne proto, \u017ee by zem\u011b byla vojensky slab\u00e1 - naopak. Izrael m\u00e1 jednu z nejmodern\u011bj\u0161\u00edch arm\u00e1d na sv\u011bt\u011b, pr\u016fzkumn\u00e9 a p\u0159esn\u00e9 zbra\u0148ov\u00e9 syst\u00e9my a obrannou doktr\u00ednu, kter\u00e1 se praktikuje ji\u017e des\u00edtky let. Ale paradoxn\u011b pr\u00e1v\u011b tato s\u00edla je dnes sou\u010d\u00e1st\u00ed probl\u00e9mu.<\/p>\n<p>Existence Izraele je ohro\u017eena nikoliv abstraktn\u011b, ale re\u00e1ln\u011b. Raketov\u00e1 palba posledn\u00edch dn\u016f a t\u00fddn\u016f uk\u00e1zala, jak rychle se m\u016f\u017ee situace zvrtnout, kdy\u017e protivn\u00edk z\u00e1m\u011brn\u011b p\u0159et\u00ed\u017e\u00ed syst\u00e9m. \u017delezn\u00e1 kopule je p\u016fsobiv\u00e1 technologie, ale nen\u00ed nekone\u010dn\u011b odoln\u00e1. A ka\u017ed\u00fd z\u00e1sah, kter\u00fd projde skrz, nen\u00ed jen vojenskou ud\u00e1lost\u00ed, ale psychologick\u00fdm \u0161okem pro zemi, kter\u00e1 se na svou p\u0159evahu mohla spol\u00e9hat cel\u00e1 desetilet\u00ed. To vytv\u00e1\u0159\u00ed dvoj\u00ed dilema:<\/p>\n<ul>\n<li>Pokud bude Izrael reagovat p\u0159\u00edli\u0161 slab\u011b, ztrat\u00ed odstra\u0161uj\u00edc\u00ed \u00fa\u010dinek - jak uvnit\u0159, tak navenek.<\/li>\n<li>Pokud bude reagovat p\u0159\u00edli\u0161 tvrd\u011b, riskuje region\u00e1ln\u00ed eskalaci a dokonce sc\u00e9n\u00e1\u0159e, kter\u00e9 byly je\u0161t\u011b p\u0159ed ned\u00e1vnem nemysliteln\u00e9.<\/li>\n<\/ul>\n<p>V klasick\u00e9 bezpe\u010dnostn\u00ed politice se tomu \u0159\u00edk\u00e1 \u201earchitektura prohry a prohry\u201c: ka\u017ed\u00e1 cesta vede k nev\u00fdhod\u00e1m, ka\u017ed\u00fd krok je nep\u0159\u00edtelem p\u0159edv\u00edd\u00e1n a ka\u017ed\u00e9 vzd\u00e1n\u00ed se vypad\u00e1 jako slabost. P\u0159esn\u011b takov\u00e9 situace se strat\u00e9gov\u00e9 ob\u00e1vaj\u00ed, proto\u017ee neumo\u017e\u0148uje jasnou cestu postupu.<\/p>\n<h3>Dilema USA<\/h3>\n<p>Druh\u00fdm \u00fast\u0159edn\u00edm akt\u00e9rem tohoto konfliktu jsou Spojen\u00e9 st\u00e1ty. I zde se projevuje pozoruhodn\u00e1 strategick\u00e1 prov\u00e1zanost. USA se po desetilet\u00ed vman\u00e9vrovaly do role garanta bezpe\u010dnosti Izraele. Politicky, vojensky i r\u00e9toricky. T\u011b\u017eko se z n\u00ed mohou vr\u00e1tit, ani\u017e by ohrozily celou bezpe\u010dnostn\u00ed rovnov\u00e1hu na Bl\u00edzk\u00e9m v\u00fdchod\u011b - a z\u00e1rove\u0148 po\u0161kodily svou d\u016fv\u011bryhodnost ve sv\u011bt\u011b. USA jsou v\u0161ak dnes na tom stejn\u011b:<\/p>\n<ul>\n<li>politicky rozd\u011blen\u00e9,<\/li>\n<li>mezin\u00e1rodn\u011b p\u0159et\u00ed\u017een\u00e9,<\/li>\n<li>ekonomicky nemocn\u00fd,<\/li>\n<li>a bezpe\u010dnostn\u00ed politiku v n\u011bkolika regionech sou\u010dasn\u011b (Evropa, Indopacifik, Bl\u00edzk\u00fd v\u00fdchod).<\/li>\n<\/ul>\n<p>Toto p\u0159et\u00ed\u017een\u00ed znamen\u00e1, \u017ee Washington mus\u00ed d\u00e1t jasn\u011b najevo, \u017ee stoj\u00ed na stran\u011b Izraele - ale z\u00e1rove\u0148 se zoufale sna\u017e\u00ed vyhnout tomu, aby byl s\u00e1m zata\u017een do v\u00e1lky. V\u00fdsledkem je politika, kter\u00e1 se nezd\u00e1 b\u00fdt ani konzistentn\u00ed, ani jednozna\u010dn\u00e1. A pr\u00e1v\u011b tato nejasnost je p\u0159i geopolitick\u00e9 eskalaci velmi nebezpe\u010dn\u00e1. Pokud toti\u017e n\u011bkter\u00fd z velk\u00fdch hr\u00e1\u010d\u016f zav\u00e1h\u00e1, mus\u00ed men\u0161\u00ed hr\u00e1\u010d reagovat o to tvrd\u011bji, aby udr\u017eel svou vlastn\u00ed \u010dervenou linii d\u016fv\u011bryhodnou. To je dynamika, kterou nyn\u00ed poci\u0165uje Izrael a kter\u00e1 d\u00e1le omezuje jeho man\u00e9vrovac\u00ed prostor.<\/p>\n<p>Pro strat\u00e9gy to vytv\u00e1\u0159\u00ed sc\u00e9n\u00e1\u0159, v n\u011bm\u017e \u017e\u00e1dn\u00fd \u00fast\u0159edn\u00ed hr\u00e1\u010d nem\u016f\u017ee jednat skute\u010dn\u011b svobodn\u011b. A pr\u00e1v\u011b to zvy\u0161uje riziko nekontrolovateln\u00e9ho v\u00fdvoje.<\/p>\n<h3>Nejnebezpe\u010dn\u011bj\u0161\u00ed bod: kdy\u017e jedna strana v\u011b\u0159\u00ed, \u017ee u\u017e \u201enem\u00e1 na v\u00fdb\u011br\u201c.<\/h3>\n<p>V historii velk\u00fdch konflikt\u016f existuje jedna f\u00e1ze, kter\u00e1 je obzvl\u00e1\u0161t\u011b nebezpe\u010dn\u00e1: f\u00e1ze, kdy jsou akt\u00e9\u0159i p\u0159esv\u011bd\u010deni, \u017ee jejich mo\u017enosti jsou vy\u010derp\u00e1ny. Pokud se Izrael domn\u00edv\u00e1, \u017ee je ohro\u017eena jeho vlastn\u00ed existence a \u017ee diplomatick\u00e9 kan\u00e1ly ji\u017e nenab\u00edzej\u00ed \u017e\u00e1dnou jistotu, st\u00e1vaj\u00ed se mysliteln\u00fdmi opat\u0159en\u00ed, kter\u00e1 byla d\u0159\u00edve nemysliteln\u00e1.<\/p>\n<p>Tot\u00e9\u017e plat\u00ed pro \u00cdr\u00e1n. A pr\u00e1v\u011b to \u010din\u00ed situaci tak v\u00fdbu\u0161nou.<\/p>\n<p>Dal\u0161\u00ed f\u00e1ze eskalace nejsou mysliteln\u00e9 proto, \u017ee by akt\u00e9\u0159i byli iracion\u00e1ln\u00ed, ale proto, \u017ee se c\u00edt\u00ed racion\u00e1ln\u011b zahn\u00e1ni do kouta. Kdy\u017e dopadnou rakety, kdy\u017e se zm\u011bn\u00ed spole\u010densk\u00e1 n\u00e1lada, kdy\u017e vznikne pocit, \u017ee \u010das pracuje proti v\u00e1m, pak logiku politiky nahrad\u00ed logika hol\u00e9 bezpe\u010dnosti.<\/p>\n<p>To je okam\u017eik, kdy se konflikty st\u00e1vaj\u00ed nep\u0159edv\u00eddateln\u00fdmi. A pr\u00e1v\u011b zde se projevuje dynamika teorie her, kter\u00e1 znerv\u00f3z\u0148uje ka\u017ed\u00e9ho strat\u00e9ga:<\/p>\n<ul>\n<li>Ka\u017ed\u00fd \u010dek\u00e1, a\u017e se ten druh\u00fd vzd\u00e1.<\/li>\n<li>Nikdo nem\u016f\u017ee ustoupit, ani\u017e by ztratil tv\u00e1\u0159.<\/li>\n<li>Ka\u017ed\u00e9 zpo\u017ed\u011bn\u00ed vytv\u00e1\u0159\u00ed vnitropolitick\u00fd tlak.<\/li>\n<li>Ka\u017ed\u00e1 reakce je soupe\u0159em ch\u00e1p\u00e1na jako p\u0159edzv\u011bst \u00fatoku.<\/li>\n<\/ul>\n<p>To vytv\u00e1\u0159\u00ed spir\u00e1lu eskalace, kterou nikdo nem\u016f\u017ee zastavit, proto\u017ee ka\u017ed\u00fd krok protivn\u00edka je ch\u00e1p\u00e1n jako potvrzen\u00ed jeho vlastn\u00edch obav.<\/p>\n<h3>Kdy\u017e se odstra\u0161en\u00ed hrout\u00ed - a pro\u010d je to tak nebezpe\u010dn\u00e9<\/h3>\n<p>Odstra\u0161ov\u00e1n\u00ed funguje pouze tehdy, pokud ob\u011b strany v\u011b\u0159\u00ed, \u017ee druh\u00e1 strana reaguje racion\u00e1ln\u011b a chce se vyhnout eskalaci. V tomto konfliktu je v\u0161ak pr\u00e1v\u011b tento p\u0159edpoklad ohro\u017een.<\/p>\n<p>Izrael mus\u00ed prok\u00e1zat schopnost jednat, aby ochr\u00e1nil sv\u00e9 vlastn\u00ed obyvatelstvo. \u00cdr\u00e1n mus\u00ed uk\u00e1zat s\u00edlu, aby si zajistil svou region\u00e1ln\u00ed moc. Ani jeden z akt\u00e9r\u016f si nem\u016f\u017ee dovolit b\u00fdt slab\u00fd. A pr\u00e1v\u011b tato vz\u00e1jemn\u00e1 neslu\u010ditelnost vede k situaci, kdy ka\u017ed\u00fd krok - i obrann\u00fd - m\u016f\u017ee vypadat jako \u00fato\u010dn\u00e1 akce. Kdy\u017e odstra\u0161ov\u00e1n\u00ed ochabuje, vznik\u00e1 prostor pro nespr\u00e1vnou interpretaci:<\/p>\n<ul>\n<li>\u0160patn\u011b interpretovan\u00fd radarov\u00fd sn\u00edmek.<\/li>\n<li>P\u0159ehnan\u00fd politick\u00fd projev.<\/li>\n<li>Operace veden\u00e1 milic\u00ed, kter\u00e1 se nehod\u00ed ani jedn\u00e9 stran\u011b.<\/li>\n<li>Technick\u00e9 selh\u00e1n\u00ed v komunikaci.<\/li>\n<\/ul>\n<p>Pr\u00e1v\u011b takov\u00e9to okam\u017eiky byly v historii p\u0159\u00ed\u010dinou velk\u00fdch v\u00e1lek.<\/p>\n<h3>Sou\u010dasn\u00fd sc\u00e9n\u00e1\u0159 je klasickou no\u010dn\u00ed m\u016frou<\/h3>\n<p>D\u016fvod, pro\u010d strat\u00e9gov\u00e9 pova\u017euj\u00ed dne\u0161n\u00ed v\u00fdvoj za no\u010dn\u00ed m\u016fru, je p\u0159ekvapiv\u011b jednoduch\u00fd: v\u0161echny mechanismy stability, na kter\u00e9 se v posledn\u00edch 40 letech spol\u00e9halo, byly oslabeny.<\/p>\n<ul>\n<li>USA nejsou dostate\u010dn\u011b jasn\u00e9.<\/li>\n<li>Evropa je bezmocn\u00e1.<\/li>\n<li>Izrael je p\u0159et\u00ed\u017een jak uvnit\u0159, tak navenek.<\/li>\n<li>\u00cdr\u00e1n je sebev\u011bdom\u011bj\u0161\u00ed ne\u017e kdykoli p\u0159edt\u00edm.<\/li>\n<li>Rusko a \u010c\u00edna stoj\u00ed stranou - maj\u00ed vliv, ale ne\u0159\u00edd\u00ed d\u011bn\u00ed.<\/li>\n<\/ul>\n<p>To znamen\u00e1, \u017ee klasick\u00e9 brzdy ji\u017e nefunguj\u00ed. V takov\u00e9 situaci m\u016f\u017ee i mal\u00e1 akce vyvolat velk\u00e9 hnut\u00ed: \u00fatok, diplomatick\u00fd p\u0159ehmat, p\u0159ehnanou reakci nebo prost\u011b nedorozum\u011bn\u00ed.<\/p>\n<p>Region se proto nach\u00e1z\u00ed v bod\u011b, kdy se jak\u00fdkoli krok sm\u011brem k eskalaci zd\u00e1 b\u00fdt re\u00e1ln\u011bj\u0161\u00ed ne\u017e jak\u00fdkoli krok sm\u011brem k d\u00e9tente. A to je p\u0159esn\u011b ta struktur\u00e1ln\u00ed no\u010dn\u00ed m\u016fra, p\u0159ed kterou odborn\u00edci varuj\u00ed ji\u017e n\u011bkolik m\u011bs\u00edc\u016f.<\/p>\n<h3>Mezi nad\u011bj\u00ed a nebezpe\u010d\u00edm: zem\u011b ve stavu vnit\u0159n\u00ed nouze<\/h3>\n<p>Dojmy z tohoto videa ukazuj\u00ed \u00cdr\u00e1n, kter\u00fd je vnit\u0159n\u011b rozpolcen\u00fd: na ulic\u00edch se opatrn\u00e1 radost z mo\u017en\u00e9 politick\u00e9 zm\u011bny m\u00eds\u00ed s hlubok\u00fdm strachem z v\u0161udyp\u0159\u00edtomn\u00fdch bezpe\u010dnostn\u00edch slo\u017eek. Mnoho lid\u00ed douf\u00e1 v konec desetilet\u00ed \u00fatlaku, ale re\u017eim dr\u017e\u00ed zemi pohromad\u011b \u017eeleznou kontrolou - nyn\u00ed nav\u00edc p\u0159ekrytou bombardov\u00e1n\u00edm.<\/p>\n<div class=\"lyte-wrapper\" style=\"width:640px;max-width:100%;margin:5px;\"><div class=\"lyMe\" id=\"WYL_9B7ONOR_jSM\"><div id=\"lyte_9B7ONOR_jSM\" data-src=\"https:\/\/www.markus-schall.de\/wp-content\/plugins\/wp-youtube-lyte\/lyteCache.php?origThumbUrl=%2F%2Fi.ytimg.com%2Fvi%2F9B7ONOR_jSM%2Fhqdefault.jpg\" class=\"pL\"><div class=\"tC\"><div class=\"tT\"><\/div><\/div><div class=\"play\"><\/div><div class=\"ctrl\"><div class=\"Lctrl\"><\/div><div class=\"Rctrl\"><\/div><\/div><\/div><noscript><a href=\"https:\/\/youtu.be\/9B7ONOR_jSM\" rel=\"nofollow noopener\" target=\"_blank\"><img loading=\"lazy\" decoding=\"async\" src=\"https:\/\/www.markus-schall.de\/wp-content\/plugins\/wp-youtube-lyte\/lyteCache.php?origThumbUrl=https%3A%2F%2Fi.ytimg.com%2Fvi%2F9B7ONOR_jSM%2F0.jpg\" alt=\"Miniatura videa na YouTube\" width=\"640\" height=\"340\" \/><br \/>Pod\u00edvejte se na toto video na YouTube<\/a><\/noscript><\/div><\/div><div class=\"lL\" style=\"max-width:100%;width:640px;margin:5px;\"><\/div><br \/>\n\u00cdr\u00e1n: Prvn\u00ed dny t\u00e9to v\u00e1lky <a href=\"https:\/\/www.youtube.com\/@ARTEde\" target=\"_blank\" rel=\"nofollow noopener\">ARTE Report\u00e1\u017e<\/a><\/p>\n<p>Desetitis\u00edce \u00edr\u00e1nsk\u00fdch exulant\u016f v ir\u00e1ck\u00e9m Kurdist\u00e1nu z\u00e1rove\u0148 netrp\u011bliv\u011b \u010dekaj\u00ed na sv\u016fj n\u00e1vrat, zat\u00edmco re\u017eim rozv\u00edj\u00ed sv\u016fj vlastn\u00ed p\u0159\u00edb\u011bh. Nad\u011bje a represe jsou si bl\u00ed\u017ee ne\u017e kdykoli p\u0159edt\u00edm.<\/p>\n<h2>Jadern\u00e9 sc\u00e9n\u00e1\u0159e, kter\u00e9 byly d\u0159\u00edve nemysliteln\u00e9<\/h2>\n<p>Je\u0161t\u011b p\u0159ed n\u011bkolika lety by m\u00e1lokdo v\u00e1\u017en\u011b uva\u017eoval o mo\u017enosti pou\u017eit\u00ed taktick\u00fdch jadern\u00fdch zbran\u00ed na Bl\u00edzk\u00e9m v\u00fdchod\u011b. V\u011bt\u0161ina odborn\u00edk\u016f by to odm\u00edtla jako stra\u0161en\u00ed, teoretick\u00fd my\u0161lenkov\u00fd experiment bez praktick\u00e9ho v\u00fdznamu. Dnes se v\u0161ak nach\u00e1z\u00edme v situaci, kdy se o tomto t\u00e9matu nejen analyticky diskutuje, ale stalo se vojensko-strategickou realitou.<\/p>\n<p>D\u016fvod\u016f je mnoho. Zaprv\u00e9 je to d\u00e1no zvl\u00e1\u0161tn\u00ed situac\u00ed Izraele: mal\u00e1 zem\u011b, hust\u011b os\u00eddlen\u00e1, obklopen\u00e1 nep\u0159\u00e1teli se st\u00e1le vysp\u011blej\u0161\u00ed raketovou a bezpilotn\u00ed technologi\u00ed. Kdy\u017e st\u00e1t c\u00edt\u00ed, \u017ee je jeho existence fyzicky ohro\u017eena, a konven\u010dn\u00ed prost\u0159edky dosahuj\u00ed sv\u00fdch mez\u00ed, pak se opat\u0159en\u00ed, kter\u00e1 byla d\u0159\u00edve tabu, p\u0159esouvaj\u00ed do oblasti mysliteln\u00e9ho.<\/p>\n<p>A pak je tu \u00cdr\u00e1n. Zem\u011b, kter\u00e1 m\u00e1 zcela odli\u0161nou bezpe\u010dnostn\u00ed kulturu a jej\u00ed\u017e region\u00e1ln\u00ed snaha o z\u00edsk\u00e1n\u00ed moci je otev\u0159en\u011b zam\u011b\u0159ena na politick\u00e9, psychologick\u00e9 a vojensk\u00e9 podkop\u00e1n\u00ed Izraele. V posledn\u00edch letech \u00cdr\u00e1n nejen masivn\u011b roz\u0161\u00ed\u0159il sv\u00e9 balistick\u00e9 syst\u00e9my, ale tak\u00e9 pos\u00edlil s\u00ed\u0165 sv\u00fdch z\u00e1stupn\u00fdch skupin do t\u00e9 m\u00edry, \u017ee konven\u010dn\u00ed odstra\u0161en\u00ed je st\u00e1le m\u00e9n\u011b \u00fa\u010dinn\u00e9.<\/p>\n<p>Tato kombinace vede ke geopolitick\u00e9mu klimatu, v n\u011bm\u017e pad\u00e1 hranice nemysliteln\u00e9ho. To neznamen\u00e1, \u017ee pou\u017eit\u00ed jadern\u00fdch zbran\u00ed je pravd\u011bpodobn\u00e9 - ale u\u017e nen\u00ed nemysliteln\u00e9. A tato skute\u010dnost sama o sob\u011b m\u011bn\u00ed celou dynamiku.<\/p>\n<h3>Domino efekt: Kdy\u017e spadne bomba<\/h3>\n<p>Kdy\u017e mluv\u00edme o jadern\u00fdch sc\u00e9n\u00e1\u0159\u00edch, nesm\u00edme b\u00fdt naivn\u00ed. Pou\u017eit\u00ed taktick\u00e9 jadern\u00e9 zbran\u011b - bez ohledu na to, na kter\u00e9 stran\u011b - by ot\u0159\u00e1slo celou architekturou mezin\u00e1rodn\u00ed bezpe\u010dnosti.<\/p>\n<p>To se net\u00fdk\u00e1 jen Izraele a \u00cdr\u00e1nu. T\u00fdk\u00e1 se to cel\u00e9ho regionu a nav\u00edc ka\u017ed\u00e9ho st\u00e1tu, kter\u00fd je s konfliktem jakkoli spojen.<\/p>\n<h3>Bezprost\u0159edn\u00ed reakce \u00cdr\u00e1nu<\/h3>\n<p>Jadern\u00fd \u00fader na \u00edr\u00e1nsk\u00e9 \u00fazem\u00ed by byl ud\u00e1lost\u00ed, kter\u00e1 by re\u017eim v Teher\u00e1nu vnit\u0159n\u011b stabilizovala - nikoliv oslabila. Jak\u00e1koli opozice by n\u00e1hle utichla. Veden\u00ed by mohlo v\u0161echna vojensk\u00e1 opat\u0159en\u00ed, bez ohledu na to, jak dalekos\u00e1hl\u00e1, legitimizovat jako \u201eobranu vlasti\u201c. A pravd\u011bpodobn\u011b by m\u011blo silnou dom\u00e1c\u00ed politickou podporu.<\/p>\n<p>\u00cdr\u00e1n by se pokusil okam\u017eit\u011b a masivn\u011b ude\u0159it. Mohl by k tomu pou\u017e\u00edt rakety, bezpilotn\u00ed letouny nebo milice - podle toho, kter\u00e9 prost\u0159edky by byly po takov\u00e9m \u00faderu je\u0161t\u011b funk\u010dn\u00ed. Druh\u00fd, t\u0159et\u00ed a \u010dtvrt\u00fd \u00fatok nelze vylou\u010dit, proto\u017ee Teher\u00e1n si nem\u016f\u017ee dovolit vypadat jako pora\u017een\u00fd nebo zastra\u0161en\u00fd.<\/p>\n<h3>\u00daloha P\u00e1kist\u00e1nu<\/h3>\n<p>Zde se sc\u00e9n\u00e1\u0159 st\u00e1v\u00e1 glob\u00e1ln\u00edm. P\u00e1kist\u00e1n je jadern\u00e1 mocnost s \u00fazk\u00fdmi n\u00e1bo\u017eensk\u00fdmi a kulturn\u00edmi vazbami na isl\u00e1msk\u00fd sv\u011bt. \u00datok na muslimskou zemi s jadernou zbran\u00ed - i kdyby byl vojensky omezen\u00fd - by na p\u00e1kist\u00e1nskou vl\u00e1du vyvinul obrovsk\u00fd tlak.<\/p>\n<p>Reagoval by P\u00e1kist\u00e1n skute\u010dn\u011b jadern\u00fdmi zbran\u011bmi? Velmi nepravd\u011bpodobn\u011b - proto\u017ee by to pro zemi znamenalo sebevra\u017edu. Ale: r\u00e9torick\u00e1 eskalace by byla obrovsk\u00e1. Arm\u00e1da by mohla b\u00fdt mobilizov\u00e1na. A samotn\u00e1 hrozba by situaci dramaticky zhor\u0161ila.<\/p>\n<h3>Arabsk\u00e9 st\u00e1ty<\/h3>\n<p>Sa\u00fadsk\u00e1 Ar\u00e1bie, Spojen\u00e9 arabsk\u00e9 emir\u00e1ty, Katar - ty v\u0161echny by se ocitly v obt\u00ed\u017en\u00e9 situaci. Mnoh\u00e9 z nich s Izraelem skryt\u011b nebo otev\u0159en\u011b spolupracuj\u00ed, ale jadern\u00fd \u00fader proti muslimsk\u00e9 zemi by vyvolal vlnu emoc\u00ed, kter\u00e1 by jejich vl\u00e1dy dostala pod obrovsk\u00fd tlak. Byly by nuceny se k tomu ve\u0159ejn\u011b postavit, i kdy\u017e by se tomu strategicky rad\u011bji vyhnuly.<\/p>\n<h3>Z\u00e1pad<\/h3>\n<p>Pou\u017eit\u00ed jadern\u00fdch zbran\u00ed Izraelem by uvrhlo USA a Evropu do hlubok\u00e9ho dilematu. Nemohly by tuto akci otev\u0159en\u011b podpo\u0159it, ani\u017e by ztratily ve\u0161ker\u00fd sv\u016fj mor\u00e1ln\u00ed z\u00e1klad - ale nemohly by ji ani jasn\u011b odsoudit, ani\u017e by zni\u010dily svou linii bezpe\u010dnostn\u00ed politiky. Z\u00e1pad by byl ochromen.<\/p>\n<p>A pr\u00e1v\u011b to je v p\u0159\u00edpad\u011b jadern\u00e9 krize nejnebezpe\u010dn\u011bj\u0161\u00ed pozice.<\/p>\n<h3>Co dnes mohou velk\u00e9 mocnosti skute\u010dn\u011b kontrolovat - a co ne<\/h3>\n<p>Dlouhou dobu p\u0159evl\u00e1dala p\u0159edstava, \u017ee velmoci - USA, Rusko a \u010c\u00edna - jsou schopny stabilizovat nebo alespo\u0148 omezit region\u00e1ln\u00ed konflikty. Sou\u010dasn\u00e1 situace v\u0161ak jasn\u011b ukazuje, \u017ee tento vliv ji\u017e nen\u00ed takov\u00fd, jak\u00fd b\u00fdval.<\/p>\n<ul>\n<li><strong>USA<\/strong>Spojen\u00e9 st\u00e1ty se nach\u00e1zej\u00ed ve stavu geopolitick\u00e9ho p\u0159et\u00ed\u017een\u00ed. Mus\u00ed sou\u010dasn\u011b stabilizovat Evropu, zadr\u017eovat \u010c\u00ednu a dohl\u00ed\u017eet na Bl\u00edzk\u00fd v\u00fdchod. Jejich schopnost zastavit Izrael nebo omezit \u00cdr\u00e1n je omezen\u00e1. Mohou radit, varovat a vyhro\u017eovat - ale nemohou diktovat rozhodnut\u00ed region\u00e1ln\u00edm hr\u00e1\u010d\u016fm.<\/li>\n<li><strong>Rusko<\/strong>Moskva m\u011bla v minulosti vliv na \u00cdr\u00e1n, ale dnes jsou z\u00e1vislosti oboustrann\u00e9. Rusko pot\u0159ebuje \u00edr\u00e1nskou technologii pro bezpilotn\u00ed letadla a politickou podporu. M\u016f\u017ee \u00cdr\u00e1nu d\u00e1vat doporu\u010den\u00ed, ale ne p\u0159\u00edkazy. Jadern\u00fd \u00fader by v Moskv\u011b spustil poplach, ale Rusko by mu nemohlo zabr\u00e1nit ani \u00fa\u010dinn\u011b reagovat.<\/li>\n<li><strong>\u010c\u00edna<\/strong>\u010c\u00edna m\u00e1 jin\u00e9 priority: hospod\u00e1\u0159skou stabilitu, koridory Hedv\u00e1bn\u00e9 stezky, dod\u00e1vky energie. Peking si nep\u0159eje eskalaci - ale nebude riskovat otev\u0159en\u00fd odpor v\u016f\u010di \u00cdr\u00e1nu. \u010c\u00ednsk\u00fd vliv spo\u010d\u00edv\u00e1 p\u0159edev\u0161\u00edm v diplomatick\u00e9 zdr\u017eenlivosti, nikoli ve strategick\u00e9 kontrole.<\/li>\n<\/ul>\n<p>V\u00fdsledek: poprv\u00e9 po desetilet\u00edch se ocit\u00e1me ve sv\u011bt\u011b, kde \u017e\u00e1dn\u00e1 z velmoc\u00ed nem\u00e1 dostate\u010dn\u00fd vliv, aby bezpe\u010dn\u011b zabr\u00e1nila jadern\u00e9 eskalaci. To neznamen\u00e1, \u017ee eskalace je pravd\u011bpodobn\u00e1 - ale je mo\u017en\u00e1. A to sta\u010d\u00ed k tomu, aby se cel\u00e1 geopolitick\u00e1 struktura stala nestabiln\u00ed.<\/p>\n<p><img loading=\"lazy\" decoding=\"async\" class=\"alignnone wp-image-5221 size-full\" src=\"https:\/\/www.markus-schall.de\/wp-content\/uploads\/Israel-Iran-Strategischer-Albtraum-Medien.jpg\" alt=\"\u00daloha m\u00e9di\u00ed\" width=\"1024\" height=\"683\" srcset=\"https:\/\/www.markus-schall.de\/wp-content\/uploads\/Israel-Iran-Strategischer-Albtraum-Medien.jpg 1024w, https:\/\/www.markus-schall.de\/wp-content\/uploads\/Israel-Iran-Strategischer-Albtraum-Medien-300x200.jpg 300w, https:\/\/www.markus-schall.de\/wp-content\/uploads\/Israel-Iran-Strategischer-Albtraum-Medien-768x512.jpg 768w, https:\/\/www.markus-schall.de\/wp-content\/uploads\/Israel-Iran-Strategischer-Albtraum-Medien-18x12.jpg 18w\" sizes=\"auto, (max-width: 1024px) 100vw, 1024px\" \/><\/p>\n<h2>\u00daloha m\u00e9di\u00ed: nedostatek informac\u00ed jako bezpe\u010dnostn\u00ed riziko<\/h2>\n<p>Pokud chcete pochopit, pro\u010d tolik lid\u00ed v Evrop\u011b, a zejm\u00e9na v N\u011bmecku, nedok\u00e1\u017ee pochopit v\u00e1\u017enost sou\u010dasn\u00e9 situace, pak se mus\u00edte pod\u00edvat na zp\u016fsob, jak\u00fdm funguj\u00ed z\u00e1padn\u00ed m\u00e9dia. Ne ve smyslu konspirativn\u00ed kritiky, ale st\u0159\u00edzliv\u011b: na\u0161e m\u00e9dia tradi\u010dn\u011b pracuj\u00ed s filtrem, kter\u00fd m\u00e1 obyvatelstvo uklidnit, m\u00edsto aby je konfrontoval s plnou silou reality.<\/p>\n<p>Tato z\u00e1sada m\u00e1 historick\u00e9 ko\u0159eny. Po desetilet\u00ed se st\u00e1tn\u00ed i velk\u00e9 soukrom\u00e9 medi\u00e1ln\u00ed spole\u010dnosti sna\u017eily prezentovat konflikty strukturovan\u011b, spo\u0159\u00e1dan\u011b a tak, aby vyvol\u00e1valy co nejmen\u0161\u00ed obavy z eskalace. Zpr\u00e1vy by m\u011bly informovat, ale ne ohromovat. M\u011bly by vysv\u011btlovat, ale ne traumatizovat. A v\u017edy by m\u011bly vyvol\u00e1vat dojem, \u017ee politick\u00e9 instituce maj\u00ed \u201ev\u0161e pod kontrolou\u201c.<\/p>\n<p>Probl\u00e9m je v tom, \u017ee: V situaci, jako je ta sou\u010dasn\u00e1, je to pr\u00e1v\u011b tento postoj, kter\u00fd d\u00e1v\u00e1 lidem fale\u0161n\u00fd obraz reality. Kdy\u017e se no\u010dn\u00ed raketov\u00e9 \u00fatoky, masivn\u00ed \u00fadery, p\u0159et\u00ed\u017een\u00ed obrann\u00fdch syst\u00e9m\u016f a sign\u00e1ly geopolitick\u00e9 eskalace shrnou do t\u0159\u00edminutov\u00e9 zpr\u00e1vy, vznik\u00e1 mezi skute\u010dnou situac\u00ed a pov\u011bdom\u00edm ve\u0159ejnosti nebezpe\u010dn\u00e9 vakuum.<\/p>\n<p>A toto vakuum nen\u00ed ne\u0161kodn\u00e9. Ovliv\u0148uje politick\u00e1 rozhodnut\u00ed, demokratick\u00e9 debaty, spole\u010densk\u00e9 priority - a nakonec i schopnost zem\u011b br\u00e1t krize v\u00e1\u017en\u011b d\u0159\u00edve, ne\u017e k n\u00ed dojde.<\/p>\n<h3>Skute\u010dn\u00e9 obr\u00e1zky, kter\u00e9 nejsou zobrazeny<\/h3>\n<p>Existuje z\u0159eteln\u00fd rozd\u00edl mezi t\u00edm, co lid\u00e9 vid\u00ed na soci\u00e1ln\u00edch s\u00edt\u00edch, a t\u00edm, co ukazuj\u00ed tradi\u010dn\u00ed m\u00e9dia. Zat\u00edmco na internetu koluj\u00ed nefiltrovan\u00e1 videa \u00fader\u016f, raketov\u00e9 palby a ni\u010den\u00ed, z\u00e1b\u011bry v tradi\u010dn\u00edch zpravodajsk\u00fdch po\u0159adech \u010dasto vypadaj\u00ed jako abstrahovan\u00e9 ilustrace \u00fadajn\u011b kontrolovan\u00e9 situace. D\u016fvod\u016f je cel\u00e1 \u0159ada:<\/p>\n<ul>\n<li><strong>Upozorn\u011bn\u00ed redakce<\/strong>Z\u00e1b\u011bry se siln\u00fdm emocion\u00e1ln\u00edm dopadem by nem\u011bly b\u00fdt p\u0159ehr\u00e1v\u00e1ny nekontrolovan\u011b, aby ne\u0161okovaly a neradikalizovaly obyvatelstvo.<\/li>\n<li><strong>Politick\u00e1 odpov\u011bdnost<\/strong>Mnoh\u00e9 redakce pova\u017euj\u00ed za svou povinnost zbyte\u010dn\u011b neohro\u017eovat stabilitu st\u00e1tu - zejm\u00e9na v p\u0159\u00edpad\u011b mezin\u00e1rodn\u00edch kriz\u00ed.<\/li>\n<li><strong>Sebeobraz m\u00e9di\u00ed ve\u0159ejn\u00e9 slu\u017eby<\/strong>M\u011bly by poskytovat orientaci, nikoliv zahlcovat. To \u010dasto vede k tomu, \u017ee to, co se skute\u010dn\u011b d\u011bje, je vt\u011bsn\u00e1no do formy, kter\u00e1 je sp\u00ed\u0161e vzd\u011bl\u00e1vac\u00ed ne\u017e publicistick\u00e1.<\/li>\n<\/ul>\n<p>\u00da\u010dinek tohoto filtrov\u00e1n\u00ed je v\u0161ak fat\u00e1ln\u00ed: lid\u00e9 c\u00edt\u00ed, \u017ee n\u011bco nen\u00ed v po\u0159\u00e1dku, ale nemaj\u00ed dostatek informac\u00ed, aby tento pocit mohli kategorizovat. V d\u016fsledku toho roste ned\u016fv\u011bra - a z\u00e1rove\u0148 v\u011bt\u0161ina z\u016fst\u00e1v\u00e1 pasivn\u00ed, proto\u017ee ofici\u00e1ln\u00ed vypr\u00e1v\u011bn\u00ed nevyjad\u0159uje v\u00e1\u017enost situace.<\/p>\n<p>Dalo by se \u0159\u00edci, \u017ee lid\u00e9 vid\u00ed sv\u011bt p\u0159es matn\u00e9 sklo. Vid\u00ed obrysy nebezpe\u010d\u00ed, ale ne jeho tvar.<\/p>\n<h3>D\u016fsledky zkreslen\u00ed informac\u00ed: obyvatelstvo, kter\u00e9 \u017eije bez situa\u010dn\u00edho pov\u011bdom\u00ed<\/h3>\n<p>Spole\u010dnosti mohou p\u0159ekonat krizi pouze tehdy, pokud znaj\u00ed realitu. Informovanost je faktorem bezpe\u010dnostn\u00ed politiky - nikoliv luxusem. Ale pr\u00e1v\u011b zde vznik\u00e1 v sou\u010dasn\u00e9 situaci struktur\u00e1ln\u00ed probl\u00e9m.<\/p>\n<ol>\n<li><strong>Demokratick\u00e9 rozhodov\u00e1n\u00ed je obt\u00ed\u017en\u011bj\u0161\u00ed<\/strong><br \/>\nPokud obyvatelstvo nech\u00e1pe, jak nebezpe\u010dn\u00e1 geopolitick\u00e1 situace ve skute\u010dnosti je, rozhoduje se na z\u00e1klad\u011b zkreslen\u00e9ho pohledu na sv\u011bt. V\u011b\u0159\u00ed, \u017ee st\u00e1tn\u00ed instituce maj\u00ed v\u0161e pod kontrolou, p\u0159esto\u017ee tyto instituce samy \u010dasto nemaj\u00ed \u017e\u00e1dnou jasnou strategii.<br \/>\nDemokracie pot\u0159ebuje zodpov\u011bdn\u00e9 ob\u010dany - ale zodpov\u011bdnost vy\u017eaduje znalosti.<\/li>\n<li><strong>Politick\u00fd tlak selh\u00e1v\u00e1<\/strong><br \/>\nVl\u00e1dy obvykle reaguj\u00ed na mezin\u00e1rodn\u00ed krize a\u017e tehdy, kdy\u017e se zv\u00fd\u0161\u00ed tlak obyvatelstva. Pokud v\u0161ak lid\u00e9 vid\u00ed pouze zkreslen\u00e9 verze reality, oslabuje se i politick\u00fd tlak. V\u00fdsledkem je setrva\u010dnost, kter\u00e1 m\u016f\u017ee b\u00fdt ve vyhrocen\u00fdch situac\u00edch nebezpe\u010dn\u00e1.<\/li>\n<li><strong>Nedostatek odolnosti ve spole\u010dnosti<\/strong><br \/>\nOdolnost - schopnost zvl\u00e1dat krize - nevznik\u00e1 na z\u00e1klad\u011b uji\u0161\u0165ov\u00e1n\u00ed, ale na z\u00e1klad\u011b realistick\u00e9ho posouzen\u00ed. Spole\u010dnost, kter\u00e1 vn\u00edm\u00e1 krize pouze v abstraktn\u00ed podob\u011b, bude v p\u0159\u00edpad\u011b mimo\u0159\u00e1dn\u00e9 ud\u00e1losti p\u0159ekvapen\u00e1 a p\u0159et\u00ed\u017een\u00e1.<br \/>\nPsychologick\u00fd p\u0159echod mezi \u201eje to daleko\u201c a \u201et\u00fdk\u00e1 se n\u00e1s to p\u0159\u00edmo\u201c m\u016f\u017ee prob\u011bhnout b\u011bhem n\u011bkolika hodin - a to je p\u0159esn\u011b ten okam\u017eik, kdy zem\u011b pot\u0159ebuje informovan\u00e9 obyvatelstvo, kter\u00e9 nereaguje v panice, ale ch\u00e1pe, co se d\u011bje.<\/li>\n<li><strong>Prostor pro propagandu, spekulace a strach<\/strong><br \/>\nPokud ofici\u00e1ln\u00ed informace nesta\u010d\u00ed, lid\u00e9 hledaj\u00ed jin\u00e9 zdroje. To je lidsk\u00e9 chov\u00e1n\u00ed. Otev\u00edr\u00e1 v\u0161ak dve\u0159e dezinformac\u00edm, dramatizac\u00edm, konspira\u010dn\u00edm p\u0159\u00edb\u011bh\u016fm nebo p\u0159ehnan\u00e9 interpretaci jednotliv\u00fdch ud\u00e1lost\u00ed.<\/li>\n<\/ol>\n<p>A p\u0159esn\u011b to v sou\u010dasn\u00e9 dob\u011b za\u017e\u00edv\u00e1me ve velk\u00e9m m\u011b\u0159\u00edtku. Informa\u010dn\u00ed mezery nejsou vypl\u0148ov\u00e1ny kvalitn\u00edmi alternativami, ale extr\u00e9mn\u00edmi interpretacemi - zat\u00edmco ofici\u00e1ln\u00ed m\u00e9dia se nad\u00e1le sna\u017e\u00ed uklid\u0148ovat.<\/p>\n<p>To je nejnebezpe\u010dn\u011bj\u0161\u00ed kombinace: obyvatelstvo, kter\u00e9 instinktivn\u011b c\u00edt\u00ed, \u017ee situace je v\u00e1\u017en\u00e1, ale vlastn\u00ed m\u00e9dia mu ned\u00e1vaj\u00ed \u017e\u00e1dn\u00e9 n\u00e1stroje, jak tento pocit kategorizovat.<\/p>\n<h3>Pro\u010d toto selh\u00e1n\u00ed m\u00e9di\u00ed konflikt je\u0161t\u011b zhor\u0161uje?<\/h3>\n<p>Bylo by p\u0159\u00edli\u0161 kr\u00e1tkozrak\u00e9 domn\u00edvat se, \u017ee m\u00e9dia hraj\u00ed v t\u00e9to krizi pouze pasivn\u00ed roli. Ve skute\u010dnosti maj\u00ed na jej\u00ed dynamiku vliv:<br \/>\nVl\u00e1dy \u010dasto jednaj\u00ed na z\u00e1klad\u011b toho, jak situaci vn\u00edmaj\u00ed jejich vlastn\u00ed ob\u010dan\u00e9.<\/p>\n<p>Spojeneck\u00e9 st\u00e1ty zase sleduj\u00ed n\u00e1lady ve\u0159ejnosti, aby podle nich mohly p\u0159izp\u016fsobit sv\u00e1 strategick\u00e1 rozhodnut\u00ed.<br \/>\nProtivn\u00edci vyu\u017e\u00edvaj\u00ed ka\u017ed\u00e9 viditeln\u00e9 slabiny v informac\u00edch Z\u00e1padu k pos\u00edlen\u00ed sv\u00e9 vlastn\u00ed pozice.<\/p>\n<p>St\u00e1t, jeho\u017e obyvatel\u00e9 nevid\u00ed realitu, ztr\u00e1c\u00ed man\u00e9vrovac\u00ed prostor. Reaguje p\u0159\u00edli\u0161 pozd\u011b, v\u00e1hav\u011b nebo impulzivn\u011b. A pr\u00e1v\u011b to je ve f\u00e1zi eskalace, jako je tato, tak nebezpe\u010dn\u00e9.<\/p>\n<p>Medi\u00e1ln\u00ed zkreslen\u00ed vytv\u00e1\u0159\u00ed nejen nedostatek informac\u00ed, ale tak\u00e9 strategickou slepotu. A strategick\u00e1 slepota je to posledn\u00ed, co si Z\u00e1pad v t\u00e9to situaci m\u016f\u017ee dovolit.<\/p>\n<h3>Jak medi\u00e1ln\u00ed obrazy utv\u00e1\u0159ej\u00ed na\u0161e vn\u00edm\u00e1n\u00ed konflikt\u016f<\/h3>\n<p><a href=\"https:\/\/www.markus-schall.de\/cs\/2026\/01\/metody-propagandy-historie-moderni-formy-a-jak-je-rozpoznat\/\"><img loading=\"lazy\" decoding=\"async\" class=\"alignright size-medium wp-image-4233\" src=\"https:\/\/www.markus-schall.de\/wp-content\/uploads\/Propaganda-titel-300x200.jpg\" alt=\"Co je to propaganda?\" width=\"300\" height=\"200\" srcset=\"https:\/\/www.markus-schall.de\/wp-content\/uploads\/Propaganda-titel-300x200.jpg 300w, https:\/\/www.markus-schall.de\/wp-content\/uploads\/Propaganda-titel-768x512.jpg 768w, https:\/\/www.markus-schall.de\/wp-content\/uploads\/Propaganda-titel-18x12.jpg 18w, https:\/\/www.markus-schall.de\/wp-content\/uploads\/Propaganda-titel.jpg 1024w\" sizes=\"auto, (max-width: 300px) 100vw, 300px\" \/><\/a>Pokud chcete pochopit sou\u010dasnou eskalaci mezi \u00cdr\u00e1nem a Izraelem, mus\u00edte tak\u00e9 pochopit, jak funguj\u00ed modern\u00ed informa\u010dn\u00ed v\u00e1lky. V\u00e1lky se dnes nevedou pouze pomoc\u00ed raket, ale tak\u00e9 pomoc\u00ed obraz\u016f, vypr\u00e1v\u011bn\u00ed a emotivn\u00edch titulk\u016f. Propaganda nemus\u00ed nutn\u011b znamenat p\u0159\u00edm\u00e9 l\u017ei, ale \u010dasto c\u00edlen\u00fd v\u00fdb\u011br informac\u00ed, kter\u00fd m\u00e1 vyvolat ur\u010dit\u00fd dojem. Fakta, polopravdy a siln\u00e9 obrazy jsou \u010dasto kombinov\u00e1ny tak, aby vyvolaly emoce a ovlivnily politick\u00e9 interpretace. Pr\u00e1v\u011b tyto mechanismy - od emotivn\u00edch symbolick\u00fdch obraz\u016f a\u017e po selektivn\u00ed zpravodajstv\u00ed - podrobn\u011b rozeb\u00edr\u00e1m v podkladov\u00e9m \u010dl\u00e1nku <a href=\"https:\/\/www.markus-schall.de\/cs\/2026\/01\/metody-propagandy-historie-moderni-formy-a-jak-je-rozpoznat\/\"><em><strong>\u201ePropaganda: historie, metody, modern\u00ed formy a jak je rozpoznat\u201c<\/strong><\/em><\/a>, kter\u00e1 ukazuje, jak vznikaj\u00ed medi\u00e1ln\u00ed narativy a pro\u010d jsou obzvl\u00e1\u0161t\u011b \u00fa\u010dinn\u00e9 v dob\u011b krize.<\/p>\n<hr \/>\n<h3>Aktu\u00e1ln\u00ed pr\u016fzkum d\u016fv\u011bry v politiku a m\u00e9dia<\/h3>\n<div class='bootstrap-yop yop-poll-mc'>\n\t\t\t\t\t\t\t<div class=\"basic-yop-poll-container\" style=\"background-color:#ffffff; border:0px; border-style:solid; border-color:#000000; border-radius:5px; padding:0px 5px;\" data-id=\"1\" data-temp=\"basic-pretty\" data-skin=\"square\" data-cscheme=\"blue\" data-cap=\"0\" data-access=\"guest\" data-tid=\"\" data-uid=\"29b1ae6b55129c2f8487d2408a9d434e\" data-pid=\"3546\" data-resdet=\"votes-number,percentages\" data-show-results-to=\"guest\" data-show-results-moment=\"after-vote\" data-show-results-only=\"false\" data-show-message=\"true\" data-show-results-as=\"bar\" data-sort-results-by=\"as-defined\" data-sort-results-rule=\"asc\"data-is-ended=\"0\" data-percentages-decimals=\"2\" data-gdpr=\"no\" data-gdpr-sol=\"consent\" data-css=\"\" data-counter=\"0\" data-load-with=\"1\" data-notification-section=\"top\"><div class=\"row\"><div class=\"col-md-12\"><div class=\"basic-inner\"><div class=\"basic-message hide\" style=\"border-left: 10px solid #008000; padding: 0px 10px;\" data-error=\"#ff0000\" data-success=\"#008000\"><p class=\"basic-message-text\" style=\"color:#000000; font-size:14px; font-weight:normal;\"><\/p><\/div><div class=\"basic-overlay hide\"><div class=\"basic-vote-options\"><\/div><div class=\"basic-preloader\"><div class=\"basic-windows8\"><div class=\"basic-wBall basic-wBall_1\"><div class=\"basic-wInnerBall\"><\/div><\/div><div class=\"basic-wBall basic-wBall_2\"><div class=\"basic-wInnerBall\"><\/div><\/div><div class=\"basic-wBall basic-wBall_3\"><div class=\"basic-wInnerBall\"><\/div><\/div><div class=\"basic-wBall basic-wBall_4\"><div class=\"basic-wInnerBall\"><\/div><\/div><div class=\"basic-wBall basic-wBall_5\"><div class=\"basic-wInnerBall\"><\/div><\/div><\/div><\/div><\/div><form class=\"basic-form\" action=\"\"><input type=\"hidden\" name=\"_token\" value=\"a4e938ed59\" autocomplete=\"off\"><div class=\"basic-elements\"><div class=\"basic-element basic-question basic-question-text-vertical\" data-id=\"1\" data-uid=\"480da2248ecb2c103cb21329a49dfe87\" data-type=\"question\" data-question-type=\"text\" data-required=\"yes\" data-allow-multiple=\"no\" data-min=\"1\" data-max=\"1\" data-display=\"vertical\" data-colnum=\"\" data-display-others=\"no\" data-others-color=\"\" data-others=\"\" data-others-max-chars=\"0\"><div class=\"basic-question-title\"><h5 style=\"color:#000000; font-size:16px; font-weight:normal; text-align:left;\">Jakou d\u016fv\u011bru m\u00e1te v politiku a m\u00e9dia v N\u011bmecku?<\/h5><\/div><ul class=\"basic-answers\"><li class=\"basic-answer\" style=\"padding:0px 0px;\" data-id=\"1\" data-type=\"text\" data-vn=\"10\" data-color=\"#000000\" data-make-link=\"no\" data-link=\"\"><div class=\"basic-answer-content basic-text-vertical\"><label for=\"answer[1]\" class=\"basic-answer-label\"><input type=\"radio\" id=\"answer[1]\" name=\"answer[1]\" value=\"1\"><span class=\"basic-text\" style=\"color: #000000; font-size: 14px; font-weight: normal;\">Velmi vysok\u00e1 - pln\u011b d\u016fv\u011b\u0159uji ofici\u00e1ln\u00edm org\u00e1n\u016fm<\/span><\/label><\/div><\/li><li class=\"basic-answer\" style=\"padding:0px 0px;\" data-id=\"2\" data-type=\"text\" data-vn=\"22\" data-color=\"#000000\" data-make-link=\"no\" data-link=\"\"><div class=\"basic-answer-content basic-text-vertical\"><label for=\"answer[2]\" class=\"basic-answer-label\"><input type=\"radio\" id=\"answer[2]\" name=\"answer[1]\" value=\"2\"><span class=\"basic-text\" style=\"color: #000000; font-size: 14px; font-weight: normal;\">St\u0159edn\u00ed - Jsem opatrn\u00fd, ale ne z\u00e1sadn\u011b podez\u0159\u00edvav\u00fd.<\/span><\/label><\/div><\/li><li class=\"basic-answer\" style=\"padding:0px 0px;\" data-id=\"3\" data-type=\"text\" data-vn=\"53\" data-color=\"#000000\" data-make-link=\"no\" data-link=\"\"><div class=\"basic-answer-content basic-text-vertical\"><label for=\"answer[3]\" class=\"basic-answer-label\"><input type=\"radio\" id=\"answer[3]\" name=\"answer[1]\" value=\"3\"><span class=\"basic-text\" style=\"color: #000000; font-size: 14px; font-weight: normal;\">N\u00edzk\u00e1 - mnoho v\u011bc\u00ed si kontroluji s\u00e1m<\/span><\/label><\/div><\/li><li class=\"basic-answer\" style=\"padding:0px 0px;\" data-id=\"4\" data-type=\"text\" data-vn=\"251\" data-color=\"#000000\" data-make-link=\"no\" data-link=\"\"><div class=\"basic-answer-content basic-text-vertical\"><label for=\"answer[4]\" class=\"basic-answer-label\"><input type=\"radio\" id=\"answer[4]\" name=\"answer[1]\" value=\"4\"><span class=\"basic-text\" style=\"color: #000000; font-size: 14px; font-weight: normal;\">T\u00e9m\u011b\u0159 neexistuj\u00edc\u00ed - domn\u00edv\u00e1m se, \u017ee mnoh\u00e9 je zast\u0159en\u00e9 nebo zinscenovan\u00e9.<\/span><\/label><\/div><\/li><\/ul><\/div><div class=\"clearfix\"><\/div><\/div><div class=\"basic-vote\"><a href=\"#\" class=\"button basic-vote-button\" role=\"button\" style=\"background:#027bb8; border:0px; border-style: solid; border-color:#1636f0; border-radius:5px; padding:10px 10px; color:#ffffff; font-size:14px; font-weight:normal;\">Hlasujte na<\/a><\/div><input type=\"hidden\" name=\"trp-form-language\" value=\"cs\"\/><\/form><\/div><\/div><\/div><\/div>\n\t\t\t\t\t\t<\/div>\n<hr \/>\n<h2>Ekonomick\u00fd ot\u0159es: Pro\u010d se firmy odml\u010duj\u00ed<\/h2>\n<p>Kdy\u017e se konflikt, jako je ten mezi Izraelem a \u00cdr\u00e1nem, vyhrot\u00ed, nen\u00ed to patrn\u00e9 jen v politick\u00fdch reakc\u00edch, diplomatick\u00fdch prohl\u00e1\u0161en\u00edch nebo vojensk\u00fdch p\u0159esunech. Je to c\u00edtit p\u0159edev\u0161\u00edm v jevu, kter\u00fd za\u010d\u00edn\u00e1 nen\u00e1padn\u011b, ale t\u011b\u017ece dol\u00e9h\u00e1: Ekonomika za\u010d\u00edn\u00e1 b\u00fdt nerv\u00f3zn\u00ed. A v ekonomick\u00fdch souvislostech je nervozita sign\u00e1lem s obrovsk\u00fdm dopadem.<\/p>\n<p>Nen\u00ed n\u00e1hodou, \u017ee v mnoha podnic\u00edch nyn\u00ed utichaj\u00ed telefony, odkl\u00e1daj\u00ed se investice a rozhodovac\u00ed procesy se protahuj\u00ed. Lid\u00e9 instinktivn\u011b reaguj\u00ed na nejistotu. A spole\u010dnosti nejsou v kone\u010dn\u00e9m d\u016fsledku nic jin\u00e9ho ne\u017e organizovan\u00e9 skupiny lid\u00ed, kte\u0159\u00ed se sna\u017e\u00ed minimalizovat rizika. V takov\u00fdch dob\u00e1ch se m\u011bn\u00ed perspektiva:<\/p>\n<ul>\n<li>Lid\u00e9 u\u017e neuva\u017euj\u00ed expanzivn\u011b, ale defenzivn\u011b.<\/li>\n<li>D\u016fraz ji\u017e nen\u00ed kladen na r\u016fst, ale na stabilitu.<\/li>\n<li>Vyhneme se tak dlouhodob\u00fdm z\u00e1vazk\u016fm a zachov\u00e1me si likviditu.<\/li>\n<\/ul>\n<p>Geopolitick\u00e9 konflikty vedou k ur\u010dit\u00e9mu druhu ekonomick\u00e9 paral\u00fdzy. A pr\u00e1v\u011b tento \u0161okov\u00fd stav je ji\u017e n\u011bkolik m\u011bs\u00edc\u016f c\u00edtit po cel\u00e9m sv\u011bt\u011b - zejm\u00e9na v Evrop\u011b, a to pozoruhodn\u011b siln\u011b v N\u011bmecku, kde je z\u00e1kladn\u00ed ekonomick\u00e1 struktura pod tlakem ji\u017e n\u011bkolik let.<\/p>\n<p>D\u016fvod je jednoduch\u00fd: ekonomika pot\u0159ebuje p\u0159edv\u00eddatelnost. Tato p\u0159edv\u00eddatelnost se v\u0161ak v sou\u010dasn\u00e9 dob\u011b vytratila, a to celosv\u011btov\u011b a v m\u00ed\u0159e, kter\u00e1 p\u0159ipom\u00edn\u00e1 energetickou krizi, finan\u010dn\u00ed krizi nebo dokonce historick\u00e9 zlomy.<\/p>\n<h3>Ceny energi\u00ed, dopravn\u00ed trasy, rizikov\u00e9 pr\u00e9mie<\/h3>\n<p>Bl\u00edzk\u00fd v\u00fdchod nen\u00ed jen tak ledajak\u00fd region - je to centrum glob\u00e1ln\u00edch dod\u00e1vek energie, obchodn\u00edch tras a geopolitick\u00e9 stability. Jakmile se tento region za\u010dne oslabovat, automaticky se ot\u0159\u00e1saj\u00ed i zd\u00e1nliv\u011b vzd\u00e1len\u00e9 ekonomick\u00e9 syst\u00e9my.<\/p>\n<ul>\n<li><strong>Energetick\u00e1 ot\u00e1zka<\/strong><br \/>\nJedin\u00e1 jiskra v Persk\u00e9m z\u00e1livu sta\u010d\u00ed k tomu, aby ceny ropy vysko\u010dily. A to ne pomalu, ale v \u0159\u00e1du hodin. Spole\u010dnosti na to mus\u00ed reagovat. Energeticky n\u00e1ro\u010dn\u00e1 odv\u011btv\u00ed neutrp\u00ed p\u0159\u00ed\u0161t\u00ed rok, ale okam\u017eit\u011b. Ka\u017ed\u00e1 porucha v Hormuzsk\u00e9m pr\u016flivu, ka\u017ed\u00e1 hrozba proti tanker\u016fm, ka\u017ed\u00fd n\u00e1znak n\u00e1mo\u0159n\u00ed blok\u00e1dy p\u016fsob\u00ed jako cenov\u00fd sign\u00e1l v re\u00e1ln\u00e9m \u010dase. Pro Evropu - ji\u017e tak z\u00e1vislou na vn\u011bj\u0161\u00edch zdroj\u00edch energie - to znamen\u00e1, \u017ee riziko se st\u00e1v\u00e1 n\u00e1kladov\u00fdm faktorem, kter\u00fd pronik\u00e1 do v\u0161ech dodavatelsk\u00fdch \u0159et\u011bzc\u016f.<\/li>\n<li><strong>Dopravn\u00ed trasy jako Achillova pata<\/strong><br \/>\nModern\u00ed ekonomiky jsou celosv\u011btov\u011b propojen\u00e9 a obchodn\u00ed cesty jsou t\u011bsn\u011bji propojen\u00e9 ne\u017e kdykoli p\u0159edt\u00edm. Jakmile se objev\u00ed nejistota v Rud\u00e9m mo\u0159i, Om\u00e1nsk\u00e9m z\u00e1livu nebo v\u00fdchodn\u00edm St\u0159edomo\u0159\u00ed, zvy\u0161uj\u00ed se n\u00e1klady na p\u0159epravu, pojistn\u00e9 a dodac\u00ed lh\u016fty.<br \/>\nEkonomika se m\u016f\u017ee zd\u00e1t abstraktn\u00ed, ale je citliv\u00e1 jako nervov\u00fd syst\u00e9m. Kdy\u017e je podr\u00e1\u017ed\u011bn velk\u00fd nerv, cel\u00fd syst\u00e9m se rozkmit\u00e1.<\/li>\n<li><strong>Poji\u0161t\u011bn\u00ed a rizikov\u00e9 pojistn\u00e9<\/strong><br \/>\nV dob\u011b geopolitick\u00e9 krize jsou poji\u0161\u0165ovny nerv\u00f3zn\u00ed - a kdy\u017e jsou poji\u0161\u0165ovny nerv\u00f3zn\u00ed, ekonomika zdra\u017euje. Rizikov\u00e9 pr\u00e9mie rostou, \u00fav\u011bry se zdra\u017euj\u00ed a projekty s n\u00edzkou mar\u017e\u00ed se n\u00e1hle st\u00e1vaj\u00ed nerentabiln\u00edmi.<\/li>\n<\/ul>\n<p>\u017dijeme ve sv\u011bt\u011b, kde se politick\u00e1 rizika p\u0159\u00edmo prom\u00edtaj\u00ed do ekonomick\u00fdch ukazatel\u016f. A d\u011bje se tak rychlost\u00ed, kter\u00e1 mnoh\u00e9 p\u0159ekvapuje.<\/p>\n<h3>Spole\u010dnosti instinktivn\u011b p\u0159ech\u00e1zej\u00ed na \u201epo\u010dkej a uvid\u00ed\u0161\u201c.\u201c<\/h3>\n<p>Ekonomick\u00e9 chov\u00e1n\u00ed se ne\u0159\u00edd\u00ed pouze racion\u00e1ln\u00edmi anal\u00fdzami. \u0158\u00edd\u00ed se psychologick\u00fdmi z\u00e1konitostmi. A tyto vzorce jsou star\u00e9 stalet\u00ed.<br \/>\nV dob\u00e1ch velk\u00e9 nejistoty lid\u00e9 d\u011blaj\u00ed to, co intuitivn\u011b pova\u017euj\u00ed za spr\u00e1vn\u00e9:<\/p>\n<ul>\n<li>Dopl\u0148te z\u00e1soby<\/li>\n<li>Odlo\u017een\u00ed investic<\/li>\n<li>Minimalizace z\u00e1vazk\u016f<\/li>\n<li>Vyhn\u011bte se rizik\u016fm<\/li>\n<\/ul>\n<p>Firmy se nechovaj\u00ed jinak. Kdy\u017e se geopolitick\u00e1 situace vyhrot\u00ed, existuj\u00ed t\u0159i typick\u00e9 reakce:<\/p>\n<ul>\n<li><strong>Odlo\u017een\u00ed rozhodnut\u00ed<\/strong>Nov\u00e9 projekty, n\u00e1kupy, n\u00e1bor zam\u011bstnanc\u016f - v\u0161e je odsunuto na druhou kolej.<\/li>\n<li><strong>Zam\u011b\u0159en\u00ed na kl\u00ed\u010dov\u00e9 oblasti<\/strong>Spole\u010dnosti se soust\u0159ed\u00ed na to, co je bezpe\u010dn\u00e9, a vyh\u00fdbaj\u00ed se experiment\u016fm.<\/li>\n<li><strong>N\u00e1kladov\u00e1 discipl\u00edna a zaji\u0161t\u011bn\u00ed likvidity<\/strong>: Nechcete si p\u0159ece dovolit p\u0159ekvapen\u00ed.<\/li>\n<\/ul>\n<p>Tyto vzorce nejsou iracion\u00e1ln\u00ed. Jsou nezbytn\u00e9 pro p\u0159e\u017eit\u00ed - vedou v\u0161ak ke zpomalen\u00ed ekonomiky jako celku, co\u017e se projevuje zejm\u00e9na v dob\u011b krize.<\/p>\n<p>To vysv\u011btluje, pro\u010d se mnoh\u00e1 odv\u011btv\u00ed jev\u00ed jako m\u00e9n\u011b dynamick\u00e1 navzdory pln\u00fdm zak\u00e1zkov\u00fdm knih\u00e1m. Podstata se ot\u0159\u00e1sla a nikdo nechce b\u00fdt t\u00edm, kdo provede odv\u00e1\u017enou investici v nespr\u00e1vnou dobu, kdy\u017e z\u00edtra bude situace vypadat je\u0161t\u011b h\u016f\u0159e.<\/p>\n<h3>Lid\u00e9 c\u00edt\u00ed, \u017ee \u201en\u011bco nen\u00ed v po\u0159\u00e1dku\u201c<\/h3>\n<p>Je zaj\u00edmav\u00e9, \u017ee ekonomickou nejistotu lze \u010dasto poc\u00edtit je\u0161t\u011b d\u0159\u00edve, ne\u017e se stane m\u011b\u0159itelnou. Lid\u00e9 intuitivn\u011b vn\u00edmaj\u00ed geopolitick\u00e1 rizika - i kdy\u017e ne\u010dtou podrobn\u00e9 anal\u00fdzy. Vid\u00ed obr\u00e1zky, sly\u0161\u00ed zpr\u00e1vy, c\u00edt\u00ed n\u00e1ladu. A i kdy\u017e m\u00e9dia mnoh\u00e9 zjem\u0148uj\u00ed, z\u00e1kladn\u00ed t\u00f3n \u010dasto sta\u010d\u00ed k vytvo\u0159en\u00ed rozpt\u00fdlen\u00e9ho pocitu. Tento pocit - \u017ee \u201en\u011bco vis\u00ed ve vzduchu\u201c - m\u00e1 obrovsk\u00fd dopad:<\/p>\n<ol>\n<li><strong>Zm\u011bna chov\u00e1n\u00ed spot\u0159ebitel\u016f<\/strong><br \/>\nLid\u00e9 nakupuj\u00ed m\u00e9n\u011b, odkl\u00e1daj\u00ed n\u00e1kupy a pl\u00e1nuj\u00ed opatrn\u011bji. Spot\u0159eba nen\u00ed jen ot\u00e1zkou pen\u011bz, ale i d\u016fv\u011bry v budoucnost.<\/li>\n<li><strong>Spole\u010dnosti c\u00edt\u00ed opatrn\u00e9 z\u00e1kazn\u00edky<\/strong><br \/>\nKdy\u017e jsou z\u00e1kazn\u00edci opatrn\u011bj\u0161\u00ed, jsou automaticky opatrn\u011bj\u0161\u00ed i spole\u010dnosti. Zdr\u017eenlivost se vz\u00e1jemn\u011b posiluje.<\/li>\n<li><strong>Spole\u010densk\u00e1 n\u00e1lada sm\u011b\u0159uje k alarmismu<\/strong><br \/>\nAtmosf\u00e9ra krize vede k politick\u00e9 polarizaci, ned\u016fv\u011b\u0159e a kolektivn\u00edmu nap\u011bt\u00ed. To sni\u017euje ochotu riskovat - a hospod\u00e1\u0159sk\u00e1 \u010dinnost je zalo\u017eena na riziku.<\/li>\n<li><strong>M\u00e9dia zes\u00edlila nebo zast\u0159ela vn\u00edm\u00e1n\u00ed<\/strong><br \/>\nPokud jsou obrazy siln\u011bj\u0161\u00ed ne\u017e slova, ale jsou zobrazov\u00e1ny pouze ve filtrovan\u00e9 podob\u011b, doch\u00e1z\u00ed k paradoxn\u00ed situaci: lid\u00e9 vid\u00ed m\u00e9n\u011b, ale c\u00edt\u00ed v\u00edce.<\/li>\n<\/ol>\n<p>Tato nerovnov\u00e1ha zaji\u0161\u0165uje nekontrolovateln\u00fd r\u016fst nejistoty. Ne proto, \u017ee by byla opr\u00e1vn\u011bn\u00e1, ale proto, \u017ee z\u016fst\u00e1v\u00e1 bez koment\u00e1\u0159e.<\/p>\n<h3>Pro\u010d je ekonomick\u00e1 paral\u00fdza varovn\u00fdm sign\u00e1lem<\/h3>\n<p>V geopolitick\u00fdch konfliktech nen\u00ed ekonomick\u00e1 paral\u00fdza vedlej\u0161\u00edm efektem, ale v\u010dasn\u00fdm indik\u00e1torem. Nazna\u010duje, \u017ee syst\u00e9m vstupuje do f\u00e1ze, v n\u00ed\u017e jsou rizika v\u011bt\u0161\u00ed ne\u017e p\u0159\u00edle\u017eitosti. A to je p\u0159esn\u011b to struktur\u00e1ln\u00ed nebezpe\u010d\u00ed, jeho\u017e jsme v sou\u010dasnosti sv\u011bdky: Ekonomika nereaguje p\u0159ehnan\u011b - reaguje spr\u00e1vn\u011b.<\/p>\n<p>Koneckonc\u016f eskalace konfliktu ovliv\u0148uje ceny energi\u00ed, migraci, bezpe\u010dnost, obchod, finan\u010dn\u00ed trhy, dodavatelsk\u00e9 \u0159et\u011bzce a politickou stabilitu. V\u0161echny tyto faktory spolu vz\u00e1jemn\u011b souvisej\u00ed. A pokud se dostanou pod tlak sou\u010dasn\u011b, vznik\u00e1 t\u00edm z\u00e1va\u017en\u00e1 ekonomick\u00e1 situace, kterou je obt\u00ed\u017en\u00e9 znehodnotit.<\/p>\n<p>Dalo by se \u0159\u00edci, \u017ee ne\u017e se objev\u00ed geopolitick\u00e1 bou\u0159e, je nejd\u0159\u00edve sly\u0161et, jak ekonomika zatajuje dech. A p\u0159esn\u011b tento moment pr\u00e1v\u011b za\u017e\u00edv\u00e1me.<\/p>\n<h3>Kdy\u017e se geopolitick\u00e9 konflikty a rozhodnut\u00ed o um\u011bl\u00e9 inteligenci shoduj\u00ed<\/h3>\n<p>Toto video p\u016fsobiv\u011b ukazuje, jak \u00fazce jsou nyn\u00ed rozhodnut\u00ed v oblasti bezpe\u010dnostn\u00ed politiky prov\u00e1z\u00e1na s technologick\u00fdm obratem. Zat\u00edmco USA a \u00cdr\u00e1n spolu v \u017denev\u011b st\u00e1le je\u0161t\u011b jednaly, Washington jen o den pozd\u011bji odm\u00edtl ji\u017e p\u0159ipravenou v\u00fdznamnou dohodu s firmou Anthropic - a m\u00edsto toho podepsal smlouvu s OpenAI. Na\u010dasov\u00e1n\u00ed se nezd\u00e1 b\u00fdt n\u00e1hodn\u00e9, proto\u017ee modern\u00ed konflikty se ji\u017e nevedou pouze pomoc\u00ed raket a sankc\u00ed, ale tak\u00e9 pomoc\u00ed datov\u00e9 s\u00edly, informa\u010dn\u00ed nadvl\u00e1dy a infrastruktury um\u011bl\u00e9 inteligence.<\/p>\n<div class=\"lyte-wrapper\" style=\"width:640px;max-width:100%;margin:5px;\"><div class=\"lyMe\" id=\"WYL_LYp3IkUBc20\"><div id=\"lyte_LYp3IkUBc20\" data-src=\"https:\/\/www.markus-schall.de\/wp-content\/plugins\/wp-youtube-lyte\/lyteCache.php?origThumbUrl=%2F%2Fi.ytimg.com%2Fvi%2FLYp3IkUBc20%2Fhqdefault.jpg\" class=\"pL\"><div class=\"tC\"><div class=\"tT\"><\/div><\/div><div class=\"play\"><\/div><div class=\"ctrl\"><div class=\"Lctrl\"><\/div><div class=\"Rctrl\"><\/div><\/div><\/div><noscript><a href=\"https:\/\/youtu.be\/LYp3IkUBc20\" rel=\"nofollow noopener\" target=\"_blank\"><img loading=\"lazy\" decoding=\"async\" src=\"https:\/\/www.markus-schall.de\/wp-content\/plugins\/wp-youtube-lyte\/lyteCache.php?origThumbUrl=https%3A%2F%2Fi.ytimg.com%2Fvi%2FLYp3IkUBc20%2F0.jpg\" alt=\"Miniatura videa na YouTube\" width=\"640\" height=\"340\" \/><br \/>Pod\u00edvejte se na toto video na YouTube<\/a><\/noscript><\/div><\/div><div class=\"lL\" style=\"max-width:100%;width:640px;margin:5px;\"><\/div><br \/>\nV\u00e1lka v \u00cdr\u00e1nu: Co kdy\u017e to nen\u00ed tak, jak to vypad\u00e1? |\u00a0<a href=\"https:\/\/www.youtube.com\/@salvatoreprinci\" target=\"_blank\" rel=\"nofollow noopener\">Salvatore Princi<\/a><\/p>\n<p>Autor videa spojuje tyto ud\u00e1losti do \u0161ir\u0161\u00edho obrazu: v\u00e1lku s \u00cdr\u00e1nem nelze vn\u00edmat izolovan\u011b, ale jako sou\u010d\u00e1st glob\u00e1ln\u00edho posunu, v n\u011bm\u017e se prol\u00ednaj\u00ed geopolitick\u00e9, ekonomick\u00e9 a technologick\u00e9 z\u00e1jmy. Nejde jen o \u00cdr\u00e1n a z\u00fa\u010dastn\u011bn\u00e9 strany, ale p\u0159edev\u0161\u00edm o vz\u00e1jemn\u011b propojenou dynamiku a infrastrukturu um\u011bl\u00e9 inteligence, <a href=\"https:\/\/www.markus-schall.de\/cs\/2026\/01\/porozumeni-digitalnim-penezum-bitcoin-stablecoins-a-cbdcs-vysvetleno-jednoduse\/\"><strong>Kryptom\u011bny, stabiln\u00ed mince<\/strong><\/a> a z\u00e1kon o g\u00e9niovi USA.<\/p>\n<h2>Glob\u00e1ln\u00ed reorganizace: Z\u00e1pad ztr\u00e1c\u00ed sv\u00e9 postaven\u00ed<\/h2>\n<p>Pokud se st\u0159\u00edzliv\u011b pod\u00edv\u00e1te na v\u00fdvoj v posledn\u00edch letech, m\u016f\u017eete rozpoznat vzorec, kter\u00fd ji\u017e nelze p\u0159ehl\u00e9dnout: Dlouh\u00e1 desetilet\u00ed trvaj\u00edc\u00ed nadvl\u00e1da Z\u00e1padu se rozpad\u00e1. Ne n\u00e1hle, ne jednou dramatickou ud\u00e1lost\u00ed, ale postupnou, ale o to hlub\u0161\u00ed eroz\u00ed. Z\u00e1padn\u00ed sv\u011bt se po desetilet\u00ed spol\u00e9hal na to, \u017ee jeho politick\u00e9 modely, ekonomick\u00e1 moc a bezpe\u010dnostn\u00ed struktury z\u016fst\u00e1vaj\u00ed glob\u00e1ln\u011b autoritativn\u00ed. Ale zat\u00edmco Z\u00e1pad v t\u00e9to sebejistot\u011b setrv\u00e1val, objevila se nov\u00e1 mocensk\u00e1 centra - dynamick\u00e1, odhodlan\u00e1 a mnohem m\u00e9n\u011b z\u00e1visl\u00e1.<\/p>\n<p>Tento posun m\u00e1 tak siln\u00fd dopad pr\u00e1v\u011b proto, \u017ee nen\u00ed d\u016fsledkem slabosti jednotliv\u00fdch st\u00e1t\u016f, ale kolektivn\u00ed zm\u011bny. Spole\u010dnosti, kter\u00e9 byly d\u0159\u00edve pova\u017eov\u00e1ny za p\u0159\u00edjemce z\u00e1padn\u00edho \u0159\u00e1du, se nyn\u00ed prosazuj\u00ed a definuj\u00ed sv\u00e9 vlastn\u00ed z\u00e1jmy. A \u010d\u00edm jsou tyto st\u00e1ty siln\u011bj\u0161\u00ed, t\u00edm je jasn\u011bj\u0161\u00ed, \u017ee star\u00e9 hierarchie ji\u017e neplat\u00ed.<\/p>\n<p>To neznamen\u00e1, \u017ee Z\u00e1pad miz\u00ed. Ale jeho monopol na \u0159\u00e1d, interpretaci a geopolitickou organizaci skon\u010dil. A pr\u00e1v\u011b tato zm\u011bna se shoduje se sou\u010dasnou eskalac\u00ed - proto je konflikt tak nebezpe\u010dn\u00fd a z\u00e1rove\u0148 tak symptomatick\u00fd.<\/p>\n<h3>Vzestup Jihu: \u00cdr\u00e1n, Turecko, Indie, arabsk\u00fd sv\u011bt a BRICS<\/h3>\n<p>Zat\u00edmco Z\u00e1pad se sna\u017eil zachovat st\u00e1vaj\u00edc\u00ed \u0159\u00e1d, ostatn\u00ed regiony usilovaly o roz\u0161\u00ed\u0159en\u00ed sv\u00e9 vlastn\u00ed role. To je patrn\u00e9 zejm\u00e9na v zem\u00edch, jako je Turecko, Indie a Sa\u00fadsk\u00e1 Ar\u00e1bie, tedy ve st\u00e1tech, kter\u00e9 jsou dnes \u010d\u00edmkoli jin\u00fdm ne\u017e \u010dist\u011b region\u00e1ln\u00edmi mocnostmi.<\/p>\n<ol>\n<li><strong>Krocan<\/strong><br \/>\nJi\u017e l\u00e9ta p\u016fsob\u00ed jako nez\u00e1visl\u00fd faktor mezi V\u00fdchodem a Z\u00e1padem. Nakupuje zbran\u011b tam, kde je to pro ni v\u00fdhodn\u00e9, vytv\u00e1\u0159\u00ed aliance podle pot\u0159eby a sleduje jasn\u00e9 geopolitick\u00e9 z\u00e1jmy. Turecko ukazuje, jak pru\u017en\u011b mohou modern\u00ed st\u00e1ty jednat, kdy\u017e se ji\u017e nec\u00edt\u00ed v\u00e1z\u00e1ny strukturami star\u00fdch alianc\u00ed.<\/li>\n<li><strong>Indie<\/strong><br \/>\nIndie ji\u017e nen\u00ed jen nez\u00fa\u010dastn\u011bn\u00fdm pozorovatelem, ale jednou z \u00fast\u0159edn\u00edch sil v glob\u00e1ln\u00ed mocensk\u00e9 struktu\u0159e. Ekonomicky siln\u00e1, demograficky mlad\u00e1, geopoliticky sebev\u011bdom\u00e1 - a st\u00e1le nez\u00e1vislej\u0161\u00ed. Indie ukazuje z\u00e1padn\u00edmu sv\u011btu, \u017ee stabilita a r\u016fst nemus\u00ed b\u00fdt nutn\u011b v\u00e1z\u00e1ny na z\u00e1padn\u00ed modely. Indie jedn\u00e1 tam, kde vznikaj\u00ed v\u00fdhody - a ne tam, kde se o\u010dek\u00e1v\u00e1 loajalita.<\/li>\n<li><strong>Sa\u00fadsk\u00e1 Ar\u00e1bie a arabsk\u00fd sv\u011bt<\/strong><br \/>\nArabsk\u00fd region se vymanil z role dodavatele surovin. Sa\u00fadsk\u00e1 Ar\u00e1bie investuje do technologi\u00ed, infrastruktury, mezin\u00e1rodn\u00edch alianc\u00ed a energetick\u00e9 nez\u00e1vislosti. St\u00e1t je nyn\u00ed prost\u0159edn\u00edkem, investorem, region\u00e1ln\u00edm mocensk\u00fdm faktorem - a st\u00e1le v\u00edce nez\u00e1visl\u00fdm na Z\u00e1padu.<\/li>\n<li><strong>BRICS a nov\u00e1 multipolarita<\/strong><br \/>\nZ\u00e1rove\u0148 se rozr\u016fst\u00e1 s\u00ed\u0165, kter\u00e1 otev\u0159en\u011b vyz\u00fdv\u00e1 Z\u00e1pad: <a href=\"https:\/\/www.markus-schall.de\/cs\/2026\/02\/co-je-a-co-neni-brics-historie-ekonomika-a-geopoliticke-cleneni\/\"><strong>BRICS<\/strong><\/a>. Unie, kter\u00e1 se ji\u017e neskl\u00e1d\u00e1 z jednotliv\u00fdch st\u00e1t\u016f, ale z rostouc\u00edho po\u010dtu zem\u00ed, kter\u00e9 v\u011bdom\u011b hledaj\u00ed alternativy k syst\u00e9mu ovl\u00e1dan\u00e9mu Z\u00e1padem - ekonomicky, politicky a st\u00e1le v\u00edce i finan\u010dn\u011b.<\/li>\n<\/ol>\n<p>Tato struktura nen\u00ed stabiln\u00ed, ale je p\u0159ita\u017eliv\u00e1 pro ty, kte\u0159\u00ed maj\u00ed dost z\u00e1padn\u00ed nadvl\u00e1dy. A st\u00e1le v\u00edce zem\u00ed vn\u00edm\u00e1 prost\u0159ed\u00ed BRICS nejen jako alternativu, ale i jako p\u0159\u00edle\u017eitost k uplatn\u011bn\u00ed vlastn\u00edho vlivu.<\/p>\n<h3>Nov\u00e1 realita: Z\u00e1pad je jen jedn\u00edm z mnoha hr\u00e1\u010d\u016f.<\/h3>\n<p>Rozhoduj\u00edc\u00ed zm\u011bnou je toto: Z\u00e1pad ji\u017e neur\u010duje tempo sv\u011btov\u00e9 politiky. Je jedn\u00edm z mnoha hr\u00e1\u010d\u016f - se siln\u00fdmi str\u00e1nkami, ale tak\u00e9 s rostouc\u00edmi slabinami. A zat\u00edmco se Z\u00e1pad sna\u017e\u00ed br\u00e1nit minul\u00e9 struktury, ostatn\u00ed buduj\u00ed nov\u00e9.<\/p>\n<ul>\n<li><strong>Ztr\u00e1ta mor\u00e1ln\u00ed autority<\/strong><br \/>\nZ\u00e1pad se po desetilet\u00ed domn\u00edval, \u017ee m\u016f\u017ee celosv\u011btov\u011b rozhodovat nejen o politick\u00fdch syst\u00e9mech, ale tak\u00e9 o mor\u00e1ln\u00edch ot\u00e1zk\u00e1ch. Dnes jsou v\u0161ak z\u00e1padn\u00ed standardy st\u00e1le v\u00edce pova\u017eov\u00e1ny za selektivn\u00ed, z\u00e1jmov\u00e9 nebo zastaral\u00e9. Zem\u011b jako Indie a Turecko ji\u017e nejsou ohromeny mor\u00e1ln\u00ed r\u00e9torikou - po\u017eaduj\u00ed pragmatick\u00e1 \u0159e\u0161en\u00ed.<\/li>\n<li><strong>Ekonomick\u00e9 z\u00e1vislosti se zm\u011bnily<\/strong><br \/>\nGlob\u00e1ln\u00ed ekonomika byla d\u0159\u00edve z\u00e1visl\u00e1 na Z\u00e1pad\u011b. Dnes je Z\u00e1pad z\u00e1visl\u00fd na glob\u00e1ln\u00edch dodavatelsk\u00fdch \u0159et\u011bzc\u00edch, kter\u00e9 ji\u017e nem\u00e1 pod kontrolou. Energie, suroviny, v\u00fdroba - v\u0161e se p\u0159esunulo na V\u00fdchod nebo Jih. A pr\u00e1v\u011b proto jsou z\u00e1padn\u00ed sankce nebo n\u00e1tlakov\u00e1 opat\u0159en\u00ed m\u00e9n\u011b \u00fa\u010dinn\u00e1.<\/li>\n<li><strong>Vojenskou nadvl\u00e1du ji\u017e nelze pova\u017eovat za samoz\u0159ejmost<\/strong><br \/>\nZ\u00e1pad ztratil n\u00e1skok i v oblasti bezpe\u010dnostn\u00ed politiky. Zat\u00edmco USA z\u016fst\u00e1vaj\u00ed siln\u00e9, evropsk\u00e9 st\u00e1ty ztr\u00e1cej\u00ed strategick\u00fd v\u00fdznam. Nov\u00ed hr\u00e1\u010di se nau\u010dili pou\u017e\u00edvat asymetrick\u00e9 prost\u0159edky: Drony, rakety, kybernetick\u00e9 operace, z\u00e1stupn\u00e9 struktury. Pr\u00e1v\u011b tyto prost\u0159edky jsou jasn\u011b patrn\u00e9 v konfliktu s \u00cdr\u00e1nem - a podkop\u00e1vaj\u00ed tradi\u010dn\u00ed z\u00e1padn\u00ed v\u00e1lku.<\/li>\n<li><strong>Multipolarita m\u00edsto blokov\u00e9ho my\u0161len\u00ed<\/strong><br \/>\nU\u017e ne\u017eijeme v bipol\u00e1rn\u00edm ani unipol\u00e1rn\u00edm sv\u011bt\u011b. Nov\u00fd sv\u011btov\u00fd \u0159\u00e1d je multipol\u00e1rn\u00ed - a multipol\u00e1rn\u00ed syst\u00e9my jsou nestabiln\u011bj\u0161\u00ed, proto\u017ee neexistuje centr\u00e1ln\u00ed moc, kter\u00e1 by dok\u00e1zala zvl\u00e1dnout krize. Ka\u017ed\u00fd hr\u00e1\u010d m\u00e1 sv\u00e9 vlastn\u00ed z\u00e1jmy a spojenectv\u00ed se m\u011bn\u00ed rychleji ne\u017e d\u0159\u00edve.<\/li>\n<\/ul>\n<p>Pro sou\u010dasnou krizi to znamen\u00e1, \u017ee ji\u017e nen\u00ed nikdo, kdo by mohl spolehliv\u011b zastavit jej\u00ed eskalaci.<\/p>\n<h3>Strategick\u00e9 omyly Z\u00e1padu v konfliktu na Bl\u00edzk\u00e9m v\u00fdchod\u011b<\/h3>\n<div style=\"overflow-x: auto;\">\n<table style=\"width: 100%;\">\n<tbody>\n<tr style=\"background: #f2f2f2;\">\n<td><strong>Myln\u00e1 p\u0159edstava<\/strong><\/td>\n<td><strong>Pro\u010d ji\u017e neplat\u00ed<\/strong><\/td>\n<td><strong>D\u016fsledky pro sou\u010dasnou situaci<\/strong><\/td>\n<\/tr>\n<tr>\n<td>Z\u00e1pad m\u016f\u017ee kdykoli stabilizovat konflikty.<\/td>\n<td>Multipol\u00e1rn\u00ed mocensk\u00e9 vztahy oslabily d\u0159\u00edv\u011bj\u0161\u00ed dominanci.<\/td>\n<td>\u017d\u00e1dn\u00e1 spolehliv\u00e1 extern\u00ed brzda pro eskalaci.<\/td>\n<\/tr>\n<tr>\n<td>K za\u017eehn\u00e1n\u00ed existen\u010dn\u00edch konflikt\u016f sta\u010d\u00ed diplomacie.<\/td>\n<td>Oba hr\u00e1\u010di uv\u00edzli ve slep\u00e9 uli\u010dce bezpe\u010dnostn\u00ed politiky.<\/td>\n<td>Jedn\u00e1n\u00ed maj\u00ed pouze omezen\u00fd \u00fa\u010dinek, \u010dasto \u010dist\u011b symbolick\u00fd.<\/td>\n<\/tr>\n<tr>\n<td>Region\u00e1ln\u00ed hr\u00e1\u010di se automaticky p\u0159izp\u016fsobuj\u00ed o\u010dek\u00e1v\u00e1n\u00edm Z\u00e1padu.<\/td>\n<td>\u00cdr\u00e1n, Turecko, Indie a Sa\u00fadsk\u00e1 Ar\u00e1bie st\u00e1le v\u00edce sleduj\u00ed sv\u00e9 vlastn\u00ed z\u00e1jmy.<\/td>\n<td>Z\u00e1pad ztr\u00e1c\u00ed vliv a strategickou kontrolovatelnost.<\/td>\n<\/tr>\n<\/tbody>\n<\/table>\n<\/div>\n<h3>Pro\u010d tato glob\u00e1ln\u00ed reorganizace \u010din\u00ed sou\u010dasn\u00fd konflikt v\u00fdbu\u0161n\u00fdm?<\/h3>\n<p>Eskalace mezi Izraelem a \u00cdr\u00e1nem by byla nebezpe\u010dn\u00e1 sama o sob\u011b. Pln\u011b v\u00fdbu\u0161nou se v\u0161ak st\u00e1v\u00e1 a\u017e na pozad\u00ed nov\u00e9ho glob\u00e1ln\u00edho \u0159\u00e1du. Ve sv\u011bt\u011b, v n\u011bm\u017e Z\u00e1pad ji\u017e nem\u00e1 jasnou p\u0159evahu, ztr\u00e1cej\u00ed v\u00fdzvy, sankce a diplomatick\u00fd n\u00e1tlak svou s\u00edlu. Z\u00e1rove\u0148 nov\u00ed hr\u00e1\u010di vyu\u017e\u00edvaj\u00ed situace k definov\u00e1n\u00ed vlastn\u00edch z\u00e1jm\u016f - bez ohledu na star\u00e9 struktury.<\/p>\n<p>\u00cdr\u00e1n zkou\u0161\u00ed hranice nejen s Izraelem, ale tak\u00e9 se Z\u00e1padem, kter\u00fd u\u017e nen\u00ed tak asertivn\u00ed jako v p\u0159edchoz\u00edch desetilet\u00edch. A \u010din\u00ed tak s v\u011bdom\u00edm, \u017ee st\u00e1ty jako Turecko, Indie a Sa\u00fadsk\u00e1 Ar\u00e1bie jdou vlastn\u00ed cestou, m\u00edsto aby automaticky podporovaly z\u00e1padn\u00ed postoje.<\/p>\n<p>Z\u00e1pad tak stoj\u00ed p\u0159ed dvoj\u00edm \u00fakolem: mus\u00ed p\u0159ekonat krizi, kterou nem\u00e1 pod kontrolou. Z\u00e1rove\u0148 se mus\u00ed sm\u00ed\u0159it s t\u00edm, \u017ee ji\u017e nen\u00ed \u00fast\u0159edn\u00ed silou, kter\u00e1 m\u016f\u017ee takov\u00e9 konflikty ur\u010dovat. Pr\u00e1v\u011b tato kombinace \u010din\u00ed situaci tak nebezpe\u010dnou - a tak charakteristickou pro na\u0161i dobu.<\/p>\n<p><img loading=\"lazy\" decoding=\"async\" class=\"alignnone wp-image-5222 size-full\" src=\"https:\/\/www.markus-schall.de\/wp-content\/uploads\/Israel-Iran-Strategischer-Albtraum-Domino.jpg\" alt=\"Pro\u010d je obt\u00ed\u017en\u00e9 zastavit eskala\u010dn\u00ed spir\u00e1lu\" width=\"1024\" height=\"683\" srcset=\"https:\/\/www.markus-schall.de\/wp-content\/uploads\/Israel-Iran-Strategischer-Albtraum-Domino.jpg 1024w, https:\/\/www.markus-schall.de\/wp-content\/uploads\/Israel-Iran-Strategischer-Albtraum-Domino-300x200.jpg 300w, https:\/\/www.markus-schall.de\/wp-content\/uploads\/Israel-Iran-Strategischer-Albtraum-Domino-768x512.jpg 768w, https:\/\/www.markus-schall.de\/wp-content\/uploads\/Israel-Iran-Strategischer-Albtraum-Domino-18x12.jpg 18w\" sizes=\"auto, (max-width: 1024px) 100vw, 1024px\" \/><\/p>\n<h2>Spir\u00e1la eskalace: pro\u010d je tak t\u011b\u017ek\u00e9 ji zastavit<\/h2>\n<p>Abychom pochopili, pro\u010d se konflikt mezi Izraelem a \u00cdr\u00e1nem stal tak nebezpe\u010dn\u00fdm, mus\u00edme si nejprve uv\u011bdomit, \u017ee oba akt\u00e9\u0159i se nach\u00e1zej\u00ed ve struktur\u00e1ln\u00edm dilematu. Ne proto, \u017ee by byli iracion\u00e1ln\u00ed. Ale proto, \u017ee je jejich politick\u00e9, historick\u00e9 a psychologick\u00e9 linie p\u0159ivedly do pozic, z nich\u017e je \u00fastup jen st\u011b\u017e\u00ed mo\u017en\u00fd.<\/p>\n<p>Izrael je pod obrovsk\u00fdm vnitropolitick\u00fdm tlakem. Zem\u011b \u017eije s realitou existen\u010dn\u00ed hrozby ji\u017e n\u011bkolik desetilet\u00ed. Jak\u00e1koli vn\u00edman\u00e1 slabost je okam\u017eit\u011b politicky vyu\u017eita. Jak\u00e1koli zdr\u017eenlivost v\u016f\u010di vlastn\u00edmu obyvatelstvu je vn\u00edm\u00e1na jako zrada bezpe\u010dnosti. A kdy\u017e raketov\u00e9 \u00fadery a obrann\u00e9 syst\u00e9my naraz\u00ed na sv\u00e9 limity ve stejnou dobu, vznik\u00e1 n\u00e1lada, v n\u00ed\u017e se vojensk\u00e1 s\u00edla jev\u00ed jako jedin\u00e1 mo\u017enost.<\/p>\n<p>\u00cdr\u00e1n naopak pova\u017euje jak\u00fdkoli \u00fastup za projev slabosti. Re\u017eim zakl\u00e1d\u00e1 svou legitimitu na odporu, nezlomnosti a region\u00e1ln\u00ed mocensk\u00e9 projekci. Ustupovat Izraeli nebo USA by bylo obt\u00ed\u017en\u00e9 p\u0159e\u017e\u00edt na dom\u00e1c\u00ed p\u016fd\u011b. A navenek by to uk\u00e1zalo, \u017ee \u00cdr\u00e1n ztr\u00e1c\u00ed odstra\u0161uj\u00edc\u00ed s\u00edlu, kterou budoval po desetilet\u00ed.<\/p>\n<p>To znamen\u00e1, \u017ee ob\u011b strany uv\u00edzly v situaci, kdy se ustupov\u00e1n\u00ed zd\u00e1 b\u00fdt nebezpe\u010dn\u011bj\u0161\u00ed ne\u017e eskalace. Klasick\u00e1 past v mezin\u00e1rodn\u00ed politice - a pr\u00e1v\u011b v tomto bod\u011b za\u010d\u00edn\u00e1 spir\u00e1la.<\/p>\n<h3>Psychologick\u00fd uzel<\/h3>\n<p>Pokud se dv\u011b zem\u011b domn\u00edvaj\u00ed, \u017ee jejich bezpe\u010dnost m\u016f\u017ee b\u00fdt zaru\u010dena pouze tvrdost\u00ed, ztr\u00e1cej\u00ed schopnost vid\u011bt skute\u010dn\u00e9 alternativy. To nen\u00ed chyba z\u00fa\u010dastn\u011bn\u00fdch jednotlivc\u016f, ale struktur\u00e1ln\u00ed probl\u00e9m: bezpe\u010dnostn\u00ed politiku, kter\u00e1 se po desetilet\u00ed utu\u017eovala, nelze jednodu\u0161e zm\u011bnit rozhodnut\u00edm v\u016fle.<\/p>\n<p>A pr\u00e1v\u011b to \u010din\u00ed sou\u010dasnou situaci tak nestabiln\u00ed.<\/p>\n<h3>Extern\u00ed akt\u00e9\u0159i, kte\u0159\u00ed mohou zasahovat pouze v omezen\u00e9 m\u00ed\u0159e.<\/h3>\n<p>V d\u0159\u00edv\u011bj\u0161\u00edch konfliktech \u010dasto existovaly vn\u011bj\u0161\u00ed mocnosti, kter\u00e9 dok\u00e1zaly zbrzdit eskalaci konfliktu - prost\u0159ednictv\u00edm diplomacie, n\u00e1tlaku, z\u00e1ruk nebo prost\u011b d\u00edky sv\u00e9mu siln\u011bj\u0161\u00edmu postaven\u00ed. Dnes se v\u0161ak sv\u011bt zm\u011bnil.<\/p>\n<ul>\n<li><strong>USA: v\u00e1haj\u00ed kv\u016fli p\u0159et\u00ed\u017een\u00ed<\/strong><br \/>\nSpojen\u00e9 st\u00e1ty jsou sice vojensky siln\u00e9, ale politicky oslaben\u00e9. Vnitropolitick\u00e9 rozpory, ekonomick\u00fd tlak a glob\u00e1ln\u00ed z\u00e1vazky omezuj\u00ed jejich schopnost vyty\u010dit jasn\u00e9 hranice na Bl\u00edzk\u00e9m v\u00fdchod\u011b. Mohou mluvit, varovat, podporovat - ale nemohou ji\u017e jednat se starou suverenitou, kter\u00e1 byla dlouho jejich charakteristick\u00fdm znakem. To je pro Izrael zni\u010duj\u00edc\u00ed. Pro \u00cdr\u00e1n je to pozv\u00e1nka.<\/li>\n<li><strong>Evropa: moc bez moci<\/strong><br \/>\nEvropa je v tomto konfliktu bezv\u00fdznamn\u00e1. A\u010dkoli se objevuj\u00ed v\u00fdzvy, po\u017eadavky a diplomatick\u00e9 n\u00e1vrhy, p\u016fsob\u00ed jako \u0161um v pozad\u00ed. Ani jeden z obou akt\u00e9r\u016f nezam\u011b\u0159uje svou strategii na Evropu. A ob\u011b strany jsou si toho dob\u0159e v\u011bdomy.<\/li>\n<li><strong>Rusko a \u010c\u00edna: vliv, ale bez kontroly<\/strong><br \/>\nRusko a \u010c\u00edna maj\u00ed s \u00cdr\u00e1nem vztahy, ale nemaj\u00ed nad n\u00edm \u017e\u00e1dnou kontroln\u00ed moc. Ob\u011b zem\u011b maj\u00ed z geopolitick\u00e9ho hlediska prosp\u011bch z oslaben\u00ed Z\u00e1padu, ale nemaj\u00ed z\u00e1jem na po\u017e\u00e1ru na Bl\u00edzk\u00e9m v\u00fdchod\u011b. Chyb\u00ed jim v\u0161ak schopnost - a v\u016fle - p\u0159inutit \u00edr\u00e1nsk\u00e9 veden\u00ed k ur\u010dit\u00e9mu sm\u011b\u0159ov\u00e1n\u00ed.<\/li>\n<li><strong>Arabsk\u00e9 st\u00e1ty: Roztr\u017een\u00e9 z\u00e1jmy<\/strong><br \/>\nMnoho arabsk\u00fdch st\u00e1t\u016f se ocitlo mezi dv\u011bma sv\u011bty: Na jedn\u00e9 stran\u011b n\u00e1bo\u017eensk\u00e1 a kulturn\u00ed solidarita s muslimsk\u00fdmi zem\u011bmi. Na druh\u00e9 stran\u011b hospod\u00e1\u0159sk\u00e1 a bezpe\u010dnostn\u00ed politika partnerstv\u00ed se Z\u00e1padem a v n\u011bkter\u00fdch p\u0159\u00edpadech dokonce s Izraelem. Tato rozpolcenost vede k pasivn\u00edmu postoji: \u010dlov\u011bk pozoruje - a \u010dek\u00e1.<\/li>\n<\/ul>\n<p>V\u00fdsledkem je spir\u00e1la bez brzd. Z\u00e1sadn\u00ed je, \u017ee ji\u017e neexistuje \u017e\u00e1dn\u00fd vn\u011bj\u0161\u00ed akt\u00e9r, kter\u00fd by byl dostate\u010dn\u011b d\u016fv\u011bryhodn\u00fd, siln\u00fd a odhodlan\u00fd, aby eskalaci bezpe\u010dn\u011b zastavil. A tak spir\u00e1la pokra\u010duje.<\/p>\n<hr \/>\n<h3>Aktu\u00e1ln\u00ed pr\u016fzkum mo\u017en\u00e9ho p\u0159\u00edpadu nap\u011bt\u00ed v N\u011bmecku<\/h3>\n<div class='bootstrap-yop yop-poll-mc'>\n\t\t\t\t\t\t\t<div class=\"basic-yop-poll-container\" style=\"background-color:#ffffff; border:0px; border-style:solid; border-color:#000000; border-radius:5px; padding:0px 5px;\" data-id=\"6\" data-temp=\"basic-pretty\" data-skin=\"square\" data-cscheme=\"blue\" data-cap=\"0\" data-access=\"guest\" data-tid=\"\" data-uid=\"3d913c536cdd3ca378f11e77efc8173e\" data-pid=\"3546\" data-resdet=\"votes-number,percentages\" data-show-results-to=\"guest\" data-show-results-moment=\"after-vote\" data-show-results-only=\"false\" data-show-message=\"true\" data-show-results-as=\"bar\" data-sort-results-by=\"as-defined\" data-sort-results-rule=\"asc\"data-is-ended=\"0\" data-percentages-decimals=\"2\" data-gdpr=\"no\" data-gdpr-sol=\"consent\" data-css=\".basic-yop-poll-container[data-uid] .basic-vote {\t\t\t\t\t\t\t\t\ttext-align: center;\t\t\t\t\t\t\t\t}\" data-counter=\"0\" data-load-with=\"1\" data-notification-section=\"top\"><div class=\"row\"><div class=\"col-md-12\"><div class=\"basic-inner\"><div class=\"basic-message hide\" style=\"border-left: 10px solid #008000; padding: 0px 10px;\" data-error=\"#ff0000\" data-success=\"#008000\"><p class=\"basic-message-text\" style=\"color:#000000; font-size:14px; font-weight:normal;\"><\/p><\/div><div class=\"basic-overlay hide\"><div class=\"basic-vote-options\"><\/div><div class=\"basic-preloader\"><div class=\"basic-windows8\"><div class=\"basic-wBall basic-wBall_1\"><div class=\"basic-wInnerBall\"><\/div><\/div><div class=\"basic-wBall basic-wBall_2\"><div class=\"basic-wInnerBall\"><\/div><\/div><div class=\"basic-wBall basic-wBall_3\"><div class=\"basic-wInnerBall\"><\/div><\/div><div class=\"basic-wBall basic-wBall_4\"><div class=\"basic-wInnerBall\"><\/div><\/div><div class=\"basic-wBall basic-wBall_5\"><div class=\"basic-wInnerBall\"><\/div><\/div><\/div><\/div><\/div><form class=\"basic-form\" action=\"\"><input type=\"hidden\" name=\"_token\" value=\"6f2dd3fc53\" autocomplete=\"off\"><div class=\"basic-elements\"><div class=\"basic-element basic-question basic-question-text-vertical\" data-id=\"6\" data-uid=\"d9c279b5d9a3defcb5b55104b2d64eda\" data-type=\"question\" data-question-type=\"text\" data-required=\"yes\" data-allow-multiple=\"no\" data-min=\"1\" data-max=\"7\" data-display=\"vertical\" data-colnum=\"\" data-display-others=\"no\" data-others-color=\"\" data-others=\"\" data-others-max-chars=\"0\"><div class=\"basic-question-title\"><h5 style=\"color:#000000; font-size:16px; font-weight:normal; text-align:left;\">Jak dob\u0159e se vy osobn\u011b c\u00edt\u00edte p\u0159ipraveni na p\u0159\u00edpadn\u00e9 nap\u011bt\u00ed (nap\u0159. krizi nebo v\u00e1lku)?<\/h5><\/div><ul class=\"basic-answers\"><li class=\"basic-answer\" style=\"padding:0px 0px;\" data-id=\"24\" data-type=\"text\" data-vn=\"19\" data-color=\"#000000\" data-make-link=\"no\" data-link=\"\"><div class=\"basic-answer-content basic-text-vertical\"><label for=\"answer[24]\" class=\"basic-answer-label\"><input type=\"radio\" id=\"answer[24]\" name=\"answer[6]\" value=\"24\"><span class=\"basic-text\" style=\"color: #000000; font-size: 14px; font-weight: normal;\">Velmi dob\u0159e - m\u00e1m z\u00e1soby, znalosti a pl\u00e1n<\/span><\/label><\/div><\/li><li class=\"basic-answer\" style=\"padding:0px 0px;\" data-id=\"25\" data-type=\"text\" data-vn=\"36\" data-color=\"#000000\" data-make-link=\"no\" data-link=\"\"><div class=\"basic-answer-content basic-text-vertical\"><label for=\"answer[25]\" class=\"basic-answer-label\"><input type=\"radio\" id=\"answer[25]\" name=\"answer[6]\" value=\"25\"><span class=\"basic-text\" style=\"color: #000000; font-size: 14px; font-weight: normal;\">Docela dobr\u00e9 - trochu jsem o tom p\u0159em\u00fd\u0161lel<\/span><\/label><\/div><\/li><li class=\"basic-answer\" style=\"padding:0px 0px;\" data-id=\"26\" data-type=\"text\" data-vn=\"59\" data-color=\"#000000\" data-make-link=\"no\" data-link=\"\"><div class=\"basic-answer-content basic-text-vertical\"><label for=\"answer[26]\" class=\"basic-answer-label\"><input type=\"radio\" id=\"answer[26]\" name=\"answer[6]\" value=\"26\"><span class=\"basic-text\" style=\"color: #000000; font-size: 14px; font-weight: normal;\">T\u011b\u017eko - jen douf\u00e1m, \u017ee se nic nestane<\/span><\/label><\/div><\/li><li class=\"basic-answer\" style=\"padding:0px 0px;\" data-id=\"27\" data-type=\"text\" data-vn=\"13\" data-color=\"#000000\" data-make-link=\"no\" data-link=\"\"><div class=\"basic-answer-content basic-text-vertical\"><label for=\"answer[27]\" class=\"basic-answer-label\"><input type=\"radio\" id=\"answer[27]\" name=\"answer[6]\" value=\"27\"><span class=\"basic-text\" style=\"color: #000000; font-size: 14px; font-weight: normal;\">V\u016fbec ne - z\u00e1m\u011brn\u011b toto t\u00e9ma potla\u010duji.<\/span><\/label><\/div><\/li><li class=\"basic-answer\" style=\"padding:0px 0px;\" data-id=\"28\" data-type=\"text\" data-vn=\"17\" data-color=\"#000000\" data-make-link=\"no\" data-link=\"\"><div class=\"basic-answer-content basic-text-vertical\"><label for=\"answer[28]\" class=\"basic-answer-label\"><input type=\"radio\" id=\"answer[28]\" name=\"answer[6]\" value=\"28\"><span class=\"basic-text\" style=\"color: #000000; font-size: 14px; font-weight: normal;\">Co je to vlastn\u011b \"pokles nap\u011bt\u00ed\"?<\/span><\/label><\/div><\/li><\/ul><\/div><div class=\"clearfix\"><\/div><\/div><div class=\"basic-vote\"><a href=\"#\" class=\"button basic-vote-button\" role=\"button\" style=\"background:#027bb8; border:0px; border-style: solid; border-color:#000000; border-radius:5px; padding:10px 10px; color:#ffffff; font-size:14px; font-weight:normal;\">Hlasujte na<\/a><\/div><input type=\"hidden\" name=\"trp-form-language\" value=\"cs\"\/><\/form><\/div><\/div><\/div><\/div>\n\t\t\t\t\t\t<\/div>\n<hr \/>\n<h3>Nejnebezpe\u010dn\u011bj\u0161\u00ed bod: f\u00e1ze kr\u00e1tce p\u0159ed ztr\u00e1tou kontroly nad vozidlem<\/h3>\n<p>V d\u011bjin\u00e1ch velk\u00fdch konflikt\u016f byl v\u017edy jeden moment, kter\u00fd byl obzvl\u00e1\u0161t\u011b nebezpe\u010dn\u00fd: ne samotn\u00fd okam\u017eik v\u00e1lky, ale f\u00e1ze, kter\u00e1 j\u00ed p\u0159edch\u00e1zela. F\u00e1ze, v n\u00ed\u017e se v\u0161ichni z\u00fa\u010dastn\u011bn\u00ed domn\u00edvaj\u00ed, \u017ee maj\u00ed st\u00e1le kontrolu nad situac\u00ed - p\u0159esto\u017ee ji ji\u017e fakticky ztratili. Tuto f\u00e1zi charakterizuj\u00ed \u010dty\u0159i mechanismy:<\/p>\n<ol>\n<li><strong>Chybn\u00e9 interpretace<\/strong><br \/>\nVe vypjat\u00e9 situaci je ka\u017ed\u00fd sign\u00e1l p\u0159ehnan\u011b interpretov\u00e1n:<br \/>\n- Vojensk\u00e9 cvi\u010den\u00ed vypad\u00e1 jako p\u0159\u00edprava na \u00fatok.<br \/>\n- Politick\u00e9 prohl\u00e1\u0161en\u00ed jako hrozba.<br \/>\n- Letadlo ve \u0161patn\u00e9 z\u00f3n\u011b jako \u00fatok.<br \/>\n\u010c\u00edm v\u011bt\u0161\u00ed je strach, t\u00edm men\u0161\u00ed je schopnost st\u0159\u00edzliv\u011b analyzovat v\u011bci.<\/li>\n<li><strong>Dom\u00e1c\u00ed politick\u00fd tlak<\/strong><br \/>\nKdy\u017e se vl\u00e1dy ob\u00e1vaj\u00ed o svou d\u016fv\u011bryhodnost, reaguj\u00ed rychleji, tvrd\u011bji a impulzivn\u011bji. Ne proto, \u017ee by cht\u011bly, ale proto\u017ee v\u011b\u0159\u00ed, \u017ee mus\u00ed. P\u0159esn\u011b toho jsme v sou\u010dasnosti sv\u011bdky v p\u0159\u00edpad\u011b Izraele a \u00cdr\u00e1nu.<\/li>\n<li><strong>Automatick\u00e1 eskalace<\/strong><br \/>\nVojensk\u00e9 syst\u00e9my se \u0159\u00edd\u00ed automatizovan\u00fdmi procesy:<br \/>\n- St\u0159ely jsou zachyceny.<br \/>\n- C\u00edle jsou ozna\u010deny.<br \/>\n- Aktivov\u00e1na protiopat\u0159en\u00ed.<br \/>\nV takov\u00fdch syst\u00e9mech sta\u010d\u00ed k chybn\u00e9mu rozhodnut\u00ed n\u011bkolik sekund.<\/li>\n<li><strong>Dynamika zastupov\u00e1n\u00ed<\/strong><br \/>\nMilice, skupiny, autonomn\u00ed akt\u00e9\u0159i - ti mohou vyvolat akce, kter\u00e9 Izrael ani \u00cdr\u00e1n nepl\u00e1nuj\u00ed. A ka\u017ed\u00e1 z t\u011bchto akc\u00ed m\u016f\u017ee b\u00fdt druhou stranou interpretov\u00e1na jako p\u0159\u00edm\u00e1 st\u00e1tn\u00ed akce.<\/li>\n<\/ol>\n<h3>Pro\u010d je pr\u00e1v\u011b tento okam\u017eik nejnebezpe\u010dn\u011bj\u0161\u00ed<\/h3>\n<p>Proto\u017ee vytv\u00e1\u0159\u00ed iluzi kontroly. Proto\u017ee d\u00edky n\u00ed politici v\u011b\u0159\u00ed, \u017ee mohou je\u0161t\u011b v\u010das zas\u00e1hnout. Proto\u017ee to nut\u00ed arm\u00e1du v\u011b\u0159it, \u017ee jej\u00ed pl\u00e1nov\u00e1n\u00ed je robustn\u00ed. A proto\u017ee to z\u00e1rove\u0148 spl\u0148uje v\u0161echny podm\u00ednky pro ne\u00famysln\u00e9 peklo.<\/p>\n<p>Jsme zkr\u00e1tka ve f\u00e1zi, kdy ka\u017ed\u00e1 akce - i ta obrann\u00e1 - m\u016f\u017ee b\u00fdt vn\u00edm\u00e1na jako \u00fatok.<br \/>\nA to je logika eskalace, kter\u00e1 v historii opakovan\u011b vedla ke katastrof\u00e1m.<\/p>\n<h3>Hnac\u00ed s\u00edly eskalace izraelsko-\u00edr\u00e1nsk\u00e9ho konfliktu<\/h3>\n<div style=\"overflow-x: auto;\">\n<table style=\"border-collapse: collapse; width: 100%;\">\n<tbody>\n<tr style=\"background: #f2f2f2;\">\n<td><strong>Ovlada\u010d eskalace<\/strong><\/td>\n<td><strong>Popis<\/strong><\/td>\n<td><strong>Strategick\u00fd dopad<\/strong><\/td>\n<\/tr>\n<tr>\n<td><strong>Dom\u00e1c\u00ed politick\u00fd tlak<\/strong><\/td>\n<td>Ob\u011b zem\u011b mus\u00ed uk\u00e1zat tvrdost, pokud nemaj\u00ed b\u00fdt pova\u017eov\u00e1ny za slab\u00e9.<\/td>\n<td>Sni\u017euje prostor pro kompromisy.<\/td>\n<\/tr>\n<tr>\n<td><strong>Asymetrick\u00e9 v\u00e1le\u010dn\u00e9 technologie<\/strong><\/td>\n<td>Masivn\u00ed vyu\u017e\u00edv\u00e1n\u00ed bezpilotn\u00edch letoun\u016f, raket, proxy a kybernetick\u00fdch \u00fatok\u016f.<\/td>\n<td>P\u0159et\u011b\u017euje obrann\u00e9 syst\u00e9my, zvy\u0161uje riziko chyb.<\/td>\n<\/tr>\n<tr>\n<td><strong>Nedostatek vn\u011bj\u0161\u00ed zprost\u0159edkovatelsk\u00e9 moci<\/strong><\/td>\n<td>USA oslabily, Evropa je bezv\u00fdznamn\u011bj\u0161\u00ed, \u010c\u00edna a Rusko jsou omezeny.<\/td>\n<td>Eskala\u010dn\u00ed spir\u00e1la pokra\u010duje v nezmen\u0161en\u00e9 m\u00ed\u0159e.<\/td>\n<\/tr>\n<\/tbody>\n<\/table>\n<\/div>\n<hr \/>\n\n\t\t\t<div class=\"display-post-types\">\n\n\t\t\t\t\t\t\t<style type=\"text\/css\">\n\t\t\t#dpt-wrapper-937 { --dpt-text-align: left;--dpt-image-crop: center;--dpt-border-radius: 5px;--dpt-h-gutter: 10px;--dpt-v-gutter: 10px; }\t\t\t<\/style>\n\t\t\t<style type=\"text\/css\">#dpt-wrapper-937 { --dpt-title-font-style:normal;--dpt-title-font-weight:600;--dpt-title-line-height:1.5;--dpt-title-text-decoration:none;--dpt-title-text-transform:none;--dpt-excerpt-font-style:normal;--dpt-excerpt-font-weight:400;--dpt-excerpt-line-height:1.5;--dpt-excerpt-text-decoration:none;--dpt-excerpt-text-transform:none;--dpt-meta1-font-style:normal;--dpt-meta1-font-weight:400;--dpt-meta1-line-height:1.9;--dpt-meta1-text-decoration:none;--dpt-meta1-text-transform:none;--dpt-meta2-font-style:normal;--dpt-meta2-font-weight:400;--dpt-meta2-line-height:1.9;--dpt-meta2-text-decoration:none;--dpt-meta2-text-transform:none; }<\/style><div class=\"dpt-main-header\">\n\t\t\t\t\t\t<div class=\"dpt-main-title\">\n\t\t\t\t\t\t\t<span class=\"dpt-main-title-text\">Aktu\u00e1ln\u00ed \u010dl\u00e1nky o N\u011bmecku<\/span>\n\t\t\t\t\t\t<\/div>\n\t\t\t\t\t\t\n\t\t\t\t\t\t\n\t\t\t\t\t\t\n\t\t\t\t\t\t<\/div>\t\t\t\n\t\t\t\t<div id=\"dpt-wrapper-937\" class=\"dpt-wrapper dpt-list2 land1 dpt-cropped dpt-flex-wrap\" >\n\n\t\t\t\t\t\t\t\t\t\t\t<div class=\"dpt-entry has-thumbnail\" data-title=\"fracking, lng und energiepolitik: eine n\u00fcchterne analyse von risiken, chancen und realit\u00e4t\" data-id=\"5579\"  data-category=\"allgemein gesellschaft gesundheit\" data-post_tag=\"deutschland energiepolitik europa geopolitik krisen\">\n\t\t\t\t\t\t\t<div class=\"dpt-entry-wrapper\"><div class=\"dpt-featured-content\"><div class=\"dpt-permalink\"><a href=\"https:\/\/www.markus-schall.de\/cs\/2026\/04\/fracking-lng-a-energeticka-politika-strizliva-analyza-rizik-prilezitosti-a-reality\/\" class=\"dpt-permalink\"><span class=\"screen-reader-text\">Fracking, LNG a energetick\u00e1 politika: st\u0159\u00edzliv\u00e1 anal\u00fdza rizik, p\u0159\u00edle\u017eitost\u00ed a reality<\/span><\/a><\/div><div class=\"dpt-thumbnail\"><div class=\"dpt-thumbnail-inner\"><img width=\"1024\" height=\"683\" class=\"attachment-full size-full\" alt=\"\u0160t\u011bpen\u00ed zemn\u00edho plynu a energetick\u00e1 politika\" context=\"dpt\" data-dpt-src=\"https:\/\/www.markus-schall.de\/wp-content\/uploads\/Fracking-Energiepolitik.jpg\" data-dpt-sizes=\"(max-width: 1024px) 100vw, 1024px\" data-dpt-srcset=\"https:\/\/www.markus-schall.de\/wp-content\/uploads\/Fracking-Energiepolitik.jpg 1024w, https:\/\/www.markus-schall.de\/wp-content\/uploads\/Fracking-Energiepolitik-300x200.jpg 300w, https:\/\/www.markus-schall.de\/wp-content\/uploads\/Fracking-Energiepolitik-768x512.jpg 768w, https:\/\/www.markus-schall.de\/wp-content\/uploads\/Fracking-Energiepolitik-18x12.jpg 18w\" \/><\/div><span class=\"dpt-thumbnail-aspect-ratio\" style=\"padding-top: 75%\"><\/span><\/div><\/div><div class=\"sub-entry\"><h3 class=\"dpt-title\"><a class=\"dpt-title-link\" href=\"https:\/\/www.markus-schall.de\/cs\/2026\/04\/fracking-lng-a-energeticka-politika-strizliva-analyza-rizik-prilezitosti-a-reality\/\" rel=\"bookmark\">Fracking, LNG a energetick\u00e1 politika: st\u0159\u00edzliv\u00e1 anal\u00fdza rizik, p\u0159\u00edle\u017eitost\u00ed a reality<\/a><\/h3><\/div><\/div>\n\t\t\t\t\t\t<\/div><!-- .dpt-entry -->\n\t\t\t\t\t\t\t\t\t\t\t\t<div class=\"dpt-entry has-thumbnail\" data-title=\"vicco von b\u00fclow alias loriot \u2013 ordnung, form und der leise widerstand des humors\" data-id=\"4169\"  data-category=\"allgemein gesellschaft kunst &amp; kultur stories &amp; humor\" data-post_tag=\"deutschland erfahrungen pers\u00f6nlichkeitsentwicklung portrait\">\n\t\t\t\t\t\t\t<div class=\"dpt-entry-wrapper\"><div class=\"dpt-featured-content\"><div class=\"dpt-permalink\"><a href=\"https:\/\/www.markus-schall.de\/cs\/2025\/12\/vicco-von-buelow-alias-loriot-objednavkovy-formular-a-tichy-odpor-humoru\/\" class=\"dpt-permalink\"><span class=\"screen-reader-text\">Vicco von B\u00fclow alias Loriot - \u0159\u00e1d, forma a tich\u00fd odpor humoru<\/span><\/a><\/div><div class=\"dpt-thumbnail\"><div class=\"dpt-thumbnail-inner\"><img width=\"1024\" height=\"747\" class=\"attachment-full size-full\" alt=\"\" context=\"dpt\" data-dpt-src=\"https:\/\/www.markus-schall.de\/wp-content\/uploads\/Loriot-Titel.jpg\" data-dpt-sizes=\"(max-width: 1024px) 100vw, 1024px\" data-dpt-srcset=\"https:\/\/www.markus-schall.de\/wp-content\/uploads\/Loriot-Titel.jpg 1024w, https:\/\/www.markus-schall.de\/wp-content\/uploads\/Loriot-Titel-300x219.jpg 300w, https:\/\/www.markus-schall.de\/wp-content\/uploads\/Loriot-Titel-768x560.jpg 768w, https:\/\/www.markus-schall.de\/wp-content\/uploads\/Loriot-Titel-16x12.jpg 16w\" \/><\/div><span class=\"dpt-thumbnail-aspect-ratio\" style=\"padding-top: 75%\"><\/span><\/div><\/div><div class=\"sub-entry\"><h3 class=\"dpt-title\"><a class=\"dpt-title-link\" href=\"https:\/\/www.markus-schall.de\/cs\/2025\/12\/vicco-von-buelow-alias-loriot-objednavkovy-formular-a-tichy-odpor-humoru\/\" rel=\"bookmark\">Vicco von B\u00fclow alias Loriot - \u0159\u00e1d, forma a tich\u00fd odpor humoru<\/a><\/h3><\/div><\/div>\n\t\t\t\t\t\t<\/div><!-- .dpt-entry -->\n\t\t\t\t\t\t\t\t\t\t\t\t<div class=\"dpt-entry has-thumbnail\" data-title=\"nord stream sprengung: sabotage, machtpolitik und die unbequemen offenen fragen\" data-id=\"4441\"  data-category=\"allgemein gesellschaft\" data-post_tag=\"deutschland energiepolitik europa geopolitik krisen meinungsfreiheit sicherheitspolitik spieltheorie\">\n\t\t\t\t\t\t\t<div class=\"dpt-entry-wrapper\"><div class=\"dpt-featured-content\"><div class=\"dpt-permalink\"><a href=\"https:\/\/www.markus-schall.de\/cs\/2026\/01\/severni-proud-odstrelovani-sabotazni-politika-moci-a-neprijemne-otevrene-otazky\/\" class=\"dpt-permalink\"><span class=\"screen-reader-text\">Demolice Nord Streamu: sabot\u00e1\u017e, mocensk\u00e1 politika a nep\u0159\u00edjemn\u00e9 nezodpov\u011bzen\u00e9 ot\u00e1zky<\/span><\/a><\/div><div class=\"dpt-thumbnail\"><div class=\"dpt-thumbnail-inner\"><img width=\"1024\" height=\"683\" class=\"attachment-full size-full\" alt=\"Odst\u0159el plynovodu Nord Stream\" context=\"dpt\" data-dpt-src=\"https:\/\/www.markus-schall.de\/wp-content\/uploads\/nordstream-sprengung.jpg\" data-dpt-sizes=\"(max-width: 1024px) 100vw, 1024px\" data-dpt-srcset=\"https:\/\/www.markus-schall.de\/wp-content\/uploads\/nordstream-sprengung.jpg 1024w, https:\/\/www.markus-schall.de\/wp-content\/uploads\/nordstream-sprengung-300x200.jpg 300w, https:\/\/www.markus-schall.de\/wp-content\/uploads\/nordstream-sprengung-768x512.jpg 768w, https:\/\/www.markus-schall.de\/wp-content\/uploads\/nordstream-sprengung-18x12.jpg 18w\" \/><\/div><span class=\"dpt-thumbnail-aspect-ratio\" style=\"padding-top: 75%\"><\/span><\/div><\/div><div class=\"sub-entry\"><h3 class=\"dpt-title\"><a class=\"dpt-title-link\" href=\"https:\/\/www.markus-schall.de\/cs\/2026\/01\/severni-proud-odstrelovani-sabotazni-politika-moci-a-neprijemne-otevrene-otazky\/\" rel=\"bookmark\">Demolice Nord Streamu: sabot\u00e1\u017e, mocensk\u00e1 politika a nep\u0159\u00edjemn\u00e9 nezodpov\u011bzen\u00e9 ot\u00e1zky<\/a><\/h3><\/div><\/div>\n\t\t\t\t\t\t<\/div><!-- .dpt-entry -->\n\t\t\t\t\t\t\t\t\t\t\t\t<div class=\"dpt-entry has-thumbnail\" data-title=\"warum dieter bohlen spricht, wenn andere schweigen: ein portr\u00e4t \u00fcber flei\u00df und klarheit\" data-id=\"3744\"  data-category=\"allgemein gesellschaft kunst &amp; kultur\" data-post_tag=\"auswandern deutschland erfahrungen krisen meinungsfreiheit musik portrait\">\n\t\t\t\t\t\t\t<div class=\"dpt-entry-wrapper\"><div class=\"dpt-featured-content\"><div class=\"dpt-permalink\"><a href=\"https:\/\/www.markus-schall.de\/cs\/2025\/12\/proc-dieter-bohlen-mluvi-kdyz-ostatni-mlci-portret-pile-a-jasnosti\/\" class=\"dpt-permalink\"><span class=\"screen-reader-text\">Pro\u010d Dieter Bohlen mluv\u00ed, kdy\u017e ostatn\u00ed ml\u010d\u00ed: Portr\u00e9t pracovitosti a jasnosti<\/span><\/a><\/div><div class=\"dpt-thumbnail\"><div class=\"dpt-thumbnail-inner\"><img width=\"1024\" height=\"683\" class=\"attachment-full size-full\" alt=\"\" context=\"dpt\" data-dpt-src=\"https:\/\/www.markus-schall.de\/wp-content\/uploads\/Dieter-Bohlen-Portrait.jpg\" data-dpt-sizes=\"(max-width: 1024px) 100vw, 1024px\" data-dpt-srcset=\"https:\/\/www.markus-schall.de\/wp-content\/uploads\/Dieter-Bohlen-Portrait.jpg 1024w, https:\/\/www.markus-schall.de\/wp-content\/uploads\/Dieter-Bohlen-Portrait-300x200.jpg 300w, https:\/\/www.markus-schall.de\/wp-content\/uploads\/Dieter-Bohlen-Portrait-768x512.jpg 768w, https:\/\/www.markus-schall.de\/wp-content\/uploads\/Dieter-Bohlen-Portrait-18x12.jpg 18w\" \/><\/div><span class=\"dpt-thumbnail-aspect-ratio\" style=\"padding-top: 75%\"><\/span><\/div><\/div><div class=\"sub-entry\"><h3 class=\"dpt-title\"><a class=\"dpt-title-link\" href=\"https:\/\/www.markus-schall.de\/cs\/2025\/12\/proc-dieter-bohlen-mluvi-kdyz-ostatni-mlci-portret-pile-a-jasnosti\/\" rel=\"bookmark\">Pro\u010d Dieter Bohlen mluv\u00ed, kdy\u017e ostatn\u00ed ml\u010d\u00ed: Portr\u00e9t pracovitosti a jasnosti<\/a><\/h3><\/div><\/div>\n\t\t\t\t\t\t<\/div><!-- .dpt-entry -->\n\t\t\t\t\t\t\n\t\t\t\t<\/div>\n\t\t\t\t\t\t<\/div>\n\t\t\t\n<hr \/>\n<h2>Co je nyn\u00ed t\u0159eba ud\u011blat pro stabilizaci situace?<\/h2>\n<p>Up\u0159\u00edmn\u011b \u0159e\u010deno, mnoho lid\u00ed v sou\u010dasn\u00e9 dob\u011b hovo\u0159\u00ed o deeskalaci, ale m\u00e1lokdo up\u0159es\u0148uje, co by k tomu vlastn\u011b bylo pot\u0159eba. Politick\u00e9 v\u00fdzvy, kter\u00e9 denn\u011b sl\u00fdch\u00e1me, nejsou obvykle ni\u010d\u00edm jin\u00fdm ne\u017e r\u00e9torick\u00fdm cvi\u010den\u00edm z povinnosti - formulovan\u00e9 sice p\u0159\u00e1telsky, ale ve skute\u010dnosti ne\u00fa\u010dinn\u00e9. V situaci, jako je tato, nen\u00ed zapot\u0159eb\u00ed v\u00edce slov, ale struktur, kter\u00e9 skute\u010dn\u011b zabr\u00e1n\u00ed dal\u0161\u00ed eskalaci konfliktu.<\/p>\n<p>Prvn\u00edm krokem je p\u0159ijmout fakt, \u017ee ani apely, ani mor\u00e1ln\u00ed po\u017eadavky situaci nezm\u011bn\u00ed. Konflikty tohoto rozsahu se stabilizuj\u00ed pouze tehdy, jsou-li spln\u011bny t\u0159i podm\u00ednky:<\/p>\n<ol>\n<li><strong>Ob\u011b strany mus\u00ed z\u00edskat minim\u00e1ln\u00ed \u00farove\u0148 bezpe\u010dnosti<\/strong><br \/>\nBez bezpe\u010dnosti nen\u00ed mo\u017en\u00e9 sn\u00ed\u017eit eskalaci. Pro Izrael to znamen\u00e1, \u017ee bezprost\u0159edn\u00ed hrozba raket, bezpilotn\u00edch letoun\u016f a \u00fatok\u016f se mus\u00ed sn\u00ed\u017eit - ne zcela, ale znateln\u011b. Pro \u00cdr\u00e1n to znamen\u00e1, \u017ee strach z rozs\u00e1hl\u00e9ho odvetn\u00e9ho \u00faderu nesm\u00ed b\u00fdt zdrcuj\u00edc\u00ed. Deeskalace tedy neza\u010d\u00edn\u00e1 d\u016fv\u011brou, ale vypo\u010d\u00edtavou bezpe\u010dnost\u00ed.<\/li>\n<li><strong>Ob\u011b strany mus\u00ed uznat strategii odchodu<\/strong><br \/>\nOba hr\u00e1\u010di se v sou\u010dasn\u00e9 dob\u011b nach\u00e1zej\u00ed u zdi, za kterou ji\u017e nemohou ustoupit. Deeskalace je v\u0161ak mo\u017en\u00e1 pouze v p\u0159\u00edpad\u011b, \u017ee existuje cesta zp\u011bt k norm\u00e1lu, ani\u017e by se vz\u00e1jemn\u011b politicky zni\u010dili. Ka\u017ed\u00e1 strana pot\u0159ebuje symbolick\u00e9 \u00fasp\u011bchy, kter\u00e9 j\u00ed umo\u017en\u00ed uk\u00e1zat tvrdost a p\u0159esto ustoupit. T\u011bmi mohou b\u00fdt: omezen\u00e9 p\u0159\u00edm\u011b\u0159\u00ed, sta\u017een\u00ed n\u011bkter\u00fdch milic\u00ed, diplomatick\u00e9 zprost\u0159edkov\u00e1n\u00ed, kter\u00e9 lze prodat jako \u201e\u00fasp\u011bch\u201c, nebo bezpe\u010dnostn\u00ed z\u00e1ruky od vn\u011bj\u0161\u00edch zprost\u0159edkovatel\u016f.<\/li>\n<li><strong>Extern\u00ed hr\u00e1\u010di mus\u00ed b\u00fdt schopni op\u011bt hr\u00e1t roli.<\/strong><br \/>\nDokud budou hlavn\u00ed mocnosti p\u0159et\u00ed\u017een\u00e9, nezainteresovan\u00e9 nebo vnit\u0159n\u011b rozd\u011blen\u00e9, nebude existovat \u017e\u00e1dn\u00fd r\u00e1mec pro skute\u010dnou deeskalaci. Je zapot\u0159eb\u00ed struktur\u00e1ln\u00ed prot\u011bj\u0161ek, kter\u00fd vytvo\u0159\u00ed d\u016fv\u011bru - nebo alespo\u0148 sn\u00ed\u017e\u00ed obavy z nejhor\u0161\u00edho.<\/li>\n<\/ol>\n<p>Bez takov\u00e9 struktury bude situace nestabiln\u00ed, a\u0165 u\u017e bude vyhl\u00e1\u0161eno kolikkoli jedn\u00e1n\u00ed.<\/p>\n<h3>Co by Z\u00e1pad ji\u017e nem\u011bl d\u011blat<\/h3>\n<p>Mnoho chyb, kter\u00fdch se v posledn\u00edch desetilet\u00edch dopustil Z\u00e1pad, je d\u016fsledkem reflex\u016f z doby, kdy byl sv\u011btov\u00fd \u0159\u00e1d je\u0161t\u011b jasn\u00fd. Dnes jsou v\u0161ak tyto reflexy ne\u00fa\u010dinn\u00e9 nebo dokonce nebezpe\u010dn\u00e9. Ka\u017ed\u00fd, kdo chce situaci stabilizovat, mus\u00ed nejprve p\u0159estat opakovat star\u00e9 chyby.<\/p>\n<ol>\n<li><strong>\u017d\u00e1dn\u00e1 mor\u00e1ln\u00ed arogance<\/strong><br \/>\nZ\u00e1pad m\u00e1 tendenci hodnotit konflikty mor\u00e1ln\u011b a teprve pot\u00e9 je strategicky analyzovat. V existenci\u00e1ln\u00edch konfliktech m\u00e1 v\u0161ak mor\u00e1lka jen mal\u00fd vliv. St\u00e1ty nejednaj\u00ed na z\u00e1klad\u011b mor\u00e1ln\u00edch kategori\u00ed, ale na z\u00e1klad\u011b logiky bezpe\u010dnostn\u00ed politiky. Pokud Evropa nebo USA budou nad\u00e1le jednat tak, jako by vysoce komplexn\u00ed konflikt bylo mo\u017en\u00e9 vy\u0159e\u0161it pomoc\u00ed apel\u016f nebo sankc\u00ed, nejen\u017ee ztrat\u00ed d\u016fv\u011bryhodnost, ale samy se budou jevit jako naivn\u00ed.<\/li>\n<li><strong>\u017d\u00e1dn\u00fd z\u00e1sah bez porozum\u011bn\u00ed<\/strong><br \/>\nKl\u00ed\u010dovou chybou v minulosti byl p\u0159edpoklad, \u017ee politick\u00e9 syst\u00e9my v ciz\u00edch regionech lze \u201ereformovat\u201c, \u201estabilizovat\u201c nebo dokonce \u201emodernizovat\u201c, ani\u017e by byla pochopena jejich kultura, historie a vnit\u0159n\u00ed struktura. Pr\u00e1v\u011b to vedlo ke katastrof\u00e1m v Ir\u00e1ku, Afgh\u00e1nist\u00e1nu, Libyi a S\u00fdrii. Konflikt v \u00cdr\u00e1nu op\u011bt ukazuje, \u017ee zasahov\u00e1n\u00ed bez pochopen\u00ed m\u00edstn\u00ed logiky eskalaci je\u0161t\u011b zhor\u0161uje.<\/li>\n<li><strong>\u017d\u00e1dn\u00e1 nerealistick\u00e1 o\u010dek\u00e1v\u00e1n\u00ed p\u0159i vyjedn\u00e1v\u00e1n\u00ed<\/strong><br \/>\nVyjedn\u00e1v\u00e1n\u00ed nen\u00ed v\u0161el\u00e9k. Funguj\u00ed pouze tehdy, pokud ob\u011b strany mohou n\u011bco z\u00edskat a n\u011bco ztratit. V sou\u010dasn\u00e9 situaci jsou jedn\u00e1n\u00ed \u010dasto jen symbolick\u00fdm aktem. Skute\u010dn\u00e1 diplomacie mus\u00ed akceptovat, \u017ee neexistuj\u00ed rychl\u00e1 \u0159e\u0161en\u00ed - a \u017ee n\u011bkter\u00e9 konflikty lze stabilizovat pouze prost\u0159ednictv\u00edm dlouhodob\u00fdch dohod.<\/li>\n<li><strong>\u017d\u00e1dn\u00e1 iluze glob\u00e1ln\u00ed kontroly<\/strong><br \/>\nP\u0159edstava, \u017ee Z\u00e1pad m\u016f\u017ee kdykoli zas\u00e1hnout a \u201ezvl\u00e1dnout\u201c krizi, je zastaral\u00e1. V multipol\u00e1rn\u00edm sv\u011bt\u011b nemaj\u00ed intervence stabiliza\u010dn\u00ed, ale destabiliza\u010dn\u00ed \u00fa\u010dinek. Deeskalace se dnes nedosahuje dominanc\u00ed, ale omezen\u00edm.<\/li>\n<\/ol>\n<h3>N\u011bmecko ve st\u00ednu konfliktu<\/h3>\n<p>Novin\u00e1\u0159 a geopolitick\u00fd pozorovatel Patrik Baab ve sv\u00e9 p\u0159edn\u00e1\u0161ce analyzuje sou\u010dasnou v\u00e1lku mezi USA, Izraelem a \u00cdr\u00e1nem a zasazuje ji do \u0161ir\u0161\u00edho glob\u00e1ln\u00edho kontextu. Baab tvrd\u00ed, \u017ee konflikt ji\u017e d\u00e1vno p\u0159es\u00e1hl hranice Bl\u00edzk\u00e9ho v\u00fdchodu a je sou\u010d\u00e1st\u00ed \u0161ir\u0161\u00edho mocensk\u00e9ho boje mezi Z\u00e1padem a nov\u011b vznikaj\u00edc\u00edmi st\u00e1ty BRICS.<\/p>\n<div class=\"lyte-wrapper\" style=\"width:640px;max-width:100%;margin:5px;\"><div class=\"lyMe\" id=\"WYL_GsgC7BF-kZA\"><div id=\"lyte_GsgC7BF-kZA\" data-src=\"https:\/\/www.markus-schall.de\/wp-content\/plugins\/wp-youtube-lyte\/lyteCache.php?origThumbUrl=%2F%2Fi.ytimg.com%2Fvi%2FGsgC7BF-kZA%2Fhqdefault.jpg\" class=\"pL\"><div class=\"tC\"><div class=\"tT\"><\/div><\/div><div class=\"play\"><\/div><div class=\"ctrl\"><div class=\"Lctrl\"><\/div><div class=\"Rctrl\"><\/div><\/div><\/div><noscript><a href=\"https:\/\/youtu.be\/GsgC7BF-kZA\" rel=\"nofollow noopener\" target=\"_blank\"><img loading=\"lazy\" decoding=\"async\" src=\"https:\/\/www.markus-schall.de\/wp-content\/plugins\/wp-youtube-lyte\/lyteCache.php?origThumbUrl=https%3A%2F%2Fi.ytimg.com%2Fvi%2FGsgC7BF-kZA%2F0.jpg\" alt=\"Miniatura videa na YouTube\" width=\"640\" height=\"340\" \/><br \/>Pod\u00edvejte se na toto video na YouTube<\/a><\/noscript><\/div><\/div><div class=\"lL\" style=\"max-width:100%;width:640px;margin:5px;\"><\/div><br \/>\nInvaze do \u00cdr\u00e1nu aneb: tak\u00e9 n\u011bmeck\u00e1 v\u00e1lka | <a href=\"https:\/\/www.youtube.com\/@PatrikBaab-Official\" target=\"_blank\" rel=\"nofollow noopener\">Patrik Baab<\/a><\/p>\n<p>Zvl\u00e1\u0161t\u011b kontroverzn\u00ed je jeho teze, \u017ee N\u011bmecko je do tohoto konfliktu zapojeno i nep\u0159\u00edmo - politicky, vojensky a logisticky, nap\u0159\u00edklad prost\u0159ednictv\u00edm infrastruktury, struktur NATO a vojensk\u00e9 spolupr\u00e1ce. Baab ve sv\u00e9 p\u0159edn\u00e1\u0161ce rovn\u011b\u017e osv\u011btluje strategick\u00fd v\u00fdznam Hormuzsk\u00e9ho pr\u016flivu, mo\u017en\u00e9 ekonomick\u00e9 d\u016fsledky pro Evropu a roli Ruska a \u010c\u00edny v pozad\u00ed tohoto konfliktu.<\/p>\n<h3>Nov\u00e1 evropsk\u00e1 bezpe\u010dnostn\u00ed kultura<\/h3>\n<p>Evropa \u010del\u00ed z\u00e1sadn\u00edm ot\u0159es\u016fm. Nejen kv\u016fli konfliktu na Bl\u00edzk\u00e9m v\u00fdchod\u011b, ale tak\u00e9 proto, \u017ee tento konflikt ukazuje, jak nal\u00e9hav\u011b Evropa pot\u0159ebuje nov\u00e9 zp\u016fsoby my\u0161len\u00ed - v oblasti bezpe\u010dnostn\u00ed politiky, ekonomiky, m\u00e9di\u00ed a diplomacie.<\/p>\n<ol>\n<li><strong>Evropa se mus\u00ed nau\u010dit vid\u011bt sv\u011bt realisticky<\/strong><br \/>\nDoby, kdy Evropa \u017eila v komfortn\u00ed z\u00f3n\u011b, kterou si sama vytvo\u0159ila, a na krize se d\u00edvala jen zpovzd\u00e1l\u00ed, jsou pry\u010d. Bezpe\u010dnostn\u00ed kultura neznamen\u00e1 alarmismus, ale smysl pro realitu. Evropa mus\u00ed identifikovat rizika, p\u0159ij\u00edmat rozhodnut\u00ed a p\u0159evz\u00edt odpov\u011bdnost - ne se pouze zab\u00fdvat symbolickou politikou.<\/li>\n<li><strong>Reindustrializace a energetick\u00e1 autonomie<\/strong><br \/>\nStabiln\u00ed zahrani\u010dn\u00ed politika je v\u017edy zalo\u017eena na ekonomick\u00e9 s\u00edle. Evropa po desetilet\u00ed oslabovala svou pr\u016fmyslovou z\u00e1kladnu a stala se z\u00e1vislou na energii. To se j\u00ed nyn\u00ed vymstilo. Pokud chcete b\u00fdt schopni geopoliticky jednat, pot\u0159ebujete ekonomickou nez\u00e1vislost - nebo alespo\u0148 robustn\u00ed struktury.<\/li>\n<li><strong>P\u0159ekon\u00e1n\u00ed medi\u00e1ln\u00ed sebekapacitace<\/strong><br \/>\nJeden kl\u00ed\u010dov\u00fd bod: kdy\u017e m\u00e9dia krize zleh\u010duj\u00ed, br\u00e1n\u00ed to spole\u010dnosti, aby se stala odolnou. Nov\u00e1 bezpe\u010dnostn\u00ed kultura pot\u0159ebuje m\u00e9dia, kter\u00e1 nebudou uklid\u0148ovat, ale vysv\u011btlovat - up\u0159\u00edmn\u011b, bez p\u0159\u00edkras, ale zodpov\u011bdn\u011b.<\/li>\n<li><strong>Diplomacie bez moralizov\u00e1n\u00ed<\/strong><br \/>\nDiplomacie nen\u00ed o mor\u00e1ln\u00edch soudech. Je o vyva\u017eov\u00e1n\u00ed z\u00e1jm\u016f. Evropa pot\u0159ebuje zahrani\u010dn\u00ed politiku, kter\u00e1 tuto skute\u010dnost akceptuje. Zahrani\u010dn\u00ed politiku, kter\u00e1 ch\u00e1pe, \u017ee je t\u0159eba mluvit s obt\u00ed\u017en\u00fdmi akt\u00e9ry - ne proto, \u017ee je m\u00e1te r\u00e1di, ale proto, \u017ee existuj\u00ed.<\/li>\n<li><strong>Realistick\u00e9 priority<\/strong><br \/>\nEvropa mus\u00ed p\u0159estat zab\u0159ed\u00e1vat do vedlej\u0161\u00edch probl\u00e9m\u016f. Z\u00e1sadn\u00edmi ot\u00e1zkami jsou bezpe\u010dnost, energetika, pr\u016fmysl, infrastruktura a informa\u010dn\u00ed suverenita. V\u0161e ostatn\u00ed p\u0159ijde na \u0159adu a\u017e pot\u00e9.<\/li>\n<\/ol>\n<h3>Bezpe\u010dnost Evropy mezi eskalac\u00ed a strategickou reorientac\u00ed<\/h3>\n<p><a href=\"https:\/\/www.markus-schall.de\/cs\/2025\/12\/jeffrey-sachs-varuje-nemecko-proc-je-treba-prehodnotit-bezpecnost-evropy\/\"><img loading=\"lazy\" decoding=\"async\" class=\"alignright size-medium wp-image-4082\" src=\"https:\/\/www.markus-schall.de\/wp-content\/uploads\/jeffrey-sachs-bundeskanzler-eu-300x200.jpg\" alt=\"Jeffrey Sachs p\u00ed\u0161e otev\u0159en\u00fd dopis kancl\u00e9\u0159i Merzovi\" width=\"300\" height=\"200\" srcset=\"https:\/\/www.markus-schall.de\/wp-content\/uploads\/jeffrey-sachs-bundeskanzler-eu-300x200.jpg 300w, https:\/\/www.markus-schall.de\/wp-content\/uploads\/jeffrey-sachs-bundeskanzler-eu-768x512.jpg 768w, https:\/\/www.markus-schall.de\/wp-content\/uploads\/jeffrey-sachs-bundeskanzler-eu-18x12.jpg 18w, https:\/\/www.markus-schall.de\/wp-content\/uploads\/jeffrey-sachs-bundeskanzler-eu.jpg 1024w\" sizes=\"auto, (max-width: 300px) 100vw, 300px\" \/><\/a>Sou\u010dasn\u00e1 eskalace na Bl\u00edzk\u00e9m v\u00fdchod\u011b tak\u00e9 vyvol\u00e1v\u00e1 z\u00e1sadn\u00ed ot\u00e1zku: Jakou roli vlastn\u011b Evropa je\u0161t\u011b hraje v glob\u00e1ln\u00ed bezpe\u010dnostn\u00ed architektu\u0159e? Pr\u00e1v\u011b tuto ot\u00e1zku si klade ekonom a geopolitick\u00fd analytik Jeffrey Sachs ve sv\u00e9m hojn\u011b diskutovan\u00e9m otev\u0159en\u00e9m dopise n\u011bmeck\u00e9 vl\u00e1d\u011b. Sachs tvrd\u00ed, \u017ee bezpe\u010dnost v Evrop\u011b nelze poj\u00edmat jednostrann\u011b, ale je zalo\u017eena na principu \u201ened\u011bliteln\u00e9 bezpe\u010dnosti\u201c - jin\u00fdmi slovy, \u017ee stabilita dlouhodob\u011b funguje pouze tehdy, pokud jsou zohledn\u011bny z\u00e1jmy v\u0161ech hlavn\u00edch akt\u00e9r\u016f. V m\u00e9m \u010dl\u00e1nku <a href=\"https:\/\/www.markus-schall.de\/cs\/2025\/12\/jeffrey-sachs-varuje-nemecko-proc-je-treba-prehodnotit-bezpecnost-evropy\/\"><em><strong>\u201eJeffrey Sachs varuje N\u011bmecko: Pro\u010d je t\u0159eba p\u0159ehodnotit bezpe\u010dnost Evropy\u201c<\/strong><\/em><\/a> je tato perspektiva zkoum\u00e1na podrobn\u011bji. Text ukazuje, pro\u010d je podle Sachse nutn\u00fd n\u00e1vrat k diplomacii, strategick\u00e9mu realismu a dlouhodob\u00e9 stabilit\u011b.<\/p>\n<h3>Mo\u017en\u00e9 budouc\u00ed sc\u00e9n\u00e1\u0159e a jejich strategick\u00fd v\u00fdznam<\/h3>\n<div style=\"overflow-x: auto;\">\n<table style=\"border-collapse: collapse; width: 100%;\">\n<tbody>\n<tr style=\"background: #f2f2f2;\">\n<td><strong>Sc\u00e9n\u00e1\u0159<\/strong><\/td>\n<td><strong>Stru\u010dn\u00fd popis<\/strong><\/td>\n<td><strong>Strategick\u00e9 d\u016fsledky<\/strong><\/td>\n<\/tr>\n<tr>\n<td><strong>Omezen\u00e1 deeskalace<\/strong><\/td>\n<td>Kr\u00e1tkodob\u00e9 p\u0159\u00edm\u011b\u0159\u00ed, nep\u0159\u00edm\u00e9 zprost\u0159edkov\u00e1n\u00ed, \u010d\u00e1ste\u010dn\u00e9 sta\u017een\u00ed.<\/td>\n<td>Do\u010dasn\u011b stabilizuje, ale ne\u0159e\u0161\u00ed z\u00e1kladn\u00ed probl\u00e9my.<\/td>\n<\/tr>\n<tr>\n<td><strong>Pokra\u010duj\u00edc\u00ed eskalace<\/strong><\/td>\n<td>Dal\u0161\u00ed raketov\u00e9 \u00fatoky, region\u00e1ln\u00ed expanze, z\u00e1stupn\u00e9 v\u00e1lky.<\/td>\n<td>Vysok\u00e9 riziko ztr\u00e1ty strategick\u00e9 kontroly.<\/td>\n<\/tr>\n<tr>\n<td><strong>\u0160okov\u00e1 ud\u00e1lost<\/strong> (nap\u0159. taktick\u00e1 jadern\u00e1 zbra\u0148).<\/td>\n<td>Prolomen\u00ed tabu, glob\u00e1ln\u00ed \u0161okov\u00e1 vlna, masivn\u00ed geopolitick\u00e1 reorganizace.<\/td>\n<td>Glob\u00e1ln\u00ed destabilizace, p\u0159ehodnocen\u00ed v\u0161ech bezpe\u010dnostn\u00edch architektur.<\/td>\n<\/tr>\n<\/tbody>\n<\/table>\n<\/div>\n<h2>Pro\u010d je tato krize zlomov\u00e1 - Z\u00e1pad na rozcest\u00ed<\/h2>\n<p>Pokud sou\u010dasnou eskalaci analyzujete st\u0159\u00edzliv\u011b, nevid\u00edte jen region\u00e1ln\u00ed konflikt, ale tektonick\u00fd posun ve sv\u011btov\u00e9m \u0159\u00e1du. Je to moment, kter\u00fd ukazuje, jak moc Z\u00e1pad ztratil strategickou v\u00e1hu - ne n\u00e1hle, ale jakousi pl\u00ed\u017eivou eroz\u00ed, kter\u00e1 se nyn\u00ed poprv\u00e9 viditeln\u011b prod\u00edr\u00e1 na povrch.<\/p>\n<p>Krize na Bl\u00edzk\u00e9m v\u00fdchod\u011b je zlomov\u00e1, proto\u017ee odhaluje v\u0161echny slabiny najednou:<\/p>\n<ul>\n<li>nedostatek geopolitick\u00e9 kontroly,<\/li>\n<li>naivn\u00ed nad\u011bje na mor\u00e1ln\u00ed \u0159\u00e1d,<\/li>\n<li>medi\u00e1ln\u00ed sebeuklidn\u011bn\u00ed,<\/li>\n<li>ekonomick\u00e1 zranitelnost,<\/li>\n<li>a strategick\u00e9 rozt\u0159\u00ed\u0161t\u011bnosti z\u00e1padn\u00edho sv\u011bta.<\/li>\n<\/ul>\n<p>Poprv\u00e9 po desetilet\u00edch \u010del\u00ed z\u00e1padn\u00ed st\u00e1ty situaci, kdy nemaj\u00ed ani man\u00e9vrovac\u00ed prostor, ani nad\u0159azen\u00e9 strategick\u00e9 prost\u0159edky. Mohou apelovat, varovat a napom\u00ednat - ale situaci u\u017e nemohou ovlivnit. A pr\u00e1v\u011b to \u010din\u00ed situaci tak nestabiln\u00ed. Syst\u00e9m, kter\u00fd byl po desetilet\u00ed pova\u017eov\u00e1n za organizuj\u00edc\u00ed s\u00edlu, ztratil sv\u00e9 struktur\u00e1ln\u00ed centrum.<\/p>\n<p>Ale pr\u00e1v\u011b proto m\u00e1 tento okam\u017eik zvl\u00e1\u0161tn\u00ed v\u00fdznam: nut\u00ed n\u00e1s znovu se zab\u00fdvat realitou. Ne ze slabosti, ale z nutnosti.<\/p>\n<h3>P\u0159\u00edle\u017eitost v krizi: n\u00e1vrat do reality<\/h3>\n<p>Paradoxn\u00ed je, \u017ee tyto krize jsou tak\u00e9 p\u0159\u00edle\u017eitost\u00ed k n\u011b\u010demu, na co z\u00e1padn\u00ed politika ji\u017e l\u00e9ta zapom\u00edn\u00e1: k n\u00e1vratu ke sv\u011btu, v n\u011bm\u017e strategick\u00e1 rozhodnut\u00ed ji\u017e nejsou zalo\u017eena na zbo\u017en\u00fdch p\u0159\u00e1n\u00edch, symbolick\u00e9 politice nebo mor\u00e1ln\u00edch n\u00e1roc\u00edch, ale na st\u0159\u00edzliv\u00e9m zv\u00e1\u017een\u00ed rovnov\u00e1hy sil.<\/p>\n<p>Po desetilet\u00ed lid\u00e9 v\u011b\u0159ili, \u017ee sv\u011bt je tv\u00e1rn\u00fd, sta\u010d\u00ed dostate\u010dn\u011b vysv\u011btlovat, sankcionovat nebo apelovat. Ale sou\u010dasn\u00e1 eskalace ukazuje: Glob\u00e1ln\u00ed politika se nepod\u0159izuje mor\u00e1ln\u00ed v\u016fli jednotliv\u00fdch st\u00e1t\u016f. \u0158\u00edd\u00ed se strukturami, z\u00e1jmy, historick\u00fdmi liniemi a mocensk\u00fdmi vztahy.<\/p>\n<p>Toto pozn\u00e1n\u00ed je nep\u0159\u00edjemn\u00e9 - ale je sp\u00e1sn\u00e9. Proto\u017ee jen sv\u011bt, kter\u00fd je vn\u00edm\u00e1n re\u00e1ln\u011b, m\u016f\u017ee b\u00fdt re\u00e1ln\u011b utv\u00e1\u0159en. A pouze politika, kter\u00e1 uzn\u00e1v\u00e1, \u017ee ostatn\u00ed akt\u00e9\u0159i maj\u00ed sv\u00e9 vlastn\u00ed z\u00e1jmy, svou vlastn\u00ed racionalitu a sv\u00e9 vlastn\u00ed mocensk\u00e9 prost\u0159edky, m\u016f\u017ee b\u00fdt dlouhodob\u011b \u00fasp\u011b\u0161n\u00e1.<\/p>\n<h3>Nov\u00fd strategick\u00fd realismus<\/h3>\n<p>Z\u00e1pad nyn\u00ed stoj\u00ed p\u0159ed volbou:<\/p>\n<ul>\n<li>Bu\u010f se dr\u017e\u00ed sv\u00e9ho star\u00e9ho obrazu sebe sama a douf\u00e1, \u017ee se sv\u011bt op\u011bt p\u0159izp\u016fsob\u00ed.<\/li>\n<li>Nebo se sm\u00ed\u0159\u00ed s t\u00edm, \u017ee se sv\u011bt zm\u011bnil - a \u017ee se mus\u00ed zm\u011bnit s n\u00edm.<\/li>\n<\/ul>\n<p>Strategick\u00fd realismus neznamen\u00e1 cynismus, ale jasnost. Ne rezignaci, ale nov\u00fd z\u00e1klad. Sv\u011bt, v n\u011bm\u017e jsou st\u00e1ty jako \u00cdr\u00e1n, Turecko, Indie a Sa\u00fadsk\u00e1 Ar\u00e1bie, stejn\u011b jako mnoho men\u0161\u00edch hr\u00e1\u010d\u016f, sebev\u011bdom\u011bj\u0161\u00ed, vy\u017eaduje od Evropy a USA zahrani\u010dn\u00ed politiku, kter\u00e1 m\u00e9n\u011b pou\u010duje a v\u00edce rozum\u00ed. Bezpe\u010dnostn\u00ed politiku, kter\u00e1 m\u00e9n\u011b reaguje a v\u00edce p\u0159edv\u00edd\u00e1. A hospod\u00e1\u0159skou a energetickou politiku, kter\u00e1 je m\u00e9n\u011b z\u00e1visl\u00e1 a odoln\u011bj\u0161\u00ed.<\/p>\n<p>Pokud tento konflikt n\u011bco ukazuje, pak to, \u017ee sv\u011btov\u00fd \u0159\u00e1d, kter\u00fd byl zalo\u017een na samoz\u0159ejmosti, je t\u0159eba p\u0159ehodnotit.<\/p>\n<h3>Pohled do budoucna - a pro\u010d nen\u00ed budoucnost jist\u00e1<\/h3>\n<p>Bylo by troufal\u00e9 tvrdit, \u017ee dnes m\u016f\u017eeme \u0159\u00edci, jak sou\u010dasn\u00fd konflikt skon\u010d\u00ed. Ve h\u0159e je p\u0159\u00edli\u0161 mnoho prom\u011bnn\u00fdch, p\u0159\u00edli\u0161 mnoho mo\u017en\u00fdch zvrat\u016f a strategick\u00fdch nezn\u00e1m\u00fdch. Ale pr\u00e1v\u011b proto je tato z\u00e1v\u011bre\u010dn\u00e1 kapitola d\u016fle\u017eit\u00e1: jej\u00edm c\u00edlem nen\u00ed vyn\u00e1\u0161et soudy, ale poskytnout vod\u00edtko.<\/p>\n<ul>\n<li>V\u00edme, \u017ee z\u00e1kladn\u00ed politick\u00e9 vzorce se zm\u011bnily.<\/li>\n<li>V\u00edme, \u017ee odstra\u0161en\u00ed ji\u017e nefunguje automaticky.<\/li>\n<li>V\u00edme, \u017ee k eskalaci dnes doch\u00e1z\u00ed rychleji a je obt\u00ed\u017en\u011bj\u0161\u00ed ji zastavit.<\/li>\n<li>V\u00edme, \u017ee z\u00e1padn\u00ed zem\u011b ji\u017e nemaj\u00ed prost\u0159edky na to, aby samy zvl\u00e1dly glob\u00e1ln\u00ed krize.<\/li>\n<\/ul>\n<p>A v\u00edme, \u017ee tento konflikt - stejn\u011b jako v\u00e1lka na Ukrajin\u011b - je sou\u010d\u00e1st\u00ed v\u011bt\u0161\u00ed zm\u011bny: posunu k multipol\u00e1rn\u00edmu sv\u011btu, v n\u011bm\u017e jsou moc, vliv a rizika rozd\u011bleny jinak ne\u017e d\u0159\u00edve.<\/p>\n<ul>\n<li>Nev\u00edme, zda se konflikt uklidn\u00ed, nebo bude d\u00e1le eskalovat.<\/li>\n<li>Nev\u00edme, jakou roli budou hr\u00e1t extern\u00ed hr\u00e1\u010di.<\/li>\n<li>Nev\u00edme, jak dlouho budou Izrael a \u00cdr\u00e1n schopni udr\u017eet sv\u00e9 sou\u010dasn\u00e9 pozice.<\/li>\n<li>A nev\u00edme, zda p\u0159\u00ed\u0161t\u00edch n\u011bkolik m\u011bs\u00edc\u016f povede ke stabilizaci regionu - nebo ke strategick\u00e9 \u0159et\u011bzov\u00e9 reakci.<\/li>\n<\/ul>\n<p>To je podstata strategick\u00e9 nejistoty: nev\u00edte, co p\u0159ijde, ale zn\u00e1te mechanismy, kter\u00e9 k tomu mohou v\u00e9st.<\/p>\n<h3>Otev\u0159en\u00fd konec - proto\u017ee to jinak nejde<\/h3>\n<p>Tato krize nem\u00e1 p\u0159edem dan\u00fd konec. Nen\u00ed to uzav\u0159en\u00e1 kapitola, ale proces, kter\u00fd se st\u00e1le vyv\u00edj\u00ed. Proces, kter\u00fd by mohl charakterizovat nadch\u00e1zej\u00edc\u00ed roky na mezin\u00e1rodn\u00ed \u00farovni. A nut\u00ed n\u00e1s opustit iluzi, \u017ee m\u016f\u017eeme p\u0159edv\u00eddat nebo kontrolovat geopolitick\u00fd v\u00fdvoj.<\/p>\n<p>Mo\u017en\u00e1 tento konflikt povede k nov\u00e9mu region\u00e1ln\u00edmu uspo\u0159\u00e1d\u00e1n\u00ed.<\/p>\n<p>Mo\u017en\u00e1 skon\u010d\u00ed ve f\u00e1zi nestabiln\u00edho p\u0159\u00edm\u011b\u0159\u00ed.<\/p>\n<p>Mo\u017en\u00e1 se to je\u0161t\u011b vystup\u0148uje, ne\u017e se znovu najde rovnov\u00e1ha.<\/p>\n<p>Mo\u017en\u00e1 to dokonce povede k dlouhodob\u00e9 politick\u00e9 reorientaci Z\u00e1padu - takov\u00e9, kter\u00e1 ho u\u010din\u00ed op\u011bt schopn\u011bj\u0161\u00edm jednat.<\/p>\n<p>Jedno je v\u0161ak jist\u00e9: tento konflikt je zlomov\u00fd. A zlomov\u00e9 body se vyzna\u010duj\u00ed t\u00edm, \u017ee m\u011bn\u00ed sm\u011br, ani\u017e by bylo hned \u0159e\u010deno, kam cesta sm\u011b\u0159uje. Ze strategick\u00e9ho hlediska je to jedin\u00fd poctiv\u00fd pohled na v\u011bc. Proto\u017ee ka\u017ed\u00fd, kdo v t\u00e9to situaci tvrd\u00ed, \u017ee m\u00e1 jistotu, situaci nepochopil.<\/p>\n<h3>Mezin\u00e1rodn\u00ed pr\u00e1vo mezi aspirac\u00ed a geopolitickou realitou<\/h3>\n<p><a href=\"https:\/\/www.markus-schall.de\/cs\/2026\/01\/svetovy-rad-zalozeny-na-pravidlech-a-mezinarodni-pravo-mezi-realitou-a-porusovanim-prava\/\"><img loading=\"lazy\" decoding=\"async\" class=\"alignright size-medium wp-image-4281\" src=\"https:\/\/www.markus-schall.de\/wp-content\/uploads\/voelkerrecht-weltordnung-titel-300x200.jpg\" alt=\"Mezin\u00e1rodn\u00ed pr\u00e1vo a sv\u011btov\u00fd \u0159\u00e1d zalo\u017een\u00fd na pravidlech\" width=\"300\" height=\"200\" srcset=\"https:\/\/www.markus-schall.de\/wp-content\/uploads\/voelkerrecht-weltordnung-titel-300x200.jpg 300w, https:\/\/www.markus-schall.de\/wp-content\/uploads\/voelkerrecht-weltordnung-titel-768x512.jpg 768w, https:\/\/www.markus-schall.de\/wp-content\/uploads\/voelkerrecht-weltordnung-titel-18x12.jpg 18w, https:\/\/www.markus-schall.de\/wp-content\/uploads\/voelkerrecht-weltordnung-titel.jpg 1024w\" sizes=\"auto, (max-width: 300px) 100vw, 300px\" \/><\/a>Sou\u010dasn\u00e1 eskalace mezi Izraelem, USA a \u00cdr\u00e1nem nevyhnuteln\u011b vyvol\u00e1v\u00e1 z\u00e1sadn\u00ed ot\u00e1zku: Jakou roli vlastn\u011b je\u0161t\u011b hraje mezin\u00e1rodn\u00ed pr\u00e1vo ve sv\u011bt\u011b rostouc\u00ed mocensk\u00e9 politiky? V politick\u00fdch projevech se \u010dasto hovo\u0159\u00ed o \u201emezin\u00e1rodn\u00edm \u0159\u00e1du zalo\u017een\u00e9m na pravidlech\u201c, ale v krizov\u00fdch okam\u017eic\u00edch se znovu a znovu ukazuje, jak siln\u011b mohou strategick\u00e9 z\u00e1jmy, vojensk\u00e1 logika a geopolitick\u00e9 soupe\u0159en\u00ed tyto z\u00e1sady p\u0159ev\u00e1\u017eit. Pr\u00e1v\u011b touto oblast\u00ed nap\u011bt\u00ed se podrobn\u011bji zab\u00fdv\u00e1m v podkladov\u00e9m \u010dl\u00e1nku <a href=\"https:\/\/www.markus-schall.de\/cs\/2026\/01\/svetovy-rad-zalozeny-na-pravidlech-a-mezinarodni-pravo-mezi-realitou-a-porusovanim-prava\/\"><em><strong>\u201eSv\u011btov\u00fd \u0159\u00e1d zalo\u017een\u00fd na pravidlech a mezin\u00e1rodn\u00ed pr\u00e1vo: mezi tvrzen\u00edm, skute\u010dnost\u00ed a poru\u0161en\u00edm pr\u00e1va\u201c<\/strong><\/em><\/a>. Zab\u00fdv\u00e1 se pravidly, kter\u00e1 maj\u00ed dr\u017eet mezin\u00e1rodn\u00ed syst\u00e9m pohromad\u011b, pro\u010d jsou opakovan\u011b poru\u0161ov\u00e1na - a pro\u010d mezin\u00e1rodn\u00ed pr\u00e1vo p\u0159esto hraje \u00fast\u0159edn\u00ed roli ve stabilit\u011b a omezov\u00e1n\u00ed konflikt\u016f.<\/p>\n<hr \/>\n<h2>Podrobn\u00e9 zdroje k t\u00e9matu<\/h2>\n<ol>\n<li style=\"list-style-type: none;\">\n<ol>\n<li><b><a href=\"https:\/\/www.aljazeera.com\/gallery\/2025\/6\/18\/the-history-of-netanyahus-rhetoric-on-irans-nuclear-ambitions\" target=\"_blank\" rel=\"noopener\">Historie Netanjahuovy r\u00e9toriky o \u00edr\u00e1nsk\u00fdch jadern\u00fdch ambic\u00edch<\/a><\/b>P\u0159ehled v\u00edce ne\u017e t\u0159\u00ed desetilet\u00ed politick\u00fdch varov\u00e1n\u00ed Benjamina Netanjahua p\u0159ed \u00fadajn\u011b hroz\u00edc\u00edm \u00edr\u00e1nsk\u00fdm jadern\u00fdm zbrojn\u00edm programem, kter\u00fd p\u0159in\u00e1\u0161\u00ed Al-D\u017eaz\u00edra. Anal\u00fdza ukazuje, jak se tato varov\u00e1n\u00ed ve\u0159ejn\u011b opakuj\u00ed od po\u010d\u00e1tku 90. let 20. stolet\u00ed.<\/li>\n<li><b><a href=\"https:\/\/www.theweek.com\/speedreads\/542019\/netanyahu-been-warning-iran-isclose-nuke-since-1992\" target=\"_blank\" rel=\"noopener\">Netanjahu varuje, \u017ee \u00cdr\u00e1n je bl\u00edzko jadern\u00e9 bomb\u011b, u\u017e od roku 1992.<\/a><\/b>: P\u0159ehled Netanjahuov\u00fdch kl\u00ed\u010dov\u00fdch v\u00fdrok\u016f od po\u010d\u00e1tku 90. let, v\u010detn\u011b jeho p\u0159edpov\u011bdi z roku 1992, \u017ee \u00cdr\u00e1n m\u016f\u017ee vyvinout jadernou bombu do t\u0159\u00ed a\u017e p\u011bti let. \u010cl\u00e1nek shrnuje opakovan\u00e1 varov\u00e1n\u00ed v chronologick\u00e9m po\u0159ad\u00ed.<\/li>\n<li><b><a href=\"https:\/\/www.csmonitor.com\/World\/Middle-East\/2011\/1108\/Imminent-Iran-nuclear-threat-A-timeline-of-warnings-since-1979\" target=\"_blank\" rel=\"noopener\">Bezprost\u0159edn\u00ed \u00edr\u00e1nsk\u00e1 jadern\u00e1 hrozba? \u010casov\u00e1 osa varov\u00e1n\u00ed od roku 1979<\/a><\/b>Christian Science Monitor sleduje historii varov\u00e1n\u00ed Z\u00e1padu p\u0159ed \u00edr\u00e1nsk\u00fdm jadern\u00fdm programem a ukazuje, jak se tato hodnocen\u00ed vyv\u00edjela v pr\u016fb\u011bhu n\u011bkolika desetilet\u00ed. \u010casov\u00e1 osa poskytuje d\u016fle\u017eit\u00fd historick\u00fd kontext pro politick\u00e9 debaty kolem \u00edr\u00e1nsk\u00e9ho jadern\u00e9ho programu.<\/li>\n<li><b><a href=\"https:\/\/www.gov.il\/en\/pages\/speechun270912\" target=\"_blank\" rel=\"noopener\">Projev premi\u00e9ra Netanjahua na Valn\u00e9m shrom\u00e1\u017ed\u011bn\u00ed OSN (2012)<\/a><\/b>Ofici\u00e1ln\u00ed dokumentace slavn\u00e9ho Netanjahuova projevu na Valn\u00e9m shrom\u00e1\u017ed\u011bn\u00ed OSN, v n\u011bm\u017e pomoc\u00ed grafick\u00e9ho zn\u00e1zorn\u011bn\u00ed (\u201e\u010derven\u00e9 linie\u201c) varoval p\u0159ed hroz\u00edc\u00edm \u00edr\u00e1nsk\u00fdm jadern\u00fdm zbrojn\u00edm programem. Tento projev se stal jedn\u00edm z nejslavn\u011bj\u0161\u00edch moment\u016f mezin\u00e1rodn\u00ed debaty o \u00cdr\u00e1nu.<\/li>\n<li><b><a href=\"https:\/\/www.csmonitor.com\/World\/Middle-East\/2012\/0928\/Netanyahu-s-simple-bomb-graphic-confuses-the-nuclear-experts\" target=\"_blank\" rel=\"noopener\">Netanjahuova jednoduch\u00e1 grafika bomby mate jadern\u00e9 experty<\/a><\/b>: Anal\u00fdza vysoce symbolick\u00e9 \u201ekreslen\u00e9 bomby\u201c, kterou Netanjahu p\u0159edstavil v OSN v roce 2012. Odborn\u00edci kritizovali skute\u010dnost, \u017ee ilustrace zna\u010dn\u011b zjednodu\u0161ila slo\u017eit\u00e9 technick\u00e9 ot\u00e1zky \u00edr\u00e1nsk\u00e9ho jadern\u00e9ho programu.<\/li>\n<li><b><a href=\"https:\/\/www.theguardian.com\/world\/2012\/sep\/27\/binyamin-netanyahu-cartoon-bomb-un\" target=\"_blank\" rel=\"noopener\">Netanjahu\u016fv bombov\u00fd pl\u00e1n usp\u011bl, ale ne tak, jak si premi\u00e9r p\u0159\u00e1l<\/a><\/b>Den\u00edk Guardian informuje o mezin\u00e1rodn\u00ed reakci na Netanjahu\u016fv slavn\u00fd projev v OSN a symbolick\u00e9 \u201ekreslen\u00ed bomby\u201c, kter\u00e9 p\u0159it\u00e1hlo pozornost cel\u00e9ho sv\u011bta a ovlivnilo debatu o \u00edr\u00e1nsk\u00e9m jadern\u00e9m programu.<\/li>\n<li><b><a href=\"https:\/\/www.bloomberg.com\/news\/articles\/2025-06-13\/after-30-years-of-hesitation-netanyahu-pulled-the-trigger\" target=\"_blank\" rel=\"noopener\">Po 30 letech varov\u00e1n\u00ed Netanjahu stiskl spou\u0161\u0165<\/a><\/b>Agentura Bloomberg analyzuje, jak Netanjahu po desetilet\u00ed l\u00ed\u010dil \u00cdr\u00e1n jako hlavn\u00ed existen\u010dn\u00ed hrozbu pro Izrael a nakonec podpo\u0159il vojenskou akci proti \u00edr\u00e1nsk\u00e9mu jadern\u00e9mu programu.<\/li>\n<li><b><a href=\"https:\/\/www.reuters.com\/article\/world\/us\/iran-on-brink-of-nuclear-bomb-in-6-7-months-netanyahu-idUSBRE88F06Q\/\" target=\"_blank\" rel=\"noopener\">\u00cdr\u00e1n je na pokraji jadern\u00e9 bomby do 6-7 m\u011bs\u00edc\u016f: Netanjahu<\/a><\/b>Agentura Reuters informovala o Netanjahuov\u011b varov\u00e1n\u00ed z roku 2012, \u017ee \u00cdr\u00e1n by mohl b\u011bhem n\u011bkolika m\u011bs\u00edc\u016f z\u00edskat schopnost vyrobit jadernou bombu. \u010cl\u00e1nek je p\u0159\u00edkladem opakuj\u00edc\u00edch se popla\u0161n\u00fdch zpr\u00e1v izraelsk\u00e9 vl\u00e1dy.<\/li>\n<li><b><a href=\"https:\/\/en.wikipedia.org\/wiki\/Nuclear_program_of_Iran\" target=\"_blank\" rel=\"noopener\">\u00cdr\u00e1nsk\u00fd jadern\u00fd program<\/a><\/b>P\u0159ehled historie, v\u00fdvoje a politick\u00fdch spor\u016f kolem \u00edr\u00e1nsk\u00e9ho jadern\u00e9ho programu - od jeho po\u010d\u00e1tk\u016f v 50. letech a\u017e po revoluci v roce 1979 a sou\u010dasn\u00e9 mezin\u00e1rodn\u00ed konflikty.<\/li>\n<li><b><a href=\"https:\/\/en.wikipedia.org\/wiki\/Timeline_of_the_nuclear_program_of_Iran\" target=\"_blank\" rel=\"noopener\">\u010casov\u00e1 osa \u00edr\u00e1nsk\u00e9ho jadern\u00e9ho programu<\/a><\/b>Podrobn\u00e1 chronologie nejd\u016fle\u017eit\u011bj\u0161\u00edch ud\u00e1lost\u00ed \u00edr\u00e1nsk\u00e9ho jadern\u00e9ho programu, v\u010detn\u011b mezin\u00e1rodn\u00edch jedn\u00e1n\u00ed, sankc\u00ed a jadern\u00e9 dohody z roku 2015 (JCPOA).<\/li>\n<li><b><a href=\"https:\/\/thebulletin.org\/2025\/06\/a-simple-timeline-of-irans-nuclear-program\/\" target=\"_blank\" rel=\"noopener\">Jednoduch\u00e1 \u010dasov\u00e1 osa \u00edr\u00e1nsk\u00e9ho jadern\u00e9ho programu<\/a><\/b>Bulletin of the Atomic Scientists vysv\u011btluje v\u00fdvoj \u00edr\u00e1nsk\u00e9ho jadern\u00e9ho programu a politick\u00e9 d\u016fsledky mezin\u00e1rodn\u00edch dohod, jako je JCPOA. Anal\u00fdza kategorizuje technick\u00fd pokrok a diplomatick\u00e9 konflikty.<\/li>\n<li><b><a href=\"https:\/\/iramcenter.org\/en\/netanyahus-nuclear-gamble-the-risks-of-escalation-with-iran_en-2607\" target=\"_blank\" rel=\"noopener\">Netanjahuova jadern\u00e1 hra: rizika eskalace s \u00cdr\u00e1nem<\/a><\/b>Anal\u00fdza Centra Iram o strategick\u00fdch rizic\u00edch vojensk\u00e9 eskalace mezi Izraelem a \u00cdr\u00e1nem a o dlouhodob\u00e9 politick\u00e9 argumentaci Netanjahua v ot\u00e1zce \u00edr\u00e1nsk\u00e9ho jadern\u00e9ho programu.<\/li>\n<li><b><a href=\"https:\/\/www.abc.net.au\/news\/2012-09-28\/netanyahu-draws-red-line-on-irans-nuke-program\/4285214\" target=\"_blank\" rel=\"noopener\">Netanjahu vyty\u010dil \u2018\u010dervenou linii\u2019 v ot\u00e1zce \u00edr\u00e1nsk\u00e9ho jadern\u00e9ho programu<\/a><\/b>Zpr\u00e1va o Netanjahuov\u011b projevu v OSN a jeho v\u00fdzv\u011b k jasn\u00e9 mezin\u00e1rodn\u00ed \u201e\u010derven\u00e9 linii\u201c, kter\u00e1 by zabr\u00e1nila \u00cdr\u00e1nu ve v\u00fdrob\u011b jadern\u00e9 bomby.<\/li>\n<li><b><a href=\"https:\/\/apnews.com\/article\/13d04138deb51e3f6315fa4ab5973cc0\" target=\"_blank\" rel=\"noopener\">Izraelsk\u00fd \u00fatok na \u00cdr\u00e1n je pro Netanjahua okam\u017eikem pravdy<\/a><\/b>Anal\u00fdza agentury AP o Netanjahuov\u00fdch dlouhodob\u00fdch varov\u00e1n\u00edch p\u0159ed \u00edr\u00e1nskou jadernou hrozbou a jej\u00edm vlivu na bezpe\u010dnostn\u00ed politiku a vojensk\u00e1 rozhodnut\u00ed Izraele.<\/li>\n<li><strong><a href=\"https:\/\/www.cfr.org\/global-conflict-tracker\/conflict\/confrontation-between-united-states-and-iran\" target=\"_blank\" rel=\"noopener\">Konfrontace mezi Spojen\u00fdmi st\u00e1ty a \u00cdr\u00e1nem<\/a><\/strong>Global Conflict Tracker Rady pro mezin\u00e1rodn\u00ed vztahy poskytuje pr\u016fb\u011b\u017en\u011b aktualizovanou anal\u00fdzu strategick\u00e9 konfrontace mezi \u00cdr\u00e1nem, USA a jejich region\u00e1ln\u00edmi spojenci. Str\u00e1nky vysv\u011btluj\u00ed historick\u00e9 p\u0159\u00ed\u010diny konfliktu, roli \u00edr\u00e1nsk\u00e9ho jadern\u00e9ho programu, region\u00e1ln\u00ed z\u00e1stupn\u00e9 v\u00e1lky a vojenskou dynamiku mezi Washingtonem, Teher\u00e1nem a Izraelem.<\/li>\n<li><b><a href=\"https:\/\/www.cfr.org\/global-conflict-tracker\/conflict\/confrontation-between-united-states-and-iran\" target=\"_blank\" rel=\"noopener\">Konfrontace mezi Spojen\u00fdmi st\u00e1ty a \u00cdr\u00e1nem<\/a><\/b>Global Conflict Tracker Rady pro mezin\u00e1rodn\u00ed vztahy poskytuje pr\u016fb\u011b\u017en\u011b aktualizovanou anal\u00fdzu strategick\u00e9 konfrontace mezi \u00cdr\u00e1nem, USA a jejich region\u00e1ln\u00edmi spojenci. Str\u00e1nky vysv\u011btluj\u00ed historick\u00e9 p\u0159\u00ed\u010diny konfliktu, roli \u00edr\u00e1nsk\u00e9ho jadern\u00e9ho programu, region\u00e1ln\u00ed z\u00e1stupn\u00e9 v\u00e1lky a vojenskou dynamiku mezi Washingtonem, Teher\u00e1nem a Izraelem.<\/li>\n<li><b><a href=\"https:\/\/www.atlanticcouncil.org\/dispatches\/experts-react-the-us-and-israel-just-unleashed-a-major-attack-on-iran-whats-next\/\" target=\"_blank\" rel=\"noopener\">Reakce odborn\u00edk\u016f: Co p\u0159ijde po americko-izraelsk\u00e9m \u00faderu na \u00cdr\u00e1n?<\/a><\/b>Anal\u00fdza n\u011bkolika bezpe\u010dnostn\u00edch expert\u016f z Atlantic Council o strategick\u00e9m v\u00fdznamu spole\u010dn\u00fdch vojensk\u00fdch \u00fader\u016f proti \u00cdr\u00e1nu. \u010cl\u00e1nek analyzuje mo\u017en\u00e9 \u00edr\u00e1nsk\u00e9 reakce, rizika region\u00e1ln\u00ed eskalace a dlouhodob\u00e9 geopolitick\u00e9 d\u016fsledky pro Bl\u00edzk\u00fd v\u00fdchod a mezin\u00e1rodn\u00ed rovnov\u00e1hu sil.<b><\/b><\/li>\n<li><b><a href=\"https:\/\/www.chathamhouse.org\/2026\/02\/us-and-israel-attack-iran-early-analysis-chatham-house-experts\" target=\"_blank\" rel=\"noopener\">\u00datok USA a Izraele na \u00cdr\u00e1n - ran\u00e1 strategick\u00e1 anal\u00fdza<\/a><\/b>Odborn\u00e1 anal\u00fdza britsk\u00e9ho think tanku Chatham House o p\u0159\u00ed\u010din\u00e1ch a d\u016fsledc\u00edch vojensk\u00e9 akce proti \u00cdr\u00e1nu. Zpr\u00e1va hodnot\u00ed \u00edr\u00e1nsk\u00fd raketov\u00fd arzen\u00e1l, jeho region\u00e1ln\u00ed milice a dlouhodobou roli t\u00e9to zem\u011b v mocensk\u00e9 struktu\u0159e Bl\u00edzk\u00e9ho v\u00fdchodu.<b><\/b><\/li>\n<li><b><a href=\"https:\/\/www.chathamhouse.org\/2026\/03\/iran-war-exposes-limits-russias-leverage-fragmenting-regional-order\" target=\"_blank\" rel=\"noopener\">V\u00e1lka s \u00cdr\u00e1nem odhaluje limity rusk\u00e9ho vlivu<\/a><\/b>Strategick\u00e1 anal\u00fdza toho, jak konflikt s \u00cdr\u00e1nem omezuje vliv Ruska na Bl\u00edzk\u00e9m v\u00fdchod\u011b a z\u00e1rove\u0148 odhaluje rozt\u0159\u00ed\u0161t\u011bnost region\u00e1ln\u00edho uspo\u0159\u00e1d\u00e1n\u00ed. \u010cl\u00e1nek osv\u011btluje roli Moskvy, jej\u00ed vztahy s Teher\u00e1nem a dopad na glob\u00e1ln\u00ed rovnov\u00e1hu sil.<b><\/b><\/li>\n<li><b><a href=\"https:\/\/www.specialeurasia.com\/2026\/03\/01\/russia-china-iran-tech-military\/\" target=\"_blank\" rel=\"noopener\">Jak rusk\u00e9 a \u010d\u00ednsk\u00e9 technologie podporuj\u00ed strategickou hloubku \u00cdr\u00e1nu<\/a><\/b>: Anal\u00fdza vojensk\u00e9 a technologick\u00e9 spolupr\u00e1ce mezi \u00cdr\u00e1nem, Ruskem a \u010c\u00ednou. \u010cl\u00e1nek ukazuje, jak transfery technologi\u00ed, vojensk\u00e1 spolupr\u00e1ce a ekonomick\u00e9 s\u00edt\u011b posiluj\u00ed strategickou pozici \u00cdr\u00e1nu v konfliktu se Z\u00e1padem.<b><\/b><\/li>\n<li><b><a href=\"https:\/\/www.oxfordeconomics.com\/iran-conflict-us-israel-iran-war-2026\/\" target=\"_blank\" rel=\"noopener\">Konflikt v \u00cdr\u00e1nu - dopady na ekonomiku a glob\u00e1ln\u00ed trh<\/a><\/b>Studie Oxford Economics o ekonomick\u00fdch dopadech konfliktu s \u00cdr\u00e1nem. Anal\u00fdza se zab\u00fdv\u00e1 zejm\u00e9na cenami energi\u00ed, glob\u00e1ln\u00edmi dodavatelsk\u00fdmi \u0159et\u011bzci, finan\u010dn\u00edmi trhy a mo\u017en\u00fdmi sc\u00e9n\u00e1\u0159i pro sv\u011btovou ekonomiku v p\u0159\u00edpad\u011b dlouhodob\u00e9 eskalace na Bl\u00edzk\u00e9m v\u00fdchod\u011b.<\/li>\n<\/ol>\n<\/li>\n<\/ol>\n<hr \/>\n<h2>\u010casto kladen\u00e9 ot\u00e1zky<\/h2>\n<ol>\n<li><strong>Pro\u010d je tento konflikt mezi Izraelem a \u00cdr\u00e1nem pova\u017eov\u00e1n za tak strategicky nebezpe\u010dn\u00fd?<\/strong><br \/>\nProto\u017ee se zde setk\u00e1v\u00e1 n\u011bkolik rovin najednou: existen\u010dn\u011b ohro\u017een\u00fd Izrael, dlouhodob\u011b p\u016fsob\u00edc\u00ed \u00cdr\u00e1n, oslaben\u00e9 struktury vlivu Z\u00e1padu, rozt\u0159\u00ed\u0161t\u011bn\u00e9 region\u00e1ln\u00ed aliance a glob\u00e1ln\u00ed mocensk\u00e1 struktura v procesu transformace. Tato kombinace vytv\u00e1\u0159\u00ed situaci, v n\u00ed\u017e tradi\u010dn\u00ed mechanismy stability p\u0159est\u00e1vaj\u00ed b\u00fdt \u00fa\u010dinn\u00e9. Strat\u00e9gov\u00e9 se takov\u00fdch situac\u00ed ob\u00e1vaj\u00ed, proto\u017ee ji\u017e nejsou p\u0159edv\u00eddateln\u00e9 a mal\u00e9 chyby mohou m\u00edt obrovsk\u00e9 n\u00e1sledky.<\/li>\n<li><strong>Pro\u010d Izrael nem\u016f\u017ee jednodu\u0161e reagovat m\u00e9n\u011b tvrd\u011b a uklidnit situaci?<\/strong><br \/>\nPro Izrael nen\u00ed zdr\u017eenlivost neutr\u00e1ln\u00edm krokem. Jak\u00e1koli viditeln\u00e1 slabost by mohla naru\u0161it jeho vlastn\u00ed odstra\u0161en\u00ed a zneklidnit obyvatelstvo. Zem\u011b se c\u00edt\u00ed existen\u010dn\u011b ohro\u017eena - a v takov\u00fdch situac\u00edch je tvrdost \u010dasto pova\u017eov\u00e1na za nutnou obranu. Z\u00e1rove\u0148 existuje politick\u00fd tlak doma, kter\u00fd blokuje um\u00edrn\u011bn\u011bj\u0161\u00ed p\u0159\u00edstupy. Izrael se proto nach\u00e1z\u00ed v situaci, kdy se zdr\u017eenlivost jev\u00ed jako riziko, nikoliv jako \u0159e\u0161en\u00ed.<\/li>\n<li><strong>Pro\u010d nem\u016f\u017ee \u00cdr\u00e1n jednodu\u0161e veslovat zp\u011bt?<\/strong><br \/>\n\u00cdr\u00e1n definuje svou legitimitu prost\u0159ednictv\u00edm odporu, ne\u00fastupnosti a region\u00e1ln\u00ed mocensk\u00e9 projekce. \u00dastup by byl na dom\u00e1c\u00ed sc\u00e9n\u011b interpretov\u00e1n jako slabost a mohl by destabilizovat re\u017eim. Z hlediska zahrani\u010dn\u00ed politiky by bylo ustoupen\u00ed vn\u00edm\u00e1no jako ztr\u00e1ta odstra\u0161uj\u00edc\u00edho \u00fa\u010dinku. Pro Teher\u00e1n tedy \u00fastup nep\u0159edstavuje pouze politick\u00fd, ale i struktur\u00e1ln\u00ed probl\u00e9m. To znamen\u00e1, \u017ee \u00cdr\u00e1n - stejn\u011b jako Izrael - je v pasti logiky, kter\u00e1 up\u0159ednost\u0148uje eskalaci.<\/li>\n<li><strong>Jakou roli hraje v sou\u010dasn\u00e9 situaci Netanjahuova politika varov\u00e1n\u00ed, kter\u00e1 trv\u00e1 ji\u017e n\u011bkolik desetilet\u00ed?<\/strong><br \/>\nOpakovan\u00e1 varov\u00e1n\u00ed p\u0159ed \u00edr\u00e1nsk\u00fdm veden\u00edm, kter\u00e9 \u201ebrzy z\u00edsk\u00e1 jadern\u00e9 zbran\u011b\u201c, od 90. let minul\u00e9ho stolet\u00ed formovala politickou kulturu v Izraeli a formovala mezin\u00e1rodn\u00ed o\u010dek\u00e1v\u00e1n\u00ed. Neust\u00e1l\u00e9 opakov\u00e1n\u00ed t\u011bchto varov\u00e1n\u00ed v\u0161ak sn\u00ed\u017eilo jejich \u00fa\u010dinnost. Nyn\u00ed, kdy\u017e je situace skute\u010dn\u011b vyhrocen\u00e1, se d\u016fv\u011bryhodnost t\u011bchto popla\u0161n\u00fdch v\u00fdzev oslabila. Z\u00e1rove\u0148 se Izrael vman\u00e9vroval do linie, z n\u00ed\u017e je \u00fastup politicky st\u011b\u017e\u00ed mo\u017en\u00fd.<\/li>\n<li><strong>Pro\u010d dnes odborn\u00edci najednou op\u011bt hovo\u0159\u00ed o pou\u017eit\u00ed taktick\u00fdch jadern\u00fdch zbran\u00ed?<\/strong><br \/>\nSou\u010dasn\u011b toti\u017e p\u016fsob\u00ed n\u011bkolik rizikov\u00fdch faktor\u016f: p\u0159et\u00ed\u017een\u00fd izraelsk\u00fd obrann\u00fd syst\u00e9m, obrovsk\u00e9 \u00edr\u00e1nsk\u00e9 raketov\u00e9 a bezpilotn\u00ed kapacity, strategick\u00e1 slep\u00e1 uli\u010dka, v n\u00ed\u017e ob\u011b strany mohou jen st\u011b\u017e\u00ed ustoupit, a tak\u00e9 geopolitick\u00e9 prost\u0159ed\u00ed, v n\u011bm\u017e Z\u00e1pad ztratil svou d\u0159\u00edv\u011bj\u0161\u00ed roli kotvy stability. Taktick\u00e9 jadern\u00e9 zbran\u011b jsou pova\u017eov\u00e1ny za \u201eultima ratio\u201c v situac\u00edch existen\u010dn\u00edho ohro\u017een\u00ed - a mnoh\u00e9 sou\u010dasn\u00e9 ud\u00e1losti nazna\u010duj\u00ed, \u017ee prostor pro rozhodov\u00e1n\u00ed se zu\u017euje.<\/li>\n<li><strong>Jak\u00e9 by byly d\u016fsledky omezen\u00e9ho jadern\u00e9ho \u00faderu na Bl\u00edzk\u00e9m v\u00fdchod\u011b?<\/strong><br \/>\nI taktick\u00e9, nestrategick\u00e9 nasazen\u00ed by m\u011blo glob\u00e1ln\u00ed d\u016fsledky. Ot\u0159\u00e1slo by mezin\u00e1rodn\u00ed bezpe\u010dnostn\u00ed architekturou, destabilizovalo region\u00e1ln\u00ed aliance, naru\u0161ilo rovnov\u00e1hu na trz\u00edch a zpochybnilo legitimitu mezin\u00e1rodn\u00edch smluv. Psychologick\u00fd efekt by byl obzvl\u00e1\u0161t\u011b v\u00fdbu\u0161n\u00fd: jednor\u00e1zov\u00e9 nasazen\u00ed by prolomilo desetilet\u00ed trvaj\u00edc\u00ed tabu - a zv\u00fd\u0161ilo by pravd\u011bpodobnost napodoben\u00ed.<\/li>\n<li><strong>Jak pravd\u011bpodobn\u00e9 je, \u017ee by P\u00e1kist\u00e1n odpov\u011bd\u011bl na jadern\u00fd \u00fatok proti \u00cdr\u00e1nu?<\/strong><br \/>\nP\u0159\u00edm\u00fd jadern\u00fd proti\u00fader ze strany P\u00e1kist\u00e1nu by byl velmi nepravd\u011bpodobn\u00fd, proto\u017ee by zemi uvrhl do sebevra\u017eedn\u00e9ho konfliktu. Pravd\u011bpodobn\u011bj\u0161\u00ed by bylo masivn\u00ed r\u00e9torick\u00e9 odsouzen\u00ed, vojensk\u00e1 mobilizace, diplomatick\u00fd tlak a pos\u00edlen\u00ed protiz\u00e1padn\u00edch alianc\u00ed. Av\u0161ak samotn\u00fd fakt, \u017ee P\u00e1kist\u00e1n je jadernou mocnost\u00ed a pova\u017euje se za ochrannou mocnost muslimsk\u00e9ho sv\u011bta, zna\u010dn\u011b zvy\u0161uje slo\u017eitost konfliktu.<\/li>\n<li><strong>Existuj\u00ed dnes je\u0161t\u011b n\u011bjak\u00e9 velmoci, kter\u00e9 by mohly bezpe\u010dn\u011b zastavit eskalaci?<\/strong><br \/>\nNe. Sv\u011bt se stal multipol\u00e1rn\u00edm. USA jsou p\u0159et\u00ed\u017een\u00e9, Evropa je politicky slab\u00e1, Rusko a \u010c\u00edna sleduj\u00ed sv\u00e9 vlastn\u00ed z\u00e1jmy a na \u00cdr\u00e1n maj\u00ed jen omezen\u00fd vliv. Ji\u017e neexistuje jedin\u00fd akt\u00e9r, kter\u00fd by mohl p\u016fsobit jako spolehliv\u00fd \u201etlumi\u010d eskalace\u201c. Pr\u00e1v\u011b t\u00edm se tato krize li\u0161\u00ed od p\u0159edchoz\u00edch konflikt\u016f.<\/li>\n<li><strong>Pro\u010d mnoho lid\u00ed v Evrop\u011b podce\u0148uje nebezpe\u010d\u00ed?<\/strong><br \/>\nProto\u017ee medi\u00e1ln\u00ed situace je siln\u011b filtrovan\u00e1. Mnoh\u00e9 z\u00e1padn\u00ed zpravodajsk\u00e9 po\u0159ady ukazuj\u00ed pouze abstrahovan\u00e9 nebo rozost\u0159en\u00e9 z\u00e1b\u011bry. Z\u00e1rove\u0148 jen z\u0159\u00eddkakdy poskytuj\u00ed informace o hlubok\u00fdch struktur\u00e1ln\u00edch souvislostech. To vytv\u00e1\u0159\u00ed klamn\u00fd pocit odstupu. Lid\u00e9 sice intuitivn\u011b c\u00edt\u00ed, \u017ee \u201en\u011bco nen\u00ed v po\u0159\u00e1dku\u201c, ale nevid\u00ed celou realitu. A nedostate\u010dn\u00e1 viditelnost vede k nedostatku nal\u00e9havosti.<\/li>\n<li><strong>Pro\u010d z\u00e1padn\u00ed m\u00e9dia neukazuj\u00ed skute\u010dn\u00e9 obrazy v\u00e1lky nebo je ukazuj\u00ed ve zm\u00edrn\u011bn\u00e9 podob\u011b?<\/strong><br \/>\nZ n\u011bkolika d\u016fvod\u016f: aby ne\u0161okoval obyvatelstvo, aby chr\u00e1nil soci\u00e1ln\u00ed stabilitu, z redak\u010dn\u00ed opatrnosti a z tradi\u010dn\u00edho sebeobrazu, kter\u00fd konflikty prezentuje sp\u00ed\u0161e v\u00fdchovn\u011b ne\u017e dokument\u00e1rn\u011b. Tato zdr\u017eenlivost v\u0161ak vytv\u00e1\u0159\u00ed informa\u010dn\u00ed mezery. A informa\u010dn\u00ed mezery se v dob\u011b krize st\u00e1vaj\u00ed nebezpe\u010dn\u00fdmi, proto\u017ee vedou k myln\u00fdm p\u0159edstav\u00e1m a chybn\u00fdm politick\u00fdm rozhodnut\u00edm.<\/li>\n<li><strong>Pro\u010d spole\u010dnosti reaguj\u00ed na konflikt tak opatrn\u011b?<\/strong><br \/>\nPodniky jsou rizikov\u00e9 syst\u00e9my. Jakmile se zv\u00fd\u0161\u00ed geopolitick\u00e1 nejistota, reaguj\u00ed instinktivn\u011b: odkl\u00e1daj\u00ed investice, sni\u017euj\u00ed z\u00e1vazky, zadr\u017euj\u00ed likviditu a pl\u00e1nuj\u00ed konzervativn\u011bji. Dodavatelsk\u00e9 \u0159et\u011bzce, ceny energi\u00ed, pojistn\u00e9 a \u00fav\u011brov\u00e9 podm\u00ednky jsou siln\u011b z\u00e1visl\u00e9 na geopolitick\u00e9m v\u00fdvoji. Kdy\u017e se sv\u011bt stane nestabiln\u00edm, hospod\u00e1\u0159sk\u00e1 aktivita \u010dasto zamrzne - dlouho p\u0159edt\u00edm, ne\u017e k n\u00e1m krize skute\u010dn\u011b doraz\u00ed.<\/li>\n<li><strong>Jakou roli v tomto v\u00fdvoji hraj\u00ed ceny energi\u00ed?<\/strong><br \/>\n\u00dast\u0159edn\u00ed role. Bl\u00edzk\u00fd v\u00fdchod je kl\u00ed\u010dov\u00fdm centrem pro dod\u00e1vky energie. Jak\u00e1koli nejistota v regionu m\u00e1 bezprost\u0159edn\u00ed dopad na ceny ropy a zemn\u00edho plynu. Tyto cenov\u00e9 pohyby nevn\u00edmaj\u00ed spole\u010dnosti jako \u201ed\u011bsiv\u00e9 zpr\u00e1vy\u201c, ale jako skute\u010dn\u00fd n\u00e1kladov\u00fd faktor, kter\u00fd ovliv\u0148uje cel\u00fd hodnotov\u00fd \u0159et\u011bzec. Energie je neviditeln\u00fdm pulsem glob\u00e1ln\u00ed ekonomiky - a tento puls reaguje mimo\u0159\u00e1dn\u011b citliv\u011b.<\/li>\n<li><strong>Pro\u010d je tlak Z\u00e1padu na \u00cdr\u00e1n ji\u017e sotva \u00fa\u010dinn\u00fd?<\/strong><br \/>\nProto\u017ee \u00cdr\u00e1n nyn\u00ed funguje do zna\u010dn\u00e9 m\u00edry nez\u00e1visle na z\u00e1padn\u00edch syst\u00e9mech a m\u00edsto toho se spol\u00e9h\u00e1 na asijsk\u00e9 trhy, region\u00e1ln\u00ed s\u00edt\u011b a nov\u00e1 geopolitick\u00e1 spojenectv\u00ed. Sankce, kter\u00e9 byly d\u0159\u00edve \u00fa\u010dinn\u00e9, nyn\u00ed ztr\u00e1cej\u00ed sv\u016fj \u00fa\u010dinek. \u00cdr\u00e1n si z\u00e1rove\u0148 uv\u011bdomuje, \u017ee glob\u00e1ln\u00ed mocensk\u00e9 struktury jsou rozt\u0159\u00ed\u0161t\u011bn\u00e9. To vytv\u00e1\u0159\u00ed man\u00e9vrovac\u00ed prostor, kter\u00fd v minulosti neexistoval.<\/li>\n<li><strong>M\u016f\u017ee diplomacie konflikt je\u0161t\u011b vy\u0159e\u0161it?<\/strong><br \/>\nDiplomacie ji m\u016f\u017ee zm\u00edrnit, ale ne vy\u0159e\u0161it. Konflikty tohoto rozsahu maj\u00ed hlubok\u00e9 struktur\u00e1ln\u00ed p\u0159\u00ed\u010diny. Diplomatick\u00e1 jedn\u00e1n\u00ed jsou d\u016fle\u017eit\u00e1, ale funguj\u00ed pouze tehdy, pokud ob\u011b strany vid\u00ed v\u00fdchodisko. V sou\u010dasn\u00e9 dob\u011b Izrael ani \u00cdr\u00e1n takovou cestu nevid\u00ed, ani\u017e by ohrozily z\u00e1klady sv\u00e9 bezpe\u010dnostn\u00ed politiky. Diplomacie proto v sou\u010dasnosti m\u016f\u017ee pouze omezovat \u0161kody.<\/li>\n<li><strong>Jak\u00e9 ponau\u010den\u00ed by si Evropa m\u011bla vz\u00edt z t\u00e9to eskalace?<\/strong><br \/>\nEvropa by si musela vytvo\u0159it zcela novou kulturu bezpe\u010dnostn\u00ed politiky - realisti\u010dt\u011bj\u0161\u00ed, robustn\u011bj\u0161\u00ed a nez\u00e1vislej\u0161\u00ed. To zahrnuje: siln\u011bj\u0161\u00ed pr\u016fmysl, spolehliv\u00e9 dod\u00e1vky energie, strategickou zahrani\u010dn\u00ed politiku bez mor\u00e1ln\u00ed arogance a medi\u00e1ln\u00ed prost\u0159ed\u00ed, kter\u00e9 nezaml\u010duje krize. Evropa je dnes p\u0159\u00edli\u0161 z\u00e1visl\u00e1, p\u0159\u00edli\u0161 pomal\u00e1 a p\u0159\u00edli\u0161 naivn\u00ed na geopolitickou realitu.<\/li>\n<li><strong>Pro\u010d je tento konflikt zlomov\u00fdm bodem pro sv\u011btov\u00fd \u0159\u00e1d?<\/strong><br \/>\nProto\u017ee jasn\u011b ukazuje, \u017ee star\u00fd z\u00e1padn\u00ed \u0159\u00e1d u\u017e nefunguje. Moc se p\u0159erozd\u011bluje. St\u00e1ty, kter\u00e9 d\u0159\u00edve m\u011bly pouze region\u00e1ln\u00ed v\u00fdznam, nyn\u00ed p\u016fsob\u00ed glob\u00e1ln\u011b. Z\u00e1pad ji\u017e nem\u016f\u017ee jednostrann\u011b ur\u010dovat, jak maj\u00ed b\u00fdt konflikty vedeny. Sv\u011bt se st\u00e1v\u00e1 multipol\u00e1rn\u00edm - a multipol\u00e1rn\u00ed syst\u00e9my jsou chaoti\u010dt\u011bj\u0161\u00ed, dynami\u010dt\u011bj\u0161\u00ed a obt\u00ed\u017en\u011bji kontrolovateln\u00e9.<\/li>\n<li><strong>Mus\u00edme se p\u0159ipravit na p\u0159\u00edm\u00e9 d\u016fsledky v Evrop\u011b?<\/strong><br \/>\nAno - ne nutn\u011b vojensky, ale politicky, ekonomicky a soci\u00e1ln\u011b. Vliv maj\u00ed ceny energi\u00ed, inflace, dodavatelsk\u00e9 \u0159et\u011bzce, migrace, bezpe\u010dnostn\u00ed ot\u00e1zky a politick\u00e9 n\u00e1lady. Geopolitika nen\u00ed nikdy daleko. V\u017edy ovliv\u0148uje n\u00e1\u0161 ka\u017edodenn\u00ed \u017eivot prost\u0159ednictv\u00edm ekonomick\u00fdch a soci\u00e1ln\u00edch kan\u00e1l\u016f, i kdy\u017e si to mnoz\u00ed lid\u00e9 uv\u011bdom\u00ed a\u017e se zpo\u017ed\u011bn\u00edm.<\/li>\n<li><strong>Pro\u010d \u010dl\u00e1nek z\u00e1m\u011brn\u011b kon\u010d\u00ed otev\u0159en\u011b?<\/strong><br \/>\nProto\u017ee v tomto konfliktu neexistuj\u00ed \u017e\u00e1dn\u00e9 jasn\u00e9 cesty. P\u0159\u00edli\u0161 mnoho prom\u011bnn\u00fdch, p\u0159\u00edli\u0161 mnoho hr\u00e1\u010d\u016f, p\u0159\u00edli\u0161 mnoho prol\u00ednaj\u00edc\u00edch se historick\u00fdch lini\u00ed. Otev\u0159en\u00fd konec odr\u00e1\u017e\u00ed realitu l\u00e9pe ne\u017e um\u011bl\u00e9 vy\u00fast\u011bn\u00ed. Krize, jako je tato, jsou procesy, ne uzav\u0159en\u00e9 ud\u00e1losti. A jejich v\u00fdvoj z\u00e1vis\u00ed na rozhodnut\u00edch, kter\u00e1 budou u\u010din\u011bna v n\u00e1sleduj\u00edc\u00edch dnech, t\u00fddnech a m\u011bs\u00edc\u00edch - akt\u00e9ry, kte\u0159\u00ed jsou sami pod extr\u00e9mn\u00edm tlakem.<\/li>\n<\/ol>\n<hr \/>\n\n\t\t\t<div class=\"display-post-types\">\n\n\t\t\t\t\t\t\t<style type=\"text\/css\">\n\t\t\t#dpt-wrapper-938 { --dpt-text-align: left;--dpt-image-crop: center;--dpt-border-radius: 5px;--dpt-h-gutter: 10px;--dpt-v-gutter: 9px; }\t\t\t<\/style>\n\t\t\t<style type=\"text\/css\">#dpt-wrapper-938 { --dpt-title-font-style:normal;--dpt-title-font-weight:600;--dpt-title-line-height:1.5;--dpt-title-text-decoration:none;--dpt-title-text-transform:none;--dpt-excerpt-font-style:normal;--dpt-excerpt-font-weight:400;--dpt-excerpt-line-height:1.5;--dpt-excerpt-text-decoration:none;--dpt-excerpt-text-transform:none;--dpt-meta1-font-style:normal;--dpt-meta1-font-weight:400;--dpt-meta1-line-height:1.9;--dpt-meta1-text-decoration:none;--dpt-meta1-text-transform:none;--dpt-meta2-font-style:normal;--dpt-meta2-font-weight:400;--dpt-meta2-line-height:1.9;--dpt-meta2-text-decoration:none;--dpt-meta2-text-transform:none; }<\/style><div class=\"dpt-main-header\">\n\t\t\t\t\t\t<div class=\"dpt-main-title\">\n\t\t\t\t\t\t\t<span class=\"dpt-main-title-text\">Soci\u00e1ln\u00ed ot\u00e1zky sou\u010dasnosti<\/span>\n\t\t\t\t\t\t<\/div>\n\t\t\t\t\t\t\n\t\t\t\t\t\t\n\t\t\t\t\t\t\n\t\t\t\t\t\t<\/div>\t\t\t\n\t\t\t\t<div id=\"dpt-wrapper-938\" class=\"dpt-wrapper dpt-mag1 land1 dpt-cropped dpt-flex-wrap\" >\n\n\t\t\t\t\t\t\t\t\t\t\t<div class=\"dpt-entry has-thumbnail\" data-title=\"taiwan verstehen: geschichte, statusfrage und die risiken einer vernetzten welt\" data-id=\"4314\"  data-category=\"allgemein gesellschaft hardware\" data-post_tag=\"europa geopolitik krisen prozesse sicherheitspolitik spieltheorie\">\n\t\t\t\t\t\t\t<div class=\"dpt-entry-wrapper\"><div class=\"dpt-featured-content\"><div class=\"dpt-permalink\"><a href=\"https:\/\/www.markus-schall.de\/cs\/2026\/01\/pochopeni-tchajwanskeho-historickeho-statusu-a-rizik-propojeneho-sveta\/\" class=\"dpt-permalink\"><span class=\"screen-reader-text\">Porozum\u011bn\u00ed Tchaj-wanu: Historie, statusov\u00e9 ot\u00e1zky a rizika propojen\u00e9ho sv\u011bta<\/span><\/a><\/div><div class=\"dpt-thumbnail\"><div class=\"dpt-thumbnail-inner\"><img width=\"1024\" height=\"683\" class=\"attachment-full size-full\" alt=\"Tchaj-wan jako bod zvratu\" context=\"dpt\" data-dpt-src=\"https:\/\/www.markus-schall.de\/wp-content\/uploads\/Taiwan-Kippunkt-Titel.jpg\" data-dpt-sizes=\"(max-width: 1024px) 100vw, 1024px\" data-dpt-srcset=\"https:\/\/www.markus-schall.de\/wp-content\/uploads\/Taiwan-Kippunkt-Titel.jpg 1024w, https:\/\/www.markus-schall.de\/wp-content\/uploads\/Taiwan-Kippunkt-Titel-300x200.jpg 300w, https:\/\/www.markus-schall.de\/wp-content\/uploads\/Taiwan-Kippunkt-Titel-768x512.jpg 768w, https:\/\/www.markus-schall.de\/wp-content\/uploads\/Taiwan-Kippunkt-Titel-18x12.jpg 18w\" \/><\/div><span class=\"dpt-thumbnail-aspect-ratio\" style=\"padding-top: 75%\"><\/span><\/div><\/div><div class=\"sub-entry\"><h3 class=\"dpt-title\"><a class=\"dpt-title-link\" href=\"https:\/\/www.markus-schall.de\/cs\/2026\/01\/pochopeni-tchajwanskeho-historickeho-statusu-a-rizik-propojeneho-sveta\/\" rel=\"bookmark\">Porozum\u011bn\u00ed Tchaj-wanu: Historie, statusov\u00e9 ot\u00e1zky a rizika propojen\u00e9ho sv\u011bta<\/a><\/h3><\/div><\/div>\n\t\t\t\t\t\t<\/div><!-- .dpt-entry -->\n\t\t\t\t\t\t\t\t\t\t\t\t<div class=\"dpt-entry has-thumbnail\" data-title=\"wie tiere zeit wahrnehmen \u2013 und was das f\u00fcr die zukunft der ki bedeutet\" data-id=\"4918\"  data-category=\"allgemein gesellschaft ki-systeme\" data-post_tag=\"denkmodelle erfahrungen k\u00fcnstliche intelligenz llm portrait prozesse sprachmodell\">\n\t\t\t\t\t\t\t<div class=\"dpt-entry-wrapper\"><div class=\"dpt-featured-content\"><div class=\"dpt-permalink\"><a href=\"https:\/\/www.markus-schall.de\/cs\/2026\/02\/jak-zvirata-vnimaji-cas-a-co-to-znamena-pro-budoucnost-ki\/\" class=\"dpt-permalink\"><span class=\"screen-reader-text\">Jak zv\u00ed\u0159ata vn\u00edmaj\u00ed \u010das - a co to znamen\u00e1 pro budoucnost um\u011bl\u00e9 inteligence<\/span><\/a><\/div><div class=\"dpt-thumbnail\"><div class=\"dpt-thumbnail-inner\"><img width=\"1024\" height=\"683\" class=\"attachment-full size-full\" alt=\"Zv\u00ed\u0159ata, um\u011bl\u00e1 inteligence a vn\u00edm\u00e1n\u00ed \u010dasu\" context=\"dpt\" data-dpt-src=\"https:\/\/www.markus-schall.de\/wp-content\/uploads\/Tiere-KI-Zeitwahrnehmung.jpg\" data-dpt-sizes=\"(max-width: 1024px) 100vw, 1024px\" data-dpt-srcset=\"https:\/\/www.markus-schall.de\/wp-content\/uploads\/Tiere-KI-Zeitwahrnehmung.jpg 1024w, https:\/\/www.markus-schall.de\/wp-content\/uploads\/Tiere-KI-Zeitwahrnehmung-300x200.jpg 300w, https:\/\/www.markus-schall.de\/wp-content\/uploads\/Tiere-KI-Zeitwahrnehmung-768x512.jpg 768w, https:\/\/www.markus-schall.de\/wp-content\/uploads\/Tiere-KI-Zeitwahrnehmung-18x12.jpg 18w\" \/><\/div><span class=\"dpt-thumbnail-aspect-ratio\" style=\"padding-top: 75%\"><\/span><\/div><\/div><div class=\"sub-entry\"><h3 class=\"dpt-title\"><a class=\"dpt-title-link\" href=\"https:\/\/www.markus-schall.de\/cs\/2026\/02\/jak-zvirata-vnimaji-cas-a-co-to-znamena-pro-budoucnost-ki\/\" rel=\"bookmark\">Jak zv\u00ed\u0159ata vn\u00edmaj\u00ed \u010das - a co to znamen\u00e1 pro budoucnost um\u011bl\u00e9 inteligence<\/a><\/h3><\/div><\/div>\n\t\t\t\t\t\t<\/div><!-- .dpt-entry -->\n\t\t\t\t\t\t\t\t\t\t\t\t<div class=\"dpt-entry has-thumbnail\" data-title=\"die elektronische patientenakte (epa) im faktencheck: risiken, rechte und widerspruch\" data-id=\"3412\"  data-category=\"gesellschaft gesundheit tipps &amp; anleitungen\" data-post_tag=\"datenschutz eu-gesetze gesundheit prozesse ratgeber\">\n\t\t\t\t\t\t\t<div class=\"dpt-entry-wrapper\"><div class=\"dpt-featured-content\"><div class=\"dpt-permalink\"><a href=\"https:\/\/www.markus-schall.de\/cs\/2025\/11\/elektronicky-zaznam-pacienta-epa-kontrola-rizik-prava-a-namitky\/\" class=\"dpt-permalink\"><span class=\"screen-reader-text\">Kontrola fakt\u016f o elektronick\u00e9 dokumentaci pacienta (EPR): rizika, pr\u00e1va a n\u00e1mitky<\/span><\/a><\/div><div class=\"dpt-thumbnail\"><div class=\"dpt-thumbnail-inner\"><img width=\"1024\" height=\"683\" class=\"attachment-full size-full\" alt=\"V\u0161echna fakta o elektronick\u00e9 dokumentaci pacienta\" context=\"dpt\" data-dpt-src=\"https:\/\/www.markus-schall.de\/wp-content\/uploads\/Elektronische-Patientenakte.jpg\" data-dpt-sizes=\"(max-width: 1024px) 100vw, 1024px\" data-dpt-srcset=\"https:\/\/www.markus-schall.de\/wp-content\/uploads\/Elektronische-Patientenakte.jpg 1024w, https:\/\/www.markus-schall.de\/wp-content\/uploads\/Elektronische-Patientenakte-300x200.jpg 300w, https:\/\/www.markus-schall.de\/wp-content\/uploads\/Elektronische-Patientenakte-768x512.jpg 768w, https:\/\/www.markus-schall.de\/wp-content\/uploads\/Elektronische-Patientenakte-18x12.jpg 18w\" \/><\/div><span class=\"dpt-thumbnail-aspect-ratio\" style=\"padding-top: 75%\"><\/span><\/div><\/div><div class=\"sub-entry\"><h3 class=\"dpt-title\"><a class=\"dpt-title-link\" href=\"https:\/\/www.markus-schall.de\/cs\/2025\/11\/elektronicky-zaznam-pacienta-epa-kontrola-rizik-prava-a-namitky\/\" rel=\"bookmark\">Kontrola fakt\u016f o elektronick\u00e9 dokumentaci pacienta (EPR): rizika, pr\u00e1va a n\u00e1mitky<\/a><\/h3><\/div><\/div>\n\t\t\t\t\t\t<\/div><!-- .dpt-entry -->\n\t\t\t\t\t\t\t\t\t\t\t\t<div class=\"dpt-entry has-thumbnail\" data-title=\"zahngesundheit und cmd \u2013 mehr als ein bisschen. was bringt die zukunft?\" data-id=\"2736\"  data-category=\"b\u00fccher gesellschaft gesundheit\" data-post_tag=\"cmd gesundheit ratgeber\">\n\t\t\t\t\t\t\t<div class=\"dpt-entry-wrapper\"><div class=\"dpt-featured-content\"><div class=\"dpt-permalink\"><a href=\"https:\/\/www.markus-schall.de\/cs\/2025\/08\/zubni-zdravi-a-cmd-vice-nez-jen-trochu-o-tom-co-prinese-budoucnost\/\" class=\"dpt-permalink\"><span class=\"screen-reader-text\">Zdrav\u00ed zub\u016f a CMD - v\u00edce ne\u017e jen trochu. Co n\u00e1s \u010dek\u00e1 v budoucnosti?<\/span><\/a><\/div><div class=\"dpt-thumbnail\"><div class=\"dpt-thumbnail-inner\"><img width=\"1920\" height=\"1280\" class=\"attachment-full size-full\" alt=\"CMD, zubn\u00ed zdrav\u00ed a technologie budoucnosti\" context=\"dpt\" data-dpt-src=\"https:\/\/www.markus-schall.de\/wp-content\/uploads\/cmd-zahngesundheit-zukunft-.jpg\" data-dpt-sizes=\"(max-width: 1920px) 100vw, 1920px\" data-dpt-srcset=\"https:\/\/www.markus-schall.de\/wp-content\/uploads\/cmd-zahngesundheit-zukunft-.jpg 1920w, https:\/\/www.markus-schall.de\/wp-content\/uploads\/cmd-zahngesundheit-zukunft--300x200.jpg 300w, https:\/\/www.markus-schall.de\/wp-content\/uploads\/cmd-zahngesundheit-zukunft--1024x683.jpg 1024w, https:\/\/www.markus-schall.de\/wp-content\/uploads\/cmd-zahngesundheit-zukunft--768x512.jpg 768w, https:\/\/www.markus-schall.de\/wp-content\/uploads\/cmd-zahngesundheit-zukunft--1536x1024.jpg 1536w, https:\/\/www.markus-schall.de\/wp-content\/uploads\/cmd-zahngesundheit-zukunft--18x12.jpg 18w\" \/><\/div><span class=\"dpt-thumbnail-aspect-ratio\" style=\"padding-top: 75%\"><\/span><\/div><\/div><div class=\"sub-entry\"><h3 class=\"dpt-title\"><a class=\"dpt-title-link\" href=\"https:\/\/www.markus-schall.de\/cs\/2025\/08\/zubni-zdravi-a-cmd-vice-nez-jen-trochu-o-tom-co-prinese-budoucnost\/\" rel=\"bookmark\">Zdrav\u00ed zub\u016f a CMD - v\u00edce ne\u017e jen trochu. Co n\u00e1s \u010dek\u00e1 v budoucnosti?<\/a><\/h3><\/div><\/div>\n\t\t\t\t\t\t<\/div><!-- .dpt-entry -->\n\t\t\t\t\t\t\n\t\t\t\t<\/div>\n\t\t\t\t\t\t<\/div>\n\t\t\t\n<hr \/>\n<h2>Star\u0161\u00ed zpr\u00e1vy k t\u00e9matu<\/h2>\n<p><strong>31.03.2026<\/strong>Nap\u011bt\u00ed kolem konfliktu s \u00cdr\u00e1nem st\u00e1le v\u00edce vede k otev\u0159en\u00fdm rozpor\u016fm uvnit\u0159 z\u00e1padn\u00ed aliance. Podle posledn\u00edch zpr\u00e1v <a href=\"https:\/\/orf.at\/stories\/3425530\/\" target=\"_blank\" rel=\"noopener\"><strong>It\u00e1lie povolila USA pou\u017e\u00edvat vojenskou z\u00e1kladnu<\/strong><\/a> na Sic\u00edlii pro operace v \u00edr\u00e1nsk\u00e9 v\u00e1lce, proto\u017ee k tomu nebyl v\u010das d\u00e1n souhlas parlamentu. \u0158\u00edm z\u00e1rove\u0148 zd\u016fraz\u0148uje, \u017ee se jednalo o pr\u00e1vn\u00ed, nikoli politick\u00e9 rozhodnut\u00ed.<\/p>\n<p>Ji\u017e p\u0159ed <a href=\"https:\/\/www.tagesschau.de\/ausland\/europa\/spanien-uberflugverbot-irankrieg-100.html\" target=\"_blank\" rel=\"noopener\"><strong>\u0160pan\u011blsko zauj\u00edm\u00e1 jasn\u00fd postoj<\/strong><\/a>Vl\u00e1da v Madridu zak\u00e1zala USA vyu\u017e\u00edvat d\u016fle\u017eit\u00e9 vojensk\u00e9 z\u00e1kladny, jako jsou Rota a Mor\u00f3n, a l\u00e9tat nad \u0161pan\u011blsk\u00fdm vzdu\u0161n\u00fdm prostorem pro mise v \u00edr\u00e1nsk\u00e9m konfliktu. V pozad\u00ed tohoto kroku je jasn\u00e1 politick\u00e1 linie \u0160pan\u011blska, kter\u00e9 v\u00e1lku nepodporuje a pova\u017euje ji za problematickou z hlediska mezin\u00e1rodn\u00edho pr\u00e1va. Celkov\u011b to vytv\u00e1\u0159\u00ed st\u00e1le viditeln\u011bj\u0161\u00ed rozkol v r\u00e1mci NATO, nebo\u0165 evropsk\u00e9 zem\u011b jasn\u011b omezuj\u00ed sv\u00e9 zapojen\u00ed do vojensk\u00e9 eskalace.<\/p>\n<div class=\"lyte-wrapper\" style=\"width:640px;max-width:100%;margin:5px;\"><div class=\"lyMe\" id=\"WYL_opbLEN67oK8\"><div id=\"lyte_opbLEN67oK8\" data-src=\"https:\/\/www.markus-schall.de\/wp-content\/plugins\/wp-youtube-lyte\/lyteCache.php?origThumbUrl=%2F%2Fi.ytimg.com%2Fvi%2FopbLEN67oK8%2Fhqdefault.jpg\" class=\"pL\"><div class=\"tC\"><div class=\"tT\"><\/div><\/div><div class=\"play\"><\/div><div class=\"ctrl\"><div class=\"Lctrl\"><\/div><div class=\"Rctrl\"><\/div><\/div><\/div><noscript><a href=\"https:\/\/youtu.be\/opbLEN67oK8\" rel=\"nofollow noopener\" target=\"_blank\"><img loading=\"lazy\" decoding=\"async\" src=\"https:\/\/www.markus-schall.de\/wp-content\/plugins\/wp-youtube-lyte\/lyteCache.php?origThumbUrl=https%3A%2F%2Fi.ytimg.com%2Fvi%2FopbLEN67oK8%2F0.jpg\" alt=\"Miniatura videa na YouTube\" width=\"640\" height=\"340\" \/><br \/>Pod\u00edvejte se na toto video na YouTube<\/a><\/noscript><\/div><\/div><div class=\"lL\" style=\"max-width:100%;width:640px;margin:5px;\"><\/div><br \/>\nAmerick\u00fd burzovn\u00ed expert Koch: \u201eTrumpovy kroky destabilizuj\u00ed glob\u00e1ln\u00ed ekonomiku\u201c | <a href=\"https:\/\/www.youtube.com\/@handelsblattvideo\" target=\"_blank\" rel=\"nofollow noopener\">Handelsblatt<\/a><\/p>\n<p><strong>25.03.2026<\/strong>: Ostr\u00e1 kritika americk\u00e9 a izraelsk\u00e9 v\u00e1lky proti \u00cdr\u00e1nu ze strany n\u011bmeck\u00e9ho prezidenta Steinmeiera vyvol\u00e1v\u00e1 neobvykl\u00fd rozruch. <a href=\"https:\/\/www.spiegel.de\/politik\/frank-walter-steinmeier-bekommt-fuer-iran-krieg-aeusserung-lob-aus-teheran-und-von-der-afd-a-67d5ce17-25c1-4dac-9105-2a0376e9a9ae\" target=\"_blank\" rel=\"noopener\"><strong>Politick\u00e9 reakce doma i v zahrani\u010d\u00ed<\/strong><\/a>. Zat\u00edmco Steinmeier ozna\u010dil konflikt za \u201ev rozporu s mezin\u00e1rodn\u00edm pr\u00e1vem\u201c, z\u00edskal pro n\u011bj podporu Teher\u00e1nu i AfD, co\u017e je vz\u00e1cn\u00e1 a politicky pozoruhodn\u00e1 konstelace. Z\u00e1rove\u0148 se jeho postoj setkal s kritikou uvnit\u0159 n\u011bmeck\u00e9 politiky, zejm\u00e9na ze strany CDU\/CSU, kter\u00e1 ho obvi\u0148uje z p\u0159ekra\u010dov\u00e1n\u00ed sv\u00fdch pravomoc\u00ed. Debata se soust\u0159ed\u00ed m\u00e9n\u011b na hodnocen\u00ed samotn\u00e9ho konfliktu a v\u00edce na ot\u00e1zku, jak otev\u0159en\u011b by m\u011bl spolkov\u00fd prezident formulovat zahrani\u010dn\u011bpolitick\u00e9 postoje. Steinmeierovy v\u00fdroky ukazuj\u00ed, jak siln\u011b \u00edr\u00e1nsk\u00fd konflikt charakterizuje i vnitropolitickou debatu v N\u011bmecku.<\/p>\n<p><strong>24.03.2026<\/strong>Spolkov\u00fd prezident Frank-Walter Steinmeier nezvykle jasn\u011b kritizoval v\u00e1lku USA a Izraele proti \u00cdr\u00e1nu a ozna\u010dil ji za \u201eodporuj\u00edc\u00ed mezin\u00e1rodn\u00edmu pr\u00e1vu\u201c. V projevu k 75. v\u00fdro\u010d\u00ed zalo\u017een\u00ed spolkov\u00e9ho ministerstva zahrani\u010d\u00ed zd\u016fraznil, \u017ee o tomto hodnocen\u00ed \u201enen\u00ed pochyb\u201c. Steinmeier tak nasadil mnohem ost\u0159ej\u0161\u00ed t\u00f3n ne\u017e n\u011bmeck\u00e1 vl\u00e1da, kter\u00e1 se dosud takov\u00e9mu za\u0159azen\u00ed vyh\u00fdbala. Sou\u010dasn\u011b ozna\u010dil konflikt za \u201epoliticky fat\u00e1ln\u00ed chybu\u201c a zpochybnil, \u017ee by vojensk\u00fdch c\u00edl\u016f - jako je zabr\u00e1n\u011bn\u00ed \u00edr\u00e1nsk\u00e9 jadern\u00e9 bomb\u011b - mohlo b\u00fdt v\u016fbec dosa\u017eeno.<\/p>\n<div class=\"lyte-wrapper\" style=\"width:640px;max-width:100%;margin:5px;\"><div class=\"lyMe\" id=\"WYL_ODRJmAMeFNM\"><div id=\"lyte_ODRJmAMeFNM\" data-src=\"https:\/\/www.markus-schall.de\/wp-content\/plugins\/wp-youtube-lyte\/lyteCache.php?origThumbUrl=%2F%2Fi.ytimg.com%2Fvi%2FODRJmAMeFNM%2Fhqdefault.jpg\" class=\"pL\"><div class=\"tC\"><div class=\"tT\"><\/div><\/div><div class=\"play\"><\/div><div class=\"ctrl\"><div class=\"Lctrl\"><\/div><div class=\"Rctrl\"><\/div><\/div><\/div><noscript><a href=\"https:\/\/youtu.be\/ODRJmAMeFNM\" rel=\"nofollow noopener\" target=\"_blank\"><img loading=\"lazy\" decoding=\"async\" src=\"https:\/\/www.markus-schall.de\/wp-content\/plugins\/wp-youtube-lyte\/lyteCache.php?origThumbUrl=https%3A%2F%2Fi.ytimg.com%2Fvi%2FODRJmAMeFNM%2F0.jpg\" alt=\"Miniatura videa na YouTube\" width=\"640\" height=\"340\" \/><br \/>Pod\u00edvejte se na toto video na YouTube<\/a><\/noscript><\/div><\/div><div class=\"lL\" style=\"max-width:100%;width:640px;margin:5px;\"><\/div><br \/>\nSpolkov\u00fd prezident Steinmeier ozna\u010dil v\u00e1lku USA a Izraele proti \u00cdr\u00e1nu za \u201eodporuj\u00edc\u00ed mezin\u00e1rodn\u00edmu pr\u00e1vu\u201c | <a href=\"https:\/\/www.youtube.com\/@zeit\" target=\"_blank\" rel=\"nofollow noopener\">\u010cAS<\/a><\/p>\n<p>Steinmeier se tak\u00e9 zm\u00ednil o ne\u00fasp\u011b\u0161n\u00e9 jadern\u00e9 dohod\u011b z roku 2015, kter\u00e1 podle n\u011bj poskytla stabiln\u011bj\u0161\u00ed z\u00e1klad pro diplomacii. Jeho prohl\u00e1\u0161en\u00ed znamenaj\u00ed pozoruhodn\u00fd posun v politick\u00e9m diskurzu a zd\u016fraz\u0148uj\u00ed rostouc\u00ed nap\u011bt\u00ed v r\u00e1mci z\u00e1padn\u00ed zahrani\u010dn\u00ed politiky.<\/p>\n<p><strong>23.03.2026<\/strong>: A proud <a href=\"https:\/\/www.handelsblatt.com\/politik\/international\/iran-krieg-iran-kontert-trumps-ultimatum-maerkte-reagieren-nervoes\/100210758.html\" target=\"_blank\" rel=\"noopener\"><strong>Zpr\u00e1va den\u00edku Handelsblatt<\/strong><\/a> ukazuje, do jak\u00e9 m\u00edry se nap\u011bt\u00ed v \u00edr\u00e1nsk\u00e9m konfliktu nad\u00e1le stup\u0148uje a st\u00e1le v\u00edce zneklid\u0148uje finan\u010dn\u00ed trhy. Hlavn\u00edm spou\u0161t\u011b\u010dem je ultim\u00e1tum americk\u00e9ho prezidenta Donalda Trumpa, kter\u00fd vyzval Teher\u00e1n k otev\u0159en\u00ed strategicky d\u016fle\u017eit\u00e9ho Hormuzsk\u00e9ho pr\u016flivu a z\u00e1rove\u0148 pohrozil \u00fatokem na \u00edr\u00e1nsk\u00e1 energetick\u00e1 za\u0159\u00edzen\u00ed. \u00cdr\u00e1n reagoval protiv\u00fdhr\u016f\u017ekami a dr\u017e\u00ed se perspektivy mo\u017en\u00e9 \u00fapln\u00e9 blok\u00e1dy pr\u016flivu. To by znamenalo obrovskou r\u00e1nu pro sv\u011btovou ekonomiku, nebo\u0165 touto cestou proch\u00e1z\u00ed velk\u00e1 \u010d\u00e1st sv\u011btov\u00e9ho obchodu s ropou. Trhy na to reaguj\u00ed nerv\u00f3zn\u011b: ceny energi\u00ed rostou, akciov\u00e9 trhy se dost\u00e1vaj\u00ed pod tlak a investo\u0159i se ob\u00e1vaj\u00ed dal\u0161\u00ed eskalace. Celkov\u011b to p\u016fsob\u00ed dojmem velmi dynamick\u00e9 situace, v n\u00ed\u017e politick\u00e1 rozhodnut\u00ed maj\u00ed bezprost\u0159edn\u00ed ekonomick\u00e9 d\u016fsledky.<\/p>\n<p>Nap\u011bt\u00ed v \u00edr\u00e1nsk\u00e9m konfliktu m\u00e1 st\u00e1le v\u011bt\u0161\u00ed dopad na Evropu, konkr\u00e9tn\u011b na \u0161v\u00fdcarskou obrannou politiku. Vl\u00e1da v Bernu se rozhodla, \u017ee prozat\u00edm <a href=\"https:\/\/de.euronews.com\/2026\/03\/21\/iran-schweiz-waffenlieferung-usa\" target=\"_blank\" rel=\"noopener\"><strong>p\u0159estat dod\u00e1vat zbran\u011b do USA.<\/strong><\/a>, proto\u017ee jsou p\u0159\u00edmo zapojeny do konfliktu s \u00cdr\u00e1nem. D\u016fvodem je p\u0159\u00edsn\u00fd po\u017eadavek neutrality \u0160v\u00fdcarska, kter\u00fd zakazuje v\u00fdvoz v\u00e1le\u010dn\u00e9ho materi\u00e1lu do v\u00e1l\u010d\u00edc\u00edch st\u00e1t\u016f. Ministr zahrani\u010d\u00ed Ignazio Cassis z\u00e1rove\u0148 zd\u016fraz\u0148uje, \u017ee toto rozhodnut\u00ed nen\u00ed politick\u00fdm \u00fasudkem, ale pr\u00e1vn\u00ed povinnost\u00ed. Tento krok m\u00e1 v\u0161ak hmatateln\u00e9 d\u016fsledky pro \u0161v\u00fdcarsk\u00fd obrann\u00fd pr\u016fmysl, nebo\u0165 USA byly d\u0159\u00edve jedn\u00edm z jeho nejv\u00fdznamn\u011bj\u0161\u00edch z\u00e1kazn\u00edk\u016f. Spole\u010dnosti ji\u017e varuj\u00ed p\u0159ed ekonomick\u00fdmi ztr\u00e1tami a mo\u017en\u00fdm p\u0159esunem v\u00fdroby. Celkov\u011b rozhodnut\u00ed ukazuje, do jak\u00e9 m\u00edry se konflikt nyn\u00ed nep\u0159\u00edmo dot\u00fdk\u00e1 i evropsk\u00fdch zem\u00ed.<\/p>\n<p><strong>20.03.2026<\/strong>: Prob\u00edhaj\u00edc\u00ed konflikt na Bl\u00edzk\u00e9m v\u00fdchod\u011b se st\u00e1le v\u00edce za\u010d\u00edn\u00e1 prom\u00edtat do <a href=\"https:\/\/www.heise.de\/news\/Bericht-Iran-Krieg-gefaehrdet-allmaehlich-auch-Halbleiterproduktion-11214548.html\" target=\"_blank\" rel=\"noopener\"><strong>glob\u00e1ln\u00ed polovodi\u010dov\u00fd pr\u016fmysl<\/strong><\/a>. Hlavn\u00edm spou\u0161t\u011b\u010dem jsou naru\u0161en\u00ed d\u016fle\u017eit\u00fdch dodavatelsk\u00fdch \u0159et\u011bzc\u016f, jako je blok\u00e1da Hormuzsk\u00e9ho pr\u016flivu, kter\u00fdm se p\u0159epravuj\u00ed kl\u00ed\u010dov\u00e9 suroviny. Zvl\u00e1\u0161t\u011b kritick\u00e9 jsou dod\u00e1vky zkapaln\u011bn\u00e9ho zemn\u00edho plynu a helia, kter\u00e9 jsou nezbytn\u00e9 pro v\u00fdrobu \u010dip\u016f. Zem\u011b, jako je Tchaj-wan, se v d\u016fsledku toho dost\u00e1vaj\u00ed pod tlak, proto\u017ee jsou siln\u011b z\u00e1visl\u00e9 na dovozu energie z tohoto regionu. Sou\u010dasn\u011b jsou posti\u017eeny i logistick\u00e9 uzly, jako je Dubaj, kter\u00e9 hraj\u00ed d\u016fle\u017eitou roli v celosv\u011btov\u00e9 p\u0159eprav\u011b desti\u010dek. Odborn\u00edci varuj\u00ed, \u017ee ji\u017e tak napjat\u00e1 situace na trhu s \u010dipy by se mohla je\u0161t\u011b zhor\u0161it, zejm\u00e9na kv\u016fli vysok\u00e9 popt\u00e1vce v oblasti um\u011bl\u00e9 inteligence.<\/p>\n<p><strong>19.03.2026<\/strong>V podrobn\u00e9m rozhovoru pro rakousk\u00e9 noviny Kronen Zeitung \u00edr\u00e1nsk\u00fd velvyslanec vykreslil sou\u010dasnou situaci jasn\u011b a rozhodn\u011b. Z pohledu Teher\u00e1nu se nejedn\u00e1 o kr\u00e1tkodobou eskalaci, ale o dlouhodob\u00fd konflikt, na kter\u00fd je politicky i vojensky p\u0159ipraven. Velvyslanec hovo\u0159\u00ed o opakovan\u00fdch \u00fatoc\u00edch, kter\u00e9 jsou podle jeho n\u00e1zoru neopr\u00e1vn\u011bn\u00e9, a zd\u016fraz\u0148uje, \u017ee \u00cdr\u00e1n sv\u00e9 reakce vn\u00edm\u00e1 v r\u00e1mci mezin\u00e1rodn\u00edho pr\u00e1va.<\/p>\n<div class=\"lyte-wrapper\" style=\"width:640px;max-width:100%;margin:5px;\"><div class=\"lyMe\" id=\"WYL_FHXUMClAS2o\"><div id=\"lyte_FHXUMClAS2o\" data-src=\"https:\/\/www.markus-schall.de\/wp-content\/plugins\/wp-youtube-lyte\/lyteCache.php?origThumbUrl=%2F%2Fi.ytimg.com%2Fvi%2FFHXUMClAS2o%2Fhqdefault.jpg\" class=\"pL\"><div class=\"tC\"><div class=\"tT\"><\/div><\/div><div class=\"play\"><\/div><div class=\"ctrl\"><div class=\"Lctrl\"><\/div><div class=\"Rctrl\"><\/div><\/div><\/div><noscript><a href=\"https:\/\/youtu.be\/FHXUMClAS2o\" rel=\"nofollow noopener\" target=\"_blank\"><img loading=\"lazy\" decoding=\"async\" src=\"https:\/\/www.markus-schall.de\/wp-content\/plugins\/wp-youtube-lyte\/lyteCache.php?origThumbUrl=https%3A%2F%2Fi.ytimg.com%2Fvi%2FFHXUMClAS2o%2F0.jpg\" alt=\"Miniatura videa na YouTube\" width=\"640\" height=\"340\" \/><br \/>Pod\u00edvejte se na toto video na YouTube<\/a><\/noscript><\/div><\/div><div class=\"lL\" style=\"max-width:100%;width:640px;margin:5px;\"><\/div><br \/>\n\u00cdr\u00e1nsk\u00fd velvyslanec: \u201e\u00cdr\u00e1n je p\u0159ipraven na dlouhou v\u00e1lku\u201c | <a href=\"https:\/\/www.youtube.com\/@kronetv\" target=\"_blank\" rel=\"nofollow noopener\">Kronen Zeitung<\/a><\/p>\n<p>Z\u00e1rove\u0148 je z\u0159ejm\u00e9, \u017ee veden\u00ed v Teher\u00e1nu neo\u010dek\u00e1v\u00e1 rychl\u00fd konec, ale strategicky se p\u0159ipravuje na del\u0161\u00ed konflikt. Rozhovor tak poskytuje vz\u00e1cn\u011b p\u0159\u00edm\u00fd vhled do ofici\u00e1ln\u00edho pohledu \u00cdr\u00e1nu a dopl\u0148uje p\u0159edchoz\u00ed zpravodajstv\u00ed o \u00fast\u0159edn\u00ed perspektivu.<\/p>\n<p><strong>15.03.2026<\/strong>: V ned\u00e1vn\u00e9m rozhovoru pro <a href=\"https:\/\/www.youtube.com\/@WELTVideoTV\" target=\"_blank\" rel=\"nofollow noopener\">Zpravodajsk\u00fd kan\u00e1l WELT<\/a> b\u00fdval\u00fd gener\u00e1lporu\u010d\u00edk (ve v\u00fdslu\u017eb\u011b) n\u011bmeck\u00fdch ozbrojen\u00fdch sil Roland Kather vykresluje mnohem skepti\u010dt\u011bj\u0161\u00ed obraz situace na Bl\u00edzk\u00e9m v\u00fdchod\u011b, ne\u017e jak\u00fd lze v sou\u010dasnosti sly\u0161et v mnoha politick\u00fdch prohl\u00e1\u0161en\u00edch. Zat\u00edmco americk\u00fd prezident Donald Trump ji\u017e hovo\u0159\u00ed o \u00fasp\u011b\u0161\u00edch, Kather varuje p\u0159ed nebezpe\u010dnou dynamikou eskalace a strategicky nejasnou lini\u00ed z\u00e1padn\u00ed politiky. Zejm\u00e9na hrozba mo\u017en\u00e9 blok\u00e1dy Hormuzsk\u00e9ho pr\u016flivu by mohla m\u00edt obrovsk\u00fd dopad na glob\u00e1ln\u00ed obchod.<\/p>\n<div class=\"lyte-wrapper\" style=\"width:640px;max-width:100%;margin:5px;\"><div class=\"lyMe\" id=\"WYL_95NbeSC6dOE\"><div id=\"lyte_95NbeSC6dOE\" data-src=\"https:\/\/www.markus-schall.de\/wp-content\/plugins\/wp-youtube-lyte\/lyteCache.php?origThumbUrl=%2F%2Fi.ytimg.com%2Fvi%2F95NbeSC6dOE%2Fhqdefault.jpg\" class=\"pL\"><div class=\"tC\"><div class=\"tT\"><\/div><\/div><div class=\"play\"><\/div><div class=\"ctrl\"><div class=\"Lctrl\"><\/div><div class=\"Rctrl\"><\/div><\/div><\/div><noscript><a href=\"https:\/\/youtu.be\/95NbeSC6dOE\" rel=\"nofollow noopener\" target=\"_blank\"><img loading=\"lazy\" decoding=\"async\" src=\"https:\/\/www.markus-schall.de\/wp-content\/plugins\/wp-youtube-lyte\/lyteCache.php?origThumbUrl=https%3A%2F%2Fi.ytimg.com%2Fvi%2F95NbeSC6dOE%2F0.jpg\" alt=\"Miniatura videa na YouTube\" width=\"640\" height=\"340\" \/><br \/>Pod\u00edvejte se na toto video na YouTube<\/a><\/noscript><\/div><\/div><div class=\"lL\" style=\"max-width:100%;width:640px;margin:5px;\"><\/div><\/p>\n<p>Z\u00e1rove\u0148 gener\u00e1l upozor\u0148uje na slabiny evropsk\u00e9 arm\u00e1dy, nap\u0159\u00edklad v n\u011bmeck\u00e9m n\u00e1mo\u0159nictvu, a na novou dynamiku v oblasti konflikt\u016f, jako je ukrajinsk\u00e1 expert\u00edza ve v\u00e1lce s drony. Celkov\u011b vznik\u00e1 dojem, \u017ee bezpe\u010dnostn\u00ed strategie Z\u00e1padu je st\u00e1le v\u00edce chaotick\u00e1 - zat\u00edmco \u00cdr\u00e1n a jeho partne\u0159i se zdaj\u00ed b\u00fdt vojensky odoln\u011bj\u0161\u00ed, ne\u017e se o\u010dek\u00e1valo.<\/p>\n<p><strong>12.03.2026<\/strong>: Nov\u00fd \u00edr\u00e1nsk\u00fd n\u00e1bo\u017eensk\u00fd v\u016fdce a hlava st\u00e1tu Mod\u0161aba Chamene\u00ed poprv\u00e9 od za\u010d\u00e1tku v\u00e1lky ve\u0159ejn\u011b promluvil a vyzval k tomu, aby se v \u00cdr\u00e1nu <a href=\"https:\/\/www.youtube.com\/watch?v=7ngCtMmfU70\" target=\"_blank\" rel=\"nofollow noopener\"><strong>Tvrd\u00fd postoj v\u016f\u010di USA a Izraeli<\/strong><\/a>. V poselstv\u00ed, kter\u00e9 odvys\u00edlala st\u00e1tn\u00ed televize, 56let\u00fd duchovn\u00ed vyzval k odplat\u011b za ob\u011bti n\u00e1let\u016f a hovo\u0159il o pot\u0159eb\u011b rozhodn\u00e9 reakce. Konkr\u00e9tn\u011b se zm\u00ednil o \u00fatoku, p\u0159i n\u011bm\u017e podle \u00edr\u00e1nsk\u00fdch zdroj\u016f zahynulo mnoho \u0161kola\u010dek.<\/p>\n<p>\u00cdr\u00e1nsk\u00e9 veden\u00ed z\u00e1rove\u0148 ozn\u00e1milo, \u017ee bude i nad\u00e1le vyv\u00edjet tlak na americk\u00e9 vojensk\u00e9 z\u00e1kladny v regionu a vyu\u017e\u00edvat strategick\u00e9 p\u00e1ky, jako je Hormuzsk\u00fd pr\u016fliv. Prvn\u00ed prohl\u00e1\u0161en\u00ed nov\u00e9ho ajatoll\u00e1ha je pova\u017eov\u00e1no za sign\u00e1l, \u017ee Teher\u00e1n hodl\u00e1 i p\u0159es z\u00e1va\u017en\u00e9 \u00fatoky setrvat u sv\u00e9 konfronta\u010dn\u00ed strategie.<\/p>\n<p><strong>09.03.2026<\/strong>: V eskaluj\u00edc\u00edm konfliktu mezi \u00cdr\u00e1nem a Izraelem se situace op\u011bt vyhrotila. <a href=\"https:\/\/www.zeit.de\/politik\/ausland\/2026-03\/iran-krieg-usa-israel-bahrain-katar-ueberblick-gxe\" target=\"_blank\" rel=\"noopener\"><strong>v\u00fdrazn\u011b zost\u0159il<\/strong><\/a>. Podle r\u016fzn\u00fdch zpr\u00e1v m\u00e9di\u00ed byl po smrti p\u0159edchoz\u00edho \u00edr\u00e1nsk\u00e9ho v\u016fdce p\u0159i raketov\u00e9m \u00fatoku zvolen novou hlavou zem\u011b jeho syn Modshtaba Khamenei. Ten je pova\u017eov\u00e1n za p\u0159\u00edsn\u00e9ho zast\u00e1nce tvrd\u00e9 linie z kruh\u016f \u00edr\u00e1nsk\u00fdch revolu\u010dn\u00edch gard. P\u0159i \u00fatoku na jeho rodinu zahynula krom\u011b otce i jeho man\u017eelka a dal\u0161\u00ed \u010dlenov\u00e9 rodiny. Kr\u00e1tce po jeho n\u00e1stupu k moci do\u0161lo k dal\u0161\u00ed masivn\u00ed eskalaci: \u00cdr\u00e1n zah\u00e1jil nejv\u011bt\u0161\u00ed raketov\u00fd \u00fatok na Izrael od za\u010d\u00e1tku sou\u010dasn\u00e9ho konfliktu. Izrael odpov\u011bd\u011bl proti\u00fatoky na \u00edr\u00e1nsk\u00e9 c\u00edle v regionu.<\/p>\n<p>Paraleln\u00ed r\u016fst <a href=\"https:\/\/www.wallstreet-online.de\/nachricht\/20560170-strasse-hormus-dicht-sorgt-iran-krieg-globale-rezession\" target=\"_blank\" rel=\"noopener\"><strong>podle Wallstreet Online<\/strong><\/a> Na cel\u00e9m sv\u011bt\u011b panuj\u00ed obavy z hospod\u00e1\u0159sk\u00fdch d\u016fsledk\u016f. Pozorovatel\u00e9 varuj\u00ed, \u017ee eskalace konfliktu by mohla ohrozit lodn\u00ed dopravu p\u0159es strategicky d\u016fle\u017eit\u00fd Hormuzsk\u00fd pr\u016fliv. T\u00edmto pr\u016flivem se p\u0159epravuje zna\u010dn\u00e1 \u010d\u00e1st sv\u011btov\u00e9ho obchodu s ropou. Pokud bude n\u00e1mo\u0159n\u00ed cesta zablokov\u00e1na, r\u016fst cen energi\u00ed a naru\u0161en\u00ed obchodu by mohly vyvolat zpomalen\u00ed sv\u011btov\u00e9 ekonomiky nebo dokonce recesi.<\/p>\n<p><strong>06.03.2026<\/strong>: V eskaluj\u00edc\u00edm konfliktu mezi USA a \u00cdr\u00e1nem vznesl americk\u00fd prezident Donald Trump drastick\u00fd po\u017eadavek. Jak informoval den\u00edk <a href=\"https:\/\/www.sueddeutsche.de\/politik\/iran-krieg-liveblog-us-militaer-iranische-flotte-persischer-golf-li.3395676\" target=\"_blank\" rel=\"noopener\"><strong>P\u0159\u00edm\u00fd p\u0159enos ze S\u00fcddeutsche Zeitung<\/strong><\/a> Trump na sv\u00e9 platform\u011b Truth Social prohl\u00e1sil, \u017ee dohoda s Teher\u00e1nem pro n\u011bj v tuto chv\u00edli nep\u0159ipad\u00e1 v \u00favahu. M\u00edsto toho se domn\u00edv\u00e1, \u017ee konflikt mus\u00ed b\u00fdt zm\u011bn\u011bn na <strong>\u201e\u00cdr\u00e1nsk\u00e1 \u201cbezpodm\u00edne\u010dn\u00e1 kapitulace\"<\/strong> v\u00e9st ke konci. Washington tak z\u0159eteln\u011b zintenziv\u0148uje svou r\u00e9toriku a signalizuje tvrd\u00fd postoj v prob\u00edhaj\u00edc\u00edm vojensk\u00e9m konfliktu. Mezin\u00e1rodn\u00ed m\u00e9dia z\u00e1rove\u0148 informuj\u00ed o dal\u0161\u00edch vojensk\u00fdch operac\u00edch a rostouc\u00edm nap\u011bt\u00ed v regionu. Pozorovatel\u00e9 to pova\u017euj\u00ed za mo\u017enou dal\u0161\u00ed eskalaci, zat\u00edmco diplomatick\u00e9 iniciativy zat\u00edm nep\u0159inesly \u017e\u00e1dn\u00fd pokrok.<\/p>\n<p><strong>04.03.2026<\/strong>: Jak p\u00ed\u0161e S\u00fcddeutsche Zeitung <a href=\"https:\/\/www.sueddeutsche.de\/politik\/iran-krieg-liveblog-us-militaer-iranische-flotte-persischer-golf-li.3395676\" target=\"_blank\" rel=\"noopener\"><strong>hl\u00e1\u0161eno v liveblogu<\/strong><\/a>, Americk\u00e1 arm\u00e1da ozn\u00e1mila, \u017ee vy\u0159adila velkou \u010d\u00e1st \u00edr\u00e1nsk\u00e9ho n\u00e1mo\u0159nictva v Persk\u00e9m z\u00e1livu. Centr\u00e1ln\u00ed velitelstv\u00ed USA (CENTCOM) uvedlo, \u017ee americk\u00e9 s\u00edly zni\u010dily 17 \u00edr\u00e1nsk\u00fdch v\u00e1le\u010dn\u00fdch lod\u00ed, v\u010detn\u011b jedn\u00e9 ponorky, a sou\u010dasn\u011b za\u00fato\u010dily na t\u00e9m\u011b\u0159 2 000 c\u00edl\u016f v \u00cdr\u00e1nu. Podle vojensk\u00e9ho velen\u00ed bylo c\u00edlem operace neutralizovat schopnost \u00cdr\u00e1nu blokovat strategicky d\u016fle\u017eit\u00fd Hormuzsk\u00fd pr\u016fliv. Velitel americk\u00e9ho Centr\u00e1ln\u00edho velitelstv\u00ed uvedl, \u017ee v Persk\u00e9m z\u00e1livu, Hormuzsk\u00e9m pr\u016flivu ani Om\u00e1nsk\u00e9m z\u00e1livu v sou\u010dasn\u00e9 dob\u011b neoperuj\u00ed \u017e\u00e1dn\u00e9 \u00edr\u00e1nsk\u00e9 lod\u011b. Tato informace poch\u00e1z\u00ed z americk\u00fdch vojensk\u00fdch zdroj\u016f a v sou\u010dasn\u00e9 dob\u011b ji nelze nez\u00e1visle ov\u011b\u0159it. Hormuzsk\u00fd pr\u016fliv je pova\u017eov\u00e1n za jednu z nejd\u016fle\u017eit\u011bj\u0161\u00edch energetick\u00fdch p\u0159epravn\u00edch tras na sv\u011bt\u011b: p\u0159ibli\u017en\u011b p\u011btina celosv\u011btov\u00e9ho obchodu s ropou a zkapaln\u011bn\u00fdm zemn\u00edm plynem proch\u00e1z\u00ed trasou mezi \u00cdr\u00e1nem a Om\u00e1nem.<\/p>\n<p><strong>01.03.2026<\/strong>: \u00cdr\u00e1nsk\u00fd duchovn\u00ed v\u016fdce <a href=\"https:\/\/www.n-tv.de\/politik\/Ali-Chamenei-ist-tot-auch-enge-Verwandte-nicht-mehr-am-Leben-id30417273.html\" target=\"_blank\" rel=\"noopener\"><strong>Ajatoll\u00e1h Al\u00ed Chamene\u00ed je mrtev<\/strong><\/a> - N\u011bkolik hodin po p\u0159edchoz\u00edm prohl\u00e1\u0161en\u00ed americk\u00e9ho prezidenta Donalda Trumpa to potvrdila \u00edr\u00e1nsk\u00e1 st\u00e1tn\u00ed m\u00e9dia. Podle zpr\u00e1v z \u00cdr\u00e1nu zem\u0159el 86let\u00fd mu\u017e p\u0159i t\u011b\u017ek\u00fdch n\u00e1letech USA a Izraele a bylo vyhl\u00e1\u0161eno 40denn\u00ed obdob\u00ed st\u00e1tn\u00edho smutku. Podle m\u00e9di\u00ed p\u0159i \u00fatoc\u00edch zahynuli tak\u00e9 jeho bl\u00edzc\u00ed rodinn\u00ed p\u0159\u00edslu\u0161n\u00edci, v\u010detn\u011b dcery a vnu\u010dky. \u00cdr\u00e1nsk\u00e9 revolu\u010dn\u00ed gardy ozn\u00e1mily odvetu, zat\u00edmco Trump ozna\u010dil Chamene\u00edho smrt za p\u0159\u00edle\u017eitost pro \u00edr\u00e1nsk\u00fd lid.<\/p>\n<p><strong>28.02.2026<\/strong>: 28. \u00fanora 2026 Izrael spole\u010dn\u011b s USA zah\u00e1jil vojensk\u00e9 \u00fatoky na c\u00edle v \u00cdr\u00e1nu, \u010d\u00edm\u017e posunul dlouholet\u00fd bl\u00edzkov\u00fdchodn\u00ed konflikt do nov\u00e9 nebezpe\u010dn\u00e9 f\u00e1ze. <a href=\"https:\/\/www.wiwo.de\/politik\/ausland\/nahostkonflikt-israel-startet-angriff-auf-iran-mit-unterstuetzung-der-usa\/100204271.html\" target=\"_blank\" rel=\"noopener\"><strong>Podle zpr\u00e1vy \u010dasopisu Wirtschaftswoche <\/strong><\/a>Ter\u010dem \u00fatoku se stala \u00edr\u00e1nsk\u00e1 za\u0159\u00edzen\u00ed, nad m\u011bstem se vzn\u00e1\u0161ela oblaka d\u00fdmu a v Teher\u00e1nu byly zaznamen\u00e1ny v\u00fdbuchy. Tato ofenz\u00edva p\u0159edstavuje v\u00fdraznou eskalaci sporu o \u00edr\u00e1nsk\u00fd jadern\u00fd program a n\u00e1sleduje po m\u011bs\u00edc\u00edch nap\u011bt\u00ed mezi Izraelem, Spojen\u00fdmi st\u00e1ty a Teher\u00e1nem. \u00cdr\u00e1nsk\u00e9 veden\u00ed hroz\u00ed odvetou, a proto se mezin\u00e1rodn\u00ed pozorovatel\u00e9 ob\u00e1vaj\u00ed, \u017ee se situace bude d\u00e1le zhor\u0161ovat.<\/p>\n<hr \/>\n\n\t\t\t<div class=\"display-post-types\">\n\n\t\t\t\t\t\t\t<style type=\"text\/css\">\n\t\t\t#dpt-wrapper-939 { --dpt-text-align: left;--dpt-image-crop: center;--dpt-border-radius: 5px;--dpt-h-gutter: 10px;--dpt-v-gutter: 9px; }\t\t\t<\/style>\n\t\t\t<style type=\"text\/css\">#dpt-wrapper-939 { --dpt-title-font-style:normal;--dpt-title-font-weight:600;--dpt-title-line-height:1.5;--dpt-title-text-decoration:none;--dpt-title-text-transform:none;--dpt-excerpt-font-style:normal;--dpt-excerpt-font-weight:400;--dpt-excerpt-line-height:1.5;--dpt-excerpt-text-decoration:none;--dpt-excerpt-text-transform:none;--dpt-meta1-font-style:normal;--dpt-meta1-font-weight:400;--dpt-meta1-line-height:1.9;--dpt-meta1-text-decoration:none;--dpt-meta1-text-transform:none;--dpt-meta2-font-style:normal;--dpt-meta2-font-weight:400;--dpt-meta2-line-height:1.9;--dpt-meta2-text-decoration:none;--dpt-meta2-text-transform:none; }<\/style><div class=\"dpt-main-header\">\n\t\t\t\t\t\t<div class=\"dpt-main-title\">\n\t\t\t\t\t\t\t<span class=\"dpt-main-title-text\">Aktu\u00e1ln\u00ed \u010dl\u00e1nky o um\u011bl\u00e9 inteligenci<\/span>\n\t\t\t\t\t\t<\/div>\n\t\t\t\t\t\t\n\t\t\t\t\t\t\n\t\t\t\t\t\t\n\t\t\t\t\t\t<\/div>\t\t\t\n\t\t\t\t<div id=\"dpt-wrapper-939\" class=\"dpt-wrapper dpt-mag1 land1 dpt-cropped dpt-flex-wrap\" >\n\n\t\t\t\t\t\t\t\t\t\t\t<div class=\"dpt-entry has-thumbnail\" data-title=\"mit klarheit durch die krise: wie ki neue perspektiven er\u00f6ffnet\" data-id=\"2436\"  data-category=\"b\u00fccher\" data-post_tag=\"buch krisen k\u00fcnstliche intelligenz lernen pers\u00f6nlichkeitsentwicklung ratgeber\">\n\t\t\t\t\t\t\t<div class=\"dpt-entry-wrapper\"><div class=\"dpt-featured-content\"><div class=\"dpt-permalink\"><a href=\"https:\/\/www.markus-schall.de\/cs\/2025\/08\/srozumitelne-projit-krizi-jak-ki-otevira-nove-perspektivy\/\" class=\"dpt-permalink\"><span class=\"screen-reader-text\">Jasn\u00e9 p\u0159ekon\u00e1n\u00ed krize: jak um\u011bl\u00e1 inteligence otev\u00edr\u00e1 nov\u00e9 perspektivy<\/span><\/a><\/div><div class=\"dpt-thumbnail\"><div class=\"dpt-thumbnail-inner\"><img width=\"838\" height=\"1200\" class=\"attachment-full size-full\" alt=\"Kniha &quot;Krize jako bod obratu - u\u010dit se, r\u016fst, formovat\" context=\"dpt\" data-dpt-src=\"https:\/\/www.markus-schall.de\/wp-content\/uploads\/Krisen-Cover-Front-DEjpg.jpg\" data-dpt-sizes=\"(max-width: 838px) 100vw, 838px\" data-dpt-srcset=\"https:\/\/www.markus-schall.de\/wp-content\/uploads\/Krisen-Cover-Front-DEjpg.jpg 838w, https:\/\/www.markus-schall.de\/wp-content\/uploads\/Krisen-Cover-Front-DEjpg-210x300.jpg 210w, https:\/\/www.markus-schall.de\/wp-content\/uploads\/Krisen-Cover-Front-DEjpg-715x1024.jpg 715w, https:\/\/www.markus-schall.de\/wp-content\/uploads\/Krisen-Cover-Front-DEjpg-768x1100.jpg 768w, https:\/\/www.markus-schall.de\/wp-content\/uploads\/Krisen-Cover-Front-DEjpg-8x12.jpg 8w\" \/><\/div><span class=\"dpt-thumbnail-aspect-ratio\" style=\"padding-top: 75%\"><\/span><\/div><\/div><div class=\"sub-entry\"><h3 class=\"dpt-title\"><a class=\"dpt-title-link\" href=\"https:\/\/www.markus-schall.de\/cs\/2025\/08\/srozumitelne-projit-krizi-jak-ki-otevira-nove-perspektivy\/\" rel=\"bookmark\">Jasn\u00e9 p\u0159ekon\u00e1n\u00ed krize: jak um\u011bl\u00e1 inteligence otev\u00edr\u00e1 nov\u00e9 perspektivy<\/a><\/h3><\/div><\/div>\n\t\t\t\t\t\t<\/div><!-- .dpt-entry -->\n\t\t\t\t\t\t\t\t\t\t\t\t<div class=\"dpt-entry has-thumbnail\" data-title=\"chatgpt-datenexport erkl\u00e4rt: wie deine ki-chats zu einem pers\u00f6nlichen wissenssystem werden\" data-id=\"5259\"  data-category=\"featured ki-systeme tipps &amp; anleitungen\" data-post_tag=\"apple datenbanken datenschutz digitales eigentum k\u00fcnstliche intelligenz llama llm mac mlx ollama sprachmodell\">\n\t\t\t\t\t\t\t<div class=\"dpt-entry-wrapper\"><div class=\"dpt-featured-content\"><div class=\"dpt-permalink\"><a href=\"https:\/\/www.markus-schall.de\/cs\/2026\/03\/export-dat-chatgpt-vysvetluje-jak-se-vase-chaty-ki-stavaji-osobnim-znalostnim-systemem\/\" class=\"dpt-permalink\"><span class=\"screen-reader-text\">Vysv\u011btlen\u00ed exportu dat ChatGPT: Jak se z va\u0161ich chat\u016f s um\u011blou inteligenc\u00ed stane osobn\u00ed znalostn\u00ed syst\u00e9m<\/span><\/a><\/div><div class=\"dpt-thumbnail\"><div class=\"dpt-thumbnail-inner\"><img width=\"1024\" height=\"683\" class=\"attachment-full size-full\" alt=\"Export dat ChatGPT\" context=\"dpt\" data-dpt-src=\"https:\/\/www.markus-schall.de\/wp-content\/uploads\/ChatGPT-Datenexport.jpg\" data-dpt-sizes=\"(max-width: 1024px) 100vw, 1024px\" data-dpt-srcset=\"https:\/\/www.markus-schall.de\/wp-content\/uploads\/ChatGPT-Datenexport.jpg 1024w, https:\/\/www.markus-schall.de\/wp-content\/uploads\/ChatGPT-Datenexport-300x200.jpg 300w, https:\/\/www.markus-schall.de\/wp-content\/uploads\/ChatGPT-Datenexport-768x512.jpg 768w, https:\/\/www.markus-schall.de\/wp-content\/uploads\/ChatGPT-Datenexport-18x12.jpg 18w\" \/><\/div><span class=\"dpt-thumbnail-aspect-ratio\" style=\"padding-top: 75%\"><\/span><\/div><\/div><div class=\"sub-entry\"><h3 class=\"dpt-title\"><a class=\"dpt-title-link\" href=\"https:\/\/www.markus-schall.de\/cs\/2026\/03\/export-dat-chatgpt-vysvetluje-jak-se-vase-chaty-ki-stavaji-osobnim-znalostnim-systemem\/\" rel=\"bookmark\">Vysv\u011btlen\u00ed exportu dat ChatGPT: Jak se z va\u0161ich chat\u016f s um\u011blou inteligenc\u00ed stane osobn\u00ed znalostn\u00ed syst\u00e9m<\/a><\/h3><\/div><\/div>\n\t\t\t\t\t\t<\/div><!-- .dpt-entry -->\n\t\t\t\t\t\t\t\t\t\t\t\t<div class=\"dpt-entry has-thumbnail\" data-title=\"gfm-business und die zukunft des erp: lokale intelligenz statt cloud-abh\u00e4ngigkeit\" data-id=\"2956\"  data-category=\"apple iphone &amp; ipad apple macos filemaker &amp; erp ki-systeme\" data-post_tag=\"datenschutz digitales eigentum erp-software filemaker gfm-business k\u00fcnstliche intelligenz llm neo4j qdrant sprachmodell\">\n\t\t\t\t\t\t\t<div class=\"dpt-entry-wrapper\"><div class=\"dpt-featured-content\"><div class=\"dpt-permalink\"><a href=\"https:\/\/www.markus-schall.de\/cs\/2025\/09\/gfm-business-a-budoucnost-erp-lokalni-inteligence-misto-zavislosti-na-cloudu\/\" class=\"dpt-permalink\"><span class=\"screen-reader-text\">gFM-Business a budoucnost ERP: lok\u00e1ln\u00ed inteligence m\u00edsto z\u00e1vislosti na cloudu<\/span><\/a><\/div><div class=\"dpt-thumbnail\"><div class=\"dpt-thumbnail-inner\"><img width=\"1024\" height=\"683\" class=\"attachment-full size-full\" alt=\"gFM-Business a AI + znalostn\u00ed graf\" context=\"dpt\" data-dpt-src=\"https:\/\/www.markus-schall.de\/wp-content\/uploads\/gfm-ERP-KI-Wissensgraf.jpg\" data-dpt-sizes=\"(max-width: 1024px) 100vw, 1024px\" data-dpt-srcset=\"https:\/\/www.markus-schall.de\/wp-content\/uploads\/gfm-ERP-KI-Wissensgraf.jpg 1024w, https:\/\/www.markus-schall.de\/wp-content\/uploads\/gfm-ERP-KI-Wissensgraf-300x200.jpg 300w, https:\/\/www.markus-schall.de\/wp-content\/uploads\/gfm-ERP-KI-Wissensgraf-768x512.jpg 768w, https:\/\/www.markus-schall.de\/wp-content\/uploads\/gfm-ERP-KI-Wissensgraf-18x12.jpg 18w\" \/><\/div><span class=\"dpt-thumbnail-aspect-ratio\" style=\"padding-top: 75%\"><\/span><\/div><\/div><div class=\"sub-entry\"><h3 class=\"dpt-title\"><a class=\"dpt-title-link\" href=\"https:\/\/www.markus-schall.de\/cs\/2025\/09\/gfm-business-a-budoucnost-erp-lokalni-inteligence-misto-zavislosti-na-cloudu\/\" rel=\"bookmark\">gFM-Business a budoucnost ERP: lok\u00e1ln\u00ed inteligence m\u00edsto z\u00e1vislosti na cloudu<\/a><\/h3><\/div><\/div>\n\t\t\t\t\t\t<\/div><!-- .dpt-entry -->\n\t\t\t\t\t\t\t\t\t\t\t\t<div class=\"dpt-entry has-thumbnail\" data-title=\"unsterblichkeit durch technik: wie weit forschung und ki wirklich sind\" data-id=\"3624\"  data-category=\"allgemein gesellschaft ki-systeme\" data-post_tag=\"denkmodelle k\u00fcnstliche intelligenz lernen llm prozesse sprachmodell\">\n\t\t\t\t\t\t\t<div class=\"dpt-entry-wrapper\"><div class=\"dpt-featured-content\"><div class=\"dpt-permalink\"><a href=\"https:\/\/www.markus-schall.de\/cs\/2025\/11\/nesmrtelnost-prostrednictvim-technologie-jak-daleko-vyzkum-a-ki-jsou-skutecne\/\" class=\"dpt-permalink\"><span class=\"screen-reader-text\">Nesmrtelnost d\u00edky technologi\u00edm: jak daleko se v\u00fdzkum a um\u011bl\u00e1 inteligence skute\u010dn\u011b dostaly<\/span><\/a><\/div><div class=\"dpt-thumbnail\"><div class=\"dpt-thumbnail-inner\"><img width=\"1024\" height=\"683\" class=\"attachment-full size-full\" alt=\"Digit\u00e1ln\u00ed nesmrtelnost\" context=\"dpt\" data-dpt-src=\"https:\/\/www.markus-schall.de\/wp-content\/uploads\/digitale-unsterblichkeit.jpg\" data-dpt-sizes=\"(max-width: 1024px) 100vw, 1024px\" data-dpt-srcset=\"https:\/\/www.markus-schall.de\/wp-content\/uploads\/digitale-unsterblichkeit.jpg 1024w, https:\/\/www.markus-schall.de\/wp-content\/uploads\/digitale-unsterblichkeit-300x200.jpg 300w, https:\/\/www.markus-schall.de\/wp-content\/uploads\/digitale-unsterblichkeit-768x512.jpg 768w, https:\/\/www.markus-schall.de\/wp-content\/uploads\/digitale-unsterblichkeit-18x12.jpg 18w\" \/><\/div><span class=\"dpt-thumbnail-aspect-ratio\" style=\"padding-top: 75%\"><\/span><\/div><\/div><div class=\"sub-entry\"><h3 class=\"dpt-title\"><a class=\"dpt-title-link\" href=\"https:\/\/www.markus-schall.de\/cs\/2025\/11\/nesmrtelnost-prostrednictvim-technologie-jak-daleko-vyzkum-a-ki-jsou-skutecne\/\" rel=\"bookmark\">Nesmrtelnost d\u00edky technologi\u00edm: jak daleko se v\u00fdzkum a um\u011bl\u00e1 inteligence skute\u010dn\u011b dostaly<\/a><\/h3><\/div><\/div>\n\t\t\t\t\t\t<\/div><!-- .dpt-entry -->\n\t\t\t\t\t\t\n\t\t\t\t<\/div>\n\t\t\t\t\t\t<\/div>\n\t\t\t\n<hr \/>","protected":false},"excerpt":{"rendered":"<p>Es gibt Momente in der Geschichte, in denen man sp\u00fcrt, dass sich etwas verschiebt. Nicht schlagartig, nicht mit einer einzigen Entscheidung, sondern wie eine Linie, die langsam, aber unaufhaltsam durch den Staub alter Gewissheiten zieht. Die vergangenen Tage geh\u00f6ren zu solchen Momenten. Ich habe mich lange gefragt, ob ich diesen Leitartikel wirklich schreiben soll \u2013 &#8230; <a title=\"Nesmrtelnost d\u00edky technologi\u00edm: jak daleko se v\u00fdzkum a um\u011bl\u00e1 inteligence skute\u010dn\u011b dostaly\" class=\"read-more\" href=\"https:\/\/www.markus-schall.de\/cs\/2025\/11\/nesmrtelnost-prostrednictvim-technologie-jak-daleko-vyzkum-a-ki-jsou-skutecne\/\" aria-label=\"\u010c\u00edst v\u00edce o Nesmrtelnost d\u00edky technologi\u00edm: Jak daleko v\u00fdzkum a um\u011bl\u00e1 inteligence skute\u010dn\u011b dosp\u011bly\">\u010c\u00edst d\u00e1l<\/a><\/p>","protected":false},"author":1,"featured_media":5217,"comment_status":"open","ping_status":"open","sticky":false,"template":"","format":"standard","meta":{"iawp_total_views":379,"footnotes":""},"categories":[1,466],"tags":[444,481,475,482,426,471,476,484,478],"class_list":["post-5212","post","type-post","status-publish","format-standard","has-post-thumbnail","hentry","category-allgemein","category-gesellschaft","tag-denkmodelle","tag-energiepolitik","tag-europa","tag-geopolitik","tag-krisen","tag-kuenstliche-intelligenz","tag-meinungsfreiheit","tag-sicherheitspolitik","tag-spieltheorie"],"_links":{"self":[{"href":"https:\/\/www.markus-schall.de\/cs\/wp-json\/wp\/v2\/posts\/5212","targetHints":{"allow":["GET"]}}],"collection":[{"href":"https:\/\/www.markus-schall.de\/cs\/wp-json\/wp\/v2\/posts"}],"about":[{"href":"https:\/\/www.markus-schall.de\/cs\/wp-json\/wp\/v2\/types\/post"}],"author":[{"embeddable":true,"href":"https:\/\/www.markus-schall.de\/cs\/wp-json\/wp\/v2\/users\/1"}],"replies":[{"embeddable":true,"href":"https:\/\/www.markus-schall.de\/cs\/wp-json\/wp\/v2\/comments?post=5212"}],"version-history":[{"count":65,"href":"https:\/\/www.markus-schall.de\/cs\/wp-json\/wp\/v2\/posts\/5212\/revisions"}],"predecessor-version":[{"id":5862,"href":"https:\/\/www.markus-schall.de\/cs\/wp-json\/wp\/v2\/posts\/5212\/revisions\/5862"}],"wp:featuredmedia":[{"embeddable":true,"href":"https:\/\/www.markus-schall.de\/cs\/wp-json\/wp\/v2\/media\/5217"}],"wp:attachment":[{"href":"https:\/\/www.markus-schall.de\/cs\/wp-json\/wp\/v2\/media?parent=5212"}],"wp:term":[{"taxonomy":"category","embeddable":true,"href":"https:\/\/www.markus-schall.de\/cs\/wp-json\/wp\/v2\/categories?post=5212"},{"taxonomy":"post_tag","embeddable":true,"href":"https:\/\/www.markus-schall.de\/cs\/wp-json\/wp\/v2\/tags?post=5212"}],"curies":[{"name":"wp","href":"https:\/\/api.w.org\/{rel}","templated":true}]}}