{"id":5899,"date":"2026-04-27T05:09:14","date_gmt":"2026-04-27T05:09:14","guid":{"rendered":"https:\/\/www.markus-schall.de\/?p=5899"},"modified":"2026-04-27T08:04:17","modified_gmt":"2026-04-27T08:04:17","slug":"od-obsahu-k-podstate-jak-se-vytvareji-digitalni-systemy-ktere-nelze-kopirovat","status":"publish","type":"post","link":"https:\/\/www.markus-schall.de\/cs\/2026\/04\/od-obsahu-k-podstate-jak-se-vytvareji-digitalni-systemy-ktere-nelze-kopirovat\/","title":{"rendered":"Od obsahu k podstat\u011b: jak vznikaj\u00ed digit\u00e1ln\u00ed syst\u00e9my, kter\u00e9 nelze kop\u00edrovat"},"content":{"rendered":"<p>Kdy\u017e se dnes pohybujete v digit\u00e1ln\u00edm prostoru, velmi rychle z\u00edsk\u00e1te ur\u010dit\u00fd dojem: pokud jste vid\u011bt, jste \u00fasp\u011b\u0161n\u00ed. Pokud m\u00e1te dosah, m\u00e1te vliv. A pokud produkujete hodn\u011b obsahu, automaticky si n\u011bco vybudujete. Tato rovnice vypad\u00e1 na prvn\u00ed pohled v\u011brohodn\u011b - ale je o\u0161idn\u00e1. Viditelnost toti\u017e neznamen\u00e1 vlastnictv\u00ed. Dosah nen\u00ed vlastnictv\u00ed. A obsah v \u017e\u00e1dn\u00e9m p\u0159\u00edpad\u011b nen\u00ed z\u00e1klad.<\/p>\n<p>P\u0159\u00edsp\u011bvek m\u016f\u017ee b\u00fdt p\u0159e\u010dten tis\u00edckr\u00e1t, ale po n\u011bkolika dnech prakticky zmiz\u00ed. P\u0159\u00edsp\u011bvek na soci\u00e1ln\u00edch s\u00edt\u00edch se m\u016f\u017ee st\u00e1t vir\u00e1ln\u00edm - a p\u0159itom nem\u00e1 \u017e\u00e1dn\u00fd trval\u00fd \u00fa\u010dinek. Ani dob\u0159e um\u00edst\u011bn\u00fd obsah ve vyhled\u00e1va\u010d\u00edch nen\u00ed automaticky stabiln\u00ed. Z\u00e1vis\u00ed na algoritmech, pravidlech platforem a v\u00fdvoji, kter\u00fd nem\u00e1te pod kontrolou.<!--more--><\/p>\n<hr \/>\n\n\t\t\t<div class=\"display-post-types\">\n\n\t\t\t\t\t\t\t<style type=\"text\/css\">\n\t\t\t#dpt-wrapper-256 { --dpt-text-align: left;--dpt-image-crop: center;--dpt-border-radius: 5px;--dpt-h-gutter: 10px;--dpt-v-gutter: 9px; }\t\t\t<\/style>\n\t\t\t<style type=\"text\/css\">#dpt-wrapper-256 { --dpt-title-font-style:normal;--dpt-title-font-weight:600;--dpt-title-line-height:1.5;--dpt-title-text-decoration:none;--dpt-title-text-transform:none;--dpt-excerpt-font-style:normal;--dpt-excerpt-font-weight:400;--dpt-excerpt-line-height:1.5;--dpt-excerpt-text-decoration:none;--dpt-excerpt-text-transform:none;--dpt-meta1-font-style:normal;--dpt-meta1-font-weight:400;--dpt-meta1-line-height:1.9;--dpt-meta1-text-decoration:none;--dpt-meta1-text-transform:none;--dpt-meta2-font-style:normal;--dpt-meta2-font-weight:400;--dpt-meta2-line-height:1.9;--dpt-meta2-text-decoration:none;--dpt-meta2-text-transform:none; }<\/style><div class=\"dpt-main-header\">\n\t\t\t\t\t\t<div class=\"dpt-main-title\">\n\t\t\t\t\t\t\t<span class=\"dpt-main-title-text\">Aktu\u00e1ln\u00ed \u010dl\u00e1nky o um\u011bn\u00ed a kultu\u0159e<\/span>\n\t\t\t\t\t\t<\/div>\n\t\t\t\t\t\t\n\t\t\t\t\t\t\n\t\t\t\t\t\t\n\t\t\t\t\t\t<\/div>\t\t\t\n\t\t\t\t<div id=\"dpt-wrapper-256\" class=\"dpt-wrapper dpt-mag1 land1 dpt-cropped dpt-flex-wrap\" >\n\n\t\t\t\t\t\t\t\t\t\t\t<div class=\"dpt-entry has-thumbnail\" data-title=\"iran verstehen: alltag, proteste und interessen jenseits der schlagzeilen\" data-id=\"4462\"  data-category=\"allgemein gesellschaft kunst &amp; kultur\" data-post_tag=\"erfahrungen europa geopolitik krisen meinungsfreiheit sicherheitspolitik spieltheorie\">\n\t\t\t\t\t\t\t<div class=\"dpt-entry-wrapper\"><div class=\"dpt-featured-content\"><div class=\"dpt-permalink\"><a href=\"https:\/\/www.markus-schall.de\/cs\/2026\/01\/porozumeni-iranskemu-kazdodennimu-zivotu-protesty-a-zajmy-mimo-titulky-novin\/\" class=\"dpt-permalink\"><span class=\"screen-reader-text\">Porozum\u011bn\u00ed \u00cdr\u00e1nu: V\u0161edn\u00ed \u017eivot, protesty a z\u00e1jmy mimo titulky novin.<\/span><\/a><\/div><div class=\"dpt-thumbnail\"><div class=\"dpt-thumbnail-inner\"><img width=\"1024\" height=\"683\" class=\"attachment-full size-full\" alt=\"Porozum\u011bn\u00ed \u00cdr\u00e1nu\" context=\"dpt\" data-dpt-src=\"https:\/\/www.markus-schall.de\/wp-content\/uploads\/Iran-Titel.jpg\" data-dpt-sizes=\"(max-width: 1024px) 100vw, 1024px\" data-dpt-srcset=\"https:\/\/www.markus-schall.de\/wp-content\/uploads\/Iran-Titel.jpg 1024w, https:\/\/www.markus-schall.de\/wp-content\/uploads\/Iran-Titel-300x200.jpg 300w, https:\/\/www.markus-schall.de\/wp-content\/uploads\/Iran-Titel-768x512.jpg 768w, https:\/\/www.markus-schall.de\/wp-content\/uploads\/Iran-Titel-18x12.jpg 18w\" \/><\/div><span class=\"dpt-thumbnail-aspect-ratio\" style=\"padding-top: 75%\"><\/span><\/div><\/div><div class=\"sub-entry\"><h3 class=\"dpt-title\"><a class=\"dpt-title-link\" href=\"https:\/\/www.markus-schall.de\/cs\/2026\/01\/porozumeni-iranskemu-kazdodennimu-zivotu-protesty-a-zajmy-mimo-titulky-novin\/\" rel=\"bookmark\">Porozum\u011bn\u00ed \u00cdr\u00e1nu: V\u0161edn\u00ed \u017eivot, protesty a z\u00e1jmy mimo titulky novin.<\/a><\/h3><\/div><\/div>\n\t\t\t\t\t\t<\/div><!-- .dpt-entry -->\n\t\t\t\t\t\t\t\t\t\t\t\t<div class=\"dpt-entry has-thumbnail\" data-title=\"reichweite ist kein eigentum \u2013 warum sichtbarkeit heute nicht mehr ausreicht\" data-id=\"3994\"  data-category=\"allgemein featured filemaker &amp; erp gesellschaft kunst &amp; kultur\" data-post_tag=\"datenlogik datenschutz denkmodelle digitales eigentum erp-software\">\n\t\t\t\t\t\t\t<div class=\"dpt-entry-wrapper\"><div class=\"dpt-featured-content\"><div class=\"dpt-permalink\"><a href=\"https:\/\/www.markus-schall.de\/cs\/2025\/12\/dosah-neni-vlastnictvim-proc-dnes-jiz-nestaci-viditelnost\/\" class=\"dpt-permalink\"><span class=\"screen-reader-text\">Dosah neznamen\u00e1 vlastnictv\u00ed - Pro\u010d dnes u\u017e nesta\u010d\u00ed jen viditelnost<\/span><\/a><\/div><div class=\"dpt-thumbnail\"><div class=\"dpt-thumbnail-inner\"><img width=\"1024\" height=\"683\" class=\"attachment-full size-full\" alt=\"Dosah vs. vlastnictv\u00ed\" context=\"dpt\" data-dpt-src=\"https:\/\/www.markus-schall.de\/wp-content\/uploads\/reichweite-vs-eigentum.jpg\" data-dpt-sizes=\"(max-width: 1024px) 100vw, 1024px\" data-dpt-srcset=\"https:\/\/www.markus-schall.de\/wp-content\/uploads\/reichweite-vs-eigentum.jpg 1024w, https:\/\/www.markus-schall.de\/wp-content\/uploads\/reichweite-vs-eigentum-300x200.jpg 300w, https:\/\/www.markus-schall.de\/wp-content\/uploads\/reichweite-vs-eigentum-768x512.jpg 768w, https:\/\/www.markus-schall.de\/wp-content\/uploads\/reichweite-vs-eigentum-18x12.jpg 18w\" \/><\/div><span class=\"dpt-thumbnail-aspect-ratio\" style=\"padding-top: 75%\"><\/span><\/div><\/div><div class=\"sub-entry\"><h3 class=\"dpt-title\"><a class=\"dpt-title-link\" href=\"https:\/\/www.markus-schall.de\/cs\/2025\/12\/dosah-neni-vlastnictvim-proc-dnes-jiz-nestaci-viditelnost\/\" rel=\"bookmark\">Dosah neznamen\u00e1 vlastnictv\u00ed - Pro\u010d dnes u\u017e nesta\u010d\u00ed jen viditelnost<\/a><\/h3><\/div><\/div>\n\t\t\t\t\t\t<\/div><!-- .dpt-entry -->\n\t\t\t\t\t\t\t\t\t\t\t\t<div class=\"dpt-entry has-thumbnail\" data-title=\"vicco von b\u00fclow alias loriot \u2013 ordnung, form und der leise widerstand des humors\" data-id=\"4169\"  data-category=\"allgemein gesellschaft kunst &amp; kultur stories &amp; humor\" data-post_tag=\"deutschland erfahrungen pers\u00f6nlichkeitsentwicklung portrait\">\n\t\t\t\t\t\t\t<div class=\"dpt-entry-wrapper\"><div class=\"dpt-featured-content\"><div class=\"dpt-permalink\"><a href=\"https:\/\/www.markus-schall.de\/cs\/2025\/12\/vicco-von-buelow-alias-loriot-objednavkovy-formular-a-tichy-odpor-humoru\/\" class=\"dpt-permalink\"><span class=\"screen-reader-text\">Vicco von B\u00fclow alias Loriot - \u0159\u00e1d, forma a tich\u00fd odpor humoru<\/span><\/a><\/div><div class=\"dpt-thumbnail\"><div class=\"dpt-thumbnail-inner\"><img width=\"1024\" height=\"747\" class=\"attachment-full size-full\" alt=\"\" context=\"dpt\" data-dpt-src=\"https:\/\/www.markus-schall.de\/wp-content\/uploads\/Loriot-Titel.jpg\" data-dpt-sizes=\"(max-width: 1024px) 100vw, 1024px\" data-dpt-srcset=\"https:\/\/www.markus-schall.de\/wp-content\/uploads\/Loriot-Titel.jpg 1024w, https:\/\/www.markus-schall.de\/wp-content\/uploads\/Loriot-Titel-300x219.jpg 300w, https:\/\/www.markus-schall.de\/wp-content\/uploads\/Loriot-Titel-768x560.jpg 768w, https:\/\/www.markus-schall.de\/wp-content\/uploads\/Loriot-Titel-16x12.jpg 16w\" \/><\/div><span class=\"dpt-thumbnail-aspect-ratio\" style=\"padding-top: 75%\"><\/span><\/div><\/div><div class=\"sub-entry\"><h3 class=\"dpt-title\"><a class=\"dpt-title-link\" href=\"https:\/\/www.markus-schall.de\/cs\/2025\/12\/vicco-von-buelow-alias-loriot-objednavkovy-formular-a-tichy-odpor-humoru\/\" rel=\"bookmark\">Vicco von B\u00fclow alias Loriot - \u0159\u00e1d, forma a tich\u00fd odpor humoru<\/a><\/h3><\/div><\/div>\n\t\t\t\t\t\t<\/div><!-- .dpt-entry -->\n\t\t\t\t\t\t\t\t\t\t\t\t<div class=\"dpt-entry has-thumbnail\" data-title=\"zukunft mit ladeger\u00e4t \u2013 herr von l&#8217;oreot kauft einen e-scooter\" data-id=\"3229\"  data-category=\"allgemein gesellschaft kunst &amp; kultur stories &amp; humor\" data-post_tag=\"erfahrungen\">\n\t\t\t\t\t\t\t<div class=\"dpt-entry-wrapper\"><div class=\"dpt-featured-content\"><div class=\"dpt-permalink\"><a href=\"https:\/\/www.markus-schall.de\/cs\/2025\/10\/budoucnost-s-nabijeckou-pan-von-loreot-si-koupi-elektronicky-skutr\/\" class=\"dpt-permalink\"><span class=\"screen-reader-text\">Budoucnost s nab\u00edje\u010dkou - pan von L'oreot kupuje e-kolob\u011b\u017eku<\/span><\/a><\/div><div class=\"dpt-thumbnail\"><div class=\"dpt-thumbnail-inner\"><img width=\"1024\" height=\"747\" class=\"attachment-full size-full\" alt=\"\" context=\"dpt\" data-dpt-src=\"https:\/\/www.markus-schall.de\/wp-content\/uploads\/loereot-e-scooter-1.jpg\" data-dpt-sizes=\"(max-width: 1024px) 100vw, 1024px\" data-dpt-srcset=\"https:\/\/www.markus-schall.de\/wp-content\/uploads\/loereot-e-scooter-1.jpg 1024w, https:\/\/www.markus-schall.de\/wp-content\/uploads\/loereot-e-scooter-1-300x219.jpg 300w, https:\/\/www.markus-schall.de\/wp-content\/uploads\/loereot-e-scooter-1-768x560.jpg 768w, https:\/\/www.markus-schall.de\/wp-content\/uploads\/loereot-e-scooter-1-16x12.jpg 16w\" \/><\/div><span class=\"dpt-thumbnail-aspect-ratio\" style=\"padding-top: 75%\"><\/span><\/div><\/div><div class=\"sub-entry\"><h3 class=\"dpt-title\"><a class=\"dpt-title-link\" href=\"https:\/\/www.markus-schall.de\/cs\/2025\/10\/budoucnost-s-nabijeckou-pan-von-loreot-si-koupi-elektronicky-skutr\/\" rel=\"bookmark\">Budoucnost s nab\u00edje\u010dkou - pan von L'oreot kupuje e-kolob\u011b\u017eku<\/a><\/h3><\/div><\/div>\n\t\t\t\t\t\t<\/div><!-- .dpt-entry -->\n\t\t\t\t\t\t\n\t\t\t\t<\/div>\n\t\t\t\t\t\t<\/div>\n\t\t\t\n<hr \/>\n<h2>Die Verwechslung von Reichweite und Wert<\/h2>\n<p>Was hier oft \u00fcbersehen wird: Die meisten digitalen Aktivit\u00e4ten erzeugen keine Substanz, sondern Bewegung. Sie schaffen Aufmerksamkeit, aber kein Eigentum. Sie sorgen f\u00fcr kurzfristige Pr\u00e4senz, aber nicht f\u00fcr langfristige Wirkung. Das ist kein Zufall, sondern Teil der Systemlogik. Plattformen sind darauf ausgelegt, Inhalte zirkulieren zu lassen \u2013 nicht darauf, dass Du etwas aufbaust, das unabh\u00e4ngig von ihnen Bestand hat.<\/p>\n<p>Und genau an diesem Punkt beginnt ein gedanklicher Fehler, den viele erst sp\u00e4t erkennen: Sie investieren Zeit, Energie und oft auch Geld \u2013 aber nicht in ein eigenes System, sondern in fremde Strukturen.<\/p>\n<p>Kurz gesagt: Viele bauen sich Reichweite auf \u2013 und merken erst Jahre sp\u00e4ter, dass ihnen nichts davon geh\u00f6rt.<\/p>\n<h3>Der blinde Fleck der digitalen \u00d6konomie<\/h3>\n<p>Wenn Du Dir anschaust, wie heute Inhalte entstehen, f\u00e4llt ein Muster auf: Es wird produziert, ver\u00f6ffentlicht, weitergezogen. Der n\u00e4chste Beitrag, das n\u00e4chste Thema, die n\u00e4chste Idee.<\/p>\n<p>Was dabei selten passiert, ist Aufbau. Viele arbeiten, als w\u00fcrden sie t\u00e4glich neu anfangen. Inhalte stehen nebeneinander, aber nicht miteinander in Verbindung. Es fehlt die Struktur, die aus einzelnen Elementen ein Ganzes macht. Dieser Unterschied ist entscheidend. Denn ein einzelner Artikel ist isoliert betrachtet kaum mehr als ein Informationsfragment. Erst durch Einbettung, Verlinkung, Weiterentwicklung und Kontext entsteht daraus ein Baustein innerhalb eines Systems. Und erst dieses System hat das Potenzial, \u00fcber Zeit hinweg an Wert zu gewinnen.<\/p>\n<p>Genau hier liegt der blinde Fleck: Die digitale \u00d6konomie belohnt kurzfristig das Produzieren \u2013 aber langfristig profitiert derjenige, der strukturiert aufbaut. Das wirkt im Alltag unspektakul\u00e4r. Es gibt keine schnellen Ausschl\u00e4ge, keine pl\u00f6tzlichen Spr\u00fcnge. Aber es entsteht etwas, das sich nicht mehr so leicht verdr\u00e4ngen l\u00e4sst: eine wachsende Substanz. Und diese Substanz folgt anderen Regeln als Reichweite. Sie entsteht nicht durch Masse, sondern durch Verbindung. Nicht durch Tempo, sondern durch Kontinuit\u00e4t. Und nicht durch Sichtbarkeit allein, sondern durch Kontrolle \u00fcber das, was Du erschaffst.<\/p>\n<p>Damit stellt sich eine andere, deutlich grundlegendere Frage: Was bedeutet es eigentlich, im digitalen Raum wirklich etwas zu besitzen? Genau an diesem Punkt beginnt der eigentliche Kern dieses Artikels.<\/p>\n<h2>Was ist digitales Eigentum wirklich? Definition aus wissenschaftlicher Sicht<\/h2>\n<p><a href=\"https:\/\/www.markus-schall.de\/cs\/2026\/02\/digitalni-majetek-vysvetlil-jak-se-vytvareji-udrzitelne-online-aktiva\/\"><img loading=\"lazy\" decoding=\"async\" class=\"alignright size-medium wp-image-4770\" src=\"https:\/\/www.markus-schall.de\/wp-content\/uploads\/Digitales-Eigentum-300x200.jpg\" alt=\"Co je digit\u00e1ln\u00ed vlastnictv\u00ed\" width=\"300\" height=\"200\" srcset=\"https:\/\/www.markus-schall.de\/wp-content\/uploads\/Digitales-Eigentum-300x200.jpg 300w, https:\/\/www.markus-schall.de\/wp-content\/uploads\/Digitales-Eigentum-768x512.jpg 768w, https:\/\/www.markus-schall.de\/wp-content\/uploads\/Digitales-Eigentum-18x12.jpg 18w, https:\/\/www.markus-schall.de\/wp-content\/uploads\/Digitales-Eigentum.jpg 1024w\" sizes=\"auto, (max-width: 300px) 100vw, 300px\" \/><\/a>Wenn man den Begriff \u201edigitales Eigentum\u201c genauer betrachtet, stellt man schnell fest: Er wird h\u00e4ufig verwendet, aber selten sauber definiert. Im klassischen Sinne bedeutet Eigentum vor allem eines: Kontrolle. Nicht im emotionalen, sondern im rechtlichen und praktischen Sinn. In einem weiteren Artikel habe ich noch genauer definiert, <a href=\"https:\/\/www.markus-schall.de\/cs\/2026\/02\/digitalni-majetek-vysvetlil-jak-se-vytvareji-udrzitelne-online-aktiva\/\"><strong>was digitales Eigentum ist<\/strong><\/a> und worum es dabei wirklich geht.<\/p>\n<p>In der wissenschaftlichen Diskussion spricht man hier oft von Digital Ownership. Gemeint ist damit die tats\u00e4chliche Verf\u00fcgungsmacht \u00fcber digitale Inhalte \u2013 also die M\u00f6glichkeit, sie zu nutzen, zu ver\u00e4ndern, zu verbreiten oder auch zu entfernen, ohne von Dritten abh\u00e4ngig zu sein.<\/p>\n<p>Und genau hier beginnt bereits die erste Unterscheidung, die im Alltag h\u00e4ufig \u00fcbersehen wird:<\/p>\n<blockquote><p>Zwischen Besitz und Nutzung.<\/p><\/blockquote>\n<p>Wenn Du Inhalte auf einer Plattform ver\u00f6ffentlichst, nutzt Du deren Infrastruktur. Aber Du besitzt sie nicht wirklich. Die Plattform entscheidet \u00fcber Reichweite, Sichtbarkeit und im Zweifel auch dar\u00fcber, ob Dein Inhalt bestehen bleibt oder verschwindet.<\/p>\n<p>Das mag im Alltag kaum auffallen. Strategisch betrachtet ist es jedoch ein fundamentaler Unterschied. Denn Eigentum zeigt sich nicht dann, wenn alles reibungslos funktioniert \u2013 sondern in dem Moment, in dem sich die Rahmenbedingungen \u00e4ndern.<\/p>\n<h3>Digitale Assets und ihre Struktur<\/h3>\n<p>Um den Begriff weiter zu sch\u00e4rfen, lohnt sich ein Blick auf das, was h\u00e4ufig als Digital Asset bezeichnet wird. Darunter fallen zun\u00e4chst ganz selbstverst\u00e4ndlich Inhalte wie Texte, B\u00fccher, Bilder oder Datenbanken. Doch diese Betrachtung greift zu kurz.<\/p>\n<p>Ein einzelner Text ist technisch gesehen ein Asset. Sein eigentlicher Wert entsteht jedoch erst durch den Kontext, in dem er steht. Ein Artikel, der sinnvoll eingebettet ist, mit anderen Inhalten verkn\u00fcpft wird und Teil einer klaren Struktur ist, entwickelt eine andere Qualit\u00e4t als ein isolierter Beitrag. Er wird nicht nur gelesen \u2013 er wird Teil eines Systems.<\/p>\n<p>Hier kommt ein Aspekt ins Spiel, der oft untersch\u00e4tzt wird: Struktur. Metadaten, interne Verlinkungen, thematische Zusammenh\u00e4nge und redaktionelle Linien sind keine dekorativen Elemente. Sie sind das Fundament, auf dem digitales Eigentum \u00fcberhaupt erst entstehen kann.<\/p>\n<p>Man k\u00f6nnte es vereinfacht so sagen: Der Inhalt ist das Material \u2013 die Struktur ist das Bauwerk. Und wie im klassischen Handwerk entscheidet nicht das Material allein \u00fcber die Qualit\u00e4t, sondern die Art und Weise, wie es verarbeitet wird.<\/p>\n<h3>Der entscheidende Faktor: Kontrolle<\/h3>\n<p>Wenn man alle Aspekte zusammenf\u00fchrt, bleibt ein Punkt \u00fcbrig, der den Unterschied macht: Kontrolle. In der juristischen und \u00f6konomischen Betrachtung gilt Kontrolle als eines der zentralen Kriterien f\u00fcr Eigentum. Nur wer tats\u00e4chlich bestimmen kann, was mit einem Gut geschieht, kann es im eigentlichen Sinne besitzen.<\/p>\n<p>\u00dcbertr\u00e4gt man dieses Prinzip in die digitale Welt, wird die Lage schnell klarer. Ein eigenes Magazin, eine eigene Website oder ein selbst publiziertes Buch erf\u00fcllen diese Bedingung deutlich eher als Inhalte, die vollst\u00e4ndig in fremde Systeme eingebettet sind. Nicht, weil sie technisch \u00fcberlegen w\u00e4ren \u2013 sondern weil sie unabh\u00e4ngig sind.<\/p>\n<p>An dieser Stelle ber\u00fchrt das Thema auch das Konzept der Digital Self-Determination. Gemeint ist damit die F\u00e4higkeit, die eigene digitale Existenz selbst zu gestalten, statt sie von externen Strukturen definieren zu lassen. Das klingt zun\u00e4chst abstrakt, hat aber sehr konkrete Auswirkungen.<\/p>\n<ul>\n<li>Wer Kontrolle hat, kann Inhalte langfristig entwickeln.<\/li>\n<li>Wer Kontrolle hat, kann Strukturen aufbauen.<\/li>\n<li>Wer Kontrolle hat, kann Entscheidungen treffen, die sich erst Jahre sp\u00e4ter auszahlen.<\/li>\n<\/ul>\n<p>Und genau das ist der Punkt, an dem sich entscheidet, ob digitale Arbeit lediglich Aktivit\u00e4t erzeugt \u2013 oder ob daraus tats\u00e4chlicher Wert entsteht. Denn ohne Kontrolle bleibt alles vorl\u00e4ufig. Mit Kontrolle entsteht die Grundlage f\u00fcr etwas, das Bestand haben kann.<\/p>\n<p>Damit verschiebt sich auch die Perspektive: Es geht nicht mehr nur darum, Inhalte zu erstellen. Es geht darum, ein System aufzubauen, das Dir geh\u00f6rt.<\/p>\n<p><img loading=\"lazy\" decoding=\"async\" class=\"alignnone wp-image-5907 size-full\" src=\"https:\/\/www.markus-schall.de\/wp-content\/uploads\/Organische-Reichweite-Entwicklung.jpg\" alt=\"Akkumulation organischer Reichweite\" width=\"1024\" height=\"682\" srcset=\"https:\/\/www.markus-schall.de\/wp-content\/uploads\/Organische-Reichweite-Entwicklung.jpg 1024w, https:\/\/www.markus-schall.de\/wp-content\/uploads\/Organische-Reichweite-Entwicklung-300x200.jpg 300w, https:\/\/www.markus-schall.de\/wp-content\/uploads\/Organische-Reichweite-Entwicklung-768x512.jpg 768w, https:\/\/www.markus-schall.de\/wp-content\/uploads\/Organische-Reichweite-Entwicklung-18x12.jpg 18w\" sizes=\"auto, (max-width: 1024px) 100vw, 1024px\" \/><\/p>\n<h2>Digitales Kapital: Warum Inhalte sich akkumulieren<\/h2>\n<p>Wenn Du beginnst, Inhalte nicht mehr isoliert zu betrachten, sondern als Teil eines gr\u00f6\u00dferen Zusammenhangs, ver\u00e4ndert sich auch die Perspektive auf ihren Wert. Ein einzelner Artikel mag begrenzt wirken \u2013 ein System aus Artikeln dagegen kann mit der Zeit eine eigene Dynamik entwickeln.<\/p>\n<p>In der Forschung wird dieser Gedanke unter anderem mit dem Begriff Digital Capital beschrieben. Er geht zur\u00fcck auf klassische Kapitaltheorien, etwa von Pierre Bourdieu, der verschiedene Formen von Kapital unterschieden hat \u2013 nicht nur finanzielles, sondern auch kulturelles oder soziales.<\/p>\n<p>\u00dcbertr\u00e4gt man dieses Prinzip in die digitale Welt, entsteht ein interessanter Gedanke: Auch Inhalte k\u00f6nnen sich ansammeln. Nicht nur in der Menge, sondern im Wert. Ein Artikel steht dann nicht mehr f\u00fcr sich allein. Er wird Teil eines wachsenden Bestands. Und dieser Bestand kann mit der Zeit eine Wirkung entfalten, die deutlich \u00fcber die Summe seiner Einzelteile hinausgeht.<\/p>\n<p>Das ist der Punkt, an dem aus Content langsam Kapital wird.<\/p>\n<h3>Akkumulation statt Ver\u00f6ffentlichung<\/h3>\n<p>Wenn Du Inhalte lediglich ver\u00f6ffentlichst, passiert oft Folgendes: Sie erscheinen, werden gelesen \u2013 und verlieren danach an Bedeutung. Der n\u00e4chste Beitrag folgt, das Spiel beginnt von vorn.<\/p>\n<p>Akkumulation funktioniert anders. Hier geht es nicht darum, st\u00e4ndig Neues zu produzieren, sondern Bestehendes zu erweitern, zu verkn\u00fcpfen und sinnvoll einzubetten. Jeder neue Inhalt st\u00e4rkt die vorhandenen. Jeder bestehende Inhalt gewinnt durch Erg\u00e4nzungen an Tiefe. Das setzt allerdings voraus, dass Du nicht in einzelnen Beitr\u00e4gen denkst, sondern in Strukturen.<\/p>\n<p>Ein Magazin, das thematische Schwerpunkte entwickelt, Inhalte miteinander verlinkt und \u00e4ltere Beitr\u00e4ge regelm\u00e4\u00dfig aktualisiert, verh\u00e4lt sich anders als eine lose Sammlung von Artikeln. Es beginnt, sich wie ein System zu verhalten. Und genau dieses System ist entscheidend. Denn es sorgt daf\u00fcr, dass Inhalte nicht einfach \u201everalten\u201c, sondern sich weiterentwickeln. Sie werden nicht ersetzt, sondern erg\u00e4nzt. Sie verlieren nicht an Bedeutung, sondern ver\u00e4ndern ihren Kontext.<\/p>\n<p>Das ist ein eher klassischer Ansatz. Fr\u00fcher h\u00e4tte man gesagt: Man baut ein Archiv auf. Oder eine Bibliothek. Heute w\u00fcrde man vielleicht von einem Content-System sprechen. Der Kern bleibt derselbe.<\/p>\n<h3>Der \u201eZinseszinseffekt\u201c von Content<\/h3>\n<p>Ein besonders anschauliches Bild f\u00fcr diesen Prozess ist der sogenannte Zinseszinseffekt. In der Finanzwelt beschreibt er ein einfaches Prinzip: Ertr\u00e4ge werden nicht nur einmal erzielt, sondern wieder angelegt \u2013 und erzeugen dadurch neue Ertr\u00e4ge. \u00dcber l\u00e4ngere Zeitr\u00e4ume entsteht so ein exponentielles Wachstum. \u00dcbertr\u00e4gt man dieses Prinzip auf Inhalte, ergibt sich ein \u00e4hnliches Muster.<\/p>\n<ol>\n<li>Ein Artikel kann Leser bringen.<\/li>\n<li>Diese Leser sto\u00dfen auf weitere Inhalte.<\/li>\n<li>Diese Inhalte verst\u00e4rken wiederum die Sichtbarkeit des Gesamtsystems.<\/li>\n<\/ol>\n<p>Mit der Zeit entsteht ein Netz aus Verweisen, Zusammenh\u00e4ngen und Themenfeldern. Und dieses Netz beginnt, sich selbst zu tragen.<\/p>\n<p>Wichtig ist dabei: Dieser Effekt entsteht nicht sofort. Am Anfang wirkt alles klein, fast unscheinbar. Einzelne Beitr\u00e4ge stehen nebeneinander, ohne gro\u00dfe Wirkung. Doch mit jeder Erg\u00e4nzung verdichtet sich das System. Verbindungen entstehen. Zusammenh\u00e4nge werden sichtbar.<\/p>\n<p>Und irgendwann kippt die Wahrnehmung:<\/p>\n<ol>\n<li>Aus einzelnen Inhalten wird ein Zusammenhang.<\/li>\n<li>Aus einem Zusammenhang wird eine Struktur.<\/li>\n<li>Und aus dieser Struktur entsteht ein Wert, der sich nicht mehr so leicht aufl\u00f6sen l\u00e4sst.<\/li>\n<\/ol>\n<p>Genau hier liegt der eigentliche Vorteil: W\u00e4hrend einzelne Inhalte jederzeit ersetzt oder kopiert werden k\u00f6nnen, ist ein gewachsenes System schwer reproduzierbar. Nicht, weil es technisch komplex w\u00e4re \u2013 sondern weil es Zeit ben\u00f6tigt hat. Und Zeit l\u00e4sst sich nicht kopieren.<\/p>\n<h3>Zentrale Begriffe rund um digitales Eigentum<\/h3>\n<div style=\"overflow-x: auto;\">\n<table>\n<tbody>\n<tr style=\"background-color: #f2f2f2;\">\n<th>Begriff<\/th>\n<th>Bedeutung<\/th>\n<th>Relevanz f\u00fcr den Artikel<\/th>\n<\/tr>\n<tr>\n<td><strong>Digit\u00e1ln\u00ed majetek<\/strong><\/td>\n<td>Digitale Inhalte, Strukturen oder Systeme, \u00fcber die der Ersteller langfristig Kontrolle beh\u00e4lt.<\/td>\n<td>Grundbegriff des Artikels: Es geht nicht nur um Inhalte, sondern um kontrollierbare digitale Substanz.<\/td>\n<\/tr>\n<tr>\n<td><strong>Digitale Assets<\/strong><\/td>\n<td>Texte, Bilder, B\u00fccher, Datenbanken, Webseiten oder andere digitale Werte mit langfristigem Nutzwert.<\/td>\n<td>Zeigt, dass Inhalte nicht nur Ver\u00f6ffentlichungen sind, sondern Verm\u00f6gensbestandteile werden k\u00f6nnen.<\/td>\n<\/tr>\n<tr>\n<td><strong>Digital Capital<\/strong><\/td>\n<td>Angesammelte digitale Ressourcen, Kompetenzen, Inhalte und Strukturen, die \u00fcber Zeit Wert erzeugen.<\/td>\n<td>Erkl\u00e4rt, warum einzelne Beitr\u00e4ge zusammen ein wachsendes digitales Kapital bilden k\u00f6nnen.<\/td>\n<\/tr>\n<tr>\n<td><strong>Organisches Wachstum<\/strong><\/td>\n<td>Langsame, kontinuierliche Entwicklung eines Systems durch neue Inhalte, Pflege und Verkn\u00fcpfung.<\/td>\n<td>Beschreibt den Gegenentwurf zu kurzfristiger Reichweite und schnell verpuffenden Kampagnen.<\/td>\n<\/tr>\n<tr>\n<td><strong>Plattformabh\u00e4ngigkeit<\/strong><\/td>\n<td>Abh\u00e4ngigkeit von fremden Systemen, Algorithmen, Regeln und Sichtbarkeitsmechanismen.<\/td>\n<td>Macht sichtbar, warum Reichweite ohne Kontrolle strategisch riskant bleibt.<\/td>\n<\/tr>\n<tr>\n<td><strong>Redaktionelle Linie<\/strong><\/td>\n<td>Wiedererkennbare Auswahl, Haltung, Sprache und thematische F\u00fchrung eines digitalen Systems.<\/td>\n<td>Sie macht ein gewachsenes System pers\u00f6nlich, glaubw\u00fcrdig und schwer kopierbar.<\/td>\n<\/tr>\n<\/tbody>\n<\/table>\n<\/div>\n<h2>Organisches Wachstum als untersch\u00e4tztes Prinzip<\/h2>\n<p>Wenn Du heute ein Projekt startest, begegnet Dir fast \u00fcberall dieselbe Erwartung: Es soll schnell gehen. Sichtbare Ergebnisse, steigende Zahlen, klare Fortschritte \u2013 m\u00f6glichst innerhalb kurzer Zeit. Diese Erwartung hat sich tief in das digitale Denken eingepr\u00e4gt. Wachstum wird h\u00e4ufig mit Tempo gleichgesetzt. Wer schnell w\u00e4chst, gilt als erfolgreich. Wer langsam w\u00e4chst, wird oft \u00fcbersehen.<\/p>\n<p>Und genau hier liegt ein Denkfehler. Denn Geschwindigkeit sagt wenig \u00fcber Stabilit\u00e4t aus. Ein System, das schnell w\u00e4chst, kann ebenso schnell wieder an Bedeutung verlieren. Es reagiert empfindlich auf \u00e4u\u00dfere Einfl\u00fcsse, auf Ver\u00e4nderungen von Plattformen, Trends oder Algorithmen.<\/p>\n<p>Langsames Wachstum funktioniert anders. Es baut nicht auf kurzfristigen Effekten auf, sondern auf Wiederholung, Verkn\u00fcpfung und schrittweiser Verdichtung. Jeder neue Inhalt wird nicht einfach hinzugef\u00fcgt, sondern integriert. Bestehendes wird erg\u00e4nzt, erweitert, teilweise auch korrigiert.<\/p>\n<p>Das wirkt von au\u00dfen unspektakul\u00e4r. Es gibt keine pl\u00f6tzlichen Spr\u00fcnge, keine auff\u00e4lligen Ausschl\u00e4ge. Aber es entsteht etwas, das in der digitalen Welt selten geworden ist: Stabilit\u00e4t. Und Stabilit\u00e4t ist langfristig wertvoller als Geschwindigkeit.<\/p>\n<h3>Systeme statt Einzelinhalte<\/h3>\n<p>Ein weiterer Unterschied zeigt sich darin, wie Inhalte gedacht werden. Viele arbeiten nach dem Prinzip einzelner Beitr\u00e4ge. Jeder Artikel steht f\u00fcr sich, erf\u00fcllt einen Zweck und wird danach durch den n\u00e4chsten ersetzt. Es entsteht eine lineare Bewegung \u2013 aber kein Zusammenhang.<\/p>\n<p>Organisches Wachstum folgt einem anderen Ansatz. Hier werden Inhalte als Teil eines Systems verstanden. Sie stehen nicht isoliert, sondern in Beziehung zueinander. Themen werden aufgegriffen, weitergef\u00fchrt, aus unterschiedlichen Perspektiven beleuchtet. Ein Artikel kann der Einstieg in ein Thema sein. Ein anderer vertieft es. Ein dritter stellt einen Zusammenhang her, der vorher nicht sichtbar war.<\/p>\n<p>Diese Art zu arbeiten erfordert eine gewisse Disziplin. Es reicht nicht, Inhalte zu produzieren. Man muss sie einordnen, verkn\u00fcpfen und gelegentlich auch \u00fcberarbeiten. Gerade die interne Verlinkung spielt hier eine zentrale Rolle. Sie ist kein technisches Detail, sondern ein strukturelles Element. Sie sorgt daf\u00fcr, dass Inhalte miteinander kommunizieren. Dass sie sich gegenseitig st\u00e4rken.<\/p>\n<p>Hinzu kommt die redaktionelle Linie. Ein System entsteht nicht nur durch Verkn\u00fcpfung, sondern auch durch Auswahl.<\/p>\n<ul>\n<li>Welche Themen werden behandelt?<\/li>\n<li>Welche werden bewusst ausgelassen?<\/li>\n<li>Welche Perspektiven werden eingenommen?<\/li>\n<\/ul>\n<p>Diese Entscheidungen sind nicht immer offensichtlich. Aber sie pr\u00e4gen das Gesamtbild. Und genau dieses Gesamtbild ist es, das mit der Zeit an Bedeutung gewinnt.<\/p>\n<h3>Historick\u00e9 paralely<\/h3>\n<p>Wenn man einen Schritt zur\u00fccktritt, erkennt man, dass dieses Prinzip keineswegs neu ist. Fr\u00fcher hat man Wissen in Bibliotheken gesammelt. B\u00fccher wurden katalogisiert, thematisch geordnet und \u00fcber Jahre hinweg erg\u00e4nzt. Ein einzelnes Buch hatte seinen Wert \u2013 aber die eigentliche St\u00e4rke lag im Bestand. Ein Verlag hat nicht nur einzelne Titel ver\u00f6ffentlicht, sondern ein Programm aufgebaut. Themen wurden entwickelt, Autoren begleitet, Inhalte langfristig gepflegt. Auch Archive folgten diesem Prinzip. Dokumente wurden nicht einfach abgelegt, sondern systematisch erfasst, eingeordnet und zug\u00e4nglich gemacht.<\/p>\n<p>All diese Beispiele haben eines gemeinsam: Sie setzen auf Kontinuit\u00e4t statt auf kurzfristige Wirkung. In der digitalen Welt scheint dieses Denken teilweise verloren gegangen zu sein. Inhalte werden produziert, verbreitet und oft genauso schnell wieder vergessen. Der Fokus liegt auf dem Moment \u2013 nicht auf der Entwicklung.<\/p>\n<p>Doch gerade darin liegt eine Chance. Wer heute wieder beginnt, in solchen Strukturen zu denken, bewegt sich bewusst gegen den Strom. Er verzichtet auf kurzfristige Effekte zugunsten langfristiger Stabilit\u00e4t. Das mag zun\u00e4chst weniger spektakul\u00e4r wirken. Aber es f\u00fchrt zu einem Ergebnis, das sich mit der Zeit deutlich abhebt.<\/p>\n<p>Denn w\u00e4hrend viele Systeme auf schnellen Erfolg ausgerichtet sind und entsprechend anf\u00e4llig bleiben, entwickelt ein organisch gewachsenes System eine eigene Tr\u00e4gheit. Es wird schwerer zu verdr\u00e4ngen. Schwerer zu ersetzen. Und mit jedem weiteren Schritt ein wenig stabiler.<\/p>\n<p>Vielleicht ist das der entscheidende Punkt: Organisches Wachstum wirkt am Anfang langsam \u2013 aber es h\u00f6rt nicht auf. Und genau das macht es auf Dauer \u00fcberlegen.<\/p>\n<p><img loading=\"lazy\" decoding=\"async\" class=\"alignnone wp-image-5905 size-full\" src=\"https:\/\/www.markus-schall.de\/wp-content\/uploads\/Organische-Reichweite-Verbindungen.jpg\" alt=\"\" width=\"1024\" height=\"682\" srcset=\"https:\/\/www.markus-schall.de\/wp-content\/uploads\/Organische-Reichweite-Verbindungen.jpg 1024w, https:\/\/www.markus-schall.de\/wp-content\/uploads\/Organische-Reichweite-Verbindungen-300x200.jpg 300w, https:\/\/www.markus-schall.de\/wp-content\/uploads\/Organische-Reichweite-Verbindungen-768x512.jpg 768w, https:\/\/www.markus-schall.de\/wp-content\/uploads\/Organische-Reichweite-Verbindungen-18x12.jpg 18w\" sizes=\"auto, (max-width: 1024px) 100vw, 1024px\" \/><\/p>\n<h2>Warum gewachsene Systeme unkopierbar sind<\/h2>\n<p>Wenn man n\u00fcchtern auf digitale Inhalte blickt, ist die Lage zun\u00e4chst eindeutig: Texte lassen sich kopieren. Bilder lassen sich kopieren. Selbst ganze Webseiten k\u00f6nnen technisch relativ einfach nachgebaut werden. Das ist keine neue Erkenntnis \u2013 und genau deshalb greifen viele Argumente an dieser Stelle zu kurz. Sie bleiben auf der Oberfl\u00e4che stehen. Denn sie betrachten das, was sichtbar ist. Nicht das, was dahinter liegt.<\/p>\n<p>Ein einzelner Artikel ist tats\u00e4chlich kopierbar. Aber ein gewachsenes System ist es nicht. Warum? Weil ein System nicht nur aus Inhalten besteht, sondern aus Beziehungen. Aus Verkn\u00fcpfungen. Aus Entscheidungen, die \u00fcber einen l\u00e4ngeren Zeitraum hinweg getroffen wurden.<\/p>\n<p>Wenn Du Inhalte isoliert betrachtest, wirken sie austauschbar. Wenn Du sie als Teil eines Gef\u00fcges betrachtest, ver\u00e4ndert sich ihre Qualit\u00e4t.<\/p>\n<ul>\n<li>Ein Artikel verweist auf einen anderen.<\/li>\n<li>Ein Thema wird an anderer Stelle vertieft.<\/li>\n<li>Ein Zusammenhang entsteht, der nicht geplant war, sondern sich entwickelt hat.<\/li>\n<\/ul>\n<p>Diese Struktur l\u00e4sst sich nicht einfach reproduzieren. Nicht, weil sie technisch komplex w\u00e4re \u2013 sondern weil sie gewachsen ist. Und Wachstum folgt keiner Vorlage.<\/p>\n<h3>Zeit als entscheidender Faktor<\/h3>\n<p>Der vielleicht wichtigste Aspekt in diesem Zusammenhang ist Zeit. In der digitalen Welt wird Zeit oft untersch\u00e4tzt. Alles scheint jederzeit verf\u00fcgbar, jederzeit reproduzierbar. Doch genau hier zeigt sich eine Grenze: Zeit l\u00e4sst sich nicht beschleunigen, wenn es um Entwicklung geht.<\/p>\n<p>Ein System, das \u00fcber Monate oder Jahre aufgebaut wurde, tr\u00e4gt diese Zeit in sich. Nicht sichtbar \u2013 aber wirksam. \u00c4ltere Inhalte stehen nicht einfach neben neuen. Sie bilden eine Grundlage. Sie zeigen, wie sich Themen entwickelt haben. Sie geben einem System Tiefe.<\/p>\n<p>Und genau diese Tiefe entsteht nicht durch Planung allein. Du kannst eine Struktur entwerfen. Du kannst Themen festlegen. Aber Du kannst keine Historie simulieren. Ein gewachsenes System enth\u00e4lt Spuren. Entscheidungen, die im R\u00fcckblick vielleicht anders getroffen worden w\u00e4ren. Themen, die sich verschoben haben. Perspektiven, die sich erweitert haben.<\/p>\n<p>All das macht es menschlich \u2013 und gleichzeitig einzigartig. Versucht jemand, ein solches System zu kopieren, kann er die Oberfl\u00e4che nachbilden. Die Inhalte \u00fcbernehmen, die Struktur imitieren. Was ihm fehlt, ist die Zeit. Und ohne diese Zeit fehlt dem System ein wesentlicher Bestandteil: Entwicklung.<\/p>\n<h3>Pers\u00f6nliche Linie als unsichtbarer Kern<\/h3>\n<p>Neben Struktur und Zeit gibt es einen dritten Faktor, der oft untersch\u00e4tzt wird: die pers\u00f6nliche Linie. Sie ist schwer zu greifen, weil sie selten explizit formuliert wird. Und doch ist sie in jedem gewachsenen System vorhanden.<\/p>\n<ul>\n<li>Sie zeigt sich in der Auswahl von Themen.<\/li>\n<li>In der Art, wie Dinge beschrieben werden.<\/li>\n<li>In dem, was bewusst ausgelassen wird.<\/li>\n<\/ul>\n<p>Diese Linie entsteht nicht durch Planung allein. Sie entwickelt sich mit der Zeit \u2013 durch Erfahrung, durch Korrektur, durch Reflexion. In der Psychologie spricht man in diesem Zusammenhang von Psychological Ownership. Gemeint ist das Gef\u00fchl, dass etwas \u201eeinem geh\u00f6rt\u201c, weil man es gepr\u00e4gt hat.<\/p>\n<p>\u00dcbertragen auf digitale Systeme bedeutet das: Ein gewachsenes System tr\u00e4gt die Handschrift seines Erstellers. Und diese Handschrift ist nicht kopierbar.<br \/>\nMan kann sie nachahmen. Man kann versuchen, sie zu imitieren. Aber man kann sie nicht reproduzieren. Denn sie basiert nicht nur auf dem Ergebnis, sondern auf dem Weg dorthin.<\/p>\n<ul>\n<li>Auf Entscheidungen, die getroffen wurden.<\/li>\n<li>Auf Themen, die bewusst verfolgt oder verworfen wurden.<\/li>\n<li>Auf einer Haltung, die sich \u00fcber Zeit hinweg stabilisiert hat.<\/li>\n<\/ul>\n<p>Das ist der Punkt, an dem viele Kopien scheitern. Sie \u00fcbernehmen Inhalte, vielleicht sogar Strukturen. Aber sie erfassen nicht die Logik dahinter. Und ohne diese Logik bleibt alles oberfl\u00e4chlich.<\/p>\n<h3>Der eigentliche Unterschied<\/h3>\n<p>Wenn man alle Aspekte zusammenf\u00fchrt, entsteht ein klares Bild.<\/p>\n<ul>\n<li>Kopierbar ist das Sichtbare: Texte, Bilder, Layouts.<\/li>\n<li>Nicht kopierbar ist das Gewachsene: Struktur, Zeit, Linie.<\/li>\n<\/ul>\n<p>Das bedeutet nicht, dass ein System unantastbar w\u00e4re. Nat\u00fcrlich kann es Konkurrenz geben. Nat\u00fcrlich k\u00f6nnen \u00e4hnliche Inhalte entstehen. Aber die Ausgangslage ist eine andere. Ein gewachsenes System hat einen Vorsprung, der nicht durch reine Reproduktion aufgeholt werden kann. Es ist nicht nur vorhanden \u2013 es hat sich entwickelt. Und genau diese Entwicklung wirkt weiter.<\/p>\n<ul>\n<li>Mit jedem neuen Inhalt verst\u00e4rkt sich die Struktur.<\/li>\n<li>Mit jeder Erg\u00e4nzung wird die Linie klarer.<\/li>\n<li>Mit jeder Entscheidung w\u00e4chst die Differenz zu dem, was nur nachgebaut ist.<\/li>\n<\/ul>\n<p>Vielleicht ist das die n\u00fcchternste Formulierung: Unkopierbarkeit entsteht nicht durch Schutz, sondern durch Aufbau. Nicht durch Abschottung, sondern durch Kontinuit\u00e4t. Und genau deshalb ist sie so wirkungsvoll. Denn sie l\u00e4sst sich nicht erzwingen \u2013 nur erarbeiten.<\/p>\n<h3>Organisch wachsendes digitales Eigentum im Vergleich zu klassischen Werbeformen<\/h3>\n<div style=\"overflow-x: auto;\">\n<table>\n<tbody>\n<tr style=\"background-color: #f2f2f2;\">\n<th>Aspekt<\/th>\n<th>Klassische Werbeformen<\/th>\n<th>Organisch wachsendes digitales Eigentum<\/th>\n<\/tr>\n<tr>\n<td><strong>Wirkungsdauer<\/strong><\/td>\n<td>Wirkt meist nur solange Budget eingesetzt wird oder eine Kampagne aktiv l\u00e4uft.<\/td>\n<td>Kann \u00fcber Jahre hinweg Leser gewinnen, aktualisiert werden und weiter an Bedeutung gewinnen.<\/td>\n<\/tr>\n<tr>\n<td><strong>Kontrola<\/strong><\/td>\n<td>Abh\u00e4ngig von Plattformen, Anzeigenregeln, Preisen und externen Reichweitenmechanismen.<\/td>\n<td>Liegt auf eigener Website, im eigenen Magazin oder in eigenen Buchstrukturen weitgehend beim Ersteller.<\/td>\n<\/tr>\n<tr>\n<td><strong>Kostenstruktur<\/strong><\/td>\n<td>Erfordert wiederkehrende Budgets; endet die Zahlung, endet meist auch die Sichtbarkeit.<\/td>\n<td>Erfordert anf\u00e4nglich Arbeit und Pflege, kann danach aber langfristig weiterwirken.<\/td>\n<\/tr>\n<tr>\n<td><strong>Vertrauensaufbau<\/strong><\/td>\n<td>Wird h\u00e4ufig als Werbung erkannt und entsprechend distanzierter wahrgenommen.<\/td>\n<td>Entsteht durch Substanz, Wiedererkennbarkeit, Tiefe und langfristige redaktionelle Pr\u00e4senz.<\/td>\n<\/tr>\n<tr>\n<td><strong>Kopierbarkeit<\/strong><\/td>\n<td>Einzelne Kampagnen, Motive oder Formate lassen sich relativ leicht nachahmen.<\/td>\n<td>Ein gewachsenes System aus Inhalten, Verlinkungen, Historie und pers\u00f6nlicher Linie ist kaum kopierbar.<\/td>\n<\/tr>\n<tr>\n<td><strong>Strategischer Wert<\/strong><\/td>\n<td>Erzeugt Aufmerksamkeit, aber selten dauerhaftes Eigentum.<\/td>\n<td>Baut digitale Substanz auf, die langfristig als eigenes Verm\u00f6gen wirken kann.<\/td>\n<\/tr>\n<\/tbody>\n<\/table>\n<\/div>\n<h3>Das eigene internationale Magazin \u2013 Reichweite, die bleibt<\/h3>\n<p><a href=\"https:\/\/www.markus-schall.de\/cs\/vas-mezinarodni-casopis\/\"><img loading=\"lazy\" decoding=\"async\" class=\"alignright size-medium wp-image-4850\" src=\"https:\/\/www.markus-schall.de\/wp-content\/uploads\/Leistungen-ERP-Magazin-Artikel-300x200.jpg\" alt=\"Eigenes Magazin\" width=\"300\" height=\"200\" srcset=\"https:\/\/www.markus-schall.de\/wp-content\/uploads\/Leistungen-ERP-Magazin-Artikel-300x200.jpg 300w, https:\/\/www.markus-schall.de\/wp-content\/uploads\/Leistungen-ERP-Magazin-Artikel-768x512.jpg 768w, https:\/\/www.markus-schall.de\/wp-content\/uploads\/Leistungen-ERP-Magazin-Artikel-18x12.jpg 18w, https:\/\/www.markus-schall.de\/wp-content\/uploads\/Leistungen-ERP-Magazin-Artikel.jpg 1024w\" sizes=\"auto, (max-width: 300px) 100vw, 300px\" \/><\/a>Wenn Du diesen Artikel gelesen hast, kennst Du den entscheidenden Unterschied: Reichweite kann man mieten \u2013 Substanz muss man aufbauen. Genau hier setzt das Konzept eines eigenen Magazins an. Statt Inhalte in fremden Plattformen zu \u201eparken\u201c, entsteht ein eigenst\u00e4ndiges System, das mit jeder Ver\u00f6ffentlichung w\u00e4chst und langfristig an Wert gewinnt.<\/p>\n<p><a href=\"https:\/\/www.markus-schall.de\/cs\/vas-mezinarodni-casopis\/\"><strong>N\u00e1\u0161 vlastn\u00ed \u010dasopis<\/strong><\/a> ist mehr als ein weiterer Kanal. Es ist eine Struktur. Ein Ort, an dem Inhalte nicht nebeneinander stehen, sondern miteinander arbeiten. Artikel verlinken sich, Themen entwickeln sich weiter, und mit der Zeit entsteht genau das, wor\u00fcber dieser Artikel spricht: digitales Eigentum. Das Online-Magazin des M. Schall Verlags zeigt bereits, wie ein solcher Ansatz aussehen kann \u2013 mit klarer Linie, thematischer Tiefe und bewusst langfristig angelegten Inhalten . Genau dieses Prinzip l\u00e4sst sich auch auf Dein eigenes Projekt \u00fcbertragen. Wenn Du also nicht nur sichtbar sein willst, sondern etwas aufbauen m\u00f6chtest, das Dir geh\u00f6rt, dann ist ein eigenes Magazin ein konsequenter n\u00e4chster Schritt.<\/p>\n<h2>KI im Kontext: Werkzeug oder Risiko?<\/h2>\n<p>Wenn Du die aktuelle Diskussion rund um k\u00fcnstliche Intelligenz verfolgst, f\u00e4llt schnell auf, wie verk\u00fcrzt sie h\u00e4ufig gef\u00fchrt wird. Es geht meist um die Frage, ob Inhalte <em>\u201evon KI erstellt\u201c<\/em> wurden \u2013 als w\u00e4re das bereits die entscheidende Kategorie. Dabei ist diese Unterscheidung im Grunde zu grob. Sie reduziert einen komplexen Prozess auf ein Etikett. Und sie blendet genau den Punkt aus, der eigentlich entscheidend ist: die Rolle des Menschen im Prozess.<\/p>\n<p>Ein Text kann formal mit KI-Unterst\u00fctzung entstanden sein \u2013 und dennoch eine klare Linie, eine Struktur und eine erkennbare Handschrift tragen. Umgekehrt kann ein Text vollst\u00e4ndig ohne KI geschrieben sein und dennoch beliebig wirken.<\/p>\n<p>Die Herkunft allein sagt wenig \u00fcber die Qualit\u00e4t aus. Hinzu kommt ein weiterer Aspekt: Die Diskussion wird oft emotional gef\u00fchrt. Zwischen Faszination und Ablehnung. Zwischen Fortschrittsglauben und Skepsis.<\/p>\n<p>Beides greift zu kurz. Denn wie bei jeder technologischen Entwicklung entscheidet nicht das Werkzeug \u00fcber das Ergebnis, sondern die Art und Weise, wie es eingesetzt wird. Und genau deshalb lohnt es sich, einen Schritt zur\u00fcckzugehen und die Frage neu zu stellen: Nicht \u201eKI oder nicht KI\u201c, sondern:<\/p>\n<blockquote><p>Welche Funktion \u00fcbernimmt sie im Gesamtprozess?<\/p><\/blockquote>\n<h3>KI als Produktionsbeschleuniger<\/h3>\n<p>Wenn man KI n\u00fcchtern betrachtet, l\u00e4sst sie sich zun\u00e4chst als das einordnen, was sie im Kern ist: ein Werkzeug zur Beschleunigung. Sie kann Texte schneller erzeugen, Varianten vorschlagen, Strukturen vorbereiten, Formulierungen gl\u00e4tten. All das spart Zeit \u2013 teilweise erheblich. In dieser Hinsicht unterscheidet sie sich nicht grunds\u00e4tzlich von fr\u00fcheren Entwicklungen.<\/p>\n<ul>\n<li>Die Schreibmaschine hat den Schreibprozess beschleunigt.<\/li>\n<li>Textverarbeitungsprogramme haben Korrekturen erleichtert.<\/li>\n<li>Layout-Software hat das Setzen von B\u00fcchern vereinfacht.<\/li>\n<\/ul>\n<p>Jede dieser Technologien hat den Arbeitsprozess ver\u00e4ndert \u2013 aber nicht das Prinzip dahinter. Ein Buch blieb ein Buch. Ein Artikel blieb ein Artikel. Und Qualit\u00e4t blieb an die Sorgfalt desjenigen gebunden, der das Werkzeug benutzt.<\/p>\n<p>Genau hier liegt ein wichtiger Punkt: Werkzeuge verschieben den Aufwand \u2013 sie ersetzen ihn nicht. Was fr\u00fcher Zeit beim Schreiben gekostet hat, verlagert sich heute st\u00e4rker in die Strukturierung, in die Auswahl, in die Nachbearbeitung. Wer diesen Schritt \u00fcberspringt, produziert zwar schnell \u2013 aber nicht unbedingt nachhaltig.<\/p>\n<p>Und damit zeigt sich bereits die Grenze der KI: Sie kann Prozesse beschleunigen, aber sie kann keine Substanz garantieren.<\/p>\n<hr \/>\n<h3>Aktu\u00e1ln\u00ed pr\u016fzkum pou\u017e\u00edv\u00e1n\u00ed m\u00edstn\u00edch syst\u00e9m\u016f um\u011bl\u00e9 inteligence<\/h3>\n<div class='bootstrap-yop yop-poll-mc'>\n\t\t\t\t\t\t\t<div class=\"basic-yop-poll-container\" style=\"background-color:#ffffff; border:0px; border-style:solid; border-color:#000000; border-radius:5px; padding:0px 5px;\" data-id=\"9\" data-temp=\"basic-pretty\" data-skin=\"square\" data-cscheme=\"blue\" data-cap=\"0\" data-access=\"guest\" data-tid=\"\" data-uid=\"5994c5baf94df7c501923c71c772f2e0\" data-pid=\"3229\" data-resdet=\"votes-number,percentages\" data-show-results-to=\"guest\" data-show-results-moment=\"after-vote\" data-show-results-only=\"false\" data-show-message=\"true\" data-show-results-as=\"bar\" data-sort-results-by=\"as-defined\" data-sort-results-rule=\"asc\"data-is-ended=\"0\" data-percentages-decimals=\"2\" data-gdpr=\"no\" data-gdpr-sol=\"consent\" data-css=\".basic-yop-poll-container[data-uid] .basic-vote {\t\t\t\t\t\t\t\t\ttext-align: center;\t\t\t\t\t\t\t\t}\" data-counter=\"0\" data-load-with=\"1\" data-notification-section=\"top\"><div class=\"row\"><div class=\"col-md-12\"><div class=\"basic-inner\"><div class=\"basic-message hide\" style=\"border-left: 10px solid #008000; padding: 0px 10px;\" data-error=\"#ff0000\" data-success=\"#008000\"><p class=\"basic-message-text\" style=\"color:#000000; font-size:14px; font-weight:normal;\"><\/p><\/div><div class=\"basic-overlay hide\"><div class=\"basic-vote-options\"><\/div><div class=\"basic-preloader\"><div class=\"basic-windows8\"><div class=\"basic-wBall basic-wBall_1\"><div class=\"basic-wInnerBall\"><\/div><\/div><div class=\"basic-wBall basic-wBall_2\"><div class=\"basic-wInnerBall\"><\/div><\/div><div class=\"basic-wBall basic-wBall_3\"><div class=\"basic-wInnerBall\"><\/div><\/div><div class=\"basic-wBall basic-wBall_4\"><div class=\"basic-wInnerBall\"><\/div><\/div><div class=\"basic-wBall basic-wBall_5\"><div class=\"basic-wInnerBall\"><\/div><\/div><\/div><\/div><\/div><form class=\"basic-form\" action=\"\"><input type=\"hidden\" name=\"_token\" value=\"b8e236f492\" autocomplete=\"off\"><div class=\"basic-elements\"><div class=\"basic-element basic-question basic-question-text-vertical\" data-id=\"9\" data-uid=\"c5a5bb64074863d2e15a198e7965f200\" data-type=\"question\" data-question-type=\"text\" data-required=\"yes\" data-allow-multiple=\"no\" data-min=\"1\" data-max=\"7\" data-display=\"vertical\" data-colnum=\"\" data-display-others=\"no\" data-others-color=\"\" data-others=\"\" data-others-max-chars=\"0\"><div class=\"basic-question-title\"><h5 style=\"color:#000000; font-size:16px; font-weight:normal; text-align:left;\">Co si mysl\u00edte o lok\u00e1ln\u011b provozovan\u00e9m softwaru AI, jako je MLX nebo Ollama?<\/h5><\/div><ul class=\"basic-answers\"><li class=\"basic-answer\" style=\"padding:0px 0px;\" data-id=\"45\" data-type=\"text\" data-vn=\"136\" data-color=\"#000000\" data-make-link=\"no\" data-link=\"\"><div class=\"basic-answer-content basic-text-vertical\"><label for=\"answer[45]\" class=\"basic-answer-label\"><input type=\"radio\" id=\"answer[45]\" name=\"answer[9]\" value=\"45\"><span class=\"basic-text\" style=\"color: #000000; font-size: 14px; font-weight: normal;\">D\u016fmysln\u00e9 - kone\u010dn\u011b nez\u00e1visl\u00e9 na cloudu<\/span><\/label><\/div><\/li><li class=\"basic-answer\" style=\"padding:0px 0px;\" data-id=\"46\" data-type=\"text\" data-vn=\"25\" data-color=\"#000000\" data-make-link=\"no\" data-link=\"\"><div class=\"basic-answer-content basic-text-vertical\"><label for=\"answer[46]\" class=\"basic-answer-label\"><input type=\"radio\" id=\"answer[46]\" name=\"answer[9]\" value=\"46\"><span class=\"basic-text\" style=\"color: #000000; font-size: 14px; font-weight: normal;\">Zaj\u00edmav\u00e9, ale (st\u00e1le) p\u0159\u00edli\u0161 slo\u017eit\u00e9<\/span><\/label><\/div><\/li><li class=\"basic-answer\" style=\"padding:0px 0px;\" data-id=\"47\" data-type=\"text\" data-vn=\"28\" data-color=\"#000000\" data-make-link=\"no\" data-link=\"\"><div class=\"basic-answer-content basic-text-vertical\"><label for=\"answer[47]\" class=\"basic-answer-label\"><input type=\"radio\" id=\"answer[47]\" name=\"answer[9]\" value=\"47\"><span class=\"basic-text\" style=\"color: #000000; font-size: 14px; font-weight: normal;\">Brzy to vyzkou\u0161\u00edm<\/span><\/label><\/div><\/li><li class=\"basic-answer\" style=\"padding:0px 0px;\" data-id=\"48\" data-type=\"text\" data-vn=\"5\" data-color=\"#000000\" data-make-link=\"no\" data-link=\"\"><div class=\"basic-answer-content basic-text-vertical\"><label for=\"answer[48]\" class=\"basic-answer-label\"><input type=\"radio\" id=\"answer[48]\" name=\"answer[9]\" value=\"48\"><span class=\"basic-text\" style=\"color: #000000; font-size: 14px; font-weight: normal;\">Nepot\u0159ebuji ho - cloud mi sta\u010d\u00ed.<\/span><\/label><\/div><\/li><li class=\"basic-answer\" style=\"padding:0px 0px;\" data-id=\"49\" data-type=\"text\" data-vn=\"4\" data-color=\"#000000\" data-make-link=\"no\" data-link=\"\"><div class=\"basic-answer-content basic-text-vertical\"><label for=\"answer[49]\" class=\"basic-answer-label\"><input type=\"radio\" id=\"answer[49]\" name=\"answer[9]\" value=\"49\"><span class=\"basic-text\" style=\"color: #000000; font-size: 14px; font-weight: normal;\">Nev\u00edm p\u0159esn\u011b, o \u010dem to je.<\/span><\/label><\/div><\/li><\/ul><\/div><div class=\"clearfix\"><\/div><\/div><div class=\"basic-vote\"><a href=\"#\" class=\"button basic-vote-button\" role=\"button\" style=\"background:#027bb8; border:0px; border-style: solid; border-color:#000000; border-radius:5px; padding:10px 10px; color:#ffffff; font-size:14px; font-weight:normal;\">Hlasujte na<\/a><\/div><input type=\"hidden\" name=\"trp-form-language\" value=\"cs\"\/><\/form><\/div><\/div><\/div><\/div>\n\t\t\t\t\t\t<\/div>\n<hr \/>\n<h3>Der entscheidende Unterschied: F\u00fchrung<\/h3>\n<p>Der eigentliche Unterschied entsteht an einer anderen Stelle \u2013 und er wird erstaunlich selten klar benannt. Es geht um F\u00fchrung. Wer f\u00fchrt den Prozess? Wenn die KI den Ablauf bestimmt, entstehen oft Texte, die auf den ersten Blick \u00fcberzeugend wirken, aber bei genauerem Hinsehen austauschbar sind. Sie folgen bekannten Mustern, greifen bestehende Strukturen auf und reproduzieren das, was bereits vorhanden ist.<\/p>\n<p>Das ist nicht unbedingt schlecht \u2013 aber es ist selten eigenst\u00e4ndig. Wenn hingegen der Mensch den Prozess f\u00fchrt, ver\u00e4ndert sich das Ergebnis. Dann wird die KI zu einem Werkzeug innerhalb eines klar definierten Rahmens. Sie liefert Vorschl\u00e4ge, unterst\u00fctzt bei der Ausarbeitung, beschleunigt bestimmte Schritte \u2013 aber sie bestimmt nicht die Richtung. Diese Richtung entsteht an anderer Stelle:<\/p>\n<ul>\n<li>in der Auswahl der Themen<\/li>\n<li>in der Entscheidung, was relevant ist und was nicht<\/li>\n<li>in der Art, wie Inhalte miteinander verbunden werden<\/li>\n<\/ul>\n<p>Und genau diese Entscheidungen sind es, die ein System pr\u00e4gen.<\/p>\n<ul>\n<li>Sie lassen sich nicht automatisieren.<\/li>\n<li>Sie lassen sich nicht standardisieren.<\/li>\n<li>Und sie lassen sich auch nicht beliebig reproduzieren.<\/li>\n<\/ul>\n<p>Hier zeigt sich auch ein Risiko, das oft untersch\u00e4tzt wird. Wer beginnt, die F\u00fchrung schrittweise an die KI abzugeben, verliert nicht sofort die Kontrolle. Der Prozess wirkt weiterhin effizient, vielleicht sogar produktiver als zuvor.<\/p>\n<p>Doch langfristig ver\u00e4ndert sich etwas: Die Linie wird unsch\u00e4rfer. Die Entscheidungen werden generischer. Das System beginnt, sich an dem zu orientieren, was verf\u00fcgbar ist \u2013 nicht an dem, was bewusst aufgebaut werden soll. Das geschieht selten abrupt. Es ist ein schleichender Prozess. Und genau deshalb f\u00e4llt er oft erst dann auf, wenn die Unterschiede bereits deutlich geworden sind.<\/p>\n<h3>Ein n\u00fcchterner Blick<\/h3>\n<p>Wenn man das Thema auf diese Weise betrachtet, verliert es einen Teil seiner Dramatik \u2013 aber gewinnt an Klarheit. KI ist weder grunds\u00e4tzlich problematisch noch automatisch ein Vorteil. Sie ist ein Werkzeug. Ein leistungsf\u00e4higes Werkzeug, ohne Frage. Aber eben auch eines, das Verantwortung nicht ersetzt. Vielleicht l\u00e4sst sich der Kern so formulieren:<\/p>\n<ul>\n<li>KI kann Dir helfen, schneller zu arbeiten.<\/li>\n<li>Sie kann Dir helfen, mehr zu produzieren.<\/li>\n<li>Sie kann Dir helfen, Ideen auszuarbeiten.<\/li>\n<\/ul>\n<p>Aber sie kann Dir nicht abnehmen, zu entscheiden, was Du eigentlich aufbauen willst. Und genau diese Entscheidung ist es, die am Ende den Unterschied macht. Denn sie bestimmt, ob aus einzelnen Inhalten ein System entsteht \u2013 oder ob es bei einer Sammlung von Texten bleibt, die zwar effizient produziert wurden, aber keine eigene Substanz entwickeln.<\/p>\n<p><img loading=\"lazy\" decoding=\"async\" class=\"alignnone wp-image-5906 size-full\" src=\"https:\/\/www.markus-schall.de\/wp-content\/uploads\/Organische-Reichweite-Kontrolle.jpg\" alt=\"Kontrolle vs. Abh\u00e4ngigkeit\" width=\"1024\" height=\"682\" srcset=\"https:\/\/www.markus-schall.de\/wp-content\/uploads\/Organische-Reichweite-Kontrolle.jpg 1024w, https:\/\/www.markus-schall.de\/wp-content\/uploads\/Organische-Reichweite-Kontrolle-300x200.jpg 300w, https:\/\/www.markus-schall.de\/wp-content\/uploads\/Organische-Reichweite-Kontrolle-768x512.jpg 768w, https:\/\/www.markus-schall.de\/wp-content\/uploads\/Organische-Reichweite-Kontrolle-18x12.jpg 18w\" sizes=\"auto, (max-width: 1024px) 100vw, 1024px\" \/><\/p>\n<h2>Kontrolle vs. Abh\u00e4ngigkeit: Die strategische Dimension<\/h2>\n<p>Wenn Du die digitale Landschaft betrachtest, wirst Du schnell feststellen: Ein Gro\u00dfteil der Aktivit\u00e4ten findet auf Plattformen statt. Soziale Netzwerke, Videoportale, gro\u00dfe Content-Plattformen \u2013 sie alle bieten Reichweite, Komfort und eine scheinbar einfache M\u00f6glichkeit, sichtbar zu werden.<\/p>\n<p>Und genau darin liegt ihre St\u00e4rke. Sie b\u00fcndeln Aufmerksamkeit. Sie reduzieren technische H\u00fcrden. Sie erm\u00f6glichen es, Inhalte schnell zu verbreiten. F\u00fcr viele ist das der Einstieg in die digitale Welt \u2013 und oft auch der einzige Kanal.<\/p>\n<p>Doch diese Vorteile haben eine Kehrseite. Denn Plattformen sind keine neutralen Infrastrukturen. Sie folgen eigenen Regeln, eigenen Interessen und vor allem einer eigenen Logik: Inhalte sollen m\u00f6glichst lange innerhalb des Systems gehalten werden. Das bedeutet konkret:<\/p>\n<ul>\n<li>Reichweite geh\u00f6rt nicht Dir \u2013 sie wird Dir zugeteilt.<\/li>\n<li>Sichtbarkeit ist nicht stabil \u2013 sie wird gesteuert.<\/li>\n<li>Und selbst bestehende Inhalte sind nicht vollst\u00e4ndig gesichert \u2013 sie bleiben an die Plattform gebunden.<\/li>\n<\/ul>\n<p>Das wird im Alltag selten problematisiert, weil es zun\u00e4chst funktioniert. Beitr\u00e4ge erreichen Leser, Interaktionen entstehen, Zahlen entwickeln sich.<br \/>\nDoch diese Stabilit\u00e4t ist tr\u00fcgerisch.<\/p>\n<ul>\n<li>Eine Algorithmus\u00e4nderung kann Reichweite reduzieren.<\/li>\n<li>Eine Anpassung der Regeln kann Inhalte einschr\u00e4nken.<\/li>\n<li>Im Extremfall kann ein Account verschwinden \u2013 und mit ihm ein Gro\u00dfteil der aufgebauten Sichtbarkeit.<\/li>\n<\/ul>\n<p>Das ist kein Ausnahmefall, sondern systemimmanent. Und genau deshalb lohnt es sich, die Plattform\u00f6konomie nicht nur unter dem Gesichtspunkt der Reichweite zu betrachten, sondern auch unter dem Aspekt der Abh\u00e4ngigkeit.<\/p>\n<h3>Eigenes System als Gegenmodell<\/h3>\n<p>Dem gegen\u00fcber steht ein Ansatz, der auf den ersten Blick weniger attraktiv wirkt: der Aufbau eines eigenen Systems.<\/p>\n<ul>\n<li>Eine eigene Website.<\/li>\n<li>Ein eigenes Magazin.<\/li>\n<li>Eigene B\u00fccher, Datenbanken oder Inhalte, die unabh\u00e4ngig von Plattformen existieren.<\/li>\n<\/ul>\n<p>Der Unterschied liegt nicht in der Technik, sondern in der Kontrolle. Ein eigenes System folgt Deinen Regeln. Es entwickelt sich nach Deinen Priorit\u00e4ten. Und es bleibt auch dann bestehen, wenn sich \u00e4u\u00dfere Rahmenbedingungen ver\u00e4ndern. Das bedeutet nicht, dass Plattformen grunds\u00e4tzlich vermieden werden sollten. Im Gegenteil: Sie k\u00f6nnen sinnvoll eingesetzt werden \u2013 als Erg\u00e4nzung, als Zubringer, als Kommunikationskanal.<\/p>\n<p>Der entscheidende Punkt ist ein anderer: Sie d\u00fcrfen nicht das Fundament sein. Denn ein Fundament sollte stabil sein. Und Stabilit\u00e4t entsteht dort, wo Kontrolle vorhanden ist. Ein eigenes System mag langsamer wachsen. Es erfordert mehr Disziplin, mehr Struktur, mehr langfristiges Denken. Es belohnt nicht sofort, sondern verz\u00f6gert. Aber genau darin liegt seine St\u00e4rke. Es baut nicht auf geliehener Aufmerksamkeit auf, sondern auf eigener Substanz. Und diese Substanz bleibt.<\/p>\n<h3>Digitale Selbstbestimmung<\/h3>\n<p>An diesem Punkt ber\u00fchrt das Thema eine Ebene, die \u00fcber rein technische oder strategische Fragen hinausgeht. Es geht um Selbstbestimmung. In der wissenschaftlichen Diskussion wird daf\u00fcr h\u00e4ufig der Begriff Digital Self-Determination verwendet. Gemeint ist damit die F\u00e4higkeit, die eigene digitale Existenz bewusst zu gestalten \u2013 statt sie von \u00e4u\u00dferen Strukturen abh\u00e4ngig zu machen.<\/p>\n<p>Das klingt zun\u00e4chst abstrakt, ist aber in der Praxis sehr konkret. Wer ausschlie\u00dflich auf Plattformen arbeitet, passt sich zwangsl\u00e4ufig an. Inhalte werden so gestaltet, dass sie funktionieren. Themen werden gew\u00e4hlt, weil sie Aufmerksamkeit erzeugen. Formate werden \u00fcbernommen, weil sie Reichweite versprechen.<br \/>\nDas ist nachvollziehbar \u2013 aber es ver\u00e4ndert die Richtung. Ein eigenes System erlaubt eine andere Form des Arbeitens.<\/p>\n<ul>\n<li>Hier k\u00f6nnen Themen verfolgt werden, die nicht sofort sichtbar sind.<\/li>\n<li>Hier kann Tiefe entstehen, ohne dass sie sich unmittelbar \u201elohnen\u201c muss.<\/li>\n<li>Hier kann eine Linie aufgebaut werden, die nicht von externen Anforderungen gepr\u00e4gt ist.<\/li>\n<\/ul>\n<p>Das bedeutet nicht, dass diese Freiheit automatisch genutzt wird. Aber sie ist vorhanden. Und genau das ist der Unterschied. Abh\u00e4ngigkeit zwingt zur Anpassung. Kontrolle erm\u00f6glicht Entscheidung.<\/p>\n<h3>Der strategische Kern<\/h3>\n<p>Wenn man das Ganze n\u00fcchtern betrachtet, reduziert sich die Frage auf einen einfachen Kern:<\/p>\n<blockquote><p>Willst Du Sichtbarkeit \u2013 oder willst Du Substanz?<\/p><\/blockquote>\n<p>Beides ist m\u00f6glich. Aber es sind unterschiedliche Wege. Sichtbarkeit kann schnell entstehen, ist aber oft fl\u00fcchtig. Substanz braucht Zeit, ist daf\u00fcr aber stabil. Die strategische Entscheidung liegt darin, worauf der Schwerpunkt gesetzt wird.<\/p>\n<p>Und genau hier trennt sich langfristig die Entwicklung. Systeme, die auf Kontrolle basieren, wachsen langsamer \u2013 aber sie bleiben bestehen. Systeme, die auf Abh\u00e4ngigkeit beruhen, k\u00f6nnen schnell wachsen \u2013 bleiben aber verletzlich.<\/p>\n<p>Vielleicht ist das die n\u00fcchternste Formulierung: Kontrolle ist kein kurzfristiger Vorteil. Sie ist eine langfristige Absicherung. Und genau deshalb ist sie strategisch so entscheidend.<\/p>\n<h3>Organisches Wachstum gezielt beschleunigen<\/h3>\n<p><a href=\"https:\/\/www.markus-schall.de\/cs\/prispevky-hostu\/\"><img loading=\"lazy\" decoding=\"async\" class=\"alignright wp-image-3823 size-medium\" src=\"https:\/\/www.markus-schall.de\/wp-content\/uploads\/magazin-gastbeitraege-300x200.jpg\" alt=\"Gastbeitr\u00e4ge ver\u00f6ffentlichen\" width=\"300\" height=\"200\" srcset=\"https:\/\/www.markus-schall.de\/wp-content\/uploads\/magazin-gastbeitraege-300x200.jpg 300w, https:\/\/www.markus-schall.de\/wp-content\/uploads\/magazin-gastbeitraege-768x512.jpg 768w, https:\/\/www.markus-schall.de\/wp-content\/uploads\/magazin-gastbeitraege-18x12.jpg 18w, https:\/\/www.markus-schall.de\/wp-content\/uploads\/magazin-gastbeitraege.jpg 1024w\" sizes=\"auto, (max-width: 300px) 100vw, 300px\" \/><\/a>Organisches Wachstum bedeutet nicht, dass alles langsam bleiben muss. Es bedeutet vor allem, dass die Struktur stimmt. Und genau an dieser Stelle l\u00e4sst sich gezielt ansetzen. Wenn Inhalte in ein bestehendes System eingebettet werden, profitieren sie von dessen gewachsener Struktur. Sie stehen nicht isoliert, sondern werden Teil eines Gef\u00fcges, das bereits Sichtbarkeit, Verlinkungen und thematische Tiefe besitzt. Dadurch entfaltet sich ihre Wirkung oft schneller, als es auf einer neuen, noch wenig entwickelten Seite m\u00f6glich w\u00e4re.<\/p>\n<p>Ein Gastartikel kann genau diesen Effekt nutzen. Er ist kein kurzfristiger Werbebeitrag, sondern wird bewusst in ein bestehendes Magazin integriert. Er bleibt bestehen, wird gefunden, verlinkt und entwickelt \u2013 wie die anderen Inhalte auch \u2013 \u00fcber Zeit hinweg zus\u00e4tzlichen Wert. Das bedeutet: Der Artikel wirkt nicht nur im Moment der Ver\u00f6ffentlichung, sondern wird Teil eines Systems, das weiter w\u00e4chst.<\/p>\n<p>Mehr dazu: <a href=\"https:\/\/www.markus-schall.de\/cs\/prispevky-hostu\/\"><strong>Gastartikel im Magazin ver\u00f6ffentlichen<\/strong><\/a><\/p>\n<hr \/>\n<h3>Aktu\u00e1ln\u00ed pr\u016fzkum digitalizace v ka\u017edodenn\u00edm \u017eivot\u011b<\/h3>\n<div class='bootstrap-yop yop-poll-mc'>\n\t\t\t\t\t\t\t<div class=\"basic-yop-poll-container\" style=\"background-color:#ffffff; border:0px; border-style:solid; border-color:#000000; border-radius:5px; padding:0px 5px;\" data-id=\"2\" data-temp=\"basic-pretty\" data-skin=\"square\" data-cscheme=\"blue\" data-cap=\"0\" data-access=\"guest\" data-tid=\"\" data-uid=\"1b7ed0a1c806e188fcb4850629d3f362\" data-pid=\"3229\" data-resdet=\"votes-number,percentages\" data-show-results-to=\"guest\" data-show-results-moment=\"after-vote\" data-show-results-only=\"false\" data-show-message=\"true\" data-show-results-as=\"bar\" data-sort-results-by=\"as-defined\" data-sort-results-rule=\"asc\"data-is-ended=\"0\" data-percentages-decimals=\"2\" data-gdpr=\"no\" data-gdpr-sol=\"consent\" data-css=\"\" data-counter=\"0\" data-load-with=\"1\" data-notification-section=\"top\"><div class=\"row\"><div class=\"col-md-12\"><div class=\"basic-inner\"><div class=\"basic-message hide\" style=\"border-left: 10px solid #008000; padding: 0px 10px;\" data-error=\"#ff0000\" data-success=\"#008000\"><p class=\"basic-message-text\" style=\"color:#000000; font-size:14px; font-weight:normal;\"><\/p><\/div><div class=\"basic-overlay hide\"><div class=\"basic-vote-options\"><\/div><div class=\"basic-preloader\"><div class=\"basic-windows8\"><div class=\"basic-wBall basic-wBall_1\"><div class=\"basic-wInnerBall\"><\/div><\/div><div class=\"basic-wBall basic-wBall_2\"><div class=\"basic-wInnerBall\"><\/div><\/div><div class=\"basic-wBall basic-wBall_3\"><div class=\"basic-wInnerBall\"><\/div><\/div><div class=\"basic-wBall basic-wBall_4\"><div class=\"basic-wInnerBall\"><\/div><\/div><div class=\"basic-wBall basic-wBall_5\"><div class=\"basic-wInnerBall\"><\/div><\/div><\/div><\/div><\/div><form class=\"basic-form\" action=\"\"><input type=\"hidden\" name=\"_token\" value=\"070bee58c2\" autocomplete=\"off\"><div class=\"basic-elements\"><div class=\"basic-element basic-question basic-question-text-vertical\" data-id=\"2\" data-uid=\"1e2194069a2c7e859aab9d9d47b64728\" data-type=\"question\" data-question-type=\"text\" data-required=\"yes\" data-allow-multiple=\"no\" data-min=\"1\" data-max=\"1\" data-display=\"vertical\" data-colnum=\"\" data-display-others=\"no\" data-others-color=\"\" data-others=\"\" data-others-max-chars=\"0\"><div class=\"basic-question-title\"><h5 style=\"color:#000000; font-size:16px; font-weight:normal; text-align:left;\">Jak hodnot\u00edte vliv digitalizace na v\u00e1\u0161 ka\u017edodenn\u00ed \u017eivot?<\/h5><\/div><ul class=\"basic-answers\"><li class=\"basic-answer\" style=\"padding:0px 0px;\" data-id=\"5\" data-type=\"text\" data-vn=\"14\" data-color=\"#000000\" data-make-link=\"no\" data-link=\"\"><div class=\"basic-answer-content basic-text-vertical\"><label for=\"answer[5]\" class=\"basic-answer-label\"><input type=\"radio\" id=\"answer[5]\" name=\"answer[2]\" value=\"5\"><span class=\"basic-text\" style=\"color: #000000; font-size: 14px; font-weight: normal;\">Velmi pozitivn\u00ed - vyu\u017e\u00edv\u00e1m ji ka\u017ed\u00fd den<\/span><\/label><\/div><\/li><li class=\"basic-answer\" style=\"padding:0px 0px;\" data-id=\"6\" data-type=\"text\" data-vn=\"13\" data-color=\"#000000\" data-make-link=\"no\" data-link=\"\"><div class=\"basic-answer-content basic-text-vertical\"><label for=\"answer[6]\" class=\"basic-answer-label\"><input type=\"radio\" id=\"answer[6]\" name=\"answer[2]\" value=\"6\"><span class=\"basic-text\" style=\"color: #000000; font-size: 14px; font-weight: normal;\">Sp\u00ed\u0161e pozitivn\u00ed - n\u011bkter\u00e9 v\u011bci se staly jednodu\u0161\u0161\u00edmi<\/span><\/label><\/div><\/li><li class=\"basic-answer\" style=\"padding:0px 0px;\" data-id=\"7\" data-type=\"text\" data-vn=\"29\" data-color=\"#000000\" data-make-link=\"no\" data-link=\"\"><div class=\"basic-answer-content basic-text-vertical\"><label for=\"answer[7]\" class=\"basic-answer-label\"><input type=\"radio\" id=\"answer[7]\" name=\"answer[2]\" value=\"7\"><span class=\"basic-text\" style=\"color: #000000; font-size: 14px; font-weight: normal;\">Sm\u00ed\u0161en\u00e9 - p\u0159in\u00e1\u0161\u00ed v\u00fdhody, ale tak\u00e9 ztr\u00e1tu kontroly.<\/span><\/label><\/div><\/li><li class=\"basic-answer\" style=\"padding:0px 0px;\" data-id=\"8\" data-type=\"text\" data-vn=\"5\" data-color=\"#000000\" data-make-link=\"no\" data-link=\"\"><div class=\"basic-answer-content basic-text-vertical\"><label for=\"answer[8]\" class=\"basic-answer-label\"><input type=\"radio\" id=\"answer[8]\" name=\"answer[2]\" value=\"8\"><span class=\"basic-text\" style=\"color: #000000; font-size: 14px; font-weight: normal;\">Sp\u00ed\u0161e negativn\u00ed - \u010dasto se c\u00edt\u00edm zahlcen\u00fd nebo pozorovan\u00fd.<\/span><\/label><\/div><\/li><li class=\"basic-answer\" style=\"padding:0px 0px;\" data-id=\"9\" data-type=\"text\" data-vn=\"9\" data-color=\"#000000\" data-make-link=\"no\" data-link=\"\"><div class=\"basic-answer-content basic-text-vertical\"><label for=\"answer[9]\" class=\"basic-answer-label\"><input type=\"radio\" id=\"answer[9]\" name=\"answer[2]\" value=\"9\"><span class=\"basic-text\" style=\"color: #000000; font-size: 14px; font-weight: normal;\">Velmi negativn\u00ed - digit\u00e1ln\u00ed syst\u00e9my z velk\u00e9 \u010d\u00e1sti odm\u00edt\u00e1m<\/span><\/label><\/div><\/li><\/ul><\/div><div class=\"clearfix\"><\/div><\/div><div class=\"basic-vote\"><a href=\"#\" class=\"button basic-vote-button\" role=\"button\" style=\"background:#027bb8; border:0px; border-style: solid; border-color:#000000; border-radius:5px; padding:10px 10px; color:#ffffff; font-size:14px; font-weight:normal;\">Hlasujte na<\/a><\/div><input type=\"hidden\" name=\"trp-form-language\" value=\"cs\"\/><\/form><\/div><\/div><\/div><\/div>\n\t\t\t\t\t\t<\/div>\n<hr \/>\n<h2>Alte Prinzipien, neue Werkzeuge: R\u00fcckf\u00fchrung auf das Wesentliche<\/h2>\n<p>Wenn Du den gesamten Weg dieses Artikels noch einmal gedanklich zur\u00fcckgehst, bleibt am Ende etwas erstaunlich Einfaches \u00fcbrig.<br \/>\nNicht Technik entscheidet \u00fcber den Wert digitaler Arbeit.<\/p>\n<p>Nicht Reichweite. Und auch nicht die Frage, ob Inhalte mit oder ohne KI entstanden sind. Entscheidend sind andere Faktoren: Struktur, Kontinuit\u00e4t und die F\u00e4higkeit, etwas \u00fcber Zeit hinweg aufzubauen. Das sind keine neuen Erkenntnisse. Im Gegenteil \u2013 es sind Prinzipien, die schon lange vor der digitalen Welt gegolten haben. Ein Verlag wurde nicht durch einzelne B\u00fccher erfolgreich, sondern durch ein Programm. Eine Bibliothek nicht durch ein Werk, sondern durch ihren Bestand.<\/p>\n<p>Und genau diese Logik l\u00e4sst sich heute wieder beobachten. Der Unterschied ist lediglich das Werkzeug. Was fr\u00fcher mit Papier, Druck und physischen Archiven aufgebaut wurde, entsteht heute digital \u2013 schneller, flexibler, aber im Kern nach denselben Regeln.<\/p>\n<h3>Die Rolle der Zeit<\/h3>\n<p>Ein Aspekt zieht sich dabei durch alle Kapitel: Zeit. Sie ist der einzige Faktor, der sich nicht beschleunigen l\u00e4sst. Und gleichzeitig derjenige, der den gr\u00f6\u00dften Unterschied macht.<\/p>\n<p>Ein System, das heute beginnt, wirkt klein. Vielleicht unscheinbar. Doch mit jeder Erg\u00e4nzung, mit jeder Verkn\u00fcpfung und mit jeder bewussten Entscheidung ver\u00e4ndert sich seine Qualit\u00e4t. Was zun\u00e4chst wie eine Sammlung einzelner Inhalte aussieht, entwickelt sich Schritt f\u00fcr Schritt zu einem Zusammenhang. Und dieser Zusammenhang beginnt irgendwann, eigenst\u00e4ndig zu wirken.<\/p>\n<p>Das geschieht nicht pl\u00f6tzlich. Es gibt keinen klaren Punkt, an dem man sagen k\u00f6nnte: \u201eJetzt ist es geschafft.\u201c Aber es gibt einen Moment, an dem sich etwas verschiebt. Aus Aufbau wird Substanz. Aus Substanz wird Stabilit\u00e4t. Und aus Stabilit\u00e4t entsteht ein Vorteil, der sich nicht mehr so leicht einholen l\u00e4sst.<\/p>\n<h3>Der leise Wettbewerbsvorteil<\/h3>\n<p>Vielleicht liegt genau hier der entscheidende Unterschied zu vielen anderen Ans\u00e4tzen. Organisch gewachsene Systeme wirken selten spektakul\u00e4r. Sie dr\u00e4ngen sich nicht auf, sie erzeugen keine kurzfristigen Ausschl\u00e4ge. Sie entwickeln sich leise.<\/p>\n<p>Doch gerade diese Unauff\u00e4lligkeit ist ein Vorteil. W\u00e4hrend viele Strategien auf schnelle Sichtbarkeit setzen und entsprechend stark schwanken, entsteht hier etwas, das sich mit der Zeit verdichtet. Etwas, das nicht sofort auff\u00e4llt, aber zunehmend an Gewicht gewinnt. Und dieses Gewicht ist schwer zu kopieren. Nicht, weil es gesch\u00fctzt w\u00e4re. Sondern weil es aufgebaut wurde.<\/p>\n<p>Vielleicht l\u00e4sst sich der Kern des Ganzen so formulieren: Du kannst Inhalte jederzeit neu erstellen. Du kannst Reichweite jederzeit verlieren. Aber ein System, das Du \u00fcber Jahre hinweg aufgebaut hast, bleibt. Nicht unver\u00e4ndert \u2013 aber wirksam.<\/p>\n<p>Und genau deshalb lohnt es sich, den Fokus zu verschieben. Weg von der Frage, was heute sichtbar ist. Hin zu der Frage, was morgen noch Bestand hat. Denn am Ende entscheidet nicht die Geschwindigkeit \u00fcber den Wert digitaler Arbeit \u2013 sondern ihre Substanz.<\/p>\n<hr \/>\n\n\t\t\t<div class=\"display-post-types\">\n\n\t\t\t\t\t\t\t<style type=\"text\/css\">\n\t\t\t#dpt-wrapper-257 { --dpt-text-align: left;--dpt-image-crop: center;--dpt-border-radius: 5px;--dpt-h-gutter: 10px;--dpt-v-gutter: 9px; }\t\t\t<\/style>\n\t\t\t<style type=\"text\/css\">#dpt-wrapper-257 { --dpt-title-font-style:normal;--dpt-title-font-weight:600;--dpt-title-line-height:1.5;--dpt-title-text-decoration:none;--dpt-title-text-transform:none;--dpt-excerpt-font-style:normal;--dpt-excerpt-font-weight:400;--dpt-excerpt-line-height:1.5;--dpt-excerpt-text-decoration:none;--dpt-excerpt-text-transform:none;--dpt-meta1-font-style:normal;--dpt-meta1-font-weight:400;--dpt-meta1-line-height:1.9;--dpt-meta1-text-decoration:none;--dpt-meta1-text-transform:none;--dpt-meta2-font-style:normal;--dpt-meta2-font-weight:400;--dpt-meta2-line-height:1.9;--dpt-meta2-text-decoration:none;--dpt-meta2-text-transform:none; }<\/style><div class=\"dpt-main-header\">\n\t\t\t\t\t\t<div class=\"dpt-main-title\">\n\t\t\t\t\t\t\t<span class=\"dpt-main-title-text\">Soci\u00e1ln\u00ed ot\u00e1zky sou\u010dasnosti<\/span>\n\t\t\t\t\t\t<\/div>\n\t\t\t\t\t\t\n\t\t\t\t\t\t\n\t\t\t\t\t\t\n\t\t\t\t\t\t<\/div>\t\t\t\n\t\t\t\t<div id=\"dpt-wrapper-257\" class=\"dpt-wrapper dpt-mag1 land1 dpt-cropped dpt-flex-wrap\" >\n\n\t\t\t\t\t\t\t\t\t\t\t<div class=\"dpt-entry has-thumbnail\" data-title=\"deine meinung z\u00e4hlt \u2013 neue umfragen zu aktuellen themen\" data-id=\"3383\"  data-category=\"allgemein b\u00fccher gesellschaft\" data-post_tag=\"buch cmd erfahrungen gesundheit krisen meinungsfreiheit\">\n\t\t\t\t\t\t\t<div class=\"dpt-entry-wrapper\"><div class=\"dpt-featured-content\"><div class=\"dpt-permalink\"><a href=\"https:\/\/www.markus-schall.de\/cs\/2025\/11\/vas-nazor-se-pocita-do-novych-pruzkumu-na-aktualni-temata\/\" class=\"dpt-permalink\"><span class=\"screen-reader-text\">V\u00e1\u0161 n\u00e1zor se po\u010d\u00edt\u00e1 - Nov\u00e9 pr\u016fzkumy k aktu\u00e1ln\u00edm t\u00e9mat\u016fm<\/span><\/a><\/div><div class=\"dpt-thumbnail\"><div class=\"dpt-thumbnail-inner\"><img width=\"1024\" height=\"683\" class=\"attachment-full size-full\" alt=\"Pr\u016fzkumy k aktu\u00e1ln\u00edm t\u00e9mat\u016fm\" context=\"dpt\" data-dpt-src=\"https:\/\/www.markus-schall.de\/wp-content\/uploads\/umfragen-aktuell.jpg\" data-dpt-sizes=\"(max-width: 1024px) 100vw, 1024px\" data-dpt-srcset=\"https:\/\/www.markus-schall.de\/wp-content\/uploads\/umfragen-aktuell.jpg 1024w, https:\/\/www.markus-schall.de\/wp-content\/uploads\/umfragen-aktuell-300x200.jpg 300w, https:\/\/www.markus-schall.de\/wp-content\/uploads\/umfragen-aktuell-768x512.jpg 768w, https:\/\/www.markus-schall.de\/wp-content\/uploads\/umfragen-aktuell-18x12.jpg 18w\" \/><\/div><span class=\"dpt-thumbnail-aspect-ratio\" style=\"padding-top: 75%\"><\/span><\/div><\/div><div class=\"sub-entry\"><h3 class=\"dpt-title\"><a class=\"dpt-title-link\" href=\"https:\/\/www.markus-schall.de\/cs\/2025\/11\/vas-nazor-se-pocita-do-novych-pruzkumu-na-aktualni-temata\/\" rel=\"bookmark\">V\u00e1\u0161 n\u00e1zor se po\u010d\u00edt\u00e1 - Nov\u00e9 pr\u016fzkumy k aktu\u00e1ln\u00edm t\u00e9mat\u016fm<\/a><\/h3><\/div><\/div>\n\t\t\t\t\t\t<\/div><!-- .dpt-entry -->\n\t\t\t\t\t\t\t\t\t\t\t\t<div class=\"dpt-entry has-thumbnail\" data-title=\"regelbasierte weltordnung und v\u00f6lkerrecht: zwischen anspruch, realit\u00e4t und rechtsbruch\" data-id=\"4275\"  data-category=\"allgemein gesellschaft\" data-post_tag=\"denkmodelle eu-gesetze europa geopolitik krisen sicherheitspolitik\">\n\t\t\t\t\t\t\t<div class=\"dpt-entry-wrapper\"><div class=\"dpt-featured-content\"><div class=\"dpt-permalink\"><a href=\"https:\/\/www.markus-schall.de\/cs\/2026\/01\/svetovy-rad-zalozeny-na-pravidlech-a-mezinarodni-pravo-mezi-realitou-a-porusovanim-prava\/\" class=\"dpt-permalink\"><span class=\"screen-reader-text\">Sv\u011btov\u00fd \u0159\u00e1d zalo\u017een\u00fd na pravidlech a mezin\u00e1rodn\u00ed pr\u00e1vo: mezi tvrzen\u00edm, skute\u010dnost\u00ed a poru\u0161en\u00edm pr\u00e1va<\/span><\/a><\/div><div class=\"dpt-thumbnail\"><div class=\"dpt-thumbnail-inner\"><img width=\"1024\" height=\"683\" class=\"attachment-full size-full\" alt=\"Mezin\u00e1rodn\u00ed pr\u00e1vo a sv\u011btov\u00fd \u0159\u00e1d zalo\u017een\u00fd na pravidlech\" context=\"dpt\" data-dpt-src=\"https:\/\/www.markus-schall.de\/wp-content\/uploads\/voelkerrecht-weltordnung-titel.jpg\" data-dpt-sizes=\"(max-width: 1024px) 100vw, 1024px\" data-dpt-srcset=\"https:\/\/www.markus-schall.de\/wp-content\/uploads\/voelkerrecht-weltordnung-titel.jpg 1024w, https:\/\/www.markus-schall.de\/wp-content\/uploads\/voelkerrecht-weltordnung-titel-300x200.jpg 300w, https:\/\/www.markus-schall.de\/wp-content\/uploads\/voelkerrecht-weltordnung-titel-768x512.jpg 768w, https:\/\/www.markus-schall.de\/wp-content\/uploads\/voelkerrecht-weltordnung-titel-18x12.jpg 18w\" \/><\/div><span class=\"dpt-thumbnail-aspect-ratio\" style=\"padding-top: 75%\"><\/span><\/div><\/div><div class=\"sub-entry\"><h3 class=\"dpt-title\"><a class=\"dpt-title-link\" href=\"https:\/\/www.markus-schall.de\/cs\/2026\/01\/svetovy-rad-zalozeny-na-pravidlech-a-mezinarodni-pravo-mezi-realitou-a-porusovanim-prava\/\" rel=\"bookmark\">Sv\u011btov\u00fd \u0159\u00e1d zalo\u017een\u00fd na pravidlech a mezin\u00e1rodn\u00ed pr\u00e1vo: mezi tvrzen\u00edm, skute\u010dnost\u00ed a poru\u0161en\u00edm pr\u00e1va<\/a><\/h3><\/div><\/div>\n\t\t\t\t\t\t<\/div><!-- .dpt-entry -->\n\t\t\t\t\t\t\t\t\t\t\t\t<div class=\"dpt-entry has-thumbnail\" data-title=\"was ist brics \u2013 und was nicht: geschichte, wirtschaft und geopolitische einordnung\" data-id=\"4691\"  data-category=\"allgemein gesellschaft\" data-post_tag=\"denkmodelle deutschland europa geopolitik sicherheitspolitik\">\n\t\t\t\t\t\t\t<div class=\"dpt-entry-wrapper\"><div class=\"dpt-featured-content\"><div class=\"dpt-permalink\"><a href=\"https:\/\/www.markus-schall.de\/cs\/2026\/02\/co-je-a-co-neni-brics-historie-ekonomika-a-geopoliticke-cleneni\/\" class=\"dpt-permalink\"><span class=\"screen-reader-text\">Co je a co nen\u00ed BRICS: historie, ekonomika a geopolitick\u00e1 kategorizace<\/span><\/a><\/div><div class=\"dpt-thumbnail\"><div class=\"dpt-thumbnail-inner\"><img width=\"1024\" height=\"683\" class=\"attachment-full size-full\" alt=\"Zem\u011b BRICS\" context=\"dpt\" data-dpt-src=\"https:\/\/www.markus-schall.de\/wp-content\/uploads\/BRICS-Staaten.jpg\" data-dpt-sizes=\"(max-width: 1024px) 100vw, 1024px\" data-dpt-srcset=\"https:\/\/www.markus-schall.de\/wp-content\/uploads\/BRICS-Staaten.jpg 1024w, https:\/\/www.markus-schall.de\/wp-content\/uploads\/BRICS-Staaten-300x200.jpg 300w, https:\/\/www.markus-schall.de\/wp-content\/uploads\/BRICS-Staaten-768x512.jpg 768w, https:\/\/www.markus-schall.de\/wp-content\/uploads\/BRICS-Staaten-18x12.jpg 18w\" \/><\/div><span class=\"dpt-thumbnail-aspect-ratio\" style=\"padding-top: 75%\"><\/span><\/div><\/div><div class=\"sub-entry\"><h3 class=\"dpt-title\"><a class=\"dpt-title-link\" href=\"https:\/\/www.markus-schall.de\/cs\/2026\/02\/co-je-a-co-neni-brics-historie-ekonomika-a-geopoliticke-cleneni\/\" rel=\"bookmark\">Co je a co nen\u00ed BRICS: historie, ekonomika a geopolitick\u00e1 kategorizace<\/a><\/h3><\/div><\/div>\n\t\t\t\t\t\t<\/div><!-- .dpt-entry -->\n\t\t\t\t\t\t\t\t\t\t\t\t<div class=\"dpt-entry has-thumbnail\" data-title=\"der zwei-plus-vier-vertrag, die nato und die bundeswehr: was gilt heute noch?\" data-id=\"4740\"  data-category=\"allgemein gesellschaft\" data-post_tag=\"deutschland europa geopolitik krisen sicherheitspolitik spieltheorie\">\n\t\t\t\t\t\t\t<div class=\"dpt-entry-wrapper\"><div class=\"dpt-featured-content\"><div class=\"dpt-permalink\"><a href=\"https:\/\/www.markus-schall.de\/cs\/2026\/02\/smlouva-dva-plus-ctyri-nato-a-bundeswehr-co-plati-dodnes\/\" class=\"dpt-permalink\"><span class=\"screen-reader-text\">Smlouva \"dva plus \u010dty\u0159i\", NATO a Bundeswehr: Co plat\u00ed dnes?<\/span><\/a><\/div><div class=\"dpt-thumbnail\"><div class=\"dpt-thumbnail-inner\"><img width=\"1024\" height=\"683\" class=\"attachment-full size-full\" alt=\"\" context=\"dpt\" data-dpt-src=\"https:\/\/www.markus-schall.de\/wp-content\/uploads\/Zwei-Plus-Vier-Vertrag.jpg\" data-dpt-sizes=\"(max-width: 1024px) 100vw, 1024px\" data-dpt-srcset=\"https:\/\/www.markus-schall.de\/wp-content\/uploads\/Zwei-Plus-Vier-Vertrag.jpg 1024w, https:\/\/www.markus-schall.de\/wp-content\/uploads\/Zwei-Plus-Vier-Vertrag-300x200.jpg 300w, https:\/\/www.markus-schall.de\/wp-content\/uploads\/Zwei-Plus-Vier-Vertrag-768x512.jpg 768w, https:\/\/www.markus-schall.de\/wp-content\/uploads\/Zwei-Plus-Vier-Vertrag-18x12.jpg 18w\" \/><\/div><span class=\"dpt-thumbnail-aspect-ratio\" style=\"padding-top: 75%\"><\/span><\/div><\/div><div class=\"sub-entry\"><h3 class=\"dpt-title\"><a class=\"dpt-title-link\" href=\"https:\/\/www.markus-schall.de\/cs\/2026\/02\/smlouva-dva-plus-ctyri-nato-a-bundeswehr-co-plati-dodnes\/\" rel=\"bookmark\">Smlouva \"dva plus \u010dty\u0159i\", NATO a Bundeswehr: Co plat\u00ed dnes?<\/a><\/h3><\/div><\/div>\n\t\t\t\t\t\t<\/div><!-- .dpt-entry -->\n\t\t\t\t\t\t\n\t\t\t\t<\/div>\n\t\t\t\t\t\t<\/div>\n\t\t\t\n<hr \/>\n<h2>\u010casto kladen\u00e9 ot\u00e1zky<\/h2>\n<ol>\n<li><strong>Was genau ist mit \u201edigitalem Eigentum\u201c gemeint, und warum ist dieser Begriff so wichtig?<\/strong><br \/>\nDigitales Eigentum beschreibt Inhalte, Strukturen und Systeme, \u00fcber die Du langfristig die Kontrolle beh\u00e4ltst. Es geht also nicht nur darum, etwas zu ver\u00f6ffentlichen, sondern darum, etwas aufzubauen, das Dir geh\u00f6rt und unabh\u00e4ngig bestehen kann. Der Begriff ist deshalb so wichtig, weil er den Fokus verschiebt \u2013 weg von kurzfristiger Sichtbarkeit hin zu nachhaltigem Wert.<\/li>\n<li><strong>Worin liegt der Unterschied zwischen Reichweite und digitalem Eigentum?<\/strong><br \/>\nReichweite bedeutet, dass Inhalte gesehen werden \u2013 oft kurzfristig und abh\u00e4ngig von Plattformen. Digitales Eigentum hingegen beschreibt etwas Dauerhaftes: Inhalte und Strukturen, die Du kontrollierst und die langfristig bestehen. Reichweite kann verschwinden, Eigentum bleibt.<\/li>\n<li><strong>Warum sind Plattformen wie Social Media problematisch f\u00fcr den Aufbau von Substanz?<\/strong><br \/>\nPlattformen geh\u00f6ren Dir nicht. Sie bestimmen, was sichtbar ist und was nicht. Selbst wenn Du dort erfolgreich bist, bleibt Deine Arbeit an deren Regeln gebunden. \u00c4nderungen im Algorithmus oder in den Richtlinien k\u00f6nnen Deine Sichtbarkeit jederzeit beeinflussen. Das macht sie als alleinige Grundlage strategisch unsicher.<\/li>\n<li><strong>Kann man mit Plattformen trotzdem sinnvoll arbeiten?<\/strong><br \/>\nJa, absolut \u2013 aber nicht als Fundament. Plattformen eignen sich gut, um Aufmerksamkeit zu erzeugen und neue Leser zu erreichen. Entscheidend ist jedoch, diese Aufmerksamkeit in eigene Systeme zu \u00fcberf\u00fchren, also auf Deine Website, Dein Magazin oder Deine B\u00fccher.<\/li>\n<li><strong>Was bedeutet organisches Wachstum konkret im digitalen Kontext?<\/strong><br \/>\nOrganisches Wachstum bedeutet, dass Dein System langsam, aber kontinuierlich w\u00e4chst. Inhalte werden nicht einfach ver\u00f6ffentlicht und vergessen, sondern miteinander verkn\u00fcpft, erweitert und gepflegt. Dadurch entsteht mit der Zeit eine Struktur, die stabiler und wertvoller wird.<\/li>\n<li><strong>Warum ist langsames Wachstum langfristig \u00fcberlegen?<\/strong><br \/>\nWeil es stabil ist. Schnelles Wachstum basiert oft auf \u00e4u\u00dferen Faktoren wie Trends oder Plattformlogiken. Langsames Wachstum dagegen entsteht durch eigene Struktur und Kontinuit\u00e4t. Es ist weniger anf\u00e4llig f\u00fcr Ver\u00e4nderungen und entwickelt mit der Zeit eine eigene Dynamik.<\/li>\n<li><strong>Was versteht man unter \u201eDigital Capital\u201c?<\/strong><br \/>\nDigital Capital beschreibt die Summe Deiner digitalen Ressourcen \u2013 also Inhalte, Strukturen, Verlinkungen und auch Deine Erfahrung. Es entsteht durch Akkumulation. Jeder neue Inhalt tr\u00e4gt dazu bei, den Gesamtwert Deines Systems zu erh\u00f6hen.<\/li>\n<li><strong>Wie entsteht dieser sogenannte \u201eZinseszinseffekt\u201c bei Inhalten?<\/strong><br \/>\nEin einzelner Artikel bringt Leser. Diese Leser entdecken weitere Inhalte. Diese Inhalte verst\u00e4rken wiederum die Sichtbarkeit des gesamten Systems. Mit der Zeit entsteht ein Netzwerk aus Verweisen und Themen, das sich gegenseitig tr\u00e4gt und verst\u00e4rkt.<\/li>\n<li><strong>Warum sind gewachsene Systeme schwer kopierbar?<\/strong><br \/>\nWeil sie nicht nur aus Inhalten bestehen, sondern aus Entwicklung. Struktur, Historie, Entscheidungen und pers\u00f6nliche Linie lassen sich nicht einfach nachbauen. Man kann Inhalte kopieren, aber nicht den Weg, der zu ihnen gef\u00fchrt hat.<\/li>\n<li><strong>Welche Rolle spielt Zeit beim Aufbau digitalen Eigentums?<\/strong><br \/>\nZeit ist ein entscheidender Faktor. Sie sorgt daf\u00fcr, dass Inhalte sich entwickeln, miteinander verkn\u00fcpfen und an Tiefe gewinnen. Diese Entwicklung l\u00e4sst sich nicht beschleunigen oder kopieren \u2013 sie entsteht nur durch kontinuierliche Arbeit.<\/li>\n<li><strong>Was ist mit \u201epers\u00f6nlicher Linie\u201c gemeint?<\/strong><br \/>\nDie pers\u00f6nliche Linie zeigt sich in der Auswahl der Themen, im Stil, in der Haltung und in der Art der Darstellung. Sie entsteht nicht \u00fcber Nacht, sondern entwickelt sich mit der Zeit. Genau diese Linie macht ein System unverwechselbar.<\/li>\n<li><strong>Kann KI diese pers\u00f6nliche Linie ersetzen?<\/strong><br \/>\nNein. KI kann unterst\u00fctzen, beschleunigen und Vorschl\u00e4ge liefern. Aber sie kann keine eigenst\u00e4ndige Linie entwickeln, die auf Erfahrung, Entscheidungen und pers\u00f6nlicher Entwicklung basiert. Diese entsteht nur durch den Menschen selbst.<\/li>\n<li><strong>Ist es problematisch, Inhalte mit KI zu erstellen?<\/strong><br \/>\nNicht grunds\u00e4tzlich. Entscheidend ist, wer den Prozess steuert. Wenn Du die Richtung vorgibst und die KI als Werkzeug nutzt, kann sie sehr hilfreich sein. Problematisch wird es erst, wenn die KI die F\u00fchrung \u00fcbernimmt und Inhalte beliebig werden.<\/li>\n<li><strong>Worin liegt das gr\u00f6\u00dfte Risiko beim Einsatz von KI?<\/strong><br \/>\nDas gr\u00f6\u00dfte Risiko liegt in der schleichenden Abgabe von Kontrolle. Wenn Entscheidungen zunehmend automatisiert werden, verliert das System an Klarheit und Richtung. Es wirkt dann zwar effizient, aber zunehmend austauschbar.<\/li>\n<li><strong>Warum ist Kontrolle der zentrale Faktor beim digitalen Eigentum?<\/strong><br \/>\nWeil sie dar\u00fcber entscheidet, ob etwas wirklich Dir geh\u00f6rt. Nur wenn Du bestimmen kannst, was mit Deinen Inhalten passiert, kannst Du sie langfristig entwickeln und nutzen. Ohne Kontrolle bleibt alles vorl\u00e4ufig.<\/li>\n<li><strong>Was bedeutet digitale Selbstbestimmung in diesem Zusammenhang?<\/strong><br \/>\nDigitale Selbstbestimmung bedeutet, dass Du Deine Inhalte, Deine Struktur und Deine Entwicklung selbst steuerst. Du bist nicht von Plattformen oder externen Regeln abh\u00e4ngig, sondern gestaltest Dein System eigenst\u00e4ndig.<\/li>\n<li><strong>Wie unterscheidet sich digitales Eigentum von klassischer Werbung?<\/strong><br \/>\nKlassische Werbung wirkt meist kurzfristig und endet, sobald das Budget aufgebraucht ist. Digitales Eigentum hingegen kann dauerhaft bestehen und mit der Zeit an Wert gewinnen. Es ist weniger ein Kostenfaktor als vielmehr eine Investition.<\/li>\n<li><strong>Wie lange dauert es, ein solches System aufzubauen?<\/strong><br \/>\nDas l\u00e4sst sich nicht pauschal beantworten, aber es ist ein langfristiger Prozess. Erste Effekte k\u00f6nnen relativ fr\u00fch sichtbar werden, doch die eigentliche St\u00e4rke entsteht oft erst nach Monaten oder Jahren kontinuierlicher Arbeit.<\/li>\n<li><strong>Lohnt sich dieser Aufwand wirklich im Vergleich zu schnelleren Strategien?<\/strong><br \/>\nKurzfristig wirken schnellere Strategien oft attraktiver. Langfristig jedoch bietet ein eigenes, gewachsenes System einen Vorteil, der sich nicht so leicht einholen l\u00e4sst: Stabilit\u00e4t, Kontrolle und nachhaltige Substanz. Genau darin liegt sein eigentlicher Wert.<\/li>\n<\/ol>\n<hr \/>\n\n\t\t\t<div class=\"display-post-types\">\n\n\t\t\t\t\t\t\t<style type=\"text\/css\">\n\t\t\t#dpt-wrapper-258 { --dpt-text-align: left;--dpt-image-crop: center;--dpt-border-radius: 5px;--dpt-h-gutter: 10px;--dpt-v-gutter: 9px; }\t\t\t<\/style>\n\t\t\t<style type=\"text\/css\">#dpt-wrapper-258 { --dpt-title-font-style:normal;--dpt-title-font-weight:600;--dpt-title-line-height:1.5;--dpt-title-text-decoration:none;--dpt-title-text-transform:none;--dpt-excerpt-font-style:normal;--dpt-excerpt-font-weight:400;--dpt-excerpt-line-height:1.5;--dpt-excerpt-text-decoration:none;--dpt-excerpt-text-transform:none;--dpt-meta1-font-style:normal;--dpt-meta1-font-weight:400;--dpt-meta1-line-height:1.9;--dpt-meta1-text-decoration:none;--dpt-meta1-text-transform:none;--dpt-meta2-font-style:normal;--dpt-meta2-font-weight:400;--dpt-meta2-line-height:1.9;--dpt-meta2-text-decoration:none;--dpt-meta2-text-transform:none; }<\/style><div class=\"dpt-main-header\">\n\t\t\t\t\t\t<div class=\"dpt-main-title\">\n\t\t\t\t\t\t\t<span class=\"dpt-main-title-text\">Aktu\u00e1ln\u00ed \u010dl\u00e1nky o um\u011bl\u00e9 inteligenci<\/span>\n\t\t\t\t\t\t<\/div>\n\t\t\t\t\t\t\n\t\t\t\t\t\t\n\t\t\t\t\t\t\n\t\t\t\t\t\t<\/div>\t\t\t\n\t\t\t\t<div id=\"dpt-wrapper-258\" class=\"dpt-wrapper dpt-mag1 land1 dpt-cropped dpt-flex-wrap\" >\n\n\t\t\t\t\t\t\t\t\t\t\t<div class=\"dpt-entry has-thumbnail\" data-title=\"mlx auf apple silicon als lokale ki im vergleich mit ollama &#038; co.\" data-id=\"2857\"  data-category=\"apple macos ki-systeme\" data-post_tag=\"datenschutz k\u00fcnstliche intelligenz llama llm mistral mlx ollama sprachmodell\">\n\t\t\t\t\t\t\t<div class=\"dpt-entry-wrapper\"><div class=\"dpt-featured-content\"><div class=\"dpt-permalink\"><a href=\"https:\/\/www.markus-schall.de\/cs\/2025\/09\/mlx-na-jablecnem-kremiku-jako-mistni-ki-ve-srovnani-s-ollama-co\/\" class=\"dpt-permalink\"><span class=\"screen-reader-text\">MLX na Apple Silicon jako m\u00edstn\u00ed AI ve srovn\u00e1n\u00ed s Ollama &amp; Co.<\/span><\/a><\/div><div class=\"dpt-thumbnail\"><div class=\"dpt-thumbnail-inner\"><img width=\"1024\" height=\"576\" class=\"attachment-full size-full\" alt=\"M\u00edstn\u00ed um\u011bl\u00e1 inteligence na Macu s MLX\" context=\"dpt\" data-dpt-src=\"https:\/\/www.markus-schall.de\/wp-content\/uploads\/mlx-lokale-ki-apple-silicon.jpg\" data-dpt-sizes=\"(max-width: 1024px) 100vw, 1024px\" data-dpt-srcset=\"https:\/\/www.markus-schall.de\/wp-content\/uploads\/mlx-lokale-ki-apple-silicon.jpg 1024w, https:\/\/www.markus-schall.de\/wp-content\/uploads\/mlx-lokale-ki-apple-silicon-300x169.jpg 300w, https:\/\/www.markus-schall.de\/wp-content\/uploads\/mlx-lokale-ki-apple-silicon-768x432.jpg 768w, https:\/\/www.markus-schall.de\/wp-content\/uploads\/mlx-lokale-ki-apple-silicon-18x10.jpg 18w\" \/><\/div><span class=\"dpt-thumbnail-aspect-ratio\" style=\"padding-top: 75%\"><\/span><\/div><\/div><div class=\"sub-entry\"><h3 class=\"dpt-title\"><a class=\"dpt-title-link\" href=\"https:\/\/www.markus-schall.de\/cs\/2025\/09\/mlx-na-jablecnem-kremiku-jako-mistni-ki-ve-srovnani-s-ollama-co\/\" rel=\"bookmark\">MLX na Apple Silicon jako m\u00edstn\u00ed AI ve srovn\u00e1n\u00ed s Ollama &amp; Co.<\/a><\/h3><\/div><\/div>\n\t\t\t\t\t\t<\/div><!-- .dpt-entry -->\n\t\t\t\t\t\t\t\t\t\t\t\t<div class=\"dpt-entry has-thumbnail\" data-title=\"lokale ki auf dem mac: so installieren sie ein sprachmodell mit ollama\" data-id=\"2442\"  data-category=\"ki-systeme tipps &amp; anleitungen\" data-post_tag=\"datenschutz k\u00fcnstliche intelligenz llama llm mac mistral ollama sprachmodell\">\n\t\t\t\t\t\t\t<div class=\"dpt-entry-wrapper\"><div class=\"dpt-featured-content\"><div class=\"dpt-permalink\"><a href=\"https:\/\/www.markus-schall.de\/cs\/2025\/08\/local-ki-na-macu-takto-1tp12vytvoreni-jazykoveho-modelu-pomoci-ollama\/\" class=\"dpt-permalink\"><span class=\"screen-reader-text\">M\u00edstn\u00ed um\u011bl\u00e1 inteligence na Macu: Jak installiere jazykov\u00fd model pomoc\u00ed Ollama<\/span><\/a><\/div><div class=\"dpt-thumbnail\"><div class=\"dpt-thumbnail-inner\"><img width=\"1024\" height=\"683\" class=\"attachment-full size-full\" alt=\"M\u00edstn\u00ed AI installieren s Ollama na Macu\" context=\"dpt\" data-dpt-src=\"https:\/\/www.markus-schall.de\/wp-content\/uploads\/Lokale-KI-auf-Apple-Mac.jpg\" data-dpt-sizes=\"(max-width: 1024px) 100vw, 1024px\" data-dpt-srcset=\"https:\/\/www.markus-schall.de\/wp-content\/uploads\/Lokale-KI-auf-Apple-Mac.jpg 1024w, https:\/\/www.markus-schall.de\/wp-content\/uploads\/Lokale-KI-auf-Apple-Mac-300x200.jpg 300w, https:\/\/www.markus-schall.de\/wp-content\/uploads\/Lokale-KI-auf-Apple-Mac-768x512.jpg 768w, https:\/\/www.markus-schall.de\/wp-content\/uploads\/Lokale-KI-auf-Apple-Mac-18x12.jpg 18w\" \/><\/div><span class=\"dpt-thumbnail-aspect-ratio\" style=\"padding-top: 75%\"><\/span><\/div><\/div><div class=\"sub-entry\"><h3 class=\"dpt-title\"><a class=\"dpt-title-link\" href=\"https:\/\/www.markus-schall.de\/cs\/2025\/08\/local-ki-na-macu-takto-1tp12vytvoreni-jazykoveho-modelu-pomoci-ollama\/\" rel=\"bookmark\">M\u00edstn\u00ed um\u011bl\u00e1 inteligence na Macu: Jak installiere jazykov\u00fd model pomoc\u00ed Ollama<\/a><\/h3><\/div><\/div>\n\t\t\t\t\t\t<\/div><!-- .dpt-entry -->\n\t\t\t\t\t\t\t\t\t\t\t\t<div class=\"dpt-entry has-thumbnail\" data-title=\"lora-training: wie filemaker 2025 das feintuning gro\u00dfer sprachmodelle vereinfacht\" data-id=\"3220\"  data-category=\"filemaker &amp; erp ki-systeme\" data-post_tag=\"datenbanken filemaker k\u00fcnstliche intelligenz llm mlx sprachmodell\">\n\t\t\t\t\t\t\t<div class=\"dpt-entry-wrapper\"><div class=\"dpt-featured-content\"><div class=\"dpt-permalink\"><a href=\"https:\/\/www.markus-schall.de\/cs\/2025\/10\/skoleni-lora-jak-filemaker-2025-zjednodusuje-jemne-ladeni-rozsahlych-jazykovych-modelu\/\" class=\"dpt-permalink\"><span class=\"screen-reader-text\">Tr\u00e9nink LoRA: Jak FileMaker 2025 zjednodu\u0161uje lad\u011bn\u00ed velk\u00fdch jazykov\u00fdch model\u016f<\/span><\/a><\/div><div class=\"dpt-thumbnail\"><div class=\"dpt-thumbnail-inner\"><img width=\"1024\" height=\"683\" class=\"attachment-full size-full\" alt=\"Jemn\u00e9 lad\u011bn\u00ed LoRA - FileMaker 2025\" context=\"dpt\" data-dpt-src=\"https:\/\/www.markus-schall.de\/wp-content\/uploads\/lora-finetuning-filemaker.jpg\" data-dpt-sizes=\"(max-width: 1024px) 100vw, 1024px\" data-dpt-srcset=\"https:\/\/www.markus-schall.de\/wp-content\/uploads\/lora-finetuning-filemaker.jpg 1024w, https:\/\/www.markus-schall.de\/wp-content\/uploads\/lora-finetuning-filemaker-300x200.jpg 300w, https:\/\/www.markus-schall.de\/wp-content\/uploads\/lora-finetuning-filemaker-768x512.jpg 768w, https:\/\/www.markus-schall.de\/wp-content\/uploads\/lora-finetuning-filemaker-18x12.jpg 18w\" \/><\/div><span class=\"dpt-thumbnail-aspect-ratio\" style=\"padding-top: 75%\"><\/span><\/div><\/div><div class=\"sub-entry\"><h3 class=\"dpt-title\"><a class=\"dpt-title-link\" href=\"https:\/\/www.markus-schall.de\/cs\/2025\/10\/skoleni-lora-jak-filemaker-2025-zjednodusuje-jemne-ladeni-rozsahlych-jazykovych-modelu\/\" rel=\"bookmark\">Tr\u00e9nink LoRA: Jak FileMaker 2025 zjednodu\u0161uje lad\u011bn\u00ed velk\u00fdch jazykov\u00fdch model\u016f<\/a><\/h3><\/div><\/div>\n\t\t\t\t\t\t<\/div><!-- .dpt-entry -->\n\t\t\t\t\t\t\t\t\t\t\t\t<div class=\"dpt-entry has-thumbnail\" data-title=\"ki f\u00fcr anf\u00e4nger: wie du ohne vorkenntnisse sinnvoll mit k\u00fcnstlicher intelligenz startest\" data-id=\"4199\"  data-category=\"allgemein apple iphone &amp; ipad apple macos ki-systeme tipps &amp; anleitungen\" data-post_tag=\"denkmodelle k\u00fcnstliche intelligenz lernen prozesse\">\n\t\t\t\t\t\t\t<div class=\"dpt-entry-wrapper\"><div class=\"dpt-featured-content\"><div class=\"dpt-permalink\"><a href=\"https:\/\/www.markus-schall.de\/cs\/2025\/12\/ki-pro-zacatecniky-jak-zacit-s-umelou-inteligenci-bez-predchozich-znalosti\/\" class=\"dpt-permalink\"><span class=\"screen-reader-text\">AI pro za\u010d\u00e1te\u010dn\u00edky: Jak za\u010d\u00edt s um\u011blou inteligenc\u00ed bez p\u0159edchoz\u00edch znalost\u00ed<\/span><\/a><\/div><div class=\"dpt-thumbnail\"><div class=\"dpt-thumbnail-inner\"><img width=\"1024\" height=\"683\" class=\"attachment-full size-full\" alt=\"Um\u011bl\u00e1 inteligence pro za\u010d\u00e1te\u010dn\u00edky\" context=\"dpt\" data-dpt-src=\"https:\/\/www.markus-schall.de\/wp-content\/uploads\/KI-fuer-Einsteiger-Computer.jpg\" data-dpt-sizes=\"(max-width: 1024px) 100vw, 1024px\" data-dpt-srcset=\"https:\/\/www.markus-schall.de\/wp-content\/uploads\/KI-fuer-Einsteiger-Computer.jpg 1024w, https:\/\/www.markus-schall.de\/wp-content\/uploads\/KI-fuer-Einsteiger-Computer-300x200.jpg 300w, https:\/\/www.markus-schall.de\/wp-content\/uploads\/KI-fuer-Einsteiger-Computer-768x512.jpg 768w, https:\/\/www.markus-schall.de\/wp-content\/uploads\/KI-fuer-Einsteiger-Computer-18x12.jpg 18w\" \/><\/div><span class=\"dpt-thumbnail-aspect-ratio\" style=\"padding-top: 75%\"><\/span><\/div><\/div><div class=\"sub-entry\"><h3 class=\"dpt-title\"><a class=\"dpt-title-link\" href=\"https:\/\/www.markus-schall.de\/cs\/2025\/12\/ki-pro-zacatecniky-jak-zacit-s-umelou-inteligenci-bez-predchozich-znalosti\/\" rel=\"bookmark\">AI pro za\u010d\u00e1te\u010dn\u00edky: Jak za\u010d\u00edt s um\u011blou inteligenc\u00ed bez p\u0159edchoz\u00edch znalost\u00ed<\/a><\/h3><\/div><\/div>\n\t\t\t\t\t\t<\/div><!-- .dpt-entry -->\n\t\t\t\t\t\t\n\t\t\t\t<\/div>\n\t\t\t\t\t\t<\/div>\n\t\t\t\n<hr \/>","protected":false},"excerpt":{"rendered":"<p>Wenn Du Dich heute im digitalen Raum bewegst, entsteht sehr schnell ein bestimmter Eindruck: Wer sichtbar ist, ist erfolgreich. Wer Reichweite hat, hat Einfluss. Und wer viele Inhalte produziert, baut sich automatisch etwas auf. Diese Gleichung wirkt auf den ersten Blick plausibel \u2013 sie ist aber tr\u00fcgerisch. Denn Sichtbarkeit ist kein Besitz. Reichweite ist kein &#8230; <a title=\"AI pro za\u010d\u00e1te\u010dn\u00edky: Jak za\u010d\u00edt s um\u011blou inteligenc\u00ed bez p\u0159edchoz\u00edch znalost\u00ed\" class=\"read-more\" href=\"https:\/\/www.markus-schall.de\/cs\/2025\/12\/ki-pro-zacatecniky-jak-zacit-s-umelou-inteligenci-bez-predchozich-znalosti\/\" aria-label=\"\u010c\u00edst v\u00edce o AI pro za\u010d\u00e1te\u010dn\u00edky: Jak za\u010d\u00edt s um\u011blou inteligenc\u00ed bez p\u0159edchoz\u00edch znalost\u00ed\">\u010c\u00edst d\u00e1l<\/a><\/p>","protected":false},"author":1,"featured_media":5904,"comment_status":"open","ping_status":"open","sticky":false,"template":"","format":"standard","meta":{"iawp_total_views":7,"footnotes":""},"categories":[1,424,466,4],"tags":[425,444,473,458,471,442,460,448],"class_list":["post-5899","post","type-post","status-publish","format-standard","has-post-thumbnail","hentry","category-allgemein","category-buecher","category-gesellschaft","category-tipps-anleitungen","tag-buch","tag-denkmodelle","tag-digitales-eigentum","tag-erfahrungen","tag-kuenstliche-intelligenz","tag-prozesse","tag-publishing","tag-ratgeber"],"_links":{"self":[{"href":"https:\/\/www.markus-schall.de\/cs\/wp-json\/wp\/v2\/posts\/5899","targetHints":{"allow":["GET"]}}],"collection":[{"href":"https:\/\/www.markus-schall.de\/cs\/wp-json\/wp\/v2\/posts"}],"about":[{"href":"https:\/\/www.markus-schall.de\/cs\/wp-json\/wp\/v2\/types\/post"}],"author":[{"embeddable":true,"href":"https:\/\/www.markus-schall.de\/cs\/wp-json\/wp\/v2\/users\/1"}],"replies":[{"embeddable":true,"href":"https:\/\/www.markus-schall.de\/cs\/wp-json\/wp\/v2\/comments?post=5899"}],"version-history":[{"count":14,"href":"https:\/\/www.markus-schall.de\/cs\/wp-json\/wp\/v2\/posts\/5899\/revisions"}],"predecessor-version":[{"id":5920,"href":"https:\/\/www.markus-schall.de\/cs\/wp-json\/wp\/v2\/posts\/5899\/revisions\/5920"}],"wp:featuredmedia":[{"embeddable":true,"href":"https:\/\/www.markus-schall.de\/cs\/wp-json\/wp\/v2\/media\/5904"}],"wp:attachment":[{"href":"https:\/\/www.markus-schall.de\/cs\/wp-json\/wp\/v2\/media?parent=5899"}],"wp:term":[{"taxonomy":"category","embeddable":true,"href":"https:\/\/www.markus-schall.de\/cs\/wp-json\/wp\/v2\/categories?post=5899"},{"taxonomy":"post_tag","embeddable":true,"href":"https:\/\/www.markus-schall.de\/cs\/wp-json\/wp\/v2\/tags?post=5899"}],"curies":[{"name":"wp","href":"https:\/\/api.w.org\/{rel}","templated":true}]}}