{"id":439,"count":19,"description":"\u010cl\u00e1nek na t\u00e9ma CMD (kraniomandibul\u00e1rn\u00ed dysfunkce). Zab\u00fdv\u00e1 se p\u0159\u00ed\u010dinami, p\u0159\u00edznaky, terapeutick\u00fdmi p\u0159\u00edstupy a osobn\u00edmi zku\u0161enostmi s touto \u010dasto obt\u00ed\u017en\u011b rozpoznatelnou dysfunkc\u00ed.","link":"https:\/\/www.markus-schall.de\/cs\/den\/cmd\/","name":"KMD","slug":"cmd","taxonomy":"post_tag","meta":[],"_links":{"self":[{"href":"https:\/\/www.markus-schall.de\/cs\/wp-json\/wp\/v2\/tags\/439","targetHints":{"allow":["GET"]}}],"collection":[{"href":"https:\/\/www.markus-schall.de\/cs\/wp-json\/wp\/v2\/tags"}],"about":[{"href":"https:\/\/www.markus-schall.de\/cs\/wp-json\/wp\/v2\/taxonomies\/post_tag"}],"wp:post_type":[{"href":"https:\/\/www.markus-schall.de\/cs\/wp-json\/wp\/v2\/posts?tags=439"}],"curies":[{"name":"wp","href":"https:\/\/api.w.org\/{rel}","templated":true}]}}