{"id":467,"count":6,"description":"\u010cl\u00e1nky o emigraci z N\u011bmecka, v m\u00e9m p\u0159\u00edpad\u011b zejm\u00e9na do \u010cesk\u00e9 republiky. Jedn\u00e1 se o zku\u0161enosti a z\u00e1kladn\u00ed informace o emigraci do \u010cesk\u00e9 republiky, nap\u0159. do Liberce, Karlov\u00fdch Var\u016f, Plzn\u011b, Brna nebo Prahy.","link":"https:\/\/www.markus-schall.de\/cs\/den\/emigrovat\/","name":"Emigrace","slug":"emigrovat","taxonomy":"post_tag","meta":[],"_links":{"self":[{"href":"https:\/\/www.markus-schall.de\/cs\/wp-json\/wp\/v2\/tags\/467","targetHints":{"allow":["GET"]}}],"collection":[{"href":"https:\/\/www.markus-schall.de\/cs\/wp-json\/wp\/v2\/tags"}],"about":[{"href":"https:\/\/www.markus-schall.de\/cs\/wp-json\/wp\/v2\/taxonomies\/post_tag"}],"wp:post_type":[{"href":"https:\/\/www.markus-schall.de\/cs\/wp-json\/wp\/v2\/posts?tags=467"}],"curies":[{"name":"wp","href":"https:\/\/api.w.org\/{rel}","templated":true}]}}