{"id":477,"count":11,"description":"Pod hlavi\u010dkou portr\u00e9t\u016f jsou zde shrom\u00e1\u017ed\u011bny osobn\u00ed, klidn\u00e9 p\u0159\u00edstupy k lidem, kte\u0159\u00ed zanechali stopu sv\u00fdmi my\u0161lenkami, \u010diny nebo prac\u00ed. D\u016fraz je kladen m\u00e9n\u011b na \u017eivotn\u00ed data nebo vn\u011bj\u0161\u00ed \u00fasp\u011bchy a v\u00edce na postoje, kter\u00e9 se vyvinuly v pr\u016fb\u011bhu \u017eivota. Tyto portr\u00e9ty se ptaj\u00ed, jak se n\u011bkdo stal t\u00edm, k\u00fdm je - a pro\u010d m\u00e1 vliv na ostatn\u00ed. Z\u00e1m\u011brn\u011b se vyh\u00fdbaj\u00ed rychl\u00fdm soud\u016fm a hlasit\u00fdm n\u00e1lepk\u00e1m. M\u00edsto toho se zam\u011b\u0159uj\u00ed na otisky, zlomy, rozhodnut\u00ed a nuance. Portr\u00e9t v tomto smyslu nen\u00ed uct\u00edv\u00e1n\u00edm hrdin\u016f ani form\u00e1tem vy\u00fa\u010dtov\u00e1n\u00ed, ale p\u0159esn\u00fdm pozorov\u00e1n\u00edm: respektuj\u00edc\u00edm, kategorizuj\u00edc\u00edm a otev\u0159en\u00fdm rozpor\u016fm. V\u00fdsledkem jsou texty, kter\u00e9 nejen informuj\u00ed, ale tak\u00e9 inspiruj\u00ed k zamy\u0161len\u00ed - o lidech, o b\u011bhu \u010dasu i o vlastn\u00edm postoji.","link":"https:\/\/www.markus-schall.de\/cs\/den\/portret\/","name":"Portr\u00e9t","slug":"portret","taxonomy":"post_tag","meta":[],"_links":{"self":[{"href":"https:\/\/www.markus-schall.de\/cs\/wp-json\/wp\/v2\/tags\/477","targetHints":{"allow":["GET"]}}],"collection":[{"href":"https:\/\/www.markus-schall.de\/cs\/wp-json\/wp\/v2\/tags"}],"about":[{"href":"https:\/\/www.markus-schall.de\/cs\/wp-json\/wp\/v2\/taxonomies\/post_tag"}],"wp:post_type":[{"href":"https:\/\/www.markus-schall.de\/cs\/wp-json\/wp\/v2\/posts?tags=477"}],"curies":[{"name":"wp","href":"https:\/\/api.w.org\/{rel}","templated":true}]}}