{"id":480,"count":30,"description":"N\u011bmecko je v centru mnoha sou\u010dasn\u00fdch debat - politick\u00fdch, hospod\u00e1\u0159sk\u00fdch, soci\u00e1ln\u00edch i geopolitick\u00fdch. Jako nejv\u011bt\u0161\u00ed evropsk\u00e1 ekonomika, kl\u00ed\u010dov\u00fd hr\u00e1\u010d v r\u00e1mci EU a c\u00edlov\u00e1 zem\u011b migrace zde m\u00e1 glob\u00e1ln\u00ed v\u00fdvoj \u010dasto obzvl\u00e1\u0161t\u011b siln\u00fd dopad. Rozhodnut\u00ed p\u0159ijat\u00e1 na mezin\u00e1rodn\u00ed \u00farovni maj\u00ed v N\u011bmecku konkr\u00e9tn\u00ed d\u016fsledky: v ot\u00e1zk\u00e1ch energetiky, zahrani\u010dn\u00ed politiky, trhu pr\u00e1ce a soci\u00e1ln\u00edho sou\u017eit\u00ed.\r\n\r\nToto kl\u00ed\u010dov\u00e9 slovo p\u0159in\u00e1\u0161\u00ed \u010dl\u00e1nky, kter\u00e9 se na N\u011bmecko ned\u00edvaj\u00ed izolovan\u011b, ale v kontextu mezin\u00e1rodn\u00edch kriz\u00ed, mocensk\u00fdch zm\u011bn a dlouhodob\u00fdch struktur\u00e1ln\u00edch probl\u00e9m\u016f. Jde o kategorizaci nam\u00edsto titulk\u016f, o pozad\u00ed nam\u00edsto kr\u00e1tkodob\u00e9ho rozho\u0159\u010den\u00ed. Mnoho zde odkazovan\u00fdch \u010dl\u00e1nk\u016f osv\u011btluje, jak glob\u00e1ln\u00ed konflikty, geopolitick\u00e9 z\u00e1jmy nebo ekonomick\u00e9 z\u00e1vislosti ovliv\u0148uj\u00ed ka\u017edodenn\u00ed \u017eivot v N\u011bmecku - \u010dasto nen\u00e1padn\u011b, n\u011bkdy otev\u0159en\u011b, obvykle komplexn\u011b.\r\n\r\nN\u011bmecko se zde neobjevuje ani jako pouh\u00fd pozorovatel, ani jako jedin\u00fd organiz\u00e1tor, ale jako sou\u010d\u00e1st \u0161ir\u0161\u00edho kontextu. C\u00edlem je u\u010dinit v\u00fdvoj srozumiteln\u00fdm, zviditelnit souvislosti a otev\u0159\u00edt pohled nad r\u00e1mec aktu\u00e1ln\u00edch debat.","link":"https:\/\/www.markus-schall.de\/cs\/den\/nemecko\/","name":"N\u011bmecko","slug":"nemecko","taxonomy":"post_tag","meta":[],"_links":{"self":[{"href":"https:\/\/www.markus-schall.de\/cs\/wp-json\/wp\/v2\/tags\/480","targetHints":{"allow":["GET"]}}],"collection":[{"href":"https:\/\/www.markus-schall.de\/cs\/wp-json\/wp\/v2\/tags"}],"about":[{"href":"https:\/\/www.markus-schall.de\/cs\/wp-json\/wp\/v2\/taxonomies\/post_tag"}],"wp:post_type":[{"href":"https:\/\/www.markus-schall.de\/cs\/wp-json\/wp\/v2\/posts?tags=480"}],"curies":[{"name":"wp","href":"https:\/\/api.w.org\/{rel}","templated":true}]}}