{"id":484,"count":24,"description":"Bezpe\u010dnostn\u00ed politika je jedn\u00edm ze z\u00e1kladn\u00edch \u00fakol\u016f modern\u00edch st\u00e1t\u016f. Zahrnuje v\u0161echna politick\u00e1, vojensk\u00e1, diplomatick\u00e1 a ekonomick\u00e1 opat\u0159en\u00ed, jejich\u017e c\u00edlem je zajistit stabilitu zem\u011b a jej\u00edch alianc\u00ed. V Evrop\u011b toto t\u00e9ma v posledn\u00edch letech op\u011bt nabylo na v\u00fdznamu. V\u00e1lky v bezprost\u0159edn\u00edm sousedstv\u00ed, geopolitick\u00e9 nap\u011bt\u00ed mezi hlavn\u00edmi mocnostmi a nov\u00e9 hrozby v digit\u00e1ln\u00edm prostoru vedly k tomu, \u017ee se o ot\u00e1zk\u00e1ch obrany, alian\u010dn\u00ed politiky a strategick\u00e9 spolupr\u00e1ce diskutuje intenzivn\u011bji ne\u017e po dlouhou dobu. Bezpe\u010dnostn\u00ed politika se net\u00fdk\u00e1 pouze arm\u00e1dy a vl\u00e1d. Ovliv\u0148uje tak\u00e9 spole\u010dnost, hospod\u00e1\u0159stv\u00ed a demokratick\u00e9 instituce - od dod\u00e1vek energie a mezin\u00e1rodn\u00edch obchodn\u00edch vztah\u016f a\u017e po politick\u00e9 vzd\u011bl\u00e1v\u00e1n\u00ed a ve\u0159ejnou diskusi.","link":"https:\/\/www.markus-schall.de\/cs\/den\/bezpecnostni-politika\/","name":"Bezpe\u010dnostn\u00ed politika","slug":"bezpecnostni-politika","taxonomy":"post_tag","meta":[],"_links":{"self":[{"href":"https:\/\/www.markus-schall.de\/cs\/wp-json\/wp\/v2\/tags\/484","targetHints":{"allow":["GET"]}}],"collection":[{"href":"https:\/\/www.markus-schall.de\/cs\/wp-json\/wp\/v2\/tags"}],"about":[{"href":"https:\/\/www.markus-schall.de\/cs\/wp-json\/wp\/v2\/taxonomies\/post_tag"}],"wp:post_type":[{"href":"https:\/\/www.markus-schall.de\/cs\/wp-json\/wp\/v2\/posts?tags=484"}],"curies":[{"name":"wp","href":"https:\/\/api.w.org\/{rel}","templated":true}]}}