{"id":3521,"date":"2025-11-15T10:07:31","date_gmt":"2025-11-15T10:07:31","guid":{"rendered":"https:\/\/www.markus-schall.de\/?p=3521"},"modified":"2026-05-01T04:38:20","modified_gmt":"2026-05-01T04:38:20","slug":"where-does-sars-cov-2-come-from-a-factual-overview-of-all-corona-theories","status":"publish","type":"post","link":"https:\/\/www.markus-schall.de\/en\/2025\/11\/woher-stammt-sars-cov-2-ein-sachlicher-ueberblick-ueber-alle-corona-theorien\/","title":{"rendered":"Where does SARS-CoV-2 come from? A factual overview of all corona theories"},"content":{"rendered":"<p>Als die ersten Berichte \u00fcber eine ungew\u00f6hnliche Lungenkrankheit in Wuhan auftauchten, war das f\u00fcr die meisten von uns nur eine Randnotiz. Ein neuer Erreger, irgendwo in China &#8211; so etwas h\u00f6rte man ab und zu. Doch innerhalb weniger Wochen ver\u00e4nderte sich die Lage dramatisch. Grenzen schlossen, Schulen machten dicht, Veranstaltungen fielen aus. Es herrschte Verunsicherung, und pl\u00f6tzlich betraf dieses Virus alle &#8211; ganz unmittelbar.<\/p>\n<p>Mit etwas Abstand sp\u00fcrt man heute, dass unter der Oberfl\u00e4che noch vieles arbeitet. Viele Menschen haben das Gef\u00fchl, dass damals nicht alles offen, nicht alles klar und nicht alles vollst\u00e4ndig kommuniziert wurde. Wer versucht, objektive Informationen \u00fcber den Ursprung des Virus zu finden, st\u00f6\u00dft schnell auf Widerspr\u00fcche, L\u00fccken und gegens\u00e4tzliche Darstellungen. Genau aus diesem Grund lohnt es sich, das Thema einmal ruhig und in aller Klarheit zu sortieren &#8211; ohne Hast, ohne Polemik, ohne Schubladen.<!--more--><\/p>\n<hr \/>\n\n\t\t\t<div class=\"display-post-types\">\n\n\t\t\t\t\t\t\t<style type=\"text\/css\">\n\t\t\t#dpt-wrapper-242 { --dpt-text-align: left;--dpt-image-crop: center;--dpt-border-radius: 5px;--dpt-h-gutter: 10px;--dpt-v-gutter: 9px; }\t\t\t<\/style>\n\t\t\t<style type=\"text\/css\">#dpt-wrapper-242 { --dpt-title-font-style:normal;--dpt-title-font-weight:600;--dpt-title-line-height:1.5;--dpt-title-text-decoration:none;--dpt-title-text-transform:none;--dpt-excerpt-font-style:normal;--dpt-excerpt-font-weight:400;--dpt-excerpt-line-height:1.5;--dpt-excerpt-text-decoration:none;--dpt-excerpt-text-transform:none;--dpt-meta1-font-style:normal;--dpt-meta1-font-weight:400;--dpt-meta1-line-height:1.9;--dpt-meta1-text-decoration:none;--dpt-meta1-text-transform:none;--dpt-meta2-font-style:normal;--dpt-meta2-font-weight:400;--dpt-meta2-line-height:1.9;--dpt-meta2-text-decoration:none;--dpt-meta2-text-transform:none; }<\/style><div class=\" dpt-main-header\">\n\t\t\t\t\t\t<div class=\"dpt-main-title\">\n\t\t\t\t\t\t\t<span class=\"dpt-main-title-text\">Aktuelle Gesundheitsthemen<\/span>\n\t\t\t\t\t\t<\/div>\n\t\t\t\t\t\t\n\t\t\t\t\t\t\n\t\t\t\t\t\t\n\t\t\t\t\t\t<\/div>\t\t\t\n\t\t\t\t<div id=\"dpt-wrapper-242\" class=\"dpt-wrapper dpt-mag1 land1 dpt-cropped dpt-flex-wrap\" >\n\n\t\t\t\t\t\t\t\t\t\t\t<div class=\"dpt-entry has-thumbnail\" data-title=\"stress ist keine naturgewalt &#8211; wie man sich freir\u00e4ume zur\u00fcckholt, schritt f\u00fcr schritt\" data-id=\"3152\"  data-category=\"allgemein gesellschaft gesundheit tipps &amp; anleitungen\" data-post_tag=\"cmd erfahrungen gesundheit krisen pers\u00f6nlichkeitsentwicklung prozesse ratgeber\">\n\t\t\t\t\t\t\t<div class=\"dpt-entry-wrapper\"><div class=\" dpt-featured-content\"><div class=\" dpt-permalink\"><a href=\"https:\/\/www.markus-schall.de\/en\/2025\/10\/stress-ist-keine-naturgewalt-wie-man-sich-freiraeume-zurueckholt-schritt-fuer-schritt\/\" class=\"dpt-permalink\"><span class=\"screen-reader-text\">Stress ist keine Naturgewalt &#8211; Wie man sich Freir\u00e4ume zur\u00fcckholt, Schritt f\u00fcr Schritt<\/span><\/a><\/div><div class=\" dpt-thumbnail\"><div class=\"dpt-thumbnail-inner\"><img width=\"1024\" height=\"683\" class=\"attachment-full size-full\" alt=\"Stress ist keine Naturgewalt\" context=\"dpt\" data-dpt-src=\"https:\/\/www.markus-schall.de\/wp-content\/uploads\/stress-naturgewalt-titel.jpg\" data-dpt-sizes=\"(max-width: 1024px) 100vw, 1024px\" data-dpt-srcset=\"https:\/\/www.markus-schall.de\/wp-content\/uploads\/stress-naturgewalt-titel.jpg 1024w, https:\/\/www.markus-schall.de\/wp-content\/uploads\/stress-naturgewalt-titel-300x200.jpg 300w, https:\/\/www.markus-schall.de\/wp-content\/uploads\/stress-naturgewalt-titel-768x512.jpg 768w, https:\/\/www.markus-schall.de\/wp-content\/uploads\/stress-naturgewalt-titel-18x12.jpg 18w\" \/><\/div><span class=\"dpt-thumbnail-aspect-ratio\" style=\"padding-top: 75%\"><\/span><\/div><\/div><div class=\" sub-entry\"><h3 class=\" dpt-title\"><a class=\"dpt-title-link\" href=\"https:\/\/www.markus-schall.de\/en\/2025\/10\/stress-ist-keine-naturgewalt-wie-man-sich-freiraeume-zurueckholt-schritt-fuer-schritt\/\" rel=\"bookmark\">Stress ist keine Naturgewalt &#8211; Wie man sich Freir\u00e4ume zur\u00fcckholt, Schritt f\u00fcr Schritt<\/a><\/h3><\/div><\/div>\n\t\t\t\t\t\t<\/div><!-- .dpt-entry -->\n\t\t\t\t\t\t\t\t\t\t\t\t<div class=\"dpt-entry has-thumbnail\" data-title=\"lithium: das vergessene spurenelement? eine betrachtung zur mikrodosierung\" data-id=\"2908\"  data-category=\"allgemein b\u00fccher gesundheit tipps &amp; anleitungen\" data-post_tag=\"buch cmd erfahrungen gesundheit hypersensibilit\u00e4t\">\n\t\t\t\t\t\t\t<div class=\"dpt-entry-wrapper\"><div class=\" dpt-featured-content\"><div class=\" dpt-permalink\"><a href=\"https:\/\/www.markus-schall.de\/en\/2025\/09\/lithium-das-vergessene-spurenelement-eine-betrachtung-zur-mikrodosierung\/\" class=\"dpt-permalink\"><span class=\"screen-reader-text\">Lithium: Das vergessene Spurenelement? Eine Betrachtung zur Mikrodosierung<\/span><\/a><\/div><div class=\" dpt-thumbnail\"><div class=\"dpt-thumbnail-inner\"><img width=\"1024\" height=\"683\" class=\"attachment-full size-full\" alt=\"Lithium-Orotat in Mikrodosierung\" context=\"dpt\" data-dpt-src=\"https:\/\/www.markus-schall.de\/wp-content\/uploads\/Lithium-Orotat-Mikrodosierung.jpg\" data-dpt-sizes=\"(max-width: 1024px) 100vw, 1024px\" data-dpt-srcset=\"https:\/\/www.markus-schall.de\/wp-content\/uploads\/Lithium-Orotat-Mikrodosierung.jpg 1024w, https:\/\/www.markus-schall.de\/wp-content\/uploads\/Lithium-Orotat-Mikrodosierung-300x200.jpg 300w, https:\/\/www.markus-schall.de\/wp-content\/uploads\/Lithium-Orotat-Mikrodosierung-768x512.jpg 768w, https:\/\/www.markus-schall.de\/wp-content\/uploads\/Lithium-Orotat-Mikrodosierung-18x12.jpg 18w\" \/><\/div><span class=\"dpt-thumbnail-aspect-ratio\" style=\"padding-top: 75%\"><\/span><\/div><\/div><div class=\" sub-entry\"><h3 class=\" dpt-title\"><a class=\"dpt-title-link\" href=\"https:\/\/www.markus-schall.de\/en\/2025\/09\/lithium-das-vergessene-spurenelement-eine-betrachtung-zur-mikrodosierung\/\" rel=\"bookmark\">Lithium: Das vergessene Spurenelement? Eine Betrachtung zur Mikrodosierung<\/a><\/h3><\/div><\/div>\n\t\t\t\t\t\t<\/div><!-- .dpt-entry -->\n\t\t\t\t\t\t\t\t\t\t\t\t<div class=\"dpt-entry has-thumbnail\" data-title=\"entgiften ohne nebenwirkungen? mein erfahrungsbericht mit humins\u00e4uren\" data-id=\"3057\"  data-category=\"allgemein b\u00fccher gesundheit tipps &amp; anleitungen\" data-post_tag=\"buch cmd erfahrungen gesundheit hypersensibilit\u00e4t mcs\">\n\t\t\t\t\t\t\t<div class=\"dpt-entry-wrapper\"><div class=\" dpt-featured-content\"><div class=\" dpt-permalink\"><a href=\"https:\/\/www.markus-schall.de\/en\/2025\/10\/entgiften-ohne-nebenwirkungen-mein-erfahrungsbericht-mit-huminsaeuren\/\" class=\"dpt-permalink\"><span class=\"screen-reader-text\">Entgiften ohne Nebenwirkungen? Mein Erfahrungsbericht mit Humins\u00e4uren<\/span><\/a><\/div><div class=\" dpt-thumbnail\"><div class=\"dpt-thumbnail-inner\"><img width=\"1024\" height=\"683\" class=\"attachment-full size-full\" alt=\"Humins\u00e4uren zur sanften Entgiftung\" context=\"dpt\" data-dpt-src=\"https:\/\/www.markus-schall.de\/wp-content\/uploads\/huminsaeuren-moorboden.jpg\" data-dpt-sizes=\"(max-width: 1024px) 100vw, 1024px\" data-dpt-srcset=\"https:\/\/www.markus-schall.de\/wp-content\/uploads\/huminsaeuren-moorboden.jpg 1024w, https:\/\/www.markus-schall.de\/wp-content\/uploads\/huminsaeuren-moorboden-300x200.jpg 300w, https:\/\/www.markus-schall.de\/wp-content\/uploads\/huminsaeuren-moorboden-768x512.jpg 768w, https:\/\/www.markus-schall.de\/wp-content\/uploads\/huminsaeuren-moorboden-18x12.jpg 18w\" \/><\/div><span class=\"dpt-thumbnail-aspect-ratio\" style=\"padding-top: 75%\"><\/span><\/div><\/div><div class=\" sub-entry\"><h3 class=\" dpt-title\"><a class=\"dpt-title-link\" href=\"https:\/\/www.markus-schall.de\/en\/2025\/10\/entgiften-ohne-nebenwirkungen-mein-erfahrungsbericht-mit-huminsaeuren\/\" rel=\"bookmark\">Entgiften ohne Nebenwirkungen? Mein Erfahrungsbericht mit Humins\u00e4uren<\/a><\/h3><\/div><\/div>\n\t\t\t\t\t\t<\/div><!-- .dpt-entry -->\n\t\t\t\t\t\t\t\t\t\t\t\t<div class=\"dpt-entry has-thumbnail\" data-title=\"cmd &#8211; das vergessene problem der modernen medizin\" data-id=\"2493\"  data-category=\"b\u00fccher gesundheit\" data-post_tag=\"buch cmd gesundheit ratgeber verlag\">\n\t\t\t\t\t\t\t<div class=\"dpt-entry-wrapper\"><div class=\" dpt-featured-content\"><div class=\" dpt-permalink\"><a href=\"https:\/\/www.markus-schall.de\/en\/2025\/08\/cmd-das-vergessene-problem-der-modernen-medizin\/\" class=\"dpt-permalink\"><span class=\"screen-reader-text\">CMD &#8211; Das vergessene Problem der modernen Medizin<\/span><\/a><\/div><div class=\" dpt-thumbnail\"><div class=\"dpt-thumbnail-inner\"><img width=\"1280\" height=\"1812\" class=\"attachment-full size-full\" alt=\"Buch: CMD - Das vergessene Problem der modernen Medizin\" context=\"dpt\" data-dpt-src=\"https:\/\/www.markus-schall.de\/wp-content\/uploads\/Cover-Front.jpg\" data-dpt-sizes=\"(max-width: 1280px) 100vw, 1280px\" data-dpt-srcset=\"https:\/\/www.markus-schall.de\/wp-content\/uploads\/Cover-Front.jpg 1280w, https:\/\/www.markus-schall.de\/wp-content\/uploads\/Cover-Front-212x300.jpg 212w, https:\/\/www.markus-schall.de\/wp-content\/uploads\/Cover-Front-723x1024.jpg 723w, https:\/\/www.markus-schall.de\/wp-content\/uploads\/Cover-Front-768x1087.jpg 768w, https:\/\/www.markus-schall.de\/wp-content\/uploads\/Cover-Front-1085x1536.jpg 1085w, https:\/\/www.markus-schall.de\/wp-content\/uploads\/Cover-Front-8x12.jpg 8w\" \/><\/div><span class=\"dpt-thumbnail-aspect-ratio\" style=\"padding-top: 75%\"><\/span><\/div><\/div><div class=\" sub-entry\"><h3 class=\" dpt-title\"><a class=\"dpt-title-link\" href=\"https:\/\/www.markus-schall.de\/en\/2025\/08\/cmd-das-vergessene-problem-der-modernen-medizin\/\" rel=\"bookmark\">CMD &#8211; Das vergessene Problem der modernen Medizin<\/a><\/h3><\/div><\/div>\n\t\t\t\t\t\t<\/div><!-- .dpt-entry -->\n\t\t\t\t\t\t\n\t\t\t\t<\/div>\n\t\t\t\t\t\t<\/div>\n\t\t\t\n<hr \/>\n<h2>Aktuelle Nachrichten zu SARS-CoV-2<\/h2>\n<p><strong>20.03.2026<\/strong>: Sechs Jahre nach Beginn der Corona-Pandemie zeigt ein aktueller <a href=\"https:\/\/www.diepresse.com\/20668914\/mitreden-sechs-jahre-nach-corona-wuerden-sie-sich-heute-wieder-impfen\" target=\"_blank\" rel=\"nofollow noopener\"><strong>Mitmach-Artikel auf <em>Die Presse<\/em><\/strong><\/a>, wie stark das Thema Impfung weiterhin polarisiert. W\u00e4hrend die Impfkampagne damals als Schl\u00fcssel zur R\u00fcckkehr in die Normalit\u00e4t galt, ist die Bewertung heute deutlich differenzierter. Viele Menschen blicken mit gemischten Gef\u00fchlen zur\u00fcck: Einige sehen ihre Entscheidung best\u00e4tigt, andere \u00e4u\u00dfern Skepsis gegen\u00fcber politischen Ma\u00dfnahmen und Kommunikation. Im Zentrum steht weniger die medizinische Frage als vielmehr das Vertrauen &#8211; in Beh\u00f6rden, Medien und Wissenschaft. Der Artikel l\u00e4dt Leser bewusst dazu ein, ihre eigene Haltung zu reflektieren: W\u00fcrden Sie sich heute noch einmal impfen lassen? Die Antworten darauf fallen offenbar sehr unterschiedlich aus &#8211; und zeigen, dass die gesellschaftliche Aufarbeitung der Pandemie l\u00e4ngst nicht abgeschlossen ist.<\/p>\n<p><strong>23.02.2026<\/strong>: Wie die Berliner Zeitung berichtet, stellen f\u00fcnf Chemiker dem Robert-Koch-Institut (RKI) <a href=\"https:\/\/www.berliner-zeitung.de\/wirtschaft-verantwortung\/nord-stream\/neue-fragen-an-das-rki-war-der-pcr-test-fuer-corona-untauglich-li.10019606\" target=\"_blank\" rel=\"noopener\"><strong>neue Fragen zur Aussagekraft des PCR-Tests<\/strong><\/a> auf SARS-CoV-2. Eine k\u00fcrzlich ver\u00f6ffentlichte wissenschaftliche Arbeit wertet Daten von PCR- und IgG-Antik\u00f6rpertests aus und kommt zu dem Ergebnis, dass nur rund 14 Prozent der PCR-positiv Getesteten tats\u00e4chlich eine durchgemachte Infektion aufweisen sollen. Nach Ansicht der Autoren zeigen hohe Ct-Werte h\u00e4ufig nur virale Tr\u00fcmmer, nicht aber eine aktive Infektion. Die Chemiker fordern vom RKI Antworten darauf, warum der PCR-Test weiter als Standard verwendet wurde und ob viele Menschen zu Unrecht als \u201einfiziert\u201c eingestuft wurden.<\/p>\n<p><strong>10.01.2026<\/strong>: Ein aktueller <a href=\"https:\/\/www.berliner-zeitung.de\/news\/robert-f-kennedy-schreibt-brief-an-nina-warken-prozesse-gegen-aerzte-nach-corona-pandemie-li.10013507\" target=\"_blank\" rel=\"noopener\"><strong>Bericht der Berliner Zeitung<\/strong><\/a> thematisiert einen offenen Brief von Robert F. Kennedy Jr., in dem er sich direkt an die Bundestagsabgeordnete Nina Warken wendet. Kennedy fordert unter anderem Aufarbeitung und m\u00f6gliche Verfahren gegen Mediziner im Zusammenhang mit der Corona-Pandemie. Der Beitrag zitiert Kennedys Schreiben und bindet zudem den originalen Tweet mit Video ein, in dem der Brief kommuniziert wird. Diese Entwicklung wirft einmal mehr grunds\u00e4tzliche Fragen nach Verantwortung, Rechtsstaatlichkeit und medizinischer Bewertung auf &#8211; und kn\u00fcpft zugleich an unseren bestehenden Corona-Artikel an. Deshalb wird der Hintergrundartikel nun um diesen aktuellen Fall erg\u00e4nzt, um Einordnungen zu juristischen Prozessen, \u00f6ffentlichen Erwartungen und den Grenzen von Kritik und rechtlicher Bewertung im Pandemiekontext aufzunehmen.<\/p>\n<hr \/>\n<h2>Warum ich diesen Artikel schreibe &#8211; ein pers\u00f6nlicher Hintergrund<\/h2>\n<p>Ich erinnere mich gut daran, wie ich in den Monaten vor <a href=\"https:\/\/www.bundesgesundheitsministerium.de\/coronavirus.html\" target=\"_blank\" rel=\"noopener\">Corona<\/a> ein Interview mit Karl Lauterbach gesehen hatte. Er sprach damals \u00fcber mRNA-Impfstoffe &#8211; noch bevor das Wort \u201eCorona\u201c \u00fcberhaupt eine Bedeutung hatte. In diesem Gespr\u00e4ch wirkte er durchaus optimistisch, aber auch vorsichtig. Er sagte sinngem\u00e4\u00df, mRNA-Technologie sei vielversprechend, aber noch nicht ausgereift. Die Nebenwirkungen seien noch zu erheblich, und er rechne damit, dass es mindestens zehn Jahre dauern werde, bis so etwas marktreif sei. Dieses Interview war \u00fcbrigens kurze Zeit sp\u00e4ter und ist bis heute in der Mediathek und auf Youtube nicht mehr auffindbar.<\/p>\n<p>Kein halbes Jahr sp\u00e4ter war pl\u00f6tzlich alles anders. Dann kam die Pandemie, und wenige Monate danach standen genau diese Impfstoffe mit einer Notfallzulassung bereit. F\u00fcr viele Menschen war das logisch: Forschung k\u00f6nne sich beschleunigen, wenn genug Druck, Geld und Ressourcen vorhanden sind. F\u00fcr mich pers\u00f6nlich f\u00fchlte es sich dagegen wie ein Bruch in der Erz\u00e4hlung an &#8211; und ich habe f\u00fcr mich entschieden, Abstand von dieser Impfung zu nehmen.<\/p>\n<p>Das Virus hat mich trotzdem erwischt, wahrscheinlich in einer der sp\u00e4teren Varianten. Es war unangenehm, aber es ist vor\u00fcbergegangen. Was mich damals allerdings besonders besch\u00e4ftigt hat: Meine Kinder hatten nicht dieselbe Wahl. In vielen Schulen lief es darauf hinaus, dass Kinder ohne Impfung kaum an bestimmten Aktivit\u00e4ten teilnehmen konnten. Ich erinnere mich noch gut, wie ich zu meiner Ex-Frau gefahren bin und versucht habe, Einfluss zu nehmen &#8211; nicht aus Trotz, sondern aus Sorge. Es hat leider nicht funktioniert, weil zu viel staatlicher Druck aufgebaut wurde.<\/p>\n<p>Ich erz\u00e4hle das aus einem einfachen Grund: Dieses Thema betrifft mich pers\u00f6nlich. Und ich glaube, es betrifft viele Menschen auf sehr \u00e4hnliche Weise. Die Pandemie war nicht nur ein medizinisches Ereignis &#8211; sie war eine Erfahrung, die tief in Familien, Entscheidungen und Beziehungen hineingewirkt hat.<\/p>\n<p>Wenn man das ber\u00fccksichtigt, ist es verst\u00e4ndlich, dass Fragen nach dem Ursprung des Virus so oft mit starken Emotionen verbunden sind. Dennoch &#8211; oder gerade deshalb &#8211; ist es wichtig, dar\u00fcber ruhig, klar und respektvoll zu sprechen.<\/p>\n<h3>Warum die Herkunft eines Virus weit mehr ist als eine akademische Frage<\/h3>\n<p>Man k\u00f6nnte versucht sein zu sagen: <em>\u201eEs ist doch egal, woher es kommt &#8211; es ist passiert.\u201c<\/em> Aber so einfach ist es nicht. Je nachdem, woher SARS-CoV-2 stammt, ergeben sich v\u00f6llig unterschiedliche Schlussfolgerungen f\u00fcr die Zukunft:<\/p>\n<ul>\n<li><strong>Nat\u00fcrlicher Ursprung (Zoonose)<\/strong>: Dann muss man dar\u00fcber sprechen, wie wir mit Wildtierm\u00e4rkten, globalem Handel und Tierhaltung umgehen. Welche Schnittstellen zwischen Mensch und Tier f\u00f6rdern solche Spr\u00fcnge? Welche Bedingungen beg\u00fcnstigen sie?<\/li>\n<li><strong>Laborunfall<\/strong>: Dann m\u00fcssen wir \u00fcber Biosicherheit reden. \u00dcber Transparenz in Forschungseinrichtungen. \u00dcber Regeln, Standards und Kontrollmechanismen.<\/li>\n<li><strong>Gezielte Laborerzeugung oder Manipulation<\/strong>: Dann geht es um grunds\u00e4tzliche ethische Fragen: Wie weit darf Forschung gehen? Wer entscheidet dar\u00fcber? Und welche Sicherungssysteme braucht eine moderne Gesellschaft?<\/li>\n<\/ul>\n<p>So oder so: Die Herkunft ist keine Nebensache, sondern ein Schl\u00fcsselfaktor f\u00fcr zuk\u00fcnftige Entscheidungen.<\/p>\n<h3>Vertrauen &#8211; und die Wunden, die bis heute bleiben<\/h3>\n<p>Was vielen bis heute nachh\u00e4ngt, ist das Gef\u00fchl, dass in der \u00f6ffentlichen Kommunikation nicht alles offen ausgesprochen wurde. Menschen sp\u00fcren, wenn Dinge verwischt werden. Sie merken, wenn bestimmte Fragen nicht willkommen sind. Und sie haben ein sehr genaues Gesp\u00fcr daf\u00fcr, wenn Informationen nicht sauber voneinander getrennt werden &#8211; etwa wenn Meinung und Fakt ineinanderflie\u00dfen.<\/p>\n<p>Gerade beim Ursprung von SARS-CoV-2 wurde vieles fr\u00fch festgelegt, obwohl die Datenlage l\u00fcckenhaft war. Kritiker wurden teilweise nicht sachlich widerlegt, sondern schlicht aussortiert. Das schafft kein Vertrauen, sondern Distanz. Und diese Distanz wirkt bis heute. Deshalb geht es in diesem Artikel nicht darum, \u201eRecht zu haben\u201c, sondern Licht in ein Thema zu bringen, das von Anfang an stark aufgeladen war.<\/p>\n<hr \/>\n<h3>Aktuelle Umfrage zum Vertrauen in die Politik<\/h3>\n<div class='bootstrap-yop yop-poll-mc'>\n\t\t\t\t\t\t\t<div class=\"basic-yop-poll-container\" style=\"background-color:#ffffff; border:0px; border-style:solid; border-color:#000000; border-radius:5px; padding:0px 5px;\" data-id=\"1\" data-temp=\"basic-pretty\" data-skin=\"square\" data-cscheme=\"blue\" data-cap=\"0\" data-access=\"guest\" data-tid=\"\" data-uid=\"1e6439c3e4ef82a9b379aec9a1bd3611\" data-pid=\"2493\" data-resdet=\"votes-number,percentages\" data-show-results-to=\"guest\" data-show-results-moment=\"after-vote\" data-show-results-only=\"false\" data-show-message=\"true\" data-show-results-as=\"bar\" data-sort-results-by=\"as-defined\" data-sort-results-rule=\"asc\"data-is-ended=\"0\" data-percentages-decimals=\"2\" data-gdpr=\"no\" data-gdpr-sol=\"consent\" data-css=\"\" data-counter=\"0\" data-load-with=\"1\" data-notification-section=\"top\"><div class=\"row\"><div class=\"col-md-12\"><div class=\"basic-inner\"><div class=\"basic-message hide\" style=\"border-left: 10px solid #008000; padding: 0px 10px;\" data-error=\"#ff0000\" data-success=\"#008000\"><p class=\"basic-message-text\" style=\"color:#000000; font-size:14px; font-weight:normal;\"><\/p><\/div><div class=\"basic-overlay hide\"><div class=\"basic-vote-options\"><\/div><div class=\"basic-preloader\"><div class=\"basic-windows8\"><div class=\"basic-wBall basic-wBall_1\"><div class=\"basic-wInnerBall\"><\/div><\/div><div class=\"basic-wBall basic-wBall_2\"><div class=\"basic-wInnerBall\"><\/div><\/div><div class=\"basic-wBall basic-wBall_3\"><div class=\"basic-wInnerBall\"><\/div><\/div><div class=\"basic-wBall basic-wBall_4\"><div class=\"basic-wInnerBall\"><\/div><\/div><div class=\"basic-wBall basic-wBall_5\"><div class=\"basic-wInnerBall\"><\/div><\/div><\/div><\/div><\/div><form class=\"basic-form\"><input type=\"hidden\" name=\"_token\" value=\"6e0dc479df\" autocomplete=\"off\"><div class=\"basic-elements\"><div class=\"basic-element basic-question basic-question-text-vertical\" data-id=\"1\" data-uid=\"01a277dff8e3054b317f7771f4594f70\" data-type=\"question\" data-question-type=\"text\" data-required=\"yes\" data-allow-multiple=\"no\" data-min=\"1\" data-max=\"1\" data-display=\"vertical\" data-colnum=\"\" data-display-others=\"no\" data-others-color=\"\" data-others=\"\" data-others-max-chars=\"0\"><div class=\"basic-question-title\"><h5 style=\"color:#000000; font-size:16px; font-weight:normal; text-align:left;\">Wie gro\u00df ist Dein Vertrauen in Politik und Medien in Deutschland?<\/h5><\/div><ul class=\"basic-answers\"><li class=\"basic-answer\" style=\"padding:0px 0px;\" data-id=\"1\" data-type=\"text\" data-vn=\"13\" data-color=\"#000000\" data-make-link=\"no\" data-link=\"\"><div class=\"basic-answer-content basic-text-vertical\"><label for=\"answer[1]\" class=\"basic-answer-label\"><input type=\"radio\" id=\"answer[1]\" name=\"answer[1]\" value=\"1\"><span class=\"basic-text\" style=\"color: #000000; font-size: 14px; font-weight: normal;\">Sehr hoch \u2013 Ich vertraue den offiziellen Stellen uneingeschr\u00e4nkt<\/span><\/label><\/div><\/li><li class=\"basic-answer\" style=\"padding:0px 0px;\" data-id=\"2\" data-type=\"text\" data-vn=\"35\" data-color=\"#000000\" data-make-link=\"no\" data-link=\"\"><div class=\"basic-answer-content basic-text-vertical\"><label for=\"answer[2]\" class=\"basic-answer-label\"><input type=\"radio\" id=\"answer[2]\" name=\"answer[1]\" value=\"2\"><span class=\"basic-text\" style=\"color: #000000; font-size: 14px; font-weight: normal;\">Mittel \u2013 Ich bin vorsichtig, aber nicht grunds\u00e4tzlich misstrauisch<\/span><\/label><\/div><\/li><li class=\"basic-answer\" style=\"padding:0px 0px;\" data-id=\"3\" data-type=\"text\" data-vn=\"65\" data-color=\"#000000\" data-make-link=\"no\" data-link=\"\"><div class=\"basic-answer-content basic-text-vertical\"><label for=\"answer[3]\" class=\"basic-answer-label\"><input type=\"radio\" id=\"answer[3]\" name=\"answer[1]\" value=\"3\"><span class=\"basic-text\" style=\"color: #000000; font-size: 14px; font-weight: normal;\">Gering \u2013 Ich \u00fcberpr\u00fcfe vieles selbst<\/span><\/label><\/div><\/li><li class=\"basic-answer\" style=\"padding:0px 0px;\" data-id=\"4\" data-type=\"text\" data-vn=\"276\" data-color=\"#000000\" data-make-link=\"no\" data-link=\"\"><div class=\"basic-answer-content basic-text-vertical\"><label for=\"answer[4]\" class=\"basic-answer-label\"><input type=\"radio\" id=\"answer[4]\" name=\"answer[1]\" value=\"4\"><span class=\"basic-text\" style=\"color: #000000; font-size: 14px; font-weight: normal;\">Kaum vorhanden \u2013 Ich glaube, dass vieles verschleiert oder inszeniert ist<\/span><\/label><\/div><\/li><\/ul><\/div><div class=\"clearfix\"><\/div><\/div><div class=\"basic-vote\"><a href=\"#\" class=\"button basic-vote-button\" role=\"button\" style=\"background:#027bb8; border:0px; border-style: solid; border-color:#1636f0; border-radius:5px; padding:10px 10px; color:#ffffff; font-size:14px; font-weight:normal;\">Abstimmen<\/a><\/div><\/form><\/div><\/div><\/div><\/div>\n\t\t\t\t\t\t<\/div>\n<hr \/>\n<h3>Warum dieser Artikel mehrere Sichtweisen nebeneinanderstellt<\/h3>\n<p>\u00dcber den nat\u00fcrlichen Ursprung gibt es viele Texte. Man findet ihn bei Nachrichtenportalen, in Leitmedien, in offiziellen Stellungnahmen. Andere Sichtweisen werden dagegen meist nur am Rand erw\u00e4hnt &#8211; oder in einem Tonfall, der eher abwertend als sachlich ist.<\/p>\n<p>Aber die Realit\u00e4t ist nun einmal: Es gibt mehrere ernstzunehmende Hypothesen zum Ursprung. Mit unterschiedlichen Argumenten, St\u00e4rken und Schw\u00e4chen. Dieser Artikel stellt deshalb:<\/p>\n<ul>\n<li>die traditionelle Sichtweise,<\/li>\n<li>die Laborunfall-Hypothese,<\/li>\n<li>die These einer gezielten Laborerzeugung,<\/li>\n<\/ul>\n<p>sowie die politisch gef\u00e4rbten Randtheorien sauber nebeneinander. Ich werte nichts und ich verteidige nichts. Ich beschreibe nur, was die jeweiligen Gruppen sagen und warum. Jeder Leser kann danach seine eigene Einsch\u00e4tzung treffen.<\/p>\n<h3>Ein ruhiger Einstieg in ein schwieriges Thema<\/h3>\n<p>Die Pandemie war ein Einschnitt. Viele haben pers\u00f6nliche Verluste erlebt, wirtschaftliche Sorgen gehabt oder Entscheidungen treffen m\u00fcssen, die sie innerlich zerrissen haben. All das geh\u00f6rt zur Geschichte dieses Virus &#8211; und all das erkl\u00e4rt, warum es sich lohnt, beim Thema Ursprung besonders sorgf\u00e4ltig und respektvoll vorzugehen.<\/p>\n<p>Im n\u00e4chsten Kapitel steigen wir deshalb sanft in die erste gro\u00dfe Sichtweise ein: die Annahme eines nat\u00fcrlichen Ursprungs, wie sie traditionell in der Virologie vertreten wird. Von dort aus bewegen wir uns Schritt f\u00fcr Schritt weiter &#8211; bis hin zu den Laborhypothesen, die in der \u00f6ffentlichen Debatte oft nur am Rande vorkommen.<\/p>\n<p><img loading=\"lazy\" decoding=\"async\" class=\"size-large wp-image-3528 alignnone\" src=\"https:\/\/www.markus-schall.de\/wp-content\/uploads\/corona-fledermaus.jpg\" alt=\"Klassische Erkl\u00e4rungen: Zoonose\" width=\"1024\" height=\"683\" srcset=\"https:\/\/www.markus-schall.de\/wp-content\/uploads\/corona-fledermaus.jpg 1024w, https:\/\/www.markus-schall.de\/wp-content\/uploads\/corona-fledermaus-300x200.jpg 300w, https:\/\/www.markus-schall.de\/wp-content\/uploads\/corona-fledermaus-768x512.jpg 768w, https:\/\/www.markus-schall.de\/wp-content\/uploads\/corona-fledermaus-18x12.jpg 18w\" sizes=\"auto, (max-width: 1024px) 100vw, 1024px\" \/><\/p>\n<h2>Die klassischen Erkl\u00e4rungen: Nat\u00fcrlicher Ursprung (Zoonose)<\/h2>\n<p>In der traditionellen Virologie gibt es eine naheliegende Grundannahme: Viren, die erstmals beim Menschen auftreten, kommen meist aus dem Tierreich. Das war bei vielen bekannten Infektionskrankheiten so &#8211; und genau mit dieser Brille wurde auch SARS-CoV-2 von Beginn an betrachtet. In diesem Kapitel schauen wir uns an, wie diese klassische Erkl\u00e4rung funktioniert,\u00a0welche Argumente daf\u00fcr sprechen, aber auch, wo diese Argumentation schwach wird oder offen bleibt.<\/p>\n<h3>Was mit \u201enat\u00fcrlichem Ursprung\u201c gemeint ist<\/h3>\n<p>Wenn Fachleute von einem \u201enat\u00fcrlichen Ursprung\u201c oder einer Zoonose sprechen, meinen sie im Grunde Folgendes: Ein Virus zirkuliert zun\u00e4chst in einer Tierpopulation &#8211; oft unbemerkt. Unter bestimmten Bedingungen gelangt es auf den Menschen, etwa durch:<\/p>\n<ul>\n<li>Kontakt mit Wildtieren (Jagd, M\u00e4rkte, Zucht),<\/li>\n<li>Tierhaltung (Mastbetriebe, Pelzfarms),<\/li>\n<li>oder Mischformen (z. B. lebende Wildtiere auf M\u00e4rkten).<\/li>\n<\/ul>\n<p>Manchmal ist dieser \u00dcbergang ein \u201etoter Ast\u201c &#8211; das Virus springt kurz \u00fcber, kann sich aber nicht gut zwischen Menschen verbreiten. In seltenen F\u00e4llen gelingt der \u201eSprung mit Anschluss\u201c: Das Virus kann sich von Mensch zu Mensch weiterverbreiten, mutiert und passt sich an &#8211; eine neue menschliche Infektionskrankheit entsteht.<\/p>\n<p>So ist es bei SARS-1 (2002\/2003) wahrscheinlich \u00fcber Schleichkatzen, bei MERS \u00fcber Kamele und bei anderen Erregern \u00fcber verschiedene Wildtierarten gelaufen. F\u00fcr viele Virologen war daher zun\u00e4chst naheliegend:<\/p>\n<blockquote><p><em>\u201eSARS-CoV-2 wird vermutlich denselben Weg genommen haben, nur eben \u00fcber andere Tierarten.\u201c<\/em><\/p><\/blockquote>\n<h3>Argument 1: Die N\u00e4he zu bekannten Fledermaus-Coronaviren<\/h3>\n<p>Ein zentrales Argument f\u00fcr den nat\u00fcrlichen Ursprung ist die <a href=\"https:\/\/pmc.ncbi.nlm.nih.gov\/articles\/PMC9420317\/\" target=\"_blank\" rel=\"noopener\"><strong>genetische Verwandtschaft<\/strong><\/a>. Wenn man das Erbgut von SARS-CoV-2 mit anderen bekannten Coronaviren vergleicht, sieht man:<\/p>\n<p>Es gibt Fledermaus-Coronaviren, die sehr \u00e4hnlich sind, z. B. aus Regionen in China und S\u00fcdostasien. Zwischen diesen Viren und SARS-CoV-2 bestehen Unterschiede &#8211; aber eben in einem Rahmen, den man als Ergebnis nat\u00fcrlicher Evolution verstehen kann. Aus Sicht vieler Forscher spricht das daf\u00fcr, dass SARS-CoV-2 kein v\u00f6llig \u201efremdes\u201c Konstrukt ist, sondern in eine bekannte Linie von Coronaviren passt. Die Idee ist also:<\/p>\n<p>Es gab irgendwo in der Natur eine Fledermaus-Population mit SARS-\u00e4hnlichen Viren. Durch Mutationen und Kreuzungen (Rekombination) entstand ein Virus, das &#8211; mit oder ohne Zwischenwirt &#8211; auf den Menschen \u00fcberging.<\/p>\n<p><strong>Wo dieses Argument stark ist:<\/strong><\/p>\n<ul>\n<li>Wir wissen, dass Flederm\u00e4use ein gro\u00dfes Reservoir f\u00fcr Coronaviren sind.<\/li>\n<li>Wir kennen tats\u00e4chlich Viren, die \u00e4hnlich aufgebaut sind.<\/li>\n<li>Es ist nichts grundlegend \u201eUnnat\u00fcrliches\u201c an der Gesamtstruktur des Virus &#8211; es passt in die Familie der Coronaviren.<\/li>\n<\/ul>\n<p><strong>Wo dieses Argument schw\u00e4cher wird:<\/strong><\/p>\n<p>Trotz intensiver Suche wurde bisher kein eindeutiges \u201eMuttervirus\u201c gefunden, das SARS-CoV-2 bis auf wenige Nuancen erkl\u00e4rt. Es gibt L\u00fccken: Man kann den Weg nur grob nachzeichnen, aber nicht konkret sagen: \u201eHier, genau diese Fledermaus, dieser Stall, dieser Markt.\u201c Kritiker sagen: <em>\u201eDass es \u00e4hnliche Viren gibt, hei\u00dft noch nicht, dass genau dieses Virus nat\u00fcrlich entstanden ist. Es zeigt nur, dass die Familie gro\u00df ist.\u201c<\/em><\/p>\n<h3>Argument 2: Parallelen zu fr\u00fcheren Ausbr\u00fcchen (SARS, MERS &amp; Co.)<\/h3>\n<p>Ein weiterer Baustein der klassischen Erkl\u00e4rung ist der <a href=\"https:\/\/www.cell.com\/cell\/fulltext\/S0092-8674%2821%2900991-0\" target=\"_blank\" rel=\"noopener\"><strong>Blick in die Vergangenheit<\/strong><\/a>. Beim ersten SARS-Ausbruch Anfang der 2000er Jahre wurden sp\u00e4ter Tiere identifiziert (z. B. Schleichkatzen), die das Virus vermutlich als Zwischenwirt trugen. Bei MERS zeigt vieles auf Dromedare als wichtiges Reservoir. Auch andere Viren (z. B. Influenzaviren) sind in der Geschichte immer wieder aus Tierbest\u00e4nden heraus auf den Menschen \u00fcbergesprungen. Die Logik dahinter ist einfach: Wir haben es schon oft so gesehen &#8211; also ist es naheliegend, dass es sich auch diesmal \u00e4hnlich verh\u00e4lt.<\/p>\n<p><strong>St\u00e4rke dieses Arguments:<\/strong><\/p>\n<p>Es st\u00fctzt sich auf historische Erfahrung und viele belegte Beispiele. Es zeigt: Zoonotische Spr\u00fcnge sind nichts Exotisches, sondern eher der Normalfall.<\/p>\n<p><strong>Schw\u00e4che des Arguments:<\/strong><\/p>\n<p>Es ist im Kern ein Analogieschluss: \u201eFr\u00fcher war es so, also wahrscheinlich jetzt auch\u201c. Ob die Parallele wirklich stimmt, h\u00e4ngt davon ab, ob man konkrete Belege findet &#8211; und daran hakt es bis heute. Kritiker sagen: <em>\u201eNur weil etwas in der Vergangenheit \u00e4hnlich ablief, hei\u00dft das nicht automatisch, dass es diesmal genauso war &#8211; zumal es hier um eine Stadt geht, in der auch Hochsicherheitslabore an genau solchen Viren arbeiten.\u201c<\/em><\/p>\n<h3>Argument 3: Die fr\u00fchen F\u00e4lle und der Huanan-Markt<\/h3>\n<p>In vielen Darstellungen wird der <a href=\"https:\/\/www.nature.com\/articles\/s41586-023-06043-2\" target=\"_blank\" rel=\"noopener\"><strong>Huanan-Seafood-Markt in Wuhan<\/strong><\/a> als m\u00f6glicher Ausgangspunkt genannt. Das klassische Argument: Viele der fr\u00fchen bekannten F\u00e4lle hatten eine Verbindung zu diesem Markt. Auf dem Markt wurden neben Fisch auch andere Tiere gehandelt &#8211; darunter Arten, die als m\u00f6gliche Zwischenwirte in Frage kommen (z. B. Marderhunde). Sp\u00e4ter fand man auf Proben aus dem Markt sowohl Spuren von SARS-CoV-2 als auch tierische genetische Materialien.<\/p>\n<p>Das Bild, das sich daraus ergibt: Ein Markt, auf dem verschiedene Tierarten eng aufeinandertreffen, in einer Gro\u00dfstadt, in der viele Menschen unterwegs sind &#8211; ein idealer Ort f\u00fcr einen Zoonose-Sprung.<\/p>\n<p><strong>St\u00e4rke dieses Arguments:<\/strong><\/p>\n<ul>\n<li>Es gibt eine klare r\u00e4umliche H\u00e4ufung ganz am Anfang der bekannten F\u00e4lle.<\/li>\n<li>M\u00e4rkte mit lebenden Tieren gelten aus fr\u00fcheren Epidemien als \u201eHotspots\u201c f\u00fcr neue Infektionen.<\/li>\n<li>Die Vermischung vieler Arten auf engem Raum ist aus biologischer Sicht problematisch.<\/li>\n<\/ul>\n<p><strong>Schw\u00e4che des Arguments:<\/strong><\/p>\n<p>Der Markt kann auch ein Verst\u00e4rker gewesen sein &#8211; nicht unbedingt der Ursprung. Das hei\u00dft: Jemand infiziert kommt auf den Markt, steckt dort viele an, und dann sieht es im Nachhinein so aus, als w\u00e4re der Markt der Ausgangspunkt gewesen. Bis heute wurde kein eindeutig infiziertes Tier als Ursprung identifiziert. Es gibt Spuren, aber keine \u201erauchende Pistole\u201c. Kritiker betonen: <em>\u201eEs ist auff\u00e4llig, dass man sich sehr stark auf den Markt konzentriert hat, w\u00e4hrend andere m\u00f6gliche Anfangsorte &#8211; z. B. Labore &#8211; deutlich weniger offen untersucht wurden.\u201c<\/em><\/p>\n<h3>Argument 4: \u201eEs sieht nicht wie eine offensichtliche Labor-Konstruktion aus\u201c<\/h3>\n<p>Ein eher technisches, aber <a href=\"https:\/\/www.who.int\/publications\/m\/item\/independent-assessment-of-the-origins-of-sars-cov-2-from-the-scientific-advisory-group-for-the-origins-of-novel-pathogens\" target=\"_blank\" rel=\"noopener\"><strong>oft zitiertes Argument<\/strong><\/a> lautet: Genetisch betrachtet habe SARS-CoV-2 keine klaren \u201eFingerabdr\u00fccke\u201c, die auf eine offensichtliche k\u00fcnstliche Konstruktion hinweisen. Damit ist gemeint:<\/p>\n<p>In der Vergangenheit k\u00fcnstlich erzeugte Viren tragen mitunter bestimmte Muster im Erbgut, die man als Hinweis auf Laborarbeit erkennen kann &#8211; zum Beispiel ungew\u00f6hnliche Schnittstellen, Marker oder Signaturen. Bei SARS-CoV-2 sieht die Gesamtstruktur f\u00fcr viele Forscher so aus, als k\u00f6nnte sie ohne solche Eingriffe durch nat\u00fcrliche Mutation und Rekombination entstanden sein.<\/p>\n<p><strong>St\u00e4rke dieses Arguments:<\/strong><\/p>\n<p>Fachleute sind mit typischen Labor-Konstruktionen vertraut und finden hier nichts, was eindeutig in diese Richtung zeigt. Es gibt Modelle, wie die auff\u00e4lligen Stellen (z. B. die Furin-Spaltstelle) durch nat\u00fcrliche Prozesse entstehen k\u00f6nnten &#8211; etwa durch Rekombination verschiedener Viren in Tieren.<\/p>\n<p><strong>Schw\u00e4che des Arguments:<\/strong><\/p>\n<p>Es sagt streng genommen nur: \u201eWir sehen keinen offensichtlichen Beweis f\u00fcr eine Labor-Konstruktion\u201c. Es beweist nicht, dass es keine Laborbeteiligung gegeben hat, denn: Moderne Methoden k\u00f6nnen Ver\u00e4nderungen so vornehmen, dass sie nicht mehr klar als k\u00fcnstlich erkennbar sind. Kritiker wenden ein: \u201eWenn jemand bewusst ein Virus baut und alle auff\u00e4lligen Marker vermeidet, dann w\u00fcrde es genau so aussehen: wie ein nat\u00fcrliches Virus.\u201c<\/p>\n<p>Mit anderen Worten: Dieses Argument ist eher ein Negativbefund (\u201ewir sehen keinen klaren Beweis f\u00fcr X\u201c), kein Positivbeweis f\u00fcr einen nat\u00fcrlichen Ursprung.<\/p>\n<h3>Wo die klassische Erkl\u00e4rung ins Stolpern ger\u00e4t<\/h3>\n<p>Zusammengefasst hat die Zoonose-Hypothese mehrere plausible Bausteine:<\/p>\n<ul>\n<li>bekannte N\u00e4he zu Fledermaus-Coronaviren,<\/li>\n<li>historische Parallelen zu fr\u00fcheren Ausbr\u00fcchen,<\/li>\n<li>auff\u00e4llige Rolle des Huanan-Markts,<\/li>\n<li>kein offensichtlicher genetischer \u201eFingerabdruck\u201c eines Labors.<\/li>\n<\/ul>\n<p>Trotzdem bleiben wesentliche offene Punkte:<\/p>\n<ol>\n<li><strong>Fehlender Zwischenwirt<\/strong>: Bisher wurde kein Tier identifiziert, das eindeutig als \u201eBr\u00fccke\u201c zwischen Fledermaus und Mensch dient &#8211; anders als bei manchen fr\u00fcheren Epidemien.<\/li>\n<li><strong>L\u00fccken in den fr\u00fchen Daten<\/strong>: Fr\u00fchinfektionen sind schwer nachzuvollziehen. Es ist unklar, ob wirklich der Markt der allererste Herd war oder nur der erste auff\u00e4llige Cluster.<\/li>\n<li><strong>Parallel existierende Laborforschung<\/strong>: Die Tatsache, dass in derselben Stadt Labore sitzen, die seit Jahren an \u00e4hnlichen Viren forschen, l\u00e4sst sich nicht ausblenden. Kritiker sagen, die Zoonose-Erz\u00e4hlung blende diese Realit\u00e4t zu stark aus.<\/li>\n<li><strong>Eingeschr\u00e4nkte Transparenz<\/strong>: Viele Prim\u00e4rdaten &#8211; insbesondere aus China &#8211; sind bis heute nicht vollst\u00e4ndig zug\u00e4nglich. Das betrifft sowohl Naturproben als auch Laborunterlagen. Das schw\u00e4cht jede Hypothese &#8211; auch die klassische.<\/li>\n<\/ol>\n<h3>Ein plausibles, aber unvollst\u00e4ndiges Bild<\/h3>\n<p>Die klassische Erkl\u00e4rung eines nat\u00fcrlichen Ursprungs von SARS-CoV-2 ist in sich nicht unlogisch. Sie st\u00fctzt sich auf:<\/p>\n<ul>\n<li>bekannte Mechanismen,<\/li>\n<li>historische Beispiele,<\/li>\n<li>genetische Verwandtschaft,<\/li>\n<li>und die Rolle von M\u00e4rkten und Wildtierkontakt.<\/li>\n<\/ul>\n<p>Aber: Sie bleibt ein Modell mit L\u00fccken, solange kein konkreter Tierwirt identifiziert wurde, die fr\u00fchesten F\u00e4lle nicht l\u00fcckenlos nachvollziehbar sind und wichtige Daten nicht offenliegen. Deshalb sehen viele Virologen diese Hypothese zwar als die derzeit wahrscheinlichste, aber selbst sie k\u00f6nnen nicht mit absoluter Sicherheit sagen: <em>\u201eEs war definitiv so.\u201c <\/em><\/p>\n<p>Genau an dieser Stelle setzen die Laborhypothesen an. Sie nutzen dieselben L\u00fccken, interpretieren sie aber anders. W\u00e4hrend die Zoonose-Hypothese sagt: <em>\u201eWir haben gute Gr\u00fcnde zu glauben, dass es die Natur war,\u201c<\/em> sagen die Labor-Hypothesen:<\/p>\n<p>\u201eDiese L\u00fccken und Auff\u00e4lligkeiten sprechen eher f\u00fcr eine Laborbeteiligung\u201c. Im n\u00e4chsten Kapitel schauen wir uns deshalb die Laborunfall-Hypothese genauer an: Was wird dort behauptet? Welche Indizien werden angef\u00fchrt? Und wo sind auch in dieser Sichtweise Bruchstellen?<\/p>\n<div style=\"overflow-x: auto;\">\n<table style=\"width: 100%; border-collapse: collapse;\">\n<thead>\n<tr>\n<th style=\"border: 1px solid #ccc; padding: 8px; background: #f7f7f7;\">Argument der Gruppe<\/th>\n<th style=\"border: 1px solid #ccc; padding: 8px; background: #f7f7f7;\">Was daf\u00fcr spricht<\/th>\n<th style=\"border: 1px solid #ccc; padding: 8px; background: #f7f7f7;\">Was dagegen spricht<\/th>\n<\/tr>\n<\/thead>\n<tbody>\n<tr>\n<td style=\"border: 1px solid #ccc; padding: 8px;\"><strong>SARS-CoV-2 \u00e4hnelt bekannten Fledermaus-Coronaviren<\/strong><\/td>\n<td style=\"border: 1px solid #ccc; padding: 8px;\">Genetische N\u00e4he zu RaTG13 und anderen Viruslinien; \u00e4hnliche Eigenschaften in Struktur und Aufbau.<\/td>\n<td style=\"border: 1px solid #ccc; padding: 8px;\">Kein unmittelbares \u201eMuttervirus\u201c gefunden; trotz intensiver Suche fehlt ein direkter Vorl\u00e4ufer.<\/td>\n<\/tr>\n<tr>\n<td style=\"border: 1px solid #ccc; padding: 8px;\"><strong>Zoonosen sind historisch h\u00e4ufig<\/strong><\/td>\n<td style=\"border: 1px solid #ccc; padding: 8px;\">SARS-1, MERS und andere Pandemien entstanden klar aus Tierbest\u00e4nden heraus.<\/td>\n<td style=\"border: 1px solid #ccc; padding: 8px;\">Ein Analogieschluss ersetzt keinen Beweis; fr\u00fchere Muster m\u00fcssen nicht zwangsl\u00e4ufig wieder gelten.<\/td>\n<\/tr>\n<tr>\n<td style=\"border: 1px solid #ccc; padding: 8px;\"><strong>Der Huanan-Markt als m\u00f6glicher Ausgangspunkt<\/strong><\/td>\n<td style=\"border: 1px solid #ccc; padding: 8px;\">Viele fr\u00fche Cluster dort; Spuren von Tier-DNA und Virus-RNA an denselben Orten.<\/td>\n<td style=\"border: 1px solid #ccc; padding: 8px;\">Der Markt k\u00f6nnte ein Verst\u00e4rker, nicht der Ursprung gewesen sein; keine infizierten Tiere gefunden.<\/td>\n<\/tr>\n<tr>\n<td style=\"border: 1px solid #ccc; padding: 8px;\"><strong>Kein klarer genetischer Hinweis auf Laborarbeit<\/strong><\/td>\n<td style=\"border: 1px solid #ccc; padding: 8px;\">SARS-CoV-2 zeigt keine offensichtlichen Schnittmarker, die typisch f\u00fcr k\u00fcnstliche Konstruktion w\u00e4ren.<\/td>\n<td style=\"border: 1px solid #ccc; padding: 8px;\">Moderne Technologie k\u00f6nnte Spuren vermeiden; kein Beweis f\u00fcr Natur, nur fehlender Nachweis von Manipulation.<\/td>\n<\/tr>\n<\/tbody>\n<\/table>\n<\/div>\n<h2>Die Laborunfall-Hypothese: Forschung, Risiko und offene Fragen<\/h2>\n<p>Die Laborunfall-Hypothese bewegt sich zwischen plausibler Vorsicht und berechtigtem Misstrauen. Sie stellt nicht die steile Behauptung auf, SARS-CoV-2 sei \u201egebaut\u201c worden. Sie fragt zun\u00e4chst etwas viel Einfacheres:<\/p>\n<p>Kann ein Virus, das in einem Labor erforscht wird, versehentlich entweichen? In der Geschichte gab es solche F\u00e4lle bereits, und genau das macht diese Hypothese f\u00fcr viele Experten ernstzunehmend. Sie lebt nicht von Sensation oder Spekulation, sondern von der n\u00fcchternen \u00dcberlegung: Wo Menschen arbeiten, passieren Fehler &#8211; erst recht dort, wo mit hochinfekti\u00f6sen Erregern geforscht wird.<\/p>\n<p><img loading=\"lazy\" decoding=\"async\" class=\"size-large wp-image-3529 alignnone\" src=\"https:\/\/www.markus-schall.de\/wp-content\/uploads\/corona-biolabor.jpg\" alt=\"Corona: Laborunfall-Theorie\" width=\"1024\" height=\"683\" srcset=\"https:\/\/www.markus-schall.de\/wp-content\/uploads\/corona-biolabor.jpg 1024w, https:\/\/www.markus-schall.de\/wp-content\/uploads\/corona-biolabor-300x200.jpg 300w, https:\/\/www.markus-schall.de\/wp-content\/uploads\/corona-biolabor-768x512.jpg 768w, https:\/\/www.markus-schall.de\/wp-content\/uploads\/corona-biolabor-18x12.jpg 18w\" sizes=\"auto, (max-width: 1024px) 100vw, 1024px\" \/><\/p>\n<h3>Wuhan &#8211; eine Stadt mit moderner Virusforschung<\/h3>\n<p>Wuhan ist nicht irgendeine Stadt. Dort befindet sich ein Labor der h\u00f6chsten Sicherheitsstufe &#8211; das Wuhan Institute of Virology (WIV). Dieses Institut hat seit vielen Jahren an Fledermaus-Coronaviren geforscht, darunter genau solchen Viren, die SARS-CoV-2 genetisch nahe stehen.<\/p>\n<p>Diese Forschung ist nicht ungew\u00f6hnlich. Sie wird weltweit betrieben, um sich auf m\u00f6gliche Pandemien vorzubereiten. In Wuhan gab es Teams, die neue Fledermausviren sammelten, deren Erbgut entschl\u00fcsselten und versuchten zu verstehen, wie sie sich entwickeln k\u00f6nnen.<\/p>\n<p>Dass die Pandemie ausgerechnet in dieser Stadt beginnt, empfinden manche Forscher als Zufall &#8211; andere als ein statistisches Signal, das zumindest Aufmerksamkeit verdient. Ein solches Zusammenfallen zweier Linien &#8211; Pandemie und Virusforschung &#8211; l\u00e4sst sich nicht einfach ignorieren.<\/p>\n<h3>Wie ein Laborunfall grunds\u00e4tzlich passieren kann<\/h3>\n<p>In Laboren, die Viren erforschen, gelten strenge Sicherheitsauflagen. Handschuhe, Schleusen, spezielle Anz\u00fcge, Druckkammern &#8211; all das soll verhindern, dass Viren entweichen. Doch kein System ist absolut sicher. In der Vergangenheit sind mehrere Laborunf\u00e4lle dokumentiert:<\/p>\n<p>Beim alten SARS-Virus gab es nach dem ersten Ausbruch F\u00e4lle, bei denen das Virus aus Laboren in China, Singapur und Taiwan versehentlich nach drau\u00dfen gelangte. Auch andere Erreger sind in verschiedenen L\u00e4ndern unbeabsichtigt freigesetzt worden &#8211; meist ohne gro\u00dfe Folgen, aber dennoch ein warnendes Beispiel. Oft reichte daf\u00fcr eine kleine Unachtsamkeit: ein gerissener Handschuh, ein unvollst\u00e4ndig verschlossener Reaktor, eine unbemerkte Kontamination. Meist sind es nicht spektakul\u00e4re Katastrophen, sondern menschliche Routinefehler.<\/p>\n<p>F\u00fcr die Anh\u00e4nger dieser Hypothese liegt die Konsequenz auf der Hand: Wenn hochinfekti\u00f6se Viren erforscht werden, existiert immer ein Restrisiko &#8211; selbst wenn alle Beteiligten gewissenhaft arbeiten. Diese Sichtweise braucht keinen \u201eB\u00f6sewillen\u201c. Es reicht das, was \u00fcberall passieren kann: ein Unfall.<\/p>\n<h3>Hinweise, die Bef\u00fcrworter eines Laborunfalls anf\u00fchren<\/h3>\n<p>Wer einen Laborunfall f\u00fcr m\u00f6glich oder wahrscheinlich h\u00e4lt, verweist meist auf vier Punkte, die in ihrer Gesamtheit ein bestimmtes Bild zeichnen. Keiner davon ist ein Beweis &#8211; zusammen ergeben sie jedoch f\u00fcr manche eine nachvollziehbare Argumentationskette.<\/p>\n<ul>\n<li><strong>Erstens: <a href=\"https:\/\/www.nature.com\/articles\/d41586-021-01529-3\" target=\"_blank\" rel=\"noopener\">Der Beginn in Wuhan ist kein neutraler Zufall<\/a><\/strong>. Wuhan ist kein Hotspot f\u00fcr Fledermauspopulationen. Die n\u00e4chsten bekannten Vorkommen der relevanten Fledermausarten liegen hunderte Kilometer entfernt. Doch gerade dort, in dieser Gro\u00dfstadt, wird seit Jahren mit \u00e4hnlichen Viren geforscht. F\u00fcr manche ist dieses r\u00e4umliche Zusammentreffen zumindest auff\u00e4llig.<\/li>\n<li><strong>Zweitens: <a href=\"https:\/\/www.reuters.com\/business\/healthcare-pharmaceuticals\/pandemics-origins-obscured-by-lack-chinese-data-who-panel-2022-06-09\/\" target=\"_blank\" rel=\"noopener\">Die fr\u00fchen Daten sind l\u00fcckenhaft<\/a><\/strong>. Wer genau die ersten Infizierten waren oder wie sie sich angesteckt haben, l\u00e4sst sich bis heute nicht sicher sagen. Fr\u00fche Patientenakten und Proben wurden teils versp\u00e4tet ver\u00f6ffentlicht oder sind nicht mehr verf\u00fcgbar.<br \/>\nGenau in solchen Nebelzonen entsteht Raum f\u00fcr die Frage: Was wurde \u00fcbersehen &#8211; oder gar \u00fcberdeckt?<\/li>\n<li><strong>Drittens: <a href=\"https:\/\/www.washingtonpost.com\/opinions\/2020\/04\/14\/state-department-cables-warned-safety-issues-wuhan-lab-studying-bat-coronaviruses\/\" target=\"_blank\" rel=\"noopener\">Es gab Berichte \u00fcber m\u00f6gliche Sicherheitsprobleme<\/a><\/strong>. Einige Hinweise deuten darauf hin, dass in Wuhan nicht immer mit der h\u00f6chsten Sorgfalt gearbeitet wurde. Solche Hinweise reichen von internen Memos \u00fcber Trainingsm\u00e4ngel bis zu Aussagen westlicher Diplomaten, die vor der Pandemie auf Schwachstellen hingewiesen hatten. Diese Berichte sind umstritten, aber sie existieren &#8211; und n\u00e4hren Zweifel.<\/li>\n<li><strong>Viertens: <a href=\"https:\/\/www.cbsnews.com\/news\/cia-covid-likely-originated-lab-low-confidence-assessment\/\" target=\"_blank\" rel=\"noopener\">Geheimdienste sind uneinig, aber einige tendieren zum Laborunfall<\/a><\/strong>. Verschiedene US-Beh\u00f6rden haben Einsch\u00e4tzungen abgegeben. Manche halten einen nat\u00fcrlichen Ursprung f\u00fcr wahrscheinlicher, andere neigen moderat zu einem Laborunfall. Kein Dienst spricht von Gewissheit, aber die Tatsache, dass es \u00fcberhaupt unterschiedliche Bewertungen gibt, zeigt, dass diese Hypothese nicht aus der Luft gegriffen ist.<\/li>\n<\/ul>\n<h3>Wo die Laborunfall-Hypothese \u00fcberzeugend wirkt<\/h3>\n<p>Man muss kein Wissenschaftler sein, um zu erkennen, dass an einem Punkt etwas Grunds\u00e4tzliches mitschwingt: Wenn eine Stadt Spitzenforschung an Erregern betreibt und zugleich eine globale Pandemie genau dort ihren Anfang nimmt, entsteht eine nat\u00fcrliche Frage, die niemand einfach wegwischen kann. Ein Laborunfall ist auch nicht besonders spektakul\u00e4r. Es w\u00e4re die unscheinbare Variante einer Katastrophe:<\/p>\n<p>Ein Forscher infiziert sich unbemerkt, geht nach Feierabend nach Hause, steckt eine Person an &#8211; und die Kette nimmt ihren Lauf. Diese Vorstellung wirkt auf viele Menschen nachvollziehbar, weil sie realistischer erscheint als einige der komplizierten Erz\u00e4hlungen um Zwischenwirte, Marktbedingungen und fehlende Funde aus der Natur. Manche sagen daher schlicht:<\/p>\n<blockquote><p><em>\u201eDie einfachste Erkl\u00e4rung ist nicht immer die richtige, aber man sollte sie zumindest ernst nehmen.\u201c<\/em><\/p><\/blockquote>\n<h3>Wo die Laborunfall-Hypothese jedoch ins Wanken ger\u00e4t<\/h3>\n<p>Trotz aller Plausibilit\u00e4t gibt es auch kritische Punkte, an denen diese Theorie schw\u00e4cher wird. Die wichtigsten sind:<\/p>\n<ul>\n<li><strong>Es gibt keinen direkten Nachweis<\/strong>. Bis heute wurde kein Dokument, kein Protokoll, keine Laborprobe gefunden, die eindeutig zeigt: \u201eDieses Virus war im Labor, und dort ist etwas schiefgelaufen\u201c. Es gibt Hinweise, aber keinen endg\u00fcltigen Beleg.<\/li>\n<li><strong>Viele der genannten Indizien k\u00f6nnen auch anders gedeutet werden<\/strong>. Ein fehlender Zwischenwirt kann bedeuten: Es gab keinen. Oder: Er wurde noch nicht gefunden.Oder: Die Suche war halbherzig. Solche Mehrdeutigkeiten lassen viel Interpretationsraum.<\/li>\n<li><strong>Laborunf\u00e4lle sind selten &#8211; und meist schnell erkennbar<\/strong>. Bef\u00fcrworter sagen zwar: <em>\u201eFehler passieren \u00fcberall\u201c<\/em>. Gegner halten dagegen: In modernen Hochsicherheitslaboren sind Abl\u00e4ufe so streng geregelt, dass ein solcher Unfall normalerweise auff\u00e4llt und dokumentiert wird. Ob das in der Realit\u00e4t immer so funktioniert, ist eine andere Frage.<\/li>\n<li><strong>Die genetische Struktur von SARS-CoV-2 muss keinen Labor\u00adhintergrund haben<\/strong>. Viele Virologen betonen, dass das Virus keine Merkmale tr\u00e4gt, die man als typische Labor-Signaturen kennt. Bef\u00fcrworter entgegnen: \u201eEin gut gemachtes Experiment tr\u00e4gt vielleicht auch keine Signatur\u201c. Doch am Ende bleibt diese Debatte offen.<\/li>\n<\/ul>\n<p style=\"text-align: left;\"><iframe loading=\"lazy\" src=\"https:\/\/ngp.3sat.de\/miniplayer\/embed\/3sat\/?mediaID=%2Fzdf%2Fwissen%2Fnano%2F250630-sendung-corona-virus-ursprung-pandemie-verschwoerung-covid19-neue-fakten-zur-labortheorie-nano-100\" width=\"640\" height=\"360\" frameborder=\"0\" allowfullscreen=\"allowfullscreen\"><\/iframe><\/p>\n<h3>Eine Hypothese zwischen offenen Fragen und fehlenden Antworten<\/h3>\n<p>Die Laborunfall-Hypothese bewegt sich in einem Spannungsfeld: Sie wirkt plausibel, weil sie in eine reale Welt menschlicher Fehler passt. Sie wirkt gleichzeitig unvollst\u00e4ndig, weil harte Beweise fehlen. Man k\u00f6nnte sagen:<\/p>\n<ul>\n<li>Sie ist weder bewiesen noch widerlegt.<\/li>\n<li>Sie ist weder absurd noch sicher.<\/li>\n<li>Sie ist m\u00f6glich &#8211; aber nicht best\u00e4tigt.<\/li>\n<\/ul>\n<p>F\u00fcr viele Menschen ist gerade diese Grauzone so schwer auszuhalten. In einer komplexen Welt w\u00fcnscht man sich klare Antworten. Doch gerade bei der Frage nach dem Ursprung von SARS-CoV-2 scheint es diese klare Antwort bis heute nicht zu geben.<\/p>\n<p>Deshalb wenden sich manche Forscher einer dritten Sichtweise zu &#8211; der deutlich st\u00e4rkeren These, dass SARS-CoV-2 nicht nur aus einem Labor stammen k\u00f6nnte, sondern dort m\u00f6glicherweise gezielt ver\u00e4ndert wurde.<\/p>\n<div style=\"overflow-x: auto;\">\n<table style=\"width: 100%; border-collapse: collapse;\">\n<thead>\n<tr>\n<th style=\"border: 1px solid #ccc; padding: 8px; background: #f7f7f7;\">Argument der Gruppe<\/th>\n<th style=\"border: 1px solid #ccc; padding: 8px; background: #f7f7f7;\">Was daf\u00fcr spricht<\/th>\n<th style=\"border: 1px solid #ccc; padding: 8px; background: #f7f7f7;\">Was dagegen spricht<\/th>\n<\/tr>\n<\/thead>\n<tbody>\n<tr>\n<td style=\"border: 1px solid #ccc; padding: 8px;\"><strong>Pandemiebeginn in einer Stadt mit Coronavirus-Forschung<\/strong><\/td>\n<td style=\"border: 1px solid #ccc; padding: 8px;\">Wuhan hat Labore, die an SARS-\u00e4hnlichen Viren forschen; r\u00e4umliche N\u00e4he wirkt auff\u00e4llig.<\/td>\n<td style=\"border: 1px solid #ccc; padding: 8px;\">Auch Gro\u00dfst\u00e4dte ohne Labore k\u00f6nnen Ursprung sein; r\u00e4umliche Korrelation ersetzt keine Kausalit\u00e4t.<\/td>\n<\/tr>\n<tr>\n<td style=\"border: 1px solid #ccc; padding: 8px;\"><strong>Sicherheitsbedenken in den Laboren<\/strong><\/td>\n<td style=\"border: 1px solid #ccc; padding: 8px;\">Berichte \u00fcber unzureichende Schulungen, fr\u00fchere Warnungen westlicher Diplomaten.<\/td>\n<td style=\"border: 1px solid #ccc; padding: 8px;\">Viele dieser Berichte sind unbest\u00e4tigt oder widerspr\u00fcchlich; konkrete Belege fehlen.<\/td>\n<\/tr>\n<tr>\n<td style=\"border: 1px solid #ccc; padding: 8px;\"><strong>Fehlende Transparenz und zur\u00fcckgehaltene Daten<\/strong><\/td>\n<td style=\"border: 1px solid #ccc; padding: 8px;\">L\u00fccken in fr\u00fchen Fallzahlen, unvollst\u00e4ndige Laborunterlagen, sp\u00e4te Ver\u00f6ffentlichungen.<\/td>\n<td style=\"border: 1px solid #ccc; padding: 8px;\">Datenchaos ist in Pandemien \u00fcblich; fehlende Daten beweisen keinen Unfall.<\/td>\n<\/tr>\n<tr>\n<td style=\"border: 1px solid #ccc; padding: 8px;\"><strong>Laborunf\u00e4lle sind dokumentiert<\/strong><\/td>\n<td style=\"border: 1px solid #ccc; padding: 8px;\">Fr\u00fchere SARS-Varianten sind mehrfach aus Laboren entwichen; menschliche Fehler m\u00f6glich.<\/td>\n<td style=\"border: 1px solid #ccc; padding: 8px;\">In BSL-3\/BSL-4-Laboren sind Kontrollen sehr streng; ein Unfall m\u00fcsste Spuren hinterlassen.<\/td>\n<\/tr>\n<\/tbody>\n<\/table>\n<\/div>\n<h2>Die These der gezielten Laborerzeugung &#8211; die Sicht von Dr. Nehls und anderen<\/h2>\n<p>In den ersten Kapiteln haben wir zwei Linien betrachtet: die klassische Zoonose-Erz\u00e4hlung und die M\u00f6glichkeit eines Laborunfalls. Die Sicht von Dr. Michael Nehls geht einen Schritt weiter. Er h\u00e4lt es nicht nur f\u00fcr wahrscheinlich, dass SARS-CoV-2 einen Laborursprung hat, sondern spricht offen von einer gezielt geschaffenen Biowaffe, deren Eigenschaften nicht zuf\u00e4llig, sondern Ergebnis bewusster Manipulation sein sollen.<\/p>\n<p>Dieses Kapitel zeichnet seine Argumentation nach &#8211; so, wie er sie selbst darstellt &#8211; und zeigt anschlie\u00dfend, an welchen Stellen sie auf offene Fragen oder Widerspruch aus der Fachwelt trifft.<\/p>\n<p><img loading=\"lazy\" decoding=\"async\" class=\"alignnone wp-image-3530 size-large\" src=\"https:\/\/www.markus-schall.de\/wp-content\/uploads\/corona-pentagon.jpg\" alt=\"Corona: Laborerzeugungs-Theorie\" width=\"1024\" height=\"683\" srcset=\"https:\/\/www.markus-schall.de\/wp-content\/uploads\/corona-pentagon.jpg 1024w, https:\/\/www.markus-schall.de\/wp-content\/uploads\/corona-pentagon-300x200.jpg 300w, https:\/\/www.markus-schall.de\/wp-content\/uploads\/corona-pentagon-768x512.jpg 768w, https:\/\/www.markus-schall.de\/wp-content\/uploads\/corona-pentagon-18x12.jpg 18w\" sizes=\"auto, (max-width: 1024px) 100vw, 1024px\" \/><\/p>\n<h3>Wer ist Michael Nehls &#8211; und aus welcher Perspektive argumentiert er?<\/h3>\n<p><a href=\"https:\/\/de.wikipedia.org\/wiki\/Michael_Nehls\" target=\"_blank\" rel=\"noopener\"><strong>Michael Nehls<\/strong><\/a> ist deutscher Arzt und habilitierter Molekulargenetiker. Er hat in der Immunologie geforscht und sp\u00e4ter mehrere popul\u00e4rwissenschaftliche B\u00fccher geschrieben &#8211; unter anderem zu Alzheimer, mentaler Ersch\u00f6pfung und zur Corona-Pandemie (\u201eDas Corona-Syndrom\u201c, \u201eHerdengesundheit\u201c, \u201eDas indoktrinierte Gehirn\u201c).<\/p>\n<p>In der Corona-Zeit trat er zunehmend als kritischer Kommentator auf, der:<\/p>\n<ul>\n<li>die Pandemiepolitik,<\/li>\n<li>die Rolle von WHO, CEPI, Pharmaindustrie<\/li>\n<li>und insbesondere die mRNA-Impfstoffe<\/li>\n<\/ul>\n<p>sehr grunds\u00e4tzlich hinterfragt. Seine Texte und Interviews erscheinen vor allem auf alternativen Plattformen und seinem eigenen Webauftritt. Wichtig ist: Nehls spricht nicht aus der Position eines Virologen, der an Coronaviren forscht, sondern als Molekulargenetiker, der vorhandene Studien, Patente und politische Abl\u00e4ufe aus seiner Sicht neu interpretiert.<\/p>\n<h3>Zentrum seiner These: Die Furin-Spaltstelle als \u201eSignatur\u201c der Manipulation<\/h3>\n<p>Im Mittelpunkt von Nehls\u2019 Argumentation steht ein Detail im Genom von SARS-CoV-2: die sogenannte Furin-Spaltstelle (Furin Cleavage Site, FCS) im Spike-Protein. Sehr vereinfacht gesagt:<\/p>\n<p>Diese Spaltstelle sorgt daf\u00fcr, dass das Spike-Protein durch das Enzym Furin in zwei Teile geschnitten wird (S1 und S2). Das erleichtert dem Virus das <a href=\"https:\/\/www.frontiersin.org\/journals\/virology\/articles\/10.3389\/fviro.2022.834808\/full\" target=\"_blank\" rel=\"noopener\"><strong>Eindringen in menschliche Zellen<\/strong><\/a> und macht es damit besonders effizient.<\/p>\n<p>Nehls st\u00fctzt sich dabei auf eine Ver\u00f6ffentlichung eines internationalen Forscherteams (Ambati et al.) in <a href=\"https:\/\/www.frontiersin.org\/journals\/virology\/articles\/10.3389\/fviro.2022.834808\/full\" target=\"_blank\" rel=\"noopener\"><strong>Frontiers in Virology<\/strong><\/a>. Darin wird beschrieben, dass eine 19-Nukleotid-Sequenz im Bereich dieser Furin-Spaltstelle exakt zu einer Sequenz in einem \u00e4lteren, propriet\u00e4ren mRNA-Patent passt (MSH3-bezogene Sequenz, u. a. von Moderna genutzt). Diese Forscher geben eine extrem kleine Wahrscheinlichkeit an, dass eine solche \u00dcbereinstimmung zuf\u00e4llig entsteht &#8211; etwa 3,21 \u00d7 10\u207b\u00b9\u00b9, also in der Gr\u00f6\u00dfenordnung von \u201eeins zu drei Billionen\u201c.<\/p>\n<p>Nehls <a href=\"https:\/\/michael-nehls.de\/infos\/gelddruckmaschine-who\/\" target=\"_blank\" rel=\"noopener\"><strong>interpretiert<\/strong><\/a> das so: Eine so exakte \u00dcbereinstimmung sei praktisch nicht mehr als Zufall erkl\u00e4rbar. Daraus folgert er, die Furin-Spaltstelle sei gezielt eingef\u00fcgt worden &#8211; also ein Ergebnis von molekulargenetischer Manipulation, nicht von nat\u00fcrlicher Evolution. An diesem Punkt schl\u00e4gt seine Argumentation von einem \u201eLaborunfall\u201c zu einer bewussten Konstruktion um:<\/p>\n<p>Wenn ein Teil des Virusgenoms so eng an eine patentierte technische Sequenz gekoppelt ist, k\u00f6nne das Virus seiner Meinung nach nicht einfach \u201eaus der Natur\u201c kommen. Die wissenschaftliche Diskussion dazu ist allerdings nicht so eindeutig, wie er es darstellt: <a href=\"https:\/\/www.frontiersin.org\/journals\/virology\/articles\/10.3389\/fviro.2022.914888\/full\" target=\"_blank\" rel=\"noopener\"><strong>Fachkommentare<\/strong><\/a> zu dieser Arbeit weisen darauf hin, dass die berechnete Wahrscheinlichkeit problematisch ist und methodische Schw\u00e4chen aufweisen kann. <a href=\"https:\/\/www.sciencedirect.com\/science\/article\/pii\/S1873506120304165\" target=\"_blank\" rel=\"noopener\"><strong>Andere Arbeiten<\/strong><\/a> zeigen, dass Furin-Spaltstellen in Coronaviren auch nat\u00fcrlich entstehen und mehrfach unabh\u00e4ngig aufgetaucht sind; sie sind also f\u00fcr sich genommen kein Beweis f\u00fcr Gentechnik.<\/p>\n<p>Trotzdem ist klar: F\u00fcr Nehls ist genau dieser Punkt &#8211; einzigartige Sequenz, starke Infektiosit\u00e4t, und der Bezug zu einem Patent &#8211; der Schl\u00fcsselstein seiner Biowaffen-These.<\/p>\n<h3>Von \u201eGain-of-Function\u201c zur Biowaffe: wie Nehls das Gesamtbild konstruiert<\/h3>\n<p>Nehls verbindet die molekulargenetischen Details mit einem gr\u00f6\u00dferen Rahmen: Gain-of-Function-Forschung. Er verweist auf Programme wie \u201eDisease X\u201c, auf Priorit\u00e4tenlisten der WHO und auf die Zusammenarbeit von WHO, CEPI und Impfstoffherstellern. In seinen Texten schreibt er, dass man gezielt an vorher definierten \u201epriority pathogens\u201c und Virenfamilien forsche &#8211; mit dem Ziel, Viren funktionell zu erweitern (Gain-of-Function), um sie humanpathogen zu machen und parallel Impfstoffe vorzubereiten.<\/p>\n<h3>Event 201 und Pandemie-Planspiele<\/h3>\n<p>Er sieht in Planspielen wie \u201eEvent 201\u201c keine neutrale \u00dcbung, sondern einen Hinweis darauf, dass genau diese Art Pandemie vorbereitet und erwartet wurde. Dass kurz darauf ein SARS-Verwandter mit einer ungew\u00f6hnlichen Furin-Spaltstelle auftaucht, wertet er als weiteres Indiz, dass hier nicht der Zufall am Werk war.<\/p>\n<h3>Biowaffe SARS-CoV-2<\/h3>\n<p>In einem seiner Artikel schreibt er explizit: <em>\u201eSARS-CoV-2 ist eine Biowaffe\u201c<\/em>, und bezeichnet die S1-Untereinheit des Spike-Proteins als eigentliche \u201eKugel\u201c, die auf unseren Organismus abgefeuert wird.<\/p>\n<h3>Kopplung an Impfprogramme<\/h3>\n<p>Nehls argumentiert weiter, dass die mRNA-Impfstoffe die gef\u00e4hrlichste Komponente dieser vermeintlichen Biowaffe &#8211; das Spike-Protein &#8211; k\u00fcnstlich im K\u00f6rper produzieren lassen, ohne die nat\u00fcrliche Immunit\u00e4t sinnvoll aufzubauen. Deswegen verwendet er statt \u201eImpfung\u201c den Begriff \u201eSpiken\u201c und sieht darin eine Art zweite Angriffswelle, die Menschen durch dauerhafte Spike-Belastung sch\u00e4digen soll.<\/p>\n<p>In seinem Weltbild ist SARS-CoV-2 also kein zuf\u00e4lliges Produkt der Evolution und auch kein blo\u00dfer Laborunfall, sondern ein gezielt ver\u00e4ndertes Virus, eingebettet in eine gr\u00f6\u00dfere Struktur aus Biowaffenforschung, Pharmainteressen, WHO-Politik und gesellschaftlicher Steuerung.<\/p>\n<h3>Die Wahrscheinlichkeitsrechnung: \u201epraktisch ausgeschlossen\u201c &#8211; oder doch nicht?<\/h3>\n<p>Nehls argumentiert mit einer extrem niedrigen Wahrscheinlichkeit &#8211; \u201eeins zu 300 Milliarden\u201c oder in \u00e4hnlichen Gr\u00f6\u00dfenordnungen &#8211; dass die fragliche Sequenz in der Furin-Spaltstelle zuf\u00e4llig entstanden sein k\u00f6nnte. Daf\u00fcr st\u00fctzt er sich im Kern auf:<\/p>\n<ul>\n<li>die L\u00e4nge der betreffenden Sequenz (19 Nukleotide),<\/li>\n<li>die Gr\u00f6\u00dfe des SARS-CoV-2-Genoms (~30.000 Nukleotide),<\/li>\n<li>die Anzahl und L\u00e4nge der Sequenzen in einer bestimmten Patentbibliothek,<\/li>\n<li>und die angenommene Zuf\u00e4lligkeit solcher \u00dcbereinstimmungen.<\/li>\n<\/ul>\n<p>Aus seiner Sicht folgt daraus:<\/p>\n<blockquote><p><em>\u201eWenn die Wahrscheinlichkeit so extrem gering ist, bleibt realistisch nur eine Erkl\u00e4rung: bewusste Manipulation.\u201c<\/em><\/p><\/blockquote>\n<p>Die wissenschaftliche Einordnung ist jedoch deutlich vorsichtiger: Ein offizieller Kommentar (Dubuy &amp; Lachuer) zu dieser Arbeit weist ausdr\u00fccklich darauf hin, dass die berechnete Wahrscheinlichkeit fehlerhaft oder irref\u00fchrend sein k\u00f6nnte. Insbesondere ist die Annahme, dass jede m\u00f6gliche 19er-Sequenz gleichwahrscheinlich und unabh\u00e4ngig verteilt sei, sehr vereinfacht.<\/p>\n<p>Au\u00dferdem gibt es Hinweise, dass \u00e4hnliche Furin-Spaltstellen in anderen Coronaviren nat\u00fcrlich vorkommen und mehrfach unabh\u00e4ngig entstanden sind &#8211; also kein singul\u00e4res Ereignis darstellen.<\/p>\n<p>Damit bleibt ein Spannungsfeld: Aus Nehls\u2019 Perspektive liefert die Rechnerei den \u201erauchenden Colt\u201c. Aus Sicht vieler Virologen und Evolutionsbiologen ist diese Schlussfolgerung \u00fcberzogen &#8211; die Daten reichen nicht f\u00fcr einen Beweis, und die Statistik ist angreifbar.<\/p>\n<hr \/>\n<h3>Aktuelle Umfrage zu einem m\u00f6glichen Spannungsfall in Deutschland<\/h3>\n<div class='bootstrap-yop yop-poll-mc'>\n\t\t\t\t\t\t\t<div class=\"basic-yop-poll-container\" style=\"background-color:#ffffff; border:0px; border-style:solid; border-color:#000000; border-radius:5px; padding:0px 5px;\" data-id=\"6\" data-temp=\"basic-pretty\" data-skin=\"square\" data-cscheme=\"blue\" data-cap=\"0\" data-access=\"guest\" data-tid=\"\" data-uid=\"4781d0d84cea27130c9c73bc0dbd76d4\" data-pid=\"2493\" data-resdet=\"votes-number,percentages\" data-show-results-to=\"guest\" data-show-results-moment=\"after-vote\" data-show-results-only=\"false\" data-show-message=\"true\" data-show-results-as=\"bar\" data-sort-results-by=\"as-defined\" data-sort-results-rule=\"asc\"data-is-ended=\"0\" data-percentages-decimals=\"2\" data-gdpr=\"no\" data-gdpr-sol=\"consent\" data-css=\".basic-yop-poll-container[data-uid] .basic-vote {\n\t\t\t\t\t\t\t\t\ttext-align: center;\n\t\t\t\t\t\t\t\t}\" data-counter=\"0\" data-load-with=\"1\" data-notification-section=\"top\"><div class=\"row\"><div class=\"col-md-12\"><div class=\"basic-inner\"><div class=\"basic-message hide\" style=\"border-left: 10px solid #008000; padding: 0px 10px;\" data-error=\"#ff0000\" data-success=\"#008000\"><p class=\"basic-message-text\" style=\"color:#000000; font-size:14px; font-weight:normal;\"><\/p><\/div><div class=\"basic-overlay hide\"><div class=\"basic-vote-options\"><\/div><div class=\"basic-preloader\"><div class=\"basic-windows8\"><div class=\"basic-wBall basic-wBall_1\"><div class=\"basic-wInnerBall\"><\/div><\/div><div class=\"basic-wBall basic-wBall_2\"><div class=\"basic-wInnerBall\"><\/div><\/div><div class=\"basic-wBall basic-wBall_3\"><div class=\"basic-wInnerBall\"><\/div><\/div><div class=\"basic-wBall basic-wBall_4\"><div class=\"basic-wInnerBall\"><\/div><\/div><div class=\"basic-wBall basic-wBall_5\"><div class=\"basic-wInnerBall\"><\/div><\/div><\/div><\/div><\/div><form class=\"basic-form\"><input type=\"hidden\" name=\"_token\" value=\"5dc6d58f88\" autocomplete=\"off\"><div class=\"basic-elements\"><div class=\"basic-element basic-question basic-question-text-vertical\" data-id=\"6\" data-uid=\"868eec94410b08ef7ece0fb0e4e1c364\" data-type=\"question\" data-question-type=\"text\" data-required=\"yes\" data-allow-multiple=\"no\" data-min=\"1\" data-max=\"7\" data-display=\"vertical\" data-colnum=\"\" data-display-others=\"no\" data-others-color=\"\" data-others=\"\" data-others-max-chars=\"0\"><div class=\"basic-question-title\"><h5 style=\"color:#000000; font-size:16px; font-weight:normal; text-align:left;\">Wie gut f\u00fchlst Du Dich pers\u00f6nlich auf einen m\u00f6glichen Spannungsfall (z.\u202fB. Krisen- oder Kriegszustand) vorbereitet?<\/h5><\/div><ul class=\"basic-answers\"><li class=\"basic-answer\" style=\"padding:0px 0px;\" data-id=\"24\" data-type=\"text\" data-vn=\"25\" data-color=\"#000000\" data-make-link=\"no\" data-link=\"\"><div class=\"basic-answer-content basic-text-vertical\"><label for=\"answer[24]\" class=\"basic-answer-label\"><input type=\"radio\" id=\"answer[24]\" name=\"answer[6]\" value=\"24\"><span class=\"basic-text\" style=\"color: #000000; font-size: 14px; font-weight: normal;\">Sehr gut \u2013 ich habe Vorr\u00e4te, Wissen und einen Plan<\/span><\/label><\/div><\/li><li class=\"basic-answer\" style=\"padding:0px 0px;\" data-id=\"25\" data-type=\"text\" data-vn=\"44\" data-color=\"#000000\" data-make-link=\"no\" data-link=\"\"><div class=\"basic-answer-content basic-text-vertical\"><label for=\"answer[25]\" class=\"basic-answer-label\"><input type=\"radio\" id=\"answer[25]\" name=\"answer[6]\" value=\"25\"><span class=\"basic-text\" style=\"color: #000000; font-size: 14px; font-weight: normal;\">Eher gut \u2013 ich habe mir Gedanken gemacht<\/span><\/label><\/div><\/li><li class=\"basic-answer\" style=\"padding:0px 0px;\" data-id=\"26\" data-type=\"text\" data-vn=\"70\" data-color=\"#000000\" data-make-link=\"no\" data-link=\"\"><div class=\"basic-answer-content basic-text-vertical\"><label for=\"answer[26]\" class=\"basic-answer-label\"><input type=\"radio\" id=\"answer[26]\" name=\"answer[6]\" value=\"26\"><span class=\"basic-text\" style=\"color: #000000; font-size: 14px; font-weight: normal;\">Kaum \u2013 ich hoffe einfach, dass nichts passiert<\/span><\/label><\/div><\/li><li class=\"basic-answer\" style=\"padding:0px 0px;\" data-id=\"27\" data-type=\"text\" data-vn=\"16\" data-color=\"#000000\" data-make-link=\"no\" data-link=\"\"><div class=\"basic-answer-content basic-text-vertical\"><label for=\"answer[27]\" class=\"basic-answer-label\"><input type=\"radio\" id=\"answer[27]\" name=\"answer[6]\" value=\"27\"><span class=\"basic-text\" style=\"color: #000000; font-size: 14px; font-weight: normal;\">Gar nicht \u2013 ich verdr\u00e4nge das Thema bewusst<\/span><\/label><\/div><\/li><li class=\"basic-answer\" style=\"padding:0px 0px;\" data-id=\"28\" data-type=\"text\" data-vn=\"21\" data-color=\"#000000\" data-make-link=\"no\" data-link=\"\"><div class=\"basic-answer-content basic-text-vertical\"><label for=\"answer[28]\" class=\"basic-answer-label\"><input type=\"radio\" id=\"answer[28]\" name=\"answer[6]\" value=\"28\"><span class=\"basic-text\" style=\"color: #000000; font-size: 14px; font-weight: normal;\">Was ist \u00fcberhaupt ein \u201eSpannungsfall\u201c?<\/span><\/label><\/div><\/li><\/ul><\/div><div class=\"clearfix\"><\/div><\/div><div class=\"basic-vote\"><a href=\"#\" class=\"button basic-vote-button\" role=\"button\" style=\"background:#027bb8; border:0px; border-style: solid; border-color:#000000; border-radius:5px; padding:10px 10px; color:#ffffff; font-size:14px; font-weight:normal;\">Abstimmen<\/a><\/div><\/form><\/div><\/div><\/div><\/div>\n\t\t\t\t\t\t<\/div>\n<hr \/>\n<h3>Nehls\u2019 erweitertes Narrativ: Gehirn, Indoktrination und \u201ementale Biowaffe\u201c<\/h3>\n<p>In seinen neueren Arbeiten weitet Nehls die reine Ursprungsthese aus. In \u201e<a href=\"https:\/\/www.manova.news\/artikel\/das-indoktrinierte-gehirn\" target=\"_blank\" rel=\"noopener\"><strong>Das indoktrinierte Gehirn<\/strong><\/a>\u201c beschreibt er einen Mechanismus, wie Angst, Dauerstress und Mediennarrative die Neurogenese im Hippocampus st\u00f6ren und damit unsere geistige Widerstandskraft schw\u00e4chen sollen. Er kombiniert dabei mehrere Ebenen:<\/p>\n<ul>\n<li><strong>Biologie des Spike-Proteins<\/strong>: Er beschreibt das Spike-Protein als neurotoxisch und langfristig hirnsch\u00e4digend, speziell in Verbindung mit chronischer Entz\u00fcndung.<\/li>\n<li><strong>Gesellschaftliche Steuerung<\/strong>: Die Pandemie, die Ma\u00dfnahmen und die Kommunikation dar\u00fcber werden bei ihm Teil eines gr\u00f6\u00dferen \u201ePermakrisen-Modells\u201c, das darauf abzielt, Menschen mental zu ersch\u00f6pfen, zu ver\u00e4ngstigen und f\u00fcr technokratische Strukturen empf\u00e4nglicher zu machen.<\/li>\n<li><strong>Verbindung zum Ursprung<\/strong>: Wenn SARS-CoV-2 aus seiner Sicht ohnehin eine Biowaffe ist, f\u00fcgt sich alles in eine Art Gesamterz\u00e4hlung: erst das \u201ek\u00fcnstliche\u201c Virus, dann die \u201espikenden\u201c mRNA-Injektionen, dann die psychologischen Effekte der Ma\u00dfnahmen &#8211; alles Teile eines Angriffs auf k\u00f6rperliche und mentale Gesundheit.<\/li>\n<\/ul>\n<p>Diese Sichtweise ist stark zugespitzt. Sie geht deutlich \u00fcber das hinaus, was selbst viele Kritiker der offiziellen Corona-Politik vertreten. Entsprechend wird sie in gro\u00dfen Medien und von offiziellen Stellen nicht geteilt; manche Einstufungen sprechen explizit von Fehlinformation oder Verschw\u00f6rungserz\u00e4hlung, gerade im Zusammenhang mit seinen Aussagen zu Impfstoffen.<\/p>\n<h3>Wo Nehls\u2019 Argumentation Bruchstellen hat<\/h3>\n<p>Auch wenn man seine Grundskepsis nachvollziehen kann, gibt es mehrere Punkte, an denen seine Argumentation sichtbar auf wackligem Boden steht:<\/p>\n<ol>\n<li><strong>Fehlender direkter Beweis: <\/strong>Es gibt bis heute keine Laborunterlagen, keine ver\u00f6ffentlichte Gensequenz, kein Dokument, das zweifelsfrei belegt: \u201eDieses konkrete Virus wurde im Labor X gebaut und dann freigesetzt\u201c. Nehls arbeitet mit Indizienketten, Interpretationen und Wahrscheinlichkeiten &#8211; aber einen harten Beweis kann er nicht liefern.<\/li>\n<li><strong>Starke Deutung eines umstrittenen Papers: <\/strong>Die Arbeit zur Furin-Spaltstelle und zur MSH3-Homologie wird in der Fachwelt diskutiert &#8211; aber sie ist kein anerkannter Beweis f\u00fcr Gentechnik. Dass Nehls sie so behandelt, ist eine sehr weitgehende Interpretation.<\/li>\n<li><strong>Furin-Spaltstellen kommen auch nat\u00fcrlich vor: <\/strong>Mehrere <a href=\"https:\/\/www.nature.com\/articles\/s41579-023-00878-2\" target=\"_blank\" rel=\"noopener\"><strong>Studien<\/strong><\/a> zeigen, dass \u00e4hnliche Spaltstellen in anderen Coronaviren ohne Laborbeteiligung entstanden sind &#8211; durch Rekombination und nat\u00fcrliche Selektion. Damit ist dieses eine Merkmal allein nicht ausreichend, um auf k\u00fcnstliche Erzeugung zu schlie\u00dfen.<\/li>\n<li><strong>Vermischung von gut belegten Kritikpunkten mit sehr spekulativen Teilen: <\/strong>Dass WHO, CEPI, Pharmaunternehmen und Staaten eigene Interessen haben, ist offensichtlich. Dass Fehler in der Pandemiepolitik passiert sind, ist ebenfalls kaum strittig. Aber aus diesen realen Problemen direkt auf eine koordinierte \u201eBiowaffen-Verschw\u00f6rung\u201c zu schlie\u00dfen, ist ein gro\u00dfer Sprung, der \u00fcber das hinausgeht, was belegbar ist.<\/li>\n<\/ol>\n<h3>Fazit: Eine scharfe Minderheitenposition<\/h3>\n<p>Die Sicht von Michael Nehls l\u00e4sst sich so zusammenfassen: SARS-CoV-2 sei mit hoher Wahrscheinlichkeit im Labor konstruiert worden. Die Furin-Spaltstelle und ihre angebliche Patent-Verwandtschaft seien der zentrale genetische Hinweis. Das Virus sei als Biowaffe zu verstehen, das Spike-Protein als gezielt sch\u00e4digende Komponente.<\/p>\n<p>Die mRNA-Impfstoffe w\u00fcrden diese Biowaffe gewisserma\u00dfen nach innen verl\u00e4ngern, indem sie den K\u00f6rper selbst dauerhaft Spike-Protein produzieren lassen. Das Ganze sei eingebettet in ein gr\u00f6\u00dferes System aus Pandemieplanspielen, Pharmainteressen und medialer Steuerung.<\/p>\n<p>Diese Position ist klar eine Minderheitenmeinung und steht nicht im Einklang mit der derzeitigen wissenschaftlichen Mehrheitsauffassung, die einen nat\u00fcrlichen Ursprung weiterhin f\u00fcr plausibel h\u00e4lt und die vorhandenen Daten bislang <a href=\"https:\/\/pmc.ncbi.nlm.nih.gov\/articles\/PMC10134824\/\" target=\"_blank\" rel=\"noopener\"><strong>nicht als Beweis<\/strong><\/a> f\u00fcr eine gezielte Laborerzeugung anerkennt.<\/p>\n<div style=\"overflow-x: auto;\">\n<table style=\"width: 100%; border-collapse: collapse;\">\n<thead>\n<tr>\n<th style=\"border: 1px solid #ccc; padding: 8px; background: #f7f7f7;\">Argument der Gruppe<\/th>\n<th style=\"border: 1px solid #ccc; padding: 8px; background: #f7f7f7;\">Was daf\u00fcr spricht<\/th>\n<th style=\"border: 1px solid #ccc; padding: 8px; background: #f7f7f7;\">Was dagegen spricht<\/th>\n<\/tr>\n<\/thead>\n<tbody>\n<tr>\n<td style=\"border: 1px solid #ccc; padding: 8px;\"><strong>Furin-Spaltstelle wirkt \u201eeingef\u00fcgt\u201c<\/strong><\/td>\n<td style=\"border: 1px solid #ccc; padding: 8px;\">Ungew\u00f6hnliche 19er-Sequenz, die in einer Patentdatenbank auftaucht; statistisch geringe Zufallswahrscheinlichkeit laut manchen Analysen.<\/td>\n<td style=\"border: 1px solid #ccc; padding: 8px;\">Nat\u00fcrliche Rekombination kann diese Stellen erzeugen; statistische Berechnungen sind umstritten.<\/td>\n<\/tr>\n<tr>\n<td style=\"border: 1px solid #ccc; padding: 8px;\"><strong>Verbindungen zu mRNA-Patenten<\/strong><\/td>\n<td style=\"border: 1px solid #ccc; padding: 8px;\">Gleiche oder \u00e4hnliche Sequenzen tauchen in \u00e4lteren Patenten auf; wirkt konstruiert.<\/td>\n<td style=\"border: 1px solid #ccc; padding: 8px;\">Viele Sequenzen \u00fcberschneiden sich zuf\u00e4llig; keine direkte Verbindung zwischen Patent und Virus nachgewiesen.<\/td>\n<\/tr>\n<tr>\n<td style=\"border: 1px solid #ccc; padding: 8px;\"><strong>Pandemie-\u00dcbungen wie Event 201<\/strong><\/td>\n<td style=\"border: 1px solid #ccc; padding: 8px;\">Pandemieverl\u00e4ufe wurden detailliert simuliert; zeitliche N\u00e4he wirkt auff\u00e4llig.<\/td>\n<td style=\"border: 1px solid #ccc; padding: 8px;\">Planspiele sind \u00fcblich in Gesundheitsbeh\u00f6rden; zeitliche N\u00e4he ist kein Beweis f\u00fcr Absicht.<\/td>\n<\/tr>\n<tr>\n<td style=\"border: 1px solid #ccc; padding: 8px;\"><strong>Globale Interessen von Pharma, WHO, Stiftungen<\/strong><\/td>\n<td style=\"border: 1px solid #ccc; padding: 8px;\">Gro\u00dfe finanzielle und politische Interessen; Verdacht auf Steuerung und Einfluss.<\/td>\n<td style=\"border: 1px solid #ccc; padding: 8px;\">Interessen existieren, doch es gibt keinen Nachweis eines koordinierten Plans zur Viruserzeugung.<\/td>\n<\/tr>\n<tr>\n<td style=\"border: 1px solid #ccc; padding: 8px;\"><strong>Spike-Protein als \u201egezielte Schadkomponente\u201c<\/strong><\/td>\n<td style=\"border: 1px solid #ccc; padding: 8px;\">Nehls deutet biologische Eigenschaften als bewusst toxisch; Verbindung zu Impfstoffen.<\/td>\n<td style=\"border: 1px solid #ccc; padding: 8px;\">Mehrheit der Biologen sieht Spike als biologischen Mechanismus, nicht als Waffe; keine Beweise f\u00fcr Manipulationsabsicht.<\/td>\n<\/tr>\n<\/tbody>\n<\/table>\n<\/div>\n<h2>Weitere Autoren mit \u00e4hnlichen Sichtweisen wie Michael Nehls<\/h2>\n<p>Es gibt eine ganze Reihe von Autoren, Wissenschaftlern und investigativen Journalisten, die &#8211; jeweils aus unterschiedlichen Gr\u00fcnden &#8211; Zweifel an der nat\u00fcrlichen Herkunft des Virus \u00e4u\u00dfern oder gezielt \u00fcber Laborhypothesen, Biotechnologie, Gain-of-Function-Forschung oder strukturelle Machtinteressen schreiben. Damit Du den \u00dcberblick bekommst, im Folgenden die wichtigsten Namen:<\/p>\n<ol>\n<li><a href=\"https:\/\/youtu.be\/wdyhokf85_0?si=zAZqJRyHjK8xoaPj\" target=\"_blank\" rel=\"noopener\"><strong>Dr. Richard Ebright<\/strong><\/a>: Molekularbiologe (USA), seit Jahren kritischer Beobachter von Gain-of-Function-Forschung. Er argumentiert besonders stark gegen riskante Virologie-Projekte und sieht Laborunf\u00e4lle grunds\u00e4tzlich als realistische Gefahrenquelle.<\/li>\n<li><a href=\"https:\/\/youtu.be\/X7A8pCg9wHo?si=c6zMxiFLdp_cBzdp\" target=\"_blank\" rel=\"noopener\"><strong>Dr. Alina Chan<\/strong><\/a>: Molekularbiologin am Broad Institute (MIT\/Harvard). Bekannt f\u00fcr Arbeiten zur fr\u00fchen Pandemie-Chronologie und die These, dass wichtige Daten fehlen. Mitautorin von \u201eViral\u201c, einem Buch \u00fcber die Lab-Leak-Hypothese.<\/li>\n<li><a href=\"https:\/\/youtu.be\/vo_-Ep27_M0?si=Fg-I9GKlDkk3wBGf\" target=\"_blank\" rel=\"noopener\"><strong>Dr. Steven Quay<\/strong><\/a>: Arzt und Biotech-Unternehmer. Er hat mehrere Analysen geschrieben, in denen er statistisch argumentiert, SARS-CoV-2 m\u00fcsse aus einem Labor stammen. Seine Arbeiten werden kontrovers gesehen, aber oft zitiert.<\/li>\n<li><a href=\"https:\/\/youtu.be\/S3PvjIuwuRc?si=Eo-qqqb7G2vgyFz7\" target=\"_blank\" rel=\"noopener\"><strong>Nicholas Wade<\/strong><\/a>: Ehemaliger Wissenschaftsredakteur der New York Times und Science. Sein langer Essay von 2021 \u00fcber den m\u00f6glichen Laborursprung wurde weltweit diskutiert.<\/li>\n<li><a href=\"https:\/\/www.youtube.com\/live\/5DoJD3M4910?si=NXZzwCsjQCar2g8n\" target=\"_blank\" rel=\"noopener\"><strong>Dr. Robert Malone<\/strong><\/a>: Urspr\u00fcnglich an fr\u00fchen mRNA-Technologien beteiligt. Er kritisiert sowohl die Impfstoffpolitik als auch Gain-of-Function-Projekte sehr scharf. Seine Positionen sind zugespitzt, finden aber breite Resonanz in kritischen Medien.<\/li>\n<li><a href=\"https:\/\/youtu.be\/vtfIIG8iYIk?si=cz8ZGj7u50zxNlFP\" target=\"_blank\" rel=\"noopener\"><strong>Jeffrey Sachs<\/strong><\/a>: \u00d6konom und Leiter der Lancet-COVID-Kommission (bis er sich \u00f6ffentlich distanzierte). Er \u00e4u\u00dferte ungew\u00f6hnlich deutliche Zweifel an der Transparenz chinesischer Stellen und forderte eine unabh\u00e4ngige Laboruntersuchung.<\/li>\n<\/ol>\n<p>Diese Autoren sind inhaltlich unterschiedlich, aber sie teilen eine Grundskepsis gegen\u00fcber dem \u201eeinfachen\u201c Natur-Narrativ und sehen strukturelle Probleme in globaler Forschungspolitik, Bio\u00adsicherheit und Informationsmanagement.<\/p>\n<p>Interessant in diesem Zusammenhang ist auch ein Interview mit Prof. Volker Boehme-Ne\u00dfler von der <a href=\"https:\/\/uol.de\" target=\"_blank\" rel=\"noopener\">Universit\u00e4t Oldenburg<\/a>, in dem es um viele Details rund um die Corona-Pandemie geht.<\/p>\n<div class=\"lyte-wrapper\" style=\"width:640px;max-width:100%;margin:5px;\"><div class=\"lyMe\" id=\"WYL_N3PQ60BSVXU\"><div id=\"lyte_N3PQ60BSVXU\" data-src=\"https:\/\/www.markus-schall.de\/wp-content\/plugins\/wp-youtube-lyte\/lyteCache.php?origThumbUrl=%2F%2Fi.ytimg.com%2Fvi%2FN3PQ60BSVXU%2Fhqdefault.jpg\" class=\"pL\"><div class=\"tC\"><div class=\"tT\"><\/div><\/div><div class=\"play\"><\/div><div class=\"ctrl\"><div class=\"Lctrl\"><\/div><div class=\"Rctrl\"><\/div><\/div><\/div><noscript><a href=\"https:\/\/youtu.be\/N3PQ60BSVXU\" rel=\"nofollow noopener\" target=\"_blank\"><img loading=\"lazy\" decoding=\"async\" src=\"https:\/\/www.markus-schall.de\/wp-content\/plugins\/wp-youtube-lyte\/lyteCache.php?origThumbUrl=https%3A%2F%2Fi.ytimg.com%2Fvi%2FN3PQ60BSVXU%2F0.jpg\" alt=\"YouTube video thumbnail\" width=\"640\" height=\"340\" \/><br \/>Watch this video on YouTube<\/a><\/noscript><\/div><\/div><div class=\"lL\" style=\"max-width:100%;width:640px;margin:5px;\"><\/div><br \/>\nDie wahren Corona-Folgen &#8211; Prof. Volker Boehme-Ne\u00dfler im Gespr\u00e4ch | <a href=\"https:\/\/www.youtube.com\/@apollonewsnet\" target=\"_blank\" rel=\"noopener\">Apollo News<\/a><\/p>\n<h2>Was wir nicht wissen &#8211; und was daraus folgt<\/h2>\n<p>Die ersten vier Kapitel haben gezeigt, wie verschieden die Sichtweisen auf den Ursprung von SARS-CoV-2 heute sind. Jede Position hat ihre Argumente. Jede Position hat aber auch L\u00fccken. Gerade in diesen L\u00fccken liegt der Kern des Problems: Wir wissen vieles nicht &#8211; und manche Dinge werden wir wom\u00f6glich nie erfahren. Dieses Kapitel soll diese Unsicherheiten offen benennen, damit klar wird, worauf sich die Debatte tats\u00e4chlich st\u00fctzt und wo die Grenzen der Erkenntnis liegen.<\/p>\n<h3>Die Grenzen der Datenlage &#8211; warum vieles bis heute unklar bleibt<\/h3>\n<p>Ein gro\u00dfes Hindernis f\u00fcr jede seri\u00f6se Analyse ist, dass die Anfangsphase der Pandemie schlecht dokumentiert und nur teilweise zug\u00e4nglich ist. Das betrifft:<\/p>\n<ul>\n<li>fr\u00fche Patientenakten,<\/li>\n<li>Umgebungsproben aus Wuhan,<\/li>\n<li>Laborunterlagen,<\/li>\n<li>Tierproben aus Wildtierhandel und M\u00e4rkten,<\/li>\n<li>interne Kommunikationsprozesse zwischen Institutionen.<\/li>\n<\/ul>\n<p>Ein erheblicher Teil dieser Daten ist entweder:<\/p>\n<ul>\n<li>nie ver\u00f6ffentlicht worden,<\/li>\n<li>sp\u00e4ter zur\u00fcckgezogen,<\/li>\n<li>verloren gegangen,<\/li>\n<li>oder nur in fragmentarischer Form bekannt.<\/li>\n<\/ul>\n<p>Ohne diese Informationen bleibt jeder Ursprungspfad &#8211; ob nat\u00fcrlich oder aus dem Labor &#8211; in sich unvollst\u00e4ndig. Es existiert kein einziges geschlosseneres Narrativ, das wirklich wasserdicht w\u00e4re.<\/p>\n<h3>Offene Frage 1: Woher kam der allererste Infizierte?<\/h3>\n<p>Bis heute ist nicht gekl\u00e4rt, wer der erste erkrankte Mensch war &#8211; oder ob die ersten F\u00e4lle \u00fcberhaupt zuverl\u00e4ssig erfasst wurden. Man wei\u00df nur:<\/p>\n<ul>\n<li>dass es in Wuhan mehrere fr\u00fche Cluster gab,<\/li>\n<li>dass der Huanan-Markt ein Verst\u00e4rker oder ein Ursprung gewesen sein k\u00f6nnte,<\/li>\n<li>dass gleichzeitig Forschung zu \u00e4hnlichen Viren in derselben Stadt stattfand.<\/li>\n<\/ul>\n<p>Aber kein Szenario &#8211; Natur oder Labor &#8211; kann die allererste Infektion eindeutig rekonstruieren.<\/p>\n<h3>Offene Frage 2: Warum wurde kein Zwischenwirt gefunden?<\/h3>\n<p>Bei fr\u00fcheren zoonotischen Ausbr\u00fcchen fand man Tiere, die als Br\u00fccke dienten. Bei SARS-CoV-2 sucht man bis heute vergeblich nach einem Tier, das das Virus tr\u00e4gt und in direkter Verbindung zu den ersten F\u00e4llen steht. Das kann bedeuten:<\/p>\n<ul>\n<li>der Zwischenwirt wurde nie entdeckt,<\/li>\n<li>die Spur wurde verwischt,<\/li>\n<li>oder es gab keinen Zwischenwirt, weil das Virus aus einem Labor stammt.<\/li>\n<\/ul>\n<p>Alle drei Varianten sind m\u00f6glich &#8211; keine ist bewiesen.<\/p>\n<h3>Offene Frage 3: Warum fehlen klare Laborunterlagen?<\/h3>\n<p>W\u00e4re ein Virus wirklich im Labor erschaffen oder manipuliert worden, m\u00fcsste es Spuren geben &#8211; zumindest technische. Aber auch ein nat\u00fcrlicher Ursprung l\u00e4sst sich erst best\u00e4tigen, wenn historische Proben offengelegt werden.<\/p>\n<p>Beides ist nicht geschehen.<\/p>\n<p>Und genau das h\u00e4lt die Debatte schwammig. Einige sehen darin Absicht, andere B\u00fcrokratie, wieder andere einfach nur Chaos in einer pl\u00f6tzlich eskalierenden Situation. Die Wahrheit k\u00f6nnte \u00fcberall dazwischen liegen.<\/p>\n<h3>Offene Frage 4: Wie zuverl\u00e4ssig sind Wahrscheinlichkeitsberechnungen?<\/h3>\n<p>Ob es \u201e1 zu 300 Milliarden\u201c oder \u201e1 zu 3 Billionen\u201c ist &#8211; solche Zahlen beeindrucken. Sie vermitteln das Gef\u00fchl: So etwas kann nicht zuf\u00e4llig sein. Aber Wahrscheinlichkeiten h\u00e4ngen stark davon ab, wie man rechnet:<\/p>\n<ul>\n<li>welche Annahmen man trifft,<\/li>\n<li>wie man Sequenzen vergleicht,<\/li>\n<li>welche Modelle man zugrunde legt.<\/li>\n<\/ul>\n<p>In der Wissenschaft sind solche Rechnungen nie endg\u00fcltige Beweise, sondern Hinweise &#8211; und oft auch Angriffsfl\u00e4chen. Wenn der kleinste Parameter anders gesetzt wird, kann das Ergebnis komplett kippen.<\/p>\n<h3>Offene Frage 5: Wie neutral war die internationale Kommunikation?<\/h3>\n<p>Die Pandemie hat gezeigt, wie schwierig es ist, wenn Politik, Wissenschaft und Medien gleichzeitig im Krisenmodus stehen. Fehlerhafte Kommunikation ist nicht unbedingt ein Zeichen f\u00fcr b\u00f6se Absicht &#8211; aber sie wirkt trotzdem zerst\u00f6rerisch.<\/p>\n<ul>\n<li>Manche Experten haben ihre Positionen schnell gewechselt.<\/li>\n<li>Manche Institutionen haben Informationen sp\u00e4t oder bruchst\u00fcckhaft ver\u00f6ffentlicht.<\/li>\n<li>Manche Medien haben Sichtweisen fr\u00fch abgewertet, bevor sie gr\u00fcndlich gepr\u00fcft waren.<\/li>\n<\/ul>\n<p>Dadurch entstand nicht nur Unsicherheit, sondern auch: Misstrauen.<\/p>\n<h3>Was all diese offenen Fragen bedeuten<\/h3>\n<p>Wenn man alle Bereiche zusammennimmt, zeigt sich ein zentrales Muster: Wir bewegen uns in einem Nebel aus fehlenden Daten, unklaren Dokumenten, widerspr\u00fcchlichen Informationen und emotionaler \u00dcberladung. Das macht es fast unm\u00f6glich, eine eindeutige Wahrheit zu finden. Und genau deshalb gibt es:<\/p>\n<ul>\n<li>Menschen, die strikt an den nat\u00fcrlichen Ursprung glauben,<\/li>\n<li>Menschen, die einen Laborunfall f\u00fcr am wahrscheinlichsten halten,<\/li>\n<li>und Menschen, die wie Michael Nehls eine bewusste Laborerzeugung annehmen.<\/li>\n<\/ul>\n<p>Jedes dieser Lager f\u00fcllt denselben Raum der Unsicherheit &#8211; nur mit unterschiedlichen Interpretationen.<\/p>\n<h3>Die Folgen verstehen: Wirtschaft im Ausnahmezustand<\/h3>\n<p><a href=\"https:\/\/www.markus-schall.de\/2026\/05\/wie-die-pandemie-oekonomen-in-bezug-auf-inflation-wachstum-und-wirtschaftliche-erholung-eines-besseren-belehrte\/\"><img loading=\"lazy\" decoding=\"async\" class=\"alignright size-medium wp-image-5883\" src=\"https:\/\/www.markus-schall.de\/wp-content\/uploads\/Pandemie-Oekonomen-300x200.jpg\" alt=\"Annahmen von \u00d6konomen w\u00e4hrend der Pandemie\" width=\"300\" height=\"200\" srcset=\"https:\/\/www.markus-schall.de\/wp-content\/uploads\/Pandemie-Oekonomen-300x200.jpg 300w, https:\/\/www.markus-schall.de\/wp-content\/uploads\/Pandemie-Oekonomen-768x512.jpg 768w, https:\/\/www.markus-schall.de\/wp-content\/uploads\/Pandemie-Oekonomen-18x12.jpg 18w, https:\/\/www.markus-schall.de\/wp-content\/uploads\/Pandemie-Oekonomen.jpg 1024w\" sizes=\"auto, (max-width: 300px) 100vw, 300px\" \/><\/a>W\u00e4hrend sich dieser Beitrag mit der Frage besch\u00e4ftigt, woher SARS-CoV-2 stammt und welche Theorien dazu existieren, zeigt sich eine andere, ebenso wichtige Perspektive erst im R\u00fcckblick: die wirtschaftlichen Folgen der Pandemie. In einem <a href=\"https:\/\/www.markus-schall.de\/2026\/05\/wie-die-pandemie-oekonomen-in-bezug-auf-inflation-wachstum-und-wirtschaftliche-erholung-eines-besseren-belehrte\/\"><strong>erg\u00e4nzenden Artikel<\/strong><\/a> wird genau dieser Aspekt beleuchtet. Dort geht es nicht mehr um den Ursprung des Virus, sondern um die Auswirkungen auf Inflation, Wachstum, Produktivit\u00e4t und staatliche Verschuldung. Besonders interessant ist dabei, dass viele wirtschaftliche Prognosen w\u00e4hrend der Pandemie nicht eingetreten sind. Entwicklungen, die als unwahrscheinlich galten, wurden Realit\u00e4t &#8211; etwa die \u00fcberraschend hohe Inflation in vielen L\u00e4ndern. Der Artikel zeigt nachvollziehbar, warum klassische Modelle in einer solchen Ausnahmesituation an ihre Grenzen sto\u00dfen und wie komplex das Zusammenspiel verschiedener Faktoren tats\u00e4chlich ist. Wer den Ursprung der Pandemie bereits eingeordnet hat, findet hier die passende Erg\u00e4nzung, um auch ihre wirtschaftlichen Folgen besser zu verstehen.<\/p>\n<h2>Warum mir dieser Artikel wichtig ist<\/h2>\n<p>Ich habe diesen Artikel nicht verfasst, um eine Theorie zu beweisen oder irgendjemanden zu bekehren. Ich habe ihn geschrieben, weil ich &#8211; genau wie alle anderen &#8211; mitten in dieser Unsicherheit stehe. Ich habe selbst erlebt, wie widerspr\u00fcchlich die Informationen waren. Ich habe Entscheidungen getroffen, die mich pers\u00f6nlich betroffen haben &#8211; etwa die Frage der Impfung. Ich habe versucht, meine Kinder zu sch\u00fctzen und musste am Ende zusehen, wie sie in der Schule vor Entscheidungen standen, die ihnen eigentlich niemand aufb\u00fcrden sollte. Und ich habe gesp\u00fcrt, wie schwer es ist, in einer Zeit voller Ger\u00fcchte, Halbwahrheiten und politischer Botschaften einen klaren Kopf zu behalten.<\/p>\n<p>Der Grund f\u00fcr diesen Artikel ist einfach:<\/p>\n<p>Ich wollte einmal n\u00fcchtern aufschreiben, welche Sichtweisen \u00fcberhaupt existieren &#8211; ohne Bewertung, ohne Lautst\u00e4rke, ohne Schubladen. Denn man kann nur dann gut nachdenken, wenn man wei\u00df, welche Positionen es gibt und warum Menschen zu diesen Positionen kommen.<\/p>\n<p>Vielleicht hilft dieser \u00dcberblick anderen Menschen genauso wie mir:<\/p>\n<p>Nicht indem er Antworten liefert, sondern indem er Orientierung schafft. Damit man aus diesem Nebel heraus zumindest erkennen kann, wo die Wege \u00fcberhaupt lang f\u00fchren k\u00f6nnten.<\/p>\n<hr \/>\n\n\t\t\t<div class=\"display-post-types\">\n\n\t\t\t\t\t\t\t<style type=\"text\/css\">\n\t\t\t#dpt-wrapper-243 { --dpt-text-align: left;--dpt-image-crop: center;--dpt-border-radius: 5px;--dpt-h-gutter: 10px;--dpt-v-gutter: 9px; }\t\t\t<\/style>\n\t\t\t<style type=\"text\/css\">#dpt-wrapper-243 { --dpt-title-font-style:normal;--dpt-title-font-weight:600;--dpt-title-line-height:1.5;--dpt-title-text-decoration:none;--dpt-title-text-transform:none;--dpt-excerpt-font-style:normal;--dpt-excerpt-font-weight:400;--dpt-excerpt-line-height:1.5;--dpt-excerpt-text-decoration:none;--dpt-excerpt-text-transform:none;--dpt-meta1-font-style:normal;--dpt-meta1-font-weight:400;--dpt-meta1-line-height:1.9;--dpt-meta1-text-decoration:none;--dpt-meta1-text-transform:none;--dpt-meta2-font-style:normal;--dpt-meta2-font-weight:400;--dpt-meta2-line-height:1.9;--dpt-meta2-text-decoration:none;--dpt-meta2-text-transform:none; }<\/style><div class=\" dpt-main-header\">\n\t\t\t\t\t\t<div class=\"dpt-main-title\">\n\t\t\t\t\t\t\t<span class=\"dpt-main-title-text\">Gesellschaftsthemen der Gegenwart<\/span>\n\t\t\t\t\t\t<\/div>\n\t\t\t\t\t\t\n\t\t\t\t\t\t\n\t\t\t\t\t\t\n\t\t\t\t\t\t<\/div>\t\t\t\n\t\t\t\t<div id=\"dpt-wrapper-243\" class=\"dpt-wrapper dpt-mag1 land1 dpt-cropped dpt-flex-wrap\" >\n\n\t\t\t\t\t\t\t\t\t\t\t<div class=\"dpt-entry has-thumbnail\" data-title=\"nord stream sprengung: sabotage, machtpolitik und die unbequemen offenen fragen\" data-id=\"4441\"  data-category=\"allgemein gesellschaft\" data-post_tag=\"deutschland energiepolitik europa geopolitik krisen meinungsfreiheit sicherheitspolitik spieltheorie\">\n\t\t\t\t\t\t\t<div class=\"dpt-entry-wrapper\"><div class=\" dpt-featured-content\"><div class=\" dpt-permalink\"><a href=\"https:\/\/www.markus-schall.de\/en\/2026\/01\/nord-stream-sprengung-sabotage-machtpolitik-und-die-unbequemen-offenen-fragen\/\" class=\"dpt-permalink\"><span class=\"screen-reader-text\">Nord Stream Sprengung: Sabotage, Machtpolitik und die unbequemen offenen Fragen<\/span><\/a><\/div><div class=\" dpt-thumbnail\"><div class=\"dpt-thumbnail-inner\"><img width=\"1024\" height=\"683\" class=\"attachment-full size-full\" alt=\"Nord Stream Sprengung\" context=\"dpt\" data-dpt-src=\"https:\/\/www.markus-schall.de\/wp-content\/uploads\/nordstream-sprengung.jpg\" data-dpt-sizes=\"(max-width: 1024px) 100vw, 1024px\" data-dpt-srcset=\"https:\/\/www.markus-schall.de\/wp-content\/uploads\/nordstream-sprengung.jpg 1024w, https:\/\/www.markus-schall.de\/wp-content\/uploads\/nordstream-sprengung-300x200.jpg 300w, https:\/\/www.markus-schall.de\/wp-content\/uploads\/nordstream-sprengung-768x512.jpg 768w, https:\/\/www.markus-schall.de\/wp-content\/uploads\/nordstream-sprengung-18x12.jpg 18w\" \/><\/div><span class=\"dpt-thumbnail-aspect-ratio\" style=\"padding-top: 75%\"><\/span><\/div><\/div><div class=\" sub-entry\"><h3 class=\" dpt-title\"><a class=\"dpt-title-link\" href=\"https:\/\/www.markus-schall.de\/en\/2026\/01\/nord-stream-sprengung-sabotage-machtpolitik-und-die-unbequemen-offenen-fragen\/\" rel=\"bookmark\">Nord Stream Sprengung: Sabotage, Machtpolitik und die unbequemen offenen Fragen<\/a><\/h3><\/div><\/div>\n\t\t\t\t\t\t<\/div><!-- .dpt-entry -->\n\t\t\t\t\t\t\t\t\t\t\t\t<div class=\"dpt-entry has-thumbnail\" data-title=\"spieltheorie erkl\u00e4rt 25 jahre geopolitik: wie europa seine strategische rolle verlor\" data-id=\"3850\"  data-category=\"allgemein gesellschaft kunst &amp; kultur\" data-post_tag=\"denkmodelle deutschland energiepolitik eu-gesetze europa geopolitik krisen sicherheitspolitik spieltheorie\">\n\t\t\t\t\t\t\t<div class=\"dpt-entry-wrapper\"><div class=\" dpt-featured-content\"><div class=\" dpt-permalink\"><a href=\"https:\/\/www.markus-schall.de\/en\/2025\/12\/spieltheorie-erklaert-25-jahre-geopolitik-wie-europa-seine-strategische-rolle-verlor\/\" class=\"dpt-permalink\"><span class=\"screen-reader-text\">Spieltheorie erkl\u00e4rt 25 Jahre Geopolitik: Wie Europa seine strategische Rolle verlor<\/span><\/a><\/div><div class=\" dpt-thumbnail\"><div class=\"dpt-thumbnail-inner\"><img width=\"1024\" height=\"765\" class=\"attachment-full size-full\" alt=\"Spieltheorie erkl\u00e4rt 25 Jahre Geopolitik\" context=\"dpt\" data-dpt-src=\"https:\/\/www.markus-schall.de\/wp-content\/uploads\/europa-russland-spieltheorie.jpg\" data-dpt-sizes=\"(max-width: 1024px) 100vw, 1024px\" data-dpt-srcset=\"https:\/\/www.markus-schall.de\/wp-content\/uploads\/europa-russland-spieltheorie.jpg 1024w, https:\/\/www.markus-schall.de\/wp-content\/uploads\/europa-russland-spieltheorie-300x224.jpg 300w, https:\/\/www.markus-schall.de\/wp-content\/uploads\/europa-russland-spieltheorie-768x574.jpg 768w, https:\/\/www.markus-schall.de\/wp-content\/uploads\/europa-russland-spieltheorie-16x12.jpg 16w\" \/><\/div><span class=\"dpt-thumbnail-aspect-ratio\" style=\"padding-top: 75%\"><\/span><\/div><\/div><div class=\" sub-entry\"><h3 class=\" dpt-title\"><a class=\"dpt-title-link\" href=\"https:\/\/www.markus-schall.de\/en\/2025\/12\/spieltheorie-erklaert-25-jahre-geopolitik-wie-europa-seine-strategische-rolle-verlor\/\" rel=\"bookmark\">Spieltheorie erkl\u00e4rt 25 Jahre Geopolitik: Wie Europa seine strategische Rolle verlor<\/a><\/h3><\/div><\/div>\n\t\t\t\t\t\t<\/div><!-- .dpt-entry -->\n\t\t\t\t\t\t\t\t\t\t\t\t<div class=\"dpt-entry has-thumbnail\" data-title=\"der iran-israel-konflikt: warum diese eskalation der strategische albtraum des westens ist\" data-id=\"5212\"  data-category=\"allgemein gesellschaft\" data-post_tag=\"denkmodelle energiepolitik europa geopolitik krisen k\u00fcnstliche intelligenz meinungsfreiheit sicherheitspolitik spieltheorie\">\n\t\t\t\t\t\t\t<div class=\"dpt-entry-wrapper\"><div class=\" dpt-featured-content\"><div class=\" dpt-permalink\"><a href=\"https:\/\/www.markus-schall.de\/en\/2026\/03\/der-iran-israel-konflikt-warum-diese-eskalation-der-strategische-albtraum-des-westens-ist\/\" class=\"dpt-permalink\"><span class=\"screen-reader-text\">Der Iran-Israel-Konflikt: Warum diese Eskalation der strategische Albtraum des Westens ist<\/span><\/a><\/div><div class=\" dpt-thumbnail\"><div class=\"dpt-thumbnail-inner\"><img width=\"1024\" height=\"683\" class=\"attachment-full size-full\" alt=\"Israel-Iran - Strategischer Albtraum\" context=\"dpt\" data-dpt-src=\"https:\/\/www.markus-schall.de\/wp-content\/uploads\/Israel-Iran-Strategischer-Albtraum.jpg\" data-dpt-sizes=\"(max-width: 1024px) 100vw, 1024px\" data-dpt-srcset=\"https:\/\/www.markus-schall.de\/wp-content\/uploads\/Israel-Iran-Strategischer-Albtraum.jpg 1024w, https:\/\/www.markus-schall.de\/wp-content\/uploads\/Israel-Iran-Strategischer-Albtraum-300x200.jpg 300w, https:\/\/www.markus-schall.de\/wp-content\/uploads\/Israel-Iran-Strategischer-Albtraum-768x512.jpg 768w, https:\/\/www.markus-schall.de\/wp-content\/uploads\/Israel-Iran-Strategischer-Albtraum-18x12.jpg 18w\" \/><\/div><span class=\"dpt-thumbnail-aspect-ratio\" style=\"padding-top: 75%\"><\/span><\/div><\/div><div class=\" sub-entry\"><h3 class=\" dpt-title\"><a class=\"dpt-title-link\" href=\"https:\/\/www.markus-schall.de\/en\/2026\/03\/der-iran-israel-konflikt-warum-diese-eskalation-der-strategische-albtraum-des-westens-ist\/\" rel=\"bookmark\">Der Iran-Israel-Konflikt: Warum diese Eskalation der strategische Albtraum des Westens ist<\/a><\/h3><\/div><\/div>\n\t\t\t\t\t\t<\/div><!-- .dpt-entry -->\n\t\t\t\t\t\t\t\t\t\t\t\t<div class=\"dpt-entry has-thumbnail\" data-title=\"dauerkrise als normalzustand: wie narrative unsere wahrnehmung verzerren\" data-id=\"3840\"  data-category=\"allgemein b\u00fccher gesellschaft\" data-post_tag=\"buch deutschland energiepolitik erfahrungen europa krisen meinungsfreiheit pers\u00f6nlichkeitsentwicklung\">\n\t\t\t\t\t\t\t<div class=\"dpt-entry-wrapper\"><div class=\" dpt-featured-content\"><div class=\" dpt-permalink\"><a href=\"https:\/\/www.markus-schall.de\/en\/2025\/12\/dauerkrise-als-normalzustand-wie-narrative-unsere-wahrnehmung-verzerren\/\" class=\"dpt-permalink\"><span class=\"screen-reader-text\">Dauerkrise als Normalzustand: Wie Narrative unsere Wahrnehmung verzerren<\/span><\/a><\/div><div class=\" dpt-thumbnail\"><div class=\"dpt-thumbnail-inner\"><img width=\"1024\" height=\"683\" class=\"attachment-full size-full\" alt=\"Dauerkrise, Narrative\" context=\"dpt\" data-dpt-src=\"https:\/\/www.markus-schall.de\/wp-content\/uploads\/dauerkrise-narrative.jpg\" data-dpt-sizes=\"(max-width: 1024px) 100vw, 1024px\" data-dpt-srcset=\"https:\/\/www.markus-schall.de\/wp-content\/uploads\/dauerkrise-narrative.jpg 1024w, https:\/\/www.markus-schall.de\/wp-content\/uploads\/dauerkrise-narrative-300x200.jpg 300w, https:\/\/www.markus-schall.de\/wp-content\/uploads\/dauerkrise-narrative-768x512.jpg 768w, https:\/\/www.markus-schall.de\/wp-content\/uploads\/dauerkrise-narrative-18x12.jpg 18w\" \/><\/div><span class=\"dpt-thumbnail-aspect-ratio\" style=\"padding-top: 75%\"><\/span><\/div><\/div><div class=\" sub-entry\"><h3 class=\" dpt-title\"><a class=\"dpt-title-link\" href=\"https:\/\/www.markus-schall.de\/en\/2025\/12\/dauerkrise-als-normalzustand-wie-narrative-unsere-wahrnehmung-verzerren\/\" rel=\"bookmark\">Dauerkrise als Normalzustand: Wie Narrative unsere Wahrnehmung verzerren<\/a><\/h3><\/div><\/div>\n\t\t\t\t\t\t<\/div><!-- .dpt-entry -->\n\t\t\t\t\t\t\n\t\t\t\t<\/div>\n\t\t\t\t\t\t<\/div>\n\t\t\t\n<hr \/>\n<h2>H\u00e4ufig gestellte Fragen<\/h2>\n<ol>\n<li><strong>Warum ist der Ursprung von SARS-CoV-2 \u00fcberhaupt so wichtig?<\/strong><br \/>\nDer Ursprung bestimmt, welche Lehren wir f\u00fcr die Zukunft ziehen m\u00fcssen. Stammt das Virus aus der Natur, m\u00fcssen wir st\u00e4rker auf Wildtierhandel, Zuchtbedingungen und \u00f6kologische Risiken achten. Stammt es aus einem Labor, brauchen wir strengere Sicherheitsstandards, mehr Transparenz und klare Grenzen f\u00fcr riskante Forschung. Und wenn es k\u00fcnstlich erzeugt wurde, stellen sich zus\u00e4tzlich ethische und politische Fragen. Der Ursprung ist also kein akademisches Detail, sondern Grundlage f\u00fcr k\u00fcnftigen Schutz.<\/li>\n<li><strong>Warum konnte der Ursprung des Virus nach Jahren immer noch nicht eindeutig gekl\u00e4rt werden?<\/strong><br \/>\nWeil entscheidende Daten fehlen. Dazu geh\u00f6ren fr\u00fche Patientenakten, Laborunterlagen, genetische Proben aus Wuhan, Berichte \u00fcber Sicherheitsstandards und tierische Vergleichsproben. Viele davon sind nie ver\u00f6ffentlicht oder nur fragmentarisch zug\u00e4nglich. Ohne diese Grundlagen l\u00e4sst sich weder eine nat\u00fcrliche noch eine laborbasierte Herkunft zweifelsfrei beweisen.<\/li>\n<li><strong>Spricht die Genetik eher f\u00fcr einen nat\u00fcrlichen Ursprung oder f\u00fcr Laborbeteiligung?<\/strong><br \/>\nBeides ist m\u00f6glich, aber keines ist eindeutig. Die Gesamtstruktur des Virus passt grunds\u00e4tzlich zu bekannten Coronaviren aus der Natur. Gleichzeitig gibt es einzelne Merkmale wie die Furin-Spaltstelle, die Kritiker als verd\u00e4chtig ansehen. Die meisten Virologen halten die nat\u00fcrlichen Mechanismen f\u00fcr ausreichend, um diese Merkmale zu erkl\u00e4ren. Kritische Forscher sehen darin eher Hinweise auf Manipulation. Die vorhandene Genetik erlaubt also keine eindeutige Aussage.<\/li>\n<li><strong>Warum wurde noch kein Zwischenwirt gefunden, wie bei anderen Zoonosen?<\/strong><br \/>\nDas ist einer der gr\u00f6\u00dften offenen Punkte. Bei fr\u00fcheren Ausbr\u00fcchen fand man schnell Tiere, die das Virus tragen konnten. Bei SARS-CoV-2 wurde trotz intensiver Suche bisher kein solches Tier eindeutig identifiziert. Das kann hei\u00dfen, dass der Zwischenwirt \u00fcbersehen wurde, dass die Datensuche eingeschr\u00e4nkt war, oder dass es gar keinen gab, weil das Virus nicht auf nat\u00fcrlichem Weg entstand. Alle drei Varianten sind plausibel.<\/li>\n<li><strong>Warum spielen die Labore in Wuhan in der Diskussion so eine gro\u00dfe Rolle?<\/strong><br \/>\nIn Wuhan wird seit vielen Jahren intensiv an Fledermaus-Coronaviren geforscht, darunter auch an Varianten, die SARS-CoV-2 genetisch nahestehen. Dass die Pandemie ausgerechnet in dieser Stadt beginnt, empfinden viele als auff\u00e4llig. Das macht das Labor zu einem notwendigen Bestandteil der Analyse &#8211; ohne dass es automatisch eine Schuldzuschreibung bedeutet.<\/li>\n<li><strong>Wie realistisch ist ein Laborunfall \u00fcberhaupt?<\/strong><br \/>\nLaborunf\u00e4lle sind selten, aber nicht ausgeschlossen. Auch bei fr\u00fcheren SARS-Varianten gab es dokumentierte F\u00e4lle, in denen sich Forscher in Laboren angesteckt haben. Selbst bei hoher Sicherheitsstufe kann ein Fehler reichen &#8211; etwa eine unbemerkte Kontamination. Das bedeutet nicht, dass ein Unfall tats\u00e4chlich stattgefunden hat, aber er bleibt eine realistische M\u00f6glichkeit.<\/li>\n<li><strong>Hat ein Laborunfall automatisch etwas mit Absicht oder \u201eVerschw\u00f6rung\u201c zu tun?<\/strong><br \/>\nNein. Ein Unfall ist ein Unfall &#8211; ohne b\u00f6sen Willen. Ein Forscher k\u00f6nnte sich unbemerkt infiziert haben, nach Hause gegangen sein und das Virus weitergetragen haben. Die Laborunfall-Hypothese ist nicht automatisch gleichzusetzen mit der Vorstellung einer absichtlichen Freisetzung.<\/li>\n<li><strong>Was unterscheidet die gezielte Laborerzeugung von einem Laborunfall?<\/strong><br \/>\nEin Laborunfall beschreibt nur die versehentliche Freisetzung eines Virus, das m\u00f6glicherweise gerade untersucht wurde. Die These der gezielten Laborerzeugung geht deutlich weiter: Sie behauptet, dass das Virus bewusst ver\u00e4ndert oder konstruiert wurde, um bestimmte Eigenschaften zu erzeugen. Diese These ist weitaus umstrittener und basiert meist auf Interpretation einzelner genetischer Merkmale, statistischen Argumenten und politischen Zusammenh\u00e4ngen.<\/li>\n<li><strong>Warum h\u00e4lt Dr. Michael Nehls SARS-CoV-2 f\u00fcr ein k\u00fcnstlich erzeugtes Virus?<\/strong><br \/>\nNehls sieht die Furin-Spaltstelle im Genom als unnat\u00fcrlich an und verweist auf eine statistische Analyse, die eine extrem geringe Zufallswahrscheinlichkeit berechnet. Zudem stellt er Verbindungen zu mRNA-Patenten, Pandemie-\u00dcbungen und globalen Strukturen her. Daraus leitet er die Annahme ab, SARS-CoV-2 sei nicht nur k\u00fcnstlich, sondern Absicht. Diese Sicht wird von der Mehrheit der Wissenschaft nicht geteilt, bildet aber ein eigenst\u00e4ndiges Narrativ.<\/li>\n<li><strong>Was spricht gegen die These eines k\u00fcnstlichen Virus?<\/strong><br \/>\nDie Genetik von SARS-CoV-2 l\u00e4sst sich durch bekannte nat\u00fcrliche Prozesse erkl\u00e4ren, darunter Rekombination und Evolution. Die statistischen Analysen, die eine k\u00fcnstliche Herkunft nahelegen sollen, sind methodisch angreifbar. Au\u00dferdem wurden keine Laborunterlagen gefunden, die eine gezielte Manipulation belegen w\u00fcrden. Die These bleibt damit spekulativ, auch wenn sie auf viele Menschen intuitiv wirkt.<\/li>\n<li><strong>Was spricht daf\u00fcr, dass das Virus aus der Natur stammt?<\/strong><br \/>\nEs gibt genetische Verwandtschaften mit bekannten Fledermausviren, und Zoonosen sind historisch betrachtet die Regel, nicht die Ausnahme. Auch die Konzentration fr\u00fcher F\u00e4lle rund um den Huanan-Markt wird als Hinweis gesehen. Allerdings sind diese Hinweise nicht so stark wie bei fr\u00fcheren Ausbr\u00fcchen, weil der konkrete Tierwirt fehlt.<\/li>\n<li><strong>Warum vertrauen viele Menschen den offiziellen Darstellungen nicht mehr?<\/strong><br \/>\nWeil die Kommunikation w\u00e4hrend der Pandemie oft widerspr\u00fcchlich war. Expertenaussagen wechselten, Daten wurden sp\u00e4t ver\u00f6ffentlicht, manche Fragen wurden abgewertet. Viele Menschen hatten das Gef\u00fchl, dass bestimmte Themen nicht offen diskutiert werden durften. Dieses Gef\u00fchl der Intransparenz wirkt bis heute nach.<\/li>\n<li><strong>Weshalb gehen die Theorien so weit auseinander?<\/strong><br \/>\nWeil die zugrunde liegenden Datenl\u00fccken gro\u00df genug sind, um mehrere Interpretationen zuzulassen. Die Zoonose-Hypothese f\u00fcllt diese L\u00fccken mit der Annahme nat\u00fcrlicher Evolution. Die Laborunfall-Hypothese f\u00fcllt sie mit dem Bild menschlicher Fehler. Die gezielte Manipulations-These f\u00fcllt sie mit Absicht und Planung. Alle drei Varianten nutzen dieselbe Unsicherheit &#8211; nur mit unterschiedlichem Deutungsstil.<\/li>\n<li><strong>Kann man ausschlie\u00dfen, dass politische Interessen die Ursprungsdebatte beeinflussen?<\/strong><br \/>\nNein. Sowohl internationale Beziehungen als auch nationale Beh\u00f6rden haben Interessen &#8211; sei es, Verantwortung zu vermeiden, Kooperationen zu sch\u00fctzen oder geopolitische Konflikte zu entsch\u00e4rfen. Das bedeutet nicht automatisch Manipulation, aber es schafft ein Klima, in dem Informationen nicht immer so klar flie\u00dfen, wie es w\u00fcnschenswert w\u00e4re.<\/li>\n<li><strong>Warum f\u00e4llt es vielen Menschen schwer, an eine rein nat\u00fcrliche Ursache zu glauben?<\/strong><br \/>\nWeil das Auftreten des Virus zeitlich und r\u00e4umlich genau dort stattfand, wo auch umfassende Coronavirus-Forschung betrieben wurde. Au\u00dferdem wirken manche Merkmale &#8211; wie die Furin-Spaltstelle &#8211; ungew\u00f6hnlich. Hinzu kommt die allgemeine Verunsicherung durch die Pandemie, politische Ma\u00dfnahmen und widerspr\u00fcchliche Aussagen. In diesem Umfeld wirken nat\u00fcrliche Erkl\u00e4rungen f\u00fcr manche weniger intuitiv.<\/li>\n<li><strong>Kann man heute sagen, welche Theorie am wahrscheinlichsten ist?<\/strong><br \/>\nNein. Alle drei Ans\u00e4tze &#8211; Zoonose, Laborunfall, Laborerzeugung &#8211; bleiben m\u00f6glich. Keine ist bewiesen, keine kann ausgeschlossen werden. Die st\u00e4rkste Position der klassischen Wissenschaft ist, dass Zoonosen historisch h\u00e4ufig sind. Die st\u00e4rkste Position der Laborhypothesen ist, dass zentrale Daten fehlen und auff\u00e4llige Zusammenh\u00e4nge existieren. Sicher ist nur: Es gibt keine endg\u00fcltige Antwort.<\/li>\n<li><strong>Welche Lehren kann man trotz der Unsicherheit ziehen?<\/strong><br \/>\nUnabh\u00e4ngig vom Ursprung brauchen wir bessere Transparenzstandards, bessere Dokumentation, bessere internationale Kooperation und klare Regeln f\u00fcr riskante Forschung. Gleichzeitig m\u00fcssen Gesundheitssysteme widerstandsf\u00e4higer werden, und die \u00f6ffentliche Kommunikation sollte ehrlicher mit Unsicherheiten umgehen. Die Zukunft wird immer neue Krankheitserreger bringen &#8211; die Frage ist, wie gut wir vorbereitet sind.<\/li>\n<li><strong>Warum hast Du diesen Artikel geschrieben?<\/strong><br \/>\nWeil ich &#8211; wie viele andere &#8211; mit sehr unterschiedlichen Theorien konfrontiert wurde und oft das Gef\u00fchl hatte, dass niemand wirklich wei\u00df, wem man glauben soll. Die Debatten sind emotional, widerspr\u00fcchlich und werden selten vollst\u00e4ndig dargestellt. Mit diesem Artikel wollte ich einen \u00dcberblick schaffen: ruhig, verst\u00e4ndlich, ohne Positionierung. Einfach eine Landkarte der Gedanken, damit man selbst entscheiden kann, welchen Weg man f\u00fcr plausibel h\u00e4lt.<\/li>\n<\/ol>\n<hr \/>\n\n\t\t\t<div class=\"display-post-types\">\n\n\t\t\t\t\t\t\t<style type=\"text\/css\">\n\t\t\t#dpt-wrapper-244 { --dpt-text-align: left;--dpt-image-crop: center;--dpt-border-radius: 5px;--dpt-h-gutter: 10px;--dpt-v-gutter: 9px; }\t\t\t<\/style>\n\t\t\t<style type=\"text\/css\">#dpt-wrapper-244 { --dpt-title-font-style:normal;--dpt-title-font-weight:600;--dpt-title-line-height:1.5;--dpt-title-text-decoration:none;--dpt-title-text-transform:none;--dpt-excerpt-font-style:normal;--dpt-excerpt-font-weight:400;--dpt-excerpt-line-height:1.5;--dpt-excerpt-text-decoration:none;--dpt-excerpt-text-transform:none;--dpt-meta1-font-style:normal;--dpt-meta1-font-weight:400;--dpt-meta1-line-height:1.9;--dpt-meta1-text-decoration:none;--dpt-meta1-text-transform:none;--dpt-meta2-font-style:normal;--dpt-meta2-font-weight:400;--dpt-meta2-line-height:1.9;--dpt-meta2-text-decoration:none;--dpt-meta2-text-transform:none; }<\/style><div class=\" dpt-main-header\">\n\t\t\t\t\t\t<div class=\"dpt-main-title\">\n\t\t\t\t\t\t\t<span class=\"dpt-main-title-text\">Aktuelle Beitr\u00e4ge zu Kunst &amp; Kultur<\/span>\n\t\t\t\t\t\t<\/div>\n\t\t\t\t\t\t\n\t\t\t\t\t\t\n\t\t\t\t\t\t\n\t\t\t\t\t\t<\/div>\t\t\t\n\t\t\t\t<div id=\"dpt-wrapper-244\" class=\"dpt-wrapper dpt-mag1 land1 dpt-cropped dpt-flex-wrap\" >\n\n\t\t\t\t\t\t\t\t\t\t\t<div class=\"dpt-entry has-thumbnail\" data-title=\"propaganda: geschichte, methoden, moderne formen und wie man sie erkennt\" data-id=\"4229\"  data-category=\"allgemein gesellschaft kunst &amp; kultur\" data-post_tag=\"denkmodelle energiepolitik europa geopolitik krisen meinungsfreiheit pers\u00f6nlichkeitsentwicklung sicherheitspolitik spieltheorie\">\n\t\t\t\t\t\t\t<div class=\"dpt-entry-wrapper\"><div class=\" dpt-featured-content\"><div class=\" dpt-permalink\"><a href=\"https:\/\/www.markus-schall.de\/en\/2026\/01\/propaganda-geschichte-methoden-moderne-formen-und-wie-man-sie-erkennt\/\" class=\"dpt-permalink\"><span class=\"screen-reader-text\">Propaganda: Geschichte, Methoden, moderne Formen und wie man sie erkennt<\/span><\/a><\/div><div class=\" dpt-thumbnail\"><div class=\"dpt-thumbnail-inner\"><img width=\"1024\" height=\"683\" class=\"attachment-full size-full\" alt=\"Was ist Propaganda?\" context=\"dpt\" data-dpt-src=\"https:\/\/www.markus-schall.de\/wp-content\/uploads\/Propaganda-titel.jpg\" data-dpt-sizes=\"(max-width: 1024px) 100vw, 1024px\" data-dpt-srcset=\"https:\/\/www.markus-schall.de\/wp-content\/uploads\/Propaganda-titel.jpg 1024w, https:\/\/www.markus-schall.de\/wp-content\/uploads\/Propaganda-titel-300x200.jpg 300w, https:\/\/www.markus-schall.de\/wp-content\/uploads\/Propaganda-titel-768x512.jpg 768w, https:\/\/www.markus-schall.de\/wp-content\/uploads\/Propaganda-titel-18x12.jpg 18w\" \/><\/div><span class=\"dpt-thumbnail-aspect-ratio\" style=\"padding-top: 75%\"><\/span><\/div><\/div><div class=\" sub-entry\"><h3 class=\" dpt-title\"><a class=\"dpt-title-link\" href=\"https:\/\/www.markus-schall.de\/en\/2026\/01\/propaganda-geschichte-methoden-moderne-formen-und-wie-man-sie-erkennt\/\" rel=\"bookmark\">Propaganda: Geschichte, Methoden, moderne Formen und wie man sie erkennt<\/a><\/h3><\/div><\/div>\n\t\t\t\t\t\t<\/div><!-- .dpt-entry -->\n\t\t\t\t\t\t\t\t\t\t\t\t<div class=\"dpt-entry has-thumbnail\" data-title=\"mehr als punk: nina hagen, cosma shiva und die kunst, sich nicht vereinnahmen zu lassen\" data-id=\"4521\"  data-category=\"allgemein gesellschaft kunst &amp; kultur\" data-post_tag=\"auswandern deutschland erfahrungen europa krisen meinungsfreiheit musik portrait\">\n\t\t\t\t\t\t\t<div class=\"dpt-entry-wrapper\"><div class=\" dpt-featured-content\"><div class=\" dpt-permalink\"><a href=\"https:\/\/www.markus-schall.de\/en\/2026\/01\/mehr-als-punk-nina-hagen-cosma-shiva-und-die-kunst-sich-nicht-vereinnahmen-zu-lassen\/\" class=\"dpt-permalink\"><span class=\"screen-reader-text\">Mehr als Punk: Nina Hagen, Cosma Shiva und die Kunst, sich nicht vereinnahmen zu lassen<\/span><\/a><\/div><div class=\" dpt-thumbnail\"><div class=\"dpt-thumbnail-inner\"><img width=\"1024\" height=\"683\" class=\"attachment-full size-full\" alt=\"Nina und Cosma Shiva Hagen im Portrait\" context=\"dpt\" data-dpt-src=\"https:\/\/www.markus-schall.de\/wp-content\/uploads\/Nina-Cosma-Shiva-Hagen-Titel.jpg\" data-dpt-sizes=\"(max-width: 1024px) 100vw, 1024px\" data-dpt-srcset=\"https:\/\/www.markus-schall.de\/wp-content\/uploads\/Nina-Cosma-Shiva-Hagen-Titel.jpg 1024w, https:\/\/www.markus-schall.de\/wp-content\/uploads\/Nina-Cosma-Shiva-Hagen-Titel-300x200.jpg 300w, https:\/\/www.markus-schall.de\/wp-content\/uploads\/Nina-Cosma-Shiva-Hagen-Titel-768x512.jpg 768w, https:\/\/www.markus-schall.de\/wp-content\/uploads\/Nina-Cosma-Shiva-Hagen-Titel-18x12.jpg 18w\" \/><\/div><span class=\"dpt-thumbnail-aspect-ratio\" style=\"padding-top: 75%\"><\/span><\/div><\/div><div class=\" sub-entry\"><h3 class=\" dpt-title\"><a class=\"dpt-title-link\" href=\"https:\/\/www.markus-schall.de\/en\/2026\/01\/mehr-als-punk-nina-hagen-cosma-shiva-und-die-kunst-sich-nicht-vereinnahmen-zu-lassen\/\" rel=\"bookmark\">Mehr als Punk: Nina Hagen, Cosma Shiva und die Kunst, sich nicht vereinnahmen zu lassen<\/a><\/h3><\/div><\/div>\n\t\t\t\t\t\t<\/div><!-- .dpt-entry -->\n\t\t\t\t\t\t\t\t\t\t\t\t<div class=\"dpt-entry has-thumbnail\" data-title=\"beruf, weltbild, zukunft: entscheidungen im schatten des umbruchs\" data-id=\"3197\"  data-category=\"allgemein gesellschaft kunst &amp; kultur tipps &amp; anleitungen\" data-post_tag=\"erfahrungen krisen pers\u00f6nlichkeitsentwicklung ratgeber\">\n\t\t\t\t\t\t\t<div class=\"dpt-entry-wrapper\"><div class=\" dpt-featured-content\"><div class=\" dpt-permalink\"><a href=\"https:\/\/www.markus-schall.de\/en\/2025\/10\/beruf-weltbild-zukunft-entscheidungen-im-schatten-des-umbruchs\/\" class=\"dpt-permalink\"><span class=\"screen-reader-text\">Beruf, Weltbild, Zukunft: Entscheidungen im Schatten des Umbruchs<\/span><\/a><\/div><div class=\" dpt-thumbnail\"><div class=\"dpt-thumbnail-inner\"><img width=\"1024\" height=\"683\" class=\"attachment-full size-full\" alt=\"Entscheidungen im Schatten des Umbruchs\" context=\"dpt\" data-dpt-src=\"https:\/\/www.markus-schall.de\/wp-content\/uploads\/Entscheidungen-im-Schatten-Umbruch.jpg\" data-dpt-sizes=\"(max-width: 1024px) 100vw, 1024px\" data-dpt-srcset=\"https:\/\/www.markus-schall.de\/wp-content\/uploads\/Entscheidungen-im-Schatten-Umbruch.jpg 1024w, https:\/\/www.markus-schall.de\/wp-content\/uploads\/Entscheidungen-im-Schatten-Umbruch-300x200.jpg 300w, https:\/\/www.markus-schall.de\/wp-content\/uploads\/Entscheidungen-im-Schatten-Umbruch-768x512.jpg 768w, https:\/\/www.markus-schall.de\/wp-content\/uploads\/Entscheidungen-im-Schatten-Umbruch-18x12.jpg 18w\" \/><\/div><span class=\"dpt-thumbnail-aspect-ratio\" style=\"padding-top: 75%\"><\/span><\/div><\/div><div class=\" sub-entry\"><h3 class=\" dpt-title\"><a class=\"dpt-title-link\" href=\"https:\/\/www.markus-schall.de\/en\/2025\/10\/beruf-weltbild-zukunft-entscheidungen-im-schatten-des-umbruchs\/\" rel=\"bookmark\">Beruf, Weltbild, Zukunft: Entscheidungen im Schatten des Umbruchs<\/a><\/h3><\/div><\/div>\n\t\t\t\t\t\t<\/div><!-- .dpt-entry -->\n\t\t\t\t\t\t\t\t\t\t\t\t<div class=\"dpt-entry has-thumbnail\" data-title=\"dieter hallervorden &#8211; mehr als didi: portr\u00e4t eines unbequemen freigeists\" data-id=\"4347\"  data-category=\"gesellschaft kunst &amp; kultur stories &amp; humor\" data-post_tag=\"erfahrungen meinungsfreiheit musik portrait\">\n\t\t\t\t\t\t\t<div class=\"dpt-entry-wrapper\"><div class=\" dpt-featured-content\"><div class=\" dpt-permalink\"><a href=\"https:\/\/www.markus-schall.de\/en\/2026\/01\/dieter-hallervorden-mehr-als-didi-portraet-eines-unbequemen-freigeists\/\" class=\"dpt-permalink\"><span class=\"screen-reader-text\">Dieter Hallervorden &#8211; Mehr als Didi: Portr\u00e4t eines unbequemen Freigeists<\/span><\/a><\/div><div class=\" dpt-thumbnail\"><div class=\"dpt-thumbnail-inner\"><img width=\"1024\" height=\"683\" class=\"attachment-full size-full\" alt=\"Dieter Hallervorden und die W\u00fchlm\u00e4use in Berlin\" context=\"dpt\" data-dpt-src=\"https:\/\/www.markus-schall.de\/wp-content\/uploads\/Dieter-Hallvervorden-Wuehlmaeuse.jpg\" data-dpt-sizes=\"(max-width: 1024px) 100vw, 1024px\" data-dpt-srcset=\"https:\/\/www.markus-schall.de\/wp-content\/uploads\/Dieter-Hallvervorden-Wuehlmaeuse.jpg 1024w, https:\/\/www.markus-schall.de\/wp-content\/uploads\/Dieter-Hallvervorden-Wuehlmaeuse-300x200.jpg 300w, https:\/\/www.markus-schall.de\/wp-content\/uploads\/Dieter-Hallvervorden-Wuehlmaeuse-768x512.jpg 768w, https:\/\/www.markus-schall.de\/wp-content\/uploads\/Dieter-Hallvervorden-Wuehlmaeuse-18x12.jpg 18w\" \/><\/div><span class=\"dpt-thumbnail-aspect-ratio\" style=\"padding-top: 75%\"><\/span><\/div><\/div><div class=\" sub-entry\"><h3 class=\" dpt-title\"><a class=\"dpt-title-link\" href=\"https:\/\/www.markus-schall.de\/en\/2026\/01\/dieter-hallervorden-mehr-als-didi-portraet-eines-unbequemen-freigeists\/\" rel=\"bookmark\">Dieter Hallervorden &#8211; Mehr als Didi: Portr\u00e4t eines unbequemen Freigeists<\/a><\/h3><\/div><\/div>\n\t\t\t\t\t\t<\/div><!-- .dpt-entry -->\n\t\t\t\t\t\t\n\t\t\t\t<\/div>\n\t\t\t\t\t\t<\/div>\n\t\t\t\n<hr \/>\n","protected":false},"excerpt":{"rendered":"<p>When the first reports of an unusual lung disease emerged in Wuhan, most of us thought it was just a side note. A new pathogen, somewhere in China - you heard something like that from time to time. But within a few weeks, the situation changed dramatically. Borders closed, schools shut down, events were canceled. Uncertainty prevailed, ... <a title=\"Dieter Hallervorden - More than Didi: Portrait of an uncomfortable free spirit\" class=\"read-more\" href=\"https:\/\/www.markus-schall.de\/en\/2026\/01\/dieter-hallervorden-mehr-als-didi-portraet-eines-unbequemen-freigeists\/\" aria-label=\"Read more about Dieter Hallervorden - More than Didi: Portrait of an uncomfortable free spirit\">Read more<\/a><\/p>","protected":false},"author":1,"featured_media":3527,"comment_status":"open","ping_status":"open","sticky":false,"template":"","format":"standard","meta":{"iawp_total_views":228,"footnotes":""},"categories":[1,466,456],"tags":[480,447,426,484],"class_list":["post-3521","post","type-post","status-publish","format-standard","has-post-thumbnail","hentry","category-allgemein","category-gesellschaft","category-gesundheit","tag-deutschland","tag-gesundheit","tag-krisen","tag-sicherheitspolitik"],"_links":{"self":[{"href":"https:\/\/www.markus-schall.de\/en\/wp-json\/wp\/v2\/posts\/3521","targetHints":{"allow":["GET"]}}],"collection":[{"href":"https:\/\/www.markus-schall.de\/en\/wp-json\/wp\/v2\/posts"}],"about":[{"href":"https:\/\/www.markus-schall.de\/en\/wp-json\/wp\/v2\/types\/post"}],"author":[{"embeddable":true,"href":"https:\/\/www.markus-schall.de\/en\/wp-json\/wp\/v2\/users\/1"}],"replies":[{"embeddable":true,"href":"https:\/\/www.markus-schall.de\/en\/wp-json\/wp\/v2\/comments?post=3521"}],"version-history":[{"count":27,"href":"https:\/\/www.markus-schall.de\/en\/wp-json\/wp\/v2\/posts\/3521\/revisions"}],"predecessor-version":[{"id":5967,"href":"https:\/\/www.markus-schall.de\/en\/wp-json\/wp\/v2\/posts\/3521\/revisions\/5967"}],"wp:featuredmedia":[{"embeddable":true,"href":"https:\/\/www.markus-schall.de\/en\/wp-json\/wp\/v2\/media\/3527"}],"wp:attachment":[{"href":"https:\/\/www.markus-schall.de\/en\/wp-json\/wp\/v2\/media?parent=3521"}],"wp:term":[{"taxonomy":"category","embeddable":true,"href":"https:\/\/www.markus-schall.de\/en\/wp-json\/wp\/v2\/categories?post=3521"},{"taxonomy":"post_tag","embeddable":true,"href":"https:\/\/www.markus-schall.de\/en\/wp-json\/wp\/v2\/tags?post=3521"}],"curies":[{"name":"wp","href":"https:\/\/api.w.org\/{rel}","templated":true}]}}