{"id":3600,"date":"2025-11-22T09:15:50","date_gmt":"2025-11-22T09:15:50","guid":{"rendered":"https:\/\/www.markus-schall.de\/?p=3600"},"modified":"2026-04-23T08:58:08","modified_gmt":"2026-04-23T08:58:08","slug":"the-magic-wall-two-childrens-books-that-strengthen-the-courage-of-young-readers","status":"publish","type":"post","link":"https:\/\/www.markus-schall.de\/en\/2025\/11\/die-magische-mauer-zwei-kinderbuecher-die-den-mut-junger-leser-staerken\/","title":{"rendered":"\u201eThe Magic Wall\u201c: Two children's books that strengthen the courage of young readers"},"content":{"rendered":"<p>In einer Zeit, in der viele Kinderb\u00fccher schnelllebig wirken und oft nur auf kurze Effekte ausgelegt sind, lohnt sich ein Blick auf Werke, die mit echter Liebe zum Detail geschrieben wurden. B\u00fccher, die sich Zeit nehmen, eine Welt aufzubauen, die jungen Lesern nicht nur Unterhaltung bietet, sondern Mut, Fantasie und innere St\u00e4rke vermittelt.<\/p>\n<p>Genau solche B\u00fccher schreibt Jana Kollmann &#8211; eine Autorin, deren Wurzeln, Lebensweg und k\u00fcnstlerische Pr\u00e4gung man in jeder Zeile wiedererkennt.<!--more--><\/p>\n<hr \/>\n\n\t\t\t<div class=\"display-post-types\">\n\n\t\t\t\t\t\t\t<style type=\"text\/css\">\n\t\t\t#dpt-wrapper-997 { --dpt-text-align: left;--dpt-image-crop: center;--dpt-border-radius: 5px;--dpt-h-gutter: 10px;--dpt-v-gutter: 10px; }\t\t\t<\/style>\n\t\t\t<style type=\"text\/css\">#dpt-wrapper-997 { --dpt-title-font-style:normal;--dpt-title-font-weight:600;--dpt-title-line-height:1.5;--dpt-title-text-decoration:none;--dpt-title-text-transform:none;--dpt-excerpt-font-style:normal;--dpt-excerpt-font-weight:400;--dpt-excerpt-line-height:1.5;--dpt-excerpt-text-decoration:none;--dpt-excerpt-text-transform:none;--dpt-meta1-font-style:normal;--dpt-meta1-font-weight:400;--dpt-meta1-line-height:1.9;--dpt-meta1-text-decoration:none;--dpt-meta1-text-transform:none;--dpt-meta2-font-style:normal;--dpt-meta2-font-weight:400;--dpt-meta2-line-height:1.9;--dpt-meta2-text-decoration:none;--dpt-meta2-text-transform:none; }<\/style><div class=\" dpt-main-header\">\n\t\t\t\t\t\t<div class=\"dpt-main-title\">\n\t\t\t\t\t\t\t<span class=\"dpt-main-title-text\">Aktuelle Themen zu B\u00fcchern<\/span>\n\t\t\t\t\t\t<\/div>\n\t\t\t\t\t\t\n\t\t\t\t\t\t\n\t\t\t\t\t\t\n\t\t\t\t\t\t<\/div>\t\t\t\n\t\t\t\t<div id=\"dpt-wrapper-997\" class=\"dpt-wrapper dpt-mag1 land1 dpt-cropped dpt-flex-wrap\" >\n\n\t\t\t\t\t\t\t\t\t\t\t<div class=\"dpt-entry has-thumbnail\" data-title=\"h\u00e4morrhoiden verstehen: warum haltung und statik oft die wahren ursachen sind\" data-id=\"3575\"  data-category=\"b\u00fccher gesundheit\" data-post_tag=\"buch cmd erfahrungen gesundheit h\u00e4morrhoiden ratgeber\">\n\t\t\t\t\t\t\t<div class=\"dpt-entry-wrapper\"><div class=\" dpt-featured-content\"><div class=\" dpt-permalink\"><a href=\"https:\/\/www.markus-schall.de\/en\/2025\/11\/haemorrhoiden-verstehen-warum-haltung-und-statik-oft-die-wahren-ursachen-sind\/\" class=\"dpt-permalink\"><span class=\"screen-reader-text\">H\u00e4morrhoiden verstehen: Warum Haltung und Statik oft die wahren Ursachen sind<\/span><\/a><\/div><div class=\" dpt-thumbnail\"><div class=\"dpt-thumbnail-inner\"><img width=\"1024\" height=\"683\" class=\"attachment-full size-full\" alt=\"H\u00e4morrhoiden und Fehlhaltungen\" context=\"dpt\" data-dpt-src=\"https:\/\/www.markus-schall.de\/wp-content\/uploads\/haemorrhoiden-fehlhaltungen.jpg\" data-dpt-sizes=\"(max-width: 1024px) 100vw, 1024px\" data-dpt-srcset=\"https:\/\/www.markus-schall.de\/wp-content\/uploads\/haemorrhoiden-fehlhaltungen.jpg 1024w, https:\/\/www.markus-schall.de\/wp-content\/uploads\/haemorrhoiden-fehlhaltungen-300x200.jpg 300w, https:\/\/www.markus-schall.de\/wp-content\/uploads\/haemorrhoiden-fehlhaltungen-768x512.jpg 768w, https:\/\/www.markus-schall.de\/wp-content\/uploads\/haemorrhoiden-fehlhaltungen-18x12.jpg 18w\" \/><\/div><span class=\"dpt-thumbnail-aspect-ratio\" style=\"padding-top: 75%\"><\/span><\/div><\/div><div class=\" sub-entry\"><h3 class=\" dpt-title\"><a class=\"dpt-title-link\" href=\"https:\/\/www.markus-schall.de\/en\/2025\/11\/haemorrhoiden-verstehen-warum-haltung-und-statik-oft-die-wahren-ursachen-sind\/\" rel=\"bookmark\">H\u00e4morrhoiden verstehen: Warum Haltung und Statik oft die wahren Ursachen sind<\/a><\/h3><\/div><\/div>\n\t\t\t\t\t\t<\/div><!-- .dpt-entry -->\n\t\t\t\t\t\t\t\t\t\t\t\t<div class=\"dpt-entry has-thumbnail\" data-title=\"wie man heute schon ki-spezialisten ausbilden kann &#8211; chancen f\u00fcr unternehmen und azubis\" data-id=\"3120\"  data-category=\"allgemein b\u00fccher ki-systeme tipps &amp; anleitungen\" data-post_tag=\"buch datenbanken datenlogik denkmodelle k\u00fcnstliche intelligenz llm sprachmodell\">\n\t\t\t\t\t\t\t<div class=\"dpt-entry-wrapper\"><div class=\" dpt-featured-content\"><div class=\" dpt-permalink\"><a href=\"https:\/\/www.markus-schall.de\/en\/2025\/10\/wie-man-heute-schon-ki-spezialisten-ausbilden-kann-chancen-fuer-unternehmen-und-azubis\/\" class=\"dpt-permalink\"><span class=\"screen-reader-text\">Wie man heute schon KI-Spezialisten ausbilden kann &#8211; Chancen f\u00fcr Unternehmen und Azubis<\/span><\/a><\/div><div class=\" dpt-thumbnail\"><div class=\"dpt-thumbnail-inner\"><img width=\"1024\" height=\"683\" class=\"attachment-full size-full\" alt=\"KI-Spezialist ausbilden\" context=\"dpt\" data-dpt-src=\"https:\/\/www.markus-schall.de\/wp-content\/uploads\/ki-spezialist-ausbildung.jpg\" data-dpt-sizes=\"(max-width: 1024px) 100vw, 1024px\" data-dpt-srcset=\"https:\/\/www.markus-schall.de\/wp-content\/uploads\/ki-spezialist-ausbildung.jpg 1024w, https:\/\/www.markus-schall.de\/wp-content\/uploads\/ki-spezialist-ausbildung-300x200.jpg 300w, https:\/\/www.markus-schall.de\/wp-content\/uploads\/ki-spezialist-ausbildung-768x512.jpg 768w, https:\/\/www.markus-schall.de\/wp-content\/uploads\/ki-spezialist-ausbildung-18x12.jpg 18w\" \/><\/div><span class=\"dpt-thumbnail-aspect-ratio\" style=\"padding-top: 75%\"><\/span><\/div><\/div><div class=\" sub-entry\"><h3 class=\" dpt-title\"><a class=\"dpt-title-link\" href=\"https:\/\/www.markus-schall.de\/en\/2025\/10\/wie-man-heute-schon-ki-spezialisten-ausbilden-kann-chancen-fuer-unternehmen-und-azubis\/\" rel=\"bookmark\">Wie man heute schon KI-Spezialisten ausbilden kann &#8211; Chancen f\u00fcr Unternehmen und Azubis<\/a><\/h3><\/div><\/div>\n\t\t\t\t\t\t<\/div><!-- .dpt-entry -->\n\t\t\t\t\t\t\t\t\t\t\t\t<div class=\"dpt-entry has-thumbnail\" data-title=\"die affinity grafik-suite wird kostenlos: was profi-anwender jetzt wissen m\u00fcssen\" data-id=\"3675\"  data-category=\"apple macos b\u00fccher kunst &amp; kultur tipps &amp; anleitungen\" data-post_tag=\"buch mac prozesse publishing verlag\">\n\t\t\t\t\t\t\t<div class=\"dpt-entry-wrapper\"><div class=\" dpt-featured-content\"><div class=\" dpt-permalink\"><a href=\"https:\/\/www.markus-schall.de\/en\/2025\/11\/die-affinity-grafik-suite-wird-kostenlos-was-profi-anwender-jetzt-wissen-muessen\/\" class=\"dpt-permalink\"><span class=\"screen-reader-text\">Die Affinity Grafik-Suite wird kostenlos: Was Profi-Anwender jetzt wissen m\u00fcssen<\/span><\/a><\/div><div class=\" dpt-thumbnail\"><div class=\"dpt-thumbnail-inner\"><img width=\"1024\" height=\"683\" class=\"attachment-full size-full\" alt=\"Affinity Grafiksuite kostenlos\" context=\"dpt\" data-dpt-src=\"https:\/\/www.markus-schall.de\/wp-content\/uploads\/affinity-grafiksuite-kostenlos.jpg\" data-dpt-sizes=\"(max-width: 1024px) 100vw, 1024px\" data-dpt-srcset=\"https:\/\/www.markus-schall.de\/wp-content\/uploads\/affinity-grafiksuite-kostenlos.jpg 1024w, https:\/\/www.markus-schall.de\/wp-content\/uploads\/affinity-grafiksuite-kostenlos-300x200.jpg 300w, https:\/\/www.markus-schall.de\/wp-content\/uploads\/affinity-grafiksuite-kostenlos-768x512.jpg 768w, https:\/\/www.markus-schall.de\/wp-content\/uploads\/affinity-grafiksuite-kostenlos-18x12.jpg 18w\" \/><\/div><span class=\"dpt-thumbnail-aspect-ratio\" style=\"padding-top: 75%\"><\/span><\/div><\/div><div class=\" sub-entry\"><h3 class=\" dpt-title\"><a class=\"dpt-title-link\" href=\"https:\/\/www.markus-schall.de\/en\/2025\/11\/die-affinity-grafik-suite-wird-kostenlos-was-profi-anwender-jetzt-wissen-muessen\/\" rel=\"bookmark\">Die Affinity Grafik-Suite wird kostenlos: Was Profi-Anwender jetzt wissen m\u00fcssen<\/a><\/h3><\/div><\/div>\n\t\t\t\t\t\t<\/div><!-- .dpt-entry -->\n\t\t\t\t\t\t\t\t\t\t\t\t<div class=\"dpt-entry has-thumbnail\" data-title=\"b\u00fccher schreiben 2.0 &#8211; praxisleitfaden f\u00fcr autoren im ki-zeitalter\" data-id=\"2701\"  data-category=\"b\u00fccher tipps &amp; anleitungen\" data-post_tag=\"buch publishing ratgeber verlag\">\n\t\t\t\t\t\t\t<div class=\"dpt-entry-wrapper\"><div class=\" dpt-featured-content\"><div class=\" dpt-permalink\"><a href=\"https:\/\/www.markus-schall.de\/en\/2025\/08\/buecher-schreiben-2-0-praxisleitfaden-fuer-autoren-im-ki-zeitalter\/\" class=\"dpt-permalink\"><span class=\"screen-reader-text\">B\u00fccher schreiben 2.0 &#8211; Praxisleitfaden f\u00fcr Autoren im KI-Zeitalter<\/span><\/a><\/div><div class=\" dpt-thumbnail\"><div class=\"dpt-thumbnail-inner\"><img width=\"1604\" height=\"2276\" class=\"attachment-full size-full\" alt=\"Cover: B\u00fccher schreiben 2.0 - Praxisleitfaden f\u00fcr Autoren im KI-Zeitalter\" context=\"dpt\" data-dpt-src=\"https:\/\/www.markus-schall.de\/wp-content\/uploads\/Cover-Buecher-schreiben-front.jpg\" data-dpt-sizes=\"(max-width: 1604px) 100vw, 1604px\" data-dpt-srcset=\"https:\/\/www.markus-schall.de\/wp-content\/uploads\/Cover-Buecher-schreiben-front.jpg 1604w, https:\/\/www.markus-schall.de\/wp-content\/uploads\/Cover-Buecher-schreiben-front-211x300.jpg 211w, https:\/\/www.markus-schall.de\/wp-content\/uploads\/Cover-Buecher-schreiben-front-722x1024.jpg 722w, https:\/\/www.markus-schall.de\/wp-content\/uploads\/Cover-Buecher-schreiben-front-768x1090.jpg 768w, https:\/\/www.markus-schall.de\/wp-content\/uploads\/Cover-Buecher-schreiben-front-1082x1536.jpg 1082w, https:\/\/www.markus-schall.de\/wp-content\/uploads\/Cover-Buecher-schreiben-front-1443x2048.jpg 1443w, https:\/\/www.markus-schall.de\/wp-content\/uploads\/Cover-Buecher-schreiben-front-8x12.jpg 8w\" \/><\/div><span class=\"dpt-thumbnail-aspect-ratio\" style=\"padding-top: 75%\"><\/span><\/div><\/div><div class=\" sub-entry\"><h3 class=\" dpt-title\"><a class=\"dpt-title-link\" href=\"https:\/\/www.markus-schall.de\/en\/2025\/08\/buecher-schreiben-2-0-praxisleitfaden-fuer-autoren-im-ki-zeitalter\/\" rel=\"bookmark\">B\u00fccher schreiben 2.0 &#8211; Praxisleitfaden f\u00fcr Autoren im KI-Zeitalter<\/a><\/h3><\/div><\/div>\n\t\t\t\t\t\t<\/div><!-- .dpt-entry -->\n\t\t\t\t\t\t\n\t\t\t\t<\/div>\n\t\t\t\t\t\t<\/div>\n\t\t\t\n<hr \/>\n<h2>Eine Autorin, die ihre Kindheit nie vergessen hat<\/h2>\n<p>Jana Kollmann wurde 1977 in Bremen geboren und verbrachte ihre Kindheit in Oldenburg. Es war eine Kindheit, in der Zeichnen, Malen und Schreiben nicht blo\u00df Hobbys waren, sondern kleine Fenster in andere Welten. Nach dem Abitur f\u00fchrte sie ihr Weg in die Zahntechnik &#8211; ein Bereich, der Pr\u00e4zision, Geduld und ein feines Auge verlangt. Eigenschaften, die man erstaunlicherweise auch in ihren B\u00fcchern sp\u00fcrt.<\/p>\n<p>F\u00fcnf Jahre lebte sie in Ulm, bevor sie wieder in ihre Heimat zur\u00fcckkehrte, wo sie heute mit ihrem Mann und ihrer Tochter lebt. Und genau diese Tochter war es, die den letzten Funken entz\u00fcndete &#8211; diejenige, die den Kindheitstraum wieder an die Oberfl\u00e4che brachte: einmal ein eigenes Buch zu schreiben. Heute sind daraus zwei umfangreiche, liebevoll gestaltete Kinderb\u00fccher entstanden, beide angesiedelt in der geheimnisvollen Welt Ajan.<\/p>\n<p><a href=\"https:\/\/www.lovelybooks.de\/autor\/Jana-Kollmann\/\" target=\"_blank\" rel=\"noopener\"><img loading=\"lazy\" decoding=\"async\" class=\"alignnone wp-image-3606 size-full\" src=\"https:\/\/www.markus-schall.de\/wp-content\/uploads\/jana-kollmann-buecher.jpg\" alt=\"Alle B\u00fccher von Jana Kollmann\" width=\"1024\" height=\"459\" srcset=\"https:\/\/www.markus-schall.de\/wp-content\/uploads\/jana-kollmann-buecher.jpg 1024w, https:\/\/www.markus-schall.de\/wp-content\/uploads\/jana-kollmann-buecher-300x134.jpg 300w, https:\/\/www.markus-schall.de\/wp-content\/uploads\/jana-kollmann-buecher-768x344.jpg 768w, https:\/\/www.markus-schall.de\/wp-content\/uploads\/jana-kollmann-buecher-18x8.jpg 18w\" sizes=\"auto, (max-width: 1024px) 100vw, 1024px\" \/><\/a><\/p>\n<h2>Band 1: Die Magische Mauer &#8211; Die Schatten von Ajan<\/h2>\n<p>Ein poetisches Fantasy-Abenteuer f\u00fcr Kinder ab 8 Jahren<\/p>\n<p>Wenn die meisten Kinder nachts die Augen schlie\u00dfen, endet der Tag. F\u00fcr Suna beginnt er. Hinter der Mauer, jenseits des vertrauten Schlafzimmers, liegt Ajan &#8211; ein uraltes Land voller Geheimnisse. Ein Ort, an dem die Dunkelheit kein Feind sein muss, sondern ein eigener Lebensraum. Ein Land, in dem Kuscheltiere lebendig sind und die Grenze zwischen Traum und Wirklichkeit nicht nur verschwimmt, sondern sich \u00f6ffnet.<\/p>\n<h3>Eine Welt, die mutig macht<\/h3>\n<p>Suna wollte eigentlich nur schlafen. Doch ein Rascheln in der Nacht zieht sie an einen Ort, den kein Kind bewusst betreten sollte:<\/p>\n<p>in das Land hinter der Mauer, dort, wo alles m\u00f6glich ist.<\/p>\n<p>Hier trifft sie auf ihre eigenen Kuscheltiere &#8211; nicht l\u00e4nger Stoff und Faden, sondern treue Weggef\u00e4hrten mit eigenem Willen. Sie lernt die Macht der magischen Mauer kennen, die Traum und Albtraum voneinander trennt. Und sie erf\u00e4hrt, dass in Ajan ein Kampf tobt, f\u00fcr den nicht St\u00e4rke z\u00e4hlt, sondern Mut, Gef\u00fchl und die F\u00e4higkeit, an das zu glauben, was niemand sehen kann.<\/p>\n<p>Viele Kinder kennen Angst vor der Dunkelheit. Dieses Buch hilft ihnen, sie zu verstehen &#8211; und zu \u00fcberwinden.<\/p>\n<h3>Original-Kern des ersten Bandes<\/h3>\n<p>Der Klappentext bringt es auf den Punkt: Angst ist in Ajan ein schlechter Begleiter. Und Suna, die sich pl\u00f6tzlich an der riesigen Mauer wiederfindet, muss sich nicht nur den Schatten stellen, sondern auch sich selbst. Es ist eine Geschichte dar\u00fcber,<\/p>\n<ul>\n<li>wie man seinen \u00c4ngsten begegnet,<\/li>\n<li>wie man Verantwortung \u00fcbernimmt,<\/li>\n<li>und wie man sich in dunklen Zeiten auf das Gute besinnt.<\/li>\n<\/ul>\n<p>Ein Buch f\u00fcr Kinder, die Abenteuer lieben &#8211; und f\u00fcr Eltern, die ihren Kindern etwas Wertvolles mitgeben wollen.<\/p>\n<hr \/>\n<div class='bootstrap-yop yop-poll-mc'>\n\t\t\t\t\t\t\t<div class=\"basic-yop-poll-container\" style=\"background-color:#ffffff; border:0px; border-style:solid; border-color:#000000; border-radius:5px; padding:0px 5px;\" data-id=\"8\" data-temp=\"basic-pretty\" data-skin=\"square\" data-cscheme=\"blue\" data-cap=\"0\" data-access=\"guest\" data-tid=\"\" data-uid=\"ee82eaf1b643e525b454f285badff059\" data-pid=\"2701\" data-resdet=\"votes-number,percentages\" data-show-results-to=\"guest\" data-show-results-moment=\"after-vote\" data-show-results-only=\"false\" data-show-message=\"true\" data-show-results-as=\"bar\" data-sort-results-by=\"as-defined\" data-sort-results-rule=\"asc\"data-is-ended=\"0\" data-percentages-decimals=\"2\" data-gdpr=\"no\" data-gdpr-sol=\"consent\" data-css=\".basic-yop-poll-container[data-uid] .basic-vote {\n\t\t\t\t\t\t\t\t\ttext-align: center;\n\t\t\t\t\t\t\t\t}\" data-counter=\"0\" data-load-with=\"1\" data-notification-section=\"top\"><div class=\"row\"><div class=\"col-md-12\"><div class=\"basic-inner\"><div class=\"basic-message hide\" style=\"border-left: 10px solid #008000; padding: 0px 10px;\" data-error=\"#ff0000\" data-success=\"#008000\"><p class=\"basic-message-text\" style=\"color:#000000; font-size:14px; font-weight:normal;\"><\/p><\/div><div class=\"basic-overlay hide\"><div class=\"basic-vote-options\"><\/div><div class=\"basic-preloader\"><div class=\"basic-windows8\"><div class=\"basic-wBall basic-wBall_1\"><div class=\"basic-wInnerBall\"><\/div><\/div><div class=\"basic-wBall basic-wBall_2\"><div class=\"basic-wInnerBall\"><\/div><\/div><div class=\"basic-wBall basic-wBall_3\"><div class=\"basic-wInnerBall\"><\/div><\/div><div class=\"basic-wBall basic-wBall_4\"><div class=\"basic-wInnerBall\"><\/div><\/div><div class=\"basic-wBall basic-wBall_5\"><div class=\"basic-wInnerBall\"><\/div><\/div><\/div><\/div><\/div><form class=\"basic-form\"><input type=\"hidden\" name=\"_token\" value=\"46ef37108a\" autocomplete=\"off\"><div class=\"basic-elements\"><div class=\"basic-element basic-question basic-question-text-vertical\" data-id=\"8\" data-uid=\"de9b81d6ce2bfbf1deee5d11db07f1b9\" data-type=\"question\" data-question-type=\"text\" data-required=\"yes\" data-allow-multiple=\"no\" data-min=\"1\" data-max=\"7\" data-display=\"vertical\" data-colnum=\"\" data-display-others=\"no\" data-others-color=\"\" data-others=\"\" data-others-max-chars=\"0\"><div class=\"basic-question-title\"><h5 style=\"color:#000000; font-size:16px; font-weight:normal; text-align:left;\">Was w\u00e4re f\u00fcr Dich der Hauptgrund, ein eigenes Buch zu schreiben?<\/h5><\/div><ul class=\"basic-answers\"><li class=\"basic-answer\" style=\"padding:0px 0px;\" data-id=\"38\" data-type=\"text\" data-vn=\"5\" data-color=\"#000000\" data-make-link=\"no\" data-link=\"\"><div class=\"basic-answer-content basic-text-vertical\"><label for=\"answer[38]\" class=\"basic-answer-label\"><input type=\"radio\" id=\"answer[38]\" name=\"answer[8]\" value=\"38\"><span class=\"basic-text\" style=\"color: #000000; font-size: 14px; font-weight: normal;\">Ich m\u00f6chte meine Erfahrungen weitergeben<\/span><\/label><\/div><\/li><li class=\"basic-answer\" style=\"padding:0px 0px;\" data-id=\"39\" data-type=\"text\" data-vn=\"1\" data-color=\"#000000\" data-make-link=\"no\" data-link=\"\"><div class=\"basic-answer-content basic-text-vertical\"><label for=\"answer[39]\" class=\"basic-answer-label\"><input type=\"radio\" id=\"answer[39]\" name=\"answer[8]\" value=\"39\"><span class=\"basic-text\" style=\"color: #000000; font-size: 14px; font-weight: normal;\">Ich will mein Fachwissen dokumentieren<\/span><\/label><\/div><\/li><li class=\"basic-answer\" style=\"padding:0px 0px;\" data-id=\"40\" data-type=\"text\" data-vn=\"7\" data-color=\"#000000\" data-make-link=\"no\" data-link=\"\"><div class=\"basic-answer-content basic-text-vertical\"><label for=\"answer[40]\" class=\"basic-answer-label\"><input type=\"radio\" id=\"answer[40]\" name=\"answer[8]\" value=\"40\"><span class=\"basic-text\" style=\"color: #000000; font-size: 14px; font-weight: normal;\">Ich suche einen kreativen Ausgleich<\/span><\/label><\/div><\/li><li class=\"basic-answer\" style=\"padding:0px 0px;\" data-id=\"41\" data-type=\"text\" data-vn=\"4\" data-color=\"#000000\" data-make-link=\"no\" data-link=\"\"><div class=\"basic-answer-content basic-text-vertical\"><label for=\"answer[41]\" class=\"basic-answer-label\"><input type=\"radio\" id=\"answer[41]\" name=\"answer[8]\" value=\"41\"><span class=\"basic-text\" style=\"color: #000000; font-size: 14px; font-weight: normal;\">Ich erhoffe mir damit ein Einkommen<\/span><\/label><\/div><\/li><li class=\"basic-answer\" style=\"padding:0px 0px;\" data-id=\"42\" data-type=\"text\" data-vn=\"2\" data-color=\"#000000\" data-make-link=\"no\" data-link=\"\"><div class=\"basic-answer-content basic-text-vertical\"><label for=\"answer[42]\" class=\"basic-answer-label\"><input type=\"radio\" id=\"answer[42]\" name=\"answer[8]\" value=\"42\"><span class=\"basic-text\" style=\"color: #000000; font-size: 14px; font-weight: normal;\">Ich habe schon ein Buch geschrieben<\/span><\/label><\/div><\/li><li class=\"basic-answer\" style=\"padding:0px 0px;\" data-id=\"44\" data-type=\"text\" data-vn=\"3\" data-color=\"#000000\" data-make-link=\"no\" data-link=\"\"><div class=\"basic-answer-content basic-text-vertical\"><label for=\"answer[44]\" class=\"basic-answer-label\"><input type=\"radio\" id=\"answer[44]\" name=\"answer[8]\" value=\"44\"><span class=\"basic-text\" style=\"color: #000000; font-size: 14px; font-weight: normal;\">Ich habe kein Interesse am Schreiben<\/span><\/label><\/div><\/li><\/ul><\/div><div class=\"clearfix\"><\/div><\/div><div class=\"basic-vote\"><a href=\"#\" class=\"button basic-vote-button\" role=\"button\" style=\"background:#027bb8; border:0px; border-style: solid; border-color:#000000; border-radius:5px; padding:10px 10px; color:#ffffff; font-size:14px; font-weight:normal;\">Abstimmen<\/a><\/div><\/form><\/div><\/div><\/div><\/div>\n\t\t\t\t\t\t<\/div>\n<hr \/>\n<h2>Band 2: Die Magische Mauer &#8211; Das Geheimnis des Waldbu<\/h2>\n<p>Der zweite Band kn\u00fcpft nahtlos an den ersten an &#8211; aber er wird erwachsener, tiefgr\u00fcndiger und emotionaler. Ajan ist zur Ruhe gekommen, und Suna freut sich darauf, ihren 12. Geburtstag mit ihren Freunden zu feiern. Doch diese Ruhe h\u00e4lt nicht lange.<\/p>\n<h3>Ein Freund in Gefahr &#8211; und die Welt mit ihm<\/h3>\n<p>Lenn erscheint nicht zur Feier. Und pl\u00f6tzlich steht Larry, Lenns ajanischer Besch\u00fctzer, am Rand des Lebens. Was zun\u00e4chst wie ein pers\u00f6nliches Drama wirkt, entpuppt sich als Vorbote gr\u00f6\u00dferer Schwierigkeiten.<\/p>\n<p>Suna erkennt: Wenn Larry stirbt, k\u00f6nnte Lenn f\u00fcr immer verschwinden. Denn in Ajan h\u00e4ngen Lebensf\u00e4den enger zusammen, als man es aus der realen Welt kennt.<\/p>\n<p>Gemeinsam mit ihren Freunden macht sich Suna auf die Reise zu einem Heiler &#8211; doch w\u00e4hrenddessen w\u00e4chst im Hintergrund ein weiteres Unheil. Die sichere Seite der Mauer beginnt Risse zu zeigen.<\/p>\n<h3>Ein zweiter Band mit mehr Tiefgang<\/h3>\n<p>W\u00e4hrend der erste Band stark auf die Entdeckung der Welt ausgerichtet ist, legt der zweite Band einen Schwerpunkt auf:<\/p>\n<ul>\n<li>Freundschaft<\/li>\n<li>Verantwortung<\/li>\n<li>Verlust<\/li>\n<li>Heilung<\/li>\n<\/ul>\n<p>und die Frage, wie weit man gehen w\u00fcrde, um jemanden zu retten, der einem wichtig ist.<\/p>\n<p>Es ist eine Geschichte, die Kinder ernst nimmt, ohne sie zu \u00fcberfordern. Genau die Art von Literatur, die man als Erwachsener gern weitergibt, weil sie Werte transportiert, die \u00fcber das reine Lesevergn\u00fcgen hinausgehen.<\/p>\n<h2>Warum diese B\u00fccher herausstechen<\/h2>\n<p>In einer Welt voller schnell konsumierbarer Kinderliteratur sind Kollmanns B\u00fccher bemerkenswert bodenst\u00e4ndig. Sie verbinden Fantasie und Herz, ohne k\u00fcnstliche Aufgeregtheit. Es sind B\u00fccher, die sich Zeit nehmen. B\u00fccher, die Kinder begleiten, statt sie zu \u00fcberfahren. B\u00fccher, die tiefere Botschaften transportieren, ohne belehrend zu wirken.<\/p>\n<p>Und sie sind &#8211; mit maximal rund 17,99 Euro &#8211; erstaunlich erschwinglich f\u00fcr ihren Umfang und ihre Gestaltung.<\/p>\n<h3>F\u00fcr wen eignen sich die B\u00fccher?<\/h3>\n<ul>\n<li>F\u00fcr Kinder ab 8 Jahren<\/li>\n<li>F\u00fcr junge Leser, die Abenteuer lieben<\/li>\n<li>F\u00fcr sensible Kinder, die Angstthemen besser verstehen wollen<\/li>\n<li>F\u00fcr Eltern, die Wert auf Fantasie und innere St\u00e4rke legen<\/li>\n<li>F\u00fcr Grundschulen und Schulbibliotheken<\/li>\n<li>F\u00fcr alle, die Geschichten mit Seele sch\u00e4tzen<\/li>\n<\/ul>\n<p>Diese B\u00fccher laden ein, gemeinsam gelesen zu werden &#8211; abends, Kapitel f\u00fcr Kapitel. Genau so entstehen Erinnerungen, die bleiben.<\/p>\n<h2>Eine Autorin, die man im Blick behalten sollte<\/h2>\n<p>Jana Kollmann hat eine Welt geschaffen, die nicht laut sein muss, um Eindruck zu machen. Ihre Erz\u00e4hlweise tr\u00e4gt die leise Kraft jener Autoren, die tief in ihrer eigenen Kindheit verwurzelt sind &#8211; und genau deshalb Kinder so gut verstehen.<\/p>\n<p>Mit Die Magische Mauer &#8211; Die Schatten von Ajan und Die Magische Mauer &#8211; Das Geheimnis des Waldbu hat sie zwei Werke geschaffen, die sich nicht nur hervorragend lesen, sondern eine anhaltende Wirkung hinterlassen.<\/p>\n<p>Ein Gewinn f\u00fcr jedes Kinderzimmer &#8211; und ein sch\u00f6nes Beispiel daf\u00fcr, wie viel Wert es hat, wenn jemand seinem alten Traum treu bleibt.<\/p>\n<p><a href=\"https:\/\/www.lovelybooks.de\/autor\/Jana-Kollmann\/\" target=\"_blank\" rel=\"noopener\"><strong>Zur Autorenseite von Jana Kollmann<\/strong><\/a><\/p>\n<hr \/>\n\n\t\t\t<div class=\"display-post-types\">\n\n\t\t\t\t\t\t\t<style type=\"text\/css\">\n\t\t\t#dpt-wrapper-998 { --dpt-text-align: left;--dpt-image-crop: center;--dpt-border-radius: 5px;--dpt-h-gutter: 10px;--dpt-v-gutter: 9px; }\t\t\t<\/style>\n\t\t\t<style type=\"text\/css\">#dpt-wrapper-998 { --dpt-title-font-style:normal;--dpt-title-font-weight:600;--dpt-title-line-height:1.5;--dpt-title-text-decoration:none;--dpt-title-text-transform:none;--dpt-excerpt-font-style:normal;--dpt-excerpt-font-weight:400;--dpt-excerpt-line-height:1.5;--dpt-excerpt-text-decoration:none;--dpt-excerpt-text-transform:none;--dpt-meta1-font-style:normal;--dpt-meta1-font-weight:400;--dpt-meta1-line-height:1.9;--dpt-meta1-text-decoration:none;--dpt-meta1-text-transform:none;--dpt-meta2-font-style:normal;--dpt-meta2-font-weight:400;--dpt-meta2-line-height:1.9;--dpt-meta2-text-decoration:none;--dpt-meta2-text-transform:none; }<\/style><div class=\" dpt-main-header\">\n\t\t\t\t\t\t<div class=\"dpt-main-title\">\n\t\t\t\t\t\t\t<span class=\"dpt-main-title-text\">Gesellschaftsthemen der Gegenwart<\/span>\n\t\t\t\t\t\t<\/div>\n\t\t\t\t\t\t\n\t\t\t\t\t\t\n\t\t\t\t\t\t\n\t\t\t\t\t\t<\/div>\t\t\t\n\t\t\t\t<div id=\"dpt-wrapper-998\" class=\"dpt-wrapper dpt-mag1 land1 dpt-cropped dpt-flex-wrap\" >\n\n\t\t\t\t\t\t\t\t\t\t\t<div class=\"dpt-entry has-thumbnail\" data-title=\"gelenkt im alltag &#8211; wie moderne verkaufstricks unser verhalten steuern\" data-id=\"5750\"  data-category=\"allgemein gesellschaft stories &amp; humor\" data-post_tag=\"denkmodelle erfahrungen pers\u00f6nlichkeitsentwicklung prozesse ratgeber\">\n\t\t\t\t\t\t\t<div class=\"dpt-entry-wrapper\"><div class=\" dpt-featured-content\"><div class=\" dpt-permalink\"><a href=\"https:\/\/www.markus-schall.de\/en\/2026\/04\/gelenkt-im-alltag-wie-moderne-verkaufstricks-unser-verhalten-steuern\/\" class=\"dpt-permalink\"><span class=\"screen-reader-text\">Gelenkt im Alltag &#8211; Wie moderne Verkaufstricks unser Verhalten steuern<\/span><\/a><\/div><div class=\" dpt-thumbnail\"><div class=\"dpt-thumbnail-inner\"><img width=\"1024\" height=\"683\" class=\"attachment-full size-full\" alt=\"Verkaufstricks im Supermarkt und Online\" context=\"dpt\" data-dpt-src=\"https:\/\/www.markus-schall.de\/wp-content\/uploads\/Verkaufstricks.jpg\" data-dpt-sizes=\"(max-width: 1024px) 100vw, 1024px\" data-dpt-srcset=\"https:\/\/www.markus-schall.de\/wp-content\/uploads\/Verkaufstricks.jpg 1024w, https:\/\/www.markus-schall.de\/wp-content\/uploads\/Verkaufstricks-300x200.jpg 300w, https:\/\/www.markus-schall.de\/wp-content\/uploads\/Verkaufstricks-768x512.jpg 768w, https:\/\/www.markus-schall.de\/wp-content\/uploads\/Verkaufstricks-18x12.jpg 18w\" \/><\/div><span class=\"dpt-thumbnail-aspect-ratio\" style=\"padding-top: 75%\"><\/span><\/div><\/div><div class=\" sub-entry\"><h3 class=\" dpt-title\"><a class=\"dpt-title-link\" href=\"https:\/\/www.markus-schall.de\/en\/2026\/04\/gelenkt-im-alltag-wie-moderne-verkaufstricks-unser-verhalten-steuern\/\" rel=\"bookmark\">Gelenkt im Alltag &#8211; Wie moderne Verkaufstricks unser Verhalten steuern<\/a><\/h3><\/div><\/div>\n\t\t\t\t\t\t<\/div><!-- .dpt-entry -->\n\t\t\t\t\t\t\t\t\t\t\t\t<div class=\"dpt-entry has-thumbnail\" data-title=\"unsterblichkeit durch technik: wie weit forschung und ki wirklich sind\" data-id=\"3624\"  data-category=\"allgemein gesellschaft ki-systeme\" data-post_tag=\"denkmodelle k\u00fcnstliche intelligenz lernen llm prozesse sprachmodell\">\n\t\t\t\t\t\t\t<div class=\"dpt-entry-wrapper\"><div class=\" dpt-featured-content\"><div class=\" dpt-permalink\"><a href=\"https:\/\/www.markus-schall.de\/en\/2025\/11\/unsterblichkeit-durch-technik-wie-weit-forschung-und-ki-wirklich-sind\/\" class=\"dpt-permalink\"><span class=\"screen-reader-text\">Unsterblichkeit durch Technik: Wie weit Forschung und KI wirklich sind<\/span><\/a><\/div><div class=\" dpt-thumbnail\"><div class=\"dpt-thumbnail-inner\"><img width=\"1024\" height=\"683\" class=\"attachment-full size-full\" alt=\"Digitale Unsterblichkeit\" context=\"dpt\" data-dpt-src=\"https:\/\/www.markus-schall.de\/wp-content\/uploads\/digitale-unsterblichkeit.jpg\" data-dpt-sizes=\"(max-width: 1024px) 100vw, 1024px\" data-dpt-srcset=\"https:\/\/www.markus-schall.de\/wp-content\/uploads\/digitale-unsterblichkeit.jpg 1024w, https:\/\/www.markus-schall.de\/wp-content\/uploads\/digitale-unsterblichkeit-300x200.jpg 300w, https:\/\/www.markus-schall.de\/wp-content\/uploads\/digitale-unsterblichkeit-768x512.jpg 768w, https:\/\/www.markus-schall.de\/wp-content\/uploads\/digitale-unsterblichkeit-18x12.jpg 18w\" \/><\/div><span class=\"dpt-thumbnail-aspect-ratio\" style=\"padding-top: 75%\"><\/span><\/div><\/div><div class=\" sub-entry\"><h3 class=\" dpt-title\"><a class=\"dpt-title-link\" href=\"https:\/\/www.markus-schall.de\/en\/2025\/11\/unsterblichkeit-durch-technik-wie-weit-forschung-und-ki-wirklich-sind\/\" rel=\"bookmark\">Unsterblichkeit durch Technik: Wie weit Forschung und KI wirklich sind<\/a><\/h3><\/div><\/div>\n\t\t\t\t\t\t<\/div><!-- .dpt-entry -->\n\t\t\t\t\t\t\t\t\t\t\t\t<div class=\"dpt-entry has-thumbnail\" data-title=\"b\u00fccher mit tiefgang zu medizin, pers\u00f6nlichkeit und technik beim m. schall verlag\" data-id=\"2401\"  data-category=\"allgemein b\u00fccher gesellschaft gesundheit\" data-post_tag=\"buch cmd datenbanken krisen pers\u00f6nlichkeitsentwicklung verlag\">\n\t\t\t\t\t\t\t<div class=\"dpt-entry-wrapper\"><div class=\" dpt-featured-content\"><div class=\" dpt-permalink\"><a href=\"https:\/\/www.markus-schall.de\/en\/2025\/07\/buecher-mit-tiefgang-zu-medizin-persoenlichkeit-und-technik-beim-m-schall-verlag\/\" class=\"dpt-permalink\"><span class=\"screen-reader-text\">B\u00fccher mit Tiefgang zu Medizin, Pers\u00f6nlichkeit und Technik beim M. Schall Verlag<\/span><\/a><\/div><div class=\" dpt-thumbnail\"><div class=\"dpt-thumbnail-inner\"><img width=\"2400\" height=\"1260\" class=\"attachment-full size-full\" alt=\"Schall Verlag - B\u00fccher mit Substanz\" context=\"dpt\" data-dpt-src=\"https:\/\/www.markus-schall.de\/wp-content\/uploads\/image-sv.jpg\" data-dpt-sizes=\"(max-width: 2400px) 100vw, 2400px\" data-dpt-srcset=\"https:\/\/www.markus-schall.de\/wp-content\/uploads\/image-sv.jpg 2400w, https:\/\/www.markus-schall.de\/wp-content\/uploads\/image-sv-300x158.jpg 300w, https:\/\/www.markus-schall.de\/wp-content\/uploads\/image-sv-1024x538.jpg 1024w, https:\/\/www.markus-schall.de\/wp-content\/uploads\/image-sv-768x403.jpg 768w, https:\/\/www.markus-schall.de\/wp-content\/uploads\/image-sv-1536x806.jpg 1536w, https:\/\/www.markus-schall.de\/wp-content\/uploads\/image-sv-2048x1075.jpg 2048w, https:\/\/www.markus-schall.de\/wp-content\/uploads\/image-sv-18x9.jpg 18w\" \/><\/div><span class=\"dpt-thumbnail-aspect-ratio\" style=\"padding-top: 75%\"><\/span><\/div><\/div><div class=\" sub-entry\"><h3 class=\" dpt-title\"><a class=\"dpt-title-link\" href=\"https:\/\/www.markus-schall.de\/en\/2025\/07\/buecher-mit-tiefgang-zu-medizin-persoenlichkeit-und-technik-beim-m-schall-verlag\/\" rel=\"bookmark\">B\u00fccher mit Tiefgang zu Medizin, Pers\u00f6nlichkeit und Technik beim M. Schall Verlag<\/a><\/h3><\/div><\/div>\n\t\t\t\t\t\t<\/div><!-- .dpt-entry -->\n\t\t\t\t\t\t\t\t\t\t\t\t<div class=\"dpt-entry has-thumbnail\" data-title=\"helge schneider: haltung, humor und die freiheit, sich nicht erkl\u00e4ren zu m\u00fcssen\" data-id=\"4756\"  data-category=\"allgemein gesellschaft kunst &amp; kultur\" data-post_tag=\"deutschland erfahrungen meinungsfreiheit musik portrait\">\n\t\t\t\t\t\t\t<div class=\"dpt-entry-wrapper\"><div class=\" dpt-featured-content\"><div class=\" dpt-permalink\"><a href=\"https:\/\/www.markus-schall.de\/en\/2026\/02\/helge-schneider-haltung-humor-und-die-freiheit-sich-nicht-erklaeren-zu-muessen\/\" class=\"dpt-permalink\"><span class=\"screen-reader-text\">Helge Schneider: Haltung, Humor und die Freiheit, sich nicht erkl\u00e4ren zu m\u00fcssen<\/span><\/a><\/div><div class=\" dpt-thumbnail\"><div class=\"dpt-thumbnail-inner\"><img width=\"1024\" height=\"683\" class=\"attachment-full size-full\" alt=\"Helge Schneider Portrait\" context=\"dpt\" data-dpt-src=\"https:\/\/www.markus-schall.de\/wp-content\/uploads\/Helge-Schneider.jpg\" data-dpt-sizes=\"(max-width: 1024px) 100vw, 1024px\" data-dpt-srcset=\"https:\/\/www.markus-schall.de\/wp-content\/uploads\/Helge-Schneider.jpg 1024w, https:\/\/www.markus-schall.de\/wp-content\/uploads\/Helge-Schneider-300x200.jpg 300w, https:\/\/www.markus-schall.de\/wp-content\/uploads\/Helge-Schneider-768x512.jpg 768w, https:\/\/www.markus-schall.de\/wp-content\/uploads\/Helge-Schneider-18x12.jpg 18w\" \/><\/div><span class=\"dpt-thumbnail-aspect-ratio\" style=\"padding-top: 75%\"><\/span><\/div><\/div><div class=\" sub-entry\"><h3 class=\" dpt-title\"><a class=\"dpt-title-link\" href=\"https:\/\/www.markus-schall.de\/en\/2026\/02\/helge-schneider-haltung-humor-und-die-freiheit-sich-nicht-erklaeren-zu-muessen\/\" rel=\"bookmark\">Helge Schneider: Haltung, Humor und die Freiheit, sich nicht erkl\u00e4ren zu m\u00fcssen<\/a><\/h3><\/div><\/div>\n\t\t\t\t\t\t<\/div><!-- .dpt-entry -->\n\t\t\t\t\t\t\n\t\t\t\t<\/div>\n\t\t\t\t\t\t<\/div>\n\t\t\t\n<hr \/>\n<h2>H\u00e4ufig gestellte Fragen zu den B\u00fcchern<\/h2>\n<ol>\n<li><strong>F\u00fcr welches Alter eignen sich die B\u00fccher von Jana Kollmann am besten?<\/strong><br \/>\nDie beiden B\u00e4nde rund um \u201eDie Magische Mauer\u201c richten sich vor allem an Kinder zwischen 8 und 12 Jahren. Die Sprache ist leicht verst\u00e4ndlich, aber nicht banal, und der Inhalt bietet genug Tiefe, um auch \u00e4ltere Kinder und sogar Erwachsene neugierig zu halten. Besonders Kinder, die bereits erste Leseerfahrung gesammelt haben und gern in fantastische Welten eintauchen, profitieren von der Kombination aus Spannung, poetischer Bildsprache und emotionalen Themen.<\/li>\n<li><strong>Worum geht es in der Welt Ajan eigentlich genau?<\/strong><br \/>\nAjan ist eine geheimnisvolle Zwischenwelt, die im Schlaf betreten wird. Sie liegt \u201ehinter der Mauer\u201c, einer Art symbolischer Grenze zwischen Traum und Realit\u00e4t. In dieser Welt sind Kuscheltiere lebendig, dunkle M\u00e4chte aktiv und Emotionen besitzen eine eigene Form. Ajan dient als B\u00fchne f\u00fcr Mut, Selbstfindung und das \u00dcberwinden von \u00c4ngsten &#8211; aber immer auf eine Weise, die Kinder ernst nimmt, ohne sie zu \u00fcberfordern.<\/li>\n<li><strong>Welche Eigenschaften hat die Hauptfigur Suna?<\/strong><br \/>\nSuna ist ein M\u00e4dchen, das zu Beginn eher unsicher und von der Dunkelheit beeindruckt ist. Im Lauf ihrer Erlebnisse in Ajan w\u00e4chst sie \u00fcber sich hinaus. Sie entwickelt Mut, Verantwortungsgef\u00fchl und die F\u00e4higkeit, f\u00fcr andere einzustehen. Ihre Reaktionen wirken realistisch und nachvollziehbar, was viele junge Leser an ihr m\u00f6gen: Suna ist keine perfekte Heldin, sondern ein Kind, das lernen muss, Entscheidungen zu treffen.<\/li>\n<li><strong>Welche zentralen Themen behandeln die B\u00fccher?<\/strong><br \/>\nDie Reihe greift mehrere gro\u00dfe Themen auf:<br \/>\n&#8211; Mut und Angstbew\u00e4ltigung<br \/>\n&#8211; Freundschaft und Zusammenhalt<br \/>\n&#8211; Verantwortung \u00fcbernehmen<br \/>\n&#8211; Verlust und Heilung<br \/>\n&#8211; Die Kraft des Glaubens an das Gute<br \/>\nAlle Themen werden kindgerecht erz\u00e4hlt, ohne k\u00fcnstliche Dramatisierung. Die B\u00fccher sind daher gut geeignet, um mit Kindern \u00fcber Gef\u00fchle und innere Konflikte zu sprechen.<\/li>\n<li><strong>Sind die B\u00fccher eher spannend oder eher poetisch?<\/strong><br \/>\nBeides. Jana Kollmann verbindet Spannung mit einer ruhigen Erz\u00e4hlweise. Es gibt gef\u00e4hrliche Momente, r\u00e4tselhafte Entwicklungen und klare Konflikte, aber alles bleibt auf einem Niveau, das Kinder nicht \u00fcberfordert. Gleichzeitig arbeitet die Autorin mit bildhaften, teilweise poetischen Beschreibungen, die der Welt Ajan eine besondere Atmosph\u00e4re verleihen.<\/li>\n<li><strong>Wie unterscheidet sich Band 2 vom ersten Band?<\/strong><br \/>\nDer zweite Band wird emotional und erz\u00e4hlerisch etwas reifer. W\u00e4hrend in Band 1 die Entdeckung der Welt Ajan und die Bew\u00e4ltigung von Angst im Mittelpunkt stehen, besch\u00e4ftigt sich Band 2 st\u00e4rker mit Themen wie Verlust, Loyalit\u00e4t und der Frage, wie weit man f\u00fcr einen Freund gehen w\u00fcrde. Die Geschichte wirkt insgesamt \u201eerwachsener\u201c, ohne den kindlichen Zauber zu verlieren.<\/li>\n<li><strong>K\u00f6nnen die B\u00fccher auch f\u00fcr das gemeinsame Lesen mit Eltern genutzt werden?<\/strong><br \/>\nJa, sogar sehr gut. Die klare Struktur, die lebendigen Figuren und die gut dosierte Spannung eignen sich hervorragend f\u00fcr gemeinsames Lesen am Abend. Viele Eltern berichten, dass die B\u00fccher angenehme Gespr\u00e4chsanl\u00e4sse schaffen &#8211; etwa \u00fcber Mut, Gef\u00fchl, Dunkelheit oder Verantwortung. Beide B\u00e4nde bieten gen\u00fcgend Substanz, um gemeinsam in der Familie besprochen zu werden.<\/li>\n<li><strong>Warum spielen Kuscheltiere eine so gro\u00dfe Rolle?<\/strong><br \/>\nKuscheltiere sind f\u00fcr viele Kinder emotionale Anker: vertraut, beruhigend und symbolisch wichtig. In Jana Kollmanns Welt bekommen sie eine Stimme, einen Charakter und eine Bedeutung, die weit \u00fcber das Stofftier hinausgeht. Sie sind Begleiter, Mentoren, manchmal auch Schutzfiguren. Genau das macht die B\u00fccher f\u00fcr j\u00fcngere Leser zug\u00e4nglich und tr\u00f6stlich &#8211; ohne ins Kitschige abzugleiten.<\/li>\n<li><strong>Welche Werte vermitteln die Geschichten?<\/strong><br \/>\nDie B\u00fccher vermitteln Werte, die in einer modernen Welt oft zu kurz kommen:<br \/>\n&#8211; Standhaftigkeit<br \/>\n&#8211; Loyalit\u00e4t<br \/>\n&#8211; innere St\u00e4rke<br \/>\n&#8211; Selbstvertrauen<br \/>\n&#8211; das Zuh\u00f6ren und Ernstnehmen eigener Gef\u00fchle<br \/>\nSie tun das auf eine unaufdringliche Weise. Die moralischen Botschaften werden nicht in den Vordergrund gestellt, sondern durch Sunas Handlungen sichtbar.<\/li>\n<li><strong>Warum lohnen sich die B\u00fccher besonders f\u00fcr sensiblere Kinder?<\/strong><br \/>\nWeil sie das Thema Dunkelheit, Unsicherheit und innere Spannung mit gro\u00dfer Behutsamkeit behandeln. Die Geschichten stellen \u00c4ngste nicht blo\u00df, sondern machen sie nachvollziehbar. Sensiblere Kinder erleben in Ajan, dass Angst nicht das Ende ist, sondern der Anfang eines pers\u00f6nlichen Wachstums. Genau diese Art von Erz\u00e4hlkunst hilft Kindern, ihre eigenen Emotionen besser einzuordnen.<\/li>\n<\/ol>\n<hr \/>\n\n\t\t\t<div class=\"display-post-types\">\n\n\t\t\t\t\t\t\t<style type=\"text\/css\">\n\t\t\t#dpt-wrapper-999 { --dpt-text-align: left;--dpt-image-crop: center;--dpt-border-radius: 5px;--dpt-h-gutter: 10px;--dpt-v-gutter: 9px; }\t\t\t<\/style>\n\t\t\t<style type=\"text\/css\">#dpt-wrapper-999 { --dpt-title-font-style:normal;--dpt-title-font-weight:600;--dpt-title-line-height:1.5;--dpt-title-text-decoration:none;--dpt-title-text-transform:none;--dpt-excerpt-font-style:normal;--dpt-excerpt-font-weight:400;--dpt-excerpt-line-height:1.5;--dpt-excerpt-text-decoration:none;--dpt-excerpt-text-transform:none;--dpt-meta1-font-style:normal;--dpt-meta1-font-weight:400;--dpt-meta1-line-height:1.9;--dpt-meta1-text-decoration:none;--dpt-meta1-text-transform:none;--dpt-meta2-font-style:normal;--dpt-meta2-font-weight:400;--dpt-meta2-line-height:1.9;--dpt-meta2-text-decoration:none;--dpt-meta2-text-transform:none; }<\/style><div class=\" dpt-main-header\">\n\t\t\t\t\t\t<div class=\"dpt-main-title\">\n\t\t\t\t\t\t\t<span class=\"dpt-main-title-text\">Aktuelle Beitr\u00e4ge zu Kunst &amp; Kultur<\/span>\n\t\t\t\t\t\t<\/div>\n\t\t\t\t\t\t\n\t\t\t\t\t\t\n\t\t\t\t\t\t\n\t\t\t\t\t\t<\/div>\t\t\t\n\t\t\t\t<div id=\"dpt-wrapper-999\" class=\"dpt-wrapper dpt-mag1 land1 dpt-cropped dpt-flex-wrap\" >\n\n\t\t\t\t\t\t\t\t\t\t\t<div class=\"dpt-entry has-thumbnail\" data-title=\"ulrike gu\u00e9rot: eine europ\u00e4erin zwischen idee, universit\u00e4t und \u00f6ffentlichem diskurs\" data-id=\"4039\"  data-category=\"allgemein gesellschaft kunst &amp; kultur\" data-post_tag=\"denkmodelle deutschland europa geopolitik krisen meinungsfreiheit portrait sicherheitspolitik spieltheorie\">\n\t\t\t\t\t\t\t<div class=\"dpt-entry-wrapper\"><div class=\" dpt-featured-content\"><div class=\" dpt-permalink\"><a href=\"https:\/\/www.markus-schall.de\/en\/2025\/12\/ulrike-guerot-eine-europaeerin-zwischen-idee-universitaet-und-oeffentlichem-diskurs\/\" class=\"dpt-permalink\"><span class=\"screen-reader-text\">Ulrike Gu\u00e9rot: Eine Europ\u00e4erin zwischen Idee, Universit\u00e4t und \u00f6ffentlichem Diskurs<\/span><\/a><\/div><div class=\" dpt-thumbnail\"><div class=\"dpt-thumbnail-inner\"><img width=\"1024\" height=\"683\" class=\"attachment-full size-full\" alt=\"Ulrike Gu\u00e9rot und Europa\" context=\"dpt\" data-dpt-src=\"https:\/\/www.markus-schall.de\/wp-content\/uploads\/ulrike-guerot-portrait.jpg\" data-dpt-sizes=\"(max-width: 1024px) 100vw, 1024px\" data-dpt-srcset=\"https:\/\/www.markus-schall.de\/wp-content\/uploads\/ulrike-guerot-portrait.jpg 1024w, https:\/\/www.markus-schall.de\/wp-content\/uploads\/ulrike-guerot-portrait-300x200.jpg 300w, https:\/\/www.markus-schall.de\/wp-content\/uploads\/ulrike-guerot-portrait-768x512.jpg 768w, https:\/\/www.markus-schall.de\/wp-content\/uploads\/ulrike-guerot-portrait-18x12.jpg 18w\" \/><\/div><span class=\"dpt-thumbnail-aspect-ratio\" style=\"padding-top: 75%\"><\/span><\/div><\/div><div class=\" sub-entry\"><h3 class=\" dpt-title\"><a class=\"dpt-title-link\" href=\"https:\/\/www.markus-schall.de\/en\/2025\/12\/ulrike-guerot-eine-europaeerin-zwischen-idee-universitaet-und-oeffentlichem-diskurs\/\" rel=\"bookmark\">Ulrike Gu\u00e9rot: Eine Europ\u00e4erin zwischen Idee, Universit\u00e4t und \u00f6ffentlichem Diskurs<\/a><\/h3><\/div><\/div>\n\t\t\t\t\t\t<\/div><!-- .dpt-entry -->\n\t\t\t\t\t\t\t\t\t\t\t\t<div class=\"dpt-entry has-thumbnail\" data-title=\"was ist der sinn des lebens? religionen, philosophen und helmut thielicke im vergleich\" data-id=\"6071\"  data-category=\"allgemein gesellschaft ki-systeme kunst &amp; kultur stories &amp; humor\" data-post_tag=\"denkmodelle erfahrungen gesundheit krisen k\u00fcnstliche intelligenz meinungsfreiheit pers\u00f6nlichkeitsentwicklung portrait\">\n\t\t\t\t\t\t\t<div class=\"dpt-entry-wrapper\"><div class=\" dpt-featured-content\"><div class=\" dpt-permalink\"><a href=\"https:\/\/www.markus-schall.de\/en\/2026\/05\/was-ist-der-sinn-des-lebens-religionen-philosophen-und-helmut-thielicke-im-vergleich\/\" class=\"dpt-permalink\"><span class=\"screen-reader-text\">Was ist der Sinn des Lebens? Religionen, Philosophen und Helmut Thielicke im Vergleich<\/span><\/a><\/div><div class=\" dpt-thumbnail\"><div class=\"dpt-thumbnail-inner\"><img width=\"1024\" height=\"682\" class=\"attachment-full size-full\" alt=\"Die Frage nach dem Sinn des Lebens\" context=\"dpt\" data-dpt-src=\"https:\/\/www.markus-schall.de\/wp-content\/uploads\/Sinn-des-Lebens.jpg\" data-dpt-sizes=\"(max-width: 1024px) 100vw, 1024px\" data-dpt-srcset=\"https:\/\/www.markus-schall.de\/wp-content\/uploads\/Sinn-des-Lebens.jpg 1024w, https:\/\/www.markus-schall.de\/wp-content\/uploads\/Sinn-des-Lebens-300x200.jpg 300w, https:\/\/www.markus-schall.de\/wp-content\/uploads\/Sinn-des-Lebens-768x512.jpg 768w, https:\/\/www.markus-schall.de\/wp-content\/uploads\/Sinn-des-Lebens-18x12.jpg 18w\" \/><\/div><span class=\"dpt-thumbnail-aspect-ratio\" style=\"padding-top: 75%\"><\/span><\/div><\/div><div class=\" sub-entry\"><h3 class=\" dpt-title\"><a class=\"dpt-title-link\" href=\"https:\/\/www.markus-schall.de\/en\/2026\/05\/was-ist-der-sinn-des-lebens-religionen-philosophen-und-helmut-thielicke-im-vergleich\/\" rel=\"bookmark\">Was ist der Sinn des Lebens? Religionen, Philosophen und Helmut Thielicke im Vergleich<\/a><\/h3><\/div><\/div>\n\t\t\t\t\t\t<\/div><!-- .dpt-entry -->\n\t\t\t\t\t\t\t\t\t\t\t\t<div class=\"dpt-entry has-thumbnail\" data-title=\"wenn pflicht wieder pflicht wird. eine art essay von herrn von l&#8217;oreot.\" data-id=\"3010\"  data-category=\"allgemein gesellschaft kunst &amp; kultur stories &amp; humor\" data-post_tag=\"deutschland erfahrungen geopolitik krisen pers\u00f6nlichkeitsentwicklung sicherheitspolitik\">\n\t\t\t\t\t\t\t<div class=\"dpt-entry-wrapper\"><div class=\" dpt-featured-content\"><div class=\" dpt-permalink\"><a href=\"https:\/\/www.markus-schall.de\/en\/2025\/10\/wenn-pflicht-wieder-pflicht-wird-eine-art-essay-von-herrn-von-loreot\/\" class=\"dpt-permalink\"><span class=\"screen-reader-text\">Wenn Pflicht wieder Pflicht wird. Eine Art Essay von Herrn von L&#8217;oreot.<\/span><\/a><\/div><div class=\" dpt-thumbnail\"><div class=\"dpt-thumbnail-inner\"><img width=\"1024\" height=\"683\" class=\"attachment-full size-full\" alt=\"Ein unerwarteter Anruf\" context=\"dpt\" data-dpt-src=\"https:\/\/www.markus-schall.de\/wp-content\/uploads\/loreot-pflicht-anruf.jpg\" data-dpt-sizes=\"(max-width: 1024px) 100vw, 1024px\" data-dpt-srcset=\"https:\/\/www.markus-schall.de\/wp-content\/uploads\/loreot-pflicht-anruf.jpg 1024w, https:\/\/www.markus-schall.de\/wp-content\/uploads\/loreot-pflicht-anruf-300x200.jpg 300w, https:\/\/www.markus-schall.de\/wp-content\/uploads\/loreot-pflicht-anruf-768x512.jpg 768w, https:\/\/www.markus-schall.de\/wp-content\/uploads\/loreot-pflicht-anruf-18x12.jpg 18w\" \/><\/div><span class=\"dpt-thumbnail-aspect-ratio\" style=\"padding-top: 75%\"><\/span><\/div><\/div><div class=\" sub-entry\"><h3 class=\" dpt-title\"><a class=\"dpt-title-link\" href=\"https:\/\/www.markus-schall.de\/en\/2025\/10\/wenn-pflicht-wieder-pflicht-wird-eine-art-essay-von-herrn-von-loreot\/\" rel=\"bookmark\">Wenn Pflicht wieder Pflicht wird. Eine Art Essay von Herrn von L&#8217;oreot.<\/a><\/h3><\/div><\/div>\n\t\t\t\t\t\t<\/div><!-- .dpt-entry -->\n\t\t\t\t\t\t\t\t\t\t\t\t<div class=\"dpt-entry has-thumbnail\" data-title=\"vicco von b\u00fclow alias loriot &#8211; ordnung, form und der leise widerstand des humors\" data-id=\"4169\"  data-category=\"allgemein gesellschaft kunst &amp; kultur stories &amp; humor\" data-post_tag=\"deutschland erfahrungen pers\u00f6nlichkeitsentwicklung portrait\">\n\t\t\t\t\t\t\t<div class=\"dpt-entry-wrapper\"><div class=\" dpt-featured-content\"><div class=\" dpt-permalink\"><a href=\"https:\/\/www.markus-schall.de\/en\/2025\/12\/vicco-von-buelow-alias-loriot-ordnung-form-und-der-leise-widerstand-des-humors\/\" class=\"dpt-permalink\"><span class=\"screen-reader-text\">Vicco von B\u00fclow alias Loriot &#8211; Ordnung, Form und der leise Widerstand des Humors<\/span><\/a><\/div><div class=\" dpt-thumbnail\"><div class=\"dpt-thumbnail-inner\"><img width=\"1024\" height=\"747\" class=\"attachment-full size-full\" alt=\"\" context=\"dpt\" data-dpt-src=\"https:\/\/www.markus-schall.de\/wp-content\/uploads\/Loriot-Titel.jpg\" data-dpt-sizes=\"(max-width: 1024px) 100vw, 1024px\" data-dpt-srcset=\"https:\/\/www.markus-schall.de\/wp-content\/uploads\/Loriot-Titel.jpg 1024w, https:\/\/www.markus-schall.de\/wp-content\/uploads\/Loriot-Titel-300x219.jpg 300w, https:\/\/www.markus-schall.de\/wp-content\/uploads\/Loriot-Titel-768x560.jpg 768w, https:\/\/www.markus-schall.de\/wp-content\/uploads\/Loriot-Titel-16x12.jpg 16w\" \/><\/div><span class=\"dpt-thumbnail-aspect-ratio\" style=\"padding-top: 75%\"><\/span><\/div><\/div><div class=\" sub-entry\"><h3 class=\" dpt-title\"><a class=\"dpt-title-link\" href=\"https:\/\/www.markus-schall.de\/en\/2025\/12\/vicco-von-buelow-alias-loriot-ordnung-form-und-der-leise-widerstand-des-humors\/\" rel=\"bookmark\">Vicco von B\u00fclow alias Loriot &#8211; Ordnung, Form und der leise Widerstand des Humors<\/a><\/h3><\/div><\/div>\n\t\t\t\t\t\t<\/div><!-- .dpt-entry -->\n\t\t\t\t\t\t\n\t\t\t\t<\/div>\n\t\t\t\t\t\t<\/div>\n\t\t\t\n<hr \/>\n","protected":false},"excerpt":{"rendered":"<p>At a time when many children's books seem fast-paced and are often designed for short-lived effects, it is worth taking a look at works that have been written with real attention to detail. Books that take the time to build a world that not only entertains young readers, but also conveys courage, imagination and inner strength. Just such ... <a title=\"Vicco von B\u00fclow alias Loriot - order, form and the quiet resistance of humor\" class=\"read-more\" href=\"https:\/\/www.markus-schall.de\/en\/2025\/12\/vicco-von-buelow-alias-loriot-ordnung-form-und-der-leise-widerstand-des-humors\/\" aria-label=\"Read more about Vicco von B\u00fclow alias Loriot - Order, form and the quiet resistance of humor\">Read more<\/a><\/p>","protected":false},"author":1,"featured_media":3601,"comment_status":"open","ping_status":"open","sticky":false,"template":"","format":"standard","meta":{"iawp_total_views":24,"footnotes":""},"categories":[424,1],"tags":[425,458,428,429],"class_list":["post-3600","post","type-post","status-publish","format-standard","has-post-thumbnail","hentry","category-buecher","category-allgemein","tag-buch","tag-erfahrungen","tag-lernen","tag-persoenlichkeitsentwicklung"],"_links":{"self":[{"href":"https:\/\/www.markus-schall.de\/en\/wp-json\/wp\/v2\/posts\/3600","targetHints":{"allow":["GET"]}}],"collection":[{"href":"https:\/\/www.markus-schall.de\/en\/wp-json\/wp\/v2\/posts"}],"about":[{"href":"https:\/\/www.markus-schall.de\/en\/wp-json\/wp\/v2\/types\/post"}],"author":[{"embeddable":true,"href":"https:\/\/www.markus-schall.de\/en\/wp-json\/wp\/v2\/users\/1"}],"replies":[{"embeddable":true,"href":"https:\/\/www.markus-schall.de\/en\/wp-json\/wp\/v2\/comments?post=3600"}],"version-history":[{"count":8,"href":"https:\/\/www.markus-schall.de\/en\/wp-json\/wp\/v2\/posts\/3600\/revisions"}],"predecessor-version":[{"id":5872,"href":"https:\/\/www.markus-schall.de\/en\/wp-json\/wp\/v2\/posts\/3600\/revisions\/5872"}],"wp:featuredmedia":[{"embeddable":true,"href":"https:\/\/www.markus-schall.de\/en\/wp-json\/wp\/v2\/media\/3601"}],"wp:attachment":[{"href":"https:\/\/www.markus-schall.de\/en\/wp-json\/wp\/v2\/media?parent=3600"}],"wp:term":[{"taxonomy":"category","embeddable":true,"href":"https:\/\/www.markus-schall.de\/en\/wp-json\/wp\/v2\/categories?post=3600"},{"taxonomy":"post_tag","embeddable":true,"href":"https:\/\/www.markus-schall.de\/en\/wp-json\/wp\/v2\/tags?post=3600"}],"curies":[{"name":"wp","href":"https:\/\/api.w.org\/{rel}","templated":true}]}}