{"id":466,"count":68,"description":"Esta secci\u00f3n contiene <strong>evoluci\u00f3n social, observaciones y tensiones<\/strong> La atenci\u00f3n se centra en temas que afectan a nuestra convivencia, nuestros valores y nuestra orientaci\u00f3n cultural. Algunos de estos art\u00edculos abordan debates actuales, otros examinan estructuras establecidas desde hace mucho tiempo o echan la vista atr\u00e1s a contextos hist\u00f3ricos. A menudo no se trata de hacer juicios r\u00e1pidos, sino de detenerse, mirar m\u00e1s de cerca y preguntarse: \u00bfhacia d\u00f3nde queremos ir realmente como sociedad?\r\n\r\nQuien lea estas p\u00e1ginas no encontrar\u00e1 un teatro de opini\u00f3n estridente, sino an\u00e1lisis serenos, palabras claras y un ojo para lo que a menudo se esconde entre l\u00edneas. Especialmente en una \u00e9poca de creciente polarizaci\u00f3n, una visi\u00f3n diferenciada de las cuestiones sociales puede ayudarle a elegir su propio punto de vista m\u00e1s conscientemente - y a cuestionarlo si es necesario.","link":"https:\/\/www.markus-schall.de\/es\/categoria\/sociedad\/","name":"Sociedad","slug":"sociedad","taxonomy":"category","parent":0,"meta":[],"_links":{"self":[{"href":"https:\/\/www.markus-schall.de\/es\/wp-json\/wp\/v2\/categories\/466","targetHints":{"allow":["GET"]}}],"collection":[{"href":"https:\/\/www.markus-schall.de\/es\/wp-json\/wp\/v2\/categories"}],"about":[{"href":"https:\/\/www.markus-schall.de\/es\/wp-json\/wp\/v2\/taxonomies\/category"}],"wp:post_type":[{"href":"https:\/\/www.markus-schall.de\/es\/wp-json\/wp\/v2\/posts?categories=466"}],"curies":[{"name":"wp","href":"https:\/\/api.w.org\/{rel}","templated":true}]}}