{"id":1302,"date":"2012-03-22T22:15:39","date_gmt":"2012-03-22T22:15:39","guid":{"rendered":"https:\/\/markus-schall.de\/?p=1302"},"modified":"2025-11-22T16:56:47","modified_gmt":"2025-11-22T16:56:47","slug":"y-el-aire-de-berlin-llama-para-siempre","status":"publish","type":"post","link":"https:\/\/www.markus-schall.de\/es\/2012\/03\/y-el-aire-de-berlin-llama-para-siempre\/","title":{"rendered":"...\u00a1y el aire de Berl\u00edn llama para siempre!"},"content":{"rendered":"<p><img loading=\"lazy\" decoding=\"async\" class=\"alignleft size-full wp-image-1319\" title=\"Berl\u00edn 2012 con im\u00e1genes y v\u00eddeo de prueba de Nikon\" src=\"https:\/\/markus-schall.de\/wp-content\/uploads\/berlin_artikelbild.gif\" alt=\"Berl\u00edn 2012 con im\u00e1genes y v\u00eddeo de prueba de Nikon\" width=\"180\" height=\"180\" srcset=\"https:\/\/www.markus-schall.de\/wp-content\/uploads\/berlin_artikelbild.gif 180w, https:\/\/www.markus-schall.de\/wp-content\/uploads\/berlin_artikelbild-150x150.gif 150w, https:\/\/www.markus-schall.de\/wp-content\/uploads\/berlin_artikelbild-12x12.gif 12w\" sizes=\"auto, (max-width: 180px) 100vw, 180px\" \/>La semana pasada estuve unos d\u00edas en Berl\u00edn y pude recoger muchas impresiones interesantes, que me gustar\u00eda describir a continuaci\u00f3n. El breve viaje a Berl\u00edn tambi\u00e9n fue una excelente oportunidad para poner a prueba mi relativamente nueva Nikon Coolpix P300, por lo que las galer\u00edas de im\u00e1genes de este art\u00edculo son todas de la Nikon P300. Los d\u00edas en Berl\u00edn fueron emocionantes, y pude admirar por primera vez una original mesa Microsoft Surface, que forma parte del equipamiento de la sucursal \"Q110 - El Deutsche Bank del futuro\" en la Friedrichstra\u00dfe. Pero lo primero es lo primero. Primero me gustar\u00eda explicar por qu\u00e9 es buena idea que los viajeros de negocios dejen el coche en casa, y luego les contar\u00e9 lo que viv\u00ed en Berl\u00edn.<\/p>\n<p><!--more--><\/p>\n<h2>Tome el tren a Berl\u00edn de forma r\u00e1pida y barata<\/h2>\n<p>As\u00ed que, en primer lugar: No estoy en absoluto pagado, patrocinado o lo que sea por el ferrocarril. Pero en lo que se refiere a la relaci\u00f3n calidad-precio, el ferrocarril lleva ventaja en t\u00e9rminos de log\u00edstica. En coche, con un consumo medio de combustible de ocho litros cada 100 kil\u00f3metros y algo menos de 1.000 kil\u00f3metros para el viaje de ida y vuelta, con un precio de la gasolina de aproximadamente 1,70 euros, los costes puros de la gasolina ser\u00edan de 136 euros. El coste total del coche, a unos moderados 0,25 euros por kil\u00f3metro, es por tanto de unos 250 euros. Adem\u00e1s, hay que conducir el coche uno mismo, lo que no siempre es divertido, sobre todo en la A1 hacia Hamburgo, y lleva al menos cuatro horas en total. El tren puede hacerlo mejor: si reserva con suficiente antelaci\u00f3n, puede conseguir un billete de tren de ida y vuelta para 2\u00aa clase a un precio de 108 euros, para 1\u00aa clase al precio martillo de 128 euros, m\u00e1s reserva si es necesario. El viaje total dura s\u00f3lo tres horas y 40 minutos, y en mi caso tuve que cambiar de tren una vez. Aparte de un retraso de diez minutos en uno de los trenes ICE, todos los trenes fueron puntuales y todo transcurri\u00f3 con normalidad.<\/p>\n<h2>Exposici\u00f3n de mStore en \"Q110 - El Deutsche Bank del futuro\"<\/h2>\n<p>mStore, el mayor distribuidor Premium de Apple de Alemania y tambi\u00e9n con sede en Oldenburg, muestra c\u00f3mo los productos Apple pueden simplificar la vida cotidiana y aumentar la comodidad en la exposici\u00f3n \"Connected Living\" en \"Q110 - El Deutsche Bank del futuro\" hasta finales de abril. Exactamente mi tema, as\u00ed que viaj\u00e9 con mucho gusto para verlo de cerca. Una vez all\u00ed, un amable empleado del Deutsche Bank me recibi\u00f3 con gran profesionalidad y me ense\u00f1\u00f3 el edificio. Si quiere saber m\u00e1s sobre la exposici\u00f3n y \"Q110 - El Deutsche Bank del futuro\", puede encontrar m\u00e1s informaci\u00f3n en mi art\u00edculo en el portal Mac@Biz de Apple. Aqu\u00ed tiene algunas fotos del Q110:<\/p>\n<h2>El nuevo iPad 3 en la mStore de Berl\u00edn<\/h2>\n<p>El nuevo iPad 3 era otra de las cosas que me interesaban. En el <strong>mStore Berl\u00edn<\/strong> en Bismarckstra\u00dfe, encontr\u00e9 lo que buscaba y pude ver la nueva generaci\u00f3n de iPad en persona. Literalmente, \u00a1porque la nueva pantalla es realmente incre\u00edble! Es obvio, teniendo en cuenta que la resoluci\u00f3n del iPad 3 es ahora superior a la de un televisor est\u00e1ndar de 46 pulgadas. Aparte de eso, el dispositivo es muy similar al iPad 2, aunque definitivamente pude sentir los 50 gramos extra de peso del nuevo dispositivo. Como era de esperar, la c\u00e1mara del nuevo iPad es muy buena y sorprendentemente brillante.<\/p>\n<h2>La tienda Apple de Kurf\u00fcrstendamm sigue siendo \"rudimentaria\"<\/h2>\n<p>Como ya estoy en Berl\u00edn y mi hotel est\u00e1 en Wilmersdorf, naturalmente ech\u00e9 un vistazo a la inacabada tienda Apple en Kurf\u00fcrstendamm. Pero s\u00f3lo de lejos, porque acabo de darme cuenta de que ni siquiera he estado en la calle de la tienda Apple en todos estos d\u00edas... \ud83d\ude09 Este es el estado actual:<\/p>\n<h2>Grandes fotos y v\u00eddeos con la Nikon P300<\/h2>\n<p>Hace unos meses, buscaba una c\u00e1mara que fuera lo m\u00e1s compacta posible, pero que al mismo tiempo ofreciera fotos y v\u00eddeos de muy buena calidad. Me di cuenta de que s\u00f3lo la Nikon P300, la Olympus ZX-1, la Canon S95 o la Canon S100 se ajustaban a mis necesidades. Sin embargo, como siempre, cada c\u00e1mara tiene sus ventajas y sus inconvenientes. Por ejemplo, la Olympus ZX-1 es la m\u00e1s grande en cuanto a tama\u00f1o del cuerpo, por lo que sigue siendo compacta, pero no tan delicada como las otras candidatas, y s\u00f3lo hace v\u00eddeo 720p con un formato de archivo anticuado - pero tiene un sensor relativamente grande y un objetivo zoom 4x muy bueno con una apertura de F1.8-2.5. La Canon S95 es una c\u00e1mara (fotogr\u00e1fica) estupenda con un sensor muy bueno m\u00e1s o menos al mismo nivel que la Olympus, pero no tan r\u00e1pida. Aunque la Canon hace v\u00eddeos en resoluci\u00f3n Full HD 1080p, lamentablemente no permite cambiar el zoom u otros par\u00e1metros durante la filmaci\u00f3n. En este sentido, la sucesora de la S100 ha aprendido algo nuevo, pero por algo menos de 400 euros sigue sin ser precisamente una ganga.<\/p>\n<p>Queda la Nikon P300, que compr\u00e9 hace unos meses en Amazon a un precio muy bueno de unos 190 euros - el PVP de esta c\u00e1mara es de 330 euros. La Nikon P300 es muy similar en tama\u00f1o a la Canon S95. Dispone de un interruptor giratorio en la parte superior para el modo de disparo, un control de zoom con disparador, un interruptor de encendido\/apagado y otro dial de selecci\u00f3n para los ajustes y el men\u00fa. La parte trasera de la c\u00e1mara tiene un disparador independiente para la grabaci\u00f3n de v\u00eddeo, controles adicionales para navegar por los men\u00fas y una pantalla extraordinariamente buena con casi un mill\u00f3n de p\u00edxeles. El objetivo tambi\u00e9n es excepcional, con un rango de zoom de 24-100 mm y una velocidad de objetivo de F1.8-4.9. Creo que la peque\u00f1a Nikon produce fotos realmente excelentes por este precio, pero compru\u00e9belo usted mismo. Todas las fotos est\u00e1n sin procesar y tomadas directamente de la c\u00e1mara.<\/p>\n<h2>V\u00eddeo de prueba con una situaci\u00f3n involuntariamente divertida<\/h2>\n<p>Cuando paseaba por la Wittenbergplatz de Berl\u00edn, tocaba una banda, literalmente peque\u00f1a, que no sonaba demasiado mal (aunque la canci\u00f3n anterior a la de la pel\u00edcula era mejor, pero ya...). Interesante en esta pel\u00edcula es el simp\u00e1tico se\u00f1or con el jersey verde al final - no puedes evitar sentir que se sent\u00eda un poco acosado en ese momento. Pero compru\u00e9balo t\u00fa mismo \ud83d\ude42 .<\/p>\n<div class=\"lyte-wrapper\" style=\"width:640px;max-width:100%;margin:5px;\"><div class=\"lyMe\" id=\"WYL_PL8nbru-3qQ\"><div id=\"lyte_PL8nbru-3qQ\" data-src=\"https:\/\/www.markus-schall.de\/wp-content\/plugins\/wp-youtube-lyte\/lyteCache.php?origThumbUrl=%2F%2Fi.ytimg.com%2Fvi%2FPL8nbru-3qQ%2Fhqdefault.jpg\" class=\"pL\"><div class=\"tC\"><div class=\"tT\"><\/div><\/div><div class=\"play\"><\/div><div class=\"ctrl\"><div class=\"Lctrl\"><\/div><div class=\"Rctrl\"><\/div><\/div><\/div><noscript><a href=\"https:\/\/youtu.be\/PL8nbru-3qQ\" rel=\"nofollow noopener\" target=\"_blank\"><img loading=\"lazy\" decoding=\"async\" src=\"https:\/\/www.markus-schall.de\/wp-content\/plugins\/wp-youtube-lyte\/lyteCache.php?origThumbUrl=https%3A%2F%2Fi.ytimg.com%2Fvi%2FPL8nbru-3qQ%2F0.jpg\" alt=\"Miniatura de v\u00eddeo de YouTube\" width=\"640\" height=\"340\" \/><br \/>Ver este v\u00eddeo en YouTube<\/a><\/noscript><\/div><\/div><div class=\"lL\" style=\"max-width:100%;width:640px;margin:5px;\"><\/div><\/p>\n<h2>Conclusi\u00f3n: Berl\u00edn siempre merece una visita.<\/h2>\n<p>Creo que en Berl\u00edn siempre te sientes como en casa y, sobre todo, puedes experimentar exactamente las cosas que te interesan en muy poco tiempo. Me alegr\u00e9 de haber visitado de nuevo esta hermosa ciudad y a los amigos del mundo Apple, SEO y FileMaker, y fue estupendo llevar siempre conmigo la peque\u00f1a Nikon, que creo que hizo un trabajo realmente bueno para su precio. Me impresion\u00f3 la exposici\u00f3n de mStore, lo \u00fanico que not\u00e9 fue que las mesas Surface de Microsoft estaban a a\u00f1os luz del iPad en cuanto a usabilidad. Pero quiz\u00e1 haya algo nuevo. Con esto en mente, espero que todos los lectores se lo pasen muy bien, quiz\u00e1 en Berl\u00edn o en Oldenburg \ud83d\ude42 .<\/p>","protected":false},"excerpt":{"rendered":"<p>La semana pasada estuve en Berl\u00edn durante unos d\u00edas y pude sacar muchas impresiones interesantes, que me gustar\u00eda describir a continuaci\u00f3n. El corto viaje a Berl\u00edn fue tambi\u00e9n una excelente oportunidad para poner mi relativamente nueva Nikon Coolpix P300 a trav\u00e9s de sus pasos - por lo que las galer\u00edas de im\u00e1genes en este art\u00edculo son todos ... <a title=\"...\u00a1y el aire de Berl\u00edn llama para siempre!\" class=\"read-more\" href=\"https:\/\/www.markus-schall.de\/es\/2012\/03\/y-el-aire-de-berlin-llama-para-siempre\/\" aria-label=\"Leer m\u00e1s sobre ...\u00a1y el aire de Berl\u00edn llama para siempre!\">Vaciar m\u00e1s<\/a><\/p>","protected":false},"author":1,"featured_media":809,"comment_status":"open","ping_status":"open","sticky":false,"template":"","format":"standard","meta":{"iawp_total_views":6,"footnotes":""},"categories":[1,40,235],"tags":[10,458],"class_list":["post-1302","post","type-post","status-publish","format-standard","has-post-thumbnail","hentry","category-allgemein","category-apple-iphone-ipad","category-stories-humor","tag-apple","tag-erfahrungen"],"_links":{"self":[{"href":"https:\/\/www.markus-schall.de\/es\/wp-json\/wp\/v2\/posts\/1302","targetHints":{"allow":["GET"]}}],"collection":[{"href":"https:\/\/www.markus-schall.de\/es\/wp-json\/wp\/v2\/posts"}],"about":[{"href":"https:\/\/www.markus-schall.de\/es\/wp-json\/wp\/v2\/types\/post"}],"author":[{"embeddable":true,"href":"https:\/\/www.markus-schall.de\/es\/wp-json\/wp\/v2\/users\/1"}],"replies":[{"embeddable":true,"href":"https:\/\/www.markus-schall.de\/es\/wp-json\/wp\/v2\/comments?post=1302"}],"version-history":[{"count":3,"href":"https:\/\/www.markus-schall.de\/es\/wp-json\/wp\/v2\/posts\/1302\/revisions"}],"predecessor-version":[{"id":3632,"href":"https:\/\/www.markus-schall.de\/es\/wp-json\/wp\/v2\/posts\/1302\/revisions\/3632"}],"wp:featuredmedia":[{"embeddable":true,"href":"https:\/\/www.markus-schall.de\/es\/wp-json\/wp\/v2\/media\/809"}],"wp:attachment":[{"href":"https:\/\/www.markus-schall.de\/es\/wp-json\/wp\/v2\/media?parent=1302"}],"wp:term":[{"taxonomy":"category","embeddable":true,"href":"https:\/\/www.markus-schall.de\/es\/wp-json\/wp\/v2\/categories?post=1302"},{"taxonomy":"post_tag","embeddable":true,"href":"https:\/\/www.markus-schall.de\/es\/wp-json\/wp\/v2\/tags?post=1302"}],"curies":[{"name":"wp","href":"https:\/\/api.w.org\/{rel}","templated":true}]}}