{"id":3675,"date":"2025-11-25T14:55:57","date_gmt":"2025-11-25T14:55:57","guid":{"rendered":"https:\/\/www.markus-schall.de\/?p=3675"},"modified":"2025-12-07T13:48:46","modified_gmt":"2025-12-07T13:48:46","slug":"la-suite-grafica-affinity-pasa-a-ser-gratuita-lo-que-los-usuarios-profesionales-necesitan-saber-ahora","status":"publish","type":"post","link":"https:\/\/www.markus-schall.de\/es\/2025\/11\/la-suite-grafica-affinity-pasa-a-ser-gratuita-lo-que-los-usuarios-profesionales-necesitan-saber-ahora\/","title":{"rendered":"La suite gr\u00e1fica Affinity pasa a ser gratuita: Lo que los usuarios profesionales necesitan saber ahora"},"content":{"rendered":"<p>Si, como yo, llevas d\u00e9cadas trabajando con programas de maquetaci\u00f3n y composici\u00f3n tipogr\u00e1fica, sueles notar esos cambios con m\u00e1s claridad que los que acaban de entrar en este mundo. He visto muchas cosas ir y venir a lo largo de los a\u00f1os: A principios de los noventa, trabaj\u00e9 con Calamus SL en el Atari ST y m\u00e1s tarde, en Windows, con CorelDraw. M\u00e1s tarde lleg\u00f3 QuarkXPress, luego iCalamus, Adobe InDesign y, por \u00faltimo, hace unos a\u00f1os, Affinity Publisher. Desde entonces, la suite Affinity me ha acompa\u00f1ado en casi todos mis proyectos de libros. A lo largo de los a\u00f1os, ha sido una herramienta fiable, agradablemente sencilla, claramente estructurada y libre del lastre que muchas grandes casas de software se han a\u00f1adido a s\u00ed mismas a lo largo de los a\u00f1os.<!--more--><\/p>\n<p>Esto hace que el cambio que estamos experimentando sea a\u00fan mayor: Serif, la empresa brit\u00e1nica detr\u00e1s de Affinity, fue adquirida por Canva en 2024, y \u201eAffinity by Canva\u201c est\u00e1 disponible en una forma completamente nueva desde hace unas semanas - de forma gratuita, \u201egratis para siempre\u201c, como ellos dicen. Los tres programas separados Designer, Photo y Publisher ya no existen en esta forma; todo est\u00e1 ahora en una sola aplicaci\u00f3n. Para las masas, esto parece un regalo. Para los usuarios de toda la vida, como yo, es un cambio que merece atenci\u00f3n. Porque cuando una herramienta en la que has confiado durante a\u00f1os cambia de repente su estructura b\u00e1sica, tradicionalmente echas un vistazo m\u00e1s de cerca. As\u00ed es como sol\u00eda hacerse, y normalmente te ahorrabas sorpresas desagradables.<\/p>\n<hr \/>\n\n\t\t\t<div class=\"display-post-types\">\n\n\t\t\t\t\t\t\t<style type=\"text\/css\">\n\t\t\t#dpt-wrapper-590 { --dpt-text-align: left;--dpt-image-crop: center;--dpt-border-radius: 5px;--dpt-h-gutter: 10px;--dpt-v-gutter: 9px; }\t\t\t<\/style>\n\t\t\t<style type=\"text\/css\">#dpt-wrapper-590 { --dpt-title-font-style:normal;--dpt-title-font-weight:600;--dpt-title-line-height:1.5;--dpt-title-text-decoration:none;--dpt-title-text-transform:none;--dpt-excerpt-font-style:normal;--dpt-excerpt-font-weight:400;--dpt-excerpt-line-height:1.5;--dpt-excerpt-text-decoration:none;--dpt-excerpt-text-transform:none;--dpt-meta1-font-style:normal;--dpt-meta1-font-weight:400;--dpt-meta1-line-height:1.9;--dpt-meta1-text-decoration:none;--dpt-meta1-text-transform:none;--dpt-meta2-font-style:normal;--dpt-meta2-font-weight:400;--dpt-meta2-line-height:1.9;--dpt-meta2-text-decoration:none;--dpt-meta2-text-transform:none; }<\/style><div class=\"dpt-main-header\">\n\t\t\t\t\t\t<div class=\"dpt-main-title\">\n\t\t\t\t\t\t\t<span class=\"dpt-main-title-text\">Cuestiones sociales de actualidad<\/span>\n\t\t\t\t\t\t<\/div>\n\t\t\t\t\t\t\n\t\t\t\t\t\t\n\t\t\t\t\t\t\n\t\t\t\t\t\t<\/div>\t\t\t\n\t\t\t\t<div id=\"dpt-wrapper-590\" class=\"dpt-wrapper dpt-mag1 land1 dpt-cropped dpt-flex-wrap\" >\n\n\t\t\t\t\t\t\t\t\t\t\t<div class=\"dpt-entry has-thumbnail\" data-title=\"dieter hallervorden \u2013 mehr als didi: portr\u00e4t eines unbequemen freigeists\" data-id=\"4347\"  data-category=\"gesellschaft kunst &amp; kultur stories &amp; humor\" data-post_tag=\"erfahrungen meinungsfreiheit musik portrait\">\n\t\t\t\t\t\t\t<div class=\"dpt-entry-wrapper\"><div class=\"dpt-featured-content\"><div class=\"dpt-permalink\"><a href=\"https:\/\/www.markus-schall.de\/es\/2026\/01\/dieter-hallervorden-mas-que-didi-retrato-de-un-espiritu-libre-incomodo\/\" class=\"dpt-permalink\"><span class=\"screen-reader-text\">Dieter Hallervorden - M\u00e1s que Didi: Retrato de un inc\u00f3modo esp\u00edritu libre<\/span><\/a><\/div><div class=\"dpt-thumbnail\"><div class=\"dpt-thumbnail-inner\"><img width=\"1024\" height=\"683\" class=\"attachment-full size-full\" alt=\"Dieter Hallervorden y la W\u00fchlm\u00e4use de Berl\u00edn\" context=\"dpt\" data-dpt-src=\"https:\/\/www.markus-schall.de\/wp-content\/uploads\/Dieter-Hallvervorden-Wuehlmaeuse.jpg\" data-dpt-sizes=\"(max-width: 1024px) 100vw, 1024px\" data-dpt-srcset=\"https:\/\/www.markus-schall.de\/wp-content\/uploads\/Dieter-Hallvervorden-Wuehlmaeuse.jpg 1024w, https:\/\/www.markus-schall.de\/wp-content\/uploads\/Dieter-Hallvervorden-Wuehlmaeuse-300x200.jpg 300w, https:\/\/www.markus-schall.de\/wp-content\/uploads\/Dieter-Hallvervorden-Wuehlmaeuse-768x512.jpg 768w, https:\/\/www.markus-schall.de\/wp-content\/uploads\/Dieter-Hallvervorden-Wuehlmaeuse-18x12.jpg 18w\" \/><\/div><span class=\"dpt-thumbnail-aspect-ratio\" style=\"padding-top: 75%\"><\/span><\/div><\/div><div class=\"sub-entry\"><h3 class=\"dpt-title\"><a class=\"dpt-title-link\" href=\"https:\/\/www.markus-schall.de\/es\/2026\/01\/dieter-hallervorden-mas-que-didi-retrato-de-un-espiritu-libre-incomodo\/\" rel=\"bookmark\">Dieter Hallervorden - M\u00e1s que Didi: Retrato de un inc\u00f3modo esp\u00edritu libre<\/a><\/h3><\/div><\/div>\n\t\t\t\t\t\t<\/div><!-- .dpt-entry -->\n\t\t\t\t\t\t\t\t\t\t\t\t<div class=\"dpt-entry has-thumbnail\" data-title=\"reichweite ist kein eigentum \u2013 warum sichtbarkeit heute nicht mehr ausreicht\" data-id=\"3994\"  data-category=\"allgemein featured filemaker &amp; erp gesellschaft kunst &amp; kultur\" data-post_tag=\"datenlogik datenschutz denkmodelle digitales eigentum erp-software\">\n\t\t\t\t\t\t\t<div class=\"dpt-entry-wrapper\"><div class=\"dpt-featured-content\"><div class=\"dpt-permalink\"><a href=\"https:\/\/www.markus-schall.de\/es\/2025\/12\/el-alcance-no-es-propiedad-por-que-la-visibilidad-ya-no-es-suficiente-hoy-en-dia\/\" class=\"dpt-permalink\"><span class=\"screen-reader-text\">El alcance no es la propiedad - Por qu\u00e9 la visibilidad ya no es suficiente hoy en d\u00eda<\/span><\/a><\/div><div class=\"dpt-thumbnail\"><div class=\"dpt-thumbnail-inner\"><img width=\"1024\" height=\"683\" class=\"attachment-full size-full\" alt=\"Alcance frente a propiedad\" context=\"dpt\" data-dpt-src=\"https:\/\/www.markus-schall.de\/wp-content\/uploads\/reichweite-vs-eigentum.jpg\" data-dpt-sizes=\"(max-width: 1024px) 100vw, 1024px\" data-dpt-srcset=\"https:\/\/www.markus-schall.de\/wp-content\/uploads\/reichweite-vs-eigentum.jpg 1024w, https:\/\/www.markus-schall.de\/wp-content\/uploads\/reichweite-vs-eigentum-300x200.jpg 300w, https:\/\/www.markus-schall.de\/wp-content\/uploads\/reichweite-vs-eigentum-768x512.jpg 768w, https:\/\/www.markus-schall.de\/wp-content\/uploads\/reichweite-vs-eigentum-18x12.jpg 18w\" \/><\/div><span class=\"dpt-thumbnail-aspect-ratio\" style=\"padding-top: 75%\"><\/span><\/div><\/div><div class=\"sub-entry\"><h3 class=\"dpt-title\"><a class=\"dpt-title-link\" href=\"https:\/\/www.markus-schall.de\/es\/2025\/12\/el-alcance-no-es-propiedad-por-que-la-visibilidad-ya-no-es-suficiente-hoy-en-dia\/\" rel=\"bookmark\">El alcance no es la propiedad - Por qu\u00e9 la visibilidad ya no es suficiente hoy en d\u00eda<\/a><\/h3><\/div><\/div>\n\t\t\t\t\t\t<\/div><!-- .dpt-entry -->\n\t\t\t\t\t\t\t\t\t\t\t\t<div class=\"dpt-entry has-thumbnail\" data-title=\"der digitale euro kommt \u2013 was er bedeutet, was er nicht darf, und was er k\u00f6nnte\" data-id=\"3345\"  data-category=\"allgemein apple iphone &amp; ipad gesellschaft\" data-post_tag=\"datenschutz eu-gesetze europa ratgeber\">\n\t\t\t\t\t\t\t<div class=\"dpt-entry-wrapper\"><div class=\"dpt-featured-content\"><div class=\"dpt-permalink\"><a href=\"https:\/\/www.markus-schall.de\/es\/2025\/11\/llega-el-euro-digital-que-significa-que-no-debe-hacer-y-que-podria-hacer\/\" class=\"dpt-permalink\"><span class=\"screen-reader-text\">Llega el euro digital: qu\u00e9 significa, qu\u00e9 no debe hacer y qu\u00e9 podr\u00eda hacer<\/span><\/a><\/div><div class=\"dpt-thumbnail\"><div class=\"dpt-thumbnail-inner\"><img width=\"1024\" height=\"683\" class=\"attachment-full size-full\" alt=\"Llega el euro digital\" context=\"dpt\" data-dpt-src=\"https:\/\/www.markus-schall.de\/wp-content\/uploads\/Digitaler-Euro.jpg\" data-dpt-sizes=\"(max-width: 1024px) 100vw, 1024px\" data-dpt-srcset=\"https:\/\/www.markus-schall.de\/wp-content\/uploads\/Digitaler-Euro.jpg 1024w, https:\/\/www.markus-schall.de\/wp-content\/uploads\/Digitaler-Euro-300x200.jpg 300w, https:\/\/www.markus-schall.de\/wp-content\/uploads\/Digitaler-Euro-768x512.jpg 768w, https:\/\/www.markus-schall.de\/wp-content\/uploads\/Digitaler-Euro-18x12.jpg 18w\" \/><\/div><span class=\"dpt-thumbnail-aspect-ratio\" style=\"padding-top: 75%\"><\/span><\/div><\/div><div class=\"sub-entry\"><h3 class=\"dpt-title\"><a class=\"dpt-title-link\" href=\"https:\/\/www.markus-schall.de\/es\/2025\/11\/llega-el-euro-digital-que-significa-que-no-debe-hacer-y-que-podria-hacer\/\" rel=\"bookmark\">Llega el euro digital: qu\u00e9 significa, qu\u00e9 no debe hacer y qu\u00e9 podr\u00eda hacer<\/a><\/h3><\/div><\/div>\n\t\t\t\t\t\t<\/div><!-- .dpt-entry -->\n\t\t\t\t\t\t\t\t\t\t\t\t<div class=\"dpt-entry has-thumbnail\" data-title=\"zukunft mit ladeger\u00e4t \u2013 herr von l&#8217;oreot kauft einen e-scooter\" data-id=\"3229\"  data-category=\"allgemein gesellschaft kunst &amp; kultur stories &amp; humor\" data-post_tag=\"erfahrungen\">\n\t\t\t\t\t\t\t<div class=\"dpt-entry-wrapper\"><div class=\"dpt-featured-content\"><div class=\"dpt-permalink\"><a href=\"https:\/\/www.markus-schall.de\/es\/2025\/10\/futuro-con-cargador-el-sr-von-loreot-compra-un-e-scooter\/\" class=\"dpt-permalink\"><span class=\"screen-reader-text\">Futuro con cargador - El Sr. von L'oreot compra un e-scooter<\/span><\/a><\/div><div class=\"dpt-thumbnail\"><div class=\"dpt-thumbnail-inner\"><img width=\"1024\" height=\"747\" class=\"attachment-full size-full\" alt=\"\" context=\"dpt\" data-dpt-src=\"https:\/\/www.markus-schall.de\/wp-content\/uploads\/loereot-e-scooter-1.jpg\" data-dpt-sizes=\"(max-width: 1024px) 100vw, 1024px\" data-dpt-srcset=\"https:\/\/www.markus-schall.de\/wp-content\/uploads\/loereot-e-scooter-1.jpg 1024w, https:\/\/www.markus-schall.de\/wp-content\/uploads\/loereot-e-scooter-1-300x219.jpg 300w, https:\/\/www.markus-schall.de\/wp-content\/uploads\/loereot-e-scooter-1-768x560.jpg 768w, https:\/\/www.markus-schall.de\/wp-content\/uploads\/loereot-e-scooter-1-16x12.jpg 16w\" \/><\/div><span class=\"dpt-thumbnail-aspect-ratio\" style=\"padding-top: 75%\"><\/span><\/div><\/div><div class=\"sub-entry\"><h3 class=\"dpt-title\"><a class=\"dpt-title-link\" href=\"https:\/\/www.markus-schall.de\/es\/2025\/10\/futuro-con-cargador-el-sr-von-loreot-compra-un-e-scooter\/\" rel=\"bookmark\">Futuro con cargador - El Sr. von L'oreot compra un e-scooter<\/a><\/h3><\/div><\/div>\n\t\t\t\t\t\t<\/div><!-- .dpt-entry -->\n\t\t\t\t\t\t\n\t\t\t\t<\/div>\n\t\t\t\t\t\t<\/div>\n\t\t\t\n<hr \/>\n<h2>Por qu\u00e9 este paso sorprende a muchos<\/h2>\n<p>Durante a\u00f1os, Affinity fue la ant\u00edtesis de <a href=\"https:\/\/www.adobe.com\/de\/\" target=\"_blank\" rel=\"noopener\">Adobe<\/a>. Mientras Adobe segu\u00eda ampliando su modelo de suscripci\u00f3n, Serif se aferraba a las compras \u00fanicas: comprar, poseer, usar... sin cuotas mensuales. Para muchos creativos, entre los que me incluyo, \u00e9sta fue una de las principales razones para pasarse a Affinity. Sab\u00edas a qu\u00e9 atenerte. Sin experimentos, sin trampas ocultas, sin compromisos con un ecosistema que quiz\u00e1 ni siquiera quieras. Una herramienta por la que pagas una vez y luego simplemente funciona. Hoy en d\u00eda, esta fiabilidad parece casi anticuada, pero a muchos de nosotros nos ha acompa\u00f1ado durante a\u00f1os.<\/p>\n<p>Esto hace que la nueva direcci\u00f3n de Canva sea a\u00fan m\u00e1s sorprendente: <a href=\"https:\/\/www.affinity.studio\/de_de\" target=\"_blank\" rel=\"noopener\"><strong>Affinity pasa a ser gratuita<\/strong><\/a>, Se ha abandonado la anterior estructura de productos y se ha optado por un modelo freemium. Esto no es malo en s\u00ed mismo, pero plantea dudas. Cuando un software que siempre se ha enorgullecido de no depender de suscripciones se convierte de repente en parte de un ecosistema de plataforma global, es inevitable que surjan preguntas. Uno quiere saber qu\u00e9 significa este paso a largo plazo para el software, los usuarios y los flujos de trabajo que se han ido creando a lo largo de los a\u00f1os.<\/p>\n<p>Para m\u00ed personalmente, este cambio es un punto en el que me fijo conscientemente. Utilizo Affinity Publisher a diario para mis libros, y llevo a\u00f1os recomend\u00e1ndolo a mis lectores y colegas autores. En consecuencia, quiero entender si este cambio de rumbo realmente ofrece lo que promete. A veces hay m\u00e1s marketing que tradici\u00f3n detr\u00e1s de las grandes promesas. Y precisamente por eso merece la pena prestar a los pr\u00f3ximos cap\u00edtulos de este art\u00edculo la atenci\u00f3n que merecen.<\/p>\n<div style=\"width: 1200px;\" class=\"wp-video\"><!--[if lt IE 9]><script>document.createElement('video');<\/script><![endif]-->\n<video class=\"wp-video-shortcode\" id=\"video-3229-1\" width=\"1200\" height=\"675\" preload=\"metadata\" controls=\"controls\"><source type=\"video\/mp4\" src=\"https:\/\/www.markus-schall.de\/wp-content\/uploads\/AFFI25003_Affinity_LOLP_Layout_Desktop_H264.mp4?_=1\" \/><a href=\"https:\/\/www.markus-schall.de\/wp-content\/uploads\/AFFI25003_Affinity_LOLP_Layout_Desktop_H264.mp4\">https:\/\/www.markus-schall.de\/wp-content\/uploads\/AFFI25003_Affinity_LOLP_Layout_Desktop_H264.mp4<\/a><\/video><\/div>\n<p>&nbsp;<\/p>\n<h2>Qu\u00e9 ofrece realmente la versi\u00f3n gratuita de Affinity<\/h2>\n<p>La nueva direcci\u00f3n de \u201eAffinity by Canva\u201c plantea inevitablemente la cuesti\u00f3n de qu\u00e9 puede hacer realmente el software en modo gratuito y d\u00f3nde est\u00e1n sus l\u00edmites. A primera vista, el modelo parece generoso: se obtiene una aplicaci\u00f3n completa que combina gr\u00e1ficos vectoriales, maquetaci\u00f3n y edici\u00f3n de im\u00e1genes bajo un mismo techo. Muchas de las funciones cl\u00e1sicas de la antigua suite Affinity siguen estando incluidas. Entre ellas, la gesti\u00f3n precisa de la tipograf\u00eda, la exportaci\u00f3n profesional a PDF, la compatibilidad con CMYK, las funciones de capas y m\u00e1scaras, as\u00ed como la conocida claridad de manejo. Para principiantes, dise\u00f1adores gr\u00e1ficos aficionados y muchos aut\u00f3nomos, esto puede ser completamente suficiente.<\/p>\n<p>Sin embargo, como suele ocurrir, la verdad est\u00e1 en los detalles. Algunas de las funciones ampliadas -en particular las herramientas de IA, la automatizaci\u00f3n, las variantes especiales de exportaci\u00f3n o las integraciones profundas con servicios en l\u00ednea- se reservan ahora para el \u00e1rea premium. Canva se basa as\u00ed en un principio freemium que resultar\u00e1 familiar a los usuarios experimentados: las funciones b\u00e1sicas permanecen abiertas, mientras que las especiales son de pago. Esto no tiene nada de malo, siempre y cuando la base se mantenga estable y las funciones profesionales b\u00e1sicas no se reduzcan gradualmente o se desplacen detr\u00e1s de los muros de pago.<\/p>\n<p>La estabilidad desempe\u00f1a un papel m\u00e1s importante en la composici\u00f3n de libros que en muchas otras actividades creativas. Cualquiera que est\u00e9 maquetando un libro de no ficci\u00f3n de 300 p\u00e1ginas o una novela debe poder confiar en que la gesti\u00f3n del color, la exportaci\u00f3n PDF\/X y el ajuste tipogr\u00e1fico funcionen exactamente como se requiere. Tradicionalmente, estas \u00e1reas han sido el punto fuerte de Affinity. Y precisamente por eso merece la pena que los usuarios de siempre echen un vistazo a la nueva versi\u00f3n. Gratuito es una palabra bonita, pero para los procesos de producci\u00f3n profesionales, la fiabilidad es lo que m\u00e1s cuenta.<\/p>\n<p><img loading=\"lazy\" decoding=\"async\" class=\"alignnone size-full wp-image-3684\" src=\"https:\/\/www.markus-schall.de\/wp-content\/uploads\/affinity-canva-kostenlos.jpg\" alt=\"Affinity by Canva gratis\" width=\"1200\" height=\"649\" srcset=\"https:\/\/www.markus-schall.de\/wp-content\/uploads\/affinity-canva-kostenlos.jpg 1200w, https:\/\/www.markus-schall.de\/wp-content\/uploads\/affinity-canva-kostenlos-300x162.jpg 300w, https:\/\/www.markus-schall.de\/wp-content\/uploads\/affinity-canva-kostenlos-1024x554.jpg 1024w, https:\/\/www.markus-schall.de\/wp-content\/uploads\/affinity-canva-kostenlos-768x415.jpg 768w, https:\/\/www.markus-schall.de\/wp-content\/uploads\/affinity-canva-kostenlos-18x10.jpg 18w\" sizes=\"auto, (max-width: 1200px) 100vw, 1200px\" \/><\/p>\n<div style=\"overflow-x: auto;\">\n<table>\n<thead>\n<tr style=\"background: #f2f2f2;\">\n<th>Gama<\/th>\n<th>Affinity Suite (Serif, versi\u00f3n de pago)<\/th>\n<th>Affinity by Canva (nuevo modelo)<\/th>\n<\/tr>\n<\/thead>\n<tbody>\n<tr>\n<td><strong>Modelo de licencia<\/strong><\/td>\n<td>Compra \u00fanica (licencia perpetua), sin cuotas peri\u00f3dicas, versiones cl\u00e1sicas (V1, V2...)<\/td>\n<td>\u201eGratis para siempre\u201c para las funciones b\u00e1sicas, modelo freemium con extensiones opcionales de pago<\/td>\n<\/tr>\n<tr>\n<td><strong>Estructura de los programas<\/strong><\/td>\n<td>Tres aplicaciones independientes: Affinity Designer, Affinity Photo, Affinity Publisher<\/td>\n<td>Una aplicaci\u00f3n integrada que combina vectores, edici\u00f3n de im\u00e1genes y maquetaci\u00f3n<\/td>\n<\/tr>\n<tr>\n<td><strong>Precios<\/strong><\/td>\n<td>Compra \u00fanica por aplicaci\u00f3n o suite, promociones de descuento ocasionales, pero no versi\u00f3n completa gratuita.<\/td>\n<td>Versi\u00f3n b\u00e1sica gratuita, funciones adicionales (por ejemplo, IA, funciones ampliadas, integraci\u00f3n en la nube) como opci\u00f3n premium.<\/td>\n<\/tr>\n<tr>\n<td><strong>Actualizaciones y desarrollo<\/strong><\/td>\n<td>Actualizaciones como parte de la versi\u00f3n principal adquirida, saltos mayores (por ejemplo, V1 \u2192 V2) sujetos a un recargo.<\/td>\n<td>Desarrollo continuo dentro del ecosistema de Canva, presumiblemente m\u00e1s centrado en un grupo objetivo m\u00e1s amplio.<\/td>\n<\/tr>\n<tr>\n<td><strong>Grupo destinatario<\/strong><\/td>\n<td>Dise\u00f1adores profesionales, fot\u00f3grafos, editores y usuarios aficionados ambiciosos centrados en los flujos de trabajo de escritorio cl\u00e1sicos.<\/td>\n<td>Una masa m\u00e1s amplia de usuarios de Canva, principiantes, autoeditores, adem\u00e1s de los usuarios profesionales existentes que adoptan las nuevas funciones.<\/td>\n<\/tr>\n<tr>\n<td><strong>Funciones de nube e IA<\/strong><\/td>\n<td>M\u00e1s orientada al \u00e1mbito local, sin una conexi\u00f3n profunda con un gran ecosistema en l\u00ednea, IA m\u00e1s bien limitada o no centralizada en absoluto.<\/td>\n<td>Importante ampliaci\u00f3n de las herramientas de IA y las funciones en l\u00ednea, algunas con car\u00e1cter premium y una mayor integraci\u00f3n de Canva<\/td>\n<\/tr>\n<tr>\n<td><strong>Uso offline<\/strong><\/td>\n<td>Posibilidad de uso completamente offline, software de escritorio cl\u00e1sico sin necesidad de conexi\u00f3n a la nube<\/td>\n<td>Las funciones b\u00e1sicas pueden seguir utiliz\u00e1ndose localmente, pero se espera que las funciones en l\u00ednea y la integraci\u00f3n en la nube adquieran cada vez m\u00e1s importancia.<\/td>\n<\/tr>\n<tr>\n<td><strong>Producci\u00f3n de libros (impresi\u00f3n)<\/strong><\/td>\n<td>Flujos de trabajo probados para PDF\/X, CMYK, ajuste tipogr\u00e1fico, uso estable en la composici\u00f3n cl\u00e1sica de libros<\/td>\n<td>Funciones b\u00e1sicamente comparables, pero con una nueva hoja de ruta. La prioridad a largo plazo de la composici\u00f3n tipogr\u00e1fica profesional est\u00e1 por ver.<\/td>\n<\/tr>\n<tr>\n<td><strong>E-Book \/ EPUB-Export<\/strong><\/td>\n<td>Exportaci\u00f3n EPUB bastante rudimentaria o con margen de mejora, a menudo son necesarios flujos de trabajo adicionales.<\/td>\n<td>Posibilidad de mejoras mediante un nuevo enfoque de desarrollo, pero actualmente no se prev\u00e9 un \u201eestado del para\u00edso EPUB\u201c claro.<\/td>\n<\/tr>\n<tr>\n<td><strong>Integraci\u00f3n en otros sistemas<\/strong><\/td>\n<td>Aplicaci\u00f3n de escritorio principalmente aut\u00f3noma, integraci\u00f3n mediante formatos est\u00e1ndar (PDF, PSD, SVG, etc.)<\/td>\n<td>Mayor vinculaci\u00f3n con la plataforma Canva, transici\u00f3n simplificada entre el dise\u00f1o en l\u00ednea y el proyecto Affinity concebible<\/td>\n<\/tr>\n<tr>\n<td><strong>Transparencia y previsibilidad<\/strong><\/td>\n<td>Versi\u00f3n de compra clara, ciclo de actualizaci\u00f3n relativamente comprensible, f\u00e1cil de planificar para flujos de trabajo a largo plazo.<\/td>\n<td>M\u00e1s dinamismo gracias a la estrategia freemium y de plataformas; incertidumbre a medio plazo sobre qu\u00e9 funciones seguir\u00e1n siendo gratuitas de forma permanente.<\/td>\n<\/tr>\n<tr>\n<td><strong>Orientaci\u00f3n estrat\u00e9gica<\/strong><\/td>\n<td>Centrado en el software profesional independiente como alternativa a Adobe, muy centrado en el escritorio<\/td>\n<td>Alineaci\u00f3n como parte de un ecosistema de dise\u00f1o global, centrado en el alcance, el crecimiento y los ingresos freemium.<\/td>\n<\/tr>\n<\/tbody>\n<\/table>\n<\/div>\n<h2>Importancia para la producci\u00f3n profesional de libros<\/h2>\n<p>Llevo muchos a\u00f1os utilizando Affinity Publisher para mis libros, y con muy buenos resultados. La claridad de la estructura, la limpieza de la tipograf\u00eda, la fiabilidad de las exportaciones a PDF y la posibilidad de trabajar en proyectos de gran envergadura sin que se aprecien puntos d\u00e9biles han hecho de Affinity un socio fiable para m\u00ed. Esta es precisamente la raz\u00f3n por la que llevo mucho tiempo recomendando el software, incluso en mis propias publicaciones. Incluso el juego de plantillas que viene con mi libro \u201e<a href=\"https:\/\/schall-verlag.de\/buch-ki-autor.php\" target=\"_blank\" rel=\"noopener\"><strong>Escribir libros 2.0<\/strong><\/a>\u201c contiene deliberadamente plantillas de dise\u00f1o para Affinity Publisher. No porque sea una herramienta de moda, sino porque ha demostrado su eficacia a lo largo de los a\u00f1os.<\/p>\n<p>Por eso este cambio me afecta personalmente m\u00e1s que a muchos otros usuarios. Produzco libros con regularidad -no ficci\u00f3n, desarrollo personal, literatura especializada, gu\u00edas de salud- y necesito herramientas que no s\u00f3lo tengan buen aspecto, sino que funcionen de forma fiable. Cuando una herramienta que has valorado durante a\u00f1os se convierte de repente en parte de un modelo freemium y pasa a un ecosistema diferente, inevitablemente te haces preguntas. No por miedo, sino por responsabilidad hacia tus propios proyectos. Compruebas si la fase de preimpresi\u00f3n sigue siendo estable. Comprueba si los perfiles de color est\u00e1n bien integrados. Comprueba si los flujos de trabajo que sol\u00edan funcionar como un reloj est\u00e1n cambiando.<\/p>\n<p>Para los nuevos autores, la versi\u00f3n gratuita puede ser una gran ventaja, ya que pueden empezar de inmediato sin ning\u00fan coste inicial. Para los que trabajamos con ella profesionalmente, en cambio, ha llegado el momento de examinarla m\u00e1s de cerca. No hay que fiarse ciegamente de las promesas, sino tomarse su tiempo para comprobar si la nueva versi\u00f3n cumple lo que la antigua hizo durante tantos a\u00f1os. As\u00ed es como sol\u00eda hacerse, y funcionaba. Y precisamente por eso este enfoque sobrio y consciente de la tradici\u00f3n merece la pena hoy m\u00e1s que nunca.<\/p>\n<hr \/>\n<h3>Encuesta actual para autores interesados<\/h3>\n<div class='bootstrap-yop yop-poll-mc'>\n\t\t\t\t\t\t\t<div class=\"basic-yop-poll-container\" style=\"background-color:#ffffff; border:0px; border-style:solid; border-color:#000000; border-radius:5px; padding:0px 5px;\" data-id=\"8\" data-temp=\"basic-pretty\" data-skin=\"square\" data-cscheme=\"blue\" data-cap=\"0\" data-access=\"guest\" data-tid=\"\" data-uid=\"c90f2e1d225f52d1f5857fe7cee13b2e\" data-pid=\"3229\" data-resdet=\"votes-number,percentages\" data-show-results-to=\"guest\" data-show-results-moment=\"after-vote\" data-show-results-only=\"false\" data-show-message=\"true\" data-show-results-as=\"bar\" data-sort-results-by=\"as-defined\" data-sort-results-rule=\"asc\"data-is-ended=\"0\" data-percentages-decimals=\"2\" data-gdpr=\"no\" data-gdpr-sol=\"consent\" data-css=\".basic-yop-poll-container[data-uid] .basic-vote {\t\t\t\t\t\t\t\t\ttext-align: center;\t\t\t\t\t\t\t\t}\" data-counter=\"0\" data-load-with=\"1\" data-notification-section=\"top\"><div class=\"row\"><div class=\"col-md-12\"><div class=\"basic-inner\"><div class=\"basic-message hide\" style=\"border-left: 10px solid #008000; padding: 0px 10px;\" data-error=\"#ff0000\" data-success=\"#008000\"><p class=\"basic-message-text\" style=\"color:#000000; font-size:14px; font-weight:normal;\"><\/p><\/div><div class=\"basic-overlay hide\"><div class=\"basic-vote-options\"><\/div><div class=\"basic-preloader\"><div class=\"basic-windows8\"><div class=\"basic-wBall basic-wBall_1\"><div class=\"basic-wInnerBall\"><\/div><\/div><div class=\"basic-wBall basic-wBall_2\"><div class=\"basic-wInnerBall\"><\/div><\/div><div class=\"basic-wBall basic-wBall_3\"><div class=\"basic-wInnerBall\"><\/div><\/div><div class=\"basic-wBall basic-wBall_4\"><div class=\"basic-wInnerBall\"><\/div><\/div><div class=\"basic-wBall basic-wBall_5\"><div class=\"basic-wInnerBall\"><\/div><\/div><\/div><\/div><\/div><form class=\"basic-form\" action=\"\"><input type=\"hidden\" name=\"_token\" value=\"71b0a01878\" autocomplete=\"off\"><div class=\"basic-elements\"><div class=\"basic-element basic-question basic-question-text-vertical\" data-id=\"8\" data-uid=\"072323d8247bb503b2f3a4c175d00da1\" data-type=\"question\" data-question-type=\"text\" data-required=\"yes\" data-allow-multiple=\"no\" data-min=\"1\" data-max=\"7\" data-display=\"vertical\" data-colnum=\"\" data-display-others=\"no\" data-others-color=\"\" data-others=\"\" data-others-max-chars=\"0\"><div class=\"basic-question-title\"><h5 style=\"color:#000000; font-size:16px; font-weight:normal; text-align:left;\">\u00bfCu\u00e1l ser\u00eda el principal motivo para escribir su propio libro?<\/h5><\/div><ul class=\"basic-answers\"><li class=\"basic-answer\" style=\"padding:0px 0px;\" data-id=\"38\" data-type=\"text\" data-vn=\"5\" data-color=\"#000000\" data-make-link=\"no\" data-link=\"\"><div class=\"basic-answer-content basic-text-vertical\"><label for=\"answer[38]\" class=\"basic-answer-label\"><input type=\"radio\" id=\"answer[38]\" name=\"answer[8]\" value=\"38\"><span class=\"basic-text\" style=\"color: #000000; font-size: 14px; font-weight: normal;\">Me gustar\u00eda transmitir mi experiencia<\/span><\/label><\/div><\/li><li class=\"basic-answer\" style=\"padding:0px 0px;\" data-id=\"39\" data-type=\"text\" data-vn=\"0\" data-color=\"#000000\" data-make-link=\"no\" data-link=\"\"><div class=\"basic-answer-content basic-text-vertical\"><label for=\"answer[39]\" class=\"basic-answer-label\"><input type=\"radio\" id=\"answer[39]\" name=\"answer[8]\" value=\"39\"><span class=\"basic-text\" style=\"color: #000000; font-size: 14px; font-weight: normal;\">Quiero documentar mi experiencia<\/span><\/label><\/div><\/li><li class=\"basic-answer\" style=\"padding:0px 0px;\" data-id=\"40\" data-type=\"text\" data-vn=\"6\" data-color=\"#000000\" data-make-link=\"no\" data-link=\"\"><div class=\"basic-answer-content basic-text-vertical\"><label for=\"answer[40]\" class=\"basic-answer-label\"><input type=\"radio\" id=\"answer[40]\" name=\"answer[8]\" value=\"40\"><span class=\"basic-text\" style=\"color: #000000; font-size: 14px; font-weight: normal;\">Busco un equilibrio creativo<\/span><\/label><\/div><\/li><li class=\"basic-answer\" style=\"padding:0px 0px;\" data-id=\"41\" data-type=\"text\" data-vn=\"2\" data-color=\"#000000\" data-make-link=\"no\" data-link=\"\"><div class=\"basic-answer-content basic-text-vertical\"><label for=\"answer[41]\" class=\"basic-answer-label\"><input type=\"radio\" id=\"answer[41]\" name=\"answer[8]\" value=\"41\"><span class=\"basic-text\" style=\"color: #000000; font-size: 14px; font-weight: normal;\">Espero obtener ingresos con \u00e9l<\/span><\/label><\/div><\/li><li class=\"basic-answer\" style=\"padding:0px 0px;\" data-id=\"42\" data-type=\"text\" data-vn=\"2\" data-color=\"#000000\" data-make-link=\"no\" data-link=\"\"><div class=\"basic-answer-content basic-text-vertical\"><label for=\"answer[42]\" class=\"basic-answer-label\"><input type=\"radio\" id=\"answer[42]\" name=\"answer[8]\" value=\"42\"><span class=\"basic-text\" style=\"color: #000000; font-size: 14px; font-weight: normal;\">Ya he escrito un libro<\/span><\/label><\/div><\/li><li class=\"basic-answer\" style=\"padding:0px 0px;\" data-id=\"44\" data-type=\"text\" data-vn=\"3\" data-color=\"#000000\" data-make-link=\"no\" data-link=\"\"><div class=\"basic-answer-content basic-text-vertical\"><label for=\"answer[44]\" class=\"basic-answer-label\"><input type=\"radio\" id=\"answer[44]\" name=\"answer[8]\" value=\"44\"><span class=\"basic-text\" style=\"color: #000000; font-size: 14px; font-weight: normal;\">No tengo inter\u00e9s en escribir<\/span><\/label><\/div><\/li><\/ul><\/div><div class=\"clearfix\"><\/div><\/div><div class=\"basic-vote\"><a href=\"#\" class=\"button basic-vote-button\" role=\"button\" style=\"background:#027bb8; border:0px; border-style: solid; border-color:#000000; border-radius:5px; padding:10px 10px; color:#ffffff; font-size:14px; font-weight:normal;\">Vote<\/a><\/div><input type=\"hidden\" name=\"trp-form-language\" value=\"es\"\/><\/form><\/div><\/div><\/div><\/div>\n\t\t\t\t\t\t<\/div>\n<hr \/>\n<h3>Oportunidades: en qu\u00e9 destaca la nueva versi\u00f3n de Affinity<\/h3>\n<p>Por mucho que frunzas el ce\u00f1o al principio cuando veas cambios importantes, merece la pena reconocer sobriamente los aspectos positivos. Probablemente, la mayor ventaja es obvia: Affinity es mucho m\u00e1s accesible para principiantes y aspirantes a autores. Cualquiera que antes se sintiera desanimado por el precio o aplazara la compra durante mucho tiempo puede ahora empezar directamente. Hist\u00f3ricamente, esta barrera de entrada m\u00e1s baja suele ser el momento en que los nuevos creativos encuentran su camino hacia las herramientas profesionales en primer lugar.<\/p>\n<p>Tambi\u00e9n hay una ventaja pr\u00e1ctica tangible: la combinaci\u00f3n de Designer, Photo y Publisher en una sola aplicaci\u00f3n crea un entorno de trabajo agradablemente estandarizado. Ya no es necesario alternar entre tres programas, realizar un seguimiento de tres actualizaciones distintas o recordar l\u00f3gicas de funcionamiento diferentes. Para muchos flujos de trabajo, esto significa simplemente menos fricci\u00f3n y m\u00e1s claridad, algo que siempre ha valido su peso en oro en los procesos creativos.<\/p>\n<p>El nuevo modelo tambi\u00e9n puede abrir grandes oportunidades a los autoeditores. Muchos autores aficionados que quieren publicar un libro por primera vez no fracasan porque no sepan escribir, sino porque no tienen acceso a buenas herramientas de maquetaci\u00f3n. Cuando una herramienta de este tipo de repente es gratuita, se crea toda una nueva din\u00e1mica: m\u00e1s autores se atreven a abordar sus propios proyectos de libros, y los que quieren hacerlo ahora pueden recomendarles muy f\u00e1cilmente Affinity sin tener que considerar su situaci\u00f3n financiera. Especialmente si usted -como yo- proporciona plantillas y flujos de trabajo, este umbral ser\u00e1 mucho m\u00e1s bajo en el futuro.<\/p>\n<p>Y por \u00faltimo, pero no por ello menos importante, Affinity sigue siendo una alternativa seria a Adobe. La industria necesita alternativas, y toda herramienta gratuita de alta calidad garantiza que el mercado no se incline completamente en una sola direcci\u00f3n. Desde este punto de vista, este desarrollo tiene ciertamente el potencial de hacer el bien a largo plazo, aunque se mire con la necesaria cautela.<\/p>\n<h3>Riesgos: Por qu\u00e9 los usuarios profesionales deben prestar atenci\u00f3n<\/h3>\n<p>Pero por muy bonitas que parezcan las oportunidades, cualquiera que lleve a\u00f1os trabajando con herramientas profesionales sabe que todo cambio importante tambi\u00e9n entra\u00f1a riesgos. Empezando por la cuesti\u00f3n de la sostenibilidad del nuevo modelo. \u201eGratis para siempre\u201c suena tentador, pero en el mundo del software hemos o\u00eddo a menudo promesas de este tipo. El factor decisivo es qu\u00e9 funciones seguir\u00e1n siendo gratuitas a largo plazo y cu\u00e1les pueden pasar gradualmente al sector premium. Especialmente cuando se trata de funciones profesionales como la preimpresi\u00f3n, la gesti\u00f3n del color o las exportaciones especiales, hay que permanecer alerta.<\/p>\n<p>Un segundo punto se refiere a la nueva direcci\u00f3n estrat\u00e9gica. Canva es un ecosistema gigantesco, optimizado para procesos de dise\u00f1o sencillos y masivos. Affinity, en cambio, fue durante muchos a\u00f1os una herramienta para quienes quer\u00edan profundizar deliberadamente: dise\u00f1adores gr\u00e1ficos, fot\u00f3grafos, editores, tip\u00f3grafos de libros. Ahora ambos est\u00e1n bajo el mismo techo. Esto puede funcionar bien, pero tambi\u00e9n puede significar que Affinity se vincule m\u00e1s estrechamente al universo Canva a largo plazo de lo que uno desear\u00eda desde una perspectiva profesional. Los que trabajan de forma tradicional y valoran el control local total deben permanecer vigilantes en este sentido.<\/p>\n<p>La pol\u00edtica de actualizaciones tambi\u00e9n es un factor. Cuando una aplicaci\u00f3n pasa a ser gratuita, tambi\u00e9n suele cambiar la presi\u00f3n por ofrecer nuevas funciones con rapidez, a menudo para el gran p\u00fablico y no para los profesionales. Esto puede hacer que las funciones cl\u00e1sicas de publicaci\u00f3n dejen de tener la misma prioridad que antes. Y cualquiera que produzca libros con regularidad sabe que un peque\u00f1o error en el m\u00f3dulo de salida PDF\/X puede arruinar cientos de p\u00e1ginas de trabajo.<\/p>\n<p>Por \u00faltimo, est\u00e1 la cuesti\u00f3n de la estabilidad: \u00bfse incorporar\u00e1n m\u00e1s funciones de IA para hacer m\u00e1s pesado el sistema? \u00bfEst\u00e1 cambiando el equilibrio entre profesionalidad y amplitud de mercado? \u00bfSe mantendr\u00e1 la coherencia de la interfaz de usuario o avanzar\u00e1 gradualmente hacia la integraci\u00f3n en l\u00ednea?<\/p>\n<p>Nada de esto significa que haya que ser pesimista. Al contrario: con la cabeza despejada y una buena dosis de tradici\u00f3n, se pueden acompa\u00f1ar bien estos cambios. Pero los usuarios profesionales lo saben: La confianza no se crea de la noche a la ma\u00f1ana. Se comprueba, se prueba, se trabaja paso a paso, exactamente como se ha hecho siempre. Y desde esta perspectiva, tiene sentido seguir de cerca el nuevo enfoque de Affinity.<\/p>\n<h2>C\u00f3mo afronto la nueva alineaci\u00f3n de Affinity<\/h2>\n<p>Como alguien que publica libros con regularidad y estructura sus proyectos de forma ordenada, miro el cambio en Affinity a trav\u00e9s de dos lentes. Por un lado, reconozco el potencial que un programa profesional gratuito aporta a los nuevos autores. Muchas personas que quiz\u00e1 llevan a\u00f1os so\u00f1ando con crear su propio libro ya no tienen un obst\u00e1culo financiero, y eso es sin duda una ventaja. Tambi\u00e9n es \u00fatil para m\u00ed como editor, porque facilita el trabajo con autores que quieren maquetar sus manuscritos o preparar gr\u00e1ficos ellos mismos por primera vez.<\/p>\n<p>Por otro lado, sigo siendo prudente con mis propios procesos de trabajo. Trabajo profesionalmente, preparo libros no s\u00f3lo para m\u00ed, sino tambi\u00e9n para mi editorial, y dependo de procesos de exportaci\u00f3n estables y fiables. Especialmente cuando se trata de PDF\/X, renderizado CMYK y precisi\u00f3n tipogr\u00e1fica, una herramienta tiene que funcionar como un mecanismo de relojer\u00eda bien engrasado durante a\u00f1os. Affinity lo ha hecho de forma muy fiable hasta ahora, y esa es exactamente la raz\u00f3n por la que la he utilizado durante tantos a\u00f1os, desde el primer borrador creativo hasta el PDF de impresi\u00f3n final.<\/p>\n<p>Para el futuro, me gustar\u00eda ver una cosa por encima de todo: una exportaci\u00f3n a EPUB realmente limpia y de alta calidad. Esta es el \u00e1rea en la que Affinity tiene m\u00e1s margen de mejora hasta el momento. Si Canva y el nuevo equipo de Affinity se toman en serio este punto e implementan mejoras de forma consistente, entonces la herramienta para la producci\u00f3n de libros electr\u00f3nicos podr\u00eda conseguir m\u00e1s avances significativos. Los editores modernos, en particular, necesitan canales de exportaci\u00f3n flexibles, y cualquiera que cree ediciones impresas y digitales depende de un m\u00f3dulo EPUB fiable. En mi opini\u00f3n, aqu\u00ed es donde reside la mayor oportunidad de la nueva era de affinity.<\/p>\n<p>Hasta entonces, seguir\u00e9 con el enfoque tradicional: Mantendr\u00e9 en uso la versi\u00f3n que ya funciona, probar\u00e9 la nueva versi\u00f3n en paralelo y me tomar\u00e9 mi tiempo para observar c\u00f3mo evoluciona el software. Paso a paso, como se hac\u00eda antes y como se ha demostrado en la pr\u00e1ctica.<\/p>\n<h2>\u201eEscribir libros 2.0\u201c: gu\u00eda pr\u00e1ctica para autores en la era de la IA<\/h2>\n<p><a href=\"https:\/\/schall-verlag.de\/buch-ki-autor.php\" target=\"_blank\" rel=\"noopener\"><img loading=\"lazy\" decoding=\"async\" class=\"alignright wp-image-2702\" src=\"https:\/\/www.markus-schall.de\/wp-content\/uploads\/Cover-Buecher-schreiben-front-722x1024.jpg\" alt=\"Portada: Escribir libros 2.0: gu\u00eda pr\u00e1ctica para autores en la era de la IA\" width=\"220\" height=\"312\" srcset=\"https:\/\/www.markus-schall.de\/wp-content\/uploads\/Cover-Buecher-schreiben-front-722x1024.jpg 722w, https:\/\/www.markus-schall.de\/wp-content\/uploads\/Cover-Buecher-schreiben-front-211x300.jpg 211w, https:\/\/www.markus-schall.de\/wp-content\/uploads\/Cover-Buecher-schreiben-front-768x1090.jpg 768w, https:\/\/www.markus-schall.de\/wp-content\/uploads\/Cover-Buecher-schreiben-front-1082x1536.jpg 1082w, https:\/\/www.markus-schall.de\/wp-content\/uploads\/Cover-Buecher-schreiben-front-1443x2048.jpg 1443w, https:\/\/www.markus-schall.de\/wp-content\/uploads\/Cover-Buecher-schreiben-front-8x12.jpg 8w, https:\/\/www.markus-schall.de\/wp-content\/uploads\/Cover-Buecher-schreiben-front.jpg 1604w\" sizes=\"auto, (max-width: 220px) 100vw, 220px\" \/><\/a>Quien quiz\u00e1 est\u00e9 pensando en escribir un libro por primera vez a ra\u00edz de las novedades en torno a Affinity, encontrar\u00e1 en mi propio trabajo lo siguiente <em><strong>\"<a href=\"https:\/\/schall-verlag.de\/buch-ki-autor.php\" target=\"_blank\" rel=\"noopener\">Escribir libros 2.0 - Gu\u00eda pr\u00e1ctica para autores en la era de la IA<\/a>\"<\/strong><\/em> una introducci\u00f3n clara y pr\u00e1ctica. El libro muestra lo sencillo y fascinante que se ha vuelto el proceso hoy en d\u00eda. Combina t\u00e9cnicas de escritura de eficacia probada con las \u00faltimas posibilidades de la inteligencia artificial y le gu\u00eda paso a paso desde la idea inicial hasta la portada del libro terminado.<\/p>\n<p>Aprender\u00e1 a utilizar los modernos programas de autoedici\u00f3n -incluido Affinity Publisher, por supuesto- de forma espec\u00edfica, c\u00f3mo las herramientas de IA pueden ayudarle con el trazado, la investigaci\u00f3n, la estructuraci\u00f3n e incluso la formulaci\u00f3n, y c\u00f3mo publicar al final un libro profesional. El principio rector del libro es: escribir libros nunca ha sido tan f\u00e1cil y tan emocionante. Esto es exactamente lo que convierte a esta gu\u00eda pr\u00e1ctica en un valioso compa\u00f1ero, tanto si est\u00e1 planeando su primer libro como si desea optimizar sus procesos actuales.<\/p>\n<hr \/>\n\n\t\t\t<div class=\"display-post-types\">\n\n\t\t\t\t\t\t\t<style type=\"text\/css\">\n\t\t\t#dpt-wrapper-591 { --dpt-text-align: left;--dpt-image-crop: center;--dpt-border-radius: 5px;--dpt-small-grid-column: 33.33%;--dpt-large-grid-column: 33.3333333333%;--dpt-h-gutter: 10px;--dpt-v-gutter: 10px; }\t\t\t<\/style>\n\t\t\t<style type=\"text\/css\">#dpt-wrapper-591 { --dpt-title-font-style:normal;--dpt-title-font-weight:600;--dpt-title-line-height:1.5;--dpt-title-text-decoration:none;--dpt-title-text-transform:none;--dpt-excerpt-font-style:normal;--dpt-excerpt-font-weight:400;--dpt-excerpt-line-height:1.5;--dpt-excerpt-text-decoration:none;--dpt-excerpt-text-transform:none;--dpt-meta1-font-style:normal;--dpt-meta1-font-weight:400;--dpt-meta1-line-height:1.9;--dpt-meta1-text-decoration:none;--dpt-meta1-text-transform:none;--dpt-meta2-font-style:normal;--dpt-meta2-font-weight:400;--dpt-meta2-line-height:1.9;--dpt-meta2-text-decoration:none;--dpt-meta2-text-transform:none; }<\/style><div class=\"dpt-main-header\">\n\t\t\t\t\t\t<div class=\"dpt-main-title\">\n\t\t\t\t\t\t\t<span class=\"dpt-main-title-text\">Temas de actualidad sobre inteligencia artificial<\/span>\n\t\t\t\t\t\t<\/div>\n\t\t\t\t\t\t\n\t\t\t\t\t\t\n\t\t\t\t\t\t\n\t\t\t\t\t\t<\/div>\t\t\t\n\t\t\t\t<div id=\"dpt-wrapper-591\" class=\"dpt-wrapper dpt-grid1 multi-col dpt-mason-wrap\" >\n\n\t\t\t\t\t\t\t\t\t\t\t<div class=\"dpt-entry has-thumbnail\" data-title=\"mlx auf apple silicon als lokale ki im vergleich mit ollama &#038; co.\" data-id=\"2857\"  data-category=\"apple macos ki-systeme\" data-post_tag=\"datenschutz k\u00fcnstliche intelligenz llama llm mistral mlx ollama sprachmodell\">\n\t\t\t\t\t\t\t<div class=\"dpt-entry-wrapper\"><div class=\"dpt-featured-content\"><div class=\"dpt-permalink\"><a href=\"https:\/\/www.markus-schall.de\/es\/2025\/09\/mlx-en-silicio-de-manzana-como-ki-local-comparado-con-ollama-co\/\" class=\"dpt-permalink\"><span class=\"screen-reader-text\">MLX en Apple Silicon como IA local en comparaci\u00f3n con Ollama &amp; Co.<\/span><\/a><\/div><div class=\"dpt-thumbnail\"><div class=\"dpt-thumbnail-inner\"><img width=\"1024\" height=\"576\" class=\"attachment-full size-full\" alt=\"IA local en el Mac con MLX\" context=\"dpt\" data-dpt-src=\"https:\/\/www.markus-schall.de\/wp-content\/uploads\/mlx-lokale-ki-apple-silicon.jpg\" data-dpt-sizes=\"(max-width: 1024px) 100vw, 1024px\" data-dpt-srcset=\"https:\/\/www.markus-schall.de\/wp-content\/uploads\/mlx-lokale-ki-apple-silicon.jpg 1024w, https:\/\/www.markus-schall.de\/wp-content\/uploads\/mlx-lokale-ki-apple-silicon-300x169.jpg 300w, https:\/\/www.markus-schall.de\/wp-content\/uploads\/mlx-lokale-ki-apple-silicon-768x432.jpg 768w, https:\/\/www.markus-schall.de\/wp-content\/uploads\/mlx-lokale-ki-apple-silicon-18x10.jpg 18w\" \/><\/div><span class=\"dpt-thumbnail-aspect-ratio\" style=\"padding-top: 56%\"><\/span><\/div><\/div><div class=\"sub-entry\"><h3 class=\"dpt-title\"><a class=\"dpt-title-link\" href=\"https:\/\/www.markus-schall.de\/es\/2025\/09\/mlx-en-silicio-de-manzana-como-ki-local-comparado-con-ollama-co\/\" rel=\"bookmark\">MLX en Apple Silicon como IA local en comparaci\u00f3n con Ollama &amp; Co.<\/a><\/h3><\/div><\/div>\n\t\t\t\t\t\t<\/div><!-- .dpt-entry -->\n\t\t\t\t\t\t\t\t\t\t\t\t<div class=\"dpt-entry has-thumbnail\" data-title=\"unsterblichkeit durch technik: wie weit forschung und ki wirklich sind\" data-id=\"3624\"  data-category=\"allgemein gesellschaft ki-systeme\" data-post_tag=\"denkmodelle k\u00fcnstliche intelligenz lernen llm prozesse sprachmodell\">\n\t\t\t\t\t\t\t<div class=\"dpt-entry-wrapper\"><div class=\"dpt-featured-content\"><div class=\"dpt-permalink\"><a href=\"https:\/\/www.markus-schall.de\/es\/2025\/11\/inmortalidad-a-traves-de-la-tecnologia-hasta-donde-llegan-realmente-la-investigacion-y-el-ki\/\" class=\"dpt-permalink\"><span class=\"screen-reader-text\">La inmortalidad a trav\u00e9s de la tecnolog\u00eda: hasta d\u00f3nde han llegado realmente la investigaci\u00f3n y la IA<\/span><\/a><\/div><div class=\"dpt-thumbnail\"><div class=\"dpt-thumbnail-inner\"><img width=\"1024\" height=\"683\" class=\"attachment-full size-full\" alt=\"Inmortalidad digital\" context=\"dpt\" data-dpt-src=\"https:\/\/www.markus-schall.de\/wp-content\/uploads\/digitale-unsterblichkeit.jpg\" data-dpt-sizes=\"(max-width: 1024px) 100vw, 1024px\" data-dpt-srcset=\"https:\/\/www.markus-schall.de\/wp-content\/uploads\/digitale-unsterblichkeit.jpg 1024w, https:\/\/www.markus-schall.de\/wp-content\/uploads\/digitale-unsterblichkeit-300x200.jpg 300w, https:\/\/www.markus-schall.de\/wp-content\/uploads\/digitale-unsterblichkeit-768x512.jpg 768w, https:\/\/www.markus-schall.de\/wp-content\/uploads\/digitale-unsterblichkeit-18x12.jpg 18w\" \/><\/div><span class=\"dpt-thumbnail-aspect-ratio\" style=\"padding-top: 67%\"><\/span><\/div><\/div><div class=\"sub-entry\"><h3 class=\"dpt-title\"><a class=\"dpt-title-link\" href=\"https:\/\/www.markus-schall.de\/es\/2025\/11\/inmortalidad-a-traves-de-la-tecnologia-hasta-donde-llegan-realmente-la-investigacion-y-el-ki\/\" rel=\"bookmark\">La inmortalidad a trav\u00e9s de la tecnolog\u00eda: hasta d\u00f3nde han llegado realmente la investigaci\u00f3n y la IA<\/a><\/h3><\/div><\/div>\n\t\t\t\t\t\t<\/div><!-- .dpt-entry -->\n\t\t\t\t\t\t\t\t\t\t\t\t<div class=\"dpt-entry has-thumbnail\" data-title=\"mit ki dialogisch denken lernen: warum gute fragen wichtiger sind als gute modelle\" data-id=\"4700\"  data-category=\"allgemein ki-systeme tipps &amp; anleitungen\" data-post_tag=\"denkmodelle k\u00fcnstliche intelligenz lernen llm prozesse ratgeber sprachmodell\">\n\t\t\t\t\t\t\t<div class=\"dpt-entry-wrapper\"><div class=\"dpt-featured-content\"><div class=\"dpt-permalink\"><a href=\"https:\/\/www.markus-schall.de\/es\/2026\/02\/aprender-a-pensar-en-dialogo-con-ki-por-que-las-buenas-preguntas-son-mas-importantes-que-los-buenos-modelos\/\" class=\"dpt-permalink\"><span class=\"screen-reader-text\">Aprender a pensar dialogando con la IA: por qu\u00e9 las buenas preguntas son m\u00e1s importantes que los buenos modelos<\/span><\/a><\/div><div class=\"dpt-thumbnail\"><div class=\"dpt-thumbnail-inner\"><img width=\"1024\" height=\"683\" class=\"attachment-full size-full\" alt=\"Aprender a pensar dialogando con la IA\" context=\"dpt\" data-dpt-src=\"https:\/\/www.markus-schall.de\/wp-content\/uploads\/Denken-lernen-mit-KI.jpg\" data-dpt-sizes=\"(max-width: 1024px) 100vw, 1024px\" data-dpt-srcset=\"https:\/\/www.markus-schall.de\/wp-content\/uploads\/Denken-lernen-mit-KI.jpg 1024w, https:\/\/www.markus-schall.de\/wp-content\/uploads\/Denken-lernen-mit-KI-300x200.jpg 300w, https:\/\/www.markus-schall.de\/wp-content\/uploads\/Denken-lernen-mit-KI-768x512.jpg 768w, https:\/\/www.markus-schall.de\/wp-content\/uploads\/Denken-lernen-mit-KI-18x12.jpg 18w\" \/><\/div><span class=\"dpt-thumbnail-aspect-ratio\" style=\"padding-top: 67%\"><\/span><\/div><\/div><div class=\"sub-entry\"><h3 class=\"dpt-title\"><a class=\"dpt-title-link\" href=\"https:\/\/www.markus-schall.de\/es\/2026\/02\/aprender-a-pensar-en-dialogo-con-ki-por-que-las-buenas-preguntas-son-mas-importantes-que-los-buenos-modelos\/\" rel=\"bookmark\">Aprender a pensar dialogando con la IA: por qu\u00e9 las buenas preguntas son m\u00e1s importantes que los buenos modelos<\/a><\/h3><\/div><\/div>\n\t\t\t\t\t\t<\/div><!-- .dpt-entry -->\n\t\t\t\t\t\t\n\t\t\t\t<\/div>\n\t\t\t\t\t\t<\/div>\n\t\t\t\n<hr \/>\n<h2>Preguntas m\u00e1s frecuentes<\/h2>\n<ol>\n<li><strong>\u00bfPor qu\u00e9 se ofrece de repente Affinity de forma gratuita, a pesar de que el software ten\u00eda un modelo de compra cl\u00e1sico desde hace a\u00f1os?<\/strong><br \/>\nCanva sigue una clara estrategia de crecimiento: con una entrada gratuita, el Grupo rebaja el umbral para millones de nuevos usuarios. Cuantas m\u00e1s personas utilicen Affinity, mayor ser\u00e1 el potencial para posteriores funciones premium, conexiones en la nube o mejoras de IA. El modelo tradicional de Serif con una compra \u00fanica era popular, pero econ\u00f3micamente limitado. Canva, en cambio, se centra en la amplitud y la monetizaci\u00f3n a largo plazo, un enfoque que se ha convertido en habitual en muchos mercados de software.<\/li>\n<li><strong>\u00bfQu\u00e9 papel desempe\u00f1a la adquisici\u00f3n de Canva en esta evoluci\u00f3n?<\/strong><br \/>\nLa adquisici\u00f3n fue el punto de inflexi\u00f3n decisivo. Serif era una empresa relativamente peque\u00f1a con una base de usuarios s\u00f3lida pero especializada. Canva, en cambio, es un actor global que piensa en ecosistemas. La fusi\u00f3n de los productos en una estrategia freemium sigue precisamente esta l\u00f3gica: abrir una gran puerta de entrada, generar un amplio uso, reforzar la plataforma. Sin Canva, probablemente no se habr\u00eda creado el modelo gratuito.<\/li>\n<li><strong>\u00bfQu\u00e9 significa la eliminaci\u00f3n de los tres programas individuales (Designer, Photo, Publisher)?<\/strong><br \/>\nPara los usuarios que antes ten\u00edan que alternar entre tres aplicaciones, la nueva estructura supone una importante simplificaci\u00f3n. Sin actualizaciones separadas, sin replanteamientos a la hora de cambiar entre maquetaci\u00f3n, gr\u00e1ficos y edici\u00f3n de im\u00e1genes. Para los profesionales de toda la vida, sin embargo, esto tambi\u00e9n supone un cambio, porque antes la especializaci\u00f3n precisa era un punto fuerte. Ahora todo est\u00e1 disponible en un solo paquete, que hay que probar y evaluar.<\/li>\n<li><strong>\u00bfHasta qu\u00e9 punto es estable la nueva versi\u00f3n para la producci\u00f3n profesional de libros?<\/strong><br \/>\nActualmente, la base es lo suficientemente estable como para vincularse a los flujos de trabajo existentes. Los perfiles de color, la exportaci\u00f3n a PDF\/X y las sutilezas tipogr\u00e1ficas siguen funcionando. No obstante, conviene permanecer atentos, ya que el enfoque de la empresa ha cambiado. No hay garant\u00edas de que las funciones profesionales mantengan la misma prioridad a largo plazo. Por lo tanto, para proyectos de libros extensos, es aconsejable probar primero la nueva versi\u00f3n en escenarios de prueba m\u00e1s reducidos.<\/li>\n<li><strong>\u00bfPor qu\u00e9 deber\u00edan los usuarios profesionales analizar cr\u00edticamente este paso?<\/strong><br \/>\nPorque los modelos gratuitos suelen ir de la mano de cambios estrat\u00e9gicos. En el futuro, el desarrollo podr\u00eda centrarse m\u00e1s en la amplia base de usuarios de Canva, y no necesariamente en los requisitos de publicaci\u00f3n de alta precisi\u00f3n. Las funciones Premium tambi\u00e9n podr\u00edan crecer en t\u00e9rminos de contenido, mientras que las \u00e1reas gratuitas est\u00e1n restringidas. Quienes trabajan profesionalmente conf\u00edan en la estabilidad, y es precisamente esto lo que primero debe volver a demostrarse con el nuevo modelo.<\/li>\n<li><strong>\u00bfLa gratuidad es m\u00e1s una oportunidad o un riesgo?<\/strong><br \/>\nPara ambos. Para los principiantes, es una gran oportunidad porque pueden trabajar con una herramienta profesional sin coste inicial. Para los profesionales, es un riesgo porque gratis suele significar que el modelo de negocio est\u00e1 en otra parte. Affinity opera ahora dentro de este rango, que es precisamente por lo que merece la pena echar un vistazo cauteloso y no excesivamente euf\u00f3rico.<\/li>\n<li><strong>\u00bfCu\u00e1les son las ventajas para los autoeditores?<\/strong><br \/>\nLos autoeditores se benefician enormemente. Pueden desarrollar inmediatamente sus propias portadas, dise\u00f1os de libros o gr\u00e1ficos sin ninguna inversi\u00f3n. Especialmente en combinaci\u00f3n con plantillas -como la suya propia para el libro \u201eB\u00fccher schreiben 2.0\u201c (Escribir libros 2.0)- se consigue un comienzo directo y pr\u00e1ctico. Muchos autores que nunca han querido tocar un programa de maquetaci\u00f3n tendr\u00e1n ahora acceso a \u00e9l por primera vez.<\/li>\n<li><strong>\u00bfQu\u00e9 papel desempe\u00f1a la exportaci\u00f3n a EPUB en la evaluaci\u00f3n del software?<\/strong><br \/>\nEPUB es esencial para los editores y autores modernos. Affinity nunca ha sido realmente fuerte en esta \u00e1rea. La nueva versi\u00f3n ofrece la oportunidad de que Canva se tome este tema m\u00e1s en serio y lo ampl\u00ede. Si se crea una exportaci\u00f3n a EPUB de alta calidad y tipogr\u00e1ficamente estable, ser\u00eda un gran paso adelante. Por el momento, sin embargo, este punto sigue siendo una obra en construcci\u00f3n, pero al mismo tiempo el de mayor potencial.<\/li>\n<li><strong>\u00bfServir\u00e1 la nueva versi\u00f3n para grandes proyectos de libros a largo plazo?<\/strong><br \/>\nEs demasiado pronto para asegurarlo. Las funciones b\u00e1sicas hablan por s\u00ed solas, pero la orientaci\u00f3n estrat\u00e9gica podr\u00eda llevar a Canva a optimizarse hacia el dise\u00f1o online, el mercado de plantillas y las funciones de IA a medio plazo. Los grandes proyectos necesitan estabilidad, tipograf\u00eda fiable y un control preciso. Por lo tanto: prueba en paralelo, pero no cambies a ciegas.<\/li>\n<li><strong>\u00bfQu\u00e9 ocurre con las versiones de compra anteriores?<\/strong><br \/>\nLas licencias existentes mantendr\u00e1n su funci\u00f3n y seguir\u00e1n funcionando. Sin embargo, es probable que su desarrollo sea menos activo y que en alg\u00fan momento s\u00f3lo reciban correcciones de errores, si es que las reciben. Para muchos, la versi\u00f3n antigua seguir\u00e1 siendo una especie de \u201eisla estable\u201c mientras la nueva contin\u00faa evolucionando. Esta es precisamente una de las razones por las que los profesionales deber\u00edan mantener dos sistemas en paralelo.<\/li>\n<li><strong>\u00bfC\u00f3mo cambia el flujo de trabajo para los dise\u00f1adores que ya han utilizado los tres programas de Affinity?<\/strong><br \/>\nEl flujo de trabajo puede simplificarse porque la nueva versi\u00f3n lo agrupa todo en una sola aplicaci\u00f3n. Sin embargo, tambi\u00e9n hay que hacer el cambio mentalmente: Cualquiera que estuviera acostumbrado a realizar ciertas tareas exclusivamente en Designer o Photo tendr\u00e1 que reorientarse. La cuesti\u00f3n es si la integraci\u00f3n ser\u00e1 elegante o si el software se har\u00e1 m\u00e1s pesado y confuso. Esto var\u00eda en funci\u00f3n del caso de uso.<\/li>\n<li><strong>\u00bfCu\u00e1l es el impacto concreto de la \u201eidea Canva\u201c en el mercado profesional?<\/strong><br \/>\nEl planteamiento de Canva es hacer que el dise\u00f1o sea accesible a todo el mundo, no s\u00f3lo a los profesionales. Esto influye inevitablemente en las prioridades de desarrollo. Las funciones relevantes para millones de usuarios llegar\u00e1n antes. Por el contrario, las funciones para nichos profesionales pueden crecer m\u00e1s lentamente. Por lo tanto, los profesionales del libro deber\u00edan vigilar de cerca hasta qu\u00e9 punto Canva se centra realmente en la precisi\u00f3n en la preimpresi\u00f3n.<\/li>\n<li><strong>\u00bfPuede la versi\u00f3n gratuita competir realmente con Adobe?<\/strong><br \/>\nPara muchos dise\u00f1adores aficionados y dise\u00f1adores gr\u00e1ficos de medios sociales: s\u00ed. Para procesos profesionales de maquetaci\u00f3n e impresi\u00f3n: s\u00f3lo parcialmente. Adobe sigue siendo el est\u00e1ndar en el sector de gama alta, sobre todo por la madurez de los flujos de trabajo EPUB y XML de InDesign. Sin embargo, si Affinity conserva sus puntos fuertes en la maquetaci\u00f3n de libros, PDF\/X y tipograf\u00eda y al mismo tiempo mejora el \u00e1rea EPUB, el equilibrio de poder podr\u00eda cambiar notablemente.<\/li>\n<li><strong>\u00bfDeber\u00eda cambiar completamente a la nueva versi\u00f3n?<\/strong><br \/>\nDe momento, no. Tiene sentido trabajar en paralelo: la versi\u00f3n de compra estable para los proyectos de libros productivos, la nueva versi\u00f3n para probar y explorar. As\u00ed tendr\u00e1 las ventajas de ambos mundos y proteger\u00e1 sus procesos de producci\u00f3n de interrupciones inesperadas. Esto tambi\u00e9n se corresponde con el enfoque cl\u00e1sico de muchos profesionales.<\/li>\n<li><strong>\u00bfQu\u00e9 riesgos entra\u00f1a el creciente uso de la IA en Affinity?<\/strong><br \/>\nLa IA puede facilitar mucho el trabajo, pero tambi\u00e9n conlleva complejidad. Cuantas m\u00e1s funciones de IA se integren, mayor ser\u00e1 el riesgo de que el sistema se vuelva m\u00e1s engorroso o genere errores que s\u00f3lo se adviertan tarde en el proceso de impresi\u00f3n. Adem\u00e1s, algunas funciones de IA podr\u00edan ser de pago en el futuro. La precisi\u00f3n sigue siendo importante en la producci\u00f3n profesional de libros, y esta suele proceder de herramientas tradicionales, no de la magia de la IA.<\/li>\n<li><strong>\u00bfQu\u00e9 importancia tiene el uso offline?<\/strong><br \/>\nMuy importante. Muchos editores trabajan deliberadamente fuera de l\u00ednea para garantizar la seguridad de la producci\u00f3n y la soberan\u00eda de los datos. Mientras Affinity mantenga las funciones b\u00e1sicas utilizables sin conexi\u00f3n, el software sigue siendo atractivo. Sin embargo, si Canva integrara en el futuro m\u00e1s compulsiones en la nube, esto ser\u00eda problem\u00e1tico para los usuarios profesionales. Esta es otra raz\u00f3n por la que es aconsejable mantenerse alerta.<\/li>\n<li><strong>\u00bfQu\u00e9 recomendaciones a largo plazo pueden hacerse a autores, dise\u00f1adores y editores?<\/strong><br \/>\nUtiliza las opciones gratuitas, pero no conf\u00edes ciegamente en ellas. Trabaja con versiones estables para proyectos cr\u00edticos y observa c\u00f3mo se desarrolla Affinity bajo Canva. Si se refuerza la exportaci\u00f3n a EPUB y se mantiene la precisi\u00f3n tipogr\u00e1fica, Affinity podr\u00eda ser incluso m\u00e1s fuerte que antes a largo plazo. Hasta entonces, se aplica la vieja regla: prueba a fondo, conf\u00eda en lo probado y no pierdas de vista las nuevas opciones.<\/li>\n<\/ol>\n<hr \/>\n\n\t\t\t<div class=\"display-post-types\">\n\n\t\t\t\t\t\t\t<style type=\"text\/css\">\n\t\t\t#dpt-wrapper-592 { --dpt-text-align: left;--dpt-image-crop: center;--dpt-border-radius: 5px;--dpt-h-gutter: 10px;--dpt-v-gutter: 9px; }\t\t\t<\/style>\n\t\t\t<style type=\"text\/css\">#dpt-wrapper-592 { --dpt-title-font-style:normal;--dpt-title-font-weight:600;--dpt-title-line-height:1.5;--dpt-title-text-decoration:none;--dpt-title-text-transform:none;--dpt-excerpt-font-style:normal;--dpt-excerpt-font-weight:400;--dpt-excerpt-line-height:1.5;--dpt-excerpt-text-decoration:none;--dpt-excerpt-text-transform:none;--dpt-meta1-font-style:normal;--dpt-meta1-font-weight:400;--dpt-meta1-line-height:1.9;--dpt-meta1-text-decoration:none;--dpt-meta1-text-transform:none;--dpt-meta2-font-style:normal;--dpt-meta2-font-weight:400;--dpt-meta2-line-height:1.9;--dpt-meta2-text-decoration:none;--dpt-meta2-text-transform:none; }<\/style><div class=\"dpt-main-header\">\n\t\t\t\t\t\t<div class=\"dpt-main-title\">\n\t\t\t\t\t\t\t<span class=\"dpt-main-title-text\">Cuestiones sociales de actualidad<\/span>\n\t\t\t\t\t\t<\/div>\n\t\t\t\t\t\t\n\t\t\t\t\t\t\n\t\t\t\t\t\t\n\t\t\t\t\t\t<\/div>\t\t\t\n\t\t\t\t<div id=\"dpt-wrapper-592\" class=\"dpt-wrapper dpt-mag1 land1 dpt-cropped dpt-flex-wrap\" >\n\n\t\t\t\t\t\t\t\t\t\t\t<div class=\"dpt-entry has-thumbnail\" data-title=\"der iran\u2013israel-konflikt: warum diese eskalation der strategische albtraum des westens ist\" data-id=\"5212\"  data-category=\"allgemein gesellschaft\" data-post_tag=\"denkmodelle energiepolitik europa geopolitik krisen k\u00fcnstliche intelligenz meinungsfreiheit sicherheitspolitik spieltheorie\">\n\t\t\t\t\t\t\t<div class=\"dpt-entry-wrapper\"><div class=\"dpt-featured-content\"><div class=\"dpt-permalink\"><a href=\"https:\/\/www.markus-schall.de\/es\/2026\/03\/el-conflicto-iran-israel-por-que-esta-escalada-es-la-pesadilla-estrategica-de-occidente\/\" class=\"dpt-permalink\"><span class=\"screen-reader-text\">El conflicto Ir\u00e1n-Israel: por qu\u00e9 esta escalada es la pesadilla estrat\u00e9gica de Occidente<\/span><\/a><\/div><div class=\"dpt-thumbnail\"><div class=\"dpt-thumbnail-inner\"><img width=\"1024\" height=\"683\" class=\"attachment-full size-full\" alt=\"Israel-Ir\u00e1n - Pesadilla estrat\u00e9gica\" context=\"dpt\" data-dpt-src=\"https:\/\/www.markus-schall.de\/wp-content\/uploads\/Israel-Iran-Strategischer-Albtraum.jpg\" data-dpt-sizes=\"(max-width: 1024px) 100vw, 1024px\" data-dpt-srcset=\"https:\/\/www.markus-schall.de\/wp-content\/uploads\/Israel-Iran-Strategischer-Albtraum.jpg 1024w, https:\/\/www.markus-schall.de\/wp-content\/uploads\/Israel-Iran-Strategischer-Albtraum-300x200.jpg 300w, https:\/\/www.markus-schall.de\/wp-content\/uploads\/Israel-Iran-Strategischer-Albtraum-768x512.jpg 768w, https:\/\/www.markus-schall.de\/wp-content\/uploads\/Israel-Iran-Strategischer-Albtraum-18x12.jpg 18w\" \/><\/div><span class=\"dpt-thumbnail-aspect-ratio\" style=\"padding-top: 75%\"><\/span><\/div><\/div><div class=\"sub-entry\"><h3 class=\"dpt-title\"><a class=\"dpt-title-link\" href=\"https:\/\/www.markus-schall.de\/es\/2026\/03\/el-conflicto-iran-israel-por-que-esta-escalada-es-la-pesadilla-estrategica-de-occidente\/\" rel=\"bookmark\">El conflicto Ir\u00e1n-Israel: por qu\u00e9 esta escalada es la pesadilla estrat\u00e9gica de Occidente<\/a><\/h3><\/div><\/div>\n\t\t\t\t\t\t<\/div><!-- .dpt-entry -->\n\t\t\t\t\t\t\t\t\t\t\t\t<div class=\"dpt-entry has-thumbnail\" data-title=\"zukunft mit ladeger\u00e4t \u2013 herr von l&#8217;oreot kauft einen e-scooter\" data-id=\"3229\"  data-category=\"allgemein gesellschaft kunst &amp; kultur stories &amp; humor\" data-post_tag=\"erfahrungen\">\n\t\t\t\t\t\t\t<div class=\"dpt-entry-wrapper\"><div class=\"dpt-featured-content\"><div class=\"dpt-permalink\"><a href=\"https:\/\/www.markus-schall.de\/es\/2025\/10\/futuro-con-cargador-el-sr-von-loreot-compra-un-e-scooter\/\" class=\"dpt-permalink\"><span class=\"screen-reader-text\">Futuro con cargador - El Sr. von L'oreot compra un e-scooter<\/span><\/a><\/div><div class=\"dpt-thumbnail\"><div class=\"dpt-thumbnail-inner\"><img width=\"1024\" height=\"747\" class=\"attachment-full size-full\" alt=\"\" context=\"dpt\" data-dpt-src=\"https:\/\/www.markus-schall.de\/wp-content\/uploads\/loereot-e-scooter-1.jpg\" data-dpt-sizes=\"(max-width: 1024px) 100vw, 1024px\" data-dpt-srcset=\"https:\/\/www.markus-schall.de\/wp-content\/uploads\/loereot-e-scooter-1.jpg 1024w, https:\/\/www.markus-schall.de\/wp-content\/uploads\/loereot-e-scooter-1-300x219.jpg 300w, https:\/\/www.markus-schall.de\/wp-content\/uploads\/loereot-e-scooter-1-768x560.jpg 768w, https:\/\/www.markus-schall.de\/wp-content\/uploads\/loereot-e-scooter-1-16x12.jpg 16w\" \/><\/div><span class=\"dpt-thumbnail-aspect-ratio\" style=\"padding-top: 75%\"><\/span><\/div><\/div><div class=\"sub-entry\"><h3 class=\"dpt-title\"><a class=\"dpt-title-link\" href=\"https:\/\/www.markus-schall.de\/es\/2025\/10\/futuro-con-cargador-el-sr-von-loreot-compra-un-e-scooter\/\" rel=\"bookmark\">Futuro con cargador - El Sr. von L'oreot compra un e-scooter<\/a><\/h3><\/div><\/div>\n\t\t\t\t\t\t<\/div><!-- .dpt-entry -->\n\t\t\t\t\t\t\t\t\t\t\t\t<div class=\"dpt-entry has-thumbnail\" data-title=\"fracking, lng und energiepolitik: eine n\u00fcchterne analyse von risiken, chancen und realit\u00e4t\" data-id=\"5579\"  data-category=\"allgemein gesellschaft gesundheit\" data-post_tag=\"deutschland energiepolitik europa geopolitik krisen\">\n\t\t\t\t\t\t\t<div class=\"dpt-entry-wrapper\"><div class=\"dpt-featured-content\"><div class=\"dpt-permalink\"><a href=\"https:\/\/www.markus-schall.de\/es\/2026\/04\/fracking-lng-y-politica-energetica-un-analisis-sobrio-de-riesgos-oportunidades-y-realidad\/\" class=\"dpt-permalink\"><span class=\"screen-reader-text\">Fracking, GNL y pol\u00edtica energ\u00e9tica: un sobrio an\u00e1lisis de riesgos, oportunidades y realidad<\/span><\/a><\/div><div class=\"dpt-thumbnail\"><div class=\"dpt-thumbnail-inner\"><img width=\"1024\" height=\"683\" class=\"attachment-full size-full\" alt=\"Fracking de gas natural y pol\u00edtica energ\u00e9tica\" context=\"dpt\" data-dpt-src=\"https:\/\/www.markus-schall.de\/wp-content\/uploads\/Fracking-Energiepolitik.jpg\" data-dpt-sizes=\"(max-width: 1024px) 100vw, 1024px\" data-dpt-srcset=\"https:\/\/www.markus-schall.de\/wp-content\/uploads\/Fracking-Energiepolitik.jpg 1024w, https:\/\/www.markus-schall.de\/wp-content\/uploads\/Fracking-Energiepolitik-300x200.jpg 300w, https:\/\/www.markus-schall.de\/wp-content\/uploads\/Fracking-Energiepolitik-768x512.jpg 768w, https:\/\/www.markus-schall.de\/wp-content\/uploads\/Fracking-Energiepolitik-18x12.jpg 18w\" \/><\/div><span class=\"dpt-thumbnail-aspect-ratio\" style=\"padding-top: 75%\"><\/span><\/div><\/div><div class=\"sub-entry\"><h3 class=\"dpt-title\"><a class=\"dpt-title-link\" href=\"https:\/\/www.markus-schall.de\/es\/2026\/04\/fracking-lng-y-politica-energetica-un-analisis-sobrio-de-riesgos-oportunidades-y-realidad\/\" rel=\"bookmark\">Fracking, GNL y pol\u00edtica energ\u00e9tica: un sobrio an\u00e1lisis de riesgos, oportunidades y realidad<\/a><\/h3><\/div><\/div>\n\t\t\t\t\t\t<\/div><!-- .dpt-entry -->\n\t\t\t\t\t\t\t\t\t\t\t\t<div class=\"dpt-entry has-thumbnail\" data-title=\"wenn pflicht wieder pflicht wird. eine art essay von herrn von l&#8217;oreot.\" data-id=\"3010\"  data-category=\"allgemein gesellschaft kunst &amp; kultur stories &amp; humor\" data-post_tag=\"deutschland erfahrungen geopolitik krisen pers\u00f6nlichkeitsentwicklung sicherheitspolitik\">\n\t\t\t\t\t\t\t<div class=\"dpt-entry-wrapper\"><div class=\"dpt-featured-content\"><div class=\"dpt-permalink\"><a href=\"https:\/\/www.markus-schall.de\/es\/2025\/10\/cuando-el-deber-vuelve-a-ser-deber-una-especie-de-ensayo-del-sr-von-loreot\/\" class=\"dpt-permalink\"><span class=\"screen-reader-text\">Cuando el deber vuelve a ser deber. Una especie de ensayo del Sr. von L'oreot.<\/span><\/a><\/div><div class=\"dpt-thumbnail\"><div class=\"dpt-thumbnail-inner\"><img width=\"1024\" height=\"683\" class=\"attachment-full size-full\" alt=\"Una llamada inesperada\" context=\"dpt\" data-dpt-src=\"https:\/\/www.markus-schall.de\/wp-content\/uploads\/loreot-pflicht-anruf.jpg\" data-dpt-sizes=\"(max-width: 1024px) 100vw, 1024px\" data-dpt-srcset=\"https:\/\/www.markus-schall.de\/wp-content\/uploads\/loreot-pflicht-anruf.jpg 1024w, https:\/\/www.markus-schall.de\/wp-content\/uploads\/loreot-pflicht-anruf-300x200.jpg 300w, https:\/\/www.markus-schall.de\/wp-content\/uploads\/loreot-pflicht-anruf-768x512.jpg 768w, https:\/\/www.markus-schall.de\/wp-content\/uploads\/loreot-pflicht-anruf-18x12.jpg 18w\" \/><\/div><span class=\"dpt-thumbnail-aspect-ratio\" style=\"padding-top: 75%\"><\/span><\/div><\/div><div class=\"sub-entry\"><h3 class=\"dpt-title\"><a class=\"dpt-title-link\" href=\"https:\/\/www.markus-schall.de\/es\/2025\/10\/cuando-el-deber-vuelve-a-ser-deber-una-especie-de-ensayo-del-sr-von-loreot\/\" rel=\"bookmark\">Cuando el deber vuelve a ser deber. Una especie de ensayo del Sr. von L'oreot.<\/a><\/h3><\/div><\/div>\n\t\t\t\t\t\t<\/div><!-- .dpt-entry -->\n\t\t\t\t\t\t\n\t\t\t\t<\/div>\n\t\t\t\t\t\t<\/div>\n\t\t\t\n<hr \/>","protected":false},"excerpt":{"rendered":"<p>Si, como yo, llevas d\u00e9cadas trabajando con programas de maquetaci\u00f3n y composici\u00f3n tipogr\u00e1fica, sueles notar esos cambios con m\u00e1s claridad que los que acaban de entrar en este mundo. He visto muchas cosas ir y venir a lo largo de los a\u00f1os: A principios de los noventa, trabaj\u00e9 en el Atari ST con Calamus SL y m\u00e1s tarde, bajo Windows, ... <a title=\"Cuando el deber vuelve a ser deber. Una especie de ensayo del Sr. von L&#039;oreot.\" class=\"read-more\" href=\"https:\/\/www.markus-schall.de\/es\/2025\/10\/cuando-el-deber-vuelve-a-ser-deber-una-especie-de-ensayo-del-sr-von-loreot\/\" aria-label=\"Leer m\u00e1s sobre Cuando el deber vuelve a ser deber. Una especie de ensayo del Sr. von L&#039;oreot.\">Vaciar m\u00e1s<\/a><\/p>","protected":false},"author":1,"featured_media":3697,"comment_status":"open","ping_status":"open","sticky":false,"template":"","format":"standard","meta":{"iawp_total_views":577,"footnotes":""},"categories":[424,15,472,4],"tags":[425,11,442,460,441],"class_list":["post-3675","post","type-post","status-publish","format-standard","has-post-thumbnail","hentry","category-buecher","category-apple-macos","category-kunst-kultur","category-tipps-anleitungen","tag-buch","tag-mac","tag-prozesse","tag-publishing","tag-verlag"],"_links":{"self":[{"href":"https:\/\/www.markus-schall.de\/es\/wp-json\/wp\/v2\/posts\/3675","targetHints":{"allow":["GET"]}}],"collection":[{"href":"https:\/\/www.markus-schall.de\/es\/wp-json\/wp\/v2\/posts"}],"about":[{"href":"https:\/\/www.markus-schall.de\/es\/wp-json\/wp\/v2\/types\/post"}],"author":[{"embeddable":true,"href":"https:\/\/www.markus-schall.de\/es\/wp-json\/wp\/v2\/users\/1"}],"replies":[{"embeddable":true,"href":"https:\/\/www.markus-schall.de\/es\/wp-json\/wp\/v2\/comments?post=3675"}],"version-history":[{"count":18,"href":"https:\/\/www.markus-schall.de\/es\/wp-json\/wp\/v2\/posts\/3675\/revisions"}],"predecessor-version":[{"id":3701,"href":"https:\/\/www.markus-schall.de\/es\/wp-json\/wp\/v2\/posts\/3675\/revisions\/3701"}],"wp:featuredmedia":[{"embeddable":true,"href":"https:\/\/www.markus-schall.de\/es\/wp-json\/wp\/v2\/media\/3697"}],"wp:attachment":[{"href":"https:\/\/www.markus-schall.de\/es\/wp-json\/wp\/v2\/media?parent=3675"}],"wp:term":[{"taxonomy":"category","embeddable":true,"href":"https:\/\/www.markus-schall.de\/es\/wp-json\/wp\/v2\/categories?post=3675"},{"taxonomy":"post_tag","embeddable":true,"href":"https:\/\/www.markus-schall.de\/es\/wp-json\/wp\/v2\/tags?post=3675"}],"curies":[{"name":"wp","href":"https:\/\/api.w.org\/{rel}","templated":true}]}}