{"id":3798,"date":"2025-12-03T06:33:26","date_gmt":"2025-12-03T06:33:26","guid":{"rendered":"https:\/\/www.markus-schall.de\/?p=3798"},"modified":"2026-04-12T14:33:25","modified_gmt":"2026-04-12T14:33:25","slug":"cmd-y-ferulas-de-mordida-un-informe-de-experiencia-personal-con-una-vision-clara","status":"publish","type":"post","link":"https:\/\/www.markus-schall.de\/es\/2025\/12\/cmd-y-ferulas-de-mordida-un-informe-de-experiencia-personal-con-una-vision-clara\/","title":{"rendered":"DMC y f\u00e9rulas oclusales: Un informe de experiencia personal con una visi\u00f3n clara"},"content":{"rendered":"<p>Yo mismo llevo una f\u00e9rula Sch\u00f6ttl desde hace tres a\u00f1os y medio: una f\u00e9rula de mordida fija en el maxilar inferior que se rectifica con regularidad y que est\u00e1 dise\u00f1ada deliberadamente no s\u00f3lo para aliviar la mand\u00edbula, sino tambi\u00e9n para influir en la columna vertebral. Y eso es exactamente lo que hace por m\u00ed. Esta f\u00e9rula me ha ayudado a estabilizar mi est\u00e1tica, aliviar tensiones y desarrollar una conciencia corporal completamente nueva.<\/p>\n<p>Durante este tiempo, me he dado cuenta de la poca claridad que hay por ah\u00ed sobre los diferentes tipos de f\u00e9rulas. Especialmente en los grupos online, no paro de ver lo confuso que se utiliza este t\u00e9rmino, como si todas las v\u00edas hicieran lo mismo. Por eso me gustar\u00eda poner un poco de orden aqu\u00ed y explicaros de forma comprensible qu\u00e9 tipos de f\u00e9rulas hay y por qu\u00e9 es tan importante la diferencia.<!--more--><\/p>\n<hr \/>\n\n\t\t\t<div class=\"display-post-types\">\n\n\t\t\t\t\t\t\t<style type=\"text\/css\">\n\t\t\t#dpt-wrapper-983 { --dpt-text-align: left;--dpt-image-crop: center;--dpt-border-radius: 5px;--dpt-h-gutter: 10px;--dpt-v-gutter: 9px; }\t\t\t<\/style>\n\t\t\t<style type=\"text\/css\">#dpt-wrapper-983 { --dpt-title-font-style:normal;--dpt-title-font-weight:600;--dpt-title-line-height:1.5;--dpt-title-text-decoration:none;--dpt-title-text-transform:none;--dpt-excerpt-font-style:normal;--dpt-excerpt-font-weight:400;--dpt-excerpt-line-height:1.5;--dpt-excerpt-text-decoration:none;--dpt-excerpt-text-transform:none;--dpt-meta1-font-style:normal;--dpt-meta1-font-weight:400;--dpt-meta1-line-height:1.9;--dpt-meta1-text-decoration:none;--dpt-meta1-text-transform:none;--dpt-meta2-font-style:normal;--dpt-meta2-font-weight:400;--dpt-meta2-line-height:1.9;--dpt-meta2-text-decoration:none;--dpt-meta2-text-transform:none; }<\/style><div class=\"dpt-main-header\">\n\t\t\t\t\t\t<div class=\"dpt-main-title\">\n\t\t\t\t\t\t\t<span class=\"dpt-main-title-text\">Temas sanitarios de actualidad<\/span>\n\t\t\t\t\t\t<\/div>\n\t\t\t\t\t\t\n\t\t\t\t\t\t\n\t\t\t\t\t\t\n\t\t\t\t\t\t<\/div>\t\t\t\n\t\t\t\t<div id=\"dpt-wrapper-983\" class=\"dpt-wrapper dpt-mag1 land1 dpt-cropped dpt-flex-wrap\" >\n\n\t\t\t\t\t\t\t\t\t\t\t<div class=\"dpt-entry has-thumbnail\" data-title=\"meine pers\u00f6nlichen erfahrungen mit mucokehl\u2011d3 bei h\u00e4morrhoiden\" data-id=\"2720\"  data-category=\"b\u00fccher gesundheit\" data-post_tag=\"buch erfahrungen gesundheit h\u00e4morrhoiden\">\n\t\t\t\t\t\t\t<div class=\"dpt-entry-wrapper\"><div class=\"dpt-featured-content\"><div class=\"dpt-permalink\"><a href=\"https:\/\/www.markus-schall.de\/es\/2025\/08\/mi-experiencia-personal-con-mucokehl-d3-para-las-hemorroides\/\" class=\"dpt-permalink\"><span class=\"screen-reader-text\">Mi experiencia personal con MUCOKEHL-D3 para las hemorroides<\/span><\/a><\/div><div class=\"dpt-thumbnail\"><div class=\"dpt-thumbnail-inner\"><img width=\"1024\" height=\"1024\" class=\"attachment-full size-full\" alt=\"MUCOKEHL D3 Pomada\" context=\"dpt\" data-dpt-src=\"https:\/\/www.markus-schall.de\/wp-content\/uploads\/mucokehl-d3-salbe.jpg\" data-dpt-sizes=\"(max-width: 1024px) 100vw, 1024px\" data-dpt-srcset=\"https:\/\/www.markus-schall.de\/wp-content\/uploads\/mucokehl-d3-salbe.jpg 1024w, https:\/\/www.markus-schall.de\/wp-content\/uploads\/mucokehl-d3-salbe-300x300.jpg 300w, https:\/\/www.markus-schall.de\/wp-content\/uploads\/mucokehl-d3-salbe-150x150.jpg 150w, https:\/\/www.markus-schall.de\/wp-content\/uploads\/mucokehl-d3-salbe-768x768.jpg 768w, https:\/\/www.markus-schall.de\/wp-content\/uploads\/mucokehl-d3-salbe-12x12.jpg 12w\" \/><\/div><span class=\"dpt-thumbnail-aspect-ratio\" style=\"padding-top: 75%\"><\/span><\/div><\/div><div class=\"sub-entry\"><h3 class=\"dpt-title\"><a class=\"dpt-title-link\" href=\"https:\/\/www.markus-schall.de\/es\/2025\/08\/mi-experiencia-personal-con-mucokehl-d3-para-las-hemorroides\/\" rel=\"bookmark\">Mi experiencia personal con MUCOKEHL-D3 para las hemorroides<\/a><\/h3><\/div><\/div>\n\t\t\t\t\t\t<\/div><!-- .dpt-entry -->\n\t\t\t\t\t\t\t\t\t\t\t\t<div class=\"dpt-entry has-thumbnail\" data-title=\"schienentherapie bei cmd \u2013 mein pers\u00f6nlicher weg durch die letzte phase\" data-id=\"2509\"  data-category=\"b\u00fccher gesundheit\" data-post_tag=\"buch cmd erfahrungen gesundheit ratgeber\">\n\t\t\t\t\t\t\t<div class=\"dpt-entry-wrapper\"><div class=\"dpt-featured-content\"><div class=\"dpt-permalink\"><a href=\"https:\/\/www.markus-schall.de\/es\/2025\/08\/ferula-terapeutica-para-cmd-mi-camino-personal-a-traves-de-la-ultima-fase\/\" class=\"dpt-permalink\"><span class=\"screen-reader-text\">Terapia con f\u00e9rulas para TTM - Mi camino personal a trav\u00e9s de la fase final<\/span><\/a><\/div><div class=\"dpt-thumbnail\"><div class=\"dpt-thumbnail-inner\"><img width=\"1920\" height=\"1280\" class=\"attachment-full size-full\" alt=\"Experiencia en f\u00e9rulas CMD\" context=\"dpt\" data-dpt-src=\"https:\/\/www.markus-schall.de\/wp-content\/uploads\/cmd-schiene-erfahrungen.jpg\" data-dpt-sizes=\"(max-width: 1920px) 100vw, 1920px\" data-dpt-srcset=\"https:\/\/www.markus-schall.de\/wp-content\/uploads\/cmd-schiene-erfahrungen.jpg 1920w, https:\/\/www.markus-schall.de\/wp-content\/uploads\/cmd-schiene-erfahrungen-300x200.jpg 300w, https:\/\/www.markus-schall.de\/wp-content\/uploads\/cmd-schiene-erfahrungen-1024x683.jpg 1024w, https:\/\/www.markus-schall.de\/wp-content\/uploads\/cmd-schiene-erfahrungen-768x512.jpg 768w, https:\/\/www.markus-schall.de\/wp-content\/uploads\/cmd-schiene-erfahrungen-1536x1024.jpg 1536w, https:\/\/www.markus-schall.de\/wp-content\/uploads\/cmd-schiene-erfahrungen-18x12.jpg 18w\" \/><\/div><span class=\"dpt-thumbnail-aspect-ratio\" style=\"padding-top: 75%\"><\/span><\/div><\/div><div class=\"sub-entry\"><h3 class=\"dpt-title\"><a class=\"dpt-title-link\" href=\"https:\/\/www.markus-schall.de\/es\/2025\/08\/ferula-terapeutica-para-cmd-mi-camino-personal-a-traves-de-la-ultima-fase\/\" rel=\"bookmark\">Terapia con f\u00e9rulas para TTM - Mi camino personal a trav\u00e9s de la fase final<\/a><\/h3><\/div><\/div>\n\t\t\t\t\t\t<\/div><!-- .dpt-entry -->\n\t\t\t\t\t\t\t\t\t\t\t\t<div class=\"dpt-entry has-thumbnail\" data-title=\"mcs: wenn das leben dich zum dritten mal zwingt umzuziehen\" data-id=\"2822\"  data-category=\"allgemein b\u00fccher gesundheit\" data-post_tag=\"auswandern cmd erfahrungen hypersensibilit\u00e4t krisen mcs pers\u00f6nlichkeitsentwicklung ratgeber\">\n\t\t\t\t\t\t\t<div class=\"dpt-entry-wrapper\"><div class=\"dpt-featured-content\"><div class=\"dpt-permalink\"><a href=\"https:\/\/www.markus-schall.de\/es\/2025\/09\/mcs-cuando-la-vida-te-obliga-a-mudarte-por-tercera-vez\/\" class=\"dpt-permalink\"><span class=\"screen-reader-text\">MCS: Cuando la vida te obliga a mudarte por tercera vez<\/span><\/a><\/div><div class=\"dpt-thumbnail\"><div class=\"dpt-thumbnail-inner\"><img width=\"1024\" height=\"684\" class=\"attachment-full size-full\" alt=\"Tres expulsiones forzosas por Sensibilidad Qu\u00edmica M\u00faltiple (SQM)\" context=\"dpt\" data-dpt-src=\"https:\/\/www.markus-schall.de\/wp-content\/uploads\/mcs-baustelle-krise.jpg\" data-dpt-sizes=\"(max-width: 1024px) 100vw, 1024px\" data-dpt-srcset=\"https:\/\/www.markus-schall.de\/wp-content\/uploads\/mcs-baustelle-krise.jpg 1024w, https:\/\/www.markus-schall.de\/wp-content\/uploads\/mcs-baustelle-krise-300x200.jpg 300w, https:\/\/www.markus-schall.de\/wp-content\/uploads\/mcs-baustelle-krise-768x513.jpg 768w, https:\/\/www.markus-schall.de\/wp-content\/uploads\/mcs-baustelle-krise-18x12.jpg 18w\" \/><\/div><span class=\"dpt-thumbnail-aspect-ratio\" style=\"padding-top: 75%\"><\/span><\/div><\/div><div class=\"sub-entry\"><h3 class=\"dpt-title\"><a class=\"dpt-title-link\" href=\"https:\/\/www.markus-schall.de\/es\/2025\/09\/mcs-cuando-la-vida-te-obliga-a-mudarte-por-tercera-vez\/\" rel=\"bookmark\">MCS: Cuando la vida te obliga a mudarte por tercera vez<\/a><\/h3><\/div><\/div>\n\t\t\t\t\t\t<\/div><!-- .dpt-entry -->\n\t\t\t\t\t\t\t\t\t\t\t\t<div class=\"dpt-entry has-thumbnail\" data-title=\"cmd verstehen: warum wissen der erste schritt zur heilung ist\" data-id=\"3419\"  data-category=\"b\u00fccher gesundheit\" data-post_tag=\"buch cmd erfahrungen gesundheit ratgeber\">\n\t\t\t\t\t\t\t<div class=\"dpt-entry-wrapper\"><div class=\"dpt-featured-content\"><div class=\"dpt-permalink\"><a href=\"https:\/\/www.markus-schall.de\/es\/2025\/11\/cmd-entender-por-que-el-conocimiento-es-el-primer-paso-para-la-curacion\/\" class=\"dpt-permalink\"><span class=\"screen-reader-text\">Entender la CMD: Por qu\u00e9 el conocimiento es el primer paso hacia la curaci\u00f3n<\/span><\/a><\/div><div class=\"dpt-thumbnail\"><div class=\"dpt-thumbnail-inner\"><img width=\"1024\" height=\"683\" class=\"attachment-full size-full\" alt=\"Entender la DMC es el primer paso hacia la curaci\u00f3n\" context=\"dpt\" data-dpt-src=\"https:\/\/www.markus-schall.de\/wp-content\/uploads\/CMD-verstehen-wissen.jpg\" data-dpt-sizes=\"(max-width: 1024px) 100vw, 1024px\" data-dpt-srcset=\"https:\/\/www.markus-schall.de\/wp-content\/uploads\/CMD-verstehen-wissen.jpg 1024w, https:\/\/www.markus-schall.de\/wp-content\/uploads\/CMD-verstehen-wissen-300x200.jpg 300w, https:\/\/www.markus-schall.de\/wp-content\/uploads\/CMD-verstehen-wissen-768x512.jpg 768w, https:\/\/www.markus-schall.de\/wp-content\/uploads\/CMD-verstehen-wissen-18x12.jpg 18w\" \/><\/div><span class=\"dpt-thumbnail-aspect-ratio\" style=\"padding-top: 75%\"><\/span><\/div><\/div><div class=\"sub-entry\"><h3 class=\"dpt-title\"><a class=\"dpt-title-link\" href=\"https:\/\/www.markus-schall.de\/es\/2025\/11\/cmd-entender-por-que-el-conocimiento-es-el-primer-paso-para-la-curacion\/\" rel=\"bookmark\">Entender la CMD: Por qu\u00e9 el conocimiento es el primer paso hacia la curaci\u00f3n<\/a><\/h3><\/div><\/div>\n\t\t\t\t\t\t<\/div><!-- .dpt-entry -->\n\t\t\t\t\t\t\n\t\t\t\t<\/div>\n\t\t\t\t\t\t<\/div>\n\t\t\t\n<hr \/>\n<h2>Por qu\u00e9 el t\u00e9rmino \u201eferrocarril\u201c apenas significa nada hoy en d\u00eda<\/h2>\n<p>Cuando estoy en un <a href=\"https:\/\/de.wikipedia.org\/wiki\/Kraniomandibul\u00e4re_Dysfunktion\" target=\"_blank\" rel=\"noopener\">TTM<\/a>-grupo, como alguien escribe: <em>\u201eMe pusieron una f\u00e9rula\u201c<\/em>, Normalmente ni siquiera s\u00e9 de qu\u00e9 estamos hablando. Y ah\u00ed radica el problema: el t\u00e9rmino \u201ef\u00e9rula\u201c se ha extendido tanto hoy en d\u00eda que abarca casi todo lo que uno se mete en la boca. Antes se refer\u00eda a una simple placa de mordida dura, a menudo para el maxilar superior, que sol\u00eda servir \u00fanicamente como medida de protecci\u00f3n contra el rechinamiento nocturno. Nada m\u00e1s. Pero eso ya pas\u00f3.<\/p>\n<p>Hoy en d\u00eda, existen f\u00e9rulas de pl\u00e1stico sencillas, sistemas fresados individualmente, f\u00e9rulas mandibulares funcionales complejas, f\u00e9rulas con gu\u00eda articular, construcciones con aparatos met\u00e1licos y modelos terap\u00e9uticos especializados que intervienen profundamente en la est\u00e1tica del cuerpo. Y a todos ellos se les llama simplemente \u201ef\u00e9rulas\u201c. Esto conduce inevitablemente a malentendidos. Una persona habla de una f\u00e9rula de crujido de uso cotidiano por unos pocos euros, mientras que otra habla de un instrumento terap\u00e9utico que interviene en toda la cadena muscular.<\/p>\n<p>Para muchos de los afectados, esto da la impresi\u00f3n de que cada ra\u00edl puede compararse con otro - o peor: que cada uno puede tener el mismo efecto. Esto precisamente no es as\u00ed. Una f\u00e9rula de afilado protege los dientes, pero no corrige la maloclusi\u00f3n. Una f\u00e9rula de diagn\u00f3stico funcional puede cambiar la postura, pero no es un simple producto est\u00e1ndar. Y un aparato de ortodoncia es algo completamente distinto a una cl\u00e1sica placa de mordida de pl\u00e1stico.<\/p>\n<p>Cuanto m\u00e1s trato el tema, m\u00e1s claro se vuelve: Sin t\u00e9rminos claros, es f\u00e1cil perderse en la oscuridad. Conf\u00edas en recomendaciones que no se ajustan a tu propia situaci\u00f3n. Y compras soluciones que nunca estuvieron pensadas para tu problema individual. Precisamente por eso, en este art\u00edculo quiero explicarle paso a paso los tipos de f\u00e9rulas m\u00e1s importantes: de forma objetiva, clara y de tal manera que al final sepa qu\u00e9 es lo que realmente se adapta a cada problema. Porque s\u00f3lo cuando te des cuenta de que \u201ef\u00e9rula\u201c no es s\u00f3lo \u201ef\u00e9rula\u201c podr\u00e1s tomar una decisi\u00f3n que realmente ayude a tu propio cuerpo.<\/p>\n<h2>Las simples f\u00e9rulas de contracci\u00f3n: lo que realmente pueden y no pueden hacer<\/h2>\n<p>Cuando alguien escribe en foros o grupos: \u201eEl dentista me ha puesto una f\u00e9rula\u201c, muy a menudo se refiere a una simple f\u00e9rula para tallar, normalmente de pl\u00e1stico transparente o lechoso, relativamente fina, de fabricaci\u00f3n r\u00e1pida y est\u00e1ndar en muchas consultas. A primera vista, parece l\u00f3gico: los dientes est\u00e1n protegidos, el dentista \u201eha hecho algo\u201c y uno tiene la sensaci\u00f3n de que al menos se ha dado un paso. Pero si se mira m\u00e1s de cerca, uno se da cuenta de lo limitadas que son en realidad estas f\u00e9rulas, sobre todo para dolencias complejas como la DMC.<\/p>\n<h3>Qu\u00e9 es una simple f\u00e9rula de crujido<\/h3>\n<p>Una f\u00e9rula de rechinar simple no es m\u00e1s que un escudo protector para los dientes. Se coloca en el maxilar superior o inferior, se adapta al relieve dental existente y garantiza que los dientes no rechinen ni se da\u00f1en entre s\u00ed al rechinar.<br \/>\nSu finalidad principal es, por tanto, la protecci\u00f3n mec\u00e1nica de los dientes, ni m\u00e1s ni menos.<\/p>\n<p>En muchos casos, este tipo de f\u00e9rula se fabrica con relativa rapidez: Impresi\u00f3n, laboratorio, ajuste corto, posiblemente un peque\u00f1o tallado, acabado. La f\u00e9rula se denomina entonces \u201ef\u00e9rula de tallado nocturno\u201c o simplemente \u201ef\u00e9rula de mordida\u201c, aunque funcionalmente s\u00f3lo guarda una relaci\u00f3n lejana con las f\u00e9rulas de mordida m\u00e1s complejas.<\/p>\n<h3>Qu\u00e9 pueden hacer estos ra\u00edles y cu\u00e1les son sus l\u00edmites.<\/h3>\n<p>Para que no haya malentendidos: Para el puro rechinamiento sin grandes problemas estructurales en la articulaci\u00f3n temporomandibular, este tipo de f\u00e9rulas pueden tener mucho sentido. Si alguien trabaja mucho con los dientes, los empastes o las coronas corren peligro y se trata sobre todo de preservar la sustancia, \u00e9sta es una soluci\u00f3n sencilla y pragm\u00e1tica. Los dientes tienen entonces una especie de parachoques y el desgaste es limitado.<\/p>\n<p>Sin embargo, cuando se trata de algo m\u00e1s que eso - crujido de la articulaci\u00f3n mandibular, dolor, problemas de cuello, tensi\u00f3n en los hombros, dolor de espalda, desalineaci\u00f3n p\u00e9lvica o DMC compleja - estas f\u00e9rulas alcanzan muy r\u00e1pidamente sus l\u00edmites naturales. No modifican realmente la posici\u00f3n de la mordida, no cambian las cadenas musculares y no corrigen la est\u00e1tica de la columna vertebral.<\/p>\n<p>Hasta cierto punto, se colocan sobre la maloclusi\u00f3n existente y, en el peor de los casos, pueden incluso estabilizarla.<\/p>\n<h3>Por qu\u00e9 a menudo se sobrevaloran las f\u00e9rulas de contracci\u00f3n simples<\/h3>\n<p>En mi consulta, me encuentro con la misma situaci\u00f3n una y otra vez: alguien ha llevado una f\u00e9rula de pl\u00e1stico durante a\u00f1os, ha \u201ecooperado\u201c bien por la noche, tal vez incluso haya recibido varias f\u00e9rulas diferentes... y, sin embargo, los s\u00edntomas han persistido. A veces incluso han empeorado. El problema no es que la f\u00e9rula sea \u201emala\u201c, sino que no se desarroll\u00f3 para el prop\u00f3sito real. Una f\u00e9rula para crujidos se vende a menudo como un instrumento terap\u00e9utico, aunque en realidad es s\u00f3lo un instrumento de protecci\u00f3n. La diferencia es enorme.<\/p>\n<p>Imag\u00edneselo as\u00ed: lo \u00fanico que tiene que hacer es cambiar el papel pintado de una casa con los cimientos torcidos. Puede parecer m\u00e1s bonito y tranquilizador al principio, pero los cimientos seguir\u00e1n torcidos.<\/p>\n<p>Sin embargo, muchas personas esperan exactamente lo contrario: menos dolor, menos tensi\u00f3n, relajaci\u00f3n de los m\u00fasculos y un cambio de postura. Una simple f\u00e9rula de descarga no suele conseguir todo esto. Si algo mejora, suele ser s\u00f3lo a corto plazo, porque se tiene la sensaci\u00f3n subjetiva de que \u201ealgo ha pasado\u201c y uno se siente relajado con este paso. Esto es comprensible desde un punto de vista psicol\u00f3gico, pero f\u00edsicamente no suele haber ning\u00fan cambio profundo.<\/p>\n<h3>C\u00f3mo esos ra\u00edles pueden seguir siendo un elemento de construcci\u00f3n<\/h3>\n<p>A pesar de todas las cr\u00edticas, las f\u00e9rulas sencillas para tallar tienen su lugar, si se clasifican correctamente. Si lo que quiere es proteger sus dientes y no tiene molestias importantes en el \u00e1rea de la est\u00e1tica o la articulaci\u00f3n temporomandibular, sin duda pueden ser un componente \u00fatil. Son relativamente baratos, sencillos de fabricar y, por lo general, f\u00e1ciles de tolerar en la vida cotidiana.<\/p>\n<p>Sin embargo, es importante que sepa lo que puede esperar de una f\u00e9rula de este tipo, y lo que no. No es una panacea, no es una \u201ef\u00e9rula CMD\u201c y, desde luego, no es una herramienta con la que se pueda influir espec\u00edficamente en toda la est\u00e1tica corporal. Es una especie de \u201ecasco\u201c para los dientes, nada m\u00e1s.<\/p>\n<h3>Malentendidos t\u00edpicos que debe conocer<\/h3>\n<p>En conversaciones y contribuciones, sigo viendo los mismos errores de pensamiento:<\/p>\n<blockquote><p><em>\u201eTengo una f\u00e9rula, as\u00ed que mi CMD se est\u00e1 tratando ahora\u201c.\u201c<\/em><\/p><\/blockquote>\n<p>En realidad, a menudo s\u00f3lo se protege el esmalte, pero no el sistema que hay detr\u00e1s.<\/p>\n<blockquote><p><em>\u201eSi la f\u00e9rula no ayuda, entonces las f\u00e9rulas en general no pueden ayudar\u201c.\u201c<\/em><\/p><\/blockquote>\n<p>Eso es igual de err\u00f3neo. Es m\u00e1s como si estuvieras diciendo: <em>\u201eEste simple esparadrapo no cur\u00f3 la pierna rota, as\u00ed que los vendajes son b\u00e1sicamente in\u00fatiles\u201c.\u201c<\/em><\/p>\n<blockquote><p><em>\u201eTodas las pistas son b\u00e1sicamente iguales\u201c.\u201c<\/em><\/p><\/blockquote>\n<p>En mi opini\u00f3n, aqu\u00ed es donde reside el mayor peligro. Si no se diferencia, no se puede reconocer cu\u00e1ndo tendr\u00eda sentido un concepto ferroviario diferente.<br \/>\nEspecialmente en los grupos CMD, esta mezcla de tipos de f\u00e9rulas y experiencias puede llevar r\u00e1pidamente a la confusi\u00f3n. Una persona tiene una f\u00e9rula de crujido simple y casi ning\u00fan beneficio, mientras que la otra lleva una f\u00e9rula funcional compleja e informa de mejoras significativas. Ambos hablan de \u201emi f\u00e9rula\u201c - pero las herramientas de las que hablan son completamente diferentes.<\/p>\n<h3>En qu\u00e9 debe fijarse si le ofrecen una barandilla sencilla<\/h3>\n<p>Si su dentista le sugiere una simple f\u00e9rula para tallar los dientes, en principio no est\u00e1 mal. El factor decisivo es qu\u00e9 problema est\u00e1 en primer plano: \u00bfse trata de proteger los dientes de la abrasi\u00f3n? \u00bfO se trata de tratar un problema mandibular complejo que afecta a su cuello, espalda y est\u00e1tica?<\/p>\n<p>En el primer caso, un simple ra\u00edl puede ser una soluci\u00f3n sensata. En el segundo caso, como mucho es un peque\u00f1o componente, y en algunos casos incluso un freno porque da la impresi\u00f3n de que \u201eya est\u00e1 todo hecho\u201c. Si ya tiene s\u00edntomas claros de DMC, es importante que no se detenga en la pregunta: \u201e\u00bfTengo una f\u00e9rula?\u201c, sino m\u00e1s bien: \u201e\u00bfQu\u00e9 f\u00e9rula tengo, en qu\u00e9 concepto se bas\u00f3 y cu\u00e1l es su objetivo?\u201c. S\u00f3lo cuando haya respondido a estas preguntas podr\u00e1 juzgar si tiene raz\u00f3n con una simple f\u00e9rula de crujido o si ha llegado el momento de buscar sistemas de f\u00e9rulas m\u00e1s funcionales y profundos.<\/p>\n<div class=\"lyte-wrapper\" style=\"width:640px;max-width:100%;margin:5px;\"><div class=\"lyMe\" id=\"WYL_CRDplh6Ymvc\"><div id=\"lyte_CRDplh6Ymvc\" data-src=\"https:\/\/www.markus-schall.de\/wp-content\/plugins\/wp-youtube-lyte\/lyteCache.php?origThumbUrl=%2F%2Fi.ytimg.com%2Fvi%2FCRDplh6Ymvc%2Fhqdefault.jpg\" class=\"pL\"><div class=\"tC\"><div class=\"tT\"><\/div><\/div><div class=\"play\"><\/div><div class=\"ctrl\"><div class=\"Lctrl\"><\/div><div class=\"Rctrl\"><\/div><\/div><\/div><noscript><a href=\"https:\/\/youtu.be\/CRDplh6Ymvc\" rel=\"nofollow noopener\" target=\"_blank\"><img loading=\"lazy\" decoding=\"async\" src=\"https:\/\/www.markus-schall.de\/wp-content\/plugins\/wp-youtube-lyte\/lyteCache.php?origThumbUrl=https%3A%2F%2Fi.ytimg.com%2Fvi%2FCRDplh6Ymvc%2F0.jpg\" alt=\"Miniatura de v\u00eddeo de YouTube\" width=\"640\" height=\"340\" \/><br \/>Ver este v\u00eddeo en YouTube<\/a><\/noscript><\/div><\/div><div class=\"lL\" style=\"max-width:100%;width:640px;margin:5px;\"><\/div><br \/>\nDolor de mand\u00edbula y DMC - \u00bfQu\u00e9 f\u00e9rula dental le conviene? | <a href=\"https:\/\/www.youtube.com\/@kieferwissen\" target=\"_blank\" rel=\"noopener\">Conocimiento del pino Stefanie Kapp<\/a><\/p>\n<h2>F\u00e9rulas de mordida fresadas individualmente<\/h2>\n<p>Despu\u00e9s de las f\u00e9rulas de tallado sencillas viene lo que mucha gente conoce como el siguiente paso: una f\u00e9rula de mordida personalizada y tallada. Se trata de un \u00e1rea que puede hacer mucho m\u00e1s que proteger los dientes, pero tambi\u00e9n merece la pena examinarla con detenimiento. Al fin y al cabo, que algo parezca m\u00e1s individualizado no significa que sea una terapia CMD espec\u00edfica.<\/p>\n<p>Veo estas f\u00e9rulas como una especie de \u201et\u00e9rmino medio cl\u00e1sico\u201c: mejores que las carcasas de pl\u00e1stico puro, pero todav\u00eda muy lejos de las f\u00e9rulas funcionales consistentes que realmente pretenden influir en la est\u00e1tica.<\/p>\n<h3>C\u00f3mo se fabrican estos ra\u00edles y por qu\u00e9 es importante<\/h3>\n<p>Para una f\u00e9rula de mordida personalizada, primero se toma una impresi\u00f3n de sus dientes o se realiza un escaneado digital. A continuaci\u00f3n se crea en el laboratorio una f\u00e9rula personalizada de pl\u00e1stico m\u00e1s duro. Esta f\u00e9rula en bruto se coloca en la cl\u00ednica dental y se fresa en varios pasos. El objetivo es que el contacto sea lo m\u00e1s uniforme posible al morder y que ning\u00fan diente entre en contacto demasiado pronto o se sobrecargue al mover el maxilar inferior.<\/p>\n<p>En teor\u00eda, esto deber\u00eda aliviar los m\u00fasculos de la masticaci\u00f3n, calmar la articulaci\u00f3n temporomandibular y distribuir la carga de forma m\u00e1s uniforme. En la pr\u00e1ctica, el resultado depende en gran medida del cuidado con que se lleve a cabo el trabajo y de si el profesional tiene un objetivo funcional claro en mente o se limita a \u201ealisar algo hasta que quede m\u00e1s o menos bien\u201c.<\/p>\n<p><strong>Lo importante<\/strong>Estas f\u00e9rulas no son productos est\u00e1ndar. Cada una se fresa de forma diferente y cada una puede cambiar con el tiempo a medida que se adaptan los dientes, los m\u00fasculos y la posici\u00f3n de la mordida. Por lo tanto, casi siempre son necesarias revisiones y retoques peri\u00f3dicos.<\/p>\n<h3>Mand\u00edbula superior o inferior: un detalle aparentemente peque\u00f1o con un gran efecto<\/h3>\n<p>Una cuesti\u00f3n que, sorprendentemente, rara vez se explica correctamente es la posici\u00f3n de la f\u00e9rula: \u00bfmand\u00edbula superior o mand\u00edbula inferior? Muchas f\u00e9rulas de mordida se colocan en el maxilar superior. Esto suele ser m\u00e1s f\u00e1cil desde el punto de vista odontol\u00f3gico y es lo habitual en muchas consultas. Usted cierra la boca, la f\u00e9rula est\u00e1 en la parte superior y el maxilar inferior \u201eencuentra\u201c su sitio.<\/p>\n<p>Sin embargo, tambi\u00e9n existen f\u00e9rulas a medida para el maxilar inferior. \u00c9stas crean una situaci\u00f3n inicial diferente porque el maxilar inferior es el elemento m\u00f3vil del sistema. El hecho de que una f\u00e9rula se coloque en el maxilar superior o en el inferior influye:<\/p>\n<ul>\n<li>c\u00f3mo funcionan tus m\u00fasculos,<\/li>\n<li>la orientaci\u00f3n del maxilar inferior al morder,<\/li>\n<li>la posici\u00f3n de su articulaci\u00f3n temporomandibular.<\/li>\n<\/ul>\n<p>Al ferulizar el maxilar superior, el maxilar inferior puede \u201eacostumbrarse\u201c a una determinada posici\u00f3n. Esto puede ser un alivio, pero tambi\u00e9n puede estabilizar una posici\u00f3n desfavorable si el concepto en el que se basa no se ha pensado correctamente.<\/p>\n<p>En cambio, una f\u00e9rula para el maxilar inferior puede intervenir de forma m\u00e1s activa en el control del movimiento si se planifica adecuadamente. Puede llevar el maxilar inferior a una posici\u00f3n diferente, terap\u00e9uticamente deseada, o guiarlo por determinadas trayectorias. Aqu\u00ed el factor decisivo tambi\u00e9n es decisivo: No es s\u00f3lo la posici\u00f3n lo que marca la diferencia, sino el concepto seg\u00fan el cual se asienta la f\u00e9rula.<\/p>\n<h3>Qu\u00e9 funciones pueden tener estos ra\u00edles<\/h3>\n<p>Las f\u00e9rulas de mordida personalizadas suelen utilizarse con varios fines:<\/p>\n<ul>\n<li>En primer lugar, deben <strong>Aliviar los m\u00fasculos de la masticaci\u00f3n<\/strong>. Si los contactos son m\u00e1s uniformes y no se sobrecarga ning\u00fan diente, puede reducirse el tono muscular. Algunas personas notan menos tensi\u00f3n matutina, dolores de cabeza o dolor en la articulaci\u00f3n de la mand\u00edbula.<\/li>\n<li>En segundo lugar, deben <strong>Aliviar la articulaci\u00f3n temporomandibular<\/strong>. Una superficie de contacto definida suele distribuir de forma diferente la presi\u00f3n sobre la junta. Los ruidos de grietas, roces o bloqueos pueden cambiar como resultado, a veces para mejor, pero a veces no.<\/li>\n<li>En tercer lugar, pueden utilizarse como <strong>herramienta de diagn\u00f3stico<\/strong> servir. Si sus s\u00edntomas cambian con una determinada situaci\u00f3n de mordida, esto puede indicar en qu\u00e9 direcci\u00f3n debe ir la terapia posterior. En buenas manos, una f\u00e9rula no es s\u00f3lo un tratamiento, sino tambi\u00e9n un instrumento de prueba.<\/li>\n<li>En cuarto lugar, a menudo sirven de <strong>Preparaci\u00f3n para los pasos siguientes<\/strong>. Antes de realizar una elevaci\u00f3n definitiva de la mordida, una dentadura postiza o una reconstrucci\u00f3n completa, a veces se utiliza una f\u00e9rula para ver c\u00f3mo reacciona su sistema a una posici\u00f3n de mordida diferente.<\/li>\n<\/ul>\n<p>Todo esto suena muy sensato a primera vista. Sin embargo, la experiencia demuestra que en muchos casos este tipo de f\u00e9rula se utiliza simplemente como una \u201emejor f\u00e9rula de crujido\u201c sin que se utilicen realmente estas opciones.<\/p>\n<h3>Oportunidades: en qu\u00e9 casos pueden ser \u00fatiles<\/h3>\n<p>Si se utilizan correctamente, las f\u00e9rulas de mordida personalizadas pueden ayudar de forma notable. Por ejemplo, si tiene un contacto dental intenso en una regi\u00f3n determinada, los m\u00fasculos de esa zona est\u00e1n sobrecargados y la articulaci\u00f3n temporomandibular ya est\u00e1 irritada, una f\u00e9rula bien hecha puede actuar como un peque\u00f1o restablecimiento: Las fuerzas se distribuyen mejor, los m\u00fasculos ya no tienen que \u201earar\u201c en un sitio y el sistema tiene la oportunidad de calmarse un poco.<\/p>\n<p>Incluso con molestias moderadas de DMC, estas f\u00e9rulas pueden ser un comienzo sensato si el dentista trabaja con ellas con cuidado y vigila su evoluci\u00f3n. As\u00ed podr\u00e1 observar si sus s\u00edntomas cambian, si disminuyen o se desplazan. Esto le dar\u00e1 una indicaci\u00f3n de si se trata \u201es\u00f3lo\u201c de la situaci\u00f3n de la mordida o si hay problemas subyacentes en la est\u00e1tica, la musculatura o la columna vertebral.<\/p>\n<p>A veces, una f\u00e9rula oclusal bien ajustada en el maxilar superior o inferior puede marcar la diferencia entre un dolor nocturno constante y unas noches soportables. No hay que subestimarlo. Pero es importante verlo como lo que es: un elemento b\u00e1sico. No necesariamente toda la soluci\u00f3n.<\/p>\n<h3>L\u00edmites: por qu\u00e9 estos ra\u00edles suelen rendir menos de lo prometido<\/h3>\n<p>En mi opini\u00f3n, el mayor problema de estas f\u00e9rulas es que a menudo se venden como si fueran una terapia CMD completa. En realidad, sin embargo, siguen siendo superficiales en muchos casos. Una f\u00e9rula puede influir en la posici\u00f3n de la mordida, pero no \u201ereprograma\u201c autom\u00e1ticamente tu cuerpo. Si toda su est\u00e1tica est\u00e1 desequilibrada - pelvis, columna vertebral, cintura escapular, cuello - entonces una f\u00e9rula por s\u00ed sola rara vez es capaz de reorganizar permanentemente todo este sistema. Interviene en una zona y el resto del cuerpo intenta arregl\u00e1rselas de alguna manera.<\/p>\n<p>Adem\u00e1s, una vez colocada la f\u00e9rula, puede consolidar una determinada situaci\u00f3n de mordida. Si esta situaci\u00f3n es desfavorable, puede incluso causar m\u00e1s problemas a largo plazo. Te acostumbras a una nueva posici\u00f3n que no es \u00f3ptima y el cuerpo intenta compensar esta \u201enueva verdad\u201c.<\/p>\n<p>Otro punto: muchas consultas trabajan sin un verdadero diagn\u00f3stico funcional. Esto significa que no se examina sistem\u00e1ticamente c\u00f3mo interact\u00faan las articulaciones, los m\u00fasculos, las trayectorias de movimiento y la postura est\u00e1tica. En su lugar, se fabrica una f\u00e9rula, se coloca, se optimiza un poco y luego se espera que las cosas mejoren. En algunos casos funciona por casualidad, pero en muchos otros no.<\/p>\n<h3>Por qu\u00e9 a menudo se sobrevaloran las f\u00e9rulas personalizadas<\/h3>\n<p>Por todas estas razones, creo que las f\u00e9rulas de mordida personalizadas tienen una reputaci\u00f3n de doble filo. Algunos juran por ellas, otros dicen: \u201eNo ayudan en absoluto\u201c. Ambas cosas pueden ser ciertas, dependiendo de la constancia y la conciencia con que se utilicen. Se sobrevaloran cuando se venden como un arma multiuso:<\/p>\n<blockquote><p><em>\u201e\u00bfTienes CMD? Toma, una f\u00e9rula y estar\u00e1s bien\u201c.\u201c<\/em><\/p><\/blockquote>\n<p>Esto no suele ser realista. Se infravaloran si se consideran simplemente como una \u201ef\u00e9rula de molienda ligeramente mejor\u201c. En buenas manos, pueden ser un importante elemento diagn\u00f3stico y terap\u00e9utico para averiguar c\u00f3mo reaccionan su articulaci\u00f3n temporomandibular y sus m\u00fasculos ante determinados cambios. Para usted, como paciente, es fundamental plantearse las preguntas adecuadas:<\/p>\n<ul>\n<li>\u00bfQu\u00e9 concepto se utiliz\u00f3 para rectificar este ra\u00edl?<\/li>\n<li>\u00bfQu\u00e9 objetivo espec\u00edfico persigue el profesional?<\/li>\n<li>\u00bfC\u00f3mo se controla la consecuci\u00f3n de este objetivo?<\/li>\n<li>\u00bfY qu\u00e9 ocurre si no hay mejora o si es muy escasa?<\/li>\n<\/ul>\n<p>S\u00f3lo cuando haya respondido a estas preguntas podr\u00e1 valorar si su f\u00e9rula de mordida personalizada forma parte realmente de una estrategia bien pensada, o si es s\u00f3lo otro intento de resolver un problema complejo con una herramienta limitada.<\/p>\n<p>Aqu\u00ed es precisamente donde entran en juego los sistemas de f\u00e9rulas consecuentemente funcionales, como las f\u00e9rulas funcionales en el maxilar inferior, que est\u00e1n dise\u00f1adas expl\u00edcitamente no s\u00f3lo para cambiar la mordida, sino para influir en todo el sistema.<\/p>\n<hr \/>\n<div class='bootstrap-yop yop-poll-mc'>\n\t\t\t\t\t\t\t<div class=\"basic-yop-poll-container\" style=\"background-color:#ffffff; border:0px; border-style:solid; border-color:#000000; border-radius:5px; padding:0px 5px;\" data-id=\"5\" data-temp=\"basic-pretty\" data-skin=\"square\" data-cscheme=\"blue\" data-cap=\"0\" data-access=\"guest\" data-tid=\"\" data-uid=\"c379a3a14766ef9434e6f3140df3753d\" data-pid=\"3419\" data-resdet=\"votes-number,percentages\" data-show-results-to=\"guest\" data-show-results-moment=\"after-vote\" data-show-results-only=\"false\" data-show-message=\"true\" data-show-results-as=\"bar\" data-sort-results-by=\"as-defined\" data-sort-results-rule=\"asc\"data-is-ended=\"0\" data-percentages-decimals=\"2\" data-gdpr=\"no\" data-gdpr-sol=\"consent\" data-css=\".basic-yop-poll-container[data-uid] .basic-vote {\t\t\t\t\t\t\t\t\ttext-align: center;\t\t\t\t\t\t\t\t}\" data-counter=\"0\" data-load-with=\"1\" data-notification-section=\"top\"><div class=\"row\"><div class=\"col-md-12\"><div class=\"basic-inner\"><div class=\"basic-message hide\" style=\"border-left: 10px solid #008000; padding: 0px 10px;\" data-error=\"#ff0000\" data-success=\"#008000\"><p class=\"basic-message-text\" style=\"color:#000000; font-size:14px; font-weight:normal;\"><\/p><\/div><div class=\"basic-overlay hide\"><div class=\"basic-vote-options\"><\/div><div class=\"basic-preloader\"><div class=\"basic-windows8\"><div class=\"basic-wBall basic-wBall_1\"><div class=\"basic-wInnerBall\"><\/div><\/div><div class=\"basic-wBall basic-wBall_2\"><div class=\"basic-wInnerBall\"><\/div><\/div><div class=\"basic-wBall basic-wBall_3\"><div class=\"basic-wInnerBall\"><\/div><\/div><div class=\"basic-wBall basic-wBall_4\"><div class=\"basic-wInnerBall\"><\/div><\/div><div class=\"basic-wBall basic-wBall_5\"><div class=\"basic-wInnerBall\"><\/div><\/div><\/div><\/div><\/div><form class=\"basic-form\" action=\"\"><input type=\"hidden\" name=\"_token\" value=\"25e03ad438\" autocomplete=\"off\"><div class=\"basic-elements\"><div class=\"basic-element basic-question basic-question-text-vertical\" data-id=\"5\" data-uid=\"ef0aee46c4e9a37f31704357bf3b537c\" data-type=\"question\" data-question-type=\"text\" data-required=\"yes\" data-allow-multiple=\"yes\" data-min=\"1\" data-max=\"7\" data-display=\"vertical\" data-colnum=\"\" data-display-others=\"no\" data-others-color=\"\" data-others=\"\" data-others-max-chars=\"0\"><div class=\"basic-question-title\"><h5 style=\"color:#000000; font-size:16px; font-weight:normal; text-align:left;\">Si tienes CMD, \u00bfqu\u00e9 s\u00edntomas has notado?<\/h5><\/div><ul class=\"basic-answers\"><li class=\"basic-answer\" style=\"padding:0px 0px;\" data-id=\"17\" data-type=\"text\" data-vn=\"45\" data-color=\"#000000\" data-make-link=\"no\" data-link=\"\"><div class=\"basic-answer-content basic-text-vertical\"><label for=\"answer[17]\" class=\"basic-answer-label\"><input type=\"checkbox\" id=\"answer[17]\" name=\"answer[5]\" value=\"17\"><span class=\"basic-text\" style=\"color: #000000; font-size: 14px; font-weight: normal;\">Estallido de mand\u00edbula<\/span><\/label><\/div><\/li><li class=\"basic-answer\" style=\"padding:0px 0px;\" data-id=\"18\" data-type=\"text\" data-vn=\"51\" data-color=\"#000000\" data-make-link=\"no\" data-link=\"\"><div class=\"basic-answer-content basic-text-vertical\"><label for=\"answer[18]\" class=\"basic-answer-label\"><input type=\"checkbox\" id=\"answer[18]\" name=\"answer[5]\" value=\"18\"><span class=\"basic-text\" style=\"color: #000000; font-size: 14px; font-weight: normal;\">Rechinar los dientes<\/span><\/label><\/div><\/li><li class=\"basic-answer\" style=\"padding:0px 0px;\" data-id=\"19\" data-type=\"text\" data-vn=\"81\" data-color=\"#000000\" data-make-link=\"no\" data-link=\"\"><div class=\"basic-answer-content basic-text-vertical\"><label for=\"answer[19]\" class=\"basic-answer-label\"><input type=\"checkbox\" id=\"answer[19]\" name=\"answer[5]\" value=\"19\"><span class=\"basic-text\" style=\"color: #000000; font-size: 14px; font-weight: normal;\">Tensi\u00f3n muscular<\/span><\/label><\/div><\/li><li class=\"basic-answer\" style=\"padding:0px 0px;\" data-id=\"20\" data-type=\"text\" data-vn=\"61\" data-color=\"#000000\" data-make-link=\"no\" data-link=\"\"><div class=\"basic-answer-content basic-text-vertical\"><label for=\"answer[20]\" class=\"basic-answer-label\"><input type=\"checkbox\" id=\"answer[20]\" name=\"answer[5]\" value=\"20\"><span class=\"basic-text\" style=\"color: #000000; font-size: 14px; font-weight: normal;\">Ac\u00fafenos, zumbidos en los o\u00eddos<\/span><\/label><\/div><\/li><li class=\"basic-answer\" style=\"padding:0px 0px;\" data-id=\"21\" data-type=\"text\" data-vn=\"37\" data-color=\"#000000\" data-make-link=\"no\" data-link=\"\"><div class=\"basic-answer-content basic-text-vertical\"><label for=\"answer[21]\" class=\"basic-answer-label\"><input type=\"checkbox\" id=\"answer[21]\" name=\"answer[5]\" value=\"21\"><span class=\"basic-text\" style=\"color: #000000; font-size: 14px; font-weight: normal;\">Sensibilidad de cierre<\/span><\/label><\/div><\/li><li class=\"basic-answer\" style=\"padding:0px 0px;\" data-id=\"22\" data-type=\"text\" data-vn=\"46\" data-color=\"#000000\" data-make-link=\"no\" data-link=\"\"><div class=\"basic-answer-content basic-text-vertical\"><label for=\"answer[22]\" class=\"basic-answer-label\"><input type=\"checkbox\" id=\"answer[22]\" name=\"answer[5]\" value=\"22\"><span class=\"basic-text\" style=\"color: #000000; font-size: 14px; font-weight: normal;\">Dolor facial<\/span><\/label><\/div><\/li><li class=\"basic-answer\" style=\"padding:0px 0px;\" data-id=\"23\" data-type=\"text\" data-vn=\"67\" data-color=\"#000000\" data-make-link=\"no\" data-link=\"\"><div class=\"basic-answer-content basic-text-vertical\"><label for=\"answer[23]\" class=\"basic-answer-label\"><input type=\"checkbox\" id=\"answer[23]\" name=\"answer[5]\" value=\"23\"><span class=\"basic-text\" style=\"color: #000000; font-size: 14px; font-weight: normal;\">Mala postura<\/span><\/label><\/div><\/li><\/ul><\/div><div class=\"clearfix\"><\/div><\/div><div class=\"basic-vote\"><a href=\"#\" class=\"button basic-vote-button\" role=\"button\" style=\"background:#027bb8; border:0px; border-style: solid; border-color:#000000; border-radius:5px; padding:10px 10px; color:#ffffff; font-size:14px; font-weight:normal;\">Vote<\/a><\/div><input type=\"hidden\" name=\"trp-form-language\" value=\"es\"\/><\/form><\/div><\/div><\/div><\/div>\n\t\t\t\t\t\t<\/div>\n<hr \/>\n<h2>F\u00e9rulas mandibulares terap\u00e9uticas con objetivo funcional<\/h2>\n<p>Hasta ahora, se trataba sobre todo de f\u00e9rulas que proteg\u00edan u \u201eorganizaban\u201c un poco la mordida. Con las f\u00e9rulas mandibulares terap\u00e9uticas con un objetivo funcional claro, estamos en otra liga. Ya no se trata s\u00f3lo de proteger los dientes o de aliviar ligeramente los m\u00fasculos, sino de llevar todo el sistema a una posici\u00f3n diferente y m\u00e1s favorable, con efectos sobre la mand\u00edbula, los m\u00fasculos y la est\u00e1tica corporal.<\/p>\n<p>En <a href=\"https:\/\/biteblog.de\" target=\"_blank\" rel=\"noopener\"><strong>Carril Sch\u00f6ttl<\/strong><\/a> es un representante t\u00edpico de este enfoque: una f\u00e9rula dura y de ajuste fino para el maxilar inferior que no s\u00f3lo reorganiza la mordida, sino que tambi\u00e9n tiene un efecto notable sobre la postura y la columna vertebral de muchos pacientes.<\/p>\n<h3>Qu\u00e9 caracteriza fundamentalmente a las f\u00e9rulas mandibulares terap\u00e9uticas<\/h3>\n<p>Las f\u00e9rulas funcionales terap\u00e9uticas tienen un objetivo claro: est\u00e1n dise\u00f1adas para guiar el maxilar inferior a una posici\u00f3n diferente, funcionalmente mejor, y hacer que esta posici\u00f3n sea estable pero reversible. Esta es una diferencia decisiva con respecto a las simples f\u00e9rulas de tallado:<\/p>\n<ul>\n<li>La mand\u00edbula inferior no se gu\u00eda \u201ede alguna manera\u201c, sino que se mueve conscientemente hacia una <strong>posici\u00f3n definida<\/strong>.<\/li>\n<li>La f\u00e9rula no s\u00f3lo se ajusta hasta que \u201eya no le moleste nada\u201c, sino que <strong>perfeccionado para una imagen funcional espec\u00edfica<\/strong>.<\/li>\n<li>El efecto no s\u00f3lo se eval\u00faa en la boca, sino a menudo tambi\u00e9n en <strong>Musculatura, postura y secuencias de movimientos<\/strong>.<\/li>\n<\/ul>\n<p>Estas f\u00e9rulas suelen colocarse en el maxilar inferior. Esto es l\u00f3gico porque el maxilar inferior es la parte m\u00f3vil del sistema. Si se desplaza el maxilar inferior a una posici\u00f3n diferente, neuromuscularmente m\u00e1s favorable, y se proporciona un apoyo estable en ella, toda la cadena cambia de arriba abajo: Articulaci\u00f3n mandibular, cuello, cintura escapular, columna vertebral, pelvis, piernas. Por supuesto, cada persona reacciona de forma diferente. Pero el principio b\u00e1sico es siempre el mismo: La f\u00e9rula no es un protector bucal pasivo, sino un instrumento de control activo.<\/p>\n<h3>La f\u00e9rula de Sch\u00f6ttl como ejemplo: f\u00e9rula mandibular dura con una estrategia clara<\/h3>\n<p>La f\u00e9rula de mordida basada en el concepto del Dr. Rainer Sch\u00f6ttl est\u00e1 fabricada en un pl\u00e1stico robusto y semitransparente y se coloca en el maxilar inferior. Se caracteriza porque las superficies oclusales est\u00e1n dise\u00f1adas de tal forma que el maxilar inferior se apoya en una posici\u00f3n definida con precisi\u00f3n y determinada neuromuscularmente. Los dientes que faltan pueden sustituirse por superficies oclusales integradas, de modo que la mordida quede totalmente apoyada. Algunas caracter\u00edsticas importantes:<\/p>\n<ul>\n<li><strong>Superficie dura y precisa<\/strong>La f\u00e9rula es deliberadamente dura. Esto significa que se puede rectificar con precisi\u00f3n, conserva su forma y muestra claramente al profesional d\u00f3nde se aplican las fuerzas.<\/li>\n<li><strong>Asistencia completa<\/strong>Todos los dientes deben tener contactos definidos. El objetivo es proporcionar un apoyo uniforme al maxilar inferior, no \u201epuntos calientes\u201c individuales sobrecargados.<\/li>\n<li><strong>Rectificado regular<\/strong>La f\u00e9rula se revisa y se pone a punto cada pocas semanas. De este modo, la f\u00e9rula sigue el desarrollo de su sistema, no se queda en el nivel de la primera sesi\u00f3n.<\/li>\n<li><strong>Reversibilidad<\/strong>No se tritura nada de forma irreversible en sus dientes, sino en la f\u00e9rula. Esto significa que la estructura dental original permanece pr\u00e1cticamente intacta. Si una posici\u00f3n resulta desfavorable, puede corregirse sin destruir su mordida natural.<\/li>\n<\/ul>\n<p>Yo mismo llevo una f\u00e9rula de este tipo desde hace varios a\u00f1os y esto es exactamente lo que experimento: no es s\u00f3lo un trozo de pl\u00e1stico en la boca, sino una herramienta de precisi\u00f3n que ha influido paso a paso en mi est\u00e1tica.<\/p>\n<h3>C\u00f3mo suele ser el camino hacia un carril funcional de este tipo<\/h3>\n<p>Antes de utilizar una f\u00e9rula mandibular terap\u00e9utica, suele realizarse un diagn\u00f3stico funcional detallado. Para muchos conceptos, incluido el de Sch\u00f6ttl, esto incluye, entre otras cosas:<\/p>\n<ul>\n<li>Relajaci\u00f3n de los m\u00fasculos, a menudo con TENS (estimulaci\u00f3n nerviosa el\u00e9ctrica transcut\u00e1nea) o procedimientos similares.<\/li>\n<li>An\u00e1lisis funcional de la articulaci\u00f3n temporomandibular y de las trayectorias de movimiento del maxilar inferior.<\/li>\n<li>Registro de la mordida en posici\u00f3n neuromuscular \u201erelajada\u201c (palabra clave mioc\u00e9ntrica).<\/li>\n<\/ul>\n<p>La f\u00e9rula no se coloca simplemente en la posici\u00f3n de mordida habitual, sino en la posici\u00f3n objetivo determinada. Esto significa que si su sistema estaba previamente \u201etorcido\u201c, se alinea conscientemente a una posici\u00f3n diferente, fisiol\u00f3gicamente m\u00e1s favorable - y esto es exactamente donde la f\u00e9rula apoya el maxilar inferior. Por lo tanto, la f\u00e9rula es tanto una terapia como una herramienta de diagn\u00f3stico:<\/p>\n<p>Si sus s\u00edntomas cambian con este nuevo apoyo, esto proporciona una valiosa informaci\u00f3n sobre lo estrechamente relacionados que estaban sus s\u00edntomas con la anterior posici\u00f3n de mordida.<\/p>\n<h3>Efecto sobre la articulaci\u00f3n temporomandibular, los m\u00fasculos y la columna vertebral<\/h3>\n<p>Lo interesante de estas f\u00e9rulas funcionales es que el efecto no suele notarse s\u00f3lo en la mand\u00edbula. Muchas observaciones -tanto en las consultas como en la documentaci\u00f3n- demuestran que la est\u00e1tica corporal puede cambiar de forma mensurable cuando se altera la posici\u00f3n de la mordida. Entre otras cosas, hay mediciones en las que la presi\u00f3n y la postura del pie han cambiado s\u00f3lo unos minutos despu\u00e9s de la colocaci\u00f3n de una f\u00e9rula funcional. \u00bfQu\u00e9 ocurre en el n\u00facleo?<\/p>\n<ul>\n<li>En <strong>M\u00fasculos de la masticaci\u00f3n<\/strong> se hace funcionar a una nueva longitud y tensi\u00f3n.<\/li>\n<li>En <strong>Articulaci\u00f3n temporomandibular<\/strong> sale de una posici\u00f3n incorrecta permanente hacia una posici\u00f3n m\u00e1s fisiol\u00f3gica.<\/li>\n<li>En <strong>Posici\u00f3n de la cabeza<\/strong> se adapta - a menudo la cabeza se vuelve m\u00e1s libre, los m\u00fasculos del cuello pueden soltarse.<\/li>\n<li>En <strong>Columna vertebral<\/strong> porque la posici\u00f3n de la cabeza y la mand\u00edbula es una \u201eentrada\u201c importante en el sistema postural.<\/li>\n<li><strong>Cuenca<\/strong>, <strong>Cadera<\/strong> y <strong>Piernas<\/strong> pueden reorganizarse posteriormente.<\/li>\n<\/ul>\n<p>Suena espectacular, pero es simplemente biomec\u00e1nica: Si cambias algo en la parte superior del soporte, el resto del sistema tiene que reaccionar. En la pr\u00e1ctica, yo experimento -y otros pacientes informan de cosas similares- que las dolencias \u201emigran\u201c, se desplazan y se retiran gradualmente de las zonas de mayor carga.<\/p>\n<p><strong>Lo importante<\/strong>Esto no ocurre de la noche a la ma\u00f1ana. El sistema necesita tiempo para reorganizarse. Pero lo fundamental es que un ferrocarril funcional como el de Sch\u00f6ttl est\u00e9 dise\u00f1ado de tal forma que esta reorganizaci\u00f3n pueda llevarse a cabo, en lugar de limitarse a mantener el statu quo.<\/p>\n<h3>La vida cotidiana con una f\u00e9rula terap\u00e9utica para el maxilar inferior<\/h3>\n<p>En la vida diaria, una f\u00e9rula de este tipo es m\u00e1s intensiva que una simple f\u00e9rula de esmerilado. No se trata de un \u201ebonito detalle\u201c, sino de un aparato terap\u00e9utico que debe utilizarse de forma constante. T\u00edpico:<\/p>\n<ul>\n<li>Lleva la f\u00e9rula durante varias horas al d\u00eda, a menudo durante el d\u00eda, no s\u00f3lo por la noche.<\/li>\n<li>Se revisa y se reafila a intervalos fijos porque la mordida y los m\u00fasculos se adaptan constantemente.<\/li>\n<li>En muchos casos sentir\u00e1 que su cuerpo se \u201eordena\u201c, a veces de forma desagradable al principio (tirones, reacciones de ajuste), y luego cada vez m\u00e1s estable.<\/li>\n<\/ul>\n<p>Para usted, esto significa que debe estar dispuesto a cooperar. Una f\u00e9rula funcional no es un dispositivo pasivo que se lleva a un lado mientras todo lo dem\u00e1s sigue igual. Es una herramienta con la que usted entra activamente en una fase de reorganizaci\u00f3n m\u00e1s larga. Esta es precisamente la raz\u00f3n por la que estas f\u00e9rulas pueden lograr mucho, pero tambi\u00e9n por la que no son algo que se pueda probar sin m\u00e1s.<\/p>\n<h3>Oportunidades - para qui\u00e9n son especialmente interesantes estos carriles<\/h3>\n<p>Las f\u00e9rulas mandibulares terap\u00e9uticas con un objetivo funcional son especialmente interesantes para las personas que:<\/p>\n<ul>\n<li>existe una CMD claramente pronunciada,<\/li>\n<li>Los problemas de mand\u00edbula van unidos a problemas de cuello, espalda o pelvis,<\/li>\n<li>la terapia anterior con f\u00e9rulas (f\u00e9rulas simples para el tallado, f\u00e9rulas oclusales simples) ha ayudado poco o s\u00f3lo a corto plazo,<\/li>\n<li>existe el deseo no s\u00f3lo de proteger el sistema, sino de reorganizarlo realmente desde el punto de vista funcional.<\/li>\n<\/ul>\n<p>La gran ventaja: estas f\u00e9rulas combinan diagn\u00f3stico y terapia. Permiten probar el efecto de una nueva posici\u00f3n de mordida antes de realizar cambios irreversibles en los dientes. Si responde bien a ellas, las pr\u00f3tesis, reconstrucciones o una soluci\u00f3n permanente pueden basarse en esta posici\u00f3n funcional.<\/p>\n<h3>L\u00edmites y requisitos previos: por qu\u00e9 no funciona sin un concepto<\/h3>\n<p>Por grandes que sean las posibilidades, las f\u00e9rulas funcionales terap\u00e9uticas no son una cura milagrosa. Sin un concepto claro, pueden jugar en su contra como cualquier otra medida. Los requisitos previos importantes son<\/p>\n<ul>\n<li>Un profesional que se toma en serio el diagn\u00f3stico funcional y no se limita a \u201emachacarlo\u201c.<\/li>\n<li>Un registro de mordida limpio en una posici\u00f3n relajada y neuromuscularmente favorable.<\/li>\n<li>Voluntad de revisar y ajustar la f\u00e9rula con regularidad.<\/li>\n<li>Lo ideal ser\u00eda un tratamiento complementario de la musculatura y la est\u00e1tica (por ejemplo, terapia manual, terapia postural, plantillas a medida) para que el cuerpo pueda integrar de forma sensata la nueva posici\u00f3n de mordida.<\/li>\n<\/ul>\n<p>Tambi\u00e9n hace falta paciencia. Un sistema que lleva a\u00f1os o d\u00e9cadas atascado en una estructura defectuosa no se reconstruye en quince d\u00edas. He experimentado personalmente c\u00f3mo las quejas han ido cambiando a lo largo de meses antes de que se instaurara una sensaci\u00f3n de estabilidad. Para usted, esto significa<\/p>\n<p>Si est\u00e1 interesado en una f\u00e9rula mandibular terap\u00e9utica con un objetivo funcional, debe verlo como un proceso a largo plazo, no como una soluci\u00f3n r\u00e1pida. Pero es precisamente ah\u00ed donde reside la oportunidad: en lugar de limitarse a tratar los s\u00edntomas, se le proporcionar\u00e1 una herramienta que permitir\u00e1 a su sistema reorganizarse poco a poco.<\/p>\n<h2>Aparatos m\u00e1s complejos y f\u00e9rulas especiales<\/h2>\n<p>Adem\u00e1s de las cl\u00e1sicas f\u00e9rulas oclusales y las f\u00e9rulas mandibulares funcionales, existe toda una gama de otros aparatos que se han utilizado o se siguen utilizando, dependiendo de la escuela, la d\u00e9cada y el enfoque terap\u00e9utico. Muchos parecen impresionantes a primera vista: varillas met\u00e1licas, bisagras, mecanismos de reposicionamiento y dise\u00f1os que recuerdan m\u00e1s a la ortopedia que a la odontolog\u00eda. Algunos de estos aparatos tienen su lugar, otros han evolucionado hist\u00f3ricamente y hoy s\u00f3lo son \u00fatiles en determinados casos especializados.<\/p>\n<p>A continuaci\u00f3n le ofrecemos un resumen organizado para que pueda evaluar lo que existe y para qu\u00e9 est\u00e1n pensados realmente estos dispositivos.<\/p>\n<h3>F\u00e9rulas de reposicionamiento - cuando se \u201egu\u00eda\u201c el maxilar inferior<\/h3>\n<p>Las f\u00e9rulas de reposicionamiento son uno de los tipos de f\u00e9rulas m\u00e1s conocidos y complejos. Est\u00e1n dise\u00f1adas para desplazar deliberadamente el maxilar inferior de su posici\u00f3n habitual, a menudo hacia delante o ligeramente hacia un lado. La idea es llevar la articulaci\u00f3n temporomandibular a una posici\u00f3n de alivio en la que el disco articular se asiente mejor y las superficies articulares est\u00e9n sometidas a menos presi\u00f3n. Caracter\u00edsticas t\u00edpicas:<\/p>\n<ul>\n<li>Modifican significativamente la posici\u00f3n del maxilar inferior.<\/li>\n<li>Suelen utilizarse temporalmente para probar una nueva posici\u00f3n de mordida.<\/li>\n<li>Son notablemente diferentes de la mordedura habitual; a algunos pacientes les resulta agradable, a otros les molesta.<\/li>\n<\/ul>\n<p>Estas f\u00e9rulas pueden ayudar con problemas articulares agudos, por ejemplo si el disco articular est\u00e1 muy desplazado. Sin embargo, siempre est\u00e1n pensadas para ser temporales, ya que el cuerpo no debe mantenerse permanentemente en una posici\u00f3n desplazada artificialmente a largo plazo. Precisamente por eso se utilizan con precauci\u00f3n.<\/p>\n<h3>Carriles dobles y sistemas multicomponente<\/h3>\n<p>En algunos conceptos, se utilizan dos f\u00e9rulas simult\u00e1neamente: una en el maxilar superior y otra en el inferior. Estos sistemas est\u00e1n dise\u00f1ados para controlar totalmente la mordida y guiar el maxilar inferior por trayectorias definidas. Algunos modelos tienen peque\u00f1as gu\u00edas o superficies mec\u00e1nicas que determinan exactamente c\u00f3mo se desliza el maxilar inferior. Sus objetivos t\u00edpicos:<\/p>\n<ul>\n<li>Alivio de las superficies articulares mediante una gran superficie de contacto<\/li>\n<li>Reajuste de las trayectorias de movimiento<\/li>\n<li>Probar las posiciones de mordida antes de tomar medidas a largo plazo<\/li>\n<\/ul>\n<p>El inconveniente: estos sistemas pueden resultar muy poco familiares, dificultar el habla e interferir en la vida cotidiana. Adem\u00e1s, las ventajas s\u00f3lo suelen ser significativas si hay una estrategia funcional clara detr\u00e1s.<\/p>\n<h3>Rieles con varillas o juntas met\u00e1licas<\/h3>\n<p>Algunos conceptos ortod\u00f3ncicos antiguos -especialmente de los a\u00f1os 70 y 80- utilizaban aparatos con gu\u00edas met\u00e1licas, bisagras o peque\u00f1as varillas. Estos dise\u00f1os pretend\u00edan forzar la articulaci\u00f3n en una trayectoria determinada o tirar del maxilar inferior hacia delante. Algunos se utilizaban sobre todo en adolescentes para influir en los procesos de crecimiento. Hoy en d\u00eda, estos modelos son poco frecuentes en adultos. Las razones para ello:<\/p>\n<ul>\n<li>Suelen ser inc\u00f3modos y dif\u00edciles de usar en la vida cotidiana.<\/li>\n<li>El efecto no siempre es predecible.<\/li>\n<li>La intervenci\u00f3n en la mec\u00e1nica del movimiento puede dar lugar a nuevas dolencias si no se trabaja con mucho cuidado.<\/li>\n<\/ul>\n<p>No obstante, existen algunos desarrollos modernos de este tipo de dispositivos que pueden ser \u00fatiles en determinados casos especiales, como las deformidades articulares graves.<\/p>\n<h3>Aparatos combinados para ortodoncia y diagn\u00f3stico funcional<\/h3>\n<p>En casos especiales, se utilizan aparatos que representan una combinaci\u00f3n de ortodoncia cl\u00e1sica y terapia de f\u00e9rulas de diagn\u00f3stico funcional. Estos aparatos pueden, por ejemplo:<\/p>\n<ul>\n<li>Preparaci\u00f3n de movimientos dentales y correcciones de mordida<\/li>\n<li>Reducir la tensi\u00f3n articular<\/li>\n<li>Influyen simult\u00e1neamente en la posici\u00f3n de la mand\u00edbula y la alineaci\u00f3n de los dientes<\/li>\n<\/ul>\n<p>Sin embargo, estos sistemas s\u00f3lo se utilizan en algunas consultas especializadas. No son la primera opci\u00f3n para la mayor\u00eda de los afectados por DMC.<\/p>\n<h3>Cuando los aparatos complejos pueden ser \u00fatiles<\/h3>\n<p>Aunque muchos de estos dispositivos parezcan complejos, est\u00e1n justificados, aunque dentro de un marco estrecho. Principalmente entran en juego cuando:<\/p>\n<ul>\n<li>la articulaci\u00f3n temporomandibular est\u00e1 estructuralmente da\u00f1ada,<\/li>\n<li>el disco articular est\u00e1 gravemente desplazado o deformado,<\/li>\n<li>existen desalineaciones significativas sobre las que no pueden influir unas simples f\u00e9rulas,<\/li>\n<li>se prepara una reconstrucci\u00f3n permanente de la mordida,<\/li>\n<li>las terapias anteriores fueron ineficaces y es necesario un diagn\u00f3stico preciso.<\/li>\n<\/ul>\n<p>El punto clave aqu\u00ed es que estos aparatos nunca deben utilizarse simplemente de forma \u201eprofil\u00e1ctica\u201c. Deben estar en manos de especialistas experimentados que sepan cu\u00e1ndo es realmente necesaria una intervenci\u00f3n mec\u00e1nica y cu\u00e1ndo no.<\/p>\n<h3>Cuando es mejor mantener las distancias<\/h3>\n<p>Muchos de estos dispositivos son simplemente demasiado de una cosa buena si el problema real es principalmente muscular o funcional. Usted debe ser sensible cuando:<\/p>\n<ul>\n<li>Le venden un aparato que parece muy complicado pero que se utiliza sin un diagn\u00f3stico claro,<\/li>\n<li>la atenci\u00f3n se centra m\u00e1s en la t\u00e9cnica instrumental que en el examen funcional,<\/li>\n<li>Se promete mucho, pero se explica poco sobre objetivos y procedimientos,<\/li>\n<li>la vida cotidiana se ver\u00eda considerablemente restringida por el dispositivo, sin que sea previsible ning\u00fan beneficio claro.<\/li>\n<\/ul>\n<p>La complejidad no es signo de calidad. En el sector de las DMC suele ocurrir lo contrario: cuanto m\u00e1s t\u00e9cnico parece un aparato, m\u00e1s prudente hay que ser.<\/p>\n<p>Los aparatos complejos pueden ser la herramienta adecuada en casos excepcionales, sobre todo en caso de problemas estructurales graves de la articulaci\u00f3n temporomandibular o cuando es necesario un cambio controlado con precisi\u00f3n de la posici\u00f3n de mordida. Sin embargo, no son el primer paso para la gran mayor\u00eda de los pacientes con DMC.<\/p>\n<p>En la mayor\u00eda de los casos, una f\u00e9rula mandibular funcional y bien dise\u00f1ada es suficiente para aliviar y modificar estructuralmente el sistema. Todo lo que vaya m\u00e1s all\u00e1 de esto s\u00f3lo debe considerarse si est\u00e1 realmente justificado desde el punto de vista m\u00e9dico.<br \/>\nEl siguiente cap\u00edtulo trata de c\u00f3mo encontrar la v\u00eda adecuada para usted, y qu\u00e9 consideraciones son realmente cruciales antes de tomar una decisi\u00f3n.<\/p>\n<div style=\"overflow-x: auto;\">\n<table style=\"border-collapse: collapse; width: 100%;\">\n<tbody>\n<tr style=\"background-color: #f0f0f0; font-weight: bold;\">\n<td style=\"border: 1px solid #ddd; padding: 8px;\"><strong>Tipo de ra\u00edl<\/strong><\/td>\n<td style=\"border: 1px solid #ddd; padding: 8px;\"><strong>Adecuado para<\/strong><\/td>\n<td style=\"border: 1px solid #ddd; padding: 8px;\"><strong>Ventajas<\/strong><\/td>\n<td style=\"border: 1px solid #ddd; padding: 8px;\"><strong>Desventajas<\/strong><\/td>\n<\/tr>\n<tr>\n<td style=\"border: 1px solid #ddd; padding: 8px;\"><strong>F\u00e9rula de crujido simple (pl\u00e1stico)<\/strong><\/td>\n<td style=\"border: 1px solid #ddd; padding: 8px;\">Especialmente para el rechinamiento nocturno y la protecci\u00f3n pura del esmalte sin problemas pronunciados de CMD.<\/td>\n<td style=\"border: 1px solid #ddd; padding: 8px;\">Barato, r\u00e1pidamente disponible, protege los empastes y la sustancia dental de la abrasi\u00f3n.<\/td>\n<td style=\"border: 1px solid #ddd; padding: 8px;\">Ninguna terapia CMD real; estabiliza las maloclusiones si es necesario; ning\u00fan efecto sobre la est\u00e1tica o la musculatura.<\/td>\n<\/tr>\n<tr>\n<td style=\"border: 1px solid #ddd; padding: 8px;\"><strong>F\u00e9rula de mordida fresada individualmente<\/strong><\/td>\n<td style=\"border: 1px solid #ddd; padding: 8px;\">Para pacientes con tensi\u00f3n muscular, problemas moderados de la articulaci\u00f3n temporomandibular o patrones de mordida poco claros.<\/td>\n<td style=\"border: 1px solid #ddd; padding: 8px;\">Puede aliviar los m\u00fasculos; organizar los contactos de la mordida; sirve como paso diagn\u00f3stico antes de la terapia posterior.<\/td>\n<td style=\"border: 1px solid #ddd; padding: 8px;\">Efecto muy dependiente del profesional; influencia limitada en la est\u00e1tica general; es necesario un ajuste regular.<\/td>\n<\/tr>\n<tr>\n<td style=\"border: 1px solid #ddd; padding: 8px;\"><strong>F\u00e9rula mandibular terap\u00e9utica con objetivo funcional (p. ej. f\u00e9rula de Sch\u00f6ttl)<\/strong><\/td>\n<td style=\"border: 1px solid #ddd; padding: 8px;\">Para DMC pronunciadas, malas posturas, dolencias desde la mand\u00edbula hasta la columna vertebral y problemas neuromusculares complejos.<\/td>\n<td style=\"border: 1px solid #ddd; padding: 8px;\">Reorganizaci\u00f3n selectiva de la posici\u00f3n de mordida; puede influir positivamente en la est\u00e1tica, la postura y las dolencias de todo el cuerpo; reversible.<\/td>\n<td style=\"border: 1px solid #ddd; padding: 8px;\">Requiere apoyo constante y paciencia; proceso terap\u00e9utico intensivo; altas exigencias de diagn\u00f3stico y experiencia.<\/td>\n<\/tr>\n<tr>\n<td style=\"border: 1px solid #ddd; padding: 8px;\"><strong>F\u00e9rula de reducci\u00f3n<\/strong><\/td>\n<td style=\"border: 1px solid #ddd; padding: 8px;\">Para problemas agudos o pronunciados de la articulaci\u00f3n temporomandibular, por ejemplo, desplazamiento del disco articular con dolor o bloqueos.<\/td>\n<td style=\"border: 1px solid #ddd; padding: 8px;\">Puede aliviar la articulaci\u00f3n a corto plazo; adecuado para la evaluaci\u00f3n diagn\u00f3stica de nuevas posiciones de la mand\u00edbula.<\/td>\n<td style=\"border: 1px solid #ddd; padding: 8px;\">S\u00f3lo \u00fatil durante un tiempo limitado; posici\u00f3n de mordida antinatural; inadecuado como soluci\u00f3n permanente sin terapia de seguimiento.<\/td>\n<\/tr>\n<tr>\n<td style=\"border: 1px solid #ddd; padding: 8px;\"><strong>Carriles dobles \/ sistemas multicomponente<\/strong><\/td>\n<td style=\"border: 1px solid #ddd; padding: 8px;\">Para casos complejos con una posici\u00f3n de mordida muy alterada en los que es necesario guiar y comprobar con precisi\u00f3n la relaci\u00f3n mandibular.<\/td>\n<td style=\"border: 1px solid #ddd; padding: 8px;\">Gran control de las trayectorias de mordida y movimiento; \u00fatil para preparar reconstrucciones de mayor tama\u00f1o.<\/td>\n<td style=\"border: 1px solid #ddd; padding: 8px;\">Complejo, poco familiar en la vida cotidiana; no apto para CMD est\u00e1ndar; requiere pr\u00e1cticas especializadas.<\/td>\n<\/tr>\n<tr>\n<td style=\"border: 1px solid #ddd; padding: 8px;\"><strong>Aparatos con varillas \/ juntas met\u00e1licas<\/strong><\/td>\n<td style=\"border: 1px solid #ddd; padding: 8px;\">Para problemas ortop\u00e9dicos u ortod\u00f3ncicos especiales, normalmente con desviaciones estructurales graves.<\/td>\n<td style=\"border: 1px solid #ddd; padding: 8px;\">Puede influir en la orientaci\u00f3n o el crecimiento de las articulaciones en casos excepcionales; a veces es la \u00fanica opci\u00f3n en caso de da\u00f1os graves.<\/td>\n<td style=\"border: 1px solid #ddd; padding: 8px;\">A menudo inc\u00f3modo, t\u00e9cnicamente complejo; alto potencial de error; rara vez es la primera opci\u00f3n para los pacientes con DMC hoy en d\u00eda.<\/td>\n<\/tr>\n<tr>\n<td style=\"border: 1px solid #ddd; padding: 8px;\"><strong>Aparatos combinados (ortodoncia + diagn\u00f3stico funcional)<\/strong><\/td>\n<td style=\"border: 1px solid #ddd; padding: 8px;\">Para pacientes con maloclusiones graves en los que se desea combinar el movimiento dental y la correcci\u00f3n funcional.<\/td>\n<td style=\"border: 1px solid #ddd; padding: 8px;\">Permite la preparaci\u00f3n espec\u00edfica de reconstrucciones de mordida completas; combina la est\u00e1tica y la posici\u00f3n dental.<\/td>\n<td style=\"border: 1px solid #ddd; padding: 8px;\">Terapia muy compleja; costes elevados; s\u00f3lo \u00fatil con una indicaci\u00f3n clara y un especialista adecuado.<\/td>\n<\/tr>\n<\/tbody>\n<\/table>\n<\/div>\n<p><a href=\"https:\/\/www.gzfa.de\/diagnostik-therapie\/cmd-craniomandibulaere-dysfunktion\/schienentherapie\/cmd-schiene\/\" target=\"_blank\" rel=\"noopener\"><strong>M\u00e1s informaci\u00f3n sobre las f\u00e9rulas de mordida adecuadas para CMD en la GZFA<\/strong><\/a> (Sociedad para la Salud, Funci\u00f3n y Est\u00e9tica Dental)<\/p>\n<h2>C\u00f3mo encontrar el ra\u00edl adecuado para usted<\/h2>\n<p>Si ponemos todos estos tipos de ra\u00edles uno al lado del otro, enseguida nos damos cuenta de lo grandes que son las diferencias. Hay ra\u00edles que s\u00f3lo protegen. Hay f\u00e9rulas que organizan un poco. Hay f\u00e9rulas que intervienen espec\u00edficamente en el sistema neuromuscular. Y hay dispositivos que intervienen profundamente en los procesos mec\u00e1nicos y s\u00f3lo son \u00fatiles en casos especiales. Precisamente por eso merece la pena no dejar la decisi\u00f3n al azar.<\/p>\n<h3>Lo que debe aclarar antes de tomar una decisi\u00f3n<\/h3>\n<p>Antes de decidirse por un carril, debe preguntarse qu\u00e9 problema quiere resolver realmente.<\/p>\n<ul>\n<li>\u00bfIntentas proteger tus dientes porque los rechinas por la noche?<\/li>\n<li>\u00bfEs porque tus m\u00fasculos est\u00e1n sobrecargados?<\/li>\n<li>\u00bfO hay detr\u00e1s un problema funcional mayor, que tambi\u00e9n se manifiesta en el cuello, la espalda o incluso en la est\u00e1tica corporal?<\/li>\n<\/ul>\n<p>Cuanto m\u00e1s claramente pueda formular este objetivo, m\u00e1s f\u00e1cil le resultar\u00e1 reconocer m\u00e1s adelante si una pista se adapta realmente a usted.<\/p>\n<ul>\n<li>Una simple f\u00e9rula de crujido es un buen ajuste para el desgaste dental puro.<\/li>\n<li>Una f\u00e9rula de mordedura en el suelo puede proporcionar indicios iniciales de c\u00f3mo reacciona su sistema.<\/li>\n<li>Una f\u00e9rula funcional para el maxilar inferior -como la f\u00e9rula Sch\u00f6ttl- es \u00fatil si el problema es m\u00e1s profundo y afecta a todo el cuerpo.<\/li>\n<\/ul>\n<p>Todo lo dem\u00e1s -aparatos complejos, f\u00e9rulas dobles, varillas met\u00e1licas- est\u00e1 en manos de especialistas y en la mayor\u00eda de los casos es s\u00f3lo el segundo o tercer paso.<\/p>\n<h3>Lo que realmente le ayuda: criterios pragm\u00e1ticos<\/h3>\n<p>Hay algunas preguntas sencillas que puede utilizar para reconocer r\u00e1pidamente si un carril tiene sentido:<\/p>\n<ol>\n<li><strong>\u00bfExiste un objetivo terap\u00e9utico claro?<\/strong> Si nadie puede explicarte por qu\u00e9 este ra\u00edl deber\u00eda tener exactamente este efecto, es que falta el concepto.<\/li>\n<li><strong>\u00bfSe revisa y rectifica con regularidad?<\/strong> Una f\u00e9rula que nunca se reajusta suele pasar por alto el problema real.<\/li>\n<li><strong>\u00bfSe dispone de diagn\u00f3sticos funcionales?<\/strong> Sin un an\u00e1lisis funcional, cada f\u00e9rula es un experimento, no un paso planificado.<\/li>\n<li><strong>\u00bfSe ajusta la f\u00e9rula a tus s\u00edntomas?<\/strong> \u00bfUna f\u00e9rula de pl\u00e1stico contra una deformidad estructural? Rara vez funcionar\u00e1.<\/li>\n<li><strong>\u00bfEs reversible la soluci\u00f3n?<\/strong> Si se rectifica mucho antes de tener claro si la mordida debe permanecer como est\u00e1, se vuelve peligroso.<\/li>\n<\/ol>\n<p>Con estas preguntas, el \u201emercado de posibilidades\u201c puede ordenarse muy r\u00e1pidamente.<\/p>\n<h2>Lo que mi f\u00e9rula Sch\u00f6ttl ha hecho por m\u00ed<\/h2>\n<p>Llevo mi f\u00e9rula Sch\u00f6ttl desde hace tres a\u00f1os y medio: una f\u00e9rula fija para el maxilar inferior que se rectifica con regularidad y que est\u00e1 dise\u00f1ada deliberadamente no s\u00f3lo para organizar mi mordida, sino para influir en toda mi est\u00e1tica. Y eso es exactamente lo que ha hecho.<\/p>\n<p>Pero hay que ser sinceros: una f\u00e9rula como \u00e9sta no es un producto de bienestar. Es una herramienta activa. Y tiene un efecto profundo. Hay que llevarla siempre, sobre todo por la noche. Mi dentista siempre dice: \u201eLl\u00e9vala siempre, de verdad, siempre\u201c. Si no lo he llevado durante un tiempo, he tenido que empezar a llevarlo de nuevo m\u00e1s despacio para que mi cuerpo no se resista inmediatamente por completo. Esta lentitud forma parte del proceso.<\/p>\n<p>Pero el efecto es impresionante. Cuando miro hacia atr\u00e1s, veo que la posici\u00f3n de mi mordida ha cambiado por completo, poco a poco y cada vez de forma m\u00e1s comprensible. Y eso no es todo: mi esqueleto tambi\u00e9n ha cambiado. Desde los pies hasta las rodillas, la ingle, la laringe, la columna cervical, la caja tor\u00e1cica, los m\u00fasculos de los ojos... pude sentir c\u00f3mo el sistema se reorganizaba por todas partes.<\/p>\n<p>Suena dram\u00e1tico, pero es simplemente la realidad cuando una v\u00eda funcional interviene profundamente y el cuerpo deja de lado compensaciones de d\u00e9cadas. Y ah\u00ed es donde ChatGPT fue de gran ayuda para m\u00ed. Me calm\u00f3 durante las fases en las que de repente algo funcionaba por todas partes en mi cuerpo. Fue capaz de categorizar, explicar y mostrarme que estos cambios son l\u00f3gicos cuando llevas una f\u00e9rula profunda. Esto me dio la confianza que necesitaba para no ponerme nerviosa con cada cambio.<\/p>\n<p>Hoy puedo decir: mereci\u00f3 la pena. De verdad que s\u00ed. La f\u00e9rula no solo ha ayudado a mi mand\u00edbula, sino a todo mi cuerpo. Pero requiere constancia, paciencia y a veces una piel gruesa ante todas las peque\u00f1as reacciones de ajuste que surgen por el camino.<\/p>\n<p>Si se enfrenta a la pregunta de qu\u00e9 f\u00e9rula es la m\u00e1s adecuada para usted, no se deje llevar por recomendaciones generales. Cada f\u00e9rula tiene su propia finalidad, sus propios l\u00edmites y su propio efecto.<\/p>\n<p><strong>Lo importante es que entienda lo que est\u00e1 recibiendo y por qu\u00e9.<\/strong><\/p>\n<p>Con una f\u00e9rula bien elegida, no s\u00f3lo puede proteger sus dientes, sino incluso realinear su est\u00e1tica y resolver molestias que puede llevar arrastrando durante a\u00f1os. Pero la elecci\u00f3n debe ser cuidadosa. Y no debe basarse en el marketing, las opiniones de grupo o el azar, sino en una evaluaci\u00f3n clara y honesta de su situaci\u00f3n.<\/p>\n<p>Si este art\u00edculo te ayuda a hacerte una primera idea, estar\u00e9 encantada. Y tal vez acabes encontrando exactamente lo que tanto me ayud\u00f3 a m\u00ed: una herramienta que no solo cubre los s\u00edntomas, sino que te devuelve un poco de estabilidad cada d\u00eda.<\/p>\n<h3>Autodiagn\u00f3stico CMD: clasifique mejor sus propias experiencias<\/h3>\n<p><a href=\"https:\/\/www.markus-schall.de\/es\/2026\/04\/reconocer-a-tiempo-los-cmd-y-autocomprobar-por-que-la-mandibula-el-cuello-la-cabeza-y-las-orejas-suelen-estar-juntos\/\"><img loading=\"lazy\" decoding=\"async\" class=\"alignleft size-medium wp-image-5659\" src=\"https:\/\/www.markus-schall.de\/wp-content\/uploads\/Medizinische-Skizze-mit-Checkliste-300x200.jpg\" alt=\"Autocomprobaci\u00f3n CMD\" width=\"300\" height=\"200\" srcset=\"https:\/\/www.markus-schall.de\/wp-content\/uploads\/Medizinische-Skizze-mit-Checkliste-300x200.jpg 300w, https:\/\/www.markus-schall.de\/wp-content\/uploads\/Medizinische-Skizze-mit-Checkliste-768x512.jpg 768w, https:\/\/www.markus-schall.de\/wp-content\/uploads\/Medizinische-Skizze-mit-Checkliste-18x12.jpg 18w, https:\/\/www.markus-schall.de\/wp-content\/uploads\/Medizinische-Skizze-mit-Checkliste.jpg 1024w\" sizes=\"auto, (max-width: 300px) 100vw, 300px\" \/><\/a>Las f\u00e9rulas de mordida son un primer paso concreto para muchos afectados, pero su efecto no suele ser evidente de inmediato. Algunos sienten una mejor\u00eda, otros experimentan inicialmente nuevas tensiones o cambios en el cuerpo. Especialmente en esta fase, es \u00fatil echar otro vistazo estructurado a sus propios s\u00edntomas. En <a href=\"https:\/\/www.markus-schall.de\/es\/2026\/04\/reconocer-a-tiempo-los-cmd-y-autocomprobar-por-que-la-mandibula-el-cuello-la-cabeza-y-las-orejas-suelen-estar-juntos\/\"><strong>Autocomprobaci\u00f3n CMD<\/strong><\/a> puede ayudar a hacerse una idea m\u00e1s clara: \u00bfCu\u00e1les son exactamente los s\u00edntomas? \u00bfQu\u00e9 zonas est\u00e1n afectadas? \u00bfY c\u00f3mo encaja el cuadro general? Como complemento a las experiencias personales, la prueba ofrece una categorizaci\u00f3n serena y objetiva y puede ayudar a percibir los cambios de forma m\u00e1s consciente en lugar de verlos de forma aislada.<\/p>\n<h2>Recomendaci\u00f3n de lectura: \u201eCMD - El problema olvidado de la medicina moderna\u201c<\/h2>\n<p><img loading=\"lazy\" decoding=\"async\" class=\"alignright wp-image-2494\" src=\"https:\/\/www.markus-schall.de\/wp-content\/uploads\/Cover-Front.jpg\" alt=\"Libro: CMD - El problema olvidado de la medicina moderna\" width=\"220\" height=\"311\" srcset=\"https:\/\/www.markus-schall.de\/wp-content\/uploads\/Cover-Front.jpg 1280w, https:\/\/www.markus-schall.de\/wp-content\/uploads\/Cover-Front-212x300.jpg 212w, https:\/\/www.markus-schall.de\/wp-content\/uploads\/Cover-Front-723x1024.jpg 723w, https:\/\/www.markus-schall.de\/wp-content\/uploads\/Cover-Front-768x1087.jpg 768w, https:\/\/www.markus-schall.de\/wp-content\/uploads\/Cover-Front-1085x1536.jpg 1085w, https:\/\/www.markus-schall.de\/wp-content\/uploads\/Cover-Front-8x12.jpg 8w\" sizes=\"auto, (max-width: 220px) 100vw, 220px\" \/>Si quieres profundizar en el tema, puedes encontrar m\u00e1s informaci\u00f3n en mi libro <a href=\"https:\/\/schall-verlag.de\/buch-cmd.php\" target=\"_blank\" rel=\"noopener\"><em><strong>\"CMD - El problema olvidado de la medicina moderna\"<\/strong><\/em><\/a> una descripci\u00f3n detallada de todas las conexiones importantes. A lo largo de 200 p\u00e1ginas, describo c\u00f3mo se desarrolla la DMC, por qu\u00e9 se pasa por alto tan a menudo y por qu\u00e9 muchos s\u00edntomas del cuerpo s\u00f3lo resultan comprensibles cuando se entiende la mand\u00edbula como \u00f3rgano central de control.<\/p>\n<p>El libro le guiar\u00e1 paso a paso por los aspectos b\u00e1sicos m\u00e1s importantes, los errores de diagn\u00f3stico t\u00edpicos, las correlaciones neuromusculares, los factores cotidianos y las opciones terap\u00e9uticas, todo ello complementado con experiencias personales, ejemplos concretos y una mirada sobria a lo que a menudo se descuida en la medicina actual.<\/p>\n<h2>M\u00e1s art\u00edculos sobre el tema de CMD<\/h2>\n<p>En mi revista en l\u00ednea tambi\u00e9n encontrar\u00e1 una serie de art\u00edculos en profundidad que arrojan luz sobre el tema de las DMC desde distintos \u00e1ngulos. Entre ellos<\/p>\n<ul>\n<li><a href=\"https:\/\/www.markus-schall.de\/es\/2025\/11\/cmd-entender-por-que-el-conocimiento-es-el-primer-paso-para-la-curacion\/\"><strong> Entender CMD<\/strong><\/a> - por qu\u00e9 el conocimiento es el primer paso para curarse aprendiendo c\u00f3mo est\u00e1n conectados el cuerpo y la mand\u00edbula;<\/li>\n<li><a href=\"https:\/\/www.markus-schall.de\/es\/2025\/09\/limpieza-dental-sensata-o-exagerada-una-vision-diferenciada\/\"><strong>Limpieza dental: \u00bfsensata o excesiva?<\/strong><\/a>, una mirada diferenciada al papel de la profilaxis dental moderna;<\/li>\n<li><a href=\"https:\/\/www.markus-schall.de\/es\/2025\/09\/litio-el-oligoelemento-olvidado-una-mirada-a-la-microdosificacion\/\"><strong>Litio: el oligoelemento olvidado<\/strong><\/a>, un art\u00edculo sobre microdosificaci\u00f3n y posibles efectos sobre el equilibrio mental;<\/li>\n<li><a href=\"https:\/\/www.markus-schall.de\/es\/2025\/08\/salud-dental-y-cmd-mas-que-un-poco-lo-que-nos-depara-el-futuro\/\"><strong>Salud dental y CMD<\/strong><\/a> - m\u00e1s que un poco, una reflexi\u00f3n sobre el futuro de la odontolog\u00eda funcional; y<\/li>\n<li><a href=\"https:\/\/www.markus-schall.de\/es\/2025\/08\/ferula-terapeutica-para-cmd-mi-camino-personal-a-traves-de-la-ultima-fase\/\"><strong>Terapia con f\u00e9rulas para DMC<\/strong><\/a> - mi viaje personal a trav\u00e9s de la fase final, en el que muestro c\u00f3mo mi propio sistema se ha ordenado pieza a pieza bajo la barandilla.<\/li>\n<\/ul>\n<p>Estos art\u00edculos son un complemento ideal de este art\u00edculo si desea comprender el tema de forma a\u00fan m\u00e1s exhaustiva.<\/p>\n<p>Si desea compartir sus experiencias con la DMC o las f\u00e9rulas oclusales, utilice la funci\u00f3n de comentarios de este art\u00edculo.<\/p>\n<hr \/>\n\n\t\t\t<div class=\"display-post-types\">\n\n\t\t\t\t\t\t\t<style type=\"text\/css\">\n\t\t\t#dpt-wrapper-984 { --dpt-text-align: left;--dpt-image-crop: center;--dpt-border-radius: 5px;--dpt-h-gutter: 10px;--dpt-v-gutter: 9px; }\t\t\t<\/style>\n\t\t\t<style type=\"text\/css\">#dpt-wrapper-984 { --dpt-title-font-style:normal;--dpt-title-font-weight:600;--dpt-title-line-height:1.5;--dpt-title-text-decoration:none;--dpt-title-text-transform:none;--dpt-excerpt-font-style:normal;--dpt-excerpt-font-weight:400;--dpt-excerpt-line-height:1.5;--dpt-excerpt-text-decoration:none;--dpt-excerpt-text-transform:none;--dpt-meta1-font-style:normal;--dpt-meta1-font-weight:400;--dpt-meta1-line-height:1.9;--dpt-meta1-text-decoration:none;--dpt-meta1-text-transform:none;--dpt-meta2-font-style:normal;--dpt-meta2-font-weight:400;--dpt-meta2-line-height:1.9;--dpt-meta2-text-decoration:none;--dpt-meta2-text-transform:none; }<\/style><div class=\"dpt-main-header\">\n\t\t\t\t\t\t<div class=\"dpt-main-title\">\n\t\t\t\t\t\t\t<span class=\"dpt-main-title-text\">Cuestiones sociales de actualidad<\/span>\n\t\t\t\t\t\t<\/div>\n\t\t\t\t\t\t\n\t\t\t\t\t\t\n\t\t\t\t\t\t\n\t\t\t\t\t\t<\/div>\t\t\t\n\t\t\t\t<div id=\"dpt-wrapper-984\" class=\"dpt-wrapper dpt-mag1 land1 dpt-cropped dpt-flex-wrap\" >\n\n\t\t\t\t\t\t\t\t\t\t\t<div class=\"dpt-entry has-thumbnail\" data-title=\"wie war syrien vor dem krieg? wer regiert heute? was bedeutet das f\u00fcr gefl\u00fcchtete in deutschland?\" data-id=\"4628\"  data-category=\"allgemein gesellschaft kunst &amp; kultur\" data-post_tag=\"deutschland europa geopolitik krisen meinungsfreiheit sicherheitspolitik\">\n\t\t\t\t\t\t\t<div class=\"dpt-entry-wrapper\"><div class=\"dpt-featured-content\"><div class=\"dpt-permalink\"><a href=\"https:\/\/www.markus-schall.de\/es\/2026\/01\/como-era-siria-antes-de-la-guerra-quien-gobierna-hoy-que-significa-esto-para-los-refugiados-en-alemania\/\" class=\"dpt-permalink\"><span class=\"screen-reader-text\">\u00bfC\u00f3mo era Siria antes de la guerra? \u00bfQui\u00e9n gobierna hoy? \u00bfQu\u00e9 significa esto para los refugiados en Alemania?<\/span><\/a><\/div><div class=\"dpt-thumbnail\"><div class=\"dpt-thumbnail-inner\"><img width=\"1024\" height=\"683\" class=\"attachment-full size-full\" alt=\"Siria y Damasco\" context=\"dpt\" data-dpt-src=\"https:\/\/www.markus-schall.de\/wp-content\/uploads\/Syrien-Damaskus.jpg\" data-dpt-sizes=\"(max-width: 1024px) 100vw, 1024px\" data-dpt-srcset=\"https:\/\/www.markus-schall.de\/wp-content\/uploads\/Syrien-Damaskus.jpg 1024w, https:\/\/www.markus-schall.de\/wp-content\/uploads\/Syrien-Damaskus-300x200.jpg 300w, https:\/\/www.markus-schall.de\/wp-content\/uploads\/Syrien-Damaskus-768x512.jpg 768w, https:\/\/www.markus-schall.de\/wp-content\/uploads\/Syrien-Damaskus-18x12.jpg 18w\" \/><\/div><span class=\"dpt-thumbnail-aspect-ratio\" style=\"padding-top: 75%\"><\/span><\/div><\/div><div class=\"sub-entry\"><h3 class=\"dpt-title\"><a class=\"dpt-title-link\" href=\"https:\/\/www.markus-schall.de\/es\/2026\/01\/como-era-siria-antes-de-la-guerra-quien-gobierna-hoy-que-significa-esto-para-los-refugiados-en-alemania\/\" rel=\"bookmark\">\u00bfC\u00f3mo era Siria antes de la guerra? \u00bfQui\u00e9n gobierna hoy? \u00bfQu\u00e9 significa esto para los refugiados en Alemania?<\/a><\/h3><\/div><\/div>\n\t\t\t\t\t\t<\/div><!-- .dpt-entry -->\n\t\t\t\t\t\t\t\t\t\t\t\t<div class=\"dpt-entry has-thumbnail\" data-title=\"auswandern nach tschechien: mein weg, meine gr\u00fcnde, meine pl\u00e4ne\" data-id=\"3069\"  data-category=\"allgemein gesellschaft\" data-post_tag=\"auswandern erfahrungen krisen pers\u00f6nlichkeitsentwicklung ratgeber\">\n\t\t\t\t\t\t\t<div class=\"dpt-entry-wrapper\"><div class=\"dpt-featured-content\"><div class=\"dpt-permalink\"><a href=\"https:\/\/www.markus-schall.de\/es\/2025\/10\/emigrar-a-la-republica-checa-a-mi-manera-mis-razones-mis-planes\/\" class=\"dpt-permalink\"><span class=\"screen-reader-text\">Emigrar a la Rep\u00fablica Checa: mi camino, mis razones, mis planes<\/span><\/a><\/div><div class=\"dpt-thumbnail\"><div class=\"dpt-thumbnail-inner\"><img width=\"2560\" height=\"1558\" class=\"attachment-full size-full\" alt=\"Emigrar a la Rep\u00fablica Checa\" context=\"dpt\" data-dpt-src=\"https:\/\/www.markus-schall.de\/wp-content\/uploads\/auswandern-tschechien-titel-scaled.jpg\" data-dpt-sizes=\"(max-width: 2560px) 100vw, 2560px\" data-dpt-srcset=\"https:\/\/www.markus-schall.de\/wp-content\/uploads\/auswandern-tschechien-titel-scaled.jpg 2560w, https:\/\/www.markus-schall.de\/wp-content\/uploads\/auswandern-tschechien-titel-300x183.jpg 300w, https:\/\/www.markus-schall.de\/wp-content\/uploads\/auswandern-tschechien-titel-1024x623.jpg 1024w, https:\/\/www.markus-schall.de\/wp-content\/uploads\/auswandern-tschechien-titel-768x467.jpg 768w, https:\/\/www.markus-schall.de\/wp-content\/uploads\/auswandern-tschechien-titel-1536x935.jpg 1536w, https:\/\/www.markus-schall.de\/wp-content\/uploads\/auswandern-tschechien-titel-2048x1246.jpg 2048w, https:\/\/www.markus-schall.de\/wp-content\/uploads\/auswandern-tschechien-titel-18x12.jpg 18w\" \/><\/div><span class=\"dpt-thumbnail-aspect-ratio\" style=\"padding-top: 75%\"><\/span><\/div><\/div><div class=\"sub-entry\"><h3 class=\"dpt-title\"><a class=\"dpt-title-link\" href=\"https:\/\/www.markus-schall.de\/es\/2025\/10\/emigrar-a-la-republica-checa-a-mi-manera-mis-razones-mis-planes\/\" rel=\"bookmark\">Emigrar a la Rep\u00fablica Checa: mi camino, mis razones, mis planes<\/a><\/h3><\/div><\/div>\n\t\t\t\t\t\t<\/div><!-- .dpt-entry -->\n\t\t\t\t\t\t\t\t\t\t\t\t<div class=\"dpt-entry has-thumbnail\" data-title=\"digitales eigentum erkl\u00e4rt \u2013 so entstehen nachhaltige online-verm\u00f6genswerte\" data-id=\"4766\"  data-category=\"allgemein b\u00fccher gesellschaft ki-systeme\" data-post_tag=\"buch datenbanken denkmodelle digitales eigentum erp-software k\u00fcnstliche intelligenz prozesse publishing\">\n\t\t\t\t\t\t\t<div class=\"dpt-entry-wrapper\"><div class=\"dpt-featured-content\"><div class=\"dpt-permalink\"><a href=\"https:\/\/www.markus-schall.de\/es\/2026\/02\/la-propiedad-digital-explica-como-se-crean-activos-en-linea-sostenibles\/\" class=\"dpt-permalink\"><span class=\"screen-reader-text\">La propiedad digital explicada - C\u00f3mo se crean activos en l\u00ednea sostenibles<\/span><\/a><\/div><div class=\"dpt-thumbnail\"><div class=\"dpt-thumbnail-inner\"><img width=\"1024\" height=\"683\" class=\"attachment-full size-full\" alt=\"Qu\u00e9 es la propiedad digital\" context=\"dpt\" data-dpt-src=\"https:\/\/www.markus-schall.de\/wp-content\/uploads\/Digitales-Eigentum.jpg\" data-dpt-sizes=\"(max-width: 1024px) 100vw, 1024px\" data-dpt-srcset=\"https:\/\/www.markus-schall.de\/wp-content\/uploads\/Digitales-Eigentum.jpg 1024w, https:\/\/www.markus-schall.de\/wp-content\/uploads\/Digitales-Eigentum-300x200.jpg 300w, https:\/\/www.markus-schall.de\/wp-content\/uploads\/Digitales-Eigentum-768x512.jpg 768w, https:\/\/www.markus-schall.de\/wp-content\/uploads\/Digitales-Eigentum-18x12.jpg 18w\" \/><\/div><span class=\"dpt-thumbnail-aspect-ratio\" style=\"padding-top: 75%\"><\/span><\/div><\/div><div class=\"sub-entry\"><h3 class=\"dpt-title\"><a class=\"dpt-title-link\" href=\"https:\/\/www.markus-schall.de\/es\/2026\/02\/la-propiedad-digital-explica-como-se-crean-activos-en-linea-sostenibles\/\" rel=\"bookmark\">La propiedad digital explicada - C\u00f3mo se crean activos en l\u00ednea sostenibles<\/a><\/h3><\/div><\/div>\n\t\t\t\t\t\t<\/div><!-- .dpt-entry -->\n\t\t\t\t\t\t\t\t\t\t\t\t<div class=\"dpt-entry has-thumbnail\" data-title=\"was bedeutet der spannungsfall in deutschland \u2013 und welche folgen h\u00e4tte er konkret?\" data-id=\"2997\"  data-category=\"allgemein b\u00fccher gesellschaft tipps &amp; anleitungen\" data-post_tag=\"buch deutschland geopolitik gesundheit krisen pers\u00f6nlichkeitsentwicklung ratgeber sicherheitspolitik\">\n\t\t\t\t\t\t\t<div class=\"dpt-entry-wrapper\"><div class=\"dpt-featured-content\"><div class=\"dpt-permalink\"><a href=\"https:\/\/www.markus-schall.de\/es\/2025\/10\/que-significa-la-caida-de-tension-en-alemania-y-que-consecuencias-concretas-tendria\/\" class=\"dpt-permalink\"><span class=\"screen-reader-text\">\u00bfQu\u00e9 significa la ca\u00edda de tensi\u00f3n en Alemania y qu\u00e9 consecuencias concretas tendr\u00eda?<\/span><\/a><\/div><div class=\"dpt-thumbnail\"><div class=\"dpt-thumbnail-inner\"><img width=\"1024\" height=\"683\" class=\"attachment-full size-full\" alt=\"Caja de tensi\u00f3n-Alemania-2025\" context=\"dpt\" data-dpt-src=\"https:\/\/www.markus-schall.de\/wp-content\/uploads\/Spannungsfall-Deutschland-2025.jpg\" data-dpt-sizes=\"(max-width: 1024px) 100vw, 1024px\" data-dpt-srcset=\"https:\/\/www.markus-schall.de\/wp-content\/uploads\/Spannungsfall-Deutschland-2025.jpg 1024w, https:\/\/www.markus-schall.de\/wp-content\/uploads\/Spannungsfall-Deutschland-2025-300x200.jpg 300w, https:\/\/www.markus-schall.de\/wp-content\/uploads\/Spannungsfall-Deutschland-2025-768x512.jpg 768w, https:\/\/www.markus-schall.de\/wp-content\/uploads\/Spannungsfall-Deutschland-2025-18x12.jpg 18w\" \/><\/div><span class=\"dpt-thumbnail-aspect-ratio\" style=\"padding-top: 75%\"><\/span><\/div><\/div><div class=\"sub-entry\"><h3 class=\"dpt-title\"><a class=\"dpt-title-link\" href=\"https:\/\/www.markus-schall.de\/es\/2025\/10\/que-significa-la-caida-de-tension-en-alemania-y-que-consecuencias-concretas-tendria\/\" rel=\"bookmark\">\u00bfQu\u00e9 significa la ca\u00edda de tensi\u00f3n en Alemania y qu\u00e9 consecuencias concretas tendr\u00eda?<\/a><\/h3><\/div><\/div>\n\t\t\t\t\t\t<\/div><!-- .dpt-entry -->\n\t\t\t\t\t\t\n\t\t\t\t<\/div>\n\t\t\t\t\t\t<\/div>\n\t\t\t\n<hr \/>\n<h2>Preguntas m\u00e1s frecuentes<\/h2>\n<ol>\n<li><strong>\u00bfCu\u00e1l es la diferencia fundamental entre una simple f\u00e9rula de molienda y una f\u00e9rula funcional terap\u00e9utica?<\/strong><br \/>\nUna simple f\u00e9rula de esmerilado protege principalmente los dientes de la abrasi\u00f3n. No tiene ninguna funci\u00f3n terap\u00e9utica activa y no modifica sus m\u00fasculos ni su est\u00e1tica. En cambio, una f\u00e9rula funcional est\u00e1 dise\u00f1ada para guiar el maxilar inferior hacia una nueva posici\u00f3n fisiol\u00f3gicamente mejor. Influye en la articulaci\u00f3n temporomandibular, los m\u00fasculos y, a menudo, en toda la est\u00e1tica corporal. Mientras que una f\u00e9rula de molienda tiene un efecto puramente pasivo, una f\u00e9rula funcional es un instrumento de control activo.<\/li>\n<li><strong>\u00bfPuede una simple f\u00e9rula de molienda curar o mejorar mi DMC?<\/strong><br \/>\nNormalmente no. Una f\u00e9rula para el rechinamiento puede aliviar los s\u00edntomas a corto plazo porque protege los dientes y reduce la irritaci\u00f3n. Sin embargo, el problema real de DMC persiste si la causa es m\u00e1s profunda, por ejemplo, en la tensi\u00f3n muscular, en la articulaci\u00f3n de la mand\u00edbula o en la est\u00e1tica corporal. Se necesitan sistemas de f\u00e9rulas m\u00e1s espec\u00edficos para conseguir cambios reales.<\/li>\n<li><strong>\u00bfC\u00f3mo puedo saber si mi f\u00e9rula actual se adapta a mis s\u00edntomas?<\/strong><br \/>\nSi la f\u00e9rula protege principalmente los dientes pero no afecta a la postura ni a la tensi\u00f3n muscular, probablemente se trate de una f\u00e9rula simple. Si, por el contrario, sientes que tu postura, tus m\u00fasculos o tus patrones de movimiento est\u00e1n cambiando, es m\u00e1s probable que se trate de una f\u00e9rula funcional. Lo m\u00e1s importante es la intenci\u00f3n del profesional: \u00bfpara qu\u00e9 se hizo la f\u00e9rula? Si esto no est\u00e1 claro, suele faltar el concepto.<\/li>\n<li><strong>\u00bfPor qu\u00e9 se prescriben tantas f\u00e9rulas err\u00f3neas?<\/strong><br \/>\nEsto se debe a menudo a que el t\u00e9rmino \u201ef\u00e9rula\u201c se utiliza de forma poco precisa y a que el diagn\u00f3stico funcional s\u00f3lo desempe\u00f1a un papel limitado en muchas consultas. Muchos dentistas recurren a simples f\u00e9rulas de tallado porque son r\u00e1pidas de aplicar. En cambio, las f\u00e9rulas funcionales requieren experiencia, tiempo y un concepto terap\u00e9utico claro.<\/li>\n<li><strong>\u00bfEs importante rectificar la f\u00e9rula con regularidad?<\/strong><br \/>\nMuy importante. Independientemente de si se trata de una f\u00e9rula oclusal o de una f\u00e9rula funcional, su cuerpo cambia constantemente. Esto tambi\u00e9n cambia la forma en que se apoya la f\u00e9rula. Si no se rectifica, puede empezar a crear contactos incorrectos o estabilizar antiguas tensiones incorrectas. Una buena f\u00e9rula \u201evive\u201c con tus cambios y se ajusta regularmente.<\/li>\n<li><strong>\u00bfPuede una f\u00e9rula desencadenar tambi\u00e9n nuevas dolencias?<\/strong><br \/>\nS\u00ed, esto puede ocurrir. Si una f\u00e9rula desplaza involuntariamente la mordida a una posici\u00f3n desfavorable o si se ha utilizado sin un diagn\u00f3stico funcional, pueden producirse nuevas tensiones. Con las f\u00e9rulas funcionales, las reacciones iniciales de ajuste son normales, pero deber\u00edan remitir con el tiempo. Si las molestias se agravan o persisten, es necesario reajustar la f\u00e9rula.<\/li>\n<li><strong>\u00bfCu\u00e1nto tarda en hacer efecto una f\u00e9rula funcional?<\/strong><br \/>\nEsto es muy individual. Algunas personas sienten alivio al cabo de unos d\u00edas, otras despu\u00e9s de semanas o meses. El cuerpo necesita tiempo para desprenderse de viejas pautas y reorganizarse. En el caso de problemas muy arraigados, la fase de adaptaci\u00f3n puede durar varios meses.<\/li>\n<li><strong>\u00bfEs normal que zonas completamente diferentes del cuerpo respondan de repente a una f\u00e9rula funcional?<\/strong><br \/>\nS\u00ed, cuando una f\u00e9rula modifica la posici\u00f3n de la mordida, reacciona toda la cadena muscular, desde los pies hasta la cabeza. Esto puede provocar molestias temporales: Tirones en las piernas, presi\u00f3n en la pelvis, tensi\u00f3n en el cuello, incluso cambios en la laringe o en los m\u00fasculos oculares. Esto no es peligroso, sino una se\u00f1al de que su sistema est\u00e1 funcionando.<\/li>\n<li><strong>\u00bfQu\u00e9 hago si no puedo llevar la f\u00e9rula durante unas semanas?<\/strong><br \/>\nA continuaci\u00f3n, debe empezar de nuevo poco a poco. Muchos m\u00e9dicos recomiendan aumentar gradualmente el tiempo de uso para no sobrecargar el organismo. Si la f\u00e9rula te parece muy extra\u00f1a, es conveniente que pidas cita para una revisi\u00f3n antes de volver a pon\u00e9rtela.<\/li>\n<li><strong>\u00bfUna f\u00e9rula funcional debe llevarse s\u00f3lo por la noche o tambi\u00e9n durante el d\u00eda?<\/strong><br \/>\nDepende del concepto. Muchas f\u00e9rulas funcionales est\u00e1n dise\u00f1adas para uso nocturno, otras para llevarlas todo el d\u00eda. Lo importante es que sigas las recomendaciones de tu profesional. B\u00e1sicamente, cuanto m\u00e1s sistem\u00e1ticamente las lleves, m\u00e1s estable ser\u00e1 el cambio.<\/li>\n<li><strong>\u00bfPuede una f\u00e9rula funcional modificar mi mordida de forma permanente?<\/strong><br \/>\nS\u00ed, esa es incluso la intenci\u00f3n. A menudo se utiliza una f\u00e9rula funcional para encontrar una nueva posici\u00f3n de mordida fisiol\u00f3gicamente mejor. Si \u00e9sta resulta estable y sin dolor, m\u00e1s adelante se puede construir sobre ella una reconstrucci\u00f3n permanente o un ajuste de la mordida.<\/li>\n<li><strong>\u00bfQu\u00e9 significa que mi mand\u00edbula deje de crujir de repente con la f\u00e9rula?<\/strong><br \/>\nSe trata de un signo t\u00edpico de que la articulaci\u00f3n temporomandibular se encuentra en una posici\u00f3n de alivio. La mayor\u00eda de los chasquidos se deben a una tensi\u00f3n incorrecta o excesiva del disco articular. Si una f\u00e9rula reduce esta tensi\u00f3n, el chasquido puede desaparecer temporal o permanentemente.<\/li>\n<li><strong>\u00bfCon qu\u00e9 frecuencia debe revisarse una f\u00e9rula funcional?<\/strong><br \/>\nCon mayor frecuencia al principio: a menudo cada dos a seis semanas. M\u00e1s adelante, cuando los cambios sean menos pronunciados, bastar\u00e1 con intervalos m\u00e1s largos. Es fundamental que la f\u00e9rula reciba un apoyo activo y no \u201efuncione por s\u00ed sola\u201c durante meses.<\/li>\n<li><strong>\u00bfPuedo hacer fisioterapia u osteopat\u00eda al mismo tiempo?<\/strong><br \/>\nS\u00ed, y esto a menudo tiene sentido. Si una f\u00e9rula cambia la posici\u00f3n de la mordida, el apoyo de la terapia manual puede ayudar a que las estructuras circundantes se adapten m\u00e1s f\u00e1cilmente. Muchos pacientes afirman que la fisioterapia bajo una f\u00e9rula funcional es mucho m\u00e1s eficaz.<\/li>\n<li><strong>\u00bfQu\u00e9 ocurre si he probado varias f\u00e9rulas y nada me ayuda?<\/strong><br \/>\nEntonces puede que nunca se haya abordado la causa real. Algunas personas tienen una desprogramaci\u00f3n neuromuscular grave que no puede corregirse con medidas est\u00e1ndar. S\u00f3lo una f\u00e9rula con una estrategia funcional clara, como una f\u00e9rula mandibular con una posici\u00f3n neuromuscular diana, permitir\u00e1 progresar.<\/li>\n<li><strong>\u00bfQu\u00e9 importancia tiene la posici\u00f3n de la f\u00e9rula: maxilar superior o inferior?<\/strong><br \/>\nMuy importante. Una f\u00e9rula para el maxilar superior tiene un efecto m\u00e1s pasivo y permite que el maxilar inferior busque. Una f\u00e9rula para el maxilar inferior suele guiar de forma m\u00e1s activa y puede influir m\u00e1s claramente en las trayectorias de movimiento. Por lo tanto, con las f\u00e9rulas funcionales, la atenci\u00f3n se centra casi siempre en el maxilar inferior.<\/li>\n<li><strong>\u00bfPor qu\u00e9 una f\u00e9rula funcional a veces incluso modifica la columna vertebral?<\/strong><br \/>\nPorque la mand\u00edbula es un componente central de la est\u00e1tica del cuerpo. Si cambia la posici\u00f3n de la mordida, cambia la postura de la cabeza. Cuando cambia la postura de la cabeza, reacciona el cuello. Y cuando cambia el cuello, a menudo cambia toda la columna vertebral. El cuerpo es un sistema interconectado: la mand\u00edbula es s\u00f3lo una de las grandes palancas.<\/li>\n<li><strong>\u00bfEs normal que mi espinilla se sienta diferente con el tiempo?<\/strong><br \/>\nS\u00ed, en realidad es una buena se\u00f1al. Significa que tu cuerpo se est\u00e1 adaptando. Si la f\u00e9rula encaja perfectamente al principio y luego se \u201etambalea\u201c en ciertos lugares o se apoya de forma diferente, es hora de volver a afilarla. Tu sistema est\u00e1 cambiando - y la f\u00e9rula tiene que ir con \u00e9l.<\/li>\n<li><strong>\u00bfPuedo reconocer por m\u00ed mismo si mi f\u00e9rula est\u00e1 bien ajustada?<\/strong><br \/>\nNo es fiable. Puedes reconocer pistas: \u00bfEst\u00e1 mejorando? \u00bfDisminuyen las molestias? \u00bfO se desplazan l\u00f3gicamente a lo largo del cuerpo? Pero s\u00f3lo un profesional experimentado puede juzgar el ajuste exacto. Una f\u00e9rula puede sentirse \u201ebien\u201c y aun as\u00ed estar mal ajustada, o sentirse inc\u00f3moda y aun as\u00ed funcionar perfectamente si inicia un cambio.<\/li>\n<li><strong>\u00bfCu\u00e1ndo es el momento adecuado para seguir el tratamiento?<\/strong><br \/>\nCuando su sistema se ha estabilizado bajo la f\u00e9rula y tiene la sensaci\u00f3n de que \u00e9sta le muestra una nueva y buena posici\u00f3n de mordida. Muchos pacientes utilizan f\u00e9rulas funcionales como transici\u00f3n antes de someterse a un ajuste permanente de la mordida, coronas, implantes o reconstrucciones. La clave es: primero estabilizar, luego hacer un cambio permanente.<\/li>\n<\/ol>\n<hr \/>\n\n\t\t\t<div class=\"display-post-types\">\n\n\t\t\t\t\t\t\t<style type=\"text\/css\">\n\t\t\t#dpt-wrapper-985 { --dpt-text-align: left;--dpt-image-crop: center;--dpt-border-radius: 5px;--dpt-h-gutter: 10px;--dpt-v-gutter: 9px; }\t\t\t<\/style>\n\t\t\t<style type=\"text\/css\">#dpt-wrapper-985 { --dpt-title-font-style:normal;--dpt-title-font-weight:600;--dpt-title-line-height:1.5;--dpt-title-text-decoration:none;--dpt-title-text-transform:none;--dpt-excerpt-font-style:normal;--dpt-excerpt-font-weight:400;--dpt-excerpt-line-height:1.5;--dpt-excerpt-text-decoration:none;--dpt-excerpt-text-transform:none;--dpt-meta1-font-style:normal;--dpt-meta1-font-weight:400;--dpt-meta1-line-height:1.9;--dpt-meta1-text-decoration:none;--dpt-meta1-text-transform:none;--dpt-meta2-font-style:normal;--dpt-meta2-font-weight:400;--dpt-meta2-line-height:1.9;--dpt-meta2-text-decoration:none;--dpt-meta2-text-transform:none; }<\/style><div class=\"dpt-main-header\">\n\t\t\t\t\t\t<div class=\"dpt-main-title\">\n\t\t\t\t\t\t\t<span class=\"dpt-main-title-text\">Art\u00edculos de actualidad sobre arte y cultura<\/span>\n\t\t\t\t\t\t<\/div>\n\t\t\t\t\t\t\n\t\t\t\t\t\t\n\t\t\t\t\t\t\n\t\t\t\t\t\t<\/div>\t\t\t\n\t\t\t\t<div id=\"dpt-wrapper-985\" class=\"dpt-wrapper dpt-mag1 land1 dpt-cropped dpt-flex-wrap\" >\n\n\t\t\t\t\t\t\t\t\t\t\t<div class=\"dpt-entry has-thumbnail\" data-title=\"dieter bohlen im klartext: warum deutschland an der eigenen b\u00fcrokratie scheitert\" data-id=\"3546\"  data-category=\"allgemein b\u00fccher gesellschaft kunst &amp; kultur\" data-post_tag=\"buch deutschland erfahrungen krisen meinungsfreiheit musik\">\n\t\t\t\t\t\t\t<div class=\"dpt-entry-wrapper\"><div class=\"dpt-featured-content\"><div class=\"dpt-permalink\"><a href=\"https:\/\/www.markus-schall.de\/es\/2025\/11\/dieter-bohlen-en-lenguaje-llano-por-que-alemania-fracasa-a-causa-de-su-propia-burocracia\/\" class=\"dpt-permalink\"><span class=\"screen-reader-text\">Dieter Bohlen en lenguaje llano: Por qu\u00e9 Alemania fracasa por culpa de su propia burocracia<\/span><\/a><\/div><div class=\"dpt-thumbnail\"><div class=\"dpt-thumbnail-inner\"><img width=\"1536\" height=\"1024\" class=\"attachment-full size-full\" alt=\"Dieter Bohlen en conversaci\u00f3n con Dominik Kettner\" context=\"dpt\" data-dpt-src=\"https:\/\/www.markus-schall.de\/wp-content\/uploads\/bohlen-kettner-germany.jpg\" data-dpt-sizes=\"(max-width: 1536px) 100vw, 1536px\" data-dpt-srcset=\"https:\/\/www.markus-schall.de\/wp-content\/uploads\/bohlen-kettner-germany.jpg 1536w, https:\/\/www.markus-schall.de\/wp-content\/uploads\/bohlen-kettner-germany-300x200.jpg 300w, https:\/\/www.markus-schall.de\/wp-content\/uploads\/bohlen-kettner-germany-1024x683.jpg 1024w, https:\/\/www.markus-schall.de\/wp-content\/uploads\/bohlen-kettner-germany-768x512.jpg 768w, https:\/\/www.markus-schall.de\/wp-content\/uploads\/bohlen-kettner-germany-18x12.jpg 18w\" \/><\/div><span class=\"dpt-thumbnail-aspect-ratio\" style=\"padding-top: 75%\"><\/span><\/div><\/div><div class=\"sub-entry\"><h3 class=\"dpt-title\"><a class=\"dpt-title-link\" href=\"https:\/\/www.markus-schall.de\/es\/2025\/11\/dieter-bohlen-en-lenguaje-llano-por-que-alemania-fracasa-a-causa-de-su-propia-burocracia\/\" rel=\"bookmark\">Dieter Bohlen en lenguaje llano: Por qu\u00e9 Alemania fracasa por culpa de su propia burocracia<\/a><\/h3><\/div><\/div>\n\t\t\t\t\t\t<\/div><!-- .dpt-entry -->\n\t\t\t\t\t\t\t\t\t\t\t\t<div class=\"dpt-entry has-thumbnail\" data-title=\"mehr als punk: nina hagen, cosma shiva und die kunst, sich nicht vereinnahmen zu lassen\" data-id=\"4521\"  data-category=\"allgemein gesellschaft kunst &amp; kultur\" data-post_tag=\"auswandern deutschland erfahrungen europa krisen meinungsfreiheit musik portrait\">\n\t\t\t\t\t\t\t<div class=\"dpt-entry-wrapper\"><div class=\"dpt-featured-content\"><div class=\"dpt-permalink\"><a href=\"https:\/\/www.markus-schall.de\/es\/2026\/01\/more-than-punk-nina-hagen-cosma-shiva-y-el-arte-de-no-dejarse-enganar\/\" class=\"dpt-permalink\"><span class=\"screen-reader-text\">M\u00e1s que punk: Nina Hagen, Cosma Shiva y el arte de no dejarse enga\u00f1ar<\/span><\/a><\/div><div class=\"dpt-thumbnail\"><div class=\"dpt-thumbnail-inner\"><img width=\"1024\" height=\"683\" class=\"attachment-full size-full\" alt=\"Retrato de Nina y Cosma Shiva Hagen\" context=\"dpt\" data-dpt-src=\"https:\/\/www.markus-schall.de\/wp-content\/uploads\/Nina-Cosma-Shiva-Hagen-Titel.jpg\" data-dpt-sizes=\"(max-width: 1024px) 100vw, 1024px\" data-dpt-srcset=\"https:\/\/www.markus-schall.de\/wp-content\/uploads\/Nina-Cosma-Shiva-Hagen-Titel.jpg 1024w, https:\/\/www.markus-schall.de\/wp-content\/uploads\/Nina-Cosma-Shiva-Hagen-Titel-300x200.jpg 300w, https:\/\/www.markus-schall.de\/wp-content\/uploads\/Nina-Cosma-Shiva-Hagen-Titel-768x512.jpg 768w, https:\/\/www.markus-schall.de\/wp-content\/uploads\/Nina-Cosma-Shiva-Hagen-Titel-18x12.jpg 18w\" \/><\/div><span class=\"dpt-thumbnail-aspect-ratio\" style=\"padding-top: 75%\"><\/span><\/div><\/div><div class=\"sub-entry\"><h3 class=\"dpt-title\"><a class=\"dpt-title-link\" href=\"https:\/\/www.markus-schall.de\/es\/2026\/01\/more-than-punk-nina-hagen-cosma-shiva-y-el-arte-de-no-dejarse-enganar\/\" rel=\"bookmark\">M\u00e1s que punk: Nina Hagen, Cosma Shiva y el arte de no dejarse enga\u00f1ar<\/a><\/h3><\/div><\/div>\n\t\t\t\t\t\t<\/div><!-- .dpt-entry -->\n\t\t\t\t\t\t\t\t\t\t\t\t<div class=\"dpt-entry has-thumbnail\" data-title=\"ulrike gu\u00e9rot: eine europ\u00e4erin zwischen idee, universit\u00e4t und \u00f6ffentlichem diskurs\" data-id=\"4039\"  data-category=\"allgemein gesellschaft kunst &amp; kultur\" data-post_tag=\"denkmodelle deutschland europa geopolitik krisen meinungsfreiheit portrait sicherheitspolitik spieltheorie\">\n\t\t\t\t\t\t\t<div class=\"dpt-entry-wrapper\"><div class=\"dpt-featured-content\"><div class=\"dpt-permalink\"><a href=\"https:\/\/www.markus-schall.de\/es\/2025\/12\/ulrike-guerot-una-europea-entre-la-idea-de-universidad-y-el-discurso-publico\/\" class=\"dpt-permalink\"><span class=\"screen-reader-text\">Ulrike Gu\u00e9rot: Una europea entre la idea, la universidad y el discurso p\u00fablico<\/span><\/a><\/div><div class=\"dpt-thumbnail\"><div class=\"dpt-thumbnail-inner\"><img width=\"1024\" height=\"683\" class=\"attachment-full size-full\" alt=\"Ulrike Gu\u00e9rot y Europa\" context=\"dpt\" data-dpt-src=\"https:\/\/www.markus-schall.de\/wp-content\/uploads\/ulrike-guerot-portrait.jpg\" data-dpt-sizes=\"(max-width: 1024px) 100vw, 1024px\" data-dpt-srcset=\"https:\/\/www.markus-schall.de\/wp-content\/uploads\/ulrike-guerot-portrait.jpg 1024w, https:\/\/www.markus-schall.de\/wp-content\/uploads\/ulrike-guerot-portrait-300x200.jpg 300w, https:\/\/www.markus-schall.de\/wp-content\/uploads\/ulrike-guerot-portrait-768x512.jpg 768w, https:\/\/www.markus-schall.de\/wp-content\/uploads\/ulrike-guerot-portrait-18x12.jpg 18w\" \/><\/div><span class=\"dpt-thumbnail-aspect-ratio\" style=\"padding-top: 75%\"><\/span><\/div><\/div><div class=\"sub-entry\"><h3 class=\"dpt-title\"><a class=\"dpt-title-link\" href=\"https:\/\/www.markus-schall.de\/es\/2025\/12\/ulrike-guerot-una-europea-entre-la-idea-de-universidad-y-el-discurso-publico\/\" rel=\"bookmark\">Ulrike Gu\u00e9rot: Una europea entre la idea, la universidad y el discurso p\u00fablico<\/a><\/h3><\/div><\/div>\n\t\t\t\t\t\t<\/div><!-- .dpt-entry -->\n\t\t\t\t\t\t\t\t\t\t\t\t<div class=\"dpt-entry has-thumbnail\" data-title=\"wenn pflicht wieder pflicht wird. eine art essay von herrn von l&#8217;oreot.\" data-id=\"3010\"  data-category=\"allgemein gesellschaft kunst &amp; kultur stories &amp; humor\" data-post_tag=\"deutschland erfahrungen geopolitik krisen pers\u00f6nlichkeitsentwicklung sicherheitspolitik\">\n\t\t\t\t\t\t\t<div class=\"dpt-entry-wrapper\"><div class=\"dpt-featured-content\"><div class=\"dpt-permalink\"><a href=\"https:\/\/www.markus-schall.de\/es\/2025\/10\/cuando-el-deber-vuelve-a-ser-deber-una-especie-de-ensayo-del-sr-von-loreot\/\" class=\"dpt-permalink\"><span class=\"screen-reader-text\">Cuando el deber vuelve a ser deber. Una especie de ensayo del Sr. von L'oreot.<\/span><\/a><\/div><div class=\"dpt-thumbnail\"><div class=\"dpt-thumbnail-inner\"><img width=\"1024\" height=\"683\" class=\"attachment-full size-full\" alt=\"Una llamada inesperada\" context=\"dpt\" data-dpt-src=\"https:\/\/www.markus-schall.de\/wp-content\/uploads\/loreot-pflicht-anruf.jpg\" data-dpt-sizes=\"(max-width: 1024px) 100vw, 1024px\" data-dpt-srcset=\"https:\/\/www.markus-schall.de\/wp-content\/uploads\/loreot-pflicht-anruf.jpg 1024w, https:\/\/www.markus-schall.de\/wp-content\/uploads\/loreot-pflicht-anruf-300x200.jpg 300w, https:\/\/www.markus-schall.de\/wp-content\/uploads\/loreot-pflicht-anruf-768x512.jpg 768w, https:\/\/www.markus-schall.de\/wp-content\/uploads\/loreot-pflicht-anruf-18x12.jpg 18w\" \/><\/div><span class=\"dpt-thumbnail-aspect-ratio\" style=\"padding-top: 75%\"><\/span><\/div><\/div><div class=\"sub-entry\"><h3 class=\"dpt-title\"><a class=\"dpt-title-link\" href=\"https:\/\/www.markus-schall.de\/es\/2025\/10\/cuando-el-deber-vuelve-a-ser-deber-una-especie-de-ensayo-del-sr-von-loreot\/\" rel=\"bookmark\">Cuando el deber vuelve a ser deber. Una especie de ensayo del Sr. von L'oreot.<\/a><\/h3><\/div><\/div>\n\t\t\t\t\t\t<\/div><!-- .dpt-entry -->\n\t\t\t\t\t\t\n\t\t\t\t<\/div>\n\t\t\t\t\t\t<\/div>\n\t\t\t\n<hr \/>","protected":false},"excerpt":{"rendered":"<p>Yo mismo llevo una f\u00e9rula Sch\u00f6ttl desde hace tres a\u00f1os y medio: una f\u00e9rula de mordida fija en el maxilar inferior que se rectifica con regularidad y que est\u00e1 dise\u00f1ada deliberadamente no s\u00f3lo para aliviar la mand\u00edbula, sino tambi\u00e9n para influir en la columna vertebral. Y eso es exactamente lo que hace por m\u00ed. Esta f\u00e9rula me ha ayudado a estabilizar mi est\u00e1tica, aliviar la tensi\u00f3n... <a title=\"Cuando el deber vuelve a ser deber. Una especie de ensayo del Sr. von L&#039;oreot.\" class=\"read-more\" href=\"https:\/\/www.markus-schall.de\/es\/2025\/10\/cuando-el-deber-vuelve-a-ser-deber-una-especie-de-ensayo-del-sr-von-loreot\/\" aria-label=\"Leer m\u00e1s sobre Cuando el deber vuelve a ser deber. Una especie de ensayo del Sr. von L&#039;oreot.\">Vaciar m\u00e1s<\/a><\/p>","protected":false},"author":1,"featured_media":3805,"comment_status":"open","ping_status":"open","sticky":false,"template":"","format":"standard","meta":{"iawp_total_views":464,"footnotes":""},"categories":[456,4],"tags":[425,439,458,447,448],"class_list":["post-3798","post","type-post","status-publish","format-standard","has-post-thumbnail","hentry","category-gesundheit","category-tipps-anleitungen","tag-buch","tag-cmd","tag-erfahrungen","tag-gesundheit","tag-ratgeber"],"_links":{"self":[{"href":"https:\/\/www.markus-schall.de\/es\/wp-json\/wp\/v2\/posts\/3798","targetHints":{"allow":["GET"]}}],"collection":[{"href":"https:\/\/www.markus-schall.de\/es\/wp-json\/wp\/v2\/posts"}],"about":[{"href":"https:\/\/www.markus-schall.de\/es\/wp-json\/wp\/v2\/types\/post"}],"author":[{"embeddable":true,"href":"https:\/\/www.markus-schall.de\/es\/wp-json\/wp\/v2\/users\/1"}],"replies":[{"embeddable":true,"href":"https:\/\/www.markus-schall.de\/es\/wp-json\/wp\/v2\/comments?post=3798"}],"version-history":[{"count":12,"href":"https:\/\/www.markus-schall.de\/es\/wp-json\/wp\/v2\/posts\/3798\/revisions"}],"predecessor-version":[{"id":5698,"href":"https:\/\/www.markus-schall.de\/es\/wp-json\/wp\/v2\/posts\/3798\/revisions\/5698"}],"wp:featuredmedia":[{"embeddable":true,"href":"https:\/\/www.markus-schall.de\/es\/wp-json\/wp\/v2\/media\/3805"}],"wp:attachment":[{"href":"https:\/\/www.markus-schall.de\/es\/wp-json\/wp\/v2\/media?parent=3798"}],"wp:term":[{"taxonomy":"category","embeddable":true,"href":"https:\/\/www.markus-schall.de\/es\/wp-json\/wp\/v2\/categories?post=3798"},{"taxonomy":"post_tag","embeddable":true,"href":"https:\/\/www.markus-schall.de\/es\/wp-json\/wp\/v2\/tags?post=3798"}],"curies":[{"name":"wp","href":"https:\/\/api.w.org\/{rel}","templated":true}]}}