{"id":3850,"date":"2025-12-11T08:22:44","date_gmt":"2025-12-11T08:22:44","guid":{"rendered":"https:\/\/www.markus-schall.de\/?p=3850"},"modified":"2026-04-30T13:30:36","modified_gmt":"2026-04-30T13:30:36","slug":"la-teoria-de-juegos-explica-25-anos-de-geopolitica-como-perdio-europa-su-papel-estrategico","status":"publish","type":"post","link":"https:\/\/www.markus-schall.de\/es\/2025\/12\/la-teoria-de-juegos-explica-25-anos-de-geopolitica-como-perdio-europa-su-papel-estrategico\/","title":{"rendered":"La teor\u00eda de juegos explica 25 a\u00f1os de geopol\u00edtica: c\u00f3mo Europa perdi\u00f3 su papel estrat\u00e9gico"},"content":{"rendered":"<p>Para muchos, la teor\u00eda de juegos suena a matem\u00e1ticas \u00e1ridas, a f\u00f3rmulas, a algo que s\u00f3lo interviene en conferencias o juegos de negocios. Sin embargo, en realidad es una antigua herramienta de pensamiento que exist\u00eda mucho antes de su formalizaci\u00f3n acad\u00e9mica. La utilizaban los diplom\u00e1ticos, los comandantes, los capitanes de empresa... mucho antes de que se llamara as\u00ed. En definitiva, no es m\u00e1s que una pregunta sobria:<\/p>\n<blockquote><p><em>\u201eCuando varios jugadores tienen que tomar decisiones en una situaci\u00f3n incierta, \u00bfqu\u00e9 opciones tienen y cu\u00e1les son las consecuencias?\u201c.\u201c<\/em><\/p><\/blockquote>\n<p>Este tipo de pensamiento se ha vuelto sorprendentemente raro hoy en d\u00eda. En lugar de analizar alternativas, mucho se reduce a narraciones morales o interpretaciones espont\u00e1neas. Sin embargo, cuando se trata de cuestiones geopol\u00edticas en particular, analizar claramente las posibilidades ser\u00eda la base de cualquier pol\u00edtica madura. Es precisamente este viejo oficio el que me gustar\u00eda retomar en este art\u00edculo.<!--more--><\/p>\n<hr \/>\n\n\t\t\t<div class=\"display-post-types\">\n\n\t\t\t\t\t\t\t<style type=\"text\/css\">\n\t\t\t#dpt-wrapper-61 { --dpt-text-align: left;--dpt-image-crop: center;--dpt-border-radius: 5px;--dpt-h-gutter: 10px;--dpt-v-gutter: 9px; }\t\t\t<\/style>\n\t\t\t<style type=\"text\/css\">#dpt-wrapper-61 { --dpt-title-font-style:normal;--dpt-title-font-weight:600;--dpt-title-line-height:1.5;--dpt-title-text-decoration:none;--dpt-title-text-transform:none;--dpt-excerpt-font-style:normal;--dpt-excerpt-font-weight:400;--dpt-excerpt-line-height:1.5;--dpt-excerpt-text-decoration:none;--dpt-excerpt-text-transform:none;--dpt-meta1-font-style:normal;--dpt-meta1-font-weight:400;--dpt-meta1-line-height:1.9;--dpt-meta1-text-decoration:none;--dpt-meta1-text-transform:none;--dpt-meta2-font-style:normal;--dpt-meta2-font-weight:400;--dpt-meta2-line-height:1.9;--dpt-meta2-text-decoration:none;--dpt-meta2-text-transform:none; }<\/style><div class=\"dpt-main-header\">\n\t\t\t\t\t\t<div class=\"dpt-main-title\">\n\t\t\t\t\t\t\t<span class=\"dpt-main-title-text\">Cuestiones sociales de actualidad<\/span>\n\t\t\t\t\t\t<\/div>\n\t\t\t\t\t\t\n\t\t\t\t\t\t\n\t\t\t\t\t\t\n\t\t\t\t\t\t<\/div>\t\t\t\n\t\t\t\t<div id=\"dpt-wrapper-61\" class=\"dpt-wrapper dpt-mag1 land1 dpt-cropped dpt-flex-wrap\" >\n\n\t\t\t\t\t\t\t\t\t\t\t<div class=\"dpt-entry has-thumbnail\" data-title=\"hohe energiepreise in deutschland verstehen: gas, strom und benzin einfach erkl\u00e4rt\" data-id=\"4103\"  data-category=\"allgemein featured gesellschaft tipps &amp; anleitungen\" data-post_tag=\"deutschland energiepolitik eu-gesetze europa krisen ratgeber\">\n\t\t\t\t\t\t\t<div class=\"dpt-entry-wrapper\"><div class=\"dpt-featured-content\"><div class=\"dpt-permalink\"><a href=\"https:\/\/www.markus-schall.de\/es\/2025\/12\/comprension-de-los-elevados-precios-de-la-energia-en-alemania-gas-electricidad-y-gasolina-explicados-de-forma-sencilla\/\" class=\"dpt-permalink\"><span class=\"screen-reader-text\">Los altos precios de la energ\u00eda en Alemania: Gas, electricidad y gasolina explicados de forma sencilla<\/span><\/a><\/div><div class=\"dpt-thumbnail\"><div class=\"dpt-thumbnail-inner\"><img width=\"1024\" height=\"683\" class=\"attachment-full size-full\" alt=\"Precios de la energ\u00eda en Alemania\" context=\"dpt\" data-dpt-src=\"https:\/\/www.markus-schall.de\/wp-content\/uploads\/energiepreise-deutschland.jpg\" data-dpt-sizes=\"(max-width: 1024px) 100vw, 1024px\" data-dpt-srcset=\"https:\/\/www.markus-schall.de\/wp-content\/uploads\/energiepreise-deutschland.jpg 1024w, https:\/\/www.markus-schall.de\/wp-content\/uploads\/energiepreise-deutschland-300x200.jpg 300w, https:\/\/www.markus-schall.de\/wp-content\/uploads\/energiepreise-deutschland-768x512.jpg 768w, https:\/\/www.markus-schall.de\/wp-content\/uploads\/energiepreise-deutschland-18x12.jpg 18w\" \/><\/div><span class=\"dpt-thumbnail-aspect-ratio\" style=\"padding-top: 75%\"><\/span><\/div><\/div><div class=\"sub-entry\"><h3 class=\"dpt-title\"><a class=\"dpt-title-link\" href=\"https:\/\/www.markus-schall.de\/es\/2025\/12\/comprension-de-los-elevados-precios-de-la-energia-en-alemania-gas-electricidad-y-gasolina-explicados-de-forma-sencilla\/\" rel=\"bookmark\">Los altos precios de la energ\u00eda en Alemania: Gas, electricidad y gasolina explicados de forma sencilla<\/a><\/h3><\/div><\/div>\n\t\t\t\t\t\t<\/div><!-- .dpt-entry -->\n\t\t\t\t\t\t\t\t\t\t\t\t<div class=\"dpt-entry has-thumbnail\" data-title=\"regelbasierte weltordnung und v\u00f6lkerrecht: zwischen anspruch, realit\u00e4t und rechtsbruch\" data-id=\"4275\"  data-category=\"allgemein gesellschaft\" data-post_tag=\"denkmodelle eu-gesetze europa geopolitik krisen sicherheitspolitik\">\n\t\t\t\t\t\t\t<div class=\"dpt-entry-wrapper\"><div class=\"dpt-featured-content\"><div class=\"dpt-permalink\"><a href=\"https:\/\/www.markus-schall.de\/es\/2026\/01\/el-orden-mundial-basado-en-normas-y-el-derecho-internacional-entre-la-realidad-y-el-incumplimiento-de-la-ley\/\" class=\"dpt-permalink\"><span class=\"screen-reader-text\">El orden mundial basado en normas y el Derecho internacional: entre la pretensi\u00f3n, la realidad y el incumplimiento del Derecho<\/span><\/a><\/div><div class=\"dpt-thumbnail\"><div class=\"dpt-thumbnail-inner\"><img width=\"1024\" height=\"683\" class=\"attachment-full size-full\" alt=\"Derecho internacional y orden mundial basado en normas\" context=\"dpt\" data-dpt-src=\"https:\/\/www.markus-schall.de\/wp-content\/uploads\/voelkerrecht-weltordnung-titel.jpg\" data-dpt-sizes=\"(max-width: 1024px) 100vw, 1024px\" data-dpt-srcset=\"https:\/\/www.markus-schall.de\/wp-content\/uploads\/voelkerrecht-weltordnung-titel.jpg 1024w, https:\/\/www.markus-schall.de\/wp-content\/uploads\/voelkerrecht-weltordnung-titel-300x200.jpg 300w, https:\/\/www.markus-schall.de\/wp-content\/uploads\/voelkerrecht-weltordnung-titel-768x512.jpg 768w, https:\/\/www.markus-schall.de\/wp-content\/uploads\/voelkerrecht-weltordnung-titel-18x12.jpg 18w\" \/><\/div><span class=\"dpt-thumbnail-aspect-ratio\" style=\"padding-top: 75%\"><\/span><\/div><\/div><div class=\"sub-entry\"><h3 class=\"dpt-title\"><a class=\"dpt-title-link\" href=\"https:\/\/www.markus-schall.de\/es\/2026\/01\/el-orden-mundial-basado-en-normas-y-el-derecho-internacional-entre-la-realidad-y-el-incumplimiento-de-la-ley\/\" rel=\"bookmark\">El orden mundial basado en normas y el Derecho internacional: entre la pretensi\u00f3n, la realidad y el incumplimiento del Derecho<\/a><\/h3><\/div><\/div>\n\t\t\t\t\t\t<\/div><!-- .dpt-entry -->\n\t\t\t\t\t\t\t\t\t\t\t\t<div class=\"dpt-entry has-thumbnail\" data-title=\"die elektronische patientenakte (epa) im faktencheck: risiken, rechte und widerspruch\" data-id=\"3412\"  data-category=\"gesellschaft gesundheit tipps &amp; anleitungen\" data-post_tag=\"datenschutz eu-gesetze gesundheit prozesse ratgeber\">\n\t\t\t\t\t\t\t<div class=\"dpt-entry-wrapper\"><div class=\"dpt-featured-content\"><div class=\"dpt-permalink\"><a href=\"https:\/\/www.markus-schall.de\/es\/2025\/11\/la-historia-clinica-electronica-epa-fact-check-riesgos-derechos-y-objeciones\/\" class=\"dpt-permalink\"><span class=\"screen-reader-text\">El expediente electr\u00f3nico del paciente: riesgos, derechos y objeciones<\/span><\/a><\/div><div class=\"dpt-thumbnail\"><div class=\"dpt-thumbnail-inner\"><img width=\"1024\" height=\"683\" class=\"attachment-full size-full\" alt=\"Todos los datos sobre el expediente electr\u00f3nico del paciente\" context=\"dpt\" data-dpt-src=\"https:\/\/www.markus-schall.de\/wp-content\/uploads\/Elektronische-Patientenakte.jpg\" data-dpt-sizes=\"(max-width: 1024px) 100vw, 1024px\" data-dpt-srcset=\"https:\/\/www.markus-schall.de\/wp-content\/uploads\/Elektronische-Patientenakte.jpg 1024w, https:\/\/www.markus-schall.de\/wp-content\/uploads\/Elektronische-Patientenakte-300x200.jpg 300w, https:\/\/www.markus-schall.de\/wp-content\/uploads\/Elektronische-Patientenakte-768x512.jpg 768w, https:\/\/www.markus-schall.de\/wp-content\/uploads\/Elektronische-Patientenakte-18x12.jpg 18w\" \/><\/div><span class=\"dpt-thumbnail-aspect-ratio\" style=\"padding-top: 75%\"><\/span><\/div><\/div><div class=\"sub-entry\"><h3 class=\"dpt-title\"><a class=\"dpt-title-link\" href=\"https:\/\/www.markus-schall.de\/es\/2025\/11\/la-historia-clinica-electronica-epa-fact-check-riesgos-derechos-y-objeciones\/\" rel=\"bookmark\">El expediente electr\u00f3nico del paciente: riesgos, derechos y objeciones<\/a><\/h3><\/div><\/div>\n\t\t\t\t\t\t<\/div><!-- .dpt-entry -->\n\t\t\t\t\t\t\t\t\t\t\t\t<div class=\"dpt-entry has-thumbnail\" data-title=\"wie ich in vier monaten f\u00fcnf b\u00fccher in zwei sprachen geschrieben habe\" data-id=\"2775\"  data-category=\"allgemein b\u00fccher gesellschaft tipps &amp; anleitungen\" data-post_tag=\"buch digitales eigentum lernen prozesse publishing verlag\">\n\t\t\t\t\t\t\t<div class=\"dpt-entry-wrapper\"><div class=\"dpt-featured-content\"><div class=\"dpt-permalink\"><a href=\"https:\/\/www.markus-schall.de\/es\/2025\/09\/como-escribi-cinco-libros-en-dos-idiomas-en-cuatro-meses\/\" class=\"dpt-permalink\"><span class=\"screen-reader-text\">C\u00f3mo escrib\u00ed cinco libros en dos idiomas en cuatro meses<\/span><\/a><\/div><div class=\"dpt-thumbnail\"><div class=\"dpt-thumbnail-inner\"><img width=\"1920\" height=\"1280\" class=\"attachment-full size-full\" alt=\"Escribir libros con Affinity y BoD\" context=\"dpt\" data-dpt-src=\"https:\/\/www.markus-schall.de\/wp-content\/uploads\/buecher-affinity-bod-selfpublishing.jpg\" data-dpt-sizes=\"(max-width: 1920px) 100vw, 1920px\" data-dpt-srcset=\"https:\/\/www.markus-schall.de\/wp-content\/uploads\/buecher-affinity-bod-selfpublishing.jpg 1920w, https:\/\/www.markus-schall.de\/wp-content\/uploads\/buecher-affinity-bod-selfpublishing-300x200.jpg 300w, https:\/\/www.markus-schall.de\/wp-content\/uploads\/buecher-affinity-bod-selfpublishing-1024x683.jpg 1024w, https:\/\/www.markus-schall.de\/wp-content\/uploads\/buecher-affinity-bod-selfpublishing-768x512.jpg 768w, https:\/\/www.markus-schall.de\/wp-content\/uploads\/buecher-affinity-bod-selfpublishing-1536x1024.jpg 1536w, https:\/\/www.markus-schall.de\/wp-content\/uploads\/buecher-affinity-bod-selfpublishing-18x12.jpg 18w\" \/><\/div><span class=\"dpt-thumbnail-aspect-ratio\" style=\"padding-top: 75%\"><\/span><\/div><\/div><div class=\"sub-entry\"><h3 class=\"dpt-title\"><a class=\"dpt-title-link\" href=\"https:\/\/www.markus-schall.de\/es\/2025\/09\/como-escribi-cinco-libros-en-dos-idiomas-en-cuatro-meses\/\" rel=\"bookmark\">C\u00f3mo escrib\u00ed cinco libros en dos idiomas en cuatro meses<\/a><\/h3><\/div><\/div>\n\t\t\t\t\t\t<\/div><!-- .dpt-entry -->\n\t\t\t\t\t\t\n\t\t\t\t<\/div>\n\t\t\t\t\t\t<\/div>\n\t\t\t\n<hr \/>\n<h2>Noticias de actualidad sobre el tema<\/h2>\n<p><strong>30.04.2026<\/strong>Poco antes del 1 de mayo, el eurodiputado Martin Sonneborn habla desde Estrasburgo en un discurso sat\u00edrico de unos siete minutos. En el centro est\u00e1 una idea que surge una y otra vez en los debates geopol\u00edticos: No es la victoria r\u00e1pida, sino la permanencia de los conflictos lo que m\u00e1s puede interesar a ciertos actores. Refiri\u00e9ndose a una declaraci\u00f3n de Julian Assange citada con frecuencia, Sonneborn pinta un cuadro de las llamadas \u201eguerras interminables\u201c, en las que cantidades considerables de dinero fluyen hacia estructuras militares durante un periodo de a\u00f1os, manteniendo as\u00ed entrelazados intereses econ\u00f3micos y pol\u00edticos.<\/p>\n<div class=\"lyte-wrapper\" style=\"width:640px;max-width:100%;margin:5px;\"><div class=\"lyMe\" id=\"WYL_PkOmgoyDTps\"><div id=\"lyte_PkOmgoyDTps\" data-src=\"https:\/\/www.markus-schall.de\/wp-content\/plugins\/wp-youtube-lyte\/lyteCache.php?origThumbUrl=%2F%2Fi.ytimg.com%2Fvi%2FPkOmgoyDTps%2Fhqdefault.jpg\" class=\"pL\"><div class=\"tC\"><div class=\"tT\"><\/div><\/div><div class=\"play\"><\/div><div class=\"ctrl\"><div class=\"Lctrl\"><\/div><div class=\"Rctrl\"><\/div><\/div><\/div><noscript><a href=\"https:\/\/youtu.be\/PkOmgoyDTps\" rel=\"nofollow noopener\" target=\"_blank\"><img loading=\"lazy\" decoding=\"async\" src=\"https:\/\/www.markus-schall.de\/wp-content\/plugins\/wp-youtube-lyte\/lyteCache.php?origThumbUrl=https%3A%2F%2Fi.ytimg.com%2Fvi%2FPkOmgoyDTps%2F0.jpg\" alt=\"Miniatura de v\u00eddeo de YouTube\" width=\"640\" height=\"340\" \/><br \/>Ver este v\u00eddeo en YouTube<\/a><\/noscript><\/div><\/div><div class=\"lL\" style=\"max-width:100%;width:640px;margin:5px;\"><\/div><br \/>\nGuerra sin fin | <a href=\"https:\/\/www.youtube.com\/@MartinSonneborn\" target=\"_blank\" rel=\"nofollow noopener\">Martin Sonneborn<\/a><\/p>\n<p>Exagerado y desmesurado como de costumbre, el art\u00edculo combina cifras, observaciones y cr\u00edticas para crear un panorama general denso y deliberadamente provocador. Especialmente en el contexto de la evoluci\u00f3n geopol\u00edtica a largo plazo, esta perspectiva act\u00faa menos como una evaluaci\u00f3n concluyente y m\u00e1s como un impulso para observar patrones y contextos familiares desde un \u00e1ngulo diferente.<\/p>\n<hr \/>\n<h2>Por qu\u00e9 me interes\u00e9 por la teor\u00eda de juegos<\/h2>\n<p>A lo largo de los a\u00f1os, he visto repetidamente v\u00eddeos del profesor Christian Rieck, el tranquilo economista de pelo largo que explica pacientemente en YouTube por qu\u00e9 las personas y los Estados act\u00faan exactamente como lo hacen. A menudo me impresionaba su forma de descomponer situaciones complejas en incentivos estructurales.<\/p>\n<p>Es esta sobriedad la que me inspir\u00f3 a intentar yo mismo un experimento mental: \u00bfC\u00f3mo podr\u00eda verse el desarrollo europeo-ruso desde 2001 en t\u00e9rminos de teor\u00eda de juegos? No como una disputa moral. No como un partidismo pol\u00edtico. Sino como una forma de analizar las alternativas. As\u00ed que, como un estratega de la vieja escuela, voy a intentarlo:<\/p>\n<ul>\n<li>\u00bfCu\u00e1les eran las opciones?<\/li>\n<li>\u00bfCu\u00e1les fueron las v\u00edas de decisi\u00f3n?<\/li>\n<li>\u00bfY qu\u00e9 se deduce l\u00f3gicamente de esto?<\/li>\n<\/ul>\n<p>Eso es todo lo que se necesita para moldear un cuarto de siglo complejo en un modelo claro.<\/p>\n<h3>Decisiones sin matem\u00e1ticas: la verdadera esencia de la teor\u00eda de juegos<\/h3>\n<p>La teor\u00eda de juegos no es un tema num\u00e9rico. Tampoco es una herramienta de torre de marfil. En el fondo, es sorprendentemente sencilla:<\/p>\n<ol>\n<li><strong>Actor A<\/strong> tiene varias acciones posibles.<\/li>\n<li><strong>Actor B<\/strong> tambi\u00e9n.<\/li>\n<li>Ambos saben que el otro reaccionar\u00e1.<\/li>\n<li>Y son precisamente estas reacciones las que determinan lo que parece racional.<\/li>\n<\/ol>\n<p>Esto convierte a la teor\u00eda de juegos en un puente entre la psicolog\u00eda y la estrategia: ayuda a entender por qu\u00e9 las personas y los Estados pueden entrar en conflicto incluso cuando nadie quiere realmente que haya conflicto. A menudo basta con un malentendido, una se\u00f1al equivocada, un paso demasiado pronto o demasiado tarde.<\/p>\n<p>Esto es lo que hace tan valiosa la teor\u00eda de juegos: no descompone los grandes acontecimientos en buenos y malos, sino en incentivos, expectativas y pautas de reacci\u00f3n.<\/p>\n<h3>El dilema del prisionero: el modelo b\u00e1sico de toda relaci\u00f3n internacional<\/h3>\n<p>El modelo m\u00e1s famoso es el dilema del prisionero. Demuestra que dos jugadores suelen perder cuando desconf\u00edan el uno del otro, aunque ambos podr\u00edan ganar si cooperaran. El dilema es tan adecuado porque contiene tres ideas fundamentales:<\/p>\n<ul>\n<li>La cooperaci\u00f3n ser\u00eda objetivamente mejor.<\/li>\n<li>La desconfianza hace que ambos se pongan instintivamente a la defensiva.<\/li>\n<li>Este modo defensivo conduce a una soluci\u00f3n global m\u00e1s pobre.<\/li>\n<\/ul>\n<p>Se ve en todas partes: en las guerras econ\u00f3micas, en la diplomacia, en los ciclos de armamento militar, incluso en los conflictos cotidianos entre grupos. El modelo se ha convertido en un cl\u00e1sico porque describe con gran precisi\u00f3n la din\u00e1mica b\u00e1sica del comportamiento humano. La pol\u00edtica internacional, en particular, es un permanente dilema del prisionero:<\/p>\n<p>Cada parte cree que act\u00faa a la defensiva. Pero es precisamente este comportamiento defensivo el que act\u00faa como un ataque contra la otra parte. Esto da lugar a conflictos que no nacen de la agresi\u00f3n, sino de la desconfianza estructural. Esta es una de las ideas m\u00e1s importantes de todo este art\u00edculo, y el fundamento del an\u00e1lisis posterior.<\/p>\n<h3>Por qu\u00e9 la teor\u00eda de juegos es ideal para repasar 25 a\u00f1os de historia europeo-rusa<\/h3>\n<p>Si se observa la relaci\u00f3n entre Europa y Rusia desde 2001, se ve una posici\u00f3n de partida asombrosamente clara: una mano tendida, oportunidades econ\u00f3micas, acercamiento estrat\u00e9gico... y, al mismo tiempo, temores hist\u00f3ricos, viejas l\u00edneas de desconfianza y bandos pol\u00edticos, algunos de los cuales ten\u00edan lecturas completamente distintas de la realidad. La teor\u00eda de juegos est\u00e1 hecha precisamente para estas situaciones. Permite analizar objetivamente dos caminos alternativos:<\/p>\n<ul>\n<li><strong>Ruta A<\/strong>Cooperaci\u00f3n<\/li>\n<li><strong>Ruta B<\/strong>: Desconfianza<\/li>\n<\/ul>\n<p>Y luego calcular sobriamente las consecuencias, no con cifras, sino con consecuencias.<\/p>\n<ul>\n<li>Lo que se desprende de <strong>Cooperaci\u00f3n<\/strong>?<\/li>\n<li>Lo que se desprende de <strong>Desconfianza<\/strong>?<\/li>\n<\/ul>\n<p>\u00bfY qu\u00e9 decisiones de principios de la d\u00e9cada de 2000 reforzaron qu\u00e9 camino? Esto es exactamente lo que intento hacer en el resto del art\u00edculo: No estoy desenrollando la historia moralmente, sino estrat\u00e9gicamente. Me remonto a las condiciones de entonces, pongo las alternativas una al lado de la otra y dejo que la l\u00f3gica hable por s\u00ed misma, sin el acaloramiento que acompa\u00f1a hoy al tema.<\/p>\n<h2>La situaci\u00f3n inicial en 2001: un centro europeo clave<\/h2>\n<p>Si observamos el a\u00f1o 2001 desde la perspectiva actual, nos damos cuenta de algo que f\u00e1cilmente se pasa por alto: Fue un momento de apertura hist\u00f3ricamente inusual. La Uni\u00f3n Sovi\u00e9tica hab\u00eda desaparecido hac\u00eda una d\u00e9cada. Rusia se estaba reorganizando. Europa estaba econ\u00f3micamente estable, pol\u00edticamente segura de s\u00ed misma y en una fase de relativa armon\u00eda. Este tipo de ventanas aparecen a veces, y a menudo desaparecen m\u00e1s r\u00e1pido de lo que uno se imagina.<\/p>\n<p>2001 fue precisamente esa ventana. Fue un a\u00f1o en el que a\u00fan no se hab\u00edan ultimado las grandes estrategias y en el que una Europa diferente habr\u00eda sido realmente posible. Durante ese periodo se produjo un acontecimiento simb\u00f3lico que a\u00fan hoy puede considerarse una oportunidad no aprovechada.<\/p>\n<h3>El discurso de Putin en el Bundestag: un brazo tendido<\/h3>\n<p>En septiembre de 2001, Vladimir Putin habl\u00f3 en el Bundestag alem\u00e1n, un discurso que hoy parece casi surrealista. No fue hostil, ni amenazador, ni delimitador. Fue una oferta. Una oferta de cooperaci\u00f3n, tanto econ\u00f3mica como en materia de pol\u00edtica de seguridad.<\/p>\n<p>(Discurso en alem\u00e1n a partir de 2:32 min.)<\/p>\n<div class=\"lyte-wrapper\" style=\"width:640px;max-width:100%;margin:5px;\"><div class=\"lyMe\" id=\"WYL_hSPZlCo2B0E\"><div id=\"lyte_hSPZlCo2B0E\" data-src=\"https:\/\/www.markus-schall.de\/wp-content\/plugins\/wp-youtube-lyte\/lyteCache.php?origThumbUrl=%2F%2Fi.ytimg.com%2Fvi%2FhSPZlCo2B0E%2Fhqdefault.jpg\" class=\"pL\"><div class=\"tC\"><div class=\"tT\"><\/div><\/div><div class=\"play\"><\/div><div class=\"ctrl\"><div class=\"Lctrl\"><\/div><div class=\"Rctrl\"><\/div><\/div><\/div><noscript><a href=\"https:\/\/youtu.be\/hSPZlCo2B0E\" rel=\"nofollow noopener\" target=\"_blank\"><img loading=\"lazy\" decoding=\"async\" src=\"https:\/\/www.markus-schall.de\/wp-content\/plugins\/wp-youtube-lyte\/lyteCache.php?origThumbUrl=https%3A%2F%2Fi.ytimg.com%2Fvi%2FhSPZlCo2B0E%2F0.jpg\" alt=\"Miniatura de v\u00eddeo de YouTube\" width=\"640\" height=\"340\" \/><br \/>Ver este v\u00eddeo en YouTube<\/a><\/noscript><\/div><\/div><div class=\"lL\" style=\"max-width:100%;width:640px;margin:5px;\"><\/div><br \/>\nEl discurso del Presidente Putin del 25 de septiembre de 2001 ante la <a href=\"https:\/\/www.bundestag.de\" target=\"_blank\" rel=\"noopener\">Bundestag alem\u00e1n<\/a><\/p>\n<p>Habl\u00f3 de seguridad com\u00fan, de estabilidad com\u00fan, de intereses comunes. Y Europa -especialmente Alemania- se enfrentaba entonces a una elecci\u00f3n estrat\u00e9gica:<\/p>\n<ul>\n<li>\u00bfQuer\u00edan a Rusia como socio?<\/li>\n<li>\u00bfO quer\u00edan a Rusia como riesgo potencial?<\/li>\n<\/ul>\n<p>Ambas decisiones eran posibles en aquel momento. No hab\u00eda nada fijado. Hoy es dif\u00edcil sobrestimar lo abierta que estaba esta ventana de cooperaci\u00f3n. No se trata de una retrospectiva rom\u00e1ntica, sino de una referencia sobria a la realidad geopol\u00edtica de la \u00e9poca: Rusia pretend\u00eda unirse a Europa. Y Europa podr\u00eda haber aceptado esta conexi\u00f3n.<\/p>\n<h3>El ambiente pol\u00edtico en Europa: abierto pero cauto<\/h3>\n<p>En 2001, Europa se encontraba en una fase de confianza en s\u00ed misma. La UE se expand\u00eda, la econom\u00eda estaba en auge, la globalizaci\u00f3n segu\u00eda vi\u00e9ndose como una promesa, no como una amenaza. Sin embargo, a pesar de esta din\u00e1mica positiva, hab\u00eda una vacilaci\u00f3n subyacente:<\/p>\n<ul>\n<li>viejas mentalidades Este-Oeste<\/li>\n<li>traumas hist\u00f3ricos<\/li>\n<li>Desconfianza pol\u00edtica en algunas capitales<\/li>\n<li>la pr\u00f3xima expansi\u00f3n de la OTAN hacia el Este<\/li>\n<\/ul>\n<p>En esta zona de tensi\u00f3n hab\u00eda dos interpretaciones al mismo tiempo: la que ve\u00eda a Rusia como un socio futuro y la que la catalogaba como una amenaza latente. Aqu\u00ed es precisamente donde entra en juego la teor\u00eda de juegos:<\/p>\n<p>Si son posibles varias interpretaciones, la elecci\u00f3n de la interpretaci\u00f3n determina la realidad posterior.<\/p>\n<h3>El poder del espacio informativo: una agitaci\u00f3n silenciosa<\/h3>\n<p>Es interesante observar que fue precisamente en esa \u00e9poca cuando comenz\u00f3 un sutil cambio en el consumo de noticias en Occidente. Cada vez m\u00e1s gente sent\u00eda que la imagen de los medios de comunicaci\u00f3n se caracterizaba cada vez m\u00e1s por las crisis, las advertencias permanentes y la alarma constante. Personalmente, yo tambi\u00e9n dej\u00e9 de ver las noticias con regularidad hacia 2001. No por protesta pol\u00edtica, sino simplemente por un sentimiento interior de agotamiento ante esta atm\u00f3sfera de crisis permanente. Fue una \u00e9poca en la que mucha gente sinti\u00f3 instintivamente la necesidad de parar:<\/p>\n<blockquote><p><em>\u201eDe alguna manera, este mundo de la informaci\u00f3n es cada vez m\u00e1s inquieto y, al mismo tiempo, m\u00e1s uniforme\u201c.\u201c<\/em><\/p><\/blockquote>\n<p>La idea no es m\u00e1s que una reflexi\u00f3n pasajera, pero ya apunta a un tema m\u00e1s amplio que tratar\u00e9 con m\u00e1s detalle en otro art\u00edculo: C\u00f3mo <a href=\"https:\/\/www.markus-schall.de\/es\/2025\/12\/la-crisis-permanente-como-estado-normal-como-las-narrativas-distorsionan-nuestra-percepcion\/\"><strong>Alerta permanente<\/strong><\/a> estrecha la visi\u00f3n de las alternativas y deforma el pensamiento pol\u00edtico a largo plazo. Para 2001 esto significa<\/p>\n<p>El espacio informativo tambi\u00e9n ha sido un factor. No el m\u00e1s importante, pero s\u00ed un trasfondo atmosf\u00e9rico que ha estrechado el margen de reflexi\u00f3n. Cuando los medios de comunicaci\u00f3n se centran principalmente en los riesgos, la cooperaci\u00f3n parece f\u00e1cilmente ingenua. Y la desconfianza parece prudente y razonable.<\/p>\n<hr \/>\n<h3>Encuesta actual sobre la confianza en la pol\u00edtica<\/h3>\n<div class='bootstrap-yop yop-poll-mc'>\n\t\t\t\t\t\t\t<div class=\"basic-yop-poll-container\" style=\"background-color:#ffffff; border:0px; border-style:solid; border-color:#000000; border-radius:5px; padding:0px 5px;\" data-id=\"1\" data-temp=\"basic-pretty\" data-skin=\"square\" data-cscheme=\"blue\" data-cap=\"0\" data-access=\"guest\" data-tid=\"\" data-uid=\"50ed99fa6822e15307829efcb68e0173\" data-pid=\"2775\" data-resdet=\"votes-number,percentages\" data-show-results-to=\"guest\" data-show-results-moment=\"after-vote\" data-show-results-only=\"false\" data-show-message=\"true\" data-show-results-as=\"bar\" data-sort-results-by=\"as-defined\" data-sort-results-rule=\"asc\"data-is-ended=\"0\" data-percentages-decimals=\"2\" data-gdpr=\"no\" data-gdpr-sol=\"consent\" data-css=\"\" data-counter=\"0\" data-load-with=\"1\" data-notification-section=\"top\"><div class=\"row\"><div class=\"col-md-12\"><div class=\"basic-inner\"><div class=\"basic-message hide\" style=\"border-left: 10px solid #008000; padding: 0px 10px;\" data-error=\"#ff0000\" data-success=\"#008000\"><p class=\"basic-message-text\" style=\"color:#000000; font-size:14px; font-weight:normal;\"><\/p><\/div><div class=\"basic-overlay hide\"><div class=\"basic-vote-options\"><\/div><div class=\"basic-preloader\"><div class=\"basic-windows8\"><div class=\"basic-wBall basic-wBall_1\"><div class=\"basic-wInnerBall\"><\/div><\/div><div class=\"basic-wBall basic-wBall_2\"><div class=\"basic-wInnerBall\"><\/div><\/div><div class=\"basic-wBall basic-wBall_3\"><div class=\"basic-wInnerBall\"><\/div><\/div><div class=\"basic-wBall basic-wBall_4\"><div class=\"basic-wInnerBall\"><\/div><\/div><div class=\"basic-wBall basic-wBall_5\"><div class=\"basic-wInnerBall\"><\/div><\/div><\/div><\/div><\/div><form class=\"basic-form\" action=\"\"><input type=\"hidden\" name=\"_token\" value=\"d325a4aa39\" autocomplete=\"off\"><div class=\"basic-elements\"><div class=\"basic-element basic-question basic-question-text-vertical\" data-id=\"1\" data-uid=\"dcccb85b35df9b347c44bd43301f83f2\" data-type=\"question\" data-question-type=\"text\" data-required=\"yes\" data-allow-multiple=\"no\" data-min=\"1\" data-max=\"1\" data-display=\"vertical\" data-colnum=\"\" data-display-others=\"no\" data-others-color=\"\" data-others=\"\" data-others-max-chars=\"0\"><div class=\"basic-question-title\"><h5 style=\"color:#000000; font-size:16px; font-weight:normal; text-align:left;\">\u00bfQu\u00e9 grado de confianza le inspiran la pol\u00edtica y los medios de comunicaci\u00f3n en Alemania?<\/h5><\/div><ul class=\"basic-answers\"><li class=\"basic-answer\" style=\"padding:0px 0px;\" data-id=\"1\" data-type=\"text\" data-vn=\"10\" data-color=\"#000000\" data-make-link=\"no\" data-link=\"\"><div class=\"basic-answer-content basic-text-vertical\"><label for=\"answer[1]\" class=\"basic-answer-label\"><input type=\"radio\" id=\"answer[1]\" name=\"answer[1]\" value=\"1\"><span class=\"basic-text\" style=\"color: #000000; font-size: 14px; font-weight: normal;\">Muy alto - Conf\u00edo plenamente en los organismos oficiales<\/span><\/label><\/div><\/li><li class=\"basic-answer\" style=\"padding:0px 0px;\" data-id=\"2\" data-type=\"text\" data-vn=\"22\" data-color=\"#000000\" data-make-link=\"no\" data-link=\"\"><div class=\"basic-answer-content basic-text-vertical\"><label for=\"answer[2]\" class=\"basic-answer-label\"><input type=\"radio\" id=\"answer[2]\" name=\"answer[1]\" value=\"2\"><span class=\"basic-text\" style=\"color: #000000; font-size: 14px; font-weight: normal;\">Medio - Soy cauto, pero no desconf\u00edo fundamentalmente<\/span><\/label><\/div><\/li><li class=\"basic-answer\" style=\"padding:0px 0px;\" data-id=\"3\" data-type=\"text\" data-vn=\"53\" data-color=\"#000000\" data-make-link=\"no\" data-link=\"\"><div class=\"basic-answer-content basic-text-vertical\"><label for=\"answer[3]\" class=\"basic-answer-label\"><input type=\"radio\" id=\"answer[3]\" name=\"answer[1]\" value=\"3\"><span class=\"basic-text\" style=\"color: #000000; font-size: 14px; font-weight: normal;\">Bajo - Compruebo muchas cosas yo mismo<\/span><\/label><\/div><\/li><li class=\"basic-answer\" style=\"padding:0px 0px;\" data-id=\"4\" data-type=\"text\" data-vn=\"250\" data-color=\"#000000\" data-make-link=\"no\" data-link=\"\"><div class=\"basic-answer-content basic-text-vertical\"><label for=\"answer[4]\" class=\"basic-answer-label\"><input type=\"radio\" id=\"answer[4]\" name=\"answer[1]\" value=\"4\"><span class=\"basic-text\" style=\"color: #000000; font-size: 14px; font-weight: normal;\">Apenas existe - creo que mucho es velado o escenificado<\/span><\/label><\/div><\/li><\/ul><\/div><div class=\"clearfix\"><\/div><\/div><div class=\"basic-vote\"><a href=\"#\" class=\"button basic-vote-button\" role=\"button\" style=\"background:#027bb8; border:0px; border-style: solid; border-color:#1636f0; border-radius:5px; padding:10px 10px; color:#ffffff; font-size:14px; font-weight:normal;\">Vote<\/a><\/div><input type=\"hidden\" name=\"trp-form-language\" value=\"es\"\/><\/form><\/div><\/div><\/div><\/div>\n\t\t\t\t\t\t<\/div>\n<hr \/>\n<h3>Europa se enfrenta a una decisi\u00f3n: cooperaci\u00f3n o desconfianza<\/h3>\n<p>Desde la perspectiva de la teor\u00eda de juegos, Europa se encontraba en 2001 en la cl\u00e1sica \u201eposici\u00f3n anudada\u201c de un \u00e1rbol estrat\u00e9gico. Dos ramas estaban abiertas:<\/p>\n<ol>\n<li><strong>V\u00eda A: Cooperaci\u00f3n<\/strong><br \/>\n- Rusia como socio energ\u00e9tico<br \/>\n- Espacio econ\u00f3mico compartido<br \/>\n- pol\u00edtica com\u00fan de seguridad<br \/>\n- Relajaci\u00f3n y fomento de la confianza<\/li>\n<li><strong>V\u00eda B: Desconfianza<\/strong><br \/>\n- distancia geopol\u00edtica<br \/>\n- Las ampliaciones de la OTAN como se\u00f1al de cautela<br \/>\n- Incertidumbre estructural<br \/>\n- Posibles l\u00edneas de escalada<\/li>\n<\/ol>\n<p>Ambas decisiones pod\u00edan justificarse racionalmente en su momento. Pero condujeron a futuros completamente distintos. La teor\u00eda de juegos nos obliga a darnos cuenta de algo inc\u00f3modo: no es la \u201eintenci\u00f3n\u201c lo que determina el curso de la historia, sino la elecci\u00f3n del camino.<\/p>\n<ul>\n<li>Si la decisi\u00f3n es favorable a la cooperaci\u00f3n <strong>Espirales de cooperaci\u00f3n<\/strong>.<\/li>\n<li>Si se opta por la desconfianza, el resultado es <strong>Espirales de desconfianza<\/strong>.<\/li>\n<\/ul>\n<p>En 2001 se enviaron las primeras peque\u00f1as se\u00f1ales, que m\u00e1s tarde se convirtieron en patrones dominantes.<\/p>\n<h3>Por qu\u00e9 este a\u00f1o es el punto de partida adecuado para nuestro an\u00e1lisis<\/h3>\n<p>2001 es el punto de partida perfecto porque las condiciones eran excepcionalmente claras:<\/p>\n<ul>\n<li>Rusia era estable, pero abierta a la integraci\u00f3n.<\/li>\n<li>Europa era econ\u00f3micamente fuerte y pol\u00edticamente soberana.<\/li>\n<li>La simbiosis de la pol\u00edtica energ\u00e9tica era evidente.<\/li>\n<li>La situaci\u00f3n de seguridad era m\u00e1s tranquila que en ning\u00fan otro momento desde entonces.<\/li>\n<\/ul>\n<p>En otras palabras, la situaci\u00f3n inicial era ideal para la cooperaci\u00f3n, pero lo suficientemente abierta como para que tambi\u00e9n fuera posible la desconfianza. En la teor\u00eda de juegos, estos momentos se denominan \u201epuntos de camino altamente sensibles\u201c: peque\u00f1as decisiones crean grandes diferencias posteriores. Y precisamente por eso, a partir del pr\u00f3ximo cap\u00edtulo nos ocuparemos de los dos caminos decidibles:<\/p>\n<ul>\n<li>el camino cooperativo que nunca se tom\u00f3,<\/li>\n<li>y el camino sospechoso que se hizo realidad.<\/li>\n<\/ul>\n<p><img loading=\"lazy\" decoding=\"async\" class=\"alignnone wp-image-3938 size-large\" src=\"https:\/\/www.markus-schall.de\/wp-content\/uploads\/europa-russland-spieltheorie-zeitlinie.jpg\" alt=\"Cronolog\u00eda desde 2001\" width=\"1024\" height=\"683\" srcset=\"https:\/\/www.markus-schall.de\/wp-content\/uploads\/europa-russland-spieltheorie-zeitlinie.jpg 1024w, https:\/\/www.markus-schall.de\/wp-content\/uploads\/europa-russland-spieltheorie-zeitlinie-300x200.jpg 300w, https:\/\/www.markus-schall.de\/wp-content\/uploads\/europa-russland-spieltheorie-zeitlinie-768x512.jpg 768w, https:\/\/www.markus-schall.de\/wp-content\/uploads\/europa-russland-spieltheorie-zeitlinie-18x12.jpg 18w\" sizes=\"auto, (max-width: 1024px) 100vw, 1024px\" \/><\/p>\n<h2>\u00c1rbol de decisi\u00f3n A: Qu\u00e9 habr\u00eda significado la cooperaci\u00f3n<\/h2>\n<p>Cuando se trabaja con la teor\u00eda de juegos, siempre se empieza por considerar las alternativas como v\u00edas de decisi\u00f3n en toda regla, no como ilusiones, sino como posibilidades leg\u00edtimas dentro del mismo estado inicial.<\/p>\n<p>La idea de que Europa y Rusia hab\u00edan emprendido un camino estable de cooperaci\u00f3n en 2001 no es una fantas\u00eda rom\u00e1ntica, sino una de las opciones realistas que se debatieron seriamente en aquel momento. Muchos estrategas, economistas y diplom\u00e1ticos ve\u00edan en una estrecha asociaci\u00f3n un complemento racional para dos \u00e1reas complementarias: la industria de Europa y los recursos de Rusia.<\/p>\n<p>\u00bfQu\u00e9 se deduce de esto? No fantas\u00eda, sino l\u00f3gica sobria. Por tanto, describo este camino como lo analizar\u00eda un estratega: como una cadena de consecuencias que se sigue de causas conocidas.<\/p>\n<h3>La energ\u00eda como base de un espacio com\u00fan de prosperidad<\/h3>\n<p>En la v\u00eda de la cooperaci\u00f3n, Nord Stream 1 y 2 no se habr\u00edan convertido en l\u00edneas de fractura pol\u00edticas, sino en pilares infraestructurales de una asociaci\u00f3n energ\u00e9tica que durar\u00eda d\u00e9cadas. Europa lo habr\u00eda conseguido:<\/p>\n<ul>\n<li>precios de la energ\u00eda estables y previsibles,<\/li>\n<li>una base fiable a largo plazo para la industria,<\/li>\n<li>y una ventaja geopol\u00edtica de independencia de los mercados mundiales al contado.<\/li>\n<\/ul>\n<p>La energ\u00eda nunca es s\u00f3lo una materia prima. La energ\u00eda marca el ritmo de los ciclos industriales. Si Europa hubiera elegido este camino, los 20 a\u00f1os siguientes habr\u00edan sido mucho m\u00e1s tranquilos desde el punto de vista econ\u00f3mico. La industria tradicional europea habr\u00eda mantenido su ritmo.<\/p>\n<p>Con unos precios de la energ\u00eda bajos y predecibles, las industrias intensivas en energ\u00eda -qu\u00edmica, siderurgia, ingenier\u00eda mec\u00e1nica, aluminio, vidrio, cer\u00e1mica- habr\u00edan permanecido en Europa. No se habr\u00edan trasladado a Estados Unidos o Asia bajo la presi\u00f3n de los costes. El resultado habr\u00eda sido una estabilidad que los economistas europeos echan mucho de menos hoy: la continuidad de la creaci\u00f3n de valor industrial.<\/p>\n<h3>Europa como contrapeso econ\u00f3mico a EE.UU. y China<\/h3>\n<p>En este escenario, Europa no formar\u00eda parte autom\u00e1ticamente de la estrategia estadounidense, sino que habr\u00eda asumido un papel independiente: como polo econ\u00f3mico entre Estados Unidos y China, apoyado por una estrecha cooperaci\u00f3n con Rusia.<\/p>\n<ul>\n<li>Europa habr\u00eda seguido benefici\u00e1ndose de la tecnolog\u00eda estadounidense,<\/li>\n<li>Al mismo tiempo, se utiliza energ\u00eda barata procedente de Rusia,<\/li>\n<li>y moverse con m\u00e1s libertad en la competencia mundial.<\/li>\n<\/ul>\n<p>Este tri\u00e1ngulo estrat\u00e9gico habr\u00eda dotado a Europa de una solidez hoy casi inimaginable.<\/p>\n<h3>Autonom\u00eda geopol\u00edtica gracias a la fortaleza econ\u00f3mica<\/h3>\n<p>La fortaleza econ\u00f3mica genera libertad de acci\u00f3n en pol\u00edtica exterior. Una Europa que no est\u00e9 sometida a una presi\u00f3n energ\u00e9tica y productiva permanente debe tomar decisiones no por miedo, sino desde una posici\u00f3n de soberan\u00eda.<\/p>\n<p>Por lo tanto, la cooperaci\u00f3n con Rusia no habr\u00eda significado convertirse en dependiente de Rusia; al contrario, habr\u00eda significado mantenerse lo suficientemente fuerte econ\u00f3micamente como para evitar que surgiera la dependencia en primer lugar.<\/p>\n<h3>Ucrania como Estado neutral<\/h3>\n<p>En una relaci\u00f3n de cooperaci\u00f3n entre Europa y Rusia, lo m\u00e1s probable es que Ucrania se hubiera mantenido en una posici\u00f3n neutral, similar a la de Finlandia durante la Guerra Fr\u00eda:<\/p>\n<ul>\n<li>no pertenencia a la OTAN,<\/li>\n<li>ninguna pol\u00edtica rusa de influencia por medios militares,<\/li>\n<li>relaciones econ\u00f3micas estables tanto con Occidente como con Oriente.<\/li>\n<\/ul>\n<p>En la teor\u00eda de juegos, la neutralidad suele ser la forma m\u00e1s estable de existencia estatal entre dos bloques de poder.<\/p>\n<h3>Sin espiral de escalada<\/h3>\n<p>Sin el enfrentamiento de fondo, ni Rusia habr\u00eda visto una amenaza a su seguridad, ni Occidente habr\u00eda visto a Ucrania como un \u201eEstado de primera l\u00ednea\u201c geopol\u00edtica.M \u00e1s a\u00fan, el potencial de conflicto habr\u00eda seguido siendo estructuralmente peque\u00f1o.<\/p>\n<p>Sin guerras, sin sanciones, sin sobresaltos: una Europa en continuidad.<\/p>\n<p>El punto m\u00e1s importante: la v\u00eda de la escalada no habr\u00eda surgido en primer lugar. En una v\u00eda de cooperaci\u00f3n estable, la guerra no tendr\u00eda que \u201eprevenirse\u201c, simplemente no surgir\u00eda racionalmente porque no existir\u00edan las estructuras de incentivos para la escalada.<\/p>\n<p>As\u00ed es el pensamiento de la teor\u00eda de juegos: No es la moralidad la que evita los conflictos, sino la incentivaci\u00f3n correcta.<\/p>\n<h3>Consecuencias para Europa<\/h3>\n<p>Sin guerra ni sanciones, los \u00faltimos a\u00f1os en Europa se habr\u00edan caracterizado por la calma:<\/p>\n<ul>\n<li>ninguna explosi\u00f3n del precio de la energ\u00eda,<\/li>\n<li>no a la desindustrializaci\u00f3n,<\/li>\n<li>Ning\u00fan cambio estructural forzado,<\/li>\n<li>menos salida de riqueza hacia otras regiones del mundo,<\/li>\n<li>menos armamento militar,<\/li>\n<li>Ninguna oleada de deuda p\u00fablica.<\/li>\n<\/ul>\n<p>Es inmediatamente reconocible hasta qu\u00e9 punto una \u00fanica v\u00eda estrat\u00e9gica influye en la realidad econ\u00f3mica y pol\u00edtica de todo un continente.<\/p>\n<h3>El factor humano<\/h3>\n<p>En este escenario alternativo, Europa tendr\u00eda hoy:<\/p>\n<ul>\n<li>sin cientos de miles de v\u00edctimas de guerra en sus fronteras,<\/li>\n<li>ninguna afluencia masiva de refugiados,<\/li>\n<li>No hay familias rotas en el frente.<\/li>\n<\/ul>\n<p>No se trata de juicios, sino de las consecuencias l\u00f3gicas de una v\u00eda de escalada que no se habr\u00eda tomado en el escenario de cooperaci\u00f3n.<\/p>\n<h3>Europa en 2025 por la senda de la cooperaci\u00f3n<\/h3>\n<p>En 2025, Europa ser\u00eda un continente econ\u00f3micamente consistente que podr\u00eda conservar su n\u00facleo industrial y mantener estables sus sistemas de seguridad social. El panorama pol\u00edtico estar\u00eda menos polarizado y el ambiente social menos tenso.<\/p>\n<blockquote><p>En resumen, ser\u00eda una Europa fiel a s\u00ed misma.<\/p><\/blockquote>\n<p>Con una base energ\u00e9tica e industrial a sus espaldas, Europa habr\u00eda tenido libertad para planificar las grandes cuestiones de futuro -digitalizaci\u00f3n, educaci\u00f3n, infraestructuras, investigaci\u00f3n- sin un cuerpo de bomberos de crisis. Este es quiz\u00e1 el punto m\u00e1s importante de todo este cap\u00edtulo:<\/p>\n<p>La cooperaci\u00f3n crea calma estrat\u00e9gica. Y la calma estrat\u00e9gica es el activo m\u00e1s valioso de un continente que se nutre de la estabilidad industrial.<\/p>\n<h3>Por qu\u00e9 este escenario no es idealizado, sino l\u00f3gico<\/h3>\n<p>Es f\u00e1cil malinterpretar este cap\u00edtulo como un flashback nost\u00e1lgico. De hecho, es todo lo contrario: es pura l\u00f3gica. Si eliges un camino de cooperaci\u00f3n en 2001, es lo que sigue:<\/p>\n<ul>\n<li>precios estables,<\/li>\n<li>estructuras estables,<\/li>\n<li>pol\u00edtica estable,<\/li>\n<li>sociedades estables.<\/li>\n<\/ul>\n<p>Esto no es una ilusi\u00f3n, sino exactamente lo que ense\u00f1a la teor\u00eda de juegos:<\/p>\n<ul>\n<li>La cooperaci\u00f3n se recompensa a s\u00ed misma.<\/li>\n<li>La desconfianza se castiga a s\u00ed misma.<\/li>\n<\/ul>\n<p>Por lo tanto, este cap\u00edtulo no muestra lo que habr\u00eda sido \u201em\u00e1s bonito\u201c, sino lo que habr\u00eda sido posible de forma realista sobre la misma base de toma de decisiones. Otro ejemplo de din\u00e1mica similar es el conflicto entre China, Taiw\u00e1n y EE.UU., que el Prof. Dr. Rieck muestra en el siguiente v\u00eddeo desde la perspectiva de la teor\u00eda de juegos:<\/p>\n<div class=\"lyte-wrapper\" style=\"width:640px;max-width:100%;margin:5px;\"><div class=\"lyMe\" id=\"WYL_ZFuMmGH3NtM\"><div id=\"lyte_ZFuMmGH3NtM\" data-src=\"https:\/\/www.markus-schall.de\/wp-content\/plugins\/wp-youtube-lyte\/lyteCache.php?origThumbUrl=%2F%2Fi.ytimg.com%2Fvi%2FZFuMmGH3NtM%2Fhqdefault.jpg\" class=\"pL\"><div class=\"tC\"><div class=\"tT\"><\/div><\/div><div class=\"play\"><\/div><div class=\"ctrl\"><div class=\"Lctrl\"><\/div><div class=\"Rctrl\"><\/div><\/div><\/div><noscript><a href=\"https:\/\/youtu.be\/ZFuMmGH3NtM\" rel=\"nofollow noopener\" target=\"_blank\"><img loading=\"lazy\" decoding=\"async\" src=\"https:\/\/www.markus-schall.de\/wp-content\/plugins\/wp-youtube-lyte\/lyteCache.php?origThumbUrl=https%3A%2F%2Fi.ytimg.com%2Fvi%2FZFuMmGH3NtM%2F0.jpg\" alt=\"Miniatura de v\u00eddeo de YouTube\" width=\"640\" height=\"340\" \/><br \/>Ver este v\u00eddeo en YouTube<\/a><\/noscript><\/div><\/div><div class=\"lL\" style=\"max-width:100%;width:640px;margin:5px;\"><\/div><br \/>\n\u00bfDe camino a la guerra? Las estrategias del conflicto de Taiw\u00e1n | <a href=\"https:\/\/www.youtube.com\/@ProfRieck\" target=\"_blank\" rel=\"noopener\">Prof. Dr. Christian Rieck<\/a><\/p>\n<h2>\u00c1rbol de decisi\u00f3n B: El camino real de la desconfianza<\/h2>\n<p>El curso real de los acontecimientos desde 2001 no se ha caracterizado por ambiciones agresivas o un deseo deliberado de escalada, sino por algo mucho menos espectacular: la cautela institucional. Muchos responsables pol\u00edticos de Europa y Estados Unidos interpretaron a Rusia desde finales de los a\u00f1os noventa no como un socio fiable, sino como una fuente potencial de inseguridad.<\/p>\n<p>Esta actitud no era un grito de confrontaci\u00f3n, sino m\u00e1s bien un tranquilo e indeciso \u201eNo sabemos exactamente ad\u00f3nde va esto\u201c.\u201c<br \/>\nDesde el punto de vista de la teor\u00eda de juegos, \u00e9ste es el inicio cl\u00e1sico de una espiral de desconfianza:<\/p>\n<p>El primer paso no es agresivo: es defensivo. Y ah\u00ed radica el problema.<\/p>\n<h3>Las ampliaciones orientales de la OTAN: Diferentes lecturas de una misma se\u00f1al<\/h3>\n<p><strong>Desde una perspectiva occidental: estabilizaci\u00f3n y garant\u00eda de seguridad<\/strong><\/p>\n<p>Para muchos pa\u00edses europeos, la ampliaci\u00f3n de la OTAN hacia el este parec\u00eda un paso l\u00f3gico: aseguraba democracias j\u00f3venes. Pretend\u00eda calmar l\u00edneas hist\u00f3ricas de conflicto. Y se ve\u00eda puramente como una medida de defensa. Occidente interpret\u00f3 la ampliaci\u00f3n como una promesa de seguridad, no como una amenaza.<\/p>\n<p><strong>Desde la perspectiva rusa: un espacio cada vez m\u00e1s estrecho<\/strong><\/p>\n<p>Rusia, por su parte, ley\u00f3 el mismo acontecimiento de forma diferente, una pauta que forma parte de la vida cotidiana en la teor\u00eda de juegos. Mientras Occidente hablaba de estabilizaci\u00f3n, Rusia ve\u00eda:<\/p>\n<ul>\n<li>la p\u00e9rdida de zonas tamp\u00f3n estrat\u00e9gicas,<\/li>\n<li>un movimiento de infraestructura militar hacia sus propias fronteras,<\/li>\n<li>y el debilitamiento de la profundidad de su propia pol\u00edtica de seguridad.<\/li>\n<\/ul>\n<p>Ambos eran racionales, pero no compatibles. Aqu\u00ed es exactamente donde empieza el dilema de la seguridad.<\/p>\n<h3>A\u00f1os 2004-2014: aumento de las tensiones e intensificaci\u00f3n de la desconfianza<\/h3>\n<p>Las primeras grietas abiertas aparecieron durante estos a\u00f1os:<\/p>\n<ul>\n<li>la Revoluci\u00f3n Naranja en Ucrania,<\/li>\n<li>Acusaciones mutuas sobre dependencias energ\u00e9ticas,<\/li>\n<li>polarizaci\u00f3n pol\u00edtica en los pa\u00edses de Europa del Este,<\/li>\n<li>la creciente presencia estadounidense en la regi\u00f3n.<\/li>\n<\/ul>\n<p>Estos acontecimientos no sol\u00edan ser malintencionados, pero alimentaban las interpretaciones. Cada bando interpretaba cada vez m\u00e1s las acciones del otro como mensajes estrat\u00e9gicos, ya no como acontecimientos internos.<\/p>\n<h3>Crimea 2014: el punto de inflexi\u00f3n<\/h3>\n<p>El conflicto sobre Crimea no fue el comienzo de las tensiones, sino el primer s\u00edntoma claro de una desconfianza ya creciente.<br \/>\nEuropa reaccion\u00f3 con sanciones, Rusia con una postura defensiva en pol\u00edtica de seguridad. La espiral de cooperaci\u00f3n que habr\u00eda sido posible en 2001 fue finalmente sustituida por una espiral de desconfianza.<\/p>\n<h3>Despu\u00e9s de 2014: una espiral que se refuerza a s\u00ed misma<\/h3>\n<p>Las sanciones son un instrumento cl\u00e1sico en las relaciones internacionales. Sin embargo, en t\u00e9rminos de teor\u00eda de juegos, son de doble filo: pretenden debilitar al adversario, pero al mismo tiempo refuerzan su desconfianza. Los a\u00f1os posteriores a 2014 se caracterizaron por:<\/p>\n<ul>\n<li>divergencia econ\u00f3mica creciente,<\/li>\n<li>La desvinculaci\u00f3n pol\u00edtica de Rusia con Europa,<\/li>\n<li>El acercamiento estrat\u00e9gico de Rusia a China,<\/li>\n<li>y la p\u00e9rdida de l\u00edneas econ\u00f3micas antes comunes.<\/li>\n<\/ul>\n<p>Europa perdi\u00f3 as\u00ed las mismas palancas que habr\u00edan permitido un futuro cooperativo.<\/p>\n<h3>Militarizaci\u00f3n del lenguaje y el simbolismo<\/h3>\n<p>Al mismo tiempo, la ret\u00f3rica militar creci\u00f3 en ambos bandos. No necesariamente a prop\u00f3sito, sino como resultado de la desconfianza estructural.<\/p>\n<p>Tan pronto como un bando se arma a la defensiva, el otro lo interpreta como una preparaci\u00f3n para el ataque: un patr\u00f3n cl\u00e1sico.<\/p>\n<h3>Escalada a partir de 2022: el momento en que la desconfianza marc\u00f3 el ritmo<\/h3>\n<p>La invasi\u00f3n rusa de Ucrania en 2022 no fue un hecho aislado, sino el punto final de un largo y desastroso desarrollo estructural. No se trata de una justificaci\u00f3n, sino de una observaci\u00f3n te\u00f3rica:<\/p>\n<p>Los conflictos suelen surgir sin que nadie se \u201eesfuerce\u201c realmente por ellos. Son la consecuencia l\u00f3gica de una escalada descontrolada.<\/p>\n<h3>La respuesta occidental: sanciones, armas, aislamiento<\/h3>\n<p>Europa y EE.UU. reaccionaron con:<\/p>\n<ul>\n<li>sanciones econ\u00f3micas masivas,<\/li>\n<li>Entrega de armas,<\/li>\n<li>desvinculaci\u00f3n pol\u00edtica,<\/li>\n<li>retiro diplom\u00e1tico.<\/li>\n<\/ul>\n<p>Esto hizo irreversible el camino de la desconfianza.<\/p>\n<h3>Consecuencias para Europa: energ\u00eda, industria, trastornos estructurales<\/h3>\n<p>Cuando se cort\u00f3 el suministro energ\u00e9tico ruso, Europa perdi\u00f3 los cimientos que hab\u00edan sostenido su fortaleza industrial durante d\u00e9cadas.<br \/>\nLas consecuencias eran inevitables:<\/p>\n<ul>\n<li>fuerte aumento de los precios de la energ\u00eda,<\/li>\n<li>Presi\u00f3n sobre las industrias que consumen mucha energ\u00eda,<\/li>\n<li>Deslocalizaci\u00f3n de la producci\u00f3n a pa\u00edses con costes m\u00e1s bajos,<\/li>\n<li>desindustrializaci\u00f3n acelerada en sectores concretos.<\/li>\n<\/ul>\n<p>No por una decisi\u00f3n pol\u00edtica equivocada, sino como consecuencia sist\u00e9mica de una trayectoria de desconfianza que ahora es imposible pasar por alto.<\/p>\n<h3>P\u00e9rdida de prosperidad como efecto estructural<\/h3>\n<p>Desde entonces, Europa ha estado sometida a una presi\u00f3n constante para adaptarse:<\/p>\n<ul>\n<li>disminuci\u00f3n de la competitividad,<\/li>\n<li>la creciente deuda nacional,<\/li>\n<li>escasa actividad inversora en el sector manufacturero,<\/li>\n<li>Migraci\u00f3n de empresas.<\/li>\n<\/ul>\n<p>Estos efectos no son puntas a corto plazo, sino los resultados a largo plazo de una v\u00eda de cooperaci\u00f3n perdida.<\/p>\n<h3>Consecuencias sociales: Polarizaci\u00f3n y crisis permanentes<\/h3>\n<p>La desconfianza no s\u00f3lo tiene un impacto internacional, sino que tambi\u00e9n se come su interior. Europa lleva a\u00f1os experiment\u00e1ndolo:<\/p>\n<ul>\n<li>un aumento de la polarizaci\u00f3n social,<\/li>\n<li>fragmentaci\u00f3n pol\u00edtica,<\/li>\n<li>un cansancio general ante las constantes crisis,<\/li>\n<li>un recalentamiento de los medios de comunicaci\u00f3n que produce constantemente nuevos temas de alarma.<\/li>\n<\/ul>\n<p>La p\u00e9rdida de la v\u00eda cooperativa es, por tanto, tambi\u00e9n una p\u00e9rdida de calma pol\u00edtica y social.<\/p>\n<h3>El n\u00facleo te\u00f3rico del juego: por qu\u00e9 este camino se hizo tan estable<\/h3>\n<p>El camino real no se tom\u00f3 porque fuera el \u201emejor\u201c, sino porque se convirti\u00f3 en una estructura autosostenible tras las primeras se\u00f1ales sospechosas. En teor\u00eda de juegos, esto se denomina bloqueo mediante estabilizaci\u00f3n de expectativas:<\/p>\n<p>En cuanto ambas partes clasifican el comportamiento de la otra como permanentemente desconfiado, toda la l\u00f3gica de las acciones cambia. La cooperaci\u00f3n se vuelve arriesgada, la desconfianza se vuelve racional. Y es precisamente este mecanismo el que ha caracterizado las relaciones europeo-rusas durante m\u00e1s de dos d\u00e9cadas.<\/p>\n<h3>Comparaci\u00f3n de ambos \u00e1rboles de decisi\u00f3n<\/h3>\n<div style=\"overflow-x: auto;\">\n<table>\n<thead style=\"background-color: #f2f2f2;\">\n<tr>\n<th>Caracter\u00edstica<\/th>\n<th>A - Cooperaci\u00f3n<\/th>\n<th>B - Desconfianza (camino real)<\/th>\n<\/tr>\n<\/thead>\n<tbody>\n<tr>\n<td><strong>Suministro de energ\u00eda<\/strong><\/td>\n<td>Cooperaci\u00f3n estable y a largo plazo con Rusia; Nord Stream 1 y 2 como infraestructuras fiables; precios de la energ\u00eda bajos y previsibles.<\/td>\n<td>Cancelaci\u00f3n de la cooperaci\u00f3n energ\u00e9tica; incertidumbre masiva en los mercados de la energ\u00eda; precios de la energ\u00eda bruscamente crecientes y vol\u00e1tiles.<\/td>\n<\/tr>\n<tr>\n<td><strong>La base industrial de Europa<\/strong><\/td>\n<td>Preservaci\u00f3n de la industria intensiva en energ\u00eda en Europa; cadenas de producci\u00f3n estables; alta competitividad en el sector manufacturero.<\/td>\n<td>Presi\u00f3n sobre las industrias que consumen mucha energ\u00eda; deslocalizaci\u00f3n de la producci\u00f3n a otras regiones del mundo; desindustrializaci\u00f3n incipiente en sectores concretos.<\/td>\n<\/tr>\n<tr>\n<td><strong>Desarrollo macroecon\u00f3mico<\/strong><\/td>\n<td>Crecimiento continuo, ciclos de inversi\u00f3n previsibles, presupuestos nacionales s\u00f3lidos; menos intervenciones de crisis necesarias.<\/td>\n<td>Periodos de recesi\u00f3n, aumento de la deuda nacional, programas de crisis permanentes; reticencia a invertir en sectores clave.<\/td>\n<\/tr>\n<tr>\n<td><strong>El papel geopol\u00edtico de Europa<\/strong><\/td>\n<td>Polo econ\u00f3mico independiente entre Estados Unidos y China; mayor autonom\u00eda estrat\u00e9gica gracias a una industria fuerte y una energ\u00eda segura.<\/td>\n<td>Dependencia creciente de los garantes exteriores de energ\u00eda y seguridad; margen de maniobra limitado en pol\u00edtica exterior.<\/td>\n<\/tr>\n<tr>\n<td><strong>Ucrania<\/strong><\/td>\n<td>Estado tamp\u00f3n neutral basado en el \u201emodelo Finlandia\u201c; v\u00ednculos econ\u00f3micos con Oriente y Occidente; bajo potencial de escalada.<\/td>\n<td>Estado en primera l\u00ednea de un conflicto de bloques; centro de gravedad militar; da\u00f1os masivos de guerra y destrucci\u00f3n en su propio pa\u00eds.<\/td>\n<\/tr>\n<tr>\n<td><strong>Pol\u00edtica de seguridad<\/strong><\/td>\n<td>Arquitectura de seguridad cooperativa con Rusia; reducci\u00f3n de la percepci\u00f3n de amenaza; militarizaci\u00f3n limitada.<\/td>\n<td>Expansi\u00f3n de la presencia de la OTAN en el Este; armamento creciente en ambas partes; percepci\u00f3n mutua como amenaza potencial.<\/td>\n<\/tr>\n<tr>\n<td><strong>Relaciones entre Rusia y Europa<\/strong><\/td>\n<td>Asociaci\u00f3n a largo plazo basada en la energ\u00eda, el comercio y la seguridad; creaci\u00f3n de confianza a lo largo de d\u00e9cadas.<\/td>\n<td>Aumento de la alienaci\u00f3n; desvinculaci\u00f3n econ\u00f3mica, pol\u00edtica y militar; consolidaci\u00f3n de los estereotipos del enemigo.<\/td>\n<\/tr>\n<tr>\n<td><strong>Sanciones y contramedidas<\/strong><\/td>\n<td>No son necesarias sanciones estructurales; los conflictos se resuelven principalmente por v\u00eda diplom\u00e1tica; la interdependencia como factor estabilizador.<\/td>\n<td>Amplios paquetes de sanciones contra Rusia; contrasanciones y reorientaci\u00f3n de los flujos comerciales; p\u00e9rdida de confianza a largo plazo.<\/td>\n<\/tr>\n<tr>\n<td><strong>Humor social en Europa<\/strong><\/td>\n<td>M\u00e1s calma y previsibilidad; menos comunicaci\u00f3n constante de crisis; menos polarizaci\u00f3n en la pol\u00edtica interior.<\/td>\n<td>Cansancio creciente debido al modo de crisis; divisi\u00f3n pol\u00edtica cada vez mayor; mayor polarizaci\u00f3n entre el \u201epensamiento de campo\u201c.<\/td>\n<\/tr>\n<tr>\n<td><strong>Marco medi\u00e1tico<\/strong><\/td>\n<td>La pol\u00edtica exterior se presenta m\u00e1s como una estrategia a largo plazo; hay espacio para an\u00e1lisis y escenarios diferenciados.<\/td>\n<td>Reportajes orientados al conflicto; fuerte emocionalizaci\u00f3n; simplificaci\u00f3n de contextos complejos en narrativas de amigos\/enemigos.<\/td>\n<\/tr>\n<tr>\n<td><strong>Dimensi\u00f3n militar<\/strong><\/td>\n<td>Rearme limitado; centrarse en la diplomacia, las relaciones comerciales y la pol\u00edtica de seguridad com\u00fan.<\/td>\n<td>Armamento y militarizaci\u00f3n de muchos debates; aumento del gasto en defensa; transferencia de recursos pol\u00edticos al sector de la seguridad.<\/td>\n<\/tr>\n<tr>\n<td><strong>Perspectiva estrat\u00e9gica a largo plazo<\/strong><\/td>\n<td>Espiral de cooperaci\u00f3n: la confianza genera m\u00e1s cooperaci\u00f3n; estabilidad a largo plazo como estado normal.<\/td>\n<td>Espiral de desconfianza: cada parte espera lo peor de la otra; el conflicto y las evasivas se convierten en la norma.<\/td>\n<\/tr>\n<tr>\n<td><strong>Personas y realidades de la vida<\/strong><\/td>\n<td>Ning\u00fan acto de guerra en Europa entre Rusia y Ucrania; ning\u00fan desplazamiento masivo; menos traumas.<\/td>\n<td>Cientos de miles de muertos y heridos, corrientes de desplazados, ciudades destruidas; traumas duraderos para ambas sociedades.<\/td>\n<\/tr>\n<\/tbody>\n<\/table>\n<\/div>\n<h2>El n\u00facleo de la teor\u00eda de juegos: c\u00f3mo la desconfianza destruye los sistemas<\/h2>\n<p>La desconfianza no es un sentimiento, es un principio estructural. En el lenguaje cotidiano, la desconfianza parece un fen\u00f3meno emocional. Sin embargo, en la teor\u00eda de juegos, la desconfianza es un estado racional que surge cuando dos jugadores ya no pueden confiar en que la cooperaci\u00f3n ser\u00e1 rec\u00edproca. No es una cuesti\u00f3n de moralidad, sino de expectativas. La din\u00e1mica es sencilla y devastadora al mismo tiempo:<\/p>\n<ul>\n<li>Los que esperan confianza act\u00faan de forma cooperativa.<\/li>\n<li>Los que esperan desconfianza act\u00faan a la defensiva.<\/li>\n<li>Los que act\u00faan a la defensiva tambi\u00e9n son percibidos como sospechosos por sus hom\u00f3logos.<\/li>\n<\/ul>\n<p>Esto crea un ciclo que se alimenta de s\u00ed mismo. No porque una de las partes act\u00fae \u201emal\u201c, sino porque la estructura obliga a los implicados a dar precisamente estos pasos.<\/p>\n<h3>El dilema de la seguridad: cuando la defensa parece un ataque<\/h3>\n<p>El modelo m\u00e1s conocido que explica esta din\u00e1mica es el dilema de seguridad. Describe c\u00f3mo los Estados que en realidad s\u00f3lo quieren protegerse a s\u00ed mismos caen inevitablemente en percepciones de amenaza. La l\u00f3gica es aleccionadora:<\/p>\n<ul>\n<li>Un Estado refuerza su defensa.<\/li>\n<li>El vecino lo interpreta como una posible se\u00f1al de ataque.<\/li>\n<li>Tambi\u00e9n se est\u00e1 armando, no para amenazar, sino para evitar ser amenazado.<\/li>\n<li>Esta reacci\u00f3n, a su vez, parece confirmar al primer Estado su propia desconfianza.<\/li>\n<\/ul>\n<p>Los conflictos surgen casi autom\u00e1ticamente, no por agresi\u00f3n, sino por una mala interpretaci\u00f3n mutua de las medidas defensivas. Fue precisamente esta din\u00e1mica la que caracteriz\u00f3 la relaci\u00f3n ruso-europea despu\u00e9s de 2001. La cooperaci\u00f3n habr\u00eda sido posible, pero los primeros peque\u00f1os signos de cautela pusieron en marcha una estructura que dif\u00edcilmente podr\u00eda corregirse m\u00e1s adelante.<\/p>\n<h3>Espirales de desconfianza: Por qu\u00e9 son m\u00e1s fuertes que las espirales de cooperaci\u00f3n<\/h3>\n<p>La cooperaci\u00f3n es delicada. Es necesaria:<\/p>\n<ul>\n<li>condiciones marco estables,<\/li>\n<li>planificaci\u00f3n a largo plazo,<\/li>\n<li>se\u00f1ales rec\u00edprocas de buena voluntad.<\/li>\n<\/ul>\n<p>La desconfianza, en cambio, no necesita m\u00e1s que una \u00fanica se\u00f1al negativa que puede interpretarse correcta o incorrectamente. Por eso la desconfianza es estructuralmente m\u00e1s fuerte:<\/p>\n<ul>\n<li>Basta un error para destruir la confianza.<\/li>\n<li>Son necesarios muchos pasos correctos para reconstruirlo.<\/li>\n<li>Cada parte juzga los errores de la otra con m\u00e1s dureza que los propios.<\/li>\n<\/ul>\n<p>Y cuanto m\u00e1s se prolonga una espiral de desconfianza, m\u00e1s dif\u00edcil resulta el retorno. Esto es exactamente lo que ocurri\u00f3 en la relaci\u00f3n entre Europa y Rusia. No fue una ruptura planificada. Fue un autofortalecimiento que comenz\u00f3 a\u00f1os antes de 2014 y alcanz\u00f3 su punto \u00e1lgido en 2022.<\/p>\n<h3>El precio de la desconfianza: cuando los sistemas destruyen sus propios cimientos<\/h3>\n<p>En pol\u00edtica internacional, la desconfianza no es s\u00f3lo desagradable. Destruye estructuras reales:<\/p>\n<ul>\n<li>Interdependencia econ\u00f3mica<\/li>\n<li>Canales de di\u00e1logo pol\u00edtico<\/li>\n<li>Cooperaci\u00f3n tecnol\u00f3gica<\/li>\n<li>Estabilidad de la pol\u00edtica de seguridad<\/li>\n<\/ul>\n<p>Si un sistema se caracteriza persistentemente por la desconfianza, empieza a desintegrarse por sus bordes. Esto es exactamente lo que estamos viendo en Europa desde hace algunos a\u00f1os: Estructuras que han sido viables durante d\u00e9cadas est\u00e1n perdiendo estabilidad, no debido a ataques externos, sino a la l\u00f3gica interna de una escalada de desconfianza.<\/p>\n<hr \/>\n<h3>Encuesta actual sobre un posible caso de tensi\u00f3n<\/h3>\n<div class='bootstrap-yop yop-poll-mc'>\n\t\t\t\t\t\t\t<div class=\"basic-yop-poll-container\" style=\"background-color:#ffffff; border:0px; border-style:solid; border-color:#000000; border-radius:5px; padding:0px 5px;\" data-id=\"6\" data-temp=\"basic-pretty\" data-skin=\"square\" data-cscheme=\"blue\" data-cap=\"0\" data-access=\"guest\" data-tid=\"\" data-uid=\"9d36845bc445298f49d78d12e1b65c6e\" data-pid=\"2775\" data-resdet=\"votes-number,percentages\" data-show-results-to=\"guest\" data-show-results-moment=\"after-vote\" data-show-results-only=\"false\" data-show-message=\"true\" data-show-results-as=\"bar\" data-sort-results-by=\"as-defined\" data-sort-results-rule=\"asc\"data-is-ended=\"0\" data-percentages-decimals=\"2\" data-gdpr=\"no\" data-gdpr-sol=\"consent\" data-css=\".basic-yop-poll-container[data-uid] .basic-vote {\t\t\t\t\t\t\t\t\ttext-align: center;\t\t\t\t\t\t\t\t}\" data-counter=\"0\" data-load-with=\"1\" data-notification-section=\"top\"><div class=\"row\"><div class=\"col-md-12\"><div class=\"basic-inner\"><div class=\"basic-message hide\" style=\"border-left: 10px solid #008000; padding: 0px 10px;\" data-error=\"#ff0000\" data-success=\"#008000\"><p class=\"basic-message-text\" style=\"color:#000000; font-size:14px; font-weight:normal;\"><\/p><\/div><div class=\"basic-overlay hide\"><div class=\"basic-vote-options\"><\/div><div class=\"basic-preloader\"><div class=\"basic-windows8\"><div class=\"basic-wBall basic-wBall_1\"><div class=\"basic-wInnerBall\"><\/div><\/div><div class=\"basic-wBall basic-wBall_2\"><div class=\"basic-wInnerBall\"><\/div><\/div><div class=\"basic-wBall basic-wBall_3\"><div class=\"basic-wInnerBall\"><\/div><\/div><div class=\"basic-wBall basic-wBall_4\"><div class=\"basic-wInnerBall\"><\/div><\/div><div class=\"basic-wBall basic-wBall_5\"><div class=\"basic-wInnerBall\"><\/div><\/div><\/div><\/div><\/div><form class=\"basic-form\" action=\"\"><input type=\"hidden\" name=\"_token\" value=\"8af77bfe6b\" autocomplete=\"off\"><div class=\"basic-elements\"><div class=\"basic-element basic-question basic-question-text-vertical\" data-id=\"6\" data-uid=\"865890b1b45654e8c53949189e85070d\" data-type=\"question\" data-question-type=\"text\" data-required=\"yes\" data-allow-multiple=\"no\" data-min=\"1\" data-max=\"7\" data-display=\"vertical\" data-colnum=\"\" data-display-others=\"no\" data-others-color=\"\" data-others=\"\" data-others-max-chars=\"0\"><div class=\"basic-question-title\"><h5 style=\"color:#000000; font-size:16px; font-weight:normal; text-align:left;\">\u00bfEn qu\u00e9 medida se siente personalmente preparado para un posible caso de tensi\u00f3n (por ejemplo, crisis o guerra)?<\/h5><\/div><ul class=\"basic-answers\"><li class=\"basic-answer\" style=\"padding:0px 0px;\" data-id=\"24\" data-type=\"text\" data-vn=\"19\" data-color=\"#000000\" data-make-link=\"no\" data-link=\"\"><div class=\"basic-answer-content basic-text-vertical\"><label for=\"answer[24]\" class=\"basic-answer-label\"><input type=\"radio\" id=\"answer[24]\" name=\"answer[6]\" value=\"24\"><span class=\"basic-text\" style=\"color: #000000; font-size: 14px; font-weight: normal;\">Muy bien - Tengo suministros, conocimientos y un plan<\/span><\/label><\/div><\/li><li class=\"basic-answer\" style=\"padding:0px 0px;\" data-id=\"25\" data-type=\"text\" data-vn=\"36\" data-color=\"#000000\" data-make-link=\"no\" data-link=\"\"><div class=\"basic-answer-content basic-text-vertical\"><label for=\"answer[25]\" class=\"basic-answer-label\"><input type=\"radio\" id=\"answer[25]\" name=\"answer[6]\" value=\"25\"><span class=\"basic-text\" style=\"color: #000000; font-size: 14px; font-weight: normal;\">Bastante bueno - lo he pensado un poco<\/span><\/label><\/div><\/li><li class=\"basic-answer\" style=\"padding:0px 0px;\" data-id=\"26\" data-type=\"text\" data-vn=\"59\" data-color=\"#000000\" data-make-link=\"no\" data-link=\"\"><div class=\"basic-answer-content basic-text-vertical\"><label for=\"answer[26]\" class=\"basic-answer-label\"><input type=\"radio\" id=\"answer[26]\" name=\"answer[6]\" value=\"26\"><span class=\"basic-text\" style=\"color: #000000; font-size: 14px; font-weight: normal;\">Apenas - S\u00f3lo espero que no pase nada<\/span><\/label><\/div><\/li><li class=\"basic-answer\" style=\"padding:0px 0px;\" data-id=\"27\" data-type=\"text\" data-vn=\"13\" data-color=\"#000000\" data-make-link=\"no\" data-link=\"\"><div class=\"basic-answer-content basic-text-vertical\"><label for=\"answer[27]\" class=\"basic-answer-label\"><input type=\"radio\" id=\"answer[27]\" name=\"answer[6]\" value=\"27\"><span class=\"basic-text\" style=\"color: #000000; font-size: 14px; font-weight: normal;\">En absoluto - suprimo deliberadamente el tema<\/span><\/label><\/div><\/li><li class=\"basic-answer\" style=\"padding:0px 0px;\" data-id=\"28\" data-type=\"text\" data-vn=\"16\" data-color=\"#000000\" data-make-link=\"no\" data-link=\"\"><div class=\"basic-answer-content basic-text-vertical\"><label for=\"answer[28]\" class=\"basic-answer-label\"><input type=\"radio\" id=\"answer[28]\" name=\"answer[6]\" value=\"28\"><span class=\"basic-text\" style=\"color: #000000; font-size: 14px; font-weight: normal;\">\u00bfQu\u00e9 es una \"ca\u00edda de tensi\u00f3n\"?<\/span><\/label><\/div><\/li><\/ul><\/div><div class=\"clearfix\"><\/div><\/div><div class=\"basic-vote\"><a href=\"#\" class=\"button basic-vote-button\" role=\"button\" style=\"background:#027bb8; border:0px; border-style: solid; border-color:#000000; border-radius:5px; padding:10px 10px; color:#ffffff; font-size:14px; font-weight:normal;\">Vote<\/a><\/div><input type=\"hidden\" name=\"trp-form-language\" value=\"es\"\/><\/form><\/div><\/div><\/div><\/div>\n\t\t\t\t\t\t<\/div>\n<hr \/>\n<h3>Europa ha desaprovechado su oportunidad hist\u00f3rica de convertirse en un polo de poder independiente<\/h3>\n<p>Este es quiz\u00e1 el punto m\u00e1s importante de todo este art\u00edculo. Est\u00e1 exento de emotividad, pero es anal\u00edticamente significativo: Europa ten\u00eda una oportunidad \u00fanica de convertirse en un tercer polo de poder mundial. Las condiciones eran ideales:<\/p>\n<ul>\n<li>fortaleza econ\u00f3mica,<\/li>\n<li>peso pol\u00edtico,<\/li>\n<li>situaci\u00f3n geogr\u00e1fica,<\/li>\n<li>Acceso a fuentes de energ\u00eda estables,<\/li>\n<li>cooperaci\u00f3n potencial con Rusia como base oriental.<\/li>\n<\/ul>\n<p>Sin embargo, una Europa con precios energ\u00e9ticos permanentemente altos -y, por tanto, una industria estructuralmente debilitada- ya no puede cumplir este papel. No se trata de un juicio pol\u00edtico, sino de una consecuencia de la teor\u00eda de juegos:<\/p>\n<p>Si un actor pierde su recurso m\u00e1s importante (en este caso: energ\u00eda barata y estable), pierde su capacidad de actuar de forma independiente y estrat\u00e9gica. Durante d\u00e9cadas, Europa quiso ser un contrapeso de Estados Unidos y China.<\/p>\n<ul>\n<li>Pero sin fuerza industrial, no hay contrapeso.<\/li>\n<li>Y sin seguridad energ\u00e9tica, no hay fuerza industrial.<\/li>\n<\/ul>\n<p>Esto significa que la verdadera v\u00eda B no es s\u00f3lo una v\u00eda pol\u00edtica, sino una autorreducci\u00f3n estructural de Europa en el sistema internacional. En el lenguaje de la teor\u00eda de juegos, esto significa<\/p>\n<p>El continente ha pasado del papel de actor independiente al de actor que reacciona. No por mala voluntad. No por errores individuales. Sino por la consecuencia l\u00f3gica de un camino de desconfianza que destruye sus propios cimientos.<\/p>\n<h3>Por qu\u00e9 los sistemas se desmoronan bajo la desconfianza - y casi nunca regresan<\/h3>\n<p>La desconfianza no s\u00f3lo genera conflictos, sino tambi\u00e9n erosi\u00f3n estructural:<\/p>\n<ul>\n<li>Romper las cadenas de suministro,<\/li>\n<li>Desvincular las zonas comerciales,<\/li>\n<li>Las inversiones est\u00e1n migrando,<\/li>\n<li>La estabilidad pol\u00edtica est\u00e1 en declive,<\/li>\n<li>y la polarizaci\u00f3n social va en aumento.<\/li>\n<\/ul>\n<p>El factor decisivo: Cuanto m\u00e1s dure este entorno, m\u00e1s se adaptar\u00e1n las instituciones y los actores a la nueva situaci\u00f3n. La desconfianza se convierte en la norma. Desde la perspectiva de la teor\u00eda de juegos, esto significa que<\/p>\n<p>El sistema ha alcanzado un estado de equilibrio estable pero deficiente, el denominado <strong>\u201eEquilibrio de Nash del desacoplamiento\u201c<\/strong>. Estos equilibrios no pueden renegociarse sin m\u00e1s. Persisten porque cada parte cree que la otra no puede o no quiere volver al estado anterior.<\/p>\n<h3>La lecci\u00f3n de 25 a\u00f1os: La confianza es la materia prima m\u00e1s barata y la m\u00e1s valiosa.<\/h3>\n<p>Si se comparan los dos \u00e1rboles de decisi\u00f3n, una cosa queda clara:<\/p>\n<ul>\n<li><strong>Cooperaci\u00f3n<\/strong> genera prosperidad, estabilidad y autonom\u00eda estrat\u00e9gica.<\/li>\n<li><strong>Desconfianza<\/strong> crea incertidumbre, costes y dependencia estructural.<\/li>\n<\/ul>\n<p>Europa no fracas\u00f3 por culpa de un adversario. Fracas\u00f3 debido a una estructura de expectativas desajustada que socav\u00f3 sus propios cimientos. A fin de cuentas, \u00e9sta es la realizaci\u00f3n m\u00e1s importante de la teor\u00eda de juegos:<\/p>\n<p>La desconfianza no destruye los sistemas de forma espectacular, sino insidiosamente. Carcome la base hasta que un actor apenas puede actuar libremente. Y ah\u00ed es exactamente donde se encuentra Europa hoy.<\/p>\n<div class=\"lyte-wrapper\" style=\"width:640px;max-width:100%;margin:5px;\"><div class=\"lyMe\" id=\"WYL_nGc9xdwXB6I\"><div id=\"lyte_nGc9xdwXB6I\" data-src=\"https:\/\/www.markus-schall.de\/wp-content\/plugins\/wp-youtube-lyte\/lyteCache.php?origThumbUrl=%2F%2Fi.ytimg.com%2Fvi%2FnGc9xdwXB6I%2Fhqdefault.jpg\" class=\"pL\"><div class=\"tC\"><div class=\"tT\"><\/div><\/div><div class=\"play\"><\/div><div class=\"ctrl\"><div class=\"Lctrl\"><\/div><div class=\"Rctrl\"><\/div><\/div><\/div><noscript><a href=\"https:\/\/youtu.be\/nGc9xdwXB6I\" rel=\"nofollow noopener\" target=\"_blank\"><img loading=\"lazy\" decoding=\"async\" src=\"https:\/\/www.markus-schall.de\/wp-content\/plugins\/wp-youtube-lyte\/lyteCache.php?origThumbUrl=https%3A%2F%2Fi.ytimg.com%2Fvi%2FnGc9xdwXB6I%2F0.jpg\" alt=\"Miniatura de v\u00eddeo de YouTube\" width=\"640\" height=\"340\" \/><br \/>Ver este v\u00eddeo en YouTube<\/a><\/noscript><\/div><\/div><div class=\"lL\" style=\"max-width:100%;width:640px;margin:5px;\"><\/div><br \/>\nLas tropas de tierra de Macron: una estrategia de provocaci\u00f3n verbal | <a href=\"https:\/\/www.youtube.com\/@ProfRieck\" target=\"_blank\" rel=\"noopener\">Prof. Dr. Christian Rieck<\/a><\/p>\n<h2>El efecto aprendizaje: pensar como un estratega en un mundo ruidoso<\/h2>\n<p>La verdadera lecci\u00f3n de estos 25 a\u00f1os tiene menos que ver con la geopol\u00edtica que con los h\u00e1bitos de pensamiento. Antes se daba por descontado considerar alternativas:<\/p>\n<ul>\n<li>\u00bfY si decidimos otra cosa?<\/li>\n<li>\u00bfQu\u00e9 efectos tienen nuestros pasos en los dem\u00e1s?<\/li>\n<li>\u00bfC\u00f3mo ver\u00eda la situaci\u00f3n un observador neutral?<\/li>\n<\/ul>\n<p>Este pensamiento no es nuevo. Es antiguo, casi cl\u00e1sico. Los generales, diplom\u00e1ticos y estadistas de generaciones anteriores pensaban as\u00ed porque sab\u00edan que si s\u00f3lo conoces tu propia perspectiva, no entender\u00e1s el juego. Hoy en d\u00eda, esta t\u00e9cnica cultural se ha vuelto m\u00e1s rara. No porque la gente se haya vuelto m\u00e1s tonta, sino porque el entorno informativo se ha vuelto m\u00e1s agitado. Muchos se dejan arrastrar por las palabras de moda y las olas diarias de indignaci\u00f3n sin fijarse nunca en el nivel estructural en el que se producen realmente las decisiones pol\u00edticas. La teor\u00eda de juegos nos devuelve exactamente a eso:<\/p>\n<ul>\n<li>La vista para <strong>Alternativas<\/strong>.<\/li>\n<li>La vista para <strong>Consecuencias<\/strong>.<\/li>\n<li>La vista para <strong>Causa y efecto<\/strong>.<\/li>\n<\/ul>\n<h3>Por qu\u00e9 el campismo prematuro paraliza el pensamiento<\/h3>\n<p>Un segundo efecto de aprendizaje es igual de importante: nada bloquea m\u00e1s el pensamiento estrat\u00e9gico que la necesidad de tomar inmediatamente un \u201epartido\u201c. Pensar en t\u00e9rminos de bandos obliga a dar respuestas simples:<\/p>\n<ul>\n<li><em>\u201eLa culpa es de algunos\u201c.\u201c<\/em><\/li>\n<li><em>\u201eLos otros tienen raz\u00f3n\u201c.\u201c<\/em><\/li>\n<li><em>\u201eS\u00f3lo tenemos que posicionarnos correctamente\u201c.\u201c<\/em><\/li>\n<\/ul>\n<p>Pero los que piensan en t\u00e9rminos de campos ya no piensan en t\u00e9rminos de alternativas. Piensan en t\u00e9rminos de identidad. Y la identidad se come el an\u00e1lisis. S\u00f3lo te conviertes en estratega cuando aceptas que pueden existir varias verdades al mismo tiempo, porque varias perspectivas pueden ser racionales al mismo tiempo. Esto es exactamente lo que la teor\u00eda de juegos demuestra una y otra vez.<\/p>\n<h3>Vigilancia no significa desconfianza, sino claridad<\/h3>\n<p>La vigilancia no significa ver enemigos en todas partes. Tampoco significa refugiarse en visiones c\u00ednicas del mundo. La vigilancia significa algo mucho m\u00e1s realista:<\/p>\n<ul>\n<li>clasificar la informaci\u00f3n.<\/li>\n<li>reconocer estructuras.<\/li>\n<li>cuestionar las narrativas.<\/li>\n<li>No te apresures a adaptar tu propio punto de vista al estado de \u00e1nimo.<\/li>\n<\/ul>\n<p>Los vigilantes no se dejan llevar por las emociones, al menos no permanentemente. Asimilan la informaci\u00f3n, la analizan y se plantean la pregunta crucial:<\/p>\n<blockquote><p><em>\u201e\u00bfQu\u00e9 se deduce de esto?\u201c<\/em><\/p><\/blockquote>\n<p>Esa es la diferencia entre opini\u00f3n y an\u00e1lisis.<\/p>\n<h3>La actitud pr\u00e1ctica: sobria, abierta, paciente<\/h3>\n<p>La teor\u00eda de juegos nos ense\u00f1a algo que hoy nos parece casi anticuado: la paciencia. La cooperaci\u00f3n no se consigue con prisas, sino con se\u00f1ales constantes. La confianza no se construye con titulares, sino con decisiones serenas y coherentes.<\/p>\n<p>Y una buena pol\u00edtica no es el resultado de emociones a corto plazo, sino de consideraciones a largo plazo. Esta actitud no es espectacular, pero es eficaz. Uno no se convierte en mejor ciudadano porque se lo crea todo. Sino porque lo examinas todo.<\/p>\n<h3>La br\u00fajula personal: la cuesti\u00f3n de las alternativas<\/h3>\n<p>Si tuviera que reducir este art\u00edculo a una sola frase, ser\u00eda \u00e9sta:<\/p>\n<blockquote><p><em>\u201e\u00bfQu\u00e9 habr\u00eda pasado si hubi\u00e9ramos tomado una decisi\u00f3n diferente?\u201c.\u201c<\/em><\/p><\/blockquote>\n<p>Esta pregunta es una forma silenciosa pero poderosa de autodefensa contra cualquier forma de apropiaci\u00f3n mental. Te obliga a ver tu margen de maniobra en lugar de dejarte atrapar por el humor del d\u00eda.<\/p>\n<ul>\n<li>Te hace independiente.<\/li>\n<li>Ella lo deja claro.<\/li>\n<li>Y te hace resistente.<\/li>\n<\/ul>\n<p>Porque quienes pueden pensar alternativas no pueden ser manipulados.<\/p>\n<h3>El pensamiento estrat\u00e9gico como espacio seguro personal<\/h3>\n<p>Aunque el curso real de los acontecimientos desde 2001 ha hecho que se hayan perdido muchas oportunidades, no hay por qu\u00e9 sacar de ello una conclusi\u00f3n pesimista. Al contrario: la capacidad de reconocer estas estructuras es una ganancia para todo individuo. Quien comprende c\u00f3mo funciona la desconfianza no se deja llevar tan f\u00e1cilmente por el alarmismo. Quien reconoce c\u00f3mo funciona la cooperaci\u00f3n ve oportunidades donde otros s\u00f3lo ven frentes. Y los que han aprendido a pensar en alternativas conservan algo que hoy se ha vuelto raro:<\/p>\n<blockquote><p>soberan\u00eda interior.<\/p><\/blockquote>\n<p>Esto no s\u00f3lo te hace pol\u00edticamente m\u00e1s claro, sino tambi\u00e9n m\u00e1s tranquilo a nivel personal. Porque te das cuenta de que no son los titulares los que determinan tu propio pensamiento, sino tu propia capacidad para ver las conexiones. Y quiz\u00e1s ese sea el efecto de aprendizaje m\u00e1s importante de todo este art\u00edculo:<\/p>\n<p>El mundo es complejo, pero no incomprensible. Puedes penetrar en \u00e9l si te tomas el tiempo de pensar de forma estructurada. El primer paso es siempre el mismo:<\/p>\n<p>Plantee preguntas. Examine alternativas. Y nunca dejes de pensar por ti mismo.<\/p>\n<h2>Fuentes sobre teor\u00eda de juegos y desarrollo geopol\u00edtico<\/h2>\n<ul>\n<li><a href=\"https:\/\/amzn.eu\/d\/6JLTgFj\" target=\"_blank\" rel=\"noopener\"><b>Teor\u00eda de juegos: una introducci\u00f3n (Christian Rieck)<\/b><\/a><\/li>\n<li><a href=\"https:\/\/amzn.eu\/d\/9KF4yRK\" target=\"_blank\" rel=\"noopener\"><strong>Las 36 estratagemas de la crisis: triunfar cuando otros fracasan<\/strong><\/a><\/li>\n<li><a href=\"https:\/\/amzn.eu\/d\/50m7Zo5\" target=\"_blank\" rel=\"noopener\"><strong>C\u00f3mo ser m\u00e1s listo que t\u00fa mismo: convierte tu vida en un juego en el que siempre ganas.<\/strong><\/a><\/li>\n<li><a href=\"https:\/\/www.nato.int\/fr\/what-we-do\/partnerships-and-cooperation\/enlargement-and-article-10\" target=\"_blank\" rel=\"noopener\"><strong>P\u00e1gina oficial del archivo OTAN-OTAN: Ampliaciones desde 1999<\/strong><\/a><\/li>\n<li><a href=\"https:\/\/www.nato.int\/cps\/en\/natohq\/official_texts_25468.htm\" target=\"_blank\" rel=\"noopener\"><strong>Acta Fundacional OTAN-Rusia (1997)<\/strong><\/a><\/li>\n<li><a href=\"https:\/\/www.osce.org\/special-monitoring-mission-to-ukraine-closed\" target=\"_blank\" rel=\"noopener\"><strong>Informes de la Misi\u00f3n Especial de Observaci\u00f3n de la OSCE (2014-2022)<\/strong><\/a><\/li>\n<li><a href=\"https:\/\/www.rand.org\/pubs\/research_reports\/RR3063.html\" target=\"_blank\" rel=\"noopener\"><strong>RAND Corporation - \u201eSobreextender Rusia\u201c (2019)<\/strong><\/a><\/li>\n<li><strong><a href=\"https:\/\/www.crisisgroup.org\/europe-central-asia\" target=\"_blank\" rel=\"noopener\">International Crisis Group - Informes sobre Europa del Este<\/a><\/strong><\/li>\n<li><a href=\"https:\/\/economy-finance.ec.europa.eu\/economic-forecasts_en\" target=\"_blank\" rel=\"noopener\"><strong>\u201ePerspectivas de la econom\u00eda europea\u201d - Comisi\u00f3n de la UE<\/strong><\/a><\/li>\n<li><a href=\"https:\/\/www.frankfurt-university.de\/de\/hochschule\/fachbereich-3-wirtschaft-und-recht\/kontakt\/professor-innen\/christian-rieck\/\" target=\"_blank\" rel=\"noopener\"><strong>Prof. Dr. Christian Rieck en la Universidad de Fr\u00e1ncfort<\/strong><\/a><\/li>\n<\/ul>\n<hr \/>\n\n\t\t\t<div class=\"display-post-types\">\n\n\t\t\t\t\t\t\t<style type=\"text\/css\">\n\t\t\t#dpt-wrapper-62 { --dpt-text-align: left;--dpt-image-crop: center;--dpt-border-radius: 5px;--dpt-small-grid-column: 33.33%;--dpt-large-grid-column: 33.3333333333%;--dpt-h-gutter: 10px;--dpt-v-gutter: 10px; }\t\t\t<\/style>\n\t\t\t<style type=\"text\/css\">#dpt-wrapper-62 { --dpt-title-font-style:normal;--dpt-title-font-weight:600;--dpt-title-line-height:1.5;--dpt-title-text-decoration:none;--dpt-title-text-transform:none;--dpt-excerpt-font-style:normal;--dpt-excerpt-font-weight:400;--dpt-excerpt-line-height:1.5;--dpt-excerpt-text-decoration:none;--dpt-excerpt-text-transform:none;--dpt-meta1-font-style:normal;--dpt-meta1-font-weight:400;--dpt-meta1-line-height:1.9;--dpt-meta1-text-decoration:none;--dpt-meta1-text-transform:none;--dpt-meta2-font-style:normal;--dpt-meta2-font-weight:400;--dpt-meta2-line-height:1.9;--dpt-meta2-text-decoration:none;--dpt-meta2-text-transform:none; }<\/style><div class=\"dpt-main-header\">\n\t\t\t\t\t\t<div class=\"dpt-main-title\">\n\t\t\t\t\t\t\t<span class=\"dpt-main-title-text\">Art\u00edculos de actualidad sobre la legislaci\u00f3n de la UE<\/span>\n\t\t\t\t\t\t<\/div>\n\t\t\t\t\t\t\n\t\t\t\t\t\t\n\t\t\t\t\t\t\n\t\t\t\t\t\t<\/div>\t\t\t\n\t\t\t\t<div id=\"dpt-wrapper-62\" class=\"dpt-wrapper dpt-grid1 multi-col dpt-mason-wrap\" >\n\n\t\t\t\t\t\t\t\t\t\t\t<div class=\"dpt-entry has-thumbnail\" data-title=\"energie, macht und abh\u00e4ngigkeit: europas weg vom exportweltmeister zum nachfrager\" data-id=\"4945\"  data-category=\"allgemein gesellschaft\" data-post_tag=\"denkmodelle deutschland energiepolitik eu-gesetze europa geopolitik krisen meinungsfreiheit sicherheitspolitik\">\n\t\t\t\t\t\t\t<div class=\"dpt-entry-wrapper\"><div class=\"dpt-featured-content\"><div class=\"dpt-permalink\"><a href=\"https:\/\/www.markus-schall.de\/es\/2026\/02\/poder-y-dependencia-energeticos-la-transicion-de-europa-de-campeon-mundial-de-exportacion-a-consumidor\/\" class=\"dpt-permalink\"><span class=\"screen-reader-text\">Energ\u00eda, poder y dependencia: Europa pasa de ser campeona mundial de exportaci\u00f3n a consumidora<\/span><\/a><\/div><div class=\"dpt-thumbnail\"><div class=\"dpt-thumbnail-inner\"><img width=\"1024\" height=\"683\" class=\"attachment-full size-full\" alt=\"Europa y la energ\u00eda\" context=\"dpt\" data-dpt-src=\"https:\/\/www.markus-schall.de\/wp-content\/uploads\/Europa-Energie.jpg\" data-dpt-sizes=\"(max-width: 1024px) 100vw, 1024px\" data-dpt-srcset=\"https:\/\/www.markus-schall.de\/wp-content\/uploads\/Europa-Energie.jpg 1024w, https:\/\/www.markus-schall.de\/wp-content\/uploads\/Europa-Energie-300x200.jpg 300w, https:\/\/www.markus-schall.de\/wp-content\/uploads\/Europa-Energie-768x512.jpg 768w, https:\/\/www.markus-schall.de\/wp-content\/uploads\/Europa-Energie-18x12.jpg 18w\" \/><\/div><span class=\"dpt-thumbnail-aspect-ratio\" style=\"padding-top: 67%\"><\/span><\/div><\/div><div class=\"sub-entry\"><h3 class=\"dpt-title\"><a class=\"dpt-title-link\" href=\"https:\/\/www.markus-schall.de\/es\/2026\/02\/poder-y-dependencia-energeticos-la-transicion-de-europa-de-campeon-mundial-de-exportacion-a-consumidor\/\" rel=\"bookmark\">Energ\u00eda, poder y dependencia: Europa pasa de ser campeona mundial de exportaci\u00f3n a consumidora<\/a><\/h3><\/div><\/div>\n\t\t\t\t\t\t<\/div><!-- .dpt-entry -->\n\t\t\t\t\t\t\t\t\t\t\t\t<div class=\"dpt-entry has-thumbnail\" data-title=\"elektronische rechnungen im mittelstand: xrechnung, zugferd und erp im \u00dcberblick\" data-id=\"3135\"  data-category=\"apple macos filemaker &amp; erp\" data-post_tag=\"datenbanken erp-software eu-gesetze filemaker gfm-business prozesse\">\n\t\t\t\t\t\t\t<div class=\"dpt-entry-wrapper\"><div class=\"dpt-featured-content\"><div class=\"dpt-permalink\"><a href=\"https:\/\/www.markus-schall.de\/es\/2025\/10\/la-facturacion-electronica-en-las-pequenas-y-medianas-empresas-xrechnung-zugferd-y-erp-de-un-vistazo\/\" class=\"dpt-permalink\"><span class=\"screen-reader-text\">Facturas electr\u00f3nicas para PYME: XRechnung, ZUGFeRD y ERP de un vistazo<\/span><\/a><\/div><div class=\"dpt-thumbnail\"><div class=\"dpt-thumbnail-inner\"><img width=\"1024\" height=\"683\" class=\"attachment-full size-full\" alt=\"Visi\u00f3n general de la obligaci\u00f3n de expedir facturas electr\u00f3nicas\" context=\"dpt\" data-dpt-src=\"https:\/\/www.markus-schall.de\/wp-content\/uploads\/elektronische-rechnungen-erp.jpg\" data-dpt-sizes=\"(max-width: 1024px) 100vw, 1024px\" data-dpt-srcset=\"https:\/\/www.markus-schall.de\/wp-content\/uploads\/elektronische-rechnungen-erp.jpg 1024w, https:\/\/www.markus-schall.de\/wp-content\/uploads\/elektronische-rechnungen-erp-300x200.jpg 300w, https:\/\/www.markus-schall.de\/wp-content\/uploads\/elektronische-rechnungen-erp-768x512.jpg 768w, https:\/\/www.markus-schall.de\/wp-content\/uploads\/elektronische-rechnungen-erp-18x12.jpg 18w\" \/><\/div><span class=\"dpt-thumbnail-aspect-ratio\" style=\"padding-top: 67%\"><\/span><\/div><\/div><div class=\"sub-entry\"><h3 class=\"dpt-title\"><a class=\"dpt-title-link\" href=\"https:\/\/www.markus-schall.de\/es\/2025\/10\/la-facturacion-electronica-en-las-pequenas-y-medianas-empresas-xrechnung-zugferd-y-erp-de-un-vistazo\/\" rel=\"bookmark\">Facturas electr\u00f3nicas para PYME: XRechnung, ZUGFeRD y ERP de un vistazo<\/a><\/h3><\/div><\/div>\n\t\t\t\t\t\t<\/div><!-- .dpt-entry -->\n\t\t\t\t\t\t\t\t\t\t\t\t<div class=\"dpt-entry has-thumbnail\" data-title=\"digitales geld verstehen: bitcoin, stablecoins und cbdcs einfach erkl\u00e4rt\" data-id=\"4211\"  data-category=\"allgemein gesellschaft\" data-post_tag=\"datenschutz digitales eigentum eu-gesetze europa geopolitik spieltheorie\">\n\t\t\t\t\t\t\t<div class=\"dpt-entry-wrapper\"><div class=\"dpt-featured-content\"><div class=\"dpt-permalink\"><a href=\"https:\/\/www.markus-schall.de\/es\/2026\/01\/entender-el-dinero-digital-bitcoin-stablecoins-y-cbdcs-explicado-de-forma-sencilla\/\" class=\"dpt-permalink\"><span class=\"screen-reader-text\">Comprender el dinero digital: Bitcoin, stablecoins y CBDC explicados de forma sencilla<\/span><\/a><\/div><div class=\"dpt-thumbnail\"><div class=\"dpt-thumbnail-inner\"><img width=\"1024\" height=\"558\" class=\"attachment-full size-full\" alt=\"CBDC, criptomonedas y stablecoins\" context=\"dpt\" data-dpt-src=\"https:\/\/www.markus-schall.de\/wp-content\/uploads\/cbcd-kryptos-coins-tokens.jpg\" data-dpt-sizes=\"(max-width: 1024px) 100vw, 1024px\" data-dpt-srcset=\"https:\/\/www.markus-schall.de\/wp-content\/uploads\/cbcd-kryptos-coins-tokens.jpg 1024w, https:\/\/www.markus-schall.de\/wp-content\/uploads\/cbcd-kryptos-coins-tokens-300x163.jpg 300w, https:\/\/www.markus-schall.de\/wp-content\/uploads\/cbcd-kryptos-coins-tokens-768x419.jpg 768w, https:\/\/www.markus-schall.de\/wp-content\/uploads\/cbcd-kryptos-coins-tokens-18x10.jpg 18w\" \/><\/div><span class=\"dpt-thumbnail-aspect-ratio\" style=\"padding-top: 54%\"><\/span><\/div><\/div><div class=\"sub-entry\"><h3 class=\"dpt-title\"><a class=\"dpt-title-link\" href=\"https:\/\/www.markus-schall.de\/es\/2026\/01\/entender-el-dinero-digital-bitcoin-stablecoins-y-cbdcs-explicado-de-forma-sencilla\/\" rel=\"bookmark\">Comprender el dinero digital: Bitcoin, stablecoins y CBDC explicados de forma sencilla<\/a><\/h3><\/div><\/div>\n\t\t\t\t\t\t<\/div><!-- .dpt-entry -->\n\t\t\t\t\t\t\t\t\t\t\t\t<div class=\"dpt-entry has-thumbnail\" data-title=\"die elektronische patientenakte (epa) im faktencheck: risiken, rechte und widerspruch\" data-id=\"3412\"  data-category=\"gesellschaft gesundheit tipps &amp; anleitungen\" data-post_tag=\"datenschutz eu-gesetze gesundheit prozesse ratgeber\">\n\t\t\t\t\t\t\t<div class=\"dpt-entry-wrapper\"><div class=\"dpt-featured-content\"><div class=\"dpt-permalink\"><a href=\"https:\/\/www.markus-schall.de\/es\/2025\/11\/la-historia-clinica-electronica-epa-fact-check-riesgos-derechos-y-objeciones\/\" class=\"dpt-permalink\"><span class=\"screen-reader-text\">El expediente electr\u00f3nico del paciente: riesgos, derechos y objeciones<\/span><\/a><\/div><div class=\"dpt-thumbnail\"><div class=\"dpt-thumbnail-inner\"><img width=\"1024\" height=\"683\" class=\"attachment-full size-full\" alt=\"Todos los datos sobre el expediente electr\u00f3nico del paciente\" context=\"dpt\" data-dpt-src=\"https:\/\/www.markus-schall.de\/wp-content\/uploads\/Elektronische-Patientenakte.jpg\" data-dpt-sizes=\"(max-width: 1024px) 100vw, 1024px\" data-dpt-srcset=\"https:\/\/www.markus-schall.de\/wp-content\/uploads\/Elektronische-Patientenakte.jpg 1024w, https:\/\/www.markus-schall.de\/wp-content\/uploads\/Elektronische-Patientenakte-300x200.jpg 300w, https:\/\/www.markus-schall.de\/wp-content\/uploads\/Elektronische-Patientenakte-768x512.jpg 768w, https:\/\/www.markus-schall.de\/wp-content\/uploads\/Elektronische-Patientenakte-18x12.jpg 18w\" \/><\/div><span class=\"dpt-thumbnail-aspect-ratio\" style=\"padding-top: 67%\"><\/span><\/div><\/div><div class=\"sub-entry\"><h3 class=\"dpt-title\"><a class=\"dpt-title-link\" href=\"https:\/\/www.markus-schall.de\/es\/2025\/11\/la-historia-clinica-electronica-epa-fact-check-riesgos-derechos-y-objeciones\/\" rel=\"bookmark\">El expediente electr\u00f3nico del paciente: riesgos, derechos y objeciones<\/a><\/h3><\/div><\/div>\n\t\t\t\t\t\t<\/div><!-- .dpt-entry -->\n\t\t\t\t\t\t\t\t\t\t\t\t<div class=\"dpt-entry has-thumbnail\" data-title=\"europa zwischen meinungsfreiheit und regulierung: neues us-infoportal wirft fragen auf\" data-id=\"5102\"  data-category=\"allgemein gesellschaft\" data-post_tag=\"denkmodelle deutschland eu-gesetze europa geopolitik krisen meinungsfreiheit spieltheorie\">\n\t\t\t\t\t\t\t<div class=\"dpt-entry-wrapper\"><div class=\"dpt-featured-content\"><div class=\"dpt-permalink\"><a href=\"https:\/\/www.markus-schall.de\/es\/2026\/03\/europa-entre-la-libertad-de-expresion-y-la-regulacion-el-nuevo-portal-de-informacion-de-eeuu-plantea-interrogantes\/\" class=\"dpt-permalink\"><span class=\"screen-reader-text\">Europa entre la libertad de expresi\u00f3n y la regulaci\u00f3n: el nuevo portal de informaci\u00f3n estadounidense plantea interrogantes<\/span><\/a><\/div><div class=\"dpt-thumbnail\"><div class=\"dpt-thumbnail-inner\"><img width=\"1024\" height=\"683\" class=\"attachment-full size-full\" alt=\"Censura en la UE, incitaci\u00f3n al odio y el nuevo portal estadounidense\" context=\"dpt\" data-dpt-src=\"https:\/\/www.markus-schall.de\/wp-content\/uploads\/EU-Hatespeech-US-Portal.jpg\" data-dpt-sizes=\"(max-width: 1024px) 100vw, 1024px\" data-dpt-srcset=\"https:\/\/www.markus-schall.de\/wp-content\/uploads\/EU-Hatespeech-US-Portal.jpg 1024w, https:\/\/www.markus-schall.de\/wp-content\/uploads\/EU-Hatespeech-US-Portal-300x200.jpg 300w, https:\/\/www.markus-schall.de\/wp-content\/uploads\/EU-Hatespeech-US-Portal-768x512.jpg 768w, https:\/\/www.markus-schall.de\/wp-content\/uploads\/EU-Hatespeech-US-Portal-18x12.jpg 18w\" \/><\/div><span class=\"dpt-thumbnail-aspect-ratio\" style=\"padding-top: 67%\"><\/span><\/div><\/div><div class=\"sub-entry\"><h3 class=\"dpt-title\"><a class=\"dpt-title-link\" href=\"https:\/\/www.markus-schall.de\/es\/2026\/03\/europa-entre-la-libertad-de-expresion-y-la-regulacion-el-nuevo-portal-de-informacion-de-eeuu-plantea-interrogantes\/\" rel=\"bookmark\">Europa entre la libertad de expresi\u00f3n y la regulaci\u00f3n: el nuevo portal de informaci\u00f3n estadounidense plantea interrogantes<\/a><\/h3><\/div><\/div>\n\t\t\t\t\t\t<\/div><!-- .dpt-entry -->\n\t\t\t\t\t\t\t\t\t\t\t\t<div class=\"dpt-entry has-thumbnail\" data-title=\"der digitale euro kommt \u2013 was er bedeutet, was er nicht darf, und was er k\u00f6nnte\" data-id=\"3345\"  data-category=\"allgemein apple iphone &amp; ipad gesellschaft\" data-post_tag=\"datenschutz eu-gesetze europa ratgeber\">\n\t\t\t\t\t\t\t<div class=\"dpt-entry-wrapper\"><div class=\"dpt-featured-content\"><div class=\"dpt-permalink\"><a href=\"https:\/\/www.markus-schall.de\/es\/2025\/11\/llega-el-euro-digital-que-significa-que-no-debe-hacer-y-que-podria-hacer\/\" class=\"dpt-permalink\"><span class=\"screen-reader-text\">Llega el euro digital: qu\u00e9 significa, qu\u00e9 no debe hacer y qu\u00e9 podr\u00eda hacer<\/span><\/a><\/div><div class=\"dpt-thumbnail\"><div class=\"dpt-thumbnail-inner\"><img width=\"1024\" height=\"683\" class=\"attachment-full size-full\" alt=\"Llega el euro digital\" context=\"dpt\" data-dpt-src=\"https:\/\/www.markus-schall.de\/wp-content\/uploads\/Digitaler-Euro.jpg\" data-dpt-sizes=\"(max-width: 1024px) 100vw, 1024px\" data-dpt-srcset=\"https:\/\/www.markus-schall.de\/wp-content\/uploads\/Digitaler-Euro.jpg 1024w, https:\/\/www.markus-schall.de\/wp-content\/uploads\/Digitaler-Euro-300x200.jpg 300w, https:\/\/www.markus-schall.de\/wp-content\/uploads\/Digitaler-Euro-768x512.jpg 768w, https:\/\/www.markus-schall.de\/wp-content\/uploads\/Digitaler-Euro-18x12.jpg 18w\" \/><\/div><span class=\"dpt-thumbnail-aspect-ratio\" style=\"padding-top: 67%\"><\/span><\/div><\/div><div class=\"sub-entry\"><h3 class=\"dpt-title\"><a class=\"dpt-title-link\" href=\"https:\/\/www.markus-schall.de\/es\/2025\/11\/llega-el-euro-digital-que-significa-que-no-debe-hacer-y-que-podria-hacer\/\" rel=\"bookmark\">Llega el euro digital: qu\u00e9 significa, qu\u00e9 no debe hacer y qu\u00e9 podr\u00eda hacer<\/a><\/h3><\/div><\/div>\n\t\t\t\t\t\t<\/div><!-- .dpt-entry -->\n\t\t\t\t\t\t\n\t\t\t\t<\/div>\n\t\t\t\t\t\t<\/div>\n\t\t\t\n<hr \/>\n<h2>Preguntas m\u00e1s frecuentes<\/h2>\n<ol>\n<li><strong>\u00bfPor qu\u00e9 el art\u00edculo analiza los a\u00f1os transcurridos desde 2001 desde la perspectiva de la teor\u00eda de juegos?<\/strong><br \/>\nPorque la teor\u00eda de juegos es una herramienta que explica las relaciones internacionales en t\u00e9rminos estructurales, sin moralidad ni intereses partidistas. Muestra por qu\u00e9 incluso las acciones bienintencionadas pueden tener consecuencias imprevistas y c\u00f3mo la desconfianza puede empujar incluso a sistemas estables hacia v\u00edas de escalada. El periodo de 2001 en adelante es ideal porque fue una oportunidad hist\u00f3rica que luego se perdi\u00f3 gradualmente.<\/li>\n<li><strong>\u00bfSe trata en este art\u00edculo de repartir culpas?<\/strong><br \/>\nNo. La esencia del art\u00edculo es precisamente no repartir culpas. La teor\u00eda de juegos analiza los incentivos y las estructuras, no el bien y el mal. El art\u00edculo muestra c\u00f3mo diferentes actores pudieron actuar racionalmente y c\u00f3mo sus decisiones racionales condujeron a resultados negativos.<\/li>\n<li><strong>\u00bfPor qu\u00e9 se presenta el discurso de Putin en el Bundestag de 2001 como una se\u00f1al importante?<\/strong><br \/>\nPorque fue objetivamente una de las raras ocasiones en las que Rusia ofreci\u00f3 expl\u00edcitamente una cooperaci\u00f3n m\u00e1s estrecha con Europa. En t\u00e9rminos de teor\u00eda de juegos, se trataba de una se\u00f1al de cooperaci\u00f3n que habr\u00eda permitido un desarrollo alternativo. El hecho de que esta se\u00f1al no se tradujera en una estrategia a largo plazo no es una cuesti\u00f3n de culpabilidad, sino de marcar el rumbo.<\/li>\n<li><strong>\u00bfEs realista el escenario de \u201ecooperaci\u00f3n con Rusia\u201c o s\u00f3lo un deseo?<\/strong><br \/>\nEs realista. Era una alternativa estructurada basada en las ofertas pol\u00edticas, econ\u00f3micas y de seguridad existentes en aquel momento. Muchos diplom\u00e1ticos y economistas consideraban plausible esta v\u00eda. El hecho de que no se eligiera no la convierte en irrealista, simplemente en irrealista.<\/li>\n<li><strong>\u00bfPor qu\u00e9 Europa no ha utilizado la ventana de cooperaci\u00f3n?<\/strong><br \/>\nPorque la cautela y la experiencia hist\u00f3rica previa eran m\u00e1s fuertes que la confianza. Varios Estados de la UE ve\u00edan a Rusia con escepticismo por una cuesti\u00f3n de principios. Al mismo tiempo, Rusia tambi\u00e9n interpretaba los pasos de Occidente a la defensiva. Estas interpretaciones err\u00f3neas mutuas crearon el patr\u00f3n de un cl\u00e1sico dilema de seguridad.<\/li>\n<li><strong>\u00bfPor qu\u00e9 la ampliaci\u00f3n de la OTAN hacia el Este desempe\u00f1a un papel tan importante en este contexto?<\/strong><br \/>\nPorque fue interpretado de forma completamente diferente por ambos bandos. En Occidente: como una garant\u00eda de seguridad. En Rusia: como un cerco estrat\u00e9gico. Esta disonancia es un excelente ejemplo de c\u00f3mo surgen los conflictos aunque ambas partes crean estar actuando a la defensiva.<\/li>\n<li><strong>\u00bfEs \u201einevitable\u201c la guerra de 2022 en este modelo?<\/strong><br \/>\nNo, no es inevitable, pero puede explicarse estructuralmente. La teor\u00eda de juegos lo demuestra: Si una trayectoria de desconfianza se prolonga el tiempo suficiente y nuevas se\u00f1ales siguen confirmando la desconfianza, la probabilidad de conflicto aumenta dr\u00e1sticamente. Por tanto, la guerra no es un \u201eacontecimiento repentino\u201c, sino el punto final de una estructura defectuosa que ha crecido durante d\u00e9cadas.<\/li>\n<li><strong>\u00bfPor qu\u00e9 habr\u00eda cambiado tanto la cooperaci\u00f3n desde el punto de vista econ\u00f3mico?<\/strong><br \/>\nPorque la energ\u00eda es el factor de entrada central para la creaci\u00f3n de valor industrial. Unos precios de la energ\u00eda estables y favorables habr\u00edan garantizado el empleo industrial,<br \/>\nLas cadenas de suministro se estabilizan y las empresas europeas salen reforzadas de la competencia mundial. En cambio, los altos precios de la energ\u00eda debilitan autom\u00e1ticamente a cualquier regi\u00f3n que dependa de la industria.<\/li>\n<li><strong>\u00bfHa perdido realmente Europa su oportunidad de convertirse en un tercer polo de poder?<\/strong><br \/>\nS\u00ed, estructuralmente. En 2001-2010, Europa ten\u00eda una combinaci\u00f3n \u00fanica de industria fuerte, sociedades estables, suministros energ\u00e9ticos seguros y calma geopol\u00edtica. Con la desaparici\u00f3n de la energ\u00eda barata y la p\u00e9rdida de la energ\u00eda nuclear industrial, Europa es ahora m\u00e1s un reactor que un creador. No se trata de una opini\u00f3n pol\u00edtica, sino de una observaci\u00f3n basada en la teor\u00eda de juegos.<\/li>\n<li><strong>\u00bfSignifica esto que la cooperaci\u00f3n con Rusia habr\u00eda sido necesariamente mejor?<\/strong><br \/>\nNo necesariamente \u201emejor\u201c, sino estrat\u00e9gicamente m\u00e1s estable. La cooperaci\u00f3n habr\u00eda tenido menos potencial de escalada y habr\u00eda generado efectos de refuerzo de la estructura. Esto no significa que todo hubiera ido sobre ruedas, pero el \u00e1rbol de decisiones muestra claramente que los riesgos habr\u00edan sido menores y las oportunidades mayores.<\/li>\n<li><strong>\u00bfPor qu\u00e9 el art\u00edculo no compara aspectos morales?<\/strong><br \/>\nPorque aunque la moral es pol\u00edticamente relevante, sirve de poco para la comprensi\u00f3n estructural. La teor\u00eda de juegos se basa en la pregunta <em>\u201e\u00bfC\u00f3mo reaccionan los actores ante las decisiones de los dem\u00e1s?\u201c<\/em> La moralidad es secundaria. Los incentivos, las expectativas y las interpretaciones son primordiales.<\/li>\n<li><strong>\u00bfQu\u00e9 significa \u201eespiral de desconfianza\u201c en este contexto?<\/strong><br \/>\nSe produce una espiral de desconfianza cuando dos partes act\u00faan a la defensiva y esta defensa es percibida como agresi\u00f3n por la otra parte. Esto da lugar a contramedidas, que a su vez act\u00faan como una amenaza. La espiral se refuerza, incluso sin intenci\u00f3n hostil.<\/li>\n<li><strong>\u00bfPuede un sistema salir de una espiral de desconfianza?<\/strong><br \/>\nS\u00ed, en teor\u00eda, pero en la pr\u00e1ctica es extremadamente dif\u00edcil. En cuanto ambas partes creen que la otra no va a cooperar, se crea un equilibrio estable pero deficiente. Salir de \u00e9l suele requerir se\u00f1ales extraordinarias o convulsiones pol\u00edticas.<\/li>\n<li><strong>\u00bfPor qu\u00e9 la pol\u00edtica energ\u00e9tica desempe\u00f1a un papel tan central en este modelo?<\/strong><br \/>\nPorque la energ\u00eda no es s\u00f3lo un factor econ\u00f3mico, sino un factor de poder. Determina si un continente puede actuar de forma independiente o depende de suministros externos. Quien multiplica los precios de la energ\u00eda se debilita autom\u00e1ticamente a todos los niveles.<\/li>\n<li><strong>\u00bfTiene el art\u00edculo algo en contra de EE.UU., Rusia o China?<\/strong><br \/>\nNo, en absoluto. El art\u00edculo no eval\u00faa Estados, sino que describe la estructura de un juego. Europa habr\u00eda tenido una posici\u00f3n m\u00e1s fuerte e independiente frente a ambas superpotencias mediante la cooperaci\u00f3n con Rusia. Se trata de una afirmaci\u00f3n anal\u00edtica, no de una cr\u00edtica a otros pa\u00edses.<\/li>\n<li><strong>\u00bfQu\u00e9 significa \u201eequilibrio de Nash de desacoplamiento\u201c?<\/strong><br \/>\nUn equilibrio de Nash es un estado en el que ninguno de los jugadores sale ganando como resultado de un cambio unilateral en su comportamiento. En la relaci\u00f3n actual entre Europa y Rusia, esto significa que ambas partes ya no esperan cooperar. Ambas partes act\u00faan en consecuencia. Ninguno de ellos mejora su situaci\u00f3n por s\u00ed solo. Esto significa que el sistema se mantiene estable, pero a un nivel deficiente.<\/li>\n<li><strong>\u00bfPor qu\u00e9 el comportamiento de los medios de comunicaci\u00f3n desempe\u00f1a un papel secundario en el an\u00e1lisis?<\/strong><br \/>\nPorque los medios de comunicaci\u00f3n no son una causa, sino un amplificador. Moldean las percepciones y establecen las prioridades. Un clima de indignaci\u00f3n constante reduce las posibilidades de an\u00e1lisis a largo plazo. El art\u00edculo aborda esta cuesti\u00f3n como un factor de fondo, sin convertirla en el tema principal.<\/li>\n<li><strong>\u00bfQu\u00e9 puede aprender el individuo de este an\u00e1lisis?<\/strong><br \/>\nPor encima de todo, esto significa no adoptar una posici\u00f3n precipitada, pensar en escenarios alternativos, reconocer las conexiones estructurales y plantearse cuestiones no s\u00f3lo morales, sino tambi\u00e9n estrat\u00e9gicas. Quienes piensan as\u00ed entienden la pol\u00edtica a un nivel m\u00e1s profundo.<\/li>\n<li><strong>\u00bfSignifica autom\u00e1ticamente el pensamiento estrat\u00e9gico cercan\u00eda al gobierno o militarismo?<\/strong><br \/>\nNo. La estrategia no es militarismo, sino un planteamiento a largo plazo. Pregunta: <em>\u201e\u00bfQu\u00e9 consecuencias tendr\u00e1 una decisi\u00f3n dentro de diez a\u00f1os?\u201c.\u201c<\/em> Esta cuesti\u00f3n es especialmente crucial en las sociedades civiles, y hoy casi se ha perdido.<\/li>\n<li><strong>\u00bfPor qu\u00e9 termina el art\u00edculo con un mensaje positivo?<\/strong><br \/>\nPorque la claridad nunca debe paralizarte. Quien reconoce alternativas y entiende conexiones gana soberan\u00eda interior. No hay que endulzar el mundo, pero s\u00ed pensarlo bien. Y ah\u00ed es precisamente donde reside la oportunidad de actuar con m\u00e1s calma y previsi\u00f3n, tanto personal como socialmente.<\/li>\n<\/ol>\n<hr \/>\n\n\t\t\t<div class=\"display-post-types\">\n\n\t\t\t\t\t\t\t<style type=\"text\/css\">\n\t\t\t#dpt-wrapper-63 { --dpt-text-align: left;--dpt-image-crop: center;--dpt-border-radius: 5px;--dpt-h-gutter: 10px;--dpt-v-gutter: 9px; }\t\t\t<\/style>\n\t\t\t<style type=\"text\/css\">#dpt-wrapper-63 { --dpt-title-font-style:normal;--dpt-title-font-weight:600;--dpt-title-line-height:1.5;--dpt-title-text-decoration:none;--dpt-title-text-transform:none;--dpt-excerpt-font-style:normal;--dpt-excerpt-font-weight:400;--dpt-excerpt-line-height:1.5;--dpt-excerpt-text-decoration:none;--dpt-excerpt-text-transform:none;--dpt-meta1-font-style:normal;--dpt-meta1-font-weight:400;--dpt-meta1-line-height:1.9;--dpt-meta1-text-decoration:none;--dpt-meta1-text-transform:none;--dpt-meta2-font-style:normal;--dpt-meta2-font-weight:400;--dpt-meta2-line-height:1.9;--dpt-meta2-text-decoration:none;--dpt-meta2-text-transform:none; }<\/style><div class=\"dpt-main-header\">\n\t\t\t\t\t\t<div class=\"dpt-main-title\">\n\t\t\t\t\t\t\t<span class=\"dpt-main-title-text\">Art\u00edculos de actualidad sobre arte y cultura<\/span>\n\t\t\t\t\t\t<\/div>\n\t\t\t\t\t\t\n\t\t\t\t\t\t\n\t\t\t\t\t\t\n\t\t\t\t\t\t<\/div>\t\t\t\n\t\t\t\t<div id=\"dpt-wrapper-63\" class=\"dpt-wrapper dpt-mag1 land1 dpt-cropped dpt-flex-wrap\" >\n\n\t\t\t\t\t\t\t\t\t\t\t<div class=\"dpt-entry has-thumbnail\" data-title=\"johann sebastian bach \u2013 ordnung, haltung und das fundament unserer musik\" data-id=\"5033\"  data-category=\"allgemein gesellschaft kunst &amp; kultur\" data-post_tag=\"deutschland musik portrait\">\n\t\t\t\t\t\t\t<div class=\"dpt-entry-wrapper\"><div class=\"dpt-featured-content\"><div class=\"dpt-permalink\"><a href=\"https:\/\/www.markus-schall.de\/es\/2026\/02\/johann-sebastian-bach-orden-actitud-y-fundamento-de-nuestra-musica\/\" class=\"dpt-permalink\"><span class=\"screen-reader-text\">Johann Sebastian Bach: orden, actitud y fundamento de nuestra m\u00fasica<\/span><\/a><\/div><div class=\"dpt-thumbnail\"><div class=\"dpt-thumbnail-inner\"><img width=\"1024\" height=\"683\" class=\"attachment-full size-full\" alt=\"Retrato de Johann Sebastian Bach\" context=\"dpt\" data-dpt-src=\"https:\/\/www.markus-schall.de\/wp-content\/uploads\/Johann-Sebastian-Bach-Portrait.jpg\" data-dpt-sizes=\"(max-width: 1024px) 100vw, 1024px\" data-dpt-srcset=\"https:\/\/www.markus-schall.de\/wp-content\/uploads\/Johann-Sebastian-Bach-Portrait.jpg 1024w, https:\/\/www.markus-schall.de\/wp-content\/uploads\/Johann-Sebastian-Bach-Portrait-300x200.jpg 300w, https:\/\/www.markus-schall.de\/wp-content\/uploads\/Johann-Sebastian-Bach-Portrait-768x512.jpg 768w, https:\/\/www.markus-schall.de\/wp-content\/uploads\/Johann-Sebastian-Bach-Portrait-18x12.jpg 18w\" \/><\/div><span class=\"dpt-thumbnail-aspect-ratio\" style=\"padding-top: 75%\"><\/span><\/div><\/div><div class=\"sub-entry\"><h3 class=\"dpt-title\"><a class=\"dpt-title-link\" href=\"https:\/\/www.markus-schall.de\/es\/2026\/02\/johann-sebastian-bach-orden-actitud-y-fundamento-de-nuestra-musica\/\" rel=\"bookmark\">Johann Sebastian Bach: orden, actitud y fundamento de nuestra m\u00fasica<\/a><\/h3><\/div><\/div>\n\t\t\t\t\t\t<\/div><!-- .dpt-entry -->\n\t\t\t\t\t\t\t\t\t\t\t\t<div class=\"dpt-entry has-thumbnail\" data-title=\"dieter hallervorden \u2013 mehr als didi: portr\u00e4t eines unbequemen freigeists\" data-id=\"4347\"  data-category=\"gesellschaft kunst &amp; kultur stories &amp; humor\" data-post_tag=\"erfahrungen meinungsfreiheit musik portrait\">\n\t\t\t\t\t\t\t<div class=\"dpt-entry-wrapper\"><div class=\"dpt-featured-content\"><div class=\"dpt-permalink\"><a href=\"https:\/\/www.markus-schall.de\/es\/2026\/01\/dieter-hallervorden-mas-que-didi-retrato-de-un-espiritu-libre-incomodo\/\" class=\"dpt-permalink\"><span class=\"screen-reader-text\">Dieter Hallervorden - M\u00e1s que Didi: Retrato de un inc\u00f3modo esp\u00edritu libre<\/span><\/a><\/div><div class=\"dpt-thumbnail\"><div class=\"dpt-thumbnail-inner\"><img width=\"1024\" height=\"683\" class=\"attachment-full size-full\" alt=\"Dieter Hallervorden y la W\u00fchlm\u00e4use de Berl\u00edn\" context=\"dpt\" data-dpt-src=\"https:\/\/www.markus-schall.de\/wp-content\/uploads\/Dieter-Hallvervorden-Wuehlmaeuse.jpg\" data-dpt-sizes=\"(max-width: 1024px) 100vw, 1024px\" data-dpt-srcset=\"https:\/\/www.markus-schall.de\/wp-content\/uploads\/Dieter-Hallvervorden-Wuehlmaeuse.jpg 1024w, https:\/\/www.markus-schall.de\/wp-content\/uploads\/Dieter-Hallvervorden-Wuehlmaeuse-300x200.jpg 300w, https:\/\/www.markus-schall.de\/wp-content\/uploads\/Dieter-Hallvervorden-Wuehlmaeuse-768x512.jpg 768w, https:\/\/www.markus-schall.de\/wp-content\/uploads\/Dieter-Hallvervorden-Wuehlmaeuse-18x12.jpg 18w\" \/><\/div><span class=\"dpt-thumbnail-aspect-ratio\" style=\"padding-top: 75%\"><\/span><\/div><\/div><div class=\"sub-entry\"><h3 class=\"dpt-title\"><a class=\"dpt-title-link\" href=\"https:\/\/www.markus-schall.de\/es\/2026\/01\/dieter-hallervorden-mas-que-didi-retrato-de-un-espiritu-libre-incomodo\/\" rel=\"bookmark\">Dieter Hallervorden - M\u00e1s que Didi: Retrato de un inc\u00f3modo esp\u00edritu libre<\/a><\/h3><\/div><\/div>\n\t\t\t\t\t\t<\/div><!-- .dpt-entry -->\n\t\t\t\t\t\t\t\t\t\t\t\t<div class=\"dpt-entry has-thumbnail\" data-title=\"jan-josef liefers: ein portr\u00e4t \u00fcber haltung, herkunft und k\u00fcnstlerische freiheit\" data-id=\"3854\"  data-category=\"allgemein gesellschaft kunst &amp; kultur\" data-post_tag=\"deutschland erfahrungen krisen lernen meinungsfreiheit musik pers\u00f6nlichkeitsentwicklung portrait\">\n\t\t\t\t\t\t\t<div class=\"dpt-entry-wrapper\"><div class=\"dpt-featured-content\"><div class=\"dpt-permalink\"><a href=\"https:\/\/www.markus-schall.de\/es\/2025\/12\/jan-josef-liefers-un-retrato-de-actitud-origen-y-libertad-artistica\/\" class=\"dpt-permalink\"><span class=\"screen-reader-text\">Jan-Josef Liefers: un retrato de actitud, or\u00edgenes y libertad art\u00edstica<\/span><\/a><\/div><div class=\"dpt-thumbnail\"><div class=\"dpt-thumbnail-inner\"><img width=\"1024\" height=\"683\" class=\"attachment-full size-full\" alt=\"Jan-Josef Liefers\" context=\"dpt\" data-dpt-src=\"https:\/\/www.markus-schall.de\/wp-content\/uploads\/jan-josef-liefers-silhouette.jpg\" data-dpt-sizes=\"(max-width: 1024px) 100vw, 1024px\" data-dpt-srcset=\"https:\/\/www.markus-schall.de\/wp-content\/uploads\/jan-josef-liefers-silhouette.jpg 1024w, https:\/\/www.markus-schall.de\/wp-content\/uploads\/jan-josef-liefers-silhouette-300x200.jpg 300w, https:\/\/www.markus-schall.de\/wp-content\/uploads\/jan-josef-liefers-silhouette-768x512.jpg 768w, https:\/\/www.markus-schall.de\/wp-content\/uploads\/jan-josef-liefers-silhouette-18x12.jpg 18w\" \/><\/div><span class=\"dpt-thumbnail-aspect-ratio\" style=\"padding-top: 75%\"><\/span><\/div><\/div><div class=\"sub-entry\"><h3 class=\"dpt-title\"><a class=\"dpt-title-link\" href=\"https:\/\/www.markus-schall.de\/es\/2025\/12\/jan-josef-liefers-un-retrato-de-actitud-origen-y-libertad-artistica\/\" rel=\"bookmark\">Jan-Josef Liefers: un retrato de actitud, or\u00edgenes y libertad art\u00edstica<\/a><\/h3><\/div><\/div>\n\t\t\t\t\t\t<\/div><!-- .dpt-entry -->\n\t\t\t\t\t\t\t\t\t\t\t\t<div class=\"dpt-entry has-thumbnail\" data-title=\"zukunft mit ladeger\u00e4t \u2013 herr von l&#8217;oreot kauft einen e-scooter\" data-id=\"3229\"  data-category=\"allgemein gesellschaft kunst &amp; kultur stories &amp; humor\" data-post_tag=\"erfahrungen\">\n\t\t\t\t\t\t\t<div class=\"dpt-entry-wrapper\"><div class=\"dpt-featured-content\"><div class=\"dpt-permalink\"><a href=\"https:\/\/www.markus-schall.de\/es\/2025\/10\/futuro-con-cargador-el-sr-von-loreot-compra-un-e-scooter\/\" class=\"dpt-permalink\"><span class=\"screen-reader-text\">Futuro con cargador - El Sr. von L'oreot compra un e-scooter<\/span><\/a><\/div><div class=\"dpt-thumbnail\"><div class=\"dpt-thumbnail-inner\"><img width=\"1024\" height=\"747\" class=\"attachment-full size-full\" alt=\"\" context=\"dpt\" data-dpt-src=\"https:\/\/www.markus-schall.de\/wp-content\/uploads\/loereot-e-scooter-1.jpg\" data-dpt-sizes=\"(max-width: 1024px) 100vw, 1024px\" data-dpt-srcset=\"https:\/\/www.markus-schall.de\/wp-content\/uploads\/loereot-e-scooter-1.jpg 1024w, https:\/\/www.markus-schall.de\/wp-content\/uploads\/loereot-e-scooter-1-300x219.jpg 300w, https:\/\/www.markus-schall.de\/wp-content\/uploads\/loereot-e-scooter-1-768x560.jpg 768w, https:\/\/www.markus-schall.de\/wp-content\/uploads\/loereot-e-scooter-1-16x12.jpg 16w\" \/><\/div><span class=\"dpt-thumbnail-aspect-ratio\" style=\"padding-top: 75%\"><\/span><\/div><\/div><div class=\"sub-entry\"><h3 class=\"dpt-title\"><a class=\"dpt-title-link\" href=\"https:\/\/www.markus-schall.de\/es\/2025\/10\/futuro-con-cargador-el-sr-von-loreot-compra-un-e-scooter\/\" rel=\"bookmark\">Futuro con cargador - El Sr. von L'oreot compra un e-scooter<\/a><\/h3><\/div><\/div>\n\t\t\t\t\t\t<\/div><!-- .dpt-entry -->\n\t\t\t\t\t\t\n\t\t\t\t<\/div>\n\t\t\t\t\t\t<\/div>\n\t\t\t\n<hr \/>","protected":false},"excerpt":{"rendered":"<p>Para muchos, la teor\u00eda de juegos suena a matem\u00e1ticas \u00e1ridas, a f\u00f3rmulas, a algo que s\u00f3lo interviene en conferencias o juegos de negocios. Sin embargo, en realidad es una antigua herramienta de pensamiento que exist\u00eda mucho antes de su formalizaci\u00f3n acad\u00e9mica. La utilizaban los diplom\u00e1ticos, los comandantes, los capitanes de empresa... mucho antes de que se llamara as\u00ed. Est\u00e1 en el ... <a title=\"Futuro con cargador - El Sr. von L&#039;oreot compra un e-scooter\" class=\"read-more\" href=\"https:\/\/www.markus-schall.de\/es\/2025\/10\/futuro-con-cargador-el-sr-von-loreot-compra-un-e-scooter\/\" aria-label=\"Leer m\u00e1s sobre Futuro con cargador - El se\u00f1or de L&#039;oreot se compra un e-scooter\">Vaciar m\u00e1s<\/a><\/p>","protected":false},"author":1,"featured_media":3937,"comment_status":"open","ping_status":"open","sticky":false,"template":"","format":"standard","meta":{"iawp_total_views":343,"footnotes":""},"categories":[1,466,472],"tags":[444,480,481,470,475,482,426,484,478],"class_list":["post-3850","post","type-post","status-publish","format-standard","has-post-thumbnail","hentry","category-allgemein","category-gesellschaft","category-kunst-kultur","tag-denkmodelle","tag-deutschland","tag-energiepolitik","tag-eu-gesetze","tag-europa","tag-geopolitik","tag-krisen","tag-sicherheitspolitik","tag-spieltheorie"],"_links":{"self":[{"href":"https:\/\/www.markus-schall.de\/es\/wp-json\/wp\/v2\/posts\/3850","targetHints":{"allow":["GET"]}}],"collection":[{"href":"https:\/\/www.markus-schall.de\/es\/wp-json\/wp\/v2\/posts"}],"about":[{"href":"https:\/\/www.markus-schall.de\/es\/wp-json\/wp\/v2\/types\/post"}],"author":[{"embeddable":true,"href":"https:\/\/www.markus-schall.de\/es\/wp-json\/wp\/v2\/users\/1"}],"replies":[{"embeddable":true,"href":"https:\/\/www.markus-schall.de\/es\/wp-json\/wp\/v2\/comments?post=3850"}],"version-history":[{"count":26,"href":"https:\/\/www.markus-schall.de\/es\/wp-json\/wp\/v2\/posts\/3850\/revisions"}],"predecessor-version":[{"id":5966,"href":"https:\/\/www.markus-schall.de\/es\/wp-json\/wp\/v2\/posts\/3850\/revisions\/5966"}],"wp:featuredmedia":[{"embeddable":true,"href":"https:\/\/www.markus-schall.de\/es\/wp-json\/wp\/v2\/media\/3937"}],"wp:attachment":[{"href":"https:\/\/www.markus-schall.de\/es\/wp-json\/wp\/v2\/media?parent=3850"}],"wp:term":[{"taxonomy":"category","embeddable":true,"href":"https:\/\/www.markus-schall.de\/es\/wp-json\/wp\/v2\/categories?post=3850"},{"taxonomy":"post_tag","embeddable":true,"href":"https:\/\/www.markus-schall.de\/es\/wp-json\/wp\/v2\/tags?post=3850"}],"curies":[{"name":"wp","href":"https:\/\/api.w.org\/{rel}","templated":true}]}}