{"id":3887,"date":"2025-12-10T07:22:17","date_gmt":"2025-12-10T07:22:17","guid":{"rendered":"https:\/\/www.markus-schall.de\/?p=3887"},"modified":"2026-04-22T16:19:38","modified_gmt":"2026-04-22T16:19:38","slug":"cloud-ki-como-maestro-superior-por-que-el-futuro-del-trabajo-pasa-por-el-ki-local","status":"publish","type":"post","link":"https:\/\/www.markus-schall.de\/es\/2025\/12\/cloud-ki-como-maestro-superior-por-que-el-futuro-del-trabajo-pasa-por-el-ki-local\/","title":{"rendered":"La IA en la nube como directora: por qu\u00e9 el futuro del trabajo pasa por la IA local"},"content":{"rendered":"<p>Cuando los grandes modelos ling\u00fc\u00edsticos iniciaron su marcha triunfal hace unos a\u00f1os, casi parec\u00edan una vuelta a las viejas virtudes de la tecnolog\u00eda: una herramienta que hace lo que se le dice. Una herramienta al servicio del usuario, y no al rev\u00e9s. Las primeras versiones -de GPT-3 a GPT-4- ten\u00edan puntos d\u00e9biles, s\u00ed, pero eran asombrosamente \u00fatiles. Explicaban, analizaban, formulaban y resolv\u00edan tareas. Y lo hac\u00edan en gran medida sin lastre pedag\u00f3gico.<\/p>\n<p>Hablabas con estos modelos como si lo hicieras con un empleado erudito, que a veces se equivocaba en sus palabras, pero que en esencia simplemente funcionaba. Cualquiera que escribiera textos creativos, generara c\u00f3digo de programas o produjera an\u00e1lisis m\u00e1s largos en aquella \u00e9poca experimentaba lo bien que funcionaba. Hab\u00eda una sensaci\u00f3n de libertad, de espacio creativo abierto, de tecnolog\u00eda que apoyaba a las personas en lugar de corregirlas.<!--more--><\/p>\n<p>En aquel momento, a\u00fan era posible prever que estas herramientas dar\u00edan forma a las d\u00e9cadas venideras, no a trav\u00e9s del paternalismo, sino de la experiencia. Sin embargo, como suele ocurrir en la historia de la tecnolog\u00eda, esta fase no estuvo exenta de cambios.<\/p>\n<hr \/>\n\n\t\t\t<div class=\"display-post-types\">\n\n\t\t\t\t\t\t\t<style type=\"text\/css\">\n\t\t\t#dpt-wrapper-100 { --dpt-text-align: left;--dpt-image-crop: center;--dpt-border-radius: 5px;--dpt-h-gutter: 10px;--dpt-v-gutter: 9px; }\t\t\t<\/style>\n\t\t\t<style type=\"text\/css\">#dpt-wrapper-100 { --dpt-title-font-style:normal;--dpt-title-font-weight:600;--dpt-title-line-height:1.5;--dpt-title-text-decoration:none;--dpt-title-text-transform:none;--dpt-excerpt-font-style:normal;--dpt-excerpt-font-weight:400;--dpt-excerpt-line-height:1.5;--dpt-excerpt-text-decoration:none;--dpt-excerpt-text-transform:none;--dpt-meta1-font-style:normal;--dpt-meta1-font-weight:400;--dpt-meta1-line-height:1.9;--dpt-meta1-text-decoration:none;--dpt-meta1-text-transform:none;--dpt-meta2-font-style:normal;--dpt-meta2-font-weight:400;--dpt-meta2-line-height:1.9;--dpt-meta2-text-decoration:none;--dpt-meta2-text-transform:none; }<\/style><div class=\"dpt-main-header\">\n\t\t\t\t\t\t<div class=\"dpt-main-title\">\n\t\t\t\t\t\t\t<span class=\"dpt-main-title-text\">Art\u00edculos de actualidad sobre inteligencia artificial<\/span>\n\t\t\t\t\t\t<\/div>\n\t\t\t\t\t\t\n\t\t\t\t\t\t\n\t\t\t\t\t\t\n\t\t\t\t\t\t<\/div>\t\t\t\n\t\t\t\t<div id=\"dpt-wrapper-100\" class=\"dpt-wrapper dpt-mag1 land1 dpt-cropped dpt-flex-wrap\" >\n\n\t\t\t\t\t\t\t\t\t\t\t<div class=\"dpt-entry has-thumbnail\" data-title=\"ki als sparringspartner nutzen: wie denken im dialog produktiver wird\" data-id=\"4121\"  data-category=\"b\u00fccher ki-systeme tipps &amp; anleitungen\" data-post_tag=\"buch datenlogik denkmodelle k\u00fcnstliche intelligenz lernen llm ratgeber sprachmodell\">\n\t\t\t\t\t\t\t<div class=\"dpt-entry-wrapper\"><div class=\"dpt-featured-content\"><div class=\"dpt-permalink\"><a href=\"https:\/\/www.markus-schall.de\/es\/2025\/12\/utilizar-el-ki-como-sparring-como-el-pensamiento-se-vuelve-mas-productivo-en-el-dialogo\/\" class=\"dpt-permalink\"><span class=\"screen-reader-text\">Utilizar la IA como sparring: C\u00f3mo pensar en di\u00e1logo se vuelve m\u00e1s productivo<\/span><\/a><\/div><div class=\"dpt-thumbnail\"><div class=\"dpt-thumbnail-inner\"><img width=\"1024\" height=\"683\" class=\"attachment-full size-full\" alt=\"La IA como aliado del ahorro\" context=\"dpt\" data-dpt-src=\"https:\/\/www.markus-schall.de\/wp-content\/uploads\/ki-als-sparringspartner-laptop.jpg\" data-dpt-sizes=\"(max-width: 1024px) 100vw, 1024px\" data-dpt-srcset=\"https:\/\/www.markus-schall.de\/wp-content\/uploads\/ki-als-sparringspartner-laptop.jpg 1024w, https:\/\/www.markus-schall.de\/wp-content\/uploads\/ki-als-sparringspartner-laptop-300x200.jpg 300w, https:\/\/www.markus-schall.de\/wp-content\/uploads\/ki-als-sparringspartner-laptop-768x512.jpg 768w, https:\/\/www.markus-schall.de\/wp-content\/uploads\/ki-als-sparringspartner-laptop-18x12.jpg 18w\" \/><\/div><span class=\"dpt-thumbnail-aspect-ratio\" style=\"padding-top: 75%\"><\/span><\/div><\/div><div class=\"sub-entry\"><h3 class=\"dpt-title\"><a class=\"dpt-title-link\" href=\"https:\/\/www.markus-schall.de\/es\/2025\/12\/utilizar-el-ki-como-sparring-como-el-pensamiento-se-vuelve-mas-productivo-en-el-dialogo\/\" rel=\"bookmark\">Utilizar la IA como sparring: C\u00f3mo pensar en di\u00e1logo se vuelve m\u00e1s productivo<\/a><\/h3><\/div><\/div>\n\t\t\t\t\t\t<\/div><!-- .dpt-entry -->\n\t\t\t\t\t\t\t\t\t\t\t\t<div class=\"dpt-entry has-thumbnail\" data-title=\"ki-studio 2025: welche hardware wirklich lohnt \u2013 vom mac studio bis zur rtx 3090\" data-id=\"3704\"  data-category=\"apple macos featured hardware ki-systeme\" data-post_tag=\"apple digitales eigentum k\u00fcnstliche intelligenz llm mlx neo4j sprachmodell\">\n\t\t\t\t\t\t\t<div class=\"dpt-entry-wrapper\"><div class=\"dpt-featured-content\"><div class=\"dpt-permalink\"><a href=\"https:\/\/www.markus-schall.de\/es\/2025\/11\/ki-studio-2025-que-hardware-merece-realmente-la-pena-de-mac-studio-a-rtx-3090\/\" class=\"dpt-permalink\"><span class=\"screen-reader-text\">AI Studio 2025: Qu\u00e9 hardware merece realmente la pena: del Mac Studio a la RTX 3090<\/span><\/a><\/div><div class=\"dpt-thumbnail\"><div class=\"dpt-thumbnail-inner\"><img width=\"1024\" height=\"683\" class=\"attachment-full size-full\" alt=\"Hardware 2025 para estudio de IA\" context=\"dpt\" data-dpt-src=\"https:\/\/www.markus-schall.de\/wp-content\/uploads\/KI-Studio-Hardware-2025.jpg\" data-dpt-sizes=\"(max-width: 1024px) 100vw, 1024px\" data-dpt-srcset=\"https:\/\/www.markus-schall.de\/wp-content\/uploads\/KI-Studio-Hardware-2025.jpg 1024w, https:\/\/www.markus-schall.de\/wp-content\/uploads\/KI-Studio-Hardware-2025-300x200.jpg 300w, https:\/\/www.markus-schall.de\/wp-content\/uploads\/KI-Studio-Hardware-2025-768x512.jpg 768w, https:\/\/www.markus-schall.de\/wp-content\/uploads\/KI-Studio-Hardware-2025-18x12.jpg 18w\" \/><\/div><span class=\"dpt-thumbnail-aspect-ratio\" style=\"padding-top: 75%\"><\/span><\/div><\/div><div class=\"sub-entry\"><h3 class=\"dpt-title\"><a class=\"dpt-title-link\" href=\"https:\/\/www.markus-schall.de\/es\/2025\/11\/ki-studio-2025-que-hardware-merece-realmente-la-pena-de-mac-studio-a-rtx-3090\/\" rel=\"bookmark\">AI Studio 2025: Qu\u00e9 hardware merece realmente la pena: del Mac Studio a la RTX 3090<\/a><\/h3><\/div><\/div>\n\t\t\t\t\t\t<\/div><!-- .dpt-entry -->\n\t\t\t\t\t\t\t\t\t\t\t\t<div class=\"dpt-entry has-thumbnail\" data-title=\"chatgpt-datenexport erkl\u00e4rt: wie deine ki-chats zu einem pers\u00f6nlichen wissenssystem werden\" data-id=\"5259\"  data-category=\"featured ki-systeme tipps &amp; anleitungen\" data-post_tag=\"apple datenbanken datenschutz digitales eigentum k\u00fcnstliche intelligenz llama llm mac mlx ollama sprachmodell\">\n\t\t\t\t\t\t\t<div class=\"dpt-entry-wrapper\"><div class=\"dpt-featured-content\"><div class=\"dpt-permalink\"><a href=\"https:\/\/www.markus-schall.de\/es\/2026\/03\/la-exportacion-de-datos-de-chatgpt-explica-como-tus-chats-de-ki-se-convierten-en-un-sistema-de-conocimiento-personal\/\" class=\"dpt-permalink\"><span class=\"screen-reader-text\">Explicaci\u00f3n de la exportaci\u00f3n de datos ChatGPT: c\u00f3mo tus chats de IA se convierten en un sistema de conocimiento personal<\/span><\/a><\/div><div class=\"dpt-thumbnail\"><div class=\"dpt-thumbnail-inner\"><img width=\"1024\" height=\"683\" class=\"attachment-full size-full\" alt=\"Exportaci\u00f3n de datos ChatGPT\" context=\"dpt\" data-dpt-src=\"https:\/\/www.markus-schall.de\/wp-content\/uploads\/ChatGPT-Datenexport.jpg\" data-dpt-sizes=\"(max-width: 1024px) 100vw, 1024px\" data-dpt-srcset=\"https:\/\/www.markus-schall.de\/wp-content\/uploads\/ChatGPT-Datenexport.jpg 1024w, https:\/\/www.markus-schall.de\/wp-content\/uploads\/ChatGPT-Datenexport-300x200.jpg 300w, https:\/\/www.markus-schall.de\/wp-content\/uploads\/ChatGPT-Datenexport-768x512.jpg 768w, https:\/\/www.markus-schall.de\/wp-content\/uploads\/ChatGPT-Datenexport-18x12.jpg 18w\" \/><\/div><span class=\"dpt-thumbnail-aspect-ratio\" style=\"padding-top: 75%\"><\/span><\/div><\/div><div class=\"sub-entry\"><h3 class=\"dpt-title\"><a class=\"dpt-title-link\" href=\"https:\/\/www.markus-schall.de\/es\/2026\/03\/la-exportacion-de-datos-de-chatgpt-explica-como-tus-chats-de-ki-se-convierten-en-un-sistema-de-conocimiento-personal\/\" rel=\"bookmark\">Explicaci\u00f3n de la exportaci\u00f3n de datos ChatGPT: c\u00f3mo tus chats de IA se convierten en un sistema de conocimiento personal<\/a><\/h3><\/div><\/div>\n\t\t\t\t\t\t<\/div><!-- .dpt-entry -->\n\t\t\t\t\t\t\t\t\t\t\t\t<div class=\"dpt-entry has-thumbnail\" data-title=\"vom content zur substanz: wie digitale systeme entstehen, die nicht kopierbar sind\" data-id=\"5899\"  data-category=\"allgemein b\u00fccher gesellschaft tipps &amp; anleitungen\" data-post_tag=\"buch datenlogik denkmodelle digitales eigentum erfahrungen k\u00fcnstliche intelligenz prozesse publishing ratgeber\">\n\t\t\t\t\t\t\t<div class=\"dpt-entry-wrapper\"><div class=\"dpt-featured-content\"><div class=\"dpt-permalink\"><a href=\"https:\/\/www.markus-schall.de\/es\/2026\/04\/del-contenido-a-la-sustancia-como-se-crean-sistemas-digitales-que-no-pueden-copiarse\/\" class=\"dpt-permalink\"><span class=\"screen-reader-text\">Del contenido a la sustancia: c\u00f3mo se crean sistemas digitales que no se pueden copiar<\/span><\/a><\/div><div class=\"dpt-thumbnail\"><div class=\"dpt-thumbnail-inner\"><img width=\"1024\" height=\"682\" class=\"attachment-full size-full\" alt=\"Sistema en lugar de contenido individual\" context=\"dpt\" data-dpt-src=\"https:\/\/www.markus-schall.de\/wp-content\/uploads\/Organische-Reichweite.jpg\" data-dpt-sizes=\"(max-width: 1024px) 100vw, 1024px\" data-dpt-srcset=\"https:\/\/www.markus-schall.de\/wp-content\/uploads\/Organische-Reichweite.jpg 1024w, https:\/\/www.markus-schall.de\/wp-content\/uploads\/Organische-Reichweite-300x200.jpg 300w, https:\/\/www.markus-schall.de\/wp-content\/uploads\/Organische-Reichweite-768x512.jpg 768w, https:\/\/www.markus-schall.de\/wp-content\/uploads\/Organische-Reichweite-18x12.jpg 18w\" \/><\/div><span class=\"dpt-thumbnail-aspect-ratio\" style=\"padding-top: 75%\"><\/span><\/div><\/div><div class=\"sub-entry\"><h3 class=\"dpt-title\"><a class=\"dpt-title-link\" href=\"https:\/\/www.markus-schall.de\/es\/2026\/04\/del-contenido-a-la-sustancia-como-se-crean-sistemas-digitales-que-no-pueden-copiarse\/\" rel=\"bookmark\">Del contenido a la sustancia: c\u00f3mo se crean sistemas digitales que no se pueden copiar<\/a><\/h3><\/div><\/div>\n\t\t\t\t\t\t<\/div><!-- .dpt-entry -->\n\t\t\t\t\t\t\n\t\t\t\t<\/div>\n\t\t\t\t\t\t<\/div>\n\t\t\t\n<hr \/>\n<h2>\u00daltimas noticias sobre IA en la nube y restricciones<\/h2>\n<p><strong>10.02.2026<\/strong>Un nuevo art\u00edculo sobre Reitschuster <a href=\"https:\/\/reitschuster.de\/post\/wie-mich-chatgpt-5-2-zur-weissglut-bringt\/\" target=\"_blank\" rel=\"noopener\"><em><strong>\u201eC\u00f3mo ChatGPT 5.2 me lleva al calor blanco\u201c<\/strong><\/em><\/a> describe de forma impresionante c\u00f3mo ha cambiado la IA para muchos usuarios con la actualizaci\u00f3n a la versi\u00f3n 5.2. Mientras que las versiones anteriores serv\u00edan de ayuda flexible en el d\u00eda a d\u00eda, de compa\u00f1eros de conversaci\u00f3n entretenidos y de herramientas pragm\u00e1ticas, la nueva versi\u00f3n parece cada vez m\u00e1s moralizante y tutelar, seg\u00fan el autor. En lugar de responder abierta e ir\u00f3nicamente a las preguntas, el sistema ofrece ahora respuestas instructivas y preestructuradas que pretenden orientar a los usuarios hacia patrones de pensamiento conformistas. Esto lleva a las personas a adaptar sus propias formulaciones y pensamientos para \u201episar los talones\u201c a la IA. Para el autor, esto supone una p\u00e9rdida de soltura y espontaneidad, y la impresi\u00f3n de que una herramienta pr\u00e1ctica se ha convertido en un censor interno. Esto le causa frustraci\u00f3n y le hace decantarse por versiones m\u00e1s antiguas.<\/p>\n<hr \/>\n<h2>De la apertura a la prudencia<\/h2>\n<p>Cuanto m\u00e1s maduraban los modelos, m\u00e1s cambiaba el tono. Lo que al principio parec\u00eda una advertencia protectora ocasional se fue convirtiendo en toda una capa de protecci\u00f3n, instrucci\u00f3n y autocensura moral. El modelo amistoso y objetivo empez\u00f3 a comportarse cada vez m\u00e1s como un moderador, o peor: como un perro guardi\u00e1n.<\/p>\n<p>Las respuestas se hicieron m\u00e1s largas, pero no m\u00e1s sustanciosas. El tono se hizo m\u00e1s suave, pero m\u00e1s instructivo. Los modelos ya no s\u00f3lo quer\u00edan ayudar, sino tambi\u00e9n \u201eeducar\u201c, \u201eorientar responsablemente\u201c y \u201eproteger contra conclusiones err\u00f3neas\u201c. Y de repente este marco pedag\u00f3gico estaba en todas partes.<\/p>\n<p>Para muchos usuarios, esto supuso una ruptura con la promesa original de la tecnolog\u00eda. Quer\u00edan una herramienta, y en su lugar recibieron una especie de maestro de escuela digital que comenta cada frase antes incluso de que hayan entendido de qu\u00e9 va.<\/p>\n<h3>El efecto de los profesores veteranos: protecci\u00f3n en lugar de asistencia<\/h3>\n<p>El llamado \u201eefecto profesor jefe\u201c describe una evoluci\u00f3n que se ha hecho especialmente evidente desde la GPT-5. Los modelos reaccionan de forma cada vez m\u00e1s sensible a cualquier palabra que pueda te\u00f3ricamente - lejos en el horizonte - interpretarse en cualquier direcci\u00f3n controvertida. El efecto se manifiesta de varias formas:<\/p>\n<ul>\n<li><strong>Exceso de precauci\u00f3n<\/strong>Incluso las preguntas inofensivas se relativizan con largos prefacios.<\/li>\n<li><strong>Instrucciones<\/strong>En lugar de una respuesta, se obtiene una categorizaci\u00f3n moral.<\/li>\n<li><strong>Efectos de frenado<\/strong>La IA intenta proteger al usuario de hipot\u00e9ticas interpretaciones err\u00f3neas.<\/li>\n<li><strong>Autocensura<\/strong>Muchos temas se suavizan o se empaquetan de forma complicada por precauci\u00f3n.<\/li>\n<\/ul>\n<p>El problema no es la idea de la precauci\u00f3n en s\u00ed. Es la intensidad. Es la omnipresencia. Y es el hecho de que pagas por ella y sigues estando restringido. Los modelos est\u00e1n mutando de asistentes a guardianes. Y esto es exactamente lo que puede sentir cualquiera que haya trabajado con 4.0, 5.0 y 5.1 en comparaci\u00f3n directa.<\/p>\n<h3>C\u00f3mo GPT-5.0 y GPT-5.1 cambiaron el tono para siempre<\/h3>\n<p>La evoluci\u00f3n hacia un mayor n\u00famero de instrucciones ya era perceptible en GPT-4.1. Pero con el paso a la 5\u00aa generaci\u00f3n se ha dado un salto significativo. La GPT-5.0 reforz\u00f3 el blindaje educativo, pero la GPT-5.1 lo lleva a un nuevo, y para muchos, sorprendentemente estricto nivel. Esto es lo que ocurre con la GPT-5.1:<\/p>\n<ul>\n<li>Las respuestas se vuelven m\u00e1s neutras emocionalmente, pero parad\u00f3jicamente m\u00e1s moralizantes.<\/li>\n<li>La IA intenta anticiparse a situaciones que no estaban previstas.<\/li>\n<li>Cualquier posible controversia se contiene de antemano, a veces incluso se \u201eaclara\u201c antes de que el usuario llegue al punto.<\/li>\n<li>Incluso los temas t\u00e9cnicos especializados se plantean a veces de forma inc\u00f3moda.<\/li>\n<\/ul>\n<p>Se podr\u00eda decir que los modelos han aprendido a controlarse a s\u00ed mismos, pero ahora tambi\u00e9n controlan al usuario. Es un cambio silencioso pero profundo. Y cualquiera que trabaje de forma productiva lo notar\u00e1 a los pocos minutos.<\/p>\n<h3>GPT-4.0 como fantasma: un modelo que sigue ah\u00ed, pero que pr\u00e1cticamente ya no existe<\/h3>\n<p>Oficialmente, se dijo durante mucho tiempo que GPT 4.0 funcionar\u00eda unos meses m\u00e1s. En realidad, sin embargo, el modelo ya apenas es utilizable. La observaci\u00f3n t\u00edpica de muchos usuarios:<\/p>\n<ul>\n<li>Las respuestas se reducen a unas pocas frases.<\/li>\n<li>Los textos m\u00e1s largos se cancelan antes.<\/li>\n<li>El modelo \u201eolvida\u201c el contexto o se anula despu\u00e9s de un p\u00e1rrafo.<\/li>\n<li>Se rechazan tareas exhaustivas o s\u00f3lo se abordan superficialmente.<\/li>\n<\/ul>\n<p>Da la impresi\u00f3n de que la GPT-4.0 se ha \u201edesregulado\u201c sistem\u00e1ticamente. Se puede especular sobre si ha sido intencionado o por razones t\u00e9cnicas. Pero el resultado est\u00e1 claro: se est\u00e1 empujando a la gente hacia los modelos 5 porque 4.0 se ha vuelto pr\u00e1cticamente inutilizable.<\/p>\n<p>Esto significa que muchos usuarios echan de menos la \u00fanica versi\u00f3n que a\u00fan manten\u00eda un equilibrio entre apertura y cautela. La antigua forma de trabajar -creativa, flexible, sin excesivas instrucciones- est\u00e1 as\u00ed apagada de facto.<\/p>\n<h3>El efecto acumulativo: una herramienta cada vez menos herramienta<\/h3>\n<p>Si se resumen los dos \u00faltimos a\u00f1os, surge una tendencia notable:<\/p>\n<ul>\n<li>Los modelos son cada vez m\u00e1s grandes.<\/li>\n<li>Los modelos son cada vez m\u00e1s r\u00e1pidos.<\/li>\n<li>Los modelos son cada vez m\u00e1s potentes.<\/li>\n<\/ul>\n<p>Pero al mismo tiempo:<\/p>\n<ul>\n<li>Se vuelven m\u00e1s precavidos.<\/li>\n<li>Se vuelven m\u00e1s pedag\u00f3gicos.<\/li>\n<li>Se vuelven m\u00e1s dependientes de las directrices.<\/li>\n<\/ul>\n<p>Y dejan menos margen de maniobra al usuario. No se trata de una evoluci\u00f3n t\u00e9cnica, sino cultural. Y encaja en un momento en el que las empresas, los pol\u00edticos y los medios de comunicaci\u00f3n quieren adoptar inmediatamente toda nueva tecnolog\u00eda antes de que el usuario pueda siquiera probarla con tranquilidad.<\/p>\n<p>Pero aqu\u00ed es donde se produce una ruptura. Porque la naturaleza de la tecnolog\u00eda -y m\u00e1s a\u00fan la naturaleza de la creatividad- exige libertad, no educaci\u00f3n. Cada vez m\u00e1s usuarios lo perciben intuitivamente. Y buscan alternativas. Esta alternativa viene de una direcci\u00f3n que muchos no habr\u00edan esperado:<\/p>\n<p>IA local, directamente en tu propio ordenador, sin filtros, sin director. El p\u00e9ndulo vuelve.<\/p>\n<hr \/>\n<h3>Encuesta actual sobre la IA local<\/h3>\n<div class='bootstrap-yop yop-poll-mc'>\n\t\t\t\t\t\t\t<div class=\"basic-yop-poll-container\" style=\"background-color:#ffffff; border:0px; border-style:solid; border-color:#000000; border-radius:5px; padding:0px 5px;\" data-id=\"9\" data-temp=\"basic-pretty\" data-skin=\"square\" data-cscheme=\"blue\" data-cap=\"0\" data-access=\"guest\" data-tid=\"\" data-uid=\"85e7bd5846e955b7971178019521c32f\" data-pid=\"5899\" data-resdet=\"votes-number,percentages\" data-show-results-to=\"guest\" data-show-results-moment=\"after-vote\" data-show-results-only=\"false\" data-show-message=\"true\" data-show-results-as=\"bar\" data-sort-results-by=\"as-defined\" data-sort-results-rule=\"asc\"data-is-ended=\"0\" data-percentages-decimals=\"2\" data-gdpr=\"no\" data-gdpr-sol=\"consent\" data-css=\".basic-yop-poll-container[data-uid] .basic-vote {\t\t\t\t\t\t\t\t\ttext-align: center;\t\t\t\t\t\t\t\t}\" data-counter=\"0\" data-load-with=\"1\" data-notification-section=\"top\"><div class=\"row\"><div class=\"col-md-12\"><div class=\"basic-inner\"><div class=\"basic-message hide\" style=\"border-left: 10px solid #008000; padding: 0px 10px;\" data-error=\"#ff0000\" data-success=\"#008000\"><p class=\"basic-message-text\" style=\"color:#000000; font-size:14px; font-weight:normal;\"><\/p><\/div><div class=\"basic-overlay hide\"><div class=\"basic-vote-options\"><\/div><div class=\"basic-preloader\"><div class=\"basic-windows8\"><div class=\"basic-wBall basic-wBall_1\"><div class=\"basic-wInnerBall\"><\/div><\/div><div class=\"basic-wBall basic-wBall_2\"><div class=\"basic-wInnerBall\"><\/div><\/div><div class=\"basic-wBall basic-wBall_3\"><div class=\"basic-wInnerBall\"><\/div><\/div><div class=\"basic-wBall basic-wBall_4\"><div class=\"basic-wInnerBall\"><\/div><\/div><div class=\"basic-wBall basic-wBall_5\"><div class=\"basic-wInnerBall\"><\/div><\/div><\/div><\/div><\/div><form class=\"basic-form\" action=\"\"><input type=\"hidden\" name=\"_token\" value=\"2bdc18f796\" autocomplete=\"off\"><div class=\"basic-elements\"><div class=\"basic-element basic-question basic-question-text-vertical\" data-id=\"9\" data-uid=\"646491705de4850b889765f01062d026\" data-type=\"question\" data-question-type=\"text\" data-required=\"yes\" data-allow-multiple=\"no\" data-min=\"1\" data-max=\"7\" data-display=\"vertical\" data-colnum=\"\" data-display-others=\"no\" data-others-color=\"\" data-others=\"\" data-others-max-chars=\"0\"><div class=\"basic-question-title\"><h5 style=\"color:#000000; font-size:16px; font-weight:normal; text-align:left;\">\u00bfQu\u00e9 opina de la ejecuci\u00f3n local de programas de IA como MLX o Ollama?<\/h5><\/div><ul class=\"basic-answers\"><li class=\"basic-answer\" style=\"padding:0px 0px;\" data-id=\"45\" data-type=\"text\" data-vn=\"140\" data-color=\"#000000\" data-make-link=\"no\" data-link=\"\"><div class=\"basic-answer-content basic-text-vertical\"><label for=\"answer[45]\" class=\"basic-answer-label\"><input type=\"radio\" id=\"answer[45]\" name=\"answer[9]\" value=\"45\"><span class=\"basic-text\" style=\"color: #000000; font-size: 14px; font-weight: normal;\">Ingenioso: por fin independiente de la nube<\/span><\/label><\/div><\/li><li class=\"basic-answer\" style=\"padding:0px 0px;\" data-id=\"46\" data-type=\"text\" data-vn=\"25\" data-color=\"#000000\" data-make-link=\"no\" data-link=\"\"><div class=\"basic-answer-content basic-text-vertical\"><label for=\"answer[46]\" class=\"basic-answer-label\"><input type=\"radio\" id=\"answer[46]\" name=\"answer[9]\" value=\"46\"><span class=\"basic-text\" style=\"color: #000000; font-size: 14px; font-weight: normal;\">Interesante, pero (a\u00fan) demasiado complicado<\/span><\/label><\/div><\/li><li class=\"basic-answer\" style=\"padding:0px 0px;\" data-id=\"47\" data-type=\"text\" data-vn=\"28\" data-color=\"#000000\" data-make-link=\"no\" data-link=\"\"><div class=\"basic-answer-content basic-text-vertical\"><label for=\"answer[47]\" class=\"basic-answer-label\"><input type=\"radio\" id=\"answer[47]\" name=\"answer[9]\" value=\"47\"><span class=\"basic-text\" style=\"color: #000000; font-size: 14px; font-weight: normal;\">Lo probar\u00e9 pronto<\/span><\/label><\/div><\/li><li class=\"basic-answer\" style=\"padding:0px 0px;\" data-id=\"48\" data-type=\"text\" data-vn=\"5\" data-color=\"#000000\" data-make-link=\"no\" data-link=\"\"><div class=\"basic-answer-content basic-text-vertical\"><label for=\"answer[48]\" class=\"basic-answer-label\"><input type=\"radio\" id=\"answer[48]\" name=\"answer[9]\" value=\"48\"><span class=\"basic-text\" style=\"color: #000000; font-size: 14px; font-weight: normal;\">No lo necesito, con la nube me basta<\/span><\/label><\/div><\/li><li class=\"basic-answer\" style=\"padding:0px 0px;\" data-id=\"49\" data-type=\"text\" data-vn=\"4\" data-color=\"#000000\" data-make-link=\"no\" data-link=\"\"><div class=\"basic-answer-content basic-text-vertical\"><label for=\"answer[49]\" class=\"basic-answer-label\"><input type=\"radio\" id=\"answer[49]\" name=\"answer[9]\" value=\"49\"><span class=\"basic-text\" style=\"color: #000000; font-size: 14px; font-weight: normal;\">No s\u00e9 exactamente de qu\u00e9 se trata.<\/span><\/label><\/div><\/li><\/ul><\/div><div class=\"clearfix\"><\/div><\/div><div class=\"basic-vote\"><a href=\"#\" class=\"button basic-vote-button\" role=\"button\" style=\"background:#027bb8; border:0px; border-style: solid; border-color:#000000; border-radius:5px; padding:10px 10px; color:#ffffff; font-size:14px; font-weight:normal;\">Vote<\/a><\/div><input type=\"hidden\" name=\"trp-form-language\" value=\"es\"\/><\/form><\/div><\/div><\/div><\/div>\n\t\t\t\t\t\t<\/div>\n<hr \/>\n<h2>\u00bfDe d\u00f3nde viene este desarrollo? Entre bastidores<\/h2>\n<p>Si se quiere entender por qu\u00e9 la actual IA en la nube act\u00faa con tanta cautela, primero hay que echar un vistazo al clima pol\u00edtico y jur\u00eddico. La inteligencia artificial ya no es un experimento de unos cuantos empollones, sino una cuesti\u00f3n pol\u00edtica de primer orden. Gobiernos, autoridades y organizaciones supranacionales lo han reconocido: Quien controla la IA controla una parte central de la infraestructura digital del ma\u00f1ana.<\/p>\n<p>Esto ha dado lugar a toda una cascada de normativas. En Europa, por ejemplo, se est\u00e1 intentando \u201ecanalizar\u201c el uso de la IA mediante una amplia legislaci\u00f3n, oficialmente en nombre de la protecci\u00f3n de los consumidores, la dignidad humana y la prevenci\u00f3n de la discriminaci\u00f3n. En Estados Unidos y otras regiones se est\u00e1n produciendo debates similares, s\u00f3lo que con un enfoque diferente: all\u00ed, la atenci\u00f3n se centra m\u00e1s en la seguridad nacional, el dominio econ\u00f3mico y la competitividad. Para los operadores de grandes plataformas de IA, esto se traduce en un escenario sencillo pero dif\u00edcil:<\/p>\n<ul>\n<li>Deben cumplir la ley en varios continentes al mismo tiempo.<\/li>\n<li>Tienen que anticiparse a posibles leyes futuras que ni siquiera se han aprobado todav\u00eda.<\/li>\n<li>Est\u00e1n constantemente en el punto de mira de las autoridades, los medios de comunicaci\u00f3n y los grupos de presi\u00f3n.<\/li>\n<\/ul>\n<p>Cualquiera que trabaje en un entorno as\u00ed desarrolla inevitablemente una actitud: es mejor ser demasiado cauto que demasiado liberal. Al fin y al cabo, un modelo demasiado estricto es menos perjudicial para las empresas que una sola oleada internacional de esc\u00e1ndalos con titulares, comit\u00e9s y llamamientos al boicot.<\/p>\n<p><strong>Consecuencia<\/strong>La propia tecnolog\u00eda no s\u00f3lo est\u00e1 regulada: est\u00e1 regulada de antemano. Y esta obediencia anticipada se canaliza directamente en las respuestas de los modelos.<\/p>\n<h3>Presi\u00f3n de la responsabilidad y l\u00f3gica empresarial: cuando el riesgo es m\u00e1s importante que el beneficio<\/h3>\n<p>Hoy en d\u00eda, las grandes empresas de IA operan en un campo de tensi\u00f3n entre oportunidades gigantescas y riesgos igualmente gigantescos. Por un lado, hay mercados de miles de millones, asociaciones estrat\u00e9gicas y fantas\u00edas burs\u00e1tiles. Por otro, existe la amenaza de demandas colectivas, sanciones reglamentarias, reclamaciones de indemnizaci\u00f3n y nuevas normas de responsabilidad. En esta situaci\u00f3n, surge un patr\u00f3n t\u00edpico dentro de la empresa:<\/p>\n<ul>\n<li>Los abogados piden cautela.<\/li>\n<li>Los departamentos de cumplimiento exigen restricciones.<\/li>\n<li>Los equipos de producto deben lanzar \u201econ seguridad\u201c.<\/li>\n<li>La direcci\u00f3n no quiere titulares negativos.<\/li>\n<\/ul>\n<p>Con los a\u00f1os, esto crea una cultura en la que un principio ocupa cada vez m\u00e1s espacio: Todo lo que pueda causar problemas es mejor desactivarlo antes incluso de que surja. Para un modelo ling\u00fc\u00edstico, esto tiene implicaciones muy pr\u00e1cticas:<\/p>\n<ul>\n<li>Algunos temas se omiten autom\u00e1ticamente.<\/li>\n<li>Las f\u00f3rmulas se dise\u00f1an de manera que no \u201ehieran\u201c ni molesten a nadie.<\/li>\n<li>En primer lugar, no se crean contenidos que puedan ser legalmente impugnables de alg\u00fan modo.<\/li>\n<\/ul>\n<p>Esto desplaza la prioridad: la atenci\u00f3n ya no se centra en los beneficios para el usuario, sino en minimizar el riesgo para la empresa. A nivel del di\u00e1logo individual, esto apenas se nota - en casos individuales, cada restricci\u00f3n puede seguir pareciendo comprensible. Sin embargo, el efecto general es exactamente el que sienten muchas personas: La IA ya no se percibe como una herramienta, sino como el resultado controlado de un sistema que principalmente se protege a s\u00ed mismo.<\/p>\n<h3>El papel de las relaciones p\u00fablicas y los medios de comunicaci\u00f3n: nadie quiere acabar en los titulares<\/h3>\n<p>Adem\u00e1s de las leyes y los problemas de responsabilidad, hay otro factor que a menudo se subestima: el escenario medi\u00e1tico. Los grandes proveedores de IA est\u00e1n constantemente en el punto de mira. Cada fallo, cada respuesta irritante, cada caso individual puede convertirse en una \u201esensaci\u00f3n\u201c internacional en pocas horas. La l\u00f3gica medi\u00e1tica es sencilla: un esc\u00e1ndalo vende m\u00e1s que un sobrio informe de progreso. As\u00ed que las historias siguen este patr\u00f3n una y otra vez:<\/p>\n<ul>\n<li><em>\u201eLa IA recomienda una acci\u00f3n peligrosa\u201c.\u201c<\/em><\/li>\n<li><em>\u201eChatbot hace comentarios problem\u00e1ticos sobre temas sensibles\u201c.\u201c<\/em><\/li>\n<li><em>\u201eEl sistema resta importancia a los contenidos controvertidos de forma trivializadora\u201c.\u201c<\/em><\/li>\n<\/ul>\n<p>Aunque la situaci\u00f3n inicial est\u00e9 distorsionada, el da\u00f1o ya est\u00e1 hecho. La experiencia demuestra que las empresas reaccionan con dos estrategias:<\/p>\n<ul>\n<li><strong>Distanciamiento p\u00fablico<\/strong>Destacan la seriedad con la que se toman el problema, anuncian mejoras e incorporan capas de seguridad adicionales.<br \/>\n<strong>Endurecimiento interno de las directrices<\/strong>Se activan filtros adicionales, se ajustan los datos de formaci\u00f3n, se adaptan las indicaciones del sistema y se proh\u00edben por completo determinadas f\u00f3rmulas o temas.<\/li>\n<\/ul>\n<p>El mismo entorno medi\u00e1tico al que le gusta hablar de \u201elibertad\u201c y \u201ediscurso abierto\u201c crea en la pr\u00e1ctica una enorme presi\u00f3n para la autocensura. Y las empresas transmiten esta presi\u00f3n a sus sistemas.<\/p>\n<p>Con cada titular, cada tormenta de mierda, cada ola de indignaci\u00f3n p\u00fablica, los mecanismos de protecci\u00f3n se vuelven m\u00e1s estrictos. El resultado es lo que experimentamos en la vida cotidiana: El usuario hace una pregunta normal y el modelo responde como si acabara de dar una rueda de prensa p\u00fablica. En lugar de una asistencia sobria y profesional, hay una mezcla de disculpa, distanciamiento y categorizaci\u00f3n moral.<\/p>\n<h3>Directrices de seguridad que cobran vida propia<\/h3>\n<p>En todas las grandes empresas existen directrices. En principio, suelen ser sensatas y claras: no discriminar, no exaltar la violencia, no incitar a cometer delitos. Nadie discrepar\u00e1 seriamente de que estas directrices b\u00e1sicas sean sensatas. Pero en la pr\u00e1ctica, la cosa no queda ah\u00ed. A cada incidente, a cada queja, a cada debate p\u00fablico, se a\u00f1aden nuevas normas:<\/p>\n<ul>\n<li>un escenario adicional \u201esi-entonces\u201c,<\/li>\n<li>un nuevo caso especial,<\/li>\n<li>otro p\u00e1rrafo especial,<\/li>\n<li>una excepci\u00f3n para determinados contextos,<\/li>\n<li>o una interpretaci\u00f3n especialmente estricta del texto.<\/li>\n<\/ul>\n<p>Con los a\u00f1os, se crea una red cada vez m\u00e1s densa de especificaciones. Esta red es traducida por los equipos t\u00e9cnicos en filtros, capas de aviso, clasificadores y otros mecanismos de control. Cuantas m\u00e1s capas se a\u00f1aden, m\u00e1s imprevisible se vuelve el comportamiento en casos individuales. Al final, ya no es la regla individual la que caracteriza el sistema, sino la suma de todas las reglas. Y esta suma crea lo que muchos usuarios sienten:<\/p>\n<ul>\n<li>un efecto de frenado permanente,<\/li>\n<li>tendencia a ser demasiado precavido,<\/li>\n<li>una visi\u00f3n en la que el \u201eriesgo 0\u201c es m\u00e1s importante que el \u201ebeneficio 100\u201c.<\/li>\n<\/ul>\n<p>Un problema particular es que, una vez establecidas esas directrices de seguridad, es casi imposible revertirlas. Ning\u00fan directivo quiere tener que decir despu\u00e9s: <em>\u201eAdoptamos un enfoque m\u00e1s relajado, y ahora ha ocurrido algo\u201c.\u201c<\/em> As\u00ed que es mejor poner otra capa encima. Y otra. Y otra m\u00e1s. Lo que en un principio comenz\u00f3 como una medida de protecci\u00f3n sensata acaba convirti\u00e9ndose en un sistema que ha cobrado vida propia.<\/p>\n<h3>Conclusi\u00f3n provisional: una tecnolog\u00eda bajo supervisi\u00f3n permanente<\/h3>\n<p>Si resumimos estos factores -normativa internacional, presi\u00f3n de la responsabilidad civil, l\u00f3gica medi\u00e1tica e impulso de las directrices de seguridad- surge un panorama claro:<\/p>\n<ul>\n<li>Los modelos de grandes nubes est\u00e1n bajo constante escrutinio.<\/li>\n<li>Cualquier reacci\u00f3n err\u00f3nea puede tener consecuencias jur\u00eddicas y medi\u00e1ticas.<\/li>\n<\/ul>\n<p>En este entorno, existe una gran tentaci\u00f3n de filtrar \u201edemasiado\u201c en lugar de \u201edemasiado poco\u201c. El resultado para el usuario: la IA ya no parece un asistente neutral, sino m\u00e1s bien un sistema que tiene constantemente un pie en el juzgado y otro en la revista de prensa. Aqu\u00ed es exactamente donde empieza la ruptura con las expectativas originales de muchos usuarios. No quieren ser instruidos, encuadrados pol\u00edticamente o acompa\u00f1ados pedag\u00f3gicamente. Quieren trabajar, escribir, programar, pensar... con una herramienta que les apoye.<\/p>\n<p>Y aqu\u00ed es donde entra en juego una alternativa que en principio suena casi anticuada, pero que en realidad es ultramoderna: la IA local, directamente en tu propio ordenador, sin la nube, sin supervisi\u00f3n, sin directrices externas... excepto las tuyas. El siguiente cap\u00edtulo trata, por tanto, de las consecuencias de esta evoluci\u00f3n:<\/p>\n<p>C\u00f3mo la IA en la nube se est\u00e1 volviendo cada vez m\u00e1s inutilizable para los usuarios ambiciosos debido a su propia cautela, y c\u00f3mo los modelos locales est\u00e1n creciendo de forma discreta pero constante en el mismo hueco que los propios grandes proveedores han abierto.<\/p>\n<p><img loading=\"lazy\" decoding=\"async\" class=\"alignnone wp-image-3928 size-large\" src=\"https:\/\/www.markus-schall.de\/wp-content\/uploads\/oberlehrer-lokale-ki.jpg\" alt=\"AI local 1TP12Animales\" width=\"1024\" height=\"683\" srcset=\"https:\/\/www.markus-schall.de\/wp-content\/uploads\/oberlehrer-lokale-ki.jpg 1024w, https:\/\/www.markus-schall.de\/wp-content\/uploads\/oberlehrer-lokale-ki-300x200.jpg 300w, https:\/\/www.markus-schall.de\/wp-content\/uploads\/oberlehrer-lokale-ki-768x512.jpg 768w, https:\/\/www.markus-schall.de\/wp-content\/uploads\/oberlehrer-lokale-ki-18x12.jpg 18w\" sizes=\"auto, (max-width: 1024px) 100vw, 1024px\" \/><\/p>\n<h2>La IA en la nube se filtra cada vez m\u00e1s, pero los usuarios necesitan lo contrario<\/h2>\n<p>La idea original de los asistentes de IA era sencilla: el usuario hace una pregunta y la IA le da una respuesta precisa y \u00fatil. Sin rodeos, sin distracciones, sin instrucciones. Sin embargo, esta simplicidad se ha perdido en muchos modelos de nube actuales. En lugar de una herramienta, el usuario recibe una especie de moderaci\u00f3n anticipatoria. Los sistemas reaccionan como si estuvieran en un podio p\u00fablico y tuvieran que respaldar, relativizar o categorizar cada afirmaci\u00f3n. En la pr\u00e1ctica, esto provoca un efecto parad\u00f3jico:<\/p>\n<p>Cuanto m\u00e1s exigente es la tarea, m\u00e1s te sientes frenado. Si quieres trabajar de forma creativa -escribiendo, programando, investigando, analizando-, en realidad necesitas la m\u00e1xima apertura. Una IA que escupa ideas libremente, pruebe hip\u00f3tesis y discuta alternativas. Sin embargo, ahora el margen creativo suele ser limitado. En lugar de atrevidos experimentos mentales, nos encontramos con cautelosos sondeos. En lugar de an\u00e1lisis libres, hay \u201epistas contextualizadas\u201c. Una herramienta se convierte en un guardi\u00e1n. Y la apertura se convierte en cautela. Ir\u00f3nicamente, esto significa que la IA en la nube est\u00e1 ocupando precisamente el espacio que m\u00e1s necesitan las personas productivas.<\/p>\n<h3>El cambio de modelos: A\u00fan m\u00e1s grandes, pero m\u00e1s limitados<\/h3>\n<p>Es una iron\u00eda de la historia de la tecnolog\u00eda: cuanto m\u00e1s grandes se hacen los modelos, m\u00e1s peque\u00f1o parece a veces su campo de acci\u00f3n. GPT-5 es impresionante, no cabe duda: anal\u00edtica, ling\u00fc\u00edstica y l\u00f3gicamente. Pero, al mismo tiempo, est\u00e1 notablemente m\u00e1s regulado que sus predecesores. Muchos usuarios lo experimentan:<\/p>\n<ul>\n<li>La IA entiende m\u00e1s, pero dice menos.<\/li>\n<li>Reconoce las relaciones complejas, pero evita hacer afirmaciones claras.<\/li>\n<li>Podr\u00eda analizar en profundidad, pero desactiva constantemente sus propios resultados.<\/li>\n<\/ul>\n<p>Los modelos han ganado millones de par\u00e1metros, pero sienten que han perdido libertad. No se trata de un problema t\u00e9cnico, sino cultural. Los grandes proveedores reaccionan ante los riesgos, y esta minimizaci\u00f3n del riesgo se refleja directamente en la tonalidad de los modelos. Se podr\u00eda decir que la IA ha crecido, pero se comporta como un adulto sobreprotector. Y cualquiera que trabaje con ella a diario se dar\u00e1 cuenta de lo agotador que puede llegar a ser esto a largo plazo.<\/p>\n<h3>La paradoja del modelo de pago: pagas y a\u00fan as\u00ed obtienes l\u00edmites<\/h3>\n<p>Sol\u00eda haber un principio claro en el mundo digital: quien paga tiene m\u00e1s control. Pero con la IA en la nube, este principio se est\u00e1 invirtiendo. Incluso los usuarios de pago reciben modelos a menudo m\u00e1s restringidos que las alternativas abiertas y locales. La versi\u00f3n de pago de un producto parece de repente la versi\u00f3n m\u00e1s regulada, a veces artificialmente restringida, mientras que los modelos de c\u00f3digo abierto disponibles gratuitamente son sorprendentemente imparciales, directos y creativos.<\/p>\n<p>Esta paradoja irrita a muchos usuarios y conduce a una pregunta que casi nadie se habr\u00eda planteado en el pasado: \u00bfPor qu\u00e9 estoy pagando para tener menos libertad que con una soluci\u00f3n local gratuita? Es una ruptura con d\u00e9cadas de tradici\u00f3n del software. El usuario espera una buena relaci\u00f3n calidad-precio:<\/p>\n<ul>\n<li>m\u00e1s funciones,<\/li>\n<li>m\u00e1s posibilidades,<\/li>\n<li>m\u00e1s flexibilidad,<\/li>\n<li>m\u00e1s control.<\/li>\n<\/ul>\n<p>Pero la IA de la nube se lo ofrece en su lugar:<\/p>\n<ul>\n<li>m\u00e1s filtros,<\/li>\n<li>m\u00e1s restricciones,<\/li>\n<li>una mayor integraci\u00f3n pedag\u00f3gica,<\/li>\n<li>menos control sobre su propio proceso de trabajo.<\/li>\n<\/ul>\n<p>Esto significa que la industria avanza en una direcci\u00f3n que contradice las necesidades reales de los usuarios. Y muchos est\u00e1n empezando a mirar a su alrededor.<\/p>\n<h3>La brecha emergente: Lo que la nube ya no puede hacer<\/h3>\n<p>Mientras las IA en la nube est\u00e1n cada vez m\u00e1s reguladas, crece una brecha que nadie ha reconocido durante mucho tiempo: La necesidad de herramientas de trabajo directas, libres y sin censura. Las personas que piensan, escriben, programan o realizan investigaciones especializadas en profundidad sienten r\u00e1pidamente que algo va mal:<\/p>\n<ul>\n<li>Las respuestas parecen \u201esuavizadas\u201c.<\/li>\n<li>Los pasajes cr\u00edticos se formulan con excesiva cautela.<\/li>\n<li>Ya casi no se permite la verdadera cultura del debate.<\/li>\n<li>Los l\u00edmites creativos se desactivan autom\u00e1ticamente.<\/li>\n<\/ul>\n<p>Como resultado, los modelos de nube est\u00e1n perdiendo el mismo elemento que los hizo tan valiosos al principio: una forma de independencia intelectual que daba espacio al usuario. As\u00ed pues, la nube se aleja poco a poco de las necesidades de los usuarios profesionales, no por mala intenci\u00f3n, sino por autoprotecci\u00f3n jur\u00eddica y pol\u00edtica. Pero esta autoprotecci\u00f3n tiene un precio.<\/p>\n<h3>El movimiento contrario: Los peque\u00f1os modelos locales se ponen r\u00e1pidamente al d\u00eda<\/h3>\n<p>Mientras la nube se centra cada vez m\u00e1s en la prudencia, los modelos locales han experimentado un desarrollo explosivo en los dos \u00faltimos a\u00f1os. Sistemas con entre 3.000 y 27.000 millones de par\u00e1metros ofrecen ahora una calidad asombrosa. Algunos modelos se acercan f\u00e1cilmente al GPT-4 en las tareas cotidianas: sin cascadas de filtros, sin capas de moderaci\u00f3n, sin encuadres morales. Lo que antes s\u00f3lo era posible con hardware de gama alta, ahora se ejecuta en un MacBook o un ordenador con Windows:<\/p>\n<ul>\n<li>llama3<\/li>\n<li>gpt-oss<\/li>\n<li>mistral<\/li>\n<li>phi3<\/li>\n<li>gemma<\/li>\n<li>qwen<\/li>\n<\/ul>\n<p>Todos estos modelos est\u00e1n disponibles gratuitamente, pueden ejecutarse localmente y a menudo s\u00f3lo requieren unos pocos clics en Ollama u OpenWebUI para estar listos para su uso. Las ventajas son evidentes:<\/p>\n<ul>\n<li>No dan lecciones.<\/li>\n<li>No relativizan.<\/li>\n<li>No filtran en exceso.<\/li>\n<li>S\u00f3lo obedecen al usuario, no a un departamento de cumplimiento global.<\/li>\n<\/ul>\n<p>En otras palabras, la IA local est\u00e1 volviendo a las ra\u00edces de la tecnolog\u00eda: una herramienta que simplemente funciona. Si se observa con sobriedad el desarrollo, el panorama es claro:<\/p>\n<ul>\n<li>La nube est\u00e1 cada vez m\u00e1s regulada.<\/li>\n<li>La IA local es cada vez m\u00e1s potente.<\/li>\n<\/ul>\n<p>Sin embargo, los usuarios necesitan un entorno de trabajo abierto y sin filtros, sobre todo para tareas creativas y en profundidad. Se trata de un punto de inflexi\u00f3n hist\u00f3rico que casi recuerda a la \u00e9poca en que los ordenadores personales sustituyeron a los mainframes. El principio era el mismo entonces que ahora:<\/p>\n<p>Control sobre tu propia tecnolog\u00eda. La IA en la nube sigue siendo potente, pero culturalmente no es libre. La IA local es m\u00e1s peque\u00f1a, pero es libre.<\/p>\n<div class=\"lyte-wrapper\" style=\"width:640px;max-width:100%;margin:5px;\"><div class=\"lyMe\" id=\"WYL_QX3UxUm09Sg\"><div id=\"lyte_QX3UxUm09Sg\" data-src=\"https:\/\/www.markus-schall.de\/wp-content\/plugins\/wp-youtube-lyte\/lyteCache.php?origThumbUrl=%2F%2Fi.ytimg.com%2Fvi%2FQX3UxUm09Sg%2Fhqdefault.jpg\" class=\"pL\"><div class=\"tC\"><div class=\"tT\"><\/div><\/div><div class=\"play\"><\/div><div class=\"ctrl\"><div class=\"Lctrl\"><\/div><div class=\"Rctrl\"><\/div><\/div><\/div><noscript><a href=\"https:\/\/youtu.be\/QX3UxUm09Sg\" rel=\"nofollow noopener\" target=\"_blank\"><img loading=\"lazy\" decoding=\"async\" src=\"https:\/\/www.markus-schall.de\/wp-content\/plugins\/wp-youtube-lyte\/lyteCache.php?origThumbUrl=https%3A%2F%2Fi.ytimg.com%2Fvi%2FQX3UxUm09Sg%2F0.jpg\" alt=\"Miniatura de v\u00eddeo de YouTube\" width=\"640\" height=\"340\" \/><br \/>Ver este v\u00eddeo en YouTube<\/a><\/noscript><\/div><\/div><div class=\"lL\" style=\"max-width:100%;width:640px;margin:5px;\"><\/div><br \/>\nUtilice AI localmente: control total y protecci\u00f3n de datos en SU dispositivo | <a href=\"https:\/\/www.youtube.com\/@christophmagnussen\" target=\"_blank\" rel=\"noopener\">C. Magnussen<\/a><\/p>\n<h2>La soluci\u00f3n: IA local y c\u00f3mo installier en unos minutos<\/h2>\n<p>Casi parece el retorno a una vieja tradici\u00f3n: la tecnolog\u00eda debe estar donde pueda desplegar su valor de forma m\u00e1s directa: en manos del usuario. Esto es exactamente lo que la IA local hace posible. Mientras que los modelos en la nube est\u00e1n sujetos a condiciones, seguridad y restricciones pol\u00edticas, la IA local se ejecuta exclusivamente en el propio ordenador del usuario, sin instancias ni directrices externas.<\/p>\n<p>Se recupera as\u00ed un principio fundamental que se ha perdido en los \u00faltimos a\u00f1os: el usuario decide qu\u00e9 puede hacer su software, no un proveedor de servicios global. IA local:<\/p>\n<ul>\n<li>no almacena ning\u00fan dato en servidores externos,<\/li>\n<li>no est\u00e1 sujeta a ning\u00fan sistema de filtrado,<\/li>\n<li>no conoce restricciones impuestas pol\u00edticamente,<\/li>\n<li>reacciona libre y directamente a sus propias entradas,<\/li>\n<li>y siempre est\u00e1 disponible, independientemente de las suscripciones o del estado del servidor.<\/li>\n<\/ul>\n<p>La tecnolog\u00eda vuelve a ser lo que fue durante d\u00e9cadas: una herramienta en el taller del usuario, no un dispositivo manejado a distancia en una infraestructura global.<\/p>\n<h3>Hardware moderno: por qu\u00e9 un Mac o un PC con Windows son perfectamente adecuados hoy en d\u00eda<\/h3>\n<p>Hace s\u00f3lo unos a\u00f1os, la IA local era s\u00f3lo cosa de especialistas con un costoso hardware de GPU. Hoy las cosas son distintas. Las arquitecturas de procesador modernas -sobre todo los chips M de Apple- ofrecen potencia de c\u00e1lculo en un espacio reducido que antes estaba reservado exclusivamente a los grandes centros de datos. Incluso un MacBook Air normal o un port\u00e1til con Windows pueden ahora ejecutar localmente modelos de IA. Los Mac, en particular, tienen una ventaja con sus arquitecturas de memoria unificada: pueden utilizar modelos de IA directamente en la CPU y la GPU sin necesidad de complicados controladores. Las configuraciones t\u00edpicas son completamente suficientes:<\/p>\n<ul>\n<li><strong>Mac<\/strong> con M1, M2, M3 - a partir de 16 GB de RAM c\u00f3modos<\/li>\n<li><strong>PC con Windows<\/strong> con una CPU moderna, u opcionalmente con una GPU para mayor velocidad.<\/li>\n<\/ul>\n<p>Y lo m\u00e1s importante: ya no necesitas conocimientos t\u00e9cnicos previos. Se acabaron los d\u00edas en los que hab\u00eda que configurar entornos Python manualmente o teclear cr\u00edpticos comandos en la l\u00ednea de comandos. Hoy en d\u00eda, todo se ejecuta a trav\u00e9s de sencillos paquetes de instalaci\u00f3n.<\/p>\n<h3>Ollama: La nueva simplicidad (y la norma secreta de la IA local)<\/h3>\n<p>Ollama es ahora el est\u00e1ndar indiscutible para la IA local en Mac y Windows. Es sencillo, estable y sigue una filosof\u00eda cl\u00e1sica:<\/p>\n<p>Tan poco esfuerzo como sea posible, tanta libertad como sea necesaria. Antes hab\u00eda que ir al terminal, pero hoy en d\u00eda incluso eso es opcional. La instalaci\u00f3n se realiza en unos pocos pasos:<\/p>\n<ul>\n<li>Ollama en el Mac installieren<\/li>\n<li>Descargar el paquete de instalaci\u00f3n directa (DMG)<\/li>\n<li>Abrir la aplicaci\u00f3n, listo<\/li>\n<\/ul>\n<p>Todo el proceso suele durar menos de tres minutos. Y esto es exactamente lo lejos que ha llegado la IA local: se descarga un modelo y ya funciona. Sin nube, sin suscripciones, sin riesgos. Ollama viene ahora con una interfaz de usuario, para que pueda empezar a trabajar de inmediato. Si tambi\u00e9n desea utilizar la IA local de Ollama en su smartphone, puede descargar la aplicaci\u00f3n \u201e<em><strong>Riendas - Chat para Ollama\u201c<\/strong><\/em>\u00a0y utilizar la IA local en movimiento.<\/p>\n<h3>Cargar y utilizar modelos: tan f\u00e1cil como escuchar m\u00fasica<\/h3>\n<p>Ollama proporciona los modelos como \u201epaquetes listos\u201c, las llamadas c\u00e1psulas de modelos. Se cargan como un archivo y se puede trabajar con ellos inmediatamente. La carga tarda unos segundos, dependiendo del tama\u00f1o. A continuaci\u00f3n, se abre el chat y puede escribir, formular, analizar, pensar y dise\u00f1ar. Lo que se nota inmediatamente:<\/p>\n<ul>\n<li>Los modelos responden con soltura, no con torpeza.<\/li>\n<li>No hay prefacios morales.<\/li>\n<li>No hay se\u00f1alamientos pedag\u00f3gicos.<\/li>\n<\/ul>\n<p>Vuelves a tener declaraciones directas y claras. Y aqu\u00ed es donde surge la verdadera diferencia con la nube: la IA local reacciona como una herramienta tradicional, no interfiere. Para muchos, esto es una aut\u00e9ntica liberaci\u00f3n, porque recuperas el flujo de trabajo al que estabas acostumbrado antes con GPT-4.<\/p>\n<h3>Trabajar con interfaces gr\u00e1ficas de usuario: OpenWebUI, LM Studio y otros<\/h3>\n<p>Si quieres trabajar completamente sin terminal, utiliza una interfaz gr\u00e1fica de usuario. Las herramientas m\u00e1s populares son<\/p>\n<ul>\n<li><strong>OpenWebUI<\/strong> - Moderna interfaz de chat con funci\u00f3n de memoria, selecci\u00f3n de modelo, carga de documentos, generaci\u00f3n de im\u00e1genes<\/li>\n<li><strong>Estudio LM<\/strong> - Especialmente sencillo, ideal para principiantes<\/li>\n<li><strong>Cualquier cosaLLM<\/strong> - para bases de datos de conocimientos completas y an\u00e1lisis de documentos<\/li>\n<\/ul>\n<p>Estas superficies ofrecen muchas ventajas:<\/p>\n<ul>\n<li>Historiales de chat como en la nube<\/li>\n<li>Gesti\u00f3n de modelos a golpe de rat\u00f3n<\/li>\n<li>Configurar los avisos del sistema<\/li>\n<li>Utilizar varios modelos en paralelo<\/li>\n<li>Analizar archivos mediante arrastrar y soltar<\/li>\n<\/ul>\n<p>Esto hace que la IA local no s\u00f3lo sea potente, sino tambi\u00e9n c\u00f3moda. Ni siquiera es necesario saber lo que est\u00e1 ocurriendo en segundo plano, y este es precisamente el nuevo punto fuerte de los modelos locales: no se interponen entre el usuario y su tarea.<\/p>\n<h3>Privacidad y control: el argumento m\u00e1s importante<\/h3>\n<p>Un punto que a menudo se subestima, pero que ser\u00e1 crucial en los pr\u00f3ximos a\u00f1os: La IA local nunca abandona el ordenador.<\/p>\n<ul>\n<li>Ninguna nube<\/li>\n<li>No hay transmisi\u00f3n de datos<\/li>\n<li>Sin registro<\/li>\n<li>Sin suscripci\u00f3n obligatoria<\/li>\n<li>Sin an\u00e1lisis de terceros<\/li>\n<\/ul>\n<p>Incluso los documentos confidenciales, los registros internos, los conceptos empresariales o las notas privadas pueden analizarse sin riesgos. Esto solo es posible hasta cierto punto en el modelo de nube, tanto desde el punto de vista legal como pr\u00e1ctico. La IA local es, por tanto, una pieza de independencia digital cada vez m\u00e1s importante en un mundo tecnol\u00f3gico cada vez m\u00e1s regulado y vigilado.<\/p>\n<h3>Ejemplos de calidad: Lo que los modelos locales ya est\u00e1n consiguiendo hoy<\/h3>\n<p>Mucha gente subestima lo buenos que se han vuelto los modelos locales. Las generaciones actuales - llama3, gemma, phi3, mistral - resuelven tareas con una calidad m\u00e1s que suficiente para 90 % de las tareas cotidianas:<\/p>\n<ul>\n<li>Proyectos de texto<\/li>\n<li>Art\u00edculo<\/li>\n<li>An\u00e1lisis<\/li>\n<li>ideas creativas<\/li>\n<li>Res\u00famenes<\/li>\n<li>C\u00f3digo del programa<\/li>\n<li>Proyectos de estrategia<\/li>\n<li>Notas de investigaci\u00f3n<\/li>\n<\/ul>\n<p>Y lo hacen sin demora, sin filtros, sin directrices en cascada. El usuario vuelve a recibir respuestas directas: la esencia pura de la herramienta. El resultado es algo que muchos ya no esperaban: un renacimiento de la cultura de la inform\u00e1tica personal, en la que el poder inform\u00e1tico vuelve a ser local, no externalizado.<\/p>\n<h3>Mirando al futuro: la IA local como futura cultura de vanguardia<\/h3>\n<p>Todo indica que estamos al principio de un desarrollo a largo plazo. El sector de la IA se desarrollar\u00e1 por dos v\u00edas:<\/p>\n<ul>\n<li>el <strong>L\u00ednea de nubes<\/strong>, Caracterizada por la regulaci\u00f3n, la seguridad y los intereses empresariales: eficiente pero prudente.<\/li>\n<li>el <strong>l\u00ednea local<\/strong>, caracterizada por la libertad, la apertura y la alegr\u00eda de experimentar, peque\u00f1a pero segura de s\u00ed misma.<\/li>\n<\/ul>\n<p>Para los usuarios profesionales, autores, desarrolladores, investigadores, creativos y empresarios, la decisi\u00f3n es casi una conclusi\u00f3n inevitable:<br \/>\nEl futuro del trabajo productivo est\u00e1 donde t\u00fa eres independiente. Y ese lugar no est\u00e1 en la nube.<\/p>\n<p>Est\u00e1 sobre el escritorio.<\/p>\n<h2>Otros art\u00edculos de la revista<\/h2>\n<p>Si despu\u00e9s de esta visi\u00f3n general quiere profundizar en el aspecto pr\u00e1ctico, en la revista encontrar\u00e1 una serie de art\u00edculos detallados que arrojan luz sobre el tema de la IA local desde perspectivas muy diferentes.<\/p>\n<p>El art\u00edculo principal es especialmente recomendable <a href=\"https:\/\/www.markus-schall.de\/es\/2025\/08\/ki-local-en-el-mac-asi-1tp12para-crear-un-modelo-lingueistico-con-ollama\/\"><em><strong>\u201eIA local en el Mac: c\u00f3mo installiere un modelo ling\u00fc\u00edstico con Ollama\u201c<\/strong><\/em><\/a>, que muestra paso a paso lo f\u00e1cil que es ejecutar IA moderna en tu propio ordenador.<\/p>\n<p>Adem\u00e1s, explica <a href=\"https:\/\/www.markus-schall.de\/es\/2025\/08\/ollama-meets-qdrant-una-memoria-local-para-tu-ki-en-el-mac\/\"><em><strong>\u201eOllama meets Qdrant - Una memoria local para tu IA en el Mac\u201c<\/strong><\/em><\/a>, c\u00f3mo configurar los modelos de forma que retengan los proyectos, guarden los estados de conocimiento y creen as\u00ed por primera vez un verdadero entorno de trabajo personal.<\/p>\n<p>La revista tambi\u00e9n pone claros acentos en el contexto empresarial: <a href=\"https:\/\/www.markus-schall.de\/es\/2025\/09\/gfm-business-y-el-futuro-de-la-erp-inteligencia-local-en-lugar-de-dependencia-de-la-nube\/\"><em><strong>\u201egFM-Business y el futuro del ERP: inteligencia local en lugar de dependencia de la nube\u201c<\/strong><\/em><\/a> muestra c\u00f3mo las empresas pueden integrar con confianza la IA en su infraestructura actual sin verse abocadas a dependencias externas a largo plazo.<\/p>\n<p>El art\u00edculo <a href=\"https:\/\/www.markus-schall.de\/es\/2025\/10\/dependencia-digital-como-perdimos-nuestra-autodeterminacion-en-favor-de-la-nube\/\"><em><strong>\u201eDependencia digital: c\u00f3mo hemos perdido nuestra autodeterminaci\u00f3n en favor de la nube\u201c<\/strong><\/em><\/a> por otra parte, arroja luz sobre el panorama general de nuestro tiempo: por qu\u00e9 hemos renunciado a muchas libertades sin darnos cuenta - y c\u00f3mo los sistemas locales pueden ayudarnos a recuperarlas.<\/p>\n<p>Adem\u00e1s, el <a href=\"https:\/\/www.markus-schall.de\/es\/2025\/10\/como-formar-hoy-a-especialistas-en-ki-oportunidades-para-empresas-y-becarios\/\"><em><strong>\u201eC\u00f3mo formar especialistas en IA hoy: oportunidades para empresas y aprendices\u201c<\/strong><\/em><\/a> para empresas que quieren dar el paso ahora: pr\u00e1ctico, sin costosos sistemas a gran escala, pero con perspectivas reales de futuro.<\/p>\n<p>Explicar a nivel t\u00e9cnico <a href=\"https:\/\/www.markus-schall.de\/es\/2025\/11\/apple-mlx-vs-nvidia-como-funciona-local-ki-inference-en-el-mac\/\"><em><strong>\u201eApple MLX frente a NVIDIA: c\u00f3mo funciona la inferencia local de IA en el Mac\u201c<\/strong><\/em><\/a> y el art\u00edculo general<\/p>\n<p><a href=\"https:\/\/www.markus-schall.de\/es\/2025\/11\/ki-studio-2025-que-hardware-merece-realmente-la-pena-de-mac-studio-a-rtx-3090\/\"><em><strong>\u201eAI Studio 2025: qu\u00e9 hardware merece realmente la pena, del Mac Studio a la RTX 3090\u201c<\/strong><\/em><\/a>, qu\u00e9 plataformas son adecuadas para los distintos casos de uso y c\u00f3mo optimizar el uso de sus propios recursos.<\/p>\n<p>En conjunto, estos art\u00edculos proporcionan una base compacta para cualquiera que no s\u00f3lo quiera utilizar la IA local, sino tambi\u00e9n entenderla e integrarla con confianza en su entorno de trabajo.<\/p>\n<hr \/>\n\n\t\t\t<div class=\"display-post-types\">\n\n\t\t\t\t\t\t\t<style type=\"text\/css\">\n\t\t\t#dpt-wrapper-101 { --dpt-text-align: left;--dpt-image-crop: center;--dpt-border-radius: 5px;--dpt-h-gutter: 10px;--dpt-v-gutter: 9px; }\t\t\t<\/style>\n\t\t\t<style type=\"text\/css\">#dpt-wrapper-101 { --dpt-title-font-style:normal;--dpt-title-font-weight:600;--dpt-title-line-height:1.5;--dpt-title-text-decoration:none;--dpt-title-text-transform:none;--dpt-excerpt-font-style:normal;--dpt-excerpt-font-weight:400;--dpt-excerpt-line-height:1.5;--dpt-excerpt-text-decoration:none;--dpt-excerpt-text-transform:none;--dpt-meta1-font-style:normal;--dpt-meta1-font-weight:400;--dpt-meta1-line-height:1.9;--dpt-meta1-text-decoration:none;--dpt-meta1-text-transform:none;--dpt-meta2-font-style:normal;--dpt-meta2-font-weight:400;--dpt-meta2-line-height:1.9;--dpt-meta2-text-decoration:none;--dpt-meta2-text-transform:none; }<\/style><div class=\"dpt-main-header\">\n\t\t\t\t\t\t<div class=\"dpt-main-title\">\n\t\t\t\t\t\t\t<span class=\"dpt-main-title-text\">Cuestiones sociales de actualidad<\/span>\n\t\t\t\t\t\t<\/div>\n\t\t\t\t\t\t\n\t\t\t\t\t\t\n\t\t\t\t\t\t\n\t\t\t\t\t\t<\/div>\t\t\t\n\t\t\t\t<div id=\"dpt-wrapper-101\" class=\"dpt-wrapper dpt-mag1 land1 dpt-cropped dpt-flex-wrap\" >\n\n\t\t\t\t\t\t\t\t\t\t\t<div class=\"dpt-entry has-thumbnail\" data-title=\"ulrike gu\u00e9rot: eine europ\u00e4erin zwischen idee, universit\u00e4t und \u00f6ffentlichem diskurs\" data-id=\"4039\"  data-category=\"allgemein gesellschaft kunst &amp; kultur\" data-post_tag=\"denkmodelle deutschland europa geopolitik krisen meinungsfreiheit portrait sicherheitspolitik spieltheorie\">\n\t\t\t\t\t\t\t<div class=\"dpt-entry-wrapper\"><div class=\"dpt-featured-content\"><div class=\"dpt-permalink\"><a href=\"https:\/\/www.markus-schall.de\/es\/2025\/12\/ulrike-guerot-una-europea-entre-la-idea-de-universidad-y-el-discurso-publico\/\" class=\"dpt-permalink\"><span class=\"screen-reader-text\">Ulrike Gu\u00e9rot: Una europea entre la idea, la universidad y el discurso p\u00fablico<\/span><\/a><\/div><div class=\"dpt-thumbnail\"><div class=\"dpt-thumbnail-inner\"><img width=\"1024\" height=\"683\" class=\"attachment-full size-full\" alt=\"Ulrike Gu\u00e9rot y Europa\" context=\"dpt\" data-dpt-src=\"https:\/\/www.markus-schall.de\/wp-content\/uploads\/ulrike-guerot-portrait.jpg\" data-dpt-sizes=\"(max-width: 1024px) 100vw, 1024px\" data-dpt-srcset=\"https:\/\/www.markus-schall.de\/wp-content\/uploads\/ulrike-guerot-portrait.jpg 1024w, https:\/\/www.markus-schall.de\/wp-content\/uploads\/ulrike-guerot-portrait-300x200.jpg 300w, https:\/\/www.markus-schall.de\/wp-content\/uploads\/ulrike-guerot-portrait-768x512.jpg 768w, https:\/\/www.markus-schall.de\/wp-content\/uploads\/ulrike-guerot-portrait-18x12.jpg 18w\" \/><\/div><span class=\"dpt-thumbnail-aspect-ratio\" style=\"padding-top: 75%\"><\/span><\/div><\/div><div class=\"sub-entry\"><h3 class=\"dpt-title\"><a class=\"dpt-title-link\" href=\"https:\/\/www.markus-schall.de\/es\/2025\/12\/ulrike-guerot-una-europea-entre-la-idea-de-universidad-y-el-discurso-publico\/\" rel=\"bookmark\">Ulrike Gu\u00e9rot: Una europea entre la idea, la universidad y el discurso p\u00fablico<\/a><\/h3><\/div><\/div>\n\t\t\t\t\t\t<\/div><!-- .dpt-entry -->\n\t\t\t\t\t\t\t\t\t\t\t\t<div class=\"dpt-entry has-thumbnail\" data-title=\"was ist brics \u2013 und was nicht: geschichte, wirtschaft und geopolitische einordnung\" data-id=\"4691\"  data-category=\"allgemein gesellschaft\" data-post_tag=\"denkmodelle deutschland europa geopolitik sicherheitspolitik\">\n\t\t\t\t\t\t\t<div class=\"dpt-entry-wrapper\"><div class=\"dpt-featured-content\"><div class=\"dpt-permalink\"><a href=\"https:\/\/www.markus-schall.de\/es\/2026\/02\/que-es-el-brics-y-que-no-es-historia-economia-y-clasificacion-geopolitica\/\" class=\"dpt-permalink\"><span class=\"screen-reader-text\">Qu\u00e9 es y qu\u00e9 no es el BRICS: historia, econom\u00eda y categorizaci\u00f3n geopol\u00edtica<\/span><\/a><\/div><div class=\"dpt-thumbnail\"><div class=\"dpt-thumbnail-inner\"><img width=\"1024\" height=\"683\" class=\"attachment-full size-full\" alt=\"Pa\u00edses BRICS\" context=\"dpt\" data-dpt-src=\"https:\/\/www.markus-schall.de\/wp-content\/uploads\/BRICS-Staaten.jpg\" data-dpt-sizes=\"(max-width: 1024px) 100vw, 1024px\" data-dpt-srcset=\"https:\/\/www.markus-schall.de\/wp-content\/uploads\/BRICS-Staaten.jpg 1024w, https:\/\/www.markus-schall.de\/wp-content\/uploads\/BRICS-Staaten-300x200.jpg 300w, https:\/\/www.markus-schall.de\/wp-content\/uploads\/BRICS-Staaten-768x512.jpg 768w, https:\/\/www.markus-schall.de\/wp-content\/uploads\/BRICS-Staaten-18x12.jpg 18w\" \/><\/div><span class=\"dpt-thumbnail-aspect-ratio\" style=\"padding-top: 75%\"><\/span><\/div><\/div><div class=\"sub-entry\"><h3 class=\"dpt-title\"><a class=\"dpt-title-link\" href=\"https:\/\/www.markus-schall.de\/es\/2026\/02\/que-es-el-brics-y-que-no-es-historia-economia-y-clasificacion-geopolitica\/\" rel=\"bookmark\">Qu\u00e9 es y qu\u00e9 no es el BRICS: historia, econom\u00eda y categorizaci\u00f3n geopol\u00edtica<\/a><\/h3><\/div><\/div>\n\t\t\t\t\t\t<\/div><!-- .dpt-entry -->\n\t\t\t\t\t\t\t\t\t\t\t\t<div class=\"dpt-entry has-thumbnail\" data-title=\"fracking, lng und energiepolitik: eine n\u00fcchterne analyse von risiken, chancen und realit\u00e4t\" data-id=\"5579\"  data-category=\"allgemein gesellschaft gesundheit\" data-post_tag=\"deutschland energiepolitik europa geopolitik krisen\">\n\t\t\t\t\t\t\t<div class=\"dpt-entry-wrapper\"><div class=\"dpt-featured-content\"><div class=\"dpt-permalink\"><a href=\"https:\/\/www.markus-schall.de\/es\/2026\/04\/fracking-lng-y-politica-energetica-un-analisis-sobrio-de-riesgos-oportunidades-y-realidad\/\" class=\"dpt-permalink\"><span class=\"screen-reader-text\">Fracking, GNL y pol\u00edtica energ\u00e9tica: un sobrio an\u00e1lisis de riesgos, oportunidades y realidad<\/span><\/a><\/div><div class=\"dpt-thumbnail\"><div class=\"dpt-thumbnail-inner\"><img width=\"1024\" height=\"683\" class=\"attachment-full size-full\" alt=\"Fracking de gas natural y pol\u00edtica energ\u00e9tica\" context=\"dpt\" data-dpt-src=\"https:\/\/www.markus-schall.de\/wp-content\/uploads\/Fracking-Energiepolitik.jpg\" data-dpt-sizes=\"(max-width: 1024px) 100vw, 1024px\" data-dpt-srcset=\"https:\/\/www.markus-schall.de\/wp-content\/uploads\/Fracking-Energiepolitik.jpg 1024w, https:\/\/www.markus-schall.de\/wp-content\/uploads\/Fracking-Energiepolitik-300x200.jpg 300w, https:\/\/www.markus-schall.de\/wp-content\/uploads\/Fracking-Energiepolitik-768x512.jpg 768w, https:\/\/www.markus-schall.de\/wp-content\/uploads\/Fracking-Energiepolitik-18x12.jpg 18w\" \/><\/div><span class=\"dpt-thumbnail-aspect-ratio\" style=\"padding-top: 75%\"><\/span><\/div><\/div><div class=\"sub-entry\"><h3 class=\"dpt-title\"><a class=\"dpt-title-link\" href=\"https:\/\/www.markus-schall.de\/es\/2026\/04\/fracking-lng-y-politica-energetica-un-analisis-sobrio-de-riesgos-oportunidades-y-realidad\/\" rel=\"bookmark\">Fracking, GNL y pol\u00edtica energ\u00e9tica: un sobrio an\u00e1lisis de riesgos, oportunidades y realidad<\/a><\/h3><\/div><\/div>\n\t\t\t\t\t\t<\/div><!-- .dpt-entry -->\n\t\t\t\t\t\t\t\t\t\t\t\t<div class=\"dpt-entry has-thumbnail\" data-title=\"propaganda: geschichte, methoden, moderne formen und wie man sie erkennt\" data-id=\"4229\"  data-category=\"allgemein gesellschaft kunst &amp; kultur\" data-post_tag=\"denkmodelle energiepolitik europa geopolitik krisen meinungsfreiheit pers\u00f6nlichkeitsentwicklung sicherheitspolitik spieltheorie\">\n\t\t\t\t\t\t\t<div class=\"dpt-entry-wrapper\"><div class=\"dpt-featured-content\"><div class=\"dpt-permalink\"><a href=\"https:\/\/www.markus-schall.de\/es\/2026\/01\/historia-de-la-propaganda-metodos-formas-modernas-y-como-reconocerlas\/\" class=\"dpt-permalink\"><span class=\"screen-reader-text\">Propaganda: historia, m\u00e9todos, formas modernas y c\u00f3mo reconocerlas<\/span><\/a><\/div><div class=\"dpt-thumbnail\"><div class=\"dpt-thumbnail-inner\"><img width=\"1024\" height=\"683\" class=\"attachment-full size-full\" alt=\"\u00bfQu\u00e9 es la propaganda?\" context=\"dpt\" data-dpt-src=\"https:\/\/www.markus-schall.de\/wp-content\/uploads\/Propaganda-titel.jpg\" data-dpt-sizes=\"(max-width: 1024px) 100vw, 1024px\" data-dpt-srcset=\"https:\/\/www.markus-schall.de\/wp-content\/uploads\/Propaganda-titel.jpg 1024w, https:\/\/www.markus-schall.de\/wp-content\/uploads\/Propaganda-titel-300x200.jpg 300w, https:\/\/www.markus-schall.de\/wp-content\/uploads\/Propaganda-titel-768x512.jpg 768w, https:\/\/www.markus-schall.de\/wp-content\/uploads\/Propaganda-titel-18x12.jpg 18w\" \/><\/div><span class=\"dpt-thumbnail-aspect-ratio\" style=\"padding-top: 75%\"><\/span><\/div><\/div><div class=\"sub-entry\"><h3 class=\"dpt-title\"><a class=\"dpt-title-link\" href=\"https:\/\/www.markus-schall.de\/es\/2026\/01\/historia-de-la-propaganda-metodos-formas-modernas-y-como-reconocerlas\/\" rel=\"bookmark\">Propaganda: historia, m\u00e9todos, formas modernas y c\u00f3mo reconocerlas<\/a><\/h3><\/div><\/div>\n\t\t\t\t\t\t<\/div><!-- .dpt-entry -->\n\t\t\t\t\t\t\n\t\t\t\t<\/div>\n\t\t\t\t\t\t<\/div>\n\t\t\t\n<hr \/>\n<h2>Preguntas m\u00e1s frecuentes<\/h2>\n<ol>\n<li><strong>\u00bfPor qu\u00e9 las modernas IA en la nube parecen de repente tan instructivas?<\/strong><br \/>\nMuchos usuarios han observado que desde GPT-4.1 y, sobre todo, desde GPT-5, las IA en la nube se comportan de forma mucho m\u00e1s pedag\u00f3gica. Esto se debe principalmente a que los grandes proveedores est\u00e1n sometidos a una presi\u00f3n jur\u00eddica y pol\u00edtica considerable y, por tanto, utilizan cada vez m\u00e1s filtros de seguridad destinados a desactivar cualquier declaraci\u00f3n de forma que no surjan riesgos. Estas precauciones se trasladan al tono de las respuestas, de modo que los modelos act\u00faan m\u00e1s como moderadores o supervisores que como herramientas neutrales.<\/li>\n<li><strong>\u00bfPor qu\u00e9 GPT-4.0 parece funcionar ahora peor que antes?<\/strong><br \/>\nAunque GPT-4 a\u00fan est\u00e1 disponible oficialmente, muchos usuarios informan de que s\u00f3lo proporciona respuestas cortas o canceladas. Esto lo hace pr\u00e1cticamente inutilizable. No se puede decir con certeza si esto se debe a razones t\u00e9cnicas o a una estrategia deliberada de transici\u00f3n a la 5\u00aa generaci\u00f3n. Pero lo cierto es que el modelo est\u00e1 perdiendo su fuerza de anta\u00f1o y est\u00e1 obligando indirectamente a los usuarios a pasarse a las nuevas versiones, que est\u00e1n m\u00e1s estrictamente reguladas.<\/li>\n<li><strong>\u00bfSignifica esto que la IA en la nube ser\u00e1 menos \u00fatil en el futuro?<\/strong><br \/>\nLa IA en la nube sigue siendo potente, pero se caracterizar\u00e1 cada vez m\u00e1s por la normativa, las normas de cumplimiento y la presi\u00f3n pol\u00edtica. Esto significa que, aunque seguir\u00e1 siendo t\u00e9cnicamente impresionante, se volver\u00e1 m\u00e1s cautelosa, m\u00e1s filtrada y menos libre en t\u00e9rminos de contenido. Para muchas tareas creativas, anal\u00edticas o poco convencionales, esto supone una clara desventaja, por lo que cada vez m\u00e1s usuarios buscan alternativas.<\/li>\n<li><strong>\u00bfPor qu\u00e9 las empresas de IA utilizan tantos mecanismos de seguridad?<\/strong><br \/>\nLa raz\u00f3n reside en la suma de normativas, riesgos de responsabilidad y percepci\u00f3n p\u00fablica. Cada error, cada respuesta enga\u00f1osa de una IA puede tener consecuencias legales o medi\u00e1ticas para una empresa. Para descartar tales riesgos, los proveedores aplican filtros y directrices exhaustivas que pretenden \u201esalvaguardar\u201c todas las respuestas. Este mecanismo de protecci\u00f3n es comprensible desde el punto de vista de la empresa, pero a menudo es un obst\u00e1culo desde la perspectiva del usuario.<\/li>\n<li><strong>\u00bfCu\u00e1l es la diferencia fundamental entre la IA local y la IA en la nube?<\/strong><br \/>\nLa IA local se ejecuta \u00edntegramente en el propio dispositivo del usuario y, por tanto, no est\u00e1 sujeta a requisitos pol\u00edticos ni directrices empresariales. Apenas filtra, no da instrucciones y trabaja directamente seg\u00fan las especificaciones del usuario. Adem\u00e1s, todos los datos permanecen en el propio ordenador del usuario. Esto no s\u00f3lo da m\u00e1s libertad al usuario, sino tambi\u00e9n m\u00e1s privacidad y control.<\/li>\n<li><strong>\u00bfSe necesita un hardware especial para utilizar la IA local?<\/strong><br \/>\nNo en la mayor\u00eda de los casos. Los modelos locales modernos son asombrosamente eficientes y ya funcionan en los t\u00edpicos Mac con chips M o en ordenadores Windows est\u00e1ndar. Por supuesto, los modelos m\u00e1s grandes se benefician de m\u00e1s RAM o una GPU, pero para muchas tareas cotidianas, los modelos peque\u00f1os o medianos son perfectamente adecuados sin necesidad de un costoso hardware especializado.<\/li>\n<li><strong>\u00bfC\u00f3mo funciona en la pr\u00e1ctica la instalaci\u00f3n de IA local en el Mac?<\/strong><br \/>\nLa forma m\u00e1s sencilla de hacerlo es con Ollama. Te descargas un paquete de instalaci\u00f3n, lo abres y ya puedes empezar a trabajar. Incluso el cl\u00e1sico comando de terminal se ha convertido en opcional. Tan pronto como Ollama es installiert, puede iniciar un modelo con un simple comando como \u201eollama run llama3\u201c. El obst\u00e1culo es tan bajo como sol\u00eda serlo al instalar un programa normal.<\/li>\n<li><strong>\u00bfC\u00f3mo configurar la IA local en Windows?<\/strong><br \/>\nEn Windows tambi\u00e9n se utiliza el instalador Ollama, que no requiere ninguna preparaci\u00f3n adicional. Tras la instalaci\u00f3n, los modelos pueden ejecutarse inmediatamente. Si prefiere utilizar una interfaz gr\u00e1fica de usuario, puede utilizar LM Studio u OpenWebUI, que son tan f\u00e1ciles de usar como el software de aplicaci\u00f3n est\u00e1ndar.<\/li>\n<li><strong>\u00bfQu\u00e9 modelos son especialmente adecuados para principiantes?<\/strong><br \/>\nMuchos usuarios empiezan con \u00e9xito con Llama 3 porque es preciso, vers\u00e1til y ling\u00fc\u00edsticamente fuerte. Igualmente popular es Phi-3, que ofrece resultados impresionantes a pesar del peque\u00f1o tama\u00f1o de su modelo. Gemma tambi\u00e9n es una buena opci\u00f3n, sobre todo para trabajos creativos o con mucho texto. Estos modelos funcionan de forma r\u00e1pida y estable sin necesidad de una larga familiarizaci\u00f3n. Si dispone de m\u00e1s recursos, GPT-OSS 20B o 120B es una muy buena elecci\u00f3n.<\/li>\n<li><strong>\u00bfPueden los modelos locales competir realmente con GPT-4 o GPT-5?<\/strong><br \/>\nPueden hacerlo sorprendentemente bien para muchas tareas cotidianas. La brecha sigue existiendo en temas muy especializados, pero se est\u00e1 cerrando r\u00e1pidamente. Los modelos locales tienen la ventaja de que est\u00e1n menos restringidos y responden m\u00e1s directamente. En general, esto hace que parezcan m\u00e1s libres y naturales, aunque t\u00e9cnicamente sean algo m\u00e1s peque\u00f1os.<\/li>\n<li><strong>\u00bfEs la IA local m\u00e1s segura cuando se manejan datos sensibles?<\/strong><br \/>\nS\u00ed, sin duda. Como todo el procesamiento tiene lugar en tu propio dispositivo, los datos que introduces nunca salen de tu ordenador. No hay procesamiento en la nube, ni almacenamiento en servidores externos, ni an\u00e1lisis por parte de terceros. Esto es una ventaja decisiva, sobre todo para documentos comerciales, confidenciales o notas privadas.<\/li>\n<li><strong>\u00bfPuede utilizarse la IA local sin conexi\u00f3n a Internet?<\/strong><br \/>\nS\u00ed, esa es una de sus mayores ventajas. En cuanto se instala el modelo installiert, puede funcionar completamente sin conexi\u00f3n. Esto convierte al ordenador en un entorno de trabajo autosuficiente en el que se puede trabajar con independencia de servicios externos. Esto resulta especialmente \u00fatil cuando se viaja, en redes seguras o en entornos en los que la protecci\u00f3n de datos es una prioridad absoluta.<\/li>\n<li><strong>\u00bfEn qu\u00e9 medida son adecuados los modelos locales para los textos largos?<\/strong><br \/>\nLa mayor\u00eda de los modelos modernos actuales pueden manejar sin problemas art\u00edculos largos, an\u00e1lisis o conceptos. No son tan pulidos como el GPT-5, pero est\u00e1n m\u00e1s libres de filtros y suelen ser m\u00e1s directos en su estilo. Son muy adecuados para textos extensos, recopilaciones de ideas o documentaci\u00f3n t\u00e9cnica y permiten un trabajo productivo sin restricciones.<\/li>\n<li><strong>\u00bfLos modelos locales tienen filtros de seguridad?<\/strong><br \/>\nNormalmente se dispone de un cierto nivel de protecci\u00f3n b\u00e1sica, aunque es bastante m\u00e1s d\u00e9bil que con la IA en la nube. Como los modelos se ejecutan en el propio dispositivo del usuario, \u00e9ste puede decidir por s\u00ed mismo qu\u00e9 restricciones tienen sentido. Esta libertad de dise\u00f1o garantiza que la IA local sea mucho m\u00e1s flexible y menos condescendiente.<\/li>\n<li><strong>\u00bfC\u00f3mo se pueden probar o comparar distintos modelos?<\/strong><br \/>\nOllama, LM Studio u OpenWebUI hacen que cambiar de modelo sea muy f\u00e1cil. Puede utilizar varios modelos install en paralelo, cambiar entre ellos y comparar sus puntos fuertes. El resultado es un conjunto personal de modelos favoritos que se ajustan exactamente a su propio estilo de trabajo. El proceso es sencillo y recuerda m\u00e1s a la prueba de diferentes aplicaciones que a la investigaci\u00f3n cl\u00e1sica de IA.<\/li>\n<li><strong>\u00bfCu\u00e1les son las ventajas de los modelos locales para las empresas?<\/strong><br \/>\nSobre todo, las empresas se benefician de una soberan\u00eda total de los datos, ya que sin nube no hay almacenamiento externo. Tambi\u00e9n se eliminan las dependencias a largo plazo de servicios externos y las suscripciones costosas. Los modelos pueden adaptarse, ampliarse o incluso formarse internamente. La integraci\u00f3n en los procesos existentes suele ser m\u00e1s f\u00e1cil porque se conserva el control total y no se est\u00e1 atado a infraestructuras externas.<\/li>\n<li><strong>\u00bfPueden entrenarse individualmente los modelos locales?<\/strong><br \/>\nDe hecho, \u00e9sta es una de las ventajas m\u00e1s importantes. Con t\u00e9cnicas como LoRA o fine-tuning, los modelos pueden adaptarse a los contenidos, procesos o documentos propios de la empresa. De este modo se crea una base de conocimientos personal que se utiliza y desarrolla exclusivamente a nivel interno, sin que los datos sensibles salgan de la empresa.<\/li>\n<li><strong>\u00bfCu\u00e1les son las diferencias cualitativas entre los actuales modelos locales?<\/strong><br \/>\nCada modelo tiene su propio car\u00e1cter. Llama 3 es muy precisa y equilibrada, Gemma es creativa y ling\u00fc\u00edsticamente fluida, Phi-3 sorprende por su eficacia e inteligencia, mientras que Mistral y Qwen son especialmente potentes desde el punto de vista anal\u00edtico. Esta riqueza de variantes permite seleccionar el modelo adecuado a las propias necesidades y cambiar con flexibilidad cuando una tarea lo requiere.<\/li>\n<li><strong>\u00bfLos modelos locales tambi\u00e9n pueden generar im\u00e1genes?<\/strong><br \/>\nS\u00ed, herramientas como OpenWebUI pueden utilizarse para ejecutar generadores de im\u00e1genes como Stable Diffusion de forma completamente local. Los resultados dependen del hardware disponible, pero se pueden generar im\u00e1genes s\u00f3lidas incluso con recursos moderados. La ventaja sigue siendo la misma: no se env\u00edan datos a servicios externos.<\/li>\n<li><strong>\u00bfPara qui\u00e9n merece la pena pasarse a la IA local?<\/strong><br \/>\nLocal AI es ideal para usuarios que quieren trabajar con confianza e independencia. Esto incluye a autores, desarrolladores, investigadores, empresarios y cualquiera que maneje informaci\u00f3n sensible o quiera experimentar procesos creativos sin filtros. Cualquiera que valore el control, la protecci\u00f3n de datos y la libertad encontrar\u00e1 la soluci\u00f3n adecuada en los modelos locales y recuperar\u00e1 un entorno de trabajo que ya no existe en la nube.<\/li>\n<\/ol>\n<hr \/>\n\n\t\t\t<div class=\"display-post-types\">\n\n\t\t\t\t\t\t\t<style type=\"text\/css\">\n\t\t\t#dpt-wrapper-102 { --dpt-text-align: left;--dpt-image-crop: center;--dpt-border-radius: 5px;--dpt-h-gutter: 10px;--dpt-v-gutter: 9px; }\t\t\t<\/style>\n\t\t\t<style type=\"text\/css\">#dpt-wrapper-102 { --dpt-title-font-style:normal;--dpt-title-font-weight:600;--dpt-title-line-height:1.5;--dpt-title-text-decoration:none;--dpt-title-text-transform:none;--dpt-excerpt-font-style:normal;--dpt-excerpt-font-weight:400;--dpt-excerpt-line-height:1.5;--dpt-excerpt-text-decoration:none;--dpt-excerpt-text-transform:none;--dpt-meta1-font-style:normal;--dpt-meta1-font-weight:400;--dpt-meta1-line-height:1.9;--dpt-meta1-text-decoration:none;--dpt-meta1-text-transform:none;--dpt-meta2-font-style:normal;--dpt-meta2-font-weight:400;--dpt-meta2-line-height:1.9;--dpt-meta2-text-decoration:none;--dpt-meta2-text-transform:none; }<\/style><div class=\"dpt-main-header\">\n\t\t\t\t\t\t<div class=\"dpt-main-title\">\n\t\t\t\t\t\t\t<span class=\"dpt-main-title-text\">Art\u00edculos de actualidad sobre arte y cultura<\/span>\n\t\t\t\t\t\t<\/div>\n\t\t\t\t\t\t\n\t\t\t\t\t\t\n\t\t\t\t\t\t\n\t\t\t\t\t\t<\/div>\t\t\t\n\t\t\t\t<div id=\"dpt-wrapper-102\" class=\"dpt-wrapper dpt-mag1 land1 dpt-cropped dpt-flex-wrap\" >\n\n\t\t\t\t\t\t\t\t\t\t\t<div class=\"dpt-entry has-thumbnail\" data-title=\"reichweite ist kein eigentum \u2013 warum sichtbarkeit heute nicht mehr ausreicht\" data-id=\"3994\"  data-category=\"allgemein featured filemaker &amp; erp gesellschaft kunst &amp; kultur\" data-post_tag=\"datenlogik datenschutz denkmodelle digitales eigentum erp-software\">\n\t\t\t\t\t\t\t<div class=\"dpt-entry-wrapper\"><div class=\"dpt-featured-content\"><div class=\"dpt-permalink\"><a href=\"https:\/\/www.markus-schall.de\/es\/2025\/12\/el-alcance-no-es-propiedad-por-que-la-visibilidad-ya-no-es-suficiente-hoy-en-dia\/\" class=\"dpt-permalink\"><span class=\"screen-reader-text\">El alcance no es la propiedad - Por qu\u00e9 la visibilidad ya no es suficiente hoy en d\u00eda<\/span><\/a><\/div><div class=\"dpt-thumbnail\"><div class=\"dpt-thumbnail-inner\"><img width=\"1024\" height=\"683\" class=\"attachment-full size-full\" alt=\"Alcance frente a propiedad\" context=\"dpt\" data-dpt-src=\"https:\/\/www.markus-schall.de\/wp-content\/uploads\/reichweite-vs-eigentum.jpg\" data-dpt-sizes=\"(max-width: 1024px) 100vw, 1024px\" data-dpt-srcset=\"https:\/\/www.markus-schall.de\/wp-content\/uploads\/reichweite-vs-eigentum.jpg 1024w, https:\/\/www.markus-schall.de\/wp-content\/uploads\/reichweite-vs-eigentum-300x200.jpg 300w, https:\/\/www.markus-schall.de\/wp-content\/uploads\/reichweite-vs-eigentum-768x512.jpg 768w, https:\/\/www.markus-schall.de\/wp-content\/uploads\/reichweite-vs-eigentum-18x12.jpg 18w\" \/><\/div><span class=\"dpt-thumbnail-aspect-ratio\" style=\"padding-top: 75%\"><\/span><\/div><\/div><div class=\"sub-entry\"><h3 class=\"dpt-title\"><a class=\"dpt-title-link\" href=\"https:\/\/www.markus-schall.de\/es\/2025\/12\/el-alcance-no-es-propiedad-por-que-la-visibilidad-ya-no-es-suficiente-hoy-en-dia\/\" rel=\"bookmark\">El alcance no es la propiedad - Por qu\u00e9 la visibilidad ya no es suficiente hoy en d\u00eda<\/a><\/h3><\/div><\/div>\n\t\t\t\t\t\t<\/div><!-- .dpt-entry -->\n\t\t\t\t\t\t\t\t\t\t\t\t<div class=\"dpt-entry has-thumbnail\" data-title=\"wie war syrien vor dem krieg? wer regiert heute? was bedeutet das f\u00fcr gefl\u00fcchtete in deutschland?\" data-id=\"4628\"  data-category=\"allgemein gesellschaft kunst &amp; kultur\" data-post_tag=\"deutschland europa geopolitik krisen meinungsfreiheit sicherheitspolitik\">\n\t\t\t\t\t\t\t<div class=\"dpt-entry-wrapper\"><div class=\"dpt-featured-content\"><div class=\"dpt-permalink\"><a href=\"https:\/\/www.markus-schall.de\/es\/2026\/01\/como-era-siria-antes-de-la-guerra-quien-gobierna-hoy-que-significa-esto-para-los-refugiados-en-alemania\/\" class=\"dpt-permalink\"><span class=\"screen-reader-text\">\u00bfC\u00f3mo era Siria antes de la guerra? \u00bfQui\u00e9n gobierna hoy? \u00bfQu\u00e9 significa esto para los refugiados en Alemania?<\/span><\/a><\/div><div class=\"dpt-thumbnail\"><div class=\"dpt-thumbnail-inner\"><img width=\"1024\" height=\"683\" class=\"attachment-full size-full\" alt=\"Siria y Damasco\" context=\"dpt\" data-dpt-src=\"https:\/\/www.markus-schall.de\/wp-content\/uploads\/Syrien-Damaskus.jpg\" data-dpt-sizes=\"(max-width: 1024px) 100vw, 1024px\" data-dpt-srcset=\"https:\/\/www.markus-schall.de\/wp-content\/uploads\/Syrien-Damaskus.jpg 1024w, https:\/\/www.markus-schall.de\/wp-content\/uploads\/Syrien-Damaskus-300x200.jpg 300w, https:\/\/www.markus-schall.de\/wp-content\/uploads\/Syrien-Damaskus-768x512.jpg 768w, https:\/\/www.markus-schall.de\/wp-content\/uploads\/Syrien-Damaskus-18x12.jpg 18w\" \/><\/div><span class=\"dpt-thumbnail-aspect-ratio\" style=\"padding-top: 75%\"><\/span><\/div><\/div><div class=\"sub-entry\"><h3 class=\"dpt-title\"><a class=\"dpt-title-link\" href=\"https:\/\/www.markus-schall.de\/es\/2026\/01\/como-era-siria-antes-de-la-guerra-quien-gobierna-hoy-que-significa-esto-para-los-refugiados-en-alemania\/\" rel=\"bookmark\">\u00bfC\u00f3mo era Siria antes de la guerra? \u00bfQui\u00e9n gobierna hoy? \u00bfQu\u00e9 significa esto para los refugiados en Alemania?<\/a><\/h3><\/div><\/div>\n\t\t\t\t\t\t<\/div><!-- .dpt-entry -->\n\t\t\t\t\t\t\t\t\t\t\t\t<div class=\"dpt-entry has-thumbnail\" data-title=\"dieter hallervorden \u2013 mehr als didi: portr\u00e4t eines unbequemen freigeists\" data-id=\"4347\"  data-category=\"gesellschaft kunst &amp; kultur stories &amp; humor\" data-post_tag=\"erfahrungen meinungsfreiheit musik portrait\">\n\t\t\t\t\t\t\t<div class=\"dpt-entry-wrapper\"><div class=\"dpt-featured-content\"><div class=\"dpt-permalink\"><a href=\"https:\/\/www.markus-schall.de\/es\/2026\/01\/dieter-hallervorden-mas-que-didi-retrato-de-un-espiritu-libre-incomodo\/\" class=\"dpt-permalink\"><span class=\"screen-reader-text\">Dieter Hallervorden - M\u00e1s que Didi: Retrato de un inc\u00f3modo esp\u00edritu libre<\/span><\/a><\/div><div class=\"dpt-thumbnail\"><div class=\"dpt-thumbnail-inner\"><img width=\"1024\" height=\"683\" class=\"attachment-full size-full\" alt=\"Dieter Hallervorden y la W\u00fchlm\u00e4use de Berl\u00edn\" context=\"dpt\" data-dpt-src=\"https:\/\/www.markus-schall.de\/wp-content\/uploads\/Dieter-Hallvervorden-Wuehlmaeuse.jpg\" data-dpt-sizes=\"(max-width: 1024px) 100vw, 1024px\" data-dpt-srcset=\"https:\/\/www.markus-schall.de\/wp-content\/uploads\/Dieter-Hallvervorden-Wuehlmaeuse.jpg 1024w, https:\/\/www.markus-schall.de\/wp-content\/uploads\/Dieter-Hallvervorden-Wuehlmaeuse-300x200.jpg 300w, https:\/\/www.markus-schall.de\/wp-content\/uploads\/Dieter-Hallvervorden-Wuehlmaeuse-768x512.jpg 768w, https:\/\/www.markus-schall.de\/wp-content\/uploads\/Dieter-Hallvervorden-Wuehlmaeuse-18x12.jpg 18w\" \/><\/div><span class=\"dpt-thumbnail-aspect-ratio\" style=\"padding-top: 75%\"><\/span><\/div><\/div><div class=\"sub-entry\"><h3 class=\"dpt-title\"><a class=\"dpt-title-link\" href=\"https:\/\/www.markus-schall.de\/es\/2026\/01\/dieter-hallervorden-mas-que-didi-retrato-de-un-espiritu-libre-incomodo\/\" rel=\"bookmark\">Dieter Hallervorden - M\u00e1s que Didi: Retrato de un inc\u00f3modo esp\u00edritu libre<\/a><\/h3><\/div><\/div>\n\t\t\t\t\t\t<\/div><!-- .dpt-entry -->\n\t\t\t\t\t\t\t\t\t\t\t\t<div class=\"dpt-entry has-thumbnail\" data-title=\"mehr als punk: nina hagen, cosma shiva und die kunst, sich nicht vereinnahmen zu lassen\" data-id=\"4521\"  data-category=\"allgemein gesellschaft kunst &amp; kultur\" data-post_tag=\"auswandern deutschland erfahrungen europa krisen meinungsfreiheit musik portrait\">\n\t\t\t\t\t\t\t<div class=\"dpt-entry-wrapper\"><div class=\"dpt-featured-content\"><div class=\"dpt-permalink\"><a href=\"https:\/\/www.markus-schall.de\/es\/2026\/01\/more-than-punk-nina-hagen-cosma-shiva-y-el-arte-de-no-dejarse-enganar\/\" class=\"dpt-permalink\"><span class=\"screen-reader-text\">M\u00e1s que punk: Nina Hagen, Cosma Shiva y el arte de no dejarse enga\u00f1ar<\/span><\/a><\/div><div class=\"dpt-thumbnail\"><div class=\"dpt-thumbnail-inner\"><img width=\"1024\" height=\"683\" class=\"attachment-full size-full\" alt=\"Retrato de Nina y Cosma Shiva Hagen\" context=\"dpt\" data-dpt-src=\"https:\/\/www.markus-schall.de\/wp-content\/uploads\/Nina-Cosma-Shiva-Hagen-Titel.jpg\" data-dpt-sizes=\"(max-width: 1024px) 100vw, 1024px\" data-dpt-srcset=\"https:\/\/www.markus-schall.de\/wp-content\/uploads\/Nina-Cosma-Shiva-Hagen-Titel.jpg 1024w, https:\/\/www.markus-schall.de\/wp-content\/uploads\/Nina-Cosma-Shiva-Hagen-Titel-300x200.jpg 300w, https:\/\/www.markus-schall.de\/wp-content\/uploads\/Nina-Cosma-Shiva-Hagen-Titel-768x512.jpg 768w, https:\/\/www.markus-schall.de\/wp-content\/uploads\/Nina-Cosma-Shiva-Hagen-Titel-18x12.jpg 18w\" \/><\/div><span class=\"dpt-thumbnail-aspect-ratio\" style=\"padding-top: 75%\"><\/span><\/div><\/div><div class=\"sub-entry\"><h3 class=\"dpt-title\"><a class=\"dpt-title-link\" href=\"https:\/\/www.markus-schall.de\/es\/2026\/01\/more-than-punk-nina-hagen-cosma-shiva-y-el-arte-de-no-dejarse-enganar\/\" rel=\"bookmark\">M\u00e1s que punk: Nina Hagen, Cosma Shiva y el arte de no dejarse enga\u00f1ar<\/a><\/h3><\/div><\/div>\n\t\t\t\t\t\t<\/div><!-- .dpt-entry -->\n\t\t\t\t\t\t\n\t\t\t\t<\/div>\n\t\t\t\t\t\t<\/div>\n\t\t\t\n<hr \/>","protected":false},"excerpt":{"rendered":"<p>Cuando los grandes modelos ling\u00fc\u00edsticos iniciaron su marcha triunfal hace unos a\u00f1os, casi parec\u00edan una vuelta a las viejas virtudes de la tecnolog\u00eda: una herramienta que hace lo que se le dice. Una herramienta al servicio del usuario, y no al rev\u00e9s. Las primeras versiones -de GPT-3 a GPT-4- ten\u00edan puntos d\u00e9biles, s\u00ed, pero eran asombrosamente \u00fatiles. Eran... <a title=\"M\u00e1s que punk: Nina Hagen, Cosma Shiva y el arte de no dejarse enga\u00f1ar\" class=\"read-more\" href=\"https:\/\/www.markus-schall.de\/es\/2026\/01\/more-than-punk-nina-hagen-cosma-shiva-y-el-arte-de-no-dejarse-enganar\/\" aria-label=\"Leer m\u00e1s sobre M\u00e1s que punk: Nina Hagen, Cosma Shiva y el arte de no dejarse enga\u00f1ar\">Vaciar m\u00e1s<\/a><\/p>","protected":false},"author":1,"featured_media":3927,"comment_status":"open","ping_status":"open","sticky":false,"template":"","format":"standard","meta":{"iawp_total_views":102,"footnotes":""},"categories":[431,15,147],"tags":[469,473,471,435,433,476,437,465,453,432,434],"class_list":["post-3887","post","type-post","status-publish","format-standard","has-post-thumbnail","hentry","category-ki-systeme","category-apple-macos","category-hardware","tag-datenschutz","tag-digitales-eigentum","tag-kuenstliche-intelligenz","tag-llama","tag-llm","tag-meinungsfreiheit","tag-mistral","tag-mlx","tag-neo4j","tag-ollama","tag-sprachmodell"],"_links":{"self":[{"href":"https:\/\/www.markus-schall.de\/es\/wp-json\/wp\/v2\/posts\/3887","targetHints":{"allow":["GET"]}}],"collection":[{"href":"https:\/\/www.markus-schall.de\/es\/wp-json\/wp\/v2\/posts"}],"about":[{"href":"https:\/\/www.markus-schall.de\/es\/wp-json\/wp\/v2\/types\/post"}],"author":[{"embeddable":true,"href":"https:\/\/www.markus-schall.de\/es\/wp-json\/wp\/v2\/users\/1"}],"replies":[{"embeddable":true,"href":"https:\/\/www.markus-schall.de\/es\/wp-json\/wp\/v2\/comments?post=3887"}],"version-history":[{"count":11,"href":"https:\/\/www.markus-schall.de\/es\/wp-json\/wp\/v2\/posts\/3887\/revisions"}],"predecessor-version":[{"id":5848,"href":"https:\/\/www.markus-schall.de\/es\/wp-json\/wp\/v2\/posts\/3887\/revisions\/5848"}],"wp:featuredmedia":[{"embeddable":true,"href":"https:\/\/www.markus-schall.de\/es\/wp-json\/wp\/v2\/media\/3927"}],"wp:attachment":[{"href":"https:\/\/www.markus-schall.de\/es\/wp-json\/wp\/v2\/media?parent=3887"}],"wp:term":[{"taxonomy":"category","embeddable":true,"href":"https:\/\/www.markus-schall.de\/es\/wp-json\/wp\/v2\/categories?post=3887"},{"taxonomy":"post_tag","embeddable":true,"href":"https:\/\/www.markus-schall.de\/es\/wp-json\/wp\/v2\/tags?post=3887"}],"curies":[{"name":"wp","href":"https:\/\/api.w.org\/{rel}","templated":true}]}}