{"id":4039,"date":"2025-12-15T08:12:54","date_gmt":"2025-12-15T08:12:54","guid":{"rendered":"https:\/\/www.markus-schall.de\/?p=4039"},"modified":"2026-04-04T19:14:42","modified_gmt":"2026-04-04T19:14:42","slug":"ulrike-guerot-una-europea-entre-la-idea-de-universidad-y-el-discurso-publico","status":"publish","type":"post","link":"https:\/\/www.markus-schall.de\/es\/2025\/12\/ulrike-guerot-una-europea-entre-la-idea-de-universidad-y-el-discurso-publico\/","title":{"rendered":"Ulrike Gu\u00e9rot: Una europea entre la idea, la universidad y el discurso p\u00fablico"},"content":{"rendered":"<p>Hay personas cuyo pensamiento te gusta seguir no porque est\u00e9s de acuerdo con ellas en todo, sino porque se esfuerzan por penetrar en las cosas. Para m\u00ed, Ulrike Gu\u00e9rot es una de esas voces. Llevo unos a\u00f1os viendo sus conferencias, no con regularidad, no como un ritual, sino cuando me encuentro con un tema que me parece digno de atenci\u00f3n. Lo que me llama la atenci\u00f3n es que sus argumentos son serenos, estructurados y en gran medida no ideol\u00f3gicos.<\/p>\n<p>Esto no hace que sus conferencias sean espectaculares en el sentido medi\u00e1tico, pero son sostenibles. Se la puede escuchar durante mucho tiempo sin tener la sensaci\u00f3n de que intenta vender una visi\u00f3n del mundo ya hecha. Especialmente en una \u00e9poca en que los debates pol\u00edticos suelen estar cargados de moral o truncados emocionalmente, esta forma de hablar parece casi anticuada. En el mejor sentido de la palabra.<!--more--><\/p>\n<hr \/>\n\n\t\t\t<div class=\"display-post-types\">\n\n\t\t\t\t\t\t\t<style type=\"text\/css\">\n\t\t\t#dpt-wrapper-956 { --dpt-text-align: left;--dpt-image-crop: center;--dpt-border-radius: 5px;--dpt-h-gutter: 10px;--dpt-v-gutter: 9px; }\t\t\t<\/style>\n\t\t\t<style type=\"text\/css\">#dpt-wrapper-956 { --dpt-title-font-style:normal;--dpt-title-font-weight:600;--dpt-title-line-height:1.5;--dpt-title-text-decoration:none;--dpt-title-text-transform:none;--dpt-excerpt-font-style:normal;--dpt-excerpt-font-weight:400;--dpt-excerpt-line-height:1.5;--dpt-excerpt-text-decoration:none;--dpt-excerpt-text-transform:none;--dpt-meta1-font-style:normal;--dpt-meta1-font-weight:400;--dpt-meta1-line-height:1.9;--dpt-meta1-text-decoration:none;--dpt-meta1-text-transform:none;--dpt-meta2-font-style:normal;--dpt-meta2-font-weight:400;--dpt-meta2-line-height:1.9;--dpt-meta2-text-decoration:none;--dpt-meta2-text-transform:none; }<\/style><div class=\"dpt-main-header\">\n\t\t\t\t\t\t<div class=\"dpt-main-title\">\n\t\t\t\t\t\t\t<span class=\"dpt-main-title-text\">Cuestiones sociales de actualidad<\/span>\n\t\t\t\t\t\t<\/div>\n\t\t\t\t\t\t\n\t\t\t\t\t\t\n\t\t\t\t\t\t\n\t\t\t\t\t\t<\/div>\t\t\t\n\t\t\t\t<div id=\"dpt-wrapper-956\" class=\"dpt-wrapper dpt-mag1 land1 dpt-cropped dpt-flex-wrap\" >\n\n\t\t\t\t\t\t\t\t\t\t\t<div class=\"dpt-entry has-thumbnail\" data-title=\"johann sebastian bach \u2013 ordnung, haltung und das fundament unserer musik\" data-id=\"5033\"  data-category=\"allgemein gesellschaft kunst &amp; kultur\" data-post_tag=\"deutschland musik portrait\">\n\t\t\t\t\t\t\t<div class=\"dpt-entry-wrapper\"><div class=\"dpt-featured-content\"><div class=\"dpt-permalink\"><a href=\"https:\/\/www.markus-schall.de\/es\/2026\/02\/johann-sebastian-bach-orden-actitud-y-fundamento-de-nuestra-musica\/\" class=\"dpt-permalink\"><span class=\"screen-reader-text\">Johann Sebastian Bach: orden, actitud y fundamento de nuestra m\u00fasica<\/span><\/a><\/div><div class=\"dpt-thumbnail\"><div class=\"dpt-thumbnail-inner\"><img width=\"1024\" height=\"683\" class=\"attachment-full size-full\" alt=\"Retrato de Johann Sebastian Bach\" context=\"dpt\" data-dpt-src=\"https:\/\/www.markus-schall.de\/wp-content\/uploads\/Johann-Sebastian-Bach-Portrait.jpg\" data-dpt-sizes=\"(max-width: 1024px) 100vw, 1024px\" data-dpt-srcset=\"https:\/\/www.markus-schall.de\/wp-content\/uploads\/Johann-Sebastian-Bach-Portrait.jpg 1024w, https:\/\/www.markus-schall.de\/wp-content\/uploads\/Johann-Sebastian-Bach-Portrait-300x200.jpg 300w, https:\/\/www.markus-schall.de\/wp-content\/uploads\/Johann-Sebastian-Bach-Portrait-768x512.jpg 768w, https:\/\/www.markus-schall.de\/wp-content\/uploads\/Johann-Sebastian-Bach-Portrait-18x12.jpg 18w\" \/><\/div><span class=\"dpt-thumbnail-aspect-ratio\" style=\"padding-top: 75%\"><\/span><\/div><\/div><div class=\"sub-entry\"><h3 class=\"dpt-title\"><a class=\"dpt-title-link\" href=\"https:\/\/www.markus-schall.de\/es\/2026\/02\/johann-sebastian-bach-orden-actitud-y-fundamento-de-nuestra-musica\/\" rel=\"bookmark\">Johann Sebastian Bach: orden, actitud y fundamento de nuestra m\u00fasica<\/a><\/h3><\/div><\/div>\n\t\t\t\t\t\t<\/div><!-- .dpt-entry -->\n\t\t\t\t\t\t\t\t\t\t\t\t<div class=\"dpt-entry has-thumbnail\" data-title=\"mehr als punk: nina hagen, cosma shiva und die kunst, sich nicht vereinnahmen zu lassen\" data-id=\"4521\"  data-category=\"allgemein gesellschaft kunst &amp; kultur\" data-post_tag=\"auswandern deutschland erfahrungen europa krisen meinungsfreiheit musik portrait\">\n\t\t\t\t\t\t\t<div class=\"dpt-entry-wrapper\"><div class=\"dpt-featured-content\"><div class=\"dpt-permalink\"><a href=\"https:\/\/www.markus-schall.de\/es\/2026\/01\/more-than-punk-nina-hagen-cosma-shiva-y-el-arte-de-no-dejarse-enganar\/\" class=\"dpt-permalink\"><span class=\"screen-reader-text\">M\u00e1s que punk: Nina Hagen, Cosma Shiva y el arte de no dejarse enga\u00f1ar<\/span><\/a><\/div><div class=\"dpt-thumbnail\"><div class=\"dpt-thumbnail-inner\"><img width=\"1024\" height=\"683\" class=\"attachment-full size-full\" alt=\"Retrato de Nina y Cosma Shiva Hagen\" context=\"dpt\" data-dpt-src=\"https:\/\/www.markus-schall.de\/wp-content\/uploads\/Nina-Cosma-Shiva-Hagen-Titel.jpg\" data-dpt-sizes=\"(max-width: 1024px) 100vw, 1024px\" data-dpt-srcset=\"https:\/\/www.markus-schall.de\/wp-content\/uploads\/Nina-Cosma-Shiva-Hagen-Titel.jpg 1024w, https:\/\/www.markus-schall.de\/wp-content\/uploads\/Nina-Cosma-Shiva-Hagen-Titel-300x200.jpg 300w, https:\/\/www.markus-schall.de\/wp-content\/uploads\/Nina-Cosma-Shiva-Hagen-Titel-768x512.jpg 768w, https:\/\/www.markus-schall.de\/wp-content\/uploads\/Nina-Cosma-Shiva-Hagen-Titel-18x12.jpg 18w\" \/><\/div><span class=\"dpt-thumbnail-aspect-ratio\" style=\"padding-top: 75%\"><\/span><\/div><\/div><div class=\"sub-entry\"><h3 class=\"dpt-title\"><a class=\"dpt-title-link\" href=\"https:\/\/www.markus-schall.de\/es\/2026\/01\/more-than-punk-nina-hagen-cosma-shiva-y-el-arte-de-no-dejarse-enganar\/\" rel=\"bookmark\">M\u00e1s que punk: Nina Hagen, Cosma Shiva y el arte de no dejarse enga\u00f1ar<\/a><\/h3><\/div><\/div>\n\t\t\t\t\t\t<\/div><!-- .dpt-entry -->\n\t\t\t\t\t\t\t\t\t\t\t\t<div class=\"dpt-entry has-thumbnail\" data-title=\"gr\u00f6nland, trump und die frage der zugeh\u00f6rigkeit: geschichte, recht und realit\u00e4t\" data-id=\"4325\"  data-category=\"allgemein gesellschaft kunst &amp; kultur\" data-post_tag=\"europa geopolitik krisen meinungsfreiheit sicherheitspolitik spieltheorie\">\n\t\t\t\t\t\t\t<div class=\"dpt-entry-wrapper\"><div class=\"dpt-featured-content\"><div class=\"dpt-permalink\"><a href=\"https:\/\/www.markus-schall.de\/es\/2026\/01\/groenlandia-trump-y-la-cuestion-de-la-pertenencia-historia-derecho-y-realidad\/\" class=\"dpt-permalink\"><span class=\"screen-reader-text\">Groenlandia, Trump y la cuesti\u00f3n de la pertenencia: historia, derecho y realidad<\/span><\/a><\/div><div class=\"dpt-thumbnail\"><div class=\"dpt-thumbnail-inner\"><img width=\"1024\" height=\"683\" class=\"attachment-full size-full\" alt=\"Groenlandia en el punto de mira: EE UU y Trump\" context=\"dpt\" data-dpt-src=\"https:\/\/www.markus-schall.de\/wp-content\/uploads\/Groenland-USA-Trump-Titel.jpg\" data-dpt-sizes=\"(max-width: 1024px) 100vw, 1024px\" data-dpt-srcset=\"https:\/\/www.markus-schall.de\/wp-content\/uploads\/Groenland-USA-Trump-Titel.jpg 1024w, https:\/\/www.markus-schall.de\/wp-content\/uploads\/Groenland-USA-Trump-Titel-300x200.jpg 300w, https:\/\/www.markus-schall.de\/wp-content\/uploads\/Groenland-USA-Trump-Titel-768x512.jpg 768w, https:\/\/www.markus-schall.de\/wp-content\/uploads\/Groenland-USA-Trump-Titel-18x12.jpg 18w\" \/><\/div><span class=\"dpt-thumbnail-aspect-ratio\" style=\"padding-top: 75%\"><\/span><\/div><\/div><div class=\"sub-entry\"><h3 class=\"dpt-title\"><a class=\"dpt-title-link\" href=\"https:\/\/www.markus-schall.de\/es\/2026\/01\/groenlandia-trump-y-la-cuestion-de-la-pertenencia-historia-derecho-y-realidad\/\" rel=\"bookmark\">Groenlandia, Trump y la cuesti\u00f3n de la pertenencia: historia, derecho y realidad<\/a><\/h3><\/div><\/div>\n\t\t\t\t\t\t<\/div><!-- .dpt-entry -->\n\t\t\t\t\t\t\t\t\t\t\t\t<div class=\"dpt-entry has-thumbnail\" data-title=\"warum dieter bohlen spricht, wenn andere schweigen: ein portr\u00e4t \u00fcber flei\u00df und klarheit\" data-id=\"3744\"  data-category=\"allgemein gesellschaft kunst &amp; kultur\" data-post_tag=\"auswandern deutschland erfahrungen krisen meinungsfreiheit musik portrait\">\n\t\t\t\t\t\t\t<div class=\"dpt-entry-wrapper\"><div class=\"dpt-featured-content\"><div class=\"dpt-permalink\"><a href=\"https:\/\/www.markus-schall.de\/es\/2025\/12\/por-que-dieter-bohlen-habla-cuando-otros-callan-un-retrato-de-diligencia-y-claridad\/\" class=\"dpt-permalink\"><span class=\"screen-reader-text\">Por qu\u00e9 Dieter Bohlen habla cuando otros callan: Un retrato de diligencia y claridad<\/span><\/a><\/div><div class=\"dpt-thumbnail\"><div class=\"dpt-thumbnail-inner\"><img width=\"1024\" height=\"683\" class=\"attachment-full size-full\" alt=\"\" context=\"dpt\" data-dpt-src=\"https:\/\/www.markus-schall.de\/wp-content\/uploads\/Dieter-Bohlen-Portrait.jpg\" data-dpt-sizes=\"(max-width: 1024px) 100vw, 1024px\" data-dpt-srcset=\"https:\/\/www.markus-schall.de\/wp-content\/uploads\/Dieter-Bohlen-Portrait.jpg 1024w, https:\/\/www.markus-schall.de\/wp-content\/uploads\/Dieter-Bohlen-Portrait-300x200.jpg 300w, https:\/\/www.markus-schall.de\/wp-content\/uploads\/Dieter-Bohlen-Portrait-768x512.jpg 768w, https:\/\/www.markus-schall.de\/wp-content\/uploads\/Dieter-Bohlen-Portrait-18x12.jpg 18w\" \/><\/div><span class=\"dpt-thumbnail-aspect-ratio\" style=\"padding-top: 75%\"><\/span><\/div><\/div><div class=\"sub-entry\"><h3 class=\"dpt-title\"><a class=\"dpt-title-link\" href=\"https:\/\/www.markus-schall.de\/es\/2025\/12\/por-que-dieter-bohlen-habla-cuando-otros-callan-un-retrato-de-diligencia-y-claridad\/\" rel=\"bookmark\">Por qu\u00e9 Dieter Bohlen habla cuando otros callan: Un retrato de diligencia y claridad<\/a><\/h3><\/div><\/div>\n\t\t\t\t\t\t<\/div><!-- .dpt-entry -->\n\t\t\t\t\t\t\n\t\t\t\t<\/div>\n\t\t\t\t\t\t<\/div>\n\t\t\t\n<hr \/>\n<h2>\u00daltimas noticias sobre Ulrike Gu\u00e9rot<\/h2>\n<p><strong>04.04.2026<\/strong>En esta entrevista, Ulrike Gu\u00e9rot analiza la crisis energ\u00e9tica europea como un problema de origen pol\u00edtico y no como un hecho inevitable. En su opini\u00f3n, ser\u00eda posible aliviar r\u00e1pidamente las tensiones si actores pol\u00edticos como Friedrich Merz y Ursula von der Leyen buscaran activamente soluciones diplom\u00e1ticas y reanudaran las relaciones energ\u00e9ticas existentes, por ejemplo con Rusia. Gu\u00e9rot habla de una crisis fundamental de la soberan\u00eda europea: en lugar de actuar con independencia, Europa depende cada vez m\u00e1s de intereses externos, por ejemplo sustituyendo la energ\u00eda barata de los gasoductos por gas l\u00edquido caro. Al mismo tiempo, critica la creciente burocracia de la UE y la falta de control democr\u00e1tico.<\/p>\n<div class=\"lyte-wrapper\" style=\"width:640px;max-width:100%;margin:5px;\"><div class=\"lyMe\" id=\"WYL_YMhaky415WI\"><div id=\"lyte_YMhaky415WI\" data-src=\"https:\/\/www.markus-schall.de\/wp-content\/plugins\/wp-youtube-lyte\/lyteCache.php?origThumbUrl=%2F%2Fi.ytimg.com%2Fvi%2FYMhaky415WI%2Fhqdefault.jpg\" class=\"pL\"><div class=\"tC\"><div class=\"tT\"><\/div><\/div><div class=\"play\"><\/div><div class=\"ctrl\"><div class=\"Lctrl\"><\/div><div class=\"Rctrl\"><\/div><\/div><\/div><noscript><a href=\"https:\/\/youtu.be\/YMhaky415WI\" rel=\"nofollow noopener\" target=\"_blank\"><img loading=\"lazy\" decoding=\"async\" src=\"https:\/\/www.markus-schall.de\/wp-content\/plugins\/wp-youtube-lyte\/lyteCache.php?origThumbUrl=https%3A%2F%2Fi.ytimg.com%2Fvi%2FYMhaky415WI%2F0.jpg\" alt=\"Miniatura de v\u00eddeo de YouTube\" width=\"640\" height=\"340\" \/><br \/>Ver este v\u00eddeo en YouTube<\/a><\/noscript><\/div><\/div><div class=\"lL\" style=\"max-width:100%;width:640px;margin:5px;\"><\/div><br \/>\nMerz y von der Leyen podr\u00edan resolver la crisis energ\u00e9tica de inmediato (Prof Dr Ulrike Gu\u00e9rot) | (Prof Dr Ulrike Gu\u00e9rot) | (Prof Dr Ulrike Gu\u00e9rot) <a href=\"https:\/\/www.youtube.com\/@KettnerEdelmetalle\" target=\"_blank\" rel=\"nofollow noopener\">Metales preciosos Kettner<\/a><\/p>\n<p>Tambi\u00e9n se observa un peligroso cambio en las prioridades pol\u00edticas: Mientras se destinan miles de millones a proyectos geopol\u00edticos y militares, las cuestiones sociales y la estabilidad econ\u00f3mica pasan cada vez m\u00e1s a un segundo plano. Su conclusi\u00f3n: Europa necesita realinearse estrat\u00e9gicamente, definir su papel en un mundo multipolar y volver a actuar con mayor independencia para recuperar la estabilidad econ\u00f3mica y social.<\/p>\n<hr \/>\n<h2>Europa como gu\u00eda biogr\u00e1fica<\/h2>\n<p><a href=\"https:\/\/de.wikipedia.org\/wiki\/Ulrike_Gu\u00e9rot\" target=\"_blank\" rel=\"noopener\">Ulrike Gu\u00e9rot<\/a> naci\u00f3 en Grevenbroich en 1964 y creci\u00f3 en Alemania Occidental, en una \u00e9poca en la que Europa a\u00fan estaba fuertemente marcada por el orden de posguerra, la Guerra Fr\u00eda y la promesa de Occidente. Por aquel entonces, Europa no era tanto una palabra de moda como una necesidad pol\u00edtica. Esta huella recorre como un hilo rojo su vida posterior.<\/p>\n<p>Sus estudios la llevaron muy pronto m\u00e1s all\u00e1 de las fronteras nacionales: ciencias pol\u00edticas, historia y filosof\u00eda en Alemania y Francia. Su larga estancia en Par\u00eds y su contacto con diferentes culturas pol\u00edticas ejercieron una influencia especialmente duradera en su pensamiento. Europa nunca se le aparece como una instituci\u00f3n abstracta, sino como un espacio de experiencia, como algo que debe entenderse a trav\u00e9s de diferencias perdurables.<\/p>\n<h3>Primeras influencias y entorno pol\u00edtico<\/h3>\n<p>Ulrike Gu\u00e9rot creci\u00f3 en Alemania Occidental en un ambiente pol\u00edticamente interesado. El hogar de sus padres se caracterizaba por los valores burgueses cl\u00e1sicos y las discusiones pol\u00edticas formaban parte de la vida cotidiana. Europa no desempe\u00f1aba inicialmente un papel abstracto, sino que aparec\u00eda como parte natural del orden de posguerra: como garante de la paz, la estabilidad y la cooperaci\u00f3n. Esta experiencia generacional -Europa como respuesta a las rupturas hist\u00f3ricas- constituy\u00f3 un trasfondo importante para su pensamiento posterior, sin dar lugar a una direcci\u00f3n pol\u00edtica fija desde el principio.<\/p>\n<p>Esta conexi\u00f3n europea se profundiz\u00f3 durante sus estudios de ciencias pol\u00edticas, historia y filosof\u00eda en Alemania y Francia. Su larga estancia en Par\u00eds result\u00f3 especialmente formativa. All\u00ed, Gu\u00e9rot experiment\u00f3 la cultura pol\u00edtica, la comprensi\u00f3n del Estado y los debates p\u00fablicos de una forma diferente a la de Alemania. Para ella, Europa se convirti\u00f3 no s\u00f3lo en un objeto de estudio, sino tambi\u00e9n en un punto de comparaci\u00f3n: las diferencias en el funcionamiento de los sistemas pol\u00edticos, a pesar de basarse en principios democr\u00e1ticos similares. Esta experiencia agudiz\u00f3 su conciencia de las estructuras, las instituciones y las diferencias culturales, y sent\u00f3 las bases de su posterior inter\u00e9s por los modelos pol\u00edticos transnacionales.<\/p>\n<h3>Europa como espacio de reflexi\u00f3n y formaci\u00f3n<\/h3>\n<p>Esta evoluci\u00f3n biogr\u00e1fica y acad\u00e9mica explica su compromiso permanente con las cuestiones europeas. Desde muy pronto, Gu\u00e9rot entendi\u00f3 Europa no como un proyecto t\u00e9cnico de integraci\u00f3n, sino como una tarea pol\u00edtica que va m\u00e1s all\u00e1 de la econom\u00eda y la administraci\u00f3n.<\/p>\n<p>Ya durante sus a\u00f1os de estudiante y sus primeros a\u00f1os profesionales, se centr\u00f3 en cuestiones de democracia, legitimidad y ciudadan\u00eda en un contexto europeo. Para ella, Europa se convirti\u00f3 en un espacio en el que se concentran cuestiones fundamentales de la pol\u00edtica moderna: \u00bfC\u00f3mo puede organizarse la democracia en condiciones hist\u00f3ricas cambiantes? \u00bfY qu\u00e9 papel desempe\u00f1a el ciudadano individual en una comunidad pol\u00edtica m\u00e1s all\u00e1 del Estado naci\u00f3n?<\/p>\n<h3>Sin romance, sin ajuste de cuentas<\/h3>\n<p>Lo que llama la atenci\u00f3n en el enfoque de Gu\u00e9rot sobre Europa es la ausencia de dos extremos: ni cae en el romanticismo europeo ni en la acusaci\u00f3n arrolladora. Para ella, Europa no es un proyecto sacrosanto que haya que defender a toda costa. Pero tampoco es un experimento fallido al que se pueda renunciar a la ligera.<\/p>\n<p>Por el contrario, trata a Europa como un proyecto pol\u00edtico inacabado que s\u00f3lo tiene futuro si se discute abiertamente, se critica y se sigue desarrollando. Esta actitud -cr\u00edtica, pero no destructiva- explica tambi\u00e9n por qu\u00e9 sus contribuciones han encontrado tanto aprobaci\u00f3n como oposici\u00f3n a lo largo de los a\u00f1os.<\/p>\n<h3>Pensar como una obligaci\u00f3n<\/h3>\n<p>Gu\u00e9rot no se considera ante todo una activista, sino una pensadora. Su trabajo gira en torno a conceptos como democracia, ciudadan\u00eda, legitimaci\u00f3n y orden pol\u00edtico. Al hacerlo, a menudo se mantiene en un nivel que se ha vuelto poco frecuente en el discurso p\u00fablico: el nivel de los principios.<\/p>\n<p>Para ellos, Europa no es tanto una cuesti\u00f3n de actualidad pol\u00edtica como de cultura pol\u00edtica. \u00bfC\u00f3mo afrontan las sociedades la disidencia? \u00bfQu\u00e9 papel desempe\u00f1an las instituciones? \u00bfY qu\u00e9 significa ser ciudadano de una comunidad pol\u00edtica que va m\u00e1s all\u00e1 del Estado naci\u00f3n?<\/p>\n<p>Estas cuestiones est\u00e1n presentes en sus libros, conferencias y trabajos acad\u00e9micos, y constituyen el n\u00facleo de lo que puede describirse como su convicci\u00f3n europea.<\/p>\n<h2>Europa como idea, no como burocracia<\/h2>\n<p>Un motivo central del pensamiento de Ulrike Gu\u00e9rot es la distinci\u00f3n deliberada entre Europa como idea pol\u00edtica y la Uni\u00f3n Europea como entidad institucional. Para ella, esta diferenciaci\u00f3n no es un recurso ret\u00f3rico, sino una necesidad anal\u00edtica. Para Gu\u00e9rot, Europa es m\u00e1s antigua, m\u00e1s grande y m\u00e1s fundamental que los tratados, reglamentos y organismos que ahora responden a las siglas UE.<\/p>\n<p>Mientras que los debates pol\u00edticos reducen a menudo Europa a Bruselas, las directivas o las cuestiones presupuestarias, ella intenta volver a centrar la atenci\u00f3n en lo fundamental: en la cuesti\u00f3n de lo que Europa deber\u00eda ser en realidad pol\u00edtica y socialmente. En este sentido, no critica a Europa, sino una reducci\u00f3n del proyecto europeo a la administraci\u00f3n y la gesti\u00f3n de crisis.<\/p>\n<h3>Europa como proyecto republicano<\/h3>\n<p>Gu\u00e9rot describe repetidamente Europa como un proyecto republicano inacabado. No le preocupan el simbolismo ni el patetismo, sino las cuestiones fundamentales del orden pol\u00edtico:<\/p>\n<blockquote><p><em>\u00bfQui\u00e9n es el portador de la soberan\u00eda pol\u00edtica? \u00bfC\u00f3mo se crea la legitimaci\u00f3n democr\u00e1tica? \u00bfY c\u00f3mo concebir la igualdad y la participaci\u00f3n m\u00e1s all\u00e1 de las fronteras nacionales?<\/em><\/p><\/blockquote>\n<p>Su concepto de \u201erep\u00fablica europea\u201c, tantas veces citado, no pretende copiar los Estados naci\u00f3n existentes, sino una nueva arquitectura pol\u00edtica en la que los derechos civiles, la codeterminaci\u00f3n pol\u00edtica y la participaci\u00f3n social se conciban en t\u00e9rminos europeos. Si esta idea es realista o no, sigue siendo una cuesti\u00f3n abierta; lo decisivo para ella es que se planteen estas cuestiones.<\/p>\n<h3>La cr\u00edtica como expresi\u00f3n de responsabilidad<\/h3>\n<p>La cr\u00edtica de Gu\u00e9rot al desarrollo actual de la UE es menos antisist\u00e9mica de lo que se suele suponer. No se dirige contra el proyecto europeo como tal, sino contra su vaciamiento pol\u00edtico. Cuando Europa se percibe principalmente como un mecanismo de respuesta a la crisis, cree que existe el riesgo de una p\u00e9rdida de compromiso pol\u00edtico.<\/p>\n<p>Esta cr\u00edtica se formula de forma objetiva y evita el simple reparto de culpas. Los gobiernos nacionales, las instituciones europeas y los debates p\u00fablicos tienen la misma responsabilidad en la situaci\u00f3n actual. Es precisamente este equilibrio lo que hace que su posici\u00f3n sea dif\u00edcil de clasificar y, al mismo tiempo, accesible a p\u00fablicos muy diferentes.<\/p>\n<hr \/>\n<h3>Encuesta actual sobre el proyecto de identificaci\u00f3n digital de la UE<\/h3>\n<div class='bootstrap-yop yop-poll-mc'>\n\t\t\t\t\t\t\t<div class=\"basic-yop-poll-container\" style=\"background-color:#ffffff; border:0px; border-style:solid; border-color:#000000; border-radius:5px; padding:0px 5px;\" data-id=\"4\" data-temp=\"basic-pretty\" data-skin=\"square\" data-cscheme=\"blue\" data-cap=\"0\" data-access=\"guest\" data-tid=\"\" data-uid=\"aa2b54b3139cbc24ad2d9457e5516cb9\" data-pid=\"3744\" data-resdet=\"votes-number,percentages\" data-show-results-to=\"guest\" data-show-results-moment=\"after-vote\" data-show-results-only=\"false\" data-show-message=\"true\" data-show-results-as=\"bar\" data-sort-results-by=\"as-defined\" data-sort-results-rule=\"asc\"data-is-ended=\"0\" data-percentages-decimals=\"2\" data-gdpr=\"no\" data-gdpr-sol=\"consent\" data-css=\"\" data-counter=\"0\" data-load-with=\"1\" data-notification-section=\"top\"><div class=\"row\"><div class=\"col-md-12\"><div class=\"basic-inner\"><div class=\"basic-message hide\" style=\"border-left: 10px solid #008000; padding: 0px 10px;\" data-error=\"#ff0000\" data-success=\"#008000\"><p class=\"basic-message-text\" style=\"color:#000000; font-size:14px; font-weight:normal;\"><\/p><\/div><div class=\"basic-overlay hide\"><div class=\"basic-vote-options\"><\/div><div class=\"basic-preloader\"><div class=\"basic-windows8\"><div class=\"basic-wBall basic-wBall_1\"><div class=\"basic-wInnerBall\"><\/div><\/div><div class=\"basic-wBall basic-wBall_2\"><div class=\"basic-wInnerBall\"><\/div><\/div><div class=\"basic-wBall basic-wBall_3\"><div class=\"basic-wInnerBall\"><\/div><\/div><div class=\"basic-wBall basic-wBall_4\"><div class=\"basic-wInnerBall\"><\/div><\/div><div class=\"basic-wBall basic-wBall_5\"><div class=\"basic-wInnerBall\"><\/div><\/div><\/div><\/div><\/div><form class=\"basic-form\" action=\"\"><input type=\"hidden\" name=\"_token\" value=\"2809b54faf\" autocomplete=\"off\"><div class=\"basic-elements\"><div class=\"basic-element basic-question basic-question-text-vertical\" data-id=\"4\" data-uid=\"7e5fca03af77f2e5a070117dee89e91f\" data-type=\"question\" data-question-type=\"text\" data-required=\"yes\" data-allow-multiple=\"no\" data-min=\"1\" data-max=\"1\" data-display=\"vertical\" data-colnum=\"\" data-display-others=\"no\" data-others-color=\"\" data-others=\"\" data-others-max-chars=\"0\"><div class=\"basic-question-title\"><h5 style=\"color:#000000; font-size:16px; font-weight:normal; text-align:left;\">\u00bfAceptar\u00eda una identidad digital centralizada a escala de la UE?<\/h5><\/div><ul class=\"basic-answers\"><li class=\"basic-answer\" style=\"padding:0px 0px;\" data-id=\"14\" data-type=\"text\" data-vn=\"6\" data-color=\"#000000\" data-make-link=\"no\" data-link=\"\"><div class=\"basic-answer-content basic-text-vertical\"><label for=\"answer[14]\" class=\"basic-answer-label\"><input type=\"radio\" id=\"answer[14]\" name=\"answer[4]\" value=\"14\"><span class=\"basic-text\" style=\"color: #000000; font-size: 14px; font-weight: normal;\">S\u00ed, si es seguro y voluntario<\/span><\/label><\/div><\/li><li class=\"basic-answer\" style=\"padding:0px 0px;\" data-id=\"15\" data-type=\"text\" data-vn=\"9\" data-color=\"#000000\" data-make-link=\"no\" data-link=\"\"><div class=\"basic-answer-content basic-text-vertical\"><label for=\"answer[15]\" class=\"basic-answer-label\"><input type=\"radio\" id=\"answer[15]\" name=\"answer[4]\" value=\"15\"><span class=\"basic-text\" style=\"color: #000000; font-size: 14px; font-weight: normal;\">S\u00f3lo si no est\u00e1 vinculado a otros datos<\/span><\/label><\/div><\/li><li class=\"basic-answer\" style=\"padding:0px 0px;\" data-id=\"16\" data-type=\"text\" data-vn=\"119\" data-color=\"#000000\" data-make-link=\"no\" data-link=\"\"><div class=\"basic-answer-content basic-text-vertical\"><label for=\"answer[16]\" class=\"basic-answer-label\"><input type=\"radio\" id=\"answer[16]\" name=\"answer[4]\" value=\"16\"><span class=\"basic-text\" style=\"color: #000000; font-size: 14px; font-weight: normal;\">No, en principio lo rechazo.<\/span><\/label><\/div><\/li><li class=\"basic-answer\" style=\"padding:0px 0px;\" data-id=\"59\" data-type=\"text\" data-vn=\"3\" data-color=\"#000000\" data-make-link=\"no\" data-link=\"\"><div class=\"basic-answer-content basic-text-vertical\"><label for=\"answer[59]\" class=\"basic-answer-label\"><input type=\"radio\" id=\"answer[59]\" name=\"answer[4]\" value=\"59\"><span class=\"basic-text\" style=\"color: #000000; font-size: 14px; font-weight: normal;\">\u00bfQu\u00e9 es una \"identidad digital central\"?<\/span><\/label><\/div><\/li><\/ul><\/div><div class=\"clearfix\"><\/div><\/div><div class=\"basic-vote\"><a href=\"#\" class=\"button basic-vote-button\" role=\"button\" style=\"background:#027bb8; border:0px; border-style: solid; border-color:#000000; border-radius:5px; padding:10px 10px; color:#ffffff; font-size:14px; font-weight:normal;\">Vote<\/a><\/div><input type=\"hidden\" name=\"trp-form-language\" value=\"es\"\/><\/form><\/div><\/div><\/div><\/div>\n\t\t\t\t\t\t<\/div>\n<hr \/>\n<h2>Ciencia, ense\u00f1anza y discurso p\u00fablico<\/h2>\n<p>La carrera profesional de Ulrike Gu\u00e9rot est\u00e1 estrechamente vinculada a universidades, institutos de investigaci\u00f3n y grupos de reflexi\u00f3n pol\u00edtica. Ha ense\u00f1ado e investigado en Alemania, Francia, Estados Unidos y otros pa\u00edses. Esta socializaci\u00f3n acad\u00e9mica internacional moldea visiblemente su perspectiva: no ve a Europa como un caso especial, sino como parte de un desarrollo pol\u00edtico m\u00e1s amplio de las democracias modernas.<\/p>\n<p>Sus c\u00e1tedras y actividades docentes se centraron en la pol\u00edtica europea, la investigaci\u00f3n sobre la democracia y la teor\u00eda pol\u00edtica. Siempre trabaj\u00f3 en la interfaz entre la ciencia cl\u00e1sica y el an\u00e1lisis pol\u00edtico contempor\u00e1neo, un campo de tensi\u00f3n productivo pero tambi\u00e9n propenso al conflicto. En su labor docente, Gu\u00e9rot no se consideraba tanto una proveedora de respuestas prefabricadas como una fuente de inspiraci\u00f3n. Para ella, la pol\u00edtica europea no parece ser un campo cerrado de conocimiento, sino m\u00e1s bien un campo abierto que requiere contradicci\u00f3n y debate. Esta actitud corresponde a una concepci\u00f3n tradicional de la ense\u00f1anza acad\u00e9mica, en la que pensar es m\u00e1s importante que posicionarse.<\/p>\n<p>Los estudiantes se\u00f1alan repetidamente una gran exigencia de claridad argumentativa y conciencia hist\u00f3rica. Europa no se ve de forma aislada, sino integrada en cuestiones m\u00e1s amplias de orden pol\u00edtico, transformaci\u00f3n social y legitimaci\u00f3n democr\u00e1tica.<\/p>\n<h3>Entre la sala de conferencias y el p\u00fablico<\/h3>\n<p>Paralelamente a su labor acad\u00e9mica, Gu\u00e9rot busc\u00f3 desde el principio el discurso p\u00fablico. Conferencias, mesas redondas y libros son parte integrante de su trabajo. Para ella, esta publicidad no es un subproducto, sino parte de la tarea: las ideas pol\u00edticas no desarrollan su impacto en una c\u00e1mara silenciosa, sino en el di\u00e1logo.<\/p>\n<p>Fue precisamente esta visibilidad lo que la convirti\u00f3 en una voz reconocida, y al mismo tiempo vulnerable a los ataques. Cuando la ciencia se hace p\u00fablica, pierde el espacio protegido de los debates puramente especializados. Gu\u00e9rot acept\u00f3 conscientemente este riesgo, sabiendo muy bien que los debates p\u00fablicos tienen reglas diferentes a las de los seminarios acad\u00e9micos.<\/p>\n<h3>Libertad cient\u00edfica bajo presi\u00f3n<\/h3>\n<p>En los \u00faltimos a\u00f1os, se ha centrado cada vez m\u00e1s en el cambio de las condiciones del discurso p\u00fablico. La cautela, la autocensura y los l\u00edmites morales se han hecho m\u00e1s fuertes, incluso en las universidades. Vincula esta observaci\u00f3n no s\u00f3lo a su experiencia personal, sino tambi\u00e9n a una preocupaci\u00f3n fundamental sobre el papel de la ciencia en la sociedad.<\/p>\n<p>Seg\u00fan su argumento recurrente, la ciencia debe poder sentirse inc\u00f3moda. Tiene que hacer preguntas, aunque las respuestas no sean de su agrado. Esta actitud constituye la transici\u00f3n hacia la ruptura que iba a caracterizar su trayectoria futura, y que demuestra hasta qu\u00e9 punto el pensamiento, las instituciones y el clima social est\u00e1n estrechamente imbricados.<\/p>\n<div class=\"lyte-wrapper\" style=\"width:640px;max-width:100%;margin:5px;\"><div class=\"lyMe\" id=\"WYL_X1TG5_aZSXM\"><div id=\"lyte_X1TG5_aZSXM\" data-src=\"https:\/\/www.markus-schall.de\/wp-content\/plugins\/wp-youtube-lyte\/lyteCache.php?origThumbUrl=%2F%2Fi.ytimg.com%2Fvi%2FX1TG5_aZSXM%2Fhqdefault.jpg\" class=\"pL\"><div class=\"tC\"><div class=\"tT\"><\/div><\/div><div class=\"play\"><\/div><div class=\"ctrl\"><div class=\"Lctrl\"><\/div><div class=\"Rctrl\"><\/div><\/div><\/div><noscript><a href=\"https:\/\/youtu.be\/X1TG5_aZSXM\" rel=\"nofollow noopener\" target=\"_blank\"><img loading=\"lazy\" decoding=\"async\" src=\"https:\/\/www.markus-schall.de\/wp-content\/plugins\/wp-youtube-lyte\/lyteCache.php?origThumbUrl=https%3A%2F%2Fi.ytimg.com%2Fvi%2FX1TG5_aZSXM%2F0.jpg\" alt=\"Miniatura de v\u00eddeo de YouTube\" width=\"640\" height=\"340\" \/><br \/>Ver este v\u00eddeo en YouTube<\/a><\/noscript><\/div><\/div><div class=\"lL\" style=\"max-width:100%;width:640px;margin:5px;\"><\/div><br \/>\nConferencia: \u00bfPuede Europa hacer la paz? - Ulrike Gu\u00e9rot | <a href=\"https:\/\/www.youtube.com\/@WestendVerlag\" target=\"_blank\" rel=\"noopener\">Editorial Westend<\/a><\/p>\n<h2>La ruptura - conflicto con la universidad<\/h2>\n<p>Hasta aqu\u00ed, la trayectoria profesional de Ulrike Gu\u00e9rot puede leerse como una l\u00ednea coherente: Europa como leitmotiv, la ciencia y el p\u00fablico como dos caras de un mismo trabajo. Pero entonces lleg\u00f3 un punto de inflexi\u00f3n que no fue s\u00f3lo un episodio biogr\u00e1fico, sino que cambi\u00f3 por completo la visi\u00f3n que se ten\u00eda de ella como persona, independientemente de la opini\u00f3n que se tuviera de ella. El conflicto con el <a href=\"https:\/\/www.uni-bonn.de\" target=\"_blank\" rel=\"noopener\"><strong>Universidad de Bonn<\/strong><\/a> marca una ruptura porque no se qued\u00f3 en el terreno de las ideas, sino que se adentr\u00f3 en el de las instituciones, los procedimientos y los tribunales. Y porque de repente ya no se trataba s\u00f3lo de discutir lo que dec\u00eda, sino c\u00f3mo funcionaba.<\/p>\n<h3>Las acusaciones: citas, adquisiciones, normas cient\u00edficas<\/h3>\n<p>En esencia, se trataba de acusaciones que se trataron p\u00fablicamente bajo el t\u00e9rmino \u201eplagio\u201c. El tipo de acusaci\u00f3n es -en la presentaci\u00f3n p\u00fablica- relativamente claro: en determinados textos no se identificaban o no se identificaban suficientemente pasajes de otros autores. La universidad juzg\u00f3 que se trataba de una violaci\u00f3n de las normas de buena pr\u00e1ctica cient\u00edfica y extrajo consecuencias en virtud de la legislaci\u00f3n laboral.<\/p>\n<p>Para un retrato personal, aqu\u00ed es importante una clara distinci\u00f3n: no se trata de renegociar pasajes individuales del texto, sino de nombrar lo que la universidad consider\u00f3 un incumplimiento del deber. El factor decisivo es que la cuesti\u00f3n no se trat\u00f3 como un error formal menor, sino como una cuesti\u00f3n fundamental de honradez en el trabajo acad\u00e9mico.<\/p>\n<h3>El procedimiento universitario: Examen, evaluaci\u00f3n, consecuencia<\/h3>\n<p>Siguiendo el curso p\u00fablicamente conocido de los acontecimientos, la universidad no s\u00f3lo tom\u00f3 nota de las alegaciones, sino que las hizo investigar en un procedimiento formal. Tales procedimientos suelen seguir etapas fijas: primero un examen preliminar, luego -si hay sospechas suficientes- una investigaci\u00f3n en profundidad, seguida de una evaluaci\u00f3n y la cuesti\u00f3n de las posibles consecuencias.<\/p>\n<p>La universidad lleg\u00f3 a la conclusi\u00f3n de que, en su opini\u00f3n, las acusaciones ten\u00edan un peso sustancial. De este modo, la situaci\u00f3n pas\u00f3 de ser un debate p\u00fablico a un proceso institucional de toma de decisiones. Y este es precisamente el punto en el que a menudo se vuelve existencial para los afectados: Ya no es el debate el que decide, sino la situaci\u00f3n del expediente, la l\u00f3gica de la comisi\u00f3n y la valoraci\u00f3n de la legislaci\u00f3n laboral.<\/p>\n<h3>Rescisi\u00f3n y recurso judicial<\/h3>\n<p>La Universidad de Bonn rescindi\u00f3 la relaci\u00f3n laboral. Gu\u00e9rot no lo acept\u00f3 y emprendi\u00f3 acciones legales. Esto dio al conflicto un segundo nivel: adem\u00e1s de la cuesti\u00f3n de las normas cient\u00edficas, tambi\u00e9n estaba la cuesti\u00f3n de la admisibilidad con arreglo a la legislaci\u00f3n laboral; en otras palabras: \u00bfera motivo suficiente para el despido? \u00bfEra correcto el procedimiento? \u00bfY es proporcionada la medida?<\/p>\n<p>Posteriormente, los tribunales confirmaron la validez del despido en la revisi\u00f3n de la legislaci\u00f3n laboral. Es importante que el lector lo entienda: Los tribunales laborales no examinan la \u201everdad\u201c en el sentido ideol\u00f3gico, sino si un despido es jur\u00eddicamente v\u00e1lido en el marco de las normas aplicables. Este examen puede ser estricto, especialmente cuando se trata de la confianza, la integridad y la base de una relaci\u00f3n profesional.<\/p>\n<h3>Cronolog\u00eda de un vistazo<\/h3>\n<p><!-- Tabelle A: Chronologie (mit horizontalem Scroll bei Bedarf) --><\/p>\n<div style=\"overflow-x: auto; -webkit-overflow-scrolling: touch; margin: 1em 0;\">\n<table style=\"border-collapse: collapse; width: 100%;\">\n<thead>\n<tr style=\"background: #f2f2f2;\">\n<th style=\"text-align: left; padding: 10px; border: 1px solid #ddd;\">Fecha \/ per\u00edodo<\/th>\n<th style=\"text-align: left; padding: 10px; border: 1px solid #ddd;\">Evento<\/th>\n<th style=\"text-align: left; padding: 10px; border: 1px solid #ddd;\">Nivel<\/th>\n<th style=\"text-align: left; padding: 10px; border: 1px solid #ddd;\">Nota breve neutral<\/th>\n<\/tr>\n<\/thead>\n<tbody>\n<tr>\n<td style=\"padding: 10px; border: 1px solid #ddd;\"><strong>2016<\/strong><\/td>\n<td style=\"padding: 10px; border: 1px solid #ddd;\">Publicaci\u00f3n del libro <em>Por qu\u00e9 Europa debe convertirse en una rep\u00fablica<\/em><\/td>\n<td style=\"padding: 10px; border: 1px solid #ddd;\">Publicaci\u00f3n<\/td>\n<td style=\"padding: 10px; border: 1px solid #ddd;\">El libro se cita posteriormente como publicaci\u00f3n relevante para el recurso.<\/td>\n<\/tr>\n<tr>\n<td style=\"padding: 10px; border: 1px solid #ddd;\"><strong>2021 (Sept.)<\/strong><\/td>\n<td style=\"padding: 10px; border: 1px solid #ddd;\">Nombramiento en la Universidad de Bonn<\/td>\n<td style=\"padding: 10px; border: 1px solid #ddd;\">Universidad<\/td>\n<td style=\"padding: 10px; border: 1px solid #ddd;\">Ulrike Gu\u00e9rot ocupa una c\u00e1tedra de Pol\u00edtica Europea.<\/td>\n<\/tr>\n<tr>\n<td style=\"padding: 10px; border: 1px solid #ddd;\"><strong>2022<\/strong><\/td>\n<td style=\"padding: 10px; border: 1px solid #ddd;\">Debate p\u00fablico sobre posibles sitios de plagio<\/td>\n<td style=\"padding: 10px; border: 1px solid #ddd;\">El p\u00fablico<\/td>\n<td style=\"padding: 10px; border: 1px solid #ddd;\">En los medios de comunicaci\u00f3n y en los blogs se discuten pasajes de textos criticados por estar incorrectamente etiquetados.<\/td>\n<\/tr>\n<tr>\n<td style=\"padding: 10px; border: 1px solid #ddd;\"><strong>Finales de 2022<\/strong><\/td>\n<td style=\"padding: 10px; border: 1px solid #ddd;\">Participaci\u00f3n de los \u00f3rganos internos de la universidad<\/td>\n<td style=\"padding: 10px; border: 1px solid #ddd;\">Universidad<\/td>\n<td style=\"padding: 10px; border: 1px solid #ddd;\">La Universidad de Bonn inicia un procedimiento formal de revisi\u00f3n (oficina del defensor del pueblo \/ comisi\u00f3n).<\/td>\n<\/tr>\n<tr>\n<td style=\"padding: 10px; border: 1px solid #ddd;\"><strong>Feb. 2023<\/strong><\/td>\n<td style=\"padding: 10px; border: 1px solid #ddd;\">La Universidad confirma las infracciones desde su punto de vista<\/td>\n<td style=\"padding: 10px; border: 1px solid #ddd;\">Universidad<\/td>\n<td style=\"padding: 10px; border: 1px solid #ddd;\">La investigaci\u00f3n concluye que se infringieron las normas cient\u00edficas.<\/td>\n<\/tr>\n<tr>\n<td style=\"padding: 10px; border: 1px solid #ddd;\"><strong>Febrero\/marzo de 2023<\/strong><\/td>\n<td style=\"padding: 10px; border: 1px solid #ddd;\">Cese de la relaci\u00f3n laboral<\/td>\n<td style=\"padding: 10px; border: 1px solid #ddd;\">Universidad<\/td>\n<td style=\"padding: 10px; border: 1px solid #ddd;\">La Universidad de Bonn pone fin a la relaci\u00f3n laboral.<\/td>\n<\/tr>\n<tr>\n<td style=\"padding: 10px; border: 1px solid #ddd;\"><strong>2023<\/strong><\/td>\n<td style=\"padding: 10px; border: 1px solid #ddd;\">Recurso por despido improcedente<\/td>\n<td style=\"padding: 10px; border: 1px solid #ddd;\">Tribunal (1\u00aa instancia)<\/td>\n<td style=\"padding: 10px; border: 1px solid #ddd;\">Gu\u00e9rot emprende acciones legales contra el despido ante el Tribunal Laboral de Bonn.<\/td>\n<\/tr>\n<tr>\n<td style=\"padding: 10px; border: 1px solid #ddd;\"><strong>Abril de 2024<\/strong><\/td>\n<td style=\"padding: 10px; border: 1px solid #ddd;\">Sentencia del Tribunal Laboral de Bonn<\/td>\n<td style=\"padding: 10px; border: 1px solid #ddd;\">Tribunal de Justicia<\/td>\n<td style=\"padding: 10px; border: 1px solid #ddd;\">El tribunal considera que la anulaci\u00f3n es legal.<\/td>\n<\/tr>\n<tr>\n<td style=\"padding: 10px; border: 1px solid #ddd;\"><strong>2024-2025<\/strong><\/td>\n<td style=\"padding: 10px; border: 1px solid #ddd;\">Recurso contra la sentencia<\/td>\n<td style=\"padding: 10px; border: 1px solid #ddd;\">Tribunal (2\u00aa instancia)<\/td>\n<td style=\"padding: 10px; border: 1px solid #ddd;\">El caso se ha presentado ante el Tribunal Regional de Trabajo de Colonia.<\/td>\n<\/tr>\n<tr>\n<td style=\"padding: 10px; border: 1px solid #ddd;\"><strong>Septiembre 2025<\/strong><\/td>\n<td style=\"padding: 10px; border: 1px solid #ddd;\">Sentencia del Tribunal Regional de Trabajo de Colonia<\/td>\n<td style=\"padding: 10px; border: 1px solid #ddd;\">Tribunal de Justicia<\/td>\n<td style=\"padding: 10px; border: 1px solid #ddd;\">Se confirma la anulaci\u00f3n, no cabe recurso.<\/td>\n<\/tr>\n<\/tbody>\n<\/table>\n<\/div>\n<h3>Dos interpretaciones: \u00bfMal comportamiento o cadena de errores?<\/h3>\n<p>Paralelamente al plano jur\u00eddico, se desarroll\u00f3 un segundo debate: el de la interpretaci\u00f3n. Partidarios y detractores discut\u00edan no s\u00f3lo sobre detalles individuales, sino tambi\u00e9n sobre el car\u00e1cter del conjunto.<\/p>\n<p>Algunos de los detractores de la decisi\u00f3n subrayaron que se trataba m\u00e1s bien de una pr\u00e1ctica de citaci\u00f3n incorrecta, negligencia editorial o trabajo problem\u00e1tico bajo presi\u00f3n de tiempo - en otras palabras, errores que pod\u00edan corregirse sin tener necesariamente consecuencias existenciales. Tambi\u00e9n se refirieron a la cuesti\u00f3n del g\u00e9nero: algunos de los textos en cuesti\u00f3n eran m\u00e1s bien ensayos, libros pol\u00edticos, intervenciones p\u00fablicas... y no los cl\u00e1sicos art\u00edculos especializados con aparato cient\u00edfico.<\/p>\n<p>El otro bando argumentaba en la misma l\u00ednea: quienes se presentan acad\u00e9micamente, ocupan c\u00e1tedras y hablan con autoridad acad\u00e9mica deben atenerse a las normas acad\u00e9micas, independientemente de que un texto suene ensay\u00edstico o no.<\/p>\n<h3>Lo que queda - sin juzgar<\/h3>\n<p>Aunque se haya decidido la parte jur\u00eddica, el efecto sigue abierto. Para algunos, el caso es consecuencia de unas normas claras. Para otros, es un ejemplo de lo r\u00e1pido que una pol\u00e9mica p\u00fablica puede convertirse en una escalada institucional. Y para la propia Gu\u00e9rot, se trata en cualquier caso de una ruptura: una fase en la que sus ideas ya no eran el \u00fanico centro de atenci\u00f3n, sino la cuesti\u00f3n de si segu\u00eda siendo viable como autoridad acad\u00e9mica.<\/p>\n<p>Por tanto, la ruptura no es s\u00f3lo biogr\u00e1fica, sino tambi\u00e9n atmosf\u00e9rica: cambia el marco en el que los lectores perciben sus conferencias, textos y apariciones posteriores.<\/p>\n<h2>A\u00f1os con el viento en contra<\/h2>\n<p>Tras el enfrentamiento con la universidad, el escenario y el entorno cambiaron. Quienes abandonan la vida universitaria no s\u00f3lo pierden un puesto, sino a menudo tambi\u00e9n el espacio de resonancia institucional: las invitaciones cambian, las colaboraciones se vuelven m\u00e1s cautelosas, los organizadores esperan vientos en contra y la atenci\u00f3n p\u00fablica pasa r\u00e1pidamente del contenido a la pol\u00e9mica.<\/p>\n<p>Para Gu\u00e9rot, esto significaba visiblemente menos normalidad acad\u00e9mica y m\u00e1s modo de debate. Esto tambi\u00e9n cambia la forma de ser escuchado. Aunque una conferencia siga siendo objetiva, una pregunta adicional se cierne sobre todo: <em>\u201e\u00bfQu\u00e9 pas\u00f3 entonces?\u201c<\/em> Esta es la mec\u00e1nica t\u00edpica de las rupturas biogr\u00e1ficas: se convierten en una l\u00e1mina sobre la que se proyecta todo lo dem\u00e1s.<\/p>\n<p>La propia Gu\u00e9rot describi\u00f3 estos a\u00f1os en im\u00e1genes: a menudo ten\u00eda que hablar en salas peque\u00f1as, a veces remotas, es decir, \u201een las b\u00f3vedas de los s\u00f3tanos\u201c. No se trata s\u00f3lo de una descripci\u00f3n del lugar, sino de una narraci\u00f3n simb\u00f3lica: el debate p\u00fablico se repliega, el p\u00fablico se vuelve m\u00e1s selectivo, las salas son cada vez m\u00e1s peque\u00f1as, el clima m\u00e1s cauto.<\/p>\n<p>El factor decisivo aqu\u00ed no es tanto el tama\u00f1o del espacio como el mensaje: los que no encajan en el molde habitual tienen m\u00e1s probabilidades de colarse en nichos. Y cuanto m\u00e1s polarizado est\u00e9 el clima social, m\u00e1s probable es que no solo cuente lo que se dice, sino qui\u00e9n lo dice, y en qu\u00e9 contexto.<\/p>\n<h3>Sigue hablando de todos modos, no como una provocaci\u00f3n, sino como un deber.<\/h3>\n<p>Es notable que Gu\u00e9rot no se callara durante esta fase. Muchas personas se retiran por completo tras una pausa as\u00ed, cambian de campo o reducen al m\u00ednimo sus apariciones p\u00fablicas. Ella, en cambio, dio conferencias, sigui\u00f3 escribiendo y mantuvo el di\u00e1logo. No como un impulso a la escalada, sino como una insistencia en que las ideas deben debatirse, especialmente cuando resulta inc\u00f3modo. A cualquiera que vea Europa como un proyecto inacabado le resultar\u00e1 dif\u00edcil retirarse del debate en cuanto \u00e9ste se vuelva m\u00e1s \u00e1spero.<\/p>\n<p>El viento en contra tiene su propia din\u00e1mica. Refuerza la impresi\u00f3n de formaci\u00f3n de un bando, aunque la persona en cuesti\u00f3n no quiera servir a ning\u00fan bando en absoluto. Los que argumentan de forma diferenciada a veces siguen recibiendo las etiquetas que otros necesitan. En esta fase suelen surgir dos esferas p\u00fablicas paralelas:<\/p>\n<ul>\n<li>aquella en la que alguien es considerado principalmente \u201epol\u00e9mico\u201c,<\/li>\n<li>y la otra, en la que la gente escucha precisamente por su independencia.<\/li>\n<\/ul>\n<p>Ambas cosas pueden ser ciertas al mismo tiempo. Y eso es precisamente lo que hace que los a\u00f1os con el viento en contra sean tan agotadores: hablas de contenidos y, al mismo tiempo, tienes que argumentar constantemente contra interpretaciones que solo est\u00e1n indirectamente relacionadas con los contenidos.<\/p>\n<hr \/>\n\n\t\t\t<div class=\"display-post-types\">\n\n\t\t\t\t\t\t\t<style type=\"text\/css\">\n\t\t\t#dpt-wrapper-957 { --dpt-text-align: left;--dpt-image-crop: center;--dpt-border-radius: 5px;--dpt-h-gutter: 10px;--dpt-v-gutter: 10px; }\t\t\t<\/style>\n\t\t\t<style type=\"text\/css\">#dpt-wrapper-957 { --dpt-title-font-style:normal;--dpt-title-font-weight:600;--dpt-title-line-height:1.5;--dpt-title-text-decoration:none;--dpt-title-text-transform:none;--dpt-excerpt-font-style:normal;--dpt-excerpt-font-weight:400;--dpt-excerpt-line-height:1.5;--dpt-excerpt-text-decoration:none;--dpt-excerpt-text-transform:none;--dpt-meta1-font-style:normal;--dpt-meta1-font-weight:400;--dpt-meta1-line-height:1.9;--dpt-meta1-text-decoration:none;--dpt-meta1-text-transform:none;--dpt-meta2-font-style:normal;--dpt-meta2-font-weight:400;--dpt-meta2-line-height:1.9;--dpt-meta2-text-decoration:none;--dpt-meta2-text-transform:none; }<\/style><div class=\"dpt-main-header\">\n\t\t\t\t\t\t<div class=\"dpt-main-title\">\n\t\t\t\t\t\t\t<span class=\"dpt-main-title-text\">Retratos de personas con actitud<\/span>\n\t\t\t\t\t\t<\/div>\n\t\t\t\t\t\t\n\t\t\t\t\t\t\n\t\t\t\t\t\t\n\t\t\t\t\t\t<\/div>\t\t\t\n\t\t\t\t<div id=\"dpt-wrapper-957\" class=\"dpt-wrapper dpt-mag1 land1 dpt-cropped dpt-flex-wrap\" >\n\n\t\t\t\t\t\t\t\t\t\t\t<div class=\"dpt-entry has-thumbnail\" data-title=\"mehr als punk: nina hagen, cosma shiva und die kunst, sich nicht vereinnahmen zu lassen\" data-id=\"4521\"  data-category=\"allgemein gesellschaft kunst &amp; kultur\" data-post_tag=\"auswandern deutschland erfahrungen europa krisen meinungsfreiheit musik portrait\">\n\t\t\t\t\t\t\t<div class=\"dpt-entry-wrapper\"><div class=\"dpt-featured-content\"><div class=\"dpt-permalink\"><a href=\"https:\/\/www.markus-schall.de\/es\/2026\/01\/more-than-punk-nina-hagen-cosma-shiva-y-el-arte-de-no-dejarse-enganar\/\" class=\"dpt-permalink\"><span class=\"screen-reader-text\">M\u00e1s que punk: Nina Hagen, Cosma Shiva y el arte de no dejarse enga\u00f1ar<\/span><\/a><\/div><div class=\"dpt-thumbnail\"><div class=\"dpt-thumbnail-inner\"><img width=\"1024\" height=\"683\" class=\"attachment-full size-full\" alt=\"Retrato de Nina y Cosma Shiva Hagen\" context=\"dpt\" data-dpt-src=\"https:\/\/www.markus-schall.de\/wp-content\/uploads\/Nina-Cosma-Shiva-Hagen-Titel.jpg\" data-dpt-sizes=\"(max-width: 1024px) 100vw, 1024px\" data-dpt-srcset=\"https:\/\/www.markus-schall.de\/wp-content\/uploads\/Nina-Cosma-Shiva-Hagen-Titel.jpg 1024w, https:\/\/www.markus-schall.de\/wp-content\/uploads\/Nina-Cosma-Shiva-Hagen-Titel-300x200.jpg 300w, https:\/\/www.markus-schall.de\/wp-content\/uploads\/Nina-Cosma-Shiva-Hagen-Titel-768x512.jpg 768w, https:\/\/www.markus-schall.de\/wp-content\/uploads\/Nina-Cosma-Shiva-Hagen-Titel-18x12.jpg 18w\" \/><\/div><span class=\"dpt-thumbnail-aspect-ratio\" style=\"padding-top: 75%\"><\/span><\/div><\/div><div class=\"sub-entry\"><h3 class=\"dpt-title\"><a class=\"dpt-title-link\" href=\"https:\/\/www.markus-schall.de\/es\/2026\/01\/more-than-punk-nina-hagen-cosma-shiva-y-el-arte-de-no-dejarse-enganar\/\" rel=\"bookmark\">M\u00e1s que punk: Nina Hagen, Cosma Shiva y el arte de no dejarse enga\u00f1ar<\/a><\/h3><\/div><\/div>\n\t\t\t\t\t\t<\/div><!-- .dpt-entry -->\n\t\t\t\t\t\t\t\t\t\t\t\t<div class=\"dpt-entry has-thumbnail\" data-title=\"dieter hallervorden \u2013 mehr als didi: portr\u00e4t eines unbequemen freigeists\" data-id=\"4347\"  data-category=\"gesellschaft kunst &amp; kultur stories &amp; humor\" data-post_tag=\"erfahrungen meinungsfreiheit musik portrait\">\n\t\t\t\t\t\t\t<div class=\"dpt-entry-wrapper\"><div class=\"dpt-featured-content\"><div class=\"dpt-permalink\"><a href=\"https:\/\/www.markus-schall.de\/es\/2026\/01\/dieter-hallervorden-mas-que-didi-retrato-de-un-espiritu-libre-incomodo\/\" class=\"dpt-permalink\"><span class=\"screen-reader-text\">Dieter Hallervorden - M\u00e1s que Didi: Retrato de un inc\u00f3modo esp\u00edritu libre<\/span><\/a><\/div><div class=\"dpt-thumbnail\"><div class=\"dpt-thumbnail-inner\"><img width=\"1024\" height=\"683\" class=\"attachment-full size-full\" alt=\"Dieter Hallervorden y la W\u00fchlm\u00e4use de Berl\u00edn\" context=\"dpt\" data-dpt-src=\"https:\/\/www.markus-schall.de\/wp-content\/uploads\/Dieter-Hallvervorden-Wuehlmaeuse.jpg\" data-dpt-sizes=\"(max-width: 1024px) 100vw, 1024px\" data-dpt-srcset=\"https:\/\/www.markus-schall.de\/wp-content\/uploads\/Dieter-Hallvervorden-Wuehlmaeuse.jpg 1024w, https:\/\/www.markus-schall.de\/wp-content\/uploads\/Dieter-Hallvervorden-Wuehlmaeuse-300x200.jpg 300w, https:\/\/www.markus-schall.de\/wp-content\/uploads\/Dieter-Hallvervorden-Wuehlmaeuse-768x512.jpg 768w, https:\/\/www.markus-schall.de\/wp-content\/uploads\/Dieter-Hallvervorden-Wuehlmaeuse-18x12.jpg 18w\" \/><\/div><span class=\"dpt-thumbnail-aspect-ratio\" style=\"padding-top: 75%\"><\/span><\/div><\/div><div class=\"sub-entry\"><h3 class=\"dpt-title\"><a class=\"dpt-title-link\" href=\"https:\/\/www.markus-schall.de\/es\/2026\/01\/dieter-hallervorden-mas-que-didi-retrato-de-un-espiritu-libre-incomodo\/\" rel=\"bookmark\">Dieter Hallervorden - M\u00e1s que Didi: Retrato de un inc\u00f3modo esp\u00edritu libre<\/a><\/h3><\/div><\/div>\n\t\t\t\t\t\t<\/div><!-- .dpt-entry -->\n\t\t\t\t\t\t\t\t\t\t\t\t<div class=\"dpt-entry has-thumbnail\" data-title=\"vicco von b\u00fclow alias loriot \u2013 ordnung, form und der leise widerstand des humors\" data-id=\"4169\"  data-category=\"allgemein gesellschaft kunst &amp; kultur stories &amp; humor\" data-post_tag=\"deutschland erfahrungen pers\u00f6nlichkeitsentwicklung portrait\">\n\t\t\t\t\t\t\t<div class=\"dpt-entry-wrapper\"><div class=\"dpt-featured-content\"><div class=\"dpt-permalink\"><a href=\"https:\/\/www.markus-schall.de\/es\/2025\/12\/vicco-von-buelow-alias-loriot-orden-de-pedido-y-la-resistencia-silenciosa-del-humor\/\" class=\"dpt-permalink\"><span class=\"screen-reader-text\">Vicco von B\u00fclow alias Loriot - orden, forma y la tranquila resistencia del humor<\/span><\/a><\/div><div class=\"dpt-thumbnail\"><div class=\"dpt-thumbnail-inner\"><img width=\"1024\" height=\"747\" class=\"attachment-full size-full\" alt=\"\" context=\"dpt\" data-dpt-src=\"https:\/\/www.markus-schall.de\/wp-content\/uploads\/Loriot-Titel.jpg\" data-dpt-sizes=\"(max-width: 1024px) 100vw, 1024px\" data-dpt-srcset=\"https:\/\/www.markus-schall.de\/wp-content\/uploads\/Loriot-Titel.jpg 1024w, https:\/\/www.markus-schall.de\/wp-content\/uploads\/Loriot-Titel-300x219.jpg 300w, https:\/\/www.markus-schall.de\/wp-content\/uploads\/Loriot-Titel-768x560.jpg 768w, https:\/\/www.markus-schall.de\/wp-content\/uploads\/Loriot-Titel-16x12.jpg 16w\" \/><\/div><span class=\"dpt-thumbnail-aspect-ratio\" style=\"padding-top: 75%\"><\/span><\/div><\/div><div class=\"sub-entry\"><h3 class=\"dpt-title\"><a class=\"dpt-title-link\" href=\"https:\/\/www.markus-schall.de\/es\/2025\/12\/vicco-von-buelow-alias-loriot-orden-de-pedido-y-la-resistencia-silenciosa-del-humor\/\" rel=\"bookmark\">Vicco von B\u00fclow alias Loriot - orden, forma y la tranquila resistencia del humor<\/a><\/h3><\/div><\/div>\n\t\t\t\t\t\t<\/div><!-- .dpt-entry -->\n\t\t\t\t\t\t\t\t\t\t\t\t<div class=\"dpt-entry has-thumbnail\" data-title=\"helge schneider: haltung, humor und die freiheit, sich nicht erkl\u00e4ren zu m\u00fcssen\" data-id=\"4756\"  data-category=\"allgemein gesellschaft kunst &amp; kultur\" data-post_tag=\"deutschland erfahrungen meinungsfreiheit musik portrait\">\n\t\t\t\t\t\t\t<div class=\"dpt-entry-wrapper\"><div class=\"dpt-featured-content\"><div class=\"dpt-permalink\"><a href=\"https:\/\/www.markus-schall.de\/es\/2026\/02\/helge-schneider-actitud-humor-y-la-libertad-de-no-tener-que-dar-explicaciones\/\" class=\"dpt-permalink\"><span class=\"screen-reader-text\">Helge Schneider: Actitud, humor y la libertad de no tener que dar explicaciones<\/span><\/a><\/div><div class=\"dpt-thumbnail\"><div class=\"dpt-thumbnail-inner\"><img width=\"1024\" height=\"683\" class=\"attachment-full size-full\" alt=\"Retrato de Helge Schneider\" context=\"dpt\" data-dpt-src=\"https:\/\/www.markus-schall.de\/wp-content\/uploads\/Helge-Schneider.jpg\" data-dpt-sizes=\"(max-width: 1024px) 100vw, 1024px\" data-dpt-srcset=\"https:\/\/www.markus-schall.de\/wp-content\/uploads\/Helge-Schneider.jpg 1024w, https:\/\/www.markus-schall.de\/wp-content\/uploads\/Helge-Schneider-300x200.jpg 300w, https:\/\/www.markus-schall.de\/wp-content\/uploads\/Helge-Schneider-768x512.jpg 768w, https:\/\/www.markus-schall.de\/wp-content\/uploads\/Helge-Schneider-18x12.jpg 18w\" \/><\/div><span class=\"dpt-thumbnail-aspect-ratio\" style=\"padding-top: 75%\"><\/span><\/div><\/div><div class=\"sub-entry\"><h3 class=\"dpt-title\"><a class=\"dpt-title-link\" href=\"https:\/\/www.markus-schall.de\/es\/2026\/02\/helge-schneider-actitud-humor-y-la-libertad-de-no-tener-que-dar-explicaciones\/\" rel=\"bookmark\">Helge Schneider: Actitud, humor y la libertad de no tener que dar explicaciones<\/a><\/h3><\/div><\/div>\n\t\t\t\t\t\t<\/div><!-- .dpt-entry -->\n\t\t\t\t\t\t\n\t\t\t\t<\/div>\n\t\t\t\t\t\t<\/div>\n\t\t\t\n<hr \/>\n<h2>Tras la sentencia: un debate que gana amplitud<\/h2>\n<p>Con la confirmaci\u00f3n del despido por parte del tribunal, el conflicto quedaba formalmente zanjado; p\u00fablicamente, sin embargo, comenzaba una nueva fase. Para muchos observadores, la sentencia del tribunal laboral regional actu\u00f3 como catalizador. En las semanas siguientes, un n\u00famero cada vez mayor de voces empezaron a alzar la voz, dejando de ver el caso simplemente como una disputa de derecho laboral, sino como un s\u00edntoma de un problema m\u00e1s profundo. Comentaristas, acad\u00e9micos y observadores period\u00edsticos se plantearon la cuesti\u00f3n de si en este caso s\u00f3lo se hab\u00edan negociado normas acad\u00e9micas o si la propia gesti\u00f3n institucional de posturas inc\u00f3modas deb\u00eda formar parte del debate.<\/p>\n<p>Llama la atenci\u00f3n que estas cr\u00edticas no est\u00e9n uniformemente politizadas. Proced\u00edan de distintas direcciones y combinaban el reconocimiento jur\u00eddico de la decisi\u00f3n con un escepticismo sustantivo sobre su alcance. Se se\u00f1al\u00f3 repetidamente que los tribunales juzgan sobre la admisibilidad en virtud de la legislaci\u00f3n laboral, no sobre la idoneidad cient\u00edfica o las consecuencias sociales. As\u00ed pues, la sentencia no se consider\u00f3 tanto la \u00faltima palabra como el punto de partida de un debate m\u00e1s amplio sobre las normas, la proporcionalidad y el papel de las instituciones en el tratamiento de la ciencia p\u00fablica.<\/p>\n<h3>Entre la paz jur\u00eddica y la agitaci\u00f3n social<\/h3>\n<p>Este debate posterior dio al caso una nueva din\u00e1mica. Aunque el marco jur\u00eddico estaba ahora claramente definido, se abri\u00f3 un espacio de debate que iba m\u00e1s all\u00e1 del caso concreto. Volvieron a plantearse cuestiones sobre la diferencia entre ensayo, libro pol\u00edtico y publicaci\u00f3n acad\u00e9mica, as\u00ed como la cuesti\u00f3n de la sensibilidad con la que los sistemas acad\u00e9micos deben reaccionar ante las controversias p\u00fablicas. El caso Gu\u00e9rot se convirti\u00f3 as\u00ed en una ocasi\u00f3n para que muchos hablaran m\u00e1s a fondo sobre la cultura del error, las sanciones y la delgada l\u00ednea que separa el cumplimiento de las normas del rigor institucional.<\/p>\n<p>Para la propia Ulrike Gu\u00e9rot, esta evoluci\u00f3n supuso una situaci\u00f3n parad\u00f3jica. Por un lado, se confirmaba la ruptura institucional; por otro, la percepci\u00f3n p\u00fablica se desplazaba cada vez m\u00e1s de la persona a las estructuras subyacentes. El viento en contra sigui\u00f3 siendo palpable, pero adquiri\u00f3 una calidad diferente: menos personalizada, m\u00e1s sist\u00e9mica. Este cambio es una de las razones por las que el caso sigue teniendo impacto hoy en d\u00eda, no como una controversia cerrada, sino como un punto abierto de debate sobre el estado de la ciencia, la esfera p\u00fablica y el libre pensamiento.<\/p>\n<h3>Comparaci\u00f3n de evaluaciones y objeciones<\/h3>\n<p><!-- Tabelle B: Gegen\u00fcberstellung (mit horizontalem Scroll bei Bedarf) --><\/p>\n<div style=\"overflow-x: auto; -webkit-overflow-scrolling: touch; margin: 1em 0;\">\n<table style=\"border-collapse: collapse; width: 100%;\">\n<thead>\n<tr style=\"background: #f2f2f2;\">\n<th style=\"text-align: left; padding: 10px; border: 1px solid #ddd;\">Aspecto<\/th>\n<th style=\"text-align: left; padding: 10px; border: 1px solid #ddd;\">Evaluaci\u00f3n institucional (universidad \/ tribunales)<\/th>\n<th style=\"text-align: left; padding: 10px; border: 1px solid #ddd;\">Objeciones cr\u00edticas y posiciones contrarias<\/th>\n<\/tr>\n<\/thead>\n<tbody>\n<tr>\n<td style=\"padding: 10px; border: 1px solid #ddd;\"><strong>Naturaleza de las alegaciones<\/strong><\/td>\n<td style=\"padding: 10px; border: 1px solid #ddd;\">Copias mal etiquetadas de textos de terceros<\/td>\n<td style=\"padding: 10px; border: 1px solid #ddd;\">Los cr\u00edticos hablan de errores de citaci\u00f3n y redacci\u00f3n, no de intenci\u00f3n de enga\u00f1ar<\/td>\n<\/tr>\n<tr>\n<td style=\"padding: 10px; border: 1px solid #ddd;\"><strong>Gravedad de la infracci\u00f3n<\/strong><\/td>\n<td style=\"padding: 10px; border: 1px solid #ddd;\">Se considera una violaci\u00f3n grave de las normas cient\u00edficas<\/td>\n<td style=\"padding: 10px; border: 1px solid #ddd;\">Las objeciones subrayan que el \u00e1mbito y el contexto relativizan la gravedad<\/td>\n<\/tr>\n<tr>\n<td style=\"padding: 10px; border: 1px solid #ddd;\"><strong>Cuesti\u00f3n de intenciones<\/strong><\/td>\n<td style=\"padding: 10px; border: 1px solid #ddd;\">Evaluado parcialmente como intencionado<\/td>\n<td style=\"padding: 10px; border: 1px solid #ddd;\">Los cr\u00edticos niegan la intenci\u00f3n y se\u00f1alan los m\u00e9todos de trabajo, la presi\u00f3n del tiempo y el g\u00e9nero<\/td>\n<\/tr>\n<tr>\n<td style=\"padding: 10px; border: 1px solid #ddd;\"><strong>Obras afectadas<\/strong><\/td>\n<td style=\"padding: 10px; border: 1px solid #ddd;\">Publicaciones relacionadas con el nombramiento<\/td>\n<td style=\"padding: 10px; border: 1px solid #ddd;\">Los cr\u00edticos se\u00f1alan que algunos de ellos son libros ensay\u00edsticos, p\u00fablicos<\/td>\n<\/tr>\n<tr>\n<td style=\"padding: 10px; border: 1px solid #ddd;\"><strong>Escala<\/strong><\/td>\n<td style=\"padding: 10px; border: 1px solid #ddd;\">Normas cient\u00edficas uniformes independientemente del g\u00e9nero<\/td>\n<td style=\"padding: 10px; border: 1px solid #ddd;\">Objeci\u00f3n: los libros pol\u00edticos ensay\u00edsticos suelen seguir convenciones diferentes a las de los ensayos especializados.<\/td>\n<\/tr>\n<tr>\n<td style=\"padding: 10px; border: 1px solid #ddd;\"><strong>Consecuencia<\/strong><\/td>\n<td style=\"padding: 10px; border: 1px solid #ddd;\">El despido sin previo aviso se considera justificado<\/td>\n<td style=\"padding: 10px; border: 1px solid #ddd;\">Los cr\u00edticos consideran la medida desproporcionada<\/td>\n<\/tr>\n<tr>\n<td style=\"padding: 10px; border: 1px solid #ddd;\"><strong>Papel del tribunal<\/strong><\/td>\n<td style=\"padding: 10px; border: 1px solid #ddd;\">Examen de la admisibilidad del despido con arreglo al Derecho laboral<\/td>\n<td style=\"padding: 10px; border: 1px solid #ddd;\">Nota: Los tribunales examinan la legalidad, no los debates cient\u00edficos en sentido estricto<\/td>\n<\/tr>\n<tr>\n<td style=\"padding: 10px; border: 1px solid #ddd;\"><strong>Impacto p\u00fablico<\/strong><\/td>\n<td style=\"padding: 10px; border: 1px solid #ddd;\">P\u00e9rdida de confianza considerada significativa<\/td>\n<td style=\"padding: 10px; border: 1px solid #ddd;\">Los cr\u00edticos ven un da\u00f1o reputacional debido a la escalada de los procedimientos<\/td>\n<\/tr>\n<tr>\n<td style=\"padding: 10px; border: 1px solid #ddd;\"><strong>Contexto<\/strong><\/td>\n<td style=\"padding: 10px; border: 1px solid #ddd;\">El procedimiento como decisi\u00f3n basada en normas<\/td>\n<td style=\"padding: 10px; border: 1px solid #ddd;\">Los cr\u00edticos consideran que el caso se inscribe en un clima acad\u00e9mico polarizado<\/td>\n<\/tr>\n<\/tbody>\n<\/table>\n<\/div>\n<h3>Charlas p\u00fablicas y sus efectos secundarios<\/h3>\n<p>Esta fase tambi\u00e9n incluy\u00f3 un debate p\u00fablico que atrajo atenci\u00f3n adicional. Ulrike Gu\u00e9rot particip\u00f3 en un formato de entrevista moderada por Flavio von Witzleben en la que tambi\u00e9n intervino el pol\u00edtico de la AfD de Turingia Bj\u00f6rn H\u00f6cke. En cuanto al contenido, se trataron cuestiones pol\u00edticas fundamentales, no publicidad pol\u00edtica partidista. Sin embargo, el debate tuvo una gran acogida y fue controvertido. Para la propia Gu\u00e9rot, participar fue una expresi\u00f3n de su deseo de no descartar las discusiones desde el principio, sino de examinar los argumentos independientemente de qui\u00e9n fuera la otra persona.<\/p>\n<p>Lo sorprendente no fue tanto la conversaci\u00f3n en s\u00ed como las reacciones posteriores. En el debate p\u00fablico, la atenci\u00f3n se desplaz\u00f3 una vez m\u00e1s del contenido al contexto: \u00bfqui\u00e9n habla con qui\u00e9n y qu\u00e9 se deduce de ello? El acto pas\u00f3 as\u00ed a formar parte de una serie de situaciones en las que no fueron principalmente las declaraciones, sino la voluntad de hablar, lo que se convirti\u00f3 en la piedra de toque de la aceptaci\u00f3n p\u00fablica.<\/p>\n<h3>Un proceso personal con repercusi\u00f3n p\u00fablica<\/h3>\n<p>En este contexto, llam\u00f3 especialmente la atenci\u00f3n otro incidente que se conoci\u00f3 p\u00fablicamente: Flavio von Witzleben inform\u00f3 posteriormente de que su relaci\u00f3n comercial con su caja de ahorros hab\u00eda sido cancelada. Seg\u00fan sus propias declaraciones, hab\u00eda sido cliente de la misma desde su juventud. La cancelaci\u00f3n coincidi\u00f3 con la conversaci\u00f3n antes mencionada y desencaden\u00f3 un nuevo debate, no sobre la legalidad de las decisiones individuales, sino sobre su efecto de se\u00f1alizaci\u00f3n.<\/p>\n<p>Tambi\u00e9n en este caso puede afirmarse con sobriedad: El proceso fue publicitado, ampliamente comentado y le\u00eddo como ejemplo de la creciente sensibilidad de los agentes institucionales a la hora de abordar contextos controvertidos. Este punto es menos relevante para el retrato debido a la decisi\u00f3n individual, pero porque muestra el alcance que pueden tener ahora las consecuencias de los debates p\u00fablicos, incluso cuando formalmente tienen lugar al margen de los partidos o las instituciones estatales. Muchos actores que se deciden conscientemente por las conversaciones abiertas operan actualmente en esta situaci\u00f3n mixta.<\/p>\n<p>La infracci\u00f3n y el trato de la universidad con Ulrike Gu\u00e9rot en el marco del procedimiento por plagio causaron tal revuelo que incluso el Prof. Dr. Christian Rieck, conocido experto en <a href=\"https:\/\/www.markus-schall.de\/es\/2025\/12\/la-teoria-de-juegos-explica-25-anos-de-geopolitica-como-perdio-europa-su-papel-estrategico\/\"><strong>Teor\u00eda de juegos<\/strong><\/a>, ha creado su propio v\u00eddeo al respecto:<\/p>\n<div class=\"lyte-wrapper\" style=\"width:640px;max-width:100%;margin:5px;\"><div class=\"lyMe\" id=\"WYL_r5cHeMAFWMI\"><div id=\"lyte_r5cHeMAFWMI\" data-src=\"https:\/\/www.markus-schall.de\/wp-content\/plugins\/wp-youtube-lyte\/lyteCache.php?origThumbUrl=%2F%2Fi.ytimg.com%2Fvi%2Fr5cHeMAFWMI%2Fhqdefault.jpg\" class=\"pL\"><div class=\"tC\"><div class=\"tT\"><\/div><\/div><div class=\"play\"><\/div><div class=\"ctrl\"><div class=\"Lctrl\"><\/div><div class=\"Rctrl\"><\/div><\/div><\/div><noscript><a href=\"https:\/\/youtu.be\/r5cHeMAFWMI\" rel=\"nofollow noopener\" target=\"_blank\"><img loading=\"lazy\" decoding=\"async\" src=\"https:\/\/www.markus-schall.de\/wp-content\/plugins\/wp-youtube-lyte\/lyteCache.php?origThumbUrl=https%3A%2F%2Fi.ytimg.com%2Fvi%2Fr5cHeMAFWMI%2F0.jpg\" alt=\"Miniatura de v\u00eddeo de YouTube\" width=\"640\" height=\"340\" \/><br \/>Ver este v\u00eddeo en YouTube<\/a><\/noscript><\/div><\/div><div class=\"lL\" style=\"max-width:100%;width:640px;margin:5px;\"><\/div><br \/>\nUlrike Gu\u00e9rot pierde su c\u00e1tedra. \u00bfLa ciencia en peligro? | <a href=\"https:\/\/www.youtube.com\/@ProfRieck\" target=\"_blank\" rel=\"noopener\">Prof. Dr. Christian Rieck<\/a><\/p>\n<h2>Una mirada prudente al futuro<\/h2>\n<p>Las biograf\u00edas rara vez siguen una l\u00ednea recta. Se componen de fases, rupturas y reajustes. Lo que en retrospectiva parece un punto de inflexi\u00f3n, a menudo no es m\u00e1s que un alto en el camino. Tambi\u00e9n para Ulrike Gu\u00e9rot, su compromiso con la universidad no marca una conclusi\u00f3n, sino m\u00e1s bien un cambio de perspectiva. Se ha perdido el papel institucional, pero no el pensamiento.<\/p>\n<p>Si se escuchan sus charlas m\u00e1s recientes, uno se da cuenta enseguida de que el tono se ha vuelto m\u00e1s sosegado, menos pol\u00e9mico y m\u00e1s centrado en la clasificaci\u00f3n. Ya no se trata de ser escuchado a toda costa, sino de ser comprendido.<\/p>\n<h3>Habitaciones m\u00e1s grandes de nuevo - una se\u00f1al tranquila<\/h3>\n<p>La observaci\u00f3n que la propia Gu\u00e9rot hizo recientemente es notable: Despu\u00e9s de a\u00f1os en locales peque\u00f1os, volvi\u00f3 a hablar por primera vez en una sala m\u00e1s grande. No lo describi\u00f3 como un \u00e9xito personal, sino como una se\u00f1al de un posible cambio de humor. Tal vez, esperaba, volviera a haber m\u00e1s espacio para el pensamiento diferenciado.<\/p>\n<p>Se est\u00e9 o no de acuerdo con esta interpretaci\u00f3n, apunta a una cuesti\u00f3n social que va m\u00e1s all\u00e1 de ella personalmente: \u00bfhasta qu\u00e9 punto es abierto el discurso p\u00fablico? \u00bfCu\u00e1nta contradicci\u00f3n puede soportar sin dividirse inmediatamente en bandos?<\/p>\n<h3>Europa sigue siendo una tarea pendiente<\/h3>\n<p>Europa sigue desempe\u00f1ando el papel central en esta perspectiva. No como instituci\u00f3n, ni como palabra de moda, sino como tarea pol\u00edtica. Gu\u00e9rot no habla de soluciones prefabricadas, sino de necesidades: Hay que volver a vivir la democracia, hacer cre\u00edble la participaci\u00f3n pol\u00edtica, abrir los debates. Europa no es una promesa de salvaci\u00f3n ni una aberraci\u00f3n, sino un espacio de posibilidad.<\/p>\n<p>Esta visi\u00f3n no es ni optimista ni pesimista. Es sobria, y quiz\u00e1 precisamente por eso es sostenible. Aqu\u00ed no se defiende a Europa, sino que se la toma en serio.<\/p>\n<h3>Un pensamiento m\u00e1s libre como requisito previo<\/h3>\n<p>Quiz\u00e1 el punto m\u00e1s importante de este cap\u00edtulo final no sea pol\u00edtico, sino cultural. La esperanza que formula Gu\u00e9rot se dirige menos a reformas concretas que a una actitud: que vuelva a ser posible pensar m\u00e1s libremente sin ser etiquetado de inmediato. Que los argumentos vuelvan a ser m\u00e1s importantes que las etiquetas.<\/p>\n<p>Esta esperanza est\u00e1 deliberadamente contenida. No promete ni exige nada. Se limita a afirmar que las sociedades s\u00f3lo siguen siendo capaces de aprender si pueden tolerar las diferencias.<\/p>\n<h3>Un europeo en el campo de la tensi\u00f3n del discurso<\/h3>\n<p><a href=\"https:\/\/www.markus-schall.de\/es\/2026\/02\/la-cultura-de-la-cancelacion-en-occidente-universidades-deportivas-militares-y-sanciones-de-la-ue-analizadas\/\"><img loading=\"lazy\" decoding=\"async\" class=\"alignright size-medium wp-image-5021\" src=\"https:\/\/www.markus-schall.de\/wp-content\/uploads\/Cancel-Culture-Westen-300x200.jpg\" alt=\"Cancelar la cultura en Occidente\" width=\"300\" height=\"200\" srcset=\"https:\/\/www.markus-schall.de\/wp-content\/uploads\/Cancel-Culture-Westen-300x200.jpg 300w, https:\/\/www.markus-schall.de\/wp-content\/uploads\/Cancel-Culture-Westen-768x512.jpg 768w, https:\/\/www.markus-schall.de\/wp-content\/uploads\/Cancel-Culture-Westen-18x12.jpg 18w, https:\/\/www.markus-schall.de\/wp-content\/uploads\/Cancel-Culture-Westen.jpg 1024w\" sizes=\"auto, (max-width: 300px) 100vw, 300px\" \/><\/a>En <a href=\"https:\/\/www.markus-schall.de\/es\/2026\/02\/la-cultura-de-la-cancelacion-en-occidente-universidades-deportivas-militares-y-sanciones-de-la-ue-analizadas\/\"><strong>Editorial sobre la cultura de cancelaci\u00f3n<\/strong><\/a> proporciona el marco estructural para clasificar casos como el de Ulrike Gu\u00e9rot. Mientras que el retrato arroja luz sobre su evoluci\u00f3n biogr\u00e1fica, su pensamiento pol\u00edtico europeo y las controversias en torno a sus posiciones, el art\u00edculo Cancelar la cultura analiza los mecanismos que las sustentan: \u00bfC\u00f3mo interact\u00faan la l\u00f3gica medi\u00e1tica, la compresi\u00f3n moral y la presi\u00f3n institucional? \u00bfD\u00f3nde acaba la cr\u00edtica leg\u00edtima y d\u00f3nde empieza la exclusi\u00f3n estructural? El caso de Gu\u00e9rot es ejemplar para la cuesti\u00f3n de la solidez del discurso acad\u00e9mico en tiempos de tensiones geopol\u00edticas. La lectura del retrato individual proporciona contexto. Quienes complementen el an\u00e1lisis sistem\u00e1tico reconocer\u00e1n los patrones m\u00e1s amplios. Ambos textos juntos abren una perspectiva diferenciada sobre la libertad, la responsabilidad y la cultura del debate.<\/p>\n<h3>Un retrato sin juicios<\/h3>\n<p>Este retrato no emite un juicio definitivo. No pretende rehabilitar ni criticar a Ulrike Gu\u00e9rot. Describe una trayectoria: la de una mujer que ha pensado, ense\u00f1ado y debatido p\u00fablicamente sobre Europa durante d\u00e9cadas, y que ha experimentado lo estrecho que puede llegar a ser el espacio para tales debates.<\/p>\n<p>Queda por ver qu\u00e9 queda de todo esto. Una cosa es cierta: Europa como idea se nutre de gente que se la replantea constantemente. Incluso -y quiz\u00e1 especialmente- cuando resulta inc\u00f3moda.<\/p>\n<hr \/>\n\n\t\t\t<div class=\"display-post-types\">\n\n\t\t\t\t\t\t\t<style type=\"text\/css\">\n\t\t\t#dpt-wrapper-958 { --dpt-text-align: left;--dpt-image-crop: center;--dpt-border-radius: 5px;--dpt-h-gutter: 10px;--dpt-v-gutter: 9px; }\t\t\t<\/style>\n\t\t\t<style type=\"text\/css\">#dpt-wrapper-958 { --dpt-title-font-style:normal;--dpt-title-font-weight:600;--dpt-title-line-height:1.5;--dpt-title-text-decoration:none;--dpt-title-text-transform:none;--dpt-excerpt-font-style:normal;--dpt-excerpt-font-weight:400;--dpt-excerpt-line-height:1.5;--dpt-excerpt-text-decoration:none;--dpt-excerpt-text-transform:none;--dpt-meta1-font-style:normal;--dpt-meta1-font-weight:400;--dpt-meta1-line-height:1.9;--dpt-meta1-text-decoration:none;--dpt-meta1-text-transform:none;--dpt-meta2-font-style:normal;--dpt-meta2-font-weight:400;--dpt-meta2-line-height:1.9;--dpt-meta2-text-decoration:none;--dpt-meta2-text-transform:none; }<\/style><div class=\"dpt-main-header\">\n\t\t\t\t\t\t<div class=\"dpt-main-title\">\n\t\t\t\t\t\t\t<span class=\"dpt-main-title-text\">Art\u00edculos de actualidad sobre arte y cultura<\/span>\n\t\t\t\t\t\t<\/div>\n\t\t\t\t\t\t\n\t\t\t\t\t\t\n\t\t\t\t\t\t\n\t\t\t\t\t\t<\/div>\t\t\t\n\t\t\t\t<div id=\"dpt-wrapper-958\" class=\"dpt-wrapper dpt-mag1 land1 dpt-cropped dpt-flex-wrap\" >\n\n\t\t\t\t\t\t\t\t\t\t\t<div class=\"dpt-entry has-thumbnail\" data-title=\"johann sebastian bach \u2013 ordnung, haltung und das fundament unserer musik\" data-id=\"5033\"  data-category=\"allgemein gesellschaft kunst &amp; kultur\" data-post_tag=\"deutschland musik portrait\">\n\t\t\t\t\t\t\t<div class=\"dpt-entry-wrapper\"><div class=\"dpt-featured-content\"><div class=\"dpt-permalink\"><a href=\"https:\/\/www.markus-schall.de\/es\/2026\/02\/johann-sebastian-bach-orden-actitud-y-fundamento-de-nuestra-musica\/\" class=\"dpt-permalink\"><span class=\"screen-reader-text\">Johann Sebastian Bach: orden, actitud y fundamento de nuestra m\u00fasica<\/span><\/a><\/div><div class=\"dpt-thumbnail\"><div class=\"dpt-thumbnail-inner\"><img width=\"1024\" height=\"683\" class=\"attachment-full size-full\" alt=\"Retrato de Johann Sebastian Bach\" context=\"dpt\" data-dpt-src=\"https:\/\/www.markus-schall.de\/wp-content\/uploads\/Johann-Sebastian-Bach-Portrait.jpg\" data-dpt-sizes=\"(max-width: 1024px) 100vw, 1024px\" data-dpt-srcset=\"https:\/\/www.markus-schall.de\/wp-content\/uploads\/Johann-Sebastian-Bach-Portrait.jpg 1024w, https:\/\/www.markus-schall.de\/wp-content\/uploads\/Johann-Sebastian-Bach-Portrait-300x200.jpg 300w, https:\/\/www.markus-schall.de\/wp-content\/uploads\/Johann-Sebastian-Bach-Portrait-768x512.jpg 768w, https:\/\/www.markus-schall.de\/wp-content\/uploads\/Johann-Sebastian-Bach-Portrait-18x12.jpg 18w\" \/><\/div><span class=\"dpt-thumbnail-aspect-ratio\" style=\"padding-top: 75%\"><\/span><\/div><\/div><div class=\"sub-entry\"><h3 class=\"dpt-title\"><a class=\"dpt-title-link\" href=\"https:\/\/www.markus-schall.de\/es\/2026\/02\/johann-sebastian-bach-orden-actitud-y-fundamento-de-nuestra-musica\/\" rel=\"bookmark\">Johann Sebastian Bach: orden, actitud y fundamento de nuestra m\u00fasica<\/a><\/h3><\/div><\/div>\n\t\t\t\t\t\t<\/div><!-- .dpt-entry -->\n\t\t\t\t\t\t\t\t\t\t\t\t<div class=\"dpt-entry has-thumbnail\" data-title=\"beruf, weltbild, zukunft: entscheidungen im schatten des umbruchs\" data-id=\"3197\"  data-category=\"allgemein gesellschaft kunst &amp; kultur tipps &amp; anleitungen\" data-post_tag=\"erfahrungen krisen pers\u00f6nlichkeitsentwicklung ratgeber\">\n\t\t\t\t\t\t\t<div class=\"dpt-entry-wrapper\"><div class=\"dpt-featured-content\"><div class=\"dpt-permalink\"><a href=\"https:\/\/www.markus-schall.de\/es\/2025\/10\/vision-del-mundo-profesional-decisiones-futuras-a-la-sombra-de-la-agitacion\/\" class=\"dpt-permalink\"><span class=\"screen-reader-text\">Carrera, visi\u00f3n del mundo, futuro: decisiones a la sombra del cambio<\/span><\/a><\/div><div class=\"dpt-thumbnail\"><div class=\"dpt-thumbnail-inner\"><img width=\"1024\" height=\"683\" class=\"attachment-full size-full\" alt=\"Decisiones a la sombra de la agitaci\u00f3n\" context=\"dpt\" data-dpt-src=\"https:\/\/www.markus-schall.de\/wp-content\/uploads\/Entscheidungen-im-Schatten-Umbruch.jpg\" data-dpt-sizes=\"(max-width: 1024px) 100vw, 1024px\" data-dpt-srcset=\"https:\/\/www.markus-schall.de\/wp-content\/uploads\/Entscheidungen-im-Schatten-Umbruch.jpg 1024w, https:\/\/www.markus-schall.de\/wp-content\/uploads\/Entscheidungen-im-Schatten-Umbruch-300x200.jpg 300w, https:\/\/www.markus-schall.de\/wp-content\/uploads\/Entscheidungen-im-Schatten-Umbruch-768x512.jpg 768w, https:\/\/www.markus-schall.de\/wp-content\/uploads\/Entscheidungen-im-Schatten-Umbruch-18x12.jpg 18w\" \/><\/div><span class=\"dpt-thumbnail-aspect-ratio\" style=\"padding-top: 75%\"><\/span><\/div><\/div><div class=\"sub-entry\"><h3 class=\"dpt-title\"><a class=\"dpt-title-link\" href=\"https:\/\/www.markus-schall.de\/es\/2025\/10\/vision-del-mundo-profesional-decisiones-futuras-a-la-sombra-de-la-agitacion\/\" rel=\"bookmark\">Carrera, visi\u00f3n del mundo, futuro: decisiones a la sombra del cambio<\/a><\/h3><\/div><\/div>\n\t\t\t\t\t\t<\/div><!-- .dpt-entry -->\n\t\t\t\t\t\t\t\t\t\t\t\t<div class=\"dpt-entry has-thumbnail\" data-title=\"wie war syrien vor dem krieg? wer regiert heute? was bedeutet das f\u00fcr gefl\u00fcchtete in deutschland?\" data-id=\"4628\"  data-category=\"allgemein gesellschaft kunst &amp; kultur\" data-post_tag=\"deutschland europa geopolitik krisen meinungsfreiheit sicherheitspolitik\">\n\t\t\t\t\t\t\t<div class=\"dpt-entry-wrapper\"><div class=\"dpt-featured-content\"><div class=\"dpt-permalink\"><a href=\"https:\/\/www.markus-schall.de\/es\/2026\/01\/como-era-siria-antes-de-la-guerra-quien-gobierna-hoy-que-significa-esto-para-los-refugiados-en-alemania\/\" class=\"dpt-permalink\"><span class=\"screen-reader-text\">\u00bfC\u00f3mo era Siria antes de la guerra? \u00bfQui\u00e9n gobierna hoy? \u00bfQu\u00e9 significa esto para los refugiados en Alemania?<\/span><\/a><\/div><div class=\"dpt-thumbnail\"><div class=\"dpt-thumbnail-inner\"><img width=\"1024\" height=\"683\" class=\"attachment-full size-full\" alt=\"Siria y Damasco\" context=\"dpt\" data-dpt-src=\"https:\/\/www.markus-schall.de\/wp-content\/uploads\/Syrien-Damaskus.jpg\" data-dpt-sizes=\"(max-width: 1024px) 100vw, 1024px\" data-dpt-srcset=\"https:\/\/www.markus-schall.de\/wp-content\/uploads\/Syrien-Damaskus.jpg 1024w, https:\/\/www.markus-schall.de\/wp-content\/uploads\/Syrien-Damaskus-300x200.jpg 300w, https:\/\/www.markus-schall.de\/wp-content\/uploads\/Syrien-Damaskus-768x512.jpg 768w, https:\/\/www.markus-schall.de\/wp-content\/uploads\/Syrien-Damaskus-18x12.jpg 18w\" \/><\/div><span class=\"dpt-thumbnail-aspect-ratio\" style=\"padding-top: 75%\"><\/span><\/div><\/div><div class=\"sub-entry\"><h3 class=\"dpt-title\"><a class=\"dpt-title-link\" href=\"https:\/\/www.markus-schall.de\/es\/2026\/01\/como-era-siria-antes-de-la-guerra-quien-gobierna-hoy-que-significa-esto-para-los-refugiados-en-alemania\/\" rel=\"bookmark\">\u00bfC\u00f3mo era Siria antes de la guerra? \u00bfQui\u00e9n gobierna hoy? \u00bfQu\u00e9 significa esto para los refugiados en Alemania?<\/a><\/h3><\/div><\/div>\n\t\t\t\t\t\t<\/div><!-- .dpt-entry -->\n\t\t\t\t\t\t\t\t\t\t\t\t<div class=\"dpt-entry has-thumbnail\" data-title=\"spieltheorie erkl\u00e4rt 25 jahre geopolitik: wie europa seine strategische rolle verlor\" data-id=\"3850\"  data-category=\"allgemein gesellschaft kunst &amp; kultur\" data-post_tag=\"denkmodelle deutschland energiepolitik eu-gesetze europa geopolitik krisen sicherheitspolitik spieltheorie\">\n\t\t\t\t\t\t\t<div class=\"dpt-entry-wrapper\"><div class=\"dpt-featured-content\"><div class=\"dpt-permalink\"><a href=\"https:\/\/www.markus-schall.de\/es\/2025\/12\/la-teoria-de-juegos-explica-25-anos-de-geopolitica-como-perdio-europa-su-papel-estrategico\/\" class=\"dpt-permalink\"><span class=\"screen-reader-text\">La teor\u00eda de juegos explica 25 a\u00f1os de geopol\u00edtica: c\u00f3mo Europa perdi\u00f3 su papel estrat\u00e9gico<\/span><\/a><\/div><div class=\"dpt-thumbnail\"><div class=\"dpt-thumbnail-inner\"><img width=\"1024\" height=\"765\" class=\"attachment-full size-full\" alt=\"La teor\u00eda de juegos explica 25 a\u00f1os de geopol\u00edtica\" context=\"dpt\" data-dpt-src=\"https:\/\/www.markus-schall.de\/wp-content\/uploads\/europa-russland-spieltheorie.jpg\" data-dpt-sizes=\"(max-width: 1024px) 100vw, 1024px\" data-dpt-srcset=\"https:\/\/www.markus-schall.de\/wp-content\/uploads\/europa-russland-spieltheorie.jpg 1024w, https:\/\/www.markus-schall.de\/wp-content\/uploads\/europa-russland-spieltheorie-300x224.jpg 300w, https:\/\/www.markus-schall.de\/wp-content\/uploads\/europa-russland-spieltheorie-768x574.jpg 768w, https:\/\/www.markus-schall.de\/wp-content\/uploads\/europa-russland-spieltheorie-16x12.jpg 16w\" \/><\/div><span class=\"dpt-thumbnail-aspect-ratio\" style=\"padding-top: 75%\"><\/span><\/div><\/div><div class=\"sub-entry\"><h3 class=\"dpt-title\"><a class=\"dpt-title-link\" href=\"https:\/\/www.markus-schall.de\/es\/2025\/12\/la-teoria-de-juegos-explica-25-anos-de-geopolitica-como-perdio-europa-su-papel-estrategico\/\" rel=\"bookmark\">La teor\u00eda de juegos explica 25 a\u00f1os de geopol\u00edtica: c\u00f3mo Europa perdi\u00f3 su papel estrat\u00e9gico<\/a><\/h3><\/div><\/div>\n\t\t\t\t\t\t<\/div><!-- .dpt-entry -->\n\t\t\t\t\t\t\n\t\t\t\t<\/div>\n\t\t\t\t\t\t<\/div>\n\t\t\t\n<hr \/>\n<h2>Preguntas m\u00e1s frecuentes<\/h2>\n<ol>\n<li><strong>\u00bfQui\u00e9n es Ulrike Gu\u00e9rot y por qu\u00e9 es una figura relevante para un retrato europeo?<\/strong><br \/>\nUlrike Gu\u00e9rot es polit\u00f3loga, publicista y observadora de la pol\u00edtica europea desde hace mucho tiempo. Su relevancia no radica tanto en su afiliaci\u00f3n a un partido pol\u00edtico como en su compromiso constante con Europa como idea pol\u00edtica. Durante muchos a\u00f1os ha ense\u00f1ado en universidades, trabajado en grupos de reflexi\u00f3n y hablado p\u00fablicamente sobre democracia, ciudadan\u00eda y el orden europeo. Es el ejemplo de una generaci\u00f3n de intelectuales que no quer\u00edan administrar Europa, sino comprenderla.<\/li>\n<li><strong>\u00bfPor qu\u00e9 Europa est\u00e1 tan presente en el pensamiento de Ulrike Gu\u00e9rot?<\/strong><br \/>\nPara Gu\u00e9rot, Europa no es una cuesti\u00f3n secundaria, sino el marco de referencia central de su vida profesional. Para ella, Europa es una respuesta a las experiencias hist\u00f3ricas del siglo XX y un intento de repensar la democracia m\u00e1s all\u00e1 de las fronteras de los Estados naci\u00f3n. Este inter\u00e9s est\u00e1 motivado biogr\u00e1fica, acad\u00e9mica y pol\u00edticamente, y se refleja en sus estudios, su docencia y sus publicaciones.<\/li>\n<li><strong>\u00bfC\u00f3mo distingue Ulrike Gu\u00e9rot entre Europa y la Uni\u00f3n Europea?<\/strong><br \/>\nGu\u00e9rot distingue claramente entre Europa como espacio cultural y pol\u00edtico y la UE como construcci\u00f3n institucional. Mientras que para ella Europa es una idea abierta, la UE es una forma de organizaci\u00f3n que ha evolucionado hist\u00f3ricamente y que presenta puntos fuertes y d\u00e9biles. Por tanto, sus cr\u00edticas no se dirigen contra Europa en s\u00ed, sino contra lo que considera una forma excesivamente tecnocr\u00e1tica y administrativa de la UE.<\/li>\n<li><strong>\u00bfQu\u00e9 quiere decir con la idea de una \u201erep\u00fablica europea\u201c?<\/strong><br \/>\nCon la rep\u00fablica europea, Gu\u00e9rot no est\u00e1 describiendo un dise\u00f1o concreto de Estado, sino un marco de pensamiento. Se refiere a un orden pol\u00edtico en el que los derechos civiles, la participaci\u00f3n democr\u00e1tica y la igualdad pol\u00edtica se conciben en t\u00e9rminos europeos. El t\u00e9rmino pretende iniciar debates, no ofrecer soluciones prefabricadas, y sirve de concepto alternativo a una Europa que se define exclusivamente a trav\u00e9s de los mercados y las instituciones.<\/li>\n<li><strong>\u00bfQu\u00e9 etapas acad\u00e9micas han marcado su carrera?<\/strong><br \/>\nGu\u00e9rot ha ense\u00f1ado y trabajado en diversas universidades e instituciones de investigaci\u00f3n de Alemania, Francia, Estados Unidos y otros pa\u00edses. Esta carrera internacional ha conformado su visi\u00f3n comparada de los sistemas pol\u00edticos y las democracias. Sus c\u00e1tedras y actividades docentes se han centrado en la pol\u00edtica europea, la investigaci\u00f3n sobre la democracia y la teor\u00eda pol\u00edtica.<\/li>\n<li><strong>\u00bfPor qu\u00e9 busc\u00f3 desde el principio un discurso p\u00fablico fuera de la universidad?<\/strong><br \/>\nPara Gu\u00e9rot, la esfera p\u00fablica forma parte de la tarea de la ciencia. Las ideas pol\u00edticas despliegan su impacto no s\u00f3lo en la esfera acad\u00e9mica, sino tambi\u00e9n en el di\u00e1logo social. Por ello, las conferencias, los libros y los debates no eran para ella un subproducto, sino parte integrante de su trabajo.<\/li>\n<li><strong>\u00bfDe qu\u00e9 se le acusa exactamente en relaci\u00f3n con la Universidad de Bonn?<\/strong><br \/>\nEn el centro del asunto estaban las acusaciones de citas de texto incorrectamente etiquetadas en determinadas publicaciones. La universidad consider\u00f3 que se trataba de una infracci\u00f3n de las normas acad\u00e9micas e inici\u00f3 un procedimiento de investigaci\u00f3n formal, que finalmente desemboc\u00f3 en el despido.<\/li>\n<li><strong>\u00bfC\u00f3mo se desarrollaron los procedimientos universitarios y judiciales?<\/strong><br \/>\nA ra\u00edz de unos ex\u00e1menes internos en la Universidad de Bonn, se puso fin a la relaci\u00f3n laboral. Gu\u00e9rot emprendi\u00f3 acciones legales contra este hecho, pero no tuvo \u00e9xito tanto ante el Tribunal de Trabajo de Bonn como ante el Tribunal Regional de Trabajo de Colonia. Los tribunales confirmaron la validez del despido con arreglo a la legislaci\u00f3n laboral.<\/li>\n<li><strong>\u00bfQu\u00e9 han decidido realmente los tribunales?<\/strong><br \/>\nLos tribunales examinaron si el despido estaba permitido por la legislaci\u00f3n laboral. No valoraron la trascendencia pol\u00edtica del trabajo de Gu\u00e9rot, sino la cuesti\u00f3n de si la relaci\u00f3n de confianza estaba tan deteriorada por los delitos se\u00f1alados que el despido estaba justificado.<\/li>\n<li><strong>\u00bfPor qu\u00e9 se siguen criticando las acusaciones y las decisiones?<\/strong><br \/>\nLos cr\u00edticos se\u00f1alan que algunos de los textos criticados eran libros ensay\u00edsticos y pol\u00edticos y no art\u00edculos especializados tradicionales. Consideran desproporcionada la medida y subrayan la diferencia entre errores de redacci\u00f3n y enga\u00f1o deliberado.<\/li>\n<li><strong>\u00bfQu\u00e9 papel desempe\u00f1a el contexto del clima acad\u00e9mico en este debate?<\/strong><br \/>\nAlgunos cr\u00edticos sit\u00faan el caso en un entorno acad\u00e9mico cada vez m\u00e1s polarizado, en el que los posicionamientos p\u00fablicos desembocan m\u00e1s r\u00e1pidamente en conflictos institucionales. Esta interpretaci\u00f3n es controvertida, pero forma parte del debate p\u00fablico en torno al caso.<\/li>\n<li><strong>\u00bfHa cambiado el conflicto el papel p\u00fablico de Gu\u00e9rot?<\/strong><br \/>\nS\u00ed, claramente. Tras la ruptura con la universidad, su trabajo se desplaz\u00f3 m\u00e1s hacia la esfera no institucional. Las conferencias ten\u00edan lugar con m\u00e1s frecuencia en contextos m\u00e1s reducidos, y su persona era percibida m\u00e1s por la controversia que por su contenido.<\/li>\n<li><strong>\u00bfQu\u00e9 quiere decir con las \u201eb\u00f3vedas de s\u00f3tano\u201c de las que habla?<\/strong><br \/>\nEl t\u00e9rmino simboliza lugares m\u00e1s peque\u00f1os y menos prominentes y una fase de visibilidad p\u00fablica reducida. No se trata tanto de un relato victimista como de una constataci\u00f3n del cambio de los espacios de debate.<\/li>\n<li><strong>\u00bfPor qu\u00e9 llama la atenci\u00f3n que vuelva a hablar en grandes auditorios?<\/strong><br \/>\nPorque esto puede leerse como un indicador de un posible cambio de humor. Los espacios m\u00e1s grandes indican un creciente inter\u00e9s por las voces diferenciadas y que el discurso p\u00fablico podr\u00eda abrirse de nuevo.<\/li>\n<li><strong>\u00bfEs Ulrike Gu\u00e9rot optimista o pesimista sobre la Europa actual?<\/strong><br \/>\nNi lo uno ni lo otro. Su visi\u00f3n es sobria. Ve Europa como una tarea abierta, no como una historia de \u00e9xito ni como un proyecto fracasado. Para ella, la esperanza surge menos de los programas pol\u00edticos que de la voluntad de pensar abiertamente.<\/li>\n<li><strong>\u00bfQu\u00e9 papel desempe\u00f1a la libertad acad\u00e9mica en su pensamiento?<\/strong><br \/>\nPara Gu\u00e9rot, la libertad acad\u00e9mica es un requisito b\u00e1sico de las sociedades democr\u00e1ticas. Subraya que la ciencia debe ser inc\u00f3moda y generar contradicciones para permitir procesos de aprendizaje social.<\/li>\n<li><strong>\u00bfPor qu\u00e9 el art\u00edculo se abstiene deliberadamente de emitir un juicio sobre el caso?<\/strong><br \/>\nPorque se trata de un retrato, no de un comentario. El objetivo es presentar procesos, posturas e interpretaciones sin orientar al lector en una direcci\u00f3n concreta.<\/li>\n<li><strong>\u00bfPor qu\u00e9 Ulrike Gu\u00e9rot encaja bien en una revista sobre Europa?<\/strong><br \/>\nPorque para ella Europa no es una palabra de moda, sino una tarea mental. Su trayectoria vital refleja cuestiones europeas centrales: democracia, esfera p\u00fablica, instituciones y libertad de pensamiento.<\/li>\n<li><strong>\u00bfQu\u00e9 queda despu\u00e9s de leer este retrato?<\/strong><br \/>\nNo un juicio prefabricado, sino una imagen diferenciada. El lector debe entender por qu\u00e9 Ulrike Gu\u00e9rot polariza, por qu\u00e9 sigue siendo escuchada y por qu\u00e9 Europa sigue siendo relevante como idea incluso cuando se vuelve inc\u00f3moda.<\/li>\n<\/ol>\n<hr \/>\n\n\t\t\t<div class=\"display-post-types\">\n\n\t\t\t\t\t\t\t<style type=\"text\/css\">\n\t\t\t#dpt-wrapper-959 { --dpt-text-align: left;--dpt-image-crop: center;--dpt-border-radius: 5px;--dpt-h-gutter: 10px;--dpt-v-gutter: 9px; }\t\t\t<\/style>\n\t\t\t<style type=\"text\/css\">#dpt-wrapper-959 { --dpt-title-font-style:normal;--dpt-title-font-weight:600;--dpt-title-line-height:1.5;--dpt-title-text-decoration:none;--dpt-title-text-transform:none;--dpt-excerpt-font-style:normal;--dpt-excerpt-font-weight:400;--dpt-excerpt-line-height:1.5;--dpt-excerpt-text-decoration:none;--dpt-excerpt-text-transform:none;--dpt-meta1-font-style:normal;--dpt-meta1-font-weight:400;--dpt-meta1-line-height:1.9;--dpt-meta1-text-decoration:none;--dpt-meta1-text-transform:none;--dpt-meta2-font-style:normal;--dpt-meta2-font-weight:400;--dpt-meta2-line-height:1.9;--dpt-meta2-text-decoration:none;--dpt-meta2-text-transform:none; }<\/style><div class=\"dpt-main-header\">\n\t\t\t\t\t\t<div class=\"dpt-main-title\">\n\t\t\t\t\t\t\t<span class=\"dpt-main-title-text\">Art\u00edculos de actualidad sobre inteligencia artificial<\/span>\n\t\t\t\t\t\t<\/div>\n\t\t\t\t\t\t\n\t\t\t\t\t\t\n\t\t\t\t\t\t\n\t\t\t\t\t\t<\/div>\t\t\t\n\t\t\t\t<div id=\"dpt-wrapper-959\" class=\"dpt-wrapper dpt-mag1 land1 dpt-cropped dpt-flex-wrap\" >\n\n\t\t\t\t\t\t\t\t\t\t\t<div class=\"dpt-entry has-thumbnail\" data-title=\"unsterblichkeit durch technik: wie weit forschung und ki wirklich sind\" data-id=\"3624\"  data-category=\"allgemein gesellschaft ki-systeme\" data-post_tag=\"denkmodelle k\u00fcnstliche intelligenz lernen llm prozesse sprachmodell\">\n\t\t\t\t\t\t\t<div class=\"dpt-entry-wrapper\"><div class=\"dpt-featured-content\"><div class=\"dpt-permalink\"><a href=\"https:\/\/www.markus-schall.de\/es\/2025\/11\/inmortalidad-a-traves-de-la-tecnologia-hasta-donde-llegan-realmente-la-investigacion-y-el-ki\/\" class=\"dpt-permalink\"><span class=\"screen-reader-text\">La inmortalidad a trav\u00e9s de la tecnolog\u00eda: hasta d\u00f3nde han llegado realmente la investigaci\u00f3n y la IA<\/span><\/a><\/div><div class=\"dpt-thumbnail\"><div class=\"dpt-thumbnail-inner\"><img width=\"1024\" height=\"683\" class=\"attachment-full size-full\" alt=\"Inmortalidad digital\" context=\"dpt\" data-dpt-src=\"https:\/\/www.markus-schall.de\/wp-content\/uploads\/digitale-unsterblichkeit.jpg\" data-dpt-sizes=\"(max-width: 1024px) 100vw, 1024px\" data-dpt-srcset=\"https:\/\/www.markus-schall.de\/wp-content\/uploads\/digitale-unsterblichkeit.jpg 1024w, https:\/\/www.markus-schall.de\/wp-content\/uploads\/digitale-unsterblichkeit-300x200.jpg 300w, https:\/\/www.markus-schall.de\/wp-content\/uploads\/digitale-unsterblichkeit-768x512.jpg 768w, https:\/\/www.markus-schall.de\/wp-content\/uploads\/digitale-unsterblichkeit-18x12.jpg 18w\" \/><\/div><span class=\"dpt-thumbnail-aspect-ratio\" style=\"padding-top: 75%\"><\/span><\/div><\/div><div class=\"sub-entry\"><h3 class=\"dpt-title\"><a class=\"dpt-title-link\" href=\"https:\/\/www.markus-schall.de\/es\/2025\/11\/inmortalidad-a-traves-de-la-tecnologia-hasta-donde-llegan-realmente-la-investigacion-y-el-ki\/\" rel=\"bookmark\">La inmortalidad a trav\u00e9s de la tecnolog\u00eda: hasta d\u00f3nde han llegado realmente la investigaci\u00f3n y la IA<\/a><\/h3><\/div><\/div>\n\t\t\t\t\t\t<\/div><!-- .dpt-entry -->\n\t\t\t\t\t\t\t\t\t\t\t\t<div class=\"dpt-entry has-thumbnail\" data-title=\"lora-training: wie filemaker 2025 das feintuning gro\u00dfer sprachmodelle vereinfacht\" data-id=\"3220\"  data-category=\"filemaker &amp; erp ki-systeme\" data-post_tag=\"datenbanken filemaker k\u00fcnstliche intelligenz llm mlx sprachmodell\">\n\t\t\t\t\t\t\t<div class=\"dpt-entry-wrapper\"><div class=\"dpt-featured-content\"><div class=\"dpt-permalink\"><a href=\"https:\/\/www.markus-schall.de\/es\/2025\/10\/lora-training-como-filemaker-2025-simplifica-el-ajuste-fino-de-grandes-modelos-lingueisticos\/\" class=\"dpt-permalink\"><span class=\"screen-reader-text\">Entrenamiento LoRA: c\u00f3mo FileMaker 2025 simplifica el ajuste fino de grandes modelos ling\u00fc\u00edsticos<\/span><\/a><\/div><div class=\"dpt-thumbnail\"><div class=\"dpt-thumbnail-inner\"><img width=\"1024\" height=\"683\" class=\"attachment-full size-full\" alt=\"LoRA Ajuste fino - FileMaker 2025\" context=\"dpt\" data-dpt-src=\"https:\/\/www.markus-schall.de\/wp-content\/uploads\/lora-finetuning-filemaker.jpg\" data-dpt-sizes=\"(max-width: 1024px) 100vw, 1024px\" data-dpt-srcset=\"https:\/\/www.markus-schall.de\/wp-content\/uploads\/lora-finetuning-filemaker.jpg 1024w, https:\/\/www.markus-schall.de\/wp-content\/uploads\/lora-finetuning-filemaker-300x200.jpg 300w, https:\/\/www.markus-schall.de\/wp-content\/uploads\/lora-finetuning-filemaker-768x512.jpg 768w, https:\/\/www.markus-schall.de\/wp-content\/uploads\/lora-finetuning-filemaker-18x12.jpg 18w\" \/><\/div><span class=\"dpt-thumbnail-aspect-ratio\" style=\"padding-top: 75%\"><\/span><\/div><\/div><div class=\"sub-entry\"><h3 class=\"dpt-title\"><a class=\"dpt-title-link\" href=\"https:\/\/www.markus-schall.de\/es\/2025\/10\/lora-training-como-filemaker-2025-simplifica-el-ajuste-fino-de-grandes-modelos-lingueisticos\/\" rel=\"bookmark\">Entrenamiento LoRA: c\u00f3mo FileMaker 2025 simplifica el ajuste fino de grandes modelos ling\u00fc\u00edsticos<\/a><\/h3><\/div><\/div>\n\t\t\t\t\t\t<\/div><!-- .dpt-entry -->\n\t\t\t\t\t\t\t\t\t\t\t\t<div class=\"dpt-entry has-thumbnail\" data-title=\"lokale ki auf dem mac: so installieren sie ein sprachmodell mit ollama\" data-id=\"2442\"  data-category=\"ki-systeme tipps &amp; anleitungen\" data-post_tag=\"datenschutz k\u00fcnstliche intelligenz llama llm mac mistral ollama sprachmodell\">\n\t\t\t\t\t\t\t<div class=\"dpt-entry-wrapper\"><div class=\"dpt-featured-content\"><div class=\"dpt-permalink\"><a href=\"https:\/\/www.markus-schall.de\/es\/2025\/08\/ki-local-en-el-mac-asi-1tp12para-crear-un-modelo-lingueistico-con-ollama\/\" class=\"dpt-permalink\"><span class=\"screen-reader-text\">IA local en el Mac: c\u00f3mo installiere un modelo ling\u00fc\u00edstico con Ollama<\/span><\/a><\/div><div class=\"dpt-thumbnail\"><div class=\"dpt-thumbnail-inner\"><img width=\"1024\" height=\"683\" class=\"attachment-full size-full\" alt=\"AI local installieren con Ollama en el Mac\" context=\"dpt\" data-dpt-src=\"https:\/\/www.markus-schall.de\/wp-content\/uploads\/Lokale-KI-auf-Apple-Mac.jpg\" data-dpt-sizes=\"(max-width: 1024px) 100vw, 1024px\" data-dpt-srcset=\"https:\/\/www.markus-schall.de\/wp-content\/uploads\/Lokale-KI-auf-Apple-Mac.jpg 1024w, https:\/\/www.markus-schall.de\/wp-content\/uploads\/Lokale-KI-auf-Apple-Mac-300x200.jpg 300w, https:\/\/www.markus-schall.de\/wp-content\/uploads\/Lokale-KI-auf-Apple-Mac-768x512.jpg 768w, https:\/\/www.markus-schall.de\/wp-content\/uploads\/Lokale-KI-auf-Apple-Mac-18x12.jpg 18w\" \/><\/div><span class=\"dpt-thumbnail-aspect-ratio\" style=\"padding-top: 75%\"><\/span><\/div><\/div><div class=\"sub-entry\"><h3 class=\"dpt-title\"><a class=\"dpt-title-link\" href=\"https:\/\/www.markus-schall.de\/es\/2025\/08\/ki-local-en-el-mac-asi-1tp12para-crear-un-modelo-lingueistico-con-ollama\/\" rel=\"bookmark\">IA local en el Mac: c\u00f3mo installiere un modelo ling\u00fc\u00edstico con Ollama<\/a><\/h3><\/div><\/div>\n\t\t\t\t\t\t<\/div><!-- .dpt-entry -->\n\t\t\t\t\t\t\t\t\t\t\t\t<div class=\"dpt-entry has-thumbnail\" data-title=\"wie man heute schon ki-spezialisten ausbilden kann \u2013 chancen f\u00fcr unternehmen und azubis\" data-id=\"3120\"  data-category=\"allgemein b\u00fccher ki-systeme tipps &amp; anleitungen\" data-post_tag=\"buch datenbanken datenlogik denkmodelle k\u00fcnstliche intelligenz llm sprachmodell\">\n\t\t\t\t\t\t\t<div class=\"dpt-entry-wrapper\"><div class=\"dpt-featured-content\"><div class=\"dpt-permalink\"><a href=\"https:\/\/www.markus-schall.de\/es\/2025\/10\/como-formar-hoy-a-especialistas-en-ki-oportunidades-para-empresas-y-becarios\/\" class=\"dpt-permalink\"><span class=\"screen-reader-text\">C\u00f3mo pueden formarse hoy los especialistas en IA: oportunidades para empresas y aprendices<\/span><\/a><\/div><div class=\"dpt-thumbnail\"><div class=\"dpt-thumbnail-inner\"><img width=\"1024\" height=\"683\" class=\"attachment-full size-full\" alt=\"Formar a especialistas en IA\" context=\"dpt\" data-dpt-src=\"https:\/\/www.markus-schall.de\/wp-content\/uploads\/ki-spezialist-ausbildung.jpg\" data-dpt-sizes=\"(max-width: 1024px) 100vw, 1024px\" data-dpt-srcset=\"https:\/\/www.markus-schall.de\/wp-content\/uploads\/ki-spezialist-ausbildung.jpg 1024w, https:\/\/www.markus-schall.de\/wp-content\/uploads\/ki-spezialist-ausbildung-300x200.jpg 300w, https:\/\/www.markus-schall.de\/wp-content\/uploads\/ki-spezialist-ausbildung-768x512.jpg 768w, https:\/\/www.markus-schall.de\/wp-content\/uploads\/ki-spezialist-ausbildung-18x12.jpg 18w\" \/><\/div><span class=\"dpt-thumbnail-aspect-ratio\" style=\"padding-top: 75%\"><\/span><\/div><\/div><div class=\"sub-entry\"><h3 class=\"dpt-title\"><a class=\"dpt-title-link\" href=\"https:\/\/www.markus-schall.de\/es\/2025\/10\/como-formar-hoy-a-especialistas-en-ki-oportunidades-para-empresas-y-becarios\/\" rel=\"bookmark\">C\u00f3mo pueden formarse hoy los especialistas en IA: oportunidades para empresas y aprendices<\/a><\/h3><\/div><\/div>\n\t\t\t\t\t\t<\/div><!-- .dpt-entry -->\n\t\t\t\t\t\t\n\t\t\t\t<\/div>\n\t\t\t\t\t\t<\/div>\n\t\t\t\n<hr \/>","protected":false},"excerpt":{"rendered":"<p>Hay personas cuyo pensamiento te gusta seguir no porque est\u00e9s de acuerdo con ellas en todo, sino porque se esfuerzan por penetrar en las cosas. Para m\u00ed, Ulrike Gu\u00e9rot es una de esas voces. Llevo unos a\u00f1os viendo sus conferencias, no con regularidad, no como un ritual, sino cuando me ... <a title=\"C\u00f3mo pueden formarse hoy los especialistas en IA: oportunidades para empresas y aprendices\" class=\"read-more\" href=\"https:\/\/www.markus-schall.de\/es\/2025\/10\/como-formar-hoy-a-especialistas-en-ki-oportunidades-para-empresas-y-becarios\/\" aria-label=\"Leer m\u00e1s sobre C\u00f3mo pueden formarse hoy especialistas en IA: oportunidades para empresas y aprendices\">Vaciar m\u00e1s<\/a><\/p>","protected":false},"author":1,"featured_media":4040,"comment_status":"open","ping_status":"open","sticky":false,"template":"","format":"standard","meta":{"iawp_total_views":197,"footnotes":""},"categories":[1,466,472],"tags":[444,480,475,482,426,476,477,484,478],"class_list":["post-4039","post","type-post","status-publish","format-standard","has-post-thumbnail","hentry","category-allgemein","category-gesellschaft","category-kunst-kultur","tag-denkmodelle","tag-deutschland","tag-europa","tag-geopolitik","tag-krisen","tag-meinungsfreiheit","tag-portrait","tag-sicherheitspolitik","tag-spieltheorie"],"_links":{"self":[{"href":"https:\/\/www.markus-schall.de\/es\/wp-json\/wp\/v2\/posts\/4039","targetHints":{"allow":["GET"]}}],"collection":[{"href":"https:\/\/www.markus-schall.de\/es\/wp-json\/wp\/v2\/posts"}],"about":[{"href":"https:\/\/www.markus-schall.de\/es\/wp-json\/wp\/v2\/types\/post"}],"author":[{"embeddable":true,"href":"https:\/\/www.markus-schall.de\/es\/wp-json\/wp\/v2\/users\/1"}],"replies":[{"embeddable":true,"href":"https:\/\/www.markus-schall.de\/es\/wp-json\/wp\/v2\/comments?post=4039"}],"version-history":[{"count":17,"href":"https:\/\/www.markus-schall.de\/es\/wp-json\/wp\/v2\/posts\/4039\/revisions"}],"predecessor-version":[{"id":5618,"href":"https:\/\/www.markus-schall.de\/es\/wp-json\/wp\/v2\/posts\/4039\/revisions\/5618"}],"wp:featuredmedia":[{"embeddable":true,"href":"https:\/\/www.markus-schall.de\/es\/wp-json\/wp\/v2\/media\/4040"}],"wp:attachment":[{"href":"https:\/\/www.markus-schall.de\/es\/wp-json\/wp\/v2\/media?parent=4039"}],"wp:term":[{"taxonomy":"category","embeddable":true,"href":"https:\/\/www.markus-schall.de\/es\/wp-json\/wp\/v2\/categories?post=4039"},{"taxonomy":"post_tag","embeddable":true,"href":"https:\/\/www.markus-schall.de\/es\/wp-json\/wp\/v2\/tags?post=4039"}],"curies":[{"name":"wp","href":"https:\/\/api.w.org\/{rel}","templated":true}]}}