{"id":4079,"date":"2025-12-17T18:21:45","date_gmt":"2025-12-17T18:21:45","guid":{"rendered":"https:\/\/www.markus-schall.de\/?p=4079"},"modified":"2026-03-24T13:47:26","modified_gmt":"2026-03-24T13:47:26","slug":"jeffrey-sachs-advierte-a-alemania-de-por-que-debe-replantearse-la-seguridad-de-europa","status":"publish","type":"post","link":"https:\/\/www.markus-schall.de\/es\/2025\/12\/jeffrey-sachs-advierte-a-alemania-de-por-que-debe-replantearse-la-seguridad-de-europa\/","title":{"rendered":"Jeffrey Sachs advierte a Alemania: Por qu\u00e9 hay que replantearse la seguridad de Europa"},"content":{"rendered":"<p>En su carta abierta al Canciller alem\u00e1n Friedrich Merz, publicada en el Berliner Zeitung el 17 de diciembre de 2025, el conocido economista y profesor Jeffrey D. Sachs se expresa con una claridad poco frecuente en el actual debate europeo. Sachs no habla como un activista, ni como un partidista, ni como un comentarista a distancia, sino como un economista y asesor pol\u00edtico que ha trabajado durante d\u00e9cadas en las interfaces centrales de las crisis internacionales, las arquitecturas de seguridad y las convulsiones econ\u00f3micas. La carta abierta contiene una cita inusualmente aguda:<\/p>\n<blockquote><p><em>\u201eAprenda historia, Sr. Canciller\u201c.\u201c<\/em><\/p><\/blockquote>\n<p><!--more-->La carta es menos una intervenci\u00f3n pol\u00edtica del d\u00eda y m\u00e1s un documento que argumenta hist\u00f3ricamente. En ella, Sachs no aboga por soluciones r\u00e1pidas, sino por volver a una forma de pensar que en Europa se ha dado por sentada desde hace mucho tiempo: la seguridad como relaci\u00f3n rec\u00edproca, la diplomacia como instrumento de estabilizaci\u00f3n y la honestidad hist\u00f3rica como requisito previo para la confianza. El hecho de que se dirija directamente a la Canciller alemana subraya el papel especial que, en su opini\u00f3n, desempe\u00f1a Alemania en Europa: no como pionera militar, sino como fuerza organizadora y equilibradora.<\/p>\n<hr \/>\n\n\t\t\t<div class=\"display-post-types\">\n\n\t\t\t\t\t\t\t<style type=\"text\/css\">\n\t\t\t#dpt-wrapper-637 { --dpt-text-align: left;--dpt-image-crop: center;--dpt-border-radius: 5px;--dpt-h-gutter: 10px;--dpt-v-gutter: 9px; }\t\t\t<\/style>\n\t\t\t<style type=\"text\/css\">#dpt-wrapper-637 { --dpt-title-font-style:normal;--dpt-title-font-weight:600;--dpt-title-line-height:1.5;--dpt-title-text-decoration:none;--dpt-title-text-transform:none;--dpt-excerpt-font-style:normal;--dpt-excerpt-font-weight:400;--dpt-excerpt-line-height:1.5;--dpt-excerpt-text-decoration:none;--dpt-excerpt-text-transform:none;--dpt-meta1-font-style:normal;--dpt-meta1-font-weight:400;--dpt-meta1-line-height:1.9;--dpt-meta1-text-decoration:none;--dpt-meta1-text-transform:none;--dpt-meta2-font-style:normal;--dpt-meta2-font-weight:400;--dpt-meta2-line-height:1.9;--dpt-meta2-text-decoration:none;--dpt-meta2-text-transform:none; }<\/style><div class=\"dpt-main-header\">\n\t\t\t\t\t\t<div class=\"dpt-main-title\">\n\t\t\t\t\t\t\t<span class=\"dpt-main-title-text\">Cuestiones sociales de actualidad<\/span>\n\t\t\t\t\t\t<\/div>\n\t\t\t\t\t\t\n\t\t\t\t\t\t\n\t\t\t\t\t\t\n\t\t\t\t\t\t<\/div>\t\t\t\n\t\t\t\t<div id=\"dpt-wrapper-637\" class=\"dpt-wrapper dpt-mag1 land1 dpt-cropped dpt-flex-wrap\" >\n\n\t\t\t\t\t\t\t\t\t\t\t<div class=\"dpt-entry has-thumbnail\" data-title=\"warum ein eigenes magazin f\u00fcr unternehmen heute wichtiger ist als werbung\" data-id=\"4476\"  data-category=\"gesellschaft ki-systeme tipps &amp; anleitungen\" data-post_tag=\"datenlogik datenschutz digitales eigentum k\u00fcnstliche intelligenz ratgeber\">\n\t\t\t\t\t\t\t<div class=\"dpt-entry-wrapper\"><div class=\"dpt-featured-content\"><div class=\"dpt-permalink\"><a href=\"https:\/\/www.markus-schall.de\/es\/2026\/01\/por-que-una-revista-de-empresa-es-hoy-mas-importante-que-la-publicidad\/\" class=\"dpt-permalink\"><span class=\"screen-reader-text\">Por qu\u00e9 tener una revista propia es hoy m\u00e1s importante para las empresas que la publicidad<\/span><\/a><\/div><div class=\"dpt-thumbnail\"><div class=\"dpt-thumbnail-inner\"><img width=\"1024\" height=\"683\" class=\"attachment-full size-full\" alt=\"La revista como propiedad\" context=\"dpt\" data-dpt-src=\"https:\/\/www.markus-schall.de\/wp-content\/uploads\/magazin-gastbeitraege.jpg\" data-dpt-sizes=\"(max-width: 1024px) 100vw, 1024px\" data-dpt-srcset=\"https:\/\/www.markus-schall.de\/wp-content\/uploads\/magazin-gastbeitraege.jpg 1024w, https:\/\/www.markus-schall.de\/wp-content\/uploads\/magazin-gastbeitraege-300x200.jpg 300w, https:\/\/www.markus-schall.de\/wp-content\/uploads\/magazin-gastbeitraege-768x512.jpg 768w, https:\/\/www.markus-schall.de\/wp-content\/uploads\/magazin-gastbeitraege-18x12.jpg 18w\" \/><\/div><span class=\"dpt-thumbnail-aspect-ratio\" style=\"padding-top: 75%\"><\/span><\/div><\/div><div class=\"sub-entry\"><h3 class=\"dpt-title\"><a class=\"dpt-title-link\" href=\"https:\/\/www.markus-schall.de\/es\/2026\/01\/por-que-una-revista-de-empresa-es-hoy-mas-importante-que-la-publicidad\/\" rel=\"bookmark\">Por qu\u00e9 tener una revista propia es hoy m\u00e1s importante para las empresas que la publicidad<\/a><\/h3><\/div><\/div>\n\t\t\t\t\t\t<\/div><!-- .dpt-entry -->\n\t\t\t\t\t\t\t\t\t\t\t\t<div class=\"dpt-entry has-thumbnail\" data-title=\"zustand der deutschen wirtschaft 2025: f\u00fcnf jahre krise, zahlen, trends und ausblick\" data-id=\"3773\"  data-category=\"allgemein gesellschaft\" data-post_tag=\"auswandern deutschland energiepolitik erfahrungen geopolitik krisen ratgeber\">\n\t\t\t\t\t\t\t<div class=\"dpt-entry-wrapper\"><div class=\"dpt-featured-content\"><div class=\"dpt-permalink\"><a href=\"https:\/\/www.markus-schall.de\/es\/2025\/12\/estado-de-la-economia-alemana-2025-cinco-anos-de-crisis-cifras-tendencias-y-perspectivas\/\" class=\"dpt-permalink\"><span class=\"screen-reader-text\">Estado de la econom\u00eda alemana en 2025: cinco a\u00f1os de crisis, cifras, tendencias y perspectivas<\/span><\/a><\/div><div class=\"dpt-thumbnail\"><div class=\"dpt-thumbnail-inner\"><img width=\"1024\" height=\"683\" class=\"attachment-full size-full\" alt=\"Situaci\u00f3n de la econom\u00eda alemana en 2025\" context=\"dpt\" data-dpt-src=\"https:\/\/www.markus-schall.de\/wp-content\/uploads\/zustand-deutschland-2025.jpg\" data-dpt-sizes=\"(max-width: 1024px) 100vw, 1024px\" data-dpt-srcset=\"https:\/\/www.markus-schall.de\/wp-content\/uploads\/zustand-deutschland-2025.jpg 1024w, https:\/\/www.markus-schall.de\/wp-content\/uploads\/zustand-deutschland-2025-300x200.jpg 300w, https:\/\/www.markus-schall.de\/wp-content\/uploads\/zustand-deutschland-2025-768x512.jpg 768w, https:\/\/www.markus-schall.de\/wp-content\/uploads\/zustand-deutschland-2025-18x12.jpg 18w\" \/><\/div><span class=\"dpt-thumbnail-aspect-ratio\" style=\"padding-top: 75%\"><\/span><\/div><\/div><div class=\"sub-entry\"><h3 class=\"dpt-title\"><a class=\"dpt-title-link\" href=\"https:\/\/www.markus-schall.de\/es\/2025\/12\/estado-de-la-economia-alemana-2025-cinco-anos-de-crisis-cifras-tendencias-y-perspectivas\/\" rel=\"bookmark\">Estado de la econom\u00eda alemana en 2025: cinco a\u00f1os de crisis, cifras, tendencias y perspectivas<\/a><\/h3><\/div><\/div>\n\t\t\t\t\t\t<\/div><!-- .dpt-entry -->\n\t\t\t\t\t\t\t\t\t\t\t\t<div class=\"dpt-entry has-thumbnail\" data-title=\"digitales eigentum erkl\u00e4rt \u2013 so entstehen nachhaltige online-verm\u00f6genswerte\" data-id=\"4766\"  data-category=\"allgemein b\u00fccher gesellschaft ki-systeme\" data-post_tag=\"buch datenbanken denkmodelle digitales eigentum erp-software k\u00fcnstliche intelligenz prozesse publishing\">\n\t\t\t\t\t\t\t<div class=\"dpt-entry-wrapper\"><div class=\"dpt-featured-content\"><div class=\"dpt-permalink\"><a href=\"https:\/\/www.markus-schall.de\/es\/2026\/02\/la-propiedad-digital-explica-como-se-crean-activos-en-linea-sostenibles\/\" class=\"dpt-permalink\"><span class=\"screen-reader-text\">La propiedad digital explicada - C\u00f3mo se crean activos en l\u00ednea sostenibles<\/span><\/a><\/div><div class=\"dpt-thumbnail\"><div class=\"dpt-thumbnail-inner\"><img width=\"1024\" height=\"683\" class=\"attachment-full size-full\" alt=\"Qu\u00e9 es la propiedad digital\" context=\"dpt\" data-dpt-src=\"https:\/\/www.markus-schall.de\/wp-content\/uploads\/Digitales-Eigentum.jpg\" data-dpt-sizes=\"(max-width: 1024px) 100vw, 1024px\" data-dpt-srcset=\"https:\/\/www.markus-schall.de\/wp-content\/uploads\/Digitales-Eigentum.jpg 1024w, https:\/\/www.markus-schall.de\/wp-content\/uploads\/Digitales-Eigentum-300x200.jpg 300w, https:\/\/www.markus-schall.de\/wp-content\/uploads\/Digitales-Eigentum-768x512.jpg 768w, https:\/\/www.markus-schall.de\/wp-content\/uploads\/Digitales-Eigentum-18x12.jpg 18w\" \/><\/div><span class=\"dpt-thumbnail-aspect-ratio\" style=\"padding-top: 75%\"><\/span><\/div><\/div><div class=\"sub-entry\"><h3 class=\"dpt-title\"><a class=\"dpt-title-link\" href=\"https:\/\/www.markus-schall.de\/es\/2026\/02\/la-propiedad-digital-explica-como-se-crean-activos-en-linea-sostenibles\/\" rel=\"bookmark\">La propiedad digital explicada - C\u00f3mo se crean activos en l\u00ednea sostenibles<\/a><\/h3><\/div><\/div>\n\t\t\t\t\t\t<\/div><!-- .dpt-entry -->\n\t\t\t\t\t\t\t\t\t\t\t\t<div class=\"dpt-entry has-thumbnail\" data-title=\"die digitale id der eu: verkn\u00fcpfung, kontrolle und risiken im alltag\" data-id=\"3486\"  data-category=\"allgemein gesellschaft tipps &amp; anleitungen\" data-post_tag=\"datenschutz eu-gesetze europa prozesse ratgeber\">\n\t\t\t\t\t\t\t<div class=\"dpt-entry-wrapper\"><div class=\"dpt-featured-content\"><div class=\"dpt-permalink\"><a href=\"https:\/\/www.markus-schall.de\/es\/2025\/11\/la-identidad-digital-de-la-ue-vincula-control-y-riesgo-en-la-vida-cotidiana\/\" class=\"dpt-permalink\"><span class=\"screen-reader-text\">El DNI digital de la UE: vinculaci\u00f3n, control y riesgos en la vida cotidiana<\/span><\/a><\/div><div class=\"dpt-thumbnail\"><div class=\"dpt-thumbnail-inner\"><img width=\"1024\" height=\"683\" class=\"attachment-full size-full\" alt=\"DNI digital de la UE\" context=\"dpt\" data-dpt-src=\"https:\/\/www.markus-schall.de\/wp-content\/uploads\/Digitale-ID-der-EU.jpg\" data-dpt-sizes=\"(max-width: 1024px) 100vw, 1024px\" data-dpt-srcset=\"https:\/\/www.markus-schall.de\/wp-content\/uploads\/Digitale-ID-der-EU.jpg 1024w, https:\/\/www.markus-schall.de\/wp-content\/uploads\/Digitale-ID-der-EU-300x200.jpg 300w, https:\/\/www.markus-schall.de\/wp-content\/uploads\/Digitale-ID-der-EU-768x512.jpg 768w, https:\/\/www.markus-schall.de\/wp-content\/uploads\/Digitale-ID-der-EU-18x12.jpg 18w\" \/><\/div><span class=\"dpt-thumbnail-aspect-ratio\" style=\"padding-top: 75%\"><\/span><\/div><\/div><div class=\"sub-entry\"><h3 class=\"dpt-title\"><a class=\"dpt-title-link\" href=\"https:\/\/www.markus-schall.de\/es\/2025\/11\/la-identidad-digital-de-la-ue-vincula-control-y-riesgo-en-la-vida-cotidiana\/\" rel=\"bookmark\">El DNI digital de la UE: vinculaci\u00f3n, control y riesgos en la vida cotidiana<\/a><\/h3><\/div><\/div>\n\t\t\t\t\t\t<\/div><!-- .dpt-entry -->\n\t\t\t\t\t\t\n\t\t\t\t<\/div>\n\t\t\t\t\t\t<\/div>\n\t\t\t\n<hr \/>\n<h2>\u00daltimas noticias sobre Jeffrey Sachs<\/h2>\n<p><strong>15.03.2026<\/strong>El economista Jeffrey Sachs ha escrito en un <a href=\"https:\/\/www.democracynow.org\/2026\/3\/13\/jeffrey_sachs\" target=\"_blank\" rel=\"noopener\"><strong>\u00a1Entrevista en Democracy Now!<\/strong><\/a> sobre el actual conflicto entre Estados Unidos, Israel e Ir\u00e1n. Sachs se muestra extremadamente cr\u00edtico con la escalada militar y la describe como una \u201eguerra de elecci\u00f3n\u201c, es decir, un conflicto que no surgi\u00f3 de una necesidad inmediata sino que fue deliberadamente provocado pol\u00edticamente. En su opini\u00f3n, se trata de una peligrosa violaci\u00f3n de los principios b\u00e1sicos del orden internacional. Sachs argumenta que un ataque sin una clara autodefensa o un mandato de las instituciones internacionales podr\u00eda representar un conflicto directo con el derecho internacional y, en particular, con la Carta de las Naciones Unidas. Un paso as\u00ed, advierte, podr\u00eda tener consecuencias de largo alcance y desestabilizar a\u00fan m\u00e1s la arquitectura de la seguridad mundial.<\/p>\n<div class=\"lyte-wrapper\" style=\"width:640px;max-width:100%;margin:5px;\"><div class=\"lyMe\" id=\"WYL_167h58WfQhI\"><div id=\"lyte_167h58WfQhI\" data-src=\"https:\/\/www.markus-schall.de\/wp-content\/plugins\/wp-youtube-lyte\/lyteCache.php?origThumbUrl=%2F%2Fi.ytimg.com%2Fvi%2F167h58WfQhI%2Fhqdefault.jpg\" class=\"pL\"><div class=\"tC\"><div class=\"tT\"><\/div><\/div><div class=\"play\"><\/div><div class=\"ctrl\"><div class=\"Lctrl\"><\/div><div class=\"Rctrl\"><\/div><\/div><\/div><noscript><a href=\"https:\/\/youtu.be\/167h58WfQhI\" rel=\"nofollow noopener\" target=\"_blank\"><img loading=\"lazy\" decoding=\"async\" src=\"https:\/\/www.markus-schall.de\/wp-content\/plugins\/wp-youtube-lyte\/lyteCache.php?origThumbUrl=https%3A%2F%2Fi.ytimg.com%2Fvi%2F167h58WfQhI%2F0.jpg\" alt=\"Miniatura de v\u00eddeo de YouTube\" width=\"640\" height=\"340\" \/><br \/>Ver este v\u00eddeo en YouTube<\/a><\/noscript><\/div><\/div><div class=\"lL\" style=\"max-width:100%;width:640px;margin:5px;\"><\/div><br \/>\nEl economista Jeffrey Sachs: La \u201eguerra de elecci\u00f3n\u201c entre EE.UU. e Israel y el asalto a la Carta de la ONU podr\u00edan desembocar en la Tercera Guerra Mundial | Elecciones en el mundo <a href=\"https:\/\/www.youtube.com\/@DemocracyNow\" target=\"_blank\" rel=\"nofollow noopener\">\u00a1Democracia ya!<\/a><\/p>\n<p>En la entrevista, Sachs tambi\u00e9n subraya que un conflicto militar con Ir\u00e1n entra\u00f1a considerables riesgos geopol\u00edticos. Ve el peligro de que la guerra se extienda regionalmente e implique a otras potencias. En Oriente Medio en particular, numerosos Estados est\u00e1n indirectamente implicados o afectados, por ejemplo a trav\u00e9s de alianzas militares, intereses energ\u00e9ticos o alianzas estrat\u00e9gicas. Por ello, Sachs advierte de que una escalada podr\u00eda desembocar en un conflicto internacional mucho mayor. En este contexto, habla incluso de la posibilidad de que una guerra de este tipo desencadene una reacci\u00f3n en cadena que repercuta en la pol\u00edtica mundial m\u00e1s all\u00e1 de la regi\u00f3n. En su opini\u00f3n, se necesitar\u00eda urgentemente una soluci\u00f3n diplom\u00e1tica para evitar una nueva escalada militar.<\/p>\n<p>Sachs tambi\u00e9n critica el hecho de que las estrategias militares en pol\u00edtica internacional a menudo persiguen objetivos a corto plazo sin tener suficientemente en cuenta las consecuencias a largo plazo. Sostiene que los conflictos de Oriente Medio de las \u00faltimas d\u00e9cadas han demostrado una y otra vez lo dif\u00edcil que es lograr soluciones pol\u00edticas estables mediante intervenciones militares. En su lugar, aboga por confiar m\u00e1s en la diplomacia, la cooperaci\u00f3n internacional y las negociaciones pol\u00edticas. S\u00f3lo mediante estos enfoques podr\u00eda lograrse una estabilizaci\u00f3n sostenible de la regi\u00f3n. Sachs ve la situaci\u00f3n actual como una encrucijada decisiva: o el conflicto se agrava militarmente o los Estados implicados intentar\u00e1n encontrar una soluci\u00f3n pol\u00edtica mediante negociaciones e instituciones internacionales.<\/p>\n<p><a href=\"https:\/\/www.markus-schall.de\/es\/2026\/03\/el-conflicto-iran-israel-por-que-esta-escalada-es-la-pesadilla-estrategica-de-occidente\/\"><img loading=\"lazy\" decoding=\"async\" class=\"alignright size-medium wp-image-5217\" src=\"https:\/\/www.markus-schall.de\/wp-content\/uploads\/Israel-Iran-Strategischer-Albtraum-300x200.jpg\" alt=\"Israel-Ir\u00e1n - Pesadilla estrat\u00e9gica\" width=\"300\" height=\"200\" srcset=\"https:\/\/www.markus-schall.de\/wp-content\/uploads\/Israel-Iran-Strategischer-Albtraum-300x200.jpg 300w, https:\/\/www.markus-schall.de\/wp-content\/uploads\/Israel-Iran-Strategischer-Albtraum-768x512.jpg 768w, https:\/\/www.markus-schall.de\/wp-content\/uploads\/Israel-Iran-Strategischer-Albtraum-18x12.jpg 18w, https:\/\/www.markus-schall.de\/wp-content\/uploads\/Israel-Iran-Strategischer-Albtraum.jpg 1024w\" sizes=\"auto, (max-width: 300px) 100vw, 300px\" \/><\/a>La escalada entre Ir\u00e1n e Israel demuestra lo r\u00e1pido que los conflictos regionales pueden convertirse en un problema estrat\u00e9gico para todo Occidente. En mi <a href=\"https:\/\/www.markus-schall.de\/es\/2026\/03\/el-conflicto-iran-israel-por-que-esta-escalada-es-la-pesadilla-estrategica-de-occidente\/\"><strong>Art\u00edculo sobre el conflicto Ir\u00e1n-Israel<\/strong><\/a> queda claro que no se trata s\u00f3lo de dos Estados, sino de una compleja red de intereses de seguridad, alianzas y proyecciones de poder en Oriente Medio. Un enfrentamiento militar directo tendr\u00eda el potencial de desestabilizar toda la regi\u00f3n y sacudir las estructuras energ\u00e9ticas y comerciales mundiales. Precisamente por eso algunos estrategas hablan de un \u201eescenario de pesadilla\u201c para los Estados occidentales: Un conflicto que dif\u00edcilmente puede controlarse y que, al mismo tiempo, abre varios frentes geopol\u00edticos simult\u00e1neamente.<\/p>\n<p><strong>23.01.2026<\/strong>: En una reciente entrevista, Jeffrey Sachs y Glenn Diesen analizan las se\u00f1ales pol\u00edticas del Foro Econ\u00f3mico Mundial (FEM 2026) de Davos. La atenci\u00f3n se centra en el discurso de Donald Trump y las reacciones de los pol\u00edticos occidentales. Sachs pinta un panorama cr\u00edtico de Europa: en lugar de dar forma a su propia pol\u00edtica exterior, la UE se ha limitado durante a\u00f1os a observar y adaptarse. Mientras otras regiones formulan cada vez m\u00e1s sus propios intereses, Europa parece desorientada y subordinada.<\/p>\n<div class=\"lyte-wrapper\" style=\"width:640px;max-width:100%;margin:5px;\"><div class=\"lyMe\" id=\"WYL_0kYtS35HdVg\"><div id=\"lyte_0kYtS35HdVg\" data-src=\"https:\/\/www.markus-schall.de\/wp-content\/plugins\/wp-youtube-lyte\/lyteCache.php?origThumbUrl=%2F%2Fi.ytimg.com%2Fvi%2F0kYtS35HdVg%2Fhqdefault.jpg\" class=\"pL\"><div class=\"tC\"><div class=\"tT\"><\/div><\/div><div class=\"play\"><\/div><div class=\"ctrl\"><div class=\"Lctrl\"><\/div><div class=\"Rctrl\"><\/div><\/div><\/div><noscript><a href=\"https:\/\/youtu.be\/0kYtS35HdVg\" rel=\"nofollow noopener\" target=\"_blank\"><img loading=\"lazy\" decoding=\"async\" src=\"https:\/\/www.markus-schall.de\/wp-content\/plugins\/wp-youtube-lyte\/lyteCache.php?origThumbUrl=https%3A%2F%2Fi.ytimg.com%2Fvi%2F0kYtS35HdVg%2F0.jpg\" alt=\"Miniatura de v\u00eddeo de YouTube\" width=\"640\" height=\"340\" \/><br \/>Ver este v\u00eddeo en YouTube<\/a><\/noscript><\/div><\/div><div class=\"lL\" style=\"max-width:100%;width:640px;margin:5px;\"><\/div><br \/>\nJeffrey Sachs: Davos - El imperio de EE.UU. fuera de control y la subordinaci\u00f3n de Europa | Elecciones europeas en Davos <a href=\"https:\/\/www.youtube.com\/@GDiesenDE\" target=\"_blank\" rel=\"nofollow noopener\">Glenn Diesen<\/a><\/p>\n<p>La entrevista clasifica sobriamente esta evoluci\u00f3n y ofrece un an\u00e1lisis fundamental de la situaci\u00f3n geopol\u00edtica actual.<\/p>\n<hr \/>\n<h2>Responsabilidad hist\u00f3rica y concepto de seguridad<\/h2>\n<p>Jeffrey D. Sachs comienza su <a href=\"https:\/\/www.berliner-zeitung.de\/politik-gesellschaft\/offener-brief-von-jeffrey-sachs-lernen-sie-geschichte-herr-bundeskanzler-li.10010628\" target=\"_blank\" rel=\"noopener\"><strong>carta abierta<\/strong><\/a> con una cr\u00edtica fundamental a la ret\u00f3rica de la pol\u00edtica de seguridad del gobierno alem\u00e1n. Seg\u00fan Sachs, la responsabilidad de la seguridad europea no puede cumplirse utilizando palabras de moda, moralizando o normalizando la ret\u00f3rica b\u00e9lica. La seguridad no es un concepto unilateral, sino que se basa en la reciprocidad.<\/p>\n<p>Este principio no es una narrativa rusa o estadounidense, sino un fundamento central del orden europeo de posguerra, establecido en el Acta Final de Helsinki, las estructuras de la OSCE y d\u00e9cadas de diplomacia.<\/p>\n<p>Seg\u00fan Sachs, Alemania debe afrontar esta responsabilidad con honestidad hist\u00f3rica, un requisito que, en su opini\u00f3n, no cumple el lenguaje pol\u00edtico actual.<\/p>\n<h3>Los intereses de seguridad de Rusia ignorados desde 1990<\/h3>\n<p>Un argumento central de la carta es la tesis de que las principales preocupaciones rusas en materia de seguridad han sido sistem\u00e1ticamente ignoradas, relativizadas o violadas desde el final de la Guerra Fr\u00eda, a menudo con la participaci\u00f3n activa o la aceptaci\u00f3n t\u00e1cita de Alemania. Esta historia no debe ignorarse ni relativizarse si se quiere lograr el fin de la guerra en Ucrania o evitar un estado permanente de confrontaci\u00f3n en Europa. Sachs subraya que una paz duradera s\u00f3lo es posible si se identifican y comprenden las causas reales del conflicto.<\/p>\n<p>Sachs recuerda con detalle la fase de la reunificaci\u00f3n alemana. En este contexto se dieron repetidas garant\u00edas claras a los dirigentes sovi\u00e9ticos y posteriormente a los rusos de que no se producir\u00eda una expansi\u00f3n de la OTAN hacia el Este. Estas garant\u00edas no eran comentarios casuales, sino que formaban parte del marco pol\u00edtico que hizo posible en primer lugar la aprobaci\u00f3n de la reunificaci\u00f3n alemana dentro de la OTAN. Alemania se hab\u00eda beneficiado considerablemente de estas garant\u00edas.<\/p>\n<p>Sachs califica su posterior relativizaci\u00f3n o negaci\u00f3n de revisionismo hist\u00f3rico y ruptura de la confianza pol\u00edtica.<\/p>\n<h3>Las intervenciones de la OTAN y la transformaci\u00f3n del orden de seguridad<\/h3>\n<p>La carta hace referencia a los ataques a\u00e9reos de la OTAN contra Serbia en 1999, en los que particip\u00f3 Alemania. Esta intervenci\u00f3n se llev\u00f3 a cabo sin mandato del Consejo de Seguridad de la ONU y represent\u00f3 una violaci\u00f3n fundamental del orden de seguridad anterior.<\/p>\n<p>Para Rusia, se trataba de una clara se\u00f1al de que la OTAN estaba dispuesta a utilizar la fuerza militar m\u00e1s all\u00e1 del territorio de su alianza, independientemente de las objeciones rusas. Esto ha da\u00f1ado permanentemente la confianza estrat\u00e9gica.<\/p>\n<p>Sachs tambi\u00e9n critica la retirada unilateral de EE.UU. del Tratado ABM en 2002, un pilar central de la estabilidad estrat\u00e9gica. Alemania apenas hab\u00eda criticado este paso. El despliegue de sistemas de defensa antimisiles cerca de la frontera rusa se percibi\u00f3 inevitablemente como desestabilizador desde la perspectiva rusa. Calificar de irracionales o paranoicas estas preocupaciones de seguridad en general era propaganda pol\u00edtica y no ten\u00eda nada que ver con una diplomacia responsable.<\/p>\n<p>El reconocimiento por Alemania de la independencia de Kosovo en 2008 sent\u00f3 otro precedente que socav\u00f3 el principio de integridad territorial. Se ignoraron las advertencias sobre las consecuencias a largo plazo. Tampoco en este caso se examinaron seriamente las objeciones rusas, sino que se deslegitimaron moralmente, con consecuencias para la estabilidad del orden europeo.<\/p>\n<hr \/>\n<h3>Encuesta actual sobre la confianza en la pol\u00edtica<\/h3>\n<div class='bootstrap-yop yop-poll-mc'>\n\t\t\t\t\t\t\t<div class=\"basic-yop-poll-container\" style=\"background-color:#ffffff; border:0px; border-style:solid; border-color:#000000; border-radius:5px; padding:0px 5px;\" data-id=\"1\" data-temp=\"basic-pretty\" data-skin=\"square\" data-cscheme=\"blue\" data-cap=\"0\" data-access=\"guest\" data-tid=\"\" data-uid=\"a51d8d5585fa4a428756cd408bfd9222\" data-pid=\"3486\" data-resdet=\"votes-number,percentages\" data-show-results-to=\"guest\" data-show-results-moment=\"after-vote\" data-show-results-only=\"false\" data-show-message=\"true\" data-show-results-as=\"bar\" data-sort-results-by=\"as-defined\" data-sort-results-rule=\"asc\"data-is-ended=\"0\" data-percentages-decimals=\"2\" data-gdpr=\"no\" data-gdpr-sol=\"consent\" data-css=\"\" data-counter=\"0\" data-load-with=\"1\" data-notification-section=\"top\"><div class=\"row\"><div class=\"col-md-12\"><div class=\"basic-inner\"><div class=\"basic-message hide\" style=\"border-left: 10px solid #008000; padding: 0px 10px;\" data-error=\"#ff0000\" data-success=\"#008000\"><p class=\"basic-message-text\" style=\"color:#000000; font-size:14px; font-weight:normal;\"><\/p><\/div><div class=\"basic-overlay hide\"><div class=\"basic-vote-options\"><\/div><div class=\"basic-preloader\"><div class=\"basic-windows8\"><div class=\"basic-wBall basic-wBall_1\"><div class=\"basic-wInnerBall\"><\/div><\/div><div class=\"basic-wBall basic-wBall_2\"><div class=\"basic-wInnerBall\"><\/div><\/div><div class=\"basic-wBall basic-wBall_3\"><div class=\"basic-wInnerBall\"><\/div><\/div><div class=\"basic-wBall basic-wBall_4\"><div class=\"basic-wInnerBall\"><\/div><\/div><div class=\"basic-wBall basic-wBall_5\"><div class=\"basic-wInnerBall\"><\/div><\/div><\/div><\/div><\/div><form class=\"basic-form\" action=\"\"><input type=\"hidden\" name=\"_token\" value=\"08a892bd45\" autocomplete=\"off\"><div class=\"basic-elements\"><div class=\"basic-element basic-question basic-question-text-vertical\" data-id=\"1\" data-uid=\"b1fad12619fe155d5561d3dcd7eb02f2\" data-type=\"question\" data-question-type=\"text\" data-required=\"yes\" data-allow-multiple=\"no\" data-min=\"1\" data-max=\"1\" data-display=\"vertical\" data-colnum=\"\" data-display-others=\"no\" data-others-color=\"\" data-others=\"\" data-others-max-chars=\"0\"><div class=\"basic-question-title\"><h5 style=\"color:#000000; font-size:16px; font-weight:normal; text-align:left;\">\u00bfQu\u00e9 grado de confianza le inspiran la pol\u00edtica y los medios de comunicaci\u00f3n en Alemania?<\/h5><\/div><ul class=\"basic-answers\"><li class=\"basic-answer\" style=\"padding:0px 0px;\" data-id=\"1\" data-type=\"text\" data-vn=\"10\" data-color=\"#000000\" data-make-link=\"no\" data-link=\"\"><div class=\"basic-answer-content basic-text-vertical\"><label for=\"answer[1]\" class=\"basic-answer-label\"><input type=\"radio\" id=\"answer[1]\" name=\"answer[1]\" value=\"1\"><span class=\"basic-text\" style=\"color: #000000; font-size: 14px; font-weight: normal;\">Muy alto - Conf\u00edo plenamente en los organismos oficiales<\/span><\/label><\/div><\/li><li class=\"basic-answer\" style=\"padding:0px 0px;\" data-id=\"2\" data-type=\"text\" data-vn=\"24\" data-color=\"#000000\" data-make-link=\"no\" data-link=\"\"><div class=\"basic-answer-content basic-text-vertical\"><label for=\"answer[2]\" class=\"basic-answer-label\"><input type=\"radio\" id=\"answer[2]\" name=\"answer[1]\" value=\"2\"><span class=\"basic-text\" style=\"color: #000000; font-size: 14px; font-weight: normal;\">Medio - Soy cauto, pero no desconf\u00edo fundamentalmente<\/span><\/label><\/div><\/li><li class=\"basic-answer\" style=\"padding:0px 0px;\" data-id=\"3\" data-type=\"text\" data-vn=\"54\" data-color=\"#000000\" data-make-link=\"no\" data-link=\"\"><div class=\"basic-answer-content basic-text-vertical\"><label for=\"answer[3]\" class=\"basic-answer-label\"><input type=\"radio\" id=\"answer[3]\" name=\"answer[1]\" value=\"3\"><span class=\"basic-text\" style=\"color: #000000; font-size: 14px; font-weight: normal;\">Bajo - Compruebo muchas cosas yo mismo<\/span><\/label><\/div><\/li><li class=\"basic-answer\" style=\"padding:0px 0px;\" data-id=\"4\" data-type=\"text\" data-vn=\"252\" data-color=\"#000000\" data-make-link=\"no\" data-link=\"\"><div class=\"basic-answer-content basic-text-vertical\"><label for=\"answer[4]\" class=\"basic-answer-label\"><input type=\"radio\" id=\"answer[4]\" name=\"answer[1]\" value=\"4\"><span class=\"basic-text\" style=\"color: #000000; font-size: 14px; font-weight: normal;\">Apenas existe - creo que mucho es velado o escenificado<\/span><\/label><\/div><\/li><\/ul><\/div><div class=\"clearfix\"><\/div><\/div><div class=\"basic-vote\"><a href=\"#\" class=\"button basic-vote-button\" role=\"button\" style=\"background:#027bb8; border:0px; border-style: solid; border-color:#1636f0; border-radius:5px; padding:10px 10px; color:#ffffff; font-size:14px; font-weight:normal;\">Vote<\/a><\/div><input type=\"hidden\" name=\"trp-form-language\" value=\"es\"\/><\/form><\/div><\/div><\/div><\/div>\n\t\t\t\t\t\t<\/div>\n<hr \/>\n<h3>Perspectivas de adhesi\u00f3n a la OTAN de Ucrania y Georgia<\/h3>\n<p>Sachs se muestra especialmente cr\u00edtico con la insistencia en la perspectiva de adhesi\u00f3n a la OTAN de Ucrania y Georgia, tal y como se formul\u00f3 en Bucarest en 2008. Esta pol\u00edtica ha traspasado l\u00edneas rojas claramente definidas.<\/p>\n<p>Si una gran potencia articula de forma clara y coherente sus principales intereses de seguridad durante d\u00e9cadas, ignorarlos deliberadamente no es diplomacia, sino una estrategia de escalada con consecuencias previsibles.<\/p>\n<h3>El papel de Alemania en Ucrania desde 2014<\/h3>\n<p>Sachs dedica una secci\u00f3n aparte al papel de Alemania desde la agitaci\u00f3n en Ucrania en 2014, afirmando que Berl\u00edn, junto con Par\u00eds y Varsovia, medi\u00f3 en el acuerdo del 21 de febrero de 2014, que pretend\u00eda poner fin a la violencia y garantizar el orden constitucional. Este acuerdo se vino abajo en cuesti\u00f3n de horas y fue seguido de un violento cambio de poder. Alemania reconoci\u00f3 inmediatamente el nuevo r\u00e9gimen pol\u00edtico, abandonando as\u00ed de hecho un acuerdo previamente garantizado.<\/p>\n<p>El Acuerdo de Minsk II de 2015 pretend\u00eda corregir este incumplimiento y poner fin a la guerra en el este de Ucrania. Alemania volvi\u00f3 a actuar como potencia garante. Sin embargo, el acuerdo no se aplic\u00f3 durante a\u00f1os, y sus componentes pol\u00edticos en particular fueron rechazados abiertamente por Kiev. Alemania lo hab\u00eda aceptado. Sachs considera que la posterior admisi\u00f3n p\u00fablica por parte de los pol\u00edticos occidentales de que Minsk sirvi\u00f3 sobre todo para dar tiempo a los preparativos militares es una admisi\u00f3n grave que requiere una reevaluaci\u00f3n honesta.<\/p>\n<h3>Cr\u00edticas a las entregas de armas, ret\u00f3rica y manipulaci\u00f3n p\u00fablica<\/h3>\n<p>Con este tel\u00f3n de fondo, a Sachs le parecen huecas las peticiones de m\u00e1s y m\u00e1s armas, una ret\u00f3rica m\u00e1s aguda y una determinaci\u00f3n demostrativa. Critica la comunicaci\u00f3n pol\u00edtica que ignora la historia reciente y pretende infantilizar moralmente al p\u00fablico.<\/p>\n<p>Las sociedades europeas son capaces de comprender que los dilemas de seguridad son reales y que las decisiones militares tienen consecuencias.<\/p>\n<p>Sachs recuerda la Ostpolitik alemana como una expresi\u00f3n de madurez estrat\u00e9gica. El di\u00e1logo, el control de armamentos, la integraci\u00f3n econ\u00f3mica y el reconocimiento de los leg\u00edtimos intereses de seguridad hab\u00edan contribuido en su d\u00eda a la estabilidad de Europa. Esta actitud no era una debilidad, sino un requisito previo para la paz. Alemania debe recuperar esta madurez y dejar de presentar la guerra como algo inevitable o moralmente imperativo.<\/p>\n<h3>Propuestas para una nueva arquitectura europea de seguridad<\/h3>\n<p>La carta formula propuestas concretas:<\/p>\n<ul>\n<li>el fin de la expansi\u00f3n de la OTAN hacia el Este, en particular hacia Ucrania y Georgia<\/li>\n<li>Neutralidad de Ucrania con garant\u00edas internacionales de seguridad<\/li>\n<li>Desmilitarizaci\u00f3n mutua de las regiones fronterizas<\/li>\n<li>Levantamiento de las sanciones como parte de una soluci\u00f3n negociada<\/li>\n<li>Rechazo a la confiscaci\u00f3n de activos estatales rusos<\/li>\n<li>Retorno a los tratados de control de armamento como el Tratado INF<\/li>\n<li>Reforzar la OSCE como foro central de seguridad en Europa<\/li>\n<\/ul>\n<h3>Racionalidad econ\u00f3mica y autonom\u00eda estrat\u00e9gica europea<\/h3>\n<p>Sachs advierte del da\u00f1o a largo plazo que causan a la econom\u00eda europea las pol\u00edticas de sanci\u00f3n y las medidas de tipo expropiatorio. El comercio legal y la cooperaci\u00f3n econ\u00f3mica no son un fracaso moral, sino una expresi\u00f3n de realismo. La autonom\u00eda estrat\u00e9gica significa configurar un orden de seguridad europeo en su propio inter\u00e9s, no la subordinaci\u00f3n permanente a una l\u00f3gica expansiva de la OTAN.<\/p>\n<h3>Llamamiento final: la honradez como requisito para la paz<\/h3>\n<p>Sachs concluy\u00f3 haciendo un llamamiento urgente a la Canciller Federal para que mire con honestidad a la historia. Sin honestidad no puede haber confianza, sin confianza no puede haber seguridad y sin diplomacia Europa corre el riesgo de repetir los desastres del pasado. La historia juzgar\u00e1 lo que Alemania recuerda y lo que olvida. Esta vez Alemania deber\u00eda tomar una decisi\u00f3n consciente en favor de la diplomacia y la paz.<\/p>\n<div class=\"lyte-wrapper\" style=\"width:640px;max-width:100%;margin:5px;\"><div class=\"lyMe\" id=\"WYL_VxI7m9rmFto\"><div id=\"lyte_VxI7m9rmFto\" data-src=\"https:\/\/www.markus-schall.de\/wp-content\/plugins\/wp-youtube-lyte\/lyteCache.php?origThumbUrl=%2F%2Fi.ytimg.com%2Fvi%2FVxI7m9rmFto%2Fhqdefault.jpg\" class=\"pL\"><div class=\"tC\"><div class=\"tT\"><\/div><\/div><div class=\"play\"><\/div><div class=\"ctrl\"><div class=\"Lctrl\"><\/div><div class=\"Rctrl\"><\/div><\/div><\/div><noscript><a href=\"https:\/\/youtu.be\/VxI7m9rmFto\" rel=\"nofollow noopener\" target=\"_blank\"><img loading=\"lazy\" decoding=\"async\" src=\"https:\/\/www.markus-schall.de\/wp-content\/plugins\/wp-youtube-lyte\/lyteCache.php?origThumbUrl=https%3A%2F%2Fi.ytimg.com%2Fvi%2FVxI7m9rmFto%2F0.jpg\" alt=\"Miniatura de v\u00eddeo de YouTube\" width=\"640\" height=\"340\" \/><br \/>Ver este v\u00eddeo en YouTube<\/a><\/noscript><\/div><\/div><div class=\"lL\" style=\"max-width:100%;width:640px;margin:5px;\"><\/div><br \/>\nLa geopol\u00edtica de la paz - El profesor Jeffrey Sachs en el Parlamento Europeo | La geopol\u00edtica de la paz - El profesor Jeffrey Sachs en el Parlamento Europeo | La geopol\u00edtica de la paz <a href=\"https:\/\/www.youtube.com\/@MartinSonneborn\" target=\"_blank\" rel=\"noopener\">Martin Sonneborn<\/a><\/p>\n<h3>Cambios en la pol\u00edtica de seguridad alemana<\/h3>\n<p>Paralelamente a los debates sobre pol\u00edtica de seguridad internacional a los que se refiere Jeffrey Sachs en su carta abierta, en Alemania tambi\u00e9n se han producido cambios significativos en los \u00faltimos a\u00f1os. Por primera vez en d\u00e9cadas, la llamada <a href=\"https:\/\/www.markus-schall.de\/es\/2025\/10\/que-significa-la-caida-de-tension-en-alemania-y-que-consecuencias-concretas-tendria\/\"><strong>Ca\u00edda de tensi\u00f3n<\/strong><\/a> un t\u00e9rmino de la Ley Fundamental que hab\u00eda desaparecido casi por completo de la vida pol\u00edtica cotidiana durante mucho tiempo. Est\u00e1 vinculado a cuestiones de seguridad interior y exterior, al papel de la Bundeswehr y a la resistencia de las estructuras estatales en caso de crisis. En este contexto, tambi\u00e9n se cuestiona cada vez m\u00e1s la suspensi\u00f3n del servicio militar obligatorio.<\/p>\n<p>Diversos actores pol\u00edticos han desarrollado modelos de reintroducci\u00f3n, obligaci\u00f3n parcial u obligaci\u00f3n ampliada. <a href=\"https:\/\/www.markus-schall.de\/es\/2025\/09\/objecion-de-conciencia-al-servicio-militar-que-hacer-en-caso-de-emergencia\/\"><strong>Servicio militar obligatorio<\/strong><\/a> El debate sobre el futuro de la preparaci\u00f3n militar se ha iniciado, en parte abiertamente, en parte de forma gradual mediante ajustes legales y preparativos organizativos. Estos debates marcan un profundo cambio mental: alejarse de la asunci\u00f3n durante d\u00e9cadas de un orden de paz permanente y acercarse a una pol\u00edtica que vuelve a considerar la preparaci\u00f3n militar como la norma. Aqu\u00ed es precisamente donde el desarrollo pol\u00edtico interno de Alemania se cruza con la cr\u00edtica fundamental de Sachs: cuando las cuestiones de seguridad se enmarcan principalmente en t\u00e9rminos militares, el horizonte pol\u00edtico se estrecha. La experiencia hist\u00f3rica, las alternativas diplom\u00e1ticas y los costes sociales pasan a un segundo plano, con graves consecuencias para la democracia, la econom\u00eda y la estabilidad social.<\/p>\n<hr \/>\n<h3>Encuesta actual sobre un posible caso de tensi\u00f3n<\/h3>\n<div class='bootstrap-yop yop-poll-mc'>\n\t\t\t\t\t\t\t<div class=\"basic-yop-poll-container\" style=\"background-color:#ffffff; border:0px; border-style:solid; border-color:#000000; border-radius:5px; padding:0px 5px;\" data-id=\"6\" data-temp=\"basic-pretty\" data-skin=\"square\" data-cscheme=\"blue\" data-cap=\"0\" data-access=\"guest\" data-tid=\"\" data-uid=\"3645c679c7d7bd3fb62a1937dcff0a26\" data-pid=\"3486\" data-resdet=\"votes-number,percentages\" data-show-results-to=\"guest\" data-show-results-moment=\"after-vote\" data-show-results-only=\"false\" data-show-message=\"true\" data-show-results-as=\"bar\" data-sort-results-by=\"as-defined\" data-sort-results-rule=\"asc\"data-is-ended=\"0\" data-percentages-decimals=\"2\" data-gdpr=\"no\" data-gdpr-sol=\"consent\" data-css=\".basic-yop-poll-container[data-uid] .basic-vote {\t\t\t\t\t\t\t\t\ttext-align: center;\t\t\t\t\t\t\t\t}\" data-counter=\"0\" data-load-with=\"1\" data-notification-section=\"top\"><div class=\"row\"><div class=\"col-md-12\"><div class=\"basic-inner\"><div class=\"basic-message hide\" style=\"border-left: 10px solid #008000; padding: 0px 10px;\" data-error=\"#ff0000\" data-success=\"#008000\"><p class=\"basic-message-text\" style=\"color:#000000; font-size:14px; font-weight:normal;\"><\/p><\/div><div class=\"basic-overlay hide\"><div class=\"basic-vote-options\"><\/div><div class=\"basic-preloader\"><div class=\"basic-windows8\"><div class=\"basic-wBall basic-wBall_1\"><div class=\"basic-wInnerBall\"><\/div><\/div><div class=\"basic-wBall basic-wBall_2\"><div class=\"basic-wInnerBall\"><\/div><\/div><div class=\"basic-wBall basic-wBall_3\"><div class=\"basic-wInnerBall\"><\/div><\/div><div class=\"basic-wBall basic-wBall_4\"><div class=\"basic-wInnerBall\"><\/div><\/div><div class=\"basic-wBall basic-wBall_5\"><div class=\"basic-wInnerBall\"><\/div><\/div><\/div><\/div><\/div><form class=\"basic-form\" action=\"\"><input type=\"hidden\" name=\"_token\" value=\"fc300e5d8f\" autocomplete=\"off\"><div class=\"basic-elements\"><div class=\"basic-element basic-question basic-question-text-vertical\" data-id=\"6\" data-uid=\"546568034e64ff617f66d8acc2a213fb\" data-type=\"question\" data-question-type=\"text\" data-required=\"yes\" data-allow-multiple=\"no\" data-min=\"1\" data-max=\"7\" data-display=\"vertical\" data-colnum=\"\" data-display-others=\"no\" data-others-color=\"\" data-others=\"\" data-others-max-chars=\"0\"><div class=\"basic-question-title\"><h5 style=\"color:#000000; font-size:16px; font-weight:normal; text-align:left;\">\u00bfEn qu\u00e9 medida se siente personalmente preparado para un posible caso de tensi\u00f3n (por ejemplo, crisis o guerra)?<\/h5><\/div><ul class=\"basic-answers\"><li class=\"basic-answer\" style=\"padding:0px 0px;\" data-id=\"24\" data-type=\"text\" data-vn=\"19\" data-color=\"#000000\" data-make-link=\"no\" data-link=\"\"><div class=\"basic-answer-content basic-text-vertical\"><label for=\"answer[24]\" class=\"basic-answer-label\"><input type=\"radio\" id=\"answer[24]\" name=\"answer[6]\" value=\"24\"><span class=\"basic-text\" style=\"color: #000000; font-size: 14px; font-weight: normal;\">Muy bien - Tengo suministros, conocimientos y un plan<\/span><\/label><\/div><\/li><li class=\"basic-answer\" style=\"padding:0px 0px;\" data-id=\"25\" data-type=\"text\" data-vn=\"36\" data-color=\"#000000\" data-make-link=\"no\" data-link=\"\"><div class=\"basic-answer-content basic-text-vertical\"><label for=\"answer[25]\" class=\"basic-answer-label\"><input type=\"radio\" id=\"answer[25]\" name=\"answer[6]\" value=\"25\"><span class=\"basic-text\" style=\"color: #000000; font-size: 14px; font-weight: normal;\">Bastante bueno - lo he pensado un poco<\/span><\/label><\/div><\/li><li class=\"basic-answer\" style=\"padding:0px 0px;\" data-id=\"26\" data-type=\"text\" data-vn=\"60\" data-color=\"#000000\" data-make-link=\"no\" data-link=\"\"><div class=\"basic-answer-content basic-text-vertical\"><label for=\"answer[26]\" class=\"basic-answer-label\"><input type=\"radio\" id=\"answer[26]\" name=\"answer[6]\" value=\"26\"><span class=\"basic-text\" style=\"color: #000000; font-size: 14px; font-weight: normal;\">Apenas - S\u00f3lo espero que no pase nada<\/span><\/label><\/div><\/li><li class=\"basic-answer\" style=\"padding:0px 0px;\" data-id=\"27\" data-type=\"text\" data-vn=\"13\" data-color=\"#000000\" data-make-link=\"no\" data-link=\"\"><div class=\"basic-answer-content basic-text-vertical\"><label for=\"answer[27]\" class=\"basic-answer-label\"><input type=\"radio\" id=\"answer[27]\" name=\"answer[6]\" value=\"27\"><span class=\"basic-text\" style=\"color: #000000; font-size: 14px; font-weight: normal;\">En absoluto - suprimo deliberadamente el tema<\/span><\/label><\/div><\/li><li class=\"basic-answer\" style=\"padding:0px 0px;\" data-id=\"28\" data-type=\"text\" data-vn=\"17\" data-color=\"#000000\" data-make-link=\"no\" data-link=\"\"><div class=\"basic-answer-content basic-text-vertical\"><label for=\"answer[28]\" class=\"basic-answer-label\"><input type=\"radio\" id=\"answer[28]\" name=\"answer[6]\" value=\"28\"><span class=\"basic-text\" style=\"color: #000000; font-size: 14px; font-weight: normal;\">\u00bfQu\u00e9 es una \"ca\u00edda de tensi\u00f3n\"?<\/span><\/label><\/div><\/li><\/ul><\/div><div class=\"clearfix\"><\/div><\/div><div class=\"basic-vote\"><a href=\"#\" class=\"button basic-vote-button\" role=\"button\" style=\"background:#027bb8; border:0px; border-style: solid; border-color:#000000; border-radius:5px; padding:10px 10px; color:#ffffff; font-size:14px; font-weight:normal;\">Vote<\/a><\/div><input type=\"hidden\" name=\"trp-form-language\" value=\"es\"\/><\/form><\/div><\/div><\/div><\/div>\n\t\t\t\t\t\t<\/div>\n<hr \/>\n<h2>Breve perfil: \u00bfQui\u00e9n es el Prof. Jeffrey D. Sachs?<\/h2>\n<p>Jeffrey D. Sachs es un economista estadounidense y uno de los intelectuales p\u00fablicos m\u00e1s conocidos en el campo de la econom\u00eda del desarrollo y el asesoramiento en pol\u00edtica internacional. En la actualidad es <a href=\"https:\/\/csd.columbia.edu\/sachs\" target=\"_blank\" rel=\"noopener\"><strong>Profesor universitario<\/strong><\/a> (el m\u00e1s alto rango acad\u00e9mico de la Universidad de Columbia) y Director del Centro para el Desarrollo Sostenible de la Universidad de Columbia en Nueva York.<\/p>\n<p>Tambi\u00e9n es presidente de la Red de Soluciones para el Desarrollo Sostenible (SDSN) de las Naciones Unidas y participa en comit\u00e9s relacionados con la ONU, entre ellos el de Defensor de los ODS bajo la direcci\u00f3n del secretario general Ant\u00f3nio Guterres. De 2002 a 2016, tambi\u00e9n dirigi\u00f3 el Instituto de la Tierra de la Universidad de Columbia.<\/p>\n<h3>Origen y moldeado temprano<\/h3>\n<p>Sachs naci\u00f3 en Detroit (Michigan) en 1954 y creci\u00f3 en el suburbio de Oak Park. En <a href=\"https:\/\/en.wikipedia.org\/wiki\/Jeffrey_Sachs\" target=\"_blank\" rel=\"noopener\"><strong>Biograf\u00edas<\/strong><\/a> A menudo se subraya que las tensiones sociales y las desigualdades de la regi\u00f3n (incluidos los disturbios de Detroit) le hicieron tomar conciencia muy pronto de la brecha entre pobreza y prosperidad.<\/p>\n<p>Es hijo de Joan (de soltera Abrams) y Theodore Sachs, a quien se describe como abogado laboralista; tambi\u00e9n se suele decir que Sachs creci\u00f3 en una familia jud\u00eda.<\/p>\n<h3>Educaci\u00f3n: Harvard, y a una velocidad r\u00e9cord<\/h3>\n<p>Su carrera acad\u00e9mica es extraordinariamente sencilla: Sachs estudi\u00f3 en la Universidad de Harvard, donde se licenci\u00f3 (1976, summa cum laude), obtuvo un m\u00e1ster (1978) y un doctorado (1980), todos ellos en Econom\u00eda.<\/p>\n<p>Fue aceptado en la Harvard Society of Fellows cuando a\u00fan era estudiante de posgrado, lo que fue una se\u00f1al temprana de su reputaci\u00f3n como talento excepcional.<\/p>\n<h3>A\u00f1os en Harvard: ascenso a la categor\u00eda de \u201eeconomista estrella\u201c<\/h3>\n<p>Sachs lleg\u00f3 a Harvard como profesor en 1980, fue ascendido muy r\u00e1pidamente y obtuvo una plaza de profesor titular muy joven. M\u00e1s tarde se convirti\u00f3 en Catedr\u00e1tico Galen L. Stone de Comercio Internacional y dirigi\u00f3 programas e institutos estrechamente vinculados a la consultor\u00eda pol\u00edtica internacional.<\/p>\n<p>Durante esta etapa, su reputaci\u00f3n creci\u00f3 como economista que no s\u00f3lo trabaja te\u00f3ricamente, sino que tambi\u00e9n asesora directamente a los gobiernos en las crisis, con propuestas de reforma claras y a menudo inflexibles.<\/p>\n<h3>A\u00f1os 80 y 90: la \u201eterapia de choque\u201c y los debates en torno a ella<\/h3>\n<p>Sachs adquiri\u00f3 reconocimiento internacional por su papel de asesor durante las convulsiones econ\u00f3micas, por ejemplo en pa\u00edses con hiperinflaci\u00f3n o durante la transici\u00f3n de una econom\u00eda planificada a una de mercado. En muchos relatos se le describe como uno de los principales representantes de una pol\u00edtica de estabilizaci\u00f3n r\u00e1pida, que a menudo se resume bajo el t\u00e9rmino \u201eterapia de choque\u201c (reformas r\u00e1pidas de precios\/monedas, disciplina fiscal estricta, cambio r\u00e1pido del sistema).<\/p>\n<p>Esta fase sigue siendo controvertida. Los partidarios destacan los \u00e9xitos de estabilizaci\u00f3n de algunos pa\u00edses, mientras que los cr\u00edticos hacen hincapi\u00e9 en las dificultades sociales, los efectos pol\u00edticos secundarios y los falsos incentivos, sobre todo en los primeros a\u00f1os de transformaci\u00f3n en la antigua Uni\u00f3n Sovi\u00e9tica. El nombre de Sachs aparece regularmente como figura simb\u00f3lica en este debate, tanto en discusiones acad\u00e9micas como pol\u00edticas.<\/p>\n<h3>Trasladarse a Colombia: el desarrollo sostenible como trabajo de toda una vida<\/h3>\n<p>En 2002, Sachs se traslad\u00f3 a la Universidad de Columbia. All\u00ed dirigi\u00f3 el Instituto de la Tierra (2002-2016) y ahora dirige el Centro para el Desarrollo Sostenible.<\/p>\n<p>Desde entonces, se ha centrado menos en la \u201emacroeconom\u00eda pura\u201c y m\u00e1s en el desarrollo sostenible, la reducci\u00f3n de la pobreza, la salud, el clima, las infraestructuras y la cooperaci\u00f3n internacional. Esto encaja con su papel de autor y organizador de grandes programas en los que se entrelazan la investigaci\u00f3n, el asesoramiento pol\u00edtico y la comunicaci\u00f3n p\u00fablica.<\/p>\n<h3>Papel en las Naciones Unidas: ODM, ODS e influencia pol\u00edtica<\/h3>\n<p>Sachs estuvo activo en contextos de la ONU durante muchos a\u00f1os: entre otras cosas, se le describe como asesor de varios secretarios generales de la ONU y fue una voz formativa en el contexto de los Objetivos de Desarrollo del Milenio (ODM) y, posteriormente, de los Objetivos de Desarrollo Sostenible (ODS).<\/p>\n<p>La SDSN (Red de Soluciones para el Desarrollo Sostenible de la ONU), de la que es Presidente, es una especie de puente: El objetivo es que la ciencia, la sociedad civil, las empresas y la pol\u00edtica colaboren para promover soluciones viables para los objetivos de los ODS.<\/p>\n<h3>Impacto p\u00fablico hoy: autor, comentarista, polarizaci\u00f3n<\/h3>\n<p>En los \u00faltimos a\u00f1os, Sachs no s\u00f3lo se ha hecho un nombre como economista del desarrollo, sino tambi\u00e9n como comentarista pol\u00edtico sobre geopol\u00edtica, guerra y orden internacional. Dependiendo de la audiencia, ha recibido aprobaci\u00f3n o duras cr\u00edticas, precisamente porque a menudo insiste en que los conflictos internacionales s\u00f3lo pueden resolverse mediante arquitecturas de seguridad, diplomacia y equilibrio de intereses. No es de extra\u00f1ar que con ello cause ofensa: Sachs rara vez argumenta en modo titular, sino m\u00e1s bien sobre largas l\u00edneas, l\u00f3gica del poder y dependencias hist\u00f3ricas de la trayectoria.<\/p>\n<p>Si se resume la trayectoria de Sachs, surge un patr\u00f3n claro:<\/p>\n<p>No es un \u201eeconomista puramente universitario\u201c, sino un economista en la sala de m\u00e1quinas de la historia: primero en las crisis monetarias y sist\u00e9micas, m\u00e1s tarde en la pobreza mundial y las agendas de desarrollo, y hoy cada vez m\u00e1s en cuestiones fundamentales de orden de seguridad y diplomacia. Su punto fuerte es la visi\u00f3n de conjunto; su riesgo es que las cuestiones de visi\u00f3n de conjunto se malinterpreten r\u00e1pidamente como \u201epartidismo\u201c en debates acalorados.<\/p>\n<hr \/>\n\n\t\t\t<div class=\"display-post-types\">\n\n\t\t\t\t\t\t\t<style type=\"text\/css\">\n\t\t\t#dpt-wrapper-638 { --dpt-text-align: left;--dpt-image-crop: center;--dpt-border-radius: 5px;--dpt-h-gutter: 10px;--dpt-v-gutter: 10px; }\t\t\t<\/style>\n\t\t\t<style type=\"text\/css\">#dpt-wrapper-638 { --dpt-title-font-style:normal;--dpt-title-font-weight:600;--dpt-title-line-height:1.5;--dpt-title-text-decoration:none;--dpt-title-text-transform:none;--dpt-excerpt-font-style:normal;--dpt-excerpt-font-weight:400;--dpt-excerpt-line-height:1.5;--dpt-excerpt-text-decoration:none;--dpt-excerpt-text-transform:none;--dpt-meta1-font-style:normal;--dpt-meta1-font-weight:400;--dpt-meta1-line-height:1.9;--dpt-meta1-text-decoration:none;--dpt-meta1-text-transform:none;--dpt-meta2-font-style:normal;--dpt-meta2-font-weight:400;--dpt-meta2-line-height:1.9;--dpt-meta2-text-decoration:none;--dpt-meta2-text-transform:none; }<\/style><div class=\"dpt-main-header\">\n\t\t\t\t\t\t<div class=\"dpt-main-title\">\n\t\t\t\t\t\t\t<span class=\"dpt-main-title-text\">Retratos de personas con actitud<\/span>\n\t\t\t\t\t\t<\/div>\n\t\t\t\t\t\t\n\t\t\t\t\t\t\n\t\t\t\t\t\t\n\t\t\t\t\t\t<\/div>\t\t\t\n\t\t\t\t<div id=\"dpt-wrapper-638\" class=\"dpt-wrapper dpt-mag1 land1 dpt-cropped dpt-flex-wrap\" >\n\n\t\t\t\t\t\t\t\t\t\t\t<div class=\"dpt-entry has-thumbnail\" data-title=\"helge schneider: haltung, humor und die freiheit, sich nicht erkl\u00e4ren zu m\u00fcssen\" data-id=\"4756\"  data-category=\"allgemein gesellschaft kunst &amp; kultur\" data-post_tag=\"deutschland erfahrungen meinungsfreiheit musik portrait\">\n\t\t\t\t\t\t\t<div class=\"dpt-entry-wrapper\"><div class=\"dpt-featured-content\"><div class=\"dpt-permalink\"><a href=\"https:\/\/www.markus-schall.de\/es\/2026\/02\/helge-schneider-actitud-humor-y-la-libertad-de-no-tener-que-dar-explicaciones\/\" class=\"dpt-permalink\"><span class=\"screen-reader-text\">Helge Schneider: Actitud, humor y la libertad de no tener que dar explicaciones<\/span><\/a><\/div><div class=\"dpt-thumbnail\"><div class=\"dpt-thumbnail-inner\"><img width=\"1024\" height=\"683\" class=\"attachment-full size-full\" alt=\"Retrato de Helge Schneider\" context=\"dpt\" data-dpt-src=\"https:\/\/www.markus-schall.de\/wp-content\/uploads\/Helge-Schneider.jpg\" data-dpt-sizes=\"(max-width: 1024px) 100vw, 1024px\" data-dpt-srcset=\"https:\/\/www.markus-schall.de\/wp-content\/uploads\/Helge-Schneider.jpg 1024w, https:\/\/www.markus-schall.de\/wp-content\/uploads\/Helge-Schneider-300x200.jpg 300w, https:\/\/www.markus-schall.de\/wp-content\/uploads\/Helge-Schneider-768x512.jpg 768w, https:\/\/www.markus-schall.de\/wp-content\/uploads\/Helge-Schneider-18x12.jpg 18w\" \/><\/div><span class=\"dpt-thumbnail-aspect-ratio\" style=\"padding-top: 75%\"><\/span><\/div><\/div><div class=\"sub-entry\"><h3 class=\"dpt-title\"><a class=\"dpt-title-link\" href=\"https:\/\/www.markus-schall.de\/es\/2026\/02\/helge-schneider-actitud-humor-y-la-libertad-de-no-tener-que-dar-explicaciones\/\" rel=\"bookmark\">Helge Schneider: Actitud, humor y la libertad de no tener que dar explicaciones<\/a><\/h3><\/div><\/div>\n\t\t\t\t\t\t<\/div><!-- .dpt-entry -->\n\t\t\t\t\t\t\t\t\t\t\t\t<div class=\"dpt-entry has-thumbnail\" data-title=\"vicco von b\u00fclow alias loriot \u2013 ordnung, form und der leise widerstand des humors\" data-id=\"4169\"  data-category=\"allgemein gesellschaft kunst &amp; kultur stories &amp; humor\" data-post_tag=\"deutschland erfahrungen pers\u00f6nlichkeitsentwicklung portrait\">\n\t\t\t\t\t\t\t<div class=\"dpt-entry-wrapper\"><div class=\"dpt-featured-content\"><div class=\"dpt-permalink\"><a href=\"https:\/\/www.markus-schall.de\/es\/2025\/12\/vicco-von-buelow-alias-loriot-orden-de-pedido-y-la-resistencia-silenciosa-del-humor\/\" class=\"dpt-permalink\"><span class=\"screen-reader-text\">Vicco von B\u00fclow alias Loriot - orden, forma y la tranquila resistencia del humor<\/span><\/a><\/div><div class=\"dpt-thumbnail\"><div class=\"dpt-thumbnail-inner\"><img width=\"1024\" height=\"747\" class=\"attachment-full size-full\" alt=\"\" context=\"dpt\" data-dpt-src=\"https:\/\/www.markus-schall.de\/wp-content\/uploads\/Loriot-Titel.jpg\" data-dpt-sizes=\"(max-width: 1024px) 100vw, 1024px\" data-dpt-srcset=\"https:\/\/www.markus-schall.de\/wp-content\/uploads\/Loriot-Titel.jpg 1024w, https:\/\/www.markus-schall.de\/wp-content\/uploads\/Loriot-Titel-300x219.jpg 300w, https:\/\/www.markus-schall.de\/wp-content\/uploads\/Loriot-Titel-768x560.jpg 768w, https:\/\/www.markus-schall.de\/wp-content\/uploads\/Loriot-Titel-16x12.jpg 16w\" \/><\/div><span class=\"dpt-thumbnail-aspect-ratio\" style=\"padding-top: 75%\"><\/span><\/div><\/div><div class=\"sub-entry\"><h3 class=\"dpt-title\"><a class=\"dpt-title-link\" href=\"https:\/\/www.markus-schall.de\/es\/2025\/12\/vicco-von-buelow-alias-loriot-orden-de-pedido-y-la-resistencia-silenciosa-del-humor\/\" rel=\"bookmark\">Vicco von B\u00fclow alias Loriot - orden, forma y la tranquila resistencia del humor<\/a><\/h3><\/div><\/div>\n\t\t\t\t\t\t<\/div><!-- .dpt-entry -->\n\t\t\t\t\t\t\t\t\t\t\t\t<div class=\"dpt-entry has-thumbnail\" data-title=\"mehr als punk: nina hagen, cosma shiva und die kunst, sich nicht vereinnahmen zu lassen\" data-id=\"4521\"  data-category=\"allgemein gesellschaft kunst &amp; kultur\" data-post_tag=\"auswandern deutschland erfahrungen europa krisen meinungsfreiheit musik portrait\">\n\t\t\t\t\t\t\t<div class=\"dpt-entry-wrapper\"><div class=\"dpt-featured-content\"><div class=\"dpt-permalink\"><a href=\"https:\/\/www.markus-schall.de\/es\/2026\/01\/more-than-punk-nina-hagen-cosma-shiva-y-el-arte-de-no-dejarse-enganar\/\" class=\"dpt-permalink\"><span class=\"screen-reader-text\">M\u00e1s que punk: Nina Hagen, Cosma Shiva y el arte de no dejarse enga\u00f1ar<\/span><\/a><\/div><div class=\"dpt-thumbnail\"><div class=\"dpt-thumbnail-inner\"><img width=\"1024\" height=\"683\" class=\"attachment-full size-full\" alt=\"Retrato de Nina y Cosma Shiva Hagen\" context=\"dpt\" data-dpt-src=\"https:\/\/www.markus-schall.de\/wp-content\/uploads\/Nina-Cosma-Shiva-Hagen-Titel.jpg\" data-dpt-sizes=\"(max-width: 1024px) 100vw, 1024px\" data-dpt-srcset=\"https:\/\/www.markus-schall.de\/wp-content\/uploads\/Nina-Cosma-Shiva-Hagen-Titel.jpg 1024w, https:\/\/www.markus-schall.de\/wp-content\/uploads\/Nina-Cosma-Shiva-Hagen-Titel-300x200.jpg 300w, https:\/\/www.markus-schall.de\/wp-content\/uploads\/Nina-Cosma-Shiva-Hagen-Titel-768x512.jpg 768w, https:\/\/www.markus-schall.de\/wp-content\/uploads\/Nina-Cosma-Shiva-Hagen-Titel-18x12.jpg 18w\" \/><\/div><span class=\"dpt-thumbnail-aspect-ratio\" style=\"padding-top: 75%\"><\/span><\/div><\/div><div class=\"sub-entry\"><h3 class=\"dpt-title\"><a class=\"dpt-title-link\" href=\"https:\/\/www.markus-schall.de\/es\/2026\/01\/more-than-punk-nina-hagen-cosma-shiva-y-el-arte-de-no-dejarse-enganar\/\" rel=\"bookmark\">M\u00e1s que punk: Nina Hagen, Cosma Shiva y el arte de no dejarse enga\u00f1ar<\/a><\/h3><\/div><\/div>\n\t\t\t\t\t\t<\/div><!-- .dpt-entry -->\n\t\t\t\t\t\t\t\t\t\t\t\t<div class=\"dpt-entry has-thumbnail\" data-title=\"ulrike gu\u00e9rot: eine europ\u00e4erin zwischen idee, universit\u00e4t und \u00f6ffentlichem diskurs\" data-id=\"4039\"  data-category=\"allgemein gesellschaft kunst &amp; kultur\" data-post_tag=\"denkmodelle deutschland europa geopolitik krisen meinungsfreiheit portrait sicherheitspolitik spieltheorie\">\n\t\t\t\t\t\t\t<div class=\"dpt-entry-wrapper\"><div class=\"dpt-featured-content\"><div class=\"dpt-permalink\"><a href=\"https:\/\/www.markus-schall.de\/es\/2025\/12\/ulrike-guerot-una-europea-entre-la-idea-de-universidad-y-el-discurso-publico\/\" class=\"dpt-permalink\"><span class=\"screen-reader-text\">Ulrike Gu\u00e9rot: Una europea entre la idea, la universidad y el discurso p\u00fablico<\/span><\/a><\/div><div class=\"dpt-thumbnail\"><div class=\"dpt-thumbnail-inner\"><img width=\"1024\" height=\"683\" class=\"attachment-full size-full\" alt=\"Ulrike Gu\u00e9rot y Europa\" context=\"dpt\" data-dpt-src=\"https:\/\/www.markus-schall.de\/wp-content\/uploads\/ulrike-guerot-portrait.jpg\" data-dpt-sizes=\"(max-width: 1024px) 100vw, 1024px\" data-dpt-srcset=\"https:\/\/www.markus-schall.de\/wp-content\/uploads\/ulrike-guerot-portrait.jpg 1024w, https:\/\/www.markus-schall.de\/wp-content\/uploads\/ulrike-guerot-portrait-300x200.jpg 300w, https:\/\/www.markus-schall.de\/wp-content\/uploads\/ulrike-guerot-portrait-768x512.jpg 768w, https:\/\/www.markus-schall.de\/wp-content\/uploads\/ulrike-guerot-portrait-18x12.jpg 18w\" \/><\/div><span class=\"dpt-thumbnail-aspect-ratio\" style=\"padding-top: 75%\"><\/span><\/div><\/div><div class=\"sub-entry\"><h3 class=\"dpt-title\"><a class=\"dpt-title-link\" href=\"https:\/\/www.markus-schall.de\/es\/2025\/12\/ulrike-guerot-una-europea-entre-la-idea-de-universidad-y-el-discurso-publico\/\" rel=\"bookmark\">Ulrike Gu\u00e9rot: Una europea entre la idea, la universidad y el discurso p\u00fablico<\/a><\/h3><\/div><\/div>\n\t\t\t\t\t\t<\/div><!-- .dpt-entry -->\n\t\t\t\t\t\t\n\t\t\t\t<\/div>\n\t\t\t\t\t\t<\/div>\n\t\t\t\n<hr \/>\n<h2>Todos los puntos de la carta abierta de un vistazo<\/h2>\n<div style=\"overflow: auto;\">\n<table>\n<thead>\n<tr style=\"background: #f2f2f2;\">\n<th>Hora \/ Fase<\/th>\n<th>Lo que critica Sachs<\/th>\n<th>Lo que pide Sachs<\/th>\n<\/tr>\n<\/thead>\n<tbody>\n<tr>\n<td><strong>1990 (reunificaci\u00f3n \/ fin de la Guerra Fr\u00eda)<\/strong><\/td>\n<td>Las garant\u00edas de que la OTAN no se expandir\u00eda hacia el este se relativizaron posteriormente o se presentaron como \u201eno vinculantes\u201c.<br \/>\nEsto hab\u00eda da\u00f1ado la confianza.<\/td>\n<td>Honestidad hist\u00f3rica sobre los compromisos y su significado pol\u00edtico; reconocer las garant\u00edas de seguridad como un principio rec\u00edproco.<br \/>\n(La seguridad es \u201eindivisible\u201c).<\/td>\n<\/tr>\n<tr>\n<td><strong>1999 (guerra a\u00e9rea de la OTAN contra Serbia)<\/strong><\/td>\n<td>Participaci\u00f3n de Alemania en bombardeos de la OTAN sin mandato del Consejo de Seguridad de la ONU; se\u00f1al de que la OTAN tambi\u00e9n puede usar la fuerza fuera de su territorio.<br \/>\ncontra las objeciones rusas.<\/td>\n<td>Volver a un orden de seguridad basado en normas (l\u00f3gica ONU\/OSCE); no establecer la violencia como instrumento normal; creaci\u00f3n de confianza en lugar de<br \/>\nCrear precedentes.<\/td>\n<\/tr>\n<tr>\n<td><strong>2002 (Tratado ABM \/ defensa antimisiles)<\/strong><\/td>\n<td>Estados Unidos se retira del Tratado ABM; Alemania no plantea objeciones serias. Despliegue\/planificaci\u00f3n de defensa antimisiles cerca de Rusia<br \/>\nLas fronteras se descartan por desestabilizadoras.<\/td>\n<td>Reconstruir una arquitectura de control de armamento resistente; no devaluar las preocupaciones de seguridad como \u201eparanoia\u201c; estabilidad estrat\u00e9gica como<br \/>\nTratar el objetivo principal.<\/td>\n<\/tr>\n<tr>\n<td><strong>2008 (reconocimiento de Kosovo)<\/strong><\/td>\n<td>Reconocimiento de la independencia de Kosovo pese a las advertencias de que podr\u00eda sentar precedente y socavar la integridad territorial.<\/td>\n<td>Reconocimiento honesto de los precedentes occidentales; pol\u00edtica reguladora coherente y comprensible con arreglo al Derecho internacional, en lugar de principios selectivos.<\/td>\n<\/tr>\n<tr>\n<td><strong>2008 (Cumbre de la OTAN en Bucarest: perspectiva Ucrania\/Georgia)<\/strong><\/td>\n<td>Compromiso pol\u00edtico con las perspectivas de adhesi\u00f3n a la OTAN de Ucrania y Georgia a pesar de las reiteradas advertencias rusas a largo plazo (l\u00edneas rojas).<\/td>\n<td>Fin inequ\u00edvoco de la expansi\u00f3n de la OTAN hacia el Este (Ucrania, Georgia y otros Estados fronterizos); desescalada mediante claridad estructural.<\/td>\n<\/tr>\n<tr>\n<td><strong>Febrero de 2014 (Kiev: Acuerdo de 21 de febrero)<\/strong><\/td>\n<td>Alemania media\/garantiza un acuerdo de desescalada y preservaci\u00f3n del orden constitucional; el acuerdo se desmorona en cuesti\u00f3n de horas,<br \/>\nSe produce un cambio de poder; Alemania reconoce inmediatamente al nuevo gobierno.<\/td>\n<td>Diplomacia coherente con compromiso; las garant\u00edas no deben quedar sin consecuencias; tomar en serio las cuestiones pol\u00edticas de orden en lugar de limitarse a \u201em\u00e1s<br \/>\nal siguiente paso\u201c.<\/td>\n<\/tr>\n<tr>\n<td><strong>2015-2022 (Minsk II como modelo de garant\u00eda)<\/strong><\/td>\n<td>Minsk II no se aplicar\u00eda durante a\u00f1os; los componentes pol\u00edticos ser\u00edan rechazados; Alemania no har\u00eda cumplir su aplicaci\u00f3n. M\u00e1s tarde<br \/>\nLas declaraciones de que Minsk fue m\u00e1s bien una \u201eganancia de tiempo\u201c constituyen un grave abuso de confianza.<\/td>\n<td>Reevaluaci\u00f3n honesta de Minsk; diplomacia como instrumento de paz en lugar de maniobras t\u00e1cticas; futuro marco de negociaci\u00f3n con aplicaci\u00f3n real.<br \/>\ny mecanismos verificables.<\/td>\n<\/tr>\n<tr>\n<td><strong>Desde 2022 (guerra de Ucrania \/ din\u00e1mica de escalada)<\/strong><\/td>\n<td>Centrarse en m\u00e1s y m\u00e1s armas, ret\u00f3rica m\u00e1s aguda y \u201edeterminaci\u00f3n\u201c; ignorar la historia anterior; simplificaciones morales (\u201einfantilizaci\u00f3n\u201c).<br \/>\nen lugar de iluminaci\u00f3n.<\/td>\n<td>Retorno a la diplomacia genuina (no a las relaciones p\u00fablicas); reconocimiento de los dilemas de seguridad; desescalada a trav\u00e9s de la arquitectura pol\u00edtica en lugar de la pol\u00edtica simb\u00f3lica.<\/td>\n<\/tr>\n<tr>\n<td><strong>Orden de seguridad en Europa<\/strong><\/td>\n<td>La seguridad se concibe demasiado en t\u00e9rminos de la l\u00f3gica de la OTAN; la OSCE queda marginada; la estrategia europea est\u00e1 demasiado determinada por los esl\u00f3ganes de la alianza y la l\u00f3gica de la expansi\u00f3n.<\/td>\n<td>Reforzar la OSCE como foro central; construir un orden de seguridad europeo \u201ebasado en los intereses europeos\u201c (autonom\u00eda estrat\u00e9gica) y<br \/>\nIncluir a Rusia en lugar de excluirla.<\/td>\n<\/tr>\n<tr>\n<td><strong>Neutralidad frente a despliegue de tropas<\/strong><\/td>\n<td>Debate sobre el despliegue de tropas europeas en Ucrania; en opini\u00f3n de Sachs, esto agravar\u00eda la divisi\u00f3n y prolongar\u00eda la guerra.<\/td>\n<td>Neutralidad ucraniana con garant\u00edas internacionales cre\u00edbles; estabilidad mediante acuerdos de seguridad aceptados en lugar de estacionamientos avanzados.<\/td>\n<\/tr>\n<tr>\n<td><strong>Reciprocidad militar \/ zonas fronterizas<\/strong><\/td>\n<td>Armamento y despliegue (incluidos sistemas de misiles) cerca de las fronteras; pensamiento unilateral en materia de seguridad.<\/td>\n<td>Desmilitarizaci\u00f3n mutua de las regiones fronterizas mediante acuerdos verificables: las fuerzas rusas fuera de las fronteras de la OTAN y los sistemas de la OTAN fuera de las fronteras de la OTAN.<br \/>\nFronteras rusas (reciprocidad).<\/td>\n<\/tr>\n<tr>\n<td><strong>Sanciones<\/strong><\/td>\n<td>Las sanciones no habr\u00edan tra\u00eddo la paz y habr\u00edan da\u00f1ado significativamente la econom\u00eda de Europa; un endurecimiento en lugar de una soluci\u00f3n.<\/td>\n<td>Levantar gradualmente las sanciones como parte de una soluci\u00f3n negociada; restablecer el realismo econ\u00f3mico y el comercio contractual.<\/td>\n<\/tr>\n<tr>\n<td><strong>Confiscaci\u00f3n de activos estatales rusos<\/strong><\/td>\n<td>\u201eImprudente\u201c confiscaci\u00f3n\/confiscaci\u00f3n de activos estatales rusos; desde el punto de vista de Sachs una flagrante violaci\u00f3n del derecho internacional y ruptura de la confianza en el global<br \/>\nsistema financiero.<\/td>\n<td>Alemania debe rechazar tales medidas; preservar la seguridad jur\u00eddica; la recuperaci\u00f3n econ\u00f3mica mediante un comercio l\u00edcito y basado en contratos en lugar de<br \/>\nL\u00f3gica de la expropiaci\u00f3n.<\/td>\n<\/tr>\n<tr>\n<td><strong>Control de armamento (INF y estabilidad nuclear)<\/strong><\/td>\n<td>Erosi\u00f3n de los marcos centrales de control de armamento; muy poca presi\u00f3n para volver a los tratados estabilizadores; aumento del riesgo de escalada.<\/td>\n<td>Presionar para que se vuelvan a establecer marcos similares al INF y negociaciones estrat\u00e9gicas globales sobre el control de armas nucleares (EE.UU.\/Rusia, posteriormente<br \/>\nChina, si procede).<\/td>\n<\/tr>\n<tr>\n<td><strong>Disuasi\u00f3n europea \/ Francia<\/strong><\/td>\n<td>Debates sobre la disuasi\u00f3n sin una clara contenci\u00f3n defensiva; peligro de los sistemas avanzados que act\u00faan como amenaza.<\/td>\n<td>Francia podr\u00eda ampliar su disuasi\u00f3n nuclear como paraguas europeo, pero de forma estrictamente defensiva, sin sistemas desplegados en vanguardia que Rusia<br \/>\namenazada.<\/td>\n<\/tr>\n<tr>\n<td><strong>Kosovo-Ucrania: analog\u00eda \/ fronteras<\/strong><\/td>\n<td>La propia pol\u00edtica occidental ha contribuido al desplazamiento de las fronteras; sin embargo, a menudo se argumenta que esto es unilateralmente \u201eimpensable\u201c.<\/td>\n<td>Reconocimiento honesto de precedentes y analog\u00edas; la paz como objetivo general; aplicaci\u00f3n coherente de los principios en lugar de una moral selectiva.<br \/>\njustificar.<\/td>\n<\/tr>\n<\/tbody>\n<\/table>\n<\/div>\n<h2>Por qu\u00e9 esta carta es algo m\u00e1s que un comentario sobre pol\u00edtica exterior<\/h2>\n<p>La carta abierta de Jeffrey Sachs al Canciller Merz no es una declaraci\u00f3n aislada, sino que forma parte de un debate m\u00e1s amplio sobre derecho internacional, l\u00f3gica de seguridad y credibilidad pol\u00edtica. Si desea profundizar en estas cuestiones, puede encontrar m\u00e1s informaci\u00f3n en el art\u00edculo complementario <a href=\"https:\/\/www.markus-schall.de\/es\/2026\/01\/el-orden-mundial-basado-en-normas-y-el-derecho-internacional-entre-la-realidad-y-el-incumplimiento-de-la-ley\/\"><em><strong>\u201eEl orden mundial basado en normas y el derecho internacional: entre la pretensi\u00f3n, la realidad y el incumplimiento del derecho\u201c<\/strong> <\/em><\/a>una categorizaci\u00f3n sistem\u00e1tica de las estructuras subyacentes. Tambi\u00e9n incluye un detallado discurso en v\u00eddeo de Jeffrey Sachs en el que explica sus propias posiciones, con calma, anal\u00edticamente y sin palabras pol\u00edticas de moda. El art\u00edculo muestra lo r\u00e1pido que el vocabulario normativo se convierte en una f\u00f3rmula vac\u00eda cuando las infracciones de la ley se declaran pr\u00e1cticas aceptadas.<\/p>\n<p>Lo que Jeffrey Sachs formula en esta carta encaja de forma sorprendentemente coherente en una evoluci\u00f3n m\u00e1s amplia que tambi\u00e9n puede observarse en otros \u00e1mbitos. En el art\u00edculo publicado anteriormente sobre la teor\u00eda de juegos <a href=\"https:\/\/www.markus-schall.de\/es\/2025\/12\/la-teoria-de-juegos-explica-25-anos-de-geopolitica-como-perdio-europa-su-papel-estrategico\/\"><strong>Consideraci\u00f3n de las decisiones europeas<\/strong><\/a> mostr\u00f3 c\u00f3mo Europa ha ido abandonando cada vez m\u00e1s su antiguo papel de actor configurador en favor de l\u00f3gicas de alianzas a corto plazo, determinaci\u00f3n simb\u00f3lica y narrativas binarias amigo-enemigo. En esencia, Sachs describe precisamente este mecanismo, s\u00f3lo que desde la perspectiva de la arquitectura de seguridad: las decisiones ya no se toman en funci\u00f3n de la estabilidad a largo plazo, sino de las expectativas pol\u00edticas y las simplificaciones morales.<\/p>\n<p>Una mirada a la <a href=\"https:\/\/www.markus-schall.de\/es\/2025\/12\/estado-de-la-economia-alemana-2025-cinco-anos-de-crisis-cifras-tendencias-y-perspectivas\/\"><strong>La econom\u00eda alemana en 2025<\/strong><\/a> encaja en este panorama. La sustancia econ\u00f3mica, la resistencia industrial y unas condiciones marco fiables no pueden separarse permanentemente de las decisiones geopol\u00edticas. Quien piense en la seguridad exclusivamente en t\u00e9rminos militares corre el riesgo de autolesionarse econ\u00f3micamente. Sachs expresa abiertamente esta conexi\u00f3n cuando advierte contra la confiscaci\u00f3n de activos estatales, describe las sanciones como econ\u00f3micamente contraproducentes y se\u00f1ala la erosi\u00f3n de la confianza en las normas internacionales. No se trata de un alegato a favor del cumplimiento, sino de la previsibilidad, una cualidad en la que se basan tanto la diplomacia como los negocios.<\/p>\n<p>Tambi\u00e9n llama la atenci\u00f3n que Sachs no pida algo fundamentalmente nuevo. Al contrario: su carta es un recordatorio de principios que han sostenido a la propia Europa durante d\u00e9cadas. La Ostpolitik, el control de armamentos, la neutralidad como instrumento de estabilidad, los foros multilaterales como la OSCE... nada de esto son ideas ex\u00f3ticas, sino elementos probados de la historia europea de posguerra. El hecho de que a menudo se presenten hoy como ingenuas o anticuadas dice menos de su eficacia que del estado del debate pol\u00edtico.<\/p>\n<p>Precisamente por eso la carta es tan irritante y, al mismo tiempo, tan necesaria. Rompe con la tendencia actual a reducir las complejas interrelaciones a breves f\u00f3rmulas morales. Sachs no da por sentado que el p\u00fablico europeo sea inmaduro, sino que conf\u00eda en que comprenda los dilemas de seguridad. Esta actitud contrasta con la comunicaci\u00f3n pol\u00edtica, que se basa cada vez m\u00e1s en la simplificaci\u00f3n, la emocionalizaci\u00f3n y la falta de alternativas.<\/p>\n<p>En este sentido, la carta abierta no es s\u00f3lo una cr\u00edtica a decisiones pol\u00edticas concretas, sino tambi\u00e9n un comentario indirecto sobre el estado del pensamiento europeo. Plantea la cuesti\u00f3n de si Europa est\u00e1 de nuevo preparada para asumir su responsabilidad en el sentido original: no mediante el estruendo, sino mediante la sobriedad estrat\u00e9gica; no mediante la escalada, sino mediante el orden; no mediante el olvido de la historia, sino mediante el recuerdo.<\/p>\n<p>Est\u00e1 por ver si estas preguntas ser\u00e1n escuchadas. Pero plantearlas es un primer paso necesario, no s\u00f3lo para el orden de seguridad europeo, sino tambi\u00e9n para la estabilidad econ\u00f3mica, pol\u00edtica y social de la que Europa se nutre desde hace mucho tiempo.<\/p>\n<h3>Derecho internacional y \u201eorden basado en normas\u201c: pretensi\u00f3n y realidad<\/h3>\n<p><a href=\"https:\/\/www.markus-schall.de\/es\/2026\/01\/el-orden-mundial-basado-en-normas-y-el-derecho-internacional-entre-la-realidad-y-el-incumplimiento-de-la-ley\/\"><img loading=\"lazy\" decoding=\"async\" class=\"alignright size-medium wp-image-4281\" src=\"https:\/\/www.markus-schall.de\/wp-content\/uploads\/voelkerrecht-weltordnung-titel-300x200.jpg\" alt=\"Derecho internacional y orden mundial basado en normas\" width=\"300\" height=\"200\" srcset=\"https:\/\/www.markus-schall.de\/wp-content\/uploads\/voelkerrecht-weltordnung-titel-300x200.jpg 300w, https:\/\/www.markus-schall.de\/wp-content\/uploads\/voelkerrecht-weltordnung-titel-768x512.jpg 768w, https:\/\/www.markus-schall.de\/wp-content\/uploads\/voelkerrecht-weltordnung-titel-18x12.jpg 18w, https:\/\/www.markus-schall.de\/wp-content\/uploads\/voelkerrecht-weltordnung-titel.jpg 1024w\" sizes=\"auto, (max-width: 300px) 100vw, 300px\" \/><\/a>El conflicto actual tambi\u00e9n plantea una cuesti\u00f3n fundamental: \u00bfQu\u00e9 papel sigue desempe\u00f1ando el Derecho internacional en un orden mundial cada vez m\u00e1s polarizado? En mi <a href=\"https:\/\/www.markus-schall.de\/es\/2026\/01\/el-orden-mundial-basado-en-normas-y-el-derecho-internacional-entre-la-realidad-y-el-incumplimiento-de-la-ley\/\"><strong>Art\u00edculo<\/strong><\/a> sobre el \u201eorden mundial basado en normas\u201c examina precisamente esta contradicci\u00f3n. El t\u00e9rmino suena claro y moralmente inequ\u00edvoco, pero a menudo queda desdibujado en la pr\u00e1ctica pol\u00edtica. Una y otra vez, se pone de manifiesto que los mismos actores que se refieren p\u00fablicamente a las normas internacionales las interpretan o eluden de manera diferente en situaciones de crisis. Esto crea una tensi\u00f3n entre las aspiraciones pol\u00edticas y la pol\u00edtica de poder real, una tensi\u00f3n que caracteriza muchos conflictos internacionales en la actualidad y somete a una presi\u00f3n cada vez mayor la credibilidad de las instituciones mundiales.<\/p>\n<hr \/>\n\n\t\t\t<div class=\"display-post-types\">\n\n\t\t\t\t\t\t\t<style type=\"text\/css\">\n\t\t\t#dpt-wrapper-639 { --dpt-text-align: left;--dpt-image-crop: center;--dpt-border-radius: 5px;--dpt-h-gutter: 10px;--dpt-v-gutter: 9px; }\t\t\t<\/style>\n\t\t\t<style type=\"text\/css\">#dpt-wrapper-639 { --dpt-title-font-style:normal;--dpt-title-font-weight:600;--dpt-title-line-height:1.5;--dpt-title-text-decoration:none;--dpt-title-text-transform:none;--dpt-excerpt-font-style:normal;--dpt-excerpt-font-weight:400;--dpt-excerpt-line-height:1.5;--dpt-excerpt-text-decoration:none;--dpt-excerpt-text-transform:none;--dpt-meta1-font-style:normal;--dpt-meta1-font-weight:400;--dpt-meta1-line-height:1.9;--dpt-meta1-text-decoration:none;--dpt-meta1-text-transform:none;--dpt-meta2-font-style:normal;--dpt-meta2-font-weight:400;--dpt-meta2-line-height:1.9;--dpt-meta2-text-decoration:none;--dpt-meta2-text-transform:none; }<\/style><div class=\"dpt-main-header\">\n\t\t\t\t\t\t<div class=\"dpt-main-title\">\n\t\t\t\t\t\t\t<span class=\"dpt-main-title-text\">Art\u00edculos de actualidad sobre arte y cultura<\/span>\n\t\t\t\t\t\t<\/div>\n\t\t\t\t\t\t\n\t\t\t\t\t\t\n\t\t\t\t\t\t\n\t\t\t\t\t\t<\/div>\t\t\t\n\t\t\t\t<div id=\"dpt-wrapper-639\" class=\"dpt-wrapper dpt-mag1 land1 dpt-cropped dpt-flex-wrap\" >\n\n\t\t\t\t\t\t\t\t\t\t\t<div class=\"dpt-entry has-thumbnail\" data-title=\"wie war syrien vor dem krieg? wer regiert heute? was bedeutet das f\u00fcr gefl\u00fcchtete in deutschland?\" data-id=\"4628\"  data-category=\"allgemein gesellschaft kunst &amp; kultur\" data-post_tag=\"deutschland europa geopolitik krisen meinungsfreiheit sicherheitspolitik\">\n\t\t\t\t\t\t\t<div class=\"dpt-entry-wrapper\"><div class=\"dpt-featured-content\"><div class=\"dpt-permalink\"><a href=\"https:\/\/www.markus-schall.de\/es\/2026\/01\/como-era-siria-antes-de-la-guerra-quien-gobierna-hoy-que-significa-esto-para-los-refugiados-en-alemania\/\" class=\"dpt-permalink\"><span class=\"screen-reader-text\">\u00bfC\u00f3mo era Siria antes de la guerra? \u00bfQui\u00e9n gobierna hoy? \u00bfQu\u00e9 significa esto para los refugiados en Alemania?<\/span><\/a><\/div><div class=\"dpt-thumbnail\"><div class=\"dpt-thumbnail-inner\"><img width=\"1024\" height=\"683\" class=\"attachment-full size-full\" alt=\"Siria y Damasco\" context=\"dpt\" data-dpt-src=\"https:\/\/www.markus-schall.de\/wp-content\/uploads\/Syrien-Damaskus.jpg\" data-dpt-sizes=\"(max-width: 1024px) 100vw, 1024px\" data-dpt-srcset=\"https:\/\/www.markus-schall.de\/wp-content\/uploads\/Syrien-Damaskus.jpg 1024w, https:\/\/www.markus-schall.de\/wp-content\/uploads\/Syrien-Damaskus-300x200.jpg 300w, https:\/\/www.markus-schall.de\/wp-content\/uploads\/Syrien-Damaskus-768x512.jpg 768w, https:\/\/www.markus-schall.de\/wp-content\/uploads\/Syrien-Damaskus-18x12.jpg 18w\" \/><\/div><span class=\"dpt-thumbnail-aspect-ratio\" style=\"padding-top: 75%\"><\/span><\/div><\/div><div class=\"sub-entry\"><h3 class=\"dpt-title\"><a class=\"dpt-title-link\" href=\"https:\/\/www.markus-schall.de\/es\/2026\/01\/como-era-siria-antes-de-la-guerra-quien-gobierna-hoy-que-significa-esto-para-los-refugiados-en-alemania\/\" rel=\"bookmark\">\u00bfC\u00f3mo era Siria antes de la guerra? \u00bfQui\u00e9n gobierna hoy? \u00bfQu\u00e9 significa esto para los refugiados en Alemania?<\/a><\/h3><\/div><\/div>\n\t\t\t\t\t\t<\/div><!-- .dpt-entry -->\n\t\t\t\t\t\t\t\t\t\t\t\t<div class=\"dpt-entry has-thumbnail\" data-title=\"spieltheorie erkl\u00e4rt 25 jahre geopolitik: wie europa seine strategische rolle verlor\" data-id=\"3850\"  data-category=\"allgemein gesellschaft kunst &amp; kultur\" data-post_tag=\"denkmodelle deutschland energiepolitik eu-gesetze europa geopolitik krisen sicherheitspolitik spieltheorie\">\n\t\t\t\t\t\t\t<div class=\"dpt-entry-wrapper\"><div class=\"dpt-featured-content\"><div class=\"dpt-permalink\"><a href=\"https:\/\/www.markus-schall.de\/es\/2025\/12\/la-teoria-de-juegos-explica-25-anos-de-geopolitica-como-perdio-europa-su-papel-estrategico\/\" class=\"dpt-permalink\"><span class=\"screen-reader-text\">La teor\u00eda de juegos explica 25 a\u00f1os de geopol\u00edtica: c\u00f3mo Europa perdi\u00f3 su papel estrat\u00e9gico<\/span><\/a><\/div><div class=\"dpt-thumbnail\"><div class=\"dpt-thumbnail-inner\"><img width=\"1024\" height=\"765\" class=\"attachment-full size-full\" alt=\"La teor\u00eda de juegos explica 25 a\u00f1os de geopol\u00edtica\" context=\"dpt\" data-dpt-src=\"https:\/\/www.markus-schall.de\/wp-content\/uploads\/europa-russland-spieltheorie.jpg\" data-dpt-sizes=\"(max-width: 1024px) 100vw, 1024px\" data-dpt-srcset=\"https:\/\/www.markus-schall.de\/wp-content\/uploads\/europa-russland-spieltheorie.jpg 1024w, https:\/\/www.markus-schall.de\/wp-content\/uploads\/europa-russland-spieltheorie-300x224.jpg 300w, https:\/\/www.markus-schall.de\/wp-content\/uploads\/europa-russland-spieltheorie-768x574.jpg 768w, https:\/\/www.markus-schall.de\/wp-content\/uploads\/europa-russland-spieltheorie-16x12.jpg 16w\" \/><\/div><span class=\"dpt-thumbnail-aspect-ratio\" style=\"padding-top: 75%\"><\/span><\/div><\/div><div class=\"sub-entry\"><h3 class=\"dpt-title\"><a class=\"dpt-title-link\" href=\"https:\/\/www.markus-schall.de\/es\/2025\/12\/la-teoria-de-juegos-explica-25-anos-de-geopolitica-como-perdio-europa-su-papel-estrategico\/\" rel=\"bookmark\">La teor\u00eda de juegos explica 25 a\u00f1os de geopol\u00edtica: c\u00f3mo Europa perdi\u00f3 su papel estrat\u00e9gico<\/a><\/h3><\/div><\/div>\n\t\t\t\t\t\t<\/div><!-- .dpt-entry -->\n\t\t\t\t\t\t\t\t\t\t\t\t<div class=\"dpt-entry has-thumbnail\" data-title=\"jan-josef liefers: ein portr\u00e4t \u00fcber haltung, herkunft und k\u00fcnstlerische freiheit\" data-id=\"3854\"  data-category=\"allgemein gesellschaft kunst &amp; kultur\" data-post_tag=\"deutschland erfahrungen krisen lernen meinungsfreiheit musik pers\u00f6nlichkeitsentwicklung portrait\">\n\t\t\t\t\t\t\t<div class=\"dpt-entry-wrapper\"><div class=\"dpt-featured-content\"><div class=\"dpt-permalink\"><a href=\"https:\/\/www.markus-schall.de\/es\/2025\/12\/jan-josef-liefers-un-retrato-de-actitud-origen-y-libertad-artistica\/\" class=\"dpt-permalink\"><span class=\"screen-reader-text\">Jan-Josef Liefers: un retrato de actitud, or\u00edgenes y libertad art\u00edstica<\/span><\/a><\/div><div class=\"dpt-thumbnail\"><div class=\"dpt-thumbnail-inner\"><img width=\"1024\" height=\"683\" class=\"attachment-full size-full\" alt=\"Jan-Josef Liefers\" context=\"dpt\" data-dpt-src=\"https:\/\/www.markus-schall.de\/wp-content\/uploads\/jan-josef-liefers-silhouette.jpg\" data-dpt-sizes=\"(max-width: 1024px) 100vw, 1024px\" data-dpt-srcset=\"https:\/\/www.markus-schall.de\/wp-content\/uploads\/jan-josef-liefers-silhouette.jpg 1024w, https:\/\/www.markus-schall.de\/wp-content\/uploads\/jan-josef-liefers-silhouette-300x200.jpg 300w, https:\/\/www.markus-schall.de\/wp-content\/uploads\/jan-josef-liefers-silhouette-768x512.jpg 768w, https:\/\/www.markus-schall.de\/wp-content\/uploads\/jan-josef-liefers-silhouette-18x12.jpg 18w\" \/><\/div><span class=\"dpt-thumbnail-aspect-ratio\" style=\"padding-top: 75%\"><\/span><\/div><\/div><div class=\"sub-entry\"><h3 class=\"dpt-title\"><a class=\"dpt-title-link\" href=\"https:\/\/www.markus-schall.de\/es\/2025\/12\/jan-josef-liefers-un-retrato-de-actitud-origen-y-libertad-artistica\/\" rel=\"bookmark\">Jan-Josef Liefers: un retrato de actitud, or\u00edgenes y libertad art\u00edstica<\/a><\/h3><\/div><\/div>\n\t\t\t\t\t\t<\/div><!-- .dpt-entry -->\n\t\t\t\t\t\t\t\t\t\t\t\t<div class=\"dpt-entry has-thumbnail\" data-title=\"beruf, weltbild, zukunft: entscheidungen im schatten des umbruchs\" data-id=\"3197\"  data-category=\"allgemein gesellschaft kunst &amp; kultur tipps &amp; anleitungen\" data-post_tag=\"erfahrungen krisen pers\u00f6nlichkeitsentwicklung ratgeber\">\n\t\t\t\t\t\t\t<div class=\"dpt-entry-wrapper\"><div class=\"dpt-featured-content\"><div class=\"dpt-permalink\"><a href=\"https:\/\/www.markus-schall.de\/es\/2025\/10\/vision-del-mundo-profesional-decisiones-futuras-a-la-sombra-de-la-agitacion\/\" class=\"dpt-permalink\"><span class=\"screen-reader-text\">Carrera, visi\u00f3n del mundo, futuro: decisiones a la sombra del cambio<\/span><\/a><\/div><div class=\"dpt-thumbnail\"><div class=\"dpt-thumbnail-inner\"><img width=\"1024\" height=\"683\" class=\"attachment-full size-full\" alt=\"Decisiones a la sombra de la agitaci\u00f3n\" context=\"dpt\" data-dpt-src=\"https:\/\/www.markus-schall.de\/wp-content\/uploads\/Entscheidungen-im-Schatten-Umbruch.jpg\" data-dpt-sizes=\"(max-width: 1024px) 100vw, 1024px\" data-dpt-srcset=\"https:\/\/www.markus-schall.de\/wp-content\/uploads\/Entscheidungen-im-Schatten-Umbruch.jpg 1024w, https:\/\/www.markus-schall.de\/wp-content\/uploads\/Entscheidungen-im-Schatten-Umbruch-300x200.jpg 300w, https:\/\/www.markus-schall.de\/wp-content\/uploads\/Entscheidungen-im-Schatten-Umbruch-768x512.jpg 768w, https:\/\/www.markus-schall.de\/wp-content\/uploads\/Entscheidungen-im-Schatten-Umbruch-18x12.jpg 18w\" \/><\/div><span class=\"dpt-thumbnail-aspect-ratio\" style=\"padding-top: 75%\"><\/span><\/div><\/div><div class=\"sub-entry\"><h3 class=\"dpt-title\"><a class=\"dpt-title-link\" href=\"https:\/\/www.markus-schall.de\/es\/2025\/10\/vision-del-mundo-profesional-decisiones-futuras-a-la-sombra-de-la-agitacion\/\" rel=\"bookmark\">Carrera, visi\u00f3n del mundo, futuro: decisiones a la sombra del cambio<\/a><\/h3><\/div><\/div>\n\t\t\t\t\t\t<\/div><!-- .dpt-entry -->\n\t\t\t\t\t\t\n\t\t\t\t<\/div>\n\t\t\t\t\t\t<\/div>\n\t\t\t\n<hr \/>\n<h2>Preguntas m\u00e1s frecuentes<\/h2>\n<ol>\n<li><strong>\u00bfQui\u00e9n es Jeffrey Sachs y por qu\u00e9 es importante su voz?<\/strong><br \/>\nJeffrey D. Sachs es un economista de renombre internacional, profesor universitario en la Universidad de Columbia y asesor desde hace tiempo de gobiernos y de las Naciones Unidas. Su relevancia no es fruto de comentarios pol\u00edticos cotidianos, sino de d\u00e9cadas de trabajo sobre crisis internacionales, procesos de transformaci\u00f3n y cuestiones de seguridad. Sus argumentos son sobre todo hist\u00f3ricos, sist\u00e9micos y a largo plazo, independientemente de las l\u00edneas pol\u00edticas de los partidos.<\/li>\n<li><strong>\u00bfPor qu\u00e9 dirige Sachs su carta abierta directamente a la Canciller alemana?<\/strong><br \/>\nTradicionalmente, Sachs considera a Alemania una potencia clave en Europa, no s\u00f3lo militarmente, sino tambi\u00e9n pol\u00edtica, econ\u00f3mica y diplom\u00e1ticamente. En su opini\u00f3n, Alemania tiene una responsabilidad especial en la estabilidad, el equilibrio y la mediaci\u00f3n en Europa. Por ello, la carta debe entenderse menos como una cr\u00edtica personal que como una apelaci\u00f3n a este papel hist\u00f3rico.<\/li>\n<li><strong>\u00bfCu\u00e1l es el mensaje central de la carta abierta?<\/strong><br \/>\nEl mensaje central es: la seguridad europea es indivisible y no puede organizarse permanentemente en contra de los intereses de seguridad de Rusia. Sachs aboga por la honestidad hist\u00f3rica, una diplomacia seria y el abandono de una l\u00f3gica puramente militar de escalada en favor de una arquitectura de seguridad estable e integradora.<\/li>\n<li><strong>\u00bfJustifica la posici\u00f3n de Sachs la pol\u00edtica rusa?<\/strong><br \/>\nNo. Sachs no justifica las acciones militares, sino que analiza las condiciones de la pol\u00edtica de seguridad que han llevado a las escaladas. Su planteamiento sigue la teor\u00eda cl\u00e1sica del dilema de seguridad: la falta de consideraci\u00f3n de los intereses centrales de una gran potencia aumenta la probabilidad de conflicto a largo plazo, independientemente de los juicios morales.<\/li>\n<li><strong>\u00bfPor qu\u00e9 la ampliaci\u00f3n de la OTAN hacia el Este desempe\u00f1a un papel tan importante en la carta?<\/strong><br \/>\nSachs considera la expansi\u00f3n de la OTAN hacia el este como una decisi\u00f3n pol\u00edtica con consecuencias previsibles para la pol\u00edtica de seguridad. Se refiere a anteriores garant\u00edas, l\u00edneas rojas y repetidas advertencias de Rusia. En su opini\u00f3n, ignorar esas se\u00f1ales no es diplomacia, sino una estrategia deliberada de escalada.<\/li>\n<li><strong>\u00bfQu\u00e9 importancia concede Sachs a la reunificaci\u00f3n alemana?<\/strong><br \/>\nLa reunificaci\u00f3n alemana sirve a Sachs como ejemplo hist\u00f3rico de diplomacia exitosa: s\u00f3lo fue posible porque se tomaron en serio las promesas de seguridad. De ello deduce la obligaci\u00f3n de Alemania de no suprimir esta experiencia hist\u00f3rica, sino de utilizarla como referencia para la pol\u00edtica actual.<\/li>\n<li><strong>\u00bfPor qu\u00e9 critica Sachs la intervenci\u00f3n de la OTAN en Serbia en 1999?<\/strong><br \/>\nEn su opini\u00f3n, se trataba de una ruptura del orden de posguerra, ya que era la primera vez que se produc\u00eda una intervenci\u00f3n militar sin mandato de la ONU. Para Rusia, esto significaba que las normas internacionales se estaban aplicando de forma selectiva, una p\u00e9rdida de confianza decisiva para la arquitectura de seguridad europea.<\/li>\n<li><strong>\u00bfQu\u00e9 papel desempe\u00f1an los acuerdos de Minsk en su argumentaci\u00f3n?<\/strong><br \/>\nPara Sachs, los acuerdos de Minsk son un ejemplo de diplomacia fallida. Alemania actu\u00f3 como potencia garante, pero no impuso su aplicaci\u00f3n. Para Sachs, el hecho de que los pol\u00edticos occidentales admitieran posteriormente que Minsk pretend\u00eda ante todo ganar tiempo constituye un grave abuso de confianza.<\/li>\n<li><strong>\u00bfPor qu\u00e9 Sachs se opone tan claramente a nuevas entregas de armas?<\/strong><br \/>\nSostiene que las entregas de armas prolongan los s\u00edntomas pero no resuelven las causas. Sin una soluci\u00f3n pol\u00edtica, prolongar\u00edan la guerra, ahondar\u00edan la divisi\u00f3n y alimentar\u00edan a\u00fan m\u00e1s la espiral de escalada, con costes crecientes para la propia Europa.<\/li>\n<li><strong>\u00bfQu\u00e9 entiende Sachs por \u201einfantilizaci\u00f3n moral\u201c del p\u00fablico?<\/strong><br \/>\nCritica la comunicaci\u00f3n pol\u00edtica que reduce las complejas cuestiones de seguridad a palabras de moda moralistas. Sachs parte de la base de que las sociedades europeas son perfectamente capaces de comprender los conflictos de intereses, los dilemas y los contextos hist\u00f3ricos, siempre que se les proporcione una informaci\u00f3n veraz.<\/li>\n<li><strong>\u00bfQu\u00e9 papel debe desempe\u00f1ar la neutralidad seg\u00fan Sachs?<\/strong><br \/>\nSachs no ve la neutralidad como una debilidad, sino como un instrumento probado de estabilidad. En su opini\u00f3n, ejemplos hist\u00f3ricos como los de Finlandia, Austria y Suiza demuestran que la neutralidad puede tener en cuenta los leg\u00edtimos intereses de seguridad de todas las partes y desactivar conflictos, tambi\u00e9n para Ucrania.<\/li>\n<li><strong>\u00bfPor qu\u00e9 pide Sachs el fin de la expansi\u00f3n de la OTAN hacia el Este?<\/strong><br \/>\nNo ve la ampliaci\u00f3n como una consecuencia inevitable del orden de posguerra, sino como una decisi\u00f3n pol\u00edtica con consecuencias desestabilizadoras. En su opini\u00f3n, un alto es un requisito previo para la confianza, la desescalada y el establecimiento de un nuevo orden de seguridad.<\/li>\n<li><strong>\u00bfEn qu\u00e9 aspectos econ\u00f3micos hace especial hincapi\u00e9 Sachs?<\/strong><br \/>\nSachs advierte de los da\u00f1os a largo plazo causados por las sanciones, las expropiaciones y las interrupciones del comercio. Sostiene que la estabilidad econ\u00f3mica, el rendimiento industrial y la cohesi\u00f3n social est\u00e1n estrechamente ligados a las decisiones de pol\u00edtica de seguridad, especialmente para Alemania.<\/li>\n<li><strong>\u00bfPor qu\u00e9 rechaza Sachs la confiscaci\u00f3n de activos estatales rusos?<\/strong><br \/>\nEn su opini\u00f3n, se trata de una violaci\u00f3n del Derecho internacional y una amenaza para el sistema financiero mundial. Si se confiscan pol\u00edticamente activos estatales, se socava la confianza, la seguridad contractual y, a largo plazo, los intereses econ\u00f3micos europeos.<\/li>\n<li><strong>\u00bfQu\u00e9 papel debe desempe\u00f1ar la OSCE en el futuro?<\/strong><br \/>\nSachs aboga por recuperar la OSCE como foro central de la seguridad europea. A diferencia de la OTAN, est\u00e1 concebida para el di\u00e1logo, el fomento de la confianza y el control de armamentos, y podr\u00eda permitir una arquitectura de seguridad m\u00e1s integradora.<\/li>\n<li><strong>\u00bfC\u00f3mo encaja el an\u00e1lisis de Sachs con las consideraciones de la teor\u00eda de juegos europea?<\/strong><br \/>\nSu carta puede leerse f\u00e1cilmente como un an\u00e1lisis de la teor\u00eda de juegos: Europa hab\u00eda tomado repetidamente decisiones que parec\u00edan coherentes a corto plazo, pero creaban desventajas estrat\u00e9gicas a largo plazo. La escalada no es un estado de equilibrio estable, sino que conduce a una incertidumbre permanente.<\/li>\n<li><strong>\u00bfEl planteamiento de Sachs es realista o nost\u00e1lgico?<\/strong><br \/>\nEl enfoque de Sachs es menos nost\u00e1lgico que hist\u00f3ricamente fundamentado. Hace referencia a modelos de funcionamiento del pasado y argumenta que sus principios b\u00e1sicos - di\u00e1logo, reciprocidad, previsibilidad - siguen siendo v\u00e1lidos hoy en d\u00eda, independientemente del cambio de las condiciones marco.<\/li>\n<li><strong>\u00bfPor qu\u00e9 es importante ahora esta carta abierta?<\/strong><br \/>\nPorque Europa se encuentra en un punto en el que la pol\u00edtica de seguridad y las decisiones econ\u00f3micas y sociales est\u00e1n cada vez m\u00e1s entrelazadas. La carta de Sachs no ofrece una salida f\u00e1cil, sino un raro momento de claridad - y nos recuerda que la paz no viene del volumen, sino de la estructura.<\/li>\n<\/ol>\n<hr \/>\n\n\t\t\t<div class=\"display-post-types\">\n\n\t\t\t\t\t\t\t<style type=\"text\/css\">\n\t\t\t#dpt-wrapper-640 { --dpt-text-align: left;--dpt-image-crop: center;--dpt-border-radius: 5px;--dpt-h-gutter: 10px;--dpt-v-gutter: 9px; }\t\t\t<\/style>\n\t\t\t<style type=\"text\/css\">#dpt-wrapper-640 { --dpt-title-font-style:normal;--dpt-title-font-weight:600;--dpt-title-line-height:1.5;--dpt-title-text-decoration:none;--dpt-title-text-transform:none;--dpt-excerpt-font-style:normal;--dpt-excerpt-font-weight:400;--dpt-excerpt-line-height:1.5;--dpt-excerpt-text-decoration:none;--dpt-excerpt-text-transform:none;--dpt-meta1-font-style:normal;--dpt-meta1-font-weight:400;--dpt-meta1-line-height:1.9;--dpt-meta1-text-decoration:none;--dpt-meta1-text-transform:none;--dpt-meta2-font-style:normal;--dpt-meta2-font-weight:400;--dpt-meta2-line-height:1.9;--dpt-meta2-text-decoration:none;--dpt-meta2-text-transform:none; }<\/style><div class=\"dpt-main-header\">\n\t\t\t\t\t\t<div class=\"dpt-main-title\">\n\t\t\t\t\t\t\t<span class=\"dpt-main-title-text\">Art\u00edculos de actualidad sobre inteligencia artificial<\/span>\n\t\t\t\t\t\t<\/div>\n\t\t\t\t\t\t\n\t\t\t\t\t\t\n\t\t\t\t\t\t\n\t\t\t\t\t\t<\/div>\t\t\t\n\t\t\t\t<div id=\"dpt-wrapper-640\" class=\"dpt-wrapper dpt-mag1 land1 dpt-cropped dpt-flex-wrap\" >\n\n\t\t\t\t\t\t\t\t\t\t\t<div class=\"dpt-entry has-thumbnail\" data-title=\"lora-training: wie filemaker 2025 das feintuning gro\u00dfer sprachmodelle vereinfacht\" data-id=\"3220\"  data-category=\"filemaker &amp; erp ki-systeme\" data-post_tag=\"datenbanken filemaker k\u00fcnstliche intelligenz llm mlx sprachmodell\">\n\t\t\t\t\t\t\t<div class=\"dpt-entry-wrapper\"><div class=\"dpt-featured-content\"><div class=\"dpt-permalink\"><a href=\"https:\/\/www.markus-schall.de\/es\/2025\/10\/lora-training-como-filemaker-2025-simplifica-el-ajuste-fino-de-grandes-modelos-lingueisticos\/\" class=\"dpt-permalink\"><span class=\"screen-reader-text\">Entrenamiento LoRA: c\u00f3mo FileMaker 2025 simplifica el ajuste fino de grandes modelos ling\u00fc\u00edsticos<\/span><\/a><\/div><div class=\"dpt-thumbnail\"><div class=\"dpt-thumbnail-inner\"><img width=\"1024\" height=\"683\" class=\"attachment-full size-full\" alt=\"LoRA Ajuste fino - FileMaker 2025\" context=\"dpt\" data-dpt-src=\"https:\/\/www.markus-schall.de\/wp-content\/uploads\/lora-finetuning-filemaker.jpg\" data-dpt-sizes=\"(max-width: 1024px) 100vw, 1024px\" data-dpt-srcset=\"https:\/\/www.markus-schall.de\/wp-content\/uploads\/lora-finetuning-filemaker.jpg 1024w, https:\/\/www.markus-schall.de\/wp-content\/uploads\/lora-finetuning-filemaker-300x200.jpg 300w, https:\/\/www.markus-schall.de\/wp-content\/uploads\/lora-finetuning-filemaker-768x512.jpg 768w, https:\/\/www.markus-schall.de\/wp-content\/uploads\/lora-finetuning-filemaker-18x12.jpg 18w\" \/><\/div><span class=\"dpt-thumbnail-aspect-ratio\" style=\"padding-top: 75%\"><\/span><\/div><\/div><div class=\"sub-entry\"><h3 class=\"dpt-title\"><a class=\"dpt-title-link\" href=\"https:\/\/www.markus-schall.de\/es\/2025\/10\/lora-training-como-filemaker-2025-simplifica-el-ajuste-fino-de-grandes-modelos-lingueisticos\/\" rel=\"bookmark\">Entrenamiento LoRA: c\u00f3mo FileMaker 2025 simplifica el ajuste fino de grandes modelos ling\u00fc\u00edsticos<\/a><\/h3><\/div><\/div>\n\t\t\t\t\t\t<\/div><!-- .dpt-entry -->\n\t\t\t\t\t\t\t\t\t\t\t\t<div class=\"dpt-entry has-thumbnail\" data-title=\"digitales eigentum erkl\u00e4rt \u2013 so entstehen nachhaltige online-verm\u00f6genswerte\" data-id=\"4766\"  data-category=\"allgemein b\u00fccher gesellschaft ki-systeme\" data-post_tag=\"buch datenbanken denkmodelle digitales eigentum erp-software k\u00fcnstliche intelligenz prozesse publishing\">\n\t\t\t\t\t\t\t<div class=\"dpt-entry-wrapper\"><div class=\"dpt-featured-content\"><div class=\"dpt-permalink\"><a href=\"https:\/\/www.markus-schall.de\/es\/2026\/02\/la-propiedad-digital-explica-como-se-crean-activos-en-linea-sostenibles\/\" class=\"dpt-permalink\"><span class=\"screen-reader-text\">La propiedad digital explicada - C\u00f3mo se crean activos en l\u00ednea sostenibles<\/span><\/a><\/div><div class=\"dpt-thumbnail\"><div class=\"dpt-thumbnail-inner\"><img width=\"1024\" height=\"683\" class=\"attachment-full size-full\" alt=\"Qu\u00e9 es la propiedad digital\" context=\"dpt\" data-dpt-src=\"https:\/\/www.markus-schall.de\/wp-content\/uploads\/Digitales-Eigentum.jpg\" data-dpt-sizes=\"(max-width: 1024px) 100vw, 1024px\" data-dpt-srcset=\"https:\/\/www.markus-schall.de\/wp-content\/uploads\/Digitales-Eigentum.jpg 1024w, https:\/\/www.markus-schall.de\/wp-content\/uploads\/Digitales-Eigentum-300x200.jpg 300w, https:\/\/www.markus-schall.de\/wp-content\/uploads\/Digitales-Eigentum-768x512.jpg 768w, https:\/\/www.markus-schall.de\/wp-content\/uploads\/Digitales-Eigentum-18x12.jpg 18w\" \/><\/div><span class=\"dpt-thumbnail-aspect-ratio\" style=\"padding-top: 75%\"><\/span><\/div><\/div><div class=\"sub-entry\"><h3 class=\"dpt-title\"><a class=\"dpt-title-link\" href=\"https:\/\/www.markus-schall.de\/es\/2026\/02\/la-propiedad-digital-explica-como-se-crean-activos-en-linea-sostenibles\/\" rel=\"bookmark\">La propiedad digital explicada - C\u00f3mo se crean activos en l\u00ednea sostenibles<\/a><\/h3><\/div><\/div>\n\t\t\t\t\t\t<\/div><!-- .dpt-entry -->\n\t\t\t\t\t\t\t\t\t\t\t\t<div class=\"dpt-entry has-thumbnail\" data-title=\"k\u00fcnstliche intelligenz und energie: was der ki-boom wirklich kostet\" data-id=\"4590\"  data-category=\"allgemein hardware ki-systeme\" data-post_tag=\"energiepolitik europa geopolitik krisen k\u00fcnstliche intelligenz prozesse\">\n\t\t\t\t\t\t\t<div class=\"dpt-entry-wrapper\"><div class=\"dpt-featured-content\"><div class=\"dpt-permalink\"><a href=\"https:\/\/www.markus-schall.de\/es\/2026\/01\/inteligencia-artificial-y-energia-lo-que-cuesta-realmente-el-boom-del-ki\/\" class=\"dpt-permalink\"><span class=\"screen-reader-text\">Inteligencia artificial y energ\u00eda: lo que cuesta realmente el auge de la IA<\/span><\/a><\/div><div class=\"dpt-thumbnail\"><div class=\"dpt-thumbnail-inner\"><img width=\"1024\" height=\"683\" class=\"attachment-full size-full\" alt=\"IA, energ\u00eda y sostenibilidad\" context=\"dpt\" data-dpt-src=\"https:\/\/www.markus-schall.de\/wp-content\/uploads\/KI-Energie-Nachhaltigkeit.jpg\" data-dpt-sizes=\"(max-width: 1024px) 100vw, 1024px\" data-dpt-srcset=\"https:\/\/www.markus-schall.de\/wp-content\/uploads\/KI-Energie-Nachhaltigkeit.jpg 1024w, https:\/\/www.markus-schall.de\/wp-content\/uploads\/KI-Energie-Nachhaltigkeit-300x200.jpg 300w, https:\/\/www.markus-schall.de\/wp-content\/uploads\/KI-Energie-Nachhaltigkeit-768x512.jpg 768w, https:\/\/www.markus-schall.de\/wp-content\/uploads\/KI-Energie-Nachhaltigkeit-18x12.jpg 18w\" \/><\/div><span class=\"dpt-thumbnail-aspect-ratio\" style=\"padding-top: 75%\"><\/span><\/div><\/div><div class=\"sub-entry\"><h3 class=\"dpt-title\"><a class=\"dpt-title-link\" href=\"https:\/\/www.markus-schall.de\/es\/2026\/01\/inteligencia-artificial-y-energia-lo-que-cuesta-realmente-el-boom-del-ki\/\" rel=\"bookmark\">Inteligencia artificial y energ\u00eda: lo que cuesta realmente el auge de la IA<\/a><\/h3><\/div><\/div>\n\t\t\t\t\t\t<\/div><!-- .dpt-entry -->\n\t\t\t\t\t\t\t\t\t\t\t\t<div class=\"dpt-entry has-thumbnail\" data-title=\"rag mit ollama und qdrant als universelle suchmaschine f\u00fcr eigene daten\" data-id=\"2764\"  data-category=\"filemaker &amp; erp ki-systeme\" data-post_tag=\"datenbanken docker k\u00fcnstliche intelligenz llama llm mistral ollama qdrant vektordatenbank\">\n\t\t\t\t\t\t\t<div class=\"dpt-entry-wrapper\"><div class=\"dpt-featured-content\"><div class=\"dpt-permalink\"><a href=\"https:\/\/www.markus-schall.de\/es\/2025\/08\/rag-con-ollama-y-qdrant-como-buscador-universal-de-datos-propios\/\" class=\"dpt-permalink\"><span class=\"screen-reader-text\">RAG con Ollama y Qdrant como motor de b\u00fasqueda universal de datos propios<\/span><\/a><\/div><div class=\"dpt-thumbnail\"><div class=\"dpt-thumbnail-inner\"><img width=\"1920\" height=\"640\" class=\"attachment-full size-full\" alt=\"Ampliar la IA local con bases de datos mediante RAG, Ollama y Qdrant\" context=\"dpt\" data-dpt-src=\"https:\/\/www.markus-schall.de\/wp-content\/uploads\/lokale-ki-rag-ollama-qdrant.jpg\" data-dpt-sizes=\"(max-width: 1920px) 100vw, 1920px\" data-dpt-srcset=\"https:\/\/www.markus-schall.de\/wp-content\/uploads\/lokale-ki-rag-ollama-qdrant.jpg 1920w, https:\/\/www.markus-schall.de\/wp-content\/uploads\/lokale-ki-rag-ollama-qdrant-300x100.jpg 300w, https:\/\/www.markus-schall.de\/wp-content\/uploads\/lokale-ki-rag-ollama-qdrant-1024x341.jpg 1024w, https:\/\/www.markus-schall.de\/wp-content\/uploads\/lokale-ki-rag-ollama-qdrant-768x256.jpg 768w, https:\/\/www.markus-schall.de\/wp-content\/uploads\/lokale-ki-rag-ollama-qdrant-1536x512.jpg 1536w, https:\/\/www.markus-schall.de\/wp-content\/uploads\/lokale-ki-rag-ollama-qdrant-18x6.jpg 18w\" \/><\/div><span class=\"dpt-thumbnail-aspect-ratio\" style=\"padding-top: 75%\"><\/span><\/div><\/div><div class=\"sub-entry\"><h3 class=\"dpt-title\"><a class=\"dpt-title-link\" href=\"https:\/\/www.markus-schall.de\/es\/2025\/08\/rag-con-ollama-y-qdrant-como-buscador-universal-de-datos-propios\/\" rel=\"bookmark\">RAG con Ollama y Qdrant como motor de b\u00fasqueda universal de datos propios<\/a><\/h3><\/div><\/div>\n\t\t\t\t\t\t<\/div><!-- .dpt-entry -->\n\t\t\t\t\t\t\n\t\t\t\t<\/div>\n\t\t\t\t\t\t<\/div>\n\t\t\t\n<hr \/>","protected":false},"excerpt":{"rendered":"<p>En su carta abierta al canciller alem\u00e1n Friedrich Merz, publicada en el Berliner Zeitung el 17 de diciembre de 2025, el conocido economista y catedr\u00e1tico Jeffrey D. Sachs habla con una claridad poco frecuente en el actual debate europeo. Sachs no habla como activista, ni como partidario, ni como comentarista a distancia, ... <a title=\"RAG con Ollama y Qdrant como motor de b\u00fasqueda universal de datos propios\" class=\"read-more\" href=\"https:\/\/www.markus-schall.de\/es\/2025\/08\/rag-con-ollama-y-qdrant-como-buscador-universal-de-datos-propios\/\" aria-label=\"Leer m\u00e1s sobre RAG con Ollama y Qdrant como buscador universal de datos propios\">Vaciar m\u00e1s<\/a><\/p>","protected":false},"author":1,"featured_media":4082,"comment_status":"open","ping_status":"open","sticky":false,"template":"","format":"standard","meta":{"iawp_total_views":1351,"footnotes":""},"categories":[1,466],"tags":[480,481,470,475,482,426,476,477,484],"class_list":["post-4079","post","type-post","status-publish","format-standard","has-post-thumbnail","hentry","category-allgemein","category-gesellschaft","tag-deutschland","tag-energiepolitik","tag-eu-gesetze","tag-europa","tag-geopolitik","tag-krisen","tag-meinungsfreiheit","tag-portrait","tag-sicherheitspolitik"],"_links":{"self":[{"href":"https:\/\/www.markus-schall.de\/es\/wp-json\/wp\/v2\/posts\/4079","targetHints":{"allow":["GET"]}}],"collection":[{"href":"https:\/\/www.markus-schall.de\/es\/wp-json\/wp\/v2\/posts"}],"about":[{"href":"https:\/\/www.markus-schall.de\/es\/wp-json\/wp\/v2\/types\/post"}],"author":[{"embeddable":true,"href":"https:\/\/www.markus-schall.de\/es\/wp-json\/wp\/v2\/users\/1"}],"replies":[{"embeddable":true,"href":"https:\/\/www.markus-schall.de\/es\/wp-json\/wp\/v2\/comments?post=4079"}],"version-history":[{"count":22,"href":"https:\/\/www.markus-schall.de\/es\/wp-json\/wp\/v2\/posts\/4079\/revisions"}],"predecessor-version":[{"id":5415,"href":"https:\/\/www.markus-schall.de\/es\/wp-json\/wp\/v2\/posts\/4079\/revisions\/5415"}],"wp:featuredmedia":[{"embeddable":true,"href":"https:\/\/www.markus-schall.de\/es\/wp-json\/wp\/v2\/media\/4082"}],"wp:attachment":[{"href":"https:\/\/www.markus-schall.de\/es\/wp-json\/wp\/v2\/media?parent=4079"}],"wp:term":[{"taxonomy":"category","embeddable":true,"href":"https:\/\/www.markus-schall.de\/es\/wp-json\/wp\/v2\/categories?post=4079"},{"taxonomy":"post_tag","embeddable":true,"href":"https:\/\/www.markus-schall.de\/es\/wp-json\/wp\/v2\/tags?post=4079"}],"curies":[{"name":"wp","href":"https:\/\/api.w.org\/{rel}","templated":true}]}}