{"id":4435,"date":"2026-01-22T06:12:42","date_gmt":"2026-01-22T06:12:42","guid":{"rendered":"https:\/\/www.markus-schall.de\/?p=4435"},"modified":"2026-04-22T15:42:32","modified_gmt":"2026-04-22T15:42:32","slug":"por-que-la-distancia-no-es-un-retroceso-y-como-la-congelacion-crea-orientacion","status":"publish","type":"post","link":"https:\/\/www.markus-schall.de\/es\/2026\/01\/por-que-la-distancia-no-es-un-retroceso-y-como-la-congelacion-crea-orientacion\/","title":{"rendered":"Por qu\u00e9 la distancia no es una retirada - y c\u00f3mo una congelaci\u00f3n crea orientaci\u00f3n"},"content":{"rendered":"<p>Cuando se est\u00e1 en medio de una crisis, todo parece urgente. Se tiene la sensaci\u00f3n de que hay que actuar inmediatamente, hablar inmediatamente, decidir inmediatamente. Y a menudo se a\u00f1ade un segundo sentimiento: Si no sigues actuando ahora, todo se te escapar\u00e1. Es comprensible. Tambi\u00e9n es humano. Pero aqu\u00ed es exactamente donde suele empezar el error.<\/p>\n<p>Porque la cercan\u00eda no es autom\u00e1ticamente claridad. La cercan\u00eda tambi\u00e9n puede significar que est\u00e1s demasiado cerca para ver lo que realmente est\u00e1 sucediendo. Igual que no puedes reconocer un cuadro si tienes la nariz pegada al lienzo. Entonces s\u00f3lo ves pinceladas sueltas y crees que son todo el cuadro.<\/p>\n<p>Una congelaci\u00f3n, bien entendida, no es m\u00e1s que un paso atr\u00e1s. No para huir, sino para poder volver a ver.<!--more--><\/p>\n<hr \/>\n\n\t\t\t<div class=\"display-post-types\">\n\n\t\t\t\t\t\t\t<style type=\"text\/css\">\n\t\t\t#dpt-wrapper-764 { --dpt-text-align: left;--dpt-image-crop: center;--dpt-border-radius: 5px;--dpt-h-gutter: 10px;--dpt-v-gutter: 10px; }\t\t\t<\/style>\n\t\t\t<style type=\"text\/css\">#dpt-wrapper-764 { --dpt-title-font-style:normal;--dpt-title-font-weight:600;--dpt-title-line-height:1.5;--dpt-title-text-decoration:none;--dpt-title-text-transform:none;--dpt-excerpt-font-style:normal;--dpt-excerpt-font-weight:400;--dpt-excerpt-line-height:1.5;--dpt-excerpt-text-decoration:none;--dpt-excerpt-text-transform:none;--dpt-meta1-font-style:normal;--dpt-meta1-font-weight:400;--dpt-meta1-line-height:1.9;--dpt-meta1-text-decoration:none;--dpt-meta1-text-transform:none;--dpt-meta2-font-style:normal;--dpt-meta2-font-weight:400;--dpt-meta2-line-height:1.9;--dpt-meta2-text-decoration:none;--dpt-meta2-text-transform:none; }<\/style><div class=\"dpt-main-header\">\n\t\t\t\t\t\t<div class=\"dpt-main-title\">\n\t\t\t\t\t\t\t<span class=\"dpt-main-title-text\">Art\u00edculos de actualidad sobre inteligencia artificial<\/span>\n\t\t\t\t\t\t<\/div>\n\t\t\t\t\t\t\n\t\t\t\t\t\t\n\t\t\t\t\t\t\n\t\t\t\t\t\t<\/div>\t\t\t\n\t\t\t\t<div id=\"dpt-wrapper-764\" class=\"dpt-wrapper dpt-mag1 land1 dpt-cropped dpt-flex-wrap\" >\n\n\t\t\t\t\t\t\t\t\t\t\t<div class=\"dpt-entry has-thumbnail\" data-title=\"vom content zur substanz: wie digitale systeme entstehen, die nicht kopierbar sind\" data-id=\"5899\"  data-category=\"allgemein b\u00fccher gesellschaft tipps &amp; anleitungen\" data-post_tag=\"buch datenlogik denkmodelle digitales eigentum erfahrungen k\u00fcnstliche intelligenz prozesse publishing ratgeber\">\n\t\t\t\t\t\t\t<div class=\"dpt-entry-wrapper\"><div class=\"dpt-featured-content\"><div class=\"dpt-permalink\"><a href=\"https:\/\/www.markus-schall.de\/es\/2026\/04\/del-contenido-a-la-sustancia-como-se-crean-sistemas-digitales-que-no-pueden-copiarse\/\" class=\"dpt-permalink\"><span class=\"screen-reader-text\">Del contenido a la sustancia: c\u00f3mo se crean sistemas digitales que no se pueden copiar<\/span><\/a><\/div><div class=\"dpt-thumbnail\"><div class=\"dpt-thumbnail-inner\"><img width=\"1024\" height=\"682\" class=\"attachment-full size-full\" alt=\"Sistema en lugar de contenido individual\" context=\"dpt\" data-dpt-src=\"https:\/\/www.markus-schall.de\/wp-content\/uploads\/Organische-Reichweite.jpg\" data-dpt-sizes=\"(max-width: 1024px) 100vw, 1024px\" data-dpt-srcset=\"https:\/\/www.markus-schall.de\/wp-content\/uploads\/Organische-Reichweite.jpg 1024w, https:\/\/www.markus-schall.de\/wp-content\/uploads\/Organische-Reichweite-300x200.jpg 300w, https:\/\/www.markus-schall.de\/wp-content\/uploads\/Organische-Reichweite-768x512.jpg 768w, https:\/\/www.markus-schall.de\/wp-content\/uploads\/Organische-Reichweite-18x12.jpg 18w\" \/><\/div><span class=\"dpt-thumbnail-aspect-ratio\" style=\"padding-top: 75%\"><\/span><\/div><\/div><div class=\"sub-entry\"><h3 class=\"dpt-title\"><a class=\"dpt-title-link\" href=\"https:\/\/www.markus-schall.de\/es\/2026\/04\/del-contenido-a-la-sustancia-como-se-crean-sistemas-digitales-que-no-pueden-copiarse\/\" rel=\"bookmark\">Del contenido a la sustancia: c\u00f3mo se crean sistemas digitales que no se pueden copiar<\/a><\/h3><\/div><\/div>\n\t\t\t\t\t\t<\/div><!-- .dpt-entry -->\n\t\t\t\t\t\t\t\t\t\t\t\t<div class=\"dpt-entry has-thumbnail\" data-title=\"vom chatgpt-datenexport zur eigenen wissens-ki: schritt-f\u00fcr-schritt mit ollama und qdrant\" data-id=\"5306\"  data-category=\"apple macos ki-systeme tipps &amp; anleitungen\" data-post_tag=\"datenbanken denkmodelle digitales eigentum docker k\u00fcnstliche intelligenz llama llm mlx ollama prozesse sprachmodell\">\n\t\t\t\t\t\t\t<div class=\"dpt-entry-wrapper\"><div class=\"dpt-featured-content\"><div class=\"dpt-permalink\"><a href=\"https:\/\/www.markus-schall.de\/es\/2026\/03\/de-la-exportacion-de-datos-de-chatgpt-a-su-propio-ki-de-conocimiento-paso-a-paso-con-ollama-y-qdrant\/\" class=\"dpt-permalink\"><span class=\"screen-reader-text\">De la exportaci\u00f3n de datos ChatGPT a su propia IA del conocimiento: paso a paso con Ollama y Qdrant<\/span><\/a><\/div><div class=\"dpt-thumbnail\"><div class=\"dpt-thumbnail-inner\"><img width=\"1024\" height=\"683\" class=\"attachment-full size-full\" alt=\"El camino hacia tu propia memoria de IA\" context=\"dpt\" data-dpt-src=\"https:\/\/www.markus-schall.de\/wp-content\/uploads\/ChatGPT-Datenexport-Computerhirn.jpg\" data-dpt-sizes=\"(max-width: 1024px) 100vw, 1024px\" data-dpt-srcset=\"https:\/\/www.markus-schall.de\/wp-content\/uploads\/ChatGPT-Datenexport-Computerhirn.jpg 1024w, https:\/\/www.markus-schall.de\/wp-content\/uploads\/ChatGPT-Datenexport-Computerhirn-300x200.jpg 300w, https:\/\/www.markus-schall.de\/wp-content\/uploads\/ChatGPT-Datenexport-Computerhirn-768x512.jpg 768w, https:\/\/www.markus-schall.de\/wp-content\/uploads\/ChatGPT-Datenexport-Computerhirn-18x12.jpg 18w\" \/><\/div><span class=\"dpt-thumbnail-aspect-ratio\" style=\"padding-top: 75%\"><\/span><\/div><\/div><div class=\"sub-entry\"><h3 class=\"dpt-title\"><a class=\"dpt-title-link\" href=\"https:\/\/www.markus-schall.de\/es\/2026\/03\/de-la-exportacion-de-datos-de-chatgpt-a-su-propio-ki-de-conocimiento-paso-a-paso-con-ollama-y-qdrant\/\" rel=\"bookmark\">De la exportaci\u00f3n de datos ChatGPT a su propia IA del conocimiento: paso a paso con Ollama y Qdrant<\/a><\/h3><\/div><\/div>\n\t\t\t\t\t\t<\/div><!-- .dpt-entry -->\n\t\t\t\t\t\t\t\t\t\t\t\t<div class=\"dpt-entry has-thumbnail\" data-title=\"chatgpt-datenexport erkl\u00e4rt: wie deine ki-chats zu einem pers\u00f6nlichen wissenssystem werden\" data-id=\"5259\"  data-category=\"featured ki-systeme tipps &amp; anleitungen\" data-post_tag=\"apple datenbanken datenschutz digitales eigentum k\u00fcnstliche intelligenz llama llm mac mlx ollama sprachmodell\">\n\t\t\t\t\t\t\t<div class=\"dpt-entry-wrapper\"><div class=\"dpt-featured-content\"><div class=\"dpt-permalink\"><a href=\"https:\/\/www.markus-schall.de\/es\/2026\/03\/la-exportacion-de-datos-de-chatgpt-explica-como-tus-chats-de-ki-se-convierten-en-un-sistema-de-conocimiento-personal\/\" class=\"dpt-permalink\"><span class=\"screen-reader-text\">Explicaci\u00f3n de la exportaci\u00f3n de datos ChatGPT: c\u00f3mo tus chats de IA se convierten en un sistema de conocimiento personal<\/span><\/a><\/div><div class=\"dpt-thumbnail\"><div class=\"dpt-thumbnail-inner\"><img width=\"1024\" height=\"683\" class=\"attachment-full size-full\" alt=\"Exportaci\u00f3n de datos ChatGPT\" context=\"dpt\" data-dpt-src=\"https:\/\/www.markus-schall.de\/wp-content\/uploads\/ChatGPT-Datenexport.jpg\" data-dpt-sizes=\"(max-width: 1024px) 100vw, 1024px\" data-dpt-srcset=\"https:\/\/www.markus-schall.de\/wp-content\/uploads\/ChatGPT-Datenexport.jpg 1024w, https:\/\/www.markus-schall.de\/wp-content\/uploads\/ChatGPT-Datenexport-300x200.jpg 300w, https:\/\/www.markus-schall.de\/wp-content\/uploads\/ChatGPT-Datenexport-768x512.jpg 768w, https:\/\/www.markus-schall.de\/wp-content\/uploads\/ChatGPT-Datenexport-18x12.jpg 18w\" \/><\/div><span class=\"dpt-thumbnail-aspect-ratio\" style=\"padding-top: 75%\"><\/span><\/div><\/div><div class=\"sub-entry\"><h3 class=\"dpt-title\"><a class=\"dpt-title-link\" href=\"https:\/\/www.markus-schall.de\/es\/2026\/03\/la-exportacion-de-datos-de-chatgpt-explica-como-tus-chats-de-ki-se-convierten-en-un-sistema-de-conocimiento-personal\/\" rel=\"bookmark\">Explicaci\u00f3n de la exportaci\u00f3n de datos ChatGPT: c\u00f3mo tus chats de IA se convierten en un sistema de conocimiento personal<\/a><\/h3><\/div><\/div>\n\t\t\t\t\t\t<\/div><!-- .dpt-entry -->\n\t\t\t\t\t\t\t\t\t\t\t\t<div class=\"dpt-entry has-thumbnail\" data-title=\"der iran\u2013israel-konflikt: warum diese eskalation der strategische albtraum des westens ist\" data-id=\"5212\"  data-category=\"allgemein gesellschaft\" data-post_tag=\"denkmodelle energiepolitik europa geopolitik krisen k\u00fcnstliche intelligenz meinungsfreiheit sicherheitspolitik spieltheorie\">\n\t\t\t\t\t\t\t<div class=\"dpt-entry-wrapper\"><div class=\"dpt-featured-content\"><div class=\"dpt-permalink\"><a href=\"https:\/\/www.markus-schall.de\/es\/2026\/03\/el-conflicto-iran-israel-por-que-esta-escalada-es-la-pesadilla-estrategica-de-occidente\/\" class=\"dpt-permalink\"><span class=\"screen-reader-text\">El conflicto Ir\u00e1n-Israel: por qu\u00e9 esta escalada es la pesadilla estrat\u00e9gica de Occidente<\/span><\/a><\/div><div class=\"dpt-thumbnail\"><div class=\"dpt-thumbnail-inner\"><img width=\"1024\" height=\"683\" class=\"attachment-full size-full\" alt=\"Israel-Ir\u00e1n - Pesadilla estrat\u00e9gica\" context=\"dpt\" data-dpt-src=\"https:\/\/www.markus-schall.de\/wp-content\/uploads\/Israel-Iran-Strategischer-Albtraum.jpg\" data-dpt-sizes=\"(max-width: 1024px) 100vw, 1024px\" data-dpt-srcset=\"https:\/\/www.markus-schall.de\/wp-content\/uploads\/Israel-Iran-Strategischer-Albtraum.jpg 1024w, https:\/\/www.markus-schall.de\/wp-content\/uploads\/Israel-Iran-Strategischer-Albtraum-300x200.jpg 300w, https:\/\/www.markus-schall.de\/wp-content\/uploads\/Israel-Iran-Strategischer-Albtraum-768x512.jpg 768w, https:\/\/www.markus-schall.de\/wp-content\/uploads\/Israel-Iran-Strategischer-Albtraum-18x12.jpg 18w\" \/><\/div><span class=\"dpt-thumbnail-aspect-ratio\" style=\"padding-top: 75%\"><\/span><\/div><\/div><div class=\"sub-entry\"><h3 class=\"dpt-title\"><a class=\"dpt-title-link\" href=\"https:\/\/www.markus-schall.de\/es\/2026\/03\/el-conflicto-iran-israel-por-que-esta-escalada-es-la-pesadilla-estrategica-de-occidente\/\" rel=\"bookmark\">El conflicto Ir\u00e1n-Israel: por qu\u00e9 esta escalada es la pesadilla estrat\u00e9gica de Occidente<\/a><\/h3><\/div><\/div>\n\t\t\t\t\t\t<\/div><!-- .dpt-entry -->\n\t\t\t\t\t\t\n\t\t\t\t<\/div>\n\t\t\t\t\t\t<\/div>\n\t\t\t\n<hr \/>\n<h2>\u201eFreeze-out\u201c - el t\u00e9rmino prestado<\/h2>\n<p>El t\u00e9rmino <em>\u201eCongelaci\u00f3n\u201c<\/em> suena duro. Suena a frialdad, a control, a t\u00e9cnica utilizada para castigar o manipular a alguien. Y s\u00ed, existe. La gente puede romper el contacto para ejercer presi\u00f3n, demostrar poder o hacer que la otra persona se sienta insegura. Eso es otro tema, y no es de lo que estamos hablando aqu\u00ed.<\/p>\n<p>Cuando hablamos aqu\u00ed de congelaci\u00f3n, no nos referimos a <em>\u201eTe privo de cercan\u00eda para que puedas funcionar\u201c<\/em>. Creemos que s\u00ed: <em>\u201eMe privo del est\u00edmulo constante para poder volver a pensar\u201c.\u201c<\/em> Es una diferencia crucial.<\/p>\n<p>Una salida honesta no es un m\u00e9todo para cambiar a la otra persona. Es una forma de ordenarse uno mismo de nuevo. Y precisamente por eso es tan valioso, porque no se centra en el impacto externo, sino en la orientaci\u00f3n interior.<\/p>\n<h3>Clasificaci\u00f3n del t\u00e9rmino \u201econgelaci\u00f3n\u201c<\/h3>\n<p>El t\u00e9rmino \u201econgelaci\u00f3n\u201c procede originalmente de la llamada <a href=\"https:\/\/www.pickupforum.de\" target=\"_blank\" rel=\"noopener\">Recogida<\/a>- y las citas. A menudo se describe all\u00ed como una t\u00e9cnica para provocar determinadas reacciones o cambios de comportamiento en la otra persona mediante la retirada deliberada del contacto. En este contexto, el freeze-out es un medio de ejercer influencia, dirigido hacia el exterior, utilizado estrat\u00e9gicamente y a menudo deliberadamente manipulador. Esto es precisamente de lo que se distancia expresamente este art\u00edculo.<\/p>\n<p>La congelaci\u00f3n descrita aqu\u00ed tiene un objetivo completamente distinto: no se dirige a la otra persona, sino a uno mismo. No se trata de conseguir que alguien haga algo, sino de redescubrir la propia percepci\u00f3n, ganar claridad interior y dejar de tomar decisiones por presi\u00f3n, sino desde un punto de vista interior estable.<\/p>\n<h3>La congelaci\u00f3n como interrupci\u00f3n deliberada<\/h3>\n<p>En pocas palabras: una congelaci\u00f3n es una pausa. Una interrupci\u00f3n. Una ruptura temporal del contacto que no est\u00e1 causada por la indiferencia, sino por una necesidad muy clara: la distancia. Y esta distancia no es un lujo. En algunas situaciones, es el requisito previo para que vuelvas a ser \u201et\u00fa\u201c.<\/p>\n<p>Porque en las crisis, la gente suele perder algo que normalmente da por sentado: la calma interior. S\u00f3lo reaccionas. Saltas de pensamiento en pensamiento. Buscas explicaciones. Quieres recuperar el control. Y cuanto m\u00e1s intentas recuperar el control, m\u00e1s te metes en el t\u00fanel.<\/p>\n<p>Una pausa interrumpe este t\u00fanel. Lo importante es: una pausa no es autom\u00e1ticamente cobarde. No es autom\u00e1ticamente inmadura. Y tampoco es autom\u00e1ticamente un \u201erechazo\u201c. Al contrario, puede ser un paso muy maduro. Uno que dice: <em>\u201eAhora no tomo decisiones en la niebla. Decidir\u00e9 cuando pueda ver de nuevo\u201c.\u201c<\/em><\/p>\n<h3>Por qu\u00e9 es tan dif\u00edcil<\/h3>\n<p>Muchas personas creen que deben mantener las distancias, y aun as\u00ed no lo hacen. No porque sean est\u00fapidas. Sino porque va en contra de varios programas internos que casi todos hemos aprendido.<\/p>\n<ul>\n<li>Por ejemplo, existe ese sentido del deber: <em>\u201eNo puedo irme ahora\u201c.\u201c<\/em><\/li>\n<li>Ah\u00ed est\u00e1 el pensamiento: <em>\u201eSi mantengo mi distancia ahora, se intensificar\u00e1\u201c.\u201c<\/em><\/li>\n<li>Y ah\u00ed est\u00e1 el miedo: <em>\u201eSi me retiro, pierdo a la persona o la situaci\u00f3n para siempre\u201c.\u201c<\/em><\/li>\n<\/ul>\n<p>Este miedo no suele ser infundado. Pero conduce a una din\u00e1mica parad\u00f3jica: sigues en ello aunque te das cuenta de que est\u00e1s empeorando. Te mantienes en ella aunque te das cuenta de que te est\u00e1s perdiendo a ti mismo. Permaneces en \u00e9l porque crees que es responsable, y pasas por alto el hecho de que la responsabilidad a veces significa exactamente lo contrario: dar un paso atr\u00e1s.<\/p>\n<p>Hay que pensar que es como un motor que se sobrecalienta. No puedes seguir pisando el acelerador y esperar que mejore. Tienes que sacarlo, dejar que se enfr\u00ede y revisarlo. Cualquier otra cosa acabar\u00e1 en un fallo total en alg\u00fan momento.<\/p>\n<h3>Delimitaci\u00f3n: ruptura no es \u201eanulaci\u00f3n\u201c<\/h3>\n<p>Una congelaci\u00f3n no es una separaci\u00f3n por silencio de radio. Tampoco es una <em>\u201eMe ir\u00e9 hasta que hayas cambiado\u201c<\/em>. Si se hace algo as\u00ed, es un juego de poder, y los juegos de poder son la forma m\u00e1s segura de empeorar las cosas en una crisis. Lo ideal es una congelaci\u00f3n claramente limitada e internamente limpia:<\/p>\n<ul>\n<li>Da un paso atr\u00e1s para volver a tener claridad.<\/li>\n<li>Mantienes las distancias para no actuar en caliente.<\/li>\n<li>Da un paso atr\u00e1s para averiguar cu\u00e1l es realmente el problema.<\/li>\n<\/ul>\n<p>Esto puede significar que no escribas durante unos d\u00edas. O que pases deliberadamente un fin de semana solo. O que te apartes de una comunicaci\u00f3n continua que s\u00f3lo consiste en justificaciones y malentendidos.<\/p>\n<p>Lo importante no es la forma. La cuesti\u00f3n es la funci\u00f3n: creas un espacio en el que puedes volver a pensar sin que te lleguen constantemente nuevos est\u00edmulos.<\/p>\n<h3>Por qu\u00e9 \u201eaclarar inmediatamente\u201c suele ser un error<\/h3>\n<p>Existe la creencia generalizada de que los problemas pueden resolverse si se habla de ellos el tiempo suficiente. Y s\u00ed, en muchas situaciones es cierto. Si ambas partes est\u00e1n tranquilas. Si hay suficiente confianza. Cuando la gente se escucha de verdad. Cuando cada declaraci\u00f3n no se toma como un ataque.<\/p>\n<p>Esto no suele ocurrir en las crisis reales. La situaci\u00f3n ya est\u00e1 tan cargada que todas las conversaciones recaen inmediatamente en viejos bucles. T\u00fa te explicas, y lo \u00fanico que oye la otra persona es una justificaci\u00f3n. La otra persona se explica, y lo \u00fanico que oyes es una acusaci\u00f3n. Y al final, no sales de la conversaci\u00f3n m\u00e1s sabio, sino m\u00e1s confuso. No m\u00e1s tranquilo, sino m\u00e1s agotado. No m\u00e1s cerca de la soluci\u00f3n, sino m\u00e1s hundido en la niebla.<\/p>\n<p>Se puede mirar con mucha sobriedad: La comunicaci\u00f3n necesita ancho de banda. Si tu ancho de banda interior est\u00e1 bloqueado por el estr\u00e9s, la ansiedad, la presi\u00f3n o la tensi\u00f3n constante, entonces la comunicaci\u00f3n no te sirve de nada: te sobrecarga a\u00fan m\u00e1s.<\/p>\n<p>Y aqu\u00ed es donde la distancia puede ser realmente lo m\u00e1s responsable: dejar de hablar hasta que puedas volver a o\u00edrte.<\/p>\n<h3>La silenciosa diferencia entre reacci\u00f3n y decisi\u00f3n<\/h3>\n<p>Una crisis a menudo te obliga a reaccionar. Reaccionas a los mensajes. Reaccionas al tono de voz. Reaccionas a las expectativas. Reaccionas a la agitaci\u00f3n interior.<\/p>\n<p>Una congelaci\u00f3n es un intento de salir del modo de reacci\u00f3n. Porque las decisiones que se toman en modo reacci\u00f3n rara vez son buenas decisiones. Casi siempre son decisiones de cortocircuito:<\/p>\n<ul>\n<li>Lo principal es que la presi\u00f3n disminuya. Lo principal es que ocurra algo.<\/li>\n<li>Lo principal es que ya no tengo que soportar esta sensaci\u00f3n.<\/li>\n<\/ul>\n<p>Es comprensible, pero peligroso. Una congelaci\u00f3n te da la oportunidad de volver a un estado en el que puedes decidir en lugar de limitarte a reaccionar. Es una diferencia como la noche y el d\u00eda. Y una vez que lo hayas experimentado, entender\u00e1s por qu\u00e9 mucha gente dice en retrospectiva:<\/p>\n<blockquote><p><em>\u201eSi hubiera mantenido la distancia antes\u201c.\u201c<\/em><\/p><\/blockquote>\n<h3>Lo que puede permitirse<\/h3>\n<p>Quiz\u00e1 esta sea la frase m\u00e1s importante de este cap\u00edtulo: Puedes permitirte tomar distancia.<\/p>\n<p>No como excusa. No como un escape. Sino como una herramienta para volver a ser claro. No es un signo de debilidad cuando dices:<\/p>\n<blockquote><p><em>\u201eNecesito espacio por ahora\u201c.\u201c<\/em><\/p><\/blockquote>\n<p>A menudo es un signo de fortaleza porque significa que no quieres empeorar las cosas por impulso. Que no vas a seguir corriendo a ciegas s\u00f3lo porque moverte te hace sentir mejor que quedarte quieto.<\/p>\n<p>En el pasado, esto se llamaba simplemente \u201ereunirse\u201c. Hoy en d\u00eda, a menudo se confunde con \u201eevitar\u201c. Pero hay una diferencia entre evitar y recoger: evitar no quiere mirar. La recogida quiere, en primer lugar, volver a ver.<\/p>\n<h3>La congelaci\u00f3n no es un destino, es una transici\u00f3n<\/h3>\n<p>No hay que idealizar una congelaci\u00f3n. No es una cura. No es garant\u00eda de una buena soluci\u00f3n. No es un truco que ponga todo en orden inmediatamente. Pero a menudo es la transici\u00f3n del caos a la claridad.<\/p>\n<p>Y eso lo convierte en algo que se ha vuelto sorprendentemente raro en las crisis modernas: una interrupci\u00f3n consciente antes de quedarse atascado.<br \/>\nLos pr\u00f3ximos cap\u00edtulos tratar\u00e1n precisamente de esto: por qu\u00e9 luchamos tan f\u00e1cilmente contra el problema equivocado en las crisis, por qu\u00e9 es tan dif\u00edcil reconocer la visi\u00f3n de t\u00fanel... y c\u00f3mo puede funcionar la distancia en la pr\u00e1ctica sin que se convierta en un drama.<\/p>\n<p>Porque a veces lo mejor que puedes hacer no es otra conversaci\u00f3n, ni otro an\u00e1lisis, ni otro intento de arreglarlo todo inmediatamente. A veces lo mejor que puedes hacer es simplemente dar un paso atr\u00e1s.<\/p>\n<hr \/>\n<h3>Encuesta actual sobre movilidad el\u00e9ctrica<\/h3>\n<div class='bootstrap-yop yop-poll-mc'>\n\t\t\t\t\t\t\t<div class=\"basic-yop-poll-container\" style=\"background-color:#ffffff; border:0px; border-style:solid; border-color:#000000; border-radius:5px; padding:0px 5px;\" data-id=\"11\" data-temp=\"basic-pretty\" data-skin=\"square\" data-cscheme=\"blue\" data-cap=\"0\" data-access=\"guest\" data-tid=\"\" data-uid=\"be0a4859c90edc88d15d0185d48b38dd\" data-pid=\"5212\" data-resdet=\"votes-number,percentages\" data-show-results-to=\"guest\" data-show-results-moment=\"after-vote\" data-show-results-only=\"false\" data-show-message=\"true\" data-show-results-as=\"bar\" data-sort-results-by=\"as-defined\" data-sort-results-rule=\"asc\"data-is-ended=\"0\" data-percentages-decimals=\"2\" data-gdpr=\"no\" data-gdpr-sol=\"consent\" data-css=\".basic-yop-poll-container[data-uid] .basic-vote {\t\t\t\t\t\t\t\t\ttext-align: center;\t\t\t\t\t\t\t\t}\" data-counter=\"0\" data-load-with=\"1\" data-notification-section=\"top\"><div class=\"row\"><div class=\"col-md-12\"><div class=\"basic-inner\"><div class=\"basic-message hide\" style=\"border-left: 10px solid #008000; padding: 0px 10px;\" data-error=\"#ff0000\" data-success=\"#008000\"><p class=\"basic-message-text\" style=\"color:#000000; font-size:14px; font-weight:normal;\"><\/p><\/div><div class=\"basic-overlay hide\"><div class=\"basic-vote-options\"><\/div><div class=\"basic-preloader\"><div class=\"basic-windows8\"><div class=\"basic-wBall basic-wBall_1\"><div class=\"basic-wInnerBall\"><\/div><\/div><div class=\"basic-wBall basic-wBall_2\"><div class=\"basic-wInnerBall\"><\/div><\/div><div class=\"basic-wBall basic-wBall_3\"><div class=\"basic-wInnerBall\"><\/div><\/div><div class=\"basic-wBall basic-wBall_4\"><div class=\"basic-wInnerBall\"><\/div><\/div><div class=\"basic-wBall basic-wBall_5\"><div class=\"basic-wInnerBall\"><\/div><\/div><\/div><\/div><\/div><form class=\"basic-form\" action=\"\"><input type=\"hidden\" name=\"_token\" value=\"a76afd2a0f\" autocomplete=\"off\"><div class=\"basic-elements\"><div class=\"basic-element basic-question basic-question-text-vertical\" data-id=\"11\" data-uid=\"7855a495fb4fe19d86b171a814be6b89\" data-type=\"question\" data-question-type=\"text\" data-required=\"yes\" data-allow-multiple=\"yes\" data-min=\"1\" data-max=\"6\" data-display=\"vertical\" data-colnum=\"\" data-display-others=\"no\" data-others-color=\"\" data-others=\"\" data-others-max-chars=\"0\"><div class=\"basic-question-title\"><h5 style=\"color:#000000; font-size:16px; font-weight:normal; text-align:left;\">\u00bfCon qu\u00e9 veh\u00edculos el\u00e9ctricos tiene ya experiencia?<\/h5><\/div><ul class=\"basic-answers\"><li class=\"basic-answer\" style=\"padding:0px 0px;\" data-id=\"60\" data-type=\"text\" data-vn=\"2\" data-color=\"#000000\" data-make-link=\"no\" data-link=\"\"><div class=\"basic-answer-content basic-text-vertical\"><label for=\"answer[60]\" class=\"basic-answer-label\"><input type=\"checkbox\" id=\"answer[60]\" name=\"answer[11]\" value=\"60\"><span class=\"basic-text\" style=\"color: #000000; font-size: 14px; font-weight: normal;\">E-scooter<\/span><\/label><\/div><\/li><li class=\"basic-answer\" style=\"padding:0px 0px;\" data-id=\"61\" data-type=\"text\" data-vn=\"2\" data-color=\"#000000\" data-make-link=\"no\" data-link=\"\"><div class=\"basic-answer-content basic-text-vertical\"><label for=\"answer[61]\" class=\"basic-answer-label\"><input type=\"checkbox\" id=\"answer[61]\" name=\"answer[11]\" value=\"61\"><span class=\"basic-text\" style=\"color: #000000; font-size: 14px; font-weight: normal;\">Scooter el\u00e9ctrico<\/span><\/label><\/div><\/li><li class=\"basic-answer\" style=\"padding:0px 0px;\" data-id=\"62\" data-type=\"text\" data-vn=\"1\" data-color=\"#000000\" data-make-link=\"no\" data-link=\"\"><div class=\"basic-answer-content basic-text-vertical\"><label for=\"answer[62]\" class=\"basic-answer-label\"><input type=\"checkbox\" id=\"answer[62]\" name=\"answer[11]\" value=\"62\"><span class=\"basic-text\" style=\"color: #000000; font-size: 14px; font-weight: normal;\">H\u00edbrido completo\/h\u00edbrido leve<\/span><\/label><\/div><\/li><li class=\"basic-answer\" style=\"padding:0px 0px;\" data-id=\"63\" data-type=\"text\" data-vn=\"1\" data-color=\"#000000\" data-make-link=\"no\" data-link=\"\"><div class=\"basic-answer-content basic-text-vertical\"><label for=\"answer[63]\" class=\"basic-answer-label\"><input type=\"checkbox\" id=\"answer[63]\" name=\"answer[11]\" value=\"63\"><span class=\"basic-text\" style=\"color: #000000; font-size: 14px; font-weight: normal;\">H\u00edbrido enchufable<\/span><\/label><\/div><\/li><li class=\"basic-answer\" style=\"padding:0px 0px;\" data-id=\"64\" data-type=\"text\" data-vn=\"2\" data-color=\"#000000\" data-make-link=\"no\" data-link=\"\"><div class=\"basic-answer-content basic-text-vertical\"><label for=\"answer[64]\" class=\"basic-answer-label\"><input type=\"checkbox\" id=\"answer[64]\" name=\"answer[11]\" value=\"64\"><span class=\"basic-text\" style=\"color: #000000; font-size: 14px; font-weight: normal;\">Coche el\u00e9ctrico<\/span><\/label><\/div><\/li><li class=\"basic-answer\" style=\"padding:0px 0px;\" data-id=\"67\" data-type=\"text\" data-vn=\"6\" data-color=\"#000000\" data-make-link=\"no\" data-link=\"\"><div class=\"basic-answer-content basic-text-vertical\"><label for=\"answer[67]\" class=\"basic-answer-label\"><input type=\"checkbox\" id=\"answer[67]\" name=\"answer[11]\" value=\"67\"><span class=\"basic-text\" style=\"color: #000000; font-size: 14px; font-weight: normal;\">A\u00fan no tengo experiencia<\/span><\/label><\/div><\/li><\/ul><\/div><div class=\"clearfix\"><\/div><\/div><div class=\"basic-vote\"><a href=\"#\" class=\"button basic-vote-button\" role=\"button\" style=\"background:#027bb8; border:0px; border-style: solid; border-color:#000000; border-radius:5px; padding:10px 10px; color:#ffffff; font-size:14px; font-weight:normal;\">Vote<\/a><\/div><input type=\"hidden\" name=\"trp-form-language\" value=\"es\"\/><\/form><\/div><\/div><\/div><\/div>\n\t\t\t\t\t\t<\/div>\n<hr \/>\n<h2>Combatir el problema equivocado<\/h2>\n<p>En las crisis, la gente busca las causas. No por curiosidad, sino por necesidad. La sensaci\u00f3n de perder el control es desagradable, a veces casi insoportable, as\u00ed que instintivamente buscamos la siguiente mejor explicaci\u00f3n. Algo tiene que ser \u201ela raz\u00f3n\u201c. Algo tangible, identificable, lo m\u00e1s concreto posible.<\/p>\n<p>A menudo se trata de la pareja. O un determinado conflicto en el trabajo. O una decisi\u00f3n aislada que, en retrospectiva, marca como un error. Estas explicaciones parecen l\u00f3gicas porque est\u00e1n cerca. Est\u00e1n emocionalmente presentes. Y tienen una gran ventaja: puedes trabajar con ellas.<\/p>\n<p>El \u00fanico problema es que la proximidad no es un criterio de verdad. Que algo est\u00e9 en primer plano no significa que sea la causa. En muchas crisis, lo que primero salta a la palestra es simplemente el s\u00edntoma, no el n\u00facleo.<\/p>\n<h3>La proyecci\u00f3n como estrategia de supervivencia<\/h3>\n<p>Desde un punto de vista psicol\u00f3gico, esto no es nada inusual. Cuando aumenta la presi\u00f3n interna, la visi\u00f3n se estrecha. Las relaciones complejas se simplifican, la insatisfacci\u00f3n difusa se proyecta sobre personas o situaciones concretas. No se trata de malicia, sino de una estrategia de supervivencia: el cerebro intenta crear orden reduciendo la complejidad.<\/p>\n<p>Esto es especialmente evidente en las relaciones de pareja. La pareja est\u00e1 emocionalmente cerca, constantemente presente y, por tanto, es un blanco ideal para las proyecciones. Lo que se ha ido acumulando a lo largo de los a\u00f1os -exigencias excesivas en el trabajo, vac\u00edo interior, falta de perspectiva, un plan de vida que ya no funciona- se descarga entonces en conflictos aparentemente \u201et\u00edpicos de una relaci\u00f3n\u201c.<\/p>\n<p>Discut\u00eds por peque\u00f1eces. Sobre tonos de voz. Sobre expectativas. Sobre cosas que apenas tuvieron importancia en el pasado. Y crees que ah\u00ed est\u00e1 el problema.<\/p>\n<p>A menudo es justo el lugar donde algo estalla.<\/p>\n<h3>El momento de la interrupci\u00f3n<\/h3>\n<p>Aqu\u00ed es precisamente donde una congelaci\u00f3n puede tener un efecto decisivo. No porque proporcione respuestas inmediatas, sino porque interrumpe el est\u00edmulo constante. Cuando cesa el di\u00e1logo diario, cuando se detiene la constante retroalimentaci\u00f3n emocional, ocurre algo interesante: la atenci\u00f3n se vuelve hacia el interior.<\/p>\n<p>En mi caso ocurri\u00f3 exactamente lo mismo. Se interrumpi\u00f3 el contacto, al principio suponiendo que el problema era la propia relaci\u00f3n. No es un pensamiento inusual, sino casi la norma. Cuando hay una ruptura entre dos personas, la conclusi\u00f3n obvia es que \u201esimplemente no est\u00e1 bien\u201c.<\/p>\n<p>Pero tras unos pocos d\u00edas fuera, algo m\u00e1s se hizo evidente. La confusi\u00f3n interior no desapareci\u00f3. Los lazos mentales no se centraban en la relaci\u00f3n, sino en algo mucho m\u00e1s fundamental: su propio camino en la vida. No fue una inspiraci\u00f3n repentina, ni una toma de conciencia dram\u00e1tica. Fue m\u00e1s bien un sentimiento silencioso pero persistente: esto es m\u00e1s profundo. Tiene que ver con c\u00f3mo vivo, no s\u00f3lo con qui\u00e9n.<\/p>\n<p><img loading=\"lazy\" decoding=\"async\" class=\"alignnone wp-image-4468 size-large\" src=\"https:\/\/www.markus-schall.de\/wp-content\/uploads\/Freezeout-Spiegel.jpg\" alt=\"Espejo Freezeout\" width=\"1024\" height=\"683\" srcset=\"https:\/\/www.markus-schall.de\/wp-content\/uploads\/Freezeout-Spiegel.jpg 1024w, https:\/\/www.markus-schall.de\/wp-content\/uploads\/Freezeout-Spiegel-300x200.jpg 300w, https:\/\/www.markus-schall.de\/wp-content\/uploads\/Freezeout-Spiegel-768x512.jpg 768w, https:\/\/www.markus-schall.de\/wp-content\/uploads\/Freezeout-Spiegel-18x12.jpg 18w\" sizes=\"auto, (max-width: 1024px) 100vw, 1024px\" \/><\/p>\n<h3>Cuando se disipa la niebla<\/h3>\n<p>Este momento suele ser poco espectacular, pero crucial. Cuando el desencadenante externo desaparece y el malestar interior permanece, queda claro que has estado luchando contra el problema equivocado. La relaci\u00f3n no era la causa, sino el espejo. Hizo visible algo que llevaba mucho tiempo en el sistema.<\/p>\n<p>Eso es inc\u00f3modo. Porque significa que ya no puedes esconderte detr\u00e1s de un conflicto. Ya no puedes decir: <em>\u201eUna vez solucionado, todo volver\u00e1 a ir bien\u201c.\u201c<\/em> En su lugar, surge una pregunta m\u00e1s importante:<\/p>\n<blockquote><p>\u00bfQu\u00e9 falla en mi modelo de vida anterior?<\/p><\/blockquote>\n<p>Esta pregunta es m\u00e1s dif\u00edcil de responder que cualquier otra pregunta sobre relaciones. No puede resolverse en una conversaci\u00f3n. Requiere tiempo. Y requiere honestidad contigo mismo.<\/p>\n<h3>La peligrosa l\u00f3gica de la perseverancia<\/h3>\n<p>Muchas personas llegan a este punto y siguen sin avanzar. Reconocen que algo ya no est\u00e1 bien, pero deciden \u201eseguir por ahora\u201c. Por sentido del deber. Por miedo al cambio. O porque esperan que el problema se resuelva por s\u00ed solo si perseveran lo suficiente.<\/p>\n<p>Esta l\u00f3gica es enga\u00f1osa. La perseverancia no es una virtud en s\u00ed misma. Puede ser \u00fatil si se sabe para qu\u00e9 se persevera. Se vuelve peligrosa si perseveras sin cuestionar tu direcci\u00f3n.<\/p>\n<p>En esas fases, a menudo te dices a ti mismo que se trata s\u00f3lo de un periodo de sequ\u00eda temporal. Que simplemente tienes que invertir a\u00fan m\u00e1s. M\u00e1s energ\u00eda, m\u00e1s tiempo, m\u00e1s adaptaci\u00f3n. Y no te das cuenta de que cada vez te alejas m\u00e1s de ti mismo.<\/p>\n<p>La congelaci\u00f3n act\u00faa aqu\u00ed como una se\u00f1al de stop. Interrumpe el avance autom\u00e1tico y te obliga a hacer una pausa. No para volcarlo todo de inmediato, sino para comprobar si el camino sigue siendo el correcto.<\/p>\n<h3>Gratitud en lugar de repartir culpas<\/h3>\n<p>Un punto importante en este contexto es la cuesti\u00f3n de la culpa. Si resulta que el verdadero problema no estaba en la relaci\u00f3n, sino en tu propio plan de vida, esto cambia la forma en que miras a la otra persona.<\/p>\n<p>En mi caso, no hab\u00eda amargura, sino al contrario una forma de gratitud. Sin esta relaci\u00f3n, sin este conflicto espec\u00edfico, el desequilibrio fundamental podr\u00eda haber pasado desapercibido durante mucho tiempo. La causa externa fue el desencadenante, no la causa.<\/p>\n<p>Esta distinci\u00f3n es importante. Evita que te echen la culpa despu\u00e9s o que te enredes en una narrativa victimista. En lugar de eso, reconoce que algunos encuentros son se\u00f1ales. Se\u00f1alan algo que hab\u00eda que ver de todos modos.<\/p>\n<h3>Cuando la claridad se vuelve inc\u00f3moda<\/h3>\n<p>La claridad no es un estado agradable. Rara vez se siente alivio, al menos no inmediatamente. A menudo va de la mano de la incertidumbre, de la sensaci\u00f3n de encontrarse en una bifurcaci\u00f3n sin saber exactamente ad\u00f3nde conducir\u00e1 el nuevo camino.<\/p>\n<p>Pero la claridad tiene una ventaja decisiva: es honesta. Y la honestidad es el requisito previo para cualquier decisi\u00f3n viable. Sin la distancia de la congelaci\u00f3n, esta claridad dif\u00edcilmente habr\u00eda sido posible. La cercan\u00eda habr\u00eda enturbiado a\u00fan m\u00e1s las cosas, la din\u00e1mica se habr\u00eda intensificado y la verdadera cuesti\u00f3n habr\u00eda desaparecido bajo capas de conflictos cotidianos.<\/p>\n<h3>Por qu\u00e9 muchos evitan este paso<\/h3>\n<p>Es comprensible que muchas personas reh\u00fayan este paso. Si se est\u00e1 luchando contra el problema equivocado, al menos se puede ser activo. Quien reconoce que el verdadero problema es m\u00e1s profundo, al principio se queda parado. Y quedarse quieto resulta amenazador, sobre todo en una sociedad que confunde movimiento con progreso.<\/p>\n<p>Pero es precisamente este estancamiento el que suele ser el punto de inflexi\u00f3n. No como un estado permanente, sino como una transici\u00f3n. Como un momento en el que dejas de reaccionar reflexivamente y empiezas a plantearte las preguntas adecuadas.<\/p>\n<p>En el pr\u00f3ximo cap\u00edtulo veremos por qu\u00e9 es tan dif\u00edcil reconocer esta visi\u00f3n de t\u00fanel y por qu\u00e9 casi siempre s\u00f3lo nos damos cuenta de ella cuando llevamos mucho tiempo atrapados en ella.<\/p>\n<h2>Visi\u00f3n de t\u00fanel: por qu\u00e9 casi nunca te das cuenta a tiempo<\/h2>\n<p>La visi\u00f3n de t\u00fanel rara vez se produce de repente. No es una ruptura dram\u00e1tica, no es un momento claramente reconocible en el que se pueda decir: A partir de ahora, pienso de forma m\u00e1s restringida. Al contrario. La visi\u00f3n de t\u00fanel se desarrolla gradualmente. Crece con cada responsabilidad adicional, con cada nuevo compromiso, con cada paso que das, aunque en tu interior lleves tiempo sintiendo que algo ya no est\u00e1 bien.<\/p>\n<p>Muchas personas viven durante a\u00f1os en un estado de tensi\u00f3n constante sin darse cuenta de ello. El estr\u00e9s se convierte en un h\u00e1bito. El agotamiento se convierte en ruido de fondo. La insatisfacci\u00f3n se relativiza porque \u201elos dem\u00e1s no est\u00e1n mejor\u201c. Y ah\u00ed radica el peligro: lo que es permanente deja de ser perceptible.<\/p>\n<p>Se trabaja. Se completan las tareas. Cumples las expectativas. Y como todo esto parece estable por fuera, crees que tambi\u00e9n lo eres por dentro. Pero hace tiempo que te has adaptado a un estado que en realidad ser\u00eda una se\u00f1al de alarma.<\/p>\n<h3>La p\u00e9rdida del punto de referencia interior<\/h3>\n<p>La visi\u00f3n de t\u00fanel no significa que dejes de pensar. Al contrario: muchas personas en el t\u00fanel piensan sin parar. Analizan, planifican, optimizan y justifican. Lo que les falta no es actividad, sino un punto de referencia interior.<\/p>\n<p>Este punto de referencia es la sensaci\u00f3n de si algo es fundamentalmente correcto. Si el camino que has elegido sigue siendo viable. Si tu propia energ\u00eda fluye en una direcci\u00f3n que tiene sentido a largo plazo. Si se ignora esta br\u00fajula interior durante un largo periodo de tiempo, no se silencia inmediatamente, pero s\u00ed se vuelve m\u00e1s silenciosa. Y llega un momento en que ya casi no se oye.<\/p>\n<p>En cambio, nos orientamos hacia factores externos: plazos, obligaciones, cifras, expectativas. La vida se vuelve reactiva. Respondes a las demandas en lugar de marcar tu propio rumbo. Y como est\u00e1s constantemente ocupado, no te das cuenta de hasta qu\u00e9 punto se han reducido tus propios horizontes.<\/p>\n<h3>La visi\u00f3n de t\u00fanel suele ser racional<\/h3>\n<p>Un aspecto especialmente insidioso de la visi\u00f3n de t\u00fanel es que a menudo parece razonable. Al fin y al cabo, tienes buenas razones. Puedes explicar por qu\u00e9 act\u00faas como lo haces. Puedes justificar l\u00f3gicamente cada decisi\u00f3n. Y eso es precisamente lo que hace tan dif\u00edcil reconocer el t\u00fanel como tal. Te dices a ti mismo:<\/p>\n<ul>\n<li><em>Ahora no es el momento adecuado.<\/em><\/li>\n<li>O: <em>Todav\u00eda tengo que seguir adelante<\/em><\/li>\n<li>O: <em>Eso ser\u00eda irresponsable en este momento.<\/em><\/li>\n<\/ul>\n<p>Estas frases no son incorrectas. S\u00f3lo son incompletas. Esto se debe a que normalmente s\u00f3lo tienen en cuenta la l\u00f3gica a corto plazo, no el efecto a largo plazo. La visi\u00f3n de t\u00fanel rara vez es irracional. A menudo es excesivamente racional, pero internamente disociada.<\/p>\n<h3>Experiencia de la crisis: cuando la vista se estrecha<\/h3>\n<p>Mirando hacia atr\u00e1s, a menudo se pueden reconocer claramente las fases de visi\u00f3n de t\u00fanel. Mientras se est\u00e1 en medio, casi nunca. Esto tambi\u00e9n se aplica a las crisis graves, como la insolvencia. Ah\u00ed el t\u00fanel es evidente: preocupaciones financieras, presiones externas, preguntas existenciales. Todo gira en torno a una cuesti\u00f3n central y todo lo dem\u00e1s pasa a un segundo plano.<\/p>\n<p>Lo que es menos obvio es que puede formarse un nuevo t\u00fanel mucho despu\u00e9s de tales crisis, m\u00e1s sutil, m\u00e1s silencioso, pero no menos eficaz. La gente se vuelve m\u00e1s cauta, quiz\u00e1 incluso m\u00e1s sabia. La gente evita los riesgos. Se acumula seguridad. Y en alg\u00fan momento ya no se da cuenta de que esas seguridades se han convertido ellas mismas en una limitaci\u00f3n.<\/p>\n<p>La experiencia de crisis anteriores puede ser de doble filo. Protege contra la imprudencia, pero tambi\u00e9n puede llevar a permanecer demasiado tiempo en estructuras que ya no sirven. Por miedo a caer de nuevo en un abismo, la gente prefiere permanecer en el estrecho pasillo conocido, aunque ya no ofrezca perspectivas.<\/p>\n<p><img loading=\"lazy\" decoding=\"async\" class=\"alignnone wp-image-4469 size-large\" src=\"https:\/\/www.markus-schall.de\/wp-content\/uploads\/Freezeout-Tunnelblick.jpg\" alt=\"Visi\u00f3n de t\u00fanel en la crisis\" width=\"1024\" height=\"683\" srcset=\"https:\/\/www.markus-schall.de\/wp-content\/uploads\/Freezeout-Tunnelblick.jpg 1024w, https:\/\/www.markus-schall.de\/wp-content\/uploads\/Freezeout-Tunnelblick-300x200.jpg 300w, https:\/\/www.markus-schall.de\/wp-content\/uploads\/Freezeout-Tunnelblick-768x512.jpg 768w, https:\/\/www.markus-schall.de\/wp-content\/uploads\/Freezeout-Tunnelblick-18x12.jpg 18w\" sizes=\"auto, (max-width: 1024px) 100vw, 1024px\" \/><\/p>\n<h3>Por qu\u00e9 tomas las decisiones equivocadas en el t\u00fanel<\/h3>\n<p>Las decisiones en el t\u00fanel rara vez son completamente err\u00f3neas. Son funcionales. Mantienen el sistema en funcionamiento. Pero a menudo no son sostenibles. Est\u00e1n orientadas a limitar los da\u00f1os, no al desarrollo.<\/p>\n<p>Las decisiones en los t\u00faneles suelen caracterizarse por un horizonte temporal mucho m\u00e1s corto. No se plantean m\u00e1s preguntas:<\/p>\n<p><em>\u00bfD\u00f3nde quiero estar dentro de cinco o diez a\u00f1os?<\/em><\/p>\n<p>S\u00f3lo tienes que preguntar: <em>\u00bfC\u00f3mo supero las pr\u00f3ximas semanas?<\/em><\/p>\n<p>Esta l\u00f3gica tiene sentido en emergencias agudas. Se vuelve problem\u00e1tica cuando se convierte en permanente. Entonces se sacrifica gradualmente la coherencia a largo plazo en favor del alivio a corto plazo. Se aceptan cargas que no se habr\u00edan aceptado en el pasado. Se baja el list\u00f3n, no conscientemente, sino por agotamiento.<\/p>\n<h3>La ilusi\u00f3n del control<\/h3>\n<p>Otro efecto de la visi\u00f3n de t\u00fanel es la ilusi\u00f3n de control. Tienes la sensaci\u00f3n de tenerlo todo bajo control porque intervienes constantemente. Supervisas, corriges y reaccionas. Quedarse quieto resulta peligroso porque parece que te quita el control.<\/p>\n<p>En realidad, suele ser al rev\u00e9s. Cuanto m\u00e1s estrecho es el t\u00fanel, menos control real se tiene. Nos impulsan las circunstancias externas, las presiones internas y las obligaciones autoimpuestas. La actividad constante no sustituye la falta de direcci\u00f3n, s\u00f3lo la enmascara.<\/p>\n<p>Una congelaci\u00f3n tiene el efecto de una p\u00e9rdida temporal de control. Y precisamente por eso a muchas personas les resulta tan dif\u00edcil. Los que est\u00e1n acostumbrados al t\u00fanel perciben inicialmente la salida como una amenaza. S\u00f3lo con un poco de distancia queda claro que no se trataba de una capitulaci\u00f3n, sino de una correcci\u00f3n necesaria del rumbo.<\/p>\n<h3>Por qu\u00e9 los de fuera ven antes el t\u00fanel<\/h3>\n<p>Curiosamente, las personas ajenas a la situaci\u00f3n suelen reconocer la visi\u00f3n de t\u00fanel antes que los propios afectados. Notan que alguien est\u00e1 m\u00e1s irritable, menos flexible, menos abierto a nuevas ideas. Perciben que las conversaciones giran en c\u00edrculos, que todas las alternativas se rechazan de inmediato.<\/p>\n<p>Sin embargo, las sugerencias del exterior suelen rebotar. No por obstinaci\u00f3n, sino porque no encajan en el sistema de coordenadas interno. Si est\u00e1s atrapado en un t\u00fanel, s\u00f3lo escuchas lo que encaja en la l\u00f3gica actual. Todo lo dem\u00e1s parece poco realista, ingenuo o irresponsable.<\/p>\n<p>S\u00f3lo cuando el nivel de est\u00edmulo desciende -por ejemplo, a trav\u00e9s de la distancia, el descanso o una pausa consciente en la vida cotidiana- hay espacio para otras perspectivas. Y aqu\u00ed es donde empieza el verdadero beneficio de una congelaci\u00f3n.<\/p>\n<h3>La primera vista sobre el borde del t\u00fanel<\/h3>\n<p>El momento en que uno reconoce que el t\u00fanel es un t\u00fanel no suele ser espectacular. No es un gran momento de sorpresa, sino m\u00e1s bien un choque silencioso. Te das cuenta: pensaba tan estrechamente. No por estupidez. Sino por sobrecarga.<\/p>\n<p>Este momento es valioso, aunque sea desagradable. Porque muestra que tu visi\u00f3n interior se ha ampliado de nuevo. Que empiezas a ver conexiones que antes estaban ocultas. Que puedes volver a ver alternativas, aunque a\u00fan no puedas comprenderlas.<\/p>\n<p>La congelaci\u00f3n no es la soluci\u00f3n. Pero a menudo es el primer paso para salir del t\u00fanel. No porque proporcione respuestas, sino porque crea las condiciones para volver a plantearse preguntas que van m\u00e1s all\u00e1 del funcionamiento inmediato.<\/p>\n<p>En el pr\u00f3ximo cap\u00edtulo veremos por qu\u00e9 es tan dif\u00edcil mantener la distancia en la cultura actual y por qu\u00e9 es, sin embargo, una de las formas m\u00e1s antiguas y fiables de autorresponsabilidad.<\/p>\n<h2>La distancia no es una escapatoria<\/h2>\n<p>Vivimos en una \u00e9poca en la que la accesibilidad casi se equipara a la fiabilidad. Los que responden con rapidez se consideran comprometidos. Los que responden inmediatamente son considerados responsables. Los que evitan ser contactados tienen que explicar, justificar y dar razones. La distancia se ha convertido en una necesidad de explicaci\u00f3n.<\/p>\n<p>Esta expectativa no s\u00f3lo afecta al contexto profesional, sino que tambi\u00e9n se extiende a la esfera privada. Las relaciones, las amistades e incluso los lazos familiares est\u00e1n sometidos a la presi\u00f3n t\u00e1cita de estar disponibles en todo momento, tanto emocional como comunicativamente. Quien se retrae, aunque sea temporalmente, se arriesga a malentendidos. O peor a\u00fan: un juicio moral.<\/p>\n<p>Hist\u00f3ricamente, esta proximidad permanente es m\u00e1s la excepci\u00f3n que la regla.<\/p>\n<p>Hace apenas unas generaciones, era completamente normal retraerse. No de forma demostrativa, ni dram\u00e1tica, sino simplemente como parte de un ritmo de vida saludable. Te encerrabas en ti mismo. Te tomabas tu tiempo. No estabas disponible durante un tiempo, sin que esto se interpretara inmediatamente como un problema.<\/p>\n<p>Este retiro no ten\u00eda nada que ver con la evasi\u00f3n. Era la expresi\u00f3n de un sentido de la responsabilidad. Quien se daba cuenta de que estaba perdiendo la visi\u00f3n de conjunto se retiraba, se recog\u00eda y pon\u00eda en orden sus pensamientos. S\u00f3lo entonces hablaba, decid\u00eda y actuaba.<\/p>\n<p>Hoy en d\u00eda, este comportamiento parece casi ajeno a mucha gente. Como si tuvieras que justificarte si no reaccionas inmediatamente. Como si mantener las distancias fuera en s\u00ed mismo un signo de debilidad o de falta de compromiso.<\/p>\n<h3>El error moderno: moverse siempre es mejor que quedarse quieto<\/h3>\n<p>Un error cultural central de nuestro tiempo es la equiparaci\u00f3n del movimiento con el progreso. Los que act\u00faan se consideran activos. Los que se detienen son pasivos. Los que siguen hablando son vistos como orientados a la soluci\u00f3n. A los que callan se les considera problem\u00e1ticos. Esto pasa por alto algo esencial: no todos los movimientos conducen al progreso. Tambi\u00e9n se puede dar vueltas en c\u00edrculos muy r\u00e1pidamente. O meterse cada vez m\u00e1s en un callej\u00f3n sin salida.<\/p>\n<p>Esta idea err\u00f3nea se refuerza en las crisis. Quedarse quieto se percibe como una amenaza, como una p\u00e9rdida de control. As\u00ed que sigues hablando, explicando y reaccionando, aunque hace tiempo que te has dado cuenta de que cada vez te alejas m\u00e1s de la claridad.<\/p>\n<p>En este contexto, un \"freeze-out\" es como romper las reglas. Contradice la expectativa de estar constantemente presente. Y precisamente por eso se malinterpreta tan a menudo.<\/p>\n<h3>Por qu\u00e9 la distancia parece hoy casi sospechosa<\/h3>\n<p>La distancia tiene un problema de imagen en nuestra cultura. Se equipara r\u00e1pidamente con desinter\u00e9s, devaluaci\u00f3n o frialdad emocional. Especialmente en las relaciones, surge el temor de que si ahora mantengo la distancia, estoy enviando una se\u00f1al equivocada.<\/p>\n<p>Este temor no es infundado, porque la comunicaci\u00f3n hoy en d\u00eda est\u00e1 tan condensada que cada hueco se interpreta inmediatamente. El silencio no se entiende como espacio, sino como declaraci\u00f3n. Y se supone que quien no dice nada ya lo ha dicho todo. Esto lleva a una situaci\u00f3n parad\u00f3jica: la gente sigue conversando aunque est\u00e9 vac\u00eda por dentro. Discuten aunque ya no perciban nada. Se explican aunque ya no se entiendan a s\u00ed mismos. Y todo ello s\u00f3lo para evitar enviar una se\u00f1al equivocada.<\/p>\n<p>Sin embargo, la verdadera se\u00f1al equivocada suele ser precisamente \u00e9sta: seguir adelante, aunque hace tiempo que has perdido terreno por dentro.<\/p>\n<p><img loading=\"lazy\" decoding=\"async\" class=\"alignnone wp-image-4470 size-large\" src=\"https:\/\/www.markus-schall.de\/wp-content\/uploads\/Freezeout-Selbstreflexion.jpg\" alt=\"Distancia y autorreflexi\u00f3n\" width=\"1024\" height=\"683\" srcset=\"https:\/\/www.markus-schall.de\/wp-content\/uploads\/Freezeout-Selbstreflexion.jpg 1024w, https:\/\/www.markus-schall.de\/wp-content\/uploads\/Freezeout-Selbstreflexion-300x200.jpg 300w, https:\/\/www.markus-schall.de\/wp-content\/uploads\/Freezeout-Selbstreflexion-768x512.jpg 768w, https:\/\/www.markus-schall.de\/wp-content\/uploads\/Freezeout-Selbstreflexion-18x12.jpg 18w\" sizes=\"auto, (max-width: 1024px) 100vw, 1024px\" \/><\/p>\n<h3>La distancia como forma de responsabilidad<\/h3>\n<p>La distancia no significa eludir la responsabilidad. Al contrario: puede ser la expresi\u00f3n de una responsabilidad m\u00e1s profunda. Responsabilidad no en el sentido de <em>\u201ePuedo con todo\u201c<\/em>, sino en el sentido de<\/p>\n<blockquote><p><em>\u201eNo act\u00fao si no conf\u00edo en m\u00ed mismo\u201c<\/em>.<\/p><\/blockquote>\n<p>Es una diferencia sutil pero crucial.<\/p>\n<p>Los que siguen tomando decisiones en medio del caos interno no est\u00e1n asumiendo responsabilidades, est\u00e1n repartiendo riesgos. Trasladan la incertidumbre al exterior. Vinculan a otras personas a una situaci\u00f3n que ellos mismos no han aclarado.<\/p>\n<p>Una congelaci\u00f3n dice en cambio: Puedo soportar este estado durante un breve periodo de tiempo para poder actuar limpiamente m\u00e1s tarde. Eso no es una debilidad. Es autogesti\u00f3n.<\/p>\n<h3>El miedo al ralent\u00ed<\/h3>\n<p>Otra raz\u00f3n por la que la distancia es tan dif\u00edcil es el miedo a quedarse de brazos cruzados. En el silencio surgen preguntas que se han logrado ocultar en la vida cotidiana. Dudas que no ten\u00edan cabida. Pensamientos que incomodan.<\/p>\n<p>El intercambio permanente protege contra estas cuestiones. Mantiene alto el nivel de ruido interno. La distancia, en cambio, lo baja. Y de repente oyes cosas que no quer\u00edas o\u00edr durante mucho tiempo.<\/p>\n<p>Muchas personas evitan este momento, no por cobard\u00eda, sino porque se sienten abrumadas. Porque una vez que te detienes de verdad por un momento, no puedes garantizar que todo siga como antes. Y aqu\u00ed es precisamente donde reside el verdadero poder explosivo de la distancia: hace posible el cambio sin forzarlo.<\/p>\n<h3>Sin retirada para siempre<\/h3>\n<p>Es importante hacer una categorizaci\u00f3n clara en este punto: la distancia no es un estado permanente. La congelaci\u00f3n no es un modo de vida. Es una fase, no un objetivo. Los que se distancian permanentemente pierden el contacto, con los dem\u00e1s y, en alg\u00fan momento, consigo mismos. El valor del distanciamiento social reside en sus limitaciones. En la decisi\u00f3n consciente de no reaccionar, no aclarar, no funcionar durante un cierto periodo de tiempo.<\/p>\n<p>Y luego -con m\u00e1s orden interior- volver a entablar una relaci\u00f3n. O para tomar una decisi\u00f3n que antes no era posible.<\/p>\n<h3>La distancia como contramovimiento cultural<\/h3>\n<p>En una \u00e9poca que favorece la presencia permanente, la distancia es casi un movimiento contrario. No por protesta, sino por necesidad. Es un recordatorio de que la claridad no viene de la velocidad, sino de la profundidad.<\/p>\n<p>Quiz\u00e1 sea \u00e9sta una de las razones por las que el distanciamiento social parece tan inusual hoy en d\u00eda: requiere algo que ya casi no practicamos: paciencia con nosotros mismos. Y el valor de no hacer nada por un momento para poder hacer lo correcto despu\u00e9s.<\/p>\n<p>En el pr\u00f3ximo cap\u00edtulo veremos c\u00f3mo puede ser el distanciamiento en la pr\u00e1ctica: sin dramatizaciones, sin grandes gestos, sin la mec\u00e1nica del asesoramiento. En su lugar, se trata de una pr\u00e1ctica sencilla y realizable que crea espacio en la mente en lugar de nuevas exigencias.<\/p>\n<h3>Ganar distancia - encontrar claridad<\/h3>\n<p>Este v\u00eddeo trata de algo que a menudo se subestima en la vida cotidiana: la distancia consciente. Te mostramos por qu\u00e9 la distancia no tiene por qu\u00e9 ser una retirada, sino que puede ser un requisito previo para recuperar la paz interior, la claridad y el equilibrio.<\/p>\n<div class=\"lyte-wrapper\" style=\"width:640px;max-width:100%;margin:5px;\"><div class=\"lyMe\" id=\"WYL_YIwZJOQUsHE\"><div id=\"lyte_YIwZJOQUsHE\" data-src=\"https:\/\/www.markus-schall.de\/wp-content\/plugins\/wp-youtube-lyte\/lyteCache.php?origThumbUrl=%2F%2Fi.ytimg.com%2Fvi%2FYIwZJOQUsHE%2Fhqdefault.jpg\" class=\"pL\"><div class=\"tC\"><div class=\"tT\"><\/div><\/div><div class=\"play\"><\/div><div class=\"ctrl\"><div class=\"Lctrl\"><\/div><div class=\"Rctrl\"><\/div><\/div><\/div><noscript><a href=\"https:\/\/youtu.be\/YIwZJOQUsHE\" rel=\"nofollow noopener\" target=\"_blank\"><img loading=\"lazy\" decoding=\"async\" src=\"https:\/\/www.markus-schall.de\/wp-content\/plugins\/wp-youtube-lyte\/lyteCache.php?origThumbUrl=https%3A%2F%2Fi.ytimg.com%2Fvi%2FYIwZJOQUsHE%2F0.jpg\" alt=\"Miniatura de v\u00eddeo de YouTube\" width=\"640\" height=\"340\" \/><br \/>Ver este v\u00eddeo en YouTube<\/a><\/noscript><\/div><\/div><div class=\"lL\" style=\"max-width:100%;width:640px;margin:5px;\"><\/div><br \/>\nAs\u00ed puedes ganar distancia y distancia <a href=\"https:\/\/www.youtube.com\/@LukasRick\" target=\"_blank\" rel=\"nofollow noopener\">Psicoterapia Lukas Rick<\/a><\/p>\n<p>Mediante ejemplos pr\u00e1cticos e impulsos calmados, el objetivo es desvincularse temporalmente de situaciones, pensamientos o din\u00e1micas estresantes para volver a sentir el propio punto de vista. El v\u00eddeo complementa el art\u00edculo mostrando formas concretas en las que los l\u00edmites saludables, la autorreflexi\u00f3n y la atenci\u00f3n plena pueden ayudarte a organizar tu vida de forma m\u00e1s consciente y a tomar decisiones sostenibles para tu propio bienestar.<\/p>\n<h2>Distancia pr\u00e1ctica: c\u00f3mo puede ser una congelaci\u00f3n en la pr\u00e1ctica<\/h2>\n<p>Cuando hablamos de distanciamiento, mucha gente piensa inmediatamente en medidas radicales. Separaciones, tomarse meses libres, cortar el contacto por completo. Esto es desalentador y hace que la gente prefiera no cambiar nada. Sin embargo, el verdadero valor del distanciamiento reside a menudo en su sencillez.<\/p>\n<p>La distancia no tiene por qu\u00e9 ser espectacular. No tiene por qu\u00e9 anunciarse como un punto de inflexi\u00f3n en la vida. En muchos casos, una peque\u00f1a pero clara interrupci\u00f3n de lo familiar basta para darnos un soplo de aire fresco. Lo decisivo no es el tama\u00f1o del paso, sino su consecuencia.<\/p>\n<p>Una congelaci\u00f3n no es eficaz porque sea dram\u00e1tica, sino porque crea espacio de forma sistem\u00e1tica.<\/p>\n<h3>Pausas breves y por qu\u00e9 a veces son suficientes<\/h3>\n<p>A veces basta con una interrupci\u00f3n muy breve. Una hora sin di\u00e1logo. Una tarde sin conversaci\u00f3n. Un paseo sin m\u00fasica, sin podcast, sin distracciones. A menudo se subestiman estas mini pausas, pero pueden ser sorprendentemente eficaces en situaciones agudas.<\/p>\n<p>Especialmente las personas que est\u00e1n constantemente bajo presi\u00f3n se dan cuenta por primera vez en esos momentos de lo alto que es realmente su nivel de ruido interior. S\u00f3lo cuando disminuye, uno se da cuenta de hasta qu\u00e9 punto estaba atrapado en el modo de reacci\u00f3n.<\/p>\n<p>Estas breves pausas no sustituyen a una mayor distancia, pero pueden ser una primera prueba. Una aproximaci\u00f3n prudente a la experiencia de lo que se siente al no tener que reaccionar inmediatamente.<\/p>\n<h3>Cuando un fin de semana trae m\u00e1s de cien conversaciones<\/h3>\n<p>En otros casos, una hora no es suficiente. Puedes sentir que la cabeza te sigue dando vueltas, que tus pensamientos no se calman. Entonces puede tener sentido tomarse un descanso m\u00e1s largo: un fin de semana a solas, por ejemplo.<\/p>\n<p>A menudo, un cambio de lugar hace maravillas. No porque resuelva los problemas, sino porque interrumpe los est\u00edmulos familiares. Un entorno diferente, ruidos diferentes, rutinas diferentes. Un peque\u00f1o Airbnb, una pensi\u00f3n, un lugar donde no tengas que dar explicaciones a nadie.<\/p>\n<p>El lugar es menos importante que la actitud: este fin de semana no es de vacaciones, pero tampoco de autooptimizaci\u00f3n. No se trata de hacer planes ni de forzar soluciones. Se trata de crear espacio.<\/p>\n<p>Muchas personas se sorprenden de lo r\u00e1pido que se reduce la presi\u00f3n interior cuando se elimina la din\u00e1mica cotidiana. No todo se aclara, pero algunas cosas se calman. Y ese suele ser el primer paso hacia la claridad.<\/p>\n<h3>Lo que debe evitar conscientemente durante este tiempo<\/h3>\n<p>Una congelaci\u00f3n no es un proyecto. No necesita un programa ni un plan. Al contrario: cuanto m\u00e1s intentes \u201eutilizarla\u201c, m\u00e1s r\u00e1pido perder\u00e1 su efecto. Hay algunas cosas que debes abstenerte conscientemente de hacer durante esta fase:<\/p>\n<ul>\n<li>Ninguna decisi\u00f3n fundamental<\/li>\n<li>Sin largos debates internos<\/li>\n<li>Sin justificaciones mentales ante los dem\u00e1s<\/li>\n<li>Sin simulacros de entrevistas mentales<\/li>\n<\/ul>\n<p>Todo esto mantiene vivo el modo antiguo. Internamente, sigues en la relaci\u00f3n, en el conflicto, en el problema, aunque te hayas distanciado externamente.<\/p>\n<p>El prop\u00f3sito de la congelaci\u00f3n no es pensar en la situaci\u00f3n, sino reconocer tu propio estado.<\/p>\n<h3>Percibir en lugar de analizar<\/h3>\n<p>Muchas personas est\u00e1n acostumbradas a abordar los problemas de forma anal\u00edtica. Esto es un punto fuerte en fases estables. En las crisis, puede convertirse en una trampa. Analizar sin calma interior rara vez conduce a la comprensi\u00f3n. Por lo general, s\u00f3lo produce m\u00e1s bucles de pensamiento. Por lo tanto, la fase de distanciamiento trata de otra cosa: de la percepci\u00f3n.<\/p>\n<ul>\n<li>\u00bfC\u00f3mo se siente el cuerpo cuando no hay intercambio?<\/li>\n<li>\u00bfLa inquietud interior es cada vez menor o mayor?<\/li>\n<li>\u00bfSiguen reapareciendo ciertos pensamientos, o desaparecen?<\/li>\n<\/ul>\n<p>Estas observaciones suelen ser m\u00e1s significativas que cualquier an\u00e1lisis. Muestran d\u00f3nde est\u00e1 la verdadera tensi\u00f3n. No de forma l\u00f3gica, sino tangible.<\/p>\n<h3>No forzar una aclaraci\u00f3n inmediata<\/h3>\n<p>Un error com\u00fan es considerar la congelaci\u00f3n como preparaci\u00f3n para una \u201egran conversaci\u00f3n aclaratoria\u201c. Esto crea presi\u00f3n y devuelve la din\u00e1mica demasiado pronto. La claridad no llega cuando se ordena. A menudo surge indirectamente. De repente te das cuenta de que algunos temas pierden importancia. O que afloran otras cuestiones que antes apenas eran visibles.<\/p>\n<p>Este cambio debe tomarse en serio. No es un signo de represi\u00f3n, sino de reorganizaci\u00f3n. Si lo solapas con conversaciones demasiado pronto, corres el riesgo de volver a caer en los viejos patrones.<\/p>\n<h3>El momento oportuno para volver<\/h3>\n<p>La distancia no termina autom\u00e1ticamente al cabo de cierto tiempo. No hay una medida fija. A menudo, el momento adecuado para volver al intercambio se reconoce por el hecho de que ya no es necesario, sino que se puede.<\/p>\n<p>Sientes que puedes volver a escuchar sin perderte. Que puedes hablar sin tener que justificarte. Que puedes hacer preguntas sin necesitar respuestas inmediatamente.<\/p>\n<p>No es un estado perfecto. Pero es lo suficientemente estable como para volver a entablar una relaci\u00f3n, ya sea en forma de conversaci\u00f3n, de decisi\u00f3n o incluso de separaci\u00f3n, que entonces no se hace por emoci\u00f3n.<\/p>\n<h3>La distancia como pr\u00e1ctica repetible<\/h3>\n<p>La congelaci\u00f3n no es una herramienta aislada. Puede formar parte de una manera m\u00e1s consciente de afrontar las crisis. No autom\u00e1ticamente, sino como una opci\u00f3n. Como una opci\u00f3n de la que eres consciente y que puedes utilizar cuando te das cuenta de que tu visi\u00f3n se est\u00e1 estrechando de nuevo.<\/p>\n<p>Mirando hacia atr\u00e1s, muchas personas afirman que ojal\u00e1 hubieran dado este paso antes. No porque lo hubiera solucionado todo, sino porque habr\u00eda evitado que se perdieran durante m\u00e1s tiempo.<\/p>\n<p><img loading=\"lazy\" decoding=\"async\" class=\"alignnone wp-image-4204 size-large\" src=\"https:\/\/www.markus-schall.de\/wp-content\/uploads\/KI-fuer-Einsteiger-Smartphone.jpg\" alt=\"\" width=\"1024\" height=\"683\" srcset=\"https:\/\/www.markus-schall.de\/wp-content\/uploads\/KI-fuer-Einsteiger-Smartphone.jpg 1024w, https:\/\/www.markus-schall.de\/wp-content\/uploads\/KI-fuer-Einsteiger-Smartphone-300x200.jpg 300w, https:\/\/www.markus-schall.de\/wp-content\/uploads\/KI-fuer-Einsteiger-Smartphone-768x512.jpg 768w, https:\/\/www.markus-schall.de\/wp-content\/uploads\/KI-fuer-Einsteiger-Smartphone-18x12.jpg 18w\" sizes=\"auto, (max-width: 1024px) 100vw, 1024px\" \/><\/p>\n<h2>Autorreflexi\u00f3n con IA: un espacio de pensamiento moderno en congelaci\u00f3n<\/h2>\n<p>El distanciamiento no significa que te repliegues completamente sobre ti mismo. Distanciarse de la gente no significa necesariamente distanciarse de la reflexi\u00f3n. Especialmente cuando est\u00e1s solo, puede ser \u00fatil estructurar tu di\u00e1logo interior, no a trav\u00e9s de la distracci\u00f3n, sino a trav\u00e9s de un interlocutor que escuche sin reaccionar, juzgar o tener expectativas.<\/p>\n<p>Utilizada correctamente, la IA puede desempe\u00f1ar aqu\u00ed un papel incre\u00edblemente \u00fatil. No como consejera, ni como sustituta de tus propias decisiones, sino como espejo. Como una herramienta para organizar los pensamientos, hacer visibles los puntos ciegos y reconocer las conexiones m\u00e1s r\u00e1pido de lo que a menudo se puede hacer en una reflexi\u00f3n silenciosa.<\/p>\n<h3>Por qu\u00e9 hablar con uno mismo en la cabeza a menudo da vueltas en c\u00edrculo<\/h3>\n<p>Muchas personas utilizan la distancia para \u201epensar\u201c. Sin embargo, lo que hacen a menudo es otra cosa: repiten los mismos bucles de pensamiento. Los mismos argumentos, las mismas justificaciones, las mismas preocupaciones una y otra vez. Esto no es verdadera reflexi\u00f3n, sino autoocupaci\u00f3n mental.<\/p>\n<p>La raz\u00f3n es sencilla: tu propia mente rara vez se plantea preguntas nuevas. Confirma lo que ya sabe. Especialmente en las crisis, estamos internamente sesgados a favor de ciertas explicaciones y en contra de otras. La inteligencia artificial puede llenar este vac\u00edo, no porque sea m\u00e1s inteligente, sino porque plantea preguntas diferentes.<\/p>\n<h3>La IA como interlocutor estructurado<\/h3>\n<p>La gran ventaja de la IA en una fase de congelaci\u00f3n reside en su neutralidad. No est\u00e1 implicada emocionalmente. No se siente atacada. No reacciona a la defensiva. Y est\u00e1 disponible en todo momento sin exigir nada.<\/p>\n<p>Cuando empiezas a describir tu propia situaci\u00f3n a la IA -con calma, objetivamente, sin dramatizar- suele surgir r\u00e1pidamente algo que es dif\u00edcil de conseguir s\u00f3lo con la cabeza: la estructura. Los pensamientos que antes eran vagos se hacen m\u00e1s tangibles. Las contradicciones se hacen visibles. Y a veces te das cuenta de repente de que llevas semanas d\u00e1ndole vueltas a una pregunta que nunca hab\u00edas formulado con claridad.<\/p>\n<h3>M\u00e1s r\u00e1pido hasta la m\u00e9dula: sin atajos<\/h3>\n<p>Una objeci\u00f3n habitual es: \u201eTienes que aclararlo t\u00fa solo\u201c. Es cierto, pero aclarar las cosas no significa averiguarlo todo por tu cuenta. La IA no te quita decisiones de las manos. No sustituye a la responsabilidad. Pero puede ayudarle a llegar m\u00e1s r\u00e1pidamente al meollo de la cuesti\u00f3n.<\/p>\n<p>Esto es especialmente evidente en el \u00e1mbito profesional. Muchas personas se sienten insatisfechas, pero no saben cu\u00e1l es la causa. \u00bfEs el trabajo? \u00bfLa estructura? \u00bfLa responsabilidad? \u00bfO su propio nivel de expectativas? Un di\u00e1logo sobre IA bien llevado puede separar estos niveles y hacer visible lo que de otro modo quedar\u00eda difuminado.<\/p>\n<p>Lo mismo ocurre en el \u00e1mbito privado. En lugar de pensar de forma generalizada que \u201eya no todo vale\u201c, se puede diferenciar con la ayuda de la IA: \u00bfQu\u00e9 es exactamente lo que no encaja? \u00bfDesde cu\u00e1ndo? \u00bfEn qu\u00e9 situaciones en concreto? Estas preguntas son inc\u00f3modas, pero ponen en movimiento estructuras de pensamiento arraigadas.<\/p>\n<h3>No es una terapia, pero es una herramienta eficaz<\/h3>\n<p>Es importante hacer una categorizaci\u00f3n clara: la IA no es una terapia. No sustituye a la ayuda profesional ni al di\u00e1logo humano cuando \u00e9ste es necesario. Pero es una herramienta que puede infravalorarse si s\u00f3lo se utiliza como fuente de informaci\u00f3n.<\/p>\n<p>Utilizada correctamente, la IA puede ayudar a acelerar los procesos internos sin acortarlos. Obliga a formular. Y quien formula algo debe tener al menos una comprensi\u00f3n rudimentaria de ello. Muchos conocimientos no se obtienen a trav\u00e9s de respuestas, sino formulando la pregunta adecuada.<\/p>\n<hr \/>\n<h3>Encuesta actual sobre el uso de sistemas locales de IA<\/h3>\n<div class='bootstrap-yop yop-poll-mc'>\n\t\t\t\t\t\t\t<div class=\"basic-yop-poll-container\" style=\"background-color:#ffffff; border:0px; border-style:solid; border-color:#000000; border-radius:5px; padding:0px 5px;\" data-id=\"9\" data-temp=\"basic-pretty\" data-skin=\"square\" data-cscheme=\"blue\" data-cap=\"0\" data-access=\"guest\" data-tid=\"\" data-uid=\"65803d067fd36dbe5a694296fb0a4595\" data-pid=\"5212\" data-resdet=\"votes-number,percentages\" data-show-results-to=\"guest\" data-show-results-moment=\"after-vote\" data-show-results-only=\"false\" data-show-message=\"true\" data-show-results-as=\"bar\" data-sort-results-by=\"as-defined\" data-sort-results-rule=\"asc\"data-is-ended=\"0\" data-percentages-decimals=\"2\" data-gdpr=\"no\" data-gdpr-sol=\"consent\" data-css=\".basic-yop-poll-container[data-uid] .basic-vote {\t\t\t\t\t\t\t\t\ttext-align: center;\t\t\t\t\t\t\t\t}\" data-counter=\"0\" data-load-with=\"1\" data-notification-section=\"top\"><div class=\"row\"><div class=\"col-md-12\"><div class=\"basic-inner\"><div class=\"basic-message hide\" style=\"border-left: 10px solid #008000; padding: 0px 10px;\" data-error=\"#ff0000\" data-success=\"#008000\"><p class=\"basic-message-text\" style=\"color:#000000; font-size:14px; font-weight:normal;\"><\/p><\/div><div class=\"basic-overlay hide\"><div class=\"basic-vote-options\"><\/div><div class=\"basic-preloader\"><div class=\"basic-windows8\"><div class=\"basic-wBall basic-wBall_1\"><div class=\"basic-wInnerBall\"><\/div><\/div><div class=\"basic-wBall basic-wBall_2\"><div class=\"basic-wInnerBall\"><\/div><\/div><div class=\"basic-wBall basic-wBall_3\"><div class=\"basic-wInnerBall\"><\/div><\/div><div class=\"basic-wBall basic-wBall_4\"><div class=\"basic-wInnerBall\"><\/div><\/div><div class=\"basic-wBall basic-wBall_5\"><div class=\"basic-wInnerBall\"><\/div><\/div><\/div><\/div><\/div><form class=\"basic-form\" action=\"\"><input type=\"hidden\" name=\"_token\" value=\"683cbd28ef\" autocomplete=\"off\"><div class=\"basic-elements\"><div class=\"basic-element basic-question basic-question-text-vertical\" data-id=\"9\" data-uid=\"b70514747bbc760fdc3f50e008fa0e5a\" data-type=\"question\" data-question-type=\"text\" data-required=\"yes\" data-allow-multiple=\"no\" data-min=\"1\" data-max=\"7\" data-display=\"vertical\" data-colnum=\"\" data-display-others=\"no\" data-others-color=\"\" data-others=\"\" data-others-max-chars=\"0\"><div class=\"basic-question-title\"><h5 style=\"color:#000000; font-size:16px; font-weight:normal; text-align:left;\">\u00bfQu\u00e9 opina de la ejecuci\u00f3n local de programas de IA como MLX o Ollama?<\/h5><\/div><ul class=\"basic-answers\"><li class=\"basic-answer\" style=\"padding:0px 0px;\" data-id=\"45\" data-type=\"text\" data-vn=\"141\" data-color=\"#000000\" data-make-link=\"no\" data-link=\"\"><div class=\"basic-answer-content basic-text-vertical\"><label for=\"answer[45]\" class=\"basic-answer-label\"><input type=\"radio\" id=\"answer[45]\" name=\"answer[9]\" value=\"45\"><span class=\"basic-text\" style=\"color: #000000; font-size: 14px; font-weight: normal;\">Ingenioso: por fin independiente de la nube<\/span><\/label><\/div><\/li><li class=\"basic-answer\" style=\"padding:0px 0px;\" data-id=\"46\" data-type=\"text\" data-vn=\"25\" data-color=\"#000000\" data-make-link=\"no\" data-link=\"\"><div class=\"basic-answer-content basic-text-vertical\"><label for=\"answer[46]\" class=\"basic-answer-label\"><input type=\"radio\" id=\"answer[46]\" name=\"answer[9]\" value=\"46\"><span class=\"basic-text\" style=\"color: #000000; font-size: 14px; font-weight: normal;\">Interesante, pero (a\u00fan) demasiado complicado<\/span><\/label><\/div><\/li><li class=\"basic-answer\" style=\"padding:0px 0px;\" data-id=\"47\" data-type=\"text\" data-vn=\"28\" data-color=\"#000000\" data-make-link=\"no\" data-link=\"\"><div class=\"basic-answer-content basic-text-vertical\"><label for=\"answer[47]\" class=\"basic-answer-label\"><input type=\"radio\" id=\"answer[47]\" name=\"answer[9]\" value=\"47\"><span class=\"basic-text\" style=\"color: #000000; font-size: 14px; font-weight: normal;\">Lo probar\u00e9 pronto<\/span><\/label><\/div><\/li><li class=\"basic-answer\" style=\"padding:0px 0px;\" data-id=\"48\" data-type=\"text\" data-vn=\"5\" data-color=\"#000000\" data-make-link=\"no\" data-link=\"\"><div class=\"basic-answer-content basic-text-vertical\"><label for=\"answer[48]\" class=\"basic-answer-label\"><input type=\"radio\" id=\"answer[48]\" name=\"answer[9]\" value=\"48\"><span class=\"basic-text\" style=\"color: #000000; font-size: 14px; font-weight: normal;\">No lo necesito, con la nube me basta<\/span><\/label><\/div><\/li><li class=\"basic-answer\" style=\"padding:0px 0px;\" data-id=\"49\" data-type=\"text\" data-vn=\"4\" data-color=\"#000000\" data-make-link=\"no\" data-link=\"\"><div class=\"basic-answer-content basic-text-vertical\"><label for=\"answer[49]\" class=\"basic-answer-label\"><input type=\"radio\" id=\"answer[49]\" name=\"answer[9]\" value=\"49\"><span class=\"basic-text\" style=\"color: #000000; font-size: 14px; font-weight: normal;\">No s\u00e9 exactamente de qu\u00e9 se trata.<\/span><\/label><\/div><\/li><\/ul><\/div><div class=\"clearfix\"><\/div><\/div><div class=\"basic-vote\"><a href=\"#\" class=\"button basic-vote-button\" role=\"button\" style=\"background:#027bb8; border:0px; border-style: solid; border-color:#000000; border-radius:5px; padding:10px 10px; color:#ffffff; font-size:14px; font-weight:normal;\">Vote<\/a><\/div><input type=\"hidden\" name=\"trp-form-language\" value=\"es\"\/><\/form><\/div><\/div><\/div><\/div>\n\t\t\t\t\t\t<\/div>\n<hr \/>\n<h3>La actitud determina el beneficio<\/h3>\n<p>La utilidad de la IA en una fase de congelaci\u00f3n depende menos de la herramienta que de la actitud. Los que utilizan la IA para obtener una confirmaci\u00f3n r\u00e1pida ganar\u00e1n poco. Los que la utilizan para permitir preguntas inc\u00f3modas pueden llegar sorprendentemente lejos.<\/p>\n<p>Es \u00fatil no empezar con un objetivo, sino con la mente abierta. No lo hagas: <em>\u201eDime qu\u00e9 hacer\u201c.\u201c<\/em><\/p>\n<p>Sino m\u00e1s bien: <em>\u201eAy\u00fadame a entender lo que realmente est\u00e1 pasando aqu\u00ed\u201c.\u201c<\/em><\/p>\n<p>Esta actitud va bien con la propia congelaci\u00f3n. Ambas no son una huida hacia delante, sino un movimiento hacia dentro, apoyado en la estructura y no en la distracci\u00f3n.<\/p>\n<h3>Un espacio de reflexi\u00f3n moderno y tranquilo<\/h3>\n<p>En el pasado, puede que buscaras un mentor, escribieras en un diario o dieras largos paseos. Todo esto sigue teniendo su valor. La IA complementa estas formas, pero no las sustituye. Ofrece un espacio tranquilo para pensar que est\u00e1 disponible en todo momento, sin din\u00e1micas ni expectativas sociales.<\/p>\n<p>Esto puede ser especialmente aliviador durante los periodos de distanciamiento. Puedes probar ideas, descartarlas, reformularlas... sin consecuencias. Y a veces es precisamente esta libertad la que te permite ser m\u00e1s sincero contigo mismo de lo que podr\u00edas serlo hablando con los dem\u00e1s.<\/p>\n<p>En este sentido, la IA no es un cuerpo extra\u00f1o en la congelaci\u00f3n, sino una extensi\u00f3n contempor\u00e1nea: una herramienta que no s\u00f3lo ayuda a mantener la distancia, sino tambi\u00e9n a utilizarla con sensatez.<\/p>\n<h2>Lo que es posible tras una congelaci\u00f3n<\/h2>\n<p>La claridad rara vez se anuncia con grandes palabras. No llega como una epifan\u00eda repentina, ni como un plan finalizado, ni mucho menos como una sensaci\u00f3n de euforia. Suele ser silenciosa. Poco espectacular. Casi imperceptible. Se nota m\u00e1s cuando algo desaparece que cuando surge algo nuevo.<\/p>\n<p>Los pensamientos que antes daban vueltas constantemente pierden su urgencia. Los conflictos que parec\u00edan eclipsarlo todo se vuelven m\u00e1s realistas. Y las decisiones que antes parec\u00edan obst\u00e1culos insuperables de repente parecen manejables, no porque sean f\u00e1ciles, sino porque vuelves a confiar en ti mismo. Esta forma de claridad no es un objetivo, sino un estado. Y casi siempre llega de forma indirecta.<\/p>\n<p>Una congelaci\u00f3n no tiene por qu\u00e9 ser corta para ser eficaz. En mi caso, dur\u00f3 mucho m\u00e1s de lo que muchos probablemente considerar\u00edan \u201eapropiado\u201c. De dos a tres meses. Sin contacto constante, sin \u201eechar un vistazo\u201c a medias, sino una distancia constante que dejaba espacio, tanto interna como externamente.<\/p>\n<p>Mirando hacia atr\u00e1s, es precisamente esta duraci\u00f3n la que resulta decisiva. No porque la gente estuviera constantemente pensando o analizando durante este tiempo, sino porque las capas que se han superpuesto durante a\u00f1os pueden desprenderse. H\u00e1bitos. Im\u00e1genes de uno mismo. Expectativas que nunca se eligieron conscientemente, pero que sin embargo se cumplieron.<\/p>\n<p>S\u00f3lo despu\u00e9s de ese tiempo me di cuenta de cu\u00e1ntas decisiones cotidianas se basaban en automatismos, y de lo poco que reflexionaba sobre ellas. A continuaci\u00f3n describo las experiencias que viv\u00ed tras mi \u00faltima congelaci\u00f3n.<\/p>\n<h3>Con\u00f3zcase de nuevo<\/h3>\n<p>Lo que ocurri\u00f3 en esta fase fue menos una reorientaci\u00f3n que un reencuentro. Con uno mismo, pero tambi\u00e9n con el propio entorno. La familia, las relaciones familiares, el contexto profesional... todo ello no fue reevaluado en el sentido de \u201ebueno o malo\u201c, sino visto de nuevo.<\/p>\n<p>De repente reconoces patrones. Los tuyos y los de los dem\u00e1s. Entiendes por qu\u00e9 ciertas din\u00e1micas se repiten una y otra vez. Por qu\u00e9 reaccionas a determinados est\u00edmulos como lo haces. Y por qu\u00e9 algunas cosas pueden haber funcionado en el modelo de vida anterior, pero ya no se sostienen internamente.<\/p>\n<p>Este tipo de comprensi\u00f3n no se puede forzar. S\u00f3lo surge si te quedas quieto el tiempo suficiente para darte cuenta.<\/p>\n<h3>Decisiones sin contrapresi\u00f3n interna<\/h3>\n<p>Quiz\u00e1 la mayor diferencia tras una congelaci\u00f3n m\u00e1s prolongada sea la forma en que se toman las decisiones. No m\u00e1s r\u00e1pido. Ni m\u00e1s f\u00e1ciles. Sino m\u00e1s tranquila. Sin la contrapresi\u00f3n interior que antes acompa\u00f1aba a cada consideraci\u00f3n. Te das cuenta de que ya no es necesario defender una decisi\u00f3n, ni ante los dem\u00e1s ni ante ti mismo. Simplemente est\u00e1 ah\u00ed. No como una soluci\u00f3n perfecta, sino como un siguiente paso coherente.<\/p>\n<p>Esta coherencia es dif\u00edcil de describir, pero f\u00e1cil de reconocer una vez que se ha experimentado. No tiene nada que ver con la euforia. M\u00e1s bien con la paz interior. Con la sensaci\u00f3n de que ya no trabajas contra ti mismo.<\/p>\n<h3>Gratitud en lugar de idealizaci\u00f3n<\/h3>\n<p>Otro efecto de esta claridad es un cambio de actitud hacia la propia historia. Cosas que antes parec\u00edan fracasos pierden su filo. Las relaciones que no duraron ya no necesitan ser romantizadas o devaluadas. Se les da su lugar en el panorama general.<\/p>\n<p>En retrospectiva, la congelaci\u00f3n en s\u00ed no parece ser un estado de emergencia, sino una fase necesaria. No como una ruptura, sino como una transici\u00f3n. Y as\u00ed es exactamente como debe entenderse: como un momento que hizo posible algo que antes no lo era.<\/p>\n<p>La gratitud no surge de la romantizaci\u00f3n, sino de la comprensi\u00f3n.<\/p>\n<p><img loading=\"lazy\" decoding=\"async\" class=\"alignnone wp-image-4471 size-large\" src=\"https:\/\/www.markus-schall.de\/wp-content\/uploads\/Freezeout-Ergebnis.jpg\" alt=\"Opciones tras una congelaci\u00f3n\" width=\"1024\" height=\"683\" srcset=\"https:\/\/www.markus-schall.de\/wp-content\/uploads\/Freezeout-Ergebnis.jpg 1024w, https:\/\/www.markus-schall.de\/wp-content\/uploads\/Freezeout-Ergebnis-300x200.jpg 300w, https:\/\/www.markus-schall.de\/wp-content\/uploads\/Freezeout-Ergebnis-768x512.jpg 768w, https:\/\/www.markus-schall.de\/wp-content\/uploads\/Freezeout-Ergebnis-18x12.jpg 18w\" sizes=\"auto, (max-width: 1024px) 100vw, 1024px\" \/><\/p>\n<h3>Repensar la responsabilidad<\/h3>\n<p>Tras una congelaci\u00f3n, el concepto de responsabilidad suele cambiar. La responsabilidad ya no significa aguantar o seguir adelante con todo. Significa tomar decisiones conscientes, aunque sean inc\u00f3modas.<\/p>\n<p>Te das cuenta de que la responsabilidad a largo plazo a veces significa detenerse un momento. Que la claridad es m\u00e1s valiosa que la rapidez. Y que las decisiones tomadas desde un orden interior son m\u00e1s sostenibles que las tomadas bajo presi\u00f3n.<\/p>\n<p>Esta actitud afecta a todos los \u00e1mbitos de la vida. En las relaciones. En las trayectorias profesionales. En c\u00f3mo te tratas a ti mismo.<\/p>\n<p>La congelaci\u00f3n no es una panacea. No garantiza nada. No sustituye al di\u00e1logo ni a la toma de decisiones. Pero crea las condiciones para un di\u00e1logo significativo y decisiones honestas.<\/p>\n<p>No todo el mundo necesita meses. No todas las crisis requieren la misma distancia. Pero la voluntad de tomarse tiempo suele ser la diferencia decisiva entre reacci\u00f3n y organizaci\u00f3n.<\/p>\n<h3>Consejo de lectura: Las crisis como puntos de inflexi\u00f3n: aprender, crecer, formarse<\/h3>\n<figure id=\"attachment_2437\" aria-describedby=\"caption-attachment-2437\" style=\"width: 210px\" class=\"wp-caption alignright\"><a href=\"https:\/\/schall-verlag.de\/buch-krisen.php\" target=\"_blank\" rel=\"noopener\"><img loading=\"lazy\" decoding=\"async\" class=\"wp-image-2437\" src=\"https:\/\/www.markus-schall.de\/wp-content\/uploads\/Krisen-Cover-Front-DEjpg.jpg\" alt=\"Libro &#039;Las crisis como puntos de inflexi\u00f3n: aprender, crecer, formarse&#039;\" width=\"220\" height=\"315\" srcset=\"https:\/\/www.markus-schall.de\/wp-content\/uploads\/Krisen-Cover-Front-DEjpg.jpg 838w, https:\/\/www.markus-schall.de\/wp-content\/uploads\/Krisen-Cover-Front-DEjpg-210x300.jpg 210w, https:\/\/www.markus-schall.de\/wp-content\/uploads\/Krisen-Cover-Front-DEjpg-715x1024.jpg 715w, https:\/\/www.markus-schall.de\/wp-content\/uploads\/Krisen-Cover-Front-DEjpg-768x1100.jpg 768w, https:\/\/www.markus-schall.de\/wp-content\/uploads\/Krisen-Cover-Front-DEjpg-8x12.jpg 8w\" sizes=\"auto, (max-width: 220px) 100vw, 220px\" \/><\/a><figcaption id=\"caption-attachment-2437\" class=\"wp-caption-text\">Las crisis como puntos de inflexi\u00f3n<\/figcaption><\/figure>\n<p>Si desea profundizar en las reflexiones de este art\u00edculo, en el libro encontrar\u00e1 lo siguiente <a href=\"https:\/\/schall-verlag.de\/buch-krisen.php\" target=\"_blank\" rel=\"noopener\"><em><strong>Las crisis como puntos de inflexi\u00f3n: aprender, crecer, dar forma<\/strong><\/em><\/a> una continuaci\u00f3n coherente. El libro empieza donde empieza la congelaci\u00f3n: con una autorreflexi\u00f3n honesta, m\u00e1s all\u00e1 del accionismo y los esl\u00f3ganes de perseverancia. Combina experiencias personales con modelos de pensamiento claros y muestra c\u00f3mo las crisis pueden convertirse en aut\u00e9nticas decisiones sobre la direcci\u00f3n.<\/p>\n<p>Tambi\u00e9n se hace hincapi\u00e9 en la autorreflexi\u00f3n moderna con IA, no como sustituto del pensamiento propio, sino como herramienta estructurada para llegar m\u00e1s r\u00e1pido al n\u00facleo y tomar decisiones sostenibles para la siguiente etapa de la vida.<\/p>\n<h3>Una agitaci\u00f3n silenciosa pero duradera<\/h3>\n<p>Quiz\u00e1 el punto m\u00e1s importante al final sea \u00e9ste: los mayores trastornos de la vida suelen ser los m\u00e1s tranquilos. No ocurren en momentos de m\u00e1xima actividad, sino en fases de repliegue. No cuando crees tenerlo todo bajo control, sino cuando est\u00e1s dispuesto a soltar el control por un momento.<\/p>\n<p>Para m\u00ed, la congelaci\u00f3n fue un cambio radical. No fue un cambio dram\u00e1tico, ni estridente, pero s\u00ed duradero. No lo resolvi\u00f3 todo. Pero nos abri\u00f3 los ojos. Y eso suele bastar para dar el siguiente paso en la direcci\u00f3n correcta.<\/p>\n<p>A veces la distancia no es una retirada. Es el comienzo de la orientaci\u00f3n.<\/p>\n<hr \/>\n\n\t\t\t<div class=\"display-post-types\">\n\n\t\t\t\t\t\t\t<style type=\"text\/css\">\n\t\t\t#dpt-wrapper-765 { --dpt-text-align: left;--dpt-image-crop: center;--dpt-border-radius: 5px;--dpt-h-gutter: 10px;--dpt-v-gutter: 9px; }\t\t\t<\/style>\n\t\t\t<style type=\"text\/css\">#dpt-wrapper-765 { --dpt-title-font-style:normal;--dpt-title-font-weight:600;--dpt-title-line-height:1.5;--dpt-title-text-decoration:none;--dpt-title-text-transform:none;--dpt-excerpt-font-style:normal;--dpt-excerpt-font-weight:400;--dpt-excerpt-line-height:1.5;--dpt-excerpt-text-decoration:none;--dpt-excerpt-text-transform:none;--dpt-meta1-font-style:normal;--dpt-meta1-font-weight:400;--dpt-meta1-line-height:1.9;--dpt-meta1-text-decoration:none;--dpt-meta1-text-transform:none;--dpt-meta2-font-style:normal;--dpt-meta2-font-weight:400;--dpt-meta2-line-height:1.9;--dpt-meta2-text-decoration:none;--dpt-meta2-text-transform:none; }<\/style><div class=\"dpt-main-header\">\n\t\t\t\t\t\t<div class=\"dpt-main-title\">\n\t\t\t\t\t\t\t<span class=\"dpt-main-title-text\">Cuestiones sociales de actualidad<\/span>\n\t\t\t\t\t\t<\/div>\n\t\t\t\t\t\t\n\t\t\t\t\t\t\n\t\t\t\t\t\t\n\t\t\t\t\t\t<\/div>\t\t\t\n\t\t\t\t<div id=\"dpt-wrapper-765\" class=\"dpt-wrapper dpt-mag1 land1 dpt-cropped dpt-flex-wrap\" >\n\n\t\t\t\t\t\t\t\t\t\t\t<div class=\"dpt-entry has-thumbnail\" data-title=\"die digitale id der eu: verkn\u00fcpfung, kontrolle und risiken im alltag\" data-id=\"3486\"  data-category=\"allgemein gesellschaft tipps &amp; anleitungen\" data-post_tag=\"datenschutz eu-gesetze europa prozesse ratgeber\">\n\t\t\t\t\t\t\t<div class=\"dpt-entry-wrapper\"><div class=\"dpt-featured-content\"><div class=\"dpt-permalink\"><a href=\"https:\/\/www.markus-schall.de\/es\/2025\/11\/la-identidad-digital-de-la-ue-vincula-control-y-riesgo-en-la-vida-cotidiana\/\" class=\"dpt-permalink\"><span class=\"screen-reader-text\">El DNI digital de la UE: vinculaci\u00f3n, control y riesgos en la vida cotidiana<\/span><\/a><\/div><div class=\"dpt-thumbnail\"><div class=\"dpt-thumbnail-inner\"><img width=\"1024\" height=\"683\" class=\"attachment-full size-full\" alt=\"DNI digital de la UE\" context=\"dpt\" data-dpt-src=\"https:\/\/www.markus-schall.de\/wp-content\/uploads\/Digitale-ID-der-EU.jpg\" data-dpt-sizes=\"(max-width: 1024px) 100vw, 1024px\" data-dpt-srcset=\"https:\/\/www.markus-schall.de\/wp-content\/uploads\/Digitale-ID-der-EU.jpg 1024w, https:\/\/www.markus-schall.de\/wp-content\/uploads\/Digitale-ID-der-EU-300x200.jpg 300w, https:\/\/www.markus-schall.de\/wp-content\/uploads\/Digitale-ID-der-EU-768x512.jpg 768w, https:\/\/www.markus-schall.de\/wp-content\/uploads\/Digitale-ID-der-EU-18x12.jpg 18w\" \/><\/div><span class=\"dpt-thumbnail-aspect-ratio\" style=\"padding-top: 75%\"><\/span><\/div><\/div><div class=\"sub-entry\"><h3 class=\"dpt-title\"><a class=\"dpt-title-link\" href=\"https:\/\/www.markus-schall.de\/es\/2025\/11\/la-identidad-digital-de-la-ue-vincula-control-y-riesgo-en-la-vida-cotidiana\/\" rel=\"bookmark\">El DNI digital de la UE: vinculaci\u00f3n, control y riesgos en la vida cotidiana<\/a><\/h3><\/div><\/div>\n\t\t\t\t\t\t<\/div><!-- .dpt-entry -->\n\t\t\t\t\t\t\t\t\t\t\t\t<div class=\"dpt-entry has-thumbnail\" data-title=\"die neuen eu-zensurgesetze: was chatcontrol, dsa, emfa und der ai act bedeuten\" data-id=\"3586\"  data-category=\"allgemein gesellschaft ki-systeme\" data-post_tag=\"datenschutz digitales eigentum eu-gesetze europa k\u00fcnstliche intelligenz llm meinungsfreiheit spieltheorie sprachmodell\">\n\t\t\t\t\t\t\t<div class=\"dpt-entry-wrapper\"><div class=\"dpt-featured-content\"><div class=\"dpt-permalink\"><a href=\"https:\/\/www.markus-schall.de\/es\/2025\/11\/las-nuevas-leyes-de-censura-de-la-ue-que-significan-chatcontrol-dsa-emfa-y-la-ley-ai\/\" class=\"dpt-permalink\"><span class=\"screen-reader-text\">Las nuevas leyes de censura de la UE: Qu\u00e9 significan Chatcontrol, DSA, EMFA y la Ley de AI<\/span><\/a><\/div><div class=\"dpt-thumbnail\"><div class=\"dpt-thumbnail-inner\"><img width=\"1024\" height=\"683\" class=\"attachment-full size-full\" alt=\"Leyes de censura de la UE\" context=\"dpt\" data-dpt-src=\"https:\/\/www.markus-schall.de\/wp-content\/uploads\/eu-zensurgesetze.jpg\" data-dpt-sizes=\"(max-width: 1024px) 100vw, 1024px\" data-dpt-srcset=\"https:\/\/www.markus-schall.de\/wp-content\/uploads\/eu-zensurgesetze.jpg 1024w, https:\/\/www.markus-schall.de\/wp-content\/uploads\/eu-zensurgesetze-300x200.jpg 300w, https:\/\/www.markus-schall.de\/wp-content\/uploads\/eu-zensurgesetze-768x512.jpg 768w, https:\/\/www.markus-schall.de\/wp-content\/uploads\/eu-zensurgesetze-18x12.jpg 18w\" \/><\/div><span class=\"dpt-thumbnail-aspect-ratio\" style=\"padding-top: 75%\"><\/span><\/div><\/div><div class=\"sub-entry\"><h3 class=\"dpt-title\"><a class=\"dpt-title-link\" href=\"https:\/\/www.markus-schall.de\/es\/2025\/11\/las-nuevas-leyes-de-censura-de-la-ue-que-significan-chatcontrol-dsa-emfa-y-la-ley-ai\/\" rel=\"bookmark\">Las nuevas leyes de censura de la UE: Qu\u00e9 significan Chatcontrol, DSA, EMFA y la Ley de AI<\/a><\/h3><\/div><\/div>\n\t\t\t\t\t\t<\/div><!-- .dpt-entry -->\n\t\t\t\t\t\t\t\t\t\t\t\t<div class=\"dpt-entry has-thumbnail\" data-title=\"ist t\u00f6ten w\u00fcrdelos? eine n\u00fcchterne frage zu mord, terror und krieg\" data-id=\"4550\"  data-category=\"allgemein gesellschaft gesundheit\" data-post_tag=\"denkmodelle erfahrungen europa geopolitik gesundheit krisen meinungsfreiheit sicherheitspolitik\">\n\t\t\t\t\t\t\t<div class=\"dpt-entry-wrapper\"><div class=\"dpt-featured-content\"><div class=\"dpt-permalink\"><a href=\"https:\/\/www.markus-schall.de\/es\/2026\/01\/matar-sin-dignidad-una-pregunta-sobria-sobre-el-asesinato-el-terror-y-la-guerra\/\" class=\"dpt-permalink\"><span class=\"screen-reader-text\">\u00bfEs indigno matar? Una pregunta sobria sobre el asesinato, el terror y la guerra<\/span><\/a><\/div><div class=\"dpt-thumbnail\"><div class=\"dpt-thumbnail-inner\"><img width=\"1024\" height=\"683\" class=\"attachment-full size-full\" alt=\"\u00bfEs indigno matar?\" context=\"dpt\" data-dpt-src=\"https:\/\/www.markus-schall.de\/wp-content\/uploads\/toeten-wuerdelos-Titel.jpg\" data-dpt-sizes=\"(max-width: 1024px) 100vw, 1024px\" data-dpt-srcset=\"https:\/\/www.markus-schall.de\/wp-content\/uploads\/toeten-wuerdelos-Titel.jpg 1024w, https:\/\/www.markus-schall.de\/wp-content\/uploads\/toeten-wuerdelos-Titel-300x200.jpg 300w, https:\/\/www.markus-schall.de\/wp-content\/uploads\/toeten-wuerdelos-Titel-768x512.jpg 768w, https:\/\/www.markus-schall.de\/wp-content\/uploads\/toeten-wuerdelos-Titel-18x12.jpg 18w\" \/><\/div><span class=\"dpt-thumbnail-aspect-ratio\" style=\"padding-top: 75%\"><\/span><\/div><\/div><div class=\"sub-entry\"><h3 class=\"dpt-title\"><a class=\"dpt-title-link\" href=\"https:\/\/www.markus-schall.de\/es\/2026\/01\/matar-sin-dignidad-una-pregunta-sobria-sobre-el-asesinato-el-terror-y-la-guerra\/\" rel=\"bookmark\">\u00bfEs indigno matar? Una pregunta sobria sobre el asesinato, el terror y la guerra<\/a><\/h3><\/div><\/div>\n\t\t\t\t\t\t<\/div><!-- .dpt-entry -->\n\t\t\t\t\t\t\t\t\t\t\t\t<div class=\"dpt-entry has-thumbnail\" data-title=\"spieltheorie erkl\u00e4rt 25 jahre geopolitik: wie europa seine strategische rolle verlor\" data-id=\"3850\"  data-category=\"allgemein gesellschaft kunst &amp; kultur\" data-post_tag=\"denkmodelle deutschland energiepolitik eu-gesetze europa geopolitik krisen sicherheitspolitik spieltheorie\">\n\t\t\t\t\t\t\t<div class=\"dpt-entry-wrapper\"><div class=\"dpt-featured-content\"><div class=\"dpt-permalink\"><a href=\"https:\/\/www.markus-schall.de\/es\/2025\/12\/la-teoria-de-juegos-explica-25-anos-de-geopolitica-como-perdio-europa-su-papel-estrategico\/\" class=\"dpt-permalink\"><span class=\"screen-reader-text\">La teor\u00eda de juegos explica 25 a\u00f1os de geopol\u00edtica: c\u00f3mo Europa perdi\u00f3 su papel estrat\u00e9gico<\/span><\/a><\/div><div class=\"dpt-thumbnail\"><div class=\"dpt-thumbnail-inner\"><img width=\"1024\" height=\"765\" class=\"attachment-full size-full\" alt=\"La teor\u00eda de juegos explica 25 a\u00f1os de geopol\u00edtica\" context=\"dpt\" data-dpt-src=\"https:\/\/www.markus-schall.de\/wp-content\/uploads\/europa-russland-spieltheorie.jpg\" data-dpt-sizes=\"(max-width: 1024px) 100vw, 1024px\" data-dpt-srcset=\"https:\/\/www.markus-schall.de\/wp-content\/uploads\/europa-russland-spieltheorie.jpg 1024w, https:\/\/www.markus-schall.de\/wp-content\/uploads\/europa-russland-spieltheorie-300x224.jpg 300w, https:\/\/www.markus-schall.de\/wp-content\/uploads\/europa-russland-spieltheorie-768x574.jpg 768w, https:\/\/www.markus-schall.de\/wp-content\/uploads\/europa-russland-spieltheorie-16x12.jpg 16w\" \/><\/div><span class=\"dpt-thumbnail-aspect-ratio\" style=\"padding-top: 75%\"><\/span><\/div><\/div><div class=\"sub-entry\"><h3 class=\"dpt-title\"><a class=\"dpt-title-link\" href=\"https:\/\/www.markus-schall.de\/es\/2025\/12\/la-teoria-de-juegos-explica-25-anos-de-geopolitica-como-perdio-europa-su-papel-estrategico\/\" rel=\"bookmark\">La teor\u00eda de juegos explica 25 a\u00f1os de geopol\u00edtica: c\u00f3mo Europa perdi\u00f3 su papel estrat\u00e9gico<\/a><\/h3><\/div><\/div>\n\t\t\t\t\t\t<\/div><!-- .dpt-entry -->\n\t\t\t\t\t\t\n\t\t\t\t<\/div>\n\t\t\t\t\t\t<\/div>\n\t\t\t\n<hr \/>\n<h2>Preguntas m\u00e1s frecuentes<\/h2>\n<ol>\n<li><strong>\u00bfQu\u00e9 entiende exactamente por \u201econgelaci\u00f3n\u201c y en qu\u00e9 se diferencia de la ruptura del contacto o la separaci\u00f3n?<\/strong><br \/>\nUna congelaci\u00f3n no es un cese o una separaci\u00f3n, sino una interrupci\u00f3n deliberada y temporal del contacto o la din\u00e1mica. No pretende ejercer presi\u00f3n ni cambiar a la otra persona, sino recuperar la claridad. La diferencia decisiva radica en la actitud: una congelaci\u00f3n se dirige hacia dentro, no hacia fuera. Es un espacio para pensar y percibir, no un instrumento de poder.<\/li>\n<li><strong>\u00bfNo es una congelaci\u00f3n simplemente huir de los problemas?<\/strong><br \/>\nPuede serlo si surge del miedo. Sin embargo, en el sentido aqu\u00ed descrito, es todo lo contrario. Es una pausa para poder reconocer correctamente los problemas en primer lugar. Quien sigue actuando con niebla interior, a menudo se adentra m\u00e1s en la crisis. La distancia puede ser el paso m\u00e1s responsable porque evita que se tomen decisiones por exigencias excesivas.<\/li>\n<li><strong>\u00bfCu\u00e1ndo es el momento adecuado para una congelaci\u00f3n?<\/strong><br \/>\nNormalmente, cuando las conversaciones s\u00f3lo dan vueltas en c\u00edrculo, cuando cada comunicaci\u00f3n crea nuevas tensiones o cuando te das cuenta de que s\u00f3lo reaccionas en lugar de tomar decisiones. Otra se\u00f1al es la sensaci\u00f3n de que ya no te oyes bien a ti mismo. La congelaci\u00f3n no es tanto una cuesti\u00f3n de tiempo como de percepci\u00f3n interior: cuando falta claridad, la distancia suele tener sentido.<\/li>\n<li><strong>\u00bfCu\u00e1nto debe durar una congelaci\u00f3n?<\/strong><br \/>\nNo hay una duraci\u00f3n fija. Para algunos bastan horas o d\u00edas, para otros semanas o meses. Lo decisivo no es la duraci\u00f3n, sino la calidad del intervalo. El art\u00edculo muestra deliberadamente que una pausa m\u00e1s larga -de dos a tres meses- tambi\u00e9n puede ser \u00fatil si permite procesos internos a los que de otro modo no se dar\u00eda espacio.<\/li>\n<li><strong>\u00bfPuede una congelaci\u00f3n destruir una relaci\u00f3n?<\/strong><br \/>\nPuede serlo si se utiliza como herramienta de poder o no se comunica adecuadamente. Sin embargo, si se entiende correctamente, aumenta la posibilidad de tomar decisiones honestas. Las relaciones rara vez se rompen por la distancia, sino por una ambig\u00fcedad interna no resuelta. La congelaci\u00f3n deja claro si una relaci\u00f3n es sostenible o s\u00f3lo se mantiene unida por la costumbre.<\/li>\n<li><strong>\u00bfY si la otra persona no acepta la distancia?<\/strong><br \/>\nSe trata de una dificultad real. Una congelaci\u00f3n no es un contrato, sino una decisi\u00f3n personal. Puedes explicar por qu\u00e9 necesitas distancia, pero no puedes \u201eimponerla\u201c. Es importante no enredarse en justificaciones. Si necesitas distancia por razones de claridad, puedes permit\u00edrtelo, aunque te cause incomodidad.<\/li>\n<li><strong>\u00bfPor qu\u00e9 los problemas en las relaciones suelen parecer mayores de lo que realmente son?<\/strong><br \/>\nPorque las relaciones suelen ser superficies de proyecci\u00f3n. Son emocionalmente cercanas y, por tanto, ideales para revelar la insatisfacci\u00f3n subyacente. El art\u00edculo muestra que los conflictos en las relaciones suelen ser s\u00edntomas, indicios de un modelo de vida que ya no es sostenible.<\/li>\n<li><strong>\u00bfQu\u00e9 significa realmente la visi\u00f3n de t\u00fanel en la vida cotidiana?<\/strong><br \/>\nLa visi\u00f3n de t\u00fanel se caracteriza por perspectivas temporales reducidas, reacciones constantes, constricci\u00f3n interior y la sensaci\u00f3n de no tener alternativas. Se piensa mucho pero se ve poco. Entonces, las decisiones se toman principalmente para obtener alivio a corto plazo, no coherencia a largo plazo.<\/li>\n<li><strong>\u00bfPor qu\u00e9 a menudo ni siquiera nos damos cuenta de la visi\u00f3n de t\u00fanel?<\/strong><br \/>\nPorque parece racional. Tiene razones, explicaciones, argumentos. Es precisamente esta aparente racionalidad lo que hace que sea tan dif\u00edcil de reconocer. S\u00f3lo con distancia te das cuenta de lo estrecha que se ha vuelto tu propia visi\u00f3n.<\/li>\n<li><strong>\u00bfPor qu\u00e9 es tan dif\u00edcil el distanciamiento social en nuestra sociedad?<\/strong><br \/>\nPorque la disponibilidad permanente se confunde con la responsabilidad. La distancia se percibe r\u00e1pidamente como desinter\u00e9s o debilidad. Hist\u00f3ricamente, esto es nuevo. En el pasado, el alejamiento formaba parte natural de la orientaci\u00f3n y la toma de decisiones.<\/li>\n<li><strong>\u00bfQu\u00e9 debe evitar conscientemente durante una congelaci\u00f3n?<\/strong><br \/>\nEs importante no tomar decisiones precipitadas, no entablar di\u00e1logos mentales de justificaci\u00f3n y no acumular ninguna presi\u00f3n interna para rendir. Una congelaci\u00f3n no es un proyecto que hay que optimizar, sino un espacio que se deja trabajar.<\/li>\n<li><strong>\u00bfQu\u00e9 significa concretamente \u201epercibir en lugar de analizar\u201c?<\/strong><br \/>\nSignifica pasar de las explicaciones a las sensaciones. \u00bfC\u00f3mo reacciona el cuerpo ante la distancia? \u00bfDisminuye la inquietud interior? \u00bfQu\u00e9 pensamientos reaparecen y cu\u00e1les desaparecen? Estas observaciones suelen ser m\u00e1s honestas que cualquier an\u00e1lisis.<\/li>\n<li><strong>\u00bfC\u00f3mo puede ayudar la IA a la autorreflexi\u00f3n sin dictar decisiones?<\/strong><br \/>\nLa IA puede servir de interlocutor neutral que estructure los pensamientos, formule preguntas y haga visibles las contradicciones. No toma decisiones, pero acelera la comprensi\u00f3n. Esto puede ser muy \u00fatil, sobre todo en el silencio de una congelaci\u00f3n.<\/li>\n<li><strong>\u00bfNo es la IA demasiado t\u00e9cnica o impersonal para este tipo de procesos?<\/strong><br \/>\nDepende de c\u00f3mo se utilice. La IA no sustituye a una relaci\u00f3n o una terapia, pero puede ofrecer un espacio de reflexi\u00f3n tranquilo en el que formular, descartar y reorganizar los pensamientos, sin din\u00e1micas sociales ni la presi\u00f3n de las expectativas.<\/li>\n<li><strong>\u00bfC\u00f3mo se reconoce que la congelaci\u00f3n ha \u201efuncionado\u201c?<\/strong><br \/>\nNo porque todo est\u00e9 claro, sino porque se reduce la presi\u00f3n interior. Las decisiones se toman con m\u00e1s calma. Las conversaciones vuelven a ser posibles sin caer inmediatamente en los viejos patrones. Ya no tienes que reaccionar, puedes elegir.<\/li>\n<li><strong>\u00bfQu\u00e9 ocurre cuando, tras la congelaci\u00f3n, te das cuenta de que algo fundamental tiene que cambiar?<\/strong><br \/>\nEntonces no se trata de un fracaso, sino de un resultado. La claridad tambi\u00e9n puede significar dejar ir planes de vida, roles o relaciones que ya no encajan. La congelaci\u00f3n no da respuestas, pero permite tomar decisiones honestas.<\/li>\n<li><strong>\u00bfPor qu\u00e9 hace hincapi\u00e9 en la gratitud en lugar de en la culpa?<\/strong><br \/>\nPorque la culpa rara vez lleva a ninguna parte. Cuando te das cuenta de que un conflicto ha se\u00f1alado algo m\u00e1s profundo, puede surgir la gratitud, no de la idealizaci\u00f3n, sino de la comprensi\u00f3n. Algunas situaciones son se\u00f1ales, no errores.<\/li>\n<li><strong>\u00bfCu\u00e1l es la idea m\u00e1s importante que debo extraer del art\u00edculo?<\/strong><br \/>\nEsa distancia no tiene por qu\u00e9 ser una retirada, sino un paso hacia una mayor responsabilidad. Si quieres volver a escucharte, a veces tienes que volverte m\u00e1s silencioso. La congelaci\u00f3n no es un objetivo, sino una transici\u00f3n, pero a menudo decisiva.<\/li>\n<\/ol>\n<hr \/>\n\n\t\t\t<div class=\"display-post-types\">\n\n\t\t\t\t\t\t\t<style type=\"text\/css\">\n\t\t\t#dpt-wrapper-766 { --dpt-text-align: left;--dpt-image-crop: center;--dpt-border-radius: 5px;--dpt-h-gutter: 10px;--dpt-v-gutter: 9px; }\t\t\t<\/style>\n\t\t\t<style type=\"text\/css\">#dpt-wrapper-766 { --dpt-title-font-style:normal;--dpt-title-font-weight:600;--dpt-title-line-height:1.5;--dpt-title-text-decoration:none;--dpt-title-text-transform:none;--dpt-excerpt-font-style:normal;--dpt-excerpt-font-weight:400;--dpt-excerpt-line-height:1.5;--dpt-excerpt-text-decoration:none;--dpt-excerpt-text-transform:none;--dpt-meta1-font-style:normal;--dpt-meta1-font-weight:400;--dpt-meta1-line-height:1.9;--dpt-meta1-text-decoration:none;--dpt-meta1-text-transform:none;--dpt-meta2-font-style:normal;--dpt-meta2-font-weight:400;--dpt-meta2-line-height:1.9;--dpt-meta2-text-decoration:none;--dpt-meta2-text-transform:none; }<\/style><div class=\"dpt-main-header\">\n\t\t\t\t\t\t<div class=\"dpt-main-title\">\n\t\t\t\t\t\t\t<span class=\"dpt-main-title-text\">Art\u00edculos de actualidad sobre arte y cultura<\/span>\n\t\t\t\t\t\t<\/div>\n\t\t\t\t\t\t\n\t\t\t\t\t\t\n\t\t\t\t\t\t\n\t\t\t\t\t\t<\/div>\t\t\t\n\t\t\t\t<div id=\"dpt-wrapper-766\" class=\"dpt-wrapper dpt-mag1 land1 dpt-cropped dpt-flex-wrap\" >\n\n\t\t\t\t\t\t\t\t\t\t\t<div class=\"dpt-entry has-thumbnail\" data-title=\"apple im wandel: fr\u00fche ger\u00e4te, eigene erfahrungen und eine ausstellung im ocm\" data-id=\"5480\"  data-category=\"allgemein apple iphone &amp; ipad apple macos hardware kunst &amp; kultur stories &amp; humor\" data-post_tag=\"apple erfahrungen filemaker mac prozesse publishing\">\n\t\t\t\t\t\t\t<div class=\"dpt-entry-wrapper\"><div class=\"dpt-featured-content\"><div class=\"dpt-permalink\"><a href=\"https:\/\/www.markus-schall.de\/es\/2026\/03\/apple-in-transition-early-devices-experiencias-propias-y-una-exposicion-en-ocm\/\" class=\"dpt-permalink\"><span class=\"screen-reader-text\">Apple en transici\u00f3n: primeros dispositivos, experiencias personales y una exposici\u00f3n en el OCM<\/span><\/a><\/div><div class=\"dpt-thumbnail\"><div class=\"dpt-thumbnail-inner\"><img width=\"1024\" height=\"683\" class=\"attachment-full size-full\" alt=\"Apple Macintosh Classic y Color Classic\" context=\"dpt\" data-dpt-src=\"https:\/\/www.markus-schall.de\/wp-content\/uploads\/Apple-OCM-Titel.jpg\" data-dpt-sizes=\"(max-width: 1024px) 100vw, 1024px\" data-dpt-srcset=\"https:\/\/www.markus-schall.de\/wp-content\/uploads\/Apple-OCM-Titel.jpg 1024w, https:\/\/www.markus-schall.de\/wp-content\/uploads\/Apple-OCM-Titel-300x200.jpg 300w, https:\/\/www.markus-schall.de\/wp-content\/uploads\/Apple-OCM-Titel-768x512.jpg 768w, https:\/\/www.markus-schall.de\/wp-content\/uploads\/Apple-OCM-Titel-18x12.jpg 18w\" \/><\/div><span class=\"dpt-thumbnail-aspect-ratio\" style=\"padding-top: 75%\"><\/span><\/div><\/div><div class=\"sub-entry\"><h3 class=\"dpt-title\"><a class=\"dpt-title-link\" href=\"https:\/\/www.markus-schall.de\/es\/2026\/03\/apple-in-transition-early-devices-experiencias-propias-y-una-exposicion-en-ocm\/\" rel=\"bookmark\">Apple en transici\u00f3n: primeros dispositivos, experiencias personales y una exposici\u00f3n en el OCM<\/a><\/h3><\/div><\/div>\n\t\t\t\t\t\t<\/div><!-- .dpt-entry -->\n\t\t\t\t\t\t\t\t\t\t\t\t<div class=\"dpt-entry has-thumbnail\" data-title=\"helge schneider: haltung, humor und die freiheit, sich nicht erkl\u00e4ren zu m\u00fcssen\" data-id=\"4756\"  data-category=\"allgemein gesellschaft kunst &amp; kultur\" data-post_tag=\"deutschland erfahrungen meinungsfreiheit musik portrait\">\n\t\t\t\t\t\t\t<div class=\"dpt-entry-wrapper\"><div class=\"dpt-featured-content\"><div class=\"dpt-permalink\"><a href=\"https:\/\/www.markus-schall.de\/es\/2026\/02\/helge-schneider-actitud-humor-y-la-libertad-de-no-tener-que-dar-explicaciones\/\" class=\"dpt-permalink\"><span class=\"screen-reader-text\">Helge Schneider: Actitud, humor y la libertad de no tener que dar explicaciones<\/span><\/a><\/div><div class=\"dpt-thumbnail\"><div class=\"dpt-thumbnail-inner\"><img width=\"1024\" height=\"683\" class=\"attachment-full size-full\" alt=\"Retrato de Helge Schneider\" context=\"dpt\" data-dpt-src=\"https:\/\/www.markus-schall.de\/wp-content\/uploads\/Helge-Schneider.jpg\" data-dpt-sizes=\"(max-width: 1024px) 100vw, 1024px\" data-dpt-srcset=\"https:\/\/www.markus-schall.de\/wp-content\/uploads\/Helge-Schneider.jpg 1024w, https:\/\/www.markus-schall.de\/wp-content\/uploads\/Helge-Schneider-300x200.jpg 300w, https:\/\/www.markus-schall.de\/wp-content\/uploads\/Helge-Schneider-768x512.jpg 768w, https:\/\/www.markus-schall.de\/wp-content\/uploads\/Helge-Schneider-18x12.jpg 18w\" \/><\/div><span class=\"dpt-thumbnail-aspect-ratio\" style=\"padding-top: 75%\"><\/span><\/div><\/div><div class=\"sub-entry\"><h3 class=\"dpt-title\"><a class=\"dpt-title-link\" href=\"https:\/\/www.markus-schall.de\/es\/2026\/02\/helge-schneider-actitud-humor-y-la-libertad-de-no-tener-que-dar-explicaciones\/\" rel=\"bookmark\">Helge Schneider: Actitud, humor y la libertad de no tener que dar explicaciones<\/a><\/h3><\/div><\/div>\n\t\t\t\t\t\t<\/div><!-- .dpt-entry -->\n\t\t\t\t\t\t\t\t\t\t\t\t<div class=\"dpt-entry has-thumbnail\" data-title=\"beruf, weltbild, zukunft: entscheidungen im schatten des umbruchs\" data-id=\"3197\"  data-category=\"allgemein gesellschaft kunst &amp; kultur tipps &amp; anleitungen\" data-post_tag=\"erfahrungen krisen pers\u00f6nlichkeitsentwicklung ratgeber\">\n\t\t\t\t\t\t\t<div class=\"dpt-entry-wrapper\"><div class=\"dpt-featured-content\"><div class=\"dpt-permalink\"><a href=\"https:\/\/www.markus-schall.de\/es\/2025\/10\/vision-del-mundo-profesional-decisiones-futuras-a-la-sombra-de-la-agitacion\/\" class=\"dpt-permalink\"><span class=\"screen-reader-text\">Carrera, visi\u00f3n del mundo, futuro: decisiones a la sombra del cambio<\/span><\/a><\/div><div class=\"dpt-thumbnail\"><div class=\"dpt-thumbnail-inner\"><img width=\"1024\" height=\"683\" class=\"attachment-full size-full\" alt=\"Decisiones a la sombra de la agitaci\u00f3n\" context=\"dpt\" data-dpt-src=\"https:\/\/www.markus-schall.de\/wp-content\/uploads\/Entscheidungen-im-Schatten-Umbruch.jpg\" data-dpt-sizes=\"(max-width: 1024px) 100vw, 1024px\" data-dpt-srcset=\"https:\/\/www.markus-schall.de\/wp-content\/uploads\/Entscheidungen-im-Schatten-Umbruch.jpg 1024w, https:\/\/www.markus-schall.de\/wp-content\/uploads\/Entscheidungen-im-Schatten-Umbruch-300x200.jpg 300w, https:\/\/www.markus-schall.de\/wp-content\/uploads\/Entscheidungen-im-Schatten-Umbruch-768x512.jpg 768w, https:\/\/www.markus-schall.de\/wp-content\/uploads\/Entscheidungen-im-Schatten-Umbruch-18x12.jpg 18w\" \/><\/div><span class=\"dpt-thumbnail-aspect-ratio\" style=\"padding-top: 75%\"><\/span><\/div><\/div><div class=\"sub-entry\"><h3 class=\"dpt-title\"><a class=\"dpt-title-link\" href=\"https:\/\/www.markus-schall.de\/es\/2025\/10\/vision-del-mundo-profesional-decisiones-futuras-a-la-sombra-de-la-agitacion\/\" rel=\"bookmark\">Carrera, visi\u00f3n del mundo, futuro: decisiones a la sombra del cambio<\/a><\/h3><\/div><\/div>\n\t\t\t\t\t\t<\/div><!-- .dpt-entry -->\n\t\t\t\t\t\t\t\t\t\t\t\t<div class=\"dpt-entry has-thumbnail\" data-title=\"wenn pflicht wieder pflicht wird. eine art essay von herrn von l&#8217;oreot.\" data-id=\"3010\"  data-category=\"allgemein gesellschaft kunst &amp; kultur stories &amp; humor\" data-post_tag=\"deutschland erfahrungen geopolitik krisen pers\u00f6nlichkeitsentwicklung sicherheitspolitik\">\n\t\t\t\t\t\t\t<div class=\"dpt-entry-wrapper\"><div class=\"dpt-featured-content\"><div class=\"dpt-permalink\"><a href=\"https:\/\/www.markus-schall.de\/es\/2025\/10\/cuando-el-deber-vuelve-a-ser-deber-una-especie-de-ensayo-del-sr-von-loreot\/\" class=\"dpt-permalink\"><span class=\"screen-reader-text\">Cuando el deber vuelve a ser deber. Una especie de ensayo del Sr. von L'oreot.<\/span><\/a><\/div><div class=\"dpt-thumbnail\"><div class=\"dpt-thumbnail-inner\"><img width=\"1024\" height=\"683\" class=\"attachment-full size-full\" alt=\"Una llamada inesperada\" context=\"dpt\" data-dpt-src=\"https:\/\/www.markus-schall.de\/wp-content\/uploads\/loreot-pflicht-anruf.jpg\" data-dpt-sizes=\"(max-width: 1024px) 100vw, 1024px\" data-dpt-srcset=\"https:\/\/www.markus-schall.de\/wp-content\/uploads\/loreot-pflicht-anruf.jpg 1024w, https:\/\/www.markus-schall.de\/wp-content\/uploads\/loreot-pflicht-anruf-300x200.jpg 300w, https:\/\/www.markus-schall.de\/wp-content\/uploads\/loreot-pflicht-anruf-768x512.jpg 768w, https:\/\/www.markus-schall.de\/wp-content\/uploads\/loreot-pflicht-anruf-18x12.jpg 18w\" \/><\/div><span class=\"dpt-thumbnail-aspect-ratio\" style=\"padding-top: 75%\"><\/span><\/div><\/div><div class=\"sub-entry\"><h3 class=\"dpt-title\"><a class=\"dpt-title-link\" href=\"https:\/\/www.markus-schall.de\/es\/2025\/10\/cuando-el-deber-vuelve-a-ser-deber-una-especie-de-ensayo-del-sr-von-loreot\/\" rel=\"bookmark\">Cuando el deber vuelve a ser deber. Una especie de ensayo del Sr. von L'oreot.<\/a><\/h3><\/div><\/div>\n\t\t\t\t\t\t<\/div><!-- .dpt-entry -->\n\t\t\t\t\t\t\n\t\t\t\t<\/div>\n\t\t\t\t\t\t<\/div>\n\t\t\t\n<hr \/>","protected":false},"excerpt":{"rendered":"<p>Cuando se est\u00e1 en medio de una crisis, todo parece urgente. Se tiene la sensaci\u00f3n de que hay que actuar inmediatamente, de que hay que hablar inmediatamente, de que hay que decidir inmediatamente. Y a menudo se a\u00f1ade un segundo sentimiento: Si no sigues actuando ahora, todo se te escapar\u00e1. Es comprensible. Tambi\u00e9n es humano. Pero es precisamente en este punto... <a title=\"Cuando el deber vuelve a ser deber. Una especie de ensayo del Sr. von L&#039;oreot.\" class=\"read-more\" href=\"https:\/\/www.markus-schall.de\/es\/2025\/10\/cuando-el-deber-vuelve-a-ser-deber-una-especie-de-ensayo-del-sr-von-loreot\/\" aria-label=\"Leer m\u00e1s sobre Cuando el deber vuelve a ser deber. Una especie de ensayo del Sr. von L&#039;oreot.\">Vaciar m\u00e1s<\/a><\/p>","protected":false},"author":1,"featured_media":4467,"comment_status":"open","ping_status":"open","sticky":false,"template":"","format":"standard","meta":{"iawp_total_views":210,"footnotes":""},"categories":[1,424,466,456,4],"tags":[425,444,458,447,426,428,429,448],"class_list":["post-4435","post","type-post","status-publish","format-standard","has-post-thumbnail","hentry","category-allgemein","category-buecher","category-gesellschaft","category-gesundheit","category-tipps-anleitungen","tag-buch","tag-denkmodelle","tag-erfahrungen","tag-gesundheit","tag-krisen","tag-lernen","tag-persoenlichkeitsentwicklung","tag-ratgeber"],"_links":{"self":[{"href":"https:\/\/www.markus-schall.de\/es\/wp-json\/wp\/v2\/posts\/4435","targetHints":{"allow":["GET"]}}],"collection":[{"href":"https:\/\/www.markus-schall.de\/es\/wp-json\/wp\/v2\/posts"}],"about":[{"href":"https:\/\/www.markus-schall.de\/es\/wp-json\/wp\/v2\/types\/post"}],"author":[{"embeddable":true,"href":"https:\/\/www.markus-schall.de\/es\/wp-json\/wp\/v2\/users\/1"}],"replies":[{"embeddable":true,"href":"https:\/\/www.markus-schall.de\/es\/wp-json\/wp\/v2\/comments?post=4435"}],"version-history":[{"count":16,"href":"https:\/\/www.markus-schall.de\/es\/wp-json\/wp\/v2\/posts\/4435\/revisions"}],"predecessor-version":[{"id":5828,"href":"https:\/\/www.markus-schall.de\/es\/wp-json\/wp\/v2\/posts\/4435\/revisions\/5828"}],"wp:featuredmedia":[{"embeddable":true,"href":"https:\/\/www.markus-schall.de\/es\/wp-json\/wp\/v2\/media\/4467"}],"wp:attachment":[{"href":"https:\/\/www.markus-schall.de\/es\/wp-json\/wp\/v2\/media?parent=4435"}],"wp:term":[{"taxonomy":"category","embeddable":true,"href":"https:\/\/www.markus-schall.de\/es\/wp-json\/wp\/v2\/categories?post=4435"},{"taxonomy":"post_tag","embeddable":true,"href":"https:\/\/www.markus-schall.de\/es\/wp-json\/wp\/v2\/tags?post=4435"}],"curies":[{"name":"wp","href":"https:\/\/api.w.org\/{rel}","templated":true}]}}