{"id":5147,"date":"2026-03-07T06:05:02","date_gmt":"2026-03-07T06:05:02","guid":{"rendered":"https:\/\/www.markus-schall.de\/?p=5147"},"modified":"2026-04-29T06:01:55","modified_gmt":"2026-04-29T06:01:55","slug":"del-fin-del-servicio-militar-obligatorio-a-las-huelgas-escolares-el-nuevo-debate-sobre-las-fuerzas-armadas-alemanas-y-la-educacion","status":"publish","type":"post","link":"https:\/\/www.markus-schall.de\/es\/2026\/03\/del-fin-del-servicio-militar-obligatorio-a-las-huelgas-escolares-el-nuevo-debate-sobre-las-fuerzas-armadas-alemanas-y-la-educacion\/","title":{"rendered":"Del fin del servicio militar obligatorio a las huelgas escolares: el nuevo debate sobre el Bundeswehr y la educaci\u00f3n"},"content":{"rendered":"<p>Cuando yo mismo fui llamado a filas en el Bundeswehr, en los a\u00f1os noventa, todav\u00eda era una parte bastante normal de la vida de muchos j\u00f3venes en Alemania. Cualquiera que hubiera terminado la escuela hac\u00eda el servicio civil o el servicio militar. En aquella \u00e9poca, formaba parte de la vida, igual que la formaci\u00f3n o los estudios. La gente hablaba de ello, sab\u00eda m\u00e1s o menos lo que le esperaba y casi todo el mundo ten\u00eda a alguien en su c\u00edrculo de conocidos que acababa de alistarse en el ej\u00e9rcito o lo hab\u00eda hecho recientemente.<\/p>\n<p>Yo tambi\u00e9n hice el servicio militar. En mi entorno no hab\u00eda grandes debates ideol\u00f3gicos al respecto. Por supuesto, hab\u00eda cr\u00edticas al ej\u00e9rcito o discusiones sobre los despliegues en el extranjero, pero la Bundeswehr era b\u00e1sicamente una parte normal del Estado. Estaba ah\u00ed, pero no desempe\u00f1aba un papel especialmente dominante en la vida cotidiana de la mayor\u00eda de la gente. Curiosamente, esto tambi\u00e9n se aplicaba a la escuela.<!--more--><\/p>\n<hr \/>\n\n\t\t\t<div class=\"display-post-types\">\n\n\t\t\t\t\t\t\t<style type=\"text\/css\">\n\t\t\t#dpt-wrapper-397 { --dpt-text-align: left;--dpt-image-crop: center;--dpt-border-radius: 5px;--dpt-h-gutter: 10px;--dpt-v-gutter: 9px; }\t\t\t<\/style>\n\t\t\t<style type=\"text\/css\">#dpt-wrapper-397 { --dpt-title-font-style:normal;--dpt-title-font-weight:600;--dpt-title-line-height:1.5;--dpt-title-text-decoration:none;--dpt-title-text-transform:none;--dpt-excerpt-font-style:normal;--dpt-excerpt-font-weight:400;--dpt-excerpt-line-height:1.5;--dpt-excerpt-text-decoration:none;--dpt-excerpt-text-transform:none;--dpt-meta1-font-style:normal;--dpt-meta1-font-weight:400;--dpt-meta1-line-height:1.9;--dpt-meta1-text-decoration:none;--dpt-meta1-text-transform:none;--dpt-meta2-font-style:normal;--dpt-meta2-font-weight:400;--dpt-meta2-line-height:1.9;--dpt-meta2-text-decoration:none;--dpt-meta2-text-transform:none; }<\/style><div class=\"dpt-main-header\">\n\t\t\t\t\t\t<div class=\"dpt-main-title\">\n\t\t\t\t\t\t\t<span class=\"dpt-main-title-text\">Art\u00edculos de actualidad sobre arte y cultura<\/span>\n\t\t\t\t\t\t<\/div>\n\t\t\t\t\t\t\n\t\t\t\t\t\t\n\t\t\t\t\t\t\n\t\t\t\t\t\t<\/div>\t\t\t\n\t\t\t\t<div id=\"dpt-wrapper-397\" class=\"dpt-wrapper dpt-mag1 land1 dpt-cropped dpt-flex-wrap\" >\n\n\t\t\t\t\t\t\t\t\t\t\t<div class=\"dpt-entry has-thumbnail\" data-title=\"mehr als punk: nina hagen, cosma shiva und die kunst, sich nicht vereinnahmen zu lassen\" data-id=\"4521\"  data-category=\"allgemein gesellschaft kunst &amp; kultur\" data-post_tag=\"auswandern deutschland erfahrungen europa krisen meinungsfreiheit musik portrait\">\n\t\t\t\t\t\t\t<div class=\"dpt-entry-wrapper\"><div class=\"dpt-featured-content\"><div class=\"dpt-permalink\"><a href=\"https:\/\/www.markus-schall.de\/es\/2026\/01\/more-than-punk-nina-hagen-cosma-shiva-y-el-arte-de-no-dejarse-enganar\/\" class=\"dpt-permalink\"><span class=\"screen-reader-text\">M\u00e1s que punk: Nina Hagen, Cosma Shiva y el arte de no dejarse enga\u00f1ar<\/span><\/a><\/div><div class=\"dpt-thumbnail\"><div class=\"dpt-thumbnail-inner\"><img width=\"1024\" height=\"683\" class=\"attachment-full size-full\" alt=\"Retrato de Nina y Cosma Shiva Hagen\" context=\"dpt\" data-dpt-src=\"https:\/\/www.markus-schall.de\/wp-content\/uploads\/Nina-Cosma-Shiva-Hagen-Titel.jpg\" data-dpt-sizes=\"(max-width: 1024px) 100vw, 1024px\" data-dpt-srcset=\"https:\/\/www.markus-schall.de\/wp-content\/uploads\/Nina-Cosma-Shiva-Hagen-Titel.jpg 1024w, https:\/\/www.markus-schall.de\/wp-content\/uploads\/Nina-Cosma-Shiva-Hagen-Titel-300x200.jpg 300w, https:\/\/www.markus-schall.de\/wp-content\/uploads\/Nina-Cosma-Shiva-Hagen-Titel-768x512.jpg 768w, https:\/\/www.markus-schall.de\/wp-content\/uploads\/Nina-Cosma-Shiva-Hagen-Titel-18x12.jpg 18w\" \/><\/div><span class=\"dpt-thumbnail-aspect-ratio\" style=\"padding-top: 75%\"><\/span><\/div><\/div><div class=\"sub-entry\"><h3 class=\"dpt-title\"><a class=\"dpt-title-link\" href=\"https:\/\/www.markus-schall.de\/es\/2026\/01\/more-than-punk-nina-hagen-cosma-shiva-y-el-arte-de-no-dejarse-enganar\/\" rel=\"bookmark\">M\u00e1s que punk: Nina Hagen, Cosma Shiva y el arte de no dejarse enga\u00f1ar<\/a><\/h3><\/div><\/div>\n\t\t\t\t\t\t<\/div><!-- .dpt-entry -->\n\t\t\t\t\t\t\t\t\t\t\t\t<div class=\"dpt-entry has-thumbnail\" data-title=\"wenn pflicht wieder pflicht wird. eine art essay von herrn von l&#8217;oreot.\" data-id=\"3010\"  data-category=\"allgemein gesellschaft kunst &amp; kultur stories &amp; humor\" data-post_tag=\"deutschland erfahrungen geopolitik krisen pers\u00f6nlichkeitsentwicklung sicherheitspolitik\">\n\t\t\t\t\t\t\t<div class=\"dpt-entry-wrapper\"><div class=\"dpt-featured-content\"><div class=\"dpt-permalink\"><a href=\"https:\/\/www.markus-schall.de\/es\/2025\/10\/cuando-el-deber-vuelve-a-ser-deber-una-especie-de-ensayo-del-sr-von-loreot\/\" class=\"dpt-permalink\"><span class=\"screen-reader-text\">Cuando el deber vuelve a ser deber. Una especie de ensayo del Sr. von L'oreot.<\/span><\/a><\/div><div class=\"dpt-thumbnail\"><div class=\"dpt-thumbnail-inner\"><img width=\"1024\" height=\"683\" class=\"attachment-full size-full\" alt=\"Una llamada inesperada\" context=\"dpt\" data-dpt-src=\"https:\/\/www.markus-schall.de\/wp-content\/uploads\/loreot-pflicht-anruf.jpg\" data-dpt-sizes=\"(max-width: 1024px) 100vw, 1024px\" data-dpt-srcset=\"https:\/\/www.markus-schall.de\/wp-content\/uploads\/loreot-pflicht-anruf.jpg 1024w, https:\/\/www.markus-schall.de\/wp-content\/uploads\/loreot-pflicht-anruf-300x200.jpg 300w, https:\/\/www.markus-schall.de\/wp-content\/uploads\/loreot-pflicht-anruf-768x512.jpg 768w, https:\/\/www.markus-schall.de\/wp-content\/uploads\/loreot-pflicht-anruf-18x12.jpg 18w\" \/><\/div><span class=\"dpt-thumbnail-aspect-ratio\" style=\"padding-top: 75%\"><\/span><\/div><\/div><div class=\"sub-entry\"><h3 class=\"dpt-title\"><a class=\"dpt-title-link\" href=\"https:\/\/www.markus-schall.de\/es\/2025\/10\/cuando-el-deber-vuelve-a-ser-deber-una-especie-de-ensayo-del-sr-von-loreot\/\" rel=\"bookmark\">Cuando el deber vuelve a ser deber. Una especie de ensayo del Sr. von L'oreot.<\/a><\/h3><\/div><\/div>\n\t\t\t\t\t\t<\/div><!-- .dpt-entry -->\n\t\t\t\t\t\t\t\t\t\t\t\t<div class=\"dpt-entry has-thumbnail\" data-title=\"gr\u00f6nland, trump und die frage der zugeh\u00f6rigkeit: geschichte, recht und realit\u00e4t\" data-id=\"4325\"  data-category=\"allgemein gesellschaft kunst &amp; kultur\" data-post_tag=\"europa geopolitik krisen meinungsfreiheit sicherheitspolitik spieltheorie\">\n\t\t\t\t\t\t\t<div class=\"dpt-entry-wrapper\"><div class=\"dpt-featured-content\"><div class=\"dpt-permalink\"><a href=\"https:\/\/www.markus-schall.de\/es\/2026\/01\/groenlandia-trump-y-la-cuestion-de-la-pertenencia-historia-derecho-y-realidad\/\" class=\"dpt-permalink\"><span class=\"screen-reader-text\">Groenlandia, Trump y la cuesti\u00f3n de la pertenencia: historia, derecho y realidad<\/span><\/a><\/div><div class=\"dpt-thumbnail\"><div class=\"dpt-thumbnail-inner\"><img width=\"1024\" height=\"683\" class=\"attachment-full size-full\" alt=\"Groenlandia en el punto de mira: EE UU y Trump\" context=\"dpt\" data-dpt-src=\"https:\/\/www.markus-schall.de\/wp-content\/uploads\/Groenland-USA-Trump-Titel.jpg\" data-dpt-sizes=\"(max-width: 1024px) 100vw, 1024px\" data-dpt-srcset=\"https:\/\/www.markus-schall.de\/wp-content\/uploads\/Groenland-USA-Trump-Titel.jpg 1024w, https:\/\/www.markus-schall.de\/wp-content\/uploads\/Groenland-USA-Trump-Titel-300x200.jpg 300w, https:\/\/www.markus-schall.de\/wp-content\/uploads\/Groenland-USA-Trump-Titel-768x512.jpg 768w, https:\/\/www.markus-schall.de\/wp-content\/uploads\/Groenland-USA-Trump-Titel-18x12.jpg 18w\" \/><\/div><span class=\"dpt-thumbnail-aspect-ratio\" style=\"padding-top: 75%\"><\/span><\/div><\/div><div class=\"sub-entry\"><h3 class=\"dpt-title\"><a class=\"dpt-title-link\" href=\"https:\/\/www.markus-schall.de\/es\/2026\/01\/groenlandia-trump-y-la-cuestion-de-la-pertenencia-historia-derecho-y-realidad\/\" rel=\"bookmark\">Groenlandia, Trump y la cuesti\u00f3n de la pertenencia: historia, derecho y realidad<\/a><\/h3><\/div><\/div>\n\t\t\t\t\t\t<\/div><!-- .dpt-entry -->\n\t\t\t\t\t\t\t\t\t\t\t\t<div class=\"dpt-entry has-thumbnail\" data-title=\"cancel culture im westen: sport, universit\u00e4ten, milit\u00e4r und eu-sanktionen analysiert\" data-id=\"5009\"  data-category=\"allgemein gesellschaft kunst &amp; kultur\" data-post_tag=\"denkmodelle deutschland europa geopolitik krisen meinungsfreiheit sicherheitspolitik spieltheorie\">\n\t\t\t\t\t\t\t<div class=\"dpt-entry-wrapper\"><div class=\"dpt-featured-content\"><div class=\"dpt-permalink\"><a href=\"https:\/\/www.markus-schall.de\/es\/2026\/02\/la-cultura-de-la-cancelacion-en-occidente-universidades-deportivas-militares-y-sanciones-de-la-ue-analizadas\/\" class=\"dpt-permalink\"><span class=\"screen-reader-text\">Cancelar La cultura en Occidente: deporte, universidades, ej\u00e9rcito y sanciones de la UE analizadas<\/span><\/a><\/div><div class=\"dpt-thumbnail\"><div class=\"dpt-thumbnail-inner\"><img width=\"1024\" height=\"683\" class=\"attachment-full size-full\" alt=\"Cancelar la cultura en Occidente\" context=\"dpt\" data-dpt-src=\"https:\/\/www.markus-schall.de\/wp-content\/uploads\/Cancel-Culture-Westen.jpg\" data-dpt-sizes=\"(max-width: 1024px) 100vw, 1024px\" data-dpt-srcset=\"https:\/\/www.markus-schall.de\/wp-content\/uploads\/Cancel-Culture-Westen.jpg 1024w, https:\/\/www.markus-schall.de\/wp-content\/uploads\/Cancel-Culture-Westen-300x200.jpg 300w, https:\/\/www.markus-schall.de\/wp-content\/uploads\/Cancel-Culture-Westen-768x512.jpg 768w, https:\/\/www.markus-schall.de\/wp-content\/uploads\/Cancel-Culture-Westen-18x12.jpg 18w\" \/><\/div><span class=\"dpt-thumbnail-aspect-ratio\" style=\"padding-top: 75%\"><\/span><\/div><\/div><div class=\"sub-entry\"><h3 class=\"dpt-title\"><a class=\"dpt-title-link\" href=\"https:\/\/www.markus-schall.de\/es\/2026\/02\/la-cultura-de-la-cancelacion-en-occidente-universidades-deportivas-militares-y-sanciones-de-la-ue-analizadas\/\" rel=\"bookmark\">Cancelar La cultura en Occidente: deporte, universidades, ej\u00e9rcito y sanciones de la UE analizadas<\/a><\/h3><\/div><\/div>\n\t\t\t\t\t\t<\/div><!-- .dpt-entry -->\n\t\t\t\t\t\t\n\t\t\t\t<\/div>\n\t\t\t\t\t\t<\/div>\n\t\t\t\n<hr \/>\n<h2>Noticias de actualidad sobre el tema<\/h2>\n<p><strong>29.04.2026<\/strong>: La presencia del <a href=\"https:\/\/www.news4teachers.de\/2026\/04\/zahl-der-bundeswehr-besuche-an-schulen-steigt-rasant-gew-warnt-vor-militarismus\/\" target=\"_blank\" rel=\"noopener\"><strong>Aumenta la presencia de la Bundeswehr en las escuelas alemanas<\/strong><\/a> y cada vez cuenta con m\u00e1s estructuras formales. En Hamburgo, por ejemplo, se ha concluido un nuevo acuerdo de cooperaci\u00f3n que har\u00e1 vinculantes en el futuro las visitas de los agentes de juventud. El trasfondo de todo ello es la creciente importancia de los temas de pol\u00edtica de seguridad en las aulas, que, seg\u00fan los pol\u00edticos, deben abordarse en mayor medida. Al mismo tiempo, los responsables subrayan que la ense\u00f1anza debe desarrollarse de forma controvertida y sin influencias. Sin embargo, el sindicato de educaci\u00f3n GEW ha criticado la creciente militarizaci\u00f3n de la vida escolar cotidiana. Considera problem\u00e1tico el creciente n\u00famero de apariciones de la Bundeswehr y pide que se tengan m\u00e1s en cuenta las perspectivas civiles. La tendencia es clara en toda Alemania: s\u00f3lo en los primeros meses del a\u00f1o ya se han registrado miles de visitas escolares. El debate pone de manifiesto la tensi\u00f3n entre la educaci\u00f3n pol\u00edtica y el potencial de influencia sobre los j\u00f3venes.<\/p>\n<p><strong>16.04.2026<\/strong>Para el 8 de mayo, seg\u00fan la p\u00e1gina web de la iniciativa <a href=\"https:\/\/schulstreikgegenwehrpflicht.com\" target=\"_blank\" rel=\"noopener\"><strong>\u201eHuelga escolar contra el servicio militar obligatorio\u201c<\/strong><\/a> Se ha anunciado otra huelga. Sin embargo, a\u00fan no se conocen detalles concretos sobre el alcance o las escuelas implicadas. La iniciativa se posiciona en contra de la posible reintroducci\u00f3n del servicio militar obligatorio y llama especialmente a los alumnos a participar en ella.<\/p>\n<p>El tema est\u00e1 atrayendo la atenci\u00f3n gracias a las contribuciones de los no inscritos <a href=\"https:\/\/martinsonneborn.de\/stillgestanden-bros\/\" target=\"_blank\" rel=\"noopener\"><strong>Eurodiputado Martin Sonneborn<\/strong><\/a>, que comenta la protesta de forma sat\u00edrica e incluso la apoya en forma de carta de disculpa descargable. Queda por ver si se trata de una peque\u00f1a acci\u00f3n puntual o de un movimiento m\u00e1s amplio. Sin embargo, los observadores ven en este tipo de iniciativas una posible se\u00f1al de que los debates sobre pol\u00edtica de seguridad est\u00e1n llegando cada vez m\u00e1s a las generaciones m\u00e1s j\u00f3venes. Es probable que la evoluci\u00f3n futura dependa de si se desarrolla un mayor impulso a trav\u00e9s de las redes sociales o de los medios de comunicaci\u00f3n tradicionales.<\/p>\n<p><strong>03.04.2026<\/strong>: Un gran desapercibido <a href=\"https:\/\/www.berliner-zeitung.de\/news\/neue-wehrpflicht-regel-kaum-beachtete-aenderung-hat-weitreichende-folgen-li.10028539\" target=\"_blank\" rel=\"noopener\"><strong>Modificaci\u00f3n de la Ley de Modernizaci\u00f3n del Servicio Militar<\/strong><\/a> es motivo de debate: Los hombres de entre 17 y 45 a\u00f1os deben obtener autorizaci\u00f3n de las Fuerzas Armadas alemanas antes de estancias m\u00e1s largas en el extranjero. Concretamente, esto se aplica a las estancias de m\u00e1s de tres meses, por ejemplo para estudiar, trabajar o viajar. La principal novedad es que esta normativa ya no s\u00f3lo se aplica en estado de tensi\u00f3n o defensa, sino que tambi\u00e9n se aplica de forma permanente en una situaci\u00f3n normal. Esto ampl\u00eda significativamente el control del Estado sobre los posibles reclutas. El Ministerio de Defensa justifica el cambio por la mejora del registro militar en caso de emergencia. Al mismo tiempo, el propio Ministerio admite que los efectos podr\u00edan ser \u201ede gran alcance\u201c, mientras que las excepciones espec\u00edficas a\u00fan no se han elaborado por completo. El ajuste muestra c\u00f3mo las condiciones marco que rodean el servicio militar obligatorio y la preparaci\u00f3n militar est\u00e1n cambiando gradualmente, a menudo sin mucha atenci\u00f3n p\u00fablica.<\/p>\n<p><strong>27.03.2026<\/strong>Un v\u00eddeo reciente pone de relieve la creciente presencia de la Bundeswehr en el entorno escolar y el debate asociado. El tel\u00f3n de fondo son los acuerdos de cooperaci\u00f3n entre la Bundeswehr y las instituciones educativas, que permiten a los llamados oficiales juveniles ense\u00f1ar directamente en las aulas. Oficialmente, esto sirve al prop\u00f3sito de la educaci\u00f3n pol\u00edtica y la comunicaci\u00f3n de contextos de pol\u00edtica de seguridad.<\/p>\n<div class=\"lyte-wrapper\" style=\"width:640px;max-width:100%;margin:5px;\"><div class=\"lyMe\" id=\"WYL_Gg819rsvArY\"><div id=\"lyte_Gg819rsvArY\" data-src=\"https:\/\/www.markus-schall.de\/wp-content\/plugins\/wp-youtube-lyte\/lyteCache.php?origThumbUrl=%2F%2Fi.ytimg.com%2Fvi%2FGg819rsvArY%2Fhqdefault.jpg\" class=\"pL\"><div class=\"tC\"><div class=\"tT\"><\/div><\/div><div class=\"play\"><\/div><div class=\"ctrl\"><div class=\"Lctrl\"><\/div><div class=\"Rctrl\"><\/div><\/div><\/div><noscript><a href=\"https:\/\/youtu.be\/Gg819rsvArY\" rel=\"nofollow noopener\" target=\"_blank\"><img loading=\"lazy\" decoding=\"async\" src=\"https:\/\/www.markus-schall.de\/wp-content\/plugins\/wp-youtube-lyte\/lyteCache.php?origThumbUrl=https%3A%2F%2Fi.ytimg.com%2Fvi%2FGg819rsvArY%2F0.jpg\" alt=\"Miniatura de v\u00eddeo de YouTube\" width=\"640\" height=\"340\" \/><br \/>Ver este v\u00eddeo en YouTube<\/a><\/noscript><\/div><\/div><div class=\"lL\" style=\"max-width:100%;width:640px;margin:5px;\"><\/div><br \/>\n\u00bfLa Bundeswehr en las aulas? | <a href=\"https:\/\/www.youtube.com\/@BerlinerZeitung_BLZ\" target=\"_blank\" rel=\"nofollow noopener\">Berliner Zeitung<\/a><\/p>\n<p>Sin embargo, los cr\u00edticos ven una evoluci\u00f3n problem\u00e1tica: organizaciones del mundo acad\u00e9mico y de la sociedad advierten de una progresiva militarizaci\u00f3n del sector educativo. En particular, se critica el acceso a alumnos menores de edad, ya que en este caso no puede descartarse una influencia selectiva. Los que est\u00e1n a favor, por el contrario, argumentan que las cuestiones de pol\u00edtica de seguridad deben ense\u00f1arse m\u00e1s en una situaci\u00f3n mundial cada vez m\u00e1s insegura.<\/p>\n<hr \/>\n<h2>Escuela sin soldados en las aulas<\/h2>\n<p>Cuando oigo los debates actuales sobre las visitas de la Bundeswehr a las escuelas, siempre tengo que pensar: \u00bfHemos tenido realmente algo as\u00ed aqu\u00ed? La respuesta sincera es: ni siquiera lo s\u00e9 con exactitud. En teor\u00eda era posible, pero simplemente no lo recuerdo.<\/p>\n<p>Lo que s\u00ed recuerdo con bastante claridad es que una vez vino un dentista a nuestra escuela primaria y nos explic\u00f3 c\u00f3mo cepillarse los dientes correctamente. Evidentemente, era un tema importante de educaci\u00f3n sanitaria en aquella \u00e9poca. De hecho, recuerdo cosas as\u00ed.<\/p>\n<p>\u00bfPero soldados en las aulas? \u00bfClases sobre pol\u00edtica de seguridad? \u00bfOficiales de juventud explicando conflictos internacionales? No recuerdo nada de eso. Por supuesto, eso no significa autom\u00e1ticamente que no existiera tal cosa. Tal vez se produjera realmente alguna vez y yo estuviera enfermo ese d\u00eda o no asistiera a clase por otros motivos.<\/p>\n<p>Tambi\u00e9n es posible que este tipo de acontecimientos se produjeran en los cursos superiores, por ejemplo, en 12\u00ba o 13\u00ba. Sin embargo, yo s\u00f3lo fui a la grammar school hasta el 11\u00ba curso. Despu\u00e9s dej\u00e9 la escuela. Por lo tanto, es muy posible que esos temas s\u00f3lo se trataran m\u00e1s tarde en las clases y que yo no los experimentara en absoluto. Pero aunque as\u00ed fuera, la Bundeswehr no formaba parte de la vida escolar cotidiana.<\/p>\n<h3>Otra vez<\/h3>\n<p>Echando la vista atr\u00e1s, esto no resulta especialmente sorprendente. En la d\u00e9cada de 1990, el servicio militar obligatorio segu\u00eda vigente en Alemania. Esto significaba que el Estado recib\u00eda sus reclutas militares pr\u00e1cticamente de forma autom\u00e1tica. Miles de j\u00f3venes eran reclutados cada a\u00f1o. Por tanto, no hab\u00eda ning\u00fan motivo especial para reclutar voluntarios de forma intensiva. La Bundeswehr no ten\u00eda que luchar activamente para llamar la atenci\u00f3n en aquella \u00e9poca. Simplemente formaba parte del sistema.<\/p>\n<p>Hoy en d\u00eda, la situaci\u00f3n es diferente. Desde la suspensi\u00f3n del servicio militar obligatorio en 2011, la Bundeswehr ha evolucionado gradualmente hacia un ej\u00e9rcito de voluntarios. Al mismo tiempo, el entorno de la pol\u00edtica de seguridad europea tambi\u00e9n ha cambiado. Los nuevos conflictos, las nuevas tensiones geopol\u00edticas y el aumento del gasto en defensa configuran ahora el debate pol\u00edtico.<\/p>\n<p>En esta nueva situaci\u00f3n, una pregunta es mucho m\u00e1s urgente que antes: \u00bfDe d\u00f3nde saldr\u00e1n los soldados del futuro? Aqu\u00ed es precisamente donde la Bundeswehr aparece cada vez m\u00e1s en la vida escolar cotidiana, por ejemplo a trav\u00e9s de presentaciones de oficiales juveniles, juegos de simulaci\u00f3n de pol\u00edtica de seguridad o actos informativos sobre las oportunidades de la carrera militar.<\/p>\n<p>Al mismo tiempo, sin embargo, tambi\u00e9n crecen las cr\u00edticas. Algunas asociaciones de profesores y organizaciones pacifistas se muestran esc\u00e9pticas ante estas actividades. Advierten de que las escuelas podr\u00edan convertirse en lugares de reclutamiento de j\u00f3venes talentos.<\/p>\n<p>Y ahora los propios alumnos tambi\u00e9n se manifiestan. En los \u00faltimos meses ha habido huelgas escolares en muchas ciudades alemanas contra los nuevos planes del gobierno alem\u00e1n para el servicio militar. Miles de j\u00f3venes salieron a la calle para protestar contra una posible vuelta al servicio militar obligatorio.<br \/>\nEste hecho me ha despertado la curiosidad. Porque plantea una serie de preguntas:<\/p>\n<ul>\n<li>\u00bfHasta qu\u00e9 punto est\u00e1 presente la Bundeswehr en las escuelas alemanas?<\/li>\n<li>\u00bfDesde cu\u00e1ndo existe esta forma de cooperaci\u00f3n?<\/li>\n<li>\u00bfY d\u00f3nde est\u00e1 el l\u00edmite entre la educaci\u00f3n pol\u00edtica y el reclutamiento militar?<\/li>\n<\/ul>\n<p>A continuaci\u00f3n me gustar\u00eda profundizar precisamente en estas cuestiones.<\/p>\n<p><img loading=\"lazy\" decoding=\"async\" class=\"alignnone size-large wp-image-5152\" src=\"https:\/\/www.markus-schall.de\/wp-content\/uploads\/Wehrpflicht-Schulstreiks-90er.jpg\" alt=\"\" width=\"1024\" height=\"683\" srcset=\"https:\/\/www.markus-schall.de\/wp-content\/uploads\/Wehrpflicht-Schulstreiks-90er.jpg 1024w, https:\/\/www.markus-schall.de\/wp-content\/uploads\/Wehrpflicht-Schulstreiks-90er-300x200.jpg 300w, https:\/\/www.markus-schall.de\/wp-content\/uploads\/Wehrpflicht-Schulstreiks-90er-768x512.jpg 768w, https:\/\/www.markus-schall.de\/wp-content\/uploads\/Wehrpflicht-Schulstreiks-90er-18x12.jpg 18w\" sizes=\"auto, (max-width: 1024px) 100vw, 1024px\" \/><\/p>\n<h2>Punto de inflexi\u00f3n: C\u00f3mo ha cambiado la situaci\u00f3n de la seguridad en Europa<\/h2>\n<p>Si se sigue el debate pol\u00edtico en Europa hoy en d\u00eda, hay un t\u00e9rmino que aparece una y otra vez:<\/p>\n<blockquote><p><em>\u201ePunto de inflexi\u00f3n\u201c<\/em><\/p><\/blockquote>\n<p>Esta palabra aparece en discursos de pol\u00edticos, art\u00edculos de prensa, tertulias y an\u00e1lisis de pol\u00edtica de seguridad. Se refiere a la valoraci\u00f3n de que la situaci\u00f3n estrat\u00e9gica en Europa ha cambiado radicalmente, y m\u00e1s r\u00e1pido de lo que muchos observadores habr\u00edan esperado hace tan s\u00f3lo unos a\u00f1os.<\/p>\n<p>Durante mucho tiempo, Alemania vivi\u00f3 en un entorno de seguridad relativamente estable. Tras el final de la Guerra Fr\u00eda, un gran conflicto militar en suelo europeo parec\u00eda casi inconcebible. La Bundeswehr se redujo, el gasto en defensa disminuy\u00f3 y mucha gente ten\u00eda la impresi\u00f3n de que las cuestiones militares desempe\u00f1ar\u00edan un papel subordinado en el futuro. Hoy, la situaci\u00f3n es diferente.<\/p>\n<h3>La guerra de Ucrania como punto de inflexi\u00f3n<\/h3>\n<p>La guerra de Ucrania fue un punto de inflexi\u00f3n decisivo. Desde 2022 a m\u00e1s tardar, el tema de la pol\u00edtica de seguridad ha vuelto a ocupar un lugar destacado en la agenda pol\u00edtica europea. Muchos pa\u00edses debaten hasta qu\u00e9 punto sigue siendo estable el orden de seguridad europeo y qu\u00e9 papel tendr\u00e1n que desempe\u00f1ar las fuerzas armadas nacionales en el futuro.<\/p>\n<p>Esta evoluci\u00f3n tambi\u00e9n ha provocado un claro cambio de rumbo en Alemania. Los pol\u00edticos dicen ahora abiertamente que Europa debe volver a centrarse m\u00e1s en la disuasi\u00f3n militar y las capacidades de defensa. El gobierno alem\u00e1n decidi\u00f3 crear un gran fondo especial para la Bundeswehr, se increment\u00f3 el gasto en defensa y Alemania est\u00e1 ahora mucho m\u00e1s comprometida dentro de la OTAN que hace unos a\u00f1os.<\/p>\n<p>Estos cambios no s\u00f3lo repercuten en la pol\u00edtica exterior. Tambi\u00e9n afectan a cuestiones muy pr\u00e1cticas: equipamiento, infraestructuras... y personal.<\/p>\n<h3>La creciente importancia de la Bundeswehr<\/h3>\n<p>En este nuevo entorno, la Bundeswehr se est\u00e1 situando cada vez m\u00e1s en el centro del debate pol\u00edtico. Durante muchos a\u00f1os, se consider\u00f3 en Alemania como una instituci\u00f3n que exist\u00eda pero apenas era visible en la vida cotidiana de la mayor\u00eda de la gente. Se produc\u00edan despliegues en el extranjero, pero a menudo s\u00f3lo desempe\u00f1aban un papel limitado en la conciencia p\u00fablica.<\/p>\n<p>Hoy, las cosas son diferentes. De repente, se discute m\u00e1s intensamente sobre el tama\u00f1o que deben tener las fuerzas armadas, las tareas que deben cumplir y lo bien preparadas que est\u00e1n para posibles crisis. Al mismo tiempo, la OTAN ha aumentado sus expectativas respecto a los pa\u00edses miembros. Se espera que Alemania contribuya en mayor medida a la defensa colectiva.<\/p>\n<p>Todo esto significa que la Bundeswehr no s\u00f3lo necesita tecnolog\u00eda moderna, sino tambi\u00e9n personal suficiente.<\/p>\n<h3>Las necesidades de personal de las fuerzas armadas<\/h3>\n<p>Un ej\u00e9rcito moderno no funciona s\u00f3lo con veh\u00edculos, aviones o sistemas digitales. Necesita, sobre todo, personas: soldados, t\u00e9cnicos, especialistas, oficiales y muchos otros trabajadores cualificados.<\/p>\n<p>Este ha sido uno de los mayores retos a los que se ha enfrentado la Bundeswehr durante varios a\u00f1os. Una y otra vez, los medios de comunicaci\u00f3n informan de las dificultades para contratar personal. Ciertas \u00e1reas t\u00e9cnicas o especializadas son particularmente dif\u00edciles de cubrir. Al mismo tiempo, la necesidad de nuevos reclutas cualificados es cada vez mayor.<\/p>\n<p>No se trata de un problema exclusivamente alem\u00e1n. Muchos pa\u00edses europeos se enfrentan a problemas similares. En las sociedades modernas, el ej\u00e9rcito compite con muchos otros empleadores por j\u00f3venes bien formados. Mientras que en el pasado el servicio militar obligatorio garantizaba la disponibilidad peri\u00f3dica de nuevos soldados, un ej\u00e9rcito de voluntarios tiene que reclutar activamente a sus miembros.<\/p>\n<h3>Una nueva cuesti\u00f3n estrat\u00e9gica<\/h3>\n<p>Esto tambi\u00e9n cambia una perspectiva fundamental: el ej\u00e9rcito se est\u00e1 convirtiendo cada vez m\u00e1s en un empleador entre muchos otros. Hoy en d\u00eda, la Bundeswehr tiene que explicar por qu\u00e9 los j\u00f3venes deber\u00edan elegir una carrera militar. Debe presentar programas de formaci\u00f3n, mostrar las oportunidades profesionales y presentar su papel en la sociedad. En resumen, tiene que ser visible.<\/p>\n<p>Y aqu\u00ed es precisamente donde entran en escena las escuelas. Al fin y al cabo, si se quiere llegar a los j\u00f3venes, lo l\u00f3gico es ir all\u00ed donde est\u00e1n: a las escuelas, los centros de formaci\u00f3n o las universidades. Desde esta perspectiva, los actos informativos, las conferencias o los debates sobre pol\u00edtica de seguridad parecen en principio una medida l\u00f3gica.<\/p>\n<p>Pero es precisamente aqu\u00ed donde comienza el debate social.<\/p>\n<h3>Militares y sociedad<\/h3>\n<p>En Alemania, la relaci\u00f3n entre el ej\u00e9rcito y la sociedad es tradicionalmente delicada. La experiencia hist\u00f3rica del siglo XX ha llevado a mucha gente a prestar mucha atenci\u00f3n al papel de las fuerzas armadas en la vida p\u00fablica.<\/p>\n<p>Por eso, la creciente presencia de la Bundeswehr en las escuelas se ve de forma diferente. Para algunos, la pol\u00edtica de seguridad forma parte natural de la educaci\u00f3n pol\u00edtica. Argumentan que los alumnos tienen derecho a familiarizarse con la perspectiva de las fuerzas armadas.<\/p>\n<p>Otros adoptan una postura m\u00e1s cr\u00edtica. Temen que los intereses militares adquieran demasiada influencia en el \u00e1mbito de la educaci\u00f3n, sobre todo si al mismo tiempo se buscan nuevos reclutas para el ej\u00e9rcito.<\/p>\n<p>Gran parte del debate p\u00fablico actual se centra en estas dos posturas.<\/p>\n<h3>El caso de la tensi\u00f3n: \u00bfqu\u00e9 ocurre cuando Alemania entra oficialmente en modo crisis?<\/h3>\n<p><a href=\"https:\/\/www.markus-schall.de\/es\/2025\/10\/que-significa-la-caida-de-tension-en-alemania-y-que-consecuencias-concretas-tendria\/\"><img loading=\"lazy\" decoding=\"async\" class=\"alignright wp-image-3002 size-medium\" src=\"https:\/\/www.markus-schall.de\/wp-content\/uploads\/Spannungsfall-Deutschland-2025-300x200.jpg\" alt=\"Caja de tensi\u00f3n-Alemania-2025\" width=\"300\" height=\"200\" srcset=\"https:\/\/www.markus-schall.de\/wp-content\/uploads\/Spannungsfall-Deutschland-2025-300x200.jpg 300w, https:\/\/www.markus-schall.de\/wp-content\/uploads\/Spannungsfall-Deutschland-2025-768x512.jpg 768w, https:\/\/www.markus-schall.de\/wp-content\/uploads\/Spannungsfall-Deutschland-2025-18x12.jpg 18w, https:\/\/www.markus-schall.de\/wp-content\/uploads\/Spannungsfall-Deutschland-2025.jpg 1024w\" sizes=\"auto, (max-width: 300px) 100vw, 300px\" \/><\/a>Otro t\u00e9rmino que aparece cada vez con m\u00e1s frecuencia en los debates sobre pol\u00edtica de seguridad es el llamado estado de tensi\u00f3n. Este estado se sit\u00faa legalmente entre el tiempo de paz y el estado de defensa y puede ser declarado por el Bundestag si amenaza una grave crisis internacional. Sin embargo, muchos ciudadanos apenas saben cu\u00e1les ser\u00edan sus consecuencias concretas. En mi <a href=\"https:\/\/www.markus-schall.de\/es\/2025\/10\/que-significa-la-caida-de-tension-en-alemania-y-que-consecuencias-concretas-tendria\/\"><strong>Art\u00edculo sobre la ca\u00edda de tensi\u00f3n<\/strong><\/a> Por ello, explico detalladamente qu\u00e9 mecanismos pol\u00edticos y jur\u00eddicos entrar\u00edan entonces en vigor. Entre ellos, la posible movilizaci\u00f3n de la Bundeswehr, los poderes especiales de los organismos gubernamentales y los cambios en la vida cotidiana de la poblaci\u00f3n. El art\u00edculo muestra claramente c\u00f3mo funciona realmente esta parte de la arquitectura de seguridad alemana de la que rara vez se habla.<\/p>\n<hr \/>\n<h3 style=\"text-align: left;\">Encuesta actual sobre un posible caso de tensi\u00f3n en Alemania<\/h3>\n<div class='bootstrap-yop yop-poll-mc'>\n\t\t\t\t\t\t\t<div class=\"basic-yop-poll-container\" style=\"background-color:#ffffff; border:0px; border-style:solid; border-color:#000000; border-radius:5px; padding:0px 5px;\" data-id=\"6\" data-temp=\"basic-pretty\" data-skin=\"square\" data-cscheme=\"blue\" data-cap=\"0\" data-access=\"guest\" data-tid=\"\" data-uid=\"7dc328f53c4650c6af7dbeb84b5b5d29\" data-pid=\"5009\" data-resdet=\"votes-number,percentages\" data-show-results-to=\"guest\" data-show-results-moment=\"after-vote\" data-show-results-only=\"false\" data-show-message=\"true\" data-show-results-as=\"bar\" data-sort-results-by=\"as-defined\" data-sort-results-rule=\"asc\"data-is-ended=\"0\" data-percentages-decimals=\"2\" data-gdpr=\"no\" data-gdpr-sol=\"consent\" data-css=\".basic-yop-poll-container[data-uid] .basic-vote {\t\t\t\t\t\t\t\t\ttext-align: center;\t\t\t\t\t\t\t\t}\" data-counter=\"0\" data-load-with=\"1\" data-notification-section=\"top\"><div class=\"row\"><div class=\"col-md-12\"><div class=\"basic-inner\"><div class=\"basic-message hide\" style=\"border-left: 10px solid #008000; padding: 0px 10px;\" data-error=\"#ff0000\" data-success=\"#008000\"><p class=\"basic-message-text\" style=\"color:#000000; font-size:14px; font-weight:normal;\"><\/p><\/div><div class=\"basic-overlay hide\"><div class=\"basic-vote-options\"><\/div><div class=\"basic-preloader\"><div class=\"basic-windows8\"><div class=\"basic-wBall basic-wBall_1\"><div class=\"basic-wInnerBall\"><\/div><\/div><div class=\"basic-wBall basic-wBall_2\"><div class=\"basic-wInnerBall\"><\/div><\/div><div class=\"basic-wBall basic-wBall_3\"><div class=\"basic-wInnerBall\"><\/div><\/div><div class=\"basic-wBall basic-wBall_4\"><div class=\"basic-wInnerBall\"><\/div><\/div><div class=\"basic-wBall basic-wBall_5\"><div class=\"basic-wInnerBall\"><\/div><\/div><\/div><\/div><\/div><form class=\"basic-form\" action=\"\"><input type=\"hidden\" name=\"_token\" value=\"523642ccbf\" autocomplete=\"off\"><div class=\"basic-elements\"><div class=\"basic-element basic-question basic-question-text-vertical\" data-id=\"6\" data-uid=\"e370013620c527d991622a871ee6f866\" data-type=\"question\" data-question-type=\"text\" data-required=\"yes\" data-allow-multiple=\"no\" data-min=\"1\" data-max=\"7\" data-display=\"vertical\" data-colnum=\"\" data-display-others=\"no\" data-others-color=\"\" data-others=\"\" data-others-max-chars=\"0\"><div class=\"basic-question-title\"><h5 style=\"color:#000000; font-size:16px; font-weight:normal; text-align:left;\">\u00bfEn qu\u00e9 medida se siente personalmente preparado para un posible caso de tensi\u00f3n (por ejemplo, crisis o guerra)?<\/h5><\/div><ul class=\"basic-answers\"><li class=\"basic-answer\" style=\"padding:0px 0px;\" data-id=\"24\" data-type=\"text\" data-vn=\"19\" data-color=\"#000000\" data-make-link=\"no\" data-link=\"\"><div class=\"basic-answer-content basic-text-vertical\"><label for=\"answer[24]\" class=\"basic-answer-label\"><input type=\"radio\" id=\"answer[24]\" name=\"answer[6]\" value=\"24\"><span class=\"basic-text\" style=\"color: #000000; font-size: 14px; font-weight: normal;\">Muy bien - Tengo suministros, conocimientos y un plan<\/span><\/label><\/div><\/li><li class=\"basic-answer\" style=\"padding:0px 0px;\" data-id=\"25\" data-type=\"text\" data-vn=\"36\" data-color=\"#000000\" data-make-link=\"no\" data-link=\"\"><div class=\"basic-answer-content basic-text-vertical\"><label for=\"answer[25]\" class=\"basic-answer-label\"><input type=\"radio\" id=\"answer[25]\" name=\"answer[6]\" value=\"25\"><span class=\"basic-text\" style=\"color: #000000; font-size: 14px; font-weight: normal;\">Bastante bueno - lo he pensado un poco<\/span><\/label><\/div><\/li><li class=\"basic-answer\" style=\"padding:0px 0px;\" data-id=\"26\" data-type=\"text\" data-vn=\"59\" data-color=\"#000000\" data-make-link=\"no\" data-link=\"\"><div class=\"basic-answer-content basic-text-vertical\"><label for=\"answer[26]\" class=\"basic-answer-label\"><input type=\"radio\" id=\"answer[26]\" name=\"answer[6]\" value=\"26\"><span class=\"basic-text\" style=\"color: #000000; font-size: 14px; font-weight: normal;\">Apenas - S\u00f3lo espero que no pase nada<\/span><\/label><\/div><\/li><li class=\"basic-answer\" style=\"padding:0px 0px;\" data-id=\"27\" data-type=\"text\" data-vn=\"13\" data-color=\"#000000\" data-make-link=\"no\" data-link=\"\"><div class=\"basic-answer-content basic-text-vertical\"><label for=\"answer[27]\" class=\"basic-answer-label\"><input type=\"radio\" id=\"answer[27]\" name=\"answer[6]\" value=\"27\"><span class=\"basic-text\" style=\"color: #000000; font-size: 14px; font-weight: normal;\">En absoluto - suprimo deliberadamente el tema<\/span><\/label><\/div><\/li><li class=\"basic-answer\" style=\"padding:0px 0px;\" data-id=\"28\" data-type=\"text\" data-vn=\"16\" data-color=\"#000000\" data-make-link=\"no\" data-link=\"\"><div class=\"basic-answer-content basic-text-vertical\"><label for=\"answer[28]\" class=\"basic-answer-label\"><input type=\"radio\" id=\"answer[28]\" name=\"answer[6]\" value=\"28\"><span class=\"basic-text\" style=\"color: #000000; font-size: 14px; font-weight: normal;\">\u00bfQu\u00e9 es una \"ca\u00edda de tensi\u00f3n\"?<\/span><\/label><\/div><\/li><\/ul><\/div><div class=\"clearfix\"><\/div><\/div><div class=\"basic-vote\"><a href=\"#\" class=\"button basic-vote-button\" role=\"button\" style=\"background:#027bb8; border:0px; border-style: solid; border-color:#000000; border-radius:5px; padding:10px 10px; color:#ffffff; font-size:14px; font-weight:normal;\">Vote<\/a><\/div><input type=\"hidden\" name=\"trp-form-language\" value=\"es\"\/><\/form><\/div><\/div><\/div><\/div>\n\t\t\t\t\t\t<\/div>\n<hr \/>\n<h3>Un debate que no ha hecho m\u00e1s que empezar<\/h3>\n<p>Si nos fijamos en los acontecimientos actuales, r\u00e1pidamente queda claro que la cuesti\u00f3n del papel de la Bundeswehr en las escuelas forma parte de un debate mucho m\u00e1s amplio. Afecta a cuestiones fundamentales como la seguridad, la democracia, la educaci\u00f3n pol\u00edtica y la responsabilidad del Estado hacia sus ciudadanos. Al mismo tiempo, muestra que la relaci\u00f3n entre los j\u00f3venes y las instituciones estatales tambi\u00e9n est\u00e1 cambiando.<\/p>\n<p>Hace unas d\u00e9cadas, probablemente habr\u00eda sido dif\u00edcil imaginar a los escolares de hoy manifest\u00e1ndose y debatiendo p\u00fablicamente sobre el servicio militar o la pol\u00edtica militar.<\/p>\n<p>Todo ello indica que Europa -y con ella Alemania- se encuentra efectivamente en una fase de agitaci\u00f3n. Por tanto, resulta a\u00fan m\u00e1s interesante preguntarse c\u00f3mo ha llegado el momento de que la Bundeswehr tenga que reclutar a m\u00e1s j\u00f3venes. Al fin y al cabo, el punto de partida decisivo de esta evoluci\u00f3n radica en una decisi\u00f3n pol\u00edtica que se tom\u00f3 hace m\u00e1s de una d\u00e9cada: el fin del servicio militar obligatorio.<\/p>\n<p><img loading=\"lazy\" decoding=\"async\" class=\"alignnone size-large wp-image-5153\" src=\"https:\/\/www.markus-schall.de\/wp-content\/uploads\/Wehrpflicht-Schulstreiks-Geopolitik.jpg\" alt=\"Servicio militar obligatorio - huelgas escolares - geopol\u00edtica\" width=\"1024\" height=\"683\" srcset=\"https:\/\/www.markus-schall.de\/wp-content\/uploads\/Wehrpflicht-Schulstreiks-Geopolitik.jpg 1024w, https:\/\/www.markus-schall.de\/wp-content\/uploads\/Wehrpflicht-Schulstreiks-Geopolitik-300x200.jpg 300w, https:\/\/www.markus-schall.de\/wp-content\/uploads\/Wehrpflicht-Schulstreiks-Geopolitik-768x512.jpg 768w, https:\/\/www.markus-schall.de\/wp-content\/uploads\/Wehrpflicht-Schulstreiks-Geopolitik-18x12.jpg 18w\" sizes=\"auto, (max-width: 1024px) 100vw, 1024px\" \/><\/p>\n<h2>El fin del servicio militar obligatorio y sus consecuencias<\/h2>\n<p>En 2011, Alemania tom\u00f3 una decisi\u00f3n de pol\u00edtica de seguridad cuyos efectos a\u00fan se dejan sentir hoy: Se suspendi\u00f3 el servicio militar obligatorio. Aunque formalmente no se aboli\u00f3 por completo, en la pr\u00e1ctica esta decisi\u00f3n supuso el fin de un sistema que hab\u00eda sido un componente central de la estructura de seguridad alemana durante d\u00e9cadas.<\/p>\n<p>Durante muchas generaciones, el servicio militar obligatorio fue algo natural. Cualquiera que alcanzara la mayor\u00eda de edad ten\u00eda que esperar pasar unos meses de su vida en las fuerzas armadas o en el servicio civil. El Estado dispon\u00eda as\u00ed de un flujo continuo de reclutas, independientemente de lo atractivo que resultara el servicio militar para el individuo.<\/p>\n<p>Este principio cambi\u00f3 fundamentalmente con la suspensi\u00f3n del servicio militar obligatorio.<\/p>\n<h3>Del ej\u00e9rcito de reclutas al ej\u00e9rcito de voluntarios<\/h3>\n<p>Desde 2011, la Bundeswehr se basa en un sistema voluntario. Esto significa que nadie es reclutado autom\u00e1ticamente. Quien quiera convertirse en soldado debe decidirlo conscientemente.<\/p>\n<p>En un principio, hab\u00eda razones bastante comprensibles para este cambio. En los a\u00f1os anteriores ya se hab\u00eda reducido mucho el n\u00famero de reclutas y muchos expertos argumentaban que un ej\u00e9rcito moderno pod\u00eda funcionar mejor con soldados voluntarios y formados profesionalmente.<\/p>\n<p>Las tareas de la Bundeswehr tambi\u00e9n hab\u00edan cambiado. Las misiones en el extranjero, la cooperaci\u00f3n internacional y los sistemas militares t\u00e9cnicamente sofisticados requieren una formaci\u00f3n cada vez m\u00e1s especializada. En este contexto, a muchos pol\u00edticos les parec\u00eda m\u00e1s sensato un ej\u00e9rcito m\u00e1s peque\u00f1o y profesionalizado.<\/p>\n<p>Pero toda decisi\u00f3n pol\u00edtica tiene tambi\u00e9n efectos secundarios.<\/p>\n<h3>El reto de contratar j\u00f3venes talentos<\/h3>\n<p>Con el fin del servicio militar obligatorio desapareci\u00f3 un mecanismo que durante d\u00e9cadas hab\u00eda garantizado autom\u00e1ticamente una nueva generaci\u00f3n de soldados. De repente, la Bundeswehr tuvo que convencer a los j\u00f3venes para que se alistaran voluntariamente.<\/p>\n<p>A primera vista parece m\u00e1s f\u00e1cil de lo que es en la pr\u00e1ctica. Al fin y al cabo, la Bundeswehr compite ahora con muchos otros empleadores por j\u00f3venes cualificados. Universidades, empresas, start-ups, administraci\u00f3n p\u00fablica... todos buscan j\u00f3venes talentos. Al mismo tiempo, el mundo laboral ha cambiado radicalmente. Muchos j\u00f3venes conceden gran importancia a la planificaci\u00f3n flexible de la vida, la movilidad internacional o los campos profesionales creativos.<\/p>\n<p>En estas condiciones, la carrera militar no resulta atractiva para todo el mundo. Es m\u00e1s, la profesi\u00f3n militar est\u00e1 asociada a requisitos especiales: esfuerzo f\u00edsico, disciplina, posibles despliegues en el extranjero y la disposici\u00f3n a utilizar la fuerza militar en caso de emergencia. Son aspectos que no pueden compararse con los empleos ordinarios.<\/p>\n<p>Para la Bundeswehr, esto significa que debe explicar por qu\u00e9 los j\u00f3venes deber\u00edan, a pesar de todo, elegir este camino.<\/p>\n<h3>Nuevas estrategias de relaciones p\u00fablicas<\/h3>\n<p>Por ello, en los a\u00f1os posteriores a 2011, la Bundeswehr comenz\u00f3 a ampliar considerablemente su labor de relaciones p\u00fablicas. Las campa\u00f1as de informaci\u00f3n, los portales de carreras y las apariciones en las redes sociales pretend\u00edan mostrar las oportunidades que puede ofrecer una carrera militar.<\/p>\n<p>Los eventos para j\u00f3venes tambi\u00e9n ganaron en importancia. Los stands informativos en ferias de formaci\u00f3n, los servicios de asesoramiento para j\u00f3venes que abandonan los estudios y las presentaciones sobre profesiones t\u00e9cnicas en las fuerzas armadas se convirtieron cada vez m\u00e1s en parte de la estrategia de reclutamiento.<\/p>\n<p>Otro instrumento fueron los actos educativos, como conferencias sobre pol\u00edtica de seguridad, juegos de simulaci\u00f3n de conflictos internacionales o debates sobre el papel de la OTAN. Oficialmente, el objetivo es la educaci\u00f3n pol\u00edtica y la difusi\u00f3n de informaci\u00f3n. Sin embargo, algunos cr\u00edticos consideran que se trata de una forma indirecta de reclutamiento.<\/p>\n<p>Independientemente de ello, esta evoluci\u00f3n demuestra sobre todo una cosa: la Bundeswehr depende ahora m\u00e1s de la visibilidad que en el pasado.<\/p>\n<h3>Una sociedad en transici\u00f3n<\/h3>\n<p>Este cambio se produce en un momento en que tambi\u00e9n ha cambiado la actitud de la sociedad hacia los militares. Mientras que la defensa nacional fue una cuesti\u00f3n pol\u00edtica central durante las d\u00e9cadas de la Guerra Fr\u00eda, fue pasando a un segundo plano tras la reunificaci\u00f3n alemana.<\/p>\n<p>Muchos alemanes crecieron en una \u00e9poca en la que la guerra en Europa parec\u00eda casi inconcebible. La pol\u00edtica de seguridad se percib\u00eda m\u00e1s bien como una tarea de cooperaci\u00f3n internacional y soluciones diplom\u00e1ticas. Las cuestiones militares apenas desempe\u00f1aban un papel en la vida cotidiana de muchos ciudadanos.<\/p>\n<p>Con las actuales tensiones geopol\u00edticas, este panorama est\u00e1 cambiando de nuevo. Temas como la capacidad de defensa, la pol\u00edtica de alianzas y la disuasi\u00f3n militar vuelven a debatirse con mayor intensidad. Esta evoluci\u00f3n conduce inevitablemente a otra pregunta: \u00bfqu\u00e9 papel debe desempe\u00f1ar la Bundeswehr en la sociedad y qu\u00e9 visibilidad debe tener?<\/p>\n<h3>El retorno de un viejo debate<\/h3>\n<p>Por ello, desde hace algunos a\u00f1os se debate sobre la posible vuelta del servicio militar obligatorio. Algunos pol\u00edticos argumentan que el servicio obligatorio no s\u00f3lo garantizar\u00eda las necesidades de mano de obra de las fuerzas armadas, sino que tambi\u00e9n podr\u00eda reforzar la relaci\u00f3n entre la sociedad y el ej\u00e9rcito.<\/p>\n<p>Otros se oponen firmemente a esta idea. Lo consideran una intromisi\u00f3n en la libertad personal y dudan de que el servicio militar obligatorio siga teniendo sentido en una sociedad moderna.<\/p>\n<p>El debate pol\u00edtico se mueve actualmente entre estas posiciones. Solo una cosa es segura: la decisi\u00f3n de 2011 ha cambiado definitivamente el sistema.<\/p>\n<h3>Una mirada a la generaci\u00f3n m\u00e1s joven<\/h3>\n<p>Mientras los pol\u00edticos debaten modelos de reforma, los propios j\u00f3venes tambi\u00e9n reaccionan ante esta evoluci\u00f3n. Las actuales huelgas escolares contra los planes de servicio militar demuestran que la cuesti\u00f3n del servicio militar y la pol\u00edtica de seguridad vuelve a afectar a una generaci\u00f3n que durante mucho tiempo ha tenido poco contacto con este tema.<\/p>\n<p>Precisamente por eso, el sector educativo se est\u00e1 convirtiendo cada vez m\u00e1s en un lugar donde este debate se hace visible. Las escuelas no son s\u00f3lo lugares de aprendizaje, sino tambi\u00e9n espacios en los que por primera vez se reconocen y debaten m\u00e1s intensamente cuestiones pol\u00edticas.<\/p>\n<p>Esto nos lleva autom\u00e1ticamente a plantearnos otra cuesti\u00f3n: \u00bfqu\u00e9 papel desempe\u00f1a realmente la Bundeswehr en la vida escolar actual y con qu\u00e9 frecuencia se encuentran los alumnos con soldados en las aulas? Esta es precisamente la cuesti\u00f3n que queremos abordar con m\u00e1s detalle en el pr\u00f3ximo cap\u00edtulo.<\/p>\n<h3>Punto de inflexi\u00f3n en la Bundeswehr: entre la presi\u00f3n para reformar y la escasez de personal<\/h3>\n<p>Desde el inicio de la guerra en Ucrania, pol\u00edticos y militares alemanes hablan de un \u201epunto de inflexi\u00f3n\u201c en la pol\u00edtica de seguridad. Un documental de SWR acompa\u00f1a a varios soldados en su vida cotidiana y muestra c\u00f3mo esta decisi\u00f3n pol\u00edtica est\u00e1 teniendo un impacto concreto en la Bundeswehr. La pel\u00edcula sigue, entre otros, a una joven recluta, a un experimentado soldado de reconocimiento en el flanco oriental de la OTAN y a un profesor que debe preparar a los soldados para las nuevas realidades de la pol\u00edtica de seguridad.<\/p>\n<div class=\"lyte-wrapper\" style=\"width:640px;max-width:100%;margin:5px;\"><div class=\"lyMe\" id=\"WYL_tHblncZVU5A\"><div id=\"lyte_tHblncZVU5A\" data-src=\"https:\/\/www.markus-schall.de\/wp-content\/plugins\/wp-youtube-lyte\/lyteCache.php?origThumbUrl=%2F%2Fi.ytimg.com%2Fvi%2FtHblncZVU5A%2Fhqdefault.jpg\" class=\"pL\"><div class=\"tC\"><div class=\"tT\"><\/div><\/div><div class=\"play\"><\/div><div class=\"ctrl\"><div class=\"Lctrl\"><\/div><div class=\"Rctrl\"><\/div><\/div><\/div><noscript><a href=\"https:\/\/youtu.be\/tHblncZVU5A\" rel=\"nofollow noopener\" target=\"_blank\"><img loading=\"lazy\" decoding=\"async\" src=\"https:\/\/www.markus-schall.de\/wp-content\/plugins\/wp-youtube-lyte\/lyteCache.php?origThumbUrl=https%3A%2F%2Fi.ytimg.com%2Fvi%2FtHblncZVU5A%2F0.jpg\" alt=\"Miniatura de v\u00eddeo de YouTube\" width=\"640\" height=\"340\" \/><br \/>Ver este v\u00eddeo en YouTube<\/a><\/noscript><\/div><\/div><div class=\"lL\" style=\"max-width:100%;width:640px;margin:5px;\"><\/div><br \/>\nMomento decisivo en la Bundeswehr - Un a\u00f1o con soldados | <a href=\"https:\/\/www.youtube.com\/@SWRDoku\" target=\"_blank\" rel=\"nofollow noopener\">Documental SWR<\/a><\/p>\n<p>Los retos a los que se enfrenta actualmente el Bundeswehr resultan evidentes: falta de personal, equipamiento descuidado durante a\u00f1os y la tarea de volver a centrarse en la defensa nacional y de la alianza. El informe ofrece una visi\u00f3n personal de un ej\u00e9rcito en transici\u00f3n.<\/p>\n<h3>La situaci\u00f3n antes y despu\u00e9s del fin del servicio militar obligatorio<\/h3>\n<div style=\"overflow-x: auto;\">\n<table style=\"border-collapse: collapse; width: 100%;\">\n<tbody>\n<tr style=\"background-color: #f2f2f2;\">\n<th>Antes de 2011 (servicio militar obligatorio)<\/th>\n<th>Despu\u00e9s de 2011 (ej\u00e9rcito de voluntarios)<\/th>\n<th>Efectos<\/th>\n<\/tr>\n<tr>\n<td>Reclutamiento autom\u00e1tico de muchos j\u00f3venes.<\/td>\n<td>Solicitud voluntaria para la carrera militar.<\/td>\n<td>La Bundeswehr debe reclutar activamente nuevos reclutas.<\/td>\n<\/tr>\n<tr>\n<td>Los militares estaban presentes en la sociedad, pero rara vez en las clases.<\/td>\n<td>M\u00e1s eventos informativos y trabajo de relaciones p\u00fablicas.<\/td>\n<td>La Bundeswehr aparece con m\u00e1s frecuencia en el sector de la educaci\u00f3n.<\/td>\n<\/tr>\n<tr>\n<td>El Estado dispon\u00eda de un suministro previsible de personal.<\/td>\n<td>La contrataci\u00f3n es cada vez m\u00e1s dif\u00edcil.<\/td>\n<td>Est\u00e1n surgiendo nuevas estrategias de contrataci\u00f3n.<\/td>\n<\/tr>\n<tr>\n<td>El servicio militar form\u00f3 parte de la vida de muchos j\u00f3venes.<\/td>\n<td>El servicio militar es una decisi\u00f3n profesional consciente.<\/td>\n<td>La relaci\u00f3n entre la sociedad y el ej\u00e9rcito est\u00e1 cambiando.<\/td>\n<\/tr>\n<\/tbody>\n<\/table>\n<\/div>\n<h2>Cuando los soldados vienen a clase<\/h2>\n<p>Cuando hoy en d\u00eda aparecen soldados en las aulas alemanas, no suelen ser reclutadores en el sentido tradicional. Suelen ser los llamados oficiales juveniles de la Bundeswehr. Esta funci\u00f3n especial existe desde finales de los a\u00f1os cincuenta. Su tarea oficial es proporcionar informaci\u00f3n sobre la pol\u00edtica de seguridad y mantener conversaciones con los j\u00f3venes.<\/p>\n<p>Los agentes de juventud son funcionarios formados que tambi\u00e9n reciben formaci\u00f3n pedag\u00f3gica. Visitan escuelas, universidades y centros de formaci\u00f3n pol\u00edtica para dar conferencias o participar en debates. Los temas que tratan son los conflictos internacionales, la pol\u00edtica de alianzas, el papel de la OTAN y la situaci\u00f3n de la seguridad en Europa.<\/p>\n<p>Formalmente, esta actividad se considera educaci\u00f3n pol\u00edtica. La Bundeswehr insiste regularmente en que los oficiales de juventud no deben reclutar directamente a los j\u00f3venes. Act\u00faan como portavoces, no como orientadores profesionales.<\/p>\n<p>Sin embargo, su presencia en el sector educativo se ha hecho mucho m\u00e1s visible en los \u00faltimos a\u00f1os.<\/p>\n<h3>La pol\u00edtica de seguridad como tema docente<\/h3>\n<p>Los actos con oficiales juveniles suelen tener lugar en el marco de asignaturas como pol\u00edtica, estudios sociales o historia. Los profesores pueden solicitar una visita de este tipo si desean profundizar en un tema, como la pol\u00edtica de seguridad internacional o la estructura de la OTAN.<\/p>\n<p>Un programa t\u00edpico es relativamente sencillo: un funcionario hace primero una presentaci\u00f3n sobre la evoluci\u00f3n actual de la pol\u00edtica de seguridad. A continuaci\u00f3n tiene lugar un debate en el que los alumnos pueden hacer preguntas.<\/p>\n<p>No se trata s\u00f3lo de aspectos militares. Tambi\u00e9n se abordan con frecuencia los procesos de toma de decisiones pol\u00edticas, las organizaciones internacionales y el papel de Alemania en los conflictos mundiales.<\/p>\n<p>Para muchos alumnos, esta visita es probablemente su primer contacto directo con un miembro de las fuerzas armadas.<\/p>\n<h3>Juegos de simulaci\u00f3n y simulaci\u00f3n de conflictos<\/h3>\n<p>Adem\u00e1s de las conferencias tradicionales, tambi\u00e9n existen formatos m\u00e1s interactivos. Especialmente conocido es el <a href=\"https:\/\/de.wikipedia.org\/wiki\/POL%26IS\" target=\"_blank\" rel=\"noopener\"><strong>Juego de simulaci\u00f3n POL&amp;IS<\/strong><\/a> - Pol\u00edtica y seguridad internacional. Se trata de una simulaci\u00f3n de pol\u00edtica internacional.<\/p>\n<p>Los alumnos asumen diversos papeles en este juego, como el gobierno de un Estado o el jefe de una organizaci\u00f3n internacional. Tienen que tomar decisiones sobre la evoluci\u00f3n econ\u00f3mica, las relaciones diplom\u00e1ticas o los conflictos de pol\u00edtica de seguridad. Tambi\u00e9n se aborda la cuesti\u00f3n del papel que pueden desempe\u00f1ar los medios militares en determinadas situaciones.<\/p>\n<p>La idea de estos juegos de simulaci\u00f3n es facilitar la comprensi\u00f3n de contextos pol\u00edticos complejos. La pol\u00edtica internacional se compone de muchos factores interconectados: econom\u00eda, diplomacia, cuestiones medioambientales y seguridad militar. Esta complejidad puede presentarse a menudo de forma m\u00e1s v\u00edvida en una simulaci\u00f3n que en un debate tradicional en clase. Sin embargo, estos formatos tambi\u00e9n son objeto de cr\u00edticas.<\/p>\n<h3>Una delgada l\u00ednea entre informaci\u00f3n y presentaci\u00f3n<\/h3>\n<p>Los cr\u00edticos sostienen que los juegos o presentaciones de simulaci\u00f3n a veces pueden retratar aspectos militares de forma demasiado positiva. Cuando los conflictos se simulan en un entorno l\u00fadico, existe el peligro de que se pierda de vista la realidad de la violencia militar.<\/p>\n<p>Otros lo ven de otra manera. Destacan que la educaci\u00f3n pol\u00edtica es especialmente \u00fatil cuando incluye diferentes perspectivas. El punto de vista de las fuerzas armadas tambi\u00e9n puede desempe\u00f1ar un papel en este sentido, siempre que se debata cr\u00edticamente en clase.<\/p>\n<p>Este debate demuestra lo delicado que es el tema.<\/p>\n<h3>Excursiones y encuentros fuera del aula<\/h3>\n<p>Adem\u00e1s de las visitas a las aulas, existe otra forma de encuentro: las excursiones a las bases de la Bundeswehr. Algunas escuelas organizan visitas a cuarteles o instalaciones de entrenamiento militar.<\/p>\n<p>Por ejemplo, los alumnos pueden ver equipos t\u00e9cnicos, hablar con soldados o hacerse una idea de los procesos de formaci\u00f3n. Para muchos j\u00f3venes, se trata de una oportunidad de conocer una instituci\u00f3n que, de otro modo, parece m\u00e1s bien abstracta.<\/p>\n<p>Los organizadores suelen considerar estas visitas como ofertas informativas. Al mismo tiempo, tambi\u00e9n plantean interrogantes. Los cr\u00edticos hablan a veces de una especie de \u201ecar\u00e1cter experiencial\u201c que podr\u00eda hacer que las estructuras militares parecieran especialmente interesantes.<\/p>\n<p>Que esta apreciaci\u00f3n sea correcta o no depende probablemente en gran medida de la organizaci\u00f3n real de tales acontecimientos.<\/p>\n<h3>\u00bfCon qu\u00e9 frecuencia se realizan estas visitas?<\/h3>\n<p>El n\u00famero exacto de visitas escolares var\u00eda de un a\u00f1o a otro. Se calcula que los agentes de juventud llegan cada a\u00f1o a decenas de miles de alumnos en Alemania. En total, se celebran miles de actos, no solo en colegios, sino tambi\u00e9n en universidades o centros de formaci\u00f3n pol\u00edtica.<\/p>\n<p>Esto no significa que todas las escuelas reciban este tipo de visitas con regularidad. M\u00e1s bien depende en gran medida de cada profesor, de las redes regionales o de proyectos pedag\u00f3gicos concretos.<\/p>\n<p>En algunas escuelas, estos acontecimientos forman parte integrante de las clases de pol\u00edtica. En otros, no se ense\u00f1an en absoluto.<\/p>\n<h3>La perspectiva de las escuelas<\/h3>\n<p>Esto plantea una cuesti\u00f3n pr\u00e1ctica a los profesores y administradores escolares: \u00bfa qu\u00e9 oradores externos se debe invitar a clase?<br \/>\nLas escuelas colaboran regularmente con invitados, como cient\u00edficos, periodistas, pol\u00edticos o representantes de empresas. Las organizaciones de la sociedad civil tambi\u00e9n organizan conferencias o talleres.<\/p>\n<p>En este contexto, la Bundeswehr es una instituci\u00f3n estatal entre muchas otras. Sin embargo, su papel se discute m\u00e1s intensamente que el de otras. La raz\u00f3n es obvia: el ej\u00e9rcito no es un empleador cualquiera. Es una organizaci\u00f3n que tiene que utilizar la fuerza en caso de emergencia para defender los intereses del Estado. Por eso se presta especial atenci\u00f3n a c\u00f3mo se organiza su presencia en el sector educativo.<\/p>\n<p>Para algunos, las visitas de la Bundeswehr son una parte leg\u00edtima de la educaci\u00f3n pol\u00edtica. La pol\u00edtica de seguridad es un tema que afecta a los j\u00f3venes y puede ser \u00fatil conocer diferentes perspectivas.<\/p>\n<p>Para otros, sigue existiendo cierta inquietud. Se preguntan si las escuelas son realmente el lugar adecuado para las instituciones militares, especialmente en tiempos en que las fuerzas armadas buscan activamente nuevos reclutas.<\/p>\n<p>Estas diferentes perspectivas demuestran que el debate sobre las visitas de la Bundeswehr en las aulas forma parte, en \u00faltima instancia, de una discusi\u00f3n social m\u00e1s amplia. Al fin y al cabo, en cuanto las instituciones estatales se implican m\u00e1s en la educaci\u00f3n, surge autom\u00e1ticamente una pregunta fundamental: \u00bfqu\u00e9 papel deben desempe\u00f1ar en ella?<\/p>\n<p>Es precisamente en este punto donde comienza el siguiente nivel del debate: la cooperaci\u00f3n entre la Bundeswehr y la pol\u00edtica educativa.<\/p>\n<h3>Formas de contacto de la Bundeswehr con las escuelas<\/h3>\n<div style=\"overflow-x: auto;\">\n<table style=\"border-collapse: collapse; width: 100%;\">\n<tbody>\n<tr style=\"background-color: #f2f2f2;\">\n<th>Formato<\/th>\n<th>Descripci\u00f3n de la<\/th>\n<th>Objetivo<\/th>\n<\/tr>\n<tr>\n<td><strong>Presentaciones a cargo de j\u00f3venes funcionarios<\/strong><\/td>\n<td>Los soldados explican la pol\u00edtica de seguridad internacional y la debaten con los alumnos.<\/td>\n<td>Educaci\u00f3n pol\u00edtica en cuestiones de pol\u00edtica de seguridad.<\/td>\n<\/tr>\n<tr>\n<td><strong>Juegos de simulaci\u00f3n (por ejemplo, POL&amp;IS)<\/strong><\/td>\n<td>Simulaci\u00f3n de pol\u00edtica internacional y decisiones en conflictos.<\/td>\n<td>Hacer comprensibles contextos pol\u00edticos complejos.<\/td>\n<\/tr>\n<tr>\n<td><strong>Informaci\u00f3n profesional<\/strong><\/td>\n<td>Informaci\u00f3n sobre formaci\u00f3n y oportunidades profesionales en la Bundeswehr.<\/td>\n<td>Despertar el inter\u00e9s por las profesiones militares.<\/td>\n<\/tr>\n<tr>\n<td><strong>Visitas a cuarteles<\/strong><\/td>\n<td>Los alumnos visitan emplazamientos militares y hablan con soldados.<\/td>\n<td>Conozca el trabajo diario y la tecnolog\u00eda de las fuerzas armadas.<\/td>\n<\/tr>\n<\/tbody>\n<\/table>\n<\/div>\n<h2>Cooperaci\u00f3n entre la Bundeswehr y los Ministerios de Educaci\u00f3n y Asuntos Culturales<\/h2>\n<p>Cuando aparecen soldados en las clases o tienen lugar juegos de simulaci\u00f3n de pol\u00edtica de seguridad en las escuelas, no suele ser algo totalmente espont\u00e1neo o aleatorio. Muchas de estas actividades se basan en acuerdos oficiales entre la Bundeswehr y los ministerios de educaci\u00f3n de los estados federales.<\/p>\n<p>Estas colaboraciones no son un proyecto secreto en Alemania, ni tampoco una novedad. De hecho, muchos de estos acuerdos se celebraron hace m\u00e1s de una d\u00e9cada, sobre todo entre 2008 y 2011, periodo durante el cual surgi\u00f3 en varios Estados federados el deseo de integrar con m\u00e1s fuerza los temas de pol\u00edtica de seguridad en las clases.<\/p>\n<p>En un principio, la idea era relativamente pragm\u00e1tica: las escuelas deber\u00edan tener acceso a ponentes expertos en cuestiones de pol\u00edtica de seguridad internacional.<\/p>\n<p>Esto se debe a que ahora los planes de estudio abarcan temas como la OTAN, los conflictos internacionales, las misiones de paz y la pol\u00edtica europea de seguridad. Y es precisamente aqu\u00ed donde los j\u00f3venes oficiales de la Bundeswehr se ve\u00edan como contactos potenciales.<\/p>\n<h3>El contenido de los acuerdos<\/h3>\n<p>Los acuerdos de cooperaci\u00f3n entre la Bundeswehr y los ministerios de educaci\u00f3n regulan principalmente cuestiones organizativas. Determinan las condiciones en las que los oficiales juveniles pueden visitar las escuelas y el papel que pueden desempe\u00f1ar. Un punto central es casi siempre que la responsabilidad educativa sigue siendo enteramente de la escuela. En concreto, esto significa<\/p>\n<ul>\n<li>Los profesores deciden si invitan a un funcionario de juventud.<\/li>\n<li>La escuela determina el tema y el programa del acto.<\/li>\n<li>La visita es voluntaria y forma parte del proyecto pedag\u00f3gico del profesor.<\/li>\n<\/ul>\n<p>Adem\u00e1s, muchos acuerdos subrayan expl\u00edcitamente que los agentes de juventud no deben reclutar directamente a nuevos reclutas. Seg\u00fan declaraciones oficiales, su tarea consiste en explicar los contextos de la pol\u00edtica de seguridad y facilitar los debates. Por tanto, la Bundeswehr considera esta labor como una contribuci\u00f3n a la educaci\u00f3n pol\u00edtica.<\/p>\n<h3>Una red de contactos<\/h3>\n<p>En la pr\u00e1ctica, estas colaboraciones suelen dar lugar a redes relativamente estables. Los funcionarios de juventud colaboran regularmente con determinadas escuelas, los profesores conocen a sus contactos en el Bundeswehr y algunas unidades did\u00e1cticas se repiten de forma similar a lo largo de los a\u00f1os.<\/p>\n<p>Sin duda, esto puede tener ventajas pr\u00e1cticas para las escuelas. Los temas de pol\u00edtica de seguridad se encuentran entre las \u00e1reas m\u00e1s complejas de la educaci\u00f3n pol\u00edtica. Los oradores externos pueden ayudar a explicar la evoluci\u00f3n actual o aportar ideas pr\u00e1cticas. Los juegos de simulaci\u00f3n o los debates tambi\u00e9n pueden organizarse m\u00e1s f\u00e1cilmente con el apoyo de moderadores experimentados.<\/p>\n<p>Desde la perspectiva de la Bundeswehr, esta red tambi\u00e9n tiene un claro beneficio: Permite acceder a j\u00f3venes preocupados por cuestiones pol\u00edticas y a punto de hacer la transici\u00f3n a la vida laboral.<\/p>\n<h3>Un tema delicado en el sector educativo<\/h3>\n<p>A pesar de esta estructura organizativa, la cooperaci\u00f3n entre el ej\u00e9rcito y la pol\u00edtica educativa sigue siendo una cuesti\u00f3n delicada. En Alemania, el sector educativo es tradicionalmente muy partidario de mantener la neutralidad pol\u00edtica.<\/p>\n<p>Las escuelas deben ser lugares en los que puedan debatirse diferentes perspectivas, sin que una determinada instituci\u00f3n estatal tenga una influencia dominante. Precisamente por eso, algunos observadores se muestran cr\u00edticos con la cooperaci\u00f3n con las Fuerzas Armadas alemanas. Se preguntan si el ej\u00e9rcito deber\u00eda ser realmente el socio adecuado para la educaci\u00f3n pol\u00edtica.<\/p>\n<p>Otros, en cambio, no lo ven como un problema. Argumentan que las cuestiones de pol\u00edtica de seguridad en particular no pueden debatirse sin la perspectiva de las fuerzas armadas. Cuando los alumnos hablan de conflictos internacionales o de pol\u00edtica de defensa, tambi\u00e9n puede tener sentido contar con la participaci\u00f3n de alguien que se dedique profesionalmente a estas cuestiones.<\/p>\n<h3>Diferentes normativas en los Estados federales<\/h3>\n<p>Otro punto que a veces se pasa por alto en el debate p\u00fablico: La pol\u00edtica educativa en Alemania es competencia de los Estados federados. Esto significa que no existe una normativa unificada para todo el pa\u00eds.<\/p>\n<p>Algunos estados federales mantienen una cooperaci\u00f3n relativamente estrecha con la Bundeswehr. Otros adoptan un enfoque m\u00e1s prudente o se centran m\u00e1s en formas alternativas de educaci\u00f3n pol\u00edtica. En algunas regiones, las visitas de los oficiales de la juventud forman parte del programa regular para las escuelas. En otros Estados federados, este tipo de actos se organizan con menos frecuencia o son objeto de m\u00e1s debate.<\/p>\n<p>Este sistema federal significa que la presencia real de la Bundeswehr en la vida escolar cotidiana puede variar enormemente.<\/p>\n<h3>El papel de las propias escuelas<\/h3>\n<p>En \u00faltima instancia, la decisi\u00f3n suele corresponder a los propios centros escolares. La direcci\u00f3n del centro y el personal docente deciden a qu\u00e9 ponentes externos se invita y qu\u00e9 temas se profundizan en el aula.<\/p>\n<p>Algunas escuelas utilizan regularmente los programas de la Bundeswehr, por ejemplo para juegos de simulaci\u00f3n o debates sobre pol\u00edtica internacional. Otros se abstienen deliberadamente de hacerlo. En algunos casos, las escuelas incluso han decidido expresamente no organizar actos con oradores militares. Iniciativas como \u201eEscuelas sin el Bundeswehr\u201c instan a los centros educativos a rechazar este tipo de visitas.<\/p>\n<p>No suele haber consecuencias legales por ello. Las escuelas son b\u00e1sicamente libres de organizar sus clases como deseen.<\/p>\n<h3>Un debate sobre la misi\u00f3n educativa<\/h3>\n<p>Todos estos acontecimientos demuestran que la cooperaci\u00f3n entre la Bundeswehr y las escuelas forma parte, en \u00faltima instancia, de un debate m\u00e1s amplio: \u00bfqu\u00e9 forma parte exactamente de la educaci\u00f3n pol\u00edtica?<\/p>\n<p>\u00bfDeben los alumnos conocer tambi\u00e9n la perspectiva de las instituciones estatales cuando hablan de pol\u00edtica internacional? \u00bfO deben mantenerse deliberadamente alejados de las organizaciones militares?<\/p>\n<p>Estas preguntas no pueden responderse con un simple s\u00ed o no. Se refieren a ideas fundamentales sobre el papel que desempe\u00f1an las escuelas en una sociedad democr\u00e1tica.<\/p>\n<p>Por eso no es de extra\u00f1ar que las asociaciones de profesores, las iniciativas pacifistas y las organizaciones sociales se impliquen cada vez m\u00e1s en este debate. Para ellos, hay una cuesti\u00f3n fundamental: \u00bfcu\u00e1nto ej\u00e9rcito puede tolerar el sector educativo?<\/p>\n<p><img loading=\"lazy\" decoding=\"async\" class=\"alignnone size-large wp-image-5154\" src=\"https:\/\/www.markus-schall.de\/wp-content\/uploads\/Wehrpflicht-Schulstreiks-Zusammenarbeit.jpg\" alt=\"Cooperaci\u00f3n entre la pol\u00edtica y el ej\u00e9rcito\" width=\"1024\" height=\"683\" srcset=\"https:\/\/www.markus-schall.de\/wp-content\/uploads\/Wehrpflicht-Schulstreiks-Zusammenarbeit.jpg 1024w, https:\/\/www.markus-schall.de\/wp-content\/uploads\/Wehrpflicht-Schulstreiks-Zusammenarbeit-300x200.jpg 300w, https:\/\/www.markus-schall.de\/wp-content\/uploads\/Wehrpflicht-Schulstreiks-Zusammenarbeit-768x512.jpg 768w, https:\/\/www.markus-schall.de\/wp-content\/uploads\/Wehrpflicht-Schulstreiks-Zusammenarbeit-18x12.jpg 18w\" sizes=\"auto, (max-width: 1024px) 100vw, 1024px\" \/><\/p>\n<h2>Cr\u00edticas y posturas contrarias: un debate con muchas voces<\/h2>\n<p>En cuanto las instituciones estatales se implican m\u00e1s en la educaci\u00f3n, surge casi autom\u00e1ticamente un debate p\u00fablico. Esto es especialmente cierto cuando se trata del ej\u00e9rcito. Las reacciones a los actos de la Bundeswehr en las escuelas var\u00edan en consecuencia.<\/p>\n<p>Mientras que algunos observadores lo consideran un componente leg\u00edtimo de la educaci\u00f3n pol\u00edtica, otros expresan claras cr\u00edticas. Entre estas dos posturas se abre un debate que no s\u00f3lo afecta a la pol\u00edtica educativa, sino tambi\u00e9n a cuestiones fundamentales sobre la relaci\u00f3n entre el ej\u00e9rcito, el Estado y la sociedad.<\/p>\n<p>Por tanto, merece la pena examinar m\u00e1s detenidamente los argumentos m\u00e1s importantes de ambas partes.<\/p>\n<h3>Cr\u00edticas de las asociaciones de profesores<\/h3>\n<p>Una de las voces m\u00e1s fuertes en este debate procede de las asociaciones de profesores. En concreto, el Sindicato Alem\u00e1n de Educaci\u00f3n y Ciencia (GEW) lleva a\u00f1os expresando su preocupaci\u00f3n por la presencia de la Bundeswehr en las aulas.<\/p>\n<p>El punto central de la cr\u00edtica es que la formaci\u00f3n pol\u00edtica debe ser organizada en primer lugar por los propios profesores, no por representantes de instituciones estatales con intereses propios.<\/p>\n<p>Seg\u00fan los cr\u00edticos, existe el peligro de que los alumnos se familiaricen con perspectivas unilaterales. Las instituciones militares tienen naturalmente una determinada visi\u00f3n de los conflictos internacionales, de la pol\u00edtica de defensa o de las estrategias de la pol\u00edtica de seguridad.<\/p>\n<p>Por ello, las asociaciones de profesores defienden que estos temas se traten en clase desde diferentes perspectivas, por ejemplo, desde el punto de vista de las ciencias pol\u00edticas, la historia o la pol\u00edtica de paz.<\/p>\n<p>Otro punto se refiere a la edad del grupo destinatario. Los alumnos se encuentran todav\u00eda en una fase de orientaci\u00f3n pol\u00edtica. Por ello, los cr\u00edticos advierten de que las instituciones militares podr\u00edan adquirir demasiada influencia en el sector educativo.<\/p>\n<h3>Iniciativas de paz y grupos de la sociedad civil<\/h3>\n<p>Adem\u00e1s de las asociaciones de profesores, las iniciativas pacifistas tambi\u00e9n se pronuncian con regularidad. Algunas organizaciones de este entorno hablan de una \u201emilitarizaci\u00f3n del sector educativo\u201c.<\/p>\n<p>Esto significa que los temas militares est\u00e1n cada vez m\u00e1s presentes en la vida escolar cotidiana, ya sea a trav\u00e9s de clases, juegos de simulaci\u00f3n o cooperaci\u00f3n con instituciones estatales.<\/p>\n<p>Estos grupos se enfrentan a una cuesti\u00f3n fundamental: \u00bfdeben las organizaciones militares desempe\u00f1ar alg\u00fan papel en las aulas?<\/p>\n<p>Algunas iniciativas pacifistas sostienen que las escuelas deber\u00edan ser deliberadamente lugares en los que la resoluci\u00f3n de conflictos, la diplomacia y la cooperaci\u00f3n internacional ocupen un lugar central. En su opini\u00f3n, las perspectivas militares podr\u00edan enviar una se\u00f1al equivocada, especialmente en tiempos de crecientes tensiones mundiales.<\/p>\n<p>Algunos de estos grupos participan activamente en campa\u00f1as como \u201eEscuela sin Bundeswehr\u201c, que pide a las escuelas que se abstengan de recibir visitas de oficiales de la juventud.<\/p>\n<h3>Cr\u00edticas de organizaciones de defensa de los derechos del ni\u00f1o<\/h3>\n<p>Otro punto de cr\u00edtica se refiere al hecho de que la Bundeswehr tambi\u00e9n entrena a voluntarios de 17 a\u00f1os. Aunque estos menores no pueden ser desplegados en misiones de combate, ya comienzan su formaci\u00f3n militar.<\/p>\n<p>Las organizaciones de defensa de los derechos de los ni\u00f1os critican a veces esta pr\u00e1ctica. Argumentan que los j\u00f3venes deber\u00edan estar especialmente protegidos cuando se trata de estructuras militares y posibles despliegues posteriores.<\/p>\n<p>En los debates internacionales se discute a menudo si los Estados s\u00f3lo deben desplegar sus fuerzas armadas con soldados mayores de edad. Alemania opera en este caso dentro de un marco legalmente permitido, pero el debate sigue vivo.<\/p>\n<h3>La principal preocupaci\u00f3n de los cr\u00edticos<\/h3>\n<p>Si se resumen todos estos argumentos, cristaliza un punto central: los cr\u00edticos temen que las escuelas se conviertan en un espacio de contrataci\u00f3n indirecta.<\/p>\n<p>Aunque los oficiales de juventud no recluten oficialmente a j\u00f3venes, su sola presencia podr\u00eda influir positivamente en la imagen de la Bundeswehr. Sobre todo si al mismo tiempo se habla de oportunidades profesionales o de programas de formaci\u00f3n t\u00e9cnica.<\/p>\n<p>Desde esta perspectiva, la frontera entre informaci\u00f3n y publicidad se percibe como difusa.<\/p>\n<h3>Los contraargumentos<\/h3>\n<p>Por otra parte, hay posiciones contrarias igualmente claras. Muchos pol\u00edticos, expertos en educaci\u00f3n e incluso algunos profesores consideran que las cr\u00edticas son exageradas. Su argumento es que la pol\u00edtica de seguridad es una parte real de los debates pol\u00edticos. Para que los alumnos comprendan los conflictos internacionales, las estructuras de la OTAN o las alianzas militares, puede ser \u00fatil familiarizarlos con la perspectiva de las fuerzas armadas.<\/p>\n<p>Tambi\u00e9n se hace hincapi\u00e9 en que los agentes de juventud no act\u00faan solos en el aula. Los profesores pueden moderar los debates, hacer preguntas cr\u00edticas o aportar perspectivas adicionales. La educaci\u00f3n pol\u00edtica se nutre de la comparaci\u00f3n de distintos puntos de vista.<\/p>\n<p>Otro punto se refiere al control democr\u00e1tico de la Bundeswehr. Alemania considera a sus fuerzas armadas como un \u201eej\u00e9rcito parlamentario\u201c firmemente integrado en las estructuras democr\u00e1ticas del Estado. Desde esta perspectiva, parece perfectamente leg\u00edtimo que los soldados participen tambi\u00e9n en la educaci\u00f3n pol\u00edtica.<\/p>\n<h3>Comparaci\u00f3n con otros oradores<\/h3>\n<p>Los que est\u00e1n a favor plantean tambi\u00e9n una sencilla contrapregunta: \u00bfpor qu\u00e9 hay que excluir a los oradores militares cuando las escuelas invitan regularmente a representantes de otras instituciones?<\/p>\n<p>Los periodistas informan sobre el trabajo de los medios de comunicaci\u00f3n, los empresarios explican las relaciones econ\u00f3micas, las organizaciones ecologistas hablan de pol\u00edtica clim\u00e1tica. En muchos \u00e1mbitos, la participaci\u00f3n de expertos externos forma parte de la vida escolar cotidiana desde hace mucho tiempo.<\/p>\n<p>Si se quiere que la educaci\u00f3n pol\u00edtica sea realista, puede que incluso tenga sentido permitir que los distintos actores sociales den su opini\u00f3n, siempre que sus declaraciones se debatan de forma cr\u00edtica.<\/p>\n<h3>Un acto de equilibrio para las escuelas<\/h3>\n<p>En la pr\u00e1ctica, las escuelas se enfrentan a menudo a un equilibrio. Por un lado, deben presentar los temas pol\u00edticos del modo m\u00e1s variado posible. Por otra, deben asegurarse de que ninguna instituci\u00f3n tenga una influencia dominante.<\/p>\n<p>Muchos profesores resuelven este problema de forma pragm\u00e1tica: recurren a ponentes externos, pero combinan sus intervenciones con debates cr\u00edticos o materiales adicionales. Esto permite a los alumnos conocer diferentes perspectivas y formarse sus propias opiniones. En \u00faltima instancia, \u00e9ste es tambi\u00e9n el n\u00facleo de la educaci\u00f3n democr\u00e1tica.<\/p>\n<h3>Un debate sin respuestas sencillas<\/h3>\n<p>Si se examinan los diversos argumentos, r\u00e1pidamente queda claro que el debate sobre las visitas de la Bundeswehr a las escuelas no puede reducirse a simples palabras de moda.<\/p>\n<p>Aborda cuestiones fundamentales sobre c\u00f3mo debe organizarse la educaci\u00f3n pol\u00edtica, qu\u00e9 papel pueden desempe\u00f1ar las instituciones estatales en la ense\u00f1anza y c\u00f3mo se introduce a los j\u00f3venes en cuestiones sociales complejas.<\/p>\n<p>Precisamente por eso es probable que este debate contin\u00fae durante alg\u00fan tiempo. Es interesante observar que los propios alumnos se est\u00e1n implicando cada vez m\u00e1s en este debate. Las huelgas escolares contra los planes de servicio militar demuestran que una nueva generaci\u00f3n empieza a formular sus propias posiciones.<\/p>\n<p>Esto significa que parte del debate sale de las aulas y se traslada a las calles, y ah\u00ed es donde nos detendremos en el pr\u00f3ximo cap\u00edtulo.<\/p>\n<p><img loading=\"lazy\" decoding=\"async\" class=\"alignnone size-large wp-image-5155\" src=\"https:\/\/www.markus-schall.de\/wp-content\/uploads\/Wehrpflicht-Schulstreiks-Diskussion.jpg\" alt=\"Debate sobre la Bundeswehr en las escuelas\" width=\"1024\" height=\"683\" srcset=\"https:\/\/www.markus-schall.de\/wp-content\/uploads\/Wehrpflicht-Schulstreiks-Diskussion.jpg 1024w, https:\/\/www.markus-schall.de\/wp-content\/uploads\/Wehrpflicht-Schulstreiks-Diskussion-300x200.jpg 300w, https:\/\/www.markus-schall.de\/wp-content\/uploads\/Wehrpflicht-Schulstreiks-Diskussion-768x512.jpg 768w, https:\/\/www.markus-schall.de\/wp-content\/uploads\/Wehrpflicht-Schulstreiks-Diskussion-18x12.jpg 18w\" sizes=\"auto, (max-width: 1024px) 100vw, 1024px\" \/><\/p>\n<h3>Argumentos de cr\u00edticos y partidarios de la Bundeswehr en las escuelas<\/h3>\n<div style=\"overflow-x: auto;\">\n<table style=\"border-collapse: collapse; width: 100%;\">\n<tbody>\n<tr style=\"background-color: #f2f2f2;\">\n<th>Argumentos de los cr\u00edticos<\/th>\n<th>Argumento de los proponentes<\/th>\n<th>Cuesti\u00f3n central<\/th>\n<\/tr>\n<tr>\n<td>Las instituciones militares no deben tener acceso directo a los estudiantes.<\/td>\n<td>La pol\u00edtica de seguridad forma parte de la educaci\u00f3n pol\u00edtica y debe explicarse.<\/td>\n<td>\u00bfPertenece el ej\u00e9rcito al sector educativo?<\/td>\n<\/tr>\n<tr>\n<td>Los soldados podr\u00edan influir positivamente en los j\u00f3venes.<\/td>\n<td>Los alumnos son capaces de debatir cr\u00edticamente sobre diferentes perspectivas.<\/td>\n<td>\u00bfCu\u00e1l es la influencia de los ponentes externos?<\/td>\n<\/tr>\n<tr>\n<td>Las visitas de la Bundeswehr podr\u00edan ser un reclutamiento indirecto.<\/td>\n<td>Oficialmente, los funcionarios de juventud s\u00f3lo sirven para proporcionar informaci\u00f3n pol\u00edtica.<\/td>\n<td>\u00bfD\u00f3nde acaba la informaci\u00f3n y empieza la publicidad?<\/td>\n<\/tr>\n<tr>\n<td>Las escuelas deben permanecer tan libres de militares como sea posible.<\/td>\n<td>Otras instituciones estatales tambi\u00e9n aparecen en las aulas.<\/td>\n<td>\u00bfQu\u00e9 agentes externos son \u00fatiles en el aula?<\/td>\n<\/tr>\n<\/tbody>\n<\/table>\n<\/div>\n<h2>Un nuevo movimiento de protesta: huelgas escolares contra los planes de servicio militar<\/h2>\n<p>En los \u00faltimos meses se ha observado una evoluci\u00f3n que ha sido bastante infrecuente en esta forma durante mucho tiempo: los escolares vuelven a participar cada vez m\u00e1s en protestas pol\u00edticas. Uno de los motivos son los debates sobre nuevos modelos de servicio militar en Alemania.<\/p>\n<p>En varias ciudades alemanas se <a href=\"https:\/\/schulstreikgegenwehrpflicht.com\" target=\"_blank\" rel=\"noopener\"><strong>Huelga escolar contra una posible reforma del servicio militar<\/strong><\/a>. Miles de j\u00f3venes abandonan sus centros escolares durante el horario lectivo para participar en manifestaciones. Su objetivo era llamar la atenci\u00f3n sobre las posibles consecuencias de los nuevos conceptos de pol\u00edtica de seguridad y expresar su rechazo a una posible vuelta al servicio obligatorio.<\/p>\n<p>Estas protestas demuestran que las cuestiones de pol\u00edtica de seguridad tambi\u00e9n preocupan ahora a una generaci\u00f3n que durante mucho tiempo ha tenido poco contacto directo con las cuestiones militares.<\/p>\n<h3>Antecedentes: Nuevos modelos de servicio militar<\/h3>\n<p>Las protestas fueron provocadas por los debates pol\u00edticos sobre un nuevo modelo de servicio militar. Tras la suspensi\u00f3n del servicio militar obligatorio en 2011, la Bundeswehr se basa ahora en el servicio voluntario. Sin embargo, en vista del cambio de la situaci\u00f3n de seguridad en Europa, los pol\u00edticos llevan tiempo debatiendo formas de adaptar el sistema.<\/p>\n<p>Una propuesta consiste en escribir primero a todos los j\u00f3venes de un curso y preguntarles si est\u00e1n dispuestos a hacer el servicio militar. Un cuestionario de este tipo recoger\u00eda informaci\u00f3n sobre el inter\u00e9s, las cualificaciones y los requisitos de salud. Sobre la base de estos datos, el Estado podr\u00eda decidir entonces si se puede reclutar a j\u00f3venes para el servicio voluntario y cu\u00e1ntos.<\/p>\n<p>En el debate pol\u00edtico, este modelo se describe a menudo como una especie de medida provisional. Si a largo plazo no hay suficientes voluntarios, en teor\u00eda el legislador tambi\u00e9n podr\u00eda plantearse reactivar el servicio militar obligatorio.<\/p>\n<p>Es precisamente esta posibilidad la que causa malestar entre muchos j\u00f3venes.<\/p>\n<h3>Manifestaciones en muchas ciudades<\/h3>\n<p>Por ello, en diciembre de 2025 se produjo una gran oleada de protestas. Los estudiantes organizaron manifestaciones en m\u00e1s de 90 ciudades alemanas. Seg\u00fan las estimaciones, en total participaron en las acciones unos 55.000 j\u00f3venes.<\/p>\n<p>Entre las ciudades en las que se celebraron protestas se encontraban Berl\u00edn, Hamburgo, Colonia, D\u00fcsseldorf, M\u00fanich, Stuttgart y Dresde. En algunas ciudades se reunieron varios miles de participantes.<\/p>\n<p>Las manifestaciones se organizaron a menudo a trav\u00e9s de las redes sociales. Los grupos de estudiantes se conectaron en red, difundieron convocatorias de huelga y coordinaron puntos de encuentro para concentraciones conjuntas.<\/p>\n<p>Muchos participantes portaban pancartas con lemas contra el servicio militar obligatorio o contra la creciente militarizaci\u00f3n de la pol\u00edtica.<\/p>\n<h3>Compromiso pol\u00edtico de una generaci\u00f3n joven<\/h3>\n<p>Para muchos observadores, estas huelgas escolares fueron una se\u00f1al interesante. Demuestran que los j\u00f3venes se interesan por las cuestiones pol\u00edticas, especialmente cuando ellos mismos pueden verse directamente afectados.<\/p>\n<p>La discusi\u00f3n sobre el servicio militar toca temas fundamentales: la libertad personal, la responsabilidad del Estado, la seguridad internacional y el papel de los militares en una sociedad democr\u00e1tica. Por lo tanto, el hecho de que los alumnos discutan estos temas en p\u00fablico tambi\u00e9n puede considerarse expresi\u00f3n de una cultura pol\u00edtica viva.<\/p>\n<p>Al mismo tiempo, se hace evidente aqu\u00ed un conflicto generacional. Muchos j\u00f3venes crecieron en una \u00e9poca en la que las cuestiones militares apenas desempe\u00f1aban un papel en la vida cotidiana. Para ellos, la idea del servicio obligatorio puede ser m\u00e1s dif\u00edcil de comprender que para las generaciones de m\u00e1s edad que han vivido en carne propia el servicio militar o civil obligatorio.<\/p>\n<h3>Protestas estudiantiles contra el posible servicio militar obligatorio en los medios de comunicaci\u00f3n<\/h3>\n<p>Los medios de comunicaci\u00f3n p\u00fablicos tambi\u00e9n informan ahora de las crecientes protestas de los j\u00f3venes contra posibles modelos de servicio militar. En un art\u00edculo del <a href=\"https:\/\/www.youtube.com\/@tagesschau\" target=\"_blank\" rel=\"nofollow noopener\">Noticias del d\u00eda<\/a> muestra a escolares de varias ciudades saliendo a la calle bajo el lema \u201eHuelga escolar contra el servicio militar obligatorio\u201c. Muchos de los j\u00f3venes expresan su preocupaci\u00f3n por que un nuevo servicio militar obligatorio pueda restringir sus planes de vida. Algunos subrayan que, aunque en principio quieren ocuparse de cuestiones de pol\u00edtica de seguridad, no ven el servicio militar como una opci\u00f3n obligatoria.<\/p>\n<div class=\"lyte-wrapper\" style=\"width:640px;max-width:100%;margin:5px;\"><div class=\"lyMe\" id=\"WYL_xP5tabk6g8c\"><div id=\"lyte_xP5tabk6g8c\" data-src=\"https:\/\/www.markus-schall.de\/wp-content\/plugins\/wp-youtube-lyte\/lyteCache.php?origThumbUrl=%2F%2Fi.ytimg.com%2Fvi%2FxP5tabk6g8c%2Fhqdefault.jpg\" class=\"pL\"><div class=\"tC\"><div class=\"tT\"><\/div><\/div><div class=\"play\"><\/div><div class=\"ctrl\"><div class=\"Lctrl\"><\/div><div class=\"Rctrl\"><\/div><\/div><\/div><noscript><a href=\"https:\/\/youtu.be\/xP5tabk6g8c\" rel=\"nofollow noopener\" target=\"_blank\"><img loading=\"lazy\" decoding=\"async\" src=\"https:\/\/www.markus-schall.de\/wp-content\/plugins\/wp-youtube-lyte\/lyteCache.php?origThumbUrl=https%3A%2F%2Fi.ytimg.com%2Fvi%2FxP5tabk6g8c%2F0.jpg\" alt=\"Miniatura de v\u00eddeo de YouTube\" width=\"640\" height=\"340\" \/><br \/>Ver este v\u00eddeo en YouTube<\/a><\/noscript><\/div><\/div><div class=\"lL\" style=\"max-width:100%;width:640px;margin:5px;\"><\/div><br \/>\nManifestaciones en todo el pa\u00eds: Por qu\u00e9 los estudiantes protestan contra la nueva ley del servicio militar<\/p>\n<p>El v\u00eddeo muestra entrevistas con alumnos, as\u00ed como impresiones de manifestaciones, y deja claro lo emotivo y controvertido que es el tema entre los j\u00f3venes.<\/p>\n<h3>Conflicto con la ense\u00f1anza obligatoria<\/h3>\n<p>Sin embargo, las huelgas escolares tambi\u00e9n plantearon una cuesti\u00f3n pr\u00e1ctica: \u00bfest\u00e1n autorizados los alumnos a manifestarse en horario escolar?<\/p>\n<p>La asistencia a la escuela es obligatoria en Alemania. Esto significa que los alumnos est\u00e1n obligados a asistir a clase durante el horario escolar. Las manifestaciones pol\u00edticas no suelen considerarse una excusa oficial.<\/p>\n<p>Por ello, algunas autoridades escolares declararon que los participantes en las huelgas pod\u00edan ser considerados absentistas. En algunos casos, se se\u00f1al\u00f3 que las ausencias aparecer\u00edan en los informes escolares o que habr\u00eda que recuperar los ex\u00e1menes de clase perdidos.<\/p>\n<p>Esta postura fue a su vez criticada. Algunos alumnos y simpatizantes argumentaron que el compromiso pol\u00edtico no deber\u00eda verse dificultado por las sanciones escolares. Se\u00f1alaron que otros movimientos de protesta -como las manifestaciones por el clima- tambi\u00e9n hab\u00edan tenido lugar en ocasiones durante el horario escolar.<\/p>\n<h3>Un debate sobre la participaci\u00f3n pol\u00edtica<\/h3>\n<p>Como consecuencia, de las huelgas escolares surgi\u00f3 r\u00e1pidamente un segundo debate: la cuesti\u00f3n de la participaci\u00f3n pol\u00edtica de los j\u00f3venes.<\/p>\n<p>\u00bfDeben los alumnos expresar sus preocupaciones pol\u00edticas s\u00f3lo fuera del horario escolar? \u00bfO forma parte de la cultura democr\u00e1tica que los j\u00f3venes llamen la atenci\u00f3n p\u00fablica sobre cuestiones sociales tambi\u00e9n durante el horario escolar?<\/p>\n<p>Como ocurre a menudo, tambi\u00e9n aqu\u00ed hay diferentes perspectivas. Algunos profesores apoyan el compromiso pol\u00edtico en principio, pero al mismo tiempo subrayan que las escuelas necesitan normas claras. Otros consideran problem\u00e1tico que las clases se vean interrumpidas regularmente por manifestaciones.<\/p>\n<h3>Un signo de cambio social<\/h3>\n<p>Independientemente de c\u00f3mo se eval\u00faen estas cuestiones, las huelgas escolares muestran claramente una cosa: las cuestiones de pol\u00edtica de seguridad han vuelto a ocupar un lugar m\u00e1s destacado en el debate p\u00fablico.<\/p>\n<p>Una generaci\u00f3n que durante mucho tiempo tuvo poca relaci\u00f3n directa con las cuestiones militares est\u00e1 empezando a comprometerse con estos temas. Est\u00e1n surgiendo nuevos movimientos pol\u00edticos, nuevos argumentos y nuevas formas de compromiso.<\/p>\n<p>Esto supone un reto adicional para el sector educativo. Las escuelas no son s\u00f3lo lugares de aprendizaje, sino tambi\u00e9n lugares donde la evoluci\u00f3n social se hace visible.<\/p>\n<p>Cuando los j\u00f3venes empiezan a discutir sobre pol\u00edtica militar, servicio militar o conflictos internacionales, surge autom\u00e1ticamente otra pregunta: \u00bfc\u00f3mo pueden las escuelas abordar estos debates pol\u00edticos?<\/p>\n<p>Ah\u00ed es exactamente donde se encuentran hoy muchas instituciones educativas: entre la ense\u00f1anza, la educaci\u00f3n pol\u00edtica y una generaci\u00f3n de alumnos que cada vez m\u00e1s formulan sus propias posiciones.<\/p>\n<p><img loading=\"lazy\" decoding=\"async\" class=\"alignnone size-large wp-image-5156\" src=\"https:\/\/www.markus-schall.de\/wp-content\/uploads\/Wehrpflicht-Schulstreiks-Demonstration.jpg\" alt=\"Huelgas y manifestaciones contra la Bundeswehr en las escuelas\" width=\"1024\" height=\"683\" srcset=\"https:\/\/www.markus-schall.de\/wp-content\/uploads\/Wehrpflicht-Schulstreiks-Demonstration.jpg 1024w, https:\/\/www.markus-schall.de\/wp-content\/uploads\/Wehrpflicht-Schulstreiks-Demonstration-300x200.jpg 300w, https:\/\/www.markus-schall.de\/wp-content\/uploads\/Wehrpflicht-Schulstreiks-Demonstration-768x512.jpg 768w, https:\/\/www.markus-schall.de\/wp-content\/uploads\/Wehrpflicht-Schulstreiks-Demonstration-18x12.jpg 18w\" sizes=\"auto, (max-width: 1024px) 100vw, 1024px\" \/><\/p>\n<h2>Escuelas entre educaci\u00f3n pol\u00edtica y presi\u00f3n pol\u00edtica<\/h2>\n<p>Cuando se habla de visitas de las fuerzas armadas alemanas, debates pol\u00edticos en las aulas o manifestaciones estudiantiles, tarde o temprano se llega a una pregunta fundamental: \u00bfqu\u00e9 papel deben desempe\u00f1ar realmente las escuelas en los debates pol\u00edticos?<\/p>\n<p>Ante todo, las escuelas tienen una misi\u00f3n educativa. Deben impartir conocimientos, promover el pensamiento cr\u00edtico y ayudar a los j\u00f3venes a formarse sus propias opiniones. Por ello, asignaturas como pol\u00edtica, historia o estudios sociales tratan inevitablemente de conflictos sociales, acontecimientos internacionales o instituciones estatales.<\/p>\n<p>La educaci\u00f3n pol\u00edtica es, por tanto, una parte natural de la vida escolar cotidiana. Al mismo tiempo, las escuelas deben garantizar que las lecciones no conduzcan a una influencia unilateral. Los profesores deben explicar los temas, presentar perspectivas y moderar los debates, pero no deben hacer campa\u00f1as pol\u00edticas.<\/p>\n<p>Es precisamente en esta zona de tensi\u00f3n donde tienen lugar muchos de los debates actuales.<\/p>\n<h3>Profesores en un campo de tensi\u00f3n<\/h3>\n<p>Para los profesores, esta situaci\u00f3n es a menudo m\u00e1s dif\u00edcil de lo que podr\u00eda parecer desde fuera. Por un lado, tienen que abordar la actualidad pol\u00edtica en el aula. Por otro, tienen que asegurarse de que se tienen debidamente en cuenta los diferentes puntos de vista.<\/p>\n<p>Si, por ejemplo, se invita a un funcionario de juventud a hablar de pol\u00edtica de seguridad, autom\u00e1ticamente surge la pregunta: \u00bfqu\u00e9 otras perspectivas deben incluirse tambi\u00e9n en las lecciones?<\/p>\n<p>Por ello, algunos profesores toman la decisi\u00f3n consciente de permitir que se oigan varias voces. Adem\u00e1s de representantes de instituciones estatales, se invita, por ejemplo, a acad\u00e9micos, periodistas o representantes de organizaciones no gubernamentales. De este modo se crea una imagen m\u00e1s amplia del debate pol\u00edtico.<\/p>\n<p>Otras escuelas adoptan un enfoque m\u00e1s cauteloso y, por lo general, evitan conferenciantes externos de \u00e1mbitos especialmente controvertidos.<br \/>\nAmbas v\u00edas son posibles en el sistema educativo alem\u00e1n.<\/p>\n<h3>Alumnos entre el compromiso y la ense\u00f1anza obligatoria<\/h3>\n<p>Tambi\u00e9n existe una zona de tensi\u00f3n para los alumnos. Por un lado, se espera que se interesen por las cuestiones sociales y comprendan los procesos democr\u00e1ticos. Por otro, la ense\u00f1anza obligatoria sigue vigente.<\/p>\n<p>Cuando las protestas pol\u00edticas -como las huelgas escolares contra los planes de servicio militar- tienen lugar durante el horario escolar, estos dos principios chocan. El compromiso pol\u00edtico choca con las normas organizativas de la vida escolar.<\/p>\n<p>Algunos alumnos lo ven como una contradicci\u00f3n. Argumentan que la democracia tambi\u00e9n depende de que los j\u00f3venes puedan expresar p\u00fablicamente sus preocupaciones. Otros aceptan la ense\u00f1anza obligatoria como base necesaria de un sistema educativo que funcione.<\/p>\n<p>Para las escuelas, esta situaci\u00f3n significa a menudo caminar por la cuerda floja entre la comprensi\u00f3n del compromiso pol\u00edtico y la aplicaci\u00f3n de normas claras.<\/p>\n<h3>Rechazo de las visitas de la Bundeswehr<\/h3>\n<p>Otra manifestaci\u00f3n de estas tensiones es la cuesti\u00f3n de si las escuelas quieren organizar actos con la Bundeswehr.<\/p>\n<p>En los \u00faltimos a\u00f1os, algunas escuelas han decidido no organizar este tipo de visitas. Iniciativas como \u201eEscuelas sin la Bundeswehr\u201c piden a los centros educativos que no inviten a oradores militares. A menudo esto se justifica por el deseo de mantener las escuelas lo m\u00e1s neutrales posible.<\/p>\n<p>Otras escuelas ven las cosas de otra manera. Sostienen que la educaci\u00f3n pol\u00edtica es especialmente \u00fatil cuando los alumnos aprenden sobre diferentes perspectivas. Esto podr\u00eda incluir tambi\u00e9n el punto de vista de las instituciones estatales.<\/p>\n<p>Es interesante observar que ambas posturas se refieren al mismo principio, a saber, la misi\u00f3n educativa de las escuelas. Mientras unos hacen hincapi\u00e9 en la neutralidad, otros se\u00f1alan la importancia de los debates plurales.<\/p>\n<hr \/>\n\n\t\t\t<div class=\"display-post-types\">\n\n\t\t\t\t\t\t\t<style type=\"text\/css\">\n\t\t\t#dpt-wrapper-398 { --dpt-text-align: left;--dpt-image-crop: center;--dpt-border-radius: 5px;--dpt-h-gutter: 10px;--dpt-v-gutter: 10px; }\t\t\t<\/style>\n\t\t\t<style type=\"text\/css\">#dpt-wrapper-398 { --dpt-title-font-style:normal;--dpt-title-font-weight:600;--dpt-title-line-height:1.5;--dpt-title-text-decoration:none;--dpt-title-text-transform:none;--dpt-excerpt-font-style:normal;--dpt-excerpt-font-weight:400;--dpt-excerpt-line-height:1.5;--dpt-excerpt-text-decoration:none;--dpt-excerpt-text-transform:none;--dpt-meta1-font-style:normal;--dpt-meta1-font-weight:400;--dpt-meta1-line-height:1.9;--dpt-meta1-text-decoration:none;--dpt-meta1-text-transform:none;--dpt-meta2-font-style:normal;--dpt-meta2-font-weight:400;--dpt-meta2-line-height:1.9;--dpt-meta2-text-decoration:none;--dpt-meta2-text-transform:none; }<\/style><div class=\"dpt-main-header\">\n\t\t\t\t\t\t<div class=\"dpt-main-title\">\n\t\t\t\t\t\t\t<span class=\"dpt-main-title-text\">Art\u00edculos de actualidad sobre Alemania<\/span>\n\t\t\t\t\t\t<\/div>\n\t\t\t\t\t\t\n\t\t\t\t\t\t\n\t\t\t\t\t\t\n\t\t\t\t\t\t<\/div>\t\t\t\n\t\t\t\t<div id=\"dpt-wrapper-398\" class=\"dpt-wrapper dpt-list2 land1 dpt-cropped dpt-flex-wrap\" >\n\n\t\t\t\t\t\t\t\t\t\t\t<div class=\"dpt-entry has-thumbnail\" data-title=\"nord stream sprengung: sabotage, machtpolitik und die unbequemen offenen fragen\" data-id=\"4441\"  data-category=\"allgemein gesellschaft\" data-post_tag=\"deutschland energiepolitik europa geopolitik krisen meinungsfreiheit sicherheitspolitik spieltheorie\">\n\t\t\t\t\t\t\t<div class=\"dpt-entry-wrapper\"><div class=\"dpt-featured-content\"><div class=\"dpt-permalink\"><a href=\"https:\/\/www.markus-schall.de\/es\/2026\/01\/north-stream-blasting-sabotage-power-politics-and-the-uncomfortable-open-questions\/\" class=\"dpt-permalink\"><span class=\"screen-reader-text\">Derribo del Nord Stream: sabotaje, pol\u00edtica de poder e inc\u00f3modas preguntas sin respuesta<\/span><\/a><\/div><div class=\"dpt-thumbnail\"><div class=\"dpt-thumbnail-inner\"><img width=\"1024\" height=\"683\" class=\"attachment-full size-full\" alt=\"Voladuras del Nord Stream\" context=\"dpt\" data-dpt-src=\"https:\/\/www.markus-schall.de\/wp-content\/uploads\/nordstream-sprengung.jpg\" data-dpt-sizes=\"(max-width: 1024px) 100vw, 1024px\" data-dpt-srcset=\"https:\/\/www.markus-schall.de\/wp-content\/uploads\/nordstream-sprengung.jpg 1024w, https:\/\/www.markus-schall.de\/wp-content\/uploads\/nordstream-sprengung-300x200.jpg 300w, https:\/\/www.markus-schall.de\/wp-content\/uploads\/nordstream-sprengung-768x512.jpg 768w, https:\/\/www.markus-schall.de\/wp-content\/uploads\/nordstream-sprengung-18x12.jpg 18w\" \/><\/div><span class=\"dpt-thumbnail-aspect-ratio\" style=\"padding-top: 75%\"><\/span><\/div><\/div><div class=\"sub-entry\"><h3 class=\"dpt-title\"><a class=\"dpt-title-link\" href=\"https:\/\/www.markus-schall.de\/es\/2026\/01\/north-stream-blasting-sabotage-power-politics-and-the-uncomfortable-open-questions\/\" rel=\"bookmark\">Derribo del Nord Stream: sabotaje, pol\u00edtica de poder e inc\u00f3modas preguntas sin respuesta<\/a><\/h3><\/div><\/div>\n\t\t\t\t\t\t<\/div><!-- .dpt-entry -->\n\t\t\t\t\t\t\t\t\t\t\t\t<div class=\"dpt-entry has-thumbnail\" data-title=\"jan-josef liefers: ein portr\u00e4t \u00fcber haltung, herkunft und k\u00fcnstlerische freiheit\" data-id=\"3854\"  data-category=\"allgemein gesellschaft kunst &amp; kultur\" data-post_tag=\"deutschland erfahrungen krisen lernen meinungsfreiheit musik pers\u00f6nlichkeitsentwicklung portrait\">\n\t\t\t\t\t\t\t<div class=\"dpt-entry-wrapper\"><div class=\"dpt-featured-content\"><div class=\"dpt-permalink\"><a href=\"https:\/\/www.markus-schall.de\/es\/2025\/12\/jan-josef-liefers-un-retrato-de-actitud-origen-y-libertad-artistica\/\" class=\"dpt-permalink\"><span class=\"screen-reader-text\">Jan-Josef Liefers: un retrato de actitud, or\u00edgenes y libertad art\u00edstica<\/span><\/a><\/div><div class=\"dpt-thumbnail\"><div class=\"dpt-thumbnail-inner\"><img width=\"1024\" height=\"683\" class=\"attachment-full size-full\" alt=\"Jan-Josef Liefers\" context=\"dpt\" data-dpt-src=\"https:\/\/www.markus-schall.de\/wp-content\/uploads\/jan-josef-liefers-silhouette.jpg\" data-dpt-sizes=\"(max-width: 1024px) 100vw, 1024px\" data-dpt-srcset=\"https:\/\/www.markus-schall.de\/wp-content\/uploads\/jan-josef-liefers-silhouette.jpg 1024w, https:\/\/www.markus-schall.de\/wp-content\/uploads\/jan-josef-liefers-silhouette-300x200.jpg 300w, https:\/\/www.markus-schall.de\/wp-content\/uploads\/jan-josef-liefers-silhouette-768x512.jpg 768w, https:\/\/www.markus-schall.de\/wp-content\/uploads\/jan-josef-liefers-silhouette-18x12.jpg 18w\" \/><\/div><span class=\"dpt-thumbnail-aspect-ratio\" style=\"padding-top: 75%\"><\/span><\/div><\/div><div class=\"sub-entry\"><h3 class=\"dpt-title\"><a class=\"dpt-title-link\" href=\"https:\/\/www.markus-schall.de\/es\/2025\/12\/jan-josef-liefers-un-retrato-de-actitud-origen-y-libertad-artistica\/\" rel=\"bookmark\">Jan-Josef Liefers: un retrato de actitud, or\u00edgenes y libertad art\u00edstica<\/a><\/h3><\/div><\/div>\n\t\t\t\t\t\t<\/div><!-- .dpt-entry -->\n\t\t\t\t\t\t\t\t\t\t\t\t<div class=\"dpt-entry has-thumbnail\" data-title=\"was unsere opas vom krieg erz\u00e4hlten \u2013 und warum diese stimmen heute fehlen\" data-id=\"4674\"  data-category=\"allgemein gesellschaft\" data-post_tag=\"deutschland erfahrungen europa geopolitik krisen meinungsfreiheit musik sicherheitspolitik\">\n\t\t\t\t\t\t\t<div class=\"dpt-entry-wrapper\"><div class=\"dpt-featured-content\"><div class=\"dpt-permalink\"><a href=\"https:\/\/www.markus-schall.de\/es\/2026\/01\/lo-que-nos-contaron-nuestros-abuelos-sobre-la-guerra-y-por-que-hoy-faltan-esas-voces\/\" class=\"dpt-permalink\"><span class=\"screen-reader-text\">Lo que nuestros abuelos nos contaron sobre la guerra - y por qu\u00e9 estas voces est\u00e1n desaparecidas hoy en d\u00eda<\/span><\/a><\/div><div class=\"dpt-thumbnail\"><div class=\"dpt-thumbnail-inner\"><img width=\"1024\" height=\"683\" class=\"attachment-full size-full\" alt=\"Recuerdos de guerra de los abuelos\" context=\"dpt\" data-dpt-src=\"https:\/\/www.markus-schall.de\/wp-content\/uploads\/Opa-Kriegserinnerungen.jpg\" data-dpt-sizes=\"(max-width: 1024px) 100vw, 1024px\" data-dpt-srcset=\"https:\/\/www.markus-schall.de\/wp-content\/uploads\/Opa-Kriegserinnerungen.jpg 1024w, https:\/\/www.markus-schall.de\/wp-content\/uploads\/Opa-Kriegserinnerungen-300x200.jpg 300w, https:\/\/www.markus-schall.de\/wp-content\/uploads\/Opa-Kriegserinnerungen-768x512.jpg 768w, https:\/\/www.markus-schall.de\/wp-content\/uploads\/Opa-Kriegserinnerungen-18x12.jpg 18w\" \/><\/div><span class=\"dpt-thumbnail-aspect-ratio\" style=\"padding-top: 75%\"><\/span><\/div><\/div><div class=\"sub-entry\"><h3 class=\"dpt-title\"><a class=\"dpt-title-link\" href=\"https:\/\/www.markus-schall.de\/es\/2026\/01\/lo-que-nos-contaron-nuestros-abuelos-sobre-la-guerra-y-por-que-hoy-faltan-esas-voces\/\" rel=\"bookmark\">Lo que nuestros abuelos nos contaron sobre la guerra - y por qu\u00e9 estas voces est\u00e1n desaparecidas hoy en d\u00eda<\/a><\/h3><\/div><\/div>\n\t\t\t\t\t\t<\/div><!-- .dpt-entry -->\n\t\t\t\t\t\t\t\t\t\t\t\t<div class=\"dpt-entry has-thumbnail\" data-title=\"helge schneider: haltung, humor und die freiheit, sich nicht erkl\u00e4ren zu m\u00fcssen\" data-id=\"4756\"  data-category=\"allgemein gesellschaft kunst &amp; kultur\" data-post_tag=\"deutschland erfahrungen meinungsfreiheit musik portrait\">\n\t\t\t\t\t\t\t<div class=\"dpt-entry-wrapper\"><div class=\"dpt-featured-content\"><div class=\"dpt-permalink\"><a href=\"https:\/\/www.markus-schall.de\/es\/2026\/02\/helge-schneider-actitud-humor-y-la-libertad-de-no-tener-que-dar-explicaciones\/\" class=\"dpt-permalink\"><span class=\"screen-reader-text\">Helge Schneider: Actitud, humor y la libertad de no tener que dar explicaciones<\/span><\/a><\/div><div class=\"dpt-thumbnail\"><div class=\"dpt-thumbnail-inner\"><img width=\"1024\" height=\"683\" class=\"attachment-full size-full\" alt=\"Retrato de Helge Schneider\" context=\"dpt\" data-dpt-src=\"https:\/\/www.markus-schall.de\/wp-content\/uploads\/Helge-Schneider.jpg\" data-dpt-sizes=\"(max-width: 1024px) 100vw, 1024px\" data-dpt-srcset=\"https:\/\/www.markus-schall.de\/wp-content\/uploads\/Helge-Schneider.jpg 1024w, https:\/\/www.markus-schall.de\/wp-content\/uploads\/Helge-Schneider-300x200.jpg 300w, https:\/\/www.markus-schall.de\/wp-content\/uploads\/Helge-Schneider-768x512.jpg 768w, https:\/\/www.markus-schall.de\/wp-content\/uploads\/Helge-Schneider-18x12.jpg 18w\" \/><\/div><span class=\"dpt-thumbnail-aspect-ratio\" style=\"padding-top: 75%\"><\/span><\/div><\/div><div class=\"sub-entry\"><h3 class=\"dpt-title\"><a class=\"dpt-title-link\" href=\"https:\/\/www.markus-schall.de\/es\/2026\/02\/helge-schneider-actitud-humor-y-la-libertad-de-no-tener-que-dar-explicaciones\/\" rel=\"bookmark\">Helge Schneider: Actitud, humor y la libertad de no tener que dar explicaciones<\/a><\/h3><\/div><\/div>\n\t\t\t\t\t\t<\/div><!-- .dpt-entry -->\n\t\t\t\t\t\t\n\t\t\t\t<\/div>\n\t\t\t\t\t\t<\/div>\n\t\t\t\n<hr \/>\n<h3>La responsabilidad de la direcci\u00f3n escolar<\/h3>\n<p>En la pr\u00e1ctica, la decisi\u00f3n suele corresponder a la direcci\u00f3n del centro y al personal docente. Ellos determinan qu\u00e9 proyectos se llevan a cabo, a qu\u00e9 invitados se invita y c\u00f3mo se tratan los temas pol\u00edticos en las clases.<\/p>\n<p>Aqu\u00ed intervienen muchos factores: las redes regionales, las convicciones personales de los profesores, los proyectos pedag\u00f3gicos espec\u00edficos y las expectativas de padres y alumnos.<\/p>\n<p>Por ejemplo, un director tiene que sopesar si una conferencia de la Bundeswehr encaja con los objetivos pedag\u00f3gicos o si podr\u00eda suscitar pol\u00e9mica entre el profesorado o los padres. Estas decisiones no suelen ser f\u00e1ciles.<\/p>\n<h3>La escuela como espejo de los debates sociales<\/h3>\n<p>Quiz\u00e1 \u00e9ste sea precisamente el punto crucial: las escuelas no son s\u00f3lo lugares donde se imparten conocimientos, sino tambi\u00e9n un espejo de la sociedad. Tarde o temprano, los conflictos, los debates y las cuestiones pol\u00edticas de una sociedad surgen tambi\u00e9n en las aulas.<\/p>\n<p>Cuando hay disputas sobre la pol\u00edtica de seguridad, cuando se producen manifestaciones o cuando las instituciones estatales quieren explicar su papel, el sector educativo no queda indiferente.<\/p>\n<p>Esto no significa necesariamente que las propias escuelas se vuelvan pol\u00edticas. Pero se est\u00e1n convirtiendo en lugares donde se debaten cuestiones pol\u00edticas, a veces con m\u00e1s intensidad de la prevista inicialmente.<\/p>\n<h3>Equilibrio en la vida cotidiana<\/h3>\n<p>Para los profesores, los administradores escolares y los alumnos, esto significa en \u00faltima instancia un acto de equilibrio permanente. La educaci\u00f3n pol\u00edtica debe informar, no adoctrinar. Los debates deben tener lugar, pero no dominar completamente las lecciones.<\/p>\n<p>Este equilibrio es especialmente dif\u00edcil en tiempos de grandes cambios sociales. Porque cuando cambian las condiciones pol\u00edticas -por ejemplo, debido a los nuevos retos de la pol\u00edtica de seguridad o a los debates sobre el servicio militar- surgen autom\u00e1ticamente nuevas cuestiones en el sector educativo.<\/p>\n<p>Y precisamente por eso merece la pena dar un paso atr\u00e1s al final y analizar m\u00e1s de cerca esta evoluci\u00f3n.<\/p>\n<p><img loading=\"lazy\" decoding=\"async\" class=\"alignnone size-large wp-image-5157\" src=\"https:\/\/www.markus-schall.de\/wp-content\/uploads\/Wehrpflicht-Schulstreiks-Schlichtung.jpg\" alt=\"Equilibrio entre escuelas y profesores\" width=\"1024\" height=\"683\" srcset=\"https:\/\/www.markus-schall.de\/wp-content\/uploads\/Wehrpflicht-Schulstreiks-Schlichtung.jpg 1024w, https:\/\/www.markus-schall.de\/wp-content\/uploads\/Wehrpflicht-Schulstreiks-Schlichtung-300x200.jpg 300w, https:\/\/www.markus-schall.de\/wp-content\/uploads\/Wehrpflicht-Schulstreiks-Schlichtung-768x512.jpg 768w, https:\/\/www.markus-schall.de\/wp-content\/uploads\/Wehrpflicht-Schulstreiks-Schlichtung-18x12.jpg 18w\" sizes=\"auto, (max-width: 1024px) 100vw, 1024px\" \/><\/p>\n<h3>Alemania en comparaci\u00f3n - El servicio militar obligatorio en Europa<\/h3>\n<div style=\"overflow-x: auto;\">\n<table style=\"border-collapse: collapse; width: 100%;\">\n<tbody>\n<tr style=\"background-color: #f2f2f2;\">\n<th>Pa\u00eds<\/th>\n<th>Estatuto del servicio militar obligatorio<\/th>\n<th>Caracter\u00edsticas especiales<\/th>\n<\/tr>\n<tr>\n<td><strong>Alemania<\/strong><\/td>\n<td>Suspendido desde 2011<\/td>\n<td>\u201eNuevo servicio militar\u201c, antes la Bundeswehr se basaba \u00fanicamente en voluntarios.<\/td>\n<\/tr>\n<tr>\n<td><strong>Austria<\/strong><\/td>\n<td>Activo<\/td>\n<td>Servicio militar b\u00e1sico durante unos 6 meses; alternativa: servicio civil.<\/td>\n<\/tr>\n<tr>\n<td><strong>Suiza<\/strong><\/td>\n<td>Activo<\/td>\n<td>Sistema de ej\u00e9rcito de milicias con cursos regulares de actualizaci\u00f3n.<\/td>\n<\/tr>\n<tr>\n<td><strong>Finlandia<\/strong><\/td>\n<td>Activo<\/td>\n<td>Servicio militar obligatorio para los hombres, servicio voluntario posible para las mujeres.<\/td>\n<\/tr>\n<tr>\n<td><strong>Suecia<\/strong><\/td>\n<td>Reintroducido en 2017<\/td>\n<td>Reclutamiento selectivo de hombres y mujeres.<\/td>\n<\/tr>\n<tr>\n<td><strong>Noruega<\/strong><\/td>\n<td>Activo<\/td>\n<td>Servicio militar obligatorio sin distinci\u00f3n de g\u00e9nero desde 2015.<\/td>\n<\/tr>\n<tr>\n<td><strong>Dinamarca<\/strong><\/td>\n<td>Parcialmente activo<\/td>\n<td>Combinaci\u00f3n de procedimientos de sorteo de voluntarios y de alistamiento.<\/td>\n<\/tr>\n<tr>\n<td><strong>Estonia<\/strong><\/td>\n<td>Activo<\/td>\n<td>Servicio militar obligatorio para los hombres; una parte importante de la defensa nacional.<\/td>\n<\/tr>\n<tr>\n<td><strong>Letonia<\/strong><\/td>\n<td>Reintroducido en 2023<\/td>\n<td>Nuevo servicio militar obligatorio tras su abolici\u00f3n en 2007.<\/td>\n<\/tr>\n<tr>\n<td><strong>Lituania<\/strong><\/td>\n<td>Reintroducido en 2015<\/td>\n<td>Reactivaci\u00f3n debida a tensiones geopol\u00edticas.<\/td>\n<\/tr>\n<tr>\n<td><strong>Francia<\/strong><\/td>\n<td>Suprimida en 2001<\/td>\n<td>Debate sobre el servicio civil o nacional obligatorio.<\/td>\n<\/tr>\n<tr>\n<td><strong>Italia<\/strong><\/td>\n<td>Suspendido desde 2005<\/td>\n<td>Ej\u00e9rcito profesional con servicio militar voluntario.<\/td>\n<\/tr>\n<tr>\n<td><strong>Espa\u00f1a<\/strong><\/td>\n<td>Suprimida en 2001<\/td>\n<td>Fuerzas armadas profesionales sin servicio militar obligatorio.<\/td>\n<\/tr>\n<tr>\n<td><strong>Pa\u00edses Bajos<\/strong><\/td>\n<td>Expuesto<\/td>\n<td>El servicio militar obligatorio existe formalmente, pero no se aplica.<\/td>\n<\/tr>\n<tr>\n<td><strong>Polonia<\/strong><\/td>\n<td>Suspendido desde 2009<\/td>\n<td>Debate sobre nuevas formas de entrenamiento militar.<\/td>\n<\/tr>\n<\/tbody>\n<\/table>\n<\/div>\n<h2>Un debate abierto sobre el ej\u00e9rcito, la sociedad y la juventud<\/h2>\n<p>Si nos fijamos en el debate actual sobre las visitas de la Bundeswehr a las escuelas, los modelos de servicio militar o las protestas estudiantiles, r\u00e1pidamente se hace evidente: Tambi\u00e9n hay una diferencia generacional detr\u00e1s de muchos de estos debates.<\/p>\n<p>Las generaciones m\u00e1s mayores de Alemania crecieron a menudo con el servicio militar obligatorio. Para muchos, era algo natural alistarse en las fuerzas armadas o hacer el servicio civil al terminar la escuela. Las estructuras militares eran una parte normal del Estado, aunque no siempre estuvieran presentes en la vida cotidiana.<\/p>\n<p>Las generaciones m\u00e1s j\u00f3venes, en cambio, han tenido una experiencia muy diferente. Desde la suspensi\u00f3n del servicio militar obligatorio en 2011, el tema de las fuerzas armadas ha permanecido bastante abstracto para muchos j\u00f3venes. Aunque la Bundeswehr segu\u00eda existiendo, apenas desempe\u00f1aba un papel en la vida cotidiana de la mayor\u00eda de los j\u00f3venes.<\/p>\n<p>Cuando de repente se vuelve a hablar del servicio militar, de la disuasi\u00f3n militar o de estrategias de pol\u00edtica de seguridad, a algunos j\u00f3venes les parece una nueva realidad con la que primero tienen que familiarizarse.<\/p>\n<h3>La relaci\u00f3n entre el Estado y el ciudadano<\/h3>\n<p>El debate sobre las visitas de la Bundeswehr a las escuelas aborda tambi\u00e9n una cuesti\u00f3n m\u00e1s amplia: \u00bfHasta qu\u00e9 punto deben ser visibles las instituciones estatales en la vida cotidiana de los ciudadanos?<\/p>\n<p>En una democracia, las fuerzas armadas forman parte naturalmente del Estado. Est\u00e1n sujetas al control parlamentario, se financian con el dinero de los contribuyentes y cumplen tareas que, en \u00faltima instancia, est\u00e1n destinadas a proteger a la sociedad.<\/p>\n<p>Al mismo tiempo, la relaci\u00f3n entre el ej\u00e9rcito y la sociedad en Alemania es hist\u00f3ricamente delicada. A muchas personas les preocupa especialmente que las instituciones estatales cumplan su funci\u00f3n con transparencia y responsabilidad.<\/p>\n<p>Cuando los soldados aparecen en clase o hablan de cuestiones de pol\u00edtica de seguridad, esta relaci\u00f3n se hace inmediatamente evidente. Para algunos, se trata de una parte normal de la educaci\u00f3n pol\u00edtica. Para otros, sigue existiendo cierto malestar.<\/p>\n<p>Ambas perspectivas forman parte de un debate democr\u00e1tico.<\/p>\n<h3>La pol\u00edtica de seguridad como cuesti\u00f3n social<\/h3>\n<p>Otro aspecto de este debate se refiere a la cuesti\u00f3n de hasta qu\u00e9 punto una sociedad habla abiertamente de pol\u00edtica de seguridad. Durante mucho tiempo, este tema tendi\u00f3 a desempe\u00f1ar un papel secundario en la vida p\u00fablica cotidiana de Alemania. Las cuestiones militares sol\u00edan ser tratadas por expertos o responsables pol\u00edticos.<\/p>\n<p>Sin embargo, esto ha cambiado en los \u00faltimos a\u00f1os. Los conflictos internacionales, las tensiones geopol\u00edticas y los nuevos retos de la pol\u00edtica de seguridad est\u00e1n volviendo a poner de actualidad las cuestiones de defensa. Esto da lugar autom\u00e1ticamente a nuevas discusiones, tambi\u00e9n en las escuelas, las universidades y los debates p\u00fablicos.<\/p>\n<p>Quiz\u00e1 sea precisamente una se\u00f1al de que una sociedad est\u00e1 asumiendo su papel en un mundo complejo.<\/p>\n<h3>El servicio militar obligatorio en Alemania: derechos, deberes y posibilidad de rechazo<\/h3>\n<p><a href=\"https:\/\/www.markus-schall.de\/es\/2025\/09\/objecion-de-conciencia-al-servicio-militar-que-hacer-en-caso-de-emergencia\/\"><img loading=\"lazy\" decoding=\"async\" class=\"alignright wp-image-2969 size-medium\" src=\"https:\/\/www.markus-schall.de\/wp-content\/uploads\/wehrpflicht-kriegsdienst-verweigern-300x200.jpg\" alt=\"Reclutamiento: rechazar el servicio militar\" width=\"300\" height=\"200\" srcset=\"https:\/\/www.markus-schall.de\/wp-content\/uploads\/wehrpflicht-kriegsdienst-verweigern-300x200.jpg 300w, https:\/\/www.markus-schall.de\/wp-content\/uploads\/wehrpflicht-kriegsdienst-verweigern-1024x683.jpg 1024w, https:\/\/www.markus-schall.de\/wp-content\/uploads\/wehrpflicht-kriegsdienst-verweigern-768x512.jpg 768w, https:\/\/www.markus-schall.de\/wp-content\/uploads\/wehrpflicht-kriegsdienst-verweigern-18x12.jpg 18w, https:\/\/www.markus-schall.de\/wp-content\/uploads\/wehrpflicht-kriegsdienst-verweigern.jpg 1536w\" sizes=\"auto, (max-width: 300px) 100vw, 300px\" \/><\/a>El debate sobre las visitas de la Bundeswehr a las escuelas tambi\u00e9n toca a menudo otra cuesti\u00f3n: \u00bfqu\u00e9 ocurrir\u00eda realmente si se reintrodujera el servicio militar obligatorio en Alemania? Muchas personas saben sorprendentemente poco sobre los derechos que tendr\u00edan en tal caso. En mi <a href=\"https:\/\/www.markus-schall.de\/es\/2025\/09\/objecion-de-conciencia-al-servicio-militar-que-hacer-en-caso-de-emergencia\/\"><strong>art\u00edculo detallado sobre el servicio militar obligatorio<\/strong><\/a> se ocupa principalmente de los aspectos jur\u00eddicos: \u00bfQui\u00e9n puede ser llamado a filas? \u00bfQui\u00e9n puede rechazar el servicio militar? y \u00bfc\u00f3mo funciona realmente una solicitud de este tipo? Explica paso a paso qu\u00e9 principios jur\u00eddicos se aplican, qu\u00e9 plazos deben respetarse y qu\u00e9 alternativas existen al servicio militar. As\u00ed pues, si le interesa saber c\u00f3mo funciona jur\u00eddicamente el sistema, encontrar\u00e1 aqu\u00ed una visi\u00f3n de conjunto detallada y comprensible.<\/p>\n<hr \/>\n<h3>Encuesta actual sobre el servicio militar obligatorio en Alemania<\/h3>\n<div class='bootstrap-yop yop-poll-mc'>\n\t\t\t\t\t\t\t<div class=\"basic-yop-poll-container\" style=\"background-color:#ffffff; border:0px; border-style:solid; border-color:#000000; border-radius:5px; padding:0px 5px;\" data-id=\"3\" data-temp=\"basic-pretty\" data-skin=\"square\" data-cscheme=\"blue\" data-cap=\"0\" data-access=\"guest\" data-tid=\"\" data-uid=\"20940106077207d306fe7b6b261d1e58\" data-pid=\"4756\" data-resdet=\"votes-number,percentages\" data-show-results-to=\"guest\" data-show-results-moment=\"after-vote\" data-show-results-only=\"false\" data-show-message=\"true\" data-show-results-as=\"bar\" data-sort-results-by=\"as-defined\" data-sort-results-rule=\"asc\"data-is-ended=\"0\" data-percentages-decimals=\"2\" data-gdpr=\"no\" data-gdpr-sol=\"consent\" data-css=\"\" data-counter=\"0\" data-load-with=\"1\" data-notification-section=\"top\"><div class=\"row\"><div class=\"col-md-12\"><div class=\"basic-inner\"><div class=\"basic-message hide\" style=\"border-left: 10px solid #008000; padding: 0px 10px;\" data-error=\"#ff0000\" data-success=\"#008000\"><p class=\"basic-message-text\" style=\"color:#000000; font-size:14px; font-weight:normal;\"><\/p><\/div><div class=\"basic-overlay hide\"><div class=\"basic-vote-options\"><\/div><div class=\"basic-preloader\"><div class=\"basic-windows8\"><div class=\"basic-wBall basic-wBall_1\"><div class=\"basic-wInnerBall\"><\/div><\/div><div class=\"basic-wBall basic-wBall_2\"><div class=\"basic-wInnerBall\"><\/div><\/div><div class=\"basic-wBall basic-wBall_3\"><div class=\"basic-wInnerBall\"><\/div><\/div><div class=\"basic-wBall basic-wBall_4\"><div class=\"basic-wInnerBall\"><\/div><\/div><div class=\"basic-wBall basic-wBall_5\"><div class=\"basic-wInnerBall\"><\/div><\/div><\/div><\/div><\/div><form class=\"basic-form\" action=\"\"><input type=\"hidden\" name=\"_token\" value=\"a6eab76ac7\" autocomplete=\"off\"><div class=\"basic-elements\"><div class=\"basic-element basic-question basic-question-text-vertical\" data-id=\"3\" data-uid=\"2f6af883fc604d99b12fddf4d4a732b1\" data-type=\"question\" data-question-type=\"text\" data-required=\"yes\" data-allow-multiple=\"no\" data-min=\"1\" data-max=\"1\" data-display=\"vertical\" data-colnum=\"\" data-display-others=\"no\" data-others-color=\"\" data-others=\"\" data-others-max-chars=\"0\"><div class=\"basic-question-title\"><h5 style=\"color:#000000; font-size:16px; font-weight:normal; text-align:left;\">\u00bfDeber\u00eda reintroducirse el servicio obligatorio general en Alemania?<\/h5><\/div><ul class=\"basic-answers\"><li class=\"basic-answer\" style=\"padding:0px 0px;\" data-id=\"10\" data-type=\"text\" data-vn=\"5\" data-color=\"#000000\" data-make-link=\"no\" data-link=\"\"><div class=\"basic-answer-content basic-text-vertical\"><label for=\"answer[10]\" class=\"basic-answer-label\"><input type=\"radio\" id=\"answer[10]\" name=\"answer[3]\" value=\"10\"><span class=\"basic-text\" style=\"color: #000000; font-size: 14px; font-weight: normal;\">S\u00ed, para todos: servicio civil obligatorio o servicio militar.<\/span><\/label><\/div><\/li><li class=\"basic-answer\" style=\"padding:0px 0px;\" data-id=\"11\" data-type=\"text\" data-vn=\"2\" data-color=\"#000000\" data-make-link=\"no\" data-link=\"\"><div class=\"basic-answer-content basic-text-vertical\"><label for=\"answer[11]\" class=\"basic-answer-label\"><input type=\"radio\" id=\"answer[11]\" name=\"answer[3]\" value=\"11\"><span class=\"basic-text\" style=\"color: #000000; font-size: 14px; font-weight: normal;\">S\u00ed, pero s\u00f3lo voluntariamente o con un incentivo<\/span><\/label><\/div><\/li><li class=\"basic-answer\" style=\"padding:0px 0px;\" data-id=\"12\" data-type=\"text\" data-vn=\"58\" data-color=\"#000000\" data-make-link=\"no\" data-link=\"\"><div class=\"basic-answer-content basic-text-vertical\"><label for=\"answer[12]\" class=\"basic-answer-label\"><input type=\"radio\" id=\"answer[12]\" name=\"answer[3]\" value=\"12\"><span class=\"basic-text\" style=\"color: #000000; font-size: 14px; font-weight: normal;\">No - el servicio obligatorio contradice la libertad<\/span><\/label><\/div><\/li><li class=\"basic-answer\" style=\"padding:0px 0px;\" data-id=\"13\" data-type=\"text\" data-vn=\"1\" data-color=\"#000000\" data-make-link=\"no\" data-link=\"\"><div class=\"basic-answer-content basic-text-vertical\"><label for=\"answer[13]\" class=\"basic-answer-label\"><input type=\"radio\" id=\"answer[13]\" name=\"answer[3]\" value=\"13\"><span class=\"basic-text\" style=\"color: #000000; font-size: 14px; font-weight: normal;\">Depende de la situaci\u00f3n pol\u00edtica<\/span><\/label><\/div><\/li><\/ul><\/div><div class=\"clearfix\"><\/div><\/div><div class=\"basic-vote\"><a href=\"#\" class=\"button basic-vote-button\" role=\"button\" style=\"background:#027bb8; border:0px; border-style: solid; border-color:#000000; border-radius:5px; padding:10px 10px; color:#ffffff; font-size:14px; font-weight:normal;\">Vote<\/a><\/div><input type=\"hidden\" name=\"trp-form-language\" value=\"es\"\/><\/form><\/div><\/div><\/div><\/div>\n\t\t\t\t\t\t<\/div>\n<hr \/>\n<h3>El papel de las nuevas generaciones<\/h3>\n<p>El papel de los propios j\u00f3venes es especialmente interesante. Las huelgas escolares contra los planes de servicio militar demuestran que los j\u00f3venes no son meros observadores pasivos de estos acontecimientos.<\/p>\n<p>Participan en debates, organizan manifestaciones y formulan sus propias posiciones sobre cuestiones pol\u00edticas. Esto puede verse de diferentes maneras: como una expresi\u00f3n de madurez pol\u00edtica, como una cultura juvenil de protesta o simplemente como parte de una democracia vibrante.<\/p>\n<p>Independientemente de ello, demuestra que las cuestiones de pol\u00edtica de seguridad est\u00e1n volviendo a la esfera p\u00fablica. Precisamente por ello, el sector educativo se est\u00e1 convirtiendo en un importante escenario de este debate. Las escuelas suelen ser el primer lugar donde los j\u00f3venes discuten m\u00e1s intensamente sobre cuestiones pol\u00edticas, intercambian argumentos y aprenden a comprender diferentes perspectivas.<\/p>\n<h3>Un debate sin soluciones sencillas<\/h3>\n<p>Por lo tanto, es probable que la cuesti\u00f3n de qu\u00e9 proporci\u00f3n de militares debe estar presente en el sector educativo siga siendo un tema controvertido en el futuro.<\/p>\n<p>Algunos seguir\u00e1n defendiendo que las escuelas deben ser lo m\u00e1s independientes posible de las instituciones estatales. Otros se\u00f1alar\u00e1n que la educaci\u00f3n pol\u00edtica s\u00f3lo es completa si tambi\u00e9n se tienen en cuenta las perspectivas de la pol\u00edtica de seguridad.<\/p>\n<p>Existe un debate entre estas posturas que no puede resolverse con respuestas sencillas.<\/p>\n<p>Pero quiz\u00e1 sea tambi\u00e9n un signo de que las estructuras democr\u00e1ticas funcionan. Al fin y al cabo, democracia no significa que todas las cuestiones se resuelvan r\u00e1pidamente, sino que las opiniones divergentes puedan debatirse abiertamente.<\/p>\n<h3>Una pregunta abierta<\/h3>\n<p>Tal vez la conclusi\u00f3n m\u00e1s importante de este debate no sea si las visitas de la Bundeswehr a las escuelas son fundamentalmente correctas o incorrectas.<\/p>\n<p>La cuesti\u00f3n crucial es quiz\u00e1 m\u00e1s bien:<\/p>\n<blockquote><p><em>\u00bfC\u00f3mo abordamos como sociedad cuestiones como la seguridad, la responsabilidad y la educaci\u00f3n pol\u00edtica?<\/em><\/p><\/blockquote>\n<p>Cuando los j\u00f3venes empiezan a reflexionar sobre estas cuestiones, cuando los profesores moderan los debates y cuando las instituciones estatales tienen que explicar su papel, se demuestra sobre todo una cosa: una sociedad democr\u00e1tica dialoga consigo misma.<\/p>\n<p>As\u00ed que quiz\u00e1 la cuesti\u00f3n m\u00e1s importante no sea si los soldados deben actuar en las escuelas.<\/p>\n<p>Pero si como sociedad estamos preparados para mantener este debate abiertamente, con calma y sin anteojeras ideol\u00f3gicas.<\/p>\n<hr \/>\n<h2>Otras fuentes sobre el tema<\/h2>\n<ol>\n<li><b><a href=\"https:\/\/www.bundeswehr.de\/resource\/blob\/5993294\/a3842c9787ea1c0101eefe6bea08b5ef\/die-jugendoffiziere-der-bundeswehr-jahresbericht-2024-data.pdf\" target=\"_blank\" rel=\"noopener\">Informe anual de los oficiales juveniles de la Bundeswehr<\/a><\/b>Informe oficial anual de la Bundeswehr sobre las actividades de sus oficiales juveniles. El documento contiene cifras sobre actos escolares, juegos de simulaci\u00f3n y conferencias, as\u00ed como declaraciones estrat\u00e9gicas sobre la labor educativa de la Bundeswehr en materia de pol\u00edtica de seguridad. Tambi\u00e9n muestra a cu\u00e1ntos alumnos se llega cada a\u00f1o y qu\u00e9 papel desempe\u00f1a la cooperaci\u00f3n con las escuelas y los centros educativos en el trabajo de relaciones p\u00fablicas y juveniles de las fuerzas armadas.<\/li>\n<li><b><a href=\"https:\/\/www.schleswig-holstein.de\/DE\/landesregierung\/ministerien-behoerden\/III\/Presse\/PI\/2026\/01_Januar\/20260123_Jugendoffiziere?nn=2cfbb97f-9a3f-421a-a63d-fcb6b3e27e04\" target=\"_blank\" rel=\"noopener\">J\u00f3venes oficiales de la Bundeswehr en las clases escolares - Comunicado de prensa del estado de Schleswig-Holstein<\/a><\/b>Presentaci\u00f3n oficial de un estado federado sobre la cooperaci\u00f3n entre las escuelas y el Bundeswehr. En el texto se explica que los oficiales juveniles ofrecen conferencias, seminarios y juegos de simulaci\u00f3n y que estos actos sirven al prop\u00f3sito de la educaci\u00f3n pol\u00edtica. Al mismo tiempo, se subraya que tales visitas s\u00f3lo tienen lugar por invitaci\u00f3n de las escuelas y est\u00e1n bajo la responsabilidad educativa de los profesores.<\/li>\n<li><b><a href=\"https:\/\/km.baden-wuerttemberg.de\/de\/schule\/schulartuebergreifend\/kooperation-schule\/bundeswehr\" target=\"_blank\" rel=\"noopener\">Cooperaci\u00f3n entre las escuelas y las fuerzas armadas - Ministerio de Educaci\u00f3n y Asuntos Culturales de Baden-Wurtemberg<\/a><\/b>Esta p\u00e1gina documenta uno de los acuerdos de cooperaci\u00f3n m\u00e1s importantes entre la Bundeswehr y un ministerio de educaci\u00f3n alem\u00e1n. Describe la cooperaci\u00f3n formal que existe desde 2009 para familiarizar a los alumnos con cuestiones de pol\u00edtica de seguridad. Al mismo tiempo, subraya que las lecciones deben seguir el llamado Consenso de Beutelsbach, seg\u00fan el cual los temas pol\u00edticos controvertidos tambi\u00e9n deben presentarse de forma controvertida en el aula.<\/li>\n<li><b><a href=\"https:\/\/www.bundestag.de\/dokumente\/textarchiv\/2026\/kw10-de-jugendoffiziere-1150498\" target=\"_blank\" rel=\"noopener\">Debate en el Bundestag alem\u00e1n sobre los agentes de juventud en las escuelas<\/a><\/b>Documentaci\u00f3n de un debate parlamentario sobre el despliegue de oficiales juveniles de la Bundeswehr en las clases escolares. Entre otras cosas, en este debate se pide que se ponga fin a la cooperaci\u00f3n existente entre la Bundeswehr y las escuelas, mientras que otros diputados subrayan su importancia para la educaci\u00f3n en materia de pol\u00edtica de seguridad. El documento muestra lo pol\u00edticamente controvertido que es el tema en el Parlamento.<\/li>\n<li><b><a href=\"https:\/\/de.wikipedia.org\/wiki\/Kooperationsvereinbarung_der_Bundeswehr\" target=\"_blank\" rel=\"noopener\">Acuerdo de cooperaci\u00f3n entre la Bundeswehr y los ministerios de cultura<\/a><\/b>Visi\u00f3n general de los acuerdos marco entre la Bundeswehr y varios estados federales alemanes. Entre otras cosas, estos acuerdos regulan c\u00f3mo pueden desplegarse los oficiales juveniles en las aulas y c\u00f3mo se organizan los cursos de formaci\u00f3n del profesorado. Seg\u00fan la informaci\u00f3n disponible, miles de profesores han participado en ocasiones en cursos de formaci\u00f3n sobre pol\u00edtica de seguridad organizados por la Bundeswehr.<\/li>\n<li><b><a href=\"https:\/\/de.wikipedia.org\/wiki\/POL%26IS\" target=\"_blank\" rel=\"noopener\">POL&amp;IS - Juego de simulaci\u00f3n de pol\u00edtica y seguridad internacional<\/a><\/b>Descripci\u00f3n de un conocido juego de simulaci\u00f3n de la Bundeswehr que se juega a menudo en las escuelas. Los alumnos asumen el papel de diversos Estados y organizaciones y simulan la pol\u00edtica internacional. El juego de simulaci\u00f3n pretende hacer comprensibles los contextos pol\u00edticos, pero es criticado por partes del movimiento pacifista, que lo consideran una representaci\u00f3n excesivamente militar de los conflictos internacionales.<\/li>\n<li><b><a href=\"https:\/\/www.tdh.de\/en\/inform\/topics\/german-armed-forces-at-schools\" target=\"_blank\" rel=\"noopener\">Las Fuerzas Armadas alemanas en las escuelas - Informe de Terre des Hommes<\/a><\/b>Informe cr\u00edtico de la organizaci\u00f3n de defensa de los derechos del ni\u00f1o Terre des Hommes sobre la presencia de la Bundeswehr en los centros educativos. El texto sostiene que la Bundeswehr llega cada a\u00f1o a cientos de miles de j\u00f3venes a trav\u00e9s de oficiales de juventud, orientadores profesionales y eventos, y critica en particular el reclutamiento de menores para el servicio militar.<\/li>\n<li><b><a href=\"https:\/\/www.gew.de\/mein-arbeitsplatz\/schule\/bundeswehr\/einfluss-der-bundeswehr-an-schulen-zurueckdraengen\" target=\"_blank\" rel=\"noopener\">GEW: Reducir la influencia de la Bundeswehr en las escuelas<\/a><\/b>La Uni\u00f3n Alemana para la Educaci\u00f3n y la Ciencia (GEW) es uno de los cr\u00edticos m\u00e1s conocidos de la cooperaci\u00f3n entre la Bundeswehr y las escuelas. En este art\u00edculo defiende que las instituciones militares no deben influir en los planes de estudio ni en la formaci\u00f3n del profesorado y que la educaci\u00f3n pol\u00edtica debe seguir siendo independiente.<\/li>\n<li><b><a href=\"https:\/\/dfg-vk-darmstadt.de\/Downloads\/DokumentezuEinflussnahmenderBundeswehrinBildungseinrichtungen\/Bundeswehr%20raus%20aus%20Schulen%2CGEW-Hessen%206.10.2010.pdf\" target=\"_blank\" rel=\"noopener\">Bundeswehr fuera de las escuelas - documentaci\u00f3n de una iniciativa de paz<\/a><\/b>Este documental describe el desarrollo de los acuerdos de cooperaci\u00f3n entre la Bundeswehr y los ministerios de educaci\u00f3n desde una perspectiva cr\u00edtica. Analiza c\u00f3mo surgieron estos acuerdos y qu\u00e9 efectos pudieron tener en las clases escolares. Se analiza en particular el papel de los oficiales juveniles como conferenciantes sobre cuestiones de pol\u00edtica de seguridad.<\/li>\n<li><b><a href=\"https:\/\/www.kas.de\/en\/in-short\/detail\/-\/content\/youth-protests-against-military-service\" target=\"_blank\" rel=\"noopener\">Protestas juveniles contra el servicio militar - An\u00e1lisis de la Fundaci\u00f3n Konrad Adenauer<\/a><\/b>Este art\u00edculo analiza los actuales movimientos de protesta de los j\u00f3venes contra posibles modelos de servicio militar y los sit\u00faa en el contexto del debate sobre la pol\u00edtica europea de seguridad. Al mismo tiempo, subraya que la educaci\u00f3n sobre pol\u00edtica de seguridad en las escuelas puede contribuir a que los debates pol\u00edticos sean m\u00e1s objetivos.<\/li>\n<li><b><a href=\"https:\/\/securityanddefence.pl\/Preparing-youth-for-defence-Socialisation-education-and-training-of-young-people%2C149891%2C0%2C2.html\" target=\"_blank\" rel=\"noopener\">Preparar a los j\u00f3venes para la defensa - Estudio comparativo sobre la educaci\u00f3n para la defensa<\/a><\/b>Estudio cient\u00edfico sobre la educaci\u00f3n militar y la socializaci\u00f3n en materia de pol\u00edtica de seguridad de los j\u00f3venes en varios pa\u00edses europeos. El estudio compara los distintos modelos utilizados por los Estados para preparar a los j\u00f3venes en cuestiones de pol\u00edtica de seguridad y analiza las similitudes y diferencias en un contexto internacional.<\/li>\n<li><b><a href=\"https:\/\/www.dokumentation.landtag-mv.de\/parldok\/dokument\/61109\/bundeswehr_an_schulen_in_mecklenburg_vorpommern.pdf\" target=\"_blank\" rel=\"noopener\">Bundeswehr en las escuelas - Documento del Parlamento de Mecklemburgo-Pomerania Occidental<\/a><\/b>Documento parlamentario con cifras concretas sobre los actos organizados por los responsables de juventud en los centros escolares. Explica c\u00f3mo se organizan estas charlas y cu\u00e1l es su contenido. Al mismo tiempo, explica que, seg\u00fan la Bundeswehr, no est\u00e1n pensadas para hacer publicidad directa, sino para facilitar debates sobre la pol\u00edtica de seguridad.<\/li>\n<li><b><a href=\"https:\/\/de.wikipedia.org\/wiki\/Weizs%C3%A4cker-Kommission\" target=\"_blank\" rel=\"noopener\">Comisi\u00f3n Weizs\u00e4cker: Seguridad com\u00fan y futuro de la Bundeswehr<\/a><\/b>La llamada Comisi\u00f3n Weizs\u00e4cker era un grupo de expertos nombrados por el gobierno alem\u00e1n para elaborar propuestas sobre la futura estructura de la Bundeswehr. Su trabajo influy\u00f3 en los debates a largo plazo sobre pol\u00edtica de seguridad en Alemania y constituye un importante antecedente para los debates actuales sobre la reforma del servicio militar obligatorio, la estructura de la Bundeswehr y la integraci\u00f3n social de los militares.<\/li>\n<li><b><a href=\"https:\/\/de.wikipedia.org\/wiki\/Infopost_%28Bundeswehr%29\" target=\"_blank\" rel=\"noopener\">Infopost de la Bundeswehr<\/a><\/b>Ejemplo hist\u00f3rico del trabajo de relaciones p\u00fablicas del Bundeswehr con los j\u00f3venes. La revista \u201eInfopost\u201c se envi\u00f3 a los j\u00f3venes durante d\u00e9cadas y conten\u00eda informes de la Bundeswehr, as\u00ed como informaci\u00f3n sobre carreras militares. Muestra c\u00f3mo el ej\u00e9rcito intent\u00f3 informar a los j\u00f3venes sobre su trabajo en el pasado.<\/li>\n<\/ol>\n<hr \/>\n\n\t\t\t<div class=\"display-post-types\">\n\n\t\t\t\t\t\t\t<style type=\"text\/css\">\n\t\t\t#dpt-wrapper-399 { --dpt-text-align: left;--dpt-image-crop: center;--dpt-border-radius: 5px;--dpt-h-gutter: 10px;--dpt-v-gutter: 9px; }\t\t\t<\/style>\n\t\t\t<style type=\"text\/css\">#dpt-wrapper-399 { --dpt-title-font-style:normal;--dpt-title-font-weight:600;--dpt-title-line-height:1.5;--dpt-title-text-decoration:none;--dpt-title-text-transform:none;--dpt-excerpt-font-style:normal;--dpt-excerpt-font-weight:400;--dpt-excerpt-line-height:1.5;--dpt-excerpt-text-decoration:none;--dpt-excerpt-text-transform:none;--dpt-meta1-font-style:normal;--dpt-meta1-font-weight:400;--dpt-meta1-line-height:1.9;--dpt-meta1-text-decoration:none;--dpt-meta1-text-transform:none;--dpt-meta2-font-style:normal;--dpt-meta2-font-weight:400;--dpt-meta2-line-height:1.9;--dpt-meta2-text-decoration:none;--dpt-meta2-text-transform:none; }<\/style><div class=\"dpt-main-header\">\n\t\t\t\t\t\t<div class=\"dpt-main-title\">\n\t\t\t\t\t\t\t<span class=\"dpt-main-title-text\">Cuestiones sociales de actualidad<\/span>\n\t\t\t\t\t\t<\/div>\n\t\t\t\t\t\t\n\t\t\t\t\t\t\n\t\t\t\t\t\t\n\t\t\t\t\t\t<\/div>\t\t\t\n\t\t\t\t<div id=\"dpt-wrapper-399\" class=\"dpt-wrapper dpt-mag1 land1 dpt-cropped dpt-flex-wrap\" >\n\n\t\t\t\t\t\t\t\t\t\t\t<div class=\"dpt-entry has-thumbnail\" data-title=\"mehr als punk: nina hagen, cosma shiva und die kunst, sich nicht vereinnahmen zu lassen\" data-id=\"4521\"  data-category=\"allgemein gesellschaft kunst &amp; kultur\" data-post_tag=\"auswandern deutschland erfahrungen europa krisen meinungsfreiheit musik portrait\">\n\t\t\t\t\t\t\t<div class=\"dpt-entry-wrapper\"><div class=\"dpt-featured-content\"><div class=\"dpt-permalink\"><a href=\"https:\/\/www.markus-schall.de\/es\/2026\/01\/more-than-punk-nina-hagen-cosma-shiva-y-el-arte-de-no-dejarse-enganar\/\" class=\"dpt-permalink\"><span class=\"screen-reader-text\">M\u00e1s que punk: Nina Hagen, Cosma Shiva y el arte de no dejarse enga\u00f1ar<\/span><\/a><\/div><div class=\"dpt-thumbnail\"><div class=\"dpt-thumbnail-inner\"><img width=\"1024\" height=\"683\" class=\"attachment-full size-full\" alt=\"Retrato de Nina y Cosma Shiva Hagen\" context=\"dpt\" data-dpt-src=\"https:\/\/www.markus-schall.de\/wp-content\/uploads\/Nina-Cosma-Shiva-Hagen-Titel.jpg\" data-dpt-sizes=\"(max-width: 1024px) 100vw, 1024px\" data-dpt-srcset=\"https:\/\/www.markus-schall.de\/wp-content\/uploads\/Nina-Cosma-Shiva-Hagen-Titel.jpg 1024w, https:\/\/www.markus-schall.de\/wp-content\/uploads\/Nina-Cosma-Shiva-Hagen-Titel-300x200.jpg 300w, https:\/\/www.markus-schall.de\/wp-content\/uploads\/Nina-Cosma-Shiva-Hagen-Titel-768x512.jpg 768w, https:\/\/www.markus-schall.de\/wp-content\/uploads\/Nina-Cosma-Shiva-Hagen-Titel-18x12.jpg 18w\" \/><\/div><span class=\"dpt-thumbnail-aspect-ratio\" style=\"padding-top: 75%\"><\/span><\/div><\/div><div class=\"sub-entry\"><h3 class=\"dpt-title\"><a class=\"dpt-title-link\" href=\"https:\/\/www.markus-schall.de\/es\/2026\/01\/more-than-punk-nina-hagen-cosma-shiva-y-el-arte-de-no-dejarse-enganar\/\" rel=\"bookmark\">M\u00e1s que punk: Nina Hagen, Cosma Shiva y el arte de no dejarse enga\u00f1ar<\/a><\/h3><\/div><\/div>\n\t\t\t\t\t\t<\/div><!-- .dpt-entry -->\n\t\t\t\t\t\t\t\t\t\t\t\t<div class=\"dpt-entry has-thumbnail\" data-title=\"nord stream sprengung: sabotage, machtpolitik und die unbequemen offenen fragen\" data-id=\"4441\"  data-category=\"allgemein gesellschaft\" data-post_tag=\"deutschland energiepolitik europa geopolitik krisen meinungsfreiheit sicherheitspolitik spieltheorie\">\n\t\t\t\t\t\t\t<div class=\"dpt-entry-wrapper\"><div class=\"dpt-featured-content\"><div class=\"dpt-permalink\"><a href=\"https:\/\/www.markus-schall.de\/es\/2026\/01\/north-stream-blasting-sabotage-power-politics-and-the-uncomfortable-open-questions\/\" class=\"dpt-permalink\"><span class=\"screen-reader-text\">Derribo del Nord Stream: sabotaje, pol\u00edtica de poder e inc\u00f3modas preguntas sin respuesta<\/span><\/a><\/div><div class=\"dpt-thumbnail\"><div class=\"dpt-thumbnail-inner\"><img width=\"1024\" height=\"683\" class=\"attachment-full size-full\" alt=\"Voladuras del Nord Stream\" context=\"dpt\" data-dpt-src=\"https:\/\/www.markus-schall.de\/wp-content\/uploads\/nordstream-sprengung.jpg\" data-dpt-sizes=\"(max-width: 1024px) 100vw, 1024px\" data-dpt-srcset=\"https:\/\/www.markus-schall.de\/wp-content\/uploads\/nordstream-sprengung.jpg 1024w, https:\/\/www.markus-schall.de\/wp-content\/uploads\/nordstream-sprengung-300x200.jpg 300w, https:\/\/www.markus-schall.de\/wp-content\/uploads\/nordstream-sprengung-768x512.jpg 768w, https:\/\/www.markus-schall.de\/wp-content\/uploads\/nordstream-sprengung-18x12.jpg 18w\" \/><\/div><span class=\"dpt-thumbnail-aspect-ratio\" style=\"padding-top: 75%\"><\/span><\/div><\/div><div class=\"sub-entry\"><h3 class=\"dpt-title\"><a class=\"dpt-title-link\" href=\"https:\/\/www.markus-schall.de\/es\/2026\/01\/north-stream-blasting-sabotage-power-politics-and-the-uncomfortable-open-questions\/\" rel=\"bookmark\">Derribo del Nord Stream: sabotaje, pol\u00edtica de poder e inc\u00f3modas preguntas sin respuesta<\/a><\/h3><\/div><\/div>\n\t\t\t\t\t\t<\/div><!-- .dpt-entry -->\n\t\t\t\t\t\t\t\t\t\t\t\t<div class=\"dpt-entry has-thumbnail\" data-title=\"cloud-act, datenhoheit und die schweiz: ein wendepunkt f\u00fcr europ\u00e4ische it-strategien?\" data-id=\"3727\"  data-category=\"allgemein gesellschaft\" data-post_tag=\"datenbanken datenschutz digitales eigentum eu-gesetze europa\">\n\t\t\t\t\t\t\t<div class=\"dpt-entry-wrapper\"><div class=\"dpt-featured-content\"><div class=\"dpt-permalink\"><a href=\"https:\/\/www.markus-schall.de\/es\/2025\/11\/cloud-act-soberania-de-datos-y-suiza-un-punto-de-inflexion-para-las-estrategias-europeas-de-it\/\" class=\"dpt-permalink\"><span class=\"screen-reader-text\">Ley CLOUD, soberan\u00eda de datos y Suiza: \u00bfun punto de inflexi\u00f3n para las estrategias europeas de TI?<\/span><\/a><\/div><div class=\"dpt-thumbnail\"><div class=\"dpt-thumbnail-inner\"><img width=\"1024\" height=\"683\" class=\"attachment-full size-full\" alt=\"\u00bfQu\u00e9 significa para Europa la resoluci\u00f3n suiza sobre la nube?\" context=\"dpt\" data-dpt-src=\"https:\/\/www.markus-schall.de\/wp-content\/uploads\/schweiz-cloud-resolution-eu.jpg\" data-dpt-sizes=\"(max-width: 1024px) 100vw, 1024px\" data-dpt-srcset=\"https:\/\/www.markus-schall.de\/wp-content\/uploads\/schweiz-cloud-resolution-eu.jpg 1024w, https:\/\/www.markus-schall.de\/wp-content\/uploads\/schweiz-cloud-resolution-eu-300x200.jpg 300w, https:\/\/www.markus-schall.de\/wp-content\/uploads\/schweiz-cloud-resolution-eu-768x512.jpg 768w, https:\/\/www.markus-schall.de\/wp-content\/uploads\/schweiz-cloud-resolution-eu-18x12.jpg 18w\" \/><\/div><span class=\"dpt-thumbnail-aspect-ratio\" style=\"padding-top: 75%\"><\/span><\/div><\/div><div class=\"sub-entry\"><h3 class=\"dpt-title\"><a class=\"dpt-title-link\" href=\"https:\/\/www.markus-schall.de\/es\/2025\/11\/cloud-act-soberania-de-datos-y-suiza-un-punto-de-inflexion-para-las-estrategias-europeas-de-it\/\" rel=\"bookmark\">Ley CLOUD, soberan\u00eda de datos y Suiza: \u00bfun punto de inflexi\u00f3n para las estrategias europeas de TI?<\/a><\/h3><\/div><\/div>\n\t\t\t\t\t\t<\/div><!-- .dpt-entry -->\n\t\t\t\t\t\t\t\t\t\t\t\t<div class=\"dpt-entry has-thumbnail\" data-title=\"als ich mit einem roboter telefonierte \u2013 wie ki das telefon erobert und wie man sie erkennt\" data-id=\"5130\"  data-category=\"allgemein gesellschaft ki-systeme stories &amp; humor\" data-post_tag=\"datenschutz erfahrungen k\u00fcnstliche intelligenz prozesse\">\n\t\t\t\t\t\t\t<div class=\"dpt-entry-wrapper\"><div class=\"dpt-featured-content\"><div class=\"dpt-permalink\"><a href=\"https:\/\/www.markus-schall.de\/es\/2026\/03\/como-ki-conquista-el-telefono-y-como-reconocerlo\/\" class=\"dpt-permalink\"><span class=\"screen-reader-text\">Cuando hablaba por tel\u00e9fono con un robot: c\u00f3mo la IA est\u00e1 conquistando el tel\u00e9fono y c\u00f3mo reconocerla<\/span><\/a><\/div><div class=\"dpt-thumbnail\"><div class=\"dpt-thumbnail-inner\"><img width=\"1024\" height=\"683\" class=\"attachment-full size-full\" alt=\"Conversaci\u00f3n telef\u00f3nica con un robot de inteligencia artificial\" context=\"dpt\" data-dpt-src=\"https:\/\/www.markus-schall.de\/wp-content\/uploads\/Telefonanrufe-KI-Werbung.jpg\" data-dpt-sizes=\"(max-width: 1024px) 100vw, 1024px\" data-dpt-srcset=\"https:\/\/www.markus-schall.de\/wp-content\/uploads\/Telefonanrufe-KI-Werbung.jpg 1024w, https:\/\/www.markus-schall.de\/wp-content\/uploads\/Telefonanrufe-KI-Werbung-300x200.jpg 300w, https:\/\/www.markus-schall.de\/wp-content\/uploads\/Telefonanrufe-KI-Werbung-768x512.jpg 768w, https:\/\/www.markus-schall.de\/wp-content\/uploads\/Telefonanrufe-KI-Werbung-18x12.jpg 18w\" \/><\/div><span class=\"dpt-thumbnail-aspect-ratio\" style=\"padding-top: 75%\"><\/span><\/div><\/div><div class=\"sub-entry\"><h3 class=\"dpt-title\"><a class=\"dpt-title-link\" href=\"https:\/\/www.markus-schall.de\/es\/2026\/03\/como-ki-conquista-el-telefono-y-como-reconocerlo\/\" rel=\"bookmark\">Cuando hablaba por tel\u00e9fono con un robot: c\u00f3mo la IA est\u00e1 conquistando el tel\u00e9fono y c\u00f3mo reconocerla<\/a><\/h3><\/div><\/div>\n\t\t\t\t\t\t<\/div><!-- .dpt-entry -->\n\t\t\t\t\t\t\n\t\t\t\t<\/div>\n\t\t\t\t\t\t<\/div>\n\t\t\t\n<hr \/>\n<h2>Preguntas m\u00e1s frecuentes<\/h2>\n<ol>\n<li><strong>\u00bfQu\u00e9 papel desempe\u00f1an realmente los j\u00f3venes oficiales de la Bundeswehr en las clases escolares?<\/strong><br \/>\nLos oficiales juveniles son oficiales del Bundeswehr especialmente formados cuya tarea oficial no es el reclutamiento, sino la educaci\u00f3n pol\u00edtica. Visitan las escuelas invitados por los profesores y hablan de temas como la pol\u00edtica de seguridad internacional, las estructuras de la OTAN, el an\u00e1lisis de conflictos o el papel de Alemania en las alianzas internacionales. Por regla general, dan una conferencia y luego mantienen debates con los alumnos. Sin embargo, los detractores critican que un acto informativo de este tipo pueda influir tambi\u00e9n en la imagen de la Bundeswehr. Los partidarios, en cambio, argumentan que las cuestiones de pol\u00edtica de seguridad dif\u00edcilmente pueden entenderse plenamente sin la perspectiva de las fuerzas armadas.<\/li>\n<li><strong>\u00bfDesde cu\u00e1ndo visita la Bundeswehr las escuelas alemanas?<\/strong><br \/>\nLos llamados oficiales juveniles existen desde 1958, es decir, desde la primera fase de la Rep\u00fablica Federal de Alemania. Su cometido original era explicar a los j\u00f3venes el papel de la Bundeswehr en un Estado democr\u00e1tico. En la pr\u00e1ctica, sin embargo, estas visitas escolares fueron relativamente discretas durante mucho tiempo. S\u00f3lo en las dos \u00faltimas d\u00e9cadas se han hecho m\u00e1s p\u00fablicas. Un trasfondo importante para ello es la suspensi\u00f3n del servicio militar obligatorio en 2011, momento desde el cual el Bundeswehr ha tenido que reclutar m\u00e1s voluntarios y, por tanto, se ha hecho m\u00e1s visible en la esfera p\u00fablica.<\/li>\n<li><strong>\u00bfSe permite a los soldados hacer publicidad de la Bundeswehr en clase?<\/strong><br \/>\nOficialmente, no est\u00e1 previsto el reclutamiento directo por parte de los oficiales juveniles en las aulas. La Bundeswehr distingue entre los oficiales juveniles, que se supone que imparten formaci\u00f3n sobre pol\u00edtica de seguridad, y los orientadores profesionales, que proporcionan informaci\u00f3n sobre formaci\u00f3n espec\u00edfica y oportunidades profesionales. Sin embargo, los cr\u00edticos se\u00f1alan que esta distinci\u00f3n no siempre se reconoce claramente en la pr\u00e1ctica. Incluso la presencia de soldados uniformados en las aulas puede influir en la percepci\u00f3n de la Bundeswehr. Los defensores de esta idea sostienen que otras instituciones u organizaciones estatales tambi\u00e9n pueden presentar sus puntos de vista en las aulas.<\/li>\n<li><strong>\u00bfPor qu\u00e9 la Bundeswehr depende hoy m\u00e1s del reclutamiento de j\u00f3venes que en el pasado?<\/strong><br \/>\nEl punto de inflexi\u00f3n decisivo fue la suspensi\u00f3n del servicio militar obligatorio en 2011. Hasta entonces, el Bundeswehr recib\u00eda autom\u00e1ticamente nuevos reclutas cada a\u00f1o a trav\u00e9s del servicio militar obligatorio. Con la transici\u00f3n a un ej\u00e9rcito voluntario, ahora tiene que persuadir activamente a los j\u00f3venes para que opten por una carrera militar. Al mismo tiempo, compite con muchos otros empleadores por conseguir nuevos reclutas cualificados. Como consecuencia de ello, las campa\u00f1as de informaci\u00f3n, los portales de carreras profesionales y los actos para j\u00f3venes han cobrado mucha m\u00e1s importancia.<\/li>\n<li><strong>\u00bfQu\u00e9 es exactamente el juego de simulaci\u00f3n POL&amp;IS que se menciona a menudo en relaci\u00f3n con los acontecimientos de la Bundeswehr?<\/strong><br \/>\nPOL&amp;IS significa \u201ePol\u00edtica y Seguridad Internacional\u201c y es un juego de simulaci\u00f3n moderado por j\u00f3venes funcionarios. Los alumnos asumen el papel de representantes de diversos Estados u organizaciones internacionales. Tienen que tomar decisiones sobre acontecimientos econ\u00f3micos, relaciones diplom\u00e1ticas o conflictos de pol\u00edtica de seguridad. El objetivo es facilitar la comprensi\u00f3n de contextos pol\u00edticos complejos. Los cr\u00edticos, sin embargo, ven el peligro de que se haga demasiado hincapi\u00e9 en las soluciones militares.<\/li>\n<li><strong>\u00bfPor qu\u00e9 se critican las visitas de la Bundeswehr a las escuelas?<\/strong><br \/>\nLas cr\u00edticas vienen de distintas direcciones. Las asociaciones de profesores, las iniciativas pacifistas y algunas organizaciones de la sociedad civil temen que las instituciones militares adquieran demasiada influencia en el sector educativo. Algunos cr\u00edticos consideran que el grupo destinatario es especialmente problem\u00e1tico, ya que los alumnos se encuentran todav\u00eda en una fase de orientaci\u00f3n pol\u00edtica. Otros critican fundamentalmente cualquier forma de presencia militar en la educaci\u00f3n y ven en ello una posible \u201emilitarizaci\u00f3n\u201c de la vida escolar cotidiana. Los partidarios consideran exageradas estas cr\u00edticas y subrayan que la educaci\u00f3n pol\u00edtica debe incluir diferentes perspectivas.<\/li>\n<li><strong>\u00bfQu\u00e9 dicen los partidarios de los actos de la Bundeswehr en las aulas?<\/strong><br \/>\nLos partidarios de este tipo de actos argumentan que la pol\u00edtica de seguridad es un componente central de la pol\u00edtica moderna. Para que los alumnos comprendan los conflictos internacionales, las estructuras de la OTAN o la pol\u00edtica de defensa, tambi\u00e9n puede tener sentido escuchar a representantes de las fuerzas armadas. Adem\u00e1s, los j\u00f3venes oficiales son s\u00f3lo un componente de las lecciones. Los profesores podr\u00edan analizar cr\u00edticamente sus declaraciones y aportar perspectivas adicionales. Desde este punto de vista, la Bundeswehr, como instituci\u00f3n controlada democr\u00e1ticamente, pertenece definitivamente al marco de la educaci\u00f3n pol\u00edtica.<\/li>\n<li><strong>\u00bfHay escuelas que rechazan las visitas de la Bundeswehr por una cuesti\u00f3n de principios?<\/strong><br \/>\nS\u00ed, algunas escuelas han tomado la decisi\u00f3n consciente de no organizar actos con oradores militares. Iniciativas como \u201eEscuelas sin la Bundeswehr\u201c hacen campa\u00f1a para que los centros educativos se abstengan de este tipo de visitas. La decisi\u00f3n suele corresponder a la direcci\u00f3n del centro y al personal docente. Una negativa no suele tener consecuencias legales. Por lo general, las escuelas son libres de invitar a oradores externos o deciden no hacerlo.<\/li>\n<li><strong>\u00bfQu\u00e9 papel desempe\u00f1an los Ministerios de Educaci\u00f3n y Asuntos Culturales en estos acontecimientos?<\/strong><br \/>\nEn varios estados federales existen acuerdos de cooperaci\u00f3n entre los ministerios de educaci\u00f3n y la Bundeswehr. Estos acuerdos regulan cuestiones organizativas, como la forma en que se puede invitar a los oficiales de juventud y qu\u00e9 condiciones marco se aplican. Un principio central es que la responsabilidad educativa recae enteramente en la escuela. Los profesores deciden si se celebran tales actos y en qu\u00e9 forma.<\/li>\n<li><strong>\u00bfPor qu\u00e9 protestan los alumnos contra los planes de servicio militar?<\/strong><br \/>\nMuchos j\u00f3venes ven las actuales propuestas de reforma del servicio militar como un posible paso hacia un nuevo servicio militar obligatorio. Aunque hasta ahora s\u00f3lo se han debatido cuestionarios o modelos voluntarios, algunos j\u00f3venes temen un servicio obligatorio a largo plazo. Para una generaci\u00f3n que ha crecido sin servicio militar obligatorio, esta idea parece a veces desconocida o problem\u00e1tica. Por ello, las huelgas escolares son tambi\u00e9n la expresi\u00f3n de un di\u00e1logo pol\u00edtico entre generaciones.<\/li>\n<li><strong>\u00bfQu\u00e9 magnitud tuvieron las huelgas escolares contra los planes de servicio militar?<\/strong><br \/>\nSeg\u00fan diversas estimaciones, unos 55.000 estudiantes participaron en manifestaciones en m\u00e1s de 90 ciudades alemanas en diciembre de 2025. Las protestas se organizaron a menudo a trav\u00e9s de las redes sociales. En algunas grandes ciudades, varios miles de j\u00f3venes participaron en las manifestaciones.<\/li>\n<li><strong>\u00bfSe permite a los alumnos manifestarse durante el horario escolar?<\/strong><br \/>\nEn principio, la asistencia a clase es obligatoria en Alemania. Las manifestaciones durante las clases no se consideran normalmente ausencias justificadas. Por lo tanto, los alumnos pueden ser considerados ausentes sin excusa v\u00e1lida o tener que recuperar los ex\u00e1menes perdidos. Al mismo tiempo, siempre se discute c\u00f3mo conciliar la participaci\u00f3n pol\u00edtica de los j\u00f3venes con las normas escolares.<\/li>\n<li><strong>\u00bfQu\u00e9 papel desempe\u00f1a la Bundeswehr en la democracia alemana?<\/strong><br \/>\nLa Bundeswehr suele denominarse \u201eej\u00e9rcito parlamentario\u201c. Esto significa que las decisiones importantes -por ejemplo, sobre despliegues en el extranjero- deben ser tomadas por el Bundestag. Este control parlamentario pretende garantizar que el poder militar en Alemania siga estando legitimado democr\u00e1ticamente. Desde esta perspectiva, algunos observadores creen que tiene sentido que los j\u00f3venes reciban informaci\u00f3n sobre el papel de las fuerzas armadas en las aulas.<\/li>\n<li><strong>\u00bfPor qu\u00e9 es especialmente delicada la relaci\u00f3n entre el ej\u00e9rcito y la sociedad en Alemania?<\/strong><br \/>\nLa experiencia hist\u00f3rica del siglo XX ha modelado la relaci\u00f3n de muchos alemanes con el ej\u00e9rcito. Tras la Segunda Guerra Mundial, la Bundeswehr se estableci\u00f3 conscientemente como una instituci\u00f3n controlada democr\u00e1ticamente. Al mismo tiempo, se desarroll\u00f3 una cultura pol\u00edtica en la que las cuestiones militares suelen debatirse con cautela. Esta sensibilidad hist\u00f3rica sigue influyendo hoy en d\u00eda en los debates sobre pol\u00edtica de seguridad.<\/li>\n<li><strong>\u00bfEn qu\u00e9 se diferencian los Estados federados en su cooperaci\u00f3n con la Bundeswehr?<\/strong><br \/>\nComo la pol\u00edtica educativa en Alemania es competencia de los estados federales, no existe una normativa estandarizada. Algunos estados federados han establecido una cooperaci\u00f3n relativamente estrecha con la Bundeswehr, mientras que otros se muestran m\u00e1s cautelosos. En consecuencia, la presencia de agentes de juventud en la vida escolar cotidiana puede variar de una regi\u00f3n a otra.<\/li>\n<li><strong>\u00bfQu\u00e9 alternativas hay a la educaci\u00f3n pol\u00edtica impartida por oradores militares?<\/strong><br \/>\nMuchas escuelas colaboran con universidades, fundaciones pol\u00edticas, periodistas u organizaciones no gubernamentales para tratar temas de pol\u00edtica de seguridad. Algunos profesores combinan varias perspectivas, por ejemplo invitando a representantes de las Fuerzas Armadas alemanas, as\u00ed como a investigadores de la paz o polit\u00f3logos. El objetivo es ofrecer a los alumnos una visi\u00f3n lo m\u00e1s amplia posible de los debates pol\u00edticos.<\/li>\n<li><strong>\u00bfC\u00f3mo reaccionan los padres ante los actos de la Bundeswehr en las escuelas?<\/strong><br \/>\nLas reacciones de los padres son muy diferentes. Algunos lo ven como una oportunidad interesante para que sus hijos aprendan m\u00e1s sobre las instituciones estatales. Otros se muestran esc\u00e9pticos ante tales acontecimientos y temen una presencia militar excesiva en el sector educativo. En algunos casos, estas cuestiones dan lugar a debates en el seno de la junta de padres o en la conferencia escolar.<\/li>\n<li><strong>\u00bfSe reintroducir\u00e1 realmente el servicio militar obligatorio en Alemania?<\/strong><br \/>\nActualmente, el servicio militar obligatorio s\u00f3lo est\u00e1 suspendido, no abolido. Esto significa que, en teor\u00eda, podr\u00eda reactivarse. Que esto ocurra realmente depende de las decisiones pol\u00edticas y de la evoluci\u00f3n de la pol\u00edtica de seguridad. En la actualidad, los pol\u00edticos debaten sobre todo modelos basados inicialmente en el servicio voluntario.<\/li>\n<li><strong>\u00bfPor qu\u00e9 es probable que el debate sobre la Bundeswehr y las escuelas contin\u00fae durante mucho tiempo?<\/strong><br \/>\nEl debate aborda cuestiones fundamentales sobre la educaci\u00f3n pol\u00edtica, la pol\u00edtica de seguridad y la relaci\u00f3n entre Estado y sociedad. Estas cuestiones rara vez pueden aclararse de forma definitiva porque las condiciones pol\u00edticas y las actitudes sociales cambian constantemente. Por esta misma raz\u00f3n, es probable que el papel de la Bundeswehr en la educaci\u00f3n siga debati\u00e9ndose una y otra vez en el futuro.<\/li>\n<\/ol>\n<hr \/>\n\n\t\t\t<div class=\"display-post-types\">\n\n\t\t\t\t\t\t\t<style type=\"text\/css\">\n\t\t\t#dpt-wrapper-400 { --dpt-text-align: left;--dpt-image-crop: center;--dpt-border-radius: 5px;--dpt-h-gutter: 10px;--dpt-v-gutter: 9px; }\t\t\t<\/style>\n\t\t\t<style type=\"text\/css\">#dpt-wrapper-400 { --dpt-title-font-style:normal;--dpt-title-font-weight:600;--dpt-title-line-height:1.5;--dpt-title-text-decoration:none;--dpt-title-text-transform:none;--dpt-excerpt-font-style:normal;--dpt-excerpt-font-weight:400;--dpt-excerpt-line-height:1.5;--dpt-excerpt-text-decoration:none;--dpt-excerpt-text-transform:none;--dpt-meta1-font-style:normal;--dpt-meta1-font-weight:400;--dpt-meta1-line-height:1.9;--dpt-meta1-text-decoration:none;--dpt-meta1-text-transform:none;--dpt-meta2-font-style:normal;--dpt-meta2-font-weight:400;--dpt-meta2-line-height:1.9;--dpt-meta2-text-decoration:none;--dpt-meta2-text-transform:none; }<\/style><div class=\"dpt-main-header\">\n\t\t\t\t\t\t<div class=\"dpt-main-title\">\n\t\t\t\t\t\t\t<span class=\"dpt-main-title-text\">Art\u00edculos de actualidad sobre inteligencia artificial<\/span>\n\t\t\t\t\t\t<\/div>\n\t\t\t\t\t\t\n\t\t\t\t\t\t\n\t\t\t\t\t\t\n\t\t\t\t\t\t<\/div>\t\t\t\n\t\t\t\t<div id=\"dpt-wrapper-400\" class=\"dpt-wrapper dpt-mag1 land1 dpt-cropped dpt-flex-wrap\" >\n\n\t\t\t\t\t\t\t\t\t\t\t<div class=\"dpt-entry has-thumbnail\" data-title=\"lora-training: wie filemaker 2025 das feintuning gro\u00dfer sprachmodelle vereinfacht\" data-id=\"3220\"  data-category=\"filemaker &amp; erp ki-systeme\" data-post_tag=\"datenbanken filemaker k\u00fcnstliche intelligenz llm mlx sprachmodell\">\n\t\t\t\t\t\t\t<div class=\"dpt-entry-wrapper\"><div class=\"dpt-featured-content\"><div class=\"dpt-permalink\"><a href=\"https:\/\/www.markus-schall.de\/es\/2025\/10\/lora-training-como-filemaker-2025-simplifica-el-ajuste-fino-de-grandes-modelos-lingueisticos\/\" class=\"dpt-permalink\"><span class=\"screen-reader-text\">Entrenamiento LoRA: c\u00f3mo FileMaker 2025 simplifica el ajuste fino de grandes modelos ling\u00fc\u00edsticos<\/span><\/a><\/div><div class=\"dpt-thumbnail\"><div class=\"dpt-thumbnail-inner\"><img width=\"1024\" height=\"683\" class=\"attachment-full size-full\" alt=\"LoRA Ajuste fino - FileMaker 2025\" context=\"dpt\" data-dpt-src=\"https:\/\/www.markus-schall.de\/wp-content\/uploads\/lora-finetuning-filemaker.jpg\" data-dpt-sizes=\"(max-width: 1024px) 100vw, 1024px\" data-dpt-srcset=\"https:\/\/www.markus-schall.de\/wp-content\/uploads\/lora-finetuning-filemaker.jpg 1024w, https:\/\/www.markus-schall.de\/wp-content\/uploads\/lora-finetuning-filemaker-300x200.jpg 300w, https:\/\/www.markus-schall.de\/wp-content\/uploads\/lora-finetuning-filemaker-768x512.jpg 768w, https:\/\/www.markus-schall.de\/wp-content\/uploads\/lora-finetuning-filemaker-18x12.jpg 18w\" \/><\/div><span class=\"dpt-thumbnail-aspect-ratio\" style=\"padding-top: 75%\"><\/span><\/div><\/div><div class=\"sub-entry\"><h3 class=\"dpt-title\"><a class=\"dpt-title-link\" href=\"https:\/\/www.markus-schall.de\/es\/2025\/10\/lora-training-como-filemaker-2025-simplifica-el-ajuste-fino-de-grandes-modelos-lingueisticos\/\" rel=\"bookmark\">Entrenamiento LoRA: c\u00f3mo FileMaker 2025 simplifica el ajuste fino de grandes modelos ling\u00fc\u00edsticos<\/a><\/h3><\/div><\/div>\n\t\t\t\t\t\t<\/div><!-- .dpt-entry -->\n\t\t\t\t\t\t\t\t\t\t\t\t<div class=\"dpt-entry has-thumbnail\" data-title=\"mlx auf apple silicon als lokale ki im vergleich mit ollama &#038; co.\" data-id=\"2857\"  data-category=\"apple macos ki-systeme\" data-post_tag=\"datenschutz k\u00fcnstliche intelligenz llama llm mistral mlx ollama sprachmodell\">\n\t\t\t\t\t\t\t<div class=\"dpt-entry-wrapper\"><div class=\"dpt-featured-content\"><div class=\"dpt-permalink\"><a href=\"https:\/\/www.markus-schall.de\/es\/2025\/09\/mlx-en-silicio-de-manzana-como-ki-local-comparado-con-ollama-co\/\" class=\"dpt-permalink\"><span class=\"screen-reader-text\">MLX en Apple Silicon como IA local en comparaci\u00f3n con Ollama &amp; Co.<\/span><\/a><\/div><div class=\"dpt-thumbnail\"><div class=\"dpt-thumbnail-inner\"><img width=\"1024\" height=\"576\" class=\"attachment-full size-full\" alt=\"IA local en el Mac con MLX\" context=\"dpt\" data-dpt-src=\"https:\/\/www.markus-schall.de\/wp-content\/uploads\/mlx-lokale-ki-apple-silicon.jpg\" data-dpt-sizes=\"(max-width: 1024px) 100vw, 1024px\" data-dpt-srcset=\"https:\/\/www.markus-schall.de\/wp-content\/uploads\/mlx-lokale-ki-apple-silicon.jpg 1024w, https:\/\/www.markus-schall.de\/wp-content\/uploads\/mlx-lokale-ki-apple-silicon-300x169.jpg 300w, https:\/\/www.markus-schall.de\/wp-content\/uploads\/mlx-lokale-ki-apple-silicon-768x432.jpg 768w, https:\/\/www.markus-schall.de\/wp-content\/uploads\/mlx-lokale-ki-apple-silicon-18x10.jpg 18w\" \/><\/div><span class=\"dpt-thumbnail-aspect-ratio\" style=\"padding-top: 75%\"><\/span><\/div><\/div><div class=\"sub-entry\"><h3 class=\"dpt-title\"><a class=\"dpt-title-link\" href=\"https:\/\/www.markus-schall.de\/es\/2025\/09\/mlx-en-silicio-de-manzana-como-ki-local-comparado-con-ollama-co\/\" rel=\"bookmark\">MLX en Apple Silicon como IA local en comparaci\u00f3n con Ollama &amp; Co.<\/a><\/h3><\/div><\/div>\n\t\t\t\t\t\t<\/div><!-- .dpt-entry -->\n\t\t\t\t\t\t\t\t\t\t\t\t<div class=\"dpt-entry has-thumbnail\" data-title=\"k\u00fcnstliche intelligenz: welche jobs in gefahr sind, und wie wir uns jetzt wappnen k\u00f6nnen\" data-id=\"2940\"  data-category=\"allgemein b\u00fccher gesellschaft ki-systeme\" data-post_tag=\"buch k\u00fcnstliche intelligenz llama llm mistral mlx ollama ratgeber sprachmodell\">\n\t\t\t\t\t\t\t<div class=\"dpt-entry-wrapper\"><div class=\"dpt-featured-content\"><div class=\"dpt-permalink\"><a href=\"https:\/\/www.markus-schall.de\/es\/2025\/09\/inteligencia-artificial-que-empleos-estan-en-peligro-y-como-podemos-armarnos-ya\/\" class=\"dpt-permalink\"><span class=\"screen-reader-text\">Inteligencia artificial: qu\u00e9 empleos est\u00e1n en peligro y c\u00f3mo podemos armarnos ahora<\/span><\/a><\/div><div class=\"dpt-thumbnail\"><div class=\"dpt-thumbnail-inner\"><img width=\"1024\" height=\"683\" class=\"attachment-full size-full\" alt=\"Qu\u00e9 empleos eliminar\u00e1 la IA en el futuro\" context=\"dpt\" data-dpt-src=\"https:\/\/www.markus-schall.de\/wp-content\/uploads\/welche-jobs-fallen-durch-ki-weg.jpg\" data-dpt-sizes=\"(max-width: 1024px) 100vw, 1024px\" data-dpt-srcset=\"https:\/\/www.markus-schall.de\/wp-content\/uploads\/welche-jobs-fallen-durch-ki-weg.jpg 1024w, https:\/\/www.markus-schall.de\/wp-content\/uploads\/welche-jobs-fallen-durch-ki-weg-300x200.jpg 300w, https:\/\/www.markus-schall.de\/wp-content\/uploads\/welche-jobs-fallen-durch-ki-weg-768x512.jpg 768w, https:\/\/www.markus-schall.de\/wp-content\/uploads\/welche-jobs-fallen-durch-ki-weg-18x12.jpg 18w\" \/><\/div><span class=\"dpt-thumbnail-aspect-ratio\" style=\"padding-top: 75%\"><\/span><\/div><\/div><div class=\"sub-entry\"><h3 class=\"dpt-title\"><a class=\"dpt-title-link\" href=\"https:\/\/www.markus-schall.de\/es\/2025\/09\/inteligencia-artificial-que-empleos-estan-en-peligro-y-como-podemos-armarnos-ya\/\" rel=\"bookmark\">Inteligencia artificial: qu\u00e9 empleos est\u00e1n en peligro y c\u00f3mo podemos armarnos ahora<\/a><\/h3><\/div><\/div>\n\t\t\t\t\t\t<\/div><!-- .dpt-entry -->\n\t\t\t\t\t\t\t\t\t\t\t\t<div class=\"dpt-entry has-thumbnail\" data-title=\"lokale ki auf dem mac: so installieren sie ein sprachmodell mit ollama\" data-id=\"2442\"  data-category=\"ki-systeme tipps &amp; anleitungen\" data-post_tag=\"datenschutz k\u00fcnstliche intelligenz llama llm mac mistral ollama sprachmodell\">\n\t\t\t\t\t\t\t<div class=\"dpt-entry-wrapper\"><div class=\"dpt-featured-content\"><div class=\"dpt-permalink\"><a href=\"https:\/\/www.markus-schall.de\/es\/2025\/08\/ki-local-en-el-mac-asi-1tp12para-crear-un-modelo-lingueistico-con-ollama\/\" class=\"dpt-permalink\"><span class=\"screen-reader-text\">IA local en el Mac: c\u00f3mo installiere un modelo ling\u00fc\u00edstico con Ollama<\/span><\/a><\/div><div class=\"dpt-thumbnail\"><div class=\"dpt-thumbnail-inner\"><img width=\"1024\" height=\"683\" class=\"attachment-full size-full\" alt=\"AI local installieren con Ollama en el Mac\" context=\"dpt\" data-dpt-src=\"https:\/\/www.markus-schall.de\/wp-content\/uploads\/Lokale-KI-auf-Apple-Mac.jpg\" data-dpt-sizes=\"(max-width: 1024px) 100vw, 1024px\" data-dpt-srcset=\"https:\/\/www.markus-schall.de\/wp-content\/uploads\/Lokale-KI-auf-Apple-Mac.jpg 1024w, https:\/\/www.markus-schall.de\/wp-content\/uploads\/Lokale-KI-auf-Apple-Mac-300x200.jpg 300w, https:\/\/www.markus-schall.de\/wp-content\/uploads\/Lokale-KI-auf-Apple-Mac-768x512.jpg 768w, https:\/\/www.markus-schall.de\/wp-content\/uploads\/Lokale-KI-auf-Apple-Mac-18x12.jpg 18w\" \/><\/div><span class=\"dpt-thumbnail-aspect-ratio\" style=\"padding-top: 75%\"><\/span><\/div><\/div><div class=\"sub-entry\"><h3 class=\"dpt-title\"><a class=\"dpt-title-link\" href=\"https:\/\/www.markus-schall.de\/es\/2025\/08\/ki-local-en-el-mac-asi-1tp12para-crear-un-modelo-lingueistico-con-ollama\/\" rel=\"bookmark\">IA local en el Mac: c\u00f3mo installiere un modelo ling\u00fc\u00edstico con Ollama<\/a><\/h3><\/div><\/div>\n\t\t\t\t\t\t<\/div><!-- .dpt-entry -->\n\t\t\t\t\t\t\n\t\t\t\t<\/div>\n\t\t\t\t\t\t<\/div>\n\t\t\t\n<hr \/>","protected":false},"excerpt":{"rendered":"<p>Cuando yo mismo fui llamado a filas en el Bundeswehr, en los a\u00f1os noventa, todav\u00eda era algo bastante normal en la vida de muchos j\u00f3venes alemanes. Cualquiera que hubiera terminado la escuela hac\u00eda el servicio civil o el servicio militar. Formaba parte de la vida, como la formaci\u00f3n o los estudios. Se hablaba de ello, se sab\u00eda m\u00e1s o menos lo que ... <a title=\"IA local en el Mac: c\u00f3mo installiere un modelo ling\u00fc\u00edstico con Ollama\" class=\"read-more\" href=\"https:\/\/www.markus-schall.de\/es\/2025\/08\/ki-local-en-el-mac-asi-1tp12para-crear-un-modelo-lingueistico-con-ollama\/\" aria-label=\"Leer m\u00e1s sobre Local AI en el Mac: C\u00f3mo installiere un modelo ling\u00fc\u00edstico con Ollama\">Vaciar m\u00e1s<\/a><\/p>","protected":false},"author":1,"featured_media":5151,"comment_status":"open","ping_status":"open","sticky":false,"template":"","format":"standard","meta":{"iawp_total_views":142,"footnotes":""},"categories":[1,466],"tags":[480,475,482,426,476,484],"class_list":["post-5147","post","type-post","status-publish","format-standard","has-post-thumbnail","hentry","category-allgemein","category-gesellschaft","tag-deutschland","tag-europa","tag-geopolitik","tag-krisen","tag-meinungsfreiheit","tag-sicherheitspolitik"],"_links":{"self":[{"href":"https:\/\/www.markus-schall.de\/es\/wp-json\/wp\/v2\/posts\/5147","targetHints":{"allow":["GET"]}}],"collection":[{"href":"https:\/\/www.markus-schall.de\/es\/wp-json\/wp\/v2\/posts"}],"about":[{"href":"https:\/\/www.markus-schall.de\/es\/wp-json\/wp\/v2\/types\/post"}],"author":[{"embeddable":true,"href":"https:\/\/www.markus-schall.de\/es\/wp-json\/wp\/v2\/users\/1"}],"replies":[{"embeddable":true,"href":"https:\/\/www.markus-schall.de\/es\/wp-json\/wp\/v2\/comments?post=5147"}],"version-history":[{"count":24,"href":"https:\/\/www.markus-schall.de\/es\/wp-json\/wp\/v2\/posts\/5147\/revisions"}],"predecessor-version":[{"id":5939,"href":"https:\/\/www.markus-schall.de\/es\/wp-json\/wp\/v2\/posts\/5147\/revisions\/5939"}],"wp:featuredmedia":[{"embeddable":true,"href":"https:\/\/www.markus-schall.de\/es\/wp-json\/wp\/v2\/media\/5151"}],"wp:attachment":[{"href":"https:\/\/www.markus-schall.de\/es\/wp-json\/wp\/v2\/media?parent=5147"}],"wp:term":[{"taxonomy":"category","embeddable":true,"href":"https:\/\/www.markus-schall.de\/es\/wp-json\/wp\/v2\/categories?post=5147"},{"taxonomy":"post_tag","embeddable":true,"href":"https:\/\/www.markus-schall.de\/es\/wp-json\/wp\/v2\/tags?post=5147"}],"curies":[{"name":"wp","href":"https:\/\/api.w.org\/{rel}","templated":true}]}}