{"id":5183,"date":"2026-03-09T10:20:05","date_gmt":"2026-03-09T10:20:05","guid":{"rendered":"https:\/\/www.markus-schall.de\/?p=5183"},"modified":"2026-04-23T08:55:16","modified_gmt":"2026-04-23T08:55:16","slug":"del-commodore-c16-a-wordpress-un-viaje-por-los-primeros-anos-de-internet","status":"publish","type":"post","link":"https:\/\/www.markus-schall.de\/es\/2026\/03\/del-commodore-c16-a-wordpress-un-viaje-por-los-primeros-anos-de-internet\/","title":{"rendered":"Del Commodore C16 a WordPress: un viaje por los primeros a\u00f1os de Internet"},"content":{"rendered":"<p>Hoy en d\u00eda, un smartphone contiene m\u00e1s potencia de c\u00e1lculo que salas enteras de ordenadores. En los a\u00f1os 80, las cosas eran completamente distintas. Los ordenadores eran raros, caros y, para mucha gente, una m\u00e1quina misteriosa. Por aquel entonces, si ten\u00edas tu propio ordenador en casa, pertenec\u00edas a un peque\u00f1o grupo de manitas, inventores y curiosos. Lo apasionante era que no te limitabas a consumir ordenadores. Hab\u00eda que entenderlos. Muchos programas no se pod\u00edan comprar ya hechos. En su lugar, las revistas de inform\u00e1tica conten\u00edan p\u00e1ginas de listados con c\u00f3digo BASIC que hab\u00eda que teclear l\u00ednea por l\u00ednea. S\u00f3lo entonces pod\u00edas ver si el programa funcionaba.<\/p>\n<p>Hoy suena tedioso, pero ten\u00eda una gran ventaja. Aprend\u00edas autom\u00e1ticamente c\u00f3mo funcionaban los ordenadores. Si comet\u00edas un error, recib\u00edas inmediatamente un mensaje de error, y ten\u00edas que averiguar por ti mismo d\u00f3nde estaba el error. De este modo, muchos j\u00f3venes aficionados a la inform\u00e1tica desarrollaron un acercamiento muy natural a la tecnolog\u00eda y la programaci\u00f3n.<\/p>\n<p>Fue entonces cuando comenc\u00e9 mi propia andadura en el mundo de la inform\u00e1tica.<!--more--><\/p>\n<hr \/>\n\n\t\t\t<div class=\"display-post-types\">\n\n\t\t\t\t\t\t\t<style type=\"text\/css\">\n\t\t\t#dpt-wrapper-419 { --dpt-text-align: left;--dpt-image-crop: center;--dpt-border-radius: 5px;--dpt-h-gutter: 10px;--dpt-v-gutter: 9px; }\t\t\t<\/style>\n\t\t\t<style type=\"text\/css\">#dpt-wrapper-419 { --dpt-title-font-style:normal;--dpt-title-font-weight:600;--dpt-title-line-height:1.5;--dpt-title-text-decoration:none;--dpt-title-text-transform:none;--dpt-excerpt-font-style:normal;--dpt-excerpt-font-weight:400;--dpt-excerpt-line-height:1.5;--dpt-excerpt-text-decoration:none;--dpt-excerpt-text-transform:none;--dpt-meta1-font-style:normal;--dpt-meta1-font-weight:400;--dpt-meta1-line-height:1.9;--dpt-meta1-text-decoration:none;--dpt-meta1-text-transform:none;--dpt-meta2-font-style:normal;--dpt-meta2-font-weight:400;--dpt-meta2-line-height:1.9;--dpt-meta2-text-decoration:none;--dpt-meta2-text-transform:none; }<\/style><div class=\"dpt-main-header\">\n\t\t\t\t\t\t<div class=\"dpt-main-title\">\n\t\t\t\t\t\t\t<span class=\"dpt-main-title-text\">Cuestiones sociales de actualidad<\/span>\n\t\t\t\t\t\t<\/div>\n\t\t\t\t\t\t\n\t\t\t\t\t\t\n\t\t\t\t\t\t\n\t\t\t\t\t\t<\/div>\t\t\t\n\t\t\t\t<div id=\"dpt-wrapper-419\" class=\"dpt-wrapper dpt-mag1 land1 dpt-cropped dpt-flex-wrap\" >\n\n\t\t\t\t\t\t\t\t\t\t\t<div class=\"dpt-entry has-thumbnail\" data-title=\"cloud-act, datenhoheit und die schweiz: ein wendepunkt f\u00fcr europ\u00e4ische it-strategien?\" data-id=\"3727\"  data-category=\"allgemein gesellschaft\" data-post_tag=\"datenbanken datenschutz digitales eigentum eu-gesetze europa\">\n\t\t\t\t\t\t\t<div class=\"dpt-entry-wrapper\"><div class=\"dpt-featured-content\"><div class=\"dpt-permalink\"><a href=\"https:\/\/www.markus-schall.de\/es\/2025\/11\/cloud-act-soberania-de-datos-y-suiza-un-punto-de-inflexion-para-las-estrategias-europeas-de-it\/\" class=\"dpt-permalink\"><span class=\"screen-reader-text\">Ley CLOUD, soberan\u00eda de datos y Suiza: \u00bfun punto de inflexi\u00f3n para las estrategias europeas de TI?<\/span><\/a><\/div><div class=\"dpt-thumbnail\"><div class=\"dpt-thumbnail-inner\"><img width=\"1024\" height=\"683\" class=\"attachment-full size-full\" alt=\"\u00bfQu\u00e9 significa para Europa la resoluci\u00f3n suiza sobre la nube?\" context=\"dpt\" data-dpt-src=\"https:\/\/www.markus-schall.de\/wp-content\/uploads\/schweiz-cloud-resolution-eu.jpg\" data-dpt-sizes=\"(max-width: 1024px) 100vw, 1024px\" data-dpt-srcset=\"https:\/\/www.markus-schall.de\/wp-content\/uploads\/schweiz-cloud-resolution-eu.jpg 1024w, https:\/\/www.markus-schall.de\/wp-content\/uploads\/schweiz-cloud-resolution-eu-300x200.jpg 300w, https:\/\/www.markus-schall.de\/wp-content\/uploads\/schweiz-cloud-resolution-eu-768x512.jpg 768w, https:\/\/www.markus-schall.de\/wp-content\/uploads\/schweiz-cloud-resolution-eu-18x12.jpg 18w\" \/><\/div><span class=\"dpt-thumbnail-aspect-ratio\" style=\"padding-top: 75%\"><\/span><\/div><\/div><div class=\"sub-entry\"><h3 class=\"dpt-title\"><a class=\"dpt-title-link\" href=\"https:\/\/www.markus-schall.de\/es\/2025\/11\/cloud-act-soberania-de-datos-y-suiza-un-punto-de-inflexion-para-las-estrategias-europeas-de-it\/\" rel=\"bookmark\">Ley CLOUD, soberan\u00eda de datos y Suiza: \u00bfun punto de inflexi\u00f3n para las estrategias europeas de TI?<\/a><\/h3><\/div><\/div>\n\t\t\t\t\t\t<\/div><!-- .dpt-entry -->\n\t\t\t\t\t\t\t\t\t\t\t\t<div class=\"dpt-entry has-thumbnail\" data-title=\"das 28. regime der eu: der stille umbau des europ\u00e4ischen wirtschaftsraums?\" data-id=\"3747\"  data-category=\"allgemein gesellschaft\" data-post_tag=\"auswandern eu-gesetze europa geopolitik\">\n\t\t\t\t\t\t\t<div class=\"dpt-entry-wrapper\"><div class=\"dpt-featured-content\"><div class=\"dpt-permalink\"><a href=\"https:\/\/www.markus-schall.de\/es\/2025\/12\/el-regimen-de-los-28-de-la-ue-la-reorganizacion-silenciosa-del-espacio-economico-europeo\/\" class=\"dpt-permalink\"><span class=\"screen-reader-text\">El 28\u00ba r\u00e9gimen de la UE: \u00bfla reorganizaci\u00f3n silenciosa del Espacio Econ\u00f3mico Europeo?<\/span><\/a><\/div><div class=\"dpt-thumbnail\"><div class=\"dpt-thumbnail-inner\"><img width=\"1024\" height=\"683\" class=\"attachment-full size-full\" alt=\"28\u00ba r\u00e9gimen de la UE\" context=\"dpt\" data-dpt-src=\"https:\/\/www.markus-schall.de\/wp-content\/uploads\/EU-28-Regime.jpg\" data-dpt-sizes=\"(max-width: 1024px) 100vw, 1024px\" data-dpt-srcset=\"https:\/\/www.markus-schall.de\/wp-content\/uploads\/EU-28-Regime.jpg 1024w, https:\/\/www.markus-schall.de\/wp-content\/uploads\/EU-28-Regime-300x200.jpg 300w, https:\/\/www.markus-schall.de\/wp-content\/uploads\/EU-28-Regime-768x512.jpg 768w, https:\/\/www.markus-schall.de\/wp-content\/uploads\/EU-28-Regime-18x12.jpg 18w\" \/><\/div><span class=\"dpt-thumbnail-aspect-ratio\" style=\"padding-top: 75%\"><\/span><\/div><\/div><div class=\"sub-entry\"><h3 class=\"dpt-title\"><a class=\"dpt-title-link\" href=\"https:\/\/www.markus-schall.de\/es\/2025\/12\/el-regimen-de-los-28-de-la-ue-la-reorganizacion-silenciosa-del-espacio-economico-europeo\/\" rel=\"bookmark\">El 28\u00ba r\u00e9gimen de la UE: \u00bfla reorganizaci\u00f3n silenciosa del Espacio Econ\u00f3mico Europeo?<\/a><\/h3><\/div><\/div>\n\t\t\t\t\t\t<\/div><!-- .dpt-entry -->\n\t\t\t\t\t\t\t\t\t\t\t\t<div class=\"dpt-entry has-thumbnail\" data-title=\"warum dieter bohlen spricht, wenn andere schweigen: ein portr\u00e4t \u00fcber flei\u00df und klarheit\" data-id=\"3744\"  data-category=\"allgemein gesellschaft kunst &amp; kultur\" data-post_tag=\"auswandern deutschland erfahrungen krisen meinungsfreiheit musik portrait\">\n\t\t\t\t\t\t\t<div class=\"dpt-entry-wrapper\"><div class=\"dpt-featured-content\"><div class=\"dpt-permalink\"><a href=\"https:\/\/www.markus-schall.de\/es\/2025\/12\/por-que-dieter-bohlen-habla-cuando-otros-callan-un-retrato-de-diligencia-y-claridad\/\" class=\"dpt-permalink\"><span class=\"screen-reader-text\">Por qu\u00e9 Dieter Bohlen habla cuando otros callan: Un retrato de diligencia y claridad<\/span><\/a><\/div><div class=\"dpt-thumbnail\"><div class=\"dpt-thumbnail-inner\"><img width=\"1024\" height=\"683\" class=\"attachment-full size-full\" alt=\"\" context=\"dpt\" data-dpt-src=\"https:\/\/www.markus-schall.de\/wp-content\/uploads\/Dieter-Bohlen-Portrait.jpg\" data-dpt-sizes=\"(max-width: 1024px) 100vw, 1024px\" data-dpt-srcset=\"https:\/\/www.markus-schall.de\/wp-content\/uploads\/Dieter-Bohlen-Portrait.jpg 1024w, https:\/\/www.markus-schall.de\/wp-content\/uploads\/Dieter-Bohlen-Portrait-300x200.jpg 300w, https:\/\/www.markus-schall.de\/wp-content\/uploads\/Dieter-Bohlen-Portrait-768x512.jpg 768w, https:\/\/www.markus-schall.de\/wp-content\/uploads\/Dieter-Bohlen-Portrait-18x12.jpg 18w\" \/><\/div><span class=\"dpt-thumbnail-aspect-ratio\" style=\"padding-top: 75%\"><\/span><\/div><\/div><div class=\"sub-entry\"><h3 class=\"dpt-title\"><a class=\"dpt-title-link\" href=\"https:\/\/www.markus-schall.de\/es\/2025\/12\/por-que-dieter-bohlen-habla-cuando-otros-callan-un-retrato-de-diligencia-y-claridad\/\" rel=\"bookmark\">Por qu\u00e9 Dieter Bohlen habla cuando otros callan: Un retrato de diligencia y claridad<\/a><\/h3><\/div><\/div>\n\t\t\t\t\t\t<\/div><!-- .dpt-entry -->\n\t\t\t\t\t\t\t\t\t\t\t\t<div class=\"dpt-entry has-thumbnail\" data-title=\"mehr als punk: nina hagen, cosma shiva und die kunst, sich nicht vereinnahmen zu lassen\" data-id=\"4521\"  data-category=\"allgemein gesellschaft kunst &amp; kultur\" data-post_tag=\"auswandern deutschland erfahrungen europa krisen meinungsfreiheit musik portrait\">\n\t\t\t\t\t\t\t<div class=\"dpt-entry-wrapper\"><div class=\"dpt-featured-content\"><div class=\"dpt-permalink\"><a href=\"https:\/\/www.markus-schall.de\/es\/2026\/01\/more-than-punk-nina-hagen-cosma-shiva-y-el-arte-de-no-dejarse-enganar\/\" class=\"dpt-permalink\"><span class=\"screen-reader-text\">M\u00e1s que punk: Nina Hagen, Cosma Shiva y el arte de no dejarse enga\u00f1ar<\/span><\/a><\/div><div class=\"dpt-thumbnail\"><div class=\"dpt-thumbnail-inner\"><img width=\"1024\" height=\"683\" class=\"attachment-full size-full\" alt=\"Retrato de Nina y Cosma Shiva Hagen\" context=\"dpt\" data-dpt-src=\"https:\/\/www.markus-schall.de\/wp-content\/uploads\/Nina-Cosma-Shiva-Hagen-Titel.jpg\" data-dpt-sizes=\"(max-width: 1024px) 100vw, 1024px\" data-dpt-srcset=\"https:\/\/www.markus-schall.de\/wp-content\/uploads\/Nina-Cosma-Shiva-Hagen-Titel.jpg 1024w, https:\/\/www.markus-schall.de\/wp-content\/uploads\/Nina-Cosma-Shiva-Hagen-Titel-300x200.jpg 300w, https:\/\/www.markus-schall.de\/wp-content\/uploads\/Nina-Cosma-Shiva-Hagen-Titel-768x512.jpg 768w, https:\/\/www.markus-schall.de\/wp-content\/uploads\/Nina-Cosma-Shiva-Hagen-Titel-18x12.jpg 18w\" \/><\/div><span class=\"dpt-thumbnail-aspect-ratio\" style=\"padding-top: 75%\"><\/span><\/div><\/div><div class=\"sub-entry\"><h3 class=\"dpt-title\"><a class=\"dpt-title-link\" href=\"https:\/\/www.markus-schall.de\/es\/2026\/01\/more-than-punk-nina-hagen-cosma-shiva-y-el-arte-de-no-dejarse-enganar\/\" rel=\"bookmark\">M\u00e1s que punk: Nina Hagen, Cosma Shiva y el arte de no dejarse enga\u00f1ar<\/a><\/h3><\/div><\/div>\n\t\t\t\t\t\t<\/div><!-- .dpt-entry -->\n\t\t\t\t\t\t\n\t\t\t\t<\/div>\n\t\t\t\t\t\t<\/div>\n\t\t\t\n<hr \/>\n<h2>Mis comienzos con el Commodore C16<\/h2>\n<p>Mi primer contacto con mi propio ordenador comenz\u00f3 con el Commodore C16. Desde la perspectiva actual, era un aparato muy sencillo. La RAM era min\u00fascula, los gr\u00e1ficos sencillos y los programas se cargaban normalmente a trav\u00e9s de unidades de casete.<\/p>\n<p>Sin embargo, este ordenador abri\u00f3 todo un mundo nuevo. De repente, uno mismo pod\u00eda escribir programas, probar juegos sencillos o realizar peque\u00f1os experimentos. Pas\u00e9 muchas horas modificando, probando y mejorando programas en BASIC.<\/p>\n<p>No se trataba tanto de conseguir un resultado acabado. Mucho m\u00e1s importante era la sensaci\u00f3n de poder crear algo de repente con unas pocas l\u00edneas de c\u00f3digo. El ordenador reaccionaba a lo que le dec\u00edas que hiciera. Esta experiencia dej\u00f3 huella en muchos j\u00f3venes entusiastas de la inform\u00e1tica.<\/p>\n<p>Echando la vista atr\u00e1s, era una forma muy directa de aprender. No hab\u00eda tutoriales, ni gu\u00edas en v\u00eddeo, ni grandes plataformas con soluciones ya hechas. Si quer\u00edas saber algo, ten\u00edas que probarlo por ti mismo.<\/p>\n<h3>El Commodore 128D para confirmar<\/h3>\n<p>Un paso decisivo lleg\u00f3 unos a\u00f1os m\u00e1s tarde: compr\u00e9 un Commodore 128D para mi confirmaci\u00f3n. Este ordenador era mucho m\u00e1s potente que el C16. Ten\u00eda m\u00e1s memoria, mejores opciones y, sobre todo, una disquetera integrada. Esto significaba que ya no hab\u00eda que cargar los programas desde casetes, sino desde disquetes: un gran avance para aquellos tiempos.<\/p>\n<p>Con este ordenador, el trabajo se volvi\u00f3 m\u00e1s serio. Los programas pod\u00edan guardarse, modificarse y reutilizarse m\u00e1s f\u00e1cilmente. Al mismo tiempo, crec\u00eda el inter\u00e9s no s\u00f3lo por jugar o probar peque\u00f1os programas, sino por comprender realmente los ordenadores.<\/p>\n<p>Mucha gente guarda hoy recuerdos nost\u00e1lgicos de esta etapa de los ordenadores dom\u00e9sticos. Era una \u00e9poca en la que la tecnolog\u00eda todav\u00eda era algo artesanal. Hab\u00eda que conocer la m\u00e1quina, familiarizarse con ella y, a veces, aceptar sus limitaciones.<\/p>\n<h3>El cambio al sistema Atari<\/h3>\n<p>Pasado alg\u00fan tiempo, lleg\u00f3 el siguiente paso: el cambio al mundo de los ordenadores Atari. En aquella \u00e9poca, los ordenadores Atari ofrec\u00edan nuevas posibilidades, sobre todo en el \u00e1mbito de los gr\u00e1ficos y las aplicaciones. Muchos programas parec\u00edan m\u00e1s modernos y las interfaces de usuario tambi\u00e9n evolucionaron poco a poco.<\/p>\n<p>Para muchos entusiastas de la inform\u00e1tica, este cambio era un paso natural en su desarrollo. La tecnolog\u00eda se desarrollaba r\u00e1pidamente y cada nuevo sistema abr\u00eda nuevas posibilidades.<\/p>\n<p>Mirando atr\u00e1s, esta fase fue una especie de cimientos. Las primeras experiencias inform\u00e1ticas no eran s\u00f3lo juegos o entretenimiento. Tambi\u00e9n fueron un entrenamiento en pensamiento l\u00f3gico, experimentaci\u00f3n y manejo de la tecnolog\u00eda.<\/p>\n<p>A partir de estas primeras experiencias, se desarroll\u00f3 paso a paso un inter\u00e9s m\u00e1s profundo por los ordenadores, las redes y, finalmente, Internet. Sin embargo, el verdadero mundo en l\u00ednea no empezar\u00eda hasta unos a\u00f1os m\u00e1s tarde, inicialmente con m\u00f3dems, l\u00edneas telef\u00f3nicas y los primeros sistemas de buzones.<\/p>\n<p><img loading=\"lazy\" decoding=\"async\" class=\"alignnone wp-image-5192 size-large\" src=\"https:\/\/www.markus-schall.de\/wp-content\/uploads\/Vom-Modem-zum-Internet-80er.jpg\" alt=\"Primeros pasos con el Commodore C16\" width=\"1024\" height=\"683\" srcset=\"https:\/\/www.markus-schall.de\/wp-content\/uploads\/Vom-Modem-zum-Internet-80er.jpg 1024w, https:\/\/www.markus-schall.de\/wp-content\/uploads\/Vom-Modem-zum-Internet-80er-300x200.jpg 300w, https:\/\/www.markus-schall.de\/wp-content\/uploads\/Vom-Modem-zum-Internet-80er-768x512.jpg 768w, https:\/\/www.markus-schall.de\/wp-content\/uploads\/Vom-Modem-zum-Internet-80er-18x12.jpg 18w\" sizes=\"auto, (max-width: 1024px) 100vw, 1024px\" \/><\/p>\n<h2>La era del buz\u00f3n: la comunicaci\u00f3n antes de Internet<\/h2>\n<p>Antes de que Internet formara parte de la vida cotidiana, la comunicaci\u00f3n digital funcionaba a trav\u00e9s de un sistema completamente distinto: la red telef\u00f3nica. Quien entonces quer\u00eda conectarse a Internet necesitaba un m\u00f3dem, es decir, un aparato capaz de convertir las se\u00f1ales del ordenador en sonidos. Estos tonos se transmit\u00edan a trav\u00e9s de la l\u00ednea telef\u00f3nica y se convert\u00edan en datos en el otro extremo.<\/p>\n<p>Cualquiera que haya marcado alguna vez en un buz\u00f3n dif\u00edcilmente olvidar\u00e1 el t\u00edpico sonido: silbidos, traqueteos y crujidos del altavoz mientras dos m\u00f3dems \u201enegociaban\u201c entre s\u00ed la velocidad a la que pod\u00edan comunicarse. La conexi\u00f3n era lenta. Muy lenta, de hecho, comparada con los est\u00e1ndares actuales. Por aquel entonces, velocidades de 2.400 o 9.600 baudios se consideraban completamente normales. Descargar archivos grandes pod\u00eda llevar muchos minutos.<\/p>\n<p>Tambi\u00e9n hab\u00eda otro factor: los costes telef\u00f3nicos. Mientras se est\u00e1 conectado, el reloj del tel\u00e9fono sigue corriendo. Por eso, si uno se conectaba durante mucho tiempo, ten\u00eda que contar con una factura telef\u00f3nica correspondientemente alta. Como consecuencia, muchos usuarios planificaban conscientemente su tiempo en l\u00ednea. Le\u00edan los mensajes fuera de l\u00ednea, preescrib\u00edan las respuestas y s\u00f3lo volv\u00edan a marcar cuando todo estaba listo.<\/p>\n<h3>Los buzones de correo como precursores de Internet<\/h3>\n<p>Los llamados sistemas de buz\u00f3n -a menudo denominados simplemente \u201ebuzones\u201c- fueron en cierta medida los precursores de la actual Internet. En t\u00e9rminos t\u00e9cnicos, sol\u00edan ser ordenadores individuales accesibles las 24 horas del d\u00eda. Los usuarios pod\u00edan llamar, leer mensajes, escribir sus propios mensajes o intercambiar archivos.<\/p>\n<p>La estructura era sorprendentemente similar a la que hoy conocemos de los foros o las redes sociales. Hab\u00eda zonas de debate sobre diversos temas, mensajes privados entre usuarios y, a veces, tambi\u00e9n peque\u00f1as zonas de descarga de programas o textos.<\/p>\n<p>Sin embargo, todo era mucho m\u00e1s manejable. A menudo, un buz\u00f3n s\u00f3lo ten\u00eda unas docenas o quiz\u00e1 unos cientos de usuarios. Esto creaba una atm\u00f3sfera que recordaba m\u00e1s a una peque\u00f1a comunidad que a una red global.<\/p>\n<p>Muchas discusiones fueron sorprendentemente objetivas. La gente se conoc\u00eda, a veces durante largos periodos de tiempo, y la comunicaci\u00f3n ten\u00eda cierto compromiso. Quien escrib\u00eda con regularidad se convert\u00eda r\u00e1pidamente en un nombre conocido dentro de la comunidad.<\/p>\n<h3>Mi experiencia con MausNet<\/h3>\n<p>Una de mis primeras experiencias en l\u00ednea fue en el <a href=\"https:\/\/www.maus.de\/maus\/inhalt.html\" target=\"_blank\" rel=\"nofollow noopener\"><strong>MouseNet<\/strong><\/a>, una red alemana de buzones de correo que fue utilizada por muchos aficionados a la inform\u00e1tica en la d\u00e9cada de 1990. MausNet conectaba numerosos buzones individuales entre s\u00ed. Los mensajes pod\u00edan reenviarse entre estos sistemas, de modo que las discusiones no s\u00f3lo ten\u00edan lugar dentro de un mismo buz\u00f3n, sino en varios lugares.<\/p>\n<p>Para los est\u00e1ndares de la \u00e9poca, se trataba de un avance extraordinario. De repente se pod\u00eda hablar con gente que no viv\u00eda en la misma ciudad. Los temas iban desde la tecnolog\u00eda y la programaci\u00f3n hasta las conversaciones cotidianas.<\/p>\n<p>El intercambio de conocimientos tambi\u00e9n desempe\u00f1\u00f3 un papel importante. Muchos usuarios se ayudaban mutuamente con cuestiones t\u00e9cnicas o se daban consejos sobre programas y ordenadores. Esta mezcla de curiosidad, experimentaci\u00f3n y apoyo mutuo caracteriz\u00f3 a muchas de las primeras comunidades en l\u00ednea.<\/p>\n<h3>Comunidad digital antes de las redes sociales<\/h3>\n<p>Echando la vista atr\u00e1s, esta era del buz\u00f3n casi parece un mundo diferente. No hab\u00eda algoritmos, ni optimizaci\u00f3n del alcance, ni plataformas con millones de usuarios. En su lugar, las redes estaban formadas por muchos grupos peque\u00f1os, a veces muy comprometidos.<\/p>\n<p>El tono era a menudo m\u00e1s directo y personal. Los debates pod\u00edan ser ciertamente pol\u00e9micos, pero rara vez ten\u00edan el dinamismo que hoy conocemos en las grandes redes sociales.<\/p>\n<p>Otra diferencia importante era que la propia tecnolog\u00eda requer\u00eda un cierto nivel de inter\u00e9s. Cualquiera que comprara un m\u00f3dem, configurara programas de acceso telef\u00f3nico y aceptara los costes del tel\u00e9fono sol\u00eda tener un inter\u00e9s genuino por los ordenadores y la comunicaci\u00f3n.<\/p>\n<p>En cierto modo, esta fase fue un periodo de transici\u00f3n. Ya exist\u00edan los fundamentos de la comunicaci\u00f3n digital, pero la red mundial tal como la conocemos hoy estaba a\u00fan en pa\u00f1ales.<\/p>\n<p>Esto s\u00f3lo iba a cambiar con la creciente difusi\u00f3n de Internet y los nuevos servicios de acceso. En los a\u00f1os 90 se inici\u00f3 una evoluci\u00f3n que llev\u00f3 a millones de personas a conectarse permanentemente por primera vez, gracias en parte a proveedores como America Online.<\/p>\n<p><img loading=\"lazy\" decoding=\"async\" class=\"alignnone size-large wp-image-5193\" src=\"https:\/\/www.markus-schall.de\/wp-content\/uploads\/Vom-Modem-zum-Internet-Mailbox.jpg\" alt=\"\" width=\"1024\" height=\"683\" srcset=\"https:\/\/www.markus-schall.de\/wp-content\/uploads\/Vom-Modem-zum-Internet-Mailbox.jpg 1024w, https:\/\/www.markus-schall.de\/wp-content\/uploads\/Vom-Modem-zum-Internet-Mailbox-300x200.jpg 300w, https:\/\/www.markus-schall.de\/wp-content\/uploads\/Vom-Modem-zum-Internet-Mailbox-768x512.jpg 768w, https:\/\/www.markus-schall.de\/wp-content\/uploads\/Vom-Modem-zum-Internet-Mailbox-18x12.jpg 18w\" sizes=\"auto, (max-width: 1024px) 100vw, 1024px\" \/><\/p>\n<h2>La era AOL: Internet en un sistema cerrado<\/h2>\n<p>A mediados de los noventa, se inici\u00f3 una etapa en la que Internet se hizo accesible por primera vez a muchas personas. Uno de los proveedores m\u00e1s conocidos en esta \u00e9poca fue America Online, normalmente simplemente <strong><a href=\"https:\/\/www.aol.de\" target=\"_blank\" rel=\"nofollow noopener\">AOL<\/a><\/strong> llamada.<\/p>\n<p>Para muchos usuarios, AOL fue su primer contacto con el mundo online. El proveedor se centr\u00f3 sobre todo en un acceso sencillo y una distribuci\u00f3n agresiva de su software. Casi todas las revistas de inform\u00e1tica de la \u00e9poca inclu\u00edan disquetes o, m\u00e1s tarde, CD en los que se pod\u00eda instalar el cliente 1TP12 de AOL. A menudo se inclu\u00eda incluso un mes de prueba gratuita.<\/p>\n<p>La idea era sencilla: uno se conectaba al programa, creaba una cuenta y ya pod\u00eda empezar a utilizarlo. Para mucha gente, esto supon\u00eda una barrera de entrada mucho menor que las complicadas configuraciones necesarias para acceder a Internet. De este modo, AOL puso en l\u00ednea por primera vez a millones de personas, incluso en Alemania.<\/p>\n<h3>El modelo de negocio de AOL<\/h3>\n<p>T\u00e9cnicamente, al principio AOL funcionaba de forma similar a muchos sistemas de buz\u00f3n. Se marcaba con un m\u00f3dem a trav\u00e9s de una l\u00ednea telef\u00f3nica y se entraba en un entorno digital gestionado por la propia AOL. La diferencia, sin embargo, estaba en el alcance. AOL ofrec\u00eda un mundo online completo con diferentes \u00e1reas: Noticias, foros de debate, chats, correo electr\u00f3nico y diversos servicios de informaci\u00f3n. Gran parte del contenido era proporcionado o comisariado directamente por AOL.<\/p>\n<p>Normalmente se cobraba una cuota mensual por el uso. Dependiendo de la tarifa, pod\u00edan producirse costes adicionales por tiempos de conexi\u00f3n m\u00e1s largos. No obstante, la oferta resulta atractiva para muchos porque todo est\u00e1 agrupado en un solo lugar.<\/p>\n<p>No hab\u00eda detalles t\u00e9cnicos que tratar, ni complicadas direcciones de servidor que introducir, ni diferentes programas que configurar. AOL promet\u00eda una experiencia en l\u00ednea sencilla, y eso era exactamente lo que necesitaban muchos principiantes.<\/p>\n<h3>Videoconsejo: C\u00f3mo Internet cambi\u00f3 el mundo en los a\u00f1os 90<\/h3>\n<p>Un documental de la ZDF de la serie Terra X muestra v\u00edvidamente c\u00f3mo Internet experiment\u00f3 su avance decisivo en la d\u00e9cada de 1990. Se centra en el desarrollo de la World Wide Web por Tim Berners-Lee en el CERN, una tecnolog\u00eda deliberadamente libre y accesible para todos.<\/p>\n<div class=\"lyte-wrapper\" style=\"width:640px;max-width:100%;margin:5px;\"><div class=\"lyMe\" id=\"WYL_J-8OMiqgoas\"><div id=\"lyte_J-8OMiqgoas\" data-src=\"https:\/\/www.markus-schall.de\/wp-content\/plugins\/wp-youtube-lyte\/lyteCache.php?origThumbUrl=%2F%2Fi.ytimg.com%2Fvi%2FJ-8OMiqgoas%2Fhqdefault.jpg\" class=\"pL\"><div class=\"tC\"><div class=\"tT\"><\/div><\/div><div class=\"play\"><\/div><div class=\"ctrl\"><div class=\"Lctrl\"><\/div><div class=\"Rctrl\"><\/div><\/div><\/div><noscript><a href=\"https:\/\/youtu.be\/J-8OMiqgoas\" rel=\"nofollow noopener\" target=\"_blank\"><img loading=\"lazy\" decoding=\"async\" src=\"https:\/\/www.markus-schall.de\/wp-content\/plugins\/wp-youtube-lyte\/lyteCache.php?origThumbUrl=https%3A%2F%2Fi.ytimg.com%2Fvi%2FJ-8OMiqgoas%2F0.jpg\" alt=\"Miniatura de v\u00eddeo de YouTube\" width=\"640\" height=\"340\" \/><br \/>Ver este v\u00eddeo en YouTube<\/a><\/noscript><\/div><\/div><div class=\"lL\" style=\"max-width:100%;width:640px;margin:5px;\"><\/div><br \/>\nEl mundo pasa a ser digital - Siglo XX 1990-1999 | MrWissen2go | El mundo pasa a ser digital - Siglo XX 1990-1999 | MrWissen2go <a href=\"https:\/\/www.youtube.com\/@TerraXHistory\" target=\"_blank\" rel=\"nofollow noopener\">Terra X<\/a><\/p>\n<p>El documental explica de forma comprensible c\u00f3mo los ordenadores se hicieron aptos para el uso masivo durante esta \u00e9poca, c\u00f3mo el correo electr\u00f3nico y los primeros servicios en l\u00ednea cambiaron la vida cotidiana y c\u00f3mo surgieron al mismo tiempo nuevas tecnolog\u00edas como los tel\u00e9fonos m\u00f3viles y los mensajes de texto. Una visi\u00f3n compacta de los a\u00f1os en que Internet pas\u00f3 de ser una red de investigaci\u00f3n a un espacio de comunicaci\u00f3n global.<\/p>\n<h3>Primeras redes sociales en el cosmos AOL<\/h3>\n<p>R\u00e1pidamente se desarrollaron numerosas comunidades digitales dentro de AOL. Los chats y foros de debate eran un componente central de la plataforma. Los usuarios pod\u00edan intercambiar ideas sobre una amplia gama de temas, desde tecnolog\u00eda y aficiones hasta conversaciones cotidianas.<\/p>\n<p>En cierto modo, el sistema ya recordaba a las redes sociales modernas. Hab\u00eda perfiles, salas de chat y grupos tem\u00e1ticos. La gente se reun\u00eda regularmente en determinadas zonas y all\u00ed manten\u00eda conversaciones, algo parecido a lo que hoy conocemos por foros o plataformas.<\/p>\n<p>Sin embargo, todo esto ten\u00eda lugar dentro de un entorno cerrado. Cualquiera que utilizara AOL se mov\u00eda dentro del llamado \u201ecosmos AOL\u201c. Los contenidos, las discusiones y los contactos estaban ligados a la plataforma. Para muchos usuarios, esto era completamente suficiente. Ten\u00edan la sensaci\u00f3n de estar en Internet, aunque t\u00e9cnicamente siguieran operando en un sistema cerrado.<\/p>\n<h3>Los l\u00edmites del sistema<\/h3>\n<p>Con el tiempo, sin embargo, qued\u00f3 claro que este modelo tambi\u00e9n ten\u00eda sus l\u00edmites. Internet sigui\u00f3 desarroll\u00e1ndose en paralelo. Cada vez se creaban m\u00e1s sitios web y cada vez m\u00e1s gente empezaba a publicar sus propios contenidos en l\u00ednea. La web abierta funcionaba seg\u00fan otros principios. Los sitios web eran de libre acceso, independientes de las plataformas individuales. Cualquiera pod\u00eda gestionar su propio sitio, publicar contenidos o compartir informaci\u00f3n.<\/p>\n<p>AOL, por su parte, sigui\u00f3 siendo un sistema relativamente cerrado durante mucho tiempo. Aunque m\u00e1s tarde el servicio tambi\u00e9n ofreci\u00f3 acceso a Internet abierto, la estructura de la plataforma no se dise\u00f1\u00f3 originalmente para ello.<\/p>\n<p>Tambi\u00e9n se produjo otra novedad: la creciente difusi\u00f3n de conexiones a Internet m\u00e1s r\u00e1pidas. Aunque muchos usuarios de AOL segu\u00edan conect\u00e1ndose a trav\u00e9s de m\u00f3dems y servicios de acceso telef\u00f3nico, las nuevas tecnolog\u00edas empezaron a permitir velocidades mucho mayores. Con la llegada de la DSL, el comportamiento de los usuarios cambi\u00f3 radicalmente. De repente se pod\u00eda estar en l\u00ednea todo el tiempo sin tener que marcar cada vez. Los sitios web se cargaban m\u00e1s r\u00e1pido, surg\u00edan nuevos servicios y la Internet abierta resultaba cada vez m\u00e1s atractiva.<\/p>\n<p>Como resultado, el sistema cerrado de AOL perdi\u00f3 gradualmente su importancia. Para muchos usuarios, el siguiente paso estaba claro: pasaron del modelo de plataforma a la web libre y abierta, un desarrollo que iba a tener un impacto decisivo en Internet en los a\u00f1os siguientes.<\/p>\n<h3>CompuServe: el otro gran servicio en l\u00ednea<\/h3>\n<p>Adem\u00e1s de AOL, hab\u00eda otro proveedor importante en esta \u00e9poca: <a href=\"https:\/\/www.compuserve.com\" target=\"_blank\" rel=\"nofollow noopener\"><strong>CompuServe<\/strong><\/a>. En realidad, CompuServe exist\u00eda desde mucho antes y fue uno de los primeros servicios comerciales en l\u00ednea. Ya en los a\u00f1os 80, empresas, entusiastas de la tecnolog\u00eda y usuarios profesionales utilizaban el sistema para acceder a informaci\u00f3n o comunicarse entre s\u00ed.<\/p>\n<p>Sin embargo, en comparaci\u00f3n con AOL, CompuServe ten\u00eda un aspecto mucho m\u00e1s sobrio. Mientras que AOL se centraba sobre todo en la facilidad de uso, los chats y la comunidad, CompuServe se centraba m\u00e1s en los servicios de informaci\u00f3n y el uso profesional. Muchas \u00e1reas recordaban m\u00e1s a bases de datos o foros especializados que a lugares de encuentro social. Como resultado, el servicio ten\u00eda un car\u00e1cter algo m\u00e1s \u201eempresarial\u201c y a menudo atra\u00eda a un p\u00fablico de orientaci\u00f3n t\u00e9cnica o profesional.<\/p>\n<p>Sin embargo, ambos sistemas ten\u00edan una caracter\u00edstica fundamental en com\u00fan: eran mundos en l\u00ednea separados con una estructura claramente definida. Los usuarios se mov\u00edan dentro de un sistema espec\u00edfico controlado por un proveedor. S\u00f3lo con la creciente difusi\u00f3n de la World Wide Web abierta empez\u00f3 a disolverse lentamente esta estructura. Los sitios web a los que se pod\u00eda acceder independientemente de las plataformas individuales cobraron cada vez m\u00e1s importancia, y esto tambi\u00e9n cambi\u00f3 la forma en que la gente utilizaba Internet.<\/p>\n<p><img loading=\"lazy\" decoding=\"async\" class=\"alignnone size-large wp-image-5194\" src=\"https:\/\/www.markus-schall.de\/wp-content\/uploads\/Vom-Modem-zum-Internet-DSL.jpg\" alt=\"Internet r\u00e1pido con DSL\" width=\"1024\" height=\"683\" srcset=\"https:\/\/www.markus-schall.de\/wp-content\/uploads\/Vom-Modem-zum-Internet-DSL.jpg 1024w, https:\/\/www.markus-schall.de\/wp-content\/uploads\/Vom-Modem-zum-Internet-DSL-300x200.jpg 300w, https:\/\/www.markus-schall.de\/wp-content\/uploads\/Vom-Modem-zum-Internet-DSL-768x512.jpg 768w, https:\/\/www.markus-schall.de\/wp-content\/uploads\/Vom-Modem-zum-Internet-DSL-18x12.jpg 18w\" sizes=\"auto, (max-width: 1024px) 100vw, 1024px\" \/><\/p>\n<h2>DSL - El momento en que todo fue m\u00e1s r\u00e1pido<\/h2>\n<p>Durante mucho tiempo, Internet estuvo estrechamente asociada al sonido de marcaci\u00f3n de un m\u00f3dem. Para conectarse, hab\u00eda que conectar el ordenador a la l\u00ednea telef\u00f3nica y establecer una conexi\u00f3n con un servidor de acceso telef\u00f3nico. En esa \u00e9poca, la l\u00ednea telef\u00f3nica estaba bloqueada y cada minuto costaba dinero.<\/p>\n<p>Con la llegada de la l\u00ednea de abonado digital (DSL), este principio cambi\u00f3 radicalmente. DSL tambi\u00e9n utilizaba las l\u00edneas telef\u00f3nicas existentes, pero funcionaba con una tecnolog\u00eda completamente distinta. La conexi\u00f3n a Internet funcionaba en su propia gama de frecuencias y, por tanto, pod\u00eda utilizarse en paralelo con el tel\u00e9fono normal.<\/p>\n<p>La mayor diferencia, sin embargo, era la velocidad. Mientras que las conexiones cl\u00e1sicas por m\u00f3dem funcionaban a unos pocos kilobits por segundo, las primeras conexiones DSL ya alcanzaban varios cientos de kilobits por segundo. Hoy suena modesto, pero en aquella \u00e9poca era un gran paso adelante.<\/p>\n<p>Muchos usuarios recuerdan las primeras tarifas ADSL con velocidades de unos 768 kbit\/s. De repente, los sitios web se cargaban mucho m\u00e1s r\u00e1pido, los archivos pod\u00edan descargarse en minutos en lugar de horas y, por primera vez, Internet parec\u00eda realmente fluido.<\/p>\n<h3>Mi primera conexi\u00f3n DSL en 1999<\/h3>\n<p>Cuando aparecieron las primeras conexiones DSL, fui uno de los primeros en adoptar esta nueva tecnolog\u00eda. El cambio del m\u00f3dem a DSL fue un verdadero punto de inflexi\u00f3n. De repente, ya no hab\u00eda que marcar cada vez. La conexi\u00f3n estaba disponible permanentemente. El ordenador pod\u00eda conectarse en cualquier momento sin tener que establecer una conexi\u00f3n ni bloquear el tel\u00e9fono.<\/p>\n<p>Este principio de \u201econexi\u00f3n permanente\u201c cambi\u00f3 por completo el comportamiento de los usuarios. La gente ya no se \u201econectaba\u201c conscientemente. En cualquier momento se puede buscar algo, acceder a un sitio web o descargar un archivo.<\/p>\n<p>Esto tambi\u00e9n abri\u00f3 nuevas posibilidades t\u00e9cnicas. Los sitios web pod\u00edan ser m\u00e1s extensos, las im\u00e1genes ya no ten\u00edan que estar extremadamente comprimidas y surgieron nuevos servicios que habr\u00edan sido casi imposibles de utilizar con conexiones de m\u00f3dem lentas.<\/p>\n<h3>Internet abierto desplaza a los sistemas de plataformas<\/h3>\n<p>Con la creciente difusi\u00f3n de DSL, la propia estructura de Internet tambi\u00e9n cambi\u00f3. Plataformas como America Online o CompuServe fueron perdiendo importancia. La raz\u00f3n era sencilla: la web abierta resultaba cada vez m\u00e1s atractiva. Cada vez se creaban m\u00e1s sitios web, las empresas se presentaban en l\u00ednea y los particulares empezaban a publicar sus propios contenidos.<\/p>\n<p>Cualquiera con una conexi\u00f3n r\u00e1pida a Internet ya no necesitaba una plataforma cerrada. Pod\u00eda acceder directamente a sitios web, utilizar motores de b\u00fasqueda o iniciar sus propios proyectos en l\u00ednea. Este desarrollo hizo que Internet fuera m\u00e1s abierta y diversa. La informaci\u00f3n ya no estaba vinculada a proveedores individuales, sino que era de libre acceso a trav\u00e9s de la World Wide Web.<\/p>\n<h3>Una nueva fase de independencia digital<\/h3>\n<p>Para muchos usuarios, la DSL marc\u00f3 el inicio de una nueva etapa en el uso de Internet. Internet ya no era s\u00f3lo un lugar donde consumir contenidos. Tambi\u00e9n se convirti\u00f3 cada vez m\u00e1s en un espacio en el que uno mismo pod\u00eda participar activamente.<\/p>\n<p>Los obst\u00e1culos t\u00e9cnicos eran menores que antes. Las ofertas de alojamiento se abarataron, los servidores web eran m\u00e1s f\u00e1ciles de usar y las nuevas herramientas permit\u00edan crear sitios web propios.<\/p>\n<p>Este momento tambi\u00e9n fue un paso importante para m\u00ed. Con una conexi\u00f3n r\u00e1pida a Internet, la red se convirti\u00f3 en una verdadera plataforma para tus propias ideas. En lugar de limitarte a comunicarte en los sistemas existentes, pod\u00edas empezar a publicar tus propios contenidos y crear tu propia presencia.<\/p>\n<p>Esto me llev\u00f3 al siguiente paso l\u00f3gico: mi primera p\u00e1gina web. Lo que empez\u00f3 como un experimento se convertir\u00eda en un proyecto a largo plazo en los a\u00f1os siguientes y, por tanto, en parte integrante de mi trabajo en Internet.<\/p>\n<h3>Evoluci\u00f3n de la velocidad de acceso a Internet desde los a\u00f1os 80<\/h3>\n<div style=\"overflow-x: auto;\">\n<table>\n<tbody>\n<tr style=\"background: #f2f2f2;\">\n<th>Tecnolog\u00eda<\/th>\n<th>Velocidad t\u00edpica<\/th>\n<th>Periodo<\/th>\n<\/tr>\n<tr>\n<td><strong>M\u00f3dem<\/strong> (Acceso telef\u00f3nico)<\/td>\n<td>2,4 - 56 kbit\/s<\/td>\n<td>De 1980 a finales de 1990<\/td>\n<\/tr>\n<tr>\n<td><strong>RDSI<\/strong><\/td>\n<td>64 - 128 kbit\/s<\/td>\n<td>1990s<\/td>\n<\/tr>\n<tr>\n<td><strong>DSL<\/strong> (primera generaci\u00f3n)<\/td>\n<td>768 kbit\/s - 1 Mbit\/s<\/td>\n<td>desde aprox. 1999-2001<\/td>\n<\/tr>\n<tr>\n<td><strong>DSL \/ VDSL<\/strong><\/td>\n<td>16 - 100 Mbit\/s<\/td>\n<td>A\u00f1os 2000 a 2010<\/td>\n<\/tr>\n<tr>\n<td><strong>Fibra de vidrio<\/strong><\/td>\n<td>100 Mbit\/s - 1 Gbit\/s+<\/td>\n<td>Desde 2010 hasta hoy<\/td>\n<\/tr>\n<\/tbody>\n<\/table>\n<\/div>\n<h2>Su primer sitio web y primeros pasos en la publicaci\u00f3n web<\/h2>\n<p>Una vez que Internet se hizo m\u00e1s r\u00e1pida y c\u00f3moda gracias a la DSL, el siguiente paso era casi obvio: no limitarse a leer contenidos en l\u00ednea, sino publicar algo uno mismo. A finales de los 90, esto significaba sobre todo una cosa: aprender HTML.<\/p>\n<p>Hoy existen sistemas modulares, gestores de contenidos y numerosas herramientas que permiten crear sitios web sin apenas conocimientos t\u00e9cnicos. Por aquel entonces, las cosas eran distintas. Si quer\u00edas poner tu propio sitio web en l\u00ednea, ten\u00edas que aprender al menos un poco de HTML. Al principio, muchas p\u00e1ginas se creaban simplemente en un editor de texto.<\/p>\n<p>As\u00ed es exactamente como empez\u00f3 para m\u00ed tambi\u00e9n. Los primeros sitios web consist\u00edan en simples archivos HTML con encabezados, texto y algunas im\u00e1genes. Experiment\u00e1bamos con tablas, colores y tama\u00f1os de letra. Desde la perspectiva actual, muchas cosas parec\u00edan improvisadas, pero ese era precisamente el atractivo. Cada peque\u00f1o cambio en el c\u00f3digo se traduc\u00eda inmediatamente en un resultado visible en el navegador.<\/p>\n<p>Esta fase se caracteriz\u00f3 en gran medida por la prueba y el error. Paso a paso, se aprend\u00eda c\u00f3mo se estructuran los sitios web y c\u00f3mo muestran el contenido los navegadores. Al mismo tiempo, desarrollamos poco a poco un sentimiento de c\u00f3mo se puede presentar la informaci\u00f3n en Internet.<\/p>\n<p><img loading=\"lazy\" decoding=\"async\" class=\"alignnone size-large wp-image-5197\" src=\"https:\/\/www.markus-schall.de\/wp-content\/uploads\/Vom-Modem-zum-Internet-HTML.jpg\" alt=\"Primer sitio web con HTML y CSS\" width=\"1024\" height=\"683\" srcset=\"https:\/\/www.markus-schall.de\/wp-content\/uploads\/Vom-Modem-zum-Internet-HTML.jpg 1024w, https:\/\/www.markus-schall.de\/wp-content\/uploads\/Vom-Modem-zum-Internet-HTML-300x200.jpg 300w, https:\/\/www.markus-schall.de\/wp-content\/uploads\/Vom-Modem-zum-Internet-HTML-768x512.jpg 768w, https:\/\/www.markus-schall.de\/wp-content\/uploads\/Vom-Modem-zum-Internet-HTML-18x12.jpg 18w\" sizes=\"auto, (max-width: 1024px) 100vw, 1024px\" \/><\/p>\n<h3>Primeras herramientas: Macromedia Dreamweaver y Fireworks<\/h3>\n<p>Sin embargo, tambi\u00e9n aparecieron con relativa rapidez herramientas m\u00e1s profesionales. Los programas de Macromedia, muy utilizados en la escena del dise\u00f1o web, tuvieron una influencia especial en aquella \u00e9poca.<\/p>\n<p>Uno de los programas m\u00e1s importantes fue Macromedia Dreamweaver. Con Dreamweaver no s\u00f3lo se pod\u00edan editar p\u00e1ginas web en c\u00f3digo, sino tambi\u00e9n dise\u00f1arlas visualmente. El programa mostraba una vista previa de la p\u00e1gina durante el desarrollo, lo que facilitaba mucho el trabajo.<\/p>\n<p>Macromedia Fireworks se utilizaba a menudo para el dise\u00f1o de gr\u00e1ficos. Con Fireworks, la edici\u00f3n de im\u00e1genes pod\u00eda orientarse directamente hacia los gr\u00e1ficos web. Botones, elementos gr\u00e1ficos y peque\u00f1os detalles de maquetaci\u00f3n pod\u00edan crearse con relativa facilidad.<\/p>\n<p>Utilic\u00e9 estas herramientas para crear mis primeros sitios web est\u00e1ticos. En este contexto, \u201eest\u00e1tico\u201c significaba que cada p\u00e1gina se creaba y guardaba individualmente. No hab\u00eda bases de datos, ni contenido din\u00e1mico, ni procesos de publicaci\u00f3n autom\u00e1ticos. Cada cambio ten\u00eda que hacerse manualmente.<\/p>\n<p>Sin embargo, esta forma de trabajar era sorprendentemente eficaz. Una vez que entend\u00edas c\u00f3mo funcionaban juntos el HTML, las im\u00e1genes y los enlaces, eras capaz de crear y publicar tus propias p\u00e1ginas con relativa rapidez.<\/p>\n<h3>La motivaci\u00f3n de su propio sitio web<\/h3>\n<p>En aquella \u00e9poca, la principal motivaci\u00f3n para crear un sitio web sol\u00eda ser simplemente la curiosidad. Internet ofrec\u00eda de repente la oportunidad de hacer accesibles contenidos en todo el mundo, algo que antes s\u00f3lo era posible para las grandes empresas u organizaciones de medios de comunicaci\u00f3n.<\/p>\n<p>Disponer de un sitio web propio significaba tambi\u00e9n cierta independencia digital. Uno ya no era un mero usuario de otras plataformas, sino que pod\u00eda publicar informaci\u00f3n por s\u00ed mismo, retomar temas o presentar sus propios proyectos. Muchos sitios web de esta \u00e9poca eran proyectos personales. Se creaban sin un gran modelo de negocio ni estrategia de marketing. Se trataba m\u00e1s bien de adquirir experiencia, probar ideas y explorar las posibilidades del nuevo medio.<\/p>\n<p>Mi primer sitio web tambi\u00e9n se cre\u00f3 precisamente con esta motivaci\u00f3n. Al principio era un experimento: un lugar donde probar c\u00f3mo se pueden presentar los contenidos en Internet y qu\u00e9 posibilidades t\u00e9cnicas ofrece la red.<\/p>\n<h3>Los sitios web como hogar digital<\/h3>\n<p>Echando la vista atr\u00e1s, tener un sitio web propio ten\u00eda entonces un significado especial. Mientras muchos servicios online segu\u00edan funcionando como plataformas cerradas, tener un dominio propio ofrec\u00eda algo completamente distinto: tu propio lugar en Internet.<\/p>\n<p>El contenido era tuyo. Pod\u00edas decidir qu\u00e9 temas publicar, c\u00f3mo se estructuraban las p\u00e1ginas y qu\u00e9 informaci\u00f3n quer\u00edas compartir. Esta independencia fue un factor importante para muchos de los primeros proyectos web.<\/p>\n<p>Al mismo tiempo, el dise\u00f1o web evolucionaba constantemente. Las nuevas funciones de los navegadores, las mejores opciones gr\u00e1ficas y las conexiones a Internet m\u00e1s r\u00e1pidas hac\u00edan que los sitios web fueran cada vez m\u00e1s extensos. Lo que empezaba como una simple p\u00e1gina HTML pod\u00eda convertirse con el tiempo en un proyecto de mayor envergadura.<\/p>\n<h3>Una mirada al pasado: el sitio web de 1999<\/h3>\n<p>La siguiente imagen muestra una de las primeras versiones de mi sitio web, de 1999. Por aquel entonces, los sitios web sol\u00edan tener una estructura mucho m\u00e1s sencilla que hoy. Los dise\u00f1os sol\u00edan consistir en tablas, los gr\u00e1ficos eran peque\u00f1os y muchos elementos de dise\u00f1o parec\u00edan muy minimalistas desde la perspectiva actual.<\/p>\n<p>Sin embargo, estas primeras capturas de pantalla muestran muy bien c\u00f3mo funcionaba la web en aquella \u00e9poca. Fue una fase de experimentaci\u00f3n en la que mucha gente dio sus primeros pasos en la publicaci\u00f3n en l\u00ednea.<\/p>\n<p><img loading=\"lazy\" decoding=\"async\" class=\"alignnone size-large wp-image-5195\" src=\"https:\/\/www.markus-schall.de\/wp-content\/uploads\/markus-schall-de-2002.jpg\" alt=\"markus-schall.de desde 1998\" width=\"1024\" height=\"742\" srcset=\"https:\/\/www.markus-schall.de\/wp-content\/uploads\/markus-schall-de-2002.jpg 1024w, https:\/\/www.markus-schall.de\/wp-content\/uploads\/markus-schall-de-2002-300x217.jpg 300w, https:\/\/www.markus-schall.de\/wp-content\/uploads\/markus-schall-de-2002-768x557.jpg 768w, https:\/\/www.markus-schall.de\/wp-content\/uploads\/markus-schall-de-2002-18x12.jpg 18w\" sizes=\"auto, (max-width: 1024px) 100vw, 1024px\" \/><\/p>\n<p>Aunque la tecnolog\u00eda y el dise\u00f1o han cambiado considerablemente desde entonces, este primer sitio web marca un importante punto de partida. Con el paso de los a\u00f1os, un peque\u00f1o proyecto en HTML se fue convirtiendo en una presencia en l\u00ednea mucho mayor, un proceso que continuar\u00e1 en el pr\u00f3ximo cap\u00edtulo.<\/p>\n<h2>La evoluci\u00f3n a lo largo de los a\u00f1os: cambios en el dise\u00f1o web<\/h2>\n<p>Una vez que el primer sitio web estuvo en l\u00ednea, comenz\u00f3 una fase de prueba y error continuos. En los primeros a\u00f1os, las p\u00e1ginas a\u00fan se creaban utilizando el cl\u00e1sico HTML est\u00e1tico. Programas como Macromedia Dreamweaver y Macromedia Fireworks permit\u00edan dise\u00f1ar maquetas, crear gr\u00e1ficos y dise\u00f1ar sitios web con relativa facilidad.<\/p>\n<p>Sin embargo, esta forma de trabajar requer\u00eda mucho tiempo a largo plazo. Cada p\u00e1gina ten\u00eda que crearse y mantenerse manualmente. Si, por ejemplo, cambiaba la navegaci\u00f3n, hab\u00eda que adaptar el cambio a cada una de las p\u00e1ginas. Esto segu\u00eda siendo factible en proyectos peque\u00f1os, pero a medida que aumentaba el n\u00famero de p\u00e1ginas, este m\u00e9todo resultaba cada vez menos pr\u00e1ctico.<\/p>\n<p>Al mismo tiempo, el dise\u00f1o web segu\u00eda evolucionando. Las nuevas funciones de los navegadores, las mejores opciones de dise\u00f1o y las conexiones a Internet m\u00e1s r\u00e1pidas hicieron que los sitios web fueran cada vez m\u00e1s complejos. Las sencillas p\u00e1ginas HTML se convirtieron poco a poco en grandes proyectos web con muchas subp\u00e1ginas y nuevos contenidos peri\u00f3dicos.<\/p>\n<h3>Crecimiento de los contenidos<\/h3>\n<p>Con el tiempo, el tama\u00f1o del propio sitio web de la empresa tambi\u00e9n creci\u00f3. Al principio s\u00f3lo constaba de unas pocas p\u00e1ginas, pero poco a poco se fueron a\u00f1adiendo nuevos contenidos. Cada nueva idea daba lugar a otra p\u00e1gina, cada nuevo tema a una secci\u00f3n adicional.<\/p>\n<p>Este crecimiento tambi\u00e9n trajo consigo retos organizativos. Cuanto m\u00e1s contenido hab\u00eda, m\u00e1s importante era una estructura clara. Los visitantes deb\u00edan poder orientarse en el sitio web y los nuevos contenidos deb\u00edan encajar en la estructura existente de forma significativa.<\/p>\n<p>Esta fase tambi\u00e9n mostr\u00f3 c\u00f3mo estaba cambiando Internet. Cada vez m\u00e1s gente publicaba sus propios contenidos, y poco a poco la web dej\u00f3 de ser una colecci\u00f3n de p\u00e1ginas individuales para convertirse en una enorme red de informaci\u00f3n.<\/p>\n<h3>Nuevas tecnolog\u00edas y herramientas<\/h3>\n<p>Con el aumento del tama\u00f1o de muchos sitios web, tambi\u00e9n surgieron nuevas soluciones t\u00e9cnicas. Especialmente importantes fueron los primeros sistemas de gesti\u00f3n de contenidos (CMS). Por primera vez, estos sistemas distingu\u00edan claramente entre dise\u00f1o y contenido. En lugar de guardar cada p\u00e1gina individualmente como un archivo HTML, el contenido se almacenaba en una base de datos. A partir de estos datos, el sistema generaba autom\u00e1ticamente las p\u00e1ginas web. Esto facilitaba el mantenimiento y la actualizaci\u00f3n de los contenidos.<\/p>\n<p>Uno de los sistemas que ya exist\u00edan en aquella \u00e9poca y que se utilizaba con frecuencia en el desarrollo web era TYPO3. TYPO3 fue uno de los primeros sistemas de gesti\u00f3n de contenidos de alto rendimiento y se utilizaba sobre todo en un entorno profesional.<\/p>\n<p>Yo tambi\u00e9n trabajaba con este tipo de sistemas en aquella \u00e9poca. La idea de almacenar contenidos de forma centralizada en una base de datos y mostrarlos autom\u00e1ticamente en los sitios web fue un gran paso adelante en comparaci\u00f3n con las p\u00e1ginas HTML est\u00e1ticas.<\/p>\n<p>Estas nuevas herramientas mostraban claramente la direcci\u00f3n en la que evolucionar\u00eda la web. Los sitios web se volvieron m\u00e1s din\u00e1micos, los contenidos pod\u00edan actualizarse m\u00e1s r\u00e1pidamente y los proyectos de mayor envergadura pod\u00edan gestionarse con mucha m\u00e1s eficacia.<\/p>\n<hr \/>\n<h3>Encuesta actual sobre la digitalizaci\u00f3n en la vida cotidiana<\/h3>\n<div class='bootstrap-yop yop-poll-mc'>\n\t\t\t\t\t\t\t<div class=\"basic-yop-poll-container\" style=\"background-color:#ffffff; border:0px; border-style:solid; border-color:#000000; border-radius:5px; padding:0px 5px;\" data-id=\"2\" data-temp=\"basic-pretty\" data-skin=\"square\" data-cscheme=\"blue\" data-cap=\"0\" data-access=\"guest\" data-tid=\"\" data-uid=\"bbac611fb30820075ab77f701b263356\" data-pid=\"4521\" data-resdet=\"votes-number,percentages\" data-show-results-to=\"guest\" data-show-results-moment=\"after-vote\" data-show-results-only=\"false\" data-show-message=\"true\" data-show-results-as=\"bar\" data-sort-results-by=\"as-defined\" data-sort-results-rule=\"asc\"data-is-ended=\"0\" data-percentages-decimals=\"2\" data-gdpr=\"no\" data-gdpr-sol=\"consent\" data-css=\"\" data-counter=\"0\" data-load-with=\"1\" data-notification-section=\"top\"><div class=\"row\"><div class=\"col-md-12\"><div class=\"basic-inner\"><div class=\"basic-message hide\" style=\"border-left: 10px solid #008000; padding: 0px 10px;\" data-error=\"#ff0000\" data-success=\"#008000\"><p class=\"basic-message-text\" style=\"color:#000000; font-size:14px; font-weight:normal;\"><\/p><\/div><div class=\"basic-overlay hide\"><div class=\"basic-vote-options\"><\/div><div class=\"basic-preloader\"><div class=\"basic-windows8\"><div class=\"basic-wBall basic-wBall_1\"><div class=\"basic-wInnerBall\"><\/div><\/div><div class=\"basic-wBall basic-wBall_2\"><div class=\"basic-wInnerBall\"><\/div><\/div><div class=\"basic-wBall basic-wBall_3\"><div class=\"basic-wInnerBall\"><\/div><\/div><div class=\"basic-wBall basic-wBall_4\"><div class=\"basic-wInnerBall\"><\/div><\/div><div class=\"basic-wBall basic-wBall_5\"><div class=\"basic-wInnerBall\"><\/div><\/div><\/div><\/div><\/div><form class=\"basic-form\" action=\"\"><input type=\"hidden\" name=\"_token\" value=\"91caaf3175\" autocomplete=\"off\"><div class=\"basic-elements\"><div class=\"basic-element basic-question basic-question-text-vertical\" data-id=\"2\" data-uid=\"2d67f6d0e667e455dfb577bfc62fc9e8\" data-type=\"question\" data-question-type=\"text\" data-required=\"yes\" data-allow-multiple=\"no\" data-min=\"1\" data-max=\"1\" data-display=\"vertical\" data-colnum=\"\" data-display-others=\"no\" data-others-color=\"\" data-others=\"\" data-others-max-chars=\"0\"><div class=\"basic-question-title\"><h5 style=\"color:#000000; font-size:16px; font-weight:normal; text-align:left;\">\u00bfC\u00f3mo valora la influencia de la digitalizaci\u00f3n en su vida cotidiana?<\/h5><\/div><ul class=\"basic-answers\"><li class=\"basic-answer\" style=\"padding:0px 0px;\" data-id=\"5\" data-type=\"text\" data-vn=\"14\" data-color=\"#000000\" data-make-link=\"no\" data-link=\"\"><div class=\"basic-answer-content basic-text-vertical\"><label for=\"answer[5]\" class=\"basic-answer-label\"><input type=\"radio\" id=\"answer[5]\" name=\"answer[2]\" value=\"5\"><span class=\"basic-text\" style=\"color: #000000; font-size: 14px; font-weight: normal;\">Muy positivo: me beneficia todos los d\u00edas<\/span><\/label><\/div><\/li><li class=\"basic-answer\" style=\"padding:0px 0px;\" data-id=\"6\" data-type=\"text\" data-vn=\"13\" data-color=\"#000000\" data-make-link=\"no\" data-link=\"\"><div class=\"basic-answer-content basic-text-vertical\"><label for=\"answer[6]\" class=\"basic-answer-label\"><input type=\"radio\" id=\"answer[6]\" name=\"answer[2]\" value=\"6\"><span class=\"basic-text\" style=\"color: #000000; font-size: 14px; font-weight: normal;\">Bastante positivo - algunas cosas se han vuelto m\u00e1s f\u00e1ciles<\/span><\/label><\/div><\/li><li class=\"basic-answer\" style=\"padding:0px 0px;\" data-id=\"7\" data-type=\"text\" data-vn=\"29\" data-color=\"#000000\" data-make-link=\"no\" data-link=\"\"><div class=\"basic-answer-content basic-text-vertical\"><label for=\"answer[7]\" class=\"basic-answer-label\"><input type=\"radio\" id=\"answer[7]\" name=\"answer[2]\" value=\"7\"><span class=\"basic-text\" style=\"color: #000000; font-size: 14px; font-weight: normal;\">Mixto - Aporta ventajas, pero tambi\u00e9n p\u00e9rdida de control<\/span><\/label><\/div><\/li><li class=\"basic-answer\" style=\"padding:0px 0px;\" data-id=\"8\" data-type=\"text\" data-vn=\"5\" data-color=\"#000000\" data-make-link=\"no\" data-link=\"\"><div class=\"basic-answer-content basic-text-vertical\"><label for=\"answer[8]\" class=\"basic-answer-label\"><input type=\"radio\" id=\"answer[8]\" name=\"answer[2]\" value=\"8\"><span class=\"basic-text\" style=\"color: #000000; font-size: 14px; font-weight: normal;\">M\u00e1s bien negativo - a menudo me siento abrumado u observado<\/span><\/label><\/div><\/li><li class=\"basic-answer\" style=\"padding:0px 0px;\" data-id=\"9\" data-type=\"text\" data-vn=\"9\" data-color=\"#000000\" data-make-link=\"no\" data-link=\"\"><div class=\"basic-answer-content basic-text-vertical\"><label for=\"answer[9]\" class=\"basic-answer-label\"><input type=\"radio\" id=\"answer[9]\" name=\"answer[2]\" value=\"9\"><span class=\"basic-text\" style=\"color: #000000; font-size: 14px; font-weight: normal;\">Muy negativo: rechazo en gran medida los sistemas digitales<\/span><\/label><\/div><\/li><\/ul><\/div><div class=\"clearfix\"><\/div><\/div><div class=\"basic-vote\"><a href=\"#\" class=\"button basic-vote-button\" role=\"button\" style=\"background:#027bb8; border:0px; border-style: solid; border-color:#000000; border-radius:5px; padding:10px 10px; color:#ffffff; font-size:14px; font-weight:normal;\">Vote<\/a><\/div><input type=\"hidden\" name=\"trp-form-language\" value=\"es\"\/><\/form><\/div><\/div><\/div><\/div>\n\t\t\t\t\t\t<\/div>\n<hr \/>\n<h3>El papel de los motores de b\u00fasqueda<\/h3>\n<p>Paralelamente a estos cambios t\u00e9cnicos, tambi\u00e9n evolucion\u00f3 la forma de encontrar informaci\u00f3n en Internet. En los primeros a\u00f1os, muchos usuarios navegaban por la red a trav\u00e9s de listas de enlaces o directorios web.<\/p>\n<p>Este comportamiento cambi\u00f3 fundamentalmente con la llegada de los motores de b\u00fasqueda modernos. Google, que empez\u00f3 a buscar sistem\u00e1ticamente en la red y a clasificar los sitios web seg\u00fan su relevancia a finales de los a\u00f1os 90, tuvo un impacto especialmente influyente.<\/p>\n<p>Esto cre\u00f3 una forma completamente nueva de acceder a la informaci\u00f3n. Los usuarios ya no ten\u00edan que saber en qu\u00e9 sitio web se encontraban determinados contenidos. En su lugar, pod\u00edan simplemente enviar una consulta de b\u00fasqueda y recibir los resultados adecuados.<\/p>\n<p>Para los operadores de sitios web, esto tambi\u00e9n significaba nuevas oportunidades. Los contenidos pueden encontrarse a trav\u00e9s de los motores de b\u00fasqueda, aunque los visitantes nunca hayan o\u00eddo hablar del sitio web en cuesti\u00f3n.<\/p>\n<p>Esta evoluci\u00f3n puso de manifiesto que los sitios web formaban parte cada vez m\u00e1s de un gran sistema de informaci\u00f3n interconectado. Lo que hab\u00eda empezado como un peque\u00f1o proyecto de web personal se adentraba ahora en un mundo digital cada vez m\u00e1s interconectado, allanando as\u00ed el camino para el siguiente gran paso: la transici\u00f3n a modernos sistemas de gesti\u00f3n de contenidos y nuevas formas de publicaci\u00f3n en l\u00ednea.<\/p>\n<h3>Videoconsejo: C\u00f3mo la comunicaci\u00f3n ha cambiado nuestro mundo<\/h3>\n<p>\u00bfC\u00f3mo ha evolucionado la comunicaci\u00f3n humana a lo largo de la historia y hacia d\u00f3nde nos lleva en la era digital? Un documental de Harald Lesch en el canal Terra X History que merece la pena ver cubre precisamente este arco. El episodio, de 45 minutos de duraci\u00f3n, muestra c\u00f3mo ha evolucionado la comunicaci\u00f3n desde el habla y la escritura hasta el correo electr\u00f3nico y los servicios de mensajer\u00eda e Internet. Tambi\u00e9n revela las tecnolog\u00edas clave que hay detr\u00e1s de la mensajer\u00eda moderna.<\/p>\n<div class=\"lyte-wrapper\" style=\"width:640px;max-width:100%;margin:5px;\"><div class=\"lyMe\" id=\"WYL_hd-rUbWeVgE\"><div id=\"lyte_hd-rUbWeVgE\" data-src=\"https:\/\/www.markus-schall.de\/wp-content\/plugins\/wp-youtube-lyte\/lyteCache.php?origThumbUrl=%2F%2Fi.ytimg.com%2Fvi%2Fhd-rUbWeVgE%2Fhqdefault.jpg\" class=\"pL\"><div class=\"tC\"><div class=\"tT\"><\/div><\/div><div class=\"play\"><\/div><div class=\"ctrl\"><div class=\"Lctrl\"><\/div><div class=\"Rctrl\"><\/div><\/div><\/div><noscript><a href=\"https:\/\/youtu.be\/hd-rUbWeVgE\" rel=\"nofollow noopener\" target=\"_blank\"><img loading=\"lazy\" decoding=\"async\" src=\"https:\/\/www.markus-schall.de\/wp-content\/plugins\/wp-youtube-lyte\/lyteCache.php?origThumbUrl=https%3A%2F%2Fi.ytimg.com%2Fvi%2Fhd-rUbWeVgE%2F0.jpg\" alt=\"Miniatura de v\u00eddeo de YouTube\" width=\"640\" height=\"340\" \/><br \/>Ver este v\u00eddeo en YouTube<\/a><\/noscript><\/div><\/div><div class=\"lL\" style=\"max-width:100%;width:640px;margin:5px;\"><\/div><br \/>\nVoz, tel\u00e9fono y WhatsApp: la historia de la comunicaci\u00f3n con Harald Lesch | <a href=\"https:\/\/www.youtube.com\/@TerraXHistory\" target=\"_blank\" rel=\"nofollow noopener\">Terra X<\/a><\/p>\n<p>Resulta especialmente interesante la perspectiva de la inteligencia artificial y la cuesti\u00f3n de c\u00f3mo la comunicaci\u00f3n digital podr\u00eda cambiar nuestra forma de convivir en el futuro. Una visi\u00f3n informativa de la evoluci\u00f3n de la comunicaci\u00f3n en el mundo digital.<\/p>\n<h2>El gran relanzamiento con WordPress<\/h2>\n<p>Tras muchos a\u00f1os con p\u00e1ginas est\u00e1ticas y experimentos iniciales con diversas tecnolog\u00edas web, en alg\u00fan momento qued\u00f3 claro que la estructura existente del sitio web estaba llegando a sus l\u00edmites. El contenido hab\u00eda crecido con los a\u00f1os, se hab\u00edan a\u00f1adido nuevos temas y, al mismo tiempo, las expectativas de los sitios web modernos segu\u00edan evolucionando.<\/p>\n<p>Mantener muchas p\u00e1ginas HTML individuales resultaba engorroso a largo plazo. Los cambios en la navegaci\u00f3n o el dise\u00f1o a menudo ten\u00edan que hacerse en varios sitios al mismo tiempo. Adem\u00e1s, los nuevos contenidos s\u00f3lo pod\u00edan integrarse con un esfuerzo adicional. Cuanto m\u00e1s extenso era un sitio web, m\u00e1s claro resultaba que una soluci\u00f3n m\u00e1s flexible ten\u00eda sentido.<\/p>\n<p>Al mismo tiempo, los sistemas de gesti\u00f3n de contenidos se hab\u00edan desarrollado considerablemente. Ofrec\u00edan una forma de gestionar los contenidos de forma centralizada y mostrarlos autom\u00e1ticamente en los sitios web. As\u00ed resultaba mucho m\u00e1s f\u00e1cil publicar nuevos art\u00edculos y actualizar los contenidos existentes con mayor rapidez.<\/p>\n<p>En \u00faltima instancia, esta evoluci\u00f3n condujo a la decisi\u00f3n de modernizar radicalmente el sitio web y dotarlo de una nueva base t\u00e9cnica.<\/p>\n<h3>El cambio a WordPress en 2010<\/h3>\n<p>El gran relanzamiento del sitio web basado en WordPress tuvo lugar a finales de 2010. En ese momento, WordPress ya se hab\u00eda consolidado como uno de los sistemas de gesti\u00f3n de contenidos m\u00e1s importantes de Internet. Lanzado originalmente como plataforma de blogs, el sistema se convirti\u00f3 r\u00e1pidamente en una base flexible para muchos tipos diferentes de sitios web.<\/p>\n<p>La gran ventaja era la clara separaci\u00f3n entre contenido y dise\u00f1o. Los textos, im\u00e1genes y art\u00edculos pod\u00edan crearse y organizarse c\u00f3modamente a trav\u00e9s de una interfaz de administraci\u00f3n. El sistema generaba autom\u00e1ticamente las p\u00e1ginas web correspondientes.<\/p>\n<p>Esto facilit\u00f3 mucho la publicaci\u00f3n de nuevos contenidos. En lugar de editar archivos HTML individuales, los art\u00edculos pod\u00edan escribirse y publicarse directamente en el sistema. Al mismo tiempo, segu\u00eda siendo posible personalizar o ampliar el dise\u00f1o del sitio web. Este paso supuso un hito decisivo para el desarrollo posterior del sitio web.<\/p>\n<p><img loading=\"lazy\" decoding=\"async\" class=\"alignnone size-large wp-image-5196\" src=\"https:\/\/www.markus-schall.de\/wp-content\/uploads\/markus-schall-de-2010.jpg\" alt=\"markus-schall.de en WordPress en 2010\" width=\"1024\" height=\"716\" srcset=\"https:\/\/www.markus-schall.de\/wp-content\/uploads\/markus-schall-de-2010.jpg 1024w, https:\/\/www.markus-schall.de\/wp-content\/uploads\/markus-schall-de-2010-300x210.jpg 300w, https:\/\/www.markus-schall.de\/wp-content\/uploads\/markus-schall-de-2010-768x537.jpg 768w, https:\/\/www.markus-schall.de\/wp-content\/uploads\/markus-schall-de-2010-18x12.jpg 18w\" sizes=\"auto, (max-width: 1024px) 100vw, 1024px\" \/><\/p>\n<h3>La estabilidad a largo plazo del sistema<\/h3>\n<p>Otra ventaja de WordPress se hizo especialmente evidente con el tiempo: la estabilidad a largo plazo de la plataforma. Mientras que muchas tecnolog\u00edas web anteriores han desaparecido o han sido sustituidas a lo largo de los a\u00f1os, WordPress ha seguido evolucionando.<\/p>\n<p>Las actualizaciones peri\u00f3dicas mejoraron la seguridad, ampliaron las funciones y adaptaron el sistema a los nuevos requisitos t\u00e9cnicos. Al mismo tiempo, surgi\u00f3 una gran comunidad de desarrolladores en torno a WordPress, que proporcionaba extensiones y plantillas de dise\u00f1o adicionales.<\/p>\n<p>Esta combinaci\u00f3n de estabilidad y capacidad de ampliaci\u00f3n hizo que WordPress resultara atractivo para muchos operadores de sitios web. Las nuevas funciones pod\u00edan integrarse con relativa facilidad sin tener que reconstruir todo el sistema.<\/p>\n<p>Esta estructura tambi\u00e9n result\u00f3 muy ventajosa para mi sitio web. El contenido pod\u00eda ampliarse continuamente mientras se manten\u00eda el sistema b\u00e1sico.<\/p>\n<h3>Un sistema que sigue funcionando<\/h3>\n<p>En retrospectiva, el relanzamiento en 2010 fue un punto de inflexi\u00f3n importante. Se dot\u00f3 al sitio web de una base t\u00e9cnica moderna que podr\u00eda seguir desarroll\u00e1ndose durante muchos a\u00f1os.<\/p>\n<p>Con el tiempo, se introdujeron nuevos dise\u00f1os, se modificaron las ampliaciones y se adaptaron los detalles t\u00e9cnicos. Pero el sistema b\u00e1sico sigui\u00f3 siendo el mismo. Gran parte del contenido actual sigue bas\u00e1ndose en la estructura que se introdujo entonces.<\/p>\n<p>Esta continuidad tambi\u00e9n muestra una caracter\u00edstica especial de Internet: las buenas decisiones t\u00e9cnicas pueden durar muchos a\u00f1os. Un sistema s\u00f3lido puede seguir desarroll\u00e1ndose sin necesidad de reiniciarlo por completo.<\/p>\n<p>El relanzamiento en WordPress no fue s\u00f3lo una modernizaci\u00f3n t\u00e9cnica. Tambi\u00e9n sent\u00f3 las bases de una presencia en l\u00ednea a largo plazo que ha sabido adaptarse a las nuevas necesidades a lo largo de los a\u00f1os, y que a\u00fan hoy se utiliza activamente.<\/p>\n<p><img loading=\"lazy\" decoding=\"async\" class=\"alignnone size-large wp-image-5198\" src=\"https:\/\/www.markus-schall.de\/wp-content\/uploads\/Vom-Modem-zum-Internet-CMS.jpg\" alt=\"Sitio web con CMS como base\" width=\"1024\" height=\"683\" srcset=\"https:\/\/www.markus-schall.de\/wp-content\/uploads\/Vom-Modem-zum-Internet-CMS.jpg 1024w, https:\/\/www.markus-schall.de\/wp-content\/uploads\/Vom-Modem-zum-Internet-CMS-300x200.jpg 300w, https:\/\/www.markus-schall.de\/wp-content\/uploads\/Vom-Modem-zum-Internet-CMS-768x512.jpg 768w, https:\/\/www.markus-schall.de\/wp-content\/uploads\/Vom-Modem-zum-Internet-CMS-18x12.jpg 18w\" sizes=\"auto, (max-width: 1024px) 100vw, 1024px\" \/><\/p>\n<h2>Coherencia digital: por qu\u00e9 merece la pena trabajar pronto en Internet<\/h2>\n<p>Cuando uno echa la vista atr\u00e1s al desarrollo de su propio sitio web hoy en d\u00eda, se da cuenta de lo mucho que ha cambiado Internet en las \u00faltimas d\u00e9cadas. Desde las sencillas p\u00e1ginas HTML que se crearon a finales de los 90, se ha ido desarrollando paso a paso una presencia en l\u00ednea completa.<\/p>\n<p>Casi todo ha cambiado en este tiempo: Las velocidades de Internet, las tecnolog\u00edas de navegaci\u00f3n, los est\u00e1ndares de dise\u00f1o y toda la estructura del mundo online. Han aparecido y desaparecido servicios, han surgido plataformas que luego han sido sustituidas por otras nuevas.<\/p>\n<p>Su propio sitio web, en cambio, suele seguir un ritmo diferente. Crece lentamente, se ampl\u00eda, moderniza y adapta una y otra vez. Los elementos t\u00e9cnicos cambian, pero la idea b\u00e1sica sigue siendo la misma.<\/p>\n<p>A lo largo de los a\u00f1os, el resultado no es s\u00f3lo una colecci\u00f3n de art\u00edculos o p\u00e1ginas, sino una especie de archivo digital: una documentaci\u00f3n de temas, desarrollos y pensamientos surgidos durante un largo periodo de tiempo.<\/p>\n<h3>La importancia de la continuidad digital<\/h3>\n<p>Un aspecto importante de esta evoluci\u00f3n es la continuidad. Muchos proyectos en Internet se crean r\u00e1pidamente y desaparecen con la misma rapidez. Se crean sitios web, se mantienen durante un tiempo y m\u00e1s tarde se abandonan o se sustituyen por nuevos proyectos.<\/p>\n<p>En cambio, un sitio web que se mantiene durante muchos a\u00f1os desarrolla una calidad diferente. Los contenidos se construyen unos sobre otros, los temas se acompa\u00f1an durante m\u00e1s tiempo y los lectores pueden seguir su evoluci\u00f3n.<\/p>\n<p>Esta forma de continuidad digital genera confianza. Quien visita un sitio web que existe desde hace muchos a\u00f1os y se ha ampliado continuamente reconoce r\u00e1pidamente que no se trata de un proyecto a corto plazo.<\/p>\n<p>Al mismo tiempo, esto tambi\u00e9n demuestra una ventaja fundamental de tener tu propio sitio web: Eres independiente de plataformas o redes sociales. El contenido sigue estando disponible donde se public\u00f3 originalmente.<\/p>\n<h3>De la web personal a la revista<\/h3>\n<p>El car\u00e1cter de un sitio web suele cambiar con el tiempo. Lo que en un principio comienza como un proyecto personal puede convertirse gradualmente en una plataforma de mayor envergadura.<\/p>\n<p>Se a\u00f1aden nuevos temas, los contenidos se organizan de forma m\u00e1s estructurada y las p\u00e1ginas individuales se convierten en art\u00edculos completos o en \u00e1reas tem\u00e1ticas enteras. El dise\u00f1o y la implementaci\u00f3n t\u00e9cnica tambi\u00e9n se mejoran continuamente a lo largo de los a\u00f1os.<\/p>\n<p>Paso a paso, un simple sitio web se convierte en una revista que re\u00fane informaci\u00f3n, explora temas en profundidad y puede inspirar a los lectores a reflexionar. Sin embargo, sigue existiendo un n\u00facleo importante: la idea de publicar contenidos de forma independiente y permanente en su propio espacio digital.<\/p>\n<h3>Una lecci\u00f3n de los inicios de Internet<\/h3>\n<p>Los primeros a\u00f1os de Internet han demostrado lo r\u00e1pido que pueden cambiar los avances t\u00e9cnicos. Surgen plataformas, adquieren gran importancia y a veces vuelven a desaparecer con la misma rapidez.<\/p>\n<p>Su propio sitio web, en cambio, es un proyecto a largo plazo. Crece con los a\u00f1os, se adapta a las nuevas tecnolog\u00edas y, aun as\u00ed, sigue siendo un lugar estable en la web.<\/p>\n<p>La conclusi\u00f3n m\u00e1s importante de esta evoluci\u00f3n es quiz\u00e1s bastante sencilla: si empiezas a publicar tus propios contenidos desde el principio y los desarrollas continuamente, con el tiempo crear\u00e1s algo que va mucho m\u00e1s all\u00e1 de art\u00edculos o p\u00e1ginas individuales. El resultado es una base digital que puede durar muchos a\u00f1os, un lugar en Internet que funciona independientemente de las tendencias a corto plazo y que, sin embargo, se adapta constantemente a los nuevos desarrollos.<\/p>\n<p>Y esto es quiz\u00e1s una de las mejores cosas de Internet: el hecho de que peque\u00f1os proyectos nacidos de la curiosidad y la alegr\u00eda de experimentar puedan convertirse en algo duradero con el tiempo.<\/p>\n<h3>Consejo de lectura: Por qu\u00e9 tener tu propia revista es m\u00e1s valioso que la publicidad a largo plazo<\/h3>\n<p><a href=\"https:\/\/www.markus-schall.de\/es\/2026\/01\/por-que-una-revista-de-empresa-es-hoy-mas-importante-que-la-publicidad\/\"><img loading=\"lazy\" decoding=\"async\" class=\"alignright wp-image-3823 size-medium\" src=\"https:\/\/www.markus-schall.de\/wp-content\/uploads\/magazin-gastbeitraege-300x200.jpg\" alt=\"La revista como propiedad\" width=\"300\" height=\"200\" srcset=\"https:\/\/www.markus-schall.de\/wp-content\/uploads\/magazin-gastbeitraege-300x200.jpg 300w, https:\/\/www.markus-schall.de\/wp-content\/uploads\/magazin-gastbeitraege-768x512.jpg 768w, https:\/\/www.markus-schall.de\/wp-content\/uploads\/magazin-gastbeitraege-18x12.jpg 18w, https:\/\/www.markus-schall.de\/wp-content\/uploads\/magazin-gastbeitraege.jpg 1024w\" sizes=\"auto, (max-width: 300px) 100vw, 300px\" \/><\/a>Hoy en d\u00eda, muchas empresas invierten grandes presupuestos en publicidad, redes sociales o plataformas, y a menudo no se dan cuenta de que esta visibilidad es s\u00f3lo prestada. En cuanto dejan de anunciarse o cambian los algoritmos, gran parte del alcance vuelve a desaparecer. En cambio, un \u00e1rea especializada o una revista en su propio sitio web funcionan de otra manera: el contenido permanece permanentemente localizable, se descubre a trav\u00e9s de los motores de b\u00fasqueda y puede seguir creciendo a lo largo de los a\u00f1os. Esto crea gradualmente una reserva de conocimientos y visibilidad que no se alquila, sino que realmente pertenece a la empresa. Exactamente esta idea <a href=\"https:\/\/www.markus-schall.de\/es\/2026\/01\/por-que-una-revista-de-empresa-es-hoy-mas-importante-que-la-publicidad\/\"><strong>explica este art\u00edculo<\/strong><\/a>.<\/p>\n<hr \/>\n\n\t\t\t<div class=\"display-post-types\">\n\n\t\t\t\t\t\t\t<style type=\"text\/css\">\n\t\t\t#dpt-wrapper-420 { --dpt-text-align: left;--dpt-image-crop: center;--dpt-border-radius: 5px;--dpt-h-gutter: 10px;--dpt-v-gutter: 9px; }\t\t\t<\/style>\n\t\t\t<style type=\"text\/css\">#dpt-wrapper-420 { --dpt-title-font-style:normal;--dpt-title-font-weight:600;--dpt-title-line-height:1.5;--dpt-title-text-decoration:none;--dpt-title-text-transform:none;--dpt-excerpt-font-style:normal;--dpt-excerpt-font-weight:400;--dpt-excerpt-line-height:1.5;--dpt-excerpt-text-decoration:none;--dpt-excerpt-text-transform:none;--dpt-meta1-font-style:normal;--dpt-meta1-font-weight:400;--dpt-meta1-line-height:1.9;--dpt-meta1-text-decoration:none;--dpt-meta1-text-transform:none;--dpt-meta2-font-style:normal;--dpt-meta2-font-weight:400;--dpt-meta2-line-height:1.9;--dpt-meta2-text-decoration:none;--dpt-meta2-text-transform:none; }<\/style><div class=\"dpt-main-header\">\n\t\t\t\t\t\t<div class=\"dpt-main-title\">\n\t\t\t\t\t\t\t<span class=\"dpt-main-title-text\">Art\u00edculos de actualidad sobre inteligencia artificial<\/span>\n\t\t\t\t\t\t<\/div>\n\t\t\t\t\t\t\n\t\t\t\t\t\t\n\t\t\t\t\t\t\n\t\t\t\t\t\t<\/div>\t\t\t\n\t\t\t\t<div id=\"dpt-wrapper-420\" class=\"dpt-wrapper dpt-mag1 land1 dpt-cropped dpt-flex-wrap\" >\n\n\t\t\t\t\t\t\t\t\t\t\t<div class=\"dpt-entry has-thumbnail\" data-title=\"als ich mit einem roboter telefonierte \u2013 wie ki das telefon erobert und wie man sie erkennt\" data-id=\"5130\"  data-category=\"allgemein gesellschaft ki-systeme stories &amp; humor\" data-post_tag=\"datenschutz erfahrungen k\u00fcnstliche intelligenz prozesse\">\n\t\t\t\t\t\t\t<div class=\"dpt-entry-wrapper\"><div class=\"dpt-featured-content\"><div class=\"dpt-permalink\"><a href=\"https:\/\/www.markus-schall.de\/es\/2026\/03\/como-ki-conquista-el-telefono-y-como-reconocerlo\/\" class=\"dpt-permalink\"><span class=\"screen-reader-text\">Cuando hablaba por tel\u00e9fono con un robot: c\u00f3mo la IA est\u00e1 conquistando el tel\u00e9fono y c\u00f3mo reconocerla<\/span><\/a><\/div><div class=\"dpt-thumbnail\"><div class=\"dpt-thumbnail-inner\"><img width=\"1024\" height=\"683\" class=\"attachment-full size-full\" alt=\"Conversaci\u00f3n telef\u00f3nica con un robot de inteligencia artificial\" context=\"dpt\" data-dpt-src=\"https:\/\/www.markus-schall.de\/wp-content\/uploads\/Telefonanrufe-KI-Werbung.jpg\" data-dpt-sizes=\"(max-width: 1024px) 100vw, 1024px\" data-dpt-srcset=\"https:\/\/www.markus-schall.de\/wp-content\/uploads\/Telefonanrufe-KI-Werbung.jpg 1024w, https:\/\/www.markus-schall.de\/wp-content\/uploads\/Telefonanrufe-KI-Werbung-300x200.jpg 300w, https:\/\/www.markus-schall.de\/wp-content\/uploads\/Telefonanrufe-KI-Werbung-768x512.jpg 768w, https:\/\/www.markus-schall.de\/wp-content\/uploads\/Telefonanrufe-KI-Werbung-18x12.jpg 18w\" \/><\/div><span class=\"dpt-thumbnail-aspect-ratio\" style=\"padding-top: 75%\"><\/span><\/div><\/div><div class=\"sub-entry\"><h3 class=\"dpt-title\"><a class=\"dpt-title-link\" href=\"https:\/\/www.markus-schall.de\/es\/2026\/03\/como-ki-conquista-el-telefono-y-como-reconocerlo\/\" rel=\"bookmark\">Cuando hablaba por tel\u00e9fono con un robot: c\u00f3mo la IA est\u00e1 conquistando el tel\u00e9fono y c\u00f3mo reconocerla<\/a><\/h3><\/div><\/div>\n\t\t\t\t\t\t<\/div><!-- .dpt-entry -->\n\t\t\t\t\t\t\t\t\t\t\t\t<div class=\"dpt-entry has-thumbnail\" data-title=\"ollama trifft qdrant: ein lokales ged\u00e4chtnis f\u00fcr deine ki auf dem mac\" data-id=\"2502\"  data-category=\"apple macos filemaker &amp; erp ki-systeme tipps &amp; anleitungen\" data-post_tag=\"docker filemaker k\u00fcnstliche intelligenz llama llm mistral neo4j ollama qdrant sprachmodell vektordatenbank\">\n\t\t\t\t\t\t\t<div class=\"dpt-entry-wrapper\"><div class=\"dpt-featured-content\"><div class=\"dpt-permalink\"><a href=\"https:\/\/www.markus-schall.de\/es\/2025\/08\/ollama-meets-qdrant-una-memoria-local-para-tu-ki-en-el-mac\/\" class=\"dpt-permalink\"><span class=\"screen-reader-text\">Ollama se re\u00fane con Qdrant: una memoria local para tu IA en el Mac<\/span><\/a><\/div><div class=\"dpt-thumbnail\"><div class=\"dpt-thumbnail-inner\"><img width=\"1440\" height=\"980\" class=\"attachment-full size-full\" alt=\"Memoria para IA local con Ollama y Qdrant\" context=\"dpt\" data-dpt-src=\"https:\/\/www.markus-schall.de\/wp-content\/uploads\/ollama-qdrant-gedaechtnis.jpg\" data-dpt-sizes=\"(max-width: 1440px) 100vw, 1440px\" data-dpt-srcset=\"https:\/\/www.markus-schall.de\/wp-content\/uploads\/ollama-qdrant-gedaechtnis.jpg 1440w, https:\/\/www.markus-schall.de\/wp-content\/uploads\/ollama-qdrant-gedaechtnis-300x204.jpg 300w, https:\/\/www.markus-schall.de\/wp-content\/uploads\/ollama-qdrant-gedaechtnis-1024x697.jpg 1024w, https:\/\/www.markus-schall.de\/wp-content\/uploads\/ollama-qdrant-gedaechtnis-768x523.jpg 768w, https:\/\/www.markus-schall.de\/wp-content\/uploads\/ollama-qdrant-gedaechtnis-18x12.jpg 18w\" \/><\/div><span class=\"dpt-thumbnail-aspect-ratio\" style=\"padding-top: 75%\"><\/span><\/div><\/div><div class=\"sub-entry\"><h3 class=\"dpt-title\"><a class=\"dpt-title-link\" href=\"https:\/\/www.markus-schall.de\/es\/2025\/08\/ollama-meets-qdrant-una-memoria-local-para-tu-ki-en-el-mac\/\" rel=\"bookmark\">Ollama se re\u00fane con Qdrant: una memoria local para tu IA en el Mac<\/a><\/h3><\/div><\/div>\n\t\t\t\t\t\t<\/div><!-- .dpt-entry -->\n\t\t\t\t\t\t\t\t\t\t\t\t<div class=\"dpt-entry has-thumbnail\" data-title=\"vom content zur substanz: wie digitale systeme entstehen, die nicht kopierbar sind\" data-id=\"5899\"  data-category=\"allgemein b\u00fccher gesellschaft tipps &amp; anleitungen\" data-post_tag=\"buch datenlogik denkmodelle digitales eigentum erfahrungen k\u00fcnstliche intelligenz prozesse publishing ratgeber\">\n\t\t\t\t\t\t\t<div class=\"dpt-entry-wrapper\"><div class=\"dpt-featured-content\"><div class=\"dpt-permalink\"><a href=\"https:\/\/www.markus-schall.de\/es\/2026\/04\/del-contenido-a-la-sustancia-como-se-crean-sistemas-digitales-que-no-pueden-copiarse\/\" class=\"dpt-permalink\"><span class=\"screen-reader-text\">Del contenido a la sustancia: c\u00f3mo se crean sistemas digitales que no se pueden copiar<\/span><\/a><\/div><div class=\"dpt-thumbnail\"><div class=\"dpt-thumbnail-inner\"><img width=\"1024\" height=\"682\" class=\"attachment-full size-full\" alt=\"Sistema en lugar de contenido individual\" context=\"dpt\" data-dpt-src=\"https:\/\/www.markus-schall.de\/wp-content\/uploads\/Organische-Reichweite.jpg\" data-dpt-sizes=\"(max-width: 1024px) 100vw, 1024px\" data-dpt-srcset=\"https:\/\/www.markus-schall.de\/wp-content\/uploads\/Organische-Reichweite.jpg 1024w, https:\/\/www.markus-schall.de\/wp-content\/uploads\/Organische-Reichweite-300x200.jpg 300w, https:\/\/www.markus-schall.de\/wp-content\/uploads\/Organische-Reichweite-768x512.jpg 768w, https:\/\/www.markus-schall.de\/wp-content\/uploads\/Organische-Reichweite-18x12.jpg 18w\" \/><\/div><span class=\"dpt-thumbnail-aspect-ratio\" style=\"padding-top: 75%\"><\/span><\/div><\/div><div class=\"sub-entry\"><h3 class=\"dpt-title\"><a class=\"dpt-title-link\" href=\"https:\/\/www.markus-schall.de\/es\/2026\/04\/del-contenido-a-la-sustancia-como-se-crean-sistemas-digitales-que-no-pueden-copiarse\/\" rel=\"bookmark\">Del contenido a la sustancia: c\u00f3mo se crean sistemas digitales que no se pueden copiar<\/a><\/h3><\/div><\/div>\n\t\t\t\t\t\t<\/div><!-- .dpt-entry -->\n\t\t\t\t\t\t\t\t\t\t\t\t<div class=\"dpt-entry has-thumbnail\" data-title=\"der iran\u2013israel-konflikt: warum diese eskalation der strategische albtraum des westens ist\" data-id=\"5212\"  data-category=\"allgemein gesellschaft\" data-post_tag=\"denkmodelle energiepolitik europa geopolitik krisen k\u00fcnstliche intelligenz meinungsfreiheit sicherheitspolitik spieltheorie\">\n\t\t\t\t\t\t\t<div class=\"dpt-entry-wrapper\"><div class=\"dpt-featured-content\"><div class=\"dpt-permalink\"><a href=\"https:\/\/www.markus-schall.de\/es\/2026\/03\/el-conflicto-iran-israel-por-que-esta-escalada-es-la-pesadilla-estrategica-de-occidente\/\" class=\"dpt-permalink\"><span class=\"screen-reader-text\">El conflicto Ir\u00e1n-Israel: por qu\u00e9 esta escalada es la pesadilla estrat\u00e9gica de Occidente<\/span><\/a><\/div><div class=\"dpt-thumbnail\"><div class=\"dpt-thumbnail-inner\"><img width=\"1024\" height=\"683\" class=\"attachment-full size-full\" alt=\"Israel-Ir\u00e1n - Pesadilla estrat\u00e9gica\" context=\"dpt\" data-dpt-src=\"https:\/\/www.markus-schall.de\/wp-content\/uploads\/Israel-Iran-Strategischer-Albtraum.jpg\" data-dpt-sizes=\"(max-width: 1024px) 100vw, 1024px\" data-dpt-srcset=\"https:\/\/www.markus-schall.de\/wp-content\/uploads\/Israel-Iran-Strategischer-Albtraum.jpg 1024w, https:\/\/www.markus-schall.de\/wp-content\/uploads\/Israel-Iran-Strategischer-Albtraum-300x200.jpg 300w, https:\/\/www.markus-schall.de\/wp-content\/uploads\/Israel-Iran-Strategischer-Albtraum-768x512.jpg 768w, https:\/\/www.markus-schall.de\/wp-content\/uploads\/Israel-Iran-Strategischer-Albtraum-18x12.jpg 18w\" \/><\/div><span class=\"dpt-thumbnail-aspect-ratio\" style=\"padding-top: 75%\"><\/span><\/div><\/div><div class=\"sub-entry\"><h3 class=\"dpt-title\"><a class=\"dpt-title-link\" href=\"https:\/\/www.markus-schall.de\/es\/2026\/03\/el-conflicto-iran-israel-por-que-esta-escalada-es-la-pesadilla-estrategica-de-occidente\/\" rel=\"bookmark\">El conflicto Ir\u00e1n-Israel: por qu\u00e9 esta escalada es la pesadilla estrat\u00e9gica de Occidente<\/a><\/h3><\/div><\/div>\n\t\t\t\t\t\t<\/div><!-- .dpt-entry -->\n\t\t\t\t\t\t\n\t\t\t\t<\/div>\n\t\t\t\t\t\t<\/div>\n\t\t\t\n<hr \/>\n<h2>Preguntas m\u00e1s frecuentes<\/h2>\n<ol>\n<li><strong>\u00bfPor qu\u00e9 empez\u00f3 a trabajar con ordenadores en los a\u00f1os 80?<\/strong><br \/>\nPara mucha gente de la \u00e9poca, la fascinaci\u00f3n por los ordenadores surgi\u00f3 de una mezcla de curiosidad, amor por la experimentaci\u00f3n y la oportunidad completamente nueva de programar algo por s\u00ed mismos. Los ordenadores dom\u00e9sticos no eran s\u00f3lo aparatos para consumir software, sino herramientas para aprender y probar cosas. Si uno quer\u00eda poner en marcha un programa, a menudo ten\u00eda que entender c\u00f3mo funcionaba. Esta primera fase fue especialmente formativa porque la gente trabajaba muy directamente con la tecnolog\u00eda. Escrib\u00edas tus propios programas, modificabas los c\u00f3digos existentes y aprend\u00edas autom\u00e1ticamente c\u00f3mo pensaban los ordenadores. Para muchos entusiastas de la inform\u00e1tica, \u00e9ste fue el comienzo de una larga relaci\u00f3n con la tecnolog\u00eda y los medios digitales.<\/li>\n<li><strong>\u00bfEn qu\u00e9 se diferenciaban los ordenadores dom\u00e9sticos de los a\u00f1os 80 de los ordenadores o smartphones actuales?<\/strong><br \/>\nLas diferencias son enormes. Los ordenadores dom\u00e9sticos como el Commodore o el Atari s\u00f3lo ten\u00edan una peque\u00f1a fracci\u00f3n de la potencia de c\u00e1lculo de los dispositivos modernos. La memoria de trabajo sol\u00eda ser de unos pocos kilobytes o kilobytes, mientras que los smartphones actuales utilizan varios gigabytes. El manejo tambi\u00e9n era diferente: muchos programas se controlaban a trav\u00e9s de simples interfaces de texto y a menudo hab\u00eda que programarse para utilizar determinadas funciones. Al mismo tiempo, esta \u00e9poca ten\u00eda un encanto especial porque se trabajaba muy directamente con la tecnolog\u00eda y no s\u00f3lo se utilizaban aplicaciones ya hechas.<\/li>\n<li><strong>\u00bfQu\u00e9 eran los buzones de correo y por qu\u00e9 eran tan importantes para la comunicaci\u00f3n en l\u00ednea?<\/strong><br \/>\nLos sistemas de buz\u00f3n eran las primeras plataformas en l\u00ednea accesibles a trav\u00e9s de l\u00edneas telef\u00f3nicas. Los usuarios utilizaban un m\u00f3dem para conectarse a un ordenador accesible las 24 horas del d\u00eda. All\u00ed pod\u00edan leer mensajes, escribir mensajes o intercambiar archivos. Estos sistemas eran b\u00e1sicamente una mezcla de foro, servicio de noticias y archivo de archivos. Los buzones fueron tan importantes porque hicieron posible por primera vez las comunidades digitales. La gente pod\u00eda intercambiar informaci\u00f3n a larga distancia mucho antes de que Internet, tal y como la conocemos hoy, estuviera generalizada.<\/li>\n<li><strong>\u00bfC\u00f3mo funcionaba t\u00e9cnicamente la conexi\u00f3n con los buzones?<\/strong><br \/>\nLa conexi\u00f3n se realizaba a trav\u00e9s de los llamados m\u00f3dems. Un m\u00f3dem convert\u00eda los datos digitales del ordenador en sonidos que pod\u00edan transmitirse a trav\u00e9s de una l\u00ednea telef\u00f3nica. En el otro extremo, estos sonidos se convert\u00edan de nuevo en datos. Los t\u00edpicos silbidos y traqueteos que mucha gente recuerda de esta \u00e9poca se produc\u00edan durante la llamada negociaci\u00f3n de la conexi\u00f3n. Los dos m\u00f3dems acordaban una velocidad de transmisi\u00f3n com\u00fan. La conexi\u00f3n era bastante m\u00e1s lenta que las actuales conexiones a Internet, pero permit\u00eda por primera vez la comunicaci\u00f3n digital a grandes distancias.<\/li>\n<li><strong>\u00bfCu\u00e1l era la diferencia entre los sistemas de buz\u00f3n y servicios como AOL o CompuServe?<\/strong><br \/>\nLos sistemas de buzones eran en su mayor\u00eda sistemas m\u00e1s peque\u00f1os e independientes con grupos de usuarios relativamente manejables. AOL y CompuServe, en cambio, eran grandes servicios comerciales en l\u00ednea con infraestructura propia y una amplia gama de contenidos. Mientras que los buzones de correo sol\u00edan estar gestionados por particulares, AOL y CompuServe eran plataformas profesionales con millones de usuarios. Ofrec\u00edan \u00e1reas de informaci\u00f3n estructurada, chats, servicios de correo electr\u00f3nico y muchas otras funciones dentro de un sistema cerrado.<\/li>\n<li><strong>\u00bfPor qu\u00e9 muchos consideraban que AOL era la puerta de entrada a Internet?<\/strong><br \/>\nAOL facilit\u00f3 especialmente el acceso a Internet. El proveedor distribu\u00eda su software masivamente a trav\u00e9s de discos y CD incluidos en revistas de inform\u00e1tica. Una vez instalado, era relativamente f\u00e1cil conectarse y utilizar diversas funciones en l\u00ednea. Para muchos fue su primera experiencia de comunicaci\u00f3n digital. Aunque al principio AOL era t\u00e9cnicamente un sistema cerrado por derecho propio, dio a muchos usuarios la sensaci\u00f3n de formar parte por primera vez de un mundo en l\u00ednea m\u00e1s amplio.<\/li>\n<li><strong>\u00bfCu\u00e1l era la diferencia entre CompuServe y AOL?<\/strong><br \/>\nCompuServe era un servicio en l\u00ednea m\u00e1s antiguo y orientado t\u00e9cnicamente. Mientras que AOL se centraba sobre todo en las funciones sociales y la facilidad de uso, CompuServe ten\u00eda un car\u00e1cter m\u00e1s factual y orientado a la informaci\u00f3n. Muchos usuarios ten\u00edan intereses t\u00e9cnicos o profesionales, y la plataforma ofrec\u00eda numerosos foros especializados y servicios de informaci\u00f3n. Como resultado, CompuServe a menudo parec\u00eda algo m\u00e1s sobrio que AOL, pero tambi\u00e9n desempe\u00f1\u00f3 un papel importante en la historia temprana de Internet.<\/li>\n<li><strong>\u00bfPor qu\u00e9 la DSL supuso un punto de inflexi\u00f3n para Internet?<\/strong><br \/>\nDSL ha cambiado radicalmente Internet porque permite conexiones mucho m\u00e1s r\u00e1pidas y estables. Antes de la DSL, hab\u00eda que llamar por m\u00f3dem y a menudo se pagaba por minuto de conexi\u00f3n. Con DSL, Internet se convirti\u00f3 en una conexi\u00f3n permanente. Pr\u00e1cticamente siempre se estaba en l\u00ednea sin tener que establecer una conexi\u00f3n cada vez. Esto tambi\u00e9n cambi\u00f3 el comportamiento de uso: Los sitios web pod\u00edan ser m\u00e1s completos, surgieron nuevos servicios e Internet se convirti\u00f3 en parte integrante de la vida cotidiana.<\/li>\n<li><strong>\u00bfQu\u00e9 velocidad ten\u00edan las primeras conexiones DSL en comparaci\u00f3n con las actuales?<\/strong><br \/>\nLas primeras conexiones DSL sol\u00edan rondar los 768 kilobits por segundo. Desde la perspectiva actual, esto parece lento, ya que las conexiones modernas suelen alcanzar varios cientos de megabits por segundo. Sin embargo, esta velocidad fue revolucionaria en su momento. De repente, las p\u00e1ginas web se cargaban mucho m\u00e1s r\u00e1pido y los archivos grandes pod\u00edan transferirse en minutos en lugar de horas. Para muchos usuarios, \u00e9ste fue el momento en que Internet se convirti\u00f3 en algo realmente c\u00f3modo por primera vez.<\/li>\n<li><strong>\u00bfC\u00f3mo se crearon los primeros sitios web propios en los a\u00f1os 90?<\/strong><br \/>\nEn los primeros a\u00f1os, los sitios web se escrib\u00edan en su mayor\u00eda directamente en HTML. Mucha gente utilizaba simples editores de texto para crear el c\u00f3digo. M\u00e1s tarde aparecieron programas como Dreamweaver, que facilitaron la creaci\u00f3n de sitios web. Sin embargo, gran parte del trabajo segu\u00eda siendo manual. Cada p\u00e1gina ten\u00eda que crearse y mantenerse individualmente. A pesar de estas limitaciones, fue una \u00e9poca apasionante porque, de repente, todo el mundo pod\u00eda publicar sus propios contenidos en Internet.<\/li>\n<li><strong>\u00bfQu\u00e9 papel desempe\u00f1aron programas como Dreamweaver y Fireworks en el dise\u00f1o web?<\/strong><br \/>\nProgramas como Dreamweaver y Fireworks figuraban entonces entre las herramientas m\u00e1s importantes del dise\u00f1o web. Dreamweaver permit\u00eda dise\u00f1ar sitios web visualmente y editar el c\u00f3digo HTML al mismo tiempo. Fireworks se utilizaba a menudo para crear gr\u00e1ficos web. Ambos programas ayudaron a profesionalizar los sitios web y facilitaron el trabajo con dise\u00f1os, gr\u00e1ficos y elementos de navegaci\u00f3n.<\/li>\n<li><strong>\u00bfPor qu\u00e9 los sitios web est\u00e1ticos han dejado de ser pr\u00e1cticos con el tiempo?<\/strong><br \/>\nLos sitios web est\u00e1ticos constan de archivos HTML individuales. Si se modifica la navegaci\u00f3n o el dise\u00f1o, hay que hacerlo en cada p\u00e1gina. Esto sigue siendo manejable para sitios web peque\u00f1os, pero se convierte r\u00e1pidamente en una gran p\u00e9rdida de tiempo para proyectos m\u00e1s grandes. Por eso se desarrollaron los sistemas de gesti\u00f3n de contenidos, que almacenan los contenidos de forma centralizada en bases de datos y los muestran autom\u00e1ticamente en los sitios web.<\/li>\n<li><strong>\u00bfQu\u00e9 es un sistema de gesti\u00f3n de contenidos y por qu\u00e9 fue un avance importante?<\/strong><br \/>\nUn sistema de gesti\u00f3n de contenidos, o CMS para abreviar, separa el contenido del dise\u00f1o de un sitio web. Los textos, im\u00e1genes y art\u00edculos se almacenan en una base de datos y se muestran autom\u00e1ticamente en las p\u00e1ginas web. Esto facilita la creaci\u00f3n y actualizaci\u00f3n de contenidos. Los sistemas CMS permiten gestionar eficazmente grandes sitios web y publicar regularmente nuevos contenidos.<\/li>\n<li><strong>\u00bfQu\u00e9 papel desempe\u00f1\u00f3 TYPO3 en el desarrollo de los primeros CMS?<\/strong><br \/>\nTYPO3 fue uno de los primeros sistemas potentes de gesti\u00f3n de contenidos que se utiliz\u00f3 sobre todo en un entorno profesional. Permit\u00eda amplias estructuras de sitios web y ofrec\u00eda numerosas funciones para los equipos editoriales y los operadores de sitios web. Para muchos desarrolladores, TYPO3 supuso un paso importante en el desarrollo de las tecnolog\u00edas web modernas.<\/li>\n<li><strong>\u00bfPor qu\u00e9 se decidi\u00f3 m\u00e1s tarde por WordPress?<\/strong><br \/>\nWordPress se ha convertido r\u00e1pidamente en uno de los sistemas de gesti\u00f3n de contenidos m\u00e1s populares de Internet. El sistema es relativamente f\u00e1cil de usar, pero tambi\u00e9n puede ampliarse con gran flexibilidad. Por eso es adecuado tanto para sitios web peque\u00f1os como para proyectos en l\u00ednea de mayor envergadura. El relanzamiento del sitio web en WordPress en 2010 cre\u00f3 una base estable sobre la que el contenido pudo seguir desarroll\u00e1ndose durante muchos a\u00f1os.<\/li>\n<li><strong>\u00bfC\u00f3mo ha cambiado WordPress desde 2010?<\/strong><br \/>\nWordPress no ha dejado de evolucionar en los \u00faltimos a\u00f1os. Nuevas funciones, actualizaciones de seguridad y extensiones han hecho que el sistema sea cada vez m\u00e1s potente. Al mismo tiempo, ha surgido una gran comunidad de desarrolladores que proporciona plugins y plantillas de dise\u00f1o adicionales. Esto ha permitido al sistema seguir el ritmo de los avances t\u00e9cnicos de Internet.<\/li>\n<li><strong>\u00bfPor qu\u00e9 una p\u00e1gina web propia es m\u00e1s valiosa a largo plazo que muchos perfiles de plataformas?<\/strong><br \/>\nSu propio sitio web le ofrece independencia. El contenido no est\u00e1 controlado por reglas o algoritmos de la plataforma, sino que permanece bajo tu propio control. Mientras que las redes sociales pueden cambiar r\u00e1pidamente, su propio sitio web sigue siendo un lugar estable en Internet. El contenido puede permanecer disponible a largo plazo y puede encontrarse a trav\u00e9s de los motores de b\u00fasqueda.<\/li>\n<li><strong>\u00bfQu\u00e9 importancia tiene la continuidad digital en Internet?<\/strong><br \/>\nLa continuidad digital significa que los contenidos permanecen accesibles durante muchos a\u00f1os y se ampl\u00edan continuamente. Los sitios web que se mantienen durante largos periodos de tiempo adquieren una credibilidad especial. Los lectores reconocen que no se trata de proyectos a corto plazo, sino de ofertas de informaci\u00f3n a largo plazo.<\/li>\n<li><strong>\u00bfQu\u00e9 pueden aprender los j\u00f3venes de hoy de los primeros tiempos de Internet?<\/strong><br \/>\nLos primeros a\u00f1os de Internet demuestran lo importantes que son la curiosidad, la experimentaci\u00f3n y el aprendizaje independiente. Muchos de los desarrolladores y operadores de sitios web de entonces adquirieron sus conocimientos por s\u00ed mismos. Cualquiera que inicie hoy sus propios proyectos y trabaje en ellos continuamente puede tener experiencias similares. Internet sigue ofreciendo la oportunidad de hacer realidad tus propias ideas y construir proyectos digitales a largo plazo.<\/li>\n<\/ol>\n<hr \/>\n\n\t\t\t<div class=\"display-post-types\">\n\n\t\t\t\t\t\t\t<style type=\"text\/css\">\n\t\t\t#dpt-wrapper-421 { --dpt-text-align: left;--dpt-image-crop: center;--dpt-border-radius: 5px;--dpt-h-gutter: 10px;--dpt-v-gutter: 9px; }\t\t\t<\/style>\n\t\t\t<style type=\"text\/css\">#dpt-wrapper-421 { --dpt-title-font-style:normal;--dpt-title-font-weight:600;--dpt-title-line-height:1.5;--dpt-title-text-decoration:none;--dpt-title-text-transform:none;--dpt-excerpt-font-style:normal;--dpt-excerpt-font-weight:400;--dpt-excerpt-line-height:1.5;--dpt-excerpt-text-decoration:none;--dpt-excerpt-text-transform:none;--dpt-meta1-font-style:normal;--dpt-meta1-font-weight:400;--dpt-meta1-line-height:1.9;--dpt-meta1-text-decoration:none;--dpt-meta1-text-transform:none;--dpt-meta2-font-style:normal;--dpt-meta2-font-weight:400;--dpt-meta2-line-height:1.9;--dpt-meta2-text-decoration:none;--dpt-meta2-text-transform:none; }<\/style><div class=\"dpt-main-header\">\n\t\t\t\t\t\t<div class=\"dpt-main-title\">\n\t\t\t\t\t\t\t<span class=\"dpt-main-title-text\">Art\u00edculos de actualidad sobre arte y cultura<\/span>\n\t\t\t\t\t\t<\/div>\n\t\t\t\t\t\t\n\t\t\t\t\t\t\n\t\t\t\t\t\t\n\t\t\t\t\t\t<\/div>\t\t\t\n\t\t\t\t<div id=\"dpt-wrapper-421\" class=\"dpt-wrapper dpt-mag1 land1 dpt-cropped dpt-flex-wrap\" >\n\n\t\t\t\t\t\t\t\t\t\t\t<div class=\"dpt-entry has-thumbnail\" data-title=\"ulrike gu\u00e9rot: eine europ\u00e4erin zwischen idee, universit\u00e4t und \u00f6ffentlichem diskurs\" data-id=\"4039\"  data-category=\"allgemein gesellschaft kunst &amp; kultur\" data-post_tag=\"denkmodelle deutschland europa geopolitik krisen meinungsfreiheit portrait sicherheitspolitik spieltheorie\">\n\t\t\t\t\t\t\t<div class=\"dpt-entry-wrapper\"><div class=\"dpt-featured-content\"><div class=\"dpt-permalink\"><a href=\"https:\/\/www.markus-schall.de\/es\/2025\/12\/ulrike-guerot-una-europea-entre-la-idea-de-universidad-y-el-discurso-publico\/\" class=\"dpt-permalink\"><span class=\"screen-reader-text\">Ulrike Gu\u00e9rot: Una europea entre la idea, la universidad y el discurso p\u00fablico<\/span><\/a><\/div><div class=\"dpt-thumbnail\"><div class=\"dpt-thumbnail-inner\"><img width=\"1024\" height=\"683\" class=\"attachment-full size-full\" alt=\"Ulrike Gu\u00e9rot y Europa\" context=\"dpt\" data-dpt-src=\"https:\/\/www.markus-schall.de\/wp-content\/uploads\/ulrike-guerot-portrait.jpg\" data-dpt-sizes=\"(max-width: 1024px) 100vw, 1024px\" data-dpt-srcset=\"https:\/\/www.markus-schall.de\/wp-content\/uploads\/ulrike-guerot-portrait.jpg 1024w, https:\/\/www.markus-schall.de\/wp-content\/uploads\/ulrike-guerot-portrait-300x200.jpg 300w, https:\/\/www.markus-schall.de\/wp-content\/uploads\/ulrike-guerot-portrait-768x512.jpg 768w, https:\/\/www.markus-schall.de\/wp-content\/uploads\/ulrike-guerot-portrait-18x12.jpg 18w\" \/><\/div><span class=\"dpt-thumbnail-aspect-ratio\" style=\"padding-top: 75%\"><\/span><\/div><\/div><div class=\"sub-entry\"><h3 class=\"dpt-title\"><a class=\"dpt-title-link\" href=\"https:\/\/www.markus-schall.de\/es\/2025\/12\/ulrike-guerot-una-europea-entre-la-idea-de-universidad-y-el-discurso-publico\/\" rel=\"bookmark\">Ulrike Gu\u00e9rot: Una europea entre la idea, la universidad y el discurso p\u00fablico<\/a><\/h3><\/div><\/div>\n\t\t\t\t\t\t<\/div><!-- .dpt-entry -->\n\t\t\t\t\t\t\t\t\t\t\t\t<div class=\"dpt-entry has-thumbnail\" data-title=\"spieltheorie erkl\u00e4rt 25 jahre geopolitik: wie europa seine strategische rolle verlor\" data-id=\"3850\"  data-category=\"allgemein gesellschaft kunst &amp; kultur\" data-post_tag=\"denkmodelle deutschland energiepolitik eu-gesetze europa geopolitik krisen sicherheitspolitik spieltheorie\">\n\t\t\t\t\t\t\t<div class=\"dpt-entry-wrapper\"><div class=\"dpt-featured-content\"><div class=\"dpt-permalink\"><a href=\"https:\/\/www.markus-schall.de\/es\/2025\/12\/la-teoria-de-juegos-explica-25-anos-de-geopolitica-como-perdio-europa-su-papel-estrategico\/\" class=\"dpt-permalink\"><span class=\"screen-reader-text\">La teor\u00eda de juegos explica 25 a\u00f1os de geopol\u00edtica: c\u00f3mo Europa perdi\u00f3 su papel estrat\u00e9gico<\/span><\/a><\/div><div class=\"dpt-thumbnail\"><div class=\"dpt-thumbnail-inner\"><img width=\"1024\" height=\"765\" class=\"attachment-full size-full\" alt=\"La teor\u00eda de juegos explica 25 a\u00f1os de geopol\u00edtica\" context=\"dpt\" data-dpt-src=\"https:\/\/www.markus-schall.de\/wp-content\/uploads\/europa-russland-spieltheorie.jpg\" data-dpt-sizes=\"(max-width: 1024px) 100vw, 1024px\" data-dpt-srcset=\"https:\/\/www.markus-schall.de\/wp-content\/uploads\/europa-russland-spieltheorie.jpg 1024w, https:\/\/www.markus-schall.de\/wp-content\/uploads\/europa-russland-spieltheorie-300x224.jpg 300w, https:\/\/www.markus-schall.de\/wp-content\/uploads\/europa-russland-spieltheorie-768x574.jpg 768w, https:\/\/www.markus-schall.de\/wp-content\/uploads\/europa-russland-spieltheorie-16x12.jpg 16w\" \/><\/div><span class=\"dpt-thumbnail-aspect-ratio\" style=\"padding-top: 75%\"><\/span><\/div><\/div><div class=\"sub-entry\"><h3 class=\"dpt-title\"><a class=\"dpt-title-link\" href=\"https:\/\/www.markus-schall.de\/es\/2025\/12\/la-teoria-de-juegos-explica-25-anos-de-geopolitica-como-perdio-europa-su-papel-estrategico\/\" rel=\"bookmark\">La teor\u00eda de juegos explica 25 a\u00f1os de geopol\u00edtica: c\u00f3mo Europa perdi\u00f3 su papel estrat\u00e9gico<\/a><\/h3><\/div><\/div>\n\t\t\t\t\t\t<\/div><!-- .dpt-entry -->\n\t\t\t\t\t\t\t\t\t\t\t\t<div class=\"dpt-entry has-thumbnail\" data-title=\"wenn pflicht wieder pflicht wird. eine art essay von herrn von l&#8217;oreot.\" data-id=\"3010\"  data-category=\"allgemein gesellschaft kunst &amp; kultur stories &amp; humor\" data-post_tag=\"deutschland erfahrungen geopolitik krisen pers\u00f6nlichkeitsentwicklung sicherheitspolitik\">\n\t\t\t\t\t\t\t<div class=\"dpt-entry-wrapper\"><div class=\"dpt-featured-content\"><div class=\"dpt-permalink\"><a href=\"https:\/\/www.markus-schall.de\/es\/2025\/10\/cuando-el-deber-vuelve-a-ser-deber-una-especie-de-ensayo-del-sr-von-loreot\/\" class=\"dpt-permalink\"><span class=\"screen-reader-text\">Cuando el deber vuelve a ser deber. Una especie de ensayo del Sr. von L'oreot.<\/span><\/a><\/div><div class=\"dpt-thumbnail\"><div class=\"dpt-thumbnail-inner\"><img width=\"1024\" height=\"683\" class=\"attachment-full size-full\" alt=\"Una llamada inesperada\" context=\"dpt\" data-dpt-src=\"https:\/\/www.markus-schall.de\/wp-content\/uploads\/loreot-pflicht-anruf.jpg\" data-dpt-sizes=\"(max-width: 1024px) 100vw, 1024px\" data-dpt-srcset=\"https:\/\/www.markus-schall.de\/wp-content\/uploads\/loreot-pflicht-anruf.jpg 1024w, https:\/\/www.markus-schall.de\/wp-content\/uploads\/loreot-pflicht-anruf-300x200.jpg 300w, https:\/\/www.markus-schall.de\/wp-content\/uploads\/loreot-pflicht-anruf-768x512.jpg 768w, https:\/\/www.markus-schall.de\/wp-content\/uploads\/loreot-pflicht-anruf-18x12.jpg 18w\" \/><\/div><span class=\"dpt-thumbnail-aspect-ratio\" style=\"padding-top: 75%\"><\/span><\/div><\/div><div class=\"sub-entry\"><h3 class=\"dpt-title\"><a class=\"dpt-title-link\" href=\"https:\/\/www.markus-schall.de\/es\/2025\/10\/cuando-el-deber-vuelve-a-ser-deber-una-especie-de-ensayo-del-sr-von-loreot\/\" rel=\"bookmark\">Cuando el deber vuelve a ser deber. Una especie de ensayo del Sr. von L'oreot.<\/a><\/h3><\/div><\/div>\n\t\t\t\t\t\t<\/div><!-- .dpt-entry -->\n\t\t\t\t\t\t\t\t\t\t\t\t<div class=\"dpt-entry has-thumbnail\" data-title=\"dieter bohlen im klartext: warum deutschland an der eigenen b\u00fcrokratie scheitert\" data-id=\"3546\"  data-category=\"allgemein b\u00fccher gesellschaft kunst &amp; kultur\" data-post_tag=\"buch deutschland erfahrungen krisen meinungsfreiheit musik\">\n\t\t\t\t\t\t\t<div class=\"dpt-entry-wrapper\"><div class=\"dpt-featured-content\"><div class=\"dpt-permalink\"><a href=\"https:\/\/www.markus-schall.de\/es\/2025\/11\/dieter-bohlen-en-lenguaje-llano-por-que-alemania-fracasa-a-causa-de-su-propia-burocracia\/\" class=\"dpt-permalink\"><span class=\"screen-reader-text\">Dieter Bohlen en lenguaje llano: Por qu\u00e9 Alemania fracasa por culpa de su propia burocracia<\/span><\/a><\/div><div class=\"dpt-thumbnail\"><div class=\"dpt-thumbnail-inner\"><img width=\"1536\" height=\"1024\" class=\"attachment-full size-full\" alt=\"Dieter Bohlen en conversaci\u00f3n con Dominik Kettner\" context=\"dpt\" data-dpt-src=\"https:\/\/www.markus-schall.de\/wp-content\/uploads\/bohlen-kettner-germany.jpg\" data-dpt-sizes=\"(max-width: 1536px) 100vw, 1536px\" data-dpt-srcset=\"https:\/\/www.markus-schall.de\/wp-content\/uploads\/bohlen-kettner-germany.jpg 1536w, https:\/\/www.markus-schall.de\/wp-content\/uploads\/bohlen-kettner-germany-300x200.jpg 300w, https:\/\/www.markus-schall.de\/wp-content\/uploads\/bohlen-kettner-germany-1024x683.jpg 1024w, https:\/\/www.markus-schall.de\/wp-content\/uploads\/bohlen-kettner-germany-768x512.jpg 768w, https:\/\/www.markus-schall.de\/wp-content\/uploads\/bohlen-kettner-germany-18x12.jpg 18w\" \/><\/div><span class=\"dpt-thumbnail-aspect-ratio\" style=\"padding-top: 75%\"><\/span><\/div><\/div><div class=\"sub-entry\"><h3 class=\"dpt-title\"><a class=\"dpt-title-link\" href=\"https:\/\/www.markus-schall.de\/es\/2025\/11\/dieter-bohlen-en-lenguaje-llano-por-que-alemania-fracasa-a-causa-de-su-propia-burocracia\/\" rel=\"bookmark\">Dieter Bohlen en lenguaje llano: Por qu\u00e9 Alemania fracasa por culpa de su propia burocracia<\/a><\/h3><\/div><\/div>\n\t\t\t\t\t\t<\/div><!-- .dpt-entry -->\n\t\t\t\t\t\t\n\t\t\t\t<\/div>\n\t\t\t\t\t\t<\/div>\n\t\t\t\n<hr \/>","protected":false},"excerpt":{"rendered":"<p>Hoy en d\u00eda, un smartphone contiene m\u00e1s potencia de c\u00e1lculo que salas enteras de ordenadores. En los a\u00f1os 80, las cosas eran completamente distintas. Los ordenadores eran raros, caros y, para mucha gente, una m\u00e1quina misteriosa. Por aquel entonces, quien ten\u00eda su propio ordenador en casa pertenec\u00eda a un peque\u00f1o grupo de manitas, inventores y curiosos. Lo emocionante ... <a title=\"Dieter Bohlen en lenguaje llano: Por qu\u00e9 Alemania fracasa por culpa de su propia burocracia\" class=\"read-more\" href=\"https:\/\/www.markus-schall.de\/es\/2025\/11\/dieter-bohlen-en-lenguaje-llano-por-que-alemania-fracasa-a-causa-de-su-propia-burocracia\/\" aria-label=\"Leer m\u00e1s sobre Dieter Bohlen en lenguaje llano: Por qu\u00e9 Alemania fracasa por culpa de su propia burocracia\">Vaciar m\u00e1s<\/a><\/p>","protected":false},"author":1,"featured_media":5191,"comment_status":"open","ping_status":"open","sticky":false,"template":"","format":"standard","meta":{"iawp_total_views":34,"footnotes":""},"categories":[1,15,147,235],"tags":[10,473,458,428,442,460],"class_list":["post-5183","post","type-post","status-publish","format-standard","has-post-thumbnail","hentry","category-allgemein","category-apple-macos","category-hardware","category-stories-humor","tag-apple","tag-digitales-eigentum","tag-erfahrungen","tag-lernen","tag-prozesse","tag-publishing"],"_links":{"self":[{"href":"https:\/\/www.markus-schall.de\/es\/wp-json\/wp\/v2\/posts\/5183","targetHints":{"allow":["GET"]}}],"collection":[{"href":"https:\/\/www.markus-schall.de\/es\/wp-json\/wp\/v2\/posts"}],"about":[{"href":"https:\/\/www.markus-schall.de\/es\/wp-json\/wp\/v2\/types\/post"}],"author":[{"embeddable":true,"href":"https:\/\/www.markus-schall.de\/es\/wp-json\/wp\/v2\/users\/1"}],"replies":[{"embeddable":true,"href":"https:\/\/www.markus-schall.de\/es\/wp-json\/wp\/v2\/comments?post=5183"}],"version-history":[{"count":8,"href":"https:\/\/www.markus-schall.de\/es\/wp-json\/wp\/v2\/posts\/5183\/revisions"}],"predecessor-version":[{"id":5866,"href":"https:\/\/www.markus-schall.de\/es\/wp-json\/wp\/v2\/posts\/5183\/revisions\/5866"}],"wp:featuredmedia":[{"embeddable":true,"href":"https:\/\/www.markus-schall.de\/es\/wp-json\/wp\/v2\/media\/5191"}],"wp:attachment":[{"href":"https:\/\/www.markus-schall.de\/es\/wp-json\/wp\/v2\/media?parent=5183"}],"wp:term":[{"taxonomy":"category","embeddable":true,"href":"https:\/\/www.markus-schall.de\/es\/wp-json\/wp\/v2\/categories?post=5183"},{"taxonomy":"post_tag","embeddable":true,"href":"https:\/\/www.markus-schall.de\/es\/wp-json\/wp\/v2\/tags?post=5183"}],"curies":[{"name":"wp","href":"https:\/\/api.w.org\/{rel}","templated":true}]}}