{"id":5212,"date":"2026-03-12T05:25:40","date_gmt":"2026-03-12T05:25:40","guid":{"rendered":"https:\/\/www.markus-schall.de\/?p=5212"},"modified":"2026-04-27T07:15:41","modified_gmt":"2026-04-27T07:15:41","slug":"el-conflicto-iran-israel-por-que-esta-escalada-es-la-pesadilla-estrategica-de-occidente","status":"publish","type":"post","link":"https:\/\/www.markus-schall.de\/es\/2026\/03\/el-conflicto-iran-israel-por-que-esta-escalada-es-la-pesadilla-estrategica-de-occidente\/","title":{"rendered":"El conflicto Ir\u00e1n-Israel: por qu\u00e9 esta escalada es la pesadilla estrat\u00e9gica de Occidente"},"content":{"rendered":"<p>Hay momentos en la historia en los que percibes que algo est\u00e1 cambiando. No bruscamente, no con una sola decisi\u00f3n, sino como una l\u00ednea que recorre lenta pero inexorablemente el polvo de viejas certezas. Los \u00faltimos d\u00edas han sido momentos as\u00ed. Durante mucho tiempo me pregunt\u00e9 si realmente deb\u00eda escribir este editorial; al fin y al cabo, ya he tratado en detalle el tema de Ir\u00e1n en otra ocasi\u00f3n y he dejado claro que s\u00f3lo se puede entender este pa\u00eds y sus estructuras de poder si se observan las l\u00edneas de hace d\u00e9cadas. Pero son precisamente estas l\u00edneas las que ahora se han hecho visibles de nuevo, con m\u00e1s claridad que nunca.<\/p>\n<p>Lo que me hace levantarme y prestar atenci\u00f3n no son s\u00f3lo los hechos concretos: los ataques nocturnos, la sobrecarga de las defensas antimisiles israel\u00edes, la ret\u00f3rica de los l\u00edderes pol\u00edticos, el creciente cambio de poder en el trasfondo. Es el patr\u00f3n subyacente: la sensaci\u00f3n de que estamos ante un conflicto que entra en una fase que ser\u00e1 una pesadilla para cualquier estratega. Y precisamente por eso escribo este art\u00edculo: porque muchos ven la superficie, pero casi nadie entiende lo que se est\u00e1 cociendo debajo.<!--more--><\/p>\n<p>Y porque creo que vivimos en una \u00e9poca en la que los ciudadanos tienen que volver a aprender a pensar con los ojos abiertos. No con p\u00e1nico ni sumisi\u00f3n, sino con sobriedad. Eso es exactamente lo que intento hacer con este art\u00edculo: Orientar, sin blanquear, y mostrar por qu\u00e9 este conflicto ha alcanzado una nueva calidad que Occidente no ha experimentado de esta forma desde hace mucho tiempo.<\/p>\n<hr \/>\n\n\t\t\t<div class=\"display-post-types\">\n\n\t\t\t\t\t\t\t<style type=\"text\/css\">\n\t\t\t#dpt-wrapper-298 { --dpt-text-align: left;--dpt-image-crop: center;--dpt-border-radius: 5px;--dpt-h-gutter: 10px;--dpt-v-gutter: 9px; }\t\t\t<\/style>\n\t\t\t<style type=\"text\/css\">#dpt-wrapper-298 { --dpt-title-font-style:normal;--dpt-title-font-weight:600;--dpt-title-line-height:1.5;--dpt-title-text-decoration:none;--dpt-title-text-transform:none;--dpt-excerpt-font-style:normal;--dpt-excerpt-font-weight:400;--dpt-excerpt-line-height:1.5;--dpt-excerpt-text-decoration:none;--dpt-excerpt-text-transform:none;--dpt-meta1-font-style:normal;--dpt-meta1-font-weight:400;--dpt-meta1-line-height:1.9;--dpt-meta1-text-decoration:none;--dpt-meta1-text-transform:none;--dpt-meta2-font-style:normal;--dpt-meta2-font-weight:400;--dpt-meta2-line-height:1.9;--dpt-meta2-text-decoration:none;--dpt-meta2-text-transform:none; }<\/style><div class=\"dpt-main-header\">\n\t\t\t\t\t\t<div class=\"dpt-main-title\">\n\t\t\t\t\t\t\t<span class=\"dpt-main-title-text\">Art\u00edculos de actualidad sobre arte y cultura<\/span>\n\t\t\t\t\t\t<\/div>\n\t\t\t\t\t\t\n\t\t\t\t\t\t\n\t\t\t\t\t\t\n\t\t\t\t\t\t<\/div>\t\t\t\n\t\t\t\t<div id=\"dpt-wrapper-298\" class=\"dpt-wrapper dpt-mag1 land1 dpt-cropped dpt-flex-wrap\" >\n\n\t\t\t\t\t\t\t\t\t\t\t<div class=\"dpt-entry has-thumbnail\" data-title=\"die krimtataren \u2013 geschichte, herkunft und gegenwart eines vergessenen volkes\" data-id=\"4154\"  data-category=\"allgemein gesellschaft kunst &amp; kultur\" data-post_tag=\"europa geopolitik krisen meinungsfreiheit\">\n\t\t\t\t\t\t\t<div class=\"dpt-entry-wrapper\"><div class=\"dpt-featured-content\"><div class=\"dpt-permalink\"><a href=\"https:\/\/www.markus-schall.de\/es\/2025\/12\/los-tartaros-de-crimea-historia-origen-y-presente-de-un-pueblo-olvidado\/\" class=\"dpt-permalink\"><span class=\"screen-reader-text\">Los t\u00e1rtaros de Crimea: historia, or\u00edgenes y presente de un pueblo olvidado<\/span><\/a><\/div><div class=\"dpt-thumbnail\"><div class=\"dpt-thumbnail-inner\"><img width=\"1024\" height=\"683\" class=\"attachment-full size-full\" alt=\"Estepa t\u00e1rtaro-crimea\" context=\"dpt\" data-dpt-src=\"https:\/\/www.markus-schall.de\/wp-content\/uploads\/Krimtartaren-Steppe.jpg\" data-dpt-sizes=\"(max-width: 1024px) 100vw, 1024px\" data-dpt-srcset=\"https:\/\/www.markus-schall.de\/wp-content\/uploads\/Krimtartaren-Steppe.jpg 1024w, https:\/\/www.markus-schall.de\/wp-content\/uploads\/Krimtartaren-Steppe-300x200.jpg 300w, https:\/\/www.markus-schall.de\/wp-content\/uploads\/Krimtartaren-Steppe-768x512.jpg 768w, https:\/\/www.markus-schall.de\/wp-content\/uploads\/Krimtartaren-Steppe-18x12.jpg 18w\" \/><\/div><span class=\"dpt-thumbnail-aspect-ratio\" style=\"padding-top: 75%\"><\/span><\/div><\/div><div class=\"sub-entry\"><h3 class=\"dpt-title\"><a class=\"dpt-title-link\" href=\"https:\/\/www.markus-schall.de\/es\/2025\/12\/los-tartaros-de-crimea-historia-origen-y-presente-de-un-pueblo-olvidado\/\" rel=\"bookmark\">Los t\u00e1rtaros de Crimea: historia, or\u00edgenes y presente de un pueblo olvidado<\/a><\/h3><\/div><\/div>\n\t\t\t\t\t\t<\/div><!-- .dpt-entry -->\n\t\t\t\t\t\t\t\t\t\t\t\t<div class=\"dpt-entry has-thumbnail\" data-title=\"wenn pflicht wieder pflicht wird. eine art essay von herrn von l&#8217;oreot.\" data-id=\"3010\"  data-category=\"allgemein gesellschaft kunst &amp; kultur stories &amp; humor\" data-post_tag=\"deutschland erfahrungen geopolitik krisen pers\u00f6nlichkeitsentwicklung sicherheitspolitik\">\n\t\t\t\t\t\t\t<div class=\"dpt-entry-wrapper\"><div class=\"dpt-featured-content\"><div class=\"dpt-permalink\"><a href=\"https:\/\/www.markus-schall.de\/es\/2025\/10\/cuando-el-deber-vuelve-a-ser-deber-una-especie-de-ensayo-del-sr-von-loreot\/\" class=\"dpt-permalink\"><span class=\"screen-reader-text\">Cuando el deber vuelve a ser deber. Una especie de ensayo del Sr. von L'oreot.<\/span><\/a><\/div><div class=\"dpt-thumbnail\"><div class=\"dpt-thumbnail-inner\"><img width=\"1024\" height=\"683\" class=\"attachment-full size-full\" alt=\"Una llamada inesperada\" context=\"dpt\" data-dpt-src=\"https:\/\/www.markus-schall.de\/wp-content\/uploads\/loreot-pflicht-anruf.jpg\" data-dpt-sizes=\"(max-width: 1024px) 100vw, 1024px\" data-dpt-srcset=\"https:\/\/www.markus-schall.de\/wp-content\/uploads\/loreot-pflicht-anruf.jpg 1024w, https:\/\/www.markus-schall.de\/wp-content\/uploads\/loreot-pflicht-anruf-300x200.jpg 300w, https:\/\/www.markus-schall.de\/wp-content\/uploads\/loreot-pflicht-anruf-768x512.jpg 768w, https:\/\/www.markus-schall.de\/wp-content\/uploads\/loreot-pflicht-anruf-18x12.jpg 18w\" \/><\/div><span class=\"dpt-thumbnail-aspect-ratio\" style=\"padding-top: 75%\"><\/span><\/div><\/div><div class=\"sub-entry\"><h3 class=\"dpt-title\"><a class=\"dpt-title-link\" href=\"https:\/\/www.markus-schall.de\/es\/2025\/10\/cuando-el-deber-vuelve-a-ser-deber-una-especie-de-ensayo-del-sr-von-loreot\/\" rel=\"bookmark\">Cuando el deber vuelve a ser deber. Una especie de ensayo del Sr. von L'oreot.<\/a><\/h3><\/div><\/div>\n\t\t\t\t\t\t<\/div><!-- .dpt-entry -->\n\t\t\t\t\t\t\t\t\t\t\t\t<div class=\"dpt-entry has-thumbnail\" data-title=\"johann sebastian bach \u2013 ordnung, haltung und das fundament unserer musik\" data-id=\"5033\"  data-category=\"allgemein gesellschaft kunst &amp; kultur\" data-post_tag=\"deutschland musik portrait\">\n\t\t\t\t\t\t\t<div class=\"dpt-entry-wrapper\"><div class=\"dpt-featured-content\"><div class=\"dpt-permalink\"><a href=\"https:\/\/www.markus-schall.de\/es\/2026\/02\/johann-sebastian-bach-orden-actitud-y-fundamento-de-nuestra-musica\/\" class=\"dpt-permalink\"><span class=\"screen-reader-text\">Johann Sebastian Bach: orden, actitud y fundamento de nuestra m\u00fasica<\/span><\/a><\/div><div class=\"dpt-thumbnail\"><div class=\"dpt-thumbnail-inner\"><img width=\"1024\" height=\"683\" class=\"attachment-full size-full\" alt=\"Retrato de Johann Sebastian Bach\" context=\"dpt\" data-dpt-src=\"https:\/\/www.markus-schall.de\/wp-content\/uploads\/Johann-Sebastian-Bach-Portrait.jpg\" data-dpt-sizes=\"(max-width: 1024px) 100vw, 1024px\" data-dpt-srcset=\"https:\/\/www.markus-schall.de\/wp-content\/uploads\/Johann-Sebastian-Bach-Portrait.jpg 1024w, https:\/\/www.markus-schall.de\/wp-content\/uploads\/Johann-Sebastian-Bach-Portrait-300x200.jpg 300w, https:\/\/www.markus-schall.de\/wp-content\/uploads\/Johann-Sebastian-Bach-Portrait-768x512.jpg 768w, https:\/\/www.markus-schall.de\/wp-content\/uploads\/Johann-Sebastian-Bach-Portrait-18x12.jpg 18w\" \/><\/div><span class=\"dpt-thumbnail-aspect-ratio\" style=\"padding-top: 75%\"><\/span><\/div><\/div><div class=\"sub-entry\"><h3 class=\"dpt-title\"><a class=\"dpt-title-link\" href=\"https:\/\/www.markus-schall.de\/es\/2026\/02\/johann-sebastian-bach-orden-actitud-y-fundamento-de-nuestra-musica\/\" rel=\"bookmark\">Johann Sebastian Bach: orden, actitud y fundamento de nuestra m\u00fasica<\/a><\/h3><\/div><\/div>\n\t\t\t\t\t\t<\/div><!-- .dpt-entry -->\n\t\t\t\t\t\t\t\t\t\t\t\t<div class=\"dpt-entry has-thumbnail\" data-title=\"spieltheorie erkl\u00e4rt 25 jahre geopolitik: wie europa seine strategische rolle verlor\" data-id=\"3850\"  data-category=\"allgemein gesellschaft kunst &amp; kultur\" data-post_tag=\"denkmodelle deutschland energiepolitik eu-gesetze europa geopolitik krisen sicherheitspolitik spieltheorie\">\n\t\t\t\t\t\t\t<div class=\"dpt-entry-wrapper\"><div class=\"dpt-featured-content\"><div class=\"dpt-permalink\"><a href=\"https:\/\/www.markus-schall.de\/es\/2025\/12\/la-teoria-de-juegos-explica-25-anos-de-geopolitica-como-perdio-europa-su-papel-estrategico\/\" class=\"dpt-permalink\"><span class=\"screen-reader-text\">La teor\u00eda de juegos explica 25 a\u00f1os de geopol\u00edtica: c\u00f3mo Europa perdi\u00f3 su papel estrat\u00e9gico<\/span><\/a><\/div><div class=\"dpt-thumbnail\"><div class=\"dpt-thumbnail-inner\"><img width=\"1024\" height=\"765\" class=\"attachment-full size-full\" alt=\"La teor\u00eda de juegos explica 25 a\u00f1os de geopol\u00edtica\" context=\"dpt\" data-dpt-src=\"https:\/\/www.markus-schall.de\/wp-content\/uploads\/europa-russland-spieltheorie.jpg\" data-dpt-sizes=\"(max-width: 1024px) 100vw, 1024px\" data-dpt-srcset=\"https:\/\/www.markus-schall.de\/wp-content\/uploads\/europa-russland-spieltheorie.jpg 1024w, https:\/\/www.markus-schall.de\/wp-content\/uploads\/europa-russland-spieltheorie-300x224.jpg 300w, https:\/\/www.markus-schall.de\/wp-content\/uploads\/europa-russland-spieltheorie-768x574.jpg 768w, https:\/\/www.markus-schall.de\/wp-content\/uploads\/europa-russland-spieltheorie-16x12.jpg 16w\" \/><\/div><span class=\"dpt-thumbnail-aspect-ratio\" style=\"padding-top: 75%\"><\/span><\/div><\/div><div class=\"sub-entry\"><h3 class=\"dpt-title\"><a class=\"dpt-title-link\" href=\"https:\/\/www.markus-schall.de\/es\/2025\/12\/la-teoria-de-juegos-explica-25-anos-de-geopolitica-como-perdio-europa-su-papel-estrategico\/\" rel=\"bookmark\">La teor\u00eda de juegos explica 25 a\u00f1os de geopol\u00edtica: c\u00f3mo Europa perdi\u00f3 su papel estrat\u00e9gico<\/a><\/h3><\/div><\/div>\n\t\t\t\t\t\t<\/div><!-- .dpt-entry -->\n\t\t\t\t\t\t\n\t\t\t\t<\/div>\n\t\t\t\t\t\t<\/div>\n\t\t\t\n<hr \/>\n<h2>\u00daltimas noticias sobre el conflicto Israel-Ir\u00e1n<\/h2>\n<p><strong>13.04.2026<\/strong>: Tras el fracaso de las negociaciones entre Estados Unidos e Ir\u00e1n, el presidente estadounidense, Donald Trump, ha ordenado un bloqueo naval en el estrecho de Ormuz. El objetivo de la medida es impedir sobre todo las exportaciones de petr\u00f3leo iran\u00ed y aumentar as\u00ed considerablemente la presi\u00f3n econ\u00f3mica sobre Teher\u00e1n. Los buques que viajan hacia o desde puertos iran\u00edes se ven especialmente afectados, mientras que los env\u00edos procedentes de otros Estados del Golfo no se detendr\u00e1n oficialmente. Al mismo tiempo, Estados Unidos ha anunciado que retirar\u00e1 las minas mar\u00edtimas iran\u00edes y emprender\u00e1 acciones militares contra las amenazas si es necesario. El sitio <a href=\"https:\/\/www.tagesschau.de\/ausland\/asien\/seeblockade-persischer-golf-strasse-hormus-usa-iran-100.html\" target=\"_blank\" rel=\"noopener\"><strong>Noticias del d\u00eda<\/strong><\/a> arroja luz en un art\u00edculo sobre por qu\u00e9 este bloqueo mar\u00edtimo no est\u00e1 exento de riesgos.<\/p>\n<div class=\"lyte-wrapper\" style=\"width:640px;max-width:100%;margin:5px;\"><div class=\"lyMe\" id=\"WYL_J65_3WCdiGg\"><div id=\"lyte_J65_3WCdiGg\" data-src=\"https:\/\/www.markus-schall.de\/wp-content\/plugins\/wp-youtube-lyte\/lyteCache.php?origThumbUrl=%2F%2Fi.ytimg.com%2Fvi%2FJ65_3WCdiGg%2Fhqdefault.jpg\" class=\"pL\"><div class=\"tC\"><div class=\"tT\"><\/div><\/div><div class=\"play\"><\/div><div class=\"ctrl\"><div class=\"Lctrl\"><\/div><div class=\"Rctrl\"><\/div><\/div><\/div><noscript><a href=\"https:\/\/youtu.be\/J65_3WCdiGg\" rel=\"nofollow noopener\" target=\"_blank\"><img loading=\"lazy\" decoding=\"async\" src=\"https:\/\/www.markus-schall.de\/wp-content\/plugins\/wp-youtube-lyte\/lyteCache.php?origThumbUrl=https%3A%2F%2Fi.ytimg.com%2Fvi%2FJ65_3WCdiGg%2F0.jpg\" alt=\"Miniatura de v\u00eddeo de YouTube\" width=\"640\" height=\"340\" \/><br \/>Ver este v\u00eddeo en YouTube<\/a><\/noscript><\/div><\/div><div class=\"lL\" style=\"max-width:100%;width:640px;margin:5px;\"><\/div><br \/>\nEstrecho de Ormuz: \u00bfPor qu\u00e9 Trump bloquea ahora el estrecho? <a href=\"https:\/\/www.youtube.com\/@ZDFheute\" target=\"_blank\" rel=\"nofollow noopener\">Noticias de ZDFtoday<\/a><\/p>\n<p>El estrecho de Ormuz es una de las rutas energ\u00e9ticas m\u00e1s importantes del mundo, por la que circula aproximadamente una quinta parte del comercio mundial de petr\u00f3leo. El impacto potencial es, por tanto, elevado: Poco despu\u00e9s del anuncio, los precios del petr\u00f3leo subieron considerablemente y numerosos buques mercantes est\u00e1n varados en el Golfo P\u00e9rsico. Los observadores advierten de una nueva escalada, ya que Ir\u00e1n ha anunciado contramedidas y la situaci\u00f3n es cada vez m\u00e1s tensa tanto militar como econ\u00f3micamente.<\/p>\n<p><strong>12.04.2026<\/strong>Las conversaciones de paz entre Estados Unidos e Ir\u00e1n han concluido sin resultado tras unas 21 horas de negociaciones en Pakist\u00e1n. El Vicepresidente estadounidense, J. D. Vance, explic\u00f3 que la negativa de Teher\u00e1n a renunciar de forma vinculante a un programa de armas nucleares en particular hab\u00eda impedido un avance decisivo. Al mismo tiempo, la parte iran\u00ed dej\u00f3 claro que las exigencias estadounidenses se consideraban demasiado ambiciosas y que subsist\u00edan diferencias fundamentales. A continuaci\u00f3n, un resumen en directo de ZDFheute:<\/p>\n<div class=\"lyte-wrapper\" style=\"width:640px;max-width:100%;margin:5px;\"><div class=\"lyMe\" id=\"WYL_rcQiDYNZR78\"><div id=\"lyte_rcQiDYNZR78\" data-src=\"https:\/\/www.markus-schall.de\/wp-content\/plugins\/wp-youtube-lyte\/lyteCache.php?origThumbUrl=%2F%2Fi.ytimg.com%2Fvi%2FrcQiDYNZR78%2Fhqdefault.jpg\" class=\"pL\"><div class=\"tC\"><div class=\"tT\"><\/div><\/div><div class=\"play\"><\/div><div class=\"ctrl\"><div class=\"Lctrl\"><\/div><div class=\"Rctrl\"><\/div><\/div><\/div><noscript><a href=\"https:\/\/youtu.be\/rcQiDYNZR78\" rel=\"nofollow noopener\" target=\"_blank\"><img loading=\"lazy\" decoding=\"async\" src=\"https:\/\/www.markus-schall.de\/wp-content\/plugins\/wp-youtube-lyte\/lyteCache.php?origThumbUrl=https%3A%2F%2Fi.ytimg.com%2Fvi%2FrcQiDYNZR78%2F0.jpg\" alt=\"Miniatura de v\u00eddeo de YouTube\" width=\"640\" height=\"340\" \/><br \/>Ver este v\u00eddeo en YouTube<\/a><\/noscript><\/div><\/div><div class=\"lL\" style=\"max-width:100%;width:640px;margin:5px;\"><\/div><br \/>\nVance: No hay acuerdo, Ir\u00e1n critica a EE.UU., el Estrecho de Ormuz sigue bloqueado | El Consejo de Seguridad de la ONU rechaza el acuerdo <a href=\"https:\/\/www.youtube.com\/@ZDFheute\" target=\"_blank\" rel=\"nofollow noopener\">ZDFhoy en directo<\/a><\/p>\n<p>Las conversaciones se consideraron el primer intercambio directo a este nivel en a\u00f1os y tuvieron lugar en el contexto de un fr\u00e1gil alto el fuego. Con el fracaso preliminar, la cuesti\u00f3n de si la diplomacia es viable en estas condiciones -o si el conflicto se agravar\u00e1 a\u00fan m\u00e1s- vuelve a ocupar el centro de la escena. En la <a href=\"https:\/\/www.markus-schall.de\/es\/2026\/03\/quien-es-j-d-vance-un-retrato-de-sus-origenes-carrera-contradicciones-y-futuro\/\"><strong>Art\u00edculo sobre J. D. Vance<\/strong><\/a> se habl\u00f3 de su llegada a Pakist\u00e1n para estas conversaciones.<\/p>\n<p><strong>10.04.2026<\/strong>Una entrevista con el ex General Roland Kather plantea una cuesti\u00f3n central sobre el actual conflicto de Ir\u00e1n:<\/p>\n<blockquote><p><em>\u00bfQu\u00e9 es realmente mejor despu\u00e9s de esta guerra que antes?<\/em><\/p><\/blockquote>\n<p>Kather llega a una evaluaci\u00f3n aleccionadora. No se ha alcanzado ning\u00fan objetivo estrat\u00e9gico, ni se ha estabilizado la situaci\u00f3n a largo plazo. Al contrario: Ir\u00e1n sigue teniendo capacidad de actuaci\u00f3n militar, sigue fabricando drones y dispone de misiles, mientras que el estrecho de Ormuz est\u00e1 bloqueado y el alto el fuego se considera fr\u00e1gil. Kather tampoco reconoce ning\u00fan progreso geopol\u00edtico; en cambio, otros actores, como Rusia, podr\u00edan beneficiarse indirectamente.<\/p>\n<div class=\"lyte-wrapper\" style=\"width:640px;max-width:100%;margin:5px;\"><div class=\"lyMe\" id=\"WYL_Izh-_xFQJ5E\"><div id=\"lyte_Izh-_xFQJ5E\" data-src=\"https:\/\/www.markus-schall.de\/wp-content\/plugins\/wp-youtube-lyte\/lyteCache.php?origThumbUrl=%2F%2Fi.ytimg.com%2Fvi%2FIzh-_xFQJ5E%2Fhqdefault.jpg\" class=\"pL\"><div class=\"tC\"><div class=\"tT\"><\/div><\/div><div class=\"play\"><\/div><div class=\"ctrl\"><div class=\"Lctrl\"><\/div><div class=\"Rctrl\"><\/div><\/div><\/div><noscript><a href=\"https:\/\/youtu.be\/Izh-_xFQJ5E\" rel=\"nofollow noopener\" target=\"_blank\"><img loading=\"lazy\" decoding=\"async\" src=\"https:\/\/www.markus-schall.de\/wp-content\/plugins\/wp-youtube-lyte\/lyteCache.php?origThumbUrl=https%3A%2F%2Fi.ytimg.com%2Fvi%2FIzh-_xFQJ5E%2F0.jpg\" alt=\"Miniatura de v\u00eddeo de YouTube\" width=\"640\" height=\"340\" \/><br \/>Ver este v\u00eddeo en YouTube<\/a><\/noscript><\/div><\/div><div class=\"lL\" style=\"max-width:100%;width:640px;margin:5px;\"><\/div><br \/>\nGUERRA DE IR\u00c1N: \u201eEs uno de los errores cl\u00e1sicos que ha cometido EEUU\u201c Kather's reckoning | <a href=\"https:\/\/www.youtube.com\/@WELTVideoTV\" target=\"_blank\" rel=\"nofollow noopener\">Canal de noticias WELT<\/a><\/p>\n<p>Su an\u00e1lisis plantea as\u00ed una cuesti\u00f3n fundamental que tiene importancia m\u00e1s all\u00e1 de este conflicto: \u00bfLleva realmente la intervenci\u00f3n militar a una mejora de la situaci\u00f3n inicial, o s\u00f3lo afianza a\u00fan m\u00e1s los problemas existentes? Es precisamente esta consideraci\u00f3n la que vuelve a cobrar importancia a la luz de los acontecimientos actuales.<\/p>\n<p><strong>09.04.2026<\/strong>: Las cr\u00edticas internacionales a la reciente<a href=\"https:\/\/www.reuters.com\/world\/middle-east\/un-condemns-israeli-strikes-lebanon-calls-casualty-reports-appalling-2026-04-08\/\" target=\"_blank\" rel=\"noopener\"><strong> Ataques israel\u00edes en L\u00edbano pese al alto el fuego acordado<\/strong><\/a> est\u00e1 aumentando significativamente. Seg\u00fan las Naciones Unidas, los ataques a\u00e9reos se han calificado de \u201eescandalosos\u201c y el elevado n\u00famero de v\u00edctimas civiles de \u201einaceptable\u201c, al tiempo que se piden investigaciones independientes sobre posibles violaciones del derecho internacional.<\/p>\n<p>Al mismo tiempo, el tono dentro de Europa tambi\u00e9n se est\u00e1 endureciendo: el Presidente del Gobierno espa\u00f1ol <a href=\"https:\/\/x.com\/sanchezcastejon\/status\/2041934569503346697\" target=\"_blank\" rel=\"nofollow noopener\"><strong>Pedro S\u00e1nchez condenado<\/strong><\/a> La UE conden\u00f3 en\u00e9rgicamente los ataques y habl\u00f3 de un trato \u201eintolerable\u201c de la vida humana y el derecho internacional. En una declaraci\u00f3n p\u00fablica, pidi\u00f3 que se incluyera expl\u00edcitamente a L\u00edbano en un alto el fuego, que se condenaran internacionalmente los ataques y que se suspendiera el acuerdo de asociaci\u00f3n de la UE con Israel. En conjunto, esto muestra un creciente frente diplom\u00e1tico contra la expansi\u00f3n del conflicto, sobre todo en lo que respecta a las consecuencias humanitarias y el riesgo de una nueva escalada regional.<\/p>\n<p><strong>08.04.2026<\/strong>La situaci\u00f3n en el conflicto de Ir\u00e1n se ha apaciguado sorprendentemente en el \u00faltimo minuto: s\u00f3lo unos 90 minutos antes de que expirara el ultim\u00e1tum fijado por el presidente estadounidense, Donald Trump, Estados Unidos e Ir\u00e1n acordaron <a href=\"https:\/\/www.sueddeutsche.de\/politik\/die-lage-im-ueberblick-usa-und-iran-einigen-sich-auf-eine-waffenruhe-dpa.urn-newsml-dpa-com-20090101-260407-930-916831\" target=\"_blank\" rel=\"noopener\"><strong>un alto el fuego inicial de dos semanas<\/strong><\/a>. De este modo se evit\u00f3 por el momento una inminente acci\u00f3n militar a gran escala, despu\u00e9s de que previamente se hubieran proferido dr\u00e1sticas amenazas. Al parecer, el giro se produjo gracias a una iniciativa de mediaci\u00f3n diplom\u00e1tica, incluida la de Pakist\u00e1n, que convenci\u00f3 a ambas partes para entablar conversaciones. Parte del acuerdo es la apertura temporal del estrat\u00e9gicamente importante estrecho de Ormuz, que tuvo un efecto positivo inmediato en los precios del petr\u00f3leo y los mercados financieros. No obstante, la situaci\u00f3n sigue siendo fr\u00e1gil: el alto el fuego se considera temporal y sujeto a condiciones, mientras que a\u00fan no han comenzado las negociaciones sobre una soluci\u00f3n permanente.<\/p>\n<p><strong>07.04.2026<\/strong>La escalada en el conflicto de Ir\u00e1n ha alcanzado un nuevo nivel ret\u00f3rico: seg\u00fan un reciente blog en directo de S\u00fcddeutsche Zeitung, el presidente de Estados Unidos, Donald Trump, amenaza abiertamente a los dirigentes iran\u00edes con la destrucci\u00f3n total del pa\u00eds si no responden a sus exigencias. Trump anunci\u00f3 literalmente que <a href=\"https:\/\/www.sueddeutsche.de\/politik\/iran-krieg-liveblog-news-oelkrise-iea-birol-li.3458356\" target=\"_blank\" rel=\"noopener\"><em><strong>\u201euna civilizaci\u00f3n entera morir\u00e1 esta noche\u201c<\/strong><\/em><\/a> si no se llega a un acuerdo. Al mismo tiempo, presiona a Teher\u00e1n con el tiempo, sobre todo en relaci\u00f3n con el bloqueo del estrecho de Ormuz. Al mismo tiempo, se concretan las amenazas militares: Infraestructuras clave como centrales el\u00e9ctricas y puentes podr\u00edan quedar completamente destruidas en pocas horas.<\/p>\n<p><a href=\"https:\/\/truthsocial.com\/@realDonaldTrump\/posts\/116363336033995961\" target=\"_blank\" rel=\"noopener\"><img loading=\"lazy\" decoding=\"async\" class=\"alignnone wp-image-5645\" src=\"https:\/\/www.markus-schall.de\/wp-content\/uploads\/Donald-Trump-Iran-Civilization.jpg\" alt=\"\" width=\"528\" height=\"307\" srcset=\"https:\/\/www.markus-schall.de\/wp-content\/uploads\/Donald-Trump-Iran-Civilization.jpg 1056w, https:\/\/www.markus-schall.de\/wp-content\/uploads\/Donald-Trump-Iran-Civilization-300x174.jpg 300w, https:\/\/www.markus-schall.de\/wp-content\/uploads\/Donald-Trump-Iran-Civilization-1024x595.jpg 1024w, https:\/\/www.markus-schall.de\/wp-content\/uploads\/Donald-Trump-Iran-Civilization-768x447.jpg 768w, https:\/\/www.markus-schall.de\/wp-content\/uploads\/Donald-Trump-Iran-Civilization-18x10.jpg 18w\" sizes=\"auto, (max-width: 528px) 100vw, 528px\" \/><\/a><\/p>\n<p>Los observadores internacionales reaccionan con alarma y advierten de una nueva escalada que podr\u00eda extenderse mucho m\u00e1s all\u00e1 de Oriente Pr\u00f3ximo. La crisis energ\u00e9tica tambi\u00e9n se est\u00e1 intensificando ya de forma significativa. En conjunto, la impresi\u00f3n es la de una din\u00e1mica de alto riesgo en la que los ultim\u00e1tums pol\u00edticos y las opciones militares est\u00e1n estrechamente ligados.<\/p>\n<div class=\"lyte-wrapper\" style=\"width:640px;max-width:100%;margin:5px;\"><div class=\"lyMe\" id=\"WYL_guEVPUmLHro\"><div id=\"lyte_guEVPUmLHro\" data-src=\"https:\/\/www.markus-schall.de\/wp-content\/plugins\/wp-youtube-lyte\/lyteCache.php?origThumbUrl=%2F%2Fi.ytimg.com%2Fvi%2FguEVPUmLHro%2Fhqdefault.jpg\" class=\"pL\"><div class=\"tC\"><div class=\"tT\"><\/div><\/div><div class=\"play\"><\/div><div class=\"ctrl\"><div class=\"Lctrl\"><\/div><div class=\"Rctrl\"><\/div><\/div><\/div><noscript><a href=\"https:\/\/youtu.be\/guEVPUmLHro\" rel=\"nofollow noopener\" target=\"_blank\"><img loading=\"lazy\" decoding=\"async\" src=\"https:\/\/www.markus-schall.de\/wp-content\/plugins\/wp-youtube-lyte\/lyteCache.php?origThumbUrl=https%3A%2F%2Fi.ytimg.com%2Fvi%2FguEVPUmLHro%2F0.jpg\" alt=\"Miniatura de v\u00eddeo de YouTube\" width=\"640\" height=\"340\" \/><br \/>Ver este v\u00eddeo en YouTube<\/a><\/noscript><\/div><\/div><div class=\"lL\" style=\"max-width:100%;width:640px;margin:5px;\"><\/div><br \/>\nTrump reitera el ultim\u00e1tum a Ir\u00e1n y amenaza con su destrucci\u00f3n <a href=\"https:\/\/www.youtube.com\/@faz\" target=\"_blank\" rel=\"nofollow noopener\">faz<\/a><\/p>\n<p><strong>04.04.2026<\/strong>Alemania podr\u00eda desempe\u00f1ar un papel mucho m\u00e1s importante en el actual conflicto de Ir\u00e1n de lo que parece a primera vista. <a href=\"https:\/\/www.t-online.de\/nachrichten\/deutschland\/militaer-verteidigung\/id_101196894\/iran-krieg-deutschland-koennte-trumps-krieg-empfindlich-stoeren.html\" target=\"_blank\" rel=\"noopener\"><strong>Un informe muestra<\/strong><\/a>, que las infraestructuras militares centrales en suelo alem\u00e1n -incluidas importantes bases estadounidenses como la de Ramstein- tienen una funci\u00f3n crucial para las operaciones estadounidenses en Oriente Medio. Sin el apoyo log\u00edstico, el procesamiento de datos y la coordinaci\u00f3n a trav\u00e9s de estas instalaciones, muchas operaciones ser\u00edan mucho m\u00e1s dif\u00edciles de realizar. Al mismo tiempo, esto crea un \u00e1rea de tensi\u00f3n pol\u00edtica: si el gobierno alem\u00e1n restringiera el uso de estas infraestructuras, podr\u00eda influir significativamente en el margen de maniobra de Estados Unidos. Hasta ahora, Alemania se ha abstenido oficialmente, alegando obligaciones de la alianza, pero desde el punto de vista jur\u00eddico y pol\u00edtico, la intervenci\u00f3n ser\u00eda al menos concebible. Esto sit\u00faa a Alemania m\u00e1s en el centro de la din\u00e1mica geopol\u00edtica de lo que el debate p\u00fablico ha sugerido hasta ahora. El conflicto muestra as\u00ed una vez m\u00e1s lo estrechamente interrelacionadas que est\u00e1n la infraestructura militar, las decisiones pol\u00edticas y las dependencias internacionales.<\/p>\n<div class=\"lyte-wrapper\" style=\"width:640px;max-width:100%;margin:5px;\"><div class=\"lyMe\" id=\"WYL_dAIHCKGsolw\"><div id=\"lyte_dAIHCKGsolw\" data-src=\"https:\/\/www.markus-schall.de\/wp-content\/plugins\/wp-youtube-lyte\/lyteCache.php?origThumbUrl=%2F%2Fi.ytimg.com%2Fvi%2FdAIHCKGsolw%2Fhqdefault.jpg\" class=\"pL\"><div class=\"tC\"><div class=\"tT\"><\/div><\/div><div class=\"play\"><\/div><div class=\"ctrl\"><div class=\"Lctrl\"><\/div><div class=\"Rctrl\"><\/div><\/div><\/div><noscript><a href=\"https:\/\/youtu.be\/dAIHCKGsolw\" rel=\"nofollow noopener\" target=\"_blank\"><img loading=\"lazy\" decoding=\"async\" src=\"https:\/\/www.markus-schall.de\/wp-content\/plugins\/wp-youtube-lyte\/lyteCache.php?origThumbUrl=https%3A%2F%2Fi.ytimg.com%2Fvi%2FdAIHCKGsolw%2F0.jpg\" alt=\"Miniatura de v\u00eddeo de YouTube\" width=\"640\" height=\"340\" \/><br \/>Ver este v\u00eddeo en YouTube<\/a><\/noscript><\/div><\/div><div class=\"lL\" style=\"max-width:100%;width:640px;margin:5px;\"><\/div><br \/>\nBase a\u00e9rea de Ramstein: \u00bfCu\u00e1l es el papel de Alemania en la guerra de EEUU contra Ir\u00e1n? | <a href=\"https:\/\/www.youtube.com\/@dwnews\" target=\"_blank\" rel=\"nofollow noopener\">Noticias DW<\/a><\/p>\n<p>Este v\u00eddeo arroja luz sobre el papel de la base a\u00e9rea de Ramstein en el actual conflicto de Ir\u00e1n y muestra lo central que es Alemania para las operaciones militares estadounidenses en Oriente Pr\u00f3ximo. Desde Ramstein se coordinan las operaciones, se procesan los datos y se controlan los procesos log\u00edsticos. Al mismo tiempo, queda claro que la presencia de las fuerzas armadas estadounidenses es econ\u00f3micamente importante para la regi\u00f3n, mientras que pol\u00edticamente sigue siendo cada vez m\u00e1s controvertida. Los expertos analizan la importancia estrat\u00e9gica de la base para la OTAN y EE.UU. - y las cuestiones que esto plantea para Alemania.<\/p>\n<hr \/>\n<h2>La noche de los impactos en marzo de 2026<\/h2>\n<p>Si uno echa un vistazo a lo que le ha ocurrido a Israel en las \u00faltimas noches, se dar\u00e1 cuenta inmediatamente de que un conflicto ha traspasado los l\u00edmites de las rutinas habituales. Oriente Pr\u00f3ximo ha sido un polvor\u00edn durante d\u00e9cadas, s\u00ed - pero esta intensidad, esta pura masa de balas lloviendo sobre territorio israel\u00ed a intervalos cortos, es otra cosa. Es como si todo un sistema de arquitectura de seguridad hubiera empezado a tambalearse de repente.<\/p>\n<p>Y lo que es particularmente notable es que la famosa C\u00fapula de Hierro, que es casi m\u00edticamente romantizada en los informes de noticias occidentales, apenas era visible durante estas horas. Pocos misiles interceptores, apenas trazadores, pero m\u00e1s impactos. Cuando un sistema de defensa considerado casi infalible durante a\u00f1os se ve de repente desbordado, no es s\u00f3lo un detalle militar: es una se\u00f1al geopol\u00edtica.<\/p>\n<p>No se ven estas im\u00e1genes -sin adornos, sin editar, crudas- en las noticias. Pero conforman la sensaci\u00f3n de poder de un pa\u00eds. Y tambi\u00e9n influyen en los sentimientos de quienes las ven. Este es el tipo de material visual que inquieta a sociedades enteras. No porque sea nuevo, sino porque ha sido suprimido durante mucho tiempo.<\/p>\n<h3>Lo que hace que esta escalada sea tan peligrosa<\/h3>\n<p>Por supuesto, tambi\u00e9n hubo violencia entre Israel e Ir\u00e1n o grupos controlados por Ir\u00e1n en el pasado. Eso no es nada nuevo. Pero lo que es diferente ahora es la combinaci\u00f3n de tres factores:<\/p>\n<ol>\n<li><strong>Ir\u00e1n est\u00e1 poniendo a prueba deliberadamente los l\u00edmites de la resistencia de Israel<\/strong>. No de forma selectiva, sino estrat\u00e9gica, a lo largo de semanas y meses.<\/li>\n<li><strong>Israel atraviesa una crisis pol\u00edtica interna<\/strong>. Una sociedad dividida reacciona de forma cada vez m\u00e1s imprevisible ante las amenazas exteriores.<\/li>\n<li><strong>Los mecanismos internacionales de protecci\u00f3n son m\u00e1s d\u00e9biles que nunca<\/strong>. EE.UU. puede tener una presencia militar, pero est\u00e1 pol\u00edticamente paralizado. De todos modos, Europa est\u00e1 distra\u00edda y es impotente. China y Rusia persiguen sus propios objetivos.<\/li>\n<\/ol>\n<p>Si juntamos estos tres puntos, nos damos cuenta de la profundidad del problema: este conflicto no es simplemente una disputa entre dos Estados. Es un nexo de cambios de poder a escala mundial.<\/p>\n<h3>Por qu\u00e9 fallan los informes habituales<\/h3>\n<p>En nuestros medios de comunicaci\u00f3n, este conflicto parece a menudo un conflicto lejano, quiz\u00e1 tr\u00e1gico, pero de alg\u00fan modo \u201econtrolado\u201c. Una pieza de las noticias de la noche, incrustada entre informes econ\u00f3micos y mapas meteorol\u00f3gicos. Las dr\u00e1sticas im\u00e1genes que circulan por las redes sociales no aparecen all\u00ed. Los impactos durante la noche, los temblores, el visible fallo de las defensas... todo ello se suaviza.<\/p>\n<ul>\n<li>Quiz\u00e1 porque no quieren sembrar el p\u00e1nico.<\/li>\n<li>Tal vez porque se cree que la poblaci\u00f3n no es lo suficientemente resistente.<\/li>\n<li>Pero quiz\u00e1 tambi\u00e9n se deba a que t\u00fa mismo subestimas la gravedad de la situaci\u00f3n.<\/li>\n<\/ul>\n<p>La falta de informaci\u00f3n no es una casualidad. Es un riesgo. Las sociedades que se informan sin una base realista toman instintivamente decisiones pol\u00edticas equivocadas. Y esto es exactamente lo que estamos viviendo actualmente: un malestar creciente sin las herramientas para comprenderlo.<\/p>\n<h3>Un ataque nocturno que hace visible la vulnerabilidad<\/h3>\n<p>Este v\u00eddeo muestra de forma impresionante lo bruscamente que puede agravarse la situaci\u00f3n en Oriente Pr\u00f3ximo. El lanzamiento masivo de cohetes sobre Tel Aviv, acompa\u00f1ado de sirenas ululantes y explosiones en el cielo, hace inconfundible la vulnerabilidad estrat\u00e9gica de la regi\u00f3n. Aunque algunos de los ataques fueron interceptados, suficientes proyectiles alcanzaron la zona urbana como para causar v\u00edctimas y da\u00f1os considerables.<\/p>\n<div class=\"lyte-wrapper\" style=\"width:640px;max-width:100%;margin:5px;\"><div class=\"lyMe\" id=\"WYL_rIeSkaYaPzA\"><div id=\"lyte_rIeSkaYaPzA\" data-src=\"https:\/\/www.markus-schall.de\/wp-content\/plugins\/wp-youtube-lyte\/lyteCache.php?origThumbUrl=%2F%2Fi.ytimg.com%2Fvi%2FrIeSkaYaPzA%2Fhqdefault.jpg\" class=\"pL\"><div class=\"tC\"><div class=\"tT\"><\/div><\/div><div class=\"play\"><\/div><div class=\"ctrl\"><div class=\"Lctrl\"><\/div><div class=\"Rctrl\"><\/div><\/div><\/div><noscript><a href=\"https:\/\/youtu.be\/rIeSkaYaPzA\" rel=\"nofollow noopener\" target=\"_blank\"><img loading=\"lazy\" decoding=\"async\" src=\"https:\/\/www.markus-schall.de\/wp-content\/plugins\/wp-youtube-lyte\/lyteCache.php?origThumbUrl=https%3A%2F%2Fi.ytimg.com%2Fvi%2FrIeSkaYaPzA%2F0.jpg\" alt=\"Miniatura de v\u00eddeo de YouTube\" width=\"640\" height=\"340\" \/><br \/>Ver este v\u00eddeo en YouTube<\/a><\/noscript><\/div><\/div><div class=\"lL\" style=\"max-width:100%;width:640px;margin:5px;\"><\/div><br \/>\nUna lluvia de misiles iran\u00edes sacude Tel Aviv, sirenas y explosiones | <a href=\"https:\/\/www.youtube.com\/@tribuntimur\" target=\"_blank\" rel=\"nofollow noopener\">Tribuna Timur<\/a><\/p>\n<p>Las mismas escenas se repiten varias veces en el v\u00eddeo. En este sentido, no merece necesariamente la pena ver el v\u00eddeo entero, pero incluso una parte de \u00e9l proporciona una impresi\u00f3n de la situaci\u00f3n sobre el terreno. En pocos minutos, millones de personas se dieron cuenta de lo delgada que se hab\u00eda vuelto la l\u00ednea de seguridad. Es precisamente esta mezcla de sobrecarga t\u00e9cnica y alta presi\u00f3n pol\u00edtica la que describe la l\u00f3gica de escalada de nuestro tiempo.<\/p>\n<h3>El retorno de la historia<\/h3>\n<p>Lo que me preocupa especialmente: Estamos viviendo el regreso de un tipo de conflicto que en Europa cre\u00edamos superado. Estados que se amenazan abiertamente. Potencias nucleares que se ponen a prueba mutuamente. Potencias regionales que desaf\u00edan a Occidente en sus puntos m\u00e1s sensibles. Lo que estamos viendo no es un brote accidental de violencia, sino que forma parte de una estrategia a largo plazo que ya no sigue las reglas de Occidente.<\/p>\n<p>La Historia vuelve. Y lo hace con un rigor que muchos no esperaban.<\/p>\n<p>En los pr\u00f3ximos cap\u00edtulos, me gustar\u00eda mostrarles lo que es realmente nuevo en esta escalada. Por qu\u00e9 Occidente apenas es capaz de dirigir este conflicto. Por qu\u00e9 Israel e Ir\u00e1n est\u00e1n atrapados en una tenaza estrat\u00e9gica de la que les resultar\u00e1 dif\u00edcil escapar. Y por qu\u00e9 la percepci\u00f3n de la situaci\u00f3n por parte de los medios de comunicaci\u00f3n no refleja lo que realmente est\u00e1 ocurriendo.<\/p>\n<p>Si quieres entender por qu\u00e9 esta crisis puede ser un punto de inflexi\u00f3n - geopol\u00edticamente, en t\u00e9rminos de pol\u00edtica de seguridad y tambi\u00e9n en t\u00e9rminos de medios de comunicaci\u00f3n - entonces puedes leer los pr\u00f3ximos cap\u00edtulos como una caja de herramientas. No porque ofrezcan respuestas sencillas, sino porque sit\u00faan las cosas en un contexto hist\u00f3rico. A continuaci\u00f3n profundizaremos en las estructuras que sustentan este conflicto. Y veremos por qu\u00e9 son tan peligrosas.<\/p>\n<h2>80 a\u00f1os de pol\u00edtica de seguridad occidental y su erosi\u00f3n<\/h2>\n<p>Si se quiere entender por qu\u00e9 el actual conflicto entre Israel e Ir\u00e1n es tan explosivo desde el punto de vista estrat\u00e9gico, hay que aceptar una cosa: No surgi\u00f3 de repente. Es el producto de una pol\u00edtica de seguridad occidental que se ha alejado cada vez m\u00e1s de la realidad desde 1945. Y precisamente porque los supuestos b\u00e1sicos de Occidente se cuestionan ahora abiertamente por primera vez en d\u00e9cadas, merece la pena echar una mirada clara al pasado, no con nostalgia, sino de forma clarificadora.<\/p>\n<p>Muchas de las decisiones equivocadas de hoy s\u00f3lo son comprensibles si se reconoce c\u00f3mo se ha ido construyendo un marco de ilusiones a lo largo de d\u00e9cadas. Y este marco comenz\u00f3 despu\u00e9s de la Segunda Guerra Mundial, en un mundo que era estructuralmente diferente, pero que sigue teniendo un asombroso n\u00famero de paralelismos intelectuales con la actualidad.<\/p>\n<h3>La ilusi\u00f3n de un orden estable de posguerra<\/h3>\n<p>Despu\u00e9s de 1945, surgi\u00f3 en Occidente la creencia de que se pod\u00eda crear un mundo estable y predecible con una mezcla de fuerza econ\u00f3mica, disuasi\u00f3n militar y normas morales. Estados Unidos -que entonces segu\u00eda siendo la superpotencia indiscutible- asumi\u00f3 el papel de \u00e1rbitro mundial. Y Europa se puso a la cola, contenta de que otro hiciera el \u201etrabajo sucio\u201c de la seguridad.<\/p>\n<p>Este modelo funcion\u00f3 sorprendentemente bien durante d\u00e9cadas:<\/p>\n<ul>\n<li>La disuasi\u00f3n mantuvo a raya a la Uni\u00f3n Sovi\u00e9tica.<\/li>\n<li>El mundo \u00e1rabe segu\u00eda fragmentado.<\/li>\n<li>Hasta 1979, Ir\u00e1n estaba en el bando occidental.<\/li>\n<\/ul>\n<p>El plan era sencillo: si somos lo bastante fuertes, los dem\u00e1s seguir\u00e1n siendo previsibles. Pero s\u00f3lo funcion\u00f3 porque entonces el mundo no estaba tan interconectado como hoy. Y porque Occidente subestim\u00f3 a sus oponentes, una tradici\u00f3n que persiste hoy en d\u00eda.<\/p>\n<h3>Los puntos de inflexi\u00f3n: Ir\u00e1n 1979 y las nuevas realidades<\/h3>\n<p>Todo cambi\u00f3 con la Revoluci\u00f3n Isl\u00e1mica. Ir\u00e1n se separ\u00f3 de la influencia occidental y empez\u00f3 a construir su propio orden: religiosa, ideol\u00f3gica y estrat\u00e9gicamente. Mientras Europa y Estados Unidos esperaban que se tratara de una fase, Ir\u00e1n inici\u00f3 su pol\u00edtica de \u201epaciencia estrat\u00e9gica\u201c, que dura ya d\u00e9cadas y que hoy puede sentirse en todas partes. S\u00f3lo aqu\u00ed queda claro por qu\u00e9 la perspectiva occidental fracasa tan a menudo:<\/p>\n<ul>\n<li>Occidente planifica en periodos legislativos.<\/li>\n<li>Ir\u00e1n planea en generaciones.<\/li>\n<\/ul>\n<p>Esto cre\u00f3 el primer desequilibrio estructural que hoy desempe\u00f1a un papel central en el conflicto.<\/p>\n<h3>Las d\u00e9cadas de la sobreexpansi\u00f3n: Irak, Afganist\u00e1n, Libia, Siria<\/h3>\n<p>El siguiente gran error fue creer que los sistemas geopol\u00edticos pod\u00edan estabilizarse mediante la intervenci\u00f3n. Si observamos los \u00faltimos 30 a\u00f1os de pol\u00edtica exterior occidental, reconoceremos un patr\u00f3n:<\/p>\n<ul>\n<li><strong>Afganist\u00e1n<\/strong>20 a\u00f1os de operaciones y los talibanes se apoderan del pa\u00eds en cuesti\u00f3n de d\u00edas.<\/li>\n<li><strong>Iraq<\/strong>Un r\u00e9gimen derrocado, pero todo un pa\u00eds sumido en el caos.<\/li>\n<li><strong>Libia<\/strong>Una \u201eintervenci\u00f3n humanitaria\u201c que ha desestabilizado el norte de \u00c1frica.<\/li>\n<li><strong>Siria<\/strong>Una guerra de poder sin vencedores, salvo los que quieren debilitar a Occidente.<\/li>\n<\/ul>\n<p>En cada uno de estos casos, Occidente pens\u00f3: \u201eSabemos c\u00f3mo crear estabilidad\u201c. Y cada vez result\u00f3 lo contrario. La miseria actual con Ir\u00e1n e Israel no es ajena a esto. Es la suma de estos errores lo que ahora est\u00e1 dando sus frutos.<\/p>\n<h3>Por qu\u00e9 Occidente se ha sobrevalorado<\/h3>\n<p>Este es un punto importante que casi nunca aparece en los an\u00e1lisis pol\u00edticos cl\u00e1sicos: Occidente consider\u00f3 durante mucho tiempo que sus propios valores eran universales. Democracia, liberalismo, laicismo: se daba por sentado que estos conceptos deb\u00edan ser evidentes en todo el mundo. Y s\u00f3lo unas pocas voces advirtieron que otras culturas tienen una visi\u00f3n completamente diferente del poder, la religi\u00f3n y el Estado.<\/p>\n<p>Ir\u00e1n es uno de los pa\u00edses que lo demuestra m\u00e1s claramente. El r\u00e9gimen iran\u00ed no es irracional, sino racional en el marco de su propia l\u00f3gica hist\u00f3rica y religiosa. Y es precisamente esta racionalidad la que Occidente nunca ha entendido realmente porque no encajaba en su visi\u00f3n del mundo.<\/p>\n<p>A esto se sum\u00f3 la creencia en la superioridad tecnol\u00f3gica: drones, defensa antimisiles, ciberguerra, sistemas de vigilancia. Todo parec\u00eda controlable, hasta que el enemigo aprend\u00eda a sobrecargar o burlar los sistemas. Los ataques nocturnos que vemos hoy no son s\u00f3lo acontecimientos militares. Simbolizan el hecho de que la l\u00f3gica occidental de superioridad se est\u00e1 desmoronando.<\/p>\n<h3>Las consecuencias: Un orden que s\u00f3lo existe sobre el papel<\/h3>\n<p>El conflicto actual revela tres debilidades fundamentales de la arquitectura de seguridad occidental:<\/p>\n<ul>\n<li><strong>Occidente ya no puede contener los conflictos<\/strong>. Incluso Estados Unidos se esfuerza por detener la escalada sin verse implicado en ella.<\/li>\n<li><strong>Europa se ha desmarcado en materia de pol\u00edtica de seguridad<\/strong>. No viene nada, excepto las apelaciones. Y todos los jugadores lo saben.<\/li>\n<li><strong>Los nuevos poderes emergen con confianza<\/strong> - y ya no les importan las expectativas occidentales. Esto incluye no s\u00f3lo a China y Rusia, sino tambi\u00e9n a actores regionales que antes no se habr\u00edan atrevido a provocar abiertamente.<\/li>\n<\/ul>\n<p>En resumen: el viejo orden s\u00f3lo existe en la ret\u00f3rica. En realidad, apenas tiene peso.<\/p>\n<h3>Por qu\u00e9 son cruciales estos antecedentes hist\u00f3ricos<\/h3>\n<p>Si se quiere entender el drama del conflicto actual, hay que reconocer lo profunda que es la erosi\u00f3n de la pol\u00edtica de seguridad occidental. Sin esta visi\u00f3n, todo parece una escalada espont\u00e1nea, una desafortunada coincidencia de acontecimientos sorprendentes. En realidad, es la consecuencia l\u00f3gica de d\u00e9cadas de errores de apreciaci\u00f3n.<\/p>\n<p>El conflicto entre Israel e Ir\u00e1n es tan peligroso porque est\u00e1 construido sobre unos cimientos que ya est\u00e1n agrietados. Y porque los mecanismos que sol\u00edan evitar la escalada apenas funcionan hoy en d\u00eda.<\/p>\n<p>Son precisamente estos mecanismos los que seguiremos desmenuzando en los siguientes cap\u00edtulos, paso a paso, para que puedan ver claramente por qu\u00e9 esta crisis es algo m\u00e1s que una simple disputa regional. Es una prueba para la cuesti\u00f3n de si Occidente puede mantener su papel en el mundo - o si ya hemos entrado en una nueva era.<\/p>\n<p><img loading=\"lazy\" decoding=\"async\" class=\"alignnone wp-image-5218 size-large\" src=\"https:\/\/www.markus-schall.de\/wp-content\/uploads\/Israel-Iran-Strategischer-Albtraum-Erosion.jpg\" alt=\"Erosi\u00f3n estrat\u00e9gica de Occidente\" width=\"1024\" height=\"683\" srcset=\"https:\/\/www.markus-schall.de\/wp-content\/uploads\/Israel-Iran-Strategischer-Albtraum-Erosion.jpg 1024w, https:\/\/www.markus-schall.de\/wp-content\/uploads\/Israel-Iran-Strategischer-Albtraum-Erosion-300x200.jpg 300w, https:\/\/www.markus-schall.de\/wp-content\/uploads\/Israel-Iran-Strategischer-Albtraum-Erosion-768x512.jpg 768w, https:\/\/www.markus-schall.de\/wp-content\/uploads\/Israel-Iran-Strategischer-Albtraum-Erosion-18x12.jpg 18w\" sizes=\"auto, (max-width: 1024px) 100vw, 1024px\" \/><\/p>\n<h2>La l\u00f3gica iran\u00ed del poder: racionalidad sin racionalidad occidental<\/h2>\n<p>Si se quiere entender el conflicto actual, primero hay que darse cuenta de una cosa: Los dirigentes iran\u00edes no son irracionales. Simplemente act\u00faa de acuerdo con una l\u00f3gica que casi nadie en Occidente domina o es capaz siquiera de reconocer. El r\u00e9gimen no piensa en t\u00e9rminos de ciclos electorales, estrategias de relaciones p\u00fablicas o historias de \u00e9xito a corto plazo. Piensa a largo plazo. D\u00e9cadas, a veces incluso generaciones.<\/p>\n<p>Esta perspectiva a largo plazo es la raz\u00f3n por la que el sistema se ha mantenido estable desde 1979, a pesar de las sanciones, del aislamiento internacional y de las protestas peri\u00f3dicas. Occidente interpreta a menudo la estabilidad como terquedad o atraso. En realidad, es paciencia estrat\u00e9gica. Un principio de gobierno probado y comprobado que est\u00e1 profundamente arraigado en la autoimagen hist\u00f3rica de la \u00e9lite iran\u00ed.<\/p>\n<p>Los dirigentes iran\u00edes no aprovechan los cambios geopol\u00edticos de forma impulsiva, sino gradual. Cada provocaci\u00f3n se enmarca en un espectro m\u00e1s amplio de objetivos: dominio regional, estabilidad ideol\u00f3gica, disuasi\u00f3n frente a enemigos externos y un mensaje claro a su propia poblaci\u00f3n. Es precisamente esta mezcla la que hace que el r\u00e9gimen sea dif\u00edcil de calcular para los analistas occidentales, pero sorprendentemente estable desde su propia perspectiva.<\/p>\n<h3>El r\u00e9gimen y su pueblo: por qu\u00e9 los disturbios no conducen a lo que Occidente espera<\/h3>\n<p>Uno de los mayores errores del pensamiento occidental es asumir que cualquier descontento visible en Ir\u00e1n debe acabar inevitablemente en un cambio de r\u00e9gimen. Pero las protestas no significan autom\u00e1ticamente una revoluci\u00f3n. E incluso las revoluciones -como demuestra la historia- a menudo no terminan donde a Occidente le gustar\u00eda.<\/p>\n<p>Ir\u00e1n es un pa\u00eds con miles de a\u00f1os de experiencia cultural, religiosa y nacional. Existe una profunda narrativa de heteronom\u00eda, orgullo y autoafirmaci\u00f3n. Puede que muchos iran\u00edes est\u00e9n descontentos con los dirigentes, pero aceptan la realidad en la que viven, en parte porque la alternativa se percibe como menos segura, m\u00e1s ca\u00f3tica o m\u00e1s peligrosa.<\/p>\n<p>Esto es precisamente lo que muchos pol\u00edticos y medios de comunicaci\u00f3n occidentales subestiman. Ir\u00e1n no es una sociedad que espera ser \u201eliberada\u201c desde el exterior. Es una sociedad que lleva a cabo sus conflictos seg\u00fan su propia l\u00f3gica, a veces de forma eruptiva, a menudo reprimida, pero casi siempre sin el deseo de orientarse hacia modelos occidentales.<\/p>\n<p>Si Occidente intenta entonces debilitar al r\u00e9gimen a pesar de la ausencia de movimientos org\u00e1nicos, suele conseguir lo contrario: el sistema cierra filas, apela a la dignidad nacional y puede utilizar las amenazas externas como fuente de legitimaci\u00f3n. Un mecanismo que ha funcionado de forma fiable desde 1979. Y precisamente por eso la intervenci\u00f3n exterior directa es contraproducente.<\/p>\n<h3>Ir\u00e1n como potencia regional con una larga<\/h3>\n<p>Para interpretar el conflicto actual, hay que comprender que Ir\u00e1n ya no es s\u00f3lo un Estado entre muchos. Es una potencia regional, pol\u00edtica, militar e ideol\u00f3gicamente. No ha alcanzado este papel a trav\u00e9s de su fuerza econ\u00f3mica, sino mediante una red a largo plazo de apoderados y zonas de influencia.<\/p>\n<p>En Irak, Siria, L\u00edbano, Yemen y otros pa\u00edses, Ir\u00e1n opera a trav\u00e9s de milicias, partidos pol\u00edticos, instituciones religiosas y redes econ\u00f3micas. Estas estructuras cumplen varias funciones:<\/p>\n<ul>\n<li><strong>Disuasi\u00f3n<\/strong>Israel o Estados Unidos saben que un ataque contra Ir\u00e1n podr\u00eda desencadenar contraataques en varios pa\u00edses.<\/li>\n<li><strong>Proyecci\u00f3n de influencia<\/strong>Ir\u00e1n puede expandir su poder sin tener que librar una guerra abierta.<\/li>\n<li><strong>Minimizaci\u00f3n de costes<\/strong>Los combates por delegaci\u00f3n son m\u00e1s baratos y pol\u00edticamente menos arriesgados que los conflictos directos.<\/li>\n<\/ul>\n<p>Esta red garantiza que Ir\u00e1n siga siendo un actor al que hay que tomar en serio, independientemente de su propia situaci\u00f3n econ\u00f3mica. Puede que los observadores occidentales lo consideren \u201edesestabilizador\u201c; para Teher\u00e1n, se trata simplemente de una estrategia de supervivencia.<\/p>\n<p>Y aqu\u00ed es precisamente donde radica el malentendido de los an\u00e1lisis occidentales: la expectativa es que un pa\u00eds econ\u00f3micamente enfermo es autom\u00e1ticamente militarmente d\u00e9bil. Sin embargo, una potencia regional no define su fuerza a trav\u00e9s de la prosperidad, sino a trav\u00e9s de la influencia geopol\u00edtica. E Ir\u00e1n ha perfeccionado estas palancas.<\/p>\n<h3>Ir\u00e1n m\u00e1s all\u00e1 de los titulares: una mirada a la vida cotidiana y a la sociedad<\/h3>\n<p><a href=\"https:\/\/www.markus-schall.de\/es\/2026\/01\/comprender-la-vida-cotidiana-irani-protestas-e-intereses-mas-alla-de-los-titulares\/\"><img loading=\"lazy\" decoding=\"async\" class=\"alignright size-medium wp-image-4498\" src=\"https:\/\/www.markus-schall.de\/wp-content\/uploads\/Iran-Titel-300x200.jpg\" alt=\"Comprender Ir\u00e1n\" width=\"300\" height=\"200\" srcset=\"https:\/\/www.markus-schall.de\/wp-content\/uploads\/Iran-Titel-300x200.jpg 300w, https:\/\/www.markus-schall.de\/wp-content\/uploads\/Iran-Titel-768x512.jpg 768w, https:\/\/www.markus-schall.de\/wp-content\/uploads\/Iran-Titel-18x12.jpg 18w, https:\/\/www.markus-schall.de\/wp-content\/uploads\/Iran-Titel.jpg 1024w\" sizes=\"auto, (max-width: 300px) 100vw, 300px\" \/><\/a>Si quiere entender por qu\u00e9 el conflicto que rodea a Ir\u00e1n es tan complejo, primero debe dar un paso atr\u00e1s y examinar m\u00e1s de cerca el propio pa\u00eds. En mi detallado art\u00edculo <a href=\"https:\/\/www.markus-schall.de\/es\/2026\/01\/comprender-la-vida-cotidiana-irani-protestas-e-intereses-mas-alla-de-los-titulares\/\"><em><strong>\u201eEntender Ir\u00e1n: Vida cotidiana, protestas e intereses m\u00e1s all\u00e1 de los titulares\u201c<\/strong><\/em><\/a> trata precisamente de eso: no de misiles, programas nucleares o estrategias geopol\u00edticas, sino de Ir\u00e1n como sociedad. Y es que casi ning\u00fan otro pa\u00eds est\u00e1 tan marcado por im\u00e1genes fijas -im\u00e1genes de dominio religioso, protestas y conflictos-, a pesar de que muchas personas nunca han vivido el pa\u00eds en primera persona. El art\u00edculo muestra hasta qu\u00e9 punto las percepciones est\u00e1n marcadas por los relatos y por qu\u00e9 la vida cotidiana, las tensiones pol\u00edticas y los intereses internacionales en Ir\u00e1n son a menudo mucho m\u00e1s contradictorios de lo que sugieren los simples titulares.<\/p>\n<h3>Occidente nunca ha entendido realmente la estrategia iran\u00ed<\/h3>\n<p>El error central de la pol\u00edtica occidental ha sido siempre interpretar las decisiones iran\u00edes con racionalidad occidental. Sin embargo, los dirigentes de Teher\u00e1n siguen un orden de prioridades completamente distinto:<\/p>\n<ul>\n<li><strong>La preservaci\u00f3n del r\u00e9gimen por encima de todo<\/strong>Todo - realmente todo - se mide en funci\u00f3n de si refuerza o debilita la estabilidad del sistema.<\/li>\n<li><strong>Coherencia ideol\u00f3gica<\/strong>Ir\u00e1n no puede ceder en pol\u00edtica interior sin da\u00f1ar su autoimagen religiosa y pol\u00edtica.<\/li>\n<li><strong>Disuasi\u00f3n a largo plazo<\/strong>Un r\u00e9gimen que se ve amenazado por Occidente debe aumentar su invulnerabilidad, no negociar.<br \/>\nPaciencia estrat\u00e9gica<\/li>\n<\/ul>\n<p>Mientras que los pol\u00edticos occidentales piensan en ciclos de cuatro a\u00f1os, Ir\u00e1n trabaja con los mismos objetivos durante d\u00e9cadas. Esta estructura es lo contrario de lo que hacen Europa o Estados Unidos. Y por eso los sistemas chocan regularmente sin entenderse realmente.<\/p>\n<p>La actual escalada entre Ir\u00e1n e Israel no es el resultado de una acci\u00f3n impulsiva del gobierno. Se inscribe en una l\u00ednea estrat\u00e9gica que Ir\u00e1n persigue desde hace d\u00e9cadas: ampliar la influencia regional, aumentar la disuasi\u00f3n, presionar a Israel y forzar la salida de Estados Unidos de la regi\u00f3n.<\/p>\n<p>En una l\u00f3gica as\u00ed, apenas hay lugar para el retroceso. Si Ir\u00e1n despliega ahora masivamente misiles, no es porque est\u00e9 \u201eperdiendo los nervios\u201c, sino porque quiere consolidar su posici\u00f3n: en la regi\u00f3n, frente a Occidente y frente a su propia poblaci\u00f3n. Esto es lo que hace que el conflicto sea tan peligroso: no es improvisado. Forma parte de un plan estrat\u00e9gico que lleva a\u00f1os en marcha. Y por eso no se puede simplemente \u201enegociar\u201c, \u201econgelar\u201c o \u201eterminar\u201c, como les gustar\u00eda a las capitales occidentales.<\/p>\n<p><img loading=\"lazy\" decoding=\"async\" class=\"alignnone size-large wp-image-5220\" src=\"https:\/\/www.markus-schall.de\/wp-content\/uploads\/Israel-Iran-Strategischer-Albtraum-Tel-Aviv.jpg\" alt=\"30 a\u00f1os de alarmismo\" width=\"1024\" height=\"683\" srcset=\"https:\/\/www.markus-schall.de\/wp-content\/uploads\/Israel-Iran-Strategischer-Albtraum-Tel-Aviv.jpg 1024w, https:\/\/www.markus-schall.de\/wp-content\/uploads\/Israel-Iran-Strategischer-Albtraum-Tel-Aviv-300x200.jpg 300w, https:\/\/www.markus-schall.de\/wp-content\/uploads\/Israel-Iran-Strategischer-Albtraum-Tel-Aviv-768x512.jpg 768w, https:\/\/www.markus-schall.de\/wp-content\/uploads\/Israel-Iran-Strategischer-Albtraum-Tel-Aviv-18x12.jpg 18w\" sizes=\"auto, (max-width: 1024px) 100vw, 1024px\" \/><\/p>\n<h2>Netanyahu y 30 a\u00f1os de alarmismo - La historia de la alerta permanente<\/h2>\n<p>Mirando hoy hacia atr\u00e1s, parece casi surrealista: desde principios de la d\u00e9cada de 1990, Benjamin Netanyahu ha advertido repetidamente del mismo peligro: que Ir\u00e1n estaba \u201ea punto\u201c de construir una bomba nuclear. Y cada vez con un matiz dram\u00e1tico, con gr\u00e1ficos, con diagramas, siempre con el mismo mensaje:<\/p>\n<blockquote><p><em>\u201eEs casi la hora, tenemos que actuar\u201c.\u201c<\/em><\/p><\/blockquote>\n<p>Estas advertencias dieron forma a toda la doctrina de seguridad israel\u00ed. Influyeron en la pol\u00edtica estadounidense, la diplomacia europea y la percepci\u00f3n internacional de Ir\u00e1n. Pero lo sorprendente es que las advertencias se repitieron durante d\u00e9cadas - y el momento decisivo nunca se materializ\u00f3.<\/p>\n<p>Esto no quiere decir que Ir\u00e1n sea inofensivo o poco ambicioso. Pero el hecho de que se haya utilizado la misma ret\u00f3rica durante 30 a\u00f1os tiene un efecto secundario estrat\u00e9gico: se desgasta. Una alarma que suena demasiado a menudo pierde su efecto. Y \u00e9sta es precisamente una de las razones por las que la situaci\u00f3n actual es tan delicada. Porque justo en el momento en que la situaci\u00f3n podr\u00eda descontrolarse de verdad por primera vez, la credibilidad de las viejas llamadas de alarma se ha visto da\u00f1ada.<\/p>\n<p>Es m\u00e1s, esta pol\u00edtica de advertencia de d\u00e9cadas ha llevado a Israel a deslizarse cada vez m\u00e1s profundamente en una l\u00f3gica en la que ya no puede dar marcha atr\u00e1s sin perder la cara estrat\u00e9gica. Cualquiera que diga durante d\u00e9cadas: \u201eEl enemigo est\u00e1 a punto de convertirse en existencialmente peligroso\u201c no puede simplemente adoptar una postura menos confrontativa m\u00e1s adelante sin poner en entredicho su propia pol\u00edtica.<\/p>\n<div class=\"lyte-wrapper\" style=\"width:640px;max-width:100%;margin:5px;\"><div class=\"lyMe\" id=\"WYL_Mzmtdwsef8s\"><div id=\"lyte_Mzmtdwsef8s\" data-src=\"https:\/\/www.markus-schall.de\/wp-content\/plugins\/wp-youtube-lyte\/lyteCache.php?origThumbUrl=%2F%2Fi.ytimg.com%2Fvi%2FMzmtdwsef8s%2Fhqdefault.jpg\" class=\"pL\"><div class=\"tC\"><div class=\"tT\"><\/div><\/div><div class=\"play\"><\/div><div class=\"ctrl\"><div class=\"Lctrl\"><\/div><div class=\"Rctrl\"><\/div><\/div><\/div><noscript><a href=\"https:\/\/youtu.be\/Mzmtdwsef8s\" rel=\"nofollow noopener\" target=\"_blank\"><img loading=\"lazy\" decoding=\"async\" src=\"https:\/\/www.markus-schall.de\/wp-content\/plugins\/wp-youtube-lyte\/lyteCache.php?origThumbUrl=https%3A%2F%2Fi.ytimg.com%2Fvi%2FMzmtdwsef8s%2F0.jpg\" alt=\"Miniatura de v\u00eddeo de YouTube\" width=\"640\" height=\"340\" \/><br \/>Ver este v\u00eddeo en YouTube<\/a><\/noscript><\/div><\/div><div class=\"lL\" style=\"max-width:100%;width:640px;margin:5px;\"><\/div><br \/>\nLos 33 a\u00f1os de advertencias nucleares a Ir\u00e1n de Benjam\u00edn Netanyahu | El futuro de la Uni\u00f3n Europea <a href=\"https:\/\/www.youtube.com\/@aljazeeraenglish\" target=\"_blank\" rel=\"nofollow noopener\">Al Jazeera Espa\u00f1ol<\/a><\/p>\n<h3>Por qu\u00e9 este alarmismo fracas\u00f3 estrat\u00e9gicamente<\/h3>\n<p>El alarmismo puede aportar ventajas pol\u00edticas a corto plazo. Genera presi\u00f3n pol\u00edtica interna, recaba apoyos y justifica medidas duras. Pero a largo plazo surge otro problema: llega un momento en que el mundo ya no escucha como es debido. En Israel, el alarmismo se ha institucionalizado. Pero fuera del pa\u00eds, el efecto es cada vez menor.<\/p>\n<p>Dos acontecimientos desempe\u00f1aron un papel fundamental:<\/p>\n<ol>\n<li><strong>Occidente se cans\u00f3<\/strong>Con el paso de los a\u00f1os, la comunidad internacional -sobre todo Estados Unidos y Europa- reaccion\u00f3 a las advertencias de forma cada vez m\u00e1s rutinaria: \u201eIr\u00e1n est\u00e1 al borde de la bomba\u201c se convirti\u00f3 en una afirmaci\u00f3n que se tomaba en serio, pero que ya no se categorizaba como una emergencia aguda. Esto cre\u00f3 situaciones en las que Israel esperaba presi\u00f3n, pero Occidente favorec\u00eda la distensi\u00f3n diplom\u00e1tica.<\/li>\n<li><strong>Ir\u00e1n aprendi\u00f3 a convivir con el alarmismo<\/strong>En lugar de dejarse intimidar, el r\u00e9gimen iran\u00ed incluso empez\u00f3 a utilizar las advertencias. Ayudaron a Ir\u00e1n a presentarse como v\u00edctima de la injerencia occidental. Y motivaron al r\u00e9gimen a ampliar sus redes regionales -precisamente para impedir que Israel o Estados Unidos atacaran militarmente en alg\u00fan momento.<\/li>\n<\/ol>\n<p>El alarmismo tuvo, por tanto, un efecto parad\u00f3jico: al final, reforz\u00f3 a quienes pretend\u00eda debilitar. Sin embargo, hay algo a\u00fan m\u00e1s grave: a fuerza de repetirlo constantemente, Occidente perdi\u00f3 el sentido de las verdaderas se\u00f1ales de escalada. Y esto es precisamente lo que se est\u00e1 vengando ahora, cuando por primera vez en mucho tiempo ha surgido una situaci\u00f3n en la que la amenaza es realmente real, din\u00e1mica y aguda.<\/p>\n<h3>El precio de 30 a\u00f1os de pol\u00edtica de \u201ela bomba llegar\u00e1 pronto<\/h3>\n<p>D\u00e9cadas de ret\u00f3rica han causado m\u00e1s da\u00f1os estrat\u00e9gicos: At\u00f3 la pol\u00edtica israel\u00ed a una l\u00ednea que dejaba cada vez menos margen de maniobra. Si durante d\u00e9cadas aseguras a la gente que impedir\u00e1s que Ir\u00e1n adquiera capacidad nuclear, en alg\u00fan momento s\u00f3lo quedan dos opciones:<\/p>\n<ol>\n<li>Llegas a tu destino.<\/li>\n<li>O perder\u00e1s tu competencia disuasoria.<\/li>\n<\/ol>\n<p>Es precisamente este predicamento el que caracteriza la escalada actual.<\/p>\n<h3>El endurecimiento de la pol\u00edtica interior<\/h3>\n<p>A lo largo de los a\u00f1os, Netanyahu ha construido una cultura pol\u00edtica en la que cualquier atisbo de distensi\u00f3n se interpretaba como debilidad. Esto ha creado en Israel una presi\u00f3n pol\u00edtica interna de expectativas que deja poco margen para las soluciones diplom\u00e1ticas. La sociedad se ha visto gradualmente condicionada a una actitud en la que la fuerza intransigente se considera la \u00fanica salida.<\/p>\n<p>Debido a la advertencia permanente, Israel se encuentra ahora en una situaci\u00f3n en la que un ataque iran\u00ed real -como est\u00e1 ocurriendo ahora- se ve autom\u00e1ticamente como una confirmaci\u00f3n de la narrativa de d\u00e9cadas. Dar marcha atr\u00e1s parece pr\u00e1cticamente imposible porque socavar\u00eda todo el argumento hist\u00f3rico. Esto deja a Israel ante un dilema en la actualidad:<\/p>\n<ul>\n<li>Si act\u00faa con demasiada vacilaci\u00f3n, pierde disuasi\u00f3n.<\/li>\n<li>Si act\u00faa con demasiada dureza, la situaci\u00f3n se descontrola.<\/li>\n<\/ul>\n<p>Esto es precisamente lo que hace que el conflicto actual sea tan peligroso: ya no es s\u00f3lo una reacci\u00f3n al comportamiento iran\u00ed. Es el resultado de d\u00e9cadas de autocompromiso.<\/p>\n<h3>Fatiga internacional<\/h3>\n<p>Y luego est\u00e1 Occidente. Estados Unidos est\u00e1 pol\u00edticamente agotado, Europa est\u00e1 paralizada en t\u00e9rminos de pol\u00edtica de seguridad. Aunque se escuchan las advertencias de Israel, su capacidad para hacerles caso es limitada. Esto significa que incluso si Israel quiere escalar, ya no puede estar seguro de que Occidente acepte las consecuencias.<\/p>\n<p>Esto lleva a una situaci\u00f3n en la que Israel probablemente reaccionar\u00e1 con m\u00e1s dureza de la que Occidente desear\u00eda - y al mismo tiempo recibir\u00e1 menos apoyo del que Israel espera. Una pesadilla estrat\u00e9gica para ambas partes.<\/p>\n<p>Analizar los 30 a\u00f1os de alarmismo de Netanyahu no es s\u00f3lo una digresi\u00f3n hist\u00f3rica. Es fundamental para comprender la din\u00e1mica actual. Israel se encuentra en una situaci\u00f3n en la que no s\u00f3lo act\u00faa de forma reactiva, sino que lo hace en unas condiciones que \u00e9l mismo ha creado durante d\u00e9cadas. Ir\u00e1n, por su parte, lo sabe y lo aprovecha.<\/p>\n<p>Este cap\u00edtulo constituye, por tanto, el puente hacia las siguientes partes del art\u00edculo: el riesgo nuclear, el punto muerto estrat\u00e9gico y la cuesti\u00f3n de c\u00f3mo un conflicto puede entrar en una fase en la que incluso las decisiones claras ya no garantizan un resultado claro.<\/p>\n<p><img loading=\"lazy\" decoding=\"async\" class=\"alignnone wp-image-5219 size-full\" src=\"https:\/\/www.markus-schall.de\/wp-content\/uploads\/Israel-Iran-Strategischer-Albtraum-Schach.jpg\" alt=\"El conflicto es la pesadilla de todo estratega\" width=\"1024\" height=\"683\" srcset=\"https:\/\/www.markus-schall.de\/wp-content\/uploads\/Israel-Iran-Strategischer-Albtraum-Schach.jpg 1024w, https:\/\/www.markus-schall.de\/wp-content\/uploads\/Israel-Iran-Strategischer-Albtraum-Schach-300x200.jpg 300w, https:\/\/www.markus-schall.de\/wp-content\/uploads\/Israel-Iran-Strategischer-Albtraum-Schach-768x512.jpg 768w, https:\/\/www.markus-schall.de\/wp-content\/uploads\/Israel-Iran-Strategischer-Albtraum-Schach-18x12.jpg 18w\" sizes=\"auto, (max-width: 1024px) 100vw, 1024px\" \/><\/p>\n<h2>Por qu\u00e9 este conflicto es la pesadilla de todo estratega<\/h2>\n<p>Si se analiza con sobriedad la situaci\u00f3n actual, uno se da cuenta r\u00e1pidamente de que Israel se encuentra en una trampa de pol\u00edtica de seguridad que apenas se ha repetido en la historia moderna. No porque el pa\u00eds sea militarmente d\u00e9bil, al contrario. Israel cuenta con uno de los ej\u00e9rcitos m\u00e1s modernos del mundo, reconocimiento, sistemas de armas precisos y una doctrina de defensa practicada durante d\u00e9cadas. Pero, parad\u00f3jicamente, es precisamente esta fortaleza la que forma parte del problema actual.<\/p>\n<p>La existencia de Israel est\u00e1 amenazada, no en abstracto, sino en la realidad. El lanzamiento de cohetes de los \u00faltimos d\u00edas y semanas ha demostrado lo r\u00e1pido que puede inclinarse la situaci\u00f3n cuando un adversario sobrecarga deliberadamente un sistema. La C\u00fapula de Hierro es una tecnolog\u00eda impresionante, pero no es infinitamente resistente. Y cada impacto que consigue atravesarla no es s\u00f3lo un acontecimiento militar, sino un choque psicol\u00f3gico para un pa\u00eds que ha podido confiar en su superioridad durante d\u00e9cadas. Esto crea un doble dilema:<\/p>\n<ul>\n<li>Si Israel reacciona con demasiada debilidad, perder\u00e1 capacidad de disuasi\u00f3n, tanto interna como externa.<\/li>\n<li>Si reacciona con demasiada dureza, se arriesga a una escalada regional e incluso a escenarios impensables hace poco tiempo.<\/li>\n<\/ul>\n<p>En pol\u00edtica de seguridad cl\u00e1sica, esto se conoce como una \u201earquitectura de perder-perder\u201c: cada camino conduce a desventajas, cada paso es anticipado por el enemigo y cada renuncia parece debilidad. Este es exactamente el tipo de situaci\u00f3n que temen los estrategas porque no permite una v\u00eda clara de actuaci\u00f3n.<\/p>\n<h3>El dilema de EE.UU.<\/h3>\n<p>El segundo actor central en este conflicto es Estados Unidos. Y aqu\u00ed tambi\u00e9n se pone de manifiesto un enredo estrat\u00e9gico de notable profundidad. Durante d\u00e9cadas, Estados Unidos se ha erigido en garante de la seguridad de Israel. Pol\u00edtica, militar y ret\u00f3ricamente. Dif\u00edcilmente se puede volver atr\u00e1s sin poner en peligro todo el equilibrio de seguridad en Oriente Pr\u00f3ximo y, al mismo tiempo, da\u00f1ar su credibilidad en todo el mundo. Pero hoy, los EE:<\/p>\n<ul>\n<li>pol\u00edticamente dividida,<\/li>\n<li>internacionalmente sobredimensionado,<\/li>\n<li>econ\u00f3micamente enfermo,<\/li>\n<li>y pol\u00edtica de seguridad en varias regiones simult\u00e1neamente (Europa, Indo-Pac\u00edfico, Oriente Medio).<\/li>\n<\/ul>\n<p>Esta sobrecarga significa que Washington tiene que se\u00f1alar claramente que est\u00e1 al lado de Israel, pero al mismo tiempo intenta desesperadamente evitar verse arrastrado \u00e9l mismo a una guerra. El resultado es una pol\u00edtica que no parece ni coherente ni inequ\u00edvoca. Y es precisamente esta falta de claridad lo que resulta muy peligroso en las escaladas geopol\u00edticas. Porque si un actor importante vacila, un actor m\u00e1s peque\u00f1o tiene que reaccionar con mayor dureza para mantener cre\u00edble su propia l\u00ednea roja. Esta es una din\u00e1mica que Israel est\u00e1 sintiendo ahora y que restringe a\u00fan m\u00e1s su margen de maniobra.<\/p>\n<p>Para los estrategas, esto crea un escenario en el que ning\u00fan actor central puede realmente actuar con libertad. Y esto es precisamente lo que aumenta el riesgo de que se produzcan acontecimientos incontrolables.<\/p>\n<h3>El punto m\u00e1s peligroso: cuando una de las partes cree que ya \u201eno tiene elecci\u00f3n\u201c<\/h3>\n<p>En la historia de los grandes conflictos, hay una fase especialmente peligrosa: aquella en la que los actores est\u00e1n convencidos de que sus opciones se han agotado. Si Israel cree que su propia existencia est\u00e1 amenazada y que las v\u00edas diplom\u00e1ticas ya no ofrecen ninguna seguridad, entonces se vuelven concebibles medidas que antes eran impensables.<\/p>\n<p>Lo mismo puede decirse de Ir\u00e1n. Y eso es precisamente lo que hace que la situaci\u00f3n sea tan explosiva.<\/p>\n<p>Las siguientes fases de la escalada no son concebibles porque los actores sean irracionales, sino porque se sienten racionalmente acorralados. Cuando caen los misiles, cuando cambia el humor social, cuando surge la sensaci\u00f3n de que el tiempo corre en tu contra, entonces la l\u00f3gica de la pol\u00edtica es sustituida por la l\u00f3gica de la seguridad desnuda.<\/p>\n<p>Este es el momento en que los conflictos se vuelven impredecibles. Y aqu\u00ed es donde entra en juego la din\u00e1mica de la teor\u00eda de juegos, que pone nerviosos a todos los estrategas:<\/p>\n<ul>\n<li>Cada uno espera a que el otro ceda.<\/li>\n<li>Nadie puede ceder sin quedar mal.<\/li>\n<li>Cada retraso genera presi\u00f3n pol\u00edtica interna.<\/li>\n<li>Cada reacci\u00f3n es interpretada por el adversario como precursora de un ataque.<\/li>\n<\/ul>\n<p>Esto crea espirales de escalada que nadie puede detener porque cada paso que da el adversario es le\u00eddo como una confirmaci\u00f3n de sus propios temores.<\/p>\n<h3>Cuando la disuasi\u00f3n se desmorona - y por qu\u00e9 es tan peligrosa<\/h3>\n<p>La disuasi\u00f3n s\u00f3lo funciona si ambas partes creen que la otra reacciona racionalmente y quiere evitar una escalada. Pero en este conflicto, es precisamente este requisito previo el que est\u00e1 amenazado.<\/p>\n<p>Israel debe demostrar su capacidad de actuaci\u00f3n para proteger a su propia poblaci\u00f3n. Ir\u00e1n debe mostrar fuerza para asegurar su poder regional. Ninguno de los dos actores puede permitirse ser d\u00e9bil. Y es precisamente esta incompatibilidad mutua la que conduce a una situaci\u00f3n en la que cada paso -incluso los pasos defensivos- puede parecer una acci\u00f3n ofensiva. Cuando la disuasi\u00f3n flaquea, se crea un margen para las malas interpretaciones:<\/p>\n<ul>\n<li>Una imagen de radar mal interpretada.<\/li>\n<li>Un discurso pol\u00edtico exagerado.<\/li>\n<li>Una operaci\u00f3n dirigida por milicianos que no conviene a ninguno de los dos bandos.<\/li>\n<li>Un fallo t\u00e9cnico en la comunicaci\u00f3n.<\/li>\n<\/ul>\n<p>Hist\u00f3ricamente, son precisamente momentos como \u00e9ste los que han desencadenado grandes guerras.<\/p>\n<h3>El escenario actual es una pesadilla cl\u00e1sica<\/h3>\n<p>La raz\u00f3n por la que los estrategas ven el desarrollo actual como una pesadilla es sorprendentemente sencilla: todos los mecanismos de estabilidad en los que se ha confiado durante los \u00faltimos 40 a\u00f1os se han debilitado.<\/p>\n<ul>\n<li>EE.UU. no es lo suficientemente claro.<\/li>\n<li>Europa es impotente.<\/li>\n<li>Israel est\u00e1 sobrecargado, tanto interna como externamente.<\/li>\n<li>Ir\u00e1n tiene m\u00e1s confianza en s\u00ed mismo que nunca.<\/li>\n<li>Rusia y China est\u00e1n al margen: influyen, pero no controlan.<\/li>\n<\/ul>\n<p>Esto significa que los frenos cl\u00e1sicos ya no funcionan. En una situaci\u00f3n as\u00ed, incluso una peque\u00f1a acci\u00f3n puede desencadenar un gran movimiento: un ataque, una metedura de pata diplom\u00e1tica, una reacci\u00f3n exagerada o simplemente un malentendido.<\/p>\n<p>Por tanto, la regi\u00f3n se encuentra en un punto en el que cualquier paso hacia la escalada parece m\u00e1s realista que cualquier paso hacia la distensi\u00f3n. Y \u00e9sta es precisamente la pesadilla estructural sobre la que los expertos llevan meses advirtiendo.<\/p>\n<h3>Entre la esperanza y el peligro: un pa\u00eds en estado de emergencia interna<\/h3>\n<p>Las impresiones de este v\u00eddeo muestran un Ir\u00e1n desgarrado internamente: en las calles, la cautelosa alegr\u00eda por un posible cambio pol\u00edtico se mezcla con el miedo profundamente arraigado a las omnipresentes fuerzas de seguridad. Mucha gente espera el fin de d\u00e9cadas de opresi\u00f3n, pero el r\u00e9gimen mantiene unido al pa\u00eds con un f\u00e9rreo control, ahora adem\u00e1s solapado por los bombardeos.<\/p>\n<div class=\"lyte-wrapper\" style=\"width:640px;max-width:100%;margin:5px;\"><div class=\"lyMe\" id=\"WYL_9B7ONOR_jSM\"><div id=\"lyte_9B7ONOR_jSM\" data-src=\"https:\/\/www.markus-schall.de\/wp-content\/plugins\/wp-youtube-lyte\/lyteCache.php?origThumbUrl=%2F%2Fi.ytimg.com%2Fvi%2F9B7ONOR_jSM%2Fhqdefault.jpg\" class=\"pL\"><div class=\"tC\"><div class=\"tT\"><\/div><\/div><div class=\"play\"><\/div><div class=\"ctrl\"><div class=\"Lctrl\"><\/div><div class=\"Rctrl\"><\/div><\/div><\/div><noscript><a href=\"https:\/\/youtu.be\/9B7ONOR_jSM\" rel=\"nofollow noopener\" target=\"_blank\"><img loading=\"lazy\" decoding=\"async\" src=\"https:\/\/www.markus-schall.de\/wp-content\/plugins\/wp-youtube-lyte\/lyteCache.php?origThumbUrl=https%3A%2F%2Fi.ytimg.com%2Fvi%2F9B7ONOR_jSM%2F0.jpg\" alt=\"Miniatura de v\u00eddeo de YouTube\" width=\"640\" height=\"340\" \/><br \/>Ver este v\u00eddeo en YouTube<\/a><\/noscript><\/div><\/div><div class=\"lL\" style=\"max-width:100%;width:640px;margin:5px;\"><\/div><br \/>\nIr\u00e1n: Los primeros d\u00edas de esta guerra <a href=\"https:\/\/www.youtube.com\/@ARTEde\" target=\"_blank\" rel=\"nofollow noopener\">Reportaje ARTE<\/a><\/p>\n<p>Al mismo tiempo, decenas de miles de exiliados iran\u00edes en el Kurdist\u00e1n iraqu\u00ed esperan ansiosos su regreso, mientras el r\u00e9gimen alimenta su propia narrativa. La esperanza y la represi\u00f3n est\u00e1n m\u00e1s unidas que nunca.<\/p>\n<h2>Escenarios nucleares antes impensables<\/h2>\n<p>Hace tan s\u00f3lo unos a\u00f1os, casi nadie se habr\u00eda planteado seriamente la posibilidad de que se utilizaran armas nucleares t\u00e1cticas en Oriente Pr\u00f3ximo. La mayor\u00eda de los expertos lo habr\u00edan tachado de alarmismo, de experimento te\u00f3rico sin relevancia pr\u00e1ctica. Pero hoy nos encontramos en una situaci\u00f3n en la que este tema no s\u00f3lo se discute anal\u00edticamente, sino que se ha convertido en una realidad militar-estrat\u00e9gica.<\/p>\n<p>Hay muchas razones para ello. En primer lugar, se debe a la especial situaci\u00f3n de Israel: un pa\u00eds peque\u00f1o, densamente poblado, rodeado de enemigos con una tecnolog\u00eda de misiles y drones cada vez m\u00e1s avanzada. Cuando un Estado siente que su existencia est\u00e1 f\u00edsicamente amenazada y los medios convencionales est\u00e1n llegando a su l\u00edmite, entonces medidas que antes eran tab\u00fa pasan al terreno de lo concebible.<\/p>\n<p>Y luego est\u00e1 Ir\u00e1n. Un pa\u00eds que tiene una cultura de seguridad completamente diferente y cuyo af\u00e1n de poder regional est\u00e1 abiertamente dirigido a socavar a Israel pol\u00edtica, psicol\u00f3gica y militarmente. En los \u00faltimos a\u00f1os, Ir\u00e1n no s\u00f3lo ha ampliado masivamente sus sistemas bal\u00edsticos, sino que tambi\u00e9n ha reforzado su red de grupos interpuestos hasta tal punto que la disuasi\u00f3n convencional resulta cada vez m\u00e1s ineficaz.<\/p>\n<p>Esta combinaci\u00f3n est\u00e1 conduciendo a un clima geopol\u00edtico en el que el umbral de lo impensable est\u00e1 cayendo. Esto no significa que el uso de la energ\u00eda nuclear sea probable, pero ya no es impensable. Y este hecho por s\u00ed solo cambia toda la din\u00e1mica.<\/p>\n<h3>Efectos domin\u00f3: Cuando cae una bomba<\/h3>\n<p>Al hablar de escenarios nucleares, no debemos ser ingenuos. El uso de un arma nuclear t\u00e1ctica -independientemente del bando- sacudir\u00eda toda la arquitectura de la seguridad internacional.<\/p>\n<p>Esto no s\u00f3lo afecta a Israel e Ir\u00e1n. Afecta a toda la regi\u00f3n y, m\u00e1s all\u00e1, a todos los Estados que est\u00e1n relacionados con el conflicto de alg\u00fan modo.<\/p>\n<h3>Reacci\u00f3n inmediata de Ir\u00e1n<\/h3>\n<p>Un ataque nuclear en territorio iran\u00ed ser\u00eda un acontecimiento que estabilizar\u00eda el r\u00e9gimen de Teher\u00e1n a nivel interno, no que lo debilitar\u00eda. Cualquier oposici\u00f3n callar\u00eda de repente. Los dirigentes podr\u00edan legitimar todas las medidas militares, independientemente de su alcance, como \u201edefensa de la patria\u201c. Y probablemente contar\u00eda con un fuerte apoyo pol\u00edtico interno.<\/p>\n<p>Ir\u00e1n intentar\u00eda contraatacar inmediatamente y de forma masiva. Esto podr\u00eda hacerse utilizando misiles, aviones no tripulados o milicias, dependiendo de qu\u00e9 medios seguir\u00edan siendo funcionales despu\u00e9s de un ataque de este tipo. No podr\u00eda descartarse un segundo, tercer y cuarto ataque porque Teher\u00e1n no puede permitirse aparecer derrotado o intimidado.<\/p>\n<h3>El papel de Pakist\u00e1n<\/h3>\n<p>Aqu\u00ed es donde el escenario se vuelve global. Pakist\u00e1n es una potencia nuclear con estrechos v\u00ednculos religiosos y culturales con el mundo isl\u00e1mico. Un ataque a un pa\u00eds musulm\u00e1n con un arma nuclear -aunque fuera militarmente limitado- ejercer\u00eda una enorme presi\u00f3n sobre el gobierno pakistan\u00ed.<\/p>\n<p>\u00bfReaccionar\u00eda Pakist\u00e1n con armas nucleares? Muy improbable, porque ser\u00eda un acto suicida para el pa\u00eds. Pero: la escalada ret\u00f3rica ser\u00eda gigantesca. El ej\u00e9rcito podr\u00eda movilizarse. Y la sola amenaza agravar\u00eda dram\u00e1ticamente la situaci\u00f3n.<\/p>\n<h3>Los Estados \u00e1rabes<\/h3>\n<p>Arabia Saud\u00ed, Emiratos \u00c1rabes Unidos, Qatar... todos ellos se encontrar\u00edan en una posici\u00f3n dif\u00edcil. Muchos de ellos cooperan encubierta o abiertamente con Israel, pero un ataque nuclear contra un pa\u00eds musulm\u00e1n desencadenar\u00eda una ola de emociones que someter\u00eda a sus gobiernos a una enorme presi\u00f3n. Se ver\u00edan obligados a posicionarse p\u00fablicamente, aunque estrat\u00e9gicamente prefirieran evitarlo.<\/p>\n<h3>Occidente<\/h3>\n<p>El uso nuclear por parte de Israel sumir\u00eda a Estados Unidos y Europa en un profundo dilema. No podr\u00edan apoyar abiertamente la acci\u00f3n sin perder toda su base moral, pero tampoco podr\u00edan condenarla claramente sin destruir su l\u00ednea de pol\u00edtica de seguridad. Occidente quedar\u00eda paralizado.<\/p>\n<p>Y esa es precisamente la posici\u00f3n m\u00e1s peligrosa en una crisis nuclear.<\/p>\n<h3>Lo que las grandes potencias pueden controlar hoy en d\u00eda, y lo que no<\/h3>\n<p>Durante mucho tiempo prevaleci\u00f3 la idea de que las grandes potencias -Estados Unidos, Rusia y China- estaban en condiciones de estabilizar o al menos limitar los conflictos regionales. Sin embargo, la situaci\u00f3n actual demuestra claramente que esta influencia ya no es lo que era.<\/p>\n<ul>\n<li><strong>Estados Unidos<\/strong>Estados Unidos se encuentra en un estado de sobrecarga geopol\u00edtica. Debe al mismo tiempo estabilizar Europa, contener a China y vigilar Oriente Pr\u00f3ximo. Su capacidad para detener a Israel o frenar a Ir\u00e1n es limitada. Pueden aconsejar, advertir y amenazar, pero no pueden dictar decisiones a los actores regionales.<\/li>\n<li><strong>Rusia<\/strong>Mosc\u00fa ha tenido hist\u00f3ricamente influencia sobre Ir\u00e1n, pero hoy las dependencias van en ambas direcciones. Rusia necesita la tecnolog\u00eda iran\u00ed de aviones no tripulados y su apoyo pol\u00edtico. Puede dar recomendaciones a Ir\u00e1n, pero no \u00f3rdenes. Un ataque nuclear har\u00eda saltar las alarmas en Mosc\u00fa, pero Rusia no podr\u00eda impedirlo ni responder eficazmente.<\/li>\n<li><strong>China<\/strong>China tiene otras prioridades: la estabilidad econ\u00f3mica, los corredores de la Ruta de la Seda, el suministro energ\u00e9tico. Pek\u00edn no quiere una escalada, pero no se arriesgar\u00e1 a oponerse abiertamente a Ir\u00e1n. La influencia de China consiste principalmente en la moderaci\u00f3n diplom\u00e1tica, no en el control estrat\u00e9gico.<\/li>\n<\/ul>\n<p>El resultado: por primera vez en d\u00e9cadas, nos encontramos en un mundo en el que ninguna gran potencia tiene suficiente influencia para evitar con seguridad una escalada nuclear. Esto no significa que la escalada sea probable, pero es posible. Y eso basta para hacer inestable toda la estructura geopol\u00edtica.<\/p>\n<p><img loading=\"lazy\" decoding=\"async\" class=\"alignnone wp-image-5221 size-full\" src=\"https:\/\/www.markus-schall.de\/wp-content\/uploads\/Israel-Iran-Strategischer-Albtraum-Medien.jpg\" alt=\"El papel de los medios de comunicaci\u00f3n\" width=\"1024\" height=\"683\" srcset=\"https:\/\/www.markus-schall.de\/wp-content\/uploads\/Israel-Iran-Strategischer-Albtraum-Medien.jpg 1024w, https:\/\/www.markus-schall.de\/wp-content\/uploads\/Israel-Iran-Strategischer-Albtraum-Medien-300x200.jpg 300w, https:\/\/www.markus-schall.de\/wp-content\/uploads\/Israel-Iran-Strategischer-Albtraum-Medien-768x512.jpg 768w, https:\/\/www.markus-schall.de\/wp-content\/uploads\/Israel-Iran-Strategischer-Albtraum-Medien-18x12.jpg 18w\" sizes=\"auto, (max-width: 1024px) 100vw, 1024px\" \/><\/p>\n<h2>El papel de los medios de comunicaci\u00f3n: la falta de informaci\u00f3n como riesgo para la seguridad<\/h2>\n<p>Si se quiere entender por qu\u00e9 tanta gente en Europa, y especialmente en Alemania, no puede comprender la gravedad de la situaci\u00f3n actual, hay que fijarse en la forma de trabajar de los medios de comunicaci\u00f3n occidentales. No en el sentido de una cr\u00edtica conspirativa, sino con sobriedad: nuestros medios de comunicaci\u00f3n trabajan tradicionalmente con un filtro destinado a tranquilizar a la poblaci\u00f3n en lugar de confrontarla con toda la fuerza de la realidad.<\/p>\n<p>Este principio tiene ra\u00edces hist\u00f3ricas. Durante d\u00e9cadas, el Estado y las grandes empresas privadas de medios de comunicaci\u00f3n se han esforzado por presentar los conflictos de forma estructurada, ordenada y de manera que suscite el menor temor posible a una escalada. Las noticias deben informar, pero no abrumar. Deben explicar, pero no traumatizar. Y siempre deben transmitir la impresi\u00f3n de que las instituciones pol\u00edticas tienen \u201etodo bajo control\u201c.<\/p>\n<p>El problema es que: En una situaci\u00f3n como la actual, es precisamente esta actitud la que da a la gente una imagen falsa de la realidad. Cuando los ataques nocturnos con misiles, los ataques masivos, la sobrecarga de los sistemas de defensa y las se\u00f1ales de escalada geopol\u00edtica se resumen en un informe de tres minutos, se crea un peligroso vac\u00edo entre la verdadera situaci\u00f3n y la conciencia p\u00fablica.<\/p>\n<p>Y este vac\u00edo no es inocuo. Influye en las decisiones pol\u00edticas, los debates democr\u00e1ticos, las prioridades sociales y, en \u00faltima instancia, tambi\u00e9n en la capacidad de un pa\u00eds para tomarse en serio las crisis antes de que lleguen a \u00e9l.<\/p>\n<h3>Las fotos reales que no se muestran<\/h3>\n<p>Existe una clara discrepancia entre lo que la gente ve en las redes sociales y lo que muestran los medios de comunicaci\u00f3n tradicionales. Mientras que en Internet circulan v\u00eddeos sin filtrar de ataques, disparos de cohetes y destrucci\u00f3n, las im\u00e1genes de los informativos tradicionales parecen a menudo ilustraciones abstra\u00eddas de una situaci\u00f3n supuestamente controlada. Hay muchas razones para ello:<\/p>\n<ul>\n<li><strong>Precauci\u00f3n editorial<\/strong>Las im\u00e1genes con un fuerte impacto emocional no deben reproducirse de forma incontrolada para no conmocionar o radicalizar a la poblaci\u00f3n.<\/li>\n<li><strong>Responsabilidad pol\u00edtica<\/strong>Muchas redacciones consideran su deber no poner en peligro innecesariamente la estabilidad del Estado, especialmente en crisis internacionales.<\/li>\n<li><strong>Autoimagen de los medios de comunicaci\u00f3n de servicio p\u00fablico<\/strong>Deben orientar, no abrumar. A menudo, esto conduce a que lo que realmente est\u00e1 ocurriendo quede embutido en un molde m\u00e1s educativo que period\u00edstico.<\/li>\n<\/ul>\n<p>Sin embargo, el efecto de este filtrado es fatal: la gente percibe que algo va mal, pero no recibe suficiente informaci\u00f3n para categorizar esta sensaci\u00f3n. Como resultado, crece la desconfianza y, al mismo tiempo, la mayor\u00eda permanece pasiva porque la narrativa oficial no transmite la gravedad de la situaci\u00f3n.<\/p>\n<p>Se podr\u00eda decir que la gente ve el mundo a trav\u00e9s de un cristal esmerilado. Pueden ver los contornos del peligro, pero no su forma.<\/p>\n<h3>Consecuencias de la distorsi\u00f3n de la informaci\u00f3n: una poblaci\u00f3n que vive sin conocimiento de la situaci\u00f3n<\/h3>\n<p>Las sociedades s\u00f3lo pueden superar las crisis si conocen la realidad. Estar informado es un factor de pol\u00edtica de seguridad, no un lujo. Pero aqu\u00ed es precisamente donde surge un problema estructural en la situaci\u00f3n actual.<\/p>\n<ol>\n<li><strong>Se dificulta la toma de decisiones democr\u00e1tica<\/strong><br \/>\nSi la poblaci\u00f3n no comprende lo peligrosa que es realmente una situaci\u00f3n geopol\u00edtica, toma decisiones basadas en una visi\u00f3n distorsionada del mundo. Conf\u00edan en que las instituciones estatales lo tienen todo bajo control, aunque estas mismas instituciones a menudo no tengan una estrategia clara.<br \/>\nUna democracia necesita ciudadanos responsables, pero la responsabilidad requiere conocimiento.<\/li>\n<li><strong>La presi\u00f3n pol\u00edtica fracasa<\/strong><br \/>\nLos gobiernos s\u00f3lo suelen reaccionar ante las crisis internacionales cuando aumenta la presi\u00f3n de la poblaci\u00f3n. Sin embargo, si la gente s\u00f3lo llega a ver versiones suavizadas de la realidad, la presi\u00f3n pol\u00edtica tambi\u00e9n se debilita. El resultado es la inercia, que puede ser peligrosa en situaciones de escalada.<\/li>\n<li><strong>Falta de resiliencia en la sociedad<\/strong><br \/>\nLa resiliencia -la capacidad de hacer frente a las crisis- no surge de la tranquilidad, sino de una evaluaci\u00f3n realista. Una sociedad que s\u00f3lo percibe las crisis de forma abstracta se ver\u00e1 sorprendida y desbordada en caso de emergencia.<br \/>\nLa transici\u00f3n psicol\u00f3gica entre \u201eEsto est\u00e1 muy lejos\u201c y \u201eEsto nos afecta directamente\u201c puede producirse en cuesti\u00f3n de horas, y es precisamente cuando un pa\u00eds necesita una poblaci\u00f3n informada que no reaccione con p\u00e1nico, sino que comprenda lo que est\u00e1 ocurriendo.<\/li>\n<li><strong>Espacio para la propaganda, la especulaci\u00f3n y el miedo<\/strong><br \/>\nSi la informaci\u00f3n oficial no es suficiente, la gente busca otras fuentes. Es el comportamiento humano. Pero abre la puerta a la desinformaci\u00f3n, la dramatizaci\u00f3n, las narrativas conspirativas o la sobreinterpretaci\u00f3n de acontecimientos concretos.<\/li>\n<\/ol>\n<p>Y esto es exactamente lo que estamos experimentando actualmente a gran escala. Las lagunas informativas no se llenan con buenas alternativas, sino con interpretaciones extremas, mientras los medios de comunicaci\u00f3n oficiales siguen apaciguando los \u00e1nimos.<\/p>\n<p>Esta es la combinaci\u00f3n m\u00e1s peligrosa de todas: una poblaci\u00f3n que instintivamente percibe que la situaci\u00f3n es grave, pero a la que sus propios medios de comunicaci\u00f3n no dan herramientas para categorizar este sentimiento.<\/p>\n<h3>Por qu\u00e9 este fracaso medi\u00e1tico agrava el conflicto<\/h3>\n<p>Ser\u00eda demasiado miope creer que los medios de comunicaci\u00f3n s\u00f3lo tienen un papel pasivo en esta crisis. En realidad, est\u00e1n influyendo en la din\u00e1mica:<br \/>\nLos gobiernos suelen actuar en funci\u00f3n de c\u00f3mo percibe la situaci\u00f3n su propia poblaci\u00f3n.<\/p>\n<p>A su vez, los Estados aliados vigilan el sentimiento de la opini\u00f3n p\u00fablica para ajustar sus decisiones estrat\u00e9gicas en consecuencia.<br \/>\nLos opositores explotan cualquier debilidad visible en la informaci\u00f3n de Occidente para reforzar su propia posici\u00f3n.<\/p>\n<p>Un Estado cuya poblaci\u00f3n no ve la realidad pierde margen de maniobra. Reacciona demasiado tarde, demasiado vacilante o demasiado impulsivamente. Y en una fase de escalada como \u00e9sta, eso es precisamente lo m\u00e1s peligroso.<\/p>\n<p>La distorsi\u00f3n medi\u00e1tica no s\u00f3lo crea falta de informaci\u00f3n, sino tambi\u00e9n ceguera estrat\u00e9gica. Y la ceguera estrat\u00e9gica es lo \u00faltimo que Occidente puede permitirse en esta situaci\u00f3n.<\/p>\n<h3>C\u00f3mo las im\u00e1genes de los medios influyen en nuestra percepci\u00f3n de los conflictos<\/h3>\n<p><a href=\"https:\/\/www.markus-schall.de\/es\/2026\/01\/historia-de-la-propaganda-metodos-formas-modernas-y-como-reconocerlas\/\"><img loading=\"lazy\" decoding=\"async\" class=\"alignright size-medium wp-image-4233\" src=\"https:\/\/www.markus-schall.de\/wp-content\/uploads\/Propaganda-titel-300x200.jpg\" alt=\"\u00bfQu\u00e9 es la propaganda?\" width=\"300\" height=\"200\" srcset=\"https:\/\/www.markus-schall.de\/wp-content\/uploads\/Propaganda-titel-300x200.jpg 300w, https:\/\/www.markus-schall.de\/wp-content\/uploads\/Propaganda-titel-768x512.jpg 768w, https:\/\/www.markus-schall.de\/wp-content\/uploads\/Propaganda-titel-18x12.jpg 18w, https:\/\/www.markus-schall.de\/wp-content\/uploads\/Propaganda-titel.jpg 1024w\" sizes=\"auto, (max-width: 300px) 100vw, 300px\" \/><\/a>Si se quiere entender la actual escalada entre Ir\u00e1n e Israel, tambi\u00e9n hay que comprender c\u00f3mo funcionan las modernas guerras de informaci\u00f3n. Hoy en d\u00eda, las guerras no s\u00f3lo se libran con misiles, sino tambi\u00e9n con im\u00e1genes, relatos y titulares cargados de emoci\u00f3n. La propaganda no significa necesariamente mentiras absolutas, sino a menudo una selecci\u00f3n selectiva de informaci\u00f3n destinada a crear una determinada percepci\u00f3n. Los hechos, las medias verdades y las im\u00e1genes fuertes se combinan a menudo de tal manera que desencadenan emociones e influyen en las interpretaciones pol\u00edticas. Analizo con detalle estos mecanismos, desde las im\u00e1genes simb\u00f3licas emocionales hasta la informaci\u00f3n selectiva, en el art\u00edculo de fondo <a href=\"https:\/\/www.markus-schall.de\/es\/2026\/01\/historia-de-la-propaganda-metodos-formas-modernas-y-como-reconocerlas\/\"><em><strong>\u201ePropaganda: historia, m\u00e9todos, formas modernas y c\u00f3mo reconocerlas\u201c<\/strong><\/em><\/a>, que muestra c\u00f3mo se crean las narrativas medi\u00e1ticas y por qu\u00e9 son especialmente eficaces en tiempos de crisis.<\/p>\n<hr \/>\n<h3>Encuesta actual sobre la confianza en la pol\u00edtica y los medios de comunicaci\u00f3n<\/h3>\n<div class='bootstrap-yop yop-poll-mc'>\n\t\t\t\t\t\t\t<div class=\"basic-yop-poll-container\" style=\"background-color:#ffffff; border:0px; border-style:solid; border-color:#000000; border-radius:5px; padding:0px 5px;\" data-id=\"1\" data-temp=\"basic-pretty\" data-skin=\"square\" data-cscheme=\"blue\" data-cap=\"0\" data-access=\"guest\" data-tid=\"\" data-uid=\"0843e967e8ff95566002c41f17e0c8f3\" data-pid=\"3850\" data-resdet=\"votes-number,percentages\" data-show-results-to=\"guest\" data-show-results-moment=\"after-vote\" data-show-results-only=\"false\" data-show-message=\"true\" data-show-results-as=\"bar\" data-sort-results-by=\"as-defined\" data-sort-results-rule=\"asc\"data-is-ended=\"0\" data-percentages-decimals=\"2\" data-gdpr=\"no\" data-gdpr-sol=\"consent\" data-css=\"\" data-counter=\"0\" data-load-with=\"1\" data-notification-section=\"top\"><div class=\"row\"><div class=\"col-md-12\"><div class=\"basic-inner\"><div class=\"basic-message hide\" style=\"border-left: 10px solid #008000; padding: 0px 10px;\" data-error=\"#ff0000\" data-success=\"#008000\"><p class=\"basic-message-text\" style=\"color:#000000; font-size:14px; font-weight:normal;\"><\/p><\/div><div class=\"basic-overlay hide\"><div class=\"basic-vote-options\"><\/div><div class=\"basic-preloader\"><div class=\"basic-windows8\"><div class=\"basic-wBall basic-wBall_1\"><div class=\"basic-wInnerBall\"><\/div><\/div><div class=\"basic-wBall basic-wBall_2\"><div class=\"basic-wInnerBall\"><\/div><\/div><div class=\"basic-wBall basic-wBall_3\"><div class=\"basic-wInnerBall\"><\/div><\/div><div class=\"basic-wBall basic-wBall_4\"><div class=\"basic-wInnerBall\"><\/div><\/div><div class=\"basic-wBall basic-wBall_5\"><div class=\"basic-wInnerBall\"><\/div><\/div><\/div><\/div><\/div><form class=\"basic-form\" action=\"\"><input type=\"hidden\" name=\"_token\" value=\"a4e938ed59\" autocomplete=\"off\"><div class=\"basic-elements\"><div class=\"basic-element basic-question basic-question-text-vertical\" data-id=\"1\" data-uid=\"7f4b8af4c93162d9ddf164266f0c927d\" data-type=\"question\" data-question-type=\"text\" data-required=\"yes\" data-allow-multiple=\"no\" data-min=\"1\" data-max=\"1\" data-display=\"vertical\" data-colnum=\"\" data-display-others=\"no\" data-others-color=\"\" data-others=\"\" data-others-max-chars=\"0\"><div class=\"basic-question-title\"><h5 style=\"color:#000000; font-size:16px; font-weight:normal; text-align:left;\">\u00bfQu\u00e9 grado de confianza le inspiran la pol\u00edtica y los medios de comunicaci\u00f3n en Alemania?<\/h5><\/div><ul class=\"basic-answers\"><li class=\"basic-answer\" style=\"padding:0px 0px;\" data-id=\"1\" data-type=\"text\" data-vn=\"10\" data-color=\"#000000\" data-make-link=\"no\" data-link=\"\"><div class=\"basic-answer-content basic-text-vertical\"><label for=\"answer[1]\" class=\"basic-answer-label\"><input type=\"radio\" id=\"answer[1]\" name=\"answer[1]\" value=\"1\"><span class=\"basic-text\" style=\"color: #000000; font-size: 14px; font-weight: normal;\">Muy alto - Conf\u00edo plenamente en los organismos oficiales<\/span><\/label><\/div><\/li><li class=\"basic-answer\" style=\"padding:0px 0px;\" data-id=\"2\" data-type=\"text\" data-vn=\"22\" data-color=\"#000000\" data-make-link=\"no\" data-link=\"\"><div class=\"basic-answer-content basic-text-vertical\"><label for=\"answer[2]\" class=\"basic-answer-label\"><input type=\"radio\" id=\"answer[2]\" name=\"answer[1]\" value=\"2\"><span class=\"basic-text\" style=\"color: #000000; font-size: 14px; font-weight: normal;\">Medio - Soy cauto, pero no desconf\u00edo fundamentalmente<\/span><\/label><\/div><\/li><li class=\"basic-answer\" style=\"padding:0px 0px;\" data-id=\"3\" data-type=\"text\" data-vn=\"53\" data-color=\"#000000\" data-make-link=\"no\" data-link=\"\"><div class=\"basic-answer-content basic-text-vertical\"><label for=\"answer[3]\" class=\"basic-answer-label\"><input type=\"radio\" id=\"answer[3]\" name=\"answer[1]\" value=\"3\"><span class=\"basic-text\" style=\"color: #000000; font-size: 14px; font-weight: normal;\">Bajo - Compruebo muchas cosas yo mismo<\/span><\/label><\/div><\/li><li class=\"basic-answer\" style=\"padding:0px 0px;\" data-id=\"4\" data-type=\"text\" data-vn=\"251\" data-color=\"#000000\" data-make-link=\"no\" data-link=\"\"><div class=\"basic-answer-content basic-text-vertical\"><label for=\"answer[4]\" class=\"basic-answer-label\"><input type=\"radio\" id=\"answer[4]\" name=\"answer[1]\" value=\"4\"><span class=\"basic-text\" style=\"color: #000000; font-size: 14px; font-weight: normal;\">Apenas existe - creo que mucho es velado o escenificado<\/span><\/label><\/div><\/li><\/ul><\/div><div class=\"clearfix\"><\/div><\/div><div class=\"basic-vote\"><a href=\"#\" class=\"button basic-vote-button\" role=\"button\" style=\"background:#027bb8; border:0px; border-style: solid; border-color:#1636f0; border-radius:5px; padding:10px 10px; color:#ffffff; font-size:14px; font-weight:normal;\">Vote<\/a><\/div><input type=\"hidden\" name=\"trp-form-language\" value=\"es\"\/><\/form><\/div><\/div><\/div><\/div>\n\t\t\t\t\t\t<\/div>\n<hr \/>\n<h2>El temblor econ\u00f3mico: Por qu\u00e9 las empresas se callan<\/h2>\n<p>Cuando un conflicto como el que enfrenta a Israel e Ir\u00e1n se recrudece, no s\u00f3lo se nota en las reacciones pol\u00edticas, las declaraciones diplom\u00e1ticas o los movimientos militares. Se deja sentir sobre todo en un fen\u00f3meno que empieza silenciosamente pero pesa mucho: La econom\u00eda se pone nerviosa. Y en contextos econ\u00f3micos, el nerviosismo es una se\u00f1al de enorme impacto.<\/p>\n<p>No es casualidad que en estos momentos los tel\u00e9fonos de muchas empresas est\u00e9n en silencio, las inversiones se pospongan y los procesos de toma de decisiones se estanquen. Las personas reaccionan instintivamente ante la incertidumbre. Y las empresas, en \u00faltima instancia, no son m\u00e1s que grupos organizados de personas que intentan minimizar los riesgos. En tiempos como estos, la perspectiva cambia:<\/p>\n<ul>\n<li>La gente ya no piensa de forma expansiva, sino defensiva.<\/li>\n<li>La atenci\u00f3n ya no se centra en el crecimiento, sino en la estabilidad.<\/li>\n<li>Se evitan los compromisos a largo plazo y se mantiene la liquidez.<\/li>\n<\/ul>\n<p>Los conflictos geopol\u00edticos conducen a una especie de par\u00e1lisis econ\u00f3mica. Y es precisamente este estado de conmoci\u00f3n el que se ha dejado sentir en todo el mundo durante meses - especialmente en Europa, y con notable fuerza en Alemania, donde la estructura econ\u00f3mica b\u00e1sica ha estado bajo presi\u00f3n de todos modos durante a\u00f1os.<\/p>\n<p>La raz\u00f3n es sencilla: la econom\u00eda necesita previsibilidad. Sin embargo, esta previsibilidad ha desaparecido actualmente, en todo el mundo y en una medida que recuerda a la crisis energ\u00e9tica, a la crisis financiera o incluso a puntos de ruptura hist\u00f3ricos.<\/p>\n<h3>Precios de la energ\u00eda, rutas de transporte, primas de riesgo<\/h3>\n<p>Oriente Medio no es una regi\u00f3n cualquiera: es el centro neur\u00e1lgico del abastecimiento energ\u00e9tico mundial, de las rutas comerciales y de la estabilidad geopol\u00edtica. En cuanto esta regi\u00f3n empieza a tambalearse, los sistemas econ\u00f3micos aparentemente lejanos se tambalean autom\u00e1ticamente.<\/p>\n<ul>\n<li><strong>La cuesti\u00f3n energ\u00e9tica<\/strong><br \/>\nBasta una chispa en el Golfo P\u00e9rsico para que los precios del petr\u00f3leo se disparen. Y no lentamente, sino en horas. Las empresas deben reaccionar. Las industrias intensivas en energ\u00eda no sufrir\u00e1n el a\u00f1o que viene, sino inmediatamente. Cada perturbaci\u00f3n en el estrecho de Ormuz, cada amenaza contra los petroleros, cada indicio de bloqueo mar\u00edtimo act\u00faa como una se\u00f1al de precios en tiempo real. Para Europa, ya dependiente de fuentes de energ\u00eda externas, esto significa que el riesgo se convierte en un factor de coste que corroe todas las cadenas de suministro.<\/li>\n<li><strong>Las rutas de transporte como tal\u00f3n de Aquiles<\/strong><br \/>\nLas econom\u00edas modernas est\u00e1n interrelacionadas a escala mundial y las rutas comerciales est\u00e1n m\u00e1s estrechamente conectadas que nunca. En cuanto surgen incertidumbres en el Mar Rojo, el Golfo de Om\u00e1n o el Mediterr\u00e1neo Oriental, aumentan los costes de flete, las primas de seguros y los plazos de entrega.<br \/>\nLa econom\u00eda puede parecer abstracta, pero es tan sensible como un sistema nervioso. Cuando un gran nervio se irrita, todo el sistema vibra.<\/li>\n<li><strong>Seguros y primas de riesgo<\/strong><br \/>\nEn tiempos de crisis geopol\u00edtica, las compa\u00f1\u00edas de seguros se ponen nerviosas, y cuando las compa\u00f1\u00edas de seguros se ponen nerviosas, la econom\u00eda se encarece. Las primas de riesgo suben, los pr\u00e9stamos se encarecen y los proyectos de escaso margen dejan de ser rentables de repente.<\/li>\n<\/ul>\n<p>Vivimos en un mundo en el que los riesgos pol\u00edticos se traducen directamente en indicadores econ\u00f3micos. Y esto ocurre a una velocidad que sorprende a muchos.<\/p>\n<h3>Las empresas pasan instintivamente a \u201eesperar y ver\u201c<\/h3>\n<p>El comportamiento econ\u00f3mico no s\u00f3lo sigue an\u00e1lisis racionales. Sigue pautas psicol\u00f3gicas. Y estos patrones tienen siglos de antig\u00fcedad.<br \/>\nEn momentos de gran incertidumbre, la gente hace lo que intuye que es correcto:<\/p>\n<ul>\n<li>Abastecerse<\/li>\n<li>Aplazar las inversiones<\/li>\n<li>Minimizar las obligaciones<\/li>\n<li>Evitar riesgos<\/li>\n<\/ul>\n<p>El comportamiento de las empresas no es diferente. Cuando la situaci\u00f3n geopol\u00edtica llega a un punto cr\u00edtico, hay tres reacciones t\u00edpicas:<\/p>\n<ul>\n<li><strong>Aplazamiento de decisiones<\/strong>Nuevos proyectos, compras, contrataciones... todo queda relegado a un segundo plano.<\/li>\n<li><strong>Centrarse en las \u00e1reas centrales<\/strong>Las empresas se concentran en lo que es seguro y evitan los experimentos.<\/li>\n<li><strong>Disciplina de costes y garant\u00eda de liquidez<\/strong>: No quieres permitirte sorpresas.<\/li>\n<\/ul>\n<p>Estas pautas no son irracionales. Son necesarios para la supervivencia, pero provocan una ralentizaci\u00f3n de la econom\u00eda en su conjunto, que se hace especialmente patente en tiempos de crisis.<\/p>\n<p>Esto explica por qu\u00e9 muchos sectores parecen menos din\u00e1micos a pesar de tener las carteras de pedidos llenas. La subestructura se ha tambaleado y nadie quiere ser el que hace una inversi\u00f3n audaz en el momento equivocado, cuando la situaci\u00f3n parece a\u00fan peor ma\u00f1ana.<\/p>\n<h3>La gente siente que \u201ealgo va mal\u201c<\/h3>\n<p>Es interesante observar que la incertidumbre econ\u00f3mica puede percibirse a menudo incluso antes de que sea mensurable. La gente percibe intuitivamente los riesgos geopol\u00edticos, aunque no lea an\u00e1lisis detallados. Ven las im\u00e1genes, oyen las noticias, sienten el ambiente. Y aunque los medios de comunicaci\u00f3n suavicen muchas cosas, el tono b\u00e1sico suele bastar para crear una sensaci\u00f3n difusa. Esta sensaci\u00f3n - que \u201ealgo est\u00e1 en el aire\u201c - tiene un impacto enorme:<\/p>\n<ol>\n<li><strong>Cambios en el comportamiento de los consumidores<\/strong><br \/>\nLa gente compra menos, aplaza las compras y planifica con m\u00e1s cautela. El consumo no es s\u00f3lo una cuesti\u00f3n de dinero, sino de confianza en el futuro.<\/li>\n<li><strong>Las empresas perciben la cautela de los clientes<\/strong><br \/>\nCuando los clientes se vuelven m\u00e1s precavidos, las empresas autom\u00e1ticamente tambi\u00e9n se vuelven m\u00e1s precavidas. La moderaci\u00f3n se refuerza mutuamente.<\/li>\n<li><strong>El humor social deriva hacia el alarmismo<\/strong><br \/>\nUn ambiente de crisis provoca polarizaci\u00f3n pol\u00edtica, desconfianza y una tensi\u00f3n colectiva subyacente. Esto reduce la disposici\u00f3n a asumir riesgos, y la actividad econ\u00f3mica se basa en el riesgo.<\/li>\n<li><strong>Los medios de comunicaci\u00f3n amplifican u oscurecen la percepci\u00f3n<\/strong><br \/>\nCuando las im\u00e1genes son m\u00e1s poderosas que las palabras, pero s\u00f3lo se muestran de forma filtrada, se produce una situaci\u00f3n parad\u00f3jica: la gente ve menos, pero siente m\u00e1s.<\/li>\n<\/ol>\n<p>Este desequilibrio hace que la incertidumbre crezca sin control. No porque est\u00e9 justificada, sino porque sigue sin comentarse.<\/p>\n<h3>Por qu\u00e9 la par\u00e1lisis econ\u00f3mica es una se\u00f1al de alarma<\/h3>\n<p>En los conflictos geopol\u00edticos, la par\u00e1lisis econ\u00f3mica no es un efecto secundario, sino un indicador precoz. Indica que un sistema est\u00e1 entrando en una fase en la que los riesgos son mayores que las oportunidades. Y ese es precisamente el peligro estructural que estamos viendo actualmente: La econom\u00eda no est\u00e1 reaccionando exageradamente, sino correctamente.<\/p>\n<p>Al fin y al cabo, la escalada de un conflicto afecta a los precios de la energ\u00eda, la migraci\u00f3n, la seguridad, el comercio, los mercados financieros, las cadenas de suministro y la estabilidad pol\u00edtica. Todos estos factores est\u00e1n interrelacionados. Y si se ven sometidos a presi\u00f3n al mismo tiempo, se crea una situaci\u00f3n econ\u00f3mica importante dif\u00edcil de invalidar.<\/p>\n<p>Se podr\u00eda decir que antes de que una tormenta geopol\u00edtica se haga visible, lo primero que se oye es a la econom\u00eda conteniendo la respiraci\u00f3n. Y este es precisamente el momento que estamos viviendo actualmente.<\/p>\n<h3>Cuando los conflictos geopol\u00edticos y las decisiones de la IA coinciden<\/h3>\n<p>Este v\u00eddeo muestra de forma impresionante lo estrechamente entrelazadas que est\u00e1n las decisiones de pol\u00edtica de seguridad con el giro tecnol\u00f3gico. Mientras Estados Unidos e Ir\u00e1n segu\u00edan negociando entre s\u00ed en Ginebra, Washington rechaz\u00f3 un importante acuerdo con Anthropic que ya se hab\u00eda preparado s\u00f3lo un d\u00eda despu\u00e9s - y firm\u00f3 en su lugar un contrato con OpenAI. La coincidencia no parece casual, ya que los conflictos modernos ya no se libran s\u00f3lo con misiles y sanciones, sino tambi\u00e9n con el poder de los datos, el dominio de la informaci\u00f3n y la infraestructura de IA.<\/p>\n<div class=\"lyte-wrapper\" style=\"width:640px;max-width:100%;margin:5px;\"><div class=\"lyMe\" id=\"WYL_LYp3IkUBc20\"><div id=\"lyte_LYp3IkUBc20\" data-src=\"https:\/\/www.markus-schall.de\/wp-content\/plugins\/wp-youtube-lyte\/lyteCache.php?origThumbUrl=%2F%2Fi.ytimg.com%2Fvi%2FLYp3IkUBc20%2Fhqdefault.jpg\" class=\"pL\"><div class=\"tC\"><div class=\"tT\"><\/div><\/div><div class=\"play\"><\/div><div class=\"ctrl\"><div class=\"Lctrl\"><\/div><div class=\"Rctrl\"><\/div><\/div><\/div><noscript><a href=\"https:\/\/youtu.be\/LYp3IkUBc20\" rel=\"nofollow noopener\" target=\"_blank\"><img loading=\"lazy\" decoding=\"async\" src=\"https:\/\/www.markus-schall.de\/wp-content\/plugins\/wp-youtube-lyte\/lyteCache.php?origThumbUrl=https%3A%2F%2Fi.ytimg.com%2Fvi%2FLYp3IkUBc20%2F0.jpg\" alt=\"Miniatura de v\u00eddeo de YouTube\" width=\"640\" height=\"340\" \/><br \/>Ver este v\u00eddeo en YouTube<\/a><\/noscript><\/div><\/div><div class=\"lL\" style=\"max-width:100%;width:640px;margin:5px;\"><\/div><br \/>\nGuerra en Ir\u00e1n: \u00bfY si no es lo que parece? |\u00a0<a href=\"https:\/\/www.youtube.com\/@salvatoreprinci\" target=\"_blank\" rel=\"nofollow noopener\">Salvatore Princi<\/a><\/p>\n<p>El autor del v\u00eddeo combina estos acontecimientos en una imagen m\u00e1s amplia: la guerra de Ir\u00e1n no puede considerarse de forma aislada, sino que forma parte de un cambio global en el que se entrelazan intereses geopol\u00edticos, econ\u00f3micos y tecnol\u00f3gicos. No se trata s\u00f3lo de Ir\u00e1n y las partes implicadas, sino sobre todo de din\u00e1micas interconectadas e infraestructuras de IA, <a href=\"https:\/\/www.markus-schall.de\/es\/2026\/01\/entender-el-dinero-digital-bitcoin-stablecoins-y-cbdcs-explicado-de-forma-sencilla\/\"><strong>Criptomonedas, monedas estables<\/strong><\/a> y la US Genius Act.<\/p>\n<h2>La reorganizaci\u00f3n mundial: Occidente pierde su posici\u00f3n<\/h2>\n<p>Si se observa con sobriedad la evoluci\u00f3n de los \u00faltimos a\u00f1os, se puede reconocer un patr\u00f3n que ya no puede pasarse por alto: El dominio de Occidente durante d\u00e9cadas se est\u00e1 desmoronando. No de forma abrupta, ni en un acontecimiento dram\u00e1tico, sino en una erosi\u00f3n gradual pero tanto m\u00e1s profunda. Durante d\u00e9cadas, el mundo occidental se ha basado en el hecho de que sus modelos pol\u00edticos, su poder econ\u00f3mico y sus estructuras de seguridad segu\u00edan teniendo autoridad a escala mundial. Pero mientras Occidente persist\u00eda en esta seguridad en s\u00ed mismo, surg\u00edan nuevos centros de poder, din\u00e1micos, decididos y mucho menos dependientes.<\/p>\n<p>Este cambio tiene un impacto tan fuerte precisamente porque no surge de la debilidad de Estados individuales, sino de un cambio colectivo. Las sociedades que antes se consideraban receptoras del orden occidental ahora se reafirman y definen sus propios intereses. Y cuanto m\u00e1s fuertes se hacen estos Estados, m\u00e1s claro queda que las antiguas jerarqu\u00edas ya no se sostienen.<\/p>\n<p>Esto no significa que Occidente est\u00e9 desapareciendo. Pero su monopolio del orden, la interpretaci\u00f3n y la organizaci\u00f3n geopol\u00edtica ha terminado. Y es precisamente este cambio el que coincide con la actual escalada, de ah\u00ed que el conflicto sea tan peligroso y al mismo tiempo tan sintom\u00e1tico.<\/p>\n<h3>El ascenso del Sur: Ir\u00e1n, Turqu\u00eda, India, el mundo \u00e1rabe y los BRICS<\/h3>\n<p>Mientras Occidente intentaba preservar el orden existente, otras regiones se esforzaban por ampliar su propio papel. Esto es especialmente visible en pa\u00edses como Turqu\u00eda, India y Arabia Saud\u00ed, Estados que hoy son cualquier cosa menos potencias puramente regionales.<\/p>\n<ol>\n<li><strong>Turqu\u00eda<\/strong><br \/>\nLleva a\u00f1os actuando como factor de poder independiente entre Oriente y Occidente. Compra armas all\u00ed donde le conviene, forma alianzas seg\u00fan sus necesidades y persigue intereses geopol\u00edticos claros. Turqu\u00eda demuestra la flexibilidad con la que pueden actuar los Estados modernos cuando ya no se sienten atados por las estructuras de las antiguas alianzas.<\/li>\n<li><strong>India<\/strong><br \/>\nIndia ha dejado de ser un mero espectador para convertirse en una de las fuerzas centrales de la estructura de poder mundial. Econ\u00f3micamente fuerte, demogr\u00e1ficamente joven, geopol\u00edticamente segura de s\u00ed misma y cada vez m\u00e1s independiente. India est\u00e1 demostrando al mundo occidental que la estabilidad y el crecimiento no est\u00e1n necesariamente ligados a los modelos occidentales. India act\u00faa donde hay beneficio y no donde se espera lealtad.<\/li>\n<li><strong>Arabia Saud\u00ed y el mundo \u00e1rabe<\/strong><br \/>\nLa regi\u00f3n \u00e1rabe se ha emancipado del papel de proveedor de materias primas. Arabia Saud\u00ed invierte en tecnolog\u00eda, infraestructuras, alianzas internacionales e independencia energ\u00e9tica. El Estado es ahora mediador, inversor, factor de poder regional y cada vez m\u00e1s independiente de Occidente.<\/li>\n<li><strong>Los BRICS y la nueva multipolaridad<\/strong><br \/>\nAl mismo tiempo, crece una red que desaf\u00eda abiertamente a Occidente: <a href=\"https:\/\/www.markus-schall.de\/es\/2026\/02\/que-es-el-brics-y-que-no-es-historia-economia-y-clasificacion-geopolitica\/\"><strong>BRICS<\/strong><\/a>. Una uni\u00f3n que ya no se compone de Estados individuales, sino de una lista creciente de pa\u00edses que buscan conscientemente alternativas al sistema dominado por Occidente, desde el punto de vista econ\u00f3mico, pol\u00edtico y, cada vez m\u00e1s, tambi\u00e9n financiero.<\/li>\n<\/ol>\n<p>Esta estructura no es estable, pero resulta atractiva para quienes est\u00e1n hartos del dominio occidental. Y cada vez m\u00e1s pa\u00edses ven en el entorno de los BRICS no s\u00f3lo una alternativa, sino una oportunidad de ejercer influencia por s\u00ed mismos.<\/p>\n<h3>La nueva realidad: Occidente es s\u00f3lo un actor entre muchos otros<\/h3>\n<p>El cambio decisivo es el siguiente: Occidente ya no marca el ritmo de la pol\u00edtica mundial. Es un actor entre muchos, con puntos fuertes, pero tambi\u00e9n con debilidades crecientes. Y mientras Occidente intenta defender las estructuras del pasado, otros construyen otras nuevas.<\/p>\n<ul>\n<li><strong>P\u00e9rdida de autoridad moral<\/strong><br \/>\nDurante d\u00e9cadas, Occidente crey\u00f3 que pod\u00eda tomar decisiones globales no s\u00f3lo sobre sistemas pol\u00edticos, sino tambi\u00e9n sobre cuestiones morales. Hoy, sin embargo, las normas occidentales se consideran cada vez m\u00e1s selectivas, guiadas por intereses o anticuadas. Pa\u00edses como India y Turqu\u00eda ya no se dejan impresionar por la ret\u00f3rica moral: exigen soluciones pragm\u00e1ticas.<\/li>\n<li><strong>Las dependencias econ\u00f3micas han cambiado<\/strong><br \/>\nLa econom\u00eda mundial sol\u00eda depender de Occidente. Hoy, Occidente depende de cadenas de suministro mundiales que ya no controla. La energ\u00eda, las materias primas, la producci\u00f3n... todo se ha desplazado hacia el Este o el Sur. Y eso es precisamente lo que hace que las sanciones o medidas de presi\u00f3n occidentales sean menos eficaces.<\/li>\n<li><strong>El dominio militar ya no puede darse por sentado<\/strong><br \/>\nOccidente tambi\u00e9n ha perdido su liderazgo en materia de pol\u00edtica de seguridad. Mientras Estados Unidos sigue siendo fuerte, los Estados europeos pierden relevancia estrat\u00e9gica. Los nuevos actores han aprendido a utilizar medios asim\u00e9tricos: Drones, misiles, operaciones cibern\u00e9ticas, estructuras proxy. Son precisamente estos medios los que pueden verse claramente en el conflicto de Ir\u00e1n, y socavan la guerra occidental tradicional.<\/li>\n<li><strong>Multipolaridad en lugar de pensamiento de bloque<\/strong><br \/>\nYa no vivimos en un mundo bipolar o unipolar. El nuevo orden mundial es multipolar, y los sistemas multipolares son m\u00e1s inestables porque no hay una potencia central que pueda contener las crisis. Cada actor tiene sus propios intereses, y las alianzas cambian m\u00e1s deprisa que antes.<\/li>\n<\/ul>\n<p>Para la crisis actual, esto significa que ya no hay nadie que pueda detener la escalada de forma fiable.<\/p>\n<h3>Errores estrat\u00e9gicos de Occidente en el conflicto de Oriente Pr\u00f3ximo<\/h3>\n<div style=\"overflow-x: auto;\">\n<table style=\"width: 100%;\">\n<tbody>\n<tr style=\"background: #f2f2f2;\">\n<td><strong>Concepto err\u00f3neo<\/strong><\/td>\n<td><strong>Por qu\u00e9 ya no se aplica<\/strong><\/td>\n<td><strong>Consecuencias para la situaci\u00f3n actual<\/strong><\/td>\n<\/tr>\n<tr>\n<td>Occidente puede estabilizar los conflictos en cualquier momento.<\/td>\n<td>Las relaciones de poder multipolares han debilitado el dominio anterior.<\/td>\n<td>No hay freno externo m\u00e1s fiable para las escaladas.<\/td>\n<\/tr>\n<tr>\n<td>La diplomacia basta para desactivar los conflictos existenciales.<\/td>\n<td>Ambos actores est\u00e1n atrapados en callejones sin salida en materia de pol\u00edtica de seguridad.<\/td>\n<td>Las negociaciones s\u00f3lo tienen un efecto limitado, a menudo puramente simb\u00f3lico.<\/td>\n<\/tr>\n<tr>\n<td>Los actores regionales se alinean autom\u00e1ticamente con las expectativas occidentales.<\/td>\n<td>Ir\u00e1n, Turqu\u00eda, India y Arabia Saud\u00ed persiguen cada vez m\u00e1s sus propios intereses.<\/td>\n<td>Occidente est\u00e1 perdiendo influencia y capacidad de control estrat\u00e9gico.<\/td>\n<\/tr>\n<\/tbody>\n<\/table>\n<\/div>\n<h3>Por qu\u00e9 esta reorganizaci\u00f3n global hace explosivo el conflicto actual<\/h3>\n<p>La escalada entre Israel e Ir\u00e1n ser\u00eda peligrosa en s\u00ed misma. Sin embargo, s\u00f3lo se vuelve plenamente explosiva con el tel\u00f3n de fondo del nuevo orden mundial. En un mundo en el que Occidente ya no domina claramente, los llamamientos, las sanciones y la presi\u00f3n diplom\u00e1tica est\u00e1n perdiendo su poder. Al mismo tiempo, nuevos actores aprovechan la situaci\u00f3n para definir sus propios intereses, al margen de las viejas estructuras.<\/p>\n<p>Ir\u00e1n est\u00e1 poniendo a prueba los l\u00edmites no s\u00f3lo con Israel, sino tambi\u00e9n con un Occidente que ya no tiene la asertividad de d\u00e9cadas anteriores. Y lo hace sabiendo que Estados como Turqu\u00eda, India y Arabia Saud\u00ed siguen su propio camino en lugar de respaldar autom\u00e1ticamente las posiciones occidentales.<\/p>\n<p>Occidente se enfrenta, pues, a un doble reto: debe superar una crisis que no controla. Al mismo tiempo, debe aceptar que ya no es la fuerza central que puede definir esos conflictos. Es precisamente esta combinaci\u00f3n la que hace que la situaci\u00f3n sea tan peligrosa, y tan caracter\u00edstica de nuestro tiempo.<\/p>\n<p><img loading=\"lazy\" decoding=\"async\" class=\"alignnone wp-image-5222 size-full\" src=\"https:\/\/www.markus-schall.de\/wp-content\/uploads\/Israel-Iran-Strategischer-Albtraum-Domino.jpg\" alt=\"Por qu\u00e9 es dif\u00edcil detener la espiral de escalada\" width=\"1024\" height=\"683\" srcset=\"https:\/\/www.markus-schall.de\/wp-content\/uploads\/Israel-Iran-Strategischer-Albtraum-Domino.jpg 1024w, https:\/\/www.markus-schall.de\/wp-content\/uploads\/Israel-Iran-Strategischer-Albtraum-Domino-300x200.jpg 300w, https:\/\/www.markus-schall.de\/wp-content\/uploads\/Israel-Iran-Strategischer-Albtraum-Domino-768x512.jpg 768w, https:\/\/www.markus-schall.de\/wp-content\/uploads\/Israel-Iran-Strategischer-Albtraum-Domino-18x12.jpg 18w\" sizes=\"auto, (max-width: 1024px) 100vw, 1024px\" \/><\/p>\n<h2>La espiral de la escalada: por qu\u00e9 es tan dif\u00edcil detenerla<\/h2>\n<p>Para entender por qu\u00e9 el conflicto entre Israel e Ir\u00e1n se ha vuelto tan peligroso, primero hay que darse cuenta de que ambos actores se encuentran en un dilema estructural. No porque sean irracionales. Sino porque sus l\u00edneas pol\u00edticas, hist\u00f3ricas y psicol\u00f3gicas les han llevado a posiciones de las que dif\u00edcilmente es posible una retirada.<\/p>\n<p>Israel est\u00e1 sometido a una enorme presi\u00f3n pol\u00edtica interna. El pa\u00eds lleva d\u00e9cadas viviendo con la realidad de una amenaza existencial. Cualquier debilidad percibida es inmediatamente explotada pol\u00edticamente. Cualquier reticencia hacia su propia poblaci\u00f3n se siente como una traici\u00f3n a la seguridad. Y cuando los misiles golpean y los sistemas de defensa alcanzan sus l\u00edmites al mismo tiempo, se crea un ambiente en el que la fuerza militar parece ser la \u00fanica opci\u00f3n.<\/p>\n<p>Ir\u00e1n, por su parte, ve cualquier retirada como un signo de debilidad. El r\u00e9gimen basa su legitimaci\u00f3n en la resistencia, la firmeza y la proyecci\u00f3n de poder regional. Ceder ante Israel o Estados Unidos ser\u00eda dif\u00edcil de sobrevivir internamente. Y en el exterior, demostrar\u00eda que Ir\u00e1n est\u00e1 perdiendo el poder de disuasi\u00f3n que ha acumulado durante d\u00e9cadas.<\/p>\n<p>Esto significa que ambas partes est\u00e1n atrapadas en una situaci\u00f3n en la que ceder parece m\u00e1s peligroso que escalar. Una trampa cl\u00e1sica en pol\u00edtica internacional, y precisamente el punto en el que comienza la espiral.<\/p>\n<h3>El nudo psicol\u00f3gico<\/h3>\n<p>Si dos pa\u00edses creen que su seguridad s\u00f3lo puede garantizarse mediante la dureza, pierden la capacidad de ver alternativas reales. Esto no es culpa de los individuos implicados, sino un problema estructural: una pol\u00edtica de seguridad que se ha endurecido durante d\u00e9cadas no puede cambiarse simplemente por una decisi\u00f3n de voluntad.<\/p>\n<p>Y eso es lo que hace que la situaci\u00f3n actual sea tan vol\u00e1til.<\/p>\n<h3>Actores externos que s\u00f3lo pueden intervenir de forma limitada<\/h3>\n<p>En conflictos anteriores, a menudo hab\u00eda potencias externas capaces de frenar las escaladas, mediante la diplomacia, la presi\u00f3n, las garant\u00edas o simplemente por su superior posici\u00f3n de poder. Pero hoy el mundo ha cambiado.<\/p>\n<ul>\n<li><strong>EE.UU.: indeciso por sobrecarga<\/strong><br \/>\nEstados Unidos puede ser fuerte militarmente, pero est\u00e1 debilitado pol\u00edticamente. Las divisiones pol\u00edticas internas, la presi\u00f3n econ\u00f3mica y las obligaciones globales limitan su capacidad para trazar l\u00edneas claras en Oriente Medio. Pueden hablar, advertir, apoyar... pero ya no pueden actuar con la antigua soberan\u00eda que durante tanto tiempo ha sido su se\u00f1a de identidad. Para Israel, esto es devastador. Para Ir\u00e1n, es una invitaci\u00f3n.<\/li>\n<li><strong>Europa: una potencia sin poder<\/strong><br \/>\nEuropa es insignificante en este conflicto. Aunque hay llamamientos, demandas y propuestas diplom\u00e1ticas, parecen ruido de fondo. Ninguno de los dos actores centra su estrategia en Europa. Y ambas partes son muy conscientes de ello.<\/li>\n<li><strong>Rusia y China: influencia, pero no control<\/strong><br \/>\nRusia y China tienen relaciones con Ir\u00e1n, pero ning\u00fan poder de control. Ambas se benefician geopol\u00edticamente de un Occidente debilitado, pero no tienen inter\u00e9s en una conflagraci\u00f3n en Oriente Medio. Sin embargo, carecen de la capacidad -y la voluntad- de obligar a los dirigentes iran\u00edes a tomar una determinada direcci\u00f3n.<\/li>\n<li><strong>Los Estados \u00e1rabes: Intereses desgarrados<\/strong><br \/>\nMuchos Estados \u00e1rabes est\u00e1n atrapados entre dos mundos: Por un lado, la solidaridad religiosa y cultural con los pa\u00edses musulmanes. Por otro, asociaciones econ\u00f3micas y de pol\u00edtica de seguridad con Occidente y, en algunos casos, incluso con Israel. Esta ambivalencia conduce a una actitud pasiva: se observa... y se espera.<\/li>\n<\/ul>\n<p>El resultado: una espiral sin frenos. El punto crucial es el siguiente: ya no hay un actor externo lo suficientemente cre\u00edble, fuerte y decidido como para detener la escalada de forma segura. Y as\u00ed contin\u00faa la espiral.<\/p>\n<hr \/>\n<h3>Encuesta actual sobre un posible caso de tensi\u00f3n en Alemania<\/h3>\n<div class='bootstrap-yop yop-poll-mc'>\n\t\t\t\t\t\t\t<div class=\"basic-yop-poll-container\" style=\"background-color:#ffffff; border:0px; border-style:solid; border-color:#000000; border-radius:5px; padding:0px 5px;\" data-id=\"6\" data-temp=\"basic-pretty\" data-skin=\"square\" data-cscheme=\"blue\" data-cap=\"0\" data-access=\"guest\" data-tid=\"\" data-uid=\"6363d0a5cd98712ebb5f46a4ba716825\" data-pid=\"3850\" data-resdet=\"votes-number,percentages\" data-show-results-to=\"guest\" data-show-results-moment=\"after-vote\" data-show-results-only=\"false\" data-show-message=\"true\" data-show-results-as=\"bar\" data-sort-results-by=\"as-defined\" data-sort-results-rule=\"asc\"data-is-ended=\"0\" data-percentages-decimals=\"2\" data-gdpr=\"no\" data-gdpr-sol=\"consent\" data-css=\".basic-yop-poll-container[data-uid] .basic-vote {\t\t\t\t\t\t\t\t\ttext-align: center;\t\t\t\t\t\t\t\t}\" data-counter=\"0\" data-load-with=\"1\" data-notification-section=\"top\"><div class=\"row\"><div class=\"col-md-12\"><div class=\"basic-inner\"><div class=\"basic-message hide\" style=\"border-left: 10px solid #008000; padding: 0px 10px;\" data-error=\"#ff0000\" data-success=\"#008000\"><p class=\"basic-message-text\" style=\"color:#000000; font-size:14px; font-weight:normal;\"><\/p><\/div><div class=\"basic-overlay hide\"><div class=\"basic-vote-options\"><\/div><div class=\"basic-preloader\"><div class=\"basic-windows8\"><div class=\"basic-wBall basic-wBall_1\"><div class=\"basic-wInnerBall\"><\/div><\/div><div class=\"basic-wBall basic-wBall_2\"><div class=\"basic-wInnerBall\"><\/div><\/div><div class=\"basic-wBall basic-wBall_3\"><div class=\"basic-wInnerBall\"><\/div><\/div><div class=\"basic-wBall basic-wBall_4\"><div class=\"basic-wInnerBall\"><\/div><\/div><div class=\"basic-wBall basic-wBall_5\"><div class=\"basic-wInnerBall\"><\/div><\/div><\/div><\/div><\/div><form class=\"basic-form\" action=\"\"><input type=\"hidden\" name=\"_token\" value=\"6f2dd3fc53\" autocomplete=\"off\"><div class=\"basic-elements\"><div class=\"basic-element basic-question basic-question-text-vertical\" data-id=\"6\" data-uid=\"65f112e36f92f90528cc2faf53d76dc7\" data-type=\"question\" data-question-type=\"text\" data-required=\"yes\" data-allow-multiple=\"no\" data-min=\"1\" data-max=\"7\" data-display=\"vertical\" data-colnum=\"\" data-display-others=\"no\" data-others-color=\"\" data-others=\"\" data-others-max-chars=\"0\"><div class=\"basic-question-title\"><h5 style=\"color:#000000; font-size:16px; font-weight:normal; text-align:left;\">\u00bfEn qu\u00e9 medida se siente personalmente preparado para un posible caso de tensi\u00f3n (por ejemplo, crisis o guerra)?<\/h5><\/div><ul class=\"basic-answers\"><li class=\"basic-answer\" style=\"padding:0px 0px;\" data-id=\"24\" data-type=\"text\" data-vn=\"19\" data-color=\"#000000\" data-make-link=\"no\" data-link=\"\"><div class=\"basic-answer-content basic-text-vertical\"><label for=\"answer[24]\" class=\"basic-answer-label\"><input type=\"radio\" id=\"answer[24]\" name=\"answer[6]\" value=\"24\"><span class=\"basic-text\" style=\"color: #000000; font-size: 14px; font-weight: normal;\">Muy bien - Tengo suministros, conocimientos y un plan<\/span><\/label><\/div><\/li><li class=\"basic-answer\" style=\"padding:0px 0px;\" data-id=\"25\" data-type=\"text\" data-vn=\"36\" data-color=\"#000000\" data-make-link=\"no\" data-link=\"\"><div class=\"basic-answer-content basic-text-vertical\"><label for=\"answer[25]\" class=\"basic-answer-label\"><input type=\"radio\" id=\"answer[25]\" name=\"answer[6]\" value=\"25\"><span class=\"basic-text\" style=\"color: #000000; font-size: 14px; font-weight: normal;\">Bastante bueno - lo he pensado un poco<\/span><\/label><\/div><\/li><li class=\"basic-answer\" style=\"padding:0px 0px;\" data-id=\"26\" data-type=\"text\" data-vn=\"59\" data-color=\"#000000\" data-make-link=\"no\" data-link=\"\"><div class=\"basic-answer-content basic-text-vertical\"><label for=\"answer[26]\" class=\"basic-answer-label\"><input type=\"radio\" id=\"answer[26]\" name=\"answer[6]\" value=\"26\"><span class=\"basic-text\" style=\"color: #000000; font-size: 14px; font-weight: normal;\">Apenas - S\u00f3lo espero que no pase nada<\/span><\/label><\/div><\/li><li class=\"basic-answer\" style=\"padding:0px 0px;\" data-id=\"27\" data-type=\"text\" data-vn=\"13\" data-color=\"#000000\" data-make-link=\"no\" data-link=\"\"><div class=\"basic-answer-content basic-text-vertical\"><label for=\"answer[27]\" class=\"basic-answer-label\"><input type=\"radio\" id=\"answer[27]\" name=\"answer[6]\" value=\"27\"><span class=\"basic-text\" style=\"color: #000000; font-size: 14px; font-weight: normal;\">En absoluto - suprimo deliberadamente el tema<\/span><\/label><\/div><\/li><li class=\"basic-answer\" style=\"padding:0px 0px;\" data-id=\"28\" data-type=\"text\" data-vn=\"17\" data-color=\"#000000\" data-make-link=\"no\" data-link=\"\"><div class=\"basic-answer-content basic-text-vertical\"><label for=\"answer[28]\" class=\"basic-answer-label\"><input type=\"radio\" id=\"answer[28]\" name=\"answer[6]\" value=\"28\"><span class=\"basic-text\" style=\"color: #000000; font-size: 14px; font-weight: normal;\">\u00bfQu\u00e9 es una \"ca\u00edda de tensi\u00f3n\"?<\/span><\/label><\/div><\/li><\/ul><\/div><div class=\"clearfix\"><\/div><\/div><div class=\"basic-vote\"><a href=\"#\" class=\"button basic-vote-button\" role=\"button\" style=\"background:#027bb8; border:0px; border-style: solid; border-color:#000000; border-radius:5px; padding:10px 10px; color:#ffffff; font-size:14px; font-weight:normal;\">Vote<\/a><\/div><input type=\"hidden\" name=\"trp-form-language\" value=\"es\"\/><\/form><\/div><\/div><\/div><\/div>\n\t\t\t\t\t\t<\/div>\n<hr \/>\n<h3>El punto m\u00e1s peligroso: la fase poco antes de perder el control<\/h3>\n<p>En la historia de los grandes conflictos, siempre ha habido un momento especialmente peligroso: no el momento de la guerra en s\u00ed, sino la fase previa a ella. La fase en la que todos los implicados creen que a\u00fan tienen el control, aunque \u00e9ste ya se haya perdido de hecho. Esta fase se caracteriza por cuatro mecanismos:<\/p>\n<ol>\n<li><strong>Interpretaciones err\u00f3neas<\/strong><br \/>\nEn una situaci\u00f3n tensa, cada se\u00f1al se sobreinterpreta:<br \/>\n- Un ejercicio militar parece la preparaci\u00f3n de un ataque.<br \/>\n- Una declaraci\u00f3n pol\u00edtica como una amenaza.<br \/>\n- Un avi\u00f3n en la zona equivocada como un ataque.<br \/>\nCuanto mayor es el miedo, menor es la capacidad de analizar las cosas con sobriedad.<\/li>\n<li><strong>Presi\u00f3n pol\u00edtica interna<\/strong><br \/>\nCuando los gobiernos temen por su credibilidad, reaccionan con mayor rapidez, dureza e impulsividad. No porque quieran, sino porque creen que tienen que hacerlo. Esto es exactamente lo que estamos viendo actualmente con Israel e Ir\u00e1n.<\/li>\n<li><strong>Escalada autom\u00e1tica<\/strong><br \/>\nLos sistemas militares siguen procesos automatizados:<br \/>\n- Los misiles son interceptados.<br \/>\n- Los objetivos est\u00e1n marcados.<br \/>\n- Contramedidas activadas.<br \/>\nEn estos sistemas, bastan segundos para tomar decisiones equivocadas.<\/li>\n<li><strong>Din\u00e1mica del proxy<\/strong><br \/>\nMilicias, grupos, actores aut\u00f3nomos... pueden desencadenar acciones que ni Israel ni Ir\u00e1n han planeado. Y cada una de estas acciones puede ser interpretada por la otra parte como una acci\u00f3n estatal directa.<\/li>\n<\/ol>\n<h3>Por qu\u00e9 exactamente este momento es el m\u00e1s peligroso<\/h3>\n<p>Porque crea la ilusi\u00f3n de control. Porque hace creer a los pol\u00edticos que a\u00fan pueden intervenir a tiempo. Porque hace creer a los militares que su planificaci\u00f3n es s\u00f3lida. Y porque re\u00fane simult\u00e1neamente todas las condiciones para un infierno involuntario.<\/p>\n<p>En resumen, estamos en una fase en la que cada acci\u00f3n -incluso defensiva- puede percibirse como un movimiento ofensivo.<br \/>\nY ese es el tipo de l\u00f3gica de escalada que ha conducido repetidamente a desastres a lo largo de la historia.<\/p>\n<h3>Impulsores de la escalada en el conflicto Israel-Ir\u00e1n<\/h3>\n<div style=\"overflow-x: auto;\">\n<table style=\"border-collapse: collapse; width: 100%;\">\n<tbody>\n<tr style=\"background: #f2f2f2;\">\n<td><strong>Controlador de escalada<\/strong><\/td>\n<td><strong>Descripci\u00f3n de la<\/strong><\/td>\n<td><strong>Impacto estrat\u00e9gico<\/strong><\/td>\n<\/tr>\n<tr>\n<td><strong>Presi\u00f3n pol\u00edtica interna<\/strong><\/td>\n<td>Ambos pa\u00edses deben mostrar dureza si no quieren ser vistos como d\u00e9biles.<\/td>\n<td>Reduce el margen de compromiso.<\/td>\n<\/tr>\n<tr>\n<td><strong>Tecnolog\u00edas de guerra asim\u00e9trica<\/strong><\/td>\n<td>Uso masivo de drones, misiles, proxies y ciberataques.<\/td>\n<td>Sobrecarga los sistemas de defensa, aumenta el riesgo de errores.<\/td>\n<\/tr>\n<tr>\n<td><strong>Falta de poder de mediaci\u00f3n externo<\/strong><\/td>\n<td>EE.UU. debilitado, Europa m\u00e1s irrelevante, China y Rusia restringidas.<\/td>\n<td>La espiral de escalada no cesa.<\/td>\n<\/tr>\n<\/tbody>\n<\/table>\n<\/div>\n<hr \/>\n\n\t\t\t<div class=\"display-post-types\">\n\n\t\t\t\t\t\t\t<style type=\"text\/css\">\n\t\t\t#dpt-wrapper-299 { --dpt-text-align: left;--dpt-image-crop: center;--dpt-border-radius: 5px;--dpt-h-gutter: 10px;--dpt-v-gutter: 10px; }\t\t\t<\/style>\n\t\t\t<style type=\"text\/css\">#dpt-wrapper-299 { --dpt-title-font-style:normal;--dpt-title-font-weight:600;--dpt-title-line-height:1.5;--dpt-title-text-decoration:none;--dpt-title-text-transform:none;--dpt-excerpt-font-style:normal;--dpt-excerpt-font-weight:400;--dpt-excerpt-line-height:1.5;--dpt-excerpt-text-decoration:none;--dpt-excerpt-text-transform:none;--dpt-meta1-font-style:normal;--dpt-meta1-font-weight:400;--dpt-meta1-line-height:1.9;--dpt-meta1-text-decoration:none;--dpt-meta1-text-transform:none;--dpt-meta2-font-style:normal;--dpt-meta2-font-weight:400;--dpt-meta2-line-height:1.9;--dpt-meta2-text-decoration:none;--dpt-meta2-text-transform:none; }<\/style><div class=\"dpt-main-header\">\n\t\t\t\t\t\t<div class=\"dpt-main-title\">\n\t\t\t\t\t\t\t<span class=\"dpt-main-title-text\">Art\u00edculos de actualidad sobre Alemania<\/span>\n\t\t\t\t\t\t<\/div>\n\t\t\t\t\t\t\n\t\t\t\t\t\t\n\t\t\t\t\t\t\n\t\t\t\t\t\t<\/div>\t\t\t\n\t\t\t\t<div id=\"dpt-wrapper-299\" class=\"dpt-wrapper dpt-list2 land1 dpt-cropped dpt-flex-wrap\" >\n\n\t\t\t\t\t\t\t\t\t\t\t<div class=\"dpt-entry has-thumbnail\" data-title=\"woher stammt sars-cov-2? ein sachlicher \u00dcberblick \u00fcber alle corona-theorien\" data-id=\"3521\"  data-category=\"allgemein gesellschaft gesundheit\" data-post_tag=\"deutschland gesundheit krisen sicherheitspolitik\">\n\t\t\t\t\t\t\t<div class=\"dpt-entry-wrapper\"><div class=\"dpt-featured-content\"><div class=\"dpt-permalink\"><a href=\"https:\/\/www.markus-schall.de\/es\/2025\/11\/de-donde-viene-sars-cov-2-una-vision-general-de-todas-las-teorias-de-la-corona\/\" class=\"dpt-permalink\"><span class=\"screen-reader-text\">\u00bfDe d\u00f3nde procede el SARS-CoV-2? Una visi\u00f3n general de todas las teor\u00edas sobre la corona<\/span><\/a><\/div><div class=\"dpt-thumbnail\"><div class=\"dpt-thumbnail-inner\"><img width=\"1024\" height=\"728\" class=\"attachment-full size-full\" alt=\"SARS-CoV-2 - Corona\" context=\"dpt\" data-dpt-src=\"https:\/\/www.markus-schall.de\/wp-content\/uploads\/sars-covii-corona.jpg\" data-dpt-sizes=\"(max-width: 1024px) 100vw, 1024px\" data-dpt-srcset=\"https:\/\/www.markus-schall.de\/wp-content\/uploads\/sars-covii-corona.jpg 1024w, https:\/\/www.markus-schall.de\/wp-content\/uploads\/sars-covii-corona-300x213.jpg 300w, https:\/\/www.markus-schall.de\/wp-content\/uploads\/sars-covii-corona-768x546.jpg 768w, https:\/\/www.markus-schall.de\/wp-content\/uploads\/sars-covii-corona-18x12.jpg 18w\" \/><\/div><span class=\"dpt-thumbnail-aspect-ratio\" style=\"padding-top: 75%\"><\/span><\/div><\/div><div class=\"sub-entry\"><h3 class=\"dpt-title\"><a class=\"dpt-title-link\" href=\"https:\/\/www.markus-schall.de\/es\/2025\/11\/de-donde-viene-sars-cov-2-una-vision-general-de-todas-las-teorias-de-la-corona\/\" rel=\"bookmark\">\u00bfDe d\u00f3nde procede el SARS-CoV-2? Una visi\u00f3n general de todas las teor\u00edas sobre la corona<\/a><\/h3><\/div><\/div>\n\t\t\t\t\t\t<\/div><!-- .dpt-entry -->\n\t\t\t\t\t\t\t\t\t\t\t\t<div class=\"dpt-entry has-thumbnail\" data-title=\"klimaschutz mit tunnelblick \u2013 elektromobilit\u00e4t, lobbyarbeit und die verdr\u00e4ngten kosten\" data-id=\"4729\"  data-category=\"allgemein gesellschaft\" data-post_tag=\"deutschland energiepolitik erfahrungen eu-gesetze europa\">\n\t\t\t\t\t\t\t<div class=\"dpt-entry-wrapper\"><div class=\"dpt-featured-content\"><div class=\"dpt-permalink\"><a href=\"https:\/\/www.markus-schall.de\/es\/2026\/02\/proteccion-del-clima-con-vision-de-tunel-los-grupos-de-presion-de-la-electromovilidad-y-los-costes-ocultos\/\" class=\"dpt-permalink\"><span class=\"screen-reader-text\">Protecci\u00f3n del clima con visi\u00f3n de t\u00fanel: electromovilidad, grupos de presi\u00f3n y costes ocultos<\/span><\/a><\/div><div class=\"dpt-thumbnail\"><div class=\"dpt-thumbnail-inner\"><img width=\"1024\" height=\"683\" class=\"attachment-full size-full\" alt=\"Electromovilidad sin ideolog\u00eda\" context=\"dpt\" data-dpt-src=\"https:\/\/www.markus-schall.de\/wp-content\/uploads\/Elektromobilitaet-ohne-Ideologie.jpg\" data-dpt-sizes=\"(max-width: 1024px) 100vw, 1024px\" data-dpt-srcset=\"https:\/\/www.markus-schall.de\/wp-content\/uploads\/Elektromobilitaet-ohne-Ideologie.jpg 1024w, https:\/\/www.markus-schall.de\/wp-content\/uploads\/Elektromobilitaet-ohne-Ideologie-300x200.jpg 300w, https:\/\/www.markus-schall.de\/wp-content\/uploads\/Elektromobilitaet-ohne-Ideologie-768x512.jpg 768w, https:\/\/www.markus-schall.de\/wp-content\/uploads\/Elektromobilitaet-ohne-Ideologie-18x12.jpg 18w\" \/><\/div><span class=\"dpt-thumbnail-aspect-ratio\" style=\"padding-top: 75%\"><\/span><\/div><\/div><div class=\"sub-entry\"><h3 class=\"dpt-title\"><a class=\"dpt-title-link\" href=\"https:\/\/www.markus-schall.de\/es\/2026\/02\/proteccion-del-clima-con-vision-de-tunel-los-grupos-de-presion-de-la-electromovilidad-y-los-costes-ocultos\/\" rel=\"bookmark\">Protecci\u00f3n del clima con visi\u00f3n de t\u00fanel: electromovilidad, grupos de presi\u00f3n y costes ocultos<\/a><\/h3><\/div><\/div>\n\t\t\t\t\t\t<\/div><!-- .dpt-entry -->\n\t\t\t\t\t\t\t\t\t\t\t\t<div class=\"dpt-entry has-thumbnail\" data-title=\"vicco von b\u00fclow alias loriot \u2013 ordnung, form und der leise widerstand des humors\" data-id=\"4169\"  data-category=\"allgemein gesellschaft kunst &amp; kultur stories &amp; humor\" data-post_tag=\"deutschland erfahrungen pers\u00f6nlichkeitsentwicklung portrait\">\n\t\t\t\t\t\t\t<div class=\"dpt-entry-wrapper\"><div class=\"dpt-featured-content\"><div class=\"dpt-permalink\"><a href=\"https:\/\/www.markus-schall.de\/es\/2025\/12\/vicco-von-buelow-alias-loriot-orden-de-pedido-y-la-resistencia-silenciosa-del-humor\/\" class=\"dpt-permalink\"><span class=\"screen-reader-text\">Vicco von B\u00fclow alias Loriot - orden, forma y la tranquila resistencia del humor<\/span><\/a><\/div><div class=\"dpt-thumbnail\"><div class=\"dpt-thumbnail-inner\"><img width=\"1024\" height=\"747\" class=\"attachment-full size-full\" alt=\"\" context=\"dpt\" data-dpt-src=\"https:\/\/www.markus-schall.de\/wp-content\/uploads\/Loriot-Titel.jpg\" data-dpt-sizes=\"(max-width: 1024px) 100vw, 1024px\" data-dpt-srcset=\"https:\/\/www.markus-schall.de\/wp-content\/uploads\/Loriot-Titel.jpg 1024w, https:\/\/www.markus-schall.de\/wp-content\/uploads\/Loriot-Titel-300x219.jpg 300w, https:\/\/www.markus-schall.de\/wp-content\/uploads\/Loriot-Titel-768x560.jpg 768w, https:\/\/www.markus-schall.de\/wp-content\/uploads\/Loriot-Titel-16x12.jpg 16w\" \/><\/div><span class=\"dpt-thumbnail-aspect-ratio\" style=\"padding-top: 75%\"><\/span><\/div><\/div><div class=\"sub-entry\"><h3 class=\"dpt-title\"><a class=\"dpt-title-link\" href=\"https:\/\/www.markus-schall.de\/es\/2025\/12\/vicco-von-buelow-alias-loriot-orden-de-pedido-y-la-resistencia-silenciosa-del-humor\/\" rel=\"bookmark\">Vicco von B\u00fclow alias Loriot - orden, forma y la tranquila resistencia del humor<\/a><\/h3><\/div><\/div>\n\t\t\t\t\t\t<\/div><!-- .dpt-entry -->\n\t\t\t\t\t\t\t\t\t\t\t\t<div class=\"dpt-entry has-thumbnail\" data-title=\"fracking, lng und energiepolitik: eine n\u00fcchterne analyse von risiken, chancen und realit\u00e4t\" data-id=\"5579\"  data-category=\"allgemein gesellschaft gesundheit\" data-post_tag=\"deutschland energiepolitik europa geopolitik krisen\">\n\t\t\t\t\t\t\t<div class=\"dpt-entry-wrapper\"><div class=\"dpt-featured-content\"><div class=\"dpt-permalink\"><a href=\"https:\/\/www.markus-schall.de\/es\/2026\/04\/fracking-lng-y-politica-energetica-un-analisis-sobrio-de-riesgos-oportunidades-y-realidad\/\" class=\"dpt-permalink\"><span class=\"screen-reader-text\">Fracking, GNL y pol\u00edtica energ\u00e9tica: un sobrio an\u00e1lisis de riesgos, oportunidades y realidad<\/span><\/a><\/div><div class=\"dpt-thumbnail\"><div class=\"dpt-thumbnail-inner\"><img width=\"1024\" height=\"683\" class=\"attachment-full size-full\" alt=\"Fracking de gas natural y pol\u00edtica energ\u00e9tica\" context=\"dpt\" data-dpt-src=\"https:\/\/www.markus-schall.de\/wp-content\/uploads\/Fracking-Energiepolitik.jpg\" data-dpt-sizes=\"(max-width: 1024px) 100vw, 1024px\" data-dpt-srcset=\"https:\/\/www.markus-schall.de\/wp-content\/uploads\/Fracking-Energiepolitik.jpg 1024w, https:\/\/www.markus-schall.de\/wp-content\/uploads\/Fracking-Energiepolitik-300x200.jpg 300w, https:\/\/www.markus-schall.de\/wp-content\/uploads\/Fracking-Energiepolitik-768x512.jpg 768w, https:\/\/www.markus-schall.de\/wp-content\/uploads\/Fracking-Energiepolitik-18x12.jpg 18w\" \/><\/div><span class=\"dpt-thumbnail-aspect-ratio\" style=\"padding-top: 75%\"><\/span><\/div><\/div><div class=\"sub-entry\"><h3 class=\"dpt-title\"><a class=\"dpt-title-link\" href=\"https:\/\/www.markus-schall.de\/es\/2026\/04\/fracking-lng-y-politica-energetica-un-analisis-sobrio-de-riesgos-oportunidades-y-realidad\/\" rel=\"bookmark\">Fracking, GNL y pol\u00edtica energ\u00e9tica: un sobrio an\u00e1lisis de riesgos, oportunidades y realidad<\/a><\/h3><\/div><\/div>\n\t\t\t\t\t\t<\/div><!-- .dpt-entry -->\n\t\t\t\t\t\t\n\t\t\t\t<\/div>\n\t\t\t\t\t\t<\/div>\n\t\t\t\n<hr \/>\n<h2>Lo que hay que hacer ahora para estabilizar la situaci\u00f3n<\/h2>\n<p>A decir verdad, mucha gente habla actualmente de desescalada, pero casi nadie especifica qu\u00e9 ser\u00eda realmente necesario para ello. Los llamamientos pol\u00edticos que o\u00edmos a diario no suelen ser m\u00e1s que ejercicios ret\u00f3ricos del deber: redactados de forma amable, pero en realidad ineficaces. En una situaci\u00f3n como \u00e9sta, lo que se necesita no son m\u00e1s palabras, sino estructuras que impidan realmente que el conflicto siga escalando.<\/p>\n<p>El primer paso es aceptar que ni los llamamientos ni las exigencias morales cambiar\u00e1n la situaci\u00f3n. Los conflictos de esta magnitud s\u00f3lo se estabilizan si se cumplen tres condiciones:<\/p>\n<ol>\n<li><strong>Ambas partes deben obtener un nivel m\u00ednimo de seguridad<\/strong><br \/>\nSin seguridad, no puede haber reducci\u00f3n de la escalada. Para Israel, esto significa que la amenaza inmediata de misiles, drones y ataques debe reducirse, no completamente, pero s\u00ed de forma notable. Para Ir\u00e1n, significa que el temor a un ataque de represalia a gran escala no debe llegar a ser abrumador. Por tanto, la desescalada no empieza con la confianza, sino con una seguridad calculada.<\/li>\n<li><strong>Ambas partes deben reconocer una estrategia de salida<\/strong><br \/>\nAmbos actores se encuentran actualmente contra un muro tras el que ya no pueden retroceder. Sin embargo, la desescalada s\u00f3lo es posible si hay una forma de volver a la normalidad sin destruirse pol\u00edticamente unos a otros. Cada parte necesita \u00e9xitos simb\u00f3licos que le permitan mostrar dureza y aun as\u00ed ceder. \u00c9stos podr\u00edan ser: un alto el fuego limitado, la retirada de ciertas milicias, una mediaci\u00f3n diplom\u00e1tica que pueda venderse como un \u201e\u00e9xito\u201c o garant\u00edas de seguridad por parte de mediadores externos.<\/li>\n<li><strong>Los agentes externos deben volver a desempe\u00f1ar un papel<\/strong><br \/>\nMientras las grandes potencias est\u00e9n sobrecargadas, desinteresadas o divididas internamente, no habr\u00e1 un marco para una aut\u00e9ntica desescalada. Lo que se necesita es una contrapartida estructural que genere confianza, o al menos reduzca el temor a lo peor.<\/li>\n<\/ol>\n<p>Sin esa estructura, la situaci\u00f3n seguir\u00e1 siendo inestable, por muchas negociaciones que se anuncien.<\/p>\n<h3>Lo que Occidente ya no debe hacer<\/h3>\n<p>Muchos de los errores cometidos en las \u00faltimas d\u00e9cadas son el resultado de los reflejos occidentales de una \u00e9poca en la que el orden mundial a\u00fan estaba claro. Pero estos reflejos son hoy ineficaces o incluso peligrosos. Quien quiera estabilizar la situaci\u00f3n debe primero dejar de repetir los viejos errores.<\/p>\n<ol>\n<li><strong>Sin arrogancia moral<\/strong><br \/>\nOccidente tiende a evaluar los conflictos moralmente antes de analizarlos estrat\u00e9gicamente. Pero la moral tiene poca influencia en los conflictos existenciales. Los Estados no act\u00faan bas\u00e1ndose en categor\u00edas morales, sino en la l\u00f3gica de la pol\u00edtica de seguridad. Si Europa o Estados Unidos siguen actuando como si un conflicto de gran complejidad pudiera resolverse mediante llamamientos o sanciones, no s\u00f3lo pierden credibilidad, sino que ellos mismos parecen ingenuos.<\/li>\n<li><strong>No interferir sin comprender<\/strong><br \/>\nUn error clave en el pasado fue suponer que los sistemas pol\u00edticos de regiones extranjeras pod\u00edan \u201ereformarse\u201c, \u201eestabilizarse\u201c o incluso \u201emodernizarse\u201c sin comprender su cultura, historia y estructura interna. Esto es precisamente lo que condujo a los desastres de Irak, Afganist\u00e1n, Libia y Siria. El conflicto de Ir\u00e1n demuestra una vez m\u00e1s que interferir sin comprender la l\u00f3gica local exacerba la escalada.<\/li>\n<li><strong>No crear expectativas poco realistas en las negociaciones<\/strong><br \/>\nLas negociaciones no son la panacea. S\u00f3lo funcionan si ambas partes tienen algo que ganar y algo que perder. En la situaci\u00f3n actual, las negociaciones a menudo no son m\u00e1s que actos simb\u00f3licos. Una diplomacia aut\u00e9ntica debe aceptar que no hay soluciones r\u00e1pidas y que algunos conflictos s\u00f3lo pueden estabilizarse mediante acuerdos a largo plazo.<\/li>\n<li><strong>Sin ilusi\u00f3n de control mundial<\/strong><br \/>\nLa idea de que Occidente puede intervenir en cualquier momento y \u201egestionar\u201c las crisis est\u00e1 desfasada. En un mundo multipolar, las intervenciones no tienen un efecto estabilizador, sino desestabilizador. Hoy en d\u00eda, la desescalada no se consigue mediante el dominio, sino mediante la limitaci\u00f3n.<\/li>\n<\/ol>\n<h3>Alemania a la sombra del conflicto<\/h3>\n<p>En una conferencia, el periodista y observador geopol\u00edtico Patrik Baab analiza la actual guerra entre Estados Unidos, Israel e Ir\u00e1n y la sit\u00faa en un contexto mundial m\u00e1s amplio. Baab sostiene que el conflicto hace tiempo que se extendi\u00f3 m\u00e1s all\u00e1 de Oriente Medio y forma parte de una lucha de poder m\u00e1s amplia entre Occidente y los Estados emergentes del BRICS.<\/p>\n<div class=\"lyte-wrapper\" style=\"width:640px;max-width:100%;margin:5px;\"><div class=\"lyMe\" id=\"WYL_GsgC7BF-kZA\"><div id=\"lyte_GsgC7BF-kZA\" data-src=\"https:\/\/www.markus-schall.de\/wp-content\/plugins\/wp-youtube-lyte\/lyteCache.php?origThumbUrl=%2F%2Fi.ytimg.com%2Fvi%2FGsgC7BF-kZA%2Fhqdefault.jpg\" class=\"pL\"><div class=\"tC\"><div class=\"tT\"><\/div><\/div><div class=\"play\"><\/div><div class=\"ctrl\"><div class=\"Lctrl\"><\/div><div class=\"Rctrl\"><\/div><\/div><\/div><noscript><a href=\"https:\/\/youtu.be\/GsgC7BF-kZA\" rel=\"nofollow noopener\" target=\"_blank\"><img loading=\"lazy\" decoding=\"async\" src=\"https:\/\/www.markus-schall.de\/wp-content\/plugins\/wp-youtube-lyte\/lyteCache.php?origThumbUrl=https%3A%2F%2Fi.ytimg.com%2Fvi%2FGsgC7BF-kZA%2F0.jpg\" alt=\"Miniatura de v\u00eddeo de YouTube\" width=\"640\" height=\"340\" \/><br \/>Ver este v\u00eddeo en YouTube<\/a><\/noscript><\/div><\/div><div class=\"lL\" style=\"max-width:100%;width:640px;margin:5px;\"><\/div><br \/>\nLa invasi\u00f3n de Ir\u00e1n o: una guerra alemana tambi\u00e9n | <a href=\"https:\/\/www.youtube.com\/@PatrikBaab-Official\" target=\"_blank\" rel=\"nofollow noopener\">Patrik Baab<\/a><\/p>\n<p>Su tesis de que Alemania tambi\u00e9n est\u00e1 implicada indirectamente en este conflicto -pol\u00edtica, militar y log\u00edsticamente, por ejemplo a trav\u00e9s de las infraestructuras, las estructuras de la OTAN y la cooperaci\u00f3n militar- es especialmente controvertida. En su conferencia, Baab tambi\u00e9n arroja luz sobre la importancia estrat\u00e9gica del estrecho de Ormuz, las posibles consecuencias econ\u00f3micas para Europa y el papel de Rusia y China en el trasfondo de este conflicto.<\/p>\n<h3>Una nueva cultura europea de la seguridad<\/h3>\n<p>Europa se enfrenta a una convulsi\u00f3n fundamental. No s\u00f3lo por el conflicto de Oriente Medio, sino porque este conflicto pone de manifiesto hasta qu\u00e9 punto Europa necesita urgentemente nuevas formas de pensar, en t\u00e9rminos de pol\u00edtica de seguridad, econom\u00eda, medios de comunicaci\u00f3n y diplomacia.<\/p>\n<ol>\n<li><strong>Europa debe aprender a ver el mundo con realismo<\/strong><br \/>\nSe acabaron los tiempos en que Europa viv\u00eda en una zona de confort autocreada y s\u00f3lo ve\u00eda las crisis desde la distancia. Cultura de seguridad no significa alarmismo, sino sentido de la realidad. Europa debe identificar los riesgos, tomar decisiones y asumir responsabilidades, no limitarse a hacer pol\u00edtica simb\u00f3lica.<\/li>\n<li><strong>Reindustrializaci\u00f3n y autonom\u00eda energ\u00e9tica<\/strong><br \/>\nUna pol\u00edtica exterior estable se basa siempre en la fortaleza econ\u00f3mica. Durante d\u00e9cadas, Europa ha debilitado su base industrial y se ha hecho dependiente de la energ\u00eda. Ahora se est\u00e1 vengando. Para poder actuar geopol\u00edticamente se necesita independencia econ\u00f3mica o, al menos, estructuras s\u00f3lidas.<\/li>\n<li><strong>Superar la autoincapacitaci\u00f3n medial<\/strong><br \/>\nUn punto clave: cuando los medios de comunicaci\u00f3n suavizan las crisis, impiden que la sociedad se vuelva resistente. Una nueva cultura de la seguridad necesita medios de comunicaci\u00f3n que no apacig\u00fcen, sino que expliquen, con honestidad, sin adornos, pero con responsabilidad.<\/li>\n<li><strong>Diplomacia sin moralina<\/strong><br \/>\nLa diplomacia no consiste en hacer juicios morales. Se trata de equilibrar intereses. Europa necesita una pol\u00edtica exterior que acepte esta realidad. Una pol\u00edtica exterior que entienda que hay que hablar con actores dif\u00edciles, no porque te gusten, sino porque existen.<\/li>\n<li><strong>Prioridades realistas<\/strong><br \/>\nEuropa debe dejar de enredarse en cuestiones secundarias. La seguridad, la energ\u00eda, la industria, las infraestructuras y la soberan\u00eda informativa son cuestiones fundamentales. Todo lo dem\u00e1s viene despu\u00e9s.<\/li>\n<\/ol>\n<h3>La seguridad de Europa entre la escalada y la reorientaci\u00f3n estrat\u00e9gica<\/h3>\n<p><a href=\"https:\/\/www.markus-schall.de\/es\/2025\/12\/jeffrey-sachs-advierte-a-alemania-de-por-que-debe-replantearse-la-seguridad-de-europa\/\"><img loading=\"lazy\" decoding=\"async\" class=\"alignright size-medium wp-image-4082\" src=\"https:\/\/www.markus-schall.de\/wp-content\/uploads\/jeffrey-sachs-bundeskanzler-eu-300x200.jpg\" alt=\"Jeffrey Sachs escribe una carta abierta al Canciller Merz\" width=\"300\" height=\"200\" srcset=\"https:\/\/www.markus-schall.de\/wp-content\/uploads\/jeffrey-sachs-bundeskanzler-eu-300x200.jpg 300w, https:\/\/www.markus-schall.de\/wp-content\/uploads\/jeffrey-sachs-bundeskanzler-eu-768x512.jpg 768w, https:\/\/www.markus-schall.de\/wp-content\/uploads\/jeffrey-sachs-bundeskanzler-eu-18x12.jpg 18w, https:\/\/www.markus-schall.de\/wp-content\/uploads\/jeffrey-sachs-bundeskanzler-eu.jpg 1024w\" sizes=\"auto, (max-width: 300px) 100vw, 300px\" \/><\/a>La actual escalada en Oriente Medio tambi\u00e9n plantea una cuesti\u00f3n fundamental: \u00bfQu\u00e9 papel sigue desempe\u00f1ando Europa en la arquitectura de seguridad mundial? Esta es precisamente la pregunta que plantea el economista y analista geopol\u00edtico Jeffrey Sachs en su discutida carta abierta al gobierno alem\u00e1n. Sachs sostiene que la seguridad en Europa no puede conceptualizarse unilateralmente, sino que se basa en el principio de la \u201eseguridad indivisible\u201c, es decir, que la estabilidad s\u00f3lo funciona a largo plazo si se tienen en cuenta los intereses de todos los actores principales. En mi art\u00edculo <a href=\"https:\/\/www.markus-schall.de\/es\/2025\/12\/jeffrey-sachs-advierte-a-alemania-de-por-que-debe-replantearse-la-seguridad-de-europa\/\"><em><strong>\u201eJeffrey Sachs advierte a Alemania: Por qu\u00e9 hay que replantearse la seguridad de Europa\u201c<\/strong><\/em><\/a> esta perspectiva se examina con m\u00e1s detalle. El texto muestra por qu\u00e9 Sachs cree que es necesario volver a la diplomacia, al realismo estrat\u00e9gico y a la estabilidad a largo plazo.<\/p>\n<h3>Posibles escenarios futuros y su importancia estrat\u00e9gica<\/h3>\n<div style=\"overflow-x: auto;\">\n<table style=\"border-collapse: collapse; width: 100%;\">\n<tbody>\n<tr style=\"background: #f2f2f2;\">\n<td><strong>Escenario<\/strong><\/td>\n<td><strong>Breve descripci\u00f3n<\/strong><\/td>\n<td><strong>Consecuencias estrat\u00e9gicas<\/strong><\/td>\n<\/tr>\n<tr>\n<td><strong>Desescalada limitada<\/strong><\/td>\n<td>Alto el fuego a corto plazo, mediaci\u00f3n indirecta, retiradas parciales.<\/td>\n<td>Estabiliza temporalmente, pero no resuelve los problemas b\u00e1sicos.<\/td>\n<\/tr>\n<tr>\n<td><strong>Escalada continua<\/strong><\/td>\n<td>M\u00e1s ataques con misiles, expansi\u00f3n regional, guerras indirectas.<\/td>\n<td>Alto riesgo de p\u00e9rdida estrat\u00e9gica de control.<\/td>\n<\/tr>\n<tr>\n<td><strong>Evento de choque<\/strong> (por ejemplo, arma nuclear t\u00e1ctica)<\/td>\n<td>Romper tab\u00faes, onda expansiva global, reorganizaci\u00f3n geopol\u00edtica masiva.<\/td>\n<td>Desestabilizaci\u00f3n mundial, reevaluaci\u00f3n de todas las arquitecturas de seguridad.<\/td>\n<\/tr>\n<\/tbody>\n<\/table>\n<\/div>\n<h2>Por qu\u00e9 esta crisis es un punto de inflexi\u00f3n - Occidente en la encrucijada<\/h2>\n<p>Si se analiza con seriedad la escalada actual, no se ve s\u00f3lo un conflicto regional, sino un cambio tect\u00f3nico en el orden mundial. Es un momento que muestra hasta qu\u00e9 punto Occidente ha perdido peso estrat\u00e9gico, no de forma abrupta, sino en una especie de erosi\u00f3n progresiva que ahora aflora visiblemente a la superficie por primera vez.<\/p>\n<p>La crisis de Oriente Pr\u00f3ximo es un punto de inflexi\u00f3n porque pone al descubierto todos los puntos d\u00e9biles al mismo tiempo:<\/p>\n<ul>\n<li>la falta de control geopol\u00edtico,<\/li>\n<li>la ingenua esperanza de un orden moral,<\/li>\n<li>autocalmante de los medios de comunicaci\u00f3n,<\/li>\n<li>vulnerabilidad econ\u00f3mica,<\/li>\n<li>y la fragmentaci\u00f3n estrat\u00e9gica del mundo occidental.<\/li>\n<\/ul>\n<p>Por primera vez en d\u00e9cadas, los Estados occidentales se enfrentan a una situaci\u00f3n en la que no tienen ni margen de maniobra ni medios estrat\u00e9gicos superiores. Pueden apelar, advertir y amonestar, pero ya no pueden moldear la situaci\u00f3n. Y eso es precisamente lo que hace que la situaci\u00f3n sea tan vol\u00e1til. Un sistema que durante d\u00e9cadas se consider\u00f3 una fuerza organizadora ha perdido su centro estructural.<\/p>\n<p>Pero precisamente porque es as\u00ed, este momento tiene un significado especial: nos obliga a volver a comprometernos con la realidad. No por debilidad, sino por necesidad.<\/p>\n<h3>La oportunidad en la crisis: vuelta a la realidad<\/h3>\n<p>Parad\u00f3jicamente, estas crisis tambi\u00e9n crean la oportunidad para algo que la pol\u00edtica occidental ha olvidado durante a\u00f1os: el retorno a un mundo en el que las decisiones estrat\u00e9gicas ya no se basan en ilusiones, pol\u00edticas simb\u00f3licas o reivindicaciones morales, sino en una sobria consideraci\u00f3n del equilibrio de poder.<\/p>\n<p>Durante d\u00e9cadas, la gente ha cre\u00eddo que el mundo es maleable si se le explica, sanciona o apela lo suficiente. Pero la escalada actual lo demuestra: La pol\u00edtica mundial no obedece a la voluntad moral de los Estados individuales. Sigue estructuras, intereses, l\u00edneas hist\u00f3ricas y relaciones de poder.<\/p>\n<p>Esta constataci\u00f3n es inc\u00f3moda, pero saludable. Porque s\u00f3lo un mundo visto en t\u00e9rminos reales puede configurarse en t\u00e9rminos reales. Y s\u00f3lo una pol\u00edtica que reconozca que otros actores tienen sus propios intereses, sus propias racionalidades y sus propios medios de poder puede tener \u00e9xito a largo plazo.<\/p>\n<h3>Un nuevo realismo estrat\u00e9gico<\/h3>\n<p>Occidente se enfrenta ahora a una elecci\u00f3n:<\/p>\n<ul>\n<li>O bien se aferra a su antigua imagen de s\u00ed mismo y espera que el mundo vuelva a adaptarse.<\/li>\n<li>O acepta que el mundo ha cambiado y que \u00e9l tiene que cambiar con \u00e9l.<\/li>\n<\/ul>\n<p>El realismo estrat\u00e9gico no significa cinismo, sino claridad. No resignaci\u00f3n, sino nuevos cimientos. Un mundo en el que Estados como Ir\u00e1n, Turqu\u00eda, India y Arabia Saud\u00ed, as\u00ed como muchos actores menores, tienen m\u00e1s confianza en s\u00ed mismos, requiere una pol\u00edtica exterior de Europa y Estados Unidos que sermonee menos y comprenda m\u00e1s. Una pol\u00edtica de seguridad que reaccione menos y se anticipe m\u00e1s. Y una pol\u00edtica econ\u00f3mica y energ\u00e9tica menos dependiente y m\u00e1s resistente.<\/p>\n<p>Si algo demuestra este conflicto es que es necesario replantearse un orden mundial que se basaba en la autoevidencia.<\/p>\n<h3>Mirando hacia delante - y por qu\u00e9 el futuro no es seguro<\/h3>\n<p>Ser\u00eda presuntuoso afirmar que hoy podemos decir c\u00f3mo acabar\u00e1 el conflicto actual. Hay demasiadas variables, demasiados giros posibles, demasiadas inc\u00f3gnitas estrat\u00e9gicas en juego. Pero eso es precisamente lo que hace que este cap\u00edtulo final sea importante: no pretende juzgar, sino orientar.<\/p>\n<ul>\n<li>Sabemos que los patrones pol\u00edticos b\u00e1sicos han cambiado.<\/li>\n<li>Sabemos que la disuasi\u00f3n ya no funciona autom\u00e1ticamente.<\/li>\n<li>Sabemos que hoy en d\u00eda las escaladas se producen con mayor rapidez y son m\u00e1s dif\u00edciles de detener.<\/li>\n<li>Sabemos que los pa\u00edses occidentales ya no disponen de medios para gestionar por s\u00ed solos las crisis mundiales.<\/li>\n<\/ul>\n<p>Y sabemos que este conflicto -al igual que la guerra de Ucrania- forma parte de un cambio mayor: el cambio hacia un mundo multipolar en el que el poder, la influencia y los riesgos se distribuyen de forma diferente a como lo hac\u00edan antes.<\/p>\n<ul>\n<li>No sabemos si el conflicto se calmar\u00e1 o ir\u00e1 a m\u00e1s.<\/li>\n<li>No sabemos qu\u00e9 papel desempe\u00f1ar\u00e1n realmente los agentes externos.<\/li>\n<li>No sabemos cu\u00e1nto tiempo podr\u00e1n Israel e Ir\u00e1n mantener sus posiciones actuales.<\/li>\n<li>Y no sabemos si los pr\u00f3ximos meses conducir\u00e1n a una estabilizaci\u00f3n regional o a una reacci\u00f3n estrat\u00e9gica en cadena.<\/li>\n<\/ul>\n<p>Esta es la esencia de la incertidumbre estrat\u00e9gica: no sabes lo que se avecina, pero conoces los mecanismos que pueden conducir a ello.<\/p>\n<h3>Open end - porque no hay otra manera<\/h3>\n<p>Esta crisis no tiene un final predeterminado. No es un cap\u00edtulo cerrado, sino un proceso que sigue evolucionando. Un proceso que podr\u00eda caracterizar los pr\u00f3ximos a\u00f1os a escala internacional. Y nos obliga a abandonar la ilusi\u00f3n de que podemos predecir o controlar los acontecimientos geopol\u00edticos.<\/p>\n<p>Tal vez este conflicto d\u00e9 lugar a un nuevo orden regional.<\/p>\n<p>Tal vez termine en una fase de alto el fuego inestable.<\/p>\n<p>Tal vez se intensifique antes de que se vuelva a encontrar un equilibrio.<\/p>\n<p>Tal vez esto conduzca incluso a una reorientaci\u00f3n pol\u00edtica a largo plazo de Occidente, que le haga m\u00e1s capaz de actuar de nuevo.<\/p>\n<p>Pero una cosa es cierta: este conflicto es un punto de inflexi\u00f3n. Y los puntos de inflexi\u00f3n se caracterizan por el hecho de que cambian de direcci\u00f3n sin decir inmediatamente hacia d\u00f3nde se dirige el viaje. Desde el punto de vista estrat\u00e9gico, es la \u00fanica manera honesta de ver las cosas. Porque quien pretenda tener certezas en esta situaci\u00f3n no ha entendido la situaci\u00f3n.<\/p>\n<h3>El Derecho internacional entre la aspiraci\u00f3n y la realidad geopol\u00edtica<\/h3>\n<p><a href=\"https:\/\/www.markus-schall.de\/es\/2026\/01\/el-orden-mundial-basado-en-normas-y-el-derecho-internacional-entre-la-realidad-y-el-incumplimiento-de-la-ley\/\"><img loading=\"lazy\" decoding=\"async\" class=\"alignright size-medium wp-image-4281\" src=\"https:\/\/www.markus-schall.de\/wp-content\/uploads\/voelkerrecht-weltordnung-titel-300x200.jpg\" alt=\"Derecho internacional y orden mundial basado en normas\" width=\"300\" height=\"200\" srcset=\"https:\/\/www.markus-schall.de\/wp-content\/uploads\/voelkerrecht-weltordnung-titel-300x200.jpg 300w, https:\/\/www.markus-schall.de\/wp-content\/uploads\/voelkerrecht-weltordnung-titel-768x512.jpg 768w, https:\/\/www.markus-schall.de\/wp-content\/uploads\/voelkerrecht-weltordnung-titel-18x12.jpg 18w, https:\/\/www.markus-schall.de\/wp-content\/uploads\/voelkerrecht-weltordnung-titel.jpg 1024w\" sizes=\"auto, (max-width: 300px) 100vw, 300px\" \/><\/a>La actual escalada entre Israel, Estados Unidos e Ir\u00e1n plantea inevitablemente una cuesti\u00f3n fundamental: \u00bfQu\u00e9 papel sigue desempe\u00f1ando realmente el Derecho internacional en un mundo de pol\u00edticas de poder creciente? Los discursos pol\u00edticos hablan a menudo de un \u201eorden internacional basado en normas\u201c, pero en momentos de crisis se pone de manifiesto una y otra vez la fuerza con que los intereses estrat\u00e9gicos, la l\u00f3gica militar y las rivalidades geopol\u00edticas pueden anular estos principios. Examino precisamente esta zona de tensi\u00f3n con m\u00e1s detalle en el art\u00edculo de fondo <a href=\"https:\/\/www.markus-schall.de\/es\/2026\/01\/el-orden-mundial-basado-en-normas-y-el-derecho-internacional-entre-la-realidad-y-el-incumplimiento-de-la-ley\/\"><em><strong>\u201eEl orden mundial basado en normas y el derecho internacional: entre la pretensi\u00f3n, la realidad y el incumplimiento del derecho\u201c<\/strong><\/em><\/a>. Trata de las normas que supuestamente mantienen unido el sistema internacional, de por qu\u00e9 se violan repetidamente y de por qu\u00e9 el Derecho internacional desempe\u00f1a, no obstante, un papel central en la estabilidad y la limitaci\u00f3n de conflictos.<\/p>\n<hr \/>\n<h2>Fuentes en profundidad sobre el tema<\/h2>\n<ol>\n<li style=\"list-style-type: none;\">\n<ol>\n<li><b><a href=\"https:\/\/www.aljazeera.com\/gallery\/2025\/6\/18\/the-history-of-netanyahus-rhetoric-on-irans-nuclear-ambitions\" target=\"_blank\" rel=\"noopener\">La historia de la ret\u00f3rica de Netanyahu sobre las ambiciones nucleares de Ir\u00e1n<\/a><\/b>Un repaso de Al Jazeera a m\u00e1s de tres d\u00e9cadas de advertencias pol\u00edticas de Benjamin Netanyahu sobre un supuesto programa inminente de armas nucleares iran\u00edes. El an\u00e1lisis muestra c\u00f3mo estas advertencias se han repetido p\u00fablicamente desde principios de la d\u00e9cada de 1990.<\/li>\n<li><b><a href=\"https:\/\/www.theweek.com\/speedreads\/542019\/netanyahu-been-warning-iran-isclose-nuke-since-1992\" target=\"_blank\" rel=\"noopener\">Netanyahu lleva desde 1992 advirtiendo de que Ir\u00e1n est\u00e1 cerca de la bomba nuclear<\/a><\/b>Resumen de las principales declaraciones de Netanyahu desde principios de la d\u00e9cada de 1990, incluida su predicci\u00f3n en 1992 de que Ir\u00e1n podr\u00eda desarrollar una bomba nuclear en un plazo de tres a cinco a\u00f1os. El art\u00edculo resume las advertencias recurrentes en orden cronol\u00f3gico.<\/li>\n<li><b><a href=\"https:\/\/www.csmonitor.com\/World\/Middle-East\/2011\/1108\/Imminent-Iran-nuclear-threat-A-timeline-of-warnings-since-1979\" target=\"_blank\" rel=\"noopener\">\u00bfAmenaza nuclear inminente para Ir\u00e1n? Cronolog\u00eda de las advertencias desde 1979<\/a><\/b>El Christian Science Monitor traza la historia de las advertencias occidentales sobre el programa nuclear iran\u00ed y muestra c\u00f3mo han evolucionado las evaluaciones a lo largo de varias d\u00e9cadas. La cronolog\u00eda ofrece un importante contexto hist\u00f3rico para los debates pol\u00edticos en torno al programa nuclear iran\u00ed.<\/li>\n<li><b><a href=\"https:\/\/www.gov.il\/en\/pages\/speechun270912\" target=\"_blank\" rel=\"noopener\">Discurso del Primer Ministro Netanyahu ante la Asamblea General de las Naciones Unidas (2012)<\/a><\/b>Documentaci\u00f3n oficial del famoso discurso de Netanyahu ante la Asamblea General de la ONU, en el que utiliz\u00f3 una representaci\u00f3n gr\u00e1fica (\u201el\u00ednea roja\u201c) para advertir de un inminente programa de armas nucleares iran\u00ed. Este discurso se convirti\u00f3 en uno de los momentos m\u00e1s famosos del debate internacional sobre Ir\u00e1n.<\/li>\n<li><b><a href=\"https:\/\/www.csmonitor.com\/World\/Middle-East\/2012\/0928\/Netanyahu-s-simple-bomb-graphic-confuses-the-nuclear-experts\" target=\"_blank\" rel=\"noopener\">El sencillo gr\u00e1fico de la bomba de Netanyahu confunde a los expertos nucleares<\/a><\/b>An\u00e1lisis del gr\u00e1fico altamente simb\u00f3lico de la \u201ebomba de dibujos animados\u201c que Netanyahu present\u00f3 en la ONU en 2012. Los expertos criticaron el hecho de que la ilustraci\u00f3n simplificara en gran medida las complejas cuestiones t\u00e9cnicas del programa nuclear iran\u00ed.<\/li>\n<li><b><a href=\"https:\/\/www.theguardian.com\/world\/2012\/sep\/27\/binyamin-netanyahu-cartoon-bomb-un\" target=\"_blank\" rel=\"noopener\">El diagrama de la bomba de Netanyahu tiene \u00e9xito, pero no como quer\u00eda el Primer Ministro<\/a><\/b>The Guardian informa sobre la reacci\u00f3n internacional al famoso discurso de Netanyahu en la ONU y el simb\u00f3lico \u201edibujo de la bomba\u201c que atrajo la atenci\u00f3n mundial y dio forma al debate sobre el programa nuclear iran\u00ed.<\/li>\n<li><b><a href=\"https:\/\/www.bloomberg.com\/news\/articles\/2025-06-13\/after-30-years-of-hesitation-netanyahu-pulled-the-trigger\" target=\"_blank\" rel=\"noopener\">Tras 30 a\u00f1os de advertencias, Netanyahu aprieta el gatillo<\/a><\/b>Bloomberg analiza c\u00f3mo Netanyahu retrat\u00f3 a Ir\u00e1n como una amenaza existencial central para Israel durante d\u00e9cadas y finalmente apoy\u00f3 la acci\u00f3n militar contra el programa nuclear iran\u00ed.<\/li>\n<li><b><a href=\"https:\/\/www.reuters.com\/article\/world\/us\/iran-on-brink-of-nuclear-bomb-in-6-7-months-netanyahu-idUSBRE88F06Q\/\" target=\"_blank\" rel=\"noopener\">Ir\u00e1n al borde de la bomba nuclear en 6-7 meses: Netanyahu<\/a><\/b>Reuters informa sobre la advertencia de Netanyahu en 2012 de que Ir\u00e1n podr\u00eda lograr la capacidad de construir una bomba nuclear en pocos meses. El art\u00edculo ejemplifica los recurrentes mensajes de alarma del Gobierno israel\u00ed.<\/li>\n<li><b><a href=\"https:\/\/en.wikipedia.org\/wiki\/Nuclear_program_of_Iran\" target=\"_blank\" rel=\"noopener\">Programa nuclear de Ir\u00e1n<\/a><\/b>Panorama de la historia, el desarrollo y las controversias pol\u00edticas en torno al programa nuclear iran\u00ed, desde sus inicios en la d\u00e9cada de 1950 hasta la revoluci\u00f3n de 1979 y los actuales conflictos internacionales.<\/li>\n<li><b><a href=\"https:\/\/en.wikipedia.org\/wiki\/Timeline_of_the_nuclear_program_of_Iran\" target=\"_blank\" rel=\"noopener\">Cronolog\u00eda del programa nuclear de Ir\u00e1n<\/a><\/b>Cronolog\u00eda detallada de los acontecimientos m\u00e1s importantes del programa nuclear iran\u00ed, incluidas las negociaciones internacionales, las sanciones y el acuerdo nuclear de 2015 (JCPOA).<\/li>\n<li><b><a href=\"https:\/\/thebulletin.org\/2025\/06\/a-simple-timeline-of-irans-nuclear-program\/\" target=\"_blank\" rel=\"noopener\">Cronolog\u00eda sencilla del programa nuclear iran\u00ed<\/a><\/b>El Bolet\u00edn de los Cient\u00edficos At\u00f3micos explica el desarrollo del programa nuclear iran\u00ed y las consecuencias pol\u00edticas de acuerdos internacionales como el JCPOA. El an\u00e1lisis clasifica los avances t\u00e9cnicos y los conflictos diplom\u00e1ticos.<\/li>\n<li><b><a href=\"https:\/\/iramcenter.org\/en\/netanyahus-nuclear-gamble-the-risks-of-escalation-with-iran_en-2607\" target=\"_blank\" rel=\"noopener\">La apuesta nuclear de Netanyahu: los riesgos de una escalada con Ir\u00e1n<\/a><\/b>An\u00e1lisis del Centro Iram sobre los riesgos estrat\u00e9gicos de una escalada militar entre Israel e Ir\u00e1n, as\u00ed como la argumentaci\u00f3n pol\u00edtica a largo plazo de Netanyahu en relaci\u00f3n con la cuesti\u00f3n nuclear iran\u00ed.<\/li>\n<li><b><a href=\"https:\/\/www.abc.net.au\/news\/2012-09-28\/netanyahu-draws-red-line-on-irans-nuke-program\/4285214\" target=\"_blank\" rel=\"noopener\">Netanyahu traza una \u2018l\u00ednea roja\u2019 sobre el programa nuclear iran\u00ed<\/a><\/b>Informe sobre el discurso de Netanyahu en la ONU y su llamamiento a una clara \u201el\u00ednea roja\u201c internacional para impedir que Ir\u00e1n construya una bomba nuclear.<\/li>\n<li><b><a href=\"https:\/\/apnews.com\/article\/13d04138deb51e3f6315fa4ab5973cc0\" target=\"_blank\" rel=\"noopener\">El ataque de Israel a Ir\u00e1n marca la hora de la verdad para Netanyahu<\/a><\/b>An\u00e1lisis de la agencia de noticias AP sobre las antiguas advertencias de Netanyahu sobre la amenaza nuclear iran\u00ed y su influencia en la pol\u00edtica de seguridad y las decisiones militares de Israel.<\/li>\n<li><strong><a href=\"https:\/\/www.cfr.org\/global-conflict-tracker\/conflict\/confrontation-between-united-states-and-iran\" target=\"_blank\" rel=\"noopener\">Enfrentamiento entre Estados Unidos e Ir\u00e1n<\/a><\/strong>El Global Conflict Tracker del Council on Foreign Relations ofrece un an\u00e1lisis continuamente actualizado del enfrentamiento estrat\u00e9gico entre Ir\u00e1n, Estados Unidos y sus aliados regionales. El sitio explica las causas hist\u00f3ricas del conflicto, el papel del programa nuclear iran\u00ed, las guerras regionales por delegaci\u00f3n y la din\u00e1mica militar entre Washington, Teher\u00e1n e Israel.<\/li>\n<li><b><a href=\"https:\/\/www.cfr.org\/global-conflict-tracker\/conflict\/confrontation-between-united-states-and-iran\" target=\"_blank\" rel=\"noopener\">Enfrentamiento entre Estados Unidos e Ir\u00e1n<\/a><\/b>El Global Conflict Tracker del Council on Foreign Relations ofrece un an\u00e1lisis continuamente actualizado del enfrentamiento estrat\u00e9gico entre Ir\u00e1n, Estados Unidos y sus aliados regionales. El sitio explica las causas hist\u00f3ricas del conflicto, el papel del programa nuclear iran\u00ed, las guerras regionales por delegaci\u00f3n y la din\u00e1mica militar entre Washington, Teher\u00e1n e Israel.<\/li>\n<li><b><a href=\"https:\/\/www.atlanticcouncil.org\/dispatches\/experts-react-the-us-and-israel-just-unleashed-a-major-attack-on-iran-whats-next\/\" target=\"_blank\" rel=\"noopener\">Reacci\u00f3n de los expertos: \u00bfQu\u00e9 vendr\u00e1 despu\u00e9s de los ataques de Estados Unidos e Israel contra Ir\u00e1n?<\/a><\/b>An\u00e1lisis de varios expertos en seguridad del Consejo Atl\u00e1ntico sobre la importancia estrat\u00e9gica de ataques militares conjuntos contra Ir\u00e1n. El art\u00edculo analiza las posibles reacciones iran\u00edes, los riesgos de escalada regional y las consecuencias geopol\u00edticas a largo plazo para Oriente Medio y el equilibrio de poder internacional.<b><\/b><\/li>\n<li><b><a href=\"https:\/\/www.chathamhouse.org\/2026\/02\/us-and-israel-attack-iran-early-analysis-chatham-house-experts\" target=\"_blank\" rel=\"noopener\">Estados Unidos e Israel atacan Ir\u00e1n - An\u00e1lisis estrat\u00e9gico inicial<\/a><\/b>An\u00e1lisis de expertos del think tank brit\u00e1nico Chatham House sobre las causas y consecuencias de una acci\u00f3n militar contra Ir\u00e1n. El informe eval\u00faa el arsenal de misiles de Ir\u00e1n, sus milicias regionales y el papel a largo plazo del pa\u00eds en la estructura de poder de Oriente Medio.<b><\/b><\/li>\n<li><b><a href=\"https:\/\/www.chathamhouse.org\/2026\/03\/iran-war-exposes-limits-russias-leverage-fragmenting-regional-order\" target=\"_blank\" rel=\"noopener\">La guerra de Ir\u00e1n expone los l\u00edmites de la influencia rusa<\/a><\/b>An\u00e1lisis estrat\u00e9gico de c\u00f3mo el conflicto de Ir\u00e1n limita la influencia de Rusia en Oriente Medio y al mismo tiempo revela un orden regional fragmentado. El art\u00edculo arroja luz sobre el papel de Mosc\u00fa, sus relaciones con Teher\u00e1n y el impacto en el equilibrio de poder mundial.<b><\/b><\/li>\n<li><b><a href=\"https:\/\/www.specialeurasia.com\/2026\/03\/01\/russia-china-iran-tech-military\/\" target=\"_blank\" rel=\"noopener\">C\u00f3mo la tecnolog\u00eda rusa y china apuntala la profundidad estrat\u00e9gica de Ir\u00e1n<\/a><\/b>: An\u00e1lisis de la cooperaci\u00f3n militar y tecnol\u00f3gica entre Ir\u00e1n, Rusia y China. El art\u00edculo muestra c\u00f3mo las transferencias de tecnolog\u00eda, la cooperaci\u00f3n militar y las redes econ\u00f3micas refuerzan la posici\u00f3n estrat\u00e9gica de Ir\u00e1n en el conflicto con Occidente.<b><\/b><\/li>\n<li><b><a href=\"https:\/\/www.oxfordeconomics.com\/iran-conflict-us-israel-iran-war-2026\/\" target=\"_blank\" rel=\"noopener\">Conflicto en Ir\u00e1n: implicaciones econ\u00f3micas y para el mercado mundial<\/a><\/b>Estudio de Oxford Economics sobre el impacto econ\u00f3mico de un conflicto con Ir\u00e1n. El an\u00e1lisis examina en particular los precios de la energ\u00eda, las cadenas mundiales de suministro, los mercados financieros y los posibles escenarios para la econom\u00eda mundial en caso de una escalada prolongada en Oriente Medio.<\/li>\n<\/ol>\n<\/li>\n<\/ol>\n<hr \/>\n<h2>Preguntas m\u00e1s frecuentes<\/h2>\n<ol>\n<li><strong>\u00bfPor qu\u00e9 se considera este conflicto entre Israel e Ir\u00e1n tan peligroso desde el punto de vista estrat\u00e9gico?<\/strong><br \/>\nPorque aqu\u00ed confluyen varios niveles al mismo tiempo: un Israel amenazado existencialmente, un Ir\u00e1n a largo plazo, unas estructuras de influencia occidentales debilitadas, unas alianzas regionales fragmentadas y una estructura de poder mundial en transici\u00f3n. Esta combinaci\u00f3n crea una situaci\u00f3n en la que los mecanismos tradicionales de estabilidad ya no son eficaces. Los estrategas temen estas situaciones porque ya no son predecibles y los peque\u00f1os errores pueden tener enormes consecuencias.<\/li>\n<li><strong>\u00bfPor qu\u00e9 Israel no puede simplemente reaccionar con menos dureza para calmar la situaci\u00f3n?<\/strong><br \/>\nPara Israel, la moderaci\u00f3n no es un paso neutral. Cualquier debilidad visible podr\u00eda perjudicar su propia capacidad de disuasi\u00f3n e inquietar a la poblaci\u00f3n. El pa\u00eds se siente amenazado existencialmente y, en tales situaciones, la dureza suele considerarse una defensa necesaria. Al mismo tiempo, existe una presi\u00f3n pol\u00edtica interna que bloquea planteamientos m\u00e1s moderados. Por tanto, Israel se encuentra en una situaci\u00f3n en la que la moderaci\u00f3n parece ser un riesgo, no una soluci\u00f3n.<\/li>\n<li><strong>\u00bfPor qu\u00e9 Ir\u00e1n no puede simplemente retroceder?<\/strong><br \/>\nIr\u00e1n define su legitimidad a trav\u00e9s de la resistencia, la firmeza y la proyecci\u00f3n de poder regional. Una retirada se interpretar\u00eda internamente como debilidad y podr\u00eda desestabilizar el r\u00e9gimen. En t\u00e9rminos de pol\u00edtica exterior, ceder se ver\u00eda como una p\u00e9rdida de disuasi\u00f3n. Para Teher\u00e1n, ceder no es s\u00f3lo un problema pol\u00edtico, sino estructural. Esto significa que Ir\u00e1n -al igual que Israel- est\u00e1 atrapado en una l\u00f3gica que favorece la escalada.<\/li>\n<li><strong>\u00bfQu\u00e9 papel desempe\u00f1a en la situaci\u00f3n actual la pol\u00edtica de advertencia de Netanyahu, que dura ya d\u00e9cadas?<\/strong><br \/>\nLas repetidas advertencias sobre la \u201epronta capacidad nuclear\u201c de los dirigentes iran\u00edes desde la d\u00e9cada de 1990 han conformado la cultura pol\u00edtica de Israel y han creado expectativas internacionales. Sin embargo, la repetici\u00f3n constante de estas advertencias las ha hecho menos eficaces. Ahora que la situaci\u00f3n es realmente grave, la credibilidad de estas llamadas de alarma se ha debilitado. Al mismo tiempo, Israel ha maniobrado para situarse en una l\u00ednea de la que una retirada es dif\u00edcilmente posible desde el punto de vista pol\u00edtico.<\/li>\n<li><strong>\u00bfPor qu\u00e9 de repente los expertos vuelven a hablar hoy del uso de armas nucleares t\u00e1cticas?<\/strong><br \/>\nPorque se dan simult\u00e1neamente varios factores de riesgo: un sistema de defensa israel\u00ed desbordado, enormes capacidades iran\u00edes de misiles y aviones no tripulados, un punto muerto estrat\u00e9gico en el que ambas partes dif\u00edcilmente pueden ceder, as\u00ed como un entorno geopol\u00edtico en el que Occidente ha perdido su antiguo papel de ancla de estabilidad. Las armas nucleares t\u00e1cticas se consideran la \u201eultima ratio\u201c en situaciones de amenaza existencial, y muchos de los acontecimientos actuales indican que los espacios de decisi\u00f3n se est\u00e1n estrechando.<\/li>\n<li><strong>\u00bfCu\u00e1les ser\u00edan las consecuencias de un ataque nuclear limitado en Oriente Pr\u00f3ximo?<\/strong><br \/>\nIncluso un despliegue t\u00e1ctico, no estrat\u00e9gico, tendr\u00eda consecuencias globales. Sacudir\u00eda la arquitectura de seguridad internacional, desestabilizar\u00eda las alianzas regionales, desequilibrar\u00eda los mercados y cuestionar\u00eda la legitimidad de los tratados internacionales. El efecto psicol\u00f3gico ser\u00eda especialmente explosivo: un despliegue \u00fanico romper\u00eda un tab\u00fa de d\u00e9cadas y aumentar\u00eda las posibilidades de que se produjeran imitadores.<\/li>\n<li><strong>\u00bfQu\u00e9 probabilidades hay de que Pakist\u00e1n responda a un ataque nuclear contra Ir\u00e1n?<\/strong><br \/>\nUn contraataque nuclear directo por parte de Pakist\u00e1n ser\u00eda muy improbable porque sumir\u00eda al pa\u00eds en un conflicto suicida. M\u00e1s probables ser\u00edan las condenas ret\u00f3ricas masivas, la movilizaci\u00f3n militar, la presi\u00f3n diplom\u00e1tica y el fortalecimiento de las alianzas antioccidentales. Sin embargo, el mero hecho de que Pakist\u00e1n sea una potencia nuclear y se vea a s\u00ed mismo como la potencia protectora del mundo musulm\u00e1n aumenta considerablemente la complejidad del conflicto.<\/li>\n<li><strong>\u00bfQueda hoy alguna gran potencia que pueda detener con seguridad una escalada?<\/strong><br \/>\nEl mundo se ha vuelto multipolar. Estados Unidos est\u00e1 desbordado, Europa es pol\u00edticamente d\u00e9bil, Rusia y China persiguen sus propios intereses y su influencia sobre Ir\u00e1n es limitada. Ya no hay un \u00fanico actor que pueda actuar como \u201eamortiguador de la escalada\u201c fiable. Esto es precisamente lo que distingue esta crisis de los conflictos anteriores.<\/li>\n<li><strong>\u00bfPor qu\u00e9 muchos europeos subestiman el peligro?<\/strong><br \/>\nPorque la situaci\u00f3n de los medios de comunicaci\u00f3n est\u00e1 muy filtrada. Muchos telediarios occidentales s\u00f3lo muestran im\u00e1genes abstra\u00eddas o difuminadas. Al mismo tiempo, rara vez proporcionan informaci\u00f3n sobre las profundas conexiones estructurales. Esto crea una enga\u00f1osa sensaci\u00f3n de distancia. Aunque la gente intuye que \u201ealgo va mal\u201c, no ve la realidad completa. Y la falta de visibilidad conduce a una falta de urgencia.<\/li>\n<li><strong>\u00bfPor qu\u00e9 los medios de comunicaci\u00f3n occidentales no muestran las im\u00e1genes reales de la guerra, o las muestran atenuadas?<\/strong><br \/>\nPor varias razones: para no escandalizar a la poblaci\u00f3n, para proteger la estabilidad social, por prudencia editorial y por una imagen tradicional de s\u00ed mismo que presenta los conflictos de forma did\u00e1ctica y no documental. Pero esta moderaci\u00f3n crea lagunas informativas. Y las lagunas informativas se vuelven peligrosas en tiempos de crisis porque conducen a percepciones err\u00f3neas y a decisiones pol\u00edticas equivocadas.<\/li>\n<li><strong>\u00bfPor qu\u00e9 las empresas reaccionan con tanta cautela ante el conflicto?<\/strong><br \/>\nLas empresas son sistemas de riesgo. En cuanto aumenta la incertidumbre geopol\u00edtica, reaccionan instintivamente: aplazan inversiones, reducen pasivos, retienen liquidez y planifican de forma m\u00e1s conservadora. Las cadenas de suministro, los precios de la energ\u00eda, las primas de seguros y las condiciones crediticias dependen en gran medida de la evoluci\u00f3n geopol\u00edtica. Cuando el mundo se vuelve inestable, la actividad econ\u00f3mica suele congelarse, mucho antes de que la crisis llegue realmente a nosotros.<\/li>\n<li><strong>\u00bfQu\u00e9 papel desempe\u00f1an los precios de la energ\u00eda en esta evoluci\u00f3n?<\/strong><br \/>\nUn papel central. Oriente Medio es un centro neur\u00e1lgico para el suministro de energ\u00eda. Cualquier incertidumbre en la regi\u00f3n tiene un impacto inmediato en los precios del petr\u00f3leo y el gas. Las empresas no perciben estos movimientos de precios como \u201enoticias aterradoras\u201c, sino como un factor de coste real que afecta a toda la cadena de valor. La energ\u00eda es el pulso invisible de la econom\u00eda mundial, y este pulso reacciona con extrema sensibilidad.<\/li>\n<li><strong>\u00bfPor qu\u00e9 la presi\u00f3n occidental contra Ir\u00e1n ya casi no es eficaz?<\/strong><br \/>\nPorque Ir\u00e1n opera ahora en gran medida con independencia de los sistemas occidentales y, en su lugar, depende de los mercados asi\u00e1ticos, las redes regionales y las nuevas alianzas geopol\u00edticas. Las sanciones que sol\u00edan ser eficaces est\u00e1n perdiendo su efecto. Al mismo tiempo, Ir\u00e1n se da cuenta de que las estructuras de poder mundiales est\u00e1n fragmentadas. Esto crea un margen de maniobra que no exist\u00eda en el pasado.<\/li>\n<li><strong>\u00bfPuede a\u00fan la diplomacia resolver el conflicto?<\/strong><br \/>\nLa diplomacia puede amortiguarlo, pero no resolverlo. Los conflictos de esta magnitud tienen causas estructurales profundas. Las conversaciones diplom\u00e1ticas son importantes, pero s\u00f3lo funcionan si ambas partes ven una salida. En la actualidad, ni Israel ni Ir\u00e1n pueden ver esa salida sin poner en peligro los fundamentos de su pol\u00edtica de seguridad. Por tanto, la diplomacia s\u00f3lo puede limitar los da\u00f1os.<\/li>\n<li><strong>\u00bfQu\u00e9 lecciones debe aprender Europa de esta escalada?<\/strong><br \/>\nEuropa tendr\u00eda que desarrollar una cultura de pol\u00edtica de seguridad completamente nueva: m\u00e1s realista, m\u00e1s s\u00f3lida, m\u00e1s independiente. Esto incluye: una industria m\u00e1s fuerte, un suministro energ\u00e9tico fiable, una pol\u00edtica exterior estrat\u00e9gica sin arrogancia moral y un panorama medi\u00e1tico que no pase por alto las crisis. Hoy en d\u00eda, Europa es demasiado dependiente, demasiado lenta y demasiado ingenua para la realidad geopol\u00edtica.<\/li>\n<li><strong>\u00bfPor qu\u00e9 este conflicto es un punto de inflexi\u00f3n para el orden mundial?<\/strong><br \/>\nPorque deja claro que el viejo orden occidentalizado ya no funciona. El poder se est\u00e1 redistribuyendo. Estados que antes s\u00f3lo ten\u00edan relevancia regional ahora act\u00faan a escala mundial. Occidente ya no puede determinar unilateralmente c\u00f3mo deben desarrollarse los conflictos. El mundo se est\u00e1 volviendo multipolar, y los sistemas multipolares son m\u00e1s ca\u00f3ticos, m\u00e1s din\u00e1micos y m\u00e1s dif\u00edciles de controlar.<\/li>\n<li><strong>\u00bfTenemos que prepararnos para las consecuencias directas en Europa?<\/strong><br \/>\nS\u00ed, no necesariamente desde el punto de vista militar, sino pol\u00edtico, econ\u00f3mico y social. Influyen los precios de la energ\u00eda, la inflaci\u00f3n, las cadenas de suministro, las migraciones, las cuestiones de seguridad y los estados de \u00e1nimo pol\u00edticos. La geopol\u00edtica nunca est\u00e1 lejos. Siempre repercute en nuestra vida cotidiana a trav\u00e9s de canales econ\u00f3micos y sociales, aunque mucha gente s\u00f3lo se d\u00e9 cuenta de ello con retraso.<\/li>\n<li><strong>\u00bfPor qu\u00e9 el art\u00edculo termina deliberadamente abierto?<\/strong><br \/>\nPorque no hay caminos claros en este conflicto. Demasiadas variables, demasiados actores, demasiadas l\u00edneas hist\u00f3ricas se entrecruzan. Un final abierto refleja mejor la realidad que una conclusi\u00f3n artificial. Crisis como \u00e9sta son procesos, no acontecimientos cerrados. Y su desarrollo depende de decisiones que se tomar\u00e1n en los pr\u00f3ximos d\u00edas, semanas y meses - por actores que est\u00e1n ellos mismos bajo una presi\u00f3n extrema.<\/li>\n<\/ol>\n<hr \/>\n\n\t\t\t<div class=\"display-post-types\">\n\n\t\t\t\t\t\t\t<style type=\"text\/css\">\n\t\t\t#dpt-wrapper-300 { --dpt-text-align: left;--dpt-image-crop: center;--dpt-border-radius: 5px;--dpt-h-gutter: 10px;--dpt-v-gutter: 9px; }\t\t\t<\/style>\n\t\t\t<style type=\"text\/css\">#dpt-wrapper-300 { --dpt-title-font-style:normal;--dpt-title-font-weight:600;--dpt-title-line-height:1.5;--dpt-title-text-decoration:none;--dpt-title-text-transform:none;--dpt-excerpt-font-style:normal;--dpt-excerpt-font-weight:400;--dpt-excerpt-line-height:1.5;--dpt-excerpt-text-decoration:none;--dpt-excerpt-text-transform:none;--dpt-meta1-font-style:normal;--dpt-meta1-font-weight:400;--dpt-meta1-line-height:1.9;--dpt-meta1-text-decoration:none;--dpt-meta1-text-transform:none;--dpt-meta2-font-style:normal;--dpt-meta2-font-weight:400;--dpt-meta2-line-height:1.9;--dpt-meta2-text-decoration:none;--dpt-meta2-text-transform:none; }<\/style><div class=\"dpt-main-header\">\n\t\t\t\t\t\t<div class=\"dpt-main-title\">\n\t\t\t\t\t\t\t<span class=\"dpt-main-title-text\">Cuestiones sociales de actualidad<\/span>\n\t\t\t\t\t\t<\/div>\n\t\t\t\t\t\t\n\t\t\t\t\t\t\n\t\t\t\t\t\t\n\t\t\t\t\t\t<\/div>\t\t\t\n\t\t\t\t<div id=\"dpt-wrapper-300\" class=\"dpt-wrapper dpt-mag1 land1 dpt-cropped dpt-flex-wrap\" >\n\n\t\t\t\t\t\t\t\t\t\t\t<div class=\"dpt-entry has-thumbnail\" data-title=\"woher stammt sars-cov-2? ein sachlicher \u00dcberblick \u00fcber alle corona-theorien\" data-id=\"3521\"  data-category=\"allgemein gesellschaft gesundheit\" data-post_tag=\"deutschland gesundheit krisen sicherheitspolitik\">\n\t\t\t\t\t\t\t<div class=\"dpt-entry-wrapper\"><div class=\"dpt-featured-content\"><div class=\"dpt-permalink\"><a href=\"https:\/\/www.markus-schall.de\/es\/2025\/11\/de-donde-viene-sars-cov-2-una-vision-general-de-todas-las-teorias-de-la-corona\/\" class=\"dpt-permalink\"><span class=\"screen-reader-text\">\u00bfDe d\u00f3nde procede el SARS-CoV-2? Una visi\u00f3n general de todas las teor\u00edas sobre la corona<\/span><\/a><\/div><div class=\"dpt-thumbnail\"><div class=\"dpt-thumbnail-inner\"><img width=\"1024\" height=\"728\" class=\"attachment-full size-full\" alt=\"SARS-CoV-2 - Corona\" context=\"dpt\" data-dpt-src=\"https:\/\/www.markus-schall.de\/wp-content\/uploads\/sars-covii-corona.jpg\" data-dpt-sizes=\"(max-width: 1024px) 100vw, 1024px\" data-dpt-srcset=\"https:\/\/www.markus-schall.de\/wp-content\/uploads\/sars-covii-corona.jpg 1024w, https:\/\/www.markus-schall.de\/wp-content\/uploads\/sars-covii-corona-300x213.jpg 300w, https:\/\/www.markus-schall.de\/wp-content\/uploads\/sars-covii-corona-768x546.jpg 768w, https:\/\/www.markus-schall.de\/wp-content\/uploads\/sars-covii-corona-18x12.jpg 18w\" \/><\/div><span class=\"dpt-thumbnail-aspect-ratio\" style=\"padding-top: 75%\"><\/span><\/div><\/div><div class=\"sub-entry\"><h3 class=\"dpt-title\"><a class=\"dpt-title-link\" href=\"https:\/\/www.markus-schall.de\/es\/2025\/11\/de-donde-viene-sars-cov-2-una-vision-general-de-todas-las-teorias-de-la-corona\/\" rel=\"bookmark\">\u00bfDe d\u00f3nde procede el SARS-CoV-2? Una visi\u00f3n general de todas las teor\u00edas sobre la corona<\/a><\/h3><\/div><\/div>\n\t\t\t\t\t\t<\/div><!-- .dpt-entry -->\n\t\t\t\t\t\t\t\t\t\t\t\t<div class=\"dpt-entry has-thumbnail\" data-title=\"der iran\u2013israel-konflikt: warum diese eskalation der strategische albtraum des westens ist\" data-id=\"5212\"  data-category=\"allgemein gesellschaft\" data-post_tag=\"denkmodelle energiepolitik europa geopolitik krisen k\u00fcnstliche intelligenz meinungsfreiheit sicherheitspolitik spieltheorie\">\n\t\t\t\t\t\t\t<div class=\"dpt-entry-wrapper\"><div class=\"dpt-featured-content\"><div class=\"dpt-permalink\"><a href=\"https:\/\/www.markus-schall.de\/es\/2026\/03\/el-conflicto-iran-israel-por-que-esta-escalada-es-la-pesadilla-estrategica-de-occidente\/\" class=\"dpt-permalink\"><span class=\"screen-reader-text\">El conflicto Ir\u00e1n-Israel: por qu\u00e9 esta escalada es la pesadilla estrat\u00e9gica de Occidente<\/span><\/a><\/div><div class=\"dpt-thumbnail\"><div class=\"dpt-thumbnail-inner\"><img width=\"1024\" height=\"683\" class=\"attachment-full size-full\" alt=\"Israel-Ir\u00e1n - Pesadilla estrat\u00e9gica\" context=\"dpt\" data-dpt-src=\"https:\/\/www.markus-schall.de\/wp-content\/uploads\/Israel-Iran-Strategischer-Albtraum.jpg\" data-dpt-sizes=\"(max-width: 1024px) 100vw, 1024px\" data-dpt-srcset=\"https:\/\/www.markus-schall.de\/wp-content\/uploads\/Israel-Iran-Strategischer-Albtraum.jpg 1024w, https:\/\/www.markus-schall.de\/wp-content\/uploads\/Israel-Iran-Strategischer-Albtraum-300x200.jpg 300w, https:\/\/www.markus-schall.de\/wp-content\/uploads\/Israel-Iran-Strategischer-Albtraum-768x512.jpg 768w, https:\/\/www.markus-schall.de\/wp-content\/uploads\/Israel-Iran-Strategischer-Albtraum-18x12.jpg 18w\" \/><\/div><span class=\"dpt-thumbnail-aspect-ratio\" style=\"padding-top: 75%\"><\/span><\/div><\/div><div class=\"sub-entry\"><h3 class=\"dpt-title\"><a class=\"dpt-title-link\" href=\"https:\/\/www.markus-schall.de\/es\/2026\/03\/el-conflicto-iran-israel-por-que-esta-escalada-es-la-pesadilla-estrategica-de-occidente\/\" rel=\"bookmark\">El conflicto Ir\u00e1n-Israel: por qu\u00e9 esta escalada es la pesadilla estrat\u00e9gica de Occidente<\/a><\/h3><\/div><\/div>\n\t\t\t\t\t\t<\/div><!-- .dpt-entry -->\n\t\t\t\t\t\t\t\t\t\t\t\t<div class=\"dpt-entry has-thumbnail\" data-title=\"dieter hallervorden \u2013 mehr als didi: portr\u00e4t eines unbequemen freigeists\" data-id=\"4347\"  data-category=\"gesellschaft kunst &amp; kultur stories &amp; humor\" data-post_tag=\"erfahrungen meinungsfreiheit musik portrait\">\n\t\t\t\t\t\t\t<div class=\"dpt-entry-wrapper\"><div class=\"dpt-featured-content\"><div class=\"dpt-permalink\"><a href=\"https:\/\/www.markus-schall.de\/es\/2026\/01\/dieter-hallervorden-mas-que-didi-retrato-de-un-espiritu-libre-incomodo\/\" class=\"dpt-permalink\"><span class=\"screen-reader-text\">Dieter Hallervorden - M\u00e1s que Didi: Retrato de un inc\u00f3modo esp\u00edritu libre<\/span><\/a><\/div><div class=\"dpt-thumbnail\"><div class=\"dpt-thumbnail-inner\"><img width=\"1024\" height=\"683\" class=\"attachment-full size-full\" alt=\"Dieter Hallervorden y la W\u00fchlm\u00e4use de Berl\u00edn\" context=\"dpt\" data-dpt-src=\"https:\/\/www.markus-schall.de\/wp-content\/uploads\/Dieter-Hallvervorden-Wuehlmaeuse.jpg\" data-dpt-sizes=\"(max-width: 1024px) 100vw, 1024px\" data-dpt-srcset=\"https:\/\/www.markus-schall.de\/wp-content\/uploads\/Dieter-Hallvervorden-Wuehlmaeuse.jpg 1024w, https:\/\/www.markus-schall.de\/wp-content\/uploads\/Dieter-Hallvervorden-Wuehlmaeuse-300x200.jpg 300w, https:\/\/www.markus-schall.de\/wp-content\/uploads\/Dieter-Hallvervorden-Wuehlmaeuse-768x512.jpg 768w, https:\/\/www.markus-schall.de\/wp-content\/uploads\/Dieter-Hallvervorden-Wuehlmaeuse-18x12.jpg 18w\" \/><\/div><span class=\"dpt-thumbnail-aspect-ratio\" style=\"padding-top: 75%\"><\/span><\/div><\/div><div class=\"sub-entry\"><h3 class=\"dpt-title\"><a class=\"dpt-title-link\" href=\"https:\/\/www.markus-schall.de\/es\/2026\/01\/dieter-hallervorden-mas-que-didi-retrato-de-un-espiritu-libre-incomodo\/\" rel=\"bookmark\">Dieter Hallervorden - M\u00e1s que Didi: Retrato de un inc\u00f3modo esp\u00edritu libre<\/a><\/h3><\/div><\/div>\n\t\t\t\t\t\t<\/div><!-- .dpt-entry -->\n\t\t\t\t\t\t\t\t\t\t\t\t<div class=\"dpt-entry has-thumbnail\" data-title=\"warum dieter bohlen spricht, wenn andere schweigen: ein portr\u00e4t \u00fcber flei\u00df und klarheit\" data-id=\"3744\"  data-category=\"allgemein gesellschaft kunst &amp; kultur\" data-post_tag=\"auswandern deutschland erfahrungen krisen meinungsfreiheit musik portrait\">\n\t\t\t\t\t\t\t<div class=\"dpt-entry-wrapper\"><div class=\"dpt-featured-content\"><div class=\"dpt-permalink\"><a href=\"https:\/\/www.markus-schall.de\/es\/2025\/12\/por-que-dieter-bohlen-habla-cuando-otros-callan-un-retrato-de-diligencia-y-claridad\/\" class=\"dpt-permalink\"><span class=\"screen-reader-text\">Por qu\u00e9 Dieter Bohlen habla cuando otros callan: Un retrato de diligencia y claridad<\/span><\/a><\/div><div class=\"dpt-thumbnail\"><div class=\"dpt-thumbnail-inner\"><img width=\"1024\" height=\"683\" class=\"attachment-full size-full\" alt=\"\" context=\"dpt\" data-dpt-src=\"https:\/\/www.markus-schall.de\/wp-content\/uploads\/Dieter-Bohlen-Portrait.jpg\" data-dpt-sizes=\"(max-width: 1024px) 100vw, 1024px\" data-dpt-srcset=\"https:\/\/www.markus-schall.de\/wp-content\/uploads\/Dieter-Bohlen-Portrait.jpg 1024w, https:\/\/www.markus-schall.de\/wp-content\/uploads\/Dieter-Bohlen-Portrait-300x200.jpg 300w, https:\/\/www.markus-schall.de\/wp-content\/uploads\/Dieter-Bohlen-Portrait-768x512.jpg 768w, https:\/\/www.markus-schall.de\/wp-content\/uploads\/Dieter-Bohlen-Portrait-18x12.jpg 18w\" \/><\/div><span class=\"dpt-thumbnail-aspect-ratio\" style=\"padding-top: 75%\"><\/span><\/div><\/div><div class=\"sub-entry\"><h3 class=\"dpt-title\"><a class=\"dpt-title-link\" href=\"https:\/\/www.markus-schall.de\/es\/2025\/12\/por-que-dieter-bohlen-habla-cuando-otros-callan-un-retrato-de-diligencia-y-claridad\/\" rel=\"bookmark\">Por qu\u00e9 Dieter Bohlen habla cuando otros callan: Un retrato de diligencia y claridad<\/a><\/h3><\/div><\/div>\n\t\t\t\t\t\t<\/div><!-- .dpt-entry -->\n\t\t\t\t\t\t\n\t\t\t\t<\/div>\n\t\t\t\t\t\t<\/div>\n\t\t\t\n<hr \/>\n<h2>Noticias anteriores sobre el tema<\/h2>\n<p><strong>31.03.2026<\/strong>Las tensiones en torno al conflicto de Ir\u00e1n est\u00e1n provocando cada vez m\u00e1s diferencias abiertas en el seno de la alianza occidental. Seg\u00fan informes recientes <a href=\"https:\/\/orf.at\/stories\/3425530\/\" target=\"_blank\" rel=\"noopener\"><strong>Italia ha autorizado a EE.UU. a utilizar una base militar<\/strong><\/a> en Sicilia para operaciones en la guerra de Ir\u00e1n, ya que no hubo autorizaci\u00f3n parlamentaria para ello con la suficiente antelaci\u00f3n. Al mismo tiempo, Roma subraya que se trataba de una decisi\u00f3n jur\u00eddica y no pol\u00edtica.<\/p>\n<p>Ya antes <a href=\"https:\/\/www.tagesschau.de\/ausland\/europa\/spanien-uberflugverbot-irankrieg-100.html\" target=\"_blank\" rel=\"noopener\"><strong>Espa\u00f1a adopta una postura clara<\/strong><\/a>El gobierno de Madrid prohibi\u00f3 a Estados Unidos utilizar bases militares importantes como Rota y Mor\u00f3n, as\u00ed como sobrevolar el espacio a\u00e9reo espa\u00f1ol para misiones en el conflicto de Ir\u00e1n. El trasfondo de esta medida es la clara l\u00ednea pol\u00edtica de Espa\u00f1a de no apoyar la guerra y considerarla problem\u00e1tica desde el punto de vista del derecho internacional. En general, esto est\u00e1 creando una fisura cada vez m\u00e1s visible dentro de la OTAN, ya que los pa\u00edses europeos est\u00e1n limitando claramente su participaci\u00f3n en la escalada militar.<\/p>\n<div class=\"lyte-wrapper\" style=\"width:640px;max-width:100%;margin:5px;\"><div class=\"lyMe\" id=\"WYL_opbLEN67oK8\"><div id=\"lyte_opbLEN67oK8\" data-src=\"https:\/\/www.markus-schall.de\/wp-content\/plugins\/wp-youtube-lyte\/lyteCache.php?origThumbUrl=%2F%2Fi.ytimg.com%2Fvi%2FopbLEN67oK8%2Fhqdefault.jpg\" class=\"pL\"><div class=\"tC\"><div class=\"tT\"><\/div><\/div><div class=\"play\"><\/div><div class=\"ctrl\"><div class=\"Lctrl\"><\/div><div class=\"Rctrl\"><\/div><\/div><\/div><noscript><a href=\"https:\/\/youtu.be\/opbLEN67oK8\" rel=\"nofollow noopener\" target=\"_blank\"><img loading=\"lazy\" decoding=\"async\" src=\"https:\/\/www.markus-schall.de\/wp-content\/plugins\/wp-youtube-lyte\/lyteCache.php?origThumbUrl=https%3A%2F%2Fi.ytimg.com%2Fvi%2FopbLEN67oK8%2F0.jpg\" alt=\"Miniatura de v\u00eddeo de YouTube\" width=\"640\" height=\"340\" \/><br \/>Ver este v\u00eddeo en YouTube<\/a><\/noscript><\/div><\/div><div class=\"lL\" style=\"max-width:100%;width:640px;margin:5px;\"><\/div><br \/>\nKoch, experto burs\u00e1til de EEUU: \u201eLas medidas de Trump est\u00e1n desestabilizando la econom\u00eda mundial\u201c | La econom\u00eda mundial se desestabiliza: \"Las medidas de Trump est\u00e1n desestabilizando la econom\u00eda mundial <a href=\"https:\/\/www.youtube.com\/@handelsblattvideo\" target=\"_blank\" rel=\"nofollow noopener\">Handelsblatt<\/a><\/p>\n<p><strong>25.03.2026<\/strong>: Las duras cr\u00edticas del Presidente alem\u00e1n Steinmeier a la guerra de Estados Unidos e Israel contra Ir\u00e1n est\u00e1n causando un revuelo inusitado. <a href=\"https:\/\/www.spiegel.de\/politik\/frank-walter-steinmeier-bekommt-fuer-iran-krieg-aeusserung-lob-aus-teheran-und-von-der-afd-a-67d5ce17-25c1-4dac-9105-2a0376e9a9ae\" target=\"_blank\" rel=\"noopener\"><strong>Reacciones pol\u00edticas dentro y fuera del pa\u00eds<\/strong><\/a>. Aunque Steinmeier calific\u00f3 el conflicto de \u201econtrario al derecho internacional\u201c, recibi\u00f3 el apoyo tanto de Teher\u00e1n como de la AfD, una constelaci\u00f3n rara y pol\u00edticamente notable. Al mismo tiempo, su postura ha sido recibida con cr\u00edticas dentro de la pol\u00edtica alemana, en particular por parte de la CDU\/CSU, que le acusa de extralimitarse en sus funciones. El debate se centra menos en la valoraci\u00f3n del conflicto en s\u00ed y m\u00e1s en la cuesti\u00f3n de hasta qu\u00e9 punto un Presidente Federal debe formular abiertamente posiciones de pol\u00edtica exterior. Las declaraciones de Steinmeier muestran hasta qu\u00e9 punto el conflicto iran\u00ed caracteriza tambi\u00e9n el debate pol\u00edtico interno en Alemania.<\/p>\n<p><strong>24.03.2026<\/strong>El Presidente Federal Frank-Walter Steinmeier ha criticado la guerra de Estados Unidos e Israel contra Ir\u00e1n en t\u00e9rminos inusualmente claros, calific\u00e1ndola de \u201econtraria al Derecho internacional\u201c. En un discurso con motivo del 75 aniversario del Ministerio Federal de Asuntos Exteriores, subray\u00f3 que hab\u00eda \u201epocas dudas\u201c sobre esta valoraci\u00f3n. Steinmeier se mostr\u00f3 as\u00ed mucho m\u00e1s tajante que el gobierno alem\u00e1n, que hasta ahora hab\u00eda evitado tal categorizaci\u00f3n. Al mismo tiempo, calific\u00f3 el conflicto de \u201eerror pol\u00edticamente fatal\u201c y puso en duda que pudieran alcanzarse los objetivos militares, como impedir una bomba nuclear iran\u00ed.<\/p>\n<div class=\"lyte-wrapper\" style=\"width:640px;max-width:100%;margin:5px;\"><div class=\"lyMe\" id=\"WYL_ODRJmAMeFNM\"><div id=\"lyte_ODRJmAMeFNM\" data-src=\"https:\/\/www.markus-schall.de\/wp-content\/plugins\/wp-youtube-lyte\/lyteCache.php?origThumbUrl=%2F%2Fi.ytimg.com%2Fvi%2FODRJmAMeFNM%2Fhqdefault.jpg\" class=\"pL\"><div class=\"tC\"><div class=\"tT\"><\/div><\/div><div class=\"play\"><\/div><div class=\"ctrl\"><div class=\"Lctrl\"><\/div><div class=\"Rctrl\"><\/div><\/div><\/div><noscript><a href=\"https:\/\/youtu.be\/ODRJmAMeFNM\" rel=\"nofollow noopener\" target=\"_blank\"><img loading=\"lazy\" decoding=\"async\" src=\"https:\/\/www.markus-schall.de\/wp-content\/plugins\/wp-youtube-lyte\/lyteCache.php?origThumbUrl=https%3A%2F%2Fi.ytimg.com%2Fvi%2FODRJmAMeFNM%2F0.jpg\" alt=\"Miniatura de v\u00eddeo de YouTube\" width=\"640\" height=\"340\" \/><br \/>Ver este v\u00eddeo en YouTube<\/a><\/noscript><\/div><\/div><div class=\"lL\" style=\"max-width:100%;width:640px;margin:5px;\"><\/div><br \/>\nEl Presidente Federal Steinmeier califica la guerra de EE.UU. e Israel contra Ir\u00e1n de \u201econtraria al Derecho internacional\u201c | El Presidente Federal Steinmeier califica la guerra de EE.UU. e Israel contra Ir\u00e1n de \"contraria al Derecho internacional <a href=\"https:\/\/www.youtube.com\/@zeit\" target=\"_blank\" rel=\"nofollow noopener\">EL TIEMPO<\/a><\/p>\n<p>Steinmeier tambi\u00e9n se refiri\u00f3 al fallido acuerdo nuclear de 2015, que, en su opini\u00f3n, proporcion\u00f3 una base m\u00e1s estable para la diplomacia. Sus declaraciones marcan un notable cambio en el discurso pol\u00edtico y subrayan las crecientes tensiones en el seno de la pol\u00edtica exterior occidental.<\/p>\n<p><strong>23.03.2026<\/strong>: Una corriente <a href=\"https:\/\/www.handelsblatt.com\/politik\/international\/iran-krieg-iran-kontert-trumps-ultimatum-maerkte-reagieren-nervoes\/100210758.html\" target=\"_blank\" rel=\"noopener\"><strong>Informe del Handelsblatt<\/strong><\/a> muestra hasta qu\u00e9 punto las tensiones en el conflicto de Ir\u00e1n siguen intensific\u00e1ndose e inquietan cada vez m\u00e1s a los mercados financieros. El principal detonante es un ultim\u00e1tum del presidente estadounidense, Donald Trump, que ha pedido a Teher\u00e1n que abra el estrecho de Ormuz, de importancia estrat\u00e9gica, y al mismo tiempo ha amenazado con atacar las instalaciones energ\u00e9ticas iran\u00edes. Ir\u00e1n ha respondido con contraamenazas y mantiene la perspectiva de un posible bloqueo completo del estrecho. Esto supondr\u00eda un duro golpe para la econom\u00eda mundial, ya que gran parte del comercio mundial de petr\u00f3leo pasa por esta ruta. Los mercados reaccionan con nerviosismo: suben los precios de la energ\u00eda, las bolsas sufren presiones y los inversores temen una nueva escalada. En conjunto, la impresi\u00f3n es la de una situaci\u00f3n muy din\u00e1mica en la que las decisiones pol\u00edticas tienen consecuencias econ\u00f3micas inmediatas.<\/p>\n<p>Las tensiones en el conflicto iran\u00ed repercuten cada vez m\u00e1s en Europa, concretamente en la pol\u00edtica de defensa suiza. El Gobierno de Berna ha decidido, por el momento <a href=\"https:\/\/de.euronews.com\/2026\/03\/21\/iran-schweiz-waffenlieferung-usa\" target=\"_blank\" rel=\"noopener\"><strong>dejar de suministrar armas a EE.UU.<\/strong><\/a>, ya que est\u00e1n directamente implicados en el conflicto con Ir\u00e1n. El trasfondo de esta decisi\u00f3n es la estricta neutralidad de Suiza, que proh\u00edbe la exportaci\u00f3n de material b\u00e9lico a Estados beligerantes. Al mismo tiempo, el Ministro de Asuntos Exteriores, Ignazio Cassis, subraya que esta decisi\u00f3n no es un juicio pol\u00edtico, sino una obligaci\u00f3n legal. Sin embargo, la medida tiene consecuencias tangibles para la industria suiza de defensa, ya que Estados Unidos era hasta ahora uno de sus clientes m\u00e1s importantes. Las empresas ya est\u00e1n advirtiendo de p\u00e9rdidas econ\u00f3micas y posibles deslocalizaciones de la producci\u00f3n. En conjunto, la decisi\u00f3n muestra hasta qu\u00e9 punto el conflicto afecta ahora tambi\u00e9n indirectamente a los pa\u00edses europeos.<\/p>\n<p><strong>20.03.2026<\/strong>El actual conflicto en Oriente Pr\u00f3ximo est\u00e1 empezando a <a href=\"https:\/\/www.heise.de\/news\/Bericht-Iran-Krieg-gefaehrdet-allmaehlich-auch-Halbleiterproduktion-11214548.html\" target=\"_blank\" rel=\"noopener\"><strong>la industria mundial de semiconductores<\/strong><\/a>. Los principales desencadenantes son las interrupciones de importantes cadenas de suministro, como el bloqueo del Estrecho de Ormuz, que se utiliza para transportar materias primas clave. El suministro de gas natural licuado y helio, esenciales para la producci\u00f3n de chips, es especialmente cr\u00edtico. Pa\u00edses como Taiw\u00e1n est\u00e1n sufriendo presiones por ello, ya que dependen en gran medida de las importaciones energ\u00e9ticas de la regi\u00f3n. Al mismo tiempo, centros log\u00edsticos como Dubai, que desempe\u00f1an un papel importante en el transporte mundial de obleas, tambi\u00e9n se est\u00e1n viendo afectados. Los expertos advierten de que la ya tensa situaci\u00f3n del mercado de chips podr\u00eda empeorar, sobre todo debido a la gran demanda en el campo de la inteligencia artificial.<\/p>\n<p><strong>19.03.2026<\/strong>En una detallada entrevista con el peri\u00f3dico austriaco Kronen Zeitung, el embajador iran\u00ed pinta un cuadro claro y decidido de la situaci\u00f3n actual. Desde el punto de vista de Teher\u00e1n, no se trata de una escalada a corto plazo, sino de un conflicto a m\u00e1s largo plazo para el que est\u00e1 preparado pol\u00edtica y militarmente. El embajador habla de ataques repetidos, que en su opini\u00f3n son injustificados, y subraya que Ir\u00e1n considera sus reacciones en el marco del derecho internacional.<\/p>\n<div class=\"lyte-wrapper\" style=\"width:640px;max-width:100%;margin:5px;\"><div class=\"lyMe\" id=\"WYL_FHXUMClAS2o\"><div id=\"lyte_FHXUMClAS2o\" data-src=\"https:\/\/www.markus-schall.de\/wp-content\/plugins\/wp-youtube-lyte\/lyteCache.php?origThumbUrl=%2F%2Fi.ytimg.com%2Fvi%2FFHXUMClAS2o%2Fhqdefault.jpg\" class=\"pL\"><div class=\"tC\"><div class=\"tT\"><\/div><\/div><div class=\"play\"><\/div><div class=\"ctrl\"><div class=\"Lctrl\"><\/div><div class=\"Rctrl\"><\/div><\/div><\/div><noscript><a href=\"https:\/\/youtu.be\/FHXUMClAS2o\" rel=\"nofollow noopener\" target=\"_blank\"><img loading=\"lazy\" decoding=\"async\" src=\"https:\/\/www.markus-schall.de\/wp-content\/plugins\/wp-youtube-lyte\/lyteCache.php?origThumbUrl=https%3A%2F%2Fi.ytimg.com%2Fvi%2FFHXUMClAS2o%2F0.jpg\" alt=\"Miniatura de v\u00eddeo de YouTube\" width=\"640\" height=\"340\" \/><br \/>Ver este v\u00eddeo en YouTube<\/a><\/noscript><\/div><\/div><div class=\"lL\" style=\"max-width:100%;width:640px;margin:5px;\"><\/div><br \/>\nEl embajador iran\u00ed: \u201eIr\u00e1n est\u00e1 preparado para una guerra larga\u201c | El Parlamento Europeo pide a Ir\u00e1n que se prepare para la guerra <a href=\"https:\/\/www.youtube.com\/@kronetv\" target=\"_blank\" rel=\"nofollow noopener\">Kronen Zeitung<\/a><\/p>\n<p>Al mismo tiempo, queda claro que los dirigentes de Teher\u00e1n no esperan un final r\u00e1pido, sino que se preparan estrat\u00e9gicamente para un conflicto m\u00e1s largo. As\u00ed pues, la entrevista ofrece una visi\u00f3n pocas veces directa de la visi\u00f3n oficial de Ir\u00e1n y a\u00f1ade una perspectiva central a los informes anteriores.<\/p>\n<p><strong>15.03.2026<\/strong>: En una reciente entrevista con el <a href=\"https:\/\/www.youtube.com\/@WELTVideoTV\" target=\"_blank\" rel=\"nofollow noopener\">Canal de noticias WELT<\/a> el ex teniente general (retirado) de las Fuerzas Armadas alemanas Roland Kather pinta un panorama de la situaci\u00f3n en Oriente Medio mucho m\u00e1s esc\u00e9ptico que el que se puede escuchar actualmente en muchas declaraciones pol\u00edticas. Mientras el presidente estadounidense Donald Trump habla ya de \u00e9xitos, Kather advierte de una peligrosa din\u00e1mica de escalada y de una l\u00ednea estrat\u00e9gicamente poco clara de la pol\u00edtica occidental. En particular, la amenaza de un posible bloqueo del estrecho de Ormuz podr\u00eda tener un impacto masivo en el comercio mundial.<\/p>\n<div class=\"lyte-wrapper\" style=\"width:640px;max-width:100%;margin:5px;\"><div class=\"lyMe\" id=\"WYL_95NbeSC6dOE\"><div id=\"lyte_95NbeSC6dOE\" data-src=\"https:\/\/www.markus-schall.de\/wp-content\/plugins\/wp-youtube-lyte\/lyteCache.php?origThumbUrl=%2F%2Fi.ytimg.com%2Fvi%2F95NbeSC6dOE%2Fhqdefault.jpg\" class=\"pL\"><div class=\"tC\"><div class=\"tT\"><\/div><\/div><div class=\"play\"><\/div><div class=\"ctrl\"><div class=\"Lctrl\"><\/div><div class=\"Rctrl\"><\/div><\/div><\/div><noscript><a href=\"https:\/\/youtu.be\/95NbeSC6dOE\" rel=\"nofollow noopener\" target=\"_blank\"><img loading=\"lazy\" decoding=\"async\" src=\"https:\/\/www.markus-schall.de\/wp-content\/plugins\/wp-youtube-lyte\/lyteCache.php?origThumbUrl=https%3A%2F%2Fi.ytimg.com%2Fvi%2F95NbeSC6dOE%2F0.jpg\" alt=\"Miniatura de v\u00eddeo de YouTube\" width=\"640\" height=\"340\" \/><br \/>Ver este v\u00eddeo en YouTube<\/a><\/noscript><\/div><\/div><div class=\"lL\" style=\"max-width:100%;width:640px;margin:5px;\"><\/div><\/p>\n<p>Al mismo tiempo, el general se\u00f1ala las debilidades militares de Europa, por ejemplo en la marina alemana, as\u00ed como nuevas din\u00e1micas en el campo de los conflictos, como la experiencia ucraniana en la guerra con drones. En general, la impresi\u00f3n es que la estrategia de seguridad de Occidente es cada vez m\u00e1s aleatoria, mientras que Ir\u00e1n y sus socios parecen ser m\u00e1s resistentes militarmente de lo esperado.<\/p>\n<p><strong>12.03.2026<\/strong>: El nuevo l\u00edder religioso y jefe de Estado iran\u00ed, Modshtaba Jamenei, ha hablado p\u00fablicamente por primera vez desde el inicio de la guerra y ha pedido un <a href=\"https:\/\/www.youtube.com\/watch?v=7ngCtMmfU70\" target=\"_blank\" rel=\"nofollow noopener\"><strong>Se anuncia una l\u00ednea dura hacia EE.UU. e Israel<\/strong><\/a>. En un mensaje transmitido por la televisi\u00f3n estatal, el cl\u00e9rigo de 56 a\u00f1os pidi\u00f3 venganza para las v\u00edctimas de los ataques a\u00e9reos y habl\u00f3 de la necesidad de una respuesta decisiva. En particular, se refiri\u00f3 a un ataque en el que, seg\u00fan fuentes iran\u00edes, murieron numerosas escolares.<\/p>\n<p>Al mismo tiempo, los dirigentes iran\u00edes anunciaron que seguir\u00edan ejerciendo presi\u00f3n sobre las bases militares estadounidenses en la regi\u00f3n y utilizando palancas estrat\u00e9gicas como el estrecho de Ormuz. La primera declaraci\u00f3n del nuevo ayatol\u00e1 se considera una se\u00f1al de que Teher\u00e1n pretende mantener su estrategia de confrontaci\u00f3n a pesar de los graves atentados.<\/p>\n<p><strong>09.03.2026<\/strong>: En la escalada del conflicto entre Ir\u00e1n e Israel, la situaci\u00f3n se ha recrudecido una vez m\u00e1s. <a href=\"https:\/\/www.zeit.de\/politik\/ausland\/2026-03\/iran-krieg-usa-israel-bahrain-katar-ueberblick-gxe\" target=\"_blank\" rel=\"noopener\"><strong>dr\u00e1sticamente agudizado<\/strong><\/a>. Seg\u00fan diversos medios de comunicaci\u00f3n, tras la muerte del anterior l\u00edder iran\u00ed en un ataque con misiles, su hijo Modshtaba Jamenei fue elegido nuevo jefe del pa\u00eds. Se le considera un estricto partidario de la l\u00ednea dura procedente de los c\u00edrculos de la Guardia Revolucionaria iran\u00ed. Adem\u00e1s de su padre, en el atentado murieron su esposa y otros miembros de su familia. Poco despu\u00e9s de su llegada al poder, se produjo una nueva escalada masiva: Ir\u00e1n lanz\u00f3 el mayor ataque con misiles contra Israel desde el inicio del actual conflicto. Israel respondi\u00f3 con contraataques contra objetivos iran\u00edes en la regi\u00f3n.<\/p>\n<p>Crecimiento paralelo <a href=\"https:\/\/www.wallstreet-online.de\/nachricht\/20560170-strasse-hormus-dicht-sorgt-iran-krieg-globale-rezession\" target=\"_blank\" rel=\"noopener\"><strong>seg\u00fan Wallstreet Online<\/strong><\/a> Las consecuencias econ\u00f3micas preocupan a todo el mundo. Los observadores advierten de que una escalada del conflicto podr\u00eda poner en peligro el tr\u00e1fico mar\u00edtimo a trav\u00e9s del estrat\u00e9gicamente importante estrecho de Ormuz. Una parte significativa del comercio mundial de petr\u00f3leo se transporta a trav\u00e9s de este estrecho. Si se bloquea la ruta mar\u00edtima, el aumento de los precios de la energ\u00eda y las interrupciones del comercio podr\u00edan desencadenar una desaceleraci\u00f3n econ\u00f3mica mundial o incluso una recesi\u00f3n.<\/p>\n<p><strong>06.03.2026<\/strong>: En la escalada del conflicto entre Estados Unidos e Ir\u00e1n, el presidente estadounidense, Donald Trump, ha hecho una dr\u00e1stica exigencia. Seg\u00fan ha informado el <a href=\"https:\/\/www.sueddeutsche.de\/politik\/iran-krieg-liveblog-us-militaer-iranische-flotte-persischer-golf-li.3395676\" target=\"_blank\" rel=\"noopener\"><strong>Liveblog del S\u00fcddeutsche Zeitung<\/strong><\/a> Trump declar\u00f3 en su plataforma Truth Social que un acuerdo con Teher\u00e1n est\u00e1 descartado para \u00e9l en este momento. En su lugar, cree que el conflicto debe convertirse en un <strong>\u201eLa \u201crendici\u00f3n incondicional\" de Ir\u00e1n<\/strong> a su fin. As\u00ed pues, Washington est\u00e1 intensificando claramente su ret\u00f3rica y se\u00f1alando una l\u00ednea dura en el conflicto militar en curso. Al mismo tiempo, los medios de comunicaci\u00f3n internacionales informan de nuevas operaciones militares y de un aumento de las tensiones en la regi\u00f3n. Los observadores ven en ello una posible nueva escalada, mientras que las iniciativas diplom\u00e1ticas apenas han avanzado hasta ahora.<\/p>\n<p><strong>04.03.2026<\/strong>: Como el S\u00fcddeutsche Zeitung <a href=\"https:\/\/www.sueddeutsche.de\/politik\/iran-krieg-liveblog-us-militaer-iranische-flotte-persischer-golf-li.3395676\" target=\"_blank\" rel=\"noopener\"><strong>inform\u00f3 en un liveblog<\/strong><\/a>, El ej\u00e9rcito estadounidense ha informado de que ha eliminado gran parte de la armada iran\u00ed en el Golfo P\u00e9rsico. El Mando Central estadounidense (CENTCOM) declar\u00f3 que las fuerzas estadounidenses hab\u00edan destruido 17 buques de guerra iran\u00edes, incluido un submarino, y atacado simult\u00e1neamente casi 2.000 objetivos en Ir\u00e1n. Seg\u00fan el mando militar, el objetivo de la operaci\u00f3n era neutralizar la capacidad de Ir\u00e1n de bloquear el estrat\u00e9gicamente importante estrecho de Ormuz. El comandante del Mando Central estadounidense declar\u00f3 que actualmente no hay buques iran\u00edes operando en el Golfo P\u00e9rsico, el Estrecho de Ormuz o el Golfo de Om\u00e1n. La informaci\u00f3n procede de fuentes militares estadounidenses y actualmente no puede ser verificada de forma independiente. El estrecho de Ormuz est\u00e1 considerado una de las rutas de transporte de energ\u00eda m\u00e1s importantes del mundo: alrededor de una quinta parte del comercio mundial de petr\u00f3leo y gas natural licuado pasa por la ruta entre Ir\u00e1n y Om\u00e1n.<\/p>\n<p><strong>01.03.2026<\/strong>: El l\u00edder espiritual de Ir\u00e1n <a href=\"https:\/\/www.n-tv.de\/politik\/Ali-Chamenei-ist-tot-auch-enge-Verwandte-nicht-mehr-am-Leben-id30417273.html\" target=\"_blank\" rel=\"noopener\"><strong>El ayatol\u00e1 Ali Jamenei ha muerto<\/strong><\/a> - As\u00ed lo confirmaron los medios estatales iran\u00edes pocas horas despu\u00e9s de un anuncio anterior del presidente estadounidense, Donald Trump. Seg\u00fan informes de Ir\u00e1n, el anciano de 86 a\u00f1os muri\u00f3 en los intensos ataques a\u00e9reos de Estados Unidos e Israel, y se declar\u00f3 un periodo de luto nacional de 40 d\u00edas. Seg\u00fan los medios, en los ataques tambi\u00e9n murieron familiares cercanos, entre ellos su hija y su nieta. La Guardia Revolucionaria iran\u00ed anunci\u00f3 represalias, mientras que Trump describi\u00f3 la muerte de Jamenei como una oportunidad para el pueblo iran\u00ed.<\/p>\n<p><strong>28.02.2026<\/strong>El 28 de febrero de 2026, Israel, junto con Estados Unidos, lanz\u00f3 ataques militares contra objetivos en Ir\u00e1n, empujando el prolongado conflicto de Oriente Pr\u00f3ximo a una nueva y peligrosa fase. <a href=\"https:\/\/www.wiwo.de\/politik\/ausland\/nahostkonflikt-israel-startet-angriff-auf-iran-mit-unterstuetzung-der-usa\/100204271.html\" target=\"_blank\" rel=\"noopener\"><strong>Seg\u00fan un informe de Wirtschaftswoche <\/strong><\/a>Las instalaciones iran\u00edes fueron blanco de los ataques, mientras nubes de humo se elevaban sobre la ciudad y se registraban explosiones en Teher\u00e1n. La ofensiva supone una escalada significativa en la disputa sobre el programa nuclear iran\u00ed y se produce tras meses de tensi\u00f3n entre Israel, Estados Unidos y Teher\u00e1n. Los dirigentes iran\u00edes amenazan con tomar represalias, por lo que los observadores internacionales temen que la situaci\u00f3n se deteriore a\u00fan m\u00e1s.<\/p>\n<hr \/>\n\n\t\t\t<div class=\"display-post-types\">\n\n\t\t\t\t\t\t\t<style type=\"text\/css\">\n\t\t\t#dpt-wrapper-301 { --dpt-text-align: left;--dpt-image-crop: center;--dpt-border-radius: 5px;--dpt-h-gutter: 10px;--dpt-v-gutter: 9px; }\t\t\t<\/style>\n\t\t\t<style type=\"text\/css\">#dpt-wrapper-301 { --dpt-title-font-style:normal;--dpt-title-font-weight:600;--dpt-title-line-height:1.5;--dpt-title-text-decoration:none;--dpt-title-text-transform:none;--dpt-excerpt-font-style:normal;--dpt-excerpt-font-weight:400;--dpt-excerpt-line-height:1.5;--dpt-excerpt-text-decoration:none;--dpt-excerpt-text-transform:none;--dpt-meta1-font-style:normal;--dpt-meta1-font-weight:400;--dpt-meta1-line-height:1.9;--dpt-meta1-text-decoration:none;--dpt-meta1-text-transform:none;--dpt-meta2-font-style:normal;--dpt-meta2-font-weight:400;--dpt-meta2-line-height:1.9;--dpt-meta2-text-decoration:none;--dpt-meta2-text-transform:none; }<\/style><div class=\"dpt-main-header\">\n\t\t\t\t\t\t<div class=\"dpt-main-title\">\n\t\t\t\t\t\t\t<span class=\"dpt-main-title-text\">Art\u00edculos de actualidad sobre inteligencia artificial<\/span>\n\t\t\t\t\t\t<\/div>\n\t\t\t\t\t\t\n\t\t\t\t\t\t\n\t\t\t\t\t\t\n\t\t\t\t\t\t<\/div>\t\t\t\n\t\t\t\t<div id=\"dpt-wrapper-301\" class=\"dpt-wrapper dpt-mag1 land1 dpt-cropped dpt-flex-wrap\" >\n\n\t\t\t\t\t\t\t\t\t\t\t<div class=\"dpt-entry has-thumbnail\" data-title=\"ki f\u00fcr anf\u00e4nger: wie du ohne vorkenntnisse sinnvoll mit k\u00fcnstlicher intelligenz startest\" data-id=\"4199\"  data-category=\"allgemein apple iphone &amp; ipad apple macos ki-systeme tipps &amp; anleitungen\" data-post_tag=\"denkmodelle k\u00fcnstliche intelligenz lernen prozesse\">\n\t\t\t\t\t\t\t<div class=\"dpt-entry-wrapper\"><div class=\"dpt-featured-content\"><div class=\"dpt-permalink\"><a href=\"https:\/\/www.markus-schall.de\/es\/2025\/12\/ki-para-principiantes-como-iniciarse-en-la-inteligencia-artificial-sin-conocimientos-previos\/\" class=\"dpt-permalink\"><span class=\"screen-reader-text\">IA para principiantes: c\u00f3mo iniciarse en la inteligencia artificial sin conocimientos previos<\/span><\/a><\/div><div class=\"dpt-thumbnail\"><div class=\"dpt-thumbnail-inner\"><img width=\"1024\" height=\"683\" class=\"attachment-full size-full\" alt=\"IA para principiantes\" context=\"dpt\" data-dpt-src=\"https:\/\/www.markus-schall.de\/wp-content\/uploads\/KI-fuer-Einsteiger-Computer.jpg\" data-dpt-sizes=\"(max-width: 1024px) 100vw, 1024px\" data-dpt-srcset=\"https:\/\/www.markus-schall.de\/wp-content\/uploads\/KI-fuer-Einsteiger-Computer.jpg 1024w, https:\/\/www.markus-schall.de\/wp-content\/uploads\/KI-fuer-Einsteiger-Computer-300x200.jpg 300w, https:\/\/www.markus-schall.de\/wp-content\/uploads\/KI-fuer-Einsteiger-Computer-768x512.jpg 768w, https:\/\/www.markus-schall.de\/wp-content\/uploads\/KI-fuer-Einsteiger-Computer-18x12.jpg 18w\" \/><\/div><span class=\"dpt-thumbnail-aspect-ratio\" style=\"padding-top: 75%\"><\/span><\/div><\/div><div class=\"sub-entry\"><h3 class=\"dpt-title\"><a class=\"dpt-title-link\" href=\"https:\/\/www.markus-schall.de\/es\/2025\/12\/ki-para-principiantes-como-iniciarse-en-la-inteligencia-artificial-sin-conocimientos-previos\/\" rel=\"bookmark\">IA para principiantes: c\u00f3mo iniciarse en la inteligencia artificial sin conocimientos previos<\/a><\/h3><\/div><\/div>\n\t\t\t\t\t\t<\/div><!-- .dpt-entry -->\n\t\t\t\t\t\t\t\t\t\t\t\t<div class=\"dpt-entry has-thumbnail\" data-title=\"unsterblichkeit durch technik: wie weit forschung und ki wirklich sind\" data-id=\"3624\"  data-category=\"allgemein gesellschaft ki-systeme\" data-post_tag=\"denkmodelle k\u00fcnstliche intelligenz lernen llm prozesse sprachmodell\">\n\t\t\t\t\t\t\t<div class=\"dpt-entry-wrapper\"><div class=\"dpt-featured-content\"><div class=\"dpt-permalink\"><a href=\"https:\/\/www.markus-schall.de\/es\/2025\/11\/inmortalidad-a-traves-de-la-tecnologia-hasta-donde-llegan-realmente-la-investigacion-y-el-ki\/\" class=\"dpt-permalink\"><span class=\"screen-reader-text\">La inmortalidad a trav\u00e9s de la tecnolog\u00eda: hasta d\u00f3nde han llegado realmente la investigaci\u00f3n y la IA<\/span><\/a><\/div><div class=\"dpt-thumbnail\"><div class=\"dpt-thumbnail-inner\"><img width=\"1024\" height=\"683\" class=\"attachment-full size-full\" alt=\"Inmortalidad digital\" context=\"dpt\" data-dpt-src=\"https:\/\/www.markus-schall.de\/wp-content\/uploads\/digitale-unsterblichkeit.jpg\" data-dpt-sizes=\"(max-width: 1024px) 100vw, 1024px\" data-dpt-srcset=\"https:\/\/www.markus-schall.de\/wp-content\/uploads\/digitale-unsterblichkeit.jpg 1024w, https:\/\/www.markus-schall.de\/wp-content\/uploads\/digitale-unsterblichkeit-300x200.jpg 300w, https:\/\/www.markus-schall.de\/wp-content\/uploads\/digitale-unsterblichkeit-768x512.jpg 768w, https:\/\/www.markus-schall.de\/wp-content\/uploads\/digitale-unsterblichkeit-18x12.jpg 18w\" \/><\/div><span class=\"dpt-thumbnail-aspect-ratio\" style=\"padding-top: 75%\"><\/span><\/div><\/div><div class=\"sub-entry\"><h3 class=\"dpt-title\"><a class=\"dpt-title-link\" href=\"https:\/\/www.markus-schall.de\/es\/2025\/11\/inmortalidad-a-traves-de-la-tecnologia-hasta-donde-llegan-realmente-la-investigacion-y-el-ki\/\" rel=\"bookmark\">La inmortalidad a trav\u00e9s de la tecnolog\u00eda: hasta d\u00f3nde han llegado realmente la investigaci\u00f3n y la IA<\/a><\/h3><\/div><\/div>\n\t\t\t\t\t\t<\/div><!-- .dpt-entry -->\n\t\t\t\t\t\t\t\t\t\t\t\t<div class=\"dpt-entry has-thumbnail\" data-title=\"ollama trifft qdrant: ein lokales ged\u00e4chtnis f\u00fcr deine ki auf dem mac\" data-id=\"2502\"  data-category=\"apple macos filemaker &amp; erp ki-systeme tipps &amp; anleitungen\" data-post_tag=\"docker filemaker k\u00fcnstliche intelligenz llama llm mistral neo4j ollama qdrant sprachmodell vektordatenbank\">\n\t\t\t\t\t\t\t<div class=\"dpt-entry-wrapper\"><div class=\"dpt-featured-content\"><div class=\"dpt-permalink\"><a href=\"https:\/\/www.markus-schall.de\/es\/2025\/08\/ollama-meets-qdrant-una-memoria-local-para-tu-ki-en-el-mac\/\" class=\"dpt-permalink\"><span class=\"screen-reader-text\">Ollama se re\u00fane con Qdrant: una memoria local para tu IA en el Mac<\/span><\/a><\/div><div class=\"dpt-thumbnail\"><div class=\"dpt-thumbnail-inner\"><img width=\"1440\" height=\"980\" class=\"attachment-full size-full\" alt=\"Memoria para IA local con Ollama y Qdrant\" context=\"dpt\" data-dpt-src=\"https:\/\/www.markus-schall.de\/wp-content\/uploads\/ollama-qdrant-gedaechtnis.jpg\" data-dpt-sizes=\"(max-width: 1440px) 100vw, 1440px\" data-dpt-srcset=\"https:\/\/www.markus-schall.de\/wp-content\/uploads\/ollama-qdrant-gedaechtnis.jpg 1440w, https:\/\/www.markus-schall.de\/wp-content\/uploads\/ollama-qdrant-gedaechtnis-300x204.jpg 300w, https:\/\/www.markus-schall.de\/wp-content\/uploads\/ollama-qdrant-gedaechtnis-1024x697.jpg 1024w, https:\/\/www.markus-schall.de\/wp-content\/uploads\/ollama-qdrant-gedaechtnis-768x523.jpg 768w, https:\/\/www.markus-schall.de\/wp-content\/uploads\/ollama-qdrant-gedaechtnis-18x12.jpg 18w\" \/><\/div><span class=\"dpt-thumbnail-aspect-ratio\" style=\"padding-top: 75%\"><\/span><\/div><\/div><div class=\"sub-entry\"><h3 class=\"dpt-title\"><a class=\"dpt-title-link\" href=\"https:\/\/www.markus-schall.de\/es\/2025\/08\/ollama-meets-qdrant-una-memoria-local-para-tu-ki-en-el-mac\/\" rel=\"bookmark\">Ollama se re\u00fane con Qdrant: una memoria local para tu IA en el Mac<\/a><\/h3><\/div><\/div>\n\t\t\t\t\t\t<\/div><!-- .dpt-entry -->\n\t\t\t\t\t\t\t\t\t\t\t\t<div class=\"dpt-entry has-thumbnail\" data-title=\"cloud-ki als oberlehrer: warum die zukunft des arbeitens bei lokaler ki liegt\" data-id=\"3887\"  data-category=\"apple macos hardware ki-systeme\" data-post_tag=\"datenschutz digitales eigentum k\u00fcnstliche intelligenz llama llm meinungsfreiheit mistral mlx neo4j ollama sprachmodell\">\n\t\t\t\t\t\t\t<div class=\"dpt-entry-wrapper\"><div class=\"dpt-featured-content\"><div class=\"dpt-permalink\"><a href=\"https:\/\/www.markus-schall.de\/es\/2025\/12\/cloud-ki-como-maestro-superior-por-que-el-futuro-del-trabajo-pasa-por-el-ki-local\/\" class=\"dpt-permalink\"><span class=\"screen-reader-text\">La IA en la nube como directora: por qu\u00e9 el futuro del trabajo pasa por la IA local<\/span><\/a><\/div><div class=\"dpt-thumbnail\"><div class=\"dpt-thumbnail-inner\"><img width=\"1024\" height=\"683\" class=\"attachment-full size-full\" alt=\"La IA en la nube se convierte en directora\" context=\"dpt\" data-dpt-src=\"https:\/\/www.markus-schall.de\/wp-content\/uploads\/cloud-ki-oberlehrer.jpg\" data-dpt-sizes=\"(max-width: 1024px) 100vw, 1024px\" data-dpt-srcset=\"https:\/\/www.markus-schall.de\/wp-content\/uploads\/cloud-ki-oberlehrer.jpg 1024w, https:\/\/www.markus-schall.de\/wp-content\/uploads\/cloud-ki-oberlehrer-300x200.jpg 300w, https:\/\/www.markus-schall.de\/wp-content\/uploads\/cloud-ki-oberlehrer-768x512.jpg 768w, https:\/\/www.markus-schall.de\/wp-content\/uploads\/cloud-ki-oberlehrer-18x12.jpg 18w\" \/><\/div><span class=\"dpt-thumbnail-aspect-ratio\" style=\"padding-top: 75%\"><\/span><\/div><\/div><div class=\"sub-entry\"><h3 class=\"dpt-title\"><a class=\"dpt-title-link\" href=\"https:\/\/www.markus-schall.de\/es\/2025\/12\/cloud-ki-como-maestro-superior-por-que-el-futuro-del-trabajo-pasa-por-el-ki-local\/\" rel=\"bookmark\">La IA en la nube como directora: por qu\u00e9 el futuro del trabajo pasa por la IA local<\/a><\/h3><\/div><\/div>\n\t\t\t\t\t\t<\/div><!-- .dpt-entry -->\n\t\t\t\t\t\t\n\t\t\t\t<\/div>\n\t\t\t\t\t\t<\/div>\n\t\t\t\n<hr \/>","protected":false},"excerpt":{"rendered":"<p>Hay momentos en la historia en los que percibes que algo est\u00e1 cambiando. No bruscamente, no con una sola decisi\u00f3n, sino como una l\u00ednea que recorre lenta pero inexorablemente el polvo de viejas certezas. Los \u00faltimos d\u00edas han sido momentos as\u00ed. Durante mucho tiempo me pregunt\u00e9 si realmente deb\u00eda escribir este editorial - ... <a title=\"La IA en la nube como directora: por qu\u00e9 el futuro del trabajo pasa por la IA local\" class=\"read-more\" href=\"https:\/\/www.markus-schall.de\/es\/2025\/12\/cloud-ki-como-maestro-superior-por-que-el-futuro-del-trabajo-pasa-por-el-ki-local\/\" aria-label=\"Leer m\u00e1s sobre La IA en la nube como directora: por qu\u00e9 el futuro del trabajo pasa por la IA local\">Vaciar m\u00e1s<\/a><\/p>","protected":false},"author":1,"featured_media":5217,"comment_status":"open","ping_status":"open","sticky":false,"template":"","format":"standard","meta":{"iawp_total_views":379,"footnotes":""},"categories":[1,466],"tags":[444,481,475,482,426,471,476,484,478],"class_list":["post-5212","post","type-post","status-publish","format-standard","has-post-thumbnail","hentry","category-allgemein","category-gesellschaft","tag-denkmodelle","tag-energiepolitik","tag-europa","tag-geopolitik","tag-krisen","tag-kuenstliche-intelligenz","tag-meinungsfreiheit","tag-sicherheitspolitik","tag-spieltheorie"],"_links":{"self":[{"href":"https:\/\/www.markus-schall.de\/es\/wp-json\/wp\/v2\/posts\/5212","targetHints":{"allow":["GET"]}}],"collection":[{"href":"https:\/\/www.markus-schall.de\/es\/wp-json\/wp\/v2\/posts"}],"about":[{"href":"https:\/\/www.markus-schall.de\/es\/wp-json\/wp\/v2\/types\/post"}],"author":[{"embeddable":true,"href":"https:\/\/www.markus-schall.de\/es\/wp-json\/wp\/v2\/users\/1"}],"replies":[{"embeddable":true,"href":"https:\/\/www.markus-schall.de\/es\/wp-json\/wp\/v2\/comments?post=5212"}],"version-history":[{"count":65,"href":"https:\/\/www.markus-schall.de\/es\/wp-json\/wp\/v2\/posts\/5212\/revisions"}],"predecessor-version":[{"id":5862,"href":"https:\/\/www.markus-schall.de\/es\/wp-json\/wp\/v2\/posts\/5212\/revisions\/5862"}],"wp:featuredmedia":[{"embeddable":true,"href":"https:\/\/www.markus-schall.de\/es\/wp-json\/wp\/v2\/media\/5217"}],"wp:attachment":[{"href":"https:\/\/www.markus-schall.de\/es\/wp-json\/wp\/v2\/media?parent=5212"}],"wp:term":[{"taxonomy":"category","embeddable":true,"href":"https:\/\/www.markus-schall.de\/es\/wp-json\/wp\/v2\/categories?post=5212"},{"taxonomy":"post_tag","embeddable":true,"href":"https:\/\/www.markus-schall.de\/es\/wp-json\/wp\/v2\/tags?post=5212"}],"curies":[{"name":"wp","href":"https:\/\/api.w.org\/{rel}","templated":true}]}}