{"id":5882,"date":"2026-05-01T04:23:58","date_gmt":"2026-05-01T04:23:58","guid":{"rendered":"https:\/\/www.markus-schall.de\/?p=5882"},"modified":"2026-05-01T06:44:25","modified_gmt":"2026-05-01T06:44:25","slug":"como-la-pandemia-demostro-que-los-economistas-se-equivocaban-sobre-el-crecimiento-de-la-inflacion-y-la-recuperacion-economica","status":"publish","type":"post","link":"https:\/\/www.markus-schall.de\/es\/2026\/05\/como-la-pandemia-demostro-que-los-economistas-se-equivocaban-sobre-el-crecimiento-de-la-inflacion-y-la-recuperacion-economica\/","title":{"rendered":"C\u00f3mo la pandemia demostr\u00f3 que los economistas se equivocaban sobre inflaci\u00f3n, crecimiento y recuperaci\u00f3n econ\u00f3mica"},"content":{"rendered":"<p>Incluso durante la pandemia de coronavirus, muchos economistas se mostraron sorprendentemente un\u00e1nimes: el gran peligro era una fase de baja inflaci\u00f3n, quiz\u00e1 incluso de deflaci\u00f3n. Pocos a\u00f1os despu\u00e9s, el panorama era distinto. La inflaci\u00f3n alcanz\u00f3 m\u00e1ximos hist\u00f3ricos en muchos pa\u00edses, las cadenas de suministro se colapsaron y la evoluci\u00f3n econ\u00f3mica result\u00f3 distinta de la esperada.<\/p>\n<p>La pandemia no fue s\u00f3lo una crisis sanitaria, sino tambi\u00e9n una prueba de resistencia para las previsiones econ\u00f3micas. Este art\u00edculo muestra d\u00f3nde se equivocaron los expertos, por qu\u00e9 fue as\u00ed y qu\u00e9 lecciones pueden extraerse para futuras evaluaciones.<!--more--><\/p>\n<p>M\u00e1s de tres a\u00f1os despu\u00e9s de que la pandemia de COVID sacudiera la econom\u00eda mundial, los expertos siguen pregunt\u00e1ndose por qu\u00e9 tantas predicciones resultaron err\u00f3neas. La pandemia ha provocado una p\u00e9rdida de ventas en la mayor\u00eda de las industrias, y naciones enteras siguen luchando por recuperar su posici\u00f3n anterior. En estos tiempos de incertidumbre, los economistas intentaron hacer predicciones sobre la inflaci\u00f3n, la productividad y el crecimiento. Hoy, muchos expertos se est\u00e1n dando cuenta de que una proporci\u00f3n sorprendentemente alta de las predicciones eran inexactas. Desde que el 55 % de la poblaci\u00f3n <strong><a href=\"https:\/\/economicsnetwork.ac.uk\/research\/understandingecon#:~:text=There%20is%20a%20big%20problem,and%2033%25%20on%20industry%20regulation\" target=\"_blank\" rel=\"noopener\">Desconfiar de las previsiones de los economistas<\/a><\/strong>, surgen serias dudas sobre su metodolog\u00eda y aplicaci\u00f3n, lo que revela las limitaciones de las previsiones econ\u00f3micas en tiempos de cambios extremos. En este contexto, analizar\u00e9 y resumir\u00e9 a continuaci\u00f3n la precisi\u00f3n de las previsiones hist\u00f3ricas.<\/p>\n<hr \/>\n\n\t\t\t<div class=\"display-post-types\">\n\n\t\t\t\t\t\t\t<style type=\"text\/css\">\n\t\t\t#dpt-wrapper-209 { --dpt-text-align: left;--dpt-image-crop: center;--dpt-border-radius: 5px;--dpt-h-gutter: 10px;--dpt-v-gutter: 9px; }\t\t\t<\/style>\n\t\t\t<style type=\"text\/css\">#dpt-wrapper-209 { --dpt-title-font-style:normal;--dpt-title-font-weight:600;--dpt-title-line-height:1.5;--dpt-title-text-decoration:none;--dpt-title-text-transform:none;--dpt-excerpt-font-style:normal;--dpt-excerpt-font-weight:400;--dpt-excerpt-line-height:1.5;--dpt-excerpt-text-decoration:none;--dpt-excerpt-text-transform:none;--dpt-meta1-font-style:normal;--dpt-meta1-font-weight:400;--dpt-meta1-line-height:1.9;--dpt-meta1-text-decoration:none;--dpt-meta1-text-transform:none;--dpt-meta2-font-style:normal;--dpt-meta2-font-weight:400;--dpt-meta2-line-height:1.9;--dpt-meta2-text-decoration:none;--dpt-meta2-text-transform:none; }<\/style><div class=\"dpt-main-header\">\n\t\t\t\t\t\t<div class=\"dpt-main-title\">\n\t\t\t\t\t\t\t<span class=\"dpt-main-title-text\">Art\u00edculos de actualidad sobre arte y cultura<\/span>\n\t\t\t\t\t\t<\/div>\n\t\t\t\t\t\t\n\t\t\t\t\t\t\n\t\t\t\t\t\t\n\t\t\t\t\t\t<\/div>\t\t\t\n\t\t\t\t<div id=\"dpt-wrapper-209\" class=\"dpt-wrapper dpt-mag1 land1 dpt-cropped dpt-flex-wrap\" >\n\n\t\t\t\t\t\t\t\t\t\t\t<div class=\"dpt-entry has-thumbnail\" data-title=\"beruf, weltbild, zukunft: entscheidungen im schatten des umbruchs\" data-id=\"3197\"  data-category=\"allgemein gesellschaft kunst &amp; kultur tipps &amp; anleitungen\" data-post_tag=\"erfahrungen krisen pers\u00f6nlichkeitsentwicklung ratgeber\">\n\t\t\t\t\t\t\t<div class=\"dpt-entry-wrapper\"><div class=\"dpt-featured-content\"><div class=\"dpt-permalink\"><a href=\"https:\/\/www.markus-schall.de\/es\/2025\/10\/vision-del-mundo-profesional-decisiones-futuras-a-la-sombra-de-la-agitacion\/\" class=\"dpt-permalink\"><span class=\"screen-reader-text\">Carrera, visi\u00f3n del mundo, futuro: decisiones a la sombra del cambio<\/span><\/a><\/div><div class=\"dpt-thumbnail\"><div class=\"dpt-thumbnail-inner\"><img width=\"1024\" height=\"683\" class=\"attachment-full size-full\" alt=\"Decisiones a la sombra de la agitaci\u00f3n\" context=\"dpt\" data-dpt-src=\"https:\/\/www.markus-schall.de\/wp-content\/uploads\/Entscheidungen-im-Schatten-Umbruch.jpg\" data-dpt-sizes=\"(max-width: 1024px) 100vw, 1024px\" data-dpt-srcset=\"https:\/\/www.markus-schall.de\/wp-content\/uploads\/Entscheidungen-im-Schatten-Umbruch.jpg 1024w, https:\/\/www.markus-schall.de\/wp-content\/uploads\/Entscheidungen-im-Schatten-Umbruch-300x200.jpg 300w, https:\/\/www.markus-schall.de\/wp-content\/uploads\/Entscheidungen-im-Schatten-Umbruch-768x512.jpg 768w, https:\/\/www.markus-schall.de\/wp-content\/uploads\/Entscheidungen-im-Schatten-Umbruch-18x12.jpg 18w\" \/><\/div><span class=\"dpt-thumbnail-aspect-ratio\" style=\"padding-top: 75%\"><\/span><\/div><\/div><div class=\"sub-entry\"><h3 class=\"dpt-title\"><a class=\"dpt-title-link\" href=\"https:\/\/www.markus-schall.de\/es\/2025\/10\/vision-del-mundo-profesional-decisiones-futuras-a-la-sombra-de-la-agitacion\/\" rel=\"bookmark\">Carrera, visi\u00f3n del mundo, futuro: decisiones a la sombra del cambio<\/a><\/h3><\/div><\/div>\n\t\t\t\t\t\t<\/div><!-- .dpt-entry -->\n\t\t\t\t\t\t\t\t\t\t\t\t<div class=\"dpt-entry has-thumbnail\" data-title=\"wenn pflicht wieder pflicht wird. eine art essay von herrn von l&#8217;oreot.\" data-id=\"3010\"  data-category=\"allgemein gesellschaft kunst &amp; kultur stories &amp; humor\" data-post_tag=\"deutschland erfahrungen geopolitik krisen pers\u00f6nlichkeitsentwicklung sicherheitspolitik\">\n\t\t\t\t\t\t\t<div class=\"dpt-entry-wrapper\"><div class=\"dpt-featured-content\"><div class=\"dpt-permalink\"><a href=\"https:\/\/www.markus-schall.de\/es\/2025\/10\/cuando-el-deber-vuelve-a-ser-deber-una-especie-de-ensayo-del-sr-von-loreot\/\" class=\"dpt-permalink\"><span class=\"screen-reader-text\">Cuando el deber vuelve a ser deber. Una especie de ensayo del Sr. von L'oreot.<\/span><\/a><\/div><div class=\"dpt-thumbnail\"><div class=\"dpt-thumbnail-inner\"><img width=\"1024\" height=\"683\" class=\"attachment-full size-full\" alt=\"Una llamada inesperada\" context=\"dpt\" data-dpt-src=\"https:\/\/www.markus-schall.de\/wp-content\/uploads\/loreot-pflicht-anruf.jpg\" data-dpt-sizes=\"(max-width: 1024px) 100vw, 1024px\" data-dpt-srcset=\"https:\/\/www.markus-schall.de\/wp-content\/uploads\/loreot-pflicht-anruf.jpg 1024w, https:\/\/www.markus-schall.de\/wp-content\/uploads\/loreot-pflicht-anruf-300x200.jpg 300w, https:\/\/www.markus-schall.de\/wp-content\/uploads\/loreot-pflicht-anruf-768x512.jpg 768w, https:\/\/www.markus-schall.de\/wp-content\/uploads\/loreot-pflicht-anruf-18x12.jpg 18w\" \/><\/div><span class=\"dpt-thumbnail-aspect-ratio\" style=\"padding-top: 75%\"><\/span><\/div><\/div><div class=\"sub-entry\"><h3 class=\"dpt-title\"><a class=\"dpt-title-link\" href=\"https:\/\/www.markus-schall.de\/es\/2025\/10\/cuando-el-deber-vuelve-a-ser-deber-una-especie-de-ensayo-del-sr-von-loreot\/\" rel=\"bookmark\">Cuando el deber vuelve a ser deber. Una especie de ensayo del Sr. von L'oreot.<\/a><\/h3><\/div><\/div>\n\t\t\t\t\t\t<\/div><!-- .dpt-entry -->\n\t\t\t\t\t\t\t\t\t\t\t\t<div class=\"dpt-entry has-thumbnail\" data-title=\"jan-josef liefers: ein portr\u00e4t \u00fcber haltung, herkunft und k\u00fcnstlerische freiheit\" data-id=\"3854\"  data-category=\"allgemein gesellschaft kunst &amp; kultur\" data-post_tag=\"deutschland erfahrungen krisen lernen meinungsfreiheit musik pers\u00f6nlichkeitsentwicklung portrait\">\n\t\t\t\t\t\t\t<div class=\"dpt-entry-wrapper\"><div class=\"dpt-featured-content\"><div class=\"dpt-permalink\"><a href=\"https:\/\/www.markus-schall.de\/es\/2025\/12\/jan-josef-liefers-un-retrato-de-actitud-origen-y-libertad-artistica\/\" class=\"dpt-permalink\"><span class=\"screen-reader-text\">Jan-Josef Liefers: un retrato de actitud, or\u00edgenes y libertad art\u00edstica<\/span><\/a><\/div><div class=\"dpt-thumbnail\"><div class=\"dpt-thumbnail-inner\"><img width=\"1024\" height=\"683\" class=\"attachment-full size-full\" alt=\"Jan-Josef Liefers\" context=\"dpt\" data-dpt-src=\"https:\/\/www.markus-schall.de\/wp-content\/uploads\/jan-josef-liefers-silhouette.jpg\" data-dpt-sizes=\"(max-width: 1024px) 100vw, 1024px\" data-dpt-srcset=\"https:\/\/www.markus-schall.de\/wp-content\/uploads\/jan-josef-liefers-silhouette.jpg 1024w, https:\/\/www.markus-schall.de\/wp-content\/uploads\/jan-josef-liefers-silhouette-300x200.jpg 300w, https:\/\/www.markus-schall.de\/wp-content\/uploads\/jan-josef-liefers-silhouette-768x512.jpg 768w, https:\/\/www.markus-schall.de\/wp-content\/uploads\/jan-josef-liefers-silhouette-18x12.jpg 18w\" \/><\/div><span class=\"dpt-thumbnail-aspect-ratio\" style=\"padding-top: 75%\"><\/span><\/div><\/div><div class=\"sub-entry\"><h3 class=\"dpt-title\"><a class=\"dpt-title-link\" href=\"https:\/\/www.markus-schall.de\/es\/2025\/12\/jan-josef-liefers-un-retrato-de-actitud-origen-y-libertad-artistica\/\" rel=\"bookmark\">Jan-Josef Liefers: un retrato de actitud, or\u00edgenes y libertad art\u00edstica<\/a><\/h3><\/div><\/div>\n\t\t\t\t\t\t<\/div><!-- .dpt-entry -->\n\t\t\t\t\t\t\t\t\t\t\t\t<div class=\"dpt-entry has-thumbnail\" data-title=\"ulrike gu\u00e9rot: eine europ\u00e4erin zwischen idee, universit\u00e4t und \u00f6ffentlichem diskurs\" data-id=\"4039\"  data-category=\"allgemein gesellschaft kunst &amp; kultur\" data-post_tag=\"denkmodelle deutschland europa geopolitik krisen meinungsfreiheit portrait sicherheitspolitik spieltheorie\">\n\t\t\t\t\t\t\t<div class=\"dpt-entry-wrapper\"><div class=\"dpt-featured-content\"><div class=\"dpt-permalink\"><a href=\"https:\/\/www.markus-schall.de\/es\/2025\/12\/ulrike-guerot-una-europea-entre-la-idea-de-universidad-y-el-discurso-publico\/\" class=\"dpt-permalink\"><span class=\"screen-reader-text\">Ulrike Gu\u00e9rot: Una europea entre la idea, la universidad y el discurso p\u00fablico<\/span><\/a><\/div><div class=\"dpt-thumbnail\"><div class=\"dpt-thumbnail-inner\"><img width=\"1024\" height=\"683\" class=\"attachment-full size-full\" alt=\"Ulrike Gu\u00e9rot y Europa\" context=\"dpt\" data-dpt-src=\"https:\/\/www.markus-schall.de\/wp-content\/uploads\/ulrike-guerot-portrait.jpg\" data-dpt-sizes=\"(max-width: 1024px) 100vw, 1024px\" data-dpt-srcset=\"https:\/\/www.markus-schall.de\/wp-content\/uploads\/ulrike-guerot-portrait.jpg 1024w, https:\/\/www.markus-schall.de\/wp-content\/uploads\/ulrike-guerot-portrait-300x200.jpg 300w, https:\/\/www.markus-schall.de\/wp-content\/uploads\/ulrike-guerot-portrait-768x512.jpg 768w, https:\/\/www.markus-schall.de\/wp-content\/uploads\/ulrike-guerot-portrait-18x12.jpg 18w\" \/><\/div><span class=\"dpt-thumbnail-aspect-ratio\" style=\"padding-top: 75%\"><\/span><\/div><\/div><div class=\"sub-entry\"><h3 class=\"dpt-title\"><a class=\"dpt-title-link\" href=\"https:\/\/www.markus-schall.de\/es\/2025\/12\/ulrike-guerot-una-europea-entre-la-idea-de-universidad-y-el-discurso-publico\/\" rel=\"bookmark\">Ulrike Gu\u00e9rot: Una europea entre la idea, la universidad y el discurso p\u00fablico<\/a><\/h3><\/div><\/div>\n\t\t\t\t\t\t<\/div><!-- .dpt-entry -->\n\t\t\t\t\t\t\n\t\t\t\t<\/div>\n\t\t\t\t\t\t<\/div>\n\t\t\t\n<hr \/>\n<h2>Evoluci\u00f3n de la inflaci\u00f3n<\/h2>\n<p>La evoluci\u00f3n de la inflaci\u00f3n es uno de los \u00e1mbitos en los que la incertidumbre de las previsiones econ\u00f3micas se ha hecho especialmente patente. Casi ning\u00fan otro tema se ha debatido con tanta intensidad durante la pandemia, y al mismo tiempo se ha evaluado de forma tan diferente.<\/p>\n<p>Un aspecto clave en el que se centraron muchos expertos fue la inflaci\u00f3n. Aunque se debati\u00f3 si la pandemia provocar\u00eda una mayor, menor o incluso deflaci\u00f3n, la mayor\u00eda de los expertos coincidieron en que se producir\u00eda esta \u00faltima. Muchos economistas lo explicaron con un mayor desempleo, que limitar\u00eda el crecimiento de los salarios y conducir\u00eda a un mayor ahorro.<\/p>\n<p>Una minor\u00eda de economistas adopt\u00f3 una postura m\u00e1s cr\u00edtica y advirti\u00f3 contra la subestimaci\u00f3n de los riesgos de inflaci\u00f3n. Seg\u00fan Olivier Blanchard <a href=\"https:\/\/www.piie.com\/blogs\/realtime-economic-issues-watch\/high-inflation-unlikely-not-impossible-advanced-economies\" target=\"_blank\" rel=\"noopener\"><strong>Art\u00edculo PIIE del a\u00f1o 2020<\/strong><\/a> una inflaci\u00f3n elevada era improbable y s\u00f3lo se producir\u00eda en el raro caso de que se dieran al mismo tiempo tres factores espec\u00edficos: una deuda p\u00fablica consistente, inversores que exigieran tipos de inter\u00e9s m\u00e1s altos y presiones de los gobiernos sobre los bancos centrales para que mantuvieran los tipos de inter\u00e9s bajos. Aunque Blanchard cifr\u00f3 la probabilidad en menos del 3 %, lo improbable se hizo realidad en muchos pa\u00edses.<\/p>\n<hr \/>\n<h3>Encuesta actual sobre la confianza en la pol\u00edtica y los medios de comunicaci\u00f3n<\/h3>\n<div class='bootstrap-yop yop-poll-mc'>\n\t\t\t\t\t\t\t<div class=\"basic-yop-poll-container\" style=\"background-color:#ffffff; border:0px; border-style:solid; border-color:#000000; border-radius:5px; padding:0px 5px;\" data-id=\"1\" data-temp=\"basic-pretty\" data-skin=\"square\" data-cscheme=\"blue\" data-cap=\"0\" data-access=\"guest\" data-tid=\"\" data-uid=\"d7646420c6762bdc81728c2ec55b3bb1\" data-pid=\"4039\" data-resdet=\"votes-number,percentages\" data-show-results-to=\"guest\" data-show-results-moment=\"after-vote\" data-show-results-only=\"false\" data-show-message=\"true\" data-show-results-as=\"bar\" data-sort-results-by=\"as-defined\" data-sort-results-rule=\"asc\"data-is-ended=\"0\" data-percentages-decimals=\"2\" data-gdpr=\"no\" data-gdpr-sol=\"consent\" data-css=\"\" data-counter=\"0\" data-load-with=\"1\" data-notification-section=\"top\"><div class=\"row\"><div class=\"col-md-12\"><div class=\"basic-inner\"><div class=\"basic-message hide\" style=\"border-left: 10px solid #008000; padding: 0px 10px;\" data-error=\"#ff0000\" data-success=\"#008000\"><p class=\"basic-message-text\" style=\"color:#000000; font-size:14px; font-weight:normal;\"><\/p><\/div><div class=\"basic-overlay hide\"><div class=\"basic-vote-options\"><\/div><div class=\"basic-preloader\"><div class=\"basic-windows8\"><div class=\"basic-wBall basic-wBall_1\"><div class=\"basic-wInnerBall\"><\/div><\/div><div class=\"basic-wBall basic-wBall_2\"><div class=\"basic-wInnerBall\"><\/div><\/div><div class=\"basic-wBall basic-wBall_3\"><div class=\"basic-wInnerBall\"><\/div><\/div><div class=\"basic-wBall basic-wBall_4\"><div class=\"basic-wInnerBall\"><\/div><\/div><div class=\"basic-wBall basic-wBall_5\"><div class=\"basic-wInnerBall\"><\/div><\/div><\/div><\/div><\/div><form class=\"basic-form\" action=\"\"><input type=\"hidden\" name=\"_token\" value=\"a4e938ed59\" autocomplete=\"off\"><div class=\"basic-elements\"><div class=\"basic-element basic-question basic-question-text-vertical\" data-id=\"1\" data-uid=\"625c9f3b4519c791cc4070d027c9971a\" data-type=\"question\" data-question-type=\"text\" data-required=\"yes\" data-allow-multiple=\"no\" data-min=\"1\" data-max=\"1\" data-display=\"vertical\" data-colnum=\"\" data-display-others=\"no\" data-others-color=\"\" data-others=\"\" data-others-max-chars=\"0\"><div class=\"basic-question-title\"><h5 style=\"color:#000000; font-size:16px; font-weight:normal; text-align:left;\">\u00bfQu\u00e9 grado de confianza le inspiran la pol\u00edtica y los medios de comunicaci\u00f3n en Alemania?<\/h5><\/div><ul class=\"basic-answers\"><li class=\"basic-answer\" style=\"padding:0px 0px;\" data-id=\"1\" data-type=\"text\" data-vn=\"10\" data-color=\"#000000\" data-make-link=\"no\" data-link=\"\"><div class=\"basic-answer-content basic-text-vertical\"><label for=\"answer[1]\" class=\"basic-answer-label\"><input type=\"radio\" id=\"answer[1]\" name=\"answer[1]\" value=\"1\"><span class=\"basic-text\" style=\"color: #000000; font-size: 14px; font-weight: normal;\">Muy alto - Conf\u00edo plenamente en los organismos oficiales<\/span><\/label><\/div><\/li><li class=\"basic-answer\" style=\"padding:0px 0px;\" data-id=\"2\" data-type=\"text\" data-vn=\"22\" data-color=\"#000000\" data-make-link=\"no\" data-link=\"\"><div class=\"basic-answer-content basic-text-vertical\"><label for=\"answer[2]\" class=\"basic-answer-label\"><input type=\"radio\" id=\"answer[2]\" name=\"answer[1]\" value=\"2\"><span class=\"basic-text\" style=\"color: #000000; font-size: 14px; font-weight: normal;\">Medio - Soy cauto, pero no desconf\u00edo fundamentalmente<\/span><\/label><\/div><\/li><li class=\"basic-answer\" style=\"padding:0px 0px;\" data-id=\"3\" data-type=\"text\" data-vn=\"53\" data-color=\"#000000\" data-make-link=\"no\" data-link=\"\"><div class=\"basic-answer-content basic-text-vertical\"><label for=\"answer[3]\" class=\"basic-answer-label\"><input type=\"radio\" id=\"answer[3]\" name=\"answer[1]\" value=\"3\"><span class=\"basic-text\" style=\"color: #000000; font-size: 14px; font-weight: normal;\">Bajo - Compruebo muchas cosas yo mismo<\/span><\/label><\/div><\/li><li class=\"basic-answer\" style=\"padding:0px 0px;\" data-id=\"4\" data-type=\"text\" data-vn=\"251\" data-color=\"#000000\" data-make-link=\"no\" data-link=\"\"><div class=\"basic-answer-content basic-text-vertical\"><label for=\"answer[4]\" class=\"basic-answer-label\"><input type=\"radio\" id=\"answer[4]\" name=\"answer[1]\" value=\"4\"><span class=\"basic-text\" style=\"color: #000000; font-size: 14px; font-weight: normal;\">Apenas existe - creo que mucho es velado o escenificado<\/span><\/label><\/div><\/li><\/ul><\/div><div class=\"clearfix\"><\/div><\/div><div class=\"basic-vote\"><a href=\"#\" class=\"button basic-vote-button\" role=\"button\" style=\"background:#027bb8; border:0px; border-style: solid; border-color:#1636f0; border-radius:5px; padding:10px 10px; color:#ffffff; font-size:14px; font-weight:normal;\">Vote<\/a><\/div><input type=\"hidden\" name=\"trp-form-language\" value=\"es\"\/><\/form><\/div><\/div><\/div><\/div>\n\t\t\t\t\t\t<\/div>\n<hr \/>\n<p>Con una tasa media de inflaci\u00f3n del 8 %, Estados Unidos alcanz\u00f3 su nivel m\u00e1s alto desde principios de los a\u00f1os ochenta. Esto se debi\u00f3 principalmente a las interrupciones en las cadenas de suministro. En particular, los cierres forzosos obligaron a muchas f\u00e1bricas a cerrar, lo que provoc\u00f3 incertidumbre en la actividad econ\u00f3mica y se tradujo en p\u00e9rdidas de producci\u00f3n de diversos bienes industriales.<\/p>\n<p>Otro factor que contribuy\u00f3 al aumento de la inflaci\u00f3n fueron los cambios repentinos en las preferencias de los consumidores. Durante la pandemia, muchos hogares recortaron su gasto en bienes no esenciales. Se calcula que la pandemia fue responsable de una disminuci\u00f3n del gasto normal de los hogares de 1.000 millones de euros. <a href=\"https:\/\/www.ons.gov.uk\/peoplepopulationandcommunity\/personalandhouseholdfinances\/expenditure\/articles\/morethanonefifthofusualhouseholdspendinghasbeenlargelypreventedduringlockdown\/2020-06-11\" target=\"_blank\" rel=\"noopener\"><strong>alrededor de una quinta parte responsable<\/strong><\/a>. Cuando termin\u00f3 el bloqueo, se produjo un enorme aumento de la demanda de muchos productos nuevos, t\u00edpicamente de fabricaci\u00f3n industrial.<\/p>\n<p>Mirando hacia atr\u00e1s, est\u00e1 claro que varios acontecimientos tuvieron un impacto al mismo tiempo: cadenas de suministro interrumpidas, intervenci\u00f3n gubernamental, cambios en el comportamiento de los consumidores y un alto nivel general de incertidumbre. Fue precisamente esta combinaci\u00f3n la que se subestim\u00f3 en muchas previsiones. La evoluci\u00f3n de la inflaci\u00f3n durante y despu\u00e9s de la pandemia ilustra as\u00ed lo dif\u00edcil que es predecir con fiabilidad la din\u00e1mica econ\u00f3mica en condiciones excepcionales.<\/p>\n<p><img loading=\"lazy\" decoding=\"async\" class=\"alignnone size-full wp-image-5884\" src=\"https:\/\/www.markus-schall.de\/wp-content\/uploads\/Pandemie-Oekonomen-Wirtschaft-Gleichgewicht.jpg\" alt=\"Equilibrio econ\u00f3mico\" width=\"1024\" height=\"682\" srcset=\"https:\/\/www.markus-schall.de\/wp-content\/uploads\/Pandemie-Oekonomen-Wirtschaft-Gleichgewicht.jpg 1024w, https:\/\/www.markus-schall.de\/wp-content\/uploads\/Pandemie-Oekonomen-Wirtschaft-Gleichgewicht-300x200.jpg 300w, https:\/\/www.markus-schall.de\/wp-content\/uploads\/Pandemie-Oekonomen-Wirtschaft-Gleichgewicht-768x512.jpg 768w, https:\/\/www.markus-schall.de\/wp-content\/uploads\/Pandemie-Oekonomen-Wirtschaft-Gleichgewicht-18x12.jpg 18w\" sizes=\"auto, (max-width: 1024px) 100vw, 1024px\" \/><\/p>\n<h2>Crecimiento econ\u00f3mico<\/h2>\n<p>En lo que respecta al crecimiento econ\u00f3mico, tambi\u00e9n qued\u00f3 claro desde el principio lo dif\u00edcil que es hacer previsiones fiables en condiciones excepcionales. Muchas hip\u00f3tesis parec\u00edan plausibles en un principio, pero s\u00f3lo se cumplieron parcialmente. Aunque no se part\u00eda de la base de que el crecimiento del PIB se mantendr\u00eda constante, muchos economistas especularon con una tendencia a la baja a largo plazo, y algunos pronosticaron de forma controvertida un fuerte descenso seguido de una r\u00e1pida recuperaci\u00f3n.<\/p>\n<p>En la actualidad, la mayor\u00eda de los pa\u00edses europeos siguen por debajo de sus tendencias previas a la pandemia del coronavirus y experimentan un crecimiento m\u00e1s lento que antes de la pandemia. Una de las pocas excepciones a este respecto es EE.UU., que, a diferencia de Alemania y Canad\u00e1, ha vuelto a su trayectoria anterior a la pandemia desde hace alg\u00fan tiempo.<\/p>\n<p>En Estados Unidos, la mayor flexibilidad del mercado laboral ha facilitado mucho el cambio de un sector a otro. Mayor gasto y <a href=\"https:\/\/www.piie.com\/research\/piie-charts\/pandemic-led-consumers-spend-more-goods-less-services#:~:text=The%20pandemic%20has%20forced%20countless,data%20tell%20us%20about%202020\" target=\"_blank\" rel=\"noopener\"><strong>Inversiones de la poblaci\u00f3n y las empresas<\/strong><\/a> apoyaron la recuperaci\u00f3n econ\u00f3mica del pa\u00eds. Adem\u00e1s, Estados Unidos estaba menos expuesto a los choques externos que la mayor\u00eda de las naciones europeas. Europa, por ejemplo, se vio muy afectada por el ataque a Ucrania y la crisis energ\u00e9tica asociada.<\/p>\n<p>En EE.UU., medidas gubernamentales como el amplio apoyo financiero en forma de subsidios de desempleo y ayudas a las empresas garantizaron una recuperaci\u00f3n mucho m\u00e1s r\u00e1pida, mientras que las empresas de otros pa\u00edses recibieron muchas menos ayudas de este tipo. Programas como la Ley de Reducci\u00f3n de la Inflaci\u00f3n y la Ley CHIPS, ambas aprobadas en 2022, garantizaron el crecimiento en sectores clave como la fabricaci\u00f3n nacional y la energ\u00eda verde mediante el aumento de la inversi\u00f3n.<\/p>\n<p>En general, est\u00e1 claro que la recuperaci\u00f3n econ\u00f3mica depende en gran medida de las condiciones estructurales: La flexibilidad del mercado laboral, la intervenci\u00f3n de los gobiernos y las presiones externas interact\u00faan de forma diferente y dan lugar a evoluciones muy divergentes entre las distintas regiones. Las previsiones que no tienen suficientemente en cuenta estas diferencias alcanzan r\u00e1pidamente sus l\u00edmites en la pr\u00e1ctica.<\/p>\n<p>Un breve art\u00edculo de 2021 muestra c\u00f3mo el impacto econ\u00f3mico de la pandemia se evalu\u00f3 desde el principio de forma diferente a como se supuso inicialmente.<\/p>\n<div class=\"lyte-wrapper\" style=\"width:640px;max-width:100%;margin:5px;\"><div class=\"lyMe\" id=\"WYL_za7AsS4z2Fc\"><div id=\"lyte_za7AsS4z2Fc\" data-src=\"https:\/\/www.markus-schall.de\/wp-content\/plugins\/wp-youtube-lyte\/lyteCache.php?origThumbUrl=%2F%2Fi.ytimg.com%2Fvi%2Fza7AsS4z2Fc%2Fhqdefault.jpg\" class=\"pL\"><div class=\"tC\"><div class=\"tT\"><\/div><\/div><div class=\"play\"><\/div><div class=\"ctrl\"><div class=\"Lctrl\"><\/div><div class=\"Rctrl\"><\/div><\/div><\/div><noscript><a href=\"https:\/\/youtu.be\/za7AsS4z2Fc\" rel=\"nofollow noopener\" target=\"_blank\"><img loading=\"lazy\" decoding=\"async\" src=\"https:\/\/www.markus-schall.de\/wp-content\/plugins\/wp-youtube-lyte\/lyteCache.php?origThumbUrl=https%3A%2F%2Fi.ytimg.com%2Fvi%2Fza7AsS4z2Fc%2F0.jpg\" alt=\"Miniatura de v\u00eddeo de YouTube\" width=\"640\" height=\"340\" \/><br \/>Ver este v\u00eddeo en YouTube<\/a><\/noscript><\/div><\/div><div class=\"lL\" style=\"max-width:100%;width:640px;margin:5px;\"><\/div><br \/>\nCorona pandemia: la econom\u00eda alemana se resiente m\u00e1s de lo esperado | La econom\u00eda alemana se resiente m\u00e1s de lo esperado <a href=\"https:\/\/www.youtube.com\/@faz\" target=\"_blank\" rel=\"nofollow noopener\">faz<\/a><\/p>\n<h2>Cambios en la productividad<\/h2>\n<p>El desarrollo de la productividad tambi\u00e9n fue objeto de intensos debates durante la pandemia. Muchos observadores vieron en la crisis no s\u00f3lo una carga, sino tambi\u00e9n una oportunidad para introducir mejoras estructurales, en particular mediante la aceleraci\u00f3n de la digitalizaci\u00f3n.<\/p>\n<p>Adem\u00e1s, muchos expertos cre\u00edan que la pandemia de COVID-19 provocar\u00eda un aumento de la productividad en las empresas, al verse obligadas a invertir m\u00e1s r\u00e1pidamente en digitalizaci\u00f3n. De hecho, la productividad en el segundo trimestre de 2020 fue un 11,1 % superior a la del cuarto trimestre de 2019, pero esto se debi\u00f3 en parte al cierre de sectores de menor productividad, como el comercio minorista, que aument\u00f3 significativamente la cuota de sectores altamente productivos, como el financiero y el manufacturero.<\/p>\n<p>Al mismo tiempo, este aumento tambi\u00e9n se vio impulsado por el hecho de que los empleados se trasladaron de sectores con baja productividad a sectores con mayor productividad. Cuando el sector servicios volvi\u00f3 a abrirse tras la pandemia, este efecto disminuy\u00f3 de nuevo. Seg\u00fan un an\u00e1lisis del BCE, el efecto positivo de la reasignaci\u00f3n de mano de obra en 2020 represent\u00f3 aproximadamente la mitad del crecimiento total de la productividad entre 2020 y 2023.<\/p>\n<p>Esto muestra c\u00f3mo los aumentos de productividad a corto plazo se deben a menudo a efectos compuestos m\u00e1s que a aut\u00e9nticos aumentos de eficiencia, que muchas previsiones no han tenido suficientemente en cuenta.<\/p>\n<p>En retrospectiva, esto deja claro que no todo aumento medido de la productividad indica autom\u00e1ticamente mejoras sostenibles. Sobre todo en situaciones excepcionales, los efectos estad\u00edsticos pueden dar una imagen distorsionada si los cambios estructurales son s\u00f3lo de car\u00e1cter temporal.<\/p>\n<p><img loading=\"lazy\" decoding=\"async\" class=\"alignnone size-full wp-image-5885\" src=\"https:\/\/www.markus-schall.de\/wp-content\/uploads\/Pandemie-Oekonomen-Produktivitaet-Wachstum.jpg\" alt=\"Productividad, crecimiento y niveles de deuda\" width=\"1024\" height=\"682\" srcset=\"https:\/\/www.markus-schall.de\/wp-content\/uploads\/Pandemie-Oekonomen-Produktivitaet-Wachstum.jpg 1024w, https:\/\/www.markus-schall.de\/wp-content\/uploads\/Pandemie-Oekonomen-Produktivitaet-Wachstum-300x200.jpg 300w, https:\/\/www.markus-schall.de\/wp-content\/uploads\/Pandemie-Oekonomen-Produktivitaet-Wachstum-768x512.jpg 768w, https:\/\/www.markus-schall.de\/wp-content\/uploads\/Pandemie-Oekonomen-Produktivitaet-Wachstum-18x12.jpg 18w\" sizes=\"auto, (max-width: 1024px) 100vw, 1024px\" \/><\/p>\n<h2>Nivel de endeudamiento<\/h2>\n<p>Otro aspecto clave del desarrollo econ\u00f3mico durante la pandemia fue el fuerte aumento de la deuda en muchos pa\u00edses. Casi ning\u00fan otro \u00e1mbito fue objeto de un debate tan intenso, ya que la estabilizaci\u00f3n a corto plazo y los riesgos a largo plazo entraron aqu\u00ed en conflicto directo.<\/p>\n<p>Hubo mucho debate sobre el aumento de la deuda y la opini\u00f3n predominante result\u00f3 ser en gran medida correcta. Muchos gobiernos se endeudaron enormemente durante la pandemia para financiar medidas financieras de apoyo a la econom\u00eda y evitar nuevos colapsos. Se calcula que el ratio deuda p\u00fablica\/PIB pas\u00f3 de 88 % en 2019 a 105 % en 2020.<\/p>\n<p>Aunque tradicionalmente muchos economistas consideraban el aumento de la deuda como una amenaza para la econom\u00eda, gan\u00f3 popularidad la opini\u00f3n de que un mayor endeudamiento puede ser un medio eficaz de estabilizar econom\u00edas enteras. Los pa\u00edses de Asia Oriental y el Pac\u00edfico se vieron especialmente afectados debido a los altos niveles de deuda preexistentes, con un aumento de 26 puntos porcentuales del PIB. Otras regiones se vieron a\u00fan m\u00e1s afectadas por el acceso limitado a los mercados nacionales, que oblig\u00f3 a los gobiernos a endeudarse en el extranjero, y por el descenso de la producci\u00f3n y de los ingresos, sobre todo en la mayor\u00eda de las econom\u00edas avanzadas y en Oriente Medio.<\/p>\n<p>Algunos pa\u00edses de \u00c1frica han experimentado un aumento significativo de la deuda, debido principalmente a su gran dependencia de la ayuda internacional y a su limitado espacio fiscal. Por ejemplo, el elevado nivel de deuda de Sierra Leona, causado inicialmente por la crisis del \u00e9bola en 2014 y 2015, sigui\u00f3 aumentando significativamente debido al endeudamiento durante la pandemia de COVID, que provoc\u00f3 importantes recortes en el gasto p\u00fablico.<\/p>\n<p>Aunque Europa no se vio tan gravemente afectada como muchas otras regiones, la pandemia ha causado, no obstante, da\u00f1os econ\u00f3micos considerables y elevados niveles de endeudamiento, y es probable que siga restringiendo el gasto social y la inversi\u00f3n del sector privado.<\/p>\n<p>En general, est\u00e1 claro que la deuda p\u00fablica puede ser un instrumento necesario para garantizar la estabilidad econ\u00f3mica en tiempos de crisis. Al mismo tiempo, las consecuencias a largo plazo de esta evoluci\u00f3n siguen siendo dif\u00edciles de evaluar y caracterizar\u00e1n el \u00e1mbito de la pol\u00edtica fiscal de muchos pa\u00edses durante los pr\u00f3ximos a\u00f1os.<\/p>\n<div style=\"overflow-x: auto;\">\n<table style=\"width: 100%; border-collapse: collapse;\">\n<tbody>\n<tr style=\"background-color: #f2f2f2;\">\n<th style=\"border: 1px solid #ccc; padding: 8px; text-align: left;\">Gama<\/th>\n<th style=\"border: 1px solid #ccc; padding: 8px; text-align: left;\">Expectativa de muchos economistas<\/th>\n<th style=\"border: 1px solid #ccc; padding: 8px; text-align: left;\">Desarrollo real y ense\u00f1anza<\/th>\n<\/tr>\n<tr>\n<td style=\"border: 1px solid #ccc; padding: 8px;\"><strong>Inflaci\u00f3n<\/strong><\/td>\n<td style=\"border: 1px solid #ccc; padding: 8px;\">Muchos expertos esperaban una inflaci\u00f3n baja o incluso deflaci\u00f3n, ya que el desempleo y la incertidumbre deber\u00edan frenar la demanda.<\/td>\n<td style=\"border: 1px solid #ccc; padding: 8px;\">Las perturbaciones en las cadenas de suministro, los cambios en el comportamiento de los consumidores y las medidas gubernamentales provocaron fuertes subidas de precios. La lecci\u00f3n: los cuellos de botella en el suministro pueden anular r\u00e1pidamente las previsiones.<\/td>\n<\/tr>\n<tr>\n<td style=\"border: 1px solid #ccc; padding: 8px;\"><strong>Crecimiento econ\u00f3mico<\/strong><\/td>\n<td style=\"border: 1px solid #ccc; padding: 8px;\">Muchas previsiones auguraban una ca\u00edda significativa y una recuperaci\u00f3n incierta, en algunos casos m\u00e1s d\u00e9bil, a largo plazo.<\/td>\n<td style=\"border: 1px solid #ccc; padding: 8px;\">La recuperaci\u00f3n vari\u00f3 mucho de una regi\u00f3n a otra. Estados Unidos se recuper\u00f3 m\u00e1s r\u00e1pidamente que muchos pa\u00edses europeos. La lecci\u00f3n: el mercado laboral, la dependencia energ\u00e9tica y el apoyo gubernamental son cruciales.<\/td>\n<\/tr>\n<tr>\n<td style=\"border: 1px solid #ccc; padding: 8px;\"><strong>Productividad<\/strong><\/td>\n<td style=\"border: 1px solid #ccc; padding: 8px;\">Algunos expertos esperan que la digitalizaci\u00f3n y las nuevas formas de trabajo conduzcan a un aumento sostenible de la productividad.<\/td>\n<td style=\"border: 1px solid #ccc; padding: 8px;\">Parte del aumento se debi\u00f3 a efectos de composici\u00f3n, por ejemplo debido al cierre de sectores con menor productividad. La lecci\u00f3n: no todo aumento medido es un progreso real.<\/td>\n<\/tr>\n<tr>\n<td style=\"border: 1px solid #ccc; padding: 8px;\"><strong>Deuda p\u00fablica<\/strong><\/td>\n<td style=\"border: 1px solid #ccc; padding: 8px;\">Muchos economistas esperaban un aumento significativo de la deuda como consecuencia de los amplios programas de ayuda.<\/td>\n<td style=\"border: 1px solid #ccc; padding: 8px;\">Esta evaluaci\u00f3n se confirm\u00f3 en gran medida. La lecci\u00f3n: la deuda puede estabilizarse en las crisis, pero limita el margen de maniobra de la pol\u00edtica fiscal a largo plazo.<\/td>\n<\/tr>\n<\/tbody>\n<\/table>\n<\/div>\n<h2>Conclusiones importantes<\/h2>\n<p>En resumen, puede decirse que muchas de las previsiones econ\u00f3micas durante la pandemia s\u00f3lo fueron parcialmente exactas. Aunque los supuestos individuales no eran fundamentalmente err\u00f3neos, a menudo se subestim\u00f3 el impacto simult\u00e1neo de varios factores. Esta es precisamente una de las lecciones clave de este periodo.<\/p>\n<p>Tanto la inflaci\u00f3n como el crecimiento econ\u00f3mico y la productividad han demostrado que la evoluci\u00f3n econ\u00f3mica rara vez se produce de forma aislada. Los problemas de la cadena de suministro, la intervenci\u00f3n de los gobiernos, los cambios en el comportamiento de los consumidores y las diferencias estructurales entre las econom\u00edas nacionales se entrelazaron y condujeron a resultados que dif\u00edcilmente podr\u00edan haberse previsto de esta forma. Esto qued\u00f3 especialmente claro en el caso de la inflaci\u00f3n, cuya din\u00e1mica muchos modelos fueron incapaces de describir.<\/p>\n<p>Tambi\u00e9n se puso de manifiesto hasta qu\u00e9 punto las condiciones del marco institucional desempe\u00f1an un papel en el crecimiento econ\u00f3mico. Los pa\u00edses con mercados laborales m\u00e1s flexibles y amplias medidas gubernamentales de apoyo pudieron recuperarse m\u00e1s r\u00e1pidamente que otros. Al mismo tiempo, la evoluci\u00f3n de la productividad demostr\u00f3 que los efectos a corto plazo suelen sobrestimarse si se basan en cambios estad\u00edsticos y no en mejoras sostenibles.<\/p>\n<p>A su vez, el aumento de la deuda p\u00fablica pone de manifiesto la tensi\u00f3n entre la estabilizaci\u00f3n a corto plazo y la sostenibilidad a largo plazo. Aunque fue un instrumento importante durante la crisis, su impacto futuro sigue siendo incierto y acompa\u00f1ar\u00e1 a muchas econom\u00edas durante a\u00f1os.<br \/>\nEn general, la pandemia deja claro que las previsiones econ\u00f3micas alcanzan sus l\u00edmites en tiempos de profunda agitaci\u00f3n. Pone de relieve la importancia de tener en cuenta diferentes escenarios y de entender la incertidumbre no como una excepci\u00f3n, sino como parte integrante de la realidad econ\u00f3mica.<\/p>\n<h3>Una mirada al pasado: d\u00f3nde empez\u00f3 todo<\/h3>\n<p><a href=\"https:\/\/www.markus-schall.de\/es\/2025\/11\/de-donde-viene-sars-cov-2-una-vision-general-de-todas-las-teorias-de-la-corona\/\"><img loading=\"lazy\" decoding=\"async\" class=\"alignright wp-image-3527 size-medium\" src=\"https:\/\/www.markus-schall.de\/wp-content\/uploads\/sars-covii-corona-300x213.jpg\" alt=\"SARS-CoV-2 - Corona\" width=\"300\" height=\"213\" srcset=\"https:\/\/www.markus-schall.de\/wp-content\/uploads\/sars-covii-corona-300x213.jpg 300w, https:\/\/www.markus-schall.de\/wp-content\/uploads\/sars-covii-corona-768x546.jpg 768w, https:\/\/www.markus-schall.de\/wp-content\/uploads\/sars-covii-corona-18x12.jpg 18w, https:\/\/www.markus-schall.de\/wp-content\/uploads\/sars-covii-corona.jpg 1024w\" sizes=\"auto, (max-width: 300px) 100vw, 300px\" \/><\/a>Si se quieren entender las consecuencias econ\u00f3micas de la pandemia, no se puede eludir una cuesti\u00f3n fundamental: <a href=\"https:\/\/www.markus-schall.de\/es\/2025\/11\/de-donde-viene-sars-cov-2-una-vision-general-de-todas-las-teorias-de-la-corona\/\"><strong>\u00bfC\u00f3mo empez\u00f3 todo?<\/strong><\/a> Aunque este art\u00edculo trata de los efectos sobre la inflaci\u00f3n, el crecimiento y las previsiones econ\u00f3micas, merece la pena echar un vistazo complementario a los or\u00edgenes del propio virus. En otro art\u00edculo se aborda precisamente este punto, con objetividad, serenidad y sin sacar conclusiones precipitadas. En \u00e9l se comparan las diversas teor\u00edas sobre los or\u00edgenes del SRAS-CoV-2, desde los or\u00edgenes naturales hasta las hip\u00f3tesis de laboratorio, sin sesgar ninguna de ellas. El objetivo es orientar y sentar las bases para formarse un juicio propio. Precisamente porque la evoluci\u00f3n econ\u00f3mica estuvo tan fuertemente influida por los primeros meses de la pandemia, este repaso ayuda a comprender mejor el panorama general. Cualquiera que se pregunte c\u00f3mo un informe sanitario local se convirti\u00f3 en una crisis mundial encontrar\u00e1 en \u00e9l una categorizaci\u00f3n bien fundamentada.<\/p>\n<h2>Fuentes utilizadas en el art\u00edculo<\/h2>\n<div class=\"quellenblock\">\n<ul>\n<li><strong><a href=\"https:\/\/economicsnetwork.ac.uk\/research\/understandingecon\" target=\"_blank\" rel=\"noopener noreferrer\">Red de Econom\u00eda<\/a><\/strong>Contribuci\u00f3n a la percepci\u00f3n p\u00fablica de las declaraciones econ\u00f3micas y a la confianza en las previsiones econ\u00f3micas.<\/li>\n<li><strong><a href=\"https:\/\/www.piie.com\/blogs\/realtime-economic-issues-watch\/high-inflation-unlikely-not-impossible-advanced-economies\" target=\"_blank\" rel=\"noopener noreferrer\">Instituto Peterson de Econom\u00eda Internacional - Olivier Blanchard<\/a><\/strong>An\u00e1lisis a partir de 2020 sobre por qu\u00e9 se consideraba improbable, pero no imposible, una inflaci\u00f3n elevada en las econom\u00edas avanzadas.<\/li>\n<li><strong><a href=\"https:\/\/www.ons.gov.uk\/peoplepopulationandcommunity\/personalandhouseholdfinances\/expenditure\/articles\/morethanonefifthofusualhouseholdspendinghasbeenlargelypreventedduringlockdown\/2020-06-11\" target=\"_blank\" rel=\"noopener noreferrer\">Oficina Nacional de Estad\u00edstica<\/a><\/strong>Estudio sobre el impacto de los cierres patronales en el gasto de los hogares y el comportamiento de los consumidores durante la pandemia.<\/li>\n<li><strong><a href=\"https:\/\/www.piie.com\/research\/piie-charts\/pandemic-led-consumers-spend-more-goods-less-services\" target=\"_blank\" rel=\"noopener noreferrer\">Instituto Peterson de Econom\u00eda Internacional<\/a><\/strong>: Ilustraci\u00f3n de c\u00f3mo la pandemia ha desplazado el gasto de los consumidores de los servicios a los bienes.<\/li>\n<\/ul>\n<\/div>\n<hr \/>\n\n\t\t\t<div class=\"display-post-types\">\n\n\t\t\t\t\t\t\t<style type=\"text\/css\">\n\t\t\t#dpt-wrapper-210 { --dpt-text-align: left;--dpt-image-crop: center;--dpt-border-radius: 5px;--dpt-h-gutter: 10px;--dpt-v-gutter: 9px; }\t\t\t<\/style>\n\t\t\t<style type=\"text\/css\">#dpt-wrapper-210 { --dpt-title-font-style:normal;--dpt-title-font-weight:600;--dpt-title-line-height:1.5;--dpt-title-text-decoration:none;--dpt-title-text-transform:none;--dpt-excerpt-font-style:normal;--dpt-excerpt-font-weight:400;--dpt-excerpt-line-height:1.5;--dpt-excerpt-text-decoration:none;--dpt-excerpt-text-transform:none;--dpt-meta1-font-style:normal;--dpt-meta1-font-weight:400;--dpt-meta1-line-height:1.9;--dpt-meta1-text-decoration:none;--dpt-meta1-text-transform:none;--dpt-meta2-font-style:normal;--dpt-meta2-font-weight:400;--dpt-meta2-line-height:1.9;--dpt-meta2-text-decoration:none;--dpt-meta2-text-transform:none; }<\/style><div class=\"dpt-main-header\">\n\t\t\t\t\t\t<div class=\"dpt-main-title\">\n\t\t\t\t\t\t\t<span class=\"dpt-main-title-text\">Cuestiones sociales de actualidad<\/span>\n\t\t\t\t\t\t<\/div>\n\t\t\t\t\t\t\n\t\t\t\t\t\t\n\t\t\t\t\t\t\n\t\t\t\t\t\t<\/div>\t\t\t\n\t\t\t\t<div id=\"dpt-wrapper-210\" class=\"dpt-wrapper dpt-mag1 land1 dpt-cropped dpt-flex-wrap\" >\n\n\t\t\t\t\t\t\t\t\t\t\t<div class=\"dpt-entry has-thumbnail\" data-title=\"gr\u00f6nland, trump und die frage der zugeh\u00f6rigkeit: geschichte, recht und realit\u00e4t\" data-id=\"4325\"  data-category=\"allgemein gesellschaft kunst &amp; kultur\" data-post_tag=\"europa geopolitik krisen meinungsfreiheit sicherheitspolitik spieltheorie\">\n\t\t\t\t\t\t\t<div class=\"dpt-entry-wrapper\"><div class=\"dpt-featured-content\"><div class=\"dpt-permalink\"><a href=\"https:\/\/www.markus-schall.de\/es\/2026\/01\/groenlandia-trump-y-la-cuestion-de-la-pertenencia-historia-derecho-y-realidad\/\" class=\"dpt-permalink\"><span class=\"screen-reader-text\">Groenlandia, Trump y la cuesti\u00f3n de la pertenencia: historia, derecho y realidad<\/span><\/a><\/div><div class=\"dpt-thumbnail\"><div class=\"dpt-thumbnail-inner\"><img width=\"1024\" height=\"683\" class=\"attachment-full size-full\" alt=\"Groenlandia en el punto de mira: EE UU y Trump\" context=\"dpt\" data-dpt-src=\"https:\/\/www.markus-schall.de\/wp-content\/uploads\/Groenland-USA-Trump-Titel.jpg\" data-dpt-sizes=\"(max-width: 1024px) 100vw, 1024px\" data-dpt-srcset=\"https:\/\/www.markus-schall.de\/wp-content\/uploads\/Groenland-USA-Trump-Titel.jpg 1024w, https:\/\/www.markus-schall.de\/wp-content\/uploads\/Groenland-USA-Trump-Titel-300x200.jpg 300w, https:\/\/www.markus-schall.de\/wp-content\/uploads\/Groenland-USA-Trump-Titel-768x512.jpg 768w, https:\/\/www.markus-schall.de\/wp-content\/uploads\/Groenland-USA-Trump-Titel-18x12.jpg 18w\" \/><\/div><span class=\"dpt-thumbnail-aspect-ratio\" style=\"padding-top: 75%\"><\/span><\/div><\/div><div class=\"sub-entry\"><h3 class=\"dpt-title\"><a class=\"dpt-title-link\" href=\"https:\/\/www.markus-schall.de\/es\/2026\/01\/groenlandia-trump-y-la-cuestion-de-la-pertenencia-historia-derecho-y-realidad\/\" rel=\"bookmark\">Groenlandia, Trump y la cuesti\u00f3n de la pertenencia: historia, derecho y realidad<\/a><\/h3><\/div><\/div>\n\t\t\t\t\t\t<\/div><!-- .dpt-entry -->\n\t\t\t\t\t\t\t\t\t\t\t\t<div class=\"dpt-entry has-thumbnail\" data-title=\"zustand der deutschen wirtschaft 2025: f\u00fcnf jahre krise, zahlen, trends und ausblick\" data-id=\"3773\"  data-category=\"allgemein gesellschaft\" data-post_tag=\"auswandern deutschland energiepolitik erfahrungen geopolitik krisen ratgeber\">\n\t\t\t\t\t\t\t<div class=\"dpt-entry-wrapper\"><div class=\"dpt-featured-content\"><div class=\"dpt-permalink\"><a href=\"https:\/\/www.markus-schall.de\/es\/2025\/12\/estado-de-la-economia-alemana-2025-cinco-anos-de-crisis-cifras-tendencias-y-perspectivas\/\" class=\"dpt-permalink\"><span class=\"screen-reader-text\">Estado de la econom\u00eda alemana en 2025: cinco a\u00f1os de crisis, cifras, tendencias y perspectivas<\/span><\/a><\/div><div class=\"dpt-thumbnail\"><div class=\"dpt-thumbnail-inner\"><img width=\"1024\" height=\"683\" class=\"attachment-full size-full\" alt=\"Situaci\u00f3n de la econom\u00eda alemana en 2025\" context=\"dpt\" data-dpt-src=\"https:\/\/www.markus-schall.de\/wp-content\/uploads\/zustand-deutschland-2025.jpg\" data-dpt-sizes=\"(max-width: 1024px) 100vw, 1024px\" data-dpt-srcset=\"https:\/\/www.markus-schall.de\/wp-content\/uploads\/zustand-deutschland-2025.jpg 1024w, https:\/\/www.markus-schall.de\/wp-content\/uploads\/zustand-deutschland-2025-300x200.jpg 300w, https:\/\/www.markus-schall.de\/wp-content\/uploads\/zustand-deutschland-2025-768x512.jpg 768w, https:\/\/www.markus-schall.de\/wp-content\/uploads\/zustand-deutschland-2025-18x12.jpg 18w\" \/><\/div><span class=\"dpt-thumbnail-aspect-ratio\" style=\"padding-top: 75%\"><\/span><\/div><\/div><div class=\"sub-entry\"><h3 class=\"dpt-title\"><a class=\"dpt-title-link\" href=\"https:\/\/www.markus-schall.de\/es\/2025\/12\/estado-de-la-economia-alemana-2025-cinco-anos-de-crisis-cifras-tendencias-y-perspectivas\/\" rel=\"bookmark\">Estado de la econom\u00eda alemana en 2025: cinco a\u00f1os de crisis, cifras, tendencias y perspectivas<\/a><\/h3><\/div><\/div>\n\t\t\t\t\t\t<\/div><!-- .dpt-entry -->\n\t\t\t\t\t\t\t\t\t\t\t\t<div class=\"dpt-entry has-thumbnail\" data-title=\"wer ist eigentlich j. d. vance? ein portrait zu herkunft, karriere, widerspr\u00fcchen und zukunft\" data-id=\"5395\"  data-category=\"allgemein gesellschaft\" data-post_tag=\"energiepolitik erfahrungen europa geopolitik krisen meinungsfreiheit portrait sicherheitspolitik\">\n\t\t\t\t\t\t\t<div class=\"dpt-entry-wrapper\"><div class=\"dpt-featured-content\"><div class=\"dpt-permalink\"><a href=\"https:\/\/www.markus-schall.de\/es\/2026\/03\/quien-es-j-d-vance-un-retrato-de-sus-origenes-carrera-contradicciones-y-futuro\/\" class=\"dpt-permalink\"><span class=\"screen-reader-text\">\u00bfQui\u00e9n es realmente J. D. Vance? Un retrato de sus or\u00edgenes, carrera, contradicciones y futuro<\/span><\/a><\/div><div class=\"dpt-thumbnail\"><div class=\"dpt-thumbnail-inner\"><img width=\"1024\" height=\"683\" class=\"attachment-full size-full\" alt=\"\u00bfQui\u00e9n es J. D. Vance?\" context=\"dpt\" data-dpt-src=\"https:\/\/www.markus-schall.de\/wp-content\/uploads\/JD-Vance-Portrait.jpg\" data-dpt-sizes=\"(max-width: 1024px) 100vw, 1024px\" data-dpt-srcset=\"https:\/\/www.markus-schall.de\/wp-content\/uploads\/JD-Vance-Portrait.jpg 1024w, https:\/\/www.markus-schall.de\/wp-content\/uploads\/JD-Vance-Portrait-300x200.jpg 300w, https:\/\/www.markus-schall.de\/wp-content\/uploads\/JD-Vance-Portrait-768x512.jpg 768w, https:\/\/www.markus-schall.de\/wp-content\/uploads\/JD-Vance-Portrait-18x12.jpg 18w\" \/><\/div><span class=\"dpt-thumbnail-aspect-ratio\" style=\"padding-top: 75%\"><\/span><\/div><\/div><div class=\"sub-entry\"><h3 class=\"dpt-title\"><a class=\"dpt-title-link\" href=\"https:\/\/www.markus-schall.de\/es\/2026\/03\/quien-es-j-d-vance-un-retrato-de-sus-origenes-carrera-contradicciones-y-futuro\/\" rel=\"bookmark\">\u00bfQui\u00e9n es realmente J. D. Vance? Un retrato de sus or\u00edgenes, carrera, contradicciones y futuro<\/a><\/h3><\/div><\/div>\n\t\t\t\t\t\t<\/div><!-- .dpt-entry -->\n\t\t\t\t\t\t\t\t\t\t\t\t<div class=\"dpt-entry has-thumbnail\" data-title=\"auswandern nach tschechien: mein weg, meine gr\u00fcnde, meine pl\u00e4ne\" data-id=\"3069\"  data-category=\"allgemein gesellschaft\" data-post_tag=\"auswandern erfahrungen krisen pers\u00f6nlichkeitsentwicklung ratgeber\">\n\t\t\t\t\t\t\t<div class=\"dpt-entry-wrapper\"><div class=\"dpt-featured-content\"><div class=\"dpt-permalink\"><a href=\"https:\/\/www.markus-schall.de\/es\/2025\/10\/emigrar-a-la-republica-checa-a-mi-manera-mis-razones-mis-planes\/\" class=\"dpt-permalink\"><span class=\"screen-reader-text\">Emigrar a la Rep\u00fablica Checa: mi camino, mis razones, mis planes<\/span><\/a><\/div><div class=\"dpt-thumbnail\"><div class=\"dpt-thumbnail-inner\"><img width=\"2560\" height=\"1558\" class=\"attachment-full size-full\" alt=\"Emigrar a la Rep\u00fablica Checa\" context=\"dpt\" data-dpt-src=\"https:\/\/www.markus-schall.de\/wp-content\/uploads\/auswandern-tschechien-titel-scaled.jpg\" data-dpt-sizes=\"(max-width: 2560px) 100vw, 2560px\" data-dpt-srcset=\"https:\/\/www.markus-schall.de\/wp-content\/uploads\/auswandern-tschechien-titel-scaled.jpg 2560w, https:\/\/www.markus-schall.de\/wp-content\/uploads\/auswandern-tschechien-titel-300x183.jpg 300w, https:\/\/www.markus-schall.de\/wp-content\/uploads\/auswandern-tschechien-titel-1024x623.jpg 1024w, https:\/\/www.markus-schall.de\/wp-content\/uploads\/auswandern-tschechien-titel-768x467.jpg 768w, https:\/\/www.markus-schall.de\/wp-content\/uploads\/auswandern-tschechien-titel-1536x935.jpg 1536w, https:\/\/www.markus-schall.de\/wp-content\/uploads\/auswandern-tschechien-titel-2048x1246.jpg 2048w, https:\/\/www.markus-schall.de\/wp-content\/uploads\/auswandern-tschechien-titel-18x12.jpg 18w\" \/><\/div><span class=\"dpt-thumbnail-aspect-ratio\" style=\"padding-top: 75%\"><\/span><\/div><\/div><div class=\"sub-entry\"><h3 class=\"dpt-title\"><a class=\"dpt-title-link\" href=\"https:\/\/www.markus-schall.de\/es\/2025\/10\/emigrar-a-la-republica-checa-a-mi-manera-mis-razones-mis-planes\/\" rel=\"bookmark\">Emigrar a la Rep\u00fablica Checa: mi camino, mis razones, mis planes<\/a><\/h3><\/div><\/div>\n\t\t\t\t\t\t<\/div><!-- .dpt-entry -->\n\t\t\t\t\t\t\n\t\t\t\t<\/div>\n\t\t\t\t\t\t<\/div>\n\t\t\t\n<hr \/>\n<h2>Preguntas m\u00e1s frecuentes<\/h2>\n<ol>\n<li><strong>\u00bfQu\u00e9 ha hecho que la pandemia sea tan poco fiable para las previsiones econ\u00f3micas?<\/strong><br \/>\nLa pandemia reuni\u00f3 varios factores extraordinarios al mismo tiempo: desde alteraciones en la cadena de suministro mundial hasta la intervenci\u00f3n de los gobiernos y cambios en el comportamiento de los consumidores. Esta combinaci\u00f3n no se tuvo suficientemente en cuenta en muchos modelos.<\/li>\n<li><strong>\u00bfPor qu\u00e9 muchos economistas se equivocaron sobre la inflaci\u00f3n?<\/strong><br \/>\nMuchos supusieron que el elevado desempleo y la cautela de los consumidores mantendr\u00edan los precios estables. Sin embargo, los cuellos de botella reales en la producci\u00f3n y la log\u00edstica provocaron una fuerte subida de los precios.<\/li>\n<li><strong>\u00bfQu\u00e9 papel desempe\u00f1aron las cadenas de suministro en la inflaci\u00f3n?<\/strong><br \/>\nFueron un factor decisivo. Los paros de producci\u00f3n y los problemas de transporte provocaron cuellos de botella en el suministro, lo que hizo que los precios subieran considerablemente en muchas zonas.<\/li>\n<li><strong>\u00bfPor qu\u00e9 la inflaci\u00f3n evolucion\u00f3 de forma tan distinta a las expectativas?<\/strong><br \/>\nPorque varios factores influyentes actuaron simult\u00e1neamente, entre ellos los programas de ayuda gubernamentales, los efectos de recuperaci\u00f3n del consumo y las perturbaciones mundiales, una combinaci\u00f3n que rara vez se da de esta forma.<\/li>\n<li><strong>\u00bfPor qu\u00e9 Estados Unidos pudo recuperarse m\u00e1s r\u00e1pidamente que muchos pa\u00edses europeos?<\/strong><br \/>\nEE.UU. se benefici\u00f3 de un mercado laboral m\u00e1s flexible, amplias medidas gubernamentales de apoyo y una menor dependencia de choques externos como la crisis energ\u00e9tica en Europa.<\/li>\n<li><strong>\u00bfQu\u00e9 importancia tiene el mercado laboral para el crecimiento econ\u00f3mico?<\/strong><br \/>\nUn mercado laboral flexible permite reaccionar m\u00e1s r\u00e1pidamente a los cambios. Los empleados pueden cambiar m\u00e1s f\u00e1cilmente a sectores en crecimiento, lo que acelera la recuperaci\u00f3n.<\/li>\n<li><strong>\u00bfPor qu\u00e9 se sobrestim\u00f3 en parte la productividad durante la pandemia?<\/strong><br \/>\nParte del aumento se debi\u00f3 a efectos estad\u00edsticos, como el cierre de sectores menos productivos. Esto hizo que la productividad global pareciera mayor de lo que era en realidad.<\/li>\n<li><strong>\u00bfQu\u00e9 son los llamados efectos de composici\u00f3n en la productividad?<\/strong><br \/>\nEsto modifica la estructura de la econom\u00eda de modo que los sectores m\u00e1s productivos adquieren mayor importancia. Esto aumenta la productividad medida sin que se produzca ning\u00fan aumento real de la eficiencia.<\/li>\n<li><strong>\u00bfHa mejorado la digitalizaci\u00f3n la productividad de forma sostenible?<\/strong><br \/>\nEn parte, s\u00ed, pero muchos efectos fueron a corto plazo. Las mejoras a largo plazo dependen de c\u00f3mo se integren permanentemente los nuevos m\u00e9todos de trabajo y tecnolog\u00edas.<\/li>\n<li><strong>\u00bfPor qu\u00e9 ha aumentado tanto la deuda p\u00fablica?<\/strong><br \/>\nLos gobiernos tuvieron que financiar amplios programas de ayuda para apoyar a las empresas, asegurar el empleo y amortiguar las depresiones econ\u00f3micas.<\/li>\n<li><strong>\u00bfEs fundamentalmente problem\u00e1tico un alto nivel de deuda nacional?<\/strong><br \/>\nPuede albergar riesgos a largo plazo, pero a menudo es necesario en tiempos de crisis para evitar da\u00f1os econ\u00f3micos importantes.<\/li>\n<li><strong>\u00bfQu\u00e9 pa\u00edses se han visto especialmente afectados por el aumento de la deuda?<\/strong><br \/>\nEspecialmente los pa\u00edses con niveles de deuda ya elevados o acceso limitado a los mercados de capitales, como en algunas partes de \u00c1frica o Asia Oriental.<\/li>\n<li><strong>\u00bfQu\u00e9 consecuencias puede tener la deuda a largo plazo?<\/strong><br \/>\nPuede restringir futuras inversiones, dar lugar a medidas de austeridad o reducir el margen de maniobra de los gobiernos.<\/li>\n<li><strong>\u00bfCu\u00e1l es la lecci\u00f3n m\u00e1s importante que hay que aprender de los errores de apreciaci\u00f3n de la pandemia?<\/strong><br \/>\nQue la evoluci\u00f3n econ\u00f3mica es m\u00e1s compleja de lo que muchos modelos pueden describir, especialmente en tiempos de crisis con varios factores actuando simult\u00e1neamente.<\/li>\n<li><strong>\u00bfC\u00f3mo mejorar las previsiones econ\u00f3micas en el futuro?<\/strong><br \/>\nTeniendo m\u00e1s en cuenta las incertidumbres, los escenarios alternativos y una mayor apertura a diferentes evoluciones en lugar de suposiciones demasiado r\u00edgidas.<\/li>\n<\/ol>\n<hr \/>\n\n\t\t\t<div class=\"display-post-types\">\n\n\t\t\t\t\t\t\t<style type=\"text\/css\">\n\t\t\t#dpt-wrapper-211 { --dpt-text-align: left;--dpt-image-crop: center;--dpt-border-radius: 5px;--dpt-h-gutter: 10px;--dpt-v-gutter: 9px; }\t\t\t<\/style>\n\t\t\t<style type=\"text\/css\">#dpt-wrapper-211 { --dpt-title-font-style:normal;--dpt-title-font-weight:600;--dpt-title-line-height:1.5;--dpt-title-text-decoration:none;--dpt-title-text-transform:none;--dpt-excerpt-font-style:normal;--dpt-excerpt-font-weight:400;--dpt-excerpt-line-height:1.5;--dpt-excerpt-text-decoration:none;--dpt-excerpt-text-transform:none;--dpt-meta1-font-style:normal;--dpt-meta1-font-weight:400;--dpt-meta1-line-height:1.9;--dpt-meta1-text-decoration:none;--dpt-meta1-text-transform:none;--dpt-meta2-font-style:normal;--dpt-meta2-font-weight:400;--dpt-meta2-line-height:1.9;--dpt-meta2-text-decoration:none;--dpt-meta2-text-transform:none; }<\/style><div class=\"dpt-main-header\">\n\t\t\t\t\t\t<div class=\"dpt-main-title\">\n\t\t\t\t\t\t\t<span class=\"dpt-main-title-text\">Art\u00edculos de actualidad sobre inteligencia artificial<\/span>\n\t\t\t\t\t\t<\/div>\n\t\t\t\t\t\t\n\t\t\t\t\t\t\n\t\t\t\t\t\t\n\t\t\t\t\t\t<\/div>\t\t\t\n\t\t\t\t<div id=\"dpt-wrapper-211\" class=\"dpt-wrapper dpt-mag1 land1 dpt-cropped dpt-flex-wrap\" >\n\n\t\t\t\t\t\t\t\t\t\t\t<div class=\"dpt-entry has-thumbnail\" data-title=\"der iran\u2013israel-konflikt: warum diese eskalation der strategische albtraum des westens ist\" data-id=\"5212\"  data-category=\"allgemein gesellschaft\" data-post_tag=\"denkmodelle energiepolitik europa geopolitik krisen k\u00fcnstliche intelligenz meinungsfreiheit sicherheitspolitik spieltheorie\">\n\t\t\t\t\t\t\t<div class=\"dpt-entry-wrapper\"><div class=\"dpt-featured-content\"><div class=\"dpt-permalink\"><a href=\"https:\/\/www.markus-schall.de\/es\/2026\/03\/el-conflicto-iran-israel-por-que-esta-escalada-es-la-pesadilla-estrategica-de-occidente\/\" class=\"dpt-permalink\"><span class=\"screen-reader-text\">El conflicto Ir\u00e1n-Israel: por qu\u00e9 esta escalada es la pesadilla estrat\u00e9gica de Occidente<\/span><\/a><\/div><div class=\"dpt-thumbnail\"><div class=\"dpt-thumbnail-inner\"><img width=\"1024\" height=\"683\" class=\"attachment-full size-full\" alt=\"Israel-Ir\u00e1n - Pesadilla estrat\u00e9gica\" context=\"dpt\" data-dpt-src=\"https:\/\/www.markus-schall.de\/wp-content\/uploads\/Israel-Iran-Strategischer-Albtraum.jpg\" data-dpt-sizes=\"(max-width: 1024px) 100vw, 1024px\" data-dpt-srcset=\"https:\/\/www.markus-schall.de\/wp-content\/uploads\/Israel-Iran-Strategischer-Albtraum.jpg 1024w, https:\/\/www.markus-schall.de\/wp-content\/uploads\/Israel-Iran-Strategischer-Albtraum-300x200.jpg 300w, https:\/\/www.markus-schall.de\/wp-content\/uploads\/Israel-Iran-Strategischer-Albtraum-768x512.jpg 768w, https:\/\/www.markus-schall.de\/wp-content\/uploads\/Israel-Iran-Strategischer-Albtraum-18x12.jpg 18w\" \/><\/div><span class=\"dpt-thumbnail-aspect-ratio\" style=\"padding-top: 75%\"><\/span><\/div><\/div><div class=\"sub-entry\"><h3 class=\"dpt-title\"><a class=\"dpt-title-link\" href=\"https:\/\/www.markus-schall.de\/es\/2026\/03\/el-conflicto-iran-israel-por-que-esta-escalada-es-la-pesadilla-estrategica-de-occidente\/\" rel=\"bookmark\">El conflicto Ir\u00e1n-Israel: por qu\u00e9 esta escalada es la pesadilla estrat\u00e9gica de Occidente<\/a><\/h3><\/div><\/div>\n\t\t\t\t\t\t<\/div><!-- .dpt-entry -->\n\t\t\t\t\t\t\t\t\t\t\t\t<div class=\"dpt-entry has-thumbnail\" data-title=\"lora-training: wie filemaker 2025 das feintuning gro\u00dfer sprachmodelle vereinfacht\" data-id=\"3220\"  data-category=\"filemaker &amp; erp ki-systeme\" data-post_tag=\"datenbanken filemaker k\u00fcnstliche intelligenz llm mlx sprachmodell\">\n\t\t\t\t\t\t\t<div class=\"dpt-entry-wrapper\"><div class=\"dpt-featured-content\"><div class=\"dpt-permalink\"><a href=\"https:\/\/www.markus-schall.de\/es\/2025\/10\/lora-training-como-filemaker-2025-simplifica-el-ajuste-fino-de-grandes-modelos-lingueisticos\/\" class=\"dpt-permalink\"><span class=\"screen-reader-text\">Entrenamiento LoRA: c\u00f3mo FileMaker 2025 simplifica el ajuste fino de grandes modelos ling\u00fc\u00edsticos<\/span><\/a><\/div><div class=\"dpt-thumbnail\"><div class=\"dpt-thumbnail-inner\"><img width=\"1024\" height=\"683\" class=\"attachment-full size-full\" alt=\"LoRA Ajuste fino - FileMaker 2025\" context=\"dpt\" data-dpt-src=\"https:\/\/www.markus-schall.de\/wp-content\/uploads\/lora-finetuning-filemaker.jpg\" data-dpt-sizes=\"(max-width: 1024px) 100vw, 1024px\" data-dpt-srcset=\"https:\/\/www.markus-schall.de\/wp-content\/uploads\/lora-finetuning-filemaker.jpg 1024w, https:\/\/www.markus-schall.de\/wp-content\/uploads\/lora-finetuning-filemaker-300x200.jpg 300w, https:\/\/www.markus-schall.de\/wp-content\/uploads\/lora-finetuning-filemaker-768x512.jpg 768w, https:\/\/www.markus-schall.de\/wp-content\/uploads\/lora-finetuning-filemaker-18x12.jpg 18w\" \/><\/div><span class=\"dpt-thumbnail-aspect-ratio\" style=\"padding-top: 75%\"><\/span><\/div><\/div><div class=\"sub-entry\"><h3 class=\"dpt-title\"><a class=\"dpt-title-link\" href=\"https:\/\/www.markus-schall.de\/es\/2025\/10\/lora-training-como-filemaker-2025-simplifica-el-ajuste-fino-de-grandes-modelos-lingueisticos\/\" rel=\"bookmark\">Entrenamiento LoRA: c\u00f3mo FileMaker 2025 simplifica el ajuste fino de grandes modelos ling\u00fc\u00edsticos<\/a><\/h3><\/div><\/div>\n\t\t\t\t\t\t<\/div><!-- .dpt-entry -->\n\t\t\t\t\t\t\t\t\t\t\t\t<div class=\"dpt-entry has-thumbnail\" data-title=\"ollama trifft qdrant: ein lokales ged\u00e4chtnis f\u00fcr deine ki auf dem mac\" data-id=\"2502\"  data-category=\"apple macos filemaker &amp; erp ki-systeme tipps &amp; anleitungen\" data-post_tag=\"docker filemaker k\u00fcnstliche intelligenz llama llm mistral neo4j ollama qdrant sprachmodell vektordatenbank\">\n\t\t\t\t\t\t\t<div class=\"dpt-entry-wrapper\"><div class=\"dpt-featured-content\"><div class=\"dpt-permalink\"><a href=\"https:\/\/www.markus-schall.de\/es\/2025\/08\/ollama-meets-qdrant-una-memoria-local-para-tu-ki-en-el-mac\/\" class=\"dpt-permalink\"><span class=\"screen-reader-text\">Ollama se re\u00fane con Qdrant: una memoria local para tu IA en el Mac<\/span><\/a><\/div><div class=\"dpt-thumbnail\"><div class=\"dpt-thumbnail-inner\"><img width=\"1440\" height=\"980\" class=\"attachment-full size-full\" alt=\"Memoria para IA local con Ollama y Qdrant\" context=\"dpt\" data-dpt-src=\"https:\/\/www.markus-schall.de\/wp-content\/uploads\/ollama-qdrant-gedaechtnis.jpg\" data-dpt-sizes=\"(max-width: 1440px) 100vw, 1440px\" data-dpt-srcset=\"https:\/\/www.markus-schall.de\/wp-content\/uploads\/ollama-qdrant-gedaechtnis.jpg 1440w, https:\/\/www.markus-schall.de\/wp-content\/uploads\/ollama-qdrant-gedaechtnis-300x204.jpg 300w, https:\/\/www.markus-schall.de\/wp-content\/uploads\/ollama-qdrant-gedaechtnis-1024x697.jpg 1024w, https:\/\/www.markus-schall.de\/wp-content\/uploads\/ollama-qdrant-gedaechtnis-768x523.jpg 768w, https:\/\/www.markus-schall.de\/wp-content\/uploads\/ollama-qdrant-gedaechtnis-18x12.jpg 18w\" \/><\/div><span class=\"dpt-thumbnail-aspect-ratio\" style=\"padding-top: 75%\"><\/span><\/div><\/div><div class=\"sub-entry\"><h3 class=\"dpt-title\"><a class=\"dpt-title-link\" href=\"https:\/\/www.markus-schall.de\/es\/2025\/08\/ollama-meets-qdrant-una-memoria-local-para-tu-ki-en-el-mac\/\" rel=\"bookmark\">Ollama se re\u00fane con Qdrant: una memoria local para tu IA en el Mac<\/a><\/h3><\/div><\/div>\n\t\t\t\t\t\t<\/div><!-- .dpt-entry -->\n\t\t\t\t\t\t\t\t\t\t\t\t<div class=\"dpt-entry has-thumbnail\" data-title=\"wie man heute schon ki-spezialisten ausbilden kann \u2013 chancen f\u00fcr unternehmen und azubis\" data-id=\"3120\"  data-category=\"allgemein b\u00fccher ki-systeme tipps &amp; anleitungen\" data-post_tag=\"buch datenbanken datenlogik denkmodelle k\u00fcnstliche intelligenz llm sprachmodell\">\n\t\t\t\t\t\t\t<div class=\"dpt-entry-wrapper\"><div class=\"dpt-featured-content\"><div class=\"dpt-permalink\"><a href=\"https:\/\/www.markus-schall.de\/es\/2025\/10\/como-formar-hoy-a-especialistas-en-ki-oportunidades-para-empresas-y-becarios\/\" class=\"dpt-permalink\"><span class=\"screen-reader-text\">C\u00f3mo pueden formarse hoy los especialistas en IA: oportunidades para empresas y aprendices<\/span><\/a><\/div><div class=\"dpt-thumbnail\"><div class=\"dpt-thumbnail-inner\"><img width=\"1024\" height=\"683\" class=\"attachment-full size-full\" alt=\"Formar a especialistas en IA\" context=\"dpt\" data-dpt-src=\"https:\/\/www.markus-schall.de\/wp-content\/uploads\/ki-spezialist-ausbildung.jpg\" data-dpt-sizes=\"(max-width: 1024px) 100vw, 1024px\" data-dpt-srcset=\"https:\/\/www.markus-schall.de\/wp-content\/uploads\/ki-spezialist-ausbildung.jpg 1024w, https:\/\/www.markus-schall.de\/wp-content\/uploads\/ki-spezialist-ausbildung-300x200.jpg 300w, https:\/\/www.markus-schall.de\/wp-content\/uploads\/ki-spezialist-ausbildung-768x512.jpg 768w, https:\/\/www.markus-schall.de\/wp-content\/uploads\/ki-spezialist-ausbildung-18x12.jpg 18w\" \/><\/div><span class=\"dpt-thumbnail-aspect-ratio\" style=\"padding-top: 75%\"><\/span><\/div><\/div><div class=\"sub-entry\"><h3 class=\"dpt-title\"><a class=\"dpt-title-link\" href=\"https:\/\/www.markus-schall.de\/es\/2025\/10\/como-formar-hoy-a-especialistas-en-ki-oportunidades-para-empresas-y-becarios\/\" rel=\"bookmark\">C\u00f3mo pueden formarse hoy los especialistas en IA: oportunidades para empresas y aprendices<\/a><\/h3><\/div><\/div>\n\t\t\t\t\t\t<\/div><!-- .dpt-entry -->\n\t\t\t\t\t\t\n\t\t\t\t<\/div>\n\t\t\t\t\t\t<\/div>\n\t\t\t\n<hr \/>","protected":false},"excerpt":{"rendered":"<p>Noch w\u00e4hrend der Corona-Pandemie waren sich viele \u00d6konomen erstaunlich einig: Die gro\u00dfe Gefahr sei eine Phase niedriger Inflation, vielleicht sogar Deflation. Wenige Jahre sp\u00e4ter zeigt sich ein anderes Bild. Die Inflation erreichte in vielen L\u00e4ndern historische H\u00f6hen, Lieferketten brachen zusammen, und wirtschaftliche Entwicklungen verliefen anders als erwartet. Die Pandemie war nicht nur eine gesundheitliche Krise &#8230; <a title=\"C\u00f3mo pueden formarse hoy los especialistas en IA: oportunidades para empresas y aprendices\" class=\"read-more\" href=\"https:\/\/www.markus-schall.de\/es\/2025\/10\/como-formar-hoy-a-especialistas-en-ki-oportunidades-para-empresas-y-becarios\/\" aria-label=\"Leer m\u00e1s sobre C\u00f3mo pueden formarse hoy especialistas en IA: oportunidades para empresas y aprendices\">Vaciar m\u00e1s<\/a><\/p>","protected":false},"author":3,"featured_media":5883,"comment_status":"open","ping_status":"open","sticky":false,"template":"","format":"standard","meta":{"iawp_total_views":12,"footnotes":""},"categories":[1,466],"tags":[444,480,481,475,482,426],"class_list":["post-5882","post","type-post","status-publish","format-standard","has-post-thumbnail","hentry","category-allgemein","category-gesellschaft","tag-denkmodelle","tag-deutschland","tag-energiepolitik","tag-europa","tag-geopolitik","tag-krisen"],"_links":{"self":[{"href":"https:\/\/www.markus-schall.de\/es\/wp-json\/wp\/v2\/posts\/5882","targetHints":{"allow":["GET"]}}],"collection":[{"href":"https:\/\/www.markus-schall.de\/es\/wp-json\/wp\/v2\/posts"}],"about":[{"href":"https:\/\/www.markus-schall.de\/es\/wp-json\/wp\/v2\/types\/post"}],"author":[{"embeddable":true,"href":"https:\/\/www.markus-schall.de\/es\/wp-json\/wp\/v2\/users\/3"}],"replies":[{"embeddable":true,"href":"https:\/\/www.markus-schall.de\/es\/wp-json\/wp\/v2\/comments?post=5882"}],"version-history":[{"count":10,"href":"https:\/\/www.markus-schall.de\/es\/wp-json\/wp\/v2\/posts\/5882\/revisions"}],"predecessor-version":[{"id":5971,"href":"https:\/\/www.markus-schall.de\/es\/wp-json\/wp\/v2\/posts\/5882\/revisions\/5971"}],"wp:featuredmedia":[{"embeddable":true,"href":"https:\/\/www.markus-schall.de\/es\/wp-json\/wp\/v2\/media\/5883"}],"wp:attachment":[{"href":"https:\/\/www.markus-schall.de\/es\/wp-json\/wp\/v2\/media?parent=5882"}],"wp:term":[{"taxonomy":"category","embeddable":true,"href":"https:\/\/www.markus-schall.de\/es\/wp-json\/wp\/v2\/categories?post=5882"},{"taxonomy":"post_tag","embeddable":true,"href":"https:\/\/www.markus-schall.de\/es\/wp-json\/wp\/v2\/tags?post=5882"}],"curies":[{"name":"wp","href":"https:\/\/api.w.org\/{rel}","templated":true}]}}