{"id":147,"count":11,"description":"Dans cette cat\u00e9gorie, il s'agit de <strong data-start=\"223\" data-end=\"262\">Le mat\u00e9riel en usage professionnel<\/strong> - du <strong data-start=\"269\" data-end=\"282\">Apple Mac<\/strong> sur <strong data-start=\"288\" data-end=\"307\">iPhone et iPad<\/strong> jusqu'\u00e0 <strong data-start=\"319\" data-end=\"364\">serveurs, r\u00e9seaux et p\u00e9riph\u00e9riques<\/strong>. Les articles sp\u00e9cialis\u00e9s montrent quels appareils ont fait leurs preuves dans le quotidien des entreprises, ce \u00e0 quoi il faut faire attention lors du choix et comment le mat\u00e9riel peut \u00eatre int\u00e9gr\u00e9 de mani\u00e8re judicieuse dans les structures informatiques existantes. Une attention particuli\u00e8re est accord\u00e9e aux solutions qui <strong data-start=\"613\" data-end=\"658\">stable, \u00e0 l'\u00e9preuve du temps et adapt\u00e9 \u00e0 la pratique<\/strong> sont des personnes. Que ce soit dans le <strong data-start=\"671\" data-end=\"692\">Entreprise individuelle<\/strong>, dans laquelle <strong data-start=\"701\" data-end=\"715\">Cabinet m\u00e9dical<\/strong> ou dans le <strong data-start=\"724\" data-end=\"753\">entreprise moyenne<\/strong> - vous trouverez ici des t\u00e9moignages, des conseils et des recommandations sur l'\u00e9quipement mat\u00e9riel ad\u00e9quat.","link":"https:\/\/www.markus-schall.de\/fr\/categorie\/materiel-informatique\/","name":"Mat\u00e9riel informatique","slug":"materiel-informatique","taxonomy":"category","parent":0,"meta":[],"_links":{"self":[{"href":"https:\/\/www.markus-schall.de\/fr\/wp-json\/wp\/v2\/categories\/147","targetHints":{"allow":["GET"]}}],"collection":[{"href":"https:\/\/www.markus-schall.de\/fr\/wp-json\/wp\/v2\/categories"}],"about":[{"href":"https:\/\/www.markus-schall.de\/fr\/wp-json\/wp\/v2\/taxonomies\/category"}],"wp:post_type":[{"href":"https:\/\/www.markus-schall.de\/fr\/wp-json\/wp\/v2\/posts?categories=147"}],"curies":[{"name":"wp","href":"https:\/\/api.w.org\/{rel}","templated":true}]}}