{"id":15,"count":21,"description":"Dans cette cat\u00e9gorie, tout tourne autour de l'utilisation professionnelle des <strong data-start=\"256\" data-end=\"271\">Apple macOS<\/strong> dans l'entreprise. Les articles sp\u00e9cialis\u00e9s montrent comment le Mac convainc en tant que poste de travail dans le quotidien des affaires - de la <strong data-start=\"381\" data-end=\"421\">Int\u00e9gration dans les r\u00e9seaux d'entreprises<\/strong>sur <strong data-start=\"427\" data-end=\"454\">gestion s\u00e9curis\u00e9e des donn\u00e9es<\/strong> jusqu'\u00e0 <strong data-start=\"466\" data-end=\"489\">Applications de productivit\u00e9<\/strong> et <strong data-start=\"494\" data-end=\"510\">Logiciel ERP<\/strong>. D\u00e9couvrez les avantages de macOS pour <strong data-start=\"554\" data-end=\"611\">Ind\u00e9pendants, petites entreprises et grandes entreprises<\/strong> comment optimiser les flux de travail et quels outils font du Mac un compagnon fiable dans le quotidien du bureau. Que ce soit dans <strong data-start=\"743\" data-end=\"764\">Gestion de projet<\/strong>, dans laquelle <strong data-start=\"773\" data-end=\"788\">Comptabilit\u00e9<\/strong> ou pour <strong data-start=\"798\" data-end=\"819\">travaux cr\u00e9atifs<\/strong> - le Mac est depuis de nombreuses ann\u00e9es une base solide pour un travail efficace.","link":"https:\/\/www.markus-schall.de\/fr\/categorie\/apple-macos\/","name":"Apple macOS","slug":"apple-macos","taxonomy":"category","parent":0,"meta":[],"_links":{"self":[{"href":"https:\/\/www.markus-schall.de\/fr\/wp-json\/wp\/v2\/categories\/15","targetHints":{"allow":["GET"]}}],"collection":[{"href":"https:\/\/www.markus-schall.de\/fr\/wp-json\/wp\/v2\/categories"}],"about":[{"href":"https:\/\/www.markus-schall.de\/fr\/wp-json\/wp\/v2\/taxonomies\/category"}],"wp:post_type":[{"href":"https:\/\/www.markus-schall.de\/fr\/wp-json\/wp\/v2\/posts?categories=15"}],"curies":[{"name":"wp","href":"https:\/\/api.w.org\/{rel}","templated":true}]}}