{"id":1424,"date":"2012-09-14T17:02:16","date_gmt":"2012-09-14T17:02:16","guid":{"rendered":"https:\/\/markus-schall.de\/?p=1424"},"modified":"2025-10-09T08:33:19","modified_gmt":"2025-10-09T08:33:19","slug":"conference-filemaker-2012-on-se-voit-a-salzbourg","status":"publish","type":"post","link":"https:\/\/www.markus-schall.de\/fr\/2012\/09\/conference-filemaker-2012-on-se-voit-a-salzbourg\/","title":{"rendered":"Conf\u00e9rence FileMaker 2012 : on se voit \u00e0 Salzbourg ?"},"content":{"rendered":"<p><img loading=\"lazy\" decoding=\"async\" class=\"alignnone size-full wp-image-1430\" title=\"filemaker_conf\u00e9rence_2012_salzburg\" src=\"https:\/\/markus-schall.de\/wp-content\/uploads\/filemaker_konferenz_2012_salzburg1.jpg\" alt=\"filemaker_conf\u00e9rence_2012_salzburg\" width=\"570\" height=\"189\" srcset=\"https:\/\/www.markus-schall.de\/wp-content\/uploads\/filemaker_konferenz_2012_salzburg1.jpg 570w, https:\/\/www.markus-schall.de\/wp-content\/uploads\/filemaker_konferenz_2012_salzburg1-300x99.jpg 300w, https:\/\/www.markus-schall.de\/wp-content\/uploads\/filemaker_konferenz_2012_salzburg1-18x6.jpg 18w\" sizes=\"auto, (max-width: 570px) 100vw, 570px\" \/><\/p>\n<p>Cette ann\u00e9e, la conf\u00e9rence FileMaker 2012 aura lieu du 11 au 13 octobre \u00e0 Salzbourg. Durant ces trois jours, quelque 280 d\u00e9veloppeurs, utilisateurs, sp\u00e9cialistes en informatique et d\u00e9cideurs en mati\u00e8re de FileMaker issus de l'\u00e9conomie, de l'\u00e9ducation et de l'administration se rencontreront dans la ville de Mozart. Pendant ces trois jours, la conf\u00e9rence propose un total de 36 conf\u00e9rences et ateliers sur de nombreux sujets int\u00e9ressants en rapport avec FileMaker. Je tiendrai \u00e9galement deux s\u00e9minaires lors de la conf\u00e9rence : Le 12 octobre, je tiendrai un expos\u00e9 sur l'utilisabilit\u00e9 optimale des mises en page de formulaires et de listes pour FileMaker et FileMaker Go, et le 13 octobre, je tiendrai un expos\u00e9 sur les interfaces de FileMaker avec les syst\u00e8mes de boutiques en ligne pour les articles et la gestion des commandes. Pour conna\u00eetre les autres sujets qui seront abord\u00e9s par les coll\u00e8gues germanophones, consultez le site web de l'association. <strong>Aper\u00e7u de la session<\/strong> sur la page de la conf\u00e9rence FileMaker 2012. Je ne peux que recommander \u00e0 tous ceux qui s'int\u00e9ressent au FileMaker d'assister \u00e0 la conf\u00e9rence FileMaker, et peut-\u00eatre que nous nous verrons \u00e0 Salzbourg \ud83d\ude42<\/p>","protected":false},"excerpt":{"rendered":"<p>Cette ann\u00e9e, la conf\u00e9rence FileMaker 2012 aura lieu du 11 au 13 octobre \u00e0 Salzbourg. Durant ces trois jours, quelque 280 d\u00e9veloppeurs, utilisateurs, sp\u00e9cialistes en informatique et d\u00e9cideurs en mati\u00e8re de FileMaker issus de l'\u00e9conomie, de l'\u00e9ducation et de l'administration se rencontreront dans la ville de Mozart. Pendant ces trois jours, la conf\u00e9rence propose un total de 36 pr\u00e9sentations et ateliers sur de nombreux sujets int\u00e9ressants ... <a title=\"Conf\u00e9rence FileMaker 2012 : on se voit \u00e0 Salzbourg ?\" class=\"read-more\" href=\"https:\/\/www.markus-schall.de\/fr\/2012\/09\/conference-filemaker-2012-on-se-voit-a-salzbourg\/\" aria-label=\"En savoir plus sur FileMaker Conf\u00e9rence 2012 : Rendez-vous \u00e0 Salzbourg ?\">Lire la suite<\/a><\/p>","protected":false},"author":1,"featured_media":1428,"comment_status":"open","ping_status":"open","sticky":false,"template":"","format":"standard","meta":{"iawp_total_views":1,"footnotes":""},"categories":[3],"tags":[],"class_list":["post-1424","post","type-post","status-publish","format-standard","has-post-thumbnail","hentry","category-filemaker"],"_links":{"self":[{"href":"https:\/\/www.markus-schall.de\/fr\/wp-json\/wp\/v2\/posts\/1424","targetHints":{"allow":["GET"]}}],"collection":[{"href":"https:\/\/www.markus-schall.de\/fr\/wp-json\/wp\/v2\/posts"}],"about":[{"href":"https:\/\/www.markus-schall.de\/fr\/wp-json\/wp\/v2\/types\/post"}],"author":[{"embeddable":true,"href":"https:\/\/www.markus-schall.de\/fr\/wp-json\/wp\/v2\/users\/1"}],"replies":[{"embeddable":true,"href":"https:\/\/www.markus-schall.de\/fr\/wp-json\/wp\/v2\/comments?post=1424"}],"version-history":[{"count":1,"href":"https:\/\/www.markus-schall.de\/fr\/wp-json\/wp\/v2\/posts\/1424\/revisions"}],"predecessor-version":[{"id":2715,"href":"https:\/\/www.markus-schall.de\/fr\/wp-json\/wp\/v2\/posts\/1424\/revisions\/2715"}],"wp:featuredmedia":[{"embeddable":true,"href":"https:\/\/www.markus-schall.de\/fr\/wp-json\/wp\/v2\/media\/1428"}],"wp:attachment":[{"href":"https:\/\/www.markus-schall.de\/fr\/wp-json\/wp\/v2\/media?parent=1424"}],"wp:term":[{"taxonomy":"category","embeddable":true,"href":"https:\/\/www.markus-schall.de\/fr\/wp-json\/wp\/v2\/categories?post=1424"},{"taxonomy":"post_tag","embeddable":true,"href":"https:\/\/www.markus-schall.de\/fr\/wp-json\/wp\/v2\/tags?post=1424"}],"curies":[{"name":"wp","href":"https:\/\/api.w.org\/{rel}","templated":true}]}}