{"id":2509,"date":"2025-08-21T07:25:57","date_gmt":"2025-08-21T07:25:57","guid":{"rendered":"https:\/\/www.markus-schall.de\/?p=2509"},"modified":"2025-11-09T10:37:53","modified_gmt":"2025-11-09T10:37:53","slug":"therapie-par-gouttiere-pour-le-cmd-mon-parcours-personnel-a-travers-la-derniere-phase","status":"publish","type":"post","link":"https:\/\/www.markus-schall.de\/fr\/2025\/08\/therapie-par-gouttiere-pour-le-cmd-mon-parcours-personnel-a-travers-la-derniere-phase\/","title":{"rendered":"Th\u00e9rapie par goutti\u00e8res en cas de DTM - Mon parcours personnel \u00e0 travers la derni\u00e8re phase"},"content":{"rendered":"<p>Il y a maintenant trois ans et demi, j'ai commenc\u00e9 un voyage que je n'aurais pas imagin\u00e9 d'une telle ampleur - un voyage \u00e0 travers mon propre corps, guid\u00e9 par une seule attelle r\u00e9guli\u00e8rement ajust\u00e9e. Au d\u00e9but de l'ann\u00e9e 2022, je n'aurais certainement pas imagin\u00e9 que les cons\u00e9quences seraient aussi \u00e9normes.<!--more--><\/p>\n<hr \/>\n\n\t\t\t<div class=\"display-post-types\">\n\n\t\t\t\t\t\t\t<style type=\"text\/css\">\n\t\t\t#dpt-wrapper-188 { --dpt-text-align: left;--dpt-image-crop: center;--dpt-border-radius: 5px;--dpt-h-gutter: 10px;--dpt-v-gutter: 9px; }\t\t\t<\/style>\n\t\t\t<style type=\"text\/css\">#dpt-wrapper-188 { --dpt-title-font-style:normal;--dpt-title-font-weight:600;--dpt-title-line-height:1.5;--dpt-title-text-decoration:none;--dpt-title-text-transform:none;--dpt-excerpt-font-style:normal;--dpt-excerpt-font-weight:400;--dpt-excerpt-line-height:1.5;--dpt-excerpt-text-decoration:none;--dpt-excerpt-text-transform:none;--dpt-meta1-font-style:normal;--dpt-meta1-font-weight:400;--dpt-meta1-line-height:1.9;--dpt-meta1-text-decoration:none;--dpt-meta1-text-transform:none;--dpt-meta2-font-style:normal;--dpt-meta2-font-weight:400;--dpt-meta2-line-height:1.9;--dpt-meta2-text-decoration:none;--dpt-meta2-text-transform:none; }<\/style><div class=\"dpt-main-header\">\n\t\t\t\t\t\t<div class=\"dpt-main-title\">\n\t\t\t\t\t\t\t<span class=\"dpt-main-title-text\">Th\u00e8mes actuels sur la sant\u00e9<\/span>\n\t\t\t\t\t\t<\/div>\n\t\t\t\t\t\t\n\t\t\t\t\t\t\n\t\t\t\t\t\t\n\t\t\t\t\t\t<\/div>\t\t\t\n\t\t\t\t<div id=\"dpt-wrapper-188\" class=\"dpt-wrapper dpt-mag1 land1 dpt-cropped dpt-flex-wrap\" >\n\n\t\t\t\t\t\t\t\t\t\t\t<div class=\"dpt-entry has-thumbnail\" data-title=\"cmd und aufbissschienen: ein pers\u00f6nlicher erfahrungsbericht mit klarem \u00dcberblick\" data-id=\"3798\"  data-category=\"gesundheit tipps &amp; anleitungen\" data-post_tag=\"buch cmd erfahrungen gesundheit ratgeber\">\n\t\t\t\t\t\t\t<div class=\"dpt-entry-wrapper\"><div class=\"dpt-featured-content\"><div class=\"dpt-permalink\"><a href=\"https:\/\/www.markus-schall.de\/fr\/2025\/12\/cmd-et-gouttieres-occlusales-un-rapport-dexperience-personnel-avec-une-vue-densemble-claire\/\" class=\"dpt-permalink\"><span class=\"screen-reader-text\">CMD et goutti\u00e8res occlusales : Un t\u00e9moignage personnel avec une vue d'ensemble claire<\/span><\/a><\/div><div class=\"dpt-thumbnail\"><div class=\"dpt-thumbnail-inner\"><img width=\"1024\" height=\"747\" class=\"attachment-full size-full\" alt=\"Goutti\u00e8res occlusales CMD\" context=\"dpt\" data-dpt-src=\"https:\/\/www.markus-schall.de\/wp-content\/uploads\/CMD-Aufbissschienen.jpg\" data-dpt-sizes=\"(max-width: 1024px) 100vw, 1024px\" data-dpt-srcset=\"https:\/\/www.markus-schall.de\/wp-content\/uploads\/CMD-Aufbissschienen.jpg 1024w, https:\/\/www.markus-schall.de\/wp-content\/uploads\/CMD-Aufbissschienen-300x219.jpg 300w, https:\/\/www.markus-schall.de\/wp-content\/uploads\/CMD-Aufbissschienen-768x560.jpg 768w, https:\/\/www.markus-schall.de\/wp-content\/uploads\/CMD-Aufbissschienen-16x12.jpg 16w\" \/><\/div><span class=\"dpt-thumbnail-aspect-ratio\" style=\"padding-top: 75%\"><\/span><\/div><\/div><div class=\"sub-entry\"><h3 class=\"dpt-title\"><a class=\"dpt-title-link\" href=\"https:\/\/www.markus-schall.de\/fr\/2025\/12\/cmd-et-gouttieres-occlusales-un-rapport-dexperience-personnel-avec-une-vue-densemble-claire\/\" rel=\"bookmark\">CMD et goutti\u00e8res occlusales : Un t\u00e9moignage personnel avec une vue d'ensemble claire<\/a><\/h3><\/div><\/div>\n\t\t\t\t\t\t<\/div><!-- .dpt-entry -->\n\t\t\t\t\t\t\t\t\t\t\t\t<div class=\"dpt-entry has-thumbnail\" data-title=\"zahnreinigung \u2013 sinnvoll oder \u00fcbertrieben? eine differenzierte betrachtung\" data-id=\"2920\"  data-category=\"allgemein b\u00fccher gesundheit tipps &amp; anleitungen\" data-post_tag=\"buch cmd gesundheit hypersensibilit\u00e4t mcs\">\n\t\t\t\t\t\t\t<div class=\"dpt-entry-wrapper\"><div class=\"dpt-featured-content\"><div class=\"dpt-permalink\"><a href=\"https:\/\/www.markus-schall.de\/fr\/2025\/09\/le-nettoyage-des-dents-est-il-utile-ou-excessif\/\" class=\"dpt-permalink\"><span class=\"screen-reader-text\">Nettoyage des dents - utile ou exag\u00e9r\u00e9 ? Une approche diff\u00e9renci\u00e9e<\/span><\/a><\/div><div class=\"dpt-thumbnail\"><div class=\"dpt-thumbnail-inner\"><img width=\"1536\" height=\"1024\" class=\"attachment-full size-full\" alt=\"Nettoyage des dents - \u00e0 quelle fr\u00e9quence est-il utile ?\" context=\"dpt\" data-dpt-src=\"https:\/\/www.markus-schall.de\/wp-content\/uploads\/zahnreinigung-sinnvoll.png\" data-dpt-sizes=\"(max-width: 1536px) 100vw, 1536px\" data-dpt-srcset=\"https:\/\/www.markus-schall.de\/wp-content\/uploads\/zahnreinigung-sinnvoll.png 1536w, https:\/\/www.markus-schall.de\/wp-content\/uploads\/zahnreinigung-sinnvoll-300x200.png 300w, https:\/\/www.markus-schall.de\/wp-content\/uploads\/zahnreinigung-sinnvoll-1024x683.png 1024w, https:\/\/www.markus-schall.de\/wp-content\/uploads\/zahnreinigung-sinnvoll-768x512.png 768w, https:\/\/www.markus-schall.de\/wp-content\/uploads\/zahnreinigung-sinnvoll-18x12.png 18w\" \/><\/div><span class=\"dpt-thumbnail-aspect-ratio\" style=\"padding-top: 75%\"><\/span><\/div><\/div><div class=\"sub-entry\"><h3 class=\"dpt-title\"><a class=\"dpt-title-link\" href=\"https:\/\/www.markus-schall.de\/fr\/2025\/09\/le-nettoyage-des-dents-est-il-utile-ou-excessif\/\" rel=\"bookmark\">Nettoyage des dents - utile ou exag\u00e9r\u00e9 ? Une approche diff\u00e9renci\u00e9e<\/a><\/h3><\/div><\/div>\n\t\t\t\t\t\t<\/div><!-- .dpt-entry -->\n\t\t\t\t\t\t\t\t\t\t\t\t<div class=\"dpt-entry has-thumbnail\" data-title=\"zahngesundheit und cmd \u2013 mehr als ein bisschen. was bringt die zukunft?\" data-id=\"2736\"  data-category=\"b\u00fccher gesellschaft gesundheit\" data-post_tag=\"cmd gesundheit ratgeber\">\n\t\t\t\t\t\t\t<div class=\"dpt-entry-wrapper\"><div class=\"dpt-featured-content\"><div class=\"dpt-permalink\"><a href=\"https:\/\/www.markus-schall.de\/fr\/2025\/08\/sante-dentaire-et-cmd-plus-quun-peu-quapporte-lavenir\/\" class=\"dpt-permalink\"><span class=\"screen-reader-text\">Sant\u00e9 dentaire et DTM - plus qu'un peu. Que nous r\u00e9serve l'avenir ?<\/span><\/a><\/div><div class=\"dpt-thumbnail\"><div class=\"dpt-thumbnail-inner\"><img width=\"1920\" height=\"1280\" class=\"attachment-full size-full\" alt=\"CMD, sant\u00e9 dentaire et technologies futures\" context=\"dpt\" data-dpt-src=\"https:\/\/www.markus-schall.de\/wp-content\/uploads\/cmd-zahngesundheit-zukunft-.jpg\" data-dpt-sizes=\"(max-width: 1920px) 100vw, 1920px\" data-dpt-srcset=\"https:\/\/www.markus-schall.de\/wp-content\/uploads\/cmd-zahngesundheit-zukunft-.jpg 1920w, https:\/\/www.markus-schall.de\/wp-content\/uploads\/cmd-zahngesundheit-zukunft--300x200.jpg 300w, https:\/\/www.markus-schall.de\/wp-content\/uploads\/cmd-zahngesundheit-zukunft--1024x683.jpg 1024w, https:\/\/www.markus-schall.de\/wp-content\/uploads\/cmd-zahngesundheit-zukunft--768x512.jpg 768w, https:\/\/www.markus-schall.de\/wp-content\/uploads\/cmd-zahngesundheit-zukunft--1536x1024.jpg 1536w, https:\/\/www.markus-schall.de\/wp-content\/uploads\/cmd-zahngesundheit-zukunft--18x12.jpg 18w\" \/><\/div><span class=\"dpt-thumbnail-aspect-ratio\" style=\"padding-top: 75%\"><\/span><\/div><\/div><div class=\"sub-entry\"><h3 class=\"dpt-title\"><a class=\"dpt-title-link\" href=\"https:\/\/www.markus-schall.de\/fr\/2025\/08\/sante-dentaire-et-cmd-plus-quun-peu-quapporte-lavenir\/\" rel=\"bookmark\">Sant\u00e9 dentaire et DTM - plus qu'un peu. Que nous r\u00e9serve l'avenir ?<\/a><\/h3><\/div><\/div>\n\t\t\t\t\t\t<\/div><!-- .dpt-entry -->\n\t\t\t\t\t\t\t\t\t\t\t\t<div class=\"dpt-entry has-thumbnail\" data-title=\"gesundheitstipps (nicht nur) f\u00fcr filemaker-nutzer\" data-id=\"2380\"  data-category=\"allgemein gesundheit tipps &amp; anleitungen\" data-post_tag=\"cmd erfahrungen gesundheit\">\n\t\t\t\t\t\t\t<div class=\"dpt-entry-wrapper\"><div class=\"dpt-featured-content\"><div class=\"dpt-permalink\"><a href=\"https:\/\/www.markus-schall.de\/fr\/2023\/04\/conseils-pour-la-sante-pas-seulement-pour-les-utilisateurs-de-filemaker\/\" class=\"dpt-permalink\"><span class=\"screen-reader-text\">Conseils de sant\u00e9 (pas seulement) pour les utilisateurs de FileMaker<\/span><\/a><\/div><div class=\"dpt-thumbnail\"><div class=\"dpt-thumbnail-inner\"><img width=\"1024\" height=\"684\" class=\"attachment-full size-full\" alt=\"Conseils de sant\u00e9\" context=\"dpt\" data-dpt-src=\"https:\/\/www.markus-schall.de\/wp-content\/uploads\/gesundheitstipps.jpg\" data-dpt-sizes=\"(max-width: 1024px) 100vw, 1024px\" data-dpt-srcset=\"https:\/\/www.markus-schall.de\/wp-content\/uploads\/gesundheitstipps.jpg 1024w, https:\/\/www.markus-schall.de\/wp-content\/uploads\/gesundheitstipps-300x200.jpg 300w, https:\/\/www.markus-schall.de\/wp-content\/uploads\/gesundheitstipps-768x513.jpg 768w, https:\/\/www.markus-schall.de\/wp-content\/uploads\/gesundheitstipps-18x12.jpg 18w\" \/><\/div><span class=\"dpt-thumbnail-aspect-ratio\" style=\"padding-top: 75%\"><\/span><\/div><\/div><div class=\"sub-entry\"><h3 class=\"dpt-title\"><a class=\"dpt-title-link\" href=\"https:\/\/www.markus-schall.de\/fr\/2023\/04\/conseils-pour-la-sante-pas-seulement-pour-les-utilisateurs-de-filemaker\/\" rel=\"bookmark\">Conseils de sant\u00e9 (pas seulement) pour les utilisateurs de FileMaker<\/a><\/h3><\/div><\/div>\n\t\t\t\t\t\t<\/div><!-- .dpt-entry -->\n\t\t\t\t\t\t\n\t\t\t\t<\/div>\n\t\t\t\t\t\t<\/div>\n\t\t\t\n<hr \/>\n<p>Dans mon livre <a href=\"https:\/\/schall-verlag.de\/buch-cmd.php\" target=\"_blank\" rel=\"noopener\"><em><strong>\"CMD - Le probl\u00e8me oubli\u00e9 de la m\u00e9decine moderne\"<\/strong><\/em><\/a> j'\u00e9claire ce sujet en d\u00e9tail et je d\u00e9cris dans le livre mon exp\u00e9rience en mati\u00e8re de reconnaissance des sympt\u00f4mes, de diagnostic et de traitement de la DTM.<\/p>\n<p>Apr\u00e8s une longue odyss\u00e9e \u00e0 travers les cabinets m\u00e9dicaux, les op\u00e9rations et les tentatives de th\u00e9rapie, on m'a diagnostiqu\u00e9 d\u00e9but 2022 un Dysfonction temporo-mandibulaire (DTM) - une plainte complexe qui se cache souvent derri\u00e8re d'autres sympt\u00f4mes. Depuis, ce que l'on appelle la th\u00e9rapie par goutti\u00e8res me porte \u00e0 travers un processus profond de r\u00e9organisation corporelle.<\/p>\n<p>Ce que beaucoup sous-estiment : Cette goutti\u00e8re, ou plut\u00f4t cette \"orth\u00e8se\" correctement exprim\u00e9e, qui doit \"seulement\" corriger l'occlusion, n'influence pas seulement la m\u00e2choire - elle agit sur l'ensemble de l'appareil locomoteur, sur la posture, les organes, les cha\u00eenes musculaires et m\u00eame sur le syst\u00e8me nerveux.<\/p>\n<p>Aujourd'hui, j'en suis probablement \u00e0 la derni\u00e8re \u00e9tape de cette th\u00e9rapie. Et j'aimerais donner ici un aper\u00e7u de ce qui change dans cette \u00e9tape tardive - et pourquoi cela vaut la peine de pers\u00e9v\u00e9rer.<\/p>\n<h2>L'attelle Sch\u00f6ttl - plastique dur avec pr\u00e9cision et adaptabilit\u00e9<\/h2>\n<p>Les mesures prises par <a href=\"https:\/\/cmd-sprechstunde.de\/\" target=\"_blank\" rel=\"noopener\"><strong>Dr. Rainer Sch\u00f6ttl<\/strong><\/a> La goutti\u00e8re occlusale DTM utilis\u00e9e dans le cadre de ce projet est compos\u00e9e d'une mati\u00e8re plastique robuste et semi-transparente. Cette goutti\u00e8re dure remplace \u00e9galement les dents manquantes par des surfaces de mastication int\u00e9gr\u00e9es, ce qui garantit un soutien naturel dans le syst\u00e8me de mastication. Gr\u00e2ce \u00e0 sa surface dense et polissable, elle r\u00e9siste particuli\u00e8rement bien aux d\u00e9p\u00f4ts et aux d\u00e9colorations, et le confort du patient est donc \u00e9lev\u00e9.<\/p>\n<p>Un avantage central est la possibilit\u00e9 d'un r\u00e9aff\u00fbtage r\u00e9gulier par le dentiste - g\u00e9n\u00e9ralement \u00e0 des intervalles de 4 \u00e0 8 semaines. Ainsi, la position d'occlusion \u00e9tablie reste pr\u00e9cise et stable, m\u00eame si le syst\u00e8me de mastication se modifie pendant la th\u00e9rapie. Cette adaptabilit\u00e9 rend la goutti\u00e8re Sch\u00f6ttl particuli\u00e8rement pr\u00e9cieuse, car elle peut r\u00e9agir de mani\u00e8re flexible \u00e0 l'\u00e9volution individuelle des sympt\u00f4mes de la DTM.<\/p>\n<h3>Focalisation sur la r\u00e9versibilit\u00e9 et l'effet fonctionnel<\/h3>\n<p>La duret\u00e9 robuste de la r\u00e9sine utilis\u00e9e fait que la goutti\u00e8re impose une position d'occlusion fixe tout en offrant une possibilit\u00e9 de diagnostic contr\u00f4lable. Comme elle est ajustable et r\u00e9versible, les dentistes peuvent travailler en toute s\u00e9curit\u00e9 - sans interventions irr\u00e9versibles. La goutti\u00e8re favorise ainsi l'harmonisation de l'occlusion et soulage de mani\u00e8re cibl\u00e9e les muscles masticateurs et les articulations.<\/p>\n<p>Le r\u00e9aff\u00fbtage r\u00e9gulier de la goutti\u00e8re ne permet pas seulement de l'adapter fonctionnellement - l'usure est \u00e9galement compens\u00e9e, de sorte qu'un contact occlusal pr\u00e9cis et th\u00e9rapeutique est toujours maintenu. Cette approche adaptative, proche du patient, cr\u00e9e de la confiance et de la stabilit\u00e9 - \u00e0 la fois dans la th\u00e9rapie et dans sa port\u00e9e.<\/p>\n<h2 class=\"style-scope ytd-watch-metadata\">Quelle est l'influence de la position des m\u00e2choires et des dents sur notre corps ?<\/h2>\n<p>La GZFA - Gesellschaft f\u00fcr Zahngesundheit, Funktion und \u00c4sthetik (Soci\u00e9t\u00e9 pour la sant\u00e9, la fonction et l'esth\u00e9tique des dents) a publi\u00e9 sur Youtube une courte vid\u00e9o qui illustre bien le contexte :<\/p>\n<div class=\"lyte-wrapper\" style=\"width:640px;max-width:100%;margin:5px;\"><div class=\"lyMe\" id=\"WYL_t1ee9yGsrpA\"><div id=\"lyte_t1ee9yGsrpA\" data-src=\"https:\/\/www.markus-schall.de\/wp-content\/plugins\/wp-youtube-lyte\/lyteCache.php?origThumbUrl=%2F%2Fi.ytimg.com%2Fvi%2Ft1ee9yGsrpA%2Fhqdefault.jpg\" class=\"pL\"><div class=\"tC\"><div class=\"tT\"><\/div><\/div><div class=\"play\"><\/div><div class=\"ctrl\"><div class=\"Lctrl\"><\/div><div class=\"Rctrl\"><\/div><\/div><\/div><noscript><a href=\"https:\/\/youtu.be\/t1ee9yGsrpA\" rel=\"nofollow noopener\" target=\"_blank\"><img loading=\"lazy\" decoding=\"async\" src=\"https:\/\/www.markus-schall.de\/wp-content\/plugins\/wp-youtube-lyte\/lyteCache.php?origThumbUrl=https%3A%2F%2Fi.ytimg.com%2Fvi%2Ft1ee9yGsrpA%2F0.jpg\" alt=\"Vignette de la vid\u00e9o YouTube\" width=\"640\" height=\"340\" \/><br \/>Lire cette vid\u00e9o sur YouTube<\/a><\/noscript><\/div><\/div><div class=\"lL\" style=\"max-width:100%;width:640px;margin:5px;\"><\/div><\/p>\n<h2>Phase 1 \u00e0 3 - et ce qui a chang\u00e9 depuis<\/h2>\n<p>Au d\u00e9but - pendant les deux premi\u00e8res ann\u00e9es - l'attelle \u00e9tait retaill\u00e9e tous les mois. C'est rest\u00e9 ainsi jusqu'\u00e0 aujourd'hui. Mois apr\u00e8s mois, de mani\u00e8re tr\u00e8s fine et pr\u00e9cise. Car le syst\u00e8me r\u00e9agit lentement mais de mani\u00e8re cons\u00e9quente - chaque modification de la position d'occlusion d\u00e9clenche une r\u00e9action en cha\u00eene dans tout le corps.<\/p>\n<p>Environ deux ans plus tard, quelque chose d'inattendu a commenc\u00e9 :<br \/>\nJ'ai remarqu\u00e9 des taches rouges sur les deux chevilles. D'abord petites, puis de plus en plus grandes - surtout sur un c\u00f4t\u00e9. Mon dentiste a alors \u00e9voqu\u00e9 une possible implication veineuse. Parall\u00e8lement, je sentais que la marche devenait plus difficile. Quelque chose semblait se d\u00e9placer - pas seulement \u00e0 l'ext\u00e9rieur, mais profond\u00e9ment \u00e0 l'int\u00e9rieur de mon corps.<\/p>\n<p>Mais ce n'\u00e9tait que le d\u00e9but.<\/p>\n<h2>Le corps se d\u00e9place - de bas en haut<\/h2>\n<p>Apr\u00e8s un certain temps, les taches disparaissaient d'elles-m\u00eames. Mais elles avaient laiss\u00e9 une trace : une sorte de d\u00e9placement \u00e9nerg\u00e9tique ou structurel qui se d\u00e9pla\u00e7ait lentement vers le haut. J'ai d'abord ressenti des changements au niveau du bassin - soudain, ma position, mon \u00e9quilibre, mon centre de gravit\u00e9 ont chang\u00e9. Je le remarquais particuli\u00e8rement lorsque je toussais : le \"point de traction\" de l'abdomen se trouvait soudain ailleurs.<\/p>\n<p>Aujourd'hui, mon bassin n'est plus pench\u00e9 en arri\u00e8re, mais il est maintenant - sans entra\u00eenement actif - nettement plus avanc\u00e9. R\u00e9sultat : mon dos est devenu plus droit.<br \/>\nPas par des exercices. Pas par le renforcement musculaire. Mais par une statique interne corrig\u00e9e, rien que par le port r\u00e9gulier de la goutti\u00e8re occlusale.<\/p>\n<h2>Le c\u00f4t\u00e9 d\u00e9sagr\u00e9able : douleurs, crampes et transitions<\/h2>\n<p>Mais cette r\u00e9organisation a aussi son c\u00f4t\u00e9 obscur. C'est surtout dans la derni\u00e8re phase actuelle que des effets secondaires sensibles apparaissent. Surtout la nuit : crampes dans les pieds, parfois de fortes douleurs dans les articulations des doigts et des orteils - comme si le corps \"pelait\" carr\u00e9ment les anciennes mauvaises postures.<\/p>\n<h3>Qu'est-ce qui aide ici ? Un rem\u00e8de simple : l'huile de magn\u00e9sium.<\/h3>\n<p>Je le garde d\u00e9sormais \u00e0 port\u00e9e de main sur la table de nuit. En cas de crampe, je l'applique directement, parfois m\u00eame au lit, sans me lever. Dans de nombreux cas, l'effet est \u00e9tonnamment rapide. Si ce n'est pas le cas, il suffit de se lever, de faire quelques pas et d'appliquer \u00e0 nouveau le produit - c'est presque toujours suffisant.<\/p>\n<p>C'est d\u00e9sagr\u00e9able, oui - mais je le vois aujourd'hui comme la derni\u00e8re r\u00e9sistance de mon ancien syst\u00e8me avant qu'un nouvel ordre int\u00e9rieur ne se stabilise.<\/p>\n<h2>Modifications du cr\u00e2ne - et regard dans le miroir<\/h2>\n<p>Ce que beaucoup ne croient pas : m\u00eame au niveau du cr\u00e2ne, quelque chose change. Depuis le d\u00e9but de la th\u00e9rapie, la position de ma m\u00e2choire a \u00e9norm\u00e9ment chang\u00e9 - de mani\u00e8re visible, palpable et durable. Mais cela va plus loin. M\u00eame les orbites des yeux semblent aujourd'hui diff\u00e9rentes - le visage a chang\u00e9 structurellement. Discr\u00e8tement, mais clairement.<\/p>\n<p>C'est comme si le corps se d\u00e9barrassait chaque mois d'une partie de ses anciens m\u00e9canismes de protection - tensions musculaires, mauvaises positions, sch\u00e9mas ancr\u00e9s - et se r\u00e9organisait petit \u00e0 petit. En cas de CMD, il est important de conna\u00eetre l'origine de ses propres sympt\u00f4mes en raison de leur diversit\u00e9. Sur le th\u00e8me <a href=\"https:\/\/www.markus-schall.de\/fr\/2025\/11\/cmd-comprendre-pourquoi-savoir-est-le-premier-pas-vers-la-guerison\/\"><strong>CMD et savoir d'o\u00f9 viennent les sympt\u00f4mes<\/strong><\/a>J'ai \u00e9crit un autre article sur le sujet.<\/p>\n<h2>Et aujourd'hui ? Encore un ou deux pas vers la stabilisation<\/h2>\n<p>Aujourd'hui - apr\u00e8s trois ans et demi - je porte toujours l'attelle. Le prochain pon\u00e7age est pr\u00e9vu la semaine prochaine. Je sens clairement que la fin approche. Peut-\u00eatre encore un ou deux ajustements, peut-\u00eatre encore quelques semaines d'adaptation. Mais le sentiment est clair : le syst\u00e8me trouve son nouveau point z\u00e9ro.<\/p>\n<p>Ce qui reste, c'est une sensation corporelle compl\u00e8tement diff\u00e9rente. Je peux \u00e0 nouveau me tenir debout sans devoir constamment compenser. Je sens le centre de mon corps diff\u00e9remment. Je suis devenu plus calme dans mon comportement.<\/p>\n<p>Et surtout : je comprends enfin \u00e0 quel point tout est \u00e9troitement li\u00e9. \u00c0 quel point la m\u00e2choire, la colonne vert\u00e9brale, le bassin, les organes et m\u00eame les \u00e9motions interagissent - et \u00e0 quel point une th\u00e9rapie par goutti\u00e8res guid\u00e9e avec pr\u00e9cision peut agir en profondeur si on lui en donne le temps.<\/p>\n<h2 data-start=\"44\" data-end=\"124\"><strong data-start=\"48\" data-end=\"124\">Mon dentiste holistique qui rend la DTM visible<\/strong><\/h2>\n<p data-start=\"126\" data-end=\"163\"><span class=\"relative -mx-px my-[-0.2rem] rounded px-px py-[0.2rem] transition-colors duration-100 ease-in-out\">Une \u00e9tape d\u00e9cisive dans mon parcours vers le diagnostic a \u00e9t\u00e9 la rencontre avec <a href=\"https:\/\/www.zahnarzt-wittje.de\" target=\"_blank\" rel=\"noopener\"><strong data-start=\"77\" data-end=\"100\">Dr. Burkhard Wittje<\/strong><\/a>, un sp\u00e9cialiste de la m\u00e9decine dentaire holistique \u00e0 Oldenburg. Dans son cabinet, l'\u00eatre humain est consid\u00e9r\u00e9 comme une unit\u00e9 entre la m\u00e2choire, la colonne vert\u00e9brale et la statique globale - une approche qui \u00e9tait essentielle pour le diagnostic de mon attelle DTM.<\/span><\/p>\n<p data-start=\"165\" data-end=\"202\"><span class=\"relative -mx-px my-[-0.2rem] rounded px-px py-[0.2rem] transition-colors duration-100 ease-in-out\">Sa m\u00e9thodologie compl\u00e8te comprend entre autres<\/span><\/p>\n<ul>\n<li><strong>Th\u00e9rapie par attelles myofonctionnelles selon Sch\u00f6ttl<\/strong>qui prend sp\u00e9cialement en compte le lien entre la m\u00e2choire et la colonne vert\u00e9brale.<\/li>\n<li><strong>Test de galvanisation<\/strong>pour mesurer les courants \u00e9lectriques dans la cavit\u00e9 buccale<\/li>\n<li><strong>Tests de compatibilit\u00e9 des mat\u00e9riaux<\/strong> ainsi que l'\u00e9limination des amalgames<\/li>\n<li><strong>Tests OROTOX<\/strong>qui identifient les champs de perturbation possibles<\/li>\n<li><strong>\u00c9lectro-acupuncture selon Voll (EAV)<\/strong> pour d\u00e9couvrir des mod\u00e8les de perturbation plus profonds<\/li>\n<li><strong>En compl\u00e9ment<\/strong> dans son \u00e9ventail : obturations biologiques en or coul\u00e9, parodontologie, soutien hom\u00e9opathique, etc.<\/li>\n<\/ul>\n<p data-start=\"493\" data-end=\"909\">Le Dr Wittje n'a pas seulement \u00e9t\u00e9 le premier \u00e0 reconna\u00eetre l'interaction de mes sympt\u00f4mes - il m'a \u00e9galement aid\u00e9 \u00e0 voir le lien clair entre ma m\u00e2choire, ma posture et mes douleurs chroniques. Son approche holistique a \u00e9t\u00e9 un facteur central sur le chemin de la stabilisation de mon syst\u00e8me musculo-squelettique - et donc une base essentielle pour les exp\u00e9riences que je d\u00e9cris dans ce livre.<\/p>\n<h2>Conclusion : le rail n'est pas un outil passif - mais une porte vers un nouvel ordre<\/h2>\n<p>Les trois derni\u00e8res ann\u00e9es et demie m'ont permis de comprendre : Cette th\u00e9rapie n'est pas une intervention m\u00e9canique. C'est un processus. Et elle exige de la patience, de la confiance et une \u00e9coute attentive. De toutes les phases du traitement, c'est apparemment le dernier tiers qui est le plus d\u00e9sagr\u00e9able, car ce sont les extr\u00e9mit\u00e9s ext\u00e9rieures, les pieds, les mains et les doigts qui sont alors touch\u00e9s. Mais si l'on sait d'o\u00f9 cela vient, pourquoi on le fait et ce qui nous attend \u00e0 l'avenir, alors tout cela n'est qu'\u00e0 moiti\u00e9 grave. Il me suffit de me regarder dans le miroir avec le dos droit pour savoir exactement pourquoi je vais jusqu'au bout du traitement.<\/p>\n<p>Je partage ce t\u00e9moignage parce que beaucoup abandonnent \u00e0 mi-chemin - par impatience, par frustration ou parce que les sympt\u00f4mes s'aggravent avant de dispara\u00eetre. Je peux dire aujourd'hui que cela en vaut la peine. Et pas seulement physiquement, mais \u00e0 plusieurs niveaux.<\/p>\n<p>De nombreuses autres exp\u00e9riences sur la reconnaissance, le diagnostic et le traitement de la DTM sont pr\u00e9sent\u00e9es dans mon livre <a href=\"https:\/\/schall-verlag.de\/buch-cmd.php\" target=\"_blank\" rel=\"noopener\"><em><strong>\"CMD - Le probl\u00e8me oubli\u00e9 de la m\u00e9decine moderne\"<\/strong><\/em><\/a> qui peut \u00eatre achet\u00e9 en librairie en allemand et en anglais.<\/p>\n<p>Image (c) muklinika @ pixabay<\/p>\n<hr \/>\n\n\t\t\t<div class=\"display-post-types\">\n\n\t\t\t\t\t\t\t<style type=\"text\/css\">\n\t\t\t#dpt-wrapper-189 { --dpt-text-align: left;--dpt-image-crop: center;--dpt-border-radius: 5px;--dpt-h-gutter: 10px;--dpt-v-gutter: 8px; }\t\t\t<\/style>\n\t\t\t<style type=\"text\/css\">#dpt-wrapper-189 { --dpt-title-font-style:normal;--dpt-title-font-weight:600;--dpt-title-line-height:1.5;--dpt-title-text-decoration:none;--dpt-title-text-transform:none;--dpt-excerpt-font-style:normal;--dpt-excerpt-font-weight:400;--dpt-excerpt-line-height:1.5;--dpt-excerpt-text-decoration:none;--dpt-excerpt-text-transform:none;--dpt-meta1-font-style:normal;--dpt-meta1-font-weight:400;--dpt-meta1-line-height:1.9;--dpt-meta1-text-decoration:none;--dpt-meta1-text-transform:none;--dpt-meta2-font-style:normal;--dpt-meta2-font-weight:400;--dpt-meta2-line-height:1.9;--dpt-meta2-text-decoration:none;--dpt-meta2-text-transform:none; }<\/style><div class=\"dpt-main-header\">\n\t\t\t\t\t\t<div class=\"dpt-main-title\">\n\t\t\t\t\t\t\t<span class=\"dpt-main-title-text\">Autres articles en rapport avec CMD<\/span>\n\t\t\t\t\t\t<\/div>\n\t\t\t\t\t\t\n\t\t\t\t\t\t\n\t\t\t\t\t\t\n\t\t\t\t\t\t<\/div>\t\t\t\n\t\t\t\t<div id=\"dpt-wrapper-189\" class=\"dpt-wrapper dpt-mag1 land1 dpt-cropped dpt-flex-wrap\" >\n\n\t\t\t\t\t\t\t\t\t\t\t<div class=\"dpt-entry has-thumbnail\" data-title=\"lithium: das vergessene spurenelement? eine betrachtung zur mikrodosierung\" data-id=\"2908\"  data-category=\"allgemein b\u00fccher gesundheit tipps &amp; anleitungen\" data-post_tag=\"buch cmd erfahrungen gesundheit hypersensibilit\u00e4t\">\n\t\t\t\t\t\t\t<div class=\"dpt-entry-wrapper\"><div class=\"dpt-featured-content\"><div class=\"dpt-permalink\"><a href=\"https:\/\/www.markus-schall.de\/fr\/2025\/09\/le-lithium-loligo-element-oublie-une-reflexion-sur-le-microdosage\/\" class=\"dpt-permalink\"><span class=\"screen-reader-text\">Le lithium : l'oligo-\u00e9l\u00e9ment oubli\u00e9 ? Une r\u00e9flexion sur le microdosage<\/span><\/a><\/div><div class=\"dpt-thumbnail\"><div class=\"dpt-thumbnail-inner\"><img width=\"1024\" height=\"683\" class=\"attachment-full size-full\" alt=\"Orotate de lithium en microdoses\" context=\"dpt\" data-dpt-src=\"https:\/\/www.markus-schall.de\/wp-content\/uploads\/Lithium-Orotat-Mikrodosierung.jpg\" data-dpt-sizes=\"(max-width: 1024px) 100vw, 1024px\" data-dpt-srcset=\"https:\/\/www.markus-schall.de\/wp-content\/uploads\/Lithium-Orotat-Mikrodosierung.jpg 1024w, https:\/\/www.markus-schall.de\/wp-content\/uploads\/Lithium-Orotat-Mikrodosierung-300x200.jpg 300w, https:\/\/www.markus-schall.de\/wp-content\/uploads\/Lithium-Orotat-Mikrodosierung-768x512.jpg 768w, https:\/\/www.markus-schall.de\/wp-content\/uploads\/Lithium-Orotat-Mikrodosierung-18x12.jpg 18w\" \/><\/div><span class=\"dpt-thumbnail-aspect-ratio\" style=\"padding-top: 75%\"><\/span><\/div><\/div><div class=\"sub-entry\"><h3 class=\"dpt-title\"><a class=\"dpt-title-link\" href=\"https:\/\/www.markus-schall.de\/fr\/2025\/09\/le-lithium-loligo-element-oublie-une-reflexion-sur-le-microdosage\/\" rel=\"bookmark\">Le lithium : l'oligo-\u00e9l\u00e9ment oubli\u00e9 ? Une r\u00e9flexion sur le microdosage<\/a><\/h3><\/div><\/div>\n\t\t\t\t\t\t<\/div><!-- .dpt-entry -->\n\t\t\t\t\t\t\t\t\t\t\t\t<div class=\"dpt-entry has-thumbnail\" data-title=\"cmd verstehen: warum wissen der erste schritt zur heilung ist\" data-id=\"3419\"  data-category=\"b\u00fccher gesundheit\" data-post_tag=\"buch cmd erfahrungen gesundheit ratgeber\">\n\t\t\t\t\t\t\t<div class=\"dpt-entry-wrapper\"><div class=\"dpt-featured-content\"><div class=\"dpt-permalink\"><a href=\"https:\/\/www.markus-schall.de\/fr\/2025\/11\/cmd-comprendre-pourquoi-savoir-est-le-premier-pas-vers-la-guerison\/\" class=\"dpt-permalink\"><span class=\"screen-reader-text\">Comprendre la CMD : Pourquoi la connaissance est le premier pas vers la gu\u00e9rison<\/span><\/a><\/div><div class=\"dpt-thumbnail\"><div class=\"dpt-thumbnail-inner\"><img width=\"1024\" height=\"683\" class=\"attachment-full size-full\" alt=\"Comprendre la CMD est le premier pas vers la gu\u00e9rison\" context=\"dpt\" data-dpt-src=\"https:\/\/www.markus-schall.de\/wp-content\/uploads\/CMD-verstehen-wissen.jpg\" data-dpt-sizes=\"(max-width: 1024px) 100vw, 1024px\" data-dpt-srcset=\"https:\/\/www.markus-schall.de\/wp-content\/uploads\/CMD-verstehen-wissen.jpg 1024w, https:\/\/www.markus-schall.de\/wp-content\/uploads\/CMD-verstehen-wissen-300x200.jpg 300w, https:\/\/www.markus-schall.de\/wp-content\/uploads\/CMD-verstehen-wissen-768x512.jpg 768w, https:\/\/www.markus-schall.de\/wp-content\/uploads\/CMD-verstehen-wissen-18x12.jpg 18w\" \/><\/div><span class=\"dpt-thumbnail-aspect-ratio\" style=\"padding-top: 75%\"><\/span><\/div><\/div><div class=\"sub-entry\"><h3 class=\"dpt-title\"><a class=\"dpt-title-link\" href=\"https:\/\/www.markus-schall.de\/fr\/2025\/11\/cmd-comprendre-pourquoi-savoir-est-le-premier-pas-vers-la-guerison\/\" rel=\"bookmark\">Comprendre la CMD : Pourquoi la connaissance est le premier pas vers la gu\u00e9rison<\/a><\/h3><\/div><\/div>\n\t\t\t\t\t\t<\/div><!-- .dpt-entry -->\n\t\t\t\t\t\t\t\t\t\t\t\t<div class=\"dpt-entry has-thumbnail\" data-title=\"mcs: wenn das leben dich zum dritten mal zwingt umzuziehen\" data-id=\"2822\"  data-category=\"allgemein b\u00fccher gesundheit\" data-post_tag=\"auswandern cmd erfahrungen hypersensibilit\u00e4t krisen mcs pers\u00f6nlichkeitsentwicklung ratgeber\">\n\t\t\t\t\t\t\t<div class=\"dpt-entry-wrapper\"><div class=\"dpt-featured-content\"><div class=\"dpt-permalink\"><a href=\"https:\/\/www.markus-schall.de\/fr\/2025\/09\/mcs-quand-la-vie-toblige-a-demenager-pour-la-troisieme-fois\/\" class=\"dpt-permalink\"><span class=\"screen-reader-text\">MCS : quand la vie te force \u00e0 d\u00e9m\u00e9nager pour la troisi\u00e8me fois<\/span><\/a><\/div><div class=\"dpt-thumbnail\"><div class=\"dpt-thumbnail-inner\"><img width=\"1024\" height=\"684\" class=\"attachment-full size-full\" alt=\"Trois d\u00e9m\u00e9nagements forc\u00e9s \u00e0 cause de la MCS (Multiple Chemical Sensitivity)\" context=\"dpt\" data-dpt-src=\"https:\/\/www.markus-schall.de\/wp-content\/uploads\/mcs-baustelle-krise.jpg\" data-dpt-sizes=\"(max-width: 1024px) 100vw, 1024px\" data-dpt-srcset=\"https:\/\/www.markus-schall.de\/wp-content\/uploads\/mcs-baustelle-krise.jpg 1024w, https:\/\/www.markus-schall.de\/wp-content\/uploads\/mcs-baustelle-krise-300x200.jpg 300w, https:\/\/www.markus-schall.de\/wp-content\/uploads\/mcs-baustelle-krise-768x513.jpg 768w, https:\/\/www.markus-schall.de\/wp-content\/uploads\/mcs-baustelle-krise-18x12.jpg 18w\" \/><\/div><span class=\"dpt-thumbnail-aspect-ratio\" style=\"padding-top: 75%\"><\/span><\/div><\/div><div class=\"sub-entry\"><h3 class=\"dpt-title\"><a class=\"dpt-title-link\" href=\"https:\/\/www.markus-schall.de\/fr\/2025\/09\/mcs-quand-la-vie-toblige-a-demenager-pour-la-troisieme-fois\/\" rel=\"bookmark\">MCS : quand la vie te force \u00e0 d\u00e9m\u00e9nager pour la troisi\u00e8me fois<\/a><\/h3><\/div><\/div>\n\t\t\t\t\t\t<\/div><!-- .dpt-entry -->\n\t\t\t\t\t\t\t\t\t\t\t\t<div class=\"dpt-entry has-thumbnail\" data-title=\"h\u00e4morrhoiden verstehen: warum haltung und statik oft die wahren ursachen sind\" data-id=\"3575\"  data-category=\"b\u00fccher gesundheit\" data-post_tag=\"buch cmd erfahrungen gesundheit h\u00e4morrhoiden ratgeber\">\n\t\t\t\t\t\t\t<div class=\"dpt-entry-wrapper\"><div class=\"dpt-featured-content\"><div class=\"dpt-permalink\"><a href=\"https:\/\/www.markus-schall.de\/fr\/2025\/11\/comprendre-les-hemorroides-pourquoi-la-posture-et-la-statique-sont-souvent-les-vraies-causes\/\" class=\"dpt-permalink\"><span class=\"screen-reader-text\">Comprendre les h\u00e9morro\u00efdes : Pourquoi la posture et la statique sont souvent les vraies causes<\/span><\/a><\/div><div class=\"dpt-thumbnail\"><div class=\"dpt-thumbnail-inner\"><img width=\"1024\" height=\"683\" class=\"attachment-full size-full\" alt=\"H\u00e9morro\u00efdes et mauvaises postures\" context=\"dpt\" data-dpt-src=\"https:\/\/www.markus-schall.de\/wp-content\/uploads\/haemorrhoiden-fehlhaltungen.jpg\" data-dpt-sizes=\"(max-width: 1024px) 100vw, 1024px\" data-dpt-srcset=\"https:\/\/www.markus-schall.de\/wp-content\/uploads\/haemorrhoiden-fehlhaltungen.jpg 1024w, https:\/\/www.markus-schall.de\/wp-content\/uploads\/haemorrhoiden-fehlhaltungen-300x200.jpg 300w, https:\/\/www.markus-schall.de\/wp-content\/uploads\/haemorrhoiden-fehlhaltungen-768x512.jpg 768w, https:\/\/www.markus-schall.de\/wp-content\/uploads\/haemorrhoiden-fehlhaltungen-18x12.jpg 18w\" \/><\/div><span class=\"dpt-thumbnail-aspect-ratio\" style=\"padding-top: 75%\"><\/span><\/div><\/div><div class=\"sub-entry\"><h3 class=\"dpt-title\"><a class=\"dpt-title-link\" href=\"https:\/\/www.markus-schall.de\/fr\/2025\/11\/comprendre-les-hemorroides-pourquoi-la-posture-et-la-statique-sont-souvent-les-vraies-causes\/\" rel=\"bookmark\">Comprendre les h\u00e9morro\u00efdes : Pourquoi la posture et la statique sont souvent les vraies causes<\/a><\/h3><\/div><\/div>\n\t\t\t\t\t\t<\/div><!-- .dpt-entry -->\n\t\t\t\t\t\t\t\t\t\t\t\t<div class=\"dpt-entry has-thumbnail\" data-title=\"zahngesundheit und cmd \u2013 mehr als ein bisschen. was bringt die zukunft?\" data-id=\"2736\"  data-category=\"b\u00fccher gesellschaft gesundheit\" data-post_tag=\"cmd gesundheit ratgeber\">\n\t\t\t\t\t\t\t<div class=\"dpt-entry-wrapper\"><div class=\"dpt-featured-content\"><div class=\"dpt-permalink\"><a href=\"https:\/\/www.markus-schall.de\/fr\/2025\/08\/sante-dentaire-et-cmd-plus-quun-peu-quapporte-lavenir\/\" class=\"dpt-permalink\"><span class=\"screen-reader-text\">Sant\u00e9 dentaire et DTM - plus qu'un peu. Que nous r\u00e9serve l'avenir ?<\/span><\/a><\/div><div class=\"dpt-thumbnail\"><div class=\"dpt-thumbnail-inner\"><img width=\"1920\" height=\"1280\" class=\"attachment-full size-full\" alt=\"CMD, sant\u00e9 dentaire et technologies futures\" context=\"dpt\" data-dpt-src=\"https:\/\/www.markus-schall.de\/wp-content\/uploads\/cmd-zahngesundheit-zukunft-.jpg\" data-dpt-sizes=\"(max-width: 1920px) 100vw, 1920px\" data-dpt-srcset=\"https:\/\/www.markus-schall.de\/wp-content\/uploads\/cmd-zahngesundheit-zukunft-.jpg 1920w, https:\/\/www.markus-schall.de\/wp-content\/uploads\/cmd-zahngesundheit-zukunft--300x200.jpg 300w, https:\/\/www.markus-schall.de\/wp-content\/uploads\/cmd-zahngesundheit-zukunft--1024x683.jpg 1024w, https:\/\/www.markus-schall.de\/wp-content\/uploads\/cmd-zahngesundheit-zukunft--768x512.jpg 768w, https:\/\/www.markus-schall.de\/wp-content\/uploads\/cmd-zahngesundheit-zukunft--1536x1024.jpg 1536w, https:\/\/www.markus-schall.de\/wp-content\/uploads\/cmd-zahngesundheit-zukunft--18x12.jpg 18w\" \/><\/div><span class=\"dpt-thumbnail-aspect-ratio\" style=\"padding-top: 75%\"><\/span><\/div><\/div><div class=\"sub-entry\"><h3 class=\"dpt-title\"><a class=\"dpt-title-link\" href=\"https:\/\/www.markus-schall.de\/fr\/2025\/08\/sante-dentaire-et-cmd-plus-quun-peu-quapporte-lavenir\/\" rel=\"bookmark\">Sant\u00e9 dentaire et DTM - plus qu'un peu. Que nous r\u00e9serve l'avenir ?<\/a><\/h3><\/div><\/div>\n\t\t\t\t\t\t<\/div><!-- .dpt-entry -->\n\t\t\t\t\t\t\n\t\t\t\t<\/div>\n\t\t\t\t\t\t<\/div>\n\t\t\t\n<hr \/>","protected":false},"excerpt":{"rendered":"<p>Il y a maintenant trois ans et demi, j'ai commenc\u00e9 un voyage que je n'aurais pas imagin\u00e9 d'une telle ampleur - un voyage \u00e0 travers mon propre corps, guid\u00e9 par une seule attelle r\u00e9guli\u00e8rement ajust\u00e9e. Au d\u00e9but de l'ann\u00e9e 2022, je n'aurais certainement pas imagin\u00e9 que les cons\u00e9quences seraient aussi \u00e9normes.<\/p>","protected":false},"author":1,"featured_media":2514,"comment_status":"open","ping_status":"open","sticky":false,"template":"","format":"standard","meta":{"iawp_total_views":305,"footnotes":""},"categories":[456,424],"tags":[425,439,458,447,448],"class_list":["post-2509","post","type-post","status-publish","format-standard","has-post-thumbnail","hentry","category-gesundheit","category-buecher","tag-buch","tag-cmd","tag-erfahrungen","tag-gesundheit","tag-ratgeber"],"_links":{"self":[{"href":"https:\/\/www.markus-schall.de\/fr\/wp-json\/wp\/v2\/posts\/2509","targetHints":{"allow":["GET"]}}],"collection":[{"href":"https:\/\/www.markus-schall.de\/fr\/wp-json\/wp\/v2\/posts"}],"about":[{"href":"https:\/\/www.markus-schall.de\/fr\/wp-json\/wp\/v2\/types\/post"}],"author":[{"embeddable":true,"href":"https:\/\/www.markus-schall.de\/fr\/wp-json\/wp\/v2\/users\/1"}],"replies":[{"embeddable":true,"href":"https:\/\/www.markus-schall.de\/fr\/wp-json\/wp\/v2\/comments?post=2509"}],"version-history":[{"count":15,"href":"https:\/\/www.markus-schall.de\/fr\/wp-json\/wp\/v2\/posts\/2509\/revisions"}],"predecessor-version":[{"id":3435,"href":"https:\/\/www.markus-schall.de\/fr\/wp-json\/wp\/v2\/posts\/2509\/revisions\/3435"}],"wp:featuredmedia":[{"embeddable":true,"href":"https:\/\/www.markus-schall.de\/fr\/wp-json\/wp\/v2\/media\/2514"}],"wp:attachment":[{"href":"https:\/\/www.markus-schall.de\/fr\/wp-json\/wp\/v2\/media?parent=2509"}],"wp:term":[{"taxonomy":"category","embeddable":true,"href":"https:\/\/www.markus-schall.de\/fr\/wp-json\/wp\/v2\/categories?post=2509"},{"taxonomy":"post_tag","embeddable":true,"href":"https:\/\/www.markus-schall.de\/fr\/wp-json\/wp\/v2\/tags?post=2509"}],"curies":[{"name":"wp","href":"https:\/\/api.w.org\/{rel}","templated":true}]}}