{"id":3586,"date":"2025-11-23T07:27:07","date_gmt":"2025-11-23T07:27:07","guid":{"rendered":"https:\/\/www.markus-schall.de\/?p=3586"},"modified":"2026-08-11T05:45:57","modified_gmt":"2026-08-11T05:45:57","slug":"les-nouvelles-lois-de-censure-de-lue-ce-que-signifie-chatcontrol-dsa-emfa-et-lai-act","status":"publish","type":"post","link":"https:\/\/www.markus-schall.de\/fr\/2025\/11\/die-neuen-eu-zensurgesetze-was-chatcontrol-dsa-emfa-und-der-ai-act-bedeuten\/","title":{"rendered":"Les nouvelles lois de censure de l'UE : Ce que signifient Chatcontrol, DSA, EMFA et l'AI Act"},"content":{"rendered":"<p>In einer zunehmend digitalisierten Welt verbringen wir viel Zeit online: Beim Chatten, Einkaufen, Arbeiten, Informieren. Gleichzeitig ver\u00e4ndern sich die Regeln daf\u00fcr, wie Inhalte geteilt, moderiert oder kontrolliert werden. Die Digital Services Act (DSA), der European Media Freedom Act (EMFA), der geplante Regulation to Prevent and Combat Child Sexual Abuse (CSAR, oft \u201eChatcontrol\u201c genannt) und der AI Act sind zentrale Gesetzesvorhaben der Europ\u00e4ische Union (EU), mit denen sie das digitale Umfeld regulieren will.<\/p>\n<p>Diese Regelwerke m\u00f6gen auf den ersten Blick weit entfernt erscheinen &#8211; aber sie haben Auswirkungen auf dich als Privatperson und auch auf kleine oder mittlere Unternehmen. Dieser Artikel begleitet Dich Schritt f\u00fcr Schritt: von der Frage \u201e<em>Was ist hier geplant?<\/em>\u201c \u00fcber die Hintergr\u00fcnde und Zeitachsen bis hin zum Perspektivwechsel: Was bedeutet das konkret f\u00fcr Dich im Alltag?<!--more--><\/p>\n<p>Im ersten Teil schauen wir uns an, was \u00fcberhaupt geplant ist, welche gro\u00dfen Gesetzesvorhaben derzeit diskutiert oder bereits beschlossen wurden und mit welcher Begr\u00fcndung sie ins Leben gerufen wurden.<\/p>\n<hr \/>\n\n\t\t\t<div class=\"display-post-types\">\n\n\t\t\t\t\t\t\t<style type=\"text\/css\">\n\t\t\t#dpt-wrapper-942 { --dpt-text-align: left;--dpt-image-crop: center;--dpt-border-radius: 5px;--dpt-h-gutter: 10px;--dpt-v-gutter: 9px; }\t\t\t<\/style>\n\t\t\t<style type=\"text\/css\">#dpt-wrapper-942 { --dpt-title-font-style:normal;--dpt-title-font-weight:600;--dpt-title-line-height:1.5;--dpt-title-text-decoration:none;--dpt-title-text-transform:none;--dpt-excerpt-font-style:normal;--dpt-excerpt-font-weight:400;--dpt-excerpt-line-height:1.5;--dpt-excerpt-text-decoration:none;--dpt-excerpt-text-transform:none;--dpt-meta1-font-style:normal;--dpt-meta1-font-weight:400;--dpt-meta1-line-height:1.9;--dpt-meta1-text-decoration:none;--dpt-meta1-text-transform:none;--dpt-meta2-font-style:normal;--dpt-meta2-font-weight:400;--dpt-meta2-line-height:1.9;--dpt-meta2-text-decoration:none;--dpt-meta2-text-transform:none; }<\/style><div class=\" dpt-main-header\">\n\t\t\t\t\t\t<div class=\"dpt-main-title\">\n\t\t\t\t\t\t\t<span class=\"dpt-main-title-text\">Gesellschaftsthemen der Gegenwart<\/span>\n\t\t\t\t\t\t<\/div>\n\t\t\t\t\t\t\n\t\t\t\t\t\t\n\t\t\t\t\t\t\n\t\t\t\t\t\t<\/div>\t\t\t\n\t\t\t\t<div id=\"dpt-wrapper-942\" class=\"dpt-wrapper dpt-mag1 land1 dpt-cropped dpt-flex-wrap\" >\n\n\t\t\t\t\t\t\t\t\t\t\t<div class=\"dpt-entry has-thumbnail\" data-title=\"deine meinung z\u00e4hlt &#8211; neue umfragen zu aktuellen themen\" data-id=\"3383\"  data-category=\"allgemein b\u00fccher gesellschaft\" data-post_tag=\"buch cmd erfahrungen gesundheit krisen meinungsfreiheit\">\n\t\t\t\t\t\t\t<div class=\"dpt-entry-wrapper\"><div class=\" dpt-featured-content\"><div class=\" dpt-permalink\"><a href=\"https:\/\/www.markus-schall.de\/fr\/2025\/11\/deine-meinung-zaehlt-neue-umfragen-zu-aktuellen-themen\/\" class=\"dpt-permalink\"><span class=\"screen-reader-text\">Deine Meinung z\u00e4hlt &#8211; Neue Umfragen zu aktuellen Themen<\/span><\/a><\/div><div class=\" dpt-thumbnail\"><div class=\"dpt-thumbnail-inner\"><img width=\"1024\" height=\"683\" class=\"attachment-full size-full\" alt=\"Umfragen zu aktuellen Themen\" context=\"dpt\" data-dpt-src=\"https:\/\/www.markus-schall.de\/wp-content\/uploads\/umfragen-aktuell.jpg\" data-dpt-sizes=\"(max-width: 1024px) 100vw, 1024px\" data-dpt-srcset=\"https:\/\/www.markus-schall.de\/wp-content\/uploads\/umfragen-aktuell.jpg 1024w, https:\/\/www.markus-schall.de\/wp-content\/uploads\/umfragen-aktuell-300x200.jpg 300w, https:\/\/www.markus-schall.de\/wp-content\/uploads\/umfragen-aktuell-768x512.jpg 768w, https:\/\/www.markus-schall.de\/wp-content\/uploads\/umfragen-aktuell-18x12.jpg 18w\" \/><\/div><span class=\"dpt-thumbnail-aspect-ratio\" style=\"padding-top: 75%\"><\/span><\/div><\/div><div class=\" sub-entry\"><h3 class=\" dpt-title\"><a class=\"dpt-title-link\" href=\"https:\/\/www.markus-schall.de\/fr\/2025\/11\/deine-meinung-zaehlt-neue-umfragen-zu-aktuellen-themen\/\" rel=\"bookmark\">Deine Meinung z\u00e4hlt &#8211; Neue Umfragen zu aktuellen Themen<\/a><\/h3><\/div><\/div>\n\t\t\t\t\t\t<\/div><!-- .dpt-entry -->\n\t\t\t\t\t\t\t\t\t\t\t\t<div class=\"dpt-entry has-thumbnail\" data-title=\"warum abstand kein r\u00fcckzug ist &#8211; und wie ein freeze-out orientierung schafft\" data-id=\"4435\"  data-category=\"allgemein b\u00fccher gesellschaft gesundheit tipps &amp; anleitungen\" data-post_tag=\"buch denkmodelle erfahrungen gesundheit krisen lernen pers\u00f6nlichkeitsentwicklung ratgeber\">\n\t\t\t\t\t\t\t<div class=\"dpt-entry-wrapper\"><div class=\" dpt-featured-content\"><div class=\" dpt-permalink\"><a href=\"https:\/\/www.markus-schall.de\/fr\/2026\/01\/warum-abstand-kein-rueckzug-ist-und-wie-ein-freeze-out-orientierung-schafft\/\" class=\"dpt-permalink\"><span class=\"screen-reader-text\">Warum Abstand kein R\u00fcckzug ist &#8211; und wie ein Freeze-out Orientierung schafft<\/span><\/a><\/div><div class=\" dpt-thumbnail\"><div class=\"dpt-thumbnail-inner\"><img width=\"1024\" height=\"683\" class=\"attachment-full size-full\" alt=\"Freezeout - Abstand in Krisen\" context=\"dpt\" data-dpt-src=\"https:\/\/www.markus-schall.de\/wp-content\/uploads\/Freezeout-Titel.jpg\" data-dpt-sizes=\"(max-width: 1024px) 100vw, 1024px\" data-dpt-srcset=\"https:\/\/www.markus-schall.de\/wp-content\/uploads\/Freezeout-Titel.jpg 1024w, https:\/\/www.markus-schall.de\/wp-content\/uploads\/Freezeout-Titel-300x200.jpg 300w, https:\/\/www.markus-schall.de\/wp-content\/uploads\/Freezeout-Titel-768x512.jpg 768w, https:\/\/www.markus-schall.de\/wp-content\/uploads\/Freezeout-Titel-18x12.jpg 18w\" \/><\/div><span class=\"dpt-thumbnail-aspect-ratio\" style=\"padding-top: 75%\"><\/span><\/div><\/div><div class=\" sub-entry\"><h3 class=\" dpt-title\"><a class=\"dpt-title-link\" href=\"https:\/\/www.markus-schall.de\/fr\/2026\/01\/warum-abstand-kein-rueckzug-ist-und-wie-ein-freeze-out-orientierung-schafft\/\" rel=\"bookmark\">Warum Abstand kein R\u00fcckzug ist &#8211; und wie ein Freeze-out Orientierung schafft<\/a><\/h3><\/div><\/div>\n\t\t\t\t\t\t<\/div><!-- .dpt-entry -->\n\t\t\t\t\t\t\t\t\t\t\t\t<div class=\"dpt-entry has-thumbnail\" data-title=\"die elektronische patientenakte (epa) im faktencheck: risiken, rechte und widerspruch\" data-id=\"3412\"  data-category=\"gesellschaft gesundheit tipps &amp; anleitungen\" data-post_tag=\"datenschutz eu-gesetze gesundheit prozesse ratgeber\">\n\t\t\t\t\t\t\t<div class=\"dpt-entry-wrapper\"><div class=\" dpt-featured-content\"><div class=\" dpt-permalink\"><a href=\"https:\/\/www.markus-schall.de\/fr\/2025\/11\/die-elektronische-patientenakte-epa-im-faktencheck-risiken-rechte-und-widerspruch\/\" class=\"dpt-permalink\"><span class=\"screen-reader-text\">Die elektronische Patientenakte (ePA) im Faktencheck: Risiken, Rechte und Widerspruch<\/span><\/a><\/div><div class=\" dpt-thumbnail\"><div class=\"dpt-thumbnail-inner\"><img width=\"1024\" height=\"683\" class=\"attachment-full size-full\" alt=\"Alle Fakten zur elektronischen Patientenakte\" context=\"dpt\" data-dpt-src=\"https:\/\/www.markus-schall.de\/wp-content\/uploads\/Elektronische-Patientenakte.jpg\" data-dpt-sizes=\"(max-width: 1024px) 100vw, 1024px\" data-dpt-srcset=\"https:\/\/www.markus-schall.de\/wp-content\/uploads\/Elektronische-Patientenakte.jpg 1024w, https:\/\/www.markus-schall.de\/wp-content\/uploads\/Elektronische-Patientenakte-300x200.jpg 300w, https:\/\/www.markus-schall.de\/wp-content\/uploads\/Elektronische-Patientenakte-768x512.jpg 768w, https:\/\/www.markus-schall.de\/wp-content\/uploads\/Elektronische-Patientenakte-18x12.jpg 18w\" \/><\/div><span class=\"dpt-thumbnail-aspect-ratio\" style=\"padding-top: 75%\"><\/span><\/div><\/div><div class=\" sub-entry\"><h3 class=\" dpt-title\"><a class=\"dpt-title-link\" href=\"https:\/\/www.markus-schall.de\/fr\/2025\/11\/die-elektronische-patientenakte-epa-im-faktencheck-risiken-rechte-und-widerspruch\/\" rel=\"bookmark\">Die elektronische Patientenakte (ePA) im Faktencheck: Risiken, Rechte und Widerspruch<\/a><\/h3><\/div><\/div>\n\t\t\t\t\t\t<\/div><!-- .dpt-entry -->\n\t\t\t\t\t\t\t\t\t\t\t\t<div class=\"dpt-entry has-thumbnail\" data-title=\"was ist brics &#8211; und was nicht: geschichte, wirtschaft und geopolitische einordnung\" data-id=\"4691\"  data-category=\"allgemein gesellschaft\" data-post_tag=\"denkmodelle deutschland europa geopolitik sicherheitspolitik\">\n\t\t\t\t\t\t\t<div class=\"dpt-entry-wrapper\"><div class=\" dpt-featured-content\"><div class=\" dpt-permalink\"><a href=\"https:\/\/www.markus-schall.de\/fr\/2026\/02\/was-ist-brics-und-was-nicht-geschichte-wirtschaft-und-geopolitische-einordnung\/\" class=\"dpt-permalink\"><span class=\"screen-reader-text\">Was ist BRICS &#8211; und was nicht: Geschichte, Wirtschaft und geopolitische Einordnung<\/span><\/a><\/div><div class=\" dpt-thumbnail\"><div class=\"dpt-thumbnail-inner\"><img width=\"1024\" height=\"683\" class=\"attachment-full size-full\" alt=\"BRICS Staaten\" context=\"dpt\" data-dpt-src=\"https:\/\/www.markus-schall.de\/wp-content\/uploads\/BRICS-Staaten.jpg\" data-dpt-sizes=\"(max-width: 1024px) 100vw, 1024px\" data-dpt-srcset=\"https:\/\/www.markus-schall.de\/wp-content\/uploads\/BRICS-Staaten.jpg 1024w, https:\/\/www.markus-schall.de\/wp-content\/uploads\/BRICS-Staaten-300x200.jpg 300w, https:\/\/www.markus-schall.de\/wp-content\/uploads\/BRICS-Staaten-768x512.jpg 768w, https:\/\/www.markus-schall.de\/wp-content\/uploads\/BRICS-Staaten-18x12.jpg 18w\" \/><\/div><span class=\"dpt-thumbnail-aspect-ratio\" style=\"padding-top: 75%\"><\/span><\/div><\/div><div class=\" sub-entry\"><h3 class=\" dpt-title\"><a class=\"dpt-title-link\" href=\"https:\/\/www.markus-schall.de\/fr\/2026\/02\/was-ist-brics-und-was-nicht-geschichte-wirtschaft-und-geopolitische-einordnung\/\" rel=\"bookmark\">Was ist BRICS &#8211; und was nicht: Geschichte, Wirtschaft und geopolitische Einordnung<\/a><\/h3><\/div><\/div>\n\t\t\t\t\t\t<\/div><!-- .dpt-entry -->\n\t\t\t\t\t\t\n\t\t\t\t<\/div>\n\t\t\t\t\t\t<\/div>\n\t\t\t\n<hr \/>\n<h2>Aktuelle News zu geplanten EU-Zensurgesetzen<\/h2>\n<p><strong>11.08.2026<\/strong>: Die Debatte um die geplante EU-Chatkontrolle bekommt eine neue, problematische Dimension: Die <a href=\"https:\/\/www.it-daily.net\/shortnews\/hacktivisten-drohen-eu\" target=\"_blank\" rel=\"noopener\"><strong>Hacktivisten-Gruppe LunarisSec droht der Europ\u00e4ischen Union<\/strong><\/a> mit Cyberangriffen, falls sie ihre Pl\u00e4ne zur \u00dcberwachung privater Kommunikation nicht aufgibt. Nach Angaben von IT-Daily behauptet die Gruppe, bereits Schwachstellen in EU-Systemen identifiziert zu haben. Belege f\u00fcr einen tats\u00e4chlichen Zugriff liegen bislang allerdings nicht vor. LunarisSec fordert unter anderem das endg\u00fcltige Aus f\u00fcr Chat Control 1.0 und 2.0, einen gesetzlichen Schutz der Ende-zu-Ende-Verschl\u00fcsselung sowie mehr Transparenz bei der Weitergabe von Daten und eine unabh\u00e4ngige Kontrolle staatlicher Datenerhebung. Die Gruppe bezeichnet sich selbst als Verteidiger digitaler Freiheitsrechte und warnt davor, dass technische Hintert\u00fcren nicht nur Beh\u00f6rden, sondern auch Cyberkriminellen neue Angriffsm\u00f6glichkeiten er\u00f6ffnen k\u00f6nnten.<\/p>\n<p>Die ver\u00f6ffentlichten angeblichen Belege sind bislang nicht \u00fcberpr\u00fcfbar. Unabh\u00e4ngig von den Drohungen zeigt der Vorgang jedoch, wie stark sich der Konflikt um Chat Control inzwischen zugespitzt hat. Digitalrechtsorganisationen warnen seit Langem vor Sicherheitsrisiken durch eine m\u00f6gliche clientseitige Durchsuchung privater Kommunikation.<\/p>\n<p><strong>31.07.2026<\/strong>: Bundesinnenminister Alexander Dobrindt (CSU) plant offenbar <strong><a href=\"https:\/\/www.heise.de\/news\/Identifikationspflicht-Dobrindt-will-Informationsfreiheit-faktisch-stoppen-11376595.html\" target=\"_blank\" rel=\"noopener\">weitreichende Einschr\u00e4nkungen des Informationsfreiheitsgesetzes (IFG)<\/a><\/strong>. Interne Vermerke des Bundesinnenministeriums von Anfang Februar 2026 sehen unter anderem eine Identifikationspflicht f\u00fcr Antragsteller vor. Dadurch k\u00f6nnten niedrigschwellige Plattformen wie FragDenStaat erheblich geschw\u00e4cht werden, weil Anfragen nicht mehr ohne Weiteres stellvertretend und \u00f6ffentlich dokumentiert eingereicht werden k\u00f6nnten. Zudem sollen Journalisten und Bundestagsabgeordnete st\u00e4rker auf Presse- beziehungsweise parlamentarische Auskunftsrechte verwiesen werden, obwohl diese keinen vergleichbaren Anspruch auf Akteneinsicht und Originaldokumente gew\u00e4hrleisten. Vorgesehen ist au\u00dferdem, Forschung, Lehre und laufende Gesetzgebungsverfahren teilweise vom IFG auszunehmen, Beh\u00f6rden nur noch zur Herausgabe selbst erstellter Dokumente zu verpflichten und Geb\u00fchren anzuheben. Besonders umstritten ist der Plan, die unabh\u00e4ngige Beschwerde- und Aufsichtsfunktion beim Bundesbeauftragten f\u00fcr Datenschutz und Informationsfreiheit zu streichen. Das seit zwei Jahrzehnten bestehende IFG erm\u00f6glicht B\u00fcrgern, Medien und Organisationen den Zugang zu amtlichen Unterlagen und hat wiederholt zur Aufkl\u00e4rung staatlicher Vorg\u00e4nge beigetragen. Kritiker sehen deshalb einen massiven R\u00fcckschritt f\u00fcr Transparenz und demokratische Kontrolle. Die SPD-Bundestagsfraktion hat angek\u00fcndigt, einer Absenkung des bisherigen Transparenzniveaus nicht zuzustimmen.<\/p>\n<p><strong>10.07.2026<\/strong>: Ein neuer Beitrag bei Heise zeigt, wie umstritten die erneute Behandlung der Chatkontrolle im EU-Parlament ist. Im Kern geht es nicht nur um den Inhalt der Regelung, sondern auch um das Verfahren: <a href=\"https:\/\/www.heise.de\/news\/Verfahrenstrick-vor-Sommerpause-EU-Parlament-reaktiviert-Chatkontrolle-1-0-11359552.html\" target=\"_blank\" rel=\"noopener\"><strong>Kurz vor der Sommerpause soll eine bereits abgelehnte \u00dcbergangsregelung<\/strong><\/a> zur freiwilligen, verdachtsunabh\u00e4ngigen Durchsuchung privater Kommunikation wiederbelebt werden. Kritiker sprechen von einem parlamentarischen Winkelzug, weil im nun gew\u00e4hlten Verfahrensabschnitt eine absolute Mehrheit n\u00f6tig w\u00e4re, um den Vorschlag noch zu stoppen. Gerade bei geringerer Anwesenheit vor der Sommerpause kann dadurch eine Regelung durchkommen, ohne dass sie politisch wirklich neu \u00fcberzeugt hat. Die Debatte zeigt einmal mehr, wie schnell Kinderschutz als berechtigtes Ziel mit weitreichender digitaler \u00dcberwachung vermischt werden kann.<\/p>\n<div class=\"lyte-wrapper\" style=\"width:640px;max-width:100%;margin:5px;\"><div class=\"lyMe\" id=\"WYL_GXtF_dxXEpE\"><div id=\"lyte_GXtF_dxXEpE\" data-src=\"https:\/\/www.markus-schall.de\/wp-content\/plugins\/wp-youtube-lyte\/lyteCache.php?origThumbUrl=%2F%2Fi.ytimg.com%2Fvi%2FGXtF_dxXEpE%2Fhqdefault.jpg\" class=\"pL\"><div class=\"tC\"><div class=\"tT\"><\/div><\/div><div class=\"play\"><\/div><div class=\"ctrl\"><div class=\"Lctrl\"><\/div><div class=\"Rctrl\"><\/div><\/div><\/div><noscript><a href=\"https:\/\/youtu.be\/GXtF_dxXEpE\" rel=\"nofollow noopener\" target=\"_blank\"><img loading=\"lazy\" decoding=\"async\" src=\"https:\/\/www.markus-schall.de\/wp-content\/plugins\/wp-youtube-lyte\/lyteCache.php?origThumbUrl=https%3A%2F%2Fi.ytimg.com%2Fvi%2FGXtF_dxXEpE%2F0.jpg\" alt=\"YouTube video thumbnail\" width=\"640\" height=\"340\" \/><br \/>Lire cette vid\u00e9o sur YouTube<\/a><\/noscript><\/div><\/div><div class=\"lL\" style=\"max-width:100%;width:640px;margin:5px;\"><\/div><br \/>\nDie Br\u00fcssel-Diktatur: EU-Kommission pr\u00fcgelt die Chatkontrolle durch das Parlament | <a href=\"https:\/\/www.youtube.com\/@TichysEinblick\" target=\"_blank\" rel=\"nofollow noopener\">Tichys Einblick<\/a><\/p>\n<p>Die Gesellschaft f\u00fcr Freiheitsrechte kritisiert die Chatkontrolle als <a href=\"https:\/\/freiheitsrechte.org\/themen\/freiheit-im-digitalen-zeitalter\/chatkontrolle\" target=\"_blank\" rel=\"noopener\"><strong>grundrechtlich hochproblematisch<\/strong><\/a>. Nach ihrer Einsch\u00e4tzung droht eine anlasslose Massen\u00fcberwachung privater Kommunikation, die nicht nur Datenschutz und Privatsph\u00e4re betrifft, sondern auch die Meinungsfreiheit. Besonders heikel ist der m\u00f6gliche Druck auf Ende-zu-Ende-Verschl\u00fcsselung: Wenn Anbieter Inhalte technisch ausleuchten m\u00fcssen, verliert vertrauliche Kommunikation ihren Kern. Hinzu kommen Risiken durch fehleranf\u00e4llige KI-Systeme, m\u00f6gliche falsche Verdachtsmeldungen, Netzsperren und Altersverifikationen, die anonyme Internetnutzung erschweren k\u00f6nnen. Der Schutz von Kindern ist zweifellos wichtig. Doch gerade deshalb braucht es wirksame, zielgerichtete und rechtsstaatlich saubere Ma\u00dfnahmen statt einer Infrastruktur, die am Ende alle B\u00fcrger unter Generalverdacht stellt.<\/p>\n<p><strong>21.04.2026<\/strong>: Die Berliner Zeitung greift in einem <a href=\"https:\/\/www.berliner-zeitung.de\/article\/die-ngo-und-der-wahrheitskomplex-10030644\" target=\"_blank\" rel=\"noopener\"><strong>aktuellen Beitrag<\/strong><\/a> das Buch <em>\u201eDer Wahrheitskomplex\u201c<\/em> von Norbert H\u00e4ring auf und beschreibt ein dichtes Netzwerk aus NGOs, Faktencheckern, Meldestellen, Plattformen und staatlich gef\u00f6rderten Strukturen, das sich laut Darstellung des Artikels seit etwa 2014 immer st\u00e4rker verfestigt habe. Als wichtige Wegmarken nennt der Text unter anderem den ersten Faktencheckergipfel in London, den Start des NATO StratCom Center in Riga, die Gr\u00fcndung von Correctiv sowie das Bundesprogramm \u201eDemokratie leben!\u201c. Der Beitrag schildert, wie unter Begriffen wie \u201eDesinformation\u201c, \u201eHassrede\u201c oder \u201eFake News\u201c nicht nur strafbare Inhalte, sondern zunehmend auch unerw\u00fcnschte politische Positionen unter Druck geraten k\u00f6nnten. Besondere Aufmerksamkeit erh\u00e4lt dabei der Digital Services Act der EU, der aus Sicht der Kritiker den regulatorischen Rahmen f\u00fcr weitergehende Eingriffe in den digitalen Raum liefert. Der Artikel zeichnet damit das Bild eines Systems, in dem die Kontrolle \u00fcber Deutungshoheit, Reichweite und \u00f6ffentliche Wahrnehmung immer st\u00e4rker institutionell organisiert wird.<\/p>\n<p><strong>14.04.2026<\/strong>: Ein <a href=\"https:\/\/www.it-daily.net\/it-management\/ki\/eu-ai-act-operativ-steuerbar-machen\" target=\"_blank\" rel=\"noopener\"><strong>aktueller Artikel auf it-daily<\/strong><\/a> zeigt, dass Unternehmen durch den EU AI Act zunehmend gezwungen sind, ihre bislang oft ungeordneten KI-Aktivit\u00e4ten systematisch zu strukturieren. Die Verordnung ist bereits 2024 in Kraft getreten und wird schrittweise umgesetzt. Seit Februar 2025 gelten erste konkrete Pflichten, etwa Verbote bestimmter KI-Anwendungen und die Verpflichtung, Mitarbeitende im Umgang mit KI zu schulen. In den kommenden Jahren &#8211; insbesondere bis August 2026 &#8211; folgen strengere Anforderungen f\u00fcr sogenannte Hochrisiko-Systeme, die klare Verantwortlichkeiten f\u00fcr Anbieter und Anwender mit sich bringen. Insgesamt wird deutlich: KI darf nicht mehr isoliert oder experimentell eingesetzt werden, sondern muss organisatorisch eingebettet, dokumentiert und kontrolliert werden. Unternehmen stehen damit vor der Aufgabe, Prozesse, Zust\u00e4ndigkeiten und Kompetenzen rund um KI neu zu definieren, um sowohl regulatorische Anforderungen zu erf\u00fcllen als auch ihre Systeme sicher und nachvollziehbar betreiben zu k\u00f6nnen.<\/p>\n<div class=\"lyte-wrapper\" style=\"width:640px;max-width:100%;margin:5px;\"><div class=\"lyMe\" id=\"WYL_lDMVZ62nKuk\"><div id=\"lyte_lDMVZ62nKuk\" data-src=\"https:\/\/www.markus-schall.de\/wp-content\/plugins\/wp-youtube-lyte\/lyteCache.php?origThumbUrl=%2F%2Fi.ytimg.com%2Fvi%2FlDMVZ62nKuk%2Fhqdefault.jpg\" class=\"pL\"><div class=\"tC\"><div class=\"tT\"><\/div><\/div><div class=\"play\"><\/div><div class=\"ctrl\"><div class=\"Lctrl\"><\/div><div class=\"Rctrl\"><\/div><\/div><\/div><noscript><a href=\"https:\/\/youtu.be\/lDMVZ62nKuk\" rel=\"nofollow noopener\" target=\"_blank\"><img loading=\"lazy\" decoding=\"async\" src=\"https:\/\/www.markus-schall.de\/wp-content\/plugins\/wp-youtube-lyte\/lyteCache.php?origThumbUrl=https%3A%2F%2Fi.ytimg.com%2Fvi%2FlDMVZ62nKuk%2F0.jpg\" alt=\"YouTube video thumbnail\" width=\"640\" height=\"340\" \/><br \/>Lire cette vid\u00e9o sur YouTube<\/a><\/noscript><\/div><\/div><div class=\"lL\" style=\"max-width:100%;width:640px;margin:5px;\"><\/div><br \/>\nDer EU AI Act und seine Folgen f\u00fcr Unternehmen | Rainer Hoffmann von EnBW | <a href=\"https:\/\/www.youtube.com\/@stackfuel\" target=\"_blank\" rel=\"nofollow noopener\">StackFuel<\/a><\/p>\n<p><strong>27.03.2026<\/strong>: Die Debatte um die EU-Chatkontrolle bleibt hoch umstritten und entwickelt sich zunehmend zu einem politischen Dauerbrenner. <a href=\"https:\/\/www.berliner-zeitung.de\/politik-gesellschaft\/geopolitik\/eu-chatkontrolle-abstimmen-bis-die-massenueberwachung-durch-ist-li.10027062\" target=\"_blank\" rel=\"noopener\"><strong>Wie aktuelle Berichte zeigen<\/strong><\/a>, steht das Vorhaben weiterhin im Spannungsfeld zwischen Kinderschutz und Grundrechten. W\u00e4hrend Bef\u00fcrworter betonen, dass das Scannen privater Kommunikation notwendig sei, um Missbrauch im Netz effektiv zu bek\u00e4mpfen, warnen Kritiker vor einem Einstieg in anlasslose Massen\u00fcberwachung.<\/p>\n<p>Besonders kritisch wird gesehen, dass entsprechende Ma\u00dfnahmen potenziell tief in die Privatsph\u00e4re eingreifen und selbst verschl\u00fcsselte Kommunikation betreffen k\u00f6nnten. Gleichzeitig zeigen die politischen Prozesse in der EU, dass das Thema trotz wiederholter R\u00fcckschl\u00e4ge nicht vom Tisch ist und weiterhin vorangetrieben wird &#8211; teils auch hinter verschlossenen T\u00fcren. Die Diskussion verdeutlicht, wie schwierig die Abw\u00e4gung zwischen Sicherheit und Freiheit geworden ist. Der Streit um die Chatkontrolle steht damit exemplarisch f\u00fcr eine grunds\u00e4tzliche Frage moderner Gesellschaften: Wie weit darf staatlicher Zugriff in digitale Kommunikation gehen?<\/p>\n<hr \/>\n<h2>Was die EU gerade plant: eine einfache \u00dcbersicht<\/h2>\n<p>In den letzten Jahren hat die EU erkannt: Das Internet ver\u00e4ndert sich rasant. Plattformen mit Millionen oder Milliarden Nutzern, K\u00fcnstliche Intelligenz, neue Formen der Kommunikation &#8211; viele Rechtsrahmen stammen noch aus fr\u00fcheren Jahrzehnten. Die EU sieht hier gro\u00dfen Nachholbedarf: sie will den digitalen Raum sicherer machen, die Grundrechte sch\u00fctzen und faire Bedingungen schaffen &#8211; sowohl f\u00fcr Nutzer als auch f\u00fcr Unternehmen. Zum Beispiel hei\u00dft es zur DSA:<\/p>\n<blockquote><p><em>\u201eZiel ist, einen sichereren digitalen Raum zu schaffen, in dem die Grundrechte aller Nutzer digitaler Dienste gesch\u00fctzt sind.\u201c<\/em><\/p><\/blockquote>\n<p>Weil mehrere Gesetzesvorhaben parallel aufgesetzt wurden, entsteht der Eindruck: \u201eJetzt wird vieles zugleich reguliert\u201c &#8211; und das erzeugt Unsicherheit, gerade f\u00fcr Menschen, die sich nicht t\u00e4glich mit Digital-Recht besch\u00e4ftigen.<\/p>\n<h3>Die gro\u00dfen Ziele laut EU<\/h3>\n<p>Die wichtigsten Ziele dieser Gesetzespakete lassen sich folgenderma\u00dfen zusammenfassen:<\/p>\n<ul>\n<li><strong>Schutz vor Missbrauch<\/strong>: Zum Beispiel will die EU mit dem <a href=\"https:\/\/www.europarl.europa.eu\/legislative-train\/spotlight-JD22\/file-combating-child-sexual-abuse-online\" target=\"_blank\" rel=\"noopener\"><strong>CSAR-Entwurf<\/strong><\/a> daf\u00fcr sorgen, dass Darstellungen sexuellen Missbrauchs von Kindern (CSAM) im Netz schneller erkannt und gel\u00f6scht werden.<\/li>\n<li><strong>Schutz vor Desinformation, Wahlbeeinflussung und gesellschaftlichen Risiken<\/strong>: Bei der <a href=\"https:\/\/algorithmwatch.org\/en\/dsa-explained\/\" target=\"_blank\" rel=\"noopener\"><strong>DSA<\/strong><\/a> hei\u00dft es ausdr\u00fccklich, dass sie u. a. dazu dienen soll, die Ausbreitung illegaler Inhalte und anderer Risiken zu begrenzen.<\/li>\n<li><strong>Medienpluralismus, Transparenz und faire Wettbewerbsbedingungen<\/strong>: Mit dem EMFA bem\u00fcht sich die EU um eine st\u00e4rkere Regulierung der Medienlandschaft, um Einflussnahme und Konzentration zu begrenzen.<\/li>\n<li><strong>Regeln f\u00fcr K\u00fcnstliche Intelligenz und Kennzeichnungspflichten<\/strong>: Der AI Act soll k\u00fcnftig daf\u00fcr sorgen, dass KI-Systeme und ihre Inhalte transparent sind &#8211; etwa bei Deepfakes oder automatisierten Entscheidungen.<\/li>\n<li><strong>Faire Bedingungen f\u00fcr Unternehmen<\/strong>: Neben dem Schutz der Nutzer will die EU auch Klarheit und gleiche <a href=\"https:\/\/digital-strategy.ec.europa.eu\/en\/policies\/digital-services-act-package\" target=\"_blank\" rel=\"noopener\"><strong>Spielregeln f\u00fcr Anbieter<\/strong><\/a> schaffen (z. B. Plattformen). Bei der DSA ist ein Ziel: \u201eeinheitliches Regelwerk und Wettbewerbsbedingungen f\u00fcr Unternehmen\u201c.<\/li>\n<\/ul>\n<h3>Wo stehen wir heute?<\/h3>\n<p>Der Stand der Dinge l\u00e4sst sich wie folgt zusammenfassen:<\/p>\n<ul>\n<li><strong>Bei der DSA<\/strong>: Das Regelwerk wurde bereits <a href=\"https:\/\/eur-lex.europa.eu\/EN\/legal-content\/summary\/digital-services-act.html\" target=\"_blank\" rel=\"noopener\"><strong>verabschiedet<\/strong><\/a>, es gilt in Teilen seit 2022. Anbieter mit sehr vielen Nutzern (\u201eVery Large Online Platforms\u201c) unterliegen seit 2023\/24 besonders strengen Regeln.<\/li>\n<li><strong>Beim CSAR (\u201eChatcontrol\u201c)<\/strong>: Der Vorschlag wurde von der EU-Kommission im Jahr 2022 vorgelegt. Jedoch: Viele Mitgliedstaaten sowie Datenschutz- und Freiheitsrechtsorganisationen \u00fcben <a href=\"https:\/\/europeannewsroom.com\/privacy-vs-child-protection-eus-chat-control-plans-split-member-states\/\" target=\"_blank\" rel=\"noopener\"><strong>starke Kritik<\/strong><\/a>. Es ist also noch nicht abgeschlossen.<\/li>\n<li><strong>Beim EMFA und AI Act<\/strong>: Der EMFA wurde formell beschlossen und soll ab bestimmten Zeitpunkten gelten. Der AI Act ist in Kraft, aber viele Pflichten greifen gestaffelt.<\/li>\n<\/ul>\n<p>Wichtig: Auch wenn Gesetze beschlossen wurden, bedeutet das nicht, dass alle Vorgaben sofort gelten &#8211; oft gibt es \u00dcbergangsfristen, Ausnahmen oder technische Umsetzungen, die noch offen sind. In diesem ersten Teil haben wir somit herausgearbeitet, welche Regelwerke im Spiel sind, was die EU damit bezweckt und wo wir aktuell stehen. Im n\u00e4chsten Kapitel werden wir gezielt auf die einzelnen gro\u00dfen Gesetze eingehen &#8211; in einfachen Worten, damit klar wird: \u201eWas ist das genau?\u201c<\/p>\n<hr \/>\n<h3>Aktuelle Umfrage zur geplanten digitalen EU-ID<\/h3>\n<div class='bootstrap-yop yop-poll-mc'>\n\t\t\t\t\t\t\t<div class=\"basic-yop-poll-container\" style=\"background-color:#ffffff; border:0px; border-style:solid; border-color:#000000; border-radius:5px; padding:0px 5px;\" data-id=\"4\" data-temp=\"basic-pretty\" data-skin=\"square\" data-cscheme=\"blue\" data-cap=\"0\" data-access=\"guest\" data-tid=\"\" data-uid=\"a142303810a6867657ee1d783ded6b9d\" data-pid=\"4691\" data-resdet=\"votes-number,percentages\" data-show-results-to=\"guest\" data-show-results-moment=\"after-vote\" data-show-results-only=\"false\" data-show-message=\"true\" data-show-results-as=\"bar\" data-sort-results-by=\"as-defined\" data-sort-results-rule=\"asc\"data-is-ended=\"0\" data-percentages-decimals=\"2\" data-gdpr=\"no\" data-gdpr-sol=\"consent\" data-css=\"\" data-counter=\"0\" data-load-with=\"1\" data-notification-section=\"top\"><div class=\"row\"><div class=\"col-md-12\"><div class=\"basic-inner\"><div class=\"basic-message hide\" style=\"border-left: 10px solid #008000; padding: 0px 10px;\" data-error=\"#ff0000\" data-success=\"#008000\"><p class=\"basic-message-text\" style=\"color:#000000; font-size:14px; font-weight:normal;\"><\/p><\/div><div class=\"basic-overlay hide\"><div class=\"basic-vote-options\"><\/div><div class=\"basic-preloader\"><div class=\"basic-windows8\"><div class=\"basic-wBall basic-wBall_1\"><div class=\"basic-wInnerBall\"><\/div><\/div><div class=\"basic-wBall basic-wBall_2\"><div class=\"basic-wInnerBall\"><\/div><\/div><div class=\"basic-wBall basic-wBall_3\"><div class=\"basic-wInnerBall\"><\/div><\/div><div class=\"basic-wBall basic-wBall_4\"><div class=\"basic-wInnerBall\"><\/div><\/div><div class=\"basic-wBall basic-wBall_5\"><div class=\"basic-wInnerBall\"><\/div><\/div><\/div><\/div><\/div><form class=\"basic-form\"><input type=\"hidden\" name=\"_token\" value=\"046bdff4b9\" autocomplete=\"off\"><div class=\"basic-elements\"><div class=\"basic-element basic-question basic-question-text-vertical\" data-id=\"4\" data-uid=\"9ec2e3a9b525d0727dae9e434e3d24f1\" data-type=\"question\" data-question-type=\"text\" data-required=\"yes\" data-allow-multiple=\"no\" data-min=\"1\" data-max=\"1\" data-display=\"vertical\" data-colnum=\"\" data-display-others=\"no\" data-others-color=\"\" data-others=\"\" data-others-max-chars=\"0\"><div class=\"basic-question-title\"><h5 style=\"color:#000000; font-size:16px; font-weight:normal; text-align:left;\">W\u00fcrdest Du eine zentrale digitale Identit\u00e4t auf EU-Ebene akzeptieren?<\/h5><\/div><ul class=\"basic-answers\"><li class=\"basic-answer\" style=\"padding:0px 0px;\" data-id=\"14\" data-type=\"text\" data-vn=\"9\" data-color=\"#000000\" data-make-link=\"no\" data-link=\"\"><div class=\"basic-answer-content basic-text-vertical\"><label for=\"answer[14]\" class=\"basic-answer-label\"><input type=\"radio\" id=\"answer[14]\" name=\"answer[4]\" value=\"14\"><span class=\"basic-text\" style=\"color: #000000; font-size: 14px; font-weight: normal;\">Ja, wenn sie sicher und freiwillig ist<\/span><\/label><\/div><\/li><li class=\"basic-answer\" style=\"padding:0px 0px;\" data-id=\"15\" data-type=\"text\" data-vn=\"11\" data-color=\"#000000\" data-make-link=\"no\" data-link=\"\"><div class=\"basic-answer-content basic-text-vertical\"><label for=\"answer[15]\" class=\"basic-answer-label\"><input type=\"radio\" id=\"answer[15]\" name=\"answer[4]\" value=\"15\"><span class=\"basic-text\" style=\"color: #000000; font-size: 14px; font-weight: normal;\">Nur, wenn sie nicht mit anderen Daten verkn\u00fcpft wird<\/span><\/label><\/div><\/li><li class=\"basic-answer\" style=\"padding:0px 0px;\" data-id=\"16\" data-type=\"text\" data-vn=\"156\" data-color=\"#000000\" data-make-link=\"no\" data-link=\"\"><div class=\"basic-answer-content basic-text-vertical\"><label for=\"answer[16]\" class=\"basic-answer-label\"><input type=\"radio\" id=\"answer[16]\" name=\"answer[4]\" value=\"16\"><span class=\"basic-text\" style=\"color: #000000; font-size: 14px; font-weight: normal;\">Nein, das lehne ich grunds\u00e4tzlich ab<\/span><\/label><\/div><\/li><li class=\"basic-answer\" style=\"padding:0px 0px;\" data-id=\"59\" data-type=\"text\" data-vn=\"7\" data-color=\"#000000\" data-make-link=\"no\" data-link=\"\"><div class=\"basic-answer-content basic-text-vertical\"><label for=\"answer[59]\" class=\"basic-answer-label\"><input type=\"radio\" id=\"answer[59]\" name=\"answer[4]\" value=\"59\"><span class=\"basic-text\" style=\"color: #000000; font-size: 14px; font-weight: normal;\">Was ist eine &quot;zentrale digitale Identit\u00e4t&quot;?<\/span><\/label><\/div><\/li><\/ul><\/div><div class=\"clearfix\"><\/div><\/div><div class=\"basic-vote\"><a href=\"#\" class=\"button basic-vote-button\" role=\"button\" style=\"background:#027bb8; border:0px; border-style: solid; border-color:#000000; border-radius:5px; padding:10px 10px; color:#ffffff; font-size:14px; font-weight:normal;\">Abstimmen<\/a><\/div><\/form><\/div><\/div><\/div><\/div>\n\t\t\t\t\t\t<\/div>\n<hr \/>\n<h3>Chat\u202fControl \/ CSAR &#8211; \u00dcberwachung privater Kommunikation<\/h3>\n<p>Im Jahr 2022 legte die Regulation to Prevent and Combat Child Sexual Abuse (CSAR) der EU\u2011Kommission den Vorschlag vor, der von vielen als \u201e<a href=\"https:\/\/eur-lex.europa.eu\/legal-content\/EN\/TXT\/?uri=celex%3A52022PC0209\" target=\"_blank\" rel=\"noopener\"><strong>Chat\u202fControl<\/strong><\/a>\u201c bezeichnet wird. \u00a0Der Kern: Anbieter von Messenger\u2011Diensten, Chat\u2011Plattformen oder anderen digitalen Kommunikationsdiensten sollen verpflichtet werden, nach Inhalten sexuellen Missbrauchs von Kindern (CSAM) zu suchen, diese zu melden und zu l\u00f6schen.<\/p>\n<p>Die Idee dahinter ist nachvollziehbar: Missbrauchsmaterial im Netz ist ein schwerwiegendes Problem, und nationale Gesetze allein greifen nicht immer &#8211; die EU sieht hier einen<a href=\"https:\/\/home-affairs.ec.europa.eu\/policies\/internal-security\/protecting-children-sexual-abuse_en\" target=\"_blank\" rel=\"noopener\"><strong> einheitlichen Regelbedarf<\/strong><\/a>.<\/p>\n<p>Doch genau hier beginnt die Kontroverse: Denn der Vorschlag sieht in manchen Varianten vor, dass Kommunikation durchsucht wird, auch wenn sie Ende\u2011zu\u2011Ende verschl\u00fcsselt ist. Das hei\u00dft im Alltag: Ihre privaten Chats, Bilder oder Videos k\u00f6nnten technisch analysiert werden &#8211; bevor der Nachrichtendienst sie verschl\u00fcsselt oder weiterleitet. Kritiker sprechen von einer massenhaften \u00dcberwachung.<\/p>\n<p>Die Technik ist anspruchsvoll und risikoreich: Wie erkennt man wirklich sicher Missbrauchsmaterial, ohne Fehldiagnosen zu riskieren? Wie gew\u00e4hrleistet man Datenschutz und Verschl\u00fcsselung? Eine <a href=\"https:\/\/arxiv.org\/abs\/2205.14601\" target=\"_blank\" rel=\"noopener\"><strong>Studie<\/strong><\/a> zeigt, dass Fehlalarme (\u201efalse positives\u201c) insbesondere bei client\u2011side scanning hoch sein k\u00f6nnen.<\/p>\n<p>Kurz gesagt: Der Vorschlag verbindet legitimen Schutzauftrag mit erheblichen Grundrechtsrisiken. F\u00fcr den B\u00fcrger hei\u00dft das: Private Kommunikation k\u00f6nnte k\u00fcnftig st\u00e4rker kontrolliert werden &#8211; auch wenn Sie nichts mit Missbrauch zu tun haben. F\u00fcr den kleinen Betrieb bedeutet das: Wenn Sie Messenger\u2011Kan\u00e4le oder Kundenkommunikation betreiben, m\u00fcssten Sie sich darauf einstellen, dass neue gesetzliche Pflichten oder technische Pr\u00fcfungen anstehen k\u00f6nnten.<\/p>\n<div style=\"overflow-x: auto;\">\n<table style=\"border-collapse: collapse; width: 100%; font-family: Arial, sans-serif;\">\n<thead>\n<tr style=\"background: #f2f2f2;\">\n<th>Aspekt<\/th>\n<th>Beschreibung<\/th>\n<\/tr>\n<\/thead>\n<tbody>\n<tr>\n<td><strong>Name<\/strong><\/td>\n<td><strong>Regulation to Prevent and Combat Child Sexual Abuse (CSAR), umgangssprachlich \u201eChatcontrol\u201c<\/strong><\/td>\n<\/tr>\n<tr>\n<td><strong>Hauptziel laut EU<\/strong><\/td>\n<td>Online-Verbreitung von Darstellungen sexuellen Missbrauchs von Kindern (CSAM) verhindern, melden und l\u00f6schen; Aufbau eines EU-Zentrums f\u00fcr Meldungen.<\/td>\n<\/tr>\n<tr>\n<td><strong>Wen betrifft es prim\u00e4r?<\/strong><\/td>\n<td>Anbieter von Kommunikationsdiensten (Messenger, Chats, Hosting-Plattformen, Cloud-Dienste), teils auch Anbieter verschl\u00fcsselter Kommunikation.<\/td>\n<\/tr>\n<tr>\n<td><strong>Zentrale Instrumente<\/strong><\/td>\n<td>&#8211; (Teilweise) Scannen von Inhalten auf bekannte Missbrauchsmuster<br \/>\n&#8211; Meldepflichten an Beh\u00f6rden\/EU-Zentrum<br \/>\n&#8211; Verpflichtende oder \u201efreiwillige\u201c \u00dcberwachungsma\u00dfnahmen je nach Risikoeinstufung<\/td>\n<\/tr>\n<tr>\n<td><strong>Aktueller Stand<\/strong><\/td>\n<td>&#8211; Verordnungsvorschlag seit 2022 in Verhandlung<br \/>\n&#8211; Starker Widerstand mehrerer Mitgliedstaaten und B\u00fcrgerrechtsorganisationen<br \/>\n&#8211; Kompromisstexte mit \u201efreiwilligem\u201c Scannen in Diskussion<\/td>\n<\/tr>\n<tr>\n<td><strong>Argumente der Bef\u00fcrworter<\/strong><\/td>\n<td>&#8211; Ohne einheitliche EU-Regeln k\u00f6nne CSAM nicht wirksam bek\u00e4mpft werden<br \/>\n&#8211; Anbieter m\u00fcssen Verantwortung \u00fcbernehmen<br \/>\n&#8211; Technische Mittel seien notwendig, um T\u00e4ter aufzusp\u00fcren<\/td>\n<\/tr>\n<tr>\n<td><strong>Argumente der Kritiker<\/strong><\/td>\n<td>&#8211; Gefahr fl\u00e4chendeckender \u00dcberwachung aller B\u00fcrger<br \/>\n&#8211; Schw\u00e4chung von Ende-zu-Ende-Verschl\u00fcsselung (\u201eClient-Side-Scanning\u201c)<br \/>\n&#8211; Hohe Zahl m\u00f6glicher Fehlalarme und falscher Verd\u00e4chtigungen<br \/>\n&#8211; Schaffung einer dauerhaften \u00dcberwachungsinfrastruktur, die politisch erweiterbar ist<\/td>\n<\/tr>\n<tr>\n<td><strong>Konsequenzen f\u00fcr B\u00fcrger<\/strong><\/td>\n<td>&#8211; Private Kommunikation k\u00f6nnte (teil-)automatisiert gepr\u00fcft werden<br \/>\n&#8211; Verunsicherung bei sensiblen Inhalten (Fotos, Dokumente, Chats)<br \/>\n&#8211; Risiko falscher Verd\u00e4chtigungen und Datenspeicherung<\/td>\n<\/tr>\n<tr>\n<td><strong>Konsequenzen f\u00fcr KMU<\/strong><\/td>\n<td>&#8211; Kundenkommunikation \u00fcber gescannte Dienste ist nicht mehr vollst\u00e4ndig privat<br \/>\n&#8211; M\u00f6gliche Konflikte mit Datenschutz und Gesch\u00e4ftsgeheimnissen<br \/>\n&#8211; Anpassungsbedarf bei Auswahl und Nutzung von Kommunikationskan\u00e4len<\/td>\n<\/tr>\n<\/tbody>\n<\/table>\n<\/div>\n<h3>Digital Services Act (DSA) &#8211; Regeln f\u00fcr Plattformen und ihre L\u00f6schpflichten<\/h3>\n<p>Mit dem <a href=\"https:\/\/digital-strategy.ec.europa.eu\/en\/policies\/digital-services-act-package\" target=\"_blank\" rel=\"noopener\"><strong>Digital Services Act (DSA)<\/strong><\/a> hat die EU ein umfassendes Regelwerk geschaffen, das bereits 2022 verabschiedet wurde. Es richtet sich vor allem an digitale Dienste &#8211; Hosting\u2011Anbieter, Plattformen, Suchmaschinen -, mit dem Ziel, das Internet sicherer, transparenter und fairer zu machen. Zu den wichtigsten Pflichten z\u00e4hlen:<\/p>\n<ul>\n<li>Anbieter m\u00fcssen <strong>Melde\u2011 und Abhilfesysteme<\/strong> einrichten, mit denen Nutzer illegale Inhalte (z.\u202fB. Hassrede, Terrorpropaganda, Betrug) melden k\u00f6nnen.<\/li>\n<li>Plattformen m\u00fcssen darauf reagieren, also <strong>Inhalte l\u00f6schen oder den Zugang sperren<\/strong>, wenn sie Kenntnis von illegalen Inhalten erlangen.<\/li>\n<li><strong>F\u00fcr \u201esehr gro\u00dfe\u201c Plattformen<\/strong> (z.\u202fB. \u00fcber 45\u202fMio. EU\u2011Nutzer) gelten entweder st\u00e4rkere Anforderungen: Risikoanalysen, Auditierung der Empfehlungsalgorithmen, Offenlegung von Moderationspraktiken.<\/li>\n<li><strong>Transparenzpflichten<\/strong>: Nutzer sollen besser verstehen, warum Inhalte gel\u00f6scht oder gesperrt wurden; Plattformen m\u00fcssen dar\u00fcber berichten.<\/li>\n<\/ul>\n<p>F\u00fcr den Alltag eines Menschen hei\u00dft das: Wenn Sie Beitr\u00e4ge auf Plattformen posten &#8211; etwa auf sozialen Netzwerken oder Foren &#8211; gilt k\u00fcnftig, dass Plattformen strenger entscheiden m\u00fcssen. Im Zweifel k\u00f6nnten Inhalte schneller entfernt werden.<\/p>\n<p>F\u00fcr ein kleines Unternehmen hei\u00dft das: Wenn Ihre Webseite, Ihr Forum oder Ihre Plattform interaktive Nutzerbeitr\u00e4ge hat, m\u00fcssen Sie die Nutzungsbedingungen, Meldeverfahren und L\u00f6schprozesse genau pr\u00fcfen. Auch wenn Sie nicht zu den ganz gro\u00dfen Plattformen geh\u00f6ren, kann indirekter Druck entstehen, vor allem durch Vorgaben, wie Nutzer vor sch\u00e4dlichen Inhalten gesch\u00fctzt werden sollen.<\/p>\n<div style=\"overflow-x: auto;\">\n<table style=\"border-collapse: collapse; width: 100%; font-family: Arial, sans-serif;\">\n<thead>\n<tr style=\"background: #f2f2f2;\">\n<th>Aspekt<\/th>\n<th>Beschreibung<\/th>\n<\/tr>\n<\/thead>\n<tbody>\n<tr>\n<td><strong>Name<\/strong><\/td>\n<td><strong>Digital Services Act (DSA) &#8211; Verordnung (EU) 2022\/2065<\/strong><\/td>\n<\/tr>\n<tr>\n<td><strong>Hauptziel laut EU<\/strong><\/td>\n<td>&#8211; Sicherer digitaler Raum f\u00fcr Nutzer<br \/>\n&#8211; Schutz der Grundrechte online<br \/>\n&#8211; Einheitliches Regelwerk f\u00fcr digitale Dienste in der EU<\/td>\n<\/tr>\n<tr>\n<td><strong>Wen betrifft es prim\u00e4r?<\/strong><\/td>\n<td>&#8211; Vermittlungsdienste (Access, Caching, Hosting)<br \/>\n&#8211; Online-Plattformen und Marktpl\u00e4tze<br \/>\n&#8211; \u201eVery Large Online Platforms\u201c (VLOPs) und Suchmaschinen ab 45 Mio. EU-Nutzern<\/td>\n<\/tr>\n<tr>\n<td><strong>Zentrale Pflichten<\/strong><\/td>\n<td>&#8211; Meldewege f\u00fcr illegale Inhalte<br \/>\n&#8211; Pflicht zur schnellen Entfernung nach Kenntnis<br \/>\n&#8211; Transparenzberichte \u00fcber Moderation<br \/>\n&#8211; Risikoanalysen und Audits f\u00fcr sehr gro\u00dfe Plattformen<br \/>\n&#8211; Kooperation mit \u201etrusted flaggers\u201c<\/td>\n<\/tr>\n<tr>\n<td><strong>Aktueller Stand<\/strong><\/td>\n<td>&#8211; In Kraft, f\u00fcr gro\u00dfe Plattformen bereits voll wirksam<br \/>\n&#8211; Kommission f\u00fchrt Verfahren gegen einzelne Anbieter (z. B. wegen mangelhafter Moderation)<\/td>\n<\/tr>\n<tr>\n<td><strong>Argumente der Bef\u00fcrworter<\/strong><\/td>\n<td>&#8211; Plattformen \u00fcbernehmen Verantwortung f\u00fcr Risiken ihrer Dienste<br \/>\n&#8211; Mehr Transparenz \u00fcber L\u00f6sch- und Empfehlungspraktiken<br \/>\n&#8211; Besserer Schutz vor Hass, Betrug, Desinformation und illegalen Angeboten<\/td>\n<\/tr>\n<tr>\n<td><strong>Argumente der Kritiker<\/strong><\/td>\n<td>&#8211; Gefahr des \u201eOverblocking\u201c (zu viel wird gel\u00f6scht, um Strafen zu vermeiden)<br \/>\n&#8211; De facto-Privatisierung der Zensur: Plattformen entscheiden, was sichtbar bleibt<br \/>\n&#8211; Dehnbare Begriffe wie \u201eSystemrisiken\u201c; politisch sensibler Inhalt kann ausged\u00fcnnt werden<\/td>\n<\/tr>\n<tr>\n<td><strong>Konsequenzen f\u00fcr B\u00fcrger<\/strong><\/td>\n<td>&#8211; Beitr\u00e4ge k\u00f6nnen schneller gesperrt oder unsichtbar werden<br \/>\n&#8211; Mehr formale Wege, Entscheidungen anzufechten &#8211; aber hoher Aufwand<br \/>\n&#8211; Filterblasen werden nicht unbedingt kleiner, der Eingriff erfolgt eher \u201evon oben\u201c<\/td>\n<\/tr>\n<tr>\n<td><strong>Konsequenzen f\u00fcr KMU<\/strong><\/td>\n<td>&#8211; Marketing und Sichtbarkeit h\u00e4ngen noch st\u00e4rker vom Plattform-Algorithmus ab<br \/>\n&#8211; Inhalte zu sensiblen Themen (Gesundheit, Politik, Gesellschaft) sind eher l\u00f6schgef\u00e4hrdet<br \/>\n&#8211; Eigene Kommentarbereiche erfordern mehr Moderationsaufwand und klare Regeln<\/td>\n<\/tr>\n<\/tbody>\n<\/table>\n<\/div>\n<h3>European Media Freedom Act (EMFA) &#8211; das neue Mediengesetz<\/h3>\n<p>Das <a href=\"https:\/\/commission.europa.eu\/strategy-and-policy\/priorities-2019-2024\/new-push-european-democracy\/protecting-democracy\/european-media-freedom-act_en\" target=\"_blank\" rel=\"noopener\"><strong>European Media Freedom Act (EMFA)<\/strong><\/a> trat bereits am 7.\u202fMai\u202f2024 formell in Kraft und gilt vollst\u00e4ndig ab dem 8.\u202fAugust\u202f2025. Sein Anliegen: Die EU m\u00f6chte die Unabh\u00e4ngigkeit und Vielfalt der Medien sichern &#8211; also Verlagsh\u00e4user, Rundfunkanstalten, Online\u2011Medien -, und zugleich neue Regeln schaffen f\u00fcr die Zusammenarbeit zwischen Medien und Plattformen. Wichtige Inhalte:<\/p>\n<ul>\n<li>Schutz der redaktionellen Unabh\u00e4ngigkeit und der journalistischen Quellen.<\/li>\n<li>Transparenz \u00fcber Medieneigent\u00fcmer\u2011Strukturen, damit klar wird, wer hinter einem Medium steht.<\/li>\n<li>Regulierung von staatlicher Werbung und wie Regierungen Medien \u00fcber Anzeigen beeinflussen k\u00f6nnen.<\/li>\n<\/ul>\n<p>Ein besonderes Merkmal: Medien\u2011Dienstleister sollen gegen\u00fcber Plattformen gesch\u00fctzt sein, etwa damit ihre Inhalte nicht einfach von gro\u00dfen Plattformen beliebig unterdr\u00fcckt werden.<\/p>\n<p>F\u00fcr den Nutzer hei\u00dft das: Theoretisch k\u00f6nnte eine st\u00e4rkere Vielfalt an Meinungen und Medienquellen entstehen, mit klarer Kennzeichnung und besseren Bedingungen f\u00fcr Qualit\u00e4tsmedien. Allerdings entsteht auch eine neue Pr\u00fcfungsebene &#8211; Plattformen m\u00fcssen k\u00fcnftig bei \u00abanerkannten Medien\u00bb besondere Sorgfalt walten lassen.<\/p>\n<p>F\u00fcr ein kleines Unternehmen, das Inhalte ver\u00f6ffentlicht (z.\u202fB. Blog, Newsletter oder Online\u2011Magazin), hei\u00dft das: Sie geraten in eine ver\u00e4nderte Ordnung, in der Ihre Inhalte anders bewertet werden k\u00f6nnen &#8211; je nachdem, ob Sie als \u201eMedium\u201c gelten oder nicht, und wie Plattformen mit solchen Inhalten umgehen.<\/p>\n<div style=\"overflow-x: auto;\">\n<table style=\"border-collapse: collapse; width: 100%; font-family: Arial, sans-serif;\">\n<thead>\n<tr style=\"background: #f2f2f2;\">\n<th>Aspekt<\/th>\n<th>Beschreibung<\/th>\n<\/tr>\n<\/thead>\n<tbody>\n<tr>\n<td><strong>Name<\/strong><\/td>\n<td><strong>European Media Freedom Act (EMFA) &#8211; Europ\u00e4isches Medienfreiheitsgesetz<\/strong><\/td>\n<\/tr>\n<tr>\n<td><strong>Hauptziel laut EU<\/strong><\/td>\n<td>&#8211; Schutz von Medienpluralismus und redaktioneller Unabh\u00e4ngigkeit<br \/>\n&#8211; Begrenzung politischer Einflussnahme auf Medien<br \/>\n&#8211; Transparenz \u00fcber Eigent\u00fcmerstrukturen und staatliche Werbegelder<\/td>\n<\/tr>\n<tr>\n<td><strong>Wen betrifft es prim\u00e4r?<\/strong><\/td>\n<td>&#8211; Medienunternehmen (Print, Rundfunk, Online)<br \/>\n&#8211; \u00d6ffentlich-rechtliche Anstalten<br \/>\n&#8211; Plattformen im Umgang mit Medieninhalten<\/td>\n<\/tr>\n<tr>\n<td><strong>Zentrale Instrumente<\/strong><\/td>\n<td>&#8211; Europ\u00e4isches Gremium f\u00fcr Mediendienste (Kooperation nationaler Regulierer)<br \/>\n&#8211; Regeln f\u00fcr staatliche Werbung und F\u00f6rderung<br \/>\n&#8211; Besondere Behandlung \u201eanerkannter Medien\u201c durch Plattformen (z. B. privilegierter Umgang bei Moderation)<\/td>\n<\/tr>\n<tr>\n<td><strong>Aktueller Stand<\/strong><\/td>\n<td>&#8211; Verabschiedet, Inkrafttreten 2024<br \/>\n&#8211; Geltung der wesentlichen Bestimmungen ab 2025<\/td>\n<\/tr>\n<tr>\n<td><strong>Argumente der Bef\u00fcrworter<\/strong><\/td>\n<td>&#8211; Besserer Schutz seri\u00f6ser Medien vor politischem Druck<br \/>\n&#8211; Transparenz gegen verdeckte Einflussnahme und Medienkonzentration<br \/>\n&#8211; Schutz redaktioneller Entscheidungen vor Eingriffen von Eigent\u00fcmern oder Staaten<\/td>\n<\/tr>\n<tr>\n<td><strong>Argumente der Kritiker<\/strong><\/td>\n<td>&#8211; Gefahr eines \u201eMedienprivilegs\u201c f\u00fcr staatstreue oder etablierte Anbieter<br \/>\n&#8211; Plattformen geraten in Konflikt zwischen DSA-L\u00f6schpflichten und EMFA-Privilegien<br \/>\n&#8211; Kleinere oder alternative Medien ohne formalen Status k\u00f6nnten benachteiligt werden<\/td>\n<\/tr>\n<tr>\n<td><strong>Konsequenzen f\u00fcr B\u00fcrger<\/strong><\/td>\n<td>&#8211; Sichtbare Inhalte k\u00f6nnten st\u00e4rker von \u201eanerkannten Medien\u201c gepr\u00e4gt sein<br \/>\n&#8211; Abgrenzung zwischen etablierten Medien und unabh\u00e4ngigen Angeboten wird sch\u00e4rfer<br \/>\n&#8211; Kritischere oder neue Stimmen haben es m\u00f6glicherweise schwerer, Reichweite aufzubauen<\/td>\n<\/tr>\n<tr>\n<td><strong>Konsequenzen f\u00fcr KMU<\/strong><\/td>\n<td>&#8211; Eigene Inhalte (Blogs, Magazine, Newsletter) konkurrieren mit privilegierten Medienumfeldern<br \/>\n&#8211; Kooperationen mit Medien (Werbung, Sponsored Content) werden st\u00e4rker reguliert<br \/>\n&#8211; Unternehmen, die selbst als Medium auftreten wollen, m\u00fcssen zus\u00e4tzliche Anforderungen beachten<\/td>\n<\/tr>\n<\/tbody>\n<\/table>\n<\/div>\n<h3>AI Act &#8211; Regeln f\u00fcr K\u00fcnstliche Intelligenz, Deepfakes &amp; Co.<\/h3>\n<p>Mit dem <a href=\"https:\/\/digital-strategy.ec.europa.eu\/en\/policies\/regulatory-framework-ai\" target=\"_blank\" rel=\"noopener\"><strong>Artificial Intelligence Act (AI\u202fAct)<\/strong><\/a> hat die EU eines der weltweit ersten umfassenden Gesetzeswerke zur KI\u2011Regulierung geschaffen. Es ist technologieneutral konzipiert, also nicht nur f\u00fcr heute bekannte KI\u2011Systeme, sondern auch f\u00fcr kommende Entwicklungen. Kernmerkmal ist ein risikobasierter Ansatz: Je h\u00f6her das Risiko f\u00fcr Grundrechte oder Sicherheit, desto strengere Pflichten. Beispiele:<\/p>\n<ul>\n<li><strong>KI\u2011Systeme mit inakzeptablem Risiko<\/strong> (z.\u202fB. soziale Bewertungssysteme) k\u00f6nnen verboten werden.<\/li>\n<li><strong>Hochrisiko\u2011KI<\/strong> (z.\u202fB. Bewerbungs\u2011 oder Bio\u2011Metrie\u2011Systeme) unterliegen strengen Vorgaben.<\/li>\n<li>Andere KI\u2011Systeme m\u00fcssen <strong>gekennzeichnet<\/strong> werden, etwa wenn Inhalte automatisiert erzeugt wurden (z.\u202fB. Deepfakes).<\/li>\n<\/ul>\n<p>F\u00fcr B\u00fcrger bedeutet das: Wenn Sie k\u00fcnftig auf Inhalte treffen, etwa ein Video oder Text, der automatisch erstellt wurde, kann es sein, dass solche Inhalte als \u201eKI\u2011generiert\u201c gekennzeichnet sind &#8211; damit Sie erkennen, wer oder was dahinter steckt. F\u00fcr Unternehmen hei\u00dft das: Wenn Sie KI\u2011Werkzeuge einsetzen &#8211; z.\u202fB. im Marketing, f\u00fcr Dokumenten\u2011Produktion, Kundenservice &#8211; m\u00fcssen Sie pr\u00fcfen, ob Ihre Anwendung unter eine Risikokategorie f\u00e4llt, ob Kennzeichnungspflichten gelten oder Auflagen erf\u00fcllt werden m\u00fcssen.<\/p>\n<div style=\"overflow-x: auto;\">\n<table style=\"border-collapse: collapse; width: 100%; font-family: Arial, sans-serif;\">\n<thead>\n<tr style=\"background: #f2f2f2;\">\n<th>Aspekt<\/th>\n<th>Beschreibung<\/th>\n<\/tr>\n<\/thead>\n<tbody>\n<tr>\n<td><strong>Name<\/strong><\/td>\n<td><strong>Artificial Intelligence Act (AI Act) &#8211; EU-Verordnung zur Regulierung von KI<\/strong><\/td>\n<\/tr>\n<tr>\n<td><strong>Hauptziel laut EU<\/strong><\/td>\n<td>&#8211; Sicherstellen, dass KI-Systeme sicher und vertrauensw\u00fcrdig sind<br \/>\n&#8211; Schutz von Grundrechten und Verbrauchern<br \/>\n&#8211; F\u00f6rderung von Innovation unter klaren Spielregeln<\/td>\n<\/tr>\n<tr>\n<td><strong>Wen betrifft es prim\u00e4r?<\/strong><\/td>\n<td>&#8211; Anbieter und Betreiber von KI-Systemen (vom Start-up bis zum Gro\u00dfkonzern)<br \/>\n&#8211; Anwender, die KI in Produkten oder Dienstleistungen integrieren<br \/>\n&#8211; Speziell: Hersteller von \u201eHochrisiko-KI\u201c<\/td>\n<\/tr>\n<tr>\n<td><strong>Risikokategorien<\/strong><\/td>\n<td>&#8211; Verbotene KI (z. B. bestimmte Formen sozialer Bewertung)<br \/>\n&#8211; Hochrisiko-KI (z. B. biometrische Systeme, bestimmte Entscheidungsunterst\u00fctzung)<br \/>\n&#8211; KI mit Transparenzpflichten (z. B. Chatbots, Deepfakes)<br \/>\n&#8211; Minimalrisiko-KI (z. B. einfache Tools ohne tiefen Eingriff in Rechte)<\/td>\n<\/tr>\n<tr>\n<td><strong>Zentrale Pflichten<\/strong><\/td>\n<td>&#8211; Risikobewertung und Dokumentation<br \/>\n&#8211; Kennzeichnung KI-generierter Inhalte in bestimmten F\u00e4llen<br \/>\n&#8211; Qualit\u00e4ts- und Datenanforderungen f\u00fcr Hochrisiko-KI<br \/>\n&#8211; Transparenz gegen\u00fcber Nutzern (z. B. \u201eSie sprechen mit einer KI\u201c)<\/td>\n<\/tr>\n<tr>\n<td><strong>Aktueller Stand<\/strong><\/td>\n<td>&#8211; Verabschiedet, tritt stufenweise in Kraft<br \/>\n&#8211; Einzelne Pflichten gelten bereits, weitere folgen in \u00dcbergangsfristen<\/td>\n<\/tr>\n<tr>\n<td><strong>Argumente der Bef\u00fcrworter<\/strong><\/td>\n<td>&#8211; Schutz vor intransparenten, unfairen oder gef\u00e4hrlichen KI-Systemen<br \/>\n&#8211; Vertrauensaufbau: Nutzer wissen, wann KI im Spiel ist<br \/>\n&#8211; Mindeststandards f\u00fcr Qualit\u00e4t und Datensicherheit<\/td>\n<\/tr>\n<tr>\n<td><strong>Argumente der Kritiker<\/strong><\/td>\n<td>&#8211; Komplexit\u00e4t und B\u00fcrokratie besonders f\u00fcr kleine Anbieter<br \/>\n&#8211; Unsicherheit, ob eine Anwendung \u201eHochrisiko\u201c ist oder nicht<br \/>\n&#8211; Gefahr, dass sich Innovation und KI-Entwicklung in weniger regulierte Regionen verlagern<br \/>\n&#8211; Hemmschwelle f\u00fcr KMU, KI \u00fcberhaupt einzusetzen<\/td>\n<\/tr>\n<tr>\n<td><strong>Konsequenzen f\u00fcr B\u00fcrger<\/strong><\/td>\n<td>&#8211; Mehr Kennzeichnung von KI-Inhalten (Texte, Bilder, Videos)<br \/>\n&#8211; Besserer Schutz bei automatisierten Entscheidungen, aber auch mehr Formalit\u00e4t<br \/>\n&#8211; Bewussterer Umgang mit \u201emaschinell erzeugter\u201c Information<\/td>\n<\/tr>\n<tr>\n<td><strong>Konsequenzen f\u00fcr KMU<\/strong><\/td>\n<td>&#8211; Notwendigkeit, KI-Einsatz (intern und extern) zu dokumentieren<br \/>\n&#8211; M\u00f6gliche Kennzeichnungspflichten im Marketing oder Kundenkontakt<br \/>\n&#8211; Ggf. Beratungsbedarf, um Risiken und Pflichten korrekt einzuordnen<br \/>\n&#8211; Wer gut vorbereitet ist, kann KI dennoch als Wettbewerbsvorteil nutzen<\/td>\n<\/tr>\n<\/tbody>\n<\/table>\n<\/div>\n<h2>Eine Zeitleiste der wichtigsten Schritte<\/h2>\n<h3>2022-2023: Die Phase der gro\u00dfen Vorschl\u00e4ge<\/h3>\n<p>In dieser Phase wurden mehrere zentrale Vorschl\u00e4ge der Digital Services Act (DSA), der Regulation to Prevent and Combat Child Sexual Abuse (CSAR, auch \u201eChat Control\u201c genannt) und der European Media Freedom Act (EMFA) offiziell eingebracht.<\/p>\n<ul>\n<li>Im <strong>Mai 2022<\/strong> legte die EU-Kommission den CSAR-Vorschlag vor, um Online-Darstellungen sexuellen Missbrauchs von Kindern zu bek\u00e4mpfen.<\/li>\n<li>Am <strong>23. April 2022<\/strong> wurde eine politische Einigung zwischen Parlament und Rat \u00fcber die DSA-Initiative erzielt.<\/li>\n<li>Im <strong>Juni\/Dezember 2023<\/strong> wurden Verhandlungen und \u00dcbereink\u00fcnfte zum EMFA-Entwurf getroffen.<br \/>\nEurop\u00e4ischer Rat<\/li>\n<\/ul>\n<p>In dieser Phase wurde also die Spielwiese abgesteckt: die EU entschied, dass umfassendere digitale Regeln n\u00f6tig sind.<\/p>\n<h3>2024: Die ersten Gesetze treten in Kraft<\/h3>\n<p>Im Jahr 2024 begann die Umsetzungsphase: Einige Regelungen wurden verabschiedet, andere bereiten ihre Anwendung vor.<\/p>\n<ul>\n<li>Die <strong>DSA<\/strong> trat formal in Kraft (Regulierung (EU) 2022\/2065), und viele Dienste mussten sich auf Compliance vorbereiten.<\/li>\n<li>Der <strong>EMFA<\/strong> wurde formell angenommen (z. B. 26 M\u00e4rz 2024 durch den Rat) und die Umsetzungsvorgaben wurden gesetzt.<\/li>\n<li>Beim <strong>CSAR<\/strong> hingegen bleibt die Lage unsicher: Die Zeit bis zu einem endg\u00fcltigen Beschluss wurde mehrfach verl\u00e4ngert. Beispielsweise wurde die Interim-Ma\u00dfnahme bis 3. April 2026 verl\u00e4ngert.<\/li>\n<\/ul>\n<p>Diese Phase war gepr\u00e4gt von \u00dcbergangsfristen, Vorbereitungen und politischen Auseinandersetzungen &#8211; die Uhr tickt, aber noch nicht alles ist aktiv.<\/p>\n<h3>2025: Die entscheidende Phase<\/h3>\n<p>Im Jahr 2025 stehen wichtige Weichenstellungen an.<\/p>\n<ul>\n<li>Die <strong>DSA-Pflichten<\/strong> f\u00fcr sehr gro\u00dfe Plattformen (\u201eVLOPs\u201c) greifen zunehmend; Fristen laufen ab.<\/li>\n<li>Der <strong>EMFA<\/strong> kommt voll zur Anwendung &#8211; viele Bestimmungen sollen ab einem Stichtag gelten.<\/li>\n<li>Beim <strong>CSAR<\/strong> zeichnet sich eine Entscheidung ab: Einige Mitgliedsstaaten k\u00fcndigten Widerstand an, Abstimmungen wurden verschoben oder blockiert.<\/li>\n<\/ul>\n<p>F\u00fcr B\u00fcrger und Unternehmen wird es sp\u00fcrbarer: Nicht mehr nur \u201eGesetzesentwurf\u201c, sondern \u201eRegelung, auf die man sich einstellen muss\u201c.<\/p>\n<h3>2026 und sp\u00e4ter: Was absehbar kommen wird<\/h3>\n<p>Auch \u00fcber 2025 hinaus gilt: Die weiteren Schritte sind relevant. F\u00fcr die DSA werden ggf. noch zus\u00e4tzliche technische Standards gelten: die EU-Kommission beobachtet Umsetzung und Wirkung.\u00a0Beim CSAR kann eine endg\u00fcltige Verordnung folgen &#8211; oder der Vorschlag wird erheblich ver\u00e4ndert oder verschoben. Beim EMFA werden weitere Spezialbestimmungen gelten, etwa zur Medien-Plattform-Zusammenarbeit, Schnittstellen oder Werbung.<\/p>\n<p>Generell gilt: Je komplexer die digitale Infrastruktur wird (KI, Plattformen, Kommunikation), desto mehr Regelungsbedarf wird erwartet. F\u00fcr den Leser hei\u00dft das: Das Thema ist nicht abgeschlossen &#8211; es wird Teil unseres digitalen Alltags. Vorbereitung und Aufmerksamkeit sind daher sinnvoll.<\/p>\n<div class=\"lyte-wrapper\" style=\"width:640px;max-width:100%;margin:5px;\"><div class=\"lyMe\" id=\"WYL_er3Dz9ys1iw\"><div id=\"lyte_er3Dz9ys1iw\" data-src=\"https:\/\/www.markus-schall.de\/wp-content\/plugins\/wp-youtube-lyte\/lyteCache.php?origThumbUrl=%2F%2Fi.ytimg.com%2Fvi%2Fer3Dz9ys1iw%2Fhqdefault.jpg\" class=\"pL\"><div class=\"tC\"><div class=\"tT\"><\/div><\/div><div class=\"play\"><\/div><div class=\"ctrl\"><div class=\"Lctrl\"><\/div><div class=\"Rctrl\"><\/div><\/div><\/div><noscript><a href=\"https:\/\/youtu.be\/er3Dz9ys1iw\" rel=\"nofollow noopener\" target=\"_blank\"><img loading=\"lazy\" decoding=\"async\" src=\"https:\/\/www.markus-schall.de\/wp-content\/plugins\/wp-youtube-lyte\/lyteCache.php?origThumbUrl=https%3A%2F%2Fi.ytimg.com%2Fvi%2Fer3Dz9ys1iw%2F0.jpg\" alt=\"YouTube video thumbnail\" width=\"640\" height=\"340\" \/><br \/>Lire cette vid\u00e9o sur YouTube<\/a><\/noscript><\/div><\/div><div class=\"lL\" style=\"max-width:100%;width:640px;margin:5px;\"><\/div><br \/>\nMEINUNGSFREIHEIT IN GEFAHR: EU Digital Services Act | <a href=\"https:\/\/www.youtube.com\/@WELTVideoTV\" target=\"_blank\" rel=\"noopener\">WELT Nachrichtensender<\/a><\/p>\n<h2>Was bedeutet das f\u00fcr kleine und mittelst\u00e4ndische Unternehmen?<\/h2>\n<p>F\u00fcr Konzerne wie Meta, Google oder Microsoft gibt es eigene Rechtsabteilungen, Datenschutz-Teams und Compliance-Beauftragte. Kleine und mittelst\u00e4ndische Unternehmen (KMU) haben das in der Regel nicht. Trotzdem betreffen die neuen EU-Regelwerke auch sie &#8211; manchmal direkt, oft indirekt \u00fcber die genutzten Plattformen, Tools und Kommunikationswege.<\/p>\n<p>Im Folgenden geht es darum, was diese Entwicklungen konkret f\u00fcr kleinere Betriebe bedeuten k\u00f6nnen: vom Ein-Mann-Unternehmen bis zum Mittelst\u00e4ndler mit 50 oder 200 Mitarbeitenden.<\/p>\n<h3>Mehr Regeln im Hintergrund &#8211; auch wenn man sie nicht sofort sieht<\/h3>\n<p>Viele der neuen Regeln &#8211; etwa im Digital Services Act (DSA) oder im AI Act &#8211; richten sich offiziell vor allem an \u201esehr gro\u00dfe\u201c Plattformen oder an bestimmte KI-Anbieter. Trotzdem schlagen die Folgen auf kleinere Unternehmen durch:<\/p>\n<ul>\n<li>\u00fcber die Plattformen, auf denen sie werben oder Inhalte ver\u00f6ffentlichen,<\/li>\n<li>\u00fcber Tools, die sie nutzen (z. B. KI-Systeme, Newsletter-Software, Chat-Systeme),<\/li>\n<li>und \u00fcber kommunikative Pflichten, die sich allm\u00e4hlich auch f\u00fcr kleinere Anbieter ergeben.<\/li>\n<\/ul>\n<p>Beispiel: Der DSA verpflichtet Online-Plattformen dazu, illegale Inhalte effizient zu entfernen und Transparenz herzustellen. F\u00fcr kleine Firmen, die Kunden \u00fcber Facebook, Instagram, YouTube oder Plattform-Marktpl\u00e4tze erreichen, bedeutet das, dass Inhalte schneller als fr\u00fcher gel\u00f6scht oder eingeschr\u00e4nkt werden k\u00f6nnen &#8211; auch wenn sie selbst sich an Recht und Gesetz halten.<\/p>\n<h3>Konkrete Auswirkungen im Alltag eines KMU<\/h3>\n<p><strong>1. Kommentarspalten, Foren und Kundenbewertungen<\/strong><\/p>\n<p>Viele Unternehmen nutzen heute:<\/p>\n<ul>\n<li>Blog-Artikel mit Kommentarbereich<\/li>\n<li>Foren oder Support-Communities<\/li>\n<li>Bewertungsfunktionen oder G\u00e4steb\u00fccher<\/li>\n<li>Social-Media-Kan\u00e4le mit Kommentaren<\/li>\n<\/ul>\n<p>Mit den neuen Regeln steigt der Druck, Nutzerinhalte im Blick zu behalten:<\/p>\n<ul>\n<li><strong>Beschwerden<\/strong> m\u00fcssen ernstgenommen und gepr\u00fcft werden.<\/li>\n<li>Offensichtlich <strong>rechtswidrige Inhalte<\/strong> sollten z\u00fcgig entfernt werden, um nicht in Haftungsfragen zu geraten.<\/li>\n<li><strong>Plattformen<\/strong> selbst reagieren empfindlicher: ein Shitstorm mit Grenzinhalten kann schneller zu Sperren, Reichweitenverlust oder Blockaden f\u00fchren.<\/li>\n<li><strong>Bef\u00fcrworter sagen<\/strong>: Das ist sinnvoll, weil es klare Verantwortlichkeiten schafft. Wer eine \u00f6ffentliche B\u00fchne bietet (auch ein kleines Forum), muss Missbrauch unterbinden. F\u00fcr seri\u00f6se Anbieter sei das kein Nachteil, sondern ein Qualit\u00e4tsmerkmal.<\/li>\n<li><strong>Kritiker halten dagegen<\/strong>: Kleine Betriebe haben weder Zeit noch Personal, um Kommentare juristisch zu bewerten oder moderationsf\u00e4hig aufzubereiten. Sie f\u00fcrchten, aus Angst vor Problemen Kommentarfunktionen ganz abzuschalten &#8211; wodurch der offene Austausch im Netz weiter verarmt.<\/li>\n<\/ul>\n<p><strong>2. Kommunikationskan\u00e4le: E-Mail, Messenger und \u201eChatcontrol\u201c<\/strong><\/p>\n<p>Die geplante Verordnung zur Bek\u00e4mpfung von Kindesmissbrauch (CSAR, \u201eChatcontrol\u201c) zielt formal auf Anbieter von Kommunikationsdiensten, die nach Missbrauchsmaterial suchen und dieses melden sollen. F\u00fcr den klassischen Mittelst\u00e4ndler hei\u00dft das zwar nicht, dass er sofort eigene Scanner installieren muss. Aber:<\/p>\n<ul>\n<li><strong>Viele nutzen Messenger-Dienste<\/strong> (WhatsApp, Signal, Teams, Slack etc.) sowohl intern als auch in der Kundenkommunikation.<\/li>\n<li>Wenn diese Dienste k\u00fcnftig <strong>Inhalte scannen<\/strong> (oder scannen m\u00fcssen), ist Unternehmenskommunikation potenziell nicht mehr so vertraulich, wie man das bisher gewohnt war.<\/li>\n<li><strong>Besonders heikel<\/strong>: Dateien, Projektunterlagen, Entw\u00fcrfe, Vertrauliches, das \u00fcber solche Kan\u00e4le l\u00e4uft.<\/li>\n<li><strong>Bef\u00fcrworter argumentieren<\/strong>: Ohne solche Ma\u00dfnahmen sei die Bek\u00e4mpfung von Kindesmissbrauch im Netz kaum m\u00f6glich. Unternehmen, die sauber arbeiten, h\u00e4tten nichts zu bef\u00fcrchten &#8211; im Gegenteil, sie profitieren von einem sichereren digitalen Umfeld.<\/li>\n<li><strong>Kritiker halten entgegen<\/strong>: Die technische Umsetzung (z. B. \u201eClient-Side-Scanning\u201c) kann Verschl\u00fcsselung praktisch aushebeln und eine Infrastruktur schaffen, mit der jede Art von Inhalt \u00fcberpr\u00fcft werden k\u00f6nnte &#8211; heute Missbrauch, morgen eventuell politische oder wirtschaftliche Themen. Gesch\u00e4ftsgeheimnisse und Kundendaten seien gef\u00e4hrdet, weil zus\u00e4tzliche Schnittstellen entstehen, \u00fcber die Daten abgeflossen oder missbraucht werden k\u00f6nnen. Fehlalarme (falsche Verd\u00e4chtigungen) k\u00f6nnen f\u00fcr Unternehmen und Besch\u00e4ftigte rufsch\u00e4digend sein, ohne dass man real etwas falsch gemacht hat.<\/li>\n<\/ul>\n<p><strong>3. KI im Unternehmen: Kennzeichnung, Dokumentation und Haftung<\/strong><\/p>\n<p>Mit dem AI Act f\u00fchrt die EU einen risikobasierten Rahmen ein: Je nach Einsatzgebiet gelten unterschiedliche Pflichten. F\u00fcr KMU sind vor allem drei Bereiche relevant:<\/p>\n<ul>\n<li><strong>Marketing und Kommunikation<\/strong>: Wenn Texte, Bilder oder Videos mit KI erzeugt werden &#8211; etwa Blogartikel, Social-Media-Posts oder Produktbilder -, k\u00f6nnen Kennzeichnungspflichten greifen (z. B. \u201eDieser Inhalt wurde mit Unterst\u00fctzung von KI erstellt\u201c), vor allem wenn es um politisch sensible Bereiche oder Deepfakes geht.<\/li>\n<li><strong>Kundenservice und Entscheidungsprozesse<\/strong>: Chatbots oder automatisierte Entscheidungssysteme (Scoring, Bewerberauswahl, Risikobewertung) k\u00f6nnen je nach Auspr\u00e4gung in die Kategorie \u201eHochrisiko-KI\u201c fallen, mit strengen Dokumentations- und Transparenzpflichten.<\/li>\n<li><strong>Interne Tools und Analysen<\/strong>: Auch wenn externe Anbieter KI-Funktionen integrieren (z. B. CRM-Systeme, Buchhaltung, ERP), kann das Unternehmen in die Verantwortung geraten, wenn es Entscheidungen auf Basis von KI-Empfehlungen trifft.<\/li>\n<li><strong>Bef\u00fcrworter sagen<\/strong>: Der AI Act sch\u00fctzt Kunden und B\u00fcrger vor undurchsichtigen oder unfairen Entscheidungen. Er zwingt Anbieter zu Sorgfalt, Qualit\u00e4t und Transparenz &#8211; was am Ende auch seri\u00f6sen KMU zugutekommt, die verantwortungsvoll mit KI umgehen.<\/li>\n<li><strong>Kritiker weisen darauf hin<\/strong>: F\u00fcr kleinere Betriebe werden die Regelungen schnell un\u00fcbersichtlich. Sie wissen oft nicht, ob ihre Nutzung von KI schon in den regulierten Bereich f\u00e4llt oder nicht. Die Gefahr besteht, dass sich KMU aus Unsicherheit lieber gar nicht an KI herantrauen &#8211; und damit einen Innovationsnachteil gegen\u00fcber gr\u00f6\u00dferen Firmen in Kauf nehmen. Dokumentations- und Kennzeichnungspflichten k\u00f6nnten in der Praxis ein B\u00fcrokratie-Monster werden, das man ohne spezialisierte Beratung kaum \u00fcberblickt.<\/li>\n<\/ul>\n<p><strong>4. Reputationsrisiken: Sichtbarkeit, Sperrungen und \u201eAlgorithmusdruck\u201c<\/strong><\/p>\n<p>Durch den DSA stehen Plattformen st\u00e4rker unter Zugzwang: Sie m\u00fcssen zeigen, dass sie Risiken wie Desinformation, Hassrede oder rechtlich problematische Inhalte ernsthaft bek\u00e4mpfen. F\u00fcr Unternehmen bedeutet das:<\/p>\n<ul>\n<li><strong>Inhalte, die umstrittene Themen ber\u00fchren<\/strong> (Gesundheit, Politik, Sicherheit, Krisen, Gesellschaft), k\u00f6nnen schneller heruntergestuft werden &#8211; also weniger Sichtbarkeit erhalten.<\/li>\n<li>Konten k\u00f6nnen vor\u00fcbergehend <strong>gesperrt<\/strong>, Beitr\u00e4ge <strong>entfernt<\/strong> oder Werbekampagnen <strong>blockiert<\/strong> werden, wenn Plattformen \u201eRisiken\u201c sehen &#8211; selbst wenn die Inhalte nicht klar illegal sind.<\/li>\n<li>Die Grenze zwischen <strong>legitimer Kritik<\/strong> und \u201e<strong>problematischem Content<\/strong>\u201c wird damit unsch\u00e4rfer &#8211; und liegt in der Praxis in der Hand der jeweiligen Plattformmoderation.<\/li>\n<li><strong>Bef\u00fcrworter argumentieren<\/strong>: Plattformen m\u00fcssen Verantwortung \u00fcbernehmen. Ohne wirksame Mechanismen w\u00fcrden Falschinformationen und Hetze ungebremst bleiben. Unternehmen, die seri\u00f6se Inhalte liefern, haben langfristig eher etwas zu gewinnen: ein saubereres Umfeld und mehr Vertrauen.<\/li>\n<li><strong>Kritiker sehen dagege<\/strong>n: Eine starke Tendenz zum Overblocking: Aus Angst vor Bu\u00dfgeldern l\u00f6schen Plattformen lieber zu viel als zu wenig.<br \/>\nDas kann gerade kleinere Unternehmen treffen, die auf Sichtbarkeit angewiesen sind, aber keine Lobby haben, um Entscheidungen anzufechten.<br \/>\nDer \u201eAlgorithmusdruck\u201c f\u00fchrt dazu, dass man Inhalte an vermeintliche Richtlinien anpasst, um nicht negativ aufzufallen &#8211; was einer schleichenden Selbstzensur gleichkommt.<\/li>\n<\/ul>\n<hr \/>\n<h3>Aktuelle Umfrage zum geplanten digitalen Euro<\/h3>\n<div class='bootstrap-yop yop-poll-mc'>\n\t\t\t\t\t\t\t<div class=\"basic-yop-poll-container\" style=\"background-color:#ffffff; border:0px; border-style:solid; border-color:#000000; border-radius:5px; padding:0px 5px;\" data-id=\"7\" data-temp=\"basic-pretty\" data-skin=\"square\" data-cscheme=\"blue\" data-cap=\"0\" data-access=\"guest\" data-tid=\"\" data-uid=\"be2d72f11fe06d9548fd61bc664cbe7e\" data-pid=\"4691\" data-resdet=\"votes-number,percentages\" data-show-results-to=\"guest\" data-show-results-moment=\"after-vote\" data-show-results-only=\"false\" data-show-message=\"true\" data-show-results-as=\"bar\" data-sort-results-by=\"as-defined\" data-sort-results-rule=\"asc\"data-is-ended=\"0\" data-percentages-decimals=\"2\" data-gdpr=\"no\" data-gdpr-sol=\"consent\" data-css=\".basic-yop-poll-container[data-uid] .basic-vote {\n\t\t\t\t\t\t\t\t\ttext-align: center;\n\t\t\t\t\t\t\t\t}\" data-counter=\"0\" data-load-with=\"1\" data-notification-section=\"top\"><div class=\"row\"><div class=\"col-md-12\"><div class=\"basic-inner\"><div class=\"basic-message hide\" style=\"border-left: 10px solid #008000; padding: 0px 10px;\" data-error=\"#ff0000\" data-success=\"#008000\"><p class=\"basic-message-text\" style=\"color:#000000; font-size:14px; font-weight:normal;\"><\/p><\/div><div class=\"basic-overlay hide\"><div class=\"basic-vote-options\"><\/div><div class=\"basic-preloader\"><div class=\"basic-windows8\"><div class=\"basic-wBall basic-wBall_1\"><div class=\"basic-wInnerBall\"><\/div><\/div><div class=\"basic-wBall basic-wBall_2\"><div class=\"basic-wInnerBall\"><\/div><\/div><div class=\"basic-wBall basic-wBall_3\"><div class=\"basic-wInnerBall\"><\/div><\/div><div class=\"basic-wBall basic-wBall_4\"><div class=\"basic-wInnerBall\"><\/div><\/div><div class=\"basic-wBall basic-wBall_5\"><div class=\"basic-wInnerBall\"><\/div><\/div><\/div><\/div><\/div><form class=\"basic-form\"><input type=\"hidden\" name=\"_token\" value=\"dcd4ebcf9c\" autocomplete=\"off\"><div class=\"basic-elements\"><div class=\"basic-element basic-question basic-question-text-vertical\" data-id=\"7\" data-uid=\"79199f22b2698410858d46abe48e6312\" data-type=\"question\" data-question-type=\"text\" data-required=\"yes\" data-allow-multiple=\"no\" data-min=\"1\" data-max=\"7\" data-display=\"vertical\" data-colnum=\"\" data-display-others=\"no\" data-others-color=\"\" data-others=\"\" data-others-max-chars=\"0\"><div class=\"basic-question-title\"><h5 style=\"color:#000000; font-size:16px; font-weight:normal; text-align:left;\">Wie stehst Du zur geplanten Einf\u00fchrung des digitalen Euro?<\/h5><\/div><ul class=\"basic-answers\"><li class=\"basic-answer\" style=\"padding:0px 0px;\" data-id=\"31\" data-type=\"text\" data-vn=\"3\" data-color=\"#000000\" data-make-link=\"no\" data-link=\"\"><div class=\"basic-answer-content basic-text-vertical\"><label for=\"answer[31]\" class=\"basic-answer-label\"><input type=\"radio\" id=\"answer[31]\" name=\"answer[7]\" value=\"31\"><span class=\"basic-text\" style=\"color: #000000; font-size: 14px; font-weight: normal;\">Gut \u2013 das ist ein logischer Schritt in der Digitalisierung<\/span><\/label><\/div><\/li><li class=\"basic-answer\" style=\"padding:0px 0px;\" data-id=\"32\" data-type=\"text\" data-vn=\"9\" data-color=\"#000000\" data-make-link=\"no\" data-link=\"\"><div class=\"basic-answer-content basic-text-vertical\"><label for=\"answer[32]\" class=\"basic-answer-label\"><input type=\"radio\" id=\"answer[32]\" name=\"answer[7]\" value=\"32\"><span class=\"basic-text\" style=\"color: #000000; font-size: 14px; font-weight: normal;\">Neutral \u2013 solange Bargeld erhalten bleibt<\/span><\/label><\/div><\/li><li class=\"basic-answer\" style=\"padding:0px 0px;\" data-id=\"33\" data-type=\"text\" data-vn=\"22\" data-color=\"#000000\" data-make-link=\"no\" data-link=\"\"><div class=\"basic-answer-content basic-text-vertical\"><label for=\"answer[33]\" class=\"basic-answer-label\"><input type=\"radio\" id=\"answer[33]\" name=\"answer[7]\" value=\"33\"><span class=\"basic-text\" style=\"color: #000000; font-size: 14px; font-weight: normal;\">Kritisch \u2013 ich sehe Risiken f\u00fcr Kontrolle und \u00dcberwachung<\/span><\/label><\/div><\/li><li class=\"basic-answer\" style=\"padding:0px 0px;\" data-id=\"34\" data-type=\"text\" data-vn=\"86\" data-color=\"#000000\" data-make-link=\"no\" data-link=\"\"><div class=\"basic-answer-content basic-text-vertical\"><label for=\"answer[34]\" class=\"basic-answer-label\"><input type=\"radio\" id=\"answer[34]\" name=\"answer[7]\" value=\"34\"><span class=\"basic-text\" style=\"color: #000000; font-size: 14px; font-weight: normal;\">Ablehnend \u2013 ich lehne digitale Zentralbankw\u00e4hrungen ab<\/span><\/label><\/div><\/li><li class=\"basic-answer\" style=\"padding:0px 0px;\" data-id=\"35\" data-type=\"text\" data-vn=\"2\" data-color=\"#000000\" data-make-link=\"no\" data-link=\"\"><div class=\"basic-answer-content basic-text-vertical\"><label for=\"answer[35]\" class=\"basic-answer-label\"><input type=\"radio\" id=\"answer[35]\" name=\"answer[7]\" value=\"35\"><span class=\"basic-text\" style=\"color: #000000; font-size: 14px; font-weight: normal;\">Ich wei\u00df zu wenig dar\u00fcber<\/span><\/label><\/div><\/li><\/ul><\/div><div class=\"clearfix\"><\/div><\/div><div class=\"basic-vote\"><a href=\"#\" class=\"button basic-vote-button\" role=\"button\" style=\"background:#027bb8; border:0px; border-style: solid; border-color:#000000; border-radius:5px; padding:10px 10px; color:#ffffff; font-size:14px; font-weight:normal;\">Abstimmen<\/a><\/div><\/form><\/div><\/div><\/div><\/div>\n\t\t\t\t\t\t<\/div>\n<hr \/>\n<h2>Wer entscheidet, was \u201eInformation\u201c und was \u201eDesinformation\u201c ist?<\/h2>\n<p>Wenn man sich die neuen EU-Regulierungen anschaut, f\u00e4llt ein Wort immer wieder auf: Desinformation. Es soll bek\u00e4mpft werden \u2014 ganz gleich, ob durch Plattformpflichten, Risikobewertungen oder algorithmische Eingriffe. Doch der entscheidende Punkt wird selten ausgesprochen: Wer definiert \u00fcberhaupt, was Desinformation ist?<\/p>\n<p>Diese Frage ist zentral, denn an ihr entscheidet sich, ob Schutzma\u00dfnahmen wirklich sch\u00fctzen \u2014 oder ob sie unbeabsichtigt zu einer Kontrolle \u00f6ffentlicher Debatten f\u00fchren. In der Theorie scheint es einfach:<\/p>\n<ul>\n<li>Falsche Behauptungen = <strong>Desinformation<\/strong>,<\/li>\n<li>korrekte Aussagen = <strong>Information<\/strong>.<\/li>\n<\/ul>\n<p>In der Praxis ist die Welt jedoch selten so klar. Viele Themen sind komplex, unscharf, umstritten oder entwickelt sich laufend weiter. Studien \u00e4ndern sich, Experten streiten, neue Fakten kommen hinzu. Was an einem Tag als falsch gilt, kann am n\u00e4chsten Tag pl\u00f6tzlich neu bewertet werden \u2014 man denke nur an politische Prognosen, Gesundheitsdebatten oder neue technologische Risiken.<\/p>\n<p>Deshalb warnen viele Kritiker davor, \u201eDesinformation\u201c als festen Begriff zu behandeln. Sie betonen, dass es sich oft weniger um einen klaren Sachverhalt handelt, sondern um eine Interpretation, die von der jeweiligen politischen oder gesellschaftlichen Lage gepr\u00e4gt ist.<\/p>\n<h3>Plattformen entscheiden praktisch &#8211; aber unter Druck<\/h3>\n<p>Formal sind es Plattformen, die entscheiden m\u00fcssen, ob etwas m\u00f6glicherweise Desinformation ist, weil sie aufgrund des Digital Services Act f\u00fcr Risiken verantwortlich gemacht werden. Doch Plattformen handeln nicht im luftleeren Raum. Sie stehen unter mehreren Arten von Druck:<\/p>\n<ul>\n<li><strong>Gesetzlicher Druck<\/strong>: Hohe Bu\u00dfgelder, wenn \u201eRisiken\u201c nicht ausreichend reduziert werden.<\/li>\n<li><strong>Politischer Druck<\/strong>: Erwartung, bestimmte Narrative st\u00e4rker oder schw\u00e4cher zu gewichten.<\/li>\n<li><strong>\u00d6ffentlicher Druck<\/strong>: Kampagnen, Emp\u00f6rungen, Medienberichte, die Moderationsentscheidungen beeinflussen.<\/li>\n<li><strong>Finanzieller Druck<\/strong>: Unabh\u00e4ngige Moderation kostet Zeit, Geld und Personal \u2014 automatisierte L\u00f6sungen sind billiger, aber oft fehleranf\u00e4lliger.<\/li>\n<\/ul>\n<p>Unter diesen Bedingungen neigen Plattformen dazu, im Zweifel lieber zu viel als zu wenig zu l\u00f6schen oder einzuschr\u00e4nken. Damit entscheiden sie de facto, was sichtbar bleibt \u2014 selbst wenn sie gar nicht der eigentliche Gesetzgeber sind.<\/p>\n<h3>Die Rolle von Regierungen und Beh\u00f6rden<\/h3>\n<p>Ein weiterer Punkt ist, dass Regierungen oder staatliche Stellen immer st\u00e4rker in diese Prozesse einbezogen werden \u2014 etwa in Form von:<\/p>\n<ul>\n<li>\u201eTrusted Flaggers\u201c<\/li>\n<li>Meldestellen<\/li>\n<li>Beratungsstellen f\u00fcr Plattformen<\/li>\n<li>Bewertungen von \u201esystemischen Risiken\u201c<\/li>\n<\/ul>\n<p>Dadurch entsteht ein System, in dem staatliche Institutionen indirekt Einfluss darauf nehmen k\u00f6nnen, welche Inhalte als problematisch eingestuft werden. Das muss nicht zwingend missbr\u00e4uchlich sein \u2014 aber es schafft eine Struktur, die missbrauchsanf\u00e4llig ist, wenn sp\u00e4ter andere politische Mehrheiten herrschen.<\/p>\n<h3>Die Gefahr einer \u201eVerschiebung des Sagbaren\u201c<\/h3>\n<p>Wenn Plattformen auf Basis vager Begriffe wie \u201eManipulation\u201c, \u201egesellschaftliche Risiken\u201c oder \u201eDesinformation\u201c Inhalte sortieren, entsteht langfristig eine kulturelle Verschiebung:<\/p>\n<ul>\n<li>Menschen \u00e4u\u00dfern sich vorsichtiger, Unternehmen vermeiden bestimmte Themen, kritische Stimmen verlieren Sichtbarkeit.<\/li>\n<li>Es entsteht kein offenes Verbot \u2014 sondern eine schleichende Unsichtbarkeit. Inhalte verschwinden nicht, aber sie erreichen kaum noch jemanden.<\/li>\n<\/ul>\n<p>Viele Kritiker sehen darin nicht gezielte Zensur, sondern eine Nebenwirkung, die aber genauso wirksam ist: Das Sagbare verschiebt sich, schlicht weil jeder Akteur lernen muss, was von den Plattformen \u201eerw\u00fcnscht\u201c oder \u201ebelastungsfrei\u201c ist.<\/p>\n<blockquote><p>Wer \u00fcber Desinformation spricht, muss auch \u00fcber Macht sprechen.<\/p><\/blockquote>\n<p>Denn die Entscheidung dar\u00fcber, was wahr, falsch, zul\u00e4ssig oder gef\u00e4hrlich ist, liegt heute nicht mehr nur bei Wissenschaft, Journalismus oder demokratischer Debatte, sondern zunehmend bei einer Mischform aus:<\/p>\n<ul>\n<li>Plattformen<\/li>\n<li>Algorithmen<\/li>\n<li>Regierungsstellen<\/li>\n<li>Moderations-Teams<\/li>\n<li>externen Pr\u00fcfern<\/li>\n<li>und gesellschaftlichem Druck<\/li>\n<\/ul>\n<p>Gerade deshalb ist es wichtig, diese Entwicklung nicht nur technisch oder juristisch zu betrachten, sondern auch kulturell. Denn am Ende geht es um etwas sehr Grunds\u00e4tzliches: Wie frei kann eine Gesellschaft sprechen, wenn niemand mehr klar sagen kann, wer \u00fcber Wahrheit und Falschheit entscheidet \u2014 und nach welchen Ma\u00dfst\u00e4ben?<\/p>\n<div class=\"lyte-wrapper\" style=\"width:640px;max-width:100%;margin:5px;\"><div class=\"lyMe\" id=\"WYL_e8rV808RFcc\"><div id=\"lyte_e8rV808RFcc\" data-src=\"https:\/\/www.markus-schall.de\/wp-content\/plugins\/wp-youtube-lyte\/lyteCache.php?origThumbUrl=%2F%2Fi.ytimg.com%2Fvi%2Fe8rV808RFcc%2Fhqdefault.jpg\" class=\"pL\"><div class=\"tC\"><div class=\"tT\"><\/div><\/div><div class=\"play\"><\/div><div class=\"ctrl\"><div class=\"Lctrl\"><\/div><div class=\"Rctrl\"><\/div><\/div><\/div><noscript><a href=\"https:\/\/youtu.be\/e8rV808RFcc\" rel=\"nofollow noopener\" target=\"_blank\"><img loading=\"lazy\" decoding=\"async\" src=\"https:\/\/www.markus-schall.de\/wp-content\/plugins\/wp-youtube-lyte\/lyteCache.php?origThumbUrl=https%3A%2F%2Fi.ytimg.com%2Fvi%2Fe8rV808RFcc%2F0.jpg\" alt=\"YouTube video thumbnail\" width=\"640\" height=\"340\" \/><br \/>Lire cette vid\u00e9o sur YouTube<\/a><\/noscript><\/div><\/div><div class=\"lL\" style=\"max-width:100%;width:640px;margin:5px;\"><\/div><br \/>\nEU-Gesetz zensiert das Internet (DSA &#8211; Digital Services Act) | <a href=\"https:\/\/www.youtube.com\/@ProfRieck\" target=\"_blank\" rel=\"noopener\">Prof. Dr. Christian Rieck<\/a><\/p>\n<h2>Bef\u00fcrworter vs. Kritiker &#8211; die Gegen\u00fcberstellung<\/h2>\n<p>Um die Spannungen klar zu machen, lohnt sich eine direkte Gegen\u00fcberstellung. Was Bef\u00fcrworter betonen:<\/p>\n<ul>\n<li><strong>Sicherheit und Schutz<\/strong>: Kinder, Verbraucher, demokratische Prozesse &#8211; all das brauche einen modernen gesetzlichen Schutzschirm.<\/li>\n<li>Rechtsklarheit: Einheitliche Regeln in der EU ersparen Unternehmen das Flickwerk nationaler Sonderwege. Wer sich an klare Vorgaben h\u00e4lt, hat weniger Rechtsunsicherheit.<\/li>\n<li><strong>Fairness<\/strong>: Gro\u00dfe Plattformen und KI-Anbieter sollen nicht \u201efree rider\u201c sein, die Gewinne einstreichen und Risiken auf die Gesellschaft abladen. Regelungen wie DSA und AI Act w\u00fcrden hier Ordnung schaffen.<\/li>\n<li><strong>Vertrauen<\/strong>: L\u00e4ngerfristig soll das Vertrauen in digitale Dienste steigen, wenn Nutzer wissen, dass Regeln gelten und \u00fcberwacht werden.<\/li>\n<\/ul>\n<p>Was Kritiker hervorheben:<\/p>\n<ul>\n<li><strong>Grundrechtliche Risiken<\/strong>: Chatcontrol und \u00e4hnliche Ma\u00dfnahmen schaffen eine technische Infrastruktur, mit der in Zukunft jede digitale Kommunikation \u00fcberwacht werden k\u00f6nnte &#8211; auch jenseits des urspr\u00fcnglichen Zwecks.<\/li>\n<li><strong>B\u00fcrokratische \u00dcberlastung<\/strong>: Kleine Unternehmen haben weder Ressourcen noch Know-how, um den wachsenden Katalog an Pflichten (Kennzeichnung, Dokumentation, Moderation, Meldewege) dauerhaft sauber zu erf\u00fcllen.<\/li>\n<li><strong>Privatisierte Zensur<\/strong>: Durch hohe Bu\u00dfgelder werden Plattformen zu \u201eHilfssheriffs\u201c, die im Zweifel mehr l\u00f6schen als n\u00f6tig &#8211; auf Kosten der Meinungsfreiheit und der Vielfalt der Debatte. KMU, die von Reichweite leben, k\u00f6nnen ohne Vorwarnung verlieren.<\/li>\n<li><strong>Innovationshemmnis<\/strong>: Statt Experimente zu wagen, bremsen sich viele kleine Betriebe aus, weil sie Angst haben, etwas falsch zu machen. Wer nichts riskiert, verst\u00f6\u00dft auch nicht &#8211; aber bleibt auf der Stelle.<\/li>\n<li><strong>Machtverschiebung<\/strong>: Am Ende setzen sich diejenigen durch, die das Regelwerk am besten bedienen k\u00f6nnen &#8211; gro\u00dfe Konzerne mit Rechtsabteilung und Compliance-Teams. Kleine Betriebe m\u00fcssen sich nach deren Spielregeln richten, weil sie von deren Infrastruktur abh\u00e4ngig sind.<\/li>\n<\/ul>\n<h3>Fazit aus Sicht eines kleinen oder mittelst\u00e4ndischen Unternehmens<\/h3>\n<p>F\u00fcr ein normales KMU ist das Wichtigste:<\/p>\n<ul>\n<li>Grundlagen kennen, ohne sich in jedem Detail zu verlieren.<\/li>\n<li>Eigene Kommunikationskan\u00e4le pr\u00fcfen (Kommentare, Social Media, Newsletter, Messenger) und bewusst entscheiden, was man wirklich braucht &#8211; und wo man bewusst reduziert.<\/li>\n<li>KI-Einsatz dokumentieren und im Zweifel lieber offen kommunizieren, statt sp\u00e4ter in Erkl\u00e4rungsnot zu gelangen.<\/li>\n<li>Ruhig bleiben, aber aufmerksam sein: Es bringt nichts, vor lauter Gesetzen nichts mehr zu tun. Wichtig ist, Schritt f\u00fcr Schritt zu denken: \u201eWo betrifft mich das wirklich?\u201c &#8211; und dort solide L\u00f6sungen zu finden.<\/li>\n<\/ul>\n<p>Die zentrale Sorge der Kritiker l\u00e4sst sich in einem Satz zusammenfassen: Nicht das einzelne Gesetz ist das Problem, sondern das Zusammenwirken vieler Regeln, das St\u00fcck f\u00fcr St\u00fcck ein digitales Umfeld schafft, in dem Kontrolle und Konformit\u00e4t belohnt werden &#8211; und eigenst\u00e4ndige, kritische Stimmen es schwerer haben.<\/p>\n<h3>Datenhoheit als Grundlage f\u00fcr regulatorische Sicherheit<\/h3>\n<p><a href=\"https:\/\/www.markus-schall.de\/erp-software\/\"><img loading=\"lazy\" decoding=\"async\" class=\"alignright size-medium wp-image-3182\" src=\"https:\/\/www.markus-schall.de\/wp-content\/uploads\/ERP-Software-300x200.jpg\" alt=\"ERP-Software\" width=\"300\" height=\"200\" srcset=\"https:\/\/www.markus-schall.de\/wp-content\/uploads\/ERP-Software-300x200.jpg 300w, https:\/\/www.markus-schall.de\/wp-content\/uploads\/ERP-Software-768x512.jpg 768w, https:\/\/www.markus-schall.de\/wp-content\/uploads\/ERP-Software-18x12.jpg 18w, https:\/\/www.markus-schall.de\/wp-content\/uploads\/ERP-Software.jpg 1024w\" sizes=\"auto, (max-width: 300px) 100vw, 300px\" \/><\/a>Die zunehmenden Anforderungen durch EU-Regelwerke wie den AI Act oder den Digital Services Act stellen Produktleiter vor eine klare Aufgabe: Systeme m\u00fcssen nicht nur funktionieren, sondern auch jederzeit nachvollziehbar und kontrollierbar sein. Genau hier zeigt sich der Vorteil einer eigenen, zentral gesteuerten Softwarestruktur. Wer seine Daten, Prozesse und Schnittstellen im Griff hat, kann neue Anforderungen nicht nur erf\u00fcllen, sondern aktiv gestalten. Eine <a href=\"https:\/\/www.markus-schall.de\/erp-software\/\"><strong>lokal betriebene ERP-L\u00f6sung<\/strong><\/a> wie gFM Business erm\u00f6glicht genau diese Kontrolle: Daten liegen im eigenen System, Abl\u00e4ufe sind transparent dokumentiert und Anpassungen k\u00f6nnen gezielt umgesetzt werden &#8211; ohne Abh\u00e4ngigkeit von externen Plattformen. Das schafft eine stabile Grundlage, um regulatorische Vorgaben sauber abzubilden, sei es bei Dokumentationspflichten, Zugriffskontrollen oder der Nachvollziehbarkeit von Entscheidungen. F\u00fcr Produktleiter bedeutet das vor allem eines: weniger Unsicherheit, klarere Prozesse und die Gewissheit, dass das eigene System auch unter wachsenden Anforderungen verl\u00e4sslich bleibt.<\/p>\n<h2>Was bleibt f\u00fcr normale B\u00fcrger und kleinere Unternehmen?<\/h2>\n<p>Wenn man all diese Entwicklungen betrachtet, wird deutlich: Die EU versucht, Ordnung in eine digitale Welt zu bringen, die \u00fcber viele Jahre weitgehend unreguliert gewachsen ist. Die Ziele klingen auf dem Papier nachvollziehbar &#8211; Schutz, Sicherheit, Transparenz. Doch gleichzeitig entsteht ein dichtes Netz aus Vorschriften, Pr\u00fcfmechanismen und technischen Anforderungen, das sich langsam, aber sp\u00fcrbar um unseren digitalen Alltag legt.<\/p>\n<p>F\u00fcr gro\u00dfe Konzerne ist das eine Frage von Ressourcen. Sie stellen Juristen ein, passen ihre Prozesse an, investieren in neue Tools. F\u00fcr normale B\u00fcrger und kleine oder mittelst\u00e4ndische Unternehmen dagegen f\u00fchlt sich diese Entwicklung oft un\u00fcbersichtlich, manchmal sogar bedrohlich an &#8211; nicht, weil man etwas zu verbergen h\u00e4tte, sondern weil man ahnt, dass sich der Charakter der digitalen Kommunikation ver\u00e4ndert.<\/p>\n<h3>Was normale B\u00fcrger beachten sollten<\/h3>\n<ol>\n<li><strong>Wachsam bleiben, ohne sich verr\u00fcckt zu machen<\/strong>. Es braucht keine Panik, aber ein gesundes Bewusstsein daf\u00fcr, dass Kommunikation im digitalen Raum zunehmend beobachtet und gefiltert wird &#8211; nicht unbedingt von Menschen, sondern durch Systeme, Algorithmen und automatisierte Pr\u00fcfungen.<\/li>\n<li><strong>Eigene Informationswege pflegen<\/strong>. Je st\u00e4rker Inhalte gefiltert und sortiert werden, desto wichtiger wird es, bewusst verschiedene Informationsquellen zu nutzen. Nicht nur soziale Netzwerke &#8211; auch klassische Medien, Fachportale oder unabh\u00e4ngige Newsletter.<\/li>\n<li><strong>Bewusst kommunizieren<\/strong>. Man muss nicht jeden Gedanken \u00f6ffentlich schreiben. Aber es hilft, sich klarzumachen, dass Plattformen im Zweifel eher l\u00f6schen als stehen lassen. Das hei\u00dft nicht, sich kleinzumachen &#8211; aber man sollte verstehen, wie die Mechanismen arbeiten.<\/li>\n<li><strong>Nicht jeder KI vertrauen<\/strong> &#8211; aber auch keine Angst davor haben. Wenn Inhalte k\u00fcnftig als KI-generiert gekennzeichnet werden, kann das helfen, nicht alles f\u00fcr bare M\u00fcnze zu nehmen. Gleichzeitig sollte man sich nicht davon abhalten lassen, KI-Werkzeuge sinnvoll zu nutzen &#8211; mit Augenma\u00df.<\/li>\n<\/ol>\n<h3>Was kleine und mittlere Unternehmen beachten sollten<\/h3>\n<ol>\n<li><strong>Kommunikation und Plattformpr\u00e4senz bewusst strukturieren<\/strong>. Kommentarbereiche, Supportforen, Social-Media-Kan\u00e4le &#8211; all das kann sinnvoll sein, aber sollte gut gepflegt werden. Die neue Regulierung zwingt dazu, Verantwortung zu \u00fcbernehmen, aber damit kann man professionell umgehen.<\/li>\n<li><strong>KI-Nutzung dokumentieren<\/strong>. Nicht jedes Tool ist problematisch, aber Unternehmen sollten wissen, wo KI eingesetzt wird &#8211; und es im Zweifel offen kommunizieren. Das schafft Vertrauen und verhindert Missverst\u00e4ndnisse.<\/li>\n<li><strong>Klare interne Regeln schaffen<\/strong>. Welche Inhalte ver\u00f6ffentlicht man? Wer pr\u00fcft Beschwerden? Welche Plattformen nutzt man wirklich aktiv? Eine klare Struktur nimmt viel Unsicherheit.<\/li>\n<li><strong>Den eigenen Weg nicht verlieren<\/strong>. Gerade kleine Unternehmen leben von ihrer Pers\u00f6nlichkeit, ihrer Handschrift und ihrer direkten Kundenbeziehung. Kein Gesetz zwingt dazu, das zu verlieren. Im Gegenteil &#8211; in einer Welt voller automatisierter Prozesse wirkt echte Menschlichkeit heute fast schon wie ein Wettbewerbsvorteil.<\/li>\n<\/ol>\n<h3>Eigene Inhalte statt fremder Eingriffe: Warum ein eigenes Magazin strategisch entscheidend ist<\/h3>\n<p><a href=\"https:\/\/www.markus-schall.de\/ihr-internationales-magazin\/\"><img loading=\"lazy\" decoding=\"async\" class=\"alignright size-medium wp-image-3823\" src=\"https:\/\/www.markus-schall.de\/wp-content\/uploads\/magazin-gastbeitraege-300x200.jpg\" alt=\"Magazin als Eigentum\" width=\"300\" height=\"200\" srcset=\"https:\/\/www.markus-schall.de\/wp-content\/uploads\/magazin-gastbeitraege-300x200.jpg 300w, https:\/\/www.markus-schall.de\/wp-content\/uploads\/magazin-gastbeitraege-768x512.jpg 768w, https:\/\/www.markus-schall.de\/wp-content\/uploads\/magazin-gastbeitraege-18x12.jpg 18w, https:\/\/www.markus-schall.de\/wp-content\/uploads\/magazin-gastbeitraege.jpg 1024w\" sizes=\"auto, (max-width: 300px) 100vw, 300px\" \/><\/a>Die aktuellen Entwicklungen rund um Chat Control, den Digital Services Act und den AI Act zeigen deutlich, wohin die Reise geht: Plattformen und digitale Dienste werden zunehmend reguliert, \u00fcberwacht und in die Pflicht genommen. Gro\u00dfe Anbieter m\u00fcssen Inhalte pr\u00fcfen, Risiken bewerten und teilweise sogar Ma\u00dfnahmen zur Inhaltskontrolle umsetzen . Gleichzeitig stehen Vorschl\u00e4ge im Raum, Kommunikation st\u00e4rker zu analysieren oder Inhalte automatisiert zu erfassen, was die Debatte um Privatsph\u00e4re und Kontrolle weiter versch\u00e4rft . In diesem Umfeld wird ein Punkt oft untersch\u00e4tzt: Wer seine Inhalte ausschlie\u00dflich \u00fcber fremde Plattformen ver\u00f6ffentlicht, unterliegt zwangsl\u00e4ufig diesen Regeln und deren Auslegung. <a href=\"https:\/\/www.markus-schall.de\/ihr-internationales-magazin\/\"><strong>Ein eigenes Magazin<\/strong><\/a> dagegen folgt einem bew\u00e4hrten Prinzip: Inhalte, Struktur und Ver\u00f6ffentlichung bleiben in der eigenen Hand. Das schafft nicht nur Unabh\u00e4ngigkeit, sondern auch langfristige Stabilit\u00e4t. Gerade in Zeiten wachsender Regulierung ist das kein Luxus, sondern eine strategische Entscheidung &#8211; hin zu mehr Kontrolle, klaren Verantwortlichkeiten und einer Plattform, die nicht von au\u00dfen gesteuert wird.<\/p>\n<h2>Unklare Wirkung im Ernstfall: Was passiert im Spannungsfall?<\/h2>\n<p>Bislang bleibt v\u00f6llig offen, wie sich das gesamte Paket an EU-Zensurgesetzen &#8211; vom Digital Services Act bis hin zu erweiterten Kontrollbefugnissen &#8211; in einem tats\u00e4chlichen Spannungsfall auswirken w\u00fcrde. Es gibt bislang keine belastbaren Erfahrungen, wie die Vielzahl an Bestimmungen in der Praxis zusammenspielen, wenn nationale Regierungen pl\u00f6tzlich mit dem Verweis auf \u00e4u\u00dfere Bedrohungslagen oder hybride Angriffe weitreichende Eingriffe in Kommunikations- und Informationsfreiheiten rechtfertigen.<\/p>\n<p>Weder f\u00fcr B\u00fcrger noch f\u00fcr Unternehmen ist derzeit klar erkennbar, welche Einschr\u00e4nkungen im Ernstfall greifen k\u00f6nnten, welche Mechanismen zur Gegenwehr bestehen &#8211; oder ob einzelne Ma\u00dfnahmen im Ausnahmezustand sogar automatisch in Kraft treten.<\/p>\n<p>Ein vertiefender Blick auf m\u00f6gliche Szenarien im innerstaatlichen Ausnahmezustand findet sich im Artikel zum <a href=\"https:\/\/www.markus-schall.de\/2025\/10\/was-bedeutet-der-spannungsfall-in-deutschland-und-welche-folgen-haette-er-konkret\/\"><strong>Spannungsfall<\/strong><\/a> in Deutschland &#8211; eine Perspektive, die im aktuellen politischen Diskurs bislang nur unzureichend beleuchtet wird.<\/p>\n<h2>Ein letzter Gedanke<\/h2>\n<p>Die digitale Zukunft wird gepr\u00e4gt sein von Regeln. Das ist unvermeidlich &#8211; und in vielen Bereichen notwendig. Doch entscheidend ist, wie wir als B\u00fcrger und Unternehmer damit umgehen. Wer informiert bleibt, wer bewusst kommuniziert und wer sich nicht von komplizierten Begriffen einsch\u00fcchtern l\u00e4sst, der beh\u00e4lt seine Freiheit &#8211; auch in einem st\u00e4rker regulierten Umfeld.<\/p>\n<p>Vielleicht ist das die eigentliche Botschaft: Nicht blind vertrauen, nicht blind ablehnen. Sondern die Dinge verstehen, einordnen &#8211; und dann selbst entscheiden, welchen Weg man gehen m\u00f6chte.<\/p>\n<hr \/>\n\n\t\t\t<div class=\"display-post-types\">\n\n\t\t\t\t\t\t\t<style type=\"text\/css\">\n\t\t\t#dpt-wrapper-943 { --dpt-text-align: left;--dpt-image-crop: center;--dpt-border-radius: 5px;--dpt-small-grid-column: 33.33%;--dpt-large-grid-column: 33.3333333333%;--dpt-h-gutter: 10px;--dpt-v-gutter: 10px; }\t\t\t<\/style>\n\t\t\t<style type=\"text\/css\">#dpt-wrapper-943 { --dpt-title-font-style:normal;--dpt-title-font-weight:600;--dpt-title-line-height:1.5;--dpt-title-text-decoration:none;--dpt-title-text-transform:none;--dpt-excerpt-font-style:normal;--dpt-excerpt-font-weight:400;--dpt-excerpt-line-height:1.5;--dpt-excerpt-text-decoration:none;--dpt-excerpt-text-transform:none;--dpt-meta1-font-style:normal;--dpt-meta1-font-weight:400;--dpt-meta1-line-height:1.9;--dpt-meta1-text-decoration:none;--dpt-meta1-text-transform:none;--dpt-meta2-font-style:normal;--dpt-meta2-font-weight:400;--dpt-meta2-line-height:1.9;--dpt-meta2-text-decoration:none;--dpt-meta2-text-transform:none; }<\/style><div class=\" dpt-main-header\">\n\t\t\t\t\t\t<div class=\"dpt-main-title\">\n\t\t\t\t\t\t\t<span class=\"dpt-main-title-text\">Aktuelle Beitr\u00e4ge zu EU-Gesetzen<\/span>\n\t\t\t\t\t\t<\/div>\n\t\t\t\t\t\t\n\t\t\t\t\t\t\n\t\t\t\t\t\t\n\t\t\t\t\t\t<\/div>\t\t\t\n\t\t\t\t<div id=\"dpt-wrapper-943\" class=\"dpt-wrapper dpt-grid1 multi-col dpt-mason-wrap\" >\n\n\t\t\t\t\t\t\t\t\t\t\t<div class=\"dpt-entry has-thumbnail\" data-title=\"hohe energiepreise in deutschland verstehen: gas, strom und benzin einfach erkl\u00e4rt\" data-id=\"4103\"  data-category=\"allgemein gesellschaft tipps &amp; anleitungen\" data-post_tag=\"deutschland energiepolitik eu-gesetze europa krisen ratgeber\">\n\t\t\t\t\t\t\t<div class=\"dpt-entry-wrapper\"><div class=\" dpt-featured-content\"><div class=\" dpt-permalink\"><a href=\"https:\/\/www.markus-schall.de\/fr\/2025\/12\/hohe-energiepreise-in-deutschland-verstehen-gas-strom-und-benzin-einfach-erklaert\/\" class=\"dpt-permalink\"><span class=\"screen-reader-text\">Hohe Energiepreise in Deutschland verstehen: Gas, Strom und Benzin einfach erkl\u00e4rt<\/span><\/a><\/div><div class=\" dpt-thumbnail\"><div class=\"dpt-thumbnail-inner\"><img width=\"1024\" height=\"683\" class=\"attachment-full size-full\" alt=\"Energiepreise in Deutschland\" context=\"dpt\" data-dpt-src=\"https:\/\/www.markus-schall.de\/wp-content\/uploads\/energiepreise-deutschland.jpg\" data-dpt-sizes=\"(max-width: 1024px) 100vw, 1024px\" data-dpt-srcset=\"https:\/\/www.markus-schall.de\/wp-content\/uploads\/energiepreise-deutschland.jpg 1024w, https:\/\/www.markus-schall.de\/wp-content\/uploads\/energiepreise-deutschland-300x200.jpg 300w, https:\/\/www.markus-schall.de\/wp-content\/uploads\/energiepreise-deutschland-768x512.jpg 768w, https:\/\/www.markus-schall.de\/wp-content\/uploads\/energiepreise-deutschland-18x12.jpg 18w\" \/><\/div><span class=\"dpt-thumbnail-aspect-ratio\" style=\"padding-top: 67%\"><\/span><\/div><\/div><div class=\" sub-entry\"><h3 class=\" dpt-title\"><a class=\"dpt-title-link\" href=\"https:\/\/www.markus-schall.de\/fr\/2025\/12\/hohe-energiepreise-in-deutschland-verstehen-gas-strom-und-benzin-einfach-erklaert\/\" rel=\"bookmark\">Hohe Energiepreise in Deutschland verstehen: Gas, Strom und Benzin einfach erkl\u00e4rt<\/a><\/h3><\/div><\/div>\n\t\t\t\t\t\t<\/div><!-- .dpt-entry -->\n\t\t\t\t\t\t\t\t\t\t\t\t<div class=\"dpt-entry has-thumbnail\" data-title=\"42 jahre wahlprogramme: wie sich deutschlands parteien ver\u00e4ndert haben\" data-id=\"6354\"  data-category=\"allgemein gesellschaft\" data-post_tag=\"deutschland energiepolitik eu-gesetze europa geopolitik meinungsfreiheit sicherheitspolitik spieltheorie\">\n\t\t\t\t\t\t\t<div class=\"dpt-entry-wrapper\"><div class=\" dpt-featured-content\"><div class=\" dpt-permalink\"><a href=\"https:\/\/www.markus-schall.de\/fr\/2026\/08\/42-jahre-wahlprogramme-wie-sich-deutschlands-parteien-veraendert-haben\/\" class=\"dpt-permalink\"><span class=\"screen-reader-text\">42 Jahre Wahlprogramme: Wie sich Deutschlands Parteien ver\u00e4ndert haben<\/span><\/a><\/div><div class=\" dpt-thumbnail\"><div class=\"dpt-thumbnail-inner\"><img width=\"1200\" height=\"675\" class=\"attachment-full size-full\" alt=\"42 Jahre Wahlprogramme deutscher Parteien im Vergleich\" context=\"dpt\" data-dpt-src=\"https:\/\/www.markus-schall.de\/wp-content\/uploads\/Wahlprogramme-Parteien-Vergleich.jpg\" data-dpt-sizes=\"(max-width: 1200px) 100vw, 1200px\" data-dpt-srcset=\"https:\/\/www.markus-schall.de\/wp-content\/uploads\/Wahlprogramme-Parteien-Vergleich.jpg 1200w, https:\/\/www.markus-schall.de\/wp-content\/uploads\/Wahlprogramme-Parteien-Vergleich-300x169.jpg 300w, https:\/\/www.markus-schall.de\/wp-content\/uploads\/Wahlprogramme-Parteien-Vergleich-1024x576.jpg 1024w, https:\/\/www.markus-schall.de\/wp-content\/uploads\/Wahlprogramme-Parteien-Vergleich-768x432.jpg 768w, https:\/\/www.markus-schall.de\/wp-content\/uploads\/Wahlprogramme-Parteien-Vergleich-18x10.jpg 18w\" \/><\/div><span class=\"dpt-thumbnail-aspect-ratio\" style=\"padding-top: 56%\"><\/span><\/div><\/div><div class=\" sub-entry\"><h3 class=\" dpt-title\"><a class=\"dpt-title-link\" href=\"https:\/\/www.markus-schall.de\/fr\/2026\/08\/42-jahre-wahlprogramme-wie-sich-deutschlands-parteien-veraendert-haben\/\" rel=\"bookmark\">42 Jahre Wahlprogramme: Wie sich Deutschlands Parteien ver\u00e4ndert haben<\/a><\/h3><\/div><\/div>\n\t\t\t\t\t\t<\/div><!-- .dpt-entry -->\n\t\t\t\t\t\t\t\t\t\t\t\t<div class=\"dpt-entry has-thumbnail\" data-title=\"die elektronische patientenakte (epa) im faktencheck: risiken, rechte und widerspruch\" data-id=\"3412\"  data-category=\"gesellschaft gesundheit tipps &amp; anleitungen\" data-post_tag=\"datenschutz eu-gesetze gesundheit prozesse ratgeber\">\n\t\t\t\t\t\t\t<div class=\"dpt-entry-wrapper\"><div class=\" dpt-featured-content\"><div class=\" dpt-permalink\"><a href=\"https:\/\/www.markus-schall.de\/fr\/2025\/11\/die-elektronische-patientenakte-epa-im-faktencheck-risiken-rechte-und-widerspruch\/\" class=\"dpt-permalink\"><span class=\"screen-reader-text\">Die elektronische Patientenakte (ePA) im Faktencheck: Risiken, Rechte und Widerspruch<\/span><\/a><\/div><div class=\" dpt-thumbnail\"><div class=\"dpt-thumbnail-inner\"><img width=\"1024\" height=\"683\" class=\"attachment-full size-full\" alt=\"Alle Fakten zur elektronischen Patientenakte\" context=\"dpt\" data-dpt-src=\"https:\/\/www.markus-schall.de\/wp-content\/uploads\/Elektronische-Patientenakte.jpg\" data-dpt-sizes=\"(max-width: 1024px) 100vw, 1024px\" data-dpt-srcset=\"https:\/\/www.markus-schall.de\/wp-content\/uploads\/Elektronische-Patientenakte.jpg 1024w, https:\/\/www.markus-schall.de\/wp-content\/uploads\/Elektronische-Patientenakte-300x200.jpg 300w, https:\/\/www.markus-schall.de\/wp-content\/uploads\/Elektronische-Patientenakte-768x512.jpg 768w, https:\/\/www.markus-schall.de\/wp-content\/uploads\/Elektronische-Patientenakte-18x12.jpg 18w\" \/><\/div><span class=\"dpt-thumbnail-aspect-ratio\" style=\"padding-top: 67%\"><\/span><\/div><\/div><div class=\" sub-entry\"><h3 class=\" dpt-title\"><a class=\"dpt-title-link\" href=\"https:\/\/www.markus-schall.de\/fr\/2025\/11\/die-elektronische-patientenakte-epa-im-faktencheck-risiken-rechte-und-widerspruch\/\" rel=\"bookmark\">Die elektronische Patientenakte (ePA) im Faktencheck: Risiken, Rechte und Widerspruch<\/a><\/h3><\/div><\/div>\n\t\t\t\t\t\t<\/div><!-- .dpt-entry -->\n\t\t\t\t\t\t\t\t\t\t\t\t<div class=\"dpt-entry has-thumbnail\" data-title=\"elektronische rechnungen im mittelstand: xrechnung, zugferd und erp im \u00dcberblick\" data-id=\"3135\"  data-category=\"apple macos filemaker &amp; erp\" data-post_tag=\"datenbanken erp-software eu-gesetze filemaker gfm-business prozesse\">\n\t\t\t\t\t\t\t<div class=\"dpt-entry-wrapper\"><div class=\" dpt-featured-content\"><div class=\" dpt-permalink\"><a href=\"https:\/\/www.markus-schall.de\/fr\/2025\/10\/elektronische-rechnungen-im-mittelstand-xrechnung-zugferd-und-erp-im-ueberblick\/\" class=\"dpt-permalink\"><span class=\"screen-reader-text\">Elektronische Rechnungen im Mittelstand: XRechnung, ZUGFeRD und ERP im \u00dcberblick<\/span><\/a><\/div><div class=\" dpt-thumbnail\"><div class=\"dpt-thumbnail-inner\"><img width=\"1024\" height=\"683\" class=\"attachment-full size-full\" alt=\"\u00dcbersicht zur Pflicht elektronischer Rechnungen\" context=\"dpt\" data-dpt-src=\"https:\/\/www.markus-schall.de\/wp-content\/uploads\/elektronische-rechnungen-erp.jpg\" data-dpt-sizes=\"(max-width: 1024px) 100vw, 1024px\" data-dpt-srcset=\"https:\/\/www.markus-schall.de\/wp-content\/uploads\/elektronische-rechnungen-erp.jpg 1024w, https:\/\/www.markus-schall.de\/wp-content\/uploads\/elektronische-rechnungen-erp-300x200.jpg 300w, https:\/\/www.markus-schall.de\/wp-content\/uploads\/elektronische-rechnungen-erp-768x512.jpg 768w, https:\/\/www.markus-schall.de\/wp-content\/uploads\/elektronische-rechnungen-erp-18x12.jpg 18w\" \/><\/div><span class=\"dpt-thumbnail-aspect-ratio\" style=\"padding-top: 67%\"><\/span><\/div><\/div><div class=\" sub-entry\"><h3 class=\" dpt-title\"><a class=\"dpt-title-link\" href=\"https:\/\/www.markus-schall.de\/fr\/2025\/10\/elektronische-rechnungen-im-mittelstand-xrechnung-zugferd-und-erp-im-ueberblick\/\" rel=\"bookmark\">Elektronische Rechnungen im Mittelstand: XRechnung, ZUGFeRD und ERP im \u00dcberblick<\/a><\/h3><\/div><\/div>\n\t\t\t\t\t\t<\/div><!-- .dpt-entry -->\n\t\t\t\t\t\t\t\t\t\t\t\t<div class=\"dpt-entry has-thumbnail\" data-title=\"das 28. regime der eu: der stille umbau des europ\u00e4ischen wirtschaftsraums?\" data-id=\"3747\"  data-category=\"allgemein gesellschaft\" data-post_tag=\"auswandern eu-gesetze europa geopolitik\">\n\t\t\t\t\t\t\t<div class=\"dpt-entry-wrapper\"><div class=\" dpt-featured-content\"><div class=\" dpt-permalink\"><a href=\"https:\/\/www.markus-schall.de\/fr\/2025\/12\/das-28-regime-der-eu-der-stille-umbau-des-europaeischen-wirtschaftsraums\/\" class=\"dpt-permalink\"><span class=\"screen-reader-text\">Das 28. Regime der EU: Der stille Umbau des europ\u00e4ischen Wirtschaftsraums?<\/span><\/a><\/div><div class=\" dpt-thumbnail\"><div class=\"dpt-thumbnail-inner\"><img width=\"1024\" height=\"683\" class=\"attachment-full size-full\" alt=\"28. EU-Regime\" context=\"dpt\" data-dpt-src=\"https:\/\/www.markus-schall.de\/wp-content\/uploads\/EU-28-Regime.jpg\" data-dpt-sizes=\"(max-width: 1024px) 100vw, 1024px\" data-dpt-srcset=\"https:\/\/www.markus-schall.de\/wp-content\/uploads\/EU-28-Regime.jpg 1024w, https:\/\/www.markus-schall.de\/wp-content\/uploads\/EU-28-Regime-300x200.jpg 300w, https:\/\/www.markus-schall.de\/wp-content\/uploads\/EU-28-Regime-768x512.jpg 768w, https:\/\/www.markus-schall.de\/wp-content\/uploads\/EU-28-Regime-18x12.jpg 18w\" \/><\/div><span class=\"dpt-thumbnail-aspect-ratio\" style=\"padding-top: 67%\"><\/span><\/div><\/div><div class=\" sub-entry\"><h3 class=\" dpt-title\"><a class=\"dpt-title-link\" href=\"https:\/\/www.markus-schall.de\/fr\/2025\/12\/das-28-regime-der-eu-der-stille-umbau-des-europaeischen-wirtschaftsraums\/\" rel=\"bookmark\">Das 28. Regime der EU: Der stille Umbau des europ\u00e4ischen Wirtschaftsraums?<\/a><\/h3><\/div><\/div>\n\t\t\t\t\t\t<\/div><!-- .dpt-entry -->\n\t\t\t\t\t\t\t\t\t\t\t\t<div class=\"dpt-entry has-thumbnail\" data-title=\"die neuen eu-zensurgesetze: was chatcontrol, dsa, emfa und der ai act bedeuten\" data-id=\"3586\"  data-category=\"allgemein gesellschaft ki-systeme\" data-post_tag=\"datenschutz digitales eigentum eu-gesetze europa k\u00fcnstliche intelligenz llm meinungsfreiheit spieltheorie sprachmodell\">\n\t\t\t\t\t\t\t<div class=\"dpt-entry-wrapper\"><div class=\" dpt-featured-content\"><div class=\" dpt-permalink\"><a href=\"https:\/\/www.markus-schall.de\/fr\/2025\/11\/die-neuen-eu-zensurgesetze-was-chatcontrol-dsa-emfa-und-der-ai-act-bedeuten\/\" class=\"dpt-permalink\"><span class=\"screen-reader-text\">Die neuen EU-Zensurgesetze: Was Chatcontrol, DSA, EMFA und der AI Act bedeuten<\/span><\/a><\/div><div class=\" dpt-thumbnail\"><div class=\"dpt-thumbnail-inner\"><img width=\"1024\" height=\"683\" class=\"attachment-full size-full\" alt=\"EU Zensurgesetze\" context=\"dpt\" data-dpt-src=\"https:\/\/www.markus-schall.de\/wp-content\/uploads\/eu-zensurgesetze.jpg\" data-dpt-sizes=\"(max-width: 1024px) 100vw, 1024px\" data-dpt-srcset=\"https:\/\/www.markus-schall.de\/wp-content\/uploads\/eu-zensurgesetze.jpg 1024w, https:\/\/www.markus-schall.de\/wp-content\/uploads\/eu-zensurgesetze-300x200.jpg 300w, https:\/\/www.markus-schall.de\/wp-content\/uploads\/eu-zensurgesetze-768x512.jpg 768w, https:\/\/www.markus-schall.de\/wp-content\/uploads\/eu-zensurgesetze-18x12.jpg 18w\" \/><\/div><span class=\"dpt-thumbnail-aspect-ratio\" style=\"padding-top: 67%\"><\/span><\/div><\/div><div class=\" sub-entry\"><h3 class=\" dpt-title\"><a class=\"dpt-title-link\" href=\"https:\/\/www.markus-schall.de\/fr\/2025\/11\/die-neuen-eu-zensurgesetze-was-chatcontrol-dsa-emfa-und-der-ai-act-bedeuten\/\" rel=\"bookmark\">Die neuen EU-Zensurgesetze: Was Chatcontrol, DSA, EMFA und der AI Act bedeuten<\/a><\/h3><\/div><\/div>\n\t\t\t\t\t\t<\/div><!-- .dpt-entry -->\n\t\t\t\t\t\t\n\t\t\t\t<\/div>\n\t\t\t\t\t\t<\/div>\n\t\t\t\n<hr \/>\n<h2>H\u00e4ufig gestellte Fragen<\/h2>\n<ol>\n<li><strong>Was genau will die EU eigentlich mit diesen neuen digitalen Gesetzen erreichen?<\/strong><br \/>\nDie EU m\u00f6chte das Internet sicherer machen, Missbrauch bek\u00e4mpfen, die Verbreitung illegaler Inhalte eind\u00e4mmen und die Transparenz \u00fcber Medien und digitale Dienste erh\u00f6hen. Dahinter steht die Vorstellung, dass der bisherige Rechtsrahmen nicht mehr ausreicht, weil digitale Dienste heute einen riesigen Einfluss auf Gesellschaft und Demokratie haben. Die Ziele wirken nachvollziehbar, doch die daf\u00fcr geplanten Mittel sind weitreichend und teilweise umstritten.<\/li>\n<li><strong>Warum sprechen manche von \u201eZensurgesetzen\u201c, obwohl die EU das bestreitet?<\/strong><br \/>\nDer Begriff entsteht aus der Sorge, dass durch hohe Bu\u00dfgelder und unklare Definitionen (\u201eSystemrisiken\u201c, \u201eDesinformation\u201c) Plattformen Inhalte vorsorglich l\u00f6schen. So entsteht faktisch eine privatisierte Form der Zensur, auch wenn sie nicht offiziell als solche bezeichnet wird. Kritiker sehen das Problem weniger im Gesetzestext selbst, sondern in der Art, wie Plattformen darauf reagieren.<\/li>\n<li><strong>Was macht Chatcontrol bzw. CSAR so umstritten?<\/strong><br \/>\nWeil dieses Gesetz private Kommunikation potenziell automatisiert durchsuchen l\u00e4sst. Technisch bedeutet das oft \u201eClient-Side-Scanning\u201c, bei dem Inhalte gepr\u00fcft werden, bevor sie verschl\u00fcsselt werden. Kritiker sagen: Damit wird eine Infrastruktur geschaffen, die grunds\u00e4tzlich jede Kommunikation \u00fcberwachen k\u00f6nnte \u2014 egal, ob man etwas Verbotenes tut oder nicht.<\/li>\n<li><strong>Ist Chatcontrol schon beschlossen?<\/strong><br \/>\nNein. Es gibt massive Widerst\u00e4nde, vor allem aus Deutschland und anderen EU-Staaten. Der Entwurf ist politisch festgefahren, und Teile wurden mehrfach \u00fcberarbeitet. Aber er ist auch nicht vom Tisch \u2014 er schwebt weiter \u00fcber den Verhandlungen.<\/li>\n<li><strong>Was bedeutet der Digital Services Act (DSA) f\u00fcr ganz normale Menschen?<\/strong><br \/>\nBeitr\u00e4ge, Kommentare oder Posts auf gro\u00dfen Plattformen k\u00f6nnen schneller entfernt werden, wenn Plattformen etwas als potenziell illegal oder riskant einstufen. Nutzer m\u00fcssen sich darauf einstellen, dass der algorithmische \u201eFilter\u201c enger wird. Gleichzeitig gibt es mehr Transparenzrechte \u2014 man erf\u00e4hrt eher, warum ein Beitrag gesperrt wurde.<\/li>\n<li><strong>Wie betrifft der DSA kleine und mittlere Unternehmen?<\/strong><br \/>\nFirmen, die Social Media nutzen, Blog-Kommentare erlauben oder Online-Shop-Plattformen verwenden, sind indirekt betroffen. Ihre Inhalte k\u00f6nnen leichter Einschr\u00e4nkungen unterliegen \u2014 und sie m\u00fcssen st\u00e4rker auf die eigene Moderation achten. Fehler in Kommentarspalten oder Foren k\u00f6nnen zu rechtlichen Problemen f\u00fchren.<\/li>\n<li><strong>Was regelt das neue Medienfreiheitsgesetz (EMFA)?<\/strong><br \/>\nEs soll die Unabh\u00e4ngigkeit und Vielfalt der Medien sch\u00fctzen. Dazu geh\u00f6rt auch, dass Plattformen anerkannte Medien nicht ohne triftigen Grund herabstufen oder blockieren d\u00fcrfen. Kritiker f\u00fcrchten jedoch, dass dadurch eine Art Medien-Hierarchie entsteht, bei der etablierte Medien bevorzugt und alternative Stimmen benachteiligt werden.<\/li>\n<li><strong>Kann ein Unternehmen durch den EMFA \u201eprivilegierte\u201c Sichtbarkeit verlieren?<\/strong><br \/>\nJa \u2014 nicht direkt, aber indirekt. Inhalte kleiner Blogs oder Unternehmens-Webseiten konkurrieren mit \u201eanerkannten Medien\u201c, deren Sichtbarkeit algorithmisch gesch\u00fctzt wird. Das kann bedeuten, dass Firmeninhalte auf Plattformen weniger prominent erscheinen, weil Plattformen vorsichtigere Moderationsstrategien f\u00fcr Medien anwenden m\u00fcssen.<\/li>\n<li><strong>Was \u00e4ndert der AI Act f\u00fcr B\u00fcrger?<\/strong><br \/>\nViele KI-Inhalte \u2014 Bilder, Texte, Videos \u2014 m\u00fcssen k\u00fcnftig als KI-generiert gekennzeichnet werden. Das soll Transparenz schaffen, damit man erkennt, ob ein Mensch oder ein Algorithmus der Urheber ist. Besonders bei politischen oder manipulationsanf\u00e4lligen Themen spielt das eine gro\u00dfe Rolle.<\/li>\n<li><strong>Und was bedeutet der AI Act f\u00fcr Unternehmen?<\/strong><br \/>\nUnternehmen m\u00fcssen pr\u00fcfen, ob und wie sie KI einsetzen: im Marketing, im Kundenservice oder intern. Je nach Risikostufe m\u00fcssen sie dokumentieren, markieren oder erkl\u00e4ren, wie KI genutzt wird. Das kann zus\u00e4tzlichen Aufwand bedeuten, sch\u00fctzt aber langfristig auch vor rechtlichen Problemen.<\/li>\n<li><strong>Warum ist die Kombination all dieser Gesetze so kritisch?<\/strong><br \/>\nWeil jedes Gesetz eine eigene Funktion hat, aber erst das Zusammenwirken die Wirkung verst\u00e4rkt: \u00dcberwachung privater Kommunikation (CSAR), st\u00e4rkere Plattformkontrolle (DSA), mediale Hierarchien (EMFA) und KI-Kennzeichnungspflichten (AI Act). Kritiker sagen, dass dadurch ein Umfeld entsteht, in dem Kontrolle, Konformit\u00e4t und Vorsicht dominieren \u2014 mit Folgen f\u00fcr Debatte, Kreativit\u00e4t und Freiheit.<\/li>\n<li><strong>Was raten Experten normalen B\u00fcrgern im Umgang mit diesen Ver\u00e4nderungen?<\/strong><br \/>\nGelassen bleiben, aber aufmerksam. Eigene Informationswege pflegen, nicht alles einer einzigen Plattform \u00fcberlassen und bewusst mit privaten oder sensiblen Inhalten umgehen. Wichtig ist, zu verstehen, dass digitale Kommunikation nicht mehr \u201eneutral\u201c moderiert wird, sondern zunehmend regelgesteuert.<\/li>\n<li><strong>Wie kann man sich als B\u00fcrger gegen Fehlentscheidungen von Plattformen wehren?<\/strong><br \/>\nDer DSA gibt neue Rechte: Man kann Moderationsentscheidungen anfechten, Beschwerden einreichen und eine Begr\u00fcndung verlangen. Das ist ein Fortschritt &#8211; aber erfordert Zeit, Ausdauer und manchmal auch juristische Unterst\u00fctzung.<\/li>\n<li><strong>Was sollten kleine Unternehmen in den n\u00e4chsten Jahren konkret vorbereiten?<\/strong><br \/>\nSie sollten klare interne Regeln zur Kommunikation schaffen, Kommentarbereiche besser kontrollieren, KI-Nutzung dokumentieren und pr\u00fcfen, welche Plattformen sie wirklich brauchen. Es lohnt sich, nicht alles \u00f6ffentlich zu machen, was intern geregelt werden kann.<\/li>\n<li><strong>Wer geh\u00f6rt zu den seri\u00f6sen Kritikern dieser Gesetze?<\/strong><br \/>\nPatrick Breyer (Europ\u00e4isches Parlament), European Digital Rights (EDRi), die Messenger-App Signal, IT-Sicherheitsforschende sowie zahlreiche Medienrechtler. Ihre Kritik basiert weniger auf Ideologie, sondern auf technischen und rechtsstaatlichen Bedenken.<\/li>\n<li><strong>Geht es bei all diesen Gesetzen letztlich um Zensur?<\/strong><br \/>\nDas kommt darauf an, wen man fragt. Bef\u00fcrworter sagen: Es geht um Sicherheit und Ordnung. Kritiker sagen: Auch wenn \u201eZensur\u201c nicht im Gesetz steht, entsteht durch Pflichten, Strafen und Risikoaversion eine faktische Einschr\u00e4nkung der Sichtbarkeit und Freiheit. Die Wahrheit liegt wahrscheinlich irgendwo dazwischen \u2014 aber der Trend ist eindeutig: Kommunikationsr\u00e4ume werden st\u00e4rker reguliert.<\/li>\n<li><strong>Sind diese neuen Regeln gef\u00e4hrlich f\u00fcr die Demokratie?<\/strong><br \/>\nNicht unbedingt per se \u2014 aber sie k\u00f6nnen es werden, wenn sie falsch umgesetzt oder sp\u00e4ter politisch erweitert werden. Demokratie lebt von offenen Debatten, Kritik und Vielfalt. Wenn Plattformen vor Angst zu viel l\u00f6schen oder wenn Kommunikationswege \u00fcberwacht werden, kann das die demokratische Kultur schw\u00e4chen.<\/li>\n<li><strong>Wie sollte ein Unternehmen oder B\u00fcrger langfristig reagieren?<\/strong><br \/>\nAm besten mit einer Mischung aus informierter Gelassenheit und praktischer Vorbereitung. Man sollte sich nicht einsch\u00fcchtern lassen, aber auch nicht naiv sein. Wer seine Kommunikationswege klug w\u00e4hlt, Transparenz schafft und die eigenen Daten sch\u00fctzt, bleibt handlungsf\u00e4hig \u2014 auch in einem Umfeld, das st\u00e4rker reguliert wird.<\/li>\n<\/ol>\n<hr \/>\n<h2>\u00c4ltere Nachrichten zu Chat Control und EU-Zensurgesetzen<\/h2>\n<p><strong>27.11.2025<\/strong> &#8211; Die EU-Staaten haben sich <a href=\"https:\/\/www.tagesschau.de\/ausland\/eu-chatkontrolle-102.html\" target=\"_blank\" rel=\"noopener\"><strong>laut Tagesschau<\/strong><\/a> nach langen Auseinandersetzungen darauf geeinigt, keine verpflichtende Chatkontrolle einzuf\u00fchren. Dienste wie WhatsApp oder Signal m\u00fcssen ihre Nachrichten vorerst nicht automatisch auf Darstellungen sexualisierter Gewalt an Kindern scannen. Der urspr\u00fcngliche Plan scheiterte unter anderem am deutlichen Widerstand Deutschlands. Stattdessen setzt die EU nun auf freiwillige Ma\u00dfnahmen der Anbieter. Eine bisher befristete Ausnahme, die freiwillige Scans trotz Datenschutzregeln erlaubt, soll dauerhaft verankert werden. Nach drei Jahren will die EU-Kommission pr\u00fcfen, ob doch eine Pflicht n\u00f6tig w\u00e4re. Die Plattformen sollen laut Entwurf dennoch Risiken f\u00fcr Kinder aktiv reduzieren, etwa durch zuverl\u00e4ssige Alterspr\u00fcfung. Au\u00dferdem ist ein neues EU-Zentrum gegen Kindesmissbrauch geplant, das nationalen Beh\u00f6rden zuarbeiten soll. Bevor die Regelungen in Kraft treten, m\u00fcssen sich EU-Ministerrat und Europ\u00e4isches Parlament noch auf eine gemeinsame Fassung des Gesetzes verst\u00e4ndigen.<\/p>\n<p>In der Berliner Zeitung ist kurze Zeit sp\u00e4ter allerdings ein <a href=\"https:\/\/www.berliner-zeitung.de\/politik-gesellschaft\/geopolitik\/eu-chatkontrolle-massenueberwachung-und-ende-der-anonymitaet-internet-li.10007640\" target=\"_blank\" rel=\"noopener\"><strong>kritischer Bericht<\/strong><\/a> dazu erschienen, der die Formulierung der Tagesschau und die &#8222;Freiwilligkeit&#8220; der Chatkontrolle in Frage stellt. Patrick Breyer, Digitalfreiheitsaktivist, kritisiert in dem Bericht den freiwilligen Ansatz und warnt die \u00d6ffentlichkeit, sich von der Bezeichnung &#8222;freiwillig&#8220; t\u00e4uschen zu lassen.<\/p>\n<p>Experten und Datensch\u00fctzer <a href=\"https:\/\/www.wbs.legal\/allgemein\/chatkontrolle-vorerst-gestoppt-bedeutet-das-nein-aus-deutschland-das-ende-der-eu-plaene-84174\" target=\"_blank\" rel=\"noopener\"><strong>warnen zudem<\/strong><\/a>, dass diese Freiwilligkeit lediglich eine Hintert\u00fcr sei und die Grundrechte weiterhin gef\u00e4hrdet bleiben k\u00f6nnten, etwa durch clientseitiges Scanning oder den Aufbau einer EU-Zentrale f\u00fcr Kindermissbrauchsbek\u00e4mpfung. Kritiker betonen, dass die Debatte damit keineswegs beendet sei und weitere politische Auseinandersetzungen folgen werden.<\/p>\n<p><strong>24.11.2025<\/strong> &#8211; Ein <a href=\"https:\/\/www.berliner-zeitung.de\/politik-gesellschaft\/geopolitik\/eu-chatkontrolle-soll-ohne-diskussion-durchgewinkt-werden-li.10007107\" target=\"_blank\" rel=\"noopener\"><strong>Artikel der Berliner Zeitung<\/strong><\/a> berichtet, dass die Regulation to Prevent and Combat Child Sexual Abuse (CSAR)-Initiative &#8211; oft als \u201eChatcontrol\u201c bezeichnet &#8211; in der Europ\u00e4ische Union laut Insider-Angaben ohne \u00f6ffentliche Debatte durchgewunken werden soll. Obwohl die explizite Pflicht zum Scannen von Chats offiziell gestrichen wurde, enth\u00e4lt der neue Entwurf ein Schlupfloch: Anbieter sollen weiterhin \u201eangemessene Risikominderungsma\u00dfnahmen\u201c umsetzen, was faktisch automatisiertes Scannen bedeuten k\u00f6nnte. Kritiker warnen, dass damit die Ende-zu-Ende-Verschl\u00fcsselung ausgeh\u00f6hlt und private Kommunikation k\u00fcnftig automatisch durchsuchbar wird.<\/p>\n<hr \/>\n\n\t\t\t<div class=\"display-post-types\">\n\n\t\t\t\t\t\t\t<style type=\"text\/css\">\n\t\t\t#dpt-wrapper-944 { --dpt-text-align: left;--dpt-image-crop: center;--dpt-border-radius: 5px;--dpt-h-gutter: 10px;--dpt-v-gutter: 9px; }\t\t\t<\/style>\n\t\t\t<style type=\"text\/css\">#dpt-wrapper-944 { --dpt-title-font-style:normal;--dpt-title-font-weight:600;--dpt-title-line-height:1.5;--dpt-title-text-decoration:none;--dpt-title-text-transform:none;--dpt-excerpt-font-style:normal;--dpt-excerpt-font-weight:400;--dpt-excerpt-line-height:1.5;--dpt-excerpt-text-decoration:none;--dpt-excerpt-text-transform:none;--dpt-meta1-font-style:normal;--dpt-meta1-font-weight:400;--dpt-meta1-line-height:1.9;--dpt-meta1-text-decoration:none;--dpt-meta1-text-transform:none;--dpt-meta2-font-style:normal;--dpt-meta2-font-weight:400;--dpt-meta2-line-height:1.9;--dpt-meta2-text-decoration:none;--dpt-meta2-text-transform:none; }<\/style><div class=\" dpt-main-header\">\n\t\t\t\t\t\t<div class=\"dpt-main-title\">\n\t\t\t\t\t\t\t<span class=\"dpt-main-title-text\">Gesellschaftsthemen der Gegenwart<\/span>\n\t\t\t\t\t\t<\/div>\n\t\t\t\t\t\t\n\t\t\t\t\t\t\n\t\t\t\t\t\t\n\t\t\t\t\t\t<\/div>\t\t\t\n\t\t\t\t<div id=\"dpt-wrapper-944\" class=\"dpt-wrapper dpt-mag1 land1 dpt-cropped dpt-flex-wrap\" >\n\n\t\t\t\t\t\t\t\t\t\t\t<div class=\"dpt-entry has-thumbnail\" data-title=\"zukunft mit ladeger\u00e4t &#8211; herr von l&#8217;oreot kauft einen e-scooter\" data-id=\"3229\"  data-category=\"allgemein gesellschaft kunst &amp; kultur stories &amp; humor\" data-post_tag=\"erfahrungen\">\n\t\t\t\t\t\t\t<div class=\"dpt-entry-wrapper\"><div class=\" dpt-featured-content\"><div class=\" dpt-permalink\"><a href=\"https:\/\/www.markus-schall.de\/fr\/2025\/10\/zukunft-mit-ladegeraet-herr-von-loreot-kauft-einen-e-scooter\/\" class=\"dpt-permalink\"><span class=\"screen-reader-text\">Zukunft mit Ladeger\u00e4t &#8211; Herr von L&#8217;oreot kauft einen E-Scooter<\/span><\/a><\/div><div class=\" dpt-thumbnail\"><div class=\"dpt-thumbnail-inner\"><img width=\"1024\" height=\"747\" class=\"attachment-full size-full\" alt=\"\" context=\"dpt\" data-dpt-src=\"https:\/\/www.markus-schall.de\/wp-content\/uploads\/loereot-e-scooter-1.jpg\" data-dpt-sizes=\"(max-width: 1024px) 100vw, 1024px\" data-dpt-srcset=\"https:\/\/www.markus-schall.de\/wp-content\/uploads\/loereot-e-scooter-1.jpg 1024w, https:\/\/www.markus-schall.de\/wp-content\/uploads\/loereot-e-scooter-1-300x219.jpg 300w, https:\/\/www.markus-schall.de\/wp-content\/uploads\/loereot-e-scooter-1-768x560.jpg 768w, https:\/\/www.markus-schall.de\/wp-content\/uploads\/loereot-e-scooter-1-16x12.jpg 16w\" \/><\/div><span class=\"dpt-thumbnail-aspect-ratio\" style=\"padding-top: 75%\"><\/span><\/div><\/div><div class=\" sub-entry\"><h3 class=\" dpt-title\"><a class=\"dpt-title-link\" href=\"https:\/\/www.markus-schall.de\/fr\/2025\/10\/zukunft-mit-ladegeraet-herr-von-loreot-kauft-einen-e-scooter\/\" rel=\"bookmark\">Zukunft mit Ladeger\u00e4t &#8211; Herr von L&#8217;oreot kauft einen E-Scooter<\/a><\/h3><\/div><\/div>\n\t\t\t\t\t\t<\/div><!-- .dpt-entry -->\n\t\t\t\t\t\t\t\t\t\t\t\t<div class=\"dpt-entry has-thumbnail\" data-title=\"was unsere opas vom krieg erz\u00e4hlten &#8211; und warum diese stimmen heute fehlen\" data-id=\"4674\"  data-category=\"allgemein gesellschaft\" data-post_tag=\"deutschland erfahrungen europa geopolitik krisen meinungsfreiheit musik sicherheitspolitik\">\n\t\t\t\t\t\t\t<div class=\"dpt-entry-wrapper\"><div class=\" dpt-featured-content\"><div class=\" dpt-permalink\"><a href=\"https:\/\/www.markus-schall.de\/fr\/2026\/01\/was-unsere-opas-vom-krieg-erzaehlten-und-warum-diese-stimmen-heute-fehlen\/\" class=\"dpt-permalink\"><span class=\"screen-reader-text\">Was unsere Opas vom Krieg erz\u00e4hlten &#8211; und warum diese Stimmen heute fehlen<\/span><\/a><\/div><div class=\" dpt-thumbnail\"><div class=\"dpt-thumbnail-inner\"><img width=\"1024\" height=\"683\" class=\"attachment-full size-full\" alt=\"Kriegserinnerungen der Gro\u00dfv\u00e4ter\" context=\"dpt\" data-dpt-src=\"https:\/\/www.markus-schall.de\/wp-content\/uploads\/Opa-Kriegserinnerungen.jpg\" data-dpt-sizes=\"(max-width: 1024px) 100vw, 1024px\" data-dpt-srcset=\"https:\/\/www.markus-schall.de\/wp-content\/uploads\/Opa-Kriegserinnerungen.jpg 1024w, https:\/\/www.markus-schall.de\/wp-content\/uploads\/Opa-Kriegserinnerungen-300x200.jpg 300w, https:\/\/www.markus-schall.de\/wp-content\/uploads\/Opa-Kriegserinnerungen-768x512.jpg 768w, https:\/\/www.markus-schall.de\/wp-content\/uploads\/Opa-Kriegserinnerungen-18x12.jpg 18w\" \/><\/div><span class=\"dpt-thumbnail-aspect-ratio\" style=\"padding-top: 75%\"><\/span><\/div><\/div><div class=\" sub-entry\"><h3 class=\" dpt-title\"><a class=\"dpt-title-link\" href=\"https:\/\/www.markus-schall.de\/fr\/2026\/01\/was-unsere-opas-vom-krieg-erzaehlten-und-warum-diese-stimmen-heute-fehlen\/\" rel=\"bookmark\">Was unsere Opas vom Krieg erz\u00e4hlten &#8211; und warum diese Stimmen heute fehlen<\/a><\/h3><\/div><\/div>\n\t\t\t\t\t\t<\/div><!-- .dpt-entry -->\n\t\t\t\t\t\t\t\t\t\t\t\t<div class=\"dpt-entry has-thumbnail\" data-title=\"wer ist eigentlich j. d. vance? ein portrait zu herkunft, karriere, widerspr\u00fcchen und zukunft\" data-id=\"5395\"  data-category=\"allgemein gesellschaft\" data-post_tag=\"energiepolitik erfahrungen europa geopolitik krisen meinungsfreiheit portrait sicherheitspolitik\">\n\t\t\t\t\t\t\t<div class=\"dpt-entry-wrapper\"><div class=\" dpt-featured-content\"><div class=\" dpt-permalink\"><a href=\"https:\/\/www.markus-schall.de\/fr\/2026\/03\/wer-ist-eigentlich-j-d-vance-ein-portrait-zu-herkunft-karriere-widerspruechen-und-zukunft\/\" class=\"dpt-permalink\"><span class=\"screen-reader-text\">Wer ist eigentlich J. D. Vance? Ein Portrait zu Herkunft, Karriere, Widerspr\u00fcchen und Zukunft<\/span><\/a><\/div><div class=\" dpt-thumbnail\"><div class=\"dpt-thumbnail-inner\"><img width=\"1024\" height=\"683\" class=\"attachment-full size-full\" alt=\"Wer ist J. D. Vance?\" context=\"dpt\" data-dpt-src=\"https:\/\/www.markus-schall.de\/wp-content\/uploads\/JD-Vance-Portrait.jpg\" data-dpt-sizes=\"(max-width: 1024px) 100vw, 1024px\" data-dpt-srcset=\"https:\/\/www.markus-schall.de\/wp-content\/uploads\/JD-Vance-Portrait.jpg 1024w, https:\/\/www.markus-schall.de\/wp-content\/uploads\/JD-Vance-Portrait-300x200.jpg 300w, https:\/\/www.markus-schall.de\/wp-content\/uploads\/JD-Vance-Portrait-768x512.jpg 768w, https:\/\/www.markus-schall.de\/wp-content\/uploads\/JD-Vance-Portrait-18x12.jpg 18w\" \/><\/div><span class=\"dpt-thumbnail-aspect-ratio\" style=\"padding-top: 75%\"><\/span><\/div><\/div><div class=\" sub-entry\"><h3 class=\" dpt-title\"><a class=\"dpt-title-link\" href=\"https:\/\/www.markus-schall.de\/fr\/2026\/03\/wer-ist-eigentlich-j-d-vance-ein-portrait-zu-herkunft-karriere-widerspruechen-und-zukunft\/\" rel=\"bookmark\">Wer ist eigentlich J. D. Vance? Ein Portrait zu Herkunft, Karriere, Widerspr\u00fcchen und Zukunft<\/a><\/h3><\/div><\/div>\n\t\t\t\t\t\t<\/div><!-- .dpt-entry -->\n\t\t\t\t\t\t\t\t\t\t\t\t<div class=\"dpt-entry has-thumbnail\" data-title=\"energie, macht und abh\u00e4ngigkeit: europas weg vom exportweltmeister zum nachfrager\" data-id=\"4945\"  data-category=\"allgemein gesellschaft\" data-post_tag=\"denkmodelle deutschland energiepolitik eu-gesetze europa geopolitik krisen meinungsfreiheit sicherheitspolitik\">\n\t\t\t\t\t\t\t<div class=\"dpt-entry-wrapper\"><div class=\" dpt-featured-content\"><div class=\" dpt-permalink\"><a href=\"https:\/\/www.markus-schall.de\/fr\/2026\/02\/energie-macht-und-abhaengigkeit-europas-weg-vom-exportweltmeister-zum-nachfrager\/\" class=\"dpt-permalink\"><span class=\"screen-reader-text\">Energie, Macht und Abh\u00e4ngigkeit: Europas Weg vom Exportweltmeister zum Nachfrager<\/span><\/a><\/div><div class=\" dpt-thumbnail\"><div class=\"dpt-thumbnail-inner\"><img width=\"1024\" height=\"683\" class=\"attachment-full size-full\" alt=\"Europa und Energie\" context=\"dpt\" data-dpt-src=\"https:\/\/www.markus-schall.de\/wp-content\/uploads\/Europa-Energie.jpg\" data-dpt-sizes=\"(max-width: 1024px) 100vw, 1024px\" data-dpt-srcset=\"https:\/\/www.markus-schall.de\/wp-content\/uploads\/Europa-Energie.jpg 1024w, https:\/\/www.markus-schall.de\/wp-content\/uploads\/Europa-Energie-300x200.jpg 300w, https:\/\/www.markus-schall.de\/wp-content\/uploads\/Europa-Energie-768x512.jpg 768w, https:\/\/www.markus-schall.de\/wp-content\/uploads\/Europa-Energie-18x12.jpg 18w\" \/><\/div><span class=\"dpt-thumbnail-aspect-ratio\" style=\"padding-top: 75%\"><\/span><\/div><\/div><div class=\" sub-entry\"><h3 class=\" dpt-title\"><a class=\"dpt-title-link\" href=\"https:\/\/www.markus-schall.de\/fr\/2026\/02\/energie-macht-und-abhaengigkeit-europas-weg-vom-exportweltmeister-zum-nachfrager\/\" rel=\"bookmark\">Energie, Macht und Abh\u00e4ngigkeit: Europas Weg vom Exportweltmeister zum Nachfrager<\/a><\/h3><\/div><\/div>\n\t\t\t\t\t\t<\/div><!-- .dpt-entry -->\n\t\t\t\t\t\t\n\t\t\t\t<\/div>\n\t\t\t\t\t\t<\/div>\n\t\t\t\n<hr \/>\n","protected":false},"excerpt":{"rendered":"<p>Dans un monde de plus en plus num\u00e9ris\u00e9, nous passons beaucoup de temps en ligne : Chatter, acheter, travailler, s'informer. Parall\u00e8lement, les r\u00e8gles r\u00e9gissant la mani\u00e8re dont les contenus sont partag\u00e9s, mod\u00e9r\u00e9s ou contr\u00f4l\u00e9s \u00e9voluent. Le Digital Services Act (DSA), le European Media Freedom Act (EMFA), le futur Regulation to Prevent and Combat Child Sexual Abuse (CSAR, souvent appel\u00e9 \u201eChatcontrol\u201c) et le ... <a title=\"\u00c9nergie, pouvoir et d\u00e9pendance : le parcours de l&#039;Europe de championne des exportations \u00e0 demandeur\" class=\"read-more\" href=\"https:\/\/www.markus-schall.de\/fr\/2026\/02\/energie-macht-und-abhaengigkeit-europas-weg-vom-exportweltmeister-zum-nachfrager\/\" aria-label=\"En savoir plus sur \u00c9nergie, puissance et d\u00e9pendance : le parcours de l&#039;Europe de championne de l&#039;exportation \u00e0 celle de la demande\">Lire la suite<\/a><\/p>","protected":false},"author":1,"featured_media":3642,"comment_status":"open","ping_status":"open","sticky":false,"template":"","format":"standard","meta":{"iawp_total_views":760,"footnotes":""},"categories":[1,466,431],"tags":[469,473,470,475,471,433,476,478,434],"class_list":["post-3586","post","type-post","status-publish","format-standard","has-post-thumbnail","hentry","category-allgemein","category-gesellschaft","category-ki-systeme","tag-datenschutz","tag-digitales-eigentum","tag-eu-gesetze","tag-europa","tag-kuenstliche-intelligenz","tag-llm","tag-meinungsfreiheit","tag-spieltheorie","tag-sprachmodell"],"_links":{"self":[{"href":"https:\/\/www.markus-schall.de\/fr\/wp-json\/wp\/v2\/posts\/3586","targetHints":{"allow":["GET"]}}],"collection":[{"href":"https:\/\/www.markus-schall.de\/fr\/wp-json\/wp\/v2\/posts"}],"about":[{"href":"https:\/\/www.markus-schall.de\/fr\/wp-json\/wp\/v2\/types\/post"}],"author":[{"embeddable":true,"href":"https:\/\/www.markus-schall.de\/fr\/wp-json\/wp\/v2\/users\/1"}],"replies":[{"embeddable":true,"href":"https:\/\/www.markus-schall.de\/fr\/wp-json\/wp\/v2\/comments?post=3586"}],"version-history":[{"count":35,"href":"https:\/\/www.markus-schall.de\/fr\/wp-json\/wp\/v2\/posts\/3586\/revisions"}],"predecessor-version":[{"id":6341,"href":"https:\/\/www.markus-schall.de\/fr\/wp-json\/wp\/v2\/posts\/3586\/revisions\/6341"}],"wp:featuredmedia":[{"embeddable":true,"href":"https:\/\/www.markus-schall.de\/fr\/wp-json\/wp\/v2\/media\/3642"}],"wp:attachment":[{"href":"https:\/\/www.markus-schall.de\/fr\/wp-json\/wp\/v2\/media?parent=3586"}],"wp:term":[{"taxonomy":"category","embeddable":true,"href":"https:\/\/www.markus-schall.de\/fr\/wp-json\/wp\/v2\/categories?post=3586"},{"taxonomy":"post_tag","embeddable":true,"href":"https:\/\/www.markus-schall.de\/fr\/wp-json\/wp\/v2\/tags?post=3586"}],"curies":[{"name":"wp","href":"https:\/\/api.w.org\/{rel}","templated":true}]}}