{"id":3675,"date":"2025-11-25T14:55:57","date_gmt":"2025-11-25T14:55:57","guid":{"rendered":"https:\/\/www.markus-schall.de\/?p=3675"},"modified":"2025-12-07T13:48:46","modified_gmt":"2025-12-07T13:48:46","slug":"la-suite-graphique-affinity-devient-gratuite-ce-que-les-utilisateurs-professionnels-doivent-savoir-maintenant","status":"publish","type":"post","link":"https:\/\/www.markus-schall.de\/fr\/2025\/11\/la-suite-graphique-affinity-devient-gratuite-ce-que-les-utilisateurs-professionnels-doivent-savoir-maintenant\/","title":{"rendered":"La suite graphique Affinity devient gratuite : Ce que les utilisateurs professionnels doivent savoir maintenant"},"content":{"rendered":"<p>Lorsque l'on travaille comme moi depuis des d\u00e9cennies avec des programmes de mise en page et de composition, on ressent g\u00e9n\u00e9ralement ces bouleversements plus nettement que ceux qui ne sont dans ce monde que depuis peu. J'ai vu beaucoup de choses venir et partir au fil des ans : Au d\u00e9but des ann\u00e9es 90, je travaillais sur Atari ST avec Calamus SL et plus tard, sous Windows, avec CorelDraw ! Plus tard, j'ai suivi QuarkXPress, puis iCalamus, Adobe InDesign - et enfin, il y a quelques ann\u00e9es, Affinity Publisher. Depuis, la suite Affinity m'accompagne dans presque tous mes projets de livres. Au fil des ann\u00e9es, elle a \u00e9t\u00e9 un outil fiable, agr\u00e9ablement d\u00e9pouill\u00e9, clairement structur\u00e9 et d\u00e9pourvu de ce poids que de nombreuses grandes soci\u00e9t\u00e9s de logiciels se sont impos\u00e9es au fil du temps.<!--more--><\/p>\n<p>Le tournant que nous vivons actuellement est d'autant plus important : Serif, l'entreprise britannique derri\u00e8re Affinity, a \u00e9t\u00e9 rachet\u00e9e par Canva en 2024, et \u201eAffinity by Canva\u201c est disponible depuis quelques semaines sous une forme enti\u00e8rement nouvelle - gratuitement, \u201efree forever\u201c, comme on dit. Les trois programmes distincts Designer, Photo et Publisher n'existent plus sous cette forme ; tout est d\u00e9sormais regroup\u00e9 dans une seule application. Pour le grand public, cela ressemble \u00e0 un cadeau. Pour les utilisateurs de longue date comme moi, c'est un changement qui m\u00e9rite de l'attention. Car lorsqu'un outil sur lequel on a compt\u00e9 pendant des ann\u00e9es change soudainement de structure de base, on y regarde traditionnellement d'un peu plus pr\u00e8s. C'est ce que l'on faisait autrefois - et cela nous a g\u00e9n\u00e9ralement \u00e9vit\u00e9 de mauvaises surprises.<\/p>\n<hr \/>\n\n\t\t\t<div class=\"display-post-types\">\n\n\t\t\t\t\t\t\t<style type=\"text\/css\">\n\t\t\t#dpt-wrapper-317 { --dpt-text-align: left;--dpt-image-crop: center;--dpt-border-radius: 5px;--dpt-h-gutter: 10px;--dpt-v-gutter: 9px; }\t\t\t<\/style>\n\t\t\t<style type=\"text\/css\">#dpt-wrapper-317 { --dpt-title-font-style:normal;--dpt-title-font-weight:600;--dpt-title-line-height:1.5;--dpt-title-text-decoration:none;--dpt-title-text-transform:none;--dpt-excerpt-font-style:normal;--dpt-excerpt-font-weight:400;--dpt-excerpt-line-height:1.5;--dpt-excerpt-text-decoration:none;--dpt-excerpt-text-transform:none;--dpt-meta1-font-style:normal;--dpt-meta1-font-weight:400;--dpt-meta1-line-height:1.9;--dpt-meta1-text-decoration:none;--dpt-meta1-text-transform:none;--dpt-meta2-font-style:normal;--dpt-meta2-font-weight:400;--dpt-meta2-line-height:1.9;--dpt-meta2-text-decoration:none;--dpt-meta2-text-transform:none; }<\/style><div class=\"dpt-main-header\">\n\t\t\t\t\t\t<div class=\"dpt-main-title\">\n\t\t\t\t\t\t\t<span class=\"dpt-main-title-text\">Th\u00e8mes de soci\u00e9t\u00e9 contemporains<\/span>\n\t\t\t\t\t\t<\/div>\n\t\t\t\t\t\t\n\t\t\t\t\t\t\n\t\t\t\t\t\t\n\t\t\t\t\t\t<\/div>\t\t\t\n\t\t\t\t<div id=\"dpt-wrapper-317\" class=\"dpt-wrapper dpt-mag1 land1 dpt-cropped dpt-flex-wrap\" >\n\n\t\t\t\t\t\t\t\t\t\t\t<div class=\"dpt-entry has-thumbnail\" data-title=\"sinkende gasspeicher in deutschland: technik, grenzen und politische konsequenzen\" data-id=\"4581\"  data-category=\"allgemein gesellschaft\" data-post_tag=\"deutschland energiepolitik europa krisen ratgeber\">\n\t\t\t\t\t\t\t<div class=\"dpt-entry-wrapper\"><div class=\"dpt-featured-content\"><div class=\"dpt-permalink\"><a href=\"https:\/\/www.markus-schall.de\/fr\/2026\/01\/baisse-du-stockage-de-gaz-en-allemagne-technique-limites-et-consequences-politiques\/\" class=\"dpt-permalink\"><span class=\"screen-reader-text\">Stockage de gaz en baisse en Allemagne : technique, limites et cons\u00e9quences politiques<\/span><\/a><\/div><div class=\"dpt-thumbnail\"><div class=\"dpt-thumbnail-inner\"><img width=\"1024\" height=\"683\" class=\"attachment-full size-full\" alt=\"Stockage de gaz en Allemagne\" context=\"dpt\" data-dpt-src=\"https:\/\/www.markus-schall.de\/wp-content\/uploads\/Gasspeicher-Deutschland.jpg\" data-dpt-sizes=\"(max-width: 1024px) 100vw, 1024px\" data-dpt-srcset=\"https:\/\/www.markus-schall.de\/wp-content\/uploads\/Gasspeicher-Deutschland.jpg 1024w, https:\/\/www.markus-schall.de\/wp-content\/uploads\/Gasspeicher-Deutschland-300x200.jpg 300w, https:\/\/www.markus-schall.de\/wp-content\/uploads\/Gasspeicher-Deutschland-768x512.jpg 768w, https:\/\/www.markus-schall.de\/wp-content\/uploads\/Gasspeicher-Deutschland-18x12.jpg 18w\" \/><\/div><span class=\"dpt-thumbnail-aspect-ratio\" style=\"padding-top: 75%\"><\/span><\/div><\/div><div class=\"sub-entry\"><h3 class=\"dpt-title\"><a class=\"dpt-title-link\" href=\"https:\/\/www.markus-schall.de\/fr\/2026\/01\/baisse-du-stockage-de-gaz-en-allemagne-technique-limites-et-consequences-politiques\/\" rel=\"bookmark\">Stockage de gaz en baisse en Allemagne : technique, limites et cons\u00e9quences politiques<\/a><\/h3><\/div><\/div>\n\t\t\t\t\t\t<\/div><!-- .dpt-entry -->\n\t\t\t\t\t\t\t\t\t\t\t\t<div class=\"dpt-entry has-thumbnail\" data-title=\"der iran\u2013israel-konflikt: warum diese eskalation der strategische albtraum des westens ist\" data-id=\"5212\"  data-category=\"allgemein gesellschaft\" data-post_tag=\"denkmodelle energiepolitik europa geopolitik krisen k\u00fcnstliche intelligenz meinungsfreiheit sicherheitspolitik spieltheorie\">\n\t\t\t\t\t\t\t<div class=\"dpt-entry-wrapper\"><div class=\"dpt-featured-content\"><div class=\"dpt-permalink\"><a href=\"https:\/\/www.markus-schall.de\/fr\/2026\/03\/le-conflit-iran-israel-pourquoi-cette-escalade-est-le-cauchemar-strategique-de-loccident\/\" class=\"dpt-permalink\"><span class=\"screen-reader-text\">Le conflit Iran-Isra\u00ebl : pourquoi cette escalade est le cauchemar strat\u00e9gique de l'Occident<\/span><\/a><\/div><div class=\"dpt-thumbnail\"><div class=\"dpt-thumbnail-inner\"><img width=\"1024\" height=\"683\" class=\"attachment-full size-full\" alt=\"Isra\u00ebl-Iran - Un cauchemar strat\u00e9gique\" context=\"dpt\" data-dpt-src=\"https:\/\/www.markus-schall.de\/wp-content\/uploads\/Israel-Iran-Strategischer-Albtraum.jpg\" data-dpt-sizes=\"(max-width: 1024px) 100vw, 1024px\" data-dpt-srcset=\"https:\/\/www.markus-schall.de\/wp-content\/uploads\/Israel-Iran-Strategischer-Albtraum.jpg 1024w, https:\/\/www.markus-schall.de\/wp-content\/uploads\/Israel-Iran-Strategischer-Albtraum-300x200.jpg 300w, https:\/\/www.markus-schall.de\/wp-content\/uploads\/Israel-Iran-Strategischer-Albtraum-768x512.jpg 768w, https:\/\/www.markus-schall.de\/wp-content\/uploads\/Israel-Iran-Strategischer-Albtraum-18x12.jpg 18w\" \/><\/div><span class=\"dpt-thumbnail-aspect-ratio\" style=\"padding-top: 75%\"><\/span><\/div><\/div><div class=\"sub-entry\"><h3 class=\"dpt-title\"><a class=\"dpt-title-link\" href=\"https:\/\/www.markus-schall.de\/fr\/2026\/03\/le-conflit-iran-israel-pourquoi-cette-escalade-est-le-cauchemar-strategique-de-loccident\/\" rel=\"bookmark\">Le conflit Iran-Isra\u00ebl : pourquoi cette escalade est le cauchemar strat\u00e9gique de l'Occident<\/a><\/h3><\/div><\/div>\n\t\t\t\t\t\t<\/div><!-- .dpt-entry -->\n\t\t\t\t\t\t\t\t\t\t\t\t<div class=\"dpt-entry has-thumbnail\" data-title=\"was bedeutet der spannungsfall in deutschland \u2013 und welche folgen h\u00e4tte er konkret?\" data-id=\"2997\"  data-category=\"allgemein b\u00fccher gesellschaft tipps &amp; anleitungen\" data-post_tag=\"buch deutschland geopolitik gesundheit krisen pers\u00f6nlichkeitsentwicklung ratgeber sicherheitspolitik\">\n\t\t\t\t\t\t\t<div class=\"dpt-entry-wrapper\"><div class=\"dpt-featured-content\"><div class=\"dpt-permalink\"><a href=\"https:\/\/www.markus-schall.de\/fr\/2025\/10\/que-signifie-la-tension-en-allemagne-et-quelles-en-seraient-les-consequences-concretes\/\" class=\"dpt-permalink\"><span class=\"screen-reader-text\">Que signifie la situation de tension en Allemagne - et quelles en seraient les cons\u00e9quences concr\u00e8tes ?<\/span><\/a><\/div><div class=\"dpt-thumbnail\"><div class=\"dpt-thumbnail-inner\"><img width=\"1024\" height=\"683\" class=\"attachment-full size-full\" alt=\"Cas de tension-Allemagne-2025\" context=\"dpt\" data-dpt-src=\"https:\/\/www.markus-schall.de\/wp-content\/uploads\/Spannungsfall-Deutschland-2025.jpg\" data-dpt-sizes=\"(max-width: 1024px) 100vw, 1024px\" data-dpt-srcset=\"https:\/\/www.markus-schall.de\/wp-content\/uploads\/Spannungsfall-Deutschland-2025.jpg 1024w, https:\/\/www.markus-schall.de\/wp-content\/uploads\/Spannungsfall-Deutschland-2025-300x200.jpg 300w, https:\/\/www.markus-schall.de\/wp-content\/uploads\/Spannungsfall-Deutschland-2025-768x512.jpg 768w, https:\/\/www.markus-schall.de\/wp-content\/uploads\/Spannungsfall-Deutschland-2025-18x12.jpg 18w\" \/><\/div><span class=\"dpt-thumbnail-aspect-ratio\" style=\"padding-top: 75%\"><\/span><\/div><\/div><div class=\"sub-entry\"><h3 class=\"dpt-title\"><a class=\"dpt-title-link\" href=\"https:\/\/www.markus-schall.de\/fr\/2025\/10\/que-signifie-la-tension-en-allemagne-et-quelles-en-seraient-les-consequences-concretes\/\" rel=\"bookmark\">Que signifie la situation de tension en Allemagne - et quelles en seraient les cons\u00e9quences concr\u00e8tes ?<\/a><\/h3><\/div><\/div>\n\t\t\t\t\t\t<\/div><!-- .dpt-entry -->\n\t\t\t\t\t\t\t\t\t\t\t\t<div class=\"dpt-entry has-thumbnail\" data-title=\"kriegst\u00fcchtigkeit, wehrpflicht &#038; verweigerung: was im ernstfall zu tun ist\" data-id=\"2966\"  data-category=\"allgemein b\u00fccher gesellschaft tipps &amp; anleitungen\" data-post_tag=\"buch deutschland geopolitik gesundheit krisen pers\u00f6nlichkeitsentwicklung ratgeber sicherheitspolitik\">\n\t\t\t\t\t\t\t<div class=\"dpt-entry-wrapper\"><div class=\"dpt-featured-content\"><div class=\"dpt-permalink\"><a href=\"https:\/\/www.markus-schall.de\/fr\/2025\/09\/droit-a-la-guerre-refus-du-service-militaire-ce-quil-faut-faire-en-cas-durgence\/\" class=\"dpt-permalink\"><span class=\"screen-reader-text\">Aptitude \u00e0 la guerre, conscription &amp; refus : ce qu'il faut faire en cas d'urgence<\/span><\/a><\/div><div class=\"dpt-thumbnail\"><div class=\"dpt-thumbnail-inner\"><img width=\"1536\" height=\"1024\" class=\"attachment-full size-full\" alt=\"Service militaire obligatoire : refuser le service de guerre\" context=\"dpt\" data-dpt-src=\"https:\/\/www.markus-schall.de\/wp-content\/uploads\/wehrpflicht-kriegsdienst-verweigern.jpg\" data-dpt-sizes=\"(max-width: 1536px) 100vw, 1536px\" data-dpt-srcset=\"https:\/\/www.markus-schall.de\/wp-content\/uploads\/wehrpflicht-kriegsdienst-verweigern.jpg 1536w, https:\/\/www.markus-schall.de\/wp-content\/uploads\/wehrpflicht-kriegsdienst-verweigern-300x200.jpg 300w, https:\/\/www.markus-schall.de\/wp-content\/uploads\/wehrpflicht-kriegsdienst-verweigern-1024x683.jpg 1024w, https:\/\/www.markus-schall.de\/wp-content\/uploads\/wehrpflicht-kriegsdienst-verweigern-768x512.jpg 768w, https:\/\/www.markus-schall.de\/wp-content\/uploads\/wehrpflicht-kriegsdienst-verweigern-18x12.jpg 18w\" \/><\/div><span class=\"dpt-thumbnail-aspect-ratio\" style=\"padding-top: 75%\"><\/span><\/div><\/div><div class=\"sub-entry\"><h3 class=\"dpt-title\"><a class=\"dpt-title-link\" href=\"https:\/\/www.markus-schall.de\/fr\/2025\/09\/droit-a-la-guerre-refus-du-service-militaire-ce-quil-faut-faire-en-cas-durgence\/\" rel=\"bookmark\">Aptitude \u00e0 la guerre, conscription &amp; refus : ce qu'il faut faire en cas d'urgence<\/a><\/h3><\/div><\/div>\n\t\t\t\t\t\t<\/div><!-- .dpt-entry -->\n\t\t\t\t\t\t\n\t\t\t\t<\/div>\n\t\t\t\t\t\t<\/div>\n\t\t\t\n<hr \/>\n<h2>Pourquoi cette d\u00e9cision en surprend plus d'un<\/h2>\n<p>Affinity a \u00e9t\u00e9 pendant des ann\u00e9es l'antith\u00e8se de <a href=\"https:\/\/www.adobe.com\/de\/\" target=\"_blank\" rel=\"noopener\">Adobe<\/a>. Alors qu'Adobe continuait \u00e0 d\u00e9velopper son mod\u00e8le d'abonnement, Serif restait fid\u00e8le \u00e0 l'achat unique : acheter, poss\u00e9der, utiliser - sans frais mensuels. Pour de nombreux cr\u00e9atifs, moi y compris, c'\u00e9tait l'une des principales raisons de passer \u00e0 Affinity. On savait \u00e0 quoi s'en tenir. Pas d'exp\u00e9rimentation, pas de pi\u00e8ges cach\u00e9s, pas d'engagement dans un \u00e9cosyst\u00e8me dont on ne voulait peut-\u00eatre pas. Un outil pour lequel on paie une fois et qui fonctionne ensuite simplement. Cette fiabilit\u00e9 semble presque d\u00e9mod\u00e9e aujourd'hui - mais elle a accompagn\u00e9 beaucoup d'entre nous pendant des ann\u00e9es.<\/p>\n<p>La nouvelle orientation prise par Canva est d'autant plus surprenante : <a href=\"https:\/\/www.affinity.studio\/de_de\" target=\"_blank\" rel=\"noopener\"><strong>Affinity devient gratuit<\/strong><\/a>, La structure actuelle des produits est supprim\u00e9e et remplac\u00e9e par un mod\u00e8le freemium. Ce n'est pas une mauvaise chose en soi, mais cela attire l'attention. Lorsqu'un logiciel qui s'est toujours enorgueilli de ne pas miser sur les abonnements devient soudain partie int\u00e9grante d'un \u00e9cosyst\u00e8me de plateformes global, on se pose forc\u00e9ment des questions. On veut comprendre ce que cette \u00e9tape signifie \u00e0 long terme - pour le logiciel, pour les utilisateurs et pour les flux de travail que l'on a mis des ann\u00e9es \u00e0 construire proprement.<\/p>\n<p>Pour moi personnellement, ce changement est un point \u00e0 partir duquel je regarde consciemment de plus pr\u00e8s. J'utilise Affinity Publisher quotidiennement pour mes livres, et je le recommande \u00e0 mes lecteurs et coll\u00e8gues auteurs depuis des ann\u00e9es. Je veux donc comprendre si ce changement de cap tient vraiment ses promesses. Parfois, les grandes promesses cachent plus de marketing que de tradition. Et c'est pr\u00e9cis\u00e9ment pour cette raison qu'il vaut la peine d'accorder aux prochains chapitres de cet article l'attention n\u00e9cessaire.<\/p>\n<div style=\"width: 1200px;\" class=\"wp-video\"><!--[if lt IE 9]><script>document.createElement('video');<\/script><![endif]-->\n<video class=\"wp-video-shortcode\" id=\"video-2966-1\" width=\"1200\" height=\"675\" preload=\"metadata\" controls=\"controls\"><source type=\"video\/mp4\" src=\"https:\/\/www.markus-schall.de\/wp-content\/uploads\/AFFI25003_Affinity_LOLP_Layout_Desktop_H264.mp4?_=1\" \/><a href=\"https:\/\/www.markus-schall.de\/wp-content\/uploads\/AFFI25003_Affinity_LOLP_Layout_Desktop_H264.mp4\">https:\/\/www.markus-schall.de\/wp-content\/uploads\/AFFI25003_Affinity_LOLP_Layout_Desktop_H264.mp4<\/a><\/video><\/div>\n<p>&nbsp;<\/p>\n<h2>Ce que la version gratuite d'Affinity offre r\u00e9ellement<\/h2>\n<p>Avec la nouvelle orientation d\u201e\u201cAffinity by Canva\", la question se pose in\u00e9vitablement de savoir ce que le logiciel fait vraiment en mode gratuit - et o\u00f9 se situent ses limites. \u00c0 premi\u00e8re vue, le mod\u00e8le semble g\u00e9n\u00e9reux : on obtient une application \u00e0 part enti\u00e8re qui r\u00e9unit sous un m\u00eame toit le graphisme vectoriel, la mise en page et le traitement d'images. De nombreuses fonctions classiques de l'ancienne suite Affinity sont toujours pr\u00e9sentes. Il s'agit par exemple de la gestion pr\u00e9cise de la typographie, des exportations professionnelles en PDF, du support CMYK, des fonctions de calques et de masques, ainsi que de la clart\u00e9 habituelle de l'utilisation. Pour les d\u00e9butants, les graphistes amateurs et de nombreux ind\u00e9pendants, cela peut \u00eatre tout \u00e0 fait suffisant.<\/p>\n<p>Mais comme souvent, la v\u00e9rit\u00e9 se trouve dans les d\u00e9tails. Certaines des fonctions avanc\u00e9es - en particulier les outils d'IA, les automatisations, les variantes sp\u00e9ciales d'exportation ou les int\u00e9grations profondes avec des services en ligne - sont d\u00e9sormais r\u00e9serv\u00e9es \u00e0 la section Premium. Canva mise ainsi sur un principe freemium qui semble familier \u00e0 l'utilisateur exp\u00e9riment\u00e9 : la base reste ouverte, ce qui est particulier devient payant. Il n'y a en principe rien \u00e0 redire \u00e0 cela, tant que la base reste stable et que les fonctions professionnelles de base ne sont pas insidieusement \u00e9lagu\u00e9es ou d\u00e9plac\u00e9es derri\u00e8re des murs payants.<\/p>\n<p>Dans le travail de composition de livres, la stabilit\u00e9 joue un r\u00f4le plus important que dans de nombreuses autres activit\u00e9s cr\u00e9atives. Celui qui met en page un livre de 300 pages ou un roman doit pouvoir compter sur le fait que la gestion des couleurs, l'exportation PDF\/X et le travail de pr\u00e9cision typographique fonctionnent exactement comme il le faut. Traditionnellement, ce sont pr\u00e9cis\u00e9ment ces domaines qui ont fait la force d'Affinity. Et c'est pr\u00e9cis\u00e9ment pour cette raison que les utilisateurs de longue date ont tout int\u00e9r\u00eat \u00e0 examiner la nouvelle version d'un \u0153il attentif. La gratuit\u00e9 est un mot agr\u00e9able - mais pour les processus de production professionnels, c'est surtout la fiabilit\u00e9 qui compte.<\/p>\n<p><img loading=\"lazy\" decoding=\"async\" class=\"alignnone size-full wp-image-3684\" src=\"https:\/\/www.markus-schall.de\/wp-content\/uploads\/affinity-canva-kostenlos.jpg\" alt=\"Affinity by Canva gratuit\" width=\"1200\" height=\"649\" srcset=\"https:\/\/www.markus-schall.de\/wp-content\/uploads\/affinity-canva-kostenlos.jpg 1200w, https:\/\/www.markus-schall.de\/wp-content\/uploads\/affinity-canva-kostenlos-300x162.jpg 300w, https:\/\/www.markus-schall.de\/wp-content\/uploads\/affinity-canva-kostenlos-1024x554.jpg 1024w, https:\/\/www.markus-schall.de\/wp-content\/uploads\/affinity-canva-kostenlos-768x415.jpg 768w, https:\/\/www.markus-schall.de\/wp-content\/uploads\/affinity-canva-kostenlos-18x10.jpg 18w\" sizes=\"auto, (max-width: 1200px) 100vw, 1200px\" \/><\/p>\n<div style=\"overflow-x: auto;\">\n<table>\n<thead>\n<tr style=\"background: #f2f2f2;\">\n<th>Domaine<\/th>\n<th>Affinity Suite (Serif, version \u00e0 acheter)<\/th>\n<th>Affinity by Canva (nouveau mod\u00e8le)<\/th>\n<\/tr>\n<\/thead>\n<tbody>\n<tr>\n<td><strong>Mod\u00e8le de licence<\/strong><\/td>\n<td>Achat unique (licence perp\u00e9tuelle), pas de frais courants, versionnage classique (V1, V2 ...)<\/td>\n<td>\u201eFree forever\u201c pour les fonctions de base, mod\u00e8le freemium avec des extensions optionnelles payantes<\/td>\n<\/tr>\n<tr>\n<td><strong>Structure des programmes<\/strong><\/td>\n<td>Trois applications distinctes : Affinity Designer, Affinity Photo, Affinity Publisher<\/td>\n<td>Une application int\u00e9gr\u00e9e qui r\u00e9unit vecteur, traitement d'image et mise en page<\/td>\n<\/tr>\n<tr>\n<td><strong>Fixation des prix<\/strong><\/td>\n<td>Achat unique par application ou suite, actions de r\u00e9duction occasionnelles, mais pas de version compl\u00e8te gratuite<\/td>\n<td>Version de base gratuite, fonctions suppl\u00e9mentaires (par ex. IA, fonctions avanc\u00e9es, int\u00e9gration au cloud) en option premium<\/td>\n<\/tr>\n<tr>\n<td><strong>Mises \u00e0 jour et d\u00e9veloppement<\/strong><\/td>\n<td>Mises \u00e0 jour dans le cadre de la version principale achet\u00e9e, les sauts plus importants (par ex. V1 \u2192 V2) sont payants<\/td>\n<td>D\u00e9veloppement continu dans le cadre de l'\u00e9cosyst\u00e8me Canva, focalisation probablement plus importante sur un large groupe cible<\/td>\n<\/tr>\n<tr>\n<td><strong>Groupe cible<\/strong><\/td>\n<td>Designers professionnels, photographes, \u00e9diteurs et utilisateurs amateurs ambitieux se concentrant sur les workflows de bureau classiques<\/td>\n<td>Une masse plus large d'utilisateurs de Canva, de d\u00e9butants, d'auto-\u00e9diteurs - plus les utilisateurs professionnels existants qui adoptent les nouvelles fonctions<\/td>\n<\/tr>\n<tr>\n<td><strong>Fonctions cloud &amp; IA<\/strong><\/td>\n<td>Orientation plus locale, sans connexion profonde \u00e0 un grand \u00e9cosyst\u00e8me en ligne, IA plut\u00f4t limit\u00e9e ou pas du tout centralis\u00e9e<\/td>\n<td>Nette extension des outils d'intelligence artificielle et des fonctions en ligne, en partie avec un caract\u00e8re premium et une imbrication plus \u00e9troite avec Canva<\/td>\n<\/tr>\n<tr>\n<td><strong>Utilisation hors ligne<\/strong><\/td>\n<td>Possibilit\u00e9 d'utilisation enti\u00e8rement hors ligne, logiciel de bureau classique sans obligation de connexion au cloud<\/td>\n<td>Les fonctions de base restent utilisables localement, mais les fonctions en ligne et l'int\u00e9gration au cloud devraient prendre de l'importance<\/td>\n<\/tr>\n<tr>\n<td><strong>Production de livres (imprim\u00e9s)<\/strong><\/td>\n<td>Workflows \u00e9prouv\u00e9s pour PDF\/X, CMYK, travail de pr\u00e9cision typographique, utilisable de mani\u00e8re stable dans la composition classique de livres<\/td>\n<td>Fonctions fondamentalement comparables, mais sous une nouvelle feuille de route - la priorit\u00e9 \u00e0 long terme pour la composition de livres professionnels reste \u00e0 voir<\/td>\n<\/tr>\n<tr>\n<td><strong>Exportation de livres \u00e9lectroniques \/ EPUB<\/strong><\/td>\n<td>Exportation EPUB plut\u00f4t rudimentaire ou avec une marge de progression, workflows compl\u00e9mentaires souvent n\u00e9cessaires<\/td>\n<td>Potentiel d'am\u00e9lioration gr\u00e2ce \u00e0 un nouvel axe de d\u00e9veloppement, mais pas de \u201eparadis EPUB\u201c en vue pour le moment<\/td>\n<\/tr>\n<tr>\n<td><strong>Int\u00e9gration dans d'autres syst\u00e8mes<\/strong><\/td>\n<td>Application de bureau principalement autonome, int\u00e9gration via des formats standard (PDF, PSD, SVG, etc.)<\/td>\n<td>Lien plus fort avec la plateforme Canva, transition simplifi\u00e9e entre le design en ligne et le projet Affinity envisageable<\/td>\n<\/tr>\n<tr>\n<td><strong>Transparence et pr\u00e9visibilit\u00e9<\/strong><\/td>\n<td>Version d'achat claire, cycle de mise \u00e0 jour relativement compr\u00e9hensible, bonne planification pour les flux de travail \u00e0 long terme<\/td>\n<td>Plus de dynamisme gr\u00e2ce au freemium et \u00e0 la strat\u00e9gie de plateforme ; \u00e0 moyen terme, incertitude quant aux fonctions qui resteront durablement gratuites<\/td>\n<\/tr>\n<tr>\n<td><strong>Orientation strat\u00e9gique<\/strong><\/td>\n<td>Focalisation sur les logiciels Pro ind\u00e9pendants comme alternative \u00e0 Adobe, fortement centr\u00e9e sur le bureau<\/td>\n<td>Orientation en tant que partie d'un \u00e9cosyst\u00e8me de design global, en mettant l'accent sur la port\u00e9e, la croissance et les revenus freemium<\/td>\n<\/tr>\n<\/tbody>\n<\/table>\n<\/div>\n<h2>Importance pour la production professionnelle de livres<\/h2>\n<p>J'utilise Affinity Publisher depuis de nombreuses ann\u00e9es pour mes livres - avec une tr\u00e8s bonne exp\u00e9rience. La structure claire, la typographie propre, les exportations PDF fiables et la possibilit\u00e9 de traiter de grands projets sans faiblesses notables ont fait d'Affinity un partenaire fiable pour moi. C'est pr\u00e9cis\u00e9ment pour cette raison que je recommande le logiciel depuis longtemps, y compris dans mes propres publications. M\u00eame le set de mod\u00e8les que l'on peut acheter avec mon livre \u201e<a href=\"https:\/\/schall-verlag.de\/buch-ki-autor.php\" target=\"_blank\" rel=\"noopener\"><strong>\u00c9crire des livres 2.0<\/strong><\/a>\u201ccontient d\u00e9lib\u00e9r\u00e9ment des mod\u00e8les de mise en page pour Affinity Publisher. Non pas parce qu'il s'agit d'un outil \u00e0 la mode, mais parce qu'il a fait ses preuves au fil des ann\u00e9es.<\/p>\n<p>C'est pourquoi ce changement me concerne personnellement plus que beaucoup d'autres utilisateurs. Je produis r\u00e9guli\u00e8rement des livres - non-fiction, d\u00e9veloppement personnel, litt\u00e9rature sp\u00e9cialis\u00e9e, guides de sant\u00e9 - et j'ai besoin d'outils qui ne sont pas seulement beaux, mais qui fonctionnent de mani\u00e8re fiable. Quand un outil que l'on appr\u00e9cie depuis des ann\u00e9es fait soudain partie d'un mod\u00e8le freemium et passe dans un autre \u00e9cosyst\u00e8me, on se pose forc\u00e9ment des questions. Non pas par peur, mais par responsabilit\u00e9 vis-\u00e0-vis de ses propres projets. On v\u00e9rifie si le pr\u00e9presse reste stable. On v\u00e9rifie si les profils de couleurs sont bien int\u00e9gr\u00e9s. On regarde si les processus de travail, qui fonctionnaient jusqu'\u00e0 pr\u00e9sent comme une horloge, changent.<\/p>\n<p>Pour les nouveaux auteurs, la version gratuite peut \u00eatre un grand avantage, car ils peuvent se lancer imm\u00e9diatement sans frais de d\u00e9marrage. Pour nous qui travaillons professionnellement avec elle, la phase d'examen minutieux commence en revanche. On ne se fie pas aveugl\u00e9ment aux promesses, mais on v\u00e9rifie tranquillement si la nouvelle version tient ce que l'ancienne a rempli pendant tant d'ann\u00e9es. C'est ainsi que l'on proc\u00e9dait autrefois, et cela a fait ses preuves. Et c'est pr\u00e9cis\u00e9ment pour cette raison que ce regard sobre et respectueux des traditions vaut plus que jamais la peine aujourd'hui.<\/p>\n<hr \/>\n<h3>Enqu\u00eate actuelle pour les auteurs int\u00e9ress\u00e9s<\/h3>\n<div class='bootstrap-yop yop-poll-mc'>\n\t\t\t\t\t\t\t<div class=\"basic-yop-poll-container\" style=\"background-color:#ffffff; border:0px; border-style:solid; border-color:#000000; border-radius:5px; padding:0px 5px;\" data-id=\"8\" data-temp=\"basic-pretty\" data-skin=\"square\" data-cscheme=\"blue\" data-cap=\"0\" data-access=\"guest\" data-tid=\"\" data-uid=\"5ad7bf761f46b8876b629c0c631b06e8\" data-pid=\"2966\" data-resdet=\"votes-number,percentages\" data-show-results-to=\"guest\" data-show-results-moment=\"after-vote\" data-show-results-only=\"false\" data-show-message=\"true\" data-show-results-as=\"bar\" data-sort-results-by=\"as-defined\" data-sort-results-rule=\"asc\"data-is-ended=\"0\" data-percentages-decimals=\"2\" data-gdpr=\"no\" data-gdpr-sol=\"consent\" data-css=\".basic-yop-poll-container[data-uid] .basic-vote {\t\t\t\t\t\t\t\t\ttext-align: center;\t\t\t\t\t\t\t\t}\" data-counter=\"0\" data-load-with=\"1\" data-notification-section=\"top\"><div class=\"row\"><div class=\"col-md-12\"><div class=\"basic-inner\"><div class=\"basic-message hide\" style=\"border-left: 10px solid #008000; padding: 0px 10px;\" data-error=\"#ff0000\" data-success=\"#008000\"><p class=\"basic-message-text\" style=\"color:#000000; font-size:14px; font-weight:normal;\"><\/p><\/div><div class=\"basic-overlay hide\"><div class=\"basic-vote-options\"><\/div><div class=\"basic-preloader\"><div class=\"basic-windows8\"><div class=\"basic-wBall basic-wBall_1\"><div class=\"basic-wInnerBall\"><\/div><\/div><div class=\"basic-wBall basic-wBall_2\"><div class=\"basic-wInnerBall\"><\/div><\/div><div class=\"basic-wBall basic-wBall_3\"><div class=\"basic-wInnerBall\"><\/div><\/div><div class=\"basic-wBall basic-wBall_4\"><div class=\"basic-wInnerBall\"><\/div><\/div><div class=\"basic-wBall basic-wBall_5\"><div class=\"basic-wInnerBall\"><\/div><\/div><\/div><\/div><\/div><form class=\"basic-form\" action=\"\"><input type=\"hidden\" name=\"_token\" value=\"71b0a01878\" autocomplete=\"off\"><div class=\"basic-elements\"><div class=\"basic-element basic-question basic-question-text-vertical\" data-id=\"8\" data-uid=\"859002c7bc5306f25533e8ff324775de\" data-type=\"question\" data-question-type=\"text\" data-required=\"yes\" data-allow-multiple=\"no\" data-min=\"1\" data-max=\"7\" data-display=\"vertical\" data-colnum=\"\" data-display-others=\"no\" data-others-color=\"\" data-others=\"\" data-others-max-chars=\"0\"><div class=\"basic-question-title\"><h5 style=\"color:#000000; font-size:16px; font-weight:normal; text-align:left;\">Quelle serait pour toi la raison principale d'\u00e9crire ton propre livre ?<\/h5><\/div><ul class=\"basic-answers\"><li class=\"basic-answer\" style=\"padding:0px 0px;\" data-id=\"38\" data-type=\"text\" data-vn=\"5\" data-color=\"#000000\" data-make-link=\"no\" data-link=\"\"><div class=\"basic-answer-content basic-text-vertical\"><label for=\"answer[38]\" class=\"basic-answer-label\"><input type=\"radio\" id=\"answer[38]\" name=\"answer[8]\" value=\"38\"><span class=\"basic-text\" style=\"color: #000000; font-size: 14px; font-weight: normal;\">Je souhaite partager mon exp\u00e9rience<\/span><\/label><\/div><\/li><li class=\"basic-answer\" style=\"padding:0px 0px;\" data-id=\"39\" data-type=\"text\" data-vn=\"0\" data-color=\"#000000\" data-make-link=\"no\" data-link=\"\"><div class=\"basic-answer-content basic-text-vertical\"><label for=\"answer[39]\" class=\"basic-answer-label\"><input type=\"radio\" id=\"answer[39]\" name=\"answer[8]\" value=\"39\"><span class=\"basic-text\" style=\"color: #000000; font-size: 14px; font-weight: normal;\">Je veux documenter mon expertise<\/span><\/label><\/div><\/li><li class=\"basic-answer\" style=\"padding:0px 0px;\" data-id=\"40\" data-type=\"text\" data-vn=\"6\" data-color=\"#000000\" data-make-link=\"no\" data-link=\"\"><div class=\"basic-answer-content basic-text-vertical\"><label for=\"answer[40]\" class=\"basic-answer-label\"><input type=\"radio\" id=\"answer[40]\" name=\"answer[8]\" value=\"40\"><span class=\"basic-text\" style=\"color: #000000; font-size: 14px; font-weight: normal;\">Je cherche un \u00e9quilibre cr\u00e9atif<\/span><\/label><\/div><\/li><li class=\"basic-answer\" style=\"padding:0px 0px;\" data-id=\"41\" data-type=\"text\" data-vn=\"2\" data-color=\"#000000\" data-make-link=\"no\" data-link=\"\"><div class=\"basic-answer-content basic-text-vertical\"><label for=\"answer[41]\" class=\"basic-answer-label\"><input type=\"radio\" id=\"answer[41]\" name=\"answer[8]\" value=\"41\"><span class=\"basic-text\" style=\"color: #000000; font-size: 14px; font-weight: normal;\">J'esp\u00e8re en tirer un revenu<\/span><\/label><\/div><\/li><li class=\"basic-answer\" style=\"padding:0px 0px;\" data-id=\"42\" data-type=\"text\" data-vn=\"2\" data-color=\"#000000\" data-make-link=\"no\" data-link=\"\"><div class=\"basic-answer-content basic-text-vertical\"><label for=\"answer[42]\" class=\"basic-answer-label\"><input type=\"radio\" id=\"answer[42]\" name=\"answer[8]\" value=\"42\"><span class=\"basic-text\" style=\"color: #000000; font-size: 14px; font-weight: normal;\">J'ai d\u00e9j\u00e0 \u00e9crit un livre<\/span><\/label><\/div><\/li><li class=\"basic-answer\" style=\"padding:0px 0px;\" data-id=\"44\" data-type=\"text\" data-vn=\"3\" data-color=\"#000000\" data-make-link=\"no\" data-link=\"\"><div class=\"basic-answer-content basic-text-vertical\"><label for=\"answer[44]\" class=\"basic-answer-label\"><input type=\"radio\" id=\"answer[44]\" name=\"answer[8]\" value=\"44\"><span class=\"basic-text\" style=\"color: #000000; font-size: 14px; font-weight: normal;\">Je ne suis pas int\u00e9ress\u00e9(e) par l'\u00e9criture<\/span><\/label><\/div><\/li><\/ul><\/div><div class=\"clearfix\"><\/div><\/div><div class=\"basic-vote\"><a href=\"#\" class=\"button basic-vote-button\" role=\"button\" style=\"background:#027bb8; border:0px; border-style: solid; border-color:#000000; border-radius:5px; padding:10px 10px; color:#ffffff; font-size:14px; font-weight:normal;\">Votez<\/a><\/div><input type=\"hidden\" name=\"trp-form-language\" value=\"fr\"\/><\/form><\/div><\/div><\/div><\/div>\n\t\t\t\t\t\t<\/div>\n<hr \/>\n<h3>Chances : O\u00f9 la nouvelle version d'Affinity marque vraiment des points<\/h3>\n<p>M\u00eame si les grands changements font d'abord froncer les sourcils, il vaut la peine d'appr\u00e9cier sobrement les aspects positifs. Le plus grand avantage est \u00e9vident : Affinity devient nettement plus accessible aux d\u00e9butants et aux auteurs en herbe. Ceux qui, auparavant, se heurtaient au prix ou repoussaient longtemps l'achat, peuvent d\u00e9sormais se lancer imm\u00e9diatement. D'un point de vue historique, cette baisse de la barri\u00e8re d'entr\u00e9e est souvent le moment o\u00f9 les nouveaux cr\u00e9atifs trouvent le chemin des outils professionnels.<\/p>\n<p>\u00c0 cela s'ajoute un avantage pratique tangible : la r\u00e9union de Designer, Photo et Publisher en une seule application cr\u00e9e un environnement de travail agr\u00e9ablement homog\u00e8ne. Il n'est plus n\u00e9cessaire de passer d'un programme \u00e0 l'autre, de suivre trois mises \u00e0 jour distinctes et de garder \u00e0 l'esprit les diff\u00e9rentes logiques d'utilisation. Pour de nombreux flux de travail, cela signifie tout simplement moins de frictions et plus de clart\u00e9 - ce qui vaut depuis toujours de l'or dans les processus cr\u00e9atifs.<\/p>\n<p>Le nouveau mod\u00e8le peut \u00e9galement offrir de grandes opportunit\u00e9s aux auto-\u00e9diteurs. De nombreux auteurs amateurs qui veulent composer un livre pour la premi\u00e8re fois n'\u00e9chouent pas \u00e0 cause de l'\u00e9criture, mais parce qu'ils n'ont pas acc\u00e8s \u00e0 de bons outils de mise en page. Lorsqu'un tel outil devient soudain gratuit, une toute nouvelle dynamique se cr\u00e9e : davantage d'auteurs osent se lancer dans leurs propres projets de livres, et ceux qui le souhaitent peuvent d\u00e9sormais tr\u00e8s facilement leur recommander Affinity, sans tenir compte de leur situation financi\u00e8re. Surtout si, comme moi, on met \u00e0 disposition des mod\u00e8les et des workflows, ce seuil sera nettement plus bas \u00e0 l'avenir.<\/p>\n<p>Enfin, Affinity reste un contrepoids s\u00e9rieux \u00e0 Adobe. Le secteur a besoin d'alternatives, et chaque outil gratuit de qualit\u00e9 permet d'\u00e9viter que le march\u00e9 ne bascule compl\u00e8tement dans une direction. De ce point de vue, cette \u00e9volution a tout \u00e0 fait le potentiel d'apporter de bonnes choses \u00e0 long terme - m\u00eame si on la consid\u00e8re avec la prudence n\u00e9cessaire.<\/p>\n<h3>les risques : Pourquoi les utilisateurs professionnels devraient y regarder de plus pr\u00e8s<\/h3>\n<p>Mais si les opportunit\u00e9s semblent int\u00e9ressantes, ceux qui travaillent depuis des ann\u00e9es avec des outils professionnels savent que tout changement important comporte \u00e9galement des risques. Cela commence par la question de la durabilit\u00e9 du nouveau mod\u00e8le. \u201eFree forever\u201c, c'est tentant, mais nous avons souvent entendu de telles promesses dans le monde des logiciels. Ce qui est d\u00e9cisif, c'est de savoir quelles fonctions resteront gratuites \u00e0 long terme - et lesquelles glisseront peut-\u00eatre peu \u00e0 peu vers le domaine premium. C'est justement pour les fonctions professionnelles telles que la pr\u00e9presse, la gestion des couleurs ou les exportations sp\u00e9ciales qu'il faut rester attentif.<\/p>\n<p>Un deuxi\u00e8me point concerne la nouvelle orientation strat\u00e9gique. Canva est un \u00e9cosyst\u00e8me gigantesque, optimis\u00e9 pour des processus de conception simples et de masse. Affinity, en revanche, a \u00e9t\u00e9 pendant de nombreuses ann\u00e9es un outil destin\u00e9 \u00e0 ceux qui souhaitent d\u00e9lib\u00e9r\u00e9ment aller plus loin - graphistes, photographes, \u00e9diteurs, compositeurs de livres. D\u00e9sormais, les deux sont r\u00e9unis sous le m\u00eame toit. Cela peut bien se passer, mais cela peut aussi signifier qu'Affinity sera \u00e0 long terme plus li\u00e9 \u00e0 l'univers Canva que ce que l'on souhaiterait d'un point de vue professionnel. Ceux qui travaillent de mani\u00e8re traditionnelle et qui attachent de l'importance \u00e0 un contr\u00f4le local complet restent ici vigilants.<\/p>\n<p>La politique de mise \u00e0 jour est \u00e9galement un facteur. Lorsqu'une application devient gratuite, la pression pour livrer rapidement de nouvelles fonctionnalit\u00e9s change g\u00e9n\u00e9ralement aussi - souvent plus pour le grand public que pour les professionnels. Cela peut avoir pour cons\u00e9quence que les fonctions de publication classiques n'ont plus la m\u00eame priorit\u00e9 qu'auparavant. Et ceux qui produisent r\u00e9guli\u00e8rement des livres le savent : une seule petite erreur dans le module de sortie PDF\/X peut r\u00e9duire \u00e0 n\u00e9ant des centaines de pages de travail.<\/p>\n<p>Enfin, la question de la stabilit\u00e9 se pose : d'autres fonctions d'IA seront-elles int\u00e9gr\u00e9es, ce qui alourdira le syst\u00e8me ? L'\u00e9quilibre entre professionnalisme et largeur de march\u00e9 se d\u00e9place-t-il ? L'interface utilisateur reste-t-elle coh\u00e9rente ou se d\u00e9place-t-elle progressivement vers l'int\u00e9gration en ligne ?<\/p>\n<p>Tout cela ne signifie pas qu'il faille \u00eatre pessimiste. Au contraire : avec un esprit clair et une saine dose de tradition, on peut tr\u00e8s bien accompagner ces changements. Mais les professionnels le savent bien : La confiance ne se construit pas du jour au lendemain. On v\u00e9rifie, on teste, on travaille pas \u00e0 pas - exactement comme on l'a toujours fait. Et dans cette perspective, il est raisonnable d'observer attentivement la nouvelle voie d'Affinity.<\/p>\n<h2>Comment je g\u00e8re le nouvel alignement d'Affinity<\/h2>\n<p>En tant que personne qui publie r\u00e9guli\u00e8rement des livres et qui structure proprement ses projets, je consid\u00e8re le changement d'Affinity \u00e0 travers deux lunettes. D'un c\u00f4t\u00e9, je reconnais le potentiel que repr\u00e9sente un programme professionnel accessible gratuitement pour les nouveaux auteurs. De nombreuses personnes, qui r\u00eavent peut-\u00eatre depuis des ann\u00e9es de cr\u00e9er leur propre livre, n'ont d\u00e9sormais plus d'obstacle financier - et c'est sans aucun doute un avantage. Pour moi aussi, en tant qu'\u00e9diteur, c'est utile, car cela facilite la collaboration avec les auteurs qui souhaitent eux-m\u00eames faire une premi\u00e8re mise en page sommaire de leurs manuscrits ou pr\u00e9parer des graphiques.<\/p>\n<p>D'un autre c\u00f4t\u00e9, je reste prudent dans mes propres processus de travail. Je travaille de mani\u00e8re professionnelle, je compose des livres non seulement pour moi, mais aussi pour ma maison d'\u00e9dition - et je suis tributaire de processus d'exportation stables et fiables. C'est justement dans le domaine du PDF\/X, du rendu CMYK et de la pr\u00e9cision typographique qu'un outil doit fonctionner pendant des ann\u00e9es comme une horloge bien huil\u00e9e. C'est ce qu'Affinity a fait jusqu'\u00e0 pr\u00e9sent de mani\u00e8re tr\u00e8s fiable, et c'est pr\u00e9cis\u00e9ment la raison pour laquelle je l'ai utilis\u00e9 pendant tant d'ann\u00e9es - du premier projet cr\u00e9atif jusqu'au PDF d'impression final.<\/p>\n<p>Pour l'avenir, je souhaite avant tout une chose : une exportation EPUB vraiment de qualit\u00e9 et propre. C'est le domaine dans lequel Affinity a jusqu'\u00e0 pr\u00e9sent le plus de marge de progression. Si Canva et la nouvelle \u00e9quipe d'Affinity prennent ce point au s\u00e9rieux et mettent en \u0153uvre des am\u00e9liorations de mani\u00e8re cons\u00e9quente, l'outil de production de livres \u00e9lectroniques pourrait encore gagner beaucoup. Les \u00e9diteurs modernes ont justement besoin de voies d'exportation flexibles - et ceux qui produisent \u00e0 la fois des \u00e9ditions papier et num\u00e9riques ont besoin d'un module EPUB fiable. C'est l\u00e0, \u00e0 mon avis, que r\u00e9side la plus grande opportunit\u00e9 de la nouvelle \u00e8re d'Affinity.<\/p>\n<p>En attendant, je continue \u00e0 proc\u00e9der de mani\u00e8re traditionnelle : Je conserve ma version actuelle qui fonctionne, je teste la nouvelle variante en parall\u00e8le et j'observe tranquillement comment le logiciel \u00e9volue. Une \u00e9tape apr\u00e8s l'autre - comme on le faisait autrefois et comme cela a fait ses preuves dans la pratique.<\/p>\n<h2>\u201e\u00c9crire des livres 2.0\u201c - Guide pratique pour les auteurs \u00e0 l'\u00e8re de l'IA<\/h2>\n<p><a href=\"https:\/\/schall-verlag.de\/buch-ki-autor.php\" target=\"_blank\" rel=\"noopener\"><img loading=\"lazy\" decoding=\"async\" class=\"alignright wp-image-2702\" src=\"https:\/\/www.markus-schall.de\/wp-content\/uploads\/Cover-Buecher-schreiben-front-722x1024.jpg\" alt=\"Couverture : \u00c9crire des livres 2.0 - Guide pratique pour les auteurs \u00e0 l&#039;\u00e8re de l&#039;IA\" width=\"220\" height=\"312\" srcset=\"https:\/\/www.markus-schall.de\/wp-content\/uploads\/Cover-Buecher-schreiben-front-722x1024.jpg 722w, https:\/\/www.markus-schall.de\/wp-content\/uploads\/Cover-Buecher-schreiben-front-211x300.jpg 211w, https:\/\/www.markus-schall.de\/wp-content\/uploads\/Cover-Buecher-schreiben-front-768x1090.jpg 768w, https:\/\/www.markus-schall.de\/wp-content\/uploads\/Cover-Buecher-schreiben-front-1082x1536.jpg 1082w, https:\/\/www.markus-schall.de\/wp-content\/uploads\/Cover-Buecher-schreiben-front-1443x2048.jpg 1443w, https:\/\/www.markus-schall.de\/wp-content\/uploads\/Cover-Buecher-schreiben-front-8x12.jpg 8w, https:\/\/www.markus-schall.de\/wp-content\/uploads\/Cover-Buecher-schreiben-front.jpg 1604w\" sizes=\"auto, (max-width: 220px) 100vw, 220px\" \/><\/a>Pour ceux qui, avec les nouveaux d\u00e9veloppements autour d'Affinity, envisagent pour la premi\u00e8re fois d'\u00e9crire un livre, vous trouverez dans mon propre ouvrage <em><strong>\"<a href=\"https:\/\/schall-verlag.de\/buch-ki-autor.php\" target=\"_blank\" rel=\"noopener\">\u00c9crire des livres 2.0 - Guide pratique pour les auteurs \u00e0 l'\u00e8re de l'IA<\/a>\"<\/strong><\/em> une entr\u00e9e en mati\u00e8re claire et pratique. Le livre montre \u00e0 quel point le processus est devenu \u00e0 la fois simple et fascinant. Il associe des techniques d'\u00e9criture \u00e9prouv\u00e9es aux possibilit\u00e9s les plus r\u00e9centes de l'intelligence artificielle et vous guide pas \u00e0 pas de la premi\u00e8re id\u00e9e \u00e0 la couverture de livre termin\u00e9e.<\/p>\n<p>Tu apprendras comment utiliser de mani\u00e8re cibl\u00e9e les programmes modernes de PAO - dont bien s\u00fbr Affinity Publisher -, comment les outils d'intelligence artificielle peuvent t'aider \u00e0 tracer, \u00e0 faire des recherches, \u00e0 structurer et m\u00eame \u00e0 formuler, et comment tu pourras finalement publier un livre professionnel. L'id\u00e9e directrice du livre est la suivante : \u00e9crire un livre n'a jamais \u00e9t\u00e9 aussi simple et aussi passionnant. C'est pr\u00e9cis\u00e9ment ce qui fait de ce guide pratique un compagnon pr\u00e9cieux - que tu planifies ton premier livre ou que tu veuilles optimiser tes processus existants.<\/p>\n<hr \/>\n\n\t\t\t<div class=\"display-post-types\">\n\n\t\t\t\t\t\t\t<style type=\"text\/css\">\n\t\t\t#dpt-wrapper-318 { --dpt-text-align: left;--dpt-image-crop: center;--dpt-border-radius: 5px;--dpt-small-grid-column: 33.33%;--dpt-large-grid-column: 33.3333333333%;--dpt-h-gutter: 10px;--dpt-v-gutter: 10px; }\t\t\t<\/style>\n\t\t\t<style type=\"text\/css\">#dpt-wrapper-318 { --dpt-title-font-style:normal;--dpt-title-font-weight:600;--dpt-title-line-height:1.5;--dpt-title-text-decoration:none;--dpt-title-text-transform:none;--dpt-excerpt-font-style:normal;--dpt-excerpt-font-weight:400;--dpt-excerpt-line-height:1.5;--dpt-excerpt-text-decoration:none;--dpt-excerpt-text-transform:none;--dpt-meta1-font-style:normal;--dpt-meta1-font-weight:400;--dpt-meta1-line-height:1.9;--dpt-meta1-text-decoration:none;--dpt-meta1-text-transform:none;--dpt-meta2-font-style:normal;--dpt-meta2-font-weight:400;--dpt-meta2-line-height:1.9;--dpt-meta2-text-decoration:none;--dpt-meta2-text-transform:none; }<\/style><div class=\"dpt-main-header\">\n\t\t\t\t\t\t<div class=\"dpt-main-title\">\n\t\t\t\t\t\t\t<span class=\"dpt-main-title-text\">Sujets d'actualit\u00e9 sur l'intelligence artificielle<\/span>\n\t\t\t\t\t\t<\/div>\n\t\t\t\t\t\t\n\t\t\t\t\t\t\n\t\t\t\t\t\t\n\t\t\t\t\t\t<\/div>\t\t\t\n\t\t\t\t<div id=\"dpt-wrapper-318\" class=\"dpt-wrapper dpt-grid1 multi-col dpt-mason-wrap\" >\n\n\t\t\t\t\t\t\t\t\t\t\t<div class=\"dpt-entry has-thumbnail\" data-title=\"mit ki dialogisch denken lernen: warum gute fragen wichtiger sind als gute modelle\" data-id=\"4700\"  data-category=\"allgemein ki-systeme tipps &amp; anleitungen\" data-post_tag=\"denkmodelle k\u00fcnstliche intelligenz lernen llm prozesse ratgeber sprachmodell\">\n\t\t\t\t\t\t\t<div class=\"dpt-entry-wrapper\"><div class=\"dpt-featured-content\"><div class=\"dpt-permalink\"><a href=\"https:\/\/www.markus-schall.de\/fr\/2026\/02\/apprendre-a-penser-par-le-dialogue-avec-ki-pourquoi-les-bonnes-questions-sont-plus-importantes-que-les-bons-modeles\/\" class=\"dpt-permalink\"><span class=\"screen-reader-text\">Apprendre \u00e0 penser en dialoguant avec l'IA : pourquoi les bonnes questions sont plus importantes que les bons mod\u00e8les<\/span><\/a><\/div><div class=\"dpt-thumbnail\"><div class=\"dpt-thumbnail-inner\"><img width=\"1024\" height=\"683\" class=\"attachment-full size-full\" alt=\"Apprendre \u00e0 penser par le dialogue avec l&#039;IA\" context=\"dpt\" data-dpt-src=\"https:\/\/www.markus-schall.de\/wp-content\/uploads\/Denken-lernen-mit-KI.jpg\" data-dpt-sizes=\"(max-width: 1024px) 100vw, 1024px\" data-dpt-srcset=\"https:\/\/www.markus-schall.de\/wp-content\/uploads\/Denken-lernen-mit-KI.jpg 1024w, https:\/\/www.markus-schall.de\/wp-content\/uploads\/Denken-lernen-mit-KI-300x200.jpg 300w, https:\/\/www.markus-schall.de\/wp-content\/uploads\/Denken-lernen-mit-KI-768x512.jpg 768w, https:\/\/www.markus-schall.de\/wp-content\/uploads\/Denken-lernen-mit-KI-18x12.jpg 18w\" \/><\/div><span class=\"dpt-thumbnail-aspect-ratio\" style=\"padding-top: 67%\"><\/span><\/div><\/div><div class=\"sub-entry\"><h3 class=\"dpt-title\"><a class=\"dpt-title-link\" href=\"https:\/\/www.markus-schall.de\/fr\/2026\/02\/apprendre-a-penser-par-le-dialogue-avec-ki-pourquoi-les-bonnes-questions-sont-plus-importantes-que-les-bons-modeles\/\" rel=\"bookmark\">Apprendre \u00e0 penser en dialoguant avec l'IA : pourquoi les bonnes questions sont plus importantes que les bons mod\u00e8les<\/a><\/h3><\/div><\/div>\n\t\t\t\t\t\t<\/div><!-- .dpt-entry -->\n\t\t\t\t\t\t\t\t\t\t\t\t<div class=\"dpt-entry has-thumbnail\" data-title=\"k\u00fcnstliche intelligenz ohne hype: warum weniger ki-tools oft bessere arbeit bedeuten\" data-id=\"4402\"  data-category=\"apple macos hardware ki-systeme tipps &amp; anleitungen\" data-post_tag=\"denkmodelle erfahrungen k\u00fcnstliche intelligenz llm mac mlx ollama prozesse sprachmodell\">\n\t\t\t\t\t\t\t<div class=\"dpt-entry-wrapper\"><div class=\"dpt-featured-content\"><div class=\"dpt-permalink\"><a href=\"https:\/\/www.markus-schall.de\/fr\/2026\/01\/lintelligence-artificielle-sans-hype-pourquoi-moins-doutils-ki-signifie-souvent-un-meilleur-travail\/\" class=\"dpt-permalink\"><span class=\"screen-reader-text\">L'intelligence artificielle sans hype : pourquoi moins d'outils d'IA signifie souvent un meilleur travail<\/span><\/a><\/div><div class=\"dpt-thumbnail\"><div class=\"dpt-thumbnail-inner\"><img width=\"1024\" height=\"683\" class=\"attachment-full size-full\" alt=\"L&#039;intelligence artificielle sans battage publicitaire\" context=\"dpt\" data-dpt-src=\"https:\/\/www.markus-schall.de\/wp-content\/uploads\/KI-ohne-Hype-Titel.jpg\" data-dpt-sizes=\"(max-width: 1024px) 100vw, 1024px\" data-dpt-srcset=\"https:\/\/www.markus-schall.de\/wp-content\/uploads\/KI-ohne-Hype-Titel.jpg 1024w, https:\/\/www.markus-schall.de\/wp-content\/uploads\/KI-ohne-Hype-Titel-300x200.jpg 300w, https:\/\/www.markus-schall.de\/wp-content\/uploads\/KI-ohne-Hype-Titel-768x512.jpg 768w, https:\/\/www.markus-schall.de\/wp-content\/uploads\/KI-ohne-Hype-Titel-18x12.jpg 18w\" \/><\/div><span class=\"dpt-thumbnail-aspect-ratio\" style=\"padding-top: 67%\"><\/span><\/div><\/div><div class=\"sub-entry\"><h3 class=\"dpt-title\"><a class=\"dpt-title-link\" href=\"https:\/\/www.markus-schall.de\/fr\/2026\/01\/lintelligence-artificielle-sans-hype-pourquoi-moins-doutils-ki-signifie-souvent-un-meilleur-travail\/\" rel=\"bookmark\">L'intelligence artificielle sans hype : pourquoi moins d'outils d'IA signifie souvent un meilleur travail<\/a><\/h3><\/div><\/div>\n\t\t\t\t\t\t<\/div><!-- .dpt-entry -->\n\t\t\t\t\t\t\t\t\t\t\t\t<div class=\"dpt-entry has-thumbnail\" data-title=\"die neuen eu-zensurgesetze: was chatcontrol, dsa, emfa und der ai act bedeuten\" data-id=\"3586\"  data-category=\"allgemein gesellschaft ki-systeme\" data-post_tag=\"datenschutz digitales eigentum eu-gesetze europa k\u00fcnstliche intelligenz llm meinungsfreiheit spieltheorie sprachmodell\">\n\t\t\t\t\t\t\t<div class=\"dpt-entry-wrapper\"><div class=\"dpt-featured-content\"><div class=\"dpt-permalink\"><a href=\"https:\/\/www.markus-schall.de\/fr\/2025\/11\/les-nouvelles-lois-de-censure-de-lue-ce-que-signifie-chatcontrol-dsa-emfa-et-lai-act\/\" class=\"dpt-permalink\"><span class=\"screen-reader-text\">Les nouvelles lois de censure de l'UE : Ce que signifient Chatcontrol, DSA, EMFA et l'AI Act<\/span><\/a><\/div><div class=\"dpt-thumbnail\"><div class=\"dpt-thumbnail-inner\"><img width=\"1024\" height=\"683\" class=\"attachment-full size-full\" alt=\"Lois de censure de l&#039;UE\" context=\"dpt\" data-dpt-src=\"https:\/\/www.markus-schall.de\/wp-content\/uploads\/eu-zensurgesetze.jpg\" data-dpt-sizes=\"(max-width: 1024px) 100vw, 1024px\" data-dpt-srcset=\"https:\/\/www.markus-schall.de\/wp-content\/uploads\/eu-zensurgesetze.jpg 1024w, https:\/\/www.markus-schall.de\/wp-content\/uploads\/eu-zensurgesetze-300x200.jpg 300w, https:\/\/www.markus-schall.de\/wp-content\/uploads\/eu-zensurgesetze-768x512.jpg 768w, https:\/\/www.markus-schall.de\/wp-content\/uploads\/eu-zensurgesetze-18x12.jpg 18w\" \/><\/div><span class=\"dpt-thumbnail-aspect-ratio\" style=\"padding-top: 67%\"><\/span><\/div><\/div><div class=\"sub-entry\"><h3 class=\"dpt-title\"><a class=\"dpt-title-link\" href=\"https:\/\/www.markus-schall.de\/fr\/2025\/11\/les-nouvelles-lois-de-censure-de-lue-ce-que-signifie-chatcontrol-dsa-emfa-et-lai-act\/\" rel=\"bookmark\">Les nouvelles lois de censure de l'UE : Ce que signifient Chatcontrol, DSA, EMFA et l'AI Act<\/a><\/h3><\/div><\/div>\n\t\t\t\t\t\t<\/div><!-- .dpt-entry -->\n\t\t\t\t\t\t\n\t\t\t\t<\/div>\n\t\t\t\t\t\t<\/div>\n\t\t\t\n<hr \/>\n<h2>Foire aux questions<\/h2>\n<ol>\n<li><strong>Pourquoi Affinity est-il soudain propos\u00e9 gratuitement alors que le logiciel a b\u00e9n\u00e9fici\u00e9 pendant des ann\u00e9es d'un mod\u00e8le d'achat classique ?<\/strong><br \/>\nCanva poursuit une strat\u00e9gie de croissance claire : en commen\u00e7ant gratuitement, le groupe abaisse le seuil pour des millions de nouveaux utilisateurs. Plus il y a de personnes qui utilisent Affinity, plus le potentiel pour des fonctions premium ult\u00e9rieures, des connexions au cloud ou des extensions de l'IA est grand. Le mod\u00e8le traditionnel de Serif avec achat unique \u00e9tait certes populaire, mais \u00e9conomiquement limit\u00e9. Canva, en revanche, mise sur l'ampleur et la mon\u00e9tisation \u00e0 long terme - une approche devenue courante sur de nombreux march\u00e9s de logiciels.<\/li>\n<li><strong>Quel r\u00f4le joue le rachat par Canva dans cette \u00e9volution ?<\/strong><br \/>\nLe rachat a \u00e9t\u00e9 un tournant d\u00e9cisif. Serif \u00e9tait une entreprise relativement petite avec une base d'utilisateurs forte mais sp\u00e9cialis\u00e9e. Canva, en revanche, est un acteur mondial qui pense en termes d'\u00e9cosyst\u00e8mes. La r\u00e9union des produits dans une strat\u00e9gie freemium suit pr\u00e9cis\u00e9ment cette logique : ouvrir une grande porte, g\u00e9n\u00e9rer une large utilisation, renforcer la plateforme. Sans Canva, le mod\u00e8le gratuit n'aurait probablement pas vu le jour.<\/li>\n<li><strong>Que signifie la suppression des trois programmes individuels (Designer, Photo, Publisher) ?<\/strong><br \/>\nPour les utilisateurs qui devaient auparavant passer d'une application \u00e0 l'autre, la nouvelle structure apporte une simplification consid\u00e9rable. Pas de mises \u00e0 jour s\u00e9par\u00e9es, pas de changement de mentalit\u00e9 lors des passages entre la mise en page, le graphisme et le traitement des images. Mais pour les professionnels de longue date, cela signifie aussi un changement - car la sp\u00e9cialisation pr\u00e9cise \u00e9tait jusqu'\u00e0 pr\u00e9sent un point fort. D\u00e9sormais, il y a tout dans un seul paquet, qu'il faut tester et \u00e9valuer.<\/li>\n<li><strong>Quelle est la stabilit\u00e9 de la nouvelle version pour la production professionnelle de livres ?<\/strong><br \/>\nActuellement, la base est suffisamment stable pour se rattacher aux flux de travail existants. Les profils de couleur, l'exportation PDF\/X et les subtilit\u00e9s typographiques continuent de fonctionner. Il vaut toutefois la peine de rester attentif, car l'objectif de l'entreprise s'est d\u00e9plac\u00e9. Il n'est pas garanti que les fonctionnalit\u00e9s professionnelles conservent la m\u00eame priorit\u00e9 \u00e0 long terme. Pour les projets de livres de grande envergure, il est donc recommand\u00e9 d'essayer d'abord la nouvelle version dans des sc\u00e9narios de test plus petits.<\/li>\n<li><strong>Pourquoi les utilisateurs professionnels devraient-ils observer cette d\u00e9marche d'un \u0153il critique ?<\/strong><br \/>\nParce que les mod\u00e8les gratuits vont souvent de pair avec des changements strat\u00e9giques. Le d\u00e9veloppement peut \u00e0 l'avenir \u00eatre davantage ax\u00e9 sur le large public d'utilisateurs de Canva, et pas n\u00e9cessairement sur des exigences de publication de haute pr\u00e9cision. Les fonctions premium pourraient \u00e9galement se d\u00e9velopper en termes de contenu, tandis que les domaines gratuits seraient limit\u00e9s. Ceux qui travaillent de mani\u00e8re professionnelle comptent sur la stabilit\u00e9 - et c'est pr\u00e9cis\u00e9ment ce qui doit \u00eatre prouv\u00e9 \u00e0 nouveau sous le nouveau mod\u00e8le.<\/li>\n<li><strong>L'approche gratuite est-elle plut\u00f4t une chance ou un risque ?<\/strong><br \/>\nLes deux. Pour les d\u00e9butants, c'est une chance \u00e9norme, car ils peuvent travailler avec un outil professionnel sans frais d'entr\u00e9e. Pour les professionnels, c'est un risque, car la gratuit\u00e9 signifie g\u00e9n\u00e9ralement que le mod\u00e8le \u00e9conomique se trouve ailleurs. C'est dans cette fourchette qu'\u00e9volue d\u00e9sormais Affinity, et c'est pr\u00e9cis\u00e9ment pour cette raison qu'il vaut la peine de jeter un regard conscient et pas trop euphorique.<\/li>\n<li><strong>Quels sont les avantages pour les auto-\u00e9diteurs ?<\/strong><br \/>\nLes auto-\u00e9diteurs en profitent \u00e9norm\u00e9ment. Ils peuvent d\u00e9velopper imm\u00e9diatement leurs propres couvertures, mises en page de livres ou graphiques sans investissement. C'est justement en combinaison avec des mod\u00e8les - comme les tiens pour le livre \u201eB\u00fccher schreiben 2.0\u201c - que l'on obtient un acc\u00e8s direct et pratique. De nombreux auteurs qui n'ont jamais voulu toucher \u00e0 un programme de mise en page y auront d\u00e9sormais acc\u00e8s pour la premi\u00e8re fois.<\/li>\n<li><strong>Quel r\u00f4le joue l'exportation EPUB dans l'\u00e9valuation du logiciel ?<\/strong><br \/>\nPour les \u00e9diteurs et les auteurs modernes, l'EPUB est essentiel. Jusqu'\u00e0 pr\u00e9sent, Affinity n'a jamais \u00e9t\u00e9 tr\u00e8s fort dans ce domaine. La nouvelle version offre la possibilit\u00e9 \u00e0 Canva de prendre ce th\u00e8me plus au s\u00e9rieux et de le d\u00e9velopper. Si une exportation EPUB de haute qualit\u00e9 et typographiquement stable voyait le jour, ce serait un \u00e9norme progr\u00e8s. Actuellement, ce point reste toutefois un chantier - mais en m\u00eame temps le plus grand potentiel.<\/li>\n<li><strong>La nouvelle version sera-t-elle adapt\u00e9e aux grands projets de livres \u00e0 long terme ?<\/strong><br \/>\nIl n'est pas encore possible de le dire d\u00e9finitivement aujourd'hui. Les fonctions de base plaident en ce sens, mais l'orientation strat\u00e9gique pourrait faire qu'\u00e0 moyen terme, Canva s'optimise plut\u00f4t en direction de la conception en ligne, du march\u00e9 des mod\u00e8les et des fonctions d'intelligence artificielle. Les grands projets ont besoin de stabilit\u00e9, d'une typographie fiable et d'un contr\u00f4le pr\u00e9cis. C'est pourquoi la r\u00e8gle est la suivante : tester en parall\u00e8le, mais ne pas changer \u00e0 l'aveuglette.<\/li>\n<li><strong>Que se passe-t-il avec les versions achet\u00e9es jusqu'\u00e0 pr\u00e9sent ?<\/strong><br \/>\nLes licences existantes conservent leur fonction et continuent \u00e0 fonctionner. Toutefois, il est probable qu'elles soient moins activement d\u00e9velopp\u00e9es et qu'\u00e0 un moment donn\u00e9, elles ne re\u00e7oivent plus que des corrections de bugs - si tant est qu'elles en re\u00e7oivent. Pour beaucoup, l'ancienne version restera une sorte d\u201e\u201c\u00eele stable\", tandis que la nouvelle version continuera \u00e0 \u00e9voluer. C'est pr\u00e9cis\u00e9ment l'une des raisons pour lesquelles les professionnels devraient conserver deux syst\u00e8mes en parall\u00e8le.<\/li>\n<li><strong>Comment le flux de travail change-t-il pour les designers qui utilisaient jusqu'\u00e0 pr\u00e9sent les trois programmes Affinity ?<\/strong><br \/>\nLe flux de travail peut \u00eatre plus simple, car la nouvelle version regroupe tout dans une seule application. Toutefois, il faut aussi faire le changement dans sa t\u00eate : Celui qui avait l'habitude d'effectuer certaines t\u00e2ches exclusivement dans Designer ou Photo devra se r\u00e9orienter. La question est de savoir si l'int\u00e9gration se fera de mani\u00e8re \u00e9l\u00e9gante - ou si le logiciel deviendra plus lourd et plus confus. Cela varie en fonction de l'application.<\/li>\n<li><strong>Comment l\u201e\u201cesprit Canva\" se r\u00e9percute-t-il concr\u00e8tement sur le march\u00e9 professionnel ?<\/strong><br \/>\nCanva a pour approche de rendre le design accessible \u00e0 tous, et pas seulement aux professionnels. Cela influence in\u00e9vitablement les priorit\u00e9s de d\u00e9veloppement. Les fonctionnalit\u00e9s pertinentes pour des millions d'utilisateurs arrivent plus vite. En revanche, les fonctions professionnelles de niche risquent de se d\u00e9velopper plus lentement. Les professionnels du livre devraient donc suivre de pr\u00e8s dans quelle mesure Canva mise r\u00e9ellement sur la pr\u00e9cision en mati\u00e8re de pr\u00e9presse.<\/li>\n<li><strong>La version gratuite peut-elle vraiment concurrencer Adobe ?<\/strong><br \/>\nPour de nombreux designers amateurs et graphistes de m\u00e9dias sociaux : oui. Pour les processus professionnels de mise en page et d'impression : en partie seulement. Adobe reste le standard dans le domaine haut de gamme, notamment en raison de la maturit\u00e9 des flux de travail EPUB et XML d'InDesign. Si Affinity conserve ses points forts dans le domaine de la composition de livres, du PDF\/X et de la typographie et am\u00e9liore en m\u00eame temps le domaine EPUB, le rapport de force pourrait toutefois se modifier sensiblement.<\/li>\n<li><strong>Faut-il passer compl\u00e8tement \u00e0 la nouvelle version ?<\/strong><br \/>\nPas pour le moment. Il est judicieux de travailler en parall\u00e8le : la version stable achet\u00e9e pour les projets de livres productifs, la nouvelle version pour tester et explorer. De cette mani\u00e8re, tu as les avantages des deux mondes et tu prot\u00e8ges tes processus de production contre les ruptures inattendues. Cela correspond \u00e9galement \u00e0 la proc\u00e9dure classique de nombreux professionnels.<\/li>\n<li><strong>Quels sont les risques li\u00e9s \u00e0 l'utilisation croissante de l'IA dans Affinity ?<\/strong><br \/>\nL'IA peut faciliter grandement le travail, mais elle est aussi source de complexit\u00e9. Plus on int\u00e8gre de fonctions d'IA, plus le syst\u00e8me risque de devenir lourd ou de g\u00e9n\u00e9rer des erreurs dont on ne se rend compte que tardivement \u00e0 l'impression. De plus, certaines fonctions d'IA pourraient devenir payantes \u00e0 l'avenir. Pour la production professionnelle de livres, la pr\u00e9cision continue de compter - et elle provient g\u00e9n\u00e9ralement d'outils classiques, pas de la magie de l'IA.<\/li>\n<li><strong>Quelle importance conserve l'utilisation hors ligne ?<\/strong><br \/>\nTr\u00e8s important . De nombreuses maisons d'\u00e9dition travaillent d\u00e9lib\u00e9r\u00e9ment hors ligne afin de garantir la s\u00e9curit\u00e9 de la production et la souverainet\u00e9 des donn\u00e9es. Tant qu'Affinity maintient les fonctions de base utilisables hors ligne, le logiciel reste attractif. Si Canva devait \u00e0 l'avenir int\u00e9grer davantage de contraintes li\u00e9es au cloud, cela poserait toutefois probl\u00e8me aux utilisateurs professionnels. C'est aussi pour cette raison qu'il est conseill\u00e9 de garder un \u0153il vigilant.<\/li>\n<li><strong>Quelle recommandation \u00e0 long terme peut-on en tirer pour les auteurs, les designers et les \u00e9diteurs ?<\/strong><br \/>\nUtilise les possibilit\u00e9s gratuites - mais ne t'y fie pas aveugl\u00e9ment. Travaille avec des versions stables pour les projets critiques et observe comment Affinity \u00e9volue sous Canva. Si l'exportation EPUB est renforc\u00e9e et que la pr\u00e9cision typographique est maintenue, Affinity pourrait m\u00eame devenir plus fort \u00e0 long terme qu'auparavant. En attendant, la vieille r\u00e8gle s'applique : tester \u00e0 fond, se fier \u00e0 ce qui a fait ses preuves et garder un \u0153il sur les nouvelles options.<\/li>\n<\/ol>\n<hr \/>\n\n\t\t\t<div class=\"display-post-types\">\n\n\t\t\t\t\t\t\t<style type=\"text\/css\">\n\t\t\t#dpt-wrapper-319 { --dpt-text-align: left;--dpt-image-crop: center;--dpt-border-radius: 5px;--dpt-h-gutter: 10px;--dpt-v-gutter: 9px; }\t\t\t<\/style>\n\t\t\t<style type=\"text\/css\">#dpt-wrapper-319 { --dpt-title-font-style:normal;--dpt-title-font-weight:600;--dpt-title-line-height:1.5;--dpt-title-text-decoration:none;--dpt-title-text-transform:none;--dpt-excerpt-font-style:normal;--dpt-excerpt-font-weight:400;--dpt-excerpt-line-height:1.5;--dpt-excerpt-text-decoration:none;--dpt-excerpt-text-transform:none;--dpt-meta1-font-style:normal;--dpt-meta1-font-weight:400;--dpt-meta1-line-height:1.9;--dpt-meta1-text-decoration:none;--dpt-meta1-text-transform:none;--dpt-meta2-font-style:normal;--dpt-meta2-font-weight:400;--dpt-meta2-line-height:1.9;--dpt-meta2-text-decoration:none;--dpt-meta2-text-transform:none; }<\/style><div class=\"dpt-main-header\">\n\t\t\t\t\t\t<div class=\"dpt-main-title\">\n\t\t\t\t\t\t\t<span class=\"dpt-main-title-text\">Th\u00e8mes de soci\u00e9t\u00e9 contemporains<\/span>\n\t\t\t\t\t\t<\/div>\n\t\t\t\t\t\t\n\t\t\t\t\t\t\n\t\t\t\t\t\t\n\t\t\t\t\t\t<\/div>\t\t\t\n\t\t\t\t<div id=\"dpt-wrapper-319\" class=\"dpt-wrapper dpt-mag1 land1 dpt-cropped dpt-flex-wrap\" >\n\n\t\t\t\t\t\t\t\t\t\t\t<div class=\"dpt-entry has-thumbnail\" data-title=\"die krimtataren \u2013 geschichte, herkunft und gegenwart eines vergessenen volkes\" data-id=\"4154\"  data-category=\"allgemein gesellschaft kunst &amp; kultur\" data-post_tag=\"europa geopolitik krisen meinungsfreiheit\">\n\t\t\t\t\t\t\t<div class=\"dpt-entry-wrapper\"><div class=\"dpt-featured-content\"><div class=\"dpt-permalink\"><a href=\"https:\/\/www.markus-schall.de\/fr\/2025\/12\/les-tatars-de-crimee-lhistoire-lorigine-et-le-present-dun-peuple-oublie\/\" class=\"dpt-permalink\"><span class=\"screen-reader-text\">Les Tatars de Crim\u00e9e - histoire, origine et pr\u00e9sent d'un peuple oubli\u00e9<\/span><\/a><\/div><div class=\"dpt-thumbnail\"><div class=\"dpt-thumbnail-inner\"><img width=\"1024\" height=\"683\" class=\"attachment-full size-full\" alt=\"Steppe tartare de Crim\u00e9e\" context=\"dpt\" data-dpt-src=\"https:\/\/www.markus-schall.de\/wp-content\/uploads\/Krimtartaren-Steppe.jpg\" data-dpt-sizes=\"(max-width: 1024px) 100vw, 1024px\" data-dpt-srcset=\"https:\/\/www.markus-schall.de\/wp-content\/uploads\/Krimtartaren-Steppe.jpg 1024w, https:\/\/www.markus-schall.de\/wp-content\/uploads\/Krimtartaren-Steppe-300x200.jpg 300w, https:\/\/www.markus-schall.de\/wp-content\/uploads\/Krimtartaren-Steppe-768x512.jpg 768w, https:\/\/www.markus-schall.de\/wp-content\/uploads\/Krimtartaren-Steppe-18x12.jpg 18w\" \/><\/div><span class=\"dpt-thumbnail-aspect-ratio\" style=\"padding-top: 75%\"><\/span><\/div><\/div><div class=\"sub-entry\"><h3 class=\"dpt-title\"><a class=\"dpt-title-link\" href=\"https:\/\/www.markus-schall.de\/fr\/2025\/12\/les-tatars-de-crimee-lhistoire-lorigine-et-le-present-dun-peuple-oublie\/\" rel=\"bookmark\">Les Tatars de Crim\u00e9e - histoire, origine et pr\u00e9sent d'un peuple oubli\u00e9<\/a><\/h3><\/div><\/div>\n\t\t\t\t\t\t<\/div><!-- .dpt-entry -->\n\t\t\t\t\t\t\t\t\t\t\t\t<div class=\"dpt-entry has-thumbnail\" data-title=\"dieter hallervorden \u2013 mehr als didi: portr\u00e4t eines unbequemen freigeists\" data-id=\"4347\"  data-category=\"gesellschaft kunst &amp; kultur stories &amp; humor\" data-post_tag=\"erfahrungen meinungsfreiheit musik portrait\">\n\t\t\t\t\t\t\t<div class=\"dpt-entry-wrapper\"><div class=\"dpt-featured-content\"><div class=\"dpt-permalink\"><a href=\"https:\/\/www.markus-schall.de\/fr\/2026\/01\/dieter-hallervorden-plus-que-didi-portrait-dun-libertaire-inconfortable\/\" class=\"dpt-permalink\"><span class=\"screen-reader-text\">Dieter Hallervorden - Plus de Didi : Portrait d'un esprit libre et inconfortable<\/span><\/a><\/div><div class=\"dpt-thumbnail\"><div class=\"dpt-thumbnail-inner\"><img width=\"1024\" height=\"683\" class=\"attachment-full size-full\" alt=\"Dieter Hallervorden et les W\u00fchlm\u00e4use \u00e0 Berlin\" context=\"dpt\" data-dpt-src=\"https:\/\/www.markus-schall.de\/wp-content\/uploads\/Dieter-Hallvervorden-Wuehlmaeuse.jpg\" data-dpt-sizes=\"(max-width: 1024px) 100vw, 1024px\" data-dpt-srcset=\"https:\/\/www.markus-schall.de\/wp-content\/uploads\/Dieter-Hallvervorden-Wuehlmaeuse.jpg 1024w, https:\/\/www.markus-schall.de\/wp-content\/uploads\/Dieter-Hallvervorden-Wuehlmaeuse-300x200.jpg 300w, https:\/\/www.markus-schall.de\/wp-content\/uploads\/Dieter-Hallvervorden-Wuehlmaeuse-768x512.jpg 768w, https:\/\/www.markus-schall.de\/wp-content\/uploads\/Dieter-Hallvervorden-Wuehlmaeuse-18x12.jpg 18w\" \/><\/div><span class=\"dpt-thumbnail-aspect-ratio\" style=\"padding-top: 75%\"><\/span><\/div><\/div><div class=\"sub-entry\"><h3 class=\"dpt-title\"><a class=\"dpt-title-link\" href=\"https:\/\/www.markus-schall.de\/fr\/2026\/01\/dieter-hallervorden-plus-que-didi-portrait-dun-libertaire-inconfortable\/\" rel=\"bookmark\">Dieter Hallervorden - Plus de Didi : Portrait d'un esprit libre et inconfortable<\/a><\/h3><\/div><\/div>\n\t\t\t\t\t\t<\/div><!-- .dpt-entry -->\n\t\t\t\t\t\t\t\t\t\t\t\t<div class=\"dpt-entry has-thumbnail\" data-title=\"wie tiere zeit wahrnehmen \u2013 und was das f\u00fcr die zukunft der ki bedeutet\" data-id=\"4918\"  data-category=\"allgemein gesellschaft ki-systeme\" data-post_tag=\"denkmodelle erfahrungen k\u00fcnstliche intelligenz llm portrait prozesse sprachmodell\">\n\t\t\t\t\t\t\t<div class=\"dpt-entry-wrapper\"><div class=\"dpt-featured-content\"><div class=\"dpt-permalink\"><a href=\"https:\/\/www.markus-schall.de\/fr\/2026\/02\/comment-les-animaux-percoivent-le-temps-et-ce-que-cela-signifie-pour-lavenir-du-ki\/\" class=\"dpt-permalink\"><span class=\"screen-reader-text\">Comment les animaux per\u00e7oivent le temps - et ce que cela signifie pour l'avenir de l'IA<\/span><\/a><\/div><div class=\"dpt-thumbnail\"><div class=\"dpt-thumbnail-inner\"><img width=\"1024\" height=\"683\" class=\"attachment-full size-full\" alt=\"Animaux, IA et perception du temps\" context=\"dpt\" data-dpt-src=\"https:\/\/www.markus-schall.de\/wp-content\/uploads\/Tiere-KI-Zeitwahrnehmung.jpg\" data-dpt-sizes=\"(max-width: 1024px) 100vw, 1024px\" data-dpt-srcset=\"https:\/\/www.markus-schall.de\/wp-content\/uploads\/Tiere-KI-Zeitwahrnehmung.jpg 1024w, https:\/\/www.markus-schall.de\/wp-content\/uploads\/Tiere-KI-Zeitwahrnehmung-300x200.jpg 300w, https:\/\/www.markus-schall.de\/wp-content\/uploads\/Tiere-KI-Zeitwahrnehmung-768x512.jpg 768w, https:\/\/www.markus-schall.de\/wp-content\/uploads\/Tiere-KI-Zeitwahrnehmung-18x12.jpg 18w\" \/><\/div><span class=\"dpt-thumbnail-aspect-ratio\" style=\"padding-top: 75%\"><\/span><\/div><\/div><div class=\"sub-entry\"><h3 class=\"dpt-title\"><a class=\"dpt-title-link\" href=\"https:\/\/www.markus-schall.de\/fr\/2026\/02\/comment-les-animaux-percoivent-le-temps-et-ce-que-cela-signifie-pour-lavenir-du-ki\/\" rel=\"bookmark\">Comment les animaux per\u00e7oivent le temps - et ce que cela signifie pour l'avenir de l'IA<\/a><\/h3><\/div><\/div>\n\t\t\t\t\t\t<\/div><!-- .dpt-entry -->\n\t\t\t\t\t\t\t\t\t\t\t\t<div class=\"dpt-entry has-thumbnail\" data-title=\"der zwei-plus-vier-vertrag, die nato und die bundeswehr: was gilt heute noch?\" data-id=\"4740\"  data-category=\"allgemein gesellschaft\" data-post_tag=\"deutschland europa geopolitik krisen sicherheitspolitik spieltheorie\">\n\t\t\t\t\t\t\t<div class=\"dpt-entry-wrapper\"><div class=\"dpt-featured-content\"><div class=\"dpt-permalink\"><a href=\"https:\/\/www.markus-schall.de\/fr\/2026\/02\/le-traite-deux-plus-quatre-lotan-et-larmee-allemande-quest-ce-qui-est-encore-valable-aujourdhui\/\" class=\"dpt-permalink\"><span class=\"screen-reader-text\">Le trait\u00e9 deux-plus-quatre, l'OTAN et la Bundeswehr : qu'est-ce qui est encore valable aujourd'hui ?<\/span><\/a><\/div><div class=\"dpt-thumbnail\"><div class=\"dpt-thumbnail-inner\"><img width=\"1024\" height=\"683\" class=\"attachment-full size-full\" alt=\"\" context=\"dpt\" data-dpt-src=\"https:\/\/www.markus-schall.de\/wp-content\/uploads\/Zwei-Plus-Vier-Vertrag.jpg\" data-dpt-sizes=\"(max-width: 1024px) 100vw, 1024px\" data-dpt-srcset=\"https:\/\/www.markus-schall.de\/wp-content\/uploads\/Zwei-Plus-Vier-Vertrag.jpg 1024w, https:\/\/www.markus-schall.de\/wp-content\/uploads\/Zwei-Plus-Vier-Vertrag-300x200.jpg 300w, https:\/\/www.markus-schall.de\/wp-content\/uploads\/Zwei-Plus-Vier-Vertrag-768x512.jpg 768w, https:\/\/www.markus-schall.de\/wp-content\/uploads\/Zwei-Plus-Vier-Vertrag-18x12.jpg 18w\" \/><\/div><span class=\"dpt-thumbnail-aspect-ratio\" style=\"padding-top: 75%\"><\/span><\/div><\/div><div class=\"sub-entry\"><h3 class=\"dpt-title\"><a class=\"dpt-title-link\" href=\"https:\/\/www.markus-schall.de\/fr\/2026\/02\/le-traite-deux-plus-quatre-lotan-et-larmee-allemande-quest-ce-qui-est-encore-valable-aujourdhui\/\" rel=\"bookmark\">Le trait\u00e9 deux-plus-quatre, l'OTAN et la Bundeswehr : qu'est-ce qui est encore valable aujourd'hui ?<\/a><\/h3><\/div><\/div>\n\t\t\t\t\t\t<\/div><!-- .dpt-entry -->\n\t\t\t\t\t\t\n\t\t\t\t<\/div>\n\t\t\t\t\t\t<\/div>\n\t\t\t\n<hr \/>","protected":false},"excerpt":{"rendered":"<p>Lorsque l'on travaille comme moi depuis des d\u00e9cennies avec des programmes de mise en page et de composition, on ressent g\u00e9n\u00e9ralement ces bouleversements plus nettement que ceux qui ne sont dans ce monde que depuis peu. J'ai vu beaucoup de choses venir et partir au fil des ans : Au d\u00e9but des ann\u00e9es 90, je travaillais sur Atari ST avec Calamus SL et plus tard, sous Windows, ... <a title=\"Le trait\u00e9 deux-plus-quatre, l&#039;OTAN et la Bundeswehr : qu&#039;est-ce qui est encore valable aujourd&#039;hui ?\" class=\"read-more\" href=\"https:\/\/www.markus-schall.de\/fr\/2026\/02\/le-traite-deux-plus-quatre-lotan-et-larmee-allemande-quest-ce-qui-est-encore-valable-aujourdhui\/\" aria-label=\"En savoir plus sur Le trait\u00e9 deux-plus-quatre, l&#039;OTAN et la Bundeswehr : qu&#039;est-ce qui est encore valable aujourd&#039;hui ?\">Lire la suite<\/a><\/p>","protected":false},"author":1,"featured_media":3697,"comment_status":"open","ping_status":"open","sticky":false,"template":"","format":"standard","meta":{"iawp_total_views":579,"footnotes":""},"categories":[424,15,472,4],"tags":[425,11,442,460,441],"class_list":["post-3675","post","type-post","status-publish","format-standard","has-post-thumbnail","hentry","category-buecher","category-apple-macos","category-kunst-kultur","category-tipps-anleitungen","tag-buch","tag-mac","tag-prozesse","tag-publishing","tag-verlag"],"_links":{"self":[{"href":"https:\/\/www.markus-schall.de\/fr\/wp-json\/wp\/v2\/posts\/3675","targetHints":{"allow":["GET"]}}],"collection":[{"href":"https:\/\/www.markus-schall.de\/fr\/wp-json\/wp\/v2\/posts"}],"about":[{"href":"https:\/\/www.markus-schall.de\/fr\/wp-json\/wp\/v2\/types\/post"}],"author":[{"embeddable":true,"href":"https:\/\/www.markus-schall.de\/fr\/wp-json\/wp\/v2\/users\/1"}],"replies":[{"embeddable":true,"href":"https:\/\/www.markus-schall.de\/fr\/wp-json\/wp\/v2\/comments?post=3675"}],"version-history":[{"count":18,"href":"https:\/\/www.markus-schall.de\/fr\/wp-json\/wp\/v2\/posts\/3675\/revisions"}],"predecessor-version":[{"id":3701,"href":"https:\/\/www.markus-schall.de\/fr\/wp-json\/wp\/v2\/posts\/3675\/revisions\/3701"}],"wp:featuredmedia":[{"embeddable":true,"href":"https:\/\/www.markus-schall.de\/fr\/wp-json\/wp\/v2\/media\/3697"}],"wp:attachment":[{"href":"https:\/\/www.markus-schall.de\/fr\/wp-json\/wp\/v2\/media?parent=3675"}],"wp:term":[{"taxonomy":"category","embeddable":true,"href":"https:\/\/www.markus-schall.de\/fr\/wp-json\/wp\/v2\/categories?post=3675"},{"taxonomy":"post_tag","embeddable":true,"href":"https:\/\/www.markus-schall.de\/fr\/wp-json\/wp\/v2\/tags?post=3675"}],"curies":[{"name":"wp","href":"https:\/\/api.w.org\/{rel}","templated":true}]}}