{"id":3727,"date":"2025-11-28T08:00:57","date_gmt":"2025-11-28T08:00:57","guid":{"rendered":"https:\/\/www.markus-schall.de\/?p=3727"},"modified":"2025-12-24T08:18:23","modified_gmt":"2025-12-24T08:18:23","slug":"cloud-act-souverainete-des-donnees-et-la-suisse-un-tournant-pour-les-strategies-informatiques-europeennes","status":"publish","type":"post","link":"https:\/\/www.markus-schall.de\/fr\/2025\/11\/cloud-act-datenhoheit-und-die-schweiz-ein-wendepunkt-fuer-europaeische-it-strategien\/","title":{"rendered":"CLOUD-Act, souverainet\u00e9 des donn\u00e9es et la Suisse : un tournant pour les strat\u00e9gies informatiques europ\u00e9ennes ?"},"content":{"rendered":"<p>In der Schweiz ist Mitte November etwas passiert, das in dieser Form kaum jemand erwartet hat: Die Datenschutzbeauftragten des Landes haben eine klare, beinahe schon historische Resolution verabschiedet. Die Botschaft dahinter ist einfach &#8211; und gleichzeitig hoch brisant: Beh\u00f6rden sollen ihre sensibelsten Daten nicht mehr bedenkenlos in internationale Cloud-Dienste wie Microsoft 365 auslagern. Warum das?<!--more--><\/p>\n<p>Weil die Verantwortung f\u00fcr besonders vertrauliche Daten &#8211; Gesundheitsakten, Sozialf\u00e4lle, strafrechtliche Ermittlungen, interne Dokumente &#8211; nicht an Unternehmen abgegeben werden darf, die den Zugriff auf diese Daten technisch niemals vollst\u00e4ndig ausschlie\u00dfen k\u00f6nnen. Genau das ist der Kern der Schweizer Entscheidung. Man muss nicht tief im IT-Thema stecken, um die Grundidee zu verstehen. Fr\u00fcher lagen wichtige Akten in einem verschlossenen Aktenschrank im Rathaus. Heute stehen dieselben Daten oft irgendwo im Ausland &#8211; auf Servern gro\u00dfer US-Konzerne, die wiederum eigene Partnerfirmen und Sub-Unternehmen einbeziehen. Und selbst wenn diese Anbieter versichern, alles sei sicher: Die Beh\u00f6rde selbst kann das nicht mehr wirklich \u00fcberpr\u00fcfen.<\/p>\n<hr \/>\n\n\t\t\t<div class=\"display-post-types\">\n\n\t\t\t\t\t\t\t<style type=\"text\/css\">\n\t\t\t#dpt-wrapper-293 { --dpt-text-align: left;--dpt-image-crop: center;--dpt-border-radius: 5px;--dpt-h-gutter: 10px;--dpt-v-gutter: 9px; }\t\t\t<\/style>\n\t\t\t<style type=\"text\/css\">#dpt-wrapper-293 { --dpt-title-font-style:normal;--dpt-title-font-weight:600;--dpt-title-line-height:1.5;--dpt-title-text-decoration:none;--dpt-title-text-transform:none;--dpt-excerpt-font-style:normal;--dpt-excerpt-font-weight:400;--dpt-excerpt-line-height:1.5;--dpt-excerpt-text-decoration:none;--dpt-excerpt-text-transform:none;--dpt-meta1-font-style:normal;--dpt-meta1-font-weight:400;--dpt-meta1-line-height:1.9;--dpt-meta1-text-decoration:none;--dpt-meta1-text-transform:none;--dpt-meta2-font-style:normal;--dpt-meta2-font-weight:400;--dpt-meta2-line-height:1.9;--dpt-meta2-text-decoration:none;--dpt-meta2-text-transform:none; }<\/style><div class=\" dpt-main-header\">\n\t\t\t\t\t\t<div class=\"dpt-main-title\">\n\t\t\t\t\t\t\t<span class=\"dpt-main-title-text\">Gesellschaftsthemen der Gegenwart<\/span>\n\t\t\t\t\t\t<\/div>\n\t\t\t\t\t\t\n\t\t\t\t\t\t\n\t\t\t\t\t\t\n\t\t\t\t\t\t<\/div>\t\t\t\n\t\t\t\t<div id=\"dpt-wrapper-293\" class=\"dpt-wrapper dpt-mag1 land1 dpt-cropped dpt-flex-wrap\" >\n\n\t\t\t\t\t\t\t\t\t\t\t<div class=\"dpt-entry has-thumbnail\" data-title=\"europa zwischen meinungsfreiheit und regulierung: neues us-infoportal wirft fragen auf\" data-id=\"5102\"  data-category=\"allgemein gesellschaft\" data-post_tag=\"denkmodelle deutschland eu-gesetze europa geopolitik krisen meinungsfreiheit spieltheorie\">\n\t\t\t\t\t\t\t<div class=\"dpt-entry-wrapper\"><div class=\" dpt-featured-content\"><div class=\" dpt-permalink\"><a href=\"https:\/\/www.markus-schall.de\/fr\/2026\/03\/europa-zwischen-meinungsfreiheit-und-regulierung-neues-us-infoportal-wirft-fragen-auf\/\" class=\"dpt-permalink\"><span class=\"screen-reader-text\">Europa zwischen Meinungsfreiheit und Regulierung: Neues US-Infoportal wirft Fragen auf<\/span><\/a><\/div><div class=\" dpt-thumbnail\"><div class=\"dpt-thumbnail-inner\"><img width=\"1024\" height=\"683\" class=\"attachment-full size-full\" alt=\"EU-Zensur, Hatespeech und das neue US-Portal\" context=\"dpt\" data-dpt-src=\"https:\/\/www.markus-schall.de\/wp-content\/uploads\/EU-Hatespeech-US-Portal.jpg\" data-dpt-sizes=\"(max-width: 1024px) 100vw, 1024px\" data-dpt-srcset=\"https:\/\/www.markus-schall.de\/wp-content\/uploads\/EU-Hatespeech-US-Portal.jpg 1024w, https:\/\/www.markus-schall.de\/wp-content\/uploads\/EU-Hatespeech-US-Portal-300x200.jpg 300w, https:\/\/www.markus-schall.de\/wp-content\/uploads\/EU-Hatespeech-US-Portal-768x512.jpg 768w, https:\/\/www.markus-schall.de\/wp-content\/uploads\/EU-Hatespeech-US-Portal-18x12.jpg 18w\" \/><\/div><span class=\"dpt-thumbnail-aspect-ratio\" style=\"padding-top: 75%\"><\/span><\/div><\/div><div class=\" sub-entry\"><h3 class=\" dpt-title\"><a class=\"dpt-title-link\" href=\"https:\/\/www.markus-schall.de\/fr\/2026\/03\/europa-zwischen-meinungsfreiheit-und-regulierung-neues-us-infoportal-wirft-fragen-auf\/\" rel=\"bookmark\">Europa zwischen Meinungsfreiheit und Regulierung: Neues US-Infoportal wirft Fragen auf<\/a><\/h3><\/div><\/div>\n\t\t\t\t\t\t<\/div><!-- .dpt-entry -->\n\t\t\t\t\t\t\t\t\t\t\t\t<div class=\"dpt-entry has-thumbnail\" data-title=\"beruf, weltbild, zukunft: entscheidungen im schatten des umbruchs\" data-id=\"3197\"  data-category=\"allgemein gesellschaft kunst &amp; kultur tipps &amp; anleitungen\" data-post_tag=\"erfahrungen krisen pers\u00f6nlichkeitsentwicklung ratgeber\">\n\t\t\t\t\t\t\t<div class=\"dpt-entry-wrapper\"><div class=\" dpt-featured-content\"><div class=\" dpt-permalink\"><a href=\"https:\/\/www.markus-schall.de\/fr\/2025\/10\/beruf-weltbild-zukunft-entscheidungen-im-schatten-des-umbruchs\/\" class=\"dpt-permalink\"><span class=\"screen-reader-text\">Beruf, Weltbild, Zukunft: Entscheidungen im Schatten des Umbruchs<\/span><\/a><\/div><div class=\" dpt-thumbnail\"><div class=\"dpt-thumbnail-inner\"><img width=\"1024\" height=\"683\" class=\"attachment-full size-full\" alt=\"Entscheidungen im Schatten des Umbruchs\" context=\"dpt\" data-dpt-src=\"https:\/\/www.markus-schall.de\/wp-content\/uploads\/Entscheidungen-im-Schatten-Umbruch.jpg\" data-dpt-sizes=\"(max-width: 1024px) 100vw, 1024px\" data-dpt-srcset=\"https:\/\/www.markus-schall.de\/wp-content\/uploads\/Entscheidungen-im-Schatten-Umbruch.jpg 1024w, https:\/\/www.markus-schall.de\/wp-content\/uploads\/Entscheidungen-im-Schatten-Umbruch-300x200.jpg 300w, https:\/\/www.markus-schall.de\/wp-content\/uploads\/Entscheidungen-im-Schatten-Umbruch-768x512.jpg 768w, https:\/\/www.markus-schall.de\/wp-content\/uploads\/Entscheidungen-im-Schatten-Umbruch-18x12.jpg 18w\" \/><\/div><span class=\"dpt-thumbnail-aspect-ratio\" style=\"padding-top: 75%\"><\/span><\/div><\/div><div class=\" sub-entry\"><h3 class=\" dpt-title\"><a class=\"dpt-title-link\" href=\"https:\/\/www.markus-schall.de\/fr\/2025\/10\/beruf-weltbild-zukunft-entscheidungen-im-schatten-des-umbruchs\/\" rel=\"bookmark\">Beruf, Weltbild, Zukunft: Entscheidungen im Schatten des Umbruchs<\/a><\/h3><\/div><\/div>\n\t\t\t\t\t\t<\/div><!-- .dpt-entry -->\n\t\t\t\t\t\t\t\t\t\t\t\t<div class=\"dpt-entry has-thumbnail\" data-title=\"donald trump im system usa &#8211; herkunft, macht, medien und wirkung\" data-id=\"4271\"  data-category=\"allgemein gesellschaft\" data-post_tag=\"deutschland digitales eigentum energiepolitik europa geopolitik krisen meinungsfreiheit portrait sicherheitspolitik spieltheorie\">\n\t\t\t\t\t\t\t<div class=\"dpt-entry-wrapper\"><div class=\" dpt-featured-content\"><div class=\" dpt-permalink\"><a href=\"https:\/\/www.markus-schall.de\/fr\/2026\/05\/donald-trump-im-system-usa-herkunft-macht-medien-und-wirkung\/\" class=\"dpt-permalink\"><span class=\"screen-reader-text\">Donald Trump im System USA &#8211; Herkunft, Macht, Medien und Wirkung<\/span><\/a><\/div><div class=\" dpt-thumbnail\"><div class=\"dpt-thumbnail-inner\"><img width=\"1024\" height=\"561\" class=\"attachment-full size-full\" alt=\"Donald Trump im System USA\" context=\"dpt\" data-dpt-src=\"https:\/\/www.markus-schall.de\/wp-content\/uploads\/Donald-Trump-im-System-USA.jpg\" data-dpt-sizes=\"(max-width: 1024px) 100vw, 1024px\" data-dpt-srcset=\"https:\/\/www.markus-schall.de\/wp-content\/uploads\/Donald-Trump-im-System-USA.jpg 1024w, https:\/\/www.markus-schall.de\/wp-content\/uploads\/Donald-Trump-im-System-USA-300x164.jpg 300w, https:\/\/www.markus-schall.de\/wp-content\/uploads\/Donald-Trump-im-System-USA-768x421.jpg 768w, https:\/\/www.markus-schall.de\/wp-content\/uploads\/Donald-Trump-im-System-USA-18x10.jpg 18w\" \/><\/div><span class=\"dpt-thumbnail-aspect-ratio\" style=\"padding-top: 75%\"><\/span><\/div><\/div><div class=\" sub-entry\"><h3 class=\" dpt-title\"><a class=\"dpt-title-link\" href=\"https:\/\/www.markus-schall.de\/fr\/2026\/05\/donald-trump-im-system-usa-herkunft-macht-medien-und-wirkung\/\" rel=\"bookmark\">Donald Trump im System USA &#8211; Herkunft, Macht, Medien und Wirkung<\/a><\/h3><\/div><\/div>\n\t\t\t\t\t\t<\/div><!-- .dpt-entry -->\n\t\t\t\t\t\t\t\t\t\t\t\t<div class=\"dpt-entry has-thumbnail\" data-title=\"digitales geld verstehen: bitcoin, stablecoins und cbdcs einfach erkl\u00e4rt\" data-id=\"4211\"  data-category=\"allgemein gesellschaft\" data-post_tag=\"datenschutz digitales eigentum eu-gesetze europa geopolitik spieltheorie\">\n\t\t\t\t\t\t\t<div class=\"dpt-entry-wrapper\"><div class=\" dpt-featured-content\"><div class=\" dpt-permalink\"><a href=\"https:\/\/www.markus-schall.de\/fr\/2026\/01\/digitales-geld-verstehen-bitcoin-stablecoins-und-cbdcs-einfach-erklaert\/\" class=\"dpt-permalink\"><span class=\"screen-reader-text\">Digitales Geld verstehen: Bitcoin, Stablecoins und CBDCs einfach erkl\u00e4rt<\/span><\/a><\/div><div class=\" dpt-thumbnail\"><div class=\"dpt-thumbnail-inner\"><img width=\"1024\" height=\"558\" class=\"attachment-full size-full\" alt=\"CBDCs, Kryptow\u00e4hrungen und Stablecoins\" context=\"dpt\" data-dpt-src=\"https:\/\/www.markus-schall.de\/wp-content\/uploads\/cbcd-kryptos-coins-tokens.jpg\" data-dpt-sizes=\"(max-width: 1024px) 100vw, 1024px\" data-dpt-srcset=\"https:\/\/www.markus-schall.de\/wp-content\/uploads\/cbcd-kryptos-coins-tokens.jpg 1024w, https:\/\/www.markus-schall.de\/wp-content\/uploads\/cbcd-kryptos-coins-tokens-300x163.jpg 300w, https:\/\/www.markus-schall.de\/wp-content\/uploads\/cbcd-kryptos-coins-tokens-768x419.jpg 768w, https:\/\/www.markus-schall.de\/wp-content\/uploads\/cbcd-kryptos-coins-tokens-18x10.jpg 18w\" \/><\/div><span class=\"dpt-thumbnail-aspect-ratio\" style=\"padding-top: 75%\"><\/span><\/div><\/div><div class=\" sub-entry\"><h3 class=\" dpt-title\"><a class=\"dpt-title-link\" href=\"https:\/\/www.markus-schall.de\/fr\/2026\/01\/digitales-geld-verstehen-bitcoin-stablecoins-und-cbdcs-einfach-erklaert\/\" rel=\"bookmark\">Digitales Geld verstehen: Bitcoin, Stablecoins und CBDCs einfach erkl\u00e4rt<\/a><\/h3><\/div><\/div>\n\t\t\t\t\t\t<\/div><!-- .dpt-entry -->\n\t\t\t\t\t\t\n\t\t\t\t<\/div>\n\t\t\t\t\t\t<\/div>\n\t\t\t\n<hr \/>\n<p>Dazu kommt ein Punkt, der in der \u00f6ffentlichen Debatte oft untergeht: US-Unternehmen k\u00f6nnen durch amerikanische Gesetze wie den sogenannten CLOUD Act gezwungen werden, Daten herauszugeben &#8211; selbst dann, wenn diese Daten eigentlich in Europa gespeichert sind. F\u00fcr europ\u00e4ische Staaten, und erst recht f\u00fcr ein Land wie die Schweiz, das traditionell gro\u00dfen Wert auf Unabh\u00e4ngigkeit legt, ist das ein schweres Gesch\u00fctz. Vor diesem Hintergrund haben die Schweizer Datenschutzbeh\u00f6rden nun deutlich gesagt:<\/p>\n<blockquote><p><em>Wenn eine Beh\u00f6rde Daten speichert, die besonders gesch\u00fctzt sind oder sogar unter das Amtsgeheimnis fallen, dann darf kein anderer &#8211; auch kein Cloud-Anbieter &#8211; darauf zugreifen k\u00f6nnen. Und solange es keine echte Ende-zu-Ende-Verschl\u00fcsselung gibt, bei der die Beh\u00f6rde allein die Schl\u00fcssel verwaltet, ist das mit den heutigen Cloud-Diensten schlicht nicht machbar.<\/em><\/p><\/blockquote>\n<p>Die Schweiz zieht damit die Rei\u00dfleine &#8211; aus Vorsicht, aus Tradition und aus einem tief verankerten Verst\u00e4ndnis daf\u00fcr, dass staatliche Daten ein besonders hohes Gut sind. Und interessanterweise schauen nun auch deutsche Beh\u00f6rden, Datenschutzbeauftragte und IT-Verantwortliche sehr genau hin, ob sich hier ein neuer Standard abzeichnet.<\/p>\n<h2>Was die Schweizer Resolution wirklich sagt<\/h2>\n<p>Wie <strong><a href=\"https:\/\/www.heise.de\/news\/Schweiz-Datenschuetzer-verhaengen-breites-Cloud-Verbot-fuer-Behoerden-11093438.html\" target=\"_blank\" rel=\"noopener\">Heise Online<\/a><\/strong>\u00a0und <a href=\"https:\/\/www.inside-it.ch\/privatim-auslagerung-sensibler-behoerdendaten-in-m365-unzulaessig-20251125\" target=\"_blank\" rel=\"noopener\"><strong>Inside IT<\/strong><\/a> berichteten, ist der Tr\u00e4ger dieser Entscheidung die Datenschutzkonferenz privatim, ein Zusammenschluss aus dem eidgen\u00f6ssischen Datenschutzbeauftragten und allen kantonalen Aufsichtsstellen. Ihre Beschl\u00fcsse sind zwar keine Gesetze, aber sie haben enormes Gewicht. In der Praxis setzen viele Beh\u00f6rden ihre Vorgaben so um, als w\u00e4ren sie verbindlich &#8211; denn sie geben an, was aus Sicht des Datenschutzes zul\u00e4ssig und verantwortbar ist. An wen richtet sich die Resolution? Die Zielgruppe sind \u00f6ffentliche Stellen:<\/p>\n<ul>\n<li>Bundesbeh\u00f6rden<\/li>\n<li>kantonale \u00c4mter<\/li>\n<li>Gemeinden<\/li>\n<li>Gerichte<\/li>\n<li>staatliche Institutionen<\/li>\n<\/ul>\n<p>Private Unternehmen sind von der Resolution formal nicht betroffen. Aber: Wenn die Ma\u00dfst\u00e4be f\u00fcr staatliche Einrichtungen so streng angesetzt werden, wird sich die Privatwirtschaft k\u00fcnftig schwer tun, deutlich laxer vorzugehen &#8211; gerade in Bereichen wie Gesundheit, Bildung oder Versicherungen.<\/p>\n<h3>Die Kernbotschaft: Sensible Daten geh\u00f6ren nicht in internationale Clouds<\/h3>\n<p>Die <a href=\"https:\/\/www.privatim.ch\/wp-content\/uploads\/2025\/11\/20251124_privatim_Resolution-Hyperscaler_DE.pdf\" target=\"_blank\" rel=\"noopener\"><strong>Resolution<\/strong><\/a> formuliert es zwar vorsichtig, aber unmissverst\u00e4ndlich: Die meisten sensiblen Beh\u00f6rdendaten d\u00fcrfen nicht in Cloud-Dienste ausgelagert werden, solange die Anbieter technisch Zugriff haben k\u00f6nnten. Und das betrifft nicht irgendwelche Nischenanwendungen, sondern genau jene Cloud-Produkte, die viele Verwaltungen inzwischen als Standard nutzen, darunter:<\/p>\n<ul>\n<li>Microsoft 365<\/li>\n<li>Google Workspace<\/li>\n<li>diverse SaaS-Anwendungen internationaler Anbieter<\/li>\n<\/ul>\n<p>Der Knackpunkt ist immer derselbe: Es fehlt eine echte Ende-zu-Ende-Verschl\u00fcsselung, bei der die Beh\u00f6rde die Schl\u00fcssel besitzt und der Anbieter technisch ausgeschlossen ist. Solange der Cloud-Dienst selbst Updates ausrollt, Konfigurationen vornimmt oder im Supportfall Administratorrechte hat, bleibt ein theoretischer Zugriff bestehen &#8211; und der reicht den Schweizer Datensch\u00fctzern als Risiko v\u00f6llig aus.<\/p>\n<h3>Warum die Schweiz diese Linie zieht<\/h3>\n<p>Die Schweizer Entscheidung folgt einer klaren Logik, die man mit einem klassischen, fast altmodischen Grundsatz zusammenfassen k\u00f6nnte:<br \/>\nWas nicht im eigenen Machtbereich ist, kann man auch nicht wirklich sch\u00fctzen. Drei Motive stehen dabei im Mittelpunkt:<\/p>\n<ul>\n<li><strong>Schutz staatlicher Hoheit<\/strong>: Staatliche Daten sind ein Fundament der Souver\u00e4nit\u00e4t. Wenn internationale Anbieter &#8211; wom\u00f6glich noch unter ausl\u00e4ndischer Gerichtsbarkeit &#8211; theoretisch darauf zugreifen k\u00f6nnten, verliert der Staat ein St\u00fcck dieser Souver\u00e4nit\u00e4t.<\/li>\n<li><strong>Schutz des Amtsgeheimnisses<\/strong>: Gerade in der Schweiz hat das Amtsgeheimnis einen hohen Stellenwert. Es soll nicht nur politische Intrigen verhindern, sondern auch das Vertrauen der B\u00fcrger sichern. Sobald Daten das Land verlassen, wird dieses Vertrauen schwieriger zu gew\u00e4hrleisten.<\/li>\n<li><strong>Schutz besonders sensibler Personendaten<\/strong>: Gesundheitsdaten, Polizeiakten, Sozialf\u00e4lle &#8211; all das sind Bereiche, in denen ein unbefugter Zugriff gravierende Folgen h\u00e4tte. Und selbst das geringste Risiko wird hier als untragbar bewertet.<\/li>\n<\/ul>\n<h3>Welche Daten sind besonders betroffen?<\/h3>\n<p>Die Resolution spricht ausdr\u00fccklich von:<\/p>\n<ul>\n<li>besonders sch\u00fctzenswerten Personendaten<\/li>\n<li>Daten mit gesetzlicher Geheimhaltungspflicht (Amtsgeheimnis)<\/li>\n<li>Daten aus Polizei, Justiz, Sozialwesen, Gesundheit, Verwaltung<\/li>\n<\/ul>\n<p>F\u00fcr solche Informationen fordert die Resolution einen Standard, den heutige SaaS-Systeme nicht bieten: vollst\u00e4ndige Verschl\u00fcsselung unter alleiniger Kontrolle der Beh\u00f6rde. Ohne diesen Standard ist die Auslagerung in internationale Clouds \u201ein den meisten F\u00e4llen unzul\u00e4ssig\u201c &#8211; so die Formulierung.<\/p>\n<h3>Was bleibt Beh\u00f6rden \u00fcberhaupt noch?<\/h3>\n<p>Rein technisch bleibt ihnen nur ein schmaler Korridor:<\/p>\n<ul>\n<li>Cloud-Speicher mit eigener, vorgelagerter Verschl\u00fcsselung<\/li>\n<li>Betrieb eigener Schl\u00fcssel-Infrastruktur<\/li>\n<li>oder vollst\u00e4ndig lokale L\u00f6sungen, also On-Premise oder Schweizer Anbieter<\/li>\n<\/ul>\n<p>Das bedeutet nicht, dass Beh\u00f6rden gar keine Cloud mehr nutzen d\u00fcrfen. Aber sie m\u00fcssen sicherstellen, dass der Anbieter keine M\u00f6glichkeit hat, die Daten im Klartext zu lesen. Und genau das ist in der Praxis bei den meisten modernen Cloud-Tools so gut wie nicht umsetzbar, weil diese Systeme ihre Funktionen nur entfalten k\u00f6nnen, wenn sie die Daten selbst verarbeiten. Damit sagt die Schweiz indirekt:<\/p>\n<blockquote><p><em>\u201eNutzt die Cloud sparsam, und nur dort, wo ihr sie wirklich kontrollieren k\u00f6nnt.\u201c<\/em><\/p><\/blockquote>\n<p>Und das ist, f\u00fcr sich genommen, schon ein bemerkenswerter Schritt &#8211; einer, der auch au\u00dferhalb der Schweiz f\u00fcr Diskussionen sorgt.<\/p>\n<h2>Die f\u00fcnf Kernargumente &#8211; von fehlender Ende-zu-Ende-Verschl\u00fcsselung bis zur Vertragslotterie<\/h2>\n<h3>1. Fehlende echte Ende-zu-Ende-Verschl\u00fcsselung<\/h3>\n<p>Der wichtigste Punkt ist zugleich der einfachste: Solange ein Cloud-Anbieter technisch auf Daten zugreifen kann, ist die Nutzung f\u00fcr besonders sensible Informationen nicht zul\u00e4ssig. Und genau hier scheitern praktisch alle internationalen SaaS-Angebote &#8211; selbst dann, wenn sie sich \u201esicher\u201c, \u201ezertifiziert\u201c oder \u201edatenschutzkonform\u201c nennen. Warum? Weil Dienste wie Microsoft 365, Google Workspace oder andere gro\u00dfe Cloud-Plattformen nur funktionieren, wenn sie die Daten unserer Arbeit verarbeiten k\u00f6nnen: Dokumente, Mails, Kalender, Besprechungen, Chats. Die Systeme analysieren, durchsuchen, synchronisieren und verbinden Inhalte &#8211; das ist ihr Gesch\u00e4ftsmodell.<\/p>\n<p>Eine echte Ende-zu-Ende-Verschl\u00fcsselung, bei der die Beh\u00f6rde allein den Schl\u00fcssel besitzt und der Anbieter keinen Einblick hat, w\u00fcrde diese Funktionen weitgehend unm\u00f6glich machen. Genau deshalb bieten die Anbieter in diesem Punkt keine vollst\u00e4ndige Trennung an. Und deshalb sagen die Schweizer Datensch\u00fctzer:<\/p>\n<blockquote><p><em>\u201eSolange das nicht m\u00f6glich ist, k\u00f6nnen wir solche Systeme nicht guten Gewissens einsetzen.\u201c<\/em><\/p><\/blockquote>\n<h3>2. Intransparente Subunternehmerketten und fehlende Kontrolle<\/h3>\n<p>Gro\u00dfe Cloud-Anbieter arbeiten mit einem riesigen Netzwerk an Subunternehmen. Diese Strukturen sind oft global verteilt, ver\u00e4ndern sich regelm\u00e4\u00dfig und sind f\u00fcr Au\u00dfenstehende kaum nachvollziehbar. Selbst wenn ein Beh\u00f6rdenvertrag mit Microsoft oder Google vorliegt, gilt im Hintergrund oft Folgendes:<\/p>\n<ul>\n<li>weitere Firmen liefern Support<\/li>\n<li>externe Teams \u00fcbernehmen Wartungsarbeiten<\/li>\n<li>andere Dienstleister hosten oder verwalten Teile der Infrastruktur<\/li>\n<\/ul>\n<p>F\u00fcr eine Beh\u00f6rde bedeutet das: Sie kann nicht genau wissen, wer wann Zugriff hat oder haben k\u00f6nnte. Und das widerspricht dem Grundsatz, dass eine \u00f6ffentliche Stelle jederzeit nachvollziehen k\u00f6nnen muss, wo ihre Daten liegen und wer darauf potenziell zugreifen kann. Die Schweizer Beh\u00f6rden haben diesen Punkt bewusst betont, weil Transparenz und Verantwortlichkeit eng miteinander verbunden sind.<\/p>\n<h3>3. Einseitige Vertrags\u00e4nderungen &#8211; die Cloud als juristische Wackelbasis<\/h3>\n<p>Ein oft \u00fcbersehener Risikofaktor ist die Vertragsgestaltung. Viele Cloud-Anbieter behalten sich vor, ihre Gesch\u00e4ftsbedingungen jederzeit zu \u00e4ndern &#8211; teils mit sehr kurzer Vorlaufzeit. F\u00fcr private Unternehmen kann man das noch irgendwie akzeptieren, aber:<\/p>\n<p>F\u00fcr Beh\u00f6rden gilt das Prinzip der Vorhersehbarkeit. Die Verwaltung muss dokumentieren und rechtfertigen k\u00f6nnen, welche Daten wie verarbeitet werden. Wenn sich die Rahmenbedingungen aber spontan \u00e4ndern &#8211; weil der Anbieter neue Klauseln einf\u00fcgt oder bestehende einschr\u00e4nkt &#8211; entsteht eine Situation, in der die Beh\u00f6rde ihre eigene Rechtskonformit\u00e4t nicht mehr sicher beurteilen kann.<\/p>\n<p>Diese \u201eVertragslotterie\u201c empfinden die Schweizer Datensch\u00fctzer als unvereinbar mit staatlichen Pflichten. Ein Staat kann sich nicht auf Gesch\u00e4ftsmodelle verlassen, die jederzeit &#8211; ohne Mitbestimmung &#8211; ver\u00e4ndert werden k\u00f6nnen.<\/p>\n<h3>4. Kontrollverlust und Grundrechtsrisiko<\/h3>\n<p>Sobald Daten das Land verlassen oder au\u00dferhalb des eigenen Verantwortungsbereichs verarbeitet werden, entsteht ein Risiko: Der Staat verliert einen Teil seiner Kontrolle.<\/p>\n<p>Das mag auf den ersten Blick abstrakt erscheinen, ist aber im Alltag sehr konkret: Wenn ein Fehler passiert, wenn Daten kompromittiert werden oder wenn eine juristische Auseinandersetzung entsteht, kann eine Beh\u00f6rde nicht mehr sicherstellen, dass sie ohne fremde Hilfe auskommt. Und genau das widerspricht der Grundidee einer funktionierenden \u00f6ffentlichen Verwaltung:<\/p>\n<p>Ein Staat muss im Ernstfall selbst handeln k\u00f6nnen &#8211; ohne von externen Unternehmen oder fremden Rechtsordnungen abh\u00e4ngig zu sein. Die Schweizer Datensch\u00fctzer denken hier traditionell, fast altmodisch &#8211; und gerade das macht ihre Position so konsequent. Staatliche Aufgaben bleiben staatliche Aufgaben. Und staatliche Daten geh\u00f6ren in staatliche H\u00e4nde.<\/p>\n<h3>5. Der US CLOUD Act &#8211; das Herzst\u00fcck der Bedenken<\/h3>\n<p>Der CLOUD Act ist der vielleicht wichtigste Hintergrund dieser ganzen Diskussion. Dieses US-Gesetz verpflichtet amerikanische Unternehmen, auf Anfrage Daten an US-Beh\u00f6rden herauszugeben &#8211; auch dann, wenn diese Daten im Ausland gespeichert sind und eigentlich dem Schutz ausl\u00e4ndischer Gesetze unterliegen. F\u00fcr die Schweiz ist das ein absolutes No-Go.<\/p>\n<p>Denn damit w\u00e4re es theoretisch m\u00f6glich, dass US-Beh\u00f6rden Zugang zu sensiblen Schweizer Verwaltungsdaten erhalten, ohne Schweizer Gerichte oder Beh\u00f6rden einzubeziehen. Selbst wenn die Cloud-Anbieter beteuern, dass sie solche Daten nur unter strengen Auflagen herausgeben, bleibt das Grundproblem bestehen:<\/p>\n<p>Die Beh\u00f6rde verliert die Hoheit \u00fcber ihre Daten &#8211; allein durch die Wahl des technischen Dienstleisters. F\u00fcr ein Land, das seine Unabh\u00e4ngigkeit traditionell hochh\u00e4lt, ist das ein Risiko, das man nicht eingehen will. Und genau diesen Punkt bringen die Schweizer Datensch\u00fctzer sehr klar zur Sprache.<\/p>\n<div class=\"lyte-wrapper\" style=\"width:640px;max-width:100%;margin:5px;\"><div class=\"lyMe\" id=\"WYL_BEBnOMV1q_c\"><div id=\"lyte_BEBnOMV1q_c\" data-src=\"https:\/\/www.markus-schall.de\/wp-content\/plugins\/wp-youtube-lyte\/lyteCache.php?origThumbUrl=%2F%2Fi.ytimg.com%2Fvi%2FBEBnOMV1q_c%2Fhqdefault.jpg\" class=\"pL\"><div class=\"tC\"><div class=\"tT\"><\/div><\/div><div class=\"play\"><\/div><div class=\"ctrl\"><div class=\"Lctrl\"><\/div><div class=\"Rctrl\"><\/div><\/div><\/div><noscript><a href=\"https:\/\/youtu.be\/BEBnOMV1q_c\" rel=\"nofollow noopener\" target=\"_blank\"><img loading=\"lazy\" decoding=\"async\" src=\"https:\/\/www.markus-schall.de\/wp-content\/plugins\/wp-youtube-lyte\/lyteCache.php?origThumbUrl=https%3A%2F%2Fi.ytimg.com%2Fvi%2FBEBnOMV1q_c%2F0.jpg\" alt=\"YouTube video thumbnail\" width=\"640\" height=\"340\" \/><br \/>Lire cette vid\u00e9o sur YouTube<\/a><\/noscript><\/div><\/div><div class=\"lL\" style=\"max-width:100%;width:640px;margin:5px;\"><\/div><br \/>\nSchweiz gegen Microsoft 365 &#8211; und Deutschland schaut genau hin | <a href=\"https:\/\/www.youtube.com\/@heise-ct\" target=\"_blank\" rel=\"noopener\">heise &amp; c&#8217;t<\/a><\/p>\n<h2>Schweiz versus EU &#8211; zwei Wege im Umgang mit Microsoft 365<\/h2>\n<p>W\u00e4hrend die Schweiz eine sehr zur\u00fcckhaltende Linie f\u00e4hrt und Beh\u00f6rden explizit davor warnt, sensible Daten in internationale SaaS-Dienste auszulagern, verfolgt die Europ\u00e4ische Union einen anderen Ansatz. Man versucht dort, durch Abkommen, vertragliche Nachbesserungen und technische Anpassungen einen Mittelweg zu finden &#8211; einen, der Cloud-Dienste nicht grunds\u00e4tzlich verbietet, sondern sie durch Auflagen \u201ebrauchbar\u201c machen soll.<\/p>\n<p>Dieser Unterschied ist bemerkenswert und sagt viel dar\u00fcber aus, wie unterschiedlich Staaten mit der Frage der digitalen Souver\u00e4nit\u00e4t umgehen.<\/p>\n<h3>Die Schweiz: Vorsicht, Datenhoheit und eine klare Grenze<\/h3>\n<p>Die Schweizer Position l\u00e4sst sich in einem Satz zusammenfassen:<\/p>\n<blockquote><p><em>\u201eWas ich nicht kontrollieren kann, gebe ich nicht aus der Hand.\u201c<\/em><\/p><\/blockquote>\n<p>Damit bleibt die Schweiz bei einem traditionellen Grundsatz: Staatliche Daten &#8211; insbesondere geheime oder besonders sch\u00fctzenswerte &#8211; bleiben im Land oder werden so verschl\u00fcsselt, dass niemand au\u00dfer der Beh\u00f6rde selbst Zugriff hat. Es ist eine bewusste R\u00fcckbesinnung auf alte Prinzipien, \u00fcbertragen auf die Gegenwart der digitalen Welt.<\/p>\n<h3>Die EU: Vertr\u00e4ge, Ausnahmegenehmigungen und Kompromissl\u00f6sungen<\/h3>\n<p>Die Europ\u00e4ische Union geht einen anderen Weg. Sie will die Vorteile gro\u00dfer Cloud-Plattformen nutzen, ohne sie v\u00f6llig zu verbannen. Daf\u00fcr werden:<\/p>\n<ul>\n<li>neue Vertr\u00e4ge ausgehandelt<\/li>\n<li>Datenschutzzusicherungen erg\u00e4nzt<\/li>\n<li>Kontrollmechanismen und Audits eingef\u00fchrt<\/li>\n<li>technische Garantien nachgeliefert<\/li>\n<\/ul>\n<p>Beispielhaft ist die Entscheidung des Europ\u00e4ischen Datenschutzbeauftragten, dass die EU-Kommission Microsoft 365 unter bestimmten Bedingungen datenschutzkonform einsetzen darf. \u00c4hnliches h\u00f6rt man inzwischen aus mehreren Mitgliedstaaten &#8211; darunter auch aus Teilen Deutschlands. Der Grundgedanke:<\/p>\n<blockquote><p><em>\u201eWir regulieren die Cloud, statt sie zu verbieten.\u201c<\/em><\/p><\/blockquote>\n<p>Aber dieser Ansatz beruht auf Vertrauen in die Anbieter &#8211; und darauf, dass die Komplexit\u00e4t beherrschbar bleibt. Kritiker halten dagegen: Je gr\u00f6\u00dfer die Plattform, desto schwerer die Kontrolle.<\/p>\n<h3>Deutschland zwischen beiden Welten<\/h3>\n<p>Deutschland steht zwischen Stuhl und Bank. Manche Landesdatenschutzbeh\u00f6rden sind eher vorsichtig, andere praktischer orientiert.<br \/>\nIm Schulbereich etwa gab es schon strenge Entscheidungen gegen Microsoft 365, w\u00e4hrend auf Bundesebene eher an L\u00f6sungen gearbeitet wird, die den Einsatz erm\u00f6glichen. Ergebnis: ein Flickenteppich.<\/p>\n<p>Genau deshalb schauen viele nun auf die Schweizer Linie &#8211; weil sie erstmals einen klaren Ma\u00dfstab setzt, statt sich durch Kompromisse zu arbeiten.<\/p>\n<h3>Zwei Philosophien prallen aufeinander<\/h3>\n<p>Wenn man es auf den Punkt bringt, stehen sich zwei Denkschulen gegen\u00fcber:<\/p>\n<ol>\n<li>Die Schweizer Tradition: <em>\u201eUnsere Daten bleiben bei uns &#8211; oder sie bleiben verschl\u00fcsselt, und niemand sonst sieht sie.\u201c<\/em><\/li>\n<li>Die europ\u00e4ische Pragmatik: <em>\u201eWir brauchen moderne Plattformen &#8211; also arrangieren wir uns mit ihnen, so gut es geht.\u201c<\/em><\/li>\n<\/ol>\n<p>Beide Wege haben ihre St\u00e4rken. Aber die Schweiz setzt ein deutliches Zeichen: Sie zeigt, dass ein Staat auch im 21. Jahrhundert bewusst auf digitale Unabh\u00e4ngigkeit setzen kann, ohne sich von globalen Konzernen abh\u00e4ngig zu machen.<\/p>\n<p>Und allein diese Haltung sorgt jetzt schon daf\u00fcr, dass Beh\u00f6rden, Datenschutzbeauftragte und IT-Abteilungen in ganz Europa genauer hinsehen, ob die bisherige Praxis wirklich so unumst\u00f6\u00dflich ist, wie sie immer erschien.<\/p>\n<div style=\"overflow-x: auto;\">\n<table style=\"border-collapse: collapse; width: 100%; min-width: 600px;\">\n<thead style=\"background-color: #f0f0f0;\">\n<tr>\n<th style=\"border: 1px solid #ccc; padding: 8px; text-align: left;\">Kriterium \/ Thema<\/th>\n<th style=\"border: 1px solid #ccc; padding: 8px; text-align: left;\">Schweizer Sicht (privatim \/ Beh\u00f6rden)<\/th>\n<th style=\"border: 1px solid #ccc; padding: 8px; text-align: left;\">Derzeitige EU-\/deutsche Praxis bzw. Auffassung<\/th>\n<\/tr>\n<\/thead>\n<tbody>\n<tr>\n<td style=\"border: 1px solid #ccc; padding: 8px;\"><strong>Zielgruppe<\/strong><\/td>\n<td style=\"border: 1px solid #ccc; padding: 8px;\">\u00d6ffentliche Institutionen: Bund, Kantone, Gemeinden, Gerichte etc.<\/td>\n<td style=\"border: 1px solid #ccc; padding: 8px;\">Beh\u00f6rden &amp; Verwaltungen (teilweise), aber auch viele Beh\u00f6rden nutzen SaaS-Clouds weiterhin; teils uneinheitliche Regelungen je nach Land und Bundesland.<\/td>\n<\/tr>\n<tr>\n<td style=\"border: 1px solid #ccc; padding: 8px;\"><strong>Datenart \/ Sensibilit\u00e4t<\/strong><\/td>\n<td style=\"border: 1px solid #ccc; padding: 8px;\">Besonders sch\u00fctzenswerte oder geheimhaltungspflichtige Daten (Gesundheit, Polizei, Sozialwesen, Amtspflichtdaten etc.) &#8211; restriktive Cloud-Nutzung gefordert.<\/td>\n<td style=\"border: 1px solid #ccc; padding: 8px;\">Cloud-Nutzung auch bei sensiblen Daten m\u00f6glich &#8211; je nach Risikobewertung, Datenschutzma\u00dfnahmen und Anbieter-Vertrag; oft Kompromisse und individuell unterschiedliche Handhabung.<\/td>\n<\/tr>\n<tr>\n<td style=\"border: 1px solid #ccc; padding: 8px;\"><strong>Ende-zu-Ende Verschl\u00fcsselung \/ Schl\u00fcsselhoheit<\/strong><\/td>\n<td style=\"border: 1px solid #ccc; padding: 8px;\">Nur akzeptabel, wenn Beh\u00f6rde selbst Schl\u00fcssel kontrolliert und Anbieter technisch ausgeschlossen ist; ansonsten Nutzung unzul\u00e4ssig.<\/td>\n<td style=\"border: 1px solid #ccc; padding: 8px;\">Standard-Clouds werden genutzt, auch ohne eigene Schl\u00fcsselhoheit; Anbieter-verschl\u00fcsselt reicht meist aus, sofern Datenschutzvertr\u00e4ge und Auflagen bestehen.<\/td>\n<\/tr>\n<tr>\n<td style=\"border: 1px solid #ccc; padding: 8px;\"><strong>Subunternehmer \/ Transparenz der Infrastruktur<\/strong><\/td>\n<td style=\"border: 1px solid #ccc; padding: 8px;\">Subunternehmerketten gelten als zu undurchsichtig &#8211; kein zul\u00e4ssiger Einsatz mit kritischen Daten.<\/td>\n<td style=\"border: 1px solid #ccc; padding: 8px;\">Subunternehmerketten sind akzeptiert &#8211; mit Compliance-Nachweisen, Zertifizierungen und vertraglichen Regelungen, Transparenz aber oft eingeschr\u00e4nkt.<\/td>\n<\/tr>\n<tr>\n<td style=\"border: 1px solid #ccc; padding: 8px;\"><strong>Vertrags\u00e4nderungen \/ rechtliche Sicherheit<\/strong><\/td>\n<td style=\"border: 1px solid #ccc; padding: 8px;\">Einseitige Vertrags\u00e4nderungen durch Anbieter sind ein No-Go &#8211; staatliche Verpflichtungen d\u00fcrfen nicht riskiert werden.<\/td>\n<td style=\"border: 1px solid #ccc; padding: 8px;\">Dienste werden genutzt, auch wenn Anbieter Vertr\u00e4ge \u00e4ndern k\u00f6nnen; Beh\u00f6rden\/Unternehmen gehen Risiko ein &#8211; oft mit juristischen Vereinbarungen und Kontrollmechanismen.<\/td>\n<\/tr>\n<tr>\n<td style=\"border: 1px solid #ccc; padding: 8px;\"><strong>Gefahr durch US-Gesetze (z. B. CLOUD Act)<\/strong><\/td>\n<td style=\"border: 1px solid #ccc; padding: 8px;\">US-Gesetze gelten als inakzeptables Risiko &#8211; Cloud-Nutzung bei sensiblen Daten verboten, solange Anbieter US-gerichtlich verpflichtet sein k\u00f6nnen.<\/td>\n<td style=\"border: 1px solid #ccc; padding: 8px;\">Trotz CLOUD Act werden internationale Clouds eingesetzt; Risiko oft als akzeptabel eingesch\u00e4tzt, mit Hinweis auf Schutzmechanismen, Data-Boundary- oder EU-Standardvertragsklauseln.<\/td>\n<\/tr>\n<tr>\n<td style=\"border: 1px solid #ccc; padding: 8px;\"><strong>Empfohlene Alternativen<\/strong><\/td>\n<td style=\"border: 1px solid #ccc; padding: 8px;\">On-Premise, schweizerische\/europ\u00e4ische Anbieter mit Schl\u00fcsselhoheit, eigene Infrastruktur oder stark verschl\u00fcsselte Storage-L\u00f6sungen.<\/td>\n<td style=\"border: 1px solid #ccc; padding: 8px;\">Hybrid-Cloud, Anbieter mit Data-Center in Europa, Cloud-Dienste unter Auflagen; h\u00e4ufiger Einsatz, solange Compliance-Standards erf\u00fcllt sind.<\/td>\n<\/tr>\n<tr>\n<td style=\"border: 1px solid #ccc; padding: 8px;\"><strong>Philosophie \/ Grundhaltung<\/strong><\/td>\n<td style=\"border: 1px solid #ccc; padding: 8px;\">Vorsorgeprinzip, Kontrolle, staatliche Souver\u00e4nit\u00e4t und maximale Datenhoheit.<\/td>\n<td>Pragmatismus, Kompromissf\u00e4higkeit, Risikomanagement und Vertrauen in vertragliche\/technische Rahmenbedingungen.<\/td>\n<\/tr>\n<\/tbody>\n<\/table>\n<\/div>\n<h2>Ein Blick \u00fcber die Grenze: Warum Deutschland jetzt genauer hinschauen muss<\/h2>\n<p>Die Schweizer Resolution f\u00e4llt in eine Zeit, in der deutsche Beh\u00f6rden und Unternehmen ohnehin zunehmend unsicher sind, wie sie mit Cloud-Diensten umgehen sollen. Einerseits dr\u00e4ngt die Wirtschaft in die Cloud &#8211; verspricht Automatisierung, Zusammenarbeit, Kosteneffizienz. Andererseits steht \u00fcber allem die Frage: Wie viel Kontrolle geben wir ab?<\/p>\n<p>Genau an dieser Stelle entfaltet die Schweizer Entscheidung ihre Signalwirkung. Sie h\u00e4lt Deutschland einen Spiegel vor und zeigt, was passiert, wenn man die Sache einmal konsequent zu Ende denkt. Das betrifft nicht nur Ministerien und Beh\u00f6rden, sondern ebenso Schulen, Anwaltskanzleien, Arztpraxen, mittelst\u00e4ndische Unternehmen und jeden, der mit sensiblen Daten arbeitet. Die Schweizer sagen im Grunde:<\/p>\n<blockquote><p><em>\u201eWir nutzen moderne Technik &#8211; aber nicht um den Preis unserer Unabh\u00e4ngigkeit.\u201c<\/em><\/p><\/blockquote>\n<p>Dieser Satz k\u00f6nnte ohne weiteres auch \u00fcber einer deutschen Digitalstrategie stehen. Noch tut er das nicht &#8211; aber die Diskussion bekommt durch die Entscheidung aus Bern neuen Schwung.<\/p>\n<h3>Die Frage, die kein Unternehmen ausklammern darf<\/h3>\n<p>Unternehmen m\u00fcssen sich heute eine scheinbar einfache Frage stellen &#8211; eine Frage, die man vor zehn oder f\u00fcnfzehn Jahren kaum gestellt h\u00e4tte:<\/p>\n<blockquote><p><em>\u201eWer hat im Zweifelsfall Zugriff auf unsere Daten?\u201c<\/em><\/p><\/blockquote>\n<p>Fr\u00fcher war die Antwort klar: Man selbst. Heute lautet sie oft: \u201eDas h\u00e4ngt davon ab.\u201c<\/p>\n<p>Und genau dieses \u201eH\u00e4ngt davon ab\u201c ist f\u00fcr viele Organisationen ein Problem. Sobald Daten in Cloud-Systemen liegen, entscheidet nicht mehr allein das Unternehmen dar\u00fcber, wer darauf zugreifen k\u00f6nnte. Es entscheiden:<\/p>\n<ul>\n<li>der Anbieter<\/li>\n<li>dessen Subunternehmen<\/li>\n<li>dessen Auftragsdatenverarbeiter<\/li>\n<li>ausl\u00e4ndische Beh\u00f6rden (im Fall von US-Anbietern sogar ohne europ\u00e4ische Zustimmung)<\/li>\n<\/ul>\n<p>Wenn man das n\u00fcchtern betrachtet, merkt man schnell: Auf die Frage nach der echten Datenhoheit gibt es immer weniger klare Antworten.<br \/>\nUnd deshalb wirkt die Schweizer Linie pl\u00f6tzlich gar nicht mehr altmodisch &#8211; sondern ausgesprochen modern.<\/p>\n<h3>Der Mittelstand zwischen Komfort und Kontrollverlust<\/h3>\n<p>Viele mittelst\u00e4ndische Unternehmen in Deutschland stehen gerade zwischen zwei Polen:<\/p>\n<ul>\n<li><strong>Der Komfort moderner Cloud-Plattformen<\/strong><br \/>\n&#8211; Dateien \u00fcberall synchronisiert<br \/>\n&#8211; Videokonferenzen in Sekunden<br \/>\n&#8211; integrierte E-Mail-, Kalender- und Kommunikationssysteme<\/li>\n<li><strong>Der Wunsch nach Kontrolle, Vertraulichkeit und Unabh\u00e4ngigkeit<\/strong><br \/>\n&#8211; besonders bei vertraulichen Daten<br \/>\n&#8211; strategischen Gesch\u00e4ftsgeheimnissen<br \/>\n&#8211; geistigem Eigentum<br \/>\n&#8211; Kunden- oder Mitarbeiterdaten<\/li>\n<\/ul>\n<p>Die Schweizer Entscheidung zeigt eine m\u00f6gliche Richtung: Man kann Technologie nutzen, aber man muss nicht jeden Trend blind mitgehen. Manche Wege sind bequem, aber bequem ist nicht immer sicher.<\/p>\n<hr \/>\n<h3>Aktuelle Umfrage zur Digitalisierung im Alltag<\/h3>\n<div class='bootstrap-yop yop-poll-mc'>\n\t\t\t\t\t\t\t<div class=\"basic-yop-poll-container\" style=\"background-color:#ffffff; border:0px; border-style:solid; border-color:#000000; border-radius:5px; padding:0px 5px;\" data-id=\"2\" data-temp=\"basic-pretty\" data-skin=\"square\" data-cscheme=\"blue\" data-cap=\"0\" data-access=\"guest\" data-tid=\"\" data-uid=\"270681ad70806abdfb9c15445c186ee2\" data-pid=\"4211\" data-resdet=\"votes-number,percentages\" data-show-results-to=\"guest\" data-show-results-moment=\"after-vote\" data-show-results-only=\"false\" data-show-message=\"true\" data-show-results-as=\"bar\" data-sort-results-by=\"as-defined\" data-sort-results-rule=\"asc\"data-is-ended=\"0\" data-percentages-decimals=\"2\" data-gdpr=\"no\" data-gdpr-sol=\"consent\" data-css=\"\" data-counter=\"0\" data-load-with=\"1\" data-notification-section=\"top\"><div class=\"row\"><div class=\"col-md-12\"><div class=\"basic-inner\"><div class=\"basic-message hide\" style=\"border-left: 10px solid #008000; padding: 0px 10px;\" data-error=\"#ff0000\" data-success=\"#008000\"><p class=\"basic-message-text\" style=\"color:#000000; font-size:14px; font-weight:normal;\"><\/p><\/div><div class=\"basic-overlay hide\"><div class=\"basic-vote-options\"><\/div><div class=\"basic-preloader\"><div class=\"basic-windows8\"><div class=\"basic-wBall basic-wBall_1\"><div class=\"basic-wInnerBall\"><\/div><\/div><div class=\"basic-wBall basic-wBall_2\"><div class=\"basic-wInnerBall\"><\/div><\/div><div class=\"basic-wBall basic-wBall_3\"><div class=\"basic-wInnerBall\"><\/div><\/div><div class=\"basic-wBall basic-wBall_4\"><div class=\"basic-wInnerBall\"><\/div><\/div><div class=\"basic-wBall basic-wBall_5\"><div class=\"basic-wInnerBall\"><\/div><\/div><\/div><\/div><\/div><form class=\"basic-form\"><input type=\"hidden\" name=\"_token\" value=\"bdcfdbd78d\" autocomplete=\"off\"><div class=\"basic-elements\"><div class=\"basic-element basic-question basic-question-text-vertical\" data-id=\"2\" data-uid=\"272101fa2e4c5a678fb26d43ba1f1d15\" data-type=\"question\" data-question-type=\"text\" data-required=\"yes\" data-allow-multiple=\"no\" data-min=\"1\" data-max=\"1\" data-display=\"vertical\" data-colnum=\"\" data-display-others=\"no\" data-others-color=\"\" data-others=\"\" data-others-max-chars=\"0\"><div class=\"basic-question-title\"><h5 style=\"color:#000000; font-size:16px; font-weight:normal; text-align:left;\">Wie bewertest Du den Einfluss der Digitalisierung auf Deinen Alltag?<\/h5><\/div><ul class=\"basic-answers\"><li class=\"basic-answer\" style=\"padding:0px 0px;\" data-id=\"5\" data-type=\"text\" data-vn=\"17\" data-color=\"#000000\" data-make-link=\"no\" data-link=\"\"><div class=\"basic-answer-content basic-text-vertical\"><label for=\"answer[5]\" class=\"basic-answer-label\"><input type=\"radio\" id=\"answer[5]\" name=\"answer[2]\" value=\"5\"><span class=\"basic-text\" style=\"color: #000000; font-size: 14px; font-weight: normal;\">Sehr positiv \u2013 Ich profitiere t\u00e4glich davon<\/span><\/label><\/div><\/li><li class=\"basic-answer\" style=\"padding:0px 0px;\" data-id=\"6\" data-type=\"text\" data-vn=\"14\" data-color=\"#000000\" data-make-link=\"no\" data-link=\"\"><div class=\"basic-answer-content basic-text-vertical\"><label for=\"answer[6]\" class=\"basic-answer-label\"><input type=\"radio\" id=\"answer[6]\" name=\"answer[2]\" value=\"6\"><span class=\"basic-text\" style=\"color: #000000; font-size: 14px; font-weight: normal;\">Eher positiv \u2013 Einige Dinge sind einfacher geworden<\/span><\/label><\/div><\/li><li class=\"basic-answer\" style=\"padding:0px 0px;\" data-id=\"7\" data-type=\"text\" data-vn=\"36\" data-color=\"#000000\" data-make-link=\"no\" data-link=\"\"><div class=\"basic-answer-content basic-text-vertical\"><label for=\"answer[7]\" class=\"basic-answer-label\"><input type=\"radio\" id=\"answer[7]\" name=\"answer[2]\" value=\"7\"><span class=\"basic-text\" style=\"color: #000000; font-size: 14px; font-weight: normal;\">Gemischt \u2013 Es bringt Vorteile, aber auch Kontrollverlust<\/span><\/label><\/div><\/li><li class=\"basic-answer\" style=\"padding:0px 0px;\" data-id=\"8\" data-type=\"text\" data-vn=\"6\" data-color=\"#000000\" data-make-link=\"no\" data-link=\"\"><div class=\"basic-answer-content basic-text-vertical\"><label for=\"answer[8]\" class=\"basic-answer-label\"><input type=\"radio\" id=\"answer[8]\" name=\"answer[2]\" value=\"8\"><span class=\"basic-text\" style=\"color: #000000; font-size: 14px; font-weight: normal;\">Eher negativ \u2013 Ich f\u00fchle mich oft \u00fcberfordert oder beobachtet<\/span><\/label><\/div><\/li><li class=\"basic-answer\" style=\"padding:0px 0px;\" data-id=\"9\" data-type=\"text\" data-vn=\"10\" data-color=\"#000000\" data-make-link=\"no\" data-link=\"\"><div class=\"basic-answer-content basic-text-vertical\"><label for=\"answer[9]\" class=\"basic-answer-label\"><input type=\"radio\" id=\"answer[9]\" name=\"answer[2]\" value=\"9\"><span class=\"basic-text\" style=\"color: #000000; font-size: 14px; font-weight: normal;\">Sehr negativ \u2013 Ich lehne digitale Systeme weitgehend ab<\/span><\/label><\/div><\/li><\/ul><\/div><div class=\"clearfix\"><\/div><\/div><div class=\"basic-vote\"><a href=\"#\" class=\"button basic-vote-button\" role=\"button\" style=\"background:#027bb8; border:0px; border-style: solid; border-color:#000000; border-radius:5px; padding:10px 10px; color:#ffffff; font-size:14px; font-weight:normal;\">Abstimmen<\/a><\/div><\/form><\/div><\/div><\/div><\/div>\n\t\t\t\t\t\t<\/div>\n<hr \/>\n<h2>Mein eigener Cloud-Moment mit HostEurope<\/h2>\n<p>Ich habe diese Schweizer Entwicklung besonders aufmerksam verfolgt, weil ich selbst vor einiger Zeit in eine ganz \u00e4hnliche Situation geraten bin. Bei HostEurope sollte mein komplettes E-Mail-System &#8211; ohne Absprache, ohne R\u00fcckfrage &#8211; <a href=\"https:\/\/www.markus-schall.de\/2025\/11\/zwangsmigration-bei-hosteurope-wenn-e-mails-ploetzlich-in-der-cloud-landen\/\"><strong>einfach auf Microsoft 365 migriert<\/strong><\/a> werden. Das h\u00e4tte bedeutet, dass meine Kommunikation pl\u00f6tzlich in einer internationalen Cloud liegt, unter Bedingungen, die ich nicht kontrollieren kann, und mit dem Risiko, dass ausl\u00e4ndische Beh\u00f6rden im Zweifel Zugriff erhalten.<\/p>\n<p>F\u00fcr mich war das ein klarer Punkt, an dem ich gesagt habe: Stop &#8211; so nicht. Ich habe mich bewusst gegen HostEurope entschieden, weil ich meine Daten nicht in ein System verschieben lasse, \u00fcber das ich am Ende keine echte Hoheit mehr habe. Dieser eine Moment hat mir noch einmal deutlich vor Augen gef\u00fchrt, wie schnell man in Strukturen hineingeraten kann, die man nie wollte &#8211; und wie wichtig es ist, selbst die Rei\u00dfleine zu ziehen, bevor andere \u00fcber die eigenen Daten bestimmen.<\/p>\n<h2>Was die Entwicklung f\u00fcr uns alle bedeutet<\/h2>\n<p>Wenn man die Entwicklungen der letzten Jahre n\u00fcchtern betrachtet, k\u00f6nnte man meinen, die Welt bewege sich mit voller Geschwindigkeit in eine technologische Abh\u00e4ngigkeit hinein. Alles wird zentralisiert, standardisiert, in die Cloud verlagert &#8211; oft ohne wirklich zu pr\u00fcfen, welche Konsequenzen das langfristig hat.<\/p>\n<p>Und jetzt kommt ein kleines Land mitten in Europa und erinnert alle daran, dass man auch anders handeln kann: bed\u00e4chtig, respektvoll, vorsichtig &#8211; und mit einem klaren Blick auf die eigene Verantwortung. Diese Schweizer Haltung ist kein R\u00fcckschritt. Sie ist eine R\u00fcckbesinnung auf die alte Frage, die viele in der Hektik der Digitalisierung beinahe vergessen haben:<\/p>\n<blockquote><p><em>\u201eWer tr\u00e4gt die Verantwortung, wenn etwas passiert?\u201c<\/em><\/p><\/blockquote>\n<p>Wenn die Antwort darauf nicht mehr klar ist, dann stimmt etwas nicht.<\/p>\n<h3>Was das f\u00fcr jeden Einzelnen bedeutet<\/h3>\n<p>Am Ende betrifft diese Entscheidung nicht nur Beh\u00f6rden oder gro\u00dfe Unternehmen &#8211; sie betrifft jeden Menschen, der Daten produziert, speichert oder austauscht.<\/p>\n<ul>\n<li>Man muss kein Techniker sein, um zu verstehen, dass jede Auslagerung ein St\u00fcck Kontrolle kostet.<\/li>\n<li>Man muss kein Datensch\u00fctzer sein, um zu begreifen, dass sensible Informationen besser aufgehoben sind, wenn man wei\u00df, wo sie liegen.<\/li>\n<li>Und man muss kein Jurist sein, um zu erkennen, dass ausl\u00e4ndische Gesetze problematisch sind, wenn sie \u00fcber die eigenen Daten entscheiden k\u00f6nnten.<\/li>\n<\/ul>\n<p>Es reicht gesunder Menschenverstand. Und genau diesen versucht die Schweiz gerade wieder ins Bewusstsein zu rufen.<\/p>\n<p>Die Entscheidung aus Bern ist kein Aufruf zur Technikfeindlichkeit, sondern ein Appell an unseren eigenen Anspruch. Es ist eine Erinnerung daran, dass Digitalisierung nicht bedeutet, sich blind den gr\u00f6\u00dften Anbietern zu \u00fcberlassen &#8211; sondern dass man sich selbst fragt, wie viel Verantwortung man aus der Hand gibt. \u00dcber das Thema <a href=\"https:\/\/www.markus-schall.de\/2025\/10\/digitale-abhaengigkeit-wie-wir-unsere-selbstbestimmung-an-die-cloud-verloren-haben\/\"><strong>Cloud und Datenhoheit<\/strong><\/a> hatte ich bereits in der Vergangenheit einen Artikel geschrieben.<\/p>\n<p>Wer sich als Unternehmer f\u00fcr <a href=\"https:\/\/www.markus-schall.de\/2025\/09\/gfm-business-und-die-zukunft-des-erp-lokale-intelligenz-statt-cloud-abhaengigkeit\/\"><strong>ERP-Software ohne Cloud<\/strong><\/a> interessiert, findet in diesem separaten Artikel hilfreiche Informationen.<\/p>\n<p>In gewisser Weise zeigt die Schweiz uns etwas, das wir alle l\u00e4ngst wissen, aber oft verdr\u00e4ngen: Souver\u00e4nit\u00e4t beginnt nicht mit der Technik &#8211; sie beginnt mit der Haltung. Mit der Art, wie man entscheidet. Mit der Bereitschaft, Dinge kritisch zu hinterfragen.<\/p>\n<p>Und mit dem Mut, notfalls einen anderen Weg zu gehen, wenn es vern\u00fcnftiger ist.<\/p>\n<hr \/>\n\n\t\t\t<div class=\"display-post-types\">\n\n\t\t\t\t\t\t\t<style type=\"text\/css\">\n\t\t\t#dpt-wrapper-294 { --dpt-text-align: left;--dpt-image-crop: center;--dpt-border-radius: 5px;--dpt-small-grid-column: 33.33%;--dpt-large-grid-column: 33.3333333333%;--dpt-h-gutter: 10px;--dpt-v-gutter: 10px; }\t\t\t<\/style>\n\t\t\t<style type=\"text\/css\">#dpt-wrapper-294 { --dpt-title-font-style:normal;--dpt-title-font-weight:600;--dpt-title-line-height:1.5;--dpt-title-text-decoration:none;--dpt-title-text-transform:none;--dpt-excerpt-font-style:normal;--dpt-excerpt-font-weight:400;--dpt-excerpt-line-height:1.5;--dpt-excerpt-text-decoration:none;--dpt-excerpt-text-transform:none;--dpt-meta1-font-style:normal;--dpt-meta1-font-weight:400;--dpt-meta1-line-height:1.9;--dpt-meta1-text-decoration:none;--dpt-meta1-text-transform:none;--dpt-meta2-font-style:normal;--dpt-meta2-font-weight:400;--dpt-meta2-line-height:1.9;--dpt-meta2-text-decoration:none;--dpt-meta2-text-transform:none; }<\/style><div class=\" dpt-main-header\">\n\t\t\t\t\t\t<div class=\"dpt-main-title\">\n\t\t\t\t\t\t\t<span class=\"dpt-main-title-text\">Aktuelle Beitr\u00e4ge zu EU-Gesetzen<\/span>\n\t\t\t\t\t\t<\/div>\n\t\t\t\t\t\t\n\t\t\t\t\t\t\n\t\t\t\t\t\t\n\t\t\t\t\t\t<\/div>\t\t\t\n\t\t\t\t<div id=\"dpt-wrapper-294\" class=\"dpt-wrapper dpt-grid1 multi-col dpt-mason-wrap\" >\n\n\t\t\t\t\t\t\t\t\t\t\t<div class=\"dpt-entry has-thumbnail\" data-title=\"42 jahre wahlprogramme: wie sich deutschlands parteien ver\u00e4ndert haben\" data-id=\"6354\"  data-category=\"allgemein gesellschaft\" data-post_tag=\"deutschland energiepolitik eu-gesetze europa geopolitik meinungsfreiheit sicherheitspolitik spieltheorie\">\n\t\t\t\t\t\t\t<div class=\"dpt-entry-wrapper\"><div class=\" dpt-featured-content\"><div class=\" dpt-permalink\"><a href=\"https:\/\/www.markus-schall.de\/fr\/2026\/08\/42-jahre-wahlprogramme-wie-sich-deutschlands-parteien-veraendert-haben\/\" class=\"dpt-permalink\"><span class=\"screen-reader-text\">42 Jahre Wahlprogramme: Wie sich Deutschlands Parteien ver\u00e4ndert haben<\/span><\/a><\/div><div class=\" dpt-thumbnail\"><div class=\"dpt-thumbnail-inner\"><img width=\"1200\" height=\"675\" class=\"attachment-full size-full\" alt=\"42 Jahre Wahlprogramme deutscher Parteien im Vergleich\" context=\"dpt\" data-dpt-src=\"https:\/\/www.markus-schall.de\/wp-content\/uploads\/Wahlprogramme-Parteien-Vergleich.jpg\" data-dpt-sizes=\"(max-width: 1200px) 100vw, 1200px\" data-dpt-srcset=\"https:\/\/www.markus-schall.de\/wp-content\/uploads\/Wahlprogramme-Parteien-Vergleich.jpg 1200w, https:\/\/www.markus-schall.de\/wp-content\/uploads\/Wahlprogramme-Parteien-Vergleich-300x169.jpg 300w, https:\/\/www.markus-schall.de\/wp-content\/uploads\/Wahlprogramme-Parteien-Vergleich-1024x576.jpg 1024w, https:\/\/www.markus-schall.de\/wp-content\/uploads\/Wahlprogramme-Parteien-Vergleich-768x432.jpg 768w, https:\/\/www.markus-schall.de\/wp-content\/uploads\/Wahlprogramme-Parteien-Vergleich-18x10.jpg 18w\" \/><\/div><span class=\"dpt-thumbnail-aspect-ratio\" style=\"padding-top: 56%\"><\/span><\/div><\/div><div class=\" sub-entry\"><h3 class=\" dpt-title\"><a class=\"dpt-title-link\" href=\"https:\/\/www.markus-schall.de\/fr\/2026\/08\/42-jahre-wahlprogramme-wie-sich-deutschlands-parteien-veraendert-haben\/\" rel=\"bookmark\">42 Jahre Wahlprogramme: Wie sich Deutschlands Parteien ver\u00e4ndert haben<\/a><\/h3><\/div><\/div>\n\t\t\t\t\t\t<\/div><!-- .dpt-entry -->\n\t\t\t\t\t\t\t\t\t\t\t\t<div class=\"dpt-entry has-thumbnail\" data-title=\"spieltheorie erkl\u00e4rt 25 jahre geopolitik: wie europa seine strategische rolle verlor\" data-id=\"3850\"  data-category=\"allgemein gesellschaft kunst &amp; kultur\" data-post_tag=\"denkmodelle deutschland energiepolitik eu-gesetze europa geopolitik krisen sicherheitspolitik spieltheorie\">\n\t\t\t\t\t\t\t<div class=\"dpt-entry-wrapper\"><div class=\" dpt-featured-content\"><div class=\" dpt-permalink\"><a href=\"https:\/\/www.markus-schall.de\/fr\/2025\/12\/spieltheorie-erklaert-25-jahre-geopolitik-wie-europa-seine-strategische-rolle-verlor\/\" class=\"dpt-permalink\"><span class=\"screen-reader-text\">Spieltheorie erkl\u00e4rt 25 Jahre Geopolitik: Wie Europa seine strategische Rolle verlor<\/span><\/a><\/div><div class=\" dpt-thumbnail\"><div class=\"dpt-thumbnail-inner\"><img width=\"1024\" height=\"765\" class=\"attachment-full size-full\" alt=\"Spieltheorie erkl\u00e4rt 25 Jahre Geopolitik\" context=\"dpt\" data-dpt-src=\"https:\/\/www.markus-schall.de\/wp-content\/uploads\/europa-russland-spieltheorie.jpg\" data-dpt-sizes=\"(max-width: 1024px) 100vw, 1024px\" data-dpt-srcset=\"https:\/\/www.markus-schall.de\/wp-content\/uploads\/europa-russland-spieltheorie.jpg 1024w, https:\/\/www.markus-schall.de\/wp-content\/uploads\/europa-russland-spieltheorie-300x224.jpg 300w, https:\/\/www.markus-schall.de\/wp-content\/uploads\/europa-russland-spieltheorie-768x574.jpg 768w, https:\/\/www.markus-schall.de\/wp-content\/uploads\/europa-russland-spieltheorie-16x12.jpg 16w\" \/><\/div><span class=\"dpt-thumbnail-aspect-ratio\" style=\"padding-top: 75%\"><\/span><\/div><\/div><div class=\" sub-entry\"><h3 class=\" dpt-title\"><a class=\"dpt-title-link\" href=\"https:\/\/www.markus-schall.de\/fr\/2025\/12\/spieltheorie-erklaert-25-jahre-geopolitik-wie-europa-seine-strategische-rolle-verlor\/\" rel=\"bookmark\">Spieltheorie erkl\u00e4rt 25 Jahre Geopolitik: Wie Europa seine strategische Rolle verlor<\/a><\/h3><\/div><\/div>\n\t\t\t\t\t\t<\/div><!-- .dpt-entry -->\n\t\t\t\t\t\t\t\t\t\t\t\t<div class=\"dpt-entry has-thumbnail\" data-title=\"jeffrey sachs warnt deutschland: warum europas sicherheit neu gedacht werden muss\" data-id=\"4079\"  data-category=\"allgemein gesellschaft\" data-post_tag=\"deutschland energiepolitik eu-gesetze europa geopolitik krisen meinungsfreiheit portrait sicherheitspolitik\">\n\t\t\t\t\t\t\t<div class=\"dpt-entry-wrapper\"><div class=\" dpt-featured-content\"><div class=\" dpt-permalink\"><a href=\"https:\/\/www.markus-schall.de\/fr\/2025\/12\/jeffrey-sachs-warnt-deutschland-warum-europas-sicherheit-neu-gedacht-werden-muss\/\" class=\"dpt-permalink\"><span class=\"screen-reader-text\">Jeffrey Sachs warnt Deutschland: Warum Europas Sicherheit neu gedacht werden muss<\/span><\/a><\/div><div class=\" dpt-thumbnail\"><div class=\"dpt-thumbnail-inner\"><img width=\"1024\" height=\"683\" class=\"attachment-full size-full\" alt=\"Jeffrey Sachs schreibt offenen Brief an Bundeskanzler Merz\" context=\"dpt\" data-dpt-src=\"https:\/\/www.markus-schall.de\/wp-content\/uploads\/jeffrey-sachs-bundeskanzler-eu.jpg\" data-dpt-sizes=\"(max-width: 1024px) 100vw, 1024px\" data-dpt-srcset=\"https:\/\/www.markus-schall.de\/wp-content\/uploads\/jeffrey-sachs-bundeskanzler-eu.jpg 1024w, https:\/\/www.markus-schall.de\/wp-content\/uploads\/jeffrey-sachs-bundeskanzler-eu-300x200.jpg 300w, https:\/\/www.markus-schall.de\/wp-content\/uploads\/jeffrey-sachs-bundeskanzler-eu-768x512.jpg 768w, https:\/\/www.markus-schall.de\/wp-content\/uploads\/jeffrey-sachs-bundeskanzler-eu-18x12.jpg 18w\" \/><\/div><span class=\"dpt-thumbnail-aspect-ratio\" style=\"padding-top: 67%\"><\/span><\/div><\/div><div class=\" sub-entry\"><h3 class=\" dpt-title\"><a class=\"dpt-title-link\" href=\"https:\/\/www.markus-schall.de\/fr\/2025\/12\/jeffrey-sachs-warnt-deutschland-warum-europas-sicherheit-neu-gedacht-werden-muss\/\" rel=\"bookmark\">Jeffrey Sachs warnt Deutschland: Warum Europas Sicherheit neu gedacht werden muss<\/a><\/h3><\/div><\/div>\n\t\t\t\t\t\t<\/div><!-- .dpt-entry -->\n\t\t\t\t\t\t\t\t\t\t\t\t<div class=\"dpt-entry has-thumbnail\" data-title=\"die digitale id der eu: verkn\u00fcpfung, kontrolle und risiken im alltag\" data-id=\"3486\"  data-category=\"allgemein gesellschaft tipps &amp; anleitungen\" data-post_tag=\"datenschutz eu-gesetze europa prozesse ratgeber\">\n\t\t\t\t\t\t\t<div class=\"dpt-entry-wrapper\"><div class=\" dpt-featured-content\"><div class=\" dpt-permalink\"><a href=\"https:\/\/www.markus-schall.de\/fr\/2025\/11\/die-digitale-id-der-eu-verknuepfung-kontrolle-und-risiken-im-alltag\/\" class=\"dpt-permalink\"><span class=\"screen-reader-text\">Die digitale ID der EU: Verkn\u00fcpfung, Kontrolle und Risiken im Alltag<\/span><\/a><\/div><div class=\" dpt-thumbnail\"><div class=\"dpt-thumbnail-inner\"><img width=\"1024\" height=\"683\" class=\"attachment-full size-full\" alt=\"Digitale ID der EU\" context=\"dpt\" data-dpt-src=\"https:\/\/www.markus-schall.de\/wp-content\/uploads\/Digitale-ID-der-EU.jpg\" data-dpt-sizes=\"(max-width: 1024px) 100vw, 1024px\" data-dpt-srcset=\"https:\/\/www.markus-schall.de\/wp-content\/uploads\/Digitale-ID-der-EU.jpg 1024w, https:\/\/www.markus-schall.de\/wp-content\/uploads\/Digitale-ID-der-EU-300x200.jpg 300w, https:\/\/www.markus-schall.de\/wp-content\/uploads\/Digitale-ID-der-EU-768x512.jpg 768w, https:\/\/www.markus-schall.de\/wp-content\/uploads\/Digitale-ID-der-EU-18x12.jpg 18w\" \/><\/div><span class=\"dpt-thumbnail-aspect-ratio\" style=\"padding-top: 67%\"><\/span><\/div><\/div><div class=\" sub-entry\"><h3 class=\" dpt-title\"><a class=\"dpt-title-link\" href=\"https:\/\/www.markus-schall.de\/fr\/2025\/11\/die-digitale-id-der-eu-verknuepfung-kontrolle-und-risiken-im-alltag\/\" rel=\"bookmark\">Die digitale ID der EU: Verkn\u00fcpfung, Kontrolle und Risiken im Alltag<\/a><\/h3><\/div><\/div>\n\t\t\t\t\t\t<\/div><!-- .dpt-entry -->\n\t\t\t\t\t\t\t\t\t\t\t\t<div class=\"dpt-entry has-thumbnail\" data-title=\"regelbasierte weltordnung und v\u00f6lkerrecht: zwischen anspruch, realit\u00e4t und rechtsbruch\" data-id=\"4275\"  data-category=\"allgemein gesellschaft\" data-post_tag=\"denkmodelle eu-gesetze europa geopolitik krisen sicherheitspolitik\">\n\t\t\t\t\t\t\t<div class=\"dpt-entry-wrapper\"><div class=\" dpt-featured-content\"><div class=\" dpt-permalink\"><a href=\"https:\/\/www.markus-schall.de\/fr\/2026\/01\/regelbasierte-weltordnung-und-voelkerrecht-zwischen-anspruch-realitaet-und-rechtsbruch\/\" class=\"dpt-permalink\"><span class=\"screen-reader-text\">Regelbasierte Weltordnung und V\u00f6lkerrecht: Zwischen Anspruch, Realit\u00e4t und Rechtsbruch<\/span><\/a><\/div><div class=\" dpt-thumbnail\"><div class=\"dpt-thumbnail-inner\"><img width=\"1024\" height=\"683\" class=\"attachment-full size-full\" alt=\"V\u00f6lkerrecht und Regelbasierte Weltordnung\" context=\"dpt\" data-dpt-src=\"https:\/\/www.markus-schall.de\/wp-content\/uploads\/voelkerrecht-weltordnung-titel.jpg\" data-dpt-sizes=\"(max-width: 1024px) 100vw, 1024px\" data-dpt-srcset=\"https:\/\/www.markus-schall.de\/wp-content\/uploads\/voelkerrecht-weltordnung-titel.jpg 1024w, https:\/\/www.markus-schall.de\/wp-content\/uploads\/voelkerrecht-weltordnung-titel-300x200.jpg 300w, https:\/\/www.markus-schall.de\/wp-content\/uploads\/voelkerrecht-weltordnung-titel-768x512.jpg 768w, https:\/\/www.markus-schall.de\/wp-content\/uploads\/voelkerrecht-weltordnung-titel-18x12.jpg 18w\" \/><\/div><span class=\"dpt-thumbnail-aspect-ratio\" style=\"padding-top: 67%\"><\/span><\/div><\/div><div class=\" sub-entry\"><h3 class=\" dpt-title\"><a class=\"dpt-title-link\" href=\"https:\/\/www.markus-schall.de\/fr\/2026\/01\/regelbasierte-weltordnung-und-voelkerrecht-zwischen-anspruch-realitaet-und-rechtsbruch\/\" rel=\"bookmark\">Regelbasierte Weltordnung und V\u00f6lkerrecht: Zwischen Anspruch, Realit\u00e4t und Rechtsbruch<\/a><\/h3><\/div><\/div>\n\t\t\t\t\t\t<\/div><!-- .dpt-entry -->\n\t\t\t\t\t\t\t\t\t\t\t\t<div class=\"dpt-entry has-thumbnail\" data-title=\"die neuen eu-zensurgesetze: was chatcontrol, dsa, emfa und der ai act bedeuten\" data-id=\"3586\"  data-category=\"allgemein gesellschaft ki-systeme\" data-post_tag=\"datenschutz digitales eigentum eu-gesetze europa k\u00fcnstliche intelligenz llm meinungsfreiheit spieltheorie sprachmodell\">\n\t\t\t\t\t\t\t<div class=\"dpt-entry-wrapper\"><div class=\" dpt-featured-content\"><div class=\" dpt-permalink\"><a href=\"https:\/\/www.markus-schall.de\/fr\/2025\/11\/die-neuen-eu-zensurgesetze-was-chatcontrol-dsa-emfa-und-der-ai-act-bedeuten\/\" class=\"dpt-permalink\"><span class=\"screen-reader-text\">Die neuen EU-Zensurgesetze: Was Chatcontrol, DSA, EMFA und der AI Act bedeuten<\/span><\/a><\/div><div class=\" dpt-thumbnail\"><div class=\"dpt-thumbnail-inner\"><img width=\"1024\" height=\"683\" class=\"attachment-full size-full\" alt=\"EU Zensurgesetze\" context=\"dpt\" data-dpt-src=\"https:\/\/www.markus-schall.de\/wp-content\/uploads\/eu-zensurgesetze.jpg\" data-dpt-sizes=\"(max-width: 1024px) 100vw, 1024px\" data-dpt-srcset=\"https:\/\/www.markus-schall.de\/wp-content\/uploads\/eu-zensurgesetze.jpg 1024w, https:\/\/www.markus-schall.de\/wp-content\/uploads\/eu-zensurgesetze-300x200.jpg 300w, https:\/\/www.markus-schall.de\/wp-content\/uploads\/eu-zensurgesetze-768x512.jpg 768w, https:\/\/www.markus-schall.de\/wp-content\/uploads\/eu-zensurgesetze-18x12.jpg 18w\" \/><\/div><span class=\"dpt-thumbnail-aspect-ratio\" style=\"padding-top: 67%\"><\/span><\/div><\/div><div class=\" sub-entry\"><h3 class=\" dpt-title\"><a class=\"dpt-title-link\" href=\"https:\/\/www.markus-schall.de\/fr\/2025\/11\/die-neuen-eu-zensurgesetze-was-chatcontrol-dsa-emfa-und-der-ai-act-bedeuten\/\" rel=\"bookmark\">Die neuen EU-Zensurgesetze: Was Chatcontrol, DSA, EMFA und der AI Act bedeuten<\/a><\/h3><\/div><\/div>\n\t\t\t\t\t\t<\/div><!-- .dpt-entry -->\n\t\t\t\t\t\t\n\t\t\t\t<\/div>\n\t\t\t\t\t\t<\/div>\n\t\t\t\n<hr \/>\n<h2>H\u00e4ufig gestellte Fragen<\/h2>\n<ol>\n<li><strong>Warum hat die Schweiz \u00fcberhaupt diese strenge Haltung gegen\u00fcber internationalen Cloud-Diensten wie Microsoft 365 eingenommen?<\/strong><br \/>\nDie Schweiz folgt einem klaren Grundsatz: Staatliche Daten m\u00fcssen so gesch\u00fctzt werden, dass niemand au\u00dfer der zust\u00e4ndigen Beh\u00f6rde darauf zugreifen kann. Internationale Cloud-Anbieter k\u00f6nnen technisch und juristisch niemals vollst\u00e4ndig ausschlie\u00dfen, dass Daten im Ernstfall f\u00fcr sie zug\u00e4nglich sind &#8211; sei es aus Wartungsgr\u00fcnden, durch Administratorenrechte oder durch staatliche Anfragen aus ihrem Heimatland. F\u00fcr besonders sensible Daten, wie sie in Verwaltung, Justiz, Polizei oder Gesundheitssystemen verarbeitet werden, ist das ein inakzeptables Risiko. Die Schweizer Datensch\u00fctzer ziehen daher die logische Konsequenz und schr\u00e4nken Cloud-Nutzung stark ein, solange keine echte Ende-zu-Ende-Verschl\u00fcsselung unter alleiniger Schl\u00fcsselhoheit der Beh\u00f6rde vorliegt.<\/li>\n<li><strong>Gilt diese Entscheidung f\u00fcr alle Daten oder nur f\u00fcr bestimmte Kategorien?<\/strong><br \/>\nDie Resolution richtet sich vor allem an besonders sch\u00fctzenswerte oder geheimhaltungspflichtige Daten &#8211; darunter Gesundheitsdaten, Sozialakten, Ermittlungsinformationen und interne Beh\u00f6rdenkommunikation. F\u00fcr diese Kategorien verlangt die Schweiz h\u00f6chste Sicherheitsstandards, die internationale SaaS-Plattformen aktuell nicht erf\u00fcllen. Weniger sensible Daten d\u00fcrfen weiterhin ausgelagert werden, aber nur nach sorgf\u00e4ltiger Risikoabw\u00e4gung und unter Wahrung bestimmter Schutzma\u00dfnahmen.<\/li>\n<li><strong>Sind Unternehmen in der Schweiz ebenfalls betroffen?<\/strong><br \/>\nFormell richtet sich die Resolution ausschlie\u00dflich an staatliche Stellen. Praktisch wird sie aber auch auf Unternehmen ausstrahlen, insbesondere auf solche, die sensible oder gesetzlich gesch\u00fctzte Daten bearbeiten &#8211; zum Beispiel Krankenh\u00e4user, Versicherungen, Banken oder Bildungseinrichtungen. Wenn Beh\u00f6rden bestimmte Dienste nicht mehr nutzen d\u00fcrfen, wird es f\u00fcr private Organisationen schwieriger, dieselben Dienste als \u201ev\u00f6llig unproblematisch\u201c einzustufen.<\/li>\n<li><strong>Was ist das gr\u00f6\u00dfte technische Problem bei Microsoft 365 aus Schweizer Sicht?<\/strong><br \/>\nDas zentrale Problem ist die fehlende echte Ende-zu-Ende-Verschl\u00fcsselung. Microsoft 365 ben\u00f6tigt Zugriff auf Inhalte, um Funktionen wie Suche, Indexierung, Team-Chats, Kalender, Anti-Spam oder KI-Features zu erm\u00f6glichen. Dadurch k\u00f6nnen Server und Administratoren den Klartext technisch immer sehen. Selbst wenn Microsoft betont, dies nicht zu tun, bleibt die M\u00f6glichkeit bestehen &#8211; und genau diese theoretische M\u00f6glichkeit reicht den Schweizer Beh\u00f6rden als Risiko aus.<\/li>\n<li><strong>Welche Rolle spielt der US CLOUD Act in der Entscheidung?<\/strong><br \/>\nDer CLOUD Act verpflichtet US-Unternehmen, auf Anfrage amerikanischer Beh\u00f6rden Daten herauszugeben &#8211; selbst dann, wenn diese Daten im Ausland gespeichert sind. F\u00fcr die Schweiz bedeutet das: Selbst wenn Microsoft europ\u00e4ische oder schweizerische Rechenzentren nutzt, kann es sein, dass Daten amerikanischen Beh\u00f6rden zug\u00e4nglich gemacht werden m\u00fcssen. Dieser m\u00f6gliche Zugriff widerspricht dem schweizerischen Verst\u00e4ndnis von Souver\u00e4nit\u00e4t und Amtsgeheimnis. Daher wird der CLOUD Act als schwerwiegendes Gegenargument angef\u00fchrt.<\/li>\n<li><strong>Warum reichen Vertr\u00e4ge oder \u201eEU-Datengrenzen\u201c f\u00fcr die Schweiz nicht aus?<\/strong><br \/>\nVertr\u00e4ge und technische Schutzma\u00dfnahmen sind wertvolle Instrumente, aber sie \u00e4ndern nichts an der juristischen Realit\u00e4t. Wenn ein US-Unternehmen verpflichtet wird, Daten herauszugeben, steht kein Vertrag dar\u00fcber. Zudem k\u00f6nnen gro\u00dfe Cloud-Anbieter ihre Gesch\u00e4ftsbedingungen jederzeit \u00e4ndern. Die Schweizer Datensch\u00fctzer sagen deshalb: Rechtssicherheit entsteht nicht durch Versprechen, sondern durch tats\u00e4chliche Kontrolle \u00fcber die Daten &#8211; und diese Kontrolle ist in SaaS-Clouds nicht vollst\u00e4ndig gegeben.<\/li>\n<li><strong>Was bedeutet die Resolution konkret f\u00fcr Beh\u00f6rden?<\/strong><br \/>\nBeh\u00f6rden m\u00fcssen k\u00fcnftig nachweisen, dass sie sensible Daten nicht so auslagern, dass ein Cloud-Anbieter darauf zugreifen k\u00f6nnte. Praktisch hei\u00dft das: Microsoft 365 und andere internationale SaaS-Plattformen d\u00fcrfen f\u00fcr solche Daten nicht mehr genutzt werden. Beh\u00f6rden m\u00fcssen entweder auf lokale L\u00f6sungen setzen, auf Schweizer Anbieter ausweichen oder eigene Verschl\u00fcsselungsmechanismen einsetzen, bei denen der Anbieter keinerlei Zugriff hat.<\/li>\n<li><strong>K\u00f6nnen Beh\u00f6rden weiterhin Cloud-Dienste nutzen, wenn sie eigene Verschl\u00fcsselung einsetzen?<\/strong><br \/>\nJa &#8211; aber nur dann, wenn die Beh\u00f6rde die vollst\u00e4ndige Kontrolle \u00fcber die Schl\u00fcssel beh\u00e4lt und der Anbieter technisch ausgeschlossen ist. Das Problem: Viele Cloud-Dienste funktionieren gar nicht mehr, wenn Inhalte vor der Verarbeitung verschl\u00fcsselt werden. Somit w\u00e4re Microsoft 365 in der Praxis nur als reiner Datenspeicher verwendbar &#8211; ohne Zusammenarbeitstools, E-Mail-System, Kalender, Teams oder automatisierte Office-Funktionen.<\/li>\n<li><strong>Wie unterscheidet sich die Schweizer Haltung von der aktuellen Linie der EU?<\/strong><br \/>\nDie EU versucht, den Einsatz von Microsoft 365 durch Vereinbarungen, Audits und vertragliche Garantien datenschutzkonform zu gestalten. Man m\u00f6chte die Vorteile der Cloud nutzen, ohne sie grunds\u00e4tzlich in Frage zu stellen. Die Schweiz hingegen setzt auf das Vorsichtsprinzip und zieht eine klare Grenze: Ohne vollst\u00e4ndige Kontrolle \u00fcber die Daten ist die Nutzung unzul\u00e4ssig. Dadurch entsteht ein Gegensatz zwischen europ\u00e4ischer Pragmatik und schweizerischer Konsequenz.<\/li>\n<li><strong>Wie reagieren deutsche Beh\u00f6rden auf diese Entwicklung?<\/strong><br \/>\nViele deutsche Landesdatensch\u00fctzer beobachten die Schweizer Entscheidung aufmerksam. Einige waren selbst schon kritisch gegen\u00fcber Microsoft 365 &#8211; etwa in Schulen, wo Tracking-Mechanismen und unklare Datenfl\u00fcsse bem\u00e4ngelt wurden. Die Schweizer Resolution k\u00f6nnte als Argumentationsverst\u00e4rker dienen: Wenn ein Land mit hohen Standards die Nutzung einschr\u00e4nkt, wird es f\u00fcr deutsche Beh\u00f6rden schwieriger, eine liberalere Linie zu vertreten, ohne dies gut zu begr\u00fcnden.<\/li>\n<li><strong>Warum spielt Transparenz bei den Subunternehmern eine so gro\u00dfe Rolle?<\/strong><br \/>\nGro\u00dfe Cloud-Anbieter nutzen globale Netzwerke von Partnern und Subunternehmen f\u00fcr Support, Wartung und technische Leistungen. F\u00fcr eine Beh\u00f6rde ist kaum nachvollziehbar, welche Firmen wann Zugriff haben k\u00f6nnten. Genau diese Intransparenz macht es unm\u00f6glich, Risiken sauber zu bewerten. Die Schweiz sieht darin ein fundamentales Problem: Eine Beh\u00f6rde muss wissen, wer auf ihre Daten zugreifen k\u00f6nnte &#8211; und das ist in komplexen Cloud-Strukturen kaum m\u00f6glich.<\/li>\n<li><strong>Wie beeinflusst die Entscheidung die Diskussion \u00fcber digitale Souver\u00e4nit\u00e4t in Europa?<\/strong><br \/>\nDie Schweizer Haltung wirkt wie ein Katalysator. Viele EU-L\u00e4nder sprechen seit Jahren \u00fcber digitale Souver\u00e4nit\u00e4t, setzen aber h\u00e4ufig auf dieselben globalen Anbieter. Die Schweiz zeigt nun, dass ein Staat auch konsequent anders handeln kann. Diese Entscheidung wird die europ\u00e4ische Debatte neu befeuern &#8211; vor allem in den Bereichen Justiz, Verwaltung und Gesundheitsdaten, in denen eine strenge Linie besonders sinnvoll erscheinen k\u00f6nnte.<\/li>\n<li><strong>Was k\u00f6nnen Unternehmen aus dieser Entwicklung lernen?<\/strong><br \/>\nUnternehmen sollten sich bewusst machen, dass die Auslagerung von Daten immer auch ein Verlust an Kontrolle bedeutet. Die Schweizer Entscheidung erinnert daran, dass man genau pr\u00fcfen muss, welche Daten man wohin gibt. Unternehmen sollten \u00fcberlegen, ob manche kritischen Bereiche besser lokal oder in souver\u00e4nen Infrastrukturen verbleiben sollten &#8211; selbst wenn die Cloud auf den ersten Blick bequemer erscheint.<\/li>\n<li><strong>Ist die Schweizer Entscheidung ein R\u00fcckschritt in die Vergangenheit?<\/strong><br \/>\nNein &#8211; sie ist vielmehr eine R\u00fcckbesinnung auf grundlegende Prinzipien, die in der Digitalisierung manchmal untergehen: Verantwortung, Kontrolle, Nachvollziehbarkeit. Die Schweiz nutzt moderne Technologien, aber sie akzeptiert nicht, wenn sie dabei die Hoheit \u00fcber ihre sensibelsten Daten verliert. Diese Haltung wirkt altmodisch, ist aber in Wahrheit zukunftsorientiert.<\/li>\n<li><strong>Welche Alternativen haben Beh\u00f6rden oder Unternehmen, wenn sie Cloud-Dienste meiden wollen?<\/strong><br \/>\nEs gibt mehrere M\u00f6glichkeiten: lokale Server, Schweizer oder europ\u00e4ische Anbieter mit strenger Datenhoheit, hybride Modelle mit eigener Verschl\u00fcsselung oder vollst\u00e4ndig selbst betriebene Infrastruktur. Diese Varianten sind nicht so bequem wie ein Klick auf \u201eMicrosoft 365 abonnieren\u201c, aber sie st\u00e4rken die Kontrolle &#8211; und sind f\u00fcr viele sensible Anwendungen v\u00f6llig ausreichend.<\/li>\n<li><strong>Welche Rolle spielt Dein eigener HostEurope-Vorfall in diesem Zusammenhang?<\/strong><br \/>\nDer Vorfall ist ein typisches Beispiel daf\u00fcr, wie schnell man in Strukturen hineingeraten kann, die man gar nicht wollte. Wenn ein Anbieter ohne R\u00fccksprache deine E-Mails auf Microsoft 365 migrieren will, verlierst du im selben Moment einen Teil deiner Souver\u00e4nit\u00e4t &#8211; und das v\u00f6llig ungefragt. Deine Entscheidung, sofort auszusteigen, war letztlich ein Schritt in dieselbe Richtung, die die Schweiz jetzt offiziell eingeschlagen hat: Kontrolle statt Bequemlichkeit. Genau aus diesem Grund ist die Geschichte ein gutes Beispiel f\u00fcr die praktische Relevanz der Schweizer Position.<\/li>\n<li><strong>Was bedeutet all das f\u00fcr Privatpersonen, die nicht im Beh\u00f6rdenbereich arbeiten?<\/strong><br \/>\nAuch Privatpersonen sollten bewusster w\u00e4hlen, wo ihre Daten liegen. Viele nutzen heute automatisch internationale Plattformen, ohne zu bedenken, wie weit diese Unternehmen in ihr digitales Leben hineinschauen k\u00f6nnen. Die Schweizer Entscheidung erinnert daran, dass man seine eigenen Daten nicht einfach als Nebensache betrachten sollte &#8211; denn Sicherheit beginnt immer bei der pers\u00f6nlichen Entscheidung, wem man vertraut.<\/li>\n<li><strong>Wie k\u00f6nnte sich die Situation in den n\u00e4chsten Jahren entwickeln?<\/strong><br \/>\nEs ist gut m\u00f6glich, dass die Schweiz mit dieser Resolution einen Trend setzt, der sp\u00e4ter auch in der EU aufgegriffen wird. Die Diskussion \u00fcber Souver\u00e4nit\u00e4t wird st\u00e4rker, nicht schw\u00e4cher. Staaten und Unternehmen werden zunehmend realisieren, dass die Cloud kein Naturgesetz ist, sondern eine Wahl. Und wie jede Wahl kann man sie \u00fcberdenken &#8211; vor allem dann, wenn die Risiken irgendwann gr\u00f6\u00dfer wirken als der Komfort.<\/li>\n<\/ol>\n<hr \/>\n\n\t\t\t<div class=\"display-post-types\">\n\n\t\t\t\t\t\t\t<style type=\"text\/css\">\n\t\t\t#dpt-wrapper-295 { --dpt-text-align: left;--dpt-image-crop: center;--dpt-border-radius: 5px;--dpt-h-gutter: 10px;--dpt-v-gutter: 9px; }\t\t\t<\/style>\n\t\t\t<style type=\"text\/css\">#dpt-wrapper-295 { --dpt-title-font-style:normal;--dpt-title-font-weight:600;--dpt-title-line-height:1.5;--dpt-title-text-decoration:none;--dpt-title-text-transform:none;--dpt-excerpt-font-style:normal;--dpt-excerpt-font-weight:400;--dpt-excerpt-line-height:1.5;--dpt-excerpt-text-decoration:none;--dpt-excerpt-text-transform:none;--dpt-meta1-font-style:normal;--dpt-meta1-font-weight:400;--dpt-meta1-line-height:1.9;--dpt-meta1-text-decoration:none;--dpt-meta1-text-transform:none;--dpt-meta2-font-style:normal;--dpt-meta2-font-weight:400;--dpt-meta2-line-height:1.9;--dpt-meta2-text-decoration:none;--dpt-meta2-text-transform:none; }<\/style><div class=\" dpt-main-header\">\n\t\t\t\t\t\t<div class=\"dpt-main-title\">\n\t\t\t\t\t\t\t<span class=\"dpt-main-title-text\">Aktuelle Beitr\u00e4ge zu Kunst &amp; Kultur<\/span>\n\t\t\t\t\t\t<\/div>\n\t\t\t\t\t\t\n\t\t\t\t\t\t\n\t\t\t\t\t\t\n\t\t\t\t\t\t<\/div>\t\t\t\n\t\t\t\t<div id=\"dpt-wrapper-295\" class=\"dpt-wrapper dpt-mag1 land1 dpt-cropped dpt-flex-wrap\" >\n\n\t\t\t\t\t\t\t\t\t\t\t<div class=\"dpt-entry has-thumbnail\" data-title=\"propaganda: geschichte, methoden, moderne formen und wie man sie erkennt\" data-id=\"4229\"  data-category=\"allgemein gesellschaft kunst &amp; kultur\" data-post_tag=\"denkmodelle energiepolitik europa geopolitik krisen meinungsfreiheit pers\u00f6nlichkeitsentwicklung sicherheitspolitik spieltheorie\">\n\t\t\t\t\t\t\t<div class=\"dpt-entry-wrapper\"><div class=\" dpt-featured-content\"><div class=\" dpt-permalink\"><a href=\"https:\/\/www.markus-schall.de\/fr\/2026\/01\/propaganda-geschichte-methoden-moderne-formen-und-wie-man-sie-erkennt\/\" class=\"dpt-permalink\"><span class=\"screen-reader-text\">Propaganda: Geschichte, Methoden, moderne Formen und wie man sie erkennt<\/span><\/a><\/div><div class=\" dpt-thumbnail\"><div class=\"dpt-thumbnail-inner\"><img width=\"1024\" height=\"683\" class=\"attachment-full size-full\" alt=\"Was ist Propaganda?\" context=\"dpt\" data-dpt-src=\"https:\/\/www.markus-schall.de\/wp-content\/uploads\/Propaganda-titel.jpg\" data-dpt-sizes=\"(max-width: 1024px) 100vw, 1024px\" data-dpt-srcset=\"https:\/\/www.markus-schall.de\/wp-content\/uploads\/Propaganda-titel.jpg 1024w, https:\/\/www.markus-schall.de\/wp-content\/uploads\/Propaganda-titel-300x200.jpg 300w, https:\/\/www.markus-schall.de\/wp-content\/uploads\/Propaganda-titel-768x512.jpg 768w, https:\/\/www.markus-schall.de\/wp-content\/uploads\/Propaganda-titel-18x12.jpg 18w\" \/><\/div><span class=\"dpt-thumbnail-aspect-ratio\" style=\"padding-top: 75%\"><\/span><\/div><\/div><div class=\" sub-entry\"><h3 class=\" dpt-title\"><a class=\"dpt-title-link\" href=\"https:\/\/www.markus-schall.de\/fr\/2026\/01\/propaganda-geschichte-methoden-moderne-formen-und-wie-man-sie-erkennt\/\" rel=\"bookmark\">Propaganda: Geschichte, Methoden, moderne Formen und wie man sie erkennt<\/a><\/h3><\/div><\/div>\n\t\t\t\t\t\t<\/div><!-- .dpt-entry -->\n\t\t\t\t\t\t\t\t\t\t\t\t<div class=\"dpt-entry has-thumbnail\" data-title=\"beruf, weltbild, zukunft: entscheidungen im schatten des umbruchs\" data-id=\"3197\"  data-category=\"allgemein gesellschaft kunst &amp; kultur tipps &amp; anleitungen\" data-post_tag=\"erfahrungen krisen pers\u00f6nlichkeitsentwicklung ratgeber\">\n\t\t\t\t\t\t\t<div class=\"dpt-entry-wrapper\"><div class=\" dpt-featured-content\"><div class=\" dpt-permalink\"><a href=\"https:\/\/www.markus-schall.de\/fr\/2025\/10\/beruf-weltbild-zukunft-entscheidungen-im-schatten-des-umbruchs\/\" class=\"dpt-permalink\"><span class=\"screen-reader-text\">Beruf, Weltbild, Zukunft: Entscheidungen im Schatten des Umbruchs<\/span><\/a><\/div><div class=\" dpt-thumbnail\"><div class=\"dpt-thumbnail-inner\"><img width=\"1024\" height=\"683\" class=\"attachment-full size-full\" alt=\"Entscheidungen im Schatten des Umbruchs\" context=\"dpt\" data-dpt-src=\"https:\/\/www.markus-schall.de\/wp-content\/uploads\/Entscheidungen-im-Schatten-Umbruch.jpg\" data-dpt-sizes=\"(max-width: 1024px) 100vw, 1024px\" data-dpt-srcset=\"https:\/\/www.markus-schall.de\/wp-content\/uploads\/Entscheidungen-im-Schatten-Umbruch.jpg 1024w, https:\/\/www.markus-schall.de\/wp-content\/uploads\/Entscheidungen-im-Schatten-Umbruch-300x200.jpg 300w, https:\/\/www.markus-schall.de\/wp-content\/uploads\/Entscheidungen-im-Schatten-Umbruch-768x512.jpg 768w, https:\/\/www.markus-schall.de\/wp-content\/uploads\/Entscheidungen-im-Schatten-Umbruch-18x12.jpg 18w\" \/><\/div><span class=\"dpt-thumbnail-aspect-ratio\" style=\"padding-top: 75%\"><\/span><\/div><\/div><div class=\" sub-entry\"><h3 class=\" dpt-title\"><a class=\"dpt-title-link\" href=\"https:\/\/www.markus-schall.de\/fr\/2025\/10\/beruf-weltbild-zukunft-entscheidungen-im-schatten-des-umbruchs\/\" rel=\"bookmark\">Beruf, Weltbild, Zukunft: Entscheidungen im Schatten des Umbruchs<\/a><\/h3><\/div><\/div>\n\t\t\t\t\t\t<\/div><!-- .dpt-entry -->\n\t\t\t\t\t\t\t\t\t\t\t\t<div class=\"dpt-entry has-thumbnail\" data-title=\"apple im wandel: fr\u00fche ger\u00e4te, eigene erfahrungen und eine ausstellung im ocm\" data-id=\"5480\"  data-category=\"allgemein apple iphone &amp; ipad apple macos hardware kunst &amp; kultur stories &amp; humor\" data-post_tag=\"apple erfahrungen filemaker mac prozesse publishing\">\n\t\t\t\t\t\t\t<div class=\"dpt-entry-wrapper\"><div class=\" dpt-featured-content\"><div class=\" dpt-permalink\"><a href=\"https:\/\/www.markus-schall.de\/fr\/2026\/03\/apple-im-wandel-fruehe-geraete-eigene-erfahrungen-und-eine-ausstellung-im-ocm\/\" class=\"dpt-permalink\"><span class=\"screen-reader-text\">Apple im Wandel: Fr\u00fche Ger\u00e4te, eigene Erfahrungen und eine Ausstellung im OCM<\/span><\/a><\/div><div class=\" dpt-thumbnail\"><div class=\"dpt-thumbnail-inner\"><img width=\"1024\" height=\"683\" class=\"attachment-full size-full\" alt=\"Apple Macintosh Classic und Color Classic\" context=\"dpt\" data-dpt-src=\"https:\/\/www.markus-schall.de\/wp-content\/uploads\/Apple-OCM-Titel.jpg\" data-dpt-sizes=\"(max-width: 1024px) 100vw, 1024px\" data-dpt-srcset=\"https:\/\/www.markus-schall.de\/wp-content\/uploads\/Apple-OCM-Titel.jpg 1024w, https:\/\/www.markus-schall.de\/wp-content\/uploads\/Apple-OCM-Titel-300x200.jpg 300w, https:\/\/www.markus-schall.de\/wp-content\/uploads\/Apple-OCM-Titel-768x512.jpg 768w, https:\/\/www.markus-schall.de\/wp-content\/uploads\/Apple-OCM-Titel-18x12.jpg 18w\" \/><\/div><span class=\"dpt-thumbnail-aspect-ratio\" style=\"padding-top: 75%\"><\/span><\/div><\/div><div class=\" sub-entry\"><h3 class=\" dpt-title\"><a class=\"dpt-title-link\" href=\"https:\/\/www.markus-schall.de\/fr\/2026\/03\/apple-im-wandel-fruehe-geraete-eigene-erfahrungen-und-eine-ausstellung-im-ocm\/\" rel=\"bookmark\">Apple im Wandel: Fr\u00fche Ger\u00e4te, eigene Erfahrungen und eine Ausstellung im OCM<\/a><\/h3><\/div><\/div>\n\t\t\t\t\t\t<\/div><!-- .dpt-entry -->\n\t\t\t\t\t\t\t\t\t\t\t\t<div class=\"dpt-entry has-thumbnail\" data-title=\"zukunft mit ladeger\u00e4t &#8211; herr von l&#8217;oreot kauft einen e-scooter\" data-id=\"3229\"  data-category=\"allgemein gesellschaft kunst &amp; kultur stories &amp; humor\" data-post_tag=\"erfahrungen\">\n\t\t\t\t\t\t\t<div class=\"dpt-entry-wrapper\"><div class=\" dpt-featured-content\"><div class=\" dpt-permalink\"><a href=\"https:\/\/www.markus-schall.de\/fr\/2025\/10\/zukunft-mit-ladegeraet-herr-von-loreot-kauft-einen-e-scooter\/\" class=\"dpt-permalink\"><span class=\"screen-reader-text\">Zukunft mit Ladeger\u00e4t &#8211; Herr von L&#8217;oreot kauft einen E-Scooter<\/span><\/a><\/div><div class=\" dpt-thumbnail\"><div class=\"dpt-thumbnail-inner\"><img width=\"1024\" height=\"747\" class=\"attachment-full size-full\" alt=\"\" context=\"dpt\" data-dpt-src=\"https:\/\/www.markus-schall.de\/wp-content\/uploads\/loereot-e-scooter-1.jpg\" data-dpt-sizes=\"(max-width: 1024px) 100vw, 1024px\" data-dpt-srcset=\"https:\/\/www.markus-schall.de\/wp-content\/uploads\/loereot-e-scooter-1.jpg 1024w, https:\/\/www.markus-schall.de\/wp-content\/uploads\/loereot-e-scooter-1-300x219.jpg 300w, https:\/\/www.markus-schall.de\/wp-content\/uploads\/loereot-e-scooter-1-768x560.jpg 768w, https:\/\/www.markus-schall.de\/wp-content\/uploads\/loereot-e-scooter-1-16x12.jpg 16w\" \/><\/div><span class=\"dpt-thumbnail-aspect-ratio\" style=\"padding-top: 75%\"><\/span><\/div><\/div><div class=\" sub-entry\"><h3 class=\" dpt-title\"><a class=\"dpt-title-link\" href=\"https:\/\/www.markus-schall.de\/fr\/2025\/10\/zukunft-mit-ladegeraet-herr-von-loreot-kauft-einen-e-scooter\/\" rel=\"bookmark\">Zukunft mit Ladeger\u00e4t &#8211; Herr von L&#8217;oreot kauft einen E-Scooter<\/a><\/h3><\/div><\/div>\n\t\t\t\t\t\t<\/div><!-- .dpt-entry -->\n\t\t\t\t\t\t\n\t\t\t\t<\/div>\n\t\t\t\t\t\t<\/div>\n\t\t\t\n<hr \/>\n","protected":false},"excerpt":{"rendered":"<p>En Suisse, il s'est pass\u00e9 mi-novembre quelque chose que presque personne n'attendait sous cette forme : Les commissaires \u00e0 la protection des donn\u00e9es du pays ont adopt\u00e9 une r\u00e9solution claire, presque historique. Le message qui se cache derri\u00e8re est simple - et en m\u00eame temps tr\u00e8s explosif : les autorit\u00e9s ne doivent plus externaliser sans h\u00e9sitation leurs donn\u00e9es les plus sensibles vers des services cloud internationaux comme Microsoft 365. Pourquoi cela ?<\/p>","protected":false},"author":1,"featured_media":3732,"comment_status":"open","ping_status":"open","sticky":false,"template":"","format":"standard","meta":{"iawp_total_views":1504,"footnotes":""},"categories":[1,466],"tags":[440,469,473,470,475],"class_list":["post-3727","post","type-post","status-publish","format-standard","has-post-thumbnail","hentry","category-allgemein","category-gesellschaft","tag-datenbanken","tag-datenschutz","tag-digitales-eigentum","tag-eu-gesetze","tag-europa"],"_links":{"self":[{"href":"https:\/\/www.markus-schall.de\/fr\/wp-json\/wp\/v2\/posts\/3727","targetHints":{"allow":["GET"]}}],"collection":[{"href":"https:\/\/www.markus-schall.de\/fr\/wp-json\/wp\/v2\/posts"}],"about":[{"href":"https:\/\/www.markus-schall.de\/fr\/wp-json\/wp\/v2\/types\/post"}],"author":[{"embeddable":true,"href":"https:\/\/www.markus-schall.de\/fr\/wp-json\/wp\/v2\/users\/1"}],"replies":[{"embeddable":true,"href":"https:\/\/www.markus-schall.de\/fr\/wp-json\/wp\/v2\/comments?post=3727"}],"version-history":[{"count":14,"href":"https:\/\/www.markus-schall.de\/fr\/wp-json\/wp\/v2\/posts\/3727\/revisions"}],"predecessor-version":[{"id":3890,"href":"https:\/\/www.markus-schall.de\/fr\/wp-json\/wp\/v2\/posts\/3727\/revisions\/3890"}],"wp:featuredmedia":[{"embeddable":true,"href":"https:\/\/www.markus-schall.de\/fr\/wp-json\/wp\/v2\/media\/3732"}],"wp:attachment":[{"href":"https:\/\/www.markus-schall.de\/fr\/wp-json\/wp\/v2\/media?parent=3727"}],"wp:term":[{"taxonomy":"category","embeddable":true,"href":"https:\/\/www.markus-schall.de\/fr\/wp-json\/wp\/v2\/categories?post=3727"},{"taxonomy":"post_tag","embeddable":true,"href":"https:\/\/www.markus-schall.de\/fr\/wp-json\/wp\/v2\/tags?post=3727"}],"curies":[{"name":"wp","href":"https:\/\/api.w.org\/{rel}","templated":true}]}}