{"id":3854,"date":"2025-12-07T11:01:20","date_gmt":"2025-12-07T11:01:20","guid":{"rendered":"https:\/\/www.markus-schall.de\/?p=3854"},"modified":"2026-04-22T16:20:57","modified_gmt":"2026-04-22T16:20:57","slug":"jan-josef-liefers-un-portrait-de-lattitude-des-origines-et-de-la-liberte-artistique","status":"publish","type":"post","link":"https:\/\/www.markus-schall.de\/fr\/2025\/12\/jan-josef-liefers-un-portrait-de-lattitude-des-origines-et-de-la-liberte-artistique\/","title":{"rendered":"Jan-Josef Liefers : un portrait sur l'attitude, l'origine et la libert\u00e9 artistique"},"content":{"rendered":"<p>Quand on voit aujourd'hui Jan-Josef Liefers dans le r\u00f4le du professeur excentrique Boerne dans \u201eTatort\u201c, on oublie facilement le chemin parcouru. Personnellement, j'ai toujours aim\u00e9 le voir dans ce r\u00f4le : un m\u00e9lange de finesse d'esprit, de narcissisme, d'humour et de lucidit\u00e9 d\u00e9concertante. Mais justement, ce m\u00e9lange ne vient pas de nulle part. Il est le r\u00e9sultat d'une vie qui a commenc\u00e9 dans une toute autre Allemagne - en RDA, dans un pays aux fronti\u00e8res \u00e9troites et aux directives claires.<\/p>\n<p>Pour comprendre pourquoi Liefers adopte aujourd'hui une attitude si coh\u00e9rente, il faut retourner l\u00e0-bas : dans son enfance, dans le monde du th\u00e9\u00e2tre de ses parents et \u00e0 une \u00e9poque o\u00f9 la critique du syst\u00e8me \u00e9tait tout sauf sans cons\u00e9quence.<!--more--><\/p>\n<hr \/>\n\n\t\t\t<div class=\"display-post-types\">\n\n\t\t\t\t\t\t\t<style type=\"text\/css\">\n\t\t\t#dpt-wrapper-316 { --dpt-text-align: left;--dpt-image-crop: center;--dpt-border-radius: 5px;--dpt-h-gutter: 10px;--dpt-v-gutter: 9px; }\t\t\t<\/style>\n\t\t\t<style type=\"text\/css\">#dpt-wrapper-316 { --dpt-title-font-style:normal;--dpt-title-font-weight:600;--dpt-title-line-height:1.5;--dpt-title-text-decoration:none;--dpt-title-text-transform:none;--dpt-excerpt-font-style:normal;--dpt-excerpt-font-weight:400;--dpt-excerpt-line-height:1.5;--dpt-excerpt-text-decoration:none;--dpt-excerpt-text-transform:none;--dpt-meta1-font-style:normal;--dpt-meta1-font-weight:400;--dpt-meta1-line-height:1.9;--dpt-meta1-text-decoration:none;--dpt-meta1-text-transform:none;--dpt-meta2-font-style:normal;--dpt-meta2-font-weight:400;--dpt-meta2-line-height:1.9;--dpt-meta2-text-decoration:none;--dpt-meta2-text-transform:none; }<\/style><div class=\"dpt-main-header\">\n\t\t\t\t\t\t<div class=\"dpt-main-title\">\n\t\t\t\t\t\t\t<span class=\"dpt-main-title-text\">Derniers articles sur Art &amp; Culture<\/span>\n\t\t\t\t\t\t<\/div>\n\t\t\t\t\t\t\n\t\t\t\t\t\t\n\t\t\t\t\t\t\n\t\t\t\t\t\t<\/div>\t\t\t\n\t\t\t\t<div id=\"dpt-wrapper-316\" class=\"dpt-wrapper dpt-mag1 land1 dpt-cropped dpt-flex-wrap\" >\n\n\t\t\t\t\t\t\t\t\t\t\t<div class=\"dpt-entry has-thumbnail\" data-title=\"apple im wandel: fr\u00fche ger\u00e4te, eigene erfahrungen und eine ausstellung im ocm\" data-id=\"5480\"  data-category=\"allgemein apple iphone &amp; ipad apple macos hardware kunst &amp; kultur stories &amp; humor\" data-post_tag=\"apple erfahrungen filemaker mac prozesse publishing\">\n\t\t\t\t\t\t\t<div class=\"dpt-entry-wrapper\"><div class=\"dpt-featured-content\"><div class=\"dpt-permalink\"><a href=\"https:\/\/www.markus-schall.de\/fr\/2026\/03\/apple-en-mutation-les-premiers-appareils-experiences-personnelles-et-une-exposition-a-locm\/\" class=\"dpt-permalink\"><span class=\"screen-reader-text\">Apple en mutation : premiers appareils, exp\u00e9riences personnelles et une exposition \u00e0 l'OCM<\/span><\/a><\/div><div class=\"dpt-thumbnail\"><div class=\"dpt-thumbnail-inner\"><img width=\"1024\" height=\"683\" class=\"attachment-full size-full\" alt=\"Apple Macintosh Classic et Color Classic\" context=\"dpt\" data-dpt-src=\"https:\/\/www.markus-schall.de\/wp-content\/uploads\/Apple-OCM-Titel.jpg\" data-dpt-sizes=\"(max-width: 1024px) 100vw, 1024px\" data-dpt-srcset=\"https:\/\/www.markus-schall.de\/wp-content\/uploads\/Apple-OCM-Titel.jpg 1024w, https:\/\/www.markus-schall.de\/wp-content\/uploads\/Apple-OCM-Titel-300x200.jpg 300w, https:\/\/www.markus-schall.de\/wp-content\/uploads\/Apple-OCM-Titel-768x512.jpg 768w, https:\/\/www.markus-schall.de\/wp-content\/uploads\/Apple-OCM-Titel-18x12.jpg 18w\" \/><\/div><span class=\"dpt-thumbnail-aspect-ratio\" style=\"padding-top: 75%\"><\/span><\/div><\/div><div class=\"sub-entry\"><h3 class=\"dpt-title\"><a class=\"dpt-title-link\" href=\"https:\/\/www.markus-schall.de\/fr\/2026\/03\/apple-en-mutation-les-premiers-appareils-experiences-personnelles-et-une-exposition-a-locm\/\" rel=\"bookmark\">Apple en mutation : premiers appareils, exp\u00e9riences personnelles et une exposition \u00e0 l'OCM<\/a><\/h3><\/div><\/div>\n\t\t\t\t\t\t<\/div><!-- .dpt-entry -->\n\t\t\t\t\t\t\t\t\t\t\t\t<div class=\"dpt-entry has-thumbnail\" data-title=\"zukunft mit ladeger\u00e4t \u2013 herr von l&#8217;oreot kauft einen e-scooter\" data-id=\"3229\"  data-category=\"allgemein gesellschaft kunst &amp; kultur stories &amp; humor\" data-post_tag=\"erfahrungen\">\n\t\t\t\t\t\t\t<div class=\"dpt-entry-wrapper\"><div class=\"dpt-featured-content\"><div class=\"dpt-permalink\"><a href=\"https:\/\/www.markus-schall.de\/fr\/2025\/10\/lavenir-avec-un-chargeur-monsieur-von-loreot-achete-un-scooter-electrique\/\" class=\"dpt-permalink\"><span class=\"screen-reader-text\">Avenir avec chargeur - Monsieur de L'oreot ach\u00e8te un scooter \u00e9lectrique<\/span><\/a><\/div><div class=\"dpt-thumbnail\"><div class=\"dpt-thumbnail-inner\"><img width=\"1024\" height=\"747\" class=\"attachment-full size-full\" alt=\"\" context=\"dpt\" data-dpt-src=\"https:\/\/www.markus-schall.de\/wp-content\/uploads\/loereot-e-scooter-1.jpg\" data-dpt-sizes=\"(max-width: 1024px) 100vw, 1024px\" data-dpt-srcset=\"https:\/\/www.markus-schall.de\/wp-content\/uploads\/loereot-e-scooter-1.jpg 1024w, https:\/\/www.markus-schall.de\/wp-content\/uploads\/loereot-e-scooter-1-300x219.jpg 300w, https:\/\/www.markus-schall.de\/wp-content\/uploads\/loereot-e-scooter-1-768x560.jpg 768w, https:\/\/www.markus-schall.de\/wp-content\/uploads\/loereot-e-scooter-1-16x12.jpg 16w\" \/><\/div><span class=\"dpt-thumbnail-aspect-ratio\" style=\"padding-top: 75%\"><\/span><\/div><\/div><div class=\"sub-entry\"><h3 class=\"dpt-title\"><a class=\"dpt-title-link\" href=\"https:\/\/www.markus-schall.de\/fr\/2025\/10\/lavenir-avec-un-chargeur-monsieur-von-loreot-achete-un-scooter-electrique\/\" rel=\"bookmark\">Avenir avec chargeur - Monsieur de L'oreot ach\u00e8te un scooter \u00e9lectrique<\/a><\/h3><\/div><\/div>\n\t\t\t\t\t\t<\/div><!-- .dpt-entry -->\n\t\t\t\t\t\t\t\t\t\t\t\t<div class=\"dpt-entry has-thumbnail\" data-title=\"spieltheorie erkl\u00e4rt 25 jahre geopolitik: wie europa seine strategische rolle verlor\" data-id=\"3850\"  data-category=\"allgemein gesellschaft kunst &amp; kultur\" data-post_tag=\"denkmodelle deutschland energiepolitik eu-gesetze europa geopolitik krisen sicherheitspolitik spieltheorie\">\n\t\t\t\t\t\t\t<div class=\"dpt-entry-wrapper\"><div class=\"dpt-featured-content\"><div class=\"dpt-permalink\"><a href=\"https:\/\/www.markus-schall.de\/fr\/2025\/12\/la-theorie-des-jeux-explique-25-ans-de-geopolitique-et-comment-leurope-a-perdu-son-role-strategique\/\" class=\"dpt-permalink\"><span class=\"screen-reader-text\">La th\u00e9orie des jeux explique 25 ans de g\u00e9opolitique : comment l'Europe a perdu son r\u00f4le strat\u00e9gique<\/span><\/a><\/div><div class=\"dpt-thumbnail\"><div class=\"dpt-thumbnail-inner\"><img width=\"1024\" height=\"765\" class=\"attachment-full size-full\" alt=\"La th\u00e9orie des jeux explique 25 ans de g\u00e9opolitique\" context=\"dpt\" data-dpt-src=\"https:\/\/www.markus-schall.de\/wp-content\/uploads\/europa-russland-spieltheorie.jpg\" data-dpt-sizes=\"(max-width: 1024px) 100vw, 1024px\" data-dpt-srcset=\"https:\/\/www.markus-schall.de\/wp-content\/uploads\/europa-russland-spieltheorie.jpg 1024w, https:\/\/www.markus-schall.de\/wp-content\/uploads\/europa-russland-spieltheorie-300x224.jpg 300w, https:\/\/www.markus-schall.de\/wp-content\/uploads\/europa-russland-spieltheorie-768x574.jpg 768w, https:\/\/www.markus-schall.de\/wp-content\/uploads\/europa-russland-spieltheorie-16x12.jpg 16w\" \/><\/div><span class=\"dpt-thumbnail-aspect-ratio\" style=\"padding-top: 75%\"><\/span><\/div><\/div><div class=\"sub-entry\"><h3 class=\"dpt-title\"><a class=\"dpt-title-link\" href=\"https:\/\/www.markus-schall.de\/fr\/2025\/12\/la-theorie-des-jeux-explique-25-ans-de-geopolitique-et-comment-leurope-a-perdu-son-role-strategique\/\" rel=\"bookmark\">La th\u00e9orie des jeux explique 25 ans de g\u00e9opolitique : comment l'Europe a perdu son r\u00f4le strat\u00e9gique<\/a><\/h3><\/div><\/div>\n\t\t\t\t\t\t<\/div><!-- .dpt-entry -->\n\t\t\t\t\t\t\t\t\t\t\t\t<div class=\"dpt-entry has-thumbnail\" data-title=\"ulrike gu\u00e9rot: eine europ\u00e4erin zwischen idee, universit\u00e4t und \u00f6ffentlichem diskurs\" data-id=\"4039\"  data-category=\"allgemein gesellschaft kunst &amp; kultur\" data-post_tag=\"denkmodelle deutschland europa geopolitik krisen meinungsfreiheit portrait sicherheitspolitik spieltheorie\">\n\t\t\t\t\t\t\t<div class=\"dpt-entry-wrapper\"><div class=\"dpt-featured-content\"><div class=\"dpt-permalink\"><a href=\"https:\/\/www.markus-schall.de\/fr\/2025\/12\/ulrike-guerot-une-europeenne-entre-lidee-duniversite-et-le-discours-public\/\" class=\"dpt-permalink\"><span class=\"screen-reader-text\">Ulrike Gu\u00e9rot : une europ\u00e9enne entre id\u00e9e, universit\u00e9 et discours public<\/span><\/a><\/div><div class=\"dpt-thumbnail\"><div class=\"dpt-thumbnail-inner\"><img width=\"1024\" height=\"683\" class=\"attachment-full size-full\" alt=\"Ulrike Gu\u00e9rot et l&#039;Europe\" context=\"dpt\" data-dpt-src=\"https:\/\/www.markus-schall.de\/wp-content\/uploads\/ulrike-guerot-portrait.jpg\" data-dpt-sizes=\"(max-width: 1024px) 100vw, 1024px\" data-dpt-srcset=\"https:\/\/www.markus-schall.de\/wp-content\/uploads\/ulrike-guerot-portrait.jpg 1024w, https:\/\/www.markus-schall.de\/wp-content\/uploads\/ulrike-guerot-portrait-300x200.jpg 300w, https:\/\/www.markus-schall.de\/wp-content\/uploads\/ulrike-guerot-portrait-768x512.jpg 768w, https:\/\/www.markus-schall.de\/wp-content\/uploads\/ulrike-guerot-portrait-18x12.jpg 18w\" \/><\/div><span class=\"dpt-thumbnail-aspect-ratio\" style=\"padding-top: 75%\"><\/span><\/div><\/div><div class=\"sub-entry\"><h3 class=\"dpt-title\"><a class=\"dpt-title-link\" href=\"https:\/\/www.markus-schall.de\/fr\/2025\/12\/ulrike-guerot-une-europeenne-entre-lidee-duniversite-et-le-discours-public\/\" rel=\"bookmark\">Ulrike Gu\u00e9rot : une europ\u00e9enne entre id\u00e9e, universit\u00e9 et discours public<\/a><\/h3><\/div><\/div>\n\t\t\t\t\t\t<\/div><!-- .dpt-entry -->\n\t\t\t\t\t\t\n\t\t\t\t<\/div>\n\t\t\t\t\t\t<\/div>\n\t\t\t\n<hr \/>\n<h2>Famille de th\u00e9\u00e2tre \u00e0 Dresde - L'art dans le syst\u00e8me<\/h2>\n<p>Jan-Josef Liefers a grandi en 1964 \u00e0 Dresde, dans une famille o\u00f9 la sc\u00e8ne et les coulisses font partie du quotidien. Son p\u00e8re est metteur en sc\u00e8ne, sa m\u00e8re actrice - pour lui, l'art n'est pas un \u201ehobby\u201c, mais en quelque sorte la normalit\u00e9. Dans de nombreuses biographies ouest-allemandes, l'art \u00e9tait une sorte d'\u00e9chappatoire aux structures bourgeoises. En RDA, c'\u00e9tait diff\u00e9rent : la culture \u00e9tait organis\u00e9e par l'\u00c9tat, contr\u00f4l\u00e9e, encourag\u00e9e - et en m\u00eame temps un exutoire. Pour un enfant, un tel environnement signifie deux choses :<\/p>\n<ul>\n<li>D'une part, on vit le monde comme quelque chose qui peut \u00eatre repr\u00e9sent\u00e9, racont\u00e9, interpr\u00e9t\u00e9.<\/li>\n<li>D'autre part, on apprend tr\u00e8s t\u00f4t qu'il y a une diff\u00e9rence entre ce que l'on pense et ce que l'on dit \u00e0 voix haute.<\/li>\n<\/ul>\n<p>Dans un tel contexte, un regard tr\u00e8s \u00e9veill\u00e9 se d\u00e9veloppe souvent. On observe plus attentivement, on entend des nuances, on ressent des tensions. Celui qui, plus tard, pourra jouer de mani\u00e8re cr\u00e9dible un personnage aussi tranchant et ironique que Boerne, porte g\u00e9n\u00e9ralement en lui ce don d'observation depuis l'enfance.<\/p>\n<h3>Enfance entre Dresde et Erfurt - pays \u00e9troit, vaste monde int\u00e9rieur<\/h3>\n<p>Une partie de son enfance le conduit \u00e9galement \u00e0 Erfurt, chez sa grand-m\u00e8re. Pour beaucoup d'Allemands de l'Est, ce m\u00e9lange de grande ville, de province, de famille et de normalit\u00e9 du syst\u00e8me est typique : on grandit dans un cadre politique \u00e9troit, mais le cosmos personnel - parent\u00e9, \u00e9cole, voisinage - est \u00e9tonnamment color\u00e9. Ce que l'on conna\u00eet de nombreuses biographies de la RDA a probablement aussi jou\u00e9 un r\u00f4le chez Liefers :<\/p>\n<ul>\n<li>Un \u00c9tat qui dicte la fa\u00e7on de penser.<\/li>\n<li>Une soci\u00e9t\u00e9 o\u00f9 l'on apprend \u00e0 \u00e9couter entre les lignes.<\/li>\n<li>Un quotidien o\u00f9 la loyaut\u00e9 et l'adaptation sont r\u00e9compens\u00e9es.<\/li>\n<\/ul>\n<p>Celui qui se forme artistiquement dans un tel environnement apprend souvent tr\u00e8s t\u00f4t \u00e0 distinguer deux niveaux : l'officiel et le personnel. Le fait que Jan-Josef Liefers devienne plus tard non seulement un amuseur, mais aussi quelqu'un qui s'engage consciemment dans les d\u00e9bats, correspond exactement \u00e0 cela. Une fois que l'on s'est habitu\u00e9 \u00e0 la v\u00e9rit\u00e9 int\u00e9rieure, on ne supporte pas \u00e0 la longue les compromis lisses et sans visage.<\/p>\n<h3>Pas de NVA, pas de baccalaur\u00e9at - le prix de sa propre attitude<\/h3>\n<p>Un point d\u00e9cisif dans la biographie de Liefers est son refus de s'engager dans l'arm\u00e9e nationale populaire (NVA). En RDA, ce n'\u00e9tait pas un petit pas. Il ne s'agissait pas d'une expression d'opinion sans engagement, mais d'un refus conscient d'un \u00e9l\u00e9ment central du syst\u00e8me. La cons\u00e9quence \u00e9tait claire : pas de service dans la NVA, pas de baccalaur\u00e9at r\u00e9gulier. Dans un \u00c9tat o\u00f9 les parcours de formation et les opportunit\u00e9s professionnelles \u00e9taient strictement planifi\u00e9s, c'\u00e9tait une v\u00e9ritable rupture. Beaucoup auraient c\u00e9d\u00e9 \u00e0 ce moment-l\u00e0, auraient sign\u00e9 pour avoir \u201ela paix\u201c. Liefers ne l'a pas fait.<\/p>\n<p>On voit d\u00e9j\u00e0 ici un mod\u00e8le qui se retrouve dans sa vie : Il s'accommode des inconv\u00e9nients personnels lorsqu'ils sont la cons\u00e9quence d'une attitude consciente. Il ne se plie pas \u00e0 tout prix au moule impos\u00e9. Il assume ses d\u00e9cisions, m\u00eame si elles sont inconfortables.<\/p>\n<p>Plus tard, il sera suivi par <em>#alles \u00e9tanches<\/em> C'est pr\u00e9cis\u00e9ment ce qu'on lui reproche : d'\u00eatre choquant, de \u201eprovoquer inutilement\u201c. Mais on voit ici que cela n'est pas tomb\u00e9 du ciel tout d'un coup, mais que cela se rattache \u00e0 une longue ligne de coh\u00e9rence.<\/p>\n<h3>Apprentissage de menuisier au Th\u00e9\u00e2tre national - un d\u00e9tour proche de la sc\u00e8ne<\/h3>\n<p>Au lieu de passer le baccalaur\u00e9at et d'\u00e9tudier directement, Liefers fait d'abord un apprentissage de menuisier - justement au Staatstheater de Dresde. A premi\u00e8re vue, cela ressemble \u00e0 un d\u00e9tour. Au deuxi\u00e8me regard, c'est presque logique : lorsque la voie directe de la formation est bloqu\u00e9e, il reste la voie de l'artisanat. Et quand on vient d'une famille de th\u00e9\u00e2tre, on ne se retrouve pas dans n'importe quel atelier, mais l\u00e0 o\u00f9 l'on construit des d\u00e9cors.<\/p>\n<p>C'est pr\u00e9cis\u00e9ment une biographie typique de la RDA : on s'arrange dans le cadre des possibilit\u00e9s - sans abandonner compl\u00e8tement le cap int\u00e9rieur. Un apprentissage de menuisier est un compromis, mais justement un compromis qui le rapproche de la sc\u00e8ne :<\/p>\n<ul>\n<li><strong>Il voit<\/strong>, comment le th\u00e9\u00e2tre est cr\u00e9\u00e9 en pratique : bois, peinture, construction.<\/li>\n<li><strong>Il vit<\/strong>, Il est difficile de savoir combien de personnes travaillent dans l'ombre pour que quelqu'un puisse \u00eatre sous les feux de la rampe.<\/li>\n<li><strong>Il apprend<\/strong>: L'art n'est pas seulement une source d'inspiration, c'est aussi un m\u00e9tier, une discipline, un travail d'\u00e9quipe.<\/li>\n<\/ul>\n<p>Cette mise \u00e0 la terre - l'alliance d'une origine artistique et d'une base artisanale - se ressent \u00e9galement plus tard dans ses r\u00f4les. Ce n'est pas quelqu'un qui ne fait \u201eque\u201c r\u00e9citer un texte. C'est quelqu'un qui sait qu'une production est un grand tout : du d\u00e9cor jusqu'au dernier accessoire.<\/p>\n<h3>\u00c9tudes d'art dramatique \u00e0 \u201eErnst Busch\u201c - la discipline plut\u00f4t que le glamour<\/h3>\n<p>A 19 ans, Liefers commence des \u00e9tudes d'art dramatique \u00e0 la <a href=\"https:\/\/www.hfs-berlin.de\" target=\"_blank\" rel=\"noopener\">\u00c9cole sup\u00e9rieure d'art dramatique<\/a> \u201eErnst Busch\u201c \u00e0 Berlin - l'une des adresses les plus prestigieuses de l'espace germanophone. En RDA, cette \u00e9cole n'\u00e9tait pas un lieu de vanit\u00e9, mais de formation rigoureuse. Ici, on ne philosophe pas dans les \u00e9missions de casting, on travaille : technique respiratoire, posture corporelle, travail sur le texte, d\u00e9veloppement des personnages. Cela signifie<\/p>\n<ul>\n<li>Il apprend le m\u00e9tier de fond en comble.<\/li>\n<li>Il est plac\u00e9 dans une tradition qui consid\u00e8re le th\u00e9\u00e2tre comme une t\u00e2che s\u00e9rieuse et sociale.<\/li>\n<li>Il int\u00e9riorise la discipline, la pr\u00e9paration et le respect du r\u00f4le.<\/li>\n<\/ul>\n<p>Quand on voit aujourd'hui l'aisance avec laquelle il joue Boerne, ce professeur \u00e0 la langue ac\u00e9r\u00e9e et souvent exag\u00e9r\u00e9e, c'est exactement le genre de l\u00e9g\u00e8ret\u00e9 qui n'est cr\u00e9dible que lorsqu'il y a une base solide en dessous.<\/p>\n<h3>Ce que cette origine signifie pour son comportement actuel<\/h3>\n<p>Pourquoi ce regard sur les origines est-il si important lorsqu'on \u00e9crit aujourd'hui sur Jan-Josef Liefers ? Parce que sinon, on risque de ne voir en lui qu'une \u201estar de Tatort\u201c ou un \u201eacteur controvers\u00e9 de #allesdichtmachen\u201c. Les deux seraient trop r\u00e9ducteurs.<\/p>\n<ul>\n<li>Il y a le <strong>Gar\u00e7on de la RDA<\/strong>, Il s'agit d'une personne qui ne choisit d\u00e9lib\u00e9r\u00e9ment pas la voie facile - adaptation, service militaire, biographie lisse.<\/li>\n<li>Il y a le <strong>jeunes artisans au th\u00e9\u00e2tre<\/strong>, Il s'agit d'un jeune homme qui apprend, avec du bois et des vis, ce que signifie concr\u00e8tement la sc\u00e8ne.<\/li>\n<li>Il y a le <strong>\u00c9tudiants en art dramatique<\/strong>, Il s'agit d'un jeune qui apprend une forme \u00e9lev\u00e9e de professionnalisme dans une \u00e9cole stricte.<\/li>\n<\/ul>\n<p>Et il y a l'homme que j'ai - comme beaucoup d'autres - tout simplement per\u00e7u \u00e0 un moment donn\u00e9 comme un \u00e9l\u00e9ment fixe du dimanche soir : comme Karl-Friedrich Boerne, qui a fait du \u201eTatort\u201c de M\u00fcnster quelque chose de propre. Un acteur dont les personnages semblent souvent survolt\u00e9s, mais qui, au fond, v\u00e9hicule toujours quelque chose de vrai et d'honn\u00eate.<\/p>\n<p>C'est pr\u00e9cis\u00e9ment pour cette raison qu'il vaut la peine d'y regarder de plus pr\u00e8s. Car si l'on veut comprendre pourquoi Jan-Josef Liefers ne c\u00e8de pas plus tard dans une atmosph\u00e8re de Corona surchauff\u00e9e, on trouve d\u00e9j\u00e0 de nombreuses r\u00e9ponses dans ces premi\u00e8res ann\u00e9es : dans une biographie qui a \u00e9t\u00e9 marqu\u00e9e d\u00e8s le d\u00e9but par une attitude, des compromis \u00e0 ses propres d\u00e9pens et une profonde compr\u00e9hension de la libert\u00e9 - pr\u00e9cis\u00e9ment parce qu'il a grandi dans un syst\u00e8me o\u00f9 la libert\u00e9 n'allait pas de soi.<\/p>\n<p><img loading=\"lazy\" decoding=\"async\" class=\"alignnone wp-image-3856 size-large\" src=\"https:\/\/www.markus-schall.de\/wp-content\/uploads\/jan-josef-liefers-theaterwerkstatt.jpg\" alt=\"Le jeune Jan-Josef Liefers \u00e0 l&#039;atelier th\u00e9\u00e2tre\" width=\"1024\" height=\"683\" srcset=\"https:\/\/www.markus-schall.de\/wp-content\/uploads\/jan-josef-liefers-theaterwerkstatt.jpg 1024w, https:\/\/www.markus-schall.de\/wp-content\/uploads\/jan-josef-liefers-theaterwerkstatt-300x200.jpg 300w, https:\/\/www.markus-schall.de\/wp-content\/uploads\/jan-josef-liefers-theaterwerkstatt-768x512.jpg 768w, https:\/\/www.markus-schall.de\/wp-content\/uploads\/jan-josef-liefers-theaterwerkstatt-18x12.jpg 18w\" sizes=\"auto, (max-width: 1024px) 100vw, 1024px\" \/><\/p>\n<h3>Discours sur l'Alexanderplatz - Entr\u00e9e dans l'appel commun \u00e0 la libert\u00e9<\/h3>\n<p>Le 4 novembre 1989 - quelques jours avant la chute du mur - Jan Josef Liefers \u00e9tait parmi les orateurs de la <a href=\"https:\/\/www.bundesregierung.de\/breg-de\/schwerpunkte\/deutsche-einheit\/demo-alexanderplatz-337004\" target=\"_blank\" rel=\"noopener\">Grand rassemblement<\/a> sur l'Alexanderplatz \u00e0 Berlin-Est : la plus grande manifestation non gouvernementale de l'histoire de la RDA, \u00e0 laquelle des centaines de milliers de personnes ont particip\u00e9.<\/p>\n<p>Dans son discours, Liefers a mis en garde avec insistance contre l'utilisation des protestations et des espoirs en cette p\u00e9riode de bouleversements comme sc\u00e8ne pour les fonctionnaires du parti ou de l'\u00c9tat. Il a appel\u00e9 \u00e0 remettre en question le r\u00f4le de leader au sein de l'\u00c9tat et \u00e0 briser les structures de pouvoir - et a plaid\u00e9 pour un socialisme d\u00e9mocratique dans lequel le pouvoir n'est pas centralis\u00e9, mais r\u00e9parti de mani\u00e8re transparente et \u00e9galitaire.<\/p>\n<p>Dans la perspective actuelle, ce discours rev\u00eat une importance particuli\u00e8re : il montre que Liefers n'\u00e9tait d\u00e9j\u00e0 pas seulement un artiste, mais aussi quelqu'un qui assumait ses responsabilit\u00e9s. Il utilisait sa voix - \u00e0 une \u00e9poque o\u00f9 de nombreuses voix s'\u00e9taient tues ou semblaient trop risqu\u00e9es \u00e0 faire entendre.<\/p>\n<h3>Une d\u00e9marche courageuse - et sa signification durable<\/h3>\n<p>Liefers lui-m\u00eame a racont\u00e9 plus tard qu'il avait eu du mal \u00e0 dormir la nuit pr\u00e9c\u00e9dant le discours - la pression \u00e9tait grande, l'incertitude palpable. Pourtant, il est mont\u00e9 sur sc\u00e8ne, non pas en tant que star acclam\u00e9e, mais en tant que jeune acteur qui pensait que le temps \u00e9tait venu o\u00f9 l'on pouvait<\/p>\n<blockquote><p><em>\u201edoit ouvrir sa gueule pour la bonne cause\u201c.<\/em><\/p><\/blockquote>\n<p>Ses paroles s'adressaient aux gens, pas aux partis. Il ne demandait pas un changement de pouvoir superficiel, mais une participation honn\u00eate et une responsabilit\u00e9 d\u00e9mocratique. Il a ainsi pos\u00e9 un jalon dont les effets se font encore sentir aujourd'hui - non seulement en tant que partie de l'histoire contemporaine allemande, mais aussi en tant qu'exemple de la mani\u00e8re dont l'art et le courage personnel peuvent se combiner.<\/p>\n<p>R\u00e9trospectivement, cette apparition appara\u00eet comme un \u00e9l\u00e9ment important dans la ligne de vie de Liefers : une d\u00e9monstration pr\u00e9coce de son attitude int\u00e9rieure, qui s'est toujours manifest\u00e9e par la suite dans les d\u00e9cisions et les controverses. Je pense que cet \u00e9pisode m\u00e9rite justement d'\u00eatre mis en avant dans notre portrait.<\/p>\n<hr \/>\n\n\t\t\t<div class=\"display-post-types\">\n\n\t\t\t\t\t\t\t<style type=\"text\/css\">\n\t\t\t#dpt-wrapper-317 { --dpt-text-align: left;--dpt-image-crop: center;--dpt-border-radius: 5px;--dpt-h-gutter: 10px;--dpt-v-gutter: 10px; }\t\t\t<\/style>\n\t\t\t<style type=\"text\/css\">#dpt-wrapper-317 { --dpt-title-font-style:normal;--dpt-title-font-weight:600;--dpt-title-line-height:1.5;--dpt-title-text-decoration:none;--dpt-title-text-transform:none;--dpt-excerpt-font-style:normal;--dpt-excerpt-font-weight:400;--dpt-excerpt-line-height:1.5;--dpt-excerpt-text-decoration:none;--dpt-excerpt-text-transform:none;--dpt-meta1-font-style:normal;--dpt-meta1-font-weight:400;--dpt-meta1-line-height:1.9;--dpt-meta1-text-decoration:none;--dpt-meta1-text-transform:none;--dpt-meta2-font-style:normal;--dpt-meta2-font-weight:400;--dpt-meta2-line-height:1.9;--dpt-meta2-text-decoration:none;--dpt-meta2-text-transform:none; }<\/style><div class=\"dpt-main-header\">\n\t\t\t\t\t\t<div class=\"dpt-main-title\">\n\t\t\t\t\t\t\t<span class=\"dpt-main-title-text\">Portraits de personnes ayant une attitude<\/span>\n\t\t\t\t\t\t<\/div>\n\t\t\t\t\t\t\n\t\t\t\t\t\t\n\t\t\t\t\t\t\n\t\t\t\t\t\t<\/div>\t\t\t\n\t\t\t\t<div id=\"dpt-wrapper-317\" class=\"dpt-wrapper dpt-mag1 land1 dpt-cropped dpt-flex-wrap\" >\n\n\t\t\t\t\t\t\t\t\t\t\t<div class=\"dpt-entry has-thumbnail\" data-title=\"wie tiere zeit wahrnehmen \u2013 und was das f\u00fcr die zukunft der ki bedeutet\" data-id=\"4918\"  data-category=\"allgemein gesellschaft ki-systeme\" data-post_tag=\"denkmodelle erfahrungen k\u00fcnstliche intelligenz llm portrait prozesse sprachmodell\">\n\t\t\t\t\t\t\t<div class=\"dpt-entry-wrapper\"><div class=\"dpt-featured-content\"><div class=\"dpt-permalink\"><a href=\"https:\/\/www.markus-schall.de\/fr\/2026\/02\/comment-les-animaux-percoivent-le-temps-et-ce-que-cela-signifie-pour-lavenir-du-ki\/\" class=\"dpt-permalink\"><span class=\"screen-reader-text\">Comment les animaux per\u00e7oivent le temps - et ce que cela signifie pour l'avenir de l'IA<\/span><\/a><\/div><div class=\"dpt-thumbnail\"><div class=\"dpt-thumbnail-inner\"><img width=\"1024\" height=\"683\" class=\"attachment-full size-full\" alt=\"Animaux, IA et perception du temps\" context=\"dpt\" data-dpt-src=\"https:\/\/www.markus-schall.de\/wp-content\/uploads\/Tiere-KI-Zeitwahrnehmung.jpg\" data-dpt-sizes=\"(max-width: 1024px) 100vw, 1024px\" data-dpt-srcset=\"https:\/\/www.markus-schall.de\/wp-content\/uploads\/Tiere-KI-Zeitwahrnehmung.jpg 1024w, https:\/\/www.markus-schall.de\/wp-content\/uploads\/Tiere-KI-Zeitwahrnehmung-300x200.jpg 300w, https:\/\/www.markus-schall.de\/wp-content\/uploads\/Tiere-KI-Zeitwahrnehmung-768x512.jpg 768w, https:\/\/www.markus-schall.de\/wp-content\/uploads\/Tiere-KI-Zeitwahrnehmung-18x12.jpg 18w\" \/><\/div><span class=\"dpt-thumbnail-aspect-ratio\" style=\"padding-top: 75%\"><\/span><\/div><\/div><div class=\"sub-entry\"><h3 class=\"dpt-title\"><a class=\"dpt-title-link\" href=\"https:\/\/www.markus-schall.de\/fr\/2026\/02\/comment-les-animaux-percoivent-le-temps-et-ce-que-cela-signifie-pour-lavenir-du-ki\/\" rel=\"bookmark\">Comment les animaux per\u00e7oivent le temps - et ce que cela signifie pour l'avenir de l'IA<\/a><\/h3><\/div><\/div>\n\t\t\t\t\t\t<\/div><!-- .dpt-entry -->\n\t\t\t\t\t\t\t\t\t\t\t\t<div class=\"dpt-entry has-thumbnail\" data-title=\"jeffrey sachs warnt deutschland: warum europas sicherheit neu gedacht werden muss\" data-id=\"4079\"  data-category=\"allgemein gesellschaft\" data-post_tag=\"deutschland energiepolitik eu-gesetze europa geopolitik krisen meinungsfreiheit portrait sicherheitspolitik\">\n\t\t\t\t\t\t\t<div class=\"dpt-entry-wrapper\"><div class=\"dpt-featured-content\"><div class=\"dpt-permalink\"><a href=\"https:\/\/www.markus-schall.de\/fr\/2025\/12\/jeffrey-sachs-met-en-garde-lallemagne-pourquoi-la-securite-de-leurope-doit-etre-repensee\/\" class=\"dpt-permalink\"><span class=\"screen-reader-text\">Jeffrey Sachs met en garde l'Allemagne : pourquoi la s\u00e9curit\u00e9 de l'Europe doit \u00eatre repens\u00e9e<\/span><\/a><\/div><div class=\"dpt-thumbnail\"><div class=\"dpt-thumbnail-inner\"><img width=\"1024\" height=\"683\" class=\"attachment-full size-full\" alt=\"Jeffrey Sachs \u00e9crit une lettre ouverte au chancelier Merz\" context=\"dpt\" data-dpt-src=\"https:\/\/www.markus-schall.de\/wp-content\/uploads\/jeffrey-sachs-bundeskanzler-eu.jpg\" data-dpt-sizes=\"(max-width: 1024px) 100vw, 1024px\" data-dpt-srcset=\"https:\/\/www.markus-schall.de\/wp-content\/uploads\/jeffrey-sachs-bundeskanzler-eu.jpg 1024w, https:\/\/www.markus-schall.de\/wp-content\/uploads\/jeffrey-sachs-bundeskanzler-eu-300x200.jpg 300w, https:\/\/www.markus-schall.de\/wp-content\/uploads\/jeffrey-sachs-bundeskanzler-eu-768x512.jpg 768w, https:\/\/www.markus-schall.de\/wp-content\/uploads\/jeffrey-sachs-bundeskanzler-eu-18x12.jpg 18w\" \/><\/div><span class=\"dpt-thumbnail-aspect-ratio\" style=\"padding-top: 75%\"><\/span><\/div><\/div><div class=\"sub-entry\"><h3 class=\"dpt-title\"><a class=\"dpt-title-link\" href=\"https:\/\/www.markus-schall.de\/fr\/2025\/12\/jeffrey-sachs-met-en-garde-lallemagne-pourquoi-la-securite-de-leurope-doit-etre-repensee\/\" rel=\"bookmark\">Jeffrey Sachs met en garde l'Allemagne : pourquoi la s\u00e9curit\u00e9 de l'Europe doit \u00eatre repens\u00e9e<\/a><\/h3><\/div><\/div>\n\t\t\t\t\t\t<\/div><!-- .dpt-entry -->\n\t\t\t\t\t\t\t\t\t\t\t\t<div class=\"dpt-entry has-thumbnail\" data-title=\"vicco von b\u00fclow alias loriot \u2013 ordnung, form und der leise widerstand des humors\" data-id=\"4169\"  data-category=\"allgemein gesellschaft kunst &amp; kultur stories &amp; humor\" data-post_tag=\"deutschland erfahrungen pers\u00f6nlichkeitsentwicklung portrait\">\n\t\t\t\t\t\t\t<div class=\"dpt-entry-wrapper\"><div class=\"dpt-featured-content\"><div class=\"dpt-permalink\"><a href=\"https:\/\/www.markus-schall.de\/fr\/2025\/12\/vicco-von-buelow-alias-loriot-lordre-la-forme-et-la-resistance-silencieuse-de-lhumour\/\" class=\"dpt-permalink\"><span class=\"screen-reader-text\">Vicco von B\u00fclow alias Loriot - L'ordre, la forme et la r\u00e9sistance silencieuse de l'humour<\/span><\/a><\/div><div class=\"dpt-thumbnail\"><div class=\"dpt-thumbnail-inner\"><img width=\"1024\" height=\"747\" class=\"attachment-full size-full\" alt=\"\" context=\"dpt\" data-dpt-src=\"https:\/\/www.markus-schall.de\/wp-content\/uploads\/Loriot-Titel.jpg\" data-dpt-sizes=\"(max-width: 1024px) 100vw, 1024px\" data-dpt-srcset=\"https:\/\/www.markus-schall.de\/wp-content\/uploads\/Loriot-Titel.jpg 1024w, https:\/\/www.markus-schall.de\/wp-content\/uploads\/Loriot-Titel-300x219.jpg 300w, https:\/\/www.markus-schall.de\/wp-content\/uploads\/Loriot-Titel-768x560.jpg 768w, https:\/\/www.markus-schall.de\/wp-content\/uploads\/Loriot-Titel-16x12.jpg 16w\" \/><\/div><span class=\"dpt-thumbnail-aspect-ratio\" style=\"padding-top: 75%\"><\/span><\/div><\/div><div class=\"sub-entry\"><h3 class=\"dpt-title\"><a class=\"dpt-title-link\" href=\"https:\/\/www.markus-schall.de\/fr\/2025\/12\/vicco-von-buelow-alias-loriot-lordre-la-forme-et-la-resistance-silencieuse-de-lhumour\/\" rel=\"bookmark\">Vicco von B\u00fclow alias Loriot - L'ordre, la forme et la r\u00e9sistance silencieuse de l'humour<\/a><\/h3><\/div><\/div>\n\t\t\t\t\t\t<\/div><!-- .dpt-entry -->\n\t\t\t\t\t\t\t\t\t\t\t\t<div class=\"dpt-entry has-thumbnail\" data-title=\"mehr als punk: nina hagen, cosma shiva und die kunst, sich nicht vereinnahmen zu lassen\" data-id=\"4521\"  data-category=\"allgemein gesellschaft kunst &amp; kultur\" data-post_tag=\"auswandern deutschland erfahrungen europa krisen meinungsfreiheit musik portrait\">\n\t\t\t\t\t\t\t<div class=\"dpt-entry-wrapper\"><div class=\"dpt-featured-content\"><div class=\"dpt-permalink\"><a href=\"https:\/\/www.markus-schall.de\/fr\/2026\/01\/plus-que-du-punk-nina-hagen-cosma-shiva-et-lart-de-ne-pas-se-laisser-accaparer\/\" class=\"dpt-permalink\"><span class=\"screen-reader-text\">Plus que du punk : Nina Hagen, Cosma Shiva et l'art de ne pas se laisser accaparer<\/span><\/a><\/div><div class=\"dpt-thumbnail\"><div class=\"dpt-thumbnail-inner\"><img width=\"1024\" height=\"683\" class=\"attachment-full size-full\" alt=\"Portrait de Nina et Cosma Shiva Hagen\" context=\"dpt\" data-dpt-src=\"https:\/\/www.markus-schall.de\/wp-content\/uploads\/Nina-Cosma-Shiva-Hagen-Titel.jpg\" data-dpt-sizes=\"(max-width: 1024px) 100vw, 1024px\" data-dpt-srcset=\"https:\/\/www.markus-schall.de\/wp-content\/uploads\/Nina-Cosma-Shiva-Hagen-Titel.jpg 1024w, https:\/\/www.markus-schall.de\/wp-content\/uploads\/Nina-Cosma-Shiva-Hagen-Titel-300x200.jpg 300w, https:\/\/www.markus-schall.de\/wp-content\/uploads\/Nina-Cosma-Shiva-Hagen-Titel-768x512.jpg 768w, https:\/\/www.markus-schall.de\/wp-content\/uploads\/Nina-Cosma-Shiva-Hagen-Titel-18x12.jpg 18w\" \/><\/div><span class=\"dpt-thumbnail-aspect-ratio\" style=\"padding-top: 75%\"><\/span><\/div><\/div><div class=\"sub-entry\"><h3 class=\"dpt-title\"><a class=\"dpt-title-link\" href=\"https:\/\/www.markus-schall.de\/fr\/2026\/01\/plus-que-du-punk-nina-hagen-cosma-shiva-et-lart-de-ne-pas-se-laisser-accaparer\/\" rel=\"bookmark\">Plus que du punk : Nina Hagen, Cosma Shiva et l'art de ne pas se laisser accaparer<\/a><\/h3><\/div><\/div>\n\t\t\t\t\t\t<\/div><!-- .dpt-entry -->\n\t\t\t\t\t\t\n\t\t\t\t<\/div>\n\t\t\t\t\t\t<\/div>\n\t\t\t\n<hr \/>\n<h2>Le chemin vers la sc\u00e8ne - et le cin\u00e9ma allemand<\/h2>\n<p>Lorsque l'on regarde la carri\u00e8re de Jan-Josef Liefers, on ne voit pas l'ascension rapide typique via les formats de casting m\u00e9diatiques ou les premiers r\u00f4les \u00e0 la t\u00e9l\u00e9vision. Son parcours est classique, traditionnel, presque artisanal - marqu\u00e9 par l'air du th\u00e9\u00e2tre, les r\u00e9p\u00e9titions sur sc\u00e8ne et de longs mois au cours desquels on se forge soi-m\u00eame et son r\u00f4le \u00e0 chaque fois. C'est une voie que l'on trouvait souvent autrefois et qui semble aujourd'hui presque un peu hors du temps. Et c'est pr\u00e9cis\u00e9ment pour cette raison que l'on ressent chez Liefers quelque chose que de nombreux acteurs modernes ne peuvent plus produire : La profondeur. De l'exp\u00e9rience. Du s\u00e9rieux.<\/p>\n<p>Son succ\u00e8s ult\u00e9rieur au cin\u00e9ma et \u00e0 la t\u00e9l\u00e9vision prend ses racines dans ces ann\u00e9es-l\u00e0, bien avant que \u201eTatort M\u00fcnster\u201c ne devienne une attraction pour le public.<\/p>\n<h3>Deutsches Theater Berlin - le d\u00e9but d'une vraie vie de professionnel<\/h3>\n<p>Apr\u00e8s avoir obtenu son dipl\u00f4me \u00e0 \u201eErnst Busch\u201c, Liefers atterrit au <a href=\"https:\/\/www.deutschestheater.de\" target=\"_blank\" rel=\"noopener\">Th\u00e9\u00e2tre allemand<\/a> \u00e0 Berlin - une maison qui, depuis des d\u00e9cennies, est synonyme de haut niveau. Ceux qui jouent ici ne sont pas form\u00e9s pour les feux de la rampe, mais pour la pr\u00e9cision. Pour la tenue. Pour le texte. Pour l'interaction avec les autres. Et c'est pr\u00e9cis\u00e9ment ce genre d'endroit qui marque durablement un acteur. C'est l\u00e0 que l'on apprend :<\/p>\n<ul>\n<li>que l'on ne \u201ema\u00eetrise\u201c pas un r\u00f4le, mais que l'on doit s'y plonger ;<\/li>\n<li>que le th\u00e9\u00e2tre n'est pas un spectacle, mais une responsabilit\u00e9 ;<\/li>\n<li>que les erreurs ne soient pas dissimul\u00e9es, mais corrig\u00e9es.<\/li>\n<\/ul>\n<p>Ces ann\u00e9es forment une attitude fondamentale que l'on reconna\u00eetra plus tard - m\u00eame devant la cam\u00e9ra : soin, profondeur, respect du personnage.<\/p>\n<h3>D\u00e9buts au cin\u00e9ma en tant qu'Alexander von Humboldt - premi\u00e8res traces au cin\u00e9ma<\/h3>\n<p>Liefers a fait ses d\u00e9buts au cin\u00e9ma dans le r\u00f4le du jeune naturaliste Alexander von Humboldt dans <a href=\"https:\/\/de.wikipedia.org\/wiki\/Die_Besteigung_des_Chimborazo\" target=\"_blank\" rel=\"noopener\">L'ascension du Chimborazo<\/a>. C'est un r\u00f4le qui ne mise pas sur des effets rapides, mais qui exige un personnage \u00e0 la fois avide de connaissances, d\u00e9termin\u00e9 et vuln\u00e9rable. Pour un acteur au d\u00e9but de sa carri\u00e8re cin\u00e9matographique, c'est remarquable : pas de second r\u00f4le \u00e0 l'eau de rose, pas de r\u00f4le de complaisance - mais un personnage historique plein d'ambigu\u00eft\u00e9.<\/p>\n<p>On voit d\u00e9j\u00e0 comment le secteur le per\u00e7oit : comme quelqu'un qui peut repr\u00e9senter la profondeur, et pas seulement l'accessoire.<\/p>\n<h3>Perc\u00e9e avec \u201eRossini\u201c - la porte s'ouvre au grand cin\u00e9ma<\/h3>\n<p>La v\u00e9ritable perc\u00e9e a lieu en 1996 avec le classique d'Helmut Dietl <a href=\"https:\/\/de.wikipedia.org\/wiki\/Rossini_\u2013_oder_die_m\u00f6rderische_Frage,_wer_mit_wem_schlief\" target=\"_blank\" rel=\"noopener\">Rossini<\/a> - ou la question meurtri\u00e8re de savoir qui a couch\u00e9 avec qui. Un film qui parodie et c\u00e9l\u00e8bre en m\u00eame temps l'industrie du divertissement allemand - et qui n\u00e9cessite des acteurs brillants qui ma\u00eetrisent ce jeu ironique. Et c'est l\u00e0 que Liefers montre quelque chose qui le caract\u00e9rise encore aujourd'hui :<\/p>\n<p>Il peut montrer \u00e0 la fois l'humour et la gravit\u00e9, la vanit\u00e9 et la fragilit\u00e9, l'ego et la vuln\u00e9rabilit\u00e9, sans que cela paraisse construit. Ce film lui ouvre la porte pour tout ce qui suivra. Car avec Rossini, il ne se fait pas seulement conna\u00eetre d'un large public, mais aussi d'un entourage de r\u00e9alisateurs et de producteurs qui reconnaissent : Cet homme a du caract\u00e8re. Cet homme a de la profondeur. Cet homme peut porter.<\/p>\n<h3>Lieu du crime \u00e0 M\u00fcnster - naissance du personnage de Karl-Friedrich Boerne<\/h3>\n<p>En 2002, Liefers reprend le r\u00f4le pour lequel presque tout le monde le conna\u00eet : Karl-Friedrich Boerne, le m\u00e9decin l\u00e9giste narcissique, plein d'esprit et parfois impitoyablement pr\u00e9tentieux dans le \u201e<a href=\"https:\/\/www.ardmediathek.de\/tatort\" target=\"_blank\" rel=\"noopener\"><strong>Lieu du crime<\/strong><\/a>\u201c de M\u00fcnster. Un personnage qui, sur le papier, pourrait facilement basculer dans le ridicule - trop excentrique, trop d\u00e9cal\u00e9, trop exag\u00e9r\u00e9.<\/p>\n<p>Mais c'est pr\u00e9cis\u00e9ment ce qui n'arrive pas. Et c'est le m\u00e9rite de Liefers. Il joue Boerne de telle mani\u00e8re que l'on peut \u00e0 la fois sourire, l'admirer et parfois m\u00eame le comprendre. L'humour est l\u00e0, mais derri\u00e8re, il y a toujours une \u00e9tincelle de v\u00e9rit\u00e9. L'homme n'est pas seulement une caricature, mais un personnage avec une histoire. Ce qui rend Boerne si populaire, c'est l'interaction entre<\/p>\n<ul>\n<li>langue ac\u00e9r\u00e9e,<\/li>\n<li>une perception exag\u00e9r\u00e9e de soi,<\/li>\n<li>une intelligence brillante,<\/li>\n<li>et une humanit\u00e9 surprenante, souvent cach\u00e9e.<\/li>\n<\/ul>\n<p>Personnellement, j'ai toujours aim\u00e9 le voir dans ce r\u00f4le parce qu'il incarne quelque chose qui est devenu rare \u00e0 la t\u00e9l\u00e9vision allemande : un personnage avec des ar\u00eates. Et les ar\u00eates ont toujours une biographie - une vraie biographie v\u00e9cue.<\/p>\n<h3>Polyvalence devant et derri\u00e8re la cam\u00e9ra - un cr\u00e9ateur, pas une \u201estar consommable\u201c.\u201c<\/h3>\n<p>En plus d'\u00eatre acteur, Liefers est \u00e9galement musicien, occasionnellement r\u00e9alisateur et producteur. Cela montre qu'il ne consid\u00e8re pas son travail comme un \u201ejob\u201c, mais comme une cr\u00e9ation globale. L'un \u00e9crit, l'autre joue, le suivant produit - mais en r\u00e9alit\u00e9, tout est li\u00e9.<br \/>\nCelui qui fait de la musique ressent le rythme dans le jeu.<\/p>\n<ul>\n<li>Celui qui met en sc\u00e8ne comprend mieux la dramaturgie.<\/li>\n<li>Celui qui produit reconna\u00eet sa responsabilit\u00e9 pour l'ensemble de l'\u0153uvre.<\/li>\n<\/ul>\n<p>Cette compr\u00e9hension de l'ensemble est rare, car de nombreuses carri\u00e8res se font aujourd'hui rapidement et superficiellement et disparaissent tout aussi rapidement. Chez Liefers, c'est diff\u00e9rent. Sa carri\u00e8re se d\u00e9veloppe de mani\u00e8re organique, par couches successives, chaque exp\u00e9rience s'appuyant sur la pr\u00e9c\u00e9dente.<\/p>\n<p>Ce n'est pas un acteur m\u00e9diatique interchangeable. C'est quelqu'un qui cr\u00e9e - consciemment, de mani\u00e8re r\u00e9fl\u00e9chie et dans le respect de la tradition de son m\u00e9tier.<\/p>\n<p><img loading=\"lazy\" decoding=\"async\" class=\"alignnone wp-image-3857 size-large\" src=\"https:\/\/www.markus-schall.de\/wp-content\/uploads\/jan-josef-liefers-tatort.jpg\" alt=\"Jan-Josef Liefers dans le r\u00f4le du professeur Boerne dans la sc\u00e8ne de crime\" width=\"1024\" height=\"683\" srcset=\"https:\/\/www.markus-schall.de\/wp-content\/uploads\/jan-josef-liefers-tatort.jpg 1024w, https:\/\/www.markus-schall.de\/wp-content\/uploads\/jan-josef-liefers-tatort-300x200.jpg 300w, https:\/\/www.markus-schall.de\/wp-content\/uploads\/jan-josef-liefers-tatort-768x512.jpg 768w, https:\/\/www.markus-schall.de\/wp-content\/uploads\/jan-josef-liefers-tatort-18x12.jpg 18w\" sizes=\"auto, (max-width: 1024px) 100vw, 1024px\" \/><\/p>\n<h2>Ce que ce parcours r\u00e9v\u00e8le de son caract\u00e8re<\/h2>\n<p>Cette deuxi\u00e8me partie de sa vie - th\u00e9\u00e2tre, cin\u00e9ma, t\u00e9l\u00e9vision - montre quelque chose que l'on a tendance \u00e0 oublier \u00e0 l'\u00e8re des attentions rapides : Le succ\u00e8s ne vient pas du jour au lendemain. Il se construit sur des d\u00e9cennies. On le voit chez Liefers :<\/p>\n<ul>\n<li>un homme qui prend son m\u00e9tier au s\u00e9rieux,<\/li>\n<li>qui a d\u00fb faire ses preuves sur sc\u00e8ne,<\/li>\n<li>qui s'est d\u00e9velopp\u00e9 gr\u00e2ce \u00e0 des r\u00f4les, pas \u00e0 la publicit\u00e9,<\/li>\n<li>et qui assume la responsabilit\u00e9 de son art.<\/li>\n<\/ul>\n<p>C'est pourquoi il semble si stable aujourd'hui. C'est pourquoi il n'est pas nerveux face \u00e0 la controverse. Et c'est pourquoi on sent chez lui un vieil honneur d'acteur, presque traditionnel - quelque chose que l'on ne peut pas apprendre si l'on est expos\u00e9 trop t\u00f4t \u00e0 la lumi\u00e8re crue. Son parcours artistique parle de coh\u00e9rence. De l'application. Et d'une capacit\u00e9 devenue rare aujourd'hui : la pers\u00e9v\u00e9rance.<\/p>\n<p>Lorsqu'on observe Jan-Josef Liefers dans ses r\u00f4les, on remarque rapidement qu'il y a plus que de la pure technique d'acteur qui r\u00e9sonne. Il apporte quelque chose qu'on ne peut pas jouer : une boussole int\u00e9rieure. Ce m\u00e9lange d'humour fin, d'acuit\u00e9 intellectuelle et parfois d'ent\u00eatement n'est pas le fruit du hasard - il r\u00e9sulte d'une biographie marqu\u00e9e par l'exp\u00e9rience de la RDA, la discipline artistique et une certaine r\u00e9sistance \u00e0 la pression de l'adaptation.<\/p>\n<p>Ceux qui l'ont accompagn\u00e9 pendant des ann\u00e9es dans \u201eTatort\u201c le sentent bien : derri\u00e8re l'ironie et l'arrogance de Boerne se cache un acteur qui s'observe lui-m\u00eame et observe le monde avec beaucoup d'attention. Et quelqu'un qui aborde les choses lorsqu'elles lui semblent importantes - m\u00eame si cela devient inconfortable.<\/p>\n<h3>Le perfectionniste silencieux - l'art comme responsabilit\u00e9<\/h3>\n<p>De l'ext\u00e9rieur, Liefers semble souvent d\u00e9contract\u00e9, presque amus\u00e9 par les choses qui l'entourent. Mais en y regardant de plus pr\u00e8s, on reconna\u00eet le perfectionniste.<br \/>\nUn acteur qui<\/p>\n<ul>\n<li>s'impr\u00e8gne des textes au lieu de les d\u00e9biter par c\u0153ur,<\/li>\n<li>comprend les personnages d'un point de vue psychologique au lieu de les imiter,<\/li>\n<li>et garde toujours une certaine \u00e9l\u00e9gance, m\u00eame dans les r\u00f4les exag\u00e9r\u00e9s.<\/li>\n<\/ul>\n<p>Cette attitude int\u00e9rieure n'a rien de bruyant. Elle est silencieuse, concentr\u00e9e, s\u00e9rieuse. Et elle explique aussi pourquoi il ne c\u00e8de pas imm\u00e9diatement plus tard dans les d\u00e9bats politiques. Celui qui s'est habitu\u00e9 \u00e0 la v\u00e9rit\u00e9 et \u00e0 l'exactitude accepte difficilement d'\u00eatre pouss\u00e9 \u00e0 la complaisance.<\/p>\n<h3>L'humour comme protection et comme outil<\/h3>\n<p>L'humour joue un r\u00f4le central chez Liefers. Mais pas sous forme de punchlines plates, plut\u00f4t comme un outil subtil. Il utilise l'humour pour :<\/p>\n<ul>\n<li>rendre visibles les distorsions sociales,<\/li>\n<li>d\u00e9samorcer la complexit\u00e9,<\/li>\n<li>garder ses distances quand c'est n\u00e9cessaire.<\/li>\n<\/ul>\n<p>C'est justement dans ses interviews que l'on sent que son ironie n'est pas l\u00e9g\u00e8re. Elle est r\u00e9fl\u00e9chie. Elle est m\u00eame souvent un m\u00e9canisme de protection - un moyen de rester libre d'esprit dans les moments difficiles.<\/p>\n<h3>L'authenticit\u00e9 plut\u00f4t que l'opportunisme<\/h3>\n<p>Le mot \u201eattitude\u201c est souvent utilis\u00e9 de mani\u00e8re inflationniste. Chez Liefers, ce n'est pas un mot \u00e0 la mode, mais une r\u00e9alit\u00e9 v\u00e9cue. Il n'est pas du genre \u00e0 changer d'avis du jour au lendemain, juste parce que le vent tourne. Il n'est pas non plus du genre \u00e0 s'adoucir lorsqu'un d\u00e9bat devient d\u00e9sagr\u00e9able. On n'est pas oblig\u00e9 de l'approuver en tout - mais on le sent :<\/p>\n<ul>\n<li>Il pense ce qu'il dit.<\/li>\n<li>Il dit ce qu'il pense.<\/li>\n<li>Et il en assume les cons\u00e9quences.<\/li>\n<\/ul>\n<p>C'est l'une des raisons pour lesquelles beaucoup le respectent, m\u00eame s'ils ne sont pas d'accord avec lui.<\/p>\n<h3>Soutien priv\u00e9 - la famille comme ancre de stabilit\u00e9<\/h3>\n<p>Dans sa vie priv\u00e9e, Liefers vit dans un environnement qui lui apporte de la stabilit\u00e9. Son couple, ses enfants, son foyer en dehors du feu m\u00e9diatique permanent - tout cela lui permet de garder les pieds sur terre. De tels ancrages biographiques permettent \u00e0 quelqu'un comme lui de ne pas vaciller lorsque la critique publique se fait entendre.<\/p>\n<p>Celui qui est stable \u00e0 l'int\u00e9rieur r\u00e9siste mieux \u00e0 l'ext\u00e9rieur.<\/p>\n<div class=\"lyte-wrapper\" style=\"width:640px;max-width:100%;margin:5px;\"><div class=\"lyMe\" id=\"WYL_ZAnwfEbmN7A\"><div id=\"lyte_ZAnwfEbmN7A\" data-src=\"https:\/\/www.markus-schall.de\/wp-content\/plugins\/wp-youtube-lyte\/lyteCache.php?origThumbUrl=%2F%2Fi.ytimg.com%2Fvi%2FZAnwfEbmN7A%2Fhqdefault.jpg\" class=\"pL\"><div class=\"tC\"><div class=\"tT\"><\/div><\/div><div class=\"play\"><\/div><div class=\"ctrl\"><div class=\"Lctrl\"><\/div><div class=\"Rctrl\"><\/div><\/div><\/div><noscript><a href=\"https:\/\/youtu.be\/ZAnwfEbmN7A\" rel=\"nofollow noopener\" target=\"_blank\"><img loading=\"lazy\" decoding=\"async\" src=\"https:\/\/www.markus-schall.de\/wp-content\/plugins\/wp-youtube-lyte\/lyteCache.php?origThumbUrl=https%3A%2F%2Fi.ytimg.com%2Fvi%2FZAnwfEbmN7A%2F0.jpg\" alt=\"Vignette de la vid\u00e9o YouTube\" width=\"640\" height=\"340\" \/><br \/>Lire cette vid\u00e9o sur YouTube<\/a><\/noscript><\/div><\/div><div class=\"lL\" style=\"max-width:100%;width:640px;margin:5px;\"><\/div><br \/>\nNOUS SOMMES 30 | Divertissement : Jan Josef Liefers et Axel Prahl | <a href=\"https:\/\/www.youtube.com\/@RBBradioeins\" target=\"_blank\" rel=\"noopener\">radioeins<\/a><\/p>\n<h2>L'action #allesdichtmachen - une tentative satirique explosive<\/h2>\n<p>Au printemps 2021, Liefers participe \u00e0 l'action <a href=\"https:\/\/de.wikipedia.org\/wiki\/Allesdichtmachen\" target=\"_blank\" rel=\"noopener\">#alles \u00e9tanches<\/a> - d'une s\u00e9rie de vid\u00e9os satiriques dans lesquelles plusieurs acteurs <a href=\"https:\/\/www.markus-schall.de\/fr\/2025\/11\/dou-vient-sars-cov-2-un-apercu-factuel-de-toutes-les-theories-corona\/\"><strong>Mesures Corona<\/strong><\/a> commenter.<\/p>\n<ul>\n<li>La forme \u00e9tait provocante.<\/li>\n<li>Le message \u00e9tait \u00e0 plusieurs niveaux.<\/li>\n<li>La r\u00e9action a \u00e9t\u00e9 violente.<\/li>\n<\/ul>\n<p>Alors que de nombreuses personnes impliqu\u00e9es se sont rapidement distanci\u00e9es publiquement sous la pression, Liefers a fait autre chose : il a expliqu\u00e9 sa motivation, l'a assum\u00e9e - et n'a pas fait marche arri\u00e8re. Il a d\u00e9clar\u00e9 en substance : \"Il s'agissait pour lui de critiquer les m\u00e9dias, de se demander dans quelle mesure une crise est pr\u00e9sent\u00e9e de mani\u00e8re \u00e9quilibr\u00e9e et si la contradiction est encore accept\u00e9e.<\/p>\n<p>Il a ainsi touch\u00e9 une corde sensible.<\/p>\n<h3>Critiques, reproches et l'art de tenir bon<\/h3>\n<p>Bien s\u00fbr, les critiques ont fus\u00e9. De mani\u00e8re violente. Rapidement, sans doute. En partie injustes. On lui a reproch\u00e9 d'\u00eatre cynique, insensible, trop proche des mauvais groupes. Et pourtant, c'est l\u00e0 que sa biographie s'est r\u00e9v\u00e9l\u00e9e : il s'est clairement distanci\u00e9 des mouvements extr\u00eames. Mais il ne s'excusait pas pour ce qu'il voulait dire. Il s'en est tenu \u00e0 sa position de base - sans pose th\u00e9\u00e2trale de victime.<\/p>\n<p>C'est justement ce point qui le rend int\u00e9ressant. Car \u00e0 une \u00e9poque o\u00f9 de nombreuses c\u00e9l\u00e9brit\u00e9s adaptent leur opinion \u00e0 la minute, quelqu'un qui reste fid\u00e8le \u00e0 ses valeurs m\u00eame sous pression semble presque d\u00e9mod\u00e9 - dans le meilleur sens du terme.<\/p>\n<h3>Pourquoi cet \u00e9pisode l'a marqu\u00e9 jusqu'\u00e0 aujourd'hui<\/h3>\n<p><em>#alles \u00e9tanches<\/em> a montr\u00e9 quelque chose que l'on a toujours pu deviner chez Liefers : Il n'est pas du genre \u00e0 chercher les conflits. Mais lorsqu'ils se pr\u00e9sentent, il ne les \u00e9vite pas.<\/p>\n<p>C'est l'attitude d'une personne qui a grandi dans un pays o\u00f9 la critique n'\u00e9tait pas pr\u00e9vue. Et qui sait donc tr\u00e8s bien \u00e0 quel point il est important de pouvoir l'exprimer malgr\u00e9 tout - surtout dans les moments difficiles.<\/p>\n<p>Derri\u00e8re l'acteur se cache une personne s\u00e9rieuse et r\u00e9fl\u00e9chie. Son humour est un outil, pas un masque. Son exp\u00e9rience de la RDA lui a donn\u00e9 un sens aigu de la libert\u00e9 et de la responsabilit\u00e9. Il assume ses convictions, m\u00eame lorsque les vents sont contraires. Il est pr\u00eat \u00e0 clarifier les malentendus - mais pas \u00e0 faire preuve d'opportunisme.<\/p>\n<p>Et c'est pr\u00e9cis\u00e9ment pour cette raison qu'il appara\u00eet aujourd'hui comme quelqu'un qui ne se contente pas de jouer des personnages, mais qui suit une ligne claire et reconnaissable dans sa propre vie.<\/p>\n<h3>Dieter Bohlen, un exemple de responsabilit\u00e9 personnelle<\/h3>\n<p>Ceux qui suivent mes articles le savent : Jan-Josef Liefers n'est pas le seul \u00e0 adopter cette forme de mode de vie coh\u00e9rent. Il y a peu de temps, j'ai d\u00e9j\u00e0 publi\u00e9 un article d\u00e9taill\u00e9 sur <a href=\"https:\/\/www.markus-schall.de\/fr\/2025\/12\/pourquoi-dieter-bohlen-parle-quand-dautres-se-taisent-un-portrait-sur-le-travail-et-la-clarte\/\"><strong>Portrait de Dieter Bohlen<\/strong><\/a> un caract\u00e8re totalement diff\u00e9rent, avec une \u00e9nergie totalement diff\u00e9rente, d'autres formes d'expression, un autre temp\u00e9rament. Et pourtant, quelque chose de d\u00e9cisif les relie :<\/p>\n<p>Tous deux assument la responsabilit\u00e9 de leur vie, sans excuses, sans pr\u00e9tention, sans attendre que quelqu'un d'autre s'en charge. Bohlen repr\u00e9sente la discipline, la clart\u00e9 entrepreneuriale et une honn\u00eatet\u00e9 presque cassante ; Liefers la profondeur artistique, une attitude r\u00e9fl\u00e9chie et le courage de rester droit m\u00eame dans les moments difficiles. Deux voies diff\u00e9rentes, deux personnalit\u00e9s diff\u00e9rentes - mais le m\u00eame noyau : la responsabilit\u00e9 personnelle. Et c'est pr\u00e9cis\u00e9ment pour cette raison qu'ils fonctionnent tous deux comme mod\u00e8les, chacun \u00e0 sa mani\u00e8re.<\/p>\n<hr \/>\n<h3>Dernier sondage sur la confiance dans la politique<\/h3>\n<div class='bootstrap-yop yop-poll-mc'>\n\t\t\t\t\t\t\t<div class=\"basic-yop-poll-container\" style=\"background-color:#ffffff; border:0px; border-style:solid; border-color:#000000; border-radius:5px; padding:0px 5px;\" data-id=\"1\" data-temp=\"basic-pretty\" data-skin=\"square\" data-cscheme=\"blue\" data-cap=\"0\" data-access=\"guest\" data-tid=\"\" data-uid=\"5eef17c0a61770563e86be9f792c9b95\" data-pid=\"4521\" data-resdet=\"votes-number,percentages\" data-show-results-to=\"guest\" data-show-results-moment=\"after-vote\" data-show-results-only=\"false\" data-show-message=\"true\" data-show-results-as=\"bar\" data-sort-results-by=\"as-defined\" data-sort-results-rule=\"asc\"data-is-ended=\"0\" data-percentages-decimals=\"2\" data-gdpr=\"no\" data-gdpr-sol=\"consent\" data-css=\"\" data-counter=\"0\" data-load-with=\"1\" data-notification-section=\"top\"><div class=\"row\"><div class=\"col-md-12\"><div class=\"basic-inner\"><div class=\"basic-message hide\" style=\"border-left: 10px solid #008000; padding: 0px 10px;\" data-error=\"#ff0000\" data-success=\"#008000\"><p class=\"basic-message-text\" style=\"color:#000000; font-size:14px; font-weight:normal;\"><\/p><\/div><div class=\"basic-overlay hide\"><div class=\"basic-vote-options\"><\/div><div class=\"basic-preloader\"><div class=\"basic-windows8\"><div class=\"basic-wBall basic-wBall_1\"><div class=\"basic-wInnerBall\"><\/div><\/div><div class=\"basic-wBall basic-wBall_2\"><div class=\"basic-wInnerBall\"><\/div><\/div><div class=\"basic-wBall basic-wBall_3\"><div class=\"basic-wInnerBall\"><\/div><\/div><div class=\"basic-wBall basic-wBall_4\"><div class=\"basic-wInnerBall\"><\/div><\/div><div class=\"basic-wBall basic-wBall_5\"><div class=\"basic-wInnerBall\"><\/div><\/div><\/div><\/div><\/div><form class=\"basic-form\" action=\"\"><input type=\"hidden\" name=\"_token\" value=\"49f1826cce\" autocomplete=\"off\"><div class=\"basic-elements\"><div class=\"basic-element basic-question basic-question-text-vertical\" data-id=\"1\" data-uid=\"07f177c2add78de004b7dd2d217e938a\" data-type=\"question\" data-question-type=\"text\" data-required=\"yes\" data-allow-multiple=\"no\" data-min=\"1\" data-max=\"1\" data-display=\"vertical\" data-colnum=\"\" data-display-others=\"no\" data-others-color=\"\" data-others=\"\" data-others-max-chars=\"0\"><div class=\"basic-question-title\"><h5 style=\"color:#000000; font-size:16px; font-weight:normal; text-align:left;\">Quelle est ta confiance dans la politique et les m\u00e9dias en Allemagne ?<\/h5><\/div><ul class=\"basic-answers\"><li class=\"basic-answer\" style=\"padding:0px 0px;\" data-id=\"1\" data-type=\"text\" data-vn=\"10\" data-color=\"#000000\" data-make-link=\"no\" data-link=\"\"><div class=\"basic-answer-content basic-text-vertical\"><label for=\"answer[1]\" class=\"basic-answer-label\"><input type=\"radio\" id=\"answer[1]\" name=\"answer[1]\" value=\"1\"><span class=\"basic-text\" style=\"color: #000000; font-size: 14px; font-weight: normal;\">Tr\u00e8s \u00e9lev\u00e9 - J'ai une confiance absolue dans les organismes officiels<\/span><\/label><\/div><\/li><li class=\"basic-answer\" style=\"padding:0px 0px;\" data-id=\"2\" data-type=\"text\" data-vn=\"22\" data-color=\"#000000\" data-make-link=\"no\" data-link=\"\"><div class=\"basic-answer-content basic-text-vertical\"><label for=\"answer[2]\" class=\"basic-answer-label\"><input type=\"radio\" id=\"answer[2]\" name=\"answer[1]\" value=\"2\"><span class=\"basic-text\" style=\"color: #000000; font-size: 14px; font-weight: normal;\">Moyen - Je suis prudent, mais pas fondamentalement m\u00e9fiant<\/span><\/label><\/div><\/li><li class=\"basic-answer\" style=\"padding:0px 0px;\" data-id=\"3\" data-type=\"text\" data-vn=\"53\" data-color=\"#000000\" data-make-link=\"no\" data-link=\"\"><div class=\"basic-answer-content basic-text-vertical\"><label for=\"answer[3]\" class=\"basic-answer-label\"><input type=\"radio\" id=\"answer[3]\" name=\"answer[1]\" value=\"3\"><span class=\"basic-text\" style=\"color: #000000; font-size: 14px; font-weight: normal;\">Faible - Je v\u00e9rifie beaucoup de choses moi-m\u00eame<\/span><\/label><\/div><\/li><li class=\"basic-answer\" style=\"padding:0px 0px;\" data-id=\"4\" data-type=\"text\" data-vn=\"251\" data-color=\"#000000\" data-make-link=\"no\" data-link=\"\"><div class=\"basic-answer-content basic-text-vertical\"><label for=\"answer[4]\" class=\"basic-answer-label\"><input type=\"radio\" id=\"answer[4]\" name=\"answer[1]\" value=\"4\"><span class=\"basic-text\" style=\"color: #000000; font-size: 14px; font-weight: normal;\">Pratiquement inexistant - Je pense que beaucoup de choses sont dissimul\u00e9es ou mises en sc\u00e8ne<\/span><\/label><\/div><\/li><\/ul><\/div><div class=\"clearfix\"><\/div><\/div><div class=\"basic-vote\"><a href=\"#\" class=\"button basic-vote-button\" role=\"button\" style=\"background:#027bb8; border:0px; border-style: solid; border-color:#1636f0; border-radius:5px; padding:10px 10px; color:#ffffff; font-size:14px; font-weight:normal;\">Votez<\/a><\/div><input type=\"hidden\" name=\"trp-form-language\" value=\"fr\"\/><\/form><\/div><\/div><\/div><\/div>\n\t\t\t\t\t\t<\/div>\n<hr \/>\n<h2>L'impact aujourd'hui : un artiste qui ne se plie pas en quatre<\/h2>\n<p>Quand on regarde Jan-Josef Liefers aujourd'hui, on voit un homme qui a depuis longtemps d\u00e9pass\u00e9 les limites du m\u00e9tier d'acteur. Non pas parce qu'il voulait devenir un activiste politique ou qu'il cherchait un r\u00f4le en dehors de la sc\u00e8ne - au contraire. C'est justement parce qu'il se concentre sur son m\u00e9tier et reste fid\u00e8le \u00e0 lui-m\u00eame qu'il devient une personnalit\u00e9 qui agit. Pas bruyante. Pas en donnant des le\u00e7ons. Mais de mani\u00e8re constante.<\/p>\n<p>Son parcours montre \u00e0 quel point la stabilit\u00e9 r\u00e9sulte de l'existence d'une ligne de conduite claire dans la vie. Et cette ligne se retrouve dans tout ce qu'il fait :<br \/>\npar ses r\u00f4les, ses interviews, ses r\u00e9actions publiques - et par sa volont\u00e9 d'assumer ses responsabilit\u00e9s sans tomber dans la revendication.<\/p>\n<h3>Liefers, figure symbolique de l'attitude int\u00e9rieure<\/h3>\n<p>Sans qu'il y aspire consciemment, Liefers est devenu une sorte de symbole pour de nombreuses personnes. Non pas de r\u00e9bellion ou de r\u00e9sistance, mais de quelque chose de bien plus ancien : la colonne vert\u00e9brale.<\/p>\n<p>Il rappelle qu'\u00e0 une \u00e9poque d'indignation permanente et de surchauffe morale, il est pr\u00e9cieux que quelqu'un ne se mette pas imm\u00e9diatement \u00e0 genoux. Quand quelqu'un explique son opinion au lieu de se r\u00e9tracter. Quand quelqu'un est pr\u00eat \u00e0 clarifier des malentendus sans se renier lui-m\u00eame. Cela ne fait pas de lui un h\u00e9ros - mais quelqu'un dont l'attitude est prise au s\u00e9rieux.<\/p>\n<h3>La perception du public au-del\u00e0 du bruit<\/h3>\n<p>Apr\u00e8s les d\u00e9bats houleux de ces derni\u00e8res ann\u00e9es, on constate un ph\u00e9nom\u00e8ne int\u00e9ressant : Liefers n'est pas sorti endommag\u00e9 de la controverse, mais a m\u00fbri. De nombreuses personnes ont depuis longtemps laiss\u00e9 derri\u00e8re elles l'excitation de 2021. Il ne reste plus qu'une constatation sobre : on peut \u00eatre pass\u00e9 \u00e0 la post\u00e9rit\u00e9 sans \u00eatre incontest\u00e9. On peut penser de mani\u00e8re diff\u00e9renci\u00e9e sans plaire \u00e0 tout le monde. Et on peut critiquer sans \u00eatre destructeur.<\/p>\n<p>Sa r\u00e9putation d'acteur est rest\u00e9e stable. Le \u201eTatort\u201c continue de tourner, les spectateurs aiment son personnage et la branche ne l'a pas exclu du cercle des respect\u00e9s - cela aussi en dit long sur la qualit\u00e9 de sa profession.<\/p>\n<h3>Influence sur la culture et la soci\u00e9t\u00e9<\/h3>\n<p>Que reste-t-il alors ? Un homme comme Liefers montre que l'art n'est pas seulement un divertissement. Il est l'expression de la libert\u00e9, de la friction, de la perspective. Et un acteur n'est pas seulement quelqu'un qui r\u00e9cite des textes. Il est un miroir culturel - parfois poli, parfois d\u00e9form\u00e9, parfois plus inconfortable que pr\u00e9vu.<\/p>\n<p>Liefers prouve qu'en tant qu'artiste, on peut montrer une attitude sans se lier \u00e0 une id\u00e9ologie. Que l'on peut \u00eatre critique, car la critique est le moteur de toute \u00e9volution. Et que l'on a le droit de poser des questions, surtout lorsque certains essaient de les \u00e9viter.<\/p>\n<h3>Pourquoi sa socialisation en RDA joue-t-elle un r\u00f4le ?<\/h3>\n<p>Celui qui comprend d'o\u00f9 vient Liefers comprend aussi pourquoi le th\u00e8me de la libert\u00e9 et de la diversit\u00e9 d'opinion est important pour lui. C'est quelqu'un qui a v\u00e9cu \u00e0 quel point un syst\u00e8me peut devenir \u00e9troit. Et quelqu'un qui sait que la libert\u00e9 ne va pas de soi, mais qu'elle doit \u00eatre cultiv\u00e9e - dans la vie quotidienne, dans les conversations, mais aussi dans l'art et les m\u00e9dias.<\/p>\n<p>Ce pass\u00e9 ne le rend pas infaillible, mais il permet de comprendre sa motivation. On remarque qu'il ne parle pas par d\u00e9pit, mais par exp\u00e9rience.<\/p>\n<h3>Regarder vers l'avant - un artiste qui a de l'avenir et non du pass\u00e9<\/h3>\n<p>Jan-Josef Liefers n'est pas \u00e0 un point final, mais au milieu de la vie. Ses r\u00f4les \u00e9voluent, de nouveaux projets voient le jour et son regard sur le monde reste curieux et \u00e9veill\u00e9. Il n'est pas quelqu'un qui se repose sur ses succ\u00e8s pass\u00e9s, mais quelqu'un qui pense toujours \u00e0 l'avenir - sans oublier ses racines. C'est ce qui fait de lui une personnalit\u00e9 qui perdure. Et un artiste qui ne se contente pas d'accompagner l'\u00e9poque \u00e0 venir, mais qui la marque de son empreinte.<\/p>\n<p>Si l'on prend le temps d'observer la vie et l'\u0153uvre de Jan-Josef Liefers, une chose est claire : il y a l\u00e0 un homme qui n'a pas con\u00e7u son parcours comme une carri\u00e8re lisse, mais comme une forme de responsabilit\u00e9 - envers lui-m\u00eame et envers la soci\u00e9t\u00e9.<\/p>\n<p>Il n'est pas parfait. Il n'est pas profil\u00e9. Mais il est authentique. Et c'est justement pour cela qu'il touche les gens, bien au-del\u00e0 de ses r\u00f4les. Ses origines en RDA l'ont marqu\u00e9. Son parcours au th\u00e9\u00e2tre, au cin\u00e9ma et \u00e0 la t\u00e9l\u00e9vision l'a fa\u00e7onn\u00e9. Ses d\u00e9cisions prises dans des moments difficiles ont affin\u00e9 son caract\u00e8re. Et son attitude, coh\u00e9rente et sans arrogance, fait de lui une personnalit\u00e9 que l'on peut prendre au s\u00e9rieux.<\/p>\n<p>C'est peut-\u00eatre justement le message le plus important de ce portrait : qu'un artiste ne devient pas grand en plaisant \u00e0 tout le monde, mais en restant fid\u00e8le \u00e0 lui-m\u00eame. Jan-Josef Liefers montre combien il y a de force et de dignit\u00e9 dans le fait qu'un homme garde sa propre boussole - ind\u00e9pendamment du bruit que fait le monde autour de lui.<\/p>\n<p>Un principe calme et d\u00e9mod\u00e9, peut-\u00eatre. Mais un principe qui reprend de l'importance \u00e0 notre \u00e9poque.<\/p>\n<hr \/>\n\n\t\t\t<div class=\"display-post-types\">\n\n\t\t\t\t\t\t\t<style type=\"text\/css\">\n\t\t\t#dpt-wrapper-318 { --dpt-text-align: left;--dpt-image-crop: center;--dpt-border-radius: 5px;--dpt-h-gutter: 10px;--dpt-v-gutter: 9px; }\t\t\t<\/style>\n\t\t\t<style type=\"text\/css\">#dpt-wrapper-318 { --dpt-title-font-style:normal;--dpt-title-font-weight:600;--dpt-title-line-height:1.5;--dpt-title-text-decoration:none;--dpt-title-text-transform:none;--dpt-excerpt-font-style:normal;--dpt-excerpt-font-weight:400;--dpt-excerpt-line-height:1.5;--dpt-excerpt-text-decoration:none;--dpt-excerpt-text-transform:none;--dpt-meta1-font-style:normal;--dpt-meta1-font-weight:400;--dpt-meta1-line-height:1.9;--dpt-meta1-text-decoration:none;--dpt-meta1-text-transform:none;--dpt-meta2-font-style:normal;--dpt-meta2-font-weight:400;--dpt-meta2-line-height:1.9;--dpt-meta2-text-decoration:none;--dpt-meta2-text-transform:none; }<\/style><div class=\"dpt-main-header\">\n\t\t\t\t\t\t<div class=\"dpt-main-title\">\n\t\t\t\t\t\t\t<span class=\"dpt-main-title-text\">Th\u00e8mes de soci\u00e9t\u00e9 contemporains<\/span>\n\t\t\t\t\t\t<\/div>\n\t\t\t\t\t\t\n\t\t\t\t\t\t\n\t\t\t\t\t\t\n\t\t\t\t\t\t<\/div>\t\t\t\n\t\t\t\t<div id=\"dpt-wrapper-318\" class=\"dpt-wrapper dpt-mag1 land1 dpt-cropped dpt-flex-wrap\" >\n\n\t\t\t\t\t\t\t\t\t\t\t<div class=\"dpt-entry has-thumbnail\" data-title=\"klimaschutz mit tunnelblick \u2013 elektromobilit\u00e4t, lobbyarbeit und die verdr\u00e4ngten kosten\" data-id=\"4729\"  data-category=\"allgemein gesellschaft\" data-post_tag=\"deutschland energiepolitik erfahrungen eu-gesetze europa\">\n\t\t\t\t\t\t\t<div class=\"dpt-entry-wrapper\"><div class=\"dpt-featured-content\"><div class=\"dpt-permalink\"><a href=\"https:\/\/www.markus-schall.de\/fr\/2026\/02\/la-protection-du-climat-avec-une-vision-en-tunnel-la-mobilite-electrique-le-lobbying-et-les-couts-caches\/\" class=\"dpt-permalink\"><span class=\"screen-reader-text\">La protection du climat avec une vision en tunnel - l'\u00e9lectromobilit\u00e9, le lobbying et les co\u00fbts refoul\u00e9s<\/span><\/a><\/div><div class=\"dpt-thumbnail\"><div class=\"dpt-thumbnail-inner\"><img width=\"1024\" height=\"683\" class=\"attachment-full size-full\" alt=\"L&#039;\u00e9lectromobilit\u00e9 sans id\u00e9ologie\" context=\"dpt\" data-dpt-src=\"https:\/\/www.markus-schall.de\/wp-content\/uploads\/Elektromobilitaet-ohne-Ideologie.jpg\" data-dpt-sizes=\"(max-width: 1024px) 100vw, 1024px\" data-dpt-srcset=\"https:\/\/www.markus-schall.de\/wp-content\/uploads\/Elektromobilitaet-ohne-Ideologie.jpg 1024w, https:\/\/www.markus-schall.de\/wp-content\/uploads\/Elektromobilitaet-ohne-Ideologie-300x200.jpg 300w, https:\/\/www.markus-schall.de\/wp-content\/uploads\/Elektromobilitaet-ohne-Ideologie-768x512.jpg 768w, https:\/\/www.markus-schall.de\/wp-content\/uploads\/Elektromobilitaet-ohne-Ideologie-18x12.jpg 18w\" \/><\/div><span class=\"dpt-thumbnail-aspect-ratio\" style=\"padding-top: 75%\"><\/span><\/div><\/div><div class=\"sub-entry\"><h3 class=\"dpt-title\"><a class=\"dpt-title-link\" href=\"https:\/\/www.markus-schall.de\/fr\/2026\/02\/la-protection-du-climat-avec-une-vision-en-tunnel-la-mobilite-electrique-le-lobbying-et-les-couts-caches\/\" rel=\"bookmark\">La protection du climat avec une vision en tunnel - l'\u00e9lectromobilit\u00e9, le lobbying et les co\u00fbts refoul\u00e9s<\/a><\/h3><\/div><\/div>\n\t\t\t\t\t\t<\/div><!-- .dpt-entry -->\n\t\t\t\t\t\t\t\t\t\t\t\t<div class=\"dpt-entry has-thumbnail\" data-title=\"sinkende gasspeicher in deutschland: technik, grenzen und politische konsequenzen\" data-id=\"4581\"  data-category=\"allgemein gesellschaft\" data-post_tag=\"deutschland energiepolitik europa krisen ratgeber\">\n\t\t\t\t\t\t\t<div class=\"dpt-entry-wrapper\"><div class=\"dpt-featured-content\"><div class=\"dpt-permalink\"><a href=\"https:\/\/www.markus-schall.de\/fr\/2026\/01\/baisse-du-stockage-de-gaz-en-allemagne-technique-limites-et-consequences-politiques\/\" class=\"dpt-permalink\"><span class=\"screen-reader-text\">Stockage de gaz en baisse en Allemagne : technique, limites et cons\u00e9quences politiques<\/span><\/a><\/div><div class=\"dpt-thumbnail\"><div class=\"dpt-thumbnail-inner\"><img width=\"1024\" height=\"683\" class=\"attachment-full size-full\" alt=\"Stockage de gaz en Allemagne\" context=\"dpt\" data-dpt-src=\"https:\/\/www.markus-schall.de\/wp-content\/uploads\/Gasspeicher-Deutschland.jpg\" data-dpt-sizes=\"(max-width: 1024px) 100vw, 1024px\" data-dpt-srcset=\"https:\/\/www.markus-schall.de\/wp-content\/uploads\/Gasspeicher-Deutschland.jpg 1024w, https:\/\/www.markus-schall.de\/wp-content\/uploads\/Gasspeicher-Deutschland-300x200.jpg 300w, https:\/\/www.markus-schall.de\/wp-content\/uploads\/Gasspeicher-Deutschland-768x512.jpg 768w, https:\/\/www.markus-schall.de\/wp-content\/uploads\/Gasspeicher-Deutschland-18x12.jpg 18w\" \/><\/div><span class=\"dpt-thumbnail-aspect-ratio\" style=\"padding-top: 75%\"><\/span><\/div><\/div><div class=\"sub-entry\"><h3 class=\"dpt-title\"><a class=\"dpt-title-link\" href=\"https:\/\/www.markus-schall.de\/fr\/2026\/01\/baisse-du-stockage-de-gaz-en-allemagne-technique-limites-et-consequences-politiques\/\" rel=\"bookmark\">Stockage de gaz en baisse en Allemagne : technique, limites et cons\u00e9quences politiques<\/a><\/h3><\/div><\/div>\n\t\t\t\t\t\t<\/div><!-- .dpt-entry -->\n\t\t\t\t\t\t\t\t\t\t\t\t<div class=\"dpt-entry has-thumbnail\" data-title=\"digitale abh\u00e4ngigkeit: wie wir unsere selbstbestimmung an die cloud verloren haben\" data-id=\"2986\"  data-category=\"apple iphone &amp; ipad apple macos filemaker &amp; erp gesellschaft ki-systeme tipps &amp; anleitungen\" data-post_tag=\"apple datenlogik datenschutz digitales eigentum erfahrungen erp-software gfm-business\">\n\t\t\t\t\t\t\t<div class=\"dpt-entry-wrapper\"><div class=\"dpt-featured-content\"><div class=\"dpt-permalink\"><a href=\"https:\/\/www.markus-schall.de\/fr\/2025\/10\/la-dependance-numerique-comment-nous-avons-perdu-notre-autodetermination-au-profit-du-cloud\/\" class=\"dpt-permalink\"><span class=\"screen-reader-text\">D\u00e9pendance num\u00e9rique : comment nous avons perdu notre autod\u00e9termination au profit du cloud<\/span><\/a><\/div><div class=\"dpt-thumbnail\"><div class=\"dpt-thumbnail-inner\"><img width=\"1024\" height=\"683\" class=\"attachment-full size-full\" alt=\"D\u00e9pendance num\u00e9rique avec les syst\u00e8mes en nuage\" context=\"dpt\" data-dpt-src=\"https:\/\/www.markus-schall.de\/wp-content\/uploads\/digitale-abhaengigkeit-cloud.jpg\" data-dpt-sizes=\"(max-width: 1024px) 100vw, 1024px\" data-dpt-srcset=\"https:\/\/www.markus-schall.de\/wp-content\/uploads\/digitale-abhaengigkeit-cloud.jpg 1024w, https:\/\/www.markus-schall.de\/wp-content\/uploads\/digitale-abhaengigkeit-cloud-300x200.jpg 300w, https:\/\/www.markus-schall.de\/wp-content\/uploads\/digitale-abhaengigkeit-cloud-768x512.jpg 768w, https:\/\/www.markus-schall.de\/wp-content\/uploads\/digitale-abhaengigkeit-cloud-18x12.jpg 18w\" \/><\/div><span class=\"dpt-thumbnail-aspect-ratio\" style=\"padding-top: 75%\"><\/span><\/div><\/div><div class=\"sub-entry\"><h3 class=\"dpt-title\"><a class=\"dpt-title-link\" href=\"https:\/\/www.markus-schall.de\/fr\/2025\/10\/la-dependance-numerique-comment-nous-avons-perdu-notre-autodetermination-au-profit-du-cloud\/\" rel=\"bookmark\">D\u00e9pendance num\u00e9rique : comment nous avons perdu notre autod\u00e9termination au profit du cloud<\/a><\/h3><\/div><\/div>\n\t\t\t\t\t\t<\/div><!-- .dpt-entry -->\n\t\t\t\t\t\t\t\t\t\t\t\t<div class=\"dpt-entry has-thumbnail\" data-title=\"b\u00fccher mit tiefgang zu medizin, pers\u00f6nlichkeit und technik beim m. schall verlag\" data-id=\"2401\"  data-category=\"allgemein b\u00fccher gesellschaft gesundheit\" data-post_tag=\"buch cmd datenbanken krisen pers\u00f6nlichkeitsentwicklung verlag\">\n\t\t\t\t\t\t\t<div class=\"dpt-entry-wrapper\"><div class=\"dpt-featured-content\"><div class=\"dpt-permalink\"><a href=\"https:\/\/www.markus-schall.de\/fr\/2025\/07\/livres-profonds-sur-la-medecine-la-personnalite-et-la-technique-aux-editions-m-schall\/\" class=\"dpt-permalink\"><span class=\"screen-reader-text\">Livres profonds sur la m\u00e9decine, la personnalit\u00e9 et la technique chez M. Schall Verlag<\/span><\/a><\/div><div class=\"dpt-thumbnail\"><div class=\"dpt-thumbnail-inner\"><img width=\"2400\" height=\"1260\" class=\"attachment-full size-full\" alt=\"Schall Verlag - Livres avec substance\" context=\"dpt\" data-dpt-src=\"https:\/\/www.markus-schall.de\/wp-content\/uploads\/image-sv.jpg\" data-dpt-sizes=\"(max-width: 2400px) 100vw, 2400px\" data-dpt-srcset=\"https:\/\/www.markus-schall.de\/wp-content\/uploads\/image-sv.jpg 2400w, https:\/\/www.markus-schall.de\/wp-content\/uploads\/image-sv-300x158.jpg 300w, https:\/\/www.markus-schall.de\/wp-content\/uploads\/image-sv-1024x538.jpg 1024w, https:\/\/www.markus-schall.de\/wp-content\/uploads\/image-sv-768x403.jpg 768w, https:\/\/www.markus-schall.de\/wp-content\/uploads\/image-sv-1536x806.jpg 1536w, https:\/\/www.markus-schall.de\/wp-content\/uploads\/image-sv-2048x1075.jpg 2048w, https:\/\/www.markus-schall.de\/wp-content\/uploads\/image-sv-18x9.jpg 18w\" \/><\/div><span class=\"dpt-thumbnail-aspect-ratio\" style=\"padding-top: 75%\"><\/span><\/div><\/div><div class=\"sub-entry\"><h3 class=\"dpt-title\"><a class=\"dpt-title-link\" href=\"https:\/\/www.markus-schall.de\/fr\/2025\/07\/livres-profonds-sur-la-medecine-la-personnalite-et-la-technique-aux-editions-m-schall\/\" rel=\"bookmark\">Livres profonds sur la m\u00e9decine, la personnalit\u00e9 et la technique chez M. Schall Verlag<\/a><\/h3><\/div><\/div>\n\t\t\t\t\t\t<\/div><!-- .dpt-entry -->\n\t\t\t\t\t\t\n\t\t\t\t<\/div>\n\t\t\t\t\t\t<\/div>\n\t\t\t\n<hr \/>\n<h2>Foire aux questions sur Jan-Josef Liefers<\/h2>\n<ol>\n<li><strong>Pourquoi cela vaut-il la peine d'\u00e9crire un portrait de Jan-Josef Liefers ?<\/strong><br \/>\nParce que Liefers est plus que le \u201eprofesseur de sc\u00e8ne de crime\u201c. Sa biographie montre de mani\u00e8re impressionnante comment l'attitude, l'origine et la discipline artistique interagissent. Il est repr\u00e9sentatif d'une g\u00e9n\u00e9ration qui a appris \u00e0 rester cons\u00e9quente malgr\u00e9 les r\u00e9sistances - et c'est pr\u00e9cis\u00e9ment ce qui est pr\u00e9cieux aujourd'hui.<\/li>\n<li><strong>Quel r\u00f4le jouent ses origines est-allemandes dans son attitude ult\u00e9rieure ?<\/strong><br \/>\nElle est centrale. Avoir grandi dans un syst\u00e8me o\u00f9 la libert\u00e9 d'expression \u00e9tait limit\u00e9e marque durablement le regard que l'on porte sur la libert\u00e9. Celui qui a fait l'exp\u00e9rience de l'\u00e9troitesse d'un \u00c9tat d\u00e9veloppe un sens aigu du moment o\u00f9 les espaces sociaux se r\u00e9tr\u00e9cissent - et pourquoi il faut alors ouvrir la bouche.<\/li>\n<li><strong>Pourquoi Liefers n'a-t-il pas \u00e9t\u00e9 autoris\u00e9 \u00e0 passer son baccalaur\u00e9at lorsqu'il \u00e9tait adolescent ?<\/strong><br \/>\nParce qu'il a refus\u00e9 de faire son service militaire dans la NVA. En RDA, ce n'\u00e9tait pas une d\u00e9marche anodine, mais un refus politique clair. Les cons\u00e9quences s'\u00e9tendirent jusqu'au syst\u00e8me \u00e9ducatif - un exemple pr\u00e9coce de l'acceptation d'inconv\u00e9nients pour ses convictions.<\/li>\n<li><strong>Son apprentissage de menuisier au Staatstheater a-t-il une influence sur son travail actuel ?<\/strong><br \/>\nOui, beaucoup. Elle le relie artisanalement \u00e0 la sc\u00e8ne, lui transmet du respect pour le processus global d'une production et l'enracine en tant qu'artiste. Ce m\u00e9lange est rare et perceptible dans son jeu.<\/li>\n<li><strong>Pourquoi Liefers est-il consid\u00e9r\u00e9 comme particuli\u00e8rement polyvalent ?<\/strong><br \/>\nParce qu'il n'est pas seulement acteur, mais aussi musicien, producteur et occasionnellement r\u00e9alisateur. Il con\u00e7oit l'art comme une \u0153uvre globale et non comme une activit\u00e9 isol\u00e9e - une approche traditionnelle qui g\u00e9n\u00e8re de la profondeur.<\/li>\n<li><strong>Qu'est-ce qui fait le succ\u00e8s du personnage \u201eKarl-Friedrich Boerne\u201c dans la sc\u00e8ne de crime ?<\/strong><br \/>\nBoerne est exag\u00e9r\u00e9, mais cr\u00e9dible. Arrogant, mais charmant. Excentrique, mais humain. Liefers conf\u00e8re au personnage une profondeur qui provient de l'exp\u00e9rience et d'une observation pr\u00e9cise - et non d'un comique superficiel.<\/li>\n<li><strong>Pourquoi l'action #allesdichtmachen a-t-elle fait l'objet d'une telle controverse ?<\/strong><br \/>\nParce qu'elle s'est d\u00e9roul\u00e9e au milieu d'une phase sociale enflamm\u00e9e. La satire s'est heurt\u00e9e \u00e0 des peurs r\u00e9elles, \u00e0 des incertitudes et \u00e0 des fronts politiques. La forme \u00e9tait provocante, le message complexe - et les deux ont d\u00e9clench\u00e9 des r\u00e9actions extr\u00eames.<\/li>\n<li><strong>Liefers s'est-il distanci\u00e9 par la suite de #allesdichtmachen ?<\/strong><br \/>\nNon. Il a expliqu\u00e9 les malentendus et s'est clairement d\u00e9marqu\u00e9 des groupes extr\u00e9mistes, mais il n'est pas revenu sur sa critique de base. C'est pr\u00e9cis\u00e9ment ce comportement coh\u00e9rent qui est souvent sous-estim\u00e9.<\/li>\n<li><strong>Pourquoi n'a-t-il pas fait marche arri\u00e8re, contrairement \u00e0 d'autres personnes impliqu\u00e9es ?<\/strong><br \/>\nParce que l'opportunisme lui est \u00e9tranger. Celui qui conna\u00eet sa biographie reconna\u00eet un mod\u00e8le : il d\u00e9cide consciemment - et s'y tient ensuite. M\u00eame si cela devient inconfortable. C'est devenu rare.<\/li>\n<li><strong>L'attitude signifie-t-elle automatiquement que l'on a raison sur tout ?<\/strong><br \/>\nNon, l'attitude n'est pas l'infaillibilit\u00e9, mais la droiture. Elle implique d'assumer la responsabilit\u00e9 de ses propres d\u00e9clarations et d\u00e9cisions. Et c'est ce que fait Liefers - ind\u00e9pendamment de l'opinion des autres.<\/li>\n<li><strong>Comment le public a-t-il finalement r\u00e9agi \u00e0 la controverse ?<\/strong><br \/>\nApr\u00e8s la premi\u00e8re vague d'indignation, le calme est revenu. Aujourd'hui, on consid\u00e8re de mani\u00e8re plus nuanc\u00e9e que la critique doit \u00eatre possible dans une soci\u00e9t\u00e9 d\u00e9mocratique - surtout lorsqu'elle est motiv\u00e9e par des raisons s\u00e9rieuses.<\/li>\n<li><strong>Sa carri\u00e8re a-t-elle souffert de cette action ?<\/strong><br \/>\nNon. La sc\u00e8ne du crime continue \u00e0 avoir du succ\u00e8s, ses projets se poursuivent et sa r\u00e9putation d'acteur est stable. Cela montre que la substance r\u00e9siste \u00e0 l'indignation.<\/li>\n<li><strong>Dans quelle mesure son attitude ressemble-t-elle \u00e0 celle de Dieter Bohlen ?<\/strong><br \/>\nLes deux sont totalement diff\u00e9rents - artistiquement et personnellement. Mais tous deux incarnent la responsabilit\u00e9 personnelle et la coh\u00e9rence. Ils repr\u00e9sentent des traditions diff\u00e9rentes, mais la m\u00eame exigence int\u00e9rieure : une vie sans excuses.<\/li>\n<li><strong>Pourquoi Liefers semble-t-il plus m\u00fbr aujourd'hui qu'avant la controverse ?<\/strong><br \/>\nParce qu'il a accept\u00e9 le d\u00e9bat sans se cacher. Celui qui traverse une phase difficile tout en restant lui-m\u00eame gagne en profondeur - en tant que personnalit\u00e9 et en tant qu'artiste.<\/li>\n<li><strong>Que peuvent retenir les lecteurs de son exemple ?<\/strong><br \/>\nQu'il n'est pas n\u00e9cessaire de plaire \u00e0 tout le monde. Que l'on peut aussi vivre avec des vents contraires. Et qu'une boussole int\u00e9rieure claire est un avantage \u00e0 long terme - sur le plan priv\u00e9, professionnel et social.<\/li>\n<li><strong>O\u00f9 va le chemin de Jan-Josef Liefers dans les ann\u00e9es \u00e0 venir ?<\/strong><br \/>\nIl reste une t\u00eate pensante dans le paysage culturel allemand. Que ce soit en tant qu'acteur, musicien ou producteur, ses projets montrent qu'il continue \u00e0 penser vers l'avant. Et sa voix restera entendue, pr\u00e9cis\u00e9ment parce qu'elle ne suit pas l'esprit rapide du temps, mais une conviction profonde qui a grandi.<\/li>\n<\/ol>\n<hr \/>\n\n\t\t\t<div class=\"display-post-types\">\n\n\t\t\t\t\t\t\t<style type=\"text\/css\">\n\t\t\t#dpt-wrapper-319 { --dpt-text-align: left;--dpt-image-crop: center;--dpt-border-radius: 5px;--dpt-h-gutter: 10px;--dpt-v-gutter: 10px; }\t\t\t<\/style>\n\t\t\t<style type=\"text\/css\">#dpt-wrapper-319 { --dpt-title-font-style:normal;--dpt-title-font-weight:600;--dpt-title-line-height:1.5;--dpt-title-text-decoration:none;--dpt-title-text-transform:none;--dpt-excerpt-font-style:normal;--dpt-excerpt-font-weight:400;--dpt-excerpt-line-height:1.5;--dpt-excerpt-text-decoration:none;--dpt-excerpt-text-transform:none;--dpt-meta1-font-style:normal;--dpt-meta1-font-weight:400;--dpt-meta1-line-height:1.9;--dpt-meta1-text-decoration:none;--dpt-meta1-text-transform:none;--dpt-meta2-font-style:normal;--dpt-meta2-font-weight:400;--dpt-meta2-line-height:1.9;--dpt-meta2-text-decoration:none;--dpt-meta2-text-transform:none; }<\/style><div class=\"dpt-main-header\">\n\t\t\t\t\t\t<div class=\"dpt-main-title\">\n\t\t\t\t\t\t\t<span class=\"dpt-main-title-text\">Th\u00e8mes actuels sur les livres<\/span>\n\t\t\t\t\t\t<\/div>\n\t\t\t\t\t\t\n\t\t\t\t\t\t\n\t\t\t\t\t\t\n\t\t\t\t\t\t<\/div>\t\t\t\n\t\t\t\t<div id=\"dpt-wrapper-319\" class=\"dpt-wrapper dpt-mag1 land1 dpt-cropped dpt-flex-wrap\" >\n\n\t\t\t\t\t\t\t\t\t\t\t<div class=\"dpt-entry has-thumbnail\" data-title=\"meine pers\u00f6nlichen erfahrungen mit mucokehl\u2011d3 bei h\u00e4morrhoiden\" data-id=\"2720\"  data-category=\"b\u00fccher gesundheit\" data-post_tag=\"buch erfahrungen gesundheit h\u00e4morrhoiden\">\n\t\t\t\t\t\t\t<div class=\"dpt-entry-wrapper\"><div class=\"dpt-featured-content\"><div class=\"dpt-permalink\"><a href=\"https:\/\/www.markus-schall.de\/fr\/2025\/08\/mon-experience-personnelle-avec-mucokehl-d3-pour-les-hemorroides\/\" class=\"dpt-permalink\"><span class=\"screen-reader-text\">Mon exp\u00e9rience personnelle avec MUCOKEHL-D3 en cas d'h\u00e9morro\u00efdes<\/span><\/a><\/div><div class=\"dpt-thumbnail\"><div class=\"dpt-thumbnail-inner\"><img width=\"1024\" height=\"1024\" class=\"attachment-full size-full\" alt=\"MUCOKEHL D3 Pommade\" context=\"dpt\" data-dpt-src=\"https:\/\/www.markus-schall.de\/wp-content\/uploads\/mucokehl-d3-salbe.jpg\" data-dpt-sizes=\"(max-width: 1024px) 100vw, 1024px\" data-dpt-srcset=\"https:\/\/www.markus-schall.de\/wp-content\/uploads\/mucokehl-d3-salbe.jpg 1024w, https:\/\/www.markus-schall.de\/wp-content\/uploads\/mucokehl-d3-salbe-300x300.jpg 300w, https:\/\/www.markus-schall.de\/wp-content\/uploads\/mucokehl-d3-salbe-150x150.jpg 150w, https:\/\/www.markus-schall.de\/wp-content\/uploads\/mucokehl-d3-salbe-768x768.jpg 768w, https:\/\/www.markus-schall.de\/wp-content\/uploads\/mucokehl-d3-salbe-12x12.jpg 12w\" \/><\/div><span class=\"dpt-thumbnail-aspect-ratio\" style=\"padding-top: 75%\"><\/span><\/div><\/div><div class=\"sub-entry\"><h3 class=\"dpt-title\"><a class=\"dpt-title-link\" href=\"https:\/\/www.markus-schall.de\/fr\/2025\/08\/mon-experience-personnelle-avec-mucokehl-d3-pour-les-hemorroides\/\" rel=\"bookmark\">Mon exp\u00e9rience personnelle avec MUCOKEHL-D3 en cas d'h\u00e9morro\u00efdes<\/a><\/h3><\/div><\/div>\n\t\t\t\t\t\t<\/div><!-- .dpt-entry -->\n\t\t\t\t\t\t\t\t\t\t\t\t<div class=\"dpt-entry has-thumbnail\" data-title=\"deine meinung z\u00e4hlt \u2013 neue umfragen zu aktuellen themen\" data-id=\"3383\"  data-category=\"allgemein b\u00fccher gesellschaft\" data-post_tag=\"buch cmd erfahrungen gesundheit krisen meinungsfreiheit\">\n\t\t\t\t\t\t\t<div class=\"dpt-entry-wrapper\"><div class=\"dpt-featured-content\"><div class=\"dpt-permalink\"><a href=\"https:\/\/www.markus-schall.de\/fr\/2025\/11\/ton-opinion-compte-nouveaux-sondages-sur-des-sujets-dactualite\/\" class=\"dpt-permalink\"><span class=\"screen-reader-text\">Votre opinion compte - Nouveaux sondages sur des th\u00e8mes d'actualit\u00e9<\/span><\/a><\/div><div class=\"dpt-thumbnail\"><div class=\"dpt-thumbnail-inner\"><img width=\"1024\" height=\"683\" class=\"attachment-full size-full\" alt=\"Sondages sur des sujets d&#039;actualit\u00e9\" context=\"dpt\" data-dpt-src=\"https:\/\/www.markus-schall.de\/wp-content\/uploads\/umfragen-aktuell.jpg\" data-dpt-sizes=\"(max-width: 1024px) 100vw, 1024px\" data-dpt-srcset=\"https:\/\/www.markus-schall.de\/wp-content\/uploads\/umfragen-aktuell.jpg 1024w, https:\/\/www.markus-schall.de\/wp-content\/uploads\/umfragen-aktuell-300x200.jpg 300w, https:\/\/www.markus-schall.de\/wp-content\/uploads\/umfragen-aktuell-768x512.jpg 768w, https:\/\/www.markus-schall.de\/wp-content\/uploads\/umfragen-aktuell-18x12.jpg 18w\" \/><\/div><span class=\"dpt-thumbnail-aspect-ratio\" style=\"padding-top: 75%\"><\/span><\/div><\/div><div class=\"sub-entry\"><h3 class=\"dpt-title\"><a class=\"dpt-title-link\" href=\"https:\/\/www.markus-schall.de\/fr\/2025\/11\/ton-opinion-compte-nouveaux-sondages-sur-des-sujets-dactualite\/\" rel=\"bookmark\">Votre opinion compte - Nouveaux sondages sur des th\u00e8mes d'actualit\u00e9<\/a><\/h3><\/div><\/div>\n\t\t\t\t\t\t<\/div><!-- .dpt-entry -->\n\t\t\t\t\t\t\t\t\t\t\t\t<div class=\"dpt-entry has-thumbnail\" data-title=\"die affinity grafik-suite wird kostenlos: was profi-anwender jetzt wissen m\u00fcssen\" data-id=\"3675\"  data-category=\"apple macos b\u00fccher kunst &amp; kultur tipps &amp; anleitungen\" data-post_tag=\"buch mac prozesse publishing verlag\">\n\t\t\t\t\t\t\t<div class=\"dpt-entry-wrapper\"><div class=\"dpt-featured-content\"><div class=\"dpt-permalink\"><a href=\"https:\/\/www.markus-schall.de\/fr\/2025\/11\/la-suite-graphique-affinity-devient-gratuite-ce-que-les-utilisateurs-professionnels-doivent-savoir-maintenant\/\" class=\"dpt-permalink\"><span class=\"screen-reader-text\">La suite graphique Affinity devient gratuite : Ce que les utilisateurs professionnels doivent savoir maintenant<\/span><\/a><\/div><div class=\"dpt-thumbnail\"><div class=\"dpt-thumbnail-inner\"><img width=\"1024\" height=\"683\" class=\"attachment-full size-full\" alt=\"Affinity Suite graphique gratuite\" context=\"dpt\" data-dpt-src=\"https:\/\/www.markus-schall.de\/wp-content\/uploads\/affinity-grafiksuite-kostenlos.jpg\" data-dpt-sizes=\"(max-width: 1024px) 100vw, 1024px\" data-dpt-srcset=\"https:\/\/www.markus-schall.de\/wp-content\/uploads\/affinity-grafiksuite-kostenlos.jpg 1024w, https:\/\/www.markus-schall.de\/wp-content\/uploads\/affinity-grafiksuite-kostenlos-300x200.jpg 300w, https:\/\/www.markus-schall.de\/wp-content\/uploads\/affinity-grafiksuite-kostenlos-768x512.jpg 768w, https:\/\/www.markus-schall.de\/wp-content\/uploads\/affinity-grafiksuite-kostenlos-18x12.jpg 18w\" \/><\/div><span class=\"dpt-thumbnail-aspect-ratio\" style=\"padding-top: 75%\"><\/span><\/div><\/div><div class=\"sub-entry\"><h3 class=\"dpt-title\"><a class=\"dpt-title-link\" href=\"https:\/\/www.markus-schall.de\/fr\/2025\/11\/la-suite-graphique-affinity-devient-gratuite-ce-que-les-utilisateurs-professionnels-doivent-savoir-maintenant\/\" rel=\"bookmark\">La suite graphique Affinity devient gratuite : Ce que les utilisateurs professionnels doivent savoir maintenant<\/a><\/h3><\/div><\/div>\n\t\t\t\t\t\t<\/div><!-- .dpt-entry -->\n\t\t\t\t\t\t\t\t\t\t\t\t<div class=\"dpt-entry has-thumbnail\" data-title=\"vom content zur substanz: wie digitale systeme entstehen, die nicht kopierbar sind\" data-id=\"5899\"  data-category=\"allgemein b\u00fccher gesellschaft tipps &amp; anleitungen\" data-post_tag=\"buch datenlogik denkmodelle digitales eigentum erfahrungen k\u00fcnstliche intelligenz prozesse publishing ratgeber\">\n\t\t\t\t\t\t\t<div class=\"dpt-entry-wrapper\"><div class=\"dpt-featured-content\"><div class=\"dpt-permalink\"><a href=\"https:\/\/www.markus-schall.de\/fr\/2026\/04\/du-contenu-a-la-substance-comment-des-systemes-numeriques-qui-ne-peuvent-pas-etre-copies-sont-crees\/\" class=\"dpt-permalink\"><span class=\"screen-reader-text\">Du contenu \u00e0 la substance : comment des syst\u00e8mes num\u00e9riques qui ne peuvent pas \u00eatre copi\u00e9s voient le jour<\/span><\/a><\/div><div class=\"dpt-thumbnail\"><div class=\"dpt-thumbnail-inner\"><img width=\"1024\" height=\"682\" class=\"attachment-full size-full\" alt=\"Un syst\u00e8me plut\u00f4t qu&#039;un contenu unique\" context=\"dpt\" data-dpt-src=\"https:\/\/www.markus-schall.de\/wp-content\/uploads\/Organische-Reichweite.jpg\" data-dpt-sizes=\"(max-width: 1024px) 100vw, 1024px\" data-dpt-srcset=\"https:\/\/www.markus-schall.de\/wp-content\/uploads\/Organische-Reichweite.jpg 1024w, https:\/\/www.markus-schall.de\/wp-content\/uploads\/Organische-Reichweite-300x200.jpg 300w, https:\/\/www.markus-schall.de\/wp-content\/uploads\/Organische-Reichweite-768x512.jpg 768w, https:\/\/www.markus-schall.de\/wp-content\/uploads\/Organische-Reichweite-18x12.jpg 18w\" \/><\/div><span class=\"dpt-thumbnail-aspect-ratio\" style=\"padding-top: 75%\"><\/span><\/div><\/div><div class=\"sub-entry\"><h3 class=\"dpt-title\"><a class=\"dpt-title-link\" href=\"https:\/\/www.markus-schall.de\/fr\/2026\/04\/du-contenu-a-la-substance-comment-des-systemes-numeriques-qui-ne-peuvent-pas-etre-copies-sont-crees\/\" rel=\"bookmark\">Du contenu \u00e0 la substance : comment des syst\u00e8mes num\u00e9riques qui ne peuvent pas \u00eatre copi\u00e9s voient le jour<\/a><\/h3><\/div><\/div>\n\t\t\t\t\t\t<\/div><!-- .dpt-entry -->\n\t\t\t\t\t\t\n\t\t\t\t<\/div>\n\t\t\t\t\t\t<\/div>\n\t\t\t\n<hr \/>","protected":false},"excerpt":{"rendered":"<p>Quand on voit aujourd'hui Jan-Josef Liefers dans le r\u00f4le du professeur excentrique Boerne dans \u201eTatort\u201c, on oublie facilement le chemin parcouru. Personnellement, j'ai toujours aim\u00e9 le voir dans ce r\u00f4le : un m\u00e9lange de finesse d'esprit, de narcissisme, d'humour et de lucidit\u00e9 d\u00e9concertante. Mais ce m\u00e9lange ne vient pas de nulle part. C'est le r\u00e9sultat d'une vie, ... <a title=\"Du contenu \u00e0 la substance : comment des syst\u00e8mes num\u00e9riques qui ne peuvent pas \u00eatre copi\u00e9s voient le jour\" class=\"read-more\" href=\"https:\/\/www.markus-schall.de\/fr\/2026\/04\/du-contenu-a-la-substance-comment-des-systemes-numeriques-qui-ne-peuvent-pas-etre-copies-sont-crees\/\" aria-label=\"En savoir plus sur Du contenu \u00e0 la substance : comment naissent les syst\u00e8mes num\u00e9riques qui ne peuvent pas \u00eatre copi\u00e9s\">Lire la suite<\/a><\/p>","protected":false},"author":1,"featured_media":3855,"comment_status":"open","ping_status":"open","sticky":false,"template":"","format":"standard","meta":{"iawp_total_views":159,"footnotes":""},"categories":[1,466,472],"tags":[480,458,426,428,476,483,429,477],"class_list":["post-3854","post","type-post","status-publish","format-standard","has-post-thumbnail","hentry","category-allgemein","category-gesellschaft","category-kunst-kultur","tag-deutschland","tag-erfahrungen","tag-krisen","tag-lernen","tag-meinungsfreiheit","tag-musik","tag-persoenlichkeitsentwicklung","tag-portrait"],"_links":{"self":[{"href":"https:\/\/www.markus-schall.de\/fr\/wp-json\/wp\/v2\/posts\/3854","targetHints":{"allow":["GET"]}}],"collection":[{"href":"https:\/\/www.markus-schall.de\/fr\/wp-json\/wp\/v2\/posts"}],"about":[{"href":"https:\/\/www.markus-schall.de\/fr\/wp-json\/wp\/v2\/types\/post"}],"author":[{"embeddable":true,"href":"https:\/\/www.markus-schall.de\/fr\/wp-json\/wp\/v2\/users\/1"}],"replies":[{"embeddable":true,"href":"https:\/\/www.markus-schall.de\/fr\/wp-json\/wp\/v2\/comments?post=3854"}],"version-history":[{"count":12,"href":"https:\/\/www.markus-schall.de\/fr\/wp-json\/wp\/v2\/posts\/3854\/revisions"}],"predecessor-version":[{"id":5850,"href":"https:\/\/www.markus-schall.de\/fr\/wp-json\/wp\/v2\/posts\/3854\/revisions\/5850"}],"wp:featuredmedia":[{"embeddable":true,"href":"https:\/\/www.markus-schall.de\/fr\/wp-json\/wp\/v2\/media\/3855"}],"wp:attachment":[{"href":"https:\/\/www.markus-schall.de\/fr\/wp-json\/wp\/v2\/media?parent=3854"}],"wp:term":[{"taxonomy":"category","embeddable":true,"href":"https:\/\/www.markus-schall.de\/fr\/wp-json\/wp\/v2\/categories?post=3854"},{"taxonomy":"post_tag","embeddable":true,"href":"https:\/\/www.markus-schall.de\/fr\/wp-json\/wp\/v2\/tags?post=3854"}],"curies":[{"name":"wp","href":"https:\/\/api.w.org\/{rel}","templated":true}]}}