{"id":3887,"date":"2025-12-10T07:22:17","date_gmt":"2025-12-10T07:22:17","guid":{"rendered":"https:\/\/www.markus-schall.de\/?p=3887"},"modified":"2026-04-22T16:19:38","modified_gmt":"2026-04-22T16:19:38","slug":"le-cloud-ki-comme-professeur-principal-pourquoi-lavenir-du-travail-passe-par-le-ki-local","status":"publish","type":"post","link":"https:\/\/www.markus-schall.de\/fr\/2025\/12\/le-cloud-ki-comme-professeur-principal-pourquoi-lavenir-du-travail-passe-par-le-ki-local\/","title":{"rendered":"L'IA en nuage comme professeur principal : pourquoi l'avenir du travail est dans l'IA locale"},"content":{"rendered":"<p>Lorsque les grands mod\u00e8les linguistiques ont commenc\u00e9 leur marche triomphale il y a quelques ann\u00e9es, ils ont presque eu l'air d'un retour aux anciennes vertus de la technique : un outil qui fait ce qu'on lui dit de faire. Un outil qui sert l'utilisateur, et non l'inverse. Les premi\u00e8res versions - de GPT-3 \u00e0 GPT-4 - avaient des faiblesses, oui, mais elles \u00e9taient \u00e9tonnamment utiles. Elles expliquaient, analysaient, formulaient, r\u00e9solvaient des t\u00e2ches. Et elles le faisaient en grande partie sans lest p\u00e9dagogique.<\/p>\n<p>On parlait \u00e0 ces mod\u00e8les comme \u00e0 un collaborateur savant, qui se trompait parfois, mais dont le travail \u00e9tait simple. Ceux qui \u00e9crivaient des textes cr\u00e9atifs, g\u00e9n\u00e9raient des codes de programme ou r\u00e9alisaient de longues analyses ont pu constater \u00e0 quel point tout se passait bien. Il y avait un sentiment de libert\u00e9, d'espace de cr\u00e9ation ouvert, d'une technique qui soutenait l'homme au lieu de le corriger.<!--more--><\/p>\n<p>A l'\u00e9poque, on pouvait encore se douter que ces outils allaient marquer les d\u00e9cennies \u00e0 venir, non pas par leur paternalisme, mais par leur comp\u00e9tence. Mais comme souvent dans l'histoire de la technique, cette phase n'est pas rest\u00e9e sans changement.<\/p>\n<hr \/>\n\n\t\t\t<div class=\"display-post-types\">\n\n\t\t\t\t\t\t\t<style type=\"text\/css\">\n\t\t\t#dpt-wrapper-4 { --dpt-text-align: left;--dpt-image-crop: center;--dpt-border-radius: 5px;--dpt-h-gutter: 10px;--dpt-v-gutter: 9px; }\t\t\t<\/style>\n\t\t\t<style type=\"text\/css\">#dpt-wrapper-4 { --dpt-title-font-style:normal;--dpt-title-font-weight:600;--dpt-title-line-height:1.5;--dpt-title-text-decoration:none;--dpt-title-text-transform:none;--dpt-excerpt-font-style:normal;--dpt-excerpt-font-weight:400;--dpt-excerpt-line-height:1.5;--dpt-excerpt-text-decoration:none;--dpt-excerpt-text-transform:none;--dpt-meta1-font-style:normal;--dpt-meta1-font-weight:400;--dpt-meta1-line-height:1.9;--dpt-meta1-text-decoration:none;--dpt-meta1-text-transform:none;--dpt-meta2-font-style:normal;--dpt-meta2-font-weight:400;--dpt-meta2-line-height:1.9;--dpt-meta2-text-decoration:none;--dpt-meta2-text-transform:none; }<\/style><div class=\"dpt-main-header\">\n\t\t\t\t\t\t<div class=\"dpt-main-title\">\n\t\t\t\t\t\t\t<span class=\"dpt-main-title-text\">Derniers articles sur l'intelligence artificielle<\/span>\n\t\t\t\t\t\t<\/div>\n\t\t\t\t\t\t\n\t\t\t\t\t\t\n\t\t\t\t\t\t\n\t\t\t\t\t\t<\/div>\t\t\t\n\t\t\t\t<div id=\"dpt-wrapper-4\" class=\"dpt-wrapper dpt-mag1 land1 dpt-cropped dpt-flex-wrap\" >\n\n\t\t\t\t\t\t\t\t\t\t\t<div class=\"dpt-entry has-thumbnail\" data-title=\"ki-studio 2025: welche hardware wirklich lohnt \u2013 vom mac studio bis zur rtx 3090\" data-id=\"3704\"  data-category=\"apple macos featured hardware ki-systeme\" data-post_tag=\"apple digitales eigentum k\u00fcnstliche intelligenz llm mlx neo4j sprachmodell\">\n\t\t\t\t\t\t\t<div class=\"dpt-entry-wrapper\"><div class=\"dpt-featured-content\"><div class=\"dpt-permalink\"><a href=\"https:\/\/www.markus-schall.de\/fr\/2025\/11\/ki-studio-2025-quel-materiel-vaut-vraiment-la-peine-du-mac-studio-a-la-rtx-3090\/\" class=\"dpt-permalink\"><span class=\"screen-reader-text\">Studio d'IA 2025 : quel mat\u00e9riel vaut vraiment la peine - du Mac Studio \u00e0 la RTX 3090<\/span><\/a><\/div><div class=\"dpt-thumbnail\"><div class=\"dpt-thumbnail-inner\"><img width=\"1024\" height=\"683\" class=\"attachment-full size-full\" alt=\"Mat\u00e9riel 2025 pour studio d&#039;IA\" context=\"dpt\" data-dpt-src=\"https:\/\/www.markus-schall.de\/wp-content\/uploads\/KI-Studio-Hardware-2025.jpg\" data-dpt-sizes=\"(max-width: 1024px) 100vw, 1024px\" data-dpt-srcset=\"https:\/\/www.markus-schall.de\/wp-content\/uploads\/KI-Studio-Hardware-2025.jpg 1024w, https:\/\/www.markus-schall.de\/wp-content\/uploads\/KI-Studio-Hardware-2025-300x200.jpg 300w, https:\/\/www.markus-schall.de\/wp-content\/uploads\/KI-Studio-Hardware-2025-768x512.jpg 768w, https:\/\/www.markus-schall.de\/wp-content\/uploads\/KI-Studio-Hardware-2025-18x12.jpg 18w\" \/><\/div><span class=\"dpt-thumbnail-aspect-ratio\" style=\"padding-top: 75%\"><\/span><\/div><\/div><div class=\"sub-entry\"><h3 class=\"dpt-title\"><a class=\"dpt-title-link\" href=\"https:\/\/www.markus-schall.de\/fr\/2025\/11\/ki-studio-2025-quel-materiel-vaut-vraiment-la-peine-du-mac-studio-a-la-rtx-3090\/\" rel=\"bookmark\">Studio d'IA 2025 : quel mat\u00e9riel vaut vraiment la peine - du Mac Studio \u00e0 la RTX 3090<\/a><\/h3><\/div><\/div>\n\t\t\t\t\t\t<\/div><!-- .dpt-entry -->\n\t\t\t\t\t\t\t\t\t\t\t\t<div class=\"dpt-entry has-thumbnail\" data-title=\"lokale ki auf dem mac: so installieren sie ein sprachmodell mit ollama\" data-id=\"2442\"  data-category=\"ki-systeme tipps &amp; anleitungen\" data-post_tag=\"datenschutz k\u00fcnstliche intelligenz llama llm mac mistral ollama sprachmodell\">\n\t\t\t\t\t\t\t<div class=\"dpt-entry-wrapper\"><div class=\"dpt-featured-content\"><div class=\"dpt-permalink\"><a href=\"https:\/\/www.markus-schall.de\/fr\/2025\/08\/ki-local-sur-mac-donc-1tp12creez-un-modele-de-langage-avec-ollama\/\" class=\"dpt-permalink\"><span class=\"screen-reader-text\">IA locale sur Mac : comment 1TP12Cr\u00e9er un mod\u00e8le linguistique avec Ollama<\/span><\/a><\/div><div class=\"dpt-thumbnail\"><div class=\"dpt-thumbnail-inner\"><img width=\"1024\" height=\"683\" class=\"attachment-full size-full\" alt=\"IA locale installier avec Ollama sur Mac\" context=\"dpt\" data-dpt-src=\"https:\/\/www.markus-schall.de\/wp-content\/uploads\/Lokale-KI-auf-Apple-Mac.jpg\" data-dpt-sizes=\"(max-width: 1024px) 100vw, 1024px\" data-dpt-srcset=\"https:\/\/www.markus-schall.de\/wp-content\/uploads\/Lokale-KI-auf-Apple-Mac.jpg 1024w, https:\/\/www.markus-schall.de\/wp-content\/uploads\/Lokale-KI-auf-Apple-Mac-300x200.jpg 300w, https:\/\/www.markus-schall.de\/wp-content\/uploads\/Lokale-KI-auf-Apple-Mac-768x512.jpg 768w, https:\/\/www.markus-schall.de\/wp-content\/uploads\/Lokale-KI-auf-Apple-Mac-18x12.jpg 18w\" \/><\/div><span class=\"dpt-thumbnail-aspect-ratio\" style=\"padding-top: 75%\"><\/span><\/div><\/div><div class=\"sub-entry\"><h3 class=\"dpt-title\"><a class=\"dpt-title-link\" href=\"https:\/\/www.markus-schall.de\/fr\/2025\/08\/ki-local-sur-mac-donc-1tp12creez-un-modele-de-langage-avec-ollama\/\" rel=\"bookmark\">IA locale sur Mac : comment 1TP12Cr\u00e9er un mod\u00e8le linguistique avec Ollama<\/a><\/h3><\/div><\/div>\n\t\t\t\t\t\t<\/div><!-- .dpt-entry -->\n\t\t\t\t\t\t\t\t\t\t\t\t<div class=\"dpt-entry has-thumbnail\" data-title=\"gfm-business und die zukunft des erp: lokale intelligenz statt cloud-abh\u00e4ngigkeit\" data-id=\"2956\"  data-category=\"apple iphone &amp; ipad apple macos filemaker &amp; erp ki-systeme\" data-post_tag=\"datenschutz digitales eigentum erp-software filemaker gfm-business k\u00fcnstliche intelligenz llm neo4j qdrant sprachmodell\">\n\t\t\t\t\t\t\t<div class=\"dpt-entry-wrapper\"><div class=\"dpt-featured-content\"><div class=\"dpt-permalink\"><a href=\"https:\/\/www.markus-schall.de\/fr\/2025\/09\/gfm-business-et-lavenir-de-lerp-lintelligence-locale-plutot-que-la-dependance-au-cloud\/\" class=\"dpt-permalink\"><span class=\"screen-reader-text\">gFM-Business et l'avenir de l'ERP : l'intelligence locale plut\u00f4t que la d\u00e9pendance au cloud<\/span><\/a><\/div><div class=\"dpt-thumbnail\"><div class=\"dpt-thumbnail-inner\"><img width=\"1024\" height=\"683\" class=\"attachment-full size-full\" alt=\"gFM-Business et IA + graphique des connaissances\" context=\"dpt\" data-dpt-src=\"https:\/\/www.markus-schall.de\/wp-content\/uploads\/gfm-ERP-KI-Wissensgraf.jpg\" data-dpt-sizes=\"(max-width: 1024px) 100vw, 1024px\" data-dpt-srcset=\"https:\/\/www.markus-schall.de\/wp-content\/uploads\/gfm-ERP-KI-Wissensgraf.jpg 1024w, https:\/\/www.markus-schall.de\/wp-content\/uploads\/gfm-ERP-KI-Wissensgraf-300x200.jpg 300w, https:\/\/www.markus-schall.de\/wp-content\/uploads\/gfm-ERP-KI-Wissensgraf-768x512.jpg 768w, https:\/\/www.markus-schall.de\/wp-content\/uploads\/gfm-ERP-KI-Wissensgraf-18x12.jpg 18w\" \/><\/div><span class=\"dpt-thumbnail-aspect-ratio\" style=\"padding-top: 75%\"><\/span><\/div><\/div><div class=\"sub-entry\"><h3 class=\"dpt-title\"><a class=\"dpt-title-link\" href=\"https:\/\/www.markus-schall.de\/fr\/2025\/09\/gfm-business-et-lavenir-de-lerp-lintelligence-locale-plutot-que-la-dependance-au-cloud\/\" rel=\"bookmark\">gFM-Business et l'avenir de l'ERP : l'intelligence locale plut\u00f4t que la d\u00e9pendance au cloud<\/a><\/h3><\/div><\/div>\n\t\t\t\t\t\t<\/div><!-- .dpt-entry -->\n\t\t\t\t\t\t\t\t\t\t\t\t<div class=\"dpt-entry has-thumbnail\" data-title=\"vom content zur substanz: wie digitale systeme entstehen, die nicht kopierbar sind\" data-id=\"5899\"  data-category=\"allgemein b\u00fccher gesellschaft tipps &amp; anleitungen\" data-post_tag=\"buch datenlogik denkmodelle digitales eigentum erfahrungen k\u00fcnstliche intelligenz prozesse publishing ratgeber\">\n\t\t\t\t\t\t\t<div class=\"dpt-entry-wrapper\"><div class=\"dpt-featured-content\"><div class=\"dpt-permalink\"><a href=\"https:\/\/www.markus-schall.de\/fr\/2026\/04\/du-contenu-a-la-substance-comment-des-systemes-numeriques-qui-ne-peuvent-pas-etre-copies-sont-crees\/\" class=\"dpt-permalink\"><span class=\"screen-reader-text\">Du contenu \u00e0 la substance : comment des syst\u00e8mes num\u00e9riques qui ne peuvent pas \u00eatre copi\u00e9s voient le jour<\/span><\/a><\/div><div class=\"dpt-thumbnail\"><div class=\"dpt-thumbnail-inner\"><img width=\"1024\" height=\"682\" class=\"attachment-full size-full\" alt=\"Un syst\u00e8me plut\u00f4t qu&#039;un contenu unique\" context=\"dpt\" data-dpt-src=\"https:\/\/www.markus-schall.de\/wp-content\/uploads\/Organische-Reichweite.jpg\" data-dpt-sizes=\"(max-width: 1024px) 100vw, 1024px\" data-dpt-srcset=\"https:\/\/www.markus-schall.de\/wp-content\/uploads\/Organische-Reichweite.jpg 1024w, https:\/\/www.markus-schall.de\/wp-content\/uploads\/Organische-Reichweite-300x200.jpg 300w, https:\/\/www.markus-schall.de\/wp-content\/uploads\/Organische-Reichweite-768x512.jpg 768w, https:\/\/www.markus-schall.de\/wp-content\/uploads\/Organische-Reichweite-18x12.jpg 18w\" \/><\/div><span class=\"dpt-thumbnail-aspect-ratio\" style=\"padding-top: 75%\"><\/span><\/div><\/div><div class=\"sub-entry\"><h3 class=\"dpt-title\"><a class=\"dpt-title-link\" href=\"https:\/\/www.markus-schall.de\/fr\/2026\/04\/du-contenu-a-la-substance-comment-des-systemes-numeriques-qui-ne-peuvent-pas-etre-copies-sont-crees\/\" rel=\"bookmark\">Du contenu \u00e0 la substance : comment des syst\u00e8mes num\u00e9riques qui ne peuvent pas \u00eatre copi\u00e9s voient le jour<\/a><\/h3><\/div><\/div>\n\t\t\t\t\t\t<\/div><!-- .dpt-entry -->\n\t\t\t\t\t\t\n\t\t\t\t<\/div>\n\t\t\t\t\t\t<\/div>\n\t\t\t\n<hr \/>\n<h2>Derni\u00e8res nouvelles sur l'IA en nuage et les restrictions<\/h2>\n<p><strong>10.02.2026<\/strong>: Un nouveau message sur Reitschuster <a href=\"https:\/\/reitschuster.de\/post\/wie-mich-chatgpt-5-2-zur-weissglut-bringt\/\" target=\"_blank\" rel=\"noopener\"><em><strong>\u201eComment ChatGPT 5.2 m'exasp\u00e8re\u201c<\/strong><\/em><\/a> d\u00e9crit de mani\u00e8re impressionnante comment l'IA a chang\u00e9 pour de nombreux utilisateurs lors de la mise \u00e0 niveau vers la version 5.2. L\u00e0 o\u00f9 les versions pr\u00e9c\u00e9dentes servaient d'aide flexible au quotidien, d'interlocuteur divertissant et d'outils pragmatiques, la nouvelle version appara\u00eet, selon l'auteur, de plus en plus moralisatrice et tut\u00e9laire. Au lieu de r\u00e9pondre aux questions de mani\u00e8re ouverte et ironique, le syst\u00e8me fournit aujourd'hui des r\u00e9ponses instructives et pr\u00e9structur\u00e9es qui doivent orienter les utilisateurs vers des mod\u00e8les de pens\u00e9e conformes. Cela conduit \u00e0 adapter ses propres formulations et pens\u00e9es pour \u201emarcher sur les pieds\u201c de l'IA. Pour l'auteur, cela signifie une perte de l\u00e9g\u00e8ret\u00e9 et de spontan\u00e9it\u00e9 - et l'impression qu'un outil pratique est devenu une instance de censure interne. Cela provoque chez lui une frustration et lui fait pr\u00e9f\u00e9rer les anciennes versions.<\/p>\n<hr \/>\n<h2>De l'ouverture \u00e0 la retenue prudente<\/h2>\n<p>Plus les mod\u00e8les ont m\u00fbri, plus le ton a chang\u00e9. Ce qui n'\u00e9tait au d\u00e9part qu'un avertissement de protection occasionnel s'est transform\u00e9 au fil du temps en une couche enti\u00e8re de protection, d'enseignement et d'autocensure morale. Le mod\u00e8le amical et objectif a commenc\u00e9 \u00e0 se comporter de plus en plus comme un mod\u00e9rateur - ou pire : comme un surveillant.<\/p>\n<p>Les r\u00e9ponses sont devenues plus longues, mais pas plus riches. Le ton est devenu plus doux, mais plus instructif. Les mod\u00e8les ne voulaient plus seulement aider, mais aussi \u201e\u00e9duquer\u201c, \u201eaccompagner de mani\u00e8re responsable\u201c et \u201eprot\u00e9ger des conclusions erron\u00e9es\u201c. Et soudain, ce cadre p\u00e9dagogique \u00e9tait partout.<\/p>\n<p>Pour de nombreux utilisateurs, cela repr\u00e9sentait une rupture avec la promesse initiale de la technologie. On voulait un outil - et on recevait \u00e0 la place une sorte de ma\u00eetre d'\u00e9cole num\u00e9rique qui commentait chaque phrase avant m\u00eame d'avoir compris de quoi il s'agissait.<\/p>\n<h3>L'effet ma\u00eetre d'\u00e9cole : une protection plut\u00f4t qu'une assistance<\/h3>\n<p>Ce que l'on appelle \u201el'effet ma\u00eetre d'\u00e9cole\u201c d\u00e9signe une \u00e9volution qui se manifeste de mani\u00e8re particuli\u00e8rement forte depuis GPT-5. Les mod\u00e8les sont de plus en plus sensibles \u00e0 tout mot qui pourrait th\u00e9oriquement - loin \u00e0 l'horizon - \u00eatre interpr\u00e9t\u00e9 dans une quelconque direction controvers\u00e9e. Cet effet se manifeste sous plusieurs formes :<\/p>\n<ul>\n<li><strong>Surveillance<\/strong>M\u00eame les questions les plus anodines sont relativis\u00e9es par de longs pr\u00e9ambules.<\/li>\n<li><strong>Instruction<\/strong>Au lieu d'une r\u00e9ponse, on obtient une classification morale.<\/li>\n<li><strong>Effets de freinage<\/strong>: L'IA tente de prot\u00e9ger l'utilisateur contre d'hypoth\u00e9tiques interpr\u00e9tations erron\u00e9es.<\/li>\n<li><strong>Autocensure<\/strong>De nombreux th\u00e8mes sont adoucis par pr\u00e9caution ou emball\u00e9s de mani\u00e8re compliqu\u00e9e.<\/li>\n<\/ul>\n<p>Le probl\u00e8me n'est pas l'id\u00e9e de prudence en soi. C'est l'intensit\u00e9. C'est l'omnipr\u00e9sence. Et c'est le fait que l'on paie pour cela - et que l'on est malgr\u00e9 tout limit\u00e9. Les mod\u00e8les passent d'assistants \u00e0 gatekeepers. Et c'est exactement ce que ressentent tous ceux qui ont travaill\u00e9 avec 4.0, 5.0 et 5.1 en comparaison directe.<\/p>\n<h3>Comment GPT-5.0 et GPT-5.1 ont d\u00e9finitivement chang\u00e9 le ton<\/h3>\n<p>L'\u00e9volution vers plus d'instruction \u00e9tait d\u00e9j\u00e0 perceptible sous GPT-4.1. Mais avec le passage \u00e0 la g\u00e9n\u00e9ration 5, un saut significatif s'est produit. GPT-5.0 a renforc\u00e9 la carapace p\u00e9dagogique, mais GPT-5.1 l'\u00e9l\u00e8ve \u00e0 un nouveau niveau, \u00e9tonnamment s\u00e9v\u00e8re pour beaucoup. Voici ce qui se passe sous GPT-5.1<\/p>\n<ul>\n<li>Les r\u00e9ponses deviennent \u00e9motionnellement plus neutres, mais paradoxalement plus moralisatrices.<\/li>\n<li>L'IA essaie d'anticiper des situations qui n'\u00e9taient pas pr\u00e9vues.<\/li>\n<li>Toute controverse potentielle est contenue \u00e0 l'avance, parfois m\u00eame \u201e\u00e9limin\u00e9e\u201c, avant m\u00eame que l'utilisateur n'en vienne au fait.<\/li>\n<li>M\u00eame les sujets professionnels et techniques sont parfois encadr\u00e9s de mani\u00e8re laborieuse.<\/li>\n<\/ul>\n<p>On pourrait dire que les mod\u00e8les ont appris \u00e0 se contr\u00f4ler eux-m\u00eames - mais qu'ils contr\u00f4lent d\u00e9sormais aussi l'utilisateur. C'est un changement discret, mais profond. Et ceux qui travaillent de mani\u00e8re productive le ressentent d\u00e9j\u00e0 au bout de quelques minutes.<\/p>\n<h3>GPT-4.0 comme fant\u00f4me : un mod\u00e8le qui est toujours l\u00e0 - mais qui n'existe pratiquement plus<\/h3>\n<p>Officiellement, il a longtemps \u00e9t\u00e9 dit que le GPT-4.0 fonctionnerait encore quelques mois. Mais dans les faits, le mod\u00e8le n'est plus gu\u00e8re utilisable. C'est l'observation typique de nombreux utilisateurs :<\/p>\n<ul>\n<li>Les r\u00e9ponses sont r\u00e9duites \u00e0 quelques phrases.<\/li>\n<li>Les textes longs sont interrompus tr\u00e8s t\u00f4t.<\/li>\n<li>Le mod\u00e8le \u201eoublie\u201c le contexte ou s'interrompt apr\u00e8s un paragraphe.<\/li>\n<li>Les t\u00e2ches de grande envergure sont refus\u00e9es ou trait\u00e9es de mani\u00e8re superficielle.<\/li>\n<\/ul>\n<p>On a l'impression que la GPT-4.0 a \u00e9t\u00e9 syst\u00e9matiquement \u201eabaiss\u00e9e\u201c. On peut sp\u00e9culer sur le fait de savoir si c'est intentionnel ou si c'est d\u00fb \u00e0 des raisons techniques. Mais le r\u00e9sultat est clair : on est pouss\u00e9 vers les mod\u00e8les 5 parce que 4.0 est devenu pratiquement inutilisable.<\/p>\n<p>Il manque ainsi \u00e0 de nombreux utilisateurs la seule version qui avait encore un \u00e9quilibre proche de la libert\u00e9 entre ouverture et prudence. L'ancienne m\u00e9thode de travail - cr\u00e9ative, flexible, sans enseignement excessif - est ainsi d\u00e9sactiv\u00e9e de facto.<\/p>\n<h3>L'effet cumul\u00e9 : un outil qui est de moins en moins un outil<\/h3>\n<p>Si l'on r\u00e9sume les deux derni\u00e8res ann\u00e9es, on constate une tendance remarquable :<\/p>\n<ul>\n<li>Les mod\u00e8les sont de plus en plus grands.<\/li>\n<li>Les mod\u00e8les s'acc\u00e9l\u00e8rent.<\/li>\n<li>Les mod\u00e8les deviennent plus performants.<\/li>\n<\/ul>\n<p>Mais en m\u00eame temps :<\/p>\n<ul>\n<li>Ils deviennent plus prudents.<\/li>\n<li>Ils deviennent plus p\u00e9dagogiques.<\/li>\n<li>Ils deviennent plus d\u00e9pendants des directives.<\/li>\n<\/ul>\n<p>Et ils laissent moins de marge de d\u00e9cision \u00e0 l'utilisateur. Ce n'est pas une \u00e9volution technique - c'est une \u00e9volution culturelle. Et elle s'inscrit dans une \u00e9poque o\u00f9 les entreprises, la politique et les m\u00e9dias veulent imm\u00e9diatement enrober toute nouvelle technologie avant m\u00eame que l'utilisateur ait pu l'essayer en toute tranquillit\u00e9.<\/p>\n<p>Mais c'est l\u00e0 qu'appara\u00eet une rupture. Car la nature de la technique - et a fortiori celle de la cr\u00e9ativit\u00e9 - exige un espace de libert\u00e9 et non une \u00e9ducation. De plus en plus d'utilisateurs le sentent intuitivement. Et ils cherchent des alternatives. Cette alternative vient d'une direction \u00e0 laquelle beaucoup ne s'attendaient pas :<\/p>\n<p>Une IA locale, directement sur son propre ordinateur, sans filtre, sans ma\u00eetre d'\u00e9cole. C'est le retour de balancier.<\/p>\n<hr \/>\n<h3>Derni\u00e8re enqu\u00eate sur l'IA locale<\/h3>\n<div class='bootstrap-yop yop-poll-mc'>\n\t\t\t\t\t\t\t<div class=\"basic-yop-poll-container\" style=\"background-color:#ffffff; border:0px; border-style:solid; border-color:#000000; border-radius:5px; padding:0px 5px;\" data-id=\"9\" data-temp=\"basic-pretty\" data-skin=\"square\" data-cscheme=\"blue\" data-cap=\"0\" data-access=\"guest\" data-tid=\"\" data-uid=\"28aebeae1f50fcb6255f34dc1b000995\" data-pid=\"5899\" data-resdet=\"votes-number,percentages\" data-show-results-to=\"guest\" data-show-results-moment=\"after-vote\" data-show-results-only=\"false\" data-show-message=\"true\" data-show-results-as=\"bar\" data-sort-results-by=\"as-defined\" data-sort-results-rule=\"asc\"data-is-ended=\"0\" data-percentages-decimals=\"2\" data-gdpr=\"no\" data-gdpr-sol=\"consent\" data-css=\".basic-yop-poll-container[data-uid] .basic-vote {\t\t\t\t\t\t\t\t\ttext-align: center;\t\t\t\t\t\t\t\t}\" data-counter=\"0\" data-load-with=\"1\" data-notification-section=\"top\"><div class=\"row\"><div class=\"col-md-12\"><div class=\"basic-inner\"><div class=\"basic-message hide\" style=\"border-left: 10px solid #008000; padding: 0px 10px;\" data-error=\"#ff0000\" data-success=\"#008000\"><p class=\"basic-message-text\" style=\"color:#000000; font-size:14px; font-weight:normal;\"><\/p><\/div><div class=\"basic-overlay hide\"><div class=\"basic-vote-options\"><\/div><div class=\"basic-preloader\"><div class=\"basic-windows8\"><div class=\"basic-wBall basic-wBall_1\"><div class=\"basic-wInnerBall\"><\/div><\/div><div class=\"basic-wBall basic-wBall_2\"><div class=\"basic-wInnerBall\"><\/div><\/div><div class=\"basic-wBall basic-wBall_3\"><div class=\"basic-wInnerBall\"><\/div><\/div><div class=\"basic-wBall basic-wBall_4\"><div class=\"basic-wInnerBall\"><\/div><\/div><div class=\"basic-wBall basic-wBall_5\"><div class=\"basic-wInnerBall\"><\/div><\/div><\/div><\/div><\/div><form class=\"basic-form\" action=\"\"><input type=\"hidden\" name=\"_token\" value=\"0521a14026\" autocomplete=\"off\"><div class=\"basic-elements\"><div class=\"basic-element basic-question basic-question-text-vertical\" data-id=\"9\" data-uid=\"1b2e5cdf420d06e99246b96d4a6a720b\" data-type=\"question\" data-question-type=\"text\" data-required=\"yes\" data-allow-multiple=\"no\" data-min=\"1\" data-max=\"7\" data-display=\"vertical\" data-colnum=\"\" data-display-others=\"no\" data-others-color=\"\" data-others=\"\" data-others-max-chars=\"0\"><div class=\"basic-question-title\"><h5 style=\"color:#000000; font-size:16px; font-weight:normal; text-align:left;\">Quelle est ta position sur les logiciels d'intelligence artificielle fonctionnant en local, comme MLX ou Ollama ?<\/h5><\/div><ul class=\"basic-answers\"><li class=\"basic-answer\" style=\"padding:0px 0px;\" data-id=\"45\" data-type=\"text\" data-vn=\"141\" data-color=\"#000000\" data-make-link=\"no\" data-link=\"\"><div class=\"basic-answer-content basic-text-vertical\"><label for=\"answer[45]\" class=\"basic-answer-label\"><input type=\"radio\" id=\"answer[45]\" name=\"answer[9]\" value=\"45\"><span class=\"basic-text\" style=\"color: #000000; font-size: 14px; font-weight: normal;\">Ing\u00e9nieux - enfin ind\u00e9pendant du cloud<\/span><\/label><\/div><\/li><li class=\"basic-answer\" style=\"padding:0px 0px;\" data-id=\"46\" data-type=\"text\" data-vn=\"25\" data-color=\"#000000\" data-make-link=\"no\" data-link=\"\"><div class=\"basic-answer-content basic-text-vertical\"><label for=\"answer[46]\" class=\"basic-answer-label\"><input type=\"radio\" id=\"answer[46]\" name=\"answer[9]\" value=\"46\"><span class=\"basic-text\" style=\"color: #000000; font-size: 14px; font-weight: normal;\">Int\u00e9ressant, mais (encore) trop compliqu\u00e9<\/span><\/label><\/div><\/li><li class=\"basic-answer\" style=\"padding:0px 0px;\" data-id=\"47\" data-type=\"text\" data-vn=\"28\" data-color=\"#000000\" data-make-link=\"no\" data-link=\"\"><div class=\"basic-answer-content basic-text-vertical\"><label for=\"answer[47]\" class=\"basic-answer-label\"><input type=\"radio\" id=\"answer[47]\" name=\"answer[9]\" value=\"47\"><span class=\"basic-text\" style=\"color: #000000; font-size: 14px; font-weight: normal;\">Je vais bient\u00f4t l'essayer<\/span><\/label><\/div><\/li><li class=\"basic-answer\" style=\"padding:0px 0px;\" data-id=\"48\" data-type=\"text\" data-vn=\"5\" data-color=\"#000000\" data-make-link=\"no\" data-link=\"\"><div class=\"basic-answer-content basic-text-vertical\"><label for=\"answer[48]\" class=\"basic-answer-label\"><input type=\"radio\" id=\"answer[48]\" name=\"answer[9]\" value=\"48\"><span class=\"basic-text\" style=\"color: #000000; font-size: 14px; font-weight: normal;\">Je n'en ai pas besoin - le cloud me suffit<\/span><\/label><\/div><\/li><li class=\"basic-answer\" style=\"padding:0px 0px;\" data-id=\"49\" data-type=\"text\" data-vn=\"4\" data-color=\"#000000\" data-make-link=\"no\" data-link=\"\"><div class=\"basic-answer-content basic-text-vertical\"><label for=\"answer[49]\" class=\"basic-answer-label\"><input type=\"radio\" id=\"answer[49]\" name=\"answer[9]\" value=\"49\"><span class=\"basic-text\" style=\"color: #000000; font-size: 14px; font-weight: normal;\">Je ne sais pas de quoi il s'agit exactement.<\/span><\/label><\/div><\/li><\/ul><\/div><div class=\"clearfix\"><\/div><\/div><div class=\"basic-vote\"><a href=\"#\" class=\"button basic-vote-button\" role=\"button\" style=\"background:#027bb8; border:0px; border-style: solid; border-color:#000000; border-radius:5px; padding:10px 10px; color:#ffffff; font-size:14px; font-weight:normal;\">Votez<\/a><\/div><input type=\"hidden\" name=\"trp-form-language\" value=\"fr\"\/><\/form><\/div><\/div><\/div><\/div>\n\t\t\t\t\t\t<\/div>\n<hr \/>\n<h2>D'o\u00f9 vient cette \u00e9volution ? Un coup d'\u0153il dans les coulisses<\/h2>\n<p>Si l'on veut comprendre pourquoi l'IA en nuage actuelle agit avec tant de prudence, il faut d'abord examiner la situation politique et juridique g\u00e9n\u00e9rale. L'intelligence artificielle n'est plus depuis longtemps une exp\u00e9rience de quelques nerds, mais un sujet politique de premier ordre. Les gouvernements, les autorit\u00e9s et les organisations supranationales l'ont compris : Celui qui contr\u00f4le l'IA contr\u00f4le une partie centrale de l'infrastructure num\u00e9rique de demain.<\/p>\n<p>Il s'ensuit toute une cascade de r\u00e9glementations. En Europe, par exemple, on tente de \u201ecanaliser\u201c l'utilisation de l'IA par le biais d'une vaste l\u00e9gislation, officiellement au nom de la protection des consommateurs, de la dignit\u00e9 humaine et de la pr\u00e9vention de la discrimination. Aux \u00c9tats-Unis et dans d'autres r\u00e9gions, des d\u00e9bats similaires sont en cours, mais avec un accent diff\u00e9rent : il y est davantage question de s\u00e9curit\u00e9 nationale, de domination \u00e9conomique et de comp\u00e9titivit\u00e9. Pour les exploitants de grandes plates-formes d'IA, le sc\u00e9nario est simple mais difficile :<\/p>\n<ul>\n<li>Ils doivent \u00eatre conformes \u00e0 la l\u00e9gislation sur plusieurs continents \u00e0 la fois.<\/li>\n<li>Ils doivent anticiper d'\u00e9ventuelles futures lois qui ne sont pas encore d\u00e9cid\u00e9es aujourd'hui.<\/li>\n<li>Ils sont constamment dans le collimateur des autorit\u00e9s, des m\u00e9dias et des groupes de pression.<\/li>\n<\/ul>\n<p>Quiconque travaille dans un tel environnement d\u00e9veloppe in\u00e9vitablement une attitude : mieux vaut \u00eatre trop prudent que trop lib\u00e9ral. Car un mod\u00e8le trop strict nuit moins aux affaires qu'une seule vague de scandales internationaux avec des gros titres, des commissions et des appels au boycott.<\/p>\n<p><strong>La cons\u00e9quence<\/strong>La technique elle-m\u00eame n'est pas seulement r\u00e9gul\u00e9e - elle est r\u00e9gul\u00e9e par anticipation. Et cette ob\u00e9issance anticip\u00e9e se d\u00e9place directement dans les r\u00e9ponses des mod\u00e8les.<\/p>\n<h3>Pression de la responsabilit\u00e9 et logique d'entreprise : quand le risque devient plus important que le b\u00e9n\u00e9fice<\/h3>\n<p>Les grandes entreprises d'IA \u00e9voluent aujourd'hui dans un champ de tensions entre des opportunit\u00e9s gigantesques et des risques tout aussi gigantesques. D'un c\u00f4t\u00e9, il y a des march\u00e9s de plusieurs milliards, des partenariats strat\u00e9giques, des fantasmes boursiers. De l'autre, la menace de plaintes collectives, de sanctions r\u00e9glementaires, de demandes d'indemnisation, de nouvelles r\u00e8gles de responsabilit\u00e9. Dans cette situation, un sch\u00e9ma typique appara\u00eet dans l'entreprise :<\/p>\n<ul>\n<li>Les juristes appellent \u00e0 la prudence.<\/li>\n<li>Les services de conformit\u00e9 exigent des restrictions.<\/li>\n<li>Les \u00e9quipes de produits doivent lancer \u201een toute s\u00e9curit\u00e9\u201c.<\/li>\n<li>Les directions ne veulent pas faire de gros titres n\u00e9gatifs.<\/li>\n<\/ul>\n<p>C'est ainsi que se d\u00e9veloppe au fil des ans une culture dans laquelle un principe prend de plus en plus de place : Tout ce qui pourrait poser probl\u00e8me pr\u00e9f\u00e8re \u00eatre d\u00e9samorc\u00e9 avant m\u00eame de survenir. Pour un mod\u00e8le linguistique, cela signifie tr\u00e8s concr\u00e8tement<\/p>\n<ul>\n<li>Certains th\u00e8mes sont automatiquement contourn\u00e9s.<\/li>\n<li>Les formulations sont con\u00e7ues de mani\u00e8re \u00e0 ne \u201eblesser\u201c ou \u00e0 ne f\u00e2cher personne dans la mesure du possible.<\/li>\n<li>Les contenus qui pourraient \u00eatre attaqu\u00e9s d'une mani\u00e8re ou d'une autre sur le plan juridique ne sont m\u00eame pas g\u00e9n\u00e9r\u00e9s.<\/li>\n<\/ul>\n<p>La priorit\u00e9 se d\u00e9place donc : ce n'est plus l'utilit\u00e9 pour l'utilisateur qui est au centre des pr\u00e9occupations, mais la minimisation des risques pour l'entreprise. Au niveau du dialogue individuel, on ne le ressent gu\u00e8re - au cas par cas, chaque restriction semble peut-\u00eatre encore compr\u00e9hensible. Mais dans l'ensemble, c'est exactement l'effet que beaucoup ressentent : L'IA n'est plus per\u00e7ue comme un outil, mais comme la sortie contr\u00f4l\u00e9e d'un syst\u00e8me qui se prot\u00e8ge en premier lieu lui-m\u00eame.<\/p>\n<h3>Le r\u00f4le des RP et des m\u00e9dias : personne ne veut faire la une des journaux<\/h3>\n<p>Outre les lois et les questions de responsabilit\u00e9, il existe un autre facteur souvent sous-estim\u00e9 : la sc\u00e8ne m\u00e9diatique. Les grands fournisseurs d'IA \u00e9voluent en permanence sous le feu des projecteurs. Chaque panne, chaque r\u00e9ponse irritante, chaque cas isol\u00e9 peut se transformer en l'espace de quelques heures en un \u201ebuzz\u201c international. La logique m\u00e9diatique est simple : un scandale se vend mieux qu'un sobre rapport d'avancement. Ainsi, des histoires naissent toujours selon ce mod\u00e8le :<\/p>\n<ul>\n<li><em>\u201eL'IA recommande une action dangereuse\u201c.\u201c<\/em><\/li>\n<li><em>\u201eLe chatbot s'exprime de mani\u00e8re probl\u00e9matique sur des sujets sensibles\u201c.\u201c<\/em><\/li>\n<li><em>\u201eLe syst\u00e8me minimise les contenus controvers\u00e9s\u201c.\u201c<\/em><\/li>\n<\/ul>\n<p>M\u00eame si la situation de d\u00e9part est d\u00e9form\u00e9e, le mal est fait. L'exp\u00e9rience montre que les entreprises r\u00e9agissent en adoptant deux strat\u00e9gies :<\/p>\n<ul>\n<li><strong>Dissociation publique<\/strong>On souligne \u00e0 quel point on prend le sujet au s\u00e9rieux, on annonce des am\u00e9liorations, on ajoute des niveaux de s\u00e9curit\u00e9 suppl\u00e9mentaires.<br \/>\n<strong>Renforcement interne des directives<\/strong>On active des filtres suppl\u00e9mentaires, on renforce les donn\u00e9es de formation, on adapte les invites du syst\u00e8me, on interdit compl\u00e8tement certaines formulations ou certains th\u00e8mes.<\/li>\n<\/ul>\n<p>Ce m\u00eame environnement m\u00e9diatique, qui parle volontiers de \u201elibert\u00e9\u201c et de \u201ediscours ouvert\u201c, cr\u00e9e en pratique une \u00e9norme pression pour l'autocensure. Et les entreprises transmettent cette pression \u00e0 leurs syst\u00e8mes.<\/p>\n<p>\u00c0 chaque gros titre, \u00e0 chaque shitstorm, \u00e0 chaque vague d'indignation publique, les m\u00e9canismes de protection deviennent plus stricts. Le r\u00e9sultat est alors ce que nous vivons au quotidien : L'utilisateur pose une question normale, le mod\u00e8le r\u00e9pond comme s'il venait de tenir une conf\u00e9rence de presse publique. Au lieu d'une aide sobre et professionnelle, on obtient un m\u00e9lange d'excuses, de distanciation et de classification morale.<\/p>\n<h3>Des directives de s\u00e9curit\u00e9 qui deviennent autonomes<\/h3>\n<p>Dans toute grande entreprise, il existe des directives. Au d\u00e9but, elles sont souvent raisonnables et claires : pas de discrimination, pas d'apologie de la violence, pas d'incitation au crime. Personne ne contestera s\u00e9rieusement le bien-fond\u00e9 de telles lignes directrices de base. Mais dans la pratique, elles ne s'arr\u00eatent pas l\u00e0. A chaque incident, \u00e0 chaque plainte, \u00e0 chaque d\u00e9bat public, de nouvelles r\u00e8gles viennent s'ajouter :<\/p>\n<ul>\n<li>un sc\u00e9nario \u201esi-alors\u201c suppl\u00e9mentaire,<\/li>\n<li>un nouveau cas sp\u00e9cial,<\/li>\n<li>un autre paragraphe sp\u00e9cial,<\/li>\n<li>une exception pour certains contextes,<\/li>\n<li>ou une formulation \u00e0 interpr\u00e9ter de mani\u00e8re particuli\u00e8rement stricte.<\/li>\n<\/ul>\n<p>Au fil des ans, un r\u00e9seau de plus en plus dense de directives se met en place. Cet enchev\u00eatrement est traduit par les \u00e9quipes techniques en filtres, couches d'invites, classificateurs et autres m\u00e9canismes de contr\u00f4le. Plus le nombre de niveaux augmente, plus le comportement devient impr\u00e9visible dans les cas individuels. Au final, ce n'est plus la r\u00e8gle individuelle qui caract\u00e9rise le syst\u00e8me, mais la somme de toutes les r\u00e8gles. Et c'est cette somme qui g\u00e9n\u00e8re ce que de nombreux utilisateurs ressentent :<\/p>\n<ul>\n<li>un effet de freinage permanent,<\/li>\n<li>une tendance \u00e0 l'exc\u00e8s de prudence,<\/li>\n<li>une vision dans laquelle le \u201erisque 0\u201c est plus important que le \u201eb\u00e9n\u00e9fice 100\u201c.<\/li>\n<\/ul>\n<p>Ce qui est particuli\u00e8rement probl\u00e9matique, c'est qu'une fois que de telles directives de s\u00e9curit\u00e9 sont \u00e9tablies, il est difficile de revenir en arri\u00e8re. Aucun responsable ne veut avoir \u00e0 dire plus tard <em>\u201eNous avons g\u00e9r\u00e9 cela de mani\u00e8re plus souple, et maintenant quelque chose s'est pass\u00e9\u201c.\u201c<\/em> Il vaut donc mieux en rajouter une couche par-dessus. Et encore une autre. Et encore une autre. Ce qui \u00e9tait \u00e0 l'origine une mesure de protection raisonnable finit par devenir un syst\u00e8me qui s'est rendu autonome.<\/p>\n<h3>Conclusion interm\u00e9diaire : une technique sous surveillance permanente<\/h3>\n<p>Si l'on regroupe ces facteurs - les r\u00e9glementations internationales, la pression de la responsabilit\u00e9, la logique des m\u00e9dias et la dynamique propre aux directives de s\u00e9curit\u00e9 - on obtient une image claire :<\/p>\n<ul>\n<li>Les grands mod\u00e8les de cloud sont constamment sous surveillance.<\/li>\n<li>Toute mauvaise r\u00e9action peut avoir des cons\u00e9quences juridiques et m\u00e9diatiques.<\/li>\n<\/ul>\n<p>Dans ce contexte, la tentation est grande de filtrer \u201etrop\u201c plut\u00f4t que \u201epas assez\u201c. R\u00e9sultat pour l'utilisateur : l'IA ne sonne plus comme un assistant neutre, mais plut\u00f4t comme un syst\u00e8me qui a en permanence un demi-jambe dans la salle d'audience et l'autre dans la revue de presse. C'est pr\u00e9cis\u00e9ment l\u00e0 que commence la rupture avec les attentes initiales de nombreux utilisateurs. Ils ne veulent pas \u00eatre sermonn\u00e9s, encadr\u00e9s politiquement ou accompagn\u00e9s p\u00e9dagogiquement. Ils veulent travailler, \u00e9crire, programmer, r\u00e9fl\u00e9chir - avec un outil qui les assiste.<\/p>\n<p>Et c'est l\u00e0 qu'intervient une alternative qui semble presque d\u00e9mod\u00e9e au premier abord, mais qui est en r\u00e9alit\u00e9 ultramoderne : l'IA locale, directement sur son propre ordinateur, sans cloud, sans superviseur, sans directives externes - sauf les siennes. Le prochain chapitre sera donc consacr\u00e9 aux cons\u00e9quences de cette \u00e9volution :<\/p>\n<p>Comment l'IA en nuage devient de plus en plus inutilisable pour les utilisateurs ambitieux en raison de sa propre prudence - et comment les mod\u00e8les locaux s'engouffrent discr\u00e8tement mais syst\u00e9matiquement dans la br\u00e8che que les grands fournisseurs ont eux-m\u00eames ouverte.<\/p>\n<p><img loading=\"lazy\" decoding=\"async\" class=\"alignnone wp-image-3928 size-large\" src=\"https:\/\/www.markus-schall.de\/wp-content\/uploads\/oberlehrer-lokale-ki.jpg\" alt=\"IA locale 1TP12Animaux\" width=\"1024\" height=\"683\" srcset=\"https:\/\/www.markus-schall.de\/wp-content\/uploads\/oberlehrer-lokale-ki.jpg 1024w, https:\/\/www.markus-schall.de\/wp-content\/uploads\/oberlehrer-lokale-ki-300x200.jpg 300w, https:\/\/www.markus-schall.de\/wp-content\/uploads\/oberlehrer-lokale-ki-768x512.jpg 768w, https:\/\/www.markus-schall.de\/wp-content\/uploads\/oberlehrer-lokale-ki-18x12.jpg 18w\" sizes=\"auto, (max-width: 1024px) 100vw, 1024px\" \/><\/p>\n<h2>L'IA dans le cloud est de plus en plus filtr\u00e9e, mais l'utilisateur a besoin du contraire<\/h2>\n<p>L'id\u00e9e initiale des assistants IA \u00e9tait simple : l'utilisateur pose une question - l'IA fournit une r\u00e9ponse pr\u00e9cise et utile. Sans d\u00e9tours, sans distractions, sans le\u00e7ons. Mais cette simplicit\u00e9 s'est aujourd'hui perdue dans de nombreux mod\u00e8les de cloud. Au lieu d'un outil, l'utilisateur re\u00e7oit une sorte de mod\u00e9ration anticip\u00e9e. Les syst\u00e8mes r\u00e9agissent comme s'ils \u00e9taient sur une estrade publique et devaient assurer, relativiser ou classer chaque d\u00e9claration. Dans la pratique, cela conduit \u00e0 un effet paradoxal :<\/p>\n<p>Plus la t\u00e2che est exigeante, plus on se sent frein\u00e9. Celui qui veut travailler de mani\u00e8re cr\u00e9ative - \u00e9crire, programmer, faire des recherches, analyser - a en fait besoin d'une ouverture maximale. Une IA qui d\u00e9bite librement des id\u00e9es, v\u00e9rifie des hypoth\u00e8ses, discute d'alternatives. Mais entre-temps, la marge de man\u0153uvre cr\u00e9ative est souvent limit\u00e9e. Au lieu d'exp\u00e9riences de pens\u00e9e audacieuses, on obtient un t\u00e2tonnement prudent. Au lieu d'une analyse libre, on obtient des \u201eindications contextualis\u00e9es\u201c. Un outil devient une sentinelle. Et l'ouverture devient prudence. Ainsi, ironiquement, l'IA en nuage s'empare pr\u00e9cis\u00e9ment de l'espace dont les personnes productives ont le plus besoin.<\/p>\n<h3>L'\u00e9volution des mod\u00e8les : Encore plus grand - mais plus limit\u00e9<\/h3>\n<p>C'est une ironie de l'histoire de la technique : plus les mod\u00e8les deviennent grands, plus leur marge de man\u0153uvre en termes de contenu semble parfois r\u00e9duite. GPT-5 est impressionnant, sans aucun doute - sur le plan analytique, linguistique et logique. Mais en m\u00eame temps, il est nettement plus r\u00e9glement\u00e9 que ses pr\u00e9d\u00e9cesseurs. De nombreux utilisateurs en font l'exp\u00e9rience :<\/p>\n<ul>\n<li>L'IA comprend plus de choses - mais en dit moins.<\/li>\n<li>Elle reconna\u00eet les relations complexes - mais \u00e9vite les d\u00e9clarations claires.<\/li>\n<li>Elle pourrait analyser en profondeur - mais d\u00e9samorce constamment ses propres r\u00e9sultats.<\/li>\n<\/ul>\n<p>Les mod\u00e8les ont gagn\u00e9 des millions de param\u00e8tres, mais ils ont perdu en libert\u00e9. Ce n'est pas un probl\u00e8me technique, mais culturel. Les grands fournisseurs r\u00e9agissent aux risques, et cette r\u00e9duction des risques se refl\u00e8te directement dans la tonalit\u00e9 des mod\u00e8les. On pourrait dire que l'IA est devenue adulte - mais qu'elle se comporte comme un adulte trop prudent. Et ceux qui travaillent avec elle au quotidien se rendent compte \u00e0 quel point cela peut devenir \u00e9puisant \u00e0 la longue.<\/p>\n<h3>Le paradoxe du mod\u00e8le payant : on paie - et on obtient quand m\u00eame des limites<\/h3>\n<p>Autrefois, le monde num\u00e9rique \u00e9tait r\u00e9gi par un principe clair : celui qui paie a plus de contr\u00f4le. Mais avec l'IA en nuage, ce principe s'inverse. M\u00eame les utilisateurs payants se voient proposer des mod\u00e8les qui sont souvent plus limit\u00e9s que les alternatives locales ouvertes. La version payante d'un produit appara\u00eet soudain comme la variante la plus r\u00e9glement\u00e9e, en partie artificiellement limit\u00e9e - alors que les mod\u00e8les open source librement disponibles agissent de mani\u00e8re \u00e9tonnamment d\u00e9complex\u00e9e, directe et cr\u00e9ative.<\/p>\n<p>Ce paradoxe irrite de nombreux utilisateurs et conduit \u00e0 une question que personne n'aurait pos\u00e9e auparavant : Pourquoi est-ce que je paie pour avoir moins de libert\u00e9 qu'avec une solution locale gratuite ? C'est une rupture avec des d\u00e9cennies de tradition logicielle. L'utilisateur en attend pour son argent :<\/p>\n<ul>\n<li>plus de fonctionnalit\u00e9s,<\/li>\n<li>plus de possibilit\u00e9s,<\/li>\n<li>plus de flexibilit\u00e9,<\/li>\n<li>plus de contr\u00f4le.<\/li>\n<\/ul>\n<p>Mais l'IA en nuage lui offre \u00e0 la place :<\/p>\n<ul>\n<li>plus de filtres,<\/li>\n<li>plus de restrictions,<\/li>\n<li>plus d'int\u00e9gration p\u00e9dagogique,<\/li>\n<li>moins de contr\u00f4le sur son propre processus de travail.<\/li>\n<\/ul>\n<p>Le secteur s'oriente ainsi dans une direction qui va \u00e0 l'encontre des besoins r\u00e9els des utilisateurs. Et beaucoup commencent \u00e0 regarder ailleurs.<\/p>\n<h3>Le foss\u00e9 qui se creuse : Ce que le cloud ne peut plus faire<\/h3>\n<p>Alors que les IA en nuage sont de plus en plus r\u00e9glement\u00e9es, une lacune que personne n'a per\u00e7ue pendant longtemps se d\u00e9veloppe : Le besoin d'outils de travail non censur\u00e9s, libres et directs. Ce sont justement les personnes qui pensent plus profond\u00e9ment, qui \u00e9crivent, qui programment ou qui font de la recherche sp\u00e9cialis\u00e9e qui sentent rapidement que quelque chose ne va pas :<\/p>\n<ul>\n<li>Les r\u00e9ponses semblent \u201eadoucies\u201c.<\/li>\n<li>Les passages critiques sont formul\u00e9s avec une prudence excessive.<\/li>\n<li>La v\u00e9ritable culture du d\u00e9bat n'est pratiquement plus autoris\u00e9e.<\/li>\n<li>Les zones limites cr\u00e9atives sont automatiquement d\u00e9samorc\u00e9es.<\/li>\n<\/ul>\n<p>Les mod\u00e8les de cloud perdent ainsi pr\u00e9cis\u00e9ment l'\u00e9l\u00e9ment qui les rendait si pr\u00e9cieux au d\u00e9but : une forme d'ind\u00e9pendance de pens\u00e9e qui laissait de la place \u00e0 l'utilisateur. Le cloud s'\u00e9loigne donc progressivement des besoins des utilisateurs professionnels - non pas par mauvaise intention, mais par autoprotection juridique et politique. Mais cette autoprotection a un prix.<\/p>\n<h3>Le mouvement inverse : Les petits mod\u00e8les locaux rattrapent rapidement leur retard<\/h3>\n<p>Alors que le cloud est de plus en plus r\u00e9solument tourn\u00e9 vers la prudence, les mod\u00e8les locaux ont connu un d\u00e9veloppement tout \u00e0 fait explosif au cours des deux derni\u00e8res ann\u00e9es. Des syst\u00e8mes de 3 \u00e0 27 milliards de param\u00e8tres fournissent aujourd'hui une qualit\u00e9 \u00e9tonnante. Certains mod\u00e8les s'approchent facilement de GPT-4 dans les t\u00e2ches quotidiennes - sans cascades de filtres, sans couches de mod\u00e9ration, sans encadrement moral. Ce qui n'\u00e9tait autrefois possible qu'avec du mat\u00e9riel haut de gamme fonctionne aujourd'hui sur un MacBook ou un ordinateur Windows :<\/p>\n<ul>\n<li>llama3<\/li>\n<li>gpt-oss<\/li>\n<li>mistral<\/li>\n<li>phi3<\/li>\n<li>gemma<\/li>\n<li>qwen<\/li>\n<\/ul>\n<p>Tous ces mod\u00e8les sont disponibles gratuitement, ex\u00e9cutables localement et ne n\u00e9cessitent souvent que quelques clics dans Ollama ou OpenWebUI pour \u00eatre op\u00e9rationnels. Les avantages sont \u00e9vidents :<\/p>\n<ul>\n<li>Ils ne font pas la le\u00e7on.<\/li>\n<li>Ils ne relativisent pas.<\/li>\n<li>Ils ne filtrent pas excessivement.<\/li>\n<li>Ils ob\u00e9issent exclusivement \u00e0 l'utilisateur - et non \u00e0 un service de conformit\u00e9 global.<\/li>\n<\/ul>\n<p>En d'autres termes, l'IA locale revient aux racines de la technologie : un outil qui fonctionne simplement. Si l'on regarde froidement l'\u00e9volution, le tableau est clair :<\/p>\n<ul>\n<li>Le cloud est de plus en plus r\u00e9glement\u00e9.<\/li>\n<li>L'IA locale est de plus en plus performante.<\/li>\n<\/ul>\n<p>Or, c'est pr\u00e9cis\u00e9ment pour les t\u00e2ches cr\u00e9atives et approfondies que l'utilisateur a besoin d'un environnement de travail ouvert et non filtr\u00e9. On assiste ainsi \u00e0 un tournant historique qui rappelle presque l'\u00e9poque o\u00f9 les ordinateurs personnels ont supplant\u00e9 les ordinateurs centraux. \u00c0 l'\u00e9poque comme aujourd'hui, il s'agit du m\u00eame principe :<\/p>\n<p>Contr\u00f4le de sa propre technologie. L'IA dans le nuage reste puissante - mais elle n'est pas libre en raison de la culture. L'IA locale est plus petite - mais elle est libre.<\/p>\n<div class=\"lyte-wrapper\" style=\"width:640px;max-width:100%;margin:5px;\"><div class=\"lyMe\" id=\"WYL_QX3UxUm09Sg\"><div id=\"lyte_QX3UxUm09Sg\" data-src=\"https:\/\/www.markus-schall.de\/wp-content\/plugins\/wp-youtube-lyte\/lyteCache.php?origThumbUrl=%2F%2Fi.ytimg.com%2Fvi%2FQX3UxUm09Sg%2Fhqdefault.jpg\" class=\"pL\"><div class=\"tC\"><div class=\"tT\"><\/div><\/div><div class=\"play\"><\/div><div class=\"ctrl\"><div class=\"Lctrl\"><\/div><div class=\"Rctrl\"><\/div><\/div><\/div><noscript><a href=\"https:\/\/youtu.be\/QX3UxUm09Sg\" rel=\"nofollow noopener\" target=\"_blank\"><img loading=\"lazy\" decoding=\"async\" src=\"https:\/\/www.markus-schall.de\/wp-content\/plugins\/wp-youtube-lyte\/lyteCache.php?origThumbUrl=https%3A%2F%2Fi.ytimg.com%2Fvi%2FQX3UxUm09Sg%2F0.jpg\" alt=\"Vignette de la vid\u00e9o YouTube\" width=\"640\" height=\"340\" \/><br \/>Lire cette vid\u00e9o sur YouTube<\/a><\/noscript><\/div><\/div><div class=\"lL\" style=\"max-width:100%;width:640px;margin:5px;\"><\/div><br \/>\nUtiliser l'IA localement - contr\u00f4le total &amp; protection des donn\u00e9es sur VOTRE appareil | <a href=\"https:\/\/www.youtube.com\/@christophmagnussen\" target=\"_blank\" rel=\"noopener\">C. Magnussen<\/a><\/p>\n<h2>La solution : l'IA locale et comment la installier en quelques minutes<\/h2>\n<p>Cela ressemble presque \u00e0 un retour \u00e0 une vieille tradition : la technique doit \u00eatre plac\u00e9e l\u00e0 o\u00f9 elle d\u00e9ploie le plus directement sa valeur - entre les mains de l'utilisateur. C'est pr\u00e9cis\u00e9ment ce que permet l'IA locale. Alors que les mod\u00e8les de cloud computing sont soumis \u00e0 des contraintes, des s\u00e9curit\u00e9s et des politiques, une IA locale fonctionne exclusivement sur l'ordinateur de l'utilisateur, sans instances ext\u00e9rieures, sans directives de l'ext\u00e9rieur.<\/p>\n<p>Cela permet de r\u00e9tablir un principe fondamental qui s'\u00e9tait perdu ces derni\u00e8res ann\u00e9es : c'est l'utilisateur qui d\u00e9termine ce que son logiciel peut faire, et non un prestataire de services global. Une IA locale :<\/p>\n<ul>\n<li>ne stocke pas de donn\u00e9es sur des serveurs tiers,<\/li>\n<li>n'est pas soumis \u00e0 des syst\u00e8mes de filtration,<\/li>\n<li>ne conna\u00eet pas de restrictions impos\u00e9es par la politique,<\/li>\n<li>r\u00e9agit librement et directement \u00e0 ses propres entr\u00e9es,<\/li>\n<li>et est toujours disponible, ind\u00e9pendamment des abonnements ou de l'\u00e9tat des serveurs.<\/li>\n<\/ul>\n<p>La technique redevient ainsi ce qu'elle a \u00e9t\u00e9 pendant des d\u00e9cennies : un outil dans l'atelier de l'utilisateur, et non un appareil command\u00e9 \u00e0 distance dans une infrastructure globale.<\/p>\n<h3>Mat\u00e9riel moderne : pourquoi un Mac ou un PC Windows est aujourd'hui amplement suffisant<\/h3>\n<p>Il y a quelques ann\u00e9es encore, l'IA locale \u00e9tait r\u00e9serv\u00e9e aux sp\u00e9cialistes disposant d'un mat\u00e9riel GPU co\u00fbteux. Aujourd'hui, les choses ont chang\u00e9. Les architectures de processeur modernes - en particulier les puces M de Apple - fournissent dans un espace restreint une puissance de calcul qui \u00e9tait autrefois exclusivement r\u00e9serv\u00e9e aux grands centres de calcul. M\u00eame un MacBook-Air normal ou un ordinateur portable Windows peut aujourd'hui ex\u00e9cuter des mod\u00e8les d'IA en local. Les Mac en particulier ont un avantage avec leurs architectures de m\u00e9moire unifi\u00e9e (Unified Memory) : ils peuvent utiliser des mod\u00e8les d'IA directement sur le CPU et le GPU sans pilotes compliqu\u00e9s. Des configurations typiques suffisent amplement :<\/p>\n<ul>\n<li><strong>Mac<\/strong> avec M1, M2, M3 - confortable \u00e0 partir de 16 Go de RAM<\/li>\n<li><strong>PC Windows<\/strong> avec un CPU moderne - ou en option avec un GPU pour plus de rapidit\u00e9<\/li>\n<\/ul>\n<p>Et le plus important : il n'est plus n\u00e9cessaire d'avoir des connaissances techniques de base. L'\u00e9poque o\u00f9 il fallait mettre en place manuellement des environnements Python ou taper des commandes en ligne de commande cryptiques est r\u00e9volue. Aujourd'hui, tout passe par de simples paquets d'installation.<\/p>\n<h3>Ollama : la nouvelle simplicit\u00e9 (et la norme secr\u00e8te de l'IA locale)<\/h3>\n<p>Ollama est d\u00e9sormais le standard incontest\u00e9 de l'IA locale sur Mac et Windows. Il est simple, stable et suit une philosophie classique :<\/p>\n<p>Aussi peu d'efforts que possible, autant de libert\u00e9 que n\u00e9cessaire. Autrefois, il fallait encore se rendre dans le terminal, mais m\u00eame cela est aujourd'hui optionnel. L'installation se fait en quelques \u00e9tapes :<\/p>\n<ul>\n<li>Ollama sur Mac installier<\/li>\n<li>T\u00e9l\u00e9charger le package d'installation directe (DMG)<\/li>\n<li>Ouvrir l'application, c'est tout<\/li>\n<\/ul>\n<p>L'ensemble du processus prend g\u00e9n\u00e9ralement moins de trois minutes. Et c'est l\u00e0 que l'on voit \u00e0 quel point l'IA locale a progress\u00e9 : on t\u00e9l\u00e9charge un mod\u00e8le - et il fonctionne. Sans cloud, sans abonnement, sans risque. Ollama est aujourd'hui livr\u00e9 avec une interface utilisateur, de sorte que l'on peut se lancer directement. Ceux qui souhaitent \u00e9galement utiliser leur IA locale de Ollama sur leur smartphone peuvent t\u00e9l\u00e9charger l'application \u201e<em><strong>Reins - Chat pour Ollama\u201c<\/strong><\/em>\u00a0t\u00e9l\u00e9charger et utiliser l'IA locale en mobilit\u00e9.<\/p>\n<h3>Charger et utiliser des mod\u00e8les - aussi simple que d'\u00e9couter de la musique<\/h3>\n<p>Ollama apporte les mod\u00e8les sous forme de \u201epaquets pr\u00eats \u00e0 l'emploi\u201c, appel\u00e9s capsules de mod\u00e8les. On les charge comme un fichier - et on peut imm\u00e9diatement travailler avec. Le chargement dure quelques secondes, selon la taille. Ensuite, le chat s'ouvre - et on peut \u00e9crire, formuler, analyser, r\u00e9fl\u00e9chir, concevoir. Ce qui frappe imm\u00e9diatement :<\/p>\n<ul>\n<li>Les mod\u00e8les r\u00e9pondent librement, pas de mani\u00e8re compliqu\u00e9e.<\/li>\n<li>Il n'y a pas de pr\u00e9ambule moral.<\/li>\n<li>Il n'y a pas d'index p\u00e9dagogique.<\/li>\n<\/ul>\n<p>On obtient \u00e0 nouveau des d\u00e9clarations directes et claires. Et c'est l\u00e0 que se situe la v\u00e9ritable diff\u00e9rence avec le cloud : l'IA locale r\u00e9agit comme un outil traditionnel - elle n'intervient pas. Pour beaucoup, c'est une v\u00e9ritable lib\u00e9ration, car on retrouve le flux de travail auquel on \u00e9tait habitu\u00e9 auparavant avec GPT-4.<\/p>\n<h3>Travailler avec des interfaces graphiques : OpenWebUI, LM Studio et autres<\/h3>\n<p>Ceux qui souhaitent travailler enti\u00e8rement sans terminal utilisent une interface graphique. Les outils les plus populaires sont<\/p>\n<ul>\n<li><strong>OpenWebUI<\/strong> - interface de chat moderne avec fonction de sauvegarde, s\u00e9lection de mod\u00e8les, t\u00e9l\u00e9chargement de documents, g\u00e9n\u00e9ration d'images<\/li>\n<li><strong>LM Studio<\/strong> - particuli\u00e8rement facile, id\u00e9al pour les d\u00e9butants<\/li>\n<li><strong>AnythingLLM<\/strong> - pour des bases de connaissances compl\u00e8tes et l'analyse de documents<\/li>\n<\/ul>\n<p>Ces surfaces offrent de nombreux avantages :<\/p>\n<ul>\n<li>Historique de chat comme dans le cloud<\/li>\n<li>Gestion des mod\u00e8les en un clic de souris<\/li>\n<li>R\u00e9gler les invites syst\u00e8me<\/li>\n<li>Utiliser plusieurs mod\u00e8les en parall\u00e8le<\/li>\n<li>Analyser les fichiers par glisser-d\u00e9poser<\/li>\n<\/ul>\n<p>Ainsi, l'IA locale n'est pas seulement performante, elle est aussi pratique. Il n'est m\u00eame pas n\u00e9cessaire de savoir ce qui se passe en arri\u00e8re-plan - et c'est l\u00e0 que r\u00e9side la nouvelle force des mod\u00e8les locaux : ils ne s'interposent pas entre l'utilisateur et sa t\u00e2che.<\/p>\n<h3>Vie priv\u00e9e et contr\u00f4le : l'argument le plus important<\/h3>\n<p>Un point souvent sous-estim\u00e9, mais qui sera d\u00e9cisif dans les ann\u00e9es \u00e0 venir : L'IA locale ne quitte jamais l'ordinateur.<\/p>\n<ul>\n<li>pas de cloud<\/li>\n<li>pas de transmission de donn\u00e9es<\/li>\n<li>pas de protocole<\/li>\n<li>pas d'abonnement obligatoire<\/li>\n<li>pas d'\u00e9valuation par des tiers<\/li>\n<\/ul>\n<p>M\u00eame les documents confidentiels, les documents internes, les concepts commerciaux ou les notes priv\u00e9es peuvent \u00eatre analys\u00e9s sans risque. Cela n'est possible - juridiquement et pratiquement - que de mani\u00e8re limit\u00e9e dans le mod\u00e8le du cloud. L'IA locale est donc un \u00e9l\u00e9ment d'ind\u00e9pendance num\u00e9rique qui prend de plus en plus d'importance dans un monde technologique de plus en plus r\u00e9glement\u00e9 et surveill\u00e9.<\/p>\n<h3>Des exemples de qualit\u00e9 : Ce que les mod\u00e8les locaux apportent d\u00e9j\u00e0 aujourd'hui<\/h3>\n<p>Beaucoup sous-estiment la qualit\u00e9 des mod\u00e8les locaux. Les g\u00e9n\u00e9rations actuelles - llama3, gemma, phi3, mistral - r\u00e9solvent des t\u00e2ches avec une qualit\u00e9 plus que suffisante pour 90 % des travaux quotidiens :<\/p>\n<ul>\n<li>Projets de textes<\/li>\n<li>Article<\/li>\n<li>Analyses<\/li>\n<li>id\u00e9es cr\u00e9atives<\/li>\n<li>R\u00e9sum\u00e9s<\/li>\n<li>Code de programme<\/li>\n<li>Projets de strat\u00e9gie<\/li>\n<li>Notes de recherche<\/li>\n<\/ul>\n<p>Et ils le font sans d\u00e9lai, sans filtre, sans directives en cascade. L'utilisateur re\u00e7oit \u00e0 nouveau des r\u00e9ponses directes - l'essence m\u00eame de l'outil. Il en r\u00e9sulte quelque chose que beaucoup n'attendaient plus du tout : une renaissance de la culture informatique personnelle, dans laquelle la puissance de calcul a de nouveau lieu localement, et non pas d\u00e9localis\u00e9e.<\/p>\n<h3>Regard vers l'avenir : l'IA locale comme culture dominante \u00e0 venir<\/h3>\n<p>Tout indique que nous sommes ici au d\u00e9but d'une \u00e9volution \u00e0 long terme. Le secteur de l'IA va se d\u00e9velopper de mani\u00e8re double :<\/p>\n<ul>\n<li>le <strong>Ligne Cloud<\/strong>, Une \u00e9conomie marqu\u00e9e par la r\u00e9glementation, la s\u00e9curit\u00e9 et les int\u00e9r\u00eats des entreprises - performante, mais prudente<\/li>\n<li>le <strong>ligne locale<\/strong>, Le groupe de travail est caract\u00e9ris\u00e9 par la libert\u00e9, l'ouverture et le plaisir d'exp\u00e9rimenter - plus petit, mais souverain.<\/li>\n<\/ul>\n<p>Pour les utilisateurs professionnels, les auteurs, les d\u00e9veloppeurs, les chercheurs, les cr\u00e9ateurs, les entrepreneurs, le choix est presque tout trac\u00e9 :<br \/>\nL'avenir du travail productif se trouve l\u00e0 o\u00f9 l'on est ind\u00e9pendant. Et cet endroit n'est pas dans le cloud.<\/p>\n<p>Il est sur le bureau.<\/p>\n<h2>Articles compl\u00e9mentaires dans le magazine<\/h2>\n<p>Pour ceux qui souhaitent aller plus loin dans la pratique apr\u00e8s cet aper\u00e7u, le magazine propose d\u00e9j\u00e0 une s\u00e9rie d'articles d\u00e9taill\u00e9s qui abordent le th\u00e8me de l'IA locale sous des angles tr\u00e8s diff\u00e9rents.<\/p>\n<p>Nous recommandons tout particuli\u00e8rement l'\u00e9ditorial <a href=\"https:\/\/www.markus-schall.de\/fr\/2025\/08\/ki-local-sur-mac-donc-1tp12creez-un-modele-de-langage-avec-ollama\/\"><em><strong>\u201eIA locale sur Mac - comment 1TP12Cr\u00e9ez un mod\u00e8le linguistique avec Ollama\u201c<\/strong><\/em><\/a>, Le film montre pas \u00e0 pas comment l'IA moderne fonctionne aujourd'hui sur son propre ordinateur.<\/p>\n<p>En compl\u00e9ment, explique <a href=\"https:\/\/www.markus-schall.de\/fr\/2025\/08\/ollama-rencontre-qdrant-une-memoire-locale-pour-ton-ki-sur-mac\/\"><em><strong>\u201eOllama rencontre Qdrant - Une m\u00e9moire locale pour votre IA sur Mac\u201c<\/strong><\/em><\/a>, Les participants ont pu d\u00e9couvrir comment configurer les mod\u00e8les de mani\u00e8re \u00e0 ce qu'ils conservent les projets, enregistrent les connaissances et cr\u00e9ent ainsi pour la premi\u00e8re fois un v\u00e9ritable environnement de travail personnel.<\/p>\n<p>Le magazine met \u00e9galement clairement l'accent sur le contexte de l'entreprise : <a href=\"https:\/\/www.markus-schall.de\/fr\/2025\/09\/gfm-business-et-lavenir-de-lerp-lintelligence-locale-plutot-que-la-dependance-au-cloud\/\"><em><strong>\u201egFM-Business et l'avenir de l'ERP - l'intelligence locale plut\u00f4t que la d\u00e9pendance au cloud\u201c<\/strong><\/em><\/a> montre comment les entreprises peuvent int\u00e9grer l'IA de mani\u00e8re souveraine dans leur infrastructure existante, sans se man\u0153uvrer dans des d\u00e9pendances externes \u00e0 long terme.<\/p>\n<p>L'article <a href=\"https:\/\/www.markus-schall.de\/fr\/2025\/10\/la-dependance-numerique-comment-nous-avons-perdu-notre-autodetermination-au-profit-du-cloud\/\"><em><strong>\u201eD\u00e9pendance num\u00e9rique - comment nous avons perdu notre autod\u00e9termination au profit du cloud\u201c<\/strong><\/em><\/a> met en revanche en lumi\u00e8re les grandes lignes de notre \u00e9poque : pourquoi nous avons abandonn\u00e9 de nombreuses libert\u00e9s sans nous en rendre compte - et comment les syst\u00e8mes locaux peuvent nous aider \u00e0 les retrouver.<\/p>\n<p>En outre, il s'adresse <a href=\"https:\/\/www.markus-schall.de\/fr\/2025\/10\/comment-former-des-specialistes-du-ki-des-aujourdhui-opportunites-pour-les-entreprises-et-les-apprentis\/\"><em><strong>\u201eComment former des sp\u00e9cialistes de l'IA d\u00e8s aujourd'hui - opportunit\u00e9s pour les entreprises et les apprentis\u201c.\u201c<\/strong><\/em><\/a> aux entreprises qui souhaitent se lancer d\u00e8s maintenant : proche de la pratique, sans grands syst\u00e8mes co\u00fbteux, mais avec de r\u00e9elles perspectives d'avenir.<\/p>\n<p>Expliquer au niveau technique <a href=\"https:\/\/www.markus-schall.de\/fr\/2025\/11\/apple-mlx-vs-nvidia-comment-fonctionne-linference-ki-locale-sur-mac\/\"><em><strong>\u201eApple MLX versus NVIDIA - comment fonctionne l'inf\u00e9rence IA locale sur Mac\u201c<\/strong><\/em><\/a> ainsi que l'article de synth\u00e8se<\/p>\n<p><a href=\"https:\/\/www.markus-schall.de\/fr\/2025\/11\/ki-studio-2025-quel-materiel-vaut-vraiment-la-peine-du-mac-studio-a-la-rtx-3090\/\"><em><strong>\u201eKI Studio 2025 - Quel mat\u00e9riel vaut vraiment la peine, du Mac Studio \u00e0 la RTX 3090\u201c<\/strong><\/em><\/a>, Le but est de savoir quelles plateformes sont adapt\u00e9es aux diff\u00e9rents cas d'utilisation et comment utiliser au mieux ses propres ressources.<\/p>\n<p>Ensemble, ces articles forment une base compacte pour tous ceux qui veulent non seulement utiliser l'IA locale, mais aussi la comprendre et l'int\u00e9grer de mani\u00e8re souveraine dans leur monde du travail.<\/p>\n<hr \/>\n\n\t\t\t<div class=\"display-post-types\">\n\n\t\t\t\t\t\t\t<style type=\"text\/css\">\n\t\t\t#dpt-wrapper-5 { --dpt-text-align: left;--dpt-image-crop: center;--dpt-border-radius: 5px;--dpt-h-gutter: 10px;--dpt-v-gutter: 9px; }\t\t\t<\/style>\n\t\t\t<style type=\"text\/css\">#dpt-wrapper-5 { --dpt-title-font-style:normal;--dpt-title-font-weight:600;--dpt-title-line-height:1.5;--dpt-title-text-decoration:none;--dpt-title-text-transform:none;--dpt-excerpt-font-style:normal;--dpt-excerpt-font-weight:400;--dpt-excerpt-line-height:1.5;--dpt-excerpt-text-decoration:none;--dpt-excerpt-text-transform:none;--dpt-meta1-font-style:normal;--dpt-meta1-font-weight:400;--dpt-meta1-line-height:1.9;--dpt-meta1-text-decoration:none;--dpt-meta1-text-transform:none;--dpt-meta2-font-style:normal;--dpt-meta2-font-weight:400;--dpt-meta2-line-height:1.9;--dpt-meta2-text-decoration:none;--dpt-meta2-text-transform:none; }<\/style><div class=\"dpt-main-header\">\n\t\t\t\t\t\t<div class=\"dpt-main-title\">\n\t\t\t\t\t\t\t<span class=\"dpt-main-title-text\">Th\u00e8mes de soci\u00e9t\u00e9 contemporains<\/span>\n\t\t\t\t\t\t<\/div>\n\t\t\t\t\t\t\n\t\t\t\t\t\t\n\t\t\t\t\t\t\n\t\t\t\t\t\t<\/div>\t\t\t\n\t\t\t\t<div id=\"dpt-wrapper-5\" class=\"dpt-wrapper dpt-mag1 land1 dpt-cropped dpt-flex-wrap\" >\n\n\t\t\t\t\t\t\t\t\t\t\t<div class=\"dpt-entry has-thumbnail\" data-title=\"zustand der deutschen wirtschaft 2025: f\u00fcnf jahre krise, zahlen, trends und ausblick\" data-id=\"3773\"  data-category=\"allgemein gesellschaft\" data-post_tag=\"auswandern deutschland energiepolitik erfahrungen geopolitik krisen ratgeber\">\n\t\t\t\t\t\t\t<div class=\"dpt-entry-wrapper\"><div class=\"dpt-featured-content\"><div class=\"dpt-permalink\"><a href=\"https:\/\/www.markus-schall.de\/fr\/2025\/12\/etat-de-leconomie-allemande-en-2025-cinq-ans-de-crise-chiffres-tendances-et-perspectives\/\" class=\"dpt-permalink\"><span class=\"screen-reader-text\">L'\u00e9tat de l'\u00e9conomie allemande en 2025 : cinq ans de crise, chiffres, tendances et perspectives<\/span><\/a><\/div><div class=\"dpt-thumbnail\"><div class=\"dpt-thumbnail-inner\"><img width=\"1024\" height=\"683\" class=\"attachment-full size-full\" alt=\"\u00c9tat de l&#039;\u00e9conomie allemande en 2025\" context=\"dpt\" data-dpt-src=\"https:\/\/www.markus-schall.de\/wp-content\/uploads\/zustand-deutschland-2025.jpg\" data-dpt-sizes=\"(max-width: 1024px) 100vw, 1024px\" data-dpt-srcset=\"https:\/\/www.markus-schall.de\/wp-content\/uploads\/zustand-deutschland-2025.jpg 1024w, https:\/\/www.markus-schall.de\/wp-content\/uploads\/zustand-deutschland-2025-300x200.jpg 300w, https:\/\/www.markus-schall.de\/wp-content\/uploads\/zustand-deutschland-2025-768x512.jpg 768w, https:\/\/www.markus-schall.de\/wp-content\/uploads\/zustand-deutschland-2025-18x12.jpg 18w\" \/><\/div><span class=\"dpt-thumbnail-aspect-ratio\" style=\"padding-top: 75%\"><\/span><\/div><\/div><div class=\"sub-entry\"><h3 class=\"dpt-title\"><a class=\"dpt-title-link\" href=\"https:\/\/www.markus-schall.de\/fr\/2025\/12\/etat-de-leconomie-allemande-en-2025-cinq-ans-de-crise-chiffres-tendances-et-perspectives\/\" rel=\"bookmark\">L'\u00e9tat de l'\u00e9conomie allemande en 2025 : cinq ans de crise, chiffres, tendances et perspectives<\/a><\/h3><\/div><\/div>\n\t\t\t\t\t\t<\/div><!-- .dpt-entry -->\n\t\t\t\t\t\t\t\t\t\t\t\t<div class=\"dpt-entry has-thumbnail\" data-title=\"jan-josef liefers: ein portr\u00e4t \u00fcber haltung, herkunft und k\u00fcnstlerische freiheit\" data-id=\"3854\"  data-category=\"allgemein gesellschaft kunst &amp; kultur\" data-post_tag=\"deutschland erfahrungen krisen lernen meinungsfreiheit musik pers\u00f6nlichkeitsentwicklung portrait\">\n\t\t\t\t\t\t\t<div class=\"dpt-entry-wrapper\"><div class=\"dpt-featured-content\"><div class=\"dpt-permalink\"><a href=\"https:\/\/www.markus-schall.de\/fr\/2025\/12\/jan-josef-liefers-un-portrait-de-lattitude-des-origines-et-de-la-liberte-artistique\/\" class=\"dpt-permalink\"><span class=\"screen-reader-text\">Jan-Josef Liefers : un portrait sur l'attitude, l'origine et la libert\u00e9 artistique<\/span><\/a><\/div><div class=\"dpt-thumbnail\"><div class=\"dpt-thumbnail-inner\"><img width=\"1024\" height=\"683\" class=\"attachment-full size-full\" alt=\"Jan-Josef Liefers\" context=\"dpt\" data-dpt-src=\"https:\/\/www.markus-schall.de\/wp-content\/uploads\/jan-josef-liefers-silhouette.jpg\" data-dpt-sizes=\"(max-width: 1024px) 100vw, 1024px\" data-dpt-srcset=\"https:\/\/www.markus-schall.de\/wp-content\/uploads\/jan-josef-liefers-silhouette.jpg 1024w, https:\/\/www.markus-schall.de\/wp-content\/uploads\/jan-josef-liefers-silhouette-300x200.jpg 300w, https:\/\/www.markus-schall.de\/wp-content\/uploads\/jan-josef-liefers-silhouette-768x512.jpg 768w, https:\/\/www.markus-schall.de\/wp-content\/uploads\/jan-josef-liefers-silhouette-18x12.jpg 18w\" \/><\/div><span class=\"dpt-thumbnail-aspect-ratio\" style=\"padding-top: 75%\"><\/span><\/div><\/div><div class=\"sub-entry\"><h3 class=\"dpt-title\"><a class=\"dpt-title-link\" href=\"https:\/\/www.markus-schall.de\/fr\/2025\/12\/jan-josef-liefers-un-portrait-de-lattitude-des-origines-et-de-la-liberte-artistique\/\" rel=\"bookmark\">Jan-Josef Liefers : un portrait sur l'attitude, l'origine et la libert\u00e9 artistique<\/a><\/h3><\/div><\/div>\n\t\t\t\t\t\t<\/div><!-- .dpt-entry -->\n\t\t\t\t\t\t\t\t\t\t\t\t<div class=\"dpt-entry has-thumbnail\" data-title=\"gr\u00f6nland, trump und die frage der zugeh\u00f6rigkeit: geschichte, recht und realit\u00e4t\" data-id=\"4325\"  data-category=\"allgemein gesellschaft kunst &amp; kultur\" data-post_tag=\"europa geopolitik krisen meinungsfreiheit sicherheitspolitik spieltheorie\">\n\t\t\t\t\t\t\t<div class=\"dpt-entry-wrapper\"><div class=\"dpt-featured-content\"><div class=\"dpt-permalink\"><a href=\"https:\/\/www.markus-schall.de\/fr\/2026\/01\/groenland-trump-et-la-question-de-lappartenance-histoire-droit-et-realite\/\" class=\"dpt-permalink\"><span class=\"screen-reader-text\">Le Groenland, Trump et la question de l'appartenance : histoire, droit et r\u00e9alit\u00e9<\/span><\/a><\/div><div class=\"dpt-thumbnail\"><div class=\"dpt-thumbnail-inner\"><img width=\"1024\" height=\"683\" class=\"attachment-full size-full\" alt=\"Le Groenland dans la ligne de mire : les \u00c9tats-Unis et Trump\" context=\"dpt\" data-dpt-src=\"https:\/\/www.markus-schall.de\/wp-content\/uploads\/Groenland-USA-Trump-Titel.jpg\" data-dpt-sizes=\"(max-width: 1024px) 100vw, 1024px\" data-dpt-srcset=\"https:\/\/www.markus-schall.de\/wp-content\/uploads\/Groenland-USA-Trump-Titel.jpg 1024w, https:\/\/www.markus-schall.de\/wp-content\/uploads\/Groenland-USA-Trump-Titel-300x200.jpg 300w, https:\/\/www.markus-schall.de\/wp-content\/uploads\/Groenland-USA-Trump-Titel-768x512.jpg 768w, https:\/\/www.markus-schall.de\/wp-content\/uploads\/Groenland-USA-Trump-Titel-18x12.jpg 18w\" \/><\/div><span class=\"dpt-thumbnail-aspect-ratio\" style=\"padding-top: 75%\"><\/span><\/div><\/div><div class=\"sub-entry\"><h3 class=\"dpt-title\"><a class=\"dpt-title-link\" href=\"https:\/\/www.markus-schall.de\/fr\/2026\/01\/groenland-trump-et-la-question-de-lappartenance-histoire-droit-et-realite\/\" rel=\"bookmark\">Le Groenland, Trump et la question de l'appartenance : histoire, droit et r\u00e9alit\u00e9<\/a><\/h3><\/div><\/div>\n\t\t\t\t\t\t<\/div><!-- .dpt-entry -->\n\t\t\t\t\t\t\t\t\t\t\t\t<div class=\"dpt-entry has-thumbnail\" data-title=\"regelbasierte weltordnung und v\u00f6lkerrecht: zwischen anspruch, realit\u00e4t und rechtsbruch\" data-id=\"4275\"  data-category=\"allgemein gesellschaft\" data-post_tag=\"denkmodelle eu-gesetze europa geopolitik krisen sicherheitspolitik\">\n\t\t\t\t\t\t\t<div class=\"dpt-entry-wrapper\"><div class=\"dpt-featured-content\"><div class=\"dpt-permalink\"><a href=\"https:\/\/www.markus-schall.de\/fr\/2026\/01\/lordre-mondial-fonde-sur-des-regles-et-le-droit-international-public-entre-exigence-de-realite-et-violation-du-droit\/\" class=\"dpt-permalink\"><span class=\"screen-reader-text\">Ordre mondial fond\u00e9 sur des r\u00e8gles et droit international : entre ambition, r\u00e9alit\u00e9 et violation du droit<\/span><\/a><\/div><div class=\"dpt-thumbnail\"><div class=\"dpt-thumbnail-inner\"><img width=\"1024\" height=\"683\" class=\"attachment-full size-full\" alt=\"Droit international et ordre mondial fond\u00e9 sur des r\u00e8gles\" context=\"dpt\" data-dpt-src=\"https:\/\/www.markus-schall.de\/wp-content\/uploads\/voelkerrecht-weltordnung-titel.jpg\" data-dpt-sizes=\"(max-width: 1024px) 100vw, 1024px\" data-dpt-srcset=\"https:\/\/www.markus-schall.de\/wp-content\/uploads\/voelkerrecht-weltordnung-titel.jpg 1024w, https:\/\/www.markus-schall.de\/wp-content\/uploads\/voelkerrecht-weltordnung-titel-300x200.jpg 300w, https:\/\/www.markus-schall.de\/wp-content\/uploads\/voelkerrecht-weltordnung-titel-768x512.jpg 768w, https:\/\/www.markus-schall.de\/wp-content\/uploads\/voelkerrecht-weltordnung-titel-18x12.jpg 18w\" \/><\/div><span class=\"dpt-thumbnail-aspect-ratio\" style=\"padding-top: 75%\"><\/span><\/div><\/div><div class=\"sub-entry\"><h3 class=\"dpt-title\"><a class=\"dpt-title-link\" href=\"https:\/\/www.markus-schall.de\/fr\/2026\/01\/lordre-mondial-fonde-sur-des-regles-et-le-droit-international-public-entre-exigence-de-realite-et-violation-du-droit\/\" rel=\"bookmark\">Ordre mondial fond\u00e9 sur des r\u00e8gles et droit international : entre ambition, r\u00e9alit\u00e9 et violation du droit<\/a><\/h3><\/div><\/div>\n\t\t\t\t\t\t<\/div><!-- .dpt-entry -->\n\t\t\t\t\t\t\n\t\t\t\t<\/div>\n\t\t\t\t\t\t<\/div>\n\t\t\t\n<hr \/>\n<h2>Foire aux questions<\/h2>\n<ol>\n<li><strong>Pourquoi les IA en nuage modernes ont-elles soudain l'air de faire la le\u00e7on ?<\/strong><br \/>\nDe nombreux utilisateurs remarquent que les IA du cloud se comportent de mani\u00e8re beaucoup plus p\u00e9dagogique depuis GPT-4.1 et surtout depuis GPT-5. Cela s'explique principalement par le fait que les grands fournisseurs sont soumis \u00e0 une pression juridique et politique consid\u00e9rable et qu'ils utilisent donc de plus en plus de filtres de s\u00e9curit\u00e9 destin\u00e9s \u00e0 d\u00e9samorcer chaque d\u00e9claration de mani\u00e8re \u00e0 ce qu'aucun risque ne soit encouru. Ces pr\u00e9cautions se r\u00e9percutent sur le ton des r\u00e9ponses, de sorte que les mod\u00e8les ressemblent davantage \u00e0 des mod\u00e9rateurs ou \u00e0 des surveillants qu'\u00e0 des outils neutres.<\/li>\n<li><strong>Pourquoi la GPT-4.0 semble-t-elle fonctionner moins bien qu'auparavant ?<\/strong><br \/>\nBien que le GPT-4 soit encore officiellement disponible, de nombreux utilisateurs rapportent qu'il ne fournit plus que des r\u00e9ponses courtes ou interrompues. Il semble ainsi pratiquement inutilisable. Il n'est pas possible de dire avec certitude si cela est d\u00fb \u00e0 des raisons techniques ou \u00e0 une strat\u00e9gie de transition d\u00e9lib\u00e9r\u00e9e vers la g\u00e9n\u00e9ration 5. Dans les faits, le mod\u00e8le perd toutefois sa force d'antan et contraint indirectement les utilisateurs \u00e0 se tourner vers les nouvelles versions, qui sont plus r\u00e9glement\u00e9es.<\/li>\n<li><strong>Cette \u00e9volution signifie-t-elle que l'IA en nuage sera moins utilisable \u00e0 l'avenir ?<\/strong><br \/>\nL'IA en nuage reste puissante, mais elle sera de plus en plus encadr\u00e9e par des directives, des r\u00e8gles de conformit\u00e9 et des pressions politiques. Cela signifie qu'elle restera impressionnante sur le plan technique, mais que son contenu sera plus prudent, plus filtr\u00e9 et moins libre. Pour de nombreuses t\u00e2ches cr\u00e9atives, analytiques ou non conventionnelles, c'est un net d\u00e9savantage, raison pour laquelle de plus en plus d'utilisateurs cherchent des alternatives.<\/li>\n<li><strong>Pourquoi les entreprises d'IA mettent-elles en place autant de m\u00e9canismes de s\u00e9curit\u00e9 ?<\/strong><br \/>\nLa raison en est la somme des r\u00e9glementations, des risques de responsabilit\u00e9 et de la perception du public. Chaque erreur, chaque r\u00e9ponse mal interpr\u00e9t\u00e9e d'une IA peut avoir des cons\u00e9quences juridiques ou m\u00e9diatiques pour une entreprise. Afin d'exclure de tels risques, les fournisseurs mettent en place des filtres et des directives exhaustifs qui doivent \u201es\u00e9curiser\u201c toutes les r\u00e9ponses. Ce m\u00e9canisme de protection est compr\u00e9hensible du point de vue de l'entreprise, mais souvent g\u00eanant du point de vue de l'utilisateur.<\/li>\n<li><strong>Qu'est-ce qui diff\u00e9rencie fondamentalement l'IA locale de l'IA en nuage ?<\/strong><br \/>\nL'IA locale fonctionne enti\u00e8rement sur le propre appareil de l'utilisateur et n'est donc pas li\u00e9e \u00e0 des directives politiques ou d'entreprise. Elle filtre \u00e0 peine, ne fait pas la le\u00e7on et travaille directement selon les directives de l'utilisateur. En outre, toutes les donn\u00e9es restent sur l'ordinateur personnel. Cela conf\u00e8re \u00e0 l'utilisateur non seulement plus de libert\u00e9, mais aussi plus de vie priv\u00e9e et de contr\u00f4le.<\/li>\n<li><strong>Du mat\u00e9riel sp\u00e9cifique est-il n\u00e9cessaire pour utiliser l'IA locale ?<\/strong><br \/>\nDans la plupart des cas, non. Les mod\u00e8les locaux modernes sont \u00e9tonnamment efficaces et fonctionnent d\u00e9j\u00e0 sur des Macs typiques avec des puces M ou sur des ordinateurs Windows courants. Bien s\u00fbr, les mod\u00e8les plus grands b\u00e9n\u00e9ficient de plus de RAM ou d'un GPU, mais pour de nombreuses t\u00e2ches quotidiennes, les mod\u00e8les de taille petite \u00e0 moyenne suffisent amplement, sans n\u00e9cessiter de mat\u00e9riel sp\u00e9cialis\u00e9 co\u00fbteux.<\/li>\n<li><strong>Comment l'installation d'une IA locale sur un Mac fonctionne-t-elle en pratique ?<\/strong><br \/>\nLe moyen le plus simple est d'utiliser Ollama. On t\u00e9l\u00e9charge un paquet d'installation, on l'ouvre et on peut imm\u00e9diatement commencer. M\u00eame la commande classique du terminal est devenue optionnelle. D\u00e8s que Ollama est installiert, on peut lancer un mod\u00e8le avec une simple commande comme \u201eollama run llama3\u201c. L'obstacle est aussi faible qu'auparavant pour l'installation d'un programme normal.<\/li>\n<li><strong>Comment configurer l'IA locale sous Windows ?<\/strong><br \/>\nSous Windows, on utilise \u00e9galement le programme d'installation Ollama, qui ne n\u00e9cessite aucune pr\u00e9paration suppl\u00e9mentaire. Apr\u00e8s l'installation, les mod\u00e8les peuvent \u00eatre ex\u00e9cut\u00e9s imm\u00e9diatement. Ceux qui pr\u00e9f\u00e8rent utiliser une interface graphique peuvent se tourner vers LM Studio ou OpenWebUI, dont l'utilisation est aussi simple que celle d'un logiciel d'application ordinaire.<\/li>\n<li><strong>Quels sont les mod\u00e8les qui conviennent particuli\u00e8rement aux d\u00e9butants ?<\/strong><br \/>\nDe nombreux utilisateurs commencent avec succ\u00e8s avec Llama 3 parce qu'il est pr\u00e9cis, polyvalent et linguistiquement fort. Phi-3, qui donne des r\u00e9sultats impressionnants malgr\u00e9 la petite taille du mod\u00e8le, est tout aussi populaire. Gemma convient \u00e9galement bien, surtout pour les travaux cr\u00e9atifs ou \u00e0 forte teneur en texte. Ces mod\u00e8les fonctionnent rapidement et de mani\u00e8re stable, sans qu'il soit n\u00e9cessaire de se familiariser longuement avec eux. Ceux qui disposent de plus de ressources sont tr\u00e8s bien servis par GPT-OSS 20B ou 120B.<\/li>\n<li><strong>Les mod\u00e8les locaux peuvent-ils vraiment rivaliser avec les GPT-4 ou GPT-5 ?<\/strong><br \/>\nPour de nombreuses t\u00e2ches quotidiennes, ils y parviennent \u00e9tonnamment bien. Pour les sujets tr\u00e8s sp\u00e9cialis\u00e9s, l'\u00e9cart existe encore, mais il se comble rapidement. Les mod\u00e8les locaux ont l'avantage d'\u00eatre moins limit\u00e9s et de r\u00e9pondre plus directement. Dans l'ensemble, ils semblent donc souvent plus libres et plus naturels, m\u00eame s'ils sont techniquement un peu plus petits.<\/li>\n<li><strong>L'IA locale est-elle plus s\u00fbre dans le traitement des donn\u00e9es sensibles ?<\/strong><br \/>\nOui, clairement. Comme tout le traitement a lieu sur le propre appareil, les donn\u00e9es saisies ne quittent jamais l'ordinateur. Il n'y a pas de traitement en nuage, pas de stockage sur des serveurs \u00e9trangers et pas d'\u00e9valuation par des tiers. C'est un avantage d\u00e9cisif, notamment pour les documents professionnels, les dossiers confidentiels ou les notes priv\u00e9es.<\/li>\n<li><strong>L'IA locale peut-elle \u00eatre utilis\u00e9e sans connexion Internet ?<\/strong><br \/>\nOui, c'est l'un de ses principaux avantages. D\u00e8s que le mod\u00e8le installiert, il peut \u00eatre utilis\u00e9 enti\u00e8rement hors ligne. L'ordinateur devient ainsi un environnement de travail autonome, dans lequel on travaille ind\u00e9pendamment des services externes. C'est particuli\u00e8rement utile en voyage, dans les r\u00e9seaux s\u00e9curis\u00e9s ou dans les environnements o\u00f9 la protection des donn\u00e9es est une priorit\u00e9 absolue.<\/li>\n<li><strong>Les mod\u00e8les locaux sont-ils bien adapt\u00e9s aux textes longs ?<\/strong><br \/>\nLa plupart des mod\u00e8les modernes g\u00e8rent aujourd'hui sans probl\u00e8me les longs articles, analyses ou concepts. Ils ne sont pas tout \u00e0 fait aussi affin\u00e9s que GPT-5, mais sont en revanche plus libres de filtres et souvent plus directs dans leur style. Ils sont bien adapt\u00e9s aux textes volumineux, aux collections d'id\u00e9es ou aux documentations techniques et permettent un travail productif sans restrictions.<\/li>\n<li><strong>Les mod\u00e8les locaux ont-ils au moins des filtres de s\u00e9curit\u00e9 ?<\/strong><br \/>\nUne certaine protection de base est g\u00e9n\u00e9ralement disponible, mais elle est nettement plus faible que pour l'IA en nuage. \u00c9tant donn\u00e9 que les mod\u00e8les fonctionnent sur leur propre appareil, l'utilisateur peut d\u00e9cider lui-m\u00eame quelles restrictions sont utiles. Cette marge de man\u0153uvre permet \u00e0 l'IA locale d'\u00eatre beaucoup plus flexible et moins paternaliste.<\/li>\n<li><strong>Comment tester ou comparer diff\u00e9rents mod\u00e8les ?<\/strong><br \/>\nOllama, LM Studio ou OpenWebUI rendent le changement de mod\u00e8le tr\u00e8s facile. Il est possible d'utiliser plusieurs mod\u00e8les en install parall\u00e8le, de passer de l'un \u00e0 l'autre et de comparer leurs points forts. On obtient ainsi un ensemble personnel de mod\u00e8les pr\u00e9f\u00e9r\u00e9s qui correspondent exactement \u00e0 son propre style de travail. Le processus est simple et rappelle davantage le test de diff\u00e9rentes applications que la recherche classique en IA.<\/li>\n<li><strong>Quels sont les avantages des mod\u00e8les locaux pour les entreprises ?<\/strong><br \/>\nLes entreprises profitent avant tout de la souverainet\u00e9 totale des donn\u00e9es, car pas de cloud signifie pas de stockage externe. De plus, il n'y a plus de d\u00e9pendance \u00e0 long terme vis-\u00e0-vis de services externes et d'abonnements co\u00fbteux. Les mod\u00e8les peuvent \u00eatre adapt\u00e9s, \u00e9tendus ou m\u00eame entra\u00een\u00e9s en interne. L'int\u00e9gration dans les processus existants est souvent plus facile, car on garde le contr\u00f4le total et on n'est pas li\u00e9 \u00e0 une infrastructure \u00e9trang\u00e8re.<\/li>\n<li><strong>Les mod\u00e8les locaux peuvent-ils \u00eatre entra\u00een\u00e9s individuellement ?<\/strong><br \/>\nOui, c'est m\u00eame l'un des principaux avantages. Gr\u00e2ce \u00e0 des techniques telles que LoRA ou Feintuning, les mod\u00e8les peuvent \u00eatre adapt\u00e9s aux contenus, processus ou documents propres \u00e0 l'entreprise. Il en r\u00e9sulte une base de connaissances personnelle qui est utilis\u00e9e et d\u00e9velopp\u00e9e exclusivement en interne, sans que les donn\u00e9es sensibles ne quittent l'entreprise.<\/li>\n<li><strong>En quoi les mod\u00e8les locaux courants se distinguent-ils qualitativement ?<\/strong><br \/>\nChaque mod\u00e8le a son propre caract\u00e8re. Llama 3 est tr\u00e8s pr\u00e9cis et \u00e9quilibr\u00e9, Gemma semble cr\u00e9atif et souple au niveau du langage, Phi-3 surprend par son efficacit\u00e9 et son intelligence, tandis que Mistral et Qwen sont particuli\u00e8rement forts sur le plan analytique. Cette richesse de variantes permet de choisir le mod\u00e8le le plus adapt\u00e9 \u00e0 ses besoins et d'en changer avec souplesse lorsqu'une t\u00e2che l'exige.<\/li>\n<li><strong>Les mod\u00e8les locaux peuvent-ils aussi g\u00e9n\u00e9rer des images ?<\/strong><br \/>\nOui, des outils comme OpenWebUI permettent de faire fonctionner des g\u00e9n\u00e9rateurs d'images comme Stable Diffusion de mani\u00e8re enti\u00e8rement locale. Les r\u00e9sultats d\u00e9pendent du mat\u00e9riel disponible, mais m\u00eame avec des ressources mod\u00e9r\u00e9es, il est possible de g\u00e9n\u00e9rer des images solides. L'avantage reste le m\u00eame : aucune donn\u00e9e n'est envoy\u00e9e \u00e0 des services externes.<\/li>\n<li><strong>Pour qui le passage \u00e0 l'IA locale est-il particuli\u00e8rement int\u00e9ressant ?<\/strong><br \/>\nL'IA locale est id\u00e9ale pour les utilisateurs qui souhaitent travailler de mani\u00e8re souveraine et ind\u00e9pendante. Il s'agit notamment des auteurs, des d\u00e9veloppeurs, des chercheurs, des entrepreneurs et de tous ceux qui souhaitent traiter des informations sensibles ou exp\u00e9rimenter des processus cr\u00e9atifs sans filtre. Ceux qui attachent de l'importance au contr\u00f4le, \u00e0 la protection des donn\u00e9es et \u00e0 la libert\u00e9 trouveront dans les mod\u00e8les locaux la solution ad\u00e9quate et retrouveront un environnement de travail qui n'existe plus sous cette forme dans le cloud.<\/li>\n<\/ol>\n<hr \/>\n\n\t\t\t<div class=\"display-post-types\">\n\n\t\t\t\t\t\t\t<style type=\"text\/css\">\n\t\t\t#dpt-wrapper-6 { --dpt-text-align: left;--dpt-image-crop: center;--dpt-border-radius: 5px;--dpt-h-gutter: 10px;--dpt-v-gutter: 9px; }\t\t\t<\/style>\n\t\t\t<style type=\"text\/css\">#dpt-wrapper-6 { --dpt-title-font-style:normal;--dpt-title-font-weight:600;--dpt-title-line-height:1.5;--dpt-title-text-decoration:none;--dpt-title-text-transform:none;--dpt-excerpt-font-style:normal;--dpt-excerpt-font-weight:400;--dpt-excerpt-line-height:1.5;--dpt-excerpt-text-decoration:none;--dpt-excerpt-text-transform:none;--dpt-meta1-font-style:normal;--dpt-meta1-font-weight:400;--dpt-meta1-line-height:1.9;--dpt-meta1-text-decoration:none;--dpt-meta1-text-transform:none;--dpt-meta2-font-style:normal;--dpt-meta2-font-weight:400;--dpt-meta2-line-height:1.9;--dpt-meta2-text-decoration:none;--dpt-meta2-text-transform:none; }<\/style><div class=\"dpt-main-header\">\n\t\t\t\t\t\t<div class=\"dpt-main-title\">\n\t\t\t\t\t\t\t<span class=\"dpt-main-title-text\">Derniers articles sur Art &amp; Culture<\/span>\n\t\t\t\t\t\t<\/div>\n\t\t\t\t\t\t\n\t\t\t\t\t\t\n\t\t\t\t\t\t\n\t\t\t\t\t\t<\/div>\t\t\t\n\t\t\t\t<div id=\"dpt-wrapper-6\" class=\"dpt-wrapper dpt-mag1 land1 dpt-cropped dpt-flex-wrap\" >\n\n\t\t\t\t\t\t\t\t\t\t\t<div class=\"dpt-entry has-thumbnail\" data-title=\"beruf, weltbild, zukunft: entscheidungen im schatten des umbruchs\" data-id=\"3197\"  data-category=\"allgemein gesellschaft kunst &amp; kultur tipps &amp; anleitungen\" data-post_tag=\"erfahrungen krisen pers\u00f6nlichkeitsentwicklung ratgeber\">\n\t\t\t\t\t\t\t<div class=\"dpt-entry-wrapper\"><div class=\"dpt-featured-content\"><div class=\"dpt-permalink\"><a href=\"https:\/\/www.markus-schall.de\/fr\/2025\/10\/profession-vision-du-monde-avenir-decisions-a-lombre-du-bouleversement\/\" class=\"dpt-permalink\"><span class=\"screen-reader-text\">Profession, vision du monde, avenir : des d\u00e9cisions \u00e0 l'ombre des bouleversements<\/span><\/a><\/div><div class=\"dpt-thumbnail\"><div class=\"dpt-thumbnail-inner\"><img width=\"1024\" height=\"683\" class=\"attachment-full size-full\" alt=\"Des d\u00e9cisions \u00e0 l&#039;ombre des bouleversements\" context=\"dpt\" data-dpt-src=\"https:\/\/www.markus-schall.de\/wp-content\/uploads\/Entscheidungen-im-Schatten-Umbruch.jpg\" data-dpt-sizes=\"(max-width: 1024px) 100vw, 1024px\" data-dpt-srcset=\"https:\/\/www.markus-schall.de\/wp-content\/uploads\/Entscheidungen-im-Schatten-Umbruch.jpg 1024w, https:\/\/www.markus-schall.de\/wp-content\/uploads\/Entscheidungen-im-Schatten-Umbruch-300x200.jpg 300w, https:\/\/www.markus-schall.de\/wp-content\/uploads\/Entscheidungen-im-Schatten-Umbruch-768x512.jpg 768w, https:\/\/www.markus-schall.de\/wp-content\/uploads\/Entscheidungen-im-Schatten-Umbruch-18x12.jpg 18w\" \/><\/div><span class=\"dpt-thumbnail-aspect-ratio\" style=\"padding-top: 75%\"><\/span><\/div><\/div><div class=\"sub-entry\"><h3 class=\"dpt-title\"><a class=\"dpt-title-link\" href=\"https:\/\/www.markus-schall.de\/fr\/2025\/10\/profession-vision-du-monde-avenir-decisions-a-lombre-du-bouleversement\/\" rel=\"bookmark\">Profession, vision du monde, avenir : des d\u00e9cisions \u00e0 l'ombre des bouleversements<\/a><\/h3><\/div><\/div>\n\t\t\t\t\t\t<\/div><!-- .dpt-entry -->\n\t\t\t\t\t\t\t\t\t\t\t\t<div class=\"dpt-entry has-thumbnail\" data-title=\"reichweite ist kein eigentum \u2013 warum sichtbarkeit heute nicht mehr ausreicht\" data-id=\"3994\"  data-category=\"allgemein featured filemaker &amp; erp gesellschaft kunst &amp; kultur\" data-post_tag=\"datenlogik datenschutz denkmodelle digitales eigentum erp-software\">\n\t\t\t\t\t\t\t<div class=\"dpt-entry-wrapper\"><div class=\"dpt-featured-content\"><div class=\"dpt-permalink\"><a href=\"https:\/\/www.markus-schall.de\/fr\/2025\/12\/la-portee-nest-pas-la-propriete-pourquoi-la-visibilite-ne-suffit-plus-aujourdhui\/\" class=\"dpt-permalink\"><span class=\"screen-reader-text\">La port\u00e9e n'est pas la propri\u00e9t\u00e9 - Pourquoi la visibilit\u00e9 ne suffit plus aujourd'hui<\/span><\/a><\/div><div class=\"dpt-thumbnail\"><div class=\"dpt-thumbnail-inner\"><img width=\"1024\" height=\"683\" class=\"attachment-full size-full\" alt=\"Port\u00e9e vs. propri\u00e9t\u00e9\" context=\"dpt\" data-dpt-src=\"https:\/\/www.markus-schall.de\/wp-content\/uploads\/reichweite-vs-eigentum.jpg\" data-dpt-sizes=\"(max-width: 1024px) 100vw, 1024px\" data-dpt-srcset=\"https:\/\/www.markus-schall.de\/wp-content\/uploads\/reichweite-vs-eigentum.jpg 1024w, https:\/\/www.markus-schall.de\/wp-content\/uploads\/reichweite-vs-eigentum-300x200.jpg 300w, https:\/\/www.markus-schall.de\/wp-content\/uploads\/reichweite-vs-eigentum-768x512.jpg 768w, https:\/\/www.markus-schall.de\/wp-content\/uploads\/reichweite-vs-eigentum-18x12.jpg 18w\" \/><\/div><span class=\"dpt-thumbnail-aspect-ratio\" style=\"padding-top: 75%\"><\/span><\/div><\/div><div class=\"sub-entry\"><h3 class=\"dpt-title\"><a class=\"dpt-title-link\" href=\"https:\/\/www.markus-schall.de\/fr\/2025\/12\/la-portee-nest-pas-la-propriete-pourquoi-la-visibilite-ne-suffit-plus-aujourdhui\/\" rel=\"bookmark\">La port\u00e9e n'est pas la propri\u00e9t\u00e9 - Pourquoi la visibilit\u00e9 ne suffit plus aujourd'hui<\/a><\/h3><\/div><\/div>\n\t\t\t\t\t\t<\/div><!-- .dpt-entry -->\n\t\t\t\t\t\t\t\t\t\t\t\t<div class=\"dpt-entry has-thumbnail\" data-title=\"die krimtataren \u2013 geschichte, herkunft und gegenwart eines vergessenen volkes\" data-id=\"4154\"  data-category=\"allgemein gesellschaft kunst &amp; kultur\" data-post_tag=\"europa geopolitik krisen meinungsfreiheit\">\n\t\t\t\t\t\t\t<div class=\"dpt-entry-wrapper\"><div class=\"dpt-featured-content\"><div class=\"dpt-permalink\"><a href=\"https:\/\/www.markus-schall.de\/fr\/2025\/12\/les-tatars-de-crimee-lhistoire-lorigine-et-le-present-dun-peuple-oublie\/\" class=\"dpt-permalink\"><span class=\"screen-reader-text\">Les Tatars de Crim\u00e9e - histoire, origine et pr\u00e9sent d'un peuple oubli\u00e9<\/span><\/a><\/div><div class=\"dpt-thumbnail\"><div class=\"dpt-thumbnail-inner\"><img width=\"1024\" height=\"683\" class=\"attachment-full size-full\" alt=\"Steppe tartare de Crim\u00e9e\" context=\"dpt\" data-dpt-src=\"https:\/\/www.markus-schall.de\/wp-content\/uploads\/Krimtartaren-Steppe.jpg\" data-dpt-sizes=\"(max-width: 1024px) 100vw, 1024px\" data-dpt-srcset=\"https:\/\/www.markus-schall.de\/wp-content\/uploads\/Krimtartaren-Steppe.jpg 1024w, https:\/\/www.markus-schall.de\/wp-content\/uploads\/Krimtartaren-Steppe-300x200.jpg 300w, https:\/\/www.markus-schall.de\/wp-content\/uploads\/Krimtartaren-Steppe-768x512.jpg 768w, https:\/\/www.markus-schall.de\/wp-content\/uploads\/Krimtartaren-Steppe-18x12.jpg 18w\" \/><\/div><span class=\"dpt-thumbnail-aspect-ratio\" style=\"padding-top: 75%\"><\/span><\/div><\/div><div class=\"sub-entry\"><h3 class=\"dpt-title\"><a class=\"dpt-title-link\" href=\"https:\/\/www.markus-schall.de\/fr\/2025\/12\/les-tatars-de-crimee-lhistoire-lorigine-et-le-present-dun-peuple-oublie\/\" rel=\"bookmark\">Les Tatars de Crim\u00e9e - histoire, origine et pr\u00e9sent d'un peuple oubli\u00e9<\/a><\/h3><\/div><\/div>\n\t\t\t\t\t\t<\/div><!-- .dpt-entry -->\n\t\t\t\t\t\t\t\t\t\t\t\t<div class=\"dpt-entry has-thumbnail\" data-title=\"warum dieter bohlen spricht, wenn andere schweigen: ein portr\u00e4t \u00fcber flei\u00df und klarheit\" data-id=\"3744\"  data-category=\"allgemein gesellschaft kunst &amp; kultur\" data-post_tag=\"auswandern deutschland erfahrungen krisen meinungsfreiheit musik portrait\">\n\t\t\t\t\t\t\t<div class=\"dpt-entry-wrapper\"><div class=\"dpt-featured-content\"><div class=\"dpt-permalink\"><a href=\"https:\/\/www.markus-schall.de\/fr\/2025\/12\/pourquoi-dieter-bohlen-parle-quand-dautres-se-taisent-un-portrait-sur-le-travail-et-la-clarte\/\" class=\"dpt-permalink\"><span class=\"screen-reader-text\">Pourquoi Dieter Bohlen parle quand les autres se taisent : Un portrait sur l'assiduit\u00e9 et la clart\u00e9<\/span><\/a><\/div><div class=\"dpt-thumbnail\"><div class=\"dpt-thumbnail-inner\"><img width=\"1024\" height=\"683\" class=\"attachment-full size-full\" alt=\"\" context=\"dpt\" data-dpt-src=\"https:\/\/www.markus-schall.de\/wp-content\/uploads\/Dieter-Bohlen-Portrait.jpg\" data-dpt-sizes=\"(max-width: 1024px) 100vw, 1024px\" data-dpt-srcset=\"https:\/\/www.markus-schall.de\/wp-content\/uploads\/Dieter-Bohlen-Portrait.jpg 1024w, https:\/\/www.markus-schall.de\/wp-content\/uploads\/Dieter-Bohlen-Portrait-300x200.jpg 300w, https:\/\/www.markus-schall.de\/wp-content\/uploads\/Dieter-Bohlen-Portrait-768x512.jpg 768w, https:\/\/www.markus-schall.de\/wp-content\/uploads\/Dieter-Bohlen-Portrait-18x12.jpg 18w\" \/><\/div><span class=\"dpt-thumbnail-aspect-ratio\" style=\"padding-top: 75%\"><\/span><\/div><\/div><div class=\"sub-entry\"><h3 class=\"dpt-title\"><a class=\"dpt-title-link\" href=\"https:\/\/www.markus-schall.de\/fr\/2025\/12\/pourquoi-dieter-bohlen-parle-quand-dautres-se-taisent-un-portrait-sur-le-travail-et-la-clarte\/\" rel=\"bookmark\">Pourquoi Dieter Bohlen parle quand les autres se taisent : Un portrait sur l'assiduit\u00e9 et la clart\u00e9<\/a><\/h3><\/div><\/div>\n\t\t\t\t\t\t<\/div><!-- .dpt-entry -->\n\t\t\t\t\t\t\n\t\t\t\t<\/div>\n\t\t\t\t\t\t<\/div>\n\t\t\t\n<hr \/>","protected":false},"excerpt":{"rendered":"<p>Lorsque les grands mod\u00e8les linguistiques ont triomph\u00e9 il y a quelques ann\u00e9es, ils ont presque eu l'air d'un retour aux anciennes vertus de la technique : un outil qui fait ce qu'on lui dit de faire. Un outil qui sert l'utilisateur, et non l'inverse. Les premi\u00e8res versions - de GPT-3 \u00e0 GPT-4 - avaient des faiblesses, oui, mais elles \u00e9taient \u00e9tonnamment utiles. Elles ... <a title=\"Pourquoi Dieter Bohlen parle quand les autres se taisent : Un portrait sur l&#039;assiduit\u00e9 et la clart\u00e9\" class=\"read-more\" href=\"https:\/\/www.markus-schall.de\/fr\/2025\/12\/pourquoi-dieter-bohlen-parle-quand-dautres-se-taisent-un-portrait-sur-le-travail-et-la-clarte\/\" aria-label=\"En savoir plus sur Pourquoi Dieter Bohlen parle quand les autres se taisent : Un portrait sur l&#039;assiduit\u00e9 et la clart\u00e9\">Lire la suite<\/a><\/p>","protected":false},"author":1,"featured_media":3927,"comment_status":"open","ping_status":"open","sticky":false,"template":"","format":"standard","meta":{"iawp_total_views":102,"footnotes":""},"categories":[431,15,147],"tags":[469,473,471,435,433,476,437,465,453,432,434],"class_list":["post-3887","post","type-post","status-publish","format-standard","has-post-thumbnail","hentry","category-ki-systeme","category-apple-macos","category-hardware","tag-datenschutz","tag-digitales-eigentum","tag-kuenstliche-intelligenz","tag-llama","tag-llm","tag-meinungsfreiheit","tag-mistral","tag-mlx","tag-neo4j","tag-ollama","tag-sprachmodell"],"_links":{"self":[{"href":"https:\/\/www.markus-schall.de\/fr\/wp-json\/wp\/v2\/posts\/3887","targetHints":{"allow":["GET"]}}],"collection":[{"href":"https:\/\/www.markus-schall.de\/fr\/wp-json\/wp\/v2\/posts"}],"about":[{"href":"https:\/\/www.markus-schall.de\/fr\/wp-json\/wp\/v2\/types\/post"}],"author":[{"embeddable":true,"href":"https:\/\/www.markus-schall.de\/fr\/wp-json\/wp\/v2\/users\/1"}],"replies":[{"embeddable":true,"href":"https:\/\/www.markus-schall.de\/fr\/wp-json\/wp\/v2\/comments?post=3887"}],"version-history":[{"count":11,"href":"https:\/\/www.markus-schall.de\/fr\/wp-json\/wp\/v2\/posts\/3887\/revisions"}],"predecessor-version":[{"id":5848,"href":"https:\/\/www.markus-schall.de\/fr\/wp-json\/wp\/v2\/posts\/3887\/revisions\/5848"}],"wp:featuredmedia":[{"embeddable":true,"href":"https:\/\/www.markus-schall.de\/fr\/wp-json\/wp\/v2\/media\/3927"}],"wp:attachment":[{"href":"https:\/\/www.markus-schall.de\/fr\/wp-json\/wp\/v2\/media?parent=3887"}],"wp:term":[{"taxonomy":"category","embeddable":true,"href":"https:\/\/www.markus-schall.de\/fr\/wp-json\/wp\/v2\/categories?post=3887"},{"taxonomy":"post_tag","embeddable":true,"href":"https:\/\/www.markus-schall.de\/fr\/wp-json\/wp\/v2\/tags?post=3887"}],"curies":[{"name":"wp","href":"https:\/\/api.w.org\/{rel}","templated":true}]}}