{"id":4325,"date":"2026-01-09T06:46:50","date_gmt":"2026-01-09T06:46:50","guid":{"rendered":"https:\/\/www.markus-schall.de\/?p=4325"},"modified":"2026-04-23T04:45:47","modified_gmt":"2026-04-23T04:45:47","slug":"groenland-trump-et-la-question-de-lappartenance-histoire-droit-et-realite","status":"publish","type":"post","link":"https:\/\/www.markus-schall.de\/fr\/2026\/01\/groenland-trump-et-la-question-de-lappartenance-histoire-droit-et-realite\/","title":{"rendered":"Le Groenland, Trump et la question de l'appartenance : histoire, droit et r\u00e9alit\u00e9"},"content":{"rendered":"<p>Il y a des sujets dont on ne s'occupe pas activement, mais qui s'imposent tout simplement \u00e0 un moment donn\u00e9. Pour beaucoup, dont moi, le Groenland a longtemps fait partie de cette cat\u00e9gorie. Une grande \u00eele isol\u00e9e dans le Grand Nord, peu de population, beaucoup de glace, beaucoup de nature. Pas un sujet classique de la vie quotidienne, pas un sujet politique permanent. Cela a sensiblement chang\u00e9 ces derniers mois.<\/p>\n<p>La multiplication des rapports, des commentaires et des gros titres autour du Groenland - et surtout les d\u00e9clarations r\u00e9p\u00e9t\u00e9es de Donald Trump - placent soudain cette \u00eele au centre d'un d\u00e9bat international. Lorsqu'un ancien et peut-\u00eatre futur pr\u00e9sident am\u00e9ricain parle publiquement de vouloir \u201eacheter\u201c, \u201eprendre en charge\u201c ou contr\u00f4ler un territoire, cela attire in\u00e9vitablement l'attention. Non pas parce que de telles d\u00e9clarations doivent \u00eatre prises imm\u00e9diatement au s\u00e9rieux - mais parce qu'elles soul\u00e8vent des questions que l'on ne devrait pas ignorer.<!--more--><\/p>\n<hr \/>\n\n\t\t\t<div class=\"display-post-types\">\n\n\t\t\t\t\t\t\t<style type=\"text\/css\">\n\t\t\t#dpt-wrapper-532 { --dpt-text-align: left;--dpt-image-crop: center;--dpt-border-radius: 5px;--dpt-h-gutter: 10px;--dpt-v-gutter: 9px; }\t\t\t<\/style>\n\t\t\t<style type=\"text\/css\">#dpt-wrapper-532 { --dpt-title-font-style:normal;--dpt-title-font-weight:600;--dpt-title-line-height:1.5;--dpt-title-text-decoration:none;--dpt-title-text-transform:none;--dpt-excerpt-font-style:normal;--dpt-excerpt-font-weight:400;--dpt-excerpt-line-height:1.5;--dpt-excerpt-text-decoration:none;--dpt-excerpt-text-transform:none;--dpt-meta1-font-style:normal;--dpt-meta1-font-weight:400;--dpt-meta1-line-height:1.9;--dpt-meta1-text-decoration:none;--dpt-meta1-text-transform:none;--dpt-meta2-font-style:normal;--dpt-meta2-font-weight:400;--dpt-meta2-line-height:1.9;--dpt-meta2-text-decoration:none;--dpt-meta2-text-transform:none; }<\/style><div class=\"dpt-main-header\">\n\t\t\t\t\t\t<div class=\"dpt-main-title\">\n\t\t\t\t\t\t\t<span class=\"dpt-main-title-text\">Th\u00e8mes de soci\u00e9t\u00e9 contemporains<\/span>\n\t\t\t\t\t\t<\/div>\n\t\t\t\t\t\t\n\t\t\t\t\t\t\n\t\t\t\t\t\t\n\t\t\t\t\t\t<\/div>\t\t\t\n\t\t\t\t<div id=\"dpt-wrapper-532\" class=\"dpt-wrapper dpt-mag1 land1 dpt-cropped dpt-flex-wrap\" >\n\n\t\t\t\t\t\t\t\t\t\t\t<div class=\"dpt-entry has-thumbnail\" data-title=\"spieltheorie erkl\u00e4rt 25 jahre geopolitik: wie europa seine strategische rolle verlor\" data-id=\"3850\"  data-category=\"allgemein gesellschaft kunst &amp; kultur\" data-post_tag=\"denkmodelle deutschland energiepolitik eu-gesetze europa geopolitik krisen sicherheitspolitik spieltheorie\">\n\t\t\t\t\t\t\t<div class=\"dpt-entry-wrapper\"><div class=\"dpt-featured-content\"><div class=\"dpt-permalink\"><a href=\"https:\/\/www.markus-schall.de\/fr\/2025\/12\/la-theorie-des-jeux-explique-25-ans-de-geopolitique-et-comment-leurope-a-perdu-son-role-strategique\/\" class=\"dpt-permalink\"><span class=\"screen-reader-text\">La th\u00e9orie des jeux explique 25 ans de g\u00e9opolitique : comment l'Europe a perdu son r\u00f4le strat\u00e9gique<\/span><\/a><\/div><div class=\"dpt-thumbnail\"><div class=\"dpt-thumbnail-inner\"><img width=\"1024\" height=\"765\" class=\"attachment-full size-full\" alt=\"La th\u00e9orie des jeux explique 25 ans de g\u00e9opolitique\" context=\"dpt\" data-dpt-src=\"https:\/\/www.markus-schall.de\/wp-content\/uploads\/europa-russland-spieltheorie.jpg\" data-dpt-sizes=\"(max-width: 1024px) 100vw, 1024px\" data-dpt-srcset=\"https:\/\/www.markus-schall.de\/wp-content\/uploads\/europa-russland-spieltheorie.jpg 1024w, https:\/\/www.markus-schall.de\/wp-content\/uploads\/europa-russland-spieltheorie-300x224.jpg 300w, https:\/\/www.markus-schall.de\/wp-content\/uploads\/europa-russland-spieltheorie-768x574.jpg 768w, https:\/\/www.markus-schall.de\/wp-content\/uploads\/europa-russland-spieltheorie-16x12.jpg 16w\" \/><\/div><span class=\"dpt-thumbnail-aspect-ratio\" style=\"padding-top: 75%\"><\/span><\/div><\/div><div class=\"sub-entry\"><h3 class=\"dpt-title\"><a class=\"dpt-title-link\" href=\"https:\/\/www.markus-schall.de\/fr\/2025\/12\/la-theorie-des-jeux-explique-25-ans-de-geopolitique-et-comment-leurope-a-perdu-son-role-strategique\/\" rel=\"bookmark\">La th\u00e9orie des jeux explique 25 ans de g\u00e9opolitique : comment l'Europe a perdu son r\u00f4le strat\u00e9gique<\/a><\/h3><\/div><\/div>\n\t\t\t\t\t\t<\/div><!-- .dpt-entry -->\n\t\t\t\t\t\t\t\t\t\t\t\t<div class=\"dpt-entry has-thumbnail\" data-title=\"europa zwischen meinungsfreiheit und regulierung: neues us-infoportal wirft fragen auf\" data-id=\"5102\"  data-category=\"allgemein gesellschaft\" data-post_tag=\"denkmodelle deutschland eu-gesetze europa geopolitik krisen meinungsfreiheit spieltheorie\">\n\t\t\t\t\t\t\t<div class=\"dpt-entry-wrapper\"><div class=\"dpt-featured-content\"><div class=\"dpt-permalink\"><a href=\"https:\/\/www.markus-schall.de\/fr\/2026\/03\/leurope-entre-liberte-dexpression-et-reglementation-le-nouveau-portail-dinformation-des-us-souleve-des-questions\/\" class=\"dpt-permalink\"><span class=\"screen-reader-text\">L'Europe entre libert\u00e9 d'expression et r\u00e9glementation : un nouveau portail d'information am\u00e9ricain soul\u00e8ve des questions<\/span><\/a><\/div><div class=\"dpt-thumbnail\"><div class=\"dpt-thumbnail-inner\"><img width=\"1024\" height=\"683\" class=\"attachment-full size-full\" alt=\"Censure europ\u00e9enne, hatespeech et nouveau portail am\u00e9ricain\" context=\"dpt\" data-dpt-src=\"https:\/\/www.markus-schall.de\/wp-content\/uploads\/EU-Hatespeech-US-Portal.jpg\" data-dpt-sizes=\"(max-width: 1024px) 100vw, 1024px\" data-dpt-srcset=\"https:\/\/www.markus-schall.de\/wp-content\/uploads\/EU-Hatespeech-US-Portal.jpg 1024w, https:\/\/www.markus-schall.de\/wp-content\/uploads\/EU-Hatespeech-US-Portal-300x200.jpg 300w, https:\/\/www.markus-schall.de\/wp-content\/uploads\/EU-Hatespeech-US-Portal-768x512.jpg 768w, https:\/\/www.markus-schall.de\/wp-content\/uploads\/EU-Hatespeech-US-Portal-18x12.jpg 18w\" \/><\/div><span class=\"dpt-thumbnail-aspect-ratio\" style=\"padding-top: 75%\"><\/span><\/div><\/div><div class=\"sub-entry\"><h3 class=\"dpt-title\"><a class=\"dpt-title-link\" href=\"https:\/\/www.markus-schall.de\/fr\/2026\/03\/leurope-entre-liberte-dexpression-et-reglementation-le-nouveau-portail-dinformation-des-us-souleve-des-questions\/\" rel=\"bookmark\">L'Europe entre libert\u00e9 d'expression et r\u00e9glementation : un nouveau portail d'information am\u00e9ricain soul\u00e8ve des questions<\/a><\/h3><\/div><\/div>\n\t\t\t\t\t\t<\/div><!-- .dpt-entry -->\n\t\t\t\t\t\t\t\t\t\t\t\t<div class=\"dpt-entry has-thumbnail\" data-title=\"k\u00fcnstliche intelligenz: welche jobs in gefahr sind, und wie wir uns jetzt wappnen k\u00f6nnen\" data-id=\"2940\"  data-category=\"allgemein b\u00fccher gesellschaft ki-systeme\" data-post_tag=\"buch k\u00fcnstliche intelligenz llama llm mistral mlx ollama ratgeber sprachmodell\">\n\t\t\t\t\t\t\t<div class=\"dpt-entry-wrapper\"><div class=\"dpt-featured-content\"><div class=\"dpt-permalink\"><a href=\"https:\/\/www.markus-schall.de\/fr\/2025\/09\/lintelligence-artificielle-quels-sont-les-emplois-menaces-et-comment-sen-premunir\/\" class=\"dpt-permalink\"><span class=\"screen-reader-text\">Intelligence artificielle : quels sont les emplois menac\u00e9s et comment s'armer d\u00e8s maintenant ?<\/span><\/a><\/div><div class=\"dpt-thumbnail\"><div class=\"dpt-thumbnail-inner\"><img width=\"1024\" height=\"683\" class=\"attachment-full size-full\" alt=\"Quels emplois seront supprim\u00e9s \u00e0 l&#039;avenir par l&#039;IA\" context=\"dpt\" data-dpt-src=\"https:\/\/www.markus-schall.de\/wp-content\/uploads\/welche-jobs-fallen-durch-ki-weg.jpg\" data-dpt-sizes=\"(max-width: 1024px) 100vw, 1024px\" data-dpt-srcset=\"https:\/\/www.markus-schall.de\/wp-content\/uploads\/welche-jobs-fallen-durch-ki-weg.jpg 1024w, https:\/\/www.markus-schall.de\/wp-content\/uploads\/welche-jobs-fallen-durch-ki-weg-300x200.jpg 300w, https:\/\/www.markus-schall.de\/wp-content\/uploads\/welche-jobs-fallen-durch-ki-weg-768x512.jpg 768w, https:\/\/www.markus-schall.de\/wp-content\/uploads\/welche-jobs-fallen-durch-ki-weg-18x12.jpg 18w\" \/><\/div><span class=\"dpt-thumbnail-aspect-ratio\" style=\"padding-top: 75%\"><\/span><\/div><\/div><div class=\"sub-entry\"><h3 class=\"dpt-title\"><a class=\"dpt-title-link\" href=\"https:\/\/www.markus-schall.de\/fr\/2025\/09\/lintelligence-artificielle-quels-sont-les-emplois-menaces-et-comment-sen-premunir\/\" rel=\"bookmark\">Intelligence artificielle : quels sont les emplois menac\u00e9s et comment s'armer d\u00e8s maintenant ?<\/a><\/h3><\/div><\/div>\n\t\t\t\t\t\t<\/div><!-- .dpt-entry -->\n\t\t\t\t\t\t\t\t\t\t\t\t<div class=\"dpt-entry has-thumbnail\" data-title=\"johann sebastian bach \u2013 ordnung, haltung und das fundament unserer musik\" data-id=\"5033\"  data-category=\"allgemein gesellschaft kunst &amp; kultur\" data-post_tag=\"deutschland musik portrait\">\n\t\t\t\t\t\t\t<div class=\"dpt-entry-wrapper\"><div class=\"dpt-featured-content\"><div class=\"dpt-permalink\"><a href=\"https:\/\/www.markus-schall.de\/fr\/2026\/02\/johann-sebastian-bach-lordre-lattitude-et-le-fondement-de-notre-musique\/\" class=\"dpt-permalink\"><span class=\"screen-reader-text\">Jean-S\u00e9bastien Bach - Ordre, attitude et fondement de notre musique<\/span><\/a><\/div><div class=\"dpt-thumbnail\"><div class=\"dpt-thumbnail-inner\"><img width=\"1024\" height=\"683\" class=\"attachment-full size-full\" alt=\"Portrait de Johann Sebastian Bach\" context=\"dpt\" data-dpt-src=\"https:\/\/www.markus-schall.de\/wp-content\/uploads\/Johann-Sebastian-Bach-Portrait.jpg\" data-dpt-sizes=\"(max-width: 1024px) 100vw, 1024px\" data-dpt-srcset=\"https:\/\/www.markus-schall.de\/wp-content\/uploads\/Johann-Sebastian-Bach-Portrait.jpg 1024w, https:\/\/www.markus-schall.de\/wp-content\/uploads\/Johann-Sebastian-Bach-Portrait-300x200.jpg 300w, https:\/\/www.markus-schall.de\/wp-content\/uploads\/Johann-Sebastian-Bach-Portrait-768x512.jpg 768w, https:\/\/www.markus-schall.de\/wp-content\/uploads\/Johann-Sebastian-Bach-Portrait-18x12.jpg 18w\" \/><\/div><span class=\"dpt-thumbnail-aspect-ratio\" style=\"padding-top: 75%\"><\/span><\/div><\/div><div class=\"sub-entry\"><h3 class=\"dpt-title\"><a class=\"dpt-title-link\" href=\"https:\/\/www.markus-schall.de\/fr\/2026\/02\/johann-sebastian-bach-lordre-lattitude-et-le-fondement-de-notre-musique\/\" rel=\"bookmark\">Jean-S\u00e9bastien Bach - Ordre, attitude et fondement de notre musique<\/a><\/h3><\/div><\/div>\n\t\t\t\t\t\t<\/div><!-- .dpt-entry -->\n\t\t\t\t\t\t\n\t\t\t\t<\/div>\n\t\t\t\t\t\t<\/div>\n\t\t\t\n<hr \/>\n<h2>Derni\u00e8res nouvelles sur Groenland<\/h2>\n<p><strong>23.04.2026<\/strong>Christian Rieck livre une analyse remarquablement sobre du d\u00e9bat sur le Groenland autour de Donald Trump. Au lieu de qualifier cette initiative d\u201e\u201cabsurde\", Christian Rieck l'analyse dans une perspective de th\u00e9orie des jeux comme un mouvement strat\u00e9gique d'une logique claire : le Groenland est un espace g\u00e9opolitique cl\u00e9, tant sur le plan militaire qu'\u00e9conomique. Le contr\u00f4le des routes commerciales arctiques, le GIUK-Gap en tant que goulot d'\u00e9tranglement militaire ainsi que l'acc\u00e8s aux terres rares, actuellement fortement domin\u00e9es par la Chine, sont particuli\u00e8rement pertinents.<\/p>\n<div class=\"lyte-wrapper\" style=\"width:640px;max-width:100%;margin:5px;\"><div class=\"lyMe\" id=\"WYL_017hayUS_Is\"><div id=\"lyte_017hayUS_Is\" data-src=\"https:\/\/www.markus-schall.de\/wp-content\/plugins\/wp-youtube-lyte\/lyteCache.php?origThumbUrl=%2F%2Fi.ytimg.com%2Fvi%2F017hayUS_Is%2Fhqdefault.jpg\" class=\"pL\"><div class=\"tC\"><div class=\"tT\"><\/div><\/div><div class=\"play\"><\/div><div class=\"ctrl\"><div class=\"Lctrl\"><\/div><div class=\"Rctrl\"><\/div><\/div><\/div><noscript><a href=\"https:\/\/youtu.be\/017hayUS_Is\" rel=\"nofollow noopener\" target=\"_blank\"><img loading=\"lazy\" decoding=\"async\" src=\"https:\/\/www.markus-schall.de\/wp-content\/plugins\/wp-youtube-lyte\/lyteCache.php?origThumbUrl=https%3A%2F%2Fi.ytimg.com%2Fvi%2F017hayUS_Is%2F0.jpg\" alt=\"Vignette de la vid\u00e9o YouTube\" width=\"640\" height=\"340\" \/><br \/>Lire cette vid\u00e9o sur YouTube<\/a><\/noscript><\/div><\/div><div class=\"lL\" style=\"max-width:100%;width:640px;margin:5px;\"><\/div><br \/>\nTRUMPS PLAN SECRET : Pourquoi il voulait VRAIMENT acheter le Groenland ! | <a href=\"https:\/\/www.youtube.com\/@ProfRieck\" target=\"_blank\" rel=\"nofollow noopener\">Christian Rieck, professeur<\/a><\/p>\n<p>Rieck d\u00e9crit en outre la proposition comme une tactique de n\u00e9gociation possible, par exemple dans le sens d'un \u201eRed Herring\u201c, c'est-\u00e0-dire d'une man\u0153uvre de diversion d\u00e9lib\u00e9r\u00e9ment mise en place pour faire passer indirectement des objectifs strat\u00e9giques. Cela confirme que derri\u00e8re des initiatives politiques apparemment inhabituelles se cachent souvent des int\u00e9r\u00eats \u00e0 long terme.<\/p>\n<p><strong>12.04.2026<\/strong>: Un <a href=\"https:\/\/amerika21.de\/analyse\/284393\/trump-gross-nordamerika-monroe-doktrin\" target=\"_blank\" rel=\"noopener\"><strong>contribution actuelle \u00e0 l'analyse<\/strong><\/a> jette un nouvel \u00e9clairage sur l'orientation g\u00e9opolitique des \u00c9tats-Unis - et \u00e9tablit un lien surprenant avec la doctrine historique de Monroe. Selon elle, une r\u00e9interpr\u00e9tation strat\u00e9gique se dessine sous Donald Trump, qui souligne \u00e0 nouveau la pr\u00e9tention des Etats-Unis \u00e0 exercer une influence dans l'h\u00e9misph\u00e8re occidental. Formul\u00e9e d\u00e8s 1823, la doctrine Monroe visait \u00e0 l'origine \u00e0 emp\u00eacher l'ing\u00e9rence europ\u00e9enne en Am\u00e9rique, mais elle s'est transform\u00e9e au fil du temps en un instrument de politique de puissance g\u00e9opolitique.<\/p>\n<p>L'analyse actuelle soutient que cette fa\u00e7on de penser r\u00e9appara\u00eet aujourd'hui avec force - notamment dans le contexte des ressources, des zones d'influence et du contr\u00f4le strat\u00e9gique de r\u00e9gions comme l'Am\u00e9rique latine ou m\u00eame le Groenland. Les critiques y voient un possible retour \u00e0 une politique \u00e9trang\u00e8re am\u00e9ricaine plus orient\u00e9e vers la r\u00e9gion. La question centrale demeure : S'agit-il d'une r\u00e9orientation strat\u00e9gique consciente - ou simplement d'une interpr\u00e9tation des d\u00e9veloppements actuels \u00e0 la lumi\u00e8re de concepts historiques ?<\/p>\n<p><strong>16.03.2026<\/strong>La situation politique au Groenland a de nouveau \u00e9volu\u00e9 : Le parti social-d\u00e9mocrate Siumut a <a href=\"https:\/\/www.faz.net\/aktuell\/politik\/ausland\/groenland-sozialdemokraten-verlassen-koalition-200631721.html\" target=\"_blank\" rel=\"noopener\"><strong>a annonc\u00e9 qu'il quittait l'alliance gouvernementale<\/strong><\/a> d\u00e9clenchant ainsi une crise gouvernementale. En toile de fond, un conflit interne au parti concernant deux ministres qui souhaitent se pr\u00e9senter aux prochaines \u00e9lections l\u00e9gislatives au Danemark. Cette d\u00e9marche a \u00e9t\u00e9 clairement critiqu\u00e9e par la direction du parti et a finalement conduit \u00e0 la d\u00e9cision de quitter la coalition. Le Premier ministre Jens-Frederik Nielsen a regrett\u00e9 cette d\u00e9cision et a averti qu'elle envoyait un mauvais signal compte tenu des tensions g\u00e9opolitiques autour de l'\u00eele arctique. M\u00eame sans Siumut, le gouvernement conserve sa majorit\u00e9 parlementaire, mais perd un partenaire important. Parall\u00e8lement, la ministre des Affaires \u00e9trang\u00e8res Vivian Motzfeldt a annonc\u00e9 sa d\u00e9mission, car elle ne soutenait pas la ligne de conduite de son propre parti et que cela compliquait son travail dans les n\u00e9gociations en cours avec le Danemark et les Etats-Unis.<\/p>\n<p><strong>22.02.2026<\/strong>: Le pr\u00e9sident am\u00e9ricain Donald Trump a annonc\u00e9 de mani\u00e8re surprenante qu'il allait lancer un <a href=\"https:\/\/www.spiegel.de\/ausland\/groenland-donald-trump-plant-einsatz-von-us-lazarettschiff-zur-patientenversorgung-a-4ed8bdde-6acd-4108-a25f-81160d2387d8\" target=\"_blank\" rel=\"noopener\"><strong>Navire-h\u00f4pital am\u00e9ricain vers le Groenland<\/strong><\/a> qui doit soi-disant fournir une assistance m\u00e9dicale aux citoyens locaux. Dans un message publi\u00e9 sur sa plateforme Truth Social, Trump a \u00e9crit que le navire \u00e9tait \u201een route\u201c et qu'il devait apporter des soins aux personnes qui \u201ene re\u00e7oivent pas l'aide dont elles ont besoin\u201c. Il n'a pas \u00e9t\u00e9 pr\u00e9cis\u00e9 s'il y avait un besoin m\u00e9dical concret ou si l'envoi avait \u00e9t\u00e9 convenu avec le Danemark ou le gouvernement groenlandais. Les observateurs consid\u00e8rent cette annonce comme un facteur d'irritation suppl\u00e9mentaire dans les relations avec le Danemark, partenaire de l'OTAN, dans le contexte des tensions d\u00e9j\u00e0 existantes concernant les demandes r\u00e9p\u00e9t\u00e9es de Trump d'une plus grande participation am\u00e9ricaine au Groenland et des n\u00e9gociations potentielles.<\/p>\n<div class=\"lyte-wrapper\" style=\"width:640px;max-width:100%;margin:5px;\"><div class=\"lyMe\" id=\"WYL_b3aTHPQP0ec\"><div id=\"lyte_b3aTHPQP0ec\" data-src=\"https:\/\/www.markus-schall.de\/wp-content\/plugins\/wp-youtube-lyte\/lyteCache.php?origThumbUrl=%2F%2Fi.ytimg.com%2Fvi%2Fb3aTHPQP0ec%2Fhqdefault.jpg\" class=\"pL\"><div class=\"tC\"><div class=\"tT\"><\/div><\/div><div class=\"play\"><\/div><div class=\"ctrl\"><div class=\"Lctrl\"><\/div><div class=\"Rctrl\"><\/div><\/div><\/div><noscript><a href=\"https:\/\/youtu.be\/b3aTHPQP0ec\" rel=\"nofollow noopener\" target=\"_blank\"><img loading=\"lazy\" decoding=\"async\" src=\"https:\/\/www.markus-schall.de\/wp-content\/plugins\/wp-youtube-lyte\/lyteCache.php?origThumbUrl=https%3A%2F%2Fi.ytimg.com%2Fvi%2Fb3aTHPQP0ec%2F0.jpg\" alt=\"Vignette de la vid\u00e9o YouTube\" width=\"640\" height=\"340\" \/><br \/>Lire cette vid\u00e9o sur YouTube<\/a><\/noscript><\/div><\/div><div class=\"lL\" style=\"max-width:100%;width:640px;margin:5px;\"><\/div><br \/>\nGR\u00d6NLAND : Ce qui se cache derri\u00e8re le navire-h\u00f4pital \u201eUSNS Mercy\u201c | <a href=\"https:\/\/www.youtube.com\/@WELTVideoTV\" target=\"_blank\" rel=\"nofollow noopener\">Cha\u00eene d'information WELT<\/a><\/p>\n<p><strong>21.01.2026<\/strong>: Lors du World Economic Forum de Davos, le pr\u00e9sident am\u00e9ricain Donald Trump a pr\u00e9sent\u00e9 ses mesures controvers\u00e9es en mati\u00e8re d'environnement. <a href=\"https:\/\/www.reuters.com\/business\/davos\/determined-seize-greenland-trump-faces-tough-reception-davos-2026-01-21\" target=\"_blank\" rel=\"noopener\"><strong>Les revendications sur le Groenland r\u00e9affirm\u00e9es<\/strong><\/a> (Allemand : <a href=\"https:\/\/www.zdfheute.de\/politik\/ausland\/donald-trump-rede-davos-wirtschaft-100.html\" target=\"_blank\" rel=\"noopener\"><strong>ZDFheute<\/strong><\/a>), tout en d\u00e9clarant qu'il n'utiliserait pas la force militaire pour faire passer cette \u00eele strat\u00e9gique sous contr\u00f4le am\u00e9ricain. Trump a appel\u00e9 \u00e0 des \u201en\u00e9gociations imm\u00e9diates\u201c sur une \u00e9ventuelle acquisition du Groenland et a r\u00e9p\u00e9t\u00e9 que les Etats-Unis \u00e9taient les mieux plac\u00e9s pour s\u00e9curiser le territoire. Son discours a suscit\u00e9 de vives critiques de la part de politiciens europ\u00e9ens et un rejet de la part du Danemark, qui exclut clairement toute discussion sur un transfert. Plusieurs pays de l'UE et partenaires de l'OTAN ont exprim\u00e9 leur inqui\u00e9tude face aux vues de Trump, tandis que le Premier ministre groenlandais Jens-Frederik Nielsen a rejet\u00e9 toute revendication des \u00c9tats-Unis.<\/p>\n<p>Apr\u00e8s une <a href=\"https:\/\/www.berliner-zeitung.de\/news\/streit-um-groenland-trump-kuendigt-verzicht-auf-strafzoelle-an-li.10015365\" target=\"_blank\" rel=\"noopener\"><strong>Message du Berliner Zeitung<\/strong><\/a> Donald Trump renonce d\u00e9sormais \u00e0 des droits de douane punitifs suppl\u00e9mentaires en ce qui concerne le Groenland. Il a soulign\u00e9 qu'il existait d\u00e9j\u00e0 un cadre pour un futur accord avec le Groenland.<\/p>\n<p><strong>09.01.2026<\/strong>: Les repr\u00e9sentants du gouvernement am\u00e9ricain ont <a href=\"https:\/\/www.n-tv.de\/politik\/USA-koennten-jedem-Groenlaender-bis-zu-100-000-Dollar-zahlen-id30221105.html\" target=\"_blank\" rel=\"noopener\"><strong>selon des rapports r\u00e9cents<\/strong><\/a> a envisag\u00e9 d'offrir aux Groenlandais des paiements uniques allant de 10.000 \u00e0 100.000 dollars afin de les convaincre de rejoindre les \u00c9tats-Unis. Cela ferait partie du d\u00e9bat sur les projets de Trump visant \u00e0 lier strat\u00e9giquement le Groenland \u00e0 Washington. Le Danemark et le Groenland ont clairement rejet\u00e9 de telles id\u00e9es et ont soulign\u00e9 leur droit \u00e0 l'autod\u00e9termination.<\/p>\n<p>Lors d'une \u00e9mission de ZDFheute Live, la question controvers\u00e9e de savoir ce que les d\u00e9clarations r\u00e9p\u00e9t\u00e9es du pr\u00e9sident am\u00e9ricain Donald Trump sur le Groenland signifient pour l'OTAN et le syst\u00e8me international a \u00e9t\u00e9 discut\u00e9e. L'ex-g\u00e9n\u00e9ral am\u00e9ricain Ben Hodges et le correspondant de la ZDF Henner Hebestreit ont mis en lumi\u00e8re devant la cam\u00e9ra comment une \u00e9ventuelle revendication du Groenland - une r\u00e9gion autonome du Danemark, partenaire de l'OTAN - pourrait entra\u00eener des tensions consid\u00e9rables dans l'architecture de s\u00e9curit\u00e9 europ\u00e9enne. Alors que Trump suscite l'indignation dans toute l'Europe et associe sa rh\u00e9torique mena\u00e7ante \u00e0 des mesures r\u00e9elles de politique \u00e9trang\u00e8re, des experts ont mis en garde contre l'\u00e9rosion des valeurs communes et des engagements de l'alliance. L'\u00e9mission invitait les t\u00e9l\u00e9spectateurs \u00e0 poser des questions en direct et \u00e0 r\u00e9fl\u00e9chir de mani\u00e8re critique \u00e0 l'avenir de l'ordre mondial face \u00e0 de telles d\u00e9clarations.<\/p>\n<div class=\"lyte-wrapper\" style=\"width:640px;max-width:100%;margin:5px;\"><div class=\"lyMe\" id=\"WYL__vH1tR-SXsU\"><div id=\"lyte__vH1tR-SXsU\" data-src=\"https:\/\/www.markus-schall.de\/wp-content\/plugins\/wp-youtube-lyte\/lyteCache.php?origThumbUrl=%2F%2Fi.ytimg.com%2Fvi%2F_vH1tR-SXsU%2Fhqdefault.jpg\" class=\"pL\"><div class=\"tC\"><div class=\"tT\"><\/div><\/div><div class=\"play\"><\/div><div class=\"ctrl\"><div class=\"Lctrl\"><\/div><div class=\"Rctrl\"><\/div><\/div><\/div><noscript><a href=\"https:\/\/youtu.be\/_vH1tR-SXsU\" rel=\"nofollow noopener\" target=\"_blank\"><img loading=\"lazy\" decoding=\"async\" src=\"https:\/\/www.markus-schall.de\/wp-content\/plugins\/wp-youtube-lyte\/lyteCache.php?origThumbUrl=https%3A%2F%2Fi.ytimg.com%2Fvi%2F_vH1tR-SXsU%2F0.jpg\" alt=\"Vignette de la vid\u00e9o YouTube\" width=\"640\" height=\"340\" \/><br \/>Lire cette vid\u00e9o sur YouTube<\/a><\/noscript><\/div><\/div><div class=\"lL\" style=\"max-width:100%;width:640px;margin:5px;\"><\/div><br \/>\nCe qu'il adviendrait de l'OTAN si Trump attaquait le Groenland | <a href=\"https:\/\/www.youtube.com\/@ZDFheute\" target=\"_blank\" rel=\"nofollow noopener\">ZDFheute<\/a><\/p>\n<hr \/>\n<h2>Pourquoi le Groenland revient-il soudain sur le devant de la sc\u00e8ne ?<\/h2>\n<p>Les d\u00e9clarations de Trump sur le Groenland ressemblent \u00e0 premi\u00e8re vue \u00e0 un m\u00e9lange de provocation, de rh\u00e9torique commerciale et de pens\u00e9e g\u00e9opolitique du pouvoir. Mais quel que soit le jugement que l'on porte sur sa personne ou son style, de telles d\u00e9clarations conduisent presque automatiquement \u00e0 se demander de quoi il s'agit r\u00e9ellement. \u00c0 qui appartient le Groenland ? Qui peut en d\u00e9cider ? Et sur quelle base pourrait-on discuter d'un tel sujet ?<\/p>\n<p>C'est justement parce que le d\u00e9bat public est souvent tr\u00e8s vite marqu\u00e9 par la moquerie, l'indignation ou le rejet r\u00e9flexe que le besoin de prendre du recul se fait sentir. Non pas pour d\u00e9fendre ou diaboliser Trump, mais pour comprendre quel est le fondement m\u00eame de cette discussion - historiquement, juridiquement et politiquement.<\/p>\n<h3>Entre gros titres et substance<\/h3>\n<p>Il est frappant de constater \u00e0 quel point les reportages des m\u00e9dias ont tendance \u00e0 r\u00e9duire des situations complexes \u00e0 un seul mot : \u201eachat\u201c. Ce mot est accrocheur, \u00e9motionnel, facile \u00e0 v\u00e9hiculer. Il sugg\u00e8re une simplicit\u00e9 qui ne correspond pas \u00e0 la r\u00e9alit\u00e9. Les \u00c9tats ne sont pas des biens immobiliers. Les peuples ne sont pas une monnaie d'\u00e9change. Et des territoires avec leur propre population, leur propre histoire et leur propre structure politique ne peuvent pas \u00eatre transf\u00e9r\u00e9s comme des parts de soci\u00e9t\u00e9.<\/p>\n<p>C'est pr\u00e9cis\u00e9ment pour cette raison qu'il vaut la peine de regarder derri\u00e8re les gros titres. Non pas pour les relativiser en bloc, mais pour les classer. On s'aper\u00e7oit alors souvent que le sujet proprement dit est moins spectaculaire, mais nettement plus int\u00e9ressant, que la pr\u00e9sentation exacerb\u00e9e qui en est faite.<\/p>\n<h3>Le Groenland comme surface de projection<\/h3>\n<p>Le Groenland se pr\u00eate particuli\u00e8rement bien comme surface de projection : immense, peu peupl\u00e9, riche en mati\u00e8res premi\u00e8res, situ\u00e9 \u00e0 un endroit strat\u00e9gique. A une \u00e9poque o\u00f9 l'Arctique gagne en importance sur le plan g\u00e9opolitique, l'\u00eele appara\u00eet soudain comme une r\u00e9gion cl\u00e9. Le fait que cela suscite des convoitises - et pas seulement aux \u00c9tats-Unis - n'est pas un ph\u00e9nom\u00e8ne nouveau. Ce qui est nouveau, c'est plut\u00f4t la franchise avec laquelle on en parle.<\/p>\n<p>Cependant, quelque chose risque d'\u00eatre perdu : Le Groenland n'est pas seulement un espace strat\u00e9gique, mais aussi un espace de vie qui s'est d\u00e9velopp\u00e9 au fil du temps. Parler du Groenland, c'est forc\u00e9ment parler des gens qui y vivent - et des longues lignes qui ont conduit \u00e0 la situation politique actuelle.<\/p>\n<h3>Pourquoi un regard en arri\u00e8re est n\u00e9cessaire<\/h3>\n<p>Pour juger du r\u00e9alisme ou de l'irr\u00e9alisme des d\u00e9clarations sur la \u201eprise de contr\u00f4le\u201c du Groenland, il ne suffit pas d'aligner des citations actuelles. Il faut jeter un regard en arri\u00e8re : sur les d\u00e9buts de la colonisation, sur le r\u00f4le du Danemark, sur le passage d'un territoire colonial \u00e0 une autonomie administrative et sur la longue histoire des int\u00e9r\u00eats \u00e9trangers sur l'\u00eele.<\/p>\n<p>Ce n'est que lorsque ces bases sont claires que l'on peut \u00e9valuer ce que les d\u00e9clarations actuelles signifient r\u00e9ellement - et ce qu'elles ne signifient pas. C'est pr\u00e9cis\u00e9ment la voie que veut suivre cet article : non pas en s'indignant, non pas en apaisant, mais en mettant de l'ordre.<\/p>\n<h3>Un point de d\u00e9part sobre<\/h3>\n<p>Le Groenland n'est pas soudainement devenu important suite aux d\u00e9clarations de Trump. Il \u00e9tait d\u00e9j\u00e0 important depuis longtemps - mais de mani\u00e8re plus discr\u00e8te. Le d\u00e9bat actuel est donc moins un nouveau chapitre qu'une occasion de lire enfin attentivement un vieux livre. Avant de parler des sc\u00e9narios d'avenir possibles, il vaut la peine de comprendre l'histoire qui a conduit \u00e0 ce point.<\/p>\n<p>Et c'est l\u00e0 que commence la v\u00e9ritable vision du Groenland.<\/p>\n<h3>Aper\u00e7u historique de la situation : Le Groenland depuis les premiers colons jusqu'\u00e0 nos jours<\/h3>\n<p>Cette vid\u00e9o en anglais offre un aper\u00e7u historique complet du Groenland et replace les r\u00e9centes discussions politiques dans un long contexte temporel. Le point de d\u00e9part est l'attention internationale port\u00e9e au Groenland suite \u00e0 la d\u00e9claration de Donald Trump selon laquelle il serait int\u00e9ress\u00e9 par l'achat de l'\u00eele. De l\u00e0, la vid\u00e9o parcourt chronologiquement l'histoire du Groenland : des premiers colons pr\u00e9historiques aux cultures inuites et \u00e0 l'\u00e9poque viking, jusqu'\u00e0 la domination coloniale danoise et le chemin vers l'autonomie.<\/p>\n<div class=\"lyte-wrapper\" style=\"width:640px;max-width:100%;margin:5px;\"><div class=\"lyMe\" id=\"WYL_EtFKmGX_OLk\"><div id=\"lyte_EtFKmGX_OLk\" data-src=\"https:\/\/www.markus-schall.de\/wp-content\/plugins\/wp-youtube-lyte\/lyteCache.php?origThumbUrl=%2F%2Fi.ytimg.com%2Fvi%2FEtFKmGX_OLk%2Fhqdefault.jpg\" class=\"pL\"><div class=\"tC\"><div class=\"tT\"><\/div><\/div><div class=\"play\"><\/div><div class=\"ctrl\"><div class=\"Lctrl\"><\/div><div class=\"Rctrl\"><\/div><\/div><\/div><noscript><a href=\"https:\/\/youtu.be\/EtFKmGX_OLk\" rel=\"nofollow noopener\" target=\"_blank\"><img loading=\"lazy\" decoding=\"async\" src=\"https:\/\/www.markus-schall.de\/wp-content\/plugins\/wp-youtube-lyte\/lyteCache.php?origThumbUrl=https%3A%2F%2Fi.ytimg.com%2Fvi%2FEtFKmGX_OLk%2F0.jpg\" alt=\"Vignette de la vid\u00e9o YouTube\" width=\"640\" height=\"340\" \/><br \/>Lire cette vid\u00e9o sur YouTube<\/a><\/noscript><\/div><\/div><div class=\"lL\" style=\"max-width:100%;width:640px;margin:5px;\"><\/div><br \/>\nL'histoire du Greenland - De la pr\u00e9histoire aux temps modernes | <a href=\"https:\/\/www.youtube.com\/@HistoryandMythologyChannel\" target=\"_blank\" rel=\"nofollow noopener\">Histoire et mythologie<\/a><\/p>\n<p>Des chapitres moins connus comme le r\u00f4le du Groenland pendant la Seconde Guerre mondiale, les int\u00e9r\u00eats de protection am\u00e9ricains et la fameuse \u201eWhiskey War\u201c sont \u00e9galement abord\u00e9s. La vid\u00e9o est particuli\u00e8rement adapt\u00e9e aux lecteurs qui recherchent une introduction structur\u00e9e et historiquement fond\u00e9e, et qui n'ont aucun probl\u00e8me avec le mat\u00e9riel en anglais.<\/p>\n<h2>Le Groenland avant l'Europe - colonisation pr\u00e9coce et continuit\u00e9 culturelle<\/h2>\n<p>Lorsqu'on parle du Groenland aujourd'hui, on a parfois l'impression subliminale d'un espace en grande partie inhabit\u00e9 - vaste, froid, strat\u00e9giquement int\u00e9ressant, mais peu marqu\u00e9 par l'histoire. Cette impression est trompeuse. Le Groenland n'a jamais \u00e9t\u00e9 une simple surface vide sur la carte. Les hommes y vivaient bien avant que l'Europe ne s'int\u00e9resse \u00e0 la r\u00e9gion.<\/p>\n<p>Les d\u00e9couvertes arch\u00e9ologiques montrent que le Groenland \u00e9tait d\u00e9j\u00e0 habit\u00e9 par des hommes il y a plus de 4.000 ans. Ces premiers habitants ne vivaient pas de mani\u00e8re permanente et g\u00e9n\u00e9ralis\u00e9e sur l'\u00eele, mais s'adaptaient aux conditions extr\u00eames par phases limit\u00e9es dans le temps. Le Groenland n'\u00e9tait d\u00e9j\u00e0 pas un lieu d'expansion, mais d'adaptation.<\/p>\n<h3>Les premi\u00e8res cultures : vivre au bord du possible<\/h3>\n<p>Parmi les premi\u00e8res cultures connues, on trouve la culture Saqqaq ainsi que les cultures dites de l'Ind\u00e9pendance. Ces groupes vivaient principalement de la chasse, de la p\u00eache et de la capture de mammif\u00e8res marins. Leur existence \u00e9tait \u00e9troitement li\u00e9e au climat, aux conditions glaciaires et aux ressources disponibles.<\/p>\n<p>Ces cultures n'ont pas disparu \u00e0 la suite d'une conqu\u00eate ou d'une \u00e9viction, mais probablement en raison d'une combinaison de changements climatiques, d'isolement et de ressources vitales limit\u00e9es. Ce qui est d\u00e9cisif ici, c'est que le Groenland n'a jamais \u00e9t\u00e9 \u201eabandonn\u00e9\u201c, mais toujours recolonis\u00e9 d\u00e8s que les conditions le permettaient.<\/p>\n<h3>L'arriv\u00e9e des Inuits : une empreinte durable<\/h3>\n<p>La phase la plus marquante sur le plan culturel et historique commence avec la culture de Thul\u00e9, dont les membres sont arriv\u00e9s au Groenland \u00e0 partir du 13e si\u00e8cle environ. Ils sont consid\u00e9r\u00e9s comme les anc\u00eatres directs de la population inuite actuelle.<\/p>\n<p>Ces personnes ont apport\u00e9 avec elles des connaissances tr\u00e8s d\u00e9velopp\u00e9es, exactement adapt\u00e9es aux conditions arctiques :<\/p>\n<ul>\n<li>techniques de chasse flexibles<\/li>\n<li>utilisation ing\u00e9nieuse de mati\u00e8res animales<\/li>\n<li>des structures sociales bas\u00e9es sur la coop\u00e9ration et l'exp\u00e9rience<\/li>\n<\/ul>\n<p>Contrairement aux cultures pr\u00e9c\u00e9dentes, ils ont r\u00e9ussi \u00e0 s'adapter durablement \u00e0 leur environnement. Leur mode de vie a constitu\u00e9 la base de la continuit\u00e9 culturelle qui existe encore aujourd'hui.<\/p>\n<p>La soci\u00e9t\u00e9 groenlandaise actuelle ne peut pas \u00eatre comprise sans ces racines. La langue, les traditions et l'image de soi remontent directement \u00e0 ces premi\u00e8res cultures inuites. M\u00eame si le mode de vie et la technique ont beaucoup \u00e9volu\u00e9 au fil des si\u00e8cles, l'identit\u00e9 culturelle n'est pas le r\u00e9sultat d'une influence europ\u00e9enne, mais est bien plus ancienne. C'est un point central pour tout d\u00e9bat actuel sur le Groenland :<\/p>\n<p>La population n'a pas \u00e9t\u00e9 \u201einstall\u00e9e\u201c apr\u00e8s coup, mais s'est d\u00e9velopp\u00e9e historiquement. Le Groenland n'est pas une entit\u00e9 artificielle, mais une patrie.<\/p>\n<h3>Le Groenland comme espace de vie, pas comme propri\u00e9t\u00e9<\/h3>\n<p>Cette histoire ancienne montre une chose fondamentale : le Groenland a toujours \u00e9t\u00e9 un espace qui exigeait le respect de l'environnement. Celui qui voulait y vivre devait s'adapter - et non l'inverse. L'expansion, l'exploitation ou le contr\u00f4le \u00e0 grande \u00e9chelle \u00e9taient tout simplement impossibles pendant des mill\u00e9naires.<\/p>\n<p>Cette exp\u00e9rience historique marque \u00e9galement l'image que de nombreux Groenlandais ont d'eux-m\u00eames aujourd'hui. L'\u00eele n'est pas consid\u00e9r\u00e9e comme un objet, mais comme un espace de vie dont l'utilisation implique une responsabilit\u00e9. Ce regard se distingue nettement des perspectives de la politique \u00e9trang\u00e8re ou de l'\u00e9conomie, qui voient le Groenland avant tout comme une surface strat\u00e9gique ou une source de mati\u00e8res premi\u00e8res.<\/p>\n<h3>Une longue histoire \u00e0 la base des droits actuels<\/h3>\n<p>La colonisation pr\u00e9coce du Groenland est plus qu'un d\u00e9tail historique. Il est \u00e0 la base du fait que le Groenland est aujourd'hui consid\u00e9r\u00e9 comme la patrie d'un peuple \u00e0 part enti\u00e8re, avec sa propre langue, sa propre culture et sa propre identit\u00e9. C'est de l\u00e0 que d\u00e9coule le droit \u00e0 l'autod\u00e9termination, qui joue un r\u00f4le central dans le droit international moderne.<\/p>\n<p>Quiconque parle de l'avenir du Groenland ne peut faire l'impasse sur ce pass\u00e9. Il explique pourquoi les questions d'appartenance, de souverainet\u00e9 et de pouvoir de d\u00e9cision sont particuli\u00e8rement sensibles ici - et pourquoi les solutions simples ne fonctionnent pas.<\/p>\n<p><img loading=\"lazy\" decoding=\"async\" class=\"alignnone wp-image-4338 size-large\" src=\"https:\/\/www.markus-schall.de\/wp-content\/uploads\/Groenland-Erik-der-Rote.jpg\" alt=\"L&#039;\u00e2ge viking - Erik le Rouge\" width=\"1024\" height=\"683\" srcset=\"https:\/\/www.markus-schall.de\/wp-content\/uploads\/Groenland-Erik-der-Rote.jpg 1024w, https:\/\/www.markus-schall.de\/wp-content\/uploads\/Groenland-Erik-der-Rote-300x200.jpg 300w, https:\/\/www.markus-schall.de\/wp-content\/uploads\/Groenland-Erik-der-Rote-768x512.jpg 768w, https:\/\/www.markus-schall.de\/wp-content\/uploads\/Groenland-Erik-der-Rote-18x12.jpg 18w\" sizes=\"auto, (max-width: 1024px) 100vw, 1024px\" \/><\/p>\n<h2>Les Vikings, les royaumes et la voie vers les structures de pouvoir europ\u00e9ennes<\/h2>\n<p>Le regard europ\u00e9en sur le Groenland commence vers la fin du 10e si\u00e8cle. Vers 985, le Viking banni d'Islande atteint le Groenland. <a href=\"https:\/\/de.wikipedia.org\/wiki\/Erik_der_Rote\" target=\"_blank\" rel=\"noopener\">Erik le Rouge<\/a> la c\u00f4te sud-ouest de l'\u00eele. Il y fonda plusieurs colonies et donna au pays le nom qu'il porte encore aujourd'hui :<\/p>\n<blockquote><p>Le Groenland.<\/p><\/blockquote>\n<p>Le nom \u00e9tait moins une description g\u00e9ographique qu'une d\u00e9cision strat\u00e9gique - un terme d\u00e9lib\u00e9r\u00e9ment choisi de mani\u00e8re positive pour attirer les colons.<\/p>\n<p>Les Vikings ont \u00e9tabli deux grandes zones de peuplement, l'une dite de l'Est et l'autre de l'Ouest. Pendant plusieurs si\u00e8cles, quelques milliers de personnes y ont v\u00e9cu. Ils pratiquaient l'\u00e9levage, l'agriculture \u00e0 une \u00e9chelle limit\u00e9e et le commerce, notamment d'ivoire provenant de dents de morses. Le Groenland \u00e9tait ainsi int\u00e9gr\u00e9 dans le r\u00e9seau commercial nordique, m\u00eame s'il se situait \u00e0 l'extr\u00eame limite.<\/p>\n<h3>Vivre \u00e0 la limite : pourquoi les colonies vikings ont disparu<\/h3>\n<p>Malgr\u00e9 leur \u00e9tonnante pers\u00e9v\u00e9rance, les colonies nordiques ont compl\u00e8tement disparu au cours du 15e si\u00e8cle. La raison exacte de cette disparition n'a pas encore \u00e9t\u00e9 d\u00e9finitivement \u00e9lucid\u00e9e. Plusieurs facteurs se sont probablement conjugu\u00e9s : un refroidissement progressif du climat suite \u00e0 ce que l'on appelle le petit \u00e2ge glaciaire, le d\u00e9clin \u00e9conomique, l'isolement de l'Europe et une capacit\u00e9 d'adaptation limit\u00e9e \u00e0 des conditions environnementales difficiles.<\/p>\n<p>Il est remarquable que les Vikings aient conserv\u00e9 en grande partie leur mode de vie au lieu de l'adapter davantage aux conditions arctiques - contrairement aux Inuits, dont c'\u00e9tait pr\u00e9cis\u00e9ment la force. La pr\u00e9sence nordique au Groenland a donc \u00e9t\u00e9 historiquement importante, mais pas durable.<\/p>\n<h3>Le Groenland et le royaume de Norv\u00e8ge<\/h3>\n<p>Sur le plan politique, les Vikings consid\u00e9raient le Groenland comme faisant partie de la sph\u00e8re d'influence norv\u00e9gienne. L'\u00eele \u00e9tait soumise au roi de Norv\u00e8ge, m\u00eame si le contr\u00f4le effectif restait l\u00e2che. Cette attribution formelle est d\u00e9cisive, car elle constitue le premier pas vers une int\u00e9gration \u00e9tatique du Groenland dans les structures europ\u00e9ennes.<\/p>\n<p>En 1380, le Danemark et la Norv\u00e8ge ont form\u00e9 une union personnelle. Les deux royaumes furent d\u00e8s lors gouvern\u00e9s par un seul roi. Le Groenland tomba ainsi indirectement sous l'influence danoise, sans que cela ne change grand chose sur place. L'\u00eele resta isol\u00e9e, difficile d'acc\u00e8s et politiquement marginale.<\/p>\n<p>Pendant des si\u00e8cles, le Groenland a davantage exist\u00e9 sur le papier que dans la vie politique quotidienne de l'Europe. Pourtant, son appartenance formelle a perdur\u00e9. Cette continuit\u00e9 juridique est l'une des raisons pour lesquelles les revendications ult\u00e9rieures sur le Groenland n'ont pas eu besoin d'\u00eatre refond\u00e9es, mais se sont appuy\u00e9es sur des lignes juridiques existantes.<\/p>\n<p>Ce n'est qu'avec la paix de Kiel en 1814 qu'un tournant d\u00e9cisif a \u00e9t\u00e9 pris. Apr\u00e8s les guerres napol\u00e9oniennes, la Norv\u00e8ge a \u00e9t\u00e9 s\u00e9par\u00e9e du Danemark et remise \u00e0 la Su\u00e8de. Le Danemark a toutefois conserv\u00e9 ses possessions extra-europ\u00e9ennes - dont le Groenland. Le Groenland fut ainsi clairement et durablement rattach\u00e9 \u00e0 l'\u00c9tat danois.<\/p>\n<h3>De l'absence de fait \u00e0 la comp\u00e9tence formelle<\/h3>\n<p>Cette \u00e9volution peut sembler paradoxale \u00e0 premi\u00e8re vue : une \u00eele sur laquelle il n'y avait parfois gu\u00e8re de pr\u00e9sence europ\u00e9enne a \u00e9t\u00e9 clairement attribu\u00e9e \u00e0 un \u00c9tat europ\u00e9en en vertu du droit international. Mais c'est pr\u00e9cis\u00e9ment l\u00e0 que r\u00e9side le c\u0153ur de l'\u00c9tat moderne : ce n'est pas une colonisation continue qui cr\u00e9e l'appartenance, mais des lignes juridiques reconnues et des trait\u00e9s internationaux.<\/p>\n<p>Le Groenland est ainsi devenu partie int\u00e9grante de l'ordre europ\u00e9en, sans \u00eatre lui-m\u00eame europ\u00e9en. La population indig\u00e8ne a continu\u00e9 \u00e0 exister, tandis qu'une nouvelle structure juridique s'est impos\u00e9e \u00e0 elle. Cette tension entre autonomie historique et appartenance formelle caract\u00e9rise le Groenland jusqu'\u00e0 aujourd'hui.<\/p>\n<h3>Le d\u00e9but d'un long engagement<\/h3>\n<p>L'attribution au Danemark marque le d\u00e9but d'un lien qui ne cessera de se consolider au cours des si\u00e8cles suivants, d'abord de mani\u00e8re \u00e0 peine perceptible, puis de mani\u00e8re de plus en plus concr\u00e8te. L'\u00e9poque viking marque moins le d\u00e9but du contr\u00f4le europ\u00e9en que l'entr\u00e9e dans un syst\u00e8me de revendications, de comp\u00e9tences et de continuit\u00e9 \u00e9tatique.<\/p>\n<p>Pour comprendre pourquoi le Danemark joue aujourd'hui un r\u00f4le central dans la question du Groenland, il faut conna\u00eetre cette \u00e9volution. Elle explique pourquoi les d\u00e9bats modernes ne partent pas de z\u00e9ro, mais s'appuient sur des d\u00e9cisions historiques qui remontent loin dans le temps.<\/p>\n<p><img loading=\"lazy\" decoding=\"async\" class=\"alignnone wp-image-4339 size-large\" src=\"https:\/\/www.markus-schall.de\/wp-content\/uploads\/Groenland-Kolonialzeit.jpg\" alt=\"Le Groenland \u00e0 l&#039;\u00e9poque coloniale\" width=\"1024\" height=\"683\" srcset=\"https:\/\/www.markus-schall.de\/wp-content\/uploads\/Groenland-Kolonialzeit.jpg 1024w, https:\/\/www.markus-schall.de\/wp-content\/uploads\/Groenland-Kolonialzeit-300x200.jpg 300w, https:\/\/www.markus-schall.de\/wp-content\/uploads\/Groenland-Kolonialzeit-768x512.jpg 768w, https:\/\/www.markus-schall.de\/wp-content\/uploads\/Groenland-Kolonialzeit-18x12.jpg 18w\" sizes=\"auto, (max-width: 1024px) 100vw, 1024px\" \/><\/p>\n<h2>Du territoire colonial \u00e0 l'autogestion<\/h2>\n<p>Bien que le Groenland fasse partie du Danemark en vertu du droit international depuis le d\u00e9but du 19e si\u00e8cle, une administration coloniale syst\u00e9matique n'a commenc\u00e9 qu'au 18e si\u00e8cle. En 1721, le missionnaire dano-norv\u00e9gien Hans Egede a commenc\u00e9 son travail au Groenland. Son objectif \u00e9tait de christianiser la population et de renouer avec les colonies nordiques pr\u00e9tendument \u201eperdues\u201c.<\/p>\n<p>La mission s'est progressivement accompagn\u00e9e de la mise en place d'une structure administrative et commerciale solide. Le Danemark a \u00e9tabli des monopoles commerciaux, a r\u00e9glement\u00e9 la circulation des marchandises et a \u00e9troitement li\u00e9 le Groenland \u00e0 la m\u00e9tropole sur le plan \u00e9conomique. Si le contr\u00f4le politique est rest\u00e9 longtemps relativement discret, la d\u00e9pendance \u00e9conomique, elle, n'a cess\u00e9 de cro\u00eetre.<\/p>\n<p>L'ordre colonial a eu des cons\u00e9quences ambivalentes. D'une part, des soins m\u00e9dicaux, des \u00e9coles et une certaine stabilit\u00e9 \u00e9conomique ont vu le jour. D'autre part, le monopole commercial a entra\u00een\u00e9 des d\u00e9pendances et a consid\u00e9rablement limit\u00e9 l'autonomie de la population groenlandaise.<\/p>\n<p>Le Groenland n'\u00e9tait pas consid\u00e9r\u00e9 comme une partie \u00e9gale de l'\u00c9tat, mais comme une zone prot\u00e9g\u00e9e qui devait \u00eatre administr\u00e9e, dirig\u00e9e et d\u00e9velopp\u00e9e. Les d\u00e9cisions \u00e9taient principalement prises \u00e0 Copenhague. La population groenlandaise n'avait gu\u00e8re d'influence sur les processus politiques qui concernaient sa propre vie.<\/p>\n<p>Cette phase marque encore aujourd'hui les relations entre le Groenland et le Danemark. De nombreuses questions structurelles, telles que l'ind\u00e9pendance \u00e9conomique ou la reconnaissance culturelle, trouvent leur origine dans cette p\u00e9riode.<\/p>\n<h3>1953 : la fin formelle du statut colonial<\/h3>\n<p>Un tournant d\u00e9cisif a eu lieu en 1953 : le Groenland a officiellement perdu son statut de colonie et a \u00e9t\u00e9 int\u00e9gr\u00e9 au royaume du Danemark en tant que partie int\u00e9grante \u00e0 part enti\u00e8re. La population groenlandaise obtint la citoyennet\u00e9 danoise et le Groenland devint partie int\u00e9grante de la constitution danoise.<\/p>\n<p>Juridiquement, cette \u00e9tape signifiait une \u00e9galit\u00e9. Cependant, sur le plan politique et social, un d\u00e9s\u00e9quilibre subsistait. De nombreuses d\u00e9cisions continuaient \u00e0 \u00eatre prises au niveau central et l'ind\u00e9pendance culturelle du Groenland n'\u00e9tait que partiellement reconnue.<\/p>\n<p>N\u00e9anmoins, cette \u00e9tape a marqu\u00e9 le d\u00e9but d'un changement fondamental : le Groenland n'\u00e9tait plus une colonie, mais faisait partie d'un \u00c9tat moderne, avec toutes les tensions qui en r\u00e9sultaient.<\/p>\n<h3>Le chemin vers la Home Rule<\/h3>\n<p>Au cours des d\u00e9cennies suivantes, la conscience de la n\u00e9cessit\u00e9 d'une plus grande autod\u00e9termination s'est accrue. C'est surtout dans les ann\u00e9es 1960 et 1970 que le mouvement d'autonomie groenlandais a pris de l'ampleur. La revendication n'\u00e9tait pas la s\u00e9paration, mais la participation \u00e0 la d\u00e9cision.<\/p>\n<p>En 1979, le Danemark a finalement introduit le Home Rule. Pour la premi\u00e8re fois, le Groenland a obtenu son propre parlement et son propre gouvernement. Certaines comp\u00e9tences, comme l'\u00e9ducation, la culture et les affaires sociales, ont \u00e9t\u00e9 transf\u00e9r\u00e9es aux institutions groenlandaises.<\/p>\n<p>Cette \u00e9tape a \u00e9t\u00e9 historiquement importante, car elle a permis pour la premi\u00e8re fois de rapprocher la responsabilit\u00e9 politique de la population groenlandaise.<\/p>\n<h3>2009 : Reconnaissance du droit \u00e0 l'autod\u00e9termination<\/h3>\n<p>Une nouvelle \u00e9tape a \u00e9t\u00e9 franchie avec la loi sur l'autogestion de 2009. Cette loi allait bien au-del\u00e0 du Home Rule. Elle reconnaissait explicitement que le peuple groenlandais avait son propre droit \u00e0 l'autod\u00e9termination - une notion centrale dans le droit international moderne. Depuis lors, le Groenland est administr\u00e9 :<\/p>\n<ul>\n<li>ses affaires int\u00e9rieures<\/li>\n<li>le syst\u00e8me d'\u00e9ducation et de sant\u00e9<\/li>\n<li>l'utilisation des ressources naturelles<\/li>\n<\/ul>\n<p>Le Danemark a conserv\u00e9 des comp\u00e9tences en mati\u00e8re de politique \u00e9trang\u00e8re, de d\u00e9fense et de monnaie. Parall\u00e8lement, il a \u00e9t\u00e9 \u00e9tabli qu'une \u00e9ventuelle ind\u00e9pendance du Groenland ne pourrait \u00eatre d\u00e9cid\u00e9e que par la volont\u00e9 de la population.<\/p>\n<h3>Une nouvelle relation entre le Groenland et le Danemark<\/h3>\n<p>Avec l'autogestion, la relation s'est fondamentalement modifi\u00e9e. La relation coloniale s'est transform\u00e9e en un partenariat bas\u00e9 sur des comp\u00e9tences d\u00e9finies juridiquement. Des tensions subsistent, notamment sur les questions \u00e9conomiques, mais elles sont aujourd'hui n\u00e9goci\u00e9es politiquement - et non plus impos\u00e9es administrativement.<\/p>\n<p>Ce point est d\u00e9cisif pour le d\u00e9bat actuel sur le Groenland : le Groenland n'est plus un territoire administr\u00e9 par des \u00e9trangers. Il dispose d'institutions d\u00e9mocratiquement l\u00e9gitim\u00e9es et d'un droit reconnu \u00e0 prendre ses propres d\u00e9cisions.<\/p>\n<h3>Aper\u00e7u des comp\u00e9tences actuelles<\/h3>\n<div style=\"overflow-x: auto;\">\n<table>\n<thead>\n<tr style=\"background: #f2f2f2;\">\n<th>Domaine<\/th>\n<th>Comp\u00e9tence aujourd'hui<\/th>\n<th>Pourquoi cela est-il pertinent pour le d\u00e9bat sur le Groenland ?<\/th>\n<\/tr>\n<\/thead>\n<tbody>\n<tr>\n<td><strong>Politique int\u00e9rieure \/ Administration<\/strong><\/td>\n<td>Groenland<\/td>\n<td>Le Groenland dispose de son propre gouvernement et de son propre parlement. Les d\u00e9cisions centrales de la vie quotidienne ne sont pas prises \u00e0 Copenhague.<\/td>\n<\/tr>\n<tr>\n<td><strong>\u00c9ducation et culture<\/strong><\/td>\n<td>Groenland<\/td>\n<td>La langue, l'identit\u00e9 et le d\u00e9veloppement culturel sont enti\u00e8rement entre les mains des Groenlandais - un point essentiel de l'autod\u00e9termination.<\/td>\n<\/tr>\n<tr>\n<td><strong>Sant\u00e9 et affaires sociales<\/strong><\/td>\n<td>Groenland<\/td>\n<td>L'infrastructure sociale est organis\u00e9e de mani\u00e8re autonome, ce qui suppose une appropriation politique.<\/td>\n<\/tr>\n<tr>\n<td><strong>Ressources naturelles<\/strong><br \/>\n<strong>(Mati\u00e8res premi\u00e8res, Mines, \u00c9nergie)<\/strong><\/td>\n<td>Groenland<\/td>\n<td>Le Groenland d\u00e9cide lui-m\u00eame de l'exploration et de l'exploitation. Cela rend les fantasmes de \u201erachat\u201c externe difficilement contr\u00f4lables d'un point de vue \u00e9conomique.<\/td>\n<\/tr>\n<tr>\n<td><strong>Politique \u00e9conomique (interne)<\/strong><\/td>\n<td>Groenland<\/td>\n<td>Le d\u00e9veloppement \u00e9conomique est g\u00e9r\u00e9 au niveau local ; les d\u00e9pendances sont politiquement n\u00e9gociables, et non d\u00e9termin\u00e9es par l'\u00e9tranger.<\/td>\n<\/tr>\n<tr>\n<td><strong>Politique \u00e9trang\u00e8re<\/strong><\/td>\n<td>Danemark<br \/>\n(en accord avec le Groenland)<\/td>\n<td>La repr\u00e9sentation ext\u00e9rieure formelle est assur\u00e9e par le Danemark, mais le Groenland est de plus en plus directement impliqu\u00e9 - un mod\u00e8le de transition, pas un ordre \u00e9tranger.<\/td>\n<\/tr>\n<tr>\n<td><strong>D\u00e9fense et arm\u00e9e<\/strong><\/td>\n<td>Danemark<br \/>\n(cadre de l'OTAN)<\/td>\n<td>La pr\u00e9sence militaire am\u00e9ricaine est bas\u00e9e sur des accords, pas sur la possession. S\u00e9curit\u00e9 \u2260 Souverainet\u00e9.<\/td>\n<\/tr>\n<tr>\n<td><strong>Monnaie et politique mon\u00e9taire<\/strong><\/td>\n<td>Danemark<\/td>\n<td>Une caract\u00e9ristique classique du lien \u00e9tatique, mais pas un crit\u00e8re d'exclusion de l'autonomie ou de l'ind\u00e9pendance ult\u00e9rieure.<\/td>\n<\/tr>\n<tr>\n<td><strong>Citoyennet\u00e9<\/strong><\/td>\n<td>Danemark<\/td>\n<td>Les Groenlandais sont des citoyens danois - un facteur de protection juridique contre les revendications ext\u00e9rieures.<\/td>\n<\/tr>\n<tr>\n<td><strong>Statut constitutionnel<\/strong><\/td>\n<td>Royaume de Danemark<br \/>\n+ loi sur l'autogestion<\/td>\n<td>Le Groenland est int\u00e9gr\u00e9 juridiquement, mais avec un droit d'autod\u00e9termination reconnu - un point d\u00e9cisif contre toute \u201eprise de contr\u00f4le\u201c.<\/td>\n<\/tr>\n<tr>\n<td><strong>Droit \u00e0 l'ind\u00e9pendance<\/strong><\/td>\n<td>Groenland<\/td>\n<td>Un changement de statut ne peut \u00eatre d\u00e9cid\u00e9 que par la population groenlandaise elle-m\u00eame - et non de l'ext\u00e9rieur.<\/td>\n<\/tr>\n<\/tbody>\n<\/table>\n<\/div>\n<h3>Pourquoi cette \u00e9volution est si importante aujourd'hui<\/h3>\n<p>Parler aujourd'hui de l'avenir du Groenland, c'est parler d'un territoire qui a sa propre voix politique. Les d\u00e9clarations sur les \u201eachats\u201c ou les \u201ereprises\u201c ignorent compl\u00e8tement cette \u00e9volution. Elles font appel \u00e0 une pens\u00e9e historiquement d\u00e9pass\u00e9e.<\/p>\n<p>L'autonomie administrative du Groenland n'est pas une construction th\u00e9orique, mais une r\u00e9alit\u00e9 v\u00e9cue. Elle constitue la base pour que toute discussion sur l'appartenance, la coop\u00e9ration ou l'ind\u00e9pendance int\u00e8gre obligatoirement la perspective de la population groenlandaise.<\/p>\n<p><img loading=\"lazy\" decoding=\"async\" class=\"alignnone wp-image-4340 size-large\" src=\"https:\/\/www.markus-schall.de\/wp-content\/uploads\/Groenland-Trump.jpg\" alt=\"Les int\u00e9r\u00eats am\u00e9ricains et le pr\u00e9sident Trump\" width=\"1024\" height=\"683\" srcset=\"https:\/\/www.markus-schall.de\/wp-content\/uploads\/Groenland-Trump.jpg 1024w, https:\/\/www.markus-schall.de\/wp-content\/uploads\/Groenland-Trump-300x200.jpg 300w, https:\/\/www.markus-schall.de\/wp-content\/uploads\/Groenland-Trump-768x512.jpg 768w, https:\/\/www.markus-schall.de\/wp-content\/uploads\/Groenland-Trump-18x12.jpg 18w\" sizes=\"auto, (max-width: 1024px) 100vw, 1024px\" \/><\/p>\n<h2>Int\u00e9r\u00eats am\u00e9ricains, id\u00e9es d'achat ant\u00e9rieures et initiative de Trump<\/h2>\n<p>Ceux qui ont l'impression aujourd'hui que les Etats-Unis n'ont d\u00e9velopp\u00e9 un int\u00e9r\u00eat pour le Groenland qu'avec Donald Trump se trompent. En r\u00e9alit\u00e9, le Groenland fait partie des r\u00e9flexions am\u00e9ricaines en mati\u00e8re de s\u00e9curit\u00e9 et de puissance depuis plus d'un si\u00e8cle. La raison n'est pas une fascination romantique pour l'Arctique, mais la g\u00e9ographie : le Groenland est situ\u00e9 entre l'Am\u00e9rique du Nord et l'Europe, sur un axe qui a toujours \u00e9t\u00e9 important sur le plan militaire et logistique.<\/p>\n<p>Avec l'int\u00e9r\u00eat croissant pour l'Arctique - que ce soit pour de nouvelles routes commerciales, des mati\u00e8res premi\u00e8res ou des syst\u00e8mes militaires d'alerte pr\u00e9coce - cette situation est devenue encore plus pr\u00e9cieuse. Du point de vue des grandes puissances, le Groenland est moins une r\u00e9gion p\u00e9riph\u00e9rique qu'une sorte de pont au nord. Et c'est pr\u00e9cis\u00e9ment ce qui explique pourquoi l'\u00eele appara\u00eet r\u00e9guli\u00e8rement dans les documents strat\u00e9giques am\u00e9ricains.<\/p>\n<h3>Id\u00e9es d'achat ant\u00e9rieures : un vieux mod\u00e8le<\/h3>\n<p>En fait, aux 19e et 20e si\u00e8cles d\u00e9j\u00e0, les \u00c9tats-Unis ont envisag\u00e9 d'acheter le Groenland ou de le lier plus \u00e9troitement \u00e0 Washington par d'autres moyens. De telles id\u00e9es sont n\u00e9es \u00e0 chaque fois que les Etats-Unis ont renforc\u00e9 leur r\u00f4le de puissance mondiale ou ont r\u00e9\u00e9valu\u00e9 les risques en mati\u00e8re de politique de s\u00e9curit\u00e9.<\/p>\n<p>L'ann\u00e9e 1946 est particuli\u00e8rement connue, lorsque les \u00c9tats-Unis ont fait une offre au Danemark pour acheter le Groenland. Le Danemark a refus\u00e9. Le point historique est que m\u00eame sans achat, l'int\u00e9r\u00eat am\u00e9ricain n'est pas rest\u00e9 sans cons\u00e9quence. Au lieu d'acqu\u00e9rir des biens, les \u00c9tats-Unis ont renforc\u00e9 leur influence par le biais d'une pr\u00e9sence militaire et d'accords.<\/p>\n<p>Cette histoire plus ancienne est importante car elle montre que la d\u00e9marche de Trump n'\u00e9tait pas le d\u00e9but d'un int\u00e9r\u00eat, mais plut\u00f4t une r\u00e9\u00e9dition bruyante d'un vieux mod\u00e8le - avec un choix de mots qui semble inhabituellement grossier dans la diplomatie moderne.<\/p>\n<h3>R\u00e9alit\u00e9 militaire : pr\u00e9sence sans possession<\/h3>\n<p>Un point central est souvent sous-estim\u00e9 dans les d\u00e9bats : les \u00c9tats-Unis ne sont pas \u201ehors jeu\u201c au Groenland. Depuis la Seconde Guerre mondiale d\u00e9j\u00e0, il existe des coop\u00e9rations en mati\u00e8re de politique de s\u00e9curit\u00e9 qui permettent aux Etats-Unis d'avoir un acc\u00e8s pratique \u00e0 des infrastructures strat\u00e9giques - sans que le Groenland soit pour autant un territoire am\u00e9ricain.<\/p>\n<p>L'exemple le plus connu est la base a\u00e9rienne de Thul\u00e9 (aujourd'hui : Pituffik Space Base). Elle fait partie du syst\u00e8me am\u00e9ricain d'alerte pr\u00e9coce et de surveillance de l'espace et montre que Washington joue depuis longtemps un r\u00f4le strat\u00e9gique au Groenland. Cette pr\u00e9sence repose toutefois sur des contrats et une coop\u00e9ration - et non sur la possession.<\/p>\n<p>C'est pr\u00e9cis\u00e9ment l\u00e0 que r\u00e9side une diff\u00e9rence d\u00e9cisive : dans la r\u00e9alit\u00e9, les relations internationales fonctionnent souvent par le biais de l'influence et des accords. La \u201epropri\u00e9t\u00e9\u201c n'est ni n\u00e9cessaire ni politiquement utile pour cela.<\/p>\n<h3>Le choix des mots de Trump : la \u201epens\u00e9e du deal\u201c rencontre la g\u00e9opolitique<\/h3>\n<p>Lorsque Donald Trump a confirm\u00e9 publiquement en 2019 qu'il avait \u00e9t\u00e9 question d\u201e\u201cacheter le Groenland\", cela a paru \u00e0 beaucoup comme une id\u00e9e absurde. Mais cette impression est surtout due \u00e0 la formulation. Trump pense et parle souvent en termes de deals, d'immobilier et de propri\u00e9t\u00e9. Or, en politique \u00e9trang\u00e8re, ce langage n'est pas seulement inhabituel, il est carr\u00e9ment trompeur.<\/p>\n<p>Car un territoire avec sa propre population, sa propre histoire et sa propre structure politique ne peut pas \u00eatre trait\u00e9 comme une \u00eele dans un catalogue immobilier. Le choix des mots de Trump renvoie ainsi \u00e0 une pens\u00e9e qui correspond plut\u00f4t au XIXe si\u00e8cle, lorsque les \u00c9tats modernes prenaient, \u00e9changeaient ou achetaient encore des terres. Il est donc compr\u00e9hensible que ce choix de mots ait fortement irrit\u00e9 la communaut\u00e9 internationale - et c'est pr\u00e9cis\u00e9ment ce moment d'irritation qui a soudain fait du Groenland un sujet m\u00e9diatique.<\/p>\n<h3>R\u00e9actions du Groenland : oui \u00e0 la coop\u00e9ration, non \u00e0 la vente<\/h3>\n<p>La r\u00e9action du Groenland lui-m\u00eame est particuli\u00e8rement int\u00e9ressante, car elle a souvent \u00e9t\u00e9 plus objective que le d\u00e9bat m\u00e9diatique. Le message \u00e9tait \u00e0 la fois clair et nuanc\u00e9 dans sa tendance : Le Groenland est ouvert \u00e0 la coop\u00e9ration, aux investissements et au d\u00e9veloppement \u00e9conomique - mais il n'est pas \u00e0 vendre.<\/p>\n<p>C'est un point important, car il montre que la perspective groenlandaise n'est pas simplement \u201eanti-USA\u201c. De nombreux Groenlandais savent que la coop\u00e9ration am\u00e9ricaine peut apporter des opportunit\u00e9s \u00e9conomiques et infrastructurelles. En m\u00eame temps, la question de l'appartenance est une ligne rouge, car elle est directement li\u00e9e \u00e0 l'autod\u00e9termination, \u00e0 l'identit\u00e9 culturelle et \u00e0 la souverainet\u00e9 d\u00e9cisionnelle d\u00e9mocratique.<\/p>\n<h3>R\u00e9actions du Danemark et de l'Europe : une fronti\u00e8re se dessine<\/h3>\n<p>Le Danemark a r\u00e9agi tr\u00e8s clairement en 2019. L'id\u00e9e d'acheter le Groenland a \u00e9t\u00e9 rejet\u00e9e comme absurde. Mais ce qui s'est pass\u00e9 par la suite a \u00e9t\u00e9 encore plus significatif : lorsque Trump a annul\u00e9 une visite pr\u00e9vue au Danemark, il est devenu \u00e9vident qu'une d\u00e9claration provocante peut basculer en quelques heures dans une crise diplomatique.<\/p>\n<p>Dans les reprises ult\u00e9rieures du th\u00e8me - notamment \u00e0 partir de fin 2024 et d\u00e9but 2026 - l'Europe est apparue plus unie. Un deuxi\u00e8me niveau appara\u00eet ici : le Groenland n'est pas seulement un th\u00e8me groenlandais ou danois, mais aussi un th\u00e8me europ\u00e9en, car il s'agit de l'int\u00e9grit\u00e9 d'un \u00c9tat europ\u00e9en, de la politique arctique et de questions d'alliance.<\/p>\n<p>Le sujet a ainsi pris une nouvelle acuit\u00e9. Alors qu'en 2019, il y avait encore beaucoup de moqueries, les d\u00e9clarations ult\u00e9rieures ont \u00e9t\u00e9 de plus en plus consid\u00e9r\u00e9es comme des tests : Jusqu'o\u00f9 une grande puissance peut-elle aller dans sa rh\u00e9torique lorsqu'il s'agit de territoires au sein d'un syst\u00e8me d'alliances ?<\/p>\n<h3>Le conflit central : \u201eprise en charge\u201c comme concept contre la r\u00e9alit\u00e9<\/h3>\n<p>Si l'on rassemble toutes ces r\u00e9actions, le conflit central appara\u00eet clairement : le mot \u201ereprise\u201c ne correspond pas \u00e0 la r\u00e9alit\u00e9 actuelle. Le Groenland n'est pas un objet que l'on pourrait r\u00e9attribuer de l'ext\u00e9rieur. C'est un pays autonome au sein du royaume du Danemark, avec des institutions d\u00e9mocratiquement l\u00e9gitim\u00e9es et un droit \u00e0 l'autod\u00e9termination reconnu.<\/p>\n<p>En m\u00eame temps, le Groenland est si important sur le plan g\u00e9opolitique que les int\u00e9r\u00eats ext\u00e9rieurs ne peuvent que cro\u00eetre, que ce soit ceux des \u00c9tats-Unis, de l'Europe ou d'autres puissances. C'est pr\u00e9cis\u00e9ment de cela que na\u00eet la tension : entre la logique g\u00e9opolitique et l'autod\u00e9termination politique.<\/p>\n<h3>Vue d'ensemble des int\u00e9r\u00eats pass\u00e9s au Groenland<\/h3>\n<div style=\"overflow-x: auto;\">\n<table>\n<thead>\n<tr style=\"background: #f2f2f2;\">\n<th>Ann\u00e9e \/ Acteur<\/th>\n<th>\u00c9v\u00e9nement \/ \u201eInt\u00e9r\u00eat pour le Groenland\u201c<\/th>\n<th>Pourquoi \u00e7a n'a pas march\u00e9<\/th>\n<\/tr>\n<\/thead>\n<tbody>\n<tr>\n<td><strong>1867-1868<\/strong><br \/>\n<strong>\u00c9TATS-UNIS<\/strong> (entre autres, le secr\u00e9taire d'\u00c9tat William H. Seward)<\/td>\n<td>Apr\u00e8s l'achat de l'Alaska, des r\u00e9flexions ont \u00e9t\u00e9 men\u00e9es aux \u00c9tats-Unis pour acqu\u00e9rir \u00e9galement le Groenland (extension de l'Arctique, mati\u00e8res premi\u00e8res). Les discussions sont rest\u00e9es au stade de la discussion et aucune offre formelle n'a \u00e9t\u00e9 faite.<\/td>\n<td>Pas de soutien politique aux \u00c9tats-Unis ; l'id\u00e9e n'a pas \u00e9t\u00e9 d\u00e9velopp\u00e9e en un projet concret et r\u00e9alisable (entre autres, manque d'int\u00e9r\u00eat au Congr\u00e8s).<\/td>\n<\/tr>\n<tr>\n<td><strong>1910<\/strong><br \/>\n<strong>\u00c9TATS-UNIS<\/strong> (Ambassadeur Maurice F. Egan \/ Cercle du gouvernement am\u00e9ricain)<\/td>\n<td>Un jeu d'esprit\/une proposition : un \u00e9change dans lequel les \u00c9tats-Unis mettaient en jeu des territoires (notamment Mindanao\/Palawan) contre le Groenland et des colonies danoises. Cela est rest\u00e9 au niveau de l'exploration diplomatique.<\/td>\n<td>Le Danemark a refus\u00e9 ; de plus, la construction \u00e9tait politiquement et diplomatiquement extr\u00eamement improbable (trop de parties prenantes, trop complexe, trop d\u00e9licate).<\/td>\n<\/tr>\n<tr>\n<td><strong>1917<\/strong><br \/>\n<strong>\u00c9tats-Unis &amp; Danemark<\/strong> (Antilles danoises \/ \u00celes Vierges am\u00e9ricaines)<\/td>\n<td>Dans le cadre de l'acquisition des \u00eeles danoises des Antilles (aujourd'hui les \u00eeles Vierges am\u00e9ricaines), le gouvernement am\u00e9ricain a express\u00e9ment reconnu la revendication\/comp\u00e9tence du Danemark sur l'ensemble du Groenland - il s'agit en fait d'une consolidation du statut danois et non d'une tentative d'achat.<\/td>\n<td>C'est pr\u00e9cis\u00e9ment parce que les \u00c9tats-Unis ont reconnu la revendication du Danemark (dans le cadre d'un autre accord) que l'acquisition du Groenland est devenue politiquement moins probable - le statu quo a \u00e9t\u00e9 renforc\u00e9.<\/td>\n<\/tr>\n<tr>\n<td><strong>1946<\/strong><br \/>\n<strong>\u00c9TATS-UNIS<\/strong> (Pr\u00e9sident Harry S. Truman)<\/td>\n<td>Offre formelle d'achat au Danemark : il est fait \u00e9tat de 100 millions de dollars US en or pour le Groenland (anciennement guerre froide, situation strat\u00e9gique, logistique militaire).<\/td>\n<td>Le Danemark a refus\u00e9 ; au lieu d'un changement de propri\u00e9t\u00e9, il s'en est tenu \u00e0 un accord de s\u00e9curit\u00e9 et \u00e0 des droits militaires am\u00e9ricains\/une pr\u00e9sence. Le Groenland \u00e9tait strat\u00e9giquement sensible pour le Danemark et politiquement inali\u00e9nable.<\/td>\n<\/tr>\n<tr>\n<td><strong>2019 (ao\u00fbt)<\/strong><br \/>\n<strong>\u00c9TATS-UNIS<\/strong> (Pr\u00e9sident Donald Trump)<\/td>\n<td>Trump a confirm\u00e9 publiquement qu'il avait \u00e9t\u00e9 question d'un \u201eachat\u201c du Groenland au sein de son administration. Apr\u00e8s le refus du Danemark, Trump a annul\u00e9 sa visite au Danemark, ce qui a provoqu\u00e9 un malaise diplomatique.<\/td>\n<td>Le Danemark a d\u00e9clar\u00e9 l'id\u00e9e \u201eabsurde\u201c et le Groenland a \u00e9t\u00e9 clair : coop\u00e9ration oui, vente non. Politiquement et juridiquement, il n'y avait aucune base pour un \u201eachat\u201c.<\/td>\n<\/tr>\n<tr>\n<td><strong>2024 (d\u00e9cembre)<\/strong><br \/>\n<strong>\u00c9TATS-UNIS<\/strong> (Trump en tant que pr\u00e9sident \u00e9lu)<\/td>\n<td>Trump a repris le sujet et a parl\u00e9 d\u201e\u201cownership and control\" comme d'une n\u00e9cessit\u00e9 en mati\u00e8re de politique de s\u00e9curit\u00e9 - plus fortement qu'en 2019, mais toujours sans m\u00e9canisme concret et r\u00e9aliste.<\/td>\n<td>Le Groenland et le Danemark ont \u00e0 nouveau rejet\u00e9 l'id\u00e9e (\u201epas \u00e0 vendre\u201c). La notion d\u201e\u201cownership\" se heurte \u00e0 l'autod\u00e9termination et \u00e0 la politique d'alliance.<\/td>\n<\/tr>\n<tr>\n<td><strong>2026 (janvier)<\/strong><br \/>\n<strong>\u00c9TATS-UNIS<\/strong> (Maison Blanche \/ entourage de Trump)<\/td>\n<td>Rh\u00e9torique \u00e9largie : des \u201eoptions\u201c ont \u00e9t\u00e9 discut\u00e9es, y compris des mod\u00e8les de liens \u00e9troits (par exemple des constructions de type COFA) - accompagn\u00e9es d'une menace politique (\u201etout est une option\u201c).<\/td>\n<td>Ici aussi, pas de changement de statut sans l'accord du Groenland. De plus, le Danemark\/l'Europe (et la logique de l'OTAN) constituent un frein politique s\u00e9v\u00e8re \u00e0 toute forme d'annexion\/de reprise.<\/td>\n<\/tr>\n<\/tbody>\n<\/table>\n<\/div>\n<h3>Le Groenland entre autonomie, mati\u00e8res premi\u00e8res et nouvelles convoitises<\/h3>\n<p>Le reportage suivant dresse un tableau complexe du Groenland, entre pass\u00e9 colonial, d\u00e9fis sociaux actuels et nouveaux int\u00e9r\u00eats g\u00e9opolitiques. Partant de la demande de Donald Trump que le Groenland fasse partie des Etats-Unis, le film montre pourquoi ces d\u00e9clarations suscitent une grande inqui\u00e9tude sur l'\u00eele elle-m\u00eame et au Danemark.<\/p>\n<div class=\"lyte-wrapper\" style=\"width:640px;max-width:100%;margin:5px;\"><div class=\"lyMe\" id=\"WYL_XPLwz3Q98c0\"><div id=\"lyte_XPLwz3Q98c0\" data-src=\"https:\/\/www.markus-schall.de\/wp-content\/plugins\/wp-youtube-lyte\/lyteCache.php?origThumbUrl=%2F%2Fi.ytimg.com%2Fvi%2FXPLwz3Q98c0%2Fhqdefault.jpg\" class=\"pL\"><div class=\"tC\"><div class=\"tT\"><\/div><\/div><div class=\"play\"><\/div><div class=\"ctrl\"><div class=\"Lctrl\"><\/div><div class=\"Rctrl\"><\/div><\/div><\/div><noscript><a href=\"https:\/\/youtu.be\/XPLwz3Q98c0\" rel=\"nofollow noopener\" target=\"_blank\"><img loading=\"lazy\" decoding=\"async\" src=\"https:\/\/www.markus-schall.de\/wp-content\/plugins\/wp-youtube-lyte\/lyteCache.php?origThumbUrl=https%3A%2F%2Fi.ytimg.com%2Fvi%2FXPLwz3Q98c0%2F0.jpg\" alt=\"Vignette de la vid\u00e9o YouTube\" width=\"640\" height=\"340\" \/><br \/>Lire cette vid\u00e9o sur YouTube<\/a><\/noscript><\/div><\/div><div class=\"lL\" style=\"max-width:100%;width:640px;margin:5px;\"><\/div><br \/>\nLe Groenland entre le Danemark et Trump | <a href=\"https:\/\/www.youtube.com\/@ARTEde\" target=\"_blank\" rel=\"nofollow noopener\">ARTE Re :<\/a><\/p>\n<p>Les Groenlandais comme Nukannguaq Zeeb, profond\u00e9ment enracin\u00e9s dans des traditions telles que la chasse et la p\u00eache, voient d'un mauvais \u0153il la persistance de l'influence danoise et ne consid\u00e8rent pas le Groenland comme r\u00e9ellement ind\u00e9pendant, malgr\u00e9 l'autonomie formelle accord\u00e9e depuis 1953. Parall\u00e8lement, la fonte des glaces et les ressources mini\u00e8res accessibles suscitent l'int\u00e9r\u00eat des investisseurs internationaux, notamment dans le secteur minier. Mais le reportage met \u00e9galement en \u00e9vidence les lignes de fracture sociale : d\u00e9ficits de formation, d\u00e9pendances et manque de perspectives. Le Groenland \u00e9volue ainsi entre des liens anciens et de nouvelles d\u00e9pendances - et le souhait de nombreux habitants de pouvoir un jour d\u00e9cider eux-m\u00eames de leur avenir.<\/p>\n<h3>L'incident de Thul\u00e9 de 1968 : quand des armes nucl\u00e9aires s'\u00e9crasent au Groenland<\/h3>\n<p>Le 21 janvier 1968, l'un des incidents nucl\u00e9aires les plus lourds de cons\u00e9quences de la Guerre froide s'est produit pr\u00e8s de la base a\u00e9rienne am\u00e9ricaine de Thul\u00e9, au nord-ouest du Groenland. Un bombardier am\u00e9ricain B-52 s'est \u00e9cras\u00e9 lors d'une mission de patrouille strat\u00e9gique. Quatre bombes \u00e0 hydrog\u00e8ne se trouvaient \u00e0 bord. La cause en \u00e9tait un incendie dans l'avion, qui a contraint l'\u00e9quipage \u00e0 une \u00e9vacuation d'urgence. L'appareil s'est \u00e9cras\u00e9 sur la banquise. S'il n'y a pas eu d'explosion nucl\u00e9aire, les charges explosives conventionnelles des bombes ont explos\u00e9 \u00e0 l'impact. Des mat\u00e9riaux radioactifs, notamment du plutonium, ont \u00e9t\u00e9 dispers\u00e9s sur la glace et la neige.<\/p>\n<p>L'incident \u00e9tait politiquement tr\u00e8s explosif, car le Danemark a officiellement d\u00e9clar\u00e9 une zone exempte d'armes nucl\u00e9aires sur son territoire, mais le Groenland fait partie du territoire danois. Ce n'est qu'\u00e0 la suite de l'accident que l'on a appris que les Etats-Unis utilisaient en permanence des bombardiers arm\u00e9s de l'arme nucl\u00e9aire au-dessus des r\u00e9gions arctiques dans le cadre du programme \u201eChrome Dome\u201c. L'incident de Thul\u00e9 a finalement conduit \u00e0 la fin de ces patrouilles a\u00e9riennes permanentes et a mis en \u00e9vidence la r\u00e9alit\u00e9 du risque d'accidents nucl\u00e9aires involontaires, m\u00eame en dehors des op\u00e9rations de guerre actives.<\/p>\n<h3>R\u00e9cup\u00e9ration, contamination et questions en suspens : les cons\u00e9quences \u00e0 long terme du crash<\/h3>\n<p>Apr\u00e8s le crash, une op\u00e9ration de sauvetage et de d\u00e9contamination co\u00fbteuse a \u00e9t\u00e9 lanc\u00e9e dans des conditions climatiques extr\u00eames. De grandes quantit\u00e9s de glace et de neige contamin\u00e9es ont \u00e9t\u00e9 enlev\u00e9es et transport\u00e9es aux \u00c9tats-Unis pour y \u00eatre \u00e9limin\u00e9es. Des centaines d'ouvriers - dont des auxiliaires groenlandais et danois - ont particip\u00e9 \u00e0 ces travaux. On a appris par la suite que certains de ces travailleurs avaient d\u00e9velopp\u00e9 des probl\u00e8mes de sant\u00e9, notamment des cancers. La question de savoir dans quelle mesure ces maladies sont directement imputables \u00e0 l'exposition aux radiations fait aujourd'hui encore l'objet d'enqu\u00eates et de litiges juridiques, sans qu'il existe une \u00e9valuation claire et d\u00e9finitive.<\/p>\n<p>La question de savoir si tous les composants des quatre armes nucl\u00e9aires ont effectivement pu \u00eatre r\u00e9cup\u00e9r\u00e9s a \u00e9t\u00e9 particuli\u00e8rement controvers\u00e9e. Alors que les autorit\u00e9s am\u00e9ricaines ont d\u00e9clar\u00e9 que tous les composants pertinents avaient \u00e9t\u00e9 s\u00e9curis\u00e9s ou d\u00e9truits, les sp\u00e9culations sur d'\u00e9ventuelles pi\u00e8ces restantes dans la glace ou la mer arctique ont perdur\u00e9 pendant des d\u00e9cennies. Ind\u00e9pendamment de ces questions en suspens, l'accident de Thul\u00e9 reste un symbole des risques de la politique de dissuasion nucl\u00e9aire : il montre que non seulement les guerres, mais aussi les op\u00e9rations de routine des superpuissances pouvaient avoir des cons\u00e9quences \u00e9cologiques, politiques et humaines consid\u00e9rables - notamment dans des r\u00e9gions apparemment isol\u00e9es comme le Groenland.<\/p>\n<p><img loading=\"lazy\" decoding=\"async\" class=\"alignnone wp-image-4376 size-large\" src=\"https:\/\/www.markus-schall.de\/wp-content\/uploads\/Groenland-B52-Atombomben.jpg\" alt=\"Crash d&#039;un bombardier B52 au Groenland\" width=\"1024\" height=\"683\" srcset=\"https:\/\/www.markus-schall.de\/wp-content\/uploads\/Groenland-B52-Atombomben.jpg 1024w, https:\/\/www.markus-schall.de\/wp-content\/uploads\/Groenland-B52-Atombomben-300x200.jpg 300w, https:\/\/www.markus-schall.de\/wp-content\/uploads\/Groenland-B52-Atombomben-768x512.jpg 768w, https:\/\/www.markus-schall.de\/wp-content\/uploads\/Groenland-B52-Atombomben-18x12.jpg 18w\" sizes=\"auto, (max-width: 1024px) 100vw, 1024px\" \/><\/p>\n<h2>A quel point une \u201eprise de contr\u00f4le\u201c du Groenland est-elle r\u00e9aliste ?<\/h2>\n<p>Avant de parler de sc\u00e9narios, il vaut la peine de v\u00e9rifier bri\u00e8vement la r\u00e9alit\u00e9 : le mot \u201ereprise\u201c \u00e9voque le rachat d'une entreprise, un changement de propri\u00e9t\u00e9, un acte politique rapide. C'est pr\u00e9cis\u00e9ment cette id\u00e9e qui constitue la principale erreur dans le cas du Groenland. Les \u00c9tats et les territoires avec leur propre population ne fonctionnent pas selon le principe d'un contrat de vente. Et le Groenland, en particulier, est aujourd'hui dans une position politique telle que la simple logique de possession est non seulement inappropri\u00e9e, mais pratiquement inefficace.<\/p>\n<p>C'est pourquoi la question d\u00e9cisive n'est pas de savoir si quelqu'un \u201eveut\u201c le Groenland, mais quelles sont les voies ouvertes dans la r\u00e9alit\u00e9 - sur le plan juridique, politique et social. Ce n'est qu'en distinguant ces diff\u00e9rents niveaux que le d\u00e9bat pourra \u00eatre men\u00e9 de mani\u00e8re objective.<\/p>\n<h3>Les fronti\u00e8res juridiques : Le Groenland n'est pas \u00e0 vendre<\/h3>\n<p>D'un point de vue juridique, la situation est relativement claire : le Groenland est une partie autonome du royaume du Danemark, avec son propre gouvernement et un droit reconnu \u00e0 l'autod\u00e9termination. Cela signifie qu'un changement fondamental de statut ne peut pas \u00eatre simplement d\u00e9cid\u00e9 de l'ext\u00e9rieur. Une \u201evente\u201c serait non seulement difficilement envisageable sur le plan politique, mais elle se heurterait au principe fondamental selon lequel la population doit d\u00e9cider elle-m\u00eame de son avenir.<\/p>\n<p>Un autre point s'y ajoute : m\u00eame si le Danemark \u00e9tait th\u00e9oriquement pr\u00eat \u00e0 discuter d'une forme quelconque de cession ou de transfert - ce qui n'est d\u00e9j\u00e0 gu\u00e8re r\u00e9aliste - le consentement du Groenland ne serait pas automatiquement acquis. L'ordre international moderne est li\u00e9, du moins dans ses pr\u00e9tentions, \u00e0 l'id\u00e9e que les \u00eatres humains ne sont pas une mati\u00e8re \u00e0 n\u00e9gociation.<\/p>\n<h3>R\u00e9alit\u00e9 politique : alliances, trait\u00e9s et lignes rouges<\/h3>\n<p>Outre le niveau juridique, la r\u00e9alit\u00e9 politique est d\u00e9terminante. Le Groenland fait partie d'un ensemble d'\u00c9tats europ\u00e9ens, le Danemark est membre de l'OTAN et les \u00c9tats-Unis font \u00e9galement partie de cette alliance. Ne serait-ce que pour cette raison, l'id\u00e9e d'une \u201eprise de contr\u00f4le\u201c est extr\u00eamement improbable dans la pratique, car elle impliquerait une rupture avec la logique de l'alliance.<\/p>\n<p>M\u00eame si l'on consid\u00e8re les d\u00e9clarations de Trump comme un langage de n\u00e9gociation, l'essentiel demeure : dans un syst\u00e8me d'alliances, les revendications territoriales ne sont pas seulement une question de puissance, mais aussi une question de confiance, de stabilit\u00e9 et de cr\u00e9dibilit\u00e9 internationale. Une escalade s\u00e9rieuse \u00e9chouerait moins en raison d'un accord groenlandais que des co\u00fbts politiques cons\u00e9cutifs.<\/p>\n<p>C'est un point qui est sous-estim\u00e9 dans de nombreux d\u00e9bats : La politique \u00e9trang\u00e8re n'est pas faite d'exigences maximales, mais d'arrangements viables. Et un arrangement qui met publiquement un partenaire sous pression est rarement stable \u00e0 long terme.<\/p>\n<h3>La perspective du Groenland : l'autod\u00e9termination plut\u00f4t que le changement de camp<\/h3>\n<p>En fin de compte, c'est l'attitude des habitants du Groenland qui est d\u00e9terminante. Une ligne claire se d\u00e9gage de nombreuses r\u00e9actions : le Groenland est ouvert \u00e0 la coop\u00e9ration, aux investissements et \u00e0 la collaboration pragmatique - mais il ne veut pas \u00eatre trait\u00e9 comme un objet. Cette attitude n'est pas id\u00e9ologique, elle est compr\u00e9hensible. Ceux qui ont construit une plus grande autonomie au fil des d\u00e9cennies ne consid\u00e8rent pas un \u00e9ventuel changement de statut comme une \u201etransaction de troc\u201c, mais comme une question d'identit\u00e9 et d'avenir.<\/p>\n<p>En m\u00eame temps, la position groenlandaise est souvent plus nuanc\u00e9e que ce qui est pr\u00e9sent\u00e9 dans les d\u00e9bats europ\u00e9ens. Il ne s'agit pas automatiquement d'un \u201eou bien\u201c, ni d'un \"Danemark ou \u00c9tats-Unis\", mais d'une marge de man\u0153uvre. Certains Groenlandais voient des opportunit\u00e9s dans une coop\u00e9ration plus \u00e9troite avec les \u00c9tats-Unis, d'autres mettent davantage l'accent sur les liens avec le Danemark ou l'Europe. Mais presque toutes les voix centrales soulignent la m\u00eame ligne de fond : les d\u00e9cisions doivent \u00eatre prises au Groenland m\u00eame.<\/p>\n<h3>Ce qui est plus probable qu'une prise de contr\u00f4le<\/h3>\n<p>Si l'on examine froidement les d\u00e9veloppements intervenus jusqu'\u00e0 pr\u00e9sent, trois sc\u00e9narios sont nettement plus r\u00e9alistes que toute forme de \u201eprise de contr\u00f4le\u201c :<\/p>\n<ol>\n<li>Une politique \u00e9conomique et de s\u00e9curit\u00e9 plus forte <strong>Coop\u00e9ration avec les \u00c9tats-Unis<\/strong>, sans changer de statut. D'une certaine mani\u00e8re, c'est d\u00e9j\u00e0 une r\u00e9alit\u00e9 depuis des d\u00e9cennies, mais elle pourrait s'intensifier - par exemple par le biais de projets d'infrastructure, de recherche, de partenariats pour les mati\u00e8res premi\u00e8res ou d'accords de s\u00e9curit\u00e9 suppl\u00e9mentaires.<\/li>\n<li>Une \u00e9volution \u00e0 long terme vers <strong>une plus grande autonomie<\/strong>, et, \u00e9ventuellement, vers l'ind\u00e9pendance. Cette question existe depuis longtemps au Groenland. Il ne s'agit toutefois pas seulement d'une question de volont\u00e9 politique, mais aussi de viabilit\u00e9 \u00e9conomique, de capacit\u00e9 administrative et d'int\u00e9gration internationale.<\/li>\n<li>Un <strong>D\u00e9veloppement de la coop\u00e9ration europ\u00e9enne et nordique<\/strong>, Le Groenland pourrait ainsi devenir un partenaire plus autonome, sans pour autant quitter formellement le royaume. Il s'agirait l\u00e0 aussi d'une forme interm\u00e9diaire : un poids plus important vis-\u00e0-vis de l'ext\u00e9rieur, sans avoir \u00e0 supporter la pleine charge de l'ind\u00e9pendance de l'\u00c9tat.<\/li>\n<\/ol>\n<p>Ces sc\u00e9narios semblent moins spectaculaires que les gros titres sur \u201el'achat\u201c ou \u201el'annexion\u201c. Mais ils correspondent nettement mieux aux m\u00e9canismes r\u00e9els de la politique moderne.<\/p>\n<hr \/>\n<h3>Dernier sondage sur la confiance dans la politique<\/h3>\n<div class='bootstrap-yop yop-poll-mc'>\n\t\t\t\t\t\t\t<div class=\"basic-yop-poll-container\" style=\"background-color:#ffffff; border:0px; border-style:solid; border-color:#000000; border-radius:5px; padding:0px 5px;\" data-id=\"1\" data-temp=\"basic-pretty\" data-skin=\"square\" data-cscheme=\"blue\" data-cap=\"0\" data-access=\"guest\" data-tid=\"\" data-uid=\"9ad975162be2c71dcfce558b7aeff71c\" data-pid=\"5033\" data-resdet=\"votes-number,percentages\" data-show-results-to=\"guest\" data-show-results-moment=\"after-vote\" data-show-results-only=\"false\" data-show-message=\"true\" data-show-results-as=\"bar\" data-sort-results-by=\"as-defined\" data-sort-results-rule=\"asc\"data-is-ended=\"0\" data-percentages-decimals=\"2\" data-gdpr=\"no\" data-gdpr-sol=\"consent\" data-css=\"\" data-counter=\"0\" data-load-with=\"1\" data-notification-section=\"top\"><div class=\"row\"><div class=\"col-md-12\"><div class=\"basic-inner\"><div class=\"basic-message hide\" style=\"border-left: 10px solid #008000; padding: 0px 10px;\" data-error=\"#ff0000\" data-success=\"#008000\"><p class=\"basic-message-text\" style=\"color:#000000; font-size:14px; font-weight:normal;\"><\/p><\/div><div class=\"basic-overlay hide\"><div class=\"basic-vote-options\"><\/div><div class=\"basic-preloader\"><div class=\"basic-windows8\"><div class=\"basic-wBall basic-wBall_1\"><div class=\"basic-wInnerBall\"><\/div><\/div><div class=\"basic-wBall basic-wBall_2\"><div class=\"basic-wInnerBall\"><\/div><\/div><div class=\"basic-wBall basic-wBall_3\"><div class=\"basic-wInnerBall\"><\/div><\/div><div class=\"basic-wBall basic-wBall_4\"><div class=\"basic-wInnerBall\"><\/div><\/div><div class=\"basic-wBall basic-wBall_5\"><div class=\"basic-wInnerBall\"><\/div><\/div><\/div><\/div><\/div><form class=\"basic-form\" action=\"\"><input type=\"hidden\" name=\"_token\" value=\"f25084482d\" autocomplete=\"off\"><div class=\"basic-elements\"><div class=\"basic-element basic-question basic-question-text-vertical\" data-id=\"1\" data-uid=\"a1f9ddbc5c87626691a2cf888418b528\" data-type=\"question\" data-question-type=\"text\" data-required=\"yes\" data-allow-multiple=\"no\" data-min=\"1\" data-max=\"1\" data-display=\"vertical\" data-colnum=\"\" data-display-others=\"no\" data-others-color=\"\" data-others=\"\" data-others-max-chars=\"0\"><div class=\"basic-question-title\"><h5 style=\"color:#000000; font-size:16px; font-weight:normal; text-align:left;\">Quelle est ta confiance dans la politique et les m\u00e9dias en Allemagne ?<\/h5><\/div><ul class=\"basic-answers\"><li class=\"basic-answer\" style=\"padding:0px 0px;\" data-id=\"1\" data-type=\"text\" data-vn=\"10\" data-color=\"#000000\" data-make-link=\"no\" data-link=\"\"><div class=\"basic-answer-content basic-text-vertical\"><label for=\"answer[1]\" class=\"basic-answer-label\"><input type=\"radio\" id=\"answer[1]\" name=\"answer[1]\" value=\"1\"><span class=\"basic-text\" style=\"color: #000000; font-size: 14px; font-weight: normal;\">Tr\u00e8s \u00e9lev\u00e9 - J'ai une confiance absolue dans les organismes officiels<\/span><\/label><\/div><\/li><li class=\"basic-answer\" style=\"padding:0px 0px;\" data-id=\"2\" data-type=\"text\" data-vn=\"22\" data-color=\"#000000\" data-make-link=\"no\" data-link=\"\"><div class=\"basic-answer-content basic-text-vertical\"><label for=\"answer[2]\" class=\"basic-answer-label\"><input type=\"radio\" id=\"answer[2]\" name=\"answer[1]\" value=\"2\"><span class=\"basic-text\" style=\"color: #000000; font-size: 14px; font-weight: normal;\">Moyen - Je suis prudent, mais pas fondamentalement m\u00e9fiant<\/span><\/label><\/div><\/li><li class=\"basic-answer\" style=\"padding:0px 0px;\" data-id=\"3\" data-type=\"text\" data-vn=\"53\" data-color=\"#000000\" data-make-link=\"no\" data-link=\"\"><div class=\"basic-answer-content basic-text-vertical\"><label for=\"answer[3]\" class=\"basic-answer-label\"><input type=\"radio\" id=\"answer[3]\" name=\"answer[1]\" value=\"3\"><span class=\"basic-text\" style=\"color: #000000; font-size: 14px; font-weight: normal;\">Faible - Je v\u00e9rifie beaucoup de choses moi-m\u00eame<\/span><\/label><\/div><\/li><li class=\"basic-answer\" style=\"padding:0px 0px;\" data-id=\"4\" data-type=\"text\" data-vn=\"251\" data-color=\"#000000\" data-make-link=\"no\" data-link=\"\"><div class=\"basic-answer-content basic-text-vertical\"><label for=\"answer[4]\" class=\"basic-answer-label\"><input type=\"radio\" id=\"answer[4]\" name=\"answer[1]\" value=\"4\"><span class=\"basic-text\" style=\"color: #000000; font-size: 14px; font-weight: normal;\">Pratiquement inexistant - Je pense que beaucoup de choses sont dissimul\u00e9es ou mises en sc\u00e8ne<\/span><\/label><\/div><\/li><\/ul><\/div><div class=\"clearfix\"><\/div><\/div><div class=\"basic-vote\"><a href=\"#\" class=\"button basic-vote-button\" role=\"button\" style=\"background:#027bb8; border:0px; border-style: solid; border-color:#1636f0; border-radius:5px; padding:10px 10px; color:#ffffff; font-size:14px; font-weight:normal;\">Votez<\/a><\/div><input type=\"hidden\" name=\"trp-form-language\" value=\"fr\"\/><\/form><\/div><\/div><\/div><\/div>\n\t\t\t\t\t\t<\/div>\n<hr \/>\n<h3>Pourquoi le d\u00e9bat est malgr\u00e9 tout \u00e0 prendre au s\u00e9rieux<\/h3>\n<p>Le fait qu'une \u201eprise de contr\u00f4le\u201c soit improbable ne signifie pas que le d\u00e9bat n'est pas pertinent. Au contraire, il montre \u00e0 quel point les int\u00e9r\u00eats g\u00e9opolitiques se d\u00e9placent. L'Arctique prend de l'importance, les questions de mati\u00e8res premi\u00e8res deviennent plus politiques, les nouvelles routes maritimes modifient les calculs strat\u00e9giques. Et dans de telles phases, des situations de pression se cr\u00e9ent souvent - pas n\u00e9cessairement par des chars, mais par des investissements, des d\u00e9pendances, des r\u00e9cits et une symbolique politique.<\/p>\n<p>Le Groenland est un exemple particuli\u00e8rement sensible, car il est grand, riche en mati\u00e8res premi\u00e8res et pr\u00e9cieux d'un point de vue g\u00e9opolitique, mais poss\u00e8de en m\u00eame temps une petite population qui n'a d\u00e9velopp\u00e9 son autod\u00e9termination de mani\u00e8re significative qu'au cours des derni\u00e8res d\u00e9cennies. Manipuler un langage grossier dans ce contexte, c'est risquer des frictions qui pourraient \u00e0 long terme nuire \u00e0 la confiance.<\/p>\n<h3>JD Vance : l'Europe doit prendre les d\u00e9clarations de Trump au s\u00e9rieux<\/h3>\n<p>Le site <a href=\"https:\/\/www.markus-schall.de\/fr\/2026\/03\/qui-est-j-d-vance-un-portrait-de-ses-origines-sa-carriere-ses-contradictions-et-son-avenir\/\"><strong>Le vice-pr\u00e9sident am\u00e9ricain JD Vance<\/strong><\/a> a, selon un <a href=\"https:\/\/www.spiegel.de\/ausland\/groenland-europaeer-sollen-trumps-groenland-plaene-ernst-nehmen-a-a93c3ead-1674-4171-a008-6bc6eb889aa1\" target=\"_blank\" rel=\"noopener\"><strong>Article de SPIEGEL Online<\/strong><\/a> a appel\u00e9 les Etats europ\u00e9ens \u00e0 prendre au s\u00e9rieux les d\u00e9clarations r\u00e9p\u00e9t\u00e9es du pr\u00e9sident Donald Trump sur l'importance strat\u00e9gique du Groenland et \u00e0 ne plus les ignorer. Vance a soulign\u00e9 que l'Europe n'avait jusqu'\u00e0 pr\u00e9sent \u201epas fait assez\u201c pour renforcer la situation s\u00e9curitaire dans l'Arctique et a averti que les Etats-Unis pourraient \u00e9galement agir unilat\u00e9ralement si leurs int\u00e9r\u00eats n'y \u00e9taient pas suffisamment pris en compte.<\/p>\n<p>Parall\u00e8lement, les responsables politiques europ\u00e9ens et danois ont r\u00e9agi en critiquant et en r\u00e9affirmant la souverainet\u00e9 du Groenland et le droit \u00e0 l'autod\u00e9termination de la population de l'\u00eele. Plusieurs pays europ\u00e9ens ont soutenu publiquement le Danemark et le Groenland et ont clairement indiqu\u00e9 que les d\u00e9cisions concernant le Groenland ne pouvaient \u00eatre prises qu'en accord avec ses habitants et l'\u00c9tat danois.<\/p>\n<h3>Le Groenland entre politique symbolique et int\u00e9r\u00eats \u00e0 long terme<\/h3>\n<p>Si l'on r\u00e9sume tout, il reste un classement sobre : les d\u00e9clarations de Donald Trump ont rendu le Groenland visible, mais elles n'ont pas chang\u00e9 les bases. Le Groenland s'est d\u00e9velopp\u00e9 au fil de l'histoire, est devenu politiquement plus autonome et n'est pas \u201en\u00e9gociable\u201c sur le plan juridique. Une v\u00e9ritable reprise serait donc extr\u00eamement improbable dans la pratique.<\/p>\n<p>En m\u00eame temps, le Groenland est depuis longtemps plus qu'une \u00eele \u00e9loign\u00e9e au nord. C'est un symbole de la mani\u00e8re dont les espaces d'int\u00e9r\u00eats internationaux se d\u00e9placent - et de la rapidit\u00e9 avec laquelle les anciennes fa\u00e7ons de penser peuvent r\u00e9appara\u00eetre lorsque des avantages strat\u00e9giques sont en jeu. Pour comprendre s\u00e9rieusement le d\u00e9bat, il faut donc garder deux choses \u00e0 l'esprit en m\u00eame temps : les limites fixes du droit et les forces mouvantes de la g\u00e9opolitique.<\/p>\n<p>C'est peut-\u00eatre l\u00e0 la v\u00e9ritable le\u00e7on du d\u00e9bat actuel : Toutes les d\u00e9clarations provocantes ne d\u00e9crivent pas une possibilit\u00e9 r\u00e9elle. Mais elle suffit parfois \u00e0 mettre en lumi\u00e8re un sujet qui gagne de toute fa\u00e7on en importance.<\/p>\n<p>Si le Groenland est aujourd'hui au centre de l'attention, ce n'est pas tant \u00e0 cause de Trump que parce que le monde change - et l'Arctique avec lui.<\/p>\n<h3>Le droit international entre exigence, r\u00e9alit\u00e9 et usage linguistique<\/h3>\n<p>Dans la contribution <em><a href=\"https:\/\/www.markus-schall.de\/fr\/2026\/01\/lordre-mondial-fonde-sur-des-regles-et-le-droit-international-public-entre-exigence-de-realite-et-violation-du-droit\/\"><strong>\u201eOrdre mondial fond\u00e9 sur des r\u00e8gles et droit international\u201c<\/strong><\/a><\/em> je m'interroge de mani\u00e8re critique sur la mani\u00e8re dont des concepts tels que le droit international et l'ordre mondial fond\u00e9 sur des r\u00e8gles sont utilis\u00e9s dans le discours politique. Selon l'article, le terme \u201efond\u00e9 sur des r\u00e8gles\u201c est aujourd'hui utilis\u00e9 par r\u00e9flexe lorsque des conflits sont appr\u00e9hend\u00e9s ou \u00e9valu\u00e9s, mais souvent sans base juridique claire.<\/p>\n<p>Le droit international n'est pas un sceau moral, mais un cadre juridique compos\u00e9 de trait\u00e9s et de principes reconnus, que les \u00c9tats acceptent volontairement parce qu'il cr\u00e9e une stabilit\u00e9 \u00e0 long terme. En revanche, l\u201e\u201cordre mondial fond\u00e9 sur des r\u00e8gles\" reste souvent vague et extensible, ce qui lui permet de servir plut\u00f4t de narratif politique. C'est pr\u00e9cis\u00e9ment ce flou qui d\u00e9tourne l'attention de la substance juridique proprement dite et rend les d\u00e9bats impr\u00e9cis.<\/p>\n<hr \/>\n<h2>Sources int\u00e9ressantes et approfondies sur le Groenland<\/h2>\n<ul>\n<li><a href=\"https:\/\/www.diis.dk\/en\/research\/why-is-greenland-part-of-the-kingdom-of-denmark-a-short-history\" target=\"_blank\" rel=\"noopener\"><strong>DIIS - \u201ePourquoi le Greenland fait-il partie du royaume du Danemark ?\u201c<\/strong><\/a>Cette recherche du Danish Institute for International Studies explique en d\u00e9tail comment l'appartenance du Groenland au Danemark s'est d\u00e9velopp\u00e9e au fil de l'histoire - depuis l'\u00e9poque viking jusqu'aux droits modernes \u00e0 l'autonomie, en passant par l'union dano-norv\u00e9gienne. La pr\u00e9sentation associe les faits historiques aux bases juridiques et place les r\u00e9centes d\u00e9clarations de Trump dans un contexte \u00e0 long terme. La mani\u00e8re dont la source retrace pas \u00e0 pas le d\u00e9veloppement de l'autonomie et explique pourquoi le Groenland n'est aujourd'hui ni une situation coloniale ni un objet \u00e0 n\u00e9gocier est particuli\u00e8rement pr\u00e9cieuse.<\/li>\n<li><a href=\"https:\/\/apnews.com\/article\/greenland-history-vikings-denmark-trump-a75ef3f42eb55cf22d0122d55bfc6de3\" target=\"_blank\" rel=\"noopener\"><strong>AP News - \u201eL'histoire du Greenland : les Vikings, le Danemark, la Seconde Guerre mondiale\u201c<\/strong><\/a>Cette compilation offre un aper\u00e7u historique de la premi\u00e8re colonisation jusqu'\u00e0 la position autonome actuelle. Elle met en lumi\u00e8re la mani\u00e8re dont diff\u00e9rents groupes - des Inuits aux colons nordiques en passant par la pr\u00e9sence militaire am\u00e9ricaine pendant la Seconde Guerre mondiale - ont fa\u00e7onn\u00e9 le Groenland. La section consacr\u00e9e \u00e0 la tentative am\u00e9ricaine d'acheter le Groenland en 1946 et \u00e0 la mani\u00e8re dont le statut du Groenland a \u00e9volu\u00e9 depuis lors est particuli\u00e8rement importante. Cette source est un excellent compl\u00e9ment \u00e0 ton chapitre historique.<\/li>\n<li><a href=\"https:\/\/www.rte.ie\/brainstorm\/2026\/0107\/1504136-greenland-united-states-politics-history-donald-trump-denmark\" target=\"_blank\" rel=\"noopener\"><strong>RTE - \u201eUn bref historique de l'int\u00e9r\u00eat des \u00c9tats-Unis pour le Greenland\u201c<\/strong><\/a>Cet article de fond retrace la longue relation, parfois controvers\u00e9e, des Etats-Unis avec le Groenland, des premiers int\u00e9r\u00eats am\u00e9ricains \u00e0 la nouvelle initiative de Trump. Il explique notamment la pr\u00e9sence militaire, les consid\u00e9rations strat\u00e9giques et les revirements diplomatiques au fil du temps. La force de cette source r\u00e9side dans le lien qu'elle \u00e9tablit entre les moments historiques et les dynamiques politiques actuelles, ce qui en fait une r\u00e9f\u00e9rence particuli\u00e8rement utile pour ton article.<\/li>\n<li><a href=\"https:\/\/visitgreenland.com\/articles\/american-interest-in-greenland\" target=\"_blank\" rel=\"noopener\"><strong>VisitGreenland.com - \u201eL'int\u00e9r\u00eat am\u00e9ricain au Groenland\u201c<\/strong><\/a>Cette vue d'ensemble combine des donn\u00e9es historiques avec une chronologie des \u00e9v\u00e9nements importants qui r\u00e9v\u00e8le les aspects culturels et politiques. De l'immigration des Inuits aux d\u00e9clarations de Trump en d\u00e9cembre 2024 et \u00e0 la visite de Donald Trump Jr. en 2025, le r\u00f4le du Groenland sur la sc\u00e8ne internationale est pr\u00e9sent\u00e9 de mani\u00e8re pointue. La chronologie et la repr\u00e9sentation pr\u00e9cise des int\u00e9r\u00eats strat\u00e9giques rendent cette source particuli\u00e8rement pr\u00e9cieuse pour une mise en perspective et une chronologie.<\/li>\n<li><a href=\"https:\/\/de.wikipedia.org\/wiki\/Det_Gr\u00f8nlandske_Selskab\" target=\"_blank\" rel=\"noopener\"><strong>Wikipedia - \u201eDet Gr\u00f8nlandske Selskab\u201c (le Conseil national norv\u00e9gien)\u201c<\/strong><\/a>Ce documentaire sur la soci\u00e9t\u00e9 scientifique pour l'\u00e9tude du Groenland d\u00e9crit plus d'un si\u00e8cle de recherche et de d\u00e9bats sur le Groenland. Les informations sur les publications, les projets culturels et les \u00e9changes entre le Danemark et le Groenland sont particuli\u00e8rement instructives. M\u00eame s'il ne s'agit pas d'une source politique classique, elle fournit des aper\u00e7us culturels et socio-historiques profonds qui peuvent enrichir ton article.<\/li>\n<li><a href=\"https:\/\/de.wikipedia.org\/wiki\/Gr\u00f6nland-Vertrag\" target=\"_blank\" rel=\"noopener\"><strong>Wikipedia - \u201eTrait\u00e9 du Groenland\u201c (1984)<\/strong><\/a>Le trait\u00e9 du Groenland de 1984 est un \u00e9v\u00e9nement cl\u00e9 dans l'\u00e9volution politique : il a dissous l'appartenance du Groenland \u00e0 la Communaut\u00e9 \u00e9conomique europ\u00e9enne, apr\u00e8s qu'un r\u00e9f\u00e9rendum organis\u00e9 au Groenland en 1982 a d\u00e9cid\u00e9 de son retrait. Cette source explique le contexte, les cons\u00e9quences politiques qui en ont d\u00e9coul\u00e9 et le statut du Groenland en tant que territoire d'outre-mer associ\u00e9. Cette dimension juridique permet de comprendre que la position politique particuli\u00e8re du Groenland a \u00e9galement \u00e9t\u00e9 appr\u00e9ci\u00e9e au niveau europ\u00e9en.<\/li>\n<li><a href=\"https:\/\/apnews.com\/article\/greenland-us-trump-vance-coalition-government-7761811a2fc02d1ae86bb09e16b4bd46\" target=\"_blank\" rel=\"noopener\"><strong>AP News - \u201eLes l\u00e9gislateurs du Greenland forment un nouveau gouvernement<\/strong><\/a>\u201c : cette nouvelle r\u00e9cente d\u00e9crit comment les parlements groenlandais ont form\u00e9 un nouveau gouvernement en mars 2025, juste un jour avant la visite du vice-pr\u00e9sident am\u00e9ricain JD Vance. Cette source montre \u00e0 quel point la stabilit\u00e9 politique, la recherche d'un consensus en politique int\u00e9rieure et les rencontres internationales sont \u00e9troitement li\u00e9es. Elle est un bon exemple de la mani\u00e8re dont le Groenland prend activement des d\u00e9cisions politiques au lieu de se contenter de r\u00e9agir aux int\u00e9r\u00eats ext\u00e9rieurs.<\/li>\n<li><a href=\"https:\/\/www.reuters.com\/world\/europe\/trump-administration-mulls-payments-sway-greenlanders-join-us-2026-01-08\" target=\"_blank\" rel=\"noopener\"><strong>Reuters - \u201eL'administration Trump annule les paiements pour \u00e9viter que Greenlanders...<\/strong><\/a>\u201c : un rapport r\u00e9cent indiquant que le gouvernement am\u00e9ricain envisage d'offrir des incitations financi\u00e8res aux Groenlandais afin d'influencer leur position sur un \u00e9ventuel changement de statut. Cette source montre avec force \u00e0 quoi pourraient ressembler les strat\u00e9gies politiques modernes - controvers\u00e9es et contest\u00e9es - tout en donnant un aper\u00e7u des r\u00e9actions du Groenland et de l'Europe, qui rejettent fermement une telle id\u00e9e.<\/li>\n<li><a href=\"https:\/\/www.theguardian.com\/world\/2026\/jan\/04\/greenland-denmark-us-venezuela-nicolas-maduro-donald-trump\" target=\"_blank\" rel=\"noopener\"><strong>Guardian - \u201eLes Etats-Unis \u2018n'ont pas le droit\u2019 de prendre le contr\u00f4le du Greenland...<\/strong><\/a>\u201cUn rapport r\u00e9cent sur l'opposition claire de la politique danoise aux revendications am\u00e9ricaines sur le Groenland. La source ne documente pas seulement les d\u00e9clarations politiques, mais les classe \u00e9galement en termes de politique de s\u00e9curit\u00e9 - y compris le scepticisme vis-\u00e0-vis des actions am\u00e9ricaines dans le contexte international. De telles d\u00e9clarations sont importantes pour pr\u00e9senter et \u00e9tayer les r\u00e9actions d'acteurs souverains dans l'article.<\/li>\n<li><a href=\"https:\/\/www.theguardian.com\/world\/2025\/jan\/28\/85-of-greenlanders-do-not-want-to-join-us-says-new-poll\" target=\"_blank\" rel=\"noopener\"><strong>Guardian - \u201e85% de Greenlanders ne veulent pas rejoindre les \u00c9tats-Unis\u201c<\/strong><\/a>Cette \u00e9valuation du sondage montre \u00e0 quel point la population groenlandaise est clairement oppos\u00e9e \u00e0 l'adh\u00e9sion aux \u00c9tats-Unis, m\u00eame en cas d'int\u00e9r\u00eats ext\u00e9rieurs persistants. De telles donn\u00e9es empiriques sont particuli\u00e8rement pr\u00e9cieuses pour \u00e9tayer ton argumentation par une position r\u00e9elle de la population - donc pas seulement des d\u00e9clarations politiques, mais des images r\u00e9elles de l'opinion.<\/li>\n<li><a href=\"https:\/\/www.tagesspiegel.de\/internationales\/usa-stellen-anspruche-auf-arktisinsel-europaische-lander-sichern-gronland-unterstutzung-zu--deutschland-darunter-15107752.html\" target=\"_blank\" rel=\"noopener\"><strong>Reuters \/ Tagesspiegel - \u201eSoutien europ\u00e9en pour Greenland et le Danemark\u201c<\/strong><\/a>Ce rapport montre la solidarit\u00e9 europ\u00e9enne face aux revendications am\u00e9ricaines et souligne le point de vue selon lequel le Groenland et le Danemark d\u00e9cident eux-m\u00eames de leurs affaires. La mention de d\u00e9clarations communes de dirigeants europ\u00e9ens rend cette source id\u00e9ale pour la partie de ton article consacr\u00e9e aux r\u00e9actions globales et aux questions d'alliance.<\/li>\n<li><a href=\"https:\/\/www.thedial.world\/articles\/news\/issue-27\/trump-vance-greenland-photos\" target=\"_blank\" rel=\"noopener\"><strong>Apollo \/ The Dial - \u201eThe Pursuit of Greenland\u201c (essai photographique &amp; analyse)<\/strong><\/a><br \/>\nUn essai journalistique qui met en lumi\u00e8re des aspects \u00e0 la fois strat\u00e9giques et culturels : Les tentatives de Trump d'influencer l'opinion publique au Groenland, la dynamique entre les aspirations \u00e0 l'ind\u00e9pendance et les int\u00e9r\u00eats \u00e9trangers, ainsi que la pr\u00e9sence historique des \u00c9tats-Unis. Cette source est particuli\u00e8rement adapt\u00e9e si tu souhaites cr\u00e9er dans ton article une profondeur visuelle, narrative et contextuelle qui va au-del\u00e0 des simples faits.<\/li>\n<\/ul>\n<hr \/>\n\n\t\t\t<div class=\"display-post-types\">\n\n\t\t\t\t\t\t\t<style type=\"text\/css\">\n\t\t\t#dpt-wrapper-533 { --dpt-text-align: left;--dpt-image-crop: center;--dpt-border-radius: 5px;--dpt-h-gutter: 10px;--dpt-v-gutter: 9px; }\t\t\t<\/style>\n\t\t\t<style type=\"text\/css\">#dpt-wrapper-533 { --dpt-title-font-style:normal;--dpt-title-font-weight:600;--dpt-title-line-height:1.5;--dpt-title-text-decoration:none;--dpt-title-text-transform:none;--dpt-excerpt-font-style:normal;--dpt-excerpt-font-weight:400;--dpt-excerpt-line-height:1.5;--dpt-excerpt-text-decoration:none;--dpt-excerpt-text-transform:none;--dpt-meta1-font-style:normal;--dpt-meta1-font-weight:400;--dpt-meta1-line-height:1.9;--dpt-meta1-text-decoration:none;--dpt-meta1-text-transform:none;--dpt-meta2-font-style:normal;--dpt-meta2-font-weight:400;--dpt-meta2-line-height:1.9;--dpt-meta2-text-decoration:none;--dpt-meta2-text-transform:none; }<\/style><div class=\"dpt-main-header\">\n\t\t\t\t\t\t<div class=\"dpt-main-title\">\n\t\t\t\t\t\t\t<span class=\"dpt-main-title-text\">Derniers articles sur Art &amp; Culture<\/span>\n\t\t\t\t\t\t<\/div>\n\t\t\t\t\t\t\n\t\t\t\t\t\t\n\t\t\t\t\t\t\n\t\t\t\t\t\t<\/div>\t\t\t\n\t\t\t\t<div id=\"dpt-wrapper-533\" class=\"dpt-wrapper dpt-mag1 land1 dpt-cropped dpt-flex-wrap\" >\n\n\t\t\t\t\t\t\t\t\t\t\t<div class=\"dpt-entry has-thumbnail\" data-title=\"reichweite ist kein eigentum \u2013 warum sichtbarkeit heute nicht mehr ausreicht\" data-id=\"3994\"  data-category=\"allgemein featured filemaker &amp; erp gesellschaft kunst &amp; kultur\" data-post_tag=\"datenlogik datenschutz denkmodelle digitales eigentum erp-software\">\n\t\t\t\t\t\t\t<div class=\"dpt-entry-wrapper\"><div class=\"dpt-featured-content\"><div class=\"dpt-permalink\"><a href=\"https:\/\/www.markus-schall.de\/fr\/2025\/12\/la-portee-nest-pas-la-propriete-pourquoi-la-visibilite-ne-suffit-plus-aujourdhui\/\" class=\"dpt-permalink\"><span class=\"screen-reader-text\">La port\u00e9e n'est pas la propri\u00e9t\u00e9 - Pourquoi la visibilit\u00e9 ne suffit plus aujourd'hui<\/span><\/a><\/div><div class=\"dpt-thumbnail\"><div class=\"dpt-thumbnail-inner\"><img width=\"1024\" height=\"683\" class=\"attachment-full size-full\" alt=\"Port\u00e9e vs. propri\u00e9t\u00e9\" context=\"dpt\" data-dpt-src=\"https:\/\/www.markus-schall.de\/wp-content\/uploads\/reichweite-vs-eigentum.jpg\" data-dpt-sizes=\"(max-width: 1024px) 100vw, 1024px\" data-dpt-srcset=\"https:\/\/www.markus-schall.de\/wp-content\/uploads\/reichweite-vs-eigentum.jpg 1024w, https:\/\/www.markus-schall.de\/wp-content\/uploads\/reichweite-vs-eigentum-300x200.jpg 300w, https:\/\/www.markus-schall.de\/wp-content\/uploads\/reichweite-vs-eigentum-768x512.jpg 768w, https:\/\/www.markus-schall.de\/wp-content\/uploads\/reichweite-vs-eigentum-18x12.jpg 18w\" \/><\/div><span class=\"dpt-thumbnail-aspect-ratio\" style=\"padding-top: 75%\"><\/span><\/div><\/div><div class=\"sub-entry\"><h3 class=\"dpt-title\"><a class=\"dpt-title-link\" href=\"https:\/\/www.markus-schall.de\/fr\/2025\/12\/la-portee-nest-pas-la-propriete-pourquoi-la-visibilite-ne-suffit-plus-aujourdhui\/\" rel=\"bookmark\">La port\u00e9e n'est pas la propri\u00e9t\u00e9 - Pourquoi la visibilit\u00e9 ne suffit plus aujourd'hui<\/a><\/h3><\/div><\/div>\n\t\t\t\t\t\t<\/div><!-- .dpt-entry -->\n\t\t\t\t\t\t\t\t\t\t\t\t<div class=\"dpt-entry has-thumbnail\" data-title=\"dieter bohlen im klartext: warum deutschland an der eigenen b\u00fcrokratie scheitert\" data-id=\"3546\"  data-category=\"allgemein b\u00fccher gesellschaft kunst &amp; kultur\" data-post_tag=\"buch deutschland erfahrungen krisen meinungsfreiheit musik\">\n\t\t\t\t\t\t\t<div class=\"dpt-entry-wrapper\"><div class=\"dpt-featured-content\"><div class=\"dpt-permalink\"><a href=\"https:\/\/www.markus-schall.de\/fr\/2025\/11\/dieter-bohlen-explique-clairement-pourquoi-lallemagne-echoue-a-cause-de-sa-propre-bureaucratie\/\" class=\"dpt-permalink\"><span class=\"screen-reader-text\">Dieter Bohlen en clair : pourquoi l'Allemagne \u00e9choue \u00e0 cause de sa propre bureaucratie<\/span><\/a><\/div><div class=\"dpt-thumbnail\"><div class=\"dpt-thumbnail-inner\"><img width=\"1536\" height=\"1024\" class=\"attachment-full size-full\" alt=\"Dieter Bohlen s&#039;entretient avec Dominik Kettner\" context=\"dpt\" data-dpt-src=\"https:\/\/www.markus-schall.de\/wp-content\/uploads\/bohlen-kettner-germany.jpg\" data-dpt-sizes=\"(max-width: 1536px) 100vw, 1536px\" data-dpt-srcset=\"https:\/\/www.markus-schall.de\/wp-content\/uploads\/bohlen-kettner-germany.jpg 1536w, https:\/\/www.markus-schall.de\/wp-content\/uploads\/bohlen-kettner-germany-300x200.jpg 300w, https:\/\/www.markus-schall.de\/wp-content\/uploads\/bohlen-kettner-germany-1024x683.jpg 1024w, https:\/\/www.markus-schall.de\/wp-content\/uploads\/bohlen-kettner-germany-768x512.jpg 768w, https:\/\/www.markus-schall.de\/wp-content\/uploads\/bohlen-kettner-germany-18x12.jpg 18w\" \/><\/div><span class=\"dpt-thumbnail-aspect-ratio\" style=\"padding-top: 75%\"><\/span><\/div><\/div><div class=\"sub-entry\"><h3 class=\"dpt-title\"><a class=\"dpt-title-link\" href=\"https:\/\/www.markus-schall.de\/fr\/2025\/11\/dieter-bohlen-explique-clairement-pourquoi-lallemagne-echoue-a-cause-de-sa-propre-bureaucratie\/\" rel=\"bookmark\">Dieter Bohlen en clair : pourquoi l'Allemagne \u00e9choue \u00e0 cause de sa propre bureaucratie<\/a><\/h3><\/div><\/div>\n\t\t\t\t\t\t<\/div><!-- .dpt-entry -->\n\t\t\t\t\t\t\t\t\t\t\t\t<div class=\"dpt-entry has-thumbnail\" data-title=\"propaganda: geschichte, methoden, moderne formen und wie man sie erkennt\" data-id=\"4229\"  data-category=\"allgemein gesellschaft kunst &amp; kultur\" data-post_tag=\"denkmodelle energiepolitik europa geopolitik krisen meinungsfreiheit pers\u00f6nlichkeitsentwicklung sicherheitspolitik spieltheorie\">\n\t\t\t\t\t\t\t<div class=\"dpt-entry-wrapper\"><div class=\"dpt-featured-content\"><div class=\"dpt-permalink\"><a href=\"https:\/\/www.markus-schall.de\/fr\/2026\/01\/propagande-histoire-methodes-formes-modernes-et-comment-les-reconnaitre\/\" class=\"dpt-permalink\"><span class=\"screen-reader-text\">Propagande : histoire, m\u00e9thodes, formes modernes et comment les reconna\u00eetre<\/span><\/a><\/div><div class=\"dpt-thumbnail\"><div class=\"dpt-thumbnail-inner\"><img width=\"1024\" height=\"683\" class=\"attachment-full size-full\" alt=\"Qu&#039;est-ce que la propagande ?\" context=\"dpt\" data-dpt-src=\"https:\/\/www.markus-schall.de\/wp-content\/uploads\/Propaganda-titel.jpg\" data-dpt-sizes=\"(max-width: 1024px) 100vw, 1024px\" data-dpt-srcset=\"https:\/\/www.markus-schall.de\/wp-content\/uploads\/Propaganda-titel.jpg 1024w, https:\/\/www.markus-schall.de\/wp-content\/uploads\/Propaganda-titel-300x200.jpg 300w, https:\/\/www.markus-schall.de\/wp-content\/uploads\/Propaganda-titel-768x512.jpg 768w, https:\/\/www.markus-schall.de\/wp-content\/uploads\/Propaganda-titel-18x12.jpg 18w\" \/><\/div><span class=\"dpt-thumbnail-aspect-ratio\" style=\"padding-top: 75%\"><\/span><\/div><\/div><div class=\"sub-entry\"><h3 class=\"dpt-title\"><a class=\"dpt-title-link\" href=\"https:\/\/www.markus-schall.de\/fr\/2026\/01\/propagande-histoire-methodes-formes-modernes-et-comment-les-reconnaitre\/\" rel=\"bookmark\">Propagande : histoire, m\u00e9thodes, formes modernes et comment les reconna\u00eetre<\/a><\/h3><\/div><\/div>\n\t\t\t\t\t\t<\/div><!-- .dpt-entry -->\n\t\t\t\t\t\t\t\t\t\t\t\t<div class=\"dpt-entry has-thumbnail\" data-title=\"helge schneider: haltung, humor und die freiheit, sich nicht erkl\u00e4ren zu m\u00fcssen\" data-id=\"4756\"  data-category=\"allgemein gesellschaft kunst &amp; kultur\" data-post_tag=\"deutschland erfahrungen meinungsfreiheit musik portrait\">\n\t\t\t\t\t\t\t<div class=\"dpt-entry-wrapper\"><div class=\"dpt-featured-content\"><div class=\"dpt-permalink\"><a href=\"https:\/\/www.markus-schall.de\/fr\/2026\/02\/lattitude-de-helge-schneider-lhumour-et-la-liberte-de-ne-pas-avoir-a-sexpliquer\/\" class=\"dpt-permalink\"><span class=\"screen-reader-text\">Helge Schneider : l'attitude, l'humour et la libert\u00e9 de ne pas devoir s'expliquer<\/span><\/a><\/div><div class=\"dpt-thumbnail\"><div class=\"dpt-thumbnail-inner\"><img width=\"1024\" height=\"683\" class=\"attachment-full size-full\" alt=\"Portrait de Helge Schneider\" context=\"dpt\" data-dpt-src=\"https:\/\/www.markus-schall.de\/wp-content\/uploads\/Helge-Schneider.jpg\" data-dpt-sizes=\"(max-width: 1024px) 100vw, 1024px\" data-dpt-srcset=\"https:\/\/www.markus-schall.de\/wp-content\/uploads\/Helge-Schneider.jpg 1024w, https:\/\/www.markus-schall.de\/wp-content\/uploads\/Helge-Schneider-300x200.jpg 300w, https:\/\/www.markus-schall.de\/wp-content\/uploads\/Helge-Schneider-768x512.jpg 768w, https:\/\/www.markus-schall.de\/wp-content\/uploads\/Helge-Schneider-18x12.jpg 18w\" \/><\/div><span class=\"dpt-thumbnail-aspect-ratio\" style=\"padding-top: 75%\"><\/span><\/div><\/div><div class=\"sub-entry\"><h3 class=\"dpt-title\"><a class=\"dpt-title-link\" href=\"https:\/\/www.markus-schall.de\/fr\/2026\/02\/lattitude-de-helge-schneider-lhumour-et-la-liberte-de-ne-pas-avoir-a-sexpliquer\/\" rel=\"bookmark\">Helge Schneider : l'attitude, l'humour et la libert\u00e9 de ne pas devoir s'expliquer<\/a><\/h3><\/div><\/div>\n\t\t\t\t\t\t<\/div><!-- .dpt-entry -->\n\t\t\t\t\t\t\n\t\t\t\t<\/div>\n\t\t\t\t\t\t<\/div>\n\t\t\t\n<hr \/>\n<h2>Foire aux questions<\/h2>\n<ol>\n<li><strong>Pourquoi le Groenland est-il soudainement au centre de l'attention publique ?<\/strong><br \/>\nLe Groenland n'est pas devenu soudainement important, il est devenu visible. Les d\u00e9clarations r\u00e9p\u00e9t\u00e9es de Donald Trump ont fait remonter \u00e0 la surface un sujet qui est pertinent depuis longtemps sur le plan g\u00e9opolitique : l'importance strat\u00e9gique de l'Arctique. Les nouvelles routes maritimes, les mati\u00e8res premi\u00e8res et les syst\u00e8mes militaires d'alerte pr\u00e9coce placent in\u00e9vitablement le Groenland au centre des int\u00e9r\u00eats internationaux. Le choix des mots de Trump n'a fait qu'acc\u00e9l\u00e9rer cette \u00e9volution et l'accentuer sur le plan m\u00e9diatique.<\/li>\n<li><strong>Le Groenland fait-il partie du Danemark ou est-il un pays \u00e0 part enti\u00e8re ?<\/strong><br \/>\nLe Groenland fait formellement partie du royaume du Danemark, mais dispose d'une large autonomie administrative. Il dispose de son propre parlement et de son propre gouvernement. De nombreuses affaires int\u00e9rieures sont r\u00e9gl\u00e9es de mani\u00e8re totalement autonome. Parall\u00e8lement, le Groenland n'est pas un \u00c9tat souverain au sens du droit international, mais fait partie d'un ensemble d'\u00c9tats dont les comp\u00e9tences sont clairement d\u00e9finies.<\/li>\n<li><strong>Le Danemark peut-il vendre ou c\u00e9der le Groenland ?<\/strong><br \/>\nNon. M\u00eame si le Danemark le souhaitait sur le plan politique, une vente ne serait gu\u00e8re possible sur le plan juridique et pratique. La loi sur l'autogestion reconna\u00eet explicitement le droit \u00e0 l'autod\u00e9termination de la population groenlandaise. Un changement fondamental de statut ne peut se faire qu'avec l'accord des Groenlandais eux-m\u00eames. Les territoires avec leur propre population ne sont pas des biens commercialisables.<\/li>\n<li><strong>Qu'a dit exactement Donald Trump au sujet du Groenland ?<\/strong><br \/>\nTrump a parl\u00e9 \u00e0 plusieurs reprises de vouloir \u201eacheter\u201c le Groenland ou de le placer sous \u201econtr\u00f4le\u201c am\u00e9ricain. Ces d\u00e9clarations n'\u00e9taient g\u00e9n\u00e9ralement pas sp\u00e9cifiques et restaient sans \u00e9laboration politique concr\u00e8te. Elles refl\u00e8tent davantage le langage et le mode de pens\u00e9e personnels de Trump qu'un plan r\u00e9aliste de politique \u00e9trang\u00e8re.<\/li>\n<li><strong>De telles id\u00e9es d'achat existaient-elles d\u00e9j\u00e0 avant Trump ?<\/strong><br \/>\nOui. Les \u00c9tats-Unis se sont d\u00e9j\u00e0 int\u00e9ress\u00e9s au Groenland \u00e0 plusieurs reprises aux 19e et 20e si\u00e8cles. On conna\u00eet en particulier une offre formelle d'achat faite en 1946 sous la pr\u00e9sidence de Truman. A l'\u00e9poque \u00e9galement, le Danemark a refus\u00e9. Au lieu d'acqu\u00e9rir la propri\u00e9t\u00e9, les Etats-Unis ont mis\u00e9 \u00e0 long terme sur une pr\u00e9sence militaire et des accords.<\/li>\n<li><strong>Pourquoi le Groenland est-il si strat\u00e9giquement int\u00e9ressant pour les \u00c9tats-Unis ?<\/strong><br \/>\nLe Groenland est g\u00e9ographiquement situ\u00e9 entre l'Am\u00e9rique du Nord et l'Europe et fait partie des routes centrales de l'Arctique. Cette situation est particuli\u00e8rement pr\u00e9cieuse pour les syst\u00e8mes d'alerte pr\u00e9coce militaires, la surveillance par satellite et la politique de s\u00e9curit\u00e9. A cela s'ajoutent les mati\u00e8res premi\u00e8res potentielles et l'influence croissante de l'Arctique dans le cadre du changement climatique.<\/li>\n<li><strong>Quel est le r\u00f4le de la base militaire am\u00e9ricaine au Groenland ?<\/strong><br \/>\nLa base am\u00e9ricaine de Pituffik (anciennement Thul\u00e9) fait partie de l'architecture de s\u00e9curit\u00e9 am\u00e9ricaine depuis des d\u00e9cennies. Son existence montre que les Etats-Unis ont d\u00e9j\u00e0 une influence consid\u00e9rable - sans que le Groenland soit un territoire am\u00e9ricain. La pr\u00e9sence en mati\u00e8re de politique de s\u00e9curit\u00e9 ne remplace pas la possession, mais la rend \u00e9galement superflue.<\/li>\n<li><strong>Comment les habitants du Groenland ont-ils r\u00e9agi aux d\u00e9clarations de Trump ?<\/strong><br \/>\nLes r\u00e9actions ont \u00e9t\u00e9 majoritairement calmes, mais claires. Le Groenland est ouvert \u00e0 la coop\u00e9ration, aux investissements et aux partenariats, mais il n'est pas \u00e0 vendre. De nombreux politiciens groenlandais ont insist\u00e9 sur le fait que les d\u00e9cisions concernant l'avenir du pays devaient \u00eatre prises exclusivement par sa propre population.<\/li>\n<li><strong>Le Groenland est-il \u00e9conomiquement d\u00e9pendant du Danemark ?<\/strong><br \/>\nOui, en partie. Le Groenland re\u00e7oit une aide financi\u00e8re annuelle du Danemark. Parall\u00e8lement, il g\u00e8re lui-m\u00eame ses ressources naturelles et tente de devenir \u00e9conomiquement plus ind\u00e9pendant. Cette d\u00e9pendance est l'une des raisons pour lesquelles la question de l'ind\u00e9pendance est complexe et s'inscrit dans le long terme.<\/li>\n<li><strong>Le Groenland pourrait-il devenir ind\u00e9pendant ?<\/strong><br \/>\nEn principe, oui. La loi sur l'autonomie gouvernementale pr\u00e9voit express\u00e9ment que le Groenland peut se d\u00e9clarer ind\u00e9pendant si la population le d\u00e9cide dans le cadre d'un processus d\u00e9mocratique. Toutefois, la question de savoir si et quand cela est utile ou r\u00e9aliste d\u00e9pend de facteurs \u00e9conomiques, politiques et sociaux.<\/li>\n<li><strong>L'ind\u00e9pendance serait-elle synonyme d'adh\u00e9sion aux \u00c9tats-Unis ?<\/strong><br \/>\nNon. L'ind\u00e9pendance signifie d'abord un \u00c9tat propre, pas automatiquement un changement de camp. Le Groenland pourrait ensuite conclure ses propres alliances et partenariats. Un rattachement direct aux \u00c9tats-Unis serait politiquement, culturellement et socialement tr\u00e8s controvers\u00e9.<\/li>\n<li><strong>Quel est le r\u00f4le de l'Europe dans cette question ?<\/strong><br \/>\nL'Europe est indirectement tr\u00e8s concern\u00e9e parce que le Groenland fait partie d'un \u00c9tat europ\u00e9en et parce que la politique arctique touche de plus en plus aux int\u00e9r\u00eats \u00e9conomiques et de s\u00e9curit\u00e9 europ\u00e9ens. Les r\u00e9actions europ\u00e9ennes ont donc \u00e9t\u00e9 tr\u00e8s claires lorsque les d\u00e9clarations de Trump sont devenues plus virulentes.<\/li>\n<li><strong>Pourquoi le mot \u201eacheter\u201c suscite-t-il une telle r\u00e9sistance au niveau international ?<\/strong><br \/>\nParce qu'il sugg\u00e8re une pens\u00e9e qui est historiquement d\u00e9pass\u00e9e. L'ordre international moderne repose, du moins formellement, sur l'autod\u00e9termination, le droit international et les trait\u00e9s. Le terme \u201eacheter\u201c ignore la population, la d\u00e9mocratie et le cadre juridique - et semble donc provocateur et anachronique.<\/li>\n<li><strong>Les d\u00e9clarations de Trump ont-elles d\u00e9clench\u00e9 des processus politiques r\u00e9els ?<\/strong><br \/>\nDirectement, plut\u00f4t pas. Mais indirectement, il a attir\u00e9 l'attention. Le Groenland, le Danemark et l'Europe ont d\u00fb prendre position et l'importance g\u00e9opolitique de l'Arctique est devenue plus visible. En ce sens, le d\u00e9bat a agi comme un catalyseur plut\u00f4t que comme un d\u00e9clencheur.<\/li>\n<li><strong>Une escalade militaire est-elle r\u00e9aliste ?<\/strong><br \/>\nC'est tr\u00e8s peu probable. Le Groenland se trouve \u00e0 l'int\u00e9rieur d'un pays de l'OTAN, et les \u00c9tats-Unis font eux-m\u00eames partie de cette alliance. Toute escalade militaire entra\u00eenerait des bouleversements politiques et diplomatiques massifs et n'est pas r\u00e9aliste par rapport aux gains possibles.<\/li>\n<li><strong>Pourquoi l'Arctique dans son ensemble devient-il de plus en plus important ?<\/strong><br \/>\nLe changement climatique modifie les routes commerciales, rend les mati\u00e8res premi\u00e8res plus accessibles et d\u00e9place les int\u00e9r\u00eats strat\u00e9giques vers le nord. Des pays comme les \u00c9tats-Unis, la Russie et la Chine investissent de plus en plus dans l'infrastructure et la recherche arctiques. Le Groenland se trouve au c\u0153ur de ces tensions.<\/li>\n<li><strong>Qu'est-ce qui est plus r\u00e9aliste qu'une \u201eprise de contr\u00f4le\u201c du Groenland ?<\/strong><br \/>\nDes coop\u00e9rations plus \u00e9troites sont nettement plus r\u00e9alistes : sur le plan \u00e9conomique, de la politique de s\u00e9curit\u00e9 ou des infrastructures. Une extension progressive de l'autonomie groenlandaise est \u00e9galement plus probable que toute forme d'annexion ou de changement de propri\u00e9t\u00e9.<\/li>\n<li><strong>Que reste-t-il comme \u00e9valuation globale et sobre ?<\/strong><br \/>\nLe Groenland n'est pas un objet, mais un acteur politique avec sa propre histoire, sa population et sa voix. Les d\u00e9clarations de Trump ont attir\u00e9 l'attention, mais n'ont pas chang\u00e9 les r\u00e9alit\u00e9s fondamentales. L'avenir du Groenland ne se d\u00e9cide pas \u00e0 Washington ou \u00e0 Copenhague, mais au Groenland m\u00eame - lentement, politiquement et d\u00e9mocratiquement.<\/li>\n<\/ol>\n<hr \/>\n\n\t\t\t<div class=\"display-post-types\">\n\n\t\t\t\t\t\t\t<style type=\"text\/css\">\n\t\t\t#dpt-wrapper-534 { --dpt-text-align: left;--dpt-image-crop: center;--dpt-border-radius: 5px;--dpt-h-gutter: 10px;--dpt-v-gutter: 9px; }\t\t\t<\/style>\n\t\t\t<style type=\"text\/css\">#dpt-wrapper-534 { --dpt-title-font-style:normal;--dpt-title-font-weight:600;--dpt-title-line-height:1.5;--dpt-title-text-decoration:none;--dpt-title-text-transform:none;--dpt-excerpt-font-style:normal;--dpt-excerpt-font-weight:400;--dpt-excerpt-line-height:1.5;--dpt-excerpt-text-decoration:none;--dpt-excerpt-text-transform:none;--dpt-meta1-font-style:normal;--dpt-meta1-font-weight:400;--dpt-meta1-line-height:1.9;--dpt-meta1-text-decoration:none;--dpt-meta1-text-transform:none;--dpt-meta2-font-style:normal;--dpt-meta2-font-weight:400;--dpt-meta2-line-height:1.9;--dpt-meta2-text-decoration:none;--dpt-meta2-text-transform:none; }<\/style><div class=\"dpt-main-header\">\n\t\t\t\t\t\t<div class=\"dpt-main-title\">\n\t\t\t\t\t\t\t<span class=\"dpt-main-title-text\">Derniers articles sur l'intelligence artificielle<\/span>\n\t\t\t\t\t\t<\/div>\n\t\t\t\t\t\t\n\t\t\t\t\t\t\n\t\t\t\t\t\t\n\t\t\t\t\t\t<\/div>\t\t\t\n\t\t\t\t<div id=\"dpt-wrapper-534\" class=\"dpt-wrapper dpt-mag1 land1 dpt-cropped dpt-flex-wrap\" >\n\n\t\t\t\t\t\t\t\t\t\t\t<div class=\"dpt-entry has-thumbnail\" data-title=\"k\u00fcnstliche intelligenz und energie: was der ki-boom wirklich kostet\" data-id=\"4590\"  data-category=\"allgemein hardware ki-systeme\" data-post_tag=\"energiepolitik europa geopolitik krisen k\u00fcnstliche intelligenz prozesse\">\n\t\t\t\t\t\t\t<div class=\"dpt-entry-wrapper\"><div class=\"dpt-featured-content\"><div class=\"dpt-permalink\"><a href=\"https:\/\/www.markus-schall.de\/fr\/2026\/01\/intelligence-artificielle-et-energie-ce-que-coute-vraiment-le-ki-boom\/\" class=\"dpt-permalink\"><span class=\"screen-reader-text\">Intelligence artificielle et \u00e9nergie : ce que le boom de l'IA co\u00fbte vraiment<\/span><\/a><\/div><div class=\"dpt-thumbnail\"><div class=\"dpt-thumbnail-inner\"><img width=\"1024\" height=\"683\" class=\"attachment-full size-full\" alt=\"IA, \u00e9nergie et durabilit\u00e9\" context=\"dpt\" data-dpt-src=\"https:\/\/www.markus-schall.de\/wp-content\/uploads\/KI-Energie-Nachhaltigkeit.jpg\" data-dpt-sizes=\"(max-width: 1024px) 100vw, 1024px\" data-dpt-srcset=\"https:\/\/www.markus-schall.de\/wp-content\/uploads\/KI-Energie-Nachhaltigkeit.jpg 1024w, https:\/\/www.markus-schall.de\/wp-content\/uploads\/KI-Energie-Nachhaltigkeit-300x200.jpg 300w, https:\/\/www.markus-schall.de\/wp-content\/uploads\/KI-Energie-Nachhaltigkeit-768x512.jpg 768w, https:\/\/www.markus-schall.de\/wp-content\/uploads\/KI-Energie-Nachhaltigkeit-18x12.jpg 18w\" \/><\/div><span class=\"dpt-thumbnail-aspect-ratio\" style=\"padding-top: 75%\"><\/span><\/div><\/div><div class=\"sub-entry\"><h3 class=\"dpt-title\"><a class=\"dpt-title-link\" href=\"https:\/\/www.markus-schall.de\/fr\/2026\/01\/intelligence-artificielle-et-energie-ce-que-coute-vraiment-le-ki-boom\/\" rel=\"bookmark\">Intelligence artificielle et \u00e9nergie : ce que le boom de l'IA co\u00fbte vraiment<\/a><\/h3><\/div><\/div>\n\t\t\t\t\t\t<\/div><!-- .dpt-entry -->\n\t\t\t\t\t\t\t\t\t\t\t\t<div class=\"dpt-entry has-thumbnail\" data-title=\"digitales eigentum erkl\u00e4rt \u2013 so entstehen nachhaltige online-verm\u00f6genswerte\" data-id=\"4766\"  data-category=\"allgemein b\u00fccher gesellschaft ki-systeme\" data-post_tag=\"buch datenbanken denkmodelle digitales eigentum erp-software k\u00fcnstliche intelligenz prozesse publishing\">\n\t\t\t\t\t\t\t<div class=\"dpt-entry-wrapper\"><div class=\"dpt-featured-content\"><div class=\"dpt-permalink\"><a href=\"https:\/\/www.markus-schall.de\/fr\/2026\/02\/la-propriete-numerique-expliquee-comment-creer-des-actifs-durables-en-ligne\/\" class=\"dpt-permalink\"><span class=\"screen-reader-text\">La propri\u00e9t\u00e9 num\u00e9rique expliqu\u00e9e - Comment se cr\u00e9ent des actifs durables en ligne<\/span><\/a><\/div><div class=\"dpt-thumbnail\"><div class=\"dpt-thumbnail-inner\"><img width=\"1024\" height=\"683\" class=\"attachment-full size-full\" alt=\"Qu&#039;est-ce que la propri\u00e9t\u00e9 num\u00e9rique ?\" context=\"dpt\" data-dpt-src=\"https:\/\/www.markus-schall.de\/wp-content\/uploads\/Digitales-Eigentum.jpg\" data-dpt-sizes=\"(max-width: 1024px) 100vw, 1024px\" data-dpt-srcset=\"https:\/\/www.markus-schall.de\/wp-content\/uploads\/Digitales-Eigentum.jpg 1024w, https:\/\/www.markus-schall.de\/wp-content\/uploads\/Digitales-Eigentum-300x200.jpg 300w, https:\/\/www.markus-schall.de\/wp-content\/uploads\/Digitales-Eigentum-768x512.jpg 768w, https:\/\/www.markus-schall.de\/wp-content\/uploads\/Digitales-Eigentum-18x12.jpg 18w\" \/><\/div><span class=\"dpt-thumbnail-aspect-ratio\" style=\"padding-top: 75%\"><\/span><\/div><\/div><div class=\"sub-entry\"><h3 class=\"dpt-title\"><a class=\"dpt-title-link\" href=\"https:\/\/www.markus-schall.de\/fr\/2026\/02\/la-propriete-numerique-expliquee-comment-creer-des-actifs-durables-en-ligne\/\" rel=\"bookmark\">La propri\u00e9t\u00e9 num\u00e9rique expliqu\u00e9e - Comment se cr\u00e9ent des actifs durables en ligne<\/a><\/h3><\/div><\/div>\n\t\t\t\t\t\t<\/div><!-- .dpt-entry -->\n\t\t\t\t\t\t\t\t\t\t\t\t<div class=\"dpt-entry has-thumbnail\" data-title=\"rag mit ollama und qdrant als universelle suchmaschine f\u00fcr eigene daten\" data-id=\"2764\"  data-category=\"filemaker &amp; erp ki-systeme\" data-post_tag=\"datenbanken docker k\u00fcnstliche intelligenz llama llm mistral ollama qdrant vektordatenbank\">\n\t\t\t\t\t\t\t<div class=\"dpt-entry-wrapper\"><div class=\"dpt-featured-content\"><div class=\"dpt-permalink\"><a href=\"https:\/\/www.markus-schall.de\/fr\/2025\/08\/rag-avec-ollama-et-qdrant-comme-moteur-de-recherche-universel-pour-ses-propres-donnees\/\" class=\"dpt-permalink\"><span class=\"screen-reader-text\">RAG avec Ollama et Qdrant comme moteur de recherche universel pour ses propres donn\u00e9es<\/span><\/a><\/div><div class=\"dpt-thumbnail\"><div class=\"dpt-thumbnail-inner\"><img width=\"1920\" height=\"640\" class=\"attachment-full size-full\" alt=\"\u00c9tendre l&#039;IA locale aux bases de donn\u00e9es avec RAG, Ollama et Qdrant\" context=\"dpt\" data-dpt-src=\"https:\/\/www.markus-schall.de\/wp-content\/uploads\/lokale-ki-rag-ollama-qdrant.jpg\" data-dpt-sizes=\"(max-width: 1920px) 100vw, 1920px\" data-dpt-srcset=\"https:\/\/www.markus-schall.de\/wp-content\/uploads\/lokale-ki-rag-ollama-qdrant.jpg 1920w, https:\/\/www.markus-schall.de\/wp-content\/uploads\/lokale-ki-rag-ollama-qdrant-300x100.jpg 300w, https:\/\/www.markus-schall.de\/wp-content\/uploads\/lokale-ki-rag-ollama-qdrant-1024x341.jpg 1024w, https:\/\/www.markus-schall.de\/wp-content\/uploads\/lokale-ki-rag-ollama-qdrant-768x256.jpg 768w, https:\/\/www.markus-schall.de\/wp-content\/uploads\/lokale-ki-rag-ollama-qdrant-1536x512.jpg 1536w, https:\/\/www.markus-schall.de\/wp-content\/uploads\/lokale-ki-rag-ollama-qdrant-18x6.jpg 18w\" \/><\/div><span class=\"dpt-thumbnail-aspect-ratio\" style=\"padding-top: 75%\"><\/span><\/div><\/div><div class=\"sub-entry\"><h3 class=\"dpt-title\"><a class=\"dpt-title-link\" href=\"https:\/\/www.markus-schall.de\/fr\/2025\/08\/rag-avec-ollama-et-qdrant-comme-moteur-de-recherche-universel-pour-ses-propres-donnees\/\" rel=\"bookmark\">RAG avec Ollama et Qdrant comme moteur de recherche universel pour ses propres donn\u00e9es<\/a><\/h3><\/div><\/div>\n\t\t\t\t\t\t<\/div><!-- .dpt-entry -->\n\t\t\t\t\t\t\t\t\t\t\t\t<div class=\"dpt-entry has-thumbnail\" data-title=\"vom content zur substanz: wie digitale systeme entstehen, die nicht kopierbar sind\" data-id=\"5899\"  data-category=\"allgemein b\u00fccher gesellschaft tipps &amp; anleitungen\" data-post_tag=\"buch datenlogik denkmodelle digitales eigentum erfahrungen k\u00fcnstliche intelligenz prozesse publishing ratgeber\">\n\t\t\t\t\t\t\t<div class=\"dpt-entry-wrapper\"><div class=\"dpt-featured-content\"><div class=\"dpt-permalink\"><a href=\"https:\/\/www.markus-schall.de\/fr\/2026\/04\/du-contenu-a-la-substance-comment-des-systemes-numeriques-qui-ne-peuvent-pas-etre-copies-sont-crees\/\" class=\"dpt-permalink\"><span class=\"screen-reader-text\">Du contenu \u00e0 la substance : comment des syst\u00e8mes num\u00e9riques qui ne peuvent pas \u00eatre copi\u00e9s voient le jour<\/span><\/a><\/div><div class=\"dpt-thumbnail\"><div class=\"dpt-thumbnail-inner\"><img width=\"1024\" height=\"682\" class=\"attachment-full size-full\" alt=\"Un syst\u00e8me plut\u00f4t qu&#039;un contenu unique\" context=\"dpt\" data-dpt-src=\"https:\/\/www.markus-schall.de\/wp-content\/uploads\/Organische-Reichweite.jpg\" data-dpt-sizes=\"(max-width: 1024px) 100vw, 1024px\" data-dpt-srcset=\"https:\/\/www.markus-schall.de\/wp-content\/uploads\/Organische-Reichweite.jpg 1024w, https:\/\/www.markus-schall.de\/wp-content\/uploads\/Organische-Reichweite-300x200.jpg 300w, https:\/\/www.markus-schall.de\/wp-content\/uploads\/Organische-Reichweite-768x512.jpg 768w, https:\/\/www.markus-schall.de\/wp-content\/uploads\/Organische-Reichweite-18x12.jpg 18w\" \/><\/div><span class=\"dpt-thumbnail-aspect-ratio\" style=\"padding-top: 75%\"><\/span><\/div><\/div><div class=\"sub-entry\"><h3 class=\"dpt-title\"><a class=\"dpt-title-link\" href=\"https:\/\/www.markus-schall.de\/fr\/2026\/04\/du-contenu-a-la-substance-comment-des-systemes-numeriques-qui-ne-peuvent-pas-etre-copies-sont-crees\/\" rel=\"bookmark\">Du contenu \u00e0 la substance : comment des syst\u00e8mes num\u00e9riques qui ne peuvent pas \u00eatre copi\u00e9s voient le jour<\/a><\/h3><\/div><\/div>\n\t\t\t\t\t\t<\/div><!-- .dpt-entry -->\n\t\t\t\t\t\t\n\t\t\t\t<\/div>\n\t\t\t\t\t\t<\/div>\n\t\t\t\n<hr \/>","protected":false},"excerpt":{"rendered":"<p>Il y a des sujets dont on ne s'occupe pas activement, mais qui s'imposent tout simplement \u00e0 un moment donn\u00e9. Pour beaucoup, dont moi, le Groenland a longtemps fait partie de cette cat\u00e9gorie. Une grande \u00eele isol\u00e9e dans le Grand Nord, peu de population, beaucoup de glace, beaucoup de nature. Pas un sujet classique de la vie quotidienne, pas un sujet politique permanent. Cela a chang\u00e9 dans les ... <a title=\"Du contenu \u00e0 la substance : comment des syst\u00e8mes num\u00e9riques qui ne peuvent pas \u00eatre copi\u00e9s voient le jour\" class=\"read-more\" href=\"https:\/\/www.markus-schall.de\/fr\/2026\/04\/du-contenu-a-la-substance-comment-des-systemes-numeriques-qui-ne-peuvent-pas-etre-copies-sont-crees\/\" aria-label=\"En savoir plus sur Du contenu \u00e0 la substance : comment naissent les syst\u00e8mes num\u00e9riques qui ne peuvent pas \u00eatre copi\u00e9s\">Lire la suite<\/a><\/p>","protected":false},"author":1,"featured_media":4337,"comment_status":"open","ping_status":"open","sticky":false,"template":"","format":"standard","meta":{"iawp_total_views":429,"footnotes":""},"categories":[1,466,472],"tags":[475,482,426,476,484,478],"class_list":["post-4325","post","type-post","status-publish","format-standard","has-post-thumbnail","hentry","category-allgemein","category-gesellschaft","category-kunst-kultur","tag-europa","tag-geopolitik","tag-krisen","tag-meinungsfreiheit","tag-sicherheitspolitik","tag-spieltheorie"],"_links":{"self":[{"href":"https:\/\/www.markus-schall.de\/fr\/wp-json\/wp\/v2\/posts\/4325","targetHints":{"allow":["GET"]}}],"collection":[{"href":"https:\/\/www.markus-schall.de\/fr\/wp-json\/wp\/v2\/posts"}],"about":[{"href":"https:\/\/www.markus-schall.de\/fr\/wp-json\/wp\/v2\/types\/post"}],"author":[{"embeddable":true,"href":"https:\/\/www.markus-schall.de\/fr\/wp-json\/wp\/v2\/users\/1"}],"replies":[{"embeddable":true,"href":"https:\/\/www.markus-schall.de\/fr\/wp-json\/wp\/v2\/comments?post=4325"}],"version-history":[{"count":27,"href":"https:\/\/www.markus-schall.de\/fr\/wp-json\/wp\/v2\/posts\/4325\/revisions"}],"predecessor-version":[{"id":5853,"href":"https:\/\/www.markus-schall.de\/fr\/wp-json\/wp\/v2\/posts\/4325\/revisions\/5853"}],"wp:featuredmedia":[{"embeddable":true,"href":"https:\/\/www.markus-schall.de\/fr\/wp-json\/wp\/v2\/media\/4337"}],"wp:attachment":[{"href":"https:\/\/www.markus-schall.de\/fr\/wp-json\/wp\/v2\/media?parent=4325"}],"wp:term":[{"taxonomy":"category","embeddable":true,"href":"https:\/\/www.markus-schall.de\/fr\/wp-json\/wp\/v2\/categories?post=4325"},{"taxonomy":"post_tag","embeddable":true,"href":"https:\/\/www.markus-schall.de\/fr\/wp-json\/wp\/v2\/tags?post=4325"}],"curies":[{"name":"wp","href":"https:\/\/api.w.org\/{rel}","templated":true}]}}