{"id":4435,"date":"2026-01-22T06:12:42","date_gmt":"2026-01-22T06:12:42","guid":{"rendered":"https:\/\/www.markus-schall.de\/?p=4435"},"modified":"2026-04-22T15:42:32","modified_gmt":"2026-04-22T15:42:32","slug":"pourquoi-la-distance-nest-pas-une-retraite-et-comment-un-freeze-out-cree-une-orientation","status":"publish","type":"post","link":"https:\/\/www.markus-schall.de\/fr\/2026\/01\/pourquoi-la-distance-nest-pas-une-retraite-et-comment-un-freeze-out-cree-une-orientation\/","title":{"rendered":"Pourquoi la distance n'est pas une retraite - et comment un freeze-out cr\u00e9e une orientation"},"content":{"rendered":"<p>Lorsque tu es en pleine crise, tout semble urgent. Tu as le sentiment de devoir agir imm\u00e9diatement, de devoir parler imm\u00e9diatement, de devoir prendre une d\u00e9cision imm\u00e9diatement. Et souvent, un deuxi\u00e8me sentiment s'y ajoute : Si tu ne pers\u00e9v\u00e8res pas maintenant, tout te glisse entre les doigts. C'est compr\u00e9hensible. C'est aussi humain. Seulement, c'est souvent l\u00e0 que l'erreur commence.<\/p>\n<p>Car la proximit\u00e9 n'est pas automatiquement synonyme de clart\u00e9. La proximit\u00e9 peut aussi signifier que tu es trop pr\u00e8s pour voir ce qui se passe vraiment. De la m\u00eame mani\u00e8re que l'on ne reconna\u00eet pas un tableau si l'on a le nez coll\u00e9 \u00e0 la toile. Tu ne vois alors que quelques coups de pinceau - et tu penses qu'il s'agit de l'ensemble du tableau.<\/p>\n<p>Un freeze-out, si on le comprend bien, n'est rien d'autre qu'un pas en arri\u00e8re. Non pas pour s'enfuir, mais pour pouvoir voir \u00e0 nouveau.<!--more--><\/p>\n<hr \/>\n\n\t\t\t<div class=\"display-post-types\">\n\n\t\t\t\t\t\t\t<style type=\"text\/css\">\n\t\t\t#dpt-wrapper-104 { --dpt-text-align: left;--dpt-image-crop: center;--dpt-border-radius: 5px;--dpt-h-gutter: 10px;--dpt-v-gutter: 10px; }\t\t\t<\/style>\n\t\t\t<style type=\"text\/css\">#dpt-wrapper-104 { --dpt-title-font-style:normal;--dpt-title-font-weight:600;--dpt-title-line-height:1.5;--dpt-title-text-decoration:none;--dpt-title-text-transform:none;--dpt-excerpt-font-style:normal;--dpt-excerpt-font-weight:400;--dpt-excerpt-line-height:1.5;--dpt-excerpt-text-decoration:none;--dpt-excerpt-text-transform:none;--dpt-meta1-font-style:normal;--dpt-meta1-font-weight:400;--dpt-meta1-line-height:1.9;--dpt-meta1-text-decoration:none;--dpt-meta1-text-transform:none;--dpt-meta2-font-style:normal;--dpt-meta2-font-weight:400;--dpt-meta2-line-height:1.9;--dpt-meta2-text-decoration:none;--dpt-meta2-text-transform:none; }<\/style><div class=\"dpt-main-header\">\n\t\t\t\t\t\t<div class=\"dpt-main-title\">\n\t\t\t\t\t\t\t<span class=\"dpt-main-title-text\">Derniers articles sur l'intelligence artificielle<\/span>\n\t\t\t\t\t\t<\/div>\n\t\t\t\t\t\t\n\t\t\t\t\t\t\n\t\t\t\t\t\t\n\t\t\t\t\t\t<\/div>\t\t\t\n\t\t\t\t<div id=\"dpt-wrapper-104\" class=\"dpt-wrapper dpt-mag1 land1 dpt-cropped dpt-flex-wrap\" >\n\n\t\t\t\t\t\t\t\t\t\t\t<div class=\"dpt-entry has-thumbnail\" data-title=\"vom content zur substanz: wie digitale systeme entstehen, die nicht kopierbar sind\" data-id=\"5899\"  data-category=\"allgemein b\u00fccher gesellschaft tipps &amp; anleitungen\" data-post_tag=\"buch datenlogik denkmodelle digitales eigentum erfahrungen k\u00fcnstliche intelligenz prozesse publishing ratgeber\">\n\t\t\t\t\t\t\t<div class=\"dpt-entry-wrapper\"><div class=\"dpt-featured-content\"><div class=\"dpt-permalink\"><a href=\"https:\/\/www.markus-schall.de\/fr\/2026\/04\/du-contenu-a-la-substance-comment-des-systemes-numeriques-qui-ne-peuvent-pas-etre-copies-sont-crees\/\" class=\"dpt-permalink\"><span class=\"screen-reader-text\">Du contenu \u00e0 la substance : comment des syst\u00e8mes num\u00e9riques qui ne peuvent pas \u00eatre copi\u00e9s voient le jour<\/span><\/a><\/div><div class=\"dpt-thumbnail\"><div class=\"dpt-thumbnail-inner\"><img width=\"1024\" height=\"682\" class=\"attachment-full size-full\" alt=\"Un syst\u00e8me plut\u00f4t qu&#039;un contenu unique\" context=\"dpt\" data-dpt-src=\"https:\/\/www.markus-schall.de\/wp-content\/uploads\/Organische-Reichweite.jpg\" data-dpt-sizes=\"(max-width: 1024px) 100vw, 1024px\" data-dpt-srcset=\"https:\/\/www.markus-schall.de\/wp-content\/uploads\/Organische-Reichweite.jpg 1024w, https:\/\/www.markus-schall.de\/wp-content\/uploads\/Organische-Reichweite-300x200.jpg 300w, https:\/\/www.markus-schall.de\/wp-content\/uploads\/Organische-Reichweite-768x512.jpg 768w, https:\/\/www.markus-schall.de\/wp-content\/uploads\/Organische-Reichweite-18x12.jpg 18w\" \/><\/div><span class=\"dpt-thumbnail-aspect-ratio\" style=\"padding-top: 75%\"><\/span><\/div><\/div><div class=\"sub-entry\"><h3 class=\"dpt-title\"><a class=\"dpt-title-link\" href=\"https:\/\/www.markus-schall.de\/fr\/2026\/04\/du-contenu-a-la-substance-comment-des-systemes-numeriques-qui-ne-peuvent-pas-etre-copies-sont-crees\/\" rel=\"bookmark\">Du contenu \u00e0 la substance : comment des syst\u00e8mes num\u00e9riques qui ne peuvent pas \u00eatre copi\u00e9s voient le jour<\/a><\/h3><\/div><\/div>\n\t\t\t\t\t\t<\/div><!-- .dpt-entry -->\n\t\t\t\t\t\t\t\t\t\t\t\t<div class=\"dpt-entry has-thumbnail\" data-title=\"vom chatgpt-datenexport zur eigenen wissens-ki: schritt-f\u00fcr-schritt mit ollama und qdrant\" data-id=\"5306\"  data-category=\"apple macos ki-systeme tipps &amp; anleitungen\" data-post_tag=\"datenbanken denkmodelle digitales eigentum docker k\u00fcnstliche intelligenz llama llm mlx ollama prozesse sprachmodell\">\n\t\t\t\t\t\t\t<div class=\"dpt-entry-wrapper\"><div class=\"dpt-featured-content\"><div class=\"dpt-permalink\"><a href=\"https:\/\/www.markus-schall.de\/fr\/2026\/03\/de-lexportation-des-donnees-de-chatgpt-a-votre-propre-ki-de-connaissances-pas-a-pas-avec-ollama-et-qdrant\/\" class=\"dpt-permalink\"><span class=\"screen-reader-text\">De l'exportation de donn\u00e9es ChatGPT \u00e0 votre propre IA de connaissances : \u00e9tape par \u00e9tape avec Ollama et Qdrant<\/span><\/a><\/div><div class=\"dpt-thumbnail\"><div class=\"dpt-thumbnail-inner\"><img width=\"1024\" height=\"683\" class=\"attachment-full size-full\" alt=\"Le chemin vers la propre m\u00e9moire de l&#039;IA\" context=\"dpt\" data-dpt-src=\"https:\/\/www.markus-schall.de\/wp-content\/uploads\/ChatGPT-Datenexport-Computerhirn.jpg\" data-dpt-sizes=\"(max-width: 1024px) 100vw, 1024px\" data-dpt-srcset=\"https:\/\/www.markus-schall.de\/wp-content\/uploads\/ChatGPT-Datenexport-Computerhirn.jpg 1024w, https:\/\/www.markus-schall.de\/wp-content\/uploads\/ChatGPT-Datenexport-Computerhirn-300x200.jpg 300w, https:\/\/www.markus-schall.de\/wp-content\/uploads\/ChatGPT-Datenexport-Computerhirn-768x512.jpg 768w, https:\/\/www.markus-schall.de\/wp-content\/uploads\/ChatGPT-Datenexport-Computerhirn-18x12.jpg 18w\" \/><\/div><span class=\"dpt-thumbnail-aspect-ratio\" style=\"padding-top: 75%\"><\/span><\/div><\/div><div class=\"sub-entry\"><h3 class=\"dpt-title\"><a class=\"dpt-title-link\" href=\"https:\/\/www.markus-schall.de\/fr\/2026\/03\/de-lexportation-des-donnees-de-chatgpt-a-votre-propre-ki-de-connaissances-pas-a-pas-avec-ollama-et-qdrant\/\" rel=\"bookmark\">De l'exportation de donn\u00e9es ChatGPT \u00e0 votre propre IA de connaissances : \u00e9tape par \u00e9tape avec Ollama et Qdrant<\/a><\/h3><\/div><\/div>\n\t\t\t\t\t\t<\/div><!-- .dpt-entry -->\n\t\t\t\t\t\t\t\t\t\t\t\t<div class=\"dpt-entry has-thumbnail\" data-title=\"chatgpt-datenexport erkl\u00e4rt: wie deine ki-chats zu einem pers\u00f6nlichen wissenssystem werden\" data-id=\"5259\"  data-category=\"featured ki-systeme tipps &amp; anleitungen\" data-post_tag=\"apple datenbanken datenschutz digitales eigentum k\u00fcnstliche intelligenz llama llm mac mlx ollama sprachmodell\">\n\t\t\t\t\t\t\t<div class=\"dpt-entry-wrapper\"><div class=\"dpt-featured-content\"><div class=\"dpt-permalink\"><a href=\"https:\/\/www.markus-schall.de\/fr\/2026\/03\/chatgpt-datenexport-explique-comment-tes-chats-ki-deviennent-un-systeme-de-connaissance-personnel\/\" class=\"dpt-permalink\"><span class=\"screen-reader-text\">L'exportation de donn\u00e9es ChatGPT expliqu\u00e9e : comment tes chats IA deviennent un syst\u00e8me de connaissances personnel<\/span><\/a><\/div><div class=\"dpt-thumbnail\"><div class=\"dpt-thumbnail-inner\"><img width=\"1024\" height=\"683\" class=\"attachment-full size-full\" alt=\"ChatGPT Exportation de donn\u00e9es\" context=\"dpt\" data-dpt-src=\"https:\/\/www.markus-schall.de\/wp-content\/uploads\/ChatGPT-Datenexport.jpg\" data-dpt-sizes=\"(max-width: 1024px) 100vw, 1024px\" data-dpt-srcset=\"https:\/\/www.markus-schall.de\/wp-content\/uploads\/ChatGPT-Datenexport.jpg 1024w, https:\/\/www.markus-schall.de\/wp-content\/uploads\/ChatGPT-Datenexport-300x200.jpg 300w, https:\/\/www.markus-schall.de\/wp-content\/uploads\/ChatGPT-Datenexport-768x512.jpg 768w, https:\/\/www.markus-schall.de\/wp-content\/uploads\/ChatGPT-Datenexport-18x12.jpg 18w\" \/><\/div><span class=\"dpt-thumbnail-aspect-ratio\" style=\"padding-top: 75%\"><\/span><\/div><\/div><div class=\"sub-entry\"><h3 class=\"dpt-title\"><a class=\"dpt-title-link\" href=\"https:\/\/www.markus-schall.de\/fr\/2026\/03\/chatgpt-datenexport-explique-comment-tes-chats-ki-deviennent-un-systeme-de-connaissance-personnel\/\" rel=\"bookmark\">L'exportation de donn\u00e9es ChatGPT expliqu\u00e9e : comment tes chats IA deviennent un syst\u00e8me de connaissances personnel<\/a><\/h3><\/div><\/div>\n\t\t\t\t\t\t<\/div><!-- .dpt-entry -->\n\t\t\t\t\t\t\t\t\t\t\t\t<div class=\"dpt-entry has-thumbnail\" data-title=\"der iran\u2013israel-konflikt: warum diese eskalation der strategische albtraum des westens ist\" data-id=\"5212\"  data-category=\"allgemein gesellschaft\" data-post_tag=\"denkmodelle energiepolitik europa geopolitik krisen k\u00fcnstliche intelligenz meinungsfreiheit sicherheitspolitik spieltheorie\">\n\t\t\t\t\t\t\t<div class=\"dpt-entry-wrapper\"><div class=\"dpt-featured-content\"><div class=\"dpt-permalink\"><a href=\"https:\/\/www.markus-schall.de\/fr\/2026\/03\/le-conflit-iran-israel-pourquoi-cette-escalade-est-le-cauchemar-strategique-de-loccident\/\" class=\"dpt-permalink\"><span class=\"screen-reader-text\">Le conflit Iran-Isra\u00ebl : pourquoi cette escalade est le cauchemar strat\u00e9gique de l'Occident<\/span><\/a><\/div><div class=\"dpt-thumbnail\"><div class=\"dpt-thumbnail-inner\"><img width=\"1024\" height=\"683\" class=\"attachment-full size-full\" alt=\"Isra\u00ebl-Iran - Un cauchemar strat\u00e9gique\" context=\"dpt\" data-dpt-src=\"https:\/\/www.markus-schall.de\/wp-content\/uploads\/Israel-Iran-Strategischer-Albtraum.jpg\" data-dpt-sizes=\"(max-width: 1024px) 100vw, 1024px\" data-dpt-srcset=\"https:\/\/www.markus-schall.de\/wp-content\/uploads\/Israel-Iran-Strategischer-Albtraum.jpg 1024w, https:\/\/www.markus-schall.de\/wp-content\/uploads\/Israel-Iran-Strategischer-Albtraum-300x200.jpg 300w, https:\/\/www.markus-schall.de\/wp-content\/uploads\/Israel-Iran-Strategischer-Albtraum-768x512.jpg 768w, https:\/\/www.markus-schall.de\/wp-content\/uploads\/Israel-Iran-Strategischer-Albtraum-18x12.jpg 18w\" \/><\/div><span class=\"dpt-thumbnail-aspect-ratio\" style=\"padding-top: 75%\"><\/span><\/div><\/div><div class=\"sub-entry\"><h3 class=\"dpt-title\"><a class=\"dpt-title-link\" href=\"https:\/\/www.markus-schall.de\/fr\/2026\/03\/le-conflit-iran-israel-pourquoi-cette-escalade-est-le-cauchemar-strategique-de-loccident\/\" rel=\"bookmark\">Le conflit Iran-Isra\u00ebl : pourquoi cette escalade est le cauchemar strat\u00e9gique de l'Occident<\/a><\/h3><\/div><\/div>\n\t\t\t\t\t\t<\/div><!-- .dpt-entry -->\n\t\t\t\t\t\t\n\t\t\t\t<\/div>\n\t\t\t\t\t\t<\/div>\n\t\t\t\n<hr \/>\n<h2>\u201eFreeze-out\u201c - le terme emprunt\u00e9<\/h2>\n<p>Le terme <em>\u201eFreeze-out\u201c<\/em> sonne dur. Il \u00e9voque la froideur, le contr\u00f4le, une technique utilis\u00e9e pour punir ou manipuler quelqu'un. Et oui, cela existe. Les gens peuvent rompre le contact pour faire pression, pour d\u00e9montrer leur pouvoir ou pour d\u00e9stabiliser l'autre. C'est un autre sujet, et ce n'est pas non plus ce dont il s'agit ici.<\/p>\n<p>Quand nous parlons de freeze-out, nous ne parlons pas de <em>\u201eJe te prive de proximit\u00e9 pour que tu puisses fonctionner\u201c.\u201c<\/em>. Nous le pensons : <em>\u201eJe me prive de la stimulation permanente pour pouvoir \u00e0 nouveau penser\u201c.\u201c<\/em> C'est une diff\u00e9rence cruciale.<\/p>\n<p>Un freeze-out honn\u00eate n'est pas une m\u00e9thode pour changer l'autre. C'est une mesure qui te permet de faire le point sur toi-m\u00eame. Et c'est pr\u00e9cis\u00e9ment pour cela qu'il est si pr\u00e9cieux - parce qu'il ne mise pas sur l'effet ext\u00e9rieur, mais sur l'orientation int\u00e9rieure.<\/p>\n<h3>Comment situer le terme \u201efreeze-out\u201c ?\u201c<\/h3>\n<p>Le terme \u201efreeze-out\u201c provient \u00e0 l'origine de ce que l'on appelle la <a href=\"https:\/\/www.pickupforum.de\" target=\"_blank\" rel=\"noopener\">Pick-up<\/a>- et de la sc\u00e8ne des rencontres. Il y est souvent d\u00e9crit comme une technique visant \u00e0 d\u00e9clencher certaines r\u00e9actions ou changements de comportement chez l'autre en le privant de contact de mani\u00e8re cibl\u00e9e. Dans ce contexte, le freeze-out est un moyen d'influence - orient\u00e9 vers l'ext\u00e9rieur, utilis\u00e9 de mani\u00e8re strat\u00e9gique et souvent d\u00e9lib\u00e9r\u00e9ment manipulateur. C'est pr\u00e9cis\u00e9ment de cela que se d\u00e9marque express\u00e9ment le pr\u00e9sent article.<\/p>\n<p>Le freeze-out d\u00e9crit ici a un tout autre objectif : il n'est pas dirig\u00e9 vers l'autre, mais vers soi-m\u00eame. Il ne s'agit pas d'inciter quelqu'un \u00e0 faire quelque chose, mais de retrouver sa propre perception, de gagner en clart\u00e9 int\u00e9rieure et de prendre des d\u00e9cisions non plus sous la pression, mais d'un point de vue int\u00e9rieur stable.<\/p>\n<h3>Freeze-out comme interruption consciente<\/h3>\n<p>On peut le dire tr\u00e8s simplement : un freeze-out est une pause. Une interruption. Un arr\u00eat temporaire des contacts qui ne r\u00e9sulte pas de l'indiff\u00e9rence, mais d'un besoin tr\u00e8s clair : la distance. Et cette distance n'est pas un luxe. Dans certaines situations, c'est la condition sine qua non pour que tu puisses redevenir \u201etoi\u201c.<\/p>\n<p>Car en cas de crise, les gens perdent souvent quelque chose qu'ils poss\u00e8dent normalement naturellement : un point de vue int\u00e9rieur calme. Tu ne fais que r\u00e9agir. Tu sautes de pens\u00e9es en pens\u00e9es. Tu cherches des explications. Tu veux reprendre le contr\u00f4le. Et plus tu essaies de reprendre le contr\u00f4le, plus tu t'enfonces dans le tunnel.<\/p>\n<p>Une pause interrompt ce tunnel. Ce qui est important, c'est qu'une pause n'est pas automatiquement synonyme de l\u00e2chet\u00e9. Elle n'est pas automatiquement immature. Elle n'est pas non plus automatiquement un \u201erefus\u201c. Au contraire, elle peut \u00eatre une \u00e9tape tr\u00e8s adulte. Un qui dit <em>\u201eJe ne d\u00e9cide pas maintenant dans le brouillard. Je d\u00e9ciderai quand j'aurai retrouv\u00e9 la vue\u201c.\u201c<\/em><\/p>\n<h3>Pourquoi c'est si difficile<\/h3>\n<p>De nombreuses personnes sentent qu'elles ont besoin de prendre du recul - et pourtant elles ne le font pas. Pas parce qu'elles sont stupides. Mais parce que cela va \u00e0 l'encontre de plusieurs programmes internes que nous avons presque tous appris.<\/p>\n<ul>\n<li>Il y a par exemple ce sens du devoir : <em>\u201eJe ne peux pas partir maintenant\u201c.\u201c<\/em><\/li>\n<li>Voil\u00e0 l'id\u00e9e : <em>\u201eSi je m'\u00e9loigne maintenant, c'est l'escalade\u201c.\u201c<\/em><\/li>\n<li>Et voil\u00e0 la peur : <em>\u201eSi je me retire, je perds d\u00e9finitivement la personne ou la situation\u201c.\u201c<\/em><\/li>\n<\/ul>\n<p>Cette peur n'est souvent pas infond\u00e9e. Mais elle conduit \u00e0 une dynamique paradoxale : on y reste, bien que l'on s'aper\u00e7oive d\u00e9j\u00e0 que l'on y devient pire. On y reste bien que l'on s'aper\u00e7oive d\u00e9j\u00e0 que l'on se perd soi-m\u00eame. On y reste parce qu'on croit que c'est responsable - et on oublie que la responsabilit\u00e9 signifie parfois exactement le contraire : un pas en arri\u00e8re.<\/p>\n<p>Il faut s'imaginer que c'est comme un moteur qui surchauffe. Tu ne peux pas continuer \u00e0 acc\u00e9l\u00e9rer en esp\u00e9rant que cela s'am\u00e9liore. Tu dois le sortir, le laisser refroidir, le contr\u00f4ler. Tout le reste finit par une perte totale.<\/p>\n<h3>D\u00e9limitation : la pause n'est pas une \u201einterruption\u201c<\/h3>\n<p>Un freeze-out n'est pas une s\u00e9paration par silence radio. Il n'est pas non plus <em>\u201eJe vais partir jusqu'\u00e0 ce que tu changes.\u201c<\/em>. Si tu fais quelque chose comme \u00e7a, c'est un jeu de pouvoir - et les jeux de pouvoir sont le moyen le plus s\u00fbr d'aggraver les choses en cas de crise. Dans l'id\u00e9al, un freeze-out est clairement limit\u00e9 et propre \u00e0 l'int\u00e9rieur :<\/p>\n<ul>\n<li>Tu prends de la distance pour retrouver ta lucidit\u00e9.<\/li>\n<li>Tu prends du recul pour ne pas agir sous le coup de l'\u00e9motion.<\/li>\n<li>Tu prends du recul pour savoir quel est vraiment le sujet.<\/li>\n<\/ul>\n<p>Cela peut signifier que tu n'\u00e9cris pas pendant quelques jours. Ou que tu passes d\u00e9lib\u00e9r\u00e9ment un week-end seul. Ou que tu te retires d'une communication permanente qui n'est faite que de justifications et de malentendus.<\/p>\n<p>Le point n'est pas la forme. Le point, c'est la fonction : tu te cr\u00e9es un espace dans lequel tu peux \u00e0 nouveau penser sans que de nouveaux stimuli ne viennent constamment s'ajouter.<\/p>\n<h3>Pourquoi \u201er\u00e9gler imm\u00e9diatement\u201c n'est souvent pas la bonne solution<\/h3>\n<p>Il existe une croyance tr\u00e8s r\u00e9pandue : les probl\u00e8mes se r\u00e9solvent si l'on en parle suffisamment longtemps. Et oui - dans de nombreuses situations, c'est vrai. Si les deux parties sont calmes. S'il y a suffisamment de confiance. Si l'on s'\u00e9coute vraiment. Si chaque d\u00e9claration n'est pas consid\u00e9r\u00e9e comme une attaque.<\/p>\n<p>Dans les vraies crises, ce n'est souvent pas le cas. La situation est d\u00e9j\u00e0 tellement charg\u00e9e que toute discussion retombe imm\u00e9diatement dans les vieilles habitudes. Tu t'expliques - et l'autre n'entend qu'une justification. L'autre s'explique - et tu n'entends qu'un reproche. Et \u00e0 la fin, tu ne sors pas de la conversation plus intelligent, mais plus confus. Pas plus calme, mais plus \u00e9puis\u00e9. Pas plus pr\u00e8s de la solution, mais plus profond\u00e9ment dans le brouillard.<\/p>\n<p>On peut voir les choses tr\u00e8s objectivement : La communication a besoin de largeur de bande. Si ta largeur de bande int\u00e9rieure est bloqu\u00e9e par le stress, la peur, la pression ou une charge permanente, alors la communication ne te sert \u00e0 rien - elle te surcharge encore plus.<\/p>\n<p>Et c'est justement l\u00e0 que la distance peut \u00eatre la chose r\u00e9ellement responsable : ne pas continuer \u00e0 parler jusqu'\u00e0 ce que l'on s'entende \u00e0 nouveau.<\/p>\n<h3>La diff\u00e9rence silencieuse entre r\u00e9action et d\u00e9cision<\/h3>\n<p>Une crise te force souvent \u00e0 r\u00e9agir. Tu r\u00e9agis aux messages. Tu r\u00e9agis au ton de la voix. Tu r\u00e9agis aux attentes. Tu r\u00e9agis \u00e0 l'agitation int\u00e9rieure.<\/p>\n<p>Un freeze-out est une tentative de sortir du mode r\u00e9action. Car les d\u00e9cisions que tu prends en mode r\u00e9action sont rarement de bonnes d\u00e9cisions. Ce sont presque toujours des d\u00e9cisions \u00e0 court terme :<\/p>\n<ul>\n<li>L'essentiel est que la pression diminue. L'essentiel est qu'il se passe quelque chose.<\/li>\n<li>L'essentiel est que je n'aie plus \u00e0 supporter cette sensation.<\/li>\n<\/ul>\n<p>C'est compr\u00e9hensible, mais dangereux. Un freeze-out te donne la possibilit\u00e9 de revenir \u00e0 un \u00e9tat o\u00f9 tu peux d\u00e9cider au lieu de simplement r\u00e9agir. C'est une diff\u00e9rence comme le jour et la nuit. Et quand tu auras v\u00e9cu cela une fois, tu comprendras pourquoi beaucoup de gens disent avec le recul<\/p>\n<blockquote><p><em>\u201eSi seulement j'avais pris mes distances plus t\u00f4t \u00e0 l'\u00e9poque\u201c.\u201c<\/em><\/p><\/blockquote>\n<h3>Ce que tu peux te permettre<\/h3>\n<p>C'est peut-\u00eatre la phrase la plus importante de ce chapitre : tu peux te permettre de prendre du recul.<\/p>\n<p>Pas comme une excuse. Pas comme une fuite. Mais comme un outil pour retrouver la lucidit\u00e9. Ce n'est pas un signe de faiblesse si tu dis<\/p>\n<blockquote><p><em>\u201eJ'ai besoin d'espace pour l'instant\u201c.\u201c<\/em><\/p><\/blockquote>\n<p>C'est souvent un signe de force, car cela signifie que tu ne veux pas aggraver les choses sous le coup de l'\u00e9motion. Que tu ne continues pas \u00e0 courir aveugl\u00e9ment juste parce que le mouvement est plus agr\u00e9able que l'immobilit\u00e9.<\/p>\n<p>Autrefois, on aurait simplement appel\u00e9 cela \u201ese rassembler\u201c. Aujourd'hui, on le confond souvent avec \u201e\u00e9viter\u201c. Mais il y a une diff\u00e9rence entre l'\u00e9vitement et la collecte : l'\u00e9vitement ne veut pas regarder. La collecte veut d'abord pouvoir voir \u00e0 nouveau.<\/p>\n<h3>Un gel n'est pas un objectif - c'est une transition<\/h3>\n<p>Il ne faut pas romantiser un freeze-out. Ce n'est pas un rem\u00e8de. Ce n'est pas la garantie d'une bonne solution. Ce n'est pas un truc qui met tout en ordre imm\u00e9diatement. Mais c'est souvent le passage du chaos \u00e0 la clart\u00e9.<\/p>\n<p>Et en cela, il est quelque chose qui est devenu \u00e9tonnamment rare dans les crises modernes : une interruption consciente avant de s'enliser.<br \/>\nLes prochains chapitres porteront pr\u00e9cis\u00e9ment sur ce point : pourquoi nous combattons si facilement le mauvais probl\u00e8me en cas de crise, pourquoi la vision en tunnel est si difficile \u00e0 reconna\u00eetre - et comment la prise de distance peut fonctionner de mani\u00e8re tr\u00e8s pratique, sans que cela ne tourne au drame.<\/p>\n<p>Car parfois, la meilleure chose que tu puisses faire n'est pas une autre conversation, une autre analyse ou une autre tentative de tout r\u00e9parer imm\u00e9diatement. Parfois, la meilleure chose \u00e0 faire est tout simplement de prendre du recul.<\/p>\n<hr \/>\n<h3>Enqu\u00eate actuelle sur l'e-mobilit\u00e9<\/h3>\n<div class='bootstrap-yop yop-poll-mc'>\n\t\t\t\t\t\t\t<div class=\"basic-yop-poll-container\" style=\"background-color:#ffffff; border:0px; border-style:solid; border-color:#000000; border-radius:5px; padding:0px 5px;\" data-id=\"11\" data-temp=\"basic-pretty\" data-skin=\"square\" data-cscheme=\"blue\" data-cap=\"0\" data-access=\"guest\" data-tid=\"\" data-uid=\"bdd35c4382c6200eab86ddfa359d8e3f\" data-pid=\"5212\" data-resdet=\"votes-number,percentages\" data-show-results-to=\"guest\" data-show-results-moment=\"after-vote\" data-show-results-only=\"false\" data-show-message=\"true\" data-show-results-as=\"bar\" data-sort-results-by=\"as-defined\" data-sort-results-rule=\"asc\"data-is-ended=\"0\" data-percentages-decimals=\"2\" data-gdpr=\"no\" data-gdpr-sol=\"consent\" data-css=\".basic-yop-poll-container[data-uid] .basic-vote {\t\t\t\t\t\t\t\t\ttext-align: center;\t\t\t\t\t\t\t\t}\" data-counter=\"0\" data-load-with=\"1\" data-notification-section=\"top\"><div class=\"row\"><div class=\"col-md-12\"><div class=\"basic-inner\"><div class=\"basic-message hide\" style=\"border-left: 10px solid #008000; padding: 0px 10px;\" data-error=\"#ff0000\" data-success=\"#008000\"><p class=\"basic-message-text\" style=\"color:#000000; font-size:14px; font-weight:normal;\"><\/p><\/div><div class=\"basic-overlay hide\"><div class=\"basic-vote-options\"><\/div><div class=\"basic-preloader\"><div class=\"basic-windows8\"><div class=\"basic-wBall basic-wBall_1\"><div class=\"basic-wInnerBall\"><\/div><\/div><div class=\"basic-wBall basic-wBall_2\"><div class=\"basic-wInnerBall\"><\/div><\/div><div class=\"basic-wBall basic-wBall_3\"><div class=\"basic-wInnerBall\"><\/div><\/div><div class=\"basic-wBall basic-wBall_4\"><div class=\"basic-wInnerBall\"><\/div><\/div><div class=\"basic-wBall basic-wBall_5\"><div class=\"basic-wInnerBall\"><\/div><\/div><\/div><\/div><\/div><form class=\"basic-form\" action=\"\"><input type=\"hidden\" name=\"_token\" value=\"bc61b14a2e\" autocomplete=\"off\"><div class=\"basic-elements\"><div class=\"basic-element basic-question basic-question-text-vertical\" data-id=\"11\" data-uid=\"77ef9c6a3e24ae0e1323e3978e52dcf5\" data-type=\"question\" data-question-type=\"text\" data-required=\"yes\" data-allow-multiple=\"yes\" data-min=\"1\" data-max=\"6\" data-display=\"vertical\" data-colnum=\"\" data-display-others=\"no\" data-others-color=\"\" data-others=\"\" data-others-max-chars=\"0\"><div class=\"basic-question-title\"><h5 style=\"color:#000000; font-size:16px; font-weight:normal; text-align:left;\">Avec quels v\u00e9hicules \u00e9lectriques as-tu d\u00e9j\u00e0 fait des exp\u00e9riences ?<\/h5><\/div><ul class=\"basic-answers\"><li class=\"basic-answer\" style=\"padding:0px 0px;\" data-id=\"60\" data-type=\"text\" data-vn=\"2\" data-color=\"#000000\" data-make-link=\"no\" data-link=\"\"><div class=\"basic-answer-content basic-text-vertical\"><label for=\"answer[60]\" class=\"basic-answer-label\"><input type=\"checkbox\" id=\"answer[60]\" name=\"answer[11]\" value=\"60\"><span class=\"basic-text\" style=\"color: #000000; font-size: 14px; font-weight: normal;\">Scooter \u00e9lectrique<\/span><\/label><\/div><\/li><li class=\"basic-answer\" style=\"padding:0px 0px;\" data-id=\"61\" data-type=\"text\" data-vn=\"2\" data-color=\"#000000\" data-make-link=\"no\" data-link=\"\"><div class=\"basic-answer-content basic-text-vertical\"><label for=\"answer[61]\" class=\"basic-answer-label\"><input type=\"checkbox\" id=\"answer[61]\" name=\"answer[11]\" value=\"61\"><span class=\"basic-text\" style=\"color: #000000; font-size: 14px; font-weight: normal;\">Scooter \u00e9lectrique<\/span><\/label><\/div><\/li><li class=\"basic-answer\" style=\"padding:0px 0px;\" data-id=\"62\" data-type=\"text\" data-vn=\"1\" data-color=\"#000000\" data-make-link=\"no\" data-link=\"\"><div class=\"basic-answer-content basic-text-vertical\"><label for=\"answer[62]\" class=\"basic-answer-label\"><input type=\"checkbox\" id=\"answer[62]\" name=\"answer[11]\" value=\"62\"><span class=\"basic-text\" style=\"color: #000000; font-size: 14px; font-weight: normal;\">hybride int\u00e9gral\/hybride l\u00e9ger<\/span><\/label><\/div><\/li><li class=\"basic-answer\" style=\"padding:0px 0px;\" data-id=\"63\" data-type=\"text\" data-vn=\"1\" data-color=\"#000000\" data-make-link=\"no\" data-link=\"\"><div class=\"basic-answer-content basic-text-vertical\"><label for=\"answer[63]\" class=\"basic-answer-label\"><input type=\"checkbox\" id=\"answer[63]\" name=\"answer[11]\" value=\"63\"><span class=\"basic-text\" style=\"color: #000000; font-size: 14px; font-weight: normal;\">Hybride rechargeable<\/span><\/label><\/div><\/li><li class=\"basic-answer\" style=\"padding:0px 0px;\" data-id=\"64\" data-type=\"text\" data-vn=\"2\" data-color=\"#000000\" data-make-link=\"no\" data-link=\"\"><div class=\"basic-answer-content basic-text-vertical\"><label for=\"answer[64]\" class=\"basic-answer-label\"><input type=\"checkbox\" id=\"answer[64]\" name=\"answer[11]\" value=\"64\"><span class=\"basic-text\" style=\"color: #000000; font-size: 14px; font-weight: normal;\">Voiture \u00e9lectrique<\/span><\/label><\/div><\/li><li class=\"basic-answer\" style=\"padding:0px 0px;\" data-id=\"67\" data-type=\"text\" data-vn=\"6\" data-color=\"#000000\" data-make-link=\"no\" data-link=\"\"><div class=\"basic-answer-content basic-text-vertical\"><label for=\"answer[67]\" class=\"basic-answer-label\"><input type=\"checkbox\" id=\"answer[67]\" name=\"answer[11]\" value=\"67\"><span class=\"basic-text\" style=\"color: #000000; font-size: 14px; font-weight: normal;\">Pas encore d'exp\u00e9rience<\/span><\/label><\/div><\/li><\/ul><\/div><div class=\"clearfix\"><\/div><\/div><div class=\"basic-vote\"><a href=\"#\" class=\"button basic-vote-button\" role=\"button\" style=\"background:#027bb8; border:0px; border-style: solid; border-color:#000000; border-radius:5px; padding:10px 10px; color:#ffffff; font-size:14px; font-weight:normal;\">Votez<\/a><\/div><input type=\"hidden\" name=\"trp-form-language\" value=\"fr\"\/><\/form><\/div><\/div><\/div><\/div>\n\t\t\t\t\t\t<\/div>\n<hr \/>\n<h2>Quand on s'attaque au mauvais probl\u00e8me<\/h2>\n<p>En cas de crise, l'homme cherche des causes. Pas par curiosit\u00e9, mais par n\u00e9cessit\u00e9. Le sentiment de perte de contr\u00f4le est d\u00e9sagr\u00e9able, parfois \u00e0 peine supportable, et c'est pourquoi l'on cherche instinctivement l'explication la plus proche. Il faut bien que quelque chose soit \u201ela cause\u201c. Quelque chose de tangible, de nommable, de concret si possible.<\/p>\n<p>Souvent, il s'agit du partenariat. Ou un conflit particulier au travail. Ou une d\u00e9cision isol\u00e9e que l'on marque a posteriori comme une erreur. Ces explications semblent logiques parce qu'elles sont proches. Elles sont \u00e9motionnellement pr\u00e9sentes. Et elles ont un grand avantage : on peut s'en servir.<\/p>\n<p>Le probl\u00e8me, c'est que la proximit\u00e9 n'est pas un crit\u00e8re de v\u00e9rit\u00e9. Ce n'est pas parce que quelque chose est au premier plan qu'il s'agit de la cause. Dans de nombreuses crises, ce qui se manifeste en premier n'est que le sympt\u00f4me - pas le noyau.<\/p>\n<h3>La projection comme strat\u00e9gie de survie<\/h3>\n<p>D'un point de vue psychologique, cela n'a rien d'inhabituel. Lorsque la pression int\u00e9rieure augmente, le regard se r\u00e9tr\u00e9cit. Les relations complexes sont simplifi\u00e9es, le m\u00e9contentement diffus est projet\u00e9 sur des personnes ou des situations concr\u00e8tes. Ce n'est pas de la m\u00e9chancet\u00e9, mais une strat\u00e9gie de survie : le cerveau tente de r\u00e9tablir l'ordre en r\u00e9duisant la complexit\u00e9.<\/p>\n<p>Cela est particuli\u00e8rement \u00e9vident dans les relations. Le ou la partenaire est \u00e9motionnellement proche, constamment pr\u00e9sent(e), et donc une cible id\u00e9ale pour les projections. Ce qui s'est accumul\u00e9 pendant des ann\u00e9es - surmenage professionnel, vide int\u00e9rieur, manque de perspectives, projet de vie qui ne porte plus - se d\u00e9charge alors dans des conflits apparemment \u201etypiques de la relation\u201c.<\/p>\n<p>On se dispute sur des d\u00e9tails. Sur le ton de la conversation. Sur des attentes. Sur des choses qui n'avaient gu\u00e8re d'importance auparavant. Et on pense que c'est l\u00e0 que se situe le probl\u00e8me.<\/p>\n<p>Pourtant, il ne s'agit souvent que de l'endroit o\u00f9 quelque chose s'\u00e9chappe.<\/p>\n<h3>Le moment de l'interruption<\/h3>\n<p>C'est pr\u00e9cis\u00e9ment \u00e0 ce stade qu'un freeze-out peut avoir un effet d\u00e9cisif. Non pas parce qu'il fournit des r\u00e9ponses imm\u00e9diates, mais parce qu'il interrompt la stimulation permanente. Lorsque l'\u00e9change quotidien dispara\u00eet, lorsque le feed-back \u00e9motionnel permanent s'arr\u00eate, il se passe quelque chose d'int\u00e9ressant : le regard se tourne vers l'int\u00e9rieur.<\/p>\n<p>Dans mon cas, c'est exactement ce qui s'est pass\u00e9. Le contact a \u00e9t\u00e9 interrompu, d'abord en partant du principe que la relation elle-m\u00eame \u00e9tait le probl\u00e8me. Ce n'est pas une pens\u00e9e inhabituelle, c'est presque la norme. Lorsque le courant passe entre deux personnes, on peut en d\u00e9duire que \u201e\u00e7a ne va plus\u201c.<\/p>\n<p>Mais apr\u00e8s quelques jours d'\u00e9cart, quelque chose d'autre est apparu. L'agitation int\u00e9rieure ne disparaissait pas. Les boucles mentales ne tournaient pas autour de la relation, mais de quelque chose de beaucoup plus fondamental : le chemin de sa propre vie. Ce n'\u00e9tait pas un \u00e9clair de lucidit\u00e9 soudain, ni une prise de conscience dramatique. Plut\u00f4t un sentiment discret mais tenace : ceci est plus profond. Cela a un rapport avec la mani\u00e8re dont je vis - et pas seulement avec qui.<\/p>\n<p><img loading=\"lazy\" decoding=\"async\" class=\"alignnone wp-image-4468 size-large\" src=\"https:\/\/www.markus-schall.de\/wp-content\/uploads\/Freezeout-Spiegel.jpg\" alt=\"Miroir Freezeout\" width=\"1024\" height=\"683\" srcset=\"https:\/\/www.markus-schall.de\/wp-content\/uploads\/Freezeout-Spiegel.jpg 1024w, https:\/\/www.markus-schall.de\/wp-content\/uploads\/Freezeout-Spiegel-300x200.jpg 300w, https:\/\/www.markus-schall.de\/wp-content\/uploads\/Freezeout-Spiegel-768x512.jpg 768w, https:\/\/www.markus-schall.de\/wp-content\/uploads\/Freezeout-Spiegel-18x12.jpg 18w\" sizes=\"auto, (max-width: 1024px) 100vw, 1024px\" \/><\/p>\n<h3>Quand le brouillard se dissipe<\/h3>\n<p>Ce moment est souvent peu spectaculaire, mais d\u00e9cisif. Lorsque le d\u00e9clencheur ext\u00e9rieur dispara\u00eet et que le malaise int\u00e9rieur demeure, il devient \u00e9vident que l'on a combattu le mauvais probl\u00e8me. La relation n'a pas \u00e9t\u00e9 la cause, mais le miroir. Elle a rendu visible quelque chose qui \u00e9tait inscrit depuis longtemps dans le syst\u00e8me.<\/p>\n<p>C'est inconfortable. Car cela signifie qu'on ne peut plus se cacher derri\u00e8re un conflit. On ne peut plus dire <em>\u201eQuand ce sera r\u00e9gl\u00e9, tout ira bien\u201c.\u201c<\/em> Au lieu de cela, une question plus importante surgit :<\/p>\n<blockquote><p>Qu'est-ce qui ne va plus dans mon mod\u00e8le de vie actuel ?<\/p><\/blockquote>\n<p>Il est plus difficile de r\u00e9pondre \u00e0 cette question qu'\u00e0 n'importe quelle question sur les relations. Elle ne peut pas \u00eatre r\u00e9solue en une seule conversation. Elle demande du temps. Et elle exige de l'honn\u00eatet\u00e9 envers soi-m\u00eame.<\/p>\n<h3>La dangereuse logique de la pers\u00e9v\u00e9rance<\/h3>\n<p>De nombreuses personnes arrivent \u00e0 ce point - et ne vont pourtant pas plus loin. Elles reconnaissent que quelque chose ne leur convient fondamentalement plus, mais d\u00e9cident de \u201econtinuer d'abord\u201c. Par sens du devoir. Par peur du changement. Ou parce qu'elles esp\u00e8rent que le probl\u00e8me se r\u00e9soudra de lui-m\u00eame si l'on pers\u00e9v\u00e8re suffisamment longtemps.<\/p>\n<p>Cette logique est trompeuse. Tenir bon n'est pas une vertu en soi. Elle peut \u00eatre utile si l'on sait pourquoi on pers\u00e9v\u00e8re. Elle devient dangereuse si l'on pers\u00e9v\u00e8re sans s'interroger sur la direction \u00e0 prendre.<\/p>\n<p>Dans de telles phases, on se persuade souvent que ce n'est qu'une p\u00e9riode de vaches maigres passag\u00e8re. Qu'il faut simplement investir encore plus. Encore plus d'\u00e9nergie, encore plus de temps, encore plus d'adaptation. Et on ne se rend pas compte qu'on s'\u00e9loigne de plus en plus de soi-m\u00eame.<\/p>\n<p>Le freeze-out agit ici comme un panneau d'arr\u00eat. Il interrompt le mouvement automatique vers l'avant et oblige \u00e0 s'arr\u00eater. Non pas pour tout bousculer imm\u00e9diatement, mais pour v\u00e9rifier si le chemin est encore le bon.<\/p>\n<h3>Remercier plut\u00f4t que bl\u00e2mer<\/h3>\n<p>Un point important dans ce contexte est la question de la culpabilit\u00e9. S'il s'av\u00e8re que le v\u00e9ritable probl\u00e8me n'\u00e9tait pas dans la relation, mais dans son propre projet de vie, cela change le regard sur l'autre personne.<\/p>\n<p>Dans mon cas, il n'y a pas eu d'amertume, mais au contraire une forme de gratitude. Sans cette relation, sans ce conflit concret, le d\u00e9s\u00e9quilibre fondamental serait peut-\u00eatre rest\u00e9 longtemps non d\u00e9tect\u00e9. L'\u00e9v\u00e9nement ext\u00e9rieur a \u00e9t\u00e9 le d\u00e9clencheur - et non la cause.<\/p>\n<p>Cette distinction est importante. Elle \u00e9vite de distribuer les torts apr\u00e8s coup ou de s'enfermer dans un r\u00e9cit de victime. Au lieu de cela, on reconna\u00eet que certaines rencontres sont des indicateurs. Elles indiquent quelque chose qui devait \u00eatre vu de toute fa\u00e7on.<\/p>\n<h3>Quand la clart\u00e9 devient inconfortable<\/h3>\n<p>La lucidit\u00e9 n'est pas un \u00e9tat agr\u00e9able. Elle donne rarement l'impression d'un soulagement, du moins pas imm\u00e9diatement. Elle s'accompagne souvent d'incertitude, du sentiment d'\u00eatre \u00e0 la crois\u00e9e des chemins, sans savoir exactement o\u00f9 m\u00e8ne la nouvelle route.<\/p>\n<p>Mais la clart\u00e9 a un avantage d\u00e9cisif : elle est honn\u00eate. Et l'honn\u00eatet\u00e9 est la condition pr\u00e9alable \u00e0 toute d\u00e9cision viable. Sans la distance du freeze-out, cette clart\u00e9 n'aurait gu\u00e8re \u00e9t\u00e9 possible. La proximit\u00e9 aurait continu\u00e9 \u00e0 obscurcir les choses, la dynamique se serait renforc\u00e9e d'elle-m\u00eame et le v\u00e9ritable sujet aurait disparu sous des couches de conflits quotidiens.<\/p>\n<h3>Pourquoi beaucoup \u00e9vitent cette \u00e9tape<\/h3>\n<p>Il est compr\u00e9hensible que de nombreuses personnes h\u00e9sitent \u00e0 faire ce pas. Celui qui combat le faux probl\u00e8me peut au moins \u00eatre actif. Celui qui reconna\u00eet que le v\u00e9ritable probl\u00e8me est plus profond, reste d'abord immobile. Et l'immobilit\u00e9 se sent mena\u00e7ante, surtout dans une soci\u00e9t\u00e9 qui confond mouvement et progr\u00e8s.<\/p>\n<p>Mais c'est justement cette stagnation qui constitue souvent un tournant. Non pas comme un \u00e9tat permanent, mais comme une transition. Comme un moment o\u00f9 l'on cesse de r\u00e9agir par r\u00e9flexe et o\u00f9 l'on commence \u00e0 se poser les bonnes questions.<\/p>\n<p>Dans le prochain chapitre, nous verrons pourquoi cette vision en tunnel est si difficile \u00e0 reconna\u00eetre - et pourquoi on ne la remarque presque toujours que lorsqu'on y est d\u00e9j\u00e0 plong\u00e9 depuis longtemps.<\/p>\n<h2>La vision en tunnel : pourquoi on ne la remarque presque jamais \u00e0 temps<\/h2>\n<p>La vision en tunnel est rarement soudaine. Il ne s'agit pas d'une rupture dramatique, d'un moment clairement identifiable o\u00f9 l'on pourrait se dire : \"Je ne suis pas en train de me tromper : D\u00e9sormais, je pense de mani\u00e8re plus limit\u00e9e. Bien au contraire. La vision en tunnel se d\u00e9veloppe insidieusement. Elle grandit avec chaque responsabilit\u00e9 suppl\u00e9mentaire, avec chaque compromis suppl\u00e9mentaire, avec chaque pas que l'on fait alors que l'on sent depuis longtemps au fond de soi que quelque chose ne va plus.<\/p>\n<p>De nombreuses personnes vivent pendant des ann\u00e9es dans un \u00e9tat de tension permanente sans le percevoir comme tel. Le stress devient une habitude. L'\u00e9puisement devient un bruit de fond. L'insatisfaction est relativis\u00e9e parce que \u201eles autres ne vont pas mieux\u201c. Et c'est justement l\u00e0 que r\u00e9side le danger : ce qui est permanent ne se remarque plus.<\/p>\n<p>On fonctionne. On accomplit des t\u00e2ches. On r\u00e9pond aux attentes. Et comme tout cela semble stable \u00e0 l'ext\u00e9rieur, on pense \u00eatre stable \u00e0 l'int\u00e9rieur. Pourtant, on s'est adapt\u00e9 depuis longtemps \u00e0 un \u00e9tat qui devrait en fait \u00eatre un signal d'alarme.<\/p>\n<h3>La perte du point de r\u00e9f\u00e9rence interne<\/h3>\n<p>La vision en tunnel ne signifie pas que l'on ne pense plus \u00e0 rien. Au contraire : de nombreuses personnes dans le tunnel pensent sans cesse. Elles analysent, planifient, optimisent, justifient. Ce qui leur manque, ce n'est pas l'activit\u00e9, mais un point de r\u00e9f\u00e9rence int\u00e9rieur.<\/p>\n<p>Ce point de r\u00e9f\u00e9rence est le sentiment de savoir si quelque chose est fondamentalement coh\u00e9rent. Si la voie emprunt\u00e9e est toujours valable. Si l'\u00e9nergie personnelle s'\u00e9coule dans une direction qui a un sens \u00e0 long terme. Si cette boussole int\u00e9rieure est ignor\u00e9e pendant une longue p\u00e9riode, elle ne se tait pas imm\u00e9diatement - mais elle devient plus silencieuse. Et \u00e0 un moment donn\u00e9, on ne l'entend presque plus.<\/p>\n<p>Au lieu de cela, on s'oriente vers des facteurs ext\u00e9rieurs : d\u00e9lais, obligations, chiffres, attentes. La vie devient r\u00e9active. On r\u00e9pond aux exigences au lieu de donner soi-m\u00eame une direction. Et comme on est constamment occup\u00e9, on ne remarque pas \u00e0 quel point son horizon s'est r\u00e9tr\u00e9ci.<\/p>\n<h3>La vision en tunnel donne souvent l'impression d'\u00eatre rationnelle<\/h3>\n<p>Un aspect particuli\u00e8rement insidieux de la vision en tunnel est qu'elle donne souvent l'impression d'\u00eatre raisonnable. On a en effet de bonnes raisons. On peut expliquer pourquoi on agit ainsi. On peut justifier chaque d\u00e9cision de mani\u00e8re logique. Et c'est justement ce qui rend le tunnel si difficile \u00e0 reconna\u00eetre en tant que tel. On se dit<\/p>\n<ul>\n<li><em>Ce n'est pas le moment.<\/em><\/li>\n<li>Ou bien <em>Je dois d'abord passer par l\u00e0<\/em><\/li>\n<li>Ou bien <em>Ce serait irresponsable pour le moment.<\/em><\/li>\n<\/ul>\n<p>Ces phrases ne sont pas fausses. Elles sont simplement incompl\u00e8tes. Car elles ne tiennent g\u00e9n\u00e9ralement compte que de la logique \u00e0 court terme - et non des effets \u00e0 long terme. La vision en tunnel est rarement irrationnelle. Il est souvent hyper-rationnel, tout en \u00e9tant int\u00e9rieurement d\u00e9connect\u00e9.<\/p>\n<h3>Exp\u00e9rience de la crise : quand le regard se r\u00e9tr\u00e9cit<\/h3>\n<p>R\u00e9trospectivement, les phases de vision en tunnel sont souvent clairement identifiables. Alors que l'on est en plein dedans, presque jamais. Cela vaut aussi pour les crises graves comme une faillite. L\u00e0, le tunnel est \u00e9vident : soucis financiers, pressions ext\u00e9rieures, questions existentielles. Tout tourne autour d'un th\u00e8me central, et tout le reste passe au second plan.<\/p>\n<p>Ce qui est moins \u00e9vident, c'est que m\u00eame longtemps apr\u00e8s de telles crises, un nouveau tunnel peut se former, plus subtil, plus discret, mais tout aussi efficace. On devient plus prudent, peut-\u00eatre m\u00eame plus sage. On \u00e9vite les risques. On se construit des s\u00e9curit\u00e9s. Et un jour, on ne remarque plus que ces s\u00e9curit\u00e9s sont elles-m\u00eames devenues des limites.<\/p>\n<p>L'exp\u00e9rience des crises pr\u00e9c\u00e9dentes peut \u00eatre \u00e0 double tranchant. Elle prot\u00e8ge de l'insouciance, mais elle peut aussi conduire \u00e0 rester trop longtemps dans des structures qui ne sont plus adapt\u00e9es depuis longtemps. Par peur de tomber \u00e0 nouveau dans un gouffre, on pr\u00e9f\u00e8re rester dans le couloir \u00e9troit que l'on conna\u00eet - m\u00eame s'il n'offre plus aucune perspective.<\/p>\n<p><img loading=\"lazy\" decoding=\"async\" class=\"alignnone wp-image-4469 size-large\" src=\"https:\/\/www.markus-schall.de\/wp-content\/uploads\/Freezeout-Tunnelblick.jpg\" alt=\"La vision en tunnel en temps de crise\" width=\"1024\" height=\"683\" srcset=\"https:\/\/www.markus-schall.de\/wp-content\/uploads\/Freezeout-Tunnelblick.jpg 1024w, https:\/\/www.markus-schall.de\/wp-content\/uploads\/Freezeout-Tunnelblick-300x200.jpg 300w, https:\/\/www.markus-schall.de\/wp-content\/uploads\/Freezeout-Tunnelblick-768x512.jpg 768w, https:\/\/www.markus-schall.de\/wp-content\/uploads\/Freezeout-Tunnelblick-18x12.jpg 18w\" sizes=\"auto, (max-width: 1024px) 100vw, 1024px\" \/><\/p>\n<h3>Pourquoi on prend de mauvaises d\u00e9cisions dans le tunnel<\/h3>\n<p>Les d\u00e9cisions prises dans le tunnel sont rarement totalement erron\u00e9es. Elles sont fonctionnelles. Elles permettent au syst\u00e8me de fonctionner. Mais elles ne sont souvent pas tourn\u00e9es vers l'avenir. Elles s'orientent vers la limitation des d\u00e9g\u00e2ts et non vers le d\u00e9veloppement.<\/p>\n<p>Les d\u00e9cisions relatives aux tunnels se caract\u00e9risent par un horizon temporel fortement raccourci. On ne pose plus de questions :<\/p>\n<p><em>O\u00f9 est-ce que je veux \u00eatre dans cinq ou dix ans ?<\/em><\/p>\n<p>On ne fait que demander : <em>Comment passer les prochaines semaines ?<\/em><\/p>\n<p>Cette logique est pertinente dans les situations d'urgence aigu\u00eb. Elle devient probl\u00e9matique lorsqu'elle s'installe dans la dur\u00e9e. On sacrifie alors progressivement la coh\u00e9rence \u00e0 long terme au profit d'un soulagement \u00e0 court terme. On accepte des contraintes que l'on n'aurait pas accept\u00e9es auparavant. On abaisse ses propres crit\u00e8res - non pas consciemment, mais par \u00e9puisement.<\/p>\n<h3>L'illusion du contr\u00f4le<\/h3>\n<p>Un autre effet de la vision en tunnel est l'illusion de contr\u00f4le. On a l'impression de tout ma\u00eetriser parce qu'on intervient constamment. On surveille, on corrige, on r\u00e9agit. L'immobilit\u00e9 donne l'impression d'\u00eatre dangereuse, car elle semble retirer le contr\u00f4le.<\/p>\n<p>En r\u00e9alit\u00e9, c'est souvent l'inverse. Plus le tunnel est \u00e9troit, plus le contr\u00f4le r\u00e9el est faible. On est pouss\u00e9 par les circonstances ext\u00e9rieures, les contraintes int\u00e9rieures et les obligations que l'on s'impose. L'activit\u00e9 permanente ne remplace pas le manque de rep\u00e8res - elle ne fait que le masquer.<\/p>\n<p>Un freeze-out agit ici comme une perte de contr\u00f4le temporaire. Et c'est pr\u00e9cis\u00e9ment pour cela qu'il est si difficile pour beaucoup. Ceux qui sont habitu\u00e9s au tunnel ressentent d'abord la sortie comme une menace. Ce n'est qu'avec un peu de recul que l'on se rend compte qu'il ne s'agit pas d'une capitulation, mais d'une correction de trajectoire n\u00e9cessaire.<\/p>\n<h3>Pourquoi les personnes ext\u00e9rieures voient le tunnel plus t\u00f4t<\/h3>\n<p>Il est int\u00e9ressant de noter que les personnes ext\u00e9rieures reconnaissent souvent la vision en tunnel plus t\u00f4t que les personnes concern\u00e9es. Ils remarquent que quelqu'un est plus irritable, plus inflexible, moins ouvert \u00e0 de nouvelles pens\u00e9es. Ils sentent que les conversations tournent en rond, que toute alternative est imm\u00e9diatement rejet\u00e9e.<\/p>\n<p>Mais les indications ext\u00e9rieures rebondissent souvent. Non pas par ent\u00eatement, mais parce qu'elles ne correspondent pas au syst\u00e8me de coordonn\u00e9es interne. Celui qui est dans le tunnel n'entend que ce qui correspond \u00e0 la logique du moment. Tout le reste para\u00eet irr\u00e9aliste, na\u00eff ou irresponsable.<\/p>\n<p>Ce n'est que lorsque le niveau de stimulation diminue - par exemple en prenant du recul, en se reposant ou en rompant d\u00e9lib\u00e9r\u00e9ment avec le quotidien - qu'il y a \u00e0 nouveau de la place pour d'autres perspectives. Et c'est pr\u00e9cis\u00e9ment l\u00e0 que commence l'utilit\u00e9 r\u00e9elle d'un freeze-out.<\/p>\n<h3>Le premier regard par-dessus le bord du tunnel<\/h3>\n<p>Le moment o\u00f9 l'on s'aper\u00e7oit que le tunnel est un tunnel est rarement spectaculaire. Ce n'est pas un grand \"aha\", plut\u00f4t un l\u00e9ger effroi. On se rend compte que j'ai pens\u00e9 si \u00e9troitement. Pas par b\u00eatise. Mais par surcharge.<\/p>\n<p>Ce moment est pr\u00e9cieux, m\u00eame s'il est d\u00e9sagr\u00e9able. Car il montre que le regard int\u00e9rieur s'est \u00e0 nouveau \u00e9largi. Que l'on commence \u00e0 voir des liens qui \u00e9taient auparavant occult\u00e9s. Que l'on per\u00e7oit \u00e0 nouveau des alternatives - m\u00eame si on ne peut pas encore les saisir.<\/p>\n<p>Le freeze-out n'est pas la solution. Mais il est souvent le premier pas pour sortir du tunnel. Non pas parce qu'il apporte des r\u00e9ponses, mais parce qu'il cr\u00e9e les conditions pour se poser \u00e0 nouveau des questions qui vont au-del\u00e0 du fonctionnement imm\u00e9diat.<\/p>\n<p>Dans le prochain chapitre, nous verrons pourquoi la distance est si difficile \u00e0 supporter dans notre culture actuelle - et pourquoi elle constitue pourtant l'une des formes les plus anciennes et les plus fiables de responsabilit\u00e9 personnelle.<\/p>\n<h2>La distance n'est pas une fuite<\/h2>\n<p>Nous vivons \u00e0 une \u00e9poque o\u00f9 \u00eatre joignable est presque synonyme de fiabilit\u00e9. Celui qui r\u00e9pond rapidement est consid\u00e9r\u00e9 comme engag\u00e9. Celui qui r\u00e9agit imm\u00e9diatement est consid\u00e9r\u00e9 comme responsable. Celui qui se d\u00e9robe doit expliquer, justifier, argumenter. La distance est devenue un besoin d'explication.<\/p>\n<p>Cette attente ne concerne pas seulement le contexte professionnel, mais s'\u00e9tend \u00e9galement \u00e0 la sph\u00e8re priv\u00e9e. Les relations, les amiti\u00e9s et m\u00eame les liens familiaux sont soumis \u00e0 une pression inavou\u00e9e qui les oblige \u00e0 \u00eatre disponibles \u00e0 tout moment, tant sur le plan \u00e9motionnel que sur celui de la communication. Celui qui se retire, m\u00eame temporairement, risque des malentendus. Ou pire : des attributions morales.<\/p>\n<p>Pourtant, d'un point de vue historique, cette proximit\u00e9 permanente est plut\u00f4t l'exception que la r\u00e8gle.<\/p>\n<p>Il y a encore quelques g\u00e9n\u00e9rations, il \u00e9tait tout \u00e0 fait normal de se retirer. Pas de mani\u00e8re ostentatoire, pas de mani\u00e8re dramatique, mais tout simplement comme faisant partie d'un rythme de vie sain. On \u201erentrait en soi\u201c. On prenait le temps. On \u00e9tait injoignable pendant un certain temps - sans que l'on en fasse imm\u00e9diatement un probl\u00e8me.<\/p>\n<p>Ce retrait n'avait rien \u00e0 voir avec une fuite. C'\u00e9tait l'expression d'un sens des responsabilit\u00e9s. Celui qui se rendait compte qu'il perdait la vue d'ensemble se retirait, se rassemblait, mettait de l'ordre dans ses pens\u00e9es. Ce n'est qu'ensuite que l'on parlait, que l'on d\u00e9cidait, que l'on agissait.<\/p>\n<p>Aujourd'hui, ce comportement semble presque \u00e9tranger \u00e0 beaucoup. Comme si l'on devait se justifier si l'on ne r\u00e9agit pas imm\u00e9diatement. Comme si la distance \u00e9tait en soi un signe de faiblesse ou de manque d'engagement.<\/p>\n<h3>L'erreur moderne : le mouvement est toujours mieux que l'immobilit\u00e9<\/h3>\n<p>L'une des principales erreurs culturelles de notre \u00e9poque est d'assimiler le mouvement au progr\u00e8s. Celui qui agit est consid\u00e9r\u00e9 comme actif. Celui qui s'arr\u00eate est consid\u00e9r\u00e9 comme passif. Celui qui continue \u00e0 parler est orient\u00e9 vers la solution. Celui qui se tait est consid\u00e9r\u00e9 comme probl\u00e9matique. Ce faisant, on oublie une chose essentielle : tout mouvement ne m\u00e8ne pas forc\u00e9ment vers l'avant. On peut aussi tr\u00e8s vite tourner en rond. Ou s'enfoncer toujours plus profond\u00e9ment dans une impasse.<\/p>\n<p>En cas de crise, cette erreur se renforce. L'immobilisme est per\u00e7u comme une menace, une perte de contr\u00f4le. On continue donc \u00e0 parler, \u00e0 expliquer, \u00e0 r\u00e9agir - bien que l'on s'aper\u00e7oive depuis longtemps que l'on s'\u00e9loigne de plus en plus de la clart\u00e9.<\/p>\n<p>Dans ce contexte, un freeze-out agit comme une violation des r\u00e8gles. Il contredit l'attente d'une pr\u00e9sence permanente. Et c'est pr\u00e9cis\u00e9ment pour cette raison qu'il est si souvent mal compris.<\/p>\n<h3>Pourquoi la distance semble presque suspecte aujourd'hui<\/h3>\n<p>La distance a un probl\u00e8me d'image dans notre culture. Elle est rapidement assimil\u00e9e \u00e0 un manque d'int\u00e9r\u00eat, \u00e0 une d\u00e9valorisation ou \u00e0 une froideur \u00e9motionnelle. Dans les relations en particulier, la peur na\u00eet alors : si je prends mes distances maintenant, j'envoie un mauvais signal.<\/p>\n<p>Cette crainte n'est pas infond\u00e9e, car la communication est aujourd'hui tellement condens\u00e9e que toute lacune est imm\u00e9diatement interpr\u00e9t\u00e9e. Le silence n'est pas compris comme un espace, mais comme une d\u00e9claration. Et celui qui ne dit rien est cens\u00e9 avoir d\u00e9j\u00e0 tout dit. Cela conduit \u00e0 une situation paradoxale : les gens restent en conversation alors qu'ils sont vides \u00e0 l'int\u00e9rieur. Ils discutent alors qu'ils ne per\u00e7oivent plus rien. Ils expliquent alors qu'ils ne se comprennent plus eux-m\u00eames. Et tout cela uniquement pour ne pas donner un \u201emauvais signe\u201c.<\/p>\n<p>Pourtant, le vrai mauvais signe est souvent celui-l\u00e0 : continuer \u00e0 avancer alors qu'int\u00e9rieurement, on a perdu pied depuis longtemps.<\/p>\n<p><img loading=\"lazy\" decoding=\"async\" class=\"alignnone wp-image-4470 size-large\" src=\"https:\/\/www.markus-schall.de\/wp-content\/uploads\/Freezeout-Selbstreflexion.jpg\" alt=\"Prise de recul et autor\u00e9flexion\" width=\"1024\" height=\"683\" srcset=\"https:\/\/www.markus-schall.de\/wp-content\/uploads\/Freezeout-Selbstreflexion.jpg 1024w, https:\/\/www.markus-schall.de\/wp-content\/uploads\/Freezeout-Selbstreflexion-300x200.jpg 300w, https:\/\/www.markus-schall.de\/wp-content\/uploads\/Freezeout-Selbstreflexion-768x512.jpg 768w, https:\/\/www.markus-schall.de\/wp-content\/uploads\/Freezeout-Selbstreflexion-18x12.jpg 18w\" sizes=\"auto, (max-width: 1024px) 100vw, 1024px\" \/><\/p>\n<h3>La distance comme forme de responsabilit\u00e9<\/h3>\n<p>Prendre du recul ne signifie pas se soustraire \u00e0 ses responsabilit\u00e9s. Au contraire, elle peut \u00eatre l'expression d'une responsabilit\u00e9 plus profonde. Responsabilit\u00e9 non pas au sens de <em>\u201eJe peux tout supporter\u201c<\/em>, mais dans le sens de<\/p>\n<blockquote><p><em>\u201eJe n'agis pas tant que je n'ai pas confiance en moi\u201c.\u201c<\/em>.<\/p><\/blockquote>\n<p>C'est une diff\u00e9rence subtile mais d\u00e9cisive.<\/p>\n<p>Celui qui continue \u00e0 prendre des d\u00e9cisions dans le chaos int\u00e9rieur n'assume aucune responsabilit\u00e9 - il r\u00e9partit les risques. Il reporte l'incertitude \u00e0 l'ext\u00e9rieur. Il lie d'autres personnes \u00e0 un \u00e9tat qui n'est pas lui-m\u00eame clarifi\u00e9.<\/p>\n<p>Un freeze-out dit au contraire : Je supporte bri\u00e8vement cet \u00e9tat pour pouvoir agir proprement plus tard. Ce n'est pas une faiblesse. C'est de l'autogestion.<\/p>\n<h3>La peur de tourner au ralenti<\/h3>\n<p>Une autre raison pour laquelle il est si difficile de prendre du recul est la peur du vide. Dans le silence, des questions que l'on a r\u00e9ussi \u00e0 masquer dans la vie quotidienne surgissent. Des doutes qui n'avaient pas leur place. Des pens\u00e9es qui mettent mal \u00e0 l'aise.<\/p>\n<p>L'\u00e9change permanent prot\u00e8ge de ces questions. Il maintient le niveau de bruit int\u00e9rieur \u00e9lev\u00e9. La distance, en revanche, le fait baisser. Et soudain, on entend des choses que l'on ne voulait pas entendre depuis longtemps.<\/p>\n<p>Beaucoup de gens \u00e9vitent ce moment, non pas par l\u00e2chet\u00e9, mais parce qu'ils sont d\u00e9pass\u00e9s. Car celui qui s'arr\u00eate vraiment une fois ne peut pas garantir que tout continuera ensuite comme avant. Et c'est justement l\u00e0 que r\u00e9side la v\u00e9ritable force explosive de la distance : elle rend le changement possible sans le forcer.<\/p>\n<h3>Pas de retraite pour toujours<\/h3>\n<p>Il est important \u00e0 ce stade d'\u00e9tablir une classification claire : la distance n'est pas un \u00e9tat permanent. Un freeze-out n'est pas un mod\u00e8le de vie. C'est une phase, pas un objectif. Celui qui s'abstient durablement perd le contact - avec les autres et, un jour ou l'autre, avec lui-m\u00eame. La valeur de l'\u00e9loignement r\u00e9side dans sa limitation. Dans la d\u00e9cision consciente de ne pas r\u00e9agir, de ne pas clarifier, de ne pas fonctionner pendant un certain temps.<\/p>\n<p>Et ensuite - avec plus d'ordre int\u00e9rieur - d'entrer \u00e0 nouveau en relation. Ou m\u00eame de prendre une d\u00e9cision qui n'\u00e9tait pas possible auparavant.<\/p>\n<h3>La distance comme contre-mouvement culturel<\/h3>\n<p>A une \u00e9poque qui mise sur une pr\u00e9sence permanente, la distance est presque un contre-mouvement. Non pas par protestation, mais par n\u00e9cessit\u00e9. Elle est un rappel que la clart\u00e9 ne na\u00eet pas de la vitesse, mais de la profondeur.<\/p>\n<p>C'est peut-\u00eatre l'une des raisons pour lesquelles la distance semble si inhabituelle aujourd'hui : elle exige quelque chose que nous ne pratiquons plus gu\u00e8re - de la patience envers nous-m\u00eames. Et le courage de ne rien faire pendant un moment, afin de pouvoir faire ce qu'il faut plus tard.<\/p>\n<p>Dans le prochain chapitre, nous verrons \u00e0 quoi peut ressembler la distance de mani\u00e8re tr\u00e8s pratique - sans dramatisation, sans grands gestes, sans m\u00e9canique de conseil. Mais comme une pratique simple et r\u00e9alisable, qui cr\u00e9e de l'espace dans la t\u00eate plut\u00f4t que de nouvelles exigences.<\/p>\n<h3>Prendre du recul - trouver la clart\u00e9<\/h3>\n<p>Dans cette vid\u00e9o, il est question d'un \u00e9l\u00e9ment souvent sous-estim\u00e9 dans la vie quotidienne : la distance consciente. Nous te montrons pourquoi la distance n'est pas forc\u00e9ment un repli sur soi, mais peut \u00eatre une condition pour retrouver le calme int\u00e9rieur, la clart\u00e9 et l'\u00e9quilibre.<\/p>\n<div class=\"lyte-wrapper\" style=\"width:640px;max-width:100%;margin:5px;\"><div class=\"lyMe\" id=\"WYL_YIwZJOQUsHE\"><div id=\"lyte_YIwZJOQUsHE\" data-src=\"https:\/\/www.markus-schall.de\/wp-content\/plugins\/wp-youtube-lyte\/lyteCache.php?origThumbUrl=%2F%2Fi.ytimg.com%2Fvi%2FYIwZJOQUsHE%2Fhqdefault.jpg\" class=\"pL\"><div class=\"tC\"><div class=\"tT\"><\/div><\/div><div class=\"play\"><\/div><div class=\"ctrl\"><div class=\"Lctrl\"><\/div><div class=\"Rctrl\"><\/div><\/div><\/div><noscript><a href=\"https:\/\/youtu.be\/YIwZJOQUsHE\" rel=\"nofollow noopener\" target=\"_blank\"><img loading=\"lazy\" decoding=\"async\" src=\"https:\/\/www.markus-schall.de\/wp-content\/plugins\/wp-youtube-lyte\/lyteCache.php?origThumbUrl=https%3A%2F%2Fi.ytimg.com%2Fvi%2FYIwZJOQUsHE%2F0.jpg\" alt=\"Vignette de la vid\u00e9o YouTube\" width=\"640\" height=\"340\" \/><br \/>Lire cette vid\u00e9o sur YouTube<\/a><\/noscript><\/div><\/div><div class=\"lL\" style=\"max-width:100%;width:640px;margin:5px;\"><\/div><br \/>\nTu peux ainsi prendre du recul et de la distance | <a href=\"https:\/\/www.youtube.com\/@LukasRick\" target=\"_blank\" rel=\"nofollow noopener\">Psychoth\u00e9rapie Lukas Rick<\/a><\/p>\n<p>\u00c0 l'aide d'exemples pratiques et d'impulsions calmes, il s'agit de se d\u00e9tacher temporairement de situations, de pens\u00e9es ou de dynamiques pesantes afin de ressentir \u00e0 nouveau son propre point de vue. La vid\u00e9o compl\u00e8te l'article en montrant des pistes concr\u00e8tes sur la mani\u00e8re dont des limites saines, l'autor\u00e9flexion et la pleine conscience peuvent aider \u00e0 organiser sa vie de mani\u00e8re plus consciente et \u00e0 prendre des d\u00e9cisions viables pour son propre bien-\u00eatre.<\/p>\n<h2>Distance pratique - Comment un freeze-out peut-il se pr\u00e9senter concr\u00e8tement ?<\/h2>\n<p>Lorsque l'on parle de distance, beaucoup pensent imm\u00e9diatement \u00e0 des mesures radicales. A des s\u00e9parations, \u00e0 des arr\u00eats de plusieurs mois, \u00e0 des ruptures de contact compl\u00e8tes. Cela d\u00e9courage - et conduit \u00e0 pr\u00e9f\u00e9rer ne rien changer du tout. Pourtant, la v\u00e9ritable valeur du freeze-out r\u00e9side souvent dans sa simplicit\u00e9.<\/p>\n<p>La distance n'a pas besoin d'\u00eatre spectaculaire. Elle n'a pas besoin d'\u00eatre annonc\u00e9e comme une rupture dans la vie. Dans de nombreux cas, il suffit d'une petite interruption claire de ce qui est habituel pour reprendre son souffle. Ce qui est d\u00e9cisif, ce n'est pas la taille du pas, mais sa cons\u00e9quence.<\/p>\n<p>Un freeze-out n'est pas efficace parce qu'il est dramatique, mais parce qu'il cr\u00e9e de l'espace de mani\u00e8re cons\u00e9quente.<\/p>\n<h3>De courtes pauses - et pourquoi elles suffisent parfois<\/h3>\n<p>Parfois, une tr\u00e8s courte interruption suffit. Une heure sans \u00e9change. Une soir\u00e9e sans conversation. Une promenade sans musique, sans podcast, sans distraction. De telles mini-pauses sont souvent sous-estim\u00e9es, mais elles peuvent \u00eatre \u00e9tonnamment efficaces dans des situations aigu\u00ebs.<\/p>\n<p>C'est dans ces moments-l\u00e0 que les personnes qui sont constamment sous tension remarquent pour la premi\u00e8re fois \u00e0 quel point leur niveau sonore int\u00e9rieur est \u00e9lev\u00e9. Ce n'est que lorsqu'il diminue que l'on se rend compte \u00e0 quel point on \u00e9tait pris dans le mode r\u00e9actionnel.<\/p>\n<p>Ces courtes pauses ne remplacent pas une distance plus profonde, mais elles peuvent \u00eatre un premier test. Une approche prudente pour savoir ce que l'on ressent lorsqu'on ne doit pas r\u00e9agir imm\u00e9diatement.<\/p>\n<h3>Quand un week-end apporte plus que cent conversations<\/h3>\n<p>Dans d'autres cas, une heure ne suffit pas. On sent que la t\u00eate continue de tourner, que les pens\u00e9es ne se calment pas. Il peut alors \u00eatre utile de faire une coupure plus importante - par exemple un week-end seul.<\/p>\n<p>Un changement de lieu fait souvent des merveilles. Non pas parce qu'il r\u00e9sout des probl\u00e8mes, mais parce qu'il interrompt les stimuli habituels. Un autre environnement, d'autres bruits, d'autres processus. Un petit Airbnb, une pension, un endroit o\u00f9 l'on ne doit rien expliquer \u00e0 personne.<\/p>\n<p>L'important n'est pas tant le lieu que l'attitude : ce week-end n'est pas des vacances, mais ce n'est pas non plus une mesure d'optimisation de soi. Il ne s'agit pas de faire des plans ou d'imposer des solutions. Il s'agit de laisser l'espace se cr\u00e9er.<\/p>\n<p>De nombreuses personnes sont surprises de voir \u00e0 quelle vitesse la pression int\u00e9rieure diminue lorsque la dynamique quotidienne dispara\u00eet. Tout ne devient pas clair - mais certaines choses deviennent plus silencieuses. Et c'est souvent le premier pas vers la clart\u00e9.<\/p>\n<h3>Ce qu'il faut d\u00e9lib\u00e9r\u00e9ment laisser de c\u00f4t\u00e9 pendant cette p\u00e9riode<\/h3>\n<p>Un freeze-out n'est pas un projet. Il n'a pas besoin de programme ni de plan. Au contraire : plus on essaie de l\u201e\u201cutiliser\", plus vite il perd de son efficacit\u00e9. Il y a quelques choses \u00e0 \u00e9viter sciemment pendant cette phase :<\/p>\n<ul>\n<li>aucune d\u00e9cision de principe<\/li>\n<li>pas de longs d\u00e9bats internes<\/li>\n<li>pas de justifications mentales vis-\u00e0-vis des autres<\/li>\n<li>pas d'entretiens d'essai mentaux<\/li>\n<\/ul>\n<p>Tout cela maintient l'ancien mode en vie. On reste int\u00e9rieurement dans la relation, dans le conflit, dans le probl\u00e8me - m\u00eame si l'on a pris du recul ext\u00e9rieurement.<\/p>\n<p>Le but du freeze-out n'est pas de penser \u00e0 la situation, mais de percevoir son propre \u00e9tat.<\/p>\n<h3>Percevoir plut\u00f4t qu'analyser<\/h3>\n<p>De nombreuses personnes ont l'habitude d'aborder les probl\u00e8mes de mani\u00e8re analytique. C'est une force - dans les phases de stabilit\u00e9. En cas de crise, elle peut devenir un pi\u00e8ge. Car l'analyse sans calme int\u00e9rieur conduit rarement \u00e0 des prises de conscience. Elle ne fait g\u00e9n\u00e9ralement que produire d'autres boucles de pens\u00e9es. Dans la phase de recul, il s'agit donc d'autre chose : de percevoir.<\/p>\n<ul>\n<li>Comment le corps se sent-il lorsqu'il n'y a pas d'\u00e9change ?<\/li>\n<li>L'agitation int\u00e9rieure diminue-t-elle ou augmente-t-elle ?<\/li>\n<li>Certaines pens\u00e9es reviennent-elles sans cesse - ou disparaissent-elles ?<\/li>\n<\/ul>\n<p>Ces observations sont souvent plus parlantes que n'importe quelle analyse. Elles montrent o\u00f9 se situe la v\u00e9ritable tension. Non pas de mani\u00e8re logique, mais de mani\u00e8re perceptible.<\/p>\n<h3>Ne pas forcer une clarification imm\u00e9diate<\/h3>\n<p>Une erreur fr\u00e9quente consiste \u00e0 consid\u00e9rer le freeze-out comme une pr\u00e9paration \u00e0 un \u201egrand entretien de clarification\u201c. Cela cr\u00e9e une pression - et fait revenir la dynamique trop t\u00f4t. La clart\u00e9 ne se fait pas sur commande. Elle se produit souvent de mani\u00e8re indirecte. On remarque soudain que certains th\u00e8mes perdent de leur importance. Ou que d'autres questions passent au premier plan, alors qu'elles \u00e9taient \u00e0 peine visibles auparavant.<\/p>\n<p>Ce d\u00e9placement doit \u00eatre pris au s\u00e9rieux. Il n'est pas le signe d'un refoulement, mais d'une r\u00e9organisation. Si on le recouvre trop t\u00f4t de discussions, on risque de retomber dans les anciens sch\u00e9mas.<\/p>\n<h3>Le bon moment pour rentrer<\/h3>\n<p>La distance ne se termine pas automatiquement apr\u00e8s un certain temps. Il n'y a pas de mesure fixe. Le bon moment pour revenir dans l'\u00e9change se reconna\u00eet souvent au fait que l'on n'est plus oblig\u00e9, mais que l'on peut.<\/p>\n<p>On sent que l'on peut \u00e0 nouveau \u00e9couter sans se perdre. Que l'on peut parler sans avoir \u00e0 se justifier. Que l'on peut poser des questions sans avoir besoin de r\u00e9ponses imm\u00e9diates.<\/p>\n<p>Ce n'est pas un \u00e9tat parfait. Mais il est suffisamment stable pour permettre d'entrer \u00e0 nouveau en relation - que ce soit sous la forme d'une discussion, d'une d\u00e9cision ou m\u00eame d'une s\u00e9paration, qui ne se fait alors pas sous le coup de l'\u00e9motion.<\/p>\n<h3>La distance comme pratique reproductible<\/h3>\n<p>Un freeze-out n'est pas un outil unique. Il peut faire partie d'une gestion plus consciente des crises. Non pas comme un automatisme, mais comme une option. Comme une possibilit\u00e9 que l'on conna\u00eet et que l'on peut utiliser lorsque l'on constate que la vue se r\u00e9tr\u00e9cit \u00e0 nouveau.<\/p>\n<p>Avec le recul, de nombreuses personnes racontent qu'elles auraient souhait\u00e9 franchir ce pas plus t\u00f4t. Non pas parce qu'elle aurait tout r\u00e9solu, mais parce qu'elle leur aurait \u00e9vit\u00e9 de se perdre pendant une longue p\u00e9riode.<\/p>\n<p><img loading=\"lazy\" decoding=\"async\" class=\"alignnone wp-image-4204 size-large\" src=\"https:\/\/www.markus-schall.de\/wp-content\/uploads\/KI-fuer-Einsteiger-Smartphone.jpg\" alt=\"\" width=\"1024\" height=\"683\" srcset=\"https:\/\/www.markus-schall.de\/wp-content\/uploads\/KI-fuer-Einsteiger-Smartphone.jpg 1024w, https:\/\/www.markus-schall.de\/wp-content\/uploads\/KI-fuer-Einsteiger-Smartphone-300x200.jpg 300w, https:\/\/www.markus-schall.de\/wp-content\/uploads\/KI-fuer-Einsteiger-Smartphone-768x512.jpg 768w, https:\/\/www.markus-schall.de\/wp-content\/uploads\/KI-fuer-Einsteiger-Smartphone-18x12.jpg 18w\" sizes=\"auto, (max-width: 1024px) 100vw, 1024px\" \/><\/p>\n<h2>L'autor\u00e9flexion avec l'IA - un espace de r\u00e9flexion moderne en freeze-out<\/h2>\n<p>Un freeze-out ne signifie pas que l'on est compl\u00e8tement repli\u00e9 sur soi-m\u00eame. S'\u00e9loigner des gens ne signifie pas n\u00e9cessairement s'\u00e9loigner de la r\u00e9flexion. C'est justement lorsqu'on est seul qu'il peut \u00eatre utile de structurer le dialogue int\u00e9rieur - non pas par la distraction, mais par un vis-\u00e0-vis qui \u00e9coute sans r\u00e9agir, sans porter de jugement ou avoir des attentes.<\/p>\n<p>C'est l\u00e0 que l'IA, bien utilis\u00e9e, peut jouer un r\u00f4le \u00e9tonnamment utile. Non pas comme un conseiller, non pas comme un substitut \u00e0 ses propres d\u00e9cisions, mais comme un miroir. Comme un outil permettant de mettre de l'ordre dans ses pens\u00e9es, de rendre visibles les taches aveugles et de reconna\u00eetre les relations de cause \u00e0 effet plus rapidement que l'on ne peut souvent le faire en ruminant en silence.<\/p>\n<h3>Pourquoi les conversations avec soi-m\u00eame tournent souvent en rond dans la t\u00eate<\/h3>\n<p>De nombreuses personnes utilisent l'espace pour \u201er\u00e9fl\u00e9chir\u201c. Mais ce qu'elles font souvent, c'est autre chose : elles r\u00e9p\u00e8tent les m\u00eames boucles de pens\u00e9es. Toujours les m\u00eames arguments, les m\u00eames justifications, les m\u00eames soucis. Ce n'est pas de la vraie r\u00e9flexion, mais de l'auto-occupation mentale.<\/p>\n<p>La raison en est simple : notre propre t\u00eate pose rarement de nouvelles questions. Elle confirme ce qu'elle sait d\u00e9j\u00e0. C'est justement en cas de crise que l'on a des pr\u00e9jug\u00e9s internes - pour certaines explications, contre d'autres. L'IA peut ici combler une lacune, non pas parce qu'elle serait plus intelligente, mais parce qu'elle pose des questions diff\u00e9rentes.<\/p>\n<h3>L'IA comme interlocuteur structur\u00e9<\/h3>\n<p>Le grand avantage de l'IA dans une phase de freeze-out r\u00e9side dans sa neutralit\u00e9. Elle n'est pas impliqu\u00e9e \u00e9motionnellement. Elle ne se sent pas attaqu\u00e9e. Elle ne r\u00e9agit pas sur la d\u00e9fensive. Et elle est disponible \u00e0 tout moment, sans faire de revendications.<\/p>\n<p>Lorsque l'on commence \u00e0 d\u00e9crire sa propre situation \u00e0 l'IA - calmement, objectivement, sans dramatiser -, il se produit souvent rapidement quelque chose de difficilement accessible dans la t\u00eate seule : la structure. Les pens\u00e9es qui \u00e9taient diffuses auparavant deviennent plus tangibles. Les contradictions deviennent visibles. Et parfois, on r\u00e9alise soudain que l'on tourne en rond depuis des semaines autour d'une question que l'on n'a jamais formul\u00e9e clairement.<\/p>\n<h3>Aller plus vite au c\u0153ur du sujet - sans raccourcis<\/h3>\n<p>Une objection fr\u00e9quente est la suivante : \u201eIl faut clarifier cela soi-m\u00eame\u201c. C'est vrai - mais clarifier ne signifie pas tout d\u00e9couvrir seul. L'IA ne prend pas de d\u00e9cisions \u00e0 votre place. Elle ne remplace pas la responsabilit\u00e9. Mais elle peut aider \u00e0 aller plus vite \u00e0 l'essentiel.<\/p>\n<p>Cela est particuli\u00e8rement \u00e9vident dans le domaine professionnel. De nombreuses personnes ressentent de l'insatisfaction, mais ne peuvent pas mettre le doigt sur la cause. Est-ce l'activit\u00e9 ? La structure ? La responsabilit\u00e9 ? Ou le niveau d'exigence personnel ? Un entretien d'IC bien men\u00e9 peut s\u00e9parer ces niveaux et rendre visible ce qui autrement se confondrait.<\/p>\n<p>Il en va de m\u00eame dans le domaine priv\u00e9. Au lieu de penser globalement \u201etout cela ne va plus\u201c, l'IA permet de diff\u00e9rencier : Qu'est-ce qui ne va pas ? Depuis quand ? Dans quelles situations en particulier ? De telles questions sont inconfortables - mais elles font bouger les structures de pens\u00e9e fig\u00e9es.<\/p>\n<h3>Pas une th\u00e9rapie, mais un outil efficace<\/h3>\n<p>Il est important d'\u00e9tablir une classification claire : l'IA n'est pas une th\u00e9rapie. Elle ne remplace ni l'aide professionnelle ni les discussions humaines lorsqu'elles sont n\u00e9cessaires. Mais c'est un outil que l'on sous-estime si on ne l'utilise que comme source d'informations.<\/p>\n<p>Bien utilis\u00e9e, l'IA peut aider \u00e0 acc\u00e9l\u00e9rer les processus internes sans les raccourcir. Elle oblige \u00e0 la formulation. Et celui qui formule quelque chose doit l'avoir compris, au moins dans les grandes lignes. De nombreuses connaissances ne r\u00e9sultent pas de r\u00e9ponses, mais de l'\u00e9nonc\u00e9 de la bonne question.<\/p>\n<hr \/>\n<h3>Derni\u00e8re enqu\u00eate sur l'utilisation des syst\u00e8mes d'IA locaux<\/h3>\n<div class='bootstrap-yop yop-poll-mc'>\n\t\t\t\t\t\t\t<div class=\"basic-yop-poll-container\" style=\"background-color:#ffffff; border:0px; border-style:solid; border-color:#000000; border-radius:5px; padding:0px 5px;\" data-id=\"9\" data-temp=\"basic-pretty\" data-skin=\"square\" data-cscheme=\"blue\" data-cap=\"0\" data-access=\"guest\" data-tid=\"\" data-uid=\"a5bb67d03ce393be5af0a515ef40195f\" data-pid=\"5212\" data-resdet=\"votes-number,percentages\" data-show-results-to=\"guest\" data-show-results-moment=\"after-vote\" data-show-results-only=\"false\" data-show-message=\"true\" data-show-results-as=\"bar\" data-sort-results-by=\"as-defined\" data-sort-results-rule=\"asc\"data-is-ended=\"0\" data-percentages-decimals=\"2\" data-gdpr=\"no\" data-gdpr-sol=\"consent\" data-css=\".basic-yop-poll-container[data-uid] .basic-vote {\t\t\t\t\t\t\t\t\ttext-align: center;\t\t\t\t\t\t\t\t}\" data-counter=\"0\" data-load-with=\"1\" data-notification-section=\"top\"><div class=\"row\"><div class=\"col-md-12\"><div class=\"basic-inner\"><div class=\"basic-message hide\" style=\"border-left: 10px solid #008000; padding: 0px 10px;\" data-error=\"#ff0000\" data-success=\"#008000\"><p class=\"basic-message-text\" style=\"color:#000000; font-size:14px; font-weight:normal;\"><\/p><\/div><div class=\"basic-overlay hide\"><div class=\"basic-vote-options\"><\/div><div class=\"basic-preloader\"><div class=\"basic-windows8\"><div class=\"basic-wBall basic-wBall_1\"><div class=\"basic-wInnerBall\"><\/div><\/div><div class=\"basic-wBall basic-wBall_2\"><div class=\"basic-wInnerBall\"><\/div><\/div><div class=\"basic-wBall basic-wBall_3\"><div class=\"basic-wInnerBall\"><\/div><\/div><div class=\"basic-wBall basic-wBall_4\"><div class=\"basic-wInnerBall\"><\/div><\/div><div class=\"basic-wBall basic-wBall_5\"><div class=\"basic-wInnerBall\"><\/div><\/div><\/div><\/div><\/div><form class=\"basic-form\" action=\"\"><input type=\"hidden\" name=\"_token\" value=\"f124068419\" autocomplete=\"off\"><div class=\"basic-elements\"><div class=\"basic-element basic-question basic-question-text-vertical\" data-id=\"9\" data-uid=\"4bdfaf4434c9b303a76fb62da53b12df\" data-type=\"question\" data-question-type=\"text\" data-required=\"yes\" data-allow-multiple=\"no\" data-min=\"1\" data-max=\"7\" data-display=\"vertical\" data-colnum=\"\" data-display-others=\"no\" data-others-color=\"\" data-others=\"\" data-others-max-chars=\"0\"><div class=\"basic-question-title\"><h5 style=\"color:#000000; font-size:16px; font-weight:normal; text-align:left;\">Quelle est ta position sur les logiciels d'intelligence artificielle fonctionnant en local, comme MLX ou Ollama ?<\/h5><\/div><ul class=\"basic-answers\"><li class=\"basic-answer\" style=\"padding:0px 0px;\" data-id=\"45\" data-type=\"text\" data-vn=\"138\" data-color=\"#000000\" data-make-link=\"no\" data-link=\"\"><div class=\"basic-answer-content basic-text-vertical\"><label for=\"answer[45]\" class=\"basic-answer-label\"><input type=\"radio\" id=\"answer[45]\" name=\"answer[9]\" value=\"45\"><span class=\"basic-text\" style=\"color: #000000; font-size: 14px; font-weight: normal;\">Ing\u00e9nieux - enfin ind\u00e9pendant du cloud<\/span><\/label><\/div><\/li><li class=\"basic-answer\" style=\"padding:0px 0px;\" data-id=\"46\" data-type=\"text\" data-vn=\"25\" data-color=\"#000000\" data-make-link=\"no\" data-link=\"\"><div class=\"basic-answer-content basic-text-vertical\"><label for=\"answer[46]\" class=\"basic-answer-label\"><input type=\"radio\" id=\"answer[46]\" name=\"answer[9]\" value=\"46\"><span class=\"basic-text\" style=\"color: #000000; font-size: 14px; font-weight: normal;\">Int\u00e9ressant, mais (encore) trop compliqu\u00e9<\/span><\/label><\/div><\/li><li class=\"basic-answer\" style=\"padding:0px 0px;\" data-id=\"47\" data-type=\"text\" data-vn=\"28\" data-color=\"#000000\" data-make-link=\"no\" data-link=\"\"><div class=\"basic-answer-content basic-text-vertical\"><label for=\"answer[47]\" class=\"basic-answer-label\"><input type=\"radio\" id=\"answer[47]\" name=\"answer[9]\" value=\"47\"><span class=\"basic-text\" style=\"color: #000000; font-size: 14px; font-weight: normal;\">Je vais bient\u00f4t l'essayer<\/span><\/label><\/div><\/li><li class=\"basic-answer\" style=\"padding:0px 0px;\" data-id=\"48\" data-type=\"text\" data-vn=\"5\" data-color=\"#000000\" data-make-link=\"no\" data-link=\"\"><div class=\"basic-answer-content basic-text-vertical\"><label for=\"answer[48]\" class=\"basic-answer-label\"><input type=\"radio\" id=\"answer[48]\" name=\"answer[9]\" value=\"48\"><span class=\"basic-text\" style=\"color: #000000; font-size: 14px; font-weight: normal;\">Je n'en ai pas besoin - le cloud me suffit<\/span><\/label><\/div><\/li><li class=\"basic-answer\" style=\"padding:0px 0px;\" data-id=\"49\" data-type=\"text\" data-vn=\"4\" data-color=\"#000000\" data-make-link=\"no\" data-link=\"\"><div class=\"basic-answer-content basic-text-vertical\"><label for=\"answer[49]\" class=\"basic-answer-label\"><input type=\"radio\" id=\"answer[49]\" name=\"answer[9]\" value=\"49\"><span class=\"basic-text\" style=\"color: #000000; font-size: 14px; font-weight: normal;\">Je ne sais pas de quoi il s'agit exactement.<\/span><\/label><\/div><\/li><\/ul><\/div><div class=\"clearfix\"><\/div><\/div><div class=\"basic-vote\"><a href=\"#\" class=\"button basic-vote-button\" role=\"button\" style=\"background:#027bb8; border:0px; border-style: solid; border-color:#000000; border-radius:5px; padding:10px 10px; color:#ffffff; font-size:14px; font-weight:normal;\">Votez<\/a><\/div><input type=\"hidden\" name=\"trp-form-language\" value=\"fr\"\/><\/form><\/div><\/div><\/div><\/div>\n\t\t\t\t\t\t<\/div>\n<hr \/>\n<h3>L'attitude d\u00e9termine l'utilit\u00e9<\/h3>\n<p>L'utilit\u00e9 de l'IA dans une phase de freeze-out d\u00e9pend moins de l'outil que de l'attitude. Celui qui utilise l'IA pour obtenir une confirmation rapide ne gagnera pas grand-chose. Celui qui l'utilise pour permettre des questions g\u00eanantes peut aller \u00e9tonnamment loin.<\/p>\n<p>Il est utile de ne pas commencer avec un objectif, mais avec une ouverture d'esprit. Ne pas <em>\u201eDis-moi ce que je dois faire\u201c.\u201c<\/em><\/p>\n<p>Mais plut\u00f4t <em>\u201eAide-moi \u00e0 comprendre ce qui se passe vraiment ici\u201c.\u201c<\/em><\/p>\n<p>Cette attitude convient bien au freeze-out lui-m\u00eame. Tous deux ne sont pas une fuite en avant, mais un mouvement vers l'int\u00e9rieur - soutenu par une structure plut\u00f4t que par une distraction.<\/p>\n<h3>Un espace de r\u00e9flexion moderne et silencieux<\/h3>\n<p>Autrefois, on aurait peut-\u00eatre cherch\u00e9 un mentor, \u00e9crit un journal ou fait de longues promenades. Tout cela a encore de la valeur. L'IA compl\u00e8te ces formes, mais ne les remplace pas. Elle offre un espace de r\u00e9flexion silencieux, disponible \u00e0 tout moment, sans dynamique sociale, sans attente.<\/p>\n<p>C'est justement dans les phases d'\u00e9loignement que cela peut \u00eatre soulageant. On peut essayer des id\u00e9es, les rejeter, les reformuler - sans cons\u00e9quences. Et parfois, c'est justement cette libert\u00e9 qui permet de se rencontrer soi-m\u00eame plus honn\u00eatement qu'on ne pourrait le faire en parlant avec d'autres.<\/p>\n<p>En ce sens, l'IA n'est pas un corps \u00e9tranger dans le freeze-out, mais une extension contemporaine : un outil qui aide non seulement \u00e0 supporter la distance, mais aussi \u00e0 l'utiliser \u00e0 bon escient.<\/p>\n<h2>Ce qui devient possible apr\u00e8s un gel<\/h2>\n<p>La clart\u00e9 s'annonce rarement avec de grands mots. Elle ne vient pas comme une illumination soudaine, comme un plan tout fait et encore moins comme un sentiment euphorique. La plupart du temps, elle est silencieuse. Peu spectaculaire. Presque discr\u00e8te. On la remarque plut\u00f4t \u00e0 ce qui dispara\u00eet qu'\u00e0 ce qui appara\u00eet.<\/p>\n<p>Les pens\u00e9es qui tournaient en permanence perdent de leur urgence. Les conflits, qui semblaient tout \u00e9craser, prennent une dimension r\u00e9aliste. Et les d\u00e9cisions qui semblaient auparavant \u00eatre des obstacles insurmontables semblent soudain g\u00e9rables - non pas parce qu'elles seraient faciles, mais parce que l'on a \u00e0 nouveau confiance en soi. Cette forme de clart\u00e9 n'est pas un objectif, mais un \u00e9tat. Et elle se produit presque toujours de mani\u00e8re indirecte.<\/p>\n<p>Un gel n'a pas besoin d'\u00eatre court pour \u00eatre efficace. Dans mon cas, il a dur\u00e9 bien plus longtemps que ce que beaucoup consid\u00e8rent comme \u201eappropri\u00e9\u201c. Deux \u00e0 trois mois. Pas de contact permanent, pas de \u201ecoup d'\u0153il\u201c \u00e0 demi-mot, mais une distance cons\u00e9quente qui laissait de l'espace - \u00e0 l'int\u00e9rieur comme \u00e0 l'ext\u00e9rieur.<\/p>\n<p>R\u00e9trospectivement, c'est pr\u00e9cis\u00e9ment cette dur\u00e9e qui est d\u00e9cisive. Non pas parce que l'on a constamment pens\u00e9 ou analys\u00e9 pendant cette p\u00e9riode, mais parce que des couches qui s'\u00e9taient superpos\u00e9es pendant des ann\u00e9es peuvent se d\u00e9tacher. Les habitudes. Des images de soi. Des attentes que l'on n'avait jamais choisies consciemment, mais que l'on a tout de m\u00eame satisfaites.<\/p>\n<p>Ce n'est qu'avec ce temps que l'on voit combien de d\u00e9cisions du quotidien reposaient sur des automatismes - et combien peu d'entre elles \u00e9taient vraiment r\u00e9fl\u00e9chies. Dans ce qui suit, je vais d\u00e9crire les exp\u00e9riences que j'ai faites apr\u00e8s mon dernier freeze-out.<\/p>\n<h3>Apprendre \u00e0 se conna\u00eetre \u00e0 nouveau<\/h3>\n<p>Ce qui s'est pass\u00e9 durant cette phase n'\u00e9tait pas tant une r\u00e9orientation qu'un retour aux sources. Avec soi-m\u00eame, mais aussi avec son propre environnement. La famille, les relations famili\u00e8res, le contexte professionnel - tout cela n'a pas \u00e9t\u00e9 r\u00e9\u00e9valu\u00e9 dans le sens de \u201ebon ou mauvais\u201c, mais a \u00e9t\u00e9 reconsid\u00e9r\u00e9.<\/p>\n<p>On reconna\u00eet soudain des mod\u00e8les. Les siens comme ceux des autres. On comprend pourquoi certaines dynamiques reviennent sans cesse. Pourquoi on r\u00e9agit comme on le fait \u00e0 certains stimuli. Et pourquoi certaines choses fonctionnaient certes dans le mod\u00e8le de vie pr\u00e9c\u00e9dent, mais n'\u00e9taient plus soutenues int\u00e9rieurement.<\/p>\n<p>Ce type de prise de conscience ne peut pas \u00eatre forc\u00e9. Elle n'appara\u00eet que si l'on reste immobile suffisamment longtemps pour la percevoir.<\/p>\n<h3>Des d\u00e9cisions sans contre-pression interne<\/h3>\n<p>La plus grande diff\u00e9rence apr\u00e8s un freeze-out prolong\u00e9 est peut-\u00eatre la mani\u00e8re dont les d\u00e9cisions sont prises. Pas plus rapidement. Pas plus faciles. Mais plus calmement. Sans la contre-pression int\u00e9rieure qui accompagnait auparavant chaque r\u00e9flexion. On remarque qu'une d\u00e9cision n'a plus besoin d'\u00eatre d\u00e9fendue - ni devant les autres, ni devant soi-m\u00eame. Elle est simplement l\u00e0. Non pas comme une solution parfaite, mais comme une prochaine \u00e9tape coh\u00e9rente.<\/p>\n<p>Cette coh\u00e9rence est difficile \u00e0 d\u00e9crire, mais facile \u00e0 reconna\u00eetre une fois qu'on l'a v\u00e9cue. Elle n'a rien \u00e0 voir avec l'euphorie. Elle est plut\u00f4t synonyme de calme int\u00e9rieur. Avec le sentiment de ne plus travailler contre soi-m\u00eame.<\/p>\n<h3>La gratitude plut\u00f4t que l'id\u00e9alisation<\/h3>\n<p>Un autre effet de cette lucidit\u00e9 est un changement d'attitude vis-\u00e0-vis de sa propre histoire. Les choses qui apparaissaient auparavant comme des \u00e9checs perdent leurs bords tranchants. Les relations qui n'ont pas dur\u00e9 ne doivent plus \u00eatre transfigur\u00e9es ou d\u00e9valoris\u00e9es. Elles prennent leur place dans le tableau g\u00e9n\u00e9ral.<\/p>\n<p>M\u00eame le freeze-out lui-m\u00eame n'appara\u00eet pas r\u00e9trospectivement comme un \u00e9tat d'exception, mais comme une phase n\u00e9cessaire. Non pas comme une rupture, mais comme une transition. Et c'est exactement comme cela qu'il faut le comprendre : comme une p\u00e9riode qui a rendu possible quelque chose qui ne l'\u00e9tait pas auparavant.<\/p>\n<p>La gratitude ne na\u00eet pas ici du romantisme, mais de la compr\u00e9hension.<\/p>\n<p><img loading=\"lazy\" decoding=\"async\" class=\"alignnone wp-image-4471 size-large\" src=\"https:\/\/www.markus-schall.de\/wp-content\/uploads\/Freezeout-Ergebnis.jpg\" alt=\"Possibilit\u00e9s apr\u00e8s un freezeout\" width=\"1024\" height=\"683\" srcset=\"https:\/\/www.markus-schall.de\/wp-content\/uploads\/Freezeout-Ergebnis.jpg 1024w, https:\/\/www.markus-schall.de\/wp-content\/uploads\/Freezeout-Ergebnis-300x200.jpg 300w, https:\/\/www.markus-schall.de\/wp-content\/uploads\/Freezeout-Ergebnis-768x512.jpg 768w, https:\/\/www.markus-schall.de\/wp-content\/uploads\/Freezeout-Ergebnis-18x12.jpg 18w\" sizes=\"auto, (max-width: 1024px) 100vw, 1024px\" \/><\/p>\n<h3>La responsabilit\u00e9 repens\u00e9e<\/h3>\n<p>Apr\u00e8s un freeze-out, la notion de responsabilit\u00e9 change souvent. La responsabilit\u00e9 ne consiste plus \u00e0 tout supporter ou \u00e0 aller jusqu'au bout. Elle implique de faire des choix conscients, m\u00eame si ces choix sont inconfortables.<\/p>\n<p>On se rend compte que la responsabilit\u00e9 \u00e0 long terme consiste parfois \u00e0 s'arr\u00eater \u00e0 court terme. Que la clart\u00e9 est plus pr\u00e9cieuse que la vitesse. Et que les d\u00e9cisions prises dans l'ordre int\u00e9rieur sont plus viables que celles qui sont prises sous la pression.<\/p>\n<p>Cette attitude se r\u00e9percute sur tous les domaines de la vie. Sur les relations. Sur les parcours professionnels. Sur le rapport \u00e0 soi-m\u00eame.<\/p>\n<p>Le gel n'est pas une solution miracle. Il ne garantit rien. Il ne remplace ni les discussions ni les d\u00e9cisions. Mais il cr\u00e9e les conditions pour que le d\u00e9bat soit utile et les d\u00e9cisions honn\u00eates.<\/p>\n<p>Tout le monde n'a pas besoin de mois. Toutes les crises ne demandent pas le m\u00eame recul. Mais la volont\u00e9 de prendre son temps est souvent ce qui fait la diff\u00e9rence entre r\u00e9agir et cr\u00e9er.<\/p>\n<h3>Conseil de lecture : Les crises comme tournants - apprendre, grandir, cr\u00e9er<\/h3>\n<figure id=\"attachment_2437\" aria-describedby=\"caption-attachment-2437\" style=\"width: 210px\" class=\"wp-caption alignright\"><a href=\"https:\/\/schall-verlag.de\/buch-krisen.php\" target=\"_blank\" rel=\"noopener\"><img loading=\"lazy\" decoding=\"async\" class=\"wp-image-2437\" src=\"https:\/\/www.markus-schall.de\/wp-content\/uploads\/Krisen-Cover-Front-DEjpg.jpg\" alt=\"Livre &#039;Krisen als Wendepunkte - lernen, wachsen, gestalten&#039; (Les crises comme tournants - apprendre, grandir, cr\u00e9er)\" width=\"220\" height=\"315\" srcset=\"https:\/\/www.markus-schall.de\/wp-content\/uploads\/Krisen-Cover-Front-DEjpg.jpg 838w, https:\/\/www.markus-schall.de\/wp-content\/uploads\/Krisen-Cover-Front-DEjpg-210x300.jpg 210w, https:\/\/www.markus-schall.de\/wp-content\/uploads\/Krisen-Cover-Front-DEjpg-715x1024.jpg 715w, https:\/\/www.markus-schall.de\/wp-content\/uploads\/Krisen-Cover-Front-DEjpg-768x1100.jpg 768w, https:\/\/www.markus-schall.de\/wp-content\/uploads\/Krisen-Cover-Front-DEjpg-8x12.jpg 8w\" sizes=\"auto, (max-width: 220px) 100vw, 220px\" \/><\/a><figcaption id=\"caption-attachment-2437\" class=\"wp-caption-text\">Les crises comme points d'inflexion<\/figcaption><\/figure>\n<p>Pour ceux qui souhaitent approfondir les r\u00e9flexions de cet article, le livre <a href=\"https:\/\/schall-verlag.de\/buch-krisen.php\" target=\"_blank\" rel=\"noopener\"><em><strong>Les crises comme points d'inflexion - apprendre, grandir, cr\u00e9er<\/strong><\/em><\/a> une suite logique. Le livre commence l\u00e0 o\u00f9 le freeze-out commence : par une r\u00e9flexion sinc\u00e8re sur soi-m\u00eame, au-del\u00e0 de l'activisme et des slogans d'endurance. Il associe des exp\u00e9riences personnelles \u00e0 des mod\u00e8les de pens\u00e9e clairs et montre comment les crises peuvent se transformer en v\u00e9ritables d\u00e9cisions d'orientation.<\/p>\n<p>Un accent particulier est mis sur l'autor\u00e9flexion moderne avec l'IA - non pas comme substitut \u00e0 la pens\u00e9e personnelle, mais comme outil structur\u00e9 permettant d'aller plus rapidement \u00e0 l'essentiel et de prendre des d\u00e9cisions viables pour la prochaine \u00e9tape de la vie.<\/p>\n<h3>Un bouleversement silencieux mais durable<\/h3>\n<p>Le point peut-\u00eatre le plus important pour conclure est celui-ci : les plus grands bouleversements dans la vie sont souvent les plus discrets. Ils ne se produisent pas dans des moments d'activit\u00e9 maximale, mais dans des phases de retrait. Non pas lorsque l'on pense avoir tout sous contr\u00f4le, mais lorsque l'on est pr\u00eat \u00e0 l\u00e2cher le contr\u00f4le un instant.<\/p>\n<p>Le freeze-out a \u00e9t\u00e9 pour moi un tel bouleversement. Pas dramatique, pas bruyant - mais durable. Il n'a pas tout r\u00e9solu. Mais il a ouvert les yeux. Et cela suffit souvent pour faire le prochain pas dans la bonne direction.<\/p>\n<p>Parfois, la distance n'est pas un retrait. C'est au contraire le d\u00e9but d'une orientation.<\/p>\n<hr \/>\n\n\t\t\t<div class=\"display-post-types\">\n\n\t\t\t\t\t\t\t<style type=\"text\/css\">\n\t\t\t#dpt-wrapper-105 { --dpt-text-align: left;--dpt-image-crop: center;--dpt-border-radius: 5px;--dpt-h-gutter: 10px;--dpt-v-gutter: 9px; }\t\t\t<\/style>\n\t\t\t<style type=\"text\/css\">#dpt-wrapper-105 { --dpt-title-font-style:normal;--dpt-title-font-weight:600;--dpt-title-line-height:1.5;--dpt-title-text-decoration:none;--dpt-title-text-transform:none;--dpt-excerpt-font-style:normal;--dpt-excerpt-font-weight:400;--dpt-excerpt-line-height:1.5;--dpt-excerpt-text-decoration:none;--dpt-excerpt-text-transform:none;--dpt-meta1-font-style:normal;--dpt-meta1-font-weight:400;--dpt-meta1-line-height:1.9;--dpt-meta1-text-decoration:none;--dpt-meta1-text-transform:none;--dpt-meta2-font-style:normal;--dpt-meta2-font-weight:400;--dpt-meta2-line-height:1.9;--dpt-meta2-text-decoration:none;--dpt-meta2-text-transform:none; }<\/style><div class=\"dpt-main-header\">\n\t\t\t\t\t\t<div class=\"dpt-main-title\">\n\t\t\t\t\t\t\t<span class=\"dpt-main-title-text\">Th\u00e8mes de soci\u00e9t\u00e9 contemporains<\/span>\n\t\t\t\t\t\t<\/div>\n\t\t\t\t\t\t\n\t\t\t\t\t\t\n\t\t\t\t\t\t\n\t\t\t\t\t\t<\/div>\t\t\t\n\t\t\t\t<div id=\"dpt-wrapper-105\" class=\"dpt-wrapper dpt-mag1 land1 dpt-cropped dpt-flex-wrap\" >\n\n\t\t\t\t\t\t\t\t\t\t\t<div class=\"dpt-entry has-thumbnail\" data-title=\"woher stammt sars-cov-2? ein sachlicher \u00dcberblick \u00fcber alle corona-theorien\" data-id=\"3521\"  data-category=\"allgemein gesellschaft gesundheit\" data-post_tag=\"deutschland gesundheit krisen sicherheitspolitik\">\n\t\t\t\t\t\t\t<div class=\"dpt-entry-wrapper\"><div class=\"dpt-featured-content\"><div class=\"dpt-permalink\"><a href=\"https:\/\/www.markus-schall.de\/fr\/2025\/11\/dou-vient-sars-cov-2-un-apercu-factuel-de-toutes-les-theories-corona\/\" class=\"dpt-permalink\"><span class=\"screen-reader-text\">D'o\u00f9 vient le SRAS-CoV-2 ? Un aper\u00e7u factuel de toutes les th\u00e9ories Corona<\/span><\/a><\/div><div class=\"dpt-thumbnail\"><div class=\"dpt-thumbnail-inner\"><img width=\"1024\" height=\"728\" class=\"attachment-full size-full\" alt=\"SARS-CoV-2 - Corona\" context=\"dpt\" data-dpt-src=\"https:\/\/www.markus-schall.de\/wp-content\/uploads\/sars-covii-corona.jpg\" data-dpt-sizes=\"(max-width: 1024px) 100vw, 1024px\" data-dpt-srcset=\"https:\/\/www.markus-schall.de\/wp-content\/uploads\/sars-covii-corona.jpg 1024w, https:\/\/www.markus-schall.de\/wp-content\/uploads\/sars-covii-corona-300x213.jpg 300w, https:\/\/www.markus-schall.de\/wp-content\/uploads\/sars-covii-corona-768x546.jpg 768w, https:\/\/www.markus-schall.de\/wp-content\/uploads\/sars-covii-corona-18x12.jpg 18w\" \/><\/div><span class=\"dpt-thumbnail-aspect-ratio\" style=\"padding-top: 75%\"><\/span><\/div><\/div><div class=\"sub-entry\"><h3 class=\"dpt-title\"><a class=\"dpt-title-link\" href=\"https:\/\/www.markus-schall.de\/fr\/2025\/11\/dou-vient-sars-cov-2-un-apercu-factuel-de-toutes-les-theories-corona\/\" rel=\"bookmark\">D'o\u00f9 vient le SRAS-CoV-2 ? Un aper\u00e7u factuel de toutes les th\u00e9ories Corona<\/a><\/h3><\/div><\/div>\n\t\t\t\t\t\t<\/div><!-- .dpt-entry -->\n\t\t\t\t\t\t\t\t\t\t\t\t<div class=\"dpt-entry has-thumbnail\" data-title=\"warum ein eigenes magazin f\u00fcr unternehmen heute wichtiger ist als werbung\" data-id=\"4476\"  data-category=\"gesellschaft ki-systeme tipps &amp; anleitungen\" data-post_tag=\"datenlogik datenschutz digitales eigentum k\u00fcnstliche intelligenz ratgeber\">\n\t\t\t\t\t\t\t<div class=\"dpt-entry-wrapper\"><div class=\"dpt-featured-content\"><div class=\"dpt-permalink\"><a href=\"https:\/\/www.markus-schall.de\/fr\/2026\/01\/pourquoi-un-magazine-dentreprise-est-aujourdhui-plus-important-que-la-publicite\/\" class=\"dpt-permalink\"><span class=\"screen-reader-text\">Pourquoi avoir son propre magazine est aujourd'hui plus important pour les entreprises que la publicit\u00e9<\/span><\/a><\/div><div class=\"dpt-thumbnail\"><div class=\"dpt-thumbnail-inner\"><img width=\"1024\" height=\"683\" class=\"attachment-full size-full\" alt=\"Magazine en tant que propri\u00e9t\u00e9\" context=\"dpt\" data-dpt-src=\"https:\/\/www.markus-schall.de\/wp-content\/uploads\/magazin-gastbeitraege.jpg\" data-dpt-sizes=\"(max-width: 1024px) 100vw, 1024px\" data-dpt-srcset=\"https:\/\/www.markus-schall.de\/wp-content\/uploads\/magazin-gastbeitraege.jpg 1024w, https:\/\/www.markus-schall.de\/wp-content\/uploads\/magazin-gastbeitraege-300x200.jpg 300w, https:\/\/www.markus-schall.de\/wp-content\/uploads\/magazin-gastbeitraege-768x512.jpg 768w, https:\/\/www.markus-schall.de\/wp-content\/uploads\/magazin-gastbeitraege-18x12.jpg 18w\" \/><\/div><span class=\"dpt-thumbnail-aspect-ratio\" style=\"padding-top: 75%\"><\/span><\/div><\/div><div class=\"sub-entry\"><h3 class=\"dpt-title\"><a class=\"dpt-title-link\" href=\"https:\/\/www.markus-schall.de\/fr\/2026\/01\/pourquoi-un-magazine-dentreprise-est-aujourdhui-plus-important-que-la-publicite\/\" rel=\"bookmark\">Pourquoi avoir son propre magazine est aujourd'hui plus important pour les entreprises que la publicit\u00e9<\/a><\/h3><\/div><\/div>\n\t\t\t\t\t\t<\/div><!-- .dpt-entry -->\n\t\t\t\t\t\t\t\t\t\t\t\t<div class=\"dpt-entry has-thumbnail\" data-title=\"was unsere opas vom krieg erz\u00e4hlten \u2013 und warum diese stimmen heute fehlen\" data-id=\"4674\"  data-category=\"allgemein gesellschaft\" data-post_tag=\"deutschland erfahrungen europa geopolitik krisen meinungsfreiheit musik sicherheitspolitik\">\n\t\t\t\t\t\t\t<div class=\"dpt-entry-wrapper\"><div class=\"dpt-featured-content\"><div class=\"dpt-permalink\"><a href=\"https:\/\/www.markus-schall.de\/fr\/2026\/01\/ce-que-nos-grands-peres-racontaient-de-la-guerre-et-pourquoi-ces-voix-manquent-aujourdhui\/\" class=\"dpt-permalink\"><span class=\"screen-reader-text\">Ce que nos grands-p\u00e8res racontaient de la guerre - et pourquoi ces voix manquent aujourd'hui<\/span><\/a><\/div><div class=\"dpt-thumbnail\"><div class=\"dpt-thumbnail-inner\"><img width=\"1024\" height=\"683\" class=\"attachment-full size-full\" alt=\"M\u00e9moires de guerre des grands-p\u00e8res\" context=\"dpt\" data-dpt-src=\"https:\/\/www.markus-schall.de\/wp-content\/uploads\/Opa-Kriegserinnerungen.jpg\" data-dpt-sizes=\"(max-width: 1024px) 100vw, 1024px\" data-dpt-srcset=\"https:\/\/www.markus-schall.de\/wp-content\/uploads\/Opa-Kriegserinnerungen.jpg 1024w, https:\/\/www.markus-schall.de\/wp-content\/uploads\/Opa-Kriegserinnerungen-300x200.jpg 300w, https:\/\/www.markus-schall.de\/wp-content\/uploads\/Opa-Kriegserinnerungen-768x512.jpg 768w, https:\/\/www.markus-schall.de\/wp-content\/uploads\/Opa-Kriegserinnerungen-18x12.jpg 18w\" \/><\/div><span class=\"dpt-thumbnail-aspect-ratio\" style=\"padding-top: 75%\"><\/span><\/div><\/div><div class=\"sub-entry\"><h3 class=\"dpt-title\"><a class=\"dpt-title-link\" href=\"https:\/\/www.markus-schall.de\/fr\/2026\/01\/ce-que-nos-grands-peres-racontaient-de-la-guerre-et-pourquoi-ces-voix-manquent-aujourdhui\/\" rel=\"bookmark\">Ce que nos grands-p\u00e8res racontaient de la guerre - et pourquoi ces voix manquent aujourd'hui<\/a><\/h3><\/div><\/div>\n\t\t\t\t\t\t<\/div><!-- .dpt-entry -->\n\t\t\t\t\t\t\t\t\t\t\t\t<div class=\"dpt-entry has-thumbnail\" data-title=\"energie, macht und abh\u00e4ngigkeit: europas weg vom exportweltmeister zum nachfrager\" data-id=\"4945\"  data-category=\"allgemein gesellschaft\" data-post_tag=\"denkmodelle deutschland energiepolitik eu-gesetze europa geopolitik krisen meinungsfreiheit sicherheitspolitik\">\n\t\t\t\t\t\t\t<div class=\"dpt-entry-wrapper\"><div class=\"dpt-featured-content\"><div class=\"dpt-permalink\"><a href=\"https:\/\/www.markus-schall.de\/fr\/2026\/02\/la-puissance-et-la-dependance-energetique-de-leurope-championne-des-exportations-devient-un-pays-demandeur\/\" class=\"dpt-permalink\"><span class=\"screen-reader-text\">\u00c9nergie, pouvoir et d\u00e9pendance : le parcours de l'Europe de championne des exportations \u00e0 demandeur<\/span><\/a><\/div><div class=\"dpt-thumbnail\"><div class=\"dpt-thumbnail-inner\"><img width=\"1024\" height=\"683\" class=\"attachment-full size-full\" alt=\"Europe et \u00e9nergie\" context=\"dpt\" data-dpt-src=\"https:\/\/www.markus-schall.de\/wp-content\/uploads\/Europa-Energie.jpg\" data-dpt-sizes=\"(max-width: 1024px) 100vw, 1024px\" data-dpt-srcset=\"https:\/\/www.markus-schall.de\/wp-content\/uploads\/Europa-Energie.jpg 1024w, https:\/\/www.markus-schall.de\/wp-content\/uploads\/Europa-Energie-300x200.jpg 300w, https:\/\/www.markus-schall.de\/wp-content\/uploads\/Europa-Energie-768x512.jpg 768w, https:\/\/www.markus-schall.de\/wp-content\/uploads\/Europa-Energie-18x12.jpg 18w\" \/><\/div><span class=\"dpt-thumbnail-aspect-ratio\" style=\"padding-top: 75%\"><\/span><\/div><\/div><div class=\"sub-entry\"><h3 class=\"dpt-title\"><a class=\"dpt-title-link\" href=\"https:\/\/www.markus-schall.de\/fr\/2026\/02\/la-puissance-et-la-dependance-energetique-de-leurope-championne-des-exportations-devient-un-pays-demandeur\/\" rel=\"bookmark\">\u00c9nergie, pouvoir et d\u00e9pendance : le parcours de l'Europe de championne des exportations \u00e0 demandeur<\/a><\/h3><\/div><\/div>\n\t\t\t\t\t\t<\/div><!-- .dpt-entry -->\n\t\t\t\t\t\t\n\t\t\t\t<\/div>\n\t\t\t\t\t\t<\/div>\n\t\t\t\n<hr \/>\n<h2>Foire aux questions<\/h2>\n<ol>\n<li><strong>Qu'entends-tu exactement par \u201efreeze-out\u201c - et en quoi se distingue-t-il de la perte de contact ou de la s\u00e9paration ?<\/strong><br \/>\nUn freeze-out n'est pas une rupture ou une s\u00e9paration, mais une interruption consciente et limit\u00e9e dans le temps du contact ou de la dynamique. Il ne sert pas \u00e0 exercer une pression ou \u00e0 changer l'autre, mais \u00e0 redevenir soi-m\u00eame lucide. La diff\u00e9rence d\u00e9cisive r\u00e9side dans l'attitude : un freeze-out est orient\u00e9 vers l'int\u00e9rieur et non vers l'ext\u00e9rieur. C'est un espace de r\u00e9flexion et de perception, pas un instrument de pouvoir.<\/li>\n<li><strong>Un freeze-out n'est-il pas simplement une fuite devant les probl\u00e8mes ?<\/strong><br \/>\nIl peut l'\u00eatre - s'il na\u00eet de la peur. Mais dans le sens d\u00e9crit ici, c'est le contraire. Il s'agit d'une pause qui permet d'identifier correctement les probl\u00e8mes. Si l'on continue \u00e0 agir dans le brouillard int\u00e9rieur, on s'enfonce souvent plus profond\u00e9ment dans la crise. Prendre du recul peut \u00eatre une d\u00e9marche plus responsable, car elle permet d'\u00e9viter que des d\u00e9cisions ne soient prises par exc\u00e8s de stress.<\/li>\n<li><strong>Quel est le bon moment pour un gel ?<\/strong><br \/>\nTypiquement, lorsque les conversations ne font que tourner en rond, lorsque chaque communication g\u00e9n\u00e8re de nouvelles tensions ou lorsque l'on se rend compte que l'on ne fait que r\u00e9agir au lieu de prendre des d\u00e9cisions. Un autre signe est le sentiment de ne plus s'entendre correctement. Le freeze-out est moins une question de moment que de perception int\u00e9rieure : lorsque la clart\u00e9 fait d\u00e9faut, la distance est souvent utile.<\/li>\n<li><strong>Combien de temps doit durer un gel ?<\/strong><br \/>\nIl n'y a pas de dur\u00e9e fixe. Pour certains, des heures ou des jours suffisent, pour d'autres, des semaines ou des mois. Ce qui est d\u00e9terminant, ce n'est pas la longueur, mais la qualit\u00e9 de l'intervalle. L'article montre sciemment qu'un freeze-out plus long - environ deux \u00e0 trois mois - peut aussi \u00eatre utile s'il permet des processus internes qui n'auraient pas eu de place autrement.<\/li>\n<li><strong>Un freeze-out peut-il d\u00e9truire une relation ?<\/strong><br \/>\nIl peut l'\u00eatre - s'il est utilis\u00e9 comme un instrument de pouvoir ou s'il n'est pas communiqu\u00e9 proprement. Mais bien compris, il augmente plut\u00f4t les chances de prendre des d\u00e9cisions honn\u00eates. Les relations se brisent rarement \u00e0 cause de la distance, mais plut\u00f4t \u00e0 cause d'une ambigu\u00eft\u00e9 int\u00e9rieure non r\u00e9solue. Un freeze-out permet de voir si une relation est soutenue ou si elle ne tient que par l'habitude.<\/li>\n<li><strong>Que se passe-t-il si l'autre n'accepte pas la distance ?<\/strong><br \/>\nIl s'agit d'une difficult\u00e9 r\u00e9elle. Un freeze-out n'est pas un contrat, mais une d\u00e9cision personnelle. On peut expliquer pourquoi on a besoin d'espace, mais on ne peut pas l\u201e\u201cimposer\". Il est important de ne pas s'enfermer dans des justifications. Celui qui a besoin de s'\u00e9loigner pour des raisons de clart\u00e9 peut se le permettre - m\u00eame si cela provoque un malaise.<\/li>\n<li><strong>Pourquoi les probl\u00e8mes relationnels semblent-ils souvent plus importants qu'ils ne le sont en r\u00e9alit\u00e9 ?<\/strong><br \/>\nParce que les relations sont souvent des surfaces de projection. Elles sont proches sur le plan \u00e9motionnel et donc id\u00e9ales pour faire appara\u00eetre des insatisfactions plus profondes. L'article montre que les conflits dans la relation sont souvent des sympt\u00f4mes - des indices d'un mod\u00e8le de vie qui ne porte plus.<\/li>\n<li><strong>Que signifie concr\u00e8tement la vision en tunnel dans la vie quotidienne ?<\/strong><br \/>\nLa vision en tunnel se manifeste par des perspectives temporelles r\u00e9duites, une r\u00e9activit\u00e9 permanente, un enfermement int\u00e9rieur et le sentiment de ne pas avoir d'alternatives. On pense beaucoup, mais on voit peu. Les d\u00e9cisions servent alors surtout \u00e0 se soulager \u00e0 court terme et non \u00e0 assurer la coh\u00e9rence \u00e0 long terme.<\/li>\n<li><strong>Pourquoi ne remarque-t-on souvent pas soi-m\u00eame la vision en tunnel ?<\/strong><br \/>\nParce qu'il semble rationnel. On a des raisons, des explications, des arguments. C'est justement cette rationalit\u00e9 apparente qui le rend si difficile \u00e0 reconna\u00eetre. Ce n'est qu'avec du recul que l'on voit \u00e0 quel point notre propre regard est devenu en r\u00e9alit\u00e9 \u00e9troit.<\/li>\n<li><strong>Pourquoi est-il si difficile de prendre du recul dans notre soci\u00e9t\u00e9 ?<\/strong><br \/>\nParce que la disponibilit\u00e9 permanente est confondue avec la responsabilit\u00e9. La distance est vite consid\u00e9r\u00e9e comme un manque d'int\u00e9r\u00eat ou une faiblesse. D'un point de vue historique, c'est nouveau. Autrefois, le retrait \u00e9tait une partie \u00e9vidente de l'orientation et de la d\u00e9cision.<\/li>\n<li><strong>Que faut-il \u00e9viter sciemment pendant un freeze-out ?<\/strong><br \/>\nIl est important de ne pas prendre de d\u00e9cisions h\u00e2tives, de ne pas mener de dialogues de justification mentaux et de ne pas cr\u00e9er de pression int\u00e9rieure pour la performance. Un freeze-out n'est pas un projet qui doit \u00eatre optimis\u00e9, mais un espace qui peut agir.<\/li>\n<li><strong>Que signifie concr\u00e8tement \u201epercevoir au lieu d'analyser\u201c ?<\/strong><br \/>\nCela signifie d\u00e9placer l'attention des explications vers les sensations. Comment le corps r\u00e9agit-il \u00e0 la distance ? L'agitation int\u00e9rieure diminue-t-elle ? Quelles pens\u00e9es reviennent sans cesse - et lesquelles disparaissent ? Ces observations sont souvent plus honn\u00eates que n'importe quelle analyse.<\/li>\n<li><strong>Comment l'IA peut-elle aider \u00e0 l'autor\u00e9flexion sans imposer de d\u00e9cisions ?<\/strong><br \/>\nL'IA peut servir d'interlocuteur neutre, qui apporte une structure aux pens\u00e9es, pose des questions et met en \u00e9vidence les contradictions. Elle ne prend pas de d\u00e9cisions \u00e0 ta place, mais acc\u00e9l\u00e8re la compr\u00e9hension. Cela peut s'av\u00e9rer tr\u00e8s utile, notamment dans le silence d'un freeze-out.<\/li>\n<li><strong>L'IA n'est-elle pas trop technique ou impersonnelle pour de tels processus ?<\/strong><br \/>\nCela d\u00e9pend de l'utilisation qui en est faite. L'IA ne remplace pas une relation ou une th\u00e9rapie, mais peut offrir un espace de r\u00e9flexion silencieux o\u00f9 l'on peut formuler, rejeter et r\u00e9organiser ses pens\u00e9es - sans dynamique sociale ni pression des attentes.<\/li>\n<li><strong>Comment savoir si le gel a \u201efonctionn\u00e9\u201c ?<\/strong><br \/>\nNon pas parce que tout est clair, mais parce que la pression int\u00e9rieure diminue. Les d\u00e9cisions se prennent plus calmement. Les discussions redeviennent possibles sans basculer imm\u00e9diatement dans les anciens sch\u00e9mas. On n'est plus oblig\u00e9 de r\u00e9agir, on peut choisir.<\/li>\n<li><strong>Que se passe-t-il lorsqu'on se rend compte, apr\u00e8s le gel, que quelque chose de fondamental doit changer ?<\/strong><br \/>\nDans ce cas, ce n'est pas un \u00e9chec, mais un r\u00e9sultat. La lucidit\u00e9 peut aussi signifier se d\u00e9tacher de projets de vie, de r\u00f4les ou de relations qui ne conviennent plus. Le freeze-out ne fournit pas de r\u00e9ponses, mais il permet de prendre des d\u00e9cisions honn\u00eates.<\/li>\n<li><strong>Pourquoi insister sur la gratitude plut\u00f4t que sur la culpabilit\u00e9 ?<\/strong><br \/>\nParce que la culpabilit\u00e9 m\u00e8ne rarement plus loin. Si l'on reconna\u00eet qu'un conflit a point\u00e9 vers quelque chose de plus profond, la gratitude peut na\u00eetre - non pas de l'id\u00e9alisation, mais de la compr\u00e9hension. Certaines situations sont des rep\u00e8res, pas des erreurs.<\/li>\n<li><strong>Quelle est la pens\u00e9e la plus importante que je devrais retenir de cet article ?<\/strong><br \/>\nQue la distance ne doit pas \u00eatre un repli sur soi, mais un pas vers plus de responsabilit\u00e9. Pour s'entendre \u00e0 nouveau, il faut parfois faire moins de bruit. Le freeze-out n'est pas un objectif, mais une transition - mais souvent d\u00e9cisive.<\/li>\n<\/ol>\n<hr \/>\n\n\t\t\t<div class=\"display-post-types\">\n\n\t\t\t\t\t\t\t<style type=\"text\/css\">\n\t\t\t#dpt-wrapper-106 { --dpt-text-align: left;--dpt-image-crop: center;--dpt-border-radius: 5px;--dpt-h-gutter: 10px;--dpt-v-gutter: 9px; }\t\t\t<\/style>\n\t\t\t<style type=\"text\/css\">#dpt-wrapper-106 { --dpt-title-font-style:normal;--dpt-title-font-weight:600;--dpt-title-line-height:1.5;--dpt-title-text-decoration:none;--dpt-title-text-transform:none;--dpt-excerpt-font-style:normal;--dpt-excerpt-font-weight:400;--dpt-excerpt-line-height:1.5;--dpt-excerpt-text-decoration:none;--dpt-excerpt-text-transform:none;--dpt-meta1-font-style:normal;--dpt-meta1-font-weight:400;--dpt-meta1-line-height:1.9;--dpt-meta1-text-decoration:none;--dpt-meta1-text-transform:none;--dpt-meta2-font-style:normal;--dpt-meta2-font-weight:400;--dpt-meta2-line-height:1.9;--dpt-meta2-text-decoration:none;--dpt-meta2-text-transform:none; }<\/style><div class=\"dpt-main-header\">\n\t\t\t\t\t\t<div class=\"dpt-main-title\">\n\t\t\t\t\t\t\t<span class=\"dpt-main-title-text\">Derniers articles sur Art &amp; Culture<\/span>\n\t\t\t\t\t\t<\/div>\n\t\t\t\t\t\t\n\t\t\t\t\t\t\n\t\t\t\t\t\t\n\t\t\t\t\t\t<\/div>\t\t\t\n\t\t\t\t<div id=\"dpt-wrapper-106\" class=\"dpt-wrapper dpt-mag1 land1 dpt-cropped dpt-flex-wrap\" >\n\n\t\t\t\t\t\t\t\t\t\t\t<div class=\"dpt-entry has-thumbnail\" data-title=\"wie war syrien vor dem krieg? wer regiert heute? was bedeutet das f\u00fcr gefl\u00fcchtete in deutschland?\" data-id=\"4628\"  data-category=\"allgemein gesellschaft kunst &amp; kultur\" data-post_tag=\"deutschland europa geopolitik krisen meinungsfreiheit sicherheitspolitik\">\n\t\t\t\t\t\t\t<div class=\"dpt-entry-wrapper\"><div class=\"dpt-featured-content\"><div class=\"dpt-permalink\"><a href=\"https:\/\/www.markus-schall.de\/fr\/2026\/01\/comment-etait-la-syrie-avant-la-guerre-qui-gouverne-aujourdhui-que-cela-signifie-t-il-pour-les-refugies-en-allemagne\/\" class=\"dpt-permalink\"><span class=\"screen-reader-text\">Comment \u00e9tait la Syrie avant la guerre ? Qui gouverne aujourd'hui ? Qu'est-ce que cela signifie pour les personnes qui ont fui en Allemagne ?<\/span><\/a><\/div><div class=\"dpt-thumbnail\"><div class=\"dpt-thumbnail-inner\"><img width=\"1024\" height=\"683\" class=\"attachment-full size-full\" alt=\"La Syrie et Damas\" context=\"dpt\" data-dpt-src=\"https:\/\/www.markus-schall.de\/wp-content\/uploads\/Syrien-Damaskus.jpg\" data-dpt-sizes=\"(max-width: 1024px) 100vw, 1024px\" data-dpt-srcset=\"https:\/\/www.markus-schall.de\/wp-content\/uploads\/Syrien-Damaskus.jpg 1024w, https:\/\/www.markus-schall.de\/wp-content\/uploads\/Syrien-Damaskus-300x200.jpg 300w, https:\/\/www.markus-schall.de\/wp-content\/uploads\/Syrien-Damaskus-768x512.jpg 768w, https:\/\/www.markus-schall.de\/wp-content\/uploads\/Syrien-Damaskus-18x12.jpg 18w\" \/><\/div><span class=\"dpt-thumbnail-aspect-ratio\" style=\"padding-top: 75%\"><\/span><\/div><\/div><div class=\"sub-entry\"><h3 class=\"dpt-title\"><a class=\"dpt-title-link\" href=\"https:\/\/www.markus-schall.de\/fr\/2026\/01\/comment-etait-la-syrie-avant-la-guerre-qui-gouverne-aujourdhui-que-cela-signifie-t-il-pour-les-refugies-en-allemagne\/\" rel=\"bookmark\">Comment \u00e9tait la Syrie avant la guerre ? Qui gouverne aujourd'hui ? Qu'est-ce que cela signifie pour les personnes qui ont fui en Allemagne ?<\/a><\/h3><\/div><\/div>\n\t\t\t\t\t\t<\/div><!-- .dpt-entry -->\n\t\t\t\t\t\t\t\t\t\t\t\t<div class=\"dpt-entry has-thumbnail\" data-title=\"reichweite ist kein eigentum \u2013 warum sichtbarkeit heute nicht mehr ausreicht\" data-id=\"3994\"  data-category=\"allgemein featured filemaker &amp; erp gesellschaft kunst &amp; kultur\" data-post_tag=\"datenlogik datenschutz denkmodelle digitales eigentum erp-software\">\n\t\t\t\t\t\t\t<div class=\"dpt-entry-wrapper\"><div class=\"dpt-featured-content\"><div class=\"dpt-permalink\"><a href=\"https:\/\/www.markus-schall.de\/fr\/2025\/12\/la-portee-nest-pas-la-propriete-pourquoi-la-visibilite-ne-suffit-plus-aujourdhui\/\" class=\"dpt-permalink\"><span class=\"screen-reader-text\">La port\u00e9e n'est pas la propri\u00e9t\u00e9 - Pourquoi la visibilit\u00e9 ne suffit plus aujourd'hui<\/span><\/a><\/div><div class=\"dpt-thumbnail\"><div class=\"dpt-thumbnail-inner\"><img width=\"1024\" height=\"683\" class=\"attachment-full size-full\" alt=\"Port\u00e9e vs. propri\u00e9t\u00e9\" context=\"dpt\" data-dpt-src=\"https:\/\/www.markus-schall.de\/wp-content\/uploads\/reichweite-vs-eigentum.jpg\" data-dpt-sizes=\"(max-width: 1024px) 100vw, 1024px\" data-dpt-srcset=\"https:\/\/www.markus-schall.de\/wp-content\/uploads\/reichweite-vs-eigentum.jpg 1024w, https:\/\/www.markus-schall.de\/wp-content\/uploads\/reichweite-vs-eigentum-300x200.jpg 300w, https:\/\/www.markus-schall.de\/wp-content\/uploads\/reichweite-vs-eigentum-768x512.jpg 768w, https:\/\/www.markus-schall.de\/wp-content\/uploads\/reichweite-vs-eigentum-18x12.jpg 18w\" \/><\/div><span class=\"dpt-thumbnail-aspect-ratio\" style=\"padding-top: 75%\"><\/span><\/div><\/div><div class=\"sub-entry\"><h3 class=\"dpt-title\"><a class=\"dpt-title-link\" href=\"https:\/\/www.markus-schall.de\/fr\/2025\/12\/la-portee-nest-pas-la-propriete-pourquoi-la-visibilite-ne-suffit-plus-aujourdhui\/\" rel=\"bookmark\">La port\u00e9e n'est pas la propri\u00e9t\u00e9 - Pourquoi la visibilit\u00e9 ne suffit plus aujourd'hui<\/a><\/h3><\/div><\/div>\n\t\t\t\t\t\t<\/div><!-- .dpt-entry -->\n\t\t\t\t\t\t\t\t\t\t\t\t<div class=\"dpt-entry has-thumbnail\" data-title=\"zukunft mit ladeger\u00e4t \u2013 herr von l&#8217;oreot kauft einen e-scooter\" data-id=\"3229\"  data-category=\"allgemein gesellschaft kunst &amp; kultur stories &amp; humor\" data-post_tag=\"erfahrungen\">\n\t\t\t\t\t\t\t<div class=\"dpt-entry-wrapper\"><div class=\"dpt-featured-content\"><div class=\"dpt-permalink\"><a href=\"https:\/\/www.markus-schall.de\/fr\/2025\/10\/lavenir-avec-un-chargeur-monsieur-von-loreot-achete-un-scooter-electrique\/\" class=\"dpt-permalink\"><span class=\"screen-reader-text\">Avenir avec chargeur - Monsieur de L'oreot ach\u00e8te un scooter \u00e9lectrique<\/span><\/a><\/div><div class=\"dpt-thumbnail\"><div class=\"dpt-thumbnail-inner\"><img width=\"1024\" height=\"747\" class=\"attachment-full size-full\" alt=\"\" context=\"dpt\" data-dpt-src=\"https:\/\/www.markus-schall.de\/wp-content\/uploads\/loereot-e-scooter-1.jpg\" data-dpt-sizes=\"(max-width: 1024px) 100vw, 1024px\" data-dpt-srcset=\"https:\/\/www.markus-schall.de\/wp-content\/uploads\/loereot-e-scooter-1.jpg 1024w, https:\/\/www.markus-schall.de\/wp-content\/uploads\/loereot-e-scooter-1-300x219.jpg 300w, https:\/\/www.markus-schall.de\/wp-content\/uploads\/loereot-e-scooter-1-768x560.jpg 768w, https:\/\/www.markus-schall.de\/wp-content\/uploads\/loereot-e-scooter-1-16x12.jpg 16w\" \/><\/div><span class=\"dpt-thumbnail-aspect-ratio\" style=\"padding-top: 75%\"><\/span><\/div><\/div><div class=\"sub-entry\"><h3 class=\"dpt-title\"><a class=\"dpt-title-link\" href=\"https:\/\/www.markus-schall.de\/fr\/2025\/10\/lavenir-avec-un-chargeur-monsieur-von-loreot-achete-un-scooter-electrique\/\" rel=\"bookmark\">Avenir avec chargeur - Monsieur de L'oreot ach\u00e8te un scooter \u00e9lectrique<\/a><\/h3><\/div><\/div>\n\t\t\t\t\t\t<\/div><!-- .dpt-entry -->\n\t\t\t\t\t\t\t\t\t\t\t\t<div class=\"dpt-entry has-thumbnail\" data-title=\"dieter bohlen im klartext: warum deutschland an der eigenen b\u00fcrokratie scheitert\" data-id=\"3546\"  data-category=\"allgemein b\u00fccher gesellschaft kunst &amp; kultur\" data-post_tag=\"buch deutschland erfahrungen krisen meinungsfreiheit musik\">\n\t\t\t\t\t\t\t<div class=\"dpt-entry-wrapper\"><div class=\"dpt-featured-content\"><div class=\"dpt-permalink\"><a href=\"https:\/\/www.markus-schall.de\/fr\/2025\/11\/dieter-bohlen-explique-clairement-pourquoi-lallemagne-echoue-a-cause-de-sa-propre-bureaucratie\/\" class=\"dpt-permalink\"><span class=\"screen-reader-text\">Dieter Bohlen en clair : pourquoi l'Allemagne \u00e9choue \u00e0 cause de sa propre bureaucratie<\/span><\/a><\/div><div class=\"dpt-thumbnail\"><div class=\"dpt-thumbnail-inner\"><img width=\"1536\" height=\"1024\" class=\"attachment-full size-full\" alt=\"Dieter Bohlen s&#039;entretient avec Dominik Kettner\" context=\"dpt\" data-dpt-src=\"https:\/\/www.markus-schall.de\/wp-content\/uploads\/bohlen-kettner-germany.jpg\" data-dpt-sizes=\"(max-width: 1536px) 100vw, 1536px\" data-dpt-srcset=\"https:\/\/www.markus-schall.de\/wp-content\/uploads\/bohlen-kettner-germany.jpg 1536w, https:\/\/www.markus-schall.de\/wp-content\/uploads\/bohlen-kettner-germany-300x200.jpg 300w, https:\/\/www.markus-schall.de\/wp-content\/uploads\/bohlen-kettner-germany-1024x683.jpg 1024w, https:\/\/www.markus-schall.de\/wp-content\/uploads\/bohlen-kettner-germany-768x512.jpg 768w, https:\/\/www.markus-schall.de\/wp-content\/uploads\/bohlen-kettner-germany-18x12.jpg 18w\" \/><\/div><span class=\"dpt-thumbnail-aspect-ratio\" style=\"padding-top: 75%\"><\/span><\/div><\/div><div class=\"sub-entry\"><h3 class=\"dpt-title\"><a class=\"dpt-title-link\" href=\"https:\/\/www.markus-schall.de\/fr\/2025\/11\/dieter-bohlen-explique-clairement-pourquoi-lallemagne-echoue-a-cause-de-sa-propre-bureaucratie\/\" rel=\"bookmark\">Dieter Bohlen en clair : pourquoi l'Allemagne \u00e9choue \u00e0 cause de sa propre bureaucratie<\/a><\/h3><\/div><\/div>\n\t\t\t\t\t\t<\/div><!-- .dpt-entry -->\n\t\t\t\t\t\t\n\t\t\t\t<\/div>\n\t\t\t\t\t\t<\/div>\n\t\t\t\n<hr \/>","protected":false},"excerpt":{"rendered":"<p>Lorsque tu es en pleine crise, tout semble urgent. Tu as le sentiment de devoir agir imm\u00e9diatement, de devoir parler imm\u00e9diatement, de devoir prendre une d\u00e9cision imm\u00e9diatement. Et souvent, un deuxi\u00e8me sentiment s'y ajoute : Si tu ne pers\u00e9v\u00e8res pas maintenant, tout te glisse entre les doigts. C'est compr\u00e9hensible. C'est aussi humain. Mais c'est pr\u00e9cis\u00e9ment \u00e0 ce moment-l\u00e0 que ... <a title=\"Dieter Bohlen en clair : pourquoi l&#039;Allemagne \u00e9choue \u00e0 cause de sa propre bureaucratie\" class=\"read-more\" href=\"https:\/\/www.markus-schall.de\/fr\/2025\/11\/dieter-bohlen-explique-clairement-pourquoi-lallemagne-echoue-a-cause-de-sa-propre-bureaucratie\/\" aria-label=\"En savoir plus sur Dieter Bohlen en clair : pourquoi l&#039;Allemagne \u00e9choue \u00e0 cause de sa propre bureaucratie\">Lire la suite<\/a><\/p>","protected":false},"author":1,"featured_media":4467,"comment_status":"open","ping_status":"open","sticky":false,"template":"","format":"standard","meta":{"iawp_total_views":208,"footnotes":""},"categories":[1,424,466,456,4],"tags":[425,444,458,447,426,428,429,448],"class_list":["post-4435","post","type-post","status-publish","format-standard","has-post-thumbnail","hentry","category-allgemein","category-buecher","category-gesellschaft","category-gesundheit","category-tipps-anleitungen","tag-buch","tag-denkmodelle","tag-erfahrungen","tag-gesundheit","tag-krisen","tag-lernen","tag-persoenlichkeitsentwicklung","tag-ratgeber"],"_links":{"self":[{"href":"https:\/\/www.markus-schall.de\/fr\/wp-json\/wp\/v2\/posts\/4435","targetHints":{"allow":["GET"]}}],"collection":[{"href":"https:\/\/www.markus-schall.de\/fr\/wp-json\/wp\/v2\/posts"}],"about":[{"href":"https:\/\/www.markus-schall.de\/fr\/wp-json\/wp\/v2\/types\/post"}],"author":[{"embeddable":true,"href":"https:\/\/www.markus-schall.de\/fr\/wp-json\/wp\/v2\/users\/1"}],"replies":[{"embeddable":true,"href":"https:\/\/www.markus-schall.de\/fr\/wp-json\/wp\/v2\/comments?post=4435"}],"version-history":[{"count":16,"href":"https:\/\/www.markus-schall.de\/fr\/wp-json\/wp\/v2\/posts\/4435\/revisions"}],"predecessor-version":[{"id":5828,"href":"https:\/\/www.markus-schall.de\/fr\/wp-json\/wp\/v2\/posts\/4435\/revisions\/5828"}],"wp:featuredmedia":[{"embeddable":true,"href":"https:\/\/www.markus-schall.de\/fr\/wp-json\/wp\/v2\/media\/4467"}],"wp:attachment":[{"href":"https:\/\/www.markus-schall.de\/fr\/wp-json\/wp\/v2\/media?parent=4435"}],"wp:term":[{"taxonomy":"category","embeddable":true,"href":"https:\/\/www.markus-schall.de\/fr\/wp-json\/wp\/v2\/categories?post=4435"},{"taxonomy":"post_tag","embeddable":true,"href":"https:\/\/www.markus-schall.de\/fr\/wp-json\/wp\/v2\/tags?post=4435"}],"curies":[{"name":"wp","href":"https:\/\/api.w.org\/{rel}","templated":true}]}}