{"id":4590,"date":"2026-01-26T06:49:40","date_gmt":"2026-01-26T06:49:40","guid":{"rendered":"https:\/\/www.markus-schall.de\/?p=4590"},"modified":"2026-04-22T15:39:26","modified_gmt":"2026-04-22T15:39:26","slug":"intelligence-artificielle-et-energie-ce-que-coute-vraiment-le-ki-boom","status":"publish","type":"post","link":"https:\/\/www.markus-schall.de\/fr\/2026\/01\/intelligence-artificielle-et-energie-ce-que-coute-vraiment-le-ki-boom\/","title":{"rendered":"Intelligence artificielle et \u00e9nergie : ce que le boom de l'IA co\u00fbte vraiment"},"content":{"rendered":"<p>Au premier abord, l'intelligence artificielle semble presque en apesanteur. On tape une question, quelques secondes plus tard, une r\u00e9ponse appara\u00eet. Pas de bruit, pas de fum\u00e9e, pas de mouvement visible. Tout semble se passer \u201edans le nuage\u201c. C'est pr\u00e9cis\u00e9ment l\u00e0 que r\u00e9side l'erreur de raisonnement. L'IA n'est pas une magie abstraite, mais le r\u00e9sultat de processus physiques tr\u00e8s concrets. Derri\u00e8re chaque r\u00e9ponse se trouvent des centres de calcul, des lignes \u00e9lectriques, des syst\u00e8mes de refroidissement, des puces et des infrastructures enti\u00e8res. Plus l'IA s'impose dans notre quotidien, plus cette r\u00e9alit\u00e9 devient visible. Et c'est l\u00e0 que commence la question de la durabilit\u00e9.<\/p>\n<p>Parler d'IA sans parler d'\u00e9nergie, de ressources et d'infrastructure, c'est ne d\u00e9crire que la surface. Cet article va plus loin. Non pas en \u00e9tant alarmiste, mais en jetant un regard lucide sur ce dont l'IA a r\u00e9ellement besoin pour fonctionner - aujourd'hui et \u00e0 l'avenir.<!--more--><\/p>\n<hr \/>\n\n\t\t\t<div class=\"display-post-types\">\n\n\t\t\t\t\t\t\t<style type=\"text\/css\">\n\t\t\t#dpt-wrapper-333 { --dpt-text-align: left;--dpt-image-crop: center;--dpt-border-radius: 5px;--dpt-h-gutter: 10px;--dpt-v-gutter: 9px; }\t\t\t<\/style>\n\t\t\t<style type=\"text\/css\">#dpt-wrapper-333 { --dpt-title-font-style:normal;--dpt-title-font-weight:600;--dpt-title-line-height:1.5;--dpt-title-text-decoration:none;--dpt-title-text-transform:none;--dpt-excerpt-font-style:normal;--dpt-excerpt-font-weight:400;--dpt-excerpt-line-height:1.5;--dpt-excerpt-text-decoration:none;--dpt-excerpt-text-transform:none;--dpt-meta1-font-style:normal;--dpt-meta1-font-weight:400;--dpt-meta1-line-height:1.9;--dpt-meta1-text-decoration:none;--dpt-meta1-text-transform:none;--dpt-meta2-font-style:normal;--dpt-meta2-font-weight:400;--dpt-meta2-line-height:1.9;--dpt-meta2-text-decoration:none;--dpt-meta2-text-transform:none; }<\/style><div class=\"dpt-main-header\">\n\t\t\t\t\t\t<div class=\"dpt-main-title\">\n\t\t\t\t\t\t\t<span class=\"dpt-main-title-text\">Th\u00e8mes de soci\u00e9t\u00e9 contemporains<\/span>\n\t\t\t\t\t\t<\/div>\n\t\t\t\t\t\t\n\t\t\t\t\t\t\n\t\t\t\t\t\t\n\t\t\t\t\t\t<\/div>\t\t\t\n\t\t\t\t<div id=\"dpt-wrapper-333\" class=\"dpt-wrapper dpt-mag1 land1 dpt-cropped dpt-flex-wrap\" >\n\n\t\t\t\t\t\t\t\t\t\t\t<div class=\"dpt-entry has-thumbnail\" data-title=\"jeffrey sachs warnt deutschland: warum europas sicherheit neu gedacht werden muss\" data-id=\"4079\"  data-category=\"allgemein gesellschaft\" data-post_tag=\"deutschland energiepolitik eu-gesetze europa geopolitik krisen meinungsfreiheit portrait sicherheitspolitik\">\n\t\t\t\t\t\t\t<div class=\"dpt-entry-wrapper\"><div class=\"dpt-featured-content\"><div class=\"dpt-permalink\"><a href=\"https:\/\/www.markus-schall.de\/fr\/2025\/12\/jeffrey-sachs-met-en-garde-lallemagne-pourquoi-la-securite-de-leurope-doit-etre-repensee\/\" class=\"dpt-permalink\"><span class=\"screen-reader-text\">Jeffrey Sachs met en garde l'Allemagne : pourquoi la s\u00e9curit\u00e9 de l'Europe doit \u00eatre repens\u00e9e<\/span><\/a><\/div><div class=\"dpt-thumbnail\"><div class=\"dpt-thumbnail-inner\"><img width=\"1024\" height=\"683\" class=\"attachment-full size-full\" alt=\"Jeffrey Sachs \u00e9crit une lettre ouverte au chancelier Merz\" context=\"dpt\" data-dpt-src=\"https:\/\/www.markus-schall.de\/wp-content\/uploads\/jeffrey-sachs-bundeskanzler-eu.jpg\" data-dpt-sizes=\"(max-width: 1024px) 100vw, 1024px\" data-dpt-srcset=\"https:\/\/www.markus-schall.de\/wp-content\/uploads\/jeffrey-sachs-bundeskanzler-eu.jpg 1024w, https:\/\/www.markus-schall.de\/wp-content\/uploads\/jeffrey-sachs-bundeskanzler-eu-300x200.jpg 300w, https:\/\/www.markus-schall.de\/wp-content\/uploads\/jeffrey-sachs-bundeskanzler-eu-768x512.jpg 768w, https:\/\/www.markus-schall.de\/wp-content\/uploads\/jeffrey-sachs-bundeskanzler-eu-18x12.jpg 18w\" \/><\/div><span class=\"dpt-thumbnail-aspect-ratio\" style=\"padding-top: 75%\"><\/span><\/div><\/div><div class=\"sub-entry\"><h3 class=\"dpt-title\"><a class=\"dpt-title-link\" href=\"https:\/\/www.markus-schall.de\/fr\/2025\/12\/jeffrey-sachs-met-en-garde-lallemagne-pourquoi-la-securite-de-leurope-doit-etre-repensee\/\" rel=\"bookmark\">Jeffrey Sachs met en garde l'Allemagne : pourquoi la s\u00e9curit\u00e9 de l'Europe doit \u00eatre repens\u00e9e<\/a><\/h3><\/div><\/div>\n\t\t\t\t\t\t<\/div><!-- .dpt-entry -->\n\t\t\t\t\t\t\t\t\t\t\t\t<div class=\"dpt-entry has-thumbnail\" data-title=\"cloud-act, datenhoheit und die schweiz: ein wendepunkt f\u00fcr europ\u00e4ische it-strategien?\" data-id=\"3727\"  data-category=\"allgemein gesellschaft\" data-post_tag=\"datenbanken datenschutz digitales eigentum eu-gesetze europa\">\n\t\t\t\t\t\t\t<div class=\"dpt-entry-wrapper\"><div class=\"dpt-featured-content\"><div class=\"dpt-permalink\"><a href=\"https:\/\/www.markus-schall.de\/fr\/2025\/11\/cloud-act-souverainete-des-donnees-et-la-suisse-un-tournant-pour-les-strategies-informatiques-europeennes\/\" class=\"dpt-permalink\"><span class=\"screen-reader-text\">CLOUD-Act, souverainet\u00e9 des donn\u00e9es et la Suisse : un tournant pour les strat\u00e9gies informatiques europ\u00e9ennes ?<\/span><\/a><\/div><div class=\"dpt-thumbnail\"><div class=\"dpt-thumbnail-inner\"><img width=\"1024\" height=\"683\" class=\"attachment-full size-full\" alt=\"Que signifie la r\u00e9solution suisse sur le cloud pour l&#039;Europe ?\" context=\"dpt\" data-dpt-src=\"https:\/\/www.markus-schall.de\/wp-content\/uploads\/schweiz-cloud-resolution-eu.jpg\" data-dpt-sizes=\"(max-width: 1024px) 100vw, 1024px\" data-dpt-srcset=\"https:\/\/www.markus-schall.de\/wp-content\/uploads\/schweiz-cloud-resolution-eu.jpg 1024w, https:\/\/www.markus-schall.de\/wp-content\/uploads\/schweiz-cloud-resolution-eu-300x200.jpg 300w, https:\/\/www.markus-schall.de\/wp-content\/uploads\/schweiz-cloud-resolution-eu-768x512.jpg 768w, https:\/\/www.markus-schall.de\/wp-content\/uploads\/schweiz-cloud-resolution-eu-18x12.jpg 18w\" \/><\/div><span class=\"dpt-thumbnail-aspect-ratio\" style=\"padding-top: 75%\"><\/span><\/div><\/div><div class=\"sub-entry\"><h3 class=\"dpt-title\"><a class=\"dpt-title-link\" href=\"https:\/\/www.markus-schall.de\/fr\/2025\/11\/cloud-act-souverainete-des-donnees-et-la-suisse-un-tournant-pour-les-strategies-informatiques-europeennes\/\" rel=\"bookmark\">CLOUD-Act, souverainet\u00e9 des donn\u00e9es et la Suisse : un tournant pour les strat\u00e9gies informatiques europ\u00e9ennes ?<\/a><\/h3><\/div><\/div>\n\t\t\t\t\t\t<\/div><!-- .dpt-entry -->\n\t\t\t\t\t\t\t\t\t\t\t\t<div class=\"dpt-entry has-thumbnail\" data-title=\"nord stream sprengung: sabotage, machtpolitik und die unbequemen offenen fragen\" data-id=\"4441\"  data-category=\"allgemein gesellschaft\" data-post_tag=\"deutschland energiepolitik europa geopolitik krisen meinungsfreiheit sicherheitspolitik spieltheorie\">\n\t\t\t\t\t\t\t<div class=\"dpt-entry-wrapper\"><div class=\"dpt-featured-content\"><div class=\"dpt-permalink\"><a href=\"https:\/\/www.markus-schall.de\/fr\/2026\/01\/nord-stream-explosion-sabotage-politique-de-pouvoir-et-questions-ouvertes-genantes\/\" class=\"dpt-permalink\"><span class=\"screen-reader-text\">Le dynamitage de Nord Stream : sabotage, politique de puissance et les questions ouvertes g\u00eanantes<\/span><\/a><\/div><div class=\"dpt-thumbnail\"><div class=\"dpt-thumbnail-inner\"><img width=\"1024\" height=\"683\" class=\"attachment-full size-full\" alt=\"Dynamitage de Nord Stream\" context=\"dpt\" data-dpt-src=\"https:\/\/www.markus-schall.de\/wp-content\/uploads\/nordstream-sprengung.jpg\" data-dpt-sizes=\"(max-width: 1024px) 100vw, 1024px\" data-dpt-srcset=\"https:\/\/www.markus-schall.de\/wp-content\/uploads\/nordstream-sprengung.jpg 1024w, https:\/\/www.markus-schall.de\/wp-content\/uploads\/nordstream-sprengung-300x200.jpg 300w, https:\/\/www.markus-schall.de\/wp-content\/uploads\/nordstream-sprengung-768x512.jpg 768w, https:\/\/www.markus-schall.de\/wp-content\/uploads\/nordstream-sprengung-18x12.jpg 18w\" \/><\/div><span class=\"dpt-thumbnail-aspect-ratio\" style=\"padding-top: 75%\"><\/span><\/div><\/div><div class=\"sub-entry\"><h3 class=\"dpt-title\"><a class=\"dpt-title-link\" href=\"https:\/\/www.markus-schall.de\/fr\/2026\/01\/nord-stream-explosion-sabotage-politique-de-pouvoir-et-questions-ouvertes-genantes\/\" rel=\"bookmark\">Le dynamitage de Nord Stream : sabotage, politique de puissance et les questions ouvertes g\u00eanantes<\/a><\/h3><\/div><\/div>\n\t\t\t\t\t\t<\/div><!-- .dpt-entry -->\n\t\t\t\t\t\t\t\t\t\t\t\t<div class=\"dpt-entry has-thumbnail\" data-title=\"vom ende der wehrpflicht bis zu schulstreiks: die neue debatte \u00fcber bundeswehr und bildung\" data-id=\"5147\"  data-category=\"allgemein gesellschaft\" data-post_tag=\"deutschland europa geopolitik krisen meinungsfreiheit sicherheitspolitik\">\n\t\t\t\t\t\t\t<div class=\"dpt-entry-wrapper\"><div class=\"dpt-featured-content\"><div class=\"dpt-permalink\"><a href=\"https:\/\/www.markus-schall.de\/fr\/2026\/03\/de-la-fin-du-service-militaire-obligatoire-aux-greves-scolaires-le-nouveau-debat-sur-larmee-federale-et-leducation\/\" class=\"dpt-permalink\"><span class=\"screen-reader-text\">De la fin du service militaire obligatoire aux gr\u00e8ves scolaires : le nouveau d\u00e9bat sur la Bundeswehr et l'\u00e9ducation<\/span><\/a><\/div><div class=\"dpt-thumbnail\"><div class=\"dpt-thumbnail-inner\"><img width=\"1024\" height=\"683\" class=\"attachment-full size-full\" alt=\"Gr\u00e8ves scolaires sur le service militaire obligatoire et la Bundeswehr \u00e0 l&#039;\u00e9cole\" context=\"dpt\" data-dpt-src=\"https:\/\/www.markus-schall.de\/wp-content\/uploads\/Wehrpflicht-Schulstreiks.jpg\" data-dpt-sizes=\"(max-width: 1024px) 100vw, 1024px\" data-dpt-srcset=\"https:\/\/www.markus-schall.de\/wp-content\/uploads\/Wehrpflicht-Schulstreiks.jpg 1024w, https:\/\/www.markus-schall.de\/wp-content\/uploads\/Wehrpflicht-Schulstreiks-300x200.jpg 300w, https:\/\/www.markus-schall.de\/wp-content\/uploads\/Wehrpflicht-Schulstreiks-768x512.jpg 768w, https:\/\/www.markus-schall.de\/wp-content\/uploads\/Wehrpflicht-Schulstreiks-18x12.jpg 18w\" \/><\/div><span class=\"dpt-thumbnail-aspect-ratio\" style=\"padding-top: 75%\"><\/span><\/div><\/div><div class=\"sub-entry\"><h3 class=\"dpt-title\"><a class=\"dpt-title-link\" href=\"https:\/\/www.markus-schall.de\/fr\/2026\/03\/de-la-fin-du-service-militaire-obligatoire-aux-greves-scolaires-le-nouveau-debat-sur-larmee-federale-et-leducation\/\" rel=\"bookmark\">De la fin du service militaire obligatoire aux gr\u00e8ves scolaires : le nouveau d\u00e9bat sur la Bundeswehr et l'\u00e9ducation<\/a><\/h3><\/div><\/div>\n\t\t\t\t\t\t<\/div><!-- .dpt-entry -->\n\t\t\t\t\t\t\n\t\t\t\t<\/div>\n\t\t\t\t\t\t<\/div>\n\t\t\t\n<hr \/>\n<h2>Derni\u00e8res nouvelles sur le sujet<\/h2>\n<p><strong>07.04.2026<\/strong>Le podcast sur l'avenir de Fraunhofer IEM revient actuellement sur un sujet tr\u00e8s \u00e9motionnel : le retour possible de l'\u00e9nergie nucl\u00e9aire. Environ 40 ans apr\u00e8s Tchernobyl et apr\u00e8s les exp\u00e9riences de Fukushima, beaucoup consid\u00e9raient que le chapitre \u00e9tait clos - trop risqu\u00e9, trop difficile \u00e0 contr\u00f4ler. Mais face aux exigences croissantes en mati\u00e8re d'approvisionnement \u00e9nerg\u00e9tique et aux d\u00e9fis de la transition \u00e9nerg\u00e9tique, l'\u00e9nergie nucl\u00e9aire revient sur le devant de la sc\u00e8ne. Dans le podcast \u201eOUTATIME\u201c, les experts Roman Dumitrescu et Tommy Falkowski discutent des champs de tension entre la s\u00e9curit\u00e9 d'approvisionnement, les objectifs climatiques et les d\u00e9veloppements technologiques.<\/p>\n<div class=\"lyte-wrapper\" style=\"width:640px;max-width:100%;margin:5px;\"><div class=\"lyMe\" id=\"WYL_lcZ3nBspSEY\"><div id=\"lyte_lcZ3nBspSEY\" data-src=\"https:\/\/www.markus-schall.de\/wp-content\/plugins\/wp-youtube-lyte\/lyteCache.php?origThumbUrl=%2F%2Fi.ytimg.com%2Fvi%2FlcZ3nBspSEY%2Fhqdefault.jpg\" class=\"pL\"><div class=\"tC\"><div class=\"tT\"><\/div><\/div><div class=\"play\"><\/div><div class=\"ctrl\"><div class=\"Lctrl\"><\/div><div class=\"Rctrl\"><\/div><\/div><\/div><noscript><a href=\"https:\/\/youtu.be\/lcZ3nBspSEY\" rel=\"nofollow noopener\" target=\"_blank\"><img loading=\"lazy\" decoding=\"async\" src=\"https:\/\/www.markus-schall.de\/wp-content\/plugins\/wp-youtube-lyte\/lyteCache.php?origThumbUrl=https%3A%2F%2Fi.ytimg.com%2Fvi%2FlcZ3nBspSEY%2F0.jpg\" alt=\"Vignette de la vid\u00e9o YouTube\" width=\"640\" height=\"340\" \/><br \/>Lire cette vid\u00e9o sur YouTube<\/a><\/noscript><\/div><\/div><div class=\"lL\" style=\"max-width:100%;width:640px;margin:5px;\"><\/div><br \/>\n40 ans apr\u00e8s Tchernobyl - retour du nucl\u00e9aire ou sortie cons\u00e9quente ? | OUTATIME | <a href=\"https:\/\/www.youtube.com\/@FraunhoferIEM\" target=\"_blank\" rel=\"nofollow noopener\">Fraunhofer IEM<\/a><\/p>\n<p>Il ne s'agit pas seulement de r\u00e9acteurs classiques, mais aussi de nouvelles approches comme les Small Modular Reactors ainsi que la fusion nucl\u00e9aire annonc\u00e9e depuis des d\u00e9cennies. Parall\u00e8lement, il appara\u00eet clairement que le v\u00e9ritable d\u00e9fi r\u00e9side moins dans les technologies individuelles que dans la stabilit\u00e9 des syst\u00e8mes \u00e9nerg\u00e9tiques complexes. Le podcast montre \u00e0 quel point les questions d'\u00e9nergie, d'infrastructure et de d\u00e9veloppement technologique sont \u00e9troitement li\u00e9es - notamment dans le contexte des exigences croissantes de l'IA et de la num\u00e9risation.<\/p>\n<p><strong>10.03.2026<\/strong>La pr\u00e9sidente de la Commission europ\u00e9enne, Ursula von der Leyen, a soulign\u00e9 r\u00e9trospectivement le d\u00e9clin de l'\u00e9nergie nucl\u00e9aire en Europe lors d'un sommet international sur l'\u00e9nergie nucl\u00e9aire \u00e0 Paris. <a href=\"https:\/\/www.heise.de\/news\/Von-der-Leyen-Weniger-Atomkraft-rueckblickend-strategischer-Fehler-11205718.html\" target=\"_blank\" rel=\"noopener\"><strong>qualifi\u00e9 d\u201e\u201cerreur strat\u00e9gique<\/strong><\/a>. Elle a rappel\u00e9 que la part de l'\u00e9nergie nucl\u00e9aire dans la production d'\u00e9lectricit\u00e9 europ\u00e9enne \u00e9tait pass\u00e9e d'environ un tiers en 1990 \u00e0 environ 15 % aujourd'hui - ce qui a rendu l'Europe plus d\u00e9pendante des importations d'\u00e9nergie fossile, co\u00fbteuses et volatiles.<\/p>\n<div class=\"lyte-wrapper\" style=\"width:640px;max-width:100%;margin:5px;\"><div class=\"lyMe\" id=\"WYL_uDWSl1F2Knc\"><div id=\"lyte_uDWSl1F2Knc\" data-src=\"https:\/\/www.markus-schall.de\/wp-content\/plugins\/wp-youtube-lyte\/lyteCache.php?origThumbUrl=%2F%2Fi.ytimg.com%2Fvi%2FuDWSl1F2Knc%2Fhqdefault.jpg\" class=\"pL\"><div class=\"tC\"><div class=\"tT\"><\/div><\/div><div class=\"play\"><\/div><div class=\"ctrl\"><div class=\"Lctrl\"><\/div><div class=\"Rctrl\"><\/div><\/div><\/div><noscript><a href=\"https:\/\/youtu.be\/uDWSl1F2Knc\" rel=\"nofollow noopener\" target=\"_blank\"><img loading=\"lazy\" decoding=\"async\" src=\"https:\/\/www.markus-schall.de\/wp-content\/plugins\/wp-youtube-lyte\/lyteCache.php?origThumbUrl=https%3A%2F%2Fi.ytimg.com%2Fvi%2FuDWSl1F2Knc%2F0.jpg\" alt=\"Vignette de la vid\u00e9o YouTube\" width=\"640\" height=\"340\" \/><br \/>Lire cette vid\u00e9o sur YouTube<\/a><\/noscript><\/div><\/div><div class=\"lL\" style=\"max-width:100%;width:640px;margin:5px;\"><\/div><br \/>\nInnovation nucl\u00e9aire et s\u00e9curit\u00e9 \u00e9nerg\u00e9tique mondiale : la pr\u00e9sidente von der Leyen au Sommet sur l'\u00e9nergie nucl\u00e9aire | <a href=\"https:\/\/www.youtube.com\/@EuropeanCommission\" target=\"_blank\" rel=\"nofollow noopener\">Commission europ\u00e9enne<\/a><\/p>\n<p>Von der Leyen a annonc\u00e9 que l'Europe souhaitait participer au \u201erenouveau de l'\u00e9nergie nucl\u00e9aire\u201c dans le monde et a notamment annonc\u00e9 200 millions d'euros d'investissements garantis dans de petits r\u00e9acteurs modulaires (SMR), qui devraient \u00eatre op\u00e9rationnels au d\u00e9but des ann\u00e9es 2030, afin de rendre l'approvisionnement \u00e9nerg\u00e9tique plus s\u00fbr, moins cher et moins polluant.<\/p>\n<hr \/>\n<h2>L'erreur commune : l'IA comme \u201ecloud immat\u00e9riel\u201c<\/h2>\n<p>Beaucoup de gens se repr\u00e9sentent l'IA comme un logiciel d'autrefois : un programme qui tourne quelque part, est mis \u00e0 jour et c'est tout. Cette conception date d'une \u00e9poque o\u00f9 la puissance de calcul \u00e9tait relativement bon march\u00e9, limit\u00e9e localement et peu \u00e9nergivore. L'IA sort de ce cadre.<\/p>\n<p>Le terme \u201ecloud\u201c renforce encore cette impression. Il sonne doux, presque naturel. Les nuages flottent, ils ne p\u00e8sent rien. En r\u00e9alit\u00e9, il cache l'une des industries les plus \u00e9nergivores de notre \u00e9poque. De grands halls remplis d'ordinateurs ultraperformants qui fonctionnent 24 heures sur 24. Des milliers de kilom\u00e8tres de c\u00e2bles. Des installations de refroidissement massives. Maintenance permanente.<\/p>\n<p>La diff\u00e9rence avec les logiciels classiques ne r\u00e9side pas dans le principe, mais dans l'ordre de grandeur. L'IA n'\u00e9volue pas de mani\u00e8re lin\u00e9aire. Plus elle devient performante, plus ses besoins en ressources augmentent. Et ceux-ci n'augmentent pas quelque part de mani\u00e8re abstraite, mais tr\u00e8s concr\u00e8tement sur place.<\/p>\n<h3>Ce dont l'IA moderne a vraiment besoin<\/h3>\n<p>Pour comprendre pourquoi l'IA n'est plus un sujet purement logiciel, il est utile de jeter un coup d'\u0153il sur ses besoins fondamentaux. Les syst\u00e8mes d'IA modernes ont principalement besoin de trois choses : de puissance de calcul, d'\u00e9nergie et de refroidissement.<\/p>\n<p>La puissance de calcul n'est pas cr\u00e9\u00e9e ex nihilo. Elle est fournie par des puces sp\u00e9cialis\u00e9es, optimis\u00e9es pour l'apprentissage automatique. Ces puces travaillent en parall\u00e8le, extr\u00eamement rapidement - et consomment d'\u00e9normes quantit\u00e9s d'\u00e9nergie. Plus le mod\u00e8le d'IA est grand, plus ces puces doivent travailler simultan\u00e9ment. Un seul mod\u00e8le peut comporter des dizaines de milliers d'unit\u00e9s de calcul de ce type.<\/p>\n<p>La consommation d'\u00e9nergie n'est pas un effet secondaire, mais une donn\u00e9e centrale. L'IA ne calcule pas ponctuellement, mais en permanence. Les demandes arrivent 24 heures sur 24. Les entra\u00eenements durent des jours, voire des semaines. L'immobilisation n'est pas une option \u00e9conomique. Le syst\u00e8me doit fonctionner, que ce soit la nuit, le week-end ou les jours f\u00e9ri\u00e9s.<\/p>\n<p>Cela pose imm\u00e9diatement le probl\u00e8me suivant : la chaleur. L'\u00e9nergie \u00e9lectrique n'est pas enti\u00e8rement convertie en puissance de calcul. Une partie consid\u00e9rable se transforme en chaleur perdue. Sans un refroidissement co\u00fbteux, les ordinateurs IA modernes tomberaient rapidement en panne. Le refroidissement n\u00e9cessite lui-m\u00eame de l'\u00e9nergie - et souvent de l'eau.<\/p>\n<p>C'est l\u00e0 qu'il devient clair que l'IA est physique. Elle est li\u00e9e \u00e0 des lieux, \u00e0 des r\u00e9seaux, \u00e0 des ressources. Et elle devient donc in\u00e9vitablement une question de durabilit\u00e9, m\u00eame si l'on souhaite \u00e9viter ce mot.<\/p>\n<h3>Entra\u00eenement et utilisation : deux charges totalement diff\u00e9rentes<\/h3>\n<p>Un autre point qui passe souvent inaper\u00e7u dans le d\u00e9bat public est la diff\u00e9rence entre l'apprentissage d'une IA et son utilisation ult\u00e9rieure. On a tendance \u00e0 mettre les deux dans le m\u00eame sac, alors que les contraintes sont tr\u00e8s diff\u00e9rentes.<\/p>\n<p>Lors de l'entra\u00eenement, de grandes quantit\u00e9s de donn\u00e9es sont trait\u00e9es. Le syst\u00e8me apprend les relations, les mod\u00e8les, le langage, les images. Cette phase est extr\u00eamement intensive en termes de calcul. Elle est g\u00e9n\u00e9ralement concentr\u00e9e dans de grands centres de calcul et peut consommer d'\u00e9normes quantit\u00e9s d'\u00e9nergie. Un seul entra\u00eenement d'un grand mod\u00e8le peut consommer autant d'\u00e9lectricit\u00e9 qu'une petite ville sur une longue p\u00e9riode.<\/p>\n<p>Apr\u00e8s la formation vient l'utilisation. Ici, le mod\u00e8le n'est plus fondamentalement modifi\u00e9, mais appliqu\u00e9. Chaque requ\u00eate d\u00e9clenche des processus de calcul, mais \u00e0 plus petite \u00e9chelle. Le probl\u00e8me r\u00e9side dans la masse. Lorsque des millions ou des milliards de personnes utilisent quotidiennement l'IA, cet effort apparemment minime s'accumule et devient une charge de base permanente.<\/p>\n<p>Les deux phases sont pertinentes. L'entra\u00eenement assure des pics d'activit\u00e9, l'utilisation une consommation permanente. La durabilit\u00e9 doit prendre en compte les deux niveaux, sinon l'analyse reste incompl\u00e8te.<\/p>\n<h3>Pourquoi l'IA est diff\u00e9rente de la num\u00e9risation pr\u00e9c\u00e9dente<\/h3>\n<p>On pourrait argumenter que toute nouvelle technologie consomme de l'\u00e9nergie. C'est vrai. Mais l'IA se distingue des \u00e9tapes pr\u00e9c\u00e9dentes de la num\u00e9risation sur un point crucial : elle ne se contente pas de remplacer les processus existants, elle en cr\u00e9e de nouveaux.<\/p>\n<p>Internet a rendu la communication plus efficace. Les e-mails ont remplac\u00e9 les lettres, les vid\u00e9oconf\u00e9rences ont remplac\u00e9 les voyages d'affaires. L'IA, en revanche, est souvent utilis\u00e9e en compl\u00e9ment. Les textes ne sont pas seulement \u00e9crits, mais aussi modifi\u00e9s plusieurs fois. Les images ne sont pas seulement cr\u00e9\u00e9es, mais aussi produites en s\u00e9rie. Les d\u00e9cisions ne sont pas automatis\u00e9es et finalis\u00e9es, mais simul\u00e9es, \u00e9valu\u00e9es, recalcul\u00e9es.<\/p>\n<p>Les gains d'efficacit\u00e9 ne se traduisent souvent pas par des \u00e9conomies, mais par une utilisation accrue. Ce qui est bon march\u00e9 et rapidement disponible est plus souvent utilis\u00e9. Ce ph\u00e9nom\u00e8ne n'est pas nouveau, mais il est particuli\u00e8rement prononc\u00e9 dans le cas de l'IA. Plus elle s'am\u00e9liore, plus le d\u00e9sir de l'utiliser partout augmente. C'est pr\u00e9cis\u00e9ment pour cette raison qu'il est insuffisant d'esp\u00e9rer que la seule efficacit\u00e9 technique r\u00e9soudra le probl\u00e8me de la durabilit\u00e9. M\u00eame des syst\u00e8mes plus efficaces peuvent finir par entra\u00eener une augmentation de la consommation globale.<\/p>\n<p>Lorsque l'on parle aujourd'hui d'IA durable, on entend souvent un sous-entendu moral. C'est compr\u00e9hensible, mais pas toujours utile. Avant de parler du bien et du mal, il vaut la peine de jeter un coup d'\u0153il sur les bases physiques.<\/p>\n<p>L'\u00e9lectricit\u00e9 doit \u00eatre produite. La chaleur doit \u00eatre \u00e9vacu\u00e9e. L'eau est limit\u00e9e. Les r\u00e9seaux ont des limites de capacit\u00e9. Ces faits ne peuvent pas \u00eatre \u00e9cart\u00e9s, aussi avanc\u00e9s que soient les logiciels. La durabilit\u00e9 ne commence donc pas par de bonnes intentions, mais par une question :<\/p>\n<blockquote><p><em>Qu'est-ce qui est techniquement et infrastructurellement r\u00e9alisable ?<\/em><\/p><\/blockquote>\n<p>Ce n'est que lorsque cette base est comprise que des d\u00e9cisions judicieuses peuvent \u00eatre prises. Des d\u00e9cisions sur l'endroit o\u00f9 l'IA doit \u00eatre utilis\u00e9e, dans quelle mesure, et \u00e0 quel prix - \u00e9conomique et social.<\/p>\n<h3>La vraie question derri\u00e8re le d\u00e9bat<\/h3>\n<p>A la fin de ce premier chapitre, il n'y a pas encore d'\u00e9valuation, mais un d\u00e9placement de la perspective. La question d\u00e9cisive n'est pas : \u201eL'IA est-elle durable ?\u201c Cette question est trop g\u00e9n\u00e9rale et invite \u00e0 des r\u00e9ponses rapides.<\/p>\n<p>La question plus pr\u00e9cise est la suivante : quelle forme d'IA voulons-nous et que sommes-nous pr\u00eats \u00e0 d\u00e9penser pour cela ? L'\u00e9nergie, les ressources, l'infrastructure, les d\u00e9cisions politiques - tout cela fait partie de ce calcul. Ceux qui consid\u00e8rent l'IA comme un simple produit logiciel ne tiennent pas compte de ces interactions.<\/p>\n<p>Dans les prochains chapitres, il ne sera donc pas question de battage m\u00e9diatique ou de peur, mais de structures. De la politique \u00e9nerg\u00e9tique, du design des puces, des questions de localisation et des sc\u00e9narios d'avenir. Car ce n'est que lorsque l'on voit la machine derri\u00e8re la magie que l'on peut parler de son avenir de mani\u00e8re pertinente.<\/p>\n<p><img loading=\"lazy\" decoding=\"async\" class=\"alignnone wp-image-4598 size-large\" src=\"https:\/\/www.markus-schall.de\/wp-content\/uploads\/KI-Energie-Nachhaltigkeit-Cloud.jpg\" alt=\"Consommation d&#039;\u00e9nergie de l&#039;IA en nuage\" width=\"1024\" height=\"683\" srcset=\"https:\/\/www.markus-schall.de\/wp-content\/uploads\/KI-Energie-Nachhaltigkeit-Cloud.jpg 1024w, https:\/\/www.markus-schall.de\/wp-content\/uploads\/KI-Energie-Nachhaltigkeit-Cloud-300x200.jpg 300w, https:\/\/www.markus-schall.de\/wp-content\/uploads\/KI-Energie-Nachhaltigkeit-Cloud-768x512.jpg 768w, https:\/\/www.markus-schall.de\/wp-content\/uploads\/KI-Energie-Nachhaltigkeit-Cloud-18x12.jpg 18w\" sizes=\"auto, (max-width: 1024px) 100vw, 1024px\" \/><\/p>\n<h2>Le tournant politique - quand l'IA demande ses propres centrales \u00e9lectriques<\/h2>\n<p>Parfois, une seule phrase en dit plus sur l'\u00e9tat d'un d\u00e9veloppement que des pages d'\u00e9tudes. Lorsque Donald Trump a d\u00e9clar\u00e9 au Forum \u00e9conomique mondial de Davos que les entreprises d'IA devaient construire elles-m\u00eames leurs centrales \u00e9lectriques ou qu'elles devaient s'approvisionner en \u00e9nergie aupr\u00e8s d'autres entreprises, il a fait preuve d'une grande prudence. <a href=\"https:\/\/www.handelsblatt.com\/unternehmen\/energie\/ki-trump-will-tech-konzerne-fuer-neue-kraftwerke-bezahlen-lassen\/100192036.html\" target=\"_blank\" rel=\"noopener\"><strong>participer au financement<\/strong><\/a>, Ce n'\u00e9tait pas un plan directeur de politique \u00e9nerg\u00e9tique. Mais c'\u00e9tait un moment d'une honn\u00eatet\u00e9 remarquable. Car il y a dans cette phrase une prise de conscience qui ne dit pas son nom :<\/p>\n<p>L'intelligence artificielle n'est plus simplement une branche logicielle de plus, mais un complexe industriel aux besoins \u00e9nerg\u00e9tiques massifs.<\/p>\n<p>Ind\u00e9pendamment de l'\u00e9valuation politique de Trump, cette d\u00e9claration touche une corde sensible. Les grandes entreprises d'IA font d\u00e9sormais clairement savoir qu'\u00e0 long terme, elles ne peuvent plus compter sur les r\u00e9seaux \u00e9lectriques existants pour \u201er\u00e9pondre\u201c \u00e0 leurs besoins. Elles ont besoin de quantit\u00e9s d'\u00e9nergie planifiables, durables et importantes. Et c'est l\u00e0 que commence la dimension politique de la durabilit\u00e9 de l'IA.<\/p>\n<h3>Les centres de donn\u00e9es, une nouvelle industrie lourde<\/h3>\n<p>Pendant longtemps, les centres de donn\u00e9es ont \u00e9t\u00e9 consid\u00e9r\u00e9s comme une infrastructure relativement discr\u00e8te. Ils se trouvaient quelque part \u00e0 la p\u00e9riph\u00e9rie des villes, consommaient de l'\u00e9lectricit\u00e9, produisaient de la chaleur - et ne faisaient gu\u00e8re l'objet de d\u00e9bats publics. Cela est en train de changer radicalement.<\/p>\n<p>Les centres de donn\u00e9es modernes de l'IA \u00e9voluent dans un ordre de grandeur que l'on ne connaissait autrefois que dans l'industrie classique. Leurs besoins en \u00e9lectricit\u00e9 peuvent correspondre \u00e0 ceux d'un parc industriel de taille moyenne. Leurs exigences en mati\u00e8re de refroidissement sont complexes. Leur besoin en surface est croissant. Et surtout, ils ne fonctionnent pas seulement pendant la journ\u00e9e, mais 24 heures sur 24, sept jours sur sept.<\/p>\n<p>Elles se retrouvent ainsi automatiquement dans la m\u00eame cat\u00e9gorie que les aci\u00e9ries, les usines chimiques ou les raffineries. Auparavant, de telles installations \u00e9taient implant\u00e9es de mani\u00e8re cibl\u00e9e, accompagn\u00e9es politiquement et planifi\u00e9es dans le cadre de la politique \u00e9nerg\u00e9tique. Ce sont exactement les m\u00eames questions qui se posent d\u00e9sormais pour les infrastructures d'IA - mais beaucoup plus rapidement et souvent sans que les responsabilit\u00e9s soient clairement d\u00e9finies.<\/p>\n<h3>Pourquoi la politique ne peut pas \u00e9viter ce probl\u00e8me<\/h3>\n<p>L'\u00e9nergie n'est pas un march\u00e9 libre dans le vide. Les r\u00e9seaux \u00e9lectriques, les centrales \u00e9lectriques et les proc\u00e9dures d'autorisation sont r\u00e9glement\u00e9s politiquement, planifi\u00e9s \u00e0 long terme et sensibles \u00e0 la soci\u00e9t\u00e9. Si un seul centre de donn\u00e9es a soudainement besoin d'autant d'\u00e9lectricit\u00e9 qu'une ville enti\u00e8re, cela n'est pas sans cons\u00e9quences.<\/p>\n<p>La politique est ici confront\u00e9e \u00e0 un dilemme. D'une part, l'IA est consid\u00e9r\u00e9e comme une technologie cl\u00e9 pour la comp\u00e9titivit\u00e9 \u00e9conomique, l'innovation et la s\u00e9curit\u00e9 nationale. D'autre part, ses besoins en \u00e9nergie sont en concurrence directe avec les m\u00e9nages, les PME et l'industrie existante. L'augmentation des prix de l'\u00e9lectricit\u00e9, les co\u00fbts d'extension du r\u00e9seau et les goulets d'\u00e9tranglement locaux deviennent rapidement des conflits politiques.<\/p>\n<p>L'id\u00e9e que les entreprises d'IA devraient organiser elles-m\u00eames leur approvisionnement en \u00e9nergie n'est donc pas seulement pragmatique, mais aussi politiquement d\u00e9culpabilisante. Elle d\u00e9place les responsabilit\u00e9s. Au lieu de d\u00e9velopper les r\u00e9seaux publics et de les subventionner, les acteurs priv\u00e9s doivent cr\u00e9er leurs propres solutions. Cela semble conforme \u00e0 l'\u00e9conomie de march\u00e9 - mais les cons\u00e9quences sont importantes.<\/p>\n<h3>Trump et la question de l'\u00e9nergie tech - un tournant politique<\/h3>\n<p>Aux \u00c9tats-Unis, un \u00e9v\u00e9nement inhabituel <a href=\"https:\/\/www.cnbc.com\/2026\/01\/16\/trump-wants-tech-companies-to-foot-the-bill-for-new-power-plants-because-of-ai.html\" target=\"_blank\" rel=\"noopener\"><strong>proposition de politique \u00e9nerg\u00e9tique<\/strong><\/a> pour discussion : le pr\u00e9sident Donald Trump et plusieurs gouverneurs font pression pour que les grandes entreprises technologiques cofinancent de facto la construction de nouvelles centrales \u00e9lectriques afin de limiter la hausse des co\u00fbts de l'\u00e9lectricit\u00e9 pour les m\u00e9nages.<\/p>\n<p>La raison en est le besoin massif en \u00e9lectricit\u00e9 des centres de calcul, qui sont entre autres exploit\u00e9s pour des services d'intelligence artificielle et qui chargent sensiblement le r\u00e9seau. Il est pr\u00e9vu de mettre en place une vente aux ench\u00e8res dite de fiabilit\u00e9, dans le cadre de laquelle les groupes tech devraient conclure des contrats d'\u00e9lectricit\u00e9 \u00e0 long terme garantissant la construction de centrales \u00e9lectriques - ind\u00e9pendamment du fait qu'ils ach\u00e8tent effectivement ou non l'\u00e9lectricit\u00e9. Cela pourrait d\u00e9clencher des investissements de plusieurs milliards dans de nouvelles centrales \u00e9lectriques et r\u00e9duire la pression sur les r\u00e9seaux publics. Les critiques mettent toutefois en garde contre les effets secondaires possibles, comme l'augmentation des co\u00fbts pour les petits fournisseurs et une privatisation accrue des infrastructures \u00e9nerg\u00e9tiques.<\/p>\n<p><img loading=\"lazy\" decoding=\"async\" class=\"alignnone wp-image-4340 size-large\" src=\"https:\/\/www.markus-schall.de\/wp-content\/uploads\/Groenland-Trump.jpg\" alt=\"\" width=\"1024\" height=\"683\" srcset=\"https:\/\/www.markus-schall.de\/wp-content\/uploads\/Groenland-Trump.jpg 1024w, https:\/\/www.markus-schall.de\/wp-content\/uploads\/Groenland-Trump-300x200.jpg 300w, https:\/\/www.markus-schall.de\/wp-content\/uploads\/Groenland-Trump-768x512.jpg 768w, https:\/\/www.markus-schall.de\/wp-content\/uploads\/Groenland-Trump-18x12.jpg 18w\" sizes=\"auto, (max-width: 1024px) 100vw, 1024px\" \/><\/p>\n<h3>La logique derri\u00e8re \u201econstruisez vos propres centrales \u00e9lectriques\u201c.\u201c<\/h3>\n<p>Au premier abord, l'id\u00e9e semble radicale. Mais en y regardant de plus pr\u00e8s, elle suit une logique claire. Celui qui a besoin durablement de grandes quantit\u00e9s d'\u00e9nergie devrait \u00e9galement participer \u00e0 leur production. C'est ce qui s'est pass\u00e9 pendant longtemps dans l'industrie. Les usines exploitaient leurs propres centrales \u00e9lectriques ou concluaient des contrats de fourniture \u00e0 long terme.<\/p>\n<p>Pour les groupes d'IA, cela signifie concr\u00e8tement : leurs propres centrales \u00e9lectriques, leur propre stockage d'\u00e9lectricit\u00e9, des liens directs avec les producteurs ou des contrats de livraison exclusifs. Cela peut concerner le gaz, l'\u00e9nergie nucl\u00e9aire, les \u00e9nergies renouvelables ou des formes mixtes. Ce qui est d\u00e9cisif, ce n'est pas la technologie, mais la possibilit\u00e9 de planifier.<\/p>\n<p>Mais cela donne naissance \u00e0 une nouvelle forme d'infrastructure : les \u00eelots d'\u00e9nergie priv\u00e9s. Des centres de calcul haute performance avec leur propre approvisionnement, leur propre priorisation et leur propre protection. Ils sont moins d\u00e9pendants du r\u00e9seau public - et donc moins impliqu\u00e9s dans les m\u00e9canismes de compensation classiques.<\/p>\n<h3>Quand la politique d'implantation devient une politique \u00e9nerg\u00e9tique<\/h3>\n<p>C'est au plus tard \u00e0 ce moment-l\u00e0 que l'on comprend pourquoi l'infrastructure d'IA est politiquement explosive. L'emplacement d'un centre de donn\u00e9es n'est plus seulement choisi en fonction de la l\u00e9gislation fiscale ou de la main-d'\u0153uvre, mais aussi en fonction de la disponibilit\u00e9 de l'\u00e9nergie, de la situation en mati\u00e8re de permis et de la pr\u00e9visibilit\u00e9 politique.<\/p>\n<p>Les r\u00e9gions disposant de r\u00e9seaux stables, de sources d'\u00e9nergie bon march\u00e9 et d'une autorisation rapide deviennent plus attrayantes. D'autres prennent du retard. Cela peut renforcer les d\u00e9s\u00e9quilibres existants - entre les pays, au sein des \u00c9tats et m\u00eame entre les municipalit\u00e9s.<\/p>\n<p>Pour les d\u00e9cideurs locaux, il s'agit d'une situation in\u00e9dite. D'un c\u00f4t\u00e9, les centres de donn\u00e9es promettent des investissements et du prestige. De l'autre, ils ne g\u00e9n\u00e8rent gu\u00e8re d'emplois, mais des co\u00fbts d'infrastructure \u00e9lev\u00e9s. Les routes, les r\u00e9seaux, les raccordements \u00e0 l'eau et les mesures de s\u00e9curit\u00e9 doivent \u00eatre mis \u00e0 disposition, alors que les avantages directs restent limit\u00e9s.<\/p>\n<p>Ce qui semble abstrait dans les strat\u00e9gies nationales devient tr\u00e8s concret sur le terrain. Les citoyens demandent pourquoi de nouvelles conduites sont construites. Pourquoi l'eau se fait plus rare. Pourquoi les prix de l'\u00e9lectricit\u00e9 augmentent. Et pourquoi tout cela se produit pour que des textes soient g\u00e9n\u00e9r\u00e9s ou des images calcul\u00e9es quelque part.<\/p>\n<p>Cette question d'acceptation est souvent sous-estim\u00e9e. Alors que les produits industriels classiques sont tangibles, l'utilit\u00e9 de l'IA reste diffuse pour de nombreuses personnes. Cela complique la communication politique. La durabilit\u00e9 n'est ici pas seulement une cat\u00e9gorie technique, mais aussi sociale. Plus l'infrastructure devient visible, plus la pression pour la justifier augmente. L'IA ne peut pas \u00eatre consid\u00e9r\u00e9e durablement comme un service invisible alors que ses traces physiques sont de plus en plus \u00e9videntes.<\/p>\n<h3>D\u00e9placement du pouvoir gr\u00e2ce \u00e0 l'autosuffisance \u00e9nerg\u00e9tique<\/h3>\n<p>Un autre aspect est rarement discut\u00e9 ouvertement : L'autosuffisance \u00e9nerg\u00e9tique cr\u00e9e du pouvoir. Celui qui contr\u00f4le son propre approvisionnement est moins d\u00e9pendant des d\u00e9cisions politiques, des pannes de r\u00e9seau ou des interventions r\u00e9glementaires.<\/p>\n<p>Pour les grands groupes technologiques, c'est attrayant. Pour les \u00c9tats, cela peut \u00eatre probl\u00e9matique. Car les instruments classiques de contr\u00f4le - r\u00e9mun\u00e9ration du r\u00e9seau, priorisation, coupures - sont moins efficaces lorsque l'infrastructure critique est organis\u00e9e de mani\u00e8re priv\u00e9e.<\/p>\n<p>Un nouveau niveau de n\u00e9gociation entre la politique et les entreprises technologiques voit ainsi le jour. Il ne s'agit plus seulement de donn\u00e9es ou de r\u00e9glementation, mais d'\u00e9nergie, de surfaces et de ressources \u00e0 long terme.<\/p>\n<h3>Le point d'inflexion est atteint<\/h3>\n<p>Le premier chapitre a montr\u00e9 que l'IA est physique. Ce chapitre montre que ce physique devient politique. La d\u00e9claration selon laquelle les entreprises d'IA devraient construire elles-m\u00eames leurs centrales \u00e9lectriques ne marque pas un d\u00e9rapage, mais un tournant. Elle rend visible ce qui a souvent \u00e9t\u00e9 occult\u00e9 jusqu'\u00e0 pr\u00e9sent : L'IA n'est pas seulement une question d'algorithmes, mais aussi d'infrastructure, de pouvoir et de responsabilit\u00e9.<\/p>\n<p>Les prochains chapitres seront donc plus concrets. Il sera question de quantit\u00e9s d'\u00e9lectricit\u00e9, de refroidissement, d'eau et de limites techniques. Car ce n'est que lorsque ces bases seront comprises qu'il sera possible de parler de durabilit\u00e9 de mani\u00e8re r\u00e9aliste - au-del\u00e0 des slogans et des d\u00e9clarations d'intention bien senties.<\/p>\n<hr \/>\n<h3>Dernier sondage sur la politique \u00e9nerg\u00e9tique en Allemagne<\/h3>\n<div class='bootstrap-yop yop-poll-mc'>\n\t\t\t\t\t\t\t<div class=\"basic-yop-poll-container\" style=\"background-color:#ffffff; border:0px; border-style:solid; border-color:#000000; border-radius:5px; padding:0px 5px;\" data-id=\"14\" data-temp=\"basic-pretty\" data-skin=\"square\" data-cscheme=\"blue\" data-cap=\"0\" data-access=\"guest\" data-tid=\"\" data-uid=\"8b345c2aff06d0b6b96cb689233d1dbe\" data-pid=\"5147\" data-resdet=\"percentages\" data-show-results-to=\"guest\" data-show-results-moment=\"after-vote\" data-show-results-only=\"false\" data-show-message=\"true\" data-show-results-as=\"bar\" data-sort-results-by=\"as-defined\" data-sort-results-rule=\"asc\"data-is-ended=\"0\" data-percentages-decimals=\"2\" data-gdpr=\"no\" data-gdpr-sol=\"consent\" data-css=\".basic-yop-poll-container[data-uid] .basic-vote {\t\t\t\t\t\t\t\t\ttext-align: center;\t\t\t\t\t\t\t\t}\" data-counter=\"0\" data-load-with=\"1\" data-notification-section=\"top\"><div class=\"row\"><div class=\"col-md-12\"><div class=\"basic-inner\"><div class=\"basic-message hide\" style=\"border-left: 10px solid #008000; padding: 0px 10px;\" data-error=\"#ff0000\" data-success=\"#008000\"><p class=\"basic-message-text\" style=\"color:#000000; font-size:14px; font-weight:normal;\"><\/p><\/div><div class=\"basic-overlay hide\"><div class=\"basic-vote-options\"><\/div><div class=\"basic-preloader\"><div class=\"basic-windows8\"><div class=\"basic-wBall basic-wBall_1\"><div class=\"basic-wInnerBall\"><\/div><\/div><div class=\"basic-wBall basic-wBall_2\"><div class=\"basic-wInnerBall\"><\/div><\/div><div class=\"basic-wBall basic-wBall_3\"><div class=\"basic-wInnerBall\"><\/div><\/div><div class=\"basic-wBall basic-wBall_4\"><div class=\"basic-wInnerBall\"><\/div><\/div><div class=\"basic-wBall basic-wBall_5\"><div class=\"basic-wInnerBall\"><\/div><\/div><\/div><\/div><\/div><form class=\"basic-form\" action=\"\"><input type=\"hidden\" name=\"_token\" value=\"7ce6c2a3aa\" autocomplete=\"off\"><div class=\"basic-elements\"><div class=\"basic-element basic-question basic-question-text-vertical\" data-id=\"14\" data-uid=\"9e4387e07903404c1524f7a1d338e4cc\" data-type=\"question\" data-question-type=\"text\" data-required=\"yes\" data-allow-multiple=\"yes\" data-min=\"1\" data-max=\"3\" data-display=\"vertical\" data-colnum=\"\" data-display-others=\"no\" data-others-color=\"\" data-others=\"\" data-others-max-chars=\"0\"><div class=\"basic-question-title\"><h5 style=\"color:#000000; font-size:16px; font-weight:normal; text-align:left;\">Quelle politique \u00e9nerg\u00e9tique pr\u00e9f\u00e8rerais-tu pour l'Allemagne (max. 3) ?<\/h5><\/div><ul class=\"basic-answers\"><li class=\"basic-answer\" style=\"padding:0px 0px;\" data-id=\"93\" data-type=\"text\" data-vn=\"0\" data-color=\"#000000\" data-make-link=\"no\" data-link=\"\"><div class=\"basic-answer-content basic-text-vertical\"><label for=\"answer[93]\" class=\"basic-answer-label\"><input type=\"checkbox\" id=\"answer[93]\" name=\"answer[14]\" value=\"93\"><span class=\"basic-text\" style=\"color: #000000; font-size: 14px; font-weight: normal;\">Poursuivre r\u00e9solument le tournant \u00e9nerg\u00e9tique (\u00e9olien, solaire, stockage) et continuer \u00e0 importer du gaz (GNL)<\/span><\/label><\/div><\/li><li class=\"basic-answer\" style=\"padding:0px 0px;\" data-id=\"91\" data-type=\"text\" data-vn=\"0\" data-color=\"#000000\" data-make-link=\"no\" data-link=\"\"><div class=\"basic-answer-content basic-text-vertical\"><label for=\"answer[91]\" class=\"basic-answer-label\"><input type=\"checkbox\" id=\"answer[91]\" name=\"answer[14]\" value=\"91\"><span class=\"basic-text\" style=\"color: #000000; font-size: 14px; font-weight: normal;\">Poursuivre le tournant \u00e9nerg\u00e9tique, mais examiner et utiliser en plus le gaz indig\u00e8ne (fracking)<\/span><\/label><\/div><\/li><li class=\"basic-answer\" style=\"padding:0px 0px;\" data-id=\"89\" data-type=\"text\" data-vn=\"1\" data-color=\"#000000\" data-make-link=\"no\" data-link=\"\"><div class=\"basic-answer-content basic-text-vertical\"><label for=\"answer[89]\" class=\"basic-answer-label\"><input type=\"checkbox\" id=\"answer[89]\" name=\"answer[14]\" value=\"89\"><span class=\"basic-text\" style=\"color: #000000; font-size: 14px; font-weight: normal;\">Retour \u00e0 l'\u00e9nergie nucl\u00e9aire comme compl\u00e9ment stable \u00e0 l'\u00e9olien et au solaire<\/span><\/label><\/div><\/li><li class=\"basic-answer\" style=\"padding:0px 0px;\" data-id=\"87\" data-type=\"text\" data-vn=\"1\" data-color=\"#000000\" data-make-link=\"no\" data-link=\"\"><div class=\"basic-answer-content basic-text-vertical\"><label for=\"answer[87]\" class=\"basic-answer-label\"><input type=\"checkbox\" id=\"answer[87]\" name=\"answer[14]\" value=\"87\"><span class=\"basic-text\" style=\"color: #000000; font-size: 14px; font-weight: normal;\">Recourir davantage au gaz de pipeline bon march\u00e9 (p. ex. Russie) pour faire baisser les prix<\/span><\/label><\/div><\/li><li class=\"basic-answer\" style=\"padding:0px 0px;\" data-id=\"90\" data-type=\"text\" data-vn=\"0\" data-color=\"#000000\" data-make-link=\"no\" data-link=\"\"><div class=\"basic-answer-content basic-text-vertical\"><label for=\"answer[90]\" class=\"basic-answer-label\"><input type=\"checkbox\" id=\"answer[90]\" name=\"answer[14]\" value=\"90\"><span class=\"basic-text\" style=\"color: #000000; font-size: 14px; font-weight: normal;\">M\u00e9lange de tout : renouvelables + nucl\u00e9aire + autoproduction limit\u00e9e (y compris fracturation)<\/span><\/label><\/div><\/li><li class=\"basic-answer\" style=\"padding:0px 0px;\" data-id=\"94\" data-type=\"text\" data-vn=\"0\" data-color=\"#000000\" data-make-link=\"no\" data-link=\"\"><div class=\"basic-answer-content basic-text-vertical\"><label for=\"answer[94]\" class=\"basic-answer-label\"><input type=\"checkbox\" id=\"answer[94]\" name=\"answer[14]\" value=\"94\"><span class=\"basic-text\" style=\"color: #000000; font-size: 14px; font-weight: normal;\">R\u00e9duire davantage la consommation d'\u00e9nergie au lieu de d\u00e9velopper de nouvelles sources d'\u00e9nergie<\/span><\/label><\/div><\/li><li class=\"basic-answer\" style=\"padding:0px 0px;\" data-id=\"95\" data-type=\"text\" data-vn=\"0\" data-color=\"#000000\" data-make-link=\"no\" data-link=\"\"><div class=\"basic-answer-content basic-text-vertical\"><label for=\"answer[95]\" class=\"basic-answer-label\"><input type=\"checkbox\" id=\"answer[95]\" name=\"answer[14]\" value=\"95\"><span class=\"basic-text\" style=\"color: #000000; font-size: 14px; font-weight: normal;\">Viser l'ind\u00e9pendance \u00e9nerg\u00e9tique totale, m\u00eame si cela co\u00fbte plus cher \u00e0 court terme<\/span><\/label><\/div><\/li><li class=\"basic-answer\" style=\"padding:0px 0px;\" data-id=\"96\" data-type=\"text\" data-vn=\"0\" data-color=\"#000000\" data-make-link=\"no\" data-link=\"\"><div class=\"basic-answer-content basic-text-vertical\"><label for=\"answer[96]\" class=\"basic-answer-label\"><input type=\"checkbox\" id=\"answer[96]\" name=\"answer[14]\" value=\"96\"><span class=\"basic-text\" style=\"color: #000000; font-size: 14px; font-weight: normal;\">Ne sait pas \/ pas d'opinion claire<\/span><\/label><\/div><\/li><\/ul><\/div><div class=\"clearfix\"><\/div><\/div><div class=\"basic-vote\"><a href=\"#\" class=\"button basic-vote-button\" role=\"button\" style=\"background:#027bb8; border:0px; border-style: solid; border-color:#000000; border-radius:5px; padding:10px 10px; color:#ffffff; font-size:14px; font-weight:normal;\">Votez<\/a><\/div><input type=\"hidden\" name=\"trp-form-language\" value=\"fr\"\/><\/form><\/div><\/div><\/div><\/div>\n\t\t\t\t\t\t<\/div>\n<hr \/>\n<h2>Faim d'\u00e9lectricit\u00e9, refroidissement, eau - la r\u00e9alit\u00e9 physique de l'IA<\/h2>\n<p>Tant que l'IA sera consid\u00e9r\u00e9e comme un ph\u00e9nom\u00e8ne logiciel, les chiffres resteront abstraits. Quelques pour cent de puissance de calcul en plus par-ci, un nouveau mod\u00e8le par-l\u00e0. Mais d\u00e8s que l'on commence \u00e0 penser aux besoins \u00e9nerg\u00e9tiques en kilowattheures, m\u00e9gawatts ou m\u00eame t\u00e9rawattheures, la perspective change. Il ne s'agit alors plus de gadgets techniques, mais de ressources r\u00e9elles, de r\u00e9seaux, de centrales \u00e9lectriques et de conflits de distribution.<\/p>\n<p>Ce chapitre est pr\u00e9cis\u00e9ment consacr\u00e9 \u00e0 ce niveau. Non pas pour susciter la peur, mais pour dresser un tableau r\u00e9aliste. Car la durabilit\u00e9 commence l\u00e0 o\u00f9 les concepts abstraits sont traduits en limites physiques.<\/p>\n<h3>Combien d'\u00e9lectricit\u00e9 l'IA consomme-t-elle r\u00e9ellement ?<\/h3>\n<p>L'une des questions les plus fr\u00e9quemment pos\u00e9es est la suivante : \u201eCombien d'\u00e9nergie l'IA consomme-t-elle r\u00e9ellement ?\u201c La r\u00e9ponse honn\u00eate est la suivante : cela d\u00e9pend. En fonction du mod\u00e8le, de l'utilisation, de l'emplacement, du mat\u00e9riel. Il est n\u00e9anmoins possible de donner des ordres de grandeur - et ils sont r\u00e9v\u00e9lateurs.<\/p>\n<p>Les grands centres de calcul IA \u00e9voluent aujourd'hui dans des plages de puissance qui \u00e9taient autrefois typiques de sites industriels entiers. Les installations individuelles n\u00e9cessitent plusieurs centaines de m\u00e9gawatts de puissance connect\u00e9e. Cela correspond aux besoins en \u00e9lectricit\u00e9 de dizaines de milliers de foyers. Et il ne s'agit pas d'un pic ponctuel, mais d'une charge permanente.<\/p>\n<p>Ce qui est important ici, c'est que l'IA ne g\u00e9n\u00e8re pas de consommation saisonni\u00e8re comme les chauffages ou les climatiseurs. Elle fonctionne en continu. C'est ce qu'on appelle une charge de base. C'est pr\u00e9cis\u00e9ment ce type de consommation qui est particuli\u00e8rement exigeant pour les r\u00e9seaux \u00e9lectriques, car elle doit \u00eatre prot\u00e9g\u00e9e en permanence.<\/p>\n<p>Le point crucial n'est pas de savoir si cette demande en \u00e9lectricit\u00e9 est \u201etrop \u00e9lev\u00e9e\u201c, mais de savoir \u00e0 quelle vitesse elle cro\u00eet. Alors que les industries classiques se sont souvent d\u00e9velopp\u00e9es pendant des d\u00e9cennies, l'infrastructure de l'IA se d\u00e9veloppe en quelques ann\u00e9es. Les r\u00e9seaux, les centrales \u00e9lectriques et les proc\u00e9dures d'autorisation ne sont pas con\u00e7us pour fonctionner \u00e0 ce rythme.<\/p>\n<h3>Pourquoi les pr\u00e9visions sont souvent mal comprises<\/h3>\n<p>Dans le d\u00e9bat public, on cite volontiers de grands chiffres. Doublement de la consommation d'\u00e9lectricit\u00e9, explosion de la demande, charges massives. De telles affirmations ne sont pas fausses, mais elles sont souvent mal comprises.<\/p>\n<p>Elles ne signifient pas que la lumi\u00e8re s'\u00e9teindra demain. Elles signifient que les planifications \u00e0 long terme sont mises sous pression. Les r\u00e9seaux \u00e9lectriques sont construits pour des profils de charge sp\u00e9cifiques. Si ces profils changent radicalement, des goulets d'\u00e9tranglement apparaissent - au niveau local, r\u00e9gional ou national.<\/p>\n<p>Le probl\u00e8me n'est pas tant la consommation absolue que la concentration. Les centres de donn\u00e9es de l'IA ne sont pas r\u00e9partis uniform\u00e9ment. Ils se concentrent l\u00e0 o\u00f9 les r\u00e9seaux, le refroidissement et les conditions politiques sont adapt\u00e9s. C'est pr\u00e9cis\u00e9ment l\u00e0 que des conflits apparaissent.<\/p>\n<h3>Refroidissement : le deuxi\u00e8me syst\u00e8me invisible<\/h3>\n<p>L'\u00e9lectricit\u00e9 n'est qu'une moiti\u00e9 de la v\u00e9rit\u00e9. Chaque kilowattheure consomm\u00e9 par un centre de donn\u00e9es se transforme t\u00f4t ou tard en chaleur. Cette chaleur doit \u00eatre \u00e9vacu\u00e9e, sinon l'exploitation s'effondre. Le refroidissement n'est donc pas un suppl\u00e9ment, mais un syst\u00e8me d'exploitation central de l'infrastructure moderne de l'IA.<\/p>\n<p>Autrefois, le refroidissement par air suffisait. Des ventilateurs, des climatiseurs, de l'air chaud \u00e9vacu\u00e9. Avec la densit\u00e9 de puissance croissante des puces modernes, ce principe a atteint ses limites. Aujourd'hui, on utilise de plus en plus de syst\u00e8mes de refroidissement liquide, dans lesquels les fluides de refroidissement sont directement achemin\u00e9s vers les processeurs. Ces syst\u00e8mes sont plus efficaces, mais plus complexes. Ils n\u00e9cessitent des pompes, des \u00e9changeurs de chaleur, des m\u00e9canismes d'urgence. Et ils g\u00e9n\u00e8rent de nouvelles d\u00e9pendances : \u00e0 l'eau, aux liquides de refroidissement chimiques, \u00e0 des temp\u00e9ratures stables.<\/p>\n<p>Le refroidissement n'est pas un probl\u00e8me de d\u00e9tail. Il d\u00e9termine l'endroit o\u00f9 les centres de donn\u00e9es peuvent \u00eatre exploit\u00e9s. Les r\u00e9gions o\u00f9 les temp\u00e9ratures ext\u00e9rieures sont \u00e9lev\u00e9es, o\u00f9 les ressources en eau sont limit\u00e9es ou o\u00f9 les r\u00e9seaux sont instables sont rel\u00e9gu\u00e9es au second plan.<\/p>\n<p><img loading=\"lazy\" decoding=\"async\" class=\"alignnone wp-image-4599 size-large\" src=\"https:\/\/www.markus-schall.de\/wp-content\/uploads\/KI-Energie-Nachhaltigkeit-Kuehlung.jpg\" alt=\"Refroidissement des centres de donn\u00e9es de l&#039;IA\" width=\"1024\" height=\"683\" srcset=\"https:\/\/www.markus-schall.de\/wp-content\/uploads\/KI-Energie-Nachhaltigkeit-Kuehlung.jpg 1024w, https:\/\/www.markus-schall.de\/wp-content\/uploads\/KI-Energie-Nachhaltigkeit-Kuehlung-300x200.jpg 300w, https:\/\/www.markus-schall.de\/wp-content\/uploads\/KI-Energie-Nachhaltigkeit-Kuehlung-768x512.jpg 768w, https:\/\/www.markus-schall.de\/wp-content\/uploads\/KI-Energie-Nachhaltigkeit-Kuehlung-18x12.jpg 18w\" sizes=\"auto, (max-width: 1024px) 100vw, 1024px\" \/><\/p>\n<h3>L'eau : un goulet d'\u00e9tranglement souvent refoul\u00e9<\/h3>\n<p>Alors que l'on parle beaucoup d'\u00e9lectricit\u00e9, l'eau est \u00e9tonnamment souvent laiss\u00e9e de c\u00f4t\u00e9. Pourtant, elle est indispensable dans de nombreux concepts de refroidissement. Le refroidissement par \u00e9vaporation, les centrales de refroidissement, les \u00e9changeurs de chaleur - tout cela n\u00e9cessite de l'eau en quantit\u00e9s importantes. Dans les r\u00e9gions riches en eau, cela passe presque inaper\u00e7u. En revanche, dans les r\u00e9gions s\u00e8ches, l'eau devient rapidement un sujet politique. Lorsque les centres de calcul sont en concurrence avec l'agriculture, l'industrie et les m\u00e9nages, des conflits de r\u00e9partition apparaissent. Et ceux-ci ne peuvent pas \u00eatre r\u00e9solus simplement avec de l'argent.<\/p>\n<p>De plus, la consommation d'eau est locale. L'\u00e9lectricit\u00e9 peut \u00eatre transport\u00e9e par des r\u00e9seaux, l'eau seulement de mani\u00e8re limit\u00e9e. Cela rend le facteur de localisation encore plus critique. Un centre de donn\u00e9es ne peut pas \u00eatre construit l\u00e0 o\u00f9 les terrains sont favorables si l'eau fait d\u00e9faut.<\/p>\n<p>Le d\u00e9bat sur la durabilit\u00e9 de l'IA deviendra donc in\u00e9vitablement plus r\u00e9gional. Ce qui semble judicieux \u00e0 l'\u00e9chelle mondiale peut s'av\u00e9rer probl\u00e9matique au niveau local.<\/p>\n<p>L'argument souvent avanc\u00e9 est que les nouvelles technologies vont att\u00e9nuer le probl\u00e8me. Des puces plus efficaces, un meilleur refroidissement, des logiciels optimis\u00e9s. Ce n'est pas faux - mais incomplet. Les gains d'efficacit\u00e9 r\u00e9duisent la consommation par unit\u00e9 de calcul. Dans le m\u00eame temps, les co\u00fbts et les obstacles \u00e0 l'utilisation diminuent. Cela conduit souvent \u00e0 une utilisation plus fr\u00e9quente de l'IA et dans de nouveaux domaines. L'effet global peut alors m\u00eame \u00eatre une consommation plus \u00e9lev\u00e9e.<\/p>\n<p>Ce mod\u00e8le est connu dans d'autres domaines. Des moteurs plus efficaces n'ont pas entra\u00een\u00e9 une diminution du trafic, mais une augmentation. Un \u00e9clairage plus efficace n'a pas automatiquement r\u00e9duit la consommation d'\u00e9lectricit\u00e9, mais a augment\u00e9 l'utilisation. L'IA suit le m\u00eame principe.<\/p>\n<p>La durabilit\u00e9 ne peut donc pas \u00eatre r\u00e9solue uniquement par des moyens techniques. Elle est toujours une question de limites, de priorit\u00e9s et de choix conscients.<\/p>\n<h3>Les r\u00e9seaux \u00e9lectriques, un goulot d'\u00e9tranglement<\/h3>\n<p>Un autre aspect est souvent sous-estim\u00e9 : le r\u00e9seau \u00e9lectrique lui-m\u00eame. Construire des centrales \u00e9lectriques est co\u00fbteux, mais d\u00e9velopper des r\u00e9seaux est souvent encore plus compliqu\u00e9. Les autorisations, les trac\u00e9s, l'acceptation - tout cela prend du temps.<\/p>\n<p>Les centres de donn\u00e9es IA ont non seulement besoin de beaucoup d'\u00e9lectricit\u00e9, mais aussi de r\u00e9seaux stables. Les fluctuations de tension, les pannes ou les goulets d'\u00e9tranglement peuvent entra\u00eener des dommages co\u00fbteux. C'est pourquoi les exploitants pr\u00e9f\u00e8rent les sites o\u00f9 la qualit\u00e9 du r\u00e9seau est \u00e9lev\u00e9e. Cela conduit \u00e0 une situation paradoxale. C'est pr\u00e9cis\u00e9ment l\u00e0 o\u00f9 les r\u00e9seaux sont bien d\u00e9velopp\u00e9s que la pression augmente le plus. Les nouveaux gros consommateurs aggravent les goulets d'\u00e9tranglement existants. L'extension est \u00e0 la tra\u00eene.<\/p>\n<p>Cela montre une fois de plus que l'IA n'est pas un syst\u00e8me isol\u00e9. Elle agit en retour sur les infrastructures existantes et modifie leurs exigences.<\/p>\n<p>C'est au plus tard \u00e0 ce stade qu'il devient \u00e9vident que la r\u00e9alit\u00e9 physique de l'IA ne peut \u00eatre dissoci\u00e9e des questions soci\u00e9tales. L'\u00e9lectricit\u00e9, l'eau et les r\u00e9seaux sont des biens communs. Leur utilisation est politiquement r\u00e9glement\u00e9e et socialement sensible.<\/p>\n<p>Plus l'IA sollicite ces ressources, plus la question des priorit\u00e9s se pose :<\/p>\n<ul>\n<li>\u00c0 quoi sert l'\u00e9nergie ?<\/li>\n<li>Quelles applications justifient quel effort ?<\/li>\n<li>Et qui d\u00e9cide ?<\/li>\n<\/ul>\n<p>Les techniciens ne sont pas les seuls \u00e0 pouvoir r\u00e9pondre \u00e0 ces questions. Elles concernent \u00e0 la fois la politique, l'\u00e9conomie et la soci\u00e9t\u00e9.<\/p>\n<h3>La prise de conscience inconfortable<\/h3>\n<p>Ce chapitre m\u00e8ne \u00e0 une conclusion inconfortable, mais n\u00e9cessaire : l'IA n'est pas un produit num\u00e9rique \u201epropre\u201c. Elle est int\u00e9gr\u00e9e dans un monde mat\u00e9riel aux ressources limit\u00e9es. Toute utilisation a un co\u00fbt, m\u00eame si celui-ci n'est pas imm\u00e9diatement visible.<\/p>\n<p>Dans ce contexte, durabilit\u00e9 ne signifie pas renoncement, mais prise de conscience. Conscience des ordres de grandeur, des relations et des cons\u00e9quences. Ce n'est que lorsque cette r\u00e9alit\u00e9 est reconnue que des solutions viables peuvent \u00eatre d\u00e9velopp\u00e9es.<\/p>\n<p>Dans le chapitre suivant, l'attention se porte sur la technique elle-m\u00eame - sur les puces, les promesses d'efficacit\u00e9 et la question de savoir si le progr\u00e8s technique suffit \u00e0 lui seul pour relever ces d\u00e9fis.<\/p>\n<div class=\"lyte-wrapper\" style=\"width:640px;max-width:100%;margin:5px;\"><div class=\"lyMe\" id=\"WYL_xhm0LuQD_bo\"><div id=\"lyte_xhm0LuQD_bo\" data-src=\"https:\/\/www.markus-schall.de\/wp-content\/plugins\/wp-youtube-lyte\/lyteCache.php?origThumbUrl=%2F%2Fi.ytimg.com%2Fvi%2Fxhm0LuQD_bo%2Fhqdefault.jpg\" class=\"pL\"><div class=\"tC\"><div class=\"tT\"><\/div><\/div><div class=\"play\"><\/div><div class=\"ctrl\"><div class=\"Lctrl\"><\/div><div class=\"Rctrl\"><\/div><\/div><\/div><noscript><a href=\"https:\/\/youtu.be\/xhm0LuQD_bo\" rel=\"nofollow noopener\" target=\"_blank\"><img loading=\"lazy\" decoding=\"async\" src=\"https:\/\/www.markus-schall.de\/wp-content\/plugins\/wp-youtube-lyte\/lyteCache.php?origThumbUrl=https%3A%2F%2Fi.ytimg.com%2Fvi%2Fxhm0LuQD_bo%2F0.jpg\" alt=\"Vignette de la vid\u00e9o YouTube\" width=\"640\" height=\"340\" \/><br \/>Lire cette vid\u00e9o sur YouTube<\/a><\/noscript><\/div><\/div><div class=\"lL\" style=\"max-width:100%;width:640px;margin:5px;\"><\/div><br \/>\nIA et crise de l'eau : pourquoi les centres de donn\u00e9es consomment-ils trop d'eau ? | <a href=\"https:\/\/www.youtube.com\/@dwdeutsch\" target=\"_blank\" rel=\"nofollow noopener\">DW Fran\u00e7ais<\/a><\/p>\n<h2>Les puces, l'efficacit\u00e9 et l'illusion du processus technique d'autor\u00e9paration<\/h2>\n<p>Lorsque l'on \u00e9voque les \u00e9normes besoins en \u00e9nergie de l'IA, une phrase rassurante suit presque par r\u00e9flexe : la technique devient plus efficace. De nouvelles puces, de meilleurs logiciels, un refroidissement plus intelligent - le probl\u00e8me sera r\u00e9gl\u00e9 avec la prochaine g\u00e9n\u00e9ration. Cet espoir est compr\u00e9hensible. Il se nourrit de d\u00e9cennies d'exp\u00e9rience. Les ordinateurs sont devenus plus petits, plus rapides, plus \u00e9conomiques. Pourquoi en serait-il autrement pour l'IA ?<\/p>\n<p>La r\u00e9ponse est courte : les gains d'efficacit\u00e9 sont r\u00e9els, mais ils ne r\u00e9solvent pas automatiquement le probl\u00e8me de fond. Au contraire, ils peuvent m\u00eame l'aggraver. Pour comprendre cela, il vaut la peine de regarder de plus pr\u00e8s la technologie derri\u00e8re l'IA et les dynamiques que l'efficacit\u00e9 d\u00e9clenche.<\/p>\n<h3>Pourquoi les puces sp\u00e9cialis\u00e9es sont-elles si performantes - et si gourmandes ?<\/h3>\n<p>L'IA moderne ne fonctionne plus sur des processeurs universels classiques. Elle a besoin d'unit\u00e9s de calcul sp\u00e9cialis\u00e9es, capables d'effectuer de nombreux calculs simples en parall\u00e8le. C'est pr\u00e9cis\u00e9ment l\u00e0 que r\u00e9sident leurs forces - et leurs faiblesses. Ces puces sont con\u00e7ues pour traiter simultan\u00e9ment d'\u00e9normes quantit\u00e9s de donn\u00e9es. Elles ne calculent pas pas \u00e0 pas, mais par grands blocs. Cela les rend extr\u00eamement performantes, mais aussi tr\u00e8s gourmandes en \u00e9nergie. Plus la puissance de calcul est comprim\u00e9e, plus la chaleur d\u00e9gag\u00e9e est importante et plus le refroidissement est complexe.<\/p>\n<p>Le point crucial est le suivant : ces puces ne sont pas construites pour \u00eatre \u00e9conomes, mais pour fournir un d\u00e9bit maximal. L'efficacit\u00e9 joue un r\u00f4le, mais la performance est au premier plan. Car dans la comp\u00e9tition pour les capacit\u00e9s d'IA, la vitesse compte. Celui qui s'entra\u00eene plus rapidement, qui exploite des mod\u00e8les plus grands, se procure des avantages.<\/p>\n<p>Il en r\u00e9sulte un conflit d'objectifs structurel. L'efficacit\u00e9 est am\u00e9lior\u00e9e, mais pas au d\u00e9triment de l'augmentation des performances. La consommation globale ne diminue pas n\u00e9cessairement, mais se d\u00e9place.<\/p>\n<h3>Performance par watt - un indicateur important mais limit\u00e9<\/h3>\n<p>Ces derni\u00e8res ann\u00e9es, un nouvel indicateur s'est impos\u00e9 : Performance par watt. Il d\u00e9crit la puissance de calcul obtenue avec une certaine quantit\u00e9 d'\u00e9nergie. Cet indicateur est utile parce qu'il rend l'efficacit\u00e9 visible. Mais il ne s'agit pas d'une panac\u00e9e.<\/p>\n<p>Un syst\u00e8me deux fois plus efficace consomme deux fois moins d'\u00e9nergie pour la m\u00eame t\u00e2che. Mais si, de ce fait, il est utilis\u00e9 quatre fois plus souvent, la consommation totale augmente. C'est exactement le sch\u00e9ma que l'on observe r\u00e9guli\u00e8rement.<\/p>\n<p>La performance par watt est une optimisation technique. La durabilit\u00e9, en revanche, est une question de syst\u00e8me. Elle d\u00e9pend de la mani\u00e8re dont la technique est utilis\u00e9e, et pas seulement de la qualit\u00e9 de sa construction.<\/p>\n<p><img loading=\"lazy\" decoding=\"async\" class=\"alignnone wp-image-4600 size-large\" src=\"https:\/\/www.markus-schall.de\/wp-content\/uploads\/KI-Energie-Nachhaltigkeit-Chips.jpg\" alt=\"Efficacit\u00e9 des puces pour l&#039;intelligence artificielle\" width=\"1024\" height=\"683\" srcset=\"https:\/\/www.markus-schall.de\/wp-content\/uploads\/KI-Energie-Nachhaltigkeit-Chips.jpg 1024w, https:\/\/www.markus-schall.de\/wp-content\/uploads\/KI-Energie-Nachhaltigkeit-Chips-300x200.jpg 300w, https:\/\/www.markus-schall.de\/wp-content\/uploads\/KI-Energie-Nachhaltigkeit-Chips-768x512.jpg 768w, https:\/\/www.markus-schall.de\/wp-content\/uploads\/KI-Energie-Nachhaltigkeit-Chips-18x12.jpg 18w\" sizes=\"auto, (max-width: 1024px) 100vw, 1024px\" \/><\/p>\n<h3>Pourquoi l'efficacit\u00e9 entra\u00eene souvent une utilisation accrue<\/h3>\n<p>Ce ph\u00e9nom\u00e8ne n'est pas nouveau. Il \u00e9tait d\u00e9j\u00e0 d\u00e9crit au 19e si\u00e8cle, bien avant l'apparition des ordinateurs. L'efficacit\u00e9 r\u00e9duit les co\u00fbts et les obstacles. Ce qui devient moins cher et plus rapide est utilis\u00e9 plus souvent. Les exceptions sont rares.<\/p>\n<p>Cet effet est particuli\u00e8rement fort dans le cas de l'IA. Plus les mod\u00e8les deviennent efficaces, plus il est facile de les int\u00e9grer dans de nouvelles applications. Textes, images, vid\u00e9os, simulations - tout devient soudain possible, l\u00e0 o\u00f9 c'\u00e9tait auparavant trop cher ou trop lent.<\/p>\n<p>Cela ne conduit pas \u00e0 des \u00e9conomies, mais \u00e0 une expansion. L'IA ne se contente pas de remplacer les processus existants, elle en cr\u00e9e de nouveaux. L'efficacit\u00e9 devient un moteur de croissance.<\/p>\n<p>Ceux qui pensent la durabilit\u00e9 uniquement en termes d'optimisation technique ne voient pas cette dynamique. C'est comme si l'on esp\u00e9rait que des voitures plus efficaces r\u00e9duisent le trafic.<\/p>\n<h3>Le mythe de la \u201eprochaine grande perc\u00e9e\u201c<\/h3>\n<p>Un autre argument r\u00e9pandu est que la prochaine g\u00e9n\u00e9ration de puces va tout changer. Des sauts quantiques, de nouveaux mat\u00e9riaux, des architectures r\u00e9volutionnaires. De telles perc\u00e9es ne sont pas exclues, mais elles sont rares - et elles r\u00e9solvent rarement tous les probl\u00e8mes en m\u00eame temps.<\/p>\n<p>M\u00eame si une puce devient deux ou trois fois plus efficace, le sch\u00e9ma de base reste le m\u00eame. L'IA cro\u00eet, \u00e9volue et s'\u00e9tend. Chaque perc\u00e9e est imm\u00e9diatement traduite en nouvelles applications. Le progr\u00e8s technique est absorb\u00e9, pas utilis\u00e9 pour limiter.<\/p>\n<p>De plus, de nombreux gains d'efficacit\u00e9 sont d\u00e9j\u00e0 pris en compte. L'optimisation simple est faite. Les progr\u00e8s ult\u00e9rieurs seront plus complexes, plus co\u00fbteux et plus lents. Parall\u00e8lement, la demande augmente plus vite que l'efficacit\u00e9.<\/p>\n<h3>L'IA locale comme contre-mod\u00e8le - avec des limites<\/h3>\n<p>L'IA locale est un contre-mod\u00e8le souvent \u00e9voqu\u00e9. Des mod\u00e8les plus petits, moins de puissance de calcul, moins de besoins en \u00e9nergie. Ce mod\u00e8le est attrayant parce qu'il freine la mise \u00e0 l'\u00e9chelle et r\u00e9duit les d\u00e9pendances.<\/p>\n<p>Mais l\u00e0 encore, l'IA locale ne remplace pas toutes les applications. Les grands mod\u00e8les, les analyses complexes et les services mondiaux ne peuvent pas \u00eatre facilement d\u00e9centralis\u00e9s. L'efficacit\u00e9 locale all\u00e8ge le syst\u00e8me, mais elle n'annule pas la dynamique de base.<\/p>\n<p>La durabilit\u00e9 ne r\u00e9sulte pas automatiquement de la d\u00e9centralisation. Elle r\u00e9sulte d'un choix conscient de ce qui est utile au niveau local - et de ce qu'il ne faut peut-\u00eatre pas faire.<\/p>\n<h3>Pourquoi la technique seule n'assume pas de responsabilit\u00e9<\/h3>\n<p>La technique optimise ce qu'on lui donne. Elle ne conna\u00eet pas d'objectifs au-del\u00e0 de cette optimisation. La durabilit\u00e9, en revanche, est un objectif normatif. Il suppose que quelqu'un fixe des limites, \u00e9tablisse des priorit\u00e9s et prenne des d\u00e9cisions. Ceux qui esp\u00e8rent que la technique assumera cette responsabilit\u00e9 confondent les moyens et les fins. Les puces efficaces sont des outils. C'est leur utilisation qui d\u00e9termine si elles conduisent \u00e0 une consommation plus ou moins importante.<\/p>\n<p>Sur ce point, l'IA ne diff\u00e8re pas des technologies pr\u00e9c\u00e9dentes. La diff\u00e9rence r\u00e9side uniquement dans la vitesse et l'ampleur.<\/p>\n<h3>Le r\u00f4le inconfortable de la limitation<\/h3>\n<p>Limitation n'est pas un mot populaire. Il \u00e9voque le renoncement, l'immobilisme. En r\u00e9alit\u00e9, la limitation est une forme de contr\u00f4le. Elle permet de d\u00e9cider o\u00f9 la technique est utile et o\u00f9 elle ne l'est pas.<\/p>\n<p>L'IA durable ne na\u00eetra pas du fait que tout devient plus efficace. Elle na\u00eetra lorsqu'on d\u00e9cidera quelles applications sont prioritaires et lesquelles peuvent \u00eatre abandonn\u00e9es. Cette d\u00e9cision n'est pas technique, mais politique et sociale. L'efficacit\u00e9 peut aider. Elle peut soulager. Mais elle ne remplace pas une d\u00e9cision.<\/p>\n<p>Ce chapitre aboutit \u00e0 une conclusion interm\u00e9diaire claire : le progr\u00e8s technique est indispensable, mais il ne r\u00e9sout pas le probl\u00e8me de la durabilit\u00e9 par lui-m\u00eame. Des puces plus efficaces, de meilleurs logiciels et un refroidissement optimis\u00e9 font partie de la solution - mais ce n'est qu'une partie. Si l'on prend la durabilit\u00e9 au s\u00e9rieux, il faut parler d'utilisation, de mise \u00e0 l'\u00e9chelle et de limitation. Sur les objectifs, pas seulement sur les moyens.<\/p>\n<p>Dans le chapitre suivant, nous nous \u00e9loignons donc de la technique pure pour nous int\u00e9resser \u00e0 la question de l'\u00e9nergie elle-m\u00eame. D'o\u00f9 doit provenir l'\u00e9lectricit\u00e9 dont l'IA a besoin en permanence ? Et quelles sont les options r\u00e9alistes, au-del\u00e0 de l'id\u00e9ologie et des v\u0153ux pieux ?<\/p>\n<div class=\"lyte-wrapper\" style=\"width:640px;max-width:100%;margin:5px;\"><div class=\"lyMe\" id=\"WYL_DfvzxVeI46Q\"><div id=\"lyte_DfvzxVeI46Q\" data-src=\"https:\/\/www.markus-schall.de\/wp-content\/plugins\/wp-youtube-lyte\/lyteCache.php?origThumbUrl=%2F%2Fi.ytimg.com%2Fvi%2FDfvzxVeI46Q%2Fhqdefault.jpg\" class=\"pL\"><div class=\"tC\"><div class=\"tT\"><\/div><\/div><div class=\"play\"><\/div><div class=\"ctrl\"><div class=\"Lctrl\"><\/div><div class=\"Rctrl\"><\/div><\/div><\/div><noscript><a href=\"https:\/\/youtu.be\/DfvzxVeI46Q\" rel=\"nofollow noopener\" target=\"_blank\"><img loading=\"lazy\" decoding=\"async\" src=\"https:\/\/www.markus-schall.de\/wp-content\/plugins\/wp-youtube-lyte\/lyteCache.php?origThumbUrl=https%3A%2F%2Fi.ytimg.com%2Fvi%2FDfvzxVeI46Q%2F0.jpg\" alt=\"Vignette de la vid\u00e9o YouTube\" width=\"640\" height=\"340\" \/><br \/>Lire cette vid\u00e9o sur YouTube<\/a><\/noscript><\/div><\/div><div class=\"lL\" style=\"max-width:100%;width:640px;margin:5px;\"><\/div><br \/>\nLes besoins \u00e9nerg\u00e9tiques de l'IA : un d\u00e9fi croissant | <a href=\"https:\/\/www.youtube.com\/@dwdeutsch\" target=\"_blank\" rel=\"nofollow noopener\">DW Fran\u00e7ais<\/a><\/p>\n<h2>D'o\u00f9 doit venir l'\u00e9lectricit\u00e9 ? - Des options \u00e9nerg\u00e9tiques sans id\u00e9ologie<\/h2>\n<p>C'est au plus tard \u00e0 ce stade que la question de la durabilit\u00e9 ne peut plus \u00eatre abord\u00e9e de mani\u00e8re abstraite. Si l'IA n\u00e9cessite durablement de grandes quantit\u00e9s d'\u00e9lectricit\u00e9, une question simple mais inconfortable se pose in\u00e9vitablement : d'o\u00f9 doit provenir cette \u00e9lectricit\u00e9 ? Pas en th\u00e9orie, mais en pratique. Pas \u00e0 un moment donn\u00e9, mais de mani\u00e8re continue.<\/p>\n<p>Si cette question est si br\u00fblante, c'est parce qu'elle charge d'une nouvelle urgence les vieux conflits en mati\u00e8re de politique \u00e9nerg\u00e9tique. L'IA n'est pas un consommateur occasionnel, mais une charge permanente. Elle a besoin d'\u00e9lectricit\u00e9 quand elle en a besoin, et pas seulement quand le soleil brille ou quand le vent souffle. Cela fait d'elle une pierre de touche pour tout syst\u00e8me \u00e9nerg\u00e9tique.<\/p>\n<h3>Pourquoi l'IA a besoin d'une charge de base<\/h3>\n<p>Les syst\u00e8mes d'IA ne peuvent pas \u00eatre activ\u00e9s et d\u00e9sactiv\u00e9s \u00e0 volont\u00e9. Les cycles d'entra\u00eenement durent souvent des jours ou des semaines. Les services doivent \u00eatre disponibles 24 heures sur 24. Les interruptions ne sont pas seulement ennuyeuses, elles sont aussi \u00e9conomiquement co\u00fbteuses. Les besoins en \u00e9nergie de l'IA ressemblent donc \u00e0 ceux des industries classiques qui fonctionnent en continu. Elles ont besoin d'une capacit\u00e9 de charge de base. Cela signifie que l'\u00e9lectricit\u00e9 doit \u00eatre disponible en quantit\u00e9 suffisante \u00e0 tout moment, ind\u00e9pendamment de l'heure de la journ\u00e9e, du temps ou de la saison.<\/p>\n<p>C'est pr\u00e9cis\u00e9ment l\u00e0 que les difficult\u00e9s commencent. De nombreuses sources d'\u00e9nergie ne fournissent pas de l'\u00e9lectricit\u00e9 de mani\u00e8re constante. Elles sont fluctuantes ou saisonni\u00e8res. Ce n'est pas un probl\u00e8me fondamental tant qu'il y a suffisamment de compensation. Mais cette compensation est co\u00fbteuse, techniquement exigeante et souvent politiquement controvers\u00e9e.<\/p>\n<h3>Les \u00e9nergies renouvelables : indispensables mais pas suffisantes \u00e0 elles seules<\/h3>\n<p>Les \u00e9nergies renouvelables jouent un r\u00f4le central dans tout avenir durable. Il n'y a gu\u00e8re de doute \u00e0 ce sujet. Elles sont respectueuses du climat, de plus en plus rentables et accept\u00e9es par la soci\u00e9t\u00e9. Pourtant, elles se heurtent \u00e0 des limites lorsqu'il s'agit d'applications gourmandes en charge de base comme l'IA.<\/p>\n<p>Les \u00e9nergies solaire et \u00e9olienne fournissent de l'\u00e9lectricit\u00e9 lorsque les conditions sont favorables. Le stockage peut compenser les fluctuations, mais seulement de mani\u00e8re limit\u00e9e. Le stockage \u00e0 grande \u00e9chelle pendant des jours ou des semaines est techniquement possible, mais il est co\u00fbteux et n\u00e9cessite beaucoup de surface.<\/p>\n<p>Pour les centres de donn\u00e9es IA, cela signifie que les \u00e9nergies renouvelables peuvent apporter une contribution importante, mais qu'elles ne garantissent pas un approvisionnement continu. Sans mesures suppl\u00e9mentaires, il reste une lacune dans l'approvisionnement. Cette lacune doit \u00eatre combl\u00e9e - sinon la durabilit\u00e9 reste math\u00e9matique, mais pas r\u00e9elle.<\/p>\n<h3>Nucl\u00e9aire : une renaissance inconfortable<\/h3>\n<p>Peu de th\u00e8mes \u00e9nerg\u00e9tiques sont aussi charg\u00e9s d'\u00e9motion que l'\u00e9nergie nucl\u00e9aire. Il est donc d'autant plus remarquable qu'il soit soudain \u00e0 nouveau discut\u00e9 avec sobri\u00e9t\u00e9 dans le contexte de l'IA. Pas par enthousiasme, mais par besoin.<\/p>\n<p>L'\u00e9nergie nucl\u00e9aire fournit de grandes quantit\u00e9s d'\u00e9lectricit\u00e9 en continu, en utilisant peu de surface et ind\u00e9pendamment des conditions m\u00e9t\u00e9orologiques. C'est pr\u00e9cis\u00e9ment ce qui la rend attractive pour les centres de donn\u00e9es gourmands en \u00e9nergie. Non pas comme une panac\u00e9e, mais comme une base stable.<\/p>\n<p>Pour les entreprises d'IA, le d\u00e9bat de soci\u00e9t\u00e9 compte moins que la r\u00e9alit\u00e9 technique. La pr\u00e9visibilit\u00e9, la s\u00e9curit\u00e9 d'approvisionnement et les contrats \u00e0 long terme sont au premier plan. Le fait que les grands groupes technologiques s'int\u00e9ressent \u00e0 nouveau \u00e0 l'\u00e9nergie nucl\u00e9aire est donc moins id\u00e9ologique que pragmatique.<\/p>\n<p>Parall\u00e8lement, les probl\u00e8mes connus demeurent : longs d\u00e9lais de construction, co\u00fbts \u00e9lev\u00e9s, questions de stockage final, acceptation politique. L'\u00e9nergie nucl\u00e9aire n'est pas une solution rapide, mais une d\u00e9cision \u00e0 long terme avec des barri\u00e8res d'entr\u00e9e \u00e9lev\u00e9es.<\/p>\n<h3>Gaz : un pont \u00e0 risques<\/h3>\n<p>Le gaz naturel est souvent consid\u00e9r\u00e9 comme un compl\u00e9ment flexible. Il peut \u00eatre mis en route et arr\u00eat\u00e9 relativement rapidement, les centrales \u00e9lectriques sont relativement rapides \u00e0 construire, la technique est \u00e9prouv\u00e9e. Pour les centres de donn\u00e9es d'intelligence artificielle, le gaz peut constituer une solution de transition.<\/p>\n<p>Mais ce pont est fissur\u00e9. Le gaz est d'origine fossile. Il g\u00e9n\u00e8re des \u00e9missions et reste sensible sur le plan g\u00e9opolitique. M\u00eame avec le captage du CO\u2082, il reste un probl\u00e8me r\u00e9siduel. De plus, le prix du gaz est volatil. Pour la planification \u00e0 long terme, c'est un risque.<\/p>\n<p>Malgr\u00e9 tout, le gaz jouera un r\u00f4le dans de nombreux sc\u00e9narios. Non pas parce qu'il est id\u00e9al, mais parce que les alternatives manquent. Dans ce cas, la durabilit\u00e9 implique souvent de choisir entre de mauvaises options et des options moins mauvaises.<\/p>\n<p><img loading=\"lazy\" decoding=\"async\" class=\"alignnone wp-image-4601 size-large\" src=\"https:\/\/www.markus-schall.de\/wp-content\/uploads\/KI-Energie-Nachhaltigkeit-Kraftwerke.jpg\" alt=\"M\u00e9lange de toutes les formes d&#039;\u00e9nergie\" width=\"1024\" height=\"683\" srcset=\"https:\/\/www.markus-schall.de\/wp-content\/uploads\/KI-Energie-Nachhaltigkeit-Kraftwerke.jpg 1024w, https:\/\/www.markus-schall.de\/wp-content\/uploads\/KI-Energie-Nachhaltigkeit-Kraftwerke-300x200.jpg 300w, https:\/\/www.markus-schall.de\/wp-content\/uploads\/KI-Energie-Nachhaltigkeit-Kraftwerke-768x512.jpg 768w, https:\/\/www.markus-schall.de\/wp-content\/uploads\/KI-Energie-Nachhaltigkeit-Kraftwerke-18x12.jpg 18w\" sizes=\"auto, (max-width: 1024px) 100vw, 1024px\" \/><\/p>\n<h3>Stockage, r\u00e9seaux et d\u00e9penses sous-estim\u00e9es<\/h3>\n<p>On argumente souvent que le stockage r\u00e9soudrait le probl\u00e8me. Les grandes batteries, l'hydrog\u00e8ne, le pompage-turbinage. Toutes ces technologies existent - mais elles ne sont pas modulables \u00e0 volont\u00e9.<\/p>\n<p>Les syst\u00e8mes de stockage sont co\u00fbteux, gourmands en mat\u00e9riaux et eux-m\u00eames gourmands en \u00e9nergie. Ils sont utiles pour compenser les fluctuations, mais ils ne remplacent pas une production durable. Plus la consommation est importante, plus le stockage doit l'\u00eatre \u00e9galement. Ce n'est pas une limite th\u00e9orique, mais physique.<\/p>\n<p>A cela s'ajoutent les r\u00e9seaux. L'\u00e9lectricit\u00e9 ne doit pas seulement \u00eatre produite, mais aussi transport\u00e9e. Les centres de calcul \u00e0 haute performance ont besoin de connexions performantes. Le d\u00e9veloppement de ces r\u00e9seaux est co\u00fbteux, long et conflictuel.<\/p>\n<h3>Approvisionnement priv\u00e9 en \u00e9nergie : Retour aux anciens sch\u00e9mas<\/h3>\n<p>Face \u00e0 ces d\u00e9fis, une vieille id\u00e9e retrouve une nouvelle actualit\u00e9 : l'approvisionnement priv\u00e9 en \u00e9nergie. Autrefois, les grandes industries exploitaient leurs propres centrales \u00e9lectriques ou concluaient des contrats de fourniture exclusifs. Les groupes d'IA s'orientent de plus en plus dans cette direction.<\/p>\n<p>Des centrales \u00e9lectriques propres, un stockage propre, des connexions directes - tout cela r\u00e9duit les d\u00e9pendances. En m\u00eame temps, cette infrastructure \u00e9chappe en partie au contr\u00f4le public. L'\u00e9lectricit\u00e9 devient une ressource priv\u00e9e.<\/p>\n<p>Cette \u00e9volution est rationnelle, mais elle n'est pas neutre sur le plan social. Elle d\u00e9place les rapports de force. Celui qui contr\u00f4le l'\u00e9nergie contr\u00f4le la marge de man\u0153uvre. Cela vaut aussi bien pour les \u00c9tats que pour les entreprises.<\/p>\n<h3>La durabilit\u00e9 sans illusions<\/h3>\n<p>C'est \u00e0 ce stade que l'on comprend pourquoi les d\u00e9bats id\u00e9ologiques ne sont gu\u00e8re utiles. Il n'existe pas de solution parfaite. Chaque source d'\u00e9nergie pr\u00e9sente des avantages et des inconv\u00e9nients. Chaque d\u00e9cision entra\u00eene des conflits d'objectifs.<\/p>\n<p>La durabilit\u00e9 ne consiste pas ici \u00e0 trouver la \u201ebonne\u201c technologie, mais \u00e0 nommer ouvertement les cons\u00e9quences de chaque option. Quels risques acceptons-nous ? Quelles d\u00e9pendances acceptons-nous ? Quels sont les co\u00fbts que nous supportons - et qui les supporte ?<\/p>\n<p>L'IA nous oblige \u00e0 nous poser ces questions \u00e0 nouveau, car elle condense et acc\u00e9l\u00e8re les besoins en \u00e9nergie.<\/p>\n<p>Ce chapitre marque un changement de mentalit\u00e9. La question n'est plus de savoir si l'IA peut \u00eatre exploit\u00e9e de mani\u00e8re durable, mais dans quelles conditions. L'\u00e9nergie est le facteur limitant. Pas la puissance de calcul, pas le logiciel, mais l'\u00e9lectricit\u00e9.<\/p>\n<p>Le prochain chapitre sera donc consacr\u00e9 aux visions d'avenir qui \u00e9mergent de ces conditions. Non pas sous forme de pr\u00e9visions, mais de sc\u00e9narios. Car la durabilit\u00e9 de l'IA ne se d\u00e9cide pas sur une seule perc\u00e9e, mais sur la somme de nos d\u00e9cisions.<\/p>\n<h3>Les besoins \u00e9nerg\u00e9tiques invisibles des technologies modernes<\/h3>\n<p>La fulgurance de la fo<a href=\"https:\/\/www.markus-schall.de\/fr\/2026\/04\/fracking-lng-et-politique-energetique-une-analyse-lucide-des-risques-des-opportunites-et-de-la-realite\/\"><img loading=\"lazy\" decoding=\"async\" class=\"alignright size-medium wp-image-5621\" src=\"https:\/\/www.markus-schall.de\/wp-content\/uploads\/Fracking-Energiepolitik-300x200.jpg\" alt=\"Fracturation du gaz naturel et politique \u00e9nerg\u00e9tique\" width=\"300\" height=\"200\" srcset=\"https:\/\/www.markus-schall.de\/wp-content\/uploads\/Fracking-Energiepolitik-300x200.jpg 300w, https:\/\/www.markus-schall.de\/wp-content\/uploads\/Fracking-Energiepolitik-768x512.jpg 768w, https:\/\/www.markus-schall.de\/wp-content\/uploads\/Fracking-Energiepolitik-18x12.jpg 18w, https:\/\/www.markus-schall.de\/wp-content\/uploads\/Fracking-Energiepolitik.jpg 1024w\" sizes=\"auto, (max-width: 300px) 100vw, 300px\" \/><\/a>es progr\u00e8s dans le domaine de l'intelligence artificielle n'apportent pas seulement de nouvelles possibilit\u00e9s, mais aussi un facteur souvent sous-estim\u00e9 : l'augmentation des besoins en \u00e9nergie. Les centres de calcul, les mod\u00e8les d'entra\u00eenement et l'infrastructure num\u00e9rique n\u00e9cessitent d'\u00e9normes quantit\u00e9s d'\u00e9lectricit\u00e9 - et donc, indirectement, des sources d'\u00e9nergie fiables. Dans ce contexte, la question de l'origine de cette \u00e9nergie prend de plus en plus d'importance. L'article sur <a href=\"https:\/\/www.markus-schall.de\/fr\/2026\/04\/fracking-lng-et-politique-energetique-une-analyse-lucide-des-risques-des-opportunites-et-de-la-realite\/\"><strong>Fracking en Allemagne<\/strong><\/a> compl\u00e8te cette perspective par un aspect d\u00e9cisif : quel r\u00f4le pourraient jouer les r\u00e9serves de gaz locales dans un syst\u00e8me de plus en plus d\u00e9pendant de la disponibilit\u00e9 continue de l'\u00e9nergie ? C'est pr\u00e9cis\u00e9ment dans l'interaction entre le d\u00e9veloppement technologique et la politique \u00e9nerg\u00e9tique que l'on voit \u00e0 quel point les deux domaines sont \u00e9troitement li\u00e9s - et pourquoi les strat\u00e9gies \u00e0 long terme doivent \u00eatre pens\u00e9es au-del\u00e0 des technologies individuelles.<\/p>\n<hr \/>\n<h3>Derni\u00e8re enqu\u00eate sur l'utilisation des syst\u00e8mes d'IA locaux<\/h3>\n<div class='bootstrap-yop yop-poll-mc'>\n\t\t\t\t\t\t\t<div class=\"basic-yop-poll-container\" style=\"background-color:#ffffff; border:0px; border-style:solid; border-color:#000000; border-radius:5px; padding:0px 5px;\" data-id=\"9\" data-temp=\"basic-pretty\" data-skin=\"square\" data-cscheme=\"blue\" data-cap=\"0\" data-access=\"guest\" data-tid=\"\" data-uid=\"196b8c2e8df4befe03af63bf4c8f12be\" data-pid=\"5147\" data-resdet=\"votes-number,percentages\" data-show-results-to=\"guest\" data-show-results-moment=\"after-vote\" data-show-results-only=\"false\" data-show-message=\"true\" data-show-results-as=\"bar\" data-sort-results-by=\"as-defined\" data-sort-results-rule=\"asc\"data-is-ended=\"0\" data-percentages-decimals=\"2\" data-gdpr=\"no\" data-gdpr-sol=\"consent\" data-css=\".basic-yop-poll-container[data-uid] .basic-vote {\t\t\t\t\t\t\t\t\ttext-align: center;\t\t\t\t\t\t\t\t}\" data-counter=\"0\" data-load-with=\"1\" data-notification-section=\"top\"><div class=\"row\"><div class=\"col-md-12\"><div class=\"basic-inner\"><div class=\"basic-message hide\" style=\"border-left: 10px solid #008000; padding: 0px 10px;\" data-error=\"#ff0000\" data-success=\"#008000\"><p class=\"basic-message-text\" style=\"color:#000000; font-size:14px; font-weight:normal;\"><\/p><\/div><div class=\"basic-overlay hide\"><div class=\"basic-vote-options\"><\/div><div class=\"basic-preloader\"><div class=\"basic-windows8\"><div class=\"basic-wBall basic-wBall_1\"><div class=\"basic-wInnerBall\"><\/div><\/div><div class=\"basic-wBall basic-wBall_2\"><div class=\"basic-wInnerBall\"><\/div><\/div><div class=\"basic-wBall basic-wBall_3\"><div class=\"basic-wInnerBall\"><\/div><\/div><div class=\"basic-wBall basic-wBall_4\"><div class=\"basic-wInnerBall\"><\/div><\/div><div class=\"basic-wBall basic-wBall_5\"><div class=\"basic-wInnerBall\"><\/div><\/div><\/div><\/div><\/div><form class=\"basic-form\" action=\"\"><input type=\"hidden\" name=\"_token\" value=\"0521a14026\" autocomplete=\"off\"><div class=\"basic-elements\"><div class=\"basic-element basic-question basic-question-text-vertical\" data-id=\"9\" data-uid=\"e8f5a99d4e286018a37d306ab77bcc10\" data-type=\"question\" data-question-type=\"text\" data-required=\"yes\" data-allow-multiple=\"no\" data-min=\"1\" data-max=\"7\" data-display=\"vertical\" data-colnum=\"\" data-display-others=\"no\" data-others-color=\"\" data-others=\"\" data-others-max-chars=\"0\"><div class=\"basic-question-title\"><h5 style=\"color:#000000; font-size:16px; font-weight:normal; text-align:left;\">Quelle est ta position sur les logiciels d'intelligence artificielle fonctionnant en local, comme MLX ou Ollama ?<\/h5><\/div><ul class=\"basic-answers\"><li class=\"basic-answer\" style=\"padding:0px 0px;\" data-id=\"45\" data-type=\"text\" data-vn=\"141\" data-color=\"#000000\" data-make-link=\"no\" data-link=\"\"><div class=\"basic-answer-content basic-text-vertical\"><label for=\"answer[45]\" class=\"basic-answer-label\"><input type=\"radio\" id=\"answer[45]\" name=\"answer[9]\" value=\"45\"><span class=\"basic-text\" style=\"color: #000000; font-size: 14px; font-weight: normal;\">Ing\u00e9nieux - enfin ind\u00e9pendant du cloud<\/span><\/label><\/div><\/li><li class=\"basic-answer\" style=\"padding:0px 0px;\" data-id=\"46\" data-type=\"text\" data-vn=\"25\" data-color=\"#000000\" data-make-link=\"no\" data-link=\"\"><div class=\"basic-answer-content basic-text-vertical\"><label for=\"answer[46]\" class=\"basic-answer-label\"><input type=\"radio\" id=\"answer[46]\" name=\"answer[9]\" value=\"46\"><span class=\"basic-text\" style=\"color: #000000; font-size: 14px; font-weight: normal;\">Int\u00e9ressant, mais (encore) trop compliqu\u00e9<\/span><\/label><\/div><\/li><li class=\"basic-answer\" style=\"padding:0px 0px;\" data-id=\"47\" data-type=\"text\" data-vn=\"28\" data-color=\"#000000\" data-make-link=\"no\" data-link=\"\"><div class=\"basic-answer-content basic-text-vertical\"><label for=\"answer[47]\" class=\"basic-answer-label\"><input type=\"radio\" id=\"answer[47]\" name=\"answer[9]\" value=\"47\"><span class=\"basic-text\" style=\"color: #000000; font-size: 14px; font-weight: normal;\">Je vais bient\u00f4t l'essayer<\/span><\/label><\/div><\/li><li class=\"basic-answer\" style=\"padding:0px 0px;\" data-id=\"48\" data-type=\"text\" data-vn=\"5\" data-color=\"#000000\" data-make-link=\"no\" data-link=\"\"><div class=\"basic-answer-content basic-text-vertical\"><label for=\"answer[48]\" class=\"basic-answer-label\"><input type=\"radio\" id=\"answer[48]\" name=\"answer[9]\" value=\"48\"><span class=\"basic-text\" style=\"color: #000000; font-size: 14px; font-weight: normal;\">Je n'en ai pas besoin - le cloud me suffit<\/span><\/label><\/div><\/li><li class=\"basic-answer\" style=\"padding:0px 0px;\" data-id=\"49\" data-type=\"text\" data-vn=\"4\" data-color=\"#000000\" data-make-link=\"no\" data-link=\"\"><div class=\"basic-answer-content basic-text-vertical\"><label for=\"answer[49]\" class=\"basic-answer-label\"><input type=\"radio\" id=\"answer[49]\" name=\"answer[9]\" value=\"49\"><span class=\"basic-text\" style=\"color: #000000; font-size: 14px; font-weight: normal;\">Je ne sais pas de quoi il s'agit exactement.<\/span><\/label><\/div><\/li><\/ul><\/div><div class=\"clearfix\"><\/div><\/div><div class=\"basic-vote\"><a href=\"#\" class=\"button basic-vote-button\" role=\"button\" style=\"background:#027bb8; border:0px; border-style: solid; border-color:#000000; border-radius:5px; padding:10px 10px; color:#ffffff; font-size:14px; font-weight:normal;\">Votez<\/a><\/div><input type=\"hidden\" name=\"trp-form-language\" value=\"fr\"\/><\/form><\/div><\/div><\/div><\/div>\n\t\t\t\t\t\t<\/div>\n<hr \/>\n<h2>Trois sc\u00e9narios d'avenir - \u00e0 quel point l'IA peut r\u00e9ellement devenir durable<\/h2>\n<p>Apr\u00e8s cinq chapitres remplis de chiffres, de limites techniques et de tensions politiques, on pourrait facilement avoir l'impression que l'IA se dirige in\u00e9vitablement vers un probl\u00e8me de durabilit\u00e9 qu'il est difficile d'appr\u00e9hender. Ce point de vue serait compr\u00e9hensible - mais il serait trop r\u00e9ducteur.<\/p>\n<p>L'avenir de l'IA n'est pas fig\u00e9. Il ne r\u00e9sulte pas d'une seule perc\u00e9e technologique, mais de nombreuses d\u00e9cisions prises aujourd'hui et dans les ann\u00e9es \u00e0 venir. Des d\u00e9cisions sur la mani\u00e8re dont l'IA sera utilis\u00e9e, sur le lieu o\u00f9 elle sera exploit\u00e9e et sur la place qu'elle occupera par rapport \u00e0 d'autres objectifs de la soci\u00e9t\u00e9.<\/p>\n<p>Pour rendre cette ouverture tangible, il est utile de ne pas parler d'un avenir unique, mais de voies de d\u00e9veloppement possibles. Trois sc\u00e9narios de ce type peuvent d\u00e9j\u00e0 \u00eatre identifi\u00e9s aujourd'hui. Aucun d'entre eux n'est garanti, aucun n'est totalement irr\u00e9aliste. La r\u00e9alit\u00e9 contiendra probablement des \u00e9l\u00e9ments des trois.<\/p>\n<h3>Sc\u00e9nario 1 : Centralisation et enclaves \u00e9nerg\u00e9tiques<\/h3>\n<p>Dans ce sc\u00e9nario, la logique de la mise \u00e0 l'\u00e9chelle se poursuit de mani\u00e8re cons\u00e9quente. Les grands fournisseurs d'IA concentrent la puissance de calcul dans quelques sites extr\u00eamement performants. Ces sites disposent de leurs propres sources d'\u00e9nergie, de leurs propres connexions au r\u00e9seau et parfois de leurs propres solutions de stockage. Ils sont hautement optimis\u00e9s, cloisonn\u00e9s et efficaces au sens industriel du terme.<\/p>\n<p>Les avantages de ce mod\u00e8le sont \u00e9vidents. L'approvisionnement en \u00e9nergie devient planifiable, les pannes sont minimis\u00e9es, les co\u00fbts peuvent \u00eatre calcul\u00e9s \u00e0 long terme. L'IA devient fiable, performante et disponible \u00e0 l'\u00e9chelle mondiale. Pour les entreprises et les \u00c9tats qui misent sur le leadership technologique, ce sc\u00e9nario est attractif.<\/p>\n<p>Le prix est \u00e9galement clair. L'\u00e9nergie est davantage privatis\u00e9e. L'infrastructure \u00e9chappe en partie au contr\u00f4le public. Les d\u00e9s\u00e9quilibres r\u00e9gionaux augmentent. L'acceptation sur place devient un chantier permanent. La durabilit\u00e9 est ici surtout comprise en termes techniques, moins en termes sociaux.<\/p>\n<p>Ce sc\u00e9nario est r\u00e9aliste parce qu'il s'inscrit dans la continuit\u00e9 de sch\u00e9mas existants. Il ne s'agit pas d'une rupture radicale, mais d'une poursuite de la logique industrielle avec de nouveaux moyens.<\/p>\n<h3>Sc\u00e9nario 2 : efficacit\u00e9, r\u00e9glementation et limitation d\u00e9lib\u00e9r\u00e9e<\/h3>\n<p>Une autre vision de l'avenir mise davantage sur le pilotage. Dans ce sc\u00e9nario, la politique et la soci\u00e9t\u00e9 reconnaissent que la mise \u00e0 l'\u00e9chelle illimit\u00e9e n'a pas de sens, ni techniquement ni socialement. L'IA est utilis\u00e9e de mani\u00e8re cibl\u00e9e, prioris\u00e9e et r\u00e9glement\u00e9e.<\/p>\n<p>L'efficacit\u00e9 reste importante, mais elle est compl\u00e9t\u00e9e par des conditions cadres. Certaines applications sont privil\u00e9gi\u00e9es, d'autres volontairement restreintes. Les courses d'entra\u00eenement \u00e0 forte consommation d'\u00e9nergie sont soumises \u00e0 des conditions. Les d\u00e9cisions d'implantation sont davantage coordonn\u00e9es. La durabilit\u00e9 n'est pas laiss\u00e9e au seul march\u00e9.<\/p>\n<p>L'avantage de ce mod\u00e8le r\u00e9side dans l'\u00e9quilibre. L'IA reste performante, mais int\u00e9gr\u00e9e. Les questions d'\u00e9nergie et d'infrastructure sont pens\u00e9es conjointement. Les charges sont r\u00e9parties de mani\u00e8re plus transparente.<\/p>\n<p>L'inconv\u00e9nient r\u00e9side dans la complexit\u00e9. La r\u00e9glementation co\u00fbte du temps, la concertation co\u00fbte de la vitesse. La pression de l'innovation entre en conflit avec les processus de planification. Ce sc\u00e9nario exige une capacit\u00e9 d'action politique et un consensus social, deux \u00e9l\u00e9ments qui ne vont pas de soi. Pourtant, ce sc\u00e9nario n'est pas utopique. De nombreuses industries ont \u00e9t\u00e9 int\u00e9gr\u00e9es de mani\u00e8re similaire sans perdre leur efficacit\u00e9. Il pr\u00e9suppose que l'IA ne soit pas consid\u00e9r\u00e9e comme une fin en soi, mais comme un outil.<\/p>\n<h3>Sc\u00e9nario 3 : IA d\u00e9centralis\u00e9e et locale<\/h3>\n<p>Le troisi\u00e8me sc\u00e9nario d\u00e9place l'accent. Au lieu de construire des syst\u00e8mes centralis\u00e9s toujours plus grands, l'IA est utilis\u00e9e de mani\u00e8re plus d\u00e9centralis\u00e9e. Des mod\u00e8les plus petits, une puissance de calcul locale, des applications sp\u00e9cialis\u00e9es. Toutes les t\u00e2ches ne n\u00e9cessitent pas une puissance maximale.<\/p>\n<p>Dans ce mod\u00e8le, l'IA est rapproch\u00e9e du lieu d'utilisation. Les entreprises exploitent leurs propres syst\u00e8mes. Les appareils deviennent plus performants. Les donn\u00e9es restent locales. La consommation d'\u00e9nergie par application diminue, car l'\u00e9chelle est limit\u00e9e.<\/p>\n<p>L'avantage r\u00e9side dans la robustesse. Les d\u00e9pendances sont r\u00e9duites. L'infrastructure est soulag\u00e9e. La durabilit\u00e9 r\u00e9sulte de la mod\u00e9ration et non de l'efficacit\u00e9 maximale. Les limites de ce mod\u00e8le sont \u00e9galement claires. Les grandes applications complexes ne peuvent pas \u00eatre enti\u00e8rement d\u00e9centralis\u00e9es. La recherche, les services mondiaux et les analyses tr\u00e8s complexes continuent \u00e0 n\u00e9cessiter des ressources centralis\u00e9es.<\/p>\n<p>Ce sc\u00e9nario ne remplace pas les autres, mais les compl\u00e8te. Il montre que la durabilit\u00e9 peut aussi r\u00e9sulter de la diversit\u00e9 - tout ne doit pas n\u00e9cessairement avoir la m\u00eame taille, la m\u00eame vitesse et la m\u00eame capacit\u00e9.<\/p>\n<h3>Pourquoi il n'y a pas de \u201ebon\u201c sc\u00e9nario<\/h3>\n<p>Ces trois visions de l'avenir ne sont pas dans une relation de type \"ou bien, ou bien\". Elles sont plut\u00f4t des r\u00e9ponses diff\u00e9rentes au m\u00eame d\u00e9fi. Selon l'application, la r\u00e9gion et l'objectif, diff\u00e9rentes solutions seront utiles.<\/p>\n<p>Le point d\u00e9cisif n'est pas de savoir quel sc\u00e9nario s'impose, mais si les d\u00e9cisions sous-jacentes sont prises en connaissance de cause. La durabilit\u00e9 ne d\u00e9coule pas automatiquement de la technique. Elle r\u00e9sulte de priorit\u00e9s.<\/p>\n<p>Si l'IA est utilis\u00e9e partout et \u00e0 tout moment, ses besoins en \u00e9nergie augmentent in\u00e9vitablement. Si elle est utilis\u00e9e de mani\u00e8re cibl\u00e9e, ces besoins peuvent \u00eatre contr\u00f4l\u00e9s. Il ne s'agit pas d'un jugement moral, mais d'un constat lucide.<\/p>\n<h3>La vraie question derri\u00e8re la durabilit\u00e9<\/h3>\n<p>Il n'y a pas de r\u00e9ponse simple \u00e0 la fin de cet article. La question \u201eL'IA est-elle durable ?\u201c induit en erreur. Elle sugg\u00e8re qu'il y a un oui ou un non clair.<\/p>\n<p>La question la plus pertinente est la suivante : pour quoi utilisons-nous l'IA - et que sommes-nous pr\u00eats \u00e0 d\u00e9penser pour cela ? \u00c9nergie, ressources, infrastructure, attention politique. Cette question ne peut pas \u00eatre d\u00e9l\u00e9gu\u00e9e aux algorithmes.<\/p>\n<p>L'IA est un outil au potentiel \u00e9norme. Elle peut rendre les processus plus efficaces, les connaissances plus accessibles et les d\u00e9cisions plus fond\u00e9es. En m\u00eame temps, elle sollicite des ressources r\u00e9elles. Les deux sont vrais.<\/p>\n<h3>Une perspective prudemment optimiste<\/h3>\n<p>Malgr\u00e9 tous les d\u00e9fis, il y a des raisons d'\u00eatre prudemment optimiste. Les probl\u00e8mes sont visibles. Ils sont discut\u00e9s. Ils peuvent \u00eatre nomm\u00e9s. C'est plus que ce que l'on pouvait dire de nombreux bouleversements technologiques ant\u00e9rieurs.<\/p>\n<p>Le d\u00e9bat sur l'IA durable ne commence pas par le renoncement, mais par la compr\u00e9hension. Celui qui conna\u00eet la r\u00e9alit\u00e9 physique de l'IA peut prendre de meilleures d\u00e9cisions. Celui qui reconna\u00eet ses limites peut l'utiliser \u00e0 bon escient.<\/p>\n<p>Tout ne va pas \u201es'arranger tout seul\u201c. Mais tout n'est pas perdu non plus. Entre la foi aveugle dans le progr\u00e8s et le scepticisme paralysant, il y a un vaste espace. C'est dans cet espace que se d\u00e9cidera le r\u00f4le que l'IA jouera \u00e0 l'avenir - et \u00e0 quel point elle peut effectivement \u00eatre durable.<\/p>\n<p>Au final, la durabilit\u00e9 n'est pas un \u00e9tat, mais un processus. L'IA fera partie de ce processus. Non pas comme une promesse de salut, mais comme un outil qui doit \u00eatre utilis\u00e9 de mani\u00e8re responsable.<\/p>\n<hr \/>\n\n\t\t\t<div class=\"display-post-types\">\n\n\t\t\t\t\t\t\t<style type=\"text\/css\">\n\t\t\t#dpt-wrapper-334 { --dpt-text-align: left;--dpt-image-crop: center;--dpt-border-radius: 5px;--dpt-h-gutter: 10px;--dpt-v-gutter: 9px; }\t\t\t<\/style>\n\t\t\t<style type=\"text\/css\">#dpt-wrapper-334 { --dpt-title-font-style:normal;--dpt-title-font-weight:600;--dpt-title-line-height:1.5;--dpt-title-text-decoration:none;--dpt-title-text-transform:none;--dpt-excerpt-font-style:normal;--dpt-excerpt-font-weight:400;--dpt-excerpt-line-height:1.5;--dpt-excerpt-text-decoration:none;--dpt-excerpt-text-transform:none;--dpt-meta1-font-style:normal;--dpt-meta1-font-weight:400;--dpt-meta1-line-height:1.9;--dpt-meta1-text-decoration:none;--dpt-meta1-text-transform:none;--dpt-meta2-font-style:normal;--dpt-meta2-font-weight:400;--dpt-meta2-line-height:1.9;--dpt-meta2-text-decoration:none;--dpt-meta2-text-transform:none; }<\/style><div class=\"dpt-main-header\">\n\t\t\t\t\t\t<div class=\"dpt-main-title\">\n\t\t\t\t\t\t\t<span class=\"dpt-main-title-text\">Derniers articles sur l'intelligence artificielle<\/span>\n\t\t\t\t\t\t<\/div>\n\t\t\t\t\t\t\n\t\t\t\t\t\t\n\t\t\t\t\t\t\n\t\t\t\t\t\t<\/div>\t\t\t\n\t\t\t\t<div id=\"dpt-wrapper-334\" class=\"dpt-wrapper dpt-mag1 land1 dpt-cropped dpt-flex-wrap\" >\n\n\t\t\t\t\t\t\t\t\t\t\t<div class=\"dpt-entry has-thumbnail\" data-title=\"unsterblichkeit durch technik: wie weit forschung und ki wirklich sind\" data-id=\"3624\"  data-category=\"allgemein gesellschaft ki-systeme\" data-post_tag=\"denkmodelle k\u00fcnstliche intelligenz lernen llm prozesse sprachmodell\">\n\t\t\t\t\t\t\t<div class=\"dpt-entry-wrapper\"><div class=\"dpt-featured-content\"><div class=\"dpt-permalink\"><a href=\"https:\/\/www.markus-schall.de\/fr\/2025\/11\/limmortalite-par-la-technique-ou-en-sont-reellement-la-recherche-et-le-ki\/\" class=\"dpt-permalink\"><span class=\"screen-reader-text\">L'immortalit\u00e9 par la technologie : o\u00f9 en sont r\u00e9ellement la recherche et l'IA ?<\/span><\/a><\/div><div class=\"dpt-thumbnail\"><div class=\"dpt-thumbnail-inner\"><img width=\"1024\" height=\"683\" class=\"attachment-full size-full\" alt=\"Immortalit\u00e9 num\u00e9rique\" context=\"dpt\" data-dpt-src=\"https:\/\/www.markus-schall.de\/wp-content\/uploads\/digitale-unsterblichkeit.jpg\" data-dpt-sizes=\"(max-width: 1024px) 100vw, 1024px\" data-dpt-srcset=\"https:\/\/www.markus-schall.de\/wp-content\/uploads\/digitale-unsterblichkeit.jpg 1024w, https:\/\/www.markus-schall.de\/wp-content\/uploads\/digitale-unsterblichkeit-300x200.jpg 300w, https:\/\/www.markus-schall.de\/wp-content\/uploads\/digitale-unsterblichkeit-768x512.jpg 768w, https:\/\/www.markus-schall.de\/wp-content\/uploads\/digitale-unsterblichkeit-18x12.jpg 18w\" \/><\/div><span class=\"dpt-thumbnail-aspect-ratio\" style=\"padding-top: 75%\"><\/span><\/div><\/div><div class=\"sub-entry\"><h3 class=\"dpt-title\"><a class=\"dpt-title-link\" href=\"https:\/\/www.markus-schall.de\/fr\/2025\/11\/limmortalite-par-la-technique-ou-en-sont-reellement-la-recherche-et-le-ki\/\" rel=\"bookmark\">L'immortalit\u00e9 par la technologie : o\u00f9 en sont r\u00e9ellement la recherche et l'IA ?<\/a><\/h3><\/div><\/div>\n\t\t\t\t\t\t<\/div><!-- .dpt-entry -->\n\t\t\t\t\t\t\t\t\t\t\t\t<div class=\"dpt-entry has-thumbnail\" data-title=\"lora-training: wie filemaker 2025 das feintuning gro\u00dfer sprachmodelle vereinfacht\" data-id=\"3220\"  data-category=\"filemaker &amp; erp ki-systeme\" data-post_tag=\"datenbanken filemaker k\u00fcnstliche intelligenz llm mlx sprachmodell\">\n\t\t\t\t\t\t\t<div class=\"dpt-entry-wrapper\"><div class=\"dpt-featured-content\"><div class=\"dpt-permalink\"><a href=\"https:\/\/www.markus-schall.de\/fr\/2025\/10\/lora-training-comment-filemaker-2025-facilite-le-reglage-fin-des-grands-modeles-linguistiques\/\" class=\"dpt-permalink\"><span class=\"screen-reader-text\">Formation LoRA : comment FileMaker 2025 simplifie le r\u00e9glage fin des grands mod\u00e8les linguistiques<\/span><\/a><\/div><div class=\"dpt-thumbnail\"><div class=\"dpt-thumbnail-inner\"><img width=\"1024\" height=\"683\" class=\"attachment-full size-full\" alt=\"LoRA Fine tuning - FileMaker 2025\" context=\"dpt\" data-dpt-src=\"https:\/\/www.markus-schall.de\/wp-content\/uploads\/lora-finetuning-filemaker.jpg\" data-dpt-sizes=\"(max-width: 1024px) 100vw, 1024px\" data-dpt-srcset=\"https:\/\/www.markus-schall.de\/wp-content\/uploads\/lora-finetuning-filemaker.jpg 1024w, https:\/\/www.markus-schall.de\/wp-content\/uploads\/lora-finetuning-filemaker-300x200.jpg 300w, https:\/\/www.markus-schall.de\/wp-content\/uploads\/lora-finetuning-filemaker-768x512.jpg 768w, https:\/\/www.markus-schall.de\/wp-content\/uploads\/lora-finetuning-filemaker-18x12.jpg 18w\" \/><\/div><span class=\"dpt-thumbnail-aspect-ratio\" style=\"padding-top: 75%\"><\/span><\/div><\/div><div class=\"sub-entry\"><h3 class=\"dpt-title\"><a class=\"dpt-title-link\" href=\"https:\/\/www.markus-schall.de\/fr\/2025\/10\/lora-training-comment-filemaker-2025-facilite-le-reglage-fin-des-grands-modeles-linguistiques\/\" rel=\"bookmark\">Formation LoRA : comment FileMaker 2025 simplifie le r\u00e9glage fin des grands mod\u00e8les linguistiques<\/a><\/h3><\/div><\/div>\n\t\t\t\t\t\t<\/div><!-- .dpt-entry -->\n\t\t\t\t\t\t\t\t\t\t\t\t<div class=\"dpt-entry has-thumbnail\" data-title=\"rag mit ollama und qdrant als universelle suchmaschine f\u00fcr eigene daten\" data-id=\"2764\"  data-category=\"filemaker &amp; erp ki-systeme\" data-post_tag=\"datenbanken docker k\u00fcnstliche intelligenz llama llm mistral ollama qdrant vektordatenbank\">\n\t\t\t\t\t\t\t<div class=\"dpt-entry-wrapper\"><div class=\"dpt-featured-content\"><div class=\"dpt-permalink\"><a href=\"https:\/\/www.markus-schall.de\/fr\/2025\/08\/rag-avec-ollama-et-qdrant-comme-moteur-de-recherche-universel-pour-ses-propres-donnees\/\" class=\"dpt-permalink\"><span class=\"screen-reader-text\">RAG avec Ollama et Qdrant comme moteur de recherche universel pour ses propres donn\u00e9es<\/span><\/a><\/div><div class=\"dpt-thumbnail\"><div class=\"dpt-thumbnail-inner\"><img width=\"1920\" height=\"640\" class=\"attachment-full size-full\" alt=\"\u00c9tendre l&#039;IA locale aux bases de donn\u00e9es avec RAG, Ollama et Qdrant\" context=\"dpt\" data-dpt-src=\"https:\/\/www.markus-schall.de\/wp-content\/uploads\/lokale-ki-rag-ollama-qdrant.jpg\" data-dpt-sizes=\"(max-width: 1920px) 100vw, 1920px\" data-dpt-srcset=\"https:\/\/www.markus-schall.de\/wp-content\/uploads\/lokale-ki-rag-ollama-qdrant.jpg 1920w, https:\/\/www.markus-schall.de\/wp-content\/uploads\/lokale-ki-rag-ollama-qdrant-300x100.jpg 300w, https:\/\/www.markus-schall.de\/wp-content\/uploads\/lokale-ki-rag-ollama-qdrant-1024x341.jpg 1024w, https:\/\/www.markus-schall.de\/wp-content\/uploads\/lokale-ki-rag-ollama-qdrant-768x256.jpg 768w, https:\/\/www.markus-schall.de\/wp-content\/uploads\/lokale-ki-rag-ollama-qdrant-1536x512.jpg 1536w, https:\/\/www.markus-schall.de\/wp-content\/uploads\/lokale-ki-rag-ollama-qdrant-18x6.jpg 18w\" \/><\/div><span class=\"dpt-thumbnail-aspect-ratio\" style=\"padding-top: 75%\"><\/span><\/div><\/div><div class=\"sub-entry\"><h3 class=\"dpt-title\"><a class=\"dpt-title-link\" href=\"https:\/\/www.markus-schall.de\/fr\/2025\/08\/rag-avec-ollama-et-qdrant-comme-moteur-de-recherche-universel-pour-ses-propres-donnees\/\" rel=\"bookmark\">RAG avec Ollama et Qdrant comme moteur de recherche universel pour ses propres donn\u00e9es<\/a><\/h3><\/div><\/div>\n\t\t\t\t\t\t<\/div><!-- .dpt-entry -->\n\t\t\t\t\t\t\t\t\t\t\t\t<div class=\"dpt-entry has-thumbnail\" data-title=\"ollama trifft qdrant: ein lokales ged\u00e4chtnis f\u00fcr deine ki auf dem mac\" data-id=\"2502\"  data-category=\"apple macos filemaker &amp; erp ki-systeme tipps &amp; anleitungen\" data-post_tag=\"docker filemaker k\u00fcnstliche intelligenz llama llm mistral neo4j ollama qdrant sprachmodell vektordatenbank\">\n\t\t\t\t\t\t\t<div class=\"dpt-entry-wrapper\"><div class=\"dpt-featured-content\"><div class=\"dpt-permalink\"><a href=\"https:\/\/www.markus-schall.de\/fr\/2025\/08\/ollama-rencontre-qdrant-une-memoire-locale-pour-ton-ki-sur-mac\/\" class=\"dpt-permalink\"><span class=\"screen-reader-text\">Ollama rencontre Qdrant : une m\u00e9moire locale pour ton IA sur Mac<\/span><\/a><\/div><div class=\"dpt-thumbnail\"><div class=\"dpt-thumbnail-inner\"><img width=\"1440\" height=\"980\" class=\"attachment-full size-full\" alt=\"M\u00e9moire pour l&#039;IA locale avec Ollama et Qdrant\" context=\"dpt\" data-dpt-src=\"https:\/\/www.markus-schall.de\/wp-content\/uploads\/ollama-qdrant-gedaechtnis.jpg\" data-dpt-sizes=\"(max-width: 1440px) 100vw, 1440px\" data-dpt-srcset=\"https:\/\/www.markus-schall.de\/wp-content\/uploads\/ollama-qdrant-gedaechtnis.jpg 1440w, https:\/\/www.markus-schall.de\/wp-content\/uploads\/ollama-qdrant-gedaechtnis-300x204.jpg 300w, https:\/\/www.markus-schall.de\/wp-content\/uploads\/ollama-qdrant-gedaechtnis-1024x697.jpg 1024w, https:\/\/www.markus-schall.de\/wp-content\/uploads\/ollama-qdrant-gedaechtnis-768x523.jpg 768w, https:\/\/www.markus-schall.de\/wp-content\/uploads\/ollama-qdrant-gedaechtnis-18x12.jpg 18w\" \/><\/div><span class=\"dpt-thumbnail-aspect-ratio\" style=\"padding-top: 75%\"><\/span><\/div><\/div><div class=\"sub-entry\"><h3 class=\"dpt-title\"><a class=\"dpt-title-link\" href=\"https:\/\/www.markus-schall.de\/fr\/2025\/08\/ollama-rencontre-qdrant-une-memoire-locale-pour-ton-ki-sur-mac\/\" rel=\"bookmark\">Ollama rencontre Qdrant : une m\u00e9moire locale pour ton IA sur Mac<\/a><\/h3><\/div><\/div>\n\t\t\t\t\t\t<\/div><!-- .dpt-entry -->\n\t\t\t\t\t\t\n\t\t\t\t<\/div>\n\t\t\t\t\t\t<\/div>\n\t\t\t\n<hr \/>\n<h2>Foire aux questions<\/h2>\n<ol>\n<li><strong>Que signifie exactement la \u201edurabilit\u00e9\u201c en mati\u00e8re d'intelligence artificielle ?<\/strong><br \/>\nLa durabilit\u00e9 de l'IA ne se limite pas \u00e0 la protection du climat ou aux \u00e9conomies d'\u00e9nergie, mais concerne l'ensemble de la consommation de ressources tout au long du cycle de vie. Cela comprend l'\u00e9nergie pour les centres de donn\u00e9es, l'eau pour le refroidissement, les mati\u00e8res premi\u00e8res pour les puces, l'infrastructure de r\u00e9seau et l'impact social \u00e0 long terme. L'IA est durable lorsque ses avantages sont proportionnels \u00e0 ces d\u00e9penses.<\/li>\n<li><strong>Pourquoi l'IA consomme-t-elle autant d'\u00e9nergie alors qu'elle n'est qu'un logiciel ?<\/strong><br \/>\nL'IA ressemble \u00e0 un logiciel, mais elle fonctionne sur un mat\u00e9riel tr\u00e8s puissant. Ce mat\u00e9riel fonctionne 24 heures sur 24, traite d'\u00e9normes quantit\u00e9s de donn\u00e9es en parall\u00e8le et g\u00e9n\u00e8re beaucoup de chaleur. L'\u00e9lectricit\u00e9 n'est pas seulement n\u00e9cessaire pour le calcul, mais aussi pour le refroidissement, la technique de r\u00e9seau et la s\u00e9curit\u00e9 contre les pannes.<\/li>\n<li><strong>La consommation d'\u00e9nergie de l'IA est-elle vraiment un nouveau probl\u00e8me ?<\/strong><br \/>\nPas fondamentalement nouvelle, mais nouvelle par son ampleur et sa vitesse. Alors que les technologies num\u00e9riques ant\u00e9rieures se d\u00e9veloppaient lentement, l'IA \u00e9volue en quelques ann\u00e9es. Les r\u00e9seaux et l'approvisionnement en \u00e9nergie ne sont souvent pas pr\u00e9par\u00e9s \u00e0 cette \u00e9volution.<\/li>\n<li><strong>Est-ce que plus d'IA signifie automatiquement plus de consommation d'\u00e9nergie ?<\/strong><br \/>\nDans la pratique, la plupart du temps, oui. Certes, les syst\u00e8mes deviennent plus efficaces, mais la baisse des co\u00fbts entra\u00eene une augmentation de l'utilisation. De nouvelles applications voient le jour, d'anciens processus sont multipli\u00e9s. L'efficacit\u00e9 freine l'augmentation, mais l'annule rarement.<\/li>\n<li><strong>Pourquoi les syst\u00e8mes d'IA ne peuvent-ils pas simplement calculer lorsqu'il y a suffisamment de courant ?<\/strong><br \/>\nDe nombreuses applications d'IA n\u00e9cessitent une disponibilit\u00e9 continue. Les cycles d'entra\u00eenement durent des jours ou des semaines, les services doivent \u00eatre accessibles \u00e0 tout moment. L'IA n'est donc pas un consommateur flexible, mais une charge de base permanente.<\/li>\n<li><strong>Quel est le r\u00f4le des centres de donn\u00e9es dans le d\u00e9bat sur la durabilit\u00e9 ?<\/strong><br \/>\nLes centres de donn\u00e9es sont le c\u0153ur physique de l'IA. Ils concentrent la consommation d'\u00e9nergie, la production de chaleur et le refroidissement en un seul endroit. Plus ils sont grands et denses, plus ils ont un impact sur l'infrastructure locale et l'environnement.<\/li>\n<li><strong>Pourquoi le refroidissement est-il un sujet aussi important pour l'IA ?<\/strong><br \/>\nLes puces puissantes g\u00e9n\u00e8rent une chaleur \u00e9norme. Sans un refroidissement efficace, elles tomberaient rapidement en panne. Les syst\u00e8mes de refroidissement modernes sont complexes, gourmands en \u00e9nergie et souvent d\u00e9pendants de l'eau, ce qui cr\u00e9e de nouveaux goulets d'\u00e9tranglement.<\/li>\n<li><strong>La consommation d'eau est-elle vraiment pertinente pour l'IA ?<\/strong><br \/>\nOui, surtout au niveau r\u00e9gional. Dans les r\u00e9gions o\u00f9 l'eau est rare, les centres de donn\u00e9es sont en concurrence avec les m\u00e9nages, l'agriculture et l'industrie. L'eau n'est pas transportable \u00e0 volont\u00e9 et devient rapidement un facteur de conflit politique.<\/li>\n<li><strong>Les \u00e9nergies renouvelables peuvent-elles couvrir enti\u00e8rement les besoins en \u00e9lectricit\u00e9 de l'IA ?<\/strong><br \/>\n\u00c0 long terme, elles peuvent apporter une grande contribution, mais seules, elles ne suffisent pas actuellement. L'IA a besoin d'\u00e9lectricit\u00e9 24 heures sur 24. Sans stockage, sans extension du r\u00e9seau et sans sources d'\u00e9nergie compl\u00e9mentaires, il subsistera un d\u00e9ficit d'approvisionnement.<\/li>\n<li><strong>Pourquoi les entreprises d'IA s'int\u00e9ressent-elles soudain \u00e0 nouveau \u00e0 l'\u00e9nergie nucl\u00e9aire ?<\/strong><br \/>\nPas par id\u00e9ologie, mais par besoin. L'\u00e9nergie nucl\u00e9aire fournit de l'\u00e9lectricit\u00e9 planifiable et continue avec une faible utilisation de l'espace. Pour les centres de donn\u00e9es gourmands en \u00e9nergie, cette stabilit\u00e9 est attrayante, malgr\u00e9 tous les probl\u00e8mes connus.<\/li>\n<li><strong>Le gaz naturel est-il une solution durable pour l'IA ?<\/strong><br \/>\nLe gaz naturel est plut\u00f4t une solution transitoire. Il est flexible et disponible, mais provoque des \u00e9missions et des d\u00e9pendances g\u00e9opolitiques. Il n'est durable qu'au sens relatif du terme, pas en tant que solution permanente.<\/li>\n<li><strong>Pourquoi les entreprises d'IA construisent-elles leurs propres centrales \u00e9lectriques ?<\/strong><br \/>\nUn propre approvisionnement en \u00e9nergie offre pr\u00e9visibilit\u00e9 et ind\u00e9pendance. Les r\u00e9seaux publics se heurtent \u00e0 des limites, les autorisations sont longues \u00e0 obtenir. Les centrales \u00e9lectriques priv\u00e9es assurent l'exploitation, mais transf\u00e8rent la responsabilit\u00e9 de l'\u00c9tat \u00e0 l'entreprise.<\/li>\n<li><strong>L'approvisionnement priv\u00e9 en \u00e9nergie est-il probl\u00e9matique pour l'IA ?<\/strong><br \/>\nElle est efficace, mais n'est pas neutre sur le plan social. Elle peut soulager les r\u00e9seaux publics, mais \u00e9chappe en partie au contr\u00f4le d\u00e9mocratique. L'\u00e9nergie devient une ressource priv\u00e9e avec une force explosive politique.<\/li>\n<li><strong>L'IA locale pourrait-elle r\u00e9soudre le probl\u00e8me de la durabilit\u00e9 ?<\/strong><br \/>\nL'IA locale peut aider en utilisant des mod\u00e8les plus petits et en traitant les donn\u00e9es sur place. Elle r\u00e9duit les charges centrales, mais ne remplace pas toutes les applications. Les grands mod\u00e8les restent gourmands en \u00e9nergie.<\/li>\n<li><strong>Pourquoi le progr\u00e8s technique seul ne suffit-il pas ?<\/strong><br \/>\nParce que l'efficacit\u00e9 conduit g\u00e9n\u00e9ralement \u00e0 une utilisation accrue. La technologie optimise les moyens, pas les objectifs. La durabilit\u00e9 exige de prendre des d\u00e9cisions sur l'utilisation de l'IA - et pas seulement sur l'efficacit\u00e9 de ses calculs.<\/li>\n<li><strong>L'IA doit-elle pour autant \u00eatre davantage r\u00e9glement\u00e9e ?<\/strong><br \/>\nLa r\u00e9glementation peut aider \u00e0 fixer des priorit\u00e9s et \u00e0 limiter les \u00e9volutions extr\u00eames. Elle est toutefois complexe et lente. Ce qui est d\u00e9cisif, ce n'est pas un contr\u00f4le maximal, mais un encadrement judicieux.<\/li>\n<li><strong>L'IA risque-t-elle de renforcer les in\u00e9galit\u00e9s sociales ?<\/strong><br \/>\nOui, notamment par des questions de localisation et d'\u00e9nergie. Les r\u00e9gions dot\u00e9es d'une bonne infrastructure en profitent, tandis que d'autres sont \u00e0 la tra\u00eene. Les \u00eelots \u00e9nerg\u00e9tiques priv\u00e9s peuvent accentuer ces d\u00e9s\u00e9quilibres.<\/li>\n<li><strong>Malgr\u00e9 tous ces probl\u00e8mes, y a-t-il des raisons d'\u00eatre optimiste ?<\/strong><br \/>\nOui, les d\u00e9fis sont visibles et peuvent \u00eatre discut\u00e9s. L'IA n'est pas un ph\u00e9nom\u00e8ne naturel, mais peut \u00eatre fa\u00e7onn\u00e9e. Avec une prise de conscience, de la mesure et des priorit\u00e9s claires, elle peut \u00eatre utilis\u00e9e \u00e0 bon escient - sans se laisser d\u00e9passer.<\/li>\n<\/ol>\n<hr \/>\n\n\t\t\t<div class=\"display-post-types\">\n\n\t\t\t\t\t\t\t<style type=\"text\/css\">\n\t\t\t#dpt-wrapper-335 { --dpt-text-align: left;--dpt-image-crop: center;--dpt-border-radius: 5px;--dpt-h-gutter: 10px;--dpt-v-gutter: 9px; }\t\t\t<\/style>\n\t\t\t<style type=\"text\/css\">#dpt-wrapper-335 { --dpt-title-font-style:normal;--dpt-title-font-weight:600;--dpt-title-line-height:1.5;--dpt-title-text-decoration:none;--dpt-title-text-transform:none;--dpt-excerpt-font-style:normal;--dpt-excerpt-font-weight:400;--dpt-excerpt-line-height:1.5;--dpt-excerpt-text-decoration:none;--dpt-excerpt-text-transform:none;--dpt-meta1-font-style:normal;--dpt-meta1-font-weight:400;--dpt-meta1-line-height:1.9;--dpt-meta1-text-decoration:none;--dpt-meta1-text-transform:none;--dpt-meta2-font-style:normal;--dpt-meta2-font-weight:400;--dpt-meta2-line-height:1.9;--dpt-meta2-text-decoration:none;--dpt-meta2-text-transform:none; }<\/style><div class=\"dpt-main-header\">\n\t\t\t\t\t\t<div class=\"dpt-main-title\">\n\t\t\t\t\t\t\t<span class=\"dpt-main-title-text\">Derniers articles sur Art &amp; Culture<\/span>\n\t\t\t\t\t\t<\/div>\n\t\t\t\t\t\t\n\t\t\t\t\t\t\n\t\t\t\t\t\t\n\t\t\t\t\t\t<\/div>\t\t\t\n\t\t\t\t<div id=\"dpt-wrapper-335\" class=\"dpt-wrapper dpt-mag1 land1 dpt-cropped dpt-flex-wrap\" >\n\n\t\t\t\t\t\t\t\t\t\t\t<div class=\"dpt-entry has-thumbnail\" data-title=\"iran verstehen: alltag, proteste und interessen jenseits der schlagzeilen\" data-id=\"4462\"  data-category=\"allgemein gesellschaft kunst &amp; kultur\" data-post_tag=\"erfahrungen europa geopolitik krisen meinungsfreiheit sicherheitspolitik spieltheorie\">\n\t\t\t\t\t\t\t<div class=\"dpt-entry-wrapper\"><div class=\"dpt-featured-content\"><div class=\"dpt-permalink\"><a href=\"https:\/\/www.markus-schall.de\/fr\/2026\/01\/comprendre-liran-au-quotidien-protestations-et-interets-au-dela-des-gros-titres\/\" class=\"dpt-permalink\"><span class=\"screen-reader-text\">Comprendre l'Iran : Vie quotidienne, protestations et int\u00e9r\u00eats au-del\u00e0 des gros titres<\/span><\/a><\/div><div class=\"dpt-thumbnail\"><div class=\"dpt-thumbnail-inner\"><img width=\"1024\" height=\"683\" class=\"attachment-full size-full\" alt=\"Comprendre l&#039;Iran\" context=\"dpt\" data-dpt-src=\"https:\/\/www.markus-schall.de\/wp-content\/uploads\/Iran-Titel.jpg\" data-dpt-sizes=\"(max-width: 1024px) 100vw, 1024px\" data-dpt-srcset=\"https:\/\/www.markus-schall.de\/wp-content\/uploads\/Iran-Titel.jpg 1024w, https:\/\/www.markus-schall.de\/wp-content\/uploads\/Iran-Titel-300x200.jpg 300w, https:\/\/www.markus-schall.de\/wp-content\/uploads\/Iran-Titel-768x512.jpg 768w, https:\/\/www.markus-schall.de\/wp-content\/uploads\/Iran-Titel-18x12.jpg 18w\" \/><\/div><span class=\"dpt-thumbnail-aspect-ratio\" style=\"padding-top: 75%\"><\/span><\/div><\/div><div class=\"sub-entry\"><h3 class=\"dpt-title\"><a class=\"dpt-title-link\" href=\"https:\/\/www.markus-schall.de\/fr\/2026\/01\/comprendre-liran-au-quotidien-protestations-et-interets-au-dela-des-gros-titres\/\" rel=\"bookmark\">Comprendre l'Iran : Vie quotidienne, protestations et int\u00e9r\u00eats au-del\u00e0 des gros titres<\/a><\/h3><\/div><\/div>\n\t\t\t\t\t\t<\/div><!-- .dpt-entry -->\n\t\t\t\t\t\t\t\t\t\t\t\t<div class=\"dpt-entry has-thumbnail\" data-title=\"jan-josef liefers: ein portr\u00e4t \u00fcber haltung, herkunft und k\u00fcnstlerische freiheit\" data-id=\"3854\"  data-category=\"allgemein gesellschaft kunst &amp; kultur\" data-post_tag=\"deutschland erfahrungen krisen lernen meinungsfreiheit musik pers\u00f6nlichkeitsentwicklung portrait\">\n\t\t\t\t\t\t\t<div class=\"dpt-entry-wrapper\"><div class=\"dpt-featured-content\"><div class=\"dpt-permalink\"><a href=\"https:\/\/www.markus-schall.de\/fr\/2025\/12\/jan-josef-liefers-un-portrait-de-lattitude-des-origines-et-de-la-liberte-artistique\/\" class=\"dpt-permalink\"><span class=\"screen-reader-text\">Jan-Josef Liefers : un portrait sur l'attitude, l'origine et la libert\u00e9 artistique<\/span><\/a><\/div><div class=\"dpt-thumbnail\"><div class=\"dpt-thumbnail-inner\"><img width=\"1024\" height=\"683\" class=\"attachment-full size-full\" alt=\"Jan-Josef Liefers\" context=\"dpt\" data-dpt-src=\"https:\/\/www.markus-schall.de\/wp-content\/uploads\/jan-josef-liefers-silhouette.jpg\" data-dpt-sizes=\"(max-width: 1024px) 100vw, 1024px\" data-dpt-srcset=\"https:\/\/www.markus-schall.de\/wp-content\/uploads\/jan-josef-liefers-silhouette.jpg 1024w, https:\/\/www.markus-schall.de\/wp-content\/uploads\/jan-josef-liefers-silhouette-300x200.jpg 300w, https:\/\/www.markus-schall.de\/wp-content\/uploads\/jan-josef-liefers-silhouette-768x512.jpg 768w, https:\/\/www.markus-schall.de\/wp-content\/uploads\/jan-josef-liefers-silhouette-18x12.jpg 18w\" \/><\/div><span class=\"dpt-thumbnail-aspect-ratio\" style=\"padding-top: 75%\"><\/span><\/div><\/div><div class=\"sub-entry\"><h3 class=\"dpt-title\"><a class=\"dpt-title-link\" href=\"https:\/\/www.markus-schall.de\/fr\/2025\/12\/jan-josef-liefers-un-portrait-de-lattitude-des-origines-et-de-la-liberte-artistique\/\" rel=\"bookmark\">Jan-Josef Liefers : un portrait sur l'attitude, l'origine et la libert\u00e9 artistique<\/a><\/h3><\/div><\/div>\n\t\t\t\t\t\t<\/div><!-- .dpt-entry -->\n\t\t\t\t\t\t\t\t\t\t\t\t<div class=\"dpt-entry has-thumbnail\" data-title=\"apple im wandel: fr\u00fche ger\u00e4te, eigene erfahrungen und eine ausstellung im ocm\" data-id=\"5480\"  data-category=\"allgemein apple iphone &amp; ipad apple macos hardware kunst &amp; kultur stories &amp; humor\" data-post_tag=\"apple erfahrungen filemaker mac prozesse publishing\">\n\t\t\t\t\t\t\t<div class=\"dpt-entry-wrapper\"><div class=\"dpt-featured-content\"><div class=\"dpt-permalink\"><a href=\"https:\/\/www.markus-schall.de\/fr\/2026\/03\/apple-en-mutation-les-premiers-appareils-experiences-personnelles-et-une-exposition-a-locm\/\" class=\"dpt-permalink\"><span class=\"screen-reader-text\">Apple en mutation : premiers appareils, exp\u00e9riences personnelles et une exposition \u00e0 l'OCM<\/span><\/a><\/div><div class=\"dpt-thumbnail\"><div class=\"dpt-thumbnail-inner\"><img width=\"1024\" height=\"683\" class=\"attachment-full size-full\" alt=\"Apple Macintosh Classic et Color Classic\" context=\"dpt\" data-dpt-src=\"https:\/\/www.markus-schall.de\/wp-content\/uploads\/Apple-OCM-Titel.jpg\" data-dpt-sizes=\"(max-width: 1024px) 100vw, 1024px\" data-dpt-srcset=\"https:\/\/www.markus-schall.de\/wp-content\/uploads\/Apple-OCM-Titel.jpg 1024w, https:\/\/www.markus-schall.de\/wp-content\/uploads\/Apple-OCM-Titel-300x200.jpg 300w, https:\/\/www.markus-schall.de\/wp-content\/uploads\/Apple-OCM-Titel-768x512.jpg 768w, https:\/\/www.markus-schall.de\/wp-content\/uploads\/Apple-OCM-Titel-18x12.jpg 18w\" \/><\/div><span class=\"dpt-thumbnail-aspect-ratio\" style=\"padding-top: 75%\"><\/span><\/div><\/div><div class=\"sub-entry\"><h3 class=\"dpt-title\"><a class=\"dpt-title-link\" href=\"https:\/\/www.markus-schall.de\/fr\/2026\/03\/apple-en-mutation-les-premiers-appareils-experiences-personnelles-et-une-exposition-a-locm\/\" rel=\"bookmark\">Apple en mutation : premiers appareils, exp\u00e9riences personnelles et une exposition \u00e0 l'OCM<\/a><\/h3><\/div><\/div>\n\t\t\t\t\t\t<\/div><!-- .dpt-entry -->\n\t\t\t\t\t\t\t\t\t\t\t\t<div class=\"dpt-entry has-thumbnail\" data-title=\"zukunft mit ladeger\u00e4t \u2013 herr von l&#8217;oreot kauft einen e-scooter\" data-id=\"3229\"  data-category=\"allgemein gesellschaft kunst &amp; kultur stories &amp; humor\" data-post_tag=\"erfahrungen\">\n\t\t\t\t\t\t\t<div class=\"dpt-entry-wrapper\"><div class=\"dpt-featured-content\"><div class=\"dpt-permalink\"><a href=\"https:\/\/www.markus-schall.de\/fr\/2025\/10\/lavenir-avec-un-chargeur-monsieur-von-loreot-achete-un-scooter-electrique\/\" class=\"dpt-permalink\"><span class=\"screen-reader-text\">Avenir avec chargeur - Monsieur de L'oreot ach\u00e8te un scooter \u00e9lectrique<\/span><\/a><\/div><div class=\"dpt-thumbnail\"><div class=\"dpt-thumbnail-inner\"><img width=\"1024\" height=\"747\" class=\"attachment-full size-full\" alt=\"\" context=\"dpt\" data-dpt-src=\"https:\/\/www.markus-schall.de\/wp-content\/uploads\/loereot-e-scooter-1.jpg\" data-dpt-sizes=\"(max-width: 1024px) 100vw, 1024px\" data-dpt-srcset=\"https:\/\/www.markus-schall.de\/wp-content\/uploads\/loereot-e-scooter-1.jpg 1024w, https:\/\/www.markus-schall.de\/wp-content\/uploads\/loereot-e-scooter-1-300x219.jpg 300w, https:\/\/www.markus-schall.de\/wp-content\/uploads\/loereot-e-scooter-1-768x560.jpg 768w, https:\/\/www.markus-schall.de\/wp-content\/uploads\/loereot-e-scooter-1-16x12.jpg 16w\" \/><\/div><span class=\"dpt-thumbnail-aspect-ratio\" style=\"padding-top: 75%\"><\/span><\/div><\/div><div class=\"sub-entry\"><h3 class=\"dpt-title\"><a class=\"dpt-title-link\" href=\"https:\/\/www.markus-schall.de\/fr\/2025\/10\/lavenir-avec-un-chargeur-monsieur-von-loreot-achete-un-scooter-electrique\/\" rel=\"bookmark\">Avenir avec chargeur - Monsieur de L'oreot ach\u00e8te un scooter \u00e9lectrique<\/a><\/h3><\/div><\/div>\n\t\t\t\t\t\t<\/div><!-- .dpt-entry -->\n\t\t\t\t\t\t\n\t\t\t\t<\/div>\n\t\t\t\t\t\t<\/div>\n\t\t\t\n<hr \/>","protected":false},"excerpt":{"rendered":"<p>Au premier abord, l'intelligence artificielle semble presque en apesanteur. On tape une question, quelques secondes plus tard, une r\u00e9ponse appara\u00eet. Pas de bruit, pas de fum\u00e9e, pas de mouvement visible. Tout semble se passer \u201edans le nuage\u201c. C'est pr\u00e9cis\u00e9ment l\u00e0 que r\u00e9side l'erreur de raisonnement. L'IA n'est pas une magie abstraite, mais le r\u00e9sultat de processus physiques tr\u00e8s concrets. Derri\u00e8re chaque r\u00e9ponse se trouvent des centres de donn\u00e9es, des lignes \u00e9lectriques, ... <a title=\"Avenir avec chargeur - Monsieur de L&#039;oreot ach\u00e8te un scooter \u00e9lectrique\" class=\"read-more\" href=\"https:\/\/www.markus-schall.de\/fr\/2025\/10\/lavenir-avec-un-chargeur-monsieur-von-loreot-achete-un-scooter-electrique\/\" aria-label=\"En savoir plus sur Avenir avec chargeur - Monsieur de L&#039;oreot ach\u00e8te un scooter \u00e9lectrique\">Lire la suite<\/a><\/p>","protected":false},"author":1,"featured_media":4597,"comment_status":"open","ping_status":"open","sticky":false,"template":"","format":"standard","meta":{"iawp_total_views":218,"footnotes":""},"categories":[1,147,431],"tags":[481,475,482,426,471,442],"class_list":["post-4590","post","type-post","status-publish","format-standard","has-post-thumbnail","hentry","category-allgemein","category-hardware","category-ki-systeme","tag-energiepolitik","tag-europa","tag-geopolitik","tag-krisen","tag-kuenstliche-intelligenz","tag-prozesse"],"_links":{"self":[{"href":"https:\/\/www.markus-schall.de\/fr\/wp-json\/wp\/v2\/posts\/4590","targetHints":{"allow":["GET"]}}],"collection":[{"href":"https:\/\/www.markus-schall.de\/fr\/wp-json\/wp\/v2\/posts"}],"about":[{"href":"https:\/\/www.markus-schall.de\/fr\/wp-json\/wp\/v2\/types\/post"}],"author":[{"embeddable":true,"href":"https:\/\/www.markus-schall.de\/fr\/wp-json\/wp\/v2\/users\/1"}],"replies":[{"embeddable":true,"href":"https:\/\/www.markus-schall.de\/fr\/wp-json\/wp\/v2\/comments?post=4590"}],"version-history":[{"count":15,"href":"https:\/\/www.markus-schall.de\/fr\/wp-json\/wp\/v2\/posts\/4590\/revisions"}],"predecessor-version":[{"id":5825,"href":"https:\/\/www.markus-schall.de\/fr\/wp-json\/wp\/v2\/posts\/4590\/revisions\/5825"}],"wp:featuredmedia":[{"embeddable":true,"href":"https:\/\/www.markus-schall.de\/fr\/wp-json\/wp\/v2\/media\/4597"}],"wp:attachment":[{"href":"https:\/\/www.markus-schall.de\/fr\/wp-json\/wp\/v2\/media?parent=4590"}],"wp:term":[{"taxonomy":"category","embeddable":true,"href":"https:\/\/www.markus-schall.de\/fr\/wp-json\/wp\/v2\/categories?post=4590"},{"taxonomy":"post_tag","embeddable":true,"href":"https:\/\/www.markus-schall.de\/fr\/wp-json\/wp\/v2\/tags?post=4590"}],"curies":[{"name":"wp","href":"https:\/\/api.w.org\/{rel}","templated":true}]}}