{"id":4628,"date":"2026-01-28T06:06:06","date_gmt":"2026-01-28T06:06:06","guid":{"rendered":"https:\/\/www.markus-schall.de\/?p=4628"},"modified":"2026-04-22T15:16:06","modified_gmt":"2026-04-22T15:16:06","slug":"comment-etait-la-syrie-avant-la-guerre-qui-gouverne-aujourdhui-que-cela-signifie-t-il-pour-les-refugies-en-allemagne","status":"publish","type":"post","link":"https:\/\/www.markus-schall.de\/fr\/2026\/01\/comment-etait-la-syrie-avant-la-guerre-qui-gouverne-aujourdhui-que-cela-signifie-t-il-pour-les-refugies-en-allemagne\/","title":{"rendered":"Comment \u00e9tait la Syrie avant la guerre ? Qui gouverne aujourd'hui ? Qu'est-ce que cela signifie pour les personnes qui ont fui en Allemagne ?"},"content":{"rendered":"<p>La Syrie n'est pas pour moi un pays d'actualit\u00e9s abstrait, un simple concept de crise issu des gros titres. Je suis ce pays - \u00e0 distance, mais de mani\u00e8re continue - depuis une vingtaine d'ann\u00e9es. Pas par activisme politique, mais par int\u00e9r\u00eat sinc\u00e8re. La Syrie a toujours \u00e9t\u00e9 pour moi un exemple montrant que le monde est plus compliqu\u00e9 que les simples r\u00e9cits du bien et du mal. C'est un pays du Moyen-Orient qui \u00e9tait organis\u00e9 de mani\u00e8re la\u00efque, qui fonctionnait de mani\u00e8re relativement stable et dont la soci\u00e9t\u00e9 semblait nettement plus moderne que ce que beaucoup auraient pu attendre.<\/p>\n<p>Un point suppl\u00e9mentaire qui a tr\u00e8s t\u00f4t \u00e9veill\u00e9 mon int\u00e9r\u00eat est la personne m\u00eame de Bachar el-Assad. Un homme qui avait fait ses \u00e9tudes en Suisse, qui avait une formation d'ophtalmologue, qui connaissait les r\u00e9alit\u00e9s de la vie occidentale - et qui s'est retrouv\u00e9 \u00e0 la t\u00eate d'un \u00c9tat du Moyen-Orient. Cela ne correspondait pas aux sch\u00e9mas habituels. J'ai \u00e9t\u00e9 d'autant plus irrit\u00e9 d'observer la rapidit\u00e9 avec laquelle la perception publique s'est r\u00e9tr\u00e9cie, comment un \u00c9tat complexe est devenu en quelques ann\u00e9es un simple symbole de violence, de fuite et de simplification morale. Pour moi, le choc n'a pas tant r\u00e9sid\u00e9 dans le fait que la Syrie soit entr\u00e9e en guerre - l'histoire conna\u00eet de nombreuses ruptures de ce type - que dans le peu de place qu'il restait ensuite pour la diff\u00e9renciation. Cet article est donc aussi une tentative de remettre de l'ordre dans un sujet qui, dans les m\u00e9dias, n'est souvent plus racont\u00e9 que comme un chaos.<!--more--><\/p>\n<hr \/>\n\n\t\t\t<div class=\"display-post-types\">\n\n\t\t\t\t\t\t\t<style type=\"text\/css\">\n\t\t\t#dpt-wrapper-862 { --dpt-text-align: left;--dpt-image-crop: center;--dpt-border-radius: 5px;--dpt-h-gutter: 10px;--dpt-v-gutter: 9px; }\t\t\t<\/style>\n\t\t\t<style type=\"text\/css\">#dpt-wrapper-862 { --dpt-title-font-style:normal;--dpt-title-font-weight:600;--dpt-title-line-height:1.5;--dpt-title-text-decoration:none;--dpt-title-text-transform:none;--dpt-excerpt-font-style:normal;--dpt-excerpt-font-weight:400;--dpt-excerpt-line-height:1.5;--dpt-excerpt-text-decoration:none;--dpt-excerpt-text-transform:none;--dpt-meta1-font-style:normal;--dpt-meta1-font-weight:400;--dpt-meta1-line-height:1.9;--dpt-meta1-text-decoration:none;--dpt-meta1-text-transform:none;--dpt-meta2-font-style:normal;--dpt-meta2-font-weight:400;--dpt-meta2-line-height:1.9;--dpt-meta2-text-decoration:none;--dpt-meta2-text-transform:none; }<\/style><div class=\"dpt-main-header\">\n\t\t\t\t\t\t<div class=\"dpt-main-title\">\n\t\t\t\t\t\t\t<span class=\"dpt-main-title-text\">Th\u00e8mes de soci\u00e9t\u00e9 contemporains<\/span>\n\t\t\t\t\t\t<\/div>\n\t\t\t\t\t\t\n\t\t\t\t\t\t\n\t\t\t\t\t\t\n\t\t\t\t\t\t<\/div>\t\t\t\n\t\t\t\t<div id=\"dpt-wrapper-862\" class=\"dpt-wrapper dpt-mag1 land1 dpt-cropped dpt-flex-wrap\" >\n\n\t\t\t\t\t\t\t\t\t\t\t<div class=\"dpt-entry has-thumbnail\" data-title=\"europa zwischen meinungsfreiheit und regulierung: neues us-infoportal wirft fragen auf\" data-id=\"5102\"  data-category=\"allgemein gesellschaft\" data-post_tag=\"denkmodelle deutschland eu-gesetze europa geopolitik krisen meinungsfreiheit spieltheorie\">\n\t\t\t\t\t\t\t<div class=\"dpt-entry-wrapper\"><div class=\"dpt-featured-content\"><div class=\"dpt-permalink\"><a href=\"https:\/\/www.markus-schall.de\/fr\/2026\/03\/leurope-entre-liberte-dexpression-et-reglementation-le-nouveau-portail-dinformation-des-us-souleve-des-questions\/\" class=\"dpt-permalink\"><span class=\"screen-reader-text\">L'Europe entre libert\u00e9 d'expression et r\u00e9glementation : un nouveau portail d'information am\u00e9ricain soul\u00e8ve des questions<\/span><\/a><\/div><div class=\"dpt-thumbnail\"><div class=\"dpt-thumbnail-inner\"><img width=\"1024\" height=\"683\" class=\"attachment-full size-full\" alt=\"Censure europ\u00e9enne, hatespeech et nouveau portail am\u00e9ricain\" context=\"dpt\" data-dpt-src=\"https:\/\/www.markus-schall.de\/wp-content\/uploads\/EU-Hatespeech-US-Portal.jpg\" data-dpt-sizes=\"(max-width: 1024px) 100vw, 1024px\" data-dpt-srcset=\"https:\/\/www.markus-schall.de\/wp-content\/uploads\/EU-Hatespeech-US-Portal.jpg 1024w, https:\/\/www.markus-schall.de\/wp-content\/uploads\/EU-Hatespeech-US-Portal-300x200.jpg 300w, https:\/\/www.markus-schall.de\/wp-content\/uploads\/EU-Hatespeech-US-Portal-768x512.jpg 768w, https:\/\/www.markus-schall.de\/wp-content\/uploads\/EU-Hatespeech-US-Portal-18x12.jpg 18w\" \/><\/div><span class=\"dpt-thumbnail-aspect-ratio\" style=\"padding-top: 75%\"><\/span><\/div><\/div><div class=\"sub-entry\"><h3 class=\"dpt-title\"><a class=\"dpt-title-link\" href=\"https:\/\/www.markus-schall.de\/fr\/2026\/03\/leurope-entre-liberte-dexpression-et-reglementation-le-nouveau-portail-dinformation-des-us-souleve-des-questions\/\" rel=\"bookmark\">L'Europe entre libert\u00e9 d'expression et r\u00e9glementation : un nouveau portail d'information am\u00e9ricain soul\u00e8ve des questions<\/a><\/h3><\/div><\/div>\n\t\t\t\t\t\t<\/div><!-- .dpt-entry -->\n\t\t\t\t\t\t\t\t\t\t\t\t<div class=\"dpt-entry has-thumbnail\" data-title=\"vom content zur substanz: wie digitale systeme entstehen, die nicht kopierbar sind\" data-id=\"5899\"  data-category=\"allgemein b\u00fccher gesellschaft tipps &amp; anleitungen\" data-post_tag=\"buch datenlogik denkmodelle digitales eigentum erfahrungen k\u00fcnstliche intelligenz prozesse publishing ratgeber\">\n\t\t\t\t\t\t\t<div class=\"dpt-entry-wrapper\"><div class=\"dpt-featured-content\"><div class=\"dpt-permalink\"><a href=\"https:\/\/www.markus-schall.de\/fr\/2026\/04\/du-contenu-a-la-substance-comment-des-systemes-numeriques-qui-ne-peuvent-pas-etre-copies-sont-crees\/\" class=\"dpt-permalink\"><span class=\"screen-reader-text\">Du contenu \u00e0 la substance : comment des syst\u00e8mes num\u00e9riques qui ne peuvent pas \u00eatre copi\u00e9s voient le jour<\/span><\/a><\/div><div class=\"dpt-thumbnail\"><div class=\"dpt-thumbnail-inner\"><img width=\"1024\" height=\"682\" class=\"attachment-full size-full\" alt=\"Un syst\u00e8me plut\u00f4t qu&#039;un contenu unique\" context=\"dpt\" data-dpt-src=\"https:\/\/www.markus-schall.de\/wp-content\/uploads\/Organische-Reichweite.jpg\" data-dpt-sizes=\"(max-width: 1024px) 100vw, 1024px\" data-dpt-srcset=\"https:\/\/www.markus-schall.de\/wp-content\/uploads\/Organische-Reichweite.jpg 1024w, https:\/\/www.markus-schall.de\/wp-content\/uploads\/Organische-Reichweite-300x200.jpg 300w, https:\/\/www.markus-schall.de\/wp-content\/uploads\/Organische-Reichweite-768x512.jpg 768w, https:\/\/www.markus-schall.de\/wp-content\/uploads\/Organische-Reichweite-18x12.jpg 18w\" \/><\/div><span class=\"dpt-thumbnail-aspect-ratio\" style=\"padding-top: 75%\"><\/span><\/div><\/div><div class=\"sub-entry\"><h3 class=\"dpt-title\"><a class=\"dpt-title-link\" href=\"https:\/\/www.markus-schall.de\/fr\/2026\/04\/du-contenu-a-la-substance-comment-des-systemes-numeriques-qui-ne-peuvent-pas-etre-copies-sont-crees\/\" rel=\"bookmark\">Du contenu \u00e0 la substance : comment des syst\u00e8mes num\u00e9riques qui ne peuvent pas \u00eatre copi\u00e9s voient le jour<\/a><\/h3><\/div><\/div>\n\t\t\t\t\t\t<\/div><!-- .dpt-entry -->\n\t\t\t\t\t\t\t\t\t\t\t\t<div class=\"dpt-entry has-thumbnail\" data-title=\"k\u00fcnstliche intelligenz: welche jobs in gefahr sind, und wie wir uns jetzt wappnen k\u00f6nnen\" data-id=\"2940\"  data-category=\"allgemein b\u00fccher gesellschaft ki-systeme\" data-post_tag=\"buch k\u00fcnstliche intelligenz llama llm mistral mlx ollama ratgeber sprachmodell\">\n\t\t\t\t\t\t\t<div class=\"dpt-entry-wrapper\"><div class=\"dpt-featured-content\"><div class=\"dpt-permalink\"><a href=\"https:\/\/www.markus-schall.de\/fr\/2025\/09\/lintelligence-artificielle-quels-sont-les-emplois-menaces-et-comment-sen-premunir\/\" class=\"dpt-permalink\"><span class=\"screen-reader-text\">Intelligence artificielle : quels sont les emplois menac\u00e9s et comment s'armer d\u00e8s maintenant ?<\/span><\/a><\/div><div class=\"dpt-thumbnail\"><div class=\"dpt-thumbnail-inner\"><img width=\"1024\" height=\"683\" class=\"attachment-full size-full\" alt=\"Quels emplois seront supprim\u00e9s \u00e0 l&#039;avenir par l&#039;IA\" context=\"dpt\" data-dpt-src=\"https:\/\/www.markus-schall.de\/wp-content\/uploads\/welche-jobs-fallen-durch-ki-weg.jpg\" data-dpt-sizes=\"(max-width: 1024px) 100vw, 1024px\" data-dpt-srcset=\"https:\/\/www.markus-schall.de\/wp-content\/uploads\/welche-jobs-fallen-durch-ki-weg.jpg 1024w, https:\/\/www.markus-schall.de\/wp-content\/uploads\/welche-jobs-fallen-durch-ki-weg-300x200.jpg 300w, https:\/\/www.markus-schall.de\/wp-content\/uploads\/welche-jobs-fallen-durch-ki-weg-768x512.jpg 768w, https:\/\/www.markus-schall.de\/wp-content\/uploads\/welche-jobs-fallen-durch-ki-weg-18x12.jpg 18w\" \/><\/div><span class=\"dpt-thumbnail-aspect-ratio\" style=\"padding-top: 75%\"><\/span><\/div><\/div><div class=\"sub-entry\"><h3 class=\"dpt-title\"><a class=\"dpt-title-link\" href=\"https:\/\/www.markus-schall.de\/fr\/2025\/09\/lintelligence-artificielle-quels-sont-les-emplois-menaces-et-comment-sen-premunir\/\" rel=\"bookmark\">Intelligence artificielle : quels sont les emplois menac\u00e9s et comment s'armer d\u00e8s maintenant ?<\/a><\/h3><\/div><\/div>\n\t\t\t\t\t\t<\/div><!-- .dpt-entry -->\n\t\t\t\t\t\t\t\t\t\t\t\t<div class=\"dpt-entry has-thumbnail\" data-title=\"stress ist keine naturgewalt \u2013 wie man sich freir\u00e4ume zur\u00fcckholt, schritt f\u00fcr schritt\" data-id=\"3152\"  data-category=\"allgemein gesellschaft gesundheit tipps &amp; anleitungen\" data-post_tag=\"cmd erfahrungen gesundheit krisen pers\u00f6nlichkeitsentwicklung prozesse ratgeber\">\n\t\t\t\t\t\t\t<div class=\"dpt-entry-wrapper\"><div class=\"dpt-featured-content\"><div class=\"dpt-permalink\"><a href=\"https:\/\/www.markus-schall.de\/fr\/2025\/10\/le-stress-nest-pas-une-force-de-la-nature-comment-retrouver-des-espaces-de-liberte-pas-a-pas\/\" class=\"dpt-permalink\"><span class=\"screen-reader-text\">Le stress n'est pas une force de la nature - Comment se r\u00e9approprier des espaces de libert\u00e9, \u00e9tape par \u00e9tape<\/span><\/a><\/div><div class=\"dpt-thumbnail\"><div class=\"dpt-thumbnail-inner\"><img width=\"1024\" height=\"683\" class=\"attachment-full size-full\" alt=\"Le stress n&#039;est pas une force de la nature\" context=\"dpt\" data-dpt-src=\"https:\/\/www.markus-schall.de\/wp-content\/uploads\/stress-naturgewalt-titel.jpg\" data-dpt-sizes=\"(max-width: 1024px) 100vw, 1024px\" data-dpt-srcset=\"https:\/\/www.markus-schall.de\/wp-content\/uploads\/stress-naturgewalt-titel.jpg 1024w, https:\/\/www.markus-schall.de\/wp-content\/uploads\/stress-naturgewalt-titel-300x200.jpg 300w, https:\/\/www.markus-schall.de\/wp-content\/uploads\/stress-naturgewalt-titel-768x512.jpg 768w, https:\/\/www.markus-schall.de\/wp-content\/uploads\/stress-naturgewalt-titel-18x12.jpg 18w\" \/><\/div><span class=\"dpt-thumbnail-aspect-ratio\" style=\"padding-top: 75%\"><\/span><\/div><\/div><div class=\"sub-entry\"><h3 class=\"dpt-title\"><a class=\"dpt-title-link\" href=\"https:\/\/www.markus-schall.de\/fr\/2025\/10\/le-stress-nest-pas-une-force-de-la-nature-comment-retrouver-des-espaces-de-liberte-pas-a-pas\/\" rel=\"bookmark\">Le stress n'est pas une force de la nature - Comment se r\u00e9approprier des espaces de libert\u00e9, \u00e9tape par \u00e9tape<\/a><\/h3><\/div><\/div>\n\t\t\t\t\t\t<\/div><!-- .dpt-entry -->\n\t\t\t\t\t\t\n\t\t\t\t<\/div>\n\t\t\t\t\t\t<\/div>\n\t\t\t\n<hr \/>\n<h2>Derni\u00e8res nouvelles sur la Syrie<\/h2>\n<p><strong>13.04.2026<\/strong>: \u00e0 la K\u00f6rberhaus de Hambourg, l'exposition \u00e9tait consacr\u00e9e aux <a href=\"https:\/\/koerber-stiftung.de\/veranstaltungen\/syrien-ein-land-im-umbruch\/\" target=\"_blank\" rel=\"noopener\"><strong>La Fondation K\u00f6rber s'est r\u00e9cemment pench\u00e9e sur la situation en Syrie<\/strong><\/a> - avec une conf\u00e9rence impressionnante du photojournaliste Lutz J\u00e4kel. Sous le titre \u201eSyrie - un pays en transition\u201c, J\u00e4kel a bross\u00e9 un tableau nuanc\u00e9 d'un pays souvent r\u00e9duit \u00e0 la guerre et \u00e0 la destruction dans l'esprit du public. Ses photographies ne montrent pas seulement des ruines, mais aussi le quotidien, la dignit\u00e9 et un espoir discret.<\/p>\n<p>Ce qui est particuli\u00e8rement remarquable, c'est le changement de perspective : loin des slogans politiques, on s'int\u00e9resse aux gens sur place. J\u00e4kel documente la r\u00e9gion depuis de nombreuses ann\u00e9es et transmet des impressions qui se perdent souvent dans le flux continu des m\u00e9dias. En compl\u00e9ment, un reportage en direct r\u00e9alis\u00e9 d\u00e8s 2021 offre un acc\u00e8s visuel imm\u00e9diat - enregistr\u00e9 \u00e0 une p\u00e9riode o\u00f9 les premi\u00e8res r\u00e9alit\u00e9s d'apr\u00e8s-guerre se dessinaient.<\/p>\n<div class=\"lyte-wrapper\" style=\"width:640px;max-width:100%;margin:5px;\"><div class=\"lyMe\" id=\"WYL_egLNxL7ZhHE\"><div id=\"lyte_egLNxL7ZhHE\" data-src=\"https:\/\/www.markus-schall.de\/wp-content\/plugins\/wp-youtube-lyte\/lyteCache.php?origThumbUrl=%2F%2Fi.ytimg.com%2Fvi%2FegLNxL7ZhHE%2Fhqdefault.jpg\" class=\"pL\"><div class=\"tC\"><div class=\"tT\"><\/div><\/div><div class=\"play\"><\/div><div class=\"ctrl\"><div class=\"Lctrl\"><\/div><div class=\"Rctrl\"><\/div><\/div><\/div><noscript><a href=\"https:\/\/youtu.be\/egLNxL7ZhHE\" rel=\"nofollow noopener\" target=\"_blank\"><img loading=\"lazy\" decoding=\"async\" src=\"https:\/\/www.markus-schall.de\/wp-content\/plugins\/wp-youtube-lyte\/lyteCache.php?origThumbUrl=https%3A%2F%2Fi.ytimg.com%2Fvi%2FegLNxL7ZhHE%2F0.jpg\" alt=\"Vignette de la vid\u00e9o YouTube\" width=\"640\" height=\"340\" \/><br \/>Lire cette vid\u00e9o sur YouTube<\/a><\/noscript><\/div><\/div><div class=\"lL\" style=\"max-width:100%;width:640px;margin:5px;\"><\/div><br \/>\nReportage en direct sur la Syrie avec Lutz J\u00e4kel | <a href=\"https:\/\/www.youtube.com\/@fununstation5449\" target=\"_blank\" rel=\"nofollow noopener\">Station Funun<\/a><\/p>\n<p>La conf\u00e9rence et le reportage montrent clairement \u00e0 quel point la situation reste complexe : Entre reconstruction, int\u00e9r\u00eats g\u00e9opolitiques et ruptures sociales, il en ressort une image qui \u00e9chappe aux explications simples - et qui m\u00e9rite justement d'\u00eatre prise en consid\u00e9ration.<\/p>\n<p><strong>30.03.2026<\/strong>La visite du pr\u00e9sident int\u00e9rimaire syrien Ahmed al-Charaa \u00e0 Berlin <a href=\"https:\/\/www.t-online.de\/nachrichten\/ausland\/internationale-politik\/id_101191722\/al-scharaa-in-berlin-merz-empfaengt-ex-dschihadistenfuehrer.html\" target=\"_blank\" rel=\"noopener\"><strong>cr\u00e9e des tensions politiques importantes<\/strong><\/a>. L'ancien chef de milices islamistes, qui \u00e9tait autrefois li\u00e9 \u00e0 des groupes proches d'Al-Qaida, est re\u00e7u par le chancelier Friedrich Merz - une d\u00e9marche qui suscite de vives critiques. Les critiques parlent d'une valorisation probl\u00e9matique de sa personne et font r\u00e9f\u00e9rence \u00e0 d'anciennes violations des droits de l'homme ainsi qu'\u00e0 des violences contre les minorit\u00e9s. En m\u00eame temps, le gouvernement f\u00e9d\u00e9ral poursuit des int\u00e9r\u00eats clairs avec cette rencontre : La reconstruction de la Syrie, les coop\u00e9rations \u00e9conomiques ainsi que le possible rapatriement des r\u00e9fugi\u00e9s syriens sont au centre des pr\u00e9occupations. La visite est accompagn\u00e9e de protestations et d'importantes mesures de s\u00e9curit\u00e9.<\/p>\n<div class=\"lyte-wrapper\" style=\"width:640px;max-width:100%;margin:5px;\"><div class=\"lyMe\" id=\"WYL_-cgK6fBqncU\"><div id=\"lyte_-cgK6fBqncU\" data-src=\"https:\/\/www.markus-schall.de\/wp-content\/plugins\/wp-youtube-lyte\/lyteCache.php?origThumbUrl=%2F%2Fi.ytimg.com%2Fvi%2F-cgK6fBqncU%2Fhqdefault.jpg\" class=\"pL\"><div class=\"tC\"><div class=\"tT\"><\/div><\/div><div class=\"play\"><\/div><div class=\"ctrl\"><div class=\"Lctrl\"><\/div><div class=\"Rctrl\"><\/div><\/div><\/div><noscript><a href=\"https:\/\/youtu.be\/-cgK6fBqncU\" rel=\"nofollow noopener\" target=\"_blank\"><img loading=\"lazy\" decoding=\"async\" src=\"https:\/\/www.markus-schall.de\/wp-content\/plugins\/wp-youtube-lyte\/lyteCache.php?origThumbUrl=https%3A%2F%2Fi.ytimg.com%2Fvi%2F-cgK6fBqncU%2F0.jpg\" alt=\"Vignette de la vid\u00e9o YouTube\" width=\"640\" height=\"340\" \/><br \/>Lire cette vid\u00e9o sur YouTube<\/a><\/noscript><\/div><\/div><div class=\"lL\" style=\"max-width:100%;width:640px;margin:5px;\"><\/div><br \/>\nFIN DE LA MIGRATION : Merz re\u00e7oit un ex-terroriste ! Le pr\u00e9sident int\u00e9rimaire de la Syrie al-Sharaa \u00e0 Berlin | <a href=\"https:\/\/www.youtube.com\/@WELTVideoTV\" target=\"_blank\" rel=\"nofollow noopener\">Cha\u00eene d'information WELT<\/a><\/p>\n<p>La situation illustre la tension entre le pragmatisme g\u00e9opolitique et l'\u00e9valuation morale. Alors que le gouvernement mise sur le dialogue et la stabilisation, la question de savoir si et dans quelle mesure un rapprochement avec la nouvelle direction syrienne est politiquement et socialement viable reste ouverte.<\/p>\n<p><strong>18.03.2026<\/strong>La couverture du conflit syrien par les m\u00e9dias occidentaux est de plus en plus critiqu\u00e9e. Comme le montre <a href=\"https:\/\/www.nzz.ch\/feuilleton\/schuld-an-der-gewalt-sind-immer-die-anderen-nicht-die-islamisten-wie-syrien-experten-im-spiegel-und-in-anderen-medien-die-realitaet-verzerren-ld.1926926\" target=\"_blank\" rel=\"noopener\"><strong>la Neue Z\u00fcrcher Zeitung analyse<\/strong><\/a>, La violence dans le pays est souvent interpr\u00e9t\u00e9e de mani\u00e8re unilat\u00e9rale, avec une tendance \u00e0 attribuer la responsabilit\u00e9 avant tout \u00e0 des acteurs ext\u00e9rieurs ou \u00e0 des circonstances politiques. Le r\u00f4le des groupes islamistes est en revanche parfois relativis\u00e9 ou rel\u00e9gu\u00e9 \u00e0 l'arri\u00e8re-plan. Les experts qui interviennent dans les m\u00e9dias allemands de r\u00e9f\u00e9rence comme Der Spiegel donnent souvent une image tronqu\u00e9e de la situation. Cela conduit \u00e0 une distorsion de la r\u00e9alit\u00e9, dans laquelle les motifs id\u00e9ologiques et les dynamiques internes \u00e0 la soci\u00e9t\u00e9 ne sont pas suffisamment pris en compte. La NZZ parle d'un mod\u00e8le r\u00e9current dans lequel la violence est expliqu\u00e9e mais pas nomm\u00e9e dans toute sa complexit\u00e9 - un constat qui soul\u00e8ve des questions fondamentales sur la qualit\u00e9 et l'\u00e9quilibre des reportages sur la Syrie.<\/p>\n<hr \/>\n<h2>La Syrie avant la guerre - un \u00c9tat moderne et la\u00efc que beaucoup ne connaissent plus<\/h2>\n<p>Avant de parler de la chute, de la fuite, des nouveaux gouvernements et de la situation actuelle, nous devons faire quelque chose qui n'arrive presque jamais dans le d\u00e9bat public : clarifier d'abord ce qu'\u00e9tait la Syrie. Pas sur le plan moral, pas sur le plan id\u00e9ologique, mais de mani\u00e8re tr\u00e8s banale.<\/p>\n<blockquote><p><em>Comment les gens vivaient-ils l\u00e0-bas ? <\/em><br \/>\n<em>A quoi ressemblait la vie quotidienne ? <\/em><br \/>\n<em>Comment fonctionnait l'\u00c9tat ?<\/em><\/p><\/blockquote>\n<p>Si l'on saute cette \u00e9tape, on comprend mal tout le reste. La guerre appara\u00eet alors comme une \u00e9volution in\u00e9luctable, l'effondrement comme une sorte de ph\u00e9nom\u00e8ne naturel. Or, ce n'est pas ce qui s'est pass\u00e9. La Syrie n'\u00e9tait pas un \u00c9tat arri\u00e9r\u00e9, fig\u00e9 par la religion et \u201em\u00fbr pour le bouleversement\u201c. Au contraire.<\/p>\n<h3>Un \u00c9tat la\u00efc dans une r\u00e9gion religieuse<\/h3>\n<p>Pendant des d\u00e9cennies, la Syrie a fait partie des \u00c9tats les plus la\u00efques du monde arabe. La religion \u00e9tait pr\u00e9sente dans la soci\u00e9t\u00e9, mais d\u00e9lib\u00e9r\u00e9ment contenue politiquement. L'\u00c9tat ne se d\u00e9finissait pas comme religieux, mais comme national. Ce n'\u00e9tait pas un hasard, mais un principe fondamental. Au quotidien, cela signifiait<\/p>\n<p>La religion \u00e9tait une affaire priv\u00e9e. Personne n'\u00e9tait contraint par l'\u00c9tat de suivre des r\u00e8gles religieuses. Il n'y avait pas de code vestimentaire, pas de symboles religieux obligatoires dans l'espace public, pas de surveillance religieuse. Celui qui \u00e9tait croyant vivait sa foi. Ceux qui ne l'\u00e9taient pas n'\u00e9taient pas contraints de le faire.<\/p>\n<p>D'un point de vue actuel, il est important de le souligner, car ce fondement s\u00e9culaire s'est ensuite compl\u00e8tement effondr\u00e9.<\/p>\n<h3>Les droits des femmes : une \u00e9vidence, pas une id\u00e9ologie<\/h3>\n<p>Une diff\u00e9rence particuli\u00e8rement nette par rapport \u00e0 de nombreux pays voisins est apparue dans le traitement des femmes. La Syrie n'\u00e9tait pas un \u00c9tat occidental \u00e9galitaire, mais les femmes \u00e9taient visibles, autonomes et int\u00e9gr\u00e9es dans la soci\u00e9t\u00e9.<\/p>\n<p>Les femmes \u00e9tudiaient \u00e0 l'universit\u00e9, travaillaient comme m\u00e9decins, enseignantes, ing\u00e9nieures, fonctionnaires. Elles se d\u00e9pla\u00e7aient naturellement dans l'espace public. Le foulard \u00e9tait une d\u00e9cision personnelle, pas une contrainte sociale ou \u00e9tatique. Nombreuses sont celles qui n'en portaient pas - sans pression pour se justifier, sans d\u00e9claration politique.<\/p>\n<p>Cette normalit\u00e9 est souvent sous-estim\u00e9e aujourd'hui. Elle n'\u00e9tait pas un cas particulier de certaines grandes villes, mais faisait partie du cadre g\u00e9n\u00e9ral de la soci\u00e9t\u00e9. C'est pr\u00e9cis\u00e9ment ce cadre qui s'est perdu par la suite.<\/p>\n<h3>La diversit\u00e9 religieuse et ethnique comme r\u00e9alit\u00e9 v\u00e9cue<\/h3>\n<p>La Syrie \u00e9tait diversifi\u00e9e sur le plan religieux et ethnique - et cette diversit\u00e9 n'\u00e9tait pas simplement tol\u00e9r\u00e9e, mais garantie par l'\u00c9tat. Chr\u00e9tiens, sunnites, alaouites, druzes et autres groupes cohabitaient. Non sans conflits, mais sans \u00e9tat d'urgence religieux permanent.<\/p>\n<p>Les communaut\u00e9s chr\u00e9tiennes existaient ouvertement, les \u00e9glises \u00e9taient situ\u00e9es au c\u0153ur des villes, les jours f\u00e9ri\u00e9s \u00e9taient reconnus. Les minorit\u00e9s faisaient partie de la vie publique, elles n'\u00e9taient pas marginalis\u00e9es. L'\u00c9tat se consid\u00e9rait comme une instance d'arbitrage qui limitait les conflits religieux, sans les attiser.<\/p>\n<p>Ce r\u00f4le de l'\u00c9tat en tant que cadre r\u00e9glementaire neutre a \u00e9t\u00e9 l'un des principaux facteurs de stabilit\u00e9 de la Syrie.<\/p>\n<h3>Vie quotidienne, infrastructure, normalit\u00e9<\/h3>\n<p>La Syrie n'\u00e9tait pas un pays en crise en permanence. Les gens travaillaient, fondaient des familles, \u00e9tudiaient, voyageaient. Des villes comme Damas ou Alep \u00e9taient des centres urbains vivants avec du commerce, de l'artisanat, de la culture et de l'\u00e9ducation.<\/p>\n<p>L'infrastructure fonctionnait. L'\u00e9lectricit\u00e9, l'eau, les soins de sant\u00e9, les \u00e9coles - tout cela \u00e9tait disponible. Il y avait des h\u00f4pitaux publics, des universit\u00e9s avec des dipl\u00f4mes reconnus au niveau international, une administration qui fonctionnait. Le tourisme jouait un r\u00f4le, surtout le tourisme culturel.<\/p>\n<p>Tout cela n'a rien de spectaculaire, mais est d\u00e9cisif : la Syrie \u00e9tait un \u00c9tat normal. Pas un paradis de la prosp\u00e9rit\u00e9, mais une communaut\u00e9 qui fonctionnait. Oui, la Syrie \u00e9tait gouvern\u00e9e de mani\u00e8re autoritaire. L'opposition politique \u00e9tait limit\u00e9e, le pouvoir fortement centralis\u00e9, la libert\u00e9 de la presse limit\u00e9e. Cela fait partie de la v\u00e9rit\u00e9.<\/p>\n<p>Mais la v\u00e9rit\u00e9 est aussi que ce syst\u00e8me a d\u00e9lib\u00e9r\u00e9ment mis\u00e9 sur l'ordre, la stabilit\u00e9 et le contr\u00f4le de l'\u00c9tat pour \u00e9viter les divisions religieuses et la fragmentation r\u00e9gionale. Dans une r\u00e9gion o\u00f9 ces facteurs provoquaient r\u00e9guli\u00e8rement des guerres civiles, la stabilit\u00e9 \u00e9tait consid\u00e9r\u00e9e comme l'objectif principal. L'\u00c9tat ne promettait pas la libert\u00e9, mais la s\u00e9curit\u00e9. Et pendant longtemps, il a tenu cette promesse.<\/p>\n<h3>Le r\u00f4le de Bachar el-Assad<\/h3>\n<p>Sous Bachar el-Assad, ce cours a \u00e9t\u00e9 poursuivi. Il n'\u00e9tait pas un r\u00e9formateur au sens occidental du terme, mais il n'\u00e9tait pas non plus un id\u00e9ologue religieux. Son gouvernement s'en est tenu au mod\u00e8le d'\u00c9tat la\u00efc, a prot\u00e9g\u00e9 les minorit\u00e9s et a pr\u00e9serv\u00e9 l'ouverture sociale.<\/p>\n<p>De nombreux Syriens se montraient critiques \u00e0 son \u00e9gard. La corruption, la concentration du pouvoir et le manque de participation politique \u00e9taient des probl\u00e8mes r\u00e9els. Pourtant, beaucoup voyaient en lui le garant de l'ordre - non pas par enthousiasme, mais en pesant le pour et le contre. Pour beaucoup, l'alternative semblait plus risqu\u00e9e que le statu quo.<\/p>\n<p>Cette ambivalence est cruciale pour comprendre pourquoi l'effondrement ult\u00e9rieur n'a pas \u00e9t\u00e9 simplement v\u00e9cu comme une \u201elib\u00e9ration\u201c.<\/p>\n<h3>La Syrie avant et apr\u00e8s la guerre - Comparaison fondamentale<\/h3>\n<table>\n<tbody>\n<tr style=\"background-color: #f0f0f0; overflow-x: auto;\">\n<th>Aspect<\/th>\n<th>La Syrie avant 2011<\/th>\n<th>La Syrie aujourd'hui<\/th>\n<\/tr>\n<tr>\n<td><strong>R\u00e9gime politique<\/strong><\/td>\n<td>Autoritaire, \u00c9tat central<\/td>\n<td>Fragment\u00e9, r\u00e9gime transitoire<\/td>\n<\/tr>\n<tr>\n<td><strong>Politique religieuse<\/strong><\/td>\n<td>La\u00efque, neutralit\u00e9 religieuse<\/td>\n<td>Variation r\u00e9gionale, parfois pression religieuse<\/td>\n<\/tr>\n<tr>\n<td><strong>Droits des femmes<\/strong><\/td>\n<td>Largement s\u00e9curis\u00e9<\/td>\n<td>Informellement limit\u00e9<\/td>\n<\/tr>\n<tr>\n<td><strong>Protection des minorit\u00e9s<\/strong><\/td>\n<td>Garanti par l'\u00c9tat<\/td>\n<td>D\u00e9pendant des structures de pouvoir locales<\/td>\n<\/tr>\n<tr>\n<td><strong>\u00c9tat de droit<\/strong><\/td>\n<td>Limit\u00e9, mais clairement structur\u00e9<\/td>\n<td>Incoh\u00e9rent, souvent peu clair<\/td>\n<\/tr>\n<\/tbody>\n<\/table>\n<h3>Pourquoi cette Syrie est \u00e0 peine \u00e9voqu\u00e9e aujourd'hui<\/h3>\n<p>L'image d'une Syrie moderne et la\u00efque s'adapte mal aux r\u00e9cits simples. Elle d\u00e9range l'id\u00e9e que la guerre a \u00e9t\u00e9 l'\u00e9tape n\u00e9cessaire pour passer de la dictature \u00e0 la libert\u00e9. C'est pourquoi cette ancienne Syrie a rapidement disparu de la perception publique.<\/p>\n<p>Il ne reste plus qu'un pays qui, r\u00e9trospectivement, est pr\u00e9sent\u00e9 comme s'\u00e9tant in\u00e9vitablement dirig\u00e9 vers sa perte. Cette repr\u00e9sentation est confortable - mais elle occulte ce qui s'est r\u00e9ellement perdu.<\/p>\n<p>Pour comprendre pourquoi ce syst\u00e8me fonctionnel, bien qu'autoritaire, a \u00e9t\u00e9 mis sous pression, il ne suffit pas de regarder \u00e0 l'int\u00e9rieur. La Syrie faisait partie de blocs de pouvoir plus larges, int\u00e9gr\u00e9s dans des int\u00e9r\u00eats r\u00e9gionaux et mondiaux, \u00e9troitement li\u00e9s \u00e0 la Russie, \u00e0 la Chine et \u00e0 l'Iran - et c'est pr\u00e9cis\u00e9ment ce qui la rendait vuln\u00e9rable.<\/p>\n<p>Le prochain chapitre se penchera donc sur le r\u00f4le que jouait la Syrie dans la structure du pouvoir international et sur les raisons pour lesquelles cette position est devenue probl\u00e9matique.<\/p>\n<p><img loading=\"lazy\" decoding=\"async\" class=\"alignnone wp-image-4644 size-large\" src=\"https:\/\/www.markus-schall.de\/wp-content\/uploads\/Syrien-vor-dem-Krieg.jpg\" alt=\"La Syrie avant la guerre\" width=\"1024\" height=\"683\" srcset=\"https:\/\/www.markus-schall.de\/wp-content\/uploads\/Syrien-vor-dem-Krieg.jpg 1024w, https:\/\/www.markus-schall.de\/wp-content\/uploads\/Syrien-vor-dem-Krieg-300x200.jpg 300w, https:\/\/www.markus-schall.de\/wp-content\/uploads\/Syrien-vor-dem-Krieg-768x512.jpg 768w, https:\/\/www.markus-schall.de\/wp-content\/uploads\/Syrien-vor-dem-Krieg-18x12.jpg 18w\" sizes=\"auto, (max-width: 1024px) 100vw, 1024px\" \/><\/p>\n<h2>Assad, \u00e9quilibre et int\u00e9r\u00eats ext\u00e9rieurs - La place de la Syrie dans la structure du pouvoir<\/h2>\n<p>Ceux qui consid\u00e8rent la Syrie uniquement \u00e0 travers la personne de Bachar el-Assad ne vont pas assez loin. Les \u00c9tats ne fonctionnent pas comme des drames de caract\u00e8re, et la politique est rarement une question de sympathie individuelle. Pour comprendre pourquoi la Syrie a \u00e9t\u00e9 mise sous pression, pourquoi elle est devenue le th\u00e9\u00e2tre d'une guerre par procuration et pourquoi le conflit s'est ent\u00eat\u00e9, il faut consid\u00e9rer la Syrie comme faisant partie d'une structure de pouvoir plus large.<\/p>\n<p>C'est l\u00e0 que se situe le c\u0153ur du probl\u00e8me - et c'est l\u00e0 que de nombreuses repr\u00e9sentations deviennent inconfortables.<\/p>\n<h3>L'\u00e9quilibre des pouvoirs plut\u00f4t que la fid\u00e9lit\u00e9 aux alliances<\/h3>\n<p>Pendant des d\u00e9cennies, la Syrie n'a pas \u00e9t\u00e9 un Etat vassal classique, mais un acteur \u00e9quilibrant. Le pays a tent\u00e9 de conserver une marge de man\u0153uvre en ne se soumettant pas enti\u00e8rement \u00e0 un bloc. Cette strat\u00e9gie \u00e9tait risqu\u00e9e, mais logique du point de vue syrien : dans une r\u00e9gion o\u00f9 les \u00c9tats sont rapidement \u00e9cartel\u00e9s entre des zones d'influence, l'ind\u00e9pendance n'est pas un id\u00e9al, mais un concept de survie.<\/p>\n<p>Sous Bachar el-Assad, la Syrie a poursuivi dans cette voie. Non pas comme un projet id\u00e9ologique, mais comme une raison d'\u00c9tat pragmatique. On a gard\u00e9 ses distances par rapport aux structures de pouvoir occidentales, sans pour autant s'isoler compl\u00e8tement. En m\u00eame temps, on s'est li\u00e9 plus \u00e9troitement \u00e0 des acteurs qui \u00e9taient moins int\u00e9ress\u00e9s par une transformation interne que par la stabilit\u00e9 et la coop\u00e9ration strat\u00e9gique.<\/p>\n<h3>L'axe Iran-Russie-Chine<\/h3>\n<p>En mati\u00e8re de politique \u00e9trang\u00e8re, la Syrie a surtout \u00e9volu\u00e9 dans un environnement marqu\u00e9 par trois acteurs : l'Iran, la Russie et la Chine. Cette proximit\u00e9 n'\u00e9tait pas un hasard, ni une relation d'amour id\u00e9ologique, mais le r\u00e9sultat d'int\u00e9r\u00eats communs.<\/p>\n<p>L'Iran consid\u00e9rait la Syrie comme un partenaire strat\u00e9gique au Moyen-Orient. Non pas par proximit\u00e9 culturelle, mais en raison de l'\u00e9quilibre r\u00e9gional face \u00e0 Isra\u00ebl, aux \u00c9tats du Golfe et aux structures militaires occidentales. De son c\u00f4t\u00e9, la Syrie b\u00e9n\u00e9ficiait d'un soutien politique et d'une coop\u00e9ration \u00e9conomique.<\/p>\n<p>La Russie voyait en la Syrie un \u00c9tat cl\u00e9 pour son influence dans la r\u00e9gion m\u00e9diterran\u00e9enne. La pr\u00e9sence militaire, la loyaut\u00e9 politique et la fiabilit\u00e9 g\u00e9opolitique faisaient de la Syrie un point d'ancrage important de la politique \u00e9trang\u00e8re russe. Pour Damas, cela signifiait une protection contre l'isolement international.<\/p>\n<p>La Chine a jou\u00e9 un r\u00f4le plus discret, mais \u00e0 long terme. Les relations \u00e9conomiques, les projets d'infrastructure et l'int\u00e9r\u00eat commun pour la souverainet\u00e9 de l'\u00c9tat ont cr\u00e9\u00e9 un autre niveau de couverture strat\u00e9gique.<\/p>\n<h3>Pourquoi cette position est devenue probl\u00e9matique<\/h3>\n<p>Du point de vue occidental, cette constellation \u00e9tait de plus en plus ind\u00e9sirable. La Syrie n'\u00e9chappait pas seulement aux m\u00e9canismes d'influence politique, mais bloquait \u00e9galement des projets concrets. Cela est devenu particuli\u00e8rement \u00e9vident pour les questions r\u00e9gionales d'\u00e9nergie et de transit. La Syrie se trouvait - g\u00e9ographiquement discr\u00e8te, strat\u00e9giquement d\u00e9cisive - sur des routes possibles pour des projets de gaz et d'infrastructure qui devaient lier plus \u00e9troitement l'Europe aux pays producteurs alli\u00e9s de l'Ouest.<\/p>\n<p>Le refus de s'ouvrir sans r\u00e9serve \u00e0 ces projets n'a pas \u00e9t\u00e9 accept\u00e9 comme une d\u00e9cision souveraine, mais a \u00e9t\u00e9 interpr\u00e9t\u00e9 comme un obstacle. La Syrie n'\u00e9tait donc plus un acteur neutre, mais un facteur perturbateur dans des planifications plus larges.<\/p>\n<h3>Pas un \u201epartenaire de r\u00e9forme\u201c, pas un ennemi - mais inconfortable<\/h3>\n<p>La Syrie ne correspondait \u00e0 aucune cat\u00e9gorie simple. Ce n'\u00e9tait pas un ennemi ouvert de l'Occident, mais ce n'\u00e9tait pas non plus un partenaire fiable. C'est pr\u00e9cis\u00e9ment cette position interm\u00e9diaire qui rendait le pays vuln\u00e9rable. La pression en faveur de r\u00e9formes, les sanctions, l'isolement diplomatique - tout cela a \u00e9t\u00e9 mis en place au fil des ann\u00e9es, bien avant qu'un conflit ouvert n'\u00e9clate.<\/p>\n<p>Il est important de constater objectivement que c'est le cas : L'Occident n'exigeait pas en premier lieu la d\u00e9mocratie, mais la pr\u00e9visibilit\u00e9. Les \u00c9tats qui se laissent clairement classer sont plus faciles \u00e0 g\u00e9rer. La Syrie a \u00e9chapp\u00e9 \u00e0 cette classification.<\/p>\n<h3>La politique int\u00e9rieure comme risque de politique \u00e9trang\u00e8re<\/h3>\n<p>La structure autoritaire de la Syrie est devenue de plus en plus un levier de politique \u00e9trang\u00e8re. Les faiblesses internes - corruption, concentration du pouvoir, in\u00e9galit\u00e9s sociales - offraient des surfaces d'attaque. Des protestations n\u00e9es de probl\u00e8mes r\u00e9els se sont heurt\u00e9es \u00e0 un environnement pr\u00eat \u00e0 exploiter et \u00e0 amplifier ces tensions.<\/p>\n<p>Ce n'est pas un cas particulier \u00e0 la Syrie. C'est un sch\u00e9ma bien connu de la politique internationale : les conflits internes deviennent dangereux lorsque des acteurs ext\u00e9rieurs commencent \u00e0 les instrumentaliser. La Syrie n'a pas \u00e9t\u00e9 isol\u00e9e \u00e0 cause de ses probl\u00e8mes, mais parce que ces probl\u00e8mes sont devenus politiquement exploitables.<\/p>\n<p>Dans ce contexte, Bachar el-Assad a \u00e9t\u00e9 per\u00e7u moins comme un cr\u00e9ateur que comme un stabilisateur. Son r\u00f4le consistait \u00e0 pr\u00e9server les rapports de force existants, et non \u00e0 mettre en \u0153uvre de grands projets de r\u00e9forme. Cela le rendait peu attractif d'un point de vue occidental, mais pr\u00e9visible d'un point de vue r\u00e9gional.<\/p>\n<p>Pour de nombreux Syriens, cette pr\u00e9visibilit\u00e9 a \u00e9t\u00e9 d\u00e9cisive. Ils savaient ce qu'ils pouvaient attendre de l'\u00c9tat - et ce qu'ils ne pouvaient pas attendre. Les changements n'\u00e9taient pas esp\u00e9r\u00e9s, mais une perte totale de contr\u00f4le \u00e9tait redout\u00e9e. Cette attitude peut sembler r\u00e9sign\u00e9e, mais elle \u00e9tait rationnelle dans un environnement qui ne laissait gu\u00e8re de place \u00e0 l'exp\u00e9rimentation.<\/p>\n<h3>Le point o\u00f9 l'\u00e9quilibre n'\u00e9tait plus tol\u00e9r\u00e9<\/h3>\n<p>Plus l'ordre mondial s'orientait vers une confrontation entre blocs, moins il restait de place pour les \u00c9tats ayant une ligne de conduite ind\u00e9pendante. La Syrie est entr\u00e9e dans cette phase. La politique d'\u00e9quilibre, qui avait longtemps fonctionn\u00e9, a soudain \u00e9t\u00e9 per\u00e7ue comme une provocation.<\/p>\n<p>A partir de ce moment, il ne s'agissait plus de r\u00e9formes, mais de r\u00e9orientation. Non pas d'adaptation, mais de d\u00e9placement du pouvoir. La Syrie n'\u00e9tait plus \u00e0 l'ordre du jour, mais \u00e0 la disposition de tous.<\/p>\n<p>Lorsque les premi\u00e8res protestations se sont form\u00e9es \u00e0 partir de 2011, elles se sont heurt\u00e9es \u00e0 un \u00c9tat tendu sur le plan int\u00e9rieur et sous pression sur le plan ext\u00e9rieur. Ce qui a commenc\u00e9 comme un m\u00e9contentement social s'est rapidement inscrit dans un jeu plus large. L'escalade n'\u00e9tait pas un hasard, mais le r\u00e9sultat de cette constellation.<\/p>\n<p>Le chapitre suivant traite donc du tournant d\u00e9cisif : comment la protestation s'est transform\u00e9e en conflit internationalis\u00e9 - et pourquoi la Syrie a perdu le contr\u00f4le de son propre d\u00e9veloppement dans le processus.<\/p>\n<p><img loading=\"lazy\" decoding=\"async\" class=\"alignnone wp-image-4645 size-large\" src=\"https:\/\/www.markus-schall.de\/wp-content\/uploads\/Syrien-Macht-Interessen.jpg\" alt=\"Pouvoir et int\u00e9r\u00eats autour de la Syrie\" width=\"1024\" height=\"683\" srcset=\"https:\/\/www.markus-schall.de\/wp-content\/uploads\/Syrien-Macht-Interessen.jpg 1024w, https:\/\/www.markus-schall.de\/wp-content\/uploads\/Syrien-Macht-Interessen-300x200.jpg 300w, https:\/\/www.markus-schall.de\/wp-content\/uploads\/Syrien-Macht-Interessen-768x512.jpg 768w, https:\/\/www.markus-schall.de\/wp-content\/uploads\/Syrien-Macht-Interessen-18x12.jpg 18w\" sizes=\"auto, (max-width: 1024px) 100vw, 1024px\" \/><\/p>\n<h2>De la protestation \u00e0 la guerre par procuration - comment la Syrie a perdu le contr\u00f4le<\/h2>\n<p>Lorsque l'on parle aujourd'hui de \u201eguerre civile syrienne\u201c, cela sonne comme une affaire int\u00e9rieure : un Etat, un peuple, un conflit. Cette d\u00e9signation est commode, mais trompeuse. Car ce qui a commenc\u00e9 en Syrie \u00e0 partir de 2011 \u00e9tait certes une protestation interne, mais s'est \u00e9tonnamment vite transform\u00e9 en quelque chose de totalement diff\u00e9rent. Pour comprendre cette transition, il faut y regarder de pr\u00e8s - et surtout prendre au s\u00e9rieux la chronologie.<\/p>\n<p>Les premi\u00e8res manifestations en Syrie n'\u00e9taient ni exceptionnelles ni particuli\u00e8rement radicales. Elles s'inscrivaient dans une phase de tensions r\u00e9gionales, de hausse des prix, d'in\u00e9galit\u00e9s sociales et de frustration politique. La corruption, le n\u00e9potisme et le manque de participation politique \u00e9taient des probl\u00e8mes r\u00e9els. Le gouvernement en \u00e9tait \u00e9galement conscient.<\/p>\n<p>Ce qui est important, c'est qu'au d\u00e9but, ces protestations \u00e9taient limit\u00e9es, locales et nullement g\u00e9n\u00e9ralis\u00e9es. Elles \u00e9taient dirig\u00e9es contre des dysfonctionnements concrets et non contre l'existence de l'\u00c9tat en tant que tel. De nombreux Syriens observaient les \u00e9v\u00e9nements dans l'expectative et non dans l'euphorie. Il n'y avait pas de sentiment r\u00e9volutionnaire g\u00e9n\u00e9ralis\u00e9, mais plut\u00f4t de l'incertitude.<\/p>\n<h3>Escalade pr\u00e9coce - et pourquoi elle est arriv\u00e9e si vite<\/h3>\n<p>D\u00e8s la phase initiale, l'\u00c9tat a r\u00e9agi avec fermet\u00e9. Les forces de s\u00e9curit\u00e9 ont agi de mani\u00e8re r\u00e9pressive, les manifestations ont \u00e9t\u00e9 dispers\u00e9es et les arrestations ont suivi. Cette r\u00e9action \u00e9tait autoritaire, \u00e0 courte vue et a largement contribu\u00e9 \u00e0 l'escalade.<\/p>\n<p>Mais c'est l\u00e0 que commence le point crucial : l'escalade ne s'est pas limit\u00e9e \u00e0 l'\u00c9tat contre les manifestants. Tr\u00e8s t\u00f4t, des acteurs arm\u00e9s sont apparus, qui ne faisaient pas partie du mouvement de protestation initial et n'\u00e9taient pas organis\u00e9s de mani\u00e8re purement locale. Les armes, l'argent et la logistique ont afflu\u00e9 dans le pays plus rapidement que ce que l'on aurait pu attendre d'un mouvement populaire spontan\u00e9.<\/p>\n<h3>Militarisation plut\u00f4t que n\u00e9gociation politique<\/h3>\n<p>Au lieu de n\u00e9gociations, un autre mod\u00e8le s'est impos\u00e9 : L'armement. En quelques mois, le conflit s'est d\u00e9plac\u00e9 des manifestations de rue aux affrontements arm\u00e9s. Cette rapidit\u00e9 n'est pas le fruit du hasard. Elle indique que des r\u00e9seaux d\u00e9j\u00e0 existants ont \u00e9t\u00e9 utilis\u00e9s pour aggraver le conflit.<\/p>\n<p>Un seuil a \u00e9t\u00e9 franchi. A partir de ce moment, il ne s'agissait plus de r\u00e9formes ou de concessions, mais de pouvoir. Et les questions de pouvoir attirent des acteurs qui d\u00e9passent largement les fronti\u00e8res nationales.<\/p>\n<h3>L'entr\u00e9e d'acteurs externes<\/h3>\n<p>La Syrie est devenue de plus en plus un espace de projection d'int\u00e9r\u00eats externes. Diff\u00e9rents \u00c9tats, organisations et r\u00e9seaux ont commenc\u00e9 \u00e0 utiliser le conflit pour poursuivre leurs propres objectifs. Cela ne s'est pas fait ouvertement, mais par procuration :<\/p>\n<ul>\n<li>soutien financier \u00e0 certains groupes<\/li>\n<li>Livraisons d'armes via des pays tiers<\/li>\n<li>Formation et soutien logistique<\/li>\n<li>soutien m\u00e9diatique et diplomatique<\/li>\n<\/ul>\n<p>Le conflit initial s'en est trouv\u00e9 d\u00e9form\u00e9 et renforc\u00e9. Les dynamiques locales ont perdu de leur importance, tandis que les strat\u00e9gies internationales ont d\u00e9termin\u00e9 la direction \u00e0 suivre.<\/p>\n<h3>La fragmentation plut\u00f4t que l'opposition<\/h3>\n<p>Avec la militarisation croissante, l'opposition s'est divis\u00e9e en de nombreux groupes aux objectifs tr\u00e8s diff\u00e9rents. Ce que l'ext\u00e9rieur qualifiait souvent globalement de \u201erebelles\u201c \u00e9tait en r\u00e9alit\u00e9 un m\u00e9lange h\u00e9t\u00e9rog\u00e8ne de milices locales, de groupes islamistes, de combattants \u00e9trangers et de projets de politique de pouvoir.<\/p>\n<p>Un programme politique commun n'existait gu\u00e8re. Au lieu de cela, les alliances \u00e0 court terme, les rivalit\u00e9s et les oppositions id\u00e9ologiques dominaient. Pour la population civile, cela signifiait une ins\u00e9curit\u00e9 de tous les c\u00f4t\u00e9s.<\/p>\n<p>Pour le gouvernement syrien, cette \u00e9volution signifiait un \u00e9tat d'urgence permanent. Le conflit ne pouvait plus \u00eatre limit\u00e9 localement, il ne pouvait plus \u00eatre mod\u00e9r\u00e9 politiquement. Les questions de s\u00e9curit\u00e9 ont pris le pas sur tout d\u00e9bat sur les r\u00e9formes. L'\u00c9tat a r\u00e9agi de plus en plus militairement, non pas parce qu'il s'agissait d'une vision strat\u00e9gique, mais parce qu'il ne lui restait gu\u00e8re d'alternatives.<\/p>\n<p>Cela ne justifie pas la violence, mais explique la dynamique : un \u00c9tat en mode de survie agit diff\u00e9remment d'un \u00c9tat en mode de r\u00e9forme.<\/p>\n<h3>La perte de la logique propre<\/h3>\n<p>Chaque mois, la Syrie perdait un peu plus le contr\u00f4le de son propre conflit. Les d\u00e9cisions n'\u00e9taient plus prises uniquement \u00e0 Damas, mais dans les capitales r\u00e9gionales, les centrales de renseignement et les forums internationaux. La guerre ne r\u00e9pondait plus \u00e0 des besoins syriens, mais \u00e0 des calculs g\u00e9opolitiques.<\/p>\n<p>A ce stade, le terme de \u201eguerre civile\u201c \u00e9tait d\u00e9finitivement inappropri\u00e9. La Syrie \u00e9tait devenue une guerre par procuration - avec un sol syrien, des victimes syriennes et des agendas \u00e9trangers.<\/p>\n<h3>Le r\u00f4le de Bachar el-Assad dans cette phase<\/h3>\n<p>Durant cette phase, Assad est devenu moins un acteur politique qu'un symbole. Pour les uns, il incarnait le r\u00e9gime \u00e0 renverser, pour les autres, il \u00e9tait le dernier garant de l'ordre \u00e9tatique. Cette polarisation a facilit\u00e9 les interventions ext\u00e9rieures en r\u00e9duisant la complexit\u00e9.<\/p>\n<p>Plus Assad \u00e9tait personnalis\u00e9, moins il restait de place pour des solutions diff\u00e9renci\u00e9es. Le conflit s'est r\u00e9duit \u00e0 la question \u201eAssad oui ou non\u201c - et a perdu toute profondeur politique r\u00e9elle.<\/p>\n<h3>La population civile perdante<\/h3>\n<p>Alors que les acteurs internationaux poursuivaient leurs int\u00e9r\u00eats, la population en payait le prix. Les villes sont devenues des lignes de front, les quartiers des champs de bataille, les structures quotidiennes ont vol\u00e9 en \u00e9clats. La fuite, l'appauvrissement et la radicalisation n'ont pas accompagn\u00e9 cette dynamique, mais en ont \u00e9t\u00e9 les cons\u00e9quences directes. De nombreux Syriens ont non seulement perdu leur maison, mais aussi toute possibilit\u00e9 d'influer sur le d\u00e9veloppement de leur pays.<\/p>\n<p>Lorsque le conflit s'est compl\u00e8tement internationalis\u00e9, la question n'\u00e9tait plus de savoir si le syst\u00e8me en place allait survivre, mais combien de temps. La pression sur le gouvernement s'est accrue, les structures \u00e9tatiques se sont \u00e9rod\u00e9es et, au bout du compte, la perte de pouvoir a \u00e9t\u00e9 irr\u00e9versible.<\/p>\n<p>Le prochain chapitre sera donc consacr\u00e9 au tournant d\u00e9cisif : la chute d'Assad, sa fuite \u00e0 Moscou et la fin de l'ancien ordre syrien.<\/p>\n<p><img loading=\"lazy\" decoding=\"async\" class=\"alignnone wp-image-4647 size-large\" src=\"https:\/\/www.markus-schall.de\/wp-content\/uploads\/Syrien-Protest-und-Krieg.jpg\" alt=\"Protestation et guerre en Syrie\" width=\"1024\" height=\"683\" srcset=\"https:\/\/www.markus-schall.de\/wp-content\/uploads\/Syrien-Protest-und-Krieg.jpg 1024w, https:\/\/www.markus-schall.de\/wp-content\/uploads\/Syrien-Protest-und-Krieg-300x200.jpg 300w, https:\/\/www.markus-schall.de\/wp-content\/uploads\/Syrien-Protest-und-Krieg-768x512.jpg 768w, https:\/\/www.markus-schall.de\/wp-content\/uploads\/Syrien-Protest-und-Krieg-18x12.jpg 18w\" sizes=\"auto, (max-width: 1024px) 100vw, 1024px\" \/><\/p>\n<h2>La chute d'Assad et la fuite vers Moscou - la fin de l'ordre ancien<\/h2>\n<p>Un jour ou l'autre, tout conflit bascule. Pas forc\u00e9ment dans un grand moment de lucidit\u00e9, mais insidieusement, par \u00e9rosion. En Syrie aussi, la rupture d\u00e9cisive ne s'est pas produite du jour au lendemain. Il ne s'est pas agi d'un renversement dramatique avec une c\u00e9sure claire, mais du r\u00e9sultat d'ann\u00e9es d'usure, d'\u00e9puisement militaire, d'isolement politique et d'une d\u00e9composition interne croissante. Lorsque Bachar el-Assad a finalement quitt\u00e9 le pays, l'ancien ordre n'\u00e9tait plus viable depuis longtemps.<\/p>\n<p>Apr\u00e8s des ann\u00e9es de guerre, l'\u00c9tat syrien n'avait plus qu'une capacit\u00e9 d'action limit\u00e9e. L'administration, l'\u00e9conomie, l'infrastructure - tout ne fonctionnait plus que de mani\u00e8re fragmentaire. De grandes parties du pays \u00e9chappaient au contr\u00f4le central, les loyaut\u00e9s s'effondraient, les succ\u00e8s militaires \u00e9taient ponctuels, mais pas durables.<\/p>\n<p>L'\u00c9tat continuait d'exister, mais il ne gouvernait plus sur l'ensemble du territoire. Les d\u00e9cisions \u00e9taient de plus en plus prises de mani\u00e8re r\u00e9active et non strat\u00e9gique. L'\u00e9tat d'urgence \u00e9tait devenu la normalit\u00e9. Dans cet \u00e9tat, m\u00eame un syst\u00e8me dirig\u00e9 de mani\u00e8re autoritaire perd sa principale ressource : la pr\u00e9visibilit\u00e9.<\/p>\n<h3>Isolement international et usure politique<\/h3>\n<p>Parall\u00e8lement, l'isolement international s'est accentu\u00e9. Les sanctions n'ont pas seulement agi contre les dirigeants, mais ont touch\u00e9 l'ensemble de la structure \u00e9tatique. Les flux financiers se sont taris, les relations commerciales se sont effondr\u00e9es, la reconstruction n'a pas eu lieu. M\u00eame les alli\u00e9s ont commenc\u00e9 \u00e0 calculer plus sobrement leur soutien.<\/p>\n<p>La Russie et l'Iran se sont certes accroch\u00e9s \u00e0 la Syrie, mais l\u00e0 aussi, l'int\u00e9r\u00eat pour une stabilisation plut\u00f4t qu'une crise permanente s'est accru. Un conflit sans fin mobilise des ressources et cr\u00e9e des impond\u00e9rables. La question s'est lentement d\u00e9plac\u00e9e : il ne s'agit plus de savoir comment maintenir Assad en place, mais comment \u00e9viter une perte totale de contr\u00f4le.<\/p>\n<h3>Le moment o\u00f9 les options disparaissent<\/h3>\n<p>Dans les syst\u00e8mes autoritaires, la marge de man\u0153uvre des dirigeants est souvent plus r\u00e9duite qu'elle ne le para\u00eet de l'ext\u00e9rieur. Les d\u00e9cisions doivent garantir les loyaut\u00e9s, rassurer les centres de pouvoir et r\u00e9pondre aux attentes externes. Plus la guerre a dur\u00e9, moins les options sont rest\u00e9es r\u00e9alistes.<\/p>\n<p>Les r\u00e9formes auraient \u00e9t\u00e9 un signal de faiblesse, l'escalade militaire \u00e9tait difficilement r\u00e9alisable, les n\u00e9gociations \u00e9taient consid\u00e9r\u00e9es comme une perte de face. La marge de man\u0153uvre s'est r\u00e9duite \u00e0 un minimum. C'est \u00e0 ce moment-l\u00e0 que les dirigeants politiques commencent \u00e0 ne plus fa\u00e7onner, mais seulement \u00e0 limiter les d\u00e9g\u00e2ts.<\/p>\n<h3>La chute - pas un triomphe, mais un effondrement<\/h3>\n<p>La perte du pouvoir par Assad n'a pas \u00e9t\u00e9 une \u201elib\u00e9ration\u201c triomphale, mais un effondrement politique. Les structures \u00e9tatiques ont continu\u00e9 \u00e0 s'effondrer, le pouvoir s'est d\u00e9centralis\u00e9 et les loyaut\u00e9s centrales ont disparu. Dans cette situation, il est devenu clair que la pr\u00e9sence du pr\u00e9sident ne stabilisait plus rien, elle bloquait plut\u00f4t de nouveaux arrangements.<\/p>\n<p>La d\u00e9cision de fuir n'\u00e9tait pas un acte h\u00e9ro\u00efque, mais une d\u00e9marche sobre. Rester n'aurait pas sauv\u00e9 l'\u00c9tat ni mis fin au conflit. Il aurait pu l'aggraver.<\/p>\n<h3>La fuite vers la Russie<\/h3>\n<p>Lorsque Bachar el-Assad a quitt\u00e9 la Syrie pour la Russie, il a de facto marqu\u00e9 la fin de l'ancien ordre syrien. La Russie n'a pas \u00e9t\u00e9 un refuge par amiti\u00e9, mais par calcul. Moscou a accord\u00e9 sa protection parce qu'elle voulait assurer son influence, limiter l'escalade et pr\u00e9server ses propres int\u00e9r\u00eats.<\/p>\n<p>Pour Assad lui-m\u00eame, la fuite signifiait le retrait complet de l'organisation politique. Il n'\u00e9tait plus un acteur, mais le pass\u00e9. L'\u00c9tat syrien, tel qu'il avait exist\u00e9 pendant des d\u00e9cennies, cessait \u00e0 ce moment-l\u00e0 d'\u00eatre capable d'agir.<\/p>\n<p>Ce qui a suivi n'\u00e9tait pas une transition ordonn\u00e9e, mais un vide de pouvoir. Les institutions existaient encore, mais sans autorit\u00e9 claire. Diff\u00e9rents acteurs ont commenc\u00e9 \u00e0 occuper des espaces - politiquement, militairement, id\u00e9ologiquement. L'\u00c9tat en tant que cadre r\u00e9glementaire unifi\u00e9 avait disparu.<\/p>\n<p>Pour de nombreux Syriens, ce moment n'a pas \u00e9t\u00e9 une lib\u00e9ration, mais la perte d\u00e9finitive de la s\u00e9curit\u00e9. L'ancien ordre avait disparu sans qu'un nouvel ordre fonctionnel ne le remplace.<\/p>\n<h3>Le r\u00f4le de la communaut\u00e9 internationale<\/h3>\n<p>Au niveau international, la chute d'Assad a souvent \u00e9t\u00e9 pr\u00e9sent\u00e9e comme un tournant. En r\u00e9alit\u00e9, il s'agissait plut\u00f4t d'un point final. Le conflit s'\u00e9tait depuis longtemps autonomis\u00e9. La communaut\u00e9 internationale a plus r\u00e9agi qu'elle n'a organis\u00e9. Les concepts pour une transition stable sont rest\u00e9s vagues, contradictoires ou irr\u00e9alistes.<\/p>\n<p>Au lieu d'une vision politique claire, ce sont les int\u00e9r\u00eats \u00e0 court terme, les alliances tactiques et les gestes symboliques qui ont domin\u00e9. La Syrie n'a pas \u00e9t\u00e9 reconstruite, mais a continu\u00e9 \u00e0 \u00eatre administr\u00e9e - de l'ext\u00e9rieur.<\/p>\n<h3>Assad, un symbole fini<\/h3>\n<p>Avec la fuite d'Assad, c'est aussi la surface de projection centrale qui a disparu. Pendant de nombreuses ann\u00e9es, l'ensemble du conflit s'\u00e9tait concentr\u00e9 sur sa personne. Avec son d\u00e9part, cette simplification a disparu - et a r\u00e9v\u00e9l\u00e9 \u00e0 quel point la situation \u00e9tait en r\u00e9alit\u00e9 confuse.<\/p>\n<p>Le conflit n'en est pas devenu plus simple, mais plus honn\u00eate. Soudain, il fallait se confronter \u00e0 des structures, des groupes et des int\u00e9r\u00eats de pouvoir qui avaient auparavant disparu derri\u00e8re la personnalisation.<\/p>\n<p>Apr\u00e8s la chute d'Assad, la question n'\u00e9tait pas de savoir si la Syrie allait \u00eatre r\u00e9organis\u00e9e, mais par qui. Qui va combler le vide du pouvoir ? Qui revendique la l\u00e9gitimit\u00e9 ? Et selon quelles r\u00e8gles ?<\/p>\n<p>Le prochain chapitre sera donc consacr\u00e9 \u00e0 la nouvelle r\u00e9alit\u00e9 de la Syrie : les acteurs qui sont aujourd'hui au pouvoir, leur origine, leur id\u00e9ologie - et pourquoi leur r\u00e8gne est loin d'\u00eatre une am\u00e9lioration pour de nombreux Syriens.<\/p>\n<p><img loading=\"lazy\" decoding=\"async\" class=\"alignnone wp-image-4646 size-large\" src=\"https:\/\/www.markus-schall.de\/wp-content\/uploads\/Syrien-Assad-Flucht.jpg\" alt=\"La fuite d&#039;Assad \u00e0 Moscou\" width=\"1024\" height=\"683\" srcset=\"https:\/\/www.markus-schall.de\/wp-content\/uploads\/Syrien-Assad-Flucht.jpg 1024w, https:\/\/www.markus-schall.de\/wp-content\/uploads\/Syrien-Assad-Flucht-300x200.jpg 300w, https:\/\/www.markus-schall.de\/wp-content\/uploads\/Syrien-Assad-Flucht-768x512.jpg 768w, https:\/\/www.markus-schall.de\/wp-content\/uploads\/Syrien-Assad-Flucht-18x12.jpg 18w\" sizes=\"auto, (max-width: 1024px) 100vw, 1024px\" \/><\/p>\n<h2>Le nouveau pouvoir en Syrie - qui gouverne vraiment maintenant ?<\/h2>\n<p>Apr\u00e8s la chute d'Assad, une question s'est rapidement pos\u00e9e, \u00e0 laquelle de nombreux rapports ne r\u00e9pondent \u00e9tonnamment que rarement de mani\u00e8re claire : Qui a r\u00e9ellement pris le pouvoir ? Pas qui a \u00e9t\u00e9 annonc\u00e9, pas qui a \u00e9t\u00e9 re\u00e7u diplomatiquement, mais qui prend r\u00e9ellement les d\u00e9cisions, impose les r\u00e8gles et contr\u00f4le le quotidien des gens. C'est pr\u00e9cis\u00e9ment l\u00e0 que commence le d\u00e9calage entre la pr\u00e9sentation officielle et la r\u00e9alit\u00e9 v\u00e9cue.<\/p>\n<h3>Pas de changement clair de pouvoir, mais un m\u00e9lange de pouvoirs<\/h3>\n<p>La Syrie n'a pas connu de transition propre apr\u00e8s Assad. Il n'y a pas eu de refondation de l'\u00c9tat l\u00e9gitim\u00e9e \u00e0 l'\u00e9chelle nationale, pas de constitution largement accept\u00e9e, pas de nouvel ordre d\u00e9mocratiquement garanti. Au lieu de cela, un m\u00e9lange de pouvoirs a vu le jour, compos\u00e9 d'anciennes structures rebelles, de r\u00e9seaux militaires, d'organes de transition et d'autorit\u00e9s r\u00e9gionales.<\/p>\n<p>Ce que l'on appelle de l'ext\u00e9rieur le \u201enouveau gouvernement\u201c est en r\u00e9alit\u00e9 une construction fragile. Elle repose moins sur le consentement que sur le contr\u00f4le. Ceux qui ont de l'influence ne l'ont pas gagn\u00e9e par des \u00e9lections, mais par une pr\u00e9sence militaire, des alliances et un soutien international.<\/p>\n<h3>La pointe formelle - et ce qu'elle signifie vraiment<\/h3>\n<p>A la t\u00eate de ce syst\u00e8me se trouve aujourd'hui Ahmed al-Sharaa, pr\u00e9sent\u00e9 comme la figure de proue du nouveau cadre politique apr\u00e8s la perte de pouvoir d'Assad. Son r\u00f4le est toutefois moins celui d'un pr\u00e9sident classique que celui d'un coordinateur d'int\u00e9r\u00eats concurrents.<\/p>\n<p>Formellement, il existe des minist\u00e8res, des conseils de transition et des structures administratives. Dans les faits, leur pouvoir d'imposition d\u00e9pend des groupes qu'ils soutiennent - et de ceux qu'ils doivent tol\u00e9rer. Les d\u00e9cisions ne sont pas prises uniquement autour de la table du cabinet, mais dans le cadre de n\u00e9gociations avec des acteurs militaires, des dirigeants locaux et des influenceurs \u00e9trangers.<\/p>\n<p>Un point central, souvent mentionn\u00e9 en marge dans les m\u00e9dias occidentaux, est l'origine de la nouvelle \u00e9lite au pouvoir. De nombreux acteurs aujourd'hui influents ne sont pas issus de mouvements d'opposition civils, mais de groupes arm\u00e9s. Certains d'entre eux ont leurs racines dans les milieux islamistes, d'autres dans des milices r\u00e9gionales aux int\u00e9r\u00eats clairement personnels.<\/p>\n<p>Cela ne signifie pas que tous les acteurs sont id\u00e9ologiquement identiques. Mais cela signifie que la violence n'est pas un moyen du pass\u00e9, mais fait partie de l'ADN politique du nouveau syst\u00e8me. Ceux qui obtiennent le pouvoir par les armes le c\u00e8dent rarement volontairement par le biais des institutions.<\/p>\n<h3>Un rare regard derri\u00e8re la nouvelle r\u00e9alit\u00e9 syrienne<\/h3>\n<p>Ce reportage est plus qu'un r\u00e9cit de voyage - c'est un t\u00e9moignage personnel sur un pays en pleine mutation. L'auteur retourne en Syrie en 2025, apr\u00e8s s'\u00eatre vu refuser l'entr\u00e9e en 2019 parce que ses vid\u00e9os ne correspondaient pas \u00e0 l'image du r\u00e9gime de l'\u00e9poque. Cette fois, il d\u00e9couvre une autre Syrie : ouverte, contradictoire, en pleine mutation.<\/p>\n<p>La vid\u00e9o peut \u00eatre visionn\u00e9e ici en anglais ou sur YouTube en allemand avec une traduction en IA.<\/p>\n<div class=\"lyte-wrapper\" style=\"width:640px;max-width:100%;margin:5px;\"><div class=\"lyMe\" id=\"WYL_qtunaQKca2c\"><div id=\"lyte_qtunaQKca2c\" data-src=\"https:\/\/www.markus-schall.de\/wp-content\/plugins\/wp-youtube-lyte\/lyteCache.php?origThumbUrl=%2F%2Fi.ytimg.com%2Fvi%2FqtunaQKca2c%2Fhqdefault.jpg\" class=\"pL\"><div class=\"tC\"><div class=\"tT\"><\/div><\/div><div class=\"play\"><\/div><div class=\"ctrl\"><div class=\"Lctrl\"><\/div><div class=\"Rctrl\"><\/div><\/div><\/div><noscript><a href=\"https:\/\/youtu.be\/qtunaQKca2c\" rel=\"nofollow noopener\" target=\"_blank\"><img loading=\"lazy\" decoding=\"async\" src=\"https:\/\/www.markus-schall.de\/wp-content\/plugins\/wp-youtube-lyte\/lyteCache.php?origThumbUrl=https%3A%2F%2Fi.ytimg.com%2Fvi%2FqtunaQKca2c%2F0.jpg\" alt=\"Vignette de la vid\u00e9o YouTube\" width=\"640\" height=\"340\" \/><br \/>Lire cette vid\u00e9o sur YouTube<\/a><\/noscript><\/div><\/div><div class=\"lL\" style=\"max-width:100%;width:640px;margin:5px;\"><\/div><br \/>\nEntr\u00e9e en Syrie en 2025 | Nouveau gouvernement au pouvoir | <a href=\"https:\/\/www.youtube.com\/@drewbinsky\" target=\"_blank\" rel=\"nofollow noopener\">Drew Binsky<\/a><\/p>\n<p>Des rues antiques de Damas aux ruines de Palmyre, il se d\u00e9gage une impression sans filtre de la mani\u00e8re dont les gens vivent aujourd'hui sous le nouvel ordre. Le documentaire allie rencontres personnelles et profondeur historique et montre un pays au-del\u00e0 des slogans politiques. R\u00e9alis\u00e9 au cours de quatre semaines intensives, c'est un regard extraordinairement dense et honn\u00eate sur la Syrie de l'apr\u00e8s-Assad.<\/p>\n<h3>Premi\u00e8re critique : le manque de l\u00e9gitimit\u00e9 d\u00e9mocratique<\/h3>\n<p>La critique la plus fondamentale est sans doute que ce gouvernement n'a pas de l\u00e9gitimit\u00e9 d\u00e9mocratique. Il n'y a pas eu d'\u00e9lections au sens occidental du terme. La participation de la population est limit\u00e9e, l'opposition est institutionnellement faible ou n'est pas autoris\u00e9e du tout.<\/p>\n<p>Les critiques font remarquer que seule la forme du pouvoir a chang\u00e9, pas le principe du pouvoir. Au lieu d'un \u00c9tat central autoritaire, il existe d\u00e9sormais un ordre fragmentaire autoritaire dans lequel le pouvoir est exerc\u00e9 de mani\u00e8re moins centralis\u00e9e, mais pas moins restrictive.<\/p>\n<h3>Deuxi\u00e8me point critique : le traitement des minorit\u00e9s<\/h3>\n<p>Le traitement des minorit\u00e9s religieuses et ethniques est particuli\u00e8rement sensible. Alors que l'ancien \u00c9tat syrien int\u00e9grait activement ces groupes - non pas par id\u00e9alisme, mais par souci de stabilit\u00e9 -, ils sont aujourd'hui souvent sous pression. Des rapports provenant de diff\u00e9rentes r\u00e9gions parlent de<\/p>\n<ul>\n<li>ins\u00e9curit\u00e9 croissante pour les chr\u00e9tiens, les alaouites et les druzes<\/li>\n<li>les normes religieuses informelles dans l'espace public<\/li>\n<li>visibilit\u00e9 culturelle et religieuse limit\u00e9e<\/li>\n<\/ul>\n<p>Ce qui \u00e9tait autrefois prot\u00e9g\u00e9 par l'\u00c9tat d\u00e9pend aujourd'hui souvent de la constellation de pouvoir locale. Les droits ne s'appliquent plus \u00e0 l'\u00e9chelle nationale, mais r\u00e9gionale - un recul massif pour la coh\u00e9rence sociale.<\/p>\n<h3>Troisi\u00e8me critique : droits des femmes et libert\u00e9 sociale<\/h3>\n<p>Un autre point r\u00e9guli\u00e8rement soulign\u00e9 par les critiques est la r\u00e9islamisation insidieuse de l'espace public. Certes, il n'existe pas de lois uniformes \u00e0 l'\u00e9chelle nationale, mais les structures de pouvoir locales imposent de plus en plus de normes sociales qui limitent les droits des femmes.<\/p>\n<p>Les femmes font \u00e9tat d'une pression croissante pour s'adapter, de codes vestimentaires informels et d'une libert\u00e9 de mouvement limit\u00e9e. Pas par la loi, mais par le contr\u00f4le social. C'est pr\u00e9cis\u00e9ment cette forme d'exercice du pouvoir qui est insaisissable - et particuli\u00e8rement efficace sur le plan politique.<\/p>\n<h3>La s\u00e9curit\u00e9 plut\u00f4t que le droit<\/h3>\n<p>Le nouvel ordre mise fortement sur la logique s\u00e9curitaire. La stabilit\u00e9 n'est pas g\u00e9n\u00e9r\u00e9e par le droit, mais par le contr\u00f4le. Les checkpoints, la pr\u00e9sence arm\u00e9e et les milices locales font partie du quotidien en de nombreux endroits. Pour la population, cela ne signifie pas la s\u00e9curit\u00e9 au sens classique du terme, mais une incertitude permanente quant aux r\u00e8gles en vigueur - et \u00e0 qui les fait respecter.<\/p>\n<p>Les critiques parlent d'une \u201emiliciarisation de l'\u00c9tat\u201c. Le monopole de la violence n'est pas clairement r\u00e9glement\u00e9, mais r\u00e9parti. Les conflits ne sont pas r\u00e9solus juridiquement, mais par des rapports de force.<\/p>\n<h3>Perception internationale vs. r\u00e9alit\u00e9 locale<\/h3>\n<p>Au niveau international, la nouvelle direction est souvent accept\u00e9e comme une transition n\u00e9cessaire. L'espoir : stabilisation, retour des personnes qui ont fui, reconstruction progressive. Cet espoir est compr\u00e9hensible - mais il se heurte \u00e0 la r\u00e9alit\u00e9 sur le terrain. De nombreux Syriens ne vivent pas une lib\u00e9ration, mais une perte de fiabilit\u00e9. L'ancien \u00c9tat \u00e9tait r\u00e9pressif, mais pr\u00e9visible. Le nouvel ordre est plus flexible, mais plus impr\u00e9visible. Pour la vie quotidienne, c'est souvent plus d\u00e9cisif que la symbolique politique.<\/p>\n<p>L'une des raisons pour lesquelles cette critique appara\u00eet rarement de mani\u00e8re pro\u00e9minente r\u00e9side dans l'\u00e9conomie du r\u00e9cit. Apr\u00e8s des ann\u00e9es de guerre, il existe un fort besoin d'un \u201etournant positif\u201c. Le nouveau gouvernement remplit ce r\u00f4le - du moins sur le papier.<\/p>\n<p>Les voix critiques d\u00e9rangent ce r\u00e9cit. Elles montrent clairement que le prix du changement de r\u00e9gime \u00e9tait \u00e9lev\u00e9 - et qu'il n'a pas automatiquement conduit \u00e0 plus de libert\u00e9. De telles voix sont g\u00eanantes, tant sur le plan politique que m\u00e9diatique. La question d\u00e9cisive n'est donc pas de savoir si Assad \u00e9tait meilleur ou pire. Cette comparaison est trop courte. Ce qui est d\u00e9cisif, c'est ce qui s'est r\u00e9ellement produit - et comment cela se r\u00e9percute sur la vie des gens.<\/p>\n<p>Le chapitre suivant se concentre donc sur la perspective des critiques : droits de l'homme, protection des minorit\u00e9s, nouvelles formes de r\u00e9pression - et pourquoi de nombreux Syriens sont aujourd'hui plus silencieux qu'auparavant.<\/p>\n<p><img loading=\"lazy\" decoding=\"async\" class=\"alignnone wp-image-4648 size-large\" src=\"https:\/\/www.markus-schall.de\/wp-content\/uploads\/Syrien-wer-regiert-heute.jpg\" alt=\"Qui gouverne aujourd&#039;hui en Syrie ?\" width=\"1024\" height=\"683\" srcset=\"https:\/\/www.markus-schall.de\/wp-content\/uploads\/Syrien-wer-regiert-heute.jpg 1024w, https:\/\/www.markus-schall.de\/wp-content\/uploads\/Syrien-wer-regiert-heute-300x200.jpg 300w, https:\/\/www.markus-schall.de\/wp-content\/uploads\/Syrien-wer-regiert-heute-768x512.jpg 768w, https:\/\/www.markus-schall.de\/wp-content\/uploads\/Syrien-wer-regiert-heute-18x12.jpg 18w\" sizes=\"auto, (max-width: 1024px) 100vw, 1024px\" \/><\/p>\n<h2>Ce que disent les critiques - Droits de l'homme, minorit\u00e9s et r\u00e9alit\u00e9 sur le terrain<\/h2>\n<p>Apr\u00e8s chaque changement de r\u00e9gime, il y a deux r\u00e9cits. L'un est le r\u00e9cit officiel : Transition, stabilisation, nouveau d\u00e9part. L'autre \u00e9merge plus silencieusement, de mani\u00e8re plus fragment\u00e9e, souvent uniquement dans des rapports, des conversations et des notes marginales. Ce chapitre est d\u00e9lib\u00e9r\u00e9ment consacr\u00e9 \u00e0 la deuxi\u00e8me perspective. Non pas parce qu'elle est plus spectaculaire, mais parce qu'elle est plus proche de la r\u00e9alit\u00e9 de nombreuses personnes qui vivent aujourd'hui en Syrie.<\/p>\n<h3>Entre espoir et d\u00e9senchantement<\/h3>\n<p>Imm\u00e9diatement apr\u00e8s le changement de pouvoir, il y avait aussi de l'espoir en Syrie. L'espoir que la violence diminue, que l'arbitraire prenne fin, que des espaces s'ouvrent. Cet espoir n'\u00e9tait pas na\u00eff, mais humain. Apr\u00e8s des ann\u00e9es de guerre, la perspective de moins d'ins\u00e9curit\u00e9 suffit souvent \u00e0 susciter des attentes.<\/p>\n<p>Mais le d\u00e9senchantement s'est install\u00e9 assez rapidement. Les critiques s'accordent \u00e0 dire que si les acteurs ont chang\u00e9, la logique de l'exercice du pouvoir est rest\u00e9e la m\u00eame. Au lieu d'un \u00c9tat central autoritaire, il existe aujourd'hui plusieurs centres de pouvoir qui imposent chacun leurs propres r\u00e8gles. Pour la population, cela ne signifie pas plus de libert\u00e9, mais plus de confusion.<\/p>\n<h3>Des droits de l'homme sans destinataire clair<\/h3>\n<p>Un probl\u00e8me central du nouvel ordre est que les droits de l'homme ne sont plus li\u00e9s \u00e0 une instance clairement responsable. Autrefois, il y avait un Etat contre lequel on pouvait se retourner - du moins en th\u00e9orie. Aujourd'hui, la responsabilit\u00e9 et le pouvoir se r\u00e9partissent entre diff\u00e9rents acteurs. Des rapports d'organisations de d\u00e9fense des droits de l'homme et d'observateurs locaux parlent de :<\/p>\n<ul>\n<li>les arrestations arbitraires<\/li>\n<li>des conditions de d\u00e9tention peu transparentes<\/li>\n<li>l'absence de proc\u00e9dures l\u00e9gales<\/li>\n<li>Intimidation des critiques<\/li>\n<\/ul>\n<p>Le plus important n'est pas la simple existence de ces incidents, mais leur absence de tra\u00e7abilit\u00e9. Qui est responsable ? Qui est responsable ? Qui peut demander des comptes ? Il n'y a souvent pas de r\u00e9ponse claire \u00e0 ces questions.<\/p>\n<h3>Les minorit\u00e9s sous une nouvelle pression<\/h3>\n<p>Les minorit\u00e9s religieuses et ethniques sont particuli\u00e8rement touch\u00e9es par ce manque de clart\u00e9. Des groupes qui \u00e9taient autrefois d\u00e9lib\u00e9r\u00e9ment int\u00e9gr\u00e9s par l'\u00c9tat la\u00efc se voient aujourd'hui confront\u00e9s \u00e0 une situation dans laquelle leur s\u00e9curit\u00e9 d\u00e9pend des rapports de force locaux.<\/p>\n<p>Les communaut\u00e9s chr\u00e9tiennes font \u00e9tat d'une ins\u00e9curit\u00e9 croissante, pas n\u00e9cessairement due \u00e0 une violence ouverte, mais \u00e0 des pressions subtiles : visibilit\u00e9 limit\u00e9e, exclusion sociale, r\u00e8gles informelles. Les alaouites, qui \u00e9taient auparavant identifi\u00e9s \u00e0 l'\u00c9tat, sont consid\u00e9r\u00e9s en bloc comme des suspects dans de nombreux endroits. Les Druzes et les autres minorit\u00e9s se d\u00e9placent de plus en plus prudemment, \u00e9vitent la publicit\u00e9 et les prises de position politiques.<\/p>\n<p>Les critiques soulignent : Il n'y a pas de campagne d'extermination des minorit\u00e9s \u00e0 l'\u00e9chelle nationale. Mais il n'y a plus non plus de protection fiable. Les droits ne sont pas garantis, mais d\u00e9pendent de la situation.<\/p>\n<h3>Droits des femmes - la r\u00e9gression silencieuse<\/h3>\n<p>L'une des ruptures les plus \u00e9videntes par rapport \u00e0 l'avant-guerre se manifeste dans la vie quotidienne des femmes. La r\u00e9gression se fait rarement par la loi, mais presque toujours de mani\u00e8re informelle. C'est pr\u00e9cis\u00e9ment ce qui le rend insaisissable - et politiquement facile \u00e0 ignorer. Des femmes t\u00e9moignent :<\/p>\n<ul>\n<li>la pression croissante de l'adaptation sociale<\/li>\n<li>les normes vestimentaires informelles<\/li>\n<li>une libert\u00e9 de mouvement limit\u00e9e<\/li>\n<li>une baisse de la pr\u00e9sence dans l'espace public<\/li>\n<\/ul>\n<p>Pas partout, pas en m\u00eame temps, mais de mani\u00e8re perceptible. Les critiques parlent d'une r\u00e9islamisation insidieuse qui n'est pas dirig\u00e9e de mani\u00e8re centralis\u00e9e, mais qui r\u00e9sulte de constellations de pouvoir locales. Celui qui s'adapte est tranquille. Ceux qui ne le font pas risquent des conflits.<\/p>\n<h3>La s\u00e9curit\u00e9 comme pr\u00e9texte<\/h3>\n<p>Le nouvel ordre justifie de nombreuses mesures en invoquant la s\u00e9curit\u00e9. Apr\u00e8s des ann\u00e9es de guerre, cet argument est efficace. Mais les critiques mettent en garde : la s\u00e9curit\u00e9 remplace de plus en plus le droit. Les d\u00e9cisions ne sont pas soumises \u00e0 un contr\u00f4le juridique, mais justifi\u00e9es par la logique de la s\u00e9curit\u00e9.<\/p>\n<p>Les checkpoints, la pr\u00e9sence arm\u00e9e et les milices locales sont omnipr\u00e9sents. Pour la population, cela ne signifie pas une protection, mais une \u00e9valuation permanente : qui contr\u00f4le cet endroit ? Quelles r\u00e8gles s'appliquent ici ? Qu'est-ce qui peut \u00eatre dit, qu'est-ce qu'il vaut mieux taire ?<\/p>\n<p>Cette incertitude engendre l'adaptation - et l'adaptation engendre le silence.<\/p>\n<h3>M\u00e9dias, libert\u00e9 d'expression et autocensure<\/h3>\n<p>La r\u00e9pression ouverte contre les m\u00e9dias est aujourd'hui moins visible que par le pass\u00e9, mais elle n'en est pas moins efficace. Les critiques font \u00e9tat d'autocensure comme strat\u00e9gie dominante. Les journalistes savent souvent quels sujets sont risqu\u00e9s - et les \u00e9vitent.<\/p>\n<p>Les reportages ind\u00e9pendants existent, mais dans des conditions pr\u00e9caires. Les m\u00e9dias locaux sont souvent d\u00e9pendants des acteurs politiques ou militaires. L'attention internationale fluctue, ce qui entra\u00eene un manque de moyens de pression. Il en r\u00e9sulte un espace d'information fragment\u00e9, peu s\u00fbr et vuln\u00e9rable \u00e0 la manipulation.<\/p>\n<hr \/>\n<h3>Dernier sondage sur la confiance dans la politique et les m\u00e9dias<\/h3>\n<div class='bootstrap-yop yop-poll-mc'>\n\t\t\t\t\t\t\t<div class=\"basic-yop-poll-container\" style=\"background-color:#ffffff; border:0px; border-style:solid; border-color:#000000; border-radius:5px; padding:0px 5px;\" data-id=\"1\" data-temp=\"basic-pretty\" data-skin=\"square\" data-cscheme=\"blue\" data-cap=\"0\" data-access=\"guest\" data-tid=\"\" data-uid=\"392a5cd64db5290b20b7ae0d26a8c30a\" data-pid=\"3152\" data-resdet=\"votes-number,percentages\" data-show-results-to=\"guest\" data-show-results-moment=\"after-vote\" data-show-results-only=\"false\" data-show-message=\"true\" data-show-results-as=\"bar\" data-sort-results-by=\"as-defined\" data-sort-results-rule=\"asc\"data-is-ended=\"0\" data-percentages-decimals=\"2\" data-gdpr=\"no\" data-gdpr-sol=\"consent\" data-css=\"\" data-counter=\"0\" data-load-with=\"1\" data-notification-section=\"top\"><div class=\"row\"><div class=\"col-md-12\"><div class=\"basic-inner\"><div class=\"basic-message hide\" style=\"border-left: 10px solid #008000; padding: 0px 10px;\" data-error=\"#ff0000\" data-success=\"#008000\"><p class=\"basic-message-text\" style=\"color:#000000; font-size:14px; font-weight:normal;\"><\/p><\/div><div class=\"basic-overlay hide\"><div class=\"basic-vote-options\"><\/div><div class=\"basic-preloader\"><div class=\"basic-windows8\"><div class=\"basic-wBall basic-wBall_1\"><div class=\"basic-wInnerBall\"><\/div><\/div><div class=\"basic-wBall basic-wBall_2\"><div class=\"basic-wInnerBall\"><\/div><\/div><div class=\"basic-wBall basic-wBall_3\"><div class=\"basic-wInnerBall\"><\/div><\/div><div class=\"basic-wBall basic-wBall_4\"><div class=\"basic-wInnerBall\"><\/div><\/div><div class=\"basic-wBall basic-wBall_5\"><div class=\"basic-wInnerBall\"><\/div><\/div><\/div><\/div><\/div><form class=\"basic-form\" action=\"\"><input type=\"hidden\" name=\"_token\" value=\"f25084482d\" autocomplete=\"off\"><div class=\"basic-elements\"><div class=\"basic-element basic-question basic-question-text-vertical\" data-id=\"1\" data-uid=\"cc7dbf62f61f1fd237f4b68045647abe\" data-type=\"question\" data-question-type=\"text\" data-required=\"yes\" data-allow-multiple=\"no\" data-min=\"1\" data-max=\"1\" data-display=\"vertical\" data-colnum=\"\" data-display-others=\"no\" data-others-color=\"\" data-others=\"\" data-others-max-chars=\"0\"><div class=\"basic-question-title\"><h5 style=\"color:#000000; font-size:16px; font-weight:normal; text-align:left;\">Quelle est ta confiance dans la politique et les m\u00e9dias en Allemagne ?<\/h5><\/div><ul class=\"basic-answers\"><li class=\"basic-answer\" style=\"padding:0px 0px;\" data-id=\"1\" data-type=\"text\" data-vn=\"10\" data-color=\"#000000\" data-make-link=\"no\" data-link=\"\"><div class=\"basic-answer-content basic-text-vertical\"><label for=\"answer[1]\" class=\"basic-answer-label\"><input type=\"radio\" id=\"answer[1]\" name=\"answer[1]\" value=\"1\"><span class=\"basic-text\" style=\"color: #000000; font-size: 14px; font-weight: normal;\">Tr\u00e8s \u00e9lev\u00e9 - J'ai une confiance absolue dans les organismes officiels<\/span><\/label><\/div><\/li><li class=\"basic-answer\" style=\"padding:0px 0px;\" data-id=\"2\" data-type=\"text\" data-vn=\"22\" data-color=\"#000000\" data-make-link=\"no\" data-link=\"\"><div class=\"basic-answer-content basic-text-vertical\"><label for=\"answer[2]\" class=\"basic-answer-label\"><input type=\"radio\" id=\"answer[2]\" name=\"answer[1]\" value=\"2\"><span class=\"basic-text\" style=\"color: #000000; font-size: 14px; font-weight: normal;\">Moyen - Je suis prudent, mais pas fondamentalement m\u00e9fiant<\/span><\/label><\/div><\/li><li class=\"basic-answer\" style=\"padding:0px 0px;\" data-id=\"3\" data-type=\"text\" data-vn=\"53\" data-color=\"#000000\" data-make-link=\"no\" data-link=\"\"><div class=\"basic-answer-content basic-text-vertical\"><label for=\"answer[3]\" class=\"basic-answer-label\"><input type=\"radio\" id=\"answer[3]\" name=\"answer[1]\" value=\"3\"><span class=\"basic-text\" style=\"color: #000000; font-size: 14px; font-weight: normal;\">Faible - Je v\u00e9rifie beaucoup de choses moi-m\u00eame<\/span><\/label><\/div><\/li><li class=\"basic-answer\" style=\"padding:0px 0px;\" data-id=\"4\" data-type=\"text\" data-vn=\"251\" data-color=\"#000000\" data-make-link=\"no\" data-link=\"\"><div class=\"basic-answer-content basic-text-vertical\"><label for=\"answer[4]\" class=\"basic-answer-label\"><input type=\"radio\" id=\"answer[4]\" name=\"answer[1]\" value=\"4\"><span class=\"basic-text\" style=\"color: #000000; font-size: 14px; font-weight: normal;\">Pratiquement inexistant - Je pense que beaucoup de choses sont dissimul\u00e9es ou mises en sc\u00e8ne<\/span><\/label><\/div><\/li><\/ul><\/div><div class=\"clearfix\"><\/div><\/div><div class=\"basic-vote\"><a href=\"#\" class=\"button basic-vote-button\" role=\"button\" style=\"background:#027bb8; border:0px; border-style: solid; border-color:#1636f0; border-radius:5px; padding:10px 10px; color:#ffffff; font-size:14px; font-weight:normal;\">Votez<\/a><\/div><input type=\"hidden\" name=\"trp-form-language\" value=\"fr\"\/><\/form><\/div><\/div><\/div><\/div>\n\t\t\t\t\t\t<\/div>\n<hr \/>\n<h3>Le quotidien sans fiabilit\u00e9<\/h3>\n<p>Peut-\u00eatre le point le plus important du point de vue de nombreux critiques : la vie n'est pas devenue plus pr\u00e9visible. Autrefois, on savait ce qui \u00e9tait permis et ce qui ne l'\u00e9tait pas. Cette clart\u00e9 \u00e9tait r\u00e9pressive, mais sans \u00e9quivoque. Aujourd'hui, les r\u00e8gles s'appliquent souvent en fonction de la situation. Ce qui \u00e9tait tol\u00e9r\u00e9 hier peut s'av\u00e9rer probl\u00e9matique demain.<\/p>\n<p>Cette forme d'incertitude est d\u00e9moralisante. Elle rend difficile la planification \u00e0 long terme, freine l'activit\u00e9 \u00e9conomique et sape la confiance - non seulement dans l'\u00c9tat, mais aussi entre les personnes.<\/p>\n<p>L'une des raisons de la faible visibilit\u00e9 de cette critique r\u00e9side dans le contexte international. Apr\u00e8s des ann\u00e9es de violence, il existe un fort besoin d'un r\u00e9cit positif. Stabilisation, reconstruction, retour - ces termes ont une r\u00e9sonance politique.<\/p>\n<p>Des voix critiques viennent perturber ce tableau. Elles rappellent que le changement de r\u00e9gime n'est pas un progr\u00e8s automatique. Que d'anciens probl\u00e8mes peuvent dispara\u00eetre - et que de nouveaux peuvent appara\u00eetre. De telles perspectives sont inconfortables parce qu'elles r\u00e9partissent les responsabilit\u00e9s au lieu de les simplifier.<\/p>\n<h3>Pas de nostalgie, mais une comparaison<\/h3>\n<p>Les critiques ne cessent de le souligner : il ne s'agit pas de glorifier le pass\u00e9. L'ancien \u00c9tat syrien \u00e9tait autoritaire, injuste et incapable de se r\u00e9former. Mais la comparaison est in\u00e9vitable. Et pour beaucoup, cette comparaison est d\u00e9cevante. Non pas parce que tout \u00e9tait bien avant, mais parce qu'aujourd'hui, beaucoup de choses sont moins claires, moins s\u00fbres et moins prot\u00e9g\u00e9es.<\/p>\n<p>Apr\u00e8s six chapitres, il reste un constat inconfortable : la chute d'un r\u00e9gime ne garantit pas de meilleures conditions. En Syrie, le changement de pouvoir n'a pas r\u00e9solu de nombreux probl\u00e8mes, mais les a transform\u00e9s - souvent sous des formes plus subtiles et plus difficiles \u00e0 saisir.<\/p>\n<p>Le dernier chapitre n'est donc pas consacr\u00e9 \u00e0 l'attribution des responsabilit\u00e9s, mais \u00e0 la mise en perspective : quelles le\u00e7ons peut-on tirer de la Syrie ? Et que nous apprend ce conflit sur les changements de r\u00e9gime, la politique de puissance et les attentes occidentales ?<\/p>\n<h3>La nouvelle Syrie - La vie quotidienne entre le changement de pouvoir et la peur<\/h3>\n<p>La chute d'Assad n'a pas conduit la Syrie vers un nouveau d\u00e9part s\u00fbr, mais vers une phase interm\u00e9diaire fragile. Cette vid\u00e9o accompagne un voyage \u00e0 travers un pays marqu\u00e9 par plus d'une d\u00e9cennie de guerre civile : des quartiers d\u00e9truits, des installations militaires pill\u00e9es, des enfants jouant au milieu de munitions r\u00e9elles et des quartiers \u00e9vit\u00e9s apr\u00e8s la tomb\u00e9e de la nuit. Les reporters rencontrent de nouveaux dirigeants - et des gens dont le quotidien reste marqu\u00e9 par la peur.<\/p>\n<div class=\"lyte-wrapper\" style=\"width:640px;max-width:100%;margin:5px;\"><div class=\"lyMe\" id=\"WYL_kS6uusxCxnU\"><div id=\"lyte_kS6uusxCxnU\" data-src=\"https:\/\/www.markus-schall.de\/wp-content\/plugins\/wp-youtube-lyte\/lyteCache.php?origThumbUrl=%2F%2Fi.ytimg.com%2Fvi%2FkS6uusxCxnU%2Fhqdefault.jpg\" class=\"pL\"><div class=\"tC\"><div class=\"tT\"><\/div><\/div><div class=\"play\"><\/div><div class=\"ctrl\"><div class=\"Lctrl\"><\/div><div class=\"Rctrl\"><\/div><\/div><\/div><noscript><a href=\"https:\/\/youtu.be\/kS6uusxCxnU\" rel=\"nofollow noopener\" target=\"_blank\"><img loading=\"lazy\" decoding=\"async\" src=\"https:\/\/www.markus-schall.de\/wp-content\/plugins\/wp-youtube-lyte\/lyteCache.php?origThumbUrl=https%3A%2F%2Fi.ytimg.com%2Fvi%2FkS6uusxCxnU%2F0.jpg\" alt=\"Vignette de la vid\u00e9o YouTube\" width=\"640\" height=\"340\" \/><br \/>Lire cette vid\u00e9o sur YouTube<\/a><\/noscript><\/div><\/div><div class=\"lL\" style=\"max-width:100%;width:640px;margin:5px;\"><\/div><br \/>\nLa nouvelle Syrie : Comment les gens se sentent-ils maintenant ? | <a href=\"https:\/\/www.youtube.com\/@crisis_front\" target=\"_blank\" rel=\"nofollow noopener\">CRISIS - Derri\u00e8re le front<\/a><\/p>\n<p>Cette vid\u00e9o montre clairement que la \u201enouvelle Syrie\u201c n'est pas un pays lib\u00e9r\u00e9, mais un pays o\u00f9 l'ins\u00e9curit\u00e9, la violence et la m\u00e9fiance font partie du quotidien.<\/p>\n<h2>La Syrie, un avertissement et non une exception<\/h2>\n<p>A la fin de cet article, il n'y a pas de conclusion nette. Pas de \u201etout s'est am\u00e9lior\u00e9 apr\u00e8s\u201c, pas de tournant clair, pas de conclusion conciliante. Et c'est peut-\u00eatre justement la mani\u00e8re la plus honn\u00eate de conclure ce texte. La Syrie n'est pas un chapitre clos, mais ouvert.<\/p>\n<p>Un pays qui n'a pas \u00e9chou\u00e9 parce qu'il devait n\u00e9cessairement \u00e9chouer, mais parce qu'il a \u00e9t\u00e9 broy\u00e9 entre des int\u00e9r\u00eats de pouvoir, sans que personne ne veuille s\u00e9rieusement assumer la responsabilit\u00e9 de l'apr\u00e8s.<\/p>\n<p>Sur le site <a href=\"https:\/\/www.markus-schall.de\/fr\/2026\/01\/comprendre-liran-au-quotidien-protestations-et-interets-au-dela-des-gros-titres\/\"><strong>Article sur l'Iran<\/strong><\/a> on voit que des dynamiques similaires se remettent en place l\u00e0-bas aussi - m\u00eame si le r\u00e9gime iranien n'est pas vraiment comparable \u00e0 la situation de la Syrie avant 2011.<\/p>\n<h3>La grande erreur du changement de r\u00e9gime<\/h3>\n<p>L'une des principales erreurs de la politique \u00e9trang\u00e8re occidentale est de croire que la chute d'un syst\u00e8me autoritaire laisse automatiquement la place \u00e0 quelque chose de meilleur. La Syrie montre \u00e0 quel point cet espoir peut \u00eatre trompeur. L'ancien \u00c9tat \u00e9tait r\u00e9pressif, mais fonctionnel. Le nouvel ordre est plus pluriel, mais fragment\u00e9. La libert\u00e9 a \u00e9t\u00e9 promise, l'ins\u00e9curit\u00e9 fournie.<\/p>\n<p>Ce n'est pas un cas particulier. La Syrie s'inscrit dans une cha\u00eene de pays o\u00f9 les ordres existants ont \u00e9t\u00e9 d\u00e9truits sans que des alternatives viables n'aient vu le jour. Le terme de \u201eFailed State\u201c semble presque trop technique. En r\u00e9alit\u00e9, il s'agit de soci\u00e9t\u00e9s orphelines dans lesquelles les responsabilit\u00e9s ont \u00e9t\u00e9 r\u00e9parties de mani\u00e8re diffuse et l'organisation politique externalis\u00e9e.<\/p>\n<h3>Personne ne prend le relais<\/h3>\n<p>Ce qui manque aujourd'hui \u00e0 la Syrie, ce n'est pas une bonne intention, mais une id\u00e9e int\u00e9gratrice de l'\u00c9tat. Il y a des acteurs, des programmes, des initiatives d'aide, des concepts de s\u00e9curit\u00e9. Mais il n'y a pas d'acteur qui repr\u00e9sente l'ensemble de mani\u00e8re cr\u00e9dible. Pas de projet commun, pas de cadre f\u00e9d\u00e9rateur.<\/p>\n<p>La communaut\u00e9 internationale agit de mani\u00e8re ponctuelle, r\u00e9gionale, en fonction de ses int\u00e9r\u00eats. L'aide humanitaire soulage les sympt\u00f4mes, mais ne remplace pas l'ordre. Les processus diplomatiques restent abstraits tant qu'ils n'ont pas d'impact sur le quotidien des gens. La Syrie est g\u00e9r\u00e9e - pas construite.<\/p>\n<p>La comparaison que font de nombreux Syriens eux-m\u00eames est particuli\u00e8rement tragique. Pas par nostalgie, mais par exp\u00e9rience. Ils ne comparent pas la libert\u00e9 \u00e0 l'oppression, mais la pr\u00e9visibilit\u00e9 \u00e0 l'incertitude. L'ordre avec la fragmentation. La protection avec l'arbitraire de la situation.<\/p>\n<p>Cette comparaison est rarement faite en public, car elle semble politiquement incorrecte. Mais elle existe. Et elle caract\u00e9rise le comportement de nombreuses personnes : Retrait, adaptation, silence. Non pas par approbation, mais par \u00e9puisement.<\/p>\n<h3>La Syrie comme miroir, pas comme sujet marginal<\/h3>\n<p>La Syrie n'est pas un sujet lointain et marginal que l'on peut classer moralement. C'est un miroir. Un miroir de la mani\u00e8re dont fonctionne la politique de pouvoir lorsqu'elle se cache derri\u00e8re des valeurs. Un miroir de la rapidit\u00e9 avec laquelle des soci\u00e9t\u00e9s complexes sont r\u00e9duites \u00e0 de simples r\u00e9cits. Et un miroir du peu d'int\u00e9r\u00eat que l'on porte souvent aux cons\u00e9quences \u00e0 long terme.<\/p>\n<p>Si l'on veut comprendre la Syrie, il faut accepter qu'il n'y a pas de coupables nets ni de h\u00e9ros clairement identifi\u00e9s. Il y a des int\u00e9r\u00eats, des d\u00e9cisions erron\u00e9es, des dynamiques - et des personnes qui se sont retrouv\u00e9es au milieu.<\/p>\n<h3>Y a-t-il de l'espoir ?<\/h3>\n<p>L'espoir n'est plus un grand mot en Syrie. Il ne se manifeste pas dans des programmes politiques, mais dans la vie de tous les jours : dans les personnes qui restent, enseignent, traitent, aident. Dans les initiatives locales qui tentent malgr\u00e9 tout de maintenir des structures. Dans le fait que la soci\u00e9t\u00e9 ne dispara\u00eet pas compl\u00e8tement, m\u00eame lorsque l'\u00c9tat s'effondre.<\/p>\n<p>Cet espoir est silencieux, peu spectaculaire et fragile. Il ne fait pas les gros titres, mais il existe. C'est peut-\u00eatre le seul point de d\u00e9part r\u00e9aliste.<\/p>\n<p>Cet article se termine volontairement de mani\u00e8re ouverte. Non par commodit\u00e9, mais par respect pour la r\u00e9alit\u00e9. La Syrie ne peut pas \u00eatre close, ni faire l'objet d'un bilan ou d'une dissolution morale. Elle reste un pays en suspens - et un avertissement. Un rappel que la stabilit\u00e9 n'est pas un luxe. Que les changements de r\u00e9gime ne remplacent pas les instructions de r\u00e9paration. Et qu'il est parfois plus facile de d\u00e9truire un Etat que d'assumer la responsabilit\u00e9 de l'apr\u00e8s.<\/p>\n<p>Si ce texte a un but, c'est peut-\u00eatre celui-ci : ne pas juger plus vite, ne pas raconter plus facilement - et ne pas oublier ce qui a \u00e9t\u00e9 perdu avant de d\u00e9cider de ce qui aurait d\u00fb venir.<\/p>\n<p>C'est peut-\u00eatre tout ce que l'on peut demander au final.<\/p>\n<h3>Retour entre ruines et espoir<\/h3>\n<p>Un an apr\u00e8s la chute d'Assad, ce reportage montre une Syrie tiraill\u00e9e entre la destruction et un espoir prudent. Il accompagne des personnes de retour d'Allemagne qui tentent de prendre un nouveau d\u00e9part dans des villes comme Homs, Idlib et Alep, souvent dans des conditions tr\u00e8s difficiles. \u00c0 c\u00f4t\u00e9 de ces histoires personnelles se trouvent les impressions d'un pays marqu\u00e9 par les ruines de la guerre, la pauvret\u00e9 et le manque de soins. Les rencontres avec des enfants, des orphelins de guerre et des personnes d\u00e9plac\u00e9es \u00e0 l'int\u00e9rieur du pays sont particuli\u00e8rement impressionnantes et montrent sans fard le quotidien de la \u201enouvelle Syrie\u201c.<\/p>\n<div class=\"lyte-wrapper\" style=\"width:640px;max-width:100%;margin:5px;\"><div class=\"lyMe\" id=\"WYL_3kATeplUOHI\"><div id=\"lyte_3kATeplUOHI\" data-src=\"https:\/\/www.markus-schall.de\/wp-content\/plugins\/wp-youtube-lyte\/lyteCache.php?origThumbUrl=%2F%2Fi.ytimg.com%2Fvi%2F3kATeplUOHI%2Fhqdefault.jpg\" class=\"pL\"><div class=\"tC\"><div class=\"tT\"><\/div><\/div><div class=\"play\"><\/div><div class=\"ctrl\"><div class=\"Lctrl\"><\/div><div class=\"Rctrl\"><\/div><\/div><\/div><noscript><a href=\"https:\/\/youtu.be\/3kATeplUOHI\" rel=\"nofollow noopener\" target=\"_blank\"><img loading=\"lazy\" decoding=\"async\" src=\"https:\/\/www.markus-schall.de\/wp-content\/plugins\/wp-youtube-lyte\/lyteCache.php?origThumbUrl=https%3A%2F%2Fi.ytimg.com%2Fvi%2F3kATeplUOHI%2F0.jpg\" alt=\"Vignette de la vid\u00e9o YouTube\" width=\"640\" height=\"340\" \/><br \/>Lire cette vid\u00e9o sur YouTube<\/a><\/noscript><\/div><\/div><div class=\"lL\" style=\"max-width:100%;width:640px;margin:5px;\"><\/div><br \/>\nDe retour d'Allemagne. La Syrie, un pays entre ruines et espoir | <a href=\"https:\/\/www.youtube.com\/@weltspiegel\" target=\"_blank\" rel=\"nofollow noopener\">Miroir du monde<\/a><\/p>\n<p>Le reportage montre clairement l'ampleur du foss\u00e9 entre les d\u00e9bats politiques en Allemagne et la r\u00e9alit\u00e9 sur le terrain - et pourquoi l'espoir seul ne peut pas remplacer la reconstruction.<\/p>\n<h2>Les r\u00e9fugi\u00e9s syriens en Allemagne - chiffres, int\u00e9gration et r\u00e9alit\u00e9 de vie<\/h2>\n<p>Lorsque nous parlons de la Syrie, nous ne pouvons pas faire l'impasse sur un aspect qui donne \u00e0 tout ce d\u00e9bat une dimension concr\u00e8te et humaine : Les personnes qui ont quitt\u00e9 le pays et qui vivent aujourd'hui en Allemagne. Leurs histoires, leur int\u00e9gration, leur quotidien - tout cela montre comment la politique globale agit \u00e0 petite \u00e9chelle.<\/p>\n<h3>Combien de Syriens et Syriennes vivent actuellement en Allemagne ?<\/h3>\n<p>Depuis le d\u00e9but de la guerre en 2011, l'Allemagne compte parmi les principaux pays de destination des r\u00e9fugi\u00e9s syriens. De nombreux Syriens sont arriv\u00e9s en Allemagne dans le cadre du grand mouvement de fuite de 2015\/16, lorsque les fronti\u00e8res se sont ouvertes et que des centaines de milliers de personnes ont cherch\u00e9 refuge. Depuis, le nombre de ces personnes s'est stabilis\u00e9, mais il donne toujours une indication importante sur les \u00e9volutions \u00e0 long terme.<\/p>\n<p>A la fin de l'ann\u00e9e 2023, selon l'Office f\u00e9d\u00e9ral des statistiques, environ 973 000 ressortissants syriens vivaient en Allemagne - l'un des plus grands groupes d'origine pour les r\u00e9fugi\u00e9s en g\u00e9n\u00e9ral. La majorit\u00e9 d'entre eux b\u00e9n\u00e9ficiaient de la protection subsidiaire ou du statut d'asile, et beaucoup d'entre eux depuis des ann\u00e9es.<br \/>\nDes chiffres r\u00e9cents montrent qu'en 2025, le nombre total de citoyens syriens en Allemagne est rest\u00e9 l\u00e9g\u00e8rement inf\u00e9rieur \u00e0 un million, avec de l\u00e9g\u00e8res variations annuelles, mais qui sont principalement dues aux personnes naturalis\u00e9es et \u00e0 celles qui reviennent.<\/p>\n<p>Il est important de comprendre ici : Ces chiffres se r\u00e9f\u00e8rent \u00e0 la nationalit\u00e9 et non \u00e0 l'ensemble des personnes d'origine syrienne. Selon les estimations statistiques, beaucoup plus de personnes issues de l'immigration syrienne vivent en Allemagne - environ 1,2 \u00e0 1,3 million, si l'on tient compte de ceux qui ont d\u00e9j\u00e0 \u00e9t\u00e9 naturalis\u00e9s ou qui sont n\u00e9s ici.<\/p>\n<h3>Statut de protection et demandes d'asile<\/h3>\n<p>Pendant de longues ann\u00e9es, les Syriens ont \u00e9t\u00e9 consid\u00e9r\u00e9s en Allemagne comme l'un des groupes b\u00e9n\u00e9ficiant des taux de protection les plus \u00e9lev\u00e9s. Le taux d'acceptation des demandes d'asile a \u00e9t\u00e9 tr\u00e8s \u00e9lev\u00e9 pendant de nombreuses ann\u00e9es - parce que la guerre, la pers\u00e9cution et les situations d'urgence humanitaire \u00e9taient clairement prouv\u00e9es.<\/p>\n<p>Toutefois, une baisse significative des demandes d'asile a \u00e9t\u00e9 observ\u00e9e en 2025. Au cours du premier semestre 2025, les premi\u00e8res demandes de ressortissants syriens ont \u00e9t\u00e9 nettement moins nombreuses que l'ann\u00e9e pr\u00e9c\u00e9dente - ce qui s'explique \u00e0 la fois par une diminution des mouvements de fuite vers l'Europe et par des obstacles politiques et pratiques.<\/p>\n<h3>March\u00e9 du travail - Int\u00e9gration, opportunit\u00e9s et limites<\/h3>\n<p>L'int\u00e9gration commence au quotidien - et le travail en est un \u00e9l\u00e9ment central. Dans ce domaine, les r\u00e9fugi\u00e9s syriens en Allemagne montrent des progr\u00e8s, mais aussi des d\u00e9fis.<\/p>\n<p>Selon les analyses du march\u00e9 du travail, l'emploi des ressortissants syriens a consid\u00e9rablement augment\u00e9 ces derni\u00e8res ann\u00e9es. Le taux d'emploi a augment\u00e9 au fil du temps, surtout avec la dur\u00e9e croissante du s\u00e9jour : apr\u00e8s sept \u00e0 huit ans, environ 61 % des personnes syriennes en qu\u00eate de protection sont consid\u00e9r\u00e9es comme actives en Allemagne, avec des diff\u00e9rences notables entre les hommes et les femmes.<\/p>\n<p>D'autres \u00e9valuations montrent qu'environ 42 % de tous les citoyens syriens en \u00e2ge de travailler sont aujourd'hui effectivement employ\u00e9s, ce qui repr\u00e9sente une augmentation consid\u00e9rable par rapport aux ann\u00e9es pr\u00e9c\u00e9dentes.<\/p>\n<p>Une grande partie de ces travailleurs sont employ\u00e9s dans des m\u00e9tiers d'importance syst\u00e9mique et de p\u00e9nurie, par exemple dans la construction, les soins, la logistique et la production alimentaire. Cela signifie que de nombreux r\u00e9fugi\u00e9s syriens sont aujourd'hui non seulement pr\u00e9sents sur le march\u00e9 du travail, mais qu'ils contribuent activement \u00e0 l'approvisionnement - dans des domaines o\u00f9 l'Allemagne a classiquement besoin de main-d'\u0153uvre qualifi\u00e9e.<\/p>\n<p>En m\u00eame temps, toutes les donn\u00e9es montrent que l'int\u00e9gration se d\u00e9roule de mani\u00e8re tr\u00e8s diff\u00e9rente selon les groupes de population. Les hommes ont - statistiquement - des taux d'emploi nettement plus \u00e9lev\u00e9s que les femmes, et la participation des femmes au march\u00e9 du travail est souvent plus faible, car elles doivent d'abord surmonter des obstacles linguistiques et de qualification.<\/p>\n<h3>Perspectives des r\u00e9fugi\u00e9s syriens en Allemagne<\/h3>\n<table>\n<tbody>\n<tr style=\"background-color: #f0f0f0; overflow-x: auto;\">\n<th>Perspective<\/th>\n<th>Statut<\/th>\n<th>Estimation<\/th>\n<\/tr>\n<tr>\n<td><strong>Maintien \u00e0 long terme<\/strong><\/td>\n<td>\u00e9lev\u00e9<\/td>\n<td>Familles, travail, naturalisation<\/td>\n<\/tr>\n<tr>\n<td><strong>Retour volontaire<\/strong><\/td>\n<td>faible<\/td>\n<td>Situation incertaine en Syrie<\/td>\n<\/tr>\n<tr>\n<td><strong>Int\u00e9gration au march\u00e9 du travail<\/strong><\/td>\n<td>moyen \u00e0 croissant<\/td>\n<td>D\u00e9pend de l'\u00e9ducation et de la langue<\/td>\n<\/tr>\n<tr>\n<td><strong>Participation sociale<\/strong><\/td>\n<td>diff\u00e9rents<\/td>\n<td>Fortement d\u00e9pendant de l'environnement<\/td>\n<\/tr>\n<\/tbody>\n<\/table>\n<h3>Citoyennet\u00e9 et perspectives \u00e0 long terme<\/h3>\n<p>Un autre aspect important de l'int\u00e9gration \u00e0 long terme est la naturalisation. Dans ce domaine, l'Allemagne a connu des changements consid\u00e9rables au cours des derni\u00e8res ann\u00e9es. En 2024, l'Allemagne a atteint un record de naturalisations, les Syriens constituant le plus grand groupe individuel. Environ 83 000 ressortissants syriens ont obtenu la nationalit\u00e9 allemande en 2024, ce qui repr\u00e9sente environ un quart de toutes les nouvelles naturalisations.<\/p>\n<p>Au fil des ann\u00e9es, plus de 160 000 personnes originaires de Syrie ont d\u00e9j\u00e0 \u00e9t\u00e9 naturalis\u00e9es, beaucoup apr\u00e8s des ann\u00e9es de s\u00e9jour et d'apprentissage de la langue. Pour de nombreuses personnes, la naturalisation n'est pas seulement synonyme de s\u00e9curit\u00e9 juridique, mais aussi de possibilit\u00e9 de s'int\u00e9grer \u00e0 long terme dans la soci\u00e9t\u00e9, de gagner des droits politiques et de faire partie du pays qu'elles appellent leur maison depuis des ann\u00e9es.<\/p>\n<h3>Le retour - volontaire, politique ou r\u00e9aliste ?<\/h3>\n<p>Avec la chute du r\u00e9gime d'Assad fin 2024, le d\u00e9bat a chang\u00e9 en Allemagne : on s'est soudain demand\u00e9 publiquement si et comment les r\u00e9fugi\u00e9s syriens pouvaient retourner dans leur pays. Certains hommes politiques ont d\u00e9clar\u00e9 que les conditions avaient chang\u00e9, d'autres ont soulign\u00e9 qu'une reconstruction s\u00fbre et digne n'\u00e9tait toujours pas r\u00e9aliste.<\/p>\n<p>Les chiffres officiels montrent que, jusqu'\u00e0 la mi-2025, seul un nombre relativement faible de r\u00e9fugi\u00e9s syriens sont rentr\u00e9s officiellement en Syrie via des programmes de retour - \u00e0 chaque fois dans des proportions \u00e0 quatre chiffres.<\/p>\n<p>Cela signifie que la grande vague de retours que certains esp\u00e8rent n'a pas eu lieu jusqu'\u00e0 pr\u00e9sent. De nombreux Syriens vivant en Allemagne ont construit des familles, des enfants, un travail et des r\u00e9seaux sociaux. Pour beaucoup, le choix entre \u201ereconstruire sa patrie\u201c et \u201econstruire son avenir en Allemagne\u201c n'est pas facile - et les conditions en Syrie restent pr\u00e9caires.<\/p>\n<h3>Vie quotidienne et r\u00e9alit\u00e9 sociale<\/h3>\n<p>Les chiffres seuls ne disent pas tout. La r\u00e9alit\u00e9 de la vie des familles syriennes en Allemagne est complexe. Beaucoup sont bien int\u00e9gr\u00e9es - elles travaillent, se forment, s'engagent au niveau local. D'autres continuent de rencontrer des obstacles, par exemple dans l'acc\u00e8s au march\u00e9 du travail, la reconnaissance des qualifications, ou ne se sentent pas compl\u00e8tement int\u00e9gr\u00e9s socialement.<\/p>\n<p>Environ un quart de la communaut\u00e9 syrienne est d\u00e9sormais n\u00e9e en Allemagne ou y a \u00e9tabli des liens familiaux. Cela t\u00e9moigne d'une nouvelle g\u00e9n\u00e9ration qui navigue entre ses origines et son avenir.<\/p>\n<h3>Ni retour ni assimilation compl\u00e8te<\/h3>\n<p>Si l'on met les chiffres et les histoires bout \u00e0 bout, on obtient le tableau suivant :<\/p>\n<p>L'Allemagne continue d'accueillir pr\u00e8s d'un million de personnes d'origine syrienne - avec une l\u00e9g\u00e8re tendance \u00e0 la baisse pour les ressortissants, mais un nombre total stable de personnes.<\/p>\n<p>L'int\u00e9gration sur le march\u00e9 du travail a progress\u00e9, de nombreux Syriens sont employ\u00e9s et contribuent \u00e0 la vie \u00e9conomique quotidienne. Un nombre significatif de r\u00e9fugi\u00e9s ont obtenu la citoyennet\u00e9 allemande, signe de perspectives \u00e0 plus long terme. Le nombre de retours r\u00e9ellement volontaires est faible, car de nombreuses personnes sont enracin\u00e9es en Allemagne et la situation en Syrie reste incertaine.<\/p>\n<p>En m\u00eame temps, l'int\u00e9gration reste une t\u00e2che \u00e0 long terme et \u00e0 plusieurs niveaux, dont la r\u00e9ussite varie en fonction de la situation de vie.<\/p>\n<h3>Un regard r\u00e9aliste plut\u00f4t qu'une simplification politique<\/h3>\n<p>Dans le d\u00e9bat public, ces donn\u00e9es deviennent souvent des slogans politiques : \u201eretour\u201c, \u201epouvoir rester\u201c, \u201eexpulsions\u201c. Mais la r\u00e9alit\u00e9 est plus sobre et plus compliqu\u00e9e. Les personnes ne sont pas de simples chiffres dans une statistique, et les d\u00e9cisions concernant la vie et l'avenir ne sont pas prises dans le vide politique.<\/p>\n<p>Les r\u00e9fugi\u00e9s syriens en Allemagne se trouvent aujourd'hui entre deux mondes - ils ont trouv\u00e9 une nouvelle patrie, mais restent dans de nombreux cas li\u00e9s \u00e0 leurs origines, \u00e0 leurs familles \u00e0 l'\u00e9tranger et \u00e0 la question d'un \u00e9ventuel retour. En outre, ils montrent que l'int\u00e9gration n'est pas seulement un slogan politique, mais un processus long et complexe qui peut durer des d\u00e9cennies.<\/p>\n<hr \/>\n<h2>Sources appropri\u00e9es sur la Syrie<\/h2>\n<h3>Organisations internationales &amp; observateurs \u00e0 long terme<\/h3>\n<ul>\n<li><a href=\"https:\/\/www.unhcr.org\" target=\"_blank\" rel=\"noopener\"><strong>HCR - R\u00e9fugi\u00e9s &amp; retour<\/strong><\/a>L'Agence des Nations unies pour les r\u00e9fugi\u00e9s est l'une des sources les plus importantes sur les r\u00e9fugi\u00e9s syriens, les personnes d\u00e9plac\u00e9es et les mouvements de retour. Les rapports sur le caract\u00e8re volontaire des retours, sur les situations en mati\u00e8re de s\u00e9curit\u00e9 et sur les obstacles structurels \u00e0 la reconstruction sont particuli\u00e8rement pr\u00e9cieux.<\/li>\n<li><a href=\"https:\/\/www.amnesty.org\/en\/\" target=\"_blank\" rel=\"noopener\"><strong>Amnesty International - Droits de l'homme et minorit\u00e9s<\/strong><\/a>Amnesty a suivi la guerre en Syrie depuis le d\u00e9but et documente \u00e9galement la situation apr\u00e8s Assad. Important pour les rapports sur les minorit\u00e9s, les conditions de d\u00e9tention, la violence arbitraire et la r\u00e9pression informelle.<\/li>\n<li><a href=\"https:\/\/hrwn.org\" target=\"_blank\" rel=\"noopener\"><strong>Human Rights Watch - Structures de pouvoir &amp; acteurs de la violence<\/strong><\/a>HRW analyse en d\u00e9tail qui exerce la violence, comment le pouvoir est exerc\u00e9 et o\u00f9 se situe la responsabilit\u00e9 - \u00e9galement chez les acteurs non \u00e9tatiques. Tr\u00e8s utile pour la phase suivant le changement de r\u00e9gime, car tout ne peut plus \u00eatre expliqu\u00e9 par \u201el'Etat\u201c.<\/li>\n<\/ul>\n<h3>Recherche et analyse<\/h3>\n<ul>\n<li><a href=\"https:\/\/www.crisisgroup.org\" target=\"_blank\" rel=\"noopener\"><strong>International Crisis Group - Dynamique des conflits &amp; nouvel ordre<\/strong><\/a>L'une des meilleures sources d'analyse objective. L'ICG d\u00e9crit tr\u00e8s pr\u00e9cis\u00e9ment le fonctionnement des transferts de pouvoir, les raisons de la persistance de la violence et les acteurs qui ont une influence r\u00e9elle. Id\u00e9al pour se situer au-del\u00e0 des accusations.<\/li>\n<li><a href=\"https:\/\/ecfr.eu\" target=\"_blank\" rel=\"noopener\"><strong>European Council on Foreign Relations - La Syrie et l'Europe<\/strong><\/a>Utile pour comprendre la perspective europ\u00e9enne sur la Syrie : Sanctions, d\u00e9bats sur le retour, \u00e9valuations de la politique de s\u00e9curit\u00e9. Moins \u00e9motionnel, plus strat\u00e9gique.<\/li>\n<\/ul>\n<h3>Observateurs r\u00e9gionaux &amp; sp\u00e9cialis\u00e9s<\/h3>\n<ul>\n<li><a href=\"https:\/\/www.syriahr.com\/en\/\" target=\"_blank\" rel=\"noopener\"><strong>Observatoire syrien des droits de l'homme - Violence et nombre de victimes<\/strong><\/a>Controvers\u00e9, mais depuis des ann\u00e9es l'une des rares sources continues sur les combats, les massacres et les escalades r\u00e9gionales. Toujours \u00e0 lire avec prudence, mais bonne pour l'analyse des tendances si l'on confronte plusieurs sources.<\/li>\n<li><a href=\"https:\/\/carnegieendowment.org\/middle-east\" target=\"_blank\" rel=\"noopener\"><strong>Centre Carnegie pour le Moyen-Orient - Soci\u00e9t\u00e9 et \u00c9tat<\/strong><\/a>Tr\u00e8s bonnes analyses sur la mani\u00e8re dont l'\u00c9tat se d\u00e9compose ou se recompose au Proche-Orient. Moins ax\u00e9es sur l'actualit\u00e9, mais tr\u00e8s fortes sur le plan structurel.<\/li>\n<\/ul>\n<h3>Forme longue journalistique &amp; reportages<\/h3>\n<ul>\n<li><a href=\"https:\/\/www.deutschlandfunk.de\/syrien-114.html\" target=\"_blank\" rel=\"noopener\"><strong>Deutschlandfunk - Contexte &amp; Minorit\u00e9s<\/strong><\/a>Deutschlandfunk : La radio allemande fournit souvent des formats longs diff\u00e9renci\u00e9s sur la Syrie, les minorit\u00e9s (druzes, alaouites, chr\u00e9tiens) et la situation apr\u00e8s Assad. Moins \u00e9motionnel que de nombreux formats t\u00e9l\u00e9vis\u00e9s.<\/li>\n<li><a href=\"https:\/\/www.theguardian.com\/world\/syria\" target=\"_blank\" rel=\"noopener\"><strong>The Guardian - Transfert de pouvoir &amp; exil d'Assad<\/strong><\/a>: contexte de la phase de perte de pouvoir d'Assad, questions d'exil et r\u00e9actions internationales. Une perspective clairement occidentale, mais bien document\u00e9e.<\/li>\n<\/ul>\n<hr \/>\n\n\t\t\t<div class=\"display-post-types\">\n\n\t\t\t\t\t\t\t<style type=\"text\/css\">\n\t\t\t#dpt-wrapper-863 { --dpt-text-align: left;--dpt-image-crop: center;--dpt-border-radius: 5px;--dpt-h-gutter: 10px;--dpt-v-gutter: 9px; }\t\t\t<\/style>\n\t\t\t<style type=\"text\/css\">#dpt-wrapper-863 { --dpt-title-font-style:normal;--dpt-title-font-weight:600;--dpt-title-line-height:1.5;--dpt-title-text-decoration:none;--dpt-title-text-transform:none;--dpt-excerpt-font-style:normal;--dpt-excerpt-font-weight:400;--dpt-excerpt-line-height:1.5;--dpt-excerpt-text-decoration:none;--dpt-excerpt-text-transform:none;--dpt-meta1-font-style:normal;--dpt-meta1-font-weight:400;--dpt-meta1-line-height:1.9;--dpt-meta1-text-decoration:none;--dpt-meta1-text-transform:none;--dpt-meta2-font-style:normal;--dpt-meta2-font-weight:400;--dpt-meta2-line-height:1.9;--dpt-meta2-text-decoration:none;--dpt-meta2-text-transform:none; }<\/style><div class=\"dpt-main-header\">\n\t\t\t\t\t\t<div class=\"dpt-main-title\">\n\t\t\t\t\t\t\t<span class=\"dpt-main-title-text\">Derniers articles sur Art &amp; Culture<\/span>\n\t\t\t\t\t\t<\/div>\n\t\t\t\t\t\t\n\t\t\t\t\t\t\n\t\t\t\t\t\t\n\t\t\t\t\t\t<\/div>\t\t\t\n\t\t\t\t<div id=\"dpt-wrapper-863\" class=\"dpt-wrapper dpt-mag1 land1 dpt-cropped dpt-flex-wrap\" >\n\n\t\t\t\t\t\t\t\t\t\t\t<div class=\"dpt-entry has-thumbnail\" data-title=\"die affinity grafik-suite wird kostenlos: was profi-anwender jetzt wissen m\u00fcssen\" data-id=\"3675\"  data-category=\"apple macos b\u00fccher kunst &amp; kultur tipps &amp; anleitungen\" data-post_tag=\"buch mac prozesse publishing verlag\">\n\t\t\t\t\t\t\t<div class=\"dpt-entry-wrapper\"><div class=\"dpt-featured-content\"><div class=\"dpt-permalink\"><a href=\"https:\/\/www.markus-schall.de\/fr\/2025\/11\/la-suite-graphique-affinity-devient-gratuite-ce-que-les-utilisateurs-professionnels-doivent-savoir-maintenant\/\" class=\"dpt-permalink\"><span class=\"screen-reader-text\">La suite graphique Affinity devient gratuite : Ce que les utilisateurs professionnels doivent savoir maintenant<\/span><\/a><\/div><div class=\"dpt-thumbnail\"><div class=\"dpt-thumbnail-inner\"><img width=\"1024\" height=\"683\" class=\"attachment-full size-full\" alt=\"Affinity Suite graphique gratuite\" context=\"dpt\" data-dpt-src=\"https:\/\/www.markus-schall.de\/wp-content\/uploads\/affinity-grafiksuite-kostenlos.jpg\" data-dpt-sizes=\"(max-width: 1024px) 100vw, 1024px\" data-dpt-srcset=\"https:\/\/www.markus-schall.de\/wp-content\/uploads\/affinity-grafiksuite-kostenlos.jpg 1024w, https:\/\/www.markus-schall.de\/wp-content\/uploads\/affinity-grafiksuite-kostenlos-300x200.jpg 300w, https:\/\/www.markus-schall.de\/wp-content\/uploads\/affinity-grafiksuite-kostenlos-768x512.jpg 768w, https:\/\/www.markus-schall.de\/wp-content\/uploads\/affinity-grafiksuite-kostenlos-18x12.jpg 18w\" \/><\/div><span class=\"dpt-thumbnail-aspect-ratio\" style=\"padding-top: 75%\"><\/span><\/div><\/div><div class=\"sub-entry\"><h3 class=\"dpt-title\"><a class=\"dpt-title-link\" href=\"https:\/\/www.markus-schall.de\/fr\/2025\/11\/la-suite-graphique-affinity-devient-gratuite-ce-que-les-utilisateurs-professionnels-doivent-savoir-maintenant\/\" rel=\"bookmark\">La suite graphique Affinity devient gratuite : Ce que les utilisateurs professionnels doivent savoir maintenant<\/a><\/h3><\/div><\/div>\n\t\t\t\t\t\t<\/div><!-- .dpt-entry -->\n\t\t\t\t\t\t\t\t\t\t\t\t<div class=\"dpt-entry has-thumbnail\" data-title=\"wenn pflicht wieder pflicht wird. eine art essay von herrn von l&#8217;oreot.\" data-id=\"3010\"  data-category=\"allgemein gesellschaft kunst &amp; kultur stories &amp; humor\" data-post_tag=\"deutschland erfahrungen geopolitik krisen pers\u00f6nlichkeitsentwicklung sicherheitspolitik\">\n\t\t\t\t\t\t\t<div class=\"dpt-entry-wrapper\"><div class=\"dpt-featured-content\"><div class=\"dpt-permalink\"><a href=\"https:\/\/www.markus-schall.de\/fr\/2025\/10\/quand-le-devoir-redevient-obligatoire-une-sorte-dessai-de-monsieur-von-loreot\/\" class=\"dpt-permalink\"><span class=\"screen-reader-text\">Quand le devoir redevient obligation. Une sorte d'essai de Monsieur de L'oreot.<\/span><\/a><\/div><div class=\"dpt-thumbnail\"><div class=\"dpt-thumbnail-inner\"><img width=\"1024\" height=\"683\" class=\"attachment-full size-full\" alt=\"Un appel inattendu\" context=\"dpt\" data-dpt-src=\"https:\/\/www.markus-schall.de\/wp-content\/uploads\/loreot-pflicht-anruf.jpg\" data-dpt-sizes=\"(max-width: 1024px) 100vw, 1024px\" data-dpt-srcset=\"https:\/\/www.markus-schall.de\/wp-content\/uploads\/loreot-pflicht-anruf.jpg 1024w, https:\/\/www.markus-schall.de\/wp-content\/uploads\/loreot-pflicht-anruf-300x200.jpg 300w, https:\/\/www.markus-schall.de\/wp-content\/uploads\/loreot-pflicht-anruf-768x512.jpg 768w, https:\/\/www.markus-schall.de\/wp-content\/uploads\/loreot-pflicht-anruf-18x12.jpg 18w\" \/><\/div><span class=\"dpt-thumbnail-aspect-ratio\" style=\"padding-top: 75%\"><\/span><\/div><\/div><div class=\"sub-entry\"><h3 class=\"dpt-title\"><a class=\"dpt-title-link\" href=\"https:\/\/www.markus-schall.de\/fr\/2025\/10\/quand-le-devoir-redevient-obligatoire-une-sorte-dessai-de-monsieur-von-loreot\/\" rel=\"bookmark\">Quand le devoir redevient obligation. Une sorte d'essai de Monsieur de L'oreot.<\/a><\/h3><\/div><\/div>\n\t\t\t\t\t\t<\/div><!-- .dpt-entry -->\n\t\t\t\t\t\t\t\t\t\t\t\t<div class=\"dpt-entry has-thumbnail\" data-title=\"reichweite ist kein eigentum \u2013 warum sichtbarkeit heute nicht mehr ausreicht\" data-id=\"3994\"  data-category=\"allgemein featured filemaker &amp; erp gesellschaft kunst &amp; kultur\" data-post_tag=\"datenlogik datenschutz denkmodelle digitales eigentum erp-software\">\n\t\t\t\t\t\t\t<div class=\"dpt-entry-wrapper\"><div class=\"dpt-featured-content\"><div class=\"dpt-permalink\"><a href=\"https:\/\/www.markus-schall.de\/fr\/2025\/12\/la-portee-nest-pas-la-propriete-pourquoi-la-visibilite-ne-suffit-plus-aujourdhui\/\" class=\"dpt-permalink\"><span class=\"screen-reader-text\">La port\u00e9e n'est pas la propri\u00e9t\u00e9 - Pourquoi la visibilit\u00e9 ne suffit plus aujourd'hui<\/span><\/a><\/div><div class=\"dpt-thumbnail\"><div class=\"dpt-thumbnail-inner\"><img width=\"1024\" height=\"683\" class=\"attachment-full size-full\" alt=\"Port\u00e9e vs. propri\u00e9t\u00e9\" context=\"dpt\" data-dpt-src=\"https:\/\/www.markus-schall.de\/wp-content\/uploads\/reichweite-vs-eigentum.jpg\" data-dpt-sizes=\"(max-width: 1024px) 100vw, 1024px\" data-dpt-srcset=\"https:\/\/www.markus-schall.de\/wp-content\/uploads\/reichweite-vs-eigentum.jpg 1024w, https:\/\/www.markus-schall.de\/wp-content\/uploads\/reichweite-vs-eigentum-300x200.jpg 300w, https:\/\/www.markus-schall.de\/wp-content\/uploads\/reichweite-vs-eigentum-768x512.jpg 768w, https:\/\/www.markus-schall.de\/wp-content\/uploads\/reichweite-vs-eigentum-18x12.jpg 18w\" \/><\/div><span class=\"dpt-thumbnail-aspect-ratio\" style=\"padding-top: 75%\"><\/span><\/div><\/div><div class=\"sub-entry\"><h3 class=\"dpt-title\"><a class=\"dpt-title-link\" href=\"https:\/\/www.markus-schall.de\/fr\/2025\/12\/la-portee-nest-pas-la-propriete-pourquoi-la-visibilite-ne-suffit-plus-aujourdhui\/\" rel=\"bookmark\">La port\u00e9e n'est pas la propri\u00e9t\u00e9 - Pourquoi la visibilit\u00e9 ne suffit plus aujourd'hui<\/a><\/h3><\/div><\/div>\n\t\t\t\t\t\t<\/div><!-- .dpt-entry -->\n\t\t\t\t\t\t\t\t\t\t\t\t<div class=\"dpt-entry has-thumbnail\" data-title=\"mehr als punk: nina hagen, cosma shiva und die kunst, sich nicht vereinnahmen zu lassen\" data-id=\"4521\"  data-category=\"allgemein gesellschaft kunst &amp; kultur\" data-post_tag=\"auswandern deutschland erfahrungen europa krisen meinungsfreiheit musik portrait\">\n\t\t\t\t\t\t\t<div class=\"dpt-entry-wrapper\"><div class=\"dpt-featured-content\"><div class=\"dpt-permalink\"><a href=\"https:\/\/www.markus-schall.de\/fr\/2026\/01\/plus-que-du-punk-nina-hagen-cosma-shiva-et-lart-de-ne-pas-se-laisser-accaparer\/\" class=\"dpt-permalink\"><span class=\"screen-reader-text\">Plus que du punk : Nina Hagen, Cosma Shiva et l'art de ne pas se laisser accaparer<\/span><\/a><\/div><div class=\"dpt-thumbnail\"><div class=\"dpt-thumbnail-inner\"><img width=\"1024\" height=\"683\" class=\"attachment-full size-full\" alt=\"Portrait de Nina et Cosma Shiva Hagen\" context=\"dpt\" data-dpt-src=\"https:\/\/www.markus-schall.de\/wp-content\/uploads\/Nina-Cosma-Shiva-Hagen-Titel.jpg\" data-dpt-sizes=\"(max-width: 1024px) 100vw, 1024px\" data-dpt-srcset=\"https:\/\/www.markus-schall.de\/wp-content\/uploads\/Nina-Cosma-Shiva-Hagen-Titel.jpg 1024w, https:\/\/www.markus-schall.de\/wp-content\/uploads\/Nina-Cosma-Shiva-Hagen-Titel-300x200.jpg 300w, https:\/\/www.markus-schall.de\/wp-content\/uploads\/Nina-Cosma-Shiva-Hagen-Titel-768x512.jpg 768w, https:\/\/www.markus-schall.de\/wp-content\/uploads\/Nina-Cosma-Shiva-Hagen-Titel-18x12.jpg 18w\" \/><\/div><span class=\"dpt-thumbnail-aspect-ratio\" style=\"padding-top: 75%\"><\/span><\/div><\/div><div class=\"sub-entry\"><h3 class=\"dpt-title\"><a class=\"dpt-title-link\" href=\"https:\/\/www.markus-schall.de\/fr\/2026\/01\/plus-que-du-punk-nina-hagen-cosma-shiva-et-lart-de-ne-pas-se-laisser-accaparer\/\" rel=\"bookmark\">Plus que du punk : Nina Hagen, Cosma Shiva et l'art de ne pas se laisser accaparer<\/a><\/h3><\/div><\/div>\n\t\t\t\t\t\t<\/div><!-- .dpt-entry -->\n\t\t\t\t\t\t\n\t\t\t\t<\/div>\n\t\t\t\t\t\t<\/div>\n\t\t\t\n<hr \/>\n<h2>Foire aux questions<\/h2>\n<ol>\n<li><strong>Pourquoi \u00e9cris-tu cet article sur la Syrie ?<\/strong><br \/>\nParce que pour moi, la Syrie n'est pas un pays en crise abstrait, mais un exemple de la complexit\u00e9 de la r\u00e9alit\u00e9 lorsqu'on ne la r\u00e9duit pas \u00e0 des gros titres. J'ai observ\u00e9 le pays pendant de nombreuses ann\u00e9es et j'ai \u00e9t\u00e9 irrit\u00e9 par la rapidit\u00e9 avec laquelle un \u00c9tat qui fonctionne est devenu, dans l'esprit du public, un simple symbole de chaos. Cet article est une tentative de mettre de l'ordre dans cette perception.<\/li>\n<li><strong>La Syrie \u00e9tait-elle vraiment aussi moderne avant la guerre que tu le d\u00e9cris ?<\/strong><br \/>\nOui - du moins en comparaison r\u00e9gionale. La Syrie n'\u00e9tait pas un \u00c9tat de droit occidental, mais un \u00c9tat organis\u00e9 de mani\u00e8re la\u00efque et relativement ouvert sur le plan social. Les femmes pouvaient vivre sans foulard, les minorit\u00e9s religieuses \u00e9taient prot\u00e9g\u00e9es, l'\u00e9ducation et les infrastructures fonctionnaient. Cela ne rend pas l'\u00c9tat id\u00e9al, mais cela contredit l'image d'un pays arri\u00e9r\u00e9.<\/li>\n<li><strong>Cela signifie-t-il que tu veux d\u00e9fendre Assad ?<\/strong><br \/>\nNon. Il ne s'agit pas d'id\u00e9aliser Assad ou de justifier son r\u00e9gime autoritaire. Il s'agit de faire la diff\u00e9rence entre critique et simplification. On peut critiquer un syst\u00e8me r\u00e9pressif tout en reconnaissant que son effondrement a eu des cons\u00e9quences n\u00e9gatives massives.<\/li>\n<li><strong>Pourquoi la Syrie a-t-elle jou\u00e9 un r\u00f4le g\u00e9opolitique ?<\/strong><br \/>\nParce que la Syrie \u00e9tait strat\u00e9giquement situ\u00e9e entre diff\u00e9rents blocs de pouvoir et ne s'inscrivait pas clairement dans le cadre de l'Occident. Sa proximit\u00e9 avec la Russie, l'Iran et la Chine en faisait un facteur de perturbation g\u00e9opolitique. La Syrie n'\u00e9tait pas un petit pays marginal, mais un \u00c9tat charni\u00e8re au Proche-Orient.<\/li>\n<li><strong>La guerre en Syrie \u00e9tait-elle une guerre civile d\u00e8s le d\u00e9but ?<\/strong><br \/>\nNon. Il a commenc\u00e9 par des protestations, mais s'est tr\u00e8s vite transform\u00e9 en un conflit internationalis\u00e9. La militarisation pr\u00e9coce et l'influence massive d'acteurs externes indiquent que la Syrie a perdu assez rapidement le contr\u00f4le de son propre d\u00e9veloppement.<\/li>\n<li><strong>Pourquoi la protestation s'est-elle si vite transform\u00e9e en violence ?<\/strong><br \/>\nParce que le m\u00e9contentement social r\u00e9el s'est heurt\u00e9 \u00e0 un \u00c9tat autoritaire - et en m\u00eame temps \u00e0 un environnement pr\u00eat \u00e0 armer ce conflit. Sans armes, argent et logistique externes, le conflit aurait tr\u00e8s probablement \u00e9volu\u00e9 diff\u00e9remment.<\/li>\n<li><strong>Pourquoi Assad a-t-il finalement perdu le pouvoir ?<\/strong><br \/>\nNon pas \u00e0 cause d'un \u00e9v\u00e9nement isol\u00e9, mais \u00e0 cause d'ann\u00e9es d'\u00e9rosion. L'\u00e9puisement militaire, l'effondrement \u00e9conomique, l'isolement international et la d\u00e9sint\u00e9gration interne ont fait que l'ancien ordre n'\u00e9tait plus viable.<\/li>\n<li><strong>Pourquoi Assad s'est-il r\u00e9fugi\u00e9 en Russie ?<\/strong><br \/>\nParce que la Russie \u00e9tait l'un des rares acteurs capables \u00e0 la fois d'offrir une protection et de garantir ses propres int\u00e9r\u00eats. La fuite n'\u00e9tait pas une man\u0153uvre politique, mais l'aveu de fait que sa pr\u00e9sence ne pouvait plus stabiliser l'Etat.<\/li>\n<li><strong>Qui gouverne vraiment la Syrie aujourd'hui ?<\/strong><br \/>\nIl existe des structures de transition formelles, mais le pouvoir r\u00e9el est fragment\u00e9. Il est d\u00e9tenu par un m\u00e9lange d'anciens dirigeants rebelles, de r\u00e9seaux militaires et d'autorit\u00e9s r\u00e9gionales. On ne peut gu\u00e8re parler d'un gouvernement central clairement l\u00e9gitim\u00e9.<\/li>\n<li><strong>Le nouveau gouvernement est-il plus d\u00e9mocratique que l'ancien ?<\/strong><br \/>\nSelon les crit\u00e8res occidentaux : non. Il n'y a pas eu d'\u00e9lections libres, pas de large participation sociale et pas d'\u00c9tat de droit stable. Au lieu d'un \u00c9tat central autoritaire, il existe aujourd'hui un ordre fragmentaire autoritaire.<\/li>\n<li><strong>Comment la situation a-t-elle \u00e9volu\u00e9 pour les minorit\u00e9s ?<\/strong><br \/>\nPour de nombreuses minorit\u00e9s, la situation s'est d\u00e9t\u00e9rior\u00e9e. Les droits ne sont plus garantis \u00e0 l'\u00e9chelle nationale, mais d\u00e9pendent des rapports de force locaux. La protection n'existe pas syst\u00e9matiquement, mais en fonction de la situation.<\/li>\n<li><strong>Qu'est-il arriv\u00e9 aux droits des femmes ?<\/strong><br \/>\nIl n'y a pas de recul l\u00e9gal \u00e0 l'\u00e9chelle nationale, mais un net recul informel. Les femmes font \u00e9tat d'une pression sociale croissante, d'une visibilit\u00e9 limit\u00e9e et de nouvelles attentes en mati\u00e8re de comportement et d'habillement. Le recul est discret, mais perceptible.<\/li>\n<li><strong>La Syrie est-elle plus s\u00fbre aujourd'hui qu'hier ?<\/strong><br \/>\nAujourd'hui, la s\u00e9curit\u00e9 se d\u00e9finit diff\u00e9remment. Il y a moins de fronts g\u00e9n\u00e9ralis\u00e9s, mais plus d'ins\u00e9curit\u00e9 au quotidien. Les r\u00e8gles ne sont pas claires, les comp\u00e9tences changent, la violence est moins centrale, mais plus diffuse.<\/li>\n<li><strong>Pourquoi entend-on si peu de critiques \u00e0 l'\u00e9gard du nouvel ordre ?<\/strong><br \/>\nParce qu'il y a un fort besoin politique d'un r\u00e9cit positif. Apr\u00e8s des ann\u00e9es de guerre, on veut voir un \u201enouveau d\u00e9part\u201c. Les voix critiques perturbent cette image et sont donc souvent occult\u00e9es ou relativis\u00e9es.<\/li>\n<li><strong>Combien de r\u00e9fugi\u00e9s syriens vivent aujourd'hui en Allemagne ?<\/strong><br \/>\nOfficiellement, un peu moins d'un million de ressortissants syriens vivent en Allemagne. Si l'on ajoute les personnes naturalis\u00e9es et les personnes d'origine syrienne, le nombre se situe entre 1,2 et 1,3 million.<\/li>\n<li><strong>Les r\u00e9fugi\u00e9s syriens sont-ils bien int\u00e9gr\u00e9s en Allemagne ?<\/strong><br \/>\nL'int\u00e9gration est tr\u00e8s variable. Beaucoup travaillent, se forment et sont naturalis\u00e9s. D'autres continuent \u00e0 se battre avec la langue, la reconnaissance des dipl\u00f4mes ou l'isolement social. L'int\u00e9gration n'est pas un \u00e9tat uniforme, mais un long processus.<\/li>\n<li><strong>De nombreux Syriens veulent-ils maintenant retourner chez eux ?<\/strong><br \/>\nJusqu'\u00e0 pr\u00e9sent, le nombre de retours est faible. De nombreuses personnes ont construit leur vie en Allemagne, alors que la situation en Syrie reste incertaine. Une grande vague de retours n'est pas r\u00e9aliste pour le moment.<\/li>\n<li><strong>Quelle est la principale le\u00e7on \u00e0 tirer de la Syrie ?<\/strong><br \/>\nQue la chute d'un r\u00e9gime n'est pas une solution en soi. La stabilit\u00e9, aussi imparfaite soit-elle, est une valeur. Celui qui d\u00e9truit l'ordre existant porte la responsabilit\u00e9 de l'apr\u00e8s - et cette responsabilit\u00e9 n'a souvent pas \u00e9t\u00e9 assum\u00e9e en Syrie.<\/li>\n<li><strong>Pourquoi l'article se termine-t-il sans solution claire ?<\/strong><br \/>\nParce que la Syrie elle-m\u00eame n'a pas de solution claire. Une fin ouverte n'est pas un d\u00e9faut, mais l'expression de l'honn\u00eatet\u00e9. Parfois, la valeur d'un texte n'est pas de fournir des r\u00e9ponses, mais de briser de fausses certitudes.<\/li>\n<\/ol>\n<hr \/>\n\n\t\t\t<div class=\"display-post-types\">\n\n\t\t\t\t\t\t\t<style type=\"text\/css\">\n\t\t\t#dpt-wrapper-864 { --dpt-text-align: left;--dpt-image-crop: center;--dpt-border-radius: 5px;--dpt-h-gutter: 10px;--dpt-v-gutter: 9px; }\t\t\t<\/style>\n\t\t\t<style type=\"text\/css\">#dpt-wrapper-864 { --dpt-title-font-style:normal;--dpt-title-font-weight:600;--dpt-title-line-height:1.5;--dpt-title-text-decoration:none;--dpt-title-text-transform:none;--dpt-excerpt-font-style:normal;--dpt-excerpt-font-weight:400;--dpt-excerpt-line-height:1.5;--dpt-excerpt-text-decoration:none;--dpt-excerpt-text-transform:none;--dpt-meta1-font-style:normal;--dpt-meta1-font-weight:400;--dpt-meta1-line-height:1.9;--dpt-meta1-text-decoration:none;--dpt-meta1-text-transform:none;--dpt-meta2-font-style:normal;--dpt-meta2-font-weight:400;--dpt-meta2-line-height:1.9;--dpt-meta2-text-decoration:none;--dpt-meta2-text-transform:none; }<\/style><div class=\"dpt-main-header\">\n\t\t\t\t\t\t<div class=\"dpt-main-title\">\n\t\t\t\t\t\t\t<span class=\"dpt-main-title-text\">Derniers articles sur l'intelligence artificielle<\/span>\n\t\t\t\t\t\t<\/div>\n\t\t\t\t\t\t\n\t\t\t\t\t\t\n\t\t\t\t\t\t\n\t\t\t\t\t\t<\/div>\t\t\t\n\t\t\t\t<div id=\"dpt-wrapper-864\" class=\"dpt-wrapper dpt-mag1 land1 dpt-cropped dpt-flex-wrap\" >\n\n\t\t\t\t\t\t\t\t\t\t\t<div class=\"dpt-entry has-thumbnail\" data-title=\"wenn der mac zuh\u00f6rt: was apples integrierte ki mit gemini und siri k\u00fcnftig f\u00fcr nutzer bedeutet\" data-id=\"4813\"  data-category=\"apple iphone &amp; ipad apple macos ki-systeme\" data-post_tag=\"apple datenlogik datenschutz k\u00fcnstliche intelligenz llm mac prozesse sprachmodell\">\n\t\t\t\t\t\t\t<div class=\"dpt-entry-wrapper\"><div class=\"dpt-featured-content\"><div class=\"dpt-permalink\"><a href=\"https:\/\/www.markus-schall.de\/fr\/2026\/02\/si-le-mac-ecoute-ce-que-le-ki-integre-dapple-avec-gemini-et-siri-signifie-pour-les-utilisateurs-a-lavenir\/\" class=\"dpt-permalink\"><span class=\"screen-reader-text\">Quand le Mac \u00e9coute : ce que l'IA int\u00e9gr\u00e9e Apple avec Gemini et Siri signifie pour les utilisateurs \u00e0 l'avenir<\/span><\/a><\/div><div class=\"dpt-thumbnail\"><div class=\"dpt-thumbnail-inner\"><img width=\"1024\" height=\"683\" class=\"attachment-full size-full\" alt=\"Apple, Siri et Gemini\" context=\"dpt\" data-dpt-src=\"https:\/\/www.markus-schall.de\/wp-content\/uploads\/Apple-Siri-Gemini.jpg\" data-dpt-sizes=\"(max-width: 1024px) 100vw, 1024px\" data-dpt-srcset=\"https:\/\/www.markus-schall.de\/wp-content\/uploads\/Apple-Siri-Gemini.jpg 1024w, https:\/\/www.markus-schall.de\/wp-content\/uploads\/Apple-Siri-Gemini-300x200.jpg 300w, https:\/\/www.markus-schall.de\/wp-content\/uploads\/Apple-Siri-Gemini-768x512.jpg 768w, https:\/\/www.markus-schall.de\/wp-content\/uploads\/Apple-Siri-Gemini-18x12.jpg 18w\" \/><\/div><span class=\"dpt-thumbnail-aspect-ratio\" style=\"padding-top: 75%\"><\/span><\/div><\/div><div class=\"sub-entry\"><h3 class=\"dpt-title\"><a class=\"dpt-title-link\" href=\"https:\/\/www.markus-schall.de\/fr\/2026\/02\/si-le-mac-ecoute-ce-que-le-ki-integre-dapple-avec-gemini-et-siri-signifie-pour-les-utilisateurs-a-lavenir\/\" rel=\"bookmark\">Quand le Mac \u00e9coute : ce que l'IA int\u00e9gr\u00e9e Apple avec Gemini et Siri signifie pour les utilisateurs \u00e0 l'avenir<\/a><\/h3><\/div><\/div>\n\t\t\t\t\t\t<\/div><!-- .dpt-entry -->\n\t\t\t\t\t\t\t\t\t\t\t\t<div class=\"dpt-entry has-thumbnail\" data-title=\"rag mit ollama und qdrant als universelle suchmaschine f\u00fcr eigene daten\" data-id=\"2764\"  data-category=\"filemaker &amp; erp ki-systeme\" data-post_tag=\"datenbanken docker k\u00fcnstliche intelligenz llama llm mistral ollama qdrant vektordatenbank\">\n\t\t\t\t\t\t\t<div class=\"dpt-entry-wrapper\"><div class=\"dpt-featured-content\"><div class=\"dpt-permalink\"><a href=\"https:\/\/www.markus-schall.de\/fr\/2025\/08\/rag-avec-ollama-et-qdrant-comme-moteur-de-recherche-universel-pour-ses-propres-donnees\/\" class=\"dpt-permalink\"><span class=\"screen-reader-text\">RAG avec Ollama et Qdrant comme moteur de recherche universel pour ses propres donn\u00e9es<\/span><\/a><\/div><div class=\"dpt-thumbnail\"><div class=\"dpt-thumbnail-inner\"><img width=\"1920\" height=\"640\" class=\"attachment-full size-full\" alt=\"\u00c9tendre l&#039;IA locale aux bases de donn\u00e9es avec RAG, Ollama et Qdrant\" context=\"dpt\" data-dpt-src=\"https:\/\/www.markus-schall.de\/wp-content\/uploads\/lokale-ki-rag-ollama-qdrant.jpg\" data-dpt-sizes=\"(max-width: 1920px) 100vw, 1920px\" data-dpt-srcset=\"https:\/\/www.markus-schall.de\/wp-content\/uploads\/lokale-ki-rag-ollama-qdrant.jpg 1920w, https:\/\/www.markus-schall.de\/wp-content\/uploads\/lokale-ki-rag-ollama-qdrant-300x100.jpg 300w, https:\/\/www.markus-schall.de\/wp-content\/uploads\/lokale-ki-rag-ollama-qdrant-1024x341.jpg 1024w, https:\/\/www.markus-schall.de\/wp-content\/uploads\/lokale-ki-rag-ollama-qdrant-768x256.jpg 768w, https:\/\/www.markus-schall.de\/wp-content\/uploads\/lokale-ki-rag-ollama-qdrant-1536x512.jpg 1536w, https:\/\/www.markus-schall.de\/wp-content\/uploads\/lokale-ki-rag-ollama-qdrant-18x6.jpg 18w\" \/><\/div><span class=\"dpt-thumbnail-aspect-ratio\" style=\"padding-top: 75%\"><\/span><\/div><\/div><div class=\"sub-entry\"><h3 class=\"dpt-title\"><a class=\"dpt-title-link\" href=\"https:\/\/www.markus-schall.de\/fr\/2025\/08\/rag-avec-ollama-et-qdrant-comme-moteur-de-recherche-universel-pour-ses-propres-donnees\/\" rel=\"bookmark\">RAG avec Ollama et Qdrant comme moteur de recherche universel pour ses propres donn\u00e9es<\/a><\/h3><\/div><\/div>\n\t\t\t\t\t\t<\/div><!-- .dpt-entry -->\n\t\t\t\t\t\t\t\t\t\t\t\t<div class=\"dpt-entry has-thumbnail\" data-title=\"k\u00fcnstliche intelligenz ohne hype: warum weniger ki-tools oft bessere arbeit bedeuten\" data-id=\"4402\"  data-category=\"apple macos hardware ki-systeme tipps &amp; anleitungen\" data-post_tag=\"denkmodelle erfahrungen k\u00fcnstliche intelligenz llm mac mlx ollama prozesse sprachmodell\">\n\t\t\t\t\t\t\t<div class=\"dpt-entry-wrapper\"><div class=\"dpt-featured-content\"><div class=\"dpt-permalink\"><a href=\"https:\/\/www.markus-schall.de\/fr\/2026\/01\/lintelligence-artificielle-sans-hype-pourquoi-moins-doutils-ki-signifie-souvent-un-meilleur-travail\/\" class=\"dpt-permalink\"><span class=\"screen-reader-text\">L'intelligence artificielle sans hype : pourquoi moins d'outils d'IA signifie souvent un meilleur travail<\/span><\/a><\/div><div class=\"dpt-thumbnail\"><div class=\"dpt-thumbnail-inner\"><img width=\"1024\" height=\"683\" class=\"attachment-full size-full\" alt=\"L&#039;intelligence artificielle sans battage publicitaire\" context=\"dpt\" data-dpt-src=\"https:\/\/www.markus-schall.de\/wp-content\/uploads\/KI-ohne-Hype-Titel.jpg\" data-dpt-sizes=\"(max-width: 1024px) 100vw, 1024px\" data-dpt-srcset=\"https:\/\/www.markus-schall.de\/wp-content\/uploads\/KI-ohne-Hype-Titel.jpg 1024w, https:\/\/www.markus-schall.de\/wp-content\/uploads\/KI-ohne-Hype-Titel-300x200.jpg 300w, https:\/\/www.markus-schall.de\/wp-content\/uploads\/KI-ohne-Hype-Titel-768x512.jpg 768w, https:\/\/www.markus-schall.de\/wp-content\/uploads\/KI-ohne-Hype-Titel-18x12.jpg 18w\" \/><\/div><span class=\"dpt-thumbnail-aspect-ratio\" style=\"padding-top: 75%\"><\/span><\/div><\/div><div class=\"sub-entry\"><h3 class=\"dpt-title\"><a class=\"dpt-title-link\" href=\"https:\/\/www.markus-schall.de\/fr\/2026\/01\/lintelligence-artificielle-sans-hype-pourquoi-moins-doutils-ki-signifie-souvent-un-meilleur-travail\/\" rel=\"bookmark\">L'intelligence artificielle sans hype : pourquoi moins d'outils d'IA signifie souvent un meilleur travail<\/a><\/h3><\/div><\/div>\n\t\t\t\t\t\t<\/div><!-- .dpt-entry -->\n\t\t\t\t\t\t\t\t\t\t\t\t<div class=\"dpt-entry has-thumbnail\" data-title=\"vom content zur substanz: wie digitale systeme entstehen, die nicht kopierbar sind\" data-id=\"5899\"  data-category=\"allgemein b\u00fccher gesellschaft tipps &amp; anleitungen\" data-post_tag=\"buch datenlogik denkmodelle digitales eigentum erfahrungen k\u00fcnstliche intelligenz prozesse publishing ratgeber\">\n\t\t\t\t\t\t\t<div class=\"dpt-entry-wrapper\"><div class=\"dpt-featured-content\"><div class=\"dpt-permalink\"><a href=\"https:\/\/www.markus-schall.de\/fr\/2026\/04\/du-contenu-a-la-substance-comment-des-systemes-numeriques-qui-ne-peuvent-pas-etre-copies-sont-crees\/\" class=\"dpt-permalink\"><span class=\"screen-reader-text\">Du contenu \u00e0 la substance : comment des syst\u00e8mes num\u00e9riques qui ne peuvent pas \u00eatre copi\u00e9s voient le jour<\/span><\/a><\/div><div class=\"dpt-thumbnail\"><div class=\"dpt-thumbnail-inner\"><img width=\"1024\" height=\"682\" class=\"attachment-full size-full\" alt=\"Un syst\u00e8me plut\u00f4t qu&#039;un contenu unique\" context=\"dpt\" data-dpt-src=\"https:\/\/www.markus-schall.de\/wp-content\/uploads\/Organische-Reichweite.jpg\" data-dpt-sizes=\"(max-width: 1024px) 100vw, 1024px\" data-dpt-srcset=\"https:\/\/www.markus-schall.de\/wp-content\/uploads\/Organische-Reichweite.jpg 1024w, https:\/\/www.markus-schall.de\/wp-content\/uploads\/Organische-Reichweite-300x200.jpg 300w, https:\/\/www.markus-schall.de\/wp-content\/uploads\/Organische-Reichweite-768x512.jpg 768w, https:\/\/www.markus-schall.de\/wp-content\/uploads\/Organische-Reichweite-18x12.jpg 18w\" \/><\/div><span class=\"dpt-thumbnail-aspect-ratio\" style=\"padding-top: 75%\"><\/span><\/div><\/div><div class=\"sub-entry\"><h3 class=\"dpt-title\"><a class=\"dpt-title-link\" href=\"https:\/\/www.markus-schall.de\/fr\/2026\/04\/du-contenu-a-la-substance-comment-des-systemes-numeriques-qui-ne-peuvent-pas-etre-copies-sont-crees\/\" rel=\"bookmark\">Du contenu \u00e0 la substance : comment des syst\u00e8mes num\u00e9riques qui ne peuvent pas \u00eatre copi\u00e9s voient le jour<\/a><\/h3><\/div><\/div>\n\t\t\t\t\t\t<\/div><!-- .dpt-entry -->\n\t\t\t\t\t\t\n\t\t\t\t<\/div>\n\t\t\t\t\t\t<\/div>\n\t\t\t\n<hr \/>","protected":false},"excerpt":{"rendered":"<p>La Syrie n'est pas pour moi un pays d'actualit\u00e9s abstrait, un simple concept de crise issu des gros titres. Je suis ce pays - \u00e0 distance, mais de mani\u00e8re continue - depuis une vingtaine d'ann\u00e9es. Pas par activisme politique, mais par int\u00e9r\u00eat sinc\u00e8re. La Syrie a toujours \u00e9t\u00e9 pour moi un exemple montrant que le monde est plus compliqu\u00e9 que les simples r\u00e9cits du bien et du mal. Un pays en ... <a title=\"Du contenu \u00e0 la substance : comment des syst\u00e8mes num\u00e9riques qui ne peuvent pas \u00eatre copi\u00e9s voient le jour\" class=\"read-more\" href=\"https:\/\/www.markus-schall.de\/fr\/2026\/04\/du-contenu-a-la-substance-comment-des-systemes-numeriques-qui-ne-peuvent-pas-etre-copies-sont-crees\/\" aria-label=\"En savoir plus sur Du contenu \u00e0 la substance : comment naissent les syst\u00e8mes num\u00e9riques qui ne peuvent pas \u00eatre copi\u00e9s\">Lire la suite<\/a><\/p>","protected":false},"author":1,"featured_media":4643,"comment_status":"open","ping_status":"open","sticky":false,"template":"","format":"standard","meta":{"iawp_total_views":163,"footnotes":""},"categories":[1,466,472],"tags":[480,475,482,426,476,484],"class_list":["post-4628","post","type-post","status-publish","format-standard","has-post-thumbnail","hentry","category-allgemein","category-gesellschaft","category-kunst-kultur","tag-deutschland","tag-europa","tag-geopolitik","tag-krisen","tag-meinungsfreiheit","tag-sicherheitspolitik"],"_links":{"self":[{"href":"https:\/\/www.markus-schall.de\/fr\/wp-json\/wp\/v2\/posts\/4628","targetHints":{"allow":["GET"]}}],"collection":[{"href":"https:\/\/www.markus-schall.de\/fr\/wp-json\/wp\/v2\/posts"}],"about":[{"href":"https:\/\/www.markus-schall.de\/fr\/wp-json\/wp\/v2\/types\/post"}],"author":[{"embeddable":true,"href":"https:\/\/www.markus-schall.de\/fr\/wp-json\/wp\/v2\/users\/1"}],"replies":[{"embeddable":true,"href":"https:\/\/www.markus-schall.de\/fr\/wp-json\/wp\/v2\/comments?post=4628"}],"version-history":[{"count":26,"href":"https:\/\/www.markus-schall.de\/fr\/wp-json\/wp\/v2\/posts\/4628\/revisions"}],"predecessor-version":[{"id":5815,"href":"https:\/\/www.markus-schall.de\/fr\/wp-json\/wp\/v2\/posts\/4628\/revisions\/5815"}],"wp:featuredmedia":[{"embeddable":true,"href":"https:\/\/www.markus-schall.de\/fr\/wp-json\/wp\/v2\/media\/4643"}],"wp:attachment":[{"href":"https:\/\/www.markus-schall.de\/fr\/wp-json\/wp\/v2\/media?parent=4628"}],"wp:term":[{"taxonomy":"category","embeddable":true,"href":"https:\/\/www.markus-schall.de\/fr\/wp-json\/wp\/v2\/categories?post=4628"},{"taxonomy":"post_tag","embeddable":true,"href":"https:\/\/www.markus-schall.de\/fr\/wp-json\/wp\/v2\/tags?post=4628"}],"curies":[{"name":"wp","href":"https:\/\/api.w.org\/{rel}","templated":true}]}}