{"id":5212,"date":"2026-03-12T05:25:40","date_gmt":"2026-03-12T05:25:40","guid":{"rendered":"https:\/\/www.markus-schall.de\/?p=5212"},"modified":"2026-04-27T07:15:41","modified_gmt":"2026-04-27T07:15:41","slug":"le-conflit-iran-israel-pourquoi-cette-escalade-est-le-cauchemar-strategique-de-loccident","status":"publish","type":"post","link":"https:\/\/www.markus-schall.de\/fr\/2026\/03\/le-conflit-iran-israel-pourquoi-cette-escalade-est-le-cauchemar-strategique-de-loccident\/","title":{"rendered":"Le conflit Iran-Isra\u00ebl : pourquoi cette escalade est le cauchemar strat\u00e9gique de l'Occident"},"content":{"rendered":"<p>Il y a des moments dans l'histoire o\u00f9 l'on sent que quelque chose se d\u00e9place. Pas d'un coup, pas avec une seule d\u00e9cision, mais comme une ligne qui traverse lentement mais inexorablement la poussi\u00e8re des vieilles certitudes. Les jours qui viennent de s'\u00e9couler font partie de ces moments-l\u00e0. Je me suis longtemps demand\u00e9 si je devais vraiment \u00e9crire cet \u00e9ditorial - apr\u00e8s tout, je me suis d\u00e9j\u00e0 longuement pench\u00e9 sur l'Iran et j'ai clairement expliqu\u00e9 que l'on ne peut comprendre ce pays et ses structures de pouvoir que si l'on consid\u00e8re les lignes trac\u00e9es depuis des d\u00e9cennies. Mais ces lignes sont aujourd'hui \u00e0 nouveau visibles, plus clairement que jamais.<\/p>\n<p>Ce qui me met moi-m\u00eame la puce \u00e0 l'oreille, ce ne sont pas seulement les faits bruts : les frappes nocturnes, la surcharge du syst\u00e8me de d\u00e9fense antimissile isra\u00e9lien, la rh\u00e9torique des dirigeants politiques, le glissement croissant du pouvoir en arri\u00e8re-plan. C'est le sch\u00e9ma qui se cache derri\u00e8re - le sentiment qu'il s'agit d'un conflit qui entre dans une phase qui devient un cauchemar pour tout strat\u00e8ge. Et c'est pr\u00e9cis\u00e9ment pour cela que j'\u00e9cris cet article : parce que beaucoup voient la surface, mais que presque personne ne comprend ce qui se contracte en dessous.<!--more--><\/p>\n<p>Et parce que je pense que nous vivons une \u00e9poque o\u00f9 il faut r\u00e9apprendre, en tant que citoyen, \u00e0 penser avec les yeux ouverts. Pas dans la panique ou la soumission, mais avec lucidit\u00e9. C'est ce que j'essaie de faire avec cet article : Donner une orientation, sans enjoliver, et montrer pourquoi ce conflit a atteint une nouvelle qualit\u00e9 que l'Occident n'avait plus connue depuis longtemps sous cette forme.<\/p>\n<hr \/>\n\n\t\t\t<div class=\"display-post-types\">\n\n\t\t\t\t\t\t\t<style type=\"text\/css\">\n\t\t\t#dpt-wrapper-466 { --dpt-text-align: left;--dpt-image-crop: center;--dpt-border-radius: 5px;--dpt-h-gutter: 10px;--dpt-v-gutter: 9px; }\t\t\t<\/style>\n\t\t\t<style type=\"text\/css\">#dpt-wrapper-466 { --dpt-title-font-style:normal;--dpt-title-font-weight:600;--dpt-title-line-height:1.5;--dpt-title-text-decoration:none;--dpt-title-text-transform:none;--dpt-excerpt-font-style:normal;--dpt-excerpt-font-weight:400;--dpt-excerpt-line-height:1.5;--dpt-excerpt-text-decoration:none;--dpt-excerpt-text-transform:none;--dpt-meta1-font-style:normal;--dpt-meta1-font-weight:400;--dpt-meta1-line-height:1.9;--dpt-meta1-text-decoration:none;--dpt-meta1-text-transform:none;--dpt-meta2-font-style:normal;--dpt-meta2-font-weight:400;--dpt-meta2-line-height:1.9;--dpt-meta2-text-decoration:none;--dpt-meta2-text-transform:none; }<\/style><div class=\"dpt-main-header\">\n\t\t\t\t\t\t<div class=\"dpt-main-title\">\n\t\t\t\t\t\t\t<span class=\"dpt-main-title-text\">Derniers articles sur Art &amp; Culture<\/span>\n\t\t\t\t\t\t<\/div>\n\t\t\t\t\t\t\n\t\t\t\t\t\t\n\t\t\t\t\t\t\n\t\t\t\t\t\t<\/div>\t\t\t\n\t\t\t\t<div id=\"dpt-wrapper-466\" class=\"dpt-wrapper dpt-mag1 land1 dpt-cropped dpt-flex-wrap\" >\n\n\t\t\t\t\t\t\t\t\t\t\t<div class=\"dpt-entry has-thumbnail\" data-title=\"iran verstehen: alltag, proteste und interessen jenseits der schlagzeilen\" data-id=\"4462\"  data-category=\"allgemein gesellschaft kunst &amp; kultur\" data-post_tag=\"erfahrungen europa geopolitik krisen meinungsfreiheit sicherheitspolitik spieltheorie\">\n\t\t\t\t\t\t\t<div class=\"dpt-entry-wrapper\"><div class=\"dpt-featured-content\"><div class=\"dpt-permalink\"><a href=\"https:\/\/www.markus-schall.de\/fr\/2026\/01\/comprendre-liran-au-quotidien-protestations-et-interets-au-dela-des-gros-titres\/\" class=\"dpt-permalink\"><span class=\"screen-reader-text\">Comprendre l'Iran : Vie quotidienne, protestations et int\u00e9r\u00eats au-del\u00e0 des gros titres<\/span><\/a><\/div><div class=\"dpt-thumbnail\"><div class=\"dpt-thumbnail-inner\"><img width=\"1024\" height=\"683\" class=\"attachment-full size-full\" alt=\"Comprendre l&#039;Iran\" context=\"dpt\" data-dpt-src=\"https:\/\/www.markus-schall.de\/wp-content\/uploads\/Iran-Titel.jpg\" data-dpt-sizes=\"(max-width: 1024px) 100vw, 1024px\" data-dpt-srcset=\"https:\/\/www.markus-schall.de\/wp-content\/uploads\/Iran-Titel.jpg 1024w, https:\/\/www.markus-schall.de\/wp-content\/uploads\/Iran-Titel-300x200.jpg 300w, https:\/\/www.markus-schall.de\/wp-content\/uploads\/Iran-Titel-768x512.jpg 768w, https:\/\/www.markus-schall.de\/wp-content\/uploads\/Iran-Titel-18x12.jpg 18w\" \/><\/div><span class=\"dpt-thumbnail-aspect-ratio\" style=\"padding-top: 75%\"><\/span><\/div><\/div><div class=\"sub-entry\"><h3 class=\"dpt-title\"><a class=\"dpt-title-link\" href=\"https:\/\/www.markus-schall.de\/fr\/2026\/01\/comprendre-liran-au-quotidien-protestations-et-interets-au-dela-des-gros-titres\/\" rel=\"bookmark\">Comprendre l'Iran : Vie quotidienne, protestations et int\u00e9r\u00eats au-del\u00e0 des gros titres<\/a><\/h3><\/div><\/div>\n\t\t\t\t\t\t<\/div><!-- .dpt-entry -->\n\t\t\t\t\t\t\t\t\t\t\t\t<div class=\"dpt-entry has-thumbnail\" data-title=\"reichweite ist kein eigentum \u2013 warum sichtbarkeit heute nicht mehr ausreicht\" data-id=\"3994\"  data-category=\"allgemein featured filemaker &amp; erp gesellschaft kunst &amp; kultur\" data-post_tag=\"datenlogik datenschutz denkmodelle digitales eigentum erp-software\">\n\t\t\t\t\t\t\t<div class=\"dpt-entry-wrapper\"><div class=\"dpt-featured-content\"><div class=\"dpt-permalink\"><a href=\"https:\/\/www.markus-schall.de\/fr\/2025\/12\/la-portee-nest-pas-la-propriete-pourquoi-la-visibilite-ne-suffit-plus-aujourdhui\/\" class=\"dpt-permalink\"><span class=\"screen-reader-text\">La port\u00e9e n'est pas la propri\u00e9t\u00e9 - Pourquoi la visibilit\u00e9 ne suffit plus aujourd'hui<\/span><\/a><\/div><div class=\"dpt-thumbnail\"><div class=\"dpt-thumbnail-inner\"><img width=\"1024\" height=\"683\" class=\"attachment-full size-full\" alt=\"Port\u00e9e vs. propri\u00e9t\u00e9\" context=\"dpt\" data-dpt-src=\"https:\/\/www.markus-schall.de\/wp-content\/uploads\/reichweite-vs-eigentum.jpg\" data-dpt-sizes=\"(max-width: 1024px) 100vw, 1024px\" data-dpt-srcset=\"https:\/\/www.markus-schall.de\/wp-content\/uploads\/reichweite-vs-eigentum.jpg 1024w, https:\/\/www.markus-schall.de\/wp-content\/uploads\/reichweite-vs-eigentum-300x200.jpg 300w, https:\/\/www.markus-schall.de\/wp-content\/uploads\/reichweite-vs-eigentum-768x512.jpg 768w, https:\/\/www.markus-schall.de\/wp-content\/uploads\/reichweite-vs-eigentum-18x12.jpg 18w\" \/><\/div><span class=\"dpt-thumbnail-aspect-ratio\" style=\"padding-top: 75%\"><\/span><\/div><\/div><div class=\"sub-entry\"><h3 class=\"dpt-title\"><a class=\"dpt-title-link\" href=\"https:\/\/www.markus-schall.de\/fr\/2025\/12\/la-portee-nest-pas-la-propriete-pourquoi-la-visibilite-ne-suffit-plus-aujourdhui\/\" rel=\"bookmark\">La port\u00e9e n'est pas la propri\u00e9t\u00e9 - Pourquoi la visibilit\u00e9 ne suffit plus aujourd'hui<\/a><\/h3><\/div><\/div>\n\t\t\t\t\t\t<\/div><!-- .dpt-entry -->\n\t\t\t\t\t\t\t\t\t\t\t\t<div class=\"dpt-entry has-thumbnail\" data-title=\"dieter hallervorden \u2013 mehr als didi: portr\u00e4t eines unbequemen freigeists\" data-id=\"4347\"  data-category=\"gesellschaft kunst &amp; kultur stories &amp; humor\" data-post_tag=\"erfahrungen meinungsfreiheit musik portrait\">\n\t\t\t\t\t\t\t<div class=\"dpt-entry-wrapper\"><div class=\"dpt-featured-content\"><div class=\"dpt-permalink\"><a href=\"https:\/\/www.markus-schall.de\/fr\/2026\/01\/dieter-hallervorden-plus-que-didi-portrait-dun-libertaire-inconfortable\/\" class=\"dpt-permalink\"><span class=\"screen-reader-text\">Dieter Hallervorden - Plus de Didi : Portrait d'un esprit libre et inconfortable<\/span><\/a><\/div><div class=\"dpt-thumbnail\"><div class=\"dpt-thumbnail-inner\"><img width=\"1024\" height=\"683\" class=\"attachment-full size-full\" alt=\"Dieter Hallervorden et les W\u00fchlm\u00e4use \u00e0 Berlin\" context=\"dpt\" data-dpt-src=\"https:\/\/www.markus-schall.de\/wp-content\/uploads\/Dieter-Hallvervorden-Wuehlmaeuse.jpg\" data-dpt-sizes=\"(max-width: 1024px) 100vw, 1024px\" data-dpt-srcset=\"https:\/\/www.markus-schall.de\/wp-content\/uploads\/Dieter-Hallvervorden-Wuehlmaeuse.jpg 1024w, https:\/\/www.markus-schall.de\/wp-content\/uploads\/Dieter-Hallvervorden-Wuehlmaeuse-300x200.jpg 300w, https:\/\/www.markus-schall.de\/wp-content\/uploads\/Dieter-Hallvervorden-Wuehlmaeuse-768x512.jpg 768w, https:\/\/www.markus-schall.de\/wp-content\/uploads\/Dieter-Hallvervorden-Wuehlmaeuse-18x12.jpg 18w\" \/><\/div><span class=\"dpt-thumbnail-aspect-ratio\" style=\"padding-top: 75%\"><\/span><\/div><\/div><div class=\"sub-entry\"><h3 class=\"dpt-title\"><a class=\"dpt-title-link\" href=\"https:\/\/www.markus-schall.de\/fr\/2026\/01\/dieter-hallervorden-plus-que-didi-portrait-dun-libertaire-inconfortable\/\" rel=\"bookmark\">Dieter Hallervorden - Plus de Didi : Portrait d'un esprit libre et inconfortable<\/a><\/h3><\/div><\/div>\n\t\t\t\t\t\t<\/div><!-- .dpt-entry -->\n\t\t\t\t\t\t\t\t\t\t\t\t<div class=\"dpt-entry has-thumbnail\" data-title=\"gr\u00f6nland, trump und die frage der zugeh\u00f6rigkeit: geschichte, recht und realit\u00e4t\" data-id=\"4325\"  data-category=\"allgemein gesellschaft kunst &amp; kultur\" data-post_tag=\"europa geopolitik krisen meinungsfreiheit sicherheitspolitik spieltheorie\">\n\t\t\t\t\t\t\t<div class=\"dpt-entry-wrapper\"><div class=\"dpt-featured-content\"><div class=\"dpt-permalink\"><a href=\"https:\/\/www.markus-schall.de\/fr\/2026\/01\/groenland-trump-et-la-question-de-lappartenance-histoire-droit-et-realite\/\" class=\"dpt-permalink\"><span class=\"screen-reader-text\">Le Groenland, Trump et la question de l'appartenance : histoire, droit et r\u00e9alit\u00e9<\/span><\/a><\/div><div class=\"dpt-thumbnail\"><div class=\"dpt-thumbnail-inner\"><img width=\"1024\" height=\"683\" class=\"attachment-full size-full\" alt=\"Le Groenland dans la ligne de mire : les \u00c9tats-Unis et Trump\" context=\"dpt\" data-dpt-src=\"https:\/\/www.markus-schall.de\/wp-content\/uploads\/Groenland-USA-Trump-Titel.jpg\" data-dpt-sizes=\"(max-width: 1024px) 100vw, 1024px\" data-dpt-srcset=\"https:\/\/www.markus-schall.de\/wp-content\/uploads\/Groenland-USA-Trump-Titel.jpg 1024w, https:\/\/www.markus-schall.de\/wp-content\/uploads\/Groenland-USA-Trump-Titel-300x200.jpg 300w, https:\/\/www.markus-schall.de\/wp-content\/uploads\/Groenland-USA-Trump-Titel-768x512.jpg 768w, https:\/\/www.markus-schall.de\/wp-content\/uploads\/Groenland-USA-Trump-Titel-18x12.jpg 18w\" \/><\/div><span class=\"dpt-thumbnail-aspect-ratio\" style=\"padding-top: 75%\"><\/span><\/div><\/div><div class=\"sub-entry\"><h3 class=\"dpt-title\"><a class=\"dpt-title-link\" href=\"https:\/\/www.markus-schall.de\/fr\/2026\/01\/groenland-trump-et-la-question-de-lappartenance-histoire-droit-et-realite\/\" rel=\"bookmark\">Le Groenland, Trump et la question de l'appartenance : histoire, droit et r\u00e9alit\u00e9<\/a><\/h3><\/div><\/div>\n\t\t\t\t\t\t<\/div><!-- .dpt-entry -->\n\t\t\t\t\t\t\n\t\t\t\t<\/div>\n\t\t\t\t\t\t<\/div>\n\t\t\t\n<hr \/>\n<h2>Derni\u00e8res nouvelles sur le conflit isra\u00e9lo-iranien<\/h2>\n<p><strong>13.04.2026<\/strong>Apr\u00e8s l'\u00e9chec des n\u00e9gociations entre les Etats-Unis et l'Iran, le pr\u00e9sident am\u00e9ricain Donald Trump a ordonn\u00e9 un blocus maritime dans le d\u00e9troit d'Ormuz. L'objectif de cette mesure est notamment d'emp\u00eacher les exportations de p\u00e9trole iranien et d'augmenter ainsi consid\u00e9rablement la pression \u00e9conomique sur T\u00e9h\u00e9ran. Ce sont surtout les navires qui font escale dans les ports iraniens ou qui en proviennent qui sont concern\u00e9s, tandis que les transports d'autres pays du Golfe ne doivent officiellement pas \u00eatre stopp\u00e9s. Dans le m\u00eame temps, les Etats-Unis ont annonc\u00e9 qu'ils allaient \u00e9liminer les mines marines iraniennes et, si n\u00e9cessaire, agir militairement contre les menaces. Le site <a href=\"https:\/\/www.tagesschau.de\/ausland\/asien\/seeblockade-persischer-golf-strasse-hormus-usa-iran-100.html\" target=\"_blank\" rel=\"noopener\"><strong>Journal t\u00e9l\u00e9vis\u00e9<\/strong><\/a> explique dans un article pourquoi ce blocus maritime n'est pas sans risque.<\/p>\n<div class=\"lyte-wrapper\" style=\"width:640px;max-width:100%;margin:5px;\"><div class=\"lyMe\" id=\"WYL_J65_3WCdiGg\"><div id=\"lyte_J65_3WCdiGg\" data-src=\"https:\/\/www.markus-schall.de\/wp-content\/plugins\/wp-youtube-lyte\/lyteCache.php?origThumbUrl=%2F%2Fi.ytimg.com%2Fvi%2FJ65_3WCdiGg%2Fhqdefault.jpg\" class=\"pL\"><div class=\"tC\"><div class=\"tT\"><\/div><\/div><div class=\"play\"><\/div><div class=\"ctrl\"><div class=\"Lctrl\"><\/div><div class=\"Rctrl\"><\/div><\/div><\/div><noscript><a href=\"https:\/\/youtu.be\/J65_3WCdiGg\" rel=\"nofollow noopener\" target=\"_blank\"><img loading=\"lazy\" decoding=\"async\" src=\"https:\/\/www.markus-schall.de\/wp-content\/plugins\/wp-youtube-lyte\/lyteCache.php?origThumbUrl=https%3A%2F%2Fi.ytimg.com%2Fvi%2FJ65_3WCdiGg%2F0.jpg\" alt=\"Vignette de la vid\u00e9o YouTube\" width=\"640\" height=\"340\" \/><br \/>Lire cette vid\u00e9o sur YouTube<\/a><\/noscript><\/div><\/div><div class=\"lL\" style=\"max-width:100%;width:640px;margin:5px;\"><\/div><br \/>\nD\u00e9troit d'Ormuz : pourquoi Trump fait d\u00e9sormais bloquer le d\u00e9troit | <a href=\"https:\/\/www.youtube.com\/@ZDFheute\" target=\"_blank\" rel=\"nofollow noopener\">ZDFheute Nachrichten<\/a><\/p>\n<p>Le d\u00e9troit d'Ormuz est l'une des routes \u00e9nerg\u00e9tiques les plus importantes du monde, par laquelle transite environ un cinqui\u00e8me du commerce mondial du p\u00e9trole. Les cons\u00e9quences potentielles sont donc importantes : Peu de temps apr\u00e8s l'annonce, les prix du p\u00e9trole ont nettement augment\u00e9 et de nombreux navires marchands sont bloqu\u00e9s dans le golfe Persique. Les observateurs mettent en garde contre une nouvelle escalade, car l'Iran a annonc\u00e9 des mesures de r\u00e9torsion et la situation est de plus en plus tendue sur le plan militaire et \u00e9conomique.<\/p>\n<p><strong>12.04.2026<\/strong>Les pourparlers de paix entre les Etats-Unis et l'Iran se sont achev\u00e9s sans r\u00e9sultat apr\u00e8s environ 21 heures de n\u00e9gociations au Pakistan. Le vice-pr\u00e9sident am\u00e9ricain J. D. Vance a expliqu\u00e9 que le refus de T\u00e9h\u00e9ran de renoncer de mani\u00e8re contraignante \u00e0 un programme d'armes nucl\u00e9aires avait notamment emp\u00each\u00e9 une perc\u00e9e. Dans le m\u00eame temps, la partie iranienne a clairement indiqu\u00e9 que les exigences am\u00e9ricaines \u00e9taient consid\u00e9r\u00e9es comme trop larges et que des divergences fondamentales subsistaient. Ci-dessous, un r\u00e9sum\u00e9 en direct de ZDFheute :<\/p>\n<div class=\"lyte-wrapper\" style=\"width:640px;max-width:100%;margin:5px;\"><div class=\"lyMe\" id=\"WYL_rcQiDYNZR78\"><div id=\"lyte_rcQiDYNZR78\" data-src=\"https:\/\/www.markus-schall.de\/wp-content\/plugins\/wp-youtube-lyte\/lyteCache.php?origThumbUrl=%2F%2Fi.ytimg.com%2Fvi%2FrcQiDYNZR78%2Fhqdefault.jpg\" class=\"pL\"><div class=\"tC\"><div class=\"tT\"><\/div><\/div><div class=\"play\"><\/div><div class=\"ctrl\"><div class=\"Lctrl\"><\/div><div class=\"Rctrl\"><\/div><\/div><\/div><noscript><a href=\"https:\/\/youtu.be\/rcQiDYNZR78\" rel=\"nofollow noopener\" target=\"_blank\"><img loading=\"lazy\" decoding=\"async\" src=\"https:\/\/www.markus-schall.de\/wp-content\/plugins\/wp-youtube-lyte\/lyteCache.php?origThumbUrl=https%3A%2F%2Fi.ytimg.com%2Fvi%2FrcQiDYNZR78%2F0.jpg\" alt=\"Vignette de la vid\u00e9o YouTube\" width=\"640\" height=\"340\" \/><br \/>Lire cette vid\u00e9o sur YouTube<\/a><\/noscript><\/div><\/div><div class=\"lL\" style=\"max-width:100%;width:640px;margin:5px;\"><\/div><br \/>\nVance : Pas d'accord, l'Iran critique les Etats-Unis, le d\u00e9troit d'Ormuz toujours bloqu\u00e9 | <a href=\"https:\/\/www.youtube.com\/@ZDFheute\" target=\"_blank\" rel=\"nofollow noopener\">ZDFheute en direct<\/a><\/p>\n<p>Les discussions \u00e9taient consid\u00e9r\u00e9es comme le premier \u00e9change direct \u00e0 ce niveau depuis des ann\u00e9es et se sont d\u00e9roul\u00e9es dans le contexte d'un cessez-le-feu fragile. Avec cet \u00e9chec provisoire, la question de savoir si la diplomatie est viable dans ces conditions - ou si le conflit va continuer \u00e0 s'envenimer - est \u00e0 nouveau au centre de l'attention. Sur <a href=\"https:\/\/www.markus-schall.de\/fr\/2026\/03\/qui-est-j-d-vance-un-portrait-de-ses-origines-sa-carriere-ses-contradictions-et-son-avenir\/\"><strong>Portrait-article de J. D. Vance<\/strong><\/a> son arriv\u00e9e au Pakistan pour ces entretiens a \u00e9t\u00e9 abord\u00e9e.<\/p>\n<p><strong>10.04.2026<\/strong>: Une interview de l'ancien g\u00e9n\u00e9ral Roland Kather soul\u00e8ve une question centrale sur le conflit actuel en Iran :<\/p>\n<blockquote><p><em>Qu'y a-t-il de mieux apr\u00e8s cette guerre qu'avant ?<\/em><\/p><\/blockquote>\n<p>Kather arrive \u00e0 une \u00e9valuation d\u00e9cevante. Selon lui, les objectifs strat\u00e9giques n'ont pas \u00e9t\u00e9 atteints et la situation ne s'est pas stabilis\u00e9e durablement. Au contraire : l'Iran reste capable d'agir militairement, continue de produire des drones et dispose de missiles, alors que le d\u00e9troit d'Ormuz est bloqu\u00e9 et que le cessez-le-feu est consid\u00e9r\u00e9 comme fragile. Kather ne voit pas non plus de progr\u00e8s sur le plan g\u00e9opolitique - d'autres acteurs comme la Russie pourraient plut\u00f4t en profiter indirectement.<\/p>\n<div class=\"lyte-wrapper\" style=\"width:640px;max-width:100%;margin:5px;\"><div class=\"lyMe\" id=\"WYL_Izh-_xFQJ5E\"><div id=\"lyte_Izh-_xFQJ5E\" data-src=\"https:\/\/www.markus-schall.de\/wp-content\/plugins\/wp-youtube-lyte\/lyteCache.php?origThumbUrl=%2F%2Fi.ytimg.com%2Fvi%2FIzh-_xFQJ5E%2Fhqdefault.jpg\" class=\"pL\"><div class=\"tC\"><div class=\"tT\"><\/div><\/div><div class=\"play\"><\/div><div class=\"ctrl\"><div class=\"Lctrl\"><\/div><div class=\"Rctrl\"><\/div><\/div><\/div><noscript><a href=\"https:\/\/youtu.be\/Izh-_xFQJ5E\" rel=\"nofollow noopener\" target=\"_blank\"><img loading=\"lazy\" decoding=\"async\" src=\"https:\/\/www.markus-schall.de\/wp-content\/plugins\/wp-youtube-lyte\/lyteCache.php?origThumbUrl=https%3A%2F%2Fi.ytimg.com%2Fvi%2FIzh-_xFQJ5E%2F0.jpg\" alt=\"Vignette de la vid\u00e9o YouTube\" width=\"640\" height=\"340\" \/><br \/>Lire cette vid\u00e9o sur YouTube<\/a><\/noscript><\/div><\/div><div class=\"lL\" style=\"max-width:100%;width:640px;margin:5px;\"><\/div><br \/>\nGUERRE D'IRAN : \u201eC'est l'une des erreurs classiques commises par les Etats-Unis\u201c ! Le r\u00e8glement de comptes de Kather | <a href=\"https:\/\/www.youtube.com\/@WELTVideoTV\" target=\"_blank\" rel=\"nofollow noopener\">Cha\u00eene d'information WELT<\/a><\/p>\n<p>Son analyse soul\u00e8ve ainsi une question fondamentale qui a \u00e9galement une signification au-del\u00e0 de ce conflit : L'intervention militaire conduit-elle r\u00e9ellement \u00e0 une am\u00e9lioration de la situation de d\u00e9part - ou ne fait-elle que consolider les probl\u00e8mes existants ? C'est pr\u00e9cis\u00e9ment cette r\u00e9flexion qui prend de nouveau de l'importance au vu des d\u00e9veloppements actuels.<\/p>\n<p><strong>09.04.2026<\/strong>: Les critiques internationales sur les r\u00e9centes<a href=\"https:\/\/www.reuters.com\/world\/middle-east\/un-condemns-israeli-strikes-lebanon-calls-casualty-reports-appalling-2026-04-08\/\" target=\"_blank\" rel=\"noopener\"><strong> attaques isra\u00e9liennes au Liban malgr\u00e9 le cessez-le-feu convenu<\/strong><\/a> est en nette augmentation. Selon les Nations unies, les frappes a\u00e9riennes ont \u00e9t\u00e9 qualifi\u00e9es de \u201ebouleversantes\u201c et le nombre \u00e9lev\u00e9 de victimes civiles d\u201e\u201cinacceptable\", tandis que des enqu\u00eates ind\u00e9pendantes sur d'\u00e9ventuelles violations du droit international sont demand\u00e9es.<\/p>\n<p>Parall\u00e8lement, le ton monte aussi en Europe : le Premier ministre espagnol <a href=\"https:\/\/x.com\/sanchezcastejon\/status\/2041934569503346697\" target=\"_blank\" rel=\"nofollow noopener\"><strong>Pedro S\u00e1nchez a condamn\u00e9<\/strong><\/a> a vivement critiqu\u00e9 ces attaques, parlant d'un traitement \u201eintol\u00e9rable\u201c de la vie humaine et du droit international. Dans une d\u00e9claration publique, il a demand\u00e9 d'inclure explicitement le Liban dans un cessez-le-feu, de condamner les attaques au niveau international et de suspendre l'accord d'association de l'UE avec Isra\u00ebl. Dans l'ensemble, cela montre un front diplomatique croissant contre l'extension du conflit, notamment en ce qui concerne les cons\u00e9quences humanitaires et le risque d'une nouvelle escalade r\u00e9gionale.<\/p>\n<p><strong>08.04.2026<\/strong>La situation dans le conflit iranien s'est d\u00e9samorc\u00e9e \u00e0 la derni\u00e8re minute, \u00e0 la surprise g\u00e9n\u00e9rale : 90 minutes seulement avant l'expiration de l'ultimatum fix\u00e9 par le pr\u00e9sident am\u00e9ricain Donald Trump, les Etats-Unis et l'Iran se sont mis d'accord sur un programme d'armement. <a href=\"https:\/\/www.sueddeutsche.de\/politik\/die-lage-im-ueberblick-usa-und-iran-einigen-sich-auf-eine-waffenruhe-dpa.urn-newsml-dpa-com-20090101-260407-930-916831\" target=\"_blank\" rel=\"noopener\"><strong>un cessez-le-feu initial de deux semaines<\/strong><\/a>. Une action militaire imminente et de grande envergure a ainsi \u00e9t\u00e9 \u00e9vit\u00e9e pour le moment, alors que des menaces drastiques avaient \u00e9t\u00e9 prof\u00e9r\u00e9es auparavant. Cette volte-face semble avoir \u00e9t\u00e9 d\u00e9clench\u00e9e par une initiative de m\u00e9diation diplomatique, notamment du Pakistan, qui a incit\u00e9 les deux parties \u00e0 entamer des discussions. L'accord pr\u00e9voit notamment l'ouverture temporaire du d\u00e9troit strat\u00e9gique d'Ormuz, ce qui a imm\u00e9diatement eu des effets positifs sur les prix du p\u00e9trole et les march\u00e9s financiers. La situation reste toutefois fragile : le cessez-le-feu est consid\u00e9r\u00e9 comme temporaire et soumis \u00e0 conditions, tandis que d'autres n\u00e9gociations en vue d'une solution durable doivent encore \u00eatre entam\u00e9es.<\/p>\n<p><strong>07.04.2026<\/strong>L'escalade dans le conflit iranien atteint un nouveau niveau rh\u00e9torique : selon un r\u00e9cent liveblog du S\u00fcddeutsche Zeitung, le pr\u00e9sident am\u00e9ricain Donald Trump menace ouvertement les dirigeants iraniens de la destruction totale du pays s'ils ne r\u00e9pondent pas \u00e0 ses exigences. Litt\u00e9ralement, Trump a annonc\u00e9 que <a href=\"https:\/\/www.sueddeutsche.de\/politik\/iran-krieg-liveblog-news-oelkrise-iea-birol-li.3458356\" target=\"_blank\" rel=\"noopener\"><em><strong>\u201ece soir, une civilisation enti\u00e8re va mourir\u201c<\/strong><\/em><\/a> si aucun accord n'\u00e9tait conclu. Dans le m\u00eame temps, il met T\u00e9h\u00e9ran sous pression, notamment en ce qui concerne le blocus du d\u00e9troit d'Ormuz. Parall\u00e8lement, les menaces militaires se concr\u00e9tisent : En quelques heures, des infrastructures centrales telles que des centrales \u00e9lectriques et des ponts pourraient \u00eatre enti\u00e8rement d\u00e9truites.<\/p>\n<p><a href=\"https:\/\/truthsocial.com\/@realDonaldTrump\/posts\/116363336033995961\" target=\"_blank\" rel=\"noopener\"><img loading=\"lazy\" decoding=\"async\" class=\"alignnone wp-image-5645\" src=\"https:\/\/www.markus-schall.de\/wp-content\/uploads\/Donald-Trump-Iran-Civilization.jpg\" alt=\"\" width=\"528\" height=\"307\" srcset=\"https:\/\/www.markus-schall.de\/wp-content\/uploads\/Donald-Trump-Iran-Civilization.jpg 1056w, https:\/\/www.markus-schall.de\/wp-content\/uploads\/Donald-Trump-Iran-Civilization-300x174.jpg 300w, https:\/\/www.markus-schall.de\/wp-content\/uploads\/Donald-Trump-Iran-Civilization-1024x595.jpg 1024w, https:\/\/www.markus-schall.de\/wp-content\/uploads\/Donald-Trump-Iran-Civilization-768x447.jpg 768w, https:\/\/www.markus-schall.de\/wp-content\/uploads\/Donald-Trump-Iran-Civilization-18x10.jpg 18w\" sizes=\"auto, (max-width: 528px) 100vw, 528px\" \/><\/a><\/p>\n<p>Les observateurs internationaux r\u00e9agissent de mani\u00e8re alarmante et mettent en garde contre une nouvelle escalade qui pourrait s'\u00e9tendre bien au-del\u00e0 du Proche-Orient. La crise \u00e9nerg\u00e9tique s'aggrave elle aussi d\u00e9j\u00e0 consid\u00e9rablement. Dans l'ensemble, l'impression qui se d\u00e9gage est celle d'une dynamique \u00e0 haut risque, dans laquelle les ultimatums politiques et les options militaires sont \u00e9troitement li\u00e9s.<\/p>\n<div class=\"lyte-wrapper\" style=\"width:640px;max-width:100%;margin:5px;\"><div class=\"lyMe\" id=\"WYL_guEVPUmLHro\"><div id=\"lyte_guEVPUmLHro\" data-src=\"https:\/\/www.markus-schall.de\/wp-content\/plugins\/wp-youtube-lyte\/lyteCache.php?origThumbUrl=%2F%2Fi.ytimg.com%2Fvi%2FguEVPUmLHro%2Fhqdefault.jpg\" class=\"pL\"><div class=\"tC\"><div class=\"tT\"><\/div><\/div><div class=\"play\"><\/div><div class=\"ctrl\"><div class=\"Lctrl\"><\/div><div class=\"Rctrl\"><\/div><\/div><\/div><noscript><a href=\"https:\/\/youtu.be\/guEVPUmLHro\" rel=\"nofollow noopener\" target=\"_blank\"><img loading=\"lazy\" decoding=\"async\" src=\"https:\/\/www.markus-schall.de\/wp-content\/plugins\/wp-youtube-lyte\/lyteCache.php?origThumbUrl=https%3A%2F%2Fi.ytimg.com%2Fvi%2FguEVPUmLHro%2F0.jpg\" alt=\"Vignette de la vid\u00e9o YouTube\" width=\"640\" height=\"340\" \/><br \/>Lire cette vid\u00e9o sur YouTube<\/a><\/noscript><\/div><\/div><div class=\"lL\" style=\"max-width:100%;width:640px;margin:5px;\"><\/div><br \/>\nTrump r\u00e9affirme l'ultimatum \u00e0 l'Iran et menace de le d\u00e9truire | <a href=\"https:\/\/www.youtube.com\/@faz\" target=\"_blank\" rel=\"nofollow noopener\">faz<\/a><\/p>\n<p><strong>04.04.2026<\/strong>L'Allemagne pourrait jouer un r\u00f4le bien plus important qu'il n'y para\u00eet dans le conflit actuel avec l'Iran. <a href=\"https:\/\/www.t-online.de\/nachrichten\/deutschland\/militaer-verteidigung\/id_101196894\/iran-krieg-deutschland-koennte-trumps-krieg-empfindlich-stoeren.html\" target=\"_blank\" rel=\"noopener\"><strong>Un rapport montre<\/strong><\/a>, Le rapport indique que les infrastructures militaires centrales sur le sol allemand, dont les principales bases am\u00e9ricaines comme Ramstein, jouent un r\u00f4le d\u00e9cisif dans les op\u00e9rations am\u00e9ricaines au Proche-Orient. Sans le soutien logistique, le traitement des donn\u00e9es et la coordination via ces installations, de nombreuses op\u00e9rations seraient nettement plus difficiles \u00e0 mettre en \u0153uvre. En m\u00eame temps, il en r\u00e9sulte un champ de tensions politiques : si le gouvernement f\u00e9d\u00e9ral devait restreindre l'utilisation de cette infrastructure, il pourrait influencer consid\u00e9rablement la marge de man\u0153uvre des \u00c9tats-Unis. Jusqu'\u00e0 pr\u00e9sent, l'Allemagne se tient officiellement \u00e0 l'\u00e9cart et renvoie aux obligations de l'alliance, mais juridiquement et politiquement, une intervention serait au moins envisageable. L'Allemagne se retrouve ainsi davantage au c\u0153ur de la dynamique g\u00e9opolitique que le d\u00e9bat public ne le laissait supposer jusqu'\u00e0 pr\u00e9sent. Le conflit montre ainsi une fois de plus \u00e0 quel point l'infrastructure militaire, les d\u00e9cisions politiques et les d\u00e9pendances internationales sont \u00e9troitement li\u00e9es.<\/p>\n<div class=\"lyte-wrapper\" style=\"width:640px;max-width:100%;margin:5px;\"><div class=\"lyMe\" id=\"WYL_dAIHCKGsolw\"><div id=\"lyte_dAIHCKGsolw\" data-src=\"https:\/\/www.markus-schall.de\/wp-content\/plugins\/wp-youtube-lyte\/lyteCache.php?origThumbUrl=%2F%2Fi.ytimg.com%2Fvi%2FdAIHCKGsolw%2Fhqdefault.jpg\" class=\"pL\"><div class=\"tC\"><div class=\"tT\"><\/div><\/div><div class=\"play\"><\/div><div class=\"ctrl\"><div class=\"Lctrl\"><\/div><div class=\"Rctrl\"><\/div><\/div><\/div><noscript><a href=\"https:\/\/youtu.be\/dAIHCKGsolw\" rel=\"nofollow noopener\" target=\"_blank\"><img loading=\"lazy\" decoding=\"async\" src=\"https:\/\/www.markus-schall.de\/wp-content\/plugins\/wp-youtube-lyte\/lyteCache.php?origThumbUrl=https%3A%2F%2Fi.ytimg.com%2Fvi%2FdAIHCKGsolw%2F0.jpg\" alt=\"Vignette de la vid\u00e9o YouTube\" width=\"640\" height=\"340\" \/><br \/>Lire cette vid\u00e9o sur YouTube<\/a><\/noscript><\/div><\/div><div class=\"lL\" style=\"max-width:100%;width:640px;margin:5px;\"><\/div><br \/>\nLa base a\u00e9rienne de Ramstein : Quel est le r\u00f4le de l'Allemagne dans la guerre am\u00e9ricaine contre l'Iran ? | <a href=\"https:\/\/www.youtube.com\/@dwnews\" target=\"_blank\" rel=\"nofollow noopener\">Nouvelles de DW<\/a><\/p>\n<p>Cette vid\u00e9o met en lumi\u00e8re le r\u00f4le de la base a\u00e9rienne am\u00e9ricaine de Ramstein dans le conflit iranien actuel et montre \u00e0 quel point l'Allemagne est centrale pour les op\u00e9rations militaires am\u00e9ricaines au Proche-Orient. C'est depuis Ramstein que les interventions sont coordonn\u00e9es, les donn\u00e9es trait\u00e9es et les processus logistiques g\u00e9r\u00e9s. Parall\u00e8lement, il appara\u00eet clairement que la pr\u00e9sence des forces arm\u00e9es am\u00e9ricaines est importante pour la r\u00e9gion sur le plan \u00e9conomique, alors qu'elle reste de plus en plus controvers\u00e9e sur le plan politique. Des experts \u00e9valuent l'importance strat\u00e9gique de la base pour l'OTAN et les Etats-Unis - et les questions qui en d\u00e9coulent pour l'Allemagne.<\/p>\n<hr \/>\n<h2>La nuit de l'impact en mars 2026<\/h2>\n<p>Si tu regardes ce qui s'est abattu sur Isra\u00ebl ces derni\u00e8res nuits, tu constates imm\u00e9diatement qu'un conflit a d\u00e9pass\u00e9 les limites des routines habituelles. Le Proche-Orient est une poudri\u00e8re depuis des d\u00e9cennies, mais cette intensit\u00e9, cette masse pure de projectiles qui s'abattent \u00e0 intervalles rapproch\u00e9s sur le territoire isra\u00e9lien, c'est autre chose. C'est comme si tout un syst\u00e8me d'architecture s\u00e9curitaire s'\u00e9tait soudainement mis \u00e0 b\u00e9gayer.<\/p>\n<p>Et ce qui est particuli\u00e8rement remarquable, c'est que le fameux D\u00f4me de fer, presque mythifi\u00e9 dans les actualit\u00e9s occidentales, \u00e9tait \u00e0 peine visible durant ces heures. Peu de missiles intercepteurs, \u00e0 peine quelques traces lumineuses, mais d'autant plus d'impacts. Lorsqu'un syst\u00e8me de d\u00e9fense, consid\u00e9r\u00e9 pendant des ann\u00e9es comme quasiment infaillible, semble soudain d\u00e9pass\u00e9, ce n'est pas seulement un d\u00e9tail militaire - c'est un signal g\u00e9opolitique.<\/p>\n<p>On ne voit pas ces images - crues, non trait\u00e9es, brutes - au journal t\u00e9l\u00e9vis\u00e9. Mais elles marquent le sentiment de puissance d'un pays. Et elles marquent aussi le sentiment de ceux qui regardent. C'est le genre d'images qui d\u00e9stabilise des soci\u00e9t\u00e9s enti\u00e8res. Non pas parce qu'elles sont nouvelles, mais parce qu'elles ont \u00e9t\u00e9 longtemps refoul\u00e9es.<\/p>\n<h3>Ce qui rend cette escalade si dangereuse<\/h3>\n<p>Bien s\u00fbr, il y a d\u00e9j\u00e0 eu des violences entre Isra\u00ebl et l'Iran ou les groupes contr\u00f4l\u00e9s par l'Iran. Ce n'est pas nouveau. Mais ce qui est diff\u00e9rent aujourd'hui, c'est la combinaison de trois facteurs :<\/p>\n<ol>\n<li><strong>L'Iran teste d\u00e9lib\u00e9r\u00e9ment les limites de la r\u00e9sistance d'Isra\u00ebl<\/strong>. Pas de mani\u00e8re ponctuelle, mais strat\u00e9gique, sur des semaines et des mois.<\/li>\n<li><strong>Isra\u00ebl est en crise sur le plan int\u00e9rieur<\/strong>. Une soci\u00e9t\u00e9 divis\u00e9e r\u00e9agit de mani\u00e8re de plus en plus impr\u00e9visible aux menaces ext\u00e9rieures.<\/li>\n<li><strong>Les m\u00e9canismes de protection internationaux sont plus faibles que jamais<\/strong>. Les Etats-Unis sont certes pr\u00e9sents militairement, mais paralys\u00e9s politiquement. L'Europe est distraite et de toute fa\u00e7on impuissante. La Chine et la Russie poursuivent leurs propres agendas.<\/li>\n<\/ol>\n<p>Si tu mets ces trois points ensemble, tu r\u00e9alises la profondeur du probl\u00e8me : ce conflit n'est pas simplement une dispute entre deux \u00c9tats. Il s'agit d'un n\u0153ud de changements de pouvoir au niveau mondial.<\/p>\n<h3>Pourquoi les rapports habituels \u00e9chouent<\/h3>\n<p>Dans nos m\u00e9dias, ce conflit appara\u00eet souvent comme un affrontement lointain, peut-\u00eatre tragique, mais en quelque sorte \u201econtr\u00f4l\u00e9\u201c. Un morceau de journal t\u00e9l\u00e9vis\u00e9 du soir, nich\u00e9 entre les rapports \u00e9conomiques et la carte m\u00e9t\u00e9o. Les images dramatiques qui circulent sur les r\u00e9seaux sociaux n'y apparaissent pas. Les impacts dans la nuit, les secousses, l'\u00e9chec visible des d\u00e9fenses - tout cela est adouci.<\/p>\n<ul>\n<li>Peut-\u00eatre parce qu'on ne veut pas cr\u00e9er de panique.<\/li>\n<li>Peut-\u00eatre parce qu'on pense que la population n'est pas assez r\u00e9siliente.<\/li>\n<li>Mais peut-\u00eatre aussi parce que l'on sous-estime soi-m\u00eame la gravit\u00e9 de la situation.<\/li>\n<\/ul>\n<p>Le manque d'informations n'est pas un hasard. Elle constitue un risque. Car les soci\u00e9t\u00e9s qui sont inform\u00e9es sans base r\u00e9aliste prennent instinctivement de mauvaises d\u00e9cisions politiques. Et c'est exactement ce \u00e0 quoi nous assistons actuellement : un malaise croissant, sans les outils pour le comprendre.<\/p>\n<h3>Une attaque nocturne qui rend la vuln\u00e9rabilit\u00e9 visible<\/h3>\n<p>Cette vid\u00e9o montre de mani\u00e8re impressionnante \u00e0 quel point la situation peut s'aggraver brutalement au Proche-Orient. Les tirs massifs de roquettes sur Tel Aviv, accompagn\u00e9s de sir\u00e8nes hurlantes et d'explosions dans le ciel, mettent en \u00e9vidence la vuln\u00e9rabilit\u00e9 strat\u00e9gique de la r\u00e9gion. Si une partie des attaques a \u00e9t\u00e9 intercept\u00e9e, suffisamment de projectiles ont n\u00e9anmoins atteint la zone urbaine pour faire des bless\u00e9s et des d\u00e9g\u00e2ts consid\u00e9rables.<\/p>\n<div class=\"lyte-wrapper\" style=\"width:640px;max-width:100%;margin:5px;\"><div class=\"lyMe\" id=\"WYL_rIeSkaYaPzA\"><div id=\"lyte_rIeSkaYaPzA\" data-src=\"https:\/\/www.markus-schall.de\/wp-content\/plugins\/wp-youtube-lyte\/lyteCache.php?origThumbUrl=%2F%2Fi.ytimg.com%2Fvi%2FrIeSkaYaPzA%2Fhqdefault.jpg\" class=\"pL\"><div class=\"tC\"><div class=\"tT\"><\/div><\/div><div class=\"play\"><\/div><div class=\"ctrl\"><div class=\"Lctrl\"><\/div><div class=\"Rctrl\"><\/div><\/div><\/div><noscript><a href=\"https:\/\/youtu.be\/rIeSkaYaPzA\" rel=\"nofollow noopener\" target=\"_blank\"><img loading=\"lazy\" decoding=\"async\" src=\"https:\/\/www.markus-schall.de\/wp-content\/plugins\/wp-youtube-lyte\/lyteCache.php?origThumbUrl=https%3A%2F%2Fi.ytimg.com%2Fvi%2FrIeSkaYaPzA%2F0.jpg\" alt=\"Vignette de la vid\u00e9o YouTube\" width=\"640\" height=\"340\" \/><br \/>Lire cette vid\u00e9o sur YouTube<\/a><\/noscript><\/div><\/div><div class=\"lL\" style=\"max-width:100%;width:640px;margin:5px;\"><\/div><br \/>\nUne gr\u00eale de missiles iraniens secoue Tel Aviv, sir\u00e8nes et explosions | <a href=\"https:\/\/www.youtube.com\/@tribuntimur\" target=\"_blank\" rel=\"nofollow noopener\">Tribun Timur<\/a><\/p>\n<p>Dans la vid\u00e9o, les m\u00eames sc\u00e8nes sont r\u00e9p\u00e9t\u00e9es plusieurs fois. Cela ne vaut donc pas forc\u00e9ment la peine de regarder la vid\u00e9o dans son int\u00e9gralit\u00e9, mais une partie de celle-ci donne une id\u00e9e de la situation sur place. En quelques minutes, des millions de personnes ont pu constater \u00e0 quel point la ligne de s\u00e9curit\u00e9 \u00e9tait devenue t\u00e9nue. C'est pr\u00e9cis\u00e9ment ce m\u00e9lange de d\u00e9passement technique et de pression politique qui d\u00e9crit la logique d'escalade de notre \u00e9poque.<\/p>\n<h3>Le retour de l'histoire<\/h3>\n<p>Ce qui me pr\u00e9occupe particuli\u00e8rement : Nous assistons actuellement au retour d'un type de conflit que nous pensions avoir surmont\u00e9 en Europe. Des \u00c9tats qui se menacent ouvertement. Des puissances nucl\u00e9aires qui se testent mutuellement. Des puissances r\u00e9gionales qui d\u00e9fient l'Occident sur ses points les plus sensibles. Ce que nous voyons actuellement n'est pas une explosion de violence accidentelle - elle fait partie d'une strat\u00e9gie de longue haleine, et d'une strat\u00e9gie qui ne joue plus selon les r\u00e8gles de l'Occident.<\/p>\n<p>L'histoire est de retour. Et elle le fait avec une duret\u00e9 \u00e0 laquelle beaucoup ne s'attendaient pas.<\/p>\n<p>Dans les prochains chapitres, j'aimerais te montrer ce qui est vraiment nouveau dans cette escalade. Pourquoi l'Occident n'est plus gu\u00e8re en mesure de contr\u00f4ler ce conflit. Pourquoi Isra\u00ebl et l'Iran se trouvent dans une tenaille strat\u00e9gique dont ils ne peuvent que difficilement sortir. Et pourquoi la perception de la situation par les m\u00e9dias ne refl\u00e8te pas ce qui se passe r\u00e9ellement.<\/p>\n<p>Si tu veux comprendre pourquoi cette crise pourrait \u00eatre un tournant - g\u00e9opolitique, s\u00e9curitaire et aussi m\u00e9diatique - tu pourras lire les chapitres suivants comme une bo\u00eete \u00e0 outils. Non pas parce qu'ils fournissent des r\u00e9ponses simples, mais parce qu'ils placent les choses dans un contexte historique. Nous allons maintenant entrer dans les structures qui portent ce conflit. Et nous verrons pourquoi elles sont si dangereuses.<\/p>\n<h2>80 ans de politique de s\u00e9curit\u00e9 occidentale et son \u00e9rosion<\/h2>\n<p>Si tu veux comprendre pourquoi le conflit actuel entre Isra\u00ebl et l'Iran est si explosif d'un point de vue strat\u00e9gique, tu dois accepter une chose : Il n'est pas apparu soudainement. Il est le produit d'une politique de s\u00e9curit\u00e9 occidentale qui s'est de plus en plus \u00e9loign\u00e9e de la r\u00e9alit\u00e9 depuis 1945. Et c'est justement parce que, pour la premi\u00e8re fois depuis des d\u00e9cennies, les hypoth\u00e8ses de base de l'Occident sont ouvertement remises en question, qu'il vaut la peine de jeter un regard lucide sur le pass\u00e9 - non pas avec nostalgie, mais en le clarifiant.<\/p>\n<p>De nombreuses d\u00e9cisions erron\u00e9es prises aujourd'hui ne sont compr\u00e9hensibles que si l'on reconna\u00eet comment un \u00e9chafaudage d'illusions a \u00e9t\u00e9 construit pendant des d\u00e9cennies. Et cet \u00e9chafaudage commence apr\u00e8s la Seconde Guerre mondiale, dans un monde qui \u00e9tait structurellement diff\u00e9rent, mais qui pr\u00e9sente encore \u00e9tonnamment de nombreux parall\u00e8les avec aujourd'hui sur le plan spirituel.<\/p>\n<h3>L'illusion d'un ordre stable d'apr\u00e8s-guerre<\/h3>\n<p>Apr\u00e8s 1945, l'Occident a cru qu'un m\u00e9lange de puissance \u00e9conomique, de dissuasion militaire et d'exigence morale permettrait de fa\u00e7onner un monde stable et pr\u00e9visible. Les Etats-Unis - alors encore dans leur r\u00f4le de superpuissance incontest\u00e9e - ont assum\u00e9 la fonction d'arbitre mondial. Et l'Europe s'y est pli\u00e9e, heureuse que quelqu'un d'autre fasse le \u201esale boulot\u201c de la s\u00e9curit\u00e9.<\/p>\n<p>Pendant des d\u00e9cennies, ce mod\u00e8le a \u00e9tonnamment bien fonctionn\u00e9 :<\/p>\n<ul>\n<li>L'Union sovi\u00e9tique a \u00e9t\u00e9 tenue en \u00e9chec par la dissuasion.<\/li>\n<li>Le monde arabe est rest\u00e9 fragment\u00e9.<\/li>\n<li>L'Iran \u00e9tait - jusqu'en 1979 - dans le camp occidental.<\/li>\n<\/ul>\n<p>Le plan \u00e9tait simple : si nous sommes assez forts, les autres restent pr\u00e9visibles. Mais cela n'a fonctionn\u00e9 que parce que le monde n'\u00e9tait pas interconnect\u00e9 comme il l'est aujourd'hui. Et parce que l'Occident sous-estimait ses adversaires - une tradition qui perdure encore aujourd'hui.<\/p>\n<h3>Le point de bascule : Iran 1979 et les nouvelles r\u00e9alit\u00e9s<\/h3>\n<p>Avec la r\u00e9volution islamique, tout a chang\u00e9. L'Iran s'est d\u00e9tach\u00e9 de l'influence occidentale et a commenc\u00e9 \u00e0 construire son propre ordre - religieux, id\u00e9ologique, strat\u00e9gique. Alors que l'Europe et les \u00c9tats-Unis esp\u00e9raient que ce n'\u00e9tait qu'une phase, l'Iran a entam\u00e9 sa politique de \u201epatience strat\u00e9gique\u201c qui dure depuis des d\u00e9cennies et que tu peux ressentir partout aujourd'hui. C'est seulement ici que l'on comprend pourquoi la vision occidentale \u00e9choue si souvent :<\/p>\n<ul>\n<li>L'Occident planifie en termes de l\u00e9gislatures.<\/li>\n<li>L'Iran planifie en g\u00e9n\u00e9rations.<\/li>\n<\/ul>\n<p>C'est ainsi qu'est apparu le premier d\u00e9s\u00e9quilibre structurel qui joue aujourd'hui un r\u00f4le central dans le conflit.<\/p>\n<h3>Les d\u00e9cennies de surextension : Irak, Afghanistan, Libye, Syrie<\/h3>\n<p>La grande erreur suivante a \u00e9t\u00e9 de croire que l'on pouvait stabiliser les syst\u00e8mes g\u00e9opolitiques par des interventions. Regarde les trente derni\u00e8res ann\u00e9es de politique \u00e9trang\u00e8re occidentale et tu y verras un mod\u00e8le :<\/p>\n<ul>\n<li><strong>Afghanistan<\/strong>: 20 ans d'engagement, et les talibans prennent le contr\u00f4le du pays en quelques jours.<\/li>\n<li><strong>Irak<\/strong>: Un r\u00e9gime renvers\u00e9, mais un pays entier plong\u00e9 dans le chaos.<\/li>\n<li><strong>Libye<\/strong>: Une \u201eintervention humanitaire\u201c qui a d\u00e9stabilis\u00e9 l'Afrique du Nord.<\/li>\n<li><strong>Syrie<\/strong>Une guerre par procuration sans vainqueur - sauf pour ceux qui veulent affaiblir l'Occident.<\/li>\n<\/ul>\n<p>Dans chacun de ces cas, l'Occident pensait : \u201eNous savons comment cr\u00e9er la stabilit\u00e9\u201c. Et \u00e0 chaque fois, c'est le contraire qui s'est produit. Le malaise actuel avec l'Iran et Isra\u00ebl n'est pas sans rapport avec cela. C'est la somme de ces erreurs qui se manifeste aujourd'hui.<\/p>\n<h3>Pourquoi l'Occident s'est surestim\u00e9<\/h3>\n<p>Un point important qui n'appara\u00eet presque jamais dans les analyses politiques classiques : L'Occident a longtemps consid\u00e9r\u00e9 ses propres valeurs comme universelles. D\u00e9mocratie, lib\u00e9ralisme, la\u00efcit\u00e9 - on partait du principe que ces concepts devaient aller de soi dans le monde entier. Et seules quelques voix s'\u00e9levaient pour mettre en garde contre le fait que d'autres cultures avaient une vision totalement diff\u00e9rente du pouvoir, de la religion et de l'\u00c9tat.<\/p>\n<p>L'Iran est l'un des pays qui le montre le plus clairement. Le r\u00e9gime n'y est pas irrationnel - il est rationnel dans le cadre de sa propre logique historique et religieuse. Et c'est pr\u00e9cis\u00e9ment cette rationalit\u00e9 que l'Occident n'a jamais vraiment comprise, car elle ne correspondait pas \u00e0 sa vision du monde.<\/p>\n<p>A cela s'ajoutait la croyance en la sup\u00e9riorit\u00e9 technologique : drones, d\u00e9fense antimissile, cyberguerre, syst\u00e8mes de surveillance. Tout semblait contr\u00f4lable - jusqu'\u00e0 ce que l'adversaire apprenne \u00e0 surcharger ou \u00e0 contourner les syst\u00e8mes. Les impacts nocturnes que nous voyons aujourd'hui ne sont pas seulement des \u00e9v\u00e9nements militaires. Ils sont le symbole de l'effritement de la logique de sup\u00e9riorit\u00e9 occidentale.<\/p>\n<h3>Les cons\u00e9quences : Un ordre qui n'existe plus que sur le papier<\/h3>\n<p>Le conflit actuel r\u00e9v\u00e8le trois faiblesses fondamentales de l'architecture de s\u00e9curit\u00e9 occidentale :<\/p>\n<ul>\n<li><strong>L'Occident ne peut plus limiter les conflits<\/strong>. M\u00eame les Etats-Unis ont du mal \u00e0 stopper l'escalade sans \u00eatre eux-m\u00eames impliqu\u00e9s.<\/li>\n<li><strong>L'Europe est d\u00e9connect\u00e9e de la politique de s\u00e9curit\u00e9<\/strong>. Rien ne vient \u00e0 part des appels. Et tous les acteurs le savent.<\/li>\n<li><strong>De nouvelles puissances s'affirment avec assurance<\/strong> - et ne se pr\u00e9occupent plus des attentes occidentales. Il ne s'agit pas seulement de la Chine et de la Russie, mais aussi d'acteurs r\u00e9gionaux qui n'auraient pas os\u00e9 provoquer ouvertement par le pass\u00e9.<\/li>\n<\/ul>\n<p>En bref, l'ordre ancien n'existe plus que sous forme de rh\u00e9torique. Dans la r\u00e9alit\u00e9, il n'a plus gu\u00e8re de poids.<\/p>\n<h3>Pourquoi ce contexte historique est d\u00e9cisif<\/h3>\n<p>Si tu veux comprendre le caract\u00e8re dramatique du conflit actuel, tu dois voir \u00e0 quel point l'\u00e9rosion de la politique de s\u00e9curit\u00e9 occidentale est profonde. Sans ce regard, tout semble \u00eatre une escalade spontan\u00e9e, une co\u00efncidence malheureuse d'\u00e9v\u00e9nements surprenants. En r\u00e9alit\u00e9, il s'agit de la cons\u00e9quence logique de d\u00e9cennies d'erreurs d'appr\u00e9ciation.<\/p>\n<p>Si le conflit entre Isra\u00ebl et l'Iran est si dangereux, c'est parce qu'il repose sur des fondations qui se sont d\u00e9j\u00e0 fissur\u00e9es. Et parce que les m\u00e9canismes qui permettaient autrefois d'\u00e9viter l'escalade ne fonctionnent plus gu\u00e8re aujourd'hui.<\/p>\n<p>Ce sont pr\u00e9cis\u00e9ment ces m\u00e9canismes que nous allons d\u00e9tailler dans les chapitres suivants - \u00e9tape par \u00e9tape, afin que tu puisses voir clairement pourquoi cette crise est plus qu'un simple conflit r\u00e9gional. Elle est un test pour savoir si l'Occident peut conserver son r\u00f4le dans le monde - ou si nous sommes d\u00e9j\u00e0 entr\u00e9s dans une nouvelle \u00e8re.<\/p>\n<p><img loading=\"lazy\" decoding=\"async\" class=\"alignnone wp-image-5218 size-large\" src=\"https:\/\/www.markus-schall.de\/wp-content\/uploads\/Israel-Iran-Strategischer-Albtraum-Erosion.jpg\" alt=\"L&#039;\u00e9rosion strat\u00e9gique de l&#039;Occident\" width=\"1024\" height=\"683\" srcset=\"https:\/\/www.markus-schall.de\/wp-content\/uploads\/Israel-Iran-Strategischer-Albtraum-Erosion.jpg 1024w, https:\/\/www.markus-schall.de\/wp-content\/uploads\/Israel-Iran-Strategischer-Albtraum-Erosion-300x200.jpg 300w, https:\/\/www.markus-schall.de\/wp-content\/uploads\/Israel-Iran-Strategischer-Albtraum-Erosion-768x512.jpg 768w, https:\/\/www.markus-schall.de\/wp-content\/uploads\/Israel-Iran-Strategischer-Albtraum-Erosion-18x12.jpg 18w\" sizes=\"auto, (max-width: 1024px) 100vw, 1024px\" \/><\/p>\n<h2>La logique de pouvoir iranienne : la rationalit\u00e9 sans la rationalit\u00e9 occidentale<\/h2>\n<p>Si l'on veut comprendre le conflit actuel, il faut d'abord se rendre compte d'une chose : Les dirigeants iraniens ne sont pas irrationnels. Ils agissent simplement selon une logique que presque plus personne en Occident ne ma\u00eetrise ou n'est capable de reconna\u00eetre. Le r\u00e9gime ne pense pas en termes de cycles \u00e9lectoraux, de strat\u00e9gies de relations publiques ou d'annonces de succ\u00e8s \u00e0 court terme. Il pense sur le long terme. Des d\u00e9cennies, parfois m\u00eame des g\u00e9n\u00e9rations.<\/p>\n<p>Cette perspective \u00e0 long terme est la raison pour laquelle le syst\u00e8me est rest\u00e9 stable depuis 1979 - malgr\u00e9 les sanctions, malgr\u00e9 l'isolement international, malgr\u00e9 les protestations p\u00e9riodiques. L'Occident interpr\u00e8te souvent la constance comme de l'ent\u00eatement ou de l'arri\u00e9ration. En r\u00e9alit\u00e9, il s'agit d'une patience strat\u00e9gique. Un principe de gouvernance qui a fait ses preuves et qui est profond\u00e9ment enracin\u00e9 dans la perception historique que l'\u00e9lite iranienne a d'elle-m\u00eame.<\/p>\n<p>Les dirigeants iraniens n'exploitent pas les changements g\u00e9opolitiques de mani\u00e8re impulsive, mais par \u00e9tapes. Chaque provocation s'inscrit dans un \u00e9ventail d'objectifs \u00e9largi : domination r\u00e9gionale, fermet\u00e9 id\u00e9ologique, dissuasion vis-\u00e0-vis des ennemis ext\u00e9rieurs et message clair \u00e0 l'intention de la population. C'est pr\u00e9cis\u00e9ment ce m\u00e9lange qui rend le r\u00e9gime difficilement calculable pour les analystes occidentaux, mais \u00e9tonnamment stable de son propre point de vue.<\/p>\n<h3>Le r\u00e9gime et son peuple : pourquoi les troubles ne m\u00e8nent pas \u00e0 ce que l'Occident attend<\/h3>\n<p>L'une des plus grandes erreurs de raisonnement de l'Occident est de supposer que tout m\u00e9contentement visible en Iran doit n\u00e9cessairement d\u00e9boucher sur un \u201echangement de r\u00e9gime\u201c. Mais les protestations ne signifient pas automatiquement une r\u00e9volution. Et m\u00eame les r\u00e9volutions - l'histoire le montre - ne se terminent souvent pas l\u00e0 o\u00f9 l'Occident le souhaiterait.<\/p>\n<p>L'Iran est un pays dont l'exp\u00e9rience culturelle, religieuse et \u00e9tatique est mill\u00e9naire. Il existe un r\u00e9cit profond de domination \u00e9trang\u00e8re, de fiert\u00e9 et d'affirmation de soi. De nombreux Iraniens peuvent \u00eatre m\u00e9contents de la direction, mais ils acceptent la r\u00e9alit\u00e9 dans laquelle ils vivent - notamment parce que l'alternative est per\u00e7ue comme plus incertaine, plus chaotique ou plus dangereuse.<\/p>\n<p>C'est pr\u00e9cis\u00e9ment ce que de nombreux politiciens et m\u00e9dias occidentaux sous-estiment. L'Iran n'est pas une soci\u00e9t\u00e9 qui attend d'\u00eatre \u201elib\u00e9r\u00e9e\u201c de l'ext\u00e9rieur. C'est une soci\u00e9t\u00e9 qui r\u00e8gle ses conflits selon sa propre logique - parfois de mani\u00e8re \u00e9ruptive, souvent r\u00e9prim\u00e9e, mais presque toujours sans d\u00e9sir de s'inspirer des mod\u00e8les occidentaux.<\/p>\n<p>Lorsque l'Occident tente ensuite d'affaiblir le r\u00e9gime malgr\u00e9 l'absence de mouvements organiques, il obtient souvent l'effet inverse : le syst\u00e8me resserre les rangs, fait appel \u00e0 la dignit\u00e9 nationale et peut utiliser les menaces ext\u00e9rieures comme source de l\u00e9gitimit\u00e9. Un m\u00e9canisme qui fonctionne de mani\u00e8re fiable depuis 1979. Et c'est pr\u00e9cis\u00e9ment pour cette raison que les interventions directes de l'ext\u00e9rieur sont contre-productives.<\/p>\n<h3>L'Iran, une puissance r\u00e9gionale de longue date<\/h3>\n<p>Pour interpr\u00e9ter le conflit actuel, tu dois comprendre que l'Iran n'est plus depuis longtemps un \u00c9tat parmi d'autres. Il est une puissance r\u00e9gionale - politiquement, militairement et id\u00e9ologiquement. Il n'a pas acquis ce r\u00f4le par sa force \u00e9conomique, mais par un r\u00e9seau de suppl\u00e9tifs et de zones d'influence construit sur le long terme.<\/p>\n<p>En Irak, en Syrie, au Liban, au Y\u00e9men et au-del\u00e0, l'Iran agit via des milices, des partis politiques, des institutions religieuses et des r\u00e9seaux \u00e9conomiques. Ces structures remplissent plusieurs fonctions :<\/p>\n<ul>\n<li><strong>Dissuasion<\/strong>: Isra\u00ebl ou les Etats-Unis savent qu'une attaque contre l'Iran pourrait d\u00e9clencher des contre-attaques dans plusieurs pays.<\/li>\n<li><strong>Projection d'influence<\/strong>L'Iran peut \u00e9tendre son pouvoir sans avoir \u00e0 mener des guerres ouvertes.<\/li>\n<li><strong>Minimisation des co\u00fbts<\/strong>Les combats par procuration sont moins chers et politiquement moins risqu\u00e9s que les conflits directs.<\/li>\n<\/ul>\n<p>Ce r\u00e9seau permet \u00e0 l'Iran de rester un acteur s\u00e9rieux, ind\u00e9pendamment de sa propre situation \u00e9conomique. Un observateur occidental peut trouver cela \u201ed\u00e9stabilisant\u201c - pour T\u00e9h\u00e9ran, il s'agit tout simplement d'une strat\u00e9gie de survie.<\/p>\n<p>Et c'est pr\u00e9cis\u00e9ment l\u00e0 que r\u00e9side le malentendu de l'analyse occidentale : on s'attend \u00e0 ce qu'un pays \u00e9conomiquement en difficult\u00e9 soit automatiquement faible sur le plan militaire. Mais une puissance r\u00e9gionale ne d\u00e9finit pas sa force par la prosp\u00e9rit\u00e9, mais par des leviers g\u00e9opolitiques. Et ces leviers, l'Iran les a perfectionn\u00e9s.<\/p>\n<h3>L'Iran au-del\u00e0 des gros titres - un regard sur la vie quotidienne et la soci\u00e9t\u00e9<\/h3>\n<p><a href=\"https:\/\/www.markus-schall.de\/fr\/2026\/01\/comprendre-liran-au-quotidien-protestations-et-interets-au-dela-des-gros-titres\/\"><img loading=\"lazy\" decoding=\"async\" class=\"alignright size-medium wp-image-4498\" src=\"https:\/\/www.markus-schall.de\/wp-content\/uploads\/Iran-Titel-300x200.jpg\" alt=\"Comprendre l&#039;Iran\" width=\"300\" height=\"200\" srcset=\"https:\/\/www.markus-schall.de\/wp-content\/uploads\/Iran-Titel-300x200.jpg 300w, https:\/\/www.markus-schall.de\/wp-content\/uploads\/Iran-Titel-768x512.jpg 768w, https:\/\/www.markus-schall.de\/wp-content\/uploads\/Iran-Titel-18x12.jpg 18w, https:\/\/www.markus-schall.de\/wp-content\/uploads\/Iran-Titel.jpg 1024w\" sizes=\"auto, (max-width: 300px) 100vw, 300px\" \/><\/a>Si l'on veut comprendre pourquoi le conflit autour de l'Iran est si complexe, il faut d'abord prendre du recul et regarder de plus pr\u00e8s le pays lui-m\u00eame. Dans mon article de fond d\u00e9taill\u00e9 <a href=\"https:\/\/www.markus-schall.de\/fr\/2026\/01\/comprendre-liran-au-quotidien-protestations-et-interets-au-dela-des-gros-titres\/\"><em><strong>\u201eComprendre l'Iran : Vie quotidienne, protestations et int\u00e9r\u00eats au-del\u00e0 des gros titres\u201c.\u201c<\/strong><\/em><\/a> c'est pr\u00e9cis\u00e9ment de cela qu'il s'agit : non pas de missiles, de programmes nucl\u00e9aires ou de strat\u00e9gies g\u00e9opolitiques, mais de l'Iran en tant que soci\u00e9t\u00e9. Car peu de pays sont aussi fortement marqu\u00e9s par des images fixes - images de domination religieuse, de protestations et de conflits -, bien que de nombreuses personnes n'aient jamais v\u00e9cu le pays elles-m\u00eames. L'article montre \u00e0 quel point la perception est marqu\u00e9e par les r\u00e9cits et pourquoi le quotidien, les tensions politiques et les int\u00e9r\u00eats internationaux en Iran sont souvent bien plus contradictoires que ne le laissent supposer de simples gros titres.<\/p>\n<h3>L'Occident n'a jamais vraiment compris la strat\u00e9gie iranienne<\/h3>\n<p>L'erreur principale de la politique occidentale a toujours \u00e9t\u00e9 d'interpr\u00e9ter les d\u00e9cisions iraniennes avec la rationalit\u00e9 occidentale. Or, les dirigeants de T\u00e9h\u00e9ran suivent une priorit\u00e9 totalement diff\u00e9rente :<\/p>\n<ul>\n<li><strong>Le maintien du r\u00e9gime avant tout<\/strong>Tout - absolument tout - se mesure \u00e0 l'aune de sa capacit\u00e9 \u00e0 renforcer ou \u00e0 affaiblir la stabilit\u00e9 du syst\u00e8me.<\/li>\n<li><strong>Coh\u00e9rence id\u00e9ologique<\/strong>L'Iran ne peut pas c\u00e9der sur le plan de la politique int\u00e9rieure sans porter atteinte \u00e0 son identit\u00e9 politico-religieuse.<\/li>\n<li><strong>Dissuasion \u00e0 long terme<\/strong>Un r\u00e9gime qui se sent menac\u00e9 par l'Occident doit augmenter son invuln\u00e9rabilit\u00e9, pas n\u00e9gocier.<br \/>\nPatience strat\u00e9gique<\/li>\n<\/ul>\n<p>Alors que les politiciens occidentaux pensent \u00e0 un rythme quadriennal, l'Iran travaille sur les m\u00eames objectifs pendant des d\u00e9cennies. Cette structure est \u00e0 l'oppos\u00e9 de ce que font l'Europe ou les \u00c9tats-Unis. Et c'est pourquoi les syst\u00e8mes entrent r\u00e9guli\u00e8rement en collision, sans vraiment se comprendre.<\/p>\n<p>L'escalade actuelle entre l'Iran et Isra\u00ebl n'est pas le r\u00e9sultat d'une action gouvernementale impulsive. Elle s'inscrit dans une ligne strat\u00e9gique que l'Iran suit depuis des d\u00e9cennies : \u00e9tendre son influence r\u00e9gionale, renforcer sa dissuasion, faire pression sur Isra\u00ebl et pousser les Etats-Unis hors de la r\u00e9gion.<\/p>\n<p>Dans une telle logique, il n'y a gu\u00e8re de place pour un retour en arri\u00e8re. Si l'Iran utilise d\u00e9sormais massivement des missiles, ce n'est pas parce qu'il \u201eperd son sang-froid\u201c, mais parce qu'il veut consolider sa position - dans la r\u00e9gion, vis-\u00e0-vis de l'Occident et de sa propre population. C'est ce qui rend le conflit si dangereux : il n'est pas improvis\u00e9. Il fait partie d'un plan strat\u00e9gique en cours depuis des ann\u00e9es. Et c'est pourquoi il ne peut pas \u00eatre simplement \u201en\u00e9goci\u00e9\u201c, \u201egel\u00e9\u201c ou \u201etermin\u00e9\u201c, comme on le souhaiterait dans les capitales occidentales.<\/p>\n<p><img loading=\"lazy\" decoding=\"async\" class=\"alignnone size-large wp-image-5220\" src=\"https:\/\/www.markus-schall.de\/wp-content\/uploads\/Israel-Iran-Strategischer-Albtraum-Tel-Aviv.jpg\" alt=\"30 ans d&#039;alarmisme\" width=\"1024\" height=\"683\" srcset=\"https:\/\/www.markus-schall.de\/wp-content\/uploads\/Israel-Iran-Strategischer-Albtraum-Tel-Aviv.jpg 1024w, https:\/\/www.markus-schall.de\/wp-content\/uploads\/Israel-Iran-Strategischer-Albtraum-Tel-Aviv-300x200.jpg 300w, https:\/\/www.markus-schall.de\/wp-content\/uploads\/Israel-Iran-Strategischer-Albtraum-Tel-Aviv-768x512.jpg 768w, https:\/\/www.markus-schall.de\/wp-content\/uploads\/Israel-Iran-Strategischer-Albtraum-Tel-Aviv-18x12.jpg 18w\" sizes=\"auto, (max-width: 1024px) 100vw, 1024px\" \/><\/p>\n<h2>Netanyahu et 30 ans d'alarmisme - L'histoire de l'alerte permanente<\/h2>\n<p>Si l'on regarde en arri\u00e8re aujourd'hui, cela semble presque surr\u00e9aliste : depuis le d\u00e9but des ann\u00e9es 1990, Benjamin Netanyahu ne cesse de mettre en garde contre le m\u00eame danger - que l'Iran est \u201esur le point\u201c de construire une bombe atomique. Et ce, \u00e0 chaque fois avec un ton dramatique, des graphiques, des sch\u00e9mas, toujours le m\u00eame message :<\/p>\n<blockquote><p><em>\u201eC'est presque l'heure, il faut agir\u201c.\u201c<\/em><\/p><\/blockquote>\n<p>Ces avertissements ont marqu\u00e9 l'ensemble de la doctrine de s\u00e9curit\u00e9 isra\u00e9lienne. Ils ont influenc\u00e9 la politique am\u00e9ricaine, la diplomatie europ\u00e9enne et la perception internationale de l'Iran. Mais ce qui est vraiment remarquable, c'est que les avertissements se sont r\u00e9p\u00e9t\u00e9s pendant des d\u00e9cennies - et que le moment d\u00e9cisif n'est jamais arriv\u00e9.<\/p>\n<p>Il ne s'agit pas de dire que l'Iran est inoffensif ou sans ambition. Mais le fait que la m\u00eame rh\u00e9torique soit utilis\u00e9e depuis 30 ans a un effet secondaire strat\u00e9gique : elle s'use. Une alarme d\u00e9clench\u00e9e trop souvent perd de son efficacit\u00e9. Et c'est pr\u00e9cis\u00e9ment l'une des raisons pour lesquelles la situation actuelle est si d\u00e9licate. Car c'est pr\u00e9cis\u00e9ment au moment o\u00f9 la situation risque pour la premi\u00e8re fois de devenir r\u00e9ellement incontr\u00f4lable que la cr\u00e9dibilit\u00e9 des anciens cris d'alarme est entam\u00e9e.<\/p>\n<p>A cela s'ajoute le fait que cette politique d'avertissement men\u00e9e pendant des d\u00e9cennies a conduit Isra\u00ebl \u00e0 s'enfoncer de plus en plus profond\u00e9ment dans une logique dans laquelle on ne peut plus revenir en arri\u00e8re sans perdre la face sur le plan strat\u00e9gique. Celui qui dit pendant des d\u00e9cennies : \u201eL'ennemi est sur le point de devenir existentiellement dangereux\u201c, ne peut pas simplement adopter plus tard une attitude moins conflictuelle sans remettre en question sa propre politique.<\/p>\n<div class=\"lyte-wrapper\" style=\"width:640px;max-width:100%;margin:5px;\"><div class=\"lyMe\" id=\"WYL_Mzmtdwsef8s\"><div id=\"lyte_Mzmtdwsef8s\" data-src=\"https:\/\/www.markus-schall.de\/wp-content\/plugins\/wp-youtube-lyte\/lyteCache.php?origThumbUrl=%2F%2Fi.ytimg.com%2Fvi%2FMzmtdwsef8s%2Fhqdefault.jpg\" class=\"pL\"><div class=\"tC\"><div class=\"tT\"><\/div><\/div><div class=\"play\"><\/div><div class=\"ctrl\"><div class=\"Lctrl\"><\/div><div class=\"Rctrl\"><\/div><\/div><\/div><noscript><a href=\"https:\/\/youtu.be\/Mzmtdwsef8s\" rel=\"nofollow noopener\" target=\"_blank\"><img loading=\"lazy\" decoding=\"async\" src=\"https:\/\/www.markus-schall.de\/wp-content\/plugins\/wp-youtube-lyte\/lyteCache.php?origThumbUrl=https%3A%2F%2Fi.ytimg.com%2Fvi%2FMzmtdwsef8s%2F0.jpg\" alt=\"Vignette de la vid\u00e9o YouTube\" width=\"640\" height=\"340\" \/><br \/>Lire cette vid\u00e9o sur YouTube<\/a><\/noscript><\/div><\/div><div class=\"lL\" style=\"max-width:100%;width:640px;margin:5px;\"><\/div><br \/>\nLes 33 ans d'alertes nucl\u00e9aires de Benjamin Netanyahu sur l'Iran | <a href=\"https:\/\/www.youtube.com\/@aljazeeraenglish\" target=\"_blank\" rel=\"nofollow noopener\">Al Jazeera Anglais<\/a><\/p>\n<h3>Pourquoi cet alarmisme s'est strat\u00e9giquement retourn\u00e9 contre lui<\/h3>\n<p>L'alarmisme peut avoir des avantages politiques \u00e0 court terme. Il cr\u00e9e une pression politique interne, rassemble les soutiens et justifie des mesures s\u00e9v\u00e8res. Mais \u00e0 long terme, un autre probl\u00e8me appara\u00eet : le monde finit par ne plus vraiment \u00e9couter. En Isra\u00ebl m\u00eame, l'alarmisme s'est v\u00e9ritablement institutionnalis\u00e9. Mais en dehors du pays, l'impact est devenu de plus en plus faible.<\/p>\n<p>Deux \u00e9volutions ont jou\u00e9 un r\u00f4le central \u00e0 cet \u00e9gard :<\/p>\n<ol>\n<li><strong>L'Occident s'est lass\u00e9<\/strong>Au fil des ann\u00e9es, la communaut\u00e9 internationale - les Etats-Unis et l'Europe en t\u00eate - a r\u00e9agi de mani\u00e8re de plus en plus routini\u00e8re aux avertissements : \u201eL'Iran est sur le point d'avoir la bombe\u201c est devenu une d\u00e9claration que l'on prenait certes au s\u00e9rieux, mais que l'on ne consid\u00e9rait plus comme une situation d'urgence aigu\u00eb. Il en r\u00e9sulte des situations dans lesquelles Isra\u00ebl s'attend \u00e0 des pressions, mais o\u00f9 l'Occident mise sur la d\u00e9tente diplomatique.<\/li>\n<li><strong>L'Iran a appris \u00e0 vivre avec l'alarmisme<\/strong>Au lieu d'\u00eatre intimid\u00e9, le r\u00e9gime iranien a m\u00eame commenc\u00e9 \u00e0 utiliser les avertissements. Elles ont aid\u00e9 l'Iran \u00e0 se mettre en sc\u00e8ne comme victime de l'ing\u00e9rence occidentale. Et elles ont motiv\u00e9 le r\u00e9gime \u00e0 d\u00e9velopper ses r\u00e9seaux r\u00e9gionaux - pr\u00e9cis\u00e9ment pour \u00e9viter qu'Isra\u00ebl ou les Etats-Unis ne frappent effectivement un jour militairement.<\/li>\n<\/ol>\n<p>L'alarmisme a donc eu un effet paradoxal : il a fini par renforcer ceux qu'il \u00e9tait cens\u00e9 affaiblir. Mais il y a plus grave encore : \u00e0 force de se r\u00e9p\u00e9ter, l'Occident a perdu le sens des signaux d'escalade r\u00e9els. Et c'est pr\u00e9cis\u00e9ment ce qui se retourne contre lui aujourd'hui, alors que pour la premi\u00e8re fois depuis tr\u00e8s longtemps, une situation s'est cr\u00e9\u00e9e dans laquelle la menace est r\u00e9ellement r\u00e9elle, dynamique et aigu\u00eb.<\/p>\n<h3>Le prix de 30 ans de politique de la bombe \u00e0 retardement<\/h3>\n<p>La rh\u00e9torique utilis\u00e9e pendant des d\u00e9cennies a caus\u00e9 un autre dommage strat\u00e9gique : Elle a li\u00e9 la politique isra\u00e9lienne \u00e0 une ligne qui laissait de moins en moins de marge de man\u0153uvre. Lorsque l'on assure pendant des d\u00e9cennies que l'on emp\u00eachera l'Iran de devenir nucl\u00e9aire, il n'y a plus que deux possibilit\u00e9s \u00e0 un moment donn\u00e9 :<\/p>\n<ol>\n<li>On atteint son but.<\/li>\n<li>Ou perdre ses comp\u00e9tences en mati\u00e8re de dissuasion.<\/li>\n<\/ol>\n<p>C'est pr\u00e9cis\u00e9ment cette contrainte qui caract\u00e9rise l'escalade d'aujourd'hui.<\/p>\n<h3>Le durcissement de la politique int\u00e9rieure<\/h3>\n<p>Pendant des ann\u00e9es, Netanyahu a d\u00e9velopp\u00e9 une culture politique dans laquelle tout d\u00e9but de d\u00e9tente \u00e9tait interpr\u00e9t\u00e9 comme une faiblesse. Il en a r\u00e9sult\u00e9 en Isra\u00ebl une pression d'attente en mati\u00e8re de politique int\u00e9rieure qui ne laisse plus gu\u00e8re de place aux solutions diplomatiques. La soci\u00e9t\u00e9 a \u00e9t\u00e9 progressivement conditionn\u00e9e \u00e0 une attitude dans laquelle la force intransigeante est consid\u00e9r\u00e9e comme la seule issue.<\/p>\n<p>En raison de l'avertissement permanent, Isra\u00ebl se trouve aujourd'hui dans une situation o\u00f9 une v\u00e9ritable attaque iranienne - comme celle qui se produit actuellement - est automatiquement consid\u00e9r\u00e9e comme une confirmation du r\u00e9cit qui se d\u00e9roule depuis des d\u00e9cennies. Un retour en arri\u00e8re semble quasiment impossible, car il saperait l'ensemble de l'argumentation historique. Isra\u00ebl se trouve donc aujourd'hui face \u00e0 un dilemme :<\/p>\n<ul>\n<li>S'il agit trop timidement, il perd son pouvoir de dissuasion.<\/li>\n<li>S'il agit trop durement, la situation s'envenime et devient incontr\u00f4lable.<\/li>\n<\/ul>\n<p>C'est pr\u00e9cis\u00e9ment ce point qui rend le conflit actuel si dangereux : il n'est plus seulement une r\u00e9action au comportement de l'Iran. Il est le r\u00e9sultat de d\u00e9cennies d'auto-engagement.<\/p>\n<h3>La fatigue internationale<\/h3>\n<p>Et puis il y a l'Occident. Les Etats-Unis sont politiquement \u00e9puis\u00e9s, l'Europe est paralys\u00e9e en mati\u00e8re de politique de s\u00e9curit\u00e9. On entend certes les avertissements d'Isra\u00ebl - mais la capacit\u00e9 \u00e0 les suivre est limit\u00e9e. Cela signifie que m\u00eame si Isra\u00ebl souhaite une escalade, il ne peut plus \u00eatre s\u00fbr que l'Occident en supportera les cons\u00e9quences.<\/p>\n<p>Il en r\u00e9sulte une situation dans laquelle Isra\u00ebl r\u00e9agira probablement plus durement que ne le souhaiterait l'Occident - tout en recevant moins de soutien qu'Isra\u00ebl ne s'y attendait. Un cauchemar strat\u00e9gique pour les deux parties.<\/p>\n<p>L'analyse des 30 ans d'alarmisme de Netanyahu n'est pas seulement une digression historique. Elle est centrale pour comprendre la dynamique actuelle. Isra\u00ebl se trouve dans une situation o\u00f9 il n'agit pas seulement de mani\u00e8re r\u00e9active, mais aussi de mani\u00e8re r\u00e9active dans des conditions qu'il a lui-m\u00eame cr\u00e9\u00e9es pendant des d\u00e9cennies. L'Iran, quant \u00e0 lui, le sait - et en profite.<\/p>\n<p>Ce chapitre fait donc le lien avec les parties suivantes de l'article : le risque nucl\u00e9aire, l'impasse strat\u00e9gique et la question de savoir comment un conflit peut entrer dans une phase o\u00f9 m\u00eame des d\u00e9cisions claires ne garantissent plus une issue claire.<\/p>\n<p><img loading=\"lazy\" decoding=\"async\" class=\"alignnone wp-image-5219 size-full\" src=\"https:\/\/www.markus-schall.de\/wp-content\/uploads\/Israel-Iran-Strategischer-Albtraum-Schach.jpg\" alt=\"Le conflit, cauchemar de tout strat\u00e8ge\" width=\"1024\" height=\"683\" srcset=\"https:\/\/www.markus-schall.de\/wp-content\/uploads\/Israel-Iran-Strategischer-Albtraum-Schach.jpg 1024w, https:\/\/www.markus-schall.de\/wp-content\/uploads\/Israel-Iran-Strategischer-Albtraum-Schach-300x200.jpg 300w, https:\/\/www.markus-schall.de\/wp-content\/uploads\/Israel-Iran-Strategischer-Albtraum-Schach-768x512.jpg 768w, https:\/\/www.markus-schall.de\/wp-content\/uploads\/Israel-Iran-Strategischer-Albtraum-Schach-18x12.jpg 18w\" sizes=\"auto, (max-width: 1024px) 100vw, 1024px\" \/><\/p>\n<h2>Pourquoi ce conflit est le cauchemar de tout strat\u00e8ge<\/h2>\n<p>Si tu observes la situation actuelle avec lucidit\u00e9, tu te rendras vite compte qu'Isra\u00ebl se trouve dans un pi\u00e8ge en mati\u00e8re de politique de s\u00e9curit\u00e9 comme il n'en existe pratiquement pas d'autre dans l'histoire moderne. Non pas parce que le pays est militairement faible - bien au contraire. Isra\u00ebl dispose de l'une des arm\u00e9es les plus modernes du monde, de renseignements, de syst\u00e8mes d'armes pr\u00e9cis et d'une doctrine de d\u00e9fense rod\u00e9e depuis des d\u00e9cennies. Mais c'est justement cette force qui, paradoxalement, fait aujourd'hui partie du probl\u00e8me.<\/p>\n<p>Isra\u00ebl est menac\u00e9 dans son existence, non pas abstraitement, mais r\u00e9ellement. Les tirs de roquettes de ces derniers jours et semaines ont montr\u00e9 \u00e0 quelle vitesse la situation peut basculer lorsqu'un adversaire s'emploie d\u00e9lib\u00e9r\u00e9ment \u00e0 surcharger un syst\u00e8me. Le D\u00f4me de fer est une technologie impressionnante, mais il ne peut pas supporter une charge illimit\u00e9e. Et chaque impact qui passe n'est pas seulement un \u00e9v\u00e9nement militaire, mais un choc psychologique pour un pays qui a pu compter sur sa sup\u00e9riorit\u00e9 pendant des d\u00e9cennies. Il en r\u00e9sulte un double dilemme :<\/p>\n<ul>\n<li>Si Isra\u00ebl r\u00e9agit trop faiblement, il perd sa force de dissuasion - \u00e0 l'int\u00e9rieur comme \u00e0 l'ext\u00e9rieur.<\/li>\n<li>Si elle r\u00e9agit trop durement, elle risque une escalade r\u00e9gionale, voire des sc\u00e9narios encore impensables il y a peu.<\/li>\n<\/ul>\n<p>En politique de s\u00e9curit\u00e9 classique, on appelle cela une \u201elose-lose architecture\u201c : chaque chemin m\u00e8ne \u00e0 des inconv\u00e9nients, chaque pas est anticip\u00e9 par l'adversaire et chaque renoncement appara\u00eet comme une faiblesse. C'est exactement le genre de situation que les strat\u00e8ges redoutent, car elle ne permet pas de suivre un chemin d'action clair.<\/p>\n<h3>Le dilemme des \u00c9tats-Unis<\/h3>\n<p>Le deuxi\u00e8me acteur central de ce conflit est les \u00c9tats-Unis. L\u00e0 encore, l'implication strat\u00e9gique est d'une profondeur remarquable. Pendant des d\u00e9cennies, les Etats-Unis se sont plac\u00e9s eux-m\u00eames dans le r\u00f4le de garant de la s\u00e9curit\u00e9 d'Isra\u00ebl. Politiquement, militairement, rh\u00e9toriquement. Un retour en arri\u00e8re n'est gu\u00e8re possible sans mettre en danger l'ensemble de l'\u00e9quilibre de la politique de s\u00e9curit\u00e9 au Proche-Orient - et sans nuire en m\u00eame temps \u00e0 leur cr\u00e9dibilit\u00e9 dans le monde entier. Mais aujourd'hui, les Etats-Unis sont en m\u00eame temps :<\/p>\n<ul>\n<li>politiquement divis\u00e9,<\/li>\n<li>international sur\u00e9tendu,<\/li>\n<li>\u00e9conomiquement fragilis\u00e9,<\/li>\n<li>et de s\u00e9curit\u00e9 dans plusieurs r\u00e9gions \u00e0 la fois (Europe, Indo-Pacifique, Moyen-Orient).<\/li>\n<\/ul>\n<p>Cette surcharge a pour cons\u00e9quence que Washington doit certes signaler clairement qu'elle se tient aux c\u00f4t\u00e9s d'Isra\u00ebl - mais qu'elle tente en m\u00eame temps d\u00e9sesp\u00e9r\u00e9ment de ne pas \u00eatre elle-m\u00eame entra\u00een\u00e9e dans une guerre. Il en r\u00e9sulte une politique qui ne semble ni coh\u00e9rente ni claire. Et c'est pr\u00e9cis\u00e9ment ce flou qui est dangereux dans les escalades g\u00e9opolitiques. Car lorsqu'un grand acteur h\u00e9site, un acteur plus petit doit r\u00e9agir d'autant plus durement pour maintenir sa propre ligne rouge de mani\u00e8re cr\u00e9dible. Une dynamique qu'Isra\u00ebl ressent d\u00e9sormais et qui r\u00e9duit encore sa marge de man\u0153uvre.<\/p>\n<p>Pour les strat\u00e8ges, cela cr\u00e9e un sc\u00e9nario dans lequel aucun acteur central ne peut vraiment agir librement. Et c'est pr\u00e9cis\u00e9ment ce qui augmente le risque de d\u00e9veloppements incontr\u00f4lables.<\/p>\n<h3>Le point le plus dangereux : lorsqu'une partie pense ne plus avoir \u201ele choix\u201c.<\/h3>\n<p>Dans l'histoire des grands conflits, il y a une phase particuli\u00e8rement dangereuse : celle o\u00f9 les acteurs sont convaincus d'avoir \u00e9puis\u00e9 leurs options. Lorsqu'Isra\u00ebl pense que son existence est menac\u00e9e et que les voies diplomatiques n'offrent plus de s\u00e9curit\u00e9, des mesures qui \u00e9taient auparavant impensables deviennent envisageables.<\/p>\n<p>Il en va de m\u00eame pour l'Iran. Et c'est pr\u00e9cis\u00e9ment ce qui rend la situation si explosive.<\/p>\n<p>Les prochaines \u00e9tapes de l'escalade ne sont pas envisageables parce que les acteurs seraient irrationnels, mais parce qu'ils se sentent rationnellement accul\u00e9s dans un coin. Lorsque des missiles s'abattent, lorsque l'ambiance sociale bascule, lorsque l'on a le sentiment que le temps joue contre soi, la logique de la politique est remplac\u00e9e par la logique de la s\u00e9curit\u00e9 nue.<\/p>\n<p>C'est \u00e0 ce moment-l\u00e0 que les conflits deviennent impr\u00e9visibles. Et c'est l\u00e0 qu'intervient la dynamique de la th\u00e9orie des jeux, qui rend tout strat\u00e8ge nerveux :<\/p>\n<ul>\n<li>Chacun attend que l'autre c\u00e8de.<\/li>\n<li>Personne ne peut c\u00e9der sans perdre la face.<\/li>\n<li>Tout retard g\u00e9n\u00e8re des pressions politiques internes.<\/li>\n<li>Toute r\u00e9action est interpr\u00e9t\u00e9e par l'adversaire comme une \u00e9tape pr\u00e9alable \u00e0 une attaque.<\/li>\n<\/ul>\n<p>C'est ainsi que naissent des spirales d'escalade que personne ne peut plus arr\u00eater, car chaque pas de l'adversaire est lu comme une confirmation de ses propres craintes.<\/p>\n<h3>Quand la dissuasion s'effrite - et pourquoi c'est si dangereux<\/h3>\n<p>La dissuasion ne fonctionne que si les deux parties pensent que l'autre r\u00e9agit de mani\u00e8re rationnelle et veut \u00e9viter l'escalade. Or, dans ce conflit, c'est pr\u00e9cis\u00e9ment cette condition qui est menac\u00e9e.<\/p>\n<p>Isra\u00ebl doit faire preuve de capacit\u00e9 d'action pour prot\u00e9ger sa propre population. L'Iran doit faire preuve de force pour assurer son pouvoir r\u00e9gional. Les deux acteurs ne peuvent pas se permettre d'\u00eatre faibles. Et c'est pr\u00e9cis\u00e9ment cette incompatibilit\u00e9 mutuelle qui cr\u00e9e une situation dans laquelle chaque pas - m\u00eame d\u00e9fensif - peut ressembler \u00e0 une action offensive. Lorsque la dissuasion vacille, des espaces se cr\u00e9ent pour des interpr\u00e9tations erron\u00e9es :<\/p>\n<ul>\n<li>Une image radar mal interpr\u00e9t\u00e9e.<\/li>\n<li>Un discours politique exag\u00e9r\u00e9.<\/li>\n<li>Une action men\u00e9e par la milice qui ne convient vraiment \u00e0 aucune des parties.<\/li>\n<li>Une d\u00e9faillance technique de la communication.<\/li>\n<\/ul>\n<p>D'un point de vue historique, ce sont pr\u00e9cis\u00e9ment ces moments qui ont d\u00e9clench\u00e9 les grandes guerres.<\/p>\n<h3>Le sc\u00e9nario actuel correspond au cauchemar classique<\/h3>\n<p>La raison pour laquelle les strat\u00e8ges consid\u00e8rent l'\u00e9volution actuelle comme un cauchemar est \u00e9tonnamment simple : tous les m\u00e9canismes de stabilit\u00e9 sur lesquels on s'est appuy\u00e9 au cours des 40 derni\u00e8res ann\u00e9es sont affaiblis.<\/p>\n<ul>\n<li>Les \u00c9tats-Unis ne sont pas assez clairs.<\/li>\n<li>L'Europe est impuissante.<\/li>\n<li>Isra\u00ebl est surcharg\u00e9, \u00e0 l'int\u00e9rieur comme \u00e0 l'ext\u00e9rieur.<\/li>\n<li>L'Iran est plus s\u00fbr de lui que jamais.<\/li>\n<li>La Russie et la Chine sont en marge - influentes, mais pas dirigeantes.<\/li>\n<\/ul>\n<p>Cela signifie que les freins classiques ne fonctionnent plus. Dans une telle situation, une petite action peut d\u00e9clencher un grand mouvement : une attaque, un d\u00e9rapage diplomatique, une r\u00e9action exag\u00e9r\u00e9e ou simplement un malentendu.<\/p>\n<p>La r\u00e9gion se trouve donc \u00e0 un point o\u00f9 chaque pas vers l'escalade semble plus r\u00e9aliste que chaque pas vers la d\u00e9tente. Et c'est pr\u00e9cis\u00e9ment le cauchemar structurel contre lequel les experts mettent en garde depuis des mois.<\/p>\n<h3>Entre espoir et danger : un pays en \u00e9tat d'urgence interne<\/h3>\n<p>Les impressions de cette vid\u00e9o montrent un Iran d\u00e9chir\u00e9 de l'int\u00e9rieur : dans les rues, une joie prudente face \u00e0 de possibles changements politiques se m\u00eale \u00e0 une peur profonde des forces de s\u00e9curit\u00e9 omnipr\u00e9sentes. De nombreuses personnes esp\u00e8rent la fin de d\u00e9cennies d'oppression, mais le r\u00e9gime maintient un contr\u00f4le de fer sur le pays - aujourd'hui encore masqu\u00e9 par les bombardements.<\/p>\n<div class=\"lyte-wrapper\" style=\"width:640px;max-width:100%;margin:5px;\"><div class=\"lyMe\" id=\"WYL_9B7ONOR_jSM\"><div id=\"lyte_9B7ONOR_jSM\" data-src=\"https:\/\/www.markus-schall.de\/wp-content\/plugins\/wp-youtube-lyte\/lyteCache.php?origThumbUrl=%2F%2Fi.ytimg.com%2Fvi%2F9B7ONOR_jSM%2Fhqdefault.jpg\" class=\"pL\"><div class=\"tC\"><div class=\"tT\"><\/div><\/div><div class=\"play\"><\/div><div class=\"ctrl\"><div class=\"Lctrl\"><\/div><div class=\"Rctrl\"><\/div><\/div><\/div><noscript><a href=\"https:\/\/youtu.be\/9B7ONOR_jSM\" rel=\"nofollow noopener\" target=\"_blank\"><img loading=\"lazy\" decoding=\"async\" src=\"https:\/\/www.markus-schall.de\/wp-content\/plugins\/wp-youtube-lyte\/lyteCache.php?origThumbUrl=https%3A%2F%2Fi.ytimg.com%2Fvi%2F9B7ONOR_jSM%2F0.jpg\" alt=\"Vignette de la vid\u00e9o YouTube\" width=\"640\" height=\"340\" \/><br \/>Lire cette vid\u00e9o sur YouTube<\/a><\/noscript><\/div><\/div><div class=\"lL\" style=\"max-width:100%;width:640px;margin:5px;\"><\/div><br \/>\nIran : les premiers jours de cette guerre | <a href=\"https:\/\/www.youtube.com\/@ARTEde\" target=\"_blank\" rel=\"nofollow noopener\">Reportage ARTE<\/a><\/p>\n<p>Parall\u00e8lement, des dizaines de milliers d'Iraniens exil\u00e9s au Kurdistan irakien attendent avec impatience leur retour, tandis que le r\u00e9gime cultive son propre r\u00e9cit. L'espoir et la r\u00e9pression se c\u00f4toient comme rarement auparavant.<\/p>\n<h2>Des sc\u00e9narios nucl\u00e9aires autrefois impensables<\/h2>\n<p>Il y a quelques ann\u00e9es encore, personne ou presque n'aurait s\u00e9rieusement \u00e9voqu\u00e9 le fait que l'utilisation d'armes nucl\u00e9aires tactiques \u00e9tait r\u00e9ellement envisageable au Proche-Orient. La plupart des experts auraient consid\u00e9r\u00e9 cela comme un discours alarmiste, un jeu d'esprit th\u00e9orique sans pertinence pour la pratique. Mais aujourd'hui, nous nous trouvons dans une situation o\u00f9 ce sujet n'est pas seulement discut\u00e9 de mani\u00e8re analytique, mais est entr\u00e9 dans la r\u00e9alit\u00e9 de la strat\u00e9gie militaire.<\/p>\n<p>Les raisons en sont multiples. Tout d'abord, la situation particuli\u00e8re d'Isra\u00ebl : un petit pays, dens\u00e9ment peupl\u00e9, entour\u00e9 d'adversaires disposant d'une technologie de missiles et de drones de plus en plus sophistiqu\u00e9e. Lorsqu'un \u00c9tat a le sentiment que son existence est physiquement menac\u00e9e et que les moyens conventionnels atteignent leurs limites, des mesures qui \u00e9taient auparavant taboues entrent dans le domaine du concevable.<\/p>\n<p>Et puis il y a l'Iran. Un pays qui poss\u00e8de une culture de la s\u00e9curit\u00e9 compl\u00e8tement diff\u00e9rente et dont les ambitions de puissance r\u00e9gionale visent ouvertement \u00e0 saper Isra\u00ebl politiquement, psychologiquement et militairement. Ces derni\u00e8res ann\u00e9es, l'Iran a non seulement d\u00e9velopp\u00e9 massivement ses syst\u00e8mes balistiques, mais il a \u00e9galement renforc\u00e9 son r\u00e9seau de groupes suppl\u00e9tifs de telle sorte qu'une dissuasion conventionnelle semble de plus en plus inefficace.<\/p>\n<p>Cette combinaison cr\u00e9e un climat g\u00e9opolitique dans lequel le seuil de l'impensable s'abaisse. Cela ne signifie pas qu'une utilisation nucl\u00e9aire est probable - mais elle n'est plus impensable. Et ce seul fait change toute la dynamique.<\/p>\n<h3>Effets de domino : Quand une bombe tombe<\/h3>\n<p>Lorsque l'on parle de sc\u00e9narios nucl\u00e9aires, il ne faut pas \u00eatre na\u00eff. L'utilisation d'une arme nucl\u00e9aire tactique - quel que soit le camp - \u00e9branlerait toute l'architecture de la s\u00e9curit\u00e9 internationale.<\/p>\n<p>Cela ne concerne pas seulement Isra\u00ebl et l'Iran. Cela concerne toute la r\u00e9gion et, au-del\u00e0, chaque \u00c9tat li\u00e9 d'une mani\u00e8re ou d'une autre au conflit.<\/p>\n<h3>La r\u00e9action imm\u00e9diate de l'Iran<\/h3>\n<p>Une frappe nucl\u00e9aire contre le territoire iranien serait un \u00e9v\u00e9nement qui stabiliserait - et non affaiblirait - le r\u00e9gime de T\u00e9h\u00e9ran sur le plan de la politique int\u00e9rieure. Toute opposition serait brusquement r\u00e9duite au silence. Les dirigeants pourraient l\u00e9gitimer toutes les mesures militaires, quelle que soit leur port\u00e9e, en tant que \u201ed\u00e9fense de la patrie\u201c. Et ils auraient probablement un fort soutien politique interne.<\/p>\n<p>L'Iran tenterait de riposter imm\u00e9diatement et massivement. Cela pourrait se faire par le biais de missiles, de drones ou de milices - en fonction des moyens qui seraient encore op\u00e9rationnels apr\u00e8s une telle frappe. Une deuxi\u00e8me, troisi\u00e8me et quatri\u00e8me attaque ne serait pas \u00e0 exclure, car T\u00e9h\u00e9ran ne peut pas se permettre d'appara\u00eetre comme vaincu ou intimid\u00e9.<\/p>\n<h3>Le r\u00f4le du Pakistan<\/h3>\n<p>Ici, le sc\u00e9nario devient global. Le Pakistan est une puissance nucl\u00e9aire ayant des liens religieux et culturels \u00e9troits avec le monde islamique. Une attaque d'un pays musulman par une arme nucl\u00e9aire - m\u00eame si elle \u00e9tait militairement limit\u00e9e - d\u00e9clencherait une \u00e9norme pression sur le gouvernement pakistanais.<\/p>\n<p>Le Pakistan r\u00e9agirait-il vraiment de mani\u00e8re nucl\u00e9aire ? Tr\u00e8s peu probable - car ce serait un acte suicidaire pour le pays. Mais : l'escalade rh\u00e9torique serait gigantesque. L'arm\u00e9e pourrait \u00eatre mobilis\u00e9e. Et la menace \u00e0 elle seule aggraverait dramatiquement la situation.<\/p>\n<h3>Les \u00c9tats arabes<\/h3>\n<p>L'Arabie saoudite, les \u00c9mirats arabes unis, le Qatar - tous seraient dans une position difficile. Nombre d'entre eux collaborent secr\u00e8tement ou ouvertement avec Isra\u00ebl, mais une frappe nucl\u00e9aire contre un pays musulman d\u00e9clencherait une vague d'\u00e9motions qui mettrait une pression \u00e9norme sur leurs gouvernements. Ils seraient contraints de se positionner publiquement, m\u00eame s'ils pr\u00e9f\u00e9reraient strat\u00e9giquement l'\u00e9viter.<\/p>\n<h3>L'Ouest<\/h3>\n<p>Une utilisation nucl\u00e9aire par Isra\u00ebl plongerait les Etats-Unis et l'Europe dans un profond dilemme. Ils ne pourraient pas soutenir ouvertement cette action sans perdre tout leur fondement moral - mais ils ne pourraient pas non plus la condamner clairement sans d\u00e9truire leur ligne politique en mati\u00e8re de s\u00e9curit\u00e9. L'Occident serait paralys\u00e9.<\/p>\n<p>Et c'est pr\u00e9cis\u00e9ment la position la plus dangereuse dans une crise nucl\u00e9aire.<\/p>\n<h3>Ce que les grandes puissances peuvent r\u00e9ellement contr\u00f4ler aujourd'hui - et ce qui ne l'est pas<\/h3>\n<p>Pendant longtemps, l'id\u00e9e que les grandes puissances - les \u00c9tats-Unis, la Russie, la Chine - \u00e9taient en mesure de stabiliser ou du moins de limiter les conflits r\u00e9gionaux a pr\u00e9valu. Mais la situation actuelle montre clairement que cette influence n'est plus ce qu'elle \u00e9tait.<\/p>\n<ul>\n<li><strong>Les \u00c9tats-Unis<\/strong>: Les Etats-Unis sont confront\u00e9s \u00e0 une surcharge g\u00e9opolitique. Ils doivent \u00e0 la fois stabiliser l'Europe, contenir la Chine et garder un \u0153il sur le Moyen-Orient. Leur capacit\u00e9 \u00e0 stopper Isra\u00ebl ou \u00e0 freiner l'Iran est limit\u00e9e. Ils peuvent conseiller, avertir, menacer - mais ils ne peuvent pas dicter de d\u00e9cisions aux acteurs r\u00e9gionaux.<\/li>\n<li><strong>Russie<\/strong>Moscou a historiquement une influence sur l'Iran, mais les d\u00e9pendances vont aujourd'hui dans les deux sens. La Russie a besoin de la technologie des drones iraniens et d'un soutien politique. Elle peut donner des recommandations \u00e0 l'Iran, mais pas des ordres. Une utilisation nucl\u00e9aire d\u00e9clencherait certes une alarme \u00e0 Moscou, mais la Russie ne pourrait ni l'emp\u00eacher ni y r\u00e9pondre efficacement.<\/li>\n<li><strong>Chine<\/strong>La Chine a d'autres priorit\u00e9s : la stabilit\u00e9 \u00e9conomique, les corridors de la Route de la Soie, l'approvisionnement \u00e9nerg\u00e9tique. P\u00e9kin ne veut pas d'escalade - mais elle ne prendra pas le risque de s'opposer ouvertement \u00e0 l'Iran. L'influence de la Chine consiste avant tout en une retenue diplomatique, et non en une gestion strat\u00e9gique.<\/li>\n<\/ul>\n<p>R\u00e9sultat : pour la premi\u00e8re fois depuis des d\u00e9cennies, nous nous trouvons dans un monde o\u00f9 aucune grande puissance ne dispose plus de leviers suffisants pour emp\u00eacher \u00e0 coup s\u00fbr une escalade nucl\u00e9aire. Cela ne signifie pas qu'une escalade est probable - mais qu'elle est possible. Et cela suffit \u00e0 rendre instable l'ensemble de la structure g\u00e9opolitique.<\/p>\n<p><img loading=\"lazy\" decoding=\"async\" class=\"alignnone wp-image-5221 size-full\" src=\"https:\/\/www.markus-schall.de\/wp-content\/uploads\/Israel-Iran-Strategischer-Albtraum-Medien.jpg\" alt=\"Le r\u00f4le des m\u00e9dias\" width=\"1024\" height=\"683\" srcset=\"https:\/\/www.markus-schall.de\/wp-content\/uploads\/Israel-Iran-Strategischer-Albtraum-Medien.jpg 1024w, https:\/\/www.markus-schall.de\/wp-content\/uploads\/Israel-Iran-Strategischer-Albtraum-Medien-300x200.jpg 300w, https:\/\/www.markus-schall.de\/wp-content\/uploads\/Israel-Iran-Strategischer-Albtraum-Medien-768x512.jpg 768w, https:\/\/www.markus-schall.de\/wp-content\/uploads\/Israel-Iran-Strategischer-Albtraum-Medien-18x12.jpg 18w\" sizes=\"auto, (max-width: 1024px) 100vw, 1024px\" \/><\/p>\n<h2>Le r\u00f4le des m\u00e9dias : le manque d'informations comme risque pour la s\u00e9curit\u00e9<\/h2>\n<p>Si l'on veut comprendre pourquoi tant de gens en Europe, et en particulier en Allemagne, ne parviennent pas \u00e0 comprendre la gravit\u00e9 de la situation actuelle, il faut examiner le fonctionnement des m\u00e9dias occidentaux. Non pas dans le sens d'une critique conspirationniste, mais sobrement : nos m\u00e9dias fonctionnent traditionnellement avec un filtre destin\u00e9 \u00e0 rassurer la population au lieu de la confronter de plein fouet \u00e0 la r\u00e9alit\u00e9.<\/p>\n<p>Ce principe a des racines historiques. Depuis des d\u00e9cennies, les m\u00e9dias publics et les grandes entreprises priv\u00e9es s'efforcent de pr\u00e9senter les conflits de mani\u00e8re structur\u00e9e, ordonn\u00e9e et de fa\u00e7on \u00e0 susciter le moins possible de craintes d'escalade. Les nouvelles doivent informer, mais pas surcharger. Elles doivent expliquer, mais pas traumatiser. Et ils doivent toujours donner l'impression que les institutions politiques ont \u201etout sous contr\u00f4le\u201c.<\/p>\n<p>Le probl\u00e8me est le suivant : Dans une situation comme celle que nous vivons actuellement, c'est pr\u00e9cis\u00e9ment cette attitude qui conduit les gens \u00e0 se faire une fausse id\u00e9e de la r\u00e9alit\u00e9. Lorsque des attaques de missiles nocturnes, des impacts massifs, une surcharge des syst\u00e8mes de d\u00e9fense et des signaux d'escalade g\u00e9opolitique sont r\u00e9unis dans un bulletin d'information de trois minutes, cela cr\u00e9e un vide dangereux entre la situation r\u00e9elle et la conscience du public.<\/p>\n<p>Et ce vide n'est pas anodin. Il influence les d\u00e9cisions politiques, les d\u00e9bats d\u00e9mocratiques, les priorit\u00e9s sociales - et au final la capacit\u00e9 d'un pays \u00e0 prendre les crises au s\u00e9rieux avant qu'elles ne l'atteignent.<\/p>\n<h3>Les vraies images qui ne sont pas montr\u00e9es<\/h3>\n<p>Il y a un net d\u00e9calage entre ce que les gens voient sur les r\u00e9seaux sociaux et ce que les m\u00e9dias traditionnels montrent. Alors que des vid\u00e9os non filtr\u00e9es d'impacts, de tirs de roquettes et de destruction circulent sur le web, les images diffus\u00e9es dans les \u00e9missions d'information classiques ressemblent souvent \u00e0 des illustrations abstraites d'une situation pr\u00e9tendument contr\u00f4l\u00e9e. Les raisons en sont multiples :<\/p>\n<ul>\n<li><strong>Prudence r\u00e9dactionnelle<\/strong>: les images \u00e0 fort impact \u00e9motionnel ne doivent pas \u00eatre diffus\u00e9es de mani\u00e8re incontr\u00f4l\u00e9e afin de ne pas choquer ou radicaliser la population.<\/li>\n<li><strong>Responsabilit\u00e9 politique<\/strong>De nombreuses r\u00e9dactions estiment qu'il est de leur devoir de ne pas mettre inutilement en danger la stabilit\u00e9 de l'Etat, notamment en cas de crise internationale.<\/li>\n<li><strong>L'identit\u00e9 des m\u00e9dias de service public<\/strong>Ils doivent donner une orientation, pas \u00eatre trop exigeants. Cela conduit souvent \u00e0 ce que ce qui se passe r\u00e9ellement soit press\u00e9 dans un sch\u00e9ma qui semble plus p\u00e9dagogique que journalistique.<\/li>\n<\/ul>\n<p>Mais l'effet de ce filtrage est fatal : les gens sentent que quelque chose ne va pas, mais ils ne re\u00e7oivent pas assez d'informations pour classer ce sentiment. La m\u00e9fiance s'accro\u00eet ainsi - et en m\u00eame temps, la majorit\u00e9 reste passive, car la pr\u00e9sentation officielle ne v\u00e9hicule pas la gravit\u00e9 de la situation.<\/p>\n<p>On pourrait dire que les gens voient le monde \u00e0 travers une vitre en verre d\u00e9poli. Ils devinent les contours du danger, mais pas sa forme.<\/p>\n<h3>Cons\u00e9quences de la distorsion de l'information : une population qui vit sans conscience de la situation<\/h3>\n<p>Les soci\u00e9t\u00e9s ne peuvent surmonter les crises que si elles connaissent la r\u00e9alit\u00e9. \u00catre inform\u00e9 est un facteur de politique de s\u00e9curit\u00e9 - pas un luxe. Mais c'est pr\u00e9cis\u00e9ment l\u00e0 qu'appara\u00eet un probl\u00e8me structurel dans la situation actuelle.<\/p>\n<ol>\n<li><strong>La prise de d\u00e9cision d\u00e9mocratique est rendue plus difficile<\/strong><br \/>\nSi la population ne comprend pas \u00e0 quel point une situation g\u00e9opolitique est r\u00e9ellement dangereuse, elle prend des d\u00e9cisions sur la base d'une vision d\u00e9form\u00e9e du monde. Elle a confiance dans le fait que les institutions \u00e9tatiques ont tout sous contr\u00f4le, alors que ces institutions elles-m\u00eames n'ont souvent pas de strat\u00e9gie claire.<br \/>\nUne d\u00e9mocratie a besoin de citoyens responsables - mais la responsabilit\u00e9 suppose des connaissances.<\/li>\n<li><strong>La pression politique fait d\u00e9faut<\/strong><br \/>\nLes gouvernements ne r\u00e9agissent g\u00e9n\u00e9ralement aux crises internationales que lorsque la pression de la population augmente. Mais lorsque les gens ne voient que des versions \u00e9dulcor\u00e9es de la r\u00e9alit\u00e9, la pression politique s'affaiblit \u00e9galement. Il en r\u00e9sulte une inertie qui peut s'av\u00e9rer dangereuse dans les situations d'escalade.<\/li>\n<li><strong>Manque de r\u00e9silience dans la soci\u00e9t\u00e9<\/strong><br \/>\nLa r\u00e9silience - c'est-\u00e0-dire la capacit\u00e9 \u00e0 faire face aux crises - ne na\u00eet pas de l'apaisement, mais d'une \u00e9valuation r\u00e9aliste. Une soci\u00e9t\u00e9 qui ne per\u00e7oit les crises que sous une forme abstraite sera surprise et d\u00e9pass\u00e9e en cas d'urgence.<br \/>\nLa transition psychologique entre \u201ec'est loin\u201c et \u201ecela nous concerne directement\u201c peut se faire en quelques heures - et c'est pr\u00e9cis\u00e9ment \u00e0 ce moment-l\u00e0 qu'un pays a besoin d'une population inform\u00e9e, qui ne r\u00e9agit pas dans la panique, mais qui comprend ce qui se passe.<\/li>\n<li><strong>Espace pour la propagande, la sp\u00e9culation et la peur<\/strong><br \/>\nLorsque les informations officielles ne suffisent pas, les gens cherchent d'autres sources. C'est humain. Mais cela ouvre la porte \u00e0 la d\u00e9sinformation, \u00e0 la dramatisation, aux r\u00e9cits de conspiration ou \u00e0 la surinterpr\u00e9tation de certains \u00e9v\u00e9nements.<\/li>\n<\/ol>\n<p>Et c'est exactement ce que nous vivons actuellement \u00e0 grande \u00e9chelle. Les lacunes en mati\u00e8re d'information ne sont pas combl\u00e9es par de bonnes alternatives, mais par des interpr\u00e9tations extr\u00eames - alors que, dans le m\u00eame temps, les m\u00e9dias officiels continuent de jouer l'apaisement.<\/p>\n<p>C'est la combinaison la plus dangereuse qui soit : une population qui sent instinctivement que la situation est grave - mais qui ne re\u00e7oit aucun outil de la part de ses propres m\u00e9dias pour classer ce sentiment.<\/p>\n<h3>Pourquoi cette d\u00e9faillance des m\u00e9dias aggrave le conflit<\/h3>\n<p>Il serait r\u00e9ducteur de croire que les m\u00e9dias n'ont qu'un r\u00f4le passif dans cette crise. En r\u00e9alit\u00e9, ils influencent la dynamique :<br \/>\nLes gouvernements agissent souvent en fonction de la mani\u00e8re dont leur propre population per\u00e7oit la situation.<\/p>\n<p>Les pays alli\u00e9s observent \u00e0 leur tour l'\u00e9tat d'esprit de l'opinion publique afin d'y adapter leurs d\u00e9cisions strat\u00e9giques.<br \/>\nLes opposants profitent de chaque faiblesse visible de l'Occident en mati\u00e8re d'information pour renforcer leur propre position.<\/p>\n<p>Un \u00c9tat dont la population ne voit pas la r\u00e9alit\u00e9 perd sa marge de man\u0153uvre. Il r\u00e9agit trop tard, trop timidement ou trop impulsivement. Et dans une phase d'escalade comme celle-ci, c'est pr\u00e9cis\u00e9ment cela qui est dangereux.<\/p>\n<p>La distorsion m\u00e9diatique ne cr\u00e9e pas seulement un manque d'information, mais aussi une c\u00e9cit\u00e9 strat\u00e9gique. Et l'aveuglement strat\u00e9gique est la derni\u00e8re chose que l'Occident peut se permettre dans cette situation.<\/p>\n<h3>Comment les images m\u00e9diatiques fa\u00e7onnent notre perception des conflits<\/h3>\n<p><a href=\"https:\/\/www.markus-schall.de\/fr\/2026\/01\/propagande-histoire-methodes-formes-modernes-et-comment-les-reconnaitre\/\"><img loading=\"lazy\" decoding=\"async\" class=\"alignright size-medium wp-image-4233\" src=\"https:\/\/www.markus-schall.de\/wp-content\/uploads\/Propaganda-titel-300x200.jpg\" alt=\"Qu&#039;est-ce que la propagande ?\" width=\"300\" height=\"200\" srcset=\"https:\/\/www.markus-schall.de\/wp-content\/uploads\/Propaganda-titel-300x200.jpg 300w, https:\/\/www.markus-schall.de\/wp-content\/uploads\/Propaganda-titel-768x512.jpg 768w, https:\/\/www.markus-schall.de\/wp-content\/uploads\/Propaganda-titel-18x12.jpg 18w, https:\/\/www.markus-schall.de\/wp-content\/uploads\/Propaganda-titel.jpg 1024w\" sizes=\"auto, (max-width: 300px) 100vw, 300px\" \/><\/a>Pour comprendre l'escalade actuelle entre l'Iran et Isra\u00ebl, il faut \u00e9galement comprendre comment fonctionnent les guerres modernes de l'information. Aujourd'hui, les guerres ne sont pas seulement men\u00e9es avec des missiles, mais aussi avec des images, des r\u00e9cits et des gros titres charg\u00e9s d'\u00e9motion. La propagande ne signifie pas n\u00e9cessairement des mensonges ouverts, mais souvent une s\u00e9lection cibl\u00e9e d'informations visant \u00e0 cr\u00e9er une certaine perception. Souvent, les faits, les demi-v\u00e9rit\u00e9s et les images fortes sont combin\u00e9s de mani\u00e8re \u00e0 d\u00e9clencher des \u00e9motions et \u00e0 influencer les interpr\u00e9tations politiques. Ce sont pr\u00e9cis\u00e9ment ces m\u00e9canismes - des images symboliques \u00e9motionnelles aux reportages s\u00e9lectifs - que j'analyse en d\u00e9tail dans l'article de fond <a href=\"https:\/\/www.markus-schall.de\/fr\/2026\/01\/propagande-histoire-methodes-formes-modernes-et-comment-les-reconnaitre\/\"><em><strong>\u201ePropagande : histoire, m\u00e9thodes, formes modernes et comment les reconna\u00eetre\u201c<\/strong><\/em><\/a>, Ce livre montre comment les r\u00e9cits m\u00e9diatiques sont cr\u00e9\u00e9s et pourquoi ils sont particuli\u00e8rement efficaces en temps de crise.<\/p>\n<hr \/>\n<h3>Dernier sondage sur la confiance dans la politique et les m\u00e9dias<\/h3>\n<div class='bootstrap-yop yop-poll-mc'>\n\t\t\t\t\t\t\t<div class=\"basic-yop-poll-container\" style=\"background-color:#ffffff; border:0px; border-style:solid; border-color:#000000; border-radius:5px; padding:0px 5px;\" data-id=\"1\" data-temp=\"basic-pretty\" data-skin=\"square\" data-cscheme=\"blue\" data-cap=\"0\" data-access=\"guest\" data-tid=\"\" data-uid=\"0c64c2cebd3adab377ec22590e930bda\" data-pid=\"4325\" data-resdet=\"votes-number,percentages\" data-show-results-to=\"guest\" data-show-results-moment=\"after-vote\" data-show-results-only=\"false\" data-show-message=\"true\" data-show-results-as=\"bar\" data-sort-results-by=\"as-defined\" data-sort-results-rule=\"asc\"data-is-ended=\"0\" data-percentages-decimals=\"2\" data-gdpr=\"no\" data-gdpr-sol=\"consent\" data-css=\"\" data-counter=\"0\" data-load-with=\"1\" data-notification-section=\"top\"><div class=\"row\"><div class=\"col-md-12\"><div class=\"basic-inner\"><div class=\"basic-message hide\" style=\"border-left: 10px solid #008000; padding: 0px 10px;\" data-error=\"#ff0000\" data-success=\"#008000\"><p class=\"basic-message-text\" style=\"color:#000000; font-size:14px; font-weight:normal;\"><\/p><\/div><div class=\"basic-overlay hide\"><div class=\"basic-vote-options\"><\/div><div class=\"basic-preloader\"><div class=\"basic-windows8\"><div class=\"basic-wBall basic-wBall_1\"><div class=\"basic-wInnerBall\"><\/div><\/div><div class=\"basic-wBall basic-wBall_2\"><div class=\"basic-wInnerBall\"><\/div><\/div><div class=\"basic-wBall basic-wBall_3\"><div class=\"basic-wInnerBall\"><\/div><\/div><div class=\"basic-wBall basic-wBall_4\"><div class=\"basic-wInnerBall\"><\/div><\/div><div class=\"basic-wBall basic-wBall_5\"><div class=\"basic-wInnerBall\"><\/div><\/div><\/div><\/div><\/div><form class=\"basic-form\" action=\"\"><input type=\"hidden\" name=\"_token\" value=\"f25084482d\" autocomplete=\"off\"><div class=\"basic-elements\"><div class=\"basic-element basic-question basic-question-text-vertical\" data-id=\"1\" data-uid=\"f3c5756021d755613b7dc61f78914a82\" data-type=\"question\" data-question-type=\"text\" data-required=\"yes\" data-allow-multiple=\"no\" data-min=\"1\" data-max=\"1\" data-display=\"vertical\" data-colnum=\"\" data-display-others=\"no\" data-others-color=\"\" data-others=\"\" data-others-max-chars=\"0\"><div class=\"basic-question-title\"><h5 style=\"color:#000000; font-size:16px; font-weight:normal; text-align:left;\">Quelle est ta confiance dans la politique et les m\u00e9dias en Allemagne ?<\/h5><\/div><ul class=\"basic-answers\"><li class=\"basic-answer\" style=\"padding:0px 0px;\" data-id=\"1\" data-type=\"text\" data-vn=\"10\" data-color=\"#000000\" data-make-link=\"no\" data-link=\"\"><div class=\"basic-answer-content basic-text-vertical\"><label for=\"answer[1]\" class=\"basic-answer-label\"><input type=\"radio\" id=\"answer[1]\" name=\"answer[1]\" value=\"1\"><span class=\"basic-text\" style=\"color: #000000; font-size: 14px; font-weight: normal;\">Tr\u00e8s \u00e9lev\u00e9 - J'ai une confiance absolue dans les organismes officiels<\/span><\/label><\/div><\/li><li class=\"basic-answer\" style=\"padding:0px 0px;\" data-id=\"2\" data-type=\"text\" data-vn=\"22\" data-color=\"#000000\" data-make-link=\"no\" data-link=\"\"><div class=\"basic-answer-content basic-text-vertical\"><label for=\"answer[2]\" class=\"basic-answer-label\"><input type=\"radio\" id=\"answer[2]\" name=\"answer[1]\" value=\"2\"><span class=\"basic-text\" style=\"color: #000000; font-size: 14px; font-weight: normal;\">Moyen - Je suis prudent, mais pas fondamentalement m\u00e9fiant<\/span><\/label><\/div><\/li><li class=\"basic-answer\" style=\"padding:0px 0px;\" data-id=\"3\" data-type=\"text\" data-vn=\"53\" data-color=\"#000000\" data-make-link=\"no\" data-link=\"\"><div class=\"basic-answer-content basic-text-vertical\"><label for=\"answer[3]\" class=\"basic-answer-label\"><input type=\"radio\" id=\"answer[3]\" name=\"answer[1]\" value=\"3\"><span class=\"basic-text\" style=\"color: #000000; font-size: 14px; font-weight: normal;\">Faible - Je v\u00e9rifie beaucoup de choses moi-m\u00eame<\/span><\/label><\/div><\/li><li class=\"basic-answer\" style=\"padding:0px 0px;\" data-id=\"4\" data-type=\"text\" data-vn=\"251\" data-color=\"#000000\" data-make-link=\"no\" data-link=\"\"><div class=\"basic-answer-content basic-text-vertical\"><label for=\"answer[4]\" class=\"basic-answer-label\"><input type=\"radio\" id=\"answer[4]\" name=\"answer[1]\" value=\"4\"><span class=\"basic-text\" style=\"color: #000000; font-size: 14px; font-weight: normal;\">Pratiquement inexistant - Je pense que beaucoup de choses sont dissimul\u00e9es ou mises en sc\u00e8ne<\/span><\/label><\/div><\/li><\/ul><\/div><div class=\"clearfix\"><\/div><\/div><div class=\"basic-vote\"><a href=\"#\" class=\"button basic-vote-button\" role=\"button\" style=\"background:#027bb8; border:0px; border-style: solid; border-color:#1636f0; border-radius:5px; padding:10px 10px; color:#ffffff; font-size:14px; font-weight:normal;\">Votez<\/a><\/div><input type=\"hidden\" name=\"trp-form-language\" value=\"fr\"\/><\/form><\/div><\/div><\/div><\/div>\n\t\t\t\t\t\t<\/div>\n<hr \/>\n<h2>Le tremblement \u00e9conomique : Pourquoi les entreprises se taisent<\/h2>\n<p>Lorsqu'un conflit comme celui entre Isra\u00ebl et l'Iran s'envenime, on ne le ressent pas seulement dans les r\u00e9actions politiques, les prises de position diplomatiques ou les mouvements militaires. On le sent surtout \u00e0 un ph\u00e9nom\u00e8ne qui commence doucement, mais qui p\u00e8se lourd : L'\u00e9conomie devient nerveuse. Et la nervosit\u00e9, dans le contexte \u00e9conomique, est un signal qui a un impact \u00e9norme.<\/p>\n<p>Ce n'est pas un hasard si, dans de nombreuses entreprises, les t\u00e9l\u00e9phones se taisent, les investissements sont report\u00e9s et les processus de d\u00e9cision s'enlisent. Les gens r\u00e9agissent instinctivement \u00e0 l'incertitude. Et les entreprises ne sont finalement rien d'autre que des groupes organis\u00e9s de personnes qui tentent de minimiser les risques. Dans de telles p\u00e9riodes, le point de vue change :<\/p>\n<ul>\n<li>On ne pense plus de mani\u00e8re expansive, mais d\u00e9fensive.<\/li>\n<li>On ne mise plus sur la croissance, mais sur la stabilit\u00e9.<\/li>\n<li>On \u00e9vite de s'engager \u00e0 long terme et on retient les liquidit\u00e9s.<\/li>\n<\/ul>\n<p>Les conflits g\u00e9opolitiques entra\u00eenent une sorte de paralysie \u00e9conomique. Et c'est pr\u00e9cis\u00e9ment cette rigidit\u00e9 de choc que l'on commence \u00e0 ressentir depuis des mois dans le monde entier - en particulier en Europe, et de mani\u00e8re remarquablement forte en Allemagne, o\u00f9 la structure \u00e9conomique de base est de toute fa\u00e7on sous pression depuis des ann\u00e9es.<\/p>\n<p>La raison en est simple : l'\u00e9conomie a besoin de pr\u00e9visibilit\u00e9. Or, cette pr\u00e9visibilit\u00e9 a actuellement disparu, \u00e0 l'\u00e9chelle mondiale et dans des proportions qui rappellent la crise \u00e9nerg\u00e9tique, la crise financi\u00e8re ou m\u00eame des points de rupture historiques.<\/p>\n<h3>Prix de l'\u00e9nergie, voies de transport, primes de risque<\/h3>\n<p>Le Moyen-Orient n'est pas n'importe quelle r\u00e9gion - c'est le carrefour de l'approvisionnement \u00e9nerg\u00e9tique mondial, des routes commerciales et de la stabilit\u00e9 g\u00e9opolitique. D\u00e8s que cette r\u00e9gion vacille, des syst\u00e8mes \u00e9conomiques apparemment tr\u00e8s \u00e9loign\u00e9s sont automatiquement \u00e9branl\u00e9s.<\/p>\n<ul>\n<li><strong>La question de l'\u00e9nergie<\/strong><br \/>\nUne seule \u00e9tincelle dans le golfe Persique suffit \u00e0 faire bondir les prix du p\u00e9trole. Et pas lentement, mais en quelques heures. Les entreprises doivent r\u00e9agir. Les secteurs \u00e0 forte consommation d'\u00e9nergie ne souffrent alors pas l'ann\u00e9e prochaine, mais imm\u00e9diatement. Toute agitation dans le d\u00e9troit d'Ormuz, toute menace contre les p\u00e9troliers, toute allusion \u00e0 un blocus maritime agit comme un signal de prix en temps r\u00e9el. Pour l'Europe - d\u00e9j\u00e0 d\u00e9pendante de sources d'\u00e9nergie externes - cela signifie que le risque devient un facteur de co\u00fbt qui ronge toutes les cha\u00eenes d'approvisionnement.<\/li>\n<li><strong>Les voies de transport, talon d'Achille<\/strong><br \/>\nL'\u00e9conomie moderne est interd\u00e9pendante \u00e0 l'\u00e9chelle mondiale et les routes commerciales sont plus \u00e9troitement li\u00e9es que jamais. D\u00e8s que des incertitudes apparaissent en mer Rouge, dans le golfe d'Oman ou en M\u00e9diterran\u00e9e orientale, les co\u00fbts de fret, les primes d'assurance et les d\u00e9lais de livraison augmentent.<br \/>\nL'\u00e9conomie peut sembler abstraite - mais elle est sensible comme un syst\u00e8me nerveux. Lorsqu'un gros nerf est irrit\u00e9, c'est tout le syst\u00e8me qui vibre.<\/li>\n<li><strong>Assurances et primes de risque<\/strong><br \/>\nEn p\u00e9riode de crise g\u00e9opolitique, les assurances deviennent nerveuses - et lorsque les assurances deviennent nerveuses, l'\u00e9conomie devient ch\u00e8re. Les primes de risque augmentent, les cr\u00e9dits se rench\u00e9rissent et les projets \u00e0 faible marge deviennent soudainement non rentables.<\/li>\n<\/ul>\n<p>Nous vivons dans un monde o\u00f9 les risques politiques sont imm\u00e9diatement traduits en indicateurs \u00e9conomiques. Et cela se produit actuellement \u00e0 une vitesse qui en surprend plus d'un.<\/p>\n<h3>Les entreprises passent instinctivement en mode \u201ewait and see\u201c.\u201c<\/h3>\n<p>Le comportement \u00e9conomique ne suit pas seulement des analyses rationnelles. Il suit des mod\u00e8les psychologiques. Et ces mod\u00e8les sont vieux de plusieurs si\u00e8cles.<br \/>\nEn p\u00e9riode de grande incertitude, les gens font ce qu'ils pensent intuitivement \u00eatre juste :<\/p>\n<ul>\n<li>Cr\u00e9er des r\u00e9serves<\/li>\n<li>Reporter les investissements<\/li>\n<li>Minimiser les obligations<\/li>\n<li>\u00c9viter les risques<\/li>\n<\/ul>\n<p>Les entreprises ne se comportent pas diff\u00e9remment. Lorsque la situation g\u00e9opolitique s'aggrave, il y a trois r\u00e9actions typiques :<\/p>\n<ul>\n<li><strong>Report des d\u00e9cisions<\/strong>Les nouveaux projets, les achats, les embauches - tout est remis \u00e0 plus tard.<\/li>\n<li><strong>Focalisation sur les domaines cl\u00e9s<\/strong>Les entreprises se concentrent sur ce qui est s\u00fbr et \u00e9vitent l'exp\u00e9rimentation.<\/li>\n<li><strong>Discipline des co\u00fbts et protection des liquidit\u00e9s<\/strong>Les surprises ne sont pas les bienvenues.<\/li>\n<\/ul>\n<p>Ces sch\u00e9mas ne sont pas irrationnels. Ils sont n\u00e9cessaires \u00e0 la survie - mais ils entra\u00eenent un ralentissement sur le plan macro\u00e9conomique, particuli\u00e8rement visible en p\u00e9riode de crise.<\/p>\n<p>Cela explique pourquoi de nombreux secteurs semblent moins dynamiques malgr\u00e9 des carnets de commandes pleins. Le soubassement est \u00e9branl\u00e9 et personne ne veut \u00eatre celui qui investit courageusement au mauvais moment alors que la situation semble encore pire demain.<\/p>\n<h3>Les gens sentent que \u201equelque chose ne va pas\u201c<\/h3>\n<p>Il est int\u00e9ressant de noter que l'incertitude \u00e9conomique est souvent perceptible avant m\u00eame d'\u00eatre mesurable. Les gens per\u00e7oivent intuitivement les risques g\u00e9opolitiques - m\u00eame s'ils ne lisent pas d'analyses d\u00e9taill\u00e9es. Ils voient les images, entendent les informations, ressentent l'ambiance. Et m\u00eame si les m\u00e9dias adoucissent beaucoup de choses, le ton de base suffit souvent \u00e0 faire na\u00eetre un sentiment diffus. Ce sentiment - que \u201equelque chose est dans l'air\u201c - a d'\u00e9normes r\u00e9percussions :<\/p>\n<ol>\n<li><strong>Les habitudes de consommation \u00e9voluent<\/strong><br \/>\nLes gens ach\u00e8tent moins, remettent leurs achats \u00e0 plus tard, planifient plus prudemment. La consommation n'est pas seulement une question d'argent, mais de confiance en l'avenir.<\/li>\n<li><strong>Les entreprises ressentent la r\u00e9ticence des clients<\/strong><br \/>\nLorsque les clients deviennent plus prudents, les entreprises le deviennent aussi automatiquement. La r\u00e9ticence se renforce mutuellement.<\/li>\n<li><strong>Le climat social d\u00e9rive vers l'alerte<\/strong><br \/>\nUne atmosph\u00e8re de crise entra\u00eene une polarisation politique, de la m\u00e9fiance et une tension collective de base. Cela r\u00e9duit la propension \u00e0 prendre des risques - et l'activit\u00e9 \u00e9conomique est bas\u00e9e sur le risque.<\/li>\n<li><strong>Perception amplifi\u00e9e ou masqu\u00e9e par les m\u00e9dias<\/strong><br \/>\nLorsque les images sont plus fortes que les mots, mais qu'elles ne sont montr\u00e9es que filtr\u00e9es, il en r\u00e9sulte une situation paradoxale : les gens voient moins, mais ressentent plus.<\/li>\n<\/ol>\n<p>Ce d\u00e9s\u00e9quilibre fait que l'incertitude augmente de mani\u00e8re incontr\u00f4l\u00e9e. Non pas parce qu'elle serait fond\u00e9e, mais parce qu'elle reste sans commentaire.<\/p>\n<h3>Pourquoi la paralysie \u00e9conomique est un signal d'alarme<\/h3>\n<p>Dans les conflits g\u00e9opolitiques, la paralysie \u00e9conomique n'est pas un effet secondaire - c'est un indicateur pr\u00e9coce. Elle indique qu'un syst\u00e8me entre dans une phase o\u00f9 les risques sont plus importants que les opportunit\u00e9s. Et c'est pr\u00e9cis\u00e9ment le danger structurel que nous observons actuellement : L'\u00e9conomie ne r\u00e9agit pas de mani\u00e8re excessive - elle r\u00e9agit correctement.<\/p>\n<p>En effet, un conflit qui s'envenime influence les prix de l'\u00e9nergie, les migrations, la s\u00e9curit\u00e9, le commerce, les march\u00e9s financiers, les cha\u00eenes d'approvisionnement et la stabilit\u00e9 politique. Tous ces facteurs sont interd\u00e9pendants. Et lorsqu'ils sont mis sous pression en m\u00eame temps, il en r\u00e9sulte une m\u00e9t\u00e9o \u00e9conomique g\u00e9n\u00e9rale difficile \u00e0 contrer.<\/p>\n<p>On pourrait dire qu'avant qu'une temp\u00eate g\u00e9opolitique ne devienne visible, on entend d'abord l'\u00e9conomie retenir son souffle. Et c'est exactement le moment que nous vivons actuellement.<\/p>\n<h3>Quand les conflits g\u00e9opolitiques et les d\u00e9cisions de l'IA co\u00efncident<\/h3>\n<p>Cette vid\u00e9o montre de mani\u00e8re impressionnante \u00e0 quel point les d\u00e9cisions en mati\u00e8re de politique de s\u00e9curit\u00e9 sont aujourd'hui li\u00e9es au changement d'\u00e8re technologique. Alors que les Etats-Unis et l'Iran \u00e9taient encore en train de n\u00e9gocier \u00e0 Gen\u00e8ve, Washington a rejet\u00e9 un jour plus tard un grand accord d\u00e9j\u00e0 pr\u00e9par\u00e9 avec Anthropic - et a sign\u00e9 \u00e0 la place un contrat avec OpenAI. Le moment ne semble pas fortuit, car les conflits modernes ne sont plus seulement men\u00e9s avec des missiles et des sanctions, mais aussi avec le pouvoir des donn\u00e9es, la domination de l'information et l'infrastructure de l'IA.<\/p>\n<div class=\"lyte-wrapper\" style=\"width:640px;max-width:100%;margin:5px;\"><div class=\"lyMe\" id=\"WYL_LYp3IkUBc20\"><div id=\"lyte_LYp3IkUBc20\" data-src=\"https:\/\/www.markus-schall.de\/wp-content\/plugins\/wp-youtube-lyte\/lyteCache.php?origThumbUrl=%2F%2Fi.ytimg.com%2Fvi%2FLYp3IkUBc20%2Fhqdefault.jpg\" class=\"pL\"><div class=\"tC\"><div class=\"tT\"><\/div><\/div><div class=\"play\"><\/div><div class=\"ctrl\"><div class=\"Lctrl\"><\/div><div class=\"Rctrl\"><\/div><\/div><\/div><noscript><a href=\"https:\/\/youtu.be\/LYp3IkUBc20\" rel=\"nofollow noopener\" target=\"_blank\"><img loading=\"lazy\" decoding=\"async\" src=\"https:\/\/www.markus-schall.de\/wp-content\/plugins\/wp-youtube-lyte\/lyteCache.php?origThumbUrl=https%3A%2F%2Fi.ytimg.com%2Fvi%2FLYp3IkUBc20%2F0.jpg\" alt=\"Vignette de la vid\u00e9o YouTube\" width=\"640\" height=\"340\" \/><br \/>Lire cette vid\u00e9o sur YouTube<\/a><\/noscript><\/div><\/div><div class=\"lL\" style=\"max-width:100%;width:640px;margin:5px;\"><\/div><br \/>\nGuerre d'Iran : et si ce n'\u00e9tait pas ce dont \u00e7a avait l'air ? |\u00a0<a href=\"https:\/\/www.youtube.com\/@salvatoreprinci\" target=\"_blank\" rel=\"nofollow noopener\">Salvatore Princi<\/a><\/p>\n<p>L'auteur de la vid\u00e9o relie ces \u00e9v\u00e9nements en une image plus large : la guerre en Iran ne doit pas \u00eatre consid\u00e9r\u00e9e de mani\u00e8re isol\u00e9e, mais fait partie d'un glissement global dans lequel les int\u00e9r\u00eats g\u00e9opolitiques, \u00e9conomiques et technologiques s'entrem\u00ealent. Il ne s'agit pas seulement de l'Iran et des parties impliqu\u00e9es elles-m\u00eames. mais surtout de dynamiques li\u00e9es, d'infrastructures d'IA, <a href=\"https:\/\/www.markus-schall.de\/fr\/2026\/01\/comprendre-la-monnaie-numerique-bitcoin-stablecoins-et-cbdcs-expliques-simplement\/\"><strong>Crypto-monnaies, Stable Coins<\/strong><\/a> et le US Genius Act.<\/p>\n<h2>La r\u00e9organisation mondiale : l'Occident perd sa position<\/h2>\n<p>Si l'on observe objectivement l'\u00e9volution de ces derni\u00e8res ann\u00e9es, on constate un sch\u00e9ma que l'on ne peut plus ignorer : La domination de l'Occident depuis des d\u00e9cennies s'effrite. Pas d'un coup, pas dans un \u00e9v\u00e9nement dramatique, mais dans une \u00e9rosion insidieuse, d'autant plus profonde. Pendant des d\u00e9cennies, le monde occidental s'est appuy\u00e9 sur le fait que ses mod\u00e8les politiques, sa puissance \u00e9conomique et ses structures en mati\u00e8re de politique de s\u00e9curit\u00e9 restaient d\u00e9terminants \u00e0 l'\u00e9chelle mondiale. Mais pendant que l'Occident s'enfermait dans cette certitude, de nouveaux centres de pouvoir ont \u00e9merg\u00e9, dynamiques, d\u00e9termin\u00e9s et bien moins d\u00e9pendants.<\/p>\n<p>Si ce d\u00e9placement a un impact aussi fort, c'est pr\u00e9cis\u00e9ment parce qu'il ne r\u00e9sulte pas de la faiblesse de certains \u00c9tats, mais d'un changement collectif. Des soci\u00e9t\u00e9s qui \u00e9taient autrefois consid\u00e9r\u00e9es comme des b\u00e9n\u00e9ficiaires de l'ordre occidental se pr\u00e9sentent aujourd'hui avec assurance et d\u00e9finissent leurs propres int\u00e9r\u00eats. Et plus ces \u00c9tats deviennent forts, plus il devient \u00e9vident que les anciennes hi\u00e9rarchies ne portent plus.<\/p>\n<p>Cela ne signifie pas que l'Occident dispara\u00eet. Mais son monopole de l'ordre, de l'interpr\u00e9tation et de l'organisation g\u00e9opolitique est r\u00e9volu. Et c'est pr\u00e9cis\u00e9ment ce changement qui co\u00efncide avec l'escalade actuelle - raison pour laquelle le conflit est \u00e0 la fois si dangereux et si symptomatique.<\/p>\n<h3>L'essor du Sud : l'Iran, la Turquie, l'Inde, le monde arabe et les BRICS<\/h3>\n<p>Alors que l'Occident tentait de pr\u00e9server son ordre existant, d'autres r\u00e9gions s'effor\u00e7aient de d\u00e9velopper leur propre r\u00f4le. C'est particuli\u00e8rement visible dans des pays comme la Turquie, l'Inde et l'Arabie saoudite - des \u00c9tats qui sont aujourd'hui tout sauf de simples puissances r\u00e9gionales.<\/p>\n<ol>\n<li><strong>La Turquie<\/strong><br \/>\nElle agit depuis des ann\u00e9es comme un facteur de puissance autonome entre l'Est et l'Ouest. Elle ach\u00e8te des armes l\u00e0 o\u00f9 cela lui est utile, conclut des alliances selon les besoins et poursuit des int\u00e9r\u00eats g\u00e9opolitiques clairs. La Turquie montre la flexibilit\u00e9 avec laquelle les Etats modernes agissent lorsqu'ils ne se sentent plus li\u00e9s aux structures des anciennes alliances.<\/li>\n<li><strong>Inde<\/strong><br \/>\nDepuis longtemps, l'Inde n'est plus un spectateur, mais l'une des forces centrales de l'\u00e9chiquier mondial. \u00c9conomiquement forte, d\u00e9mographiquement jeune, g\u00e9opolitiquement s\u00fbre d'elle - et de plus en plus ind\u00e9pendante. L'Inde montre au monde occidental que la stabilit\u00e9 et la croissance ne sont pas n\u00e9cessairement li\u00e9es aux mod\u00e8les occidentaux. L'Inde agit l\u00e0 o\u00f9 il y a des avantages - et non l\u00e0 o\u00f9 l'on attend de la loyaut\u00e9.<\/li>\n<li><strong>L'Arabie saoudite et le monde arabe<\/strong><br \/>\nLa r\u00e9gion arabe s'est \u00e9mancip\u00e9e de son r\u00f4le de fournisseur de mati\u00e8res premi\u00e8res. L'Arabie saoudite investit dans la technologie, les infrastructures, les alliances internationales et l'ind\u00e9pendance \u00e9nerg\u00e9tique. L'Etat est aujourd'hui un m\u00e9diateur, un investisseur, un facteur de puissance r\u00e9gional - et de plus en plus ind\u00e9pendant de l'Occident.<\/li>\n<li><strong>Les BRICS et la nouvelle multipolarit\u00e9<\/strong><br \/>\nParall\u00e8lement, une association se d\u00e9veloppe et d\u00e9fie ouvertement l'Occident : <a href=\"https:\/\/www.markus-schall.de\/fr\/2026\/02\/quest-ce-que-les-brics-et-quest-ce-qui-ne-lest-pas-histoire-economie-et-classification-geopolitique\/\"><strong>BRICS<\/strong><\/a>. Un regroupement qui n'est plus compos\u00e9 d'\u00c9tats isol\u00e9s, mais d'une liste croissante de pays qui cherchent d\u00e9lib\u00e9r\u00e9ment des alternatives au syst\u00e8me domin\u00e9 par l'Occident - sur le plan \u00e9conomique, politique et, de plus en plus, financier.<\/li>\n<\/ol>\n<p>Cette structure n'est pas stable, mais elle est attractive pour ceux qui en ont assez de la domination occidentale. Et de plus en plus d'Etats voient dans l'environnement des BRICS non seulement une alternative, mais aussi une chance d'exercer eux-m\u00eames une influence.<\/p>\n<h3>La nouvelle r\u00e9alit\u00e9 : l'Occident n'est plus qu'un acteur parmi d'autres<\/h3>\n<p>Le changement d\u00e9cisif est celui-ci : L'Occident n'est plus le moteur de la politique mondiale. Il est un acteur parmi d'autres - avec des forces, mais aussi des faiblesses croissantes. Et tandis que l'Occident tente de d\u00e9fendre les structures pass\u00e9es, d'autres en construisent de nouvelles.<\/p>\n<ul>\n<li><strong>Perte de la souverainet\u00e9 d'interpr\u00e9tation morale<\/strong><br \/>\nPendant des d\u00e9cennies, l'Occident a cru qu'il pouvait d\u00e9cider globalement non seulement des syst\u00e8mes politiques, mais aussi des questions morales. Mais aujourd'hui, les crit\u00e8res occidentaux sont de plus en plus consid\u00e9r\u00e9s comme s\u00e9lectifs, guid\u00e9s par des int\u00e9r\u00eats ou d\u00e9pass\u00e9s. Des pays comme l'Inde ou la Turquie ne se laissent plus impressionner par la rh\u00e9torique morale - ils exigent des solutions pragmatiques.<\/li>\n<li><strong>Les d\u00e9pendances \u00e9conomiques se sont d\u00e9plac\u00e9es<\/strong><br \/>\nAutrefois, l'\u00e9conomie mondiale d\u00e9pendait de l'Occident. Aujourd'hui, l'Occident d\u00e9pend de cha\u00eenes d'approvisionnement mondiales qu'il ne contr\u00f4le plus. L'\u00e9nergie, les mati\u00e8res premi\u00e8res, la production - tout s'est d\u00e9plac\u00e9 vers l'Est ou le Sud. Et c'est pr\u00e9cis\u00e9ment ce qui rend les sanctions ou les mesures de pression occidentales moins efficaces.<\/li>\n<li><strong>La domination militaire ne va plus de soi<\/strong><br \/>\nDans le domaine de la politique de s\u00e9curit\u00e9 \u00e9galement, l'Occident a perdu son avance. Alors que les Etats-Unis restent forts, les Etats europ\u00e9ens perdent de leur pertinence strat\u00e9gique. De nouveaux acteurs ont appris \u00e0 utiliser des moyens asym\u00e9triques : Drones, missiles, cyber-op\u00e9rations, structures par procuration. Ce sont pr\u00e9cis\u00e9ment ces moyens que l'on voit clairement dans le conflit iranien - et ils sapent la guerre occidentale traditionnelle.<\/li>\n<li><strong>La multipolarit\u00e9 plut\u00f4t que la pens\u00e9e en bloc<\/strong><br \/>\nNous ne vivons plus dans un monde bipolaire ou unipolaire. Le nouvel ordre mondial est multipolaire - et les syst\u00e8mes multipolaires sont plus instables, car il n'y a pas de pouvoir central pour endiguer les crises. Chaque acteur a ses propres int\u00e9r\u00eats et les alliances changent plus rapidement qu'auparavant.<\/li>\n<\/ul>\n<p>Pour la crise actuelle, cela signifie qu'il n'y a plus personne qui puisse arr\u00eater l'escalade de mani\u00e8re fiable.<\/p>\n<h3>Les erreurs strat\u00e9giques de l'Occident dans le conflit du Proche-Orient<\/h3>\n<div style=\"overflow-x: auto;\">\n<table style=\"width: 100%;\">\n<tbody>\n<tr style=\"background: #f2f2f2;\">\n<td><strong>Hypoth\u00e8se erron\u00e9e<\/strong><\/td>\n<td><strong>Pourquoi elle ne s'applique plus<\/strong><\/td>\n<td><strong>Cons\u00e9quence pour la situation actuelle<\/strong><\/td>\n<\/tr>\n<tr>\n<td>L'Occident peut stabiliser les conflits \u00e0 tout moment.<\/td>\n<td>Les rapports de force multipolaires ont affaibli la domination ant\u00e9rieure.<\/td>\n<td>Plus de frein externe fiable \u00e0 l'escalade.<\/td>\n<\/tr>\n<tr>\n<td>La diplomatie suffit \u00e0 d\u00e9samorcer les conflits existentiels.<\/td>\n<td>Les deux acteurs sont dans des impasses en mati\u00e8re de politique de s\u00e9curit\u00e9.<\/td>\n<td>Les n\u00e9gociations n'ont qu'un impact limit\u00e9, souvent purement symbolique.<\/td>\n<\/tr>\n<tr>\n<td>Les acteurs r\u00e9gionaux se conforment automatiquement aux attentes occidentales.<\/td>\n<td>L'Iran, la Turquie, l'Inde et l'Arabie saoudite poursuivent de plus en plus leurs propres int\u00e9r\u00eats.<\/td>\n<td>L'Occident perd son influence et sa capacit\u00e9 de contr\u00f4le strat\u00e9gique.<\/td>\n<\/tr>\n<\/tbody>\n<\/table>\n<\/div>\n<h3>Pourquoi cette r\u00e9organisation mondiale rend le conflit actuel explosif<\/h3>\n<p>L'escalade entre Isra\u00ebl et l'Iran serait d\u00e9j\u00e0 dangereuse en soi. Mais elle ne d\u00e9ploie toute son acuit\u00e9 que dans le contexte du nouvel ordre mondial. Dans un monde o\u00f9 l'Occident ne domine plus clairement, les appels, les sanctions et les moyens de pression diplomatiques perdent de leur force. Parall\u00e8lement, de nouveaux acteurs profitent de la situation pour d\u00e9finir leurs propres int\u00e9r\u00eats - et ce sans tenir compte des anciennes structures.<\/p>\n<p>L'Iran ne teste pas seulement ses limites vis-\u00e0-vis d'Isra\u00ebl, mais aussi vis-\u00e0-vis d'un Occident qui n'a plus la force de s'imposer des d\u00e9cennies pr\u00e9c\u00e9dentes. Et il le fait en sachant que des Etats comme la Turquie, l'Inde ou l'Arabie saoudite suivent leur propre voie au lieu de s'aligner automatiquement sur les positions occidentales.<\/p>\n<p>L'Occident est ainsi confront\u00e9 \u00e0 un double d\u00e9fi : il doit ma\u00eetriser une crise qu'il ne contr\u00f4le pas. Il doit en m\u00eame temps accepter qu'il n'est plus la force centrale qui peut d\u00e9finir de tels conflits. C'est pr\u00e9cis\u00e9ment cette combinaison qui rend la situation si dangereuse - et si caract\u00e9ristique de notre \u00e9poque.<\/p>\n<p><img loading=\"lazy\" decoding=\"async\" class=\"alignnone wp-image-5222 size-full\" src=\"https:\/\/www.markus-schall.de\/wp-content\/uploads\/Israel-Iran-Strategischer-Albtraum-Domino.jpg\" alt=\"Pourquoi la spirale de l&#039;escalade est difficile \u00e0 arr\u00eater\" width=\"1024\" height=\"683\" srcset=\"https:\/\/www.markus-schall.de\/wp-content\/uploads\/Israel-Iran-Strategischer-Albtraum-Domino.jpg 1024w, https:\/\/www.markus-schall.de\/wp-content\/uploads\/Israel-Iran-Strategischer-Albtraum-Domino-300x200.jpg 300w, https:\/\/www.markus-schall.de\/wp-content\/uploads\/Israel-Iran-Strategischer-Albtraum-Domino-768x512.jpg 768w, https:\/\/www.markus-schall.de\/wp-content\/uploads\/Israel-Iran-Strategischer-Albtraum-Domino-18x12.jpg 18w\" sizes=\"auto, (max-width: 1024px) 100vw, 1024px\" \/><\/p>\n<h2>La spirale de l'escalade : pourquoi est-elle si difficile \u00e0 arr\u00eater ?<\/h2>\n<p>Pour comprendre pourquoi le conflit entre Isra\u00ebl et l'Iran est devenu si dangereux, il faut d'abord se rendre compte que les deux acteurs sont confront\u00e9s \u00e0 un dilemme structurel. Non pas parce qu'ils sont irrationnels. Mais parce que leurs lignes politiques, historiques et psychologiques les ont plac\u00e9s dans des positions dont il n'est gu\u00e8re possible de se d\u00e9faire.<\/p>\n<p>Isra\u00ebl est soumis \u00e0 une \u00e9norme pression sur le plan int\u00e9rieur. Le pays vit depuis des d\u00e9cennies avec la r\u00e9alit\u00e9 d'une menace existentielle. Toute faiblesse per\u00e7ue est imm\u00e9diatement exploit\u00e9e politiquement. Toute retenue ressemble \u00e0 une trahison de la s\u00e9curit\u00e9 vis-\u00e0-vis de sa propre population. Et lorsque, dans le m\u00eame temps, des missiles frappent et que les syst\u00e8mes de d\u00e9fense atteignent leurs limites, il se cr\u00e9e une atmosph\u00e8re dans laquelle la fermet\u00e9 militaire appara\u00eet comme la seule option.<\/p>\n<p>De son c\u00f4t\u00e9, l'Iran consid\u00e8re tout retrait comme un signal de faiblesse. Le r\u00e9gime fonde sa l\u00e9gitimit\u00e9 sur la r\u00e9sistance, la fermet\u00e9 et la projection de puissance r\u00e9gionale. Sur le plan de la politique int\u00e9rieure, il serait difficile de survivre \u00e0 un fl\u00e9chissement face \u00e0 Isra\u00ebl ou aux \u00c9tats-Unis. Et \u00e0 l'ext\u00e9rieur, cela montrerait que l'Iran perd la dissuasion qu'il a construite pendant des d\u00e9cennies.<\/p>\n<p>Les deux parties se retrouvent ainsi coinc\u00e9es dans une situation o\u00f9 c\u00e9der semble plus dangereux que l'escalade. Un pi\u00e8ge classique de la politique internationale - et pr\u00e9cis\u00e9ment le point de d\u00e9part de la spirale.<\/p>\n<h3>Le n\u0153ud psychologique<\/h3>\n<p>Lorsque deux pays pensent que leur s\u00e9curit\u00e9 ne peut \u00eatre assur\u00e9e que par la fermet\u00e9, ils perdent la capacit\u00e9 d'envisager de v\u00e9ritables alternatives. Il ne s'agit pas d'une erreur des personnes impliqu\u00e9es, mais d'un probl\u00e8me structurel : une politique de s\u00e9curit\u00e9 qui s'est durcie au fil des d\u00e9cennies ne peut pas \u00eatre modifi\u00e9e par une simple d\u00e9cision de la volont\u00e9.<\/p>\n<p>Et c'est ce qui rend la situation actuelle si explosive.<\/p>\n<h3>Acteurs externes dont l'intervention est limit\u00e9e<\/h3>\n<p>Dans les conflits pass\u00e9s, il y avait souvent des puissances ext\u00e9rieures capables de freiner l'escalade - par la diplomatie, par la pression, par des garanties ou tout simplement par leur position de force dominante. Mais aujourd'hui, le monde a chang\u00e9.<\/p>\n<ul>\n<li><strong>Les \u00c9tats-Unis : h\u00e9sitants par surcharge<\/strong><br \/>\nLes \u00c9tats-Unis sont certes forts sur le plan militaire, mais ils sont affaiblis sur le plan politique. Les divisions politiques internes, les pressions \u00e9conomiques et les obligations mondiales limitent leur capacit\u00e9 \u00e0 tracer des lignes claires au Moyen-Orient. Ils peuvent parler, avertir, soutenir - mais ils ne peuvent plus agir avec l'ancienne souverainet\u00e9 qui a longtemps \u00e9t\u00e9 leur marque de fabrique. Pour Isra\u00ebl, c'est d\u00e9vastateur. Pour l'Iran, c'est une invitation.<\/li>\n<li><strong>L'Europe : une puissance sans pouvoir<\/strong><br \/>\nL'Europe est insignifiante dans ce conflit. Il y a certes des appels, des exigences, des propositions diplomatiques - mais ils ressemblent \u00e0 un bruit de fond. Aucun des deux acteurs n'oriente sa strat\u00e9gie vers l'Europe. Et les deux parties le savent tr\u00e8s bien.<\/li>\n<li><strong>Russie et Chine : de l'influence, mais pas de contr\u00f4le<\/strong><br \/>\nLa Russie et la Chine ont des relations avec l'Iran, mais pas de pouvoir de contr\u00f4le. Les deux profitent g\u00e9opolitiquement d'un Occident affaibli, mais ils n'ont aucun int\u00e9r\u00eat \u00e0 ce que le Moyen-Orient s'embrase. Il leur manque toutefois la capacit\u00e9 - et la volont\u00e9 - de contraindre les dirigeants iraniens \u00e0 prendre une certaine direction.<\/li>\n<li><strong>Les \u00c9tats arabes : Des int\u00e9r\u00eats d\u00e9chir\u00e9s<\/strong><br \/>\nDe nombreux \u00c9tats arabes sont pris entre deux mondes : D'un c\u00f4t\u00e9, la solidarit\u00e9 religieuse et culturelle avec les pays musulmans. De l'autre, des partenariats \u00e9conomiques et s\u00e9curitaires avec l'Occident et parfois m\u00eame avec Isra\u00ebl. Cette ambivalence conduit \u00e0 une attitude passive : on observe - et on attend.<\/li>\n<\/ul>\n<p>R\u00e9sultat : une spirale sans frein. Le point crucial est celui-ci : il n'y a plus d'acteur ext\u00e9rieur suffisamment cr\u00e9dible, fort et d\u00e9termin\u00e9 pour arr\u00eater l'escalade \u00e0 coup s\u00fbr. Et c'est pourquoi la spirale continue de tourner.<\/p>\n<hr \/>\n<h3>Enqu\u00eate actuelle sur un \u00e9ventuel cas de tension en Allemagne<\/h3>\n<div class='bootstrap-yop yop-poll-mc'>\n\t\t\t\t\t\t\t<div class=\"basic-yop-poll-container\" style=\"background-color:#ffffff; border:0px; border-style:solid; border-color:#000000; border-radius:5px; padding:0px 5px;\" data-id=\"6\" data-temp=\"basic-pretty\" data-skin=\"square\" data-cscheme=\"blue\" data-cap=\"0\" data-access=\"guest\" data-tid=\"\" data-uid=\"8cbb72c91cf3a597498c85475123216d\" data-pid=\"4325\" data-resdet=\"votes-number,percentages\" data-show-results-to=\"guest\" data-show-results-moment=\"after-vote\" data-show-results-only=\"false\" data-show-message=\"true\" data-show-results-as=\"bar\" data-sort-results-by=\"as-defined\" data-sort-results-rule=\"asc\"data-is-ended=\"0\" data-percentages-decimals=\"2\" data-gdpr=\"no\" data-gdpr-sol=\"consent\" data-css=\".basic-yop-poll-container[data-uid] .basic-vote {\t\t\t\t\t\t\t\t\ttext-align: center;\t\t\t\t\t\t\t\t}\" data-counter=\"0\" data-load-with=\"1\" data-notification-section=\"top\"><div class=\"row\"><div class=\"col-md-12\"><div class=\"basic-inner\"><div class=\"basic-message hide\" style=\"border-left: 10px solid #008000; padding: 0px 10px;\" data-error=\"#ff0000\" data-success=\"#008000\"><p class=\"basic-message-text\" style=\"color:#000000; font-size:14px; font-weight:normal;\"><\/p><\/div><div class=\"basic-overlay hide\"><div class=\"basic-vote-options\"><\/div><div class=\"basic-preloader\"><div class=\"basic-windows8\"><div class=\"basic-wBall basic-wBall_1\"><div class=\"basic-wInnerBall\"><\/div><\/div><div class=\"basic-wBall basic-wBall_2\"><div class=\"basic-wInnerBall\"><\/div><\/div><div class=\"basic-wBall basic-wBall_3\"><div class=\"basic-wInnerBall\"><\/div><\/div><div class=\"basic-wBall basic-wBall_4\"><div class=\"basic-wInnerBall\"><\/div><\/div><div class=\"basic-wBall basic-wBall_5\"><div class=\"basic-wInnerBall\"><\/div><\/div><\/div><\/div><\/div><form class=\"basic-form\" action=\"\"><input type=\"hidden\" name=\"_token\" value=\"b03e884d24\" autocomplete=\"off\"><div class=\"basic-elements\"><div class=\"basic-element basic-question basic-question-text-vertical\" data-id=\"6\" data-uid=\"8445d53660d01110d2db2b50d01de2ce\" data-type=\"question\" data-question-type=\"text\" data-required=\"yes\" data-allow-multiple=\"no\" data-min=\"1\" data-max=\"7\" data-display=\"vertical\" data-colnum=\"\" data-display-others=\"no\" data-others-color=\"\" data-others=\"\" data-others-max-chars=\"0\"><div class=\"basic-question-title\"><h5 style=\"color:#000000; font-size:16px; font-weight:normal; text-align:left;\">Dans quelle mesure te sens-tu personnellement pr\u00e9par\u00e9(e) \u00e0 un \u00e9ventuel cas de tension (par ex. \u00e9tat de crise ou de guerre) ?<\/h5><\/div><ul class=\"basic-answers\"><li class=\"basic-answer\" style=\"padding:0px 0px;\" data-id=\"24\" data-type=\"text\" data-vn=\"19\" data-color=\"#000000\" data-make-link=\"no\" data-link=\"\"><div class=\"basic-answer-content basic-text-vertical\"><label for=\"answer[24]\" class=\"basic-answer-label\"><input type=\"radio\" id=\"answer[24]\" name=\"answer[6]\" value=\"24\"><span class=\"basic-text\" style=\"color: #000000; font-size: 14px; font-weight: normal;\">Tr\u00e8s bien - j'ai des provisions, des connaissances et un plan<\/span><\/label><\/div><\/li><li class=\"basic-answer\" style=\"padding:0px 0px;\" data-id=\"25\" data-type=\"text\" data-vn=\"36\" data-color=\"#000000\" data-make-link=\"no\" data-link=\"\"><div class=\"basic-answer-content basic-text-vertical\"><label for=\"answer[25]\" class=\"basic-answer-label\"><input type=\"radio\" id=\"answer[25]\" name=\"answer[6]\" value=\"25\"><span class=\"basic-text\" style=\"color: #000000; font-size: 14px; font-weight: normal;\">Plut\u00f4t bien - j'ai r\u00e9fl\u00e9chi<\/span><\/label><\/div><\/li><li class=\"basic-answer\" style=\"padding:0px 0px;\" data-id=\"26\" data-type=\"text\" data-vn=\"59\" data-color=\"#000000\" data-make-link=\"no\" data-link=\"\"><div class=\"basic-answer-content basic-text-vertical\"><label for=\"answer[26]\" class=\"basic-answer-label\"><input type=\"radio\" id=\"answer[26]\" name=\"answer[6]\" value=\"26\"><span class=\"basic-text\" style=\"color: #000000; font-size: 14px; font-weight: normal;\">A peine - j'esp\u00e8re juste qu'il ne se passera rien<\/span><\/label><\/div><\/li><li class=\"basic-answer\" style=\"padding:0px 0px;\" data-id=\"27\" data-type=\"text\" data-vn=\"13\" data-color=\"#000000\" data-make-link=\"no\" data-link=\"\"><div class=\"basic-answer-content basic-text-vertical\"><label for=\"answer[27]\" class=\"basic-answer-label\"><input type=\"radio\" id=\"answer[27]\" name=\"answer[6]\" value=\"27\"><span class=\"basic-text\" style=\"color: #000000; font-size: 14px; font-weight: normal;\">Pas du tout - j'\u00e9vite d\u00e9lib\u00e9r\u00e9ment le sujet<\/span><\/label><\/div><\/li><li class=\"basic-answer\" style=\"padding:0px 0px;\" data-id=\"28\" data-type=\"text\" data-vn=\"17\" data-color=\"#000000\" data-make-link=\"no\" data-link=\"\"><div class=\"basic-answer-content basic-text-vertical\"><label for=\"answer[28]\" class=\"basic-answer-label\"><input type=\"radio\" id=\"answer[28]\" name=\"answer[6]\" value=\"28\"><span class=\"basic-text\" style=\"color: #000000; font-size: 14px; font-weight: normal;\">Qu'est-ce qu'un \"cas de tension\" ?<\/span><\/label><\/div><\/li><\/ul><\/div><div class=\"clearfix\"><\/div><\/div><div class=\"basic-vote\"><a href=\"#\" class=\"button basic-vote-button\" role=\"button\" style=\"background:#027bb8; border:0px; border-style: solid; border-color:#000000; border-radius:5px; padding:10px 10px; color:#ffffff; font-size:14px; font-weight:normal;\">Votez<\/a><\/div><input type=\"hidden\" name=\"trp-form-language\" value=\"fr\"\/><\/form><\/div><\/div><\/div><\/div>\n\t\t\t\t\t\t<\/div>\n<hr \/>\n<h3>Le point le plus dangereux : la phase pr\u00e9c\u00e9dant de peu la perte de contr\u00f4le<\/h3>\n<p>Dans l'histoire des grands conflits, il y a toujours eu un moment particuli\u00e8rement dangereux : non pas le moment de la guerre elle-m\u00eame, mais la phase qui la pr\u00e9c\u00e8de. La phase durant laquelle tous les participants pensent avoir encore le contr\u00f4le - alors que celui-ci est d\u00e9j\u00e0 perdu dans les faits. Cette phase se caract\u00e9rise par quatre m\u00e9canismes :<\/p>\n<ol>\n<li><strong>Mauvaises interpr\u00e9tations<\/strong><br \/>\nDans une situation tendue, tout signal est surinterpr\u00e9t\u00e9 :<br \/>\n- Un exercice militaire ressemble \u00e0 une pr\u00e9paration \u00e0 une attaque.<br \/>\n- Une d\u00e9claration politique comme une menace.<br \/>\n- Un avion dans la mauvaise zone comme une attaque.<br \/>\nPlus la peur est grande, plus la capacit\u00e9 d'analyse sereine est faible.<\/li>\n<li><strong>Pression politique interne<\/strong><br \/>\nLorsque les gouvernements craignent pour leur cr\u00e9dibilit\u00e9, ils r\u00e9agissent plus rapidement, plus durement et de mani\u00e8re plus impulsive. Non pas parce qu'ils le veulent, mais parce qu'ils pensent qu'ils le doivent. C'est exactement ce que l'on constate actuellement avec Isra\u00ebl et l'Iran.<\/li>\n<li><strong>Automatisme d'escalade<\/strong><br \/>\nLes syst\u00e8mes militaires suivent des proc\u00e9dures qui sont automatis\u00e9es :<br \/>\n- Les missiles sont intercept\u00e9s.<br \/>\n- Les cibles sont marqu\u00e9es.<br \/>\n- Contre-mesures activ\u00e9es.<br \/>\nDans de tels syst\u00e8mes, quelques secondes suffisent pour d\u00e9clencher des d\u00e9cisions erron\u00e9es.<\/li>\n<li><strong>Dynamiques de substitution<\/strong><br \/>\nMilices, groupes, acteurs autonomes - ils peuvent d\u00e9clencher des actions que ni Isra\u00ebl ni l'Iran n'ont planifi\u00e9es. Et chacune de ces actions peut \u00eatre lue par l'autre partie comme une action \u00e9tatique directe.<\/li>\n<\/ol>\n<h3>Pourquoi ce moment pr\u00e9cis est le plus dangereux<\/h3>\n<p>Parce qu'il cr\u00e9e l'illusion du contr\u00f4le. Parce qu'il fait croire aux politiques qu'ils peuvent encore intervenir \u00e0 temps. Parce qu'il fait croire aux militaires que leur planification est robuste. Et parce qu'il r\u00e9unit en m\u00eame temps toutes les conditions d'un enfer involontaire.<\/p>\n<p>En bref, nous nous trouvons dans une phase o\u00f9 toute action, m\u00eame d\u00e9fensive, peut \u00eatre per\u00e7ue comme une d\u00e9marche offensive.<br \/>\nEt c'est le genre de logique d'escalade qui a toujours conduit \u00e0 des catastrophes dans l'histoire.<\/p>\n<h3>Moteur de l'escalade dans le conflit isra\u00e9lo-iranien<\/h3>\n<div style=\"overflow-x: auto;\">\n<table style=\"border-collapse: collapse; width: 100%;\">\n<tbody>\n<tr style=\"background: #f2f2f2;\">\n<td><strong>Moteur de l'escalade<\/strong><\/td>\n<td><strong>Description<\/strong><\/td>\n<td><strong>Impact strat\u00e9gique<\/strong><\/td>\n<\/tr>\n<tr>\n<td><strong>Pression politique interne<\/strong><\/td>\n<td>Les deux pays doivent faire preuve de fermet\u00e9 s'ils ne veulent pas \u00eatre consid\u00e9r\u00e9s comme faibles.<\/td>\n<td>R\u00e9duit la marge de man\u0153uvre pour les compromis.<\/td>\n<\/tr>\n<tr>\n<td><strong>Technologies de guerre asym\u00e9trique<\/strong><\/td>\n<td>Utilisation massive de drones, de missiles, de proxys et de cyberattaques.<\/td>\n<td>Surcharge les syst\u00e8mes de d\u00e9fense, augmente les risques d'erreur.<\/td>\n<\/tr>\n<tr>\n<td><strong>Absence de pouvoir de m\u00e9diation externe<\/strong><\/td>\n<td>Les Etats-Unis affaiblis, l'Europe moins pertinente, la Chine et la Russie limit\u00e9es.<\/td>\n<td>La spirale de l'escalade continue \u00e0 tourner sans frein.<\/td>\n<\/tr>\n<\/tbody>\n<\/table>\n<\/div>\n<hr \/>\n\n\t\t\t<div class=\"display-post-types\">\n\n\t\t\t\t\t\t\t<style type=\"text\/css\">\n\t\t\t#dpt-wrapper-467 { --dpt-text-align: left;--dpt-image-crop: center;--dpt-border-radius: 5px;--dpt-h-gutter: 10px;--dpt-v-gutter: 10px; }\t\t\t<\/style>\n\t\t\t<style type=\"text\/css\">#dpt-wrapper-467 { --dpt-title-font-style:normal;--dpt-title-font-weight:600;--dpt-title-line-height:1.5;--dpt-title-text-decoration:none;--dpt-title-text-transform:none;--dpt-excerpt-font-style:normal;--dpt-excerpt-font-weight:400;--dpt-excerpt-line-height:1.5;--dpt-excerpt-text-decoration:none;--dpt-excerpt-text-transform:none;--dpt-meta1-font-style:normal;--dpt-meta1-font-weight:400;--dpt-meta1-line-height:1.9;--dpt-meta1-text-decoration:none;--dpt-meta1-text-transform:none;--dpt-meta2-font-style:normal;--dpt-meta2-font-weight:400;--dpt-meta2-line-height:1.9;--dpt-meta2-text-decoration:none;--dpt-meta2-text-transform:none; }<\/style><div class=\"dpt-main-header\">\n\t\t\t\t\t\t<div class=\"dpt-main-title\">\n\t\t\t\t\t\t\t<span class=\"dpt-main-title-text\">Derniers articles sur Allemagne<\/span>\n\t\t\t\t\t\t<\/div>\n\t\t\t\t\t\t\n\t\t\t\t\t\t\n\t\t\t\t\t\t\n\t\t\t\t\t\t<\/div>\t\t\t\n\t\t\t\t<div id=\"dpt-wrapper-467\" class=\"dpt-wrapper dpt-list2 land1 dpt-cropped dpt-flex-wrap\" >\n\n\t\t\t\t\t\t\t\t\t\t\t<div class=\"dpt-entry has-thumbnail\" data-title=\"sinkende gasspeicher in deutschland: technik, grenzen und politische konsequenzen\" data-id=\"4581\"  data-category=\"allgemein gesellschaft\" data-post_tag=\"deutschland energiepolitik europa krisen ratgeber\">\n\t\t\t\t\t\t\t<div class=\"dpt-entry-wrapper\"><div class=\"dpt-featured-content\"><div class=\"dpt-permalink\"><a href=\"https:\/\/www.markus-schall.de\/fr\/2026\/01\/baisse-du-stockage-de-gaz-en-allemagne-technique-limites-et-consequences-politiques\/\" class=\"dpt-permalink\"><span class=\"screen-reader-text\">Stockage de gaz en baisse en Allemagne : technique, limites et cons\u00e9quences politiques<\/span><\/a><\/div><div class=\"dpt-thumbnail\"><div class=\"dpt-thumbnail-inner\"><img width=\"1024\" height=\"683\" class=\"attachment-full size-full\" alt=\"Stockage de gaz en Allemagne\" context=\"dpt\" data-dpt-src=\"https:\/\/www.markus-schall.de\/wp-content\/uploads\/Gasspeicher-Deutschland.jpg\" data-dpt-sizes=\"(max-width: 1024px) 100vw, 1024px\" data-dpt-srcset=\"https:\/\/www.markus-schall.de\/wp-content\/uploads\/Gasspeicher-Deutschland.jpg 1024w, https:\/\/www.markus-schall.de\/wp-content\/uploads\/Gasspeicher-Deutschland-300x200.jpg 300w, https:\/\/www.markus-schall.de\/wp-content\/uploads\/Gasspeicher-Deutschland-768x512.jpg 768w, https:\/\/www.markus-schall.de\/wp-content\/uploads\/Gasspeicher-Deutschland-18x12.jpg 18w\" \/><\/div><span class=\"dpt-thumbnail-aspect-ratio\" style=\"padding-top: 75%\"><\/span><\/div><\/div><div class=\"sub-entry\"><h3 class=\"dpt-title\"><a class=\"dpt-title-link\" href=\"https:\/\/www.markus-schall.de\/fr\/2026\/01\/baisse-du-stockage-de-gaz-en-allemagne-technique-limites-et-consequences-politiques\/\" rel=\"bookmark\">Stockage de gaz en baisse en Allemagne : technique, limites et cons\u00e9quences politiques<\/a><\/h3><\/div><\/div>\n\t\t\t\t\t\t<\/div><!-- .dpt-entry -->\n\t\t\t\t\t\t\t\t\t\t\t\t<div class=\"dpt-entry has-thumbnail\" data-title=\"vicco von b\u00fclow alias loriot \u2013 ordnung, form und der leise widerstand des humors\" data-id=\"4169\"  data-category=\"allgemein gesellschaft kunst &amp; kultur stories &amp; humor\" data-post_tag=\"deutschland erfahrungen pers\u00f6nlichkeitsentwicklung portrait\">\n\t\t\t\t\t\t\t<div class=\"dpt-entry-wrapper\"><div class=\"dpt-featured-content\"><div class=\"dpt-permalink\"><a href=\"https:\/\/www.markus-schall.de\/fr\/2025\/12\/vicco-von-buelow-alias-loriot-lordre-la-forme-et-la-resistance-silencieuse-de-lhumour\/\" class=\"dpt-permalink\"><span class=\"screen-reader-text\">Vicco von B\u00fclow alias Loriot - L'ordre, la forme et la r\u00e9sistance silencieuse de l'humour<\/span><\/a><\/div><div class=\"dpt-thumbnail\"><div class=\"dpt-thumbnail-inner\"><img width=\"1024\" height=\"747\" class=\"attachment-full size-full\" alt=\"\" context=\"dpt\" data-dpt-src=\"https:\/\/www.markus-schall.de\/wp-content\/uploads\/Loriot-Titel.jpg\" data-dpt-sizes=\"(max-width: 1024px) 100vw, 1024px\" data-dpt-srcset=\"https:\/\/www.markus-schall.de\/wp-content\/uploads\/Loriot-Titel.jpg 1024w, https:\/\/www.markus-schall.de\/wp-content\/uploads\/Loriot-Titel-300x219.jpg 300w, https:\/\/www.markus-schall.de\/wp-content\/uploads\/Loriot-Titel-768x560.jpg 768w, https:\/\/www.markus-schall.de\/wp-content\/uploads\/Loriot-Titel-16x12.jpg 16w\" \/><\/div><span class=\"dpt-thumbnail-aspect-ratio\" style=\"padding-top: 75%\"><\/span><\/div><\/div><div class=\"sub-entry\"><h3 class=\"dpt-title\"><a class=\"dpt-title-link\" href=\"https:\/\/www.markus-schall.de\/fr\/2025\/12\/vicco-von-buelow-alias-loriot-lordre-la-forme-et-la-resistance-silencieuse-de-lhumour\/\" rel=\"bookmark\">Vicco von B\u00fclow alias Loriot - L'ordre, la forme et la r\u00e9sistance silencieuse de l'humour<\/a><\/h3><\/div><\/div>\n\t\t\t\t\t\t<\/div><!-- .dpt-entry -->\n\t\t\t\t\t\t\t\t\t\t\t\t<div class=\"dpt-entry has-thumbnail\" data-title=\"wie die pandemie \u00d6konomen in bezug auf inflation, wachstum und wirtschaftliche erholung eines besseren belehrte\" data-id=\"5882\"  data-category=\"allgemein gesellschaft\" data-post_tag=\"denkmodelle deutschland energiepolitik europa geopolitik krisen\">\n\t\t\t\t\t\t\t<div class=\"dpt-entry-wrapper\"><div class=\"dpt-featured-content\"><div class=\"dpt-permalink\"><a href=\"https:\/\/www.markus-schall.de\/fr\/2026\/05\/comment-la-pandemie-a-detrompee-les-economistes-sur-la-croissance-de-linflation-et-la-reprise-economique\/\" class=\"dpt-permalink\"><span class=\"screen-reader-text\">Comment la pand\u00e9mie a d\u00e9tromp\u00e9e les \u00e9conomistes en mati\u00e8re d'inflation, de croissance et de reprise \u00e9conomique<\/span><\/a><\/div><div class=\"dpt-thumbnail\"><div class=\"dpt-thumbnail-inner\"><img width=\"1024\" height=\"682\" class=\"attachment-full size-full\" alt=\"Hypoth\u00e8ses des \u00e9conomistes pendant la pand\u00e9mie\" context=\"dpt\" data-dpt-src=\"https:\/\/www.markus-schall.de\/wp-content\/uploads\/Pandemie-Oekonomen.jpg\" data-dpt-sizes=\"(max-width: 1024px) 100vw, 1024px\" data-dpt-srcset=\"https:\/\/www.markus-schall.de\/wp-content\/uploads\/Pandemie-Oekonomen.jpg 1024w, https:\/\/www.markus-schall.de\/wp-content\/uploads\/Pandemie-Oekonomen-300x200.jpg 300w, https:\/\/www.markus-schall.de\/wp-content\/uploads\/Pandemie-Oekonomen-768x512.jpg 768w, https:\/\/www.markus-schall.de\/wp-content\/uploads\/Pandemie-Oekonomen-18x12.jpg 18w\" \/><\/div><span class=\"dpt-thumbnail-aspect-ratio\" style=\"padding-top: 75%\"><\/span><\/div><\/div><div class=\"sub-entry\"><h3 class=\"dpt-title\"><a class=\"dpt-title-link\" href=\"https:\/\/www.markus-schall.de\/fr\/2026\/05\/comment-la-pandemie-a-detrompee-les-economistes-sur-la-croissance-de-linflation-et-la-reprise-economique\/\" rel=\"bookmark\">Comment la pand\u00e9mie a d\u00e9tromp\u00e9e les \u00e9conomistes en mati\u00e8re d'inflation, de croissance et de reprise \u00e9conomique<\/a><\/h3><\/div><\/div>\n\t\t\t\t\t\t<\/div><!-- .dpt-entry -->\n\t\t\t\t\t\t\t\t\t\t\t\t<div class=\"dpt-entry has-thumbnail\" data-title=\"mehr als punk: nina hagen, cosma shiva und die kunst, sich nicht vereinnahmen zu lassen\" data-id=\"4521\"  data-category=\"allgemein gesellschaft kunst &amp; kultur\" data-post_tag=\"auswandern deutschland erfahrungen europa krisen meinungsfreiheit musik portrait\">\n\t\t\t\t\t\t\t<div class=\"dpt-entry-wrapper\"><div class=\"dpt-featured-content\"><div class=\"dpt-permalink\"><a href=\"https:\/\/www.markus-schall.de\/fr\/2026\/01\/plus-que-du-punk-nina-hagen-cosma-shiva-et-lart-de-ne-pas-se-laisser-accaparer\/\" class=\"dpt-permalink\"><span class=\"screen-reader-text\">Plus que du punk : Nina Hagen, Cosma Shiva et l'art de ne pas se laisser accaparer<\/span><\/a><\/div><div class=\"dpt-thumbnail\"><div class=\"dpt-thumbnail-inner\"><img width=\"1024\" height=\"683\" class=\"attachment-full size-full\" alt=\"Portrait de Nina et Cosma Shiva Hagen\" context=\"dpt\" data-dpt-src=\"https:\/\/www.markus-schall.de\/wp-content\/uploads\/Nina-Cosma-Shiva-Hagen-Titel.jpg\" data-dpt-sizes=\"(max-width: 1024px) 100vw, 1024px\" data-dpt-srcset=\"https:\/\/www.markus-schall.de\/wp-content\/uploads\/Nina-Cosma-Shiva-Hagen-Titel.jpg 1024w, https:\/\/www.markus-schall.de\/wp-content\/uploads\/Nina-Cosma-Shiva-Hagen-Titel-300x200.jpg 300w, https:\/\/www.markus-schall.de\/wp-content\/uploads\/Nina-Cosma-Shiva-Hagen-Titel-768x512.jpg 768w, https:\/\/www.markus-schall.de\/wp-content\/uploads\/Nina-Cosma-Shiva-Hagen-Titel-18x12.jpg 18w\" \/><\/div><span class=\"dpt-thumbnail-aspect-ratio\" style=\"padding-top: 75%\"><\/span><\/div><\/div><div class=\"sub-entry\"><h3 class=\"dpt-title\"><a class=\"dpt-title-link\" href=\"https:\/\/www.markus-schall.de\/fr\/2026\/01\/plus-que-du-punk-nina-hagen-cosma-shiva-et-lart-de-ne-pas-se-laisser-accaparer\/\" rel=\"bookmark\">Plus que du punk : Nina Hagen, Cosma Shiva et l'art de ne pas se laisser accaparer<\/a><\/h3><\/div><\/div>\n\t\t\t\t\t\t<\/div><!-- .dpt-entry -->\n\t\t\t\t\t\t\n\t\t\t\t<\/div>\n\t\t\t\t\t\t<\/div>\n\t\t\t\n<hr \/>\n<h2>Ce qui devrait se passer maintenant pour stabiliser la situation<\/h2>\n<p>Si l'on veut \u00eatre honn\u00eate, beaucoup parlent actuellement de d\u00e9sescalade, mais presque personne ne nomme ce qui serait r\u00e9ellement n\u00e9cessaire pour cela. Les appels politiques que l'on entend tous les jours ne sont g\u00e9n\u00e9ralement rien de plus que des exercices rh\u00e9toriques obligatoires - formul\u00e9s de mani\u00e8re amicale, mais inefficaces dans les faits. Dans une situation comme celle-ci, il ne faut pas plus de mots, mais des structures qui emp\u00eachent r\u00e9ellement l'escalade du conflit.<\/p>\n<p>La premi\u00e8re \u00e9tape consiste \u00e0 accepter que ni les appels ni les exigences morales ne changent la situation. Les conflits de cette ampleur ne se stabilisent que si trois conditions sont r\u00e9unies :<\/p>\n<ol>\n<li><strong>Les deux parties doivent gagner un minimum de s\u00e9curit\u00e9<\/strong><br \/>\nSans s\u00e9curit\u00e9, il n'y a pas de r\u00e9duction de l'escalade. Pour Isra\u00ebl, cela signifie que la menace imm\u00e9diate des missiles, des drones et des attaques doit \u00eatre r\u00e9duite - pas compl\u00e8tement, mais sensiblement. Pour l'Iran, cela signifie : la peur d'une attaque de repr\u00e9sailles \u00e0 grande \u00e9chelle ne doit pas devenir envahissante. La d\u00e9sescalade ne commence donc pas par la confiance, mais par une s\u00e9curit\u00e9 calcul\u00e9e.<\/li>\n<li><strong>Les deux parties doivent reconna\u00eetre une strat\u00e9gie de sortie<\/strong><br \/>\nActuellement, les deux acteurs se trouvent face \u00e0 un mur derri\u00e8re lequel ils ne peuvent plus reculer. La d\u00e9sescalade n'est toutefois possible que si l'on voit des moyens de revenir \u00e0 la normalit\u00e9 sans se d\u00e9truire politiquement. Chaque partie a besoin de succ\u00e8s symboliques qui permettent de faire preuve de fermet\u00e9 tout en c\u00e9dant. Cela peut \u00eatre : des cessez-le-feu limit\u00e9s, le retrait de certaines milices, des m\u00e9diations diplomatiques qui peuvent \u00eatre vendues comme \u201esucc\u00e8s\u201c ou des garanties de s\u00e9curit\u00e9 par des m\u00e9diateurs externes.<\/li>\n<li><strong>Les acteurs externes doivent \u00e0 nouveau pouvoir jouer un r\u00f4le<\/strong><br \/>\nTant que les grandes puissances sont soit surcharg\u00e9es, soit d\u00e9sint\u00e9ress\u00e9es, soit divis\u00e9es en leur sein, aucun cadre ne se cr\u00e9e pour une v\u00e9ritable d\u00e9sescalade. Il faut un contrepoids structurel qui cr\u00e9e la confiance - ou du moins r\u00e9duit la peur du pire.<\/li>\n<\/ol>\n<p>Sans une telle structure, la situation restera instable, quel que soit le nombre de n\u00e9gociations annonc\u00e9es.<\/p>\n<h3>Ce que l'Occident ne devrait plus faire<\/h3>\n<p>De nombreuses erreurs commises au cours des derni\u00e8res d\u00e9cennies r\u00e9sultent de r\u00e9flexes occidentaux h\u00e9rit\u00e9s d'une \u00e9poque o\u00f9 l'ordre mondial \u00e9tait encore clair. Mais ces r\u00e9flexes sont aujourd'hui inefficaces, voire dangereux. Si l'on veut stabiliser la situation, il faut d'abord cesser de r\u00e9p\u00e9ter les anciennes erreurs.<\/p>\n<ol>\n<li><strong>Pas d'arrogance morale<\/strong><br \/>\nL'Occident a tendance \u00e0 \u00e9valuer les conflits d'un point de vue moral avant de les analyser d'un point de vue strat\u00e9gique. Or, la morale n'a que peu d'influence dans les conflits existentiels. Les \u00c9tats n'agissent pas sur la base de cat\u00e9gories morales, mais sur la base de logiques de politique de s\u00e9curit\u00e9. Si l'Europe ou les Etats-Unis continuent de faire comme si un conflit tr\u00e8s complexe pouvait \u00eatre r\u00e9solu par des appels ou des sanctions, ils perdent non seulement leur cr\u00e9dibilit\u00e9, mais paraissent eux-m\u00eames na\u00effs.<\/li>\n<li><strong>Pas d'ing\u00e9rence sans compr\u00e9hension<\/strong><br \/>\nL'une des principales erreurs du pass\u00e9 a \u00e9t\u00e9 de croire que l'on pouvait \u201er\u00e9former\u201c, \u201estabiliser\u201c ou m\u00eame \u201emoderniser\u201c des syst\u00e8mes politiques dans des r\u00e9gions \u00e9trang\u00e8res sans comprendre leur culture, leur histoire et leur structure interne. C'est pr\u00e9cis\u00e9ment ce qui a conduit aux catastrophes en Irak, en Afghanistan, en Libye et en Syrie. Le conflit iranien le montre une nouvelle fois : s'ing\u00e9rer sans comprendre la logique locale, c'est aggraver l'escalade.<\/li>\n<li><strong>Pas d'attentes irr\u00e9alistes en mati\u00e8re de n\u00e9gociations<\/strong><br \/>\nLes n\u00e9gociations ne sont pas la panac\u00e9e. Elles ne fonctionnent que si les deux parties ont quelque chose \u00e0 gagner et quelque chose \u00e0 perdre. Dans la situation actuelle, les n\u00e9gociations ne sont souvent rien de plus que des actes symboliques. La v\u00e9ritable diplomatie doit accepter qu'il n'existe pas de solutions rapides - et que certains conflits ne peuvent \u00eatre stabilis\u00e9s que par des arrangements \u00e0 long terme.<\/li>\n<li><strong>Pas d'illusion de contr\u00f4le global<\/strong><br \/>\nL'id\u00e9e que l'Occident peut intervenir \u00e0 tout moment et \u201eg\u00e9rer\u201c les crises est d\u00e9pass\u00e9e. Dans un monde multipolaire, les interventions n'ont pas un effet stabilisateur, mais d\u00e9stabilisateur. Aujourd'hui, la d\u00e9sescalade ne r\u00e9sulte pas de la domination, mais de la limitation.<\/li>\n<\/ol>\n<h3>L'Allemagne \u00e0 l'ombre du conflit<\/h3>\n<p>Dans une conf\u00e9rence, le journaliste et observateur g\u00e9opolitique Patrik Baab analyse la guerre actuelle entre les Etats-Unis, Isra\u00ebl et l'Iran et la replace dans un contexte mondial plus large. Baab argumente que le conflit d\u00e9passe depuis longtemps le Proche-Orient et qu'il fait partie d'une lutte de pouvoir plus large entre l'Occident et les pays \u00e9mergents du BRICS.<\/p>\n<div class=\"lyte-wrapper\" style=\"width:640px;max-width:100%;margin:5px;\"><div class=\"lyMe\" id=\"WYL_GsgC7BF-kZA\"><div id=\"lyte_GsgC7BF-kZA\" data-src=\"https:\/\/www.markus-schall.de\/wp-content\/plugins\/wp-youtube-lyte\/lyteCache.php?origThumbUrl=%2F%2Fi.ytimg.com%2Fvi%2FGsgC7BF-kZA%2Fhqdefault.jpg\" class=\"pL\"><div class=\"tC\"><div class=\"tT\"><\/div><\/div><div class=\"play\"><\/div><div class=\"ctrl\"><div class=\"Lctrl\"><\/div><div class=\"Rctrl\"><\/div><\/div><\/div><noscript><a href=\"https:\/\/youtu.be\/GsgC7BF-kZA\" rel=\"nofollow noopener\" target=\"_blank\"><img loading=\"lazy\" decoding=\"async\" src=\"https:\/\/www.markus-schall.de\/wp-content\/plugins\/wp-youtube-lyte\/lyteCache.php?origThumbUrl=https%3A%2F%2Fi.ytimg.com%2Fvi%2FGsgC7BF-kZA%2F0.jpg\" alt=\"Vignette de la vid\u00e9o YouTube\" width=\"640\" height=\"340\" \/><br \/>Lire cette vid\u00e9o sur YouTube<\/a><\/noscript><\/div><\/div><div class=\"lL\" style=\"max-width:100%;width:640px;margin:5px;\"><\/div><br \/>\nL'invasion de l'Iran ou : aussi une guerre allemande | <a href=\"https:\/\/www.youtube.com\/@PatrikBaab-Official\" target=\"_blank\" rel=\"nofollow noopener\">Patrik Baab<\/a><\/p>\n<p>Sa th\u00e8se selon laquelle l'Allemagne est elle aussi indirectement impliqu\u00e9e dans ce conflit - politiquement, militairement et logistiquement, notamment par le biais des infrastructures, des structures de l'OTAN et de la coop\u00e9ration militaire - est particuli\u00e8rement controvers\u00e9e. Dans son expos\u00e9, Baab met \u00e9galement en lumi\u00e8re l'importance strat\u00e9gique du d\u00e9troit d'Ormuz, les cons\u00e9quences \u00e9conomiques possibles pour l'Europe ainsi que le r\u00f4le de la Russie et de la Chine en arri\u00e8re-plan de ce conflit.<\/p>\n<h3>Une nouvelle culture europ\u00e9enne de la s\u00e9curit\u00e9<\/h3>\n<p>L'Europe est \u00e0 la veille d'un bouleversement fondamental. Non seulement en raison du conflit au Proche-Orient, mais aussi parce que ce conflit r\u00e9v\u00e8le \u00e0 quel point l'Europe a besoin de nouvelles fa\u00e7ons de penser - en mati\u00e8re de politique de s\u00e9curit\u00e9, d'\u00e9conomie, de m\u00e9dias et de diplomatie.<\/p>\n<ol>\n<li><strong>L'Europe doit apprendre \u00e0 voir le monde de mani\u00e8re r\u00e9aliste<\/strong><br \/>\nL'\u00e9poque o\u00f9 l'Europe vivait dans une zone de confort qu'elle s'\u00e9tait cr\u00e9\u00e9e elle-m\u00eame et ne consid\u00e9rait les crises que de loin est r\u00e9volue. La culture de la s\u00e9curit\u00e9 ne signifie pas l'alarmisme, mais le sens des r\u00e9alit\u00e9s. L'Europe doit identifier les risques, prendre des d\u00e9cisions et assumer ses responsabilit\u00e9s - et non se contenter de pratiquer une politique symbolique.<\/li>\n<li><strong>R\u00e9-industrialisation et autonomie \u00e9nerg\u00e9tique<\/strong><br \/>\nUne politique \u00e9trang\u00e8re stable repose toujours sur la force \u00e9conomique. Pendant des d\u00e9cennies, l'Europe a affaibli sa base industrielle et s'est rendue d\u00e9pendante sur le plan \u00e9nerg\u00e9tique. Cela se paie aujourd'hui. Pour \u00eatre en mesure d'agir sur le plan g\u00e9opolitique, il faut une ind\u00e9pendance \u00e9conomique - ou du moins des structures robustes.<\/li>\n<li><strong>Surmonter l'autodiscipline m\u00e9diatique<\/strong><br \/>\nUn point tout \u00e0 fait central : si les m\u00e9dias d\u00e9peignent les crises de mani\u00e8re douce, cela emp\u00eache la r\u00e9silience de la soci\u00e9t\u00e9. Une nouvelle culture de la s\u00e9curit\u00e9 a besoin de m\u00e9dias qui n'apaisent pas, mais expliquent - honn\u00eatement, sans fioritures, mais de mani\u00e8re responsable.<\/li>\n<li><strong>La diplomatie sans la morale<\/strong><br \/>\nLa diplomatie ne consiste pas \u00e0 porter des jugements moraux. Elle consiste \u00e0 \u00e9quilibrer les int\u00e9r\u00eats. L'Europe a besoin d'une politique \u00e9trang\u00e8re qui accepte cette r\u00e9alit\u00e9. Une politique \u00e9trang\u00e8re qui comprend qu'il faut parler avec des acteurs difficiles - non pas parce qu'on les aime, mais parce qu'ils existent.<\/li>\n<li><strong>Des priorit\u00e9s r\u00e9alistes<\/strong><br \/>\nL'Europe doit cesser de se disperser dans des chantiers secondaires. La s\u00e9curit\u00e9, l'\u00e9nergie, l'industrie, les infrastructures et la souverainet\u00e9 en mati\u00e8re d'information sont des th\u00e8mes fondamentaux. Tout le reste vient apr\u00e8s.<\/li>\n<\/ol>\n<h3>La s\u00e9curit\u00e9 de l'Europe entre escalade et r\u00e9orientation strat\u00e9gique<\/h3>\n<p><a href=\"https:\/\/www.markus-schall.de\/fr\/2025\/12\/jeffrey-sachs-met-en-garde-lallemagne-pourquoi-la-securite-de-leurope-doit-etre-repensee\/\"><img loading=\"lazy\" decoding=\"async\" class=\"alignright size-medium wp-image-4082\" src=\"https:\/\/www.markus-schall.de\/wp-content\/uploads\/jeffrey-sachs-bundeskanzler-eu-300x200.jpg\" alt=\"Jeffrey Sachs \u00e9crit une lettre ouverte au chancelier Merz\" width=\"300\" height=\"200\" srcset=\"https:\/\/www.markus-schall.de\/wp-content\/uploads\/jeffrey-sachs-bundeskanzler-eu-300x200.jpg 300w, https:\/\/www.markus-schall.de\/wp-content\/uploads\/jeffrey-sachs-bundeskanzler-eu-768x512.jpg 768w, https:\/\/www.markus-schall.de\/wp-content\/uploads\/jeffrey-sachs-bundeskanzler-eu-18x12.jpg 18w, https:\/\/www.markus-schall.de\/wp-content\/uploads\/jeffrey-sachs-bundeskanzler-eu.jpg 1024w\" sizes=\"auto, (max-width: 300px) 100vw, 300px\" \/><\/a>L'escalade actuelle au Proche-Orient soul\u00e8ve \u00e9galement une question fondamentale : Quel r\u00f4le l'Europe joue-t-elle encore dans l'architecture de s\u00e9curit\u00e9 mondiale ? C'est pr\u00e9cis\u00e9ment la question que pose l'\u00e9conomiste et analyste g\u00e9opolitique Jeffrey Sachs dans sa lettre ouverte tr\u00e8s discut\u00e9e au gouvernement allemand. Sachs argumente que la s\u00e9curit\u00e9 en Europe ne peut pas \u00eatre pens\u00e9e de mani\u00e8re unilat\u00e9rale, mais qu'elle repose sur le principe de la \u201es\u00e9curit\u00e9 indivisible\u201c - c'est-\u00e0-dire sur le fait que la stabilit\u00e9 ne fonctionne durablement que si les int\u00e9r\u00eats de tous les grands acteurs sont pris en compte. Dans mon article <a href=\"https:\/\/www.markus-schall.de\/fr\/2025\/12\/jeffrey-sachs-met-en-garde-lallemagne-pourquoi-la-securite-de-leurope-doit-etre-repensee\/\"><em><strong>\u201eJeffrey Sachs met en garde l'Allemagne : pourquoi la s\u00e9curit\u00e9 de l'Europe doit \u00eatre repens\u00e9e\u201c<\/strong><\/em><\/a> cette perspective est examin\u00e9e plus en d\u00e9tail. Le texte montre pourquoi Sachs estime qu'un retour \u00e0 la diplomatie, au r\u00e9alisme strat\u00e9gique et \u00e0 la stabilit\u00e9 \u00e0 long terme est n\u00e9cessaire.<\/p>\n<h3>Les sc\u00e9narios d'avenir possibles et leur importance strat\u00e9gique<\/h3>\n<div style=\"overflow-x: auto;\">\n<table style=\"border-collapse: collapse; width: 100%;\">\n<tbody>\n<tr style=\"background: #f2f2f2;\">\n<td><strong>Sc\u00e9nario<\/strong><\/td>\n<td><strong>Br\u00e8ve description<\/strong><\/td>\n<td><strong>Cons\u00e9quences strat\u00e9giques<\/strong><\/td>\n<\/tr>\n<tr>\n<td><strong>D\u00e9sescalade limit\u00e9e<\/strong><\/td>\n<td>Des cessez-le-feu de courte dur\u00e9e, des m\u00e9diations indirectes, des retraits partiels.<\/td>\n<td>Stabilise temporairement, mais ne r\u00e9sout pas les probl\u00e8mes de base.<\/td>\n<\/tr>\n<tr>\n<td><strong>Escalade continue<\/strong><\/td>\n<td>Nouvelles attaques de missiles, extension r\u00e9gionale, guerres par procuration.<\/td>\n<td>Risque \u00e9lev\u00e9 de perte de contr\u00f4le strat\u00e9gique.<\/td>\n<\/tr>\n<tr>\n<td><strong>\u00c9v\u00e9nement de choc<\/strong> (par ex. arme nucl\u00e9aire tactique)<\/td>\n<td>Bris de tabou, onde de choc mondiale, r\u00e9organisation g\u00e9opolitique massive.<\/td>\n<td>D\u00e9stabilisation mondiale, r\u00e9\u00e9valuation de toutes les architectures de s\u00e9curit\u00e9.<\/td>\n<\/tr>\n<\/tbody>\n<\/table>\n<\/div>\n<h2>Pourquoi cette crise est un tournant - L'Occident \u00e0 la crois\u00e9e des chemins<\/h2>\n<p>Si l'on analyse froidement l'escalade actuelle, on ne voit pas seulement un conflit r\u00e9gional, mais un changement tectonique dans l'ordre mondial. C'est un moment o\u00f9 l'on voit \u00e0 quel point l'Occident a perdu de son poids strat\u00e9gique - non pas brutalement, mais par une sorte d'\u00e9rosion insidieuse qui \u00e9clate aujourd'hui pour la premi\u00e8re fois de mani\u00e8re visible \u00e0 la surface.<\/p>\n<p>La crise au Proche-Orient est donc un tournant, car elle r\u00e9v\u00e8le toutes les faiblesses en m\u00eame temps :<\/p>\n<ul>\n<li>le manque de capacit\u00e9 de gestion g\u00e9opolitique,<\/li>\n<li>l'espoir na\u00eff d'un ordre moral,<\/li>\n<li>l'auto-rassurance m\u00e9diatique,<\/li>\n<li>la vuln\u00e9rabilit\u00e9 \u00e9conomique,<\/li>\n<li>et les d\u00e9chirements strat\u00e9giques du monde occidental.<\/li>\n<\/ul>\n<p>Pour la premi\u00e8re fois depuis des d\u00e9cennies, les \u00c9tats occidentaux sont confront\u00e9s \u00e0 une situation dans laquelle ils n'ont ni marge de man\u0153uvre ni moyens strat\u00e9giques sup\u00e9rieurs. Ils peuvent lancer des appels, des avertissements, des mises en garde - mais ils ne peuvent plus agir. Et c'est pr\u00e9cis\u00e9ment ce qui rend la situation si explosive. Un syst\u00e8me qui a \u00e9t\u00e9 consid\u00e9r\u00e9 pendant des d\u00e9cennies comme une force organisatrice a perdu son centre structurel.<\/p>\n<p>Mais c'est justement parce qu'il en est ainsi que ce moment a une signification particuli\u00e8re : il oblige \u00e0 se reconnecter \u00e0 la r\u00e9alit\u00e9. Non pas par faiblesse, mais par n\u00e9cessit\u00e9.<\/p>\n<h3>La chance en temps de crise : retour \u00e0 la r\u00e9alit\u00e9<\/h3>\n<p>Paradoxalement, de telles crises offrent aussi la possibilit\u00e9 de faire quelque chose que la politique occidentale a d\u00e9sappris depuis des ann\u00e9es : revenir \u00e0 un monde dans lequel les d\u00e9cisions strat\u00e9giques ne sont plus soutenues par des v\u0153ux pieux, une politique symbolique ou des pr\u00e9tentions morales, mais par une observation objective des rapports de force.<\/p>\n<p>Pendant des d\u00e9cennies, on a cru que le monde \u00e9tait mall\u00e9able, \u00e0 condition d'expliquer, de sanctionner ou d'appeler suffisamment. Mais l'escalade actuelle le montre : La politique mondiale n'ob\u00e9it pas \u00e0 la volont\u00e9 morale des diff\u00e9rents Etats. Elle suit des structures, des int\u00e9r\u00eats, des lignes historiques et des rapports de force.<\/p>\n<p>Cette prise de conscience est inconfortable - mais elle est salutaire. Car seul un monde vu en vrai peut \u00eatre fa\u00e7onn\u00e9 en vrai. Et seule une politique qui reconna\u00eet que d'autres acteurs ont leurs propres int\u00e9r\u00eats, leurs propres rationalit\u00e9s et leurs propres moyens de pouvoir peut r\u00e9ussir \u00e0 long terme.<\/p>\n<h3>Un nouveau r\u00e9alisme strat\u00e9gique<\/h3>\n<p>L'Occident est d\u00e9sormais confront\u00e9 \u00e0 un choix :<\/p>\n<ul>\n<li>Soit il s'accroche \u00e0 son ancienne image de soi et esp\u00e8re que le monde s'adaptera \u00e0 nouveau.<\/li>\n<li>Ou bien il accepte que le monde a chang\u00e9 - et qu'il doit changer avec lui.<\/li>\n<\/ul>\n<p>Le r\u00e9alisme strat\u00e9gique ne signifie pas le cynisme, mais la clart\u00e9. Pas de r\u00e9signation, mais de nouvelles bases. Un monde dans lequel des \u00c9tats comme l'Iran, la Turquie, l'Inde, l'Arabie saoudite, mais aussi de nombreux acteurs plus petits, se comportent avec plus d'assurance, exige de l'Europe et des \u00c9tats-Unis une politique \u00e9trang\u00e8re qui donne moins de le\u00e7ons et comprend davantage. Une politique de s\u00e9curit\u00e9 qui r\u00e9agit moins et anticipe davantage. Et une politique \u00e9conomique et \u00e9nerg\u00e9tique qui rend moins d\u00e9pendant et g\u00e9n\u00e8re plus de r\u00e9silience.<\/p>\n<p>Si ce conflit montre quelque chose, c'est bien cela : un ordre mondial qui s'appuyait sur des \u00e9vidences doit \u00eatre repens\u00e9.<\/p>\n<h3>Regarder vers l'avenir - et pourquoi l'avenir n'est pas fix\u00e9<\/h3>\n<p>Il serait pr\u00e9somptueux de pr\u00e9tendre pouvoir dire aujourd'hui quelle sera l'issue du conflit actuel. Trop de variables, trop de rebondissements possibles, trop d'inconnues strat\u00e9giques sont en jeu. Mais c'est justement ce qui rend ce chapitre final important : il ne doit pas porter de jugement, mais donner une orientation.<\/p>\n<ul>\n<li>Nous savons que les sch\u00e9mas politiques de base ont chang\u00e9.<\/li>\n<li>Nous savons que la dissuasion n'a plus d'effet automatique.<\/li>\n<li>Nous savons qu'aujourd'hui, les escalades se produisent plus rapidement et sont plus difficiles \u00e0 arr\u00eater.<\/li>\n<li>Nous savons que les pays occidentaux n'ont plus les moyens de g\u00e9rer seuls les crises mondiales.<\/li>\n<\/ul>\n<p>Et nous savons que ce conflit - tout comme la guerre en Ukraine - fait partie d'un d\u00e9placement plus large : le d\u00e9placement vers un monde multipolaire, dans lequel le pouvoir, l'influence et les risques sont r\u00e9partis diff\u00e9remment qu'auparavant.<\/p>\n<ul>\n<li>Nous ne savons pas si le conflit va s'apaiser ou continuer \u00e0 s'envenimer.<\/li>\n<li>Nous ne savons pas quel r\u00f4le les acteurs externes joueront r\u00e9ellement.<\/li>\n<li>Nous ne savons pas combien de temps Isra\u00ebl et l'Iran pourront maintenir leurs positions actuelles.<\/li>\n<li>Et nous ne savons pas si les prochains mois conduiront \u00e0 une stabilisation r\u00e9gionale - ou \u00e0 une r\u00e9action strat\u00e9gique en cha\u00eene.<\/li>\n<\/ul>\n<p>C'est le c\u0153ur de l'incertitude strat\u00e9gique : on ne sait pas ce qui va arriver, mais on conna\u00eet les m\u00e9canismes qui peuvent y conduire.<\/p>\n<h3>Une fin ouverte - parce qu'il n'y a pas d'autre solution<\/h3>\n<p>Cette crise n'a pas de fin toute trac\u00e9e. Elle n'est pas un chapitre que l'on ferme, mais un processus qui se d\u00e9veloppe. Un processus qui pourrait marquer les prochaines ann\u00e9es au niveau international. Et qui nous oblige \u00e0 abandonner l'illusion que l'on peut pr\u00e9voir ou contr\u00f4ler les \u00e9volutions g\u00e9opolitiques.<\/p>\n<p>Ce conflit d\u00e9bouchera peut-\u00eatre sur un nouvel ordre r\u00e9gional.<\/p>\n<p>Il se terminera peut-\u00eatre par une p\u00e9riode de tr\u00eave instable.<\/p>\n<p>Il se peut qu'elle d\u00e9g\u00e9n\u00e8re avant qu'un \u00e9quilibre ne soit retrouv\u00e9.<\/p>\n<p>Il en r\u00e9sultera peut-\u00eatre m\u00eame une r\u00e9orientation politique \u00e0 long terme de l'Occident - une r\u00e9orientation qui lui permettra d'agir \u00e0 nouveau.<\/p>\n<p>Mais ce qui est s\u00fbr, c'est que ce conflit est un tournant. Et les points d'inflexion se caract\u00e9risent par le fait qu'ils changent de direction sans dire imm\u00e9diatement o\u00f9 l'on va. D'un point de vue strat\u00e9gique, c'est la seule consid\u00e9ration honn\u00eate. Car celui qui affirme des certitudes dans cette situation n'a pas compris la situation.<\/p>\n<h3>Le droit international entre exigence et r\u00e9alit\u00e9 g\u00e9opolitique<\/h3>\n<p><a href=\"https:\/\/www.markus-schall.de\/fr\/2026\/01\/lordre-mondial-fonde-sur-des-regles-et-le-droit-international-public-entre-exigence-de-realite-et-violation-du-droit\/\"><img loading=\"lazy\" decoding=\"async\" class=\"alignright size-medium wp-image-4281\" src=\"https:\/\/www.markus-schall.de\/wp-content\/uploads\/voelkerrecht-weltordnung-titel-300x200.jpg\" alt=\"Droit international et ordre mondial fond\u00e9 sur des r\u00e8gles\" width=\"300\" height=\"200\" srcset=\"https:\/\/www.markus-schall.de\/wp-content\/uploads\/voelkerrecht-weltordnung-titel-300x200.jpg 300w, https:\/\/www.markus-schall.de\/wp-content\/uploads\/voelkerrecht-weltordnung-titel-768x512.jpg 768w, https:\/\/www.markus-schall.de\/wp-content\/uploads\/voelkerrecht-weltordnung-titel-18x12.jpg 18w, https:\/\/www.markus-schall.de\/wp-content\/uploads\/voelkerrecht-weltordnung-titel.jpg 1024w\" sizes=\"auto, (max-width: 300px) 100vw, 300px\" \/><\/a>L'escalade actuelle entre Isra\u00ebl, les Etats-Unis et l'Iran soul\u00e8ve in\u00e9vitablement une question fondamentale : Quel r\u00f4le le droit international joue-t-il encore dans un monde o\u00f9 la politique de puissance est de plus en plus pr\u00e9sente ? Les discours politiques parlent souvent d'un \u201eordre international fond\u00e9 sur des r\u00e8gles\u201c, mais les moments de crise r\u00e9v\u00e8lent r\u00e9guli\u00e8rement \u00e0 quel point les int\u00e9r\u00eats strat\u00e9giques, la logique militaire et les rivalit\u00e9s g\u00e9opolitiques peuvent supplanter ces principes. C'est pr\u00e9cis\u00e9ment ce champ de tensions que j'\u00e9claire plus en d\u00e9tail dans l'article de fond <a href=\"https:\/\/www.markus-schall.de\/fr\/2026\/01\/lordre-mondial-fonde-sur-des-regles-et-le-droit-international-public-entre-exigence-de-realite-et-violation-du-droit\/\"><em><strong>\u201eL'ordre mondial fond\u00e9 sur des r\u00e8gles et le droit international : entre ambition, r\u00e9alit\u00e9 et violation du droit\u201c<\/strong><\/em><\/a>. Il y est question des r\u00e8gles cens\u00e9es maintenir la coh\u00e9sion du syst\u00e8me international, des raisons pour lesquelles elles sont r\u00e9guli\u00e8rement viol\u00e9es - et pourquoi le droit international joue malgr\u00e9 tout un r\u00f4le central pour la stabilit\u00e9 et la limitation des conflits.<\/p>\n<hr \/>\n<h2>Sources d'approfondissement sur le sujet<\/h2>\n<ol>\n<li style=\"list-style-type: none;\">\n<ol>\n<li><b><a href=\"https:\/\/www.aljazeera.com\/gallery\/2025\/6\/18\/the-history-of-netanyahus-rhetoric-on-irans-nuclear-ambitions\" target=\"_blank\" rel=\"noopener\">L'histoire de la rh\u00e9torique de Netanyahu sur les ambitions nucl\u00e9aires de l'Iran<\/a><\/b>Une vue d'ensemble d'Al Jazeera sur plus de trois d\u00e9cennies d'avertissements politiques de Benjamin Netanyahu concernant l'imminence suppos\u00e9e d'un programme nucl\u00e9aire iranien. L'analyse montre comment ces avertissements ont \u00e9t\u00e9 r\u00e9p\u00e9t\u00e9s publiquement \u00e0 maintes reprises depuis le d\u00e9but des ann\u00e9es 1990.<\/li>\n<li><b><a href=\"https:\/\/www.theweek.com\/speedreads\/542019\/netanyahu-been-warning-iran-isclose-nuke-since-1992\" target=\"_blank\" rel=\"noopener\">Netanyahu a averti l'Iran qu'il \u00e9tait proche d'un nuke depuis 1992<\/a><\/b>: aper\u00e7u des d\u00e9clarations centrales de Netanyahu depuis le d\u00e9but des ann\u00e9es 1990, notamment sa pr\u00e9vision en 1992 selon laquelle l'Iran pourrait d\u00e9velopper une bombe nucl\u00e9aire dans les trois \u00e0 cinq ans. L'article r\u00e9sume les avertissements r\u00e9currents sous forme chronologique.<\/li>\n<li><b><a href=\"https:\/\/www.csmonitor.com\/World\/Middle-East\/2011\/1108\/Imminent-Iran-nuclear-threat-A-timeline-of-warnings-since-1979\" target=\"_blank\" rel=\"noopener\">Menace nucl\u00e9aire iranienne imminente ? Une chronologie des alertes depuis 1979<\/a><\/b>Le Christian Science Monitor retrace l'histoire des avertissements occidentaux concernant le programme nucl\u00e9aire iranien et montre comment les \u00e9valuations ont \u00e9volu\u00e9 sur plusieurs d\u00e9cennies. La chronologie fournit un contexte historique important pour les d\u00e9bats politiques sur le programme nucl\u00e9aire iranien.<\/li>\n<li><b><a href=\"https:\/\/www.gov.il\/en\/pages\/speechun270912\" target=\"_blank\" rel=\"noopener\">Discours du Premier ministre Netanyahu \u00e0 l'Assembl\u00e9e g\u00e9n\u00e9rale des Nations Unies (2012)<\/a><\/b>: Documentation officielle du fameux discours de Netanyahu devant l'Assembl\u00e9e g\u00e9n\u00e9rale des Nations unies, dans lequel il a mis en garde contre l'imminence d'un programme d'armement nucl\u00e9aire iranien \u00e0 l'aide d'une repr\u00e9sentation graphique (\u201eligne rouge\u201c). Ce discours est devenu l'un des moments les plus connus du d\u00e9bat international sur l'Iran.<\/li>\n<li><b><a href=\"https:\/\/www.csmonitor.com\/World\/Middle-East\/2012\/0928\/Netanyahu-s-simple-bomb-graphic-confuses-the-nuclear-experts\" target=\"_blank\" rel=\"noopener\">Le simple graphique de la bombe de Netanyahu confond les experts nucl\u00e9aires<\/a><\/b>Analyse du graphique embl\u00e9matique de la \u201ecartoon bomb\u201c pr\u00e9sent\u00e9 par Netanyahu \u00e0 l'ONU en 2012. Des experts ont critiqu\u00e9 le fait que cette repr\u00e9sentation simplifiait \u00e0 l'extr\u00eame les questions techniques complexes du programme nucl\u00e9aire iranien.<\/li>\n<li><b><a href=\"https:\/\/www.theguardian.com\/world\/2012\/sep\/27\/binyamin-netanyahu-cartoon-bomb-un\" target=\"_blank\" rel=\"noopener\">Le diagramme de la bombe de Netanyahu r\u00e9ussit - mais pas comme le souhaitait le PM<\/a><\/b>: rapport du Guardian sur la r\u00e9action internationale au fameux discours de Netanyahu \u00e0 l'ONU et au symbolique \u201edessin de bombe\u201c qui a attir\u00e9 l'attention du monde entier et marqu\u00e9 le d\u00e9bat sur le programme nucl\u00e9aire iranien.<\/li>\n<li><b><a href=\"https:\/\/www.bloomberg.com\/news\/articles\/2025-06-13\/after-30-years-of-hesitation-netanyahu-pulled-the-trigger\" target=\"_blank\" rel=\"noopener\">Apr\u00e8s 30 ans d'avertissements, Netanyahu a d\u00e9clench\u00e9 le processus de paix<\/a><\/b>: Bloomberg analyse comment Netanyahu a pr\u00e9sent\u00e9 pendant des d\u00e9cennies l'Iran comme une menace existentielle centrale pour Isra\u00ebl et a finalement soutenu des mesures militaires contre le programme nucl\u00e9aire iranien.<\/li>\n<li><b><a href=\"https:\/\/www.reuters.com\/article\/world\/us\/iran-on-brink-of-nuclear-bomb-in-6-7-months-netanyahu-idUSBRE88F06Q\/\" target=\"_blank\" rel=\"noopener\">L'Iran au bord de la bombe nucl\u00e9aire dans 6-7 mois : Netanyahu<\/a><\/b>: rapport de Reuters sur l'avertissement de Netanyahu datant de 2012, selon lequel l'Iran pourrait atteindre en quelques mois la capacit\u00e9 de construire une bombe atomique. L'article illustre de mani\u00e8re exemplaire les alertes r\u00e9currentes du gouvernement isra\u00e9lien.<\/li>\n<li><b><a href=\"https:\/\/en.wikipedia.org\/wiki\/Nuclear_program_of_Iran\" target=\"_blank\" rel=\"noopener\">Programme nucl\u00e9aire de l'Iran<\/a><\/b>: aper\u00e7u de l'histoire, de l'\u00e9volution et des controverses politiques autour du programme nucl\u00e9aire iranien - depuis ses d\u00e9buts dans les ann\u00e9es 1950 jusqu'aux conflits internationaux actuels, en passant par la r\u00e9volution de 1979.<\/li>\n<li><b><a href=\"https:\/\/en.wikipedia.org\/wiki\/Timeline_of_the_nuclear_program_of_Iran\" target=\"_blank\" rel=\"noopener\">Chronologie du programme nucl\u00e9aire de l'Iran<\/a><\/b>: chronologie d\u00e9taill\u00e9e des principaux \u00e9v\u00e9nements du programme nucl\u00e9aire iranien, y compris les n\u00e9gociations internationales, les sanctions et l'accord nucl\u00e9aire de 2015 (JCPOA).<\/li>\n<li><b><a href=\"https:\/\/thebulletin.org\/2025\/06\/a-simple-timeline-of-irans-nuclear-program\/\" target=\"_blank\" rel=\"noopener\">Une chronologie simple du programme nucl\u00e9aire de l'Iran<\/a><\/b>Le Bulletin of the Atomic Scientists explique l'\u00e9volution du programme nucl\u00e9aire iranien et les cons\u00e9quences politiques des accords internationaux comme le JCPOA. L'analyse situe les progr\u00e8s techniques et les conflits diplomatiques.<\/li>\n<li><b><a href=\"https:\/\/iramcenter.org\/en\/netanyahus-nuclear-gamble-the-risks-of-escalation-with-iran_en-2607\" target=\"_blank\" rel=\"noopener\">Le jeu nucl\u00e9aire de Netanyahu : les risques d'une escalade avec l'Iran<\/a><\/b>Analyse de l'Iram Center sur les risques strat\u00e9giques d'une escalade militaire entre Isra\u00ebl et l'Iran et sur l'argumentation politique \u00e0 long terme de Netanyahu concernant la question du nucl\u00e9aire iranien.<\/li>\n<li><b><a href=\"https:\/\/www.abc.net.au\/news\/2012-09-28\/netanyahu-draws-red-line-on-irans-nuke-program\/4285214\" target=\"_blank\" rel=\"noopener\">Netanyahu trace une \u2018ligne rouge\u2019 sur le programme nucl\u00e9aire de l'Iran<\/a><\/b>: compte-rendu du discours de Netanyahu \u00e0 l'ONU et de son appel \u00e0 une \u201eligne rouge\u201c internationale claire pour emp\u00eacher l'Iran de se doter de la bombe atomique.<\/li>\n<li><b><a href=\"https:\/\/apnews.com\/article\/13d04138deb51e3f6315fa4ab5973cc0\" target=\"_blank\" rel=\"noopener\">L'attaque d'Isra\u00ebl contre l'Iran marque un moment de v\u00e9rit\u00e9 pour Netanyahu<\/a><\/b>Analyse de l'agence de presse AP sur les avertissements de longue date de Netanyahu concernant la menace nucl\u00e9aire iranienne et son influence sur la politique de s\u00e9curit\u00e9 et les d\u00e9cisions militaires d'Isra\u00ebl.<\/li>\n<li><strong><a href=\"https:\/\/www.cfr.org\/global-conflict-tracker\/conflict\/confrontation-between-united-states-and-iran\" target=\"_blank\" rel=\"noopener\">Confrontation entre les \u00c9tats-Unis et l'Iran<\/a><\/strong>Global Conflict Tracker du Council on Foreign Relations propose une analyse continuellement mise \u00e0 jour de la confrontation strat\u00e9gique entre l'Iran, les Etats-Unis et leurs alli\u00e9s r\u00e9gionaux. Le site explique les causes historiques du conflit, le r\u00f4le du programme nucl\u00e9aire iranien, les guerres r\u00e9gionales par procuration ainsi que la dynamique militaire entre Washington, T\u00e9h\u00e9ran et Isra\u00ebl.<\/li>\n<li><b><a href=\"https:\/\/www.cfr.org\/global-conflict-tracker\/conflict\/confrontation-between-united-states-and-iran\" target=\"_blank\" rel=\"noopener\">Confrontation entre les \u00c9tats-Unis et l'Iran<\/a><\/b>Global Conflict Tracker du Council on Foreign Relations propose une analyse continuellement mise \u00e0 jour de la confrontation strat\u00e9gique entre l'Iran, les Etats-Unis et leurs alli\u00e9s r\u00e9gionaux. Le site explique les causes historiques du conflit, le r\u00f4le du programme nucl\u00e9aire iranien, les guerres r\u00e9gionales par procuration ainsi que la dynamique militaire entre Washington, T\u00e9h\u00e9ran et Isra\u00ebl.<\/li>\n<li><b><a href=\"https:\/\/www.atlanticcouncil.org\/dispatches\/experts-react-the-us-and-israel-just-unleashed-a-major-attack-on-iran-whats-next\/\" target=\"_blank\" rel=\"noopener\">Experts React : What Comes After U.S.-Israel Strikes on Iran ?<\/a><\/b>Analyse de plusieurs experts en s\u00e9curit\u00e9 de l'Atlantic Council sur l'importance strat\u00e9gique de frappes militaires conjointes contre l'Iran. L'article examine les r\u00e9actions possibles de l'Iran, les risques d'escalade r\u00e9gionale et les cons\u00e9quences g\u00e9opolitiques \u00e0 long terme pour le Moyen-Orient et la structure du pouvoir international.<b><\/b><\/li>\n<li><b><a href=\"https:\/\/www.chathamhouse.org\/2026\/02\/us-and-israel-attack-iran-early-analysis-chatham-house-experts\" target=\"_blank\" rel=\"noopener\">U.S. and Israel Attack Iran - Early Strategic Analysis (Analyse strat\u00e9gique pr\u00e9coce)<\/a><\/b>Analyse d'experts du think tank britannique Chatham House sur les causes et les cons\u00e9quences des actions militaires contre l'Iran. Le rapport \u00e9value l'arsenal de missiles de l'Iran, ses milices r\u00e9gionales et le r\u00f4le \u00e0 long terme du pays dans la structure du pouvoir au Moyen-Orient.<b><\/b><\/li>\n<li><b><a href=\"https:\/\/www.chathamhouse.org\/2026\/03\/iran-war-exposes-limits-russias-leverage-fragmenting-regional-order\" target=\"_blank\" rel=\"noopener\">La guerre d'Iran expose les limites de l'effet de levier de la Russie<\/a><\/b>Analyse strat\u00e9gique de la mani\u00e8re dont le conflit iranien limite l'influence de la Russie au Moyen-Orient tout en mettant en \u00e9vidence un ordre r\u00e9gional fragment\u00e9. L'article met en lumi\u00e8re le r\u00f4le de Moscou, ses relations avec T\u00e9h\u00e9ran ainsi que les cons\u00e9quences sur l'\u00e9quilibre global du pouvoir.<b><\/b><\/li>\n<li><b><a href=\"https:\/\/www.specialeurasia.com\/2026\/03\/01\/russia-china-iran-tech-military\/\" target=\"_blank\" rel=\"noopener\">Comment la technologie russe et chinoise sous-tend la profondeur strat\u00e9gique de l'Iran<\/a><\/b>Analyse de la coop\u00e9ration militaire et technologique entre l'Iran, la Russie et la Chine. L'article montre comment les transferts de technologie, la coop\u00e9ration militaire et les r\u00e9seaux \u00e9conomiques renforcent la position strat\u00e9gique de l'Iran dans le conflit avec l'Occident.<b><\/b><\/li>\n<li><b><a href=\"https:\/\/www.oxfordeconomics.com\/iran-conflict-us-israel-iran-war-2026\/\" target=\"_blank\" rel=\"noopener\">Conflit iranien - Implications \u00e9conomiques et march\u00e9 mondial<\/a><\/b>Oxford Economics : \u00e9tude sur les cons\u00e9quences \u00e9conomiques d'un conflit avec l'Iran. L'analyse examine notamment les prix de l'\u00e9nergie, les cha\u00eenes d'approvisionnement mondiales, les march\u00e9s financiers ainsi que les sc\u00e9narios possibles pour l'\u00e9conomie mondiale en cas d'escalade prolong\u00e9e au Proche-Orient.<\/li>\n<\/ol>\n<\/li>\n<\/ol>\n<hr \/>\n<h2>Foire aux questions<\/h2>\n<ol>\n<li><strong>Pourquoi ce conflit entre Isra\u00ebl et l'Iran est-il consid\u00e9r\u00e9 comme si strat\u00e9giquement dangereux ?<\/strong><br \/>\nParce que plusieurs niveaux sont r\u00e9unis en m\u00eame temps : un Isra\u00ebl menac\u00e9 dans son existence, un Iran agissant \u00e0 long terme, des structures d'influence occidentales affaiblies, des alliances r\u00e9gionales fragment\u00e9es et une structure de pouvoir globale en transition. Cette combinaison cr\u00e9e une situation dans laquelle les m\u00e9canismes de stabilit\u00e9 classiques ne sont plus s\u00fbrs. Les strat\u00e8ges redoutent de telles situations, car elles ne sont plus pr\u00e9visibles et de petites erreurs peuvent avoir d'\u00e9normes cons\u00e9quences.<\/li>\n<li><strong>Pourquoi Isra\u00ebl ne peut-il pas simplement r\u00e9agir moins durement pour calmer la situation ?<\/strong><br \/>\nPour Isra\u00ebl, la retenue n'est pas une d\u00e9marche neutre. Toute faiblesse visible pourrait nuire \u00e0 sa propre dissuasion et d\u00e9stabiliser la population. Le pays se sent menac\u00e9 dans son existence - et dans de telles situations, la fermet\u00e9 est souvent consid\u00e9r\u00e9e comme une d\u00e9fense n\u00e9cessaire. Dans le m\u00eame temps, une pression politique s'exerce \u00e0 l'int\u00e9rieur, bloquant les voies plus mod\u00e9r\u00e9es. Isra\u00ebl se trouve donc dans une situation o\u00f9 la retenue appara\u00eet comme un risque et non comme une solution.<\/li>\n<li><strong>Pourquoi l'Iran ne peut-il pas faire marche arri\u00e8re ?<\/strong><br \/>\nL'Iran d\u00e9finit sa l\u00e9gitimit\u00e9 par la r\u00e9sistance, la fermet\u00e9 et la projection de puissance r\u00e9gionale. En politique int\u00e9rieure, un retrait serait interpr\u00e9t\u00e9 comme une faiblesse et pourrait d\u00e9stabiliser le r\u00e9gime. En politique \u00e9trang\u00e8re, un recul serait consid\u00e9r\u00e9 comme une perte de dissuasion. Pour T\u00e9h\u00e9ran, faire marche arri\u00e8re n'est donc pas seulement un probl\u00e8me politique, mais aussi structurel. L'Iran - tout comme Isra\u00ebl - est ainsi pris dans une logique qui favorise l'escalade.<\/li>\n<li><strong>Quel est le r\u00f4le de la politique d'avertissement men\u00e9e par Netanyahou depuis des d\u00e9cennies dans la situation actuelle ?<\/strong><br \/>\nLes mises en garde r\u00e9p\u00e9t\u00e9es depuis les ann\u00e9es 1990 contre un leadership iranien \u201ebient\u00f4t dot\u00e9 de l'arme nucl\u00e9aire\u201c ont marqu\u00e9 la culture politique en Isra\u00ebl et fa\u00e7onn\u00e9 les attentes internationales. Mais \u00e0 force d'\u00eatre r\u00e9p\u00e9t\u00e9es, ces mises en garde ont perdu de leur efficacit\u00e9. Maintenant que la situation est r\u00e9ellement aigu\u00eb, la cr\u00e9dibilit\u00e9 de ces cris d'alarme s'est affaiblie. Dans le m\u00eame temps, Isra\u00ebl s'est lui-m\u00eame plac\u00e9 sur une ligne dont il n'est gu\u00e8re possible de se retirer politiquement.<\/li>\n<li><strong>Pourquoi les experts parlent-ils aujourd'hui soudainement \u00e0 nouveau de l'utilisation d'armes nucl\u00e9aires tactiques ?<\/strong><br \/>\nParce que plusieurs facteurs de risque apparaissent simultan\u00e9ment : un syst\u00e8me de d\u00e9fense isra\u00e9lien d\u00e9pass\u00e9, des capacit\u00e9s massives de missiles et de drones iraniens, une impasse strat\u00e9gique dans laquelle les deux parties ne peuvent gu\u00e8re c\u00e9der, ainsi qu'un environnement g\u00e9opolitique dans lequel l'Occident a perdu son ancien r\u00f4le d'ancre de stabilit\u00e9. Les armes nucl\u00e9aires tactiques sont consid\u00e9r\u00e9es comme \u201eultima ratio\u201c dans les situations de menace existentielle - et de nombreux d\u00e9veloppements actuels indiquent que les espaces de d\u00e9cision se r\u00e9tr\u00e9cissent.<\/li>\n<li><strong>Quelles seraient les cons\u00e9quences d'une frappe nucl\u00e9aire limit\u00e9e au Moyen-Orient ?<\/strong><br \/>\nM\u00eame un engagement tactique, non strat\u00e9gique, aurait des cons\u00e9quences globales. Elle \u00e9branlerait l'architecture de s\u00e9curit\u00e9 internationale, d\u00e9stabiliserait les alliances r\u00e9gionales, d\u00e9s\u00e9quilibrerait les march\u00e9s et remettrait en question la l\u00e9gitimit\u00e9 des trait\u00e9s internationaux. L'effet psychologique serait particuli\u00e8rement explosif : une intervention unique briserait un tabou vieux de plusieurs d\u00e9cennies - et rendrait les imitateurs plus probables.<\/li>\n<li><strong>Quelle est la probabilit\u00e9 que le Pakistan r\u00e9agisse \u00e0 une attaque nucl\u00e9aire contre l'Iran ?<\/strong><br \/>\nUne riposte nucl\u00e9aire directe du Pakistan serait tr\u00e8s improbable, car elle plongerait le pays dans un conflit suicidaire. Des condamnations rh\u00e9toriques massives, des mobilisations militaires, des mesures de pression diplomatiques et un renforcement des alliances anti-occidentales seraient plus probables. Mais : le simple fait que le Pakistan soit une puissance nucl\u00e9aire et qu'il se consid\u00e8re comme la puissance protectrice du monde musulman augmente consid\u00e9rablement la complexit\u00e9 du conflit.<\/li>\n<li><strong>Existe-t-il encore aujourd'hui des grandes puissances capables de stopper \u00e0 coup s\u00fbr une escalade ?<\/strong><br \/>\nNon, le monde est devenu multipolaire. Les Etats-Unis sont distendus, l'Europe politiquement faible, la Russie et la Chine poursuivent leurs propres int\u00e9r\u00eats et n'ont qu'une influence limit\u00e9e sur l'Iran. Il n'y a plus d'acteur unique qui puisse jouer le r\u00f4le d'un \u201eamortisseur d'escalade\u201c fiable. C'est pr\u00e9cis\u00e9ment ce qui distingue cette crise des conflits pr\u00e9c\u00e9dents.<\/li>\n<li><strong>Pourquoi de nombreuses personnes en Europe sous-estiment-elles le danger ?<\/strong><br \/>\nParce que les m\u00e9dias sont fortement filtr\u00e9s. De nombreuses \u00e9missions d'information occidentales ne montrent que des images abstraites ou \u00e9dulcor\u00e9es. En m\u00eame temps, elles informent rarement sur les liens structurels profonds. Il en r\u00e9sulte un sentiment de distance trompeur. Les gens sentent certes intuitivement que \u201equelque chose ne va pas\u201c, mais ils ne voient pas la pleine r\u00e9alit\u00e9. Et le manque de visibilit\u00e9 entra\u00eene un manque d'urgence.<\/li>\n<li><strong>Pourquoi les m\u00e9dias occidentaux ne montrent-ils pas les images r\u00e9elles de la guerre ou les montrent-ils de mani\u00e8re att\u00e9nu\u00e9e ?<\/strong><br \/>\nPour plusieurs raisons : pour ne pas choquer la population, pour prot\u00e9ger la stabilit\u00e9 sociale, par prudence \u00e9ditoriale et par une conception traditionnelle de soi qui pr\u00e9sente les conflits de mani\u00e8re plus p\u00e9dagogique que documentaire. Mais cette r\u00e9serve cr\u00e9e des lacunes dans l'information. Et les lacunes en mati\u00e8re d'information deviennent dangereuses en temps de crise, car elles conduisent \u00e0 des perceptions erron\u00e9es et \u00e0 de mauvaises d\u00e9cisions politiques.<\/li>\n<li><strong>Pourquoi les entreprises r\u00e9agissent-elles avec autant de retenue au conflit sur le plan \u00e9conomique ?<\/strong><br \/>\nLes entreprises sont des syst\u00e8mes \u00e0 risque. D\u00e8s que l'incertitude g\u00e9opolitique augmente, elles r\u00e9agissent instinctivement : elles reportent leurs investissements, r\u00e9duisent leurs engagements, retiennent leurs liquidit\u00e9s et planifient de mani\u00e8re plus conservatrice. Les cha\u00eenes d'approvisionnement, les prix de l'\u00e9nergie, les primes d'assurance et les conditions de cr\u00e9dit d\u00e9pendent fortement des \u00e9volutions g\u00e9opolitiques. Lorsque le monde devient instable, l'activit\u00e9 \u00e9conomique est souvent gel\u00e9e - bien avant que la crise ne nous atteigne r\u00e9ellement.<\/li>\n<li><strong>Quel est le r\u00f4le des prix de l'\u00e9nergie dans cette \u00e9volution ?<\/strong><br \/>\nUn r\u00f4le central. Le Moyen-Orient est un carrefour critique pour l'approvisionnement \u00e9nerg\u00e9tique. Toute incertitude dans la r\u00e9gion se r\u00e9percute imm\u00e9diatement sur les prix du p\u00e9trole et du gaz. Ces mouvements de prix ne sont pas per\u00e7us par les entreprises comme une \u201eannonce effrayante\u201c, mais comme un facteur de co\u00fbt r\u00e9el qui affecte l'ensemble de la cha\u00eene de cr\u00e9ation de valeur. L'\u00e9nergie est le pouls invisible de l'\u00e9conomie mondiale - et ce pouls est extr\u00eamement sensible.<\/li>\n<li><strong>Pourquoi les moyens de pression occidentaux contre l'Iran ne sont-ils plus gu\u00e8re efficaces ?<\/strong><br \/>\nParce que l'Iran op\u00e8re d\u00e9sormais en grande partie ind\u00e9pendamment des syst\u00e8mes occidentaux et mise plut\u00f4t sur les march\u00e9s asiatiques, les r\u00e9seaux r\u00e9gionaux et les nouvelles alliances g\u00e9opolitiques. Les sanctions, qui \u00e9taient autrefois efficaces, perdent aujourd'hui de leur mordant. Dans le m\u00eame temps, l'Iran constate que les structures de pouvoir mondiales sont fragment\u00e9es. Cela cr\u00e9e une marge de man\u0153uvre qui n'existait pas auparavant.<\/li>\n<li><strong>La diplomatie peut-elle encore r\u00e9soudre le conflit ?<\/strong><br \/>\nLa diplomatie peut l'att\u00e9nuer, mais pas le r\u00e9soudre. Les conflits de cette ampleur ont des causes structurelles profondes. Les discussions diplomatiques sont importantes, mais elles ne sont efficaces que si les deux parties voient une issue. Actuellement, ni Isra\u00ebl ni l'Iran ne voient une telle issue sans remettre en question leurs fondements en mati\u00e8re de politique de s\u00e9curit\u00e9. C'est pourquoi la diplomatie ne peut actuellement que limiter les d\u00e9g\u00e2ts.<\/li>\n<li><strong>Quelles le\u00e7ons l'Europe devrait-elle tirer de cette escalade ?<\/strong><br \/>\nL'Europe devrait d\u00e9velopper une toute nouvelle culture de la politique de s\u00e9curit\u00e9 - plus r\u00e9aliste, plus robuste, plus ind\u00e9pendante. Cela implique : une industrie plus forte, un approvisionnement \u00e9nerg\u00e9tique fiable, une politique \u00e9trang\u00e8re strat\u00e9gique sans arrogance morale et un paysage m\u00e9diatique qui n'enjolive pas les crises. L'Europe est aujourd'hui trop d\u00e9pendante, trop lente et trop na\u00efve pour la r\u00e9alit\u00e9 g\u00e9opolitique.<\/li>\n<li><strong>Pourquoi ce conflit est-il un tournant pour l'ordre mondial ?<\/strong><br \/>\nParce qu'il montre que l'ancien ordre occidental ne fonctionne plus. Le pouvoir se redistribue. Des \u00c9tats qui n'avaient autrefois qu'une importance r\u00e9gionale apparaissent aujourd'hui \u00e0 l'\u00e9chelle mondiale. L'Occident ne peut plus d\u00e9terminer unilat\u00e9ralement la mani\u00e8re dont les conflits doivent se d\u00e9rouler. Le monde devient multipolaire - et les syst\u00e8mes multipolaires sont plus chaotiques, plus dynamiques et plus difficiles \u00e0 contr\u00f4ler.<\/li>\n<li><strong>Devons-nous nous pr\u00e9parer \u00e0 des cons\u00e9quences directes en Europe ?<\/strong><br \/>\nOui - pas n\u00e9cessairement militairement, mais politiquement, \u00e9conomiquement et socialement. Les prix de l'\u00e9nergie, l'inflation, les cha\u00eenes d'approvisionnement, les migrations, les questions de s\u00e9curit\u00e9 et les sentiments politiques sont influenc\u00e9s. La g\u00e9opolitique n'est jamais tr\u00e8s loin. Elle agit toujours dans notre quotidien par le biais de canaux \u00e9conomiques et sociaux, m\u00eame si beaucoup n'en prennent conscience qu'avec un certain retard.<\/li>\n<li><strong>Pourquoi l'article se termine-t-il d\u00e9lib\u00e9r\u00e9ment de mani\u00e8re ouverte ?<\/strong><br \/>\nParce qu'il n'y a pas de chemin clair dans ce conflit. Trop de variables, trop d'acteurs, trop de lignes historiques s'entrem\u00ealent. Une fin ouverte refl\u00e8te mieux la r\u00e9alit\u00e9 qu'une conclusion artificielle. Les crises comme celle-ci sont des processus, pas des \u00e9v\u00e9nements termin\u00e9s. Et leur \u00e9volution d\u00e9pend de d\u00e9cisions qui seront prises dans les jours, les semaines et les mois \u00e0 venir - par des acteurs qui sont eux-m\u00eames soumis \u00e0 une pression extr\u00eame.<\/li>\n<\/ol>\n<hr \/>\n\n\t\t\t<div class=\"display-post-types\">\n\n\t\t\t\t\t\t\t<style type=\"text\/css\">\n\t\t\t#dpt-wrapper-468 { --dpt-text-align: left;--dpt-image-crop: center;--dpt-border-radius: 5px;--dpt-h-gutter: 10px;--dpt-v-gutter: 9px; }\t\t\t<\/style>\n\t\t\t<style type=\"text\/css\">#dpt-wrapper-468 { --dpt-title-font-style:normal;--dpt-title-font-weight:600;--dpt-title-line-height:1.5;--dpt-title-text-decoration:none;--dpt-title-text-transform:none;--dpt-excerpt-font-style:normal;--dpt-excerpt-font-weight:400;--dpt-excerpt-line-height:1.5;--dpt-excerpt-text-decoration:none;--dpt-excerpt-text-transform:none;--dpt-meta1-font-style:normal;--dpt-meta1-font-weight:400;--dpt-meta1-line-height:1.9;--dpt-meta1-text-decoration:none;--dpt-meta1-text-transform:none;--dpt-meta2-font-style:normal;--dpt-meta2-font-weight:400;--dpt-meta2-line-height:1.9;--dpt-meta2-text-decoration:none;--dpt-meta2-text-transform:none; }<\/style><div class=\"dpt-main-header\">\n\t\t\t\t\t\t<div class=\"dpt-main-title\">\n\t\t\t\t\t\t\t<span class=\"dpt-main-title-text\">Th\u00e8mes de soci\u00e9t\u00e9 contemporains<\/span>\n\t\t\t\t\t\t<\/div>\n\t\t\t\t\t\t\n\t\t\t\t\t\t\n\t\t\t\t\t\t\n\t\t\t\t\t\t<\/div>\t\t\t\n\t\t\t\t<div id=\"dpt-wrapper-468\" class=\"dpt-wrapper dpt-mag1 land1 dpt-cropped dpt-flex-wrap\" >\n\n\t\t\t\t\t\t\t\t\t\t\t<div class=\"dpt-entry has-thumbnail\" data-title=\"jan-josef liefers: ein portr\u00e4t \u00fcber haltung, herkunft und k\u00fcnstlerische freiheit\" data-id=\"3854\"  data-category=\"allgemein gesellschaft kunst &amp; kultur\" data-post_tag=\"deutschland erfahrungen krisen lernen meinungsfreiheit musik pers\u00f6nlichkeitsentwicklung portrait\">\n\t\t\t\t\t\t\t<div class=\"dpt-entry-wrapper\"><div class=\"dpt-featured-content\"><div class=\"dpt-permalink\"><a href=\"https:\/\/www.markus-schall.de\/fr\/2025\/12\/jan-josef-liefers-un-portrait-de-lattitude-des-origines-et-de-la-liberte-artistique\/\" class=\"dpt-permalink\"><span class=\"screen-reader-text\">Jan-Josef Liefers : un portrait sur l'attitude, l'origine et la libert\u00e9 artistique<\/span><\/a><\/div><div class=\"dpt-thumbnail\"><div class=\"dpt-thumbnail-inner\"><img width=\"1024\" height=\"683\" class=\"attachment-full size-full\" alt=\"Jan-Josef Liefers\" context=\"dpt\" data-dpt-src=\"https:\/\/www.markus-schall.de\/wp-content\/uploads\/jan-josef-liefers-silhouette.jpg\" data-dpt-sizes=\"(max-width: 1024px) 100vw, 1024px\" data-dpt-srcset=\"https:\/\/www.markus-schall.de\/wp-content\/uploads\/jan-josef-liefers-silhouette.jpg 1024w, https:\/\/www.markus-schall.de\/wp-content\/uploads\/jan-josef-liefers-silhouette-300x200.jpg 300w, https:\/\/www.markus-schall.de\/wp-content\/uploads\/jan-josef-liefers-silhouette-768x512.jpg 768w, https:\/\/www.markus-schall.de\/wp-content\/uploads\/jan-josef-liefers-silhouette-18x12.jpg 18w\" \/><\/div><span class=\"dpt-thumbnail-aspect-ratio\" style=\"padding-top: 75%\"><\/span><\/div><\/div><div class=\"sub-entry\"><h3 class=\"dpt-title\"><a class=\"dpt-title-link\" href=\"https:\/\/www.markus-schall.de\/fr\/2025\/12\/jan-josef-liefers-un-portrait-de-lattitude-des-origines-et-de-la-liberte-artistique\/\" rel=\"bookmark\">Jan-Josef Liefers : un portrait sur l'attitude, l'origine et la libert\u00e9 artistique<\/a><\/h3><\/div><\/div>\n\t\t\t\t\t\t<\/div><!-- .dpt-entry -->\n\t\t\t\t\t\t\t\t\t\t\t\t<div class=\"dpt-entry has-thumbnail\" data-title=\"fracking, lng und energiepolitik: eine n\u00fcchterne analyse von risiken, chancen und realit\u00e4t\" data-id=\"5579\"  data-category=\"allgemein gesellschaft gesundheit\" data-post_tag=\"deutschland energiepolitik europa geopolitik krisen\">\n\t\t\t\t\t\t\t<div class=\"dpt-entry-wrapper\"><div class=\"dpt-featured-content\"><div class=\"dpt-permalink\"><a href=\"https:\/\/www.markus-schall.de\/fr\/2026\/04\/fracking-lng-et-politique-energetique-une-analyse-lucide-des-risques-des-opportunites-et-de-la-realite\/\" class=\"dpt-permalink\"><span class=\"screen-reader-text\">Fracturation, GNL et politique \u00e9nerg\u00e9tique : une analyse lucide des risques, des opportunit\u00e9s et de la r\u00e9alit\u00e9<\/span><\/a><\/div><div class=\"dpt-thumbnail\"><div class=\"dpt-thumbnail-inner\"><img width=\"1024\" height=\"683\" class=\"attachment-full size-full\" alt=\"Fracturation du gaz naturel et politique \u00e9nerg\u00e9tique\" context=\"dpt\" data-dpt-src=\"https:\/\/www.markus-schall.de\/wp-content\/uploads\/Fracking-Energiepolitik.jpg\" data-dpt-sizes=\"(max-width: 1024px) 100vw, 1024px\" data-dpt-srcset=\"https:\/\/www.markus-schall.de\/wp-content\/uploads\/Fracking-Energiepolitik.jpg 1024w, https:\/\/www.markus-schall.de\/wp-content\/uploads\/Fracking-Energiepolitik-300x200.jpg 300w, https:\/\/www.markus-schall.de\/wp-content\/uploads\/Fracking-Energiepolitik-768x512.jpg 768w, https:\/\/www.markus-schall.de\/wp-content\/uploads\/Fracking-Energiepolitik-18x12.jpg 18w\" \/><\/div><span class=\"dpt-thumbnail-aspect-ratio\" style=\"padding-top: 75%\"><\/span><\/div><\/div><div class=\"sub-entry\"><h3 class=\"dpt-title\"><a class=\"dpt-title-link\" href=\"https:\/\/www.markus-schall.de\/fr\/2026\/04\/fracking-lng-et-politique-energetique-une-analyse-lucide-des-risques-des-opportunites-et-de-la-realite\/\" rel=\"bookmark\">Fracturation, GNL et politique \u00e9nerg\u00e9tique : une analyse lucide des risques, des opportunit\u00e9s et de la r\u00e9alit\u00e9<\/a><\/h3><\/div><\/div>\n\t\t\t\t\t\t<\/div><!-- .dpt-entry -->\n\t\t\t\t\t\t\t\t\t\t\t\t<div class=\"dpt-entry has-thumbnail\" data-title=\"energie, macht und abh\u00e4ngigkeit: europas weg vom exportweltmeister zum nachfrager\" data-id=\"4945\"  data-category=\"allgemein gesellschaft\" data-post_tag=\"denkmodelle deutschland energiepolitik eu-gesetze europa geopolitik krisen meinungsfreiheit sicherheitspolitik\">\n\t\t\t\t\t\t\t<div class=\"dpt-entry-wrapper\"><div class=\"dpt-featured-content\"><div class=\"dpt-permalink\"><a href=\"https:\/\/www.markus-schall.de\/fr\/2026\/02\/la-puissance-et-la-dependance-energetique-de-leurope-championne-des-exportations-devient-un-pays-demandeur\/\" class=\"dpt-permalink\"><span class=\"screen-reader-text\">\u00c9nergie, pouvoir et d\u00e9pendance : le parcours de l'Europe de championne des exportations \u00e0 demandeur<\/span><\/a><\/div><div class=\"dpt-thumbnail\"><div class=\"dpt-thumbnail-inner\"><img width=\"1024\" height=\"683\" class=\"attachment-full size-full\" alt=\"Europe et \u00e9nergie\" context=\"dpt\" data-dpt-src=\"https:\/\/www.markus-schall.de\/wp-content\/uploads\/Europa-Energie.jpg\" data-dpt-sizes=\"(max-width: 1024px) 100vw, 1024px\" data-dpt-srcset=\"https:\/\/www.markus-schall.de\/wp-content\/uploads\/Europa-Energie.jpg 1024w, https:\/\/www.markus-schall.de\/wp-content\/uploads\/Europa-Energie-300x200.jpg 300w, https:\/\/www.markus-schall.de\/wp-content\/uploads\/Europa-Energie-768x512.jpg 768w, https:\/\/www.markus-schall.de\/wp-content\/uploads\/Europa-Energie-18x12.jpg 18w\" \/><\/div><span class=\"dpt-thumbnail-aspect-ratio\" style=\"padding-top: 75%\"><\/span><\/div><\/div><div class=\"sub-entry\"><h3 class=\"dpt-title\"><a class=\"dpt-title-link\" href=\"https:\/\/www.markus-schall.de\/fr\/2026\/02\/la-puissance-et-la-dependance-energetique-de-leurope-championne-des-exportations-devient-un-pays-demandeur\/\" rel=\"bookmark\">\u00c9nergie, pouvoir et d\u00e9pendance : le parcours de l'Europe de championne des exportations \u00e0 demandeur<\/a><\/h3><\/div><\/div>\n\t\t\t\t\t\t<\/div><!-- .dpt-entry -->\n\t\t\t\t\t\t\t\t\t\t\t\t<div class=\"dpt-entry has-thumbnail\" data-title=\"deine meinung z\u00e4hlt \u2013 neue umfragen zu aktuellen themen\" data-id=\"3383\"  data-category=\"allgemein b\u00fccher gesellschaft\" data-post_tag=\"buch cmd erfahrungen gesundheit krisen meinungsfreiheit\">\n\t\t\t\t\t\t\t<div class=\"dpt-entry-wrapper\"><div class=\"dpt-featured-content\"><div class=\"dpt-permalink\"><a href=\"https:\/\/www.markus-schall.de\/fr\/2025\/11\/ton-opinion-compte-nouveaux-sondages-sur-des-sujets-dactualite\/\" class=\"dpt-permalink\"><span class=\"screen-reader-text\">Votre opinion compte - Nouveaux sondages sur des th\u00e8mes d'actualit\u00e9<\/span><\/a><\/div><div class=\"dpt-thumbnail\"><div class=\"dpt-thumbnail-inner\"><img width=\"1024\" height=\"683\" class=\"attachment-full size-full\" alt=\"Sondages sur des sujets d&#039;actualit\u00e9\" context=\"dpt\" data-dpt-src=\"https:\/\/www.markus-schall.de\/wp-content\/uploads\/umfragen-aktuell.jpg\" data-dpt-sizes=\"(max-width: 1024px) 100vw, 1024px\" data-dpt-srcset=\"https:\/\/www.markus-schall.de\/wp-content\/uploads\/umfragen-aktuell.jpg 1024w, https:\/\/www.markus-schall.de\/wp-content\/uploads\/umfragen-aktuell-300x200.jpg 300w, https:\/\/www.markus-schall.de\/wp-content\/uploads\/umfragen-aktuell-768x512.jpg 768w, https:\/\/www.markus-schall.de\/wp-content\/uploads\/umfragen-aktuell-18x12.jpg 18w\" \/><\/div><span class=\"dpt-thumbnail-aspect-ratio\" style=\"padding-top: 75%\"><\/span><\/div><\/div><div class=\"sub-entry\"><h3 class=\"dpt-title\"><a class=\"dpt-title-link\" href=\"https:\/\/www.markus-schall.de\/fr\/2025\/11\/ton-opinion-compte-nouveaux-sondages-sur-des-sujets-dactualite\/\" rel=\"bookmark\">Votre opinion compte - Nouveaux sondages sur des th\u00e8mes d'actualit\u00e9<\/a><\/h3><\/div><\/div>\n\t\t\t\t\t\t<\/div><!-- .dpt-entry -->\n\t\t\t\t\t\t\n\t\t\t\t<\/div>\n\t\t\t\t\t\t<\/div>\n\t\t\t\n<hr \/>\n<h2>Anciennes nouvelles sur le sujet<\/h2>\n<p><strong>31.03.2026<\/strong>Les tensions autour du conflit iranien conduisent de plus en plus \u00e0 des divergences ouvertes au sein de l'alliance occidentale. Selon des rapports r\u00e9cents, l'Iran a <a href=\"https:\/\/orf.at\/stories\/3425530\/\" target=\"_blank\" rel=\"noopener\"><strong>l'Italie autorise les \u00c9tats-Unis \u00e0 utiliser une base militaire<\/strong><\/a> en Sicile pour des interventions dans la guerre en Iran, car aucune autorisation parlementaire n'avait \u00e9t\u00e9 donn\u00e9e \u00e0 temps. Dans le m\u00eame temps, Rome souligne qu'il s'agit d'une d\u00e9cision juridique et non politique.<\/p>\n<p>D\u00e9j\u00e0 auparavant, il avait <a href=\"https:\/\/www.tagesschau.de\/ausland\/europa\/spanien-uberflugverbot-irankrieg-100.html\" target=\"_blank\" rel=\"noopener\"><strong>L'Espagne prend clairement position<\/strong><\/a>Le gouvernement de Madrid a interdit aux Etats-Unis d'utiliser des bases militaires importantes comme Rota et Mor\u00f3n, ainsi que de survoler l'espace a\u00e9rien espagnol pour intervenir dans le conflit iranien. Cette d\u00e9cision s'explique par la ligne politique claire de l'Espagne, qui ne soutient pas la guerre et la consid\u00e8re comme probl\u00e9matique du point de vue du droit international. Dans l'ensemble, cela cr\u00e9e une fissure de plus en plus visible au sein de l'OTAN, car les Etats europ\u00e9ens limitent clairement leur participation \u00e0 l'escalade militaire.<\/p>\n<div class=\"lyte-wrapper\" style=\"width:640px;max-width:100%;margin:5px;\"><div class=\"lyMe\" id=\"WYL_opbLEN67oK8\"><div id=\"lyte_opbLEN67oK8\" data-src=\"https:\/\/www.markus-schall.de\/wp-content\/plugins\/wp-youtube-lyte\/lyteCache.php?origThumbUrl=%2F%2Fi.ytimg.com%2Fvi%2FopbLEN67oK8%2Fhqdefault.jpg\" class=\"pL\"><div class=\"tC\"><div class=\"tT\"><\/div><\/div><div class=\"play\"><\/div><div class=\"ctrl\"><div class=\"Lctrl\"><\/div><div class=\"Rctrl\"><\/div><\/div><\/div><noscript><a href=\"https:\/\/youtu.be\/opbLEN67oK8\" rel=\"nofollow noopener\" target=\"_blank\"><img loading=\"lazy\" decoding=\"async\" src=\"https:\/\/www.markus-schall.de\/wp-content\/plugins\/wp-youtube-lyte\/lyteCache.php?origThumbUrl=https%3A%2F%2Fi.ytimg.com%2Fvi%2FopbLEN67oK8%2F0.jpg\" alt=\"Vignette de la vid\u00e9o YouTube\" width=\"640\" height=\"340\" \/><br \/>Lire cette vid\u00e9o sur YouTube<\/a><\/noscript><\/div><\/div><div class=\"lL\" style=\"max-width:100%;width:640px;margin:5px;\"><\/div><br \/>\nKoch, expert boursier am\u00e9ricain : \u201eL'action de Trump d\u00e9stabilise l'\u00e9conomie mondiale\u201c | <a href=\"https:\/\/www.youtube.com\/@handelsblattvideo\" target=\"_blank\" rel=\"nofollow noopener\">Handelsblatt<\/a><\/p>\n<p><strong>25.03.2026<\/strong>La critique acerbe du pr\u00e9sident allemand Steinmeier \u00e0 l'encontre de la guerre en Iran men\u00e9e par les Etats-Unis et Isra\u00ebl suscite des r\u00e9actions inhabituelles. <a href=\"https:\/\/www.spiegel.de\/politik\/frank-walter-steinmeier-bekommt-fuer-iran-krieg-aeusserung-lob-aus-teheran-und-von-der-afd-a-67d5ce17-25c1-4dac-9105-2a0376e9a9ae\" target=\"_blank\" rel=\"noopener\"><strong>les r\u00e9actions politiques dans le pays et \u00e0 l'\u00e9tranger<\/strong><\/a>. Alors que Steinmeier a qualifi\u00e9 le conflit de \u201econtraire au droit international\u201c, il a re\u00e7u l'approbation de T\u00e9h\u00e9ran et de l'AfD - une constellation rare et politiquement remarquable. Dans le m\u00eame temps, son attitude se heurte \u00e0 des critiques au sein de la politique allemande, notamment de la part de la CDU\/CSU, qui lui reproche d'outrepasser son r\u00f4le. Le d\u00e9bat porte moins sur l'\u00e9valuation du conflit lui-m\u00eame que sur la question de savoir dans quelle mesure un pr\u00e9sident f\u00e9d\u00e9ral doit formuler ouvertement des positions de politique \u00e9trang\u00e8re. Les d\u00e9clarations de Steinmeier montrent \u00e0 quel point le conflit iranien marque \u00e9galement le d\u00e9bat de politique int\u00e9rieure en Allemagne.<\/p>\n<p><strong>24.03.2026<\/strong>: Le pr\u00e9sident allemand Frank-Walter Steinmeier a critiqu\u00e9 de mani\u00e8re inhabituellement claire la guerre des Etats-Unis et d'Isra\u00ebl contre l'Iran et l'a qualifi\u00e9e de \u201econtraire au droit international\u201c. Dans un discours prononc\u00e9 \u00e0 l'occasion du 75e anniversaire du minist\u00e8re des Affaires \u00e9trang\u00e8res, il a soulign\u00e9 qu'il y avait \u201epeu de doutes\u201c sur cette \u00e9valuation. Steinmeier adopte ainsi un ton nettement plus dur que le gouvernement allemand, qui a jusqu'\u00e0 pr\u00e9sent \u00e9vit\u00e9 une telle qualification. Dans le m\u00eame temps, il a qualifi\u00e9 le conflit d\u201e\u201cerreur politiquement fatale\" et s'est demand\u00e9 si les objectifs militaires - par exemple emp\u00eacher l'Iran de se doter d'une bombe atomique - pouvaient \u00eatre atteints.<\/p>\n<div class=\"lyte-wrapper\" style=\"width:640px;max-width:100%;margin:5px;\"><div class=\"lyMe\" id=\"WYL_ODRJmAMeFNM\"><div id=\"lyte_ODRJmAMeFNM\" data-src=\"https:\/\/www.markus-schall.de\/wp-content\/plugins\/wp-youtube-lyte\/lyteCache.php?origThumbUrl=%2F%2Fi.ytimg.com%2Fvi%2FODRJmAMeFNM%2Fhqdefault.jpg\" class=\"pL\"><div class=\"tC\"><div class=\"tT\"><\/div><\/div><div class=\"play\"><\/div><div class=\"ctrl\"><div class=\"Lctrl\"><\/div><div class=\"Rctrl\"><\/div><\/div><\/div><noscript><a href=\"https:\/\/youtu.be\/ODRJmAMeFNM\" rel=\"nofollow noopener\" target=\"_blank\"><img loading=\"lazy\" decoding=\"async\" src=\"https:\/\/www.markus-schall.de\/wp-content\/plugins\/wp-youtube-lyte\/lyteCache.php?origThumbUrl=https%3A%2F%2Fi.ytimg.com%2Fvi%2FODRJmAMeFNM%2F0.jpg\" alt=\"Vignette de la vid\u00e9o YouTube\" width=\"640\" height=\"340\" \/><br \/>Lire cette vid\u00e9o sur YouTube<\/a><\/noscript><\/div><\/div><div class=\"lL\" style=\"max-width:100%;width:640px;margin:5px;\"><\/div><br \/>\nLe pr\u00e9sident allemand Steinmeier qualifie la guerre des Etats-Unis et d'Isra\u00ebl contre l'Iran de \u201econtraire au droit international\u201c | <a href=\"https:\/\/www.youtube.com\/@zeit\" target=\"_blank\" rel=\"nofollow noopener\">LE TEMPS<\/a><\/p>\n<p>Steinmeier a \u00e9galement fait r\u00e9f\u00e9rence \u00e0 l'\u00e9chec de l'accord nucl\u00e9aire de 2015 qui, selon lui, offrait une base plus stable pour la diplomatie. Ses d\u00e9clarations marquent un changement notable dans le discours politique et soulignent les tensions croissantes au sein de la politique \u00e9trang\u00e8re occidentale.<\/p>\n<p><strong>23.03.2026<\/strong>: Une actualit\u00e9 <a href=\"https:\/\/www.handelsblatt.com\/politik\/international\/iran-krieg-iran-kontert-trumps-ultimatum-maerkte-reagieren-nervoes\/100210758.html\" target=\"_blank\" rel=\"noopener\"><strong>Rapport du Handelsblatt<\/strong><\/a> montre \u00e0 quel point les tensions dans le conflit iranien continuent \u00e0 s'aggraver et \u00e0 d\u00e9stabiliser de plus en plus les march\u00e9s financiers. L'\u00e9l\u00e9ment d\u00e9clencheur est avant tout un ultimatum du pr\u00e9sident am\u00e9ricain Donald Trump, qui a demand\u00e9 \u00e0 T\u00e9h\u00e9ran d'ouvrir le d\u00e9troit d'Ormuz, d'importance strat\u00e9gique, tout en mena\u00e7ant d'attaquer les installations \u00e9nerg\u00e9tiques iraniennes. L'Iran r\u00e9agit par des contre-menaces et laisse entrevoir un \u00e9ventuel blocage complet du d\u00e9troit. Pour l'\u00e9conomie mondiale, il s'agirait d'un coup de frein massif, car une grande partie du commerce mondial du p\u00e9trole passe par cette route. Les march\u00e9s r\u00e9agissent donc avec nervosit\u00e9 : les prix de l'\u00e9nergie augmentent, les bourses sont sous pression et les investisseurs craignent une nouvelle escalade. Dans l'ensemble, on a l'impression d'une situation tr\u00e8s dynamique, dans laquelle les d\u00e9cisions politiques ont des cons\u00e9quences \u00e9conomiques imm\u00e9diates.<\/p>\n<p>Les tensions dans le conflit iranien ont de plus en plus d'impact sur l'Europe - concr\u00e8tement sur la politique d'armement suisse. Le gouvernement de Berne a d\u00e9cid\u00e9, dans un premier temps <a href=\"https:\/\/de.euronews.com\/2026\/03\/21\/iran-schweiz-waffenlieferung-usa\" target=\"_blank\" rel=\"noopener\"><strong>de ne plus fournir d'armes aux \u00c9tats-Unis<\/strong><\/a>, Ces derniers \u00e9tant directement impliqu\u00e9s dans le conflit avec l'Iran. Cette d\u00e9cision est motiv\u00e9e par le strict principe de neutralit\u00e9 de la Suisse, qui interdit l'exportation de mat\u00e9riel de guerre vers des pays bellig\u00e9rants. Dans le m\u00eame temps, le ministre des Affaires \u00e9trang\u00e8res Ignazio Cassis souligne que cette d\u00e9cision ne constitue pas un jugement de valeur politique, mais une obligation l\u00e9gale. Pour l'industrie suisse de l'armement, cette mesure a toutefois des cons\u00e9quences sensibles, car les Etats-Unis \u00e9taient jusqu'\u00e0 pr\u00e9sent l'un des principaux acheteurs. Les entreprises mettent d\u00e9j\u00e0 en garde contre des pertes \u00e9conomiques et d'\u00e9ventuelles d\u00e9localisations de la production. Dans l'ensemble, cette d\u00e9cision montre \u00e0 quel point le conflit touche d\u00e9sormais indirectement les \u00c9tats europ\u00e9ens.<\/p>\n<p><strong>20.03.2026<\/strong>Le conflit en cours au Proche-Orient commence de plus en plus \u00e0 se propager dans le monde entier. <a href=\"https:\/\/www.heise.de\/news\/Bericht-Iran-Krieg-gefaehrdet-allmaehlich-auch-Halbleiterproduktion-11214548.html\" target=\"_blank\" rel=\"noopener\"><strong>rencontrer l'industrie mondiale des semi-conducteurs<\/strong><\/a>. Les perturbations des cha\u00eenes d'approvisionnement, comme le blocage du d\u00e9troit d'Ormuz par lequel transitent les mati\u00e8res premi\u00e8res essentielles, en sont la cause principale. L'approvisionnement en gaz naturel liqu\u00e9fi\u00e9 et en h\u00e9lium, essentiels pour la production de puces, est particuli\u00e8rement critique. Des pays comme Taiwan sont ainsi sous pression, car ils d\u00e9pendent fortement des importations d'\u00e9nergie de la r\u00e9gion. Dans le m\u00eame temps, des n\u0153uds logistiques comme Duba\u00ef, qui jouent un r\u00f4le important dans le transport mondial des wafers, sont \u00e9galement affect\u00e9s. Les experts pr\u00e9viennent que la situation d\u00e9j\u00e0 tendue sur le march\u00e9 des puces pourrait encore s'aggraver, notamment en raison de la forte demande dans le domaine de l'intelligence artificielle.<\/p>\n<p><strong>19.03.2026<\/strong>Dans une interview d\u00e9taill\u00e9e accord\u00e9e au journal autrichien Kronen Zeitung, l'ambassadeur iranien dresse un tableau \u00e0 la fois clair et d\u00e9termin\u00e9 de la situation actuelle. Du point de vue de T\u00e9h\u00e9ran, il ne s'agit pas d'une escalade \u00e0 court terme, mais d'un conflit de longue dur\u00e9e pour lequel on est pr\u00e9par\u00e9 politiquement et militairement. L'ambassadeur parle d'attaques r\u00e9p\u00e9t\u00e9es, injustifi\u00e9es selon lui, et souligne que l'Iran consid\u00e8re ses r\u00e9actions dans le cadre du droit international.<\/p>\n<div class=\"lyte-wrapper\" style=\"width:640px;max-width:100%;margin:5px;\"><div class=\"lyMe\" id=\"WYL_FHXUMClAS2o\"><div id=\"lyte_FHXUMClAS2o\" data-src=\"https:\/\/www.markus-schall.de\/wp-content\/plugins\/wp-youtube-lyte\/lyteCache.php?origThumbUrl=%2F%2Fi.ytimg.com%2Fvi%2FFHXUMClAS2o%2Fhqdefault.jpg\" class=\"pL\"><div class=\"tC\"><div class=\"tT\"><\/div><\/div><div class=\"play\"><\/div><div class=\"ctrl\"><div class=\"Lctrl\"><\/div><div class=\"Rctrl\"><\/div><\/div><\/div><noscript><a href=\"https:\/\/youtu.be\/FHXUMClAS2o\" rel=\"nofollow noopener\" target=\"_blank\"><img loading=\"lazy\" decoding=\"async\" src=\"https:\/\/www.markus-schall.de\/wp-content\/plugins\/wp-youtube-lyte\/lyteCache.php?origThumbUrl=https%3A%2F%2Fi.ytimg.com%2Fvi%2FFHXUMClAS2o%2F0.jpg\" alt=\"Vignette de la vid\u00e9o YouTube\" width=\"640\" height=\"340\" \/><br \/>Lire cette vid\u00e9o sur YouTube<\/a><\/noscript><\/div><\/div><div class=\"lL\" style=\"max-width:100%;width:640px;margin:5px;\"><\/div><br \/>\nL'ambassadeur iranien : \u201eL'Iran est pr\u00eat pour une longue guerre\u201c | <a href=\"https:\/\/www.youtube.com\/@kronetv\" target=\"_blank\" rel=\"nofollow noopener\">Kronen Zeitung<\/a><\/p>\n<p>Dans le m\u00eame temps, il appara\u00eet clairement que les dirigeants de T\u00e9h\u00e9ran ne s'attendent pas \u00e0 une fin rapide, mais se pr\u00e9parent strat\u00e9giquement \u00e0 un conflit prolong\u00e9. L'interview donne ainsi un aper\u00e7u rarement direct du point de vue officiel de l'Iran et compl\u00e8te les comptes rendus actuels par une perspective centrale.<\/p>\n<p><strong>15.03.2026<\/strong>Dans une interview r\u00e9cente au <a href=\"https:\/\/www.youtube.com\/@WELTVideoTV\" target=\"_blank\" rel=\"nofollow noopener\">Cha\u00eene d'information WELT<\/a> l'ancien lieutenant-g\u00e9n\u00e9ral \u00e0 la retraite de l'arm\u00e9e allemande Roland Kather dresse un tableau nettement plus sceptique de la situation au Proche-Orient que ce que l'on entend actuellement dans de nombreuses d\u00e9clarations politiques. Alors que le pr\u00e9sident am\u00e9ricain Donald Trump parle d\u00e9j\u00e0 de succ\u00e8s, Kather met en garde contre une dynamique d'escalade dangereuse et une ligne strat\u00e9gique peu claire de la politique occidentale. La menace d'un \u00e9ventuel blocage du d\u00e9troit d'Ormuz pourrait notamment avoir un impact consid\u00e9rable sur le commerce mondial.<\/p>\n<div class=\"lyte-wrapper\" style=\"width:640px;max-width:100%;margin:5px;\"><div class=\"lyMe\" id=\"WYL_95NbeSC6dOE\"><div id=\"lyte_95NbeSC6dOE\" data-src=\"https:\/\/www.markus-schall.de\/wp-content\/plugins\/wp-youtube-lyte\/lyteCache.php?origThumbUrl=%2F%2Fi.ytimg.com%2Fvi%2F95NbeSC6dOE%2Fhqdefault.jpg\" class=\"pL\"><div class=\"tC\"><div class=\"tT\"><\/div><\/div><div class=\"play\"><\/div><div class=\"ctrl\"><div class=\"Lctrl\"><\/div><div class=\"Rctrl\"><\/div><\/div><\/div><noscript><a href=\"https:\/\/youtu.be\/95NbeSC6dOE\" rel=\"nofollow noopener\" target=\"_blank\"><img loading=\"lazy\" decoding=\"async\" src=\"https:\/\/www.markus-schall.de\/wp-content\/plugins\/wp-youtube-lyte\/lyteCache.php?origThumbUrl=https%3A%2F%2Fi.ytimg.com%2Fvi%2F95NbeSC6dOE%2F0.jpg\" alt=\"Vignette de la vid\u00e9o YouTube\" width=\"640\" height=\"340\" \/><br \/>Lire cette vid\u00e9o sur YouTube<\/a><\/noscript><\/div><\/div><div class=\"lL\" style=\"max-width:100%;width:640px;margin:5px;\"><\/div><\/p>\n<p>Dans le m\u00eame temps, le g\u00e9n\u00e9ral fait r\u00e9f\u00e9rence aux faiblesses militaires de l'Europe, par exemple dans la marine allemande, ainsi qu'aux nouvelles dynamiques dans le champ de conflit, par exemple l'expertise ukrainienne dans la guerre des drones. Dans l'ensemble, on a l'impression que la strat\u00e9gie de s\u00e9curit\u00e9 de l'Occident est de moins en moins planifi\u00e9e, alors que l'Iran et ses partenaires semblent plus r\u00e9sistants que pr\u00e9vu sur le plan militaire.<\/p>\n<p><strong>12.03.2026<\/strong>: Le nouveau chef religieux et chef d'\u00c9tat iranien, Modjaba Khamenei, s'est exprim\u00e9 publiquement pour la premi\u00e8re fois depuis le d\u00e9but de la guerre et a lanc\u00e9 un appel \u00e0 l'aide. <a href=\"https:\/\/www.youtube.com\/watch?v=7ngCtMmfU70\" target=\"_blank\" rel=\"nofollow noopener\"><strong>Annonce d'une ligne dure \u00e0 l'\u00e9gard des \u00c9tats-Unis et d'Isra\u00ebl<\/strong><\/a>. Dans un message diffus\u00e9 par la t\u00e9l\u00e9vision d'\u00c9tat, le clerc de 56 ans a appel\u00e9 \u00e0 des repr\u00e9sailles pour les victimes des attaques a\u00e9riennes et a \u00e9voqu\u00e9 la n\u00e9cessit\u00e9 d'une r\u00e9action ferme. Il a notamment fait r\u00e9f\u00e9rence \u00e0 une attaque qui, selon des sources iraniennes, aurait co\u00fbt\u00e9 la vie \u00e0 de nombreuses \u00e9coli\u00e8res.<\/p>\n<p>Dans le m\u00eame temps, les dirigeants iraniens ont annonc\u00e9 qu'ils continueraient \u00e0 faire pression sur les bases militaires am\u00e9ricaines dans la r\u00e9gion et \u00e0 utiliser des leviers strat\u00e9giques comme le d\u00e9troit d'Ormuz. La premi\u00e8re prise de position du nouvel ayatollah est consid\u00e9r\u00e9e comme un signal indiquant que T\u00e9h\u00e9ran entend maintenir sa strat\u00e9gie de confrontation malgr\u00e9 les graves attaques.<\/p>\n<p><strong>09.03.2026<\/strong>L'escalade du conflit entre l'Iran et Isra\u00ebl s'est \u00e0 nouveau aggrav\u00e9e. <a href=\"https:\/\/www.zeit.de\/politik\/ausland\/2026-03\/iran-krieg-usa-israel-bahrain-katar-ueberblick-gxe\" target=\"_blank\" rel=\"noopener\"><strong>dramatiquement exacerb\u00e9<\/strong><\/a>. Comme le rapportent plusieurs m\u00e9dias, apr\u00e8s la mort de l'ancien dirigeant iranien dans une attaque de missiles, c'est son fils Modschtaba Khamenei qui a \u00e9t\u00e9 \u00e9lu \u00e0 la t\u00eate du pays. Ce dernier est consid\u00e9r\u00e9 comme un partisan de la ligne dure au sein de la Garde r\u00e9volutionnaire iranienne. Lors de l'attaque contre sa famille, son p\u00e8re, sa femme et d'autres membres de sa famille ont \u00e9t\u00e9 tu\u00e9s. Peu apr\u00e8s sa prise de pouvoir, une nouvelle escalade massive a eu lieu : l'Iran a lanc\u00e9 la plus grande attaque de missiles contre Isra\u00ebl \u00e0 ce jour depuis le d\u00e9but du conflit actuel. Isra\u00ebl a r\u00e9agi en lan\u00e7ant des contre-attaques sur des cibles iraniennes dans la r\u00e9gion.<\/p>\n<p>En parall\u00e8le, la croissance <a href=\"https:\/\/www.wallstreet-online.de\/nachricht\/20560170-strasse-hormus-dicht-sorgt-iran-krieg-globale-rezession\" target=\"_blank\" rel=\"noopener\"><strong>selon Wallstreet Online<\/strong><\/a> dans le monde entier, on s'inqui\u00e8te des cons\u00e9quences \u00e9conomiques. Les observateurs avertissent qu'une extension du conflit pourrait mettre en p\u00e9ril le trafic maritime \u00e0 travers le d\u00e9troit d'Ormuz, d'une importance strat\u00e9gique. Une part importante du commerce mondial du p\u00e9trole transite par ce d\u00e9troit. Si la voie maritime \u00e9tait bloqu\u00e9e, la hausse des prix de l'\u00e9nergie et les perturbations commerciales pourraient provoquer un ralentissement \u00e9conomique mondial, voire une r\u00e9cession.<\/p>\n<p><strong>06.03.2026<\/strong>Dans l'escalade du conflit entre les Etats-Unis et l'Iran, le pr\u00e9sident am\u00e9ricain Donald Trump a fait une demande drastique. D'apr\u00e8s le <a href=\"https:\/\/www.sueddeutsche.de\/politik\/iran-krieg-liveblog-us-militaer-iranische-flotte-persischer-golf-li.3395676\" target=\"_blank\" rel=\"noopener\"><strong>Liveblog du S\u00fcddeutsche Zeitung<\/strong><\/a> Trump a d\u00e9clar\u00e9 sur sa plateforme Truth Social qu'un accord avec T\u00e9h\u00e9ran n'\u00e9tait pas envisageable pour le moment. Il estime que le conflit doit plut\u00f4t \u00eatre transform\u00e9 en un \"accord de paix\". <strong>\u201ecapitulation inconditionnelle\u201c de l'Iran<\/strong> de l'UE. Washington durcit ainsi nettement sa rh\u00e9torique et signale une ligne dure dans le conflit militaire en cours. Parall\u00e8lement, les m\u00e9dias internationaux font \u00e9tat de nouvelles op\u00e9rations militaires et de tensions croissantes dans la r\u00e9gion. Les observateurs y voient une nouvelle escalade possible, tandis que les initiatives diplomatiques ne montrent jusqu'\u00e0 pr\u00e9sent gu\u00e8re de progr\u00e8s.<\/p>\n<p><strong>04.03.2026<\/strong>Comme le S\u00fcddeutsche Zeitung <a href=\"https:\/\/www.sueddeutsche.de\/politik\/iran-krieg-liveblog-us-militaer-iranische-flotte-persischer-golf-li.3395676\" target=\"_blank\" rel=\"noopener\"><strong>rapporte dans un liveblog<\/strong><\/a>, Selon l'arm\u00e9e am\u00e9ricaine, elle a \u00e9limin\u00e9 une grande partie de la marine iranienne dans le golfe Persique. Le commandement central am\u00e9ricain (CENTCOM) a d\u00e9clar\u00e9 que les forces am\u00e9ricaines avaient d\u00e9truit 17 navires de guerre iraniens, dont un sous-marin, et attaqu\u00e9 simultan\u00e9ment pr\u00e8s de 2000 cibles en Iran. Selon le commandement militaire, l'objectif de l'op\u00e9ration \u00e9tait de neutraliser la capacit\u00e9 de l'Iran \u00e0 bloquer le d\u00e9troit d'Ormuz, d'importance strat\u00e9gique. Le commandant du commandement central am\u00e9ricain a d\u00e9clar\u00e9 qu'il n'y avait actuellement plus de navire iranien en op\u00e9ration dans le golfe Persique, le d\u00e9troit d'Ormuz ou le golfe d'Oman. Ces informations proviennent de sources militaires am\u00e9ricaines et ne peuvent pas \u00eatre v\u00e9rifi\u00e9es de mani\u00e8re ind\u00e9pendante pour le moment. Le d\u00e9troit d'Ormuz est consid\u00e9r\u00e9 comme l'une des plus importantes voies de transport d'\u00e9nergie au monde : environ un cinqui\u00e8me du commerce mondial de p\u00e9trole et de GNL passe par la route entre l'Iran et Oman.<\/p>\n<p><strong>01.03.2026<\/strong>: Le guide spirituel iranien <a href=\"https:\/\/www.n-tv.de\/politik\/Ali-Chamenei-ist-tot-auch-enge-Verwandte-nicht-mehr-am-Leben-id30417273.html\" target=\"_blank\" rel=\"noopener\"><strong>L'ayatollah Ali Khamenei est mort<\/strong><\/a> - c'est ce qu'ont confirm\u00e9 les m\u00e9dias d'Etat iraniens quelques heures apr\u00e8s une annonce ant\u00e9rieure du pr\u00e9sident am\u00e9ricain Donald Trump. Selon des sources iraniennes, l'homme de 86 ans serait mort lors des violentes attaques a\u00e9riennes men\u00e9es par les Etats-Unis et Isra\u00ebl, un deuil national de 40 jours a \u00e9t\u00e9 d\u00e9cr\u00e9t\u00e9. Selon les m\u00e9dias, des membres proches de sa famille, dont sa fille et sa petite-fille, ont \u00e9galement perdu la vie dans les frappes. Les Gardiens de la r\u00e9volution iraniens ont annonc\u00e9 des repr\u00e9sailles, tandis que Trump a qualifi\u00e9 la mort de Khamenei d'opportunit\u00e9 pour le peuple iranien.<\/p>\n<p><strong>28.02.2026<\/strong>Isra\u00ebl a lanc\u00e9 le 28 f\u00e9vrier 2026, conjointement avec les Etats-Unis, des attaques militaires contre des cibles en Iran, ce qui fait entrer le conflit de longue date au Proche-Orient dans une nouvelle phase dangereuse. <a href=\"https:\/\/www.wiwo.de\/politik\/ausland\/nahostkonflikt-israel-startet-angriff-auf-iran-mit-unterstuetzung-der-usa\/100204271.html\" target=\"_blank\" rel=\"noopener\"><strong>Selon un rapport de Wirtschaftswoche <\/strong><\/a>Selon les informations disponibles, des installations iraniennes ont \u00e9t\u00e9 prises pour cible, tandis que des nuages de fum\u00e9e s'\u00e9levaient au-dessus de la ville de T\u00e9h\u00e9ran et que des explosions \u00e9taient enregistr\u00e9es. Cette offensive marque une nette escalade dans le conflit sur le programme nucl\u00e9aire iranien et fait suite \u00e0 des mois de tensions entre Isra\u00ebl, les \u00c9tats-Unis et T\u00e9h\u00e9ran. Les dirigeants iraniens menacent de riposter, ce qui fait craindre aux observateurs internationaux une nouvelle aggravation de la situation.<\/p>\n<hr \/>\n\n\t\t\t<div class=\"display-post-types\">\n\n\t\t\t\t\t\t\t<style type=\"text\/css\">\n\t\t\t#dpt-wrapper-469 { --dpt-text-align: left;--dpt-image-crop: center;--dpt-border-radius: 5px;--dpt-h-gutter: 10px;--dpt-v-gutter: 9px; }\t\t\t<\/style>\n\t\t\t<style type=\"text\/css\">#dpt-wrapper-469 { --dpt-title-font-style:normal;--dpt-title-font-weight:600;--dpt-title-line-height:1.5;--dpt-title-text-decoration:none;--dpt-title-text-transform:none;--dpt-excerpt-font-style:normal;--dpt-excerpt-font-weight:400;--dpt-excerpt-line-height:1.5;--dpt-excerpt-text-decoration:none;--dpt-excerpt-text-transform:none;--dpt-meta1-font-style:normal;--dpt-meta1-font-weight:400;--dpt-meta1-line-height:1.9;--dpt-meta1-text-decoration:none;--dpt-meta1-text-transform:none;--dpt-meta2-font-style:normal;--dpt-meta2-font-weight:400;--dpt-meta2-line-height:1.9;--dpt-meta2-text-decoration:none;--dpt-meta2-text-transform:none; }<\/style><div class=\"dpt-main-header\">\n\t\t\t\t\t\t<div class=\"dpt-main-title\">\n\t\t\t\t\t\t\t<span class=\"dpt-main-title-text\">Derniers articles sur l'intelligence artificielle<\/span>\n\t\t\t\t\t\t<\/div>\n\t\t\t\t\t\t\n\t\t\t\t\t\t\n\t\t\t\t\t\t\n\t\t\t\t\t\t<\/div>\t\t\t\n\t\t\t\t<div id=\"dpt-wrapper-469\" class=\"dpt-wrapper dpt-mag1 land1 dpt-cropped dpt-flex-wrap\" >\n\n\t\t\t\t\t\t\t\t\t\t\t<div class=\"dpt-entry has-thumbnail\" data-title=\"unsterblichkeit durch technik: wie weit forschung und ki wirklich sind\" data-id=\"3624\"  data-category=\"allgemein gesellschaft ki-systeme\" data-post_tag=\"denkmodelle k\u00fcnstliche intelligenz lernen llm prozesse sprachmodell\">\n\t\t\t\t\t\t\t<div class=\"dpt-entry-wrapper\"><div class=\"dpt-featured-content\"><div class=\"dpt-permalink\"><a href=\"https:\/\/www.markus-schall.de\/fr\/2025\/11\/limmortalite-par-la-technique-ou-en-sont-reellement-la-recherche-et-le-ki\/\" class=\"dpt-permalink\"><span class=\"screen-reader-text\">L'immortalit\u00e9 par la technologie : o\u00f9 en sont r\u00e9ellement la recherche et l'IA ?<\/span><\/a><\/div><div class=\"dpt-thumbnail\"><div class=\"dpt-thumbnail-inner\"><img width=\"1024\" height=\"683\" class=\"attachment-full size-full\" alt=\"Immortalit\u00e9 num\u00e9rique\" context=\"dpt\" data-dpt-src=\"https:\/\/www.markus-schall.de\/wp-content\/uploads\/digitale-unsterblichkeit.jpg\" data-dpt-sizes=\"(max-width: 1024px) 100vw, 1024px\" data-dpt-srcset=\"https:\/\/www.markus-schall.de\/wp-content\/uploads\/digitale-unsterblichkeit.jpg 1024w, https:\/\/www.markus-schall.de\/wp-content\/uploads\/digitale-unsterblichkeit-300x200.jpg 300w, https:\/\/www.markus-schall.de\/wp-content\/uploads\/digitale-unsterblichkeit-768x512.jpg 768w, https:\/\/www.markus-schall.de\/wp-content\/uploads\/digitale-unsterblichkeit-18x12.jpg 18w\" \/><\/div><span class=\"dpt-thumbnail-aspect-ratio\" style=\"padding-top: 75%\"><\/span><\/div><\/div><div class=\"sub-entry\"><h3 class=\"dpt-title\"><a class=\"dpt-title-link\" href=\"https:\/\/www.markus-schall.de\/fr\/2025\/11\/limmortalite-par-la-technique-ou-en-sont-reellement-la-recherche-et-le-ki\/\" rel=\"bookmark\">L'immortalit\u00e9 par la technologie : o\u00f9 en sont r\u00e9ellement la recherche et l'IA ?<\/a><\/h3><\/div><\/div>\n\t\t\t\t\t\t<\/div><!-- .dpt-entry -->\n\t\t\t\t\t\t\t\t\t\t\t\t<div class=\"dpt-entry has-thumbnail\" data-title=\"chatgpt-datenexport erkl\u00e4rt: wie deine ki-chats zu einem pers\u00f6nlichen wissenssystem werden\" data-id=\"5259\"  data-category=\"featured ki-systeme tipps &amp; anleitungen\" data-post_tag=\"apple datenbanken datenschutz digitales eigentum k\u00fcnstliche intelligenz llama llm mac mlx ollama sprachmodell\">\n\t\t\t\t\t\t\t<div class=\"dpt-entry-wrapper\"><div class=\"dpt-featured-content\"><div class=\"dpt-permalink\"><a href=\"https:\/\/www.markus-schall.de\/fr\/2026\/03\/chatgpt-datenexport-explique-comment-tes-chats-ki-deviennent-un-systeme-de-connaissance-personnel\/\" class=\"dpt-permalink\"><span class=\"screen-reader-text\">L'exportation de donn\u00e9es ChatGPT expliqu\u00e9e : comment tes chats IA deviennent un syst\u00e8me de connaissances personnel<\/span><\/a><\/div><div class=\"dpt-thumbnail\"><div class=\"dpt-thumbnail-inner\"><img width=\"1024\" height=\"683\" class=\"attachment-full size-full\" alt=\"ChatGPT Exportation de donn\u00e9es\" context=\"dpt\" data-dpt-src=\"https:\/\/www.markus-schall.de\/wp-content\/uploads\/ChatGPT-Datenexport.jpg\" data-dpt-sizes=\"(max-width: 1024px) 100vw, 1024px\" data-dpt-srcset=\"https:\/\/www.markus-schall.de\/wp-content\/uploads\/ChatGPT-Datenexport.jpg 1024w, https:\/\/www.markus-schall.de\/wp-content\/uploads\/ChatGPT-Datenexport-300x200.jpg 300w, https:\/\/www.markus-schall.de\/wp-content\/uploads\/ChatGPT-Datenexport-768x512.jpg 768w, https:\/\/www.markus-schall.de\/wp-content\/uploads\/ChatGPT-Datenexport-18x12.jpg 18w\" \/><\/div><span class=\"dpt-thumbnail-aspect-ratio\" style=\"padding-top: 75%\"><\/span><\/div><\/div><div class=\"sub-entry\"><h3 class=\"dpt-title\"><a class=\"dpt-title-link\" href=\"https:\/\/www.markus-schall.de\/fr\/2026\/03\/chatgpt-datenexport-explique-comment-tes-chats-ki-deviennent-un-systeme-de-connaissance-personnel\/\" rel=\"bookmark\">L'exportation de donn\u00e9es ChatGPT expliqu\u00e9e : comment tes chats IA deviennent un syst\u00e8me de connaissances personnel<\/a><\/h3><\/div><\/div>\n\t\t\t\t\t\t<\/div><!-- .dpt-entry -->\n\t\t\t\t\t\t\t\t\t\t\t\t<div class=\"dpt-entry has-thumbnail\" data-title=\"lora-training: wie filemaker 2025 das feintuning gro\u00dfer sprachmodelle vereinfacht\" data-id=\"3220\"  data-category=\"filemaker &amp; erp ki-systeme\" data-post_tag=\"datenbanken filemaker k\u00fcnstliche intelligenz llm mlx sprachmodell\">\n\t\t\t\t\t\t\t<div class=\"dpt-entry-wrapper\"><div class=\"dpt-featured-content\"><div class=\"dpt-permalink\"><a href=\"https:\/\/www.markus-schall.de\/fr\/2025\/10\/lora-training-comment-filemaker-2025-facilite-le-reglage-fin-des-grands-modeles-linguistiques\/\" class=\"dpt-permalink\"><span class=\"screen-reader-text\">Formation LoRA : comment FileMaker 2025 simplifie le r\u00e9glage fin des grands mod\u00e8les linguistiques<\/span><\/a><\/div><div class=\"dpt-thumbnail\"><div class=\"dpt-thumbnail-inner\"><img width=\"1024\" height=\"683\" class=\"attachment-full size-full\" alt=\"LoRA Fine tuning - FileMaker 2025\" context=\"dpt\" data-dpt-src=\"https:\/\/www.markus-schall.de\/wp-content\/uploads\/lora-finetuning-filemaker.jpg\" data-dpt-sizes=\"(max-width: 1024px) 100vw, 1024px\" data-dpt-srcset=\"https:\/\/www.markus-schall.de\/wp-content\/uploads\/lora-finetuning-filemaker.jpg 1024w, https:\/\/www.markus-schall.de\/wp-content\/uploads\/lora-finetuning-filemaker-300x200.jpg 300w, https:\/\/www.markus-schall.de\/wp-content\/uploads\/lora-finetuning-filemaker-768x512.jpg 768w, https:\/\/www.markus-schall.de\/wp-content\/uploads\/lora-finetuning-filemaker-18x12.jpg 18w\" \/><\/div><span class=\"dpt-thumbnail-aspect-ratio\" style=\"padding-top: 75%\"><\/span><\/div><\/div><div class=\"sub-entry\"><h3 class=\"dpt-title\"><a class=\"dpt-title-link\" href=\"https:\/\/www.markus-schall.de\/fr\/2025\/10\/lora-training-comment-filemaker-2025-facilite-le-reglage-fin-des-grands-modeles-linguistiques\/\" rel=\"bookmark\">Formation LoRA : comment FileMaker 2025 simplifie le r\u00e9glage fin des grands mod\u00e8les linguistiques<\/a><\/h3><\/div><\/div>\n\t\t\t\t\t\t<\/div><!-- .dpt-entry -->\n\t\t\t\t\t\t\t\t\t\t\t\t<div class=\"dpt-entry has-thumbnail\" data-title=\"mit ki dialogisch denken lernen: warum gute fragen wichtiger sind als gute modelle\" data-id=\"4700\"  data-category=\"allgemein ki-systeme tipps &amp; anleitungen\" data-post_tag=\"denkmodelle k\u00fcnstliche intelligenz lernen llm prozesse ratgeber sprachmodell\">\n\t\t\t\t\t\t\t<div class=\"dpt-entry-wrapper\"><div class=\"dpt-featured-content\"><div class=\"dpt-permalink\"><a href=\"https:\/\/www.markus-schall.de\/fr\/2026\/02\/apprendre-a-penser-par-le-dialogue-avec-ki-pourquoi-les-bonnes-questions-sont-plus-importantes-que-les-bons-modeles\/\" class=\"dpt-permalink\"><span class=\"screen-reader-text\">Apprendre \u00e0 penser en dialoguant avec l'IA : pourquoi les bonnes questions sont plus importantes que les bons mod\u00e8les<\/span><\/a><\/div><div class=\"dpt-thumbnail\"><div class=\"dpt-thumbnail-inner\"><img width=\"1024\" height=\"683\" class=\"attachment-full size-full\" alt=\"Apprendre \u00e0 penser par le dialogue avec l&#039;IA\" context=\"dpt\" data-dpt-src=\"https:\/\/www.markus-schall.de\/wp-content\/uploads\/Denken-lernen-mit-KI.jpg\" data-dpt-sizes=\"(max-width: 1024px) 100vw, 1024px\" data-dpt-srcset=\"https:\/\/www.markus-schall.de\/wp-content\/uploads\/Denken-lernen-mit-KI.jpg 1024w, https:\/\/www.markus-schall.de\/wp-content\/uploads\/Denken-lernen-mit-KI-300x200.jpg 300w, https:\/\/www.markus-schall.de\/wp-content\/uploads\/Denken-lernen-mit-KI-768x512.jpg 768w, https:\/\/www.markus-schall.de\/wp-content\/uploads\/Denken-lernen-mit-KI-18x12.jpg 18w\" \/><\/div><span class=\"dpt-thumbnail-aspect-ratio\" style=\"padding-top: 75%\"><\/span><\/div><\/div><div class=\"sub-entry\"><h3 class=\"dpt-title\"><a class=\"dpt-title-link\" href=\"https:\/\/www.markus-schall.de\/fr\/2026\/02\/apprendre-a-penser-par-le-dialogue-avec-ki-pourquoi-les-bonnes-questions-sont-plus-importantes-que-les-bons-modeles\/\" rel=\"bookmark\">Apprendre \u00e0 penser en dialoguant avec l'IA : pourquoi les bonnes questions sont plus importantes que les bons mod\u00e8les<\/a><\/h3><\/div><\/div>\n\t\t\t\t\t\t<\/div><!-- .dpt-entry -->\n\t\t\t\t\t\t\n\t\t\t\t<\/div>\n\t\t\t\t\t\t<\/div>\n\t\t\t\n<hr \/>","protected":false},"excerpt":{"rendered":"<p>Es gibt Momente in der Geschichte, in denen man sp\u00fcrt, dass sich etwas verschiebt. Nicht schlagartig, nicht mit einer einzigen Entscheidung, sondern wie eine Linie, die langsam, aber unaufhaltsam durch den Staub alter Gewissheiten zieht. Die vergangenen Tage geh\u00f6ren zu solchen Momenten. Ich habe mich lange gefragt, ob ich diesen Leitartikel wirklich schreiben soll \u2013 &#8230; <a title=\"Apprendre \u00e0 penser en dialoguant avec l&#039;IA : pourquoi les bonnes questions sont plus importantes que les bons mod\u00e8les\" class=\"read-more\" href=\"https:\/\/www.markus-schall.de\/fr\/2026\/02\/apprendre-a-penser-par-le-dialogue-avec-ki-pourquoi-les-bonnes-questions-sont-plus-importantes-que-les-bons-modeles\/\" aria-label=\"En savoir plus sur Apprendre \u00e0 penser par le dialogue avec l&#039;IA : pourquoi les bonnes questions sont plus importantes que les bons mod\u00e8les\">Lire la suite<\/a><\/p>","protected":false},"author":1,"featured_media":5217,"comment_status":"open","ping_status":"open","sticky":false,"template":"","format":"standard","meta":{"iawp_total_views":381,"footnotes":""},"categories":[1,466],"tags":[444,481,475,482,426,471,476,484,478],"class_list":["post-5212","post","type-post","status-publish","format-standard","has-post-thumbnail","hentry","category-allgemein","category-gesellschaft","tag-denkmodelle","tag-energiepolitik","tag-europa","tag-geopolitik","tag-krisen","tag-kuenstliche-intelligenz","tag-meinungsfreiheit","tag-sicherheitspolitik","tag-spieltheorie"],"_links":{"self":[{"href":"https:\/\/www.markus-schall.de\/fr\/wp-json\/wp\/v2\/posts\/5212","targetHints":{"allow":["GET"]}}],"collection":[{"href":"https:\/\/www.markus-schall.de\/fr\/wp-json\/wp\/v2\/posts"}],"about":[{"href":"https:\/\/www.markus-schall.de\/fr\/wp-json\/wp\/v2\/types\/post"}],"author":[{"embeddable":true,"href":"https:\/\/www.markus-schall.de\/fr\/wp-json\/wp\/v2\/users\/1"}],"replies":[{"embeddable":true,"href":"https:\/\/www.markus-schall.de\/fr\/wp-json\/wp\/v2\/comments?post=5212"}],"version-history":[{"count":65,"href":"https:\/\/www.markus-schall.de\/fr\/wp-json\/wp\/v2\/posts\/5212\/revisions"}],"predecessor-version":[{"id":5862,"href":"https:\/\/www.markus-schall.de\/fr\/wp-json\/wp\/v2\/posts\/5212\/revisions\/5862"}],"wp:featuredmedia":[{"embeddable":true,"href":"https:\/\/www.markus-schall.de\/fr\/wp-json\/wp\/v2\/media\/5217"}],"wp:attachment":[{"href":"https:\/\/www.markus-schall.de\/fr\/wp-json\/wp\/v2\/media?parent=5212"}],"wp:term":[{"taxonomy":"category","embeddable":true,"href":"https:\/\/www.markus-schall.de\/fr\/wp-json\/wp\/v2\/categories?post=5212"},{"taxonomy":"post_tag","embeddable":true,"href":"https:\/\/www.markus-schall.de\/fr\/wp-json\/wp\/v2\/tags?post=5212"}],"curies":[{"name":"wp","href":"https:\/\/api.w.org\/{rel}","templated":true}]}}