{"id":5480,"date":"2026-03-25T16:02:50","date_gmt":"2026-03-25T16:02:50","guid":{"rendered":"https:\/\/www.markus-schall.de\/?p=5480"},"modified":"2026-04-23T08:47:08","modified_gmt":"2026-04-23T08:47:08","slug":"apple-en-mutation-les-premiers-appareils-experiences-personnelles-et-une-exposition-a-locm","status":"publish","type":"post","link":"https:\/\/www.markus-schall.de\/fr\/2026\/03\/apple-en-mutation-les-premiers-appareils-experiences-personnelles-et-une-exposition-a-locm\/","title":{"rendered":"Apple en mutation : premiers appareils, exp\u00e9riences personnelles et une exposition \u00e0 l'OCM"},"content":{"rendered":"<p>Si tu t'int\u00e9resses \u00e0 l'histoire de l'informatique, un coup d'\u0153il au mus\u00e9e de l'informatique d'Oldenburg vaut particuli\u00e8rement la peine. Le mus\u00e9e fait partie de ces endroits qui n'ont pas besoin d'\u00eatre bruyants pour faire impression et propose \u00e0 partir d'avril une exposition sp\u00e9ciale intitul\u00e9e <em>\u201e50 ans de l'ordinateur Apple\u201c<\/em>. Depuis de nombreuses ann\u00e9es, la technique n'y est pas seulement expos\u00e9e, mais maintenue vivante. Les appareils ne sont pas plac\u00e9s derri\u00e8re des vitres, mais souvent pr\u00eats \u00e0 fonctionner sur des tables - comme ils \u00e9taient r\u00e9ellement utilis\u00e9s autrefois.<\/p>\n<p>C'est justement ce qui fait la diff\u00e9rence. Tu n'y verras pas simplement de vieux ordinateurs, mais tu pourras te faire une id\u00e9e de ce qu'\u00e9taient le travail, le jeu et la r\u00e9flexion avec ces machines. Des premiers ordinateurs domestiques aux ordinateurs de bureau classiques en passant par des pi\u00e8ces uniques, tout y est repr\u00e9sent\u00e9 - soigneusement collect\u00e9, entretenu et surtout class\u00e9 de mani\u00e8re compr\u00e9hensible.<!--more--><\/p>\n<hr \/>\n\n\t\t\t<div class=\"display-post-types\">\n\n\t\t\t\t\t\t\t<style type=\"text\/css\">\n\t\t\t#dpt-wrapper-994 { --dpt-text-align: left;--dpt-image-crop: center;--dpt-border-radius: 5px;--dpt-h-gutter: 10px;--dpt-v-gutter: 9px; }\t\t\t<\/style>\n\t\t\t<style type=\"text\/css\">#dpt-wrapper-994 { --dpt-title-font-style:normal;--dpt-title-font-weight:600;--dpt-title-line-height:1.5;--dpt-title-text-decoration:none;--dpt-title-text-transform:none;--dpt-excerpt-font-style:normal;--dpt-excerpt-font-weight:400;--dpt-excerpt-line-height:1.5;--dpt-excerpt-text-decoration:none;--dpt-excerpt-text-transform:none;--dpt-meta1-font-style:normal;--dpt-meta1-font-weight:400;--dpt-meta1-line-height:1.9;--dpt-meta1-text-decoration:none;--dpt-meta1-text-transform:none;--dpt-meta2-font-style:normal;--dpt-meta2-font-weight:400;--dpt-meta2-line-height:1.9;--dpt-meta2-text-decoration:none;--dpt-meta2-text-transform:none; }<\/style><div class=\"dpt-main-header\">\n\t\t\t\t\t\t<div class=\"dpt-main-title\">\n\t\t\t\t\t\t\t<span class=\"dpt-main-title-text\">Th\u00e8mes de soci\u00e9t\u00e9 contemporains<\/span>\n\t\t\t\t\t\t<\/div>\n\t\t\t\t\t\t\n\t\t\t\t\t\t\n\t\t\t\t\t\t\n\t\t\t\t\t\t<\/div>\t\t\t\n\t\t\t\t<div id=\"dpt-wrapper-994\" class=\"dpt-wrapper dpt-mag1 land1 dpt-cropped dpt-flex-wrap\" >\n\n\t\t\t\t\t\t\t\t\t\t\t<div class=\"dpt-entry has-thumbnail\" data-title=\"zahngesundheit und cmd \u2013 mehr als ein bisschen. was bringt die zukunft?\" data-id=\"2736\"  data-category=\"b\u00fccher gesellschaft gesundheit\" data-post_tag=\"cmd gesundheit ratgeber\">\n\t\t\t\t\t\t\t<div class=\"dpt-entry-wrapper\"><div class=\"dpt-featured-content\"><div class=\"dpt-permalink\"><a href=\"https:\/\/www.markus-schall.de\/fr\/2025\/08\/sante-dentaire-et-cmd-plus-quun-peu-quapporte-lavenir\/\" class=\"dpt-permalink\"><span class=\"screen-reader-text\">Sant\u00e9 dentaire et DTM - plus qu'un peu. Que nous r\u00e9serve l'avenir ?<\/span><\/a><\/div><div class=\"dpt-thumbnail\"><div class=\"dpt-thumbnail-inner\"><img width=\"1920\" height=\"1280\" class=\"attachment-full size-full\" alt=\"CMD, sant\u00e9 dentaire et technologies futures\" context=\"dpt\" data-dpt-src=\"https:\/\/www.markus-schall.de\/wp-content\/uploads\/cmd-zahngesundheit-zukunft-.jpg\" data-dpt-sizes=\"(max-width: 1920px) 100vw, 1920px\" data-dpt-srcset=\"https:\/\/www.markus-schall.de\/wp-content\/uploads\/cmd-zahngesundheit-zukunft-.jpg 1920w, https:\/\/www.markus-schall.de\/wp-content\/uploads\/cmd-zahngesundheit-zukunft--300x200.jpg 300w, https:\/\/www.markus-schall.de\/wp-content\/uploads\/cmd-zahngesundheit-zukunft--1024x683.jpg 1024w, https:\/\/www.markus-schall.de\/wp-content\/uploads\/cmd-zahngesundheit-zukunft--768x512.jpg 768w, https:\/\/www.markus-schall.de\/wp-content\/uploads\/cmd-zahngesundheit-zukunft--1536x1024.jpg 1536w, https:\/\/www.markus-schall.de\/wp-content\/uploads\/cmd-zahngesundheit-zukunft--18x12.jpg 18w\" \/><\/div><span class=\"dpt-thumbnail-aspect-ratio\" style=\"padding-top: 75%\"><\/span><\/div><\/div><div class=\"sub-entry\"><h3 class=\"dpt-title\"><a class=\"dpt-title-link\" href=\"https:\/\/www.markus-schall.de\/fr\/2025\/08\/sante-dentaire-et-cmd-plus-quun-peu-quapporte-lavenir\/\" rel=\"bookmark\">Sant\u00e9 dentaire et DTM - plus qu'un peu. Que nous r\u00e9serve l'avenir ?<\/a><\/h3><\/div><\/div>\n\t\t\t\t\t\t<\/div><!-- .dpt-entry -->\n\t\t\t\t\t\t\t\t\t\t\t\t<div class=\"dpt-entry has-thumbnail\" data-title=\"fracking, lng und energiepolitik: eine n\u00fcchterne analyse von risiken, chancen und realit\u00e4t\" data-id=\"5579\"  data-category=\"allgemein gesellschaft gesundheit\" data-post_tag=\"deutschland energiepolitik europa geopolitik krisen\">\n\t\t\t\t\t\t\t<div class=\"dpt-entry-wrapper\"><div class=\"dpt-featured-content\"><div class=\"dpt-permalink\"><a href=\"https:\/\/www.markus-schall.de\/fr\/2026\/04\/fracking-lng-et-politique-energetique-une-analyse-lucide-des-risques-des-opportunites-et-de-la-realite\/\" class=\"dpt-permalink\"><span class=\"screen-reader-text\">Fracturation, GNL et politique \u00e9nerg\u00e9tique : une analyse lucide des risques, des opportunit\u00e9s et de la r\u00e9alit\u00e9<\/span><\/a><\/div><div class=\"dpt-thumbnail\"><div class=\"dpt-thumbnail-inner\"><img width=\"1024\" height=\"683\" class=\"attachment-full size-full\" alt=\"Fracturation du gaz naturel et politique \u00e9nerg\u00e9tique\" context=\"dpt\" data-dpt-src=\"https:\/\/www.markus-schall.de\/wp-content\/uploads\/Fracking-Energiepolitik.jpg\" data-dpt-sizes=\"(max-width: 1024px) 100vw, 1024px\" data-dpt-srcset=\"https:\/\/www.markus-schall.de\/wp-content\/uploads\/Fracking-Energiepolitik.jpg 1024w, https:\/\/www.markus-schall.de\/wp-content\/uploads\/Fracking-Energiepolitik-300x200.jpg 300w, https:\/\/www.markus-schall.de\/wp-content\/uploads\/Fracking-Energiepolitik-768x512.jpg 768w, https:\/\/www.markus-schall.de\/wp-content\/uploads\/Fracking-Energiepolitik-18x12.jpg 18w\" \/><\/div><span class=\"dpt-thumbnail-aspect-ratio\" style=\"padding-top: 75%\"><\/span><\/div><\/div><div class=\"sub-entry\"><h3 class=\"dpt-title\"><a class=\"dpt-title-link\" href=\"https:\/\/www.markus-schall.de\/fr\/2026\/04\/fracking-lng-et-politique-energetique-une-analyse-lucide-des-risques-des-opportunites-et-de-la-realite\/\" rel=\"bookmark\">Fracturation, GNL et politique \u00e9nerg\u00e9tique : une analyse lucide des risques, des opportunit\u00e9s et de la r\u00e9alit\u00e9<\/a><\/h3><\/div><\/div>\n\t\t\t\t\t\t<\/div><!-- .dpt-entry -->\n\t\t\t\t\t\t\t\t\t\t\t\t<div class=\"dpt-entry has-thumbnail\" data-title=\"digitales geld verstehen: bitcoin, stablecoins und cbdcs einfach erkl\u00e4rt\" data-id=\"4211\"  data-category=\"allgemein gesellschaft\" data-post_tag=\"datenschutz digitales eigentum eu-gesetze europa geopolitik spieltheorie\">\n\t\t\t\t\t\t\t<div class=\"dpt-entry-wrapper\"><div class=\"dpt-featured-content\"><div class=\"dpt-permalink\"><a href=\"https:\/\/www.markus-schall.de\/fr\/2026\/01\/comprendre-la-monnaie-numerique-bitcoin-stablecoins-et-cbdcs-expliques-simplement\/\" class=\"dpt-permalink\"><span class=\"screen-reader-text\">Comprendre l'argent num\u00e9rique : Le bitcoin, les stablecoins et les CBDC expliqu\u00e9s simplement<\/span><\/a><\/div><div class=\"dpt-thumbnail\"><div class=\"dpt-thumbnail-inner\"><img width=\"1024\" height=\"558\" class=\"attachment-full size-full\" alt=\"CBDC, crypto-monnaies et stablecoins\" context=\"dpt\" data-dpt-src=\"https:\/\/www.markus-schall.de\/wp-content\/uploads\/cbcd-kryptos-coins-tokens.jpg\" data-dpt-sizes=\"(max-width: 1024px) 100vw, 1024px\" data-dpt-srcset=\"https:\/\/www.markus-schall.de\/wp-content\/uploads\/cbcd-kryptos-coins-tokens.jpg 1024w, https:\/\/www.markus-schall.de\/wp-content\/uploads\/cbcd-kryptos-coins-tokens-300x163.jpg 300w, https:\/\/www.markus-schall.de\/wp-content\/uploads\/cbcd-kryptos-coins-tokens-768x419.jpg 768w, https:\/\/www.markus-schall.de\/wp-content\/uploads\/cbcd-kryptos-coins-tokens-18x10.jpg 18w\" \/><\/div><span class=\"dpt-thumbnail-aspect-ratio\" style=\"padding-top: 75%\"><\/span><\/div><\/div><div class=\"sub-entry\"><h3 class=\"dpt-title\"><a class=\"dpt-title-link\" href=\"https:\/\/www.markus-schall.de\/fr\/2026\/01\/comprendre-la-monnaie-numerique-bitcoin-stablecoins-et-cbdcs-expliques-simplement\/\" rel=\"bookmark\">Comprendre l'argent num\u00e9rique : Le bitcoin, les stablecoins et les CBDC expliqu\u00e9s simplement<\/a><\/h3><\/div><\/div>\n\t\t\t\t\t\t<\/div><!-- .dpt-entry -->\n\t\t\t\t\t\t\t\t\t\t\t\t<div class=\"dpt-entry has-thumbnail\" data-title=\"deine meinung z\u00e4hlt \u2013 neue umfragen zu aktuellen themen\" data-id=\"3383\"  data-category=\"allgemein b\u00fccher gesellschaft\" data-post_tag=\"buch cmd erfahrungen gesundheit krisen meinungsfreiheit\">\n\t\t\t\t\t\t\t<div class=\"dpt-entry-wrapper\"><div class=\"dpt-featured-content\"><div class=\"dpt-permalink\"><a href=\"https:\/\/www.markus-schall.de\/fr\/2025\/11\/ton-opinion-compte-nouveaux-sondages-sur-des-sujets-dactualite\/\" class=\"dpt-permalink\"><span class=\"screen-reader-text\">Votre opinion compte - Nouveaux sondages sur des th\u00e8mes d'actualit\u00e9<\/span><\/a><\/div><div class=\"dpt-thumbnail\"><div class=\"dpt-thumbnail-inner\"><img width=\"1024\" height=\"683\" class=\"attachment-full size-full\" alt=\"Sondages sur des sujets d&#039;actualit\u00e9\" context=\"dpt\" data-dpt-src=\"https:\/\/www.markus-schall.de\/wp-content\/uploads\/umfragen-aktuell.jpg\" data-dpt-sizes=\"(max-width: 1024px) 100vw, 1024px\" data-dpt-srcset=\"https:\/\/www.markus-schall.de\/wp-content\/uploads\/umfragen-aktuell.jpg 1024w, https:\/\/www.markus-schall.de\/wp-content\/uploads\/umfragen-aktuell-300x200.jpg 300w, https:\/\/www.markus-schall.de\/wp-content\/uploads\/umfragen-aktuell-768x512.jpg 768w, https:\/\/www.markus-schall.de\/wp-content\/uploads\/umfragen-aktuell-18x12.jpg 18w\" \/><\/div><span class=\"dpt-thumbnail-aspect-ratio\" style=\"padding-top: 75%\"><\/span><\/div><\/div><div class=\"sub-entry\"><h3 class=\"dpt-title\"><a class=\"dpt-title-link\" href=\"https:\/\/www.markus-schall.de\/fr\/2025\/11\/ton-opinion-compte-nouveaux-sondages-sur-des-sujets-dactualite\/\" rel=\"bookmark\">Votre opinion compte - Nouveaux sondages sur des th\u00e8mes d'actualit\u00e9<\/a><\/h3><\/div><\/div>\n\t\t\t\t\t\t<\/div><!-- .dpt-entry -->\n\t\t\t\t\t\t\n\t\t\t\t<\/div>\n\t\t\t\t\t\t<\/div>\n\t\t\t\n<hr \/>\n<p><a href=\"https:\/\/computermuseum-oldenburg.de\/das-museum\/sonderausstellung-50-jahre-apple\/\" target=\"_blank\" rel=\"noopener\"><img loading=\"lazy\" decoding=\"async\" class=\"alignleft wp-image-5487\" src=\"https:\/\/www.markus-schall.de\/wp-content\/uploads\/OCM_Aussenwerbung_Banner_50_Jahre_Apple_Computer_2k-1892x2048-1.png\" alt=\"OCM : exposition 50 ans d&#039;ordinateurs Apple\" width=\"160\" height=\"173\" srcset=\"https:\/\/www.markus-schall.de\/wp-content\/uploads\/OCM_Aussenwerbung_Banner_50_Jahre_Apple_Computer_2k-1892x2048-1.png 1892w, https:\/\/www.markus-schall.de\/wp-content\/uploads\/OCM_Aussenwerbung_Banner_50_Jahre_Apple_Computer_2k-1892x2048-1-277x300.png 277w, https:\/\/www.markus-schall.de\/wp-content\/uploads\/OCM_Aussenwerbung_Banner_50_Jahre_Apple_Computer_2k-1892x2048-1-946x1024.png 946w, https:\/\/www.markus-schall.de\/wp-content\/uploads\/OCM_Aussenwerbung_Banner_50_Jahre_Apple_Computer_2k-1892x2048-1-768x831.png 768w, https:\/\/www.markus-schall.de\/wp-content\/uploads\/OCM_Aussenwerbung_Banner_50_Jahre_Apple_Computer_2k-1892x2048-1-1419x1536.png 1419w, https:\/\/www.markus-schall.de\/wp-content\/uploads\/OCM_Aussenwerbung_Banner_50_Jahre_Apple_Computer_2k-1892x2048-1-11x12.png 11w\" sizes=\"auto, (max-width: 160px) 100vw, 160px\" \/><\/a>A partir du mois d'avril, une vaste <a href=\"https:\/\/computermuseum-oldenburg.de\/das-museum\/sonderausstellung-50-jahre-apple\/\" target=\"_blank\" rel=\"noopener\"><strong>Apple-Exposition<\/strong><\/a> \u00e0 l'entreprise. Cela tombe bien, car peu d'entreprises ont autant marqu\u00e9 le d\u00e9veloppement des ordinateurs que Apple - sur le plan technique, mais aussi sur le plan du design. Et c'est l\u00e0 que cela devient int\u00e9ressant : si tu regardes de telles expositions, tu remarques rapidement que de nombreuses id\u00e9es qui semblent \u00e9videntes aujourd'hui \u00e9taient d\u00e9j\u00e0 con\u00e7ues il y a des d\u00e9cennies.<\/p>\n<p>Pour moi, c'est une bonne occasion de ne pas seulement regarder l'exposition, mais aussi, pour une fois, ma propre petite collection. Au fil des ann\u00e9es, j'ai accumul\u00e9 un certain nombre de choses ici - des appareils que j'ai utilis\u00e9s, des appareils que j'ai d\u00e9lib\u00e9r\u00e9ment conserv\u00e9s et quelques pi\u00e8ces qu'il est difficile de trouver aujourd'hui. Ce n'est pas un mus\u00e9e au sens classique du terme. Mais c'est un morceau d'histoire technique v\u00e9cue.<\/p>\n<p>Et c'est bien de cela qu'il s'agit dans cet article : non pas d'une chronologie compl\u00e8te, mais d'un regard en arri\u00e8re - \u00e0 partir de la pratique, avec des appareils qui ont r\u00e9ellement \u00e9t\u00e9 utilis\u00e9s.<\/p>\n<h2>Un rendez-vous en 1993<\/h2>\n<p>Aujourd'hui, lorsque tu penses aux ordinateurs mobiles, tu as probablement tout de suite en t\u00eate un smartphone ou un ordinateur portable fin. Au d\u00e9but des ann\u00e9es 90, les choses \u00e9taient encore un peu diff\u00e9rentes. En 1993, j'ai eu un rendez-vous avec <a href=\"https:\/\/www.creditreform.de\/oldenburg\" target=\"_blank\" rel=\"noopener\">Creditreform<\/a>. Il s'agissait d'une formation. La pr\u00e9paration \u00e9tait encore tr\u00e8s classique \u00e0 l'\u00e9poque. Pas d'Internet, pas de recherche rapide. Je me suis donc simplement rendu sur place avant, j'ai pris de la documentation et j'ai regard\u00e9 ce que faisait le magasin. Ce n'\u00e9tait pas grand-chose - mais apparemment, peu de gens faisaient cela.<\/p>\n<p>A la fin de l'entretien, il a \u00e9t\u00e9 question de la planification des rendez-vous. Et l\u00e0, j'ai fait quelque chose qui me semblait tout \u00e0 fait naturel : j'ai sorti mon petit ordinateur et j'ai inscrit le rendez-vous.<\/p>\n<p>C'\u00e9tait un Atari Portfolio. Un appareil insignifiant, \u00e0 peine plus grand qu'un livre de poche, avec un petit clavier et un \u00e9cran simple. D'un point de vue technique, cela n'avait rien de spectaculaire. Mais pour l'\u00e9poque, c'\u00e9tait une v\u00e9ritable d\u00e9claration : mobile, autonome, ind\u00e9pendant du bureau.<\/p>\n<p>Des ann\u00e9es plus tard, au Kramermarkt d'Oldenburg, le fond\u00e9 de pouvoir m'a racont\u00e9, apr\u00e8s quelques bi\u00e8res, que ce moment pr\u00e9cis \u00e9tait rest\u00e9 grav\u00e9 dans ma m\u00e9moire. Pas parce que l'appareil \u00e9tait si impressionnant - mais parce qu'il montrait que j'\u00e9tais pr\u00e9par\u00e9 et que je ma\u00eetrisais mes affaires.<\/p>\n<p>R\u00e9trospectivement, cela me correspond bien. J'ai rarement attendu que quelque chose devienne \u201ehabituel\u201c. Si quelque chose me semblait judicieux, je le faisais tout simplement. Et c'est exactement ce qui s'est pass\u00e9 avec cette petite calculatrice.<\/p>\n<p><img loading=\"lazy\" decoding=\"async\" class=\"alignnone wp-image-5496 size-full\" src=\"https:\/\/www.markus-schall.de\/wp-content\/uploads\/Apple-OCM-Atari-Portfolio.jpg\" alt=\"Portefeuille Atari\" width=\"1024\" height=\"683\" srcset=\"https:\/\/www.markus-schall.de\/wp-content\/uploads\/Apple-OCM-Atari-Portfolio.jpg 1024w, https:\/\/www.markus-schall.de\/wp-content\/uploads\/Apple-OCM-Atari-Portfolio-300x200.jpg 300w, https:\/\/www.markus-schall.de\/wp-content\/uploads\/Apple-OCM-Atari-Portfolio-768x512.jpg 768w, https:\/\/www.markus-schall.de\/wp-content\/uploads\/Apple-OCM-Atari-Portfolio-18x12.jpg 18w\" sizes=\"auto, (max-width: 1024px) 100vw, 1024px\" \/><\/p>\n<h3>Les premiers ordinateurs mobiles - plus une id\u00e9e qu'un confort<\/h3>\n<p>Si tu regardes aujourd'hui un appareil comme l'Atari Portfolio, il ressemble presque \u00e0 un jouet. L'\u00e9cran est petit, la pr\u00e9sentation est simple, l'utilisation est tout sauf confortable. Et pourtant, cet appareil renferme une id\u00e9e qui porte encore aujourd'hui.<\/p>\n<p>L'Atari Portfolio a \u00e9t\u00e9 l'un des premiers ordinateurs vraiment portables dignes de ce nom. Pas d'accessoires, pas de lecteur externe, pas d'\u00e9cran - tout dans un appareil compact. Allumer, travailler, rebrancher. Bien s\u00fbr, cela avait des limites. La m\u00e9moire \u00e9tait limit\u00e9e, les programmes \u00e9taient simples et beaucoup de choses devaient \u00eatre r\u00e9solues par des moyens d\u00e9tourn\u00e9s. Mais c'est justement l\u00e0 que r\u00e9sidait une certaine clart\u00e9. Tu avais un outil, pas un syst\u00e8me qui te surchargeait de fonctions.<\/p>\n<p>Si l'on y regarde de plus pr\u00e8s aujourd'hui, on se rend vite compte que l'id\u00e9e \u00e9tait d\u00e9j\u00e0 l\u00e0. Mobilit\u00e9, donn\u00e9es personnelles, gestion des rendez-vous - tout ce que nous emportons aujourd'hui naturellement avec nous \u00e9tait d\u00e9j\u00e0 con\u00e7u \u00e0 l'\u00e9poque. Seule la mise en \u0153uvre n'\u00e9tait pas encore au point.<\/p>\n<p>Et c'est l\u00e0 que le regard sur Apple devient int\u00e9ressant. En effet, alors que des appareils comme le Portfolio avaient \u00e9t\u00e9 pens\u00e9s de mani\u00e8re tr\u00e8s fonctionnelle, le Apple a commenc\u00e9 un peu plus tard \u00e0 emprunter une autre voie - une voie qui mettait davantage l'accent sur la convivialit\u00e9, la conception et une exp\u00e9rience utilisateur coh\u00e9rente. Mais nous allons y venir.<\/p>\n<h2>Compact et ferm\u00e9 - Apple au d\u00e9but de la phase de bureau<\/h2>\n<p>Lorsque Apple a continu\u00e9 \u00e0 d\u00e9velopper ses ordinateurs compacts au d\u00e9but des ann\u00e9es 90, il ne s'agissait pas de rendre visible le plus de technique possible. Au contraire, l'ambition \u00e9tait de tout r\u00e9duire au point de faire passer l'ordinateur au second plan en tant qu'outil.<\/p>\n<p>Le Macintosh Classic en est un bon exemple. Un appareil qui, \u00e0 premi\u00e8re vue, ne paie pas de mine. \u00c9cran noir et blanc, construction compacte, pas d'\u00e9l\u00e9ments superflus. Et pourtant, il renferme une id\u00e9e claire : allumer, travailler, c'est tout. Pas d'assemblage, pas de r\u00e9flexion sur les composants. Le syst\u00e8me \u00e9tait ferm\u00e9 - dans le bon sens du terme.<\/p>\n<p><img loading=\"lazy\" decoding=\"async\" class=\"alignnone wp-image-5498 size-large\" src=\"https:\/\/www.markus-schall.de\/wp-content\/uploads\/Apple-OCM-Classic.jpg\" alt=\"\" width=\"1024\" height=\"683\" srcset=\"https:\/\/www.markus-schall.de\/wp-content\/uploads\/Apple-OCM-Classic.jpg 1024w, https:\/\/www.markus-schall.de\/wp-content\/uploads\/Apple-OCM-Classic-300x200.jpg 300w, https:\/\/www.markus-schall.de\/wp-content\/uploads\/Apple-OCM-Classic-768x512.jpg 768w, https:\/\/www.markus-schall.de\/wp-content\/uploads\/Apple-OCM-Classic-18x12.jpg 18w\" sizes=\"auto, (max-width: 1024px) 100vw, 1024px\" \/><\/p>\n<h3>9\u2033 \u00c9cran d'abord en noir et blanc, puis en couleur<\/h3>\n<p>Peu apr\u00e8s, le Apple Color Classic a suivi. Ext\u00e9rieurement similaire, mais avec une diff\u00e9rence d\u00e9cisive : la couleur. Aujourd'hui, cela semble aller de soi, mais \u00e0 l'\u00e9poque, il s'agissait d'une \u00e9tape qui a sensiblement modifi\u00e9 l'utilisation. Soudain, il ne s'agissait plus seulement de fonction, mais aussi de repr\u00e9sentation, d'orientation visuelle, d'un travail plus agr\u00e9able.<\/p>\n<p>Si tu mets les deux appareils c\u00f4te \u00e0 c\u00f4te, tu verras exactement cette transition. Non pas comme une rupture, mais comme une \u00e9volution. Apple a rarement tout boulevers\u00e9 d'un coup. Au lieu de cela, il a \u00e9t\u00e9 affin\u00e9 pas \u00e0 pas.<\/p>\n<p>Ce qui rend ces appareils particuliers aujourd'hui, ce n'est pas tant leur performance que leur attitude. Ils \u00e9taient con\u00e7us pour \u00eatre utilis\u00e9s, et non pour \u00eatre bricol\u00e9s en permanence. C'est ce qui les distingue nettement de nombreux syst\u00e8mes PC de l'\u00e9poque, pour lesquels le montage faisait souvent d\u00e9j\u00e0 partie du travail.<\/p>\n<p>Et c'est pr\u00e9cis\u00e9ment l\u00e0 que commence quelque chose qui traverse l'histoire du Apple : la tentative de simplifier la technique au point qu'elle s'int\u00e8gre dans la vie quotidienne. Parfois, cela r\u00e9ussit mieux, parfois moins bien. Mais la direction \u00e0 prendre a \u00e9t\u00e9 clairement identifi\u00e9e tr\u00e8s t\u00f4t.<\/p>\n<h2>Mon entr\u00e9e dans le Apple - et la premi\u00e8re d\u00e9sillusion<\/h2>\n<p>Ma propre entr\u00e9e dans le monde du Apple a \u00e9t\u00e9 moins marqu\u00e9e par l'enthousiasme que ce \u00e0 quoi on pourrait s'attendre. Il s'agissait plut\u00f4t d'une d\u00e9marche pragmatique - et d'une d\u00e9marche qui n'a pas imm\u00e9diatement convaincu. Mon premier Apple \u00e9tait un Performa 5200. \u00c0 l'\u00e9poque, il \u00e9tait d\u00e9j\u00e0 \u00e9quip\u00e9 d'un processeur PowerPC, donc sur le papier, il \u00e9tait plus moderne que beaucoup des syst\u00e8mes pr\u00e9c\u00e9dents.<\/p>\n<p>Les attentes \u00e9taient donc \u00e9lev\u00e9es. Nouvelle architecture, nouvelles possibilit\u00e9s - cela sonnait comme un progr\u00e8s. Mais dans la pratique, les sensations \u00e9taient diff\u00e9rentes. L'ordinateur n'\u00e9tait pas mauvais. Mais il n'avait pas l'air plus rapide, bien au contraire. En comparaison directe avec des syst\u00e8mes plus anciens, j'avais l'impression que beaucoup de choses fonctionnaient plus lentement qu'elles ne le devraient. Difficile de dire si c'\u00e9tait d\u00fb au logiciel ou \u00e0 la plate-forme qui n'\u00e9tait pas encore au point. Mais l'impression est rest\u00e9e.<\/p>\n<h3>Quadra bat Performa<\/h3>\n<p>Je m'en suis donc s\u00e9par\u00e9 assez rapidement et suis pass\u00e9 \u00e0 un Quadra 840AV. Un syst\u00e8me de la g\u00e9n\u00e9ration pr\u00e9c\u00e9dente, encore bas\u00e9 sur l'architecture 68k. Et soudain, le sentiment \u00e9tait tout autre. L'ordinateur r\u00e9agissait plus directement, de mani\u00e8re plus stable, globalement plus ronde. Pour \u00eatre juste, il faut dire que le Quadra disposait d'interfaces SCSI plus rapides pour les disques durs que le Performa (grand public) plus r\u00e9cent.<\/p>\n<p>C'est une exp\u00e9rience que j'ai faite \u00e0 plusieurs reprises par la suite : Nouveau ne signifie pas automatiquement meilleur. Et ce n'est pas parce que quelque chose est plus moderne sur le papier qu'il en va de m\u00eame au quotidien.<\/p>\n<p>R\u00e9trospectivement, cela a \u00e9t\u00e9 un point important. Cela a influenc\u00e9 mon regard sur la technique. J'ai appris \u00e0 ne pas faire automatiquement confiance \u00e0 chaque progr\u00e8s, mais \u00e0 y regarder de plus pr\u00e8s. Qu'est-ce que cela m'apporte concr\u00e8tement ? Est-ce que \u00e7a me semble mieux ? Est-ce que cela facilite mon travail ? Ces questions m'accompagnent encore aujourd'hui.<\/p>\n<p>Et c'est peut-\u00eatre aussi la raison pour laquelle je n'ai cess\u00e9 de passer d'un syst\u00e8me \u00e0 l'autre par la suite - sans jamais me fixer compl\u00e8tement sur un c\u00f4t\u00e9.<\/p>\n<h2>Evolution mobile - la g\u00e9n\u00e9ration PowerBook<\/h2>\n<p>Lorsque Apple a commenc\u00e9 \u00e0 faire \u00e9voluer ses ordinateurs mobiles de mani\u00e8re cons\u00e9quente, cela ne s'est pas fait par grands bonds, mais par petites \u00e9tapes compr\u00e9hensibles. C'est pr\u00e9cis\u00e9ment ce qui rend la s\u00e9rie PowerBook encore int\u00e9ressante aujourd'hui. Elle montre tr\u00e8s clairement comment un concept peut \u00eatre affin\u00e9 au fil des ann\u00e9es.<\/p>\n<p><img loading=\"lazy\" decoding=\"async\" class=\"alignnone wp-image-5499 size-full\" src=\"https:\/\/www.markus-schall.de\/wp-content\/uploads\/Apple-OCM-PowerBook.jpg\" alt=\"Apple PowerBook G3\" width=\"1024\" height=\"683\" srcset=\"https:\/\/www.markus-schall.de\/wp-content\/uploads\/Apple-OCM-PowerBook.jpg 1024w, https:\/\/www.markus-schall.de\/wp-content\/uploads\/Apple-OCM-PowerBook-300x200.jpg 300w, https:\/\/www.markus-schall.de\/wp-content\/uploads\/Apple-OCM-PowerBook-768x512.jpg 768w, https:\/\/www.markus-schall.de\/wp-content\/uploads\/Apple-OCM-PowerBook-18x12.jpg 18w\" sizes=\"auto, (max-width: 1024px) 100vw, 1024px\" \/><\/p>\n<h3>De l'exp\u00e9rience \u00e0 la machine de travail<\/h3>\n<p>Les premiers PowerBooks \u00e9taient encore clairement reconnaissables comme une extension mobile de l'id\u00e9e de bureau. Ils devaient permettre de faire en d\u00e9placement ce que l'on faisait habituellement au bureau. En cons\u00e9quence, ils \u00e9taient souvent encore lourds, pas particuli\u00e8rement compacts et repr\u00e9sentaient plut\u00f4t un compromis sur le plan technique.<\/p>\n<p>Avec des appareils comme le Wallstreet, les choses ont commenc\u00e9 \u00e0 changer lentement. Les machines sont devenues plus robustes, mieux structur\u00e9es et globalement plus proches de ce que l'on appellerait aujourd'hui le \u201ev\u00e9ritable travail mobile\u201c. Il ne s'agissait plus seulement d'\u00eatre mobile tout court, mais de travailler de mani\u00e8re mobile et utile.<\/p>\n<h3>Petits pas, grands effets<\/h3>\n<p>Si tu regardes l'\u00e9volution du Wallstreet au Pismo en passant par le Lombard, tu remarqueras que l'ext\u00e9rieur ne change pas tant que \u00e7a. Et c'est justement l\u00e0 que r\u00e9side la force. Apple n'a pas tout r\u00e9invent\u00e9, mais a am\u00e9lior\u00e9 les concepts existants de mani\u00e8re cons\u00e9quente :<\/p>\n<ul>\n<li>Les bo\u00eetiers sont plus solides et plus l\u00e9gers<\/li>\n<li>Les connexions ont \u00e9t\u00e9 plac\u00e9es plus judicieusement<\/li>\n<li>L'utilisation est devenue plus claire et plus intuitive<\/li>\n<\/ul>\n<p>Ce ne sont pas des nouveaut\u00e9s spectaculaires. Mais au quotidien, ce sont pr\u00e9cis\u00e9ment ces d\u00e9tails qui font la diff\u00e9rence. Le Lombard, qui reste souvent un peu dans l'ombre des autres mod\u00e8les, fait justement partie de cette phase de raffinement. Il n'a pas l'air spectaculaire, mais il constitue une \u00e9tape interm\u00e9diaire importante. Enfin, avec le Pismo, on a le sentiment que plusieurs de ces d\u00e9veloppements sont r\u00e9unis. Un appareil qui semble rond. Pas parfait, mais coh\u00e9rent.<\/p>\n<h3>L'\u00e9volution plut\u00f4t que la r\u00e9volution<\/h3>\n<p>Ce que l'on oublie facilement d'un point de vue actuel : Ces appareils n'\u00e9taient pas con\u00e7us comme des jalons. Ils \u00e9taient des outils. Et c'est pr\u00e9cis\u00e9ment pour cela qu'ils sont si int\u00e9ressants. Apple n'a pas essay\u00e9 de pr\u00e9senter chaque ann\u00e9e quelque chose de totalement nouveau. Au lieu de cela, ils ont am\u00e9lior\u00e9, adapt\u00e9, optimis\u00e9. Une attitude que l'on voit nettement moins aujourd'hui.<\/p>\n<p>Si tu as travaill\u00e9 avec ces appareils, tu t'aper\u00e7ois rapidement qu'ils sont con\u00e7us pour la continuit\u00e9. Il n'\u00e9tait pas n\u00e9cessaire de se r\u00e9orienter compl\u00e8tement \u00e0 chaque fois. Les choses \u00e9taient l\u00e0 o\u00f9 on les attendait. Et c'est pr\u00e9cis\u00e9ment ce qui cr\u00e9e la confiance.<\/p>\n<h2>L'autre voie - Newton, eMate et les premiers assistants num\u00e9riques<\/h2>\n<p>Parall\u00e8lement \u00e0 cette \u00e9volution plut\u00f4t classique dans le domaine des ordinateurs mobiles, Apple a essay\u00e9 une toute autre voie dans les ann\u00e9es 90. Une qui \u00e9tait \u00e0 bien des \u00e9gards en avance sur son temps - et qui en m\u00eame temps ne correspondait pas vraiment au monde de l'\u00e9poque.<\/p>\n<p><img loading=\"lazy\" decoding=\"async\" class=\"alignnone wp-image-5500 size-full\" src=\"https:\/\/www.markus-schall.de\/wp-content\/uploads\/Apple-OCM-Newton-eMate.jpg\" alt=\"Apple Newton et eMate\" width=\"1024\" height=\"683\" srcset=\"https:\/\/www.markus-schall.de\/wp-content\/uploads\/Apple-OCM-Newton-eMate.jpg 1024w, https:\/\/www.markus-schall.de\/wp-content\/uploads\/Apple-OCM-Newton-eMate-300x200.jpg 300w, https:\/\/www.markus-schall.de\/wp-content\/uploads\/Apple-OCM-Newton-eMate-768x512.jpg 768w, https:\/\/www.markus-schall.de\/wp-content\/uploads\/Apple-OCM-Newton-eMate-18x12.jpg 18w\" sizes=\"auto, (max-width: 1024px) 100vw, 1024px\" \/><\/p>\n<h3>L'id\u00e9e derri\u00e8re le Newton<\/h3>\n<p>Avec le Apple Newton, Apple a poursuivi une vision qui semble aujourd'hui presque \u00e9vidente : un assistant num\u00e9rique personnel. Un appareil qui :<\/p>\n<ul>\n<li>Gestion des notes<\/li>\n<li>Dates organis\u00e9es<\/li>\n<li>reconna\u00eet les entr\u00e9es manuscrites<\/li>\n<\/ul>\n<p>Le tout command\u00e9 par un stylet, directement sur l'\u00e9cran. Vu d'aujourd'hui, cela semble familier. \u00c0 l'\u00e9poque, c'\u00e9tait quelque chose de compl\u00e8tement diff\u00e9rent. Il n'y avait pas de mod\u00e8le \u00e9tabli, pas de logique d'utilisation habituelle. Il fallait s'y faire.<\/p>\n<h3>Entre ambition et r\u00e9alit\u00e9<\/h3>\n<p>L'id\u00e9e \u00e9tait forte. La mise en \u0153uvre avait ses limites. La reconnaissance de l'\u00e9criture manuscrite fonctionnait - mais pas toujours de mani\u00e8re fiable. Les appareils \u00e9taient techniquement limit\u00e9s, le logiciel n'\u00e9tait pas encore au point. De nombreux utilisateurs ne savaient tout simplement pas quoi en faire.<\/p>\n<p>Et c'est l\u00e0 que l'on retrouve un sch\u00e9ma r\u00e9current dans l'histoire de la technique : une bonne id\u00e9e ne suffit pas. Elle doit aussi s'inscrire dans le contexte de son \u00e9poque. D'une certaine mani\u00e8re, le Newton \u00e9tait trop pr\u00e9coce. Il a anticip\u00e9 des choses qui ne sont devenues r\u00e9ellement utilisables au quotidien que bien des ann\u00e9es plus tard.<\/p>\n<h3>L'eMate - un cas particulier pour l'\u00e9cole<\/h3>\n<p>Un appareil particuli\u00e8rement int\u00e9ressant dans ce contexte est la Apple eMate 300. Une calculatrice verte semi-transparente, sp\u00e9cialement con\u00e7ue pour l'enseignement. Robuste, autonome, elle est clairement orient\u00e9e vers une utilisation pratique.<\/p>\n<p>Lorsque tu le prends en main aujourd'hui, il ressemble presque \u00e0 un pr\u00e9curseur des appareils modernes. Non pas en raison de ses performances, mais de son concept. Compact, concentr\u00e9, r\u00e9duit. Et en m\u00eame temps, on sent qu'il vient d'une \u00e9poque o\u00f9 l'on essayait encore beaucoup de choses.<\/p>\n<h3>Un regard d'aujourd'hui<\/h3>\n<p>R\u00e9trospectivement, le Newton est moins un produit rat\u00e9 qu'une tentative pr\u00e9coce d'\u00e9tablir un nouveau type d'interaction. Beaucoup d'id\u00e9es sont revenues aujourd'hui :<\/p>\n<ul>\n<li>Utilisation du stylo<\/li>\n<li>\u00c9criture manuscrite<\/li>\n<li>syst\u00e8mes d'assistance personnelle<\/li>\n<\/ul>\n<p>La diff\u00e9rence, c'est que la technique est d\u00e9sormais suffisamment avanc\u00e9e pour mettre en \u0153uvre ces id\u00e9es de mani\u00e8re fiable.<br \/>\nEt c'est pr\u00e9cis\u00e9ment pour cela qu'il vaut la peine de regarder en arri\u00e8re. Non pas pour dire que tout \u00e9tait mieux avant. Mais pour reconna\u00eetre qu'une grande partie de ce qui va de soi aujourd'hui \u00e9tait autrefois une exp\u00e9rience.<\/p>\n<h2>Un d\u00e9tail rare - le Notephone de Siemens<\/h2>\n<p>Outre tous les appareils que l'on conna\u00eet ou que l'on a au moins d\u00e9j\u00e0 vus, il y a toujours des pi\u00e8ces qui sortent du lot. Des appareils qui n'ont pas \u00e9t\u00e9 con\u00e7us pour le march\u00e9 de masse ou qui n'existent qu'en petites quantit\u00e9s. Et c'est exactement le genre d'appareil que je trouve dans mon Notephone Siemens.<\/p>\n<p><img loading=\"lazy\" decoding=\"async\" class=\"alignnone wp-image-5501 size-full\" src=\"https:\/\/www.markus-schall.de\/wp-content\/uploads\/Apple-OCM-Siemens-Notephone.jpg\" alt=\"Siemens Notephone\" width=\"1024\" height=\"683\" srcset=\"https:\/\/www.markus-schall.de\/wp-content\/uploads\/Apple-OCM-Siemens-Notephone.jpg 1024w, https:\/\/www.markus-schall.de\/wp-content\/uploads\/Apple-OCM-Siemens-Notephone-300x200.jpg 300w, https:\/\/www.markus-schall.de\/wp-content\/uploads\/Apple-OCM-Siemens-Notephone-768x512.jpg 768w, https:\/\/www.markus-schall.de\/wp-content\/uploads\/Apple-OCM-Siemens-Notephone-18x12.jpg 18w\" sizes=\"auto, (max-width: 1024px) 100vw, 1024px\" \/><\/p>\n<h3>Une approche inhabituelle<\/h3>\n<p>Au premier coup d'\u0153il, l'appareil ne paie pas de mine. Pas de design typique du Apple, pas de logo qui attire imm\u00e9diatement l'attention. Au lieu de cela, on y lit Siemens. Et c'est justement ce qui le rend int\u00e9ressant. \u00c0 l'int\u00e9rieur se trouve en effet une technologie \u00e9troitement li\u00e9e \u00e0 celle du Apple Newton. Une combinaison que l'on ne trouve pas souvent. La technologie Apple dans un autre bo\u00eetier, con\u00e7ue pour un domaine d'application sp\u00e9cifique.<\/p>\n<p>Le notephone n'est donc pas un appareil Apple classique - et en m\u00eame temps, il en est un. Il se situe un peu entre deux mondes. Et c'est pr\u00e9cis\u00e9ment pour cette raison qu'il s'int\u00e8gre si bien dans cet article.<\/p>\n<p>Lorsque tu prends l'appareil en main, tu remarques imm\u00e9diatement qu'il vient d'une autre \u00e9poque. Les mat\u00e9riaux, la finition, m\u00eame le poids - tout semble diff\u00e9rent des appareils actuels.<\/p>\n<p>L'utilisation se fait, comme sur le Newton, \u00e0 l'aide d'un stylet. \u00c9crire, taper, naviguer - tout se passe directement sur la surface. Cela semble familier aujourd'hui, mais \u00e0 l'\u00e9poque, c'\u00e9tait tout sauf \u00e9vident.<\/p>\n<p>Et c'est l\u00e0 que l'on constate quelque chose d'int\u00e9ressant : de nombreuses choses que nous percevons aujourd'hui comme des progr\u00e8s existaient d\u00e9j\u00e0 dans leurs grandes lignes il y a des d\u00e9cennies. Mais elles n'\u00e9taient pas aussi sophistiqu\u00e9es, pas aussi rapides et pas aussi fiables. Pourtant, le principe fonctionne. On peut travailler avec. On comprend l'id\u00e9e qui se cache derri\u00e8re. Et cela a souvent plus de valeur qu'une technique parfaite.<\/p>\n<h3>Une pi\u00e8ce qui reste<\/h3>\n<p>Ce qui rend cet appareil particulier \u00e0 mes yeux, ce n'est pas seulement sa raret\u00e9. C'est la combinaison de l'histoire de la technique et de la relation personnelle. Ce n'est pas un appareil que l'on remplace simplement. C'est un appareil que l'on garde. Peut-\u00eatre parce qu'il montre combien de chemins ont \u00e9t\u00e9 emprunt\u00e9s dans le d\u00e9veloppement. Et combien d'entre elles sont aujourd'hui presque oubli\u00e9es.<\/p>\n<h2>Apple d\u00e9couvre le design<\/h2>\n<p>Avec le passage \u00e0 la fin des ann\u00e9es 90 et au d\u00e9but des ann\u00e9es 2000, quelque chose de fondamental change chez Apple. La technique reste importante, mais elle passe de plus en plus au second plan. Au lieu de cela, quelque chose d'autre passe au premier plan :<\/p>\n<p>Conception.<\/p>\n<p><img loading=\"lazy\" decoding=\"async\" class=\"alignnone size-large wp-image-5502\" src=\"https:\/\/www.markus-schall.de\/wp-content\/uploads\/Apple-OCM-Cube-G4.jpg\" alt=\"\" width=\"1024\" height=\"683\" srcset=\"https:\/\/www.markus-schall.de\/wp-content\/uploads\/Apple-OCM-Cube-G4.jpg 1024w, https:\/\/www.markus-schall.de\/wp-content\/uploads\/Apple-OCM-Cube-G4-300x200.jpg 300w, https:\/\/www.markus-schall.de\/wp-content\/uploads\/Apple-OCM-Cube-G4-768x512.jpg 768w, https:\/\/www.markus-schall.de\/wp-content\/uploads\/Apple-OCM-Cube-G4-18x12.jpg 18w\" sizes=\"auto, (max-width: 1024px) 100vw, 1024px\" \/><\/p>\n<h3>Le moment o\u00f9 la technique devient visible<\/h3>\n<p>Le Power Mac G4 Cube en est un bon exemple. Un ordinateur qui ressemble moins \u00e0 un outil de travail qu'\u00e0 un objet. Des lignes claires, des \u00e9l\u00e9ments transparents, une forme qui n'est pas seulement fonctionnelle, mais d\u00e9lib\u00e9r\u00e9ment con\u00e7ue. Lorsque tu le regardes, tu constates imm\u00e9diatement qu'il ne s'agit pas seulement de ce que l'appareil peut faire. Il s'agit aussi de l'effet qu'il produit.<\/p>\n<p>Ce n'\u00e9tait pas \u00e9vident \u00e0 l'\u00e9poque. De nombreuses calculatrices \u00e9taient fonctionnelles, mais leur design \u00e9tait plut\u00f4t secondaire. Apple a pris ici une autre voie. Le Cube G4 est m\u00eame pr\u00e9sent\u00e9 au New Yorker <a href=\"https:\/\/www.moma.org\" target=\"_blank\" rel=\"noopener\">Mus\u00e9e d'art moderne<\/a> expos\u00e9e.<\/p>\n<h3>La forme ne suit pas seulement la fonction<\/h3>\n<p>Bien s\u00fbr, le Cube remplit sa fonction. Mais il le fait d'une mani\u00e8re qui va au-del\u00e0 de l'aspect purement technique. Le bo\u00eetier, les mat\u00e9riaux, la mani\u00e8re dont l'appareil est construit - tout cela semble bien pens\u00e9. Presque minimaliste. Et en m\u00eame temps, il attire l'attention.<\/p>\n<p>On peut discuter de la pertinence d'une telle approche \u00e0 chaque fois. Le Cube n'\u00e9tait pas un produit de masse. Il \u00e9tait plut\u00f4t une d\u00e9claration. Et c'est ce qui le rend int\u00e9ressant aujourd'hui.<\/p>\n<h3>Une nouvelle direction<\/h3>\n<p>Avec des appareils comme le Cube et aussi les syst\u00e8mes Power Mac G4, il est clair que Apple commence \u00e0 penser la technique diff\u00e9remment. Non plus seulement comme un outil, mais comme une partie de l'environnement. Comme quelque chose qui peut \u00eatre visible. C'est une approche qui se poursuit encore aujourd'hui. Parfois plus forte, parfois plus faible. Mais la direction a \u00e9t\u00e9 clairement d\u00e9finie \u00e0 cette \u00e9poque.<\/p>\n<p>Et si tu regardes les appareils de cette phase, tu constates que quelque chose est n\u00e9 ici, qui va au-del\u00e0 des produits individuels. Une attitude qui ne cache pas la technique, mais la con\u00e7oit consciemment.<\/p>\n<h2>Transition vers le monde moderne Apple<\/h2>\n<p>Le d\u00e9but des ann\u00e9es 2000 marque le d\u00e9but d'une phase au cours de laquelle Apple ne se contente pas de faire \u00e9voluer ses appareils sur le plan technique, mais les rend aussi nettement plus accessibles. Beaucoup de choses semblent plus rondes, plus conviviales, moins techniques au sens classique du terme. L'iBook G4 en est un bon exemple.<\/p>\n<p><img loading=\"lazy\" decoding=\"async\" class=\"alignnone wp-image-5503 size-full\" src=\"https:\/\/www.markus-schall.de\/wp-content\/uploads\/Apple-OCM-iBook.jpg\" alt=\"Apple iBook G4\" width=\"1024\" height=\"683\" srcset=\"https:\/\/www.markus-schall.de\/wp-content\/uploads\/Apple-OCM-iBook.jpg 1024w, https:\/\/www.markus-schall.de\/wp-content\/uploads\/Apple-OCM-iBook-300x200.jpg 300w, https:\/\/www.markus-schall.de\/wp-content\/uploads\/Apple-OCM-iBook-768x512.jpg 768w, https:\/\/www.markus-schall.de\/wp-content\/uploads\/Apple-OCM-iBook-18x12.jpg 18w\" sizes=\"auto, (max-width: 1024px) 100vw, 1024px\" \/><\/p>\n<p>Alors que les PowerBooks pr\u00e9c\u00e9dents \u00e9taient clairement con\u00e7us comme des outils destin\u00e9s \u00e0 des groupes cibles sp\u00e9cifiques, l'iBook s'adresse davantage \u00e0 la vie quotidienne. Il semble moins \u201eprofessionnel\u201c au sens classique du terme, mais plus proche de ce dont beaucoup de gens ont r\u00e9ellement besoin.<\/p>\n<p>La forme est plus douce, les mat\u00e9riaux plus accessibles, l'aspect g\u00e9n\u00e9ral moins technique. L'appareil ne donne plus l'impression d'\u00eatre quelque chose que l'on doit acqu\u00e9rir, mais plut\u00f4t quelque chose que l'on utilise simplement.<\/p>\n<p>Et c'est pr\u00e9cis\u00e9ment une \u00e9tape importante. A ce stade, les ordinateurs font de plus en plus partie du quotidien, non seulement pour les sp\u00e9cialistes, mais aussi pour un large \u00e9ventail d'utilisateurs.<\/p>\n<h3>La continuit\u00e9 dans le changement<\/h3>\n<p>Malgr\u00e9 cette nouvelle orientation, beaucoup de ce que Apple a construit auparavant a \u00e9t\u00e9 conserv\u00e9. La structure claire, l'utilisation simple, l'id\u00e9e d'un syst\u00e8me ferm\u00e9 - tout cela est toujours l\u00e0. Seul l'emballage a chang\u00e9.<\/p>\n<p>L'iBook G4 se situe donc un peu entre deux mondes. Il est encore clairement reconnaissable comme un produit de son \u00e9poque, mais il porte d\u00e9j\u00e0 en lui de nombreux \u00e9l\u00e9ments qui deviendront naturels par la suite.<\/p>\n<p>Lorsque tu travailles avec, tu r\u00e9alises que quelque chose se met en place. Pas parfait, pas d\u00e9finitif, mais coh\u00e9rent. Et c'est justement ce qui rend cette transition si int\u00e9ressante.<\/p>\n<hr \/>\n<h3>Derni\u00e8re enqu\u00eate sur l'utilisation des syst\u00e8mes d'IA locaux<\/h3>\n<div class='bootstrap-yop yop-poll-mc'>\n\t\t\t\t\t\t\t<div class=\"basic-yop-poll-container\" style=\"background-color:#ffffff; border:0px; border-style:solid; border-color:#000000; border-radius:5px; padding:0px 5px;\" data-id=\"9\" data-temp=\"basic-pretty\" data-skin=\"square\" data-cscheme=\"blue\" data-cap=\"0\" data-access=\"guest\" data-tid=\"\" data-uid=\"b3e235cd6393d83031ea141407c3f4e7\" data-pid=\"3383\" data-resdet=\"votes-number,percentages\" data-show-results-to=\"guest\" data-show-results-moment=\"after-vote\" data-show-results-only=\"false\" data-show-message=\"true\" data-show-results-as=\"bar\" data-sort-results-by=\"as-defined\" data-sort-results-rule=\"asc\"data-is-ended=\"0\" data-percentages-decimals=\"2\" data-gdpr=\"no\" data-gdpr-sol=\"consent\" data-css=\".basic-yop-poll-container[data-uid] .basic-vote {\t\t\t\t\t\t\t\t\ttext-align: center;\t\t\t\t\t\t\t\t}\" data-counter=\"0\" data-load-with=\"1\" data-notification-section=\"top\"><div class=\"row\"><div class=\"col-md-12\"><div class=\"basic-inner\"><div class=\"basic-message hide\" style=\"border-left: 10px solid #008000; padding: 0px 10px;\" data-error=\"#ff0000\" data-success=\"#008000\"><p class=\"basic-message-text\" style=\"color:#000000; font-size:14px; font-weight:normal;\"><\/p><\/div><div class=\"basic-overlay hide\"><div class=\"basic-vote-options\"><\/div><div class=\"basic-preloader\"><div class=\"basic-windows8\"><div class=\"basic-wBall basic-wBall_1\"><div class=\"basic-wInnerBall\"><\/div><\/div><div class=\"basic-wBall basic-wBall_2\"><div class=\"basic-wInnerBall\"><\/div><\/div><div class=\"basic-wBall basic-wBall_3\"><div class=\"basic-wInnerBall\"><\/div><\/div><div class=\"basic-wBall basic-wBall_4\"><div class=\"basic-wInnerBall\"><\/div><\/div><div class=\"basic-wBall basic-wBall_5\"><div class=\"basic-wInnerBall\"><\/div><\/div><\/div><\/div><\/div><form class=\"basic-form\" action=\"\"><input type=\"hidden\" name=\"_token\" value=\"3cc6802e45\" autocomplete=\"off\"><div class=\"basic-elements\"><div class=\"basic-element basic-question basic-question-text-vertical\" data-id=\"9\" data-uid=\"710f704822df67482cdbd3ba724feb78\" data-type=\"question\" data-question-type=\"text\" data-required=\"yes\" data-allow-multiple=\"no\" data-min=\"1\" data-max=\"7\" data-display=\"vertical\" data-colnum=\"\" data-display-others=\"no\" data-others-color=\"\" data-others=\"\" data-others-max-chars=\"0\"><div class=\"basic-question-title\"><h5 style=\"color:#000000; font-size:16px; font-weight:normal; text-align:left;\">Quelle est ta position sur les logiciels d'intelligence artificielle fonctionnant en local, comme MLX ou Ollama ?<\/h5><\/div><ul class=\"basic-answers\"><li class=\"basic-answer\" style=\"padding:0px 0px;\" data-id=\"45\" data-type=\"text\" data-vn=\"138\" data-color=\"#000000\" data-make-link=\"no\" data-link=\"\"><div class=\"basic-answer-content basic-text-vertical\"><label for=\"answer[45]\" class=\"basic-answer-label\"><input type=\"radio\" id=\"answer[45]\" name=\"answer[9]\" value=\"45\"><span class=\"basic-text\" style=\"color: #000000; font-size: 14px; font-weight: normal;\">Ing\u00e9nieux - enfin ind\u00e9pendant du cloud<\/span><\/label><\/div><\/li><li class=\"basic-answer\" style=\"padding:0px 0px;\" data-id=\"46\" data-type=\"text\" data-vn=\"25\" data-color=\"#000000\" data-make-link=\"no\" data-link=\"\"><div class=\"basic-answer-content basic-text-vertical\"><label for=\"answer[46]\" class=\"basic-answer-label\"><input type=\"radio\" id=\"answer[46]\" name=\"answer[9]\" value=\"46\"><span class=\"basic-text\" style=\"color: #000000; font-size: 14px; font-weight: normal;\">Int\u00e9ressant, mais (encore) trop compliqu\u00e9<\/span><\/label><\/div><\/li><li class=\"basic-answer\" style=\"padding:0px 0px;\" data-id=\"47\" data-type=\"text\" data-vn=\"28\" data-color=\"#000000\" data-make-link=\"no\" data-link=\"\"><div class=\"basic-answer-content basic-text-vertical\"><label for=\"answer[47]\" class=\"basic-answer-label\"><input type=\"radio\" id=\"answer[47]\" name=\"answer[9]\" value=\"47\"><span class=\"basic-text\" style=\"color: #000000; font-size: 14px; font-weight: normal;\">Je vais bient\u00f4t l'essayer<\/span><\/label><\/div><\/li><li class=\"basic-answer\" style=\"padding:0px 0px;\" data-id=\"48\" data-type=\"text\" data-vn=\"5\" data-color=\"#000000\" data-make-link=\"no\" data-link=\"\"><div class=\"basic-answer-content basic-text-vertical\"><label for=\"answer[48]\" class=\"basic-answer-label\"><input type=\"radio\" id=\"answer[48]\" name=\"answer[9]\" value=\"48\"><span class=\"basic-text\" style=\"color: #000000; font-size: 14px; font-weight: normal;\">Je n'en ai pas besoin - le cloud me suffit<\/span><\/label><\/div><\/li><li class=\"basic-answer\" style=\"padding:0px 0px;\" data-id=\"49\" data-type=\"text\" data-vn=\"4\" data-color=\"#000000\" data-make-link=\"no\" data-link=\"\"><div class=\"basic-answer-content basic-text-vertical\"><label for=\"answer[49]\" class=\"basic-answer-label\"><input type=\"radio\" id=\"answer[49]\" name=\"answer[9]\" value=\"49\"><span class=\"basic-text\" style=\"color: #000000; font-size: 14px; font-weight: normal;\">Je ne sais pas de quoi il s'agit exactement.<\/span><\/label><\/div><\/li><\/ul><\/div><div class=\"clearfix\"><\/div><\/div><div class=\"basic-vote\"><a href=\"#\" class=\"button basic-vote-button\" role=\"button\" style=\"background:#027bb8; border:0px; border-style: solid; border-color:#000000; border-radius:5px; padding:10px 10px; color:#ffffff; font-size:14px; font-weight:normal;\">Votez<\/a><\/div><input type=\"hidden\" name=\"trp-form-language\" value=\"fr\"\/><\/form><\/div><\/div><\/div><\/div>\n\t\t\t\t\t\t<\/div>\n<hr \/>\n<h2>Mon parcours - entre Apple et Windows<\/h2>\n<p>En jetant un regard en arri\u00e8re sur cette \u00e9volution, on pourrait facilement penser que le chemin a \u00e9t\u00e9 rectiligne. Qu'une fois que l'on a opt\u00e9 pour un syst\u00e8me, on s'y tient. Dans la pratique, c'est souvent diff\u00e9rent. Au fil des ans, j'ai r\u00e9guli\u00e8rement altern\u00e9 entre Apple et Windows. Non pas par conviction pour l'un ou contre l'autre, mais pour des raisons pratiques.<\/p>\n<p>Windows a longtemps \u00e9t\u00e9 la norme dans de nombreux domaines. Ceux qui travaillaient dans certains environnements ne pouvaient pas s'en passer. Je m'y suis donc familiaris\u00e9 de mani\u00e8re intensive, jusqu'aux t\u00e2ches administratives et aux certifications correspondantes. Ce n'\u00e9tait pas une phase de transition, mais une partie int\u00e9grante de mon travail.<\/p>\n<h3>L'exp\u00e9rience plut\u00f4t que l'esprit de camp<\/h3>\n<p>C'est justement ce passage d'un syst\u00e8me \u00e0 l'autre qui permet de porter un regard diff\u00e9rent. On voit les forces et les faiblesses des deux c\u00f4t\u00e9s. Et on perd un peu la tendance \u00e0 juger les choses par principe.<\/p>\n<p>Il n'y a pas un seul \u201ebon\u201c syst\u00e8me. Il y a des outils qui sont plus ou moins adapt\u00e9s \u00e0 certaines t\u00e2ches. Cette connaissance ne vient pas de la th\u00e9orie, mais de l'utilisation.<\/p>\n<div class=\"lyte-wrapper\" style=\"width:640px;max-width:100%;margin:5px;\"><div class=\"lyMe\" id=\"WYL_--MrJc3Fxzk\"><div id=\"lyte_--MrJc3Fxzk\" data-src=\"https:\/\/www.markus-schall.de\/wp-content\/plugins\/wp-youtube-lyte\/lyteCache.php?origThumbUrl=%2F%2Fi.ytimg.com%2Fvi%2F--MrJc3Fxzk%2Fhqdefault.jpg\" class=\"pL\"><div class=\"tC\"><div class=\"tT\"><\/div><\/div><div class=\"play\"><\/div><div class=\"ctrl\"><div class=\"Lctrl\"><\/div><div class=\"Rctrl\"><\/div><\/div><\/div><noscript><a href=\"https:\/\/youtu.be\/--MrJc3Fxzk\" rel=\"nofollow noopener\" target=\"_blank\"><img loading=\"lazy\" decoding=\"async\" src=\"https:\/\/www.markus-schall.de\/wp-content\/plugins\/wp-youtube-lyte\/lyteCache.php?origThumbUrl=https%3A%2F%2Fi.ytimg.com%2Fvi%2F--MrJc3Fxzk%2F0.jpg\" alt=\"Vignette de la vid\u00e9o YouTube\" width=\"640\" height=\"340\" \/><br \/>Lire cette vid\u00e9o sur YouTube<\/a><\/noscript><\/div><\/div><div class=\"lL\" style=\"max-width:100%;width:640px;margin:5px;\"><\/div><br \/>\nL'histoire \u00e9poustouflante de Steve Jobs (Apple, Pixar, NeXT) | <a href=\"https:\/\/www.youtube.com\/@BiographerDE\" target=\"_blank\" rel=\"nofollow noopener\">Biographer_FR<\/a><\/p>\n<h3>Retour \u00e0 Apple - et rest\u00e9<\/h3>\n<p>Malgr\u00e9 ces changements, une \u00e9volution claire s'est produite au fil du temps. Depuis une vingtaine d'ann\u00e9es, je travaille sans interruption avec des syst\u00e8mes Apple. Non pas parce que tout est parfait. Mais parce que c'est ce qui fonctionne le mieux pour moi dans l'ensemble.<\/p>\n<p>La combinaison du mat\u00e9riel et des logiciels, la stabilit\u00e9 au quotidien, la mani\u00e8re dont les appareils s'int\u00e8grent dans le flux de travail - ce sont des choses qui ont fait leurs preuves au fil des ans. En m\u00eame temps, l'exp\u00e9rience du monde Windows reste en arri\u00e8re-plan. Elle fait en sorte que l'on ne prenne pas tout pour acquis.<\/p>\n<p>Et c'est peut-\u00eatre l\u00e0 que le b\u00e2t blesse : ce n'est pas le choix d'un syst\u00e8me qui est d\u00e9cisif, mais l'exp\u00e9rience d'avoir connu les deux c\u00f4t\u00e9s.<\/p>\n<h2>Principales \u00e9tapes de la Apple depuis 1985<\/h2>\n<div style=\"overflow-x: auto;\">\n<table style=\"border-collapse: collapse; width: 100%;\">\n<tbody>\n<tr style=\"background-color: #f2f2f2;\">\n<th style=\"padding: 8px; text-align: left;\">Ann\u00e9e<\/th>\n<th style=\"padding: 8px; text-align: left;\">Appareil<\/th>\n<th style=\"padding: 8px; text-align: left;\">Signification \/ classification<\/th>\n<\/tr>\n<tr>\n<td style=\"padding: 8px;\"><strong>1985<\/strong><\/td>\n<td style=\"padding: 8px;\">Macintosh 512K<\/td>\n<td style=\"padding: 8px;\">Extension pr\u00e9coce du premier concept Macintosh, base des interfaces utilisateur graphiques dans la vie quotidienne.<\/td>\n<\/tr>\n<tr>\n<td style=\"padding: 8px;\"><strong>1990<\/strong><\/td>\n<td style=\"padding: 8px;\">Macintosh Classic<\/td>\n<td style=\"padding: 8px;\">Entr\u00e9e compacte et accessible dans le monde Macintosh, approche tout-en-un pour de larges groupes d'utilisateurs.<\/td>\n<\/tr>\n<tr>\n<td style=\"padding: 8px;\"><strong>1991<\/strong><\/td>\n<td style=\"padding: 8px;\">PowerBook 100<\/td>\n<td style=\"padding: 8px;\">Justifie la forme moderne de l'ordinateur portable avec trackball central et construction compacte.<\/td>\n<\/tr>\n<tr>\n<td style=\"padding: 8px;\"><strong>1993<\/strong><\/td>\n<td style=\"padding: 8px;\">Apple Newton<\/td>\n<td style=\"padding: 8px;\">Ancienne tentative d'assistant num\u00e9rique avec utilisation du stylet et reconnaissance de l'\u00e9criture manuscrite.<\/td>\n<\/tr>\n<tr>\n<td style=\"padding: 8px;\"><strong>1998<\/strong><\/td>\n<td style=\"padding: 8px;\">iMac G3<\/td>\n<td style=\"padding: 8px;\">Red\u00e9marrage de Apple en mettant l'accent sur le design et la facilit\u00e9 d'utilisation, marque durablement la marque.<\/td>\n<\/tr>\n<tr>\n<td style=\"padding: 8px;\"><strong>2000<\/strong><\/td>\n<td style=\"padding: 8px;\">Power Mac G4 Cube<\/td>\n<td style=\"padding: 8px;\">Desktop orient\u00e9 design, montre Apple l'exigence de concevoir la technique aussi comme un objet.<\/td>\n<\/tr>\n<tr>\n<td style=\"padding: 8px;\"><strong>2001<\/strong><\/td>\n<td style=\"padding: 8px;\">iPod<\/td>\n<td style=\"padding: 8px;\">D\u00e9but de l'expansion de Apple au-del\u00e0 de l'ordinateur, marque le monde de la musique num\u00e9rique.<\/td>\n<\/tr>\n<tr>\n<td style=\"padding: 8px;\"><strong>2006<\/strong><\/td>\n<td style=\"padding: 8px;\">MacBook Pro (Intel)<\/td>\n<td style=\"padding: 8px;\">Transition de PowerPC \u00e0 Intel, \u00e9tape importante pour les performances et la compatibilit\u00e9.<\/td>\n<\/tr>\n<tr>\n<td style=\"padding: 8px;\"><strong>2007<\/strong><\/td>\n<td style=\"padding: 8px;\">iPhone<\/td>\n<td style=\"padding: 8px;\">R\u00e9volutionne l'utilisation mobile, r\u00e9unit le t\u00e9l\u00e9phone, Internet et les applications en un seul appareil.<\/td>\n<\/tr>\n<tr>\n<td style=\"padding: 8px;\"><strong>2010<\/strong><\/td>\n<td style=\"padding: 8px;\">iPad<\/td>\n<td style=\"padding: 8px;\">\u00c9tablit les tablettes comme une cat\u00e9gorie d'appareils \u00e0 part enti\u00e8re, entre le smartphone et l'ordinateur portable.<\/td>\n<\/tr>\n<tr>\n<td style=\"padding: 8px;\"><strong>2020<\/strong><\/td>\n<td style=\"padding: 8px;\">MacBook avec M1<\/td>\n<td style=\"padding: 8px;\">D\u00e9marrage de Apple Silicon, efficacit\u00e9 et performance \u00e9lev\u00e9es gr\u00e2ce \u00e0 une architecture de processeur propre.<\/td>\n<\/tr>\n<tr>\n<td style=\"padding: 8px;\"><strong>2023<\/strong><\/td>\n<td style=\"padding: 8px;\">Mac avec M3<\/td>\n<td style=\"padding: 8px;\">D\u00e9veloppement des puces Apple, performances croissantes et focalisation sur le traitement local de l'IA.<\/td>\n<\/tr>\n<\/tbody>\n<\/table>\n<\/div>\n<h2>Apple aujourd'hui - entre enthousiasme et distance<\/h2>\n<p>Lorsque l'on s'occupe d'une plateforme pendant de nombreuses ann\u00e9es, le regard que l'on porte sur elle change. Ce qui, au d\u00e9but, \u00e9tait peut-\u00eatre empreint de curiosit\u00e9 ou d'enthousiasme, devient plus calme avec le temps. Plus sobrement. Et souvent aussi plus nuanc\u00e9.<\/p>\n<p>Je travaille depuis de nombreuses ann\u00e9es avec des syst\u00e8mes Apple. Les appareils que j'utilise sont techniquement \u00e0 la pointe, performants et fiables au quotidien. C'est une chose.<\/p>\n<p>L'autre est que mon rapport au Apple a chang\u00e9 au fil du temps. Ce n'est plus un enthousiasme sans critique. C'est plut\u00f4t une sorte d'amour-haine. Apple continue de fabriquer de tr\u00e8s bons produits. Cela ne fait aucun doute. Mais en m\u00eame temps, l'entreprise est devenue nettement plus commerciale. Les processus sont plus standardis\u00e9s, les d\u00e9cisions semblent moins ludiques, moins exp\u00e9rimentales qu'auparavant.<\/p>\n<p>Ce n'est pas un reproche. C'est une \u00e9volution que l'on peut observer dans de nombreuses grandes entreprises. Mais on la remarque.<\/p>\n<h3>\u201eNe jamais changer un syst\u00e8me en marche\u201c<\/h3>\n<p>Un point qui est devenu de plus en plus important pour moi au quotidien est l'utilisation consciente des mises \u00e0 jour. Le vieux principe <em>\u201eNe jamais changer un syst\u00e8me en marche\u201c<\/em> date d'une \u00e9poque o\u00f9 Windows 95 a \u00e9t\u00e9 reprogramm\u00e9 pour la centi\u00e8me fois. Mais dans le fond, elle est toujours valable aujourd'hui.<\/p>\n<p>Je n'ai pas vraiment envie de tester imm\u00e9diatement chaque nouveau syst\u00e8me d'exploitation. Si un syst\u00e8me est stable, je le laisse fonctionner. Et ce, aussi longtemps que cela est utile. Cette culture de la mise \u00e0 jour permanente - ce \u201eil y a d\u00e9j\u00e0 quelque chose de nouveau\u201c - ne correspond pas \u00e0 ma fa\u00e7on de travailler. J'ai besoin de syst\u00e8mes sur lesquels je peux compter, pas de syst\u00e8mes qui changent constamment.<\/p>\n<p>C'est pourquoi je suis souvent d\u00e9lib\u00e9r\u00e9ment \u00e0 la tra\u00eene en ce qui concerne les syst\u00e8mes d'exploitation. Pas par ignorance, mais par exp\u00e9rience.<\/p>\n<h3>\u201eApple n'est pas ton ami\u201c<\/h3>\n<p>Pendant ma p\u00e9riode de concessionnaire Apple, il y avait une phrase qui revenait souvent : <em>\u201eApple n'est pas ton ami\u201c.\u201c<\/em><\/p>\n<p>Cela peut para\u00eetre dur au premier abord, mais il s'agit en fait d'un constat tr\u00e8s sobre. Les grands groupes n'agissent pas par proximit\u00e9 personnelle, mais par int\u00e9r\u00eat \u00e9conomique. Ce n'est ni bon ni mauvais - c'est simplement la r\u00e9alit\u00e9.<\/p>\n<p>Quand on comprend cela, il est plus facile de classer les choses. On s'attend \u00e0 moins de choses et on est plus conscient de ses points forts.<\/p>\n<h3>Le changement plut\u00f4t que la perte<\/h3>\n<p>On pourrait dire qu'autrefois, il y avait plus d'amour du d\u00e9tail dans de nombreux produits. C'est peut-\u00eatre m\u00eame vrai. Mais peut-\u00eatre que c'est seulement parce que beaucoup de choses \u00e9taient nouvelles \u00e0 l'\u00e9poque.<\/p>\n<p>Aujourd'hui, beaucoup de choses sont plus standardis\u00e9es. Les processus sont plus clairs, les produits plus structur\u00e9s. On peut voir cela d'un \u0153il critique, mais cela a aussi des avantages. Les appareils sont performants, fiables et \u00e9tonnamment bien con\u00e7us dans de nombreux domaines.<\/p>\n<p>Ce que je mets actuellement au cr\u00e9dit de Apple, c'est son orientation strat\u00e9gique. Avec ses propres processeurs Silicon, Apple s'est engag\u00e9 dans une voie qui se distingue nettement de beaucoup d'autres. La performance est \u00e9lev\u00e9e, l'int\u00e9gration \u00e9troite, et justement dans le domaine <a href=\"https:\/\/www.markus-schall.de\/fr\/2025\/08\/ki-local-sur-mac-donc-1tp12creez-un-modele-de-langage-avec-ollama\/\"><strong>IA locale<\/strong><\/a> Il s'agit l\u00e0 d'un ph\u00e9nom\u00e8ne qui devrait \u00eatre tr\u00e8s important \u00e0 long terme.<\/p>\n<p>Je pense que Apple jouera un r\u00f4le important dans ce domaine dans les ann\u00e9es \u00e0 venir. Pas n\u00e9cessairement par des produits individuels spectaculaires, mais par un d\u00e9veloppement cons\u00e9quent.<\/p>\n<p>Et peut-\u00eatre que cela correspond assez bien \u00e0 ce que l'on retrouve tout au long de cet article : moins de grands sauts, plus de d\u00e9veloppement continu.<\/p>\n<h3>Documentaire SWR : 50 ans de Apple entre vision et contr\u00f4le<\/h3>\n<p>Le nouveau documentaire de SWR retrace le parcours de Apple depuis ses d\u00e9buts dans les ann\u00e9es 1970 jusqu'au groupe mondial actuel, ajoutant ainsi une dimension sociale \u00e0 la vision de l'histoire de la technique. L'accent est mis sur l'\u00e9volution de l'antith\u00e8se rebelle au g\u00e9ant technologique \u00e9tabli. Le documentaire met en lumi\u00e8re l'ascension de Steve Jobs, sa vision sans compromis et les tensions internes qui ont marqu\u00e9 Apple.<\/p>\n<div class=\"lyte-wrapper\" style=\"width:640px;max-width:100%;margin:5px;\"><div class=\"lyMe\" id=\"WYL_2RHDPABWqL0\"><div id=\"lyte_2RHDPABWqL0\" data-src=\"https:\/\/www.markus-schall.de\/wp-content\/plugins\/wp-youtube-lyte\/lyteCache.php?origThumbUrl=%2F%2Fi.ytimg.com%2Fvi%2F2RHDPABWqL0%2Fhqdefault.jpg\" class=\"pL\"><div class=\"tC\"><div class=\"tT\"><\/div><\/div><div class=\"play\"><\/div><div class=\"ctrl\"><div class=\"Lctrl\"><\/div><div class=\"Rctrl\"><\/div><\/div><\/div><noscript><a href=\"https:\/\/youtu.be\/2RHDPABWqL0\" rel=\"nofollow noopener\" target=\"_blank\"><img loading=\"lazy\" decoding=\"async\" src=\"https:\/\/www.markus-schall.de\/wp-content\/plugins\/wp-youtube-lyte\/lyteCache.php?origThumbUrl=https%3A%2F%2Fi.ytimg.com%2Fvi%2F2RHDPABWqL0%2F0.jpg\" alt=\"Vignette de la vid\u00e9o YouTube\" width=\"640\" height=\"340\" \/><br \/>Lire cette vid\u00e9o sur YouTube<\/a><\/noscript><\/div><\/div><div class=\"lL\" style=\"max-width:100%;width:640px;margin:5px;\"><\/div><br \/>\n50 ans de Apple : comment le groupe iPhone a chang\u00e9 le monde | <a href=\"https:\/\/www.youtube.com\/channel\/UCK6jlnWA8t-XgUxwZJJHkQA\" target=\"_blank\" rel=\"nofollow noopener\">Documentaire SWR<\/a><\/p>\n<p>En m\u00eame temps, on voit clairement \u00e0 quel point les influences europ\u00e9ennes - par exemple dans le design et la typographie - ont contribu\u00e9 \u00e0 l'identit\u00e9 de l'entreprise. Des t\u00e9moins de l'\u00e9poque racontent de premi\u00e8re main les premi\u00e8res ann\u00e9es et la dynamique au sein des \u00e9quipes. La question critique de savoir si la technologie, autrefois con\u00e7ue comme lib\u00e9ratrice, contribue aujourd'hui de plus en plus au contr\u00f4le, est particuli\u00e8rement int\u00e9ressante. Le documentaire \u00e9largit ainsi le regard historique \u00e0 une mise en perspective sociale actuelle.<\/p>\n<h2>Le mus\u00e9e et le regard en arri\u00e8re<\/h2>\n<p><a href=\"https:\/\/computermuseum-oldenburg.de\" target=\"_blank\" rel=\"noopener\"><img loading=\"lazy\" decoding=\"async\" class=\"alignleft wp-image-5483\" src=\"https:\/\/www.markus-schall.de\/wp-content\/uploads\/OCM-Logo_2014_CS5_ohne_gruen-205x300.png\" alt=\"Mus\u00e9e de l&#039;informatique d&#039;Oldenburg\" width=\"136\" height=\"200\" srcset=\"https:\/\/www.markus-schall.de\/wp-content\/uploads\/OCM-Logo_2014_CS5_ohne_gruen-205x300.png 205w, https:\/\/www.markus-schall.de\/wp-content\/uploads\/OCM-Logo_2014_CS5_ohne_gruen-8x12.png 8w, https:\/\/www.markus-schall.de\/wp-content\/uploads\/OCM-Logo_2014_CS5_ohne_gruen.png 409w\" sizes=\"auto, (max-width: 136px) 100vw, 136px\" \/><\/a>Le regard port\u00e9 sur ces appareils n'est pas seulement th\u00e9orique. Il peut \u00eatre v\u00e9cu de mani\u00e8re tr\u00e8s concr\u00e8te - au mus\u00e9e de l'informatique d'Oldenburg. L'exposition Apple au mus\u00e9e sera ouverte le <strong>04 avril 2026 \u00e0 16 heures<\/strong> et court jusqu'en septembre 2026.<\/p>\n<p>Il y a donc suffisamment de temps pour voir l'\u00e9volution sur place - dans le calme et sans se presser. C'est justement lors de telles expositions qu'il vaut la peine de prendre son temps. Ne pas vouloir tout saisir tout de suite, mais laisser les diff\u00e9rents appareils agir sur soi.<\/p>\n<h3>Plus qu'un simple regard<\/h3>\n<p>En plus de l'exposition, des offres r\u00e9guli\u00e8res sont propos\u00e9es :<\/p>\n<ul>\n<li><strong>Visites guid\u00e9es publiques<\/strong> tous les vendredis de 17 \u00e0 19 heures, \u00e0 partir du 17 avril 2026<\/li>\n<li><strong>Apple-Talks<\/strong> un mercredi sur deux de 18 \u00e0 20 heures, \u00e0 partir du 15 avril 2026<\/li>\n<\/ul>\n<p>Ce sont des occasions o\u00f9 l'on ne fait pas que voir, mais o\u00f9 l'on comprend aussi. Et c'est souvent dans ce genre de conversations que naissent les classifications int\u00e9ressantes.<\/p>\n<h3>L'histoire de la technique \u00e0 port\u00e9e de main - le mus\u00e9e de l'informatique d'Oldenburg<\/h3>\n<p><img loading=\"lazy\" decoding=\"async\" class=\"alignnone size-full wp-image-5485\" src=\"https:\/\/www.markus-schall.de\/wp-content\/uploads\/OCM-Ausstellung-Panorama.jpg\" alt=\"\" width=\"1600\" height=\"435\" srcset=\"https:\/\/www.markus-schall.de\/wp-content\/uploads\/OCM-Ausstellung-Panorama.jpg 1024w, https:\/\/www.markus-schall.de\/wp-content\/uploads\/OCM-Ausstellung-Panorama-300x81.jpg 300w, https:\/\/www.markus-schall.de\/wp-content\/uploads\/OCM-Ausstellung-Panorama-768x209.jpg 768w, https:\/\/www.markus-schall.de\/wp-content\/uploads\/OCM-Ausstellung-Panorama-18x5.jpg 18w\" sizes=\"auto, (max-width: 1600px) 100vw, 1600px\" \/><\/p>\n<p>Le mus\u00e9e de l'informatique d'Oldenburg ne se consid\u00e8re pas comme un mus\u00e9e classique, mais comme un lieu vivant d'apprentissage et d'exp\u00e9rience autour de l'histoire des ordinateurs domestiques. Fond\u00e9 en 2008, il a pour objectif non seulement d'exposer la technique, mais aussi de la rendre tangible.<\/p>\n<p>L'accent est mis sur les ordinateurs, les consoles de jeu et les bornes d'arcade des ann\u00e9es 1970 \u00e0 1990, c'est-\u00e0-dire d'une \u00e9poque o\u00f9 de nombreux fondements du monde num\u00e9rique actuel ont \u00e9t\u00e9 pos\u00e9s. La particularit\u00e9 de cette exposition : Les appareils sont pr\u00eats \u00e0 fonctionner et peuvent \u00eatre express\u00e9ment utilis\u00e9s. Les visiteurs peuvent essayer des programmes, lancer des jeux et d\u00e9couvrir ainsi directement ce qu'\u00e9tait l'utilisation d'un ordinateur autrefois.<\/p>\n<p><img loading=\"lazy\" decoding=\"async\" class=\"alignnone size-full wp-image-5492\" src=\"https:\/\/www.markus-schall.de\/wp-content\/uploads\/OCM-Arcade-Panorama.jpg\" alt=\"OCM : Arcade\" width=\"2048\" height=\"636\" srcset=\"https:\/\/www.markus-schall.de\/wp-content\/uploads\/OCM-Arcade-Panorama.jpg 1024w, https:\/\/www.markus-schall.de\/wp-content\/uploads\/OCM-Arcade-Panorama-300x93.jpg 300w, https:\/\/www.markus-schall.de\/wp-content\/uploads\/OCM-Arcade-Panorama-768x239.jpg 768w, https:\/\/www.markus-schall.de\/wp-content\/uploads\/OCM-Arcade-Panorama-18x6.jpg 18w\" sizes=\"auto, (max-width: 2048px) 100vw, 2048px\" \/><\/p>\n<p>Le mus\u00e9e jette ainsi un pont entre le pass\u00e9 et le pr\u00e9sent. Il ne s'agit pas seulement de regarder avec nostalgie, mais de comprendre l'\u00e9volution technique - du graphisme et de la m\u00e9moire jusqu'\u00e0 l'utilisation. C'est justement cette approche interactive qui fait la diff\u00e9rence : on ne comprend pas l'histoire de mani\u00e8re th\u00e9orique, mais pratique.<\/p>\n<p>L'histoire de la technique devient ainsi une exp\u00e9rience directe - et les anciens appareils une partie compr\u00e9hensible de notre pr\u00e9sent num\u00e9rique.<\/p>\n<h2>Fin - ce qui reste<\/h2>\n<p>Si tu regardes tranquillement cette \u00e9volution, une chose te saute aux yeux : Une grande partie de ce qui semble aller de soi aujourd'hui n'est pas apparue soudainement. Cela s'est d\u00e9velopp\u00e9. Par petites \u00e9tapes, pendant de nombreuses ann\u00e9es.<\/p>\n<p>Des appareils comme l'Atari Portfolio, les premiers Macs, les PowerBooks ou m\u00eame le Newton ne repr\u00e9sentent pas la perfection. Ils repr\u00e9sentent des essais. Des id\u00e9es qui ont parfois fonctionn\u00e9 et parfois pas. Mais c'est pr\u00e9cis\u00e9ment de l\u00e0 qu'est n\u00e9 ce que nous utilisons aujourd'hui.<\/p>\n<p>Pour moi personnellement, le regard sur cette technique a chang\u00e9. Avant, il s'agissait davantage de la nouveaut\u00e9, de la rapidit\u00e9 et de la performance. Aujourd'hui, il est plus important pour moi que les choses fonctionnent. Qu'elles soient fiables. Que je puisse m'y fier.<\/p>\n<p>C'est peut-\u00eatre aussi la raison pour laquelle j'ai gard\u00e9 certains appareils. Non pas parce qu'ils \u00e9taient objectivement les meilleurs, mais parce qu'ils repr\u00e9sentent un moment particulier. Pour une phase au cours de laquelle quelque chose a chang\u00e9. C'est pr\u00e9cis\u00e9ment ce qui rend de telles collections - que ce soit dans un mus\u00e9e ou \u00e0 la maison - int\u00e9ressantes. Elles ne montrent pas seulement des appareils. Elles montrent des \u00e9volutions. Il y a 15 ans, j'avais d'ailleurs d\u00e9j\u00e0 <a href=\"https:\/\/www.markus-schall.de\/fr\/2011\/05\/exposition-35-ans-dordinateurs-apple-au-musee-de-linformatique-doldenburg\/\"><strong>Article sur le mus\u00e9e de l'informatique d'Oldenburg<\/strong><\/a> est r\u00e9dig\u00e9e.<\/p>\n<p>Au final, il reste peut-\u00eatre une id\u00e9e simple : toute nouveaut\u00e9 n'est pas automatiquement un progr\u00e8s. Et tout ce qui est plus ancien n'est pas pour autant obsol\u00e8te.<\/p>\n<p>Il vaut parfois la peine de faire un pas en arri\u00e8re - pour mieux comprendre o\u00f9 l'on se situe r\u00e9ellement aujourd'hui.<\/p>\n<hr \/>\n\n\t\t\t<div class=\"display-post-types\">\n\n\t\t\t\t\t\t\t<style type=\"text\/css\">\n\t\t\t#dpt-wrapper-995 { --dpt-text-align: left;--dpt-image-crop: center;--dpt-border-radius: 5px;--dpt-h-gutter: 10px;--dpt-v-gutter: 9px; }\t\t\t<\/style>\n\t\t\t<style type=\"text\/css\">#dpt-wrapper-995 { --dpt-title-font-style:normal;--dpt-title-font-weight:600;--dpt-title-line-height:1.5;--dpt-title-text-decoration:none;--dpt-title-text-transform:none;--dpt-excerpt-font-style:normal;--dpt-excerpt-font-weight:400;--dpt-excerpt-line-height:1.5;--dpt-excerpt-text-decoration:none;--dpt-excerpt-text-transform:none;--dpt-meta1-font-style:normal;--dpt-meta1-font-weight:400;--dpt-meta1-line-height:1.9;--dpt-meta1-text-decoration:none;--dpt-meta1-text-transform:none;--dpt-meta2-font-style:normal;--dpt-meta2-font-weight:400;--dpt-meta2-line-height:1.9;--dpt-meta2-text-decoration:none;--dpt-meta2-text-transform:none; }<\/style><div class=\"dpt-main-header\">\n\t\t\t\t\t\t<div class=\"dpt-main-title\">\n\t\t\t\t\t\t\t<span class=\"dpt-main-title-text\">Derniers articles sur l'intelligence artificielle<\/span>\n\t\t\t\t\t\t<\/div>\n\t\t\t\t\t\t\n\t\t\t\t\t\t\n\t\t\t\t\t\t\n\t\t\t\t\t\t<\/div>\t\t\t\n\t\t\t\t<div id=\"dpt-wrapper-995\" class=\"dpt-wrapper dpt-mag1 land1 dpt-cropped dpt-flex-wrap\" >\n\n\t\t\t\t\t\t\t\t\t\t\t<div class=\"dpt-entry has-thumbnail\" data-title=\"lokale ki auf dem mac: so installieren sie ein sprachmodell mit ollama\" data-id=\"2442\"  data-category=\"ki-systeme tipps &amp; anleitungen\" data-post_tag=\"datenschutz k\u00fcnstliche intelligenz llama llm mac mistral ollama sprachmodell\">\n\t\t\t\t\t\t\t<div class=\"dpt-entry-wrapper\"><div class=\"dpt-featured-content\"><div class=\"dpt-permalink\"><a href=\"https:\/\/www.markus-schall.de\/fr\/2025\/08\/ki-local-sur-mac-donc-1tp12creez-un-modele-de-langage-avec-ollama\/\" class=\"dpt-permalink\"><span class=\"screen-reader-text\">IA locale sur Mac : comment 1TP12Cr\u00e9er un mod\u00e8le linguistique avec Ollama<\/span><\/a><\/div><div class=\"dpt-thumbnail\"><div class=\"dpt-thumbnail-inner\"><img width=\"1024\" height=\"683\" class=\"attachment-full size-full\" alt=\"IA locale installier avec Ollama sur Mac\" context=\"dpt\" data-dpt-src=\"https:\/\/www.markus-schall.de\/wp-content\/uploads\/Lokale-KI-auf-Apple-Mac.jpg\" data-dpt-sizes=\"(max-width: 1024px) 100vw, 1024px\" data-dpt-srcset=\"https:\/\/www.markus-schall.de\/wp-content\/uploads\/Lokale-KI-auf-Apple-Mac.jpg 1024w, https:\/\/www.markus-schall.de\/wp-content\/uploads\/Lokale-KI-auf-Apple-Mac-300x200.jpg 300w, https:\/\/www.markus-schall.de\/wp-content\/uploads\/Lokale-KI-auf-Apple-Mac-768x512.jpg 768w, https:\/\/www.markus-schall.de\/wp-content\/uploads\/Lokale-KI-auf-Apple-Mac-18x12.jpg 18w\" \/><\/div><span class=\"dpt-thumbnail-aspect-ratio\" style=\"padding-top: 75%\"><\/span><\/div><\/div><div class=\"sub-entry\"><h3 class=\"dpt-title\"><a class=\"dpt-title-link\" href=\"https:\/\/www.markus-schall.de\/fr\/2025\/08\/ki-local-sur-mac-donc-1tp12creez-un-modele-de-langage-avec-ollama\/\" rel=\"bookmark\">IA locale sur Mac : comment 1TP12Cr\u00e9er un mod\u00e8le linguistique avec Ollama<\/a><\/h3><\/div><\/div>\n\t\t\t\t\t\t<\/div><!-- .dpt-entry -->\n\t\t\t\t\t\t\t\t\t\t\t\t<div class=\"dpt-entry has-thumbnail\" data-title=\"k\u00fcnstliche intelligenz: welche jobs in gefahr sind, und wie wir uns jetzt wappnen k\u00f6nnen\" data-id=\"2940\"  data-category=\"allgemein b\u00fccher gesellschaft ki-systeme\" data-post_tag=\"buch k\u00fcnstliche intelligenz llama llm mistral mlx ollama ratgeber sprachmodell\">\n\t\t\t\t\t\t\t<div class=\"dpt-entry-wrapper\"><div class=\"dpt-featured-content\"><div class=\"dpt-permalink\"><a href=\"https:\/\/www.markus-schall.de\/fr\/2025\/09\/lintelligence-artificielle-quels-sont-les-emplois-menaces-et-comment-sen-premunir\/\" class=\"dpt-permalink\"><span class=\"screen-reader-text\">Intelligence artificielle : quels sont les emplois menac\u00e9s et comment s'armer d\u00e8s maintenant ?<\/span><\/a><\/div><div class=\"dpt-thumbnail\"><div class=\"dpt-thumbnail-inner\"><img width=\"1024\" height=\"683\" class=\"attachment-full size-full\" alt=\"Quels emplois seront supprim\u00e9s \u00e0 l&#039;avenir par l&#039;IA\" context=\"dpt\" data-dpt-src=\"https:\/\/www.markus-schall.de\/wp-content\/uploads\/welche-jobs-fallen-durch-ki-weg.jpg\" data-dpt-sizes=\"(max-width: 1024px) 100vw, 1024px\" data-dpt-srcset=\"https:\/\/www.markus-schall.de\/wp-content\/uploads\/welche-jobs-fallen-durch-ki-weg.jpg 1024w, https:\/\/www.markus-schall.de\/wp-content\/uploads\/welche-jobs-fallen-durch-ki-weg-300x200.jpg 300w, https:\/\/www.markus-schall.de\/wp-content\/uploads\/welche-jobs-fallen-durch-ki-weg-768x512.jpg 768w, https:\/\/www.markus-schall.de\/wp-content\/uploads\/welche-jobs-fallen-durch-ki-weg-18x12.jpg 18w\" \/><\/div><span class=\"dpt-thumbnail-aspect-ratio\" style=\"padding-top: 75%\"><\/span><\/div><\/div><div class=\"sub-entry\"><h3 class=\"dpt-title\"><a class=\"dpt-title-link\" href=\"https:\/\/www.markus-schall.de\/fr\/2025\/09\/lintelligence-artificielle-quels-sont-les-emplois-menaces-et-comment-sen-premunir\/\" rel=\"bookmark\">Intelligence artificielle : quels sont les emplois menac\u00e9s et comment s'armer d\u00e8s maintenant ?<\/a><\/h3><\/div><\/div>\n\t\t\t\t\t\t<\/div><!-- .dpt-entry -->\n\t\t\t\t\t\t\t\t\t\t\t\t<div class=\"dpt-entry has-thumbnail\" data-title=\"k\u00fcnstliche intelligenz und energie: was der ki-boom wirklich kostet\" data-id=\"4590\"  data-category=\"allgemein hardware ki-systeme\" data-post_tag=\"energiepolitik europa geopolitik krisen k\u00fcnstliche intelligenz prozesse\">\n\t\t\t\t\t\t\t<div class=\"dpt-entry-wrapper\"><div class=\"dpt-featured-content\"><div class=\"dpt-permalink\"><a href=\"https:\/\/www.markus-schall.de\/fr\/2026\/01\/intelligence-artificielle-et-energie-ce-que-coute-vraiment-le-ki-boom\/\" class=\"dpt-permalink\"><span class=\"screen-reader-text\">Intelligence artificielle et \u00e9nergie : ce que le boom de l'IA co\u00fbte vraiment<\/span><\/a><\/div><div class=\"dpt-thumbnail\"><div class=\"dpt-thumbnail-inner\"><img width=\"1024\" height=\"683\" class=\"attachment-full size-full\" alt=\"IA, \u00e9nergie et durabilit\u00e9\" context=\"dpt\" data-dpt-src=\"https:\/\/www.markus-schall.de\/wp-content\/uploads\/KI-Energie-Nachhaltigkeit.jpg\" data-dpt-sizes=\"(max-width: 1024px) 100vw, 1024px\" data-dpt-srcset=\"https:\/\/www.markus-schall.de\/wp-content\/uploads\/KI-Energie-Nachhaltigkeit.jpg 1024w, https:\/\/www.markus-schall.de\/wp-content\/uploads\/KI-Energie-Nachhaltigkeit-300x200.jpg 300w, https:\/\/www.markus-schall.de\/wp-content\/uploads\/KI-Energie-Nachhaltigkeit-768x512.jpg 768w, https:\/\/www.markus-schall.de\/wp-content\/uploads\/KI-Energie-Nachhaltigkeit-18x12.jpg 18w\" \/><\/div><span class=\"dpt-thumbnail-aspect-ratio\" style=\"padding-top: 75%\"><\/span><\/div><\/div><div class=\"sub-entry\"><h3 class=\"dpt-title\"><a class=\"dpt-title-link\" href=\"https:\/\/www.markus-schall.de\/fr\/2026\/01\/intelligence-artificielle-et-energie-ce-que-coute-vraiment-le-ki-boom\/\" rel=\"bookmark\">Intelligence artificielle et \u00e9nergie : ce que le boom de l'IA co\u00fbte vraiment<\/a><\/h3><\/div><\/div>\n\t\t\t\t\t\t<\/div><!-- .dpt-entry -->\n\t\t\t\t\t\t\t\t\t\t\t\t<div class=\"dpt-entry has-thumbnail\" data-title=\"ki-studio 2025: welche hardware wirklich lohnt \u2013 vom mac studio bis zur rtx 3090\" data-id=\"3704\"  data-category=\"apple macos featured hardware ki-systeme\" data-post_tag=\"apple digitales eigentum k\u00fcnstliche intelligenz llm mlx neo4j sprachmodell\">\n\t\t\t\t\t\t\t<div class=\"dpt-entry-wrapper\"><div class=\"dpt-featured-content\"><div class=\"dpt-permalink\"><a href=\"https:\/\/www.markus-schall.de\/fr\/2025\/11\/ki-studio-2025-quel-materiel-vaut-vraiment-la-peine-du-mac-studio-a-la-rtx-3090\/\" class=\"dpt-permalink\"><span class=\"screen-reader-text\">Studio d'IA 2025 : quel mat\u00e9riel vaut vraiment la peine - du Mac Studio \u00e0 la RTX 3090<\/span><\/a><\/div><div class=\"dpt-thumbnail\"><div class=\"dpt-thumbnail-inner\"><img width=\"1024\" height=\"683\" class=\"attachment-full size-full\" alt=\"Mat\u00e9riel 2025 pour studio d&#039;IA\" context=\"dpt\" data-dpt-src=\"https:\/\/www.markus-schall.de\/wp-content\/uploads\/KI-Studio-Hardware-2025.jpg\" data-dpt-sizes=\"(max-width: 1024px) 100vw, 1024px\" data-dpt-srcset=\"https:\/\/www.markus-schall.de\/wp-content\/uploads\/KI-Studio-Hardware-2025.jpg 1024w, https:\/\/www.markus-schall.de\/wp-content\/uploads\/KI-Studio-Hardware-2025-300x200.jpg 300w, https:\/\/www.markus-schall.de\/wp-content\/uploads\/KI-Studio-Hardware-2025-768x512.jpg 768w, https:\/\/www.markus-schall.de\/wp-content\/uploads\/KI-Studio-Hardware-2025-18x12.jpg 18w\" \/><\/div><span class=\"dpt-thumbnail-aspect-ratio\" style=\"padding-top: 75%\"><\/span><\/div><\/div><div class=\"sub-entry\"><h3 class=\"dpt-title\"><a class=\"dpt-title-link\" href=\"https:\/\/www.markus-schall.de\/fr\/2025\/11\/ki-studio-2025-quel-materiel-vaut-vraiment-la-peine-du-mac-studio-a-la-rtx-3090\/\" rel=\"bookmark\">Studio d'IA 2025 : quel mat\u00e9riel vaut vraiment la peine - du Mac Studio \u00e0 la RTX 3090<\/a><\/h3><\/div><\/div>\n\t\t\t\t\t\t<\/div><!-- .dpt-entry -->\n\t\t\t\t\t\t\n\t\t\t\t<\/div>\n\t\t\t\t\t\t<\/div>\n\t\t\t\n<hr \/>\n<h2>Foire aux questions<\/h2>\n<ol>\n<li><strong>D'o\u00f9 vient ta collection de vieux appareils informatiques ?<\/strong><br \/>\nLa collection n'a pas \u00e9t\u00e9 cr\u00e9\u00e9e sp\u00e9cifiquement en tant que \u201emus\u00e9e\u201c, mais s'est d\u00e9velopp\u00e9e au fil de nombreuses ann\u00e9es. De nombreux appareils datent de phases o\u00f9 ils \u00e9taient utilis\u00e9s activement, que ce soit \u00e0 titre professionnel ou priv\u00e9. D'autres ont \u00e9t\u00e9 ajout\u00e9s plus tard, parce qu'ils \u00e9taient techniquement int\u00e9ressants ou avaient une histoire particuli\u00e8re. Avec le temps, on s'aper\u00e7oit alors que l'on ne se s\u00e9pare plus de certains appareils, mais qu'on les garde d\u00e9lib\u00e9r\u00e9ment. Pas par passion de la collection au sens classique du terme, mais parce qu'ils repr\u00e9sentent certaines \u00e9volutions. C'est pr\u00e9cis\u00e9ment de cela que na\u00eet un jour une collection qui est plus qu'une simple accumulation de vieux mat\u00e9riel.<\/li>\n<li><strong>Pourquoi l'article commence-t-il par le portfolio Atari et non directement par Apple ?<\/strong><br \/>\nL'Atari Portfolio est une entr\u00e9e en mati\u00e8re d\u00e9lib\u00e9r\u00e9ment choisie, car il repr\u00e9sente un contraste important. Il montre que l'id\u00e9e d'ordinateurs mobiles existait d\u00e9j\u00e0 en germe avant Apple - mais d'une mani\u00e8re tr\u00e8s fonctionnelle et r\u00e9duite. Ce n'est que gr\u00e2ce \u00e0 cette comparaison que l'on comprend mieux la voie diff\u00e9rente que Apple a emprunt\u00e9e par la suite. L'entr\u00e9e par le portfolio rend l'\u00e9volution plus compr\u00e9hensible et \u00e9vite que l'article ne ressemble \u00e0 une simple r\u00e9trospective de Apple.<\/li>\n<li><strong>Qu'est-ce qui \u00e9tait si sp\u00e9cial dans le portfolio Atari \u00e0 l'\u00e9poque ?<\/strong><br \/>\nL'Atari Portfolio a \u00e9t\u00e9 l'un des premiers ordinateurs vraiment portables, que l'on pouvait utiliser sans autre accessoire. Il tenait dans la poche d'une veste, fonctionnait de mani\u00e8re autonome et permettait d'utiliser des applications bureautiques simples comme le traitement de texte ou la planification de rendez-vous. Cela ne semble pas tr\u00e8s spectaculaire aujourd'hui, mais \u00e0 l'\u00e9poque, c'\u00e9tait un grand pas en avant vers l'utilisation mobile. C'est surtout l'ind\u00e9pendance par rapport au poste de travail fixe qui \u00e9tait nouvelle et qui a chang\u00e9 durablement le regard sur les ordinateurs.<\/li>\n<li><strong>Pourquoi as-tu eu une exp\u00e9rience n\u00e9gative au d\u00e9but avec la premi\u00e8re calculatrice Apple ?<\/strong><br \/>\nSur le papier, le Performa 5200 \u00e9tait un ordinateur moderne \u00e9quip\u00e9 d'un processeur PowerPC. Dans la pratique, il n'\u00e9tait pas aussi rapide qu'on l'aurait cru. Par rapport aux syst\u00e8mes plus anciens, beaucoup de choses semblaient plus lentes. Cet \u00e9cart entre l'innovation technique et l'exp\u00e9rience d'utilisation r\u00e9elle a \u00e9t\u00e9 d\u00e9terminant. Il a eu pour cons\u00e9quence que les nouvelles technologies n'\u00e9taient pas automatiquement per\u00e7ues comme un progr\u00e8s, mais devaient toujours \u00eatre v\u00e9rifi\u00e9es au quotidien.<\/li>\n<li><strong>Qu'est-ce qui a rendu le Quadra 840AV meilleur que le Performa pour toi ?<\/strong><br \/>\nLe Quadra 840AV \u00e9tait certes techniquement plus ancien, mais il semblait nettement plus direct et plus stable au quotidien. La vitesse de r\u00e9action, le sentiment g\u00e9n\u00e9ral lors de l'utilisation - tout cela \u00e9tait plus convaincant. Il s'agissait moins de donn\u00e9es de performance pures que de l'interaction entre le mat\u00e9riel et le logiciel. C'est justement cette interaction qui est souvent plus d\u00e9cisive que les innovations techniques individuelles.<\/li>\n<li><strong>Pourquoi les PowerBooks sont-ils si importants pour le d\u00e9veloppement ?<\/strong><br \/>\nLes PowerBooks montrent tr\u00e8s bien comment la technologie s'am\u00e9liore au fil des g\u00e9n\u00e9rations, sans que chaque mod\u00e8le ne soit un nouveau d\u00e9part complet. De petites adaptations du bo\u00eetier, de l'utilisation et de la structure ont permis aux appareils de s'am\u00e9liorer au quotidien. Ce type d'\u00e9volution est moins spectaculaire que les grands sauts, mais souvent plus durable \u00e0 long terme.<\/li>\n<li><strong>Quelle \u00e9tait l'id\u00e9e derri\u00e8re le Newton et pourquoi a-t-il \u00e9chou\u00e9 ?<\/strong><br \/>\nLe Newton devait \u00eatre un assistant num\u00e9rique personnel - avec reconnaissance de l'\u00e9criture, gestion des rendez-vous et utilisation mobile. L'id\u00e9e \u00e9tait tr\u00e8s en avance sur son temps. Le probl\u00e8me r\u00e9sidait moins dans le concept que dans sa mise en \u0153uvre. La technique n'\u00e9tait pas encore assez m\u00fbre, l'utilisation \u00e9tait inhabituelle pour beaucoup et les attentes n'ont pas toujours \u00e9t\u00e9 satisfaites. R\u00e9trospectivement, le Newton n'\u00e9tait pas un \u00e9chec, mais une tentative trop pr\u00e9coce.<\/li>\n<li><strong>Qu'est-ce qui rend le Notephone de Siemens si particulier ?<\/strong><br \/>\nLe Notephone de Siemens est particulier parce qu'il combine la technologie Apple et un autre fabricant. Il est bas\u00e9 sur la technologie Newton, mais ne se pr\u00e9sente pas comme un appareil Apple classique. De tels d\u00e9veloppements hybrides sont rares et montrent \u00e0 quel point le paysage technologique \u00e9tait en partie ouvert \u00e0 l'\u00e9poque. A cela s'ajoute la faible diffusion de l'appareil, qui en fait aujourd'hui une v\u00e9ritable pi\u00e8ce unique.<\/li>\n<li><strong>Pourquoi accordes-tu autant d'importance au toucher des appareils ?<\/strong><br \/>\nL'haptique est un aspect souvent sous-estim\u00e9. C'est elle qui d\u00e9termine la sensation d'un appareil au quotidien. Le poids, les mat\u00e9riaux, les touches - tous ces \u00e9l\u00e9ments influencent l'utilisation plus qu'on ne le pense au premier abord. C'est justement sur les appareils plus anciens que l'on remarque qu'ils ont \u00e9t\u00e9 construits diff\u00e9remment. Pas forc\u00e9ment mieux ou moins bien, mais avec un objectif diff\u00e9rent.<\/li>\n<li><strong>Qu'est-ce qui a chang\u00e9 pour Apple avec le G4 Cube ?<\/strong><br \/>\nAvec le G4 Cube, il \u00e9tait clair que Apple avait commenc\u00e9 \u00e0 consid\u00e9rer le design comme un facteur \u00e0 part enti\u00e8re. L'ordinateur n'\u00e9tait pas seulement un outil, mais aussi un objet. La forme, les mat\u00e9riaux et la pr\u00e9sentation \u00e9taient davantage mis en avant. C'\u00e9tait un pas en avant pour passer de la fonction pure \u00e0 une conception consciente de la technique.<\/li>\n<li><strong>Pourquoi l'iBook G4 a-t-il \u00e9t\u00e9 une transition importante ?<\/strong><br \/>\nL'iBook G4 repr\u00e9sente le moment o\u00f9 les ordinateurs sont d\u00e9finitivement entr\u00e9s dans la vie quotidienne. Il \u00e9tait plus accessible, moins technique dans son apparence et donc adapt\u00e9 \u00e0 un groupe cible plus large. En m\u00eame temps, il anticipait de nombreux \u00e9l\u00e9ments des appareils modernes. Il relie l'ancien monde Apple \u00e0 ce qui est devenu \u00e9vident par la suite.<\/li>\n<li><strong>Pourquoi as-tu fait des allers-retours entre le Apple et Windows ?<\/strong><br \/>\nLe changement \u00e9tait g\u00e9n\u00e9ralement justifi\u00e9 de mani\u00e8re pragmatique. Selon l'environnement et les exigences, l'un ou l'autre syst\u00e8me \u00e9tait plus judicieux. Ces changements permettent d'avoir une vision plus large des deux mondes. On apprend \u00e0 reconna\u00eetre les forces et les faiblesses sans se fixer sur un c\u00f4t\u00e9. Cette exp\u00e9rience est souvent plus pr\u00e9cieuse qu'une appartenance claire \u00e0 un camp.<\/li>\n<li><strong>Qu'as-tu retenu de ton exp\u00e9rience d'administrateur Windows ?<\/strong><br \/>\nLe travail d'administrateur a cr\u00e9\u00e9 une compr\u00e9hension technique de base qui est encore utile aujourd'hui. On apprend non seulement \u00e0 utiliser les syst\u00e8mes, mais aussi \u00e0 les comprendre. Analyser les probl\u00e8mes, reconna\u00eetre les relations et d\u00e9velopper des solutions. Ces connaissances aident \u00e9galement \u00e0 travailler avec d'autres plateformes.<\/li>\n<li><strong>Pourquoi travailles-tu quand m\u00eame aujourd'hui principalement avec Apple ?<\/strong><br \/>\nAu fil des ann\u00e9es, il s'est av\u00e9r\u00e9 que la combinaison de mat\u00e9riel et de logiciels de Apple fonctionne le mieux pour mon travail quotidien. Les syst\u00e8mes sont stables, bien int\u00e9gr\u00e9s et peuvent \u00eatre utilis\u00e9s efficacement. Cela ne veut pas dire qu'ils sont parfaits, mais dans l'ensemble, ils conviennent le mieux \u00e0 mes besoins.<\/li>\n<li><strong>Qu'est-ce que tu veux dire par \u201eamour-haine\u201c pour Apple ?<\/strong><br \/>\nL\u201e\u201camour-haine\" d\u00e9crit la tension entre reconnaissance et critique. D'une part, les produits sont techniquement convaincants, mais d'autre part, l'entreprise a beaucoup chang\u00e9. Les processus sont plus standardis\u00e9s, les d\u00e9cisions ont souvent un caract\u00e8re plus commercial. On aime travailler avec les appareils, mais on porte en m\u00eame temps un regard critique sur les d\u00e9veloppements.<\/li>\n<li><strong>Pourquoi es-tu r\u00e9ticent \u00e0 mettre \u00e0 jour ton syst\u00e8me d'exploitation ?<\/strong><br \/>\nPour moi, la stabilit\u00e9 est plus importante que les innovations permanentes. Si un syst\u00e8me fonctionne de mani\u00e8re fiable, je ne vois aucune raison de le modifier imm\u00e9diatement. Les mises \u00e0 jour n'apportent pas seulement des am\u00e9liorations, mais aussi de nouvelles erreurs ou des changements. C'est pourquoi j'attends d\u00e9lib\u00e9r\u00e9ment et ne d\u00e9ploie de nouvelles versions que lorsqu'elles ont fait leurs preuves.<\/li>\n<li><strong>Que signifie la phrase \u201eApple n'est pas ton ami\u201c ?<\/strong><br \/>\nCette phrase est tir\u00e9e de la pratique et d\u00e9crit une r\u00e9alit\u00e9 sobre. Apple est une entreprise avec des int\u00e9r\u00eats \u00e9conomiques, pas un partenaire personnel. Si l'on comprend cela, on peut mieux classer les d\u00e9cisions et d\u00e9velopper des attentes plus r\u00e9alistes. Cela permet d'\u00e9viter les d\u00e9ceptions.<\/li>\n<li><strong>Comment vois-tu l'avenir de Apple, en particulier dans le domaine de l'IA ?<\/strong><br \/>\nApple a cr\u00e9\u00e9 une tr\u00e8s bonne base avec ses propres processeurs. L'int\u00e9gration du mat\u00e9riel et des logiciels permet d'obtenir des syst\u00e8mes performants, particuli\u00e8rement int\u00e9ressants pour les applications locales d'IA. J'y vois un grand potentiel, pr\u00e9cis\u00e9ment parce que Apple adopte une approche diff\u00e9rente de celle de nombreux concurrents.<\/li>\n<li><strong>Pourquoi une visite au mus\u00e9e de l'informatique d'Oldenburg vaut-elle la peine ?<\/strong><br \/>\nLe mus\u00e9e offre la possibilit\u00e9 de ne pas seulement voir la technique, mais de la vivre. De nombreux appareils sont fonctionnels et peuvent \u00eatre directement essay\u00e9s. Il en r\u00e9sulte une toute autre compr\u00e9hension de l'\u00e9volution de la technique informatique. L'exposition Apple est une occasion suppl\u00e9mentaire de s'int\u00e9resser de plus pr\u00e8s \u00e0 ce sujet.<\/li>\n<li><strong>Quelles le\u00e7ons peut-on tirer de l'histoire des ordinateurs pour aujourd'hui ?<\/strong><br \/>\nLa conclusion la plus importante est peut-\u00eatre que le progr\u00e8s se d\u00e9roule rarement en ligne droite. De nombreuses id\u00e9es apparaissent t\u00f4t, disparaissent et reviennent plus tard sous une forme am\u00e9lior\u00e9e. Un regard sur le pass\u00e9 permet de mieux situer les d\u00e9veloppements actuels et de ne pas sur\u00e9valuer imm\u00e9diatement chaque nouveaut\u00e9.<\/li>\n<\/ol>\n<hr \/>\n\n\t\t\t<div class=\"display-post-types\">\n\n\t\t\t\t\t\t\t<style type=\"text\/css\">\n\t\t\t#dpt-wrapper-996 { --dpt-text-align: left;--dpt-image-crop: center;--dpt-border-radius: 5px;--dpt-h-gutter: 10px;--dpt-v-gutter: 9px; }\t\t\t<\/style>\n\t\t\t<style type=\"text\/css\">#dpt-wrapper-996 { --dpt-title-font-style:normal;--dpt-title-font-weight:600;--dpt-title-line-height:1.5;--dpt-title-text-decoration:none;--dpt-title-text-transform:none;--dpt-excerpt-font-style:normal;--dpt-excerpt-font-weight:400;--dpt-excerpt-line-height:1.5;--dpt-excerpt-text-decoration:none;--dpt-excerpt-text-transform:none;--dpt-meta1-font-style:normal;--dpt-meta1-font-weight:400;--dpt-meta1-line-height:1.9;--dpt-meta1-text-decoration:none;--dpt-meta1-text-transform:none;--dpt-meta2-font-style:normal;--dpt-meta2-font-weight:400;--dpt-meta2-line-height:1.9;--dpt-meta2-text-decoration:none;--dpt-meta2-text-transform:none; }<\/style><div class=\"dpt-main-header\">\n\t\t\t\t\t\t<div class=\"dpt-main-title\">\n\t\t\t\t\t\t\t<span class=\"dpt-main-title-text\">Derniers articles sur Art &amp; Culture<\/span>\n\t\t\t\t\t\t<\/div>\n\t\t\t\t\t\t\n\t\t\t\t\t\t\n\t\t\t\t\t\t\n\t\t\t\t\t\t<\/div>\t\t\t\n\t\t\t\t<div id=\"dpt-wrapper-996\" class=\"dpt-wrapper dpt-mag1 land1 dpt-cropped dpt-flex-wrap\" >\n\n\t\t\t\t\t\t\t\t\t\t\t<div class=\"dpt-entry has-thumbnail\" data-title=\"cancel culture im westen: sport, universit\u00e4ten, milit\u00e4r und eu-sanktionen analysiert\" data-id=\"5009\"  data-category=\"allgemein gesellschaft kunst &amp; kultur\" data-post_tag=\"denkmodelle deutschland europa geopolitik krisen meinungsfreiheit sicherheitspolitik spieltheorie\">\n\t\t\t\t\t\t\t<div class=\"dpt-entry-wrapper\"><div class=\"dpt-featured-content\"><div class=\"dpt-permalink\"><a href=\"https:\/\/www.markus-schall.de\/fr\/2026\/02\/cancel-culture-en-occident-sport-universites-militaires-et-sanctions-de-lue-analysees\/\" class=\"dpt-permalink\"><span class=\"screen-reader-text\">Cancel Culture en Occident : sport, universit\u00e9s, arm\u00e9e et sanctions de l'UE analys\u00e9s<\/span><\/a><\/div><div class=\"dpt-thumbnail\"><div class=\"dpt-thumbnail-inner\"><img width=\"1024\" height=\"683\" class=\"attachment-full size-full\" alt=\"Cancel Culture \u00e0 l&#039;Ouest\" context=\"dpt\" data-dpt-src=\"https:\/\/www.markus-schall.de\/wp-content\/uploads\/Cancel-Culture-Westen.jpg\" data-dpt-sizes=\"(max-width: 1024px) 100vw, 1024px\" data-dpt-srcset=\"https:\/\/www.markus-schall.de\/wp-content\/uploads\/Cancel-Culture-Westen.jpg 1024w, https:\/\/www.markus-schall.de\/wp-content\/uploads\/Cancel-Culture-Westen-300x200.jpg 300w, https:\/\/www.markus-schall.de\/wp-content\/uploads\/Cancel-Culture-Westen-768x512.jpg 768w, https:\/\/www.markus-schall.de\/wp-content\/uploads\/Cancel-Culture-Westen-18x12.jpg 18w\" \/><\/div><span class=\"dpt-thumbnail-aspect-ratio\" style=\"padding-top: 75%\"><\/span><\/div><\/div><div class=\"sub-entry\"><h3 class=\"dpt-title\"><a class=\"dpt-title-link\" href=\"https:\/\/www.markus-schall.de\/fr\/2026\/02\/cancel-culture-en-occident-sport-universites-militaires-et-sanctions-de-lue-analysees\/\" rel=\"bookmark\">Cancel Culture en Occident : sport, universit\u00e9s, arm\u00e9e et sanctions de l'UE analys\u00e9s<\/a><\/h3><\/div><\/div>\n\t\t\t\t\t\t<\/div><!-- .dpt-entry -->\n\t\t\t\t\t\t\t\t\t\t\t\t<div class=\"dpt-entry has-thumbnail\" data-title=\"dieter bohlen im klartext: warum deutschland an der eigenen b\u00fcrokratie scheitert\" data-id=\"3546\"  data-category=\"allgemein b\u00fccher gesellschaft kunst &amp; kultur\" data-post_tag=\"buch deutschland erfahrungen krisen meinungsfreiheit musik\">\n\t\t\t\t\t\t\t<div class=\"dpt-entry-wrapper\"><div class=\"dpt-featured-content\"><div class=\"dpt-permalink\"><a href=\"https:\/\/www.markus-schall.de\/fr\/2025\/11\/dieter-bohlen-explique-clairement-pourquoi-lallemagne-echoue-a-cause-de-sa-propre-bureaucratie\/\" class=\"dpt-permalink\"><span class=\"screen-reader-text\">Dieter Bohlen en clair : pourquoi l'Allemagne \u00e9choue \u00e0 cause de sa propre bureaucratie<\/span><\/a><\/div><div class=\"dpt-thumbnail\"><div class=\"dpt-thumbnail-inner\"><img width=\"1536\" height=\"1024\" class=\"attachment-full size-full\" alt=\"Dieter Bohlen s&#039;entretient avec Dominik Kettner\" context=\"dpt\" data-dpt-src=\"https:\/\/www.markus-schall.de\/wp-content\/uploads\/bohlen-kettner-germany.jpg\" data-dpt-sizes=\"(max-width: 1536px) 100vw, 1536px\" data-dpt-srcset=\"https:\/\/www.markus-schall.de\/wp-content\/uploads\/bohlen-kettner-germany.jpg 1536w, https:\/\/www.markus-schall.de\/wp-content\/uploads\/bohlen-kettner-germany-300x200.jpg 300w, https:\/\/www.markus-schall.de\/wp-content\/uploads\/bohlen-kettner-germany-1024x683.jpg 1024w, https:\/\/www.markus-schall.de\/wp-content\/uploads\/bohlen-kettner-germany-768x512.jpg 768w, https:\/\/www.markus-schall.de\/wp-content\/uploads\/bohlen-kettner-germany-18x12.jpg 18w\" \/><\/div><span class=\"dpt-thumbnail-aspect-ratio\" style=\"padding-top: 75%\"><\/span><\/div><\/div><div class=\"sub-entry\"><h3 class=\"dpt-title\"><a class=\"dpt-title-link\" href=\"https:\/\/www.markus-schall.de\/fr\/2025\/11\/dieter-bohlen-explique-clairement-pourquoi-lallemagne-echoue-a-cause-de-sa-propre-bureaucratie\/\" rel=\"bookmark\">Dieter Bohlen en clair : pourquoi l'Allemagne \u00e9choue \u00e0 cause de sa propre bureaucratie<\/a><\/h3><\/div><\/div>\n\t\t\t\t\t\t<\/div><!-- .dpt-entry -->\n\t\t\t\t\t\t\t\t\t\t\t\t<div class=\"dpt-entry has-thumbnail\" data-title=\"mehr als punk: nina hagen, cosma shiva und die kunst, sich nicht vereinnahmen zu lassen\" data-id=\"4521\"  data-category=\"allgemein gesellschaft kunst &amp; kultur\" data-post_tag=\"auswandern deutschland erfahrungen europa krisen meinungsfreiheit musik portrait\">\n\t\t\t\t\t\t\t<div class=\"dpt-entry-wrapper\"><div class=\"dpt-featured-content\"><div class=\"dpt-permalink\"><a href=\"https:\/\/www.markus-schall.de\/fr\/2026\/01\/plus-que-du-punk-nina-hagen-cosma-shiva-et-lart-de-ne-pas-se-laisser-accaparer\/\" class=\"dpt-permalink\"><span class=\"screen-reader-text\">Plus que du punk : Nina Hagen, Cosma Shiva et l'art de ne pas se laisser accaparer<\/span><\/a><\/div><div class=\"dpt-thumbnail\"><div class=\"dpt-thumbnail-inner\"><img width=\"1024\" height=\"683\" class=\"attachment-full size-full\" alt=\"Portrait de Nina et Cosma Shiva Hagen\" context=\"dpt\" data-dpt-src=\"https:\/\/www.markus-schall.de\/wp-content\/uploads\/Nina-Cosma-Shiva-Hagen-Titel.jpg\" data-dpt-sizes=\"(max-width: 1024px) 100vw, 1024px\" data-dpt-srcset=\"https:\/\/www.markus-schall.de\/wp-content\/uploads\/Nina-Cosma-Shiva-Hagen-Titel.jpg 1024w, https:\/\/www.markus-schall.de\/wp-content\/uploads\/Nina-Cosma-Shiva-Hagen-Titel-300x200.jpg 300w, https:\/\/www.markus-schall.de\/wp-content\/uploads\/Nina-Cosma-Shiva-Hagen-Titel-768x512.jpg 768w, https:\/\/www.markus-schall.de\/wp-content\/uploads\/Nina-Cosma-Shiva-Hagen-Titel-18x12.jpg 18w\" \/><\/div><span class=\"dpt-thumbnail-aspect-ratio\" style=\"padding-top: 75%\"><\/span><\/div><\/div><div class=\"sub-entry\"><h3 class=\"dpt-title\"><a class=\"dpt-title-link\" href=\"https:\/\/www.markus-schall.de\/fr\/2026\/01\/plus-que-du-punk-nina-hagen-cosma-shiva-et-lart-de-ne-pas-se-laisser-accaparer\/\" rel=\"bookmark\">Plus que du punk : Nina Hagen, Cosma Shiva et l'art de ne pas se laisser accaparer<\/a><\/h3><\/div><\/div>\n\t\t\t\t\t\t<\/div><!-- .dpt-entry -->\n\t\t\t\t\t\t\t\t\t\t\t\t<div class=\"dpt-entry has-thumbnail\" data-title=\"warum dieter bohlen spricht, wenn andere schweigen: ein portr\u00e4t \u00fcber flei\u00df und klarheit\" data-id=\"3744\"  data-category=\"allgemein gesellschaft kunst &amp; kultur\" data-post_tag=\"auswandern deutschland erfahrungen krisen meinungsfreiheit musik portrait\">\n\t\t\t\t\t\t\t<div class=\"dpt-entry-wrapper\"><div class=\"dpt-featured-content\"><div class=\"dpt-permalink\"><a href=\"https:\/\/www.markus-schall.de\/fr\/2025\/12\/pourquoi-dieter-bohlen-parle-quand-dautres-se-taisent-un-portrait-sur-le-travail-et-la-clarte\/\" class=\"dpt-permalink\"><span class=\"screen-reader-text\">Pourquoi Dieter Bohlen parle quand les autres se taisent : Un portrait sur l'assiduit\u00e9 et la clart\u00e9<\/span><\/a><\/div><div class=\"dpt-thumbnail\"><div class=\"dpt-thumbnail-inner\"><img width=\"1024\" height=\"683\" class=\"attachment-full size-full\" alt=\"\" context=\"dpt\" data-dpt-src=\"https:\/\/www.markus-schall.de\/wp-content\/uploads\/Dieter-Bohlen-Portrait.jpg\" data-dpt-sizes=\"(max-width: 1024px) 100vw, 1024px\" data-dpt-srcset=\"https:\/\/www.markus-schall.de\/wp-content\/uploads\/Dieter-Bohlen-Portrait.jpg 1024w, https:\/\/www.markus-schall.de\/wp-content\/uploads\/Dieter-Bohlen-Portrait-300x200.jpg 300w, https:\/\/www.markus-schall.de\/wp-content\/uploads\/Dieter-Bohlen-Portrait-768x512.jpg 768w, https:\/\/www.markus-schall.de\/wp-content\/uploads\/Dieter-Bohlen-Portrait-18x12.jpg 18w\" \/><\/div><span class=\"dpt-thumbnail-aspect-ratio\" style=\"padding-top: 75%\"><\/span><\/div><\/div><div class=\"sub-entry\"><h3 class=\"dpt-title\"><a class=\"dpt-title-link\" href=\"https:\/\/www.markus-schall.de\/fr\/2025\/12\/pourquoi-dieter-bohlen-parle-quand-dautres-se-taisent-un-portrait-sur-le-travail-et-la-clarte\/\" rel=\"bookmark\">Pourquoi Dieter Bohlen parle quand les autres se taisent : Un portrait sur l'assiduit\u00e9 et la clart\u00e9<\/a><\/h3><\/div><\/div>\n\t\t\t\t\t\t<\/div><!-- .dpt-entry -->\n\t\t\t\t\t\t\n\t\t\t\t<\/div>\n\t\t\t\t\t\t<\/div>\n\t\t\t\n<hr \/>","protected":false},"excerpt":{"rendered":"<p>Si tu t'int\u00e9resses \u00e0 l'histoire de l'informatique, un coup d'\u0153il au mus\u00e9e de l'informatique d'Oldenburg vaut particuli\u00e8rement la peine. Le mus\u00e9e fait partie de ces lieux qui n'ont pas besoin d'\u00eatre bruyants pour laisser une impression et propose \u00e0 partir d'avril une exposition sp\u00e9ciale intitul\u00e9e \u201e50 ans d'ordinateurs Apple\u201c. Depuis de nombreuses ann\u00e9es, la technique n'y est pas seulement expos\u00e9e, mais maintenue vivante. ... <a title=\"Pourquoi Dieter Bohlen parle quand les autres se taisent : Un portrait sur l&#039;assiduit\u00e9 et la clart\u00e9\" class=\"read-more\" href=\"https:\/\/www.markus-schall.de\/fr\/2025\/12\/pourquoi-dieter-bohlen-parle-quand-dautres-se-taisent-un-portrait-sur-le-travail-et-la-clarte\/\" aria-label=\"En savoir plus sur Pourquoi Dieter Bohlen parle quand les autres se taisent : Un portrait sur l&#039;assiduit\u00e9 et la clart\u00e9\">Lire la suite<\/a><\/p>","protected":false},"author":1,"featured_media":5497,"comment_status":"open","ping_status":"open","sticky":false,"template":"","format":"standard","meta":{"iawp_total_views":89,"footnotes":""},"categories":[1,40,15,147,472,235],"tags":[10,458,410,11,442,460],"class_list":["post-5480","post","type-post","status-publish","format-standard","has-post-thumbnail","hentry","category-allgemein","category-apple-iphone-ipad","category-apple-macos","category-hardware","category-kunst-kultur","category-stories-humor","tag-apple","tag-erfahrungen","tag-filemaker","tag-mac","tag-prozesse","tag-publishing"],"_links":{"self":[{"href":"https:\/\/www.markus-schall.de\/fr\/wp-json\/wp\/v2\/posts\/5480","targetHints":{"allow":["GET"]}}],"collection":[{"href":"https:\/\/www.markus-schall.de\/fr\/wp-json\/wp\/v2\/posts"}],"about":[{"href":"https:\/\/www.markus-schall.de\/fr\/wp-json\/wp\/v2\/types\/post"}],"author":[{"embeddable":true,"href":"https:\/\/www.markus-schall.de\/fr\/wp-json\/wp\/v2\/users\/1"}],"replies":[{"embeddable":true,"href":"https:\/\/www.markus-schall.de\/fr\/wp-json\/wp\/v2\/comments?post=5480"}],"version-history":[{"count":21,"href":"https:\/\/www.markus-schall.de\/fr\/wp-json\/wp\/v2\/posts\/5480\/revisions"}],"predecessor-version":[{"id":5865,"href":"https:\/\/www.markus-schall.de\/fr\/wp-json\/wp\/v2\/posts\/5480\/revisions\/5865"}],"wp:featuredmedia":[{"embeddable":true,"href":"https:\/\/www.markus-schall.de\/fr\/wp-json\/wp\/v2\/media\/5497"}],"wp:attachment":[{"href":"https:\/\/www.markus-schall.de\/fr\/wp-json\/wp\/v2\/media?parent=5480"}],"wp:term":[{"taxonomy":"category","embeddable":true,"href":"https:\/\/www.markus-schall.de\/fr\/wp-json\/wp\/v2\/categories?post=5480"},{"taxonomy":"post_tag","embeddable":true,"href":"https:\/\/www.markus-schall.de\/fr\/wp-json\/wp\/v2\/tags?post=5480"}],"curies":[{"name":"wp","href":"https:\/\/api.w.org\/{rel}","templated":true}]}}