{"id":5882,"date":"2026-05-01T04:23:58","date_gmt":"2026-05-01T04:23:58","guid":{"rendered":"https:\/\/www.markus-schall.de\/?p=5882"},"modified":"2026-05-01T06:44:25","modified_gmt":"2026-05-01T06:44:25","slug":"comment-la-pandemie-a-detrompee-les-economistes-sur-la-croissance-de-linflation-et-la-reprise-economique","status":"publish","type":"post","link":"https:\/\/www.markus-schall.de\/fr\/2026\/05\/comment-la-pandemie-a-detrompee-les-economistes-sur-la-croissance-de-linflation-et-la-reprise-economique\/","title":{"rendered":"Comment la pand\u00e9mie a d\u00e9tromp\u00e9e les \u00e9conomistes en mati\u00e8re d'inflation, de croissance et de reprise \u00e9conomique"},"content":{"rendered":"<p>Pendant la pand\u00e9mie de Corona, de nombreux \u00e9conomistes \u00e9taient encore \u00e9tonnamment d'accord : le grand danger \u00e9tait une p\u00e9riode de faible inflation, voire de d\u00e9flation. Quelques ann\u00e9es plus tard, le tableau est diff\u00e9rent. L'inflation a atteint des niveaux historiques dans de nombreux pays, les cha\u00eenes d'approvisionnement se sont effondr\u00e9es et les d\u00e9veloppements \u00e9conomiques se sont d\u00e9roul\u00e9s diff\u00e9remment de ce qui \u00e9tait pr\u00e9vu.<\/p>\n<p>La pand\u00e9mie n'a pas seulement \u00e9t\u00e9 une crise sanitaire - elle a \u00e9galement \u00e9t\u00e9 un test de stress pour les pr\u00e9visions \u00e9conomiques. Cet article montre o\u00f9 les experts se sont tromp\u00e9s, pourquoi il en a \u00e9t\u00e9 ainsi et ce que l'on peut en apprendre pour les estimations futures.<!--more--><\/p>\n<p>Plus de trois ans apr\u00e8s que la pand\u00e9mie COVID a \u00e9branl\u00e9 l'\u00e9conomie mondiale, les experts se demandent encore pourquoi tant de pr\u00e9visions se sont r\u00e9v\u00e9l\u00e9es fausses. La pand\u00e9mie a entra\u00een\u00e9 une baisse des ventes dans la plupart des secteurs, et des nations enti\u00e8res ont encore du mal \u00e0 retrouver leur position ant\u00e9rieure. En ces temps incertains, les \u00e9conomistes ont tent\u00e9 de faire des pr\u00e9visions sur l'inflation, la productivit\u00e9 et la croissance. Aujourd'hui, de nombreux experts constatent qu'une proportion remarquablement \u00e9lev\u00e9e de ces pr\u00e9dictions \u00e9taient inexactes. \u00c9tant donn\u00e9 que 55 % de la population a <strong><a href=\"https:\/\/economicsnetwork.ac.uk\/research\/understandingecon#:~:text=There%20is%20a%20big%20problem,and%2033%25%20on%20industry%20regulation\" target=\"_blank\" rel=\"noopener\">Se m\u00e9fier des pronostics des \u00e9conomistes<\/a><\/strong>, Les pr\u00e9visions \u00e9conomiques sont souvent tr\u00e8s difficiles \u00e0 \u00e9tablir, mais leur m\u00e9thodologie et leur application suscitent de s\u00e9rieuses inqui\u00e9tudes, ce qui met en \u00e9vidence les limites des pr\u00e9visions \u00e9conomiques en p\u00e9riode de changements extr\u00eames. Dans ce contexte, je vais analyser et r\u00e9sumer la pr\u00e9cision des pr\u00e9visions historiques.<\/p>\n<hr \/>\n\n\t\t\t<div class=\"display-post-types\">\n\n\t\t\t\t\t\t\t<style type=\"text\/css\">\n\t\t\t#dpt-wrapper-407 { --dpt-text-align: left;--dpt-image-crop: center;--dpt-border-radius: 5px;--dpt-h-gutter: 10px;--dpt-v-gutter: 9px; }\t\t\t<\/style>\n\t\t\t<style type=\"text\/css\">#dpt-wrapper-407 { --dpt-title-font-style:normal;--dpt-title-font-weight:600;--dpt-title-line-height:1.5;--dpt-title-text-decoration:none;--dpt-title-text-transform:none;--dpt-excerpt-font-style:normal;--dpt-excerpt-font-weight:400;--dpt-excerpt-line-height:1.5;--dpt-excerpt-text-decoration:none;--dpt-excerpt-text-transform:none;--dpt-meta1-font-style:normal;--dpt-meta1-font-weight:400;--dpt-meta1-line-height:1.9;--dpt-meta1-text-decoration:none;--dpt-meta1-text-transform:none;--dpt-meta2-font-style:normal;--dpt-meta2-font-weight:400;--dpt-meta2-line-height:1.9;--dpt-meta2-text-decoration:none;--dpt-meta2-text-transform:none; }<\/style><div class=\"dpt-main-header\">\n\t\t\t\t\t\t<div class=\"dpt-main-title\">\n\t\t\t\t\t\t\t<span class=\"dpt-main-title-text\">Derniers articles sur Art &amp; Culture<\/span>\n\t\t\t\t\t\t<\/div>\n\t\t\t\t\t\t\n\t\t\t\t\t\t\n\t\t\t\t\t\t\n\t\t\t\t\t\t<\/div>\t\t\t\n\t\t\t\t<div id=\"dpt-wrapper-407\" class=\"dpt-wrapper dpt-mag1 land1 dpt-cropped dpt-flex-wrap\" >\n\n\t\t\t\t\t\t\t\t\t\t\t<div class=\"dpt-entry has-thumbnail\" data-title=\"propaganda: geschichte, methoden, moderne formen und wie man sie erkennt\" data-id=\"4229\"  data-category=\"allgemein gesellschaft kunst &amp; kultur\" data-post_tag=\"denkmodelle energiepolitik europa geopolitik krisen meinungsfreiheit pers\u00f6nlichkeitsentwicklung sicherheitspolitik spieltheorie\">\n\t\t\t\t\t\t\t<div class=\"dpt-entry-wrapper\"><div class=\"dpt-featured-content\"><div class=\"dpt-permalink\"><a href=\"https:\/\/www.markus-schall.de\/fr\/2026\/01\/propagande-histoire-methodes-formes-modernes-et-comment-les-reconnaitre\/\" class=\"dpt-permalink\"><span class=\"screen-reader-text\">Propagande : histoire, m\u00e9thodes, formes modernes et comment les reconna\u00eetre<\/span><\/a><\/div><div class=\"dpt-thumbnail\"><div class=\"dpt-thumbnail-inner\"><img width=\"1024\" height=\"683\" class=\"attachment-full size-full\" alt=\"Qu&#039;est-ce que la propagande ?\" context=\"dpt\" data-dpt-src=\"https:\/\/www.markus-schall.de\/wp-content\/uploads\/Propaganda-titel.jpg\" data-dpt-sizes=\"(max-width: 1024px) 100vw, 1024px\" data-dpt-srcset=\"https:\/\/www.markus-schall.de\/wp-content\/uploads\/Propaganda-titel.jpg 1024w, https:\/\/www.markus-schall.de\/wp-content\/uploads\/Propaganda-titel-300x200.jpg 300w, https:\/\/www.markus-schall.de\/wp-content\/uploads\/Propaganda-titel-768x512.jpg 768w, https:\/\/www.markus-schall.de\/wp-content\/uploads\/Propaganda-titel-18x12.jpg 18w\" \/><\/div><span class=\"dpt-thumbnail-aspect-ratio\" style=\"padding-top: 75%\"><\/span><\/div><\/div><div class=\"sub-entry\"><h3 class=\"dpt-title\"><a class=\"dpt-title-link\" href=\"https:\/\/www.markus-schall.de\/fr\/2026\/01\/propagande-histoire-methodes-formes-modernes-et-comment-les-reconnaitre\/\" rel=\"bookmark\">Propagande : histoire, m\u00e9thodes, formes modernes et comment les reconna\u00eetre<\/a><\/h3><\/div><\/div>\n\t\t\t\t\t\t<\/div><!-- .dpt-entry -->\n\t\t\t\t\t\t\t\t\t\t\t\t<div class=\"dpt-entry has-thumbnail\" data-title=\"wenn pflicht wieder pflicht wird. eine art essay von herrn von l&#8217;oreot.\" data-id=\"3010\"  data-category=\"allgemein gesellschaft kunst &amp; kultur stories &amp; humor\" data-post_tag=\"deutschland erfahrungen geopolitik krisen pers\u00f6nlichkeitsentwicklung sicherheitspolitik\">\n\t\t\t\t\t\t\t<div class=\"dpt-entry-wrapper\"><div class=\"dpt-featured-content\"><div class=\"dpt-permalink\"><a href=\"https:\/\/www.markus-schall.de\/fr\/2025\/10\/quand-le-devoir-redevient-obligatoire-une-sorte-dessai-de-monsieur-von-loreot\/\" class=\"dpt-permalink\"><span class=\"screen-reader-text\">Quand le devoir redevient obligation. Une sorte d'essai de Monsieur de L'oreot.<\/span><\/a><\/div><div class=\"dpt-thumbnail\"><div class=\"dpt-thumbnail-inner\"><img width=\"1024\" height=\"683\" class=\"attachment-full size-full\" alt=\"Un appel inattendu\" context=\"dpt\" data-dpt-src=\"https:\/\/www.markus-schall.de\/wp-content\/uploads\/loreot-pflicht-anruf.jpg\" data-dpt-sizes=\"(max-width: 1024px) 100vw, 1024px\" data-dpt-srcset=\"https:\/\/www.markus-schall.de\/wp-content\/uploads\/loreot-pflicht-anruf.jpg 1024w, https:\/\/www.markus-schall.de\/wp-content\/uploads\/loreot-pflicht-anruf-300x200.jpg 300w, https:\/\/www.markus-schall.de\/wp-content\/uploads\/loreot-pflicht-anruf-768x512.jpg 768w, https:\/\/www.markus-schall.de\/wp-content\/uploads\/loreot-pflicht-anruf-18x12.jpg 18w\" \/><\/div><span class=\"dpt-thumbnail-aspect-ratio\" style=\"padding-top: 75%\"><\/span><\/div><\/div><div class=\"sub-entry\"><h3 class=\"dpt-title\"><a class=\"dpt-title-link\" href=\"https:\/\/www.markus-schall.de\/fr\/2025\/10\/quand-le-devoir-redevient-obligatoire-une-sorte-dessai-de-monsieur-von-loreot\/\" rel=\"bookmark\">Quand le devoir redevient obligation. Une sorte d'essai de Monsieur de L'oreot.<\/a><\/h3><\/div><\/div>\n\t\t\t\t\t\t<\/div><!-- .dpt-entry -->\n\t\t\t\t\t\t\t\t\t\t\t\t<div class=\"dpt-entry has-thumbnail\" data-title=\"cancel culture im westen: sport, universit\u00e4ten, milit\u00e4r und eu-sanktionen analysiert\" data-id=\"5009\"  data-category=\"allgemein gesellschaft kunst &amp; kultur\" data-post_tag=\"denkmodelle deutschland europa geopolitik krisen meinungsfreiheit sicherheitspolitik spieltheorie\">\n\t\t\t\t\t\t\t<div class=\"dpt-entry-wrapper\"><div class=\"dpt-featured-content\"><div class=\"dpt-permalink\"><a href=\"https:\/\/www.markus-schall.de\/fr\/2026\/02\/cancel-culture-en-occident-sport-universites-militaires-et-sanctions-de-lue-analysees\/\" class=\"dpt-permalink\"><span class=\"screen-reader-text\">Cancel Culture en Occident : sport, universit\u00e9s, arm\u00e9e et sanctions de l'UE analys\u00e9s<\/span><\/a><\/div><div class=\"dpt-thumbnail\"><div class=\"dpt-thumbnail-inner\"><img width=\"1024\" height=\"683\" class=\"attachment-full size-full\" alt=\"Cancel Culture \u00e0 l&#039;Ouest\" context=\"dpt\" data-dpt-src=\"https:\/\/www.markus-schall.de\/wp-content\/uploads\/Cancel-Culture-Westen.jpg\" data-dpt-sizes=\"(max-width: 1024px) 100vw, 1024px\" data-dpt-srcset=\"https:\/\/www.markus-schall.de\/wp-content\/uploads\/Cancel-Culture-Westen.jpg 1024w, https:\/\/www.markus-schall.de\/wp-content\/uploads\/Cancel-Culture-Westen-300x200.jpg 300w, https:\/\/www.markus-schall.de\/wp-content\/uploads\/Cancel-Culture-Westen-768x512.jpg 768w, https:\/\/www.markus-schall.de\/wp-content\/uploads\/Cancel-Culture-Westen-18x12.jpg 18w\" \/><\/div><span class=\"dpt-thumbnail-aspect-ratio\" style=\"padding-top: 75%\"><\/span><\/div><\/div><div class=\"sub-entry\"><h3 class=\"dpt-title\"><a class=\"dpt-title-link\" href=\"https:\/\/www.markus-schall.de\/fr\/2026\/02\/cancel-culture-en-occident-sport-universites-militaires-et-sanctions-de-lue-analysees\/\" rel=\"bookmark\">Cancel Culture en Occident : sport, universit\u00e9s, arm\u00e9e et sanctions de l'UE analys\u00e9s<\/a><\/h3><\/div><\/div>\n\t\t\t\t\t\t<\/div><!-- .dpt-entry -->\n\t\t\t\t\t\t\t\t\t\t\t\t<div class=\"dpt-entry has-thumbnail\" data-title=\"helge schneider: haltung, humor und die freiheit, sich nicht erkl\u00e4ren zu m\u00fcssen\" data-id=\"4756\"  data-category=\"allgemein gesellschaft kunst &amp; kultur\" data-post_tag=\"deutschland erfahrungen meinungsfreiheit musik portrait\">\n\t\t\t\t\t\t\t<div class=\"dpt-entry-wrapper\"><div class=\"dpt-featured-content\"><div class=\"dpt-permalink\"><a href=\"https:\/\/www.markus-schall.de\/fr\/2026\/02\/lattitude-de-helge-schneider-lhumour-et-la-liberte-de-ne-pas-avoir-a-sexpliquer\/\" class=\"dpt-permalink\"><span class=\"screen-reader-text\">Helge Schneider : l'attitude, l'humour et la libert\u00e9 de ne pas devoir s'expliquer<\/span><\/a><\/div><div class=\"dpt-thumbnail\"><div class=\"dpt-thumbnail-inner\"><img width=\"1024\" height=\"683\" class=\"attachment-full size-full\" alt=\"Portrait de Helge Schneider\" context=\"dpt\" data-dpt-src=\"https:\/\/www.markus-schall.de\/wp-content\/uploads\/Helge-Schneider.jpg\" data-dpt-sizes=\"(max-width: 1024px) 100vw, 1024px\" data-dpt-srcset=\"https:\/\/www.markus-schall.de\/wp-content\/uploads\/Helge-Schneider.jpg 1024w, https:\/\/www.markus-schall.de\/wp-content\/uploads\/Helge-Schneider-300x200.jpg 300w, https:\/\/www.markus-schall.de\/wp-content\/uploads\/Helge-Schneider-768x512.jpg 768w, https:\/\/www.markus-schall.de\/wp-content\/uploads\/Helge-Schneider-18x12.jpg 18w\" \/><\/div><span class=\"dpt-thumbnail-aspect-ratio\" style=\"padding-top: 75%\"><\/span><\/div><\/div><div class=\"sub-entry\"><h3 class=\"dpt-title\"><a class=\"dpt-title-link\" href=\"https:\/\/www.markus-schall.de\/fr\/2026\/02\/lattitude-de-helge-schneider-lhumour-et-la-liberte-de-ne-pas-avoir-a-sexpliquer\/\" rel=\"bookmark\">Helge Schneider : l'attitude, l'humour et la libert\u00e9 de ne pas devoir s'expliquer<\/a><\/h3><\/div><\/div>\n\t\t\t\t\t\t<\/div><!-- .dpt-entry -->\n\t\t\t\t\t\t\n\t\t\t\t<\/div>\n\t\t\t\t\t\t<\/div>\n\t\t\t\n<hr \/>\n<h2>Tendances inflationnistes<\/h2>\n<p>L'\u00e9volution de l'inflation est l'un des domaines dans lesquels l'incertitude des pr\u00e9visions \u00e9conomiques s'est particuli\u00e8rement manifest\u00e9e. Peu de sujets ont fait l'objet de discussions aussi intenses pendant la pand\u00e9mie - et en m\u00eame temps d'\u00e9valuations aussi divergentes.<\/p>\n<p>L'inflation est un aspect central sur lequel se sont concentr\u00e9s de nombreux experts. Bien que l'on ait d\u00e9battu pour savoir si la pand\u00e9mie entra\u00eenerait une hausse, une baisse ou m\u00eame une d\u00e9flation, la plupart des experts \u00e9taient en fait d'accord pour dire que cette derni\u00e8re se produirait. De nombreux \u00e9conomistes ont expliqu\u00e9 cela par la hausse du ch\u00f4mage, qui limiterait la croissance des salaires et entra\u00eenerait une augmentation de l'\u00e9pargne.<\/p>\n<p>Une minorit\u00e9 d'\u00e9conomistes a adopt\u00e9 un point de vue plus critique, mettant en garde contre une sous-estimation des risques d'inflation. Selon Olivier Blanchard <a href=\"https:\/\/www.piie.com\/blogs\/realtime-economic-issues-watch\/high-inflation-unlikely-not-impossible-advanced-economies\" target=\"_blank\" rel=\"noopener\"><strong>Article PIIE de l'ann\u00e9e 2020<\/strong><\/a> une forte inflation \u00e9tait improbable et ne se produirait que dans le cas rare o\u00f9 trois facteurs sp\u00e9cifiques seraient r\u00e9unis simultan\u00e9ment : une dette publique cons\u00e9quente, des investisseurs exigeant des taux d'int\u00e9r\u00eat plus \u00e9lev\u00e9s et la pression du gouvernement sur les banques centrales pour maintenir les taux d'int\u00e9r\u00eat \u00e0 un niveau bas. Bien que Blanchard ait chiffr\u00e9 la probabilit\u00e9 \u00e0 moins de 3 %, l'improbable est devenu r\u00e9alit\u00e9 dans de nombreux pays.<\/p>\n<hr \/>\n<h3>Dernier sondage sur la confiance dans la politique et les m\u00e9dias<\/h3>\n<div class='bootstrap-yop yop-poll-mc'>\n\t\t\t\t\t\t\t<div class=\"basic-yop-poll-container\" style=\"background-color:#ffffff; border:0px; border-style:solid; border-color:#000000; border-radius:5px; padding:0px 5px;\" data-id=\"1\" data-temp=\"basic-pretty\" data-skin=\"square\" data-cscheme=\"blue\" data-cap=\"0\" data-access=\"guest\" data-tid=\"\" data-uid=\"4aaf58bde6f2416824ae8e8adfc2107b\" data-pid=\"4756\" data-resdet=\"votes-number,percentages\" data-show-results-to=\"guest\" data-show-results-moment=\"after-vote\" data-show-results-only=\"false\" data-show-message=\"true\" data-show-results-as=\"bar\" data-sort-results-by=\"as-defined\" data-sort-results-rule=\"asc\"data-is-ended=\"0\" data-percentages-decimals=\"2\" data-gdpr=\"no\" data-gdpr-sol=\"consent\" data-css=\"\" data-counter=\"0\" data-load-with=\"1\" data-notification-section=\"top\"><div class=\"row\"><div class=\"col-md-12\"><div class=\"basic-inner\"><div class=\"basic-message hide\" style=\"border-left: 10px solid #008000; padding: 0px 10px;\" data-error=\"#ff0000\" data-success=\"#008000\"><p class=\"basic-message-text\" style=\"color:#000000; font-size:14px; font-weight:normal;\"><\/p><\/div><div class=\"basic-overlay hide\"><div class=\"basic-vote-options\"><\/div><div class=\"basic-preloader\"><div class=\"basic-windows8\"><div class=\"basic-wBall basic-wBall_1\"><div class=\"basic-wInnerBall\"><\/div><\/div><div class=\"basic-wBall basic-wBall_2\"><div class=\"basic-wInnerBall\"><\/div><\/div><div class=\"basic-wBall basic-wBall_3\"><div class=\"basic-wInnerBall\"><\/div><\/div><div class=\"basic-wBall basic-wBall_4\"><div class=\"basic-wInnerBall\"><\/div><\/div><div class=\"basic-wBall basic-wBall_5\"><div class=\"basic-wInnerBall\"><\/div><\/div><\/div><\/div><\/div><form class=\"basic-form\" action=\"\"><input type=\"hidden\" name=\"_token\" value=\"a4e938ed59\" autocomplete=\"off\"><div class=\"basic-elements\"><div class=\"basic-element basic-question basic-question-text-vertical\" data-id=\"1\" data-uid=\"645b53d49da461892a608ff4ad19c2fb\" data-type=\"question\" data-question-type=\"text\" data-required=\"yes\" data-allow-multiple=\"no\" data-min=\"1\" data-max=\"1\" data-display=\"vertical\" data-colnum=\"\" data-display-others=\"no\" data-others-color=\"\" data-others=\"\" data-others-max-chars=\"0\"><div class=\"basic-question-title\"><h5 style=\"color:#000000; font-size:16px; font-weight:normal; text-align:left;\">Quelle est ta confiance dans la politique et les m\u00e9dias en Allemagne ?<\/h5><\/div><ul class=\"basic-answers\"><li class=\"basic-answer\" style=\"padding:0px 0px;\" data-id=\"1\" data-type=\"text\" data-vn=\"10\" data-color=\"#000000\" data-make-link=\"no\" data-link=\"\"><div class=\"basic-answer-content basic-text-vertical\"><label for=\"answer[1]\" class=\"basic-answer-label\"><input type=\"radio\" id=\"answer[1]\" name=\"answer[1]\" value=\"1\"><span class=\"basic-text\" style=\"color: #000000; font-size: 14px; font-weight: normal;\">Tr\u00e8s \u00e9lev\u00e9 - J'ai une confiance absolue dans les organismes officiels<\/span><\/label><\/div><\/li><li class=\"basic-answer\" style=\"padding:0px 0px;\" data-id=\"2\" data-type=\"text\" data-vn=\"22\" data-color=\"#000000\" data-make-link=\"no\" data-link=\"\"><div class=\"basic-answer-content basic-text-vertical\"><label for=\"answer[2]\" class=\"basic-answer-label\"><input type=\"radio\" id=\"answer[2]\" name=\"answer[1]\" value=\"2\"><span class=\"basic-text\" style=\"color: #000000; font-size: 14px; font-weight: normal;\">Moyen - Je suis prudent, mais pas fondamentalement m\u00e9fiant<\/span><\/label><\/div><\/li><li class=\"basic-answer\" style=\"padding:0px 0px;\" data-id=\"3\" data-type=\"text\" data-vn=\"53\" data-color=\"#000000\" data-make-link=\"no\" data-link=\"\"><div class=\"basic-answer-content basic-text-vertical\"><label for=\"answer[3]\" class=\"basic-answer-label\"><input type=\"radio\" id=\"answer[3]\" name=\"answer[1]\" value=\"3\"><span class=\"basic-text\" style=\"color: #000000; font-size: 14px; font-weight: normal;\">Faible - Je v\u00e9rifie beaucoup de choses moi-m\u00eame<\/span><\/label><\/div><\/li><li class=\"basic-answer\" style=\"padding:0px 0px;\" data-id=\"4\" data-type=\"text\" data-vn=\"251\" data-color=\"#000000\" data-make-link=\"no\" data-link=\"\"><div class=\"basic-answer-content basic-text-vertical\"><label for=\"answer[4]\" class=\"basic-answer-label\"><input type=\"radio\" id=\"answer[4]\" name=\"answer[1]\" value=\"4\"><span class=\"basic-text\" style=\"color: #000000; font-size: 14px; font-weight: normal;\">Pratiquement inexistant - Je pense que beaucoup de choses sont dissimul\u00e9es ou mises en sc\u00e8ne<\/span><\/label><\/div><\/li><\/ul><\/div><div class=\"clearfix\"><\/div><\/div><div class=\"basic-vote\"><a href=\"#\" class=\"button basic-vote-button\" role=\"button\" style=\"background:#027bb8; border:0px; border-style: solid; border-color:#1636f0; border-radius:5px; padding:10px 10px; color:#ffffff; font-size:14px; font-weight:normal;\">Votez<\/a><\/div><input type=\"hidden\" name=\"trp-form-language\" value=\"fr\"\/><\/form><\/div><\/div><\/div><\/div>\n\t\t\t\t\t\t<\/div>\n<hr \/>\n<p>Avec un taux d'inflation moyen de 8 %, les \u00c9tats-Unis ont atteint leur niveau le plus \u00e9lev\u00e9 depuis le d\u00e9but des ann\u00e9es 1980. La cause principale en \u00e9tait surtout des perturbations dans les cha\u00eenes d'approvisionnement. En particulier, les lockdowns ont contraint de nombreuses usines \u00e0 fermer, ce qui a entra\u00een\u00e9 une incertitude dans l'activit\u00e9 \u00e9conomique et des pertes de production pour divers biens industriels.<\/p>\n<p>Un autre facteur qui a contribu\u00e9 \u00e0 la hausse de l'inflation est le changement soudain des pr\u00e9f\u00e9rences des consommateurs. Pendant la pand\u00e9mie, de nombreux m\u00e9nages ont r\u00e9duit leurs d\u00e9penses en biens non essentiels. On estime que la pand\u00e9mie a \u00e9t\u00e9 responsable d'une baisse des d\u00e9penses habituelles des m\u00e9nages de <a href=\"https:\/\/www.ons.gov.uk\/peoplepopulationandcommunity\/personalandhouseholdfinances\/expenditure\/articles\/morethanonefifthofusualhouseholdspendinghasbeenlargelypreventedduringlockdown\/2020-06-11\" target=\"_blank\" rel=\"noopener\"><strong>environ un cinqui\u00e8me responsable<\/strong><\/a>. Lorsque le lockdown a pris fin, de nombreux nouveaux produits, typiquement industriels, ont connu une \u00e9norme augmentation de la demande.<\/p>\n<p>R\u00e9trospectivement, il s'av\u00e8re que plusieurs \u00e9volutions ont agi simultan\u00e9ment : des cha\u00eenes d'approvisionnement perturb\u00e9es, des interventions \u00e9tatiques, des changements de comportement des consommateurs et un niveau d'incertitude globalement \u00e9lev\u00e9. C'est pr\u00e9cis\u00e9ment cette combinaison qui a \u00e9t\u00e9 sous-estim\u00e9e dans de nombreuses pr\u00e9visions. L'\u00e9volution de l'inflation pendant et apr\u00e8s la pand\u00e9mie montre ainsi clairement \u00e0 quel point il est difficile de pr\u00e9voir de mani\u00e8re fiable les dynamiques \u00e9conomiques dans des conditions exceptionnelles.<\/p>\n<p><img loading=\"lazy\" decoding=\"async\" class=\"alignnone size-full wp-image-5884\" src=\"https:\/\/www.markus-schall.de\/wp-content\/uploads\/Pandemie-Oekonomen-Wirtschaft-Gleichgewicht.jpg\" alt=\"\u00c9quilibre \u00e9conomique\" width=\"1024\" height=\"682\" srcset=\"https:\/\/www.markus-schall.de\/wp-content\/uploads\/Pandemie-Oekonomen-Wirtschaft-Gleichgewicht.jpg 1024w, https:\/\/www.markus-schall.de\/wp-content\/uploads\/Pandemie-Oekonomen-Wirtschaft-Gleichgewicht-300x200.jpg 300w, https:\/\/www.markus-schall.de\/wp-content\/uploads\/Pandemie-Oekonomen-Wirtschaft-Gleichgewicht-768x512.jpg 768w, https:\/\/www.markus-schall.de\/wp-content\/uploads\/Pandemie-Oekonomen-Wirtschaft-Gleichgewicht-18x12.jpg 18w\" sizes=\"auto, (max-width: 1024px) 100vw, 1024px\" \/><\/p>\n<h2>Croissance \u00e9conomique<\/h2>\n<p>Le th\u00e8me de la croissance \u00e9conomique a \u00e9galement montr\u00e9 tr\u00e8s t\u00f4t combien il est difficile d'\u00e9tablir des pr\u00e9visions fiables dans des conditions exceptionnelles. De nombreuses hypoth\u00e8ses semblaient plausibles au d\u00e9part, mais ne r\u00e9sistaient que partiellement \u00e0 l'\u00e9volution r\u00e9elle. Bien que l'on ne s'attendait pas \u00e0 ce que la croissance du PIB reste constante, de nombreux \u00e9conomistes ont sp\u00e9cul\u00e9 sur une tendance \u00e0 la baisse \u00e0 long terme, certains pr\u00e9voyant de mani\u00e8re controvers\u00e9e une forte baisse suivie d'une reprise rapide.<\/p>\n<p>Aujourd'hui, la plupart des pays europ\u00e9ens sont toujours en dessous de leurs tendances d'avant la pand\u00e9mie Corona et affichent une croissance plus lente qu'avant la pand\u00e9mie. L'une des rares exceptions \u00e0 cet \u00e9gard sont les \u00c9tats-Unis qui, contrairement \u00e0 l'Allemagne et au Canada, ont retrouv\u00e9 depuis longtemps leur trajectoire d'avant la pand\u00e9mie.<\/p>\n<p>Aux \u00c9tats-Unis, l'assouplissement du march\u00e9 du travail a permis aux travailleurs de passer beaucoup plus facilement d'un secteur \u00e0 l'autre. Des d\u00e9penses plus \u00e9lev\u00e9es et <a href=\"https:\/\/www.piie.com\/research\/piie-charts\/pandemic-led-consumers-spend-more-goods-less-services#:~:text=The%20pandemic%20has%20forced%20countless,data%20tell%20us%20about%202020\" target=\"_blank\" rel=\"noopener\"><strong>Investissements de la part de la population et des entreprises<\/strong><\/a> ont soutenu la reprise \u00e9conomique du pays. En outre, les \u00c9tats-Unis ont \u00e9t\u00e9 moins expos\u00e9s aux chocs externes que la plupart des nations europ\u00e9ennes. L'Europe a par exemple \u00e9t\u00e9 durement touch\u00e9e par l'attaque contre l'Ukraine et la crise \u00e9nerg\u00e9tique qui en a r\u00e9sult\u00e9.<\/p>\n<p>Aux \u00c9tats-Unis, des mesures gouvernementales telles qu'un soutien financier important sous forme d'allocations de ch\u00f4mage et d'aides aux entreprises ont permis une reprise beaucoup plus rapide, tandis que les entreprises d'autres pays ont re\u00e7u beaucoup moins de soutien de ce type. Des programmes tels que l'Inflation Reduction Act et le CHIPS Act, tous deux adopt\u00e9s en 2022, ont assur\u00e9 la croissance dans des secteurs cl\u00e9s tels que la fabrication nationale et l'\u00e9nergie verte en augmentant les investissements.<\/p>\n<p>Dans l'ensemble, il appara\u00eet que la reprise \u00e9conomique d\u00e9pend fortement des conditions structurelles : La flexibilit\u00e9 du march\u00e9 du travail, les interventions de l'\u00c9tat et les pressions externes interagissent diff\u00e9remment et entra\u00eenent des \u00e9volutions nettement divergentes entre les diff\u00e9rentes r\u00e9gions. Les pr\u00e9visions qui ne tiennent pas suffisamment compte de ces diff\u00e9rences atteignent rapidement leurs limites dans la pratique.<\/p>\n<p>Ein kurzer Beitrag aus dem Jahr 2021 zeigt, wie die wirtschaftlichen Auswirkungen der Pandemie bereits fr\u00fch anders eingesch\u00e4tzt wurden als zun\u00e4chst angenommen.<\/p>\n<div class=\"lyte-wrapper\" style=\"width:640px;max-width:100%;margin:5px;\"><div class=\"lyMe\" id=\"WYL_za7AsS4z2Fc\"><div id=\"lyte_za7AsS4z2Fc\" data-src=\"https:\/\/www.markus-schall.de\/wp-content\/plugins\/wp-youtube-lyte\/lyteCache.php?origThumbUrl=%2F%2Fi.ytimg.com%2Fvi%2Fza7AsS4z2Fc%2Fhqdefault.jpg\" class=\"pL\"><div class=\"tC\"><div class=\"tT\"><\/div><\/div><div class=\"play\"><\/div><div class=\"ctrl\"><div class=\"Lctrl\"><\/div><div class=\"Rctrl\"><\/div><\/div><\/div><noscript><a href=\"https:\/\/youtu.be\/za7AsS4z2Fc\" rel=\"nofollow noopener\" target=\"_blank\"><img loading=\"lazy\" decoding=\"async\" src=\"https:\/\/www.markus-schall.de\/wp-content\/plugins\/wp-youtube-lyte\/lyteCache.php?origThumbUrl=https%3A%2F%2Fi.ytimg.com%2Fvi%2Fza7AsS4z2Fc%2F0.jpg\" alt=\"Vignette de la vid\u00e9o YouTube\" width=\"640\" height=\"340\" \/><br \/>Lire cette vid\u00e9o sur YouTube<\/a><\/noscript><\/div><\/div><div class=\"lL\" style=\"max-width:100%;width:640px;margin:5px;\"><\/div><br \/>\nCorona-Pandemie: Deutsche Wirtschaft st\u00e4rker betroffen als angenommen | <a href=\"https:\/\/www.youtube.com\/@faz\" target=\"_blank\" rel=\"nofollow noopener\">faz<\/a><\/p>\n<h2>Changements dans la productivit\u00e9<\/h2>\n<p>L'\u00e9volution de la productivit\u00e9 a \u00e9galement fait l'objet d'intenses discussions pendant la pand\u00e9mie. De nombreux observateurs ont vu dans la crise non seulement un fardeau, mais aussi une opportunit\u00e9 d'am\u00e9liorations structurelles - notamment gr\u00e2ce \u00e0 une num\u00e9risation acc\u00e9l\u00e9r\u00e9e.<\/p>\n<p>En outre, de nombreux experts pensaient que la pand\u00e9mie COVID-19 entra\u00eenerait une augmentation de la productivit\u00e9 dans les entreprises, celles-ci \u00e9tant contraintes d'investir plus rapidement dans la num\u00e9risation. En fait, la productivit\u00e9 au deuxi\u00e8me trimestre 2020 \u00e9tait sup\u00e9rieure de 11,1 % \u00e0 celle du quatri\u00e8me trimestre 2019, mais cela \u00e9tait en partie d\u00fb \u00e0 la fermeture de secteurs \u00e0 faible productivit\u00e9, comme le commerce de d\u00e9tail, ce qui a consid\u00e9rablement augment\u00e9 la part des secteurs \u00e0 forte productivit\u00e9, comme la finance et l'industrie manufacturi\u00e8re.<\/p>\n<p>Parall\u00e8lement, cette hausse a \u00e9t\u00e9 aliment\u00e9e par le transfert de travailleurs de secteurs \u00e0 faible productivit\u00e9 vers des secteurs \u00e0 plus forte productivit\u00e9. Lorsque le secteur des services a \u00e9t\u00e9 rouvert apr\u00e8s la pand\u00e9mie, cet effet s'est \u00e0 nouveau att\u00e9nu\u00e9. Selon une analyse de la BCE, l'effet positif de la redistribution du travail en 2020 a repr\u00e9sent\u00e9 environ la moiti\u00e9 de la croissance totale de la productivit\u00e9 entre 2020 et 2023.<\/p>\n<p>Cela montre comment les gains de productivit\u00e9 \u00e0 court terme sont souvent dus \u00e0 des effets de composition plut\u00f4t qu'\u00e0 de v\u00e9ritables gains d'efficacit\u00e9, ce que de nombreuses pr\u00e9visions n'ont pas suffisamment pris en compte.<\/p>\n<p>R\u00e9trospectivement, il appara\u00eet donc clairement que toute augmentation de la productivit\u00e9 mesur\u00e9e n'indique pas automatiquement des am\u00e9liorations durables. C'est pr\u00e9cis\u00e9ment dans des situations exceptionnelles que les effets statistiques peuvent donner une image d\u00e9form\u00e9e, lorsque les changements structurels ne sont que de nature temporaire.<\/p>\n<p><img loading=\"lazy\" decoding=\"async\" class=\"alignnone size-full wp-image-5885\" src=\"https:\/\/www.markus-schall.de\/wp-content\/uploads\/Pandemie-Oekonomen-Produktivitaet-Wachstum.jpg\" alt=\"Productivit\u00e9, croissance et niveau d&#039;endettement\" width=\"1024\" height=\"682\" srcset=\"https:\/\/www.markus-schall.de\/wp-content\/uploads\/Pandemie-Oekonomen-Produktivitaet-Wachstum.jpg 1024w, https:\/\/www.markus-schall.de\/wp-content\/uploads\/Pandemie-Oekonomen-Produktivitaet-Wachstum-300x200.jpg 300w, https:\/\/www.markus-schall.de\/wp-content\/uploads\/Pandemie-Oekonomen-Produktivitaet-Wachstum-768x512.jpg 768w, https:\/\/www.markus-schall.de\/wp-content\/uploads\/Pandemie-Oekonomen-Produktivitaet-Wachstum-18x12.jpg 18w\" sizes=\"auto, (max-width: 1024px) 100vw, 1024px\" \/><\/p>\n<h2>Niveau d'endettement<\/h2>\n<p>Un autre point central de l'\u00e9volution \u00e9conomique pendant la pand\u00e9mie a \u00e9t\u00e9 la forte augmentation de l'endettement de nombreux \u00c9tats. Peu de domaines ont fait l'objet d'un d\u00e9bat aussi intense, car la stabilisation \u00e0 court terme et les risques \u00e0 long terme se sont directement rencontr\u00e9s.<\/p>\n<p>L'augmentation de l'endettement a fait l'objet de nombreux d\u00e9bats, et l'opinion dominante s'est av\u00e9r\u00e9e en grande partie correcte. De nombreux gouvernements ont contract\u00e9 d'\u00e9normes dettes pendant la pand\u00e9mie afin de financer des mesures financi\u00e8res visant \u00e0 soutenir l'\u00e9conomie et \u00e0 pr\u00e9venir d'autres effondrements. Selon les estimations, le ratio dette publique\/PIB est pass\u00e9 de 88 % en 2019 \u00e0 105 % en 2020.<\/p>\n<p>Bien que de nombreux \u00e9conomistes aient traditionnellement consid\u00e9r\u00e9 l'augmentation de la dette comme une menace pour l'\u00e9conomie, l'id\u00e9e qu'un endettement plus \u00e9lev\u00e9 peut \u00eatre un moyen efficace de stabiliser des \u00e9conomies enti\u00e8res a gagn\u00e9 en popularit\u00e9. Les pays d'Asie de l'Est et du Pacifique ont \u00e9t\u00e9 particuli\u00e8rement touch\u00e9s, avec une augmentation de 26 points de pourcentage du PIB, en raison d'une dette d\u00e9j\u00e0 \u00e9lev\u00e9e. D'autres r\u00e9gions ont \u00e9galement \u00e9t\u00e9 affect\u00e9es par un acc\u00e8s limit\u00e9 aux march\u00e9s int\u00e9rieurs, obligeant les gouvernements \u00e0 emprunter \u00e0 l'\u00e9tranger, et par des baisses de la production et des revenus, particuli\u00e8rement dans la plupart des \u00e9conomies avanc\u00e9es et au Moyen-Orient.<\/p>\n<p>Certains pays africains ont connu une hausse importante de leur endettement, principalement en raison de leur forte d\u00e9pendance \u00e0 l'aide internationale et de leur marge de man\u0153uvre budg\u00e9taire limit\u00e9e. Par exemple, la dette \u00e9lev\u00e9e de la Sierra Leone, initialement caus\u00e9e par la crise d'Ebola en 2014 et 2015, a continu\u00e9 d'augmenter consid\u00e9rablement en raison des emprunts contract\u00e9s pendant la pand\u00e9mie de COVID, ce qui a entra\u00een\u00e9 des r\u00e9ductions importantes des d\u00e9penses publiques.<\/p>\n<p>M\u00eame si l'Europe n'a pas \u00e9t\u00e9 aussi touch\u00e9e que de nombreuses autres r\u00e9gions, la pand\u00e9mie a tout de m\u00eame caus\u00e9 des dommages \u00e9conomiques importants et un endettement \u00e9lev\u00e9, et devrait continuer \u00e0 limiter les d\u00e9penses sociales et les investissements du secteur priv\u00e9.<\/p>\n<p>Dans l'ensemble, il appara\u00eet que l'endettement public peut \u00eatre un instrument n\u00e9cessaire en p\u00e9riode de crise pour garantir la stabilit\u00e9 \u00e9conomique. En m\u00eame temps, ses cons\u00e9quences \u00e0 long terme restent difficiles \u00e0 \u00e9valuer et marqueront la marge de man\u0153uvre de nombreux pays en mati\u00e8re de politique financi\u00e8re pendant des ann\u00e9es encore.<\/p>\n<div style=\"overflow-x: auto;\">\n<table style=\"width: 100%; border-collapse: collapse;\">\n<tbody>\n<tr style=\"background-color: #f2f2f2;\">\n<th style=\"border: 1px solid #ccc; padding: 8px; text-align: left;\">Domaine<\/th>\n<th style=\"border: 1px solid #ccc; padding: 8px; text-align: left;\">Les attentes de nombreux \u00e9conomistes<\/th>\n<th style=\"border: 1px solid #ccc; padding: 8px; text-align: left;\">D\u00e9veloppement effectif et enseignement<\/th>\n<\/tr>\n<tr>\n<td style=\"border: 1px solid #ccc; padding: 8px;\"><strong>Inflation<\/strong><\/td>\n<td style=\"border: 1px solid #ccc; padding: 8px;\">De nombreux experts s'attendaient plut\u00f4t \u00e0 une inflation faible, voire \u00e0 une d\u00e9flation, le ch\u00f4mage et l'incertitude devant freiner la demande.<\/td>\n<td style=\"border: 1px solid #ccc; padding: 8px;\">Les perturbations des cha\u00eenes d'approvisionnement, les changements de comportement des consommateurs et les mesures gouvernementales ont entra\u00een\u00e9 une forte hausse des prix. La le\u00e7on \u00e0 tirer : les p\u00e9nuries d'offre peuvent rapidement faire basculer les pr\u00e9visions.<\/td>\n<\/tr>\n<tr>\n<td style=\"border: 1px solid #ccc; padding: 8px;\"><strong>Croissance \u00e9conomique<\/strong><\/td>\n<td style=\"border: 1px solid #ccc; padding: 8px;\">De nombreux pronostics tablaient sur un net effondrement et une reprise incertaine, parfois plus faible \u00e0 long terme.<\/td>\n<td style=\"border: 1px solid #ccc; padding: 8px;\">La reprise a \u00e9t\u00e9 tr\u00e8s diff\u00e9rente selon les r\u00e9gions. Les \u00c9tats-Unis sont revenus plus vite que de nombreux pays europ\u00e9ens. La le\u00e7on : le march\u00e9 du travail, la d\u00e9pendance \u00e9nerg\u00e9tique et le soutien de l'\u00c9tat sont des facteurs d\u00e9terminants.<\/td>\n<\/tr>\n<tr>\n<td style=\"border: 1px solid #ccc; padding: 8px;\"><strong>Productivit\u00e9<\/strong><\/td>\n<td style=\"border: 1px solid #ccc; padding: 8px;\">Certains experts s'attendaient \u00e0 des gains de productivit\u00e9 durables gr\u00e2ce \u00e0 la num\u00e9risation et aux nouvelles formes de travail.<\/td>\n<td style=\"border: 1px solid #ccc; padding: 8px;\">Une partie de l'augmentation \u00e9tait due \u00e0 des effets de composition, par exemple des secteurs ferm\u00e9s avec une productivit\u00e9 plus faible. La le\u00e7on \u00e0 tirer est que toute augmentation mesur\u00e9e n'est pas forc\u00e9ment un v\u00e9ritable progr\u00e8s.<\/td>\n<\/tr>\n<tr>\n<td style=\"border: 1px solid #ccc; padding: 8px;\"><strong>Dette publique<\/strong><\/td>\n<td style=\"border: 1px solid #ccc; padding: 8px;\">De nombreux \u00e9conomistes s'attendaient \u00e0 une nette augmentation de la dette en raison de vastes programmes d'aide.<\/td>\n<td style=\"border: 1px solid #ccc; padding: 8px;\">Cette appr\u00e9ciation s'est largement confirm\u00e9e. La le\u00e7on : l'endettement peut stabiliser en cas de crise, mais il limite la marge de man\u0153uvre de la politique financi\u00e8re \u00e0 long terme.<\/td>\n<\/tr>\n<\/tbody>\n<\/table>\n<\/div>\n<h2>Principales conclusions<\/h2>\n<p>En r\u00e9sum\u00e9, de nombreuses pr\u00e9visions \u00e9conomiques faites pendant la pand\u00e9mie ne se sont que partiellement v\u00e9rifi\u00e9es. Certes, certaines hypoth\u00e8ses n'\u00e9taient pas fondamentalement fausses, mais l'effet simultan\u00e9 de plusieurs facteurs a souvent \u00e9t\u00e9 sous-estim\u00e9. C'est pr\u00e9cis\u00e9ment l\u00e0 que r\u00e9side l'un des principaux enseignements de cette p\u00e9riode.<\/p>\n<p>Tant l'inflation que la croissance \u00e9conomique et la productivit\u00e9 ont montr\u00e9 que les \u00e9volutions \u00e9conomiques sont rarement isol\u00e9es. Les probl\u00e8mes de la cha\u00eene d'approvisionnement, les interventions gouvernementales, les changements de comportement des consommateurs et les diff\u00e9rences structurelles entre les \u00e9conomies se sont imbriqu\u00e9s les uns dans les autres et ont donn\u00e9 des r\u00e9sultats qui n'avaient gu\u00e8re \u00e9t\u00e9 pr\u00e9vus sous cette forme. Cela a \u00e9t\u00e9 particuli\u00e8rement \u00e9vident en ce qui concerne l'inflation, dont la dynamique n'a pas pu \u00eatre reproduite par de nombreux mod\u00e8les.<\/p>\n<p>Le r\u00f4le des conditions institutionnelles dans la croissance \u00e9conomique a \u00e9galement \u00e9t\u00e9 mis en \u00e9vidence. Les pays dont le march\u00e9 du travail est plus flexible et qui b\u00e9n\u00e9ficient d'un soutien public important ont pu se redresser plus rapidement que les autres. Parall\u00e8lement, l'\u00e9volution de la productivit\u00e9 a montr\u00e9 que les effets \u00e0 court terme sont souvent surestim\u00e9s lorsqu'ils reposent sur des d\u00e9calages statistiques et non sur des am\u00e9liorations durables.<\/p>\n<p>L'augmentation de la dette publique illustre \u00e0 son tour la tension entre la stabilisation \u00e0 court terme et la viabilit\u00e9 \u00e0 long terme. Alors qu'elle a \u00e9t\u00e9 un instrument important pendant la crise, son effet futur reste incertain et accompagnera de nombreuses \u00e9conomies pendant des ann\u00e9es.<br \/>\nDans l'ensemble, la pand\u00e9mie montre clairement que les pr\u00e9visions \u00e9conomiques atteignent leurs limites en p\u00e9riode de profonds bouleversements. Elle souligne l'importance de prendre en compte diff\u00e9rents sc\u00e9narios et de consid\u00e9rer l'incertitude non pas comme une exception, mais comme une partie int\u00e9grante de la r\u00e9alit\u00e9 \u00e9conomique.<\/p>\n<h3>Un regard en arri\u00e8re : o\u00f9 tout a commenc\u00e9<\/h3>\n<p><a href=\"https:\/\/www.markus-schall.de\/fr\/2025\/11\/dou-vient-sars-cov-2-un-apercu-factuel-de-toutes-les-theories-corona\/\"><img loading=\"lazy\" decoding=\"async\" class=\"alignright wp-image-3527 size-medium\" src=\"https:\/\/www.markus-schall.de\/wp-content\/uploads\/sars-covii-corona-300x213.jpg\" alt=\"SARS-CoV-2 - Corona\" width=\"300\" height=\"213\" srcset=\"https:\/\/www.markus-schall.de\/wp-content\/uploads\/sars-covii-corona-300x213.jpg 300w, https:\/\/www.markus-schall.de\/wp-content\/uploads\/sars-covii-corona-768x546.jpg 768w, https:\/\/www.markus-schall.de\/wp-content\/uploads\/sars-covii-corona-18x12.jpg 18w, https:\/\/www.markus-schall.de\/wp-content\/uploads\/sars-covii-corona.jpg 1024w\" sizes=\"auto, (max-width: 300px) 100vw, 300px\" \/><\/a>Si l'on veut comprendre les cons\u00e9quences \u00e9conomiques de la pand\u00e9mie, on ne peut faire l'impasse sur une question fondamentale : <a href=\"https:\/\/www.markus-schall.de\/fr\/2025\/11\/dou-vient-sars-cov-2-un-apercu-factuel-de-toutes-les-theories-corona\/\"><strong>Comment tout a-t-il commenc\u00e9 ?<\/strong><\/a> Alors que cet article traite des cons\u00e9quences sur l'inflation, la croissance et les pr\u00e9visions \u00e9conomiques, il vaut la peine de jeter un regard compl\u00e9mentaire sur les origines du virus lui-m\u00eame. Un article s\u00e9par\u00e9 aborde pr\u00e9cis\u00e9ment ce point - de mani\u00e8re objective, calme et sans conclusions h\u00e2tives. Les diff\u00e9rentes th\u00e9ories sur l'origine du SRAS-CoV-2 y sont confront\u00e9es, des origines naturelles aux hypoth\u00e8ses de laboratoire, sans en \u00e9valuer une de mani\u00e8re unilat\u00e9rale. L'objectif est de cr\u00e9er une orientation et de fournir les bases d'un jugement personnel. C'est justement parce que les d\u00e9veloppements \u00e9conomiques ont \u00e9t\u00e9 si fortement marqu\u00e9s par les premiers mois de la pand\u00e9mie que cette r\u00e9trospective aide \u00e0 mieux comprendre le tableau d'ensemble. Ainsi, ceux qui se demandent comment un message sanitaire local s'est transform\u00e9 en crise mondiale y trouveront une mise en perspective fond\u00e9e.<\/p>\n<h2>Sources utilis\u00e9es dans l'article<\/h2>\n<div class=\"quellenblock\">\n<ul>\n<li><strong><a href=\"https:\/\/economicsnetwork.ac.uk\/research\/understandingecon\" target=\"_blank\" rel=\"noopener noreferrer\">R\u00e9seau d'\u00e9conomie<\/a><\/strong>Contribution \u00e0 la perception publique des d\u00e9clarations \u00e9conomiques et \u00e0 la confiance dans les pr\u00e9visions \u00e9conomiques.<\/li>\n<li><strong><a href=\"https:\/\/www.piie.com\/blogs\/realtime-economic-issues-watch\/high-inflation-unlikely-not-impossible-advanced-economies\" target=\"_blank\" rel=\"noopener noreferrer\">Peterson Institute for International Economics - Olivier Blanchard<\/a><\/strong>: Analyse de 2020 sur la raison pour laquelle une inflation \u00e9lev\u00e9e dans les \u00e9conomies avanc\u00e9es \u00e9tait consid\u00e9r\u00e9e comme improbable, mais pas impossible.<\/li>\n<li><strong><a href=\"https:\/\/www.ons.gov.uk\/peoplepopulationandcommunity\/personalandhouseholdfinances\/expenditure\/articles\/morethanonefifthofusualhouseholdspendinghasbeenlargelypreventedduringlockdown\/2020-06-11\" target=\"_blank\" rel=\"noopener noreferrer\">Office des statistiques nationales<\/a><\/strong>: \u00e9tude sur l'impact des lockdowns sur les d\u00e9penses des m\u00e9nages et les comportements de consommation pendant la pand\u00e9mie.<\/li>\n<li><strong><a href=\"https:\/\/www.piie.com\/research\/piie-charts\/pandemic-led-consumers-spend-more-goods-less-services\" target=\"_blank\" rel=\"noopener noreferrer\">Institut Peterson pour l'\u00e9conomie internationale<\/a><\/strong>: pr\u00e9sentation de la mani\u00e8re dont la pand\u00e9mie a d\u00e9plac\u00e9 les d\u00e9penses de consommation des services vers les biens.<\/li>\n<\/ul>\n<\/div>\n<hr \/>\n\n\t\t\t<div class=\"display-post-types\">\n\n\t\t\t\t\t\t\t<style type=\"text\/css\">\n\t\t\t#dpt-wrapper-408 { --dpt-text-align: left;--dpt-image-crop: center;--dpt-border-radius: 5px;--dpt-h-gutter: 10px;--dpt-v-gutter: 9px; }\t\t\t<\/style>\n\t\t\t<style type=\"text\/css\">#dpt-wrapper-408 { --dpt-title-font-style:normal;--dpt-title-font-weight:600;--dpt-title-line-height:1.5;--dpt-title-text-decoration:none;--dpt-title-text-transform:none;--dpt-excerpt-font-style:normal;--dpt-excerpt-font-weight:400;--dpt-excerpt-line-height:1.5;--dpt-excerpt-text-decoration:none;--dpt-excerpt-text-transform:none;--dpt-meta1-font-style:normal;--dpt-meta1-font-weight:400;--dpt-meta1-line-height:1.9;--dpt-meta1-text-decoration:none;--dpt-meta1-text-transform:none;--dpt-meta2-font-style:normal;--dpt-meta2-font-weight:400;--dpt-meta2-line-height:1.9;--dpt-meta2-text-decoration:none;--dpt-meta2-text-transform:none; }<\/style><div class=\"dpt-main-header\">\n\t\t\t\t\t\t<div class=\"dpt-main-title\">\n\t\t\t\t\t\t\t<span class=\"dpt-main-title-text\">Th\u00e8mes de soci\u00e9t\u00e9 contemporains<\/span>\n\t\t\t\t\t\t<\/div>\n\t\t\t\t\t\t\n\t\t\t\t\t\t\n\t\t\t\t\t\t\n\t\t\t\t\t\t<\/div>\t\t\t\n\t\t\t\t<div id=\"dpt-wrapper-408\" class=\"dpt-wrapper dpt-mag1 land1 dpt-cropped dpt-flex-wrap\" >\n\n\t\t\t\t\t\t\t\t\t\t\t<div class=\"dpt-entry has-thumbnail\" data-title=\"zustand der deutschen wirtschaft 2025: f\u00fcnf jahre krise, zahlen, trends und ausblick\" data-id=\"3773\"  data-category=\"allgemein gesellschaft\" data-post_tag=\"auswandern deutschland energiepolitik erfahrungen geopolitik krisen ratgeber\">\n\t\t\t\t\t\t\t<div class=\"dpt-entry-wrapper\"><div class=\"dpt-featured-content\"><div class=\"dpt-permalink\"><a href=\"https:\/\/www.markus-schall.de\/fr\/2025\/12\/etat-de-leconomie-allemande-en-2025-cinq-ans-de-crise-chiffres-tendances-et-perspectives\/\" class=\"dpt-permalink\"><span class=\"screen-reader-text\">L'\u00e9tat de l'\u00e9conomie allemande en 2025 : cinq ans de crise, chiffres, tendances et perspectives<\/span><\/a><\/div><div class=\"dpt-thumbnail\"><div class=\"dpt-thumbnail-inner\"><img width=\"1024\" height=\"683\" class=\"attachment-full size-full\" alt=\"\u00c9tat de l&#039;\u00e9conomie allemande en 2025\" context=\"dpt\" data-dpt-src=\"https:\/\/www.markus-schall.de\/wp-content\/uploads\/zustand-deutschland-2025.jpg\" data-dpt-sizes=\"(max-width: 1024px) 100vw, 1024px\" data-dpt-srcset=\"https:\/\/www.markus-schall.de\/wp-content\/uploads\/zustand-deutschland-2025.jpg 1024w, https:\/\/www.markus-schall.de\/wp-content\/uploads\/zustand-deutschland-2025-300x200.jpg 300w, https:\/\/www.markus-schall.de\/wp-content\/uploads\/zustand-deutschland-2025-768x512.jpg 768w, https:\/\/www.markus-schall.de\/wp-content\/uploads\/zustand-deutschland-2025-18x12.jpg 18w\" \/><\/div><span class=\"dpt-thumbnail-aspect-ratio\" style=\"padding-top: 75%\"><\/span><\/div><\/div><div class=\"sub-entry\"><h3 class=\"dpt-title\"><a class=\"dpt-title-link\" href=\"https:\/\/www.markus-schall.de\/fr\/2025\/12\/etat-de-leconomie-allemande-en-2025-cinq-ans-de-crise-chiffres-tendances-et-perspectives\/\" rel=\"bookmark\">L'\u00e9tat de l'\u00e9conomie allemande en 2025 : cinq ans de crise, chiffres, tendances et perspectives<\/a><\/h3><\/div><\/div>\n\t\t\t\t\t\t<\/div><!-- .dpt-entry -->\n\t\t\t\t\t\t\t\t\t\t\t\t<div class=\"dpt-entry has-thumbnail\" data-title=\"deine meinung z\u00e4hlt \u2013 neue umfragen zu aktuellen themen\" data-id=\"3383\"  data-category=\"allgemein b\u00fccher gesellschaft\" data-post_tag=\"buch cmd erfahrungen gesundheit krisen meinungsfreiheit\">\n\t\t\t\t\t\t\t<div class=\"dpt-entry-wrapper\"><div class=\"dpt-featured-content\"><div class=\"dpt-permalink\"><a href=\"https:\/\/www.markus-schall.de\/fr\/2025\/11\/ton-opinion-compte-nouveaux-sondages-sur-des-sujets-dactualite\/\" class=\"dpt-permalink\"><span class=\"screen-reader-text\">Votre opinion compte - Nouveaux sondages sur des th\u00e8mes d'actualit\u00e9<\/span><\/a><\/div><div class=\"dpt-thumbnail\"><div class=\"dpt-thumbnail-inner\"><img width=\"1024\" height=\"683\" class=\"attachment-full size-full\" alt=\"Sondages sur des sujets d&#039;actualit\u00e9\" context=\"dpt\" data-dpt-src=\"https:\/\/www.markus-schall.de\/wp-content\/uploads\/umfragen-aktuell.jpg\" data-dpt-sizes=\"(max-width: 1024px) 100vw, 1024px\" data-dpt-srcset=\"https:\/\/www.markus-schall.de\/wp-content\/uploads\/umfragen-aktuell.jpg 1024w, https:\/\/www.markus-schall.de\/wp-content\/uploads\/umfragen-aktuell-300x200.jpg 300w, https:\/\/www.markus-schall.de\/wp-content\/uploads\/umfragen-aktuell-768x512.jpg 768w, https:\/\/www.markus-schall.de\/wp-content\/uploads\/umfragen-aktuell-18x12.jpg 18w\" \/><\/div><span class=\"dpt-thumbnail-aspect-ratio\" style=\"padding-top: 75%\"><\/span><\/div><\/div><div class=\"sub-entry\"><h3 class=\"dpt-title\"><a class=\"dpt-title-link\" href=\"https:\/\/www.markus-schall.de\/fr\/2025\/11\/ton-opinion-compte-nouveaux-sondages-sur-des-sujets-dactualite\/\" rel=\"bookmark\">Votre opinion compte - Nouveaux sondages sur des th\u00e8mes d'actualit\u00e9<\/a><\/h3><\/div><\/div>\n\t\t\t\t\t\t<\/div><!-- .dpt-entry -->\n\t\t\t\t\t\t\t\t\t\t\t\t<div class=\"dpt-entry has-thumbnail\" data-title=\"digitales eigentum erkl\u00e4rt \u2013 so entstehen nachhaltige online-verm\u00f6genswerte\" data-id=\"4766\"  data-category=\"allgemein b\u00fccher gesellschaft ki-systeme\" data-post_tag=\"buch datenbanken denkmodelle digitales eigentum erp-software k\u00fcnstliche intelligenz prozesse publishing\">\n\t\t\t\t\t\t\t<div class=\"dpt-entry-wrapper\"><div class=\"dpt-featured-content\"><div class=\"dpt-permalink\"><a href=\"https:\/\/www.markus-schall.de\/fr\/2026\/02\/la-propriete-numerique-expliquee-comment-creer-des-actifs-durables-en-ligne\/\" class=\"dpt-permalink\"><span class=\"screen-reader-text\">La propri\u00e9t\u00e9 num\u00e9rique expliqu\u00e9e - Comment se cr\u00e9ent des actifs durables en ligne<\/span><\/a><\/div><div class=\"dpt-thumbnail\"><div class=\"dpt-thumbnail-inner\"><img width=\"1024\" height=\"683\" class=\"attachment-full size-full\" alt=\"Qu&#039;est-ce que la propri\u00e9t\u00e9 num\u00e9rique ?\" context=\"dpt\" data-dpt-src=\"https:\/\/www.markus-schall.de\/wp-content\/uploads\/Digitales-Eigentum.jpg\" data-dpt-sizes=\"(max-width: 1024px) 100vw, 1024px\" data-dpt-srcset=\"https:\/\/www.markus-schall.de\/wp-content\/uploads\/Digitales-Eigentum.jpg 1024w, https:\/\/www.markus-schall.de\/wp-content\/uploads\/Digitales-Eigentum-300x200.jpg 300w, https:\/\/www.markus-schall.de\/wp-content\/uploads\/Digitales-Eigentum-768x512.jpg 768w, https:\/\/www.markus-schall.de\/wp-content\/uploads\/Digitales-Eigentum-18x12.jpg 18w\" \/><\/div><span class=\"dpt-thumbnail-aspect-ratio\" style=\"padding-top: 75%\"><\/span><\/div><\/div><div class=\"sub-entry\"><h3 class=\"dpt-title\"><a class=\"dpt-title-link\" href=\"https:\/\/www.markus-schall.de\/fr\/2026\/02\/la-propriete-numerique-expliquee-comment-creer-des-actifs-durables-en-ligne\/\" rel=\"bookmark\">La propri\u00e9t\u00e9 num\u00e9rique expliqu\u00e9e - Comment se cr\u00e9ent des actifs durables en ligne<\/a><\/h3><\/div><\/div>\n\t\t\t\t\t\t<\/div><!-- .dpt-entry -->\n\t\t\t\t\t\t\t\t\t\t\t\t<div class=\"dpt-entry has-thumbnail\" data-title=\"stress ist keine naturgewalt \u2013 wie man sich freir\u00e4ume zur\u00fcckholt, schritt f\u00fcr schritt\" data-id=\"3152\"  data-category=\"allgemein gesellschaft gesundheit tipps &amp; anleitungen\" data-post_tag=\"cmd erfahrungen gesundheit krisen pers\u00f6nlichkeitsentwicklung prozesse ratgeber\">\n\t\t\t\t\t\t\t<div class=\"dpt-entry-wrapper\"><div class=\"dpt-featured-content\"><div class=\"dpt-permalink\"><a href=\"https:\/\/www.markus-schall.de\/fr\/2025\/10\/le-stress-nest-pas-une-force-de-la-nature-comment-retrouver-des-espaces-de-liberte-pas-a-pas\/\" class=\"dpt-permalink\"><span class=\"screen-reader-text\">Le stress n'est pas une force de la nature - Comment se r\u00e9approprier des espaces de libert\u00e9, \u00e9tape par \u00e9tape<\/span><\/a><\/div><div class=\"dpt-thumbnail\"><div class=\"dpt-thumbnail-inner\"><img width=\"1024\" height=\"683\" class=\"attachment-full size-full\" alt=\"Le stress n&#039;est pas une force de la nature\" context=\"dpt\" data-dpt-src=\"https:\/\/www.markus-schall.de\/wp-content\/uploads\/stress-naturgewalt-titel.jpg\" data-dpt-sizes=\"(max-width: 1024px) 100vw, 1024px\" data-dpt-srcset=\"https:\/\/www.markus-schall.de\/wp-content\/uploads\/stress-naturgewalt-titel.jpg 1024w, https:\/\/www.markus-schall.de\/wp-content\/uploads\/stress-naturgewalt-titel-300x200.jpg 300w, https:\/\/www.markus-schall.de\/wp-content\/uploads\/stress-naturgewalt-titel-768x512.jpg 768w, https:\/\/www.markus-schall.de\/wp-content\/uploads\/stress-naturgewalt-titel-18x12.jpg 18w\" \/><\/div><span class=\"dpt-thumbnail-aspect-ratio\" style=\"padding-top: 75%\"><\/span><\/div><\/div><div class=\"sub-entry\"><h3 class=\"dpt-title\"><a class=\"dpt-title-link\" href=\"https:\/\/www.markus-schall.de\/fr\/2025\/10\/le-stress-nest-pas-une-force-de-la-nature-comment-retrouver-des-espaces-de-liberte-pas-a-pas\/\" rel=\"bookmark\">Le stress n'est pas une force de la nature - Comment se r\u00e9approprier des espaces de libert\u00e9, \u00e9tape par \u00e9tape<\/a><\/h3><\/div><\/div>\n\t\t\t\t\t\t<\/div><!-- .dpt-entry -->\n\t\t\t\t\t\t\n\t\t\t\t<\/div>\n\t\t\t\t\t\t<\/div>\n\t\t\t\n<hr \/>\n<h2>Foire aux questions<\/h2>\n<ol>\n<li><strong>Qu'est-ce qui a rendu la pand\u00e9mie si peu fiable pour les pr\u00e9visions \u00e9conomiques ?<\/strong><br \/>\nLa pand\u00e9mie a r\u00e9uni plusieurs facteurs exceptionnels en m\u00eame temps, allant de la perturbation de la cha\u00eene d'approvisionnement mondiale \u00e0 l'intervention des pouvoirs publics et aux changements de comportement des consommateurs. Cette combinaison n'\u00e9tait pas suffisamment prise en compte dans de nombreux mod\u00e8les.<\/li>\n<li><strong>Pourquoi de nombreux \u00e9conomistes se sont-ils tromp\u00e9s sur l'inflation ?<\/strong><br \/>\nBeaucoup pensaient que le taux de ch\u00f4mage \u00e9lev\u00e9 et le comportement prudent des consommateurs maintiendraient les prix stables. Cependant, les v\u00e9ritables goulets d'\u00e9tranglement au niveau de la production et de la logistique ont entra\u00een\u00e9 une forte hausse des prix.<\/li>\n<li><strong>Quel r\u00f4le les cha\u00eenes d'approvisionnement ont-elles jou\u00e9 dans l'inflation ?<\/strong><br \/>\nIls ont \u00e9t\u00e9 un facteur d\u00e9cisif. Les arr\u00eats de production et les probl\u00e8mes de transport ont entra\u00een\u00e9 des p\u00e9nuries d'offre qui ont fait grimper les prix de mani\u00e8re significative dans de nombreux secteurs.<\/li>\n<li><strong>Pourquoi l'inflation a-t-elle \u00e9volu\u00e9 de mani\u00e8re si diff\u00e9rente des pr\u00e9visions ?<\/strong><br \/>\nParce que plusieurs facteurs d'influence ont agi simultan\u00e9ment, notamment les programmes d'aide publique, les effets de rattrapage de la consommation et les perturbations mondiales - une combinaison rarement observ\u00e9e sous cette forme.<\/li>\n<li><strong>Pourquoi les \u00c9tats-Unis ont-ils pu se r\u00e9tablir plus rapidement que de nombreux pays europ\u00e9ens ?<\/strong><br \/>\nLes \u00c9tats-Unis ont b\u00e9n\u00e9fici\u00e9 d'un march\u00e9 du travail plus flexible, d'importantes mesures de soutien du gouvernement et d'une moindre d\u00e9pendance aux chocs externes tels que la crise \u00e9nerg\u00e9tique en Europe.<\/li>\n<li><strong>Quelle est l'importance du march\u00e9 du travail pour la croissance \u00e9conomique ?<\/strong><br \/>\nUn march\u00e9 du travail flexible permet de r\u00e9agir plus rapidement aux changements. Les travailleurs peuvent plus facilement se tourner vers des secteurs en croissance, ce qui acc\u00e9l\u00e8re la reprise.<\/li>\n<li><strong>Pourquoi la productivit\u00e9 a-t-elle \u00e9t\u00e9 partiellement surestim\u00e9e pendant la pand\u00e9mie ?<\/strong><br \/>\nUne partie de l'augmentation est due \u00e0 des effets statistiques, comme la fermeture de secteurs moins productifs. De ce fait, la productivit\u00e9 totale a sembl\u00e9 plus \u00e9lev\u00e9e qu'elle ne l'\u00e9tait en r\u00e9alit\u00e9.<\/li>\n<li><strong>Que sont les effets dits de composition en mati\u00e8re de productivit\u00e9 ?<\/strong><br \/>\nLa structure de l'\u00e9conomie se modifie, de sorte que les secteurs plus productifs prennent plus d'importance. Cela augmente la productivit\u00e9 mesur\u00e9e sans qu'il y ait de r\u00e9els gains d'efficacit\u00e9.<\/li>\n<li><strong>La num\u00e9risation a-t-elle am\u00e9lior\u00e9 la productivit\u00e9 de mani\u00e8re durable ?<\/strong><br \/>\nEn partie oui, mais de nombreux effets ont \u00e9t\u00e9 \u00e0 court terme. Les am\u00e9liorations \u00e0 long terme d\u00e9pendent de la mani\u00e8re dont les nouvelles m\u00e9thodes de travail et les nouvelles technologies sont int\u00e9gr\u00e9es de mani\u00e8re durable.<\/li>\n<li><strong>Pourquoi la dette publique a-t-elle augment\u00e9 si fortement ?<\/strong><br \/>\nLes gouvernements ont d\u00fb financer de vastes programmes d'aide pour soutenir les entreprises, pr\u00e9server les emplois et amortir les chutes \u00e9conomiques.<\/li>\n<li><strong>Une dette publique \u00e9lev\u00e9e est-elle fondamentalement probl\u00e9matique ?<\/strong><br \/>\nElle peut comporter des risques \u00e0 long terme, mais elle est souvent n\u00e9cessaire en p\u00e9riode de crise pour \u00e9viter des dommages \u00e9conomiques plus importants.<\/li>\n<li><strong>Quels pays ont \u00e9t\u00e9 particuli\u00e8rement touch\u00e9s par l'augmentation de l'endettement ?<\/strong><br \/>\nSurtout les pays qui ont d\u00e9j\u00e0 un endettement \u00e9lev\u00e9 ou un acc\u00e8s limit\u00e9 aux march\u00e9s des capitaux, comme dans certaines r\u00e9gions d'Afrique ou d'Asie de l'Est.<\/li>\n<li><strong>Quelles peuvent \u00eatre les cons\u00e9quences \u00e0 long terme de l'endettement ?<\/strong><br \/>\nElle peut limiter les investissements futurs, conduire \u00e0 des mesures d'aust\u00e9rit\u00e9 ou r\u00e9duire la marge de man\u0153uvre des gouvernements.<\/li>\n<li><strong>Quelle est la principale le\u00e7on \u00e0 tirer des erreurs d'appr\u00e9ciation de la pand\u00e9mie ?<\/strong><br \/>\nQue les d\u00e9veloppements \u00e9conomiques sont plus complexes que ce que de nombreux mod\u00e8les peuvent repr\u00e9senter, en particulier en p\u00e9riode de crise o\u00f9 plusieurs facteurs agissent simultan\u00e9ment.<\/li>\n<li><strong>Comment les pr\u00e9visions \u00e9conomiques devraient-elles \u00eatre am\u00e9lior\u00e9es \u00e0 l'avenir ?<\/strong><br \/>\nEn tenant davantage compte des incertitudes, des sc\u00e9narios alternatifs et en \u00e9tant plus ouvert aux diff\u00e9rentes \u00e9volutions plut\u00f4t qu'aux hypoth\u00e8ses trop rigides.<\/li>\n<\/ol>\n<hr \/>\n\n\t\t\t<div class=\"display-post-types\">\n\n\t\t\t\t\t\t\t<style type=\"text\/css\">\n\t\t\t#dpt-wrapper-409 { --dpt-text-align: left;--dpt-image-crop: center;--dpt-border-radius: 5px;--dpt-h-gutter: 10px;--dpt-v-gutter: 9px; }\t\t\t<\/style>\n\t\t\t<style type=\"text\/css\">#dpt-wrapper-409 { --dpt-title-font-style:normal;--dpt-title-font-weight:600;--dpt-title-line-height:1.5;--dpt-title-text-decoration:none;--dpt-title-text-transform:none;--dpt-excerpt-font-style:normal;--dpt-excerpt-font-weight:400;--dpt-excerpt-line-height:1.5;--dpt-excerpt-text-decoration:none;--dpt-excerpt-text-transform:none;--dpt-meta1-font-style:normal;--dpt-meta1-font-weight:400;--dpt-meta1-line-height:1.9;--dpt-meta1-text-decoration:none;--dpt-meta1-text-transform:none;--dpt-meta2-font-style:normal;--dpt-meta2-font-weight:400;--dpt-meta2-line-height:1.9;--dpt-meta2-text-decoration:none;--dpt-meta2-text-transform:none; }<\/style><div class=\"dpt-main-header\">\n\t\t\t\t\t\t<div class=\"dpt-main-title\">\n\t\t\t\t\t\t\t<span class=\"dpt-main-title-text\">Derniers articles sur l'intelligence artificielle<\/span>\n\t\t\t\t\t\t<\/div>\n\t\t\t\t\t\t\n\t\t\t\t\t\t\n\t\t\t\t\t\t\n\t\t\t\t\t\t<\/div>\t\t\t\n\t\t\t\t<div id=\"dpt-wrapper-409\" class=\"dpt-wrapper dpt-mag1 land1 dpt-cropped dpt-flex-wrap\" >\n\n\t\t\t\t\t\t\t\t\t\t\t<div class=\"dpt-entry has-thumbnail\" data-title=\"ki als sparringspartner nutzen: wie denken im dialog produktiver wird\" data-id=\"4121\"  data-category=\"b\u00fccher ki-systeme tipps &amp; anleitungen\" data-post_tag=\"buch datenlogik denkmodelle k\u00fcnstliche intelligenz lernen llm ratgeber sprachmodell\">\n\t\t\t\t\t\t\t<div class=\"dpt-entry-wrapper\"><div class=\"dpt-featured-content\"><div class=\"dpt-permalink\"><a href=\"https:\/\/www.markus-schall.de\/fr\/2025\/12\/utiliser-ki-comme-sparring-partner-comment-penser-de-maniere-plus-productive-en-dialoguant\/\" class=\"dpt-permalink\"><span class=\"screen-reader-text\">Utiliser l'IA comme sparring-partner : Comment la r\u00e9flexion en dialogue devient plus productive<\/span><\/a><\/div><div class=\"dpt-thumbnail\"><div class=\"dpt-thumbnail-inner\"><img width=\"1024\" height=\"683\" class=\"attachment-full size-full\" alt=\"L&#039;IA comme partenaire d&#039;\u00e9pargne\" context=\"dpt\" data-dpt-src=\"https:\/\/www.markus-schall.de\/wp-content\/uploads\/ki-als-sparringspartner-laptop.jpg\" data-dpt-sizes=\"(max-width: 1024px) 100vw, 1024px\" data-dpt-srcset=\"https:\/\/www.markus-schall.de\/wp-content\/uploads\/ki-als-sparringspartner-laptop.jpg 1024w, https:\/\/www.markus-schall.de\/wp-content\/uploads\/ki-als-sparringspartner-laptop-300x200.jpg 300w, https:\/\/www.markus-schall.de\/wp-content\/uploads\/ki-als-sparringspartner-laptop-768x512.jpg 768w, https:\/\/www.markus-schall.de\/wp-content\/uploads\/ki-als-sparringspartner-laptop-18x12.jpg 18w\" \/><\/div><span class=\"dpt-thumbnail-aspect-ratio\" style=\"padding-top: 75%\"><\/span><\/div><\/div><div class=\"sub-entry\"><h3 class=\"dpt-title\"><a class=\"dpt-title-link\" href=\"https:\/\/www.markus-schall.de\/fr\/2025\/12\/utiliser-ki-comme-sparring-partner-comment-penser-de-maniere-plus-productive-en-dialoguant\/\" rel=\"bookmark\">Utiliser l'IA comme sparring-partner : Comment la r\u00e9flexion en dialogue devient plus productive<\/a><\/h3><\/div><\/div>\n\t\t\t\t\t\t<\/div><!-- .dpt-entry -->\n\t\t\t\t\t\t\t\t\t\t\t\t<div class=\"dpt-entry has-thumbnail\" data-title=\"mlx auf apple silicon als lokale ki im vergleich mit ollama &#038; co.\" data-id=\"2857\"  data-category=\"apple macos ki-systeme\" data-post_tag=\"datenschutz k\u00fcnstliche intelligenz llama llm mistral mlx ollama sprachmodell\">\n\t\t\t\t\t\t\t<div class=\"dpt-entry-wrapper\"><div class=\"dpt-featured-content\"><div class=\"dpt-permalink\"><a href=\"https:\/\/www.markus-schall.de\/fr\/2025\/09\/mlx-sur-apple-silicon-comme-ki-local-compare-a-ollama-co\/\" class=\"dpt-permalink\"><span class=\"screen-reader-text\">MLX sur Apple Silicon comme IA locale compar\u00e9e \u00e0 Ollama &amp; Co.<\/span><\/a><\/div><div class=\"dpt-thumbnail\"><div class=\"dpt-thumbnail-inner\"><img width=\"1024\" height=\"576\" class=\"attachment-full size-full\" alt=\"L&#039;IA locale sur Mac avec MLX\" context=\"dpt\" data-dpt-src=\"https:\/\/www.markus-schall.de\/wp-content\/uploads\/mlx-lokale-ki-apple-silicon.jpg\" data-dpt-sizes=\"(max-width: 1024px) 100vw, 1024px\" data-dpt-srcset=\"https:\/\/www.markus-schall.de\/wp-content\/uploads\/mlx-lokale-ki-apple-silicon.jpg 1024w, https:\/\/www.markus-schall.de\/wp-content\/uploads\/mlx-lokale-ki-apple-silicon-300x169.jpg 300w, https:\/\/www.markus-schall.de\/wp-content\/uploads\/mlx-lokale-ki-apple-silicon-768x432.jpg 768w, https:\/\/www.markus-schall.de\/wp-content\/uploads\/mlx-lokale-ki-apple-silicon-18x10.jpg 18w\" \/><\/div><span class=\"dpt-thumbnail-aspect-ratio\" style=\"padding-top: 75%\"><\/span><\/div><\/div><div class=\"sub-entry\"><h3 class=\"dpt-title\"><a class=\"dpt-title-link\" href=\"https:\/\/www.markus-schall.de\/fr\/2025\/09\/mlx-sur-apple-silicon-comme-ki-local-compare-a-ollama-co\/\" rel=\"bookmark\">MLX sur Apple Silicon comme IA locale compar\u00e9e \u00e0 Ollama &amp; Co.<\/a><\/h3><\/div><\/div>\n\t\t\t\t\t\t<\/div><!-- .dpt-entry -->\n\t\t\t\t\t\t\t\t\t\t\t\t<div class=\"dpt-entry has-thumbnail\" data-title=\"wie man heute schon ki-spezialisten ausbilden kann \u2013 chancen f\u00fcr unternehmen und azubis\" data-id=\"3120\"  data-category=\"allgemein b\u00fccher ki-systeme tipps &amp; anleitungen\" data-post_tag=\"buch datenbanken datenlogik denkmodelle k\u00fcnstliche intelligenz llm sprachmodell\">\n\t\t\t\t\t\t\t<div class=\"dpt-entry-wrapper\"><div class=\"dpt-featured-content\"><div class=\"dpt-permalink\"><a href=\"https:\/\/www.markus-schall.de\/fr\/2025\/10\/comment-former-des-specialistes-du-ki-des-aujourdhui-opportunites-pour-les-entreprises-et-les-apprentis\/\" class=\"dpt-permalink\"><span class=\"screen-reader-text\">Comment former des sp\u00e9cialistes de l'IA d\u00e8s aujourd'hui - opportunit\u00e9s pour les entreprises et les apprentis<\/span><\/a><\/div><div class=\"dpt-thumbnail\"><div class=\"dpt-thumbnail-inner\"><img width=\"1024\" height=\"683\" class=\"attachment-full size-full\" alt=\"Former un sp\u00e9cialiste de l&#039;IA\" context=\"dpt\" data-dpt-src=\"https:\/\/www.markus-schall.de\/wp-content\/uploads\/ki-spezialist-ausbildung.jpg\" data-dpt-sizes=\"(max-width: 1024px) 100vw, 1024px\" data-dpt-srcset=\"https:\/\/www.markus-schall.de\/wp-content\/uploads\/ki-spezialist-ausbildung.jpg 1024w, https:\/\/www.markus-schall.de\/wp-content\/uploads\/ki-spezialist-ausbildung-300x200.jpg 300w, https:\/\/www.markus-schall.de\/wp-content\/uploads\/ki-spezialist-ausbildung-768x512.jpg 768w, https:\/\/www.markus-schall.de\/wp-content\/uploads\/ki-spezialist-ausbildung-18x12.jpg 18w\" \/><\/div><span class=\"dpt-thumbnail-aspect-ratio\" style=\"padding-top: 75%\"><\/span><\/div><\/div><div class=\"sub-entry\"><h3 class=\"dpt-title\"><a class=\"dpt-title-link\" href=\"https:\/\/www.markus-schall.de\/fr\/2025\/10\/comment-former-des-specialistes-du-ki-des-aujourdhui-opportunites-pour-les-entreprises-et-les-apprentis\/\" rel=\"bookmark\">Comment former des sp\u00e9cialistes de l'IA d\u00e8s aujourd'hui - opportunit\u00e9s pour les entreprises et les apprentis<\/a><\/h3><\/div><\/div>\n\t\t\t\t\t\t<\/div><!-- .dpt-entry -->\n\t\t\t\t\t\t\t\t\t\t\t\t<div class=\"dpt-entry has-thumbnail\" data-title=\"mit klarheit durch die krise: wie ki neue perspektiven er\u00f6ffnet\" data-id=\"2436\"  data-category=\"b\u00fccher\" data-post_tag=\"buch krisen k\u00fcnstliche intelligenz lernen pers\u00f6nlichkeitsentwicklung ratgeber\">\n\t\t\t\t\t\t\t<div class=\"dpt-entry-wrapper\"><div class=\"dpt-featured-content\"><div class=\"dpt-permalink\"><a href=\"https:\/\/www.markus-schall.de\/fr\/2025\/08\/traverser-la-crise-avec-clarte-comment-ki-ouvre-de-nouvelles-perspectives\/\" class=\"dpt-permalink\"><span class=\"screen-reader-text\">Traverser la crise avec lucidit\u00e9 : comment l'IA ouvre de nouvelles perspectives<\/span><\/a><\/div><div class=\"dpt-thumbnail\"><div class=\"dpt-thumbnail-inner\"><img width=\"838\" height=\"1200\" class=\"attachment-full size-full\" alt=\"Livre &#039;Krisen als Wendepunkte - lernen, wachsen, gestalten&#039; (Les crises comme tournants - apprendre, grandir, cr\u00e9er)\" context=\"dpt\" data-dpt-src=\"https:\/\/www.markus-schall.de\/wp-content\/uploads\/Krisen-Cover-Front-DEjpg.jpg\" data-dpt-sizes=\"(max-width: 838px) 100vw, 838px\" data-dpt-srcset=\"https:\/\/www.markus-schall.de\/wp-content\/uploads\/Krisen-Cover-Front-DEjpg.jpg 838w, https:\/\/www.markus-schall.de\/wp-content\/uploads\/Krisen-Cover-Front-DEjpg-210x300.jpg 210w, https:\/\/www.markus-schall.de\/wp-content\/uploads\/Krisen-Cover-Front-DEjpg-715x1024.jpg 715w, https:\/\/www.markus-schall.de\/wp-content\/uploads\/Krisen-Cover-Front-DEjpg-768x1100.jpg 768w, https:\/\/www.markus-schall.de\/wp-content\/uploads\/Krisen-Cover-Front-DEjpg-8x12.jpg 8w\" \/><\/div><span class=\"dpt-thumbnail-aspect-ratio\" style=\"padding-top: 75%\"><\/span><\/div><\/div><div class=\"sub-entry\"><h3 class=\"dpt-title\"><a class=\"dpt-title-link\" href=\"https:\/\/www.markus-schall.de\/fr\/2025\/08\/traverser-la-crise-avec-clarte-comment-ki-ouvre-de-nouvelles-perspectives\/\" rel=\"bookmark\">Traverser la crise avec lucidit\u00e9 : comment l'IA ouvre de nouvelles perspectives<\/a><\/h3><\/div><\/div>\n\t\t\t\t\t\t<\/div><!-- .dpt-entry -->\n\t\t\t\t\t\t\n\t\t\t\t<\/div>\n\t\t\t\t\t\t<\/div>\n\t\t\t\n<hr \/>","protected":false},"excerpt":{"rendered":"<p>Noch w\u00e4hrend der Corona-Pandemie waren sich viele \u00d6konomen erstaunlich einig: Die gro\u00dfe Gefahr sei eine Phase niedriger Inflation, vielleicht sogar Deflation. Wenige Jahre sp\u00e4ter zeigt sich ein anderes Bild. Die Inflation erreichte in vielen L\u00e4ndern historische H\u00f6hen, Lieferketten brachen zusammen, und wirtschaftliche Entwicklungen verliefen anders als erwartet. Die Pandemie war nicht nur eine gesundheitliche Krise &#8230; <a title=\"Traverser la crise avec lucidit\u00e9 : comment l&#039;IA ouvre de nouvelles perspectives\" class=\"read-more\" href=\"https:\/\/www.markus-schall.de\/fr\/2025\/08\/traverser-la-crise-avec-clarte-comment-ki-ouvre-de-nouvelles-perspectives\/\" aria-label=\"En savoir plus sur Traverser la crise avec lucidit\u00e9 : comment l&#039;IA ouvre de nouvelles perspectives\">Lire la suite<\/a><\/p>","protected":false},"author":3,"featured_media":5883,"comment_status":"open","ping_status":"open","sticky":false,"template":"","format":"standard","meta":{"iawp_total_views":9,"footnotes":""},"categories":[1,466],"tags":[444,480,481,475,482,426],"class_list":["post-5882","post","type-post","status-publish","format-standard","has-post-thumbnail","hentry","category-allgemein","category-gesellschaft","tag-denkmodelle","tag-deutschland","tag-energiepolitik","tag-europa","tag-geopolitik","tag-krisen"],"_links":{"self":[{"href":"https:\/\/www.markus-schall.de\/fr\/wp-json\/wp\/v2\/posts\/5882","targetHints":{"allow":["GET"]}}],"collection":[{"href":"https:\/\/www.markus-schall.de\/fr\/wp-json\/wp\/v2\/posts"}],"about":[{"href":"https:\/\/www.markus-schall.de\/fr\/wp-json\/wp\/v2\/types\/post"}],"author":[{"embeddable":true,"href":"https:\/\/www.markus-schall.de\/fr\/wp-json\/wp\/v2\/users\/3"}],"replies":[{"embeddable":true,"href":"https:\/\/www.markus-schall.de\/fr\/wp-json\/wp\/v2\/comments?post=5882"}],"version-history":[{"count":10,"href":"https:\/\/www.markus-schall.de\/fr\/wp-json\/wp\/v2\/posts\/5882\/revisions"}],"predecessor-version":[{"id":5971,"href":"https:\/\/www.markus-schall.de\/fr\/wp-json\/wp\/v2\/posts\/5882\/revisions\/5971"}],"wp:featuredmedia":[{"embeddable":true,"href":"https:\/\/www.markus-schall.de\/fr\/wp-json\/wp\/v2\/media\/5883"}],"wp:attachment":[{"href":"https:\/\/www.markus-schall.de\/fr\/wp-json\/wp\/v2\/media?parent=5882"}],"wp:term":[{"taxonomy":"category","embeddable":true,"href":"https:\/\/www.markus-schall.de\/fr\/wp-json\/wp\/v2\/categories?post=5882"},{"taxonomy":"post_tag","embeddable":true,"href":"https:\/\/www.markus-schall.de\/fr\/wp-json\/wp\/v2\/tags?post=5882"}],"curies":[{"name":"wp","href":"https:\/\/api.w.org\/{rel}","templated":true}]}}