{"id":3624,"date":"2025-11-24T08:13:51","date_gmt":"2025-11-24T08:13:51","guid":{"rendered":"https:\/\/www.markus-schall.de\/?p=3624"},"modified":"2025-11-29T07:40:37","modified_gmt":"2025-11-29T07:40:37","slug":"limmortalita-attraverso-la-tecnologia-quanto-sono-lontani-la-ricerca-e-il-ki","status":"publish","type":"post","link":"https:\/\/www.markus-schall.de\/it\/2025\/11\/unsterblichkeit-durch-technik-wie-weit-forschung-und-ki-wirklich-sind\/","title":{"rendered":"Immortalit\u00e0 attraverso la tecnologia: a che punto sono la ricerca e l'intelligenza artificiale"},"content":{"rendered":"<p>Seit es Menschen gibt, gibt es den Wunsch, das Leben zu verl\u00e4ngern &#8211; oder am liebsten gleich unendlich auszudehnen. Fr\u00fcher waren es Mythen, Religionen, Alchemisten oder geheimnisvolle Rituale, die den Menschen Hoffnung machten. Heute sitzen keine Zauberer mehr \u00fcber alten Pergamenten, sondern einige der reichsten Menschen der Welt \u00fcber modernster Biologie und KI-Technologie. Es klingt auf den ersten Blick nach Science-Fiction: Kann man Altern aufhalten? Kann man sich digital \u201ekonservieren\u201c? Kann man sein Denken in eine Maschine \u00fcbertragen?<\/p>\n<p>Doch das Thema hat l\u00e4ngst den Elfenbeinturm verlassen. Gro\u00dfe Tech-Milliard\u00e4re investieren inzwischen Milliarden in Projekte, die genau diese Fragen ernsthaft untersuchen. Nicht, weil sie unsterbliche G\u00f6tter werden wollen &#8211; sondern weil sie es sich leisten k\u00f6nnen, an den Grenzen des Machbaren zu forschen. Dieser Artikel erkl\u00e4rt ganz einfach, was hinter dieser Idee steckt, welche technischen Entwicklungen es heute schon gibt, wo die Grenzen liegen &#8211; und warum dieses Thema in den n\u00e4chsten 20 Jahren immer wichtiger werden wird.<!--more--><\/p>\n<hr \/>\n\n\t\t\t<div class=\"display-post-types\">\n\n\t\t\t\t\t\t\t<style type=\"text\/css\">\n\t\t\t#dpt-wrapper-904 { --dpt-text-align: left;--dpt-image-crop: center;--dpt-border-radius: 5px;--dpt-h-gutter: 10px;--dpt-v-gutter: 9px; }\t\t\t<\/style>\n\t\t\t<style type=\"text\/css\">#dpt-wrapper-904 { --dpt-title-font-style:normal;--dpt-title-font-weight:600;--dpt-title-line-height:1.5;--dpt-title-text-decoration:none;--dpt-title-text-transform:none;--dpt-excerpt-font-style:normal;--dpt-excerpt-font-weight:400;--dpt-excerpt-line-height:1.5;--dpt-excerpt-text-decoration:none;--dpt-excerpt-text-transform:none;--dpt-meta1-font-style:normal;--dpt-meta1-font-weight:400;--dpt-meta1-line-height:1.9;--dpt-meta1-text-decoration:none;--dpt-meta1-text-transform:none;--dpt-meta2-font-style:normal;--dpt-meta2-font-weight:400;--dpt-meta2-line-height:1.9;--dpt-meta2-text-decoration:none;--dpt-meta2-text-transform:none; }<\/style><div class=\" dpt-main-header\">\n\t\t\t\t\t\t<div class=\"dpt-main-title\">\n\t\t\t\t\t\t\t<span class=\"dpt-main-title-text\">Gesellschaftsthemen der Gegenwart<\/span>\n\t\t\t\t\t\t<\/div>\n\t\t\t\t\t\t\n\t\t\t\t\t\t\n\t\t\t\t\t\t\n\t\t\t\t\t\t<\/div>\t\t\t\n\t\t\t\t<div id=\"dpt-wrapper-904\" class=\"dpt-wrapper dpt-mag1 land1 dpt-cropped dpt-flex-wrap\" >\n\n\t\t\t\t\t\t\t\t\t\t\t<div class=\"dpt-entry has-thumbnail\" data-title=\"digitales geld verstehen: bitcoin, stablecoins und cbdcs einfach erkl\u00e4rt\" data-id=\"4211\"  data-category=\"allgemein gesellschaft\" data-post_tag=\"datenschutz digitales eigentum eu-gesetze europa geopolitik spieltheorie\">\n\t\t\t\t\t\t\t<div class=\"dpt-entry-wrapper\"><div class=\" dpt-featured-content\"><div class=\" dpt-permalink\"><a href=\"https:\/\/www.markus-schall.de\/it\/2026\/01\/digitales-geld-verstehen-bitcoin-stablecoins-und-cbdcs-einfach-erklaert\/\" class=\"dpt-permalink\"><span class=\"screen-reader-text\">Digitales Geld verstehen: Bitcoin, Stablecoins und CBDCs einfach erkl\u00e4rt<\/span><\/a><\/div><div class=\" dpt-thumbnail\"><div class=\"dpt-thumbnail-inner\"><img width=\"1024\" height=\"558\" class=\"attachment-full size-full\" alt=\"CBDCs, Kryptow\u00e4hrungen und Stablecoins\" context=\"dpt\" data-dpt-src=\"https:\/\/www.markus-schall.de\/wp-content\/uploads\/cbcd-kryptos-coins-tokens.jpg\" data-dpt-sizes=\"(max-width: 1024px) 100vw, 1024px\" data-dpt-srcset=\"https:\/\/www.markus-schall.de\/wp-content\/uploads\/cbcd-kryptos-coins-tokens.jpg 1024w, https:\/\/www.markus-schall.de\/wp-content\/uploads\/cbcd-kryptos-coins-tokens-300x163.jpg 300w, https:\/\/www.markus-schall.de\/wp-content\/uploads\/cbcd-kryptos-coins-tokens-768x419.jpg 768w, https:\/\/www.markus-schall.de\/wp-content\/uploads\/cbcd-kryptos-coins-tokens-18x10.jpg 18w\" \/><\/div><span class=\"dpt-thumbnail-aspect-ratio\" style=\"padding-top: 75%\"><\/span><\/div><\/div><div class=\" sub-entry\"><h3 class=\" dpt-title\"><a class=\"dpt-title-link\" href=\"https:\/\/www.markus-schall.de\/it\/2026\/01\/digitales-geld-verstehen-bitcoin-stablecoins-und-cbdcs-einfach-erklaert\/\" rel=\"bookmark\">Digitales Geld verstehen: Bitcoin, Stablecoins und CBDCs einfach erkl\u00e4rt<\/a><\/h3><\/div><\/div>\n\t\t\t\t\t\t<\/div><!-- .dpt-entry -->\n\t\t\t\t\t\t\t\t\t\t\t\t<div class=\"dpt-entry has-thumbnail\" data-title=\"russland, nato und die angst vor dem krieg: was sich belegen l\u00e4sst &#8211; und was nicht\" data-id=\"4801\"  data-category=\"allgemein gesellschaft\" data-post_tag=\"deutschland energiepolitik eu-gesetze europa geopolitik krisen meinungsfreiheit sicherheitspolitik\">\n\t\t\t\t\t\t\t<div class=\"dpt-entry-wrapper\"><div class=\" dpt-featured-content\"><div class=\" dpt-permalink\"><a href=\"https:\/\/www.markus-schall.de\/it\/2026\/02\/russland-nato-und-die-angst-vor-dem-krieg-was-sich-belegen-laesst-und-was-nicht\/\" class=\"dpt-permalink\"><span class=\"screen-reader-text\">Russland, NATO und die Angst vor dem Krieg: Was sich belegen l\u00e4sst &#8211; und was nicht<\/span><\/a><\/div><div class=\" dpt-thumbnail\"><div class=\"dpt-thumbnail-inner\"><img width=\"1024\" height=\"683\" class=\"attachment-full size-full\" alt=\"NATO, Russland und die Angst vor einem Krieg\" context=\"dpt\" data-dpt-src=\"https:\/\/www.markus-schall.de\/wp-content\/uploads\/NATO-Russland.jpg\" data-dpt-sizes=\"(max-width: 1024px) 100vw, 1024px\" data-dpt-srcset=\"https:\/\/www.markus-schall.de\/wp-content\/uploads\/NATO-Russland.jpg 1024w, https:\/\/www.markus-schall.de\/wp-content\/uploads\/NATO-Russland-300x200.jpg 300w, https:\/\/www.markus-schall.de\/wp-content\/uploads\/NATO-Russland-768x512.jpg 768w, https:\/\/www.markus-schall.de\/wp-content\/uploads\/NATO-Russland-18x12.jpg 18w\" \/><\/div><span class=\"dpt-thumbnail-aspect-ratio\" style=\"padding-top: 75%\"><\/span><\/div><\/div><div class=\" sub-entry\"><h3 class=\" dpt-title\"><a class=\"dpt-title-link\" href=\"https:\/\/www.markus-schall.de\/it\/2026\/02\/russland-nato-und-die-angst-vor-dem-krieg-was-sich-belegen-laesst-und-was-nicht\/\" rel=\"bookmark\">Russland, NATO und die Angst vor dem Krieg: Was sich belegen l\u00e4sst &#8211; und was nicht<\/a><\/h3><\/div><\/div>\n\t\t\t\t\t\t<\/div><!-- .dpt-entry -->\n\t\t\t\t\t\t\t\t\t\t\t\t<div class=\"dpt-entry has-thumbnail\" data-title=\"ist t\u00f6ten w\u00fcrdelos? eine n\u00fcchterne frage zu mord, terror und krieg\" data-id=\"4550\"  data-category=\"allgemein gesellschaft gesundheit\" data-post_tag=\"denkmodelle erfahrungen europa geopolitik gesundheit krisen meinungsfreiheit sicherheitspolitik\">\n\t\t\t\t\t\t\t<div class=\"dpt-entry-wrapper\"><div class=\" dpt-featured-content\"><div class=\" dpt-permalink\"><a href=\"https:\/\/www.markus-schall.de\/it\/2026\/01\/ist-toeten-wuerdelos-eine-nuechterne-frage-zu-mord-terror-und-krieg\/\" class=\"dpt-permalink\"><span class=\"screen-reader-text\">Ist T\u00f6ten w\u00fcrdelos? Eine n\u00fcchterne Frage zu Mord, Terror und Krieg<\/span><\/a><\/div><div class=\" dpt-thumbnail\"><div class=\"dpt-thumbnail-inner\"><img width=\"1024\" height=\"683\" class=\"attachment-full size-full\" alt=\"Ist T\u00f6ten w\u00fcrdelos?\" context=\"dpt\" data-dpt-src=\"https:\/\/www.markus-schall.de\/wp-content\/uploads\/toeten-wuerdelos-Titel.jpg\" data-dpt-sizes=\"(max-width: 1024px) 100vw, 1024px\" data-dpt-srcset=\"https:\/\/www.markus-schall.de\/wp-content\/uploads\/toeten-wuerdelos-Titel.jpg 1024w, https:\/\/www.markus-schall.de\/wp-content\/uploads\/toeten-wuerdelos-Titel-300x200.jpg 300w, https:\/\/www.markus-schall.de\/wp-content\/uploads\/toeten-wuerdelos-Titel-768x512.jpg 768w, https:\/\/www.markus-schall.de\/wp-content\/uploads\/toeten-wuerdelos-Titel-18x12.jpg 18w\" \/><\/div><span class=\"dpt-thumbnail-aspect-ratio\" style=\"padding-top: 75%\"><\/span><\/div><\/div><div class=\" sub-entry\"><h3 class=\" dpt-title\"><a class=\"dpt-title-link\" href=\"https:\/\/www.markus-schall.de\/it\/2026\/01\/ist-toeten-wuerdelos-eine-nuechterne-frage-zu-mord-terror-und-krieg\/\" rel=\"bookmark\">Ist T\u00f6ten w\u00fcrdelos? Eine n\u00fcchterne Frage zu Mord, Terror und Krieg<\/a><\/h3><\/div><\/div>\n\t\t\t\t\t\t<\/div><!-- .dpt-entry -->\n\t\t\t\t\t\t\t\t\t\t\t\t<div class=\"dpt-entry has-thumbnail\" data-title=\"reichweite ist kein eigentum &#8211; warum sichtbarkeit heute nicht mehr ausreicht\" data-id=\"3994\"  data-category=\"allgemein filemaker &amp; erp gesellschaft kunst &amp; kultur\" data-post_tag=\"datenlogik datenschutz denkmodelle digitales eigentum erp-software\">\n\t\t\t\t\t\t\t<div class=\"dpt-entry-wrapper\"><div class=\" dpt-featured-content\"><div class=\" dpt-permalink\"><a href=\"https:\/\/www.markus-schall.de\/it\/2025\/12\/reichweite-ist-kein-eigentum-warum-sichtbarkeit-heute-nicht-mehr-ausreicht\/\" class=\"dpt-permalink\"><span class=\"screen-reader-text\">Reichweite ist kein Eigentum &#8211; Warum Sichtbarkeit heute nicht mehr ausreicht<\/span><\/a><\/div><div class=\" dpt-thumbnail\"><div class=\"dpt-thumbnail-inner\"><img width=\"1024\" height=\"683\" class=\"attachment-full size-full\" alt=\"Reichweite vs. Eigentum\" context=\"dpt\" data-dpt-src=\"https:\/\/www.markus-schall.de\/wp-content\/uploads\/reichweite-vs-eigentum.jpg\" data-dpt-sizes=\"(max-width: 1024px) 100vw, 1024px\" data-dpt-srcset=\"https:\/\/www.markus-schall.de\/wp-content\/uploads\/reichweite-vs-eigentum.jpg 1024w, https:\/\/www.markus-schall.de\/wp-content\/uploads\/reichweite-vs-eigentum-300x200.jpg 300w, https:\/\/www.markus-schall.de\/wp-content\/uploads\/reichweite-vs-eigentum-768x512.jpg 768w, https:\/\/www.markus-schall.de\/wp-content\/uploads\/reichweite-vs-eigentum-18x12.jpg 18w\" \/><\/div><span class=\"dpt-thumbnail-aspect-ratio\" style=\"padding-top: 75%\"><\/span><\/div><\/div><div class=\" sub-entry\"><h3 class=\" dpt-title\"><a class=\"dpt-title-link\" href=\"https:\/\/www.markus-schall.de\/it\/2025\/12\/reichweite-ist-kein-eigentum-warum-sichtbarkeit-heute-nicht-mehr-ausreicht\/\" rel=\"bookmark\">Reichweite ist kein Eigentum &#8211; Warum Sichtbarkeit heute nicht mehr ausreicht<\/a><\/h3><\/div><\/div>\n\t\t\t\t\t\t<\/div><!-- .dpt-entry -->\n\t\t\t\t\t\t\n\t\t\t\t<\/div>\n\t\t\t\t\t\t<\/div>\n\t\t\t\n<hr \/>\n<h2>Der uralte Traum &#8211; warum gerade die Tech-Elite ihn wiederbelebt<\/h2>\n<p>Der Wunsch nach Unsterblichkeit hat fast jede Kultur begleitet. Ob in alten Sagen, Religionen oder Legenden &#8211; immer wieder taucht der Gedanke auf, der Mensch k\u00f6nne dem Tod ein Schnippchen schlagen. Die einen suchten nach magischen Quellen, andere nach besonderen Kr\u00e4utern oder g\u00f6ttlicher Gnade. Jede Epoche hatte ihre eigene Variante, aber das Ziel war stets dasselbe: das Leben verl\u00e4ngern.<\/p>\n<p>Dahinter steckte weniger Gr\u00f6\u00dfenwahn als vielmehr ein zutiefst menschliches Gef\u00fchl: Angst vor dem Verlust, Angst vor dem Ende, und gleichzeitig die Sehnsucht, mehr Zeit zu haben.<\/p>\n<h3>Warum ausgerechnet Tech-Milliard\u00e4re dieses Thema neu entfacht haben<\/h3>\n<p>Was fr\u00fcher ein Traum der Philosophen war, ist heute ein Forschungsfeld der Reichen und Technologisch-Versierten. Interessanterweise sind es vor allem Menschen aus dem Silicon Valley, die sich intensiv mit Unsterblichkeit besch\u00e4ftigen &#8211; also Leute, die ihr Leben lang gelernt haben, Probleme durch Technik zu l\u00f6sen.<\/p>\n<p>Die Tech-Elite denkt anders als klassische Wissenschaftler. Ihre Haltung lautet ungef\u00e4hr:<\/p>\n<blockquote><p><em>\u201eWenn man etwas in seine Einzelteile zerlegen kann, kann man es reparieren.\u201c<\/em><\/p><\/blockquote>\n<p>F\u00fcr sie ist Altern kein Schicksal, sondern ein technisches Problem &#8211; vergleichbar mit einem komplexen Softwarefehler oder einem Hardwaredefekt. Der gro\u00dfe Unterschied: Heute gibt es erstmals die n\u00f6tigen Werkzeuge. Fr\u00fcher hatte man nichts au\u00dfer Mythen. Heute gibt es:<\/p>\n<ul>\n<li>Genetik<\/li>\n<li>Stammzellforschung<\/li>\n<li>k\u00fcnstliche Organe<\/li>\n<li>KI-gest\u00fctzte Datenanalyse<\/li>\n<li>Robotik<\/li>\n<li>Simulationen auf Supercomputer-Niveau<\/li>\n<\/ul>\n<p>All das zusammen ist eine v\u00f6llig neue Ausgangslage. Million\u00e4re des 19. Jahrhunderts konnten sich Schl\u00f6sser bauen. Million\u00e4re des 21. Jahrhunderts k\u00f6nnen sich Forschungsteams, Labore und Biotechnik-Startups leisten. Das macht einen enormen Unterschied.<\/p>\n<h3>Die Mentalit\u00e4t der Tech-Szene spielt eine gro\u00dfe Rolle<\/h3>\n<p>Tech-Unternehmer wurden in einer Welt gro\u00df, in der:<\/p>\n<ul>\n<li>Probleme l\u00f6sbar sind<\/li>\n<li>Innovationen schnell passieren<\/li>\n<li>Grenzen flie\u00dfend werden<\/li>\n<li>man Dinge ausprobiert, statt dar\u00fcber zu sprechen<\/li>\n<\/ul>\n<p>Und genau diese Generation fragt jetzt:<\/p>\n<blockquote><p><em>\u201eWarum akzeptieren wir eigentlich, dass der K\u00f6rper altert &#8211; nur weil er es schon immer getan hat?\u201c<\/em><\/p><\/blockquote>\n<p>F\u00fcr sie ist das keine philosophische Frage, sondern ein technisches Projekt. Der Silicon-Valley-Gedanke: \u201eTod ist optional\u201c (zumindest theoretisch)<br \/>\nViele dieser Vordenker haben eine fast schon n\u00fcchterne Sicht auf das Thema:<\/p>\n<ul>\n<li>Altern ist ein <strong>Prozess<\/strong>.<\/li>\n<li>Prozesse kann man <strong>verstehen<\/strong>.<\/li>\n<li>Was man versteht, kann man <strong>beeinflussen<\/strong>.<\/li>\n<li>Was man beeinflussen kann, kann man vielleicht auch <strong>stoppen<\/strong>.<\/li>\n<\/ul>\n<p>Ob das wirklich funktioniert, steht auf einem anderen Blatt. Aber dieser Gedanke allein reicht aus, um eine enorme Forschungswelle loszutreten.<\/p>\n<h3>Warum dieser Ansatz polarisiert<\/h3>\n<p>F\u00fcr manche klingt das alles nach Hybris &#8211; nach \u00fcbersteigertem Gr\u00f6\u00dfenwahn. F\u00fcr andere ist es echter Fortschritt, vergleichbar mit der Entdeckung von Penicillin oder der Erfindung des Herzschrittmachers. Fest steht:<\/p>\n<p>Noch nie zuvor gab es eine Kombination aus Geld, Technik und wissenschaftlichem Wissen, die eine ernsthafte Auseinandersetzung mit dem Thema Unsterblichkeit \u00fcberhaupt m\u00f6glich macht. Die Tech-Elite ist nicht unsterblich &#8211; aber sie hat die Ressourcen, es zu versuchen.<\/p>\n<h2>Biologische Unsterblichkeit &#8211; was heute real erforscht wird<\/h2>\n<p>Wenn man das Thema Unsterblichkeit n\u00fcchtern betrachtet, muss man sich zuerst klarmachen: Altern ist kein Schicksal, das einfach \u201epassiert\u201c, sondern ein Zusammenspiel aus vielen biologischen Prozessen. Zellen teilen sich, Fehler sammeln sich an, Reparaturmechanismen lassen nach. Der K\u00f6rper wird langsam weniger belastbar. Und genau hier setzen heutige Forscher an &#8211; nicht mit Magie, sondern mit Biologie. Sie fragen schlicht:<\/p>\n<blockquote><p><em>\u201eKann man diese Prozesse bremsen, reparieren oder zur\u00fccksetzen?\u201c<\/em><\/p><\/blockquote>\n<p>Und erstaunlicherweise gibt es inzwischen Bereiche, in denen erste kleine Erfolge sichtbar sind.<\/p>\n<h3>Gentherapien &#8211; Reparatur direkt in der DNA<\/h3>\n<p>Einer der vielversprechendsten Ans\u00e4tze kommt aus der Genetik. Moderne Werkzeuge wie CRISPR erm\u00f6glichen es, gezielt in die DNA einzugreifen. Noch ist vieles im Versuchsstadium, aber die Richtung ist klar:<\/p>\n<ul>\n<li>Manche Forscher versuchen, Alterungsprozesse direkt zu verlangsamen.<\/li>\n<li>Andere wollen Reparaturgene st\u00e4rken.<\/li>\n<li>Wieder andere untersuchen, warum manche Tiere wesentlich langsamer altern oder sogar verlorene Organe nachwachsen k\u00f6nnen.<\/li>\n<\/ul>\n<p>Besonders bekannt ist die Forschung an den Telomeren &#8211; den \u201eSchutzkappen\u201c der Chromosomen. Je k\u00fcrzer sie werden, desto \u00e4lter wirkt die Zelle. Erste Studien an Tieren haben gezeigt, dass man diesen Prozess zum Teil verlangsamen kann. Es ist keine Wunderpille &#8211; aber ein sehr aktives Forschungsfeld.<\/p>\n<h3>K\u00fcnstliche Organe und Ersatzgewebe &#8211; der Weg zur Reparatur des K\u00f6rpers<\/h3>\n<p>Ein gro\u00dfer Sprung in den letzten Jahren ist die F\u00e4higkeit, menschliches Gewebe k\u00fcnstlich herzustellen:<\/p>\n<ul>\n<li>Herzklappen<\/li>\n<li>Haut<\/li>\n<li>Knorpel<\/li>\n<li>Mini-Lebern<\/li>\n<li>Teile der Bauchspeicheldr\u00fcse<\/li>\n<\/ul>\n<p>Forscher k\u00f6nnen immer besser Gewebe nachbauen, teilweise sogar mit k\u00f6rpereigenen Zellen, was das Risiko von Absto\u00dfungen senkt. Und auch das sogenannte Bioprinting &#8211; also der 3D-Druck von Organstrukturen &#8211; macht Fortschritte. Noch ist man weit davon entfernt, ein komplettes funktionierendes Herz auf Knopfdruck zu drucken. Aber die Basis ist gelegt. Der Gedanke dahinter ist simpel:<\/p>\n<p>Wenn ein Organ versagt, ersetzt man es &#8211; statt den ganzen Menschen aufzugeben. In einem weiteren Artikel habe ich zusammengefasst, wie weit die Forschung bei der <a href=\"https:\/\/www.markus-schall.de\/2025\/08\/zahngesundheit-und-cmd-mehr-als-ein-bisschen-was-bringt-die-zukunft\/\"><strong>Herstellung k\u00fcnstlicher Z\u00e4hne<\/strong><\/a> ist.<\/p>\n<h3>Stammzellen &#8211; der Jungbrunnen der Natur<\/h3>\n<p>Stammzellen sind faszinierend, weil sie sich in fast jeden Zelltyp verwandeln k\u00f6nnen. Forscher nutzen sie, um:<\/p>\n<ul>\n<li>besch\u00e4digtes Gewebe zu regenerieren<\/li>\n<li>Heilungsprozesse zu beschleunigen<\/li>\n<li>Organe zu reparieren<\/li>\n<li>Alterungserscheinungen zu verlangsamen<\/li>\n<\/ul>\n<p>In Tierversuchen wurden bereits beeindruckende Ergebnisse erzielt, etwa bei der Verj\u00fcngung von Muskeln oder der Verbesserung von Nervenfunktionen. Beim Menschen ist man vorsichtiger, aber erste klinische Studien laufen.<\/p>\n<h3>Nanotechnologie &#8211; winzige Helfer im K\u00f6rper<\/h3>\n<p>Auch hier wird seit Jahren geforscht. Idee: Winzige Partikel oder mechanische Mikrostrukturen sollen im K\u00f6rper:<\/p>\n<ul>\n<li>Zellen reparieren<\/li>\n<li>sch\u00e4dliche Ablagerungen entfernen<\/li>\n<li>Medikamente gezielt abgeben<\/li>\n<li>Gewebe \u201evon innen\u201c unterst\u00fctzen<\/li>\n<\/ul>\n<p>Das ist noch kein Szenario aus Star Trek &#8211; aber die Grundlagen existieren bereits. Mini-Robotik im Blut selbst ist eher Zukunftsmusik, aber die chemischen und biologischen Varianten sind nicht unrealistisch.<\/p>\n<h3>Was man nicht vergessen sollte: viele Fortschritte entstehen in kleinen Schritten<\/h3>\n<p>Keiner dieser Ans\u00e4tze macht Menschen unsterblich. Aber zusammen k\u00f6nnten sie:<\/p>\n<ul>\n<li>Krankheiten verz\u00f6gern<\/li>\n<li>Alterungsprozesse bremsen<\/li>\n<li>den K\u00f6rper l\u00e4nger funktionsf\u00e4hig halten<\/li>\n<li>die Lebensqualit\u00e4t erh\u00f6hen<\/li>\n<\/ul>\n<p>Man darf sich das nicht als pl\u00f6tzlichen Sprung vorstellen. Es ist eher ein Jahrzehnte dauernder Prozess, in dem die Grenze zwischen \u201ejung\u201c und \u201ealt\u201c langsam verschoben wird.<\/p>\n<h3>Einfrieren (Kryonik) &#8211; viel Hoffnung, wenig Realit\u00e4t<\/h3>\n<p>Es gibt tats\u00e4chlich Menschen, die ihren K\u00f6rper oder ihr Gehirn nach dem Tod einfrieren lassen. Die Idee lautet:<\/p>\n<blockquote><p><em>\u201eVielleicht kann die Zukunft uns wiederbeleben oder reparieren.\u201c<\/em><\/p><\/blockquote>\n<p>Das Problem: Aus heutiger wissenschaftlicher Sicht ist das extrem unwahrscheinlich. Zellen werden beim Einfrieren schwer besch\u00e4digt. Das Auftauen zerst\u00f6rt weitere Strukturen. Wir haben keine Methode, komplexe Gehirnstrukturen intakt zu konservieren. Niemand wei\u00df, wie man \u201eBewusstsein\u201c in einem wiederbelebten K\u00f6rper herstellen sollte.<\/p>\n<p>Viele Experten halten Kryonik daher f\u00fcr eine Mischung aus Hoffnung und Marketing &#8211; nicht f\u00fcr eine ernsthafte Option. Man spekuliert darauf, dass zuk\u00fcnftige Technik Probleme l\u00f6sen k\u00f6nnte, die wir heute nicht einmal ansatzweise verstehen. Kurz: spannend anzusehen, aber aus heutiger Perspektive eher keine realistische Form der Unsterblichkeit.<\/p>\n<h3>Warum biologische Unsterblichkeit die schwierigste Variante bleibt<\/h3>\n<p>Die Natur hat Altern \u00fcber Milliarden Jahre entwickelt. Es ist kein einfacher Mechanismus, sondern ein Sammelsurium aus:<\/p>\n<ul>\n<li>Genetik<\/li>\n<li>Zellprozessen<\/li>\n<li>Umwelteinfl\u00fcssen<\/li>\n<li>Stoffwechsel<\/li>\n<li>Entz\u00fcndungen<\/li>\n<li>Lebensstil<\/li>\n<\/ul>\n<p>Darum ist dieser Ansatz auch der langsamste. Aber genau deshalb ist er f\u00fcr Forscher so attraktiv: Man lernt mit jedem Experiment ein bisschen mehr dar\u00fcber, was das Altern \u00fcberhaupt ist &#8211; und wo die Stellschrauben sitzen.<\/p>\n<div class=\"lyte-wrapper\" style=\"width:640px;max-width:100%;margin:5px;\"><div class=\"lyMe\" id=\"WYL_W4dThy1_zBI\"><div id=\"lyte_W4dThy1_zBI\" data-src=\"https:\/\/www.markus-schall.de\/wp-content\/plugins\/wp-youtube-lyte\/lyteCache.php?origThumbUrl=%2F%2Fi.ytimg.com%2Fvi%2FW4dThy1_zBI%2Fhqdefault.jpg\" class=\"pL\"><div class=\"tC\"><div class=\"tT\"><\/div><\/div><div class=\"play\"><\/div><div class=\"ctrl\"><div class=\"Lctrl\"><\/div><div class=\"Rctrl\"><\/div><\/div><\/div><noscript><a href=\"https:\/\/youtu.be\/W4dThy1_zBI\" rel=\"nofollow noopener\" target=\"_blank\"><img loading=\"lazy\" decoding=\"async\" src=\"https:\/\/www.markus-schall.de\/wp-content\/plugins\/wp-youtube-lyte\/lyteCache.php?origThumbUrl=https%3A%2F%2Fi.ytimg.com%2Fvi%2FW4dThy1_zBI%2F0.jpg\" alt=\"YouTube video thumbnail\" width=\"640\" height=\"340\" \/><br \/>Guarda questo video su YouTube<\/a><\/noscript><\/div><\/div><div class=\"lL\" style=\"max-width:100%;width:640px;margin:5px;\"><\/div><br \/>\nWollen wir ewig leben? | Agree to Disagree! | <a href=\"https:\/\/www.youtube.com\/@ARTEde\" target=\"_blank\" rel=\"noopener\">ARTE<\/a><\/p>\n<h2>Die digitale Kopie &#8211; wie viel \u201eIch\u201c l\u00e4sst sich technisch bewahren?<\/h2>\n<p>Wenn man \u00fcber \u201eUnsterblichkeit\u201c spricht, denkt man zuerst an biologische Wege: Organe reparieren, Zellen verj\u00fcngen, Krankheiten besiegen. Doch parallel dazu entwickelt sich ein v\u00f6llig anderer Ansatz &#8211; einer, der nicht den K\u00f6rper verl\u00e4ngern will, sondern die geistigen Spuren eines Menschen. Stimme, Sprache, Erinnerungen, Entscheidungen, Denkstil: All das hinterlassen wir ohnehin in digitaler Form. Die Frage lautet nun:<\/p>\n<blockquote><p>Wie viel davon kann man so speichern, dass es sp\u00e4ter wie ein digitales \u201eIch\u201c funktioniert?<\/p><\/blockquote>\n<p>Das Ergebnis ist keine Kopie im philosophischen Sinne. Aber es ist eine Form der Fortsetzung &#8211; und genau das macht diesen Ansatz so faszinierend.<\/p>\n<h3>Die Idee der funktionalen Unsterblichkeit<\/h3>\n<p>Dieser Begriff beschreibt etwas sehr Bodenst\u00e4ndiges:<\/p>\n<ul>\n<li>Nicht das Bewusstsein wird \u00fcbertragen.<\/li>\n<li>Nicht die Seele.<\/li>\n<li>Nicht das subjektive Erleben.<\/li>\n<\/ul>\n<p>Sondern die Art und Weise, wie ein Mensch denkt, entscheidet, spricht und argumentiert. Anders gesagt:<\/p>\n<p>Man bewahrt nicht das Ich-Gef\u00fchl, sondern das Verhalten. Und das ist mit heutiger Technik tats\u00e4chlich m\u00f6glich &#8211; zumindest in ersten Ans\u00e4tzen.<\/p>\n<h3>Was Tech-Milliard\u00e4re daran reizt<\/h3>\n<p>Viele der gro\u00dfen Namen &#8211; Larry Page, Sergey Brin, Jeff Bezos, Peter Thiel, Ray Kurzweil &#8211; denken l\u00e4ngst nicht nur \u00fcber biologische Verl\u00e4ngerung nach, sondern auch \u00fcber digitale Fortsetzung. Kurzweil ist wohl der bekannteste Vertreter dieser Denkschule. Er sammelt seit Jahrzehnten:<\/p>\n<ul>\n<li>Videos<\/li>\n<li>Tagebucheintr\u00e4ge<\/li>\n<li>Gespr\u00e4che<\/li>\n<li>berufliche Entscheidungen<\/li>\n<li>pers\u00f6nliche Notizen<\/li>\n<\/ul>\n<p>Sein Ziel: Eines Tages eine KI zu haben, die sich so verh\u00e4lt wie er &#8211; eventuell sogar vor seinen eigenen Kindern oder Enkelkindern weiter \u201elebt\u201c. Andere Tech-Unternehmer investieren in Startups, die pers\u00f6nliche KI-Avatare entwickeln &#8211; digitale Doubles, die Termine organisieren, Entscheidungen vorbereiten und sogar in bestimmten Rollen auftreten k\u00f6nnen. Diese Systeme sind heute noch primitiv. Aber sie entwickeln sich rasend schnell.<\/p>\n<h3>Was heute schon m\u00f6glich ist &#8211; \u00fcberraschend viel<\/h3>\n<p>Das Thema ist bei weitem nicht futuristisch. Es gibt jetzt schon Technologien, die einzelne Facetten eines \u201edigitalen Ichs\u201c erstaunlich gut nachbilden:<\/p>\n<ul>\n<li>Sprache und Stil<\/li>\n<li>moderne Sprachmodelle k\u00f6nnen den pers\u00f6nlichen Schreibstil imitieren<\/li>\n<li>Stimmen lassen sich klonen &#8211; authentisch bis in die Atemger\u00e4usche<\/li>\n<li>Satzrhythmus, Witze, Denklogik sind reproduzierbar<\/li>\n<li>Wissen &amp; Erfahrungen<\/li>\n<li>pers\u00f6nliche Wissensdatenbanken<\/li>\n<li>Chatverl\u00e4ufe \u00fcber Jahre<\/li>\n<li>Entscheidungen privat und innerhalb von Firmen<\/li>\n<li>Projektdaten, E-Mails, Notizen<\/li>\n<\/ul>\n<p>Damit l\u00e4sst sich ein sehr klares Profil erzeugen, wie ein Mensch \u201etickt\u201c:<\/p>\n<ul>\n<li>Verhaltensmuster<\/li>\n<li>Priorit\u00e4ten<\/li>\n<li>Werte<\/li>\n<li>typische Reaktionen<\/li>\n<li>Muster in Konfliktsituationen<\/li>\n<li>Entscheidungskaskaden (wenn A, dann B)<\/li>\n<li>Digitale Avatare<\/li>\n<li>realistische 3D-Figuren<\/li>\n<li>Video-Avatare, die synchron sprechen<\/li>\n<li>KI-gesteuerte Gespr\u00e4chspartner, die pers\u00f6nliche Daten nutzen<\/li>\n<\/ul>\n<p>Wenn man diese Elemente zusammensteckt, entsteht etwas Neues: Keine Kopie &#8211; aber eine funktionale Repr\u00e4sentation einer Person.<\/p>\n<h3>Was fehlt &#8211; und vermutlich noch lange fehlen wird<\/h3>\n<p>So beeindruckend diese Technologien sind, sie haben klare Grenzen:<\/p>\n<ul>\n<li>Kein Bewusstsein<\/li>\n<li>Eine KI kann Entscheidungen simulieren, aber kein \u201eIch\u201c f\u00fchlen.<\/li>\n<li>Sie hat keine Selbstwahrnehmung, keine innere Perspektive.<\/li>\n<li>Keine eigenen Erinnerungen<\/li>\n<li>Sie kann speichern, aber nicht \u201eerleben\u201c.<\/li>\n<li>Erinnerungen sind Daten &#8211; keine Empfindungen.<\/li>\n<li>Kein subjektives inneres Leben<\/li>\n<\/ul>\n<p>Ein digitales Modell kann:<\/p>\n<ul>\n<li>logisch reagieren<\/li>\n<li>angemessen antworten<\/li>\n<li>sich sogar humorvoll verhalten<\/li>\n<\/ul>\n<p>Aber es sp\u00fcrt nichts. Es erlebt nichts. Es hat kein Bed\u00fcrfnis zu existieren. Technisch mag so ein Avatar perfekt funktionieren. Aber ob er \u201eDu\u201c bist &#8211; das ist eine Frage, die bisher niemand beantworten kann.<\/p>\n<h3>Warum dieser Ansatz trotzdem enorm wertvoll ist<\/h3>\n<p>Auch wenn eine digitale Kopie kein echtes Bewusstsein hat, bietet sie M\u00f6glichkeiten, die fr\u00fcher undenkbar waren:<\/p>\n<ul>\n<li>Firmen k\u00f6nnen weitergef\u00fchrt werden.<\/li>\n<li>Wissen und Erfahrung eines Menschen gehen nicht verloren.<\/li>\n<li>Kinder und Enkel k\u00f6nnen lernen, wie \u201eOpa denkt\u201c.<\/li>\n<li>Entscheidungen k\u00f6nnen im Sinne der urspr\u00fcnglichen Person getroffen werden.<\/li>\n<li>Pers\u00f6nliche Historien bleiben lebendig.<\/li>\n<\/ul>\n<p>Und f\u00fcr viele Menschen ist genau das die Form von \u201eUnsterblichkeit\u201c, die realistisch erreichbar ist: nicht als ewiges Leben, sondern als digitale Fortsetzung der eigenen Denkweise. Es ist eine Art geistiges Erbe &#8211; nur deutlich m\u00e4chtiger, detailreicher und lebendiger als jedes Tagebuch.<\/p>\n<p><img loading=\"lazy\" decoding=\"async\" class=\"alignnone size-large wp-image-3656\" src=\"https:\/\/www.markus-schall.de\/wp-content\/uploads\/unsterblichkeit-digitale-kopie.jpg\" alt=\"Unsterblichkeit: Digitale Kopie\" width=\"1024\" height=\"683\" srcset=\"https:\/\/www.markus-schall.de\/wp-content\/uploads\/unsterblichkeit-digitale-kopie.jpg 1024w, https:\/\/www.markus-schall.de\/wp-content\/uploads\/unsterblichkeit-digitale-kopie-300x200.jpg 300w, https:\/\/www.markus-schall.de\/wp-content\/uploads\/unsterblichkeit-digitale-kopie-768x512.jpg 768w, https:\/\/www.markus-schall.de\/wp-content\/uploads\/unsterblichkeit-digitale-kopie-18x12.jpg 18w\" sizes=\"auto, (max-width: 1024px) 100vw, 1024px\" \/><\/p>\n<h2>Bewusstsein \u00fcbertragen &#8211; wo die Grenzen noch un\u00fcberwindbar sind<\/h2>\n<p>Wenn man \u00fcber digitale Unsterblichkeit spricht, kommt fr\u00fcher oder sp\u00e4ter ein Begriff aus der Science-Fiction ins Spiel:<\/p>\n<p><strong>Mind Uploading<\/strong> &#8211; also die Idee, das Bewusstsein eines Menschen auf einen Computer zu \u00fcbertragen, damit es dort weiterlebt. Hollywood liebt das Thema. Serien wie Black Mirror oder Figuren wie die Borg bei Star Trek arbeiten gerne mit diesem Motiv.<\/p>\n<p>In der Realit\u00e4t steht man aber noch ganz am Anfang &#8211; so weit am Anfang, dass man streng genommen nicht einmal wei\u00df, ob das Ziel \u00fcberhaupt erreichbar ist. Der Unterschied zwischen Wissenschaft und Fiktion ist hier besonders gro\u00df.<\/p>\n<h3>Der Traum der digitalen Seele<\/h3>\n<p>Die Grundidee klingt verf\u00fchrerisch einfach:<\/p>\n<ul>\n<li>Man scannt das Gehirn hochaufl\u00f6send.<\/li>\n<li>Man \u00fcbertr\u00e4gt alle neuronalen Verbindungen in ein Computersystem.<\/li>\n<li>Man startet eine Simulation.<\/li>\n<li>Die simulierte Person \u201eerwacht\u201c digital.<\/li>\n<\/ul>\n<p>Doch das ist nur eine Vorstellung &#8211; in Wirklichkeit wissen wir nicht einmal, was wir beim Gehirn \u00fcberhaupt scannen m\u00fcssten, damit daraus ein \u201eIch\u201c entsteht. Man kann heute elektrische Signale messen &#8211; aber dadurch erfasst man nicht die Essenz des Bewusstseins.<\/p>\n<h3>Warum Mind Uploading nach heutigem Stand nicht funktioniert<\/h3>\n<p>Um Bewusstsein zu \u00fcbertragen, m\u00fcsste man zwei gewaltige H\u00fcrden \u00fcberwinden:<\/p>\n<p><strong>1. Wir verstehen Bewusstsein nicht tief genug: <\/strong><\/p>\n<p>Die Wissenschaft kann zwar beschreiben, dass wir ein Bewusstsein haben, aber nicht:<\/p>\n<ul>\n<li>wie es entsteht<\/li>\n<li>wo genau im Gehirn es sitzt<\/li>\n<li>ob es eine bestimmte Struktur braucht<\/li>\n<li>wie man subjektives Erleben misst<\/li>\n<li>wie man \u201eIch-Bewusstsein\u201c definiert<\/li>\n<\/ul>\n<p>Solange wir das nicht wissen, ist jede \u00dcbertragung reine Theorie.<\/p>\n<p><strong>2. Es fehlt jede technische Grundlage<\/strong><\/p>\n<p>Auch wenn man ein Gehirn vollst\u00e4ndig scannen k\u00f6nnte (was nicht m\u00f6glich ist):<\/p>\n<ul>\n<li>wir k\u00f6nnten die Daten nicht interpretieren<\/li>\n<li>wir k\u00f6nnten die Verbindungen nicht korrekt simulieren<\/li>\n<li>wir k\u00f6nnten elektrische und chemische Prozesse nicht realistisch nachbilden<\/li>\n<li>wir k\u00f6nnten keinen \u201eStartpunkt\u201c definieren, ab dem der Mensch digital \u201eweiterlebt\u201c<\/li>\n<\/ul>\n<p>Und selbst wenn es ginge, bleibt die Frage offen: \u201eIst das Ergebnis wirklich die Person &#8211; oder nur eine Kopie?\u201c<\/p>\n<h3>Simulation ist nicht Bewusstsein<\/h3>\n<p>Viele verwechseln diese beiden Dinge:<\/p>\n<ul>\n<li>Ein System kann so reagieren wie ein Mensch.<\/li>\n<li>Ein System kann so entscheiden wie ein Mensch.<\/li>\n<li>Ein System kann spricht wie ein Mensch.<\/li>\n<\/ul>\n<p>Aber das ist nur Verhalten. Bewusstsein ist etwas anderes. Es gibt ein inneres Erleben, ein \u201eIch bin ich\u201c-Gef\u00fchl, das keine Maschine bislang hatte &#8211; und das man technisch nicht einmal definieren kann. Man kann einen Menschen nachbilden. Man kann ihn simulieren. Man kann sein Verhalten konservieren. Aber man kann nicht die Perspektive nach innen \u00fcbertragen.<\/p>\n<h3>Die philosophischen Fragen, die man nicht einfach wegwischen kann<\/h3>\n<p>Selbst wenn man irgendwann ein komplettes Gehirn digital nachbilden k\u00f6nnte:<\/p>\n<p>Wer ist dann die Person? Das Original? Die Kopie? Beide? Keiner? Hat die Kopie die gleichen Rechte? Eine digitale Kopie von Dir k\u00f6nnte sprechen, entscheiden und argumentieren &#8211; aber w\u00e4re er Du? Oder w\u00e4re er ein sehr guter Nachbau?<\/p>\n<ul>\n<li>Kann eine Kopie sterben?<\/li>\n<li>Wenn ein System abgeschaltet wird &#8211; ist das ein \u201eTod\u201c?<\/li>\n<li>Wer darf so ein System kontrollieren?<\/li>\n<li>Wenn das Bewusstsein einer Person digital existiert &#8211; darf jemand anders es ver\u00e4ndern?<\/li>\n<li>Oder l\u00f6schen?<\/li>\n<\/ul>\n<p>Diese Fragen sind heute v\u00f6llig ungekl\u00e4rt. Die Technik ist so weit zur\u00fcck, dass wir uns bislang nicht einmal eine saubere Antwort \u00fcberlegen mussten.<\/p>\n<h3>Warum echte Bewusstseins\u00fcbertragung noch weit entfernt ist<\/h3>\n<p>Man kann das Kapitel ruhig zusammenfassen:<\/p>\n<ul>\n<li>Es gibt keine Methode, Bewusstsein zu kopieren.<\/li>\n<li>Es gibt keine Methode, Bewusstsein zu erzeugen.<\/li>\n<li>Es gibt keine Methode, Bewusstsein zu messen.<\/li>\n<li>Es gibt keine Methode, subjektives Erleben zu simulieren.<\/li>\n<li>Es gibt keine Methode, ein Gehirn vollst\u00e4ndig zu \u201edigitalisieren\u201c.<\/li>\n<\/ul>\n<p>Und selbst wenn diese Methoden irgendwann entstehen sollten &#8211; w\u00fcrden sie wahrscheinlich l\u00e4nger dauern als jede heutige Lebensverl\u00e4ngerung. Viele Experten halten echte Bewusstseins\u00fcbertragung f\u00fcr eines der h\u00e4rtesten Probleme, die die Menschheit \u00fcberhaupt angehen kann &#8211; wenn nicht das h\u00e4rteste \u00fcberhaupt.<\/p>\n<hr \/>\n<h3>Aktuelle Umfrage zu lokalen KI-Systemen<\/h3>\n<div class='bootstrap-yop yop-poll-mc'>\n\t\t\t\t\t\t\t<div class=\"basic-yop-poll-container\" style=\"background-color:#ffffff; border:0px; border-style:solid; border-color:#000000; border-radius:5px; padding:0px 5px;\" data-id=\"9\" data-temp=\"basic-pretty\" data-skin=\"square\" data-cscheme=\"blue\" data-cap=\"0\" data-access=\"guest\" data-tid=\"\" data-uid=\"ba0298468e9aebd727816f9e2952dee1\" data-pid=\"3994\" data-resdet=\"votes-number,percentages\" data-show-results-to=\"guest\" data-show-results-moment=\"after-vote\" data-show-results-only=\"false\" data-show-message=\"true\" data-show-results-as=\"bar\" data-sort-results-by=\"as-defined\" data-sort-results-rule=\"asc\"data-is-ended=\"0\" data-percentages-decimals=\"2\" data-gdpr=\"no\" data-gdpr-sol=\"consent\" data-css=\".basic-yop-poll-container[data-uid] .basic-vote {\n\t\t\t\t\t\t\t\t\ttext-align: center;\n\t\t\t\t\t\t\t\t}\" data-counter=\"0\" data-load-with=\"1\" data-notification-section=\"top\"><div class=\"row\"><div class=\"col-md-12\"><div class=\"basic-inner\"><div class=\"basic-message hide\" style=\"border-left: 10px solid #008000; padding: 0px 10px;\" data-error=\"#ff0000\" data-success=\"#008000\"><p class=\"basic-message-text\" style=\"color:#000000; font-size:14px; font-weight:normal;\"><\/p><\/div><div class=\"basic-overlay hide\"><div class=\"basic-vote-options\"><\/div><div class=\"basic-preloader\"><div class=\"basic-windows8\"><div class=\"basic-wBall basic-wBall_1\"><div class=\"basic-wInnerBall\"><\/div><\/div><div class=\"basic-wBall basic-wBall_2\"><div class=\"basic-wInnerBall\"><\/div><\/div><div class=\"basic-wBall basic-wBall_3\"><div class=\"basic-wInnerBall\"><\/div><\/div><div class=\"basic-wBall basic-wBall_4\"><div class=\"basic-wInnerBall\"><\/div><\/div><div class=\"basic-wBall basic-wBall_5\"><div class=\"basic-wInnerBall\"><\/div><\/div><\/div><\/div><\/div><form class=\"basic-form\"><input type=\"hidden\" name=\"_token\" value=\"47bf37560c\" autocomplete=\"off\"><div class=\"basic-elements\"><div class=\"basic-element basic-question basic-question-text-vertical\" data-id=\"9\" data-uid=\"bda8c56ab6c262fdf3ce0f3c62c9cbcf\" data-type=\"question\" data-question-type=\"text\" data-required=\"yes\" data-allow-multiple=\"no\" data-min=\"1\" data-max=\"7\" data-display=\"vertical\" data-colnum=\"\" data-display-others=\"no\" data-others-color=\"\" data-others=\"\" data-others-max-chars=\"0\"><div class=\"basic-question-title\"><h5 style=\"color:#000000; font-size:16px; font-weight:normal; text-align:left;\">Wie stehst Du zu lokal laufender KI-Software wie MLX oder Ollama?<\/h5><\/div><ul class=\"basic-answers\"><li class=\"basic-answer\" style=\"padding:0px 0px;\" data-id=\"45\" data-type=\"text\" data-vn=\"191\" data-color=\"#000000\" data-make-link=\"no\" data-link=\"\"><div class=\"basic-answer-content basic-text-vertical\"><label for=\"answer[45]\" class=\"basic-answer-label\"><input type=\"radio\" id=\"answer[45]\" name=\"answer[9]\" value=\"45\"><span class=\"basic-text\" style=\"color: #000000; font-size: 14px; font-weight: normal;\">Genial \u2013 endlich unabh\u00e4ngig von der Cloud<\/span><\/label><\/div><\/li><li class=\"basic-answer\" style=\"padding:0px 0px;\" data-id=\"46\" data-type=\"text\" data-vn=\"36\" data-color=\"#000000\" data-make-link=\"no\" data-link=\"\"><div class=\"basic-answer-content basic-text-vertical\"><label for=\"answer[46]\" class=\"basic-answer-label\"><input type=\"radio\" id=\"answer[46]\" name=\"answer[9]\" value=\"46\"><span class=\"basic-text\" style=\"color: #000000; font-size: 14px; font-weight: normal;\">Interessant, aber (noch) zu kompliziert<\/span><\/label><\/div><\/li><li class=\"basic-answer\" style=\"padding:0px 0px;\" data-id=\"47\" data-type=\"text\" data-vn=\"41\" data-color=\"#000000\" data-make-link=\"no\" data-link=\"\"><div class=\"basic-answer-content basic-text-vertical\"><label for=\"answer[47]\" class=\"basic-answer-label\"><input type=\"radio\" id=\"answer[47]\" name=\"answer[9]\" value=\"47\"><span class=\"basic-text\" style=\"color: #000000; font-size: 14px; font-weight: normal;\">Werde ich bald ausprobieren<\/span><\/label><\/div><\/li><li class=\"basic-answer\" style=\"padding:0px 0px;\" data-id=\"48\" data-type=\"text\" data-vn=\"6\" data-color=\"#000000\" data-make-link=\"no\" data-link=\"\"><div class=\"basic-answer-content basic-text-vertical\"><label for=\"answer[48]\" class=\"basic-answer-label\"><input type=\"radio\" id=\"answer[48]\" name=\"answer[9]\" value=\"48\"><span class=\"basic-text\" style=\"color: #000000; font-size: 14px; font-weight: normal;\">Brauche ich nicht \u2013 Cloud reicht mir<\/span><\/label><\/div><\/li><li class=\"basic-answer\" style=\"padding:0px 0px;\" data-id=\"49\" data-type=\"text\" data-vn=\"8\" data-color=\"#000000\" data-make-link=\"no\" data-link=\"\"><div class=\"basic-answer-content basic-text-vertical\"><label for=\"answer[49]\" class=\"basic-answer-label\"><input type=\"radio\" id=\"answer[49]\" name=\"answer[9]\" value=\"49\"><span class=\"basic-text\" style=\"color: #000000; font-size: 14px; font-weight: normal;\">Wei\u00df ich nicht genau, worum es da geht<\/span><\/label><\/div><\/li><\/ul><\/div><div class=\"clearfix\"><\/div><\/div><div class=\"basic-vote\"><a href=\"#\" class=\"button basic-vote-button\" role=\"button\" style=\"background:#027bb8; border:0px; border-style: solid; border-color:#000000; border-radius:5px; padding:10px 10px; color:#ffffff; font-size:14px; font-weight:normal;\">Abstimmen<\/a><\/div><\/form><\/div><\/div><\/div><\/div>\n\t\t\t\t\t\t<\/div>\n<hr \/>\n<h2>Roboterk\u00f6rper &amp; die digitale Fortsetzung einer Person<\/h2>\n<p>Wenn man heute an humanoide Roboter denkt, hat man noch die wackeligen Bewegungen der ersten Prototypen im Kopf. Aber diese Zeit ist vorbei. Die Fortschritte sind enorm:<\/p>\n<ul>\n<li>Roboter k\u00f6nnen laufen, rennen, springen.<\/li>\n<li>Sie k\u00f6nnen balancieren, T\u00fcren \u00f6ffnen, Gegenst\u00e4nde transportieren.<\/li>\n<li>Sie k\u00f6nnen menschliche Gestik und Mimik imitieren.<\/li>\n<li>Erste Modelle werden bereits in Fabriken erprobt.<\/li>\n<\/ul>\n<p>Nat\u00fcrlich sind diese Systeme noch weit von einem \u201edigitalen Menschen\u201c entfernt.Aber ihr Entwicklungstempo ist hoch &#8211; und es erinnert an die fr\u00fchen Smartphones: anfangs beeindruckend, aber unbeholfen; zehn Jahre sp\u00e4ter kaum noch wegzudenken. F\u00fcr die n\u00e4chsten 20 Jahre ist also realistisch:<\/p>\n<ul>\n<li>Roboter mit menschlicher Gr\u00f6\u00dfe<\/li>\n<li>Roboter mit flexiblen H\u00e4nden<\/li>\n<li>Roboter mit nat\u00fcrlicher Mimik<\/li>\n<li>Roboter mit echter Sprachausgabe<\/li>\n<li>Roboter, die im Haushalt oder in Unternehmen unterst\u00fctzen<\/li>\n<\/ul>\n<p>Das ist keine Science-Fiction mehr, sondern ein klar absehbarer Trend.<\/p>\n<h3>Personalisierte KI &#8211; ein Ich-Duplikat, das wirklich funktioniert<\/h3>\n<p>Der eigentliche Sprung kommt nicht vom Roboter selbst, sondern von der KI, die ihn antreibt. Ein pers\u00f6nliches KI-Modell &#8211; also ein System, das:<\/p>\n<ul>\n<li>das Verhalten eines Menschen kennt<\/li>\n<li>seine Entscheidungen nachvollziehen kann<\/li>\n<li>\u00fcber Jahre Chatverl\u00e4ufe, E-Mails und Projekte analysiert<\/li>\n<li>die Stimme der Person perfekt nachahmt<\/li>\n<li>denselben Humor, dieselben Formulierungen, dieselben Priorit\u00e4ten verwendet<\/li>\n<\/ul>\n<p>&#8211; wird weit realistischer sein als irgendeine Form von digitalem Bewusstsein. Dieses Modell w\u00e4re im besten Sinne eine funktionale Fortsetzung eines Menschen. Es ist nicht die Seele. Es ist nicht das echte Ich. Aber es ist das Denk-Ich. Und genau das macht es so wertvoll. Und diese KI kann man wiederum in einen humanoiden K\u00f6rper stecken.<\/p>\n<h3>Der Roboter als \u201egeistiger Nachfolger\u201c<\/h3>\n<p>Setzt man beides zusammen &#8211; den Roboter und das pers\u00f6nliche KI-Modell &#8211; entsteht ein v\u00f6llig neues Konzept: eine Art digitaler Nachfolger, der nicht Du ist, aber in Deinem Sinne handelt. Dieser digitale Nachfolger k\u00f6nnte:<\/p>\n<ul>\n<li>Mitarbeiter begr\u00fc\u00dfen<\/li>\n<li>Entscheidungen in Deiner Firma vorbereiten<\/li>\n<li>neue Projekte priorisieren<\/li>\n<li>Kunden betreuen<\/li>\n<li>Pr\u00e4sentationen halten<\/li>\n<li>mit Deiner Stimme sprechen<\/li>\n<li>Deinen Humor verwenden<\/li>\n<li>Geschichten aus \u201eDeiner Zeit\u201c erz\u00e4hlen<\/li>\n<li>und sogar selbst\u00e4ndig arbeiten, wenn Du gar nicht mehr da bist<\/li>\n<\/ul>\n<p>Nicht, weil er Bewusstsein hat &#8211; sondern weil er Deine Denkprozesse nachbildet. Das ist eine Form von \u201elebendigem Archiv\u201c, die weit \u00fcber alles hinausgeht, was Menschen fr\u00fcher hatten.<\/p>\n<h3>Die Zukunft im privaten Bereich<\/h3>\n<p>Auch im Familienkontext ist diese Entwicklung spannend &#8211; und etwas sensibler. Ein solcher Roboter k\u00f6nnte:<\/p>\n<ul>\n<li>Erinnerungen erz\u00e4hlen<\/li>\n<li>Fotoarchive erkl\u00e4ren<\/li>\n<li>Geschichten weitergeben<\/li>\n<li>Familienmitgliedern helfen<\/li>\n<li>Kindern oder Enkeln zeigen, wie \u201eOpa gedacht hat\u201c<\/li>\n<li>die eigene Lebensphilosophie vermitteln<\/li>\n<\/ul>\n<p>Nat\u00fcrlich ersetzt das keinen echten Menschen. Aber es erm\u00f6glicht eine Form des Weiterlebens, die nicht nur technisch logisch ist, sondern auch emotional eine gewisse N\u00e4he schafft. Es w\u00e4re kein Ersatz &#8211; aber eine Br\u00fccke.<\/p>\n<h3>Die realistische Zeitachse<\/h3>\n<p>Schaut man n\u00fcchtern auf die n\u00e4chsten Jahrzehnte:<\/p>\n<ul>\n<li><strong>Bis 2030<\/strong>: erste humanoide Roboter im Alltag, perfekte Stimmklone, pers\u00f6nliche KI-Assistenten, eigene Wissensgraphen<\/li>\n<li><strong>Bis 2040<\/strong>: Roboterk\u00f6rper mit realistischen Gesichtsmasken, KI, die langfristige Denkweise imitieren kann, pers\u00f6nliche Avatare f\u00fcr Firmen- und Privatleben<\/li>\n<li><strong>Bis 2050<\/strong>: funktionale digitale Fortsetzung, Roboter als langfristige Begleiter, KI-Modelle, die ein halbes Leben an Daten verarbeiten, \u00dcbergang von \u201eWerkzeug\u201c zu \u201egeistigem Erbe\u201c<\/li>\n<\/ul>\n<p>Nichts davon ist \u00fcbertrieben. Es ist einfach die logische Weiterentwicklung der heutigen Technologie.<\/p>\n<h3>Was diese Zukunft bedeutet<\/h3>\n<p>Diese Form der Unsterblichkeit ist keine metaphysische. Sie ist pragmatisch. Sie verl\u00e4ngert nicht den K\u00f6rper. Sie \u00fcbertr\u00e4gt nicht das Bewusstsein. Sie schafft kein zweites \u201eDu\u201c. Aber sie schafft etwas sehr Menschliches:<\/p>\n<p>Eine Fortsetzung Deines Denkens, eine Fortsetzung Deiner Arbeit, eine Fortsetzung Deiner Werte. Auf technischer Grundlage. Und genau das ist heute realistischer denn je.<\/p>\n<p><img loading=\"lazy\" decoding=\"async\" class=\"alignnone size-large wp-image-3657\" src=\"https:\/\/www.markus-schall.de\/wp-content\/uploads\/unsterblichkeit-roboter.jpg\" alt=\"Unsterblichkeit: Roboterk\u00f6rper\" width=\"1024\" height=\"683\" srcset=\"https:\/\/www.markus-schall.de\/wp-content\/uploads\/unsterblichkeit-roboter.jpg 1024w, https:\/\/www.markus-schall.de\/wp-content\/uploads\/unsterblichkeit-roboter-300x200.jpg 300w, https:\/\/www.markus-schall.de\/wp-content\/uploads\/unsterblichkeit-roboter-768x512.jpg 768w, https:\/\/www.markus-schall.de\/wp-content\/uploads\/unsterblichkeit-roboter-18x12.jpg 18w\" sizes=\"auto, (max-width: 1024px) 100vw, 1024px\" \/><\/p>\n<h2>Was wahrscheinlich passiert, was m\u00f6glich ist, und was ein M\u00e4rchen bleibt<\/h2>\n<p>Auch wenn das Thema Unsterblichkeit oft nach Science-Fiction klingt, zeichnen sich drei Szenarien ab, die auf n\u00fcchterner Technik beruhen &#8211; nicht auf Fantasie.<\/p>\n<h3>Szenario 1: bis 2035 &#8211; die \u00c4ra der pers\u00f6nlichen KI<\/h3>\n<p>In den n\u00e4chsten zehn Jahren wird der Alltag zunehmend von individuellen KI-Modellen gepr\u00e4gt sein. Dazu geh\u00f6ren:<\/p>\n<ul>\n<li>pers\u00f6nliche Wissensdatenbanken,<\/li>\n<li>digitale Ged\u00e4chtnisse,<\/li>\n<li>perfekt klonbare Stimmen,<\/li>\n<li>erste humanoide Roboter im Alltag,<\/li>\n<li>KI-Assistenten, die den eigenen Denkstil nachahmen.<\/li>\n<\/ul>\n<p>Es geht nicht darum, Menschen zu ersetzen, sondern ihr Denken besser zu organisieren und technisch zu erweitern.<\/p>\n<h3>Szenario 2: bis 2050 &#8211; die digitale Fortsetzung<\/h3>\n<p>Bis Mitte des Jahrhunderts ist wahrscheinlich, dass viele Menschen eine Art \u201edigitalen Nachfolger\u201c besitzen &#8211; ein KI-Modell, das anhand gesammelter Daten im Sinne des urspr\u00fcnglichen Menschen handeln kann. Solche Systeme k\u00f6nnten:<\/p>\n<ul>\n<li>Entscheidungen analysieren,<\/li>\n<li>den pers\u00f6nlichen Stil weiterf\u00fchren,<\/li>\n<li>eigene Projekte dokumentieren,<\/li>\n<li>in Firmen mitarbeiten,<\/li>\n<li>und einen Teil der Lebenslogik weitertragen.<\/li>\n<\/ul>\n<p>Es w\u00e4re keine echte Unsterblichkeit,aber eine fun ktionale Weiterf\u00fchrung einer Person.<\/p>\n<h3>Szenario 3: 2100 und sp\u00e4ter &#8211; das offene Terrain<\/h3>\n<p>Ob echte Bewusstseins\u00fcbertragung jemals m\u00f6glich wird, ist vollkommen unklar. Vielleicht gelingt es irgendwann, vielleicht nie. Der wissenschaftliche Stand ist daf\u00fcr derzeit viel zu gering. Es ist wichtig, den Boden nicht unter den F\u00fc\u00dfen zu verlieren. Mit aller aktuellen Forschungskraft bleiben f\u00fcnf Dinge weiterhin reine Vorstellungen:<\/p>\n<ul>\n<li>ein echtes, \u00fcbertragbares Bewusstsein,<\/li>\n<li>subjektives Erleben in einer Maschine,<\/li>\n<li>\u201eIch-Gef\u00fchl\u201c im digitalen Raum,<\/li>\n<li>Wiederbelebung eingefrorener Gehirne,<\/li>\n<li>vollst\u00e4ndige digitale Seelenkopien.<\/li>\n<\/ul>\n<p>Diese Konzepte sind weit entfernt von allem, was real existiert.<\/p>\n<h2>Warum die kommenden Jahrzehnte trotzdem revolution\u00e4r werden<\/h2>\n<p>Auch ohne metaphysische Spr\u00fcnge steht die Menschheit vor enormen Ver\u00e4nderungen:<\/p>\n<ul>\n<li>Roboter werden menschlicher.<\/li>\n<li>Pers\u00f6nliche KI wird selbstverst\u00e4ndlich.<\/li>\n<li>Digitale Denkprofile werden Teil des Alltags.<\/li>\n<li>Arbeitsabl\u00e4ufe ver\u00e4ndern sich grundlegend.<\/li>\n<li>Menschen hinterlassen deutlich detailliertere geistige Spuren als je zuvor.<\/li>\n<\/ul>\n<p>Es entsteht eine neue Form von Verm\u00e4chtnis: nicht biologisch, sondern digital &#8211; strukturiert, nachvollziehbar, funktional.<\/p>\n<h3>Was wahrscheinlich wirklich bleibt<\/h3>\n<p>Echte Unsterblichkeit wird es nach aktuellem Stand nicht geben. Doch die individuelle Denkweise eines Menschen kann immer besser bewahrt und weitergef\u00fchrt werden:<\/p>\n<ul>\n<li>als digitales Archiv,<\/li>\n<li>als pers\u00f6nliches Wissensmodell,<\/li>\n<li>als KI-gest\u00fctzte Fortsetzung,<\/li>\n<li>oder sogar als humanoider Roboter mit pers\u00f6nlicher Stimme und Mimik.<\/li>\n<\/ul>\n<p>Das Ergebnis ist keine Kopie, keine Seele, keine Wiedergeburt &#8211; aber eine erstaunlich realistische Form der geistigen Fortsetzung.<\/p>\n<h3>Ein Blick auf die praktische Konsequenz<\/h3>\n<p>Auch wenn die Welt noch Jahre von der vollkommenen \u201edigitalen Fortsetzung\u201c entfernt ist, kann jeder Mensch heute bereits Grundlagen legen, die sp\u00e4ter einmal wertvoll sein k\u00f6nnten &#8211; ganz unabh\u00e4ngig davon, ob man an Unsterblichkeit glaubt oder nicht. Dazu geh\u00f6ren:<\/p>\n<ul>\n<li>digitale Notizen,<\/li>\n<li>Fotos, Videos, Erinnerungen,<\/li>\n<li>Tageb\u00fccher und Projekte,<\/li>\n<li>gesammelte Gedanken und Entscheidungen,<\/li>\n<li>pers\u00f6nliche Dokumentationen,<\/li>\n<li>strukturierte Daten \u00fcber das eigene Wissen,<\/li>\n<li>regelm\u00e4\u00dfige Exporte aus Chatverl\u00e4ufen, Cloud-Diensten und Anwendungen,<\/li>\n<li>und zunehmend auch lokale KI-Systeme, die Wissen langfristig speichern.<\/li>\n<\/ul>\n<p>Die Zukunft der Unsterblichkeit ist daher weniger ein biologisches Thema, sondern ein Daten- und Strukturthema. Wer seine Gedanken, Entscheidungen und Erfahrungen strukturiert festh\u00e4lt, schafft die Basis f\u00fcr jene Formen der digitalen Fortsetzung, die in den kommenden Jahrzehnten wahrscheinlich sein werden.<\/p>\n<p>Das ist keine philosophische Unsterblichkeit &#8211; aber eine sehr technische, sehr bodenst\u00e4ndige und sehr greifbare Variante davon.<\/p>\n<h2>Interessante Quellen zum Thema<\/h2>\n<ul>\n<li><a href=\"https:\/\/theweek.com\/science\/the-billionaire-led-quest-for-immortality\" target=\"_blank\" rel=\"noopener\"><strong>The billionaire-led quest for immortality<\/strong><\/a> &#8211; <em>The Week (2023)<\/em>: \u00dcbersicht, welche Milliard\u00e4re (Bezos, Page, Brin, Thiel, Ellison, Bryan Johnson) wie viel Geld in Lebensverl\u00e4ngerung stecken.<\/li>\n<li><a href=\"https:\/\/www.newyorker.com\/magazine\/2017\/04\/03\/silicon-valleys-quest-to-live-forever\" target=\"_blank\" rel=\"noopener\"><strong>Silicon Valley\u2019s Quest to Live Forever<\/strong><\/a> &#8211; <em>The New Yorker (2017)<\/em>: Langer Hintergrundartikel \u00fcber Ellison, Kurzweil &amp; Co., inkl. pers\u00f6nlicher Motive und gro\u00dfer Summen, die in Aging-Research flie\u00dfen.<\/li>\n<li><a href=\"https:\/\/www.scientificamerican.com\/article\/radical-life-extension-is-not-around-the-corner\" target=\"_blank\" rel=\"noopener\"><strong>Radical Life-Extension Is Not around the Corner<\/strong><\/a> &#8211; <em>Scientific American (2016)<\/em>: Sehr n\u00fcchterne Einordnung: was Calico (Google) wirklich kann, warum radikale Lebensverl\u00e4ngerung wohl nicht \u201egleich um die Ecke\u201c ist.<\/li>\n<li><a href=\"https:\/\/www.frontiersin.org\/journals\/aging\/articles\/10.3389\/fragi.2024.1339317\/full\" target=\"_blank\" rel=\"noopener\"><strong>Unlocking longevity: the role of telomeres and its targeting interventions<\/strong><\/a> &#8211; <em>Frontiers in Aging (2024)<\/em>: Aktuelle Fach\u00fcbersicht zu Telomeren, Telomerverk\u00fcrzung und therapeutischen Ans\u00e4tzen (Telomerase-Aktivatoren, Tankyrase-Inhibitoren etc.). Ideal f\u00fcr Dein Kapitel zu Telomeren.<\/li>\n<li><a href=\"https:\/\/link.springer.com\/article\/10.1007\/s10238-025-01771-3\" target=\"_blank\" rel=\"noopener\"><strong>Applications of CRISPR-Cas9 in mitigating cellular senescence and aging<\/strong><\/a> &#8211; <em>Cancer Immunology, Immunotherapy (2025)<\/em>: Paper \u00fcber CRISPR\/Cas9 zur Beeinflussung von Alterungsmechanismen und altersassoziierten Krankheiten.<\/li>\n<li><a href=\"https:\/\/www.theguardian.com\/science\/2025\/feb\/08\/anti-ageing-jabs-they-can-rejuvenate-mice-but-will-they-work-on-humans\" target=\"_blank\" rel=\"noopener\"><strong>Anti-ageing jabs &#8211; they can rejuvenate mice, but will they work on humans?<\/strong><\/a> &#8211; <em>The Guardian (2025)<\/em>: Popul\u00e4rwissenschaftliche Einordnung von Senolytika (dasatinib, quercetin etc.) und \u201eAgeing Vaccine\u201c.<\/li>\n<li><a href=\"https:\/\/en.wikipedia.org\/wiki\/Mind_uploading\" target=\"_blank\" rel=\"noopener\"><strong>Mind uploading<\/strong><\/a> &#8211; <em>Wikipedia (\u00dcberblicksartikel)<\/em>: Saubere Definition von \u201ewhole brain emulation\u201c, inkl. Annahme, dass ein vollst\u00e4ndig simulierter Geist theoretisch bewusst sein k\u00f6nnte.<\/li>\n<li><a href=\"https:\/\/medium.com\/predict\/the-flawed-logic-of-mind-uploading-475cda510a25\" target=\"_blank\" rel=\"noopener\"><strong>The flawed logic of \u201cMind Uploading\u201d<\/strong><\/a> &#8211; <em>Louis Rosenberg (Medium)<\/em>: Gut lesbare Kritik eines Robotik- und VR-Forschers, warum Mind Uploading aus seiner Sicht logisch und technisch h\u00f6chst fragw\u00fcrdig ist.<\/li>\n<li><a href=\"https:\/\/www.researchgate.net\/publication\/389742750_The_Digital_Afterlife_AI_Cloud_Consciousness_as_the_New_Immortality\" target=\"_blank\" rel=\"noopener\"><strong>The Digital Afterlife: AI Cloud Consciousness as the New Immortality<\/strong><\/a> &#8211; <em>ResearchGate Paper (2025)<\/em>: Aktuelles Paper zur \u201eAI cloud consciousness\u201c, das verschiedene Modelle digitaler Unsterblichkeit beschreibt (inkl. ethischer Probleme).<\/li>\n<\/ul>\n<hr \/>\n\n\t\t\t<div class=\"display-post-types\">\n\n\t\t\t\t\t\t\t<style type=\"text\/css\">\n\t\t\t#dpt-wrapper-905 { --dpt-text-align: left;--dpt-image-crop: center;--dpt-border-radius: 5px;--dpt-small-grid-column: 33.33%;--dpt-large-grid-column: 33.3333333333%;--dpt-h-gutter: 10px;--dpt-v-gutter: 10px; }\t\t\t<\/style>\n\t\t\t<style type=\"text\/css\">#dpt-wrapper-905 { --dpt-title-font-style:normal;--dpt-title-font-weight:600;--dpt-title-line-height:1.5;--dpt-title-text-decoration:none;--dpt-title-text-transform:none;--dpt-excerpt-font-style:normal;--dpt-excerpt-font-weight:400;--dpt-excerpt-line-height:1.5;--dpt-excerpt-text-decoration:none;--dpt-excerpt-text-transform:none;--dpt-meta1-font-style:normal;--dpt-meta1-font-weight:400;--dpt-meta1-line-height:1.9;--dpt-meta1-text-decoration:none;--dpt-meta1-text-transform:none;--dpt-meta2-font-style:normal;--dpt-meta2-font-weight:400;--dpt-meta2-line-height:1.9;--dpt-meta2-text-decoration:none;--dpt-meta2-text-transform:none; }<\/style><div class=\" dpt-main-header\">\n\t\t\t\t\t\t<div class=\"dpt-main-title\">\n\t\t\t\t\t\t\t<span class=\"dpt-main-title-text\">Aktuelle Themen zu K\u00fcnstlicher Intelligenz<\/span>\n\t\t\t\t\t\t<\/div>\n\t\t\t\t\t\t\n\t\t\t\t\t\t\n\t\t\t\t\t\t\n\t\t\t\t\t\t<\/div>\t\t\t\n\t\t\t\t<div id=\"dpt-wrapper-905\" class=\"dpt-wrapper dpt-grid1 multi-col dpt-mason-wrap\" >\n\n\t\t\t\t\t\t\t\t\t\t\t<div class=\"dpt-entry has-thumbnail\" data-title=\"cloud-ki als oberlehrer: warum die zukunft des arbeitens bei lokaler ki liegt\" data-id=\"3887\"  data-category=\"apple macos hardware ki-systeme\" data-post_tag=\"datenschutz digitales eigentum k\u00fcnstliche intelligenz llama llm meinungsfreiheit mistral mlx neo4j ollama sprachmodell\">\n\t\t\t\t\t\t\t<div class=\"dpt-entry-wrapper\"><div class=\" dpt-featured-content\"><div class=\" dpt-permalink\"><a href=\"https:\/\/www.markus-schall.de\/it\/2025\/12\/cloud-ki-als-oberlehrer-warum-die-zukunft-des-arbeitens-bei-lokaler-ki-liegt\/\" class=\"dpt-permalink\"><span class=\"screen-reader-text\">Cloud-KI als Oberlehrer: Warum die Zukunft des Arbeitens bei lokaler KI liegt<\/span><\/a><\/div><div class=\" dpt-thumbnail\"><div class=\"dpt-thumbnail-inner\"><img width=\"1024\" height=\"683\" class=\"attachment-full size-full\" alt=\"Cloud-KI wird zum Oberlehrer\" context=\"dpt\" data-dpt-src=\"https:\/\/www.markus-schall.de\/wp-content\/uploads\/cloud-ki-oberlehrer.jpg\" data-dpt-sizes=\"(max-width: 1024px) 100vw, 1024px\" data-dpt-srcset=\"https:\/\/www.markus-schall.de\/wp-content\/uploads\/cloud-ki-oberlehrer.jpg 1024w, https:\/\/www.markus-schall.de\/wp-content\/uploads\/cloud-ki-oberlehrer-300x200.jpg 300w, https:\/\/www.markus-schall.de\/wp-content\/uploads\/cloud-ki-oberlehrer-768x512.jpg 768w, https:\/\/www.markus-schall.de\/wp-content\/uploads\/cloud-ki-oberlehrer-18x12.jpg 18w\" \/><\/div><span class=\"dpt-thumbnail-aspect-ratio\" style=\"padding-top: 67%\"><\/span><\/div><\/div><div class=\" sub-entry\"><h3 class=\" dpt-title\"><a class=\"dpt-title-link\" href=\"https:\/\/www.markus-schall.de\/it\/2025\/12\/cloud-ki-als-oberlehrer-warum-die-zukunft-des-arbeitens-bei-lokaler-ki-liegt\/\" rel=\"bookmark\">Cloud-KI als Oberlehrer: Warum die Zukunft des Arbeitens bei lokaler KI liegt<\/a><\/h3><\/div><\/div>\n\t\t\t\t\t\t<\/div><!-- .dpt-entry -->\n\t\t\t\t\t\t\t\t\t\t\t\t<div class=\"dpt-entry has-thumbnail\" data-title=\"wie k\u00fcnstliche intelligenz die softwareentwicklung und filemaker ver\u00e4ndert\" data-id=\"6029\"  data-category=\"apple iphone &amp; ipad apple macos filemaker &amp; erp ki-systeme\" data-post_tag=\"datenbanken datenlogik denkmodelle erp-software filemaker gfm-business k\u00fcnstliche intelligenz llm prozesse sprachmodell\">\n\t\t\t\t\t\t\t<div class=\"dpt-entry-wrapper\"><div class=\" dpt-featured-content\"><div class=\" dpt-permalink\"><a href=\"https:\/\/www.markus-schall.de\/it\/2026\/05\/wie-kuenstliche-intelligenz-die-softwareentwicklung-und-filemaker-veraendert\/\" class=\"dpt-permalink\"><span class=\"screen-reader-text\">Wie k\u00fcnstliche Intelligenz die Softwareentwicklung und FileMaker ver\u00e4ndert<\/span><\/a><\/div><div class=\" dpt-thumbnail\"><div class=\"dpt-thumbnail-inner\"><img width=\"1024\" height=\"682\" class=\"attachment-full size-full\" alt=\"KI-Evolution bei der Entwicklung von FileMaker Datenbanken\" context=\"dpt\" data-dpt-src=\"https:\/\/www.markus-schall.de\/wp-content\/uploads\/KI-Evolution-Entwickler.jpg\" data-dpt-sizes=\"(max-width: 1024px) 100vw, 1024px\" data-dpt-srcset=\"https:\/\/www.markus-schall.de\/wp-content\/uploads\/KI-Evolution-Entwickler.jpg 1024w, https:\/\/www.markus-schall.de\/wp-content\/uploads\/KI-Evolution-Entwickler-300x200.jpg 300w, https:\/\/www.markus-schall.de\/wp-content\/uploads\/KI-Evolution-Entwickler-768x512.jpg 768w, https:\/\/www.markus-schall.de\/wp-content\/uploads\/KI-Evolution-Entwickler-18x12.jpg 18w\" \/><\/div><span class=\"dpt-thumbnail-aspect-ratio\" style=\"padding-top: 67%\"><\/span><\/div><\/div><div class=\" sub-entry\"><h3 class=\" dpt-title\"><a class=\"dpt-title-link\" href=\"https:\/\/www.markus-schall.de\/it\/2026\/05\/wie-kuenstliche-intelligenz-die-softwareentwicklung-und-filemaker-veraendert\/\" rel=\"bookmark\">Wie k\u00fcnstliche Intelligenz die Softwareentwicklung und FileMaker ver\u00e4ndert<\/a><\/h3><\/div><\/div>\n\t\t\t\t\t\t<\/div><!-- .dpt-entry -->\n\t\t\t\t\t\t\t\t\t\t\t\t<div class=\"dpt-entry has-thumbnail\" data-title=\"unsterblichkeit durch technik: wie weit forschung und ki wirklich sind\" data-id=\"3624\"  data-category=\"allgemein gesellschaft ki-systeme\" data-post_tag=\"denkmodelle k\u00fcnstliche intelligenz lernen llm prozesse sprachmodell\">\n\t\t\t\t\t\t\t<div class=\"dpt-entry-wrapper\"><div class=\" dpt-featured-content\"><div class=\" dpt-permalink\"><a href=\"https:\/\/www.markus-schall.de\/it\/2025\/11\/unsterblichkeit-durch-technik-wie-weit-forschung-und-ki-wirklich-sind\/\" class=\"dpt-permalink\"><span class=\"screen-reader-text\">Unsterblichkeit durch Technik: Wie weit Forschung und KI wirklich sind<\/span><\/a><\/div><div class=\" dpt-thumbnail\"><div class=\"dpt-thumbnail-inner\"><img width=\"1024\" height=\"683\" class=\"attachment-full size-full\" alt=\"Digitale Unsterblichkeit\" context=\"dpt\" data-dpt-src=\"https:\/\/www.markus-schall.de\/wp-content\/uploads\/digitale-unsterblichkeit.jpg\" data-dpt-sizes=\"(max-width: 1024px) 100vw, 1024px\" data-dpt-srcset=\"https:\/\/www.markus-schall.de\/wp-content\/uploads\/digitale-unsterblichkeit.jpg 1024w, https:\/\/www.markus-schall.de\/wp-content\/uploads\/digitale-unsterblichkeit-300x200.jpg 300w, https:\/\/www.markus-schall.de\/wp-content\/uploads\/digitale-unsterblichkeit-768x512.jpg 768w, https:\/\/www.markus-schall.de\/wp-content\/uploads\/digitale-unsterblichkeit-18x12.jpg 18w\" \/><\/div><span class=\"dpt-thumbnail-aspect-ratio\" style=\"padding-top: 67%\"><\/span><\/div><\/div><div class=\" sub-entry\"><h3 class=\" dpt-title\"><a class=\"dpt-title-link\" href=\"https:\/\/www.markus-schall.de\/it\/2025\/11\/unsterblichkeit-durch-technik-wie-weit-forschung-und-ki-wirklich-sind\/\" rel=\"bookmark\">Unsterblichkeit durch Technik: Wie weit Forschung und KI wirklich sind<\/a><\/h3><\/div><\/div>\n\t\t\t\t\t\t<\/div><!-- .dpt-entry -->\n\t\t\t\t\t\t\n\t\t\t\t<\/div>\n\t\t\t\t\t\t<\/div>\n\t\t\t\n<hr \/>\n<h2>H\u00e4ufig gestellte Fragen<\/h2>\n<ol>\n<li><strong>Was genau versteht man heute unter \u201eUnsterblichkeit\u201c?<\/strong><br \/>\nDer Begriff wird h\u00e4ufig dramatisiert, meint aber in der modernen Forschung ganz unterschiedliche Dinge. Einerseits gibt es die biologische Lebensverl\u00e4ngerung &#8211; also den Versuch, Alterungsprozesse zu verlangsamen oder Krankheiten wirksamer zu behandeln. Andererseits gibt es die digitale Unsterblichkeit, bei der es nicht um den K\u00f6rper geht, sondern um Denkweisen und Entscheidungen, die technisch bewahrt oder simuliert werden. Und schlie\u00dflich existieren theoretische Konzepte wie das \u201eMind Uploading\u201c, das nach heutigem Stand jedoch reine Spekulation bleibt. Unsterblichkeit ist also nicht ein Konzept, sondern ein Sammelbegriff f\u00fcr sehr verschiedene Ans\u00e4tze.<\/li>\n<li><strong>Ist echte biologische Unsterblichkeit \u00fcberhaupt denkbar?<\/strong><br \/>\nNach heutigem Kenntnisstand ist sie extrem unwahrscheinlich. Altern ist ein \u00e4u\u00dferst komplexer Prozess, der nicht von einem einzelnen Mechanismus gesteuert wird, sondern von vielen gleichzeitig: Genetik, Stoffwechsel, Zellsch\u00e4den, Entz\u00fcndungen und Umweltfaktoren. Forscher k\u00f6nnen bestimmte Aspekte verlangsamen oder Symptome lindern, aber ein vollst\u00e4ndiges Stoppen des Alterns ist noch weit entfernt. Die realistischere Perspektive ist eine verl\u00e4ngerte Gesundheitsspanne, nicht ewiges Leben.<\/li>\n<li><strong>Welche Forschungen im Bereich Genetik sind besonders vielversprechend?<\/strong><br \/>\nDie spannendsten Entwicklungen liegen in der Reparatur von DNA und der Verbesserung nat\u00fcrlicher Schutzmechanismen der Zellen. Methoden wie CRISPR erm\u00f6glichen es, einzelne Gene gezielt zu ver\u00e4ndern. Au\u00dferdem wird intensiv an den Telomeren geforscht, also den Schutzkappen der Chromosomen, deren Verk\u00fcrzung ein biologisches Altern signalisiert. Erste tierexperimentelle Studien zeigen, dass sich Alterungsprozesse teilweise verlangsamen lassen &#8211; beim Menschen ist das jedoch noch Zukunftsmusik.<\/li>\n<li><strong>Kann man irgendwann Organe vollst\u00e4ndig nachz\u00fcchten?<\/strong><br \/>\nDas ist eines der realistischeren Szenarien. Bereits heute gelingt es Forschern, kleine Gewebeproben, Knorpel, Haut oder einfache Organstrukturen im Labor zu z\u00fcchten. Bioprinting &#8211; das Drucken von Organen mit 3D-Druckern &#8211; entwickelt sich rasant weiter. Komplett funktionierende Organe sind zwar noch weit entfernt, aber die Grundlagen sind gelegt. Der Ersatz defekter Organe k\u00f6nnte in Zukunft ein wichtiger Baustein sein, um das Leben sp\u00fcrbar zu verl\u00e4ngern.<\/li>\n<li><strong>Ist Kryonik (Einfrieren nach dem Tod) eine ernstzunehmende Option?<\/strong><br \/>\nAus wissenschaftlicher Sicht nicht. Zwar lassen sich Zellen einfrieren, aber ein kompletter K\u00f6rper oder ein Gehirn nimmt dabei massiven Schaden. Die Strukturen, die Pers\u00f6nlichkeit, Erinnerungen und Bewusstsein ausmachen, w\u00fcrden beim Einfrieren irreparabel zerst\u00f6rt. Bef\u00fcrworter hoffen auf zuk\u00fcnftige Reparaturtechniken &#8211; doch das w\u00e4re ein gewagtes Vertrauen in Technologien, die es heute nicht gibt und vielleicht nie geben wird.<\/li>\n<li><strong>Kann eine KI tats\u00e4chlich ein Abbild einer Person werden?<\/strong><br \/>\nJa und nein. KI kann den Sprachstil, die Denklogik und typische Entscheidungen eines Menschen erstaunlich gut imitieren &#8211; vor allem, wenn viele Daten vorliegen. Das ist eine funktionale Nachbildung, die f\u00fcr berufliche oder organisatorische Zwecke sehr n\u00fctzlich sein kann. Aber eine KI besitzt kein eigenes Bewusstsein, kein inneres Erleben und keine subjektive Perspektive. Sie verh\u00e4lt sich wie der Mensch, ist aber nicht der Mensch.<\/li>\n<li><strong>Was ist der Unterschied zwischen digitaler Kopie und Bewusstseins\u00fcbertragung?<\/strong><br \/>\nEine digitale Kopie bildet Muster nach: Sprache, Verhalten, Priorit\u00e4ten. Sie kann Aufgaben \u00fcbernehmen und sogar komplexe Entscheidungen treffen. Bewusstseins\u00fcbertragung hingegen w\u00fcrde bedeuten, dass eine Person ein tats\u00e4chliches \u201eIch-Gef\u00fchl\u201c in einer Maschine weiterlebt. Das ist momentan technisch absolut nicht m\u00f6glich. Die Kopie ist also eine Art Avatar &#8211; funktional, aber nicht identisch mit dem Original.<\/li>\n<li><strong>Wie viel kann man \u00fcber einen Menschen digital konservieren?<\/strong><br \/>\n\u00dcberraschend viel. Chatverl\u00e4ufe, Dokumente, Stimmen, Bilder, Entscheidungen, E-Mails, berufliche Prozesse &#8211; all das ergibt ein sehr detailliertes psychologisches Profil. Moderne Modelle k\u00f6nnen daraus ein System erstellen, das nahezu klingt, denkt und argumentiert wie die urspr\u00fcngliche Person. Es ist nicht lebendig, aber es ist funktional und nachvollziehbar.<\/li>\n<li><strong>K\u00f6nnen humanoide Roboter wirklich wie Menschen auftreten?<\/strong><br \/>\nIn den n\u00e4chsten zwei Jahrzehnten ist das sehr wahrscheinlich. Die Robotik entwickelt sich rasant: Maschinen k\u00f6nnen gehen, rennen, springen, greifen und sogar Mimik darstellen. In Kombination mit personalisierten KI-Modellen k\u00f6nnten solche Roboter in Zukunft als Assistenten, Helfer oder sogar als \u201edigitale Nachfolger\u201c auftreten. Sie w\u00e4ren keine Menschen &#8211; aber sie k\u00f6nnten menschliches Verhalten technisch reproduzieren.<\/li>\n<li><strong>Braucht man viel technisches Wissen, um digitale Spuren sinnvoll zu sichern?<\/strong><br \/>\nNein. Schon einfache Ma\u00dfnahmen helfen: Dokumente speichern, Fotos sichern, Notizen strukturiert ablegen, wichtige Gespr\u00e4che oder Gedanken festhalten. Wer seine Daten bewusst pflegt, schafft eine Grundlage, die sp\u00e4ter von KI-Systemen ausgewertet werden kann. Die technische Verarbeitung wird ohnehin automatisiert werden &#8211; entscheidend ist die Menge und Qualit\u00e4t des Materials.<\/li>\n<li><strong>Was bringt es, Chatverl\u00e4ufe oder digitale Notizen zu archivieren?<\/strong><br \/>\nSie bilden einen Teil der pers\u00f6nlichen Denkweise ab. K\u00fcnftige KI-Systeme k\u00f6nnen aus diesen Daten einen sehr pr\u00e4zisen digitalen Assistenten erstellen. F\u00fcr Angeh\u00f6rige, Unternehmen oder pers\u00f6nliche Projekte kann das extrem wertvoll sein. Man hinterl\u00e4sst dadurch nicht nur Erinnerungen, sondern eine Art funktionales Denkarchiv, das wirklich nutzbar ist.<\/li>\n<li><strong>Kann ein KI-Avatar eine Firma weiterf\u00fchren?<\/strong><br \/>\nNicht vollst\u00e4ndig &#8211; aber er kann erstaunlich viel beitragen. Er kann Entscheidungen vorbereiten, Kommunikationsstil beibehalten, Wissensl\u00fccken schlie\u00dfen und langfristige Projekte organisieren. In Kombination mit menschlichen Mitarbeitern entsteht eine Mischung aus menschlicher Erfahrung und digitaler Kontinuit\u00e4t. Die F\u00fchrung bleibt weiterhin beim Menschen, aber die KI \u00fcbernimmt immer mehr Routine- und Analysearbeiten.<\/li>\n<li><strong>Ist digitale Unsterblichkeit ethisch unbedenklich?<\/strong><br \/>\nNicht unbedingt. Fragen nach Eigentum, Kontrolle, Identit\u00e4t und Verantwortung sind noch v\u00f6llig offen. Wem geh\u00f6rt ein digitaler Zwilling? Darf er gel\u00f6scht werden? Wie transparent muss er sein? Und wie verhindert man Missbrauch? Die Technologie ist weiter als die Debatte &#8211; und genau deshalb sind solche Fragen hoch relevant.<\/li>\n<li><strong>Was ist der gr\u00f6\u00dfte Vorteil digitaler Unsterblichkeit?<\/strong><br \/>\nSie bewahrt Wissen. Menschen verlieren jeden Tag unz\u00e4hlige Erfahrungen, Einsichten und F\u00e4higkeiten, die oft nicht dokumentiert sind. Digitale Systeme k\u00f6nnten einen Teil dieses geistigen Reichtums langfristig zug\u00e4nglich machen. Es geht nicht darum, Menschen zu ersetzen, sondern ihr Lebenswerk technisch zu verl\u00e4ngern.<\/li>\n<li><strong>K\u00f6nnen Kinder oder Enkel mit einem digitalen Avatar sinnvoll interagieren?<\/strong><br \/>\nJa, allerdings auf funktionale Weise. Ein Avatar kann Geschichten erz\u00e4hlen, Erlebnisse rekonstruieren, Ratschl\u00e4ge geben oder Denkweisen erkl\u00e4ren. Er kann emotionale N\u00e4he simulieren, aber er ersetzt keine echte Beziehung. Trotzdem kann er zu einer wertvollen Erg\u00e4nzung werden &#8211; wie ein lebendiges Archiv, das nicht verloren geht.<\/li>\n<li><strong>Welche Daten sollte man sammeln, wenn man sp\u00e4ter einen digitalen Avatar erm\u00f6glichen m\u00f6chte?<\/strong><br \/>\nHilfreich sind: pers\u00f6nliche Texte, Audioaufnahmen, Videos, berufliche Prozesse, Entscheidungen, Notizen, biografische Daten und langfristige Projekte. Auch regelm\u00e4\u00dfige Exporte aus Cloud-Systemen oder Chatverl\u00e4ufen sind sinnvoll. Je strukturierter das Material, desto pr\u00e4ziser kann ein Avatar sp\u00e4ter werden.<\/li>\n<li><strong>Wie weit ist die Forschung bei Bewusstseins\u00fcbertragung wirklich?<\/strong><br \/>\nSehr weit vom Ziel entfernt. Es gibt keine Methode, Bewusstsein zu messen, geschweige denn zu \u00fcbertragen. Die heutigen Forschungen konzentrieren sich auf neuronale Aktivit\u00e4t, Ged\u00e4chtnismechanismen und Hirnstimulation &#8211; aber das ist etwas v\u00f6llig anderes als ein digitales Ich. Mind Uploading bleibt ein theoretisches Konzept ohne realen technischen Unterbau.<\/li>\n<li><strong>Welche Form der \u201eUnsterblichkeit\u201c ist am wahrscheinlichsten?<\/strong><br \/>\nNicht die biologische, nicht die metaphysische, sondern die funktionale Fortsetzung: digitale Modelle, die das Denken, Entscheiden und Kommunizieren eines Menschen weiterf\u00fchren. Es ist keine Wiedergeburt &#8211; aber eine Art geistiges Verm\u00e4chtnis, das technisch genutzt werden kann, wenn man heute die Grundlagen daf\u00fcr legt.<\/li>\n<\/ol>\n<hr \/>\n\n\t\t\t<div class=\"display-post-types\">\n\n\t\t\t\t\t\t\t<style type=\"text\/css\">\n\t\t\t#dpt-wrapper-906 { --dpt-text-align: left;--dpt-image-crop: center;--dpt-border-radius: 5px;--dpt-h-gutter: 10px;--dpt-v-gutter: 9px; }\t\t\t<\/style>\n\t\t\t<style type=\"text\/css\">#dpt-wrapper-906 { --dpt-title-font-style:normal;--dpt-title-font-weight:600;--dpt-title-line-height:1.5;--dpt-title-text-decoration:none;--dpt-title-text-transform:none;--dpt-excerpt-font-style:normal;--dpt-excerpt-font-weight:400;--dpt-excerpt-line-height:1.5;--dpt-excerpt-text-decoration:none;--dpt-excerpt-text-transform:none;--dpt-meta1-font-style:normal;--dpt-meta1-font-weight:400;--dpt-meta1-line-height:1.9;--dpt-meta1-text-decoration:none;--dpt-meta1-text-transform:none;--dpt-meta2-font-style:normal;--dpt-meta2-font-weight:400;--dpt-meta2-line-height:1.9;--dpt-meta2-text-decoration:none;--dpt-meta2-text-transform:none; }<\/style><div class=\" dpt-main-header\">\n\t\t\t\t\t\t<div class=\"dpt-main-title\">\n\t\t\t\t\t\t\t<span class=\"dpt-main-title-text\">Gesellschaftsthemen der Gegenwart<\/span>\n\t\t\t\t\t\t<\/div>\n\t\t\t\t\t\t\n\t\t\t\t\t\t\n\t\t\t\t\t\t\n\t\t\t\t\t\t<\/div>\t\t\t\n\t\t\t\t<div id=\"dpt-wrapper-906\" class=\"dpt-wrapper dpt-mag1 land1 dpt-cropped dpt-flex-wrap\" >\n\n\t\t\t\t\t\t\t\t\t\t\t<div class=\"dpt-entry has-thumbnail\" data-title=\"woher stammt sars-cov-2? ein sachlicher \u00dcberblick \u00fcber alle corona-theorien\" data-id=\"3521\"  data-category=\"allgemein gesellschaft gesundheit\" data-post_tag=\"deutschland gesundheit krisen sicherheitspolitik\">\n\t\t\t\t\t\t\t<div class=\"dpt-entry-wrapper\"><div class=\" dpt-featured-content\"><div class=\" dpt-permalink\"><a href=\"https:\/\/www.markus-schall.de\/it\/2025\/11\/woher-stammt-sars-cov-2-ein-sachlicher-ueberblick-ueber-alle-corona-theorien\/\" class=\"dpt-permalink\"><span class=\"screen-reader-text\">Woher stammt SARS-CoV-2? Ein sachlicher \u00dcberblick \u00fcber alle Corona-Theorien<\/span><\/a><\/div><div class=\" dpt-thumbnail\"><div class=\"dpt-thumbnail-inner\"><img width=\"1024\" height=\"728\" class=\"attachment-full size-full\" alt=\"SARS-CoV-2 - Corona\" context=\"dpt\" data-dpt-src=\"https:\/\/www.markus-schall.de\/wp-content\/uploads\/sars-covii-corona.jpg\" data-dpt-sizes=\"(max-width: 1024px) 100vw, 1024px\" data-dpt-srcset=\"https:\/\/www.markus-schall.de\/wp-content\/uploads\/sars-covii-corona.jpg 1024w, https:\/\/www.markus-schall.de\/wp-content\/uploads\/sars-covii-corona-300x213.jpg 300w, https:\/\/www.markus-schall.de\/wp-content\/uploads\/sars-covii-corona-768x546.jpg 768w, https:\/\/www.markus-schall.de\/wp-content\/uploads\/sars-covii-corona-18x12.jpg 18w\" \/><\/div><span class=\"dpt-thumbnail-aspect-ratio\" style=\"padding-top: 75%\"><\/span><\/div><\/div><div class=\" sub-entry\"><h3 class=\" dpt-title\"><a class=\"dpt-title-link\" href=\"https:\/\/www.markus-schall.de\/it\/2025\/11\/woher-stammt-sars-cov-2-ein-sachlicher-ueberblick-ueber-alle-corona-theorien\/\" rel=\"bookmark\">Woher stammt SARS-CoV-2? Ein sachlicher \u00dcberblick \u00fcber alle Corona-Theorien<\/a><\/h3><\/div><\/div>\n\t\t\t\t\t\t<\/div><!-- .dpt-entry -->\n\t\t\t\t\t\t\t\t\t\t\t\t<div class=\"dpt-entry has-thumbnail\" data-title=\"digitale abh\u00e4ngigkeit: wie wir unsere selbstbestimmung an die cloud verloren haben\" data-id=\"2986\"  data-category=\"apple iphone &amp; ipad apple macos filemaker &amp; erp gesellschaft ki-systeme tipps &amp; anleitungen\" data-post_tag=\"apple datenlogik datenschutz digitales eigentum erfahrungen erp-software gfm-business\">\n\t\t\t\t\t\t\t<div class=\"dpt-entry-wrapper\"><div class=\" dpt-featured-content\"><div class=\" dpt-permalink\"><a href=\"https:\/\/www.markus-schall.de\/it\/2025\/10\/digitale-abhaengigkeit-wie-wir-unsere-selbstbestimmung-an-die-cloud-verloren-haben\/\" class=\"dpt-permalink\"><span class=\"screen-reader-text\">Digitale Abh\u00e4ngigkeit: Wie wir unsere Selbstbestimmung an die Cloud verloren haben<\/span><\/a><\/div><div class=\" dpt-thumbnail\"><div class=\"dpt-thumbnail-inner\"><img width=\"1024\" height=\"683\" class=\"attachment-full size-full\" alt=\"Digitale Abh\u00e4ngigkeit mit Cloud-Systemen\" context=\"dpt\" data-dpt-src=\"https:\/\/www.markus-schall.de\/wp-content\/uploads\/digitale-abhaengigkeit-cloud.jpg\" data-dpt-sizes=\"(max-width: 1024px) 100vw, 1024px\" data-dpt-srcset=\"https:\/\/www.markus-schall.de\/wp-content\/uploads\/digitale-abhaengigkeit-cloud.jpg 1024w, https:\/\/www.markus-schall.de\/wp-content\/uploads\/digitale-abhaengigkeit-cloud-300x200.jpg 300w, https:\/\/www.markus-schall.de\/wp-content\/uploads\/digitale-abhaengigkeit-cloud-768x512.jpg 768w, https:\/\/www.markus-schall.de\/wp-content\/uploads\/digitale-abhaengigkeit-cloud-18x12.jpg 18w\" \/><\/div><span class=\"dpt-thumbnail-aspect-ratio\" style=\"padding-top: 75%\"><\/span><\/div><\/div><div class=\" sub-entry\"><h3 class=\" dpt-title\"><a class=\"dpt-title-link\" href=\"https:\/\/www.markus-schall.de\/it\/2025\/10\/digitale-abhaengigkeit-wie-wir-unsere-selbstbestimmung-an-die-cloud-verloren-haben\/\" rel=\"bookmark\">Digitale Abh\u00e4ngigkeit: Wie wir unsere Selbstbestimmung an die Cloud verloren haben<\/a><\/h3><\/div><\/div>\n\t\t\t\t\t\t<\/div><!-- .dpt-entry -->\n\t\t\t\t\t\t\t\t\t\t\t\t<div class=\"dpt-entry has-thumbnail\" data-title=\"iran verstehen: alltag, proteste und interessen jenseits der schlagzeilen\" data-id=\"4462\"  data-category=\"allgemein gesellschaft kunst &amp; kultur\" data-post_tag=\"erfahrungen europa geopolitik krisen meinungsfreiheit sicherheitspolitik spieltheorie\">\n\t\t\t\t\t\t\t<div class=\"dpt-entry-wrapper\"><div class=\" dpt-featured-content\"><div class=\" dpt-permalink\"><a href=\"https:\/\/www.markus-schall.de\/it\/2026\/01\/iran-verstehen-alltag-proteste-und-interessen-jenseits-der-schlagzeilen\/\" class=\"dpt-permalink\"><span class=\"screen-reader-text\">Iran verstehen: Alltag, Proteste und Interessen jenseits der Schlagzeilen<\/span><\/a><\/div><div class=\" dpt-thumbnail\"><div class=\"dpt-thumbnail-inner\"><img width=\"1024\" height=\"683\" class=\"attachment-full size-full\" alt=\"Iran verstehen\" context=\"dpt\" data-dpt-src=\"https:\/\/www.markus-schall.de\/wp-content\/uploads\/Iran-Titel.jpg\" data-dpt-sizes=\"(max-width: 1024px) 100vw, 1024px\" data-dpt-srcset=\"https:\/\/www.markus-schall.de\/wp-content\/uploads\/Iran-Titel.jpg 1024w, https:\/\/www.markus-schall.de\/wp-content\/uploads\/Iran-Titel-300x200.jpg 300w, https:\/\/www.markus-schall.de\/wp-content\/uploads\/Iran-Titel-768x512.jpg 768w, https:\/\/www.markus-schall.de\/wp-content\/uploads\/Iran-Titel-18x12.jpg 18w\" \/><\/div><span class=\"dpt-thumbnail-aspect-ratio\" style=\"padding-top: 75%\"><\/span><\/div><\/div><div class=\" sub-entry\"><h3 class=\" dpt-title\"><a class=\"dpt-title-link\" href=\"https:\/\/www.markus-schall.de\/it\/2026\/01\/iran-verstehen-alltag-proteste-und-interessen-jenseits-der-schlagzeilen\/\" rel=\"bookmark\">Iran verstehen: Alltag, Proteste und Interessen jenseits der Schlagzeilen<\/a><\/h3><\/div><\/div>\n\t\t\t\t\t\t<\/div><!-- .dpt-entry -->\n\t\t\t\t\t\t\t\t\t\t\t\t<div class=\"dpt-entry has-thumbnail\" data-title=\"beruf, weltbild, zukunft: entscheidungen im schatten des umbruchs\" data-id=\"3197\"  data-category=\"allgemein gesellschaft kunst &amp; kultur tipps &amp; anleitungen\" data-post_tag=\"erfahrungen krisen pers\u00f6nlichkeitsentwicklung ratgeber\">\n\t\t\t\t\t\t\t<div class=\"dpt-entry-wrapper\"><div class=\" dpt-featured-content\"><div class=\" dpt-permalink\"><a href=\"https:\/\/www.markus-schall.de\/it\/2025\/10\/beruf-weltbild-zukunft-entscheidungen-im-schatten-des-umbruchs\/\" class=\"dpt-permalink\"><span class=\"screen-reader-text\">Beruf, Weltbild, Zukunft: Entscheidungen im Schatten des Umbruchs<\/span><\/a><\/div><div class=\" dpt-thumbnail\"><div class=\"dpt-thumbnail-inner\"><img width=\"1024\" height=\"683\" class=\"attachment-full size-full\" alt=\"Entscheidungen im Schatten des Umbruchs\" context=\"dpt\" data-dpt-src=\"https:\/\/www.markus-schall.de\/wp-content\/uploads\/Entscheidungen-im-Schatten-Umbruch.jpg\" data-dpt-sizes=\"(max-width: 1024px) 100vw, 1024px\" data-dpt-srcset=\"https:\/\/www.markus-schall.de\/wp-content\/uploads\/Entscheidungen-im-Schatten-Umbruch.jpg 1024w, https:\/\/www.markus-schall.de\/wp-content\/uploads\/Entscheidungen-im-Schatten-Umbruch-300x200.jpg 300w, https:\/\/www.markus-schall.de\/wp-content\/uploads\/Entscheidungen-im-Schatten-Umbruch-768x512.jpg 768w, https:\/\/www.markus-schall.de\/wp-content\/uploads\/Entscheidungen-im-Schatten-Umbruch-18x12.jpg 18w\" \/><\/div><span class=\"dpt-thumbnail-aspect-ratio\" style=\"padding-top: 75%\"><\/span><\/div><\/div><div class=\" sub-entry\"><h3 class=\" dpt-title\"><a class=\"dpt-title-link\" href=\"https:\/\/www.markus-schall.de\/it\/2025\/10\/beruf-weltbild-zukunft-entscheidungen-im-schatten-des-umbruchs\/\" rel=\"bookmark\">Beruf, Weltbild, Zukunft: Entscheidungen im Schatten des Umbruchs<\/a><\/h3><\/div><\/div>\n\t\t\t\t\t\t<\/div><!-- .dpt-entry -->\n\t\t\t\t\t\t\n\t\t\t\t<\/div>\n\t\t\t\t\t\t<\/div>\n\t\t\t\n<hr \/>\n","protected":false},"excerpt":{"rendered":"<p>Seit es Menschen gibt, gibt es den Wunsch, das Leben zu verl\u00e4ngern &#8211; oder am liebsten gleich unendlich auszudehnen. Fr\u00fcher waren es Mythen, Religionen, Alchemisten oder geheimnisvolle Rituale, die den Menschen Hoffnung machten. Heute sitzen keine Zauberer mehr \u00fcber alten Pergamenten, sondern einige der reichsten Menschen der Welt \u00fcber modernster Biologie und KI-Technologie. Es klingt &#8230; <a title=\"Carriera, visione del mondo, futuro: decisioni all&#039;ombra del cambiamento\" class=\"read-more\" href=\"https:\/\/www.markus-schall.de\/it\/2025\/10\/beruf-weltbild-zukunft-entscheidungen-im-schatten-des-umbruchs\/\" aria-label=\"Per saperne di pi\u00f9 su professione, visione del mondo, futuro: decisioni all&#039;ombra degli sconvolgimenti\">Leggi tutto<\/a><\/p>","protected":false},"author":1,"featured_media":3646,"comment_status":"open","ping_status":"open","sticky":false,"template":"","format":"standard","meta":{"iawp_total_views":1208,"footnotes":""},"categories":[1,466,431],"tags":[444,471,428,433,442,434],"class_list":["post-3624","post","type-post","status-publish","format-standard","has-post-thumbnail","hentry","category-allgemein","category-gesellschaft","category-ki-systeme","tag-denkmodelle","tag-kuenstliche-intelligenz","tag-lernen","tag-llm","tag-prozesse","tag-sprachmodell"],"_links":{"self":[{"href":"https:\/\/www.markus-schall.de\/it\/wp-json\/wp\/v2\/posts\/3624","targetHints":{"allow":["GET"]}}],"collection":[{"href":"https:\/\/www.markus-schall.de\/it\/wp-json\/wp\/v2\/posts"}],"about":[{"href":"https:\/\/www.markus-schall.de\/it\/wp-json\/wp\/v2\/types\/post"}],"author":[{"embeddable":true,"href":"https:\/\/www.markus-schall.de\/it\/wp-json\/wp\/v2\/users\/1"}],"replies":[{"embeddable":true,"href":"https:\/\/www.markus-schall.de\/it\/wp-json\/wp\/v2\/comments?post=3624"}],"version-history":[{"count":16,"href":"https:\/\/www.markus-schall.de\/it\/wp-json\/wp\/v2\/posts\/3624\/revisions"}],"predecessor-version":[{"id":3700,"href":"https:\/\/www.markus-schall.de\/it\/wp-json\/wp\/v2\/posts\/3624\/revisions\/3700"}],"wp:featuredmedia":[{"embeddable":true,"href":"https:\/\/www.markus-schall.de\/it\/wp-json\/wp\/v2\/media\/3646"}],"wp:attachment":[{"href":"https:\/\/www.markus-schall.de\/it\/wp-json\/wp\/v2\/media?parent=3624"}],"wp:term":[{"taxonomy":"category","embeddable":true,"href":"https:\/\/www.markus-schall.de\/it\/wp-json\/wp\/v2\/categories?post=3624"},{"taxonomy":"post_tag","embeddable":true,"href":"https:\/\/www.markus-schall.de\/it\/wp-json\/wp\/v2\/tags?post=3624"}],"curies":[{"name":"wp","href":"https:\/\/api.w.org\/{rel}","templated":true}]}}