{"id":3798,"date":"2025-12-03T06:33:26","date_gmt":"2025-12-03T06:33:26","guid":{"rendered":"https:\/\/www.markus-schall.de\/?p=3798"},"modified":"2026-04-12T14:33:25","modified_gmt":"2026-04-12T14:33:25","slug":"cmd-e-bite-splint-unesperienza-personale-con-una-chiara-visione-dinsieme","status":"publish","type":"post","link":"https:\/\/www.markus-schall.de\/it\/2025\/12\/cmd-e-bite-splint-unesperienza-personale-con-una-chiara-visione-dinsieme\/","title":{"rendered":"CMD e bite occlusale: Un'esperienza personale con una chiara panoramica"},"content":{"rendered":"<p>Io stesso porto un bite Sch\u00f6ttl da tre anni e mezzo: un bite fisso nella mascella inferiore, che viene regolarmente riaffilato e che \u00e8 deliberatamente progettato non solo per alleviare la mascella, ma anche per influenzare la colonna vertebrale. Ed \u00e8 esattamente quello che fa per me. Questo bite mi ha aiutato a stabilizzare la mia statica, ad alleviare la tensione e a sviluppare una consapevolezza del corpo completamente nuova.<\/p>\n<p>In questo periodo mi sono reso conto di quanta poca chiarezza ci sia in giro sui diversi tipi di stecche. Soprattutto nei gruppi online, continuo a vedere quanto questo termine sia usato in modo confuso, come se ogni pista facesse la stessa cosa. Ecco perch\u00e9 vorrei fare un po' di ordine e spiegarvi in modo comprensibile quali sono i tipi di stecche e perch\u00e9 la differenza \u00e8 cos\u00ec importante.<!--more--><\/p>\n<hr \/>\n\n\t\t\t<div class=\"display-post-types\">\n\n\t\t\t\t\t\t\t<style type=\"text\/css\">\n\t\t\t#dpt-wrapper-878 { --dpt-text-align: left;--dpt-image-crop: center;--dpt-border-radius: 5px;--dpt-h-gutter: 10px;--dpt-v-gutter: 9px; }\t\t\t<\/style>\n\t\t\t<style type=\"text\/css\">#dpt-wrapper-878 { --dpt-title-font-style:normal;--dpt-title-font-weight:600;--dpt-title-line-height:1.5;--dpt-title-text-decoration:none;--dpt-title-text-transform:none;--dpt-excerpt-font-style:normal;--dpt-excerpt-font-weight:400;--dpt-excerpt-line-height:1.5;--dpt-excerpt-text-decoration:none;--dpt-excerpt-text-transform:none;--dpt-meta1-font-style:normal;--dpt-meta1-font-weight:400;--dpt-meta1-line-height:1.9;--dpt-meta1-text-decoration:none;--dpt-meta1-text-transform:none;--dpt-meta2-font-style:normal;--dpt-meta2-font-weight:400;--dpt-meta2-line-height:1.9;--dpt-meta2-text-decoration:none;--dpt-meta2-text-transform:none; }<\/style><div class=\"dpt-main-header\">\n\t\t\t\t\t\t<div class=\"dpt-main-title\">\n\t\t\t\t\t\t\t<span class=\"dpt-main-title-text\">Argomenti di salute attuali<\/span>\n\t\t\t\t\t\t<\/div>\n\t\t\t\t\t\t\n\t\t\t\t\t\t\n\t\t\t\t\t\t\n\t\t\t\t\t\t<\/div>\t\t\t\n\t\t\t\t<div id=\"dpt-wrapper-878\" class=\"dpt-wrapper dpt-mag1 land1 dpt-cropped dpt-flex-wrap\" >\n\n\t\t\t\t\t\t\t\t\t\t\t<div class=\"dpt-entry has-thumbnail\" data-title=\"cmd \u2013 das vergessene problem der modernen medizin\" data-id=\"2493\"  data-category=\"b\u00fccher gesundheit\" data-post_tag=\"buch cmd gesundheit ratgeber verlag\">\n\t\t\t\t\t\t\t<div class=\"dpt-entry-wrapper\"><div class=\"dpt-featured-content\"><div class=\"dpt-permalink\"><a href=\"https:\/\/www.markus-schall.de\/it\/2025\/08\/cmd-il-problema-dimenticato-della-medicina-moderna\/\" class=\"dpt-permalink\"><span class=\"screen-reader-text\">CMD - Il problema dimenticato della medicina moderna<\/span><\/a><\/div><div class=\"dpt-thumbnail\"><div class=\"dpt-thumbnail-inner\"><img width=\"1280\" height=\"1812\" class=\"attachment-full size-full\" alt=\"Libro: CMD - Il problema dimenticato della medicina moderna\" context=\"dpt\" data-dpt-src=\"https:\/\/www.markus-schall.de\/wp-content\/uploads\/Cover-Front.jpg\" data-dpt-sizes=\"(max-width: 1280px) 100vw, 1280px\" data-dpt-srcset=\"https:\/\/www.markus-schall.de\/wp-content\/uploads\/Cover-Front.jpg 1280w, https:\/\/www.markus-schall.de\/wp-content\/uploads\/Cover-Front-212x300.jpg 212w, https:\/\/www.markus-schall.de\/wp-content\/uploads\/Cover-Front-723x1024.jpg 723w, https:\/\/www.markus-schall.de\/wp-content\/uploads\/Cover-Front-768x1087.jpg 768w, https:\/\/www.markus-schall.de\/wp-content\/uploads\/Cover-Front-1085x1536.jpg 1085w, https:\/\/www.markus-schall.de\/wp-content\/uploads\/Cover-Front-8x12.jpg 8w\" \/><\/div><span class=\"dpt-thumbnail-aspect-ratio\" style=\"padding-top: 75%\"><\/span><\/div><\/div><div class=\"sub-entry\"><h3 class=\"dpt-title\"><a class=\"dpt-title-link\" href=\"https:\/\/www.markus-schall.de\/it\/2025\/08\/cmd-il-problema-dimenticato-della-medicina-moderna\/\" rel=\"bookmark\">CMD - Il problema dimenticato della medicina moderna<\/a><\/h3><\/div><\/div>\n\t\t\t\t\t\t<\/div><!-- .dpt-entry -->\n\t\t\t\t\t\t\t\t\t\t\t\t<div class=\"dpt-entry has-thumbnail\" data-title=\"zahnreinigung \u2013 sinnvoll oder \u00fcbertrieben? eine differenzierte betrachtung\" data-id=\"2920\"  data-category=\"allgemein b\u00fccher gesundheit tipps &amp; anleitungen\" data-post_tag=\"buch cmd gesundheit hypersensibilit\u00e4t mcs\">\n\t\t\t\t\t\t\t<div class=\"dpt-entry-wrapper\"><div class=\"dpt-featured-content\"><div class=\"dpt-permalink\"><a href=\"https:\/\/www.markus-schall.de\/it\/2025\/09\/pulizia-dentale-sensata-o-esagerata-una-visione-differenziata\/\" class=\"dpt-permalink\"><span class=\"screen-reader-text\">Pulizia dentale: sensata o eccessiva? Una visione differenziata<\/span><\/a><\/div><div class=\"dpt-thumbnail\"><div class=\"dpt-thumbnail-inner\"><img width=\"1536\" height=\"1024\" class=\"attachment-full size-full\" alt=\"Pulizia dentale: ogni quanto ha senso?\" context=\"dpt\" data-dpt-src=\"https:\/\/www.markus-schall.de\/wp-content\/uploads\/zahnreinigung-sinnvoll.png\" data-dpt-sizes=\"(max-width: 1536px) 100vw, 1536px\" data-dpt-srcset=\"https:\/\/www.markus-schall.de\/wp-content\/uploads\/zahnreinigung-sinnvoll.png 1536w, https:\/\/www.markus-schall.de\/wp-content\/uploads\/zahnreinigung-sinnvoll-300x200.png 300w, https:\/\/www.markus-schall.de\/wp-content\/uploads\/zahnreinigung-sinnvoll-1024x683.png 1024w, https:\/\/www.markus-schall.de\/wp-content\/uploads\/zahnreinigung-sinnvoll-768x512.png 768w, https:\/\/www.markus-schall.de\/wp-content\/uploads\/zahnreinigung-sinnvoll-18x12.png 18w\" \/><\/div><span class=\"dpt-thumbnail-aspect-ratio\" style=\"padding-top: 75%\"><\/span><\/div><\/div><div class=\"sub-entry\"><h3 class=\"dpt-title\"><a class=\"dpt-title-link\" href=\"https:\/\/www.markus-schall.de\/it\/2025\/09\/pulizia-dentale-sensata-o-esagerata-una-visione-differenziata\/\" rel=\"bookmark\">Pulizia dentale: sensata o eccessiva? Una visione differenziata<\/a><\/h3><\/div><\/div>\n\t\t\t\t\t\t<\/div><!-- .dpt-entry -->\n\t\t\t\t\t\t\t\t\t\t\t\t<div class=\"dpt-entry has-thumbnail\" data-title=\"mcs: wenn das leben dich zum dritten mal zwingt umzuziehen\" data-id=\"2822\"  data-category=\"allgemein b\u00fccher gesundheit\" data-post_tag=\"auswandern cmd erfahrungen hypersensibilit\u00e4t krisen mcs pers\u00f6nlichkeitsentwicklung ratgeber\">\n\t\t\t\t\t\t\t<div class=\"dpt-entry-wrapper\"><div class=\"dpt-featured-content\"><div class=\"dpt-permalink\"><a href=\"https:\/\/www.markus-schall.de\/it\/2025\/09\/mcs-quando-la-vita-ti-costringe-a-trasferirti-per-la-terza-volta\/\" class=\"dpt-permalink\"><span class=\"screen-reader-text\">MCS: quando la vita ti costringe a trasferirti per la terza volta<\/span><\/a><\/div><div class=\"dpt-thumbnail\"><div class=\"dpt-thumbnail-inner\"><img width=\"1024\" height=\"684\" class=\"attachment-full size-full\" alt=\"Tre allontanamenti forzati a causa della MCS (Sensibilit\u00e0 Chimica Multipla)\" context=\"dpt\" data-dpt-src=\"https:\/\/www.markus-schall.de\/wp-content\/uploads\/mcs-baustelle-krise.jpg\" data-dpt-sizes=\"(max-width: 1024px) 100vw, 1024px\" data-dpt-srcset=\"https:\/\/www.markus-schall.de\/wp-content\/uploads\/mcs-baustelle-krise.jpg 1024w, https:\/\/www.markus-schall.de\/wp-content\/uploads\/mcs-baustelle-krise-300x200.jpg 300w, https:\/\/www.markus-schall.de\/wp-content\/uploads\/mcs-baustelle-krise-768x513.jpg 768w, https:\/\/www.markus-schall.de\/wp-content\/uploads\/mcs-baustelle-krise-18x12.jpg 18w\" \/><\/div><span class=\"dpt-thumbnail-aspect-ratio\" style=\"padding-top: 75%\"><\/span><\/div><\/div><div class=\"sub-entry\"><h3 class=\"dpt-title\"><a class=\"dpt-title-link\" href=\"https:\/\/www.markus-schall.de\/it\/2025\/09\/mcs-quando-la-vita-ti-costringe-a-trasferirti-per-la-terza-volta\/\" rel=\"bookmark\">MCS: quando la vita ti costringe a trasferirti per la terza volta<\/a><\/h3><\/div><\/div>\n\t\t\t\t\t\t<\/div><!-- .dpt-entry -->\n\t\t\t\t\t\t\t\t\t\t\t\t<div class=\"dpt-entry has-thumbnail\" data-title=\"schienentherapie bei cmd \u2013 mein pers\u00f6nlicher weg durch die letzte phase\" data-id=\"2509\"  data-category=\"b\u00fccher gesundheit\" data-post_tag=\"buch cmd erfahrungen gesundheit ratgeber\">\n\t\t\t\t\t\t\t<div class=\"dpt-entry-wrapper\"><div class=\"dpt-featured-content\"><div class=\"dpt-permalink\"><a href=\"https:\/\/www.markus-schall.de\/it\/2025\/08\/terapia-con-stecche-per-la-cmd-il-mio-personale-percorso-attraverso-lultima-fase\/\" class=\"dpt-permalink\"><span class=\"screen-reader-text\">Terapia con stecche per la CMD - Il mio personale percorso attraverso la fase finale<\/span><\/a><\/div><div class=\"dpt-thumbnail\"><div class=\"dpt-thumbnail-inner\"><img width=\"1920\" height=\"1280\" class=\"attachment-full size-full\" alt=\"Esperienza con le stecche CMD\" context=\"dpt\" data-dpt-src=\"https:\/\/www.markus-schall.de\/wp-content\/uploads\/cmd-schiene-erfahrungen.jpg\" data-dpt-sizes=\"(max-width: 1920px) 100vw, 1920px\" data-dpt-srcset=\"https:\/\/www.markus-schall.de\/wp-content\/uploads\/cmd-schiene-erfahrungen.jpg 1920w, https:\/\/www.markus-schall.de\/wp-content\/uploads\/cmd-schiene-erfahrungen-300x200.jpg 300w, https:\/\/www.markus-schall.de\/wp-content\/uploads\/cmd-schiene-erfahrungen-1024x683.jpg 1024w, https:\/\/www.markus-schall.de\/wp-content\/uploads\/cmd-schiene-erfahrungen-768x512.jpg 768w, https:\/\/www.markus-schall.de\/wp-content\/uploads\/cmd-schiene-erfahrungen-1536x1024.jpg 1536w, https:\/\/www.markus-schall.de\/wp-content\/uploads\/cmd-schiene-erfahrungen-18x12.jpg 18w\" \/><\/div><span class=\"dpt-thumbnail-aspect-ratio\" style=\"padding-top: 75%\"><\/span><\/div><\/div><div class=\"sub-entry\"><h3 class=\"dpt-title\"><a class=\"dpt-title-link\" href=\"https:\/\/www.markus-schall.de\/it\/2025\/08\/terapia-con-stecche-per-la-cmd-il-mio-personale-percorso-attraverso-lultima-fase\/\" rel=\"bookmark\">Terapia con stecche per la CMD - Il mio personale percorso attraverso la fase finale<\/a><\/h3><\/div><\/div>\n\t\t\t\t\t\t<\/div><!-- .dpt-entry -->\n\t\t\t\t\t\t\n\t\t\t\t<\/div>\n\t\t\t\t\t\t<\/div>\n\t\t\t\n<hr \/>\n<h2>Perch\u00e9 il termine \u201eferrovia\u201c oggi non ha quasi pi\u00f9 significato<\/h2>\n<p>Quando sono in un <a href=\"https:\/\/de.wikipedia.org\/wiki\/Kraniomandibul\u00e4re_Dysfunktion\" target=\"_blank\" rel=\"noopener\">DTM<\/a>-gruppo, come scrive qualcuno: <em>\u201eMi hanno dato una stecca\u201c<\/em>, Di solito non so nemmeno di cosa stiamo parlando. E qui sta il problema: il termine \u201ebite\u201c oggi \u00e8 diventato cos\u00ec ampio da indicare quasi tutto ci\u00f2 che si mette in bocca. Un tempo si riferiva a una semplice placca rigida per il morso, spesso per la mascella superiore, solitamente intesa solo come misura protettiva contro il digrignamento notturno. Niente di pi\u00f9. Ma quei tempi sono finiti.<\/p>\n<p>Oggi esistono stecche semplici in plastica, sistemi fresati individualmente, stecche funzionali complesse per la mandibola, stecche con guida articolare, costruzioni con apparecchi metallici e modelli terapeutici specializzati che intervengono profondamente nella statica del corpo. E tutti vengono chiamati semplicemente \u201ebite\u201c. Questo porta inevitabilmente a dei fraintendimenti. C'\u00e8 chi parla di una steccatura quotidiana da pochi euro, chi invece di uno strumento terapeutico che interviene sull'intera catena muscolare.<\/p>\n<p>Per molte persone interessate, questo d\u00e0 l'impressione che ogni ferrovia possa essere paragonata all'altra o, peggio, che ognuna possa avere lo stesso effetto. Non \u00e8 esattamente questo il caso. Un bite per rettifica protegge i denti, ma non corregge la malocclusione. Un bite diagnostico funzionale pu\u00f2 modificare la postura, ma non \u00e8 un semplice prodotto standard. E un apparecchio ortodontico \u00e8 qualcosa di completamente diverso da un classico bite in plastica.<\/p>\n<p>Pi\u00f9 approfondisco l'argomento, pi\u00f9 diventa chiaro: Senza termini chiari, \u00e8 facile perdersi nel buio. Ci si affida a raccomandazioni che non si adattano alla propria situazione. E si acquistano soluzioni che non sono mai state pensate per il proprio problema. \u00c8 proprio per questo che in questo articolo voglio spiegarvi passo dopo passo i principali tipi di stecche, in modo oggettivo, chiaro e tale da farvi capire quale sia la soluzione pi\u00f9 adatta al vostro problema. Perch\u00e9 solo quando ci si rende conto che \u201estecca\u201c non \u00e8 solo \u201estecca\u201c, si pu\u00f2 prendere una decisione che aiuti davvero il proprio corpo.<\/p>\n<h2>Le semplici stecche per il crunch: cosa possono e non possono fare davvero<\/h2>\n<p>Quando qualcuno scrive nei forum o nei gruppi: \u201eHo preso un bite dal dentista\u201c, molto spesso si riferisce a un semplice bite per molatura - di solito in plastica trasparente o lattiginosa, relativamente sottile, di rapida produzione e standard in molti studi. A prima vista, sembra logico: i denti sono protetti, il dentista ha \u201efatto qualcosa\u201c e si ha la sensazione che almeno un passo sia stato fatto. Ma se si guarda pi\u00f9 da vicino, ci si rende conto di quanto siano limitate queste stecche, soprattutto per disturbi complessi come la CMD.<\/p>\n<h3>Che cos'\u00e8 una semplice stecca crunch<\/h3>\n<p>Un semplice bite per digrignamento non \u00e8 altro che uno scudo protettivo per i denti. Si inserisce nella mascella superiore o in quella inferiore, si adatta al rilievo dentale esistente e fa s\u00ec che i denti non si digrignino o si danneggino a vicenda quando si digrigna.<br \/>\nIl loro scopo principale \u00e8 quindi la protezione meccanica dei denti, n\u00e9 pi\u00f9 n\u00e9 meno.<\/p>\n<p>In molti casi, questo tipo di bite viene prodotto in tempi relativamente brevi: Impronta, laboratorio, breve adattamento, eventualmente una piccola rettifica, finitura. Il bite viene quindi chiamato \u201ebite per digrignamento notturno\u201c o semplicemente \u201ebite per morso\u201c, anche se dal punto di vista funzionale \u00e8 solo lontanamente correlato a bite pi\u00f9 complessi.<\/p>\n<h3>Cosa possono fare queste rotaie e quali sono i loro chiari limiti<\/h3>\n<p>In modo che non ci siano fraintendimenti: In caso di puro digrignamento, senza grossi problemi strutturali all'articolazione temporo-mandibolare, questi bite possono avere perfettamente senso. Se una persona lavora molto con i denti, le otturazioni o le corone sono a rischio e si tratta soprattutto di preservare la sostanza, questa \u00e8 una soluzione semplice e pragmatica. I denti hanno una sorta di paraurti e l'usura \u00e8 limitata.<\/p>\n<p>Tuttavia, quando si tratta di qualcosa di pi\u00f9 - incrinature dell'articolazione mascellare, dolore, problemi al collo, tensione alle spalle, mal di schiena, disallineamento pelvico o CMD complessa - questi bite raggiungono molto rapidamente i loro limiti naturali. Non modificano la posizione del morso, non cambiano le catene muscolari e non correggono la statica della colonna vertebrale.<\/p>\n<p>In un certo senso, si sovrappongono alla malocclusione esistente e, nel peggiore dei casi, possono addirittura stabilizzarla.<\/p>\n<h3>Perch\u00e9 le semplici stecche per il crunch sono spesso sopravvalutate<\/h3>\n<p>Nel mio studio mi capita pi\u00f9 volte di trovarmi di fronte alla stessa situazione: una persona ha portato per anni un bite di plastica, ha \u201ecollaborato\u201c bene durante la notte, forse ha anche ricevuto diversi bite, eppure i sintomi sono rimasti. A volte sono addirittura peggiorati. Il problema non \u00e8 che il bite \u00e8 \u201ecattivo\u201c, ma che non \u00e8 stato sviluppato per lo scopo effettivo. Una stecca per crunch viene spesso venduta come strumento terapeutico, mentre in realt\u00e0 \u00e8 solo uno strumento protettivo. Questa \u00e8 una differenza enorme.<\/p>\n<p>Immaginiamo una cosa del genere: sostituiremmo semplicemente la carta da parati di una casa con le fondamenta storte. All'inizio pu\u00f2 sembrare pi\u00f9 bello e rassicurante, ma le fondamenta continueranno a essere storte.<\/p>\n<p>Tuttavia, molte persone sperano di ottenere esattamente il contrario: meno dolore, meno tensione, rilassamento dei muscoli e cambiamento della postura. Una semplice stecca crunch di solito non pu\u00f2 ottenere tutto questo. Se qualcosa migliora, spesso \u00e8 solo a breve termine, perch\u00e9 si ha la sensazione soggettiva che \u201equalcosa \u00e8 successo\u201c e ci si sente rilassati per questo passo. Questo \u00e8 comprensibile da un punto di vista psicologico, ma fisicamente di solito non c'\u00e8 un cambiamento profondo.<\/p>\n<h3>Come queste rotaie possono ancora essere un elemento di costruzione<\/h3>\n<p>Nonostante tutte le critiche, le stecche per digrignamento semplice hanno il loro posto, se classificate correttamente. Se si desidera principalmente proteggere i denti e non si hanno disturbi importanti nell'ambito della statica o dell'articolazione temporo-mandibolare, possono certamente essere un elemento utile. Sono relativamente poco costosi, semplici da realizzare e di solito facilmente tollerabili nella vita quotidiana.<\/p>\n<p>Tuttavia, \u00e8 importante sapere cosa ci si pu\u00f2 aspettare da una stecca di questo tipo e cosa no. Non \u00e8 una panacea, non \u00e8 un \u201ebite CMD\u201c e certamente non \u00e8 uno strumento con cui \u00e8 possibile influenzare in modo mirato la statica dell'intero corpo. \u00c8 una sorta di \u201ecasco\u201c per i denti, niente di pi\u00f9.<\/p>\n<h3>Tipici fraintendimenti di cui \u00e8 bene essere consapevoli<\/h3>\n<p>Nelle conversazioni e nei contributi, continuo a vedere gli stessi errori di pensiero:<\/p>\n<blockquote><p><em>\u201eHo una stecca, quindi la mia CMD viene trattata ora\u201c.\u201c<\/em><\/p><\/blockquote>\n<p>In realt\u00e0, spesso viene protetto solo lo smalto, ma non il sistema retrostante.<\/p>\n<blockquote><p><em>\u201eSe la stecca non aiuta, allora le stecche in generale non possono aiutare\u201c.\u201c<\/em><\/p><\/blockquote>\n<p>Questo \u00e8 altrettanto sbagliato. \u00c8 pi\u00f9 simile a quello che stai dicendo: <em>\u201eQuesto semplice gesso non ha guarito la gamba rotta, quindi le bende sono praticamente inutili\u201c.\u201c<\/em><\/p>\n<blockquote><p><em>\u201eTutti i brani sono fondamentalmente uguali\u201c.\u201c<\/em><\/p><\/blockquote>\n<p>A mio avviso, \u00e8 qui che risiede il pericolo maggiore. Se non si fa una differenziazione, non si pu\u00f2 riconoscere quando un concetto ferroviario diverso avrebbe senso.<br \/>\nSoprattutto nei gruppi CMD, questa mescolanza di tipi di stecche e di esperienze pu\u00f2 portare rapidamente alla confusione. Una persona ha un semplice splint di crunch e non ha quasi nessun beneficio, mentre un'altra indossa un complesso splint funzionale e riferisce miglioramenti significativi. Entrambi parlano della \u201emia stecca\u201c, ma gli strumenti di cui parlano sono completamente diversi.<\/p>\n<h3>A cosa dovete prestare attenzione se vi viene offerto un binario semplice<\/h3>\n<p>Se il dentista suggerisce un semplice bite per digrignare i denti, all'inizio non \u00e8 una cosa negativa. Il fattore decisivo \u00e8 la domanda che si pone in primo piano: si tratta di proteggere i denti dall'abrasione? Oppure si tratta di trattare un problema mascellare complesso che si ripercuote su collo, schiena e statica?<\/p>\n<p>Nel primo caso, una semplice guida pu\u00f2 essere una soluzione ragionevole. Nel secondo caso, si tratta al massimo di un piccolo componente - e in alcuni casi addirittura di un freno, perch\u00e9 d\u00e0 l'impressione che \u201etutto sia fatto\u201c. Se avete gi\u00e0 chiari sintomi di CMD, \u00e8 importante che non vi fermiate alla domanda: \u201eHo un bite?\u201c, ma piuttosto: \u201eQuale bite ho, su quale concetto si basa e qual \u00e8 il suo scopo?\u201c. Solo dopo aver risposto a queste domande \u00e8 possibile valutare se si tratta di un semplice splint o se \u00e8 giunto il momento di considerare sistemi di splint pi\u00f9 funzionali e approfonditi.<\/p>\n<div class=\"lyte-wrapper\" style=\"width:640px;max-width:100%;margin:5px;\"><div class=\"lyMe\" id=\"WYL_CRDplh6Ymvc\"><div id=\"lyte_CRDplh6Ymvc\" data-src=\"https:\/\/www.markus-schall.de\/wp-content\/plugins\/wp-youtube-lyte\/lyteCache.php?origThumbUrl=%2F%2Fi.ytimg.com%2Fvi%2FCRDplh6Ymvc%2Fhqdefault.jpg\" class=\"pL\"><div class=\"tC\"><div class=\"tT\"><\/div><\/div><div class=\"play\"><\/div><div class=\"ctrl\"><div class=\"Lctrl\"><\/div><div class=\"Rctrl\"><\/div><\/div><\/div><noscript><a href=\"https:\/\/youtu.be\/CRDplh6Ymvc\" rel=\"nofollow noopener\" target=\"_blank\"><img loading=\"lazy\" decoding=\"async\" src=\"https:\/\/www.markus-schall.de\/wp-content\/plugins\/wp-youtube-lyte\/lyteCache.php?origThumbUrl=https%3A%2F%2Fi.ytimg.com%2Fvi%2FCRDplh6Ymvc%2F0.jpg\" alt=\"Miniatura del video di YouTube\" width=\"640\" height=\"340\" \/><br \/>Guarda questo video su YouTube<\/a><\/noscript><\/div><\/div><div class=\"lL\" style=\"max-width:100%;width:640px;margin:5px;\"><\/div><br \/>\nDolore alla mandibola e CMD - Quale bite dentale \u00e8 adatto a voi? | <a href=\"https:\/\/www.youtube.com\/@kieferwissen\" target=\"_blank\" rel=\"noopener\">Conoscenza del pino Stefanie Kapp<\/a><\/p>\n<h2>Bite fresati singolarmente<\/h2>\n<p>Dopo i semplici bite per la digrignazione, arriva quello che molti conoscono come il passo successivo: un bite personalizzato e rettificato. Si tratta di un'area che pu\u00f2 fare molto di pi\u00f9 della semplice protezione dei denti, ma anche qui vale la pena di dare un'occhiata pi\u00f9 da vicino. Infatti, solo perch\u00e9 qualcosa sembra pi\u00f9 personalizzato, non significa che sia una terapia CMD mirata.<\/p>\n<p>Vedo queste stecche come una sorta di \u201eclassica via di mezzo\u201c: migliori dei gusci di plastica pura, ma ancora lontane da stecche funzionali e coerenti, destinate a influenzare la statica.<\/p>\n<h3>Come vengono prodotte queste rotaie e perch\u00e9 \u00e8 importante<\/h3>\n<p>Per un bite personalizzato, viene prima presa un'impronta dei denti o viene fatta una scansione digitale. In laboratorio viene poi creato un bite personalizzato in plastica pi\u00f9 dura. Questo bite grezzo viene poi montato nello studio dentistico e fresato in pi\u00f9 fasi. L'obiettivo \u00e8 garantire che il contatto sia il pi\u00f9 uniforme possibile quando si morde e che nessun singolo dente entri in contatto troppo presto o sia sovraccaricato quando si muove la mascella inferiore.<\/p>\n<p>In teoria, questo dovrebbe alleviare i muscoli masticatori, calmare l'articolazione temporo-mandibolare e distribuire il carico in modo pi\u00f9 uniforme. In pratica, il risultato dipende molto dall'accuratezza con cui viene eseguito il lavoro e dal fatto che l'operatore abbia in mente un chiaro obiettivo funzionale o si limiti a \u201esmussare qualcosa finch\u00e9 non si sente bene\u201c.<\/p>\n<p><strong>Cosa \u00e8 importante<\/strong>Questi bite non sono prodotti standard. Ognuno di essi \u00e8 fresato in modo diverso e pu\u00f2 cambiare nel corso del tempo con l'adattamento dei denti, dei muscoli e della posizione del morso. Per questo motivo sono quasi sempre necessari controlli e rielaborazioni periodiche.<\/p>\n<h3>Mascella superiore o mascella inferiore: un dettaglio apparentemente piccolo ma di grande effetto<\/h3>\n<p>Una domanda che sorprendentemente viene raramente spiegata in modo corretto \u00e8 la posizione del bite: mascella superiore o mascella inferiore? Molti bite vengono posizionati nella mascella superiore. Questo \u00e8 spesso pi\u00f9 semplice dal punto di vista odontoiatrico ed \u00e8 uno standard in molti studi. Si chiude la bocca, il bite \u00e8 sopra e la mascella inferiore \u201etrova\u201c il suo posto.<\/p>\n<p>Tuttavia, esistono anche bite personalizzati per la mascella inferiore. Questi creano una situazione iniziale diversa, perch\u00e9 la mascella inferiore \u00e8 l'elemento mobile del sistema. Il posizionamento di un bite nella mascella superiore o inferiore ha un'influenza:<\/p>\n<ul>\n<li>come funzionano i muscoli,<\/li>\n<li>l'orientamento della mascella inferiore quando si morde,<\/li>\n<li>la posizione dell'articolazione temporo-mandibolare.<\/li>\n<\/ul>\n<p>Se si utilizza uno splintaggio nella mascella superiore, la mascella inferiore pu\u00f2 \u201eabituarsi\u201c a una determinata posizione. Questo pu\u00f2 essere un sollievo, ma pu\u00f2 anche stabilizzare una posizione sfavorevole se il concetto alla base non \u00e8 stato adeguatamente studiato.<\/p>\n<p>Un bite mandibolare, invece, se pianificato in modo adeguato, pu\u00f2 intervenire pi\u00f9 attivamente nel controllo del movimento. Pu\u00f2 portare la mascella inferiore in una posizione diversa, terapeuticamente desiderata, o guidarla lungo determinati percorsi. Anche qui il fattore decisivo \u00e8 determinante: Non \u00e8 la posizione da sola a fare la differenza, ma il concetto in base al quale la stecca viene messa a terra.<\/p>\n<h3>Quali funzioni possono avere tali binari<\/h3>\n<p>I bite splint personalizzati sono spesso utilizzati per diversi scopi:<\/p>\n<ul>\n<li>In primo luogo, devono <strong>Alleviare i muscoli masticatori<\/strong>. Se i contatti sono pi\u00f9 uniformi e nessun singolo dente viene sovraccaricato, il tono muscolare pu\u00f2 essere ridotto. Alcune persone riferiscono una minore tensione mattutina, mal di testa o dolore all'articolazione della mandibola.<\/li>\n<li>In secondo luogo, devono <strong>Lenire l'articolazione temporo-mandibolare<\/strong>. Una superficie di contatto definita spesso distribuisce la pressione sul giunto in modo diverso. I rumori di rottura, di sfregamento o di blocco possono cambiare di conseguenza, a volte in meglio, a volte per niente.<\/li>\n<li>In terzo luogo, possono essere utilizzati come <strong>strumento diagnostico<\/strong> servire. Se i sintomi cambiano con una determinata situazione di morso, questo pu\u00f2 indicare in quale direzione deve andare la terapia. In buone mani, un bite non \u00e8 solo un trattamento, ma anche uno strumento di prova.<\/li>\n<li>In quarto luogo, spesso fungono da <strong>Preparazione per le fasi successive<\/strong>. Prima di realizzare un bite lift definitivo, una protesi o una ricostruzione completa, a volte si utilizza un bite per vedere come il sistema reagisce a una diversa posizione del morso.<\/li>\n<\/ul>\n<p>Tutto ci\u00f2 sembra molto sensato all'inizio. Tuttavia, l'esperienza dimostra che in molti casi questo tipo di steccobenda viene utilizzato semplicemente come \u201esteccobenda migliore\u201c, senza che queste opzioni vengano realmente sfruttate.<\/p>\n<h3>Opportunit\u00e0: dove queste rotaie possono effettivamente essere utili<\/h3>\n<p>Se usati correttamente, i bite personalizzati possono sicuramente aiutare in modo evidente. Ad esempio, se in una certa zona il contatto con i denti \u00e8 pesante, i muscoli sono sovraccarichi e l'articolazione temporo-mandibolare \u00e8 gi\u00e0 irritata, un bite ben fatto pu\u00f2 agire come un piccolo reset: Le forze vengono distribuite meglio, i muscoli non sono pi\u00f9 costretti ad \u201eararsi\u201c in un unico punto e il sistema ha la possibilit\u00e0 di calmarsi un po'.<\/p>\n<p>Anche in caso di disturbi moderati della CMD, questi bite possono essere un inizio ragionevole se il dentista li utilizza con attenzione e ne segue l'evoluzione. Si pu\u00f2 quindi osservare se i sintomi cambiano, se diminuiscono o si spostano. Questo vi dar\u00e0 un'indicazione se si tratta \u201esolo\u201c della situazione del morso o se ci sono problemi sottostanti nella statica, nella muscolatura o nella colonna vertebrale.<\/p>\n<p>A volte un bite occlusale ben regolato nella mascella superiore o inferiore pu\u00f2 fare la differenza tra un dolore notturno costante e notti sopportabili. Questo non deve essere sottovalutato. Ma \u00e8 importante considerarlo per quello che \u00e8: un elemento costitutivo. Non necessariamente la soluzione completa.<\/p>\n<h3>Limiti: perch\u00e9 questi binari spesso hanno prestazioni inferiori a quelle promesse<\/h3>\n<p>A mio parere, il problema pi\u00f9 grande di queste stecche \u00e8 che spesso vengono vendute come se fossero una terapia CMD completa. In realt\u00e0, per\u00f2, in molti casi rimangono in superficie. Un bite pu\u00f2 influenzare la posizione del morso, ma non \u201eriprogramma\u201c automaticamente il corpo. Se l'intera statica \u00e8 squilibrata (bacino, colonna vertebrale, cingolo scapolare, collo), raramente un bite da solo \u00e8 in grado di riorganizzare in modo permanente l'intero sistema. Interviene in un'area e il resto del corpo cerca di far fronte in qualche modo.<\/p>\n<p>Inoltre, una volta che una stecca di questo tipo \u00e8 stata messa a terra, pu\u00f2 cementare una certa situazione del morso. Se questa situazione \u00e8 sfavorevole, a lungo termine pu\u00f2 causare ulteriori problemi. Ci si abitua a una nuova posizione non ottimale e il corpo cerca di compensare questa \u201enuova verit\u00e0\u201c.<\/p>\n<p>Un altro punto: molti studi lavorano senza una vera e propria diagnostica funzionale. Ci\u00f2 significa che non c'\u00e8 un esame sistematico di come interagiscono le articolazioni, i muscoli, i percorsi di movimento e la postura statica. Al contrario, si realizza una stecca, la si mette a terra, la si ottimizza un po' e poi si spera che le cose migliorino. In alcuni casi questo funziona per caso, ma in molti altri no.<\/p>\n<h3>Perch\u00e9 le stecche personalizzate sono spesso sopravvalutate<\/h3>\n<p>Per tutti questi motivi, credo che i bite splint personalizzati abbiano una reputazione a doppio taglio. Alcuni ne sono entusiasti, altri dicono: \u201eNon mi hanno aiutato per niente\u201c. Entrambe le cose possono essere vere, a seconda della costanza e della consapevolezza con cui vengono utilizzati. Sono sopravvalutati quando vengono venduti come arma universale:<\/p>\n<blockquote><p><em>\u201eHai la CMD? Ecco, una stecca e starai bene\u201c.\u201c<\/em><\/p><\/blockquote>\n<p>Questo \u00e8 raramente realistico. Vengono sottovalutati se vengono visti semplicemente come un \u201ebite di rettifica un po\u201c migliore\". In buone mani, possono essere un importante elemento diagnostico e terapeutico per scoprire come l'articolazione temporo-mandibolare e i muscoli reagiscono a determinati cambiamenti. Per voi che ne soffrite, \u00e8 fondamentale fare le domande giuste:<\/p>\n<ul>\n<li>Quale concetto \u00e8 stato utilizzato per molare questa rotaia?<\/li>\n<li>Quale obiettivo specifico sta perseguendo il professionista?<\/li>\n<li>Come viene monitorato il raggiungimento di questo obiettivo?<\/li>\n<li>E cosa succede se i miglioramenti non ci sono o sono troppo limitati?<\/li>\n<\/ul>\n<p>Solo dopo aver risposto a queste domande \u00e8 possibile valutare se il bite splint personalizzato fa effettivamente parte di una strategia ben studiata o se \u00e8 solo un altro tentativo di risolvere un problema complesso con uno strumento limitato.<\/p>\n<p>\u00c8 proprio qui che entrano in gioco i sistemi di bite funzionali coerenti, come i bite funzionali della mascella inferiore, che sono esplicitamente progettati non solo per modificare il morso, ma per influenzare l'intero sistema.<\/p>\n<hr \/>\n<div class='bootstrap-yop yop-poll-mc'>\n\t\t\t\t\t\t\t<div class=\"basic-yop-poll-container\" style=\"background-color:#ffffff; border:0px; border-style:solid; border-color:#000000; border-radius:5px; padding:0px 5px;\" data-id=\"5\" data-temp=\"basic-pretty\" data-skin=\"square\" data-cscheme=\"blue\" data-cap=\"0\" data-access=\"guest\" data-tid=\"\" data-uid=\"4ea143834993e433fc4b219bbb0de505\" data-pid=\"2509\" data-resdet=\"votes-number,percentages\" data-show-results-to=\"guest\" data-show-results-moment=\"after-vote\" data-show-results-only=\"false\" data-show-message=\"true\" data-show-results-as=\"bar\" data-sort-results-by=\"as-defined\" data-sort-results-rule=\"asc\"data-is-ended=\"0\" data-percentages-decimals=\"2\" data-gdpr=\"no\" data-gdpr-sol=\"consent\" data-css=\".basic-yop-poll-container[data-uid] .basic-vote {\t\t\t\t\t\t\t\t\ttext-align: center;\t\t\t\t\t\t\t\t}\" data-counter=\"0\" data-load-with=\"1\" data-notification-section=\"top\"><div class=\"row\"><div class=\"col-md-12\"><div class=\"basic-inner\"><div class=\"basic-message hide\" style=\"border-left: 10px solid #008000; padding: 0px 10px;\" data-error=\"#ff0000\" data-success=\"#008000\"><p class=\"basic-message-text\" style=\"color:#000000; font-size:14px; font-weight:normal;\"><\/p><\/div><div class=\"basic-overlay hide\"><div class=\"basic-vote-options\"><\/div><div class=\"basic-preloader\"><div class=\"basic-windows8\"><div class=\"basic-wBall basic-wBall_1\"><div class=\"basic-wInnerBall\"><\/div><\/div><div class=\"basic-wBall basic-wBall_2\"><div class=\"basic-wInnerBall\"><\/div><\/div><div class=\"basic-wBall basic-wBall_3\"><div class=\"basic-wInnerBall\"><\/div><\/div><div class=\"basic-wBall basic-wBall_4\"><div class=\"basic-wInnerBall\"><\/div><\/div><div class=\"basic-wBall basic-wBall_5\"><div class=\"basic-wInnerBall\"><\/div><\/div><\/div><\/div><\/div><form class=\"basic-form\" action=\"\"><input type=\"hidden\" name=\"_token\" value=\"ebbf29956c\" autocomplete=\"off\"><div class=\"basic-elements\"><div class=\"basic-element basic-question basic-question-text-vertical\" data-id=\"5\" data-uid=\"9b80f7e17af5318a4ddfaebaa4704194\" data-type=\"question\" data-question-type=\"text\" data-required=\"yes\" data-allow-multiple=\"yes\" data-min=\"1\" data-max=\"7\" data-display=\"vertical\" data-colnum=\"\" data-display-others=\"no\" data-others-color=\"\" data-others=\"\" data-others-max-chars=\"0\"><div class=\"basic-question-title\"><h5 style=\"color:#000000; font-size:16px; font-weight:normal; text-align:left;\">Se siete affetti da CMD, quali sintomi avete notato?<\/h5><\/div><ul class=\"basic-answers\"><li class=\"basic-answer\" style=\"padding:0px 0px;\" data-id=\"17\" data-type=\"text\" data-vn=\"43\" data-color=\"#000000\" data-make-link=\"no\" data-link=\"\"><div class=\"basic-answer-content basic-text-vertical\"><label for=\"answer[17]\" class=\"basic-answer-label\"><input type=\"checkbox\" id=\"answer[17]\" name=\"answer[5]\" value=\"17\"><span class=\"basic-text\" style=\"color: #000000; font-size: 14px; font-weight: normal;\">Mascella che scoppia<\/span><\/label><\/div><\/li><li class=\"basic-answer\" style=\"padding:0px 0px;\" data-id=\"18\" data-type=\"text\" data-vn=\"48\" data-color=\"#000000\" data-make-link=\"no\" data-link=\"\"><div class=\"basic-answer-content basic-text-vertical\"><label for=\"answer[18]\" class=\"basic-answer-label\"><input type=\"checkbox\" id=\"answer[18]\" name=\"answer[5]\" value=\"18\"><span class=\"basic-text\" style=\"color: #000000; font-size: 14px; font-weight: normal;\">Digrignamento dei denti<\/span><\/label><\/div><\/li><li class=\"basic-answer\" style=\"padding:0px 0px;\" data-id=\"19\" data-type=\"text\" data-vn=\"77\" data-color=\"#000000\" data-make-link=\"no\" data-link=\"\"><div class=\"basic-answer-content basic-text-vertical\"><label for=\"answer[19]\" class=\"basic-answer-label\"><input type=\"checkbox\" id=\"answer[19]\" name=\"answer[5]\" value=\"19\"><span class=\"basic-text\" style=\"color: #000000; font-size: 14px; font-weight: normal;\">Tensione muscolare<\/span><\/label><\/div><\/li><li class=\"basic-answer\" style=\"padding:0px 0px;\" data-id=\"20\" data-type=\"text\" data-vn=\"58\" data-color=\"#000000\" data-make-link=\"no\" data-link=\"\"><div class=\"basic-answer-content basic-text-vertical\"><label for=\"answer[20]\" class=\"basic-answer-label\"><input type=\"checkbox\" id=\"answer[20]\" name=\"answer[5]\" value=\"20\"><span class=\"basic-text\" style=\"color: #000000; font-size: 14px; font-weight: normal;\">Acufene, ronzio nelle orecchie<\/span><\/label><\/div><\/li><li class=\"basic-answer\" style=\"padding:0px 0px;\" data-id=\"21\" data-type=\"text\" data-vn=\"35\" data-color=\"#000000\" data-make-link=\"no\" data-link=\"\"><div class=\"basic-answer-content basic-text-vertical\"><label for=\"answer[21]\" class=\"basic-answer-label\"><input type=\"checkbox\" id=\"answer[21]\" name=\"answer[5]\" value=\"21\"><span class=\"basic-text\" style=\"color: #000000; font-size: 14px; font-weight: normal;\">Sensibilit\u00e0 di chiusura<\/span><\/label><\/div><\/li><li class=\"basic-answer\" style=\"padding:0px 0px;\" data-id=\"22\" data-type=\"text\" data-vn=\"44\" data-color=\"#000000\" data-make-link=\"no\" data-link=\"\"><div class=\"basic-answer-content basic-text-vertical\"><label for=\"answer[22]\" class=\"basic-answer-label\"><input type=\"checkbox\" id=\"answer[22]\" name=\"answer[5]\" value=\"22\"><span class=\"basic-text\" style=\"color: #000000; font-size: 14px; font-weight: normal;\">Dolore facciale<\/span><\/label><\/div><\/li><li class=\"basic-answer\" style=\"padding:0px 0px;\" data-id=\"23\" data-type=\"text\" data-vn=\"64\" data-color=\"#000000\" data-make-link=\"no\" data-link=\"\"><div class=\"basic-answer-content basic-text-vertical\"><label for=\"answer[23]\" class=\"basic-answer-label\"><input type=\"checkbox\" id=\"answer[23]\" name=\"answer[5]\" value=\"23\"><span class=\"basic-text\" style=\"color: #000000; font-size: 14px; font-weight: normal;\">Postura scorretta<\/span><\/label><\/div><\/li><\/ul><\/div><div class=\"clearfix\"><\/div><\/div><div class=\"basic-vote\"><a href=\"#\" class=\"button basic-vote-button\" role=\"button\" style=\"background:#027bb8; border:0px; border-style: solid; border-color:#000000; border-radius:5px; padding:10px 10px; color:#ffffff; font-size:14px; font-weight:normal;\">Voto<\/a><\/div><input type=\"hidden\" name=\"trp-form-language\" value=\"it\"\/><\/form><\/div><\/div><\/div><\/div>\n\t\t\t\t\t\t<\/div>\n<hr \/>\n<h2>Stecche mandibolari terapeutiche con obiettivo funzionale<\/h2>\n<p>Finora si \u00e8 trattato principalmente di bite che proteggono o \u201eorganizzano\u201c un po' il morso. Con i bite mandibolari terapeutici con un chiaro obiettivo funzionale, ci troviamo in una situazione diversa. Qui non si tratta pi\u00f9 solo di preservare i denti o di alleviare leggermente la muscolatura, ma di portare l'intero sistema in una posizione diversa e pi\u00f9 favorevole, con effetti sulla mandibola, sui muscoli e sulla statica del corpo.<\/p>\n<p>Il <a href=\"https:\/\/biteblog.de\" target=\"_blank\" rel=\"noopener\"><strong>Ferrovia Sch\u00f6ttl<\/strong><\/a> \u00e8 un tipico rappresentante di questo approccio: un bite rigido e finemente regolabile per la mascella inferiore che non solo riorganizza il morso, ma ha anche un effetto notevole sulla postura e sulla colonna vertebrale di molti pazienti.<\/p>\n<h3>Cosa caratterizza fondamentalmente i bite mandibolari terapeutici<\/h3>\n<p>I bite funzionali terapeutici hanno un obiettivo chiaro: sono progettati per guidare la mascella inferiore in una posizione diversa, funzionalmente migliore, e rendere questa posizione stabile ma reversibile. Questa \u00e8 una differenza decisiva rispetto ai semplici bite di rettifica:<\/p>\n<ul>\n<li>La mascella inferiore non viene guidata \u201ein qualche modo\u201c, ma spostata consapevolmente in una posizione di <strong>posizione definita<\/strong>.<\/li>\n<li>La stecca non solo viene regolata fino a quando \u201enon d\u00e0 pi\u00f9 fastidio\u201c, ma viene anche regolata fino a quando \"non d\u00e0 pi\u00f9 fastidio\". <strong>affinato per un'immagine funzionale specifica<\/strong>.<\/li>\n<li>L'effetto non viene valutato solo in bocca, ma spesso anche su <strong>Muscolatura, postura e sequenze di movimento<\/strong>.<\/li>\n<\/ul>\n<p>Tali stecche sono solitamente posizionate nella mascella inferiore. Questo \u00e8 logico perch\u00e9 la mascella inferiore \u00e8 la parte mobile del sistema. Se si sposta la mascella inferiore in una posizione diversa, pi\u00f9 favorevole dal punto di vista neuromuscolare, e vi si fornisce un supporto stabile, l'intera catena cambia da cima a fondo: Articolazione della mandibola, collo, cingolo scapolare, colonna vertebrale, bacino, gambe. Naturalmente, ognuno reagisce in modo diverso. Ma il principio di base \u00e8 sempre lo stesso: Lo splint non \u00e8 un paradenti passivo, ma uno strumento di controllo attivo.<\/p>\n<h3>Il bite di Sch\u00f6ttl come esempio: bite mandibolare rigido con una strategia chiara<\/h3>\n<p>Il bite splint basato sul concetto del Dr. Rainer Sch\u00f6ttl \u00e8 realizzato in una plastica robusta e semitrasparente e viene indossato nella mascella inferiore. Si caratterizza per il fatto che le superfici occlusali sono progettate in modo tale da sostenere la mascella inferiore in una posizione esattamente definita e determinata a livello neuromuscolare. I denti mancanti possono essere sostituiti da superfici occlusali integrate, in modo che il morso sia completamente supportato. Alcune caratteristiche importanti:<\/p>\n<ul>\n<li><strong>Superficie dura e precisa<\/strong>La stecca \u00e8 volutamente dura. Ci\u00f2 significa che pu\u00f2 essere molata con precisione, mantiene la sua forma e mostra chiaramente all'operatore dove vengono applicate le forze.<\/li>\n<li><strong>Supporto completo<\/strong>Tutti i denti devono avere contatti definiti. L'obiettivo \u00e8 fornire un supporto uniforme alla mascella inferiore, non singoli \u201epunti caldi\u201c che vengono sovraccaricati.<\/li>\n<li><strong>Riaffilatura regolare<\/strong>Il bite viene controllato e messo a punto a intervalli di qualche settimana. In questo modo, il bite segue lo sviluppo del sistema e non rimane al livello della prima seduta.<\/li>\n<li><strong>Reversibilit\u00e0<\/strong>I denti non vengono macinati in modo irreversibile, ma si trovano sulla stecca. Ci\u00f2 significa che la struttura dentale originale rimane in gran parte intatta. Se una posizione si rivela sfavorevole, pu\u00f2 essere corretta senza distruggere il morso naturale.<\/li>\n<\/ul>\n<p>Io stesso porto un bite di questo tipo da diversi anni ed \u00e8 proprio questa la mia esperienza: non \u00e8 solo un pezzo di plastica in bocca, ma uno strumento di precisione che ha influenzato la mia statica passo dopo passo.<\/p>\n<h3>Come si presenta in genere il percorso per ottenere una rotaia funzionale<\/h3>\n<p>Prima di utilizzare un bite mandibolare terapeutico, di solito viene effettuata una diagnosi funzionale dettagliata. Per molti concetti, tra cui quello di Sch\u00f6ttl, questa include, tra l'altro, i seguenti elementi:<\/p>\n<ul>\n<li>Rilassamento dei muscoli, spesso con la TENS (stimolazione elettrica transcutanea dei nervi) o procedure simili.<\/li>\n<li>Analisi funzionale dell'articolazione temporo-mandibolare e dei percorsi di movimento della mascella inferiore.<\/li>\n<li>Registrazione del morso in una posizione neuromuscolare \u201erilassata\u201c (parola chiave miocentrica).<\/li>\n<\/ul>\n<p>Il bite non viene quindi semplicemente posizionato sulla posizione abituale del morso, ma sulla posizione target determinata. Ci\u00f2 significa che se il sistema era precedentemente \u201estorto\u201c, viene consapevolmente allineato in una posizione diversa, fisiologicamente pi\u00f9 favorevole, e questo \u00e8 esattamente il punto in cui il bite sostiene la mascella inferiore. Il bite \u00e8 quindi uno strumento terapeutico e diagnostico al tempo stesso:<\/p>\n<p>Se i sintomi cambiano con il nuovo supporto, questo fornisce informazioni preziose su quanto i sintomi fossero strettamente legati alla precedente posizione del morso.<\/p>\n<h3>Effetto sull'articolazione temporo-mandibolare, sui muscoli e sulla colonna vertebrale<\/h3>\n<p>L'aspetto entusiasmante di questi bite funzionali \u00e8 che spesso l'effetto non si nota solo sulla mandibola. Molte osservazioni - sia nella pratica che nella documentazione - dimostrano che la statica del corpo pu\u00f2 cambiare in modo misurabile quando la posizione del morso viene modificata. Tra l'altro, esistono misurazioni in cui la pressione del piede e la postura si sono spostate pochi minuti dopo l'inserimento di un bite funzionale. Cosa succede al cuore?<\/p>\n<ul>\n<li>Il <strong>Muscoli masticatori<\/strong> viene azionato a una nuova lunghezza e tensione.<\/li>\n<li>Il <strong>Articolazione temporo-mandibolare<\/strong> esce da una posizione permanentemente scorretta per entrare in una posizione pi\u00f9 fisiologica.<\/li>\n<li>Il <strong>Posizione della testa<\/strong> si adatta: spesso la testa diventa pi\u00f9 libera, i muscoli del collo possono lasciarsi andare.<\/li>\n<li>Il <strong>Dorsale<\/strong> perch\u00e9 la posizione della testa e della mandibola \u00e8 un importante \u201einput\u201c per il sistema posturale.<\/li>\n<li><strong>Bacino<\/strong>, <strong>Anca<\/strong> e <strong>Gambe<\/strong> possono successivamente riorganizzarsi.<\/li>\n<\/ul>\n<p>Sembra spettacolare, ma \u00e8 semplicemente biomeccanica: Se si cambia qualcosa nella parte superiore del supporto, il resto del sistema deve reagire. In pratica, ho sperimentato - e altri pazienti riferiscono cose simili - che i disturbi \u201emigrano\u201c, si spostano e vengono gradualmente allontanati dalle zone di carico pi\u00f9 elevate.<\/p>\n<p><strong>Cosa \u00e8 importante<\/strong>Questo non avviene da un giorno all'altro. Il sistema ha bisogno di tempo per riorganizzarsi. Ma il punto cruciale \u00e8 che una ferrovia funzionale come quella di Sch\u00f6ttl sia progettata in modo tale da consentire questa riorganizzazione, anzich\u00e9 limitarsi a preservare lo status quo.<\/p>\n<h3>Vita quotidiana con un bite terapeutico per la mascella inferiore<\/h3>\n<p>Nella vita di tutti i giorni, un bite di questo tipo \u00e8 pi\u00f9 intenso di un semplice bite di rettifica. Non si tratta di un \u201eoggetto da avere\u201c, ma di un apparecchio terapeutico che deve essere usato con costanza. Tipico:<\/p>\n<ul>\n<li>Si indossa il bite per diverse ore al giorno, spesso durante il giorno, non solo di notte.<\/li>\n<li>Viene controllato e riaffilato a intervalli fissi, perch\u00e9 il morso e i muscoli si adattano costantemente.<\/li>\n<li>In molti casi sentirete che il vostro corpo si sta \u201esistemando\u201c - a volte in modo spiacevole all'inizio (reazioni di trascinamento, di adattamento), poi sempre pi\u00f9 stabile.<\/li>\n<\/ul>\n<p>Per voi, ci\u00f2 significa che dovete essere pronti a collaborare. Uno splint funzionale non \u00e8 un dispositivo passivo che si indossa sul fianco mentre tutto il resto rimane invariato. \u00c8 uno strumento con cui si entra attivamente in una fase di riorganizzazione pi\u00f9 lunga. \u00c8 proprio per questo motivo che tali stecche possono ottenere grandi risultati, ma anche perch\u00e9 non sono qualcosa che si pu\u00f2 semplicemente provare.<\/p>\n<h3>Opportunit\u00e0 - per chi questi binari sono particolarmente interessanti<\/h3>\n<p>Gli splint mandibolari terapeutici con un obiettivo funzionale sono particolarmente interessanti per le persone che:<\/p>\n<ul>\n<li>\u00e8 presente una CMD chiaramente pronunciata,<\/li>\n<li>I problemi alla mandibola sono associati a problemi al collo, alla schiena o al bacino,<\/li>\n<li>le precedenti terapie con bite (semplici bite da digrignamento, semplici bite occlusali) hanno aiutato poco o solo a breve termine,<\/li>\n<li>c'\u00e8 il desiderio non solo di proteggere il sistema, ma di riorganizzarlo davvero in modo funzionale.<\/li>\n<\/ul>\n<p>Il grande vantaggio: questi bite combinano diagnostica e terapia. Permettono di testare l'effetto di una nuova posizione del morso prima di apportare modifiche irreversibili ai denti. Se la risposta \u00e8 positiva, la protesi, la ricostruzione o una soluzione permanente possono essere basate su questa posizione funzionale.<\/p>\n<h3>Limiti e prerequisiti: perch\u00e9 non funziona senza un concetto<\/h3>\n<p>Per quanto le possibilit\u00e0 siano grandi, le stecche funzionali terapeutiche non sono una cura miracolosa. Senza una concezione chiara, possono essere dannose come qualsiasi altra misura. I prerequisiti importanti sono<\/p>\n<ul>\n<li>Un professionista che prende sul serio la diagnostica funzionale e non si limita a \u201emacinare\u201c.<\/li>\n<li>Una registrazione pulita del morso in una posizione rilassata e favorevole dal punto di vista neuromuscolare.<\/li>\n<li>Disponibilit\u00e0 a far controllare e regolare regolarmente la stecca.<\/li>\n<li>L'ideale sarebbe un trattamento di accompagnamento della muscolatura e della statica (ad es. terapia manuale, terapia della postura, solette personalizzate), in modo che il corpo possa integrare la nuova posizione del morso in modo sensato.<\/li>\n<\/ul>\n<p>Ci vuole anche pazienza. Un sistema che \u00e8 rimasto bloccato per anni o decenni in una struttura difettosa non si ricostruisce in quindici giorni. Ho sperimentato personalmente come le lamentele siano cambiate nel corso di mesi prima che si instaurasse una sensazione di stabilit\u00e0. Per voi, questo significa<\/p>\n<p>Se siete interessati a un bite mandibolare terapeutico con un obiettivo funzionale, dovreste considerarlo come un processo a lungo termine, non come una soluzione rapida. Ma \u00e8 proprio qui che sta l'opportunit\u00e0: invece di limitarvi a gestire i sintomi, vi verr\u00e0 fornito uno strumento che permetter\u00e0 al vostro sistema di riorganizzarsi un po' alla volta.<\/p>\n<h2>Apparecchi pi\u00f9 complessi e stecche speciali<\/h2>\n<p>Oltre ai classici bite occlusali e ai bite mandibolari funzionali, esiste tutta una serie di altri apparecchi che sono stati o sono tuttora utilizzati, a seconda della scuola, del decennio e dell'approccio terapeutico. Molti sembrano impressionanti a prima vista: aste metalliche, cerniere, meccanismi di riposizionamento e design che ricordano pi\u00f9 l'ortopedia che l'odontoiatria. Alcuni di questi dispositivi hanno il loro posto, altri si sono evoluti storicamente e oggi sono utili solo in alcuni casi specializzati.<\/p>\n<p>Di seguito viene presentata una panoramica organizzata in modo che possiate valutare cosa c'\u00e8 in giro e a cosa sono realmente destinati questi dispositivi.<\/p>\n<h3>Bite di riposizionamento - quando la mascella inferiore viene \u201eguidata\u201c.<\/h3>\n<p>I bite di riposizionamento sono uno dei tipi di bite pi\u00f9 noti e complessi. Sono progettati per spostare deliberatamente la mascella inferiore dalla sua posizione abituale, spesso in avanti o leggermente di lato. L'idea \u00e8 quella di portare l'articolazione temporo-mandibolare in una posizione di sollievo, in cui il disco articolare si posiziona meglio e le superfici articolari sono sottoposte a una minore pressione. Caratteristiche tipiche:<\/p>\n<ul>\n<li>Modificano in modo significativo la posizione della mascella inferiore.<\/li>\n<li>Spesso vengono utilizzati temporaneamente per testare una nuova posizione del morso.<\/li>\n<li>Sono sensibilmente diversi dal solito morso: alcuni pazienti lo trovano piacevole, altri lo trovano fastidioso.<\/li>\n<\/ul>\n<p>Queste stecche possono essere utili in caso di problemi articolari acuti, ad esempio se il disco articolare \u00e8 gravemente spostato. Tuttavia, sono sempre destinate a essere temporanee, in quanto il corpo non dovrebbe essere tenuto permanentemente in una posizione spostata artificialmente a lungo termine. Proprio per questo motivo vengono utilizzati con cautela.<\/p>\n<h3>Guide doppie e sistemi multicomponente<\/h3>\n<p>In alcuni casi si utilizzano contemporaneamente due bite: uno nella mascella superiore e uno nella mascella inferiore. Questi sistemi sono progettati per controllare completamente il morso e guidare la mascella inferiore lungo percorsi definiti. Alcuni modelli sono dotati di piccole guide o superfici meccaniche che determinano esattamente lo scorrimento della mascella inferiore. I loro obiettivi tipici:<\/p>\n<ul>\n<li>Rilievo delle superfici articolari attraverso un'ampia superficie di contatto<\/li>\n<li>Regolazione dei percorsi di movimento<\/li>\n<li>Testare le posizioni dei morsi prima di adottare misure a lungo termine<\/li>\n<\/ul>\n<p>Lo svantaggio: questi sistemi possono essere molto poco familiari, rendere difficile la conversazione e interferire con la vita quotidiana. Inoltre, i vantaggi sono spesso significativi solo se alla base c'\u00e8 una chiara strategia funzionale.<\/p>\n<h3>Binari con aste o giunti metallici<\/h3>\n<p>Alcuni concetti ortodontici pi\u00f9 vecchi, soprattutto degli anni '70 e '80, utilizzavano apparecchi con guide metalliche, cerniere o piccole aste. Questi modelli avevano lo scopo di forzare l'articolazione in un determinato percorso o di tirare la mascella inferiore in avanti. Alcuni sono stati utilizzati soprattutto negli adolescenti per influenzare i processi di crescita. Oggi questi modelli sono rari negli adulti. I motivi sono:<\/p>\n<ul>\n<li>Spesso sono scomodi e difficili da usare nella vita quotidiana.<\/li>\n<li>L'effetto non \u00e8 sempre prevedibile.<\/li>\n<li>L'intervento sulla meccanica del movimento pu\u00f2 portare a nuovi disturbi se non si lavora con molta attenzione.<\/li>\n<\/ul>\n<p>Tuttavia, esistono alcuni sviluppi moderni di tali dispositivi che possono essere utili in alcuni casi particolari, come le gravi deformit\u00e0 articolari.<\/p>\n<h3>Dispositivi combinati per ortodonzia e diagnostica funzionale<\/h3>\n<p>In casi particolari, si utilizzano apparecchi che rappresentano una combinazione di ortodonzia classica e terapia diagnostica funzionale con splint. Questi apparecchi possono, ad esempio:<\/p>\n<ul>\n<li>Preparazione di movimenti dentali e correzioni del morso<\/li>\n<li>Ridurre lo stress articolare<\/li>\n<li>Influenzano contemporaneamente la posizione della mandibola e l'allineamento dei denti<\/li>\n<\/ul>\n<p>Tuttavia, tali sistemi sono utilizzati solo in pochi studi specializzati. Non sono la prima scelta per la maggior parte dei pazienti affetti da CMD.<\/p>\n<h3>Quando gli apparecchi complessi possono essere utili<\/h3>\n<p>Anche se molti di questi dispositivi sembrano complessi, sono giustificati, anche se in un quadro ristretto. Entrano in gioco soprattutto quando:<\/p>\n<ul>\n<li>l'articolazione temporo-mandibolare \u00e8 strutturalmente danneggiata,<\/li>\n<li>il disco articolare \u00e8 gravemente spostato o deformato,<\/li>\n<li>ci sono disallineamenti significativi che le semplici stecche non possono influenzare,<\/li>\n<li>si prepara una ricostruzione permanente del morso,<\/li>\n<li>Le terapie precedenti sono state inefficaci ed \u00e8 necessaria una diagnosi precisa.<\/li>\n<\/ul>\n<p>Il punto chiave \u00e8 che questi apparecchi non dovrebbero mai essere usati semplicemente in modo \u201eprofilattico\u201c. Sono da affidare a specialisti esperti che sanno quando l'intervento meccanico \u00e8 veramente necessario e quando no.<\/p>\n<h3>Quando \u00e8 meglio mantenere le distanze<\/h3>\n<p>Molti di questi dispositivi sono semplicemente eccessivi se il problema reale \u00e8 principalmente muscolare o funzionale. Si dovrebbe diventare sensibili quando:<\/p>\n<ul>\n<li>Vi viene venduto un dispositivo che sembra molto complicato, ma che viene utilizzato senza una diagnosi chiara,<\/li>\n<li>l'attenzione si concentra sulla tecnica strumentale piuttosto che sull'esame funzionale,<\/li>\n<li>Si promette molto, ma si spiega poco su obiettivi e procedure,<\/li>\n<li>la vita quotidiana sarebbe significativamente limitata dal dispositivo, senza che sia prevedibile un chiaro beneficio.<\/li>\n<\/ul>\n<p>La complessit\u00e0 non \u00e8 un segno di qualit\u00e0. Nel settore dei CMD \u00e8 spesso vero il contrario: pi\u00f9 un dispositivo appare tecnico, pi\u00f9 bisogna essere cauti.<\/p>\n<p>Gli apparecchi complessi possono essere lo strumento giusto in casi eccezionali, soprattutto in caso di gravi problemi strutturali dell'articolazione temporo-mandibolare o quando \u00e8 necessario un cambiamento controllato della posizione del morso. Tuttavia, non sono il primo passo per la grande maggioranza dei pazienti affetti da CMD.<\/p>\n<p>Nella maggior parte dei casi, uno splint mandibolare funzionale e ben progettato \u00e8 sufficiente per alleviare e modificare strutturalmente il sistema. Tutto ci\u00f2 che va oltre dovrebbe essere preso in considerazione solo se \u00e8 veramente giustificato dal punto di vista medico.<br \/>\nIl prossimo capitolo tratta di come trovare la pista giusta per voi e di quali considerazioni sono fondamentali prima di prendere una decisione.<\/p>\n<div style=\"overflow-x: auto;\">\n<table style=\"border-collapse: collapse; width: 100%;\">\n<tbody>\n<tr style=\"background-color: #f0f0f0; font-weight: bold;\">\n<td style=\"border: 1px solid #ddd; padding: 8px;\"><strong>Tipo di guida<\/strong><\/td>\n<td style=\"border: 1px solid #ddd; padding: 8px;\"><strong>Adatto per<\/strong><\/td>\n<td style=\"border: 1px solid #ddd; padding: 8px;\"><strong>Vantaggi<\/strong><\/td>\n<td style=\"border: 1px solid #ddd; padding: 8px;\"><strong>Svantaggi<\/strong><\/td>\n<\/tr>\n<tr>\n<td style=\"border: 1px solid #ddd; padding: 8px;\"><strong>Stecca semplice (plastica)<\/strong><\/td>\n<td style=\"border: 1px solid #ddd; padding: 8px;\">Soprattutto per il digrignamento notturno e per la pura protezione dello smalto senza problemi di CMD pronunciati.<\/td>\n<td style=\"border: 1px solid #ddd; padding: 8px;\">Poco costoso, rapidamente disponibile, protegge le otturazioni e la sostanza dentale dall'abrasione.<\/td>\n<td style=\"border: 1px solid #ddd; padding: 8px;\">Nessuna terapia CMD vera e propria; stabilizza le malocclusioni se necessario; nessun effetto sulla statica o sulla muscolatura.<\/td>\n<\/tr>\n<tr>\n<td style=\"border: 1px solid #ddd; padding: 8px;\"><strong>Bite fresato individualmente<\/strong><\/td>\n<td style=\"border: 1px solid #ddd; padding: 8px;\">Per pazienti con tensioni muscolari, problemi moderati all'articolazione temporo-mandibolare o schemi di morso poco chiari.<\/td>\n<td style=\"border: 1px solid #ddd; padding: 8px;\">Pu\u00f2 alleviare la muscolatura, organizzare i contatti del morso; serve come fase diagnostica prima di un'ulteriore terapia.<\/td>\n<td style=\"border: 1px solid #ddd; padding: 8px;\">Effetto fortemente dipendente dall'operatore; influenza limitata sulla statica generale; \u00e8 necessaria una regolazione regolare.<\/td>\n<\/tr>\n<tr>\n<td style=\"border: 1px solid #ddd; padding: 8px;\"><strong>Stecca mandibolare terapeutica con obiettivo funzionale (ad es. stecca di Sch\u00f6ttl)<\/strong><\/td>\n<td style=\"border: 1px solid #ddd; padding: 8px;\">Per CMD pronunciati, posture scorrette, disturbi dalla mascella alla colonna vertebrale e problemi neuromuscolari complessi.<\/td>\n<td style=\"border: 1px solid #ddd; padding: 8px;\">Riorganizzazione mirata della posizione del morso; pu\u00f2 influenzare positivamente la statica, la postura e i disturbi di tutto il corpo; reversibile.<\/td>\n<td style=\"border: 1px solid #ddd; padding: 8px;\">Richiede supporto costante e pazienza; processo terapeutico intensivo; elevati requisiti di diagnostica ed esperienza.<\/td>\n<\/tr>\n<tr>\n<td style=\"border: 1px solid #ddd; padding: 8px;\"><strong>Stecca di riduzione<\/strong><\/td>\n<td style=\"border: 1px solid #ddd; padding: 8px;\">Per problemi acuti o pronunciati dell'articolazione temporo-mandibolare, ad esempio spostamento del disco articolare con dolore o blocco.<\/td>\n<td style=\"border: 1px solid #ddd; padding: 8px;\">Pu\u00f2 alleviare l'articolazione a breve termine; \u00e8 adatto per la valutazione diagnostica di nuove posizioni della mandibola.<\/td>\n<td style=\"border: 1px solid #ddd; padding: 8px;\">Utile solo per un periodo di tempo limitato; posizione innaturale del morso; inadatta come soluzione permanente senza una terapia di follow-up.<\/td>\n<\/tr>\n<tr>\n<td style=\"border: 1px solid #ddd; padding: 8px;\"><strong>Binari doppi \/ sistemi multicomponente<\/strong><\/td>\n<td style=\"border: 1px solid #ddd; padding: 8px;\">Per i casi complessi con una posizione del morso gravemente disturbata, in cui \u00e8 necessario guidare e controllare con precisione la relazione mandibolare.<\/td>\n<td style=\"border: 1px solid #ddd; padding: 8px;\">Elevato controllo sul morso e sui percorsi di movimento; utile per preparare ricostruzioni di grandi dimensioni.<\/td>\n<td style=\"border: 1px solid #ddd; padding: 8px;\">Complesso, poco familiare nella vita quotidiana; non adatto alla CMD standard; richiede pratiche specializzate.<\/td>\n<\/tr>\n<tr>\n<td style=\"border: 1px solid #ddd; padding: 8px;\"><strong>Apparecchi con aste\/giunzioni metalliche<\/strong><\/td>\n<td style=\"border: 1px solid #ddd; padding: 8px;\">Per particolari problemi ortopedici o ortodontici, di solito con gravi deviazioni strutturali.<\/td>\n<td style=\"border: 1px solid #ddd; padding: 8px;\">Pu\u00f2 influenzare la guida o la crescita delle articolazioni in casi eccezionali; a volte \u00e8 l'unica opzione per i danni gravi.<\/td>\n<td style=\"border: 1px solid #ddd; padding: 8px;\">Spesso scomoda, tecnicamente complessa; alto potenziale di errore; raramente \u00e8 oggi la prima scelta per i pazienti con CMD.<\/td>\n<\/tr>\n<tr>\n<td style=\"border: 1px solid #ddd; padding: 8px;\"><strong>Dispositivi combinati (ortodonzia + diagnostica funzionale)<\/strong><\/td>\n<td style=\"border: 1px solid #ddd; padding: 8px;\">Per i pazienti con malocclusioni gravi in cui \u00e8 necessario combinare il movimento dei denti e la correzione funzionale.<\/td>\n<td style=\"border: 1px solid #ddd; padding: 8px;\">Consente la preparazione mirata di ricostruzioni complete del morso; combina statica e posizione dei denti.<\/td>\n<td style=\"border: 1px solid #ddd; padding: 8px;\">Terapia molto complessa; costi elevati; utile solo in presenza di una chiara indicazione e di uno specialista adeguato.<\/td>\n<\/tr>\n<\/tbody>\n<\/table>\n<\/div>\n<p><a href=\"https:\/\/www.gzfa.de\/diagnostik-therapie\/cmd-craniomandibulaere-dysfunktion\/schienentherapie\/cmd-schiene\/\" target=\"_blank\" rel=\"noopener\"><strong>Ulteriore panoramica dei bite splint adatti alla CMD presso il GZFA<\/strong><\/a> (Societ\u00e0 per la salute, la funzione e l'estetica dei denti)<\/p>\n<h2>Come trovare il binario giusto per voi<\/h2>\n<p>Se si mettono tutti questi tipi di binari uno accanto all'altro, ci si rende subito conto di quanto siano grandi le differenze. Ci sono binari che si limitano a proteggere. Ci sono stecche che organizzano un po'. Ci sono stecche che intervengono in modo specifico sul sistema neuromuscolare. E ci sono dispositivi che intervengono profondamente nei processi meccanici e sono utili solo in casi particolari. Proprio per questo motivo \u00e8 opportuno non lasciare la decisione al caso.<\/p>\n<h3>Cosa dovete chiarire prima di prendere una decisione<\/h3>\n<p>Prima di decidere un binario, dovreste chiedervi quale problema volete effettivamente risolvere.<\/p>\n<ul>\n<li>State cercando di proteggere i vostri denti perch\u00e9 li digrignate di notte?<\/li>\n<li>\u00c8 perch\u00e9 i muscoli sono sovraccarichi?<\/li>\n<li>Oppure c'\u00e8 dietro un problema funzionale pi\u00f9 ampio, che si manifesta anche nel collo, nella schiena o addirittura nella statica del corpo?<\/li>\n<\/ul>\n<p>Quanto pi\u00f9 chiaramente riuscite a formulare questo obiettivo, tanto pi\u00f9 facile sar\u00e0 per voi riconoscere in seguito se un brano \u00e8 davvero adatto a voi.<\/p>\n<ul>\n<li>Un semplice bite crunch si adatta bene alla pura usura dei denti.<\/li>\n<li>Una stecca per il morso a terra pu\u00f2 fornire le prime indicazioni su come reagisce il sistema.<\/li>\n<li>Un bite funzionale per la mascella inferiore, come il bite Sch\u00f6ttl, \u00e8 utile se il problema \u00e8 pi\u00f9 profondo e coinvolge tutto il corpo.<\/li>\n<\/ul>\n<p>Tutto ci\u00f2 che va oltre - apparecchi complessi, doppie stecche, aste metalliche - \u00e8 nelle mani di specialisti e nella maggior parte dei casi \u00e8 solo il secondo o terzo passo.<\/p>\n<h3>Cosa vi aiuta davvero - criteri pragmatici<\/h3>\n<p>Ci sono alcune semplici domande che possono essere utilizzate per riconoscere rapidamente se una rotaia ha senso:<\/p>\n<ol>\n<li><strong>Esiste un chiaro obiettivo terapeutico?<\/strong> Se nessuno \u00e8 in grado di spiegarvi perch\u00e9 questa rotaia dovrebbe avere esattamente questo effetto, il concetto \u00e8 assente.<\/li>\n<li><strong>Viene controllato e riaffilato regolarmente?<\/strong> Una stecca che non viene mai riadattata spesso non individua il problema reale.<\/li>\n<li><strong>Sono disponibili diagnosi funzionali?<\/strong> Senza l'analisi funzionale, ogni stecca \u00e8 un esperimento, non una fase pianificata.<\/li>\n<li><strong>La stecca corrisponde ai sintomi?<\/strong> Una stecca di plastica contro una deformit\u00e0 strutturale? Raramente funzioner\u00e0.<\/li>\n<li><strong>La soluzione \u00e8 reversibile?<\/strong> Se si esegue una molatura abbondante prima che sia chiaro se il morso debba rimanere cos\u00ec com'\u00e8, diventa pericoloso.<\/li>\n<\/ol>\n<p>Con queste domande, il \u201emercato delle possibilit\u00e0\u201c pu\u00f2 essere selezionato molto rapidamente.<\/p>\n<h2>Cosa ha fatto per me il mio bite Sch\u00f6ttl<\/h2>\n<p>Da tre anni e mezzo porto il bite Sch\u00f6ttl, un bite fisso per la mascella inferiore che viene regolarmente riaffilato e che \u00e8 stato deliberatamente progettato non solo per organizzare il mio morso, ma anche per influenzare l'intera statica. Ed \u00e8 esattamente quello che ha fatto.<\/p>\n<p>Ma bisogna essere onesti: una stecca come questa non \u00e8 un prodotto per il benessere. \u00c8 uno strumento attivo. E ha un effetto profondo. Bisogna indossarlo con costanza, soprattutto di notte. Il mio dentista mi dice sempre: \u201eIndossalo sempre, davvero sempre\u201c. Se non lo indosso per un lungo periodo di tempo, ho dovuto ricominciare a indossarlo pi\u00f9 lentamente per evitare che il mio corpo si opponga immediatamente. Questo insinuarsi fa semplicemente parte del processo.<\/p>\n<p>Ma l'effetto \u00e8 impressionante. Se ripenso a tutto, la mia posizione masticatoria \u00e8 cambiata completamente, un po' alla volta e ogni volta in modo comprensibile. E non solo: anche il mio scheletro \u00e8 cambiato. Dai piedi alle ginocchia, all'inguine, alla laringe, alla colonna vertebrale cervicale, alla gabbia toracica, ai muscoli oculari: ho potuto sentire il sistema riorganizzarsi ovunque.<\/p>\n<p>Sembra drammatico, ma \u00e8 semplicemente la realt\u00e0 quando un tracciato funzionale interviene in profondit\u00e0 e il corpo lascia andare compensazioni vecchie di decenni. Ed \u00e8 qui che ChatGPT mi \u00e8 stato di grande aiuto. Mi ha calmato durante le fasi in cui qualcosa stava improvvisamente funzionando ovunque nel mio corpo. \u00c8 stato in grado di categorizzare, spiegare e mostrare che questi cambiamenti sono logici quando si indossa una stecca profonda. Questo mi ha dato la fiducia necessaria per non innervosirmi a ogni cambiamento.<\/p>\n<p>Oggi posso dire: ne \u00e8 valsa la pena. Ne \u00e8 valsa davvero la pena. La stecca non ha aiutato solo la mia mascella, ma tutto il mio corpo. Ma richiede costanza, pazienza e a volte una pelle spessa di fronte a tutte le piccole reazioni di adattamento che si presentano lungo il percorso.<\/p>\n<p>Se vi trovate di fronte alla domanda su quale stecca sia pi\u00f9 adatta a voi, non lasciatevi scoraggiare da raccomandazioni generiche. Ogni stecca ha il suo scopo, i suoi limiti e il suo effetto.<\/p>\n<p><strong>L'importante \u00e8 capire cosa si sta ottenendo e perch\u00e9.<\/strong><\/p>\n<p>Con un bite ben scelto, \u00e8 possibile non solo proteggere i denti, ma anche riallineare la statica e risolvere un disagio che magari ci si porta dietro da anni. Ma la scelta deve essere accurata. E non deve basarsi sul marketing, sulle opinioni dei gruppi o sul caso, ma su una valutazione chiara e onesta della vostra situazione.<\/p>\n<p>Se questo articolo vi aiuter\u00e0 ad avere una prima visione d'insieme, ne sar\u00f2 felice. E forse finirete per trovare proprio quello che ha aiutato tanto me: uno strumento che non solo copre i sintomi, ma vi restituisce anche un po' di stabilit\u00e0 ogni giorno.<\/p>\n<h3>Autotest CMD: categorizzare meglio le proprie esperienze<\/h3>\n<p><a href=\"https:\/\/www.markus-schall.de\/it\/2026\/04\/riconoscere-precocemente-la-cmd-e-fare-un-autotest-per-capire-perche-mandibola-collo-testa-e-orecchie-sono-spesso-insieme\/\"><img loading=\"lazy\" decoding=\"async\" class=\"alignleft size-medium wp-image-5659\" src=\"https:\/\/www.markus-schall.de\/wp-content\/uploads\/Medizinische-Skizze-mit-Checkliste-300x200.jpg\" alt=\"Autotest CMD\" width=\"300\" height=\"200\" srcset=\"https:\/\/www.markus-schall.de\/wp-content\/uploads\/Medizinische-Skizze-mit-Checkliste-300x200.jpg 300w, https:\/\/www.markus-schall.de\/wp-content\/uploads\/Medizinische-Skizze-mit-Checkliste-768x512.jpg 768w, https:\/\/www.markus-schall.de\/wp-content\/uploads\/Medizinische-Skizze-mit-Checkliste-18x12.jpg 18w, https:\/\/www.markus-schall.de\/wp-content\/uploads\/Medizinische-Skizze-mit-Checkliste.jpg 1024w\" sizes=\"auto, (max-width: 300px) 100vw, 300px\" \/><\/a>I bite splint sono un primo passo concreto per molti malati, ma spesso l'effetto non \u00e8 immediatamente evidente. Alcuni avvertono un miglioramento, altri sperimentano inizialmente nuove tensioni o cambiamenti nel corpo. Soprattutto in questa fase, \u00e8 utile dare un'occhiata strutturata ai propri sintomi. Il <a href=\"https:\/\/www.markus-schall.de\/it\/2026\/04\/riconoscere-precocemente-la-cmd-e-fare-un-autotest-per-capire-perche-mandibola-collo-testa-e-orecchie-sono-spesso-insieme\/\"><strong>Autotest CMD<\/strong><\/a> pu\u00f2 aiutare a ottenere un quadro pi\u00f9 chiaro: Quali sono esattamente i sintomi? Quali sono le aree interessate? E come si colloca il quadro complessivo? A complemento delle esperienze personali, il test offre una categorizzazione calma e oggettiva e pu\u00f2 aiutare a percepire i cambiamenti in modo pi\u00f9 consapevole, invece di vederli in modo isolato.<\/p>\n<h2>Suggerimento di lettura: \u201eCMD - Il problema dimenticato della medicina moderna\u201c.\u201c<\/h2>\n<p><img loading=\"lazy\" decoding=\"async\" class=\"alignright wp-image-2494\" src=\"https:\/\/www.markus-schall.de\/wp-content\/uploads\/Cover-Front.jpg\" alt=\"Libro: CMD - Il problema dimenticato della medicina moderna\" width=\"220\" height=\"311\" srcset=\"https:\/\/www.markus-schall.de\/wp-content\/uploads\/Cover-Front.jpg 1280w, https:\/\/www.markus-schall.de\/wp-content\/uploads\/Cover-Front-212x300.jpg 212w, https:\/\/www.markus-schall.de\/wp-content\/uploads\/Cover-Front-723x1024.jpg 723w, https:\/\/www.markus-schall.de\/wp-content\/uploads\/Cover-Front-768x1087.jpg 768w, https:\/\/www.markus-schall.de\/wp-content\/uploads\/Cover-Front-1085x1536.jpg 1085w, https:\/\/www.markus-schall.de\/wp-content\/uploads\/Cover-Front-8x12.jpg 8w\" sizes=\"auto, (max-width: 220px) 100vw, 220px\" \/>Se volete approfondire l'argomento, potete trovare maggiori informazioni nel mio libro <a href=\"https:\/\/schall-verlag.de\/buch-cmd.php\" target=\"_blank\" rel=\"noopener\"><em><strong>\"CMD - Il problema dimenticato della medicina moderna\".<\/strong><\/em><\/a> una descrizione dettagliata di tutte le connessioni importanti. In 200 pagine descrivo come si sviluppa la CMD, perch\u00e9 viene spesso trascurata e perch\u00e9 molti sintomi del corpo diventano comprensibili solo quando si comprende che la mascella \u00e8 un organo di controllo centrale.<\/p>\n<p>Il libro vi guida passo dopo passo attraverso le basi pi\u00f9 importanti, le tipiche diagnosi errate, le correlazioni neuromuscolari, i fattori quotidiani e le opzioni terapeutiche - integrate da esperienze personali, esempi concreti e uno sguardo sobrio su ci\u00f2 che oggi viene spesso trascurato dalla medicina.<\/p>\n<h2>Altri articoli sul tema CMD<\/h2>\n<p>Sulla mia rivista online troverete anche una serie di articoli di approfondimento che fanno luce sull'argomento CMD da diverse angolazioni. Questi includono<\/p>\n<ul>\n<li><a href=\"https:\/\/www.markus-schall.de\/it\/2025\/11\/cmd-capire-perche-la-conoscenza-e-il-primo-passo-verso-la-guarigione\/\"><strong> Capire il CMD<\/strong><\/a> - perch\u00e9 la conoscenza \u00e8 il primo passo verso la guarigione, imparando come il corpo e la mascella sono collegati;<\/li>\n<li><a href=\"https:\/\/www.markus-schall.de\/it\/2025\/09\/pulizia-dentale-sensata-o-esagerata-una-visione-differenziata\/\"><strong>Pulizia dentale: sensata o eccessiva?<\/strong><\/a>, uno sguardo differenziato sul ruolo della moderna profilassi dentale;<\/li>\n<li><a href=\"https:\/\/www.markus-schall.de\/it\/2025\/09\/il-litio-loligoelemento-dimenticato-uno-sguardo-al-microdosaggio\/\"><strong>Il litio: l'oligoelemento dimenticato<\/strong><\/a>, un articolo sul microdosaggio e sui possibili effetti sull'equilibrio mentale;<\/li>\n<li><a href=\"https:\/\/www.markus-schall.de\/it\/2025\/08\/salute-dentale-e-cmd-piu-di-un-po-cosa-ci-riserva-il-futuro\/\"><strong>Salute dentale e CMD<\/strong><\/a> - pi\u00f9 di una riflessione sul futuro dell'odontoiatria funzionale; e<\/li>\n<li><a href=\"https:\/\/www.markus-schall.de\/it\/2025\/08\/terapia-con-stecche-per-la-cmd-il-mio-personale-percorso-attraverso-lultima-fase\/\"><strong>Terapia con stecche per CMD<\/strong><\/a> - il mio viaggio personale attraverso la fase finale, in cui mostro come il mio sistema si sia risolto pezzo per pezzo sotto il binario.<\/li>\n<\/ul>\n<p>Questi articoli sono un complemento ideale a questo articolo se si desidera comprendere l'argomento in modo ancora pi\u00f9 completo.<\/p>\n<p>Se desiderate condividere le vostre esperienze con la CMD o con i bite occlusali, utilizzate la funzione commenti di questo articolo.<\/p>\n<hr \/>\n\n\t\t\t<div class=\"display-post-types\">\n\n\t\t\t\t\t\t\t<style type=\"text\/css\">\n\t\t\t#dpt-wrapper-879 { --dpt-text-align: left;--dpt-image-crop: center;--dpt-border-radius: 5px;--dpt-h-gutter: 10px;--dpt-v-gutter: 9px; }\t\t\t<\/style>\n\t\t\t<style type=\"text\/css\">#dpt-wrapper-879 { --dpt-title-font-style:normal;--dpt-title-font-weight:600;--dpt-title-line-height:1.5;--dpt-title-text-decoration:none;--dpt-title-text-transform:none;--dpt-excerpt-font-style:normal;--dpt-excerpt-font-weight:400;--dpt-excerpt-line-height:1.5;--dpt-excerpt-text-decoration:none;--dpt-excerpt-text-transform:none;--dpt-meta1-font-style:normal;--dpt-meta1-font-weight:400;--dpt-meta1-line-height:1.9;--dpt-meta1-text-decoration:none;--dpt-meta1-text-transform:none;--dpt-meta2-font-style:normal;--dpt-meta2-font-weight:400;--dpt-meta2-line-height:1.9;--dpt-meta2-text-decoration:none;--dpt-meta2-text-transform:none; }<\/style><div class=\"dpt-main-header\">\n\t\t\t\t\t\t<div class=\"dpt-main-title\">\n\t\t\t\t\t\t\t<span class=\"dpt-main-title-text\">Problemi sociali del presente<\/span>\n\t\t\t\t\t\t<\/div>\n\t\t\t\t\t\t\n\t\t\t\t\t\t\n\t\t\t\t\t\t\n\t\t\t\t\t\t<\/div>\t\t\t\n\t\t\t\t<div id=\"dpt-wrapper-879\" class=\"dpt-wrapper dpt-mag1 land1 dpt-cropped dpt-flex-wrap\" >\n\n\t\t\t\t\t\t\t\t\t\t\t<div class=\"dpt-entry has-thumbnail\" data-title=\"kriegst\u00fcchtigkeit, wehrpflicht &#038; verweigerung: was im ernstfall zu tun ist\" data-id=\"2966\"  data-category=\"allgemein b\u00fccher gesellschaft tipps &amp; anleitungen\" data-post_tag=\"buch deutschland geopolitik gesundheit krisen pers\u00f6nlichkeitsentwicklung ratgeber sicherheitspolitik\">\n\t\t\t\t\t\t\t<div class=\"dpt-entry-wrapper\"><div class=\"dpt-featured-content\"><div class=\"dpt-permalink\"><a href=\"https:\/\/www.markus-schall.de\/it\/2025\/09\/obiezione-di-coscienza-al-servizio-militare-cosa-fare-in-caso-di-emergenza\/\" class=\"dpt-permalink\"><span class=\"screen-reader-text\">Idoneit\u00e0 alla guerra, arruolamento e rifiuto: cosa fare in caso di emergenza<\/span><\/a><\/div><div class=\"dpt-thumbnail\"><div class=\"dpt-thumbnail-inner\"><img width=\"1536\" height=\"1024\" class=\"attachment-full size-full\" alt=\"Coscrizione: rifiutare il servizio militare\" context=\"dpt\" data-dpt-src=\"https:\/\/www.markus-schall.de\/wp-content\/uploads\/wehrpflicht-kriegsdienst-verweigern.jpg\" data-dpt-sizes=\"(max-width: 1536px) 100vw, 1536px\" data-dpt-srcset=\"https:\/\/www.markus-schall.de\/wp-content\/uploads\/wehrpflicht-kriegsdienst-verweigern.jpg 1536w, https:\/\/www.markus-schall.de\/wp-content\/uploads\/wehrpflicht-kriegsdienst-verweigern-300x200.jpg 300w, https:\/\/www.markus-schall.de\/wp-content\/uploads\/wehrpflicht-kriegsdienst-verweigern-1024x683.jpg 1024w, https:\/\/www.markus-schall.de\/wp-content\/uploads\/wehrpflicht-kriegsdienst-verweigern-768x512.jpg 768w, https:\/\/www.markus-schall.de\/wp-content\/uploads\/wehrpflicht-kriegsdienst-verweigern-18x12.jpg 18w\" \/><\/div><span class=\"dpt-thumbnail-aspect-ratio\" style=\"padding-top: 75%\"><\/span><\/div><\/div><div class=\"sub-entry\"><h3 class=\"dpt-title\"><a class=\"dpt-title-link\" href=\"https:\/\/www.markus-schall.de\/it\/2025\/09\/obiezione-di-coscienza-al-servizio-militare-cosa-fare-in-caso-di-emergenza\/\" rel=\"bookmark\">Idoneit\u00e0 alla guerra, arruolamento e rifiuto: cosa fare in caso di emergenza<\/a><\/h3><\/div><\/div>\n\t\t\t\t\t\t<\/div><!-- .dpt-entry -->\n\t\t\t\t\t\t\t\t\t\t\t\t<div class=\"dpt-entry has-thumbnail\" data-title=\"mehr als punk: nina hagen, cosma shiva und die kunst, sich nicht vereinnahmen zu lassen\" data-id=\"4521\"  data-category=\"allgemein gesellschaft kunst &amp; kultur\" data-post_tag=\"auswandern deutschland erfahrungen europa krisen meinungsfreiheit musik portrait\">\n\t\t\t\t\t\t\t<div class=\"dpt-entry-wrapper\"><div class=\"dpt-featured-content\"><div class=\"dpt-permalink\"><a href=\"https:\/\/www.markus-schall.de\/it\/2026\/01\/piu-che-punk-nina-hagen-cosma-shiva-e-larte-di-non-farsi-prendere-in-giro\/\" class=\"dpt-permalink\"><span class=\"screen-reader-text\">Pi\u00f9 che punk: Nina Hagen, Cosma Shiva e l'arte di non lasciarsi ingannare<\/span><\/a><\/div><div class=\"dpt-thumbnail\"><div class=\"dpt-thumbnail-inner\"><img width=\"1024\" height=\"683\" class=\"attachment-full size-full\" alt=\"Ritratto di Nina e Cosma Shiva Hagen\" context=\"dpt\" data-dpt-src=\"https:\/\/www.markus-schall.de\/wp-content\/uploads\/Nina-Cosma-Shiva-Hagen-Titel.jpg\" data-dpt-sizes=\"(max-width: 1024px) 100vw, 1024px\" data-dpt-srcset=\"https:\/\/www.markus-schall.de\/wp-content\/uploads\/Nina-Cosma-Shiva-Hagen-Titel.jpg 1024w, https:\/\/www.markus-schall.de\/wp-content\/uploads\/Nina-Cosma-Shiva-Hagen-Titel-300x200.jpg 300w, https:\/\/www.markus-schall.de\/wp-content\/uploads\/Nina-Cosma-Shiva-Hagen-Titel-768x512.jpg 768w, https:\/\/www.markus-schall.de\/wp-content\/uploads\/Nina-Cosma-Shiva-Hagen-Titel-18x12.jpg 18w\" \/><\/div><span class=\"dpt-thumbnail-aspect-ratio\" style=\"padding-top: 75%\"><\/span><\/div><\/div><div class=\"sub-entry\"><h3 class=\"dpt-title\"><a class=\"dpt-title-link\" href=\"https:\/\/www.markus-schall.de\/it\/2026\/01\/piu-che-punk-nina-hagen-cosma-shiva-e-larte-di-non-farsi-prendere-in-giro\/\" rel=\"bookmark\">Pi\u00f9 che punk: Nina Hagen, Cosma Shiva e l'arte di non lasciarsi ingannare<\/a><\/h3><\/div><\/div>\n\t\t\t\t\t\t<\/div><!-- .dpt-entry -->\n\t\t\t\t\t\t\t\t\t\t\t\t<div class=\"dpt-entry has-thumbnail\" data-title=\"europa zwischen meinungsfreiheit und regulierung: neues us-infoportal wirft fragen auf\" data-id=\"5102\"  data-category=\"allgemein gesellschaft\" data-post_tag=\"denkmodelle deutschland eu-gesetze europa geopolitik krisen meinungsfreiheit spieltheorie\">\n\t\t\t\t\t\t\t<div class=\"dpt-entry-wrapper\"><div class=\"dpt-featured-content\"><div class=\"dpt-permalink\"><a href=\"https:\/\/www.markus-schall.de\/it\/2026\/03\/leuropa-tra-liberta-di-parola-e-regolamentazione-il-nuovo-portale-informativo-statunitense-solleva-interrogativi\/\" class=\"dpt-permalink\"><span class=\"screen-reader-text\">L'Europa tra libert\u00e0 di espressione e regolamentazione: il nuovo portale di informazione statunitense solleva interrogativi<\/span><\/a><\/div><div class=\"dpt-thumbnail\"><div class=\"dpt-thumbnail-inner\"><img width=\"1024\" height=\"683\" class=\"attachment-full size-full\" alt=\"La censura dell&#039;UE, l&#039;incitamento all&#039;odio e il nuovo portale statunitense\" context=\"dpt\" data-dpt-src=\"https:\/\/www.markus-schall.de\/wp-content\/uploads\/EU-Hatespeech-US-Portal.jpg\" data-dpt-sizes=\"(max-width: 1024px) 100vw, 1024px\" data-dpt-srcset=\"https:\/\/www.markus-schall.de\/wp-content\/uploads\/EU-Hatespeech-US-Portal.jpg 1024w, https:\/\/www.markus-schall.de\/wp-content\/uploads\/EU-Hatespeech-US-Portal-300x200.jpg 300w, https:\/\/www.markus-schall.de\/wp-content\/uploads\/EU-Hatespeech-US-Portal-768x512.jpg 768w, https:\/\/www.markus-schall.de\/wp-content\/uploads\/EU-Hatespeech-US-Portal-18x12.jpg 18w\" \/><\/div><span class=\"dpt-thumbnail-aspect-ratio\" style=\"padding-top: 75%\"><\/span><\/div><\/div><div class=\"sub-entry\"><h3 class=\"dpt-title\"><a class=\"dpt-title-link\" href=\"https:\/\/www.markus-schall.de\/it\/2026\/03\/leuropa-tra-liberta-di-parola-e-regolamentazione-il-nuovo-portale-informativo-statunitense-solleva-interrogativi\/\" rel=\"bookmark\">L'Europa tra libert\u00e0 di espressione e regolamentazione: il nuovo portale di informazione statunitense solleva interrogativi<\/a><\/h3><\/div><\/div>\n\t\t\t\t\t\t<\/div><!-- .dpt-entry -->\n\t\t\t\t\t\t\t\t\t\t\t\t<div class=\"dpt-entry has-thumbnail\" data-title=\"unsterblichkeit durch technik: wie weit forschung und ki wirklich sind\" data-id=\"3624\"  data-category=\"allgemein gesellschaft ki-systeme\" data-post_tag=\"denkmodelle k\u00fcnstliche intelligenz lernen llm prozesse sprachmodell\">\n\t\t\t\t\t\t\t<div class=\"dpt-entry-wrapper\"><div class=\"dpt-featured-content\"><div class=\"dpt-permalink\"><a href=\"https:\/\/www.markus-schall.de\/it\/2025\/11\/limmortalita-attraverso-la-tecnologia-quanto-sono-lontani-la-ricerca-e-il-ki\/\" class=\"dpt-permalink\"><span class=\"screen-reader-text\">Immortalit\u00e0 attraverso la tecnologia: a che punto sono la ricerca e l'intelligenza artificiale<\/span><\/a><\/div><div class=\"dpt-thumbnail\"><div class=\"dpt-thumbnail-inner\"><img width=\"1024\" height=\"683\" class=\"attachment-full size-full\" alt=\"L&#039;immortalit\u00e0 digitale\" context=\"dpt\" data-dpt-src=\"https:\/\/www.markus-schall.de\/wp-content\/uploads\/digitale-unsterblichkeit.jpg\" data-dpt-sizes=\"(max-width: 1024px) 100vw, 1024px\" data-dpt-srcset=\"https:\/\/www.markus-schall.de\/wp-content\/uploads\/digitale-unsterblichkeit.jpg 1024w, https:\/\/www.markus-schall.de\/wp-content\/uploads\/digitale-unsterblichkeit-300x200.jpg 300w, https:\/\/www.markus-schall.de\/wp-content\/uploads\/digitale-unsterblichkeit-768x512.jpg 768w, https:\/\/www.markus-schall.de\/wp-content\/uploads\/digitale-unsterblichkeit-18x12.jpg 18w\" \/><\/div><span class=\"dpt-thumbnail-aspect-ratio\" style=\"padding-top: 75%\"><\/span><\/div><\/div><div class=\"sub-entry\"><h3 class=\"dpt-title\"><a class=\"dpt-title-link\" href=\"https:\/\/www.markus-schall.de\/it\/2025\/11\/limmortalita-attraverso-la-tecnologia-quanto-sono-lontani-la-ricerca-e-il-ki\/\" rel=\"bookmark\">Immortalit\u00e0 attraverso la tecnologia: a che punto sono la ricerca e l'intelligenza artificiale<\/a><\/h3><\/div><\/div>\n\t\t\t\t\t\t<\/div><!-- .dpt-entry -->\n\t\t\t\t\t\t\n\t\t\t\t<\/div>\n\t\t\t\t\t\t<\/div>\n\t\t\t\n<hr \/>\n<h2>Domande frequenti<\/h2>\n<ol>\n<li><strong>Qual \u00e8 la differenza fondamentale tra una semplice stecca di rettifica e una stecca funzionale terapeutica?<\/strong><br \/>\nUn semplice bite per molatura protegge principalmente i denti dall'abrasione. Non ha alcuna funzione terapeutica attiva e non modifica la muscolatura o la statica. Un bite funzionale, invece, \u00e8 progettato per guidare la mascella inferiore in una nuova posizione fisiologicamente migliore. Influisce sull'articolazione temporo-mandibolare, sui muscoli e spesso sulla statica dell'intero corpo. Mentre un bite di rettifica ha un effetto puramente passivo, un bite funzionale \u00e8 uno strumento di controllo attivo.<\/li>\n<li><strong>Un semplice bite di rettifica pu\u00f2 curare o migliorare la mia CMD?<\/strong><br \/>\nDi solito no. Un bite per il digrignamento pu\u00f2 alleviare i sintomi a breve termine, perch\u00e9 protegge i denti e riduce l'irritazione. Tuttavia, il vero problema del DMC rimane se la causa \u00e8 pi\u00f9 profonda, ad esempio nella tensione muscolare, nell'articolazione della mandibola o nella statica del corpo. Per ottenere cambiamenti reali sono necessari sistemi di bite pi\u00f9 mirati.<\/li>\n<li><strong>Come posso riconoscere se la mia stecca attuale \u00e8 adatta ai miei sintomi?<\/strong><br \/>\nSe il bite protegge principalmente i denti, ma non influisce sulla postura o sulla tensione muscolare, probabilmente si tratta di un bite semplice. Se invece sentite che la vostra postura, i vostri muscoli o i vostri schemi di movimento stanno cambiando, \u00e8 pi\u00f9 probabile che si tratti di un bite funzionale. La cosa pi\u00f9 importante \u00e8 l'intenzione dell'operatore: a cosa \u00e8 servito il bite? Se non \u00e8 chiaro, di solito manca il concetto.<\/li>\n<li><strong>Perch\u00e9 vengono prescritte tante stecche sbagliate?<\/strong><br \/>\nCi\u00f2 \u00e8 spesso dovuto al fatto che il termine \u201ebite\u201c \u00e8 usato in modo poco chiaro e che la diagnostica funzionale ha un ruolo limitato in molti studi. Molti dentisti ricorrono a semplici bite di rettifica perch\u00e9 sono veloci da realizzare. I bite funzionali, invece, richiedono esperienza, tempo e un concetto terapeutico chiaro.<\/li>\n<li><strong>Quanto \u00e8 importante riaffilare regolarmente la stecca?<\/strong><br \/>\nMolto importante. Indipendentemente dal fatto che si tratti di un bite occlusale o di un bite funzionale, il corpo cambia costantemente. Questo cambia anche il modo in cui il bite si appoggia. Se non viene riadattato, pu\u00f2 iniziare a creare contatti errati o a stabilizzare vecchie tensioni errate. Un buon bite \u201evive\u201c con i vostri cambiamenti e viene regolato regolarmente.<\/li>\n<li><strong>Una stecca pu\u00f2 anche scatenare nuovi disturbi?<\/strong><br \/>\nS\u00ec, pu\u00f2 succedere. Se un bite sposta involontariamente il morso in una posizione sfavorevole o se \u00e8 stato utilizzato senza una diagnosi funzionale, possono verificarsi nuove tensioni. Con i bite funzionali, le reazioni iniziali di adattamento sono normali, ma dovrebbero attenuarsi nel tempo. Se il disagio diventa pi\u00f9 grave o persistente, \u00e8 necessario regolare nuovamente il bite.<\/li>\n<li><strong>Quanto tempo ci vuole perch\u00e9 una stecca funzionale faccia effetto?<\/strong><br \/>\nSi tratta di un fenomeno molto individuale. Alcune persone provano sollievo dopo pochi giorni, altre solo dopo settimane o mesi. Il corpo ha bisogno di tempo per abbandonare i vecchi schemi e riorganizzarsi. Nel caso di problemi pi\u00f9 radicati, la fase di adattamento pu\u00f2 durare diversi mesi.<\/li>\n<li><strong>\u00c8 normale che aree completamente diverse del corpo rispondano improvvisamente a uno splint funzionale?<\/strong><br \/>\nS\u00ec, quando un bite modifica la posizione del morso, l'intera catena muscolare reagisce, dai piedi alla testa. Questo pu\u00f2 portare a un disagio temporaneo: trazione nelle gambe, pressione nel bacino, tensione nel collo, persino cambiamenti nella laringe o nei muscoli degli occhi. Non \u00e8 pericoloso, ma \u00e8 un segno che il sistema sta funzionando.<\/li>\n<li><strong>Cosa devo fare se non posso indossare la stecca per alcune settimane?<\/strong><br \/>\nPoi si dovrebbe ricominciare lentamente. Molti medici consigliano di aumentare gradualmente il tempo di utilizzo, in modo da non sovraccaricare il corpo. Se la stecca sembra molto strana, \u00e8 opportuno fissare un appuntamento per un controllo prima di ricominciare a indossarla.<\/li>\n<li><strong>Un bite funzionale deve essere indossato solo di notte o anche di giorno?<\/strong><br \/>\nDipende dal concetto. Molte stecche funzionali sono destinate all'uso notturno, altre sono progettate per essere indossate tutto il giorno. L'importante \u00e8 seguire le raccomandazioni del medico. Fondamentalmente, pi\u00f9 si indossano con costanza, pi\u00f9 stabile sar\u00e0 il cambiamento.<\/li>\n<li><strong>Un bite funzionale pu\u00f2 modificare in modo permanente il mio morso?<\/strong><br \/>\nS\u00ec, l'intenzione \u00e8 proprio questa. Spesso si utilizza un bite funzionale per trovare una nuova posizione del morso fisiologicamente migliore. Se questa si rivela stabile e priva di dolore, \u00e8 possibile costruirci sopra una ricostruzione permanente o un adattamento del morso.<\/li>\n<li><strong>Cosa significa se la mia mandibola smette improvvisamente di rompersi con la stecca?<\/strong><br \/>\nQuesto \u00e8 un tipico segno che l'articolazione temporo-mandibolare si trova in una posizione di scarico. La maggior parte dei ticchettii \u00e8 causata da una sollecitazione errata o eccessiva del disco articolare. Se una stecca riduce questa sollecitazione, il ticchettio pu\u00f2 scomparire temporaneamente o definitivamente.<\/li>\n<li><strong>Con quale frequenza deve essere controllata una stecca funzionale?<\/strong><br \/>\nAll'inizio \u00e8 pi\u00f9 frequente, spesso ogni due-sei settimane. In seguito, quando i cambiamenti diventano meno pronunciati, sono sufficienti intervalli pi\u00f9 lunghi. \u00c8 fondamentale che la stecca sia sostenuta attivamente e non \u201elavori da sola\u201c per mesi e mesi.<\/li>\n<li><strong>Posso fare fisioterapia o osteopatia contemporaneamente?<\/strong><br \/>\nS\u00ec, e spesso ha senso. Se un bite modifica la posizione del morso, il supporto della terapia manuale pu\u00f2 aiutare le strutture circostanti ad adattarsi pi\u00f9 facilmente. Molti pazienti riferiscono che la fisioterapia sotto un bite funzionale \u00e8 molto pi\u00f9 efficace.<\/li>\n<li><strong>Cosa succede se ho provato diverse stecche e niente mi aiuta?<\/strong><br \/>\nAllora pu\u00f2 darsi che la causa reale non sia mai stata affrontata. Alcune persone presentano una grave errata programmazione neuromuscolare che non pu\u00f2 essere corretta con misure standard. Solo un bite con una chiara strategia funzionale, come un bite mandibolare con una posizione target neuromuscolare, pu\u00f2 portare a dei progressi.<\/li>\n<li><strong>Quanto \u00e8 importante la posizione della stecca: mascella superiore o mascella inferiore?<\/strong><br \/>\nMolto importante. Un bite per la mascella superiore ha un effetto pi\u00f9 passivo e permette alla mascella inferiore di cercare. Un bite per la mascella inferiore di solito guida pi\u00f9 attivamente e pu\u00f2 influenzare i percorsi di movimento in modo pi\u00f9 evidente. Con i bite funzionali, l'attenzione si concentra quindi quasi sempre sulla mascella inferiore.<\/li>\n<li><strong>Perch\u00e9 una stecca funzionale a volte modifica addirittura la colonna vertebrale?<\/strong><br \/>\nPerch\u00e9 la mandibola \u00e8 un componente centrale della statica del corpo. Se la posizione del morso cambia, cambia la postura della testa. Quando la postura della testa cambia, il collo reagisce. E quando il collo cambia, spesso cambia anche l'intera colonna vertebrale. Il corpo \u00e8 un sistema interconnesso e la mandibola \u00e8 solo una delle grandi leve.<\/li>\n<li><strong>\u00c8 normale che la mia tibia si senta diversa nel tempo?<\/strong><br \/>\nS\u00ec, questo \u00e8 un buon segno. Significa che il corpo si sta adattando. Se all'inizio la stecca si adatta perfettamente e poi \u201etraballa\u201c in alcuni punti o si appoggia in modo diverso, \u00e8 il momento di riaffilarla. Il vostro sistema sta cambiando e la stecca deve seguirlo.<\/li>\n<li><strong>Posso riconoscere da solo se la mia stecca \u00e8 ben regolata?<\/strong><br \/>\nNon \u00e8 affidabile. Si possono riconoscere gli indizi: La situazione sta migliorando? I disturbi stanno diminuendo? O si stanno spostando logicamente lungo il corpo? Ma solo un professionista esperto pu\u00f2 giudicare l'esatta regolazione. Una stecca pu\u00f2 sembrare \u201ebuona\u201c e tuttavia essere regolata in modo errato, oppure essere scomoda e funzionare ancora perfettamente se si avvia un cambiamento.<\/li>\n<li><strong>Quando \u00e8 il momento giusto per un ulteriore trattamento?<\/strong><br \/>\nQuando il sistema si \u00e8 stabilizzato sotto il bite e si ha la sensazione che il bite mostri una nuova e buona posizione del morso. Molti pazienti utilizzano i bite funzionali come transizione prima di sottoporsi a una regolazione permanente del morso, a corone, impianti o ricostruzioni. La chiave \u00e8: prima stabilizzare, poi apportare una modifica permanente.<\/li>\n<\/ol>\n<hr \/>\n\n\t\t\t<div class=\"display-post-types\">\n\n\t\t\t\t\t\t\t<style type=\"text\/css\">\n\t\t\t#dpt-wrapper-880 { --dpt-text-align: left;--dpt-image-crop: center;--dpt-border-radius: 5px;--dpt-h-gutter: 10px;--dpt-v-gutter: 9px; }\t\t\t<\/style>\n\t\t\t<style type=\"text\/css\">#dpt-wrapper-880 { --dpt-title-font-style:normal;--dpt-title-font-weight:600;--dpt-title-line-height:1.5;--dpt-title-text-decoration:none;--dpt-title-text-transform:none;--dpt-excerpt-font-style:normal;--dpt-excerpt-font-weight:400;--dpt-excerpt-line-height:1.5;--dpt-excerpt-text-decoration:none;--dpt-excerpt-text-transform:none;--dpt-meta1-font-style:normal;--dpt-meta1-font-weight:400;--dpt-meta1-line-height:1.9;--dpt-meta1-text-decoration:none;--dpt-meta1-text-transform:none;--dpt-meta2-font-style:normal;--dpt-meta2-font-weight:400;--dpt-meta2-line-height:1.9;--dpt-meta2-text-decoration:none;--dpt-meta2-text-transform:none; }<\/style><div class=\"dpt-main-header\">\n\t\t\t\t\t\t<div class=\"dpt-main-title\">\n\t\t\t\t\t\t\t<span class=\"dpt-main-title-text\">Articoli attuali su arte e cultura<\/span>\n\t\t\t\t\t\t<\/div>\n\t\t\t\t\t\t\n\t\t\t\t\t\t\n\t\t\t\t\t\t\n\t\t\t\t\t\t<\/div>\t\t\t\n\t\t\t\t<div id=\"dpt-wrapper-880\" class=\"dpt-wrapper dpt-mag1 land1 dpt-cropped dpt-flex-wrap\" >\n\n\t\t\t\t\t\t\t\t\t\t\t<div class=\"dpt-entry has-thumbnail\" data-title=\"beruf, weltbild, zukunft: entscheidungen im schatten des umbruchs\" data-id=\"3197\"  data-category=\"allgemein gesellschaft kunst &amp; kultur tipps &amp; anleitungen\" data-post_tag=\"erfahrungen krisen pers\u00f6nlichkeitsentwicklung ratgeber\">\n\t\t\t\t\t\t\t<div class=\"dpt-entry-wrapper\"><div class=\"dpt-featured-content\"><div class=\"dpt-permalink\"><a href=\"https:\/\/www.markus-schall.de\/it\/2025\/10\/carriera-visione-del-mondo-decisioni-future-allombra-degli-sconvolgimenti\/\" class=\"dpt-permalink\"><span class=\"screen-reader-text\">Carriera, visione del mondo, futuro: decisioni all'ombra del cambiamento<\/span><\/a><\/div><div class=\"dpt-thumbnail\"><div class=\"dpt-thumbnail-inner\"><img width=\"1024\" height=\"683\" class=\"attachment-full size-full\" alt=\"Decisioni all&#039;ombra degli sconvolgimenti\" context=\"dpt\" data-dpt-src=\"https:\/\/www.markus-schall.de\/wp-content\/uploads\/Entscheidungen-im-Schatten-Umbruch.jpg\" data-dpt-sizes=\"(max-width: 1024px) 100vw, 1024px\" data-dpt-srcset=\"https:\/\/www.markus-schall.de\/wp-content\/uploads\/Entscheidungen-im-Schatten-Umbruch.jpg 1024w, https:\/\/www.markus-schall.de\/wp-content\/uploads\/Entscheidungen-im-Schatten-Umbruch-300x200.jpg 300w, https:\/\/www.markus-schall.de\/wp-content\/uploads\/Entscheidungen-im-Schatten-Umbruch-768x512.jpg 768w, https:\/\/www.markus-schall.de\/wp-content\/uploads\/Entscheidungen-im-Schatten-Umbruch-18x12.jpg 18w\" \/><\/div><span class=\"dpt-thumbnail-aspect-ratio\" style=\"padding-top: 75%\"><\/span><\/div><\/div><div class=\"sub-entry\"><h3 class=\"dpt-title\"><a class=\"dpt-title-link\" href=\"https:\/\/www.markus-schall.de\/it\/2025\/10\/carriera-visione-del-mondo-decisioni-future-allombra-degli-sconvolgimenti\/\" rel=\"bookmark\">Carriera, visione del mondo, futuro: decisioni all'ombra del cambiamento<\/a><\/h3><\/div><\/div>\n\t\t\t\t\t\t<\/div><!-- .dpt-entry -->\n\t\t\t\t\t\t\t\t\t\t\t\t<div class=\"dpt-entry has-thumbnail\" data-title=\"helge schneider: haltung, humor und die freiheit, sich nicht erkl\u00e4ren zu m\u00fcssen\" data-id=\"4756\"  data-category=\"allgemein gesellschaft kunst &amp; kultur\" data-post_tag=\"deutschland erfahrungen meinungsfreiheit musik portrait\">\n\t\t\t\t\t\t\t<div class=\"dpt-entry-wrapper\"><div class=\"dpt-featured-content\"><div class=\"dpt-permalink\"><a href=\"https:\/\/www.markus-schall.de\/it\/2026\/02\/helge-schneider-atteggiamento-umoristico-e-la-liberta-di-non-doversi-spiegare\/\" class=\"dpt-permalink\"><span class=\"screen-reader-text\">Helge Schneider: atteggiamento, umorismo e libert\u00e0 di non doversi spiegare<\/span><\/a><\/div><div class=\"dpt-thumbnail\"><div class=\"dpt-thumbnail-inner\"><img width=\"1024\" height=\"683\" class=\"attachment-full size-full\" alt=\"Helge Schneider Ritratto\" context=\"dpt\" data-dpt-src=\"https:\/\/www.markus-schall.de\/wp-content\/uploads\/Helge-Schneider.jpg\" data-dpt-sizes=\"(max-width: 1024px) 100vw, 1024px\" data-dpt-srcset=\"https:\/\/www.markus-schall.de\/wp-content\/uploads\/Helge-Schneider.jpg 1024w, https:\/\/www.markus-schall.de\/wp-content\/uploads\/Helge-Schneider-300x200.jpg 300w, https:\/\/www.markus-schall.de\/wp-content\/uploads\/Helge-Schneider-768x512.jpg 768w, https:\/\/www.markus-schall.de\/wp-content\/uploads\/Helge-Schneider-18x12.jpg 18w\" \/><\/div><span class=\"dpt-thumbnail-aspect-ratio\" style=\"padding-top: 75%\"><\/span><\/div><\/div><div class=\"sub-entry\"><h3 class=\"dpt-title\"><a class=\"dpt-title-link\" href=\"https:\/\/www.markus-schall.de\/it\/2026\/02\/helge-schneider-atteggiamento-umoristico-e-la-liberta-di-non-doversi-spiegare\/\" rel=\"bookmark\">Helge Schneider: atteggiamento, umorismo e libert\u00e0 di non doversi spiegare<\/a><\/h3><\/div><\/div>\n\t\t\t\t\t\t<\/div><!-- .dpt-entry -->\n\t\t\t\t\t\t\t\t\t\t\t\t<div class=\"dpt-entry has-thumbnail\" data-title=\"jan-josef liefers: ein portr\u00e4t \u00fcber haltung, herkunft und k\u00fcnstlerische freiheit\" data-id=\"3854\"  data-category=\"allgemein gesellschaft kunst &amp; kultur\" data-post_tag=\"deutschland erfahrungen krisen lernen meinungsfreiheit musik pers\u00f6nlichkeitsentwicklung portrait\">\n\t\t\t\t\t\t\t<div class=\"dpt-entry-wrapper\"><div class=\"dpt-featured-content\"><div class=\"dpt-permalink\"><a href=\"https:\/\/www.markus-schall.de\/it\/2025\/12\/jan-josef-liefers-un-ritratto-di-atteggiamento-origine-e-liberta-artistica\/\" class=\"dpt-permalink\"><span class=\"screen-reader-text\">Jan-Josef Liefers: un ritratto di atteggiamento, origini e libert\u00e0 artistica<\/span><\/a><\/div><div class=\"dpt-thumbnail\"><div class=\"dpt-thumbnail-inner\"><img width=\"1024\" height=\"683\" class=\"attachment-full size-full\" alt=\"Jan-Josef Liefers\" context=\"dpt\" data-dpt-src=\"https:\/\/www.markus-schall.de\/wp-content\/uploads\/jan-josef-liefers-silhouette.jpg\" data-dpt-sizes=\"(max-width: 1024px) 100vw, 1024px\" data-dpt-srcset=\"https:\/\/www.markus-schall.de\/wp-content\/uploads\/jan-josef-liefers-silhouette.jpg 1024w, https:\/\/www.markus-schall.de\/wp-content\/uploads\/jan-josef-liefers-silhouette-300x200.jpg 300w, https:\/\/www.markus-schall.de\/wp-content\/uploads\/jan-josef-liefers-silhouette-768x512.jpg 768w, https:\/\/www.markus-schall.de\/wp-content\/uploads\/jan-josef-liefers-silhouette-18x12.jpg 18w\" \/><\/div><span class=\"dpt-thumbnail-aspect-ratio\" style=\"padding-top: 75%\"><\/span><\/div><\/div><div class=\"sub-entry\"><h3 class=\"dpt-title\"><a class=\"dpt-title-link\" href=\"https:\/\/www.markus-schall.de\/it\/2025\/12\/jan-josef-liefers-un-ritratto-di-atteggiamento-origine-e-liberta-artistica\/\" rel=\"bookmark\">Jan-Josef Liefers: un ritratto di atteggiamento, origini e libert\u00e0 artistica<\/a><\/h3><\/div><\/div>\n\t\t\t\t\t\t<\/div><!-- .dpt-entry -->\n\t\t\t\t\t\t\t\t\t\t\t\t<div class=\"dpt-entry has-thumbnail\" data-title=\"warum dieter bohlen spricht, wenn andere schweigen: ein portr\u00e4t \u00fcber flei\u00df und klarheit\" data-id=\"3744\"  data-category=\"allgemein gesellschaft kunst &amp; kultur\" data-post_tag=\"auswandern deutschland erfahrungen krisen meinungsfreiheit musik portrait\">\n\t\t\t\t\t\t\t<div class=\"dpt-entry-wrapper\"><div class=\"dpt-featured-content\"><div class=\"dpt-permalink\"><a href=\"https:\/\/www.markus-schall.de\/it\/2025\/12\/perche-dieter-bohlen-parla-quando-gli-altri-tacciono-un-ritratto-di-diligenza-e-chiarezza\/\" class=\"dpt-permalink\"><span class=\"screen-reader-text\">Perch\u00e9 Dieter Bohlen parla quando altri tacciono: Un ritratto di diligenza e chiarezza<\/span><\/a><\/div><div class=\"dpt-thumbnail\"><div class=\"dpt-thumbnail-inner\"><img width=\"1024\" height=\"683\" class=\"attachment-full size-full\" alt=\"\" context=\"dpt\" data-dpt-src=\"https:\/\/www.markus-schall.de\/wp-content\/uploads\/Dieter-Bohlen-Portrait.jpg\" data-dpt-sizes=\"(max-width: 1024px) 100vw, 1024px\" data-dpt-srcset=\"https:\/\/www.markus-schall.de\/wp-content\/uploads\/Dieter-Bohlen-Portrait.jpg 1024w, https:\/\/www.markus-schall.de\/wp-content\/uploads\/Dieter-Bohlen-Portrait-300x200.jpg 300w, https:\/\/www.markus-schall.de\/wp-content\/uploads\/Dieter-Bohlen-Portrait-768x512.jpg 768w, https:\/\/www.markus-schall.de\/wp-content\/uploads\/Dieter-Bohlen-Portrait-18x12.jpg 18w\" \/><\/div><span class=\"dpt-thumbnail-aspect-ratio\" style=\"padding-top: 75%\"><\/span><\/div><\/div><div class=\"sub-entry\"><h3 class=\"dpt-title\"><a class=\"dpt-title-link\" href=\"https:\/\/www.markus-schall.de\/it\/2025\/12\/perche-dieter-bohlen-parla-quando-gli-altri-tacciono-un-ritratto-di-diligenza-e-chiarezza\/\" rel=\"bookmark\">Perch\u00e9 Dieter Bohlen parla quando altri tacciono: Un ritratto di diligenza e chiarezza<\/a><\/h3><\/div><\/div>\n\t\t\t\t\t\t<\/div><!-- .dpt-entry -->\n\t\t\t\t\t\t\n\t\t\t\t<\/div>\n\t\t\t\t\t\t<\/div>\n\t\t\t\n<hr \/>","protected":false},"excerpt":{"rendered":"<p>Io stesso porto un bite Sch\u00f6ttl da tre anni e mezzo: un bite fisso nella mascella inferiore, che viene regolarmente riaffilato e che \u00e8 deliberatamente progettato non solo per alleviare la mascella, ma anche per influenzare la colonna vertebrale. Ed \u00e8 esattamente quello che fa per me. Questo bite mi ha aiutato a stabilizzare la mia statica, ad alleviare la tensione ... <a title=\"Perch\u00e9 Dieter Bohlen parla quando altri tacciono: Un ritratto di diligenza e chiarezza\" class=\"read-more\" href=\"https:\/\/www.markus-schall.de\/it\/2025\/12\/perche-dieter-bohlen-parla-quando-gli-altri-tacciono-un-ritratto-di-diligenza-e-chiarezza\/\" aria-label=\"Per saperne di pi\u00f9 su Perch\u00e9 Dieter Bohlen parla quando gli altri tacciono: Un ritratto di diligenza e chiarezza\">Leggi tutto<\/a><\/p>","protected":false},"author":1,"featured_media":3805,"comment_status":"open","ping_status":"open","sticky":false,"template":"","format":"standard","meta":{"iawp_total_views":453,"footnotes":""},"categories":[456,4],"tags":[425,439,458,447,448],"class_list":["post-3798","post","type-post","status-publish","format-standard","has-post-thumbnail","hentry","category-gesundheit","category-tipps-anleitungen","tag-buch","tag-cmd","tag-erfahrungen","tag-gesundheit","tag-ratgeber"],"_links":{"self":[{"href":"https:\/\/www.markus-schall.de\/it\/wp-json\/wp\/v2\/posts\/3798","targetHints":{"allow":["GET"]}}],"collection":[{"href":"https:\/\/www.markus-schall.de\/it\/wp-json\/wp\/v2\/posts"}],"about":[{"href":"https:\/\/www.markus-schall.de\/it\/wp-json\/wp\/v2\/types\/post"}],"author":[{"embeddable":true,"href":"https:\/\/www.markus-schall.de\/it\/wp-json\/wp\/v2\/users\/1"}],"replies":[{"embeddable":true,"href":"https:\/\/www.markus-schall.de\/it\/wp-json\/wp\/v2\/comments?post=3798"}],"version-history":[{"count":12,"href":"https:\/\/www.markus-schall.de\/it\/wp-json\/wp\/v2\/posts\/3798\/revisions"}],"predecessor-version":[{"id":5698,"href":"https:\/\/www.markus-schall.de\/it\/wp-json\/wp\/v2\/posts\/3798\/revisions\/5698"}],"wp:featuredmedia":[{"embeddable":true,"href":"https:\/\/www.markus-schall.de\/it\/wp-json\/wp\/v2\/media\/3805"}],"wp:attachment":[{"href":"https:\/\/www.markus-schall.de\/it\/wp-json\/wp\/v2\/media?parent=3798"}],"wp:term":[{"taxonomy":"category","embeddable":true,"href":"https:\/\/www.markus-schall.de\/it\/wp-json\/wp\/v2\/categories?post=3798"},{"taxonomy":"post_tag","embeddable":true,"href":"https:\/\/www.markus-schall.de\/it\/wp-json\/wp\/v2\/tags?post=3798"}],"curies":[{"name":"wp","href":"https:\/\/api.w.org\/{rel}","templated":true}]}}