{"id":4133,"date":"2025-12-24T07:48:26","date_gmt":"2025-12-24T07:48:26","guid":{"rendered":"https:\/\/www.markus-schall.de\/?p=4133"},"modified":"2026-04-22T16:15:50","modified_gmt":"2026-04-22T16:15:50","slug":"sensibilita-chimica-multipla-ripensata-sistema-nervoso-cmd-e-cause-funzionali","status":"publish","type":"post","link":"https:\/\/www.markus-schall.de\/it\/2025\/12\/sensibilita-chimica-multipla-ripensata-sistema-nervoso-cmd-e-cause-funzionali\/","title":{"rendered":"Sensibilit\u00e0 chimica multipla ripensata: sistema nervoso, CMD e cause funzionali"},"content":{"rendered":"<p>Scrivo questo articolo non come medico, non come professionista della salute ambientale e non come \u201eesperto\u201c nel senso tradizionale del termine, ma per esperienza diretta. Ho avuto a che fare con sensibilit\u00e0 chimiche per circa cinque o sei anni - a volte pi\u00f9 forti, a volte pi\u00f9 deboli, ma chiaramente evidenti in periodi di tempo pi\u00f9 lunghi.<\/p>\n<p>Ripensandoci, il tutto \u00e8 iniziato per me in un momento che ha coinciso con un intervento odontoiatrico: dopo l'estrazione di un dente, ho sperimentato gradualmente reazioni che non avevo mai sperimentato prima. Gi\u00e0 allora sospettavo che forse non si trattava \u201esolo\u201c di un problema ambientale, ma che poteva essere legato al corpo stesso, alla regolazione dello stress, forse anche ai denti, alla mascella o all'intero sistema che vi sta dietro.<!--more--><\/p>\n<p>All'epoca, per\u00f2, non sapevo di essere affetto da CMD (disfunzione craniomandibolare). Questa diagnosi \u00e8 arrivata solo all'inizio del 2022 e, ripensandoci, \u00e8 proprio questo il punto che oggi mi interessa di pi\u00f9: La sensibilit\u00e0 chimica non era un fenomeno individuale isolato nel mio caso, ma piuttosto emergeva come parte di un complesso di sintomi pi\u00f9 ampio - con intensit\u00e0 variabile, spesso come una sorta di \u201emusica di sottofondo\u201c ad altri disturbi. Proprio per questo motivo, in questo articolo vorrei offrire una prospettiva spesso trascurata: che l'MCS e i sintomi simili all'MCS potrebbero avere molto pi\u00f9 a che fare con il sistema nervoso, con lo stress a lungo termine e con le connessioni funzionali del corpo di quanto non si senta dire di solito nel dibattito pubblico.<\/p>\n<hr \/>\n\n\t\t\t<div class=\"display-post-types\">\n\n\t\t\t\t\t\t\t<style type=\"text\/css\">\n\t\t\t#dpt-wrapper-559 { --dpt-text-align: left;--dpt-image-crop: center;--dpt-border-radius: 5px;--dpt-h-gutter: 10px;--dpt-v-gutter: 9px; }\t\t\t<\/style>\n\t\t\t<style type=\"text\/css\">#dpt-wrapper-559 { --dpt-title-font-style:normal;--dpt-title-font-weight:600;--dpt-title-line-height:1.5;--dpt-title-text-decoration:none;--dpt-title-text-transform:none;--dpt-excerpt-font-style:normal;--dpt-excerpt-font-weight:400;--dpt-excerpt-line-height:1.5;--dpt-excerpt-text-decoration:none;--dpt-excerpt-text-transform:none;--dpt-meta1-font-style:normal;--dpt-meta1-font-weight:400;--dpt-meta1-line-height:1.9;--dpt-meta1-text-decoration:none;--dpt-meta1-text-transform:none;--dpt-meta2-font-style:normal;--dpt-meta2-font-weight:400;--dpt-meta2-line-height:1.9;--dpt-meta2-text-decoration:none;--dpt-meta2-text-transform:none; }<\/style><div class=\"dpt-main-header\">\n\t\t\t\t\t\t<div class=\"dpt-main-title\">\n\t\t\t\t\t\t\t<span class=\"dpt-main-title-text\">Argomenti di salute attuali<\/span>\n\t\t\t\t\t\t<\/div>\n\t\t\t\t\t\t\n\t\t\t\t\t\t\n\t\t\t\t\t\t\n\t\t\t\t\t\t<\/div>\t\t\t\n\t\t\t\t<div id=\"dpt-wrapper-559\" class=\"dpt-wrapper dpt-mag1 land1 dpt-cropped dpt-flex-wrap\" >\n\n\t\t\t\t\t\t\t\t\t\t\t<div class=\"dpt-entry has-thumbnail\" data-title=\"zahnreinigung \u2013 sinnvoll oder \u00fcbertrieben? eine differenzierte betrachtung\" data-id=\"2920\"  data-category=\"allgemein b\u00fccher gesundheit tipps &amp; anleitungen\" data-post_tag=\"buch cmd gesundheit hypersensibilit\u00e4t mcs\">\n\t\t\t\t\t\t\t<div class=\"dpt-entry-wrapper\"><div class=\"dpt-featured-content\"><div class=\"dpt-permalink\"><a href=\"https:\/\/www.markus-schall.de\/it\/2025\/09\/pulizia-dentale-sensata-o-esagerata-una-visione-differenziata\/\" class=\"dpt-permalink\"><span class=\"screen-reader-text\">Pulizia dentale: sensata o eccessiva? Una visione differenziata<\/span><\/a><\/div><div class=\"dpt-thumbnail\"><div class=\"dpt-thumbnail-inner\"><img width=\"1536\" height=\"1024\" class=\"attachment-full size-full\" alt=\"Pulizia dentale: ogni quanto ha senso?\" context=\"dpt\" data-dpt-src=\"https:\/\/www.markus-schall.de\/wp-content\/uploads\/zahnreinigung-sinnvoll.png\" data-dpt-sizes=\"(max-width: 1536px) 100vw, 1536px\" data-dpt-srcset=\"https:\/\/www.markus-schall.de\/wp-content\/uploads\/zahnreinigung-sinnvoll.png 1536w, https:\/\/www.markus-schall.de\/wp-content\/uploads\/zahnreinigung-sinnvoll-300x200.png 300w, https:\/\/www.markus-schall.de\/wp-content\/uploads\/zahnreinigung-sinnvoll-1024x683.png 1024w, https:\/\/www.markus-schall.de\/wp-content\/uploads\/zahnreinigung-sinnvoll-768x512.png 768w, https:\/\/www.markus-schall.de\/wp-content\/uploads\/zahnreinigung-sinnvoll-18x12.png 18w\" \/><\/div><span class=\"dpt-thumbnail-aspect-ratio\" style=\"padding-top: 75%\"><\/span><\/div><\/div><div class=\"sub-entry\"><h3 class=\"dpt-title\"><a class=\"dpt-title-link\" href=\"https:\/\/www.markus-schall.de\/it\/2025\/09\/pulizia-dentale-sensata-o-esagerata-una-visione-differenziata\/\" rel=\"bookmark\">Pulizia dentale: sensata o eccessiva? Una visione differenziata<\/a><\/h3><\/div><\/div>\n\t\t\t\t\t\t<\/div><!-- .dpt-entry -->\n\t\t\t\t\t\t\t\t\t\t\t\t<div class=\"dpt-entry has-thumbnail\" data-title=\"h\u00e4morrhoiden verstehen: warum haltung und statik oft die wahren ursachen sind\" data-id=\"3575\"  data-category=\"b\u00fccher gesundheit\" data-post_tag=\"buch cmd erfahrungen gesundheit h\u00e4morrhoiden ratgeber\">\n\t\t\t\t\t\t\t<div class=\"dpt-entry-wrapper\"><div class=\"dpt-featured-content\"><div class=\"dpt-permalink\"><a href=\"https:\/\/www.markus-schall.de\/it\/2025\/11\/capire-le-emorroidi-perche-la-postura-e-la-statica-sono-spesso-le-vere-cause\/\" class=\"dpt-permalink\"><span class=\"screen-reader-text\">Capire le emorroidi: Perch\u00e9 la postura e la statica sono spesso le vere cause<\/span><\/a><\/div><div class=\"dpt-thumbnail\"><div class=\"dpt-thumbnail-inner\"><img width=\"1024\" height=\"683\" class=\"attachment-full size-full\" alt=\"Emorroidi e postura scorretta\" context=\"dpt\" data-dpt-src=\"https:\/\/www.markus-schall.de\/wp-content\/uploads\/haemorrhoiden-fehlhaltungen.jpg\" data-dpt-sizes=\"(max-width: 1024px) 100vw, 1024px\" data-dpt-srcset=\"https:\/\/www.markus-schall.de\/wp-content\/uploads\/haemorrhoiden-fehlhaltungen.jpg 1024w, https:\/\/www.markus-schall.de\/wp-content\/uploads\/haemorrhoiden-fehlhaltungen-300x200.jpg 300w, https:\/\/www.markus-schall.de\/wp-content\/uploads\/haemorrhoiden-fehlhaltungen-768x512.jpg 768w, https:\/\/www.markus-schall.de\/wp-content\/uploads\/haemorrhoiden-fehlhaltungen-18x12.jpg 18w\" \/><\/div><span class=\"dpt-thumbnail-aspect-ratio\" style=\"padding-top: 75%\"><\/span><\/div><\/div><div class=\"sub-entry\"><h3 class=\"dpt-title\"><a class=\"dpt-title-link\" href=\"https:\/\/www.markus-schall.de\/it\/2025\/11\/capire-le-emorroidi-perche-la-postura-e-la-statica-sono-spesso-le-vere-cause\/\" rel=\"bookmark\">Capire le emorroidi: Perch\u00e9 la postura e la statica sono spesso le vere cause<\/a><\/h3><\/div><\/div>\n\t\t\t\t\t\t<\/div><!-- .dpt-entry -->\n\t\t\t\t\t\t\t\t\t\t\t\t<div class=\"dpt-entry has-thumbnail\" data-title=\"cmd und aufbissschienen: ein pers\u00f6nlicher erfahrungsbericht mit klarem \u00dcberblick\" data-id=\"3798\"  data-category=\"gesundheit tipps &amp; anleitungen\" data-post_tag=\"buch cmd erfahrungen gesundheit ratgeber\">\n\t\t\t\t\t\t\t<div class=\"dpt-entry-wrapper\"><div class=\"dpt-featured-content\"><div class=\"dpt-permalink\"><a href=\"https:\/\/www.markus-schall.de\/it\/2025\/12\/cmd-e-bite-splint-unesperienza-personale-con-una-chiara-visione-dinsieme\/\" class=\"dpt-permalink\"><span class=\"screen-reader-text\">CMD e bite occlusale: Un'esperienza personale con una chiara panoramica<\/span><\/a><\/div><div class=\"dpt-thumbnail\"><div class=\"dpt-thumbnail-inner\"><img width=\"1024\" height=\"747\" class=\"attachment-full size-full\" alt=\"Bite occlusali CMD\" context=\"dpt\" data-dpt-src=\"https:\/\/www.markus-schall.de\/wp-content\/uploads\/CMD-Aufbissschienen.jpg\" data-dpt-sizes=\"(max-width: 1024px) 100vw, 1024px\" data-dpt-srcset=\"https:\/\/www.markus-schall.de\/wp-content\/uploads\/CMD-Aufbissschienen.jpg 1024w, https:\/\/www.markus-schall.de\/wp-content\/uploads\/CMD-Aufbissschienen-300x219.jpg 300w, https:\/\/www.markus-schall.de\/wp-content\/uploads\/CMD-Aufbissschienen-768x560.jpg 768w, https:\/\/www.markus-schall.de\/wp-content\/uploads\/CMD-Aufbissschienen-16x12.jpg 16w\" \/><\/div><span class=\"dpt-thumbnail-aspect-ratio\" style=\"padding-top: 75%\"><\/span><\/div><\/div><div class=\"sub-entry\"><h3 class=\"dpt-title\"><a class=\"dpt-title-link\" href=\"https:\/\/www.markus-schall.de\/it\/2025\/12\/cmd-e-bite-splint-unesperienza-personale-con-una-chiara-visione-dinsieme\/\" rel=\"bookmark\">CMD e bite occlusale: Un'esperienza personale con una chiara panoramica<\/a><\/h3><\/div><\/div>\n\t\t\t\t\t\t<\/div><!-- .dpt-entry -->\n\t\t\t\t\t\t\t\t\t\t\t\t<div class=\"dpt-entry has-thumbnail\" data-title=\"mcs: wenn das leben dich zum dritten mal zwingt umzuziehen\" data-id=\"2822\"  data-category=\"allgemein b\u00fccher gesundheit\" data-post_tag=\"auswandern cmd erfahrungen hypersensibilit\u00e4t krisen mcs pers\u00f6nlichkeitsentwicklung ratgeber\">\n\t\t\t\t\t\t\t<div class=\"dpt-entry-wrapper\"><div class=\"dpt-featured-content\"><div class=\"dpt-permalink\"><a href=\"https:\/\/www.markus-schall.de\/it\/2025\/09\/mcs-quando-la-vita-ti-costringe-a-trasferirti-per-la-terza-volta\/\" class=\"dpt-permalink\"><span class=\"screen-reader-text\">MCS: quando la vita ti costringe a trasferirti per la terza volta<\/span><\/a><\/div><div class=\"dpt-thumbnail\"><div class=\"dpt-thumbnail-inner\"><img width=\"1024\" height=\"684\" class=\"attachment-full size-full\" alt=\"Tre allontanamenti forzati a causa della MCS (Sensibilit\u00e0 Chimica Multipla)\" context=\"dpt\" data-dpt-src=\"https:\/\/www.markus-schall.de\/wp-content\/uploads\/mcs-baustelle-krise.jpg\" data-dpt-sizes=\"(max-width: 1024px) 100vw, 1024px\" data-dpt-srcset=\"https:\/\/www.markus-schall.de\/wp-content\/uploads\/mcs-baustelle-krise.jpg 1024w, https:\/\/www.markus-schall.de\/wp-content\/uploads\/mcs-baustelle-krise-300x200.jpg 300w, https:\/\/www.markus-schall.de\/wp-content\/uploads\/mcs-baustelle-krise-768x513.jpg 768w, https:\/\/www.markus-schall.de\/wp-content\/uploads\/mcs-baustelle-krise-18x12.jpg 18w\" \/><\/div><span class=\"dpt-thumbnail-aspect-ratio\" style=\"padding-top: 75%\"><\/span><\/div><\/div><div class=\"sub-entry\"><h3 class=\"dpt-title\"><a class=\"dpt-title-link\" href=\"https:\/\/www.markus-schall.de\/it\/2025\/09\/mcs-quando-la-vita-ti-costringe-a-trasferirti-per-la-terza-volta\/\" rel=\"bookmark\">MCS: quando la vita ti costringe a trasferirti per la terza volta<\/a><\/h3><\/div><\/div>\n\t\t\t\t\t\t<\/div><!-- .dpt-entry -->\n\t\t\t\t\t\t\n\t\t\t\t<\/div>\n\t\t\t\t\t\t<\/div>\n\t\t\t\n<hr \/>\n<h2>La MCS in parole semplici: Di cosa si tratta<\/h2>\n<p>MCS sta per <a href=\"https:\/\/de.wikipedia.org\/wiki\/Multiple_Chemikalien-Sensitivit\u00e4t\" target=\"_blank\" rel=\"noopener\"><strong>Sensibilit\u00e0 chimica multipla<\/strong><\/a> - un termine che all'inizio sembra molto tecnico, ma che descrive qualcosa che le persone colpite sperimentano in modo estremamente concreto: L'organismo reagisce a determinate sostanze chimiche o odori, spesso anche in quantit\u00e0 minime. Possono essere vapori di vernici, detergenti, profumi, solventi, plastificanti, fumo di sigaretta o persino prodotti di uso quotidiano. Alcuni riferiscono addirittura di reazioni ai \u201emobili nuovi\u201c, all'inchiostro da stampa fresco o a certe materie plastiche. Lo spettro \u00e8 ampio ed \u00e8 proprio questo che rende l'argomento cos\u00ec difficile.<\/p>\n<p>In genere, non c'\u00e8 una sola reazione. Alcuni hanno mal di testa, altri vertigini, palpitazioni, nausea, sonnolenza, problemi di concentrazione o una sorta di inquietudine interiore. Alcuni si sentono \u201eavvelenati\u201c, altri \u201einondati\u201c o \u201eelettrizzati\u201c. Altri ancora provano soprattutto la sensazione che il loro corpo non riesca pi\u00f9 a filtrare correttamente, che reagisca a cose che gli altri notano appena.<\/p>\n<p>L'importante \u00e8 che non si tratti di \u201eimmaginazione\u201c, ma di un'esperienza reale, anche se la categorizzazione medica \u00e8 difficile. Il vero nocciolo della questione \u00e8 che l'MCS non \u00e8 un quadro clinico chiaramente definito come un osso rotto o un'infezione chiaramente misurabile. Si tratta piuttosto di una costellazione di sintomi che possono apparire molto diversi in persone diverse.<\/p>\n<p>Ho spiegato come questo pu\u00f2 apparire nella pratica nell'articolo <em><strong><a href=\"https:\/\/www.markus-schall.de\/it\/2025\/09\/mcs-quando-la-vita-ti-costringe-a-trasferirti-per-la-terza-volta\/\">\u201eMCS - Quando la vita ti costringe a trasferirti per la terza volta\u201c<\/a><\/strong><\/em> descritto. Ho dovuto lasciare la mia casa per diverse settimane a causa di lavori stradali proprio vicino alla mia propriet\u00e0, perch\u00e9 l'improvvisa esposizione a polveri sottili e residui chimici mi ha reso impossibile vivere nella mia casa.<\/p>\n<h3>Perch\u00e9 l'MCS si trova cos\u00ec spesso tra tutte le feci<\/h3>\n<p>La MCS \u00e8 uno di quegli argomenti in cui il sistema sanitario - e spesso anche l'ambiente - fa fatica. Ci\u00f2 non \u00e8 necessariamente dovuto alla cattiva volont\u00e0, ma alla struttura: alla medicina piace tradizionalmente lavorare con cause chiare, misure chiare e responsabilit\u00e0 chiare. L'MCS non si adatta bene a tutto questo. Chiunque abbia a che fare con questa malattia finisce spesso per avere a che fare con diversi specialismi, riceve interpretazioni diverse e, alla fine, spesso non ottiene una visione d'insieme davvero soddisfacente.<\/p>\n<p>Nella medicina ambientale, l'attenzione si concentra naturalmente sulle sostanze e sull'inquinamento: Quali sostanze chimiche, quali fattori scatenanti, quali fonti? Questo \u00e8 importante, senza dubbio. Ma spesso non spiega perch\u00e9 alcune persone hanno reazioni estreme e altre no, anche con un'esposizione simile. D'altra parte, la medicina psicosomatica, in parte per tradizione, in parte per impotenza, tende a dare la colpa di tutto ci\u00f2 allo stress, all'ansia o ai disturbi somatoformi. Anche lo stress ha certamente un ruolo, ma se viene archiviato troppo in fretta, la persona colpita si sente semplicemente cancellata. E questo non \u00e8 solo spiacevole dal punto di vista umano, ma spesso anche troppo miope dal punto di vista professionale.<\/p>\n<p>Il risultato: le persone colpite si sentono spesso sole, incomprese e costrette a costruire una sorta di \u201emodello di spiegazione\u201c per se stesse. Alcuni si ritirano, evitano i contatti, evitano i luoghi, sviluppano complicate strategie di protezione. E pi\u00f9 si va avanti, pi\u00f9 la vita si restringe. Nei casi pi\u00f9 gravi, l'MCS diventa addirittura esistenziale, non perch\u00e9 la sostanza sia \u201eoggettivamente fatale\u201c, ma perch\u00e9 a un certo punto l'intero sistema \u00e8 permanentemente in allarme.<\/p>\n<h3>Il problema centrale: l'MCS raramente \u00e8 solo un singolo sintomo<\/h3>\n<p>Un punto che mi colpisce per la mia esperienza personale e per le numerose segnalazioni: l'MCS spesso non si presenta da sola. Spesso ci sono sintomi di accompagnamento che a prima vista sembrano non avere nulla a che fare l'uno con l'altro - ed \u00e8 proprio per questo che raramente vengono considerati insieme. Possono esserci acufeni, digrignamento dei denti, dolori al collo e alla schiena, problemi di sonno, irrequietezza interiore, esaurimento, problemi di concentrazione o la sensazione che il corpo \u201enon si spenga\u201c.<\/p>\n<p>Se si verifica una situazione del genere, \u00e8 ovvio cercare la causa da cui proviene l'irritazione: l'odore, il detergente, il profumo, l'aria. \u00c8 logico - e sarebbe anche negligente ignorare i fattori scatenanti. Ma la domanda pi\u00f9 interessante \u00e8 in realt\u00e0: perch\u00e9 il sistema reagisce cos\u00ec fortemente? Perch\u00e9 uno stimolo che altri possono facilmente affrontare si trasforma immediatamente in stress, sintomi e sovraccarico per alcune persone?<\/p>\n<p>E qui entra in gioco un'idea che sembra antiquata ma che spesso \u00e8 la chiave di volta nella pratica: se molti sintomi si manifestano contemporaneamente, \u00e8 necessario verificare se esiste un livello di controllo comune. Nel caso dell'MCS, questo livello potrebbe essere il sistema nervoso, almeno per alcune delle persone colpite. Non come \u201epsico-tesi\u201c, ma come organo di controllo biologico: valuta gli stimoli, regola gli allarmi, influenza i muscoli, il sonno, la digestione, la frequenza cardiaca, la tensione e il recupero. E se questo sistema viene sovraccaricato o disregolato per un lungo periodo di tempo, cose che prima erano innocue possono improvvisamente diventare problematiche.<\/p>\n<h3>Perch\u00e9 oggi considero l'MCS in modo diverso rispetto all'inizio<\/h3>\n<p>Quando ho notato per la prima volta la mia sensibilit\u00e0 chimica, il mio primo pensiero \u00e8 stato ovviamente: \u201eChe cos'\u00e8 questa sostanza? Che cosa \u00e8 cambiato? Cosa improvvisamente non posso pi\u00f9 tollerare?\u201c. Solo con il tempo - e al pi\u00f9 tardi con la diagnosi di CMD all'inizio del 2022 - ho capito che il quadro poteva anche essere ribaltato: Forse non solo l'ambiente \u00e8 \u201etroppo\u201c, ma il sistema \u00e8 gi\u00e0 cos\u00ec teso internamente, cos\u00ec sovrastimolato o cos\u00ec disregolato che la funzione di filtro non funziona pi\u00f9 correttamente. Allora l'odore non viene pi\u00f9 elaborato come neutro, ma come un pericolo. Il corpo non reagisce pi\u00f9 in modo proporzionale, ma di riflesso.<\/p>\n<p>\u00c8 proprio questa prospettiva che vorrei costruire con attenzione in questo articolo: non come una verit\u00e0 definitiva, ma come un modo di pensare plausibile. L'MCS \u00e8 un problema serio e chi ne soffre ha gi\u00e0 abbastanza difficolt\u00e0. Ci\u00f2 di cui non hanno bisogno \u00e8 un'altra classificazione o un altro \u201e\u00c8 solo...\u201c. Ci\u00f2 di cui hanno bisogno \u00e8 un atteggiamento in grado di fare entrambe le cose: prendere sul serio gli stimoli e allo stesso tempo capire che il sistema nervoso \u00e8 forse il palcoscenico su cui si svolge il dramma.<\/p>\n<p>Nel prossimo capitolo analizziamo perch\u00e9 i modelli esplicativi abituali spesso non sono sufficienti e perch\u00e9 la sola domanda \u201eQual \u00e8 la causa scatenante?\u201c spesso non \u00e8 il fattore decisivo. Approfondiamo poi il ruolo del sistema nervoso: come funziona l'elaborazione degli stimoli, perch\u00e9 lo stress e l'allerta costanti possono rendere il corpo pi\u00f9 sensibile e perch\u00e9 la CMD, come fattore funzionale, si inserisce esattamente in questo modello in molte persone.<\/p>\n<p>L'obiettivo non \u00e8 promettere una soluzione rapida. L'obiettivo \u00e8 offrire una mappa. Perch\u00e9 a volte il primo vero progresso non \u00e8 la terapia perfetta, ma la fine della confusione.<\/p>\n<hr \/>\n<h3>Sondaggio attuale sui sintomi della CMD<\/h3>\n<div class='bootstrap-yop yop-poll-mc'>\n\t\t\t\t\t\t\t<div class=\"basic-yop-poll-container\" style=\"background-color:#ffffff; border:0px; border-style:solid; border-color:#000000; border-radius:5px; padding:0px 5px;\" data-id=\"5\" data-temp=\"basic-pretty\" data-skin=\"square\" data-cscheme=\"blue\" data-cap=\"0\" data-access=\"guest\" data-tid=\"\" data-uid=\"2e1acab51796b7b5e87868020c04c781\" data-pid=\"2822\" data-resdet=\"votes-number,percentages\" data-show-results-to=\"guest\" data-show-results-moment=\"after-vote\" data-show-results-only=\"false\" data-show-message=\"true\" data-show-results-as=\"bar\" data-sort-results-by=\"as-defined\" data-sort-results-rule=\"asc\"data-is-ended=\"0\" data-percentages-decimals=\"2\" data-gdpr=\"no\" data-gdpr-sol=\"consent\" data-css=\".basic-yop-poll-container[data-uid] .basic-vote {\t\t\t\t\t\t\t\t\ttext-align: center;\t\t\t\t\t\t\t\t}\" data-counter=\"0\" data-load-with=\"1\" data-notification-section=\"top\"><div class=\"row\"><div class=\"col-md-12\"><div class=\"basic-inner\"><div class=\"basic-message hide\" style=\"border-left: 10px solid #008000; padding: 0px 10px;\" data-error=\"#ff0000\" data-success=\"#008000\"><p class=\"basic-message-text\" style=\"color:#000000; font-size:14px; font-weight:normal;\"><\/p><\/div><div class=\"basic-overlay hide\"><div class=\"basic-vote-options\"><\/div><div class=\"basic-preloader\"><div class=\"basic-windows8\"><div class=\"basic-wBall basic-wBall_1\"><div class=\"basic-wInnerBall\"><\/div><\/div><div class=\"basic-wBall basic-wBall_2\"><div class=\"basic-wInnerBall\"><\/div><\/div><div class=\"basic-wBall basic-wBall_3\"><div class=\"basic-wInnerBall\"><\/div><\/div><div class=\"basic-wBall basic-wBall_4\"><div class=\"basic-wInnerBall\"><\/div><\/div><div class=\"basic-wBall basic-wBall_5\"><div class=\"basic-wInnerBall\"><\/div><\/div><\/div><\/div><\/div><form class=\"basic-form\" action=\"\"><input type=\"hidden\" name=\"_token\" value=\"8160b2fd91\" autocomplete=\"off\"><div class=\"basic-elements\"><div class=\"basic-element basic-question basic-question-text-vertical\" data-id=\"5\" data-uid=\"25eca262702ab5f9a0b944211401f814\" data-type=\"question\" data-question-type=\"text\" data-required=\"yes\" data-allow-multiple=\"yes\" data-min=\"1\" data-max=\"7\" data-display=\"vertical\" data-colnum=\"\" data-display-others=\"no\" data-others-color=\"\" data-others=\"\" data-others-max-chars=\"0\"><div class=\"basic-question-title\"><h5 style=\"color:#000000; font-size:16px; font-weight:normal; text-align:left;\">Se siete affetti da CMD, quali sintomi avete notato?<\/h5><\/div><ul class=\"basic-answers\"><li class=\"basic-answer\" style=\"padding:0px 0px;\" data-id=\"17\" data-type=\"text\" data-vn=\"44\" data-color=\"#000000\" data-make-link=\"no\" data-link=\"\"><div class=\"basic-answer-content basic-text-vertical\"><label for=\"answer[17]\" class=\"basic-answer-label\"><input type=\"checkbox\" id=\"answer[17]\" name=\"answer[5]\" value=\"17\"><span class=\"basic-text\" style=\"color: #000000; font-size: 14px; font-weight: normal;\">Mascella che scoppia<\/span><\/label><\/div><\/li><li class=\"basic-answer\" style=\"padding:0px 0px;\" data-id=\"18\" data-type=\"text\" data-vn=\"49\" data-color=\"#000000\" data-make-link=\"no\" data-link=\"\"><div class=\"basic-answer-content basic-text-vertical\"><label for=\"answer[18]\" class=\"basic-answer-label\"><input type=\"checkbox\" id=\"answer[18]\" name=\"answer[5]\" value=\"18\"><span class=\"basic-text\" style=\"color: #000000; font-size: 14px; font-weight: normal;\">Digrignamento dei denti<\/span><\/label><\/div><\/li><li class=\"basic-answer\" style=\"padding:0px 0px;\" data-id=\"19\" data-type=\"text\" data-vn=\"79\" data-color=\"#000000\" data-make-link=\"no\" data-link=\"\"><div class=\"basic-answer-content basic-text-vertical\"><label for=\"answer[19]\" class=\"basic-answer-label\"><input type=\"checkbox\" id=\"answer[19]\" name=\"answer[5]\" value=\"19\"><span class=\"basic-text\" style=\"color: #000000; font-size: 14px; font-weight: normal;\">Tensione muscolare<\/span><\/label><\/div><\/li><li class=\"basic-answer\" style=\"padding:0px 0px;\" data-id=\"20\" data-type=\"text\" data-vn=\"60\" data-color=\"#000000\" data-make-link=\"no\" data-link=\"\"><div class=\"basic-answer-content basic-text-vertical\"><label for=\"answer[20]\" class=\"basic-answer-label\"><input type=\"checkbox\" id=\"answer[20]\" name=\"answer[5]\" value=\"20\"><span class=\"basic-text\" style=\"color: #000000; font-size: 14px; font-weight: normal;\">Acufene, ronzio nelle orecchie<\/span><\/label><\/div><\/li><li class=\"basic-answer\" style=\"padding:0px 0px;\" data-id=\"21\" data-type=\"text\" data-vn=\"37\" data-color=\"#000000\" data-make-link=\"no\" data-link=\"\"><div class=\"basic-answer-content basic-text-vertical\"><label for=\"answer[21]\" class=\"basic-answer-label\"><input type=\"checkbox\" id=\"answer[21]\" name=\"answer[5]\" value=\"21\"><span class=\"basic-text\" style=\"color: #000000; font-size: 14px; font-weight: normal;\">Sensibilit\u00e0 di chiusura<\/span><\/label><\/div><\/li><li class=\"basic-answer\" style=\"padding:0px 0px;\" data-id=\"22\" data-type=\"text\" data-vn=\"46\" data-color=\"#000000\" data-make-link=\"no\" data-link=\"\"><div class=\"basic-answer-content basic-text-vertical\"><label for=\"answer[22]\" class=\"basic-answer-label\"><input type=\"checkbox\" id=\"answer[22]\" name=\"answer[5]\" value=\"22\"><span class=\"basic-text\" style=\"color: #000000; font-size: 14px; font-weight: normal;\">Dolore facciale<\/span><\/label><\/div><\/li><li class=\"basic-answer\" style=\"padding:0px 0px;\" data-id=\"23\" data-type=\"text\" data-vn=\"66\" data-color=\"#000000\" data-make-link=\"no\" data-link=\"\"><div class=\"basic-answer-content basic-text-vertical\"><label for=\"answer[23]\" class=\"basic-answer-label\"><input type=\"checkbox\" id=\"answer[23]\" name=\"answer[5]\" value=\"23\"><span class=\"basic-text\" style=\"color: #000000; font-size: 14px; font-weight: normal;\">Postura scorretta<\/span><\/label><\/div><\/li><\/ul><\/div><div class=\"clearfix\"><\/div><\/div><div class=\"basic-vote\"><a href=\"#\" class=\"button basic-vote-button\" role=\"button\" style=\"background:#027bb8; border:0px; border-style: solid; border-color:#000000; border-radius:5px; padding:10px 10px; color:#ffffff; font-size:14px; font-weight:normal;\">Voto<\/a><\/div><input type=\"hidden\" name=\"trp-form-language\" value=\"it\"\/><\/form><\/div><\/div><\/div><\/div>\n\t\t\t\t\t\t<\/div>\n<hr \/>\n<h2>Perch\u00e9 i modelli esplicativi classici spesso non sono sufficienti<\/h2>\n<p>La medicina ambientale offre indubbiamente un contributo importante all'MCS. Richiama l'attenzione sullo stress reale, sulle sostanze, sulle esposizioni, sui valori limite - e quindi su qualcosa che \u00e8 stato a lungo sottovalutato o banalizzato. Molte delle persone colpite sperimentano per la prima volta il riconoscimento quando qualcuno dice: s\u00ec, queste sostanze possono causare problemi. Si tratta di un passo importante, soprattutto per le persone che in precedenza hanno sperimentato solo il rifiuto o un'alzata di spalle.<\/p>\n<p>Allo stesso tempo, questo approccio raggiunge spesso i suoi limiti nella pratica. Infatti, anche se una sostanza viene identificata come fattore scatenante, una domanda centrale rimane senza risposta: Perch\u00e9 il corpo reagisce in modo cos\u00ec massiccio? Perch\u00e9 sono sufficienti quantit\u00e0 minime per scatenare i sintomi, mentre altre persone - a volte nello stesso ambiente - non reagiscono quasi o non reagiscono affatto? La medicina ambientale spesso descrive lo stimolo, ma non sufficientemente l'elaborazione dello stesso. \u00c8 proprio qui che si crea una lacuna molto importante per le persone colpite.<\/p>\n<p>Inoltre, nella vita di tutti i giorni \u00e8 difficile evitare l'assoluto. Chiunque cerchi di eliminare qualsiasi potenziale esposizione a sostanze chimiche si rende subito conto di quanto la vita diventi angusta. L'ambiente non \u00e8 sterile e non pu\u00f2 essere controllato completamente. Se il concetto esplicativo si concentra esclusivamente sull'evitamento, l'unica cosa che spesso rimane alla fine \u00e8 il ritiro, che a sua volta aumenta lo stress e la tensione. Un classico circolo vizioso.<\/p>\n<h3>Psicologizzazione: quando le spiegazioni diventano un vicolo cieco<\/h3>\n<p>Dall'altro lato, c'\u00e8 la categorizzazione psicologica o psicosomatica. Anche qui c'\u00e8 un fondo di verit\u00e0: lo stress, la tensione costante, le richieste eccessive e la tensione emotiva hanno un impatto massiccio sul corpo. Nessuno che si occupi seriamente di fisiologia lo mette in dubbio. Diventa problematico quando questa consapevolezza diventa un generico \u201e\u00e8 psicologico\u201c, senza ulteriori differenziazioni.<\/p>\n<p>Molti malati di MCS riferiscono proprio questo: che i loro sintomi vengono rapidamente liquidati come reazioni d'ansia, ipersensibilit\u00e0 o disturbi somatoformi. Ci\u00f2 pu\u00f2 essere ben intenzionato in singoli casi, ma spesso ha l'effetto di svalutare i sintomi. Questo perch\u00e9 non risponde alla domanda vera e propria, ma la sposta. Non spiega perch\u00e9 il corpo reagisce in modo specifico con vertigini, giramenti di testa, palpitazioni o dolore. E non spiega perch\u00e9 queste reazioni siano spesso legate in modo riproducibile a determinati stimoli.<\/p>\n<p>Il risultato \u00e8 spesso una profonda perdita di fiducia, non solo nei medici, ma anche nel proprio corpo. Chi si sente dire continuamente che \u201ein realt\u00e0 non c'\u00e8 niente che non va\u201c, anche se soggettivamente sta succedendo molto, si abbatte facilmente. Questo non calma il sistema nervoso, anzi lo rende ancora pi\u00f9 sensibile. Lo stesso vale in questo caso: un modello esplicativo troppo semplicistico aggrava il problema invece di risolverlo.<\/p>\n<h3>La domanda centrale che spesso rimane senza risposta<\/h3>\n<p>Esiste un divario tra la medicina ambientale e la psicologizzazione. Ed \u00e8 proprio in questo divario che si trovano molti malati. La domanda cruciale non \u00e8: l'MCS \u00e8 fisica o psicologica? Questa distinzione \u00e8 comunque superata. La domanda pi\u00f9 importante \u00e8: perch\u00e9 il sistema di stimoli \u00e8 cos\u00ec altamente regolato? Perch\u00e9 il corpo sembra funzionare a un livello di allarme permanente?<\/p>\n<p>Se si prende sul serio questa domanda, l'attenzione si sposta automaticamente. Lontano dalla singola sostanza, lontano dalla questione del senso di colpa, verso i meccanismi di controllo del corpo. Perch\u00e9, indipendentemente dal fatto che il fattore scatenante sia chimico, meccanico, emotivo o sociale, viene sempre elaborato attraverso il sistema nervoso. Ed \u00e8 proprio questo sistema nervoso che sembra essere costantemente in tensione in molte persone affette da MCS.<\/p>\n<p>Questo illustra un vecchio principio medico oggi quasi dimenticato: se si verificano molti sintomi diversi nello stesso momento, non bisogna solo cercare molte cause, ma anche un livello di controllo comune. E questo livello \u00e8 spesso pi\u00f9 profondo del singolo sintomo.<\/p>\n<div class=\"lyte-wrapper\" style=\"width:640px;max-width:100%;margin:5px;\"><div class=\"lyMe\" id=\"WYL_kH2JFgMWes0\"><div id=\"lyte_kH2JFgMWes0\" data-src=\"https:\/\/www.markus-schall.de\/wp-content\/plugins\/wp-youtube-lyte\/lyteCache.php?origThumbUrl=%2F%2Fi.ytimg.com%2Fvi%2FkH2JFgMWes0%2Fhqdefault.jpg\" class=\"pL\"><div class=\"tC\"><div class=\"tT\"><\/div><\/div><div class=\"play\"><\/div><div class=\"ctrl\"><div class=\"Lctrl\"><\/div><div class=\"Rctrl\"><\/div><\/div><\/div><noscript><a href=\"https:\/\/youtu.be\/kH2JFgMWes0\" rel=\"nofollow noopener\" target=\"_blank\"><img loading=\"lazy\" decoding=\"async\" src=\"https:\/\/www.markus-schall.de\/wp-content\/plugins\/wp-youtube-lyte\/lyteCache.php?origThumbUrl=https%3A%2F%2Fi.ytimg.com%2Fvi%2FkH2JFgMWes0%2F0.jpg\" alt=\"Miniatura del video di YouTube\" width=\"640\" height=\"340\" \/><br \/>Guarda questo video su YouTube<\/a><\/noscript><\/div><\/div><div class=\"lL\" style=\"max-width:100%;width:640px;margin:5px;\"><\/div><br \/>\nMalattia ambientale da MCS: il resoconto di una donna coraggiosa. <a href=\"https:\/\/www.youtube.com\/@QS24\" target=\"_blank\" rel=\"noopener\">QS24<\/a><\/p>\n<h2>Il sistema nervoso come centro di controllo dell'elaborazione degli stimoli<\/h2>\n<p>Un punto spesso frainteso \u00e8 che gli stimoli non hanno un effetto solo per la loro esistenza fisica. Un odore, un suono o una sostanza chimica sono inizialmente solo un segnale. La classificazione di questo segnale come innocuo, fastidioso o pericoloso viene decisa dal sistema nervoso. Questa valutazione \u00e8 in gran parte inconscia e avviene con estrema rapidit\u00e0. \u00c8 il risultato dell'esperienza, della familiarit\u00e0, dei livelli di stress e delle condizioni fisiche.<\/p>\n<p>Se questo sistema \u00e8 ben regolato, pu\u00f2 differenziarsi: Questo \u00e8 nuovo, ma non pericoloso. Oppure: \u00e8 sgradevole, ma non minaccioso. Tuttavia, se la regolazione \u00e8 disturbata, questa valutazione viene invertita. Allora uno stimolo neutro diventa un fattore di stress. Non perch\u00e9 la sostanza sia diventata oggettivamente pi\u00f9 pericolosa, ma perch\u00e9 il sistema non riesce pi\u00f9 a classificarla correttamente.<\/p>\n<p>\u00c8 proprio questa la chiave di lettura dell'MCS. La reazione eccessiva \u00e8 reale, ma all'inizio dice di pi\u00f9 sullo stato del sistema nervoso che sulla sostanza in s\u00e9. Questo non rende il fenomeno innocuo, ma pi\u00f9 spiegabile.<\/p>\n<h3>Stress permanente e disregolazione vegetativa<\/h3>\n<p>Il sistema nervoso \u00e8 costituito non solo dalla percezione cosciente, ma soprattutto dalla parte vegetativa, quella che controlla il battito cardiaco, la respirazione, la tensione muscolare, la digestione e la rigenerazione. In parole povere, questo sistema ha due modalit\u00e0 principali:<\/p>\n<blockquote><p><em>Attivazione e recupero.<\/em><\/p><\/blockquote>\n<p>Diventa problematico quando l'attivazione \u00e8 stabilmente dominante. Molte persone affette da MCS presentano proprio questo schema: irrequietezza interiore, disturbi del sonno, tensione muscolare, rapido esaurimento, scarsa resilienza. Il corpo non riesce quasi mai a riposare veramente. Anche quando \u00e8 seduto o sdraiato, permane un'allerta subliminale. In questo stato, il sistema reagisce inevitabilmente in modo pi\u00f9 sensibile agli stimoli aggiuntivi, siano essi chimici, acustici o emotivi.<\/p>\n<p>Si pu\u00f2 immaginare come un amplificatore che \u00e8 stato alzato troppo. Quello che prima era un segnale silenzioso diventa improvvisamente forte. Non perch\u00e9 il segnale sia diventato pi\u00f9 forte, ma perch\u00e9 l'amplificazione \u00e8 troppo alta. E pi\u00f9 dura questo stato, pi\u00f9 il sistema nervoso \u201eimpara\u201c a reagire in modo rapido e violento.<\/p>\n<h3>L'ipersensibilit\u00e0 come meccanismo protettivo, non come difetto<\/h3>\n<p>Un importante cambiamento di prospettiva consiste nel considerare l'ipersensibilit\u00e0 non come un difetto, ma come una reazione protettiva. Il corpo cerca di evitare i danni. Se ha imparato che determinati stimoli sono associati a stress, dolore o richieste eccessive, reagisce precocemente. Questo ha senso da un punto di vista evolutivo, ma diventa problematico se questa reazione protettiva diventa cronica e assume una vita propria.<\/p>\n<p>Vista sotto questa luce, l'MCS non \u00e8 un segno di debolezza, ma di un sistema che ha dovuto compensare troppo a lungo. A un certo punto, non resta che il freno d'emergenza. Questa visione prende sul serio le persone colpite senza costringerle a un ruolo di vittima. Spiega perch\u00e9 i sintomi sono reali, senza accusarli misticamente.<\/p>\n<h3>Perch\u00e9 il sistema nervoso potrebbe essere il denominatore comune<\/h3>\n<p>Se si guarda all'MCS da questa prospettiva, diventa chiaro il motivo per cui possono manifestarsi contemporaneamente tanti sintomi diversi. Il sistema nervoso \u00e8 l'interfaccia comune. Collega la percezione sensoriale, la tensione muscolare, la regolazione ormonale e l'elaborazione emotiva. Se questa interfaccia \u00e8 disturbata, non si manifesta in una singola area, ma in molte.<\/p>\n<p>Questo spiega anche perch\u00e9 gli approcci puramente legati alle sostanze o puramente psicologici spesso non sono sufficienti. Essi affrontano solo una parte del sistema alla volta. Se si vuole capire l'insieme, bisogna essere pronti a pensare alle relazioni funzionali, anche a quelle che a prima vista non hanno nulla a che fare con la chimica.<\/p>\n<p>Ed \u00e8 proprio qui che entra in gioco un'area sorprendentemente spesso trascurata: la mascella, i muscoli della testa e del collo e la loro stretta connessione con il sistema nervoso. Il prossimo capitolo si occupa quindi della CMD, non come problema periferico, ma come possibile amplificatore centrale di un sistema gi\u00e0 sovraccarico.<\/p>\n<p><img loading=\"lazy\" decoding=\"async\" class=\"alignnone wp-image-4149 size-large\" src=\"https:\/\/www.markus-schall.de\/wp-content\/uploads\/MCS-Entspannung.jpg\" alt=\"MCS - Sistema nervoso e CMD\" width=\"1024\" height=\"683\" srcset=\"https:\/\/www.markus-schall.de\/wp-content\/uploads\/MCS-Entspannung.jpg 1024w, https:\/\/www.markus-schall.de\/wp-content\/uploads\/MCS-Entspannung-300x200.jpg 300w, https:\/\/www.markus-schall.de\/wp-content\/uploads\/MCS-Entspannung-768x512.jpg 768w, https:\/\/www.markus-schall.de\/wp-content\/uploads\/MCS-Entspannung-18x12.jpg 18w\" sizes=\"auto, (max-width: 1024px) 100vw, 1024px\" \/><\/p>\n<h2>CMD: un componente spesso trascurato ma centrale<\/h2>\n<p>CMD \u00e8 l'acronimo di disfunzione cranio-mandibolare e descrive un disturbo funzionale nell'interazione tra le articolazioni temporo-mandibolari, i denti, i muscoli masticatori, il cranio e i sistemi muscolari e nervosi vicini. La parola chiave \u00e8 \u201efunzionale\u201c. Nella maggior parte dei casi, la CMD non \u00e8 un \"danno strutturale\" chiaramente visibile, ma piuttosto una disregolazione del movimento, della tensione e dello stress. \u00c8 proprio questo che la rende cos\u00ec difficile da capire e allo stesso tempo cos\u00ec efficace.<\/p>\n<p>Molte persone sono affette da CMD senza rendersene conto. Non perch\u00e9 non abbiano sintomi, ma perch\u00e9 raramente questi sintomi sono chiaramente attribuiti alla mandibola. Chi va dal medico per un mal di testa, un dolore al collo o un acufene non pensa automaticamente alla mandibola. E nemmeno molti medici. Di conseguenza, la CMD rimane spesso in secondo piano per anni, mentre altri disturbi assumono sempre pi\u00f9 una vita propria.<\/p>\n<h3>La mascella come fattore di stress permanente nel sistema<\/h3>\n<p>La mandibola \u00e8 uno dei sistemi pi\u00f9 sollecitati dell'organismo. Lavora costantemente: quando si mangia, si parla, si deglutisce e spesso inconsciamente quando si stringe o si digrigna. Allo stesso tempo, \u00e8 strettamente legata al sistema dello stress. Molte persone reagiscono allo stress aumentando la tensione della mandibola, spesso senza rendersene conto. Questo modello spesso si intensifica di notte.<\/p>\n<p>Se questa tensione diventa cronica, si sviluppa uno stato di irritazione permanente. I muscoli si attivano in modo permanente, le articolazioni vengono caricate in modo asimmetrico e i segnali vengono inviati al sistema nervoso centrale attraverso le connessioni nervose. Ci\u00f2 significa che la MCS non \u00e8 solo un problema localizzato alla mascella, ma un input continuo a un sistema nervoso gi\u00e0 sensibile. Per le persone affette da MCS, questo pu\u00f2 fare la differenza tra una relativa stabilit\u00e0 e una costante sovrastimolazione.<\/p>\n<h3>I tipici sintomi di accompagnamento e il motivo per cui spesso non si pensa ad essi insieme<\/h3>\n<p>La CMD raramente si manifesta in modo chiaro. Si manifesta invece attraverso una serie di sintomi di accompagnamento, che possono sembrare banali se considerati isolatamente, ma che sono significativi se combinati. Questi includono<\/p>\n<ul>\n<li>Acufeni o ronzii nelle orecchie senza una chiara causa otorinolaringoiatrica<\/li>\n<li>Sensazione di pressione o di corpi estranei nell'orecchio<\/li>\n<li>Digrignamento o serramento dei denti, spesso inosservato<\/li>\n<li>Dolore al collo e alle spalle<\/li>\n<li>Mal di testa, soprattutto cefalea tensiva<\/li>\n<li>Mal di schiena o postura scorretta unilaterale<\/li>\n<\/ul>\n<p>Molti di questi sintomi sono presenti anche nei soggetti affetti da MCS. Spesso vengono trattati separatamente o liquidati come \u201eeffetti collaterali\u201c. Ci\u00f2 che si perde in questo processo \u00e8 la visione dell'elemento di connessione. La MCS agisce come un amplificatore: aumenta la tensione di base del sistema e quindi abbassa la soglia di stimolo. In questo stato, il corpo reagisce inevitabilmente in modo pi\u00f9 sensibile, anche agli stimoli chimici.<\/p>\n<h3>Vicinanza al sistema nervoso: anatomia e conseguenze<\/h3>\n<p>Un punto centrale \u00e8 la vicinanza anatomica della mascella a importanti strutture nervose. Il nervo trigemino, uno dei nervi cranici pi\u00f9 grandi, \u00e8 direttamente coinvolto nel controllo sensoriale e motorio della mascella. Svolge un ruolo decisivo nella percezione del dolore, della pressione e della tensione nella zona del viso e della testa. Un'irritazione permanente o una tensione errata in questa zona pu\u00f2 avere un effetto duraturo sul sistema nervoso.<\/p>\n<p>Questo non significa che la CMD provochi automaticamente disturbi neurologici. Ma significa che tiene il sistema nervoso costantemente \u201eoccupato\u201c. Per un sistema gi\u00e0 stressato, questo \u00e8 un ulteriore fattore di stress. Questo input costante pu\u00f2 giocare un ruolo decisivo, soprattutto nel caso dell'MCS, dove l'elaborazione degli stimoli \u00e8 gi\u00e0 sensibile.<\/p>\n<h3>Perch\u00e9 la CMD \u00e8 raramente la causa, ma spesso lo sfondo<\/h3>\n<p>Raramente la MCD \u00e8 l'unico fattore scatenante di sintomi complessi come l'MCS. Ma spesso lavora in background, in modo silenzioso, costante e per anni. \u00c8 proprio per questo che viene sottovalutata. Non fa ammalare in modo spettacolare, ma rende gradualmente pi\u00f9 sensibili. E modifica il modo in cui l'organismo elabora gli stimoli senza che ci\u00f2 sia immediatamente percepibile.<\/p>\n<p>In combinazione con stress, tensione emotiva o stimoli ambientali veri e propri, la CMD pu\u00f2 causare un'inclinazione del sistema. Il punto cruciale non \u00e8 se la CMD spiega tutto, ma se fornisce una parte della spiegazione che prima mancava. Per molti malati \u00e8 proprio questo il caso.<\/p>\n<h3>La cavit\u00e0 orale come fattore sottovalutato nell'MCS e nello stress sistemico<\/h3>\n<p><a href=\"https:\/\/www.markus-schall.de\/it\/2025\/09\/pulizia-dentale-sensata-o-esagerata-una-visione-differenziata\/\"><img loading=\"lazy\" decoding=\"async\" class=\"alignright size-medium wp-image-2928\" src=\"https:\/\/www.markus-schall.de\/wp-content\/uploads\/zahnreinigung-sinnvoll-300x200.png\" alt=\"Pulizia dentale: ogni quanto ha senso?\" width=\"300\" height=\"200\" srcset=\"https:\/\/www.markus-schall.de\/wp-content\/uploads\/zahnreinigung-sinnvoll-300x200.png 300w, https:\/\/www.markus-schall.de\/wp-content\/uploads\/zahnreinigung-sinnvoll-1024x683.png 1024w, https:\/\/www.markus-schall.de\/wp-content\/uploads\/zahnreinigung-sinnvoll-768x512.png 768w, https:\/\/www.markus-schall.de\/wp-content\/uploads\/zahnreinigung-sinnvoll-18x12.png 18w, https:\/\/www.markus-schall.de\/wp-content\/uploads\/zahnreinigung-sinnvoll.png 1536w\" sizes=\"auto, (max-width: 300px) 100vw, 300px\" \/><\/a>Un aspetto spesso trascurato nel contesto della sensibilit\u00e0 chimica multipla \u00e8 la condizione della cavit\u00e0 orale stessa. I denti, le gengive e, in particolare, i depositi o i processi infiammatori esistenti possono essere una fonte permanente di irritazione che mette a dura prova il sistema nervoso. Per le persone sensibili, in particolare, la combinazione di prodotti metabolici batterici, eventuali intolleranze ai materiali e stimoli meccanici pu\u00f2 giocare un ruolo che va ben oltre quello classicamente inteso come \u201ecura dei denti\u201c. Allo stesso tempo, c'\u00e8 un'area di tensione: mentre la pulizia regolare dei denti pu\u00f2 contribuire a ridurre questo stress, si pone la questione di quanto intensamente e con quali metodi venga eseguita - soprattutto nel caso di persone sensibili. Ho affrontato questo argomento in modo differenziato in un articolo separato. <a href=\"https:\/\/www.markus-schall.de\/it\/2025\/09\/pulizia-dentale-sensata-o-esagerata-una-visione-differenziata\/\"><strong>Articoli sulla pulizia professionale dei denti<\/strong><\/a> che si concentra proprio sul compromesso tra benefici, sovratrattamento e tollerabilit\u00e0 individuale.<\/p>\n<h3>La CMD come legame tra il corpo e l'ipersensibilit\u00e0 agli stimoli<\/h3>\n<p>Se l'MCS non viene considerata isolatamente, ma in combinazione, la CMD diventa un collegamento plausibile. Combina lo stress meccanico con l'elaborazione degli stimoli nervosi. Spiega perch\u00e9 i sintomi sono fisicamente reali senza essere fissati su valori di soglia tossici. E spiega perch\u00e9 gli approcci tradizionali spesso non hanno successo se non si tiene conto di questo fattore funzionale.<\/p>\n<p>La CMD non \u00e8 un termine alla moda o una nuova scoperta. \u00c8 un fenomeno ben noto che negli ultimi decenni \u00e8 stato semplicemente emarginato. \u00c8 proprio per questo che vale la pena riportarlo al centro della scena in disturbi complessi come l'MCS, non come unica causa, ma come parte essenziale di un contesto pi\u00f9 ampio, spesso trascurato.<\/p>\n<div style=\"overflow-x: auto; -webkit-overflow-scrolling: touch;\">\n<table style=\"border-collapse: collapse; width: 100%; line-height: 1.35;\">\n<thead>\n<tr style=\"background: #f2f2f2;\">\n<th style=\"border: 1px solid #ddd; padding: 10px; text-align: left; vertical-align: top;\">Area \/ Focus<\/th>\n<th style=\"border: 1px solid #ddd; padding: 10px; text-align: left; vertical-align: top;\">Sintomi tipici (esempi)<\/th>\n<th style=\"border: 1px solid #ddd; padding: 10px; text-align: left; vertical-align: top;\">Come pu\u00f2 essere collegato all'MCS?<\/th>\n<th style=\"border: 1px solid #ddd; padding: 10px; text-align: left; vertical-align: top;\">Note \/ autocontrollo (adatto all'uso quotidiano)<\/th>\n<th style=\"border: 1px solid #ddd; padding: 10px; text-align: left; vertical-align: top;\">Diagnostica sensibile \/ chiarimenti<\/th>\n<th style=\"border: 1px solid #ddd; padding: 10px; text-align: left; vertical-align: top;\">Possibili passi successivi (senza promesse di cura)<\/th>\n<th style=\"border: 1px solid #ddd; padding: 10px; text-align: left; vertical-align: top;\">Specialisti adatti<\/th>\n<\/tr>\n<\/thead>\n<tbody>\n<tr>\n<td style=\"border: 1px solid #ddd; padding: 10px; vertical-align: top;\"><strong>Sistema nervoso \/ elaborazione degli stimoli<\/strong><br \/>\n(sistema nervoso autonomo, regolazione dello stress)<\/td>\n<td style=\"border: 1px solid #ddd; padding: 10px; vertical-align: top;\">Ipersensibilit\u00e0 agli stimoli (odori, rumore, luce), irrequietezza interiore, disturbi del sonno, spossatezza, palpitazioni, sonnolenza, problemi di concentrazione, \u201esensazione di allarme\u201c.\u201c<\/td>\n<td style=\"border: 1px solid #ddd; padding: 10px; vertical-align: top;\">Se il sistema \u00e8 permanentemente \u201eupregolato\u201c, pu\u00f2 giudicare pi\u00f9 rapidamente gli stimoli come un pericolo. Gli stimoli ambientali normali sembrano allora soggettivamente \u201etroppo forti\u201c, anche se oggettivamente sono invariati.<\/td>\n<td style=\"border: 1px solid #ddd; padding: 10px; vertical-align: top;\">I sintomi si presentano spesso a fasi alterne? Esiste un livello di tensione di base? I sintomi si manifestano anche senza un chiaro fattore scatenante (ad esempio, dopo giornate stressanti)? Le reazioni sono talvolta ritardate?<\/td>\n<td style=\"border: 1px solid #ddd; padding: 10px; vertical-align: top;\">Anamnesi medica con particolare attenzione a stress\/rigenerazione, sonno, sintomi autonomici; misurazione dell'HRV se necessario (come indicatore di tendenza), esclusione di cause organiche a seconda dei sintomi.<\/td>\n<td style=\"border: 1px solid #ddd; padding: 10px; vertical-align: top;\">Auto-osservazione strutturata (protocollo dei sintomi e del contesto), attento controllo dello stress, routine di sonno\/rigenerazione, se necessario fisioterapia\/rilassamento orientati al sistema nervoso (senza dogmi).<\/td>\n<td style=\"border: 1px solid #ddd; padding: 10px; vertical-align: top;\"><strong>Medico di base<\/strong> (coordinazione), neurologia (per i segnali di allarme), psicosomatica (se buona e rispettosa), fisioterapia con particolare attenzione alla regolazione\/respirazione, terapia del dolore se necessaria.<\/td>\n<\/tr>\n<tr>\n<td style=\"border: 1px solid #ddd; padding: 10px; vertical-align: top;\"><strong>CMD \/ TMD<\/strong><br \/>\n(articolazione temporo-mandibolare, muscoli masticatori, posizione del morso)<\/td>\n<td style=\"border: 1px solid #ddd; padding: 10px; vertical-align: top;\">Digrignamento dei denti, scatto della mandibola, dolore alla mascella, dolore facciale, cefalea tensiva, acufene\/pressione auricolare, dolore al collo e alle spalle, apertura limitata della mandibola.<\/td>\n<td style=\"border: 1px solid #ddd; padding: 10px; vertical-align: top;\">La tensione permanente della mandibola pu\u00f2 \u201etrascinare\u201c il sistema nervoso. Una soglia di stimolo pi\u00f9 bassa pu\u00f2 contribuire a far s\u00ec che gli stimoli ambientali (odori, ecc.) scatenino pi\u00f9 rapidamente reazioni di stress.<\/td>\n<td style=\"border: 1px solid #ddd; padding: 10px; vertical-align: top;\">Mascella stanca\/tesa al mattino? Il dentista parla di \u201eabrasione\u201c? Frequenti serraggi dovuti allo stress? Acufeni + tensione al collo? Disturbi su un lato? La mandibola sembra \u201enon centrata\u201c?<\/td>\n<td style=\"border: 1px solid #ddd; padding: 10px; vertical-align: top;\">Diagnosi CMD\/TMD (analisi funzionale), palpazione dei muscoli masticatori, mobilit\u00e0 della mandibola, controllo del morso\/occlusione; bite splint se necessario; ulteriori chiarimenti in base ai risultati.<\/td>\n<td style=\"border: 1px solid #ddd; padding: 10px; vertical-align: top;\">Terapia specifica per la CMD (stecca + fisioterapia mirata), gestione dello stress\/bruxismo, sollievo della mascella\/del collo; monitorare i progressi anzich\u00e9 \u201etutto in una volta\u201c.<\/td>\n<td style=\"border: 1px solid #ddd; padding: 10px; vertical-align: top;\"><strong>Specialista CMD<\/strong> (dentista con diagnosi funzionale), fisioterapia specializzata, eventualmente ortodonzia (a seconda del caso), otorino per la diagnosi differenziale degli acufeni<\/td>\n<\/tr>\n<tr>\n<td style=\"border: 1px solid #ddd; padding: 10px; vertical-align: top;\"><strong>Postura e statica del corpo inadeguate<\/strong><br \/>\n(rachide cervicale, cintura scapolare, colonna vertebrale)<\/td>\n<td style=\"border: 1px solid #ddd; padding: 10px; vertical-align: top;\">Dolore al collo\/alla schiena, trazione delle spalle, tensione tra le scapole, mal di testa, vertigini (funzionali), tensione alla mascella\/alla faccia, respirazione limitata (toracica)<\/td>\n<td style=\"border: 1px solid #ddd; padding: 10px; vertical-align: top;\">La tensione muscolare cronica pu\u00f2 mantenere attivo il sistema nervoso autonomo. Anche la postura e il funzionamento della mandibola possono influenzarsi a vicenda (catene di tensione).<\/td>\n<td style=\"border: 1px solid #ddd; padding: 10px; vertical-align: top;\">State molto seduti? Postura \u201ein avanti\u201c? Sforzo unilaterale? Miglioramento grazie al movimento\/allungamento? Tensione al collo e sensibilit\u00e0 alle irritazioni? Respirazione superficiale e frequente?<\/td>\n<td style=\"border: 1px solid #ddd; padding: 10px; vertical-align: top;\">Analisi funzionale della postura, controllo della mobilit\u00e0 del rachide cervicale\/colonna vertebrale, catene muscolari; chiarimenti ortopedici in presenza di segnali di allarme; se necessario, diagnostica per immagini solo in caso di sospetto concreto.<\/td>\n<td style=\"border: 1px solid #ddd; padding: 10px; vertical-align: top;\">Fisio\/allenamento mirato (colonna vertebrale cervicale, controllo delle scapole), regolazioni ergonomiche, accumulo lento anzich\u00e9 sovraccarico; attenzione all'idoneit\u00e0 all'uso quotidiano.<\/td>\n<td style=\"border: 1px solid #ddd; padding: 10px; vertical-align: top;\"><strong>Ortopedia<\/strong> (se necessario), fisioterapia, eventualmente osteopatia (se ritenuta idonea), terapia sportiva\/di allenamento<\/td>\n<\/tr>\n<tr>\n<td style=\"border: 1px solid #ddd; padding: 10px; vertical-align: top;\"><strong>Sintomi otorinolaringoiatrici<\/strong><br \/>\n(acufene, pressione auricolare)<\/td>\n<td style=\"border: 1px solid #ddd; padding: 10px; vertical-align: top;\">Acufeni, pressione auricolare, sensibilit\u00e0 al rumore, alterazione della percezione uditiva, vertigini (a seconda della causa).<\/td>\n<td style=\"border: 1px solid #ddd; padding: 10px; vertical-align: top;\">I sintomi auricolari possono essere indipendenti, ma spesso si presentano insieme alla MCS e alla tensione cervicale. Nel caso dell'MCS, possono far parte di una generale ipersensibilit\u00e0 agli stimoli.<\/td>\n<td style=\"border: 1px solid #ddd; padding: 10px; vertical-align: top;\">L'acufene oscilla con lo stress? Peggiora quando si stringe la mascella? Il movimento della mandibola modifica il rumore? La tensione del collo \u00e8 parallela? Migliora in vacanza\/nel riposo?<\/td>\n<td style=\"border: 1px solid #ddd; padding: 10px; vertical-align: top;\">Chiarimento otorinolaringoiatrico (test dell'udito, diagnosi differenziale), esclusione di cause acute se necessario; in caso di sospette co-cause funzionali (CMD\/spina) controllare anche.<\/td>\n<td style=\"border: 1px solid #ddd; padding: 10px; vertical-align: top;\">Vista combinata: HNO + CMD + HWS. Non fissarsi su \u201euna\u201c causa. La terapia dipende dai risultati (ad es. splint\/physio, regolazione dello stress).<\/td>\n<td style=\"border: 1px solid #ddd; padding: 10px; vertical-align: top;\"><strong>Medico otorinolaringoiatra<\/strong>, Se necessario, audiologia; inoltre, specialista CMD\/fisioterapia se ci sono indicazioni di un coinvolgimento funzionale.<\/td>\n<\/tr>\n<tr>\n<td style=\"border: 1px solid #ddd; padding: 10px; vertical-align: top;\"><strong>Medicina ambientale \/ Esposizione<\/strong><br \/>\n(Innesco, ambiente)<\/td>\n<td style=\"border: 1px solid #ddd; padding: 10px; vertical-align: top;\">Reazioni a odori\/chimiche, irritazione delle mucose, mal di testa, nausea, sonnolenza, \u201enebbia cerebrale\u201c, reazioni cutanee (a seconda della persona)<\/td>\n<td style=\"border: 1px solid #ddd; padding: 10px; vertical-align: top;\">Le esposizioni possono essere fattori scatenanti. Per molti malati, tuttavia, il fattore decisivo \u00e8 il fatto che la soglia di stimolo sia cos\u00ec bassa (sistema di regolazione).<\/td>\n<td style=\"border: 1px solid #ddd; padding: 10px; vertical-align: top;\">Ci sono chiari fattori scatenanti (profumo, solvente, fumo)? Le reazioni sono immediate o ritardate? Ci sono \u201eeffetti cumulativi\u201c dopo diverse esposizioni?<\/td>\n<td style=\"border: 1px solid #ddd; padding: 10px; vertical-align: top;\">Anamnesi medica, analisi dell'esposizione, controllo dell'ambiente di lavoro\/casa se necessario; escludere altre cause. Attenzione alle \u201ebatterie di test\u201c costose e speculative, prive di un chiaro significato.<\/td>\n<td style=\"border: 1px solid #ddd; padding: 10px; vertical-align: top;\">Ridurre i fattori scatenanti senza scivolare nell'evitamento totale. Allo stesso tempo, controllare i fattori regolatori (sistema nervoso\/CMD\/postura) per influenzare la soglia dello stimolo a lungo termine.<\/td>\n<td style=\"border: 1px solid #ddd; padding: 10px; vertical-align: top;\"><strong>Medico ambientale<\/strong> (affidabile, basato sull'evidenza), medico del lavoro (per l'esposizione professionale), eventualmente allergologo\/immunologo a seconda dei sintomi.<\/td>\n<\/tr>\n<tr>\n<td style=\"border: 1px solid #ddd; padding: 10px; vertical-align: top;\"><strong>Auto-osservazione \/ riconoscimento dei modelli<\/strong><br \/>\n(riflessione, ritardo)<\/td>\n<td style=\"border: 1px solid #ddd; padding: 10px; vertical-align: top;\">\u201eInneschi poco chiari\u201c, intensit\u00e0 variabile, sintomi ritardati, sensazione di perdita di controllo, rimuginazione (\u201eCosa \u00e8 stato questa volta?\u201c)<\/td>\n<td style=\"border: 1px solid #ddd; padding: 10px; vertical-align: top;\">I ritardi temporali rendono pi\u00f9 difficile la categorizzazione. La riflessione strutturata pu\u00f2 aiutare a riconoscere e ad alleviare gli effetti cumulativi (stress + stimolo + mancanza di sonno).<\/td>\n<td style=\"border: 1px solid #ddd; padding: 10px; vertical-align: top;\">Protocollo breve: sonno, stress, stimoli particolari, tensione fisica (mandibola\/nuca), sintomi + tempo. I modelli emergono spesso dopo 2-4 settimane.<\/td>\n<td style=\"border: 1px solid #ddd; padding: 10px; vertical-align: top;\">Nessuna \u201ediagnostica\u201c, ma un'aggiunta preziosa per le consultazioni mediche. Opzionale: riflessione strutturata con un'intelligenza artificiale (ad esempio, per ordinare le osservazioni).<\/td>\n<td style=\"border: 1px solid #ddd; padding: 10px; vertical-align: top;\">Individuare modelli, stabilire priorit\u00e0, ridurre il panico inutile. Obiettivo: comprensione anzich\u00e9 controllo ossessivo. Inserire i risultati nelle discussioni diagnostiche in modo mirato.<\/td>\n<td style=\"border: 1px solid #ddd; padding: 10px; vertical-align: top;\"><strong>Medico di base\/coordinatore<\/strong>, Psicosomatica (se appropriata), fisioterapia; nessun \u201edovere specialistico\u201c: si tratta di un approccio pulito.<\/td>\n<\/tr>\n<tr>\n<td style=\"border: 1px solid #ddd; padding: 10px; vertical-align: top;\"><strong>Segnali di pericolo<\/strong><br \/>\n(quando rivolgersi immediatamente al medico)<\/td>\n<td style=\"border: 1px solid #ddd; padding: 10px; vertical-align: top;\">Improvvisi deficit neurologici, forte dolore toracico, respiro affannoso, perdita acuta dell'udito, forte gonfiore\/reazioni allergiche, perdita di peso inspiegabile, febbre.<\/td>\n<td style=\"border: 1px solid #ddd; padding: 10px; vertical-align: top;\">L'MCS pu\u00f2 coesistere con altre malattie. I segnali di allarme non devono essere \u201einterpretati\u201c.<\/td>\n<td style=\"border: 1px solid #ddd; padding: 10px; vertical-align: top;\">In caso di sintomi acuti o nuovi sintomi gravi: non aspettare, non discutere, ma chiedere un chiarimento al medico.<\/td>\n<td style=\"border: 1px solid #ddd; padding: 10px; vertical-align: top;\">Chiarimento medico secondo le linee guida in base ai sintomi (emergenza\/servizio di emergenza\/medico).<\/td>\n<td style=\"border: 1px solid #ddd; padding: 10px; vertical-align: top;\">Prima di tutto stabilire la sicurezza, poi considerare le relazioni funzionali.<\/td>\n<td style=\"border: 1px solid #ddd; padding: 10px; vertical-align: top;\"><strong>Medicina d'urgenza<\/strong>, Medico di base, specialista a seconda dei risultati<\/td>\n<\/tr>\n<\/tbody>\n<\/table>\n<\/div>\n<h2>Perch\u00e9 la diagnostica CMD pu\u00f2 essere utile per chi soffre di MCS<\/h2>\n<p>Una diagnosi di MCD non \u00e8 una cura miracolosa e certamente non \u00e8 una spiegazione generalizzata per tutte le forme di MCS. Sarebbe dubbio. \u00c8 proprio per questo che \u00e8 interessante. Non promette una \u201ecura\u201c, ma fornisce risultati verificabili: disallineamenti, tensioni muscolari, asimmetrie, sovraccarichi. Cose che si possono vedere, misurare, sentire e osservare nel tempo.<\/p>\n<p>Per molte persone affette da MCS, questa \u00e8 una differenza cruciale. Invece di rimanere sul vago o di rimanere intrappolati tra teorie ambientali e psicologiche, la diagnostica CMD apre un approccio funzionale. Non si chiede in primo luogo perch\u00e9 una persona reagisce in modo sensibile, ma dove nel sistema c'\u00e8 una tensione permanente, un malfunzionamento o un sovraccarico. \u00c8 un approccio concreto, pratico e privo di carica ideologica.<\/p>\n<h3>Lo sguardo funzionale: Elaborazione dello stimolo anzich\u00e9 evitamento dello stesso<\/h3>\n<p>Un vantaggio fondamentale della prospettiva CMD \u00e8 che sposta l'attenzione dal singolo stimolo all'elaborazione dello stimolo. Questo non significa ignorare i fattori scatenanti. Ma significa allargare la visuale: Se la mandibola \u00e8 costantemente in tensione, se le catene muscolari nella zona del collo e delle spalle sono costantemente attivate, se il sistema nervoso autonomo \u00e8 costantemente \u201etrascinato\u201c, il corpo reagisce inevitabilmente in modo pi\u00f9 sensibile.<\/p>\n<p>In questo stato, un odore che prima era appena percepito pu\u00f2 essere improvvisamente percepito come massicciamente disturbante o minaccioso. Non perch\u00e9 la sostanza sia diventata oggettivamente pi\u00f9 pericolosa, ma perch\u00e9 il sistema sta gi\u00e0 lavorando al limite. In questo senso, la CMD non \u00e8 un problema dentale o mascellare isolato, ma fa parte di un carico funzionale complessivo. \u00c8 proprio questo che lo rende rilevante per chi soffre di MCS.<\/p>\n<h3>Quando una valutazione CMD \u00e8 particolarmente utile<\/h3>\n<p>Una diagnosi di MCD \u00e8 particolarmente utile se l'MCS non \u00e8 isolata, ma \u00e8 accompagnata da altri sintomi tipici. Questi includono, tra gli altri:<\/p>\n<ul>\n<li>Acufeni o pressione auricolare<\/li>\n<li>Digrignamento dei denti, spesso anche di notte.<\/li>\n<li>Dolore al collo e alle spalle<\/li>\n<li>Mal di testa ricorrenti<\/li>\n<li>Dolore alla schiena senza una chiara causa ortopedica<\/li>\n<li>la sensazione di \u201enon essere mai veramente liberi\u201c<\/li>\n<\/ul>\n<p>Spesso questi sintomi vengono trattati singolarmente o semplicemente accettati. Tuttavia, se considerati nel loro insieme, formano un modello che indica fortemente una disregolazione permanente. Una diagnosi di CMD pu\u00f2 aiutare a visualizzare connessioni che in precedenza erano percepite solo in modo diffuso.<\/p>\n<h3>Perch\u00e9 la chiarezza \u00e8 spesso pi\u00f9 importante della terapia perfetta<\/h3>\n<p>Molti malati passano anni a cercare la causa o il trattamento giusto. Spesso trascurano il sollievo che pu\u00f2 dare una migliore comprensione del proprio corpo. Sapere che ci sono ragioni funzionali per certe reazioni toglie pressione al sistema. Sostituisce i sensi di colpa con la categorizzazione e l'impotenza con l'orientamento.<\/p>\n<p>La diagnostica CMD non fornisce risposte semplici, ma riduce il caos. E questo da solo pu\u00f2 avere un impatto misurabile sul sistema nervoso. Perch\u00e9 un sistema che comprende ci\u00f2 che sta accadendo reagisce spesso con meno panico di uno che \u00e8 perennemente all'oscuro di tutto.<\/p>\n<h3>L'auto-osservazione e la riflessione: un elemento di costruzione sottovalutato<\/h3>\n<p>Un aspetto spesso trascurato nelle considerazioni mediche \u00e8 il ritardo dei sintomi. Molte reazioni non si manifestano immediatamente, ma a distanza di ore o addirittura giorni. Questo rende estremamente difficile la categorizzazione. Si ricorda l'odore di ieri, ma non lo stress del giorno prima. Oppure si avvertono oggi sintomi la cui causa scatenante \u00e8 scomparsa da tempo dalla coscienza.<\/p>\n<p>\u00c8 qui che pu\u00f2 essere utile utilizzare un'auto-riflessione strutturata, non come sostituto della diagnostica, ma come complemento. Gli strumenti moderni, come le conversazioni supportate dall'intelligenza artificiale o le note strutturate, possono aiutare a riconoscere gli schemi: Quando si manifestano i sintomi? In quale contesto? Dopo quali sollecitazioni? Con quali ritardi? Proprio perch\u00e9 il sistema nervoso non reagisce in modo lineare, ma cumulativo, questo tipo di riflessione \u00e8 spesso pi\u00f9 informativo dei ricordi selettivi.<\/p>\n<p>L'importante non \u00e8 analizzare per controllarsi, ma osservare per capire il contesto. Se si riesce a categorizzare i sintomi nel tempo, si perde un po' di impotenza e questo ha spesso un effetto regolatore.<\/p>\n<h3>Suggerimento di lettura: quando i sintomi hanno pi\u00f9 a che fare l'uno con l'altro di quanto si pensi<\/h3>\n<p><a href=\"https:\/\/www.markus-schall.de\/it\/2026\/04\/riconoscere-precocemente-la-cmd-e-fare-un-autotest-per-capire-perche-mandibola-collo-testa-e-orecchie-sono-spesso-insieme\/\"><img loading=\"lazy\" decoding=\"async\" class=\"alignright size-medium wp-image-5659\" src=\"https:\/\/www.markus-schall.de\/wp-content\/uploads\/Medizinische-Skizze-mit-Checkliste-300x200.jpg\" alt=\"Autotest CMD\" width=\"300\" height=\"200\" srcset=\"https:\/\/www.markus-schall.de\/wp-content\/uploads\/Medizinische-Skizze-mit-Checkliste-300x200.jpg 300w, https:\/\/www.markus-schall.de\/wp-content\/uploads\/Medizinische-Skizze-mit-Checkliste-768x512.jpg 768w, https:\/\/www.markus-schall.de\/wp-content\/uploads\/Medizinische-Skizze-mit-Checkliste-18x12.jpg 18w, https:\/\/www.markus-schall.de\/wp-content\/uploads\/Medizinische-Skizze-mit-Checkliste.jpg 1024w\" sizes=\"auto, (max-width: 300px) 100vw, 300px\" \/><\/a>Per problemi complessi come la sensibilit\u00e0 chimica multipla, spesso si cercano cause isolate: ambiente, sostanze, reazioni. Tuttavia, \u00e8 sempre pi\u00f9 evidente che anche le connessioni funzionali del corpo possono svolgere un ruolo, in particolare nell'area del sistema nervoso e della mandibola. \u00c8 proprio qui che pu\u00f2 essere utile un esame strutturato dei sintomi tipici della CMD. Il <a href=\"https:\/\/www.markus-schall.de\/it\/2026\/04\/riconoscere-precocemente-la-cmd-e-fare-un-autotest-per-capire-perche-mandibola-collo-testa-e-orecchie-sono-spesso-insieme\/\"><strong>Autotest CMD<\/strong><\/a> vi guida attraverso le varie aree di disturbo e rivela se \u00e8 possibile riconoscere un modello che va al di l\u00e0 dei singoli fattori scatenanti. Se i sintomi rimangono vaghi o non possono essere chiaramente classificati, questo approccio pu\u00f2 aiutare ad acquisire un'ulteriore prospettiva - con calma, obiettivit\u00e0 e senza saltare alle conclusioni.<\/p>\n<h3>La diagnostica CMD come parte di un quadro pi\u00f9 ampio<\/h3>\n<p>Il punto cruciale \u00e8 che la diagnostica della CMD non deve essere considerata in modo isolato. Non \u00e8 un'antagonista della medicina ambientale o una concorrente della psicosomatica. Essa integra entrambe le prospettive con un livello funzionale che spesso viene trascurato nella vita di tutti i giorni. Per chi soffre di MCS, questo pu\u00f2 significare avere finalmente un approccio tangibile che non banalizza n\u00e9 drammatizza.<\/p>\n<p>Non tutti i casi di MCS hanno a che fare con il CMD. Ma in molti casi vale la pena di far controllare almeno questo aspetto. Non per sperare in una soluzione rapida, ma per rispetto della complessit\u00e0 del proprio corpo. A volte il passo successivo pi\u00f9 sensato non \u00e8 quello spettacolare, ma quello pi\u00f9 ovvio, quello che semplicemente non si era mai visto prima.<\/p>\n<p><img loading=\"lazy\" decoding=\"async\" class=\"alignnone wp-image-4150 size-large\" src=\"https:\/\/www.markus-schall.de\/wp-content\/uploads\/MCS-Sebstreflexion.jpg\" alt=\"MCS - diagnosi e auto-riflessione\" width=\"1024\" height=\"683\" srcset=\"https:\/\/www.markus-schall.de\/wp-content\/uploads\/MCS-Sebstreflexion.jpg 1024w, https:\/\/www.markus-schall.de\/wp-content\/uploads\/MCS-Sebstreflexion-300x200.jpg 300w, https:\/\/www.markus-schall.de\/wp-content\/uploads\/MCS-Sebstreflexion-768x512.jpg 768w, https:\/\/www.markus-schall.de\/wp-content\/uploads\/MCS-Sebstreflexion-18x12.jpg 18w\" sizes=\"auto, (max-width: 1024px) 100vw, 1024px\" \/><\/p>\n<h2>Stato attuale della ricerca: MCS, sistema nervoso, MCD e postura<\/h2>\n<p>Nella letteratura scientifica odierna, la sensibilit\u00e0 chimica multipla (MCS) \u00e8 prevalentemente descritta come una sindrome complessa e multifattoriale. Non esiste ancora un meccanismo patologico standardizzato e generalmente accettato. Vengono invece discussi diversi fattori di influenza, tra cui aspetti neurologici, immunologici, ambientali e psicosociali. La ricerca concorda ampiamente sul fatto che l'MCS non pu\u00f2 essere spiegata in modo monocausale, ma colpisce diversi livelli contemporaneamente. .<\/p>\n<p>Questa categorizzazione \u00e8 in linea con l'esperienza di molti malati: i sintomi sono reali, riproducibili e angoscianti, ma non possono essere chiaramente attribuiti a un singolo organo o a un danno evidente. \u00c8 proprio questo che rende l'MCS difficile da classificare dal punto di vista medico e che spesso porta a tentativi di spiegazione insoddisfacenti.<\/p>\n<h3>Mancanza di studi diretti su MCS e CMD<\/h3>\n<p>Ad oggi, non esistono studi clinici importanti che colleghino esplicitamente l'MCS con la disfunzione cranio-mandibolare (CMD) o con una postura scorretta. Non esistono studi statisticamente affidabili che identifichino la MCD come causa dell'MCS, n\u00e9 studi che esaminino e analizzino sistematicamente i pazienti affetti da MCS per verificare la presenza di CMD.<\/p>\n<p>Questa lacuna nella ricerca \u00e8 importante da riconoscere. Tuttavia, non significa che una connessione sia stata esclusa, ma solo che non \u00e8 ancora stata studiata in modo specifico. Questa differenziazione \u00e8 fondamentale per una presentazione fattuale: la mancanza di prove non \u00e8 sinonimo di confutazione.<\/p>\n<h3>Ci\u00f2 che la ricerca su CMD e TMD sta gi\u00e0 dimostrando<\/h3>\n<p>Indipendentemente dall'MCS, tuttavia, esiste un numero crescente di studi sulla disfunzione cranio-mandibolare (CMD o TMD) che dimostrano le connessioni funzionali tra la mandibola, la postura e il controllo neuronale. Diversi <a href=\"https:\/\/www.researchgate.net\/publication\/369752092_Correlation_between_Temporomandibular_Disorders_TMD_and_Posture_Evaluated_trough_the_Diagnostic_Criteria_for_Temporomandibular_Disorders_DCTMD_A_Systematic_Review_with_Meta-Analysis\" target=\"_blank\" rel=\"noopener\"><strong>revisioni sistematiche<\/strong><\/a> e le meta-analisi dimostrano che i CMD\/TMD sono statisticamente correlati a deviazioni posturali e squilibri muscolari. In particolare, sottolinea che:<\/p>\n<ul>\n<li>La posizione della mandibola e la postura sono collegate attraverso circuiti di controllo neuronali<\/li>\n<li>le catene di tensione muscolare possono interessare tutto il corpo<\/li>\n<li>il sistema nervoso svolge un ruolo centrale nella coordinazione di questi sistemi<\/li>\n<\/ul>\n<p>Gli autori sottolineano inoltre che la correlazione non significa automaticamente causalit\u00e0. Tuttavia, la CMD viene sempre pi\u00f9 spesso considerata nella letteratura specialistica come un problema funzionale sistemico e non come un problema dentale o articolare isolato.<\/p>\n<h3>Approcci neurologici nella ricerca sull'MCS<\/h3>\n<p>Allo stesso tempo, alcune delle ricerche pi\u00f9 recenti sull'MCS si stanno concentrando sempre di pi\u00f9 su <a href=\"https:\/\/esmed.org\/MRA\/mra\/article\/view\/6463\" target=\"_blank\" rel=\"noopener\"><strong>meccanismi neurofisiologici<\/strong><\/a>. Le discussioni includono disturbi dell'elaborazione centrale degli stimoli, processi infiammatori neurogenici e un'aumentata sensibilit\u00e0 di alcuni sistemi recettoriali nel sistema nervoso centrale. Questi approcci avvicinano l'MCS a questioni funzionali e neurologiche piuttosto che alle classiche spiegazioni tossicologiche.<\/p>\n<p>Anche in questo caso si tratta di ipotesi e modelli, non di prove conclusive. Tuttavia, questi studi sottolineano un punto centrale dell'intero articolo: il sistema nervoso \u00e8 sempre pi\u00f9 al centro dell'attenzione quando si tratta di spiegare in modo plausibile l'MCS.<\/p>\n<h3>Classificazione: perch\u00e9 le relazioni funzionali sono plausibili<\/h3>\n<p>Se si affiancano questi filoni di ricerca, emerge un quadro coerente:<\/p>\n<ul>\n<li>L'MCS \u00e8 riconosciuta come una sindrome complessa che non pu\u00f2 essere spiegata chiaramente.<\/li>\n<li>La CMD \u00e8 descritta come un disturbo funzionale con effetto sistemico.<\/li>\n<li>L'elaborazione dello stimolo neurologico svolge un ruolo centrale in entrambi gli argomenti.<\/li>\n<\/ul>\n<p>Anche se ad oggi non esistono studi che colleghino direttamente l'MCS con la MCD o la postura scorretta, i risultati esistenti non contraddicono tale approccio. Al contrario: chiariscono che lo stress funzionale sul sistema nervoso \u00e8 un approccio d'esame sensato, soprattutto nei pazienti con sintomi multipli e apparentemente non correlati.<\/p>\n<p>Dal punto di vista odierno, si pu\u00f2 affermare che: Non esiste alcuna prova scientifica che la MCD o la postura scorretta causino l'MCS. Tuttavia, non c'\u00e8 nemmeno una ragione scientifica per escludere questi aspetti a priori. Le ricerche disponibili suggeriscono che il sistema nervoso svolge un ruolo fondamentale, sia nell'elaborazione degli stimoli sia nei disturbi funzionali come l'MCS.<\/p>\n<p>In questo contesto, sembra oggettivamente giustificato prendere in considerazione anche la diagnostica funzionale per le persone affette da MCS con sintomi aggiuntivi come acufeni, digrignamento dei denti o tensione muscolare cronica. Non come sostituto di altri approcci, ma come complemento e come tentativo di comprendere in modo pi\u00f9 olistico un insieme complesso di sintomi.<\/p>\n<h3>Approfondire l'argomento: il mio libro CMD come prospettiva supplementare<\/h3>\n<p><a href=\"https:\/\/schall-verlag.de\/buch-cmd.php\" target=\"_blank\" rel=\"noopener\"><img loading=\"lazy\" decoding=\"async\" class=\"alignright wp-image-2494\" src=\"https:\/\/www.markus-schall.de\/wp-content\/uploads\/Cover-Front.jpg\" alt=\"Libro: CMD - Il problema dimenticato della medicina moderna\" width=\"220\" height=\"311\" srcset=\"https:\/\/www.markus-schall.de\/wp-content\/uploads\/Cover-Front.jpg 1280w, https:\/\/www.markus-schall.de\/wp-content\/uploads\/Cover-Front-212x300.jpg 212w, https:\/\/www.markus-schall.de\/wp-content\/uploads\/Cover-Front-723x1024.jpg 723w, https:\/\/www.markus-schall.de\/wp-content\/uploads\/Cover-Front-768x1087.jpg 768w, https:\/\/www.markus-schall.de\/wp-content\/uploads\/Cover-Front-1085x1536.jpg 1085w, https:\/\/www.markus-schall.de\/wp-content\/uploads\/Cover-Front-8x12.jpg 8w\" sizes=\"auto, (max-width: 220px) 100vw, 220px\" \/><\/a>Nel mio <a href=\"https:\/\/www.markus-schall.de\/it\/2025\/08\/cmd-il-problema-dimenticato-della-medicina-moderna\/\"><strong>Libro CMD<\/strong><\/a> In questo articolo mi occupo proprio di queste connessioni che svolgono un ruolo centrale. Per anni ho avuto a che fare con sintomi che oggi vengono spesso classificati come MCS o almeno come sintomi simili all'MCS, in passato molto pi\u00f9 che oggi. \u00c8 stato solo quando mi \u00e8 stata diagnosticata la MCS che il quadro generale ha cominciato a delinearsi.<\/p>\n<p>Nel libro descrivo dettagliatamente quali sintomi ho sperimentato, come sono cambiati e perch\u00e9, a mio avviso, molti di essi non erano tanto reazioni ambientali isolate quanto l'espressione di una disregolazione funzionale. Se volete capire pi\u00f9 a fondo come la mandibola, il sistema nervoso, lo stress e l'ipersensibilit\u00e0 possono interagire, non vi troverete rimedi brevettati, ma una classificazione pacata e basata sull'esperienza - a complemento di questo articolo e come aiuto all'orientamento per il vostro percorso.<\/p>\n<h2>Uno sguardo sobrio ma incoraggiante al futuro<\/h2>\n<p>L'MCS \u00e8 una cosa seria, ma non \u00e8 un destino di cui si \u00e8 in balia. Chiunque abbia a che fare con l'MCS sa quanto possa essere estenuante questo argomento. Non solo per i sintomi in s\u00e9, ma anche per la costante ricerca di spiegazioni, le dichiarazioni contraddittorie e i numerosi vicoli ciechi in cui si pu\u00f2 finire. \u00c8 quindi ancora pi\u00f9 importante chiarire una cosa a questo punto: MCS non significa automaticamente stagnazione. N\u00e9 significa che esiste un solo modo ristretto di affrontare la situazione.<\/p>\n<p>Nella mia esperienza, una cosa in particolare si \u00e8 rivelata utile: allargare la prospettiva. Non nel senso di \u201eprovare tutto\u201c, ma nel senso di riconoscere le connessioni. La MCS \u00e8 complessa e i sistemi complessi raramente possono essere regolati con una sola leva.<\/p>\n<h3>Perch\u00e9 un'attenzione unilaterale spesso non porta da nessuna parte<\/h3>\n<p>Quando si ha a che fare con l'MCS, \u00e8 molto facile imbattersi in alcune narrazioni. Una di queste \u00e8 la forte attenzione alla disintossicazione, all'eliminazione e all'inquinamento ambientale. Non c'\u00e8 dubbio che questi argomenti siano giustificati. Diventa problematico quando si dichiara che sono l'unica spiegazione o addirittura l'unica speranza. Ci\u00f2 sottopone le persone colpite a un'enorme pressione: \u201etirar fuori\u201c costantemente qualcosa, evitare costantemente qualcosa, cercare costantemente la prossima misura.<\/p>\n<p>Secondo la mia esperienza, questo approccio \u00e8 spesso insufficiente. Non perch\u00e9 i fattori ambientali non abbiano un ruolo, ma perch\u00e9 non spiegano perch\u00e9 il sistema reagisce in modo cos\u00ec sensibile. Chi si concentra esclusivamente sulla disintossicazione corre il rischio di perdere di vista il sistema nervoso, il vero e proprio generatore dell'orologio. E un sistema nervoso costantemente in tensione pu\u00f2 essere calmato solo in misura limitata da misure esterne.<\/p>\n<h3>Prendere sul serio il sistema nervoso come centro chiave<\/h3>\n<p>Se l'MCS viene intesa come espressione di un sovraccarico di elaborazione degli stimoli, la prospettiva cambia. Non si tratta pi\u00f9 solo di eliminare gli stimoli, ma di rendere il sistema nuovamente controllabile. Non si tratta di un processo rapido, ma sensato. Il sistema nervoso risponde alla chiarezza, alla comprensione e al sollievo funzionale, non all'azionismo.<\/p>\n<p>In questo contesto, vale la pena di fare un esame onesto dei propri sintomi: Ci sono altri sintomi oltre alle sensibilit\u00e0 chimiche? Acufeni, digrignamento dei denti, dolori alla mascella o al collo, mal di schiena, problemi di sonno? Se \u00e8 cos\u00ec, allora ci sono molti elementi che fanno pensare che non si tratti solo di un problema ambientale isolato. Ed \u00e8 qui che una diagnosi di CMD pu\u00f2 essere un passo importante.<\/p>\n<h3>Perch\u00e9 una valutazione CMD pu\u00f2 essere incoraggiante<\/h3>\n<p>La diagnosi di CMD non \u00e8 un giudizio, ma un'informazione. Fornisce chiarezza dove prima c'erano solo congetture. E apre uno spazio di trattamento che non si basa sull'evitamento e sul ritiro, ma sul sollievo funzionale. Per molti, questo fa una differenza decisiva: invece di diventare sempre pi\u00f9 costretti, si ripristina il movimento, sia nella mente che nel corpo.<\/p>\n<p>Per questo motivo, consiglio vivamente a chi soffre di MCS e presenta sintomi aggiuntivi come acufeni o digrignamento dei denti di consultare almeno una volta un medico specializzato in CMD e di sottoporsi a una diagnosi accurata. Non come sostituto di altri approcci, ma come integrazione. A volte il prossimo passo sensato \u00e8 pi\u00f9 vicino di quanto si pensi.<\/p>\n<h3>Incoraggiamento invece di pressioni per essere perfetti<\/h3>\n<p>Infine, una cosa \u00e8 particolarmente importante per me: non si tratta di fare tutto \u201ebene\u201c. Si tratta di non scoraggiarsi. L'MCS costringe molte persone a un atteggiamento difensivo, sempre in guardia, sempre in allerta. Tuttavia, questo spesso aggrava il problema.<\/p>\n<p>Un cambio di prospettiva verso le connessioni funzionali, il sistema nervoso e la statica del corpo, pu\u00f2 aiutare a uscire da questo ciclo. Non immediatamente, non completamente, ma in modo evidente. E a volte \u00e8 proprio questo il primo passo per tornare ad avere pi\u00f9 fiducia nel proprio corpo.<\/p>\n<p>L'MCS richiede pazienza, certo. Ma non richiede di impegnarsi in un'unica spiegazione. Se si \u00e8 disposti ad aprire gli occhi e ad esaminare le connessioni meno ovvie, si ha una reale possibilit\u00e0, non di miracolo, ma di orientamento. E questo \u00e8 spesso l'inizio di tutto il resto.<\/p>\n<hr \/>\n\n\t\t\t<div class=\"display-post-types\">\n\n\t\t\t\t\t\t\t<style type=\"text\/css\">\n\t\t\t#dpt-wrapper-560 { --dpt-text-align: left;--dpt-image-crop: center;--dpt-border-radius: 5px;--dpt-h-gutter: 10px;--dpt-v-gutter: 8px; }\t\t\t<\/style>\n\t\t\t<style type=\"text\/css\">#dpt-wrapper-560 { --dpt-title-font-style:normal;--dpt-title-font-weight:600;--dpt-title-line-height:1.5;--dpt-title-text-decoration:none;--dpt-title-text-transform:none;--dpt-excerpt-font-style:normal;--dpt-excerpt-font-weight:400;--dpt-excerpt-line-height:1.5;--dpt-excerpt-text-decoration:none;--dpt-excerpt-text-transform:none;--dpt-meta1-font-style:normal;--dpt-meta1-font-weight:400;--dpt-meta1-line-height:1.9;--dpt-meta1-text-decoration:none;--dpt-meta1-text-transform:none;--dpt-meta2-font-style:normal;--dpt-meta2-font-weight:400;--dpt-meta2-line-height:1.9;--dpt-meta2-text-decoration:none;--dpt-meta2-text-transform:none; }<\/style><div class=\"dpt-main-header\">\n\t\t\t\t\t\t<div class=\"dpt-main-title\">\n\t\t\t\t\t\t\t<span class=\"dpt-main-title-text\">Altri articoli relativi a CMD<\/span>\n\t\t\t\t\t\t<\/div>\n\t\t\t\t\t\t\n\t\t\t\t\t\t\n\t\t\t\t\t\t\n\t\t\t\t\t\t<\/div>\t\t\t\n\t\t\t\t<div id=\"dpt-wrapper-560\" class=\"dpt-wrapper dpt-mag1 land1 dpt-cropped dpt-flex-wrap\" >\n\n\t\t\t\t\t\t\t\t\t\t\t<div class=\"dpt-entry has-thumbnail\" data-title=\"h\u00e4morrhoiden verstehen: warum haltung und statik oft die wahren ursachen sind\" data-id=\"3575\"  data-category=\"b\u00fccher gesundheit\" data-post_tag=\"buch cmd erfahrungen gesundheit h\u00e4morrhoiden ratgeber\">\n\t\t\t\t\t\t\t<div class=\"dpt-entry-wrapper\"><div class=\"dpt-featured-content\"><div class=\"dpt-permalink\"><a href=\"https:\/\/www.markus-schall.de\/it\/2025\/11\/capire-le-emorroidi-perche-la-postura-e-la-statica-sono-spesso-le-vere-cause\/\" class=\"dpt-permalink\"><span class=\"screen-reader-text\">Capire le emorroidi: Perch\u00e9 la postura e la statica sono spesso le vere cause<\/span><\/a><\/div><div class=\"dpt-thumbnail\"><div class=\"dpt-thumbnail-inner\"><img width=\"1024\" height=\"683\" class=\"attachment-full size-full\" alt=\"Emorroidi e postura scorretta\" context=\"dpt\" data-dpt-src=\"https:\/\/www.markus-schall.de\/wp-content\/uploads\/haemorrhoiden-fehlhaltungen.jpg\" data-dpt-sizes=\"(max-width: 1024px) 100vw, 1024px\" data-dpt-srcset=\"https:\/\/www.markus-schall.de\/wp-content\/uploads\/haemorrhoiden-fehlhaltungen.jpg 1024w, https:\/\/www.markus-schall.de\/wp-content\/uploads\/haemorrhoiden-fehlhaltungen-300x200.jpg 300w, https:\/\/www.markus-schall.de\/wp-content\/uploads\/haemorrhoiden-fehlhaltungen-768x512.jpg 768w, https:\/\/www.markus-schall.de\/wp-content\/uploads\/haemorrhoiden-fehlhaltungen-18x12.jpg 18w\" \/><\/div><span class=\"dpt-thumbnail-aspect-ratio\" style=\"padding-top: 75%\"><\/span><\/div><\/div><div class=\"sub-entry\"><h3 class=\"dpt-title\"><a class=\"dpt-title-link\" href=\"https:\/\/www.markus-schall.de\/it\/2025\/11\/capire-le-emorroidi-perche-la-postura-e-la-statica-sono-spesso-le-vere-cause\/\" rel=\"bookmark\">Capire le emorroidi: Perch\u00e9 la postura e la statica sono spesso le vere cause<\/a><\/h3><\/div><\/div>\n\t\t\t\t\t\t<\/div><!-- .dpt-entry -->\n\t\t\t\t\t\t\t\t\t\t\t\t<div class=\"dpt-entry has-thumbnail\" data-title=\"cmd \u2013 das vergessene problem der modernen medizin\" data-id=\"2493\"  data-category=\"b\u00fccher gesundheit\" data-post_tag=\"buch cmd gesundheit ratgeber verlag\">\n\t\t\t\t\t\t\t<div class=\"dpt-entry-wrapper\"><div class=\"dpt-featured-content\"><div class=\"dpt-permalink\"><a href=\"https:\/\/www.markus-schall.de\/it\/2025\/08\/cmd-il-problema-dimenticato-della-medicina-moderna\/\" class=\"dpt-permalink\"><span class=\"screen-reader-text\">CMD - Il problema dimenticato della medicina moderna<\/span><\/a><\/div><div class=\"dpt-thumbnail\"><div class=\"dpt-thumbnail-inner\"><img width=\"1280\" height=\"1812\" class=\"attachment-full size-full\" alt=\"Libro: CMD - Il problema dimenticato della medicina moderna\" context=\"dpt\" data-dpt-src=\"https:\/\/www.markus-schall.de\/wp-content\/uploads\/Cover-Front.jpg\" data-dpt-sizes=\"(max-width: 1280px) 100vw, 1280px\" data-dpt-srcset=\"https:\/\/www.markus-schall.de\/wp-content\/uploads\/Cover-Front.jpg 1280w, https:\/\/www.markus-schall.de\/wp-content\/uploads\/Cover-Front-212x300.jpg 212w, https:\/\/www.markus-schall.de\/wp-content\/uploads\/Cover-Front-723x1024.jpg 723w, https:\/\/www.markus-schall.de\/wp-content\/uploads\/Cover-Front-768x1087.jpg 768w, https:\/\/www.markus-schall.de\/wp-content\/uploads\/Cover-Front-1085x1536.jpg 1085w, https:\/\/www.markus-schall.de\/wp-content\/uploads\/Cover-Front-8x12.jpg 8w\" \/><\/div><span class=\"dpt-thumbnail-aspect-ratio\" style=\"padding-top: 75%\"><\/span><\/div><\/div><div class=\"sub-entry\"><h3 class=\"dpt-title\"><a class=\"dpt-title-link\" href=\"https:\/\/www.markus-schall.de\/it\/2025\/08\/cmd-il-problema-dimenticato-della-medicina-moderna\/\" rel=\"bookmark\">CMD - Il problema dimenticato della medicina moderna<\/a><\/h3><\/div><\/div>\n\t\t\t\t\t\t<\/div><!-- .dpt-entry -->\n\t\t\t\t\t\t\t\t\t\t\t\t<div class=\"dpt-entry has-thumbnail\" data-title=\"leistenbruch verstehen: warum haltung und statik oft entscheidender sind als gedacht\" data-id=\"4355\"  data-category=\"allgemein gesundheit tipps &amp; anleitungen\" data-post_tag=\"buch cmd erfahrungen gesundheit h\u00e4morrhoiden krisen ratgeber\">\n\t\t\t\t\t\t\t<div class=\"dpt-entry-wrapper\"><div class=\"dpt-featured-content\"><div class=\"dpt-permalink\"><a href=\"https:\/\/www.markus-schall.de\/it\/2026\/01\/rompere-gli-schemi-capire-perche-la-postura-e-la-statica-sono-spesso-piu-importanti-del-previsto\/\" class=\"dpt-permalink\"><span class=\"screen-reader-text\">Capire le ernie: Perch\u00e9 la postura e la statica sono spesso pi\u00f9 importanti del previsto<\/span><\/a><\/div><div class=\"dpt-thumbnail\"><div class=\"dpt-thumbnail-inner\"><img width=\"1024\" height=\"683\" class=\"attachment-full size-full\" alt=\"Ernia, postura e tensione\" context=\"dpt\" data-dpt-src=\"https:\/\/www.markus-schall.de\/wp-content\/uploads\/Leistenbruch-Titel.jpg\" data-dpt-sizes=\"(max-width: 1024px) 100vw, 1024px\" data-dpt-srcset=\"https:\/\/www.markus-schall.de\/wp-content\/uploads\/Leistenbruch-Titel.jpg 1024w, https:\/\/www.markus-schall.de\/wp-content\/uploads\/Leistenbruch-Titel-300x200.jpg 300w, https:\/\/www.markus-schall.de\/wp-content\/uploads\/Leistenbruch-Titel-768x512.jpg 768w, https:\/\/www.markus-schall.de\/wp-content\/uploads\/Leistenbruch-Titel-18x12.jpg 18w\" \/><\/div><span class=\"dpt-thumbnail-aspect-ratio\" style=\"padding-top: 75%\"><\/span><\/div><\/div><div class=\"sub-entry\"><h3 class=\"dpt-title\"><a class=\"dpt-title-link\" href=\"https:\/\/www.markus-schall.de\/it\/2026\/01\/rompere-gli-schemi-capire-perche-la-postura-e-la-statica-sono-spesso-piu-importanti-del-previsto\/\" rel=\"bookmark\">Capire le ernie: Perch\u00e9 la postura e la statica sono spesso pi\u00f9 importanti del previsto<\/a><\/h3><\/div><\/div>\n\t\t\t\t\t\t<\/div><!-- .dpt-entry -->\n\t\t\t\t\t\t\t\t\t\t\t\t<div class=\"dpt-entry has-thumbnail\" data-title=\"cmd und neue zahnkrone: wie eine minimale fehlh\u00f6he den k\u00f6rper beeinflusst\" data-id=\"5047\"  data-category=\"allgemein gesundheit\" data-post_tag=\"cmd erfahrungen gesundheit hypersensibilit\u00e4t krisen ratgeber\">\n\t\t\t\t\t\t\t<div class=\"dpt-entry-wrapper\"><div class=\"dpt-featured-content\"><div class=\"dpt-permalink\"><a href=\"https:\/\/www.markus-schall.de\/it\/2026\/02\/cmd-e-la-nuova-corona-dentale-come-un-minimo-disallineamento-influisce-sullorganismo\/\" class=\"dpt-permalink\"><span class=\"screen-reader-text\">CMD e nuove corone dentali: come un minimo disallineamento influisce sull'organismo<\/span><\/a><\/div><div class=\"dpt-thumbnail\"><div class=\"dpt-thumbnail-inner\"><img width=\"1024\" height=\"683\" class=\"attachment-full size-full\" alt=\"CMD e nuova corona dentale\" context=\"dpt\" data-dpt-src=\"https:\/\/www.markus-schall.de\/wp-content\/uploads\/CMD-Schiene-Symptome.jpg\" data-dpt-sizes=\"(max-width: 1024px) 100vw, 1024px\" data-dpt-srcset=\"https:\/\/www.markus-schall.de\/wp-content\/uploads\/CMD-Schiene-Symptome.jpg 1024w, https:\/\/www.markus-schall.de\/wp-content\/uploads\/CMD-Schiene-Symptome-300x200.jpg 300w, https:\/\/www.markus-schall.de\/wp-content\/uploads\/CMD-Schiene-Symptome-768x512.jpg 768w, https:\/\/www.markus-schall.de\/wp-content\/uploads\/CMD-Schiene-Symptome-18x12.jpg 18w\" \/><\/div><span class=\"dpt-thumbnail-aspect-ratio\" style=\"padding-top: 75%\"><\/span><\/div><\/div><div class=\"sub-entry\"><h3 class=\"dpt-title\"><a class=\"dpt-title-link\" href=\"https:\/\/www.markus-schall.de\/it\/2026\/02\/cmd-e-la-nuova-corona-dentale-come-un-minimo-disallineamento-influisce-sullorganismo\/\" rel=\"bookmark\">CMD e nuove corone dentali: come un minimo disallineamento influisce sull'organismo<\/a><\/h3><\/div><\/div>\n\t\t\t\t\t\t<\/div><!-- .dpt-entry -->\n\t\t\t\t\t\t\t\t\t\t\t\t<div class=\"dpt-entry has-thumbnail\" data-title=\"b\u00fccher mit tiefgang zu medizin, pers\u00f6nlichkeit und technik beim m. schall verlag\" data-id=\"2401\"  data-category=\"allgemein b\u00fccher gesellschaft gesundheit\" data-post_tag=\"buch cmd datenbanken krisen pers\u00f6nlichkeitsentwicklung verlag\">\n\t\t\t\t\t\t\t<div class=\"dpt-entry-wrapper\"><div class=\"dpt-featured-content\"><div class=\"dpt-permalink\"><a href=\"https:\/\/www.markus-schall.de\/it\/2025\/07\/libri-di-approfondimento-sulla-personalita-e-la-tecnologia-medica-presso-m-schall-verlag\/\" class=\"dpt-permalink\"><span class=\"screen-reader-text\">Libri di approfondimento su medicina, personalit\u00e0 e tecnologia di M. Schall Verlag<\/span><\/a><\/div><div class=\"dpt-thumbnail\"><div class=\"dpt-thumbnail-inner\"><img width=\"2400\" height=\"1260\" class=\"attachment-full size-full\" alt=\"Schall Verlag - Libri di sostanza\" context=\"dpt\" data-dpt-src=\"https:\/\/www.markus-schall.de\/wp-content\/uploads\/image-sv.jpg\" data-dpt-sizes=\"(max-width: 2400px) 100vw, 2400px\" data-dpt-srcset=\"https:\/\/www.markus-schall.de\/wp-content\/uploads\/image-sv.jpg 2400w, https:\/\/www.markus-schall.de\/wp-content\/uploads\/image-sv-300x158.jpg 300w, https:\/\/www.markus-schall.de\/wp-content\/uploads\/image-sv-1024x538.jpg 1024w, https:\/\/www.markus-schall.de\/wp-content\/uploads\/image-sv-768x403.jpg 768w, https:\/\/www.markus-schall.de\/wp-content\/uploads\/image-sv-1536x806.jpg 1536w, https:\/\/www.markus-schall.de\/wp-content\/uploads\/image-sv-2048x1075.jpg 2048w, https:\/\/www.markus-schall.de\/wp-content\/uploads\/image-sv-18x9.jpg 18w\" \/><\/div><span class=\"dpt-thumbnail-aspect-ratio\" style=\"padding-top: 75%\"><\/span><\/div><\/div><div class=\"sub-entry\"><h3 class=\"dpt-title\"><a class=\"dpt-title-link\" href=\"https:\/\/www.markus-schall.de\/it\/2025\/07\/libri-di-approfondimento-sulla-personalita-e-la-tecnologia-medica-presso-m-schall-verlag\/\" rel=\"bookmark\">Libri di approfondimento su medicina, personalit\u00e0 e tecnologia di M. Schall Verlag<\/a><\/h3><\/div><\/div>\n\t\t\t\t\t\t<\/div><!-- .dpt-entry -->\n\t\t\t\t\t\t\n\t\t\t\t<\/div>\n\t\t\t\t\t\t<\/div>\n\t\t\t\n<hr \/>\n<h2>Domande frequenti<\/h2>\n<ol>\n<li><strong>Che cos'\u00e8 la sensibilit\u00e0 chimica multipla (MCS)?<\/strong><br \/>\nL'MCS descrive una spiccata sensibilit\u00e0 alle sostanze chimiche, spesso anche in concentrazioni molto basse. Le persone colpite reagiscono, ad esempio, a odori, detergenti, solventi, profumi o vapori di nuovi materiali. I sintomi sono vari e vanno da mal di testa, vertigini e giramenti di testa a palpitazioni, problemi di concentrazione o forte irrequietezza interiore. L'MCS non \u00e8 tanto una malattia chiaramente definita quanto un insieme complesso di sintomi.<\/li>\n<li><strong>Perch\u00e9 l'MCS \u00e8 cos\u00ec difficile da classificare dal punto di vista medico?<\/strong><br \/>\nL'MCS non rientra in un'unica specialit\u00e0 medica. La medicina ambientale, la neurologia, la psicosomatica e altre discipline considerano solo aspetti parziali. Spesso mancano misurazioni chiare o marcatori oggettivi. Ci\u00f2 crea una zona grigia in cui le persone colpite hanno spesso la sensazione di non essere prese sul serio e di essere spinte avanti e indietro tra diversi modelli esplicativi.<\/li>\n<li><strong>I sintomi dell'MCS sono immaginari o psicosomatici?<\/strong><br \/>\nI sintomi sono reali. Tuttavia, \u00e8 fondamentale rendersi conto che \u201ementale\u201c e \u201efisico\u201c non sono opposti. Gli stimoli vengono sempre elaborati attraverso il sistema nervoso. Se questo sistema \u00e8 sovraccarico o disregolato, si possono sviluppare sintomi fisici reali, anche senza avvelenamenti o danni tissutali misurabili. Questo non significa immaginazione, ma un'alterazione dell'elaborazione degli stimoli.<\/li>\n<li><strong>Quale ruolo svolge il sistema nervoso nell'MCS?<\/strong><br \/>\nIl sistema nervoso decide se uno stimolo \u00e8 da considerarsi innocuo o pericoloso. Se \u00e8 costantemente in allerta, reagisce pi\u00f9 velocemente e pi\u00f9 intensamente. Molti sintomi dell'MCS possono essere intesi come espressione di un'eccessiva elaborazione degli stimoli. Il sistema nervoso funge da centralino tra l'ambiente, il corpo e la percezione.<\/li>\n<li><strong>Perch\u00e9 alcune persone reagiscono in modo estremamente sensibile a sostanze che altre tollerano senza problemi?<\/strong><br \/>\nLa differenza decisiva non risiede necessariamente nella sostanza in s\u00e9, ma nello stato del sistema che la elabora. Lo stress, la tensione permanente, la mancanza di rigenerazione o la tensione funzionale possono ridurre notevolmente la soglia dello stimolo. In questo stato, anche uno stimolo debole viene percepito come una minaccia e scatena i sintomi.<\/li>\n<li><strong>Che cosa significa \u201edisregolazione vegetativa\u201c in relazione all'MCS?<\/strong><br \/>\nIl sistema nervoso autonomo controlla inconsciamente processi come il battito cardiaco, la respirazione, la tensione muscolare e il rilassamento. In molte persone affette da MCS, la modalit\u00e0 di attivazione \u00e8 permanentemente predominante. Il corpo non si riposa quasi mai. Questa tensione costante li rende sensibili a ulteriori stimoli e intensifica i disturbi esistenti.<\/li>\n<li><strong>Che cos'\u00e8 la CMD (disfunzione craniomandibolare)?<\/strong><br \/>\nLa CMD \u00e8 un disturbo funzionale nell'interazione tra le articolazioni temporo-mandibolari, i denti, i muscoli masticatori, il cranio e le catene muscolari vicine. Non sempre si manifesta direttamente come dolore alla mandibola, ma spesso indirettamente attraverso mal di testa, tensione al collo, acufeni o digrignamento dei denti. La CMD \u00e8 molto diffusa e spesso non viene riconosciuta per anni.<\/li>\n<li><strong>Perch\u00e9 la CMD spesso non viene individuata?<\/strong><br \/>\nLa CMD raramente causa sintomi chiari e isolati. Al contrario, ci sono molti disturbi non specifici che vengono attribuiti a diversi specialisti. Senza una diagnosi mirata, spesso la mandibola non viene considerata come causa o fattore contribuente. Di conseguenza, lo stress funzionale persiste e pu\u00f2 influenzare altri sistemi.<\/li>\n<li><strong>Qual \u00e8 il legame tra la CMD e il sistema nervoso?<\/strong><br \/>\nLa mandibola \u00e8 strettamente collegata a importanti strutture nervose, in particolare al nervo trigemino. Una tensione permanente o un carico scorretto nella zona della mandibola inviano continuamente stimoli al sistema nervoso centrale. Questo pu\u00f2 contribuire a un'attivazione permanente e ad aumentare la sensibilit\u00e0 generale agli stimoli.<\/li>\n<li><strong>Quali sono i sintomi che possono indicare un disturbo CMD?<\/strong><br \/>\nI sintomi tipici sono acufeni, digrignamento o serramento dei denti, dolore al collo e alle spalle, mal di testa, mal di schiena, scatto della mandibola o una costante sensazione di tensione. Se questi sintomi si aggiungono alla sensibilit\u00e0 chimica, una valutazione CMD \u00e8 particolarmente utile.<\/li>\n<li><strong>Il CMD pu\u00f2 causare da solo l'MCS?<\/strong><br \/>\nLa CMD non \u00e8 di solito l'unica causa dell'MCS. Tuttavia, pu\u00f2 agire da amplificatore. Aumenta la tensione di base in un sistema gi\u00e0 sensibile e abbassa la soglia degli stimoli. Di conseguenza, gli stimoli ambientali possono essere percepiti con maggiore intensit\u00e0 e i sintomi possono scatenarsi pi\u00f9 facilmente.<\/li>\n<li><strong>Perch\u00e9 la diagnostica CMD pu\u00f2 essere utile per chi soffre di MCS?<\/strong><br \/>\nLa diagnostica CMD fornisce risultati verificabili e fisicamente tangibili. Fornisce chiarezza sugli stress funzionali che in precedenza potevano essere trascurati. Per molte persone che ne soffrono, questo \u00e8 un passo importante per allontanarsi dalla sensazione di impotenza verso un quadro generale comprensibile.<\/li>\n<li><strong>Una diagnosi di CMD significa automaticamente una soluzione all'MCS?<\/strong><br \/>\nNo. La diagnostica CMD non \u00e8 una panacea. \u00c8 un tassello di un quadro complesso. Il vantaggio \u00e8 che offre un approccio concreto che pu\u00f2 essere trattato e monitorato nel tempo. Questa chiarezza \u00e8 spesso un sollievo per il sistema nervoso.<\/li>\n<li><strong>Perch\u00e9 spesso non \u00e8 sufficiente concentrarsi sulla disintossicazione o sull'eliminazione?<\/strong><br \/>\nGli approcci di disintossicazione si concentrano sulle sostanze esterne, ma non spiegano perch\u00e9 il corpo reagisce in modo cos\u00ec sensibile. Se non si tiene conto del sistema nervoso, la tensione di base rimane. Questo pu\u00f2 portare al fatto che, nonostante le numerose misure, non si ottiene quasi nessun miglioramento duraturo e l'attenzione diventa sempre pi\u00f9 ristretta.<\/li>\n<li><strong>Che ruolo hanno i sintomi ritardati nell'MCS?<\/strong><br \/>\nMolti sintomi dell'MCS non si manifestano immediatamente dopo uno stimolo, ma ore o giorni dopo. Questo rende molto pi\u00f9 difficile la loro classificazione. Di conseguenza, chi ne \u00e8 affetto pu\u00f2 facilmente perdere il filo e sentirsi in balia dei sintomi. L'auto-osservazione strutturata pu\u00f2 aiutare a riconoscere gli schemi.<\/li>\n<li><strong>In che modo l'autoriflessione pu\u00f2 aiutare con l'MCS?<\/strong><br \/>\nL'osservazione sistematica di stress, sintomi e relazioni temporali fornisce chiarezza. Gli strumenti moderni, come le conversazioni supportate dall'intelligenza artificiale o le note strutturate, possono aiutare a rendere visibili connessioni che altrimenti passerebbero inosservate nella vita quotidiana. Questo non sostituisce la diagnostica, ma \u00e8 un'utile integrazione.<\/li>\n<li><strong>Quando \u00e8 opportuno che le persone affette da MCS consultino uno specialista in CMD?<\/strong><br \/>\nQuesto \u00e8 particolarmente vero quando, oltre alla sensibilit\u00e0 chimica, si manifestano altri sintomi come acufeni, digrignamento dei denti, dolore alla mascella, al collo o alla schiena. In questi casi, molti elementi suggeriscono che i fattori funzionali giocano un ruolo importante. Una diagnosi unica e ben fondata pu\u00f2 fornire informazioni preziose in questo caso.<\/li>\n<li><strong>Quale atteggiamento \u00e8 utile per affrontare l'MCS a lungo termine?<\/strong><br \/>\n\u00c8 fondamentale non impegnarsi in un'unica spiegazione e non scoraggiarsi. L'MCS richiede pazienza, apertura e una visione delle interrelazioni. Pensare al sistema nervoso, allo stress funzionale e ai modelli individuali offre una reale possibilit\u00e0 di orientamento, e l'orientamento \u00e8 spesso il primo passo verso un sensibile sollievo.<\/li>\n<\/ol>\n<hr \/>\n\n\t\t\t<div class=\"display-post-types\">\n\n\t\t\t\t\t\t\t<style type=\"text\/css\">\n\t\t\t#dpt-wrapper-561 { --dpt-text-align: left;--dpt-image-crop: center;--dpt-border-radius: 5px;--dpt-h-gutter: 10px;--dpt-v-gutter: 9px; }\t\t\t<\/style>\n\t\t\t<style type=\"text\/css\">#dpt-wrapper-561 { --dpt-title-font-style:normal;--dpt-title-font-weight:600;--dpt-title-line-height:1.5;--dpt-title-text-decoration:none;--dpt-title-text-transform:none;--dpt-excerpt-font-style:normal;--dpt-excerpt-font-weight:400;--dpt-excerpt-line-height:1.5;--dpt-excerpt-text-decoration:none;--dpt-excerpt-text-transform:none;--dpt-meta1-font-style:normal;--dpt-meta1-font-weight:400;--dpt-meta1-line-height:1.9;--dpt-meta1-text-decoration:none;--dpt-meta1-text-transform:none;--dpt-meta2-font-style:normal;--dpt-meta2-font-weight:400;--dpt-meta2-line-height:1.9;--dpt-meta2-text-decoration:none;--dpt-meta2-text-transform:none; }<\/style><div class=\"dpt-main-header\">\n\t\t\t\t\t\t<div class=\"dpt-main-title\">\n\t\t\t\t\t\t\t<span class=\"dpt-main-title-text\">Articoli attuali su arte e cultura<\/span>\n\t\t\t\t\t\t<\/div>\n\t\t\t\t\t\t\n\t\t\t\t\t\t\n\t\t\t\t\t\t\n\t\t\t\t\t\t<\/div>\t\t\t\n\t\t\t\t<div id=\"dpt-wrapper-561\" class=\"dpt-wrapper dpt-mag1 land1 dpt-cropped dpt-flex-wrap\" >\n\n\t\t\t\t\t\t\t\t\t\t\t<div class=\"dpt-entry has-thumbnail\" data-title=\"iran verstehen: alltag, proteste und interessen jenseits der schlagzeilen\" data-id=\"4462\"  data-category=\"allgemein gesellschaft kunst &amp; kultur\" data-post_tag=\"erfahrungen europa geopolitik krisen meinungsfreiheit sicherheitspolitik spieltheorie\">\n\t\t\t\t\t\t\t<div class=\"dpt-entry-wrapper\"><div class=\"dpt-featured-content\"><div class=\"dpt-permalink\"><a href=\"https:\/\/www.markus-schall.de\/it\/2026\/01\/capire-la-vita-quotidiana-delliran-proteste-e-interessi-oltre-i-titoli-dei-giornali\/\" class=\"dpt-permalink\"><span class=\"screen-reader-text\">Capire l'Iran: Vita quotidiana, proteste e interessi oltre i titoli dei giornali<\/span><\/a><\/div><div class=\"dpt-thumbnail\"><div class=\"dpt-thumbnail-inner\"><img width=\"1024\" height=\"683\" class=\"attachment-full size-full\" alt=\"Capire l&#039;Iran\" context=\"dpt\" data-dpt-src=\"https:\/\/www.markus-schall.de\/wp-content\/uploads\/Iran-Titel.jpg\" data-dpt-sizes=\"(max-width: 1024px) 100vw, 1024px\" data-dpt-srcset=\"https:\/\/www.markus-schall.de\/wp-content\/uploads\/Iran-Titel.jpg 1024w, https:\/\/www.markus-schall.de\/wp-content\/uploads\/Iran-Titel-300x200.jpg 300w, https:\/\/www.markus-schall.de\/wp-content\/uploads\/Iran-Titel-768x512.jpg 768w, https:\/\/www.markus-schall.de\/wp-content\/uploads\/Iran-Titel-18x12.jpg 18w\" \/><\/div><span class=\"dpt-thumbnail-aspect-ratio\" style=\"padding-top: 75%\"><\/span><\/div><\/div><div class=\"sub-entry\"><h3 class=\"dpt-title\"><a class=\"dpt-title-link\" href=\"https:\/\/www.markus-schall.de\/it\/2026\/01\/capire-la-vita-quotidiana-delliran-proteste-e-interessi-oltre-i-titoli-dei-giornali\/\" rel=\"bookmark\">Capire l'Iran: Vita quotidiana, proteste e interessi oltre i titoli dei giornali<\/a><\/h3><\/div><\/div>\n\t\t\t\t\t\t<\/div><!-- .dpt-entry -->\n\t\t\t\t\t\t\t\t\t\t\t\t<div class=\"dpt-entry has-thumbnail\" data-title=\"dieter hallervorden \u2013 mehr als didi: portr\u00e4t eines unbequemen freigeists\" data-id=\"4347\"  data-category=\"gesellschaft kunst &amp; kultur stories &amp; humor\" data-post_tag=\"erfahrungen meinungsfreiheit musik portrait\">\n\t\t\t\t\t\t\t<div class=\"dpt-entry-wrapper\"><div class=\"dpt-featured-content\"><div class=\"dpt-permalink\"><a href=\"https:\/\/www.markus-schall.de\/it\/2026\/01\/dieter-hallervorden-piu-di-didi-ritratto-di-uno-spirito-libero-a-disagio\/\" class=\"dpt-permalink\"><span class=\"screen-reader-text\">Dieter Hallervorden - Pi\u00f9 che Didi: ritratto di uno spirito libero a disagio<\/span><\/a><\/div><div class=\"dpt-thumbnail\"><div class=\"dpt-thumbnail-inner\"><img width=\"1024\" height=\"683\" class=\"attachment-full size-full\" alt=\"Dieter Hallervorden e la W\u00fchlm\u00e4use di Berlino\" context=\"dpt\" data-dpt-src=\"https:\/\/www.markus-schall.de\/wp-content\/uploads\/Dieter-Hallvervorden-Wuehlmaeuse.jpg\" data-dpt-sizes=\"(max-width: 1024px) 100vw, 1024px\" data-dpt-srcset=\"https:\/\/www.markus-schall.de\/wp-content\/uploads\/Dieter-Hallvervorden-Wuehlmaeuse.jpg 1024w, https:\/\/www.markus-schall.de\/wp-content\/uploads\/Dieter-Hallvervorden-Wuehlmaeuse-300x200.jpg 300w, https:\/\/www.markus-schall.de\/wp-content\/uploads\/Dieter-Hallvervorden-Wuehlmaeuse-768x512.jpg 768w, https:\/\/www.markus-schall.de\/wp-content\/uploads\/Dieter-Hallvervorden-Wuehlmaeuse-18x12.jpg 18w\" \/><\/div><span class=\"dpt-thumbnail-aspect-ratio\" style=\"padding-top: 75%\"><\/span><\/div><\/div><div class=\"sub-entry\"><h3 class=\"dpt-title\"><a class=\"dpt-title-link\" href=\"https:\/\/www.markus-schall.de\/it\/2026\/01\/dieter-hallervorden-piu-di-didi-ritratto-di-uno-spirito-libero-a-disagio\/\" rel=\"bookmark\">Dieter Hallervorden - Pi\u00f9 che Didi: ritratto di uno spirito libero a disagio<\/a><\/h3><\/div><\/div>\n\t\t\t\t\t\t<\/div><!-- .dpt-entry -->\n\t\t\t\t\t\t\t\t\t\t\t\t<div class=\"dpt-entry has-thumbnail\" data-title=\"gr\u00f6nland, trump und die frage der zugeh\u00f6rigkeit: geschichte, recht und realit\u00e4t\" data-id=\"4325\"  data-category=\"allgemein gesellschaft kunst &amp; kultur\" data-post_tag=\"europa geopolitik krisen meinungsfreiheit sicherheitspolitik spieltheorie\">\n\t\t\t\t\t\t\t<div class=\"dpt-entry-wrapper\"><div class=\"dpt-featured-content\"><div class=\"dpt-permalink\"><a href=\"https:\/\/www.markus-schall.de\/it\/2026\/01\/groenland-trump-e-la-questione-dellappartenenza-storia-diritto-e-realta\/\" class=\"dpt-permalink\"><span class=\"screen-reader-text\">Groenlandia, Trump e la questione dell'appartenenza: storia, diritto e realt\u00e0<\/span><\/a><\/div><div class=\"dpt-thumbnail\"><div class=\"dpt-thumbnail-inner\"><img width=\"1024\" height=\"683\" class=\"attachment-full size-full\" alt=\"La Groenlandia nel mirino: USA e Trump\" context=\"dpt\" data-dpt-src=\"https:\/\/www.markus-schall.de\/wp-content\/uploads\/Groenland-USA-Trump-Titel.jpg\" data-dpt-sizes=\"(max-width: 1024px) 100vw, 1024px\" data-dpt-srcset=\"https:\/\/www.markus-schall.de\/wp-content\/uploads\/Groenland-USA-Trump-Titel.jpg 1024w, https:\/\/www.markus-schall.de\/wp-content\/uploads\/Groenland-USA-Trump-Titel-300x200.jpg 300w, https:\/\/www.markus-schall.de\/wp-content\/uploads\/Groenland-USA-Trump-Titel-768x512.jpg 768w, https:\/\/www.markus-schall.de\/wp-content\/uploads\/Groenland-USA-Trump-Titel-18x12.jpg 18w\" \/><\/div><span class=\"dpt-thumbnail-aspect-ratio\" style=\"padding-top: 75%\"><\/span><\/div><\/div><div class=\"sub-entry\"><h3 class=\"dpt-title\"><a class=\"dpt-title-link\" href=\"https:\/\/www.markus-schall.de\/it\/2026\/01\/groenland-trump-e-la-questione-dellappartenenza-storia-diritto-e-realta\/\" rel=\"bookmark\">Groenlandia, Trump e la questione dell'appartenenza: storia, diritto e realt\u00e0<\/a><\/h3><\/div><\/div>\n\t\t\t\t\t\t<\/div><!-- .dpt-entry -->\n\t\t\t\t\t\t\t\t\t\t\t\t<div class=\"dpt-entry has-thumbnail\" data-title=\"propaganda: geschichte, methoden, moderne formen und wie man sie erkennt\" data-id=\"4229\"  data-category=\"allgemein gesellschaft kunst &amp; kultur\" data-post_tag=\"denkmodelle energiepolitik europa geopolitik krisen meinungsfreiheit pers\u00f6nlichkeitsentwicklung sicherheitspolitik spieltheorie\">\n\t\t\t\t\t\t\t<div class=\"dpt-entry-wrapper\"><div class=\"dpt-featured-content\"><div class=\"dpt-permalink\"><a href=\"https:\/\/www.markus-schall.de\/it\/2026\/01\/storia-della-propaganda-metodi-forme-moderne-e-come-riconoscerle\/\" class=\"dpt-permalink\"><span class=\"screen-reader-text\">Propaganda: storia, metodi, forme moderne e come riconoscerle<\/span><\/a><\/div><div class=\"dpt-thumbnail\"><div class=\"dpt-thumbnail-inner\"><img width=\"1024\" height=\"683\" class=\"attachment-full size-full\" alt=\"Che cos&#039;\u00e8 la propaganda?\" context=\"dpt\" data-dpt-src=\"https:\/\/www.markus-schall.de\/wp-content\/uploads\/Propaganda-titel.jpg\" data-dpt-sizes=\"(max-width: 1024px) 100vw, 1024px\" data-dpt-srcset=\"https:\/\/www.markus-schall.de\/wp-content\/uploads\/Propaganda-titel.jpg 1024w, https:\/\/www.markus-schall.de\/wp-content\/uploads\/Propaganda-titel-300x200.jpg 300w, https:\/\/www.markus-schall.de\/wp-content\/uploads\/Propaganda-titel-768x512.jpg 768w, https:\/\/www.markus-schall.de\/wp-content\/uploads\/Propaganda-titel-18x12.jpg 18w\" \/><\/div><span class=\"dpt-thumbnail-aspect-ratio\" style=\"padding-top: 75%\"><\/span><\/div><\/div><div class=\"sub-entry\"><h3 class=\"dpt-title\"><a class=\"dpt-title-link\" href=\"https:\/\/www.markus-schall.de\/it\/2026\/01\/storia-della-propaganda-metodi-forme-moderne-e-come-riconoscerle\/\" rel=\"bookmark\">Propaganda: storia, metodi, forme moderne e come riconoscerle<\/a><\/h3><\/div><\/div>\n\t\t\t\t\t\t<\/div><!-- .dpt-entry -->\n\t\t\t\t\t\t\n\t\t\t\t<\/div>\n\t\t\t\t\t\t<\/div>\n\t\t\t\n<hr \/>","protected":false},"excerpt":{"rendered":"<p>Scrivo questo articolo non come medico, non come professionista della salute ambientale e non come \u201eesperto\u201c nel senso tradizionale del termine, ma per esperienza diretta. Ho avuto a che fare con sensibilit\u00e0 chimiche per circa cinque o sei anni - a volte pi\u00f9 forti, a volte pi\u00f9 deboli, ma chiaramente evidenti per lunghi periodi di tempo. Guardando indietro, tutto \u00e8 iniziato con me ... <a title=\"Propaganda: storia, metodi, forme moderne e come riconoscerle\" class=\"read-more\" href=\"https:\/\/www.markus-schall.de\/it\/2026\/01\/storia-della-propaganda-metodi-forme-moderne-e-come-riconoscerle\/\" aria-label=\"Per saperne di pi\u00f9 su Propaganda: storia, metodi, forme moderne e come riconoscerle\">Leggi tutto<\/a><\/p>","protected":false},"author":1,"featured_media":4148,"comment_status":"open","ping_status":"open","sticky":false,"template":"","format":"standard","meta":{"iawp_total_views":624,"footnotes":""},"categories":[1,456],"tags":[425,439,458,447,464,462],"class_list":["post-4133","post","type-post","status-publish","format-standard","has-post-thumbnail","hentry","category-allgemein","category-gesundheit","tag-buch","tag-cmd","tag-erfahrungen","tag-gesundheit","tag-hypersensibilitaet","tag-mcs"],"_links":{"self":[{"href":"https:\/\/www.markus-schall.de\/it\/wp-json\/wp\/v2\/posts\/4133","targetHints":{"allow":["GET"]}}],"collection":[{"href":"https:\/\/www.markus-schall.de\/it\/wp-json\/wp\/v2\/posts"}],"about":[{"href":"https:\/\/www.markus-schall.de\/it\/wp-json\/wp\/v2\/types\/post"}],"author":[{"embeddable":true,"href":"https:\/\/www.markus-schall.de\/it\/wp-json\/wp\/v2\/users\/1"}],"replies":[{"embeddable":true,"href":"https:\/\/www.markus-schall.de\/it\/wp-json\/wp\/v2\/comments?post=4133"}],"version-history":[{"count":11,"href":"https:\/\/www.markus-schall.de\/it\/wp-json\/wp\/v2\/posts\/4133\/revisions"}],"predecessor-version":[{"id":5842,"href":"https:\/\/www.markus-schall.de\/it\/wp-json\/wp\/v2\/posts\/4133\/revisions\/5842"}],"wp:featuredmedia":[{"embeddable":true,"href":"https:\/\/www.markus-schall.de\/it\/wp-json\/wp\/v2\/media\/4148"}],"wp:attachment":[{"href":"https:\/\/www.markus-schall.de\/it\/wp-json\/wp\/v2\/media?parent=4133"}],"wp:term":[{"taxonomy":"category","embeddable":true,"href":"https:\/\/www.markus-schall.de\/it\/wp-json\/wp\/v2\/categories?post=4133"},{"taxonomy":"post_tag","embeddable":true,"href":"https:\/\/www.markus-schall.de\/it\/wp-json\/wp\/v2\/tags?post=4133"}],"curies":[{"name":"wp","href":"https:\/\/api.w.org\/{rel}","templated":true}]}}